{"id":96341,"date":"2026-08-28T17:12:25","date_gmt":"2026-08-28T17:12:25","guid":{"rendered":"https:\/\/elithair.com\/uk\/blog\/hair-loss-back-of-head\/"},"modified":"2026-08-28T17:12:25","modified_gmt":"2026-08-28T17:12:25","slug":"hair-loss-back-of-head","status":"publish","type":"post","link":"https:\/\/elithair.com\/uk\/blog\/hair-loss-back-of-head\/","title":{"rendered":"Hair Loss on the Back of the Head: Whorl, Bald Patch or Another Cause?"},"content":{"rendered":"\n<div style=\"border-left:4px solid #0079F1;padding:0 0 0 14px;margin:0 0 26px\">\n<p style=\"margin:0 0 14px;color:#2e3033;font-size:17px;line-height:1.65\">Hair loss at the back of the head is the last thing you notice yourself, usually in a holiday photo or because someone else says something. What tells you the cause is <strong>exactly where<\/strong> the hair is thinning: around the whorl, the cause is usually androgenetic alopecia, meaning hereditary hair loss. A thinning patch develops, the scalp starts to show through, and over the years the area grows into a tonsure. On the lower back of the head and at the nape, this particular type of hair loss is atypical, because that zone is resistant to the hormone DHT. Many men are affected: according to the NHS, up to 80% of men show some degree of hair loss by the age of 70. This article sorts out what you are seeing zone by zone, from the <a href=\"\/uk\/blog\/norwood-scale-hair-loss\/\">Norwood stages<\/a> to the question of what actually helps at the whorl.<\/p>\n<p style=\"margin:0 0 8px;color:#013366;font-weight:700;font-size:16px\">Key takeaways<\/p>\n<ul style=\"margin:0 0 14px;padding:0;color:#2e3033;list-style:none\">\n<li style=\"position:relative;padding:3px 0 3px 24px\"><span style=\"position:absolute;left:0;top:3px;color:#0079F1;font-weight:700\">&#10003;<\/span>The vertex, meaning the upper back of the head around the whorl, is a core zone of hereditary hair loss and is classified using the Norwood stages<\/li>\n<li style=\"position:relative;padding:3px 0 3px 24px\"><span style=\"position:absolute;left:0;top:3px;color:#0079F1;font-weight:700\">&#10003;<\/span>On the lower back of the head and at the nape, hereditary hair loss is atypical; alopecia areata, tension and pressure are the more common explanations there<\/li>\n<li style=\"position:relative;padding:3px 0 3px 24px\"><span style=\"position:absolute;left:0;top:3px;color:#0079F1;font-weight:700\">&#10003;<\/span>A whorl itself never goes bald; it only looks more open. What counts is the hair density at the edge and the trend over three to six months<\/li>\n<li style=\"position:relative;padding:3px 0 3px 24px\"><span style=\"position:absolute;left:0;top:3px;color:#0079F1;font-weight:700\">&#10003;<\/span>In women, the back of the head is usually spared by hereditary hair loss; there it is the centre parting that thins (Ludwig pattern)<\/li>\n<\/ul>\n<p style=\"margin:0;color:#2e3033\">The table of contents shows what you will find where. After that we go into detail zone by zone, with a self-check, the Norwood stages and a sober look at the treatments.<\/p>\n<\/div>\n\n\n\n<h2 class=\"wp-block-heading\" id=\"definition\">What is hair loss at the back of the head?<\/h2>\n\n\n\n<p class=\"wp-block-paragraph\"><strong>Hair loss at the back of the head<\/strong> is often a classic sign of androgenetic alopecia, meaning hereditary hair loss. It is by far the most common form of hair loss in men: in the United States, 53% of men aged 40 to 49 show a moderate to severe form, and after the age of 80 nearly all men do (review \u201cMale Androgenetic Alopecia\u201d, Endotext\/NCBI).<sup>[2]<\/sup> At the start, the loss usually shows up around the forehead and temples, which is how a receding hairline at the temples develops.<\/p>\n\n\n\n<p class=\"wp-block-paragraph\">As things progress, <a href=\"\/uk\/blog\/alopecia-causes-and-treatments\/\">hair loss<\/a> can increasingly shift to the back of the head. A small thinning patch appears there first, gets larger over time and can turn into what is known as a <strong>tonsure<\/strong> or monk&#8217;s bald spot. The term comes from the shaved patch on the top of the head worn by medieval monks. Characteristically, a ring-shaped rim of hair remains.<\/p>\n\n\n\n<p class=\"wp-block-paragraph\">Bald patches at the back of the head can have other causes as well. In <a href=\"\/uk\/blog\/alopecia-areata\/\">alopecia areata (patchy hair loss)<\/a> hair is lost too, but not limited to one particular region; it can appear at various spots on the head. The lifetime risk of this is around 2% (Lintzeri et al., JDDG 2022).<sup>[6]<\/sup><\/p>\n\n\n\n<p class=\"wp-block-paragraph\">Because the causes differ and the course varies, having it clarified by a doctor early on makes sense. Above all, androgenetic hair loss keeps progressing if left untreated and will not stop on its own.<\/p>\n\n\n\n<h2 class=\"wp-block-heading\">Where exactly at the back of the head? The zone points to the cause<\/h2>\n\n\n\n<p class=\"wp-block-paragraph\">With hair loss at the back of the head, the zone points to the cause: the <strong>vertex<\/strong>, meaning the upper back of the head around the whorl, is androgen-sensitive and therefore the classic zone of hereditary hair loss. The lower back of the head and the nape, technically the <strong>occipital zone<\/strong>, are considered DHT-resistant. That is precisely why this area serves in a hair transplant as the donor area at the back of the head.<\/p>\n\n\n\n<p class=\"wp-block-paragraph\">The mechanism behind this is called <strong>donor dominance<\/strong>. In 1959, Norman Orentreich described how a transplanted hair follicle keeps its genetic properties wherever it is moved. Sensitivity to dihydrotestosterone (DHT) therefore sits in the follicle itself, not in the scalp. Modern review articles on calculating the donor area confirm this principle as the basis of hair transplantation.<sup>[4]<\/sup><\/p>\n\n\n\n<p class=\"wp-block-paragraph\">Two things follow from that. First, the rim of hair stays in place while the vertex thins, and an occipital follicle keeps growing at the whorl. Second, hair loss <strong>at the nape<\/strong> is a reason to look more closely, and not a reason to assume it is \u201chereditary\u201d: there, alopecia areata, tension, pressure and inflammatory forms are the more realistic explanations.<\/p>\n\n\n<div class=\"wp-block-image\">\n<figure class=\"aligncenter size-large is-resized\" style=\"max-width:720px;margin-left:auto;margin-right:auto\"><img decoding=\"async\" src=\"https:\/\/elithair.com\/uk\/wp-content\/uploads\/sites\/3\/2026\/08\/zonen_landkarte_hinterkopf__uk.png\" alt=\"Zones of the back of the head: vertex with whorl, occipital donor area and nape with their typical causes\" class=\"wp-image-96602\" style=\"width:720px;max-width:100%;height:auto\"\/><\/figure>\n<\/div>\n\n\n<style>\n@media (max-width:640px){\n.rt-table-wrap{overflow-x:visible!important;border:0!important;border-radius:0!important}\n.rt-table{min-width:0!important}\n.rt-table thead{display:none}\n.rt-table,.rt-table tbody,.rt-table tr,.rt-table td{display:block;width:100%}\n.rt-table caption{display:block;padding:0 0 12px!important}\n.rt-table tr{margin:0 0 12px;border:1px solid #dbe4f0;border-radius:10px;overflow:hidden}\n.rt-table tr:last-child{margin-bottom:0}\n.rt-table td{display:flex!important;flex-direction:column;gap:3px;padding:12px 14px!important;\nborder:0!important;border-bottom:1px solid #e3e8ef!important;background:#ffffff!important}\n.rt-table tr td:last-child{border-bottom:0!important}\n.rt-table td::before{content:attr(data-label);font-size:12px;font-weight:700;letter-spacing:.04em;\ntext-transform:uppercase;color:#5799F1}\n.rt-table td:not([data-label])::before,.rt-table td[data-label=\"\"]::before{display:none}\n}\n<\/style>\n<div class=\"rt-table-wrap\" style=\"overflow-x:auto;-webkit-overflow-scrolling:touch;margin:28px 0;border:1px solid #dbe4f0;border-radius:12px\">\n  <table class=\"rt-table\" style=\"width:100%;min-width:660px;table-layout:fixed;border-collapse:separate;border-spacing:0;font-size:15px;margin:0\">\n    <caption style=\"caption-side:top;text-align:left;color:#003366;font-weight:700;font-size:16px;line-height:1.35;padding:14px 16px 10px;background:#ffffff\">Where hair is missing at the back of the head says a lot about the cause<\/caption>\n    <thead>\n      <tr>\n        <th style=\"width:22%;background:#003366;color:#ffffff;font-weight:700;text-align:left;vertical-align:middle;padding:13px 16px;font-size:15px;line-height:1.4;border:0;overflow-wrap:break-word\">Zone at the back of the head<\/th>\n        <th style=\"background:#003366;color:#ffffff;font-weight:700;text-align:left;vertical-align:middle;padding:13px 16px;font-size:15px;line-height:1.4;border:0;overflow-wrap:break-word\">What you see<\/th>\n        <th style=\"background:#003366;color:#ffffff;font-weight:700;text-align:left;vertical-align:middle;padding:13px 16px;font-size:15px;line-height:1.4;border:0;overflow-wrap:break-word\">Most common explanation<\/th>\n        <th style=\"background:#003366;color:#ffffff;font-weight:700;text-align:left;vertical-align:middle;padding:13px 16px;font-size:15px;line-height:1.4;border:0;overflow-wrap:break-word\">Next step<\/th>\n      <\/tr>\n    <\/thead>\n    <tbody>\n      <tr>\n        <td data-label=\"Zone at the back of the head\" style=\"background:#ffffff;color:#003366;font-weight:700;text-align:left;vertical-align:top;padding:13px 16px;font-size:15px;line-height:1.55;border:0;border-bottom:1px solid #e3e8ef;overflow-wrap:break-word\">Vertex and whorl area (upper back of the head)<\/td>\n        <td data-label=\"What you see\" style=\"background:#ffffff;color:#22303e;font-weight:400;text-align:left;vertical-align:top;padding:13px 16px;font-size:15px;line-height:1.55;border:0;border-bottom:1px solid #e3e8ef;overflow-wrap:break-word\">Scalp shows through around the whorl, the area slowly grows over months, short fine hairs in between<\/td>\n        <td data-label=\"Most common explanation\" style=\"background:#ffffff;color:#22303e;font-weight:400;text-align:left;vertical-align:top;padding:13px 16px;font-size:15px;line-height:1.55;border:0;border-bottom:1px solid #e3e8ef;overflow-wrap:break-word\">Androgenetic alopecia, vertex type (Norwood II to V)<\/td>\n        <td data-label=\"Next step\" style=\"background:#ffffff;color:#22303e;font-weight:400;text-align:left;vertical-align:top;padding:13px 16px;font-size:15px;line-height:1.55;border:0;border-bottom:1px solid #e3e8ef;overflow-wrap:break-word\">Determine the Norwood stage, document the course photographically, consider conservative therapy<\/td>\n      <\/tr>\n      <tr>\n        <td data-label=\"Zone at the back of the head\" style=\"background:#f6f9fc;color:#003366;font-weight:700;text-align:left;vertical-align:top;padding:13px 16px;font-size:15px;line-height:1.55;border:0;border-bottom:1px solid #e3e8ef;overflow-wrap:break-word\">Transition from vertex to the top of the head<\/td>\n        <td data-label=\"What you see\" style=\"background:#f6f9fc;color:#22303e;font-weight:400;text-align:left;vertical-align:top;padding:13px 16px;font-size:15px;line-height:1.55;border:0;border-bottom:1px solid #e3e8ef;overflow-wrap:break-word\">A thinning strip connecting the whorl and the parting region<\/td>\n        <td data-label=\"Most common explanation\" style=\"background:#f6f9fc;color:#22303e;font-weight:400;text-align:left;vertical-align:top;padding:13px 16px;font-size:15px;line-height:1.55;border:0;border-bottom:1px solid #e3e8ef;overflow-wrap:break-word\">Progressing androgenetic alopecia<\/td>\n        <td data-label=\"Next step\" style=\"background:#f6f9fc;color:#22303e;font-weight:400;text-align:left;vertical-align:top;padding:13px 16px;font-size:15px;line-height:1.55;border:0;border-bottom:1px solid #e3e8ef;overflow-wrap:break-word\">Medical work-up, stabilisation before any further planning<\/td>\n      <\/tr>\n      <tr>\n        <td data-label=\"Zone at the back of the head\" style=\"background:#ffffff;color:#003366;font-weight:700;text-align:left;vertical-align:top;padding:13px 16px;font-size:15px;line-height:1.55;border:0;border-bottom:1px solid #e3e8ef;overflow-wrap:break-word\">Occipital zone and rim of hair (mid back of the head)<\/td>\n        <td data-label=\"What you see\" style=\"background:#ffffff;color:#22303e;font-weight:400;text-align:left;vertical-align:top;padding:13px 16px;font-size:15px;line-height:1.55;border:0;border-bottom:1px solid #e3e8ef;overflow-wrap:break-word\">Circumscribed, sharply defined round bald patch with smooth skin<\/td>\n        <td data-label=\"Most common explanation\" style=\"background:#ffffff;color:#22303e;font-weight:400;text-align:left;vertical-align:top;padding:13px 16px;font-size:15px;line-height:1.55;border:0;border-bottom:1px solid #e3e8ef;overflow-wrap:break-word\">Alopecia areata; hereditary hair loss is atypical here (DHT-resistant zone)<\/td>\n        <td data-label=\"Next step\" style=\"background:#ffffff;color:#22303e;font-weight:400;text-align:left;vertical-align:top;padding:13px 16px;font-size:15px;line-height:1.55;border:0;border-bottom:1px solid #e3e8ef;overflow-wrap:break-word\">See a dermatologist promptly<\/td>\n      <\/tr>\n      <tr>\n        <td data-label=\"Zone at the back of the head\" style=\"background:#f6f9fc;color:#003366;font-weight:700;text-align:left;vertical-align:top;padding:13px 16px;font-size:15px;line-height:1.55;border:0;border-bottom:1px solid #e3e8ef;overflow-wrap:break-word\">Lower hairline, band-shaped from ear to ear<\/td>\n        <td data-label=\"What you see\" style=\"background:#f6f9fc;color:#22303e;font-weight:400;text-align:left;vertical-align:top;padding:13px 16px;font-size:15px;line-height:1.55;border:0;border-bottom:1px solid #e3e8ef;overflow-wrap:break-word\">Strip-shaped loss along the lower hairline across the nape<\/td>\n        <td data-label=\"Most common explanation\" style=\"background:#f6f9fc;color:#22303e;font-weight:400;text-align:left;vertical-align:top;padding:13px 16px;font-size:15px;line-height:1.55;border:0;border-bottom:1px solid #e3e8ef;overflow-wrap:break-word\">Ophiasis type of alopecia areata<\/td>\n        <td data-label=\"Next step\" style=\"background:#f6f9fc;color:#22303e;font-weight:400;text-align:left;vertical-align:top;padding:13px 16px;font-size:15px;line-height:1.55;border:0;border-bottom:1px solid #e3e8ef;overflow-wrap:break-word\">See a dermatologist promptly, prognosis less favourable<\/td>\n      <\/tr>\n      <tr>\n        <td data-label=\"Zone at the back of the head\" style=\"background:#ffffff;color:#003366;font-weight:700;text-align:left;vertical-align:top;padding:13px 16px;font-size:15px;line-height:1.55;border:0;border-bottom:1px solid #e3e8ef;overflow-wrap:break-word\">Nape and contact points (pillow, headrest, helmet, collar)<\/td>\n        <td data-label=\"What you see\" style=\"background:#ffffff;color:#22303e;font-weight:400;text-align:left;vertical-align:top;padding:13px 16px;font-size:15px;line-height:1.55;border:0;border-bottom:1px solid #e3e8ef;overflow-wrap:break-word\">Diffuse thinning or broken hairs at a friction point<\/td>\n        <td data-label=\"Most common explanation\" style=\"background:#ffffff;color:#22303e;font-weight:400;text-align:left;vertical-align:top;padding:13px 16px;font-size:15px;line-height:1.55;border:0;border-bottom:1px solid #e3e8ef;overflow-wrap:break-word\">Friction or pressure alopecia<\/td>\n        <td data-label=\"Next step\" style=\"background:#ffffff;color:#22303e;font-weight:400;text-align:left;vertical-align:top;padding:13px 16px;font-size:15px;line-height:1.55;border:0;border-bottom:1px solid #e3e8ef;overflow-wrap:break-word\">Remove the trigger and observe for three months<\/td>\n      <\/tr>\n      <tr>\n        <td data-label=\"Zone at the back of the head\" style=\"background:#f6f9fc;color:#003366;font-weight:700;text-align:left;vertical-align:top;padding:13px 16px;font-size:15px;line-height:1.55;border:0;border-bottom:1px solid #e3e8ef;overflow-wrap:break-word\">Tension lines (ponytail, bun, extensions, turban)<\/td>\n        <td data-label=\"What you see\" style=\"background:#f6f9fc;color:#22303e;font-weight:400;text-align:left;vertical-align:top;padding:13px 16px;font-size:15px;line-height:1.55;border:0;border-bottom:1px solid #e3e8ef;overflow-wrap:break-word\">Thinning along the tension line, often symmetrical<\/td>\n        <td data-label=\"Most common explanation\" style=\"background:#f6f9fc;color:#22303e;font-weight:400;text-align:left;vertical-align:top;padding:13px 16px;font-size:15px;line-height:1.55;border:0;border-bottom:1px solid #e3e8ef;overflow-wrap:break-word\">Traction alopecia<\/td>\n        <td data-label=\"Next step\" style=\"background:#f6f9fc;color:#22303e;font-weight:400;text-align:left;vertical-align:top;padding:13px 16px;font-size:15px;line-height:1.55;border:0;border-bottom:1px solid #e3e8ef;overflow-wrap:break-word\">Stop the tension; reversible early on, scarring later<\/td>\n      <\/tr>\n      <tr>\n        <td data-label=\"Zone at the back of the head\" style=\"background:#ffffff;color:#003366;font-weight:700;text-align:left;vertical-align:top;padding:13px 16px;font-size:15px;line-height:1.55;border:0;overflow-wrap:break-word\">Any zone with redness, scaling, pustules, pain or shiny smooth skin<\/td>\n        <td data-label=\"What you see\" style=\"background:#ffffff;color:#22303e;font-weight:400;text-align:left;vertical-align:top;padding:13px 16px;font-size:15px;line-height:1.55;border:0;overflow-wrap:break-word\">Signs of inflammation or missing follicular openings<\/td>\n        <td data-label=\"Most common explanation\" style=\"background:#ffffff;color:#22303e;font-weight:400;text-align:left;vertical-align:top;padding:13px 16px;font-size:15px;line-height:1.55;border:0;overflow-wrap:break-word\">Inflammatory or scarring alopecia<\/td>\n        <td data-label=\"Next step\" style=\"background:#ffffff;color:#22303e;font-weight:400;text-align:left;vertical-align:top;padding:13px 16px;font-size:15px;line-height:1.55;border:0;overflow-wrap:break-word\">Do not wait, have a doctor look at it<\/td>\n      <\/tr>\n    <\/tbody>\n  <\/table>\n<\/div>\n\n\n\n<div style=\"border:1px solid #e3e8ef;border-left:5px solid #013366;border-radius:10px;padding:18px 20px;margin:8px 0 28px\">\n<p style=\"margin:0 0 8px;color:#013366;font-weight:700;font-size:16px\">What we see in consultations<\/p>\n<p style=\"margin:0;color:#2e3033;font-size:15px;line-height:1.65\">When people send us photos of the lower back of the head or of the nape, in most cases the explanation is not hereditary hair loss but a sharply defined patch, a tension line or a friction point. The reverse is true as well: photos of the whorl very often show an early vertex stage that the person still takes for a \u201cstrong whorl\u201d. That is why the first question is always about the zone, and not about the treatment.<\/p>\n<\/div>\n\n\n\n<h2 class=\"wp-block-heading\">Whorl or already a thinning patch? The self-check at the back of the head<\/h2>\n\n\n\n<p class=\"wp-block-paragraph\">A whorl at the back of the head is a natural growth pattern and never goes bald; an early tonsure, by contrast, spreads outwards from the whorl. The difference is not the size of the open area but the hair density at its edge, the hair calibre and the trend over months. The key trichoscopic criterion of hereditary hair loss is <strong>anisotrichosis<\/strong>, meaning a hair shaft diameter variability of at least 20% in men and 10% in women.<sup>[5]<\/sup><\/p>\n\n\n\n<h3 class=\"wp-block-heading\">How do I tell a whorl from hair loss?<\/h3>\n\n\n\n<p class=\"wp-block-paragraph\"><strong>A normal whorl keeps a consistently high density right up to the swirl; an early tonsure thins towards the edge and shows miniaturisation, meaning short fine hairs among the strong ones.<\/strong> Four features separate the two reliably:<\/p>\n\n\n\n<ul class=\"wp-block-list\">\n<li><strong>Edge:<\/strong> At a whorl, density stays high right up to the swirl; with a tonsure it decreases towards the edge.<\/li>\n\n\n<li><strong>Hair calibre:<\/strong> At a whorl, all hairs are similarly strong; with a tonsure, short fine hairs stand among the thick ones (miniaturisation).<\/li>\n\n\n<li><strong>Shape:<\/strong> The whorl is a swirl with a clear growth direction, the tonsure a roundish area that grows outwards.<\/li>\n\n\n<li><strong>Trend:<\/strong> The whorl looks the same after three to six months, the tonsure measurably larger.<\/li>\n\n<\/ul>\n\n\n\n<p class=\"wp-block-paragraph\">These four features are exactly what dermatological trichoscopy measures: in the systematic review \u201cTrichoscopy of Androgenetic Alopecia\u201d, hair diameter variability was detectable in 94% of patients with androgenetic alopecia, and vellus hairs in 66%.<sup>[5]<\/sup> The self-check does not replace trichoscopy. It only tells you whether you can calmly keep watching or should make an appointment.<\/p>\n\n\n<div class=\"wp-block-image\">\n<figure class=\"aligncenter size-large is-resized\" style=\"max-width:560px;margin-left:auto;margin-right:auto\"><img decoding=\"async\" src=\"https:\/\/elithair.com\/uk\/wp-content\/uploads\/sites\/3\/2026\/08\/wirbel_vs_tonsur.png\" alt=\"Comparison of two scalp close-ups from above: an evenly dense whorl on the left, a thinning tonsure with fine hairs on the right\" class=\"wp-image-96603\" style=\"width:560px;max-width:100%;height:auto\"\/><\/figure>\n<\/div>\n\n\n<style>\n@media (max-width:640px){\n.rt-table-wrap{overflow-x:visible!important;border:0!important;border-radius:0!important}\n.rt-table{min-width:0!important}\n.rt-table thead{display:none}\n.rt-table,.rt-table tbody,.rt-table tr,.rt-table td{display:block;width:100%}\n.rt-table caption{display:block;padding:0 0 12px!important}\n.rt-table tr{margin:0 0 12px;border:1px solid #dbe4f0;border-radius:10px;overflow:hidden}\n.rt-table tr:last-child{margin-bottom:0}\n.rt-table td{display:flex!important;flex-direction:column;gap:3px;padding:12px 14px!important;\nborder:0!important;border-bottom:1px solid #e3e8ef!important;background:#ffffff!important}\n.rt-table tr td:last-child{border-bottom:0!important}\n.rt-table td::before{content:attr(data-label);font-size:12px;font-weight:700;letter-spacing:.04em;\ntext-transform:uppercase;color:#5799F1}\n.rt-table td:not([data-label])::before,.rt-table td[data-label=\"\"]::before{display:none}\n}\n<\/style>\n<div class=\"rt-table-wrap\" style=\"overflow-x:auto;-webkit-overflow-scrolling:touch;margin:28px 0;border:1px solid #dbe4f0;border-radius:12px\">\n  <table class=\"rt-table\" style=\"width:100%;min-width:620px;table-layout:fixed;border-collapse:separate;border-spacing:0;font-size:15px;margin:0\">\n    <caption style=\"caption-side:top;text-align:left;color:#003366;font-weight:700;font-size:16px;line-height:1.35;padding:14px 16px 10px;background:#ffffff\">Self-check: normal whorl or early tonsure at the back of the head?<\/caption>\n    <thead>\n      <tr>\n        <th style=\"width:22%;background:#003366;color:#ffffff;font-weight:700;text-align:left;vertical-align:middle;padding:13px 16px;font-size:15px;line-height:1.4;border:0;overflow-wrap:break-word\">Feature<\/th>\n        <th style=\"background:#003366;color:#ffffff;font-weight:700;text-align:left;vertical-align:middle;padding:13px 16px;font-size:15px;line-height:1.4;border:0;overflow-wrap:break-word\">Normal whorl<\/th>\n        <th style=\"background:#003366;color:#ffffff;font-weight:700;text-align:left;vertical-align:middle;padding:13px 16px;font-size:15px;line-height:1.4;border:0;overflow-wrap:break-word\">Early tonsure<\/th>\n      <\/tr>\n    <\/thead>\n    <tbody>\n      <tr>\n        <td data-label=\"Feature\" style=\"background:#ffffff;color:#003366;font-weight:700;text-align:left;vertical-align:top;padding:13px 16px;font-size:15px;line-height:1.55;border:0;border-bottom:1px solid #e3e8ef;overflow-wrap:break-word\">Density at the edge of the open area<\/td>\n        <td data-label=\"Normal whorl\" style=\"background:#ffffff;color:#22303e;font-weight:400;text-align:left;vertical-align:top;padding:13px 16px;font-size:15px;line-height:1.55;border:0;border-bottom:1px solid #e3e8ef;overflow-wrap:break-word\">Stays high right up to the swirl<\/td>\n        <td data-label=\"Early tonsure\" style=\"background:#ffffff;color:#22303e;font-weight:400;text-align:left;vertical-align:top;padding:13px 16px;font-size:15px;line-height:1.55;border:0;border-bottom:1px solid #e3e8ef;overflow-wrap:break-word\">Decreases towards the edge, soft transition<\/td>\n      <\/tr>\n      <tr>\n        <td data-label=\"Feature\" style=\"background:#f6f9fc;color:#003366;font-weight:700;text-align:left;vertical-align:top;padding:13px 16px;font-size:15px;line-height:1.55;border:0;border-bottom:1px solid #e3e8ef;overflow-wrap:break-word\">Hair thickness within the area<\/td>\n        <td data-label=\"Normal whorl\" style=\"background:#f6f9fc;color:#22303e;font-weight:400;text-align:left;vertical-align:top;padding:13px 16px;font-size:15px;line-height:1.55;border:0;border-bottom:1px solid #e3e8ef;overflow-wrap:break-word\">Evenly strong<\/td>\n        <td data-label=\"Early tonsure\" style=\"background:#f6f9fc;color:#22303e;font-weight:400;text-align:left;vertical-align:top;padding:13px 16px;font-size:15px;line-height:1.55;border:0;border-bottom:1px solid #e3e8ef;overflow-wrap:break-word\">Thick and thin hairs mixed, many short fine hairs<\/td>\n      <\/tr>\n      <tr>\n        <td data-label=\"Feature\" style=\"background:#ffffff;color:#003366;font-weight:700;text-align:left;vertical-align:top;padding:13px 16px;font-size:15px;line-height:1.55;border:0;border-bottom:1px solid #e3e8ef;overflow-wrap:break-word\">Shape<\/td>\n        <td data-label=\"Normal whorl\" style=\"background:#ffffff;color:#22303e;font-weight:400;text-align:left;vertical-align:top;padding:13px 16px;font-size:15px;line-height:1.55;border:0;border-bottom:1px solid #e3e8ef;overflow-wrap:break-word\">Swirl with a recognisable growth direction<\/td>\n        <td data-label=\"Early tonsure\" style=\"background:#ffffff;color:#22303e;font-weight:400;text-align:left;vertical-align:top;padding:13px 16px;font-size:15px;line-height:1.55;border:0;border-bottom:1px solid #e3e8ef;overflow-wrap:break-word\">Roundish area, grows outwards<\/td>\n      <\/tr>\n      <tr>\n        <td data-label=\"Feature\" style=\"background:#f6f9fc;color:#003366;font-weight:700;text-align:left;vertical-align:top;padding:13px 16px;font-size:15px;line-height:1.55;border:0;border-bottom:1px solid #e3e8ef;overflow-wrap:break-word\">Trend over 3 to 6 months<\/td>\n        <td data-label=\"Normal whorl\" style=\"background:#f6f9fc;color:#22303e;font-weight:400;text-align:left;vertical-align:top;padding:13px 16px;font-size:15px;line-height:1.55;border:0;border-bottom:1px solid #e3e8ef;overflow-wrap:break-word\">Unchanged<\/td>\n        <td data-label=\"Early tonsure\" style=\"background:#f6f9fc;color:#22303e;font-weight:400;text-align:left;vertical-align:top;padding:13px 16px;font-size:15px;line-height:1.55;border:0;border-bottom:1px solid #e3e8ef;overflow-wrap:break-word\">Area measurably larger, scalp more clearly visible<\/td>\n      <\/tr>\n      <tr>\n        <td data-label=\"Feature\" style=\"background:#ffffff;color:#003366;font-weight:700;text-align:left;vertical-align:top;padding:13px 16px;font-size:15px;line-height:1.55;border:0;border-bottom:1px solid #e3e8ef;overflow-wrap:break-word\">Behaviour with wet hair<\/td>\n        <td data-label=\"Normal whorl\" style=\"background:#ffffff;color:#22303e;font-weight:400;text-align:left;vertical-align:top;padding:13px 16px;font-size:15px;line-height:1.55;border:0;border-bottom:1px solid #e3e8ef;overflow-wrap:break-word\">Looks more open when wet, normal again when dry<\/td>\n        <td data-label=\"Early tonsure\" style=\"background:#ffffff;color:#22303e;font-weight:400;text-align:left;vertical-align:top;padding:13px 16px;font-size:15px;line-height:1.55;border:0;border-bottom:1px solid #e3e8ef;overflow-wrap:break-word\">Visible even when dry and unstyled<\/td>\n      <\/tr>\n      <tr>\n        <td data-label=\"Feature\" style=\"background:#f6f9fc;color:#003366;font-weight:700;text-align:left;vertical-align:top;padding:13px 16px;font-size:15px;line-height:1.55;border:0;border-bottom:1px solid #e3e8ef;overflow-wrap:break-word\">Other areas of the head<\/td>\n        <td data-label=\"Normal whorl\" style=\"background:#f6f9fc;color:#22303e;font-weight:400;text-align:left;vertical-align:top;padding:13px 16px;font-size:15px;line-height:1.55;border:0;border-bottom:1px solid #e3e8ef;overflow-wrap:break-word\">Hairline and temples unchanged<\/td>\n        <td data-label=\"Early tonsure\" style=\"background:#f6f9fc;color:#22303e;font-weight:400;text-align:left;vertical-align:top;padding:13px 16px;font-size:15px;line-height:1.55;border:0;border-bottom:1px solid #e3e8ef;overflow-wrap:break-word\">Often a receding hairline at the temples as well<\/td>\n      <\/tr>\n      <tr>\n        <td data-label=\"Feature\" style=\"background:#ffffff;color:#003366;font-weight:700;text-align:left;vertical-align:top;padding:13px 16px;font-size:15px;line-height:1.55;border:0;overflow-wrap:break-word\">What to do now<\/td>\n        <td data-label=\"Normal whorl\" style=\"background:#ffffff;color:#22303e;font-weight:400;text-align:left;vertical-align:top;padding:13px 16px;font-size:15px;line-height:1.55;border:0;overflow-wrap:break-word\">Start a photo diary and compare in 3 months<\/td>\n        <td data-label=\"Early tonsure\" style=\"background:#ffffff;color:#22303e;font-weight:400;text-align:left;vertical-align:top;padding:13px 16px;font-size:15px;line-height:1.55;border:0;overflow-wrap:break-word\">Appointment with a dermatologist, determine the stage<\/td>\n      <\/tr>\n    <\/tbody>\n  <\/table>\n<\/div>\n\n\n\n<div style=\"border:1px solid #e3e8ef;border-radius:10px;padding:20px 22px;margin:8px 0 28px\">\n<p style=\"margin:0 0 12px;color:#013366;font-weight:700;font-size:17px\">Photo diary for the back of the head<\/p>\n<ul style=\"margin:0;padding-left:20px;color:#2e3033;font-size:15px;line-height:1.8\">\n<li>Daylight by a window, no overhead light from above<\/li>\n<li>Hair dry, unstyled, parted as always<\/li>\n<li>Camera from above and behind, always the same distance and angle<\/li>\n<li>Always the same time of day and the same lighting<\/li>\n<li>Photos now, in 3 and in 6 months, file name with the date<\/li>\n<li>For the comparison, put both images side by side; do not judge from memory<\/li>\n<\/ul>\n<p style=\"margin:12px 0 0;color:#5b6169;font-size:13.5px;font-style:italic\">The diary is a guide for the conversation with your doctor and does not replace a medical diagnosis.<\/p>\n<\/div>\n\n\n<div class=\"wp-block-image\">\n<figure class=\"aligncenter size-large is-resized\" style=\"max-width:560px;margin-left:auto;margin-right:auto\"><img decoding=\"async\" src=\"https:\/\/elithair.com\/uk\/wp-content\/uploads\/sites\/3\/2026\/08\/foto_protokoll_hinterkopf.png\" alt=\"Illustration of the photo diary: a person photographs the back of their own head by a window, with a suggested series of images beside it\" class=\"wp-image-96604\" style=\"width:560px;max-width:100%;height:auto\"\/><\/figure>\n<\/div>\n\n\n<h3 class=\"wp-block-heading\">The three most common false alarms at the whorl<\/h3>\n\n\n\n<p class=\"wp-block-paragraph\">Most false alarms at the back of the head come from lighting, styling and growth patterns. There are no studies on these three points; they are everyday experience from consultations, but they explain a large share of the worries. First, wet hair, gel and wax clump the hairs at the whorl together, and then every scalp shows through. Second, overhead light casts shadows into the swirl. Third, a <strong>double crown<\/strong> is a growth pattern and not hair loss, it just looks more unruly.<\/p>\n\n\n\n<p class=\"wp-block-paragraph\">Two more points belong here, because they often get mixed up. A <strong>sunburn at the whorl<\/strong> is the opposite, a sign worth taking seriously: where there is less hair, UV protection is missing, and that points to genuinely reduced density. And <strong>sleeping on your back<\/strong> does not cause hair loss. Genuine pressure alopecia is described in the literature after hours of immobility, for instance after lengthy operations, not after a normal night.<\/p>\n\n\n\n<h3 class=\"wp-block-heading\">How quickly does a tonsure develop at the back of the head?<\/h3>\n\n\n\n<p class=\"wp-block-paragraph\">A tonsure at the back of the head develops individually and usually over years, not weeks. There is no fixed speed; only the direction is well documented: in an Australian cohort, the proportion of men with a vertex or full baldness type rose from 31% among 40- to 55-year-olds to 53% among 65- to 69-year-olds.<sup>[2]<\/sup> Hereditary hair loss therefore progresses in waves over decades.<\/p>\n\n\n\n<p class=\"wp-block-paragraph\">For your decision, your own speed matters more than any average. If the area visibly grows between two photos taken six months apart, the course counts as active, and then a medical assessment makes sense before you start thinking about a transplant. If the picture stays the same over a year, that points to a slow or stabilised course. That is exactly why the photo diary is more than a reassurance exercise: it gives you the only record of the progression that you can put together yourself.<\/p>\n\n\n\n<h2 class=\"wp-block-heading\" id=\"ursachen\">Causes of hair loss at the back of the head<\/h2>\n\n\n\n<p class=\"wp-block-paragraph\"><strong>The most common cause of hair loss at the back of the head is androgenetic alopecia at the vertex, meaning the genetic predisposition around the whorl.<\/strong> Beyond that, hormonal, metabolic and mechanical triggers come into question, and they differ in pattern and course. The most common causes include:<\/p>\n\n\n\n<ul class=\"wp-block-list\">\n<li><strong>Genetic predisposition:<\/strong> With hereditary hair loss (androgenetic alopecia), the hair roots at the temples, in the forehead area and at the vertex, the upper back of the head around the whorl, react especially sensitively to the hormone DHT. The lower back of the head and the nape are usually spared; they are DHT-resistant.<sup>[4]<\/sup><\/li>\n\n\n<li><strong>Hormonal changes:<\/strong> A hormonal imbalance or an increased sensitivity to DHT can disrupt the hair cycle and speed up the loss in the typical areas.<\/li>\n\n\n<li><strong>Stress:<\/strong> Sustained physical or psychological stress can shift the hair cycle. The resulting hair loss appears with a delay, typically two to three months after the trigger.<\/li>\n\n\n<li><strong>Nutrient deficiency:<\/strong> If the body lacks iron, vitamin D, zinc or protein, the supply to the hair roots can suffer. This hair loss, though, is diffuse across the whole head and not limited to the back.<\/li>\n\n\n<li><strong>Illnesses:<\/strong> Thyroid disorders, autoimmune diseases and skin conditions can change the hair growth cycle and encourage hair loss.<\/li>\n\n\n<li><strong>Medications:<\/strong> Certain drugs can cause hair loss as a side effect, and it shows up at the back of the head among other places.<\/li>\n\n<\/ul>\n\n\n\n<p class=\"wp-block-paragraph\">To pin down the exact cause, a medical examination of the scalp and hair roots and, where appropriate, blood tests are useful. Treating the cause specifically is what counts, even when the loss in this area is already advanced.<\/p>\n\n\n\n<h3 class=\"wp-block-heading\">Causes that typically show up on the lower back of the head and at the nape<\/h3>\n\n\n\n<p class=\"wp-block-paragraph\"><strong>On the lower back of the head and at the nape, different causes lead the field than at the vertex, because this zone is resistant to DHT.<\/strong> Here is the group you should know if the patch is not at the whorl:<\/p>\n\n\n\n<ul class=\"wp-block-list\">\n<li><strong>Alopecia areata (patchy hair loss):<\/strong> sharply defined, smooth round patches with exclamation mark hairs at the edge. The band-shaped <strong>ophiasis type<\/strong> at the lower hairline has a prevalence of around 0.02% and is considered prognostically less favourable (Lintzeri et al., JDDG 2022).<sup>[6]<\/sup><\/li>\n\n\n<li><strong>Traction alopecia:<\/strong> tension from a ponytail, bun, cornrows or extensions, fully reversible early on, scarring after years.<sup>[8]<\/sup><\/li>\n\n\n<li><strong>Friction and pressure alopecia:<\/strong> rubbing against a pillow, headrest, helmet or collar.<\/li>\n\n\n<li><strong>Inflammatory and scarring causes:<\/strong> at the nape, the leading one is <strong>acne keloidalis nuchae<\/strong> (StatPearls),<sup>[9]<\/sup> plus folliculitis decalvans, ordinary <a href=\"\/uk\/blog\/hair-root-infection\/\">folliculitis<\/a> and tinea capitis in children.<\/li>\n\n\n<li><strong>Trichotillomania:<\/strong> mechanical pulling of the hair, with uneven hair lengths within the patch.<\/li>\n\n\n<li><strong>Diffuse forms:<\/strong> a telogen effluvium after an infection, an operation, dieting, iron deficiency or a thyroid disorder affects the whole head, but is noticed at the whorl first (<a href=\"\/uk\/blog\/causes-of-hair-loss\/\">overview of all causes<\/a>).<\/li>\n\n<\/ul>\n\n\n\n<p class=\"wp-block-paragraph\">Redness, scaling, pustules, itching or pain are the warning signs in all inflammatory forms, because once scarring has happened the follicle is lost, and active scarring alopecias are a clear contraindication for a hair transplant.<sup>[9]<\/sup> What helps against which form and how long it takes is collected in the table <a href=\"#behandlungstabelle\">Cause, treatment and time frame<\/a>.<\/p>\n\n\n<div class=\"wp-block-image\">\n<figure class=\"aligncenter size-large is-resized\" style=\"max-width:720px;margin-left:auto;margin-right:auto\"><img decoding=\"async\" src=\"https:\/\/elithair.com\/uk\/wp-content\/uploads\/sites\/3\/2026\/08\/nacken_haaransatz.png\" alt=\"Close-up of the lower hairline at the nape in daylight\" class=\"wp-image-96605\" style=\"width:720px;max-width:100%;height:auto\"\/><\/figure>\n<\/div>\n\n\n<h3 class=\"wp-block-heading\">Hereditary hair loss at the nape? Why that is unlikely<\/h3>\n\n\n\n<p class=\"wp-block-paragraph\">Hereditary hair loss at the nape is atypical, because the occipital zone is resistant to dihydrotestosterone and is therefore considered the \u201csafe zone\u201d in hair transplantation.<sup>[4]<\/sup> If it does thin there anyway, three constellations speak for it: alopecia areata of the ophiasis type, a mechanical cause from tension or friction, or diffuse hair loss that affects the whole head and is simply noticed at the nape first.<\/p>\n\n\n\n<p class=\"wp-block-paragraph\">In practice that means: a bald patch below the whorl is not an argument for \u201cI am going bald\u201d; it is a reason for a dermatological work-up. It also changes the therapy, because minoxidil and finasteride address androgenetic hair loss and not these forms.<\/p>\n\n\n\n<h3 class=\"wp-block-heading\">Symptoms of hair loss at the back of the head<\/h3>\n\n\n\n<p class=\"wp-block-paragraph\">Losing 50 to 100 hairs a day is considered normal, and some guides put the range at 70 to 100 (NHS, American Academy of Dermatology).<sup>[10][1]<\/sup> There is no sharp threshold. It becomes notable when it is consistently and clearly more over several weeks. <strong>Hair loss at the back of the head<\/strong> usually makes itself felt gradually at first: the hair looks thinner overall, the scalp shows through more and more and is harder to cover up.<\/p>\n\n\n\n<p class=\"wp-block-paragraph\">The real early sign, though, is not counting, it is <strong>miniaturisation<\/strong>: short, fine hairs among the strong ones, technically anisotrichosis. At a diameter variability of 20% or more in men and 10% or more in women, it counts as a diagnostic criterion of androgenetic alopecia.<sup>[5]<\/sup> These are exactly the hairs that are hard to style and stick out unevenly.<\/p>\n\n\n<div class=\"wp-block-image\">\n<figure class=\"aligncenter size-large is-resized\" style=\"max-width:560px;margin-left:auto;margin-right:auto\"><img decoding=\"async\" src=\"https:\/\/elithair.com\/uk\/wp-content\/uploads\/sites\/3\/2026\/08\/miniaturisierung_follikel.png\" alt=\"Cross-section of the scalp with four hair follicles, from strong to heavily miniaturised\" class=\"wp-image-96606\" style=\"width:560px;max-width:100%;height:auto\"\/><\/figure>\n<\/div>\n\n\n<p class=\"wp-block-paragraph\">If the cause goes untreated, the initially small thinning patch at the back of the head can gradually get larger. At an advanced stage a clearly visible bald zone forms, while often only a rim of hair remains around the nape and the ears.<\/p>\n\n\n\n<p class=\"wp-block-paragraph\">This course is typical of hereditary hair loss and can extend across the entire top of the head as it goes on. Clarifying it early is therefore important, so that the loss is recognised in time and treated in a targeted way.<\/p>\n\n\n\n<figure class=\"wp-block-image size-full\"><img decoding=\"async\" src=\"https:\/\/elithair.com\/uk\/wp-content\/uploads\/sites\/3\/2026\/08\/bestand_95874.png\" alt=\"Young patient at the Elithair hair clinic with Dr. Balwi\" class=\"wp-image-96615\"\/><\/figure>\n\n\n\n<h2 class=\"wp-block-heading\">How far along is it? The Norwood stages at the back of the head<\/h2>\n\n\n\n<p class=\"wp-block-paragraph\">Hair loss at the back of the head is classified using the <strong>Hamilton-Norwood scale<\/strong> as follows: the vertex type begins with an open patch at the whorl and grows until the vertex and the receding hairline merge into one bald area. The scale covers stages 1 to 7 and is reproducible, which makes it usable for tracking the course as well.<sup>[2]<\/sup> How often the vertex is affected depends heavily on age: in an Australian cohort, 31% of men aged 40 to 55 and 53% of those aged 65 to 69 showed a vertex or full baldness type.<sup>[2]<\/sup><\/p>\n\n\n\n<p class=\"wp-block-paragraph\">For you, the stage matters for a practical reason: it decides whether conservative therapy can still meaningfully preserve the hair that is there and whether a transplant would deliver a stable result. The full scale with all stages and images is in our article on the <a href=\"\/uk\/blog\/norwood-scale-hair-loss\/\">Norwood-Hamilton scale<\/a>.<\/p>\n\n\n<div class=\"wp-block-image\">\n<figure class=\"aligncenter size-large is-resized\" style=\"max-width:560px;margin-left:auto;margin-right:auto\"><img decoding=\"async\" src=\"https:\/\/elithair.com\/uk\/wp-content\/uploads\/sites\/3\/2026\/08\/norwood_vertex_verlauf.png\" alt=\"Four schematic backs of heads show the thinning patch at the whorl growing until only the rim of hair remains\" class=\"wp-image-96607\" style=\"width:560px;max-width:100%;height:auto\"\/><\/figure>\n<\/div>\n\n\n<style>\n@media (max-width:640px){\n.rt-table-wrap{overflow-x:visible!important;border:0!important;border-radius:0!important}\n.rt-table{min-width:0!important}\n.rt-table thead{display:none}\n.rt-table,.rt-table tbody,.rt-table tr,.rt-table td{display:block;width:100%}\n.rt-table caption{display:block;padding:0 0 12px!important}\n.rt-table tr{margin:0 0 12px;border:1px solid #dbe4f0;border-radius:10px;overflow:hidden}\n.rt-table tr:last-child{margin-bottom:0}\n.rt-table td{display:flex!important;flex-direction:column;gap:3px;padding:12px 14px!important;\nborder:0!important;border-bottom:1px solid #e3e8ef!important;background:#ffffff!important}\n.rt-table tr td:last-child{border-bottom:0!important}\n.rt-table td::before{content:attr(data-label);font-size:12px;font-weight:700;letter-spacing:.04em;\ntext-transform:uppercase;color:#5799F1}\n.rt-table td:not([data-label])::before,.rt-table td[data-label=\"\"]::before{display:none}\n}\n<\/style>\n<div class=\"rt-table-wrap\" style=\"overflow-x:auto;-webkit-overflow-scrolling:touch;margin:28px 0;border:1px solid #dbe4f0;border-radius:12px\">\n  <table class=\"rt-table\" style=\"width:100%;min-width:660px;table-layout:fixed;border-collapse:separate;border-spacing:0;font-size:15px;margin:0\">\n    <caption style=\"caption-side:top;text-align:left;color:#003366;font-weight:700;font-size:16px;line-height:1.35;padding:14px 16px 10px;background:#ffffff\">Norwood stages, as far as the back of the head is affected<\/caption>\n    <thead>\n      <tr>\n        <th style=\"width:22%;background:#003366;color:#ffffff;font-weight:700;text-align:left;vertical-align:middle;padding:13px 16px;font-size:15px;line-height:1.4;border:0;overflow-wrap:break-word\">Stage<\/th>\n        <th style=\"background:#003366;color:#ffffff;font-weight:700;text-align:left;vertical-align:middle;padding:13px 16px;font-size:15px;line-height:1.4;border:0;overflow-wrap:break-word\">What is visible at the back of the head<\/th>\n        <th style=\"background:#003366;color:#ffffff;font-weight:700;text-align:left;vertical-align:middle;padding:13px 16px;font-size:15px;line-height:1.4;border:0;overflow-wrap:break-word\">What makes medical sense<\/th>\n        <th style=\"background:#003366;color:#ffffff;font-weight:700;text-align:left;vertical-align:middle;padding:13px 16px;font-size:15px;line-height:1.4;border:0;overflow-wrap:break-word\">What that means for a transplant<\/th>\n      <\/tr>\n    <\/thead>\n    <tbody>\n      <tr>\n        <td data-label=\"Stage\" style=\"background:#ffffff;color:#003366;font-weight:700;text-align:left;vertical-align:top;padding:13px 16px;font-size:15px;line-height:1.55;border:0;border-bottom:1px solid #e3e8ef;overflow-wrap:break-word\">Norwood II to III (vertex type)<\/td>\n        <td data-label=\"What is visible at the back of the head\" style=\"background:#ffffff;color:#22303e;font-weight:400;text-align:left;vertical-align:top;padding:13px 16px;font-size:15px;line-height:1.55;border:0;border-bottom:1px solid #e3e8ef;overflow-wrap:break-word\">Small open patch at the whorl, scalp shows through when the hair is wet, fine hairs in between<\/td>\n        <td data-label=\"What makes medical sense\" style=\"background:#ffffff;color:#22303e;font-weight:400;text-align:left;vertical-align:top;padding:13px 16px;font-size:15px;line-height:1.55;border:0;border-bottom:1px solid #e3e8ef;overflow-wrap:break-word\">Confirm the diagnosis, document the course, consider conservative therapy<\/td>\n        <td data-label=\"What that means for a transplant\" style=\"background:#ffffff;color:#22303e;font-weight:400;text-align:left;vertical-align:top;padding:13px 16px;font-size:15px;line-height:1.55;border:0;border-bottom:1px solid #e3e8ef;overflow-wrap:break-word\">Usually too early: stabilise first and watch the course<\/td>\n      <\/tr>\n      <tr>\n        <td data-label=\"Stage\" style=\"background:#f6f9fc;color:#003366;font-weight:700;text-align:left;vertical-align:top;padding:13px 16px;font-size:15px;line-height:1.55;border:0;border-bottom:1px solid #e3e8ef;overflow-wrap:break-word\">Norwood IV<\/td>\n        <td data-label=\"What is visible at the back of the head\" style=\"background:#f6f9fc;color:#22303e;font-weight:400;text-align:left;vertical-align:top;padding:13px 16px;font-size:15px;line-height:1.55;border:0;border-bottom:1px solid #e3e8ef;overflow-wrap:break-word\">Clear tonsure at the vertex, with a band of hair still running to the forehead region<\/td>\n        <td data-label=\"What makes medical sense\" style=\"background:#f6f9fc;color:#22303e;font-weight:400;text-align:left;vertical-align:top;padding:13px 16px;font-size:15px;line-height:1.55;border:0;border-bottom:1px solid #e3e8ef;overflow-wrap:break-word\">Conservative stabilisation, medical assessment of the speed<\/td>\n        <td data-label=\"What that means for a transplant\" style=\"background:#f6f9fc;color:#22303e;font-weight:400;text-align:left;vertical-align:top;padding:13px 16px;font-size:15px;line-height:1.55;border:0;border-bottom:1px solid #e3e8ef;overflow-wrap:break-word\">Plannable if the course has been stable for at least a year or has been stabilised with medication<\/td>\n      <\/tr>\n      <tr>\n        <td data-label=\"Stage\" style=\"background:#ffffff;color:#003366;font-weight:700;text-align:left;vertical-align:top;padding:13px 16px;font-size:15px;line-height:1.55;border:0;border-bottom:1px solid #e3e8ef;overflow-wrap:break-word\">Norwood V<\/td>\n        <td data-label=\"What is visible at the back of the head\" style=\"background:#ffffff;color:#22303e;font-weight:400;text-align:left;vertical-align:top;padding:13px 16px;font-size:15px;line-height:1.55;border:0;border-bottom:1px solid #e3e8ef;overflow-wrap:break-word\">The band of hair between vertex and forehead gets narrow, vertex and the top of the head move closer together<\/td>\n        <td data-label=\"What makes medical sense\" style=\"background:#ffffff;color:#22303e;font-weight:400;text-align:left;vertical-align:top;padding:13px 16px;font-size:15px;line-height:1.55;border:0;border-bottom:1px solid #e3e8ef;overflow-wrap:break-word\">Stabilisation plus realistic planning of the priorities<\/td>\n        <td data-label=\"What that means for a transplant\" style=\"background:#ffffff;color:#22303e;font-weight:400;text-align:left;vertical-align:top;padding:13px 16px;font-size:15px;line-height:1.55;border:0;border-bottom:1px solid #e3e8ef;overflow-wrap:break-word\">Possible, the donor area now becomes the limiting factor<\/td>\n      <\/tr>\n      <tr>\n        <td data-label=\"Stage\" style=\"background:#f6f9fc;color:#003366;font-weight:700;text-align:left;vertical-align:top;padding:13px 16px;font-size:15px;line-height:1.55;border:0;overflow-wrap:break-word\">Norwood VI and VII<\/td>\n        <td data-label=\"What is visible at the back of the head\" style=\"background:#f6f9fc;color:#22303e;font-weight:400;text-align:left;vertical-align:top;padding:13px 16px;font-size:15px;line-height:1.55;border:0;overflow-wrap:break-word\">Vertex and forehead region are connected, the rim of hair remains<\/td>\n        <td data-label=\"What makes medical sense\" style=\"background:#f6f9fc;color:#22303e;font-weight:400;text-align:left;vertical-align:top;padding:13px 16px;font-size:15px;line-height:1.55;border:0;overflow-wrap:break-word\">Medical assessment of the donor density, clarifying expectations for the area<\/td>\n        <td data-label=\"What that means for a transplant\" style=\"background:#f6f9fc;color:#22303e;font-weight:400;text-align:left;vertical-align:top;padding:13px 16px;font-size:15px;line-height:1.55;border:0;overflow-wrap:break-word\">Area and donor reserve are the deciding factors; an even full density is not achievable<\/td>\n      <\/tr>\n    <\/tbody>\n  <\/table>\n<\/div>\n\n\n\n<h2 class=\"wp-block-heading\">Hair loss at the back of the head in women<\/h2>\n\n\n\n<p class=\"wp-block-paragraph\">In women, the back of the head is usually not affected by hereditary hair loss: the female pattern according to Ludwig I to III thins the centre parting and the top of the head, while the frontal hairline and the back of the head stay intact. In the review \u201cFemale Pattern Hair Loss\u201d, precisely this preservation of the hairline is the key feature, and the work-up compares central parting density against occipital density, because the occipital region stays stable.<sup>[11]<\/sup> According to the Spanish AEDV consensus document, just under 10% of women are affected.<sup>[3]<\/sup><\/p>\n\n\n\n<p class=\"wp-block-paragraph\">A circumscribed bald patch at the back of the head is therefore a different signal in a woman than in a man. In order of likelihood: alopecia areata, traction from a ponytail, bun or extensions, friction at contact points, a diffuse telogen effluvium after childbirth, after stopping the pill, with iron deficiency or a thyroid disorder, and inflammatory scarring forms. More on the female course is in the article on hair loss in women and on <a href=\"\/uk\/blog\/telogen-effluvium\/\">diffuse hair loss<\/a>.<\/p>\n\n\n\n<p class=\"wp-block-paragraph\">You should not wait if the patch is round and sharply defined, if the scalp reddens, scales, itches or hurts, if it looks shiny and smooth without visible follicular openings, if the loss starts suddenly within weeks, or if there are additional menstrual irregularities, acne, increased body hair or fatigue. In women, a hair transplant is only an option with a stable, clearly delimited cause and a sufficient donor area; with diffuse loss it is not indicated.<\/p>\n\n\n<div class=\"wp-block-image\">\n<figure class=\"aligncenter size-large is-resized\" style=\"max-width:560px;margin-left:auto;margin-right:auto\"><img decoding=\"async\" src=\"https:\/\/elithair.com\/uk\/wp-content\/uploads\/sites\/3\/2026\/08\/frauen_muster_hinterkopf.png\" alt=\"Three schematic female heads: a widened centre parting, a round patch at the back of the head and thinning along the tension line\" class=\"wp-image-96608\" style=\"width:560px;max-width:100%;height:auto\"\/><\/figure>\n<\/div>\n\n\n<style>\n@media (max-width:640px){\n.rt-table-wrap{overflow-x:visible!important;border:0!important;border-radius:0!important}\n.rt-table{min-width:0!important}\n.rt-table thead{display:none}\n.rt-table,.rt-table tbody,.rt-table tr,.rt-table td{display:block;width:100%}\n.rt-table caption{display:block;padding:0 0 12px!important}\n.rt-table tr{margin:0 0 12px;border:1px solid #dbe4f0;border-radius:10px;overflow:hidden}\n.rt-table tr:last-child{margin-bottom:0}\n.rt-table td{display:flex!important;flex-direction:column;gap:3px;padding:12px 14px!important;\nborder:0!important;border-bottom:1px solid #e3e8ef!important;background:#ffffff!important}\n.rt-table tr td:last-child{border-bottom:0!important}\n.rt-table td::before{content:attr(data-label);font-size:12px;font-weight:700;letter-spacing:.04em;\ntext-transform:uppercase;color:#5799F1}\n.rt-table td:not([data-label])::before,.rt-table td[data-label=\"\"]::before{display:none}\n}\n<\/style>\n<div class=\"rt-table-wrap\" style=\"overflow-x:auto;-webkit-overflow-scrolling:touch;margin:28px 0;border:1px solid #dbe4f0;border-radius:12px\">\n  <table class=\"rt-table\" style=\"width:100%;min-width:660px;table-layout:fixed;border-collapse:separate;border-spacing:0;font-size:15px;margin:0\">\n    <caption style=\"caption-side:top;text-align:left;color:#003366;font-weight:700;font-size:16px;line-height:1.35;padding:14px 16px 10px;background:#ffffff\">Hair loss at the back of the head in women: matching the pattern<\/caption>\n    <thead>\n      <tr>\n        <th style=\"width:22%;background:#003366;color:#ffffff;font-weight:700;text-align:left;vertical-align:middle;padding:13px 16px;font-size:15px;line-height:1.4;border:0;overflow-wrap:break-word\">Pattern<\/th>\n        <th style=\"background:#003366;color:#ffffff;font-weight:700;text-align:left;vertical-align:middle;padding:13px 16px;font-size:15px;line-height:1.4;border:0;overflow-wrap:break-word\">Typical location<\/th>\n        <th style=\"background:#003366;color:#ffffff;font-weight:700;text-align:left;vertical-align:middle;padding:13px 16px;font-size:15px;line-height:1.4;border:0;overflow-wrap:break-word\">What can be behind it<\/th>\n        <th style=\"background:#003366;color:#ffffff;font-weight:700;text-align:left;vertical-align:middle;padding:13px 16px;font-size:15px;line-height:1.4;border:0;overflow-wrap:break-word\">Urgency<\/th>\n      <\/tr>\n    <\/thead>\n    <tbody>\n      <tr>\n        <td data-label=\"Pattern\" style=\"background:#ffffff;color:#003366;font-weight:700;text-align:left;vertical-align:top;padding:13px 16px;font-size:15px;line-height:1.55;border:0;border-bottom:1px solid #e3e8ef;overflow-wrap:break-word\">Centre parting gets wider<\/td>\n        <td data-label=\"Typical location\" style=\"background:#ffffff;color:#22303e;font-weight:400;text-align:left;vertical-align:top;padding:13px 16px;font-size:15px;line-height:1.55;border:0;border-bottom:1px solid #e3e8ef;overflow-wrap:break-word\">Top of the head and parting, back of the head and hairline intact<\/td>\n        <td data-label=\"What can be behind it\" style=\"background:#ffffff;color:#22303e;font-weight:400;text-align:left;vertical-align:top;padding:13px 16px;font-size:15px;line-height:1.55;border:0;border-bottom:1px solid #e3e8ef;overflow-wrap:break-word\">Female pattern hair loss (Ludwig I to III)<\/td>\n        <td data-label=\"Urgency\" style=\"background:#ffffff;color:#22303e;font-weight:400;text-align:left;vertical-align:top;padding:13px 16px;font-size:15px;line-height:1.55;border:0;border-bottom:1px solid #e3e8ef;overflow-wrap:break-word\">Have it clarified without rush, document the course over months<\/td>\n      <\/tr>\n      <tr>\n        <td data-label=\"Pattern\" style=\"background:#f6f9fc;color:#003366;font-weight:700;text-align:left;vertical-align:top;padding:13px 16px;font-size:15px;line-height:1.55;border:0;border-bottom:1px solid #e3e8ef;overflow-wrap:break-word\">Round, sharply defined patch<\/td>\n        <td data-label=\"Typical location\" style=\"background:#f6f9fc;color:#22303e;font-weight:400;text-align:left;vertical-align:top;padding:13px 16px;font-size:15px;line-height:1.55;border:0;border-bottom:1px solid #e3e8ef;overflow-wrap:break-word\">Anywhere at the back of the head, also band-shaped at the nape<\/td>\n        <td data-label=\"What can be behind it\" style=\"background:#f6f9fc;color:#22303e;font-weight:400;text-align:left;vertical-align:top;padding:13px 16px;font-size:15px;line-height:1.55;border:0;border-bottom:1px solid #e3e8ef;overflow-wrap:break-word\">Alopecia areata, at the nape the ophiasis type<\/td>\n        <td data-label=\"Urgency\" style=\"background:#f6f9fc;color:#22303e;font-weight:400;text-align:left;vertical-align:top;padding:13px 16px;font-size:15px;line-height:1.55;border:0;border-bottom:1px solid #e3e8ef;overflow-wrap:break-word\">Have a dermatologist look at it promptly<\/td>\n      <\/tr>\n      <tr>\n        <td data-label=\"Pattern\" style=\"background:#ffffff;color:#003366;font-weight:700;text-align:left;vertical-align:top;padding:13px 16px;font-size:15px;line-height:1.55;border:0;border-bottom:1px solid #e3e8ef;overflow-wrap:break-word\">Thinning along the tension line<\/td>\n        <td data-label=\"Typical location\" style=\"background:#ffffff;color:#22303e;font-weight:400;text-align:left;vertical-align:top;padding:13px 16px;font-size:15px;line-height:1.55;border:0;border-bottom:1px solid #e3e8ef;overflow-wrap:break-word\">At the base of the ponytail, bun or extensions, often symmetrical<\/td>\n        <td data-label=\"What can be behind it\" style=\"background:#ffffff;color:#22303e;font-weight:400;text-align:left;vertical-align:top;padding:13px 16px;font-size:15px;line-height:1.55;border:0;border-bottom:1px solid #e3e8ef;overflow-wrap:break-word\">Traction alopecia, reversible early on, scarring later<\/td>\n        <td data-label=\"Urgency\" style=\"background:#ffffff;color:#22303e;font-weight:400;text-align:left;vertical-align:top;padding:13px 16px;font-size:15px;line-height:1.55;border:0;border-bottom:1px solid #e3e8ef;overflow-wrap:break-word\">Stop the tension immediately, have it checked by a doctor<\/td>\n      <\/tr>\n      <tr>\n        <td data-label=\"Pattern\" style=\"background:#f6f9fc;color:#003366;font-weight:700;text-align:left;vertical-align:top;padding:13px 16px;font-size:15px;line-height:1.55;border:0;border-bottom:1px solid #e3e8ef;overflow-wrap:break-word\">Evenly less hair everywhere<\/td>\n        <td data-label=\"Typical location\" style=\"background:#f6f9fc;color:#22303e;font-weight:400;text-align:left;vertical-align:top;padding:13px 16px;font-size:15px;line-height:1.55;border:0;border-bottom:1px solid #e3e8ef;overflow-wrap:break-word\">Whole head, first noticeable at the whorl and parting<\/td>\n        <td data-label=\"What can be behind it\" style=\"background:#f6f9fc;color:#22303e;font-weight:400;text-align:left;vertical-align:top;padding:13px 16px;font-size:15px;line-height:1.55;border:0;border-bottom:1px solid #e3e8ef;overflow-wrap:break-word\">Telogen effluvium after childbirth, dieting, an infection, with iron deficiency or a thyroid disorder<\/td>\n        <td data-label=\"Urgency\" style=\"background:#f6f9fc;color:#22303e;font-weight:400;text-align:left;vertical-align:top;padding:13px 16px;font-size:15px;line-height:1.55;border:0;border-bottom:1px solid #e3e8ef;overflow-wrap:break-word\">Have blood tests done, observe the course for 3 to 6 months<\/td>\n      <\/tr>\n      <tr>\n        <td data-label=\"Pattern\" style=\"background:#ffffff;color:#003366;font-weight:700;text-align:left;vertical-align:top;padding:13px 16px;font-size:15px;line-height:1.55;border:0;overflow-wrap:break-word\">Redness, scaling, pustules or shiny smooth skin<\/td>\n        <td data-label=\"Typical location\" style=\"background:#ffffff;color:#22303e;font-weight:400;text-align:left;vertical-align:top;padding:13px 16px;font-size:15px;line-height:1.55;border:0;overflow-wrap:break-word\">Any zone, often centrally on the top of the head or at the nape<\/td>\n        <td data-label=\"What can be behind it\" style=\"background:#ffffff;color:#22303e;font-weight:400;text-align:left;vertical-align:top;padding:13px 16px;font-size:15px;line-height:1.55;border:0;overflow-wrap:break-word\">Inflammatory or scarring alopecia<\/td>\n        <td data-label=\"Urgency\" style=\"background:#ffffff;color:#22303e;font-weight:400;text-align:left;vertical-align:top;padding:13px 16px;font-size:15px;line-height:1.55;border:0;overflow-wrap:break-word\">Do not wait, follicles are time-critical<\/td>\n      <\/tr>\n    <\/tbody>\n  <\/table>\n<\/div>\n\n\n\n<h2 class=\"wp-block-heading\" id=\"auswirkungen\">What effects can baldness at the back of the head have on those affected?<\/h2>\n\n\n\n<p class=\"wp-block-paragraph\"><strong>Hair loss at the back of the head is a measurable burden for many of those affected, but according to the evidence it is not a trigger of clinical depression.<\/strong> The back of the head has one peculiarity here: you never see it yourself, while other people see it constantly. That is exactly where the sense of having handed over control of your own appearance comes from.<\/p>\n\n\n\n<p class=\"wp-block-paragraph\">What many people feel day to day can also be shown in numbers. A meta-analysis in JAMA Dermatology covering 41 studies with 7,995 patients found a significant impairment of quality of life in androgenetic alopecia and a moderately burdened emotional dimension (DLQI 8.16; Hair-Specific Skindex-29: 29.22 points).<sup>[12]<\/sup> The same analysis, however, found no significant association with clinical depression.<\/p>\n\n\n\n<p class=\"wp-block-paragraph\">That is the more important message behind the figures: the burden is real and there is no reason to play it down, but it is not a diagnosis either. Younger men in particular experience the change as a turning point, feel older than they are, or avoid photos and group situations. In the few studies available on this, women reported lower self-esteem than men.<sup>[12]<\/sup><\/p>\n\n\n\n<p class=\"wp-block-paragraph\">How strongly the burden is felt varies a great deal from person to person. What is clear, though: for many people hair loss is more than a cosmetic issue. Looking at the causes and the possible treatment options early helps to put the situation in perspective and to regain confidence in dealing with your own appearance.<\/p>\n\n\n\n<h2 class=\"wp-block-heading\" id=\"diagnose\">Diagnosis and treatment options<\/h2>\n\n\n\n<p class=\"wp-block-paragraph\"><strong>Diagnosing hair loss at the back of the head runs through trichoscopy, a pull test, blood tests and, in exceptional cases, a biopsy; the treatment then follows the cause that has been found.<\/strong> Targeted therapy is only possible once that cause is known. That is how reversible triggers are recognised, and progressive hair loss can in some cases be slowed down.<\/p>\n\n\n\n<p class=\"wp-block-paragraph\">One exception is hereditary hair loss. With this form, the loss cannot be halted completely by medical means, only limited or slowed. That makes a realistic view of the possible therapies all the more important.<\/p>\n\n\n\n<p class=\"wp-block-paragraph\">A dermatologist is <a href=\"\/uk\/blog\/hair-loss-which-doctor-to-see\/\">the right person for the diagnostic work-up<\/a>. Examining the scalp and hair roots and, where appropriate, running blood tests can reveal hormonal, metabolic or other causes. On that basis it can be judged which treatment options make sense in an individual case.<\/p>\n\n\n\n<h3 class=\"wp-block-heading\">What actually happens at your appointment<\/h3>\n\n\n\n<p class=\"wp-block-paragraph\">The work-up for hair loss at the back of the head consists of four steps, each of which answers a question of its own. <strong>Trichoscopy<\/strong>, meaning dermoscopy of the scalp, is the centrepiece: it shows the anisotrichosis of androgenetic hair loss (threshold 20% in men, 10% in women), the exclamation mark hairs of alopecia areata and the loss of follicular openings as a sign of scarring alopecia.<sup>[5][6]<\/sup><\/p>\n\n\n\n<ul class=\"wp-block-list\">\n<li><strong>Trichoscopy:<\/strong> Is there miniaturisation, are the follicular openings preserved, are there signs of inflammation? That separates androgenetic, patchy and scarring forms.<\/li>\n\n\n<li><strong>Pull test and trichogram:<\/strong> How active is the shedding right now, and which cycle phase are the hairs in? That separates acute diffuse shedding from slow pattern hair loss.<\/li>\n\n\n<li><strong>Blood tests:<\/strong> Ferritin, TSH, vitamin D and zinc, plus androgen status in women. This finds reversible contributing causes, which an <a href=\"\/uk\/blog\/causes-of-hair-loss\/\">overview of the causes of hair loss<\/a> describes in detail.<\/li>\n\n\n<li><strong>Biopsy:<\/strong> only if a scarring alopecia is suspected, when follicular openings are missing or the skin looks shiny and smooth.<\/li>\n\n<\/ul>\n\n\n<div class=\"wp-block-image\">\n<figure class=\"aligncenter size-large is-resized\" style=\"max-width:720px;margin-left:auto;margin-right:auto\"><img decoding=\"async\" src=\"https:\/\/elithair.com\/uk\/wp-content\/uploads\/sites\/3\/2026\/08\/trichoskopie_untersuchung-1.png\" alt=\"A doctor examines a patient's whorl area with a dermatoscope\" class=\"wp-image-96609\" style=\"width:720px;max-width:100%;height:auto\"\/><\/figure>\n<\/div>\n\n\n<div style=\"background:#f7f9fc;border-left:5px solid #0079F1;border-radius:10px;padding:20px 22px;margin:8px 0 28px\">\n<p style=\"margin:0 0 12px;color:#013366;font-weight:700;font-size:17px\">Do not wait if \u2026<\/p>\n<ul style=\"margin:0;padding-left:20px;color:#2e3033;font-size:15px;line-height:1.8\">\n<li>the patch is round and sharply defined, with smooth skin<\/li>\n<li>the scalp reddens, scales, weeps, shows pustules or hurts<\/li>\n<li>the skin looks shiny and smooth without visible follicular openings (a sign of scarring)<\/li>\n<li>the shedding started suddenly within a few weeks<\/li>\n<li>patches appear on a child<\/li>\n<li>there are general symptoms as well, such as fatigue, weight changes or menstrual irregularities<\/li>\n<\/ul>\n<p style=\"margin:12px 0 0;color:#2e3033;font-size:14.5px\">The reason for the hurry: with inflammatory and scarring forms, time decides whether the follicle survives. With a purely androgenetic course you can plan calmly.<\/p>\n<\/div>\n\n\n\n<figure class=\"wp-block-image size-full\"><img decoding=\"async\" src=\"https:\/\/elithair.com\/uk\/wp-content\/uploads\/sites\/3\/2026\/08\/bestand_95875.png\" alt=\"Elithair hair care range for hair loss\" class=\"wp-image-96616\"\/><\/figure>\n\n\n\n<h3 class=\"wp-block-heading\">Preventing hair loss at the back of the head<\/h3>\n\n\n\n<p class=\"wp-block-paragraph\"><strong>Hair loss at the back of the head can only be prevented where a mechanical or a reversible cause is behind it; no care routine prevents the hereditary course at the vertex.<\/strong> Preventive measures therefore make sense above all with an early or mild finding and after a medical work-up. In some cases, adjusting your lifestyle helps on its own, for instance reducing stress or eating a balanced diet.<\/p>\n\n\n\n<p class=\"wp-block-paragraph\">Gentle hair and scalp care plays a role as well. Mild shampoos, lukewarm water and going easy on the heat when blow-drying or styling put less strain on the scalp. When combing, too, unnecessary pulling should be avoided.<\/p>\n\n\n\n<p class=\"wp-block-paragraph\">For healthy hair growth the body needs various vitamins, minerals and trace elements such as zinc, biotin or magnesium. A balanced diet helps to supply the hair roots. If food alone does not cover it, supplements can help, but only in a targeted way and after professional advice.<\/p>\n\n\n\n<p class=\"wp-block-paragraph\">Specifically at the back of the head, there is also <strong>mechanical relief<\/strong> : change hairstyles that pull constantly, reduce friction from helmets and pillows, and use satin or silk instead of cotton to reduce night-time friction. For mechanically caused forms this addresses the cause, since traction alopecia is fully reversible early on.<sup>[8]<\/sup> With hereditary hair loss you have to stay honest: there is no evidence that care or lifestyle prevents it.<\/p>\n\n\n\n<h3 class=\"wp-block-heading\">Topical treatment option<\/h3>\n\n\n\n<p class=\"wp-block-paragraph\"><strong>The standard topical treatment for hair loss at the back of the head is minoxidil, and, of all places, its effect is best documented at the vertex.<\/strong> Alongside it, further drug-based approaches are available that can slow the loss or stabilise the existing hair. Frequently used are <a href=\"\/uk\/blog\/minoxidil-hair-loss\/\">minoxidil<\/a> or finasteride, which can have a densifying effect in certain forms of hair loss.<\/p>\n\n\n\n<p class=\"wp-block-paragraph\">For the whorl, the data are particularly good. The licensing studies on topical minoxidil defined their target area at the <strong>vertex<\/strong> and counted the number of non-vellus hairs there: in the randomised study by Olsen et al. (2002), 5% minoxidil produced about 45% more regrowth after 48 weeks than 2%.<sup>[13]<\/sup> First terminal hairs appear after roughly four months, a reliable assessment needs at least 24 weeks, and in the first 2 to 8 weeks a temporary increase in shedding is possible.<sup>[13][14][2]<\/sup><\/p>\n\n\n\n<p class=\"wp-block-paragraph\"><strong>An important limit in the same breath:<\/strong> This effect applies to androgenetic alopecia. It does not apply to alopecia areata, not to traction or pressure alopecia and not to inflammatory or scarring forms. Dabbing minoxidil on an alopecia areata patch at the nape wastes time that really matters there.<\/p>\n\n\n<div class=\"wp-block-image\">\n<figure class=\"aligncenter size-large is-resized\" style=\"max-width:720px;margin-left:auto;margin-right:auto\"><img decoding=\"async\" src=\"https:\/\/elithair.com\/uk\/wp-content\/uploads\/sites\/3\/2026\/08\/minoxidil_anwendung_wirbel.png\" alt=\"A man applies a solution with a pipette directly to the whorl area at the back of the head\" class=\"wp-image-96610\" style=\"width:720px;max-width:100%;height:auto\"\/><\/figure>\n<\/div>\n\n\n<p class=\"wp-block-paragraph\">A realistic view also matters: these therapies work <strong>only for as long as they are used<\/strong>. Once the treatment stops, the hair loss usually starts again. They are therefore not a permanent solution. In women of childbearing age, finasteride is not indicated.<sup>[3]<\/sup><\/p>\n\n\n\n<p class=\"wp-block-paragraph\">The add-on procedures, soberly classified: for <strong>PRP<\/strong> a 2023 meta-analysis of randomised studies shows significantly higher hair density after 3 and 6 months compared with placebo, but no significant difference in hair count or hair diameter.<sup>[15]<\/sup> In combination with minoxidil, density was better than under minoxidil alone.<sup>[16]<\/sup> <strong>Microneedling<\/strong> counts as a supplementary procedure with limited evidence, best studied in combination with light or drug therapy.<sup>[14]<\/sup> Finally, <strong>low-level laser therapy<\/strong> is listed by professional bodies as an option for androgenetic hair loss, and its evidence is weaker than that of minoxidil and finasteride.<sup>[17]<\/sup><\/p>\n\n\n\n<p class=\"wp-block-paragraph\">Which treatment makes sense depends on the cause and the stage. An early medical work-up is therefore decisive for choosing a suitable therapy and avoiding the wrong one. Applying something improperly or without a clear target can in some cases even make the loss worse.<\/p>\n\n\n\n<h2 class=\"wp-block-heading\" id=\"behandlungstabelle\">Which treatment fits which cause at the back of the head?<\/h2>\n\n\n\n<p class=\"wp-block-paragraph\">Treating hair loss at the back of the head follows the cause and not the spot: reversible causes are fixed, hereditary hair loss is slowed, and follicles that have been lost can only be replaced by a transplant. The fourth column of the table is the part most people underestimate, because every effect follows the hair cycle and not the calendar of the person waiting for it.<\/p>\n\n\n\n<style>\n@media (max-width:640px){\n.rt-table-wrap{overflow-x:visible!important;border:0!important;border-radius:0!important}\n.rt-table{min-width:0!important}\n.rt-table thead{display:none}\n.rt-table,.rt-table tbody,.rt-table tr,.rt-table td{display:block;width:100%}\n.rt-table caption{display:block;padding:0 0 12px!important}\n.rt-table tr{margin:0 0 12px;border:1px solid #dbe4f0;border-radius:10px;overflow:hidden}\n.rt-table tr:last-child{margin-bottom:0}\n.rt-table td{display:flex!important;flex-direction:column;gap:3px;padding:12px 14px!important;\nborder:0!important;border-bottom:1px solid #e3e8ef!important;background:#ffffff!important}\n.rt-table tr td:last-child{border-bottom:0!important}\n.rt-table td::before{content:attr(data-label);font-size:12px;font-weight:700;letter-spacing:.04em;\ntext-transform:uppercase;color:#5799F1}\n.rt-table td:not([data-label])::before,.rt-table td[data-label=\"\"]::before{display:none}\n}\n<\/style>\n<div class=\"rt-table-wrap\" style=\"overflow-x:auto;-webkit-overflow-scrolling:touch;margin:28px 0;border:1px solid #dbe4f0;border-radius:12px\">\n  <table class=\"rt-table\" style=\"width:100%;min-width:700px;table-layout:fixed;border-collapse:separate;border-spacing:0;font-size:15px;margin:0\">\n    <caption style=\"caption-side:top;text-align:left;color:#003366;font-weight:700;font-size:16px;line-height:1.35;padding:14px 16px 10px;background:#ffffff\">Cause, treatment and realistic time frame at the back of the head<\/caption>\n    <thead>\n      <tr>\n        <th style=\"width:20%;background:#003366;color:#ffffff;font-weight:700;text-align:left;vertical-align:middle;padding:13px 16px;font-size:15px;line-height:1.4;border:0;overflow-wrap:break-word\">Cause<\/th>\n        <th style=\"background:#003366;color:#ffffff;font-weight:700;text-align:left;vertical-align:middle;padding:13px 16px;font-size:15px;line-height:1.4;border:0;overflow-wrap:break-word\">Typical zone at the back of the head<\/th>\n        <th style=\"background:#003366;color:#ffffff;font-weight:700;text-align:left;vertical-align:middle;padding:13px 16px;font-size:15px;line-height:1.4;border:0;overflow-wrap:break-word\">What the treatment addresses<\/th>\n        <th style=\"background:#003366;color:#ffffff;font-weight:700;text-align:left;vertical-align:middle;padding:13px 16px;font-size:15px;line-height:1.4;border:0;overflow-wrap:break-word\">When you can see a result<\/th>\n        <th style=\"background:#003366;color:#ffffff;font-weight:700;text-align:left;vertical-align:middle;padding:13px 16px;font-size:15px;line-height:1.4;border:0;overflow-wrap:break-word\">Realistic expectation<\/th>\n      <\/tr>\n    <\/thead>\n    <tbody>\n      <tr>\n        <td data-label=\"Cause\" style=\"background:#ffffff;color:#003366;font-weight:700;text-align:left;vertical-align:top;padding:13px 16px;font-size:15px;line-height:1.55;border:0;border-bottom:1px solid #e3e8ef;overflow-wrap:break-word\">Androgenetic alopecia (vertex type)<\/td>\n        <td data-label=\"Typical zone at the back of the head\" style=\"background:#ffffff;color:#22303e;font-weight:400;text-align:left;vertical-align:top;padding:13px 16px;font-size:15px;line-height:1.55;border:0;border-bottom:1px solid #e3e8ef;overflow-wrap:break-word\">Whorl and upper back of the head<\/td>\n        <td data-label=\"What the treatment addresses\" style=\"background:#ffffff;color:#22303e;font-weight:400;text-align:left;vertical-align:top;padding:13px 16px;font-size:15px;line-height:1.55;border:0;border-bottom:1px solid #e3e8ef;overflow-wrap:break-word\">Topical minoxidil, finasteride after medical consideration, PRP as an add-on; transplant with a stable course<\/td>\n        <td data-label=\"When you can see a result\" style=\"background:#ffffff;color:#22303e;font-weight:400;text-align:left;vertical-align:top;padding:13px 16px;font-size:15px;line-height:1.55;border:0;border-bottom:1px solid #e3e8ef;overflow-wrap:break-word\">First terminal hairs after about 4 months, assessment from 24 weeks, maximum around week 48<\/td>\n        <td data-label=\"Realistic expectation\" style=\"background:#ffffff;color:#22303e;font-weight:400;text-align:left;vertical-align:top;padding:13px 16px;font-size:15px;line-height:1.55;border:0;border-bottom:1px solid #e3e8ef;overflow-wrap:break-word\">Stabilisation and densification, no restoration of youthful density; effect only while it is being used<\/td>\n      <\/tr>\n      <tr>\n        <td data-label=\"Cause\" style=\"background:#f6f9fc;color:#003366;font-weight:700;text-align:left;vertical-align:top;padding:13px 16px;font-size:15px;line-height:1.55;border:0;border-bottom:1px solid #e3e8ef;overflow-wrap:break-word\">Alopecia areata (including the ophiasis type)<\/td>\n        <td data-label=\"Typical zone at the back of the head\" style=\"background:#f6f9fc;color:#22303e;font-weight:400;text-align:left;vertical-align:top;padding:13px 16px;font-size:15px;line-height:1.55;border:0;border-bottom:1px solid #e3e8ef;overflow-wrap:break-word\">Circumscribed patches, band-shaped at the nape<\/td>\n        <td data-label=\"What the treatment addresses\" style=\"background:#f6f9fc;color:#22303e;font-weight:400;text-align:left;vertical-align:top;padding:13px 16px;font-size:15px;line-height:1.55;border:0;border-bottom:1px solid #e3e8ef;overflow-wrap:break-word\">Dermatological therapy according to current guidelines, no self-treatment<\/td>\n        <td data-label=\"When you can see a result\" style=\"background:#f6f9fc;color:#22303e;font-weight:400;text-align:left;vertical-align:top;padding:13px 16px;font-size:15px;line-height:1.55;border:0;border-bottom:1px solid #e3e8ef;overflow-wrap:break-word\">After the first episode, around 50% recover spontaneously within a year<\/td>\n        <td data-label=\"Realistic expectation\" style=\"background:#f6f9fc;color:#22303e;font-weight:400;text-align:left;vertical-align:top;padding:13px 16px;font-size:15px;line-height:1.55;border:0;border-bottom:1px solid #e3e8ef;overflow-wrap:break-word\">Course in flare-ups, relapses are common; transplanting into active patches is contraindicated<\/td>\n      <\/tr>\n      <tr>\n        <td data-label=\"Cause\" style=\"background:#ffffff;color:#003366;font-weight:700;text-align:left;vertical-align:top;padding:13px 16px;font-size:15px;line-height:1.55;border:0;border-bottom:1px solid #e3e8ef;overflow-wrap:break-word\">Traction alopecia (tension)<\/td>\n        <td data-label=\"Typical zone at the back of the head\" style=\"background:#ffffff;color:#22303e;font-weight:400;text-align:left;vertical-align:top;padding:13px 16px;font-size:15px;line-height:1.55;border:0;border-bottom:1px solid #e3e8ef;overflow-wrap:break-word\">Tension lines, base of a ponytail, bun, extensions<\/td>\n        <td data-label=\"What the treatment addresses\" style=\"background:#ffffff;color:#22303e;font-weight:400;text-align:left;vertical-align:top;padding:13px 16px;font-size:15px;line-height:1.55;border:0;border-bottom:1px solid #e3e8ef;overflow-wrap:break-word\">Stop the tension, change the hairstyle, medical check-up<\/td>\n        <td data-label=\"When you can see a result\" style=\"background:#ffffff;color:#22303e;font-weight:400;text-align:left;vertical-align:top;padding:13px 16px;font-size:15px;line-height:1.55;border:0;border-bottom:1px solid #e3e8ef;overflow-wrap:break-word\">3 to 6 months after the tension is gone, if there is no scarring yet<\/td>\n        <td data-label=\"Realistic expectation\" style=\"background:#ffffff;color:#22303e;font-weight:400;text-align:left;vertical-align:top;padding:13px 16px;font-size:15px;line-height:1.55;border:0;border-bottom:1px solid #e3e8ef;overflow-wrap:break-word\">Fully reversible early on; after years of tension it scars and is then permanent<\/td>\n      <\/tr>\n      <tr>\n        <td data-label=\"Cause\" style=\"background:#f6f9fc;color:#003366;font-weight:700;text-align:left;vertical-align:top;padding:13px 16px;font-size:15px;line-height:1.55;border:0;border-bottom:1px solid #e3e8ef;overflow-wrap:break-word\">Friction or pressure alopecia<\/td>\n        <td data-label=\"Typical zone at the back of the head\" style=\"background:#f6f9fc;color:#22303e;font-weight:400;text-align:left;vertical-align:top;padding:13px 16px;font-size:15px;line-height:1.55;border:0;border-bottom:1px solid #e3e8ef;overflow-wrap:break-word\">Contact points: pillow, headrest, helmet, collar<\/td>\n        <td data-label=\"What the treatment addresses\" style=\"background:#f6f9fc;color:#22303e;font-weight:400;text-align:left;vertical-align:top;padding:13px 16px;font-size:15px;line-height:1.55;border:0;border-bottom:1px solid #e3e8ef;overflow-wrap:break-word\">Remove the trigger, reduce friction<\/td>\n        <td data-label=\"When you can see a result\" style=\"background:#f6f9fc;color:#22303e;font-weight:400;text-align:left;vertical-align:top;padding:13px 16px;font-size:15px;line-height:1.55;border:0;border-bottom:1px solid #e3e8ef;overflow-wrap:break-word\">3 to 6 months of observation after the strain is gone<\/td>\n        <td data-label=\"Realistic expectation\" style=\"background:#f6f9fc;color:#22303e;font-weight:400;text-align:left;vertical-align:top;padding:13px 16px;font-size:15px;line-height:1.55;border:0;border-bottom:1px solid #e3e8ef;overflow-wrap:break-word\">Usually reversible as long as no scarring has set in<\/td>\n      <\/tr>\n      <tr>\n        <td data-label=\"Cause\" style=\"background:#ffffff;color:#003366;font-weight:700;text-align:left;vertical-align:top;padding:13px 16px;font-size:15px;line-height:1.55;border:0;border-bottom:1px solid #e3e8ef;overflow-wrap:break-word\">Inflammatory or scarring alopecia (including acne keloidalis nuchae)<\/td>\n        <td data-label=\"Typical zone at the back of the head\" style=\"background:#ffffff;color:#22303e;font-weight:400;text-align:left;vertical-align:top;padding:13px 16px;font-size:15px;line-height:1.55;border:0;border-bottom:1px solid #e3e8ef;overflow-wrap:break-word\">Lower hairline and nape<\/td>\n        <td data-label=\"What the treatment addresses\" style=\"background:#ffffff;color:#22303e;font-weight:400;text-align:left;vertical-align:top;padding:13px 16px;font-size:15px;line-height:1.55;border:0;border-bottom:1px solid #e3e8ef;overflow-wrap:break-word\">Prompt dermatological treatment of the inflammation<\/td>\n        <td data-label=\"When you can see a result\" style=\"background:#ffffff;color:#22303e;font-weight:400;text-align:left;vertical-align:top;padding:13px 16px;font-size:15px;line-height:1.55;border:0;border-bottom:1px solid #e3e8ef;overflow-wrap:break-word\">The goal is to stop the inflammation, not regrowth; if treated early, the prognosis is good<\/td>\n        <td data-label=\"Realistic expectation\" style=\"background:#ffffff;color:#22303e;font-weight:400;text-align:left;vertical-align:top;padding:13px 16px;font-size:15px;line-height:1.55;border:0;border-bottom:1px solid #e3e8ef;overflow-wrap:break-word\">Scarred areas do not grow back, active forms are a contraindication for a transplant<\/td>\n      <\/tr>\n      <tr>\n        <td data-label=\"Cause\" style=\"background:#f6f9fc;color:#003366;font-weight:700;text-align:left;vertical-align:top;padding:13px 16px;font-size:15px;line-height:1.55;border:0;overflow-wrap:break-word\">Diffuse hair loss (telogen effluvium, deficiency, thyroid)<\/td>\n        <td data-label=\"Typical zone at the back of the head\" style=\"background:#f6f9fc;color:#22303e;font-weight:400;text-align:left;vertical-align:top;padding:13px 16px;font-size:15px;line-height:1.55;border:0;overflow-wrap:break-word\">Whole head, first noticeable at the whorl<\/td>\n        <td data-label=\"What the treatment addresses\" style=\"background:#f6f9fc;color:#22303e;font-weight:400;text-align:left;vertical-align:top;padding:13px 16px;font-size:15px;line-height:1.55;border:0;overflow-wrap:break-word\">Treat the cause: iron, thyroid, medication, trigger<\/td>\n        <td data-label=\"When you can see a result\" style=\"background:#f6f9fc;color:#22303e;font-weight:400;text-align:left;vertical-align:top;padding:13px 16px;font-size:15px;line-height:1.55;border:0;overflow-wrap:break-word\">First new hairs after about 3 to 6 months, density assessable after 9 to 12 months<\/td>\n        <td data-label=\"Realistic expectation\" style=\"background:#f6f9fc;color:#22303e;font-weight:400;text-align:left;vertical-align:top;padding:13px 16px;font-size:15px;line-height:1.55;border:0;overflow-wrap:break-word\">Usually reversible; a transplant is not indicated here<\/td>\n      <\/tr>\n    <\/tbody>\n  <\/table>\n<\/div>\n\n\n\n<p class=\"wp-block-paragraph\">Why the time frames look the way they do is explained by the hair cycle: the growth phase (anagen) lasts 2 to 5 years, the resting phase (telogen) around 3 months, and about 15% of follicles are normally in telogen. A follicle that is pushed into the resting phase today can only produce a visible hair again months later. The following table shows the typical course after a reversible cause has been fixed.<\/p>\n\n\n\n<style>\n@media (max-width:640px){\n.rt-table-wrap{overflow-x:visible!important;border:0!important;border-radius:0!important}\n.rt-table{min-width:0!important}\n.rt-table thead{display:none}\n.rt-table,.rt-table tbody,.rt-table tr,.rt-table td{display:block;width:100%}\n.rt-table caption{display:block;padding:0 0 12px!important}\n.rt-table tr{margin:0 0 12px;border:1px solid #dbe4f0;border-radius:10px;overflow:hidden}\n.rt-table tr:last-child{margin-bottom:0}\n.rt-table td{display:flex!important;flex-direction:column;gap:3px;padding:12px 14px!important;\nborder:0!important;border-bottom:1px solid #e3e8ef!important;background:#ffffff!important}\n.rt-table tr td:last-child{border-bottom:0!important}\n.rt-table td::before{content:attr(data-label);font-size:12px;font-weight:700;letter-spacing:.04em;\ntext-transform:uppercase;color:#5799F1}\n.rt-table td:not([data-label])::before,.rt-table td[data-label=\"\"]::before{display:none}\n}\n<\/style>\n<div class=\"rt-table-wrap\" style=\"overflow-x:auto;-webkit-overflow-scrolling:touch;margin:28px 0;border:1px solid #dbe4f0;border-radius:12px\">\n  <table class=\"rt-table\" style=\"width:100%;min-width:620px;table-layout:fixed;border-collapse:separate;border-spacing:0;font-size:15px;margin:0\">\n    <caption style=\"caption-side:top;text-align:left;color:#003366;font-weight:700;font-size:16px;line-height:1.35;padding:14px 16px 10px;background:#ffffff\">Regrowth timeline after the cause has been fixed<\/caption>\n    <thead>\n      <tr>\n        <th style=\"width:22%;background:#003366;color:#ffffff;font-weight:700;text-align:left;vertical-align:middle;padding:13px 16px;font-size:15px;line-height:1.4;border:0;overflow-wrap:break-word\">Period<\/th>\n        <th style=\"background:#003366;color:#ffffff;font-weight:700;text-align:left;vertical-align:middle;padding:13px 16px;font-size:15px;line-height:1.4;border:0;overflow-wrap:break-word\">What happens in the follicle<\/th>\n        <th style=\"background:#003366;color:#ffffff;font-weight:700;text-align:left;vertical-align:middle;padding:13px 16px;font-size:15px;line-height:1.4;border:0;overflow-wrap:break-word\">What you see<\/th>\n      <\/tr>\n    <\/thead>\n    <tbody>\n      <tr>\n        <td data-label=\"Period\" style=\"background:#ffffff;color:#003366;font-weight:700;text-align:left;vertical-align:top;padding:13px 16px;font-size:15px;line-height:1.55;border:0;border-bottom:1px solid #e3e8ef;overflow-wrap:break-word\">Month 1 to 2<\/td>\n        <td data-label=\"What happens in the follicle\" style=\"background:#ffffff;color:#22303e;font-weight:400;text-align:left;vertical-align:top;padding:13px 16px;font-size:15px;line-height:1.55;border:0;border-bottom:1px solid #e3e8ef;overflow-wrap:break-word\">The trigger is gone, the telogen rate slowly normalises<\/td>\n        <td data-label=\"What you see\" style=\"background:#ffffff;color:#22303e;font-weight:400;text-align:left;vertical-align:top;padding:13px 16px;font-size:15px;line-height:1.55;border:0;border-bottom:1px solid #e3e8ef;overflow-wrap:break-word\">The increased shedding subsides; the brush stays emptier<\/td>\n      <\/tr>\n      <tr>\n        <td data-label=\"Period\" style=\"background:#f6f9fc;color:#003366;font-weight:700;text-align:left;vertical-align:top;padding:13px 16px;font-size:15px;line-height:1.55;border:0;border-bottom:1px solid #e3e8ef;overflow-wrap:break-word\">Month 3 to 4<\/td>\n        <td data-label=\"What happens in the follicle\" style=\"background:#f6f9fc;color:#22303e;font-weight:400;text-align:left;vertical-align:top;padding:13px 16px;font-size:15px;line-height:1.55;border:0;border-bottom:1px solid #e3e8ef;overflow-wrap:break-word\">Resting follicles re-enter the growth phase (anagen)<\/td>\n        <td data-label=\"What you see\" style=\"background:#f6f9fc;color:#22303e;font-weight:400;text-align:left;vertical-align:top;padding:13px 16px;font-size:15px;line-height:1.55;border:0;border-bottom:1px solid #e3e8ef;overflow-wrap:break-word\">No densification yet, but the shedding has calmed down<\/td>\n      <\/tr>\n      <tr>\n        <td data-label=\"Period\" style=\"background:#ffffff;color:#003366;font-weight:700;text-align:left;vertical-align:top;padding:13px 16px;font-size:15px;line-height:1.55;border:0;border-bottom:1px solid #e3e8ef;overflow-wrap:break-word\">Month 5 to 6<\/td>\n        <td data-label=\"What happens in the follicle\" style=\"background:#ffffff;color:#22303e;font-weight:400;text-align:left;vertical-align:top;padding:13px 16px;font-size:15px;line-height:1.55;border:0;border-bottom:1px solid #e3e8ef;overflow-wrap:break-word\">New hairs grow out, short and fine at first<\/td>\n        <td data-label=\"What you see\" style=\"background:#ffffff;color:#22303e;font-weight:400;text-align:left;vertical-align:top;padding:13px 16px;font-size:15px;line-height:1.55;border:0;border-bottom:1px solid #e3e8ef;overflow-wrap:break-word\">Short new hairs at the roots, often visible at the parting as \u201cbaby hair\u201d<\/td>\n      <\/tr>\n      <tr>\n        <td data-label=\"Period\" style=\"background:#f6f9fc;color:#003366;font-weight:700;text-align:left;vertical-align:top;padding:13px 16px;font-size:15px;line-height:1.55;border:0;overflow-wrap:break-word\">Month 9 to 12<\/td>\n        <td data-label=\"What happens in the follicle\" style=\"background:#f6f9fc;color:#22303e;font-weight:400;text-align:left;vertical-align:top;padding:13px 16px;font-size:15px;line-height:1.55;border:0;overflow-wrap:break-word\">The new hairs reach length and calibre<\/td>\n        <td data-label=\"What you see\" style=\"background:#f6f9fc;color:#22303e;font-weight:400;text-align:left;vertical-align:top;padding:13px 16px;font-size:15px;line-height:1.55;border:0;overflow-wrap:break-word\">Density can be assessed, now the photo comparison pays off<\/td>\n      <\/tr>\n    <\/tbody>\n  <\/table>\n<\/div>\n\n\n\n<p class=\"wp-block-paragraph\">One option is missing from the table, because it changes nothing medically and yet carries many people through this time: <strong>camouflage<\/strong>. At the whorl, what works above all is a shorter cut, because it reduces the contrast between hair and scalp, plus matte instead of shiny products, no gel that clumps strands together, and hair fibres or scalp micropigmentation if needed. It is a deliberate interim step, as long as the diagnosis is still open or you decide against treatment. The only thing that matters is that camouflage does not replace the work-up: an inflammatory or scarring cause does not get better underneath it, it just becomes invisible.<\/p>\n\n\n<div class=\"wp-block-image\">\n<figure class=\"aligncenter size-large is-resized\" style=\"max-width:720px;margin-left:auto;margin-right:auto\"><img decoding=\"async\" src=\"https:\/\/elithair.com\/uk\/wp-content\/uploads\/sites\/3\/2026\/08\/kurzer_schnitt_kaschieren.png\" alt=\"Man with a very short haircut seen from behind at an angle, the contrast between hair and scalp barely noticeable\" class=\"wp-image-96611\" style=\"width:720px;max-width:100%;height:auto\"\/><\/figure>\n<\/div>\n\n\n<h3 class=\"wp-block-heading\">Hair systems and hairpieces at Norwood VI and VII<\/h3>\n\n\n\n<p class=\"wp-block-paragraph\"><strong>A modern hair system, meaning a human-hair piece fitted to the scalp, is the most honest non-surgical alternative at Norwood VI and VII<\/strong>, because at these stages the rim of hair as a donor area is rarely enough for an even full density across the whole surface. It does not change the hair loss; it covers it, and it does so immediately instead of after months.<\/p>\n\n\n\n<p class=\"wp-block-paragraph\">Anyone considering this should know three things. The system is glued on or woven in and needs regular maintenance, usually every few weeks. At the transition to your own hair, the craftsmanship of the fitting determines the result, not the price of the material. And the scalp underneath has to be healthy: with inflammatory or scarring forms at the back of the head, the condition needs to be treated first, otherwise the system covers up a finding that costs time.<\/p>\n\n\n\n<p class=\"wp-block-paragraph\">It also makes sense as an interim solution while the course is still active. For many people, a hair system or scalp micropigmentation is the way to bridge the years until the finding is stable, without deciding on a procedure under pressure. Others get along just as well with a consistently short cut. Both are legitimate decisions and not a last resort.<\/p>\n\n\n\n<h3 class=\"wp-block-heading\">Dermatologist or hair clinic: who should you see?<\/h3>\n\n\n\n<p class=\"wp-block-paragraph\"><strong>With inflammatory, patchy, sudden or unclear findings at the back of the head, your GP or a dermatology clinic is the right first port of call; with a hereditary vertex course, a hair clinic answers the question of donor area and feasibility.<\/strong> The two paths do not compete; they answer different questions.<\/p>\n\n\n\n<p class=\"wp-block-paragraph\">In practice that means: redness, scaling, pustules, pain, shiny smooth skin without follicular openings, round patches or an onset within a few weeks belong in a dermatological work-up, including blood tests and, if needed, a biopsy. A slowly growing thinning area around the whorl without signs of inflammation, on the other hand, is the classic case for an assessment of whether and when anything can be planned at the vertex at all.<\/p>\n\n\n\n<p class=\"wp-block-paragraph\">That is exactly where our free hair analysis comes in. It is a visual pattern analysis of your photos: it places the zone, estimates the Norwood stage and the donor area and, above all, answers whether a transplant is the right therapy at this point at all. For a substantial share of enquiries it is not, and then we say so. It does not replace a medical blood test or a dermatological diagnosis.<\/p>\n\n\n\n<div class=\"wp-block-buttons is-content-justification-center is-layout-flex wp-container-core-buttons-is-layout-fe48e5de wp-block-buttons-is-layout-flex\" style=\"justify-content:center;margin-bottom:48px\"><div class=\"wp-block-button\"><a class=\"wp-block-button__link wp-element-button\" style=\"background-color:#0079F1;color:#ffffff;border-radius:8px;padding:15px 36px;font-weight:700;font-size:17px\" href=\"\/uk\/hair-analysis\/\">Start your free hair analysis<\/a><\/div><\/div>\n\n\n\n<figure class=\"wp-block-image size-full\"><img decoding=\"async\" src=\"https:\/\/elithair.com\/uk\/wp-content\/uploads\/sites\/3\/2026\/08\/bestand_95876.png\" alt=\"The medical team at Elithair during a hair transplant\" class=\"wp-image-96617\"\/><\/figure>\n\n\n\n<h2 class=\"wp-block-heading\" id=\"eigenhaarverpflanzung\">Hair transplant at the back of the head: when it is the permanent solution<\/h2>\n\n\n\n<p class=\"wp-block-paragraph\">A hair transplant at the back of the head works permanently when the hair loss is androgenetic and stable in its course and the donor area is sufficient. With <strong>hair loss at the back of the head<\/strong> caused by androgenetic alopecia, non-surgical treatments often reach their limits. The hair roots in the affected area are then heavily miniaturised and, at the final stage, replaced by connective tissue; they no longer produce visible hair.<sup>[18]<\/sup> In this case, a transplant using your own hair is considered the only medically established way to replace lost hair permanently.<\/p>\n\n\n\n<p class=\"wp-block-paragraph\">The advantage is that genetically stable hair follicles are usually still present at the sides and the back of the head. These do not react sensitively to dihydrotestosterone (DHT) and are therefore suitable as donor hair. How much may be harvested from this zone is part of the medical planning, and the article on the donor area explains it.<\/p>\n\n\n\n<p class=\"wp-block-paragraph\">The extraction is usually done with the <a href=\"\/uk\/technique\/fue-hair-transplant\/\"><strong>FUE method<\/strong> (Follicular Unit Extraction)<\/a>, in which individual follicular units are removed gently and with minimal scarring. For placing the hair follicles precisely, the <a href=\"\/uk\/technique\/dhi-hair-transplant\/\"><strong>DHI technique<\/strong> (Direct Hair Implantation)<\/a> is used, which at Elithair is standard and included in the price. It allows precise control of growth direction and density, and that is exactly what counts at the whorl.<\/p>\n\n\n\n<p class=\"wp-block-paragraph\">After an initial resting phase, new hair growth begins and develops over several months. The result can usually be assessed after 9 to 12 months. What you get is permanently growing hair of your own with a natural appearance. The design of the area and the growth direction are determined by the doctor, and every step is signed off by a doctor.<\/p>\n\n\n<div class=\"wp-block-image\">\n<figure class=\"aligncenter size-large is-resized\" style=\"max-width:560px;margin-left:auto;margin-right:auto\"><img decoding=\"async\" src=\"https:\/\/elithair.com\/uk\/wp-content\/uploads\/sites\/3\/2026\/08\/fue_dhi_vertex.png\" alt=\"Diagram of extraction from the occipital donor area and implantation with growth direction in the whorl area\" class=\"wp-image-96612\" style=\"width:560px;max-width:100%;height:auto\"\/><\/figure>\n<\/div>\n\n\n<div style=\"border:1px solid #e3e8ef;border-radius:10px;padding:20px 22px;margin:8px 0 28px\">\n<p style=\"margin:0 0 10px;color:#013366;font-weight:700;font-size:17px\">When a transplant at the whorl makes sense<\/p>\n<p style=\"margin:0 0 6px;color:#013366;font-weight:600;font-size:15px\">Speaks in favour<\/p>\n<ul style=\"margin:0 0 14px;padding-left:20px;color:#2e3033;font-size:15px;line-height:1.75\">\n<li>The androgenetic cause has been medically confirmed<\/li>\n<li>The course has been stable for at least a year or has been stabilised with medication<\/li>\n<li>The donor area at the back of the head is dense and large enough<\/li>\n<li>Expectations for the density achievable at the whorl are realistic<\/li>\n<\/ul>\n<p style=\"margin:0 0 6px;color:#013366;font-weight:600;font-size:15px\">Speaks against it, or for waiting<\/p>\n<ul style=\"margin:0;padding-left:20px;color:#2e3033;font-size:15px;line-height:1.75\">\n<li>Active or unstable alopecia areata: transplanting into an active patch is contraindicated, because the autoimmune process can attack transplanted follicles as well<\/li>\n<li>Untreated inflammatory or scarring alopecia<\/li>\n<li>Very young patient with rapidly progressing loss<\/li>\n<li>Diffuse hair loss across the whole head<\/li>\n<li>Weakened or thinned-out donor area<\/li>\n<\/ul>\n<p style=\"margin:12px 0 0;color:#5b6169;font-size:13.5px;font-style:italic\">This list is a guide. Suitability is always decided by the doctor in the individual case.<\/p>\n<\/div>\n\n\n\n<p class=\"wp-block-paragraph\">One point about the surface that helps with the decision: the vertex is an area with a whorl structure, not a line. For the same visible effect it takes more grafts than at the hairline, and if the hair loss is still progressing, donor hair has to be kept in reserve for later. That is why young patients with active vertex loss are often stabilised first and transplanted later. The procedure and the details of a transplant in the whorl area are covered in a separate article.<\/p>\n\n\n\n<h2 class=\"wp-block-heading\" id=\"behandlung\">Tailoring the treatment of hair loss at the back of the head to the individual<\/h2>\n\n\n\n<p class=\"wp-block-paragraph\"><strong>Hair loss at the back of the head is not a condition in its own right; it is a symptom, which is why every sensible treatment starts at the cause and not at the bald patch.<\/strong> If a genetic predisposition is behind it, lost follicles can only be replaced long term by a <a href=\"\/uk\/treatment\/hair-transplant\/\">hair transplant<\/a> . With all other causes the order is reversed: treat the cause first, then think about cosmetics or surgery.<\/p>\n\n\n\n<p class=\"wp-block-paragraph\">The next concrete step is a small one. Take the first photo of the back of your head today, following the photo diary, and mark a date three months from now in your calendar. If the comparison shows a growing area, or if you see one of the warning signs from the box above, then the finding belongs in a doctor&#8217;s hands, not in a forum.<\/p>\n\n\n<div class=\"wp-block-image\">\n<figure class=\"aligncenter size-large is-resized\" style=\"max-width:720px;margin-left:auto;margin-right:auto\"><img decoding=\"async\" src=\"https:\/\/elithair.com\/uk\/wp-content\/uploads\/sites\/3\/2026\/08\/hinterkopf_fotovergleich.png\" alt=\"A man compares photos on his smartphone at the kitchen table in daylight\" class=\"wp-image-96613\" style=\"width:720px;max-width:100%;height:auto\"\/><\/figure>\n<\/div>\n\n\n<h2 class=\"wp-block-heading\">Frequently asked questions about hair loss at the back of the head<\/h2>\n\n\n\n<div>\n<div style=\"border:1px solid #e3e8ef;border-radius:10px;padding:16px 18px;margin-bottom:12px\">\n<p style=\"margin:0 0 6px;color:#013366;font-weight:600;font-size:16px\">Is a visible whorl at the back of the head already hair loss?<\/p>\n<p style=\"margin:0;color:#2e3033;font-size:15px;line-height:1.6\"><strong>No.<\/strong> At the whorl, the hairs fan out in a spiral, which is why some scalp always shows through there. Only three signs point to hair loss: density that decreases towards the edge, short fine hairs among the strong ones (anisotrichosis of 20% or more in men) and an area that grows over three to six months.<\/p>\n<\/div>\n<div style=\"border:1px solid #e3e8ef;border-radius:10px;padding:16px 18px;margin-bottom:12px\">\n<p style=\"margin:0 0 6px;color:#013366;font-weight:600;font-size:16px\">How do I tell whether the bald patch at the back of my head is growing?<\/p>\n<p style=\"margin:0;color:#2e3033;font-size:15px;line-height:1.6\"><strong>Only by comparing photos under identical conditions.<\/strong> Daylight by a window, dry unstyled hair, the same distance and angle, photos now and after 3 and 6 months. Shorter intervals mainly show differences in light and styling, because the hair cycle takes several months.<\/p>\n<\/div>\n<div style=\"border:1px solid #e3e8ef;border-radius:10px;padding:16px 18px;margin-bottom:12px\">\n<p style=\"margin:0 0 6px;color:#013366;font-weight:600;font-size:16px\">Can hereditary hair loss occur only at the back of the head?<\/p>\n<p style=\"margin:0;color:#2e3033;font-size:15px;line-height:1.6\"><strong>Yes.<\/strong> That is the vertex type of androgenetic alopecia: the thinning patch starts at the whorl, and the hairline stays put at first. The Norwood scale lists it as stage III vertex. The lower back of the head and the nape are spared, because this occipital zone is DHT-resistant.<\/p>\n<\/div>\n<div style=\"border:1px solid #e3e8ef;border-radius:10px;padding:16px 18px;margin-bottom:12px\">\n<p style=\"margin:0 0 6px;color:#013366;font-weight:600;font-size:16px\">What does a round bald patch at the back of the head mean?<\/p>\n<p style=\"margin:0;color:#2e3033;font-size:15px;line-height:1.6\"><strong>Usually alopecia areata.<\/strong> A round, sharply defined patch with smooth skin points to it; the lifetime risk is around 2%. Band-shaped at the lower hairline it is called the ophiasis type, prevalence around 0.02%, with a less favourable prognosis. Both should be seen by a dermatologist promptly.<\/p>\n<\/div>\n<div style=\"border:1px solid #e3e8ef;border-radius:10px;padding:16px 18px;margin-bottom:12px\">\n<p style=\"margin:0 0 6px;color:#013366;font-weight:600;font-size:16px\">Can hair loss at the back of the head be caused by a pillow, a helmet or a headrest?<\/p>\n<p style=\"margin:0;color:#2e3033;font-size:15px;line-height:1.6\"><strong>Yes.<\/strong> As friction or pressure alopecia, exactly at the contact point, often with broken hairs. It usually resolves within 3 to 6 months once the strain is gone. Genuine pressure alopecia, by contrast, is described after hours of immobility, for instance after lengthy operations.<\/p>\n<\/div>\n<div style=\"border:1px solid #e3e8ef;border-radius:10px;padding:16px 18px;margin-bottom:12px\">\n<p style=\"margin:0 0 6px;color:#013366;font-weight:600;font-size:16px\">Hair loss at the back of the head in women: when is it critical?<\/p>\n<p style=\"margin:0;color:#2e3033;font-size:15px;line-height:1.6\"><strong>In women, any circumscribed patch at the back of the head needs an explanation.<\/strong> The female Ludwig pattern thins the parting and spares the back of the head. You should have it clarified promptly if there is a round, sharply defined patch, a reddened, scaling or painful scalp, shiny smooth skin without follicular openings, or a sudden onset.<\/p>\n<\/div>\n<div style=\"border:1px solid #e3e8ef;border-radius:10px;padding:16px 18px;margin-bottom:12px\">\n<p style=\"margin:0 0 6px;color:#013366;font-weight:600;font-size:16px\">Does hair loss at the back of the head grow back on its own?<\/p>\n<p style=\"margin:0;color:#2e3033;font-size:15px;line-height:1.6\"><strong>That depends on the cause.<\/strong> With alopecia areata, around 50% recover spontaneously within a year after the first episode; diffuse forms usually 3 to 6 months after the trigger is gone. Hereditary hair loss at the vertex does not reverse on its own, it progresses if left untreated.<\/p>\n<\/div>\n<div style=\"border:1px solid #e3e8ef;border-radius:10px;padding:16px 18px;margin-bottom:12px\">\n<p style=\"margin:0 0 6px;color:#013366;font-weight:600;font-size:16px\">Does minoxidil work better at the whorl than at the hairline?<\/p>\n<p style=\"margin:0;color:#2e3033;font-size:15px;line-height:1.6\"><strong>At the vertex the effect is best documented.<\/strong> That is where the licensing studies measured their target area. In Olsen et al. (2002), 5% minoxidil produced about 45% more regrowth after 48 weeks than 2%, with first terminal hairs after about 4 months. This applies only to androgenetic hair loss.<\/p>\n<\/div>\n<div style=\"border:1px solid #e3e8ef;border-radius:10px;padding:16px 18px;margin-bottom:12px\">\n<p style=\"margin:0 0 6px;color:#013366;font-weight:600;font-size:16px\">How many hairs a day are normal?<\/p>\n<p style=\"margin:0;color:#2e3033;font-size:15px;line-height:1.6\"><strong>50 to 100 hairs a day.<\/strong> That is the range named by the NHS and the American Academy of Dermatology; some guides say 70 to 100. There is no sharp cut-off, because the number varies with washing routine and season. It is notable when it stays consistently and clearly higher for weeks.<\/p>\n<\/div>\n<div style=\"border:1px solid #e3e8ef;border-radius:10px;padding:16px 18px;margin-bottom:12px\">\n<p style=\"margin:0 0 6px;color:#013366;font-weight:600;font-size:16px\">Am I too young in my early twenties for a transplant at the whorl?<\/p>\n<p style=\"margin:0;color:#2e3033;font-size:15px;line-height:1.6\"><strong>It is not age that decides, it is the stability of the course.<\/strong> With rapidly progressing vertex loss, the usual approach is to stabilise conservatively first; otherwise more hair is lost around the transplanted area and donor hair is missing later. Suitability is assessed by the doctor in each individual case.<\/p>\n<\/div>\n<div style=\"border:1px solid #e3e8ef;border-radius:10px;padding:16px 18px;margin-bottom:12px\">\n<p style=\"margin:0 0 6px;color:#013366;font-weight:600;font-size:16px\">Do gel and wax make the whorl look balder than it is?<\/p>\n<p style=\"margin:0;color:#2e3033;font-size:15px;line-height:1.6\"><strong>Yes, that is the most common false alarm.<\/strong> Wet hair or hair clumped with gel lies in strands, so scalp shows through at every whorl, and overhead light casts shadows into the swirl. There are no studies on this: judge only dry, unstyled hair in daylight.<\/p>\n<\/div>\n<div style=\"border:1px solid #e3e8ef;border-radius:10px;padding:16px 18px;margin-bottom:12px\">\n<p style=\"margin:0 0 6px;color:#013366;font-weight:600;font-size:16px\">Do I have hair loss or a double crown?<\/p>\n<p style=\"margin:0;color:#2e3033;font-size:15px;line-height:1.6\"><strong>A double crown is a growth pattern, not hair loss.<\/strong> Two swirls simply make the back of the head look more unruly. What counts is still density and trend: if the hair stays strong right up to both swirls and the picture is unchanged over months, it is a pattern. There are no reliable studies on this.<\/p>\n<\/div>\n<div style=\"border:1px solid #e3e8ef;border-radius:10px;padding:16px 18px;margin-bottom:12px\">\n<p style=\"margin:0 0 6px;color:#013366;font-weight:600;font-size:16px\">Is a sunburn at the whorl a warning sign?<\/p>\n<p style=\"margin:0;color:#2e3033;font-size:15px;line-height:1.6\"><strong>A plausible hint, not proof.<\/strong> Where hair is missing, UV protection is missing, and a sunburn exactly at the whorl points to reduced density at that spot. There is no study on this. Both make sense: wear a head covering and track the course photographically.<\/p>\n<\/div>\n<div style=\"border:1px solid #e3e8ef;border-radius:10px;padding:16px 18px;margin-bottom:12px\">\n<p style=\"margin:0 0 6px;color:#013366;font-weight:600;font-size:16px\">How can the progression of hair loss at the back of the head be slowed?<\/p>\n<p style=\"margin:0;color:#2e3033;font-size:15px;line-height:1.6\"><strong>Only partly, and only with medication.<\/strong> Minoxidil and finasteride can slow hereditary hair loss, but not stop it completely. At the vertex, first effects are to be expected after about 4 months, assessable from 24 weeks, and the effect lasts only while the treatment is being used. Professional advice is recommended.<\/p>\n<\/div>\n<div style=\"border:1px solid #e3e8ef;border-radius:10px;padding:16px 18px;margin-bottom:12px\">\n<p style=\"margin:0 0 6px;color:#013366;font-weight:600;font-size:16px\">What non-surgical solutions are there for hair loss at the back of the head?<\/p>\n<p style=\"margin:0;color:#2e3033;font-size:15px;line-height:1.6\"><strong>Camouflaging options, not causal ones.<\/strong> Hair thickening products, modern hair systems, wigs or hairpieces are temporary solutions, plus hair fibres, scalp micropigmentation and a shorter cut that reduces the contrast between hair and scalp. These options do not change the course.<\/p>\n<\/div>\n<div style=\"border:1px solid #e3e8ef;border-radius:10px;padding:16px 18px;margin-bottom:12px\">\n<p style=\"margin:0 0 6px;color:#013366;font-weight:600;font-size:16px\">How long does the result of a hair transplant at the back of the head last?<\/p>\n<p style=\"margin:0;color:#2e3033;font-size:15px;line-height:1.6\"><strong>As a rule, permanently.<\/strong> The transplanted hairs come from the DHT-resistant occipital zone and keep that property (donor dominance). The result can be assessed after 9 to 12 months. Your own hair loss next to it can continue, which is why stabilisation stays a topic.<\/p>\n<\/div>\n<div style=\"border:1px solid #e3e8ef;border-radius:10px;padding:16px 18px;margin-bottom:0\">\n<p style=\"margin:0 0 6px;color:#013366;font-weight:600;font-size:16px\">How do you care for transplanted hair after the procedure?<\/p>\n<p style=\"margin:0;color:#2e3033;font-size:15px;line-height:1.6\"><strong>Gently and without pressure on the recipient area.<\/strong> The products recommended by your doctor support the grafts taking hold. In the first weeks the rule is: no friction on the transplanted area, so no lying on the whorl either, no head covering unless your doctor has cleared it, and no picking at the scabs.<\/p>\n<\/div>\n<\/div>\n\n\n<div class=\"wp-block-image\">\n<figure class=\"aligncenter size-large is-resized\" style=\"max-width:720px;margin-left:auto;margin-right:auto\"><img decoding=\"async\" src=\"https:\/\/elithair.com\/uk\/wp-content\/uploads\/sites\/3\/2026\/08\/beratung_hinterkopf.png\" alt=\"Medical consultation about hair loss at the back of the head at a desk in daylight\" class=\"wp-image-96614\" style=\"width:720px;max-width:100%;height:auto\"\/><\/figure>\n<\/div>\n\n\n<h2 class=\"wp-block-heading\">Sources<\/h2>\n\n\n\n<div style=\"font-size:14px;color:#2e3033;line-height:1.75\">\n<ol style=\"margin:0;padding-left:26px\">\n<li id=\"ref1\">NHS, \u201cHair loss\u201d: <a href=\"https:\/\/www.nhs.uk\/symptoms\/hair-loss\/\" target=\"_blank\" rel=\"noopener\">nhs.uk<\/a><\/li>\n<li id=\"ref2\">\u201cMale Androgenetic Alopecia\u201d, Endotext, NCBI Bookshelf: <a href=\"https:\/\/www.ncbi.nlm.nih.gov\/books\/NBK278957\/\" target=\"_blank\" rel=\"noopener\">ncbi.nlm.nih.gov<\/a><\/li>\n<li id=\"ref3\">AEDV, Grupo Espa\u00f1ol de Tricolog\u00eda: consensus document on androgenetic alopecia, Actas Dermo-Sifiliogr\u00e1ficas: <a href=\"https:\/\/www.actasdermo.org\/es-recomendaciones-sobre-el-manejo-clinico-articulo-S000173102300844X\" target=\"_blank\" rel=\"noopener\">actasdermo.org<\/a><\/li>\n<li id=\"ref4\">\u201cPatient-Based Ratio Method for Permanent Zone Donor Area Calculation in Hair Transplant\u201d, PMC (donor dominance, Orentreich 1959): <a href=\"https:\/\/pmc.ncbi.nlm.nih.gov\/articles\/PMC11679175\/\" target=\"_blank\" rel=\"noopener\">pmc.ncbi.nlm.nih.gov<\/a><\/li>\n<li id=\"ref5\">\u201cTrichoscopy of Androgenetic Alopecia: A Systematic Review\u201d, PMC: <a href=\"https:\/\/www.ncbi.nlm.nih.gov\/pmc\/articles\/PMC11012765\/\" target=\"_blank\" rel=\"noopener\">ncbi.nlm.nih.gov<\/a><\/li>\n<li id=\"ref6\">Lintzeri et al. (2022): \u201cAlopecia areata\u201d, JDDG: <a href=\"https:\/\/onlinelibrary.wiley.com\/doi\/10.1111\/ddg.14689\" target=\"_blank\" rel=\"noopener\">onlinelibrary.wiley.com<\/a><\/li>\n<li id=\"ref7\">AWMF, S3 guideline on alopecia areata, reg. no. 013-104 (February 2026): register.awmf.org<\/li>\n<li id=\"ref8\">\u201cTraction Alopecia: Clinical and Cultural Patterns\u201d, PMC: <a href=\"https:\/\/pmc.ncbi.nlm.nih.gov\/articles\/PMC8530059\/\" target=\"_blank\" rel=\"noopener\">pmc.ncbi.nlm.nih.gov<\/a><\/li>\n<li id=\"ref9\">\u201cAcne Keloidalis Nuchae\u201d, StatPearls, NCBI Bookshelf: <a href=\"https:\/\/www.ncbi.nlm.nih.gov\/books\/NBK459135\/\" target=\"_blank\" rel=\"noopener\">ncbi.nlm.nih.gov<\/a><\/li>\n<li id=\"ref10\">American Academy of Dermatology, \u201cDo you have hair loss or hair shedding?\u201d: <a href=\"https:\/\/www.aad.org\/public\/diseases\/hair-loss\/insider\/shedding\" target=\"_blank\" rel=\"noopener\">aad.org<\/a><\/li>\n<li id=\"ref11\">\u201cFemale Pattern Hair Loss\u201d, PMC (Ludwig pattern): <a href=\"https:\/\/www.ncbi.nlm.nih.gov\/pmc\/articles\/PMC3968982\/\" target=\"_blank\" rel=\"noopener\">ncbi.nlm.nih.gov<\/a><\/li>\n<li id=\"ref12\">JAMA Dermatology: quality of life, depression and self-esteem in androgenetic alopecia (meta-analysis): <a href=\"https:\/\/jamanetwork.com\/journals\/jamadermatology\/fullarticle\/2781706\" target=\"_blank\" rel=\"noopener\">jamanetwork.com<\/a><\/li>\n<li id=\"ref13\">Olsen et al. (2002): 5% vs. 2% topical minoxidil, PubMed 12196747: <a href=\"https:\/\/pubmed.ncbi.nlm.nih.gov\/12196747\/\" target=\"_blank\" rel=\"noopener\">pubmed.ncbi.nlm.nih.gov<\/a><\/li>\n<li id=\"ref14\">\u201cExpanding the therapeutic landscape of minoxidil\u201d, Frontiers in Pharmacology 2025: <a href=\"https:\/\/www.frontiersin.org\/journals\/pharmacology\/articles\/10.3389\/fphar.2025.1718208\/full\" target=\"_blank\" rel=\"noopener\">frontiersin.org<\/a><\/li>\n<li id=\"ref15\">PRP in androgenetic alopecia, meta-analysis of randomised studies, PubMed 37533146: <a href=\"https:\/\/pubmed.ncbi.nlm.nih.gov\/37533146\/\" target=\"_blank\" rel=\"noopener\">pubmed.ncbi.nlm.nih.gov<\/a><\/li>\n<li id=\"ref16\">PRP in addition to topical minoxidil, meta-analysis, PMC: <a href=\"https:\/\/www.ncbi.nlm.nih.gov\/pmc\/articles\/PMC11356437\/\" target=\"_blank\" rel=\"noopener\">ncbi.nlm.nih.gov<\/a><\/li>\n<li id=\"ref17\">T\u00fcrk Dermatoloji Derne\u011fi: patient information on androgenetic hair loss (low-level laser therapy): <a href=\"https:\/\/turkdermatoloji.org.tr\/media\/pdf\/erkek%20Tipi%20Sa%C3%A7%20D%C3%B6k%C3%BClmesi%20(Androgenetik%20alopesi)%20Kopyas%C4%B1%20(3).pdf\" target=\"_blank\" rel=\"noopener\">turkdermatoloji.org.tr<\/a><\/li>\n<li id=\"ref18\">\u201cMale androgenetic alopecia\u201d (miniaturisation, fibrosis), PMC; additionally PubMed 33539849: <a href=\"https:\/\/pmc.ncbi.nlm.nih.gov\/articles\/PMC11962920\/\" target=\"_blank\" rel=\"noopener\">pmc.ncbi.nlm.nih.gov<\/a><\/li>\n<\/ol>\n<p style=\"margin:14px 0 0;color:#6b7280;font-size:13px;font-style:italic\">Medically reviewed, as of August 2026. This article is for information and does not replace a medical diagnosis or treatment. If you have round bald patches, a reddened, scaling, weeping or painful scalp, shiny smooth skin without visible follicular openings, or a sudden onset within a few weeks, please see a dermatologist promptly. Never stop prescribed medication on your own.<\/p>\n<\/div>\n\n\n\n<script type=\"application\/ld+json\">\n{\n  \"@context\": \"https:\/\/schema.org\",\n  \"@type\": \"FAQPage\",\n  \"mainEntity\": [\n    {\n      \"@type\": \"Question\",\n      \"name\": \"Is a visible whorl at the back of the head already hair loss?\",\n      \"acceptedAnswer\": {\n        \"@type\": \"Answer\",\n        \"text\": \"No. At the whorl, the hairs fan out in a spiral, which is why some scalp always shows through there. Only three signs point to hair loss: density that decreases towards the edge, short fine hairs among the strong ones (anisotrichosis of 20% or more in men) and an area that grows over three to six months.\"\n      }\n    },\n    {\n      \"@type\": \"Question\",\n      \"name\": \"How do I tell whether the bald patch at the back of my head is growing?\",\n      \"acceptedAnswer\": {\n        \"@type\": \"Answer\",\n        \"text\": \"Only by comparing photos under identical conditions. Daylight by a window, dry unstyled hair, the same distance and angle, photos now and after 3 and 6 months. Shorter intervals mainly show differences in light and styling, because the hair cycle takes several months.\"\n      }\n    },\n    {\n      \"@type\": \"Question\",\n      \"name\": \"Can hereditary hair loss occur only at the back of the head?\",\n      \"acceptedAnswer\": {\n        \"@type\": \"Answer\",\n        \"text\": \"Yes. That is the vertex type of androgenetic alopecia: the thinning patch starts at the whorl, and the hairline stays put at first. The Norwood scale lists it as stage III vertex. The lower back of the head and the nape are spared, because this occipital zone is DHT-resistant.\"\n      }\n    },\n    {\n      \"@type\": \"Question\",\n      \"name\": \"What does a round bald patch at the back of the head mean?\",\n      \"acceptedAnswer\": {\n        \"@type\": \"Answer\",\n        \"text\": \"Usually alopecia areata. A round, sharply defined patch with smooth skin points to it; the lifetime risk is around 2%. Band-shaped at the lower hairline it is called the ophiasis type, prevalence around 0.02%, with a less favourable prognosis. Both should be seen by a dermatologist promptly.\"\n      }\n    },\n    {\n      \"@type\": \"Question\",\n      \"name\": \"Can hair loss at the back of the head be caused by a pillow, a helmet or a headrest?\",\n      \"acceptedAnswer\": {\n        \"@type\": \"Answer\",\n        \"text\": \"Yes. As friction or pressure alopecia, exactly at the contact point, often with broken hairs. It usually resolves within 3 to 6 months once the strain is gone. Genuine pressure alopecia, by contrast, is described after hours of immobility, for instance after lengthy operations.\"\n      }\n    },\n    {\n      \"@type\": \"Question\",\n      \"name\": \"Hair loss at the back of the head in women: when is it critical?\",\n      \"acceptedAnswer\": {\n        \"@type\": \"Answer\",\n        \"text\": \"In women, any circumscribed patch at the back of the head needs an explanation. The female Ludwig pattern thins the parting and spares the back of the head. You should have it clarified promptly if there is a round, sharply defined patch, a reddened, scaling or painful scalp, shiny smooth skin without follicular openings, or a sudden onset.\"\n      }\n    },\n    {\n      \"@type\": \"Question\",\n      \"name\": \"Does hair loss at the back of the head grow back on its own?\",\n      \"acceptedAnswer\": {\n        \"@type\": \"Answer\",\n        \"text\": \"That depends on the cause. With alopecia areata, around 50% recover spontaneously within a year after the first episode; diffuse forms usually 3 to 6 months after the trigger is gone. Hereditary hair loss at the vertex does not reverse on its own, it progresses if left untreated.\"\n      }\n    },\n    {\n      \"@type\": \"Question\",\n      \"name\": \"Does minoxidil work better at the whorl than at the hairline?\",\n      \"acceptedAnswer\": {\n        \"@type\": \"Answer\",\n        \"text\": \"At the vertex the effect is best documented. That is where the licensing studies measured their target area. In Olsen et al. (2002), 5% minoxidil produced about 45% more regrowth after 48 weeks than 2%, with first terminal hairs after about 4 months. This applies only to androgenetic hair loss.\"\n      }\n    },\n    {\n      \"@type\": \"Question\",\n      \"name\": \"How many hairs a day are normal?\",\n      \"acceptedAnswer\": {\n        \"@type\": \"Answer\",\n        \"text\": \"50 to 100 hairs a day. That is the range named by the NHS and the American Academy of Dermatology; some guides say 70 to 100. There is no sharp cut-off, because the number varies with washing routine and season. It is notable when it stays consistently and clearly higher for weeks.\"\n      }\n    },\n    {\n      \"@type\": \"Question\",\n      \"name\": \"Am I too young in my early twenties for a transplant at the whorl?\",\n      \"acceptedAnswer\": {\n        \"@type\": \"Answer\",\n        \"text\": \"It is not age that decides, it is the stability of the course. With rapidly progressing vertex loss, the usual approach is to stabilise conservatively first; otherwise more hair is lost around the transplanted area and donor hair is missing later. Suitability is assessed by the doctor in each individual case.\"\n      }\n    },\n    {\n      \"@type\": \"Question\",\n      \"name\": \"Do gel and wax make the whorl look balder than it is?\",\n      \"acceptedAnswer\": {\n        \"@type\": \"Answer\",\n        \"text\": \"Yes, that is the most common false alarm. Wet hair or hair clumped with gel lies in strands, so scalp shows through at every whorl, and overhead light casts shadows into the swirl. There are no studies on this: judge only dry, unstyled hair in daylight.\"\n      }\n    },\n    {\n      \"@type\": \"Question\",\n      \"name\": \"Do I have hair loss or a double crown?\",\n      \"acceptedAnswer\": {\n        \"@type\": \"Answer\",\n        \"text\": \"A double crown is a growth pattern, not hair loss. Two swirls simply make the back of the head look more unruly. What counts is still density and trend: if the hair stays strong right up to both swirls and the picture is unchanged over months, it is a pattern. There are no reliable studies on this.\"\n      }\n    },\n    {\n      \"@type\": \"Question\",\n      \"name\": \"Is a sunburn at the whorl a warning sign?\",\n      \"acceptedAnswer\": {\n        \"@type\": \"Answer\",\n        \"text\": \"A plausible hint, not proof. Where hair is missing, UV protection is missing, and a sunburn exactly at the whorl points to reduced density at that spot. There is no study on this. Both make sense: wear a head covering and track the course photographically.\"\n      }\n    },\n    {\n      \"@type\": \"Question\",\n      \"name\": \"How can the progression of hair loss at the back of the head be slowed?\",\n      \"acceptedAnswer\": {\n        \"@type\": \"Answer\",\n        \"text\": \"Only partly, and only with medication. Minoxidil and finasteride can slow hereditary hair loss, but not stop it completely. At the vertex, first effects are to be expected after about 4 months, assessable from 24 weeks, and the effect lasts only while the treatment is being used. Professional advice is recommended.\"\n      }\n    },\n    {\n      \"@type\": \"Question\",\n      \"name\": \"What non-surgical solutions are there for hair loss at the back of the head?\",\n      \"acceptedAnswer\": {\n        \"@type\": \"Answer\",\n        \"text\": \"Camouflaging options, not causal ones. Hair thickening products, modern hair systems, wigs or hairpieces are temporary solutions, plus hair fibres, scalp micropigmentation and a shorter cut that reduces the contrast between hair and scalp. These options do not change the course.\"\n      }\n    },\n    {\n      \"@type\": \"Question\",\n      \"name\": \"How long does the result of a hair transplant at the back of the head last?\",\n      \"acceptedAnswer\": {\n        \"@type\": \"Answer\",\n        \"text\": \"As a rule, permanently. The transplanted hairs come from the DHT-resistant occipital zone and keep that property (donor dominance). The result can be assessed after 9 to 12 months. Your own hair loss next to it can continue, which is why stabilisation stays a topic.\"\n      }\n    },\n    {\n      \"@type\": \"Question\",\n      \"name\": \"How do you care for transplanted hair after the procedure?\",\n      \"acceptedAnswer\": {\n        \"@type\": \"Answer\",\n        \"text\": \"Gently and without pressure on the recipient area. The products recommended by your doctor support the grafts taking hold. In the first weeks the rule is: no friction on the transplanted area, so no lying on the whorl either, no head covering unless your doctor has cleared it, and no picking at the scabs.\"\n      }\n    }\n  ]\n}\n<\/script>\n\n","protected":false},"excerpt":{"rendered":"<p>Hair loss at the back of the head is the last thing you notice yourself, usually in a holiday photo or because someone else says something. What tells you the cause is exactly where the hair is thinning: around the whorl, the cause is usually androgenetic alopecia, meaning hereditary hair loss. A thinning patch develops, [&hellip;]<\/p>\n","protected":false},"author":10,"featured_media":96344,"comment_status":"closed","ping_status":"closed","sticky":false,"template":"","format":"standard","meta":{"_acf_changed":false,"_yoast_wpseo_meta-robots-noindex":"","_yoast_wpseo_meta-robots-nofollow":"","_yoast_wpseo_meta-robots-adv":"","_yoast_wpseo_canonical":"https:\/\/elithair.com\/uk\/blog\/hair-loss-back-of-head\/","_yoast_wpseo_opengraph-title":"","_yoast_wpseo_opengraph-description":"","_yoast_wpseo_opengraph-image":"","_yoast_wpseo_twitter-title":"","_yoast_wpseo_twitter-description":"","_yoast_wpseo_twitter-image":"","_hm_hreflang_map":{"de":50068,"en":96955,"es":91870,"fr":101236,"it":107655,"pt":89715,"tr":83297,"uk":96341,"x_default":96955},"_hm_language_code":"uk","footnotes":""},"categories":[18],"tags":[],"class_list":["post-96341","post","type-post","status-publish","format-standard","has-post-thumbnail","hentry","category-blog-hair-loss"],"acf":[],"yoast_head":"<!-- This site is optimized with the Yoast SEO Premium plugin v28.3 (Yoast SEO v28.3) - https:\/\/yoast.com\/product\/yoast-seo-premium-wordpress\/ -->\n<title>Hair Loss on the Back of the Head: Whorl, Bald Patch or Nape? How to Tell the Cause<\/title>\n<meta name=\"description\" content=\"Hair loss on the back of the head: at the crown it is usually hereditary, at the nape other causes. Self-check, Norwood stages and what really helps.\" \/>\n<meta name=\"robots\" content=\"index, follow, max-snippet:-1, max-image-preview:large, max-video-preview:-1\" \/>\n<link rel=\"canonical\" href=\"https:\/\/elithair.com\/uk\/blog\/hair-loss-back-of-head\/\" \/>\n<meta property=\"og:locale\" content=\"en_GB\" \/>\n<meta property=\"og:type\" content=\"article\" \/>\n<meta property=\"og:title\" content=\"Hair Loss on the Back of the Head: Whorl, Bald Patch or Another Cause?\" \/>\n<meta property=\"og:description\" content=\"Hair loss on the back of the head: at the crown it is usually hereditary, at the nape other causes. Self-check, Norwood stages and what really helps.\" \/>\n<meta property=\"og:url\" content=\"https:\/\/elithair.com\/uk\/blog\/hair-loss-back-of-head\/\" \/>\n<meta property=\"og:site_name\" content=\"Elithair\" \/>\n<meta property=\"article:publisher\" content=\"https:\/\/www.facebook.com\/elithair.en\" \/>\n<meta property=\"article:published_time\" content=\"2026-08-28T17:12:25+00:00\" \/>\n<meta property=\"og:image\" content=\"https:\/\/elithair.com\/uk\/wp-content\/uploads\/sites\/3\/2026\/08\/zonen_landkarte_hinterkopf__uk.png\" \/>\n<meta name=\"author\" content=\"Dr. Imad Moustafa\" \/>\n<meta name=\"twitter:card\" content=\"summary_large_image\" \/>\n<meta name=\"twitter:label1\" content=\"Written by\" \/>\n\t<meta name=\"twitter:data1\" content=\"Dr. Imad Moustafa\" \/>\n\t<meta name=\"twitter:label2\" content=\"Estimated reading time\" \/>\n\t<meta name=\"twitter:data2\" content=\"39 minutes\" \/>\n<script type=\"application\/ld+json\" class=\"yoast-schema-graph\">{\"@context\":\"https:\\\/\\\/schema.org\",\"@graph\":[{\"@type\":\"Article\",\"@id\":\"https:\\\/\\\/elithair.com\\\/uk\\\/blog\\\/hair-loss-back-of-head\\\/#article\",\"isPartOf\":{\"@id\":\"https:\\\/\\\/elithair.com\\\/uk\\\/blog\\\/hair-loss-back-of-head\\\/\"},\"author\":{\"name\":\"Dr. Imad Moustafa\",\"@id\":\"https:\\\/\\\/elithair.com\\\/uk\\\/#\\\/schema\\\/person\\\/11ce37e83a6343e4c37edcd4b5498e41\"},\"headline\":\"Hair Loss on the Back of the Head: Whorl, Bald Patch or Another Cause?\",\"datePublished\":\"2026-08-28T17:12:25+00:00\",\"mainEntityOfPage\":{\"@id\":\"https:\\\/\\\/elithair.com\\\/uk\\\/blog\\\/hair-loss-back-of-head\\\/\"},\"wordCount\":7894,\"publisher\":{\"@id\":\"https:\\\/\\\/elithair.com\\\/uk\\\/#organization\"},\"image\":{\"@id\":\"https:\\\/\\\/elithair.com\\\/uk\\\/blog\\\/hair-loss-back-of-head\\\/#primaryimage\"},\"thumbnailUrl\":\"https:\\\/\\\/elithair.com\\\/uk\\\/wp-content\\\/uploads\\\/sites\\\/3\\\/2026\\\/08\\\/hero-6.png\",\"articleSection\":[\"Hair Loss\"],\"inLanguage\":\"en-GB\"},{\"@type\":\"WebPage\",\"@id\":\"https:\\\/\\\/elithair.com\\\/uk\\\/blog\\\/hair-loss-back-of-head\\\/\",\"url\":\"https:\\\/\\\/elithair.com\\\/uk\\\/blog\\\/hair-loss-back-of-head\\\/\",\"name\":\"Hair Loss on the Back of the Head: Whorl, Bald Patch or Nape? How to Tell the Cause\",\"isPartOf\":{\"@id\":\"https:\\\/\\\/elithair.com\\\/uk\\\/#website\"},\"primaryImageOfPage\":{\"@id\":\"https:\\\/\\\/elithair.com\\\/uk\\\/blog\\\/hair-loss-back-of-head\\\/#primaryimage\"},\"image\":{\"@id\":\"https:\\\/\\\/elithair.com\\\/uk\\\/blog\\\/hair-loss-back-of-head\\\/#primaryimage\"},\"thumbnailUrl\":\"https:\\\/\\\/elithair.com\\\/uk\\\/wp-content\\\/uploads\\\/sites\\\/3\\\/2026\\\/08\\\/hero-6.png\",\"datePublished\":\"2026-08-28T17:12:25+00:00\",\"description\":\"Hair loss on the back of the head: at the crown it is usually hereditary, at the nape other causes. Self-check, Norwood stages and what really helps.\",\"breadcrumb\":{\"@id\":\"https:\\\/\\\/elithair.com\\\/uk\\\/blog\\\/hair-loss-back-of-head\\\/#breadcrumb\"},\"inLanguage\":\"en-GB\",\"potentialAction\":[{\"@type\":\"ReadAction\",\"target\":[\"https:\\\/\\\/elithair.com\\\/uk\\\/blog\\\/hair-loss-back-of-head\\\/\"]}]},{\"@type\":\"ImageObject\",\"inLanguage\":\"en-GB\",\"@id\":\"https:\\\/\\\/elithair.com\\\/uk\\\/blog\\\/hair-loss-back-of-head\\\/#primaryimage\",\"url\":\"https:\\\/\\\/elithair.com\\\/uk\\\/wp-content\\\/uploads\\\/sites\\\/3\\\/2026\\\/08\\\/hero-6.png\",\"contentUrl\":\"https:\\\/\\\/elithair.com\\\/uk\\\/wp-content\\\/uploads\\\/sites\\\/3\\\/2026\\\/08\\\/hero-6.png\",\"width\":1536,\"height\":1024,\"caption\":\"Hinterkopf eines Mannes mit sichtbarem Wirbelbereich im seitlichen Tageslicht\"},{\"@type\":\"BreadcrumbList\",\"@id\":\"https:\\\/\\\/elithair.com\\\/uk\\\/blog\\\/hair-loss-back-of-head\\\/#breadcrumb\",\"itemListElement\":[{\"@type\":\"ListItem\",\"position\":1,\"name\":\"Home\",\"item\":\"https:\\\/\\\/elithair.com\\\/uk\\\/\"},{\"@type\":\"ListItem\",\"position\":2,\"name\":\"Hair Loss on the Back of the Head: Whorl, Bald Patch or Another Cause?\"}]},{\"@type\":\"WebSite\",\"@id\":\"https:\\\/\\\/elithair.com\\\/uk\\\/#website\",\"url\":\"https:\\\/\\\/elithair.com\\\/uk\\\/\",\"name\":\"Elithair\",\"description\":\"\",\"publisher\":{\"@id\":\"https:\\\/\\\/elithair.com\\\/uk\\\/#organization\"},\"potentialAction\":[{\"@type\":\"SearchAction\",\"target\":{\"@type\":\"EntryPoint\",\"urlTemplate\":\"https:\\\/\\\/elithair.com\\\/uk\\\/?s={search_term_string}\"},\"query-input\":{\"@type\":\"PropertyValueSpecification\",\"valueRequired\":true,\"valueName\":\"search_term_string\"}}],\"inLanguage\":\"en-GB\"},{\"@type\":\"Organization\",\"@id\":\"https:\\\/\\\/elithair.com\\\/uk\\\/#organization\",\"name\":\"Elithair\",\"url\":\"https:\\\/\\\/elithair.com\\\/uk\\\/\",\"logo\":{\"@type\":\"ImageObject\",\"inLanguage\":\"en-GB\",\"@id\":\"https:\\\/\\\/elithair.com\\\/uk\\\/#\\\/schema\\\/logo\\\/image\\\/\",\"url\":\"https:\\\/\\\/elithair.com\\\/uk\\\/wp-content\\\/uploads\\\/sites\\\/3\\\/2026\\\/04\\\/elithair-logo-primary.svg\",\"contentUrl\":\"https:\\\/\\\/elithair.com\\\/uk\\\/wp-content\\\/uploads\\\/sites\\\/3\\\/2026\\\/04\\\/elithair-logo-primary.svg\",\"width\":1,\"height\":1,\"caption\":\"Elithair\"},\"image\":{\"@id\":\"https:\\\/\\\/elithair.com\\\/uk\\\/#\\\/schema\\\/logo\\\/image\\\/\"},\"sameAs\":[\"https:\\\/\\\/www.facebook.com\\\/elithair.en\",\"https:\\\/\\\/www.instagram.com\\\/elithair.global\\\/\",\"https:\\\/\\\/www.youtube.com\\\/@ElithairGlobal\",\"https:\\\/\\\/www.tiktok.com\\\/@elithair.global\"]},{\"@type\":\"Person\",\"@id\":\"https:\\\/\\\/elithair.com\\\/uk\\\/#\\\/schema\\\/person\\\/11ce37e83a6343e4c37edcd4b5498e41\",\"name\":\"Dr. Imad Moustafa\",\"image\":{\"@type\":\"ImageObject\",\"inLanguage\":\"en-GB\",\"@id\":\"https:\\\/\\\/secure.gravatar.com\\\/avatar\\\/9190499f6f3008cd7da57b179f07bfea4b4e382c816ba3e0de68db0b5a70c07d?s=96&d=mm&r=g\",\"url\":\"https:\\\/\\\/secure.gravatar.com\\\/avatar\\\/9190499f6f3008cd7da57b179f07bfea4b4e382c816ba3e0de68db0b5a70c07d?s=96&d=mm&r=g\",\"contentUrl\":\"https:\\\/\\\/secure.gravatar.com\\\/avatar\\\/9190499f6f3008cd7da57b179f07bfea4b4e382c816ba3e0de68db0b5a70c07d?s=96&d=mm&r=g\",\"caption\":\"Dr. Imad Moustafa\"}}]}<\/script>\n<!-- \/ Yoast SEO Premium plugin. -->","yoast_head_json":{"title":"Hair Loss on the Back of the Head: Whorl, Bald Patch or Nape? How to Tell the Cause","description":"Hair loss on the back of the head: at the crown it is usually hereditary, at the nape other causes. Self-check, Norwood stages and what really helps.","robots":{"index":"index","follow":"follow","max-snippet":"max-snippet:-1","max-image-preview":"max-image-preview:large","max-video-preview":"max-video-preview:-1"},"canonical":"https:\/\/elithair.com\/uk\/blog\/hair-loss-back-of-head\/","og_locale":"en_GB","og_type":"article","og_title":"Hair Loss on the Back of the Head: Whorl, Bald Patch or Another Cause?","og_description":"Hair loss on the back of the head: at the crown it is usually hereditary, at the nape other causes. Self-check, Norwood stages and what really helps.","og_url":"https:\/\/elithair.com\/uk\/blog\/hair-loss-back-of-head\/","og_site_name":"Elithair","article_publisher":"https:\/\/www.facebook.com\/elithair.en","article_published_time":"2026-08-28T17:12:25+00:00","og_image":[{"url":"https:\/\/elithair.com\/uk\/wp-content\/uploads\/sites\/3\/2026\/08\/zonen_landkarte_hinterkopf__uk.png","type":"","width":"","height":""}],"author":"Dr. Imad Moustafa","twitter_card":"summary_large_image","twitter_misc":{"Written by":"Dr. Imad Moustafa","Estimated reading time":"39 minutes"},"schema":{"@context":"https:\/\/schema.org","@graph":[{"@type":"Article","@id":"https:\/\/elithair.com\/uk\/blog\/hair-loss-back-of-head\/#article","isPartOf":{"@id":"https:\/\/elithair.com\/uk\/blog\/hair-loss-back-of-head\/"},"author":{"name":"Dr. Imad Moustafa","@id":"https:\/\/elithair.com\/uk\/#\/schema\/person\/11ce37e83a6343e4c37edcd4b5498e41"},"headline":"Hair Loss on the Back of the Head: Whorl, Bald Patch or Another Cause?","datePublished":"2026-08-28T17:12:25+00:00","mainEntityOfPage":{"@id":"https:\/\/elithair.com\/uk\/blog\/hair-loss-back-of-head\/"},"wordCount":7894,"publisher":{"@id":"https:\/\/elithair.com\/uk\/#organization"},"image":{"@id":"https:\/\/elithair.com\/uk\/blog\/hair-loss-back-of-head\/#primaryimage"},"thumbnailUrl":"https:\/\/elithair.com\/uk\/wp-content\/uploads\/sites\/3\/2026\/08\/hero-6.png","articleSection":["Hair Loss"],"inLanguage":"en-GB"},{"@type":"WebPage","@id":"https:\/\/elithair.com\/uk\/blog\/hair-loss-back-of-head\/","url":"https:\/\/elithair.com\/uk\/blog\/hair-loss-back-of-head\/","name":"Hair Loss on the Back of the Head: Whorl, Bald Patch or Nape? How to Tell the Cause","isPartOf":{"@id":"https:\/\/elithair.com\/uk\/#website"},"primaryImageOfPage":{"@id":"https:\/\/elithair.com\/uk\/blog\/hair-loss-back-of-head\/#primaryimage"},"image":{"@id":"https:\/\/elithair.com\/uk\/blog\/hair-loss-back-of-head\/#primaryimage"},"thumbnailUrl":"https:\/\/elithair.com\/uk\/wp-content\/uploads\/sites\/3\/2026\/08\/hero-6.png","datePublished":"2026-08-28T17:12:25+00:00","description":"Hair loss on the back of the head: at the crown it is usually hereditary, at the nape other causes. Self-check, Norwood stages and what really helps.","breadcrumb":{"@id":"https:\/\/elithair.com\/uk\/blog\/hair-loss-back-of-head\/#breadcrumb"},"inLanguage":"en-GB","potentialAction":[{"@type":"ReadAction","target":["https:\/\/elithair.com\/uk\/blog\/hair-loss-back-of-head\/"]}]},{"@type":"ImageObject","inLanguage":"en-GB","@id":"https:\/\/elithair.com\/uk\/blog\/hair-loss-back-of-head\/#primaryimage","url":"https:\/\/elithair.com\/uk\/wp-content\/uploads\/sites\/3\/2026\/08\/hero-6.png","contentUrl":"https:\/\/elithair.com\/uk\/wp-content\/uploads\/sites\/3\/2026\/08\/hero-6.png","width":1536,"height":1024,"caption":"Hinterkopf eines Mannes mit sichtbarem Wirbelbereich im seitlichen Tageslicht"},{"@type":"BreadcrumbList","@id":"https:\/\/elithair.com\/uk\/blog\/hair-loss-back-of-head\/#breadcrumb","itemListElement":[{"@type":"ListItem","position":1,"name":"Home","item":"https:\/\/elithair.com\/uk\/"},{"@type":"ListItem","position":2,"name":"Hair Loss on the Back of the Head: Whorl, Bald Patch or Another Cause?"}]},{"@type":"WebSite","@id":"https:\/\/elithair.com\/uk\/#website","url":"https:\/\/elithair.com\/uk\/","name":"Elithair","description":"","publisher":{"@id":"https:\/\/elithair.com\/uk\/#organization"},"potentialAction":[{"@type":"SearchAction","target":{"@type":"EntryPoint","urlTemplate":"https:\/\/elithair.com\/uk\/?s={search_term_string}"},"query-input":{"@type":"PropertyValueSpecification","valueRequired":true,"valueName":"search_term_string"}}],"inLanguage":"en-GB"},{"@type":"Organization","@id":"https:\/\/elithair.com\/uk\/#organization","name":"Elithair","url":"https:\/\/elithair.com\/uk\/","logo":{"@type":"ImageObject","inLanguage":"en-GB","@id":"https:\/\/elithair.com\/uk\/#\/schema\/logo\/image\/","url":"https:\/\/elithair.com\/uk\/wp-content\/uploads\/sites\/3\/2026\/04\/elithair-logo-primary.svg","contentUrl":"https:\/\/elithair.com\/uk\/wp-content\/uploads\/sites\/3\/2026\/04\/elithair-logo-primary.svg","width":1,"height":1,"caption":"Elithair"},"image":{"@id":"https:\/\/elithair.com\/uk\/#\/schema\/logo\/image\/"},"sameAs":["https:\/\/www.facebook.com\/elithair.en","https:\/\/www.instagram.com\/elithair.global\/","https:\/\/www.youtube.com\/@ElithairGlobal","https:\/\/www.tiktok.com\/@elithair.global"]},{"@type":"Person","@id":"https:\/\/elithair.com\/uk\/#\/schema\/person\/11ce37e83a6343e4c37edcd4b5498e41","name":"Dr. Imad Moustafa","image":{"@type":"ImageObject","inLanguage":"en-GB","@id":"https:\/\/secure.gravatar.com\/avatar\/9190499f6f3008cd7da57b179f07bfea4b4e382c816ba3e0de68db0b5a70c07d?s=96&d=mm&r=g","url":"https:\/\/secure.gravatar.com\/avatar\/9190499f6f3008cd7da57b179f07bfea4b4e382c816ba3e0de68db0b5a70c07d?s=96&d=mm&r=g","contentUrl":"https:\/\/secure.gravatar.com\/avatar\/9190499f6f3008cd7da57b179f07bfea4b4e382c816ba3e0de68db0b5a70c07d?s=96&d=mm&r=g","caption":"Dr. Imad Moustafa"}}]}},"_links":{"self":[{"href":"https:\/\/elithair.com\/uk\/wp-json\/wp\/v2\/posts\/96341","targetHints":{"allow":["GET"]}}],"collection":[{"href":"https:\/\/elithair.com\/uk\/wp-json\/wp\/v2\/posts"}],"about":[{"href":"https:\/\/elithair.com\/uk\/wp-json\/wp\/v2\/types\/post"}],"author":[{"embeddable":true,"href":"https:\/\/elithair.com\/uk\/wp-json\/wp\/v2\/users\/10"}],"replies":[{"embeddable":true,"href":"https:\/\/elithair.com\/uk\/wp-json\/wp\/v2\/comments?post=96341"}],"version-history":[{"count":0,"href":"https:\/\/elithair.com\/uk\/wp-json\/wp\/v2\/posts\/96341\/revisions"}],"wp:featuredmedia":[{"embeddable":true,"href":"https:\/\/elithair.com\/uk\/wp-json\/wp\/v2\/media\/96344"}],"wp:attachment":[{"href":"https:\/\/elithair.com\/uk\/wp-json\/wp\/v2\/media?parent=96341"}],"wp:term":[{"taxonomy":"category","embeddable":true,"href":"https:\/\/elithair.com\/uk\/wp-json\/wp\/v2\/categories?post=96341"},{"taxonomy":"post_tag","embeddable":true,"href":"https:\/\/elithair.com\/uk\/wp-json\/wp\/v2\/tags?post=96341"}],"curies":[{"name":"wp","href":"https:\/\/api.w.org\/{rel}","templated":true}]}}