{"id":83300,"date":"2026-08-29T23:55:41","date_gmt":"2026-08-29T21:55:41","guid":{"rendered":"https:\/\/elithair.com\/tr\/alkol-sac-dokulmesi\/"},"modified":"2026-08-29T23:55:41","modified_gmt":"2026-08-29T21:55:41","slug":"alkol-sac-dokulmesi","status":"publish","type":"post","link":"https:\/\/elithair.com\/tr\/alkol-sac-dokulmesi\/","title":{"rendered":"Alkol ve sa\u00e7 d\u00f6k\u00fclmesi: Ne kadar\u0131 ger\u00e7ekten zarar verir, sa\u00e7lar geri gelir mi?"},"content":{"rendered":"\n<div style=\"border-left:4px solid #0079F1;padding:0 0 0 14px;margin:0 0 26px\">\n<p style=\"margin:0 0 14px;color:#2e3033;font-size:17px;line-height:1.65\">Giderde her seferinde biraz daha fazla sa\u00e7 ve akl\u0131n bir k\u00f6\u015fesinde \u015fu soru: Ak\u015fam i\u00e7ilen bira m\u0131 su\u00e7lu? \u0130nsanlar\u0131n \u00e7o\u011fu, alkol ile sa\u00e7 d\u00f6k\u00fclmesi aras\u0131ndaki ba\u011flant\u0131y\u0131 tam bu noktada aramaya ba\u015flar. D\u00fcr\u00fcst yan\u0131t iki par\u00e7al\u0131d\u0131r. \u00d6l\u00e7\u00fcl\u00fc t\u00fcketimin bir neden oldu\u011fu kan\u0131tlanm\u0131\u015f de\u011fildir; kal\u0131tsal sa\u00e7 d\u00f6k\u00fclmesine ili\u015fkin en g\u00fcncel iki meta-analiz birbiriyle \u00e7eli\u015fir bile (Alcohol and Alcoholism 2024: olas\u0131l\u0131k oran\u0131 1,40, istatistiksel olarak anlaml\u0131 de\u011fil; BMC Public Health 2026: olas\u0131l\u0131k oran\u0131 1,72). Buna kar\u015f\u0131l\u0131k s\u00fcrekli y\u00fcksek t\u00fcketim; besin \u00f6geleri, karaci\u011fer, uyku ve sa\u00e7l\u0131 deri \u00fczerinden sa\u00e7 d\u00f6ng\u00fcs\u00fcne m\u00fcdahale eder ve alkol de <a href=\"\/tr\/sac-dokulmesi-nedenleri\/\">sa\u00e7 d\u00f6k\u00fclmesinin bir\u00e7ok olas\u0131 tetikleyicisinden yaln\u0131zca biridir<\/a>.<\/p>\n<p style=\"margin:0 0 8px;color:#013366;font-weight:700;font-size:16px\">K\u0131saca en \u00f6nemlileri<\/p>\n<ul style=\"margin:0 0 14px;padding:0;color:#2e3033;list-style:none\">\n<li style=\"position:relative;padding:3px 0 3px 24px\"><span style=\"position:absolute;left:0;top:3px;color:#0079F1;font-weight:700\">&#10003;<\/span>Sorun tek bir kadeh de\u011fil, aylar boyunca s\u00fcren y\u00fcksek t\u00fcketimdir<\/li>\n<li style=\"position:relative;padding:3px 0 3px 24px\"><span style=\"position:absolute;left:0;top:3px;color:#0079F1;font-weight:700\">&#10003;<\/span>Alkol dolayl\u0131 etki eder: \u00e7inko, folik asit ve demir \u00fczerinden, karaci\u011fer ve hormonlar \u00fczerinden, uyku ve sa\u00e7l\u0131 deri \u00fczerinden<\/li>\n<li style=\"position:relative;padding:3px 0 3px 24px\"><span style=\"position:absolute;left:0;top:3px;color:#0079F1;font-weight:700\">&#10003;<\/span>Alkolle ili\u015fkili pay kural olarak geri d\u00f6n\u00fc\u015fl\u00fcd\u00fcr: alkol\u00fc b\u0131rakt\u0131ktan 3 ila 6 ay sonra ilk yeni sa\u00e7lar, daha dolgun bir sa\u00e7 g\u00f6r\u00fcn\u00fcm\u00fc ise \u00e7o\u011funlukla 6 ila 12 ay sonra<\/li>\n<li style=\"position:relative;padding:3px 0 3px 24px\"><span style=\"position:absolute;left:0;top:3px;color:#0079F1;font-weight:700\">&#10003;<\/span>\u015eakaklarda ve tepe b\u00f6lgesinde belirgin bir desen kal\u0131yorsa, arkas\u0131nda \u00e7o\u011funlukla ek olarak genetik sa\u00e7 d\u00f6k\u00fclmesi vard\u0131r<\/li>\n<\/ul>\n<p style=\"margin:0;color:#2e3033\">\u0130\u00e7indekiler b\u00f6l\u00fcm\u00fc neyi nerede bulaca\u011f\u0131n\u0131z\u0131 g\u00f6sterir. Ard\u0131ndan her mekanizmay\u0131 tek tek ele al\u0131yoruz: miktarlar, zaman \u00e7izelgeleri ve hekimle g\u00f6r\u00fc\u015fmeye g\u00f6t\u00fcrmeniz gereken kan de\u011ferleriyle birlikte.<\/p>\n<\/div>\n\n\n\n<h2 class=\"wp-block-heading\">Alkole ba\u011fl\u0131 sa\u00e7 d\u00f6k\u00fclmesi nedir?<\/h2>\n\n\n\n<p class=\"wp-block-paragraph\"><strong>Alkole ba\u011fl\u0131 sa\u00e7 d\u00f6k\u00fclmesi ayr\u0131 bir hastal\u0131k tablosu de\u011fil, alkol\u00fcn kofakt\u00f6r oldu\u011fu yayg\u0131n (diff\u00fcz) bir telojen effluviumdur: S\u00fcrekli y\u00fcksek t\u00fcketim besin \u00f6gesi deste\u011fini bozar, karaci\u011feri ve hormon eksenini zorlar, b\u00f6ylece daha fazla sa\u00e7 folik\u00fcl\u00fcn\u00fc erkenden dinlenme evresine iter. Bu s\u00fcre\u00e7te folik\u00fcller yok olmaz; bu nedenle alkolle ili\u015fkili pay, alkol b\u0131rak\u0131ld\u0131ktan sonra kural olarak yeniden uzar.<\/strong><\/p>\n\n\n\n<p class=\"wp-block-paragraph\">Zaman fark\u0131 tipiktir. StatPearls&#8217;e g\u00f6re tetikleyici ile g\u00f6zle g\u00f6r\u00fcl\u00fcr d\u00f6k\u00fclme aras\u0131nda 1 ila 6 ay, ortalama olarak yakla\u015f\u0131k 3 ay vard\u0131r; \u00e7\u00fcnk\u00fc etkilenen folik\u00fcller \u00f6nce dinlenme evresini tamamlar. Bug\u00fcn f\u0131r\u00e7as\u0131nda daha fazla sa\u00e7 bulan ki\u015fi, d\u00fcn ak\u015fam\u0131n de\u011fil, \u00f6nceki aylar\u0131n sonucunu g\u00f6r\u00fcr.<\/p>\n\n\n\n<p class=\"wp-block-paragraph\">Tan\u0131m\u0131n iki s\u0131n\u0131r\u0131 da vard\u0131r. \u00d6l\u00e7\u00fcl\u00fc t\u00fcketimin sa\u00e7 d\u00f6k\u00fclmesine neden oldu\u011fu kan\u0131tlanm\u0131\u015f de\u011fildir ve alkol\u00fcn kal\u0131tsal sa\u00e7 d\u00f6k\u00fclmesini ayr\u0131ca g\u00fc\u00e7lendirip g\u00fc\u00e7lendirmedi\u011fine en g\u00fcncel iki meta-analiz farkl\u0131 yan\u0131t verir. Her iki noktay\u0131 da say\u0131lar\u0131yla bir sonraki b\u00f6l\u00fcmde ele al\u0131yoruz.<\/p>\n\n\n\n<h2 class=\"wp-block-heading\">Alkol t\u00fcketimi ile sa\u00e7 d\u00f6k\u00fclmesi aras\u0131ndaki ba\u011flant\u0131<\/h2>\n\n\n\n<p class=\"wp-block-paragraph\"><strong>Alkole ba\u011fl\u0131 sa\u00e7 d\u00f6k\u00fclmesi<\/strong> d\u00fczenli ya da a\u015f\u0131r\u0131 alkol t\u00fcketimi temel v\u00fccut i\u015flevlerini bozdu\u011funda ortaya \u00e7\u0131kabilir. Yol sa\u00e7\u0131n kendisinden de\u011fil, metabolizmadan ge\u00e7er: Besin emilimi, karaci\u011fer metabolizmas\u0131, hormon dengesi ve uyku de\u011fi\u015fir. Sa\u00e7 folik\u00fcl\u00fc v\u00fccudun en h\u0131zl\u0131 b\u00f6l\u00fcnen dokular\u0131ndan biridir, StatPearls&#8217;e g\u00f6re b\u00fcy\u00fcme evresi 2 ila 6 y\u0131l s\u00fcrer ve folik\u00fcl bu t\u00fcr kaymalara erken tepki verir.<\/p>\n\n\n\n<p class=\"wp-block-paragraph\">S\u0131k aktar\u0131lan bir c\u00fcmle, alkol\u00fcn sa\u00e7l\u0131 derinin damarlar\u0131n\u0131 daraltt\u0131\u011f\u0131 ve b\u00f6ylece kan ak\u0131\u015f\u0131n\u0131 bozdu\u011fu y\u00f6n\u00fcndedir; bu iddia bu \u015fekliyle kan\u0131tlanm\u0131\u015f de\u011fildir. Akut etkisiyle alkol damarlar\u0131 tersine geni\u015fletir. Kan\u0131tlanm\u0131\u015f olan ba\u015fka bir eksendir: ADH hormonunu bask\u0131layarak idrar s\u00f6kt\u00fcr\u00fcc\u00fc etki g\u00f6sterir, s\u0131v\u0131 dengesi ve cilt bariyeri bundan zarar g\u00f6r\u00fcr. Ayr\u0131ca sa\u00e7l\u0131 deride, sa\u00e7 b\u00fcy\u00fcmesini daha da bozabilecek iltihaplanmalar\u0131 kolayla\u015ft\u0131r\u0131r.<\/p>\n\n\n\n<p class=\"wp-block-paragraph\">Bunun \u00f6tesinde alkol hormon dengesini etkiler. Artm\u0131\u015f alkol t\u00fcketimi testosteron metabolizmas\u0131n\u0131 dolayl\u0131 olarak etkileyebilir ve var olan kal\u0131tsal sa\u00e7 d\u00f6k\u00fclmesini daha g\u00f6r\u00fcn\u00fcr k\u0131labilir. Bu \u00e7o\u011funlukla incelen sa\u00e7lar, gerileyen \u015fakaklar veya tepe b\u00f6lgesindeki sa\u00e7 kayb\u0131 olarak fark edilir. Bu ba\u011flant\u0131n\u0131n ne kadar sa\u011flam oldu\u011funu a\u015fa\u011f\u0131daki karaci\u011fer ve hormonlar b\u00f6l\u00fcm\u00fcnde bulabilirsiniz.<\/p>\n\n\n\n<p class=\"wp-block-paragraph\">Alkol v\u00fccudu b\u00fct\u00fcn olarak zorlar: S\u0131v\u0131 kaybettirir, ba\u011f\u0131\u015f\u0131kl\u0131k sistemini zay\u0131flat\u0131r ve besin \u00f6gesi eksikliklerini art\u0131r\u0131r. Sa\u00e7 k\u00f6kleri en son beslenen h\u00fccreler aras\u0131nda oldu\u011fundan, bu yetersizli\u011fe kar\u015f\u0131 \u00f6zellikle duyarl\u0131d\u0131r. Kal\u0131c\u0131 bir eksiklikte bu durum sa\u00e7 b\u00fcy\u00fcmesini bozabilir ve sa\u00e7 d\u00f6k\u00fclmesini kolayla\u015ft\u0131rabilir. Folik\u00fcl o zaman erkenden, StatPearls&#8217;e g\u00f6re 3 ila 4 ay s\u00fcren dinlenme evresine ge\u00e7er ve etkilenen ki\u015filerin fark etti\u011fi <a href=\"\/tr\/diffuz-sac-dokulmesi\/\">yayg\u0131n sa\u00e7 d\u00f6k\u00fclmesi<\/a>, i\u015fte tam da b\u00f6yle ortaya \u00e7\u0131kar.<\/p>\n\n\n\n<p class=\"wp-block-paragraph\">Do\u011fru s\u0131n\u0131fland\u0131rma i\u00e7in \u00f6nemli: Alopesilerin tan\u0131 ve tedavisine ili\u015fkin AWMF k\u0131lavuzunda alkol ba\u015fl\u0131 ba\u015f\u0131na bir sa\u00e7 d\u00f6k\u00fclmesi t\u00fcr\u00fc de\u011fil, olsa olsa yayg\u0131n sa\u00e7 d\u00f6k\u00fclmesinde de\u011fi\u015ftirilebilir bir kofakt\u00f6rd\u00fcr. \u00c7al\u0131\u015fmalar\u0131n sonu\u00e7lar\u0131 da tutarl\u0131 de\u011fildir: Alcohol and Alcoholism dergisindeki bir meta-analiz (2024, 6 \u00e7al\u0131\u015fma, 7.072 kat\u0131l\u0131mc\u0131) 1,40 olas\u0131l\u0131k oran\u0131yla (g\u00fcven aral\u0131\u011f\u0131 0,95 ila 2,32) kal\u0131tsal sa\u00e7 d\u00f6k\u00fclmesiyle istatistiksel olarak anlaml\u0131 bir ba\u011flant\u0131 bulmad\u0131; BMC Public Health dergisindeki daha geni\u015f bir derleme (2026, 31 \u00e7al\u0131\u015fma, 11.224 vaka) ise 1,72 (1,28 ila 2,32) olas\u0131l\u0131k oran\u0131 bildirdi.<\/p>\n\n\n<div class=\"wp-block-image\">\n<figure class=\"aligncenter size-large is-resized\" style=\"max-width:560px;margin-left:auto;margin-right:auto\"><img decoding=\"async\" src=\"https:\/\/elithair.com\/tr\/wp-content\/uploads\/sites\/10\/2026\/08\/follikel_versorgung.png\" alt=\"Sa\u00e7l\u0131 deri kesitinde bir sa\u00e7 folik\u00fcl\u00fc ve onu besin \u00f6geleriyle besleyen \u00e7evresindeki k\u0131lcal damarlar\u0131n ill\u00fcstrasyonu\" class=\"wp-image-83822\" style=\"width:560px;max-width:100%;height:auto\"\/><\/figure>\n<\/div>\n\n\n<h2 class=\"wp-block-heading\">Alkol sa\u00e7 b\u00fcy\u00fcmesini nas\u0131l bozar: d\u00f6rt mekanizma<\/h2>\n\n\n\n<p class=\"wp-block-paragraph\">Alkol sa\u00e7a d\u00f6rt yoldan etki eder: besin \u00f6geleri, karaci\u011fer ve hormonlar, uyku, bir de s\u0131v\u0131 dengesi ve sa\u00e7l\u0131 deri. Bu yollar\u0131n hi\u00e7biri sa\u00e7 k\u00f6k\u00fcne do\u011frudan ula\u015fmaz ve d\u00f6rd\u00fc de s\u00fcre ister. Ak\u015fam i\u00e7ilen bir kadeh \u015farab\u0131n, iki y\u0131l boyunca g\u00fcnde bir \u015fi\u015feden neden farkl\u0131 de\u011ferlendirildi\u011fini bu a\u00e7\u0131klar.<\/p>\n\n\n\n<h3 class=\"wp-block-heading\">Alkol sa\u00e7\u0131n \u00e7inko, demir ve B vitamini deste\u011fini nas\u0131l azalt\u0131r<\/h3>\n\n\n\n<p class=\"wp-block-paragraph\">Kronik alkol t\u00fcketimi besin \u00f6gesi deste\u011fini iki y\u00f6nden d\u00fc\u015f\u00fcr\u00fcr: Ba\u011f\u0131rsaktaki emilim azal\u0131r, at\u0131l\u0131m artar. \u00c7inko i\u00e7in her ikisi de tan\u0131mlanm\u0131\u015ft\u0131r: ba\u011f\u0131rsakta azalm\u0131\u015f emilim ve b\u00f6brek yoluyla artm\u0131\u015f at\u0131l\u0131m (LLL Nutrition in Clinical Medicine). Folik asitte \u00fc\u00e7 yol bir araya gelir: ba\u011f\u0131rsakta malabsorpsiyon, karaci\u011ferde azalm\u0131\u015f al\u0131m ve b\u00f6brek \u00fczerinden h\u0131zlanm\u0131\u015f kay\u0131p (Psychiatry Investigation dergisinde alkolizmde besin eksikliklerine ili\u015fkin derleme).<\/p>\n\n\n\n<p class=\"wp-block-paragraph\">B12 vitamini ve tiamin ayr\u0131ca alkol\u00fcn ba\u011f\u0131rsak mukozas\u0131 \u00fczerindeki do\u011frudan toksik etkisinden zarar g\u00f6r\u00fcr. Bu besin \u00f6geleri sa\u00e7 i\u00e7in \u00f6nemlidir, \u00e7\u00fcnk\u00fc \u00e7inko keratin olu\u015fumunda g\u00f6rev al\u0131r, demir h\u0131zla b\u00f6l\u00fcnen sa\u00e7 matriksine oksijen ta\u015f\u0131nmas\u0131n\u0131 sa\u011flar ve B vitaminleri bu h\u00fccrelerin enerji metabolizmas\u0131nda yer al\u0131r. Bunlardan biri aylarca eksik kal\u0131rsa telojen oran\u0131 y\u00fckselir. Hangi g\u00fcnl\u00fck miktar\u0131n sizin i\u00e7in ge\u00e7erli oldu\u011fu ya\u015fa, cinsiyete ve beslenmeye g\u00f6re de\u011fi\u015fir; demir, folat ve B12 vitamini i\u00e7in referans de\u011ferler ulusal beslenme rehberlerinde tan\u0131mlanm\u0131\u015ft\u0131r.<\/p>\n\n\n\n<div style=\"border-left:4px solid #0079F1;background:#f6f9fc;border-radius:0 10px 10px 0;padding:14px 18px;margin:24px 0\">\n<p style=\"margin:0;color:#2e3033;font-size:15px;line-height:1.65\"><span style=\"color:#013366;font-weight:700\">\u2192 Okuma \u00f6nerisi:<\/span> Sa\u00e7\u0131n ger\u00e7ekte hangi besin \u00f6gelerine ihtiya\u00e7 duydu\u011funu \u015fu yaz\u0131da bulabilirsiniz: <a href=\"\/tr\/sac-dokulmesine-karsi-vitaminler\/\">sa\u00e7 d\u00f6k\u00fclmesine kar\u015f\u0131 vitaminler<\/a>. <a href=\"\/tr\/demir-eksikligi-sac-dokulmesi\/\">Demir eksikli\u011finin<\/a> neden yayg\u0131n seyrelmenin en s\u0131k nedenlerinden biri say\u0131ld\u0131\u011f\u0131n\u0131 ise buna ayr\u0131lm\u0131\u015f yaz\u0131da a\u00e7\u0131kl\u0131yoruz.<\/p>\n<\/div>\n\n\n\n<h3 class=\"wp-block-heading\">Kronik t\u00fcketimde karaci\u011fer ve hormon dengesi sa\u00e7\u0131 neden etkiler<\/h3>\n\n\n\n<p class=\"wp-block-paragraph\">Alkol\u00fcn hormonal etkisinin s\u0131k\u00e7a birbirine kar\u0131\u015ft\u0131r\u0131lan iki d\u00fczeyi vard\u0131r. Akut olarak, d\u00fc\u015f\u00fck bir dozdan sonra erkekte testosteron hafif\u00e7e y\u00fckselir: Sarkola ve Eriksson&#8217;un plasebo kontroll\u00fc \u00e7apraz ge\u00e7i\u015fli \u00e7al\u0131\u015fmas\u0131nda (2003) kilogram ba\u015f\u0131na 0,5 g alkol sonras\u0131nda plazma de\u011feri 13,5&#8217;ten 16,0 nmol\/l&#8217;ye \u00e7\u0131kt\u0131. Etki 2 ila 6 saat i\u00e7inde geriler.<\/p>\n\n\n\n<p class=\"wp-block-paragraph\">Karaci\u011fer hasar\u0131n\u0131n ba\u015flad\u0131\u011f\u0131 kronik y\u00fcksek t\u00fcketimde tablo tersine d\u00f6ner. Karaci\u011ferin aromataz aktivitesi artar, androjenler daha fazla \u00f6strojene d\u00f6n\u00fc\u015ft\u00fcr\u00fcl\u00fcr. Alkolik hepatit ve sirozda yay\u0131nlar, hastalar\u0131n y\u00fczde 70&#8217;ine varan b\u00f6l\u00fcm\u00fcnde hiper\u00f6strojenemi tan\u0131mlar; testosteron ise belirgin bi\u00e7imde d\u00fc\u015fer (Purohit, Alcohol 2000; Hepatology 2000).<\/p>\n\n\n\n<p class=\"wp-block-paragraph\">Buradan, internette s\u0131k\u00e7a yanl\u0131\u015f aktar\u0131lan bir d\u00fczeltme \u00e7\u0131kar: \u201cAlkol testosteronu art\u0131r\u0131r, testosteron DHT&#8217;yi art\u0131r\u0131r, DHT sa\u00e7 d\u00f6k\u00fclmesini g\u00fc\u00e7lendirir\u201d zinciri kan\u0131tlanm\u0131\u015f de\u011fildir. Siroz mekanizmas\u0131 da ara s\u0131ra i\u00e7en birine uyarlanamaz. Geriye kalan \u015fudur: Uzun y\u0131llar s\u00fcren y\u00fcksek t\u00fcketimde hormon ekseni kaym\u0131\u015ft\u0131r ve bu, var olan androgenetik bir desene e\u015flik edebilir.<\/p>\n\n\n\n<h3 class=\"wp-block-heading\">Alkol uykuyu nas\u0131l de\u011fi\u015ftirir ve bunun sa\u00e7 d\u00f6k\u00fclmesiyle ilgisi nedir<\/h3>\n\n\n\n<p class=\"wp-block-paragraph\">Alkol uykuya dalma s\u00fcresini k\u0131salt\u0131r, gecenin ikinci yar\u0131s\u0131n\u0131 bozar. Ebrahim ve arkada\u015flar\u0131n\u0131n meta-analizi (2013, 27 \u00e7al\u0131\u015fma) doza ba\u011fl\u0131 bir etki tan\u0131mlar: kandaki alkol yo\u011funlu\u011fu y\u00fczde 0,05&#8217;in alt\u0131ndayken hafif bir REM bask\u0131lanmas\u0131, y\u00fczde 0,05 ile 0,10 aras\u0131nda gecenin ikinci yar\u0131s\u0131nda belirgin bir par\u00e7alanma, y\u00fczde 0,10&#8217;un \u00fczerinde ise g\u00fc\u00e7l\u00fc bir REM bask\u0131lanmas\u0131.<\/p>\n\n\n\n<p class=\"wp-block-paragraph\">Sa\u00e7 a\u00e7\u0131s\u0131ndan bu, d\u00f6rt yolun en dolayl\u0131 olan\u0131d\u0131r. Alkol t\u00fcketenlerde uykusuzlu\u011fu do\u011frudan sa\u00e7 d\u00f6k\u00fclmesiyle ili\u015fkilendiren bir \u00e7al\u0131\u015fma yoktur. Makul olan ba\u011flant\u0131 stres ekseni \u00fczerinden kurulur: S\u00fcrekli k\u00f6t\u00fc uyku kortizol d\u00fczeyini y\u00fcksek tutar ve stres, telojen effluviumun bilinen bir tetikleyicisi say\u0131l\u0131r. Bu, bir nedensellik zincirinin kan\u0131t\u0131 olmaz; kofakt\u00f6r olarak ise ge\u00e7erlidir.<\/p>\n\n\n\n<h3 class=\"wp-block-heading\">Kuru, tahri\u015f olmu\u015f sa\u00e7l\u0131 deri: alkol s\u0131v\u0131 dengesinde neyi de\u011fi\u015ftirir<\/h3>\n\n\n\n<p class=\"wp-block-paragraph\">Alkol antidi\u00fcretik hormon ADH&#8217;yi bask\u0131lar ve b\u00f6ylece idrar s\u00f6kt\u00fcr\u00fcc\u00fc etki g\u00f6sterir. Sa\u00e7l\u0131 deride bu, sa\u00e7 k\u00f6k\u00fcn\u00fcn zarar g\u00f6rmesine de\u011fil, daha kuru ve daha hassas bir bariyere yol a\u00e7ar: Kepek, gerginlik hissi ve ka\u015f\u0131nt\u0131 daha s\u0131k g\u00f6r\u00fcl\u00fcr, kuru sa\u00e7 ise daha kolay k\u0131r\u0131l\u0131r. Sa\u00e7 k\u0131r\u0131lmas\u0131 sa\u00e7 d\u00f6k\u00fclmesinden farkl\u0131d\u0131r, ancak f\u0131r\u00e7ada benzer g\u00f6r\u00fcn\u00fcr.<\/p>\n\n\n\n<p class=\"wp-block-paragraph\">Daha somut olan iltihap yoludur. Acta Dermato-Venereologica dergisindeki bir vaka-kontrol \u00e7al\u0131\u015fmas\u0131nda d\u00fczenli alkol t\u00fcketimi, seboreik egzama alevlenmeleri i\u00e7in 10,2 olas\u0131l\u0131k oran\u0131yla ili\u015fkiliydi. Sedef hastal\u0131\u011f\u0131nda 1.200&#8217;den fazla hastayla yap\u0131lan bir de\u011ferlendirme, i\u00e7ilen miktar ile hastal\u0131\u011f\u0131n \u015fiddeti aras\u0131nda ba\u011flant\u0131 g\u00f6sterdi. \u0130ltihapl\u0131 sa\u00e7l\u0131 deri hastal\u0131klar\u0131 da kendi ba\u015f\u0131na sa\u00e7 kayb\u0131n\u0131 kolayla\u015ft\u0131rabilir. Bu, alkol\u00fcn folik\u00fcl\u00fcn kendisine zarar verdi\u011finin kan\u0131t\u0131 de\u011fildir.<\/p>\n\n\n\n<style>\n@media (max-width:640px){\n.rt-table-wrap{overflow-x:visible!important;border:0!important;border-radius:0!important}\n.rt-table{min-width:0!important}\n.rt-table thead{display:none}\n.rt-table,.rt-table tbody,.rt-table tr,.rt-table td{display:block;width:100%}\n.rt-table caption{display:block;padding:0 0 12px!important}\n.rt-table tr{margin:0 0 12px;border:1px solid #dbe4f0;border-radius:10px;overflow:hidden}\n.rt-table tr:last-child{margin-bottom:0}\n.rt-table td{display:flex!important;flex-direction:column;gap:3px;padding:12px 14px!important;\nborder:0!important;border-bottom:1px solid #e3e8ef!important;background:#ffffff!important}\n.rt-table tr td:last-child{border-bottom:0!important}\n.rt-table td::before{content:attr(data-label);font-size:12px;font-weight:700;letter-spacing:.04em;\ntext-transform:uppercase;color:#5799F1}\n.rt-table td:not([data-label])::before,.rt-table td[data-label=\"\"]::before{display:none}\n}\n<\/style>\n<div class=\"rt-table-wrap\" style=\"overflow-x:auto;-webkit-overflow-scrolling:touch;margin:28px 0;border:1px solid #dbe4f0;border-radius:12px\">\n  <table class=\"rt-table\" style=\"width:100%;min-width:660px;table-layout:fixed;border-collapse:separate;border-spacing:0;font-size:15px;margin:0\">\n    <caption style=\"caption-side:top;text-align:left;color:#003366;font-weight:700;font-size:16px;line-height:1.35;padding:14px 16px 10px;background:#ffffff\">Alkol v\u00fccutta neyi de\u011fi\u015ftirir ve sa\u00e7 bundan ne kadar etkilenir<\/caption>\n    <thead>\n      <tr>\n        <th style=\"width:22%;background:#003366;color:#ffffff;font-weight:700;text-align:left;vertical-align:middle;padding:13px 16px;font-size:15px;line-height:1.4;border:0;overflow-wrap:break-word\">Alkol\u00fcn de\u011fi\u015ftirdi\u011fi<\/th>\n        <th style=\"background:#003366;color:#ffffff;font-weight:700;text-align:left;vertical-align:middle;padding:13px 16px;font-size:15px;line-height:1.4;border:0;overflow-wrap:break-word\">Neden<\/th>\n        <th style=\"background:#003366;color:#ffffff;font-weight:700;text-align:left;vertical-align:middle;padding:13px 16px;font-size:15px;line-height:1.4;border:0;overflow-wrap:break-word\">Sa\u00e7\u0131n bundan etkilenmesi<\/th>\n        <th style=\"background:#003366;color:#ffffff;font-weight:700;text-align:left;vertical-align:middle;padding:13px 16px;font-size:15px;line-height:1.4;border:0;overflow-wrap:break-word\">Bilimsel de\u011ferlendirme<\/th>\n      <\/tr>\n    <\/thead>\n    <tbody>\n      <tr>\n        <td data-label=\"Alkol\u00fcn de\u011fi\u015ftirdi\u011fi\" style=\"background:#ffffff;color:#003366;font-weight:700;text-align:left;vertical-align:top;padding:13px 16px;font-size:15px;line-height:1.55;border:0;border-bottom:1px solid #e3e8ef;overflow-wrap:break-word\">\u00c7inko, folik asit, B vitaminleri, demir<\/td>\n        <td data-label=\"Neden\" style=\"background:#ffffff;color:#22303e;font-weight:400;text-align:left;vertical-align:top;padding:13px 16px;font-size:15px;line-height:1.55;border:0;border-bottom:1px solid #e3e8ef;overflow-wrap:break-word\">ba\u011f\u0131rsakta daha az emilim, b\u00f6brek yoluyla daha \u00e7ok at\u0131l\u0131m<\/td>\n        <td data-label=\"Sa\u00e7\u0131n bundan etkilenmesi\" style=\"background:#ffffff;color:#22303e;font-weight:400;text-align:left;vertical-align:top;padding:13px 16px;font-size:15px;line-height:1.55;border:0;border-bottom:1px solid #e3e8ef;overflow-wrap:break-word\">incelen sa\u00e7lar, k\u0131r\u0131lgan yap\u0131, dinlenme evresinde daha fazla folik\u00fcl<\/td>\n        <td data-label=\"Bilimsel de\u011ferlendirme\" style=\"background:#ffffff;color:#22303e;font-weight:400;text-align:left;vertical-align:top;padding:13px 16px;font-size:15px;line-height:1.55;border:0;border-bottom:1px solid #e3e8ef;overflow-wrap:break-word\">Kan\u0131tlanm\u0131\u015f<\/td>\n      <\/tr>\n      <tr>\n        <td data-label=\"Alkol\u00fcn de\u011fi\u015ftirdi\u011fi\" style=\"background:#f6f9fc;color:#003366;font-weight:700;text-align:left;vertical-align:top;padding:13px 16px;font-size:15px;line-height:1.55;border:0;border-bottom:1px solid #e3e8ef;overflow-wrap:break-word\">Karaci\u011fer ve hormon metabolizmas\u0131<\/td>\n        <td data-label=\"Neden\" style=\"background:#f6f9fc;color:#22303e;font-weight:400;text-align:left;vertical-align:top;padding:13px 16px;font-size:15px;line-height:1.55;border:0;border-bottom:1px solid #e3e8ef;overflow-wrap:break-word\">de\u011fi\u015fen steroid y\u0131k\u0131m\u0131, karaci\u011fer hasar\u0131nda artan aromataz aktivitesi<\/td>\n        <td data-label=\"Sa\u00e7\u0131n bundan etkilenmesi\" style=\"background:#f6f9fc;color:#22303e;font-weight:400;text-align:left;vertical-align:top;padding:13px 16px;font-size:15px;line-height:1.55;border:0;border-bottom:1px solid #e3e8ef;overflow-wrap:break-word\">var olan androgenetik deseni daha belirgin h\u00e2le getirebilir<\/td>\n        <td data-label=\"Bilimsel de\u011ferlendirme\" style=\"background:#f6f9fc;color:#22303e;font-weight:400;text-align:left;vertical-align:top;padding:13px 16px;font-size:15px;line-height:1.55;border:0;border-bottom:1px solid #e3e8ef;overflow-wrap:break-word\">Kronik y\u00fcksek t\u00fcketimde kan\u0131tlanm\u0131\u015f<\/td>\n      <\/tr>\n      <tr>\n        <td data-label=\"Alkol\u00fcn de\u011fi\u015ftirdi\u011fi\" style=\"background:#ffffff;color:#003366;font-weight:700;text-align:left;vertical-align:top;padding:13px 16px;font-size:15px;line-height:1.55;border:0;border-bottom:1px solid #e3e8ef;overflow-wrap:break-word\">Uyku mimarisi<\/td>\n        <td data-label=\"Neden\" style=\"background:#ffffff;color:#22303e;font-weight:400;text-align:left;vertical-align:top;padding:13px 16px;font-size:15px;line-height:1.55;border:0;border-bottom:1px solid #e3e8ef;overflow-wrap:break-word\">REM bask\u0131lanmas\u0131, gecenin par\u00e7alanm\u0131\u015f ikinci yar\u0131s\u0131<\/td>\n        <td data-label=\"Sa\u00e7\u0131n bundan etkilenmesi\" style=\"background:#ffffff;color:#22303e;font-weight:400;text-align:left;vertical-align:top;padding:13px 16px;font-size:15px;line-height:1.55;border:0;border-bottom:1px solid #e3e8ef;overflow-wrap:break-word\">sa\u00e7 d\u00f6ng\u00fcs\u00fcne stres ekseni \u00fczerinden dolayl\u0131 etki eder<\/td>\n        <td data-label=\"Bilimsel de\u011ferlendirme\" style=\"background:#ffffff;color:#22303e;font-weight:400;text-align:left;vertical-align:top;padding:13px 16px;font-size:15px;line-height:1.55;border:0;border-bottom:1px solid #e3e8ef;overflow-wrap:break-word\">Dolayl\u0131 sonu\u00e7<\/td>\n      <\/tr>\n      <tr>\n        <td data-label=\"Alkol\u00fcn de\u011fi\u015ftirdi\u011fi\" style=\"background:#f6f9fc;color:#003366;font-weight:700;text-align:left;vertical-align:top;padding:13px 16px;font-size:15px;line-height:1.55;border:0;border-bottom:1px solid #e3e8ef;overflow-wrap:break-word\">S\u0131v\u0131 dengesi ve sa\u00e7l\u0131 deri<\/td>\n        <td data-label=\"Neden\" style=\"background:#f6f9fc;color:#22303e;font-weight:400;text-align:left;vertical-align:top;padding:13px 16px;font-size:15px;line-height:1.55;border:0;border-bottom:1px solid #e3e8ef;overflow-wrap:break-word\">ADH bask\u0131lanmas\u0131, daha kuru bariyer, iltihaba daha yatk\u0131n deri<\/td>\n        <td data-label=\"Sa\u00e7\u0131n bundan etkilenmesi\" style=\"background:#f6f9fc;color:#22303e;font-weight:400;text-align:left;vertical-align:top;padding:13px 16px;font-size:15px;line-height:1.55;border:0;border-bottom:1px solid #e3e8ef;overflow-wrap:break-word\">kuru, tahri\u015f olmu\u015f sa\u00e7l\u0131 deri, kepek, sa\u00e7 k\u0131r\u0131lmas\u0131<\/td>\n        <td data-label=\"Bilimsel de\u011ferlendirme\" style=\"background:#f6f9fc;color:#22303e;font-weight:400;text-align:left;vertical-align:top;padding:13px 16px;font-size:15px;line-height:1.55;border:0;border-bottom:1px solid #e3e8ef;overflow-wrap:break-word\">Dolayl\u0131 sonu\u00e7<\/td>\n      <\/tr>\n      <tr>\n        <td data-label=\"Alkol\u00fcn de\u011fi\u015ftirdi\u011fi\" style=\"background:#ffffff;color:#003366;font-weight:700;text-align:left;vertical-align:top;padding:13px 16px;font-size:15px;line-height:1.55;border:0;overflow-wrap:break-word\">Do\u011frudan kal\u0131tsal sa\u00e7 d\u00f6k\u00fclmesi<\/td>\n        <td data-label=\"Neden\" style=\"background:#ffffff;color:#22303e;font-weight:400;text-align:left;vertical-align:top;padding:13px 16px;font-size:15px;line-height:1.55;border:0;overflow-wrap:break-word\">epidemiyolojik ili\u015fki, olas\u0131 kar\u0131\u015ft\u0131r\u0131c\u0131 etken olarak ya\u015fam tarz\u0131<\/td>\n        <td data-label=\"Sa\u00e7\u0131n bundan etkilenmesi\" style=\"background:#ffffff;color:#22303e;font-weight:400;text-align:left;vertical-align:top;padding:13px 16px;font-size:15px;line-height:1.55;border:0;overflow-wrap:break-word\">\u00c7al\u0131\u015fmalar farkl\u0131 sonu\u00e7lara ula\u015f\u0131yor<\/td>\n        <td data-label=\"Bilimsel de\u011ferlendirme\" style=\"background:#ffffff;color:#22303e;font-weight:400;text-align:left;vertical-align:top;padding:13px 16px;font-size:15px;line-height:1.55;border:0;overflow-wrap:break-word\">Veriler s\u0131n\u0131rl\u0131<\/td>\n      <\/tr>\n    <\/tbody>\n  <\/table>\n<\/div>\n\n\n<div class=\"wp-block-image\">\n<figure class=\"aligncenter size-large is-resized\" style=\"max-width:720px;margin-left:auto;margin-right:auto\"><img decoding=\"async\" src=\"https:\/\/elithair.com\/tr\/wp-content\/uploads\/sites\/10\/2026\/08\/vier_mechanismen__tr.png\" alt=\"\u0130nfografik: alkol\u00fcn sa\u00e7 b\u00fcy\u00fcmesini bozdu\u011fu d\u00f6rt yol, besin emiliminden sa\u00e7l\u0131 deriye\" class=\"wp-image-83823\" style=\"width:720px;max-width:100%;height:auto\"\/><\/figure>\n<\/div>\n\n\n<h2 class=\"wp-block-heading\">Sa\u00e7lar i\u00e7in ne kadar alkol fazla?<\/h2>\n\n\n\n<p class=\"wp-block-paragraph\">\u00d6l\u00e7\u00fcl\u00fc alkol t\u00fcketiminin sa\u00e7 d\u00f6k\u00fclmesine neden oldu\u011fu kan\u0131tlanm\u0131\u015f de\u011fildir. Miktar, aylar boyunca y\u00fcksek kald\u0131\u011f\u0131nda \u00f6nem kazan\u0131r; \u00e7\u00fcnk\u00fc besin depolar\u0131, karaci\u011fer de\u011ferleri ve hormon ekseni ancak o zaman \u00f6l\u00e7\u00fclebilir bi\u00e7imde bozulur. Yemekle i\u00e7ilen bir kadeh \u015farap, bug\u00fcnk\u00fc verilere g\u00f6re bir sa\u00e7 d\u00f6k\u00fclmesi riski de\u011fildir.<\/p>\n\n\n\n<p class=\"wp-block-paragraph\">Do\u011fru s\u0131n\u0131fland\u0131rma i\u00e7in uzman kurulu\u015flar\u0131n tan\u0131mlar\u0131 yard\u0131mc\u0131 olur. Bu kurulu\u015flar t\u00fcketimi i\u00e7ki t\u00fcr\u00fcne g\u00f6re de\u011fil, gram cinsinden saf alkole g\u00f6re hesaplar. T\u00fcrkiye i\u00e7in bir standart i\u00e7kinin gram kar\u015f\u0131l\u0131\u011f\u0131 resm\u00ee olarak tan\u0131mlanm\u0131\u015f de\u011fildir; Ye\u015filay&#8217;\u0131n alkol \u00f6l\u00e7e\u011finde 1 kadeh \u015farap ve yar\u0131m duble sert i\u00e7ki birer standart i\u00e7ki, 1 b\u00fcy\u00fck kutu bira ise 1,5 standart i\u00e7ki say\u0131l\u0131r. Baz\u0131 \u00fclkelerde d\u00fc\u015f\u00fck riskli t\u00fcketim i\u00e7in g\u00fcnl\u00fck s\u0131n\u0131r de\u011ferler ve haftada en az iki alkols\u00fcz g\u00fcn \u00f6neriliyordu.<\/p>\n\n\n\n<p class=\"wp-block-paragraph\">Bu t\u00fcr s\u0131n\u0131r de\u011ferler bug\u00fcn a\u015f\u0131lm\u0131\u015f kabul ediliyor. D\u00fcnya Sa\u011fl\u0131k \u00d6rg\u00fct\u00fc Ocak 2023&#8217;te genel sa\u011fl\u0131k a\u00e7\u0131s\u0131ndan g\u00fcvenli say\u0131labilecek bir alkol miktar\u0131n\u0131n bulunmad\u0131\u011f\u0131n\u0131 a\u00e7\u0131klad\u0131. Bu, kanser ve kalp-damar riskleriyle ilgili bir ifadedir, sa\u00e7 d\u00f6k\u00fclmesiyle ilgili de\u011fil. Bir\u00e7ok metin bu ayr\u0131m\u0131 bulan\u0131kla\u015ft\u0131r\u0131yor.<\/p>\n\n\n\n<p class=\"wp-block-paragraph\">DS\u00d6&#8217;n\u00fcn risk basamaklar\u0131, hi\u00e7 i\u00e7memekten erkeklerde g\u00fcnde 100 g&#8217;dan, kad\u0131nlarda 60 g&#8217;dan fazla saf alkolle ba\u015flayan \u00e7ok y\u00fcksek riske kadar uzan\u0131r. DS\u00d6 a\u015f\u0131r\u0131 i\u00e7meyi ayda en az bir kez tek seferde en az 60 g olarak tan\u0131mlar. A\u015fa\u011f\u0131daki tablo bu basamaklar\u0131n sa\u00e7lar a\u00e7\u0131s\u0131ndan ne anlama geldi\u011fini g\u00f6sterir.<\/p>\n\n\n\n<style>\n@media (max-width:640px){\n.rt-table-wrap{overflow-x:visible!important;border:0!important;border-radius:0!important}\n.rt-table{min-width:0!important}\n.rt-table thead{display:none}\n.rt-table,.rt-table tbody,.rt-table tr,.rt-table td{display:block;width:100%}\n.rt-table caption{display:block;padding:0 0 12px!important}\n.rt-table tr{margin:0 0 12px;border:1px solid #dbe4f0;border-radius:10px;overflow:hidden}\n.rt-table tr:last-child{margin-bottom:0}\n.rt-table td{display:flex!important;flex-direction:column;gap:3px;padding:12px 14px!important;\nborder:0!important;border-bottom:1px solid #e3e8ef!important;background:#ffffff!important}\n.rt-table tr td:last-child{border-bottom:0!important}\n.rt-table td::before{content:attr(data-label);font-size:12px;font-weight:700;letter-spacing:.04em;\ntext-transform:uppercase;color:#5799F1}\n.rt-table td:not([data-label])::before,.rt-table td[data-label=\"\"]::before{display:none}\n}\n<\/style>\n<div class=\"rt-table-wrap\" style=\"overflow-x:auto;-webkit-overflow-scrolling:touch;margin:28px 0;border:1px solid #dbe4f0;border-radius:12px\">\n  <table class=\"rt-table\" style=\"width:100%;min-width:660px;table-layout:fixed;border-collapse:separate;border-spacing:0;font-size:15px;margin:0\">\n    <caption style=\"caption-side:top;text-align:left;color:#003366;font-weight:700;font-size:16px;line-height:1.35;padding:14px 16px 10px;background:#ffffff\">T\u00fcketimin s\u0131n\u0131fland\u0131r\u0131lmas\u0131: sa\u00e7lar ve v\u00fccut i\u00e7in ne zaman \u00f6nem kazan\u0131r<\/caption>\n    <thead>\n      <tr>\n        <th style=\"width:22%;background:#003366;color:#ffffff;font-weight:700;text-align:left;vertical-align:middle;padding:13px 16px;font-size:15px;line-height:1.4;border:0;overflow-wrap:break-word\">T\u00fcketim bi\u00e7imi<\/th>\n        <th style=\"background:#003366;color:#ffffff;font-weight:700;text-align:left;vertical-align:middle;padding:13px 16px;font-size:15px;line-height:1.4;border:0;overflow-wrap:break-word\">Uzman kurulu\u015flar\u0131n de\u011ferlendirmesi<\/th>\n        <th style=\"background:#003366;color:#ffffff;font-weight:700;text-align:left;vertical-align:middle;padding:13px 16px;font-size:15px;line-height:1.4;border:0;overflow-wrap:break-word\">Sa\u00e7lar a\u00e7\u0131s\u0131ndan \u00f6nemi<\/th>\n        <th style=\"background:#003366;color:#ffffff;font-weight:700;text-align:left;vertical-align:middle;padding:13px 16px;font-size:15px;line-height:1.4;border:0;overflow-wrap:break-word\">\u015eimdi mant\u0131kl\u0131 olan<\/th>\n      <\/tr>\n    <\/thead>\n    <tbody>\n      <tr>\n        <td data-label=\"T\u00fcketim bi\u00e7imi\" style=\"background:#ffffff;color:#003366;font-weight:700;text-align:left;vertical-align:top;padding:13px 16px;font-size:15px;line-height:1.55;border:0;border-bottom:1px solid #e3e8ef;overflow-wrap:break-word\">Alkol yok<\/td>\n        <td data-label=\"Uzman kurulu\u015flar\u0131n de\u011ferlendirmesi\" style=\"background:#ffffff;color:#22303e;font-weight:400;text-align:left;vertical-align:top;padding:13px 16px;font-size:15px;line-height:1.55;border:0;border-bottom:1px solid #e3e8ef;overflow-wrap:break-word\">alkole ba\u011fl\u0131 sa\u011fl\u0131k riski ta\u015f\u0131mayan tek basamak (DS\u00d6)<\/td>\n        <td data-label=\"Sa\u00e7lar a\u00e7\u0131s\u0131ndan \u00f6nemi\" style=\"background:#ffffff;color:#22303e;font-weight:400;text-align:left;vertical-align:top;padding:13px 16px;font-size:15px;line-height:1.55;border:0;border-bottom:1px solid #e3e8ef;overflow-wrap:break-word\">sa\u00e7 d\u00f6k\u00fclmesine alkole ba\u011fl\u0131 bir katk\u0131 yok<\/td>\n        <td data-label=\"\u015eimdi mant\u0131kl\u0131 olan\" style=\"background:#ffffff;color:#22303e;font-weight:400;text-align:left;vertical-align:top;padding:13px 16px;font-size:15px;line-height:1.55;border:0;border-bottom:1px solid #e3e8ef;overflow-wrap:break-word\">sa\u00e7 d\u00f6k\u00fclmesi varsa di\u011fer nedenleri ara\u015ft\u0131rtmak<\/td>\n      <\/tr>\n      <tr>\n        <td data-label=\"T\u00fcketim bi\u00e7imi\" style=\"background:#f6f9fc;color:#003366;font-weight:700;text-align:left;vertical-align:top;padding:13px 16px;font-size:15px;line-height:1.55;border:0;border-bottom:1px solid #e3e8ef;overflow-wrap:break-word\">Seyrek i\u00e7me, DS\u00d6 e\u015fiklerinin belirgin bi\u00e7imde alt\u0131nda, alkols\u00fcz g\u00fcnlerle birlikte<\/td>\n        <td data-label=\"Uzman kurulu\u015flar\u0131n de\u011ferlendirmesi\" style=\"background:#f6f9fc;color:#22303e;font-weight:400;text-align:left;vertical-align:top;padding:13px 16px;font-size:15px;line-height:1.55;border:0;border-bottom:1px solid #e3e8ef;overflow-wrap:break-word\">bug\u00fcn a\u015f\u0131lm\u0131\u015f say\u0131lan eski ulusal s\u0131n\u0131r de\u011ferlerin kapsam\u0131nda; 2023&#8217;ten bu yana ge\u00e7erli olan: kan\u0131tlanm\u0131\u015f bi\u00e7imde zarars\u0131z bir miktar yok<\/td>\n        <td data-label=\"Sa\u00e7lar a\u00e7\u0131s\u0131ndan \u00f6nemi\" style=\"background:#f6f9fc;color:#22303e;font-weight:400;text-align:left;vertical-align:top;padding:13px 16px;font-size:15px;line-height:1.55;border:0;border-bottom:1px solid #e3e8ef;overflow-wrap:break-word\">sa\u00e7 d\u00f6k\u00fclmesinin nedeni oldu\u011fu kan\u0131tlanm\u0131\u015f de\u011fil<\/td>\n        <td data-label=\"\u015eimdi mant\u0131kl\u0131 olan\" style=\"background:#f6f9fc;color:#22303e;font-weight:400;text-align:left;vertical-align:top;padding:13px 16px;font-size:15px;line-height:1.55;border:0;border-bottom:1px solid #e3e8ef;overflow-wrap:break-word\">miktar\u0131 hekimle g\u00f6r\u00fc\u015fmede belirtmek, \u00e7\u00fcnk\u00fc kan de\u011ferlerini etkiler<\/td>\n      <\/tr>\n      <tr>\n        <td data-label=\"T\u00fcketim bi\u00e7imi\" style=\"background:#ffffff;color:#003366;font-weight:700;text-align:left;vertical-align:top;padding:13px 16px;font-size:15px;line-height:1.55;border:0;border-bottom:1px solid #e3e8ef;overflow-wrap:break-word\">D\u00fczenli olarak belirgin bi\u00e7imde daha fazla, aylar boyunca<\/td>\n        <td data-label=\"Uzman kurulu\u015flar\u0131n de\u011ferlendirmesi\" style=\"background:#ffffff;color:#22303e;font-weight:400;text-align:left;vertical-align:top;padding:13px 16px;font-size:15px;line-height:1.55;border:0;border-bottom:1px solid #e3e8ef;overflow-wrap:break-word\">eski s\u0131n\u0131r de\u011ferlerin \u00fczerinde, risk g\u00fcnl\u00fck miktarla birlikte artar (DS\u00d6)<\/td>\n        <td data-label=\"Sa\u00e7lar a\u00e7\u0131s\u0131ndan \u00f6nemi\" style=\"background:#ffffff;color:#22303e;font-weight:400;text-align:left;vertical-align:top;padding:13px 16px;font-size:15px;line-height:1.55;border:0;border-bottom:1px solid #e3e8ef;overflow-wrap:break-word\">besin depolar\u0131 ve karaci\u011fer de\u011ferleri \u00f6l\u00e7\u00fclebilir bi\u00e7imde bozulabilir; d\u00f6rt mekanizma burada devreye girer<\/td>\n        <td data-label=\"\u015eimdi mant\u0131kl\u0131 olan\" style=\"background:#ffffff;color:#22303e;font-weight:400;text-align:left;vertical-align:top;padding:13px 16px;font-size:15px;line-height:1.55;border:0;border-bottom:1px solid #e3e8ef;overflow-wrap:break-word\">miktar\u0131 azaltmak, hemogram ve hekimle g\u00f6r\u00fc\u015fme<\/td>\n      <\/tr>\n      <tr>\n        <td data-label=\"T\u00fcketim bi\u00e7imi\" style=\"background:#f6f9fc;color:#003366;font-weight:700;text-align:left;vertical-align:top;padding:13px 16px;font-size:15px;line-height:1.55;border:0;border-bottom:1px solid #e3e8ef;overflow-wrap:break-word\">A\u015f\u0131r\u0131 i\u00e7me: tek seferde 60 g ve \u00fczeri, en az ayda bir<\/td>\n        <td data-label=\"Uzman kurulu\u015flar\u0131n de\u011ferlendirmesi\" style=\"background:#f6f9fc;color:#22303e;font-weight:400;text-align:left;vertical-align:top;padding:13px 16px;font-size:15px;line-height:1.55;border:0;border-bottom:1px solid #e3e8ef;overflow-wrap:break-word\">DS\u00d6&#8217;n\u00fcn a\u015f\u0131r\u0131 i\u00e7me (binge drinking) tan\u0131m\u0131<\/td>\n        <td data-label=\"Sa\u00e7lar a\u00e7\u0131s\u0131ndan \u00f6nemi\" style=\"background:#f6f9fc;color:#22303e;font-weight:400;text-align:left;vertical-align:top;padding:13px 16px;font-size:15px;line-height:1.55;border:0;border-bottom:1px solid #e3e8ef;overflow-wrap:break-word\">tek bir olay depolar\u0131 bo\u015faltmaz, aylarca tekrarland\u0131\u011f\u0131nda birikir<\/td>\n        <td data-label=\"\u015eimdi mant\u0131kl\u0131 olan\" style=\"background:#f6f9fc;color:#22303e;font-weight:400;text-align:left;vertical-align:top;padding:13px 16px;font-size:15px;line-height:1.55;border:0;border-bottom:1px solid #e3e8ef;overflow-wrap:break-word\">haftal\u0131k miktar\u0131 tahmin etmek yerine standart i\u00e7ki olarak kaydetmek<\/td>\n      <\/tr>\n      <tr>\n        <td data-label=\"T\u00fcketim bi\u00e7imi\" style=\"background:#ffffff;color:#003366;font-weight:700;text-align:left;vertical-align:top;padding:13px 16px;font-size:15px;line-height:1.55;border:0;overflow-wrap:break-word\">G\u00fcnde 100 g&#8217;dan fazla (erkekler) veya 60 g&#8217;dan fazla (kad\u0131nlar)<\/td>\n        <td data-label=\"Uzman kurulu\u015flar\u0131n de\u011ferlendirmesi\" style=\"background:#ffffff;color:#22303e;font-weight:400;text-align:left;vertical-align:top;padding:13px 16px;font-size:15px;line-height:1.55;border:0;overflow-wrap:break-word\">\u00e7ok y\u00fcksek risk (DS\u00d6 risk basamaklar\u0131)<\/td>\n        <td data-label=\"Sa\u00e7lar a\u00e7\u0131s\u0131ndan \u00f6nemi\" style=\"background:#ffffff;color:#22303e;font-weight:400;text-align:left;vertical-align:top;padding:13px 16px;font-size:15px;line-height:1.55;border:0;overflow-wrap:break-word\">s\u0131k e\u015flik eden eksiklikler, de\u011fi\u015fmi\u015f karaci\u011fer de\u011ferleri, bozulmu\u015f hormon ekseni<\/td>\n        <td data-label=\"\u015eimdi mant\u0131kl\u0131 olan\" style=\"background:#ffffff;color:#22303e;font-weight:400;text-align:left;vertical-align:top;padding:13px 16px;font-size:15px;line-height:1.55;border:0;overflow-wrap:break-word\">hekim e\u015fli\u011fi; kendi ba\u015f\u0131na ani b\u0131rakma de\u011fil<\/td>\n      <\/tr>\n    <\/tbody>\n  <\/table>\n<\/div>\n\n\n\n<p class=\"wp-block-paragraph\"><strong>Standart i\u00e7ki hakk\u0131nda:<\/strong> Standart i\u00e7ki, gram cinsinden saf alkolle tan\u0131mlan\u0131r; T\u00fcrkiye i\u00e7in do\u011frulanm\u0131\u015f bir gram de\u011feri bulunmuyor. Ye\u015filay&#8217;\u0131n alkol \u00f6l\u00e7e\u011finde 1 kadeh \u015farap ve yar\u0131m duble sert i\u00e7ki (rak\u0131, votka, cin, viski) birer standart i\u00e7ki, 1 b\u00fcy\u00fck kutu bira ise 1,5 standart i\u00e7ki say\u0131l\u0131r. Bira, \u015farap ya da sert i\u00e7ki olmas\u0131 fark etmez: B\u00fct\u00fcn uzman kurulu\u015flar i\u00e7ki t\u00fcr\u00fcn\u00fc de\u011fil, gram cinsinden saf alkol\u00fc hesaba katar.<\/p>\n\n\n\n<h3 class=\"wp-block-heading\">Hafta sonu i\u00e7mek mi, g\u00fcnl\u00fck t\u00fcketim mi: sa\u00e7 a\u00e7\u0131s\u0131ndan fark ne?<\/h3>\n\n\n\n<p class=\"wp-block-paragraph\">Sa\u00e7lar a\u00e7\u0131s\u0131ndan bug\u00fcnk\u00fc bilgiye g\u00f6re \u00f6nemli olan haftal\u0131k miktard\u0131r, bi\u00e7im de\u011fil. \u0130lgili mekanizmalar s\u00fcre ister: Tek bir a\u015f\u0131r\u0131 i\u00e7me ak\u015fam\u0131 \u00e7inko depolar\u0131n\u0131 bo\u015faltmaz; ancak aylar boyunca tekrarlanan a\u015f\u0131r\u0131 i\u00e7me, d\u00fczenli g\u00fcnl\u00fck t\u00fcketimle ayn\u0131 saf alkol miktar\u0131na ula\u015f\u0131r. Bu noktada bir \u00e7al\u0131\u015fma eksik ve bunu a\u00e7\u0131k\u00e7a s\u00f6yl\u00fcyoruz: Ayn\u0131 haftal\u0131k miktarda iki bi\u00e7imi sa\u00e7 d\u00f6k\u00fclmesi a\u00e7\u0131s\u0131ndan kar\u015f\u0131la\u015ft\u0131ran bir yay\u0131n yok.<\/p>\n\n\n\n<p class=\"wp-block-paragraph\">Kad\u0131nlarda DS\u00d6 e\u015fik de\u011ferleri daha d\u00fc\u015f\u00fckt\u00fcr; \u00e7\u00fcnk\u00fc v\u00fccut suyu oran\u0131 daha d\u00fc\u015f\u00fckt\u00fcr ve alkol dehidrogenaz farkl\u0131 \u00e7al\u0131\u015f\u0131r. Sa\u00e7 s\u00f6z konusu oldu\u011funda ikinci bir etken eklenir: Do\u011furganl\u0131k \u00e7a\u011f\u0131ndaki kad\u0131nlarda demir eksikli\u011fi s\u0131kt\u0131r ve alkol, demir ile folat deste\u011fini ayr\u0131ca k\u00f6t\u00fcle\u015ftirir.<\/p>\n\n\n\n<h2 class=\"wp-block-heading\">Alkole ba\u011fl\u0131 sa\u00e7 d\u00f6k\u00fclmesinin belirtileri<\/h2>\n\n\n\n<p class=\"wp-block-paragraph\">Genellikle <strong>alkole ba\u011fl\u0131 sa\u00e7 d\u00f6k\u00fclmesi<\/strong> yava\u015f yava\u015f, fark edilmeden geli\u015fir. \u0130lk i\u015faretler incelen sa\u00e7lar, bozulan sa\u00e7 yap\u0131s\u0131 ya da y\u0131karken veya f\u0131r\u00e7alarken artan sa\u00e7 kayb\u0131d\u0131r. Bu de\u011fi\u015fiklikler ortaya \u00e7\u0131k\u0131yorsa, kendi alkol t\u00fcketiminize de ele\u015ftirel bir g\u00f6zle bakman\u0131z yararl\u0131 olabilir. Sa\u00e7 kayb\u0131n\u0131n hangi noktadan sonra dikkat \u00e7ekici say\u0131ld\u0131\u011f\u0131n\u0131 \u015fu yaz\u0131da a\u00e7\u0131kl\u0131yoruz: <a href=\"\/tr\/gunde-kac-tel-sac-dokulur\/\">a\u015f\u0131r\u0131 sa\u00e7 d\u00f6k\u00fclmesi<\/a>.<\/p>\n\n\n\n<figure class=\"wp-block-image size-full\"><img decoding=\"async\" src=\"https:\/\/elithair.com\/tr\/wp-content\/uploads\/sites\/10\/2026\/08\/bestand_91568.png\" alt=\"\u00d6n\u00fcnde birka\u00e7 \u015fi\u015fe duran, kadehindeki i\u00e7kiyi kederli bi\u00e7imde i\u00e7en bir adam\" class=\"wp-image-83830\"\/><\/figure>\n\n\n\n<p class=\"wp-block-paragraph\">Alkole ba\u011fl\u0131 sa\u00e7 d\u00f6k\u00fclmesi, ba\u015fka belirtilerin yan\u0131 s\u0131ra gerileyen sa\u00e7 \u00e7izgisi ya da \u015fakaklarda ve tepe b\u00f6lgesinde artan seyrelme bi\u00e7iminde g\u00f6r\u00fclebilir. Bu t\u00fcr de\u011fi\u015fiklikler alkol\u00fcn hormonal ve metabolik etkileriyle kolayla\u015fabilir. Ancak tam da bu desen, kal\u0131tsal sa\u00e7 d\u00f6k\u00fclmesi i\u00e7in tipiktir; y\u00fcksek t\u00fcketim ona e\u015flik edebilir ve onu daha g\u00f6r\u00fcn\u00fcr k\u0131labilir, ama onu ba\u015flatm\u0131\u015f olmaz.<\/p>\n\n\n<div class=\"wp-block-image\">\n<figure class=\"aligncenter size-large is-resized\" style=\"max-width:560px;margin-left:auto;margin-right:auto\"><img decoding=\"async\" src=\"https:\/\/elithair.com\/tr\/wp-content\/uploads\/sites\/10\/2026\/08\/diffus_vs_muster.png\" alt=\"Kar\u015f\u0131la\u015ft\u0131rmal\u0131 ill\u00fcstrasyon: solda e\u015fit bi\u00e7imde yayg\u0131n seyrelmi\u015f sa\u00e7, sa\u011fda \u015fakaklarda ve tepe b\u00f6lgesinde kal\u0131tsal sa\u00e7 d\u00f6k\u00fclmesinin deseni\" class=\"wp-image-83824\" style=\"width:560px;max-width:100%;height:auto\"\/><\/figure>\n<\/div>\n\n\n<p class=\"wp-block-paragraph\">G\u00f6zle g\u00f6r\u00fcl\u00fcr sa\u00e7 kayb\u0131ndan \u00f6nce bile sa\u00e7 kalitesi bozulabilir. Mat, kuru ya da k\u0131r\u0131lgan sa\u00e7 tipiktir. Baz\u0131 durumlarda, besin eksiklikleriyle ili\u015fkili olabilecek erken beyazlama da g\u00f6zlenir. Erken beyazlama i\u00e7in veriler alkolden \u00e7ok sigara i\u00e7in nettir: Journal of the American Academy of Dermatology dergisindeki bir kesitsel ara\u015ft\u0131rma sigaray\u0131 risk etkeni olarak g\u00f6sterir; tek ba\u015f\u0131na alkol i\u00e7in ba\u011flant\u0131 daha zay\u0131ft\u0131r ve benzer bi\u00e7imde do\u011frulanmam\u0131\u015ft\u0131r. Bu konuda daha fazlas\u0131 \u015fu yaz\u0131da: sigara ve sa\u00e7 d\u00f6k\u00fclmesi.<\/p>\n\n\n\n<div style=\"margin:26px 0\">\n<p style=\"margin:0 0 14px;color:#013366;font-weight:700;font-size:18px\">Belirti kontrol\u00fc: d\u00f6rt g\u00f6zlem ve sonraki ad\u0131m<\/p>\n<div style=\"border:1px solid #e3e8ef;border-radius:10px;padding:16px;margin-bottom:12px;background:#ffffff\">\n<p style=\"margin:0 0 6px;color:#013366;font-weight:600;font-size:16px;line-height:1.45\"><span style=\"color:#0079F1;font-weight:700\">&#10003;<\/span> Haftalar boyunca f\u0131r\u00e7ada ve giderde daha fazla sa\u00e7, kel bir b\u00f6lge olmadan<\/p>\n<p style=\"margin:0;color:#2e3033;font-size:15px;line-height:1.6\">Bir tetikleyiciye ba\u011fl\u0131, yayg\u0131n bir d\u00f6k\u00fclmeye i\u015faret eder. Sonraki ad\u0131m: Hemogram istemek ve haftada ka\u00e7 bardak i\u00e7ildi\u011fini konu\u015fmak.<\/p>\n<\/div>\n<div style=\"border:1px solid #e3e8ef;border-radius:10px;padding:16px;margin-bottom:12px;background:#ffffff\">\n<p style=\"margin:0 0 6px;color:#013366;font-weight:600;font-size:16px;line-height:1.45\"><span style=\"color:#0079F1;font-weight:700\">&#10003;<\/span> Seyrelme en \u00e7ok \u015fakaklarda ve tepe b\u00f6lgesinde belirgin<\/p>\n<p style=\"margin:0;color:#2e3033;font-size:15px;line-height:1.6\">Alkol\u00fcn e\u015flik edebilece\u011fi ama a\u00e7\u0131klayamayaca\u011f\u0131 androgenetik bir deseni d\u00fc\u015f\u00fcnd\u00fcr\u00fcr. Sonraki ad\u0131m: desenin dermatolojik olarak de\u011ferlendirilmesi.<\/p>\n<\/div>\n<div style=\"border:1px solid #e3e8ef;border-radius:10px;padding:16px;margin-bottom:12px;background:#ffffff\">\n<p style=\"margin:0 0 6px;color:#013366;font-weight:600;font-size:16px;line-height:1.45\"><span style=\"color:#0079F1;font-weight:700\">&#10003;<\/span> Buna yorgunluk, k\u0131r\u0131lgan t\u0131rnaklar veya dudak kenar\u0131 \u00e7atlaklar\u0131 e\u015flik ediyor<\/p>\n<p style=\"margin:0;color:#2e3033;font-size:15px;line-height:1.6\">Besin eksikli\u011finin tipik e\u015flik eden i\u015faretleri. Sonraki ad\u0131m: Ferritin, \u00e7inko, folik asit ve B12 vitaminini hemogramla birlikte \u00f6l\u00e7t\u00fcrmek.<\/p>\n<\/div>\n<div style=\"border:1px solid #e3e8ef;border-radius:10px;padding:16px;margin-bottom:12px;background:#ffffff\">\n<p style=\"margin:0 0 6px;color:#013366;font-weight:600;font-size:16px;line-height:1.45\"><span style=\"color:#0079F1;font-weight:700\">&#10003;<\/span> Daha s\u0131k i\u00e7meye ba\u015flad\u0131\u011f\u0131n\u0131zdan beri sa\u00e7l\u0131 deri kepekleniyor, geriliyor veya ka\u015f\u0131n\u0131yor<\/p>\n<p style=\"margin:0;color:#2e3033;font-size:15px;line-height:1.6\">\u0130ltihap ve bariyer yoluna uyar. Sonraki ad\u0131m: Kendi ba\u015f\u0131na s\u00fcrekli bak\u0131m yerine dermatoloji klini\u011finde sa\u00e7l\u0131 deri muayenesi.<\/p>\n<\/div>\n<\/div>\n\n\n\n<p class=\"wp-block-paragraph\">Bu t\u00fcr belirtiler fark eden ve d\u00fczenli olarak alkol t\u00fcketen ki\u015filerin nedeni hekime ara\u015ft\u0131rtmas\u0131 gerekir. T\u0131bbi de\u011ferlendirmenin yan\u0131nda, sa\u00e7 b\u00fcy\u00fcmesinin daha fazla etkilenmemesi i\u00e7in alkol t\u00fcketimini azaltmak belirleyicidir.<\/p>\n\n\n\n<h2 class=\"wp-block-heading\">Alkol m\u00fc, genetik sa\u00e7 d\u00f6k\u00fclmesi mi? Desenleri b\u00f6yle ay\u0131rt edersiniz<\/h2>\n\n\n\n<p class=\"wp-block-paragraph\">Alkolle ili\u015fkili sa\u00e7 d\u00f6k\u00fclmesi sa\u00e7\u0131 her yerde e\u015fit bi\u00e7imde seyreltir; androgenetik sa\u00e7 d\u00f6k\u00fclmesi ise \u015fakaklarda ve tepe b\u00f6lgesinde bir deseni izler. \u0130kisi ayn\u0131 anda olan ki\u015fide \u00f6nce desen belirginle\u015fir, \u00e7\u00fcnk\u00fc genetik olarak duyarl\u0131 folik\u00fcller ilk olarak dinlenme evresine ge\u00e7er. Bu ayr\u0131m, hangi tedavinin anlaml\u0131 oldu\u011funu belirler.<\/p>\n\n\n\n<p class=\"wp-block-paragraph\">Yani y\u00fcksek t\u00fcketim, var olan kal\u0131tsal sa\u00e7 d\u00f6k\u00fclmesini kendisi tetiklemeden g\u00f6r\u00fcn\u00fcr h\u00e2le getirebilir. Alkol\u00fcn androgenetik alopesiyi ger\u00e7ekten h\u0131zland\u0131r\u0131p h\u0131zland\u0131rmad\u0131\u011f\u0131 a\u00e7\u0131k de\u011fildir: Alcohol and Alcoholism dergisindeki meta-analiz (2024) anlaml\u0131 bir ba\u011flant\u0131 bulmad\u0131; BMC Public Health dergisindeki derleme (2026) alkol\u00fc 1,72 olas\u0131l\u0131k oran\u0131yla birden fazla risk etkeninden biri olarak listeliyor. Hipotez olarak, y\u0131k\u0131m \u00fcr\u00fcn\u00fc asetaldehitin sa\u00e7l\u0131 derinin ba\u011f\u0131\u015f\u0131kl\u0131k ortam\u0131n\u0131 bozmas\u0131 tart\u0131\u015f\u0131l\u0131yor; bu kan\u0131tlanm\u0131\u015f de\u011fil.<\/p>\n\n\n\n<style>\n@media (max-width:640px){\n.rt-table-wrap{overflow-x:visible!important;border:0!important;border-radius:0!important}\n.rt-table{min-width:0!important}\n.rt-table thead{display:none}\n.rt-table,.rt-table tbody,.rt-table tr,.rt-table td{display:block;width:100%}\n.rt-table caption{display:block;padding:0 0 12px!important}\n.rt-table tr{margin:0 0 12px;border:1px solid #dbe4f0;border-radius:10px;overflow:hidden}\n.rt-table tr:last-child{margin-bottom:0}\n.rt-table td{display:flex!important;flex-direction:column;gap:3px;padding:12px 14px!important;\nborder:0!important;border-bottom:1px solid #e3e8ef!important;background:#ffffff!important}\n.rt-table tr td:last-child{border-bottom:0!important}\n.rt-table td::before{content:attr(data-label);font-size:12px;font-weight:700;letter-spacing:.04em;\ntext-transform:uppercase;color:#5799F1}\n.rt-table td:not([data-label])::before,.rt-table td[data-label=\"\"]::before{display:none}\n}\n<\/style>\n<div class=\"rt-table-wrap\" style=\"overflow-x:auto;-webkit-overflow-scrolling:touch;margin:28px 0;border:1px solid #dbe4f0;border-radius:12px\">\n  <table class=\"rt-table\" style=\"width:100%;min-width:620px;table-layout:fixed;border-collapse:separate;border-spacing:0;font-size:15px;margin:0\">\n    <caption style=\"caption-side:top;text-align:left;color:#003366;font-weight:700;font-size:16px;line-height:1.35;padding:14px 16px 10px;background:#ffffff\">Yayg\u0131n m\u0131, desen mi: ayr\u0131m bir bak\u0131\u015fta<\/caption>\n    <thead>\n      <tr>\n        <th style=\"width:22%;background:#003366;color:#ffffff;font-weight:700;text-align:left;vertical-align:middle;padding:13px 16px;font-size:15px;line-height:1.4;border:0;overflow-wrap:break-word\">\u00d6zellik<\/th>\n        <th style=\"background:#003366;color:#ffffff;font-weight:700;text-align:left;vertical-align:middle;padding:13px 16px;font-size:15px;line-height:1.4;border:0;overflow-wrap:break-word\">Yayg\u0131n seyrelme (alkol, eksiklik, stres)<\/th>\n        <th style=\"background:#003366;color:#ffffff;font-weight:700;text-align:left;vertical-align:middle;padding:13px 16px;font-size:15px;line-height:1.4;border:0;overflow-wrap:break-word\">Androgenetik desen<\/th>\n      <\/tr>\n    <\/thead>\n    <tbody>\n      <tr>\n        <td data-label=\"\u00d6zellik\" style=\"background:#ffffff;color:#003366;font-weight:700;text-align:left;vertical-align:top;padding:13px 16px;font-size:15px;line-height:1.55;border:0;border-bottom:1px solid #e3e8ef;overflow-wrap:break-word\">Da\u011f\u0131l\u0131m<\/td>\n        <td data-label=\"Yayg\u0131n seyrelme (alkol, eksiklik, stres)\" style=\"background:#ffffff;color:#22303e;font-weight:400;text-align:left;vertical-align:top;padding:13px 16px;font-size:15px;line-height:1.55;border:0;border-bottom:1px solid #e3e8ef;overflow-wrap:break-word\">sa\u00e7l\u0131 derinin tamam\u0131nda e\u015fit bi\u00e7imde, ense b\u00f6lgesinde de<\/td>\n        <td data-label=\"Androgenetik desen\" style=\"background:#ffffff;color:#22303e;font-weight:400;text-align:left;vertical-align:top;padding:13px 16px;font-size:15px;line-height:1.55;border:0;border-bottom:1px solid #e3e8ef;overflow-wrap:break-word\">\u015fakaklar, al\u0131n \u00e7izgisi ve tepe b\u00f6lgesi; ense s\u0131k kal\u0131r<\/td>\n      <\/tr>\n      <tr>\n        <td data-label=\"\u00d6zellik\" style=\"background:#f6f9fc;color:#003366;font-weight:700;text-align:left;vertical-align:top;padding:13px 16px;font-size:15px;line-height:1.55;border:0;border-bottom:1px solid #e3e8ef;overflow-wrap:break-word\">Zaman i\u00e7indeki seyir<\/td>\n        <td data-label=\"Yayg\u0131n seyrelme (alkol, eksiklik, stres)\" style=\"background:#f6f9fc;color:#22303e;font-weight:400;text-align:left;vertical-align:top;padding:13px 16px;font-size:15px;line-height:1.55;border:0;border-bottom:1px solid #e3e8ef;overflow-wrap:break-word\">ba\u015flang\u0131\u00e7 \u00e7o\u011funlukla bir tetikleyiciden 1 ila 6 ay sonra, s\u0131kl\u0131kla ataklar h\u00e2linde<\/td>\n        <td data-label=\"Androgenetik desen\" style=\"background:#f6f9fc;color:#22303e;font-weight:400;text-align:left;vertical-align:top;padding:13px 16px;font-size:15px;line-height:1.55;border:0;border-bottom:1px solid #e3e8ef;overflow-wrap:break-word\">y\u0131llar i\u00e7inde yava\u015f ilerler, belirgin bir tetikleyici olmadan<\/td>\n      <\/tr>\n      <tr>\n        <td data-label=\"\u00d6zellik\" style=\"background:#ffffff;color:#003366;font-weight:700;text-align:left;vertical-align:top;padding:13px 16px;font-size:15px;line-height:1.55;border:0;border-bottom:1px solid #e3e8ef;overflow-wrap:break-word\">\u0130lk g\u00f6ze \u00e7arpan<\/td>\n        <td data-label=\"Yayg\u0131n seyrelme (alkol, eksiklik, stres)\" style=\"background:#ffffff;color:#22303e;font-weight:400;text-align:left;vertical-align:top;padding:13px 16px;font-size:15px;line-height:1.55;border:0;border-bottom:1px solid #e3e8ef;overflow-wrap:break-word\">y\u0131karken ve f\u0131r\u00e7alarken daha fazla sa\u00e7, ayr\u0131m \u00e7izgisi daha geni\u015f g\u00f6r\u00fcn\u00fcr<\/td>\n        <td data-label=\"Androgenetik desen\" style=\"background:#ffffff;color:#22303e;font-weight:400;text-align:left;vertical-align:top;padding:13px 16px;font-size:15px;line-height:1.55;border:0;border-bottom:1px solid #e3e8ef;overflow-wrap:break-word\">sa\u00e7 \u00e7izgisi geriler, tepe noktas\u0131 \u015feffafla\u015f\u0131r<\/td>\n      <\/tr>\n      <tr>\n        <td data-label=\"\u00d6zellik\" style=\"background:#f6f9fc;color:#003366;font-weight:700;text-align:left;vertical-align:top;padding:13px 16px;font-size:15px;line-height:1.55;border:0;border-bottom:1px solid #e3e8ef;overflow-wrap:break-word\">Tetikleyici ortadan kalk\u0131nca tepki<\/td>\n        <td data-label=\"Yayg\u0131n seyrelme (alkol, eksiklik, stres)\" style=\"background:#f6f9fc;color:#22303e;font-weight:400;text-align:left;vertical-align:top;padding:13px 16px;font-size:15px;line-height:1.55;border:0;border-bottom:1px solid #e3e8ef;overflow-wrap:break-word\">kural olarak 6 aya kadar toparlanma<\/td>\n        <td data-label=\"Androgenetik desen\" style=\"background:#f6f9fc;color:#22303e;font-weight:400;text-align:left;vertical-align:top;padding:13px 16px;font-size:15px;line-height:1.55;border:0;border-bottom:1px solid #e3e8ef;overflow-wrap:break-word\">tepki yok, genetik pay devam eder<\/td>\n      <\/tr>\n      <tr>\n        <td data-label=\"\u00d6zellik\" style=\"background:#ffffff;color:#003366;font-weight:700;text-align:left;vertical-align:top;padding:13px 16px;font-size:15px;line-height:1.55;border:0;overflow-wrap:break-word\">Tipik kan de\u011ferleri<\/td>\n        <td data-label=\"Yayg\u0131n seyrelme (alkol, eksiklik, stres)\" style=\"background:#ffffff;color:#22303e;font-weight:400;text-align:left;vertical-align:top;padding:13px 16px;font-size:15px;line-height:1.55;border:0;overflow-wrap:break-word\">ferritin, \u00e7inko, folik asit, B12 vitamini veya karaci\u011fer de\u011ferleri anormal<\/td>\n        <td data-label=\"Androgenetik desen\" style=\"background:#ffffff;color:#22303e;font-weight:400;text-align:left;vertical-align:top;padding:13px 16px;font-size:15px;line-height:1.55;border:0;overflow-wrap:break-word\">kan de\u011ferleri \u00e7o\u011funlukla normal<\/td>\n      <\/tr>\n    <\/tbody>\n  <\/table>\n<\/div>\n\n\n\n<p class=\"wp-block-paragraph\">Uygulamada bu, dolamba\u00e7s\u0131z \u015fu anlama gelir: Yayg\u0131n sa\u00e7 d\u00f6k\u00fclmesi sa\u00e7 ekimi i\u00e7in bir endikasyon de\u011fildir. Ancak tetikleyiciler ortadan kalkt\u0131ktan sonra bir desen kal\u0131yorsa sa\u00e7 ekimi g\u00fcndeme gelir ve o zaman da konu genetik payd\u0131r, alkolle ili\u015fkili pay de\u011fil. \u00c7o\u011fu zaman ikisi bir aradad\u0131r.<\/p>\n\n\n\n<p class=\"wp-block-paragraph\">Hangi tipin sizde oldu\u011fundan emin de\u011filseniz, en kolay netle\u015fme ad\u0131m\u0131 \u00fccretsiz sa\u00e7 analizidir: Da\u011f\u0131l\u0131m ve yo\u011funlu\u011fa bakarak bir desenin mi yoksa yayg\u0131n bir seyrelmenin mi s\u00f6z konusu oldu\u011funu g\u00f6rsel olarak s\u0131n\u0131fland\u0131r\u0131r. Hekim taraf\u0131ndan yap\u0131lan bir kan tahlilinin yerini tutmaz ve nedenin ara\u015ft\u0131r\u0131lmas\u0131 hekimin i\u015fidir.<\/p>\n\n\n\n<div class=\"wp-block-buttons is-content-justification-center is-layout-flex wp-container-core-buttons-is-layout-fe48e5de wp-block-buttons-is-layout-flex\" style=\"justify-content:center;margin-bottom:48px\">\n\n<div class=\"wp-block-button\"><a class=\"wp-block-button__link wp-element-button\" style=\"background-color:#0079F1;color:#ffffff;border-radius:8px;padding:15px 36px;font-weight:700;font-size:17px\" href=\"\/tr\/sac-analizi\/\">\u00dccretsiz sa\u00e7 analizini ba\u015flat\u0131n<\/a><\/div>\n\n<\/div>\n\n\n\n<h2 class=\"wp-block-heading\">Alkole ba\u011fl\u0131 sa\u00e7 d\u00f6k\u00fclmesinin tan\u0131s\u0131<\/h2>\n\n\n\n<p class=\"wp-block-paragraph\">Olas\u0131 bir <strong>alkole ba\u011fl\u0131 sa\u00e7 d\u00f6k\u00fclmesi<\/strong> tan\u0131s\u0131n\u0131 hekim koyar. Bunu kan\u0131tlayan tek bir test yoktur: Tan\u0131, i\u00e7ilen miktar\u0131 da i\u00e7eren \u00f6yk\u00fcden, sa\u00e7l\u0131 deri ve sa\u00e7 muayenesinden ve laboratuvar de\u011ferlerinden do\u011far. \u0130lk belirtilerde aile hekimine ya da bir uzman hekime ba\u015fvurmak yerinde olur.<\/p>\n\n\n<div class=\"wp-block-image\">\n<figure class=\"aligncenter size-large is-resized\" style=\"max-width:720px;margin-left:auto;margin-right:auto\"><img decoding=\"async\" src=\"https:\/\/elithair.com\/tr\/wp-content\/uploads\/sites\/10\/2026\/08\/arztgespraech_blutwerte.png\" alt=\"Hekim, hastas\u0131yla kan de\u011ferlerini konu\u015fuyor; masada kan t\u00fcpleri duruyor\" class=\"wp-image-83825\" style=\"width:720px;max-width:100%;height:auto\"\/><\/figure>\n<\/div>\n\n\n<p class=\"wp-block-paragraph\">Muayene s\u0131ras\u0131nda sa\u00e7l\u0131 deri ve sa\u00e7 yap\u0131s\u0131 de\u011ferlendirilir, olas\u0131 belirtiler ve ki\u015fisel i\u00e7me al\u0131\u015fkanl\u0131\u011f\u0131 konu\u015fulur. Burada a\u00e7\u0131kl\u0131k merkezi bir rol oynar, \u00e7\u00fcnk\u00fc sa\u00e7 d\u00f6k\u00fclmesinin nedeni ancak b\u00f6yle do\u011fru s\u0131n\u0131fland\u0131r\u0131labilir. Miktar\u0131 \u201cara s\u0131ra\u201d ya da \u201c\u00f6l\u00e7\u00fcl\u00fc\u201d diye de\u011fil, haftada ka\u00e7 bardak olarak belirtin; yoksa laboratuvar sonu\u00e7lar\u0131 do\u011fru okunamaz.<\/p>\n\n\n\n<p class=\"wp-block-paragraph\">Bir\u00e7ok durumda kan tahlili tan\u0131y\u0131 tamamlar. Alkole ba\u011fl\u0131 y\u00fcklenmelere ve sa\u00e7 b\u00fcy\u00fcmesini bozan besin \u00f6gesi ile vitamin eksikliklerine dair ipu\u00e7lar\u0131 verebilir. Artm\u0131\u015f alkol t\u00fcketimi s\u0131k s\u0131k eksikliklerle birlikte g\u00f6r\u00fcld\u00fc\u011f\u00fcnden, hemogram sonraki ad\u0131mlar i\u00e7in \u00f6nemli dayanaklar sunar. Hangi parametrelerin al\u0131\u015f\u0131lm\u0131\u015f oldu\u011funu \u015fu yaz\u0131da da bulabilirsiniz: sa\u00e7 d\u00f6k\u00fclmesinde kan testi.<\/p>\n\n\n\n<style>\n@media (max-width:640px){\n.rt-table-wrap{overflow-x:visible!important;border:0!important;border-radius:0!important}\n.rt-table{min-width:0!important}\n.rt-table thead{display:none}\n.rt-table,.rt-table tbody,.rt-table tr,.rt-table td{display:block;width:100%}\n.rt-table caption{display:block;padding:0 0 12px!important}\n.rt-table tr{margin:0 0 12px;border:1px solid #dbe4f0;border-radius:10px;overflow:hidden}\n.rt-table tr:last-child{margin-bottom:0}\n.rt-table td{display:flex!important;flex-direction:column;gap:3px;padding:12px 14px!important;\nborder:0!important;border-bottom:1px solid #e3e8ef!important;background:#ffffff!important}\n.rt-table tr td:last-child{border-bottom:0!important}\n.rt-table td::before{content:attr(data-label);font-size:12px;font-weight:700;letter-spacing:.04em;\ntext-transform:uppercase;color:#5799F1}\n.rt-table td:not([data-label])::before,.rt-table td[data-label=\"\"]::before{display:none}\n}\n<\/style>\n<div class=\"rt-table-wrap\" style=\"overflow-x:auto;-webkit-overflow-scrolling:touch;margin:28px 0;border:1px solid #dbe4f0;border-radius:12px\">\n  <table class=\"rt-table\" style=\"width:100%;min-width:620px;table-layout:fixed;border-collapse:separate;border-spacing:0;font-size:15px;margin:0\">\n    <caption style=\"caption-side:top;text-align:left;color:#003366;font-weight:700;font-size:16px;line-height:1.35;padding:14px 16px 10px;background:#ffffff\">Hekim randevusu i\u00e7in kan de\u011ferleri \u00f6zeti<\/caption>\n    <thead>\n      <tr>\n        <th style=\"width:22%;background:#003366;color:#ffffff;font-weight:700;text-align:left;vertical-align:middle;padding:13px 16px;font-size:15px;line-height:1.4;border:0;overflow-wrap:break-word\">De\u011fer<\/th>\n        <th style=\"background:#003366;color:#ffffff;font-weight:700;text-align:left;vertical-align:middle;padding:13px 16px;font-size:15px;line-height:1.4;border:0;overflow-wrap:break-word\">Alkol ve sa\u00e7 d\u00f6k\u00fclmesinde neden \u00f6nemli<\/th>\n        <th style=\"background:#003366;color:#ffffff;font-weight:700;text-align:left;vertical-align:middle;padding:13px 16px;font-size:15px;line-height:1.4;border:0;overflow-wrap:break-word\">Hekimin dikkat etti\u011fi<\/th>\n      <\/tr>\n    <\/thead>\n    <tbody>\n      <tr>\n        <td data-label=\"De\u011fer\" style=\"background:#ffffff;color:#003366;font-weight:700;text-align:left;vertical-align:top;padding:13px 16px;font-size:15px;line-height:1.55;border:0;border-bottom:1px solid #e3e8ef;overflow-wrap:break-word\">MCV d\u00e2hil tam kan say\u0131m\u0131<\/td>\n        <td data-label=\"Alkol ve sa\u00e7 d\u00f6k\u00fclmesinde neden \u00f6nemli\" style=\"background:#ffffff;color:#22303e;font-weight:400;text-align:left;vertical-align:top;padding:13px 16px;font-size:15px;line-height:1.55;border:0;border-bottom:1px solid #e3e8ef;overflow-wrap:break-word\">alkol ve folik asit ya da B12 vitamini eksikli\u011fi, k\u0131rm\u0131z\u0131 kan h\u00fccrelerinin boyutunu ve yap\u0131m\u0131n\u0131 de\u011fi\u015ftirir<\/td>\n        <td data-label=\"Hekimin dikkat etti\u011fi\" style=\"background:#ffffff;color:#22303e;font-weight:400;text-align:left;vertical-align:top;padding:13px 16px;font-size:15px;line-height:1.55;border:0;border-bottom:1px solid #e3e8ef;overflow-wrap:break-word\">eksikli\u011fe ya da alkole ba\u011fl\u0131 y\u00fcklenmeye i\u015faret olarak b\u00fcy\u00fcm\u00fc\u015f eritrositler<\/td>\n      <\/tr>\n      <tr>\n        <td data-label=\"De\u011fer\" style=\"background:#f6f9fc;color:#003366;font-weight:700;text-align:left;vertical-align:top;padding:13px 16px;font-size:15px;line-height:1.55;border:0;border-bottom:1px solid #e3e8ef;overflow-wrap:break-word\">CRP ile birlikte ferritin<\/td>\n        <td data-label=\"Alkol ve sa\u00e7 d\u00f6k\u00fclmesinde neden \u00f6nemli\" style=\"background:#f6f9fc;color:#22303e;font-weight:400;text-align:left;vertical-align:top;padding:13px 16px;font-size:15px;line-height:1.55;border:0;border-bottom:1px solid #e3e8ef;overflow-wrap:break-word\">demir eksikli\u011fi yayg\u0131n seyrelmenin s\u0131k bir nedenidir, alkol demir deste\u011fini k\u00f6t\u00fcle\u015ftirir<\/td>\n        <td data-label=\"Hekimin dikkat etti\u011fi\" style=\"background:#f6f9fc;color:#22303e;font-weight:400;text-align:left;vertical-align:top;padding:13px 16px;font-size:15px;line-height:1.55;border:0;border-bottom:1px solid #e3e8ef;overflow-wrap:break-word\">ferritin bir akut faz proteinidir ve iltihapta yanl\u0131\u015f y\u00fcksek \u00e7\u0131kabilir, bu nedenle kontrol de\u011feri olarak CRP<\/td>\n      <\/tr>\n      <tr>\n        <td data-label=\"De\u011fer\" style=\"background:#ffffff;color:#003366;font-weight:700;text-align:left;vertical-align:top;padding:13px 16px;font-size:15px;line-height:1.55;border:0;border-bottom:1px solid #e3e8ef;overflow-wrap:break-word\">\u00c7inko<\/td>\n        <td data-label=\"Alkol ve sa\u00e7 d\u00f6k\u00fclmesinde neden \u00f6nemli\" style=\"background:#ffffff;color:#22303e;font-weight:400;text-align:left;vertical-align:top;padding:13px 16px;font-size:15px;line-height:1.55;border:0;border-bottom:1px solid #e3e8ef;overflow-wrap:break-word\">kronik t\u00fcketimde ba\u011f\u0131rsaktaki emilim azal\u0131r, b\u00f6brek yoluyla at\u0131l\u0131m artar<\/td>\n        <td data-label=\"Hekimin dikkat etti\u011fi\" style=\"background:#ffffff;color:#22303e;font-weight:400;text-align:left;vertical-align:top;padding:13px 16px;font-size:15px;line-height:1.55;border:0;border-bottom:1px solid #e3e8ef;overflow-wrap:break-word\">sa\u00e7 yap\u0131s\u0131, yara iyile\u015fmesi ve sa\u00e7l\u0131 deri \u015fik\u00e2yetleriyle ili\u015fki<\/td>\n      <\/tr>\n      <tr>\n        <td data-label=\"De\u011fer\" style=\"background:#f6f9fc;color:#003366;font-weight:700;text-align:left;vertical-align:top;padding:13px 16px;font-size:15px;line-height:1.55;border:0;border-bottom:1px solid #e3e8ef;overflow-wrap:break-word\">Folik asit ve B12 vitamini<\/td>\n        <td data-label=\"Alkol ve sa\u00e7 d\u00f6k\u00fclmesinde neden \u00f6nemli\" style=\"background:#f6f9fc;color:#22303e;font-weight:400;text-align:left;vertical-align:top;padding:13px 16px;font-size:15px;line-height:1.55;border:0;border-bottom:1px solid #e3e8ef;overflow-wrap:break-word\">alkolde ba\u011f\u0131rsak, karaci\u011fer ve b\u00f6brek \u00fczerinden \u00fc\u00e7l\u00fc kay\u0131p yolu<\/td>\n        <td data-label=\"Hekimin dikkat etti\u011fi\" style=\"background:#f6f9fc;color:#22303e;font-weight:400;text-align:left;vertical-align:top;padding:13px 16px;font-size:15px;line-height:1.55;border:0;border-bottom:1px solid #e3e8ef;overflow-wrap:break-word\">hemogramdaki MCV ile birlikte de\u011ferlendirme<\/td>\n      <\/tr>\n      <tr>\n        <td data-label=\"De\u011fer\" style=\"background:#ffffff;color:#003366;font-weight:700;text-align:left;vertical-align:top;padding:13px 16px;font-size:15px;line-height:1.55;border:0;border-bottom:1px solid #e3e8ef;overflow-wrap:break-word\">GGT, AST ve ALT<\/td>\n        <td data-label=\"Alkol ve sa\u00e7 d\u00f6k\u00fclmesinde neden \u00f6nemli\" style=\"background:#ffffff;color:#22303e;font-weight:400;text-align:left;vertical-align:top;padding:13px 16px;font-size:15px;line-height:1.55;border:0;border-bottom:1px solid #e3e8ef;overflow-wrap:break-word\">hormon metabolizmas\u0131n\u0131 da ta\u015f\u0131yan karaci\u011ferin g\u00fcncel y\u00fck\u00fcn\u00fc g\u00f6sterir<\/td>\n        <td data-label=\"Hekimin dikkat etti\u011fi\" style=\"background:#ffffff;color:#22303e;font-weight:400;text-align:left;vertical-align:top;padding:13px 16px;font-size:15px;line-height:1.55;border:0;border-bottom:1px solid #e3e8ef;overflow-wrap:break-word\">tek bir de\u011fer de\u011fil, birka\u00e7 \u00f6l\u00e7\u00fcmdeki seyir<\/td>\n      <\/tr>\n      <tr>\n        <td data-label=\"De\u011fer\" style=\"background:#f6f9fc;color:#003366;font-weight:700;text-align:left;vertical-align:top;padding:13px 16px;font-size:15px;line-height:1.55;border:0;overflow-wrap:break-word\">TSH ve D vitamini<\/td>\n        <td data-label=\"Alkol ve sa\u00e7 d\u00f6k\u00fclmesinde neden \u00f6nemli\" style=\"background:#f6f9fc;color:#22303e;font-weight:400;text-align:left;vertical-align:top;padding:13px 16px;font-size:15px;line-height:1.55;border:0;overflow-wrap:break-word\">bir tiroit bozuklu\u011funu ve s\u0131k g\u00f6r\u00fclen bir e\u015flik eden eksikli\u011fi ba\u015fka neden olarak ay\u0131rt eder<\/td>\n        <td data-label=\"Hekimin dikkat etti\u011fi\" style=\"background:#f6f9fc;color:#22303e;font-weight:400;text-align:left;vertical-align:top;padding:13px 16px;font-size:15px;line-height:1.55;border:0;overflow-wrap:break-word\">d\u00f6k\u00fclme alkole atfedilmeden \u00f6nce ay\u0131r\u0131c\u0131 de\u011ferlendirme<\/td>\n      <\/tr>\n    <\/tbody>\n  <\/table>\n<\/div>\n\n\n\n<p class=\"wp-block-paragraph\">Sonucu kullan\u0131labilir k\u0131lan iki nokta var. Birincisi zamanlama: GGT, tekrarlanan t\u00fcketimden sonra 4 ila 5 g\u00fcn i\u00e7inde y\u00fckselir; hafta sonunun hemen ard\u0131ndan al\u0131nan bir de\u011fer sizin \u00e7\u0131k\u0131\u015f noktan\u0131z\u0131 yans\u0131tmaz. Pratikte son kadeh ile kan al\u0131m\u0131 aras\u0131nda en az 24 saat b\u0131rakmak mant\u0131kl\u0131d\u0131r.<\/p>\n\n\n\n<p class=\"wp-block-paragraph\">\u0130kincisi ferritin: Akut faz proteini oldu\u011fu i\u00e7in her iltihaplanmada yanl\u0131\u015f y\u00fcksek \u00e7\u0131kabilir ve ger\u00e7ek bir <a href=\"\/tr\/demir-eksikligi-sac-dokulmesi\/\">demir eksikli\u011fini<\/a> gizleyebilir; bu nedenle kontrol de\u011feri olarak CRP de gerekir. Sonraki her tedavi ad\u0131m\u0131n\u0131n temelini sa\u011flam bir t\u0131bbi tan\u0131 olu\u015fturur, \u00f6zellikle de <strong>alkole ba\u011fl\u0131 sa\u00e7 d\u00f6k\u00fclmesinde<\/strong>. Bu tan\u0131, do\u011fru ad\u0131mlar\u0131n belirlenmesine ve sa\u00e7 ile sa\u00e7l\u0131 deride olas\u0131 ileri hasarlar\u0131n \u00f6nlenmesine yard\u0131mc\u0131 olur.<\/p>\n\n\n\n<h2 class=\"wp-block-heading\">Alkole ba\u011fl\u0131 sa\u00e7 d\u00f6k\u00fclmesi geri d\u00f6ner mi?<\/h2>\n\n\n\n<p class=\"wp-block-paragraph\">Evet, kural olarak. D\u00f6k\u00fclme yayg\u0131n oldu\u011fu ve ba\u015fka bir neden eklenmedi\u011fi s\u00fcrece alkolle ili\u015fkili pay geri d\u00f6n\u00fc\u015fl\u00fcd\u00fcr: Folik\u00fcller yok olmaz, yaln\u0131zca erkenden dinlenme evresine itilir. StatPearls&#8217;e g\u00f6re telojen effluvium, tetikleyici ortadan kalkt\u0131ktan sonra \u00e7o\u011funlukla 6 aya kadar kendili\u011finden d\u00fczelir; tam yo\u011funluk 12 ila 18 ay alabilir.<\/p>\n\n\n\n<h3 class=\"wp-block-heading\">Alkol\u00fc b\u0131rakt\u0131ktan sonra neler toparlan\u0131r<\/h3>\n\n\n\n<p class=\"wp-block-paragraph\">Alkol b\u0131rak\u0131ld\u0131ktan sonra birka\u00e7 sistem toparlan\u0131r, ama ayn\u0131 anda de\u011fil. \u00d6nce karaci\u011fer ve uyku tepki verir: Y\u00fckselmi\u015f GGT de\u011ferleri yakla\u015f\u0131k 2 ila 5 haftada normale d\u00f6ner, uyku mimarisi de ayn\u0131 haftalarda sakinle\u015fir, \u00e7\u00fcnk\u00fc REM bask\u0131lanmas\u0131 ortadan kalkar. Her ikisi de \u00f6l\u00e7\u00fclebilir ya da do\u011frudan hissedilir.<\/p>\n\n\n\n<p class=\"wp-block-paragraph\">Sa\u00e7 ancak bundan sonra gelir. Besin depolar\u0131 yeniden doldu\u011funda ve hormon ekseni dengelendi\u011finde telojen oran\u0131 normalle\u015fir: \u00c7inko ve folik asit art\u0131k b\u00f6brek yoluyla fazladan kaybedilmez, ba\u011f\u0131rsaktaki emilim d\u00fczelir. \u00d6l\u00e7ebildi\u011finiz \u015fey kan de\u011ferleridir. G\u00f6rd\u00fc\u011f\u00fcn\u00fcz \u015fey ise sa\u00e7 yo\u011funlu\u011fudur ve o, laboratuvar\u0131n aylarca gerisinden gelir.<\/p>\n\n\n\n<h3 class=\"wp-block-heading\">Ne kadar s\u00fcrer? Alkol\u00fc b\u0131rakt\u0131ktan sonraki zaman \u00e7izelgesi<\/h3>\n\n\n\n<p class=\"wp-block-paragraph\">Alt s\u0131n\u0131r\u0131 sa\u00e7 d\u00f6ng\u00fcs\u00fc belirler: Bug\u00fcn folik\u00fclde olan biteni sa\u00e7l\u0131 deride 2 ila 3 ay sonra g\u00f6r\u00fcrs\u00fcn\u00fcz. \u0130lk yeni sa\u00e7lar alkol b\u0131rak\u0131ld\u0131ktan 3 ila 6 ay sonra \u00e7\u0131kar; g\u00f6zle g\u00f6r\u00fcl\u00fcr bi\u00e7imde daha yo\u011fun bir sa\u00e7 g\u00f6r\u00fcn\u00fcm\u00fc ise \u00e7o\u011funlukla 6 ila 12 ay sonra (StatPearls, Cleveland Clinic). Biyolojik olarak daha h\u0131zl\u0131s\u0131 m\u00fcmk\u00fcn de\u011fildir.<\/p>\n\n\n\n<p class=\"wp-block-paragraph\">B\u00f6ylece alkols\u00fcz bir ay sorusu da yan\u0131tlanm\u0131\u015f olur. Alkols\u00fcz 30 g\u00fcn karaci\u011fer de\u011ferlerini ve uykuyu \u00f6l\u00e7\u00fclebilir bi\u00e7imde de\u011fi\u015ftirir, sa\u00e7 yo\u011funlu\u011funda ise hen\u00fcz hi\u00e7bir \u015feyi de\u011fi\u015ftirmez; \u00e7\u00fcnk\u00fc yaln\u0131zca dinlenme evresi 3 ila 4 ay s\u00fcrer. Bu bir \u00e7al\u0131\u015fma sonucu de\u011fil, d\u00f6ng\u00fc uzunlu\u011fundan \u00e7\u0131kan bir sonu\u00e7tur: Alkols\u00fcz bir ay ile sa\u00e7 aras\u0131ndaki ili\u015fkiyi inceleyen ayr\u0131 bir \u00e7al\u0131\u015fma yoktur.<\/p>\n\n\n\n<style>\n@media (max-width:640px){\n.rt-table-wrap{overflow-x:visible!important;border:0!important;border-radius:0!important}\n.rt-table{min-width:0!important}\n.rt-table thead{display:none}\n.rt-table,.rt-table tbody,.rt-table tr,.rt-table td{display:block;width:100%}\n.rt-table caption{display:block;padding:0 0 12px!important}\n.rt-table tr{margin:0 0 12px;border:1px solid #dbe4f0;border-radius:10px;overflow:hidden}\n.rt-table tr:last-child{margin-bottom:0}\n.rt-table td{display:flex!important;flex-direction:column;gap:3px;padding:12px 14px!important;\nborder:0!important;border-bottom:1px solid #e3e8ef!important;background:#ffffff!important}\n.rt-table tr td:last-child{border-bottom:0!important}\n.rt-table td::before{content:attr(data-label);font-size:12px;font-weight:700;letter-spacing:.04em;\ntext-transform:uppercase;color:#5799F1}\n.rt-table td:not([data-label])::before,.rt-table td[data-label=\"\"]::before{display:none}\n}\n<\/style>\n<div class=\"rt-table-wrap\" style=\"overflow-x:auto;-webkit-overflow-scrolling:touch;margin:28px 0;border:1px solid #dbe4f0;border-radius:12px\">\n  <table class=\"rt-table\" style=\"width:100%;min-width:620px;table-layout:fixed;border-collapse:separate;border-spacing:0;font-size:15px;margin:0\">\n    <caption style=\"caption-side:top;text-align:left;color:#003366;font-weight:700;font-size:16px;line-height:1.35;padding:14px 16px 10px;background:#ffffff\">Alkol\u00fc b\u0131rakt\u0131ktan sonraki zaman \u00e7izelgesi<\/caption>\n    <thead>\n      <tr>\n        <th style=\"width:22%;background:#003366;color:#ffffff;font-weight:700;text-align:left;vertical-align:middle;padding:13px 16px;font-size:15px;line-height:1.4;border:0;overflow-wrap:break-word\">D\u00f6nem<\/th>\n        <th style=\"background:#003366;color:#ffffff;font-weight:700;text-align:left;vertical-align:middle;padding:13px 16px;font-size:15px;line-height:1.4;border:0;overflow-wrap:break-word\">V\u00fccutta olanlar<\/th>\n        <th style=\"background:#003366;color:#ffffff;font-weight:700;text-align:left;vertical-align:middle;padding:13px 16px;font-size:15px;line-height:1.4;border:0;overflow-wrap:break-word\">Sa\u00e7larda fark ettikleriniz<\/th>\n      <\/tr>\n    <\/thead>\n    <tbody>\n      <tr>\n        <td data-label=\"D\u00f6nem\" style=\"background:#ffffff;color:#003366;font-weight:700;text-align:left;vertical-align:top;padding:13px 16px;font-size:15px;line-height:1.55;border:0;border-bottom:1px solid #e3e8ef;overflow-wrap:break-word\">Hafta 1\u20134<\/td>\n        <td data-label=\"V\u00fccutta olanlar\" style=\"background:#ffffff;color:#22303e;font-weight:400;text-align:left;vertical-align:top;padding:13px 16px;font-size:15px;line-height:1.55;border:0;border-bottom:1px solid #e3e8ef;overflow-wrap:break-word\">y\u00fckselmi\u015f karaci\u011fer de\u011ferleri d\u00fc\u015fmeye ba\u015flar, uyku mimarisi normalle\u015fir, s\u0131v\u0131 dengesi oturur<\/td>\n        <td data-label=\"Sa\u00e7larda fark ettikleriniz\" style=\"background:#ffffff;color:#22303e;font-weight:400;text-align:left;vertical-align:top;padding:13px 16px;font-size:15px;line-height:1.55;border:0;border-bottom:1px solid #e3e8ef;overflow-wrap:break-word\">hen\u00fcz bir de\u011fi\u015fiklik yok ve bu normaldir; sa\u00e7l\u0131 deri \u00e7o\u011fu zaman daha az kuru hissettirir<\/td>\n      <\/tr>\n      <tr>\n        <td data-label=\"D\u00f6nem\" style=\"background:#f6f9fc;color:#003366;font-weight:700;text-align:left;vertical-align:top;padding:13px 16px;font-size:15px;line-height:1.55;border:0;border-bottom:1px solid #e3e8ef;overflow-wrap:break-word\">Ay 2\u20133<\/td>\n        <td data-label=\"V\u00fccutta olanlar\" style=\"background:#f6f9fc;color:#22303e;font-weight:400;text-align:left;vertical-align:top;padding:13px 16px;font-size:15px;line-height:1.55;border:0;border-bottom:1px solid #e3e8ef;overflow-wrap:break-word\">dengeli beslenme ya da hedefe y\u00f6nelik takviye ile besin depolar\u0131 dolar, GGT de\u011ferleri normalle\u015fmeyi s\u00fcrd\u00fcr\u00fcr<\/td>\n        <td data-label=\"Sa\u00e7larda fark ettikleriniz\" style=\"background:#f6f9fc;color:#22303e;font-weight:400;text-align:left;vertical-align:top;padding:13px 16px;font-size:15px;line-height:1.55;border:0;border-bottom:1px solid #e3e8ef;overflow-wrap:break-word\">d\u00f6k\u00fclme sakinle\u015fir, y\u0131karken ve f\u0131r\u00e7alarken daha az sa\u00e7<\/td>\n      <\/tr>\n      <tr>\n        <td data-label=\"D\u00f6nem\" style=\"background:#ffffff;color:#003366;font-weight:700;text-align:left;vertical-align:top;padding:13px 16px;font-size:15px;line-height:1.55;border:0;border-bottom:1px solid #e3e8ef;overflow-wrap:break-word\">Ay 3\u20136<\/td>\n        <td data-label=\"V\u00fccutta olanlar\" style=\"background:#ffffff;color:#22303e;font-weight:400;text-align:left;vertical-align:top;padding:13px 16px;font-size:15px;line-height:1.55;border:0;border-bottom:1px solid #e3e8ef;overflow-wrap:break-word\">erkenden dinlenme evresine g\u00f6nderilen folik\u00fcller yeniden b\u00fcy\u00fcme evresine girer<\/td>\n        <td data-label=\"Sa\u00e7larda fark ettikleriniz\" style=\"background:#ffffff;color:#22303e;font-weight:400;text-align:left;vertical-align:top;padding:13px 16px;font-size:15px;line-height:1.55;border:0;border-bottom:1px solid #e3e8ef;overflow-wrap:break-word\">ayr\u0131m \u00e7izgisinde ve al\u0131n \u00e7izgisinde ilk k\u0131sa, ince yeni sa\u00e7lar<\/td>\n      <\/tr>\n      <tr>\n        <td data-label=\"D\u00f6nem\" style=\"background:#f6f9fc;color:#003366;font-weight:700;text-align:left;vertical-align:top;padding:13px 16px;font-size:15px;line-height:1.55;border:0;border-bottom:1px solid #e3e8ef;overflow-wrap:break-word\">Ay 6\u201312<\/td>\n        <td data-label=\"V\u00fccutta olanlar\" style=\"background:#f6f9fc;color:#22303e;font-weight:400;text-align:left;vertical-align:top;padding:13px 16px;font-size:15px;line-height:1.55;border:0;border-bottom:1px solid #e3e8ef;overflow-wrap:break-word\">telojen oran\u0131 normalle\u015fmi\u015ftir, yeni sa\u00e7 uzunluk ve kal\u0131nl\u0131k kazan\u0131r<\/td>\n        <td data-label=\"Sa\u00e7larda fark ettikleriniz\" style=\"background:#f6f9fc;color:#22303e;font-weight:400;text-align:left;vertical-align:top;padding:13px 16px;font-size:15px;line-height:1.55;border:0;border-bottom:1px solid #e3e8ef;overflow-wrap:break-word\">g\u00f6zle g\u00f6r\u00fcl\u00fcr bi\u00e7imde daha yo\u011fun sa\u00e7 g\u00f6r\u00fcn\u00fcm\u00fc, yap\u0131 daha g\u00fc\u00e7l\u00fc durur<\/td>\n      <\/tr>\n      <tr>\n        <td data-label=\"D\u00f6nem\" style=\"background:#ffffff;color:#003366;font-weight:700;text-align:left;vertical-align:top;padding:13px 16px;font-size:15px;line-height:1.55;border:0;overflow-wrap:break-word\">12. aydan itibaren<\/td>\n        <td data-label=\"V\u00fccutta olanlar\" style=\"background:#ffffff;color:#22303e;font-weight:400;text-align:left;vertical-align:top;padding:13px 16px;font-size:15px;line-height:1.55;border:0;overflow-wrap:break-word\">sa\u00e7 d\u00f6ng\u00fcs\u00fc yeniden d\u00fczenli i\u015fler<\/td>\n        <td data-label=\"Sa\u00e7larda fark ettikleriniz\" style=\"background:#ffffff;color:#22303e;font-weight:400;text-align:left;vertical-align:top;padding:13px 16px;font-size:15px;line-height:1.55;border:0;overflow-wrap:break-word\">tam yo\u011funluk 18. aya kadar s\u00fcrebilir; bir desen kal\u0131yorsa bu, kal\u0131tsal sa\u00e7 d\u00f6k\u00fclmesine i\u015faret eder<\/td>\n      <\/tr>\n    <\/tbody>\n  <\/table>\n<\/div>\n\n\n<div class=\"wp-block-image\">\n<figure class=\"aligncenter size-large is-resized\" style=\"max-width:560px;margin-left:auto;margin-right:auto\"><img decoding=\"async\" src=\"https:\/\/elithair.com\/tr\/wp-content\/uploads\/sites\/10\/2026\/08\/zeitachse_alkoholverzicht__tr.png\" alt=\"Alkol\u00fc b\u0131rakt\u0131ktan sonraki zaman \u00e7izelgesi: 1. haftadan 12. aya d\u00f6rt durak ve artan sa\u00e7 yo\u011funlu\u011fu\" class=\"wp-image-83826\" style=\"width:560px;max-width:100%;height:auto\"\/><\/figure>\n<\/div>\n\n\n<h3 class=\"wp-block-heading\">Ne zaman tam bir toparlanma beklenmez<\/h3>\n\n\n\n<p class=\"wp-block-paragraph\">D\u00f6rt durum toparlanmay\u0131 yava\u015flat\u0131r. Birincisi, \u00fcst\u00fcne binen androgenetik alopesi: Genetik pay, alkol b\u0131rak\u0131lsa da ba\u011f\u0131ms\u0131z olarak ilerler. \u0130kincisi, bir d\u00f6ng\u00fcden daha uzun s\u00fcre isteyen, y\u0131llara yay\u0131lm\u0131\u015f eksiklikler. \u00dc\u00e7\u00fcnc\u00fcs\u00fc, karaci\u011fer ya da tiroitte tedavi edilmemi\u015f e\u015flik eden hastal\u0131klar. D\u00f6rd\u00fcnc\u00fcs\u00fc, t\u00fcketimin y\u00fcksek kalmaya devam etmesi.<\/p>\n\n\n\n<h2 class=\"wp-block-heading\">Alkole ba\u011fl\u0131 sa\u00e7 d\u00f6k\u00fclmesinin tedavisi<\/h2>\n\n\n\n<p class=\"wp-block-paragraph\">S\u00f6z konusu <strong>alkole ba\u011fl\u0131 sa\u00e7 d\u00f6k\u00fclmesi<\/strong> oldu\u011funda en \u00f6nemli ad\u0131m, alkol\u00fc azaltmak ya da tamamen b\u0131rakmakt\u0131r. Buna iki par\u00e7a daha eklenir: kan\u0131tlanm\u0131\u015f eksiklikleri gidermek ve sa\u00e7 d\u00f6ng\u00fcs\u00fcne zaman tan\u0131mak. Alkol t\u00fcketimi erken s\u0131n\u0131rland\u0131r\u0131l\u0131rsa sa\u00e7 b\u00fcy\u00fcmesi bir\u00e7ok durumda yeniden toparlanabilir.<\/p>\n\n\n\n<p class=\"wp-block-paragraph\">V\u00fccut zararl\u0131 maddeleri par\u00e7alamak ve besin \u00f6gesi eksikliklerini gidermek i\u00e7in zamana ihtiya\u00e7 duydu\u011fundan, yenilenme hemen olmaz. D\u00f6rt hafta sonra bir de\u011fi\u015fiklik g\u00f6rmeyen ki\u015fi yanl\u0131\u015f bir \u015fey yapm\u0131yordur; yaln\u0131zca biyolojiyi do\u011fru okuyordur.<\/p>\n\n\n\n<p class=\"wp-block-paragraph\">Besin takviyeleri, eksikli\u011fin kan\u0131tland\u0131\u011f\u0131 yerde i\u015fe yarar; ba\u015fka yerde de\u011fil. \u00d6nce \u00f6l\u00e7mek, sonra takviye etmek burada \u00f6zellikle ge\u00e7erlidir, \u00e7\u00fcnk\u00fc tek tek eser elementlerin y\u00fcksek dozlar\u0131 kendi sak\u0131ncalar\u0131n\u0131 ta\u015f\u0131r. \u015eampuanlar nedeni hedeflemez: Tahri\u015f olmu\u015f bir sa\u00e7l\u0131 deriyi yat\u0131\u015ft\u0131rabilirler, fazlas\u0131n\u0131 de\u011fil.<\/p>\n\n\n\n<p class=\"wp-block-paragraph\">Bu konuda bir g\u00fcvenlik uyar\u0131s\u0131 da gerekir: Y\u0131llarca \u00e7ok i\u00e7mi\u015f biri, kendi ba\u015f\u0131na aniden b\u0131rakmamal\u0131d\u0131r. Yoksunluk bedensel olarak tehlikeli olabilir ve hekim e\u015fli\u011finde y\u00fcr\u00fct\u00fclmelidir. Ba\u015fvurulacak adresler aile hekiminiz ve <a href=\"https:\/\/www.yesilay.org.tr\/yesilay-danismanlik-merkezi\/\" target=\"_blank\" rel=\"noopener\">Ye\u015filay Dan\u0131\u015fmanl\u0131k Merkezi&#8217;nin (YEDAM) \u00fccretsiz dan\u0131\u015fmanl\u0131k hizmetleridir<\/a>.<\/p>\n\n\n\n<p class=\"wp-block-paragraph\">Sa\u00e7 folik\u00fclleri kal\u0131c\u0131 olarak hasar g\u00f6rm\u00fc\u015f ya da \u00f6lm\u00fc\u015fse do\u011fal bi\u00e7imde yeniden uzama m\u00fcmk\u00fcn de\u011fildir. Alkolle ili\u015fkili payda ise durum b\u00f6yle de\u011fildir: Nedbele\u015fmi\u015f ya da \u00f6lm\u00fc\u015f folik\u00fcller ba\u015fka hastal\u0131k tablolar\u0131na aittir. Alkol b\u0131rak\u0131ld\u0131ktan ve kan de\u011ferleri dengelendikten sonra \u015fakaklarda ve tepe b\u00f6lgesinde bir desen kal\u0131yorsa, alt\u0131nda \u00e7o\u011funlukla kendi ba\u015f\u0131na ilerleyen androgenetik alopesi vard\u0131r.<\/p>\n\n\n\n<p class=\"wp-block-paragraph\">Bu gibi durumlarda <a href=\"\/tr\/sac-ekimi\/\">sa\u00e7 ekimi<\/a> anlaml\u0131 bir se\u00e7enek olabilir. Bunun \u00f6n ko\u015fulu ise sa\u011fl\u0131k durumunun istikrarl\u0131 olmas\u0131 ve alkolle kontroll\u00fc bir ili\u015fkidir; \u00e7\u00fcnk\u00fc alkol, iyile\u015fme s\u00fcrecini ve ekilen sa\u00e7lar\u0131n tutunmas\u0131n\u0131 olumsuz etkileyebilir. Alkolle ili\u015fkili pay\u0131n kendisi sa\u00e7 ekimine de\u011fil, zamana ihtiya\u00e7 duyar.<\/p>\n\n\n\n<div style=\"border-left:4px solid #013366;background:#f6f9fc;border-radius:10px;padding:18px 20px;margin:28px 0\">\n<p style=\"margin:0 0 8px;color:#013366;font-weight:700;font-size:17px\">Uygulamadan de\u011ferlendirme<\/p>\n<p style=\"margin:0;color:#2e3033;font-size:16px;line-height:1.65\">Sa\u00e7 analizinde alkol nadiren tek nedendir. \u00c7o\u011funlukla besin eksikli\u011fi, stres ve genetik yatk\u0131nl\u0131\u011f\u0131n yan\u0131nda g\u00fc\u00e7lendirici bir etken olarak kar\u015f\u0131m\u0131za \u00e7\u0131kar. Bu y\u00fczden \u00f6nce \u00f6l\u00e7er, sonra bir tedavinin do\u011fru yan\u0131t olup olmad\u0131\u011f\u0131na karar veririz. Ortadan kald\u0131r\u0131labilir bir etkene dayanan yayg\u0131n bir d\u00f6k\u00fclme ameliyathaneye de\u011fil, \u00f6nce de\u011ferlendirmeye aittir.<\/p>\n<\/div>\n\n\n\n<h2 class=\"wp-block-heading\">Sa\u00e7 ekiminden \u00f6nce ve sonra alkol<\/h2>\n\n\n\n<p class=\"wp-block-paragraph\">Sa\u00e7 ekiminden \u00f6nce ve sonraki iyile\u015fme d\u00f6neminde alkolden kararl\u0131l\u0131kla uzak durulmal\u0131d\u0131r. Sa\u00e7l\u0131 derinin yenilenmesi ve kal\u0131c\u0131 bir sonu\u00e7 i\u00e7in en iyi ko\u015fullar ancak b\u00f6yle sa\u011flan\u0131r. \u0130\u015flemden sonraki ilk g\u00fcnlerde bu kural istisnas\u0131z ge\u00e7erlidir; sonras\u0131nda \u00e7er\u00e7eveyi klini\u011finizin takip talimatlar\u0131 belirler. Genel ge\u00e7er bir g\u00fcn say\u0131s\u0131 vermiyoruz, \u00e7\u00fcnk\u00fc ila\u00e7 kullan\u0131m\u0131 ve iyile\u015fme seyri ki\u015fiden ki\u015fiye de\u011fi\u015fir.<\/p>\n\n\n\n<p class=\"wp-block-paragraph\">Bunun \u00fc\u00e7 nedeni var. Alkol, verici ve al\u0131c\u0131 b\u00f6lgede kanama ve \u015fi\u015fme e\u011filimini art\u0131r\u0131r. Greftlerin tutundu\u011fu evrede yara iyile\u015fmesini bozar. Bir de re\u00e7ete edilen a\u011fr\u0131 kesiciler, antibiyotikler ve kortizon preparatlar\u0131yla iyi ge\u00e7inmez.<\/p>\n\n\n\n<p class=\"wp-block-paragraph\">\u0130\u015flemden \u00f6nceki d\u00f6neme ili\u015fkin literat\u00fcr ek bir arg\u00fcman sunar: Egholm ve arkada\u015flar\u0131n\u0131n Cochrane derlemesi (2018), ameliyattan 4 ila 8 hafta \u00f6nce y\u00fcr\u00fct\u00fclen yo\u011fun alkol b\u0131rakma programlar\u0131n\u0131n ameliyat sonras\u0131 komplikasyonlar\u0131 (enfeksiyonlar, yara iyile\u015fme sorunlar\u0131 ve kanama olaylar\u0131 d\u00e2hil) muhtemelen azaltt\u0131\u011f\u0131n\u0131 g\u00f6steriyor. Bu, genel cerrahi kan\u0131tt\u0131r; Elithair&#8217;in bir kural\u0131 de\u011fildir.<\/p>\n\n\n\n<div style=\"border-left:4px solid #0079F1;background:#f6f9fc;border-radius:0 10px 10px 0;padding:14px 18px;margin:24px 0\">\n<p style=\"margin:0;color:#2e3033;font-size:15px;line-height:1.65\"><span style=\"color:#013366;font-weight:700\">\u2192 Okuma \u00f6nerisi:<\/span> Ameliyattan sonra hangi hafta neyin ge\u00e7erli oldu\u011funu g\u00fcn g\u00fcn \u015fu yaz\u0131da bulabilirsiniz: <a href=\"\/tr\/sac-ekimi-sonrasi-bakim-nasil-olmalidir\/\">sa\u00e7 ekimi sonras\u0131 nelere dikkat edilmeli<\/a>. Sigara i\u00e7enler i\u00e7in benzer bir mant\u0131k ge\u00e7erlidir, ayr\u0131nt\u0131s\u0131 \u015furada: sa\u00e7 ekiminden sonra sigara.<\/p>\n<\/div>\n\n\n\n<h2 class=\"wp-block-heading\">Alkole ba\u011fl\u0131 sa\u00e7 d\u00f6k\u00fclmesini \u00f6nleme<\/h2>\n\n\n\n<p class=\"wp-block-paragraph\">Konu <strong>alkole ba\u011fl\u0131 sa\u00e7 d\u00f6k\u00fclmesi<\/strong> oldu\u011funda en etkili \u00f6nlem, alkolle bilin\u00e7li ve \u00f6l\u00e7\u00fcl\u00fc bir ili\u015fki kurmak ya da alkolden tamamen vazge\u00e7mektir. \u00d6zellikle sa\u00e7lar zaten incelmi\u015fse ya da sa\u00e7 d\u00f6k\u00fclmesi ba\u015flam\u0131\u015fsa alkol t\u00fcketimi kayb\u0131 daha da art\u0131rabilir. Bunun i\u00e7in tamamen alkolden uzak durmak \u015fart de\u011fildir; ancak besin ve hormon dengesinin bozuldu\u011fu e\u015fi\u011fin alt\u0131nda bir miktar gerekir.<\/p>\n\n\n\n<figure class=\"wp-block-image size-full\"><img decoding=\"async\" src=\"https:\/\/elithair.com\/tr\/wp-content\/uploads\/sites\/10\/2026\/08\/bestand_91567.png\" alt=\"Bir ki\u015fi, kendisine uzat\u0131lan alkoll\u00fc kadehi geri \u00e7eviriyor\" class=\"wp-image-83829\"\/><\/figure>\n\n\n\n<p class=\"wp-block-paragraph\">Alkole ba\u011fl\u0131 sa\u00e7 d\u00f6k\u00fclmesini \u00f6nlemek i\u00e7in v\u00fccuda m\u00fcmk\u00fcn oldu\u011funca ek y\u00fck binmemelidir. Alkol t\u00fcketimini azaltman\u0131n yan\u0131nda dengeli beslenme de \u00f6nemli bir rol oynar; \u00e7\u00fcnk\u00fc iyi bir besin \u00f6gesi deste\u011fi sa\u00e7 folik\u00fcllerini destekler ve sa\u00e7 sa\u011fl\u0131\u011f\u0131n\u0131 uzun vadede dengede tutar.<\/p>\n\n\n\n<div style=\"margin:26px 0\">\n<p style=\"margin:0 0 14px;color:#013366;font-weight:700;font-size:18px\">Pratik kontrol: g\u00fcnl\u00fck hayatta i\u015fe yarayan d\u00f6rt sabit kural<\/p>\n<div style=\"border:1px solid #e3e8ef;border-radius:10px;padding:16px;margin-bottom:12px;background:#ffffff\">\n<p style=\"margin:0 0 6px;color:#013366;font-weight:600;font-size:16px;line-height:1.45\"><span style=\"color:#0079F1;font-weight:700\">&#10003;<\/span> Haftan\u0131n belirli g\u00fcnlerini alkols\u00fcz olarak planlay\u0131n<\/p>\n<p style=\"margin:0;color:#2e3033;font-size:15px;line-height:1.6\">Sabit alkols\u00fcz g\u00fcnler, belirsiz bir \u201cdaha az i\u00e7ece\u011fim\u201d niyetinden \u00e7ok daha kolay s\u00fcrd\u00fcr\u00fcl\u00fcr. Bu g\u00fcnleri takvimde i\u015faretlemek en iyi sonucu verir.<\/p>\n<\/div>\n<div style=\"border:1px solid #e3e8ef;border-radius:10px;padding:16px;margin-bottom:12px;background:#ffffff\">\n<p style=\"margin:0 0 6px;color:#013366;font-weight:600;font-size:16px;line-height:1.45\"><span style=\"color:#0079F1;font-weight:700\">&#10003;<\/span> Miktar\u0131 tahmin etmeyin, standart i\u00e7ki olarak say\u0131n<\/p>\n<p style=\"margin:0;color:#2e3033;font-size:15px;line-height:1.6\">Ye\u015filay&#8217;\u0131n alkol \u00f6l\u00e7e\u011finde 1 kadeh \u015farap ve yar\u0131m duble sert i\u00e7ki birer standart i\u00e7ki, 1 b\u00fcy\u00fck kutu bira ise 1,5 standart i\u00e7ki say\u0131l\u0131r. Bir hafta boyunca sayan ki\u015fi kendi rakam\u0131n\u0131 bilir ve hekimle g\u00f6r\u00fc\u015fmesinde s\u00f6yleyebilir.<\/p>\n<\/div>\n<div style=\"border:1px solid #e3e8ef;border-radius:10px;padding:16px;margin-bottom:12px;background:#ffffff\">\n<p style=\"margin:0 0 6px;color:#013366;font-weight:600;font-size:16px;line-height:1.45\"><span style=\"color:#0079F1;font-weight:700\">&#10003;<\/span> Alkol al\u0131nan g\u00fcnlerde besin deste\u011fini de d\u00fc\u015f\u00fcn\u00fcn<\/p>\n<p style=\"margin:0;color:#2e3033;font-size:15px;line-height:1.6\">\u00c7inko, folik asit, B vitaminleri ve demir, alkol\u00fcn en \u00e7ok zorlad\u0131\u011f\u0131 besin deste\u011fi yollar\u0131d\u0131r. Burada dengeli bir \u00f6\u011f\u00fcn, bulgusu olmayan bir kaps\u00fclden daha etkilidir.<\/p>\n<\/div>\n<div style=\"border:1px solid #e3e8ef;border-radius:10px;padding:16px;margin-bottom:12px;background:#ffffff\">\n<p style=\"margin:0 0 6px;color:#013366;font-weight:600;font-size:16px;line-height:1.45\"><span style=\"color:#0079F1;font-weight:700\">&#10003;<\/span> Sa\u00e7lar zaten inceyse kan de\u011ferlerini kontrol ettirin<\/p>\n<p style=\"margin:0;color:#2e3033;font-size:15px;line-height:1.6\">CRP ile birlikte ferritin, \u00e7inko, folik asit, B12 vitamini ve karaci\u011fer de\u011ferleri, arkas\u0131nda bir tahminden fazlas\u0131n\u0131n olup olmad\u0131\u011f\u0131n\u0131 g\u00f6sterir. Kan al\u0131m\u0131n\u0131n zamanlamas\u0131 tan\u0131 b\u00f6l\u00fcm\u00fcnde yaz\u0131yor.<\/p>\n<\/div>\n<\/div>\n\n\n\n<h2 class=\"wp-block-heading\">Sonu\u00e7: Alkol sa\u00e7 b\u00fcy\u00fcmesini farkl\u0131 yollardan bozabilir<\/h2>\n\n\n\n<p class=\"wp-block-paragraph\"><strong>Alkole ba\u011fl\u0131 sa\u00e7 d\u00f6k\u00fclmesi<\/strong> d\u00fczenli ya da a\u015f\u0131r\u0131 alkol t\u00fcketimi v\u00fccudu uzun vadede zorlad\u0131\u011f\u0131nda ortaya \u00e7\u0131kabilir. Alkol, sa\u00e7 folik\u00fcllerinin \u00f6nemli besin \u00f6geleriyle beslenmesini bozar ve var olan sa\u00e7 kayb\u0131n\u0131 daha da art\u0131rabilecek hormonal s\u00fcre\u00e7leri etkileyebilir. Buna daha kuru, iltihaba yatk\u0131n bir sa\u00e7l\u0131 deri bariyeri ve daha k\u00f6t\u00fc bir uyku eklenir.<\/p>\n\n\n\n<p class=\"wp-block-paragraph\">Alkole ba\u011fl\u0131 sa\u00e7 d\u00f6k\u00fclmesinde en etkili ad\u0131m, alkol\u00fc belirgin bi\u00e7imde azaltmak ya da tamamen b\u0131rakmakt\u0131r. Buna iki mesaj e\u015flik eder: \u00d6l\u00e7\u00fcl\u00fc t\u00fcketimin neden oldu\u011fu kan\u0131tlanm\u0131\u015f de\u011fildir; ak\u015fam i\u00e7ilen bir bira panik nedeni de\u011fildir. Ve aylar boyunca s\u00fcren y\u00fcksek t\u00fcketim, anlat\u0131lan mekanizmalar\u0131n devreye girdi\u011fi aland\u0131r.<\/p>\n\n\n\n<p class=\"wp-block-paragraph\">Sa\u00e7 folik\u00fclleri h\u00e2l\u00e2 sa\u011flamsa, ya\u015fam tarz\u0131 de\u011fi\u015fikli\u011finden sonra sa\u00e7 b\u00fcy\u00fcmesi bir\u00e7ok durumda yeniden dengelenebilir. Zaman aral\u0131\u011f\u0131n\u0131 ger\u00e7ek\u00e7i tutmak gerekir: ilk yeni sa\u00e7lar 3 ila 6 ay sonra, daha yo\u011fun bir sa\u00e7 g\u00f6r\u00fcn\u00fcm\u00fc ise \u00e7o\u011funlukla 6 ila 12 ay sonra. \u015eik\u00e2yetler s\u00fcr\u00fcyorsa ya da teredd\u00fctleriniz varsa, nedeni hedefe y\u00f6nelik tedavi etmek ve ba\u015fka hasarlar\u0131 \u00f6nlemek i\u00e7in hekime ba\u015fvurman\u0131z \u00f6nerilir.<\/p>\n\n\n<div class=\"wp-block-image\">\n<figure class=\"aligncenter size-large is-resized\" style=\"max-width:720px;margin-left:auto;margin-right:auto\"><img decoding=\"async\" src=\"https:\/\/elithair.com\/tr\/wp-content\/uploads\/sites\/10\/2026\/08\/morgenlicht_spiegel.png\" alt=\"Otuzlu ya\u015flar\u0131n\u0131n sonundaki bir adam, sabah \u0131\u015f\u0131\u011f\u0131nda aynan\u0131n kar\u015f\u0131s\u0131nda sa\u00e7 \u00e7izgisine bak\u0131yor\" class=\"wp-image-83827\" style=\"width:720px;max-width:100%;height:auto\"\/><\/figure>\n<\/div>\n\n\n<h2 class=\"wp-block-heading\">Alkol ve sa\u00e7 d\u00f6k\u00fclmesi hakk\u0131nda s\u0131k sorulan sorular<\/h2>\n\n\n\n<div style=\"margin:26px 0\">\n<div style=\"border:1px solid #e3e8ef;border-radius:10px;padding:16px;margin-bottom:12px;background:#ffffff\">\n<p style=\"margin:0 0 6px;color:#013366;font-weight:600;font-size:17px;line-height:1.45\">Alkol hormon dengesini nas\u0131l etkiler ve sa\u00e7 d\u00f6k\u00fclmesine nas\u0131l yol a\u00e7ar?<\/p>\n<p style=\"margin:0;color:#2e3033;font-size:15px;line-height:1.65\"><strong>Etki iki a\u015famal\u0131d\u0131r ve iki a\u015fama farkl\u0131 y\u00f6nlere i\u015faret eder.<\/strong> D\u00fc\u015f\u00fck bir doz, erkekte testosteronu k\u0131sa s\u00fcreli olarak hafif\u00e7e y\u00fckseltir: Sarkola ve Eriksson&#8217;da (2003) 13,5&#8217;ten 16,0 nmol\/l&#8217;ye; etki 2 ila 6 saat i\u00e7inde geriler. Karaci\u011fer hasar\u0131n\u0131n e\u015flik etti\u011fi kronik y\u00fcksek t\u00fcketimde tablo tersine d\u00f6ner: daha fazla aromataz aktivitesi, \u00f6strojen y\u00f6n\u00fcnde kayma, d\u00fc\u015fen testosteron. \u201cAlkol, daha fazla DHT, daha fazla sa\u00e7 d\u00f6k\u00fclmesi\u201d zinciri kan\u0131tlanm\u0131\u015f de\u011fildir.<\/p>\n<\/div>\n<div style=\"border:1px solid #e3e8ef;border-radius:10px;padding:16px;margin-bottom:12px;background:#ffffff\">\n<p style=\"margin:0 0 6px;color:#013366;font-weight:600;font-size:17px;line-height:1.45\">Alkole ba\u011fl\u0131 sa\u00e7 d\u00f6k\u00fclmesinde beslenmenin rol\u00fc nedir?<\/p>\n<p style=\"margin:0;color:#2e3033;font-size:15px;line-height:1.65\"><strong>Merkezi bir rol, \u00e7\u00fcnk\u00fc alkol do\u011frudan besin deste\u011fini hedef al\u0131r.<\/strong> Alkol, sa\u011fl\u0131kl\u0131 sa\u00e7 b\u00fcy\u00fcmesi i\u00e7in gerekli olan vitamin ve mineral gibi besin \u00f6gelerinin emilimini bozarak eksikliklere yol a\u00e7abilir. Bunlar aylarca eksik kal\u0131rsa daha fazla folik\u00fcl erkenden dinlenme evresine ge\u00e7er. Sa\u00e7\u0131n hangi besin \u00f6gelerine ihtiya\u00e7 duydu\u011funu \u015fu yaz\u0131da bulabilirsiniz: <a href=\"\/tr\/sac-dokulmesine-karsi-vitaminler\/\">sa\u00e7 d\u00f6k\u00fclmesine kar\u015f\u0131 vitaminler<\/a>.<\/p>\n<\/div>\n<div style=\"border:1px solid #e3e8ef;border-radius:10px;padding:16px;margin-bottom:12px;background:#ffffff\">\n<p style=\"margin:0 0 6px;color:#013366;font-weight:600;font-size:17px;line-height:1.45\">Alkol t\u00fcketiminden \u00f6zellikle etkilenen ve sa\u00e7 d\u00f6k\u00fclmesine yol a\u00e7an belirli besin \u00f6geleri var m\u0131?<\/p>\n<p style=\"margin:0;color:#2e3033;font-size:15px;line-height:1.65\"><strong>Evet, \u00f6zellikle B vitaminleri, C vitamini, \u00e7inko ve demir a\u015f\u0131r\u0131 alkol t\u00fcketimiyle azalabilir ve bu da sa\u00e7 d\u00f6k\u00fclmesine yol a\u00e7abilir.<\/strong> \u00c7inko i\u00e7in ba\u011f\u0131rsakta daha az emilim ve ayn\u0131 anda b\u00f6brek yoluyla daha \u00e7ok at\u0131l\u0131m tan\u0131mlanm\u0131\u015ft\u0131r; folik asitte ba\u011f\u0131rsak, karaci\u011fer ve b\u00f6brek kay\u0131p yolu olarak bir araya gelir. Bu ancak kanda g\u00f6sterilebilir, sa\u00e7ta de\u011fil.<\/p>\n<\/div>\n<div style=\"border:1px solid #e3e8ef;border-radius:10px;padding:16px;margin-bottom:12px;background:#ffffff\">\n<p style=\"margin:0 0 6px;color:#013366;font-weight:600;font-size:17px;line-height:1.45\">Alkolden kaynaklanan sa\u00e7 d\u00f6k\u00fclmesi nas\u0131l geri d\u00f6nd\u00fcr\u00fclebilir?<\/p>\n<p style=\"margin:0;color:#2e3033;font-size:15px;line-height:1.65\"><strong>Kural olarak alkolle ili\u015fkili pay geri d\u00f6n\u00fc\u015fl\u00fcd\u00fcr.<\/strong> Dengeli ve sa\u011fl\u0131kl\u0131 beslenme, yeterli s\u0131v\u0131 al\u0131m\u0131 ve alkolden uzak durmak, sa\u00e7 d\u00f6k\u00fclmesini durdurmaya ve sa\u00e7 b\u00fcy\u00fcmesini yeniden desteklemeye yard\u0131mc\u0131 olabilir. Folik\u00fcller yok olmam\u0131\u015f, yaln\u0131zca erkenden dinlenme evresine ge\u00e7mi\u015ftir: StatPearls&#8217;e g\u00f6re telojen effluvium \u00e7o\u011funlukla 6 aya kadar d\u00fczelir, tam yo\u011funluk 12 ila 18 ay alabilir.<\/p>\n<\/div>\n<div style=\"border:1px solid #e3e8ef;border-radius:10px;padding:16px;margin-bottom:12px;background:#ffffff\">\n<p style=\"margin:0 0 6px;color:#013366;font-weight:600;font-size:17px;line-height:1.45\">Baz\u0131 alkoll\u00fc i\u00e7ecekler sa\u00e7 i\u00e7in di\u011ferlerinden daha m\u0131 zararl\u0131?<\/p>\n<p style=\"margin:0;color:#2e3033;font-size:15px;line-height:1.65\"><strong>Hay\u0131r, \u00f6nemli olan saf alkol miktar\u0131d\u0131r, i\u00e7ki t\u00fcr\u00fc de\u011fil.<\/strong> DS\u00d6 ve di\u011fer uzman kurulu\u015flar yaln\u0131zca gram cinsinden hesaplar. Ye\u015filay&#8217;\u0131n alkol \u00f6l\u00e7e\u011finde 1 kadeh \u015farap ile yar\u0131m duble sert i\u00e7ki birer standart i\u00e7ki, 1 b\u00fcy\u00fck kutu bira ise 1,5 standart i\u00e7ki say\u0131l\u0131r. Belirleyici olan haftal\u0131k toplam miktard\u0131r; bardakta bira, \u015farap ya da rak\u0131 olmas\u0131 de\u011fil.<\/p>\n<\/div>\n<div style=\"border:1px solid #e3e8ef;border-radius:10px;padding:16px;margin-bottom:12px;background:#ffffff\">\n<p style=\"margin:0 0 6px;color:#013366;font-weight:600;font-size:17px;line-height:1.45\">\u00d6l\u00e7\u00fcl\u00fc alkol t\u00fcketimi de sa\u00e7 d\u00f6k\u00fclmesine yol a\u00e7abilir mi, yoksa bu yaln\u0131zca yo\u011fun t\u00fcketim i\u00e7in mi ge\u00e7erli?<\/p>\n<p style=\"margin:0;color:#2e3033;font-size:15px;line-height:1.65\"><strong>Ba\u011flant\u0131 yaln\u0131zca kronik y\u00fcksek t\u00fcketim i\u00e7in kan\u0131tlanm\u0131\u015ft\u0131r.<\/strong> Yo\u011fun ve d\u00fczenli alkol t\u00fcketiminin sa\u00e7 d\u00f6k\u00fclmesine neden olmas\u0131 daha olas\u0131d\u0131r; \u00f6l\u00e7\u00fcl\u00fc t\u00fcketim ise \u00f6zellikle duyarl\u0131 ki\u015filerde teorik olarak rol oynayabilir. Bunu kan\u0131tlayan bir \u00e7al\u0131\u015fma yoktur. Yine de miktar\u0131 hekimle g\u00f6r\u00fc\u015fmede belirtin, \u00e7\u00fcnk\u00fc kan de\u011ferlerinin yorumunu de\u011fi\u015ftirir.<\/p>\n<\/div>\n<div style=\"border:1px solid #e3e8ef;border-radius:10px;padding:16px;margin-bottom:12px;background:#ffffff\">\n<p style=\"margin:0 0 6px;color:#013366;font-weight:600;font-size:17px;line-height:1.45\">Alkol\u00fc b\u0131rakt\u0131ktan sonra sa\u00e7lar\u0131n d\u00fczelmesi ne kadar s\u00fcrer?<\/p>\n<p style=\"margin:0;color:#2e3033;font-size:15px;line-height:1.65\"><strong>\u0130lk yeni sa\u00e7lar 3 ila 6 ay sonra, g\u00f6zle g\u00f6r\u00fcl\u00fcr bi\u00e7imde daha yo\u011fun bir sa\u00e7 g\u00f6r\u00fcn\u00fcm\u00fc ise \u00e7o\u011funlukla 6 ila 12 ay sonra.<\/strong> Bunun nedeni sa\u00e7 d\u00f6ng\u00fcs\u00fcd\u00fcr: Folik\u00fclde olan bitenle sa\u00e7l\u0131 deride g\u00f6rd\u00fc\u011f\u00fcn\u00fcz aras\u0131nda 2 ila 3 ay vard\u0131r. Biyolojik olarak daha h\u0131zl\u0131s\u0131 m\u00fcmk\u00fcn de\u011fildir.<\/p>\n<\/div>\n<div style=\"border:1px solid #e3e8ef;border-radius:10px;padding:16px;margin-bottom:12px;background:#ffffff\">\n<p style=\"margin:0 0 6px;color:#013366;font-weight:600;font-size:17px;line-height:1.45\">Alkol\u00fc b\u0131rakt\u0131ktan sonra \u00f6nce daha m\u0131 \u00e7ok sa\u00e7 d\u00f6k\u00fcl\u00fcr?<\/p>\n<p style=\"margin:0;color:#2e3033;font-size:15px;line-height:1.65\"><strong>M\u00fcmk\u00fcn, ancak alkol\u00fc b\u0131rakma \u00f6zelinde kan\u0131tlanm\u0131\u015f de\u011fil.<\/strong> Yoksunlukta bedensel stres devreye girer ve stres, telojen effluviumun bilinen bir tetikleyicisi say\u0131l\u0131r; b\u00f6yle bir atak ge\u00e7ici olur. Y\u0131llarca \u00e7ok i\u00e7mi\u015f ki\u015filerin b\u0131rakma s\u00fcrecini hekim e\u015fli\u011finde y\u00fcr\u00fctmesi gerekir.<\/p>\n<\/div>\n<div style=\"border:1px solid #e3e8ef;border-radius:10px;padding:16px;margin-bottom:12px;background:#ffffff\">\n<p style=\"margin:0 0 6px;color:#013366;font-weight:600;font-size:17px;line-height:1.45\">Alkols\u00fcz bir ay sa\u00e7lar i\u00e7in bir i\u015fe yarar m\u0131?<\/p>\n<p style=\"margin:0;color:#2e3033;font-size:15px;line-height:1.65\"><strong>K\u0131smen: karaci\u011fer ve uyku i\u00e7in evet, sa\u00e7 yo\u011funlu\u011fu i\u00e7in hen\u00fcz de\u011fil.<\/strong> Y\u00fckselmi\u015f GGT de\u011ferleri alkol b\u0131rak\u0131ld\u0131ktan sonra yakla\u015f\u0131k 2 ila 5 haftada normale d\u00f6ner, sa\u00e7\u0131n dinlenme evresi ise tek ba\u015f\u0131na 3 ila 4 ay s\u00fcrer. 30 g\u00fcn b\u00f6ylece bir durum tespitidir, g\u00f6zle g\u00f6r\u00fcl\u00fcr bir sa\u00e7 sonucu de\u011fil.<\/p>\n<\/div>\n<div style=\"border:1px solid #e3e8ef;border-radius:10px;padding:16px;margin-bottom:12px;background:#ffffff\">\n<p style=\"margin:0 0 6px;color:#013366;font-weight:600;font-size:17px;line-height:1.45\">Sa\u00e7 ekiminden \u00f6nce ve sonra ne kadar s\u00fcre alkol almamal\u0131y\u0131m?<\/p>\n<p style=\"margin:0;color:#2e3033;font-size:15px;line-height:1.65\"><strong>\u0130\u015flemden sonraki ilk g\u00fcnlerde tamamen; sonras\u0131nda klini\u011finizin talimat\u0131 ge\u00e7erlidir.<\/strong> Nedenleri: kanama e\u011filimi, a\u011fr\u0131 kesiciler ve antibiyotiklerle etkile\u015fim, bir de idrar s\u00f6kt\u00fcr\u00fcc\u00fc etki. \u00d6ncesi i\u00e7in Cochrane derlemesi (2018), ameliyatlardan 4 ila 8 hafta \u00f6nce alkolden uzak durman\u0131n komplikasyonlar\u0131 muhtemelen azaltt\u0131\u011f\u0131n\u0131 g\u00f6steriyor.<\/p>\n<\/div>\n<div style=\"border:1px solid #e3e8ef;border-radius:10px;padding:16px;margin-bottom:12px;background:#ffffff\">\n<p style=\"margin:0 0 6px;color:#013366;font-weight:600;font-size:17px;line-height:1.45\">Alkol sa\u00e7 \u00e7izgisinde a\u00e7\u0131lmalara ya da beyaz sa\u00e7a yol a\u00e7ar m\u0131?<\/p>\n<p style=\"margin:0;color:#2e3033;font-size:15px;line-height:1.65\"><strong>Hay\u0131r.<\/strong> \u015eakaklardaki a\u00e7\u0131lmalar kal\u0131tsal sa\u00e7 d\u00f6k\u00fclmesinin desenidir; alkol bunu daha g\u00f6r\u00fcn\u00fcr k\u0131labilir, ancak neden say\u0131lmaz. Erken beyazlama i\u00e7in as\u0131l kan\u0131tlanm\u0131\u015f olan sigarad\u0131r (Journal of the American Academy of Dermatology); tek ba\u015f\u0131na alkol i\u00e7in ba\u011flant\u0131 belirgin bi\u00e7imde daha zay\u0131ft\u0131r ve benzer \u00f6l\u00e7\u00fcde do\u011frulanmam\u0131\u015ft\u0131r.<\/p>\n<\/div>\n<div style=\"border:1px solid #e3e8ef;border-radius:10px;padding:16px;margin-bottom:12px;background:#ffffff\">\n<p style=\"margin:0 0 6px;color:#013366;font-weight:600;font-size:17px;line-height:1.45\">\u015eampuan ve sa\u00e7 bak\u0131m \u00fcr\u00fcnlerindeki alkol (Alcohol denat.) de sorun mu?<\/p>\n<p style=\"margin:0;color:#2e3033;font-size:15px;line-height:1.65\"><strong>Hay\u0131r, bu farkl\u0131 bir mekanizmad\u0131r.<\/strong> Alcohol denat., sa\u00e7l\u0131 deriyi kurutabilen ve tahri\u015f edebilen bir \u00e7\u00f6z\u00fcc\u00fcd\u00fcr; sa\u00e7 k\u00f6k\u00fcn\u00fc zedelemez. Minoksidil sol\u00fcsyonlar\u0131 da \u00e7o\u011funlukla etanol ya da propilen glikol i\u00e7erir. Bunlarda s\u0131k g\u00f6r\u00fclen yanma ve kepeklenme \u00e7o\u011fu zaman i\u00e7ilen alkole ba\u011flan\u0131r.<\/p>\n<\/div>\n<div style=\"border:1px solid #e3e8ef;border-radius:10px;padding:16px;margin-bottom:12px;background:#ffffff\">\n<p style=\"margin:0 0 6px;color:#013366;font-weight:600;font-size:17px;line-height:1.45\">Alkol kepe\u011fi ya da sa\u00e7l\u0131 deri iltihab\u0131n\u0131 k\u00f6t\u00fcle\u015ftirir mi?<\/p>\n<p style=\"margin:0;color:#2e3033;font-size:15px;line-height:1.65\"><strong>Evet, bunun i\u00e7in veri var.<\/strong> Acta Dermato-Venereologica dergisindeki bir ara\u015ft\u0131rmada d\u00fczenli alkol t\u00fcketimi, seboreik egzama alevlenmeleri i\u00e7in 10,2 olas\u0131l\u0131k oran\u0131yla ili\u015fkiliydi; sedef hastal\u0131\u011f\u0131nda ise i\u00e7ilen miktar ile hastal\u0131\u011f\u0131n \u015fiddeti aras\u0131nda bir ba\u011flant\u0131 g\u00f6r\u00fcld\u00fc.<\/p>\n<\/div>\n<div style=\"border:1px solid #e3e8ef;border-radius:10px;padding:16px;margin-bottom:12px;background:#ffffff\">\n<p style=\"margin:0 0 6px;color:#013366;font-weight:600;font-size:17px;line-height:1.45\">Finasterid ya da minoksidil kullan\u0131rken alkol alabilir miyim?<\/p>\n<p style=\"margin:0;color:#2e3033;font-size:15px;line-height:1.65\"><strong>Bu hekimle konu\u015fulmal\u0131d\u0131r, genel ge\u00e7er bir yan\u0131t yoktur.<\/strong> Finasterid karaci\u011ferde CYP3A4 \u00fczerinden metabolize edilir ve karaci\u011fer i\u015flevi bozuk olanlarda kontrendikedir. Minoksidil i\u00e7in \u00fcr\u00fcn bilgileri, birlikte kullan\u0131m\u0131n olas\u0131 sonucu olarak ba\u015f d\u00f6nmesi, yorgunluk ve tansiyon d\u00fc\u015f\u00fckl\u00fc\u011f\u00fc belirtir. Ayr\u0131ca kullanma talimat\u0131n\u0131 da inceleyin.<\/p>\n<\/div>\n<\/div>\n\n\n<div class=\"wp-block-image\">\n<figure class=\"aligncenter size-large is-resized\" style=\"max-width:560px;margin-left:auto;margin-right:auto\"><img decoding=\"async\" src=\"https:\/\/elithair.com\/tr\/wp-content\/uploads\/sites\/10\/2026\/08\/follikel_ruhephase_wachstum.png\" alt=\"Dinlenme evresindeki bir sa\u00e7 folik\u00fcl\u00fc ile ayn\u0131 folik\u00fcl\u00fcn b\u00fcy\u00fcme evresindeki h\u00e2linin kar\u015f\u0131la\u015ft\u0131rmal\u0131 ill\u00fcstrasyonu\" class=\"wp-image-83828\" style=\"width:560px;max-width:100%;height:auto\"\/><\/figure>\n<\/div>\n\n\n<div style=\"border:1px solid #e3e8ef;border-radius:10px;padding:18px 20px;margin:28px 0\">\n<p style=\"margin:0 0 10px;color:#013366;font-weight:700;font-size:17px\">Kaynaklar<\/p>\n<ul style=\"margin:0;padding:0 0 0 18px;color:#2e3033;font-size:15px;line-height:1.7\">\n<li>DS\u00d6\/Avrupa: <a href=\"https:\/\/www.who.int\/europe\/news\/item\/04-01-2023-no-level-of-alcohol-consumption-is-safe-for-our-health\" target=\"_blank\" rel=\"noopener\">No level of alcohol consumption is safe for our health<\/a> (04.01.2023)<\/li>\n<li>Ye\u015filay Dan\u0131\u015fmanl\u0131k Merkezi (YEDAM): alkol t\u00fcketimi ve riskleri hakk\u0131nda g\u00fcncel bilgiler ve <a href=\"https:\/\/www.yedam.org.tr\/alkol-olcegi\" target=\"_blank\" rel=\"noopener\">Alkol \u00d6l\u00e7e\u011fi<\/a> (standart i\u00e7ki e\u015fde\u011ferleri)<\/li>\n<li><a href=\"https:\/\/academic.oup.com\/alcalc\/article\/59\/6\/agae076\/7889297\" target=\"_blank\" rel=\"noopener\">Exploring the association between alcohol consumption and androgenic alopecia: a systematic review and meta-analysis<\/a>, Alcohol and Alcoholism 2024 (olas\u0131l\u0131k oran\u0131 1,40, anlaml\u0131 de\u011fil)<\/li>\n<li><a href=\"https:\/\/link.springer.com\/article\/10.1186\/s12889-026-26258-y\" target=\"_blank\" rel=\"noopener\">Risk factors for androgenetic alopecia: a systematic review and meta-analysis<\/a>, BMC Public Health 2026 (olas\u0131l\u0131k oran\u0131 1,72)<\/li>\n<li><a href=\"https:\/\/www.ncbi.nlm.nih.gov\/books\/NBK430848\/\" target=\"_blank\" rel=\"noopener\">Telogen Effluvium<\/a>, StatPearls, NCBI Bookshelf (sa\u00e7 d\u00f6ng\u00fcs\u00fc, gecikme s\u00fcresi, toparlanma s\u00fcresi)<\/li>\n<li><a href=\"https:\/\/pubmed.ncbi.nlm.nih.gov\/12711931\/\" target=\"_blank\" rel=\"noopener\">Sarkola T, Eriksson CJP: Testosterone increases in men after a low dose of alcohol<\/a>, Alcoholism: Clinical and Experimental Research 2003<\/li>\n<li><a href=\"https:\/\/www.medicaljournals.se\/acta\/content\/html\/10.2340\/00015555-3661\" target=\"_blank\" rel=\"noopener\">Risk Factors for Seborrhoeic Dermatitis Flares<\/a>, Acta Dermato-Venereologica (d\u00fczenli alkol t\u00fcketiminde olas\u0131l\u0131k oran\u0131 10,2)<\/li>\n<li><a href=\"https:\/\/www.cochranelibrary.com\/cdsr\/doi\/10.1002\/14651858.CD008343.pub3\/full\" target=\"_blank\" rel=\"noopener\">Egholm JWM et al.: Perioperative alcohol cessation intervention for postoperative complications<\/a>, Cochrane Database of Systematic Reviews 2018<\/li>\n<li><a href=\"https:\/\/www.yesilay.org.tr\/yesilay-danismanlik-merkezi\/\" target=\"_blank\" rel=\"noopener\">Ye\u015filay Dan\u0131\u015fmanl\u0131k Merkezi (YEDAM): alkol dan\u0131\u015fmanl\u0131\u011f\u0131 ve \u00fccretsiz destek hatt\u0131 115<\/a><\/li>\n<\/ul>\n<p style=\"margin:14px 0 0;color:#6b7683;font-size:14px;line-height:1.6\">G\u00fcncelleme: A\u011fustos 2026. Bu yaz\u0131 bilgilendirme ama\u00e7l\u0131d\u0131r ve t\u0131bbi tan\u0131 ya da tedavinin yerini tutmaz. Sa\u00e7 d\u00f6k\u00fclmeniz s\u00fcr\u00fcyorsa, kan de\u011ferlerinizde bir d\u00fczensizlik varsa ya da alkol t\u00fcketiminizi azaltmak konusunda sorular\u0131n\u0131z varsa aile hekiminize, bir dermatoloji klini\u011fine ya da bir ba\u011f\u0131ml\u0131l\u0131k dan\u0131\u015fma merkezine ba\u015fvurun.<\/p>\n<\/div>\n\n\n\n<script type=\"application\/ld+json\">\n{\n \"@context\": \"https:\/\/schema.org\",\n \"@type\": \"FAQPage\",\n \"mainEntity\": [\n  {\n   \"@type\": \"Question\",\n   \"name\": \"Alkol hormon dengesini nas\u0131l etkiler ve sa\u00e7 d\u00f6k\u00fclmesine nas\u0131l yol a\u00e7ar?\",\n   \"acceptedAnswer\": {\n    \"@type\": \"Answer\",\n    \"text\": \"Etki iki a\u015famal\u0131d\u0131r ve iki a\u015fama farkl\u0131 y\u00f6nlere i\u015faret eder. D\u00fc\u015f\u00fck bir doz, erkekte testosteronu k\u0131sa s\u00fcreli olarak hafif\u00e7e y\u00fckseltir: Sarkola ve Eriksson'da (2003) 13,5'ten 16,0 nmol\/l'ye; etki 2 ila 6 saat i\u00e7inde geriler. Karaci\u011fer hasar\u0131n\u0131n e\u015flik etti\u011fi kronik y\u00fcksek t\u00fcketimde tablo tersine d\u00f6ner: daha fazla aromataz aktivitesi, \u00f6strojen y\u00f6n\u00fcnde kayma, d\u00fc\u015fen testosteron. \u201cAlkol, daha fazla DHT, daha fazla sa\u00e7 d\u00f6k\u00fclmesi\u201d zinciri kan\u0131tlanm\u0131\u015f de\u011fildir.\"\n   }\n  },\n  {\n   \"@type\": \"Question\",\n   \"name\": \"Alkole ba\u011fl\u0131 sa\u00e7 d\u00f6k\u00fclmesinde beslenmenin rol\u00fc nedir?\",\n   \"acceptedAnswer\": {\n    \"@type\": \"Answer\",\n    \"text\": \"Merkezi bir rol, \u00e7\u00fcnk\u00fc alkol do\u011frudan besin deste\u011fini hedef al\u0131r. Alkol, sa\u011fl\u0131kl\u0131 sa\u00e7 b\u00fcy\u00fcmesi i\u00e7in gerekli olan vitamin ve mineral gibi besin \u00f6gelerinin emilimini bozarak eksikliklere yol a\u00e7abilir. Bunlar aylarca eksik kal\u0131rsa daha fazla folik\u00fcl erkenden dinlenme evresine ge\u00e7er. Sa\u00e7\u0131n hangi besin \u00f6gelerine ihtiya\u00e7 duydu\u011funu sa\u00e7 d\u00f6k\u00fclmesine kar\u015f\u0131 vitaminler yaz\u0131s\u0131nda bulabilirsiniz.\"\n   }\n  },\n  {\n   \"@type\": \"Question\",\n   \"name\": \"Alkol t\u00fcketiminden \u00f6zellikle etkilenen ve sa\u00e7 d\u00f6k\u00fclmesine yol a\u00e7an belirli besin \u00f6geleri var m\u0131?\",\n   \"acceptedAnswer\": {\n    \"@type\": \"Answer\",\n    \"text\": \"Evet, \u00f6zellikle B vitaminleri, C vitamini, \u00e7inko ve demir a\u015f\u0131r\u0131 alkol t\u00fcketimiyle azalabilir ve bu da sa\u00e7 d\u00f6k\u00fclmesine yol a\u00e7abilir. \u00c7inko i\u00e7in ba\u011f\u0131rsakta daha az emilim ve ayn\u0131 anda b\u00f6brek yoluyla daha \u00e7ok at\u0131l\u0131m tan\u0131mlanm\u0131\u015ft\u0131r; folik asitte ba\u011f\u0131rsak, karaci\u011fer ve b\u00f6brek kay\u0131p yolu olarak bir araya gelir. Bu ancak kanda g\u00f6sterilebilir, sa\u00e7ta de\u011fil.\"\n   }\n  },\n  {\n   \"@type\": \"Question\",\n   \"name\": \"Alkolden kaynaklanan sa\u00e7 d\u00f6k\u00fclmesi nas\u0131l geri d\u00f6nd\u00fcr\u00fclebilir?\",\n   \"acceptedAnswer\": {\n    \"@type\": \"Answer\",\n    \"text\": \"Kural olarak alkolle ili\u015fkili pay geri d\u00f6n\u00fc\u015fl\u00fcd\u00fcr. Dengeli ve sa\u011fl\u0131kl\u0131 beslenme, yeterli s\u0131v\u0131 al\u0131m\u0131 ve alkolden uzak durmak, sa\u00e7 d\u00f6k\u00fclmesini durdurmaya ve sa\u00e7 b\u00fcy\u00fcmesini yeniden desteklemeye yard\u0131mc\u0131 olabilir. Folik\u00fcller yok olmam\u0131\u015f, yaln\u0131zca erkenden dinlenme evresine ge\u00e7mi\u015ftir: StatPearls'e g\u00f6re telojen effluvium \u00e7o\u011funlukla 6 aya kadar d\u00fczelir, tam yo\u011funluk 12 ila 18 ay alabilir.\"\n   }\n  },\n  {\n   \"@type\": \"Question\",\n   \"name\": \"Baz\u0131 alkoll\u00fc i\u00e7ecekler sa\u00e7 i\u00e7in di\u011ferlerinden daha m\u0131 zararl\u0131?\",\n   \"acceptedAnswer\": {\n    \"@type\": \"Answer\",\n    \"text\": \"Hay\u0131r, \u00f6nemli olan saf alkol miktar\u0131d\u0131r, i\u00e7ki t\u00fcr\u00fc de\u011fil. DS\u00d6 ve di\u011fer uzman kurulu\u015flar yaln\u0131zca gram cinsinden hesaplar. Ye\u015filay'\u0131n alkol \u00f6l\u00e7e\u011finde 1 kadeh \u015farap ile yar\u0131m duble sert i\u00e7ki birer standart i\u00e7ki, 1 b\u00fcy\u00fck kutu bira ise 1,5 standart i\u00e7ki say\u0131l\u0131r. Belirleyici olan haftal\u0131k toplam miktard\u0131r; bardakta bira, \u015farap ya da rak\u0131 olmas\u0131 de\u011fil.\"\n   }\n  },\n  {\n   \"@type\": \"Question\",\n   \"name\": \"\u00d6l\u00e7\u00fcl\u00fc alkol t\u00fcketimi de sa\u00e7 d\u00f6k\u00fclmesine yol a\u00e7abilir mi, yoksa bu yaln\u0131zca yo\u011fun t\u00fcketim i\u00e7in mi ge\u00e7erli?\",\n   \"acceptedAnswer\": {\n    \"@type\": \"Answer\",\n    \"text\": \"Ba\u011flant\u0131 yaln\u0131zca kronik y\u00fcksek t\u00fcketim i\u00e7in kan\u0131tlanm\u0131\u015ft\u0131r. Yo\u011fun ve d\u00fczenli alkol t\u00fcketiminin sa\u00e7 d\u00f6k\u00fclmesine neden olmas\u0131 daha olas\u0131d\u0131r; \u00f6l\u00e7\u00fcl\u00fc t\u00fcketim ise \u00f6zellikle duyarl\u0131 ki\u015filerde teorik olarak rol oynayabilir. Bunu kan\u0131tlayan bir \u00e7al\u0131\u015fma yoktur. Yine de miktar\u0131 hekimle g\u00f6r\u00fc\u015fmede belirtin, \u00e7\u00fcnk\u00fc kan de\u011ferlerinin yorumunu de\u011fi\u015ftirir.\"\n   }\n  },\n  {\n   \"@type\": \"Question\",\n   \"name\": \"Alkol\u00fc b\u0131rakt\u0131ktan sonra sa\u00e7lar\u0131n d\u00fczelmesi ne kadar s\u00fcrer?\",\n   \"acceptedAnswer\": {\n    \"@type\": \"Answer\",\n    \"text\": \"\u0130lk yeni sa\u00e7lar 3 ila 6 ay sonra, g\u00f6zle g\u00f6r\u00fcl\u00fcr bi\u00e7imde daha yo\u011fun bir sa\u00e7 g\u00f6r\u00fcn\u00fcm\u00fc ise \u00e7o\u011funlukla 6 ila 12 ay sonra. Bunun nedeni sa\u00e7 d\u00f6ng\u00fcs\u00fcd\u00fcr: Folik\u00fclde olan bitenle sa\u00e7l\u0131 deride g\u00f6rd\u00fc\u011f\u00fcn\u00fcz aras\u0131nda 2 ila 3 ay vard\u0131r. Biyolojik olarak daha h\u0131zl\u0131s\u0131 m\u00fcmk\u00fcn de\u011fildir.\"\n   }\n  },\n  {\n   \"@type\": \"Question\",\n   \"name\": \"Alkol\u00fc b\u0131rakt\u0131ktan sonra \u00f6nce daha m\u0131 \u00e7ok sa\u00e7 d\u00f6k\u00fcl\u00fcr?\",\n   \"acceptedAnswer\": {\n    \"@type\": \"Answer\",\n    \"text\": \"M\u00fcmk\u00fcn, ancak alkol\u00fc b\u0131rakma \u00f6zelinde kan\u0131tlanm\u0131\u015f de\u011fil. Yoksunlukta bedensel stres devreye girer ve stres, telojen effluviumun bilinen bir tetikleyicisi say\u0131l\u0131r; b\u00f6yle bir atak ge\u00e7ici olur. Y\u0131llarca \u00e7ok i\u00e7mi\u015f ki\u015filerin b\u0131rakma s\u00fcrecini hekim e\u015fli\u011finde y\u00fcr\u00fctmesi gerekir.\"\n   }\n  },\n  {\n   \"@type\": \"Question\",\n   \"name\": \"Alkols\u00fcz bir ay sa\u00e7lar i\u00e7in bir i\u015fe yarar m\u0131?\",\n   \"acceptedAnswer\": {\n    \"@type\": \"Answer\",\n    \"text\": \"K\u0131smen: karaci\u011fer ve uyku i\u00e7in evet, sa\u00e7 yo\u011funlu\u011fu i\u00e7in hen\u00fcz de\u011fil. Y\u00fckselmi\u015f GGT de\u011ferleri alkol b\u0131rak\u0131ld\u0131ktan sonra yakla\u015f\u0131k 2 ila 5 haftada normale d\u00f6ner, sa\u00e7\u0131n dinlenme evresi ise tek ba\u015f\u0131na 3 ila 4 ay s\u00fcrer. 30 g\u00fcn b\u00f6ylece bir durum tespitidir, g\u00f6zle g\u00f6r\u00fcl\u00fcr bir sa\u00e7 sonucu de\u011fil.\"\n   }\n  },\n  {\n   \"@type\": \"Question\",\n   \"name\": \"Sa\u00e7 ekiminden \u00f6nce ve sonra ne kadar s\u00fcre alkol almamal\u0131y\u0131m?\",\n   \"acceptedAnswer\": {\n    \"@type\": \"Answer\",\n    \"text\": \"\u0130\u015flemden sonraki ilk g\u00fcnlerde tamamen; sonras\u0131nda klini\u011finizin talimat\u0131 ge\u00e7erlidir. Nedenleri: kanama e\u011filimi, a\u011fr\u0131 kesiciler ve antibiyotiklerle etkile\u015fim, bir de idrar s\u00f6kt\u00fcr\u00fcc\u00fc etki. \u00d6ncesi i\u00e7in Cochrane derlemesi (2018), ameliyatlardan 4 ila 8 hafta \u00f6nce alkolden uzak durman\u0131n komplikasyonlar\u0131 muhtemelen azaltt\u0131\u011f\u0131n\u0131 g\u00f6steriyor.\"\n   }\n  },\n  {\n   \"@type\": \"Question\",\n   \"name\": \"Alkol sa\u00e7 \u00e7izgisinde a\u00e7\u0131lmalara ya da beyaz sa\u00e7a yol a\u00e7ar m\u0131?\",\n   \"acceptedAnswer\": {\n    \"@type\": \"Answer\",\n    \"text\": \"Hay\u0131r. \u015eakaklardaki a\u00e7\u0131lmalar kal\u0131tsal sa\u00e7 d\u00f6k\u00fclmesinin desenidir; alkol bunu daha g\u00f6r\u00fcn\u00fcr k\u0131labilir, ancak neden say\u0131lmaz. Erken beyazlama i\u00e7in as\u0131l kan\u0131tlanm\u0131\u015f olan sigarad\u0131r (Journal of the American Academy of Dermatology); tek ba\u015f\u0131na alkol i\u00e7in ba\u011flant\u0131 belirgin bi\u00e7imde daha zay\u0131ft\u0131r ve benzer \u00f6l\u00e7\u00fcde do\u011frulanmam\u0131\u015ft\u0131r.\"\n   }\n  },\n  {\n   \"@type\": \"Question\",\n   \"name\": \"\u015eampuan ve sa\u00e7 bak\u0131m \u00fcr\u00fcnlerindeki alkol (Alcohol denat.) de sorun mu?\",\n   \"acceptedAnswer\": {\n    \"@type\": \"Answer\",\n    \"text\": \"Hay\u0131r, bu farkl\u0131 bir mekanizmad\u0131r. Alcohol denat., sa\u00e7l\u0131 deriyi kurutabilen ve tahri\u015f edebilen bir \u00e7\u00f6z\u00fcc\u00fcd\u00fcr; sa\u00e7 k\u00f6k\u00fcn\u00fc zedelemez. Minoksidil sol\u00fcsyonlar\u0131 da \u00e7o\u011funlukla etanol ya da propilen glikol i\u00e7erir. Bunlarda s\u0131k g\u00f6r\u00fclen yanma ve kepeklenme \u00e7o\u011fu zaman i\u00e7ilen alkole ba\u011flan\u0131r.\"\n   }\n  },\n  {\n   \"@type\": \"Question\",\n   \"name\": \"Alkol kepe\u011fi ya da sa\u00e7l\u0131 deri iltihab\u0131n\u0131 k\u00f6t\u00fcle\u015ftirir mi?\",\n   \"acceptedAnswer\": {\n    \"@type\": \"Answer\",\n    \"text\": \"Evet, bunun i\u00e7in veri var. Acta Dermato-Venereologica dergisindeki bir ara\u015ft\u0131rmada d\u00fczenli alkol t\u00fcketimi, seboreik egzama alevlenmeleri i\u00e7in 10,2 olas\u0131l\u0131k oran\u0131yla ili\u015fkiliydi; sedef hastal\u0131\u011f\u0131nda ise i\u00e7ilen miktar ile hastal\u0131\u011f\u0131n \u015fiddeti aras\u0131nda bir ba\u011flant\u0131 g\u00f6r\u00fcld\u00fc.\"\n   }\n  },\n  {\n   \"@type\": \"Question\",\n   \"name\": \"Finasterid ya da minoksidil kullan\u0131rken alkol alabilir miyim?\",\n   \"acceptedAnswer\": {\n    \"@type\": \"Answer\",\n    \"text\": \"Bu hekimle konu\u015fulmal\u0131d\u0131r, genel ge\u00e7er bir yan\u0131t yoktur. Finasterid karaci\u011ferde CYP3A4 \u00fczerinden metabolize edilir ve karaci\u011fer i\u015flevi bozuk olanlarda kontrendikedir. Minoksidil i\u00e7in \u00fcr\u00fcn bilgileri, birlikte kullan\u0131m\u0131n olas\u0131 sonucu olarak ba\u015f d\u00f6nmesi, yorgunluk ve tansiyon d\u00fc\u015f\u00fckl\u00fc\u011f\u00fc belirtir. Ayr\u0131ca kullanma talimat\u0131n\u0131 da inceleyin.\"\n   }\n  }\n ]\n}\n<\/script>\n\n","protected":false},"excerpt":{"rendered":"<p>Giderde her seferinde biraz daha fazla sa\u00e7 ve akl\u0131n bir k\u00f6\u015fesinde \u015fu soru: Ak\u015fam i\u00e7ilen bira m\u0131 su\u00e7lu? \u0130nsanlar\u0131n \u00e7o\u011fu, alkol ile sa\u00e7 d\u00f6k\u00fclmesi aras\u0131ndaki ba\u011flant\u0131y\u0131 tam bu noktada aramaya ba\u015flar. D\u00fcr\u00fcst yan\u0131t iki par\u00e7al\u0131d\u0131r. \u00d6l\u00e7\u00fcl\u00fc t\u00fcketimin bir neden oldu\u011fu kan\u0131tlanm\u0131\u015f de\u011fildir; kal\u0131tsal sa\u00e7 d\u00f6k\u00fclmesine ili\u015fkin en g\u00fcncel iki meta-analiz birbiriyle \u00e7eli\u015fir bile (Alcohol and [&hellip;]<\/p>\n","protected":false},"author":10,"featured_media":83304,"comment_status":"closed","ping_status":"closed","sticky":false,"template":"","format":"standard","meta":{"_acf_changed":false,"_yoast_wpseo_meta-robots-noindex":"","_yoast_wpseo_meta-robots-nofollow":"","_yoast_wpseo_meta-robots-adv":"","_yoast_wpseo_canonical":"https:\/\/elithair.com\/tr\/alkol-sac-dokulmesi\/","_yoast_wpseo_opengraph-title":"","_yoast_wpseo_opengraph-description":"","_yoast_wpseo_opengraph-image":"","_yoast_wpseo_twitter-title":"","_yoast_wpseo_twitter-description":"","_yoast_wpseo_twitter-image":"","_hm_hreflang_map":{"de":56996,"en":96957,"es":91873,"fr":101239,"it":107658,"pt":89718,"tr":83300,"uk":96343,"x_default":96957},"_hm_language_code":"tr","footnotes":""},"categories":[3],"tags":[],"class_list":["post-83300","post","type-post","status-publish","format-standard","has-post-thumbnail","hentry","category-sac-ekimi-blog"],"acf":[],"yoast_head":"<!-- This site is optimized with the Yoast SEO Premium plugin v28.3 (Yoast SEO v28.3) - https:\/\/yoast.com\/product\/yoast-seo-premium-wordpress\/ -->\n<title>Alkol ve Sa\u00e7 D\u00f6k\u00fclmesi: Ne Kadar Alkol Ger\u00e7ekten Zarar Verir ve Sa\u00e7 Kayb\u0131 Geri D\u00f6ner mi?<\/title>\n<meta name=\"description\" content=\"Alkol ve sa\u00e7 d\u00f6k\u00fclmesi: \u00d6l\u00e7\u00fcl\u00fc t\u00fcketimin neden oldu\u011fu kan\u0131tlanmad\u0131. Y\u00fcksek t\u00fcketim neyi de\u011fi\u015ftirir ve alkol\u00fc b\u0131rakt\u0131ktan sonra toparlanma ne kadar s\u00fcrer?\" \/>\n<meta name=\"robots\" content=\"index, follow, max-snippet:-1, max-image-preview:large, max-video-preview:-1\" \/>\n<link rel=\"canonical\" href=\"https:\/\/elithair.com\/tr\/alkol-sac-dokulmesi\/\" \/>\n<meta property=\"og:locale\" content=\"tr_TR\" \/>\n<meta property=\"og:type\" content=\"article\" \/>\n<meta property=\"og:title\" content=\"Alkol ve sa\u00e7 d\u00f6k\u00fclmesi: Ne kadar\u0131 ger\u00e7ekten zarar verir, sa\u00e7lar geri gelir mi?\" \/>\n<meta property=\"og:description\" content=\"Alkol ve sa\u00e7 d\u00f6k\u00fclmesi: \u00d6l\u00e7\u00fcl\u00fc t\u00fcketimin neden oldu\u011fu kan\u0131tlanmad\u0131. Y\u00fcksek t\u00fcketim neyi de\u011fi\u015ftirir ve alkol\u00fc b\u0131rakt\u0131ktan sonra toparlanma ne kadar s\u00fcrer?\" \/>\n<meta property=\"og:url\" content=\"https:\/\/elithair.com\/tr\/alkol-sac-dokulmesi\/\" \/>\n<meta property=\"og:site_name\" content=\"Elithair\" \/>\n<meta property=\"article:published_time\" content=\"2026-08-29T21:55:41+00:00\" \/>\n<meta property=\"og:image\" content=\"https:\/\/elithair.com\/tr\/wp-content\/uploads\/sites\/10\/2026\/08\/follikel_versorgung.png\" \/>\n<meta name=\"author\" content=\"Dr. Imad Moustafa\" \/>\n<meta name=\"twitter:card\" content=\"summary_large_image\" \/>\n<meta name=\"twitter:label1\" content=\"Yazan:\" \/>\n\t<meta name=\"twitter:data1\" content=\"Dr. Imad Moustafa\" \/>\n\t<meta name=\"twitter:label2\" content=\"Tahmini okuma s\u00fcresi\" \/>\n\t<meta name=\"twitter:data2\" content=\"38 dakika\" \/>\n<script type=\"application\/ld+json\" class=\"yoast-schema-graph\">{\"@context\":\"https:\\\/\\\/schema.org\",\"@graph\":[{\"@type\":\"Article\",\"@id\":\"https:\\\/\\\/elithair.com\\\/tr\\\/alkol-sac-dokulmesi\\\/#article\",\"isPartOf\":{\"@id\":\"https:\\\/\\\/elithair.com\\\/tr\\\/alkol-sac-dokulmesi\\\/\"},\"author\":{\"name\":\"Dr. Imad Moustafa\",\"@id\":\"https:\\\/\\\/elithair.com\\\/tr\\\/#\\\/schema\\\/person\\\/11ce37e83a6343e4c37edcd4b5498e41\"},\"headline\":\"Alkol ve sa\u00e7 d\u00f6k\u00fclmesi: Ne kadar\u0131 ger\u00e7ekten zarar verir, sa\u00e7lar geri gelir mi?\",\"datePublished\":\"2026-08-29T21:55:41+00:00\",\"mainEntityOfPage\":{\"@id\":\"https:\\\/\\\/elithair.com\\\/tr\\\/alkol-sac-dokulmesi\\\/\"},\"wordCount\":7606,\"image\":{\"@id\":\"https:\\\/\\\/elithair.com\\\/tr\\\/alkol-sac-dokulmesi\\\/#primaryimage\"},\"thumbnailUrl\":\"https:\\\/\\\/elithair.com\\\/tr\\\/wp-content\\\/uploads\\\/sites\\\/10\\\/2026\\\/08\\\/hero-9.png\",\"articleSection\":[\"Sa\u00e7 Ekimi\"],\"inLanguage\":\"tr\"},{\"@type\":\"WebPage\",\"@id\":\"https:\\\/\\\/elithair.com\\\/tr\\\/alkol-sac-dokulmesi\\\/\",\"url\":\"https:\\\/\\\/elithair.com\\\/tr\\\/alkol-sac-dokulmesi\\\/\",\"name\":\"Alkol ve Sa\u00e7 D\u00f6k\u00fclmesi: Ne Kadar Alkol Ger\u00e7ekten Zarar Verir ve Sa\u00e7 Kayb\u0131 Geri D\u00f6ner mi?\",\"isPartOf\":{\"@id\":\"https:\\\/\\\/elithair.com\\\/tr\\\/#website\"},\"primaryImageOfPage\":{\"@id\":\"https:\\\/\\\/elithair.com\\\/tr\\\/alkol-sac-dokulmesi\\\/#primaryimage\"},\"image\":{\"@id\":\"https:\\\/\\\/elithair.com\\\/tr\\\/alkol-sac-dokulmesi\\\/#primaryimage\"},\"thumbnailUrl\":\"https:\\\/\\\/elithair.com\\\/tr\\\/wp-content\\\/uploads\\\/sites\\\/10\\\/2026\\\/08\\\/hero-9.png\",\"datePublished\":\"2026-08-29T21:55:41+00:00\",\"author\":{\"@id\":\"https:\\\/\\\/elithair.com\\\/tr\\\/#\\\/schema\\\/person\\\/11ce37e83a6343e4c37edcd4b5498e41\"},\"description\":\"Alkol ve sa\u00e7 d\u00f6k\u00fclmesi: \u00d6l\u00e7\u00fcl\u00fc t\u00fcketimin neden oldu\u011fu kan\u0131tlanmad\u0131. Y\u00fcksek t\u00fcketim neyi de\u011fi\u015ftirir ve alkol\u00fc b\u0131rakt\u0131ktan sonra toparlanma ne kadar s\u00fcrer?\",\"breadcrumb\":{\"@id\":\"https:\\\/\\\/elithair.com\\\/tr\\\/alkol-sac-dokulmesi\\\/#breadcrumb\"},\"inLanguage\":\"tr\",\"potentialAction\":[{\"@type\":\"ReadAction\",\"target\":[\"https:\\\/\\\/elithair.com\\\/tr\\\/alkol-sac-dokulmesi\\\/\"]}]},{\"@type\":\"ImageObject\",\"inLanguage\":\"tr\",\"@id\":\"https:\\\/\\\/elithair.com\\\/tr\\\/alkol-sac-dokulmesi\\\/#primaryimage\",\"url\":\"https:\\\/\\\/elithair.com\\\/tr\\\/wp-content\\\/uploads\\\/sites\\\/10\\\/2026\\\/08\\\/hero-9.png\",\"contentUrl\":\"https:\\\/\\\/elithair.com\\\/tr\\\/wp-content\\\/uploads\\\/sites\\\/10\\\/2026\\\/08\\\/hero-9.png\",\"width\":1536,\"height\":1024,\"caption\":\"Halb leeres Weinglas auf einem Holztisch, im unscharfen Hintergrund ein nachdenklicher Mann, der sich durch die Haare f\u00e4hrt\"},{\"@type\":\"BreadcrumbList\",\"@id\":\"https:\\\/\\\/elithair.com\\\/tr\\\/alkol-sac-dokulmesi\\\/#breadcrumb\",\"itemListElement\":[{\"@type\":\"ListItem\",\"position\":1,\"name\":\"Home\",\"item\":\"https:\\\/\\\/elithair.com\\\/tr\\\/\"},{\"@type\":\"ListItem\",\"position\":2,\"name\":\"Alkol ve sa\u00e7 d\u00f6k\u00fclmesi: Ne kadar\u0131 ger\u00e7ekten zarar verir, sa\u00e7lar geri gelir mi?\"}]},{\"@type\":\"WebSite\",\"@id\":\"https:\\\/\\\/elithair.com\\\/tr\\\/#website\",\"url\":\"https:\\\/\\\/elithair.com\\\/tr\\\/\",\"name\":\"Elithair\",\"description\":\"Elithair: sa\u00e7\u0131n\u0131z i\u00e7in en iyi klini\u011fi ke\u015ffedin\",\"potentialAction\":[{\"@type\":\"SearchAction\",\"target\":{\"@type\":\"EntryPoint\",\"urlTemplate\":\"https:\\\/\\\/elithair.com\\\/tr\\\/?s={search_term_string}\"},\"query-input\":{\"@type\":\"PropertyValueSpecification\",\"valueRequired\":true,\"valueName\":\"search_term_string\"}}],\"inLanguage\":\"tr\"},{\"@type\":\"Person\",\"@id\":\"https:\\\/\\\/elithair.com\\\/tr\\\/#\\\/schema\\\/person\\\/11ce37e83a6343e4c37edcd4b5498e41\",\"name\":\"Dr. Imad Moustafa\",\"image\":{\"@type\":\"ImageObject\",\"inLanguage\":\"tr\",\"@id\":\"https:\\\/\\\/secure.gravatar.com\\\/avatar\\\/9190499f6f3008cd7da57b179f07bfea4b4e382c816ba3e0de68db0b5a70c07d?s=96&d=mm&r=g\",\"url\":\"https:\\\/\\\/secure.gravatar.com\\\/avatar\\\/9190499f6f3008cd7da57b179f07bfea4b4e382c816ba3e0de68db0b5a70c07d?s=96&d=mm&r=g\",\"contentUrl\":\"https:\\\/\\\/secure.gravatar.com\\\/avatar\\\/9190499f6f3008cd7da57b179f07bfea4b4e382c816ba3e0de68db0b5a70c07d?s=96&d=mm&r=g\",\"caption\":\"Dr. Imad Moustafa\"},\"url\":\"https:\\\/\\\/elithair.com\\\/tr\\\/author\\\/support\\\/\"}]}<\/script>\n<!-- \/ Yoast SEO Premium plugin. -->","yoast_head_json":{"title":"Alkol ve Sa\u00e7 D\u00f6k\u00fclmesi: Ne Kadar Alkol Ger\u00e7ekten Zarar Verir ve Sa\u00e7 Kayb\u0131 Geri D\u00f6ner mi?","description":"Alkol ve sa\u00e7 d\u00f6k\u00fclmesi: \u00d6l\u00e7\u00fcl\u00fc t\u00fcketimin neden oldu\u011fu kan\u0131tlanmad\u0131. Y\u00fcksek t\u00fcketim neyi de\u011fi\u015ftirir ve alkol\u00fc b\u0131rakt\u0131ktan sonra toparlanma ne kadar s\u00fcrer?","robots":{"index":"index","follow":"follow","max-snippet":"max-snippet:-1","max-image-preview":"max-image-preview:large","max-video-preview":"max-video-preview:-1"},"canonical":"https:\/\/elithair.com\/tr\/alkol-sac-dokulmesi\/","og_locale":"tr_TR","og_type":"article","og_title":"Alkol ve sa\u00e7 d\u00f6k\u00fclmesi: Ne kadar\u0131 ger\u00e7ekten zarar verir, sa\u00e7lar geri gelir mi?","og_description":"Alkol ve sa\u00e7 d\u00f6k\u00fclmesi: \u00d6l\u00e7\u00fcl\u00fc t\u00fcketimin neden oldu\u011fu kan\u0131tlanmad\u0131. Y\u00fcksek t\u00fcketim neyi de\u011fi\u015ftirir ve alkol\u00fc b\u0131rakt\u0131ktan sonra toparlanma ne kadar s\u00fcrer?","og_url":"https:\/\/elithair.com\/tr\/alkol-sac-dokulmesi\/","og_site_name":"Elithair","article_published_time":"2026-08-29T21:55:41+00:00","og_image":[{"url":"https:\/\/elithair.com\/tr\/wp-content\/uploads\/sites\/10\/2026\/08\/follikel_versorgung.png","type":"","width":"","height":""}],"author":"Dr. Imad Moustafa","twitter_card":"summary_large_image","twitter_misc":{"Yazan:":"Dr. Imad Moustafa","Tahmini okuma s\u00fcresi":"38 dakika"},"schema":{"@context":"https:\/\/schema.org","@graph":[{"@type":"Article","@id":"https:\/\/elithair.com\/tr\/alkol-sac-dokulmesi\/#article","isPartOf":{"@id":"https:\/\/elithair.com\/tr\/alkol-sac-dokulmesi\/"},"author":{"name":"Dr. Imad Moustafa","@id":"https:\/\/elithair.com\/tr\/#\/schema\/person\/11ce37e83a6343e4c37edcd4b5498e41"},"headline":"Alkol ve sa\u00e7 d\u00f6k\u00fclmesi: Ne kadar\u0131 ger\u00e7ekten zarar verir, sa\u00e7lar geri gelir mi?","datePublished":"2026-08-29T21:55:41+00:00","mainEntityOfPage":{"@id":"https:\/\/elithair.com\/tr\/alkol-sac-dokulmesi\/"},"wordCount":7606,"image":{"@id":"https:\/\/elithair.com\/tr\/alkol-sac-dokulmesi\/#primaryimage"},"thumbnailUrl":"https:\/\/elithair.com\/tr\/wp-content\/uploads\/sites\/10\/2026\/08\/hero-9.png","articleSection":["Sa\u00e7 Ekimi"],"inLanguage":"tr"},{"@type":"WebPage","@id":"https:\/\/elithair.com\/tr\/alkol-sac-dokulmesi\/","url":"https:\/\/elithair.com\/tr\/alkol-sac-dokulmesi\/","name":"Alkol ve Sa\u00e7 D\u00f6k\u00fclmesi: Ne Kadar Alkol Ger\u00e7ekten Zarar Verir ve Sa\u00e7 Kayb\u0131 Geri D\u00f6ner mi?","isPartOf":{"@id":"https:\/\/elithair.com\/tr\/#website"},"primaryImageOfPage":{"@id":"https:\/\/elithair.com\/tr\/alkol-sac-dokulmesi\/#primaryimage"},"image":{"@id":"https:\/\/elithair.com\/tr\/alkol-sac-dokulmesi\/#primaryimage"},"thumbnailUrl":"https:\/\/elithair.com\/tr\/wp-content\/uploads\/sites\/10\/2026\/08\/hero-9.png","datePublished":"2026-08-29T21:55:41+00:00","author":{"@id":"https:\/\/elithair.com\/tr\/#\/schema\/person\/11ce37e83a6343e4c37edcd4b5498e41"},"description":"Alkol ve sa\u00e7 d\u00f6k\u00fclmesi: \u00d6l\u00e7\u00fcl\u00fc t\u00fcketimin neden oldu\u011fu kan\u0131tlanmad\u0131. Y\u00fcksek t\u00fcketim neyi de\u011fi\u015ftirir ve alkol\u00fc b\u0131rakt\u0131ktan sonra toparlanma ne kadar s\u00fcrer?","breadcrumb":{"@id":"https:\/\/elithair.com\/tr\/alkol-sac-dokulmesi\/#breadcrumb"},"inLanguage":"tr","potentialAction":[{"@type":"ReadAction","target":["https:\/\/elithair.com\/tr\/alkol-sac-dokulmesi\/"]}]},{"@type":"ImageObject","inLanguage":"tr","@id":"https:\/\/elithair.com\/tr\/alkol-sac-dokulmesi\/#primaryimage","url":"https:\/\/elithair.com\/tr\/wp-content\/uploads\/sites\/10\/2026\/08\/hero-9.png","contentUrl":"https:\/\/elithair.com\/tr\/wp-content\/uploads\/sites\/10\/2026\/08\/hero-9.png","width":1536,"height":1024,"caption":"Halb leeres Weinglas auf einem Holztisch, im unscharfen Hintergrund ein nachdenklicher Mann, der sich durch die Haare f\u00e4hrt"},{"@type":"BreadcrumbList","@id":"https:\/\/elithair.com\/tr\/alkol-sac-dokulmesi\/#breadcrumb","itemListElement":[{"@type":"ListItem","position":1,"name":"Home","item":"https:\/\/elithair.com\/tr\/"},{"@type":"ListItem","position":2,"name":"Alkol ve sa\u00e7 d\u00f6k\u00fclmesi: Ne kadar\u0131 ger\u00e7ekten zarar verir, sa\u00e7lar geri gelir mi?"}]},{"@type":"WebSite","@id":"https:\/\/elithair.com\/tr\/#website","url":"https:\/\/elithair.com\/tr\/","name":"Elithair","description":"Elithair: sa\u00e7\u0131n\u0131z i\u00e7in en iyi klini\u011fi ke\u015ffedin","potentialAction":[{"@type":"SearchAction","target":{"@type":"EntryPoint","urlTemplate":"https:\/\/elithair.com\/tr\/?s={search_term_string}"},"query-input":{"@type":"PropertyValueSpecification","valueRequired":true,"valueName":"search_term_string"}}],"inLanguage":"tr"},{"@type":"Person","@id":"https:\/\/elithair.com\/tr\/#\/schema\/person\/11ce37e83a6343e4c37edcd4b5498e41","name":"Dr. Imad Moustafa","image":{"@type":"ImageObject","inLanguage":"tr","@id":"https:\/\/secure.gravatar.com\/avatar\/9190499f6f3008cd7da57b179f07bfea4b4e382c816ba3e0de68db0b5a70c07d?s=96&d=mm&r=g","url":"https:\/\/secure.gravatar.com\/avatar\/9190499f6f3008cd7da57b179f07bfea4b4e382c816ba3e0de68db0b5a70c07d?s=96&d=mm&r=g","contentUrl":"https:\/\/secure.gravatar.com\/avatar\/9190499f6f3008cd7da57b179f07bfea4b4e382c816ba3e0de68db0b5a70c07d?s=96&d=mm&r=g","caption":"Dr. Imad Moustafa"},"url":"https:\/\/elithair.com\/tr\/author\/support\/"}]}},"_links":{"self":[{"href":"https:\/\/elithair.com\/tr\/wp-json\/wp\/v2\/posts\/83300","targetHints":{"allow":["GET"]}}],"collection":[{"href":"https:\/\/elithair.com\/tr\/wp-json\/wp\/v2\/posts"}],"about":[{"href":"https:\/\/elithair.com\/tr\/wp-json\/wp\/v2\/types\/post"}],"author":[{"embeddable":true,"href":"https:\/\/elithair.com\/tr\/wp-json\/wp\/v2\/users\/10"}],"replies":[{"embeddable":true,"href":"https:\/\/elithair.com\/tr\/wp-json\/wp\/v2\/comments?post=83300"}],"version-history":[{"count":0,"href":"https:\/\/elithair.com\/tr\/wp-json\/wp\/v2\/posts\/83300\/revisions"}],"wp:featuredmedia":[{"embeddable":true,"href":"https:\/\/elithair.com\/tr\/wp-json\/wp\/v2\/media\/83304"}],"wp:attachment":[{"href":"https:\/\/elithair.com\/tr\/wp-json\/wp\/v2\/media?parent=83300"}],"wp:term":[{"taxonomy":"category","embeddable":true,"href":"https:\/\/elithair.com\/tr\/wp-json\/wp\/v2\/categories?post=83300"},{"taxonomy":"post_tag","embeddable":true,"href":"https:\/\/elithair.com\/tr\/wp-json\/wp\/v2\/tags?post=83300"}],"curies":[{"name":"wp","href":"https:\/\/api.w.org\/{rel}","templated":true}]}}