{"id":83299,"date":"2026-08-29T14:38:14","date_gmt":"2026-08-29T12:38:14","guid":{"rendered":"https:\/\/elithair.com\/tr\/diyabet-sac-dokulmesi\/"},"modified":"2026-08-29T14:38:14","modified_gmt":"2026-08-29T12:38:14","slug":"diyabet-sac-dokulmesi","status":"publish","type":"post","link":"https:\/\/elithair.com\/tr\/diyabet-sac-dokulmesi\/","title":{"rendered":"Diyabet ve sa\u00e7 d\u00f6k\u00fclmesi: nedenler, ins\u00fclin direnci ve ger\u00e7ekten i\u015fe yarayanlar"},"content":{"rendered":"\n<div style=\"border-left:4px solid #0079F1;padding:0 0 0 14px;margin:0 0 26px\">\n<p style=\"margin:0 0 14px;color:#2e3033;font-size:17px;line-height:1.65\">F\u0131r\u00e7ada daha fazla sa\u00e7 ve son kontrolde y\u00fcksek \u00e7\u0131kan bir HbA1c: Diyabet ile sa\u00e7 d\u00f6k\u00fclmesi aras\u0131ndaki ba\u011flant\u0131 ger\u00e7ek, ama \u00e7o\u011fu zaman san\u0131ld\u0131\u011f\u0131ndan farkl\u0131 i\u015fliyor. Diyabete ba\u011fl\u0131 sa\u00e7 d\u00f6k\u00fclmesi tipik olarak <a href=\"\/tr\/diffuz-sac-dokulmesi\/\">yayg\u0131n<\/a> bi\u00e7imde, sa\u00e7l\u0131 derinin tamam\u0131na da\u011f\u0131lm\u0131\u015f \u015fekilde g\u00f6r\u00fcl\u00fcr ve kan \u015fekeri istikrarl\u0131 seyretti\u011finde aylar i\u00e7inde geriler. Bunun yan\u0131nda daha az bilinen ikinci bir ba\u011flant\u0131 var: Erken ba\u015flang\u0131\u00e7l\u0131 genetik sa\u00e7 d\u00f6k\u00fclmesi olan erkeklerde, 200 kat\u0131l\u0131mc\u0131l\u0131 bir vaka-kontrol \u00e7al\u0131\u015fmas\u0131 ins\u00fclin direncini kontrol grubuna k\u0131yasla 4,5 kat daha s\u0131k, yani y\u00fczde 4 yerine y\u00fczde 18 oran\u0131nda saptad\u0131 (Erden ve ark. 2025, Journal of Cosmetic Dermatology). Bu yaz\u0131 iki yolu birbirinden ay\u0131r\u0131yor ve hangi de\u011ferleri kontrol ettirmeniz gerekti\u011fini g\u00f6steriyor.<\/p>\n<p style=\"margin:0 0 8px;color:#013366;font-weight:700;font-size:16px\">K\u0131saca en \u00f6nemli noktalar<\/p>\n<ul style=\"margin:0 0 14px;padding:0;color:#2e3033;list-style:none\">\n<li style=\"position:relative;padding:3px 0 3px 24px\"><span style=\"position:absolute;left:0;top:3px;color:#0079F1;font-weight:700\">&#10003;<\/span>Diyabete ba\u011fl\u0131 sa\u00e7 d\u00f6k\u00fclmesi \u00e7o\u011funlukla yayg\u0131n tiptedir ve kan \u015fekeri 3 ila 6 ay boyunca istikrarl\u0131 kald\u0131\u011f\u0131nda geriler<\/li>\n<li style=\"position:relative;padding:3px 0 3px 24px\"><span style=\"position:absolute;left:0;top:3px;color:#0079F1;font-weight:700\">&#10003;<\/span>D\u00f6rt mekanizma bir arada etkilidir: bozulmu\u015f mikrodola\u015f\u0131m, glikasyon (AGE&#8217;ler), kronik inflamasyon ve hormonal bir kayma<\/li>\n<li style=\"position:relative;padding:3px 0 3px 24px\"><span style=\"position:absolute;left:0;top:3px;color:#0079F1;font-weight:700\">&#10003;<\/span>Tip 1&#8217;de ek olarak bir otoimm\u00fcn eksen devreye girer (alopesi areata, tiroit), Tip 2&#8217;de ise \u00f6ncelikle ins\u00fclin direnci<\/li>\n<li style=\"position:relative;padding:3px 0 3px 24px\"><span style=\"position:absolute;left:0;top:3px;color:#0079F1;font-weight:700\">&#10003;<\/span>Metformin do\u011frudan bir tetikleyici de\u011fildir, ancak uzun s\u00fcreli kullan\u0131mda B12 vitamini d\u00fczeyini d\u00fc\u015f\u00fcr\u00fcr ve B12 eksikli\u011fi sa\u00e7 d\u00f6k\u00fclmesini kolayla\u015ft\u0131r\u0131r<\/li>\n<\/ul>\n<p style=\"margin:0;color:#2e3033\">\u0130\u00e7indekiler b\u00f6l\u00fcm\u00fc neyi nerede bulaca\u011f\u0131n\u0131z\u0131 g\u00f6steriyor. Ard\u0131ndan ins\u00fclin direncinden ka\u015f\u0131nt\u0131l\u0131 sa\u00e7l\u0131 deriye, oradan diyabette sa\u00e7 ekiminin anlaml\u0131 olup olmad\u0131\u011f\u0131 sorusuna kadar her mekanizmay\u0131 tek tek ele al\u0131yoruz.<\/p>\n<\/div>\n\n\n\n<div style=\"background:#f6f9fc;border:1px solid #dbe4f0;border-radius:12px;padding:18px 20px;margin:0 0 28px\">\n<p style=\"margin:0 0 14px;color:#013366;font-weight:700;font-size:17px\">\u00dc\u00e7 ad\u0131mda yol haritan\u0131z<\/p>\n<div style=\"display:flex;gap:12px;margin:0 0 14px\">\n<div style=\"flex:0 0 28px;height:28px;border-radius:50%;background:#0079F1;color:#ffffff;font-weight:700;font-size:15px;line-height:28px;text-align:center\">1<\/div>\n<p style=\"margin:0;color:#2e3033;font-size:15px;line-height:1.6\"><strong style=\"color:#013366\">Tahmin etmeyin, paterni belirleyin.<\/strong> Sa\u00e7, ba\u015f\u0131n tamam\u0131nda e\u015fit bi\u00e7imde d\u00f6k\u00fcl\u00fcyorsa bu metabolizmaya i\u015faret eder. Buna kar\u015f\u0131l\u0131k \u015fakak k\u00f6\u015feleri ve tepe b\u00f6lgesi geri \u00e7ekilirken arka b\u00f6lge yo\u011fun kal\u0131yorsa genetik bir pay s\u00f6z konusudur. Bundan sonraki her ad\u0131m\u0131 bu patern belirler.<\/p>\n<\/div>\n<div style=\"display:flex;gap:12px;margin:0 0 14px\">\n<div style=\"flex:0 0 28px;height:28px;border-radius:50%;background:#0079F1;color:#ffffff;font-weight:700;font-size:15px;line-height:28px;text-align:center\">2<\/div>\n<p style=\"margin:0;color:#2e3033;font-size:15px;line-height:1.6\"><strong style=\"color:#013366\">\u015eampuan de\u011fi\u015ftirmek yerine de\u011ferlerinizi netle\u015ftirin.<\/strong> Laboratuvarda HbA1c ve seyri, ferritin, B12 vitamini (\u00f6zellikle metformin kullan\u0131yorsan\u0131z), \u00e7inko, D vitamini ve TSH bak\u0131lmal\u0131d\u0131r. Hi\u00e7bir bak\u0131m \u00fcr\u00fcn\u00fc ne bir kan \u015fekeri de\u011ferini ne de bir eksikli\u011fi d\u00fczeltir.<\/p>\n<\/div>\n<div style=\"display:flex;gap:12px;margin:0\">\n<div style=\"flex:0 0 28px;height:28px;border-radius:50%;background:#0079F1;color:#ffffff;font-weight:700;font-size:15px;line-height:28px;text-align:center\">3<\/div>\n<p style=\"margin:0;color:#2e3033;font-size:15px;line-height:1.6\"><strong style=\"color:#013366\">Sa\u00e7 d\u00f6ng\u00fcs\u00fcne zaman tan\u0131y\u0131n.<\/strong> Kan \u015fekeri istikrara kavu\u015ftuktan sonra d\u00f6k\u00fclme genellikle 1 ila 2 ay i\u00e7inde azal\u0131r, ilk yeni sa\u00e7lar 5 ila 6 ay sonra g\u00f6r\u00fcn\u00fcr, g\u00f6zle g\u00f6r\u00fcl\u00fcr s\u0131kla\u015fma ise 9 ila 12 ay\u0131 bulur. \u00d6ncesinde ba\u015far\u0131y\u0131 de\u011ferlendirmek m\u00fcmk\u00fcn de\u011fildir.<\/p>\n<\/div>\n<\/div>\n\n\n\n<h2 class=\"wp-block-heading\">Diyabet neden sa\u00e7 d\u00f6k\u00fclmesine yol a\u00e7ar?<\/h2>\n\n\n\n<figure class=\"wp-block-image size-full\"><img decoding=\"async\" src=\"https:\/\/elithair.com\/tr\/wp-content\/uploads\/sites\/10\/2026\/08\/bestand_97298.png\" alt=\"\u0130\u00e7inden \u015feker par\u00e7ac\u0131klar\u0131n\u0131n akt\u0131\u011f\u0131 bir kan h\u00fccresi\" class=\"wp-image-83813\"\/><\/figure>\n\n\n\n<p class=\"wp-block-paragraph\">Diyabet, sa\u00e7 d\u00f6k\u00fclmesine birbirini g\u00fc\u00e7lendiren d\u00f6rt yol \u00fczerinden neden olur: sa\u00e7 k\u00f6k\u00fcndeki bozulmu\u015f mikrodola\u015f\u0131m, doku proteinlerinin \u015fekerlenmesi (AGE&#8217;ler), kronik d\u00fc\u015f\u00fck dereceli inflamasyon ve hiperins\u00fclinemiye ba\u011fl\u0131 hormonal kayma. Tip 1&#8217;de buna bir otoimm\u00fcn eksen eklenir.<\/p>\n\n\n\n<p class=\"wp-block-paragraph\"><a href=\"https:\/\/tr.wikipedia.org\/wiki\/Diyabet\" target=\"_blank\" rel=\"noopener\">Diyabet<\/a> v\u00fccuttaki bir\u00e7ok s\u00fcreci etkileyen kronik bir hastal\u0131kt\u0131r, sa\u00e7 sa\u011fl\u0131\u011f\u0131 da bunlara dahildir. <strong>Diyabette sa\u00e7 d\u00f6k\u00fclmesi<\/strong> s\u0131k g\u00f6r\u00fcl\u00fcr ve sa\u00e7 d\u00f6ng\u00fcs\u00fcn\u00fc bozan \u00e7e\u015fitli fakt\u00f6rlerden kaynaklanabilir. Bu fakt\u00f6rlerin ne kadar g\u00fc\u00e7l\u00fc etki edece\u011fi her \u015feyden \u00f6nce kan \u015fekeri y\u00fck\u00fcn\u00fcn d\u00fczeyine ve s\u00fcresine ba\u011fl\u0131d\u0131r.<\/p>\n\n\n\n<div style=\"border-left:4px solid #0079F1;padding:0 0 0 14px;margin:26px 0\">\n<p style=\"margin:0 0 10px;color:#013366;font-weight:700;font-size:16px\">D\u00f6rt mekanizma sade bir dille, art\u0131 Tip 1&#8217;deki otoimm\u00fcn eksen<\/p>\n<ul style=\"margin:0;padding:0;color:#2e3033;list-style:none;font-size:15px;line-height:1.6\">\n<li style=\"padding:0 0 10px\"><strong style=\"color:#013366\">Mikroanjiyopati<\/strong> \u015fu demek: en k\u00fc\u00e7\u00fck kan damarlar\u0131 zarar g\u00f6r\u00fcr. Sa\u00e7\u0131n\u0131z i\u00e7in sonucu: k\u00f6kte daha az oksijen ve besin, sa\u00e7 daha yava\u015f ve daha ince uzar.<\/li>\n<li style=\"padding:0 0 10px\"><strong style=\"color:#013366\">Hiperins\u00fclinemi<\/strong> \u015fu demek: kanda s\u00fcrekli olarak fazla ins\u00fclin bulunur. Sa\u00e7\u0131n\u0131z i\u00e7in sonucu: ba\u011flay\u0131c\u0131 globulin SHBG d\u00fc\u015fer, DHT&#8217;ye d\u00f6n\u00fc\u015fmek \u00fczere daha fazla serbest testosteron a\u00e7\u0131\u011fa \u00e7\u0131kar.<\/li>\n<li style=\"padding:0 0 10px\"><strong style=\"color:#013366\">Glikasyon (AGE&#8217;ler)<\/strong> \u015fu demek: \u015feker, v\u00fccudun kendi proteinlerine yap\u0131\u015f\u0131r. Sa\u00e7\u0131n\u0131z i\u00e7in sonucu: folik\u00fcl\u00fcn \u00e7evresindeki ba\u011f dokusu sertle\u015fir ve daha h\u0131zl\u0131 ya\u015flan\u0131r, bu bug\u00fcne dek a\u011f\u0131rl\u0131kl\u0131 olarak deri ve h\u00fccre modellerinde g\u00f6sterilmi\u015ftir.<\/li>\n<li style=\"padding:0 0 10px\"><strong style=\"color:#013366\">D\u00fc\u015f\u00fck dereceli inflamasyon<\/strong> \u015fu demek: IL-6 ve TNF-alfa gibi haberci molek\u00fcller s\u00fcrekli y\u00fcksektir. Sa\u00e7\u0131n\u0131z i\u00e7in sonucu: folik\u00fcl k\u00f6k h\u00fccreleri daha k\u00f6t\u00fc \u00e7al\u0131\u015f\u0131r, sa\u00e7 daha kolay minyat\u00fcrle\u015fir.<\/li>\n<li style=\"padding:0\"><strong style=\"color:#013366\">Stres ve otoimm\u00fcnite<\/strong> \u015fu demek: y\u00fcklenme ve yanl\u0131\u015f y\u00f6nlenmi\u015f bir ba\u011f\u0131\u015f\u0131kl\u0131k sistemi. Sa\u00e7\u0131n\u0131z i\u00e7in sonucu: bir\u00e7ok folik\u00fcl ayn\u0131 anda dinlenme faz\u0131na ge\u00e7er, Tip 1&#8217;de buna ayr\u0131 bir tablo olarak alopesi areata eklenir.<\/li>\n<\/ul>\n<\/div>\n\n\n\n<h3 class=\"wp-block-heading\">Dola\u015f\u0131m bozukluklar\u0131: sa\u00e7 folik\u00fcllerinin yetersiz beslenmesi<\/h3>\n\n\n\n<p class=\"wp-block-paragraph\">\u015eeker hastal\u0131\u011f\u0131nda sa\u00e7 kayb\u0131n\u0131n merkez\u00ee etkenlerinden biri bozulmu\u015f kan dola\u015f\u0131m\u0131d\u0131r. Y\u00fcksek kan \u015fekeri de\u011ferleri damarlara zarar verebilir ve dola\u015f\u0131m\u0131 k\u00f6t\u00fcle\u015ftirebilir. Bu yolun t\u0131ptaki ad\u0131 diyabetik mikroanjiyopatidir, deri komplikasyonlar\u0131na ili\u015fkin diyabet literat\u00fcr\u00fcnde yerle\u015fik bir kavramd\u0131r (diyabette deri komplikasyonlar\u0131 \u00fczerine derleme, PMC 2023).<\/p>\n\n\n\n<p class=\"wp-block-paragraph\">Sa\u00e7 folik\u00fclleri yeterli besin ve oksijen ak\u0131\u015f\u0131na ba\u011f\u0131ml\u0131 oldu\u011fundan, dola\u015f\u0131m sorunlar\u0131 sa\u00e7 k\u00f6klerinin zay\u0131flamas\u0131na yol a\u00e7abilir. Zamanla sa\u00e7 b\u00fcy\u00fcmesi olumsuz etkilenir, bu da sa\u00e7\u0131n incelmesine veya d\u00f6k\u00fclmesine neden olabilir.<\/p>\n\n\n\n<p class=\"wp-block-paragraph\">Sa\u00e7 folik\u00fcl\u00fc, b\u00fcy\u00fcme faz\u0131nda v\u00fccudun metabolik olarak en aktif dokular\u0131ndan biridir, bu nedenle beslenmesindeki bir bozulmaya \u00e7ok duyarl\u0131 tepki verir. Ancak diyabette folik\u00fcl dola\u015f\u0131m\u0131n\u0131n y\u00fczde ka\u00e7 azald\u0131\u011f\u0131na dair g\u00fcvenilir bir say\u0131 yoktur. Veriler tan\u0131mlay\u0131c\u0131d\u0131r, \u00f6l\u00e7\u00fclm\u00fc\u015f de\u011fildir.<\/p>\n\n\n\n<h3 class=\"wp-block-heading\">Hormonal de\u011fi\u015fiklikler: ins\u00fclinin rol\u00fc<\/h3>\n\n\n\n<p class=\"wp-block-paragraph\">Diyabet \u00e7o\u011fu zaman sa\u00e7 b\u00fcy\u00fcmesini do\u011frudan etkileyebilecek hormonal de\u011fi\u015fiklikleri de beraberinde getirir. <a href=\"https:\/\/tr.wikipedia.org\/wiki\/%C4%B0ns%C3%BClin\" target=\"_blank\" rel=\"noopener\">\u0130ns\u00fclin<\/a>, yani kan \u015fekerini d\u00fczenleyen hormon, bir\u00e7ok metabolik s\u00fcre\u00e7te anahtar rol oynar.<\/p>\n\n\n\n<p class=\"wp-block-paragraph\">Diyabette s\u0131k g\u00f6r\u00fcld\u00fc\u011f\u00fc gibi dengesiz bir ins\u00fclin d\u00fczeyi, sa\u00e7 d\u00f6ng\u00fcs\u00fcn\u00fc bozabilir ve sa\u00e7lar\u0131n b\u00fcy\u00fcme faz\u0131n\u0131 k\u0131saltabilir. Bunun \u00f6tesinde hormonal dalgalanmalar v\u00fccudu ek olarak zorlar ve sa\u00e7 b\u00fcy\u00fcmesini daha da bask\u0131layabilir. Bu yol i\u00e7in insan folik\u00fcl\u00fcnde do\u011frudan bir kan\u0131t bug\u00fcne dek yoktur, ba\u011flant\u0131 kan\u0131tlanm\u0131\u015f de\u011fil, akla yatk\u0131n kabul edilmektedir.<\/p>\n\n\n\n<p class=\"wp-block-paragraph\">\u0130kinci hormonal etki daha iyi belgelenmi\u015ftir: y\u00fcksek ins\u00fclin d\u00fczeyleri, cinsiyet hormonu ba\u011flay\u0131c\u0131 globulini (SHBG) d\u00fc\u015f\u00fcr\u00fcr. B\u00f6ylece folik\u00fclde DHT&#8217;ye d\u00f6n\u00fc\u015fen serbest, biyolojik olarak aktif testosteronun oran\u0131 artar. Bu, bir sonraki b\u00f6l\u00fcmde daha ayr\u0131nt\u0131l\u0131 ele al\u0131nan androgenetik alopesiye giden mekanik k\u00f6pr\u00fcd\u00fcr.<\/p>\n\n\n\n<h3 class=\"wp-block-heading\">AGE&#8217;ler ve glikasyon: y\u00fcksek kan \u015fekeri dokuyu neden ya\u015fland\u0131r\u0131r?<\/h3>\n\n\n\n<p class=\"wp-block-paragraph\">\u0130leri glikasyon son \u00fcr\u00fcnleri (AGE&#8217;ler), \u015fekerin proteinlere kal\u0131c\u0131 olarak ba\u011flanmas\u0131yla olu\u015fur. Deride \u00f6l\u00e7\u00fclebilir bi\u00e7imde birikir, kollajeni sertle\u015ftirir ve dokunun esnekli\u011fini bozar (Wang ve ark. 2024, Experimental Dermatology). 2025 tarihli bir \u00e7al\u0131\u015fma AGE izlerini do\u011frudan sa\u00e7ta bile saptayabildi ve bunlar\u0131 diyabet ile ya\u015flanma i\u00e7in invaziv olmayan bir belirte\u00e7 olarak tart\u0131\u015f\u0131yor.<\/p>\n\n\n\n<p class=\"wp-block-paragraph\">Do\u011fru de\u011ferlendirme i\u00e7in \u00f6nemli: AGE&#8217;lerin sa\u00e7 folik\u00fcl\u00fcn\u00fcn kendisine zarar verdi\u011fi ve b\u00fcy\u00fcme faz\u0131n\u0131 k\u0131saltt\u0131\u011f\u0131 bug\u00fcne dek a\u011f\u0131rl\u0131kl\u0131 olarak h\u00fccre k\u00fclt\u00fcrlerinde ve deri modellerinde g\u00f6sterilmi\u015ftir, insanda klinik \u00e7al\u0131\u015fmalarda de\u011fil. Mekanizma deri ya\u015flanmas\u0131 i\u00e7in iyi belgelenmi\u015f ve folik\u00fcl \u00e7evresi i\u00e7in akla yatk\u0131nd\u0131r, ancak kan\u0131tlanm\u0131\u015f bir sa\u00e7 d\u00f6k\u00fclmesi nedeni de\u011fildir.<\/p>\n\n\n\n<h3 class=\"wp-block-heading\">Kronik inflamasyon ve oksidatif stres: dokuda ne oluyor?<\/h3>\n\n\n\n<p class=\"wp-block-paragraph\">Diyabet, kronik d\u00fc\u015f\u00fck dereceli bir inflamasyon durumu olarak kabul edilir. IL-6 ve TNF-alfa gibi pro-inflamatuvar sitokinler folik\u00fcler k\u00f6k h\u00fccrelerin i\u015flevini bask\u0131lar ve sa\u00e7\u0131n minyat\u00fcrle\u015fmesini kolayla\u015ft\u0131r\u0131r, y\u00fcksek inflamasyon belirte\u00e7leri sa\u00e7 d\u00f6k\u00fclmesi tedavisine daha zay\u0131f yan\u0131tla birlikte g\u00f6r\u00fcl\u00fcr (androgenetik alopeside perifolik\u00fcler inflamasyon \u00fczerine derleme, Dove Medical Press).<\/p>\n\n\n\n<p class=\"wp-block-paragraph\">Burada da d\u00fcr\u00fcst bir s\u0131n\u0131rlama gerekiyor: diyabette CRP veya IL-6 de\u011ferlerini \u00f6l\u00e7\u00fclm\u00fc\u015f sa\u00e7 kayb\u0131yla ili\u015fkilendiren kendine ait bir kohort \u00e7al\u0131\u015fmas\u0131 yoktur. \u0130nflamasyon, iki hastal\u0131\u011f\u0131n ortak patofizyolojik paydas\u0131d\u0131r, kan\u0131tlanm\u0131\u015f bir nedensellik zinciri de\u011fildir.<\/p>\n\n\n\n<h3 class=\"wp-block-heading\">Stres ve otoimm\u00fcn reaksiyonlar: v\u00fccut i\u00e7in y\u00fckler<\/h3>\n\n\n\n<p class=\"wp-block-paragraph\">Diyabet yaln\u0131zca bedensel de\u011fil, ruhsal y\u00fckler de getirir. Hastal\u0131\u011f\u0131n yol a\u00e7t\u0131\u011f\u0131 stres, <a href=\"https:\/\/www.ncbi.nlm.nih.gov\/books\/NBK430848\/\" target=\"_blank\" rel=\"noopener\">telojen efluvium<\/a> tablosunu tetikleyebilir, bu tabloda bir\u00e7ok sa\u00e7 folik\u00fcl\u00fc ayn\u0131 anda dinlenme faz\u0131na ge\u00e7er. D\u00f6k\u00fclme o zaman yayg\u0131n ve gecikmeli olarak, \u00e7o\u011funlukla tetikleyici olaydan 2 ila 3 ay sonra kendini g\u00f6sterir.<\/p>\n\n\n\n<p class=\"wp-block-paragraph\">Ayr\u0131ca diyabet, <a href=\"\/tr\/sackiran\/\">alopesi areata<\/a>gibi otoimm\u00fcn hastal\u0131klar\u0131n riskini art\u0131r\u0131r, bu hastal\u0131kta ba\u011f\u0131\u015f\u0131kl\u0131k sistemi sa\u00e7 folik\u00fcllerine sald\u0131r\u0131r ve kel alanlara yol a\u00e7ar. \u0130ster dola\u015f\u0131m bozukluklar\u0131, ister <a href=\"\/tr\/hormonal-sac-dokulmesi\/\">hormonal de\u011fi\u015fiklikler<\/a> isterse stres yoluyla olsun: diyabet, sa\u00e7 d\u00f6k\u00fclmesini farkl\u0131 yollardan kolayla\u015ft\u0131rabilir.<\/p>\n\n\n\n<p class=\"wp-block-paragraph\">Hedefe y\u00f6nelik \u00f6nlemler ve tedavilerle diyabetin sa\u00e7lar \u00fczerindeki etkileri \u00e7o\u011fu zaman azalt\u0131labilir ve sa\u00e7 d\u00f6k\u00fclmesinin yayg\u0131n, metabolizma kaynakl\u0131 pay\u0131 gerileyebilir.<\/p>\n\n\n<div class=\"wp-block-image\">\n<figure class=\"aligncenter size-large is-resized\" style=\"max-width:560px;margin-left:auto;margin-right:auto\"><img decoding=\"async\" src=\"https:\/\/elithair.com\/tr\/wp-content\/uploads\/sites\/10\/2026\/08\/mechanismen_follikel__tr.png\" alt=\"Diyabetin sa\u00e7 b\u00fcy\u00fcmesini bozdu\u011fu d\u00f6rt mekanizmayla birlikte deri kesitinde sa\u00e7 folik\u00fcl\u00fc \u00e7izimi\" class=\"wp-image-83804\" style=\"width:560px;max-width:100%;height:auto\"\/><\/figure>\n<\/div>\n\n\n<p class=\"wp-block-paragraph\">Bu yollar\u0131n ne kadar g\u00fc\u00e7l\u00fc etki etti\u011fi, diyabetin tipinden \u00e7ok arkas\u0131ndaki ins\u00fclin direncine ba\u011fl\u0131d\u0131r. Son y\u0131llar\u0131n en ilgi \u00e7ekici \u00e7al\u0131\u015fma verileri de tam burada ba\u015fl\u0131yor.<\/p>\n\n\n\n<h2 class=\"wp-block-heading\">\u0130ns\u00fclin direnci ve sa\u00e7 d\u00f6k\u00fclmesi: \u00e7al\u0131\u015fmalar ne g\u00f6steriyor?<\/h2>\n\n\n\n<p class=\"wp-block-paragraph\">\u0130ns\u00fclin direnci sa\u00e7 d\u00f6k\u00fclmesine neden olmaz. Ancak istatistiksel olarak erken ba\u015flang\u0131\u00e7l\u0131 androgenetik alopesi ve metabolik sendromla ili\u015fkilidir. Erden, Yorulmaz ve Yal\u00e7\u0131n (2025, Journal of Cosmetic Dermatology), 18 ile 35 ya\u015f aras\u0131 200 erkekle yapt\u0131klar\u0131 vaka-kontrol \u00e7al\u0131\u015fmas\u0131nda ins\u00fclin direncini (HOMA-IR 2,7 ve \u00fczeri) hastalar\u0131n y\u00fczde 18&#8217;inde, kontrollerin ise y\u00fczde 4&#8217;\u00fcnde saptad\u0131 (p = 0,003).<\/p>\n\n\n\n<p class=\"wp-block-paragraph\">Ayn\u0131 \u00e7al\u0131\u015fma metabolik sendromu y\u00fczde 21&#8217;e kar\u015f\u0131 y\u00fczde 9 oran\u0131nda buldu (p = 0,011), ayr\u0131ca anlaml\u0131 bi\u00e7imde daha y\u00fcksek a\u00e7l\u0131k ins\u00fclini (p = 0,005), daha y\u00fcksek trigliserit (p = 0,043) ve daha geni\u015f bel \u00e7evresi (p = 0,026) saptad\u0131. Hamilton-Norwood \u00f6l\u00e7e\u011finde evre y\u00fckseldik\u00e7e ins\u00fclin direncinin s\u0131kl\u0131\u011f\u0131 da artt\u0131.<\/p>\n\n\n\n<p class=\"wp-block-paragraph\">Bu, daha eski verilerle uyumlu: Scientific Reports&#8217;ta 2017&#8217;de yay\u0131mlanan bir meta-analiz, erken ba\u015flang\u0131\u00e7l\u0131 androgenetik alopesi olan gen\u00e7 erkeklerde kontrollere g\u00f6re anlaml\u0131 bi\u00e7imde daha y\u00fcksek ins\u00fclin ve HOMA de\u011ferleri buldu. BMC Public Health&#8217;te 2026&#8217;da yay\u0131mlanan sistematik bir derleme ise ins\u00fclin direncini, baba taraf\u0131ndaki aile \u00f6yk\u00fcs\u00fcn\u00fcn yan\u0131nda ba\u015fl\u0131 ba\u015f\u0131na bir risk fakt\u00f6r\u00fc olarak s\u0131ral\u0131yor.<\/p>\n\n\n\n<p class=\"wp-block-paragraph\">Bu \u00e7al\u0131\u015fmalar\u0131n g\u00f6stermedikleri en az bu kadar \u00f6nemli. \u00c7al\u0131\u015fmalar k\u00fc\u00e7\u00fck (100 ila 200 kat\u0131l\u0131mc\u0131), \u00e7o\u011funlukla tek merkezden ve kesitsel ya da vaka-kontrol tasar\u0131m\u0131nda. Bu da y\u00f6n\u00fc belirlemeye izin vermez: ins\u00fclin direncinin sa\u00e7 d\u00f6k\u00fclmesinden \u00f6nce mi geldi\u011fi, yoksa her ikisinin ortak bir nedeni mi oldu\u011fu a\u00e7\u0131k de\u011fildir.<\/p>\n\n\n\n<p class=\"wp-block-paragraph\">Ayr\u0131ca neredeyse yaln\u0131zca erken ba\u015flang\u0131\u00e7l\u0131 sa\u00e7 d\u00f6k\u00fclmesi olan erkekler incelenmi\u015ftir. Kad\u0131nlar ve ge\u00e7 ba\u015flang\u0131\u00e7l\u0131 d\u00f6k\u00fclme i\u00e7in veriler yetersizdir. Ve ins\u00fclin duyarl\u0131l\u0131\u011f\u0131n\u0131 iyile\u015ftiren bir tedavinin sa\u00e7lar\u0131 geri getirdi\u011fini g\u00f6steren hi\u00e7bir \u00e7al\u0131\u015fma yoktur. Bunu iddia eden, kan\u0131tlar\u0131n \u00f6tesine ge\u00e7mi\u015f olur.<\/p>\n\n\n\n<p class=\"wp-block-paragraph\">Bu nedenle mekanik a\u00e7\u0131klama bir hipotez olarak kal\u0131r: hiperins\u00fclinemi SHBG&#8217;yi d\u00fc\u015f\u00fcr\u00fcr, serbest testosteron artar, duyarl\u0131 folik\u00fclde daha fazla DHT etki eder, minyat\u00fcrle\u015fme h\u0131zlan\u0131r. Buna perifolik\u00fcler mikrodola\u015f\u0131m\u0131n bozulmas\u0131 eklenir. Akla yatk\u0131n ve \u00f6l\u00e7\u00fcm de\u011ferleriyle tutarl\u0131, ama kan\u0131tlanm\u0131\u015f de\u011fil.<\/p>\n\n\n\n<h3 class=\"wp-block-heading\">Bu pratikte ne anlama geliyor: HOMA indeksi, a\u00e7l\u0131k ins\u00fclini ve ya\u015fam tarz\u0131<\/h3>\n\n\n\n<p class=\"wp-block-paragraph\">HOMA indeksi (HOMA-IR), ins\u00fclin direncini iki a\u00e7l\u0131k de\u011ferinden tahmin eder. Form\u00fcl \u015fudur: mililitre ba\u015f\u0131na mikro\u00fcnite cinsinden a\u00e7l\u0131k ins\u00fclini \u00e7arp\u0131 desilitre ba\u015f\u0131na miligram cinsinden a\u00e7l\u0131k glukozu, b\u00f6l\u00fc 405. Normal aral\u0131k olarak s\u0131kl\u0131kla 0,7 ila 2,0 kabul edilir, kan al\u0131m\u0131 i\u00e7in 8 ila 12 saatlik a\u00e7l\u0131k gerekir.<\/p>\n\n\n\n<p class=\"wp-block-paragraph\">S\u0131n\u0131r de\u011ferde i\u015fler bulan\u0131kla\u015f\u0131yor ve bunun s\u00f6ylenmesi gerekiyor: baz\u0131 yazarlar 1,9&#8217;dan itibaren ba\u015flayan bir ins\u00fclin direnci g\u00f6r\u00fcyor, NHANES s\u0131n\u0131r\u0131 2,5, yukar\u0131da al\u0131nt\u0131lanan sa\u00e7 d\u00f6k\u00fclmesi \u00e7al\u0131\u015fmas\u0131 2,7 kulland\u0131, Asya pop\u00fclasyonlar\u0131 i\u00e7in 1,4 ila 2,5 tart\u0131\u015f\u0131l\u0131yor. Hi\u00e7bir uzmanl\u0131k derne\u011fi ortak bir e\u015fik de\u011feri onaylam\u0131\u015f de\u011fil (mdcalc.com, 2026).<\/p>\n\n\n\n<p class=\"wp-block-paragraph\">Dolay\u0131s\u0131yla HOMA-IR bir sa\u00e7 d\u00f6k\u00fclmesi testi de\u011fil, bir metabolizma testidir. Sa\u00e7\u0131n\u0131z\u0131 neden kaybetti\u011finizi de\u011fil, arka planda zaten dikkat gerektiren bir ins\u00fclin direncinin olup olmad\u0131\u011f\u0131n\u0131 yan\u0131tlar.<\/p>\n\n\n\n<p class=\"wp-block-paragraph\">\u0130ns\u00fclin duyarl\u0131l\u0131\u011f\u0131 \u00fczerindeki kan\u0131tlanm\u0131\u015f kald\u0131ra\u00e7lar g\u00f6steri\u015fsiz ama etkilidir: kilo verme, d\u00fczenli dayan\u0131kl\u0131l\u0131k antrenman\u0131 ile kuvvet antrenman\u0131n\u0131n birle\u015fimi ve yeterli uyku. Standart \u00f6neri, haftada 150 dakika orta d\u00fczeyde harekettir (D\u00fcnya Sa\u011fl\u0131k \u00d6rg\u00fct\u00fc&#8217;n\u00fcn hareket \u00f6nerisi). Bununla bir sa\u00e7 b\u00fcy\u00fcmesi vaadi verilmez, ama metabolik bir fayda s\u00f6z konusudur.<\/p>\n\n\n\n<h3 class=\"wp-block-heading\">Metabolik bir sinyal olarak erken ba\u015flayan sa\u00e7 d\u00f6k\u00fclmesi<\/h3>\n\n\n\n<p class=\"wp-block-paragraph\">Bu \u00e7al\u0131\u015fma verilerinden \u00e7\u0131kan, pratikte en de\u011ferli nokta gen\u00e7 erkekleri ilgilendiriyor. Genetik sa\u00e7 d\u00f6k\u00fclmesi 30 ila 35 ya\u015f\u0131ndan belirgin bi\u00e7imde \u00f6nce ba\u015fl\u0131yorsa, tansiyona, kan ya\u011flar\u0131na ve a\u00e7l\u0131k glukozuna bakmakta yarar var. Dermatolojide bu yakla\u015f\u0131m giderek daha \u00e7ok tart\u0131\u015f\u0131l\u0131yor, buna dair bir uzmanl\u0131k derne\u011finin resm\u00ee tarama \u00f6nerisi ise yok.<\/p>\n\n\n\n<p class=\"wp-block-paragraph\">Buradaki d\u00fc\u015f\u00fcnce sa\u00e7 d\u00f6k\u00fclmesini tedavi etmek de\u011fil, sessiz seyreden bir metabolik bozuklu\u011fu y\u0131llar \u00f6nce yakalamak. Sa\u00e7lar\u0131n kendisi i\u00e7in bu bulgu ba\u015flang\u0131\u00e7ta bir \u015fey de\u011fi\u015ftirmez. Kalp, damarlar ve diyabet riski i\u00e7in ise \u00e7ok \u015fey de\u011fi\u015ftirebilir.<\/p>\n\n\n<div class=\"wp-block-image\">\n<figure class=\"aligncenter size-large is-resized\" style=\"max-width:560px;margin-left:auto;margin-right:auto\"><img decoding=\"async\" src=\"https:\/\/elithair.com\/tr\/wp-content\/uploads\/sites\/10\/2026\/08\/insulinresistenz_kette__tr.png\" alt=\"\u0130ns\u00fclin direncinden hiperins\u00fclinemi ve SHBG \u00fczerinden sa\u00e7 folik\u00fcl\u00fcn\u00fcn minyat\u00fcrle\u015fmesine uzanan, tart\u0131\u015f\u0131lan zincirin \u015femas\u0131\" class=\"wp-image-83805\" style=\"width:560px;max-width:100%;height:auto\"\/><\/figure>\n<\/div>\n\n\n<h2 class=\"wp-block-heading\">Diyabette sa\u00e7 d\u00f6k\u00fclmesi nas\u0131l kendini g\u00f6sterir?<\/h2>\n\n\n\n<figure class=\"wp-block-image size-full\"><img decoding=\"async\" src=\"https:\/\/elithair.com\/tr\/wp-content\/uploads\/sites\/10\/2026\/08\/bestand_97301.png\" alt=\"Bir doktor, sa\u00e7 d\u00f6k\u00fclmesi ya\u015fayan bir hastan\u0131n ba\u015f\u0131n\u0131 muayene ediyor\" class=\"wp-image-83816\"\/><\/figure>\n\n\n\n<p class=\"wp-block-paragraph\">Diyabette sa\u00e7 d\u00f6k\u00fclmesi \u00e7o\u011fu vakada, \u015fakak k\u00f6\u015feleriyle seyreden bir patern olarak de\u011fil, ba\u015f\u0131n tamam\u0131nda e\u015fit bir seyrelme olarak g\u00f6r\u00fcl\u00fcr. Diyabete ba\u011fl\u0131 sa\u00e7 d\u00f6k\u00fclmesi, altta yatan nedenlere ve v\u00fccudun bireysel tepkisine g\u00f6re farkl\u0131 bi\u00e7imlerde ortaya \u00e7\u0131kabilir. Belirtiler \u00e7o\u011fu zaman siliktir, ancak sa\u00e7 kayb\u0131n\u0131n hastal\u0131kla ili\u015fkili oldu\u011funa dair \u00f6nemli ipu\u00e7lar\u0131 verebilir.<\/p>\n\n\n\n<h3 class=\"wp-block-heading\">Tipik paternler: seyrelme ve alacal\u0131 sa\u00e7 kayb\u0131<\/h3>\n\n\n\n<p class=\"wp-block-paragraph\">Diyabetli bir\u00e7ok ki\u015fi sa\u00e7\u0131n\u0131n yava\u015f yava\u015f inceldi\u011fini, \u00e7o\u011fu zaman ba\u015f\u0131n tamam\u0131na e\u015fit da\u011f\u0131lm\u0131\u015f bi\u00e7imde fark eder (<a href=\"\/tr\/diffuz-sac-dokulmesi\/\">yayg\u0131n sa\u00e7 d\u00f6k\u00fclmesi<\/a>). Artan sa\u00e7 kayb\u0131 \u00f6zellikle tararken veya sa\u00e7 y\u0131karken g\u00f6ze \u00e7arpar.<\/p>\n\n\n\n<p class=\"wp-block-paragraph\">Yol g\u00f6sterici bir \u00f6l\u00e7\u00fct: 24 saatte 100 veya daha fazla sa\u00e7 toplan\u0131yorsa bu telojen efluviuma i\u015faret eder (StatPearls, NCBI Bookshelf). Hekimin yapt\u0131\u011f\u0131 \u00e7ekme testinde (pull test), hafif bir \u00e7eki\u015fle ayn\u0131 anda en az 4 sa\u00e7 geliyorsa bulgu anlaml\u0131 kabul edilir. \u0130kisi de birer ipucudur, tan\u0131 de\u011fildir.<\/p>\n\n\n\n<p class=\"wp-block-paragraph\">Buna kar\u015f\u0131l\u0131k otoimm\u00fcn bir reaksiyonda sa\u00e7 kayb\u0131 alacal\u0131 olabilir, sa\u00e7l\u0131 deride veya k\u0131ll\u0131 di\u011fer v\u00fccut b\u00f6lgelerinde aniden olu\u015fan kel alanlar g\u00f6r\u00fcl\u00fcr.<\/p>\n\n\n\n<h3 class=\"wp-block-heading\">Di\u011fer t\u00fcrlerden ayr\u0131m\u0131<\/h3>\n\n\n\n<p class=\"wp-block-paragraph\">Diyabetteki sa\u00e7 kayb\u0131n\u0131 di\u011fer bi\u00e7imlerden ay\u0131rmak \u00f6nemlidir, \u00f6rne\u011fin genetik sa\u00e7 d\u00f6k\u00fclmesinden (androgenetik alopesi).<\/p>\n\n\n\n<p class=\"wp-block-paragraph\">Genetik sa\u00e7 d\u00f6k\u00fclmesi \u00e7o\u011funlukla \u015fakak k\u00f6\u015feleri ya da tepe gibi belirli b\u00f6lgelerde ortaya \u00e7\u0131k\u0131p net bir paterni izlerken, diyabetteki d\u00f6k\u00fclme \u00e7o\u011fu zaman yayg\u0131nd\u0131r ya da ba\u015fka bedensel belirtilerle birlikte g\u00f6r\u00fcl\u00fcr. Sa\u00e7 ila\u00e7lar\u0131na veya sa\u00e7 ekimine yaln\u0131zca genetik pay yan\u0131t verir, paterni belirlemenin en ba\u015fta gelmesinin nedeni tam olarak budur.<\/p>\n\n\n\n<style>\n@media (max-width:640px){\n.rt-table-wrap{overflow-x:visible!important;border:0!important;border-radius:0!important}\n.rt-table{min-width:0!important}\n.rt-table thead{display:none}\n.rt-table,.rt-table tbody,.rt-table tr,.rt-table td{display:block;width:100%}\n.rt-table caption{display:block;padding:0 0 12px!important}\n.rt-table tr{margin:0 0 12px;border:1px solid #dbe4f0;border-radius:10px;overflow:hidden}\n.rt-table tr:last-child{margin-bottom:0}\n.rt-table td{display:flex!important;flex-direction:column;gap:3px;padding:12px 14px!important;\nborder:0!important;border-bottom:1px solid #e3e8ef!important;background:#ffffff!important}\n.rt-table tr td:last-child{border-bottom:0!important}\n.rt-table td::before{content:attr(data-label);font-size:12px;font-weight:700;letter-spacing:.04em;\ntext-transform:uppercase;color:#5799F1}\n.rt-table td:not([data-label])::before,.rt-table td[data-label=\"\"]::before{display:none}\n}\n<\/style>\n<div class=\"rt-table-wrap\" style=\"overflow-x:auto;-webkit-overflow-scrolling:touch;margin:28px 0;border:1px solid #dbe4f0;border-radius:12px\">\n  <table class=\"rt-table\" style=\"width:100%;min-width:660px;table-layout:fixed;border-collapse:separate;border-spacing:0;font-size:15px;margin:0\">\n    <caption style=\"caption-side:top;text-align:left;color:#003366;font-weight:700;font-size:16px;line-height:1.35;padding:14px 16px 10px;background:#ffffff\">Diyabette sa\u00e7 d\u00f6k\u00fclmesini yerli yerine oturtmak: tablo b\u00fcy\u00fck olas\u0131l\u0131kla ne anlama geliyor ve s\u0131rada neyi netle\u015ftirmek var<\/caption>\n    <thead>\n      <tr>\n        <th style=\"width:22%;background:#003366;color:#ffffff;font-weight:700;text-align:left;vertical-align:middle;padding:13px 16px;font-size:15px;line-height:1.4;border:0;overflow-wrap:break-word\">G\u00f6rd\u00fc\u011f\u00fcn\u00fcz<\/th>\n        <th style=\"background:#003366;color:#ffffff;font-weight:700;text-align:left;vertical-align:middle;padding:13px 16px;font-size:15px;line-height:1.4;border:0;overflow-wrap:break-word\">E\u015flik eden belirtiler<\/th>\n        <th style=\"background:#003366;color:#ffffff;font-weight:700;text-align:left;vertical-align:middle;padding:13px 16px;font-size:15px;line-height:1.4;border:0;overflow-wrap:break-word\">Olas\u0131 neden<\/th>\n        <th style=\"background:#003366;color:#ffffff;font-weight:700;text-align:left;vertical-align:middle;padding:13px 16px;font-size:15px;line-height:1.4;border:0;overflow-wrap:break-word\">Sonraki ad\u0131m<\/th>\n      <\/tr>\n    <\/thead>\n    <tbody>\n      <tr>\n        <td data-label=\"G\u00f6rd\u00fc\u011f\u00fcn\u00fcz\" style=\"background:#ffffff;color:#003366;font-weight:700;text-align:left;vertical-align:top;padding:13px 16px;font-size:15px;line-height:1.55;border:0;border-bottom:1px solid #e3e8ef;overflow-wrap:break-word\">Ba\u015f\u0131n tamam\u0131nda e\u015fit seyrelme, y\u0131karken \u00e7ok say\u0131da sa\u00e7<\/td>\n        <td data-label=\"E\u015flik eden belirtiler\" style=\"background:#ffffff;color:#22303e;font-weight:400;text-align:left;vertical-align:top;padding:13px 16px;font-size:15px;line-height:1.55;border:0;border-bottom:1px solid #e3e8ef;overflow-wrap:break-word\">HbA1c y\u00fcksek, yorgunluk, kuru cilt<\/td>\n        <td data-label=\"Olas\u0131 neden\" style=\"background:#ffffff;color:#22303e;font-weight:400;text-align:left;vertical-align:top;padding:13px 16px;font-size:15px;line-height:1.55;border:0;border-bottom:1px solid #e3e8ef;overflow-wrap:break-word\">Metabolik olarak tetiklenmi\u015f yayg\u0131n telojen efluvium<\/td>\n        <td data-label=\"Sonraki ad\u0131m\" style=\"background:#ffffff;color:#22303e;font-weight:400;text-align:left;vertical-align:top;padding:13px 16px;font-size:15px;line-height:1.55;border:0;border-bottom:1px solid #e3e8ef;overflow-wrap:break-word\">HbA1c, ferritin, TSH ve B12 vitamini \u00f6l\u00e7t\u00fcr\u00fcn, metabolizmay\u0131 dengeleyin<\/td>\n      <\/tr>\n      <tr>\n        <td data-label=\"G\u00f6rd\u00fc\u011f\u00fcn\u00fcz\" style=\"background:#f6f9fc;color:#003366;font-weight:700;text-align:left;vertical-align:top;padding:13px 16px;font-size:15px;line-height:1.55;border:0;border-bottom:1px solid #e3e8ef;overflow-wrap:break-word\">\u015eakak k\u00f6\u015felerinde a\u00e7\u0131lma, seyrelmi\u015f tepe, geri \u00e7ekilen \u00f6n sa\u00e7 \u00e7izgisi<\/td>\n        <td data-label=\"E\u015flik eden belirtiler\" style=\"background:#f6f9fc;color:#22303e;font-weight:400;text-align:left;vertical-align:top;padding:13px 16px;font-size:15px;line-height:1.55;border:0;border-bottom:1px solid #e3e8ef;overflow-wrap:break-word\">ailede s\u0131k g\u00f6r\u00fclmesi, 30 ya\u015f\u0131ndan \u00f6nce ba\u015flamas\u0131<\/td>\n        <td data-label=\"Olas\u0131 neden\" style=\"background:#f6f9fc;color:#22303e;font-weight:400;text-align:left;vertical-align:top;padding:13px 16px;font-size:15px;line-height:1.55;border:0;border-bottom:1px solid #e3e8ef;overflow-wrap:break-word\">Androgenetik alopesi, muhtemelen ins\u00fclin direnciyle ili\u015fkili<\/td>\n        <td data-label=\"Sonraki ad\u0131m\" style=\"background:#f6f9fc;color:#22303e;font-weight:400;text-align:left;vertical-align:top;padding:13px 16px;font-size:15px;line-height:1.55;border:0;border-bottom:1px solid #e3e8ef;overflow-wrap:break-word\">Paterni belirletin, ayr\u0131ca tansiyon, kan ya\u011flar\u0131 ve a\u00e7l\u0131k glukozuna bakt\u0131r\u0131n<\/td>\n      <\/tr>\n      <tr>\n        <td data-label=\"G\u00f6rd\u00fc\u011f\u00fcn\u00fcz\" style=\"background:#ffffff;color:#003366;font-weight:700;text-align:left;vertical-align:top;padding:13px 16px;font-size:15px;line-height:1.55;border:0;border-bottom:1px solid #e3e8ef;overflow-wrap:break-word\">Yuvarlak, keskin s\u0131n\u0131rl\u0131 kel alanlar, sakalda da olabilir<\/td>\n        <td data-label=\"E\u015flik eden belirtiler\" style=\"background:#ffffff;color:#22303e;font-weight:400;text-align:left;vertical-align:top;padding:13px 16px;font-size:15px;line-height:1.55;border:0;border-bottom:1px solid #e3e8ef;overflow-wrap:break-word\">Tip 1 diyabet, anormal tiroit de\u011ferleri, t\u0131rnak de\u011fi\u015fiklikleri<\/td>\n        <td data-label=\"Olas\u0131 neden\" style=\"background:#ffffff;color:#22303e;font-weight:400;text-align:left;vertical-align:top;padding:13px 16px;font-size:15px;line-height:1.55;border:0;border-bottom:1px solid #e3e8ef;overflow-wrap:break-word\">Alopesi areata (otoimm\u00fcn)<\/td>\n        <td data-label=\"Sonraki ad\u0131m\" style=\"background:#ffffff;color:#22303e;font-weight:400;text-align:left;vertical-align:top;padding:13px 16px;font-size:15px;line-height:1.55;border:0;border-bottom:1px solid #e3e8ef;overflow-wrap:break-word\">Dermatolojik de\u011ferlendirme, TSH ve otoantikorlar\u0131n bak\u0131lmas\u0131<\/td>\n      <\/tr>\n      <tr>\n        <td data-label=\"G\u00f6rd\u00fc\u011f\u00fcn\u00fcz\" style=\"background:#f6f9fc;color:#003366;font-weight:700;text-align:left;vertical-align:top;padding:13px 16px;font-size:15px;line-height:1.55;border:0;border-bottom:1px solid #e3e8ef;overflow-wrap:break-word\">Tepe b\u00f6lgesinde seyrelme, \u00f6n sa\u00e7 \u00e7izgisi korunuyor, v\u00fccut k\u0131llanmas\u0131nda art\u0131\u015f<\/td>\n        <td data-label=\"E\u015flik eden belirtiler\" style=\"background:#f6f9fc;color:#22303e;font-weight:400;text-align:left;vertical-align:top;padding:13px 16px;font-size:15px;line-height:1.55;border:0;border-bottom:1px solid #e3e8ef;overflow-wrap:break-word\">Adet d\u00fczensizlikleri, akne, ins\u00fclin direnci<\/td>\n        <td data-label=\"Olas\u0131 neden\" style=\"background:#f6f9fc;color:#22303e;font-weight:400;text-align:left;vertical-align:top;padding:13px 16px;font-size:15px;line-height:1.55;border:0;border-bottom:1px solid #e3e8ef;overflow-wrap:break-word\">Kad\u0131n tipi patern, PKOS \u015f\u00fcphesi<\/td>\n        <td data-label=\"Sonraki ad\u0131m\" style=\"background:#f6f9fc;color:#22303e;font-weight:400;text-align:left;vertical-align:top;padding:13px 16px;font-size:15px;line-height:1.55;border:0;border-bottom:1px solid #e3e8ef;overflow-wrap:break-word\">Kad\u0131n hastal\u0131klar\u0131 veya endokrinoloji: testosteron, SHBG, HOMA-IR<\/td>\n      <\/tr>\n      <tr>\n        <td data-label=\"G\u00f6rd\u00fc\u011f\u00fcn\u00fcz\" style=\"background:#ffffff;color:#003366;font-weight:700;text-align:left;vertical-align:top;padding:13px 16px;font-size:15px;line-height:1.55;border:0;overflow-wrap:break-word\">Ka\u015f\u0131nt\u0131l\u0131, pullanan, k\u0131zarm\u0131\u015f sa\u00e7l\u0131 deri ve ayn\u0131 yerlerde sa\u00e7 kayb\u0131<\/td>\n        <td data-label=\"E\u015flik eden belirtiler\" style=\"background:#ffffff;color:#22303e;font-weight:400;text-align:left;vertical-align:top;padding:13px 16px;font-size:15px;line-height:1.55;border:0;overflow-wrap:break-word\">Yanma, p\u00fcst\u00fcller, kabuklanma<\/td>\n        <td data-label=\"Olas\u0131 neden\" style=\"background:#ffffff;color:#22303e;font-weight:400;text-align:left;vertical-align:top;padding:13px 16px;font-size:15px;line-height:1.55;border:0;overflow-wrap:break-word\">Sa\u00e7l\u0131 deride inflamasyon veya enfeksiyon<\/td>\n        <td data-label=\"Sonraki ad\u0131m\" style=\"background:#ffffff;color:#22303e;font-weight:400;text-align:left;vertical-align:top;padding:13px 16px;font-size:15px;line-height:1.55;border:0;overflow-wrap:break-word\">En k\u0131sa s\u00fcrede dermatolojiye ba\u015fvurun, kendi kendinize tedavi etmeyin<\/td>\n      <\/tr>\n    <\/tbody>\n  <\/table>\n<\/div>\n\n\n\n<p class=\"wp-block-paragraph\">Tablo bir yol g\u00f6stericidir ve tan\u0131n\u0131n yerini tutmaz. S\u0131kl\u0131kla iki bi\u00e7im bir arada bulunur, \u00f6rne\u011fin var olan androgenetik paternin \u00fczerine eklenen yayg\u0131n bir d\u00f6k\u00fclme. Bir <a href=\"\/tr\/sac-analizi\/\">sa\u00e7 analizi<\/a> g\u00f6rsel d\u00f6k\u00fclme paternini ve b\u00f6ylece hangi tedavinin s\u00f6z konusu olabilece\u011fini netle\u015ftirir.<\/p>\n\n\n\n<p class=\"wp-block-paragraph\">A\u00e7\u0131k\u00e7a s\u00f6ylemek gerekirse: bu analiz g\u00f6rsel bir patern de\u011ferlendirmesidir. Kan tahlilinin ve dermatolojik tan\u0131n\u0131n yerini tutmaz. Yayg\u0131n sa\u00e7 d\u00f6k\u00fclmesi olan ki\u015finin yeri \u00f6nce aile hekimi veya endokrinolojidir, sa\u00e7 ekimi dan\u0131\u015fmanl\u0131\u011f\u0131 de\u011fil.<\/p>\n\n\n\n<h3 class=\"wp-block-heading\">Di\u011fer belirtiler: sa\u00e7lar\u0131n yava\u015f uzamas\u0131<\/h3>\n\n\n\n<p class=\"wp-block-paragraph\">Diyabette d\u00f6k\u00fclen sa\u00e7lar \u00e7o\u011fu zaman daha yava\u015f uzar, \u00e7\u00fcnk\u00fc sa\u00e7 folik\u00fclleri besin ve oksijenle en iyi bi\u00e7imde beslenmez. Ek olarak kuru ya da tahri\u015f olmu\u015f sa\u00e7l\u0131 deri gibi belirtiler g\u00f6r\u00fclebilir, bu da dola\u015f\u0131m bozukluklar\u0131na veya zay\u0131flam\u0131\u015f bir deri bariyerine i\u015faret eder.<\/p>\n\n\n\n<p class=\"wp-block-paragraph\">Say\u0131larla ifade edersek: normalde sa\u00e7l\u0131 derideki sa\u00e7lar\u0131n y\u00fczde 85 ila 90&#8217;\u0131 b\u00fcy\u00fcme faz\u0131nda (anajen), y\u00fczde 10 ila 15&#8217;i dinlenme faz\u0131ndad\u0131r (telojen). Telojen efluviumda telojen oran\u0131 y\u00fczde 30 ila 50&#8217;ye \u00e7\u0131kar, belirgin vakalarda sa\u00e7lar\u0131n y\u00fczde 70&#8217;e varan bir b\u00f6l\u00fcm\u00fc erkenden dinlenme faz\u0131na ge\u00e7er (StatPearls).<\/p>\n\n\n\n<p class=\"wp-block-paragraph\">Bu belirtilerin dikkatle izlenmesi, sa\u00e7 d\u00f6k\u00fclmesini do\u011fru de\u011ferlendirmek ve hedefe y\u00f6nelik \u00f6nlem alabilmek i\u00e7in \u00f6nemlidir.<\/p>\n\n\n<div class=\"wp-block-image\">\n<figure class=\"aligncenter size-large is-resized\" style=\"max-width:560px;margin-left:auto;margin-right:auto\"><img decoding=\"async\" src=\"https:\/\/elithair.com\/tr\/wp-content\/uploads\/sites\/10\/2026\/08\/ausfallmuster_vergleich__tr.png\" alt=\"\u00dc\u00e7 d\u00f6k\u00fclme paterninin kar\u015f\u0131la\u015ft\u0131rmas\u0131: ba\u015f sil\u00fcetleriyle yayg\u0131n, androgenetik ve yuvarlak tip\" class=\"wp-image-83806\" style=\"width:560px;max-width:100%;height:auto\"\/><\/figure>\n<\/div>\n\n\n<h2 class=\"wp-block-heading\">Diyabette sa\u00e7l\u0131 deri neden ka\u015f\u0131n\u0131r ve bu sa\u00e7 i\u00e7in ne anlama gelir?<\/h2>\n\n\n\n<p class=\"wp-block-paragraph\">Ka\u015f\u0131nt\u0131 diyabette s\u0131k g\u00f6r\u00fcl\u00fcr: Tip 2 diyabetlilerde yap\u0131lan yeni ara\u015ft\u0131rmalar kronik ka\u015f\u0131nt\u0131y\u0131 hastalar\u0131n y\u00fczde 18,4 ila 30,9&#8217;unda sapt\u0131yor, 249 hastayla yap\u0131lan bir kesitsel \u00e7al\u0131\u015fmada bu oran y\u00fczde 30,9&#8217;du. Ka\u015f\u0131nt\u0131n\u0131n kendisi sa\u00e7 d\u00f6k\u00fclmesine yol a\u00e7maz. Ancak arkas\u0131ndaki nedenler ve s\u00fcrekli ka\u015f\u0131mak d\u00f6k\u00fclmeyi art\u0131rabilir.<\/p>\n\n\n\n<p class=\"wp-block-paragraph\">Say\u0131lar\u0131n aral\u0131\u011f\u0131 geni\u015f, \u00e7\u00fcnk\u00fc \u00e7al\u0131\u015fmalar ka\u015f\u0131nt\u0131y\u0131 farkl\u0131 tan\u0131ml\u0131yor. Diabetes Care&#8217;de 1986&#8217;da yay\u0131mlanan, y\u00f6ntemsel olarak daha dar tan\u0131ml\u0131 bir \u00e7al\u0131\u015fma, belirgin bir nedeni olmayan yayg\u0131n ka\u015f\u0131nt\u0131y\u0131 yaln\u0131zca y\u00fczde 2,7 oran\u0131nda buldu. Bu nedenle tek bir y\u00fczde okuyan herkesin bu say\u0131ya temkinli yakla\u015fmas\u0131 gerekir.<\/p>\n\n\n\n<p class=\"wp-block-paragraph\">Ayn\u0131 kohorttan gelen bir bulgu, her prevalans say\u0131s\u0131ndan daha fazla klinik \u00f6nem ta\u015f\u0131yor: ka\u015f\u0131nt\u0131s\u0131 olan hastalarda retinopati, nefropati, n\u00f6ropati ve periferik arter hastal\u0131\u011f\u0131 anlaml\u0131 bi\u00e7imde daha s\u0131k g\u00f6r\u00fcld\u00fc. Yani ka\u015f\u0131nt\u0131l\u0131 deri, ilerlemi\u015f komplikasyonlar i\u00e7in bir uyar\u0131 i\u015fareti olabilir ve hekim taraf\u0131ndan de\u011ferlendirilmelidir.<\/p>\n\n\n\n<h3 class=\"wp-block-heading\">En s\u0131k bulgu: kuru sa\u00e7l\u0131 deri (kseroz)<\/h3>\n\n\n\n<p class=\"wp-block-paragraph\">Diyabetik ka\u015f\u0131nt\u0131da a\u00e7\u0131k ara en s\u0131k g\u00f6r\u00fclen deri bulgusu kserozdur, yani kuru deri: ad\u0131 ge\u00e7en kohortta hastalar\u0131n y\u00fczde 64&#8217;\u00fcnde g\u00f6r\u00fcld\u00fc, ikinci s\u0131rada y\u00fczde 16 ile derinin mantar enfeksiyonlar\u0131 geliyor. Sa\u00e7l\u0131 deride bu, gerginlik hissi, ince pullanma ve \u015fampuana kar\u015f\u0131 hassasiyet olarak kendini g\u00f6sterir.<\/p>\n\n\n\n<p class=\"wp-block-paragraph\">Buna \u00fc\u00e7 mekanizma katk\u0131da bulunur: y\u00fcksek kan \u015fekeri de\u011ferlerinde v\u00fccut ozmotik di\u00fcrez yoluyla s\u0131v\u0131 kaybeder, deri bariyeri bozulur ve otonom n\u00f6ropatide ya\u011f ve ter \u00fcretimi azal\u0131r. Sa\u00e7l\u0131 deri b\u00f6ylece bak\u0131m\u0131n telafi edebilece\u011finden daha h\u0131zl\u0131 kurur.<\/p>\n\n\n\n<h3 class=\"wp-block-heading\">Diyabetik n\u00f6ropati ve ka\u015f\u0131nt\u0131<\/h3>\n\n\n\n<p class=\"wp-block-paragraph\">G\u00f6r\u00fcn\u00fcrde bir bulgu olmadan ka\u015f\u0131nt\u0131 varsa k\u00fc\u00e7\u00fck lif (small fiber) n\u00f6ropatisi akla gelir. Derinin ince sinir lifleri o zaman ka\u015f\u0131nt\u0131, yanma ya da kar\u0131ncalanma olarak alg\u0131lanan hatal\u0131 sinyaller g\u00f6nderir. Bu ba\u011flant\u0131 literat\u00fcrde tart\u0131\u015f\u0131lmaktad\u0131r, sa\u00e7l\u0131 deriye \u00f6zg\u00fc bir prevalans say\u0131s\u0131 yoktur.<\/p>\n\n\n\n<p class=\"wp-block-paragraph\">Pratikte \u00f6nemli olan madalyonun di\u011fer y\u00fcz\u00fc: n\u00f6ropatide sa\u00e7l\u0131 derideki k\u00fc\u00e7\u00fck yaralanmalar daha az hissedilir. Ka\u015f\u0131yan ki\u015fi ne zaman a\u015f\u0131r\u0131ya ka\u00e7t\u0131\u011f\u0131n\u0131 fark etmez. Bu nedenle diyabette sa\u00e7l\u0131 deri d\u00fczenli olarak yaln\u0131zca elle yoklanmamal\u0131, g\u00f6zle de kontrol edilmelidir.<\/p>\n\n\n\n<h3 class=\"wp-block-heading\">Sa\u00e7l\u0131 deri enfeksiyonlar\u0131: mantar, egzama, folik\u00fclit<\/h3>\n\n\n\n<p class=\"wp-block-paragraph\">Y\u00fcksek kan \u015fekeri mikroorganizmalar i\u00e7in elveri\u015fli bir ortam yarat\u0131rken ba\u011f\u0131\u015f\u0131kl\u0131k yan\u0131t\u0131n\u0131n bir b\u00f6l\u00fcm\u00fcn\u00fc de bask\u0131lar. Sa\u00e7l\u0131 deri mantar\u0131, seboreik egzama ve folik\u00fclit bu nedenle daha kolay ortaya \u00e7\u0131kar. Bunlar kuru sa\u00e7l\u0131 deriden k\u0131zar\u0131kl\u0131k, ya\u011fl\u0131 veya kabuklu pullar, p\u00fcst\u00fcller ve tam da etkilenen b\u00f6lgelerdeki sa\u00e7 kayb\u0131yla ayr\u0131l\u0131r.<\/p>\n\n\n\n<style>\n@media (max-width:640px){\n.rt-table-wrap{overflow-x:visible!important;border:0!important;border-radius:0!important}\n.rt-table{min-width:0!important}\n.rt-table thead{display:none}\n.rt-table,.rt-table tbody,.rt-table tr,.rt-table td{display:block;width:100%}\n.rt-table caption{display:block;padding:0 0 12px!important}\n.rt-table tr{margin:0 0 12px;border:1px solid #dbe4f0;border-radius:10px;overflow:hidden}\n.rt-table tr:last-child{margin-bottom:0}\n.rt-table td{display:flex!important;flex-direction:column;gap:3px;padding:12px 14px!important;\nborder:0!important;border-bottom:1px solid #e3e8ef!important;background:#ffffff!important}\n.rt-table tr td:last-child{border-bottom:0!important}\n.rt-table td::before{content:attr(data-label);font-size:12px;font-weight:700;letter-spacing:.04em;\ntext-transform:uppercase;color:#5799F1}\n.rt-table td:not([data-label])::before,.rt-table td[data-label=\"\"]::before{display:none}\n}\n<\/style>\n<div class=\"rt-table-wrap\" style=\"overflow-x:auto;-webkit-overflow-scrolling:touch;margin:28px 0;border:1px solid #dbe4f0;border-radius:12px\">\n  <table class=\"rt-table\" style=\"width:100%;min-width:660px;table-layout:fixed;border-collapse:separate;border-spacing:0;font-size:15px;margin:0\">\n    <caption style=\"caption-side:top;text-align:left;color:#003366;font-weight:700;font-size:16px;line-height:1.35;padding:14px 16px 10px;background:#ffffff\">Diyabette ka\u015f\u0131nt\u0131l\u0131 sa\u00e7l\u0131 deriyi de\u011ferlendirmek: be\u015f tipik tablo ve sonraki ad\u0131mlar\u0131<\/caption>\n    <thead>\n      <tr>\n        <th style=\"width:22%;background:#003366;color:#ffffff;font-weight:700;text-align:left;vertical-align:middle;padding:13px 16px;font-size:15px;line-height:1.4;border:0;overflow-wrap:break-word\">Belirti tablosu<\/th>\n        <th style=\"background:#003366;color:#ffffff;font-weight:700;text-align:left;vertical-align:middle;padding:13px 16px;font-size:15px;line-height:1.4;border:0;overflow-wrap:break-word\">Olas\u0131 neden<\/th>\n        <th style=\"background:#003366;color:#ffffff;font-weight:700;text-align:left;vertical-align:middle;padding:13px 16px;font-size:15px;line-height:1.4;border:0;overflow-wrap:break-word\">Ne i\u015fe yarar<\/th>\n        <th style=\"background:#003366;color:#ffffff;font-weight:700;text-align:left;vertical-align:middle;padding:13px 16px;font-size:15px;line-height:1.4;border:0;overflow-wrap:break-word\">Ne zaman hekime<\/th>\n      <\/tr>\n    <\/thead>\n    <tbody>\n      <tr>\n        <td data-label=\"Belirti tablosu\" style=\"background:#ffffff;color:#003366;font-weight:700;text-align:left;vertical-align:top;padding:13px 16px;font-size:15px;line-height:1.55;border:0;border-bottom:1px solid #e3e8ef;overflow-wrap:break-word\">Kuru, gergin, ince pullanan sa\u00e7l\u0131 deri, k\u0131zar\u0131kl\u0131k yok<\/td>\n        <td data-label=\"Olas\u0131 neden\" style=\"background:#ffffff;color:#22303e;font-weight:400;text-align:left;vertical-align:top;padding:13px 16px;font-size:15px;line-height:1.55;border:0;border-bottom:1px solid #e3e8ef;overflow-wrap:break-word\">Kseroz, diyabetik ka\u015f\u0131nt\u0131da en s\u0131k g\u00f6r\u00fclen deri bulgusu (249 hastal\u0131k bir kohortta y\u00fczde 64)<\/td>\n        <td data-label=\"Ne i\u015fe yarar\" style=\"background:#ffffff;color:#22303e;font-weight:400;text-align:left;vertical-align:top;padding:13px 16px;font-size:15px;line-height:1.55;border:0;border-bottom:1px solid #e3e8ef;overflow-wrap:break-word\">Yumu\u015fak, pH&#8217;\u0131 uygun temizleyiciler, s\u0131cak yerine \u0131l\u0131k du\u015f, nemlendirici bak\u0131m<\/td>\n        <td data-label=\"Ne zaman hekime\" style=\"background:#ffffff;color:#22303e;font-weight:400;text-align:left;vertical-align:top;padding:13px 16px;font-size:15px;line-height:1.55;border:0;border-bottom:1px solid #e3e8ef;overflow-wrap:break-word\">D\u00fczenli bak\u0131ma ra\u011fmen birka\u00e7 hafta i\u00e7inde hi\u00e7bir \u015fey de\u011fi\u015fmiyorsa<\/td>\n      <\/tr>\n      <tr>\n        <td data-label=\"Belirti tablosu\" style=\"background:#f6f9fc;color:#003366;font-weight:700;text-align:left;vertical-align:top;padding:13px 16px;font-size:15px;line-height:1.55;border:0;border-bottom:1px solid #e3e8ef;overflow-wrap:break-word\">G\u00f6r\u00fcn\u00fcr bir deri bulgusu olmadan ka\u015f\u0131nt\u0131, yer yer yak\u0131c\u0131 veya bat\u0131c\u0131<\/td>\n        <td data-label=\"Olas\u0131 neden\" style=\"background:#f6f9fc;color:#22303e;font-weight:400;text-align:left;vertical-align:top;padding:13px 16px;font-size:15px;line-height:1.55;border:0;border-bottom:1px solid #e3e8ef;overflow-wrap:break-word\">Diyabetik ka\u015f\u0131nt\u0131, k\u00fc\u00e7\u00fck lif n\u00f6ropatisi tart\u0131\u015f\u0131l\u0131yor<\/td>\n        <td data-label=\"Ne i\u015fe yarar\" style=\"background:#f6f9fc;color:#22303e;font-weight:400;text-align:left;vertical-align:top;padding:13px 16px;font-size:15px;line-height:1.55;border:0;border-bottom:1px solid #e3e8ef;overflow-wrap:break-word\">Kan \u015fekeri reg\u00fclasyonu, ka\u015f\u0131ma uyaranlar\u0131ndan ka\u00e7\u0131nmak, sa\u00e7l\u0131 deriyi d\u00fczenli kontrol etmek<\/td>\n        <td data-label=\"Ne zaman hekime\" style=\"background:#f6f9fc;color:#22303e;font-weight:400;text-align:left;vertical-align:top;padding:13px 16px;font-size:15px;line-height:1.55;border:0;border-bottom:1px solid #e3e8ef;overflow-wrap:break-word\">Yak\u0131c\u0131 nitelikteyse veya ellerde ve ayaklarda ek sinir belirtileri varsa<\/td>\n      <\/tr>\n      <tr>\n        <td data-label=\"Belirti tablosu\" style=\"background:#ffffff;color:#003366;font-weight:700;text-align:left;vertical-align:top;padding:13px 16px;font-size:15px;line-height:1.55;border:0;border-bottom:1px solid #e3e8ef;overflow-wrap:break-word\">Sa\u00e7 \u00e7izgisinde sar\u0131ms\u0131, ya\u011fl\u0131 pullar, k\u0131zarm\u0131\u015f deri<\/td>\n        <td data-label=\"Olas\u0131 neden\" style=\"background:#ffffff;color:#22303e;font-weight:400;text-align:left;vertical-align:top;padding:13px 16px;font-size:15px;line-height:1.55;border:0;border-bottom:1px solid #e3e8ef;overflow-wrap:break-word\">Seboreik egzama<\/td>\n        <td data-label=\"Ne i\u015fe yarar\" style=\"background:#ffffff;color:#22303e;font-weight:400;text-align:left;vertical-align:top;padding:13px 16px;font-size:15px;line-height:1.55;border:0;border-bottom:1px solid #e3e8ef;overflow-wrap:break-word\">Hekim \u00f6nerisiyle t\u0131bbi \u015fampuanlar, agresif ev y\u00f6ntemlerinden ka\u00e7\u0131nmak<\/td>\n        <td data-label=\"Ne zaman hekime\" style=\"background:#ffffff;color:#22303e;font-weight:400;text-align:left;vertical-align:top;padding:13px 16px;font-size:15px;line-height:1.55;border:0;border-bottom:1px solid #e3e8ef;overflow-wrap:break-word\">Yay\u0131lma, sulanma varsa veya ayn\u0131 yerlerde sa\u00e7lar d\u00f6k\u00fcl\u00fcyorsa<\/td>\n      <\/tr>\n      <tr>\n        <td data-label=\"Belirti tablosu\" style=\"background:#f6f9fc;color:#003366;font-weight:700;text-align:left;vertical-align:top;padding:13px 16px;font-size:15px;line-height:1.55;border:0;border-bottom:1px solid #e3e8ef;overflow-wrap:break-word\">Yuvarlak, pullanan odaklar ve k\u0131r\u0131lm\u0131\u015f sa\u00e7 g\u00fcd\u00fckleri<\/td>\n        <td data-label=\"Olas\u0131 neden\" style=\"background:#f6f9fc;color:#22303e;font-weight:400;text-align:left;vertical-align:top;padding:13px 16px;font-size:15px;line-height:1.55;border:0;border-bottom:1px solid #e3e8ef;overflow-wrap:break-word\">Sa\u00e7l\u0131 deri mantar\u0131 (tinea capitis), ayn\u0131 kohortta mantar enfeksiyonlar\u0131 ikinci en s\u0131k bulguydu (y\u00fczde 16)<\/td>\n        <td data-label=\"Ne i\u015fe yarar\" style=\"background:#f6f9fc;color:#22303e;font-weight:400;text-align:left;vertical-align:top;padding:13px 16px;font-size:15px;line-height:1.55;border:0;border-bottom:1px solid #e3e8ef;overflow-wrap:break-word\">S\u00fcr\u00fcnt\u00fc ile hekim tan\u0131s\u0131, tedavi \u00e7o\u011funlukla sistemik<\/td>\n        <td data-label=\"Ne zaman hekime\" style=\"background:#f6f9fc;color:#22303e;font-weight:400;text-align:left;vertical-align:top;padding:13px 16px;font-size:15px;line-height:1.55;border:0;border-bottom:1px solid #e3e8ef;overflow-wrap:break-word\">En k\u0131sa s\u00fcrede, kendi kendinize tedavi etmeyin, bula\u015f riski var<\/td>\n      <\/tr>\n      <tr>\n        <td data-label=\"Belirti tablosu\" style=\"background:#ffffff;color:#003366;font-weight:700;text-align:left;vertical-align:top;padding:13px 16px;font-size:15px;line-height:1.55;border:0;overflow-wrap:break-word\">Tek tek sa\u00e7lar\u0131n \u00e7evresinde p\u00fcst\u00fcller, kabuklar ve dokunmakla a\u011fr\u0131l\u0131 nod\u00fcller<\/td>\n        <td data-label=\"Olas\u0131 neden\" style=\"background:#ffffff;color:#22303e;font-weight:400;text-align:left;vertical-align:top;padding:13px 16px;font-size:15px;line-height:1.55;border:0;overflow-wrap:break-word\">Folik\u00fclit, k\u0131l k\u00f6k\u00fcn\u00fcn bakteriyel iltihab\u0131<\/td>\n        <td data-label=\"Ne i\u015fe yarar\" style=\"background:#ffffff;color:#22303e;font-weight:400;text-align:left;vertical-align:top;padding:13px 16px;font-size:15px;line-height:1.55;border:0;overflow-wrap:break-word\">Hekim de\u011ferlendirmesi, ayr\u0131ca kan \u015fekerinin kontrol ettirilmesi<\/td>\n        <td data-label=\"Ne zaman hekime\" style=\"background:#ffffff;color:#22303e;font-weight:400;text-align:left;vertical-align:top;padding:13px 16px;font-size:15px;line-height:1.55;border:0;overflow-wrap:break-word\">En k\u0131sa s\u00fcrede, ate\u015f veya yay\u0131lma varsa hemen<\/td>\n      <\/tr>\n    <\/tbody>\n  <\/table>\n<\/div>\n\n\n\n<h3 class=\"wp-block-heading\">Ka\u015f\u0131mak sorun h\u00e2line geldi\u011finde<\/h3>\n\n\n\n<p class=\"wp-block-paragraph\">S\u00fcrekli ka\u015f\u0131mak ekskoriasyonlara, yani y\u00fczeysel deri defektlerine yol a\u00e7ar. Kan \u015fekeri k\u00f6t\u00fc seyrediyorsa bunlar daha yava\u015f kapan\u0131r ve daha kolay enfekte olur. U\u00e7 durumda tekrarlayan iltihaplanma yara izli bir sa\u00e7 kayb\u0131na yol a\u00e7ar ve yara iziyle kaybedilen folik\u00fcller geri gelmez.<\/p>\n\n\n\n<p class=\"wp-block-paragraph\">Kendi kendine yard\u0131m\u0131n bitti\u011fi yer buras\u0131d\u0131r. Haftalarca ka\u015f\u0131yan ki\u015finin yeri kozmetik reyonu de\u011fil, aile hekimi ya da dermatolojidir. Ka\u015f\u0131nt\u0131 tedavi edilebilir, arkas\u0131ndaki neden kan \u015fekeridir ve ikisine birlikte bak\u0131lmal\u0131d\u0131r.<\/p>\n\n\n<div class=\"wp-block-image\">\n<figure class=\"aligncenter size-large is-resized\" style=\"max-width:560px;margin-left:auto;margin-right:auto\"><img decoding=\"async\" src=\"https:\/\/elithair.com\/tr\/wp-content\/uploads\/sites\/10\/2026\/08\/kopfhaut_trocken_vergleich.png\" alt=\"Sa\u011flam bir sa\u00e7l\u0131 deri ile kuru, tahri\u015f olmu\u015f bir sa\u00e7l\u0131 derinin kesitte \u00e7izimle kar\u015f\u0131la\u015ft\u0131r\u0131lmas\u0131\" class=\"wp-image-83807\" style=\"width:560px;max-width:100%;height:auto\"\/><\/figure>\n<\/div>\n\n\n<h2 class=\"wp-block-heading\">Diyabette sa\u00e7 d\u00f6k\u00fclmesi i\u00e7in risk fakt\u00f6rleri<\/h2>\n\n\n\n<p class=\"wp-block-paragraph\">Diyabet, sa\u00e7 d\u00f6k\u00fclmesi riskini belirgin bi\u00e7imde art\u0131rabilir. Hastal\u0131\u011f\u0131n sa\u00e7 sa\u011fl\u0131\u011f\u0131n\u0131 ne kadar etkiledi\u011fini ise farkl\u0131 fakt\u00f6rler belirler. Hem diyabetin tipi hem de ya\u015fam tarz\u0131, beslenme, kan \u015fekeri kontrol\u00fc ve fiziksel aktivite rol oynar.<\/p>\n\n\n\n<p class=\"wp-block-paragraph\">Buna dair en \u00f6nemli say\u0131: 132 \u00e7al\u0131\u015fma ve 52.501 kat\u0131l\u0131mc\u0131y\u0131 kapsayan bir meta-analiz, Tip 2 diyabette y\u00fczde 45 oran\u0131nda en az bir mikro besin eksikli\u011fi saptad\u0131 (Mangal ve ark. 2024). Diyabetli herkes sa\u00e7\u0131n\u0131 kaybetmez, belirleyici olan kan \u015fekeri d\u00fczeyi, hastal\u0131k s\u00fcresi, e\u015flik eden hastal\u0131klar ve besin durumundan olu\u015fan b\u00fct\u00fcnd\u00fcr.<\/p>\n\n\n\n<ul class=\"wp-block-list\">\n<li><strong>Hiperglisemi d\u00fczeyi ve s\u00fcresi:<\/strong> HbA1c hedef aral\u0131\u011f\u0131n \u00fczerinde ne kadar uzun kal\u0131rsa mikroanjiyopati, glikasyon ve inflamasyon o kadar belirgin olur<\/li>\n<li><strong>Mevcut komplikasyonlar:<\/strong> Mikroanjiyopati, n\u00f6ropati ve nefropati, k\u00fc\u00e7\u00fck damarlar\u0131n \u00e7oktan etkilendi\u011fini g\u00f6sterir<\/li>\n<li><strong>Besin a\u00e7\u0131klar\u0131:<\/strong> Tip 2 diyabetlilerin y\u00fczde 60,5&#8217;inde D vitamini eksikli\u011fi, y\u00fczde 42&#8217;sinde magnezyum eksikli\u011fi ve y\u00fczde 28&#8217;inde demir eksikli\u011fi (ayn\u0131 veri seti)<\/li>\n<li><strong>B12 vitamini durumu:<\/strong> \u00f6zellikle uzun s\u00fcreli metformin tedavisinde, ayr\u0131nt\u0131lar ila\u00e7lar b\u00f6l\u00fcm\u00fcnde<\/li>\n<li><strong>Bel \u00e7evresi ve v\u00fccut a\u011f\u0131rl\u0131\u011f\u0131:<\/strong> Erden \u00e7al\u0131\u015fmas\u0131nda erken ba\u015flang\u0131\u00e7l\u0131 sa\u00e7 d\u00f6k\u00fclmesinde bel \u00e7evresi anlaml\u0131 bi\u00e7imde daha geni\u015fti (p = 0,026)<\/li>\n<li><strong>Sigara:<\/strong> mikrodola\u015f\u0131m\u0131 ayr\u0131ca k\u00f6t\u00fcle\u015ftirir ve damar hasar\u0131n\u0131n \u00fczerine eklenir<\/li>\n<li><strong>Tiroit hastal\u0131klar\u0131:<\/strong> \u00f6zellikle Tip 1&#8217;de, ayr\u0131nt\u0131lar \u015fu yaz\u0131da: <a href=\"\/tr\/tiroid-sac-dokulmesi\/\">sa\u00e7 d\u00f6k\u00fclmesi ve tiroit<\/a><\/li>\n<li><strong>H\u0131zl\u0131 kilo kayb\u0131 ve \u015fok diyetler:<\/strong> diyabetten ba\u011f\u0131ms\u0131z olarak telojen efluviumun ba\u015fl\u0131 ba\u015f\u0131na bir tetikleyicisi<\/li>\n<li><strong>Uyku eksikli\u011fi ve kronik stres:<\/strong> ins\u00fclin duyarl\u0131l\u0131\u011f\u0131n\u0131 ve kan \u015fekeri kontrol\u00fcn\u00fc k\u00f6t\u00fcle\u015ftirir<\/li>\n<li><strong>Ya\u015f ve cinsiyet:<\/strong> ek olarak androgenetik bir paternin \u00fczerine binip binmeyece\u011fini belirler<\/li>\n<\/ul>\n\n\n\n<p class=\"wp-block-paragraph\">Bu risk fakt\u00f6rlerini anlamak, hedefe y\u00f6nelik \u00f6nlem alabilmek i\u00e7in belirleyicidir.<\/p>\n\n\n\n<p class=\"wp-block-paragraph\">S\u0131k duyulan hipoglisemi kayg\u0131s\u0131na gelince: taranan literat\u00fcrde tek tek hipoglisemilerin sa\u00e7 d\u00f6k\u00fclmesini tetikledi\u011fine dair bir i\u015faret bulunmuyor. Tetikleyici olan kal\u0131c\u0131 y\u00fcklenmelerdir, yani s\u00fcrekli y\u00fcksek de\u011ferler, aylar s\u00fcren belirgin dalgalanmalar veya akut bir hastal\u0131k olay\u0131.<\/p>\n\n\n\n<h3 class=\"wp-block-heading\">\u00d6zel durum b\u00f6brek tutulumu: nefropati ve diyaliz<\/h3>\n\n\n\n<p class=\"wp-block-paragraph\">Diyabetik nefropatide kendine \u00f6zg\u00fc etkenler devreye girer ve o noktada sa\u00e7 d\u00f6k\u00fclmesi art\u0131k bir kan \u015fekeri konusu de\u011fil, bir b\u00f6brek konusudur. Anemi, diyabetik nefropatinin erken ve s\u0131k g\u00f6r\u00fclen bir komplikasyonudur, \u00e7\u00fcnk\u00fc b\u00f6brekler yeterince eritropoetin \u00fcretmez; ayr\u0131ca anemi, hastal\u0131\u011f\u0131n diyaliz gereksinimine kadar daha h\u0131zl\u0131 ilerlemesiyle birlikte g\u00f6r\u00fcl\u00fcr.<\/p>\n\n\n\n<p class=\"wp-block-paragraph\">Diyaliz s\u0131ras\u0131nda ek olarak demir, \u00e7inko, D vitamini ve B vitaminleri eksikli\u011fi riski artar, bunda protein kayb\u0131 ve emilim k\u0131s\u0131tl\u0131l\u0131\u011f\u0131 da rol oynar (diyaliz hastalar\u0131na y\u00f6nelik hasta bilgilendirme kaynaklar\u0131). B\u00f6brek kaynakl\u0131 ka\u015f\u0131nt\u0131 ise \u00e7al\u0131\u015fmaya ve tan\u0131ma g\u00f6re hemodiyaliz hastalar\u0131n\u0131n y\u00fczde 10 ila 77&#8217;sini etkiler.<\/p>\n\n\n\n<p class=\"wp-block-paragraph\">Bu nedenle b\u00f6brek tutulumu olan ki\u015fi sa\u00e7 d\u00f6k\u00fclmesini nefroloji takibinde dile getirmeli ve konuyu izole bir sa\u00e7 sorunu olarak ele ald\u0131rmamal\u0131d\u0131r. Demir durumu, anemi ve D vitamini zaten oradaki rutinin par\u00e7as\u0131d\u0131r.<\/p>\n\n\n\n<h2 class=\"wp-block-heading\">Tip 1 ve Tip 2 diyabet: risk a\u00e7\u0131s\u0131ndan farklar<\/h2>\n\n\n\n<p class=\"wp-block-paragraph\">Hem <a href=\"https:\/\/temd.org.tr\/halk\/hastaliklar\/diyabet-seker-hastaligi\" target=\"_blank\" rel=\"noopener\">Tip 1 hem de Tip 2 diyabette<\/a> sa\u00e7 kayb\u0131 riski artm\u0131\u015ft\u0131r, ancak mekanizmalar farkl\u0131d\u0131r. Tip 1 otoimm\u00fcn eksen \u00fczerinden, Tip 2 ise ins\u00fclin direncinin oldu\u011fu metabolik eksen \u00fczerinden ilerler. \u0130kisinin ortak noktas\u0131 hiperglisemi sonu\u00e7lar\u0131d\u0131r.<\/p>\n\n\n\n<ul class=\"wp-block-list\">\n<li><strong>Tip 1 diyabet:<\/strong> Bu form, ba\u011f\u0131\u015f\u0131kl\u0131k sisteminin pankreastaki ins\u00fclin \u00fcreten h\u00fccrelere sald\u0131rd\u0131\u011f\u0131 bir otoimm\u00fcn hastal\u0131kt\u0131r. Tip 1 diyabetin alopesi areata gibi di\u011fer otoimm\u00fcn hastal\u0131klarla olan ba\u011flant\u0131s\u0131 nedeniyle alacal\u0131 sa\u00e7 d\u00f6k\u00fclmesi riski \u00e7o\u011fu zaman daha y\u00fcksektir.<\/li>\n<li><strong>Tip 2 diyabet:<\/strong> Tip 2 diyabet s\u0131kl\u0131kla, hormonal dengesizlikler ve dola\u015f\u0131m bozukluklar\u0131yla birlikte giden ins\u00fclin direncinden kaynaklan\u0131r. Bu fakt\u00f6rler sa\u00e7 folik\u00fcllerini zay\u0131flatabilir ve sa\u00e7\u0131n yayg\u0131n bi\u00e7imde seyrelmesine yol a\u00e7abilir.<\/li>\n<\/ul>\n\n\n\n<style>\n@media (max-width:640px){\n.rt-table-wrap{overflow-x:visible!important;border:0!important;border-radius:0!important}\n.rt-table{min-width:0!important}\n.rt-table thead{display:none}\n.rt-table,.rt-table tbody,.rt-table tr,.rt-table td{display:block;width:100%}\n.rt-table caption{display:block;padding:0 0 12px!important}\n.rt-table tr{margin:0 0 12px;border:1px solid #dbe4f0;border-radius:10px;overflow:hidden}\n.rt-table tr:last-child{margin-bottom:0}\n.rt-table td{display:flex!important;flex-direction:column;gap:3px;padding:12px 14px!important;\nborder:0!important;border-bottom:1px solid #e3e8ef!important;background:#ffffff!important}\n.rt-table tr td:last-child{border-bottom:0!important}\n.rt-table td::before{content:attr(data-label);font-size:12px;font-weight:700;letter-spacing:.04em;\ntext-transform:uppercase;color:#5799F1}\n.rt-table td:not([data-label])::before,.rt-table td[data-label=\"\"]::before{display:none}\n}\n<\/style>\n<div class=\"rt-table-wrap\" style=\"overflow-x:auto;-webkit-overflow-scrolling:touch;margin:28px 0;border:1px solid #dbe4f0;border-radius:12px\">\n  <table class=\"rt-table\" style=\"width:100%;min-width:620px;table-layout:fixed;border-collapse:separate;border-spacing:0;font-size:15px;margin:0\">\n    <caption style=\"caption-side:top;text-align:left;color:#003366;font-weight:700;font-size:16px;line-height:1.35;padding:14px 16px 10px;background:#ffffff\">Tip 1 ve Tip 2 kar\u015f\u0131la\u015ft\u0131rmas\u0131: farkl\u0131 eksenler, ayn\u0131 hiperglisemi sonu\u00e7lar\u0131<\/caption>\n    <thead>\n      <tr>\n        <th style=\"width:22%;background:#003366;color:#ffffff;font-weight:700;text-align:left;vertical-align:middle;padding:13px 16px;font-size:15px;line-height:1.4;border:0;overflow-wrap:break-word\">\u00d6zellik<\/th>\n        <th style=\"background:#003366;color:#ffffff;font-weight:700;text-align:left;vertical-align:middle;padding:13px 16px;font-size:15px;line-height:1.4;border:0;overflow-wrap:break-word\">Tip 1 diyabet<\/th>\n        <th style=\"background:#003366;color:#ffffff;font-weight:700;text-align:left;vertical-align:middle;padding:13px 16px;font-size:15px;line-height:1.4;border:0;overflow-wrap:break-word\">Tip 2 diyabet<\/th>\n      <\/tr>\n    <\/thead>\n    <tbody>\n      <tr>\n        <td data-label=\"\u00d6zellik\" style=\"background:#ffffff;color:#003366;font-weight:700;text-align:left;vertical-align:top;padding:13px 16px;font-size:15px;line-height:1.55;border:0;border-bottom:1px solid #e3e8ef;overflow-wrap:break-word\">Temel mekanizma<\/td>\n        <td data-label=\"Tip 1 diyabet\" style=\"background:#ffffff;color:#22303e;font-weight:400;text-align:left;vertical-align:top;padding:13px 16px;font-size:15px;line-height:1.55;border:0;border-bottom:1px solid #e3e8ef;overflow-wrap:break-word\">\u0130ns\u00fclin \u00fcreten beta h\u00fccrelerine kar\u015f\u0131 otoimm\u00fcn reaksiyon, mutlak ins\u00fclin eksikli\u011fi<\/td>\n        <td data-label=\"Tip 2 diyabet\" style=\"background:#ffffff;color:#22303e;font-weight:400;text-align:left;vertical-align:top;padding:13px 16px;font-size:15px;line-height:1.55;border:0;border-bottom:1px solid #e3e8ef;overflow-wrap:break-word\">V\u00fccut h\u00fccrelerinin ins\u00fclin direnci, ilerleyen d\u00f6nemde ek olarak ins\u00fclin eksikli\u011fi<\/td>\n      <\/tr>\n      <tr>\n        <td data-label=\"\u00d6zellik\" style=\"background:#f6f9fc;color:#003366;font-weight:700;text-align:left;vertical-align:top;padding:13px 16px;font-size:15px;line-height:1.55;border:0;border-bottom:1px solid #e3e8ef;overflow-wrap:break-word\">Tipik sa\u00e7 tablosu<\/td>\n        <td data-label=\"Tip 1 diyabet\" style=\"background:#f6f9fc;color:#22303e;font-weight:400;text-align:left;vertical-align:top;padding:13px 16px;font-size:15px;line-height:1.55;border:0;border-bottom:1px solid #e3e8ef;overflow-wrap:break-word\">Yayg\u0131n seyrelme, ayr\u0131ca keskin s\u0131n\u0131rl\u0131 yuvarlak kel alanlar i\u00e7in artm\u0131\u015f risk<\/td>\n        <td data-label=\"Tip 2 diyabet\" style=\"background:#f6f9fc;color:#22303e;font-weight:400;text-align:left;vertical-align:top;padding:13px 16px;font-size:15px;line-height:1.55;border:0;border-bottom:1px solid #e3e8ef;overflow-wrap:break-word\">A\u011f\u0131rl\u0131kl\u0131 olarak yayg\u0131n seyrelme, s\u0131kl\u0131kla androgenetik bir paternle \u00fcst \u00fcste biner<\/td>\n      <\/tr>\n      <tr>\n        <td data-label=\"\u00d6zellik\" style=\"background:#ffffff;color:#003366;font-weight:700;text-align:left;vertical-align:top;padding:13px 16px;font-size:15px;line-height:1.55;border:0;border-bottom:1px solid #e3e8ef;overflow-wrap:break-word\">Otoimm\u00fcn e\u015flik<\/td>\n        <td data-label=\"Tip 1 diyabet\" style=\"background:#ffffff;color:#22303e;font-weight:400;text-align:left;vertical-align:top;padding:13px 16px;font-size:15px;line-height:1.55;border:0;border-bottom:1px solid #e3e8ef;overflow-wrap:break-word\">Y\u00fczde 16,3&#8217;\u00fcnde Hashimoto veya hipotiroidi, y\u00fczde 58,6&#8217;s\u0131nda TPO antikorlar\u0131, y\u00fczde 16,4&#8217;\u00fcnde \u00e7\u00f6lyak antikorlar\u0131 (251 eri\u015fkin, Riad 2018-2019), alopesi areata daha s\u0131k, ancak g\u00fcvenilir bir prevalans say\u0131s\u0131 yok<\/td>\n        <td data-label=\"Tip 2 diyabet\" style=\"background:#ffffff;color:#22303e;font-weight:400;text-align:left;vertical-align:top;padding:13px 16px;font-size:15px;line-height:1.55;border:0;border-bottom:1px solid #e3e8ef;overflow-wrap:break-word\">Tipik bir otoimm\u00fcn birikim yok<\/td>\n      <\/tr>\n      <tr>\n        <td data-label=\"\u00d6zellik\" style=\"background:#f6f9fc;color:#003366;font-weight:700;text-align:left;vertical-align:top;padding:13px 16px;font-size:15px;line-height:1.55;border:0;border-bottom:1px solid #e3e8ef;overflow-wrap:break-word\">\u0130ns\u00fclin direnci<\/td>\n        <td data-label=\"Tip 1 diyabet\" style=\"background:#f6f9fc;color:#22303e;font-weight:400;text-align:left;vertical-align:top;padding:13px 16px;font-size:15px;line-height:1.55;border:0;border-bottom:1px solid #e3e8ef;overflow-wrap:break-word\">Olabilir, ancak bask\u0131n \u00f6zellik de\u011fil<\/td>\n        <td data-label=\"Tip 2 diyabet\" style=\"background:#f6f9fc;color:#22303e;font-weight:400;text-align:left;vertical-align:top;padding:13px 16px;font-size:15px;line-height:1.55;border:0;border-bottom:1px solid #e3e8ef;overflow-wrap:break-word\">Bask\u0131n \u00f6zellik, erken ba\u015flang\u0131\u00e7l\u0131 androgenetik alopesiyle ili\u015fkili (Erden ve ark. 2025)<\/td>\n      <\/tr>\n      <tr>\n        <td data-label=\"\u00d6zellik\" style=\"background:#ffffff;color:#003366;font-weight:700;text-align:left;vertical-align:top;padding:13px 16px;font-size:15px;line-height:1.55;border:0;border-bottom:1px solid #e3e8ef;overflow-wrap:break-word\">Tipik ba\u015flang\u0131\u00e7 ya\u015f\u0131<\/td>\n        <td data-label=\"Tip 1 diyabet\" style=\"background:#ffffff;color:#22303e;font-weight:400;text-align:left;vertical-align:top;padding:13px 16px;font-size:15px;line-height:1.55;border:0;border-bottom:1px solid #e3e8ef;overflow-wrap:break-word\">\u00c7ocukluktan gen\u00e7 eri\u015fkinli\u011fe<\/td>\n        <td data-label=\"Tip 2 diyabet\" style=\"background:#ffffff;color:#22303e;font-weight:400;text-align:left;vertical-align:top;padding:13px 16px;font-size:15px;line-height:1.55;border:0;border-bottom:1px solid #e3e8ef;overflow-wrap:break-word\">\u00c7o\u011funlukla orta ya\u015ftan itibaren, giderek daha erken de g\u00f6r\u00fcl\u00fcyor<\/td>\n      <\/tr>\n      <tr>\n        <td data-label=\"\u00d6zellik\" style=\"background:#f6f9fc;color:#003366;font-weight:700;text-align:left;vertical-align:top;padding:13px 16px;font-size:15px;line-height:1.55;border:0;border-bottom:1px solid #e3e8ef;overflow-wrap:break-word\">Sa\u00e7lar i\u00e7in en \u00f6nemli kald\u0131ra\u00e7<\/td>\n        <td data-label=\"Tip 1 diyabet\" style=\"background:#f6f9fc;color:#22303e;font-weight:400;text-align:left;vertical-align:top;padding:13px 16px;font-size:15px;line-height:1.55;border:0;border-bottom:1px solid #e3e8ef;overflow-wrap:break-word\">\u0130stikrarl\u0131 kan \u015fekeri kontrol\u00fc ve e\u015flik eden otoimm\u00fcn hastal\u0131klar\u0131n ara\u015ft\u0131r\u0131lmas\u0131<\/td>\n        <td data-label=\"Tip 2 diyabet\" style=\"background:#f6f9fc;color:#22303e;font-weight:400;text-align:left;vertical-align:top;padding:13px 16px;font-size:15px;line-height:1.55;border:0;border-bottom:1px solid #e3e8ef;overflow-wrap:break-word\">Kilo, hareket, beslenme ve tedavi yoluyla ins\u00fclin duyarl\u0131l\u0131\u011f\u0131 ve kan \u015fekeri<\/td>\n      <\/tr>\n      <tr>\n        <td data-label=\"\u00d6zellik\" style=\"background:#ffffff;color:#003366;font-weight:700;text-align:left;vertical-align:top;padding:13px 16px;font-size:15px;line-height:1.55;border:0;overflow-wrap:break-word\">Sa\u00e7 ekimine uygunluk sorusu<\/td>\n        <td data-label=\"Tip 1 diyabet\" style=\"background:#ffffff;color:#22303e;font-weight:400;text-align:left;vertical-align:top;padding:13px 16px;font-size:15px;line-height:1.55;border:0;overflow-wrap:break-word\">Reg\u00fclasyon ve kan \u015fekeri y\u00f6netimi meselesi, tipe ba\u011fl\u0131 bir d\u0131\u015flama nedeni de\u011fil<\/td>\n        <td data-label=\"Tip 2 diyabet\" style=\"background:#ffffff;color:#22303e;font-weight:400;text-align:left;vertical-align:top;padding:13px 16px;font-size:15px;line-height:1.55;border:0;overflow-wrap:break-word\">Reg\u00fclasyon meselesi, ayr\u0131ca e\u015flik eden hastal\u0131klar \u00f6nem ta\u015f\u0131r<\/td>\n      <\/tr>\n    <\/tbody>\n  <\/table>\n<\/div>\n\n\n\n<h3 class=\"wp-block-heading\">Tip 1: otoimm\u00fcn ili\u015fki<\/h3>\n\n\n\n<p class=\"wp-block-paragraph\">Tip 1 diyabetin kendisi bir otoimm\u00fcn hastal\u0131kt\u0131r ve ba\u015fka otoimm\u00fcn hastal\u0131klarla birlikte daha s\u0131k g\u00f6r\u00fcl\u00fcr. Tip 1 diyabetli 251 eri\u015fkinde yap\u0131lan kesitsel bir \u00e7al\u0131\u015fma, test edilenlerin y\u00fczde 16,3&#8217;\u00fcnde Hashimoto tiroiditi veya hipotiroidi, y\u00fczde 58,6&#8217;s\u0131nda pozitif TPO antikorlar\u0131 ve y\u00fczde 16,4&#8217;\u00fcnde pozitif \u00e7\u00f6lyak antikorlar\u0131 buldu.<\/p>\n\n\n\n<p class=\"wp-block-paragraph\">Alopesi areata, otoimm\u00fcn diyabetin de dahil oldu\u011fu tip 2 otoimm\u00fcn poligland\u00fcler sendromun kabul g\u00f6rm\u00fc\u015f bir bile\u015fenidir. Ancak Tip 1 diyabette <a href=\"\/tr\/sackiran\/\">sa\u00e7k\u0131ran<\/a> i\u00e7in toplum genelinde g\u00fcvenilir bir prevalans say\u0131s\u0131 yoktur. \u0130nternette dola\u015fan y\u00fczdeler kaynak denetiminden ge\u00e7miyor.<\/p>\n\n\n\n<p class=\"wp-block-paragraph\">Pratikte bu \u015fu demek: Tip 1 diyabette yuvarlak, keskin s\u0131n\u0131rl\u0131 kel alanlar dermatolojik olarak de\u011ferlendirilmeli ve tiroit de birlikte kontrol edilmelidir. \u0130kisinin nas\u0131l ba\u011flant\u0131l\u0131 oldu\u011funu \u015fu yaz\u0131da bulabilirsiniz: <a href=\"\/tr\/tiroid-sac-dokulmesi\/\">sa\u00e7 d\u00f6k\u00fclmesi ve tiroit<\/a>. Alopesi areata tedavisinde ise g\u00fcncel dermatoloji k\u0131lavuzlar\u0131 yol g\u00f6sterir.<\/p>\n\n\n\n<h3 class=\"wp-block-heading\">Tip 2: metabolik eksen<\/h3>\n\n\n\n<p class=\"wp-block-paragraph\">Tip 2 diyabette merkezde ins\u00fclin direnci ve onunla birlikte SHBG ile serbest testosteron \u00fczerinden ger\u00e7ekle\u015fen hormonal kayma vard\u0131r. Bu nedenle burada yayg\u0131n seyrelme ile androgenetik paternin birlikteli\u011fi daha s\u0131k g\u00f6r\u00fcl\u00fcr. \u0130ki bi\u00e7im farkl\u0131 yan\u0131tlar gerektirir, paterni belirlemeyi bu kadar \u00f6nemli k\u0131lan da budur.<\/p>\n\n\n\n<p class=\"wp-block-paragraph\">Pratikte \u00f6nemli olan bir de \u00f6ncesi: ins\u00fclin direnci ile sa\u00e7 d\u00f6k\u00fclmesi aras\u0131ndaki ili\u015fki \u00e7al\u0131\u015fmalarda daha manifest diyabet yokken, yani prediyabet a\u015famas\u0131nda ortaya \u00e7\u0131k\u0131yor. Yayg\u0131n sa\u00e7 d\u00f6k\u00fclmesi ve artm\u0131\u015f bel \u00e7evresi olan ki\u015fi, HbA1c hen\u00fcz tan\u0131 e\u015fi\u011finin alt\u0131ndayken de metabolizmas\u0131n\u0131 kontrol ettirebilir.<\/p>\n\n\n\n<h3 class=\"wp-block-heading\">Uzun vadeli kan \u015fekeri de\u011ferleri: iyi reg\u00fclasyonun \u00f6nemi<\/h3>\n\n\n\n<p class=\"wp-block-paragraph\">S\u00fcrekli y\u00fcksek <a href=\"https:\/\/temd.org.tr\/halk\/hastaliklar\/diyabet-seker-hastaligi\" target=\"_blank\" rel=\"noopener\">kan \u015fekeri de\u011ferleri<\/a> damarlara zarar verir ve dola\u015f\u0131m\u0131 bozar, b\u00f6ylece sa\u00e7 folik\u00fclleri yeterince beslenemez. Bu, sa\u00e7 k\u00f6klerini zay\u0131flat\u0131r, sa\u00e7\u0131 inceltir ve yeniden uzamay\u0131 geciktirir.<\/p>\n\n\n\n<p class=\"wp-block-paragraph\">Ayr\u0131ca k\u00f6t\u00fc reg\u00fcle edilmi\u015f kan \u015fekeri de\u011ferleri, sa\u00e7 d\u00f6ng\u00fcs\u00fcn\u00fc bozan ve d\u00f6k\u00fclmeyi art\u0131ran inflamasyonu k\u00f6r\u00fckler. Bu nedenle istikrarl\u0131 bir kan \u015fekeri reg\u00fclasyonu yaln\u0131zca genel sa\u011fl\u0131k i\u00e7in de\u011fil, g\u00fc\u00e7l\u00fc ve sa\u011fl\u0131kl\u0131 sa\u00e7lar i\u00e7in de belirleyicidir.<\/p>\n\n\n\n<p class=\"wp-block-paragraph\">Say\u0131larla somut olarak: g\u00fcncel diyabet k\u0131lavuzlar\u0131 Tip 2 i\u00e7in ya\u015fa, e\u015flik eden hastal\u0131klara ve hipoglisemi riskine g\u00f6re bireyselle\u015ftirilmi\u015f HbA1c hedefleri \u00f6nerir, bu hedefler \u00e7o\u011funlukla y\u00fczde 6,5 ile 7,5 aras\u0131ndad\u0131r. ADA ise Standards of Care 2026&#8217;da gebe olmayan eri\u015fkinlerin \u00e7o\u011fu i\u00e7in standart hedefi y\u00fczde 7&#8217;nin alt\u0131 olarak veriyor.<\/p>\n\n\n\n<p class=\"wp-block-paragraph\">Sa\u00e7lar i\u00e7in ayr\u0131 bir HbA1c s\u0131n\u0131r de\u011feri yoktur ve kimse b\u00f6yle bir de\u011fer uydurmamal\u0131d\u0131r. K\u0131lavuzlar\u0131n hedef aral\u0131\u011f\u0131, mikrodola\u015f\u0131ma ba\u011fl\u0131 olan her \u015fey i\u00e7in ayn\u0131 zamanda mevcut en iyi dayanak noktas\u0131d\u0131r ve sa\u00e7 folik\u00fcl\u00fc de bunlara dahildir.<\/p>\n\n\n\n<h2 class=\"wp-block-heading\">Diyabetli kad\u0131nlarda sa\u00e7 d\u00f6k\u00fclmesi<\/h2>\n\n\n\n<p class=\"wp-block-paragraph\">Kad\u0131nlarda ins\u00fclin direnci ile sa\u00e7 d\u00f6k\u00fclmesi aras\u0131ndaki en s\u0131k ba\u011flant\u0131 polikistik over sendromu (PKOS) \u00fczerinden kuruluyor. PKOS, do\u011furganl\u0131k \u00e7a\u011f\u0131ndaki kad\u0131nlar\u0131n y\u00fczde 4 ila 8&#8217;ini etkiler, tan\u0131 \u00f6l\u00e7\u00fctlerine ve pop\u00fclasyona g\u00f6re y\u00fczde 25&#8217;e varan oranlar da bildirilir. \u00c7al\u0131\u015fmaya g\u00f6re etkilenenlerin yakla\u015f\u0131k y\u00fczde 20 ila 70&#8217;inde ins\u00fclin direnci bulunur.<\/p>\n\n\n<div class=\"wp-block-image\">\n<figure class=\"aligncenter size-large is-resized\" style=\"max-width:720px;margin-left:auto;margin-right:auto\"><img decoding=\"async\" src=\"https:\/\/elithair.com\/tr\/wp-content\/uploads\/sites\/10\/2026\/08\/frau_scheitel_ausduennung.png\" alt=\"K\u0131rkl\u0131 ya\u015flar\u0131n\u0131n ortas\u0131ndaki bir kad\u0131n, aynada sa\u00e7 ayr\u0131m\u0131ndaki incelmeyi kontrol ediyor\" class=\"wp-image-83808\" style=\"width:720px;max-width:100%;height:auto\"\/><\/figure>\n<\/div>\n\n\n<p class=\"wp-block-paragraph\">Kendinizi do\u011fru de\u011ferlendirmeniz i\u00e7in \u00f6nemli: bu ins\u00fclin direnci v\u00fccut a\u011f\u0131rl\u0131\u011f\u0131ndan ba\u011f\u0131ms\u0131z olarak g\u00f6r\u00fclebilir. PKOS&#8217;u olan zay\u0131f kad\u0131nlar da etkilenebilir. Normal bir v\u00fccut kitle indeksi nedeniyle konunun kendisini ilgilendirmedi\u011fini d\u00fc\u015f\u00fcnen ki\u015fi, \u00e7o\u011fu zaman en \u00f6nemli bulguyu atlar.<\/p>\n\n\n\n<p class=\"wp-block-paragraph\">Mekanizma, PKOS literat\u00fcr\u00fcn\u00fcn standart modelidir ve bir hipotez olarak kal\u0131r: y\u00fcksek ins\u00fclin d\u00fczeyleri yumurtal\u0131kta androjen \u00fcretimini art\u0131r\u0131rken SHBG&#8217;yi d\u00fc\u015f\u00fcr\u00fcr. Serbest testosteron y\u00fckselir, folik\u00fclde daha fazla DHT etki eder. Kar\u015f\u0131la\u015ft\u0131rmal\u0131 bir \u00e7al\u0131\u015fmada androgenetik alopesi, PKOS&#8217;ta kontrol grubuna k\u0131yasla belirgin bi\u00e7imde daha s\u0131k g\u00f6r\u00fcld\u00fc.<\/p>\n\n\n\n<p class=\"wp-block-paragraph\">Tablo erkeklerdekinden farkl\u0131d\u0131r: kad\u0131nlarda sa\u00e7 ayr\u0131m\u0131 boyunca tepe b\u00f6lgesi seyrelir, \u00f6n sa\u00e7 \u00e7izgisi \u00e7o\u011funlukla korunur. Bu da\u011f\u0131l\u0131m Ludwig \u00f6l\u00e7e\u011fiyle tan\u0131mlan\u0131r. Erkeklerdeki gibi \u015fakak k\u00f6\u015felerinde a\u00e7\u0131lma tipik de\u011fildir, buna kar\u015f\u0131l\u0131k giderek geni\u015fleyen bir sa\u00e7 ayr\u0131m\u0131 \u00f6nc\u00fc belirtidir.<\/p>\n\n\n\n<p class=\"wp-block-paragraph\">Kad\u0131nlarda PKOS&#8217;un yan\u0131nda ba\u015fka etkenler de rol oynar: adet kanamalar\u0131na ba\u011fl\u0131 demir eksikli\u011fi, tiroit hastal\u0131klar\u0131, <a href=\"\/tr\/menopozda-sac-dokulmesi\/\">menopoz<\/a> d\u00f6nemindeki hormonal ge\u00e7i\u015f ve gebelik sonras\u0131nda postpartum telojen efluvium. Gestasyonel diyabet ayr\u0131ca ileride Tip 2 riski i\u00e7in bir i\u015farettir.<\/p>\n\n\n\n<p class=\"wp-block-paragraph\">\u00d6l\u00e7t\u00fcrmekte yarar var: a\u00e7l\u0131k ins\u00fclini ve HOMA-IR, testosteron, DHEAS, SHBG, ayr\u0131ca <a href=\"\/tr\/demir-eksikligi-sac-dokulmesi\/\">ferritin<\/a> ve TSH. Hangi de\u011ferin ne zaman al\u0131naca\u011f\u0131 ve neyi g\u00f6sterdi\u011fi a\u015fa\u011f\u0131daki de\u011ferler yol haritas\u0131nda yer al\u0131yor. Kad\u0131n tipi patern hakk\u0131nda daha fazlas\u0131 \u015fu yaz\u0131da: kad\u0131nlarda sa\u00e7 d\u00f6k\u00fclmesi.<\/p>\n\n\n\n<h2 class=\"wp-block-heading\">Metformin gibi diyabet ila\u00e7lar\u0131 sa\u00e7 d\u00f6k\u00fclmesine neden olur mu?<\/h2>\n\n\n\n<p class=\"wp-block-paragraph\">Metformin, sa\u00e7 d\u00f6k\u00fclmesinin bilinen do\u011frudan bir tetikleyicisi de\u011fildir. Sa\u00e7 d\u00f6k\u00fclmesi \u00fcr\u00fcn bilgilerinde yan etki olarak listelenmemi\u015ftir ve onlarca y\u0131ll\u0131k kontroll\u00fc kullan\u0131mda do\u011frudan bir folik\u00fcl etkisine dair kan\u0131t yoktur. Kan\u0131tlanm\u0131\u015f olan dolayl\u0131 yol ba\u015fkad\u0131r: metformin uzun s\u00fcreli kullan\u0131mda B12 vitamini emilimini azalt\u0131r.<\/p>\n\n\n\n<h3 class=\"wp-block-heading\">Metformin neden do\u011frudan sorumlu de\u011fil<\/h3>\n\n\n\n<p class=\"wp-block-paragraph\">Metforminin yapmad\u0131klar\u0131: sa\u00e7 folik\u00fcl\u00fcne etki etmez, b\u00fcy\u00fcme faz\u0131n\u0131 k\u0131saltt\u0131\u011f\u0131 g\u00f6sterilmemi\u015ftir ve ruhsatland\u0131rma belgelerinde sa\u00e7 d\u00f6k\u00fclmesiyle ili\u015fkilendirilmemi\u015ftir. \u00dcr\u00fcn bilgilerindeki uyar\u0131lar yaln\u0131zca B12 vitaminini konu al\u0131r, sa\u00e7lar\u0131 de\u011fil.<\/p>\n\n\n\n<p class=\"wp-block-paragraph\">Metforminin yapt\u0131klar\u0131: ins\u00fclin duyarl\u0131l\u0131\u011f\u0131n\u0131 iyile\u015ftirir ve b\u00f6ylece tam da \u00e7al\u0131\u015fmalarda erken ba\u015flang\u0131\u00e7l\u0131 sa\u00e7 d\u00f6k\u00fclmesiyle ili\u015fkilendirilen metabolik duruma etki eder. Bundan bir sa\u00e7 uzatma etkisi \u00e7\u0131kar\u0131lamaz, buna dair \u00e7al\u0131\u015fma yoktur. Ama ilac\u0131n su\u00e7lu oldu\u011fu y\u00f6n\u00fcndeki akla ilk gelen kayg\u0131 do\u011fru de\u011fildir.<\/p>\n\n\n\n<h3 class=\"wp-block-heading\">Metformin ve B12 vitamini: kimler etkileniyor ve ne \u00f6l\u00e7\u00fcl\u00fcyor<\/h3>\n\n\n\n<p class=\"wp-block-paragraph\">\u0130ngiltere ila\u00e7 d\u00fczenleyici kurumu MHRA, 2022&#8217;de yay\u0131mlad\u0131\u011f\u0131 bir ila\u00e7 g\u00fcvenli\u011fi g\u00fcncellemesinde d\u00fc\u015f\u00fck B12 vitaminini, y\u00fcksek dozda veya uzun s\u00fcreli metformin kullan\u0131m\u0131nda s\u0131k g\u00f6r\u00fclen bir yan etki olarak s\u0131n\u0131fland\u0131rd\u0131, buna g\u00f6re her 10 ki\u015fiden 1&#8217;ine kadar\u0131 etkilenebiliyor. Risk grubundaki hastalarda periyodik B12 takibi \u00f6neriliyor.<\/p>\n\n\n\n<p class=\"wp-block-paragraph\">Birincil \u00e7al\u0131\u015fmalardan gelen say\u0131lar, s\u0131n\u0131r de\u011fere ve pop\u00fclasyona g\u00f6re b\u00fcy\u00fck farkl\u0131l\u0131k g\u00f6steriyor: k\u0131sa s\u00fcreli kullan\u0131mda yakla\u015f\u0131k y\u00fczde 2,3&#8217;ten, uzun s\u00fcreli kullan\u0131mda y\u00fczde 36,5&#8217;e ve bir \u00e7al\u0131\u015fmada y\u00fczde 65,7&#8217;ye kadar. Frans\u0131z verileri y\u00fczde 12,9&#8217;a kar\u015f\u0131 y\u00fczde 5,6, \u0130talyan kohort verileri ise y\u00fczde 5,8&#8217;e kar\u015f\u0131 y\u00fczde 2,4 (odds oran\u0131 2,92) bildiriyor. All of Us program\u0131n\u0131n bir analizi, uzun s\u00fcreli kullananlarda y\u00fczde 67 daha y\u00fcksek bir eksiklik riski buldu.<\/p>\n\n\n\n<p class=\"wp-block-paragraph\">Risk, doz ve tedavi s\u00fcresiyle artar. \u00d6l\u00e7\u00fclen B12 d\u00fczeyidir, s\u0131n\u0131rda de\u011ferlerde ek olarak holotranskobalamin veya metilmalonik asit bak\u0131l\u0131r. Uyar\u0131 i\u015faretleri anemi, ellerde ve ayaklarda kar\u0131ncalanma ve dikkat sorunlar\u0131d\u0131r. B12&#8217;nin sa\u00e7 i\u00e7in hangi rol\u00fc oynad\u0131\u011f\u0131n\u0131 \u015fu yaz\u0131da bulabilirsiniz: <a href=\"\/tr\/sac-dokulmesine-karsi-vitaminler\/\">sa\u00e7 d\u00f6k\u00fclmesine kar\u015f\u0131 vitaminler<\/a>.<\/p>\n\n\n\n<p class=\"wp-block-paragraph\">En s\u0131k yap\u0131lan yanl\u0131\u015f\u0131 \u00f6nledi\u011fi i\u00e7in as\u0131l belirleyici olan \u015fu c\u00fcmledir: B12 eksikli\u011fi saptand\u0131\u011f\u0131nda metformin kesilmez. \u00dcr\u00fcn bilgileri, tedaviye devam edilmesini ve eksikli\u011fin ayr\u0131ca takviyeyle giderilmesini \u00f6ng\u00f6r\u00fcr. \u0130lac\u0131 b\u0131rakmak veya dozu de\u011fi\u015ftirmek yaln\u0131zca tedaviyi y\u00fcr\u00fcten hekimin karar\u0131d\u0131r.<\/p>\n\n\n\n<h3 class=\"wp-block-heading\">GLP-1 resept\u00f6r agonistleri: Ozempic, Wegovy ve Mounjaro<\/h3>\n\n\n\n<p class=\"wp-block-paragraph\">GLP-1 resept\u00f6r agonistleri kullan\u0131m\u0131nda sa\u00e7 d\u00f6k\u00fclmesi bildiriliyor. Uzman g\u00f6r\u00fc\u015f\u00fc bunu a\u011f\u0131rl\u0131kl\u0131 olarak, etkin maddenin folik\u00fcl \u00fczerindeki do\u011frudan etkisi olarak de\u011fil, h\u0131zl\u0131 ve \u00e7o\u011fu zaman belirgin kilo kayb\u0131na ba\u011fl\u0131 telojen efluvium olarak a\u00e7\u0131kl\u0131yor. Ayr\u0131nt\u0131lar, bildirim verileri ve pratikte nas\u0131l davran\u0131laca\u011f\u0131 \u015fu ayr\u0131 yaz\u0131da: Ozempic kullan\u0131rken sa\u00e7 d\u00f6k\u00fclmesi.<\/p>\n\n\n\n<h3 class=\"wp-block-heading\">Konuyla ilgili di\u011fer etkin maddeler<\/h3>\n\n\n\n<p class=\"wp-block-paragraph\">\u0130ns\u00fclin ve SGLT2 inhibit\u00f6rleri i\u00e7in bu ara\u015ft\u0131rmada \u00f6zellikle sa\u00e7 d\u00f6k\u00fclmesine ili\u015fkin g\u00fcvenilir bir \u00e7al\u0131\u015fma verisi bulunamad\u0131. Statinler genel yan etki listelerinde zaman zaman sa\u00e7 d\u00f6k\u00fclmesiyle birlikte an\u0131l\u0131yor, ancak sa\u011flam bir nedensellik kan\u0131t\u0131 yok. Tiroit hormonlar\u0131nda ba\u011flant\u0131 ila\u00e7ta de\u011fil, temel hastal\u0131ktad\u0131r.<\/p>\n\n\n\n<style>\n@media (max-width:640px){\n.rt-table-wrap{overflow-x:visible!important;border:0!important;border-radius:0!important}\n.rt-table{min-width:0!important}\n.rt-table thead{display:none}\n.rt-table,.rt-table tbody,.rt-table tr,.rt-table td{display:block;width:100%}\n.rt-table caption{display:block;padding:0 0 12px!important}\n.rt-table tr{margin:0 0 12px;border:1px solid #dbe4f0;border-radius:10px;overflow:hidden}\n.rt-table tr:last-child{margin-bottom:0}\n.rt-table td{display:flex!important;flex-direction:column;gap:3px;padding:12px 14px!important;\nborder:0!important;border-bottom:1px solid #e3e8ef!important;background:#ffffff!important}\n.rt-table tr td:last-child{border-bottom:0!important}\n.rt-table td::before{content:attr(data-label);font-size:12px;font-weight:700;letter-spacing:.04em;\ntext-transform:uppercase;color:#5799F1}\n.rt-table td:not([data-label])::before,.rt-table td[data-label=\"\"]::before{display:none}\n}\n<\/style>\n<div class=\"rt-table-wrap\" style=\"overflow-x:auto;-webkit-overflow-scrolling:touch;margin:28px 0;border:1px solid #dbe4f0;border-radius:12px\">\n  <table class=\"rt-table\" style=\"width:100%;min-width:660px;table-layout:fixed;border-collapse:separate;border-spacing:0;font-size:15px;margin:0\">\n    <caption style=\"caption-side:top;text-align:left;color:#003366;font-weight:700;font-size:16px;line-height:1.35;padding:14px 16px 10px;background:#ffffff\">Diyabet ila\u00e7lar\u0131 ve sa\u00e7: kan\u0131tlanm\u0131\u015f olan, olmayan ve bundan \u00e7\u0131kan sonu\u00e7<\/caption>\n    <thead>\n      <tr>\n        <th style=\"width:22%;background:#003366;color:#ffffff;font-weight:700;text-align:left;vertical-align:middle;padding:13px 16px;font-size:15px;line-height:1.4;border:0;overflow-wrap:break-word\">Etkin madde grubu<\/th>\n        <th style=\"background:#003366;color:#ffffff;font-weight:700;text-align:left;vertical-align:middle;padding:13px 16px;font-size:15px;line-height:1.4;border:0;overflow-wrap:break-word\">Sa\u00e7 d\u00f6k\u00fclmesiyle kan\u0131tlanm\u0131\u015f ba\u011flant\u0131<\/th>\n        <th style=\"background:#003366;color:#ffffff;font-weight:700;text-align:left;vertical-align:middle;padding:13px 16px;font-size:15px;line-height:1.4;border:0;overflow-wrap:break-word\">Mekanizma<\/th>\n        <th style=\"background:#003366;color:#ffffff;font-weight:700;text-align:left;vertical-align:middle;padding:13px 16px;font-size:15px;line-height:1.4;border:0;overflow-wrap:break-word\">Ne yapmal\u0131<\/th>\n      <\/tr>\n    <\/thead>\n    <tbody>\n      <tr>\n        <td data-label=\"Etkin madde grubu\" style=\"background:#ffffff;color:#003366;font-weight:700;text-align:left;vertical-align:top;padding:13px 16px;font-size:15px;line-height:1.55;border:0;border-bottom:1px solid #e3e8ef;overflow-wrap:break-word\">Metformin<\/td>\n        <td data-label=\"Sa\u00e7 d\u00f6k\u00fclmesiyle kan\u0131tlanm\u0131\u015f ba\u011flant\u0131\" style=\"background:#ffffff;color:#22303e;font-weight:400;text-align:left;vertical-align:top;padding:13px 16px;font-size:15px;line-height:1.55;border:0;border-bottom:1px solid #e3e8ef;overflow-wrap:break-word\">Kan\u0131tlanm\u0131\u015f do\u011frudan bir ba\u011flant\u0131 yok, \u00fcr\u00fcn bilgilerinde yan etki olarak listelenmiyor<\/td>\n        <td data-label=\"Mekanizma\" style=\"background:#ffffff;color:#22303e;font-weight:400;text-align:left;vertical-align:top;padding:13px 16px;font-size:15px;line-height:1.55;border:0;border-bottom:1px solid #e3e8ef;overflow-wrap:break-word\">Uzun s\u00fcreli kullan\u0131mda bozulmu\u015f B12 vitamini emilimi \u00fczerinden dolayl\u0131 (her 10 ki\u015fiden 1&#8217;ine kadar, MHRA 2022)<\/td>\n        <td data-label=\"Ne yapmal\u0131\" style=\"background:#ffffff;color:#22303e;font-weight:400;text-align:left;vertical-align:top;padding:13px 16px;font-size:15px;line-height:1.55;border:0;border-bottom:1px solid #e3e8ef;overflow-wrap:break-word\">B12 d\u00fczeyini takipte kontrol ettirin, eksiklikte destek al\u0131n, tedaviyi kendi ba\u015f\u0131n\u0131za de\u011fi\u015ftirmeyin<\/td>\n      <\/tr>\n      <tr>\n        <td data-label=\"Etkin madde grubu\" style=\"background:#f6f9fc;color:#003366;font-weight:700;text-align:left;vertical-align:top;padding:13px 16px;font-size:15px;line-height:1.55;border:0;border-bottom:1px solid #e3e8ef;overflow-wrap:break-word\">GLP-1 resept\u00f6r agonistleri (semaglutid, tirzepatid)<\/td>\n        <td data-label=\"Sa\u00e7 d\u00f6k\u00fclmesiyle kan\u0131tlanm\u0131\u015f ba\u011flant\u0131\" style=\"background:#f6f9fc;color:#22303e;font-weight:400;text-align:left;vertical-align:top;padding:13px 16px;font-size:15px;line-height:1.55;border:0;border-bottom:1px solid #e3e8ef;overflow-wrap:break-word\">Sa\u00e7 d\u00f6k\u00fclmesi bildiriliyor, a\u011f\u0131rl\u0131kl\u0131 olarak h\u0131zl\u0131 kilo kayb\u0131n\u0131n sonucu olarak<\/td>\n        <td data-label=\"Mekanizma\" style=\"background:#f6f9fc;color:#22303e;font-weight:400;text-align:left;vertical-align:top;padding:13px 16px;font-size:15px;line-height:1.55;border:0;border-bottom:1px solid #e3e8ef;overflow-wrap:break-word\">Belirgin kilo kayb\u0131 sonras\u0131 telojen efluvium, kan\u0131tlanm\u0131\u015f do\u011frudan bir folik\u00fcl etkisi yok<\/td>\n        <td data-label=\"Ne yapmal\u0131\" style=\"background:#f6f9fc;color:#22303e;font-weight:400;text-align:left;vertical-align:top;padding:13px 16px;font-size:15px;line-height:1.55;border:0;border-bottom:1px solid #e3e8ef;overflow-wrap:break-word\">Protein ve mikro besin al\u0131m\u0131n\u0131 g\u00fcvenceye al\u0131n, kilo verme h\u0131z\u0131n\u0131 hekiminizle konu\u015fun<\/td>\n      <\/tr>\n      <tr>\n        <td data-label=\"Etkin madde grubu\" style=\"background:#ffffff;color:#003366;font-weight:700;text-align:left;vertical-align:top;padding:13px 16px;font-size:15px;line-height:1.55;border:0;border-bottom:1px solid #e3e8ef;overflow-wrap:break-word\">\u0130ns\u00fclin<\/td>\n        <td data-label=\"Sa\u00e7 d\u00f6k\u00fclmesiyle kan\u0131tlanm\u0131\u015f ba\u011flant\u0131\" style=\"background:#ffffff;color:#22303e;font-weight:400;text-align:left;vertical-align:top;padding:13px 16px;font-size:15px;line-height:1.55;border:0;border-bottom:1px solid #e3e8ef;overflow-wrap:break-word\">Kan\u0131tlanm\u0131\u015f ba\u011flant\u0131 yok<\/td>\n        <td data-label=\"Mekanizma\" style=\"background:#ffffff;color:#22303e;font-weight:400;text-align:left;vertical-align:top;padding:13px 16px;font-size:15px;line-height:1.55;border:0;border-bottom:1px solid #e3e8ef;overflow-wrap:break-word\">Ge\u00e7erli de\u011fil<\/td>\n        <td data-label=\"Ne yapmal\u0131\" style=\"background:#ffffff;color:#22303e;font-weight:400;text-align:left;vertical-align:top;padding:13px 16px;font-size:15px;line-height:1.55;border:0;border-bottom:1px solid #e3e8ef;overflow-wrap:break-word\">Ayr\u0131 bir \u00f6nlem gerekmez, belirleyici olan kan \u015fekeri reg\u00fclasyonunun kalitesidir<\/td>\n      <\/tr>\n      <tr>\n        <td data-label=\"Etkin madde grubu\" style=\"background:#f6f9fc;color:#003366;font-weight:700;text-align:left;vertical-align:top;padding:13px 16px;font-size:15px;line-height:1.55;border:0;border-bottom:1px solid #e3e8ef;overflow-wrap:break-word\">SGLT2 inhibit\u00f6rleri<\/td>\n        <td data-label=\"Sa\u00e7 d\u00f6k\u00fclmesiyle kan\u0131tlanm\u0131\u015f ba\u011flant\u0131\" style=\"background:#f6f9fc;color:#22303e;font-weight:400;text-align:left;vertical-align:top;padding:13px 16px;font-size:15px;line-height:1.55;border:0;border-bottom:1px solid #e3e8ef;overflow-wrap:break-word\">Kan\u0131tlanm\u0131\u015f ba\u011flant\u0131 yok<\/td>\n        <td data-label=\"Mekanizma\" style=\"background:#f6f9fc;color:#22303e;font-weight:400;text-align:left;vertical-align:top;padding:13px 16px;font-size:15px;line-height:1.55;border:0;border-bottom:1px solid #e3e8ef;overflow-wrap:break-word\">Ge\u00e7erli de\u011fil<\/td>\n        <td data-label=\"Ne yapmal\u0131\" style=\"background:#f6f9fc;color:#22303e;font-weight:400;text-align:left;vertical-align:top;padding:13px 16px;font-size:15px;line-height:1.55;border:0;border-bottom:1px solid #e3e8ef;overflow-wrap:break-word\">Ayr\u0131 bir \u00f6nlem gerekmez<\/td>\n      <\/tr>\n      <tr>\n        <td data-label=\"Etkin madde grubu\" style=\"background:#ffffff;color:#003366;font-weight:700;text-align:left;vertical-align:top;padding:13px 16px;font-size:15px;line-height:1.55;border:0;border-bottom:1px solid #e3e8ef;overflow-wrap:break-word\">Statinler<\/td>\n        <td data-label=\"Sa\u00e7 d\u00f6k\u00fclmesiyle kan\u0131tlanm\u0131\u015f ba\u011flant\u0131\" style=\"background:#ffffff;color:#22303e;font-weight:400;text-align:left;vertical-align:top;padding:13px 16px;font-size:15px;line-height:1.55;border:0;border-bottom:1px solid #e3e8ef;overflow-wrap:break-word\">Sa\u011flam bi\u00e7imde kan\u0131tlanm\u0131\u015f bir ba\u011flant\u0131 yok, genel yan etki listelerinde zaman zaman an\u0131l\u0131yor<\/td>\n        <td data-label=\"Mekanizma\" style=\"background:#ffffff;color:#22303e;font-weight:400;text-align:left;vertical-align:top;padding:13px 16px;font-size:15px;line-height:1.55;border:0;border-bottom:1px solid #e3e8ef;overflow-wrap:break-word\">Kesinle\u015fmi\u015f bir a\u00e7\u0131klama yok<\/td>\n        <td data-label=\"Ne yapmal\u0131\" style=\"background:#ffffff;color:#22303e;font-weight:400;text-align:left;vertical-align:top;padding:13px 16px;font-size:15px;line-height:1.55;border:0;border-bottom:1px solid #e3e8ef;overflow-wrap:break-word\">\u015e\u00fcphe durumunda hekime dan\u0131\u015f\u0131n, asla kendi ba\u015f\u0131n\u0131za b\u0131rakmay\u0131n<\/td>\n      <\/tr>\n      <tr>\n        <td data-label=\"Etkin madde grubu\" style=\"background:#f6f9fc;color:#003366;font-weight:700;text-align:left;vertical-align:top;padding:13px 16px;font-size:15px;line-height:1.55;border:0;overflow-wrap:break-word\">Tiroit hormonlar\u0131<\/td>\n        <td data-label=\"Sa\u00e7 d\u00f6k\u00fclmesiyle kan\u0131tlanm\u0131\u015f ba\u011flant\u0131\" style=\"background:#f6f9fc;color:#22303e;font-weight:400;text-align:left;vertical-align:top;padding:13px 16px;font-size:15px;line-height:1.55;border:0;overflow-wrap:break-word\">Ba\u011flant\u0131 ila\u00e7 \u00fczerinden de\u011fil, tiroit i\u015flevi \u00fczerinden kuruluyor<\/td>\n        <td data-label=\"Mekanizma\" style=\"background:#f6f9fc;color:#22303e;font-weight:400;text-align:left;vertical-align:top;padding:13px 16px;font-size:15px;line-height:1.55;border:0;overflow-wrap:break-word\">Yetersiz ve a\u015f\u0131r\u0131 \u00e7al\u0131\u015fma sa\u00e7 d\u00f6ng\u00fcs\u00fcn\u00fc bozar, tedavinin ba\u015f\u0131nda ge\u00e7ici bir d\u00f6k\u00fclme tan\u0131mlanm\u0131\u015ft\u0131r<\/td>\n        <td data-label=\"Ne yapmal\u0131\" style=\"background:#f6f9fc;color:#22303e;font-weight:400;text-align:left;vertical-align:top;padding:13px 16px;font-size:15px;line-height:1.55;border:0;overflow-wrap:break-word\">TSH&#8217;yi kontrol ettirin, dozu hekiminize ayarlat\u0131n<\/td>\n      <\/tr>\n    <\/tbody>\n  <\/table>\n<\/div>\n\n\n\n<p class=\"wp-block-paragraph\">B\u00fct\u00fcn b\u00f6l\u00fcm i\u00e7in tek c\u00fcmlelik bir kural: hi\u00e7bir diyabet ilac\u0131n\u0131 sa\u00e7 d\u00f6k\u00fclmesi nedeniyle kendi ba\u015f\u0131n\u0131za b\u0131rakmay\u0131n. Sa\u00e7lar i\u00e7in kan \u015fekeri daha g\u00fc\u00e7l\u00fc bir etkendir ve raydan \u00e7\u0131km\u0131\u015f bir metabolizma, bu ila\u00e7lar\u0131n herhangi birinden daha \u00e7ok sa\u00e7a mal olur.<\/p>\n\n\n\n<h2 class=\"wp-block-heading\">Bir fakt\u00f6r olarak ya\u015fam tarz\u0131<\/h2>\n\n\n\n<figure class=\"wp-block-image size-full\"><img decoding=\"async\" src=\"https:\/\/elithair.com\/tr\/wp-content\/uploads\/sites\/10\/2026\/08\/bestand_97302.png\" alt=\"G\u00f6rselin sol taraf\u0131nda sa\u011fl\u0131ks\u0131z g\u0131dalardan bir se\u00e7ki, sa\u011f taraf\u0131nda ise sa\u011fl\u0131kl\u0131 g\u0131dalar yer al\u0131yor\" class=\"wp-image-83817\"\/><\/figure>\n\n\n\n<p class=\"wp-block-paragraph\">Sa\u011fl\u0131ks\u0131z bir ya\u015fam tarz\u0131 diyabette sa\u00e7 d\u00f6k\u00fclmesini art\u0131rabilir, \u00e7\u00fcnk\u00fc kan \u015fekeri de\u011ferlerini dengesizle\u015ftirir ve sa\u00e7 folik\u00fcllerinin beslenmesini bozar. A\u015f\u0131r\u0131 \u015feker ve i\u015flenmi\u015f g\u0131da i\u00e7eren dengesiz bir beslenme, demir, \u00e7inko veya biotin eksikli\u011fine, yani sa\u011fl\u0131kl\u0131 sa\u00e7\u0131n temel yap\u0131 ta\u015flar\u0131n\u0131n eksikli\u011fine yol a\u00e7abilir.<\/p>\n\n\n\n<p class=\"wp-block-paragraph\">Kronik stres de sa\u00e7 d\u00f6ng\u00fcs\u00fcn\u00fc olumsuz etkiler ve sa\u00e7 d\u00f6k\u00fclmesini h\u0131zland\u0131rabilir. D\u00fczenli fiziksel hareket dola\u015f\u0131m\u0131 iyile\u015ftirir, kan \u015fekerini dengeler ve sa\u00e7 b\u00fcy\u00fcmesini destekler. Standart \u00f6neri, haftada 150 dakika orta d\u00fczeyde dayan\u0131kl\u0131l\u0131k aktivitesi ve buna ek olarak kuvvet antrenman\u0131d\u0131r.<\/p>\n\n\n\n<p class=\"wp-block-paragraph\">Beslenme, hareket ve stres y\u00f6netiminde yap\u0131lacak hedefli d\u00fczenlemelerle <strong>diyabette sa\u00e7 d\u00f6k\u00fclmesi<\/strong> \u00e7o\u011fu zaman belirgin bi\u00e7imde azalt\u0131labilir. Etki, do\u011frudan sa\u00e7 k\u00f6k\u00fc \u00fczerinden de\u011fil metabolizma \u00fczerinden ilerler, bu nedenle sa\u00e7 d\u00f6ng\u00fcs\u00fcyle ayn\u0131 sabr\u0131 gerektirir.<\/p>\n\n\n\n<h3 class=\"wp-block-heading\">D\u00fc\u015f\u00fck karbonhidrat, keto ve h\u0131zl\u0131 kilo kayb\u0131: g\u00f6zden ka\u00e7an tetikleyici<\/h3>\n\n\n\n<p class=\"wp-block-paragraph\">\u00c7ok s\u0131k ya\u015fanan bir durum nadiren dile getiriliyor: beslenmesini radikal bi\u00e7imde de\u011fi\u015ftiren ki\u015fi \u00e7o\u011fu zaman birka\u00e7 ay i\u00e7inde \u00e7ok kilo verir ve 2 ila 3 ay sonra belirgin bir sa\u00e7 d\u00f6k\u00fclmesi ya\u015far. O zaman tetikleyici diyabet de\u011fil, bu de\u011fi\u015fimdir ve d\u00f6k\u00fclme geri d\u00f6n\u00fc\u015fl\u00fcd\u00fcr.<\/p>\n\n\n\n<p class=\"wp-block-paragraph\">Literat\u00fcrde, v\u00fccut k\u00fctlesinin yakla\u015f\u0131k y\u00fczde 15&#8217;inin kayb\u0131 veya ayda 3,5 kilogramdan fazla kilo kayb\u0131, telojen efluvium i\u00e7in risk e\u015fi\u011fi olarak tart\u0131\u015f\u0131l\u0131yor. Bu say\u0131lar ikincil kaynaklardan geliyor, kesin bir s\u0131n\u0131r de\u011fil, pratikte bir yol g\u00f6stericidir. Durum dengelendikten sonra geri d\u00f6n\u00fc\u015f \u00e7o\u011funlukla 6 ila 9 ay s\u00fcrer.<\/p>\n\n\n\n<p class=\"wp-block-paragraph\">Tetikleyici, diyetin t\u00fcr\u00fc de\u011fil eksikliktir: \u00e7ok az kalori, \u00e7ok az protein, \u00e7ok az demir ve \u00e7inko. Bu nedenle do\u011fru sonu\u00e7 beslenme de\u011fi\u015fikli\u011fini geri almak de\u011fildir. Do\u011frusu \u015fudur: protein al\u0131m\u0131n\u0131 g\u00fcvenceye almak, mikro besinleri kontrol ettirmek ve kilo verme h\u0131z\u0131n\u0131 yava\u015flatmak.<\/p>\n\n\n\n<h2 class=\"wp-block-heading\">Sa\u00e7 d\u00f6k\u00fclmesi diyabetin erken uyar\u0131 i\u015fareti olabilir mi?<\/h2>\n\n\n\n<p class=\"wp-block-paragraph\">Sa\u00e7 d\u00f6k\u00fclmesi, \u00f6zellikle ba\u015fka belirtilerle birlikte, fark edilmemi\u015f bir diyabete i\u015faret edebilir. Metabolik bozukluk kan dola\u015f\u0131m\u0131n\u0131 etkiler, b\u00f6ylece sa\u00e7 folik\u00fclleri daha k\u00f6t\u00fc beslenir. Bu da sa\u00e7 k\u00f6klerini zay\u0131flat\u0131r ve sa\u00e7\u0131n incelmesine veya artan sa\u00e7 d\u00f6k\u00fclmesine yol a\u00e7abilir.<\/p>\n\n\n\n<p class=\"wp-block-paragraph\">Bu, kula\u011fa geldi\u011finden daha \u00f6nemli: diyabet vakalar\u0131n\u0131n \u00f6nemli bir b\u00f6l\u00fcm\u00fc te\u015fhis edilmeden kal\u0131r ve bir\u00e7ok ki\u015fi hastal\u0131\u011f\u0131n\u0131 y\u0131llarca fark etmez.<\/p>\n\n\n\n<p class=\"wp-block-paragraph\">Fark edilmemi\u015f diyabet \u00e7o\u011fu zaman sinsi ilerler: sa\u00e7 kayb\u0131n\u0131n yan\u0131nda kuru cilt, yava\u015f yara iyile\u015fmesi veya s\u00fcrekli yorgunluk g\u00f6r\u00fclebilir. Buna a\u015f\u0131r\u0131 susama, s\u0131k idrara \u00e7\u0131kma, g\u00f6rme bozukluklar\u0131 ve istem d\u0131\u015f\u0131 kilo kayb\u0131 eklenir. Yayg\u0131n sa\u00e7 d\u00f6k\u00fclmesi de varsa \u015fampuan de\u011fil, kan \u015fekeri kontrol edilmelidir.<\/p>\n\n\n\n<p class=\"wp-block-paragraph\">Bunun i\u00e7in \u00fc\u00e7 test var: HbA1c son 8 ila 12 haftan\u0131n uzun vadeli de\u011ferini, a\u00e7l\u0131k glukozu anl\u0131k durumu, oral glukoz tolerans testi ise belirli bir \u015feker y\u00fck\u00fcne verilen yan\u0131t\u0131 g\u00f6sterir. Y\u00fczde 6,5 ve \u00fczerindeki bir HbA1c uluslararas\u0131 olarak tan\u0131 \u00f6l\u00e7\u00fct\u00fc kabul edilir.<\/p>\n\n\n\n<h3 class=\"wp-block-heading\">Erken tan\u0131 neden belirleyici?<\/h3>\n\n\n\n<p class=\"wp-block-paragraph\">Hastal\u0131k ne kadar erken fark edilirse kan \u015fekeri de\u011ferleri o kadar iyi dengelenebilir, damarlarda, sinirlerde ve sa\u00e7 folik\u00fcllerinde hasar o \u00f6l\u00e7\u00fcde \u00f6nlenebilir. Zaman\u0131nda bir tedavi sa\u00e7 d\u00f6k\u00fclmesini azaltabilir ve b\u00fcy\u00fcmeyi destekleyebilir.<\/p>\n\n\n\n<p class=\"wp-block-paragraph\">Sa\u00e7lar i\u00e7in bu somut olarak \u015fu demek: metabolik olarak tetiklenmi\u015f yayg\u0131n bir d\u00f6k\u00fclme geri d\u00f6nebilir. Yara izli ya da ilerlemi\u015f mikroanjiyopatiyle hasar g\u00f6rm\u00fc\u015f bir b\u00f6lge ise ayn\u0131 \u00f6l\u00e7\u00fcde geri d\u00f6nmez.<\/p>\n\n\n\n<p class=\"wp-block-paragraph\">Sorun kuru cilt, yorgunluk veya yava\u015f yara iyile\u015fmesiyle birlikte ortaya \u00e7\u0131k\u0131yorsa hekim taraf\u0131ndan de\u011ferlendirilmelidir. Basit bir kan testi h\u0131zla yol g\u00f6sterir. Beklemeyin, erken tan\u0131 yaln\u0131zca sa\u00e7lar\u0131n\u0131z\u0131 de\u011fil, sa\u011fl\u0131\u011f\u0131n\u0131z\u0131 da korur. Nereden ba\u015flayaca\u011f\u0131ndan emin olmayanlar, <a href=\"\/tr\/sac-dokulmesinde-hangi-doktora-gidilir\/\">sa\u00e7 d\u00f6k\u00fclmesinde hangi doktora gidilir<\/a> yaz\u0131s\u0131nda yetkili birimleri bulabilir.<\/p>\n\n\n\n<h2 class=\"wp-block-heading\">\u00d6nleme: diyabette sa\u00e7 d\u00f6k\u00fclmesi nas\u0131l \u00f6nlenir?<\/h2>\n\n\n\n<p class=\"wp-block-paragraph\">Sa\u00e7 d\u00f6k\u00fclmesini \u00f6nlemek, diyabetle bilin\u00e7li bi\u00e7imde ba\u015f etmek ve genel sa\u011fl\u0131\u011fa \u00f6zen g\u00f6stermekle ba\u015flar. Hedefe y\u00f6nelik \u00f6nlemlerle sa\u00e7 kayb\u0131 riski belirgin bi\u00e7imde azalt\u0131labilir ve sa\u011fl\u0131kl\u0131 sa\u00e7 b\u00fcy\u00fcmesi uzun vadede desteklenebilir, b\u00f6ylece etkilenenler etkin bi\u00e7imde <strong>diyabete ba\u011fl\u0131 sa\u00e7 d\u00f6k\u00fclmesini durdurabilir<\/strong>.<\/p>\n\n\n\n<p class=\"wp-block-paragraph\">Diyabete ba\u011fl\u0131 sa\u00e7 d\u00f6k\u00fclmesinin durdurulup durdurulamayaca\u011f\u0131 sorusunun d\u00fcr\u00fcst bir yan\u0131t\u0131 var: yayg\u0131n, metabolik olarak tetiklenmi\u015f pay geriler, androgenetik pay ise bundan etkilenmez ve kendi tedavisini gerektirir.<\/p>\n\n\n\n<h3 class=\"wp-block-heading\">Kan \u015fekeri y\u00f6netimi: sa\u011fl\u0131kl\u0131 sa\u00e7\u0131n temeli<\/h3>\n\n\n\n<p class=\"wp-block-paragraph\">\u0130yi reg\u00fcle edilmi\u015f bir kan \u015fekeri diyabette sa\u00e7 d\u00f6k\u00fclmesini \u00f6nlemek i\u00e7in belirleyicidir. Y\u00fcksek de\u011ferler damarlara zarar verir, sa\u00e7 folik\u00fcllerinin beslenmesini azalt\u0131r ve sa\u00e7 kayb\u0131n\u0131 k\u00f6r\u00fckler.<\/p>\n\n\n\n<p class=\"wp-block-paragraph\">\u0130stikrarl\u0131 bir <a href=\"https:\/\/temd.org.tr\/halk\/hastaliklar\/diyabet-seker-hastaligi\" target=\"_blank\" rel=\"noopener\">HbA1c de\u011feri<\/a> k\u0131lavuzlara uygun bi\u00e7imde yakla\u015f\u0131k y\u00fczde 6,5 ila 7,5 aral\u0131\u011f\u0131nda kal\u0131rsa sa\u00e7 k\u00f6klerinin dola\u015f\u0131m\u0131 m\u00fcmk\u00fcn olan en iyi d\u00fczeyde tutulur. D\u00fczenli kan \u015fekeri \u00f6l\u00e7\u00fcmleri ve hekimle birlikte uyarlanan bir tedavi, komplikasyonlardan ka\u00e7\u0131nmaya ve sa\u00e7 b\u00fcy\u00fcmesini desteklemeye yard\u0131mc\u0131 olur.<\/p>\n\n\n<div class=\"wp-block-image\">\n<figure class=\"aligncenter size-large is-resized\" style=\"max-width:720px;margin-left:auto;margin-right:auto\"><img decoding=\"async\" src=\"https:\/\/elithair.com\/tr\/wp-content\/uploads\/sites\/10\/2026\/08\/blutzucker_alltag_messung.png\" alt=\"Bir adam kahvalt\u0131 masas\u0131nda kolundaki glukoz sens\u00f6r\u00fcn\u00fc kontrol ediyor\" class=\"wp-image-83809\" style=\"width:720px;max-width:100%;height:auto\"\/><\/figure>\n<\/div>\n\n\n<h3 class=\"wp-block-heading\">D\u00fczenli hekim kontrolleri: sorunlar\u0131 erken fark etmek<\/h3>\n\n\n\n<p class=\"wp-block-paragraph\">Diyabet beraberinde bir\u00e7ok yan bulgu getirebilir. D\u00fczenli hekim kontrolleri, besin eksiklikleri, hormonal de\u011fi\u015fiklikler veya dola\u015f\u0131m bozukluklar\u0131 gibi olas\u0131 sorunlar\u0131 erkenden fark edip hedefe y\u00f6nelik tedavi etmeyi sa\u011flar. Sa\u00e7 d\u00f6k\u00fclmesini bu g\u00f6r\u00fc\u015fmelerde kendiniz dile getirin, aksi h\u00e2lde diyabet randevusunda \u00e7o\u011fu zaman g\u00fcndeme gelmez.<\/p>\n\n\n\n<p class=\"wp-block-paragraph\">Kan tahlillerini ve sa\u00e7l\u0131 deri muayenesini i\u00e7eren kapsaml\u0131 bir sa\u011fl\u0131k kontrol\u00fc, sa\u00e7 kayb\u0131n\u0131 zaman\u0131nda s\u0131n\u0131rlamaya ve sa\u00e7 folik\u00fcllerinin sa\u011fl\u0131\u011f\u0131n\u0131 desteklemeye yard\u0131mc\u0131 olur. N\u00f6ropatide fark edilmemi\u015f k\u00fc\u00e7\u00fck yaralanmalar\u0131n kontrol\u00fc de buna dahildir, \u00e7\u00fcnk\u00fc bunlardan iltihap ve en k\u00f6t\u00fc durumda yara izli bir sa\u00e7 kayb\u0131 do\u011far.<\/p>\n\n\n\n<h3 class=\"wp-block-heading\">Sa\u011fl\u0131kl\u0131 ya\u015fam tarz\u0131: \u00f6nlemenin anahtar\u0131<\/h3>\n\n\n\n<p class=\"wp-block-paragraph\">Sa\u011fl\u0131kl\u0131 bir ya\u015fam tarz\u0131 sa\u00e7lar\u0131 ayr\u0131ca destekler. D\u00fczenli hareket dola\u015f\u0131m\u0131 iyile\u015ftirir ve sa\u00e7 k\u00f6klerini besinlerle bulu\u015fturur. G\u00fcnl\u00fck y\u00fcr\u00fcy\u00fc\u015fler ya da hafif egzersiz bile sa\u00e7 b\u00fcy\u00fcmesini destekler.<\/p>\n\n\n\n<p class=\"wp-block-paragraph\">Beslenme de \u00f6nemli: \u015fekerden ve yo\u011fun i\u015flenmi\u015f g\u0131dalardan ka\u00e7\u0131nmak kan \u015fekerini dengede tutmaya yard\u0131mc\u0131 olur. Sigara dola\u015f\u0131m\u0131 k\u00f6t\u00fcle\u015ftirir ve sa\u00e7 kayb\u0131n\u0131 art\u0131r\u0131r, bu nedenle sigaray\u0131 b\u0131rakmak, damarlar a\u00e7\u0131s\u0131ndan en b\u00fcy\u00fck fayday\u0131 sa\u011flayan ve en \u00e7ok k\u00fc\u00e7\u00fcmsenen ad\u0131md\u0131r.<\/p>\n\n\n\n<h3 class=\"wp-block-heading\">Sa\u00e7lar ne zaman yeniden uzar?<\/h3>\n\n\n\n<p class=\"wp-block-paragraph\">Yayg\u0131n, metabolik olarak tetiklenmi\u015f sa\u00e7 d\u00f6k\u00fclmesinde akut telojen efluvium, tetikleyici ortadan kalkt\u0131\u011f\u0131nda vakalar\u0131n yakla\u015f\u0131k y\u00fczde 95&#8217;inde kendili\u011finden geriler (StatPearls). Zaman \u00e7er\u00e7evesini sa\u00e7 d\u00f6ng\u00fcs\u00fc belirler ve bu s\u00fcre k\u0131salt\u0131lamaz, preparatlarla da k\u0131salt\u0131lamaz.<\/p>\n\n\n\n<style>\n@media (max-width:640px){\n.rt-table-wrap{overflow-x:visible!important;border:0!important;border-radius:0!important}\n.rt-table{min-width:0!important}\n.rt-table thead{display:none}\n.rt-table,.rt-table tbody,.rt-table tr,.rt-table td{display:block;width:100%}\n.rt-table caption{display:block;padding:0 0 12px!important}\n.rt-table tr{margin:0 0 12px;border:1px solid #dbe4f0;border-radius:10px;overflow:hidden}\n.rt-table tr:last-child{margin-bottom:0}\n.rt-table td{display:flex!important;flex-direction:column;gap:3px;padding:12px 14px!important;\nborder:0!important;border-bottom:1px solid #e3e8ef!important;background:#ffffff!important}\n.rt-table tr td:last-child{border-bottom:0!important}\n.rt-table td::before{content:attr(data-label);font-size:12px;font-weight:700;letter-spacing:.04em;\ntext-transform:uppercase;color:#5799F1}\n.rt-table td:not([data-label])::before,.rt-table td[data-label=\"\"]::before{display:none}\n}\n<\/style>\n<div class=\"rt-table-wrap\" style=\"overflow-x:auto;-webkit-overflow-scrolling:touch;margin:28px 0;border:1px solid #dbe4f0;border-radius:12px\">\n  <table class=\"rt-table\" style=\"width:100%;min-width:620px;table-layout:fixed;border-collapse:separate;border-spacing:0;font-size:15px;margin:0\">\n    <caption style=\"caption-side:top;text-align:left;color:#003366;font-weight:700;font-size:16px;line-height:1.35;padding:14px 16px 10px;background:#ffffff\">Yayg\u0131n, metabolik olarak tetiklenmi\u015f sa\u00e7 d\u00f6k\u00fclmesinde zaman \u00e7izelgesi. Androgenetik ve yara izli sa\u00e7 d\u00f6k\u00fclmesi i\u00e7in ge\u00e7erli de\u011fildir.<\/caption>\n    <thead>\n      <tr>\n        <th style=\"width:22%;background:#003366;color:#ffffff;font-weight:700;text-align:left;vertical-align:middle;padding:13px 16px;font-size:15px;line-height:1.4;border:0;overflow-wrap:break-word\">D\u00f6nem<\/th>\n        <th style=\"background:#003366;color:#ffffff;font-weight:700;text-align:left;vertical-align:middle;padding:13px 16px;font-size:15px;line-height:1.4;border:0;overflow-wrap:break-word\">V\u00fccutta ne oluyor<\/th>\n        <th style=\"background:#003366;color:#ffffff;font-weight:700;text-align:left;vertical-align:middle;padding:13px 16px;font-size:15px;line-height:1.4;border:0;overflow-wrap:break-word\">Ne g\u00f6r\u00fcyorsunuz<\/th>\n      <\/tr>\n    <\/thead>\n    <tbody>\n      <tr>\n        <td data-label=\"D\u00f6nem\" style=\"background:#ffffff;color:#003366;font-weight:700;text-align:left;vertical-align:top;padding:13px 16px;font-size:15px;line-height:1.55;border:0;border-bottom:1px solid #e3e8ef;overflow-wrap:break-word\">1 ila 2. ay<\/td>\n        <td data-label=\"V\u00fccutta ne oluyor\" style=\"background:#ffffff;color:#22303e;font-weight:400;text-align:left;vertical-align:top;padding:13px 16px;font-size:15px;line-height:1.55;border:0;border-bottom:1px solid #e3e8ef;overflow-wrap:break-word\">Tetikleyici geride kald\u0131, kan \u015fekeri dengeleniyor, daha az folik\u00fcl yeniden dinlenme faz\u0131na ge\u00e7iyor<\/td>\n        <td data-label=\"Ne g\u00f6r\u00fcyorsunuz\" style=\"background:#ffffff;color:#22303e;font-weight:400;text-align:left;vertical-align:top;padding:13px 16px;font-size:15px;line-height:1.55;border:0;border-bottom:1px solid #e3e8ef;overflow-wrap:break-word\">D\u00f6k\u00fclme yava\u015f yava\u015f azal\u0131yor, f\u0131r\u00e7ada ve giderde daha az sa\u00e7 birikiyor<\/td>\n      <\/tr>\n      <tr>\n        <td data-label=\"D\u00f6nem\" style=\"background:#f6f9fc;color:#003366;font-weight:700;text-align:left;vertical-align:top;padding:13px 16px;font-size:15px;line-height:1.55;border:0;border-bottom:1px solid #e3e8ef;overflow-wrap:break-word\">3 ila 4. ay<\/td>\n        <td data-label=\"V\u00fccutta ne oluyor\" style=\"background:#f6f9fc;color:#22303e;font-weight:400;text-align:left;vertical-align:top;padding:13px 16px;font-size:15px;line-height:1.55;border:0;border-bottom:1px solid #e3e8ef;overflow-wrap:break-word\">Folik\u00fcller daha \u00e7ok yeniden b\u00fcy\u00fcme faz\u0131na (anajen) giriyor<\/td>\n        <td data-label=\"Ne g\u00f6r\u00fcyorsunuz\" style=\"background:#f6f9fc;color:#22303e;font-weight:400;text-align:left;vertical-align:top;padding:13px 16px;font-size:15px;line-height:1.55;border:0;border-bottom:1px solid #e3e8ef;overflow-wrap:break-word\">D\u00f6k\u00fclme belirgin bi\u00e7imde azald\u0131, yo\u011funlukta hen\u00fcz bir de\u011fi\u015fiklik g\u00f6r\u00fcnm\u00fcyor<\/td>\n      <\/tr>\n      <tr>\n        <td data-label=\"D\u00f6nem\" style=\"background:#ffffff;color:#003366;font-weight:700;text-align:left;vertical-align:top;padding:13px 16px;font-size:15px;line-height:1.55;border:0;border-bottom:1px solid #e3e8ef;overflow-wrap:break-word\">5 ila 6. ay<\/td>\n        <td data-label=\"V\u00fccutta ne oluyor\" style=\"background:#ffffff;color:#22303e;font-weight:400;text-align:left;vertical-align:top;padding:13px 16px;font-size:15px;line-height:1.55;border:0;border-bottom:1px solid #e3e8ef;overflow-wrap:break-word\">Yeni sa\u00e7lar uzuyor, akut telojen efluvium \u00e7o\u011fu ki\u015fide sonlanm\u0131\u015f say\u0131l\u0131yor<\/td>\n        <td data-label=\"Ne g\u00f6r\u00fcyorsunuz\" style=\"background:#ffffff;color:#22303e;font-weight:400;text-align:left;vertical-align:top;padding:13px 16px;font-size:15px;line-height:1.55;border:0;border-bottom:1px solid #e3e8ef;overflow-wrap:break-word\">Sa\u00e7 ayr\u0131m\u0131nda ve \u00f6n sa\u00e7 \u00e7izgisinde k\u0131sa bebek sa\u00e7lar\u0131, sa\u00e7, diplerde yeniden daha yo\u011fun g\u00f6r\u00fcn\u00fcyor<\/td>\n      <\/tr>\n      <tr>\n        <td data-label=\"D\u00f6nem\" style=\"background:#f6f9fc;color:#003366;font-weight:700;text-align:left;vertical-align:top;padding:13px 16px;font-size:15px;line-height:1.55;border:0;overflow-wrap:break-word\">9 ila 12. ay<\/td>\n        <td data-label=\"V\u00fccutta ne oluyor\" style=\"background:#f6f9fc;color:#22303e;font-weight:400;text-align:left;vertical-align:top;padding:13px 16px;font-size:15px;line-height:1.55;border:0;overflow-wrap:break-word\">Yeni sa\u00e7lar uzunluk ve kal\u0131nl\u0131k kazan\u0131yor, d\u00f6ng\u00fc ertelenen dinlenme faz\u0131n\u0131 telafi ediyor<\/td>\n        <td data-label=\"Ne g\u00f6r\u00fcyorsunuz\" style=\"background:#f6f9fc;color:#22303e;font-weight:400;text-align:left;vertical-align:top;padding:13px 16px;font-size:15px;line-height:1.55;border:0;overflow-wrap:break-word\">G\u00f6zle g\u00f6r\u00fcl\u00fcr yo\u011funluk art\u0131\u015f\u0131, tam yo\u011funluk tek tek vakalarda 12 ila 18 ay alabilir<\/td>\n      <\/tr>\n    <\/tbody>\n  <\/table>\n<\/div>\n\n\n\n<p class=\"wp-block-paragraph\">Buna iki k\u0131s\u0131tlama e\u015flik ediyor: kan \u015fekeri y\u00fcksek kal\u0131rsa tetikleyici s\u00fcrd\u00fc\u011f\u00fc i\u00e7in zaman \u00e7izelgesi geriye kayar. Ve androgenetik bir pay birlikte geri gelmez, kendi tedavisi olmadan yava\u015f\u00e7a ilerlemeye devam eder.<\/p>\n\n\n\n<h2 class=\"wp-block-heading\">Etkilenenler nas\u0131l bir yol izlemeli?<\/h2>\n\n\n\n<p class=\"wp-block-paragraph\">Diyabette sa\u00e7 d\u00f6k\u00fclmesi zorlay\u0131c\u0131d\u0131r, ancak do\u011fru stratejiyle \u00e7o\u011fu zaman azalt\u0131labilir. Belirleyici olan istikrarl\u0131 bir kan \u015fekeri reg\u00fclasyonudur, \u00e7\u00fcnk\u00fc dola\u015f\u0131m\u0131 iyile\u015ftirir ve sa\u00e7 folik\u00fcllerinin en iyi bi\u00e7imde beslenmesini sa\u011flar.<\/p>\n\n\n\n<p class=\"wp-block-paragraph\">D\u00fczenli hekim kontrolleri ve uyarlanm\u0131\u015f bir tedavi, damarlarda ve sa\u00e7 k\u00f6klerinde uzun vadeli hasar\u0131 \u00f6nlemeye yard\u0131mc\u0131 olur. Hedefe y\u00f6nelik bak\u0131m ve sa\u011fl\u0131kl\u0131 bir ya\u015fam tarz\u0131yla birlikte etkilenenler sa\u00e7 b\u00fcy\u00fcmelerini destekleyebilir.<\/p>\n\n\n\n<p class=\"wp-block-paragraph\">Bu nedenle ilk ad\u0131m bir \u00fcr\u00fcn de\u011fil, do\u011fru laboratuvar de\u011ferleriyle al\u0131nm\u0131\u015f bir randevudur. Bu sekiz de\u011fer \u00e7o\u011fu vakada sa\u00e7 d\u00f6k\u00fclmesinin arkas\u0131nda metabolizman\u0131n m\u0131, bir eksikli\u011fin mi, tiroidin mi yoksa hormonal bir nedenin mi oldu\u011funu netle\u015ftirir. Listeyi g\u00f6r\u00fc\u015fmeye yan\u0131n\u0131zda g\u00f6t\u00fcr\u00fcn.<\/p>\n\n\n\n<style>\n@media (max-width:640px){\n.rt-table-wrap{overflow-x:visible!important;border:0!important;border-radius:0!important}\n.rt-table{min-width:0!important}\n.rt-table thead{display:none}\n.rt-table,.rt-table tbody,.rt-table tr,.rt-table td{display:block;width:100%}\n.rt-table caption{display:block;padding:0 0 12px!important}\n.rt-table tr{margin:0 0 12px;border:1px solid #dbe4f0;border-radius:10px;overflow:hidden}\n.rt-table tr:last-child{margin-bottom:0}\n.rt-table td{display:flex!important;flex-direction:column;gap:3px;padding:12px 14px!important;\nborder:0!important;border-bottom:1px solid #e3e8ef!important;background:#ffffff!important}\n.rt-table tr td:last-child{border-bottom:0!important}\n.rt-table td::before{content:attr(data-label);font-size:12px;font-weight:700;letter-spacing:.04em;\ntext-transform:uppercase;color:#5799F1}\n.rt-table td:not([data-label])::before,.rt-table td[data-label=\"\"]::before{display:none}\n}\n<\/style>\n<div class=\"rt-table-wrap\" style=\"overflow-x:auto;-webkit-overflow-scrolling:touch;margin:28px 0;border:1px solid #dbe4f0;border-radius:12px\">\n  <table class=\"rt-table\" style=\"width:100%;min-width:700px;table-layout:fixed;border-collapse:separate;border-spacing:0;font-size:15px;margin:0\">\n    <caption style=\"caption-side:top;text-align:left;color:#003366;font-weight:700;font-size:16px;line-height:1.35;padding:14px 16px 10px;background:#ffffff\">Hekim g\u00f6r\u00fc\u015fmesi i\u00e7in yol haritan\u0131z: bu sekiz de\u011fer nedeni netle\u015ftirir<\/caption>\n    <thead>\n      <tr>\n        <th style=\"width:20%;background:#003366;color:#ffffff;font-weight:700;text-align:left;vertical-align:middle;padding:13px 16px;font-size:15px;line-height:1.4;border:0;overflow-wrap:break-word\">De\u011fer<\/th>\n        <th style=\"background:#003366;color:#ffffff;font-weight:700;text-align:left;vertical-align:middle;padding:13px 16px;font-size:15px;line-height:1.4;border:0;overflow-wrap:break-word\">Diyabet ve sa\u00e7 d\u00f6k\u00fclmesinde neden \u00f6nemli<\/th>\n        <th style=\"background:#003366;color:#ffffff;font-weight:700;text-align:left;vertical-align:middle;padding:13px 16px;font-size:15px;line-height:1.4;border:0;overflow-wrap:break-word\">Yol g\u00f6sterici aral\u0131k<\/th>\n        <th style=\"background:#003366;color:#ffffff;font-weight:700;text-align:left;vertical-align:middle;padding:13px 16px;font-size:15px;line-height:1.4;border:0;overflow-wrap:break-word\">A\u00e7l\u0131k gerekir mi?<\/th>\n        <th style=\"background:#003366;color:#ffffff;font-weight:700;text-align:left;vertical-align:middle;padding:13px 16px;font-size:15px;line-height:1.4;border:0;overflow-wrap:break-word\">Kim \u00f6l\u00e7er<\/th>\n      <\/tr>\n    <\/thead>\n    <tbody>\n      <tr>\n        <td data-label=\"De\u011fer\" style=\"background:#ffffff;color:#003366;font-weight:700;text-align:left;vertical-align:top;padding:13px 16px;font-size:15px;line-height:1.55;border:0;border-bottom:1px solid #e3e8ef;overflow-wrap:break-word\">HbA1c<\/td>\n        <td data-label=\"Diyabet ve sa\u00e7 d\u00f6k\u00fclmesinde neden \u00f6nemli\" style=\"background:#ffffff;color:#22303e;font-weight:400;text-align:left;vertical-align:top;padding:13px 16px;font-size:15px;line-height:1.55;border:0;border-bottom:1px solid #e3e8ef;overflow-wrap:break-word\">Son 8 ila 12 haftan\u0131n uzun vadeli kan \u015fekeri, etkilenebilir en g\u00fc\u00e7l\u00fc fakt\u00f6r<\/td>\n        <td data-label=\"Yol g\u00f6sterici aral\u0131k\" style=\"background:#ffffff;color:#22303e;font-weight:400;text-align:left;vertical-align:top;padding:13px 16px;font-size:15px;line-height:1.55;border:0;border-bottom:1px solid #e3e8ef;overflow-wrap:break-word\">Hedef aral\u0131k y\u00fczde 6,5 ila 7,5 (k\u0131lavuzlara g\u00f6re bireyselle\u015ftirilmi\u015f), ADA standart hedefi y\u00fczde 7&#8217;nin alt\u0131, tan\u0131 e\u015fi\u011fi y\u00fczde 6,5<\/td>\n        <td data-label=\"A\u00e7l\u0131k gerekir mi?\" style=\"background:#ffffff;color:#22303e;font-weight:400;text-align:left;vertical-align:top;padding:13px 16px;font-size:15px;line-height:1.55;border:0;border-bottom:1px solid #e3e8ef;overflow-wrap:break-word\">Hay\u0131r<\/td>\n        <td data-label=\"Kim \u00f6l\u00e7er\" style=\"background:#ffffff;color:#22303e;font-weight:400;text-align:left;vertical-align:top;padding:13px 16px;font-size:15px;line-height:1.55;border:0;border-bottom:1px solid #e3e8ef;overflow-wrap:break-word\">Aile hekimi veya endokrinoloji<\/td>\n      <\/tr>\n      <tr>\n        <td data-label=\"De\u011fer\" style=\"background:#f6f9fc;color:#003366;font-weight:700;text-align:left;vertical-align:top;padding:13px 16px;font-size:15px;line-height:1.55;border:0;border-bottom:1px solid #e3e8ef;overflow-wrap:break-word\">A\u00e7l\u0131k ins\u00fclini ve HOMA-IR<\/td>\n        <td data-label=\"Diyabet ve sa\u00e7 d\u00f6k\u00fclmesinde neden \u00f6nemli\" style=\"background:#f6f9fc;color:#22303e;font-weight:400;text-align:left;vertical-align:top;padding:13px 16px;font-size:15px;line-height:1.55;border:0;border-bottom:1px solid #e3e8ef;overflow-wrap:break-word\">Tip 2 ve PKOS&#8217;un arkas\u0131ndaki ins\u00fclin direncini say\u0131salla\u015ft\u0131r\u0131r<\/td>\n        <td data-label=\"Yol g\u00f6sterici aral\u0131k\" style=\"background:#f6f9fc;color:#22303e;font-weight:400;text-align:left;vertical-align:top;padding:13px 16px;font-size:15px;line-height:1.55;border:0;border-bottom:1px solid #e3e8ef;overflow-wrap:break-word\">Kayna\u011fa g\u00f6re yakla\u015f\u0131k 1,9 ila 2,7&#8217;den itibaren anlaml\u0131, onaylanm\u0131\u015f bir s\u0131n\u0131r de\u011fer yok<\/td>\n        <td data-label=\"A\u00e7l\u0131k gerekir mi?\" style=\"background:#f6f9fc;color:#22303e;font-weight:400;text-align:left;vertical-align:top;padding:13px 16px;font-size:15px;line-height:1.55;border:0;border-bottom:1px solid #e3e8ef;overflow-wrap:break-word\">Evet, 8 ila 12 saat<\/td>\n        <td data-label=\"Kim \u00f6l\u00e7er\" style=\"background:#f6f9fc;color:#22303e;font-weight:400;text-align:left;vertical-align:top;padding:13px 16px;font-size:15px;line-height:1.55;border:0;border-bottom:1px solid #e3e8ef;overflow-wrap:break-word\">Aile hekimi veya endokrinoloji<\/td>\n      <\/tr>\n      <tr>\n        <td data-label=\"De\u011fer\" style=\"background:#ffffff;color:#003366;font-weight:700;text-align:left;vertical-align:top;padding:13px 16px;font-size:15px;line-height:1.55;border:0;border-bottom:1px solid #e3e8ef;overflow-wrap:break-word\">Ferritin<\/td>\n        <td data-label=\"Diyabet ve sa\u00e7 d\u00f6k\u00fclmesinde neden \u00f6nemli\" style=\"background:#ffffff;color:#22303e;font-weight:400;text-align:left;vertical-align:top;padding:13px 16px;font-size:15px;line-height:1.55;border:0;border-bottom:1px solid #e3e8ef;overflow-wrap:break-word\">Yayg\u0131n sa\u00e7 d\u00f6k\u00fclmesinde en s\u0131k g\u00f6r\u00fclen sessiz eksiklik, \u00f6zellikle kad\u0131nlarda<\/td>\n        <td data-label=\"Yol g\u00f6sterici aral\u0131k\" style=\"background:#ffffff;color:#22303e;font-weight:400;text-align:left;vertical-align:top;padding:13px 16px;font-size:15px;line-height:1.55;border:0;border-bottom:1px solid #e3e8ef;overflow-wrap:break-word\">Laboratuvar\u0131n referans aral\u0131\u011f\u0131, bulguyu g\u00f6r\u00fc\u015fmede de\u011ferlendirtin<\/td>\n        <td data-label=\"A\u00e7l\u0131k gerekir mi?\" style=\"background:#ffffff;color:#22303e;font-weight:400;text-align:left;vertical-align:top;padding:13px 16px;font-size:15px;line-height:1.55;border:0;border-bottom:1px solid #e3e8ef;overflow-wrap:break-word\">Hay\u0131r<\/td>\n        <td data-label=\"Kim \u00f6l\u00e7er\" style=\"background:#ffffff;color:#22303e;font-weight:400;text-align:left;vertical-align:top;padding:13px 16px;font-size:15px;line-height:1.55;border:0;border-bottom:1px solid #e3e8ef;overflow-wrap:break-word\">Aile hekimi<\/td>\n      <\/tr>\n      <tr>\n        <td data-label=\"De\u011fer\" style=\"background:#f6f9fc;color:#003366;font-weight:700;text-align:left;vertical-align:top;padding:13px 16px;font-size:15px;line-height:1.55;border:0;border-bottom:1px solid #e3e8ef;overflow-wrap:break-word\">TSH, anormallik varsa fT3, fT4 ve TPO antikorlar\u0131<\/td>\n        <td data-label=\"Diyabet ve sa\u00e7 d\u00f6k\u00fclmesinde neden \u00f6nemli\" style=\"background:#f6f9fc;color:#22303e;font-weight:400;text-align:left;vertical-align:top;padding:13px 16px;font-size:15px;line-height:1.55;border:0;border-bottom:1px solid #e3e8ef;overflow-wrap:break-word\">Tiroit, Tip 1 diyabette daha s\u0131k etkileniyor (y\u00fczde 16,3&#8217;\u00fcnde Hashimoto)<\/td>\n        <td data-label=\"Yol g\u00f6sterici aral\u0131k\" style=\"background:#f6f9fc;color:#22303e;font-weight:400;text-align:left;vertical-align:top;padding:13px 16px;font-size:15px;line-height:1.55;border:0;border-bottom:1px solid #e3e8ef;overflow-wrap:break-word\">Laboratuvar\u0131n referans aral\u0131\u011f\u0131<\/td>\n        <td data-label=\"A\u00e7l\u0131k gerekir mi?\" style=\"background:#f6f9fc;color:#22303e;font-weight:400;text-align:left;vertical-align:top;padding:13px 16px;font-size:15px;line-height:1.55;border:0;border-bottom:1px solid #e3e8ef;overflow-wrap:break-word\">Hay\u0131r<\/td>\n        <td data-label=\"Kim \u00f6l\u00e7er\" style=\"background:#f6f9fc;color:#22303e;font-weight:400;text-align:left;vertical-align:top;padding:13px 16px;font-size:15px;line-height:1.55;border:0;border-bottom:1px solid #e3e8ef;overflow-wrap:break-word\">Aile hekimi<\/td>\n      <\/tr>\n      <tr>\n        <td data-label=\"De\u011fer\" style=\"background:#ffffff;color:#003366;font-weight:700;text-align:left;vertical-align:top;padding:13px 16px;font-size:15px;line-height:1.55;border:0;border-bottom:1px solid #e3e8ef;overflow-wrap:break-word\">B12 vitamini, s\u0131n\u0131rda de\u011ferlerde holotranskobalamin<\/td>\n        <td data-label=\"Diyabet ve sa\u00e7 d\u00f6k\u00fclmesinde neden \u00f6nemli\" style=\"background:#ffffff;color:#22303e;font-weight:400;text-align:left;vertical-align:top;padding:13px 16px;font-size:15px;line-height:1.55;border:0;border-bottom:1px solid #e3e8ef;overflow-wrap:break-word\">Metformin uzun s\u00fcreli kullan\u0131mda emilimi azalt\u0131r<\/td>\n        <td data-label=\"Yol g\u00f6sterici aral\u0131k\" style=\"background:#ffffff;color:#22303e;font-weight:400;text-align:left;vertical-align:top;padding:13px 16px;font-size:15px;line-height:1.55;border:0;border-bottom:1px solid #e3e8ef;overflow-wrap:break-word\">Laboratuvar\u0131n referans aral\u0131\u011f\u0131<\/td>\n        <td data-label=\"A\u00e7l\u0131k gerekir mi?\" style=\"background:#ffffff;color:#22303e;font-weight:400;text-align:left;vertical-align:top;padding:13px 16px;font-size:15px;line-height:1.55;border:0;border-bottom:1px solid #e3e8ef;overflow-wrap:break-word\">Hay\u0131r<\/td>\n        <td data-label=\"Kim \u00f6l\u00e7er\" style=\"background:#ffffff;color:#22303e;font-weight:400;text-align:left;vertical-align:top;padding:13px 16px;font-size:15px;line-height:1.55;border:0;border-bottom:1px solid #e3e8ef;overflow-wrap:break-word\">Aile hekimi<\/td>\n      <\/tr>\n      <tr>\n        <td data-label=\"De\u011fer\" style=\"background:#f6f9fc;color:#003366;font-weight:700;text-align:left;vertical-align:top;padding:13px 16px;font-size:15px;line-height:1.55;border:0;border-bottom:1px solid #e3e8ef;overflow-wrap:break-word\">\u00c7inko<\/td>\n        <td data-label=\"Diyabet ve sa\u00e7 d\u00f6k\u00fclmesinde neden \u00f6nemli\" style=\"background:#f6f9fc;color:#22303e;font-weight:400;text-align:left;vertical-align:top;padding:13px 16px;font-size:15px;line-height:1.55;border:0;border-bottom:1px solid #e3e8ef;overflow-wrap:break-word\">Sa\u00e7 d\u00f6ng\u00fcs\u00fc i\u00e7in gerekli, diyabette daha s\u0131k d\u00fc\u015f\u00fck<\/td>\n        <td data-label=\"Yol g\u00f6sterici aral\u0131k\" style=\"background:#f6f9fc;color:#22303e;font-weight:400;text-align:left;vertical-align:top;padding:13px 16px;font-size:15px;line-height:1.55;border:0;border-bottom:1px solid #e3e8ef;overflow-wrap:break-word\">Laboratuvar\u0131n referans aral\u0131\u011f\u0131<\/td>\n        <td data-label=\"A\u00e7l\u0131k gerekir mi?\" style=\"background:#f6f9fc;color:#22303e;font-weight:400;text-align:left;vertical-align:top;padding:13px 16px;font-size:15px;line-height:1.55;border:0;border-bottom:1px solid #e3e8ef;overflow-wrap:break-word\">En iyisi sabah, ko\u015fulu laboratuvarla netle\u015ftirin<\/td>\n        <td data-label=\"Kim \u00f6l\u00e7er\" style=\"background:#f6f9fc;color:#22303e;font-weight:400;text-align:left;vertical-align:top;padding:13px 16px;font-size:15px;line-height:1.55;border:0;border-bottom:1px solid #e3e8ef;overflow-wrap:break-word\">Aile hekimi<\/td>\n      <\/tr>\n      <tr>\n        <td data-label=\"De\u011fer\" style=\"background:#ffffff;color:#003366;font-weight:700;text-align:left;vertical-align:top;padding:13px 16px;font-size:15px;line-height:1.55;border:0;border-bottom:1px solid #e3e8ef;overflow-wrap:break-word\">D vitamini<\/td>\n        <td data-label=\"Diyabet ve sa\u00e7 d\u00f6k\u00fclmesinde neden \u00f6nemli\" style=\"background:#ffffff;color:#22303e;font-weight:400;text-align:left;vertical-align:top;padding:13px 16px;font-size:15px;line-height:1.55;border:0;border-bottom:1px solid #e3e8ef;overflow-wrap:break-word\">Tip 2 diyabette \u00f6zellikle s\u0131k d\u00fc\u015f\u00fck (bir meta-analizde y\u00fczde 60,5)<\/td>\n        <td data-label=\"Yol g\u00f6sterici aral\u0131k\" style=\"background:#ffffff;color:#22303e;font-weight:400;text-align:left;vertical-align:top;padding:13px 16px;font-size:15px;line-height:1.55;border:0;border-bottom:1px solid #e3e8ef;overflow-wrap:break-word\">Laboratuvar\u0131n referans aral\u0131\u011f\u0131<\/td>\n        <td data-label=\"A\u00e7l\u0131k gerekir mi?\" style=\"background:#ffffff;color:#22303e;font-weight:400;text-align:left;vertical-align:top;padding:13px 16px;font-size:15px;line-height:1.55;border:0;border-bottom:1px solid #e3e8ef;overflow-wrap:break-word\">Hay\u0131r<\/td>\n        <td data-label=\"Kim \u00f6l\u00e7er\" style=\"background:#ffffff;color:#22303e;font-weight:400;text-align:left;vertical-align:top;padding:13px 16px;font-size:15px;line-height:1.55;border:0;border-bottom:1px solid #e3e8ef;overflow-wrap:break-word\">Aile hekimi<\/td>\n      <\/tr>\n      <tr>\n        <td data-label=\"De\u011fer\" style=\"background:#f6f9fc;color:#003366;font-weight:700;text-align:left;vertical-align:top;padding:13px 16px;font-size:15px;line-height:1.55;border:0;overflow-wrap:break-word\">Testosteron, SHBG, DHEAS (kad\u0131nlarda)<\/td>\n        <td data-label=\"Diyabet ve sa\u00e7 d\u00f6k\u00fclmesinde neden \u00f6nemli\" style=\"background:#f6f9fc;color:#22303e;font-weight:400;text-align:left;vertical-align:top;padding:13px 16px;font-size:15px;line-height:1.55;border:0;overflow-wrap:break-word\">PKOS \u015f\u00fcphesinde hiperandrojenemi<\/td>\n        <td data-label=\"Yol g\u00f6sterici aral\u0131k\" style=\"background:#f6f9fc;color:#22303e;font-weight:400;text-align:left;vertical-align:top;padding:13px 16px;font-size:15px;line-height:1.55;border:0;overflow-wrap:break-word\">Laboratuvar\u0131n referans aral\u0131\u011f\u0131, siklusa ba\u011fl\u0131<\/td>\n        <td data-label=\"A\u00e7l\u0131k gerekir mi?\" style=\"background:#f6f9fc;color:#22303e;font-weight:400;text-align:left;vertical-align:top;padding:13px 16px;font-size:15px;line-height:1.55;border:0;overflow-wrap:break-word\">Sabah, siklus g\u00fcn\u00fcne dikkat edin<\/td>\n        <td data-label=\"Kim \u00f6l\u00e7er\" style=\"background:#f6f9fc;color:#22303e;font-weight:400;text-align:left;vertical-align:top;padding:13px 16px;font-size:15px;line-height:1.55;border:0;overflow-wrap:break-word\">Kad\u0131n hastal\u0131klar\u0131 veya endokrinoloji<\/td>\n      <\/tr>\n    <\/tbody>\n  <\/table>\n<\/div>\n\n\n\n<p class=\"wp-block-paragraph\">Buna \u00fc\u00e7 pratik not: son 12 ay\u0131n HbA1c seyrini yan\u0131n\u0131zda g\u00f6t\u00fcr\u00fcn, yaln\u0131zca son de\u011feri de\u011fil. Bu tetkiklerin t\u00fcm\u00fc her durumda geri \u00f6deme kapsam\u0131nda olmayabilir, bunu \u00f6nceden sorun. Ve besin takviyesi ancak kan\u0131tlanm\u0131\u015f bir eksiklikten sonra anlaml\u0131d\u0131r, \u00e7\u00fcnk\u00fc A vitamini ve selenyum a\u015f\u0131r\u0131 dozda kendileri sa\u00e7 d\u00f6k\u00fclmesini kolayla\u015ft\u0131r\u0131r.<\/p>\n\n\n<div class=\"wp-block-image\">\n<figure class=\"aligncenter size-large is-resized\" style=\"max-width:720px;margin-left:auto;margin-right:auto\"><img decoding=\"async\" src=\"https:\/\/elithair.com\/tr\/wp-content\/uploads\/sites\/10\/2026\/08\/arztgespraech_laborwerte.png\" alt=\"Bir kad\u0131n hekim, masada hastas\u0131yla birlikte \u00e7\u0131kt\u0131 al\u0131nm\u0131\u015f laboratuvar sonu\u00e7lar\u0131n\u0131 de\u011ferlendiriyor\" class=\"wp-image-83810\" style=\"width:720px;max-width:100%;height:auto\"\/><\/figure>\n<\/div>\n\n\n<h3 class=\"wp-block-heading\">Beslenme: sa\u011fl\u0131kl\u0131 sa\u00e7\u0131n yap\u0131 ta\u015f\u0131 olarak g\u0131da<\/h3>\n\n\n\n<p class=\"wp-block-paragraph\">Dengeli bir <a href=\"\/tr\/sac-uzamasina-yardimci-besinler-nelerdir\/\">beslenme<\/a> kan \u015fekerini dengeler ve sa\u00e7 k\u00f6klerini g\u00fc\u00e7lendirir. Ye\u015fil yaprakl\u0131 sebzeler, kuruyemi\u015fler, tohumlar ve ya\u011fs\u0131z protein gibi besin de\u011feri y\u00fcksek g\u0131dalar, sa\u00e7 b\u00fcy\u00fcmesi i\u00e7in gerekli olan demir, \u00e7inko, biotin ve D vitaminini sa\u011flar.<\/p>\n\n\n\n<p class=\"wp-block-paragraph\">Lif a\u00e7\u0131s\u0131ndan zengin tam tah\u0131ll\u0131 \u00fcr\u00fcnler kan \u015fekerini sabit tutmaya yard\u0131mc\u0131 olurken \u015fekerden ve yo\u011fun i\u015flenmi\u015f g\u0131dalardan ka\u00e7\u0131n\u0131lmal\u0131d\u0131r. Besin eksikliklerinde takviyeler destek olabilir, ancak yaln\u0131zca hekime dan\u0131\u015farak.<\/p>\n\n\n\n<p class=\"wp-block-paragraph\">Diyabete \u00f6zg\u00fc eksiklik iyi belgelenmi\u015f durumda: Tip 2 diyabetlilerin y\u00fczde 45&#8217;inde en az bir mikro besin eksikli\u011fi var, ba\u015fta y\u00fczde 60,5 ile D vitamini, ard\u0131ndan y\u00fczde 42 ile magnezyum ve y\u00fczde 28 ile demir geliyor (132 \u00e7al\u0131\u015fmay\u0131 kapsayan meta-analiz, Mangal ve ark. 2024). Kan\u0131tlanm\u0131\u015f bir eksiklik olmadan takviye i\u015fe yaramaz, a\u015f\u0131r\u0131 dozda A vitamini ve selenyumda etki tersine bile d\u00f6ner.<\/p>\n\n\n\n<h3 class=\"wp-block-heading\">Sa\u00e7 bak\u0131m\u0131: hassas sa\u00e7 i\u00e7in nazik y\u00f6ntemler<\/h3>\n\n\n\n<p class=\"wp-block-paragraph\">Sa\u00e7\u0131 korumak ve daha fazla kay\u0131p ya\u015famamak i\u00e7in do\u011fru sa\u00e7 bak\u0131m\u0131 \u00f6nemlidir. Sa\u00e7l\u0131 deriyi tahri\u015f etmeyen, silikonsuz ve yumu\u015fak \u00fcr\u00fcnler kullan\u0131n, kimyasal boya veya perma gibi agresif i\u015flemlerden ka\u00e7\u0131n\u0131n.<\/p>\n\n\n\n<p class=\"wp-block-paragraph\">D\u00fczle\u015ftirici veya ma\u015fa gibi \u0131s\u0131ya dayal\u0131 \u015fekillendirme y\u00f6ntemleri azalt\u0131lmal\u0131 ya da tamamen b\u0131rak\u0131lmal\u0131d\u0131r, \u00e7\u00fcnk\u00fc sa\u00e7\u0131 fazladan y\u0131prat\u0131rlar. Bunun yerine Hint ya\u011f\u0131 veya Hindistan cevizi ya\u011f\u0131 gibi do\u011fal ya\u011flarla yap\u0131lan d\u00fczenli sa\u00e7l\u0131 deri masajlar\u0131 dola\u015f\u0131m\u0131 desteklemeye ve sa\u00e7 folik\u00fcllerini g\u00fc\u00e7lendirmeye yard\u0131mc\u0131 olabilir.<\/p>\n\n\n\n<p class=\"wp-block-paragraph\">Buna dair bir de\u011ferlendirme: bu t\u00fcr masajlar\u0131n ve ya\u011flar\u0131n sa\u00e7 b\u00fcy\u00fcmesine etkisine ili\u015fkin g\u00fcvenilir veriler yoktur. Kurulu\u011fa kar\u015f\u0131 keyifli bir bak\u0131m olarak sorunsuzdurlar, bir tedavi olarak anla\u015f\u0131lmamal\u0131d\u0131rlar.<\/p>\n\n\n\n<p class=\"wp-block-paragraph\">\u00d6zellikle diyabetik sa\u00e7l\u0131 deride: s\u0131cak du\u015flardan ka\u00e7\u0131n\u0131n, yumu\u015fak ve pH&#8217;\u0131 uygun temizlik yap\u0131n ve sa\u00e7l\u0131 deriyi d\u00fczenli olarak yaralanmalara kar\u015f\u0131 g\u00f6zden ge\u00e7irin. N\u00f6ropatide k\u00fc\u00e7\u00fck yaralar hissedilmez ve kan \u015fekeri y\u00fcksekken daha yava\u015f iyile\u015fir.<\/p>\n\n\n\n<h3 class=\"wp-block-heading\">Stresle ba\u015f etme: beden ve zihin i\u00e7in dinginlik<\/h3>\n\n\n\n<p class=\"wp-block-paragraph\">Stres sa\u00e7 d\u00f6k\u00fclmesini art\u0131r\u0131r ve kan \u015fekeri kontrol\u00fcn\u00fc zorla\u015ft\u0131r\u0131r. Yoga, meditasyon veya kas gev\u015fetme gibi rahatlama teknikleri stres d\u00fczeyini d\u00fc\u015f\u00fcrmeye ve iyi hissetmeye yard\u0131mc\u0131 olur.<\/p>\n\n\n\n<p class=\"wp-block-paragraph\">D\u00fczenli hareket de, ister bir y\u00fcr\u00fcy\u00fc\u015f ister orta d\u00fczeyde spor olsun, sakinle\u015ftirir ve kan \u015fekerini dengeler. Bedensel ve zihinsel rahatlaman\u0131n birle\u015fimi yaln\u0131zca sa\u00e7\u0131 de\u011fil, sa\u011fl\u0131\u011f\u0131 da g\u00fc\u00e7lendirir. Bunda k\u00fc\u00e7\u00fcmsenen etken uykudur: uykusuzluk ins\u00fclin duyarl\u0131l\u0131\u011f\u0131n\u0131 k\u00f6t\u00fcle\u015ftirir ve a\u00e7l\u0131k de\u011ferlerini y\u00fckseltir.<\/p>\n\n\n\n<h2 class=\"wp-block-heading\">T\u0131bbi ve kozmetik tedavi se\u00e7enekleri<\/h2>\n\n\n\n<p class=\"wp-block-paragraph\">Etkilenenler i\u00e7in d\u00f6k\u00fclmeyi durdurmaya ve b\u00fcy\u00fcmeyi desteklemeye yard\u0131mc\u0131 olabilecek \u00e7ok say\u0131da t\u0131bbi ve kozmetik yakla\u015f\u0131m var. Bireysel duruma g\u00f6re bu se\u00e7enekler, g\u00f6r\u00fcn\u00fcr sonu\u00e7lar elde etmek i\u00e7in hedefe y\u00f6nelik bi\u00e7imde kullan\u0131labilir.<\/p>\n\n\n\n<p class=\"wp-block-paragraph\">Hangi tedavinin anlaml\u0131 oldu\u011fu ise t\u00fcm\u00fcyle paterne ba\u011fl\u0131d\u0131r. Minoksidil, finasterid ve PRP androgenetik alopesiye y\u00f6neliktir. Tamamen yayg\u0131n, metabolik olarak tetiklenmi\u015f bir sa\u00e7 d\u00f6k\u00fclmesinde bunlar yanl\u0131\u015f yerde etki eder, neden ise s\u00fcrmeye devam eder.<\/p>\n\n\n\n<h3 class=\"wp-block-heading\">Topikal tedaviler: do\u011frudan sa\u00e7l\u0131 deride etkili bak\u0131m<\/h3>\n\n\n\n<p class=\"wp-block-paragraph\"><a href=\"\/tr\/minoksidil-sac-dokulmesi\/\">Minoksidil<\/a> denenmi\u015f bir \u00e7\u00f6z\u00fcmd\u00fcr ve androgenetik alopeside kan\u0131t d\u00fczeyi y\u00fcksek tek topikal tedavidir. Etkileri aras\u0131nda damar geni\u015fletici etki de vard\u0131r, bu da sa\u00e7 folik\u00fcllerinin dola\u015f\u0131m\u0131n\u0131 iyile\u015ftirebilir, b\u00fcy\u00fcme faz\u0131n\u0131 uzat\u0131r ve d\u00fczenli kullan\u0131mda g\u00f6zle g\u00f6r\u00fcl\u00fcr sonu\u00e7lar sa\u011flayabilir.<\/p>\n\n\n\n<p class=\"wp-block-paragraph\">Yan etkileri olabildi\u011finden, diyabet hastalar\u0131 kullanmadan \u00f6nce hekime dan\u0131\u015fmal\u0131d\u0131r. Kafein ve biotin i\u00e7eren serumlar\u0131n da sa\u00e7 k\u00f6klerini g\u00fc\u00e7lendirdi\u011fi s\u00f6ylenir ve tamamlay\u0131c\u0131 bak\u0131m olarak destek olabilirler, ancak biotinin faydas\u0131 yaln\u0131zca kan\u0131tlanm\u0131\u015f bir eksiklikte g\u00f6sterilmi\u015ftir.<\/p>\n\n\n\n<p class=\"wp-block-paragraph\">Diyabetli ki\u015filer i\u00e7in iki nokta \u00f6nemli. Birincisi, etki yaln\u0131zca androgenetik alopeside kan\u0131tlanm\u0131\u015ft\u0131r, metabolik olarak tetiklenmi\u015f telojen efluviumda de\u011fil. \u0130kincisi, ruhsat d\u0131\u015f\u0131 kullan\u0131lan a\u011f\u0131zdan minoksidil sodyum ve su tutulmas\u0131na yol a\u00e7ar; \u00f6dem yapabilir, \u00f6nceden var olan kalp ya da b\u00f6brek yetmezli\u011finde dekompansasyona neden olabilir (Mayo Clinic). Dolay\u0131s\u0131yla bu, kendi kendine ila\u00e7 kullan\u0131m\u0131 de\u011fil, hekimin de\u011ferlendirmesi gereken bir konudur.<\/p>\n\n\n\n<h3 class=\"wp-block-heading\">PRP tedavisi: daha g\u00fc\u00e7l\u00fc sa\u00e7 i\u00e7in kendi kan\u0131n\u0131z<\/h3>\n\n\n\n<p class=\"wp-block-paragraph\">Trombositten zengin plazma y\u00f6ntemi, yani PRP tedavisi sa\u00e7 b\u00fcy\u00fcmesini, b\u00fcy\u00fcme fakt\u00f6rlerini do\u011frudan sa\u00e7l\u0131 deriye ta\u015f\u0131yan kendi kan enjeksiyonlar\u0131yla uyarmay\u0131 ama\u00e7lar. Bunlar sa\u00e7 folik\u00fcllerini g\u00fc\u00e7lendirir ve yenilenmeyi uyar\u0131r.<\/p>\n\n\n\n<p class=\"wp-block-paragraph\">\u00c7ok say\u0131da sistematik derleme, androgenetik alopeside sa\u00e7 yo\u011funlu\u011funun iyile\u015fmesi i\u00e7in orta d\u00fczeyde kan\u0131t g\u00f6steriyor, ancak sa\u00e7 kal\u0131nl\u0131\u011f\u0131 \u00fczerinde anlaml\u0131 bir etki bulmuyor. G\u00fcncel meta-analizler \u00e7al\u0131\u015fma verilerini heterojen, d\u00fc\u015f\u00fck kaliteli ve belirgin bir yay\u0131n yanl\u0131l\u0131\u011f\u0131 ta\u015f\u0131yan veriler olarak tan\u0131ml\u0131yor, konsantrasyon, doz, enjeksiyon derinli\u011fi ve seans say\u0131s\u0131na ili\u015fkin bir uzla\u015f\u0131 protokol\u00fc yok.<\/p>\n\n\n\n<p class=\"wp-block-paragraph\">Diyabet hastalar\u0131 i\u00e7in \u00f6zel bir avantaj kan\u0131tlanm\u0131\u015f de\u011fildir, \u00e7\u00fcnk\u00fc diyabete \u00f6zg\u00fc PRP \u00e7al\u0131\u015fmalar\u0131 yoktur. Pratikte \u00f6nemli olan, sistemik ila\u00e7lara gerek olmamas\u0131d\u0131r. Yine de \u00f6ncesinde hekime dan\u0131\u015fmak \u00f6nerilir.<\/p>\n\n\n\n<h3 class=\"wp-block-heading\">\u0130la\u00e7larla sistemik destek<\/h3>\n\n\n\n<p class=\"wp-block-paragraph\">Finasterid gibi ila\u00e7lar, testosteronun <a href=\"https:\/\/tr.wikipedia.org\/wiki\/Dihidrotestosteron\" target=\"_blank\" rel=\"noopener\">DHT&#8217;ye<\/a> d\u00f6n\u00fc\u015f\u00fcm\u00fcn\u00fc engelleyerek sa\u00e7 kayb\u0131n\u0131 yava\u015flatabilir. Ancak bunlar herkes i\u00e7in uygun de\u011fildir ve diyabette yaln\u0131zca hekime dan\u0131\u015f\u0131ld\u0131ktan sonra kullan\u0131lmal\u0131d\u0131r. Androgenetik pay\u0131 olmayan yayg\u0131n bir efluviumda hi\u00e7bir yarar sa\u011flamazlar, do\u011furganl\u0131k \u00e7a\u011f\u0131ndaki kad\u0131nlar i\u00e7in ise finasterid uygun de\u011fildir.<\/p>\n\n\n\n<p class=\"wp-block-paragraph\">Diyabete ba\u011fl\u0131 inflamasyonlara veya otoimm\u00fcn reaksiyonlara kar\u015f\u0131 kullan\u0131lan ila\u00e7lar da dolayl\u0131 olarak sa\u00e7 sa\u011fl\u0131\u011f\u0131n\u0131 iyile\u015ftirebilir.<\/p>\n\n\n\n<h3 class=\"wp-block-heading\">Diyabete ba\u011fl\u0131 yayg\u0131n sa\u00e7 d\u00f6k\u00fclmesinde \u00f6nce ne gelir<\/h3>\n\n\n\n<p class=\"wp-block-paragraph\">Sonucu s\u0131ralama belirler: \u00f6nce metabolizman\u0131n reg\u00fclasyonu ve eksikliklerin d\u00fczeltilmesi, sonra di\u011fer her \u015fey. \u0130stikrarl\u0131 bir kan \u015fekeri olmadan her topikal tedavi, s\u00fcr\u00fcp giden bir nedene kar\u015f\u0131 \u00e7al\u0131\u015f\u0131r ve etkisi de buna g\u00f6re k\u00fc\u00e7\u00fck kal\u0131r.<\/p>\n\n\n\n<p class=\"wp-block-paragraph\">Somut olarak: HbA1c&#8217;yi hedef aral\u0131\u011fa getirin, ferritin, B12, \u00e7inko, D vitamini ve TSH&#8217;yi kontrol ettirip a\u00e7\u0131klar\u0131 kapat\u0131n, kilo kayb\u0131 \u00e7ok h\u0131zl\u0131 olmas\u0131n, uyku ve hareket. Ancak yakla\u015f\u0131k 6 ay sonra geriye bir patern kal\u0131yorsa etkin maddeler ya da sa\u00e7 ekimi sorusu anlaml\u0131 olur.<\/p>\n\n\n\n<h3 class=\"wp-block-heading\">Sa\u00e7 ekimi: ilerlemi\u015f sa\u00e7 d\u00f6k\u00fclmesinde kal\u0131c\u0131 \u00e7\u00f6z\u00fcm<\/h3>\n\n\n\n<p class=\"wp-block-paragraph\">\u0130lerlemi\u015f androgenetik sa\u00e7 d\u00f6k\u00fclmesinde <a href=\"\/tr\/sac-ekimi\/\">sa\u00e7 ekimi<\/a> kaybedilen yo\u011funlu\u011fu kal\u0131c\u0131 olarak geri kazanman\u0131n tek se\u00e7ene\u011fidir, s\u00f6z konusu olup olamayaca\u011f\u0131 ise ki\u015fiden ki\u015fiye de\u011fi\u015fir (bu konuda daha fazlas\u0131 bir sonraki b\u00f6l\u00fcmde). Modern teknikler, \u00f6rne\u011fin <a href=\"\/tr\/dhi-sac-ekimi\/\">DHI y\u00f6ntemi<\/a> ki\u015finin kendi sa\u00e7 folik\u00fcllerinin seyrelmi\u015f b\u00f6lgelere hassas bi\u00e7imde yerle\u015ftirilmesini sa\u011flayarak \u00f6zellikle do\u011fal sonu\u00e7lar m\u00fcmk\u00fcn k\u0131lar. Elithair&#8217;de DHI standartt\u0131r ve fiyata dahildir.<\/p>\n\n\n\n<p class=\"wp-block-paragraph\">Diyabet hastalar\u0131 i\u00e7in de do\u011fru haz\u0131rl\u0131kla sa\u00e7 ekimi m\u00fcmk\u00fcnd\u00fcr. \u0130stikrarl\u0131 bir kan \u015fekeri reg\u00fclasyonu riskleri en aza indirir ve iyile\u015fmeyi destekler. Deneyimli uzman hekimlerle yap\u0131lan kapsaml\u0131 bir dan\u0131\u015fma, ba\u015far\u0131l\u0131 bir sonu\u00e7 i\u00e7in gereken t\u00fcm ko\u015fullar\u0131n kar\u015f\u0131land\u0131\u011f\u0131ndan emin olmay\u0131 sa\u011flar. Do\u011fru takiple bu ad\u0131m, yeni bir \u00f6zg\u00fcvene ve daha dolgun sa\u00e7lara g\u00f6t\u00fcrebilir.<\/p>\n\n\n\n<h2 class=\"wp-block-heading\">Diyabette sa\u00e7 ekimi m\u00fcmk\u00fcn m\u00fc?<\/h2>\n\n\n\n<p class=\"wp-block-paragraph\">\u0130yi reg\u00fcle edilmi\u015f diyabette sa\u00e7 ekimi ilke olarak m\u00fcmk\u00fcnd\u00fcr. Ancak yaln\u0131zca androgenetik bir patern varsa anlaml\u0131d\u0131r. Yayg\u0131n, metabolik olarak tetiklenmi\u015f bir sa\u00e7 d\u00f6k\u00fclmesi bir endikasyon de\u011fildir, \u00e7\u00fcnk\u00fc ekilen sa\u00e7 o zaman bozulmu\u015f bir ortama girer ve don\u00f6r b\u00f6lge de etkilenmi\u015f olabilir.<\/p>\n\n\n\n<div style=\"border:1px solid #dbe4f0;border-radius:12px;padding:18px 20px;margin:26px 0;background:#ffffff\">\n<p style=\"margin:0 0 6px;color:#013366;font-weight:700;font-size:17px\">Sa\u00e7 ekimi i\u00e7in uygun muyum?<\/p>\n<p style=\"margin:0 0 14px;color:#2e3033;font-size:15px;line-height:1.6\">Ba\u015flang\u0131\u00e7 sorusu hep ayn\u0131d\u0131r: sa\u00e7 nas\u0131l d\u00f6k\u00fcl\u00fcyor?<\/p>\n<div style=\"display:flex;flex-wrap:wrap;gap:12px\">\n<div style=\"flex:1 1 260px;border:1px solid #dbe4f0;border-radius:10px;padding:14px 16px;background:#f6f9fc\">\n<p style=\"margin:0 0 6px;color:#013366;font-weight:700;font-size:15px\">Ba\u015f\u0131n tamam\u0131nda e\u015fit bi\u00e7imde<\/p>\n<p style=\"margin:0 0 8px;color:#2e3033;font-size:15px;line-height:1.6\">Sa\u00e7 her yerde inceliyor, arka b\u00f6lgede de. Metabolik olarak tetiklenmi\u015f, yayg\u0131n d\u00f6k\u00fclme i\u00e7in tipiktir.<\/p>\n<p style=\"margin:0;color:#013366;font-size:15px;line-height:1.6\"><strong>Sa\u00e7 ekimi yap\u0131lmaz.<\/strong> Don\u00f6r b\u00f6lge de etkilenmi\u015ftir. \u00d6nce HbA1c ve besin de\u011ferlerini netle\u015ftirin, 3 ila 6 ay istikrarl\u0131 bir reg\u00fclasyon sa\u011flay\u0131n, sonra yeniden de\u011ferlendirin.<\/p>\n<\/div>\n<div style=\"flex:1 1 260px;border:1px solid #0079F1;border-radius:10px;padding:14px 16px;background:#ffffff\">\n<p style=\"margin:0 0 6px;color:#013366;font-weight:700;font-size:15px\">\u015eakak k\u00f6\u015feleri, \u00f6n sa\u00e7 \u00e7izgisi veya tepe b\u00f6lgesi<\/p>\n<p style=\"margin:0 0 8px;color:#2e3033;font-size:15px;line-height:1.6\">Arkadaki sa\u00e7 ku\u015fa\u011f\u0131 yo\u011fun kal\u0131yor, gerileme bir paterni izliyor. Androgenetik bir paya i\u015faret eder.<\/p>\n<p style=\"margin:0;color:#013366;font-size:15px;line-height:1.6\"><strong>Sa\u00e7 analizi anlaml\u0131.<\/strong> Paterni ve don\u00f6r b\u00f6lgeyi netle\u015ftirir. Paralel olarak HbA1c seyri de masaya yat\u0131r\u0131lmal\u0131d\u0131r, i\u015fleme hekimin \u00f6n muayenesi karar verir.<\/p>\n<\/div>\n<\/div>\n<p style=\"margin:14px 0 0;color:#2e3033;font-size:15px;line-height:1.6\"><strong style=\"color:#013366\">\u0130kisi ayn\u0131 anda m\u0131?<\/strong> En s\u0131k kar\u015f\u0131la\u015f\u0131lan durum budur. O zaman \u00f6nce yayg\u0131n pay metabolizma \u00fczerinden yat\u0131\u015ft\u0131r\u0131l\u0131r, geriye hangi paternin kald\u0131\u011f\u0131 ancak sonras\u0131nda de\u011ferlendirilir.<\/p>\n<p style=\"margin:10px 0 0;color:#6b7280;font-size:13px;font-style:italic\">Yol g\u00f6sterici bilgidir, tan\u0131 de\u011fildir. Uygunlu\u011fa her zaman ki\u015fiye \u00f6zel hekim \u00f6n muayenesi karar verir.<\/p>\n<\/div>\n\n\n\n<p class=\"wp-block-paragraph\">Bir karardan \u00f6nce hekimin kontrol ettikleri: HbA1c ve seyri, tansiyon, b\u00f6brek de\u011ferleri, yara iyile\u015fmesi \u00f6yk\u00fcs\u00fc, n\u00f6ropati i\u015faretleri, kullan\u0131lan t\u00fcm ila\u00e7lar ve i\u015flem g\u00fcn\u00fcndeki kan \u015fekeri y\u00f6netimi. Gerekirse bu, hastay\u0131 takip eden endokrinoloji ile birlikte planlan\u0131r. Bu, ki\u015fiye \u00f6zel bir karard\u0131r, tan\u0131ya bak\u0131larak verilen genel bir onay kesinlikle de\u011fildir.<\/p>\n\n\n<div class=\"wp-block-image\">\n<figure class=\"aligncenter size-large is-resized\" style=\"max-width:720px;margin-left:auto;margin-right:auto\"><img decoding=\"async\" src=\"https:\/\/elithair.com\/tr\/wp-content\/uploads\/sites\/10\/2026\/08\/beratung_haaranalyse.png\" alt=\"Bir uzman, sa\u00e7 analizinde hastan\u0131n sa\u00e7l\u0131 derisini dermatoskopla inceliyor\" class=\"wp-image-83811\" style=\"width:720px;max-width:100%;height:auto\"\/><\/figure>\n<\/div>\n\n\n<p class=\"wp-block-paragraph\">Yara iyile\u015fmesine ili\u015fkin g\u00fcvenilir say\u0131lar var, ancak genel cerrahiden: 14.126 hastay\u0131 kapsayan 29 randomize \u00e7al\u0131\u015fman\u0131n meta-analizi, ameliyat \u00e7evresinde s\u0131k\u0131 kan \u015fekeri kontrol\u00fc alt\u0131nda, daha gev\u015fek bir y\u00f6netime k\u0131yasla anlaml\u0131 bi\u00e7imde daha az yara enfeksiyonu buldu (risk oran\u0131 0,63, y\u00fczde 95 g\u00fcven aral\u0131\u011f\u0131 0,50 ila 0,80, p = 0,0002, Lai ve ark. 2022), bu \u00f6zellikle diyabetli ki\u015filerde belirgindi.<\/p>\n\n\n\n<p class=\"wp-block-paragraph\">Bundan \u00e7\u0131kmayan sonu\u00e7: diyabetlilerde greftlerin daha k\u00f6t\u00fc tuttu\u011fu. Diyabete \u00f6zg\u00fc greft tutma oranlar\u0131na dair \u00e7al\u0131\u015fmalar yoktur. Bu konuda size bir y\u00fczde veren ki\u015fi, o say\u0131y\u0131 literat\u00fcrden almam\u0131\u015ft\u0131r. Kan\u0131tlanm\u0131\u015f olan yaln\u0131zca hiperglisemi, gecikmi\u015f iyile\u015fme ve enfeksiyon riski aras\u0131ndaki genel cerrahi ba\u011flant\u0131d\u0131r.<\/p>\n\n\n\n<p class=\"wp-block-paragraph\">\u0130nternette yayg\u0131n bir iddian\u0131n d\u00fczeltilmesi gerekiyor: diyabet kanama riskini art\u0131rmaz. Hemostaz ara\u015ft\u0131rmalar\u0131nda diyabet, protrombotik yani p\u0131ht\u0131la\u015fmay\u0131 art\u0131ran bir durum olarak kabul edilir, fibrinojen ve fakt\u00f6r d\u00fczeyleri y\u00fcksektir. K\u00f6t\u00fc reg\u00fclasyonda ger\u00e7ek cerrahi endi\u015fe, gecikmi\u015f yara iyile\u015fmesi ve enfeksiyon riskidir.<\/p>\n\n\n\n<p class=\"wp-block-paragraph\">Diyabet tipinde de titiz olmakta yarar var: Tip 1&#8217;de toptan bir ret karar\u0131n\u0131 destekleyen hi\u00e7bir k\u0131lavuz ve \u00e7al\u0131\u015fma yoktur. Belirleyici olan tip de\u011fil, kan \u015fekeri reg\u00fclasyonudur. Tip 1&#8217;de pratikte \u015fu da eklenir: uzun s\u00fcren bir i\u015flem, kan \u015fekeri y\u00f6netimi plan\u0131 gerektirir, yani \u00f6l\u00e7\u00fcm, aralar ve gerekirse endokrinoloji taraf\u0131ndan ins\u00fclin ayar\u0131.<\/p>\n\n\n\n<p class=\"wp-block-paragraph\">Bu konuda nas\u0131l davrand\u0131\u011f\u0131m\u0131z da yan\u0131t\u0131n bir par\u00e7as\u0131. Ba\u015fvurular\u0131n yakla\u015f\u0131k y\u00fczde 40&#8217;\u0131n\u0131 geri \u00e7eviriyoruz ve metabolizma istikrarl\u0131 de\u011filse \u00f6nce tedavi edilir, ekim yap\u0131lmaz. \u00d6ncesinde yap\u0131lan neden ara\u015ft\u0131rmas\u0131na y\u00f6nelik kan testi, sa\u00e7 ekiminin ger\u00e7ekten do\u011fru tedavi olup olmad\u0131\u011f\u0131n\u0131 kontrol eder. Her ad\u0131m hekim onay\u0131ndan ge\u00e7er, sa\u00e7 \u00e7izgisi tasar\u0131m\u0131n\u0131 y\u00fczde 100 hekim yapar.<\/p>\n\n\n\n<p class=\"wp-block-paragraph\">Zaman \u00e7er\u00e7evesi konusunda ger\u00e7ek\u00e7i olal\u0131m: g\u00f6r\u00fcn\u00fcr bir sonu\u00e7 6 ila 9 ay, nihai sonu\u00e7 12 ay\u0131 bulur. Elithair, ekilen sa\u00e7lara 20 y\u0131l garanti verir. Greft alma tekni\u011fi <a href=\"\/tr\/fue-sac-ekimi\/\">FUE<\/a> ve DHI ile kombinasyonuna dair ayr\u0131nt\u0131lar ilgili teknik sayfalar\u0131nda yer al\u0131yor.<\/p>\n\n\n\n<div style=\"border-left:4px solid #0079F1;padding:0 0 0 14px;margin:26px 0\">\n<p style=\"margin:0 0 8px;color:#013366;font-weight:700;font-size:16px\">Dan\u0131\u015fmaya yan\u0131n\u0131zda getirmeniz gerekenler<\/p>\n<ul style=\"margin:0 0 12px;padding:0;color:#2e3033;list-style:none\">\n<li style=\"position:relative;padding:3px 0 3px 24px\"><span style=\"position:absolute;left:0;top:3px;color:#0079F1;font-weight:700\">&#10003;<\/span>G\u00fcncel HbA1c de\u011feriniz ve son 12 ay\u0131n seyri<\/li>\n<li style=\"position:relative;padding:3px 0 3px 24px\"><span style=\"position:absolute;left:0;top:3px;color:#0079F1;font-weight:700\">&#10003;<\/span>\u0130ns\u00fclin ve kan suland\u0131r\u0131c\u0131 ila\u00e7lar dahil olmak \u00fczere eksiksiz ila\u00e7 listeniz<\/li>\n<li style=\"position:relative;padding:3px 0 3px 24px\"><span style=\"position:absolute;left:0;top:3px;color:#0079F1;font-weight:700\">&#10003;<\/span>Sizi takip eden endokrinolojiden i\u015fleme uygunlu\u011funuza dair bir geri bildirim<\/li>\n<\/ul>\n<p style=\"margin:0;color:#2e3033;font-size:15px\">Bu \u00fc\u00e7 \u015feyi bir araya getiremeyen ki\u015fi i\u00e7in sa\u00e7 ekimi sorusu hen\u00fcz s\u0131rada de\u011fildir. O zaman \u00f6nce metabolizman\u0131n reg\u00fclasyonu gelir.<\/p>\n<\/div>\n\n\n\n<h2 class=\"wp-block-heading\">Diyabet hastalar\u0131nda sa\u00e7 ekimine dair Elithair de\u011ferlendirmesi<\/h2>\n\n\n\n<figure class=\"wp-block-image size-full\"><img decoding=\"async\" src=\"https:\/\/elithair.com\/tr\/wp-content\/uploads\/sites\/10\/2026\/08\/bestand_97299.png\" alt=\"Elithair'den Doktor Balwi laboratuvar\u0131nda testler yap\u0131yor\" class=\"wp-image-83814\"\/><\/figure>\n\n\n\n<p class=\"wp-block-paragraph\">Yay\u0131mlanm\u0131\u015f \u00e7al\u0131\u015fma verilerinin yan\u0131nda, g\u00fcnl\u00fck \u00e7al\u0131\u015fmada g\u00f6r\u00fcnenler de \u00f6nemli. Tip 1 ve Tip 2 diyabetli hastalarla edindi\u011fimiz deneyimleri bir araya getirdik ve buradan, s\u00fcre\u00e7te ger\u00e7ekten fark yaratan noktalar\u0131 \u00e7\u0131kard\u0131k. Bu, kendi prati\u011fimizden gelen klinik deneyimdir, kontroll\u00fc bir \u00e7al\u0131\u015fma de\u011fildir, biz de tam olarak b\u00f6yle de\u011ferlendiriyoruz.<\/p>\n\n\n\n<h3 class=\"wp-block-heading\">De\u011ferlendirmenin arka plan\u0131 ve amac\u0131<\/h3>\n\n\n\n<p class=\"wp-block-paragraph\">Bu Elithair de\u011ferlendirmesi diyabetli ki\u015filerde sa\u00e7 ekimlerinin nas\u0131l g\u00fcvenli ve ba\u015far\u0131l\u0131 bi\u00e7imde yap\u0131labilece\u011fi sorusuna odaklan\u0131yor. Odak noktas\u0131, bu hasta grubunun \u00f6zel ihtiya\u00e7lar\u0131n\u0131 belirlemek ve \u00f6n muayene ile takip i\u00e7in pratikte uygulanabilir \u00f6neriler geli\u015ftirmekti.<\/p>\n\n\n\n<p class=\"wp-block-paragraph\">Diyabet, cerrahi giri\u015fimlerde dikkate al\u0131nmas\u0131 gereken dola\u015f\u0131m bozukluklar\u0131 ve artm\u0131\u015f yara iyile\u015fmesi sorunu riski gibi \u00f6zel zorluklar getirir.<\/p>\n\n\n\n<h3 class=\"wp-block-heading\">Y\u00f6ntem: de\u011ferlendirme nas\u0131l yap\u0131ld\u0131?<\/h3>\n\n\n\n<p class=\"wp-block-paragraph\">De\u011ferlendirme, Tip 1 ve Tip 2 diyabetli heterojen bir hasta grubunu inceledi. Sa\u00e7 ekiminden \u00f6nce kapsaml\u0131 bir anamnez al\u0131nd\u0131, odak noktas\u0131 kan \u015fekeri kontrol\u00fc (HbA1c de\u011feri), e\u015flik eden hastal\u0131klar ve genel bedensel durumdu.<\/p>\n\n\n\n<p class=\"wp-block-paragraph\">De\u011ferlendirme kapsam\u0131nda yaln\u0131zca <a href=\"\/tr\/fue-sac-ekimi\/\">FUE tekni\u011fi (Follicular Unit Extraction)<\/a> gibi modern y\u00f6ntemler kullan\u0131ld\u0131, \u00e7\u00fcnk\u00fc bu y\u00f6ntem minimal invazivdir ve daha h\u0131zl\u0131 iyile\u015fme sa\u011flar, buna DHI implantasyonu e\u015flik etti. Kat\u0131l\u0131mc\u0131lar, iyile\u015fme s\u00fcre\u00e7lerini, olas\u0131 komplikasyonlar\u0131 ve sonu\u00e7lardan duyulan memnuniyeti belgelemek i\u00e7in aylar boyunca izlendi.<\/p>\n\n\n\n<h3 class=\"wp-block-heading\">De\u011ferlendirmenin \u00f6nemli g\u00f6zlemleri<\/h3>\n\n\n\n<ol class=\"wp-block-list\">\n<li><strong>HbA1c de\u011ferinin \u00f6nemi.<\/strong> \u0130stikrarl\u0131 bir kan \u015fekeri d\u00fczeyi (HbA1c de\u011feri), sa\u00e7 ekiminin ba\u015far\u0131s\u0131 i\u00e7in en \u00f6nemli fakt\u00f6rd\u00fc. De\u011feri y\u00fczde 7&#8217;nin alt\u0131nda olan hastalarda iyile\u015fme belirgin bi\u00e7imde daha iyiydi ve komplikasyon riski daha d\u00fc\u015f\u00fckt\u00fc. Bu e\u015fik, ameliyat \u00e7evresinde kan \u015fekeri kontrol\u00fcne ili\u015fkin genel cerrahi kan\u0131tlarla \u00f6rt\u00fc\u015f\u00fcyor (Lai ve ark. 2022).<\/li>\n<li><strong>Modern teknikler daha iyi sonu\u00e7lar sa\u011fl\u0131yor.<\/strong> FUE tekni\u011fi diyabetli ki\u015filer i\u00e7in \u00f6zellikle avantajl\u0131 oldu. Don\u00f6r b\u00f6lgede hassas sonu\u00e7lar, en az kan kayb\u0131 ve daha h\u0131zl\u0131 bir toparlanma s\u00fcresi sa\u011fl\u0131yor.<\/li>\n<li><strong>Risk de\u011ferlendirmesi ve ameliyat \u00f6ncesi haz\u0131rl\u0131k.<\/strong> De\u011ferlendirme, sa\u00e7 ekiminden \u00f6nce bireysel bir risk de\u011ferlendirmesinin \u00f6nemini vurguluyor. Buna kapsaml\u0131 t\u0131bbi muayeneler ve endokrinologla dikkatli bir uyum dahildir.<\/li>\n<li><strong>Psikolojik faydalar.<\/strong> Estetik iyile\u015fmenin yan\u0131 s\u0131ra bir\u00e7ok hasta, sa\u00e7 ekiminden sonra \u00f6zg\u00fcvenlerinin artt\u0131\u011f\u0131n\u0131 ve ya\u015fam kalitelerinin iyile\u015fti\u011fini bildirdi. Bu \u00f6znel bir geri bildirimdir, bir \u00f6l\u00e7\u00fcm de\u011feri de\u011fildir.<\/li>\n<\/ol>\n\n\n\n<h3 class=\"wp-block-heading\">Sonu\u00e7: diyabette sa\u00e7 ekimi, do\u011fru haz\u0131rl\u0131kla g\u00fcvenli<\/h3>\n\n\n\n<p class=\"wp-block-paragraph\">Bu de\u011ferlendirme, \u00f6zel ihtiya\u00e7lar\u0131 dikkate al\u0131nd\u0131\u011f\u0131nda diyabet hastalar\u0131nda sa\u00e7 ekimlerinin g\u00fcvenli ve etkili bi\u00e7imde yap\u0131labilece\u011fini g\u00f6steriyor. Belirleyici olan, istikrarl\u0131 bir kan \u015fekeri reg\u00fclasyonu ve ameliyat sonras\u0131 yara iyile\u015fmesinin dikkatle izlenmesidir.<\/p>\n\n\n\n<p class=\"wp-block-paragraph\">Buna kar\u015f\u0131l\u0131k kanama e\u011filimi belirleyici de\u011fildir. Eski metinlerde yayg\u0131n olan bu kayg\u0131n\u0131n nesnel bir dayana\u011f\u0131 yoktur, diyabet daha \u00e7ok p\u0131ht\u0131la\u015fmay\u0131 art\u0131r\u0131c\u0131 y\u00f6nde etki eder. Dikkat, yara iyile\u015fmesine ve enfeksiyon riskine y\u00f6nelmelidir, ikisi de kan \u015fekerine ba\u011fl\u0131d\u0131r.<\/p>\n\n\n\n<p class=\"wp-block-paragraph\">\u0130yile\u015fme s\u00fcrecini desteklemek i\u00e7in PRP tedavisi kullan\u0131l\u0131r, \u00e7\u00fcnk\u00fc yenilenmeyi desteklemesi ve dola\u015f\u0131m\u0131 iyile\u015ftirmesi beklenir, buna dair kan\u0131t d\u00fczeyi yukar\u0131da anlat\u0131ld\u0131\u011f\u0131 gibi orta d\u00fczeydedir ve diyabete \u00f6zg\u00fc olarak incelenmemi\u015ftir. Olas\u0131 komplikasyonlar\u0131 erken fark edip tedavi edebilmek i\u00e7in ya\u015famsal bulgular\u0131n yak\u0131ndan izlenmesi ve hedefe y\u00f6nelik bir takip \u015fartt\u0131r.<\/p>\n\n\n\n<p class=\"wp-block-paragraph\">De\u011ferlendirme, diyabet s\u00fcresini, kan \u015fekeri de\u011ferlerini ve genel sa\u011fl\u0131k fakt\u00f6rlerini i\u00e7eren ki\u015fiye \u00f6zel bir tedavi plan\u0131n\u0131n \u00f6nemini vurguluyor. Bu yakla\u015f\u0131mla riskler en aza indirilebilir ve diyabetlilerde sa\u00e7 ekiminin ba\u015far\u0131 \u015fans\u0131 art\u0131r\u0131labilir.<\/p>\n\n\n\n<div style=\"background:#f6f9fc;border:1px solid #dbe4f0;border-radius:12px;padding:18px 20px;margin:26px 0\">\n<p style=\"margin:0 0 8px;color:#013366;font-weight:700;font-size:16px\">Sa\u00e7 analizimizden klinik de\u011ferlendirme<\/p>\n<p style=\"margin:0 0 10px;color:#2e3033;font-size:15px;line-height:1.6\">Diyabette sa\u00e7 analizinde \u00f6nce iki \u015feye bak\u0131yoruz: d\u00f6k\u00fclme paterni ve HbA1c&#8217;nin seyri. Ba\u015f\u0131n tamam\u0131nda e\u015fit bir seyrelme varsa ve metabolizma istikrarl\u0131 de\u011filse, bir sonraki ad\u0131m sa\u00e7 ekimi de\u011fil, reg\u00fclasyondur. Bunun yan\u0131nda net bir androgenetik patern varsa ikisi ayr\u0131 ayr\u0131 planlan\u0131r.<\/p>\n<p style=\"margin:0;color:#6b7280;font-size:13px;font-style:italic\">Dan\u0131\u015fma prati\u011finden klinik g\u00f6zlem, bir \u00e7al\u0131\u015fma sonucu de\u011fil.<\/p>\n<\/div>\n\n\n\n<h2 class=\"wp-block-heading\">Diyabet ve sa\u00e7 d\u00f6k\u00fclmesi hakk\u0131nda s\u0131k sorulan sorular<\/h2>\n\n\n\n<div>\n<div style=\"border:1px solid #e3e8ef;border-radius:10px;padding:16px;margin-bottom:12px\">\n<p style=\"margin:0 0 8px;color:#013366;font-weight:600;font-size:17px;line-height:1.4\">Diyabette sa\u00e7lar yeniden uzar m\u0131, bu ne kadar s\u00fcrer?<\/p>\n<p style=\"margin:0;color:#2e3033;line-height:1.65\">Yayg\u0131n, metabolik olarak tetiklenmi\u015f sa\u00e7 d\u00f6k\u00fclmesinde kural olarak evet: akut telojen efluvium, tetikleyici ortadan kalkt\u0131\u011f\u0131nda vakalar\u0131n yakla\u015f\u0131k y\u00fczde 95&#8217;inde kendili\u011finden geriler (StatPearls). D\u00f6k\u00fclme 1 ila 2 ay sonra azal\u0131r, ilk yeni sa\u00e7lar 5 ila 6 ay sonra g\u00f6r\u00fcn\u00fcr, g\u00f6zle g\u00f6r\u00fcl\u00fcr bir yo\u011funluk art\u0131\u015f\u0131 9 ila 12 ay sonra ortaya \u00e7\u0131kar. Androgenetik pay birlikte geri gelmez.<\/p>\n<\/div>\n<div style=\"border:1px solid #e3e8ef;border-radius:10px;padding:16px;margin-bottom:12px\">\n<p style=\"margin:0 0 8px;color:#013366;font-weight:600;font-size:17px;line-height:1.4\">Metformin sa\u00e7 d\u00f6k\u00fclmesine neden olur mu?<\/p>\n<p style=\"margin:0;color:#2e3033;line-height:1.65\">Hay\u0131r, do\u011frudan bir ba\u011flant\u0131 kan\u0131tlanmam\u0131\u015ft\u0131r ve sa\u00e7 d\u00f6k\u00fclmesi \u00fcr\u00fcn bilgilerinde yan etki olarak listelenmemi\u015ftir. Kan\u0131tlanm\u0131\u015f olan dolayl\u0131 yoldur: metformin uzun s\u00fcreli kullan\u0131mda B12 vitamini emilimini azalt\u0131r, MHRA&#8217;ya (2022) g\u00f6re d\u00fc\u015f\u00fck B12, y\u00fcksek dozda veya uzun s\u00fcreli kullan\u0131mda her 10 ki\u015fiden 1&#8217;ine kadar\u0131n\u0131 etkiler. B12 eksikli\u011fi sa\u00e7 d\u00f6k\u00fclmesini kolayla\u015ft\u0131rabilir. Bu nedenle B12&#8217;yi kontrol ettirin ve metformini kendi ba\u015f\u0131n\u0131za b\u0131rakmay\u0131n.<\/p>\n<\/div>\n<div style=\"border:1px solid #e3e8ef;border-radius:10px;padding:16px;margin-bottom:12px\">\n<p style=\"margin:0 0 8px;color:#013366;font-weight:600;font-size:17px;line-height:1.4\">HOMA indeksi nedir ve hangi de\u011ferden itibaren anlaml\u0131d\u0131r?<\/p>\n<p style=\"margin:0;color:#2e3033;line-height:1.65\">HOMA indeksi (HOMA-IR), ins\u00fclin direncini a\u00e7l\u0131k ins\u00fclini ve a\u00e7l\u0131k glukozundan tahmin eder, form\u00fcl ins\u00fclin \u00e7arp\u0131 glukoz b\u00f6l\u00fc 405&#8217;tir. Normal olarak s\u0131kl\u0131kla 0,7 ila 2,0 kabul edilir. S\u0131n\u0131r de\u011ferde literat\u00fcr tutarl\u0131 de\u011fildir: 1,9, 2,5 veya 2,7 ayn\u0131 anda kullan\u0131l\u0131yor, hi\u00e7bir uzmanl\u0131k derne\u011fi bir e\u015fik de\u011feri onaylam\u0131\u015f de\u011fil. Bu bir metabolizma testidir, sa\u00e7 d\u00f6k\u00fclmesi testi de\u011fil.<\/p>\n<\/div>\n<div style=\"border:1px solid #e3e8ef;border-radius:10px;padding:16px;margin-bottom:12px\">\n<p style=\"margin:0 0 8px;color:#013366;font-weight:600;font-size:17px;line-height:1.4\">Sa\u00e7lar i\u00e7in hangi HbA1c de\u011feri \u00f6nemli?<\/p>\n<p style=\"margin:0;color:#2e3033;line-height:1.65\">Literat\u00fcrde sa\u00e7a \u00f6zg\u00fc bir e\u015fik yoktur. Yol g\u00f6sterici olan genel hedef aral\u0131kt\u0131r: g\u00fcncel diyabet k\u0131lavuzlar\u0131 Tip 2 i\u00e7in bireyselle\u015ftirilmi\u015f olarak yakla\u015f\u0131k y\u00fczde 6,5 ila 7,5 aral\u0131\u011f\u0131n\u0131 \u00f6nerir, ADA ise Standards of Care 2026&#8217;da eri\u015fkinlerin \u00e7o\u011fu i\u00e7in y\u00fczde 7&#8217;nin alt\u0131n\u0131 belirtir. Cerrahi giri\u015fimlerden \u00f6nce y\u00fczde 7&#8217;nin alt\u0131ndaki bir de\u011fer hedeflenir, \u00e7\u00fcnk\u00fc yara iyile\u015fmesi bundan fayda g\u00f6r\u00fcr.<\/p>\n<\/div>\n<div style=\"border:1px solid #e3e8ef;border-radius:10px;padding:16px;margin-bottom:12px\">\n<p style=\"margin:0 0 8px;color:#013366;font-weight:600;font-size:17px;line-height:1.4\">\u0130ns\u00fclin direnci, diyabet olmadan da sa\u00e7 d\u00f6k\u00fclmesini kolayla\u015ft\u0131rabilir mi?<\/p>\n<p style=\"margin:0;color:#2e3033;line-height:1.65\">\u00c7al\u0131\u015fma verileri bu ili\u015fkiyi manifest diyabet olmadan da, yani prediyabet a\u015famas\u0131nda g\u00f6steriyor. 18 ile 35 ya\u015f aras\u0131 200 erkekle yap\u0131lan bir vaka-kontrol \u00e7al\u0131\u015fmas\u0131nda, erken ba\u015flang\u0131\u00e7l\u0131 sa\u00e7 d\u00f6k\u00fclmesi olan erkeklerin y\u00fczde 18&#8217;inde ins\u00fclin direnci varken kontrollerde bu oran y\u00fczde 4&#8217;t\u00fc (Erden ve ark. 2025). Bu istatistiksel bir birikimdir, nedensellik kan\u0131t\u0131 de\u011fildir. \u0130ns\u00fclin direnci normal v\u00fccut a\u011f\u0131rl\u0131\u011f\u0131nda da g\u00f6r\u00fcl\u00fcr.<\/p>\n<\/div>\n<div style=\"border:1px solid #e3e8ef;border-radius:10px;padding:16px;margin-bottom:12px\">\n<p style=\"margin:0 0 8px;color:#013366;font-weight:600;font-size:17px;line-height:1.4\">Diyabette sa\u00e7l\u0131 deri neden ka\u015f\u0131n\u0131r?<\/p>\n<p style=\"margin:0;color:#2e3033;line-height:1.65\">Kronik ka\u015f\u0131nt\u0131, \u00e7al\u0131\u015fmaya g\u00f6re Tip 2 diyabetlilerin y\u00fczde 18,4 ila 30,9&#8217;unu etkiler. En s\u0131k neden kuru deridir (kseroz, 249 hastal\u0131k bir kohortta hastalar\u0131n y\u00fczde 64&#8217;\u00fc), ard\u0131ndan mantar enfeksiyonlar\u0131 gelir (y\u00fczde 16). Buna k\u00fc\u00e7\u00fck lif n\u00f6ropatisindeki hatal\u0131 sinir sinyalleri eklenir. Ka\u015f\u0131nt\u0131n\u0131n kendisi sa\u00e7 d\u00f6k\u00fclmesine yol a\u00e7maz, ancak s\u00fcrekli ka\u015f\u0131mak d\u00f6k\u00fclmeyi art\u0131rabilir.<\/p>\n<\/div>\n<\/div>\n\n\n\n<figure class=\"wp-block-image size-full\"><img decoding=\"async\" src=\"https:\/\/elithair.com\/tr\/wp-content\/uploads\/sites\/10\/2026\/08\/bestand_97300.png\" alt=\"Elinde ins\u00fclin kalemi olan bir doktor, diyabetli bir hastaya dan\u0131\u015fmanl\u0131k veriyor\" class=\"wp-image-83815\"\/><\/figure>\n\n\n\n<div>\n<div style=\"border:1px solid #e3e8ef;border-radius:10px;padding:16px;margin-bottom:12px\">\n<p style=\"margin:0 0 8px;color:#013366;font-weight:600;font-size:17px;line-height:1.4\">Sa\u00e7 d\u00f6k\u00fclmesi ve diyabette hangi hekim yetkili?<\/p>\n<p style=\"margin:0;color:#2e3033;line-height:1.65\">\u0130lk adres aile hekimi veya endokrinolojidir: orada HbA1c, besin durumu ve e\u015flik eden hastal\u0131klar netle\u015ftirilir. Yuvarlak kel alanlarda, iltihapl\u0131 veya enfekte sa\u00e7l\u0131 deride dermatoloji devreye girer. PKOS \u015f\u00fcphesi olan kad\u0131nlar\u0131n yeri kad\u0131n hastal\u0131klar\u0131 veya endokrinolojidir. Bir sa\u00e7 klini\u011finde yap\u0131lan sa\u00e7 analizi d\u00f6k\u00fclme paternini netle\u015ftirir, ancak bu de\u011ferlendirmelerin hi\u00e7birinin yerini tutmaz.<\/p>\n<\/div>\n<div style=\"border:1px solid #e3e8ef;border-radius:10px;padding:16px;margin-bottom:12px\">\n<p style=\"margin:0 0 8px;color:#013366;font-weight:600;font-size:17px;line-height:1.4\">Diyabetlilerin sa\u00e7 ekiminden \u00f6nce, s\u0131ras\u0131nda ve sonras\u0131nda almas\u0131 gereken \u00f6zel \u00f6nlemler nelerdir?<\/p>\n<p style=\"margin:0;color:#2e3033;line-height:1.65\">Diyabetliler sa\u00e7 ekiminden \u00f6nce kan \u015fekeri d\u00fczeylerinin istikrarl\u0131 ve iyi kontrol edildi\u011finden emin olmal\u0131d\u0131r. Enfeksiyon veya gecikmi\u015f yara iyile\u015fmesi gibi olas\u0131 riskleri en aza indirmek i\u00e7in tedaviyi y\u00fcr\u00fcten hekimle yak\u0131n i\u015f birli\u011fi \u015fartt\u0131r. \u0130\u015flem s\u0131ras\u0131nda kan \u015fekerinin s\u00fcrekli izlenmesi \u00f6nemlidir, uzun seanslarda aralar ve \u00f6l\u00e7\u00fcmler yap\u0131lmal\u0131d\u0131r. Ameliyattan sonra diyabetliler, iyile\u015fme s\u00fcrecini en iyi bi\u00e7imde desteklemek i\u00e7in ameliyat sonras\u0131 bak\u0131m talimatlar\u0131na titizlikle uymal\u0131 ve d\u00fczenli kontrollere gitmelidir.<\/p>\n<\/div>\n<div style=\"border:1px solid #e3e8ef;border-radius:10px;padding:16px;margin-bottom:12px\">\n<p style=\"margin:0 0 8px;color:#013366;font-weight:600;font-size:17px;line-height:1.4\">Tip 1 ve Tip 2 diyabetliler aras\u0131nda sa\u00e7 ekimine uygunluk a\u00e7\u0131s\u0131ndan fark var m\u0131?<\/p>\n<p style=\"margin:0;color:#2e3033;line-height:1.65\">Karar veren tip de\u011fil, reg\u00fclasyondur. Tip 1 diyabette toptan bir ret karar\u0131n\u0131 destekleyen hi\u00e7bir k\u0131lavuz ve \u00e7al\u0131\u015fma yoktur. Pratikte Tip 1&#8217;de uzun s\u00fcren bir i\u015flem, \u00f6l\u00e7\u00fcmler, aralar ve gerekirse endokrinoloji taraf\u0131ndan ins\u00fclin ayar\u0131 i\u00e7eren bir kan \u015fekeri y\u00f6netimi plan\u0131 gerektirir. Tip 2&#8217;de ek olarak b\u00f6brek tutulumu veya kalp yetmezli\u011fi gibi e\u015flik eden hastal\u0131klar \u00f6nem ta\u015f\u0131r. Her iki durumda da uygunlu\u011fu ki\u015fiye \u00f6zel belirlemek i\u00e7in bireysel bir t\u0131bbi de\u011ferlendirme \u015fartt\u0131r.<\/p>\n<\/div>\n<div style=\"border:1px solid #e3e8ef;border-radius:10px;padding:16px;margin-bottom:12px\">\n<p style=\"margin:0 0 8px;color:#013366;font-weight:600;font-size:17px;line-height:1.4\">Sa\u00e7 d\u00f6k\u00fclmesi ya\u015fayan diyabetliler i\u00e7in cerrahi olmayan hangi alternatifler var?<\/p>\n<p style=\"margin:0;color:#2e3033;line-height:1.65\">\u0130lk s\u0131rada nedene y\u00f6nelik \u00e7al\u0131\u015fma gelir: kan \u015fekerini hedef aral\u0131\u011fa getirmek ve kan\u0131tlanm\u0131\u015f ferritin, B12, \u00e7inko veya D vitamini eksikliklerini d\u00fczeltmek. Cerrahi bir giri\u015fim istemeyen ya da buna uygun olmayan diyabetliler ayr\u0131ca \u015fu se\u00e7enekleri de\u011ferlendirebilir: minoksidil gibi topikal \u00e7\u00f6z\u00fcmler sa\u00e7 b\u00fcy\u00fcmesini destekleyebilir, ancak bu yaln\u0131zca androgenetik alopeside kan\u0131tlanm\u0131\u015ft\u0131r, b\u00f6yle bir tedaviye ba\u015flamadan \u00f6nce hekime dan\u0131\u015fmak \u00f6nemlidir. PRP, derlemelerde sa\u00e7 yo\u011funlu\u011fu i\u00e7in orta d\u00fczeyde kan\u0131t g\u00f6steriyor, \u00e7al\u0131\u015fma verileri ise heterojen. Dengeli beslenme, d\u00fczenli fiziksel aktivite ve etkili stres y\u00f6netimi genel sa\u011fl\u0131k durumunu iyile\u015ftirebilir ve sa\u00e7 b\u00fcy\u00fcmesine olumlu yans\u0131yabilir.<\/p>\n<\/div>\n<div style=\"border:1px solid #e3e8ef;border-radius:10px;padding:16px;margin-bottom:12px\">\n<p style=\"margin:0 0 8px;color:#013366;font-weight:600;font-size:17px;line-height:1.4\">Sa\u00e7 ekimi, diyabetlilerde sa\u00e7 d\u00f6k\u00fclmesinin uzun vadeli seyrini nas\u0131l etkiler?<\/p>\n<p style=\"margin:0;color:#2e3033;line-height:1.65\">Ba\u015far\u0131l\u0131 bir sa\u00e7 ekimi, diyabetlilerde sa\u00e7 d\u00f6k\u00fclmesinin g\u00f6r\u00fcn\u00fcm\u00fcn\u00fc belirgin bi\u00e7imde iyile\u015ftirebilir. Ancak i\u015flem, sa\u00e7 d\u00f6k\u00fclmesinin alt\u0131nda yatan nedenleri etkilemez. Bu nedenle tedavi edilmemi\u015f veya ilerleyen diyabet komplikasyonlar\u0131 sa\u00e7 d\u00f6k\u00fclmesine yol a\u00e7may\u0131 s\u00fcrd\u00fcrebilir. Ekimin uzun vadeli ba\u015far\u0131s\u0131n\u0131 g\u00fcvenceye almak ve daha fazla sa\u00e7 d\u00f6k\u00fclmesini en aza indirmek i\u00e7in kan \u015fekerinin s\u00fcrekli kontrol\u00fc ve sa\u011fl\u0131kl\u0131 bir ya\u015fam tarz\u0131 belirleyicidir. G\u00f6r\u00fcn\u00fcr bir sonu\u00e7 6 ila 9 ay sonra, nihai sonu\u00e7 en ge\u00e7 12 ay sonra ortaya \u00e7\u0131kar.<\/p>\n<\/div>\n<div style=\"border:1px solid #e3e8ef;border-radius:10px;padding:16px;margin-bottom:12px\">\n<p style=\"margin:0 0 8px;color:#013366;font-weight:600;font-size:17px;line-height:1.4\">Diyabetliler i\u00e7in sa\u00e7 ekiminde, diyabetli olmayanlara k\u0131yasla hangi \u00f6zel riskler var?<\/p>\n<p style=\"margin:0;color:#2e3033;line-height:1.65\">Diyabetlilerde cerrahi giri\u015fimlerde baz\u0131 komplikasyon riskleri artm\u0131\u015ft\u0131r, bunlar aras\u0131nda \u015funlar var: enfeksiyon riski, \u00e7\u00fcnk\u00fc ba\u011f\u0131\u015f\u0131kl\u0131k sisteminin olas\u0131 bir zay\u0131flamas\u0131 nedeniyle ameliyat sonras\u0131 enfeksiyon riski artabilir. Ve gecikmi\u015f yara iyile\u015fmesi, \u00e7\u00fcnk\u00fc y\u00fcksek kan \u015fekeri de\u011ferleri iyile\u015fme s\u00fcre\u00e7lerini yava\u015flatabilir, bu da toparlanma s\u00fcresini uzat\u0131r. 14.126 hastay\u0131 kapsayan 29 randomize \u00e7al\u0131\u015fman\u0131n meta-analizi, ameliyat \u00e7evresinde iyi kan \u015fekeri kontrol\u00fc alt\u0131nda belirgin bi\u00e7imde daha az yara enfeksiyonu buldu (risk oran\u0131 0,63, Lai ve ark. 2022). S\u0131k dile getirilen artm\u0131\u015f kanama e\u011filimi ise ge\u00e7erli de\u011fildir: diyabet kanamay\u0131 de\u011fil, p\u0131ht\u0131la\u015fmay\u0131 art\u0131r\u0131c\u0131 kabul edilir. Bu nedenle dikkatli bir ameliyat \u00f6ncesi planlama ve ameliyat sonras\u0131 takip, diyabetliler i\u00e7in \u00f6zellikle \u00f6nemlidir.<\/p>\n<\/div>\n<\/div>\n\n\n\n<h2 class=\"wp-block-heading\">Sonu\u00e7<\/h2>\n\n\n\n<p class=\"wp-block-paragraph\">Diyabette sa\u00e7 d\u00f6k\u00fclmesi zorlay\u0131c\u0131 olabilir, ancak onu azaltman\u0131n ve sa\u00e7 b\u00fcy\u00fcmesini desteklemenin etkili yollar\u0131 var. \u0130stikrarl\u0131 bir kan \u015fekeri kontrol\u00fc, sa\u011fl\u0131kl\u0131 bir ya\u015fam tarz\u0131 ve hedefe y\u00f6nelik t\u0131bbi \u00f6nlemler belirleyici bi\u00e7imde \u015funa katk\u0131 sa\u011flar: <strong>diyabete ba\u011fl\u0131 sa\u00e7 d\u00f6k\u00fclmesini durdurmak<\/strong>.<\/p>\n\n\n\n<p class=\"wp-block-paragraph\">S\u0131ralamada \u00f6nemli olanlar: HbA1c&#8217;yi hedef aral\u0131\u011fa getirmek, yol haritas\u0131ndaki sekiz laboratuvar de\u011ferini netle\u015ftirtmek, besin a\u00e7\u0131klar\u0131n\u0131 kapatmak, kiloyu \u00e7ok h\u0131zl\u0131 vermemek. Tip 1&#8217;de ek olarak tiroit ve yuvarlak kel alanlar varsa dermatoloji. Etkin maddeler ya da sa\u00e7 ekimi sorusu ancak bundan sonra anlaml\u0131d\u0131r.<\/p>\n\n\n\n<p class=\"wp-block-paragraph\">De\u011fi\u015fiklikler fark etti\u011finizde beklemeyin: erken tan\u0131 ve hedefe y\u00f6nelik tedavi fark yarat\u0131r. <a href=\"\/tr\/sac-ekimi-klinigi\/\">Elithair Klini\u011fi<\/a> sizin i\u00e7in en iyi \u00e7\u00f6z\u00fcm\u00fc bulmak \u00fczere \u00fccretsiz bir dan\u0131\u015fma sunuyor. Her karardan \u00f6nce nedenin netle\u015ftirilmesi gelir: \u00f6ncesinde yap\u0131lan kan testi, sa\u00e7 ekiminin ger\u00e7ekten do\u011fru tedavi olup olmad\u0131\u011f\u0131n\u0131 kontrol eder ve metabolizma istikrarl\u0131 de\u011filse \u00f6nce tedavi uygulan\u0131r.<\/p>\n\n\n<div class=\"wp-block-image\">\n<figure class=\"aligncenter size-large is-resized\" style=\"max-width:720px;margin-left:auto;margin-right:auto\"><img decoding=\"async\" src=\"https:\/\/elithair.com\/tr\/wp-content\/uploads\/sites\/10\/2026\/08\/bewegung_alltag.png\" alt=\"Ellili ya\u015flar\u0131n\u0131n ortas\u0131ndaki bir \u00e7ift, diyabette hareket \u00f6nerisi kapsam\u0131nda parkta tempolu y\u00fcr\u00fcy\u00fc\u015f yap\u0131yor\" class=\"wp-image-83812\" style=\"width:720px;max-width:100%;height:auto\"\/><\/figure>\n<\/div>\n\n\n<div class=\"wp-block-buttons is-content-justification-center is-layout-flex wp-container-core-buttons-is-layout-fe48e5de wp-block-buttons-is-layout-flex\" style=\"justify-content:center;margin-bottom:48px\">\n<div class=\"wp-block-button\"><a class=\"wp-block-button__link wp-element-button\" style=\"background-color:#0079F1;color:#ffffff;border-radius:8px;padding:15px 36px;font-weight:700;font-size:17px\" href=\"\/tr\/sac-analizi\/\">\u00dccretsiz sa\u00e7 analizini ba\u015flat<\/a><\/div>\n<\/div>\n\n\n\n<h3 class=\"wp-block-heading\">Kaynaklar ve g\u00fcncellik<\/h3>\n\n\n\n<div style=\"background:#f6f9fc;border:1px solid #dbe4f0;border-radius:12px;padding:20px 22px;margin:26px 0\">\n<p style=\"margin:0 0 14px;color:#013366;font-weight:700;font-size:18px\">Bilimsel kaynaklar<\/p>\n<ul style=\"margin:0;padding:0;list-style:none\">\n<li style=\"padding:9px 0;border-bottom:1px solid #eef1f5;color:#2e3033;font-size:14px;line-height:1.5\">Erden O, Yorulmaz A, Yal\u00e7\u0131n B: Increased Prevalence of Insulin Resistance and Metabolic Syndrome in Men With Early-Onset Androgenetic Alopecia. <em>Journal of Cosmetic Dermatology<\/em> (2025). <a href=\"https:\/\/onlinelibrary.wiley.com\/doi\/10.1111\/jocd.70458\" target=\"_blank\" rel=\"noopener\">Wiley Online Library<\/a><\/li>\n<li style=\"padding:9px 0;border-bottom:1px solid #eef1f5;color:#2e3033;font-size:14px;line-height:1.5\">Glycolipid and Hormonal Profiles in Young Men with Early-Onset Androgenetic Alopecia: meta-analiz. <em>Scientific Reports<\/em> (2017). <a href=\"https:\/\/www.nature.com\/articles\/s41598-017-08528-3\" target=\"_blank\" rel=\"noopener\">Nature<\/a><\/li>\n<li style=\"padding:9px 0;border-bottom:1px solid #eef1f5;color:#2e3033;font-size:14px;line-height:1.5\">Risk factors for androgenetic alopecia: a systematic review and meta-analysis. <em>BMC Public Health<\/em> (2026). <a href=\"https:\/\/link.springer.com\/article\/10.1186\/s12889-026-26258-y\" target=\"_blank\" rel=\"noopener\">BMC Public Health<\/a><\/li>\n<li style=\"padding:9px 0;border-bottom:1px solid #eef1f5;color:#2e3033;font-size:14px;line-height:1.5\">StatPearls: Telogen Effluvium (e\u015fik de\u011ferler, anajen-telojen da\u011f\u0131l\u0131m\u0131, kendili\u011finden d\u00fczelme). <a href=\"https:\/\/www.ncbi.nlm.nih.gov\/books\/NBK430848\/\" target=\"_blank\" rel=\"noopener\">NCBI Bookshelf<\/a><\/li>\n<li style=\"padding:9px 0;border-bottom:1px solid #eef1f5;color:#2e3033;font-size:14px;line-height:1.5\">Evaluation of chronic pruritus and associated skin findings in patients with diabetes mellitus (249 hasta, kseroz y\u00fczde 64). <a href=\"https:\/\/pmc.ncbi.nlm.nih.gov\/articles\/PMC10763738\/\" target=\"_blank\" rel=\"noopener\">PMC<\/a><\/li>\n<li style=\"padding:9px 0;border-bottom:1px solid #eef1f5;color:#2e3033;font-size:14px;line-height:1.5\">Itch in diabetes: a common underestimated problem (prevalans derlemesi). <a href=\"https:\/\/pmc.ncbi.nlm.nih.gov\/articles\/PMC9880781\/\" target=\"_blank\" rel=\"noopener\">PMC<\/a><\/li>\n<li style=\"padding:9px 0;border-bottom:1px solid #eef1f5;color:#2e3033;font-size:14px;line-height:1.5\">Tip 1 diyabette otoimm\u00fcn komorbidite: 251 eri\u015fkinde kesitsel \u00e7al\u0131\u015fma (Hashimoto y\u00fczde 16,3, TPO antikoru y\u00fczde 58,6). <a href=\"https:\/\/pmc.ncbi.nlm.nih.gov\/articles\/PMC9395765\/\" target=\"_blank\" rel=\"noopener\">PMC<\/a><\/li>\n<li style=\"padding:9px 0;border-bottom:1px solid #eef1f5;color:#2e3033;font-size:14px;line-height:1.5\">Lai ve ark.: ameliyat \u00e7evresinde kan \u015fekeri kontrol\u00fc ve yara enfeksiyonlar\u0131na ili\u015fkin 29 randomize \u00e7al\u0131\u015fman\u0131n meta-analizi (n = 14.126, 2022). <a href=\"https:\/\/pmc.ncbi.nlm.nih.gov\/articles\/PMC8990940\/\" target=\"_blank\" rel=\"noopener\">PMC<\/a><\/li>\n<li style=\"padding:9px 0;border-bottom:1px solid #eef1f5;color:#2e3033;font-size:14px;line-height:1.5\">Effects of Hyperglycemia and Diabetes Mellitus on Coagulation and Hemostasis (diyabet protrombotiktir). <a href=\"https:\/\/www.ncbi.nlm.nih.gov\/pmc\/articles\/PMC8199251\/\" target=\"_blank\" rel=\"noopener\">PMC<\/a><\/li>\n<li style=\"padding:9px 0;border-bottom:1px solid #eef1f5;color:#2e3033;font-size:14px;line-height:1.5\">Metformin ve B12 vitamini takibine ili\u015fkin MHRA Drug Safety Update (2022), PMC derlemesi \u00fczerinden aktar\u0131lm\u0131\u015ft\u0131r. <a href=\"https:\/\/pmc.ncbi.nlm.nih.gov\/articles\/PMC12918417\/\" target=\"_blank\" rel=\"noopener\">PMC<\/a><\/li>\n<li style=\"padding:9px 0;border-bottom:1px solid #eef1f5;color:#2e3033;font-size:14px;line-height:1.5\">T\u00fcrkiye Endokrinoloji ve Metabolizma Derne\u011fi: Diabetes Mellitus ve Komplikasyonlar\u0131n\u0131n Tan\u0131, Tedavi ve \u0130zlem K\u0131lavuzu (HbA1c hedef aral\u0131\u011f\u0131). <a href=\"https:\/\/file.temd.org.tr\/Uploads\/publications\/guides\/documents\/diabetesmellitus2026.pdf\" target=\"_blank\" rel=\"noopener\">TEMD<\/a><\/li>\n<li style=\"padding:9px 0;border-bottom:1px solid #eef1f5;color:#2e3033;font-size:14px;line-height:1.5\">American Diabetes Association: Standards of Care in Diabetes 2026, B\u00f6l\u00fcm 6 Glycemic Goals. <a href=\"https:\/\/diabetesjournals.org\/care\/article\/49\/Supplement_1\/S132\/163927\/6-Glycemic-Goals-Hypoglycemia-and-Hyperglycemic\" target=\"_blank\" rel=\"noopener\">ADA<\/a><\/li>\n<li style=\"padding:9px 0;border-bottom:1px solid #eef1f5;color:#2e3033;font-size:14px;line-height:1.5\">T\u00fcrk Dermatoloji Derne\u011fi: Erkek tipi sa\u00e7 d\u00f6k\u00fclmesi (androgenetik alopesi) tan\u0131 ve tedavi k\u0131lavuzu. <a href=\"https:\/\/turkdermatoloji.org.tr\/media\/pdf\/erkek%20Tipi%20Sa%C3%A7%20D%C3%B6k%C3%BClmesi%20%28Androgenetik%20alopesi%29%20Kopyas%C4%B1%20%283%29.pdf\" target=\"_blank\" rel=\"noopener\">T\u00fcrk Dermatoloji Derne\u011fi<\/a><\/li>\n<li style=\"padding:9px 0;border-bottom:1px solid #eef1f5;color:#2e3033;font-size:14px;line-height:1.5\">Diyabet s\u00fcrveyans\u0131: te\u015fhis edilmemi\u015f diyabet vakalar\u0131n\u0131n yayg\u0131nl\u0131\u011f\u0131na ili\u015fkin veriler. <a href=\"https:\/\/www.ncbi.nlm.nih.gov\/pmc\/articles\/PMC10165910\/\" target=\"_blank\" rel=\"noopener\">PMC<\/a><\/li>\n<li style=\"padding:9px 0;border-bottom:1px solid #eef1f5;color:#2e3033;font-size:14px;line-height:1.5\">Wang ve ark.: The effects of advanced glycation end-products on skin. <em>Experimental Dermatology<\/em> (2024). <a href=\"https:\/\/onlinelibrary.wiley.com\/doi\/full\/10.1111\/exd.15065\" target=\"_blank\" rel=\"noopener\">Wiley Online Library<\/a><\/li>\n<li style=\"padding:9px 0;border-bottom:1px solid #eef1f5;color:#2e3033;font-size:14px;line-height:1.5\">Mayo Clinic: Minoxidil (a\u011f\u0131zdan kullan\u0131m), yan etkiler ve uyar\u0131lar. <a href=\"https:\/\/www.mayoclinic.org\/drugs-supplements\/minoxidil-oral-route\/description\/drg-20068757\" target=\"_blank\" rel=\"noopener\">Mayo Clinic<\/a><\/li>\n<li style=\"padding:9px 0;color:#2e3033;font-size:14px;line-height:1.5\">Mangal ve ark. (2024): Tip 2 diyabette mikro besin eksiklikleri, 132 \u00e7al\u0131\u015fma ve 52.501 kat\u0131l\u0131mc\u0131y\u0131 kapsayan meta-analiz. Meta-analiz<\/li>\n<\/ul>\n<p style=\"margin:16px 0 0;font-size:13px;color:#6b7280\">G\u00fcncelleme: A\u011fustos 2026. Say\u0131lar ve k\u0131lavuz at\u0131flar\u0131 bu tarihte kontrol edilmi\u015ftir.<\/p>\n<p style=\"margin:10px 0 0;font-size:13px;color:#6b7280;font-style:italic\">Bu yaz\u0131 bilgilendirme ama\u00e7l\u0131d\u0131r ve hekim tan\u0131s\u0131n\u0131n ya da tedavisinin yerini tutmaz. Diyabet ila\u00e7lar\u0131n\u0131z\u0131 asla kendi ba\u015f\u0131n\u0131za de\u011fi\u015ftirmeyin, sa\u00e7 d\u00f6k\u00fclmesini ve laboratuvar de\u011ferlerinizi aile hekiminizle veya endokrinoloji uzman\u0131n\u0131zla konu\u015fun.<\/p>\n<\/div>\n\n\n\n<script type=\"application\/ld+json\">\n{\"@context\": \"https:\/\/schema.org\", \"@type\": \"FAQPage\", \"mainEntity\": [{\"@type\": \"Question\", \"name\": \"Diyabette sa\u00e7lar yeniden uzar m\u0131, bu ne kadar s\u00fcrer?\", \"acceptedAnswer\": {\"@type\": \"Answer\", \"text\": \"Yayg\u0131n, metabolik olarak tetiklenmi\u015f sa\u00e7 d\u00f6k\u00fclmesinde kural olarak evet: akut telojen efluvium, tetikleyici ortadan kalkt\u0131\u011f\u0131nda vakalar\u0131n yakla\u015f\u0131k y\u00fczde 95'inde kendili\u011finden geriler (StatPearls). D\u00f6k\u00fclme 1 ila 2 ay sonra azal\u0131r, ilk yeni sa\u00e7lar 5 ila 6 ay sonra g\u00f6r\u00fcn\u00fcr, g\u00f6zle g\u00f6r\u00fcl\u00fcr bir yo\u011funluk art\u0131\u015f\u0131 9 ila 12 ay sonra ortaya \u00e7\u0131kar. Androgenetik pay birlikte geri gelmez.\"}}, {\"@type\": \"Question\", \"name\": \"Metformin sa\u00e7 d\u00f6k\u00fclmesine neden olur mu?\", \"acceptedAnswer\": {\"@type\": \"Answer\", \"text\": \"Hay\u0131r, do\u011frudan bir ba\u011flant\u0131 kan\u0131tlanmam\u0131\u015ft\u0131r ve sa\u00e7 d\u00f6k\u00fclmesi \u00fcr\u00fcn bilgilerinde yan etki olarak listelenmemi\u015ftir. Kan\u0131tlanm\u0131\u015f olan dolayl\u0131 yoldur: metformin uzun s\u00fcreli kullan\u0131mda B12 vitamini emilimini azalt\u0131r, MHRA'ya (2022) g\u00f6re d\u00fc\u015f\u00fck B12, y\u00fcksek dozda veya uzun s\u00fcreli kullan\u0131mda her 10 ki\u015fiden 1'ine kadar\u0131n\u0131 etkiler. B12 eksikli\u011fi sa\u00e7 d\u00f6k\u00fclmesini kolayla\u015ft\u0131rabilir. Bu nedenle B12'yi kontrol ettirin ve metformini kendi ba\u015f\u0131n\u0131za b\u0131rakmay\u0131n.\"}}, {\"@type\": \"Question\", \"name\": \"HOMA indeksi nedir ve hangi de\u011ferden itibaren anlaml\u0131d\u0131r?\", \"acceptedAnswer\": {\"@type\": \"Answer\", \"text\": \"HOMA indeksi (HOMA-IR), ins\u00fclin direncini a\u00e7l\u0131k ins\u00fclini ve a\u00e7l\u0131k glukozundan tahmin eder, form\u00fcl ins\u00fclin \u00e7arp\u0131 glukoz b\u00f6l\u00fc 405'tir. Normal olarak s\u0131kl\u0131kla 0,7 ila 2,0 kabul edilir. S\u0131n\u0131r de\u011ferde literat\u00fcr tutarl\u0131 de\u011fildir: 1,9, 2,5 veya 2,7 ayn\u0131 anda kullan\u0131l\u0131yor, hi\u00e7bir uzmanl\u0131k derne\u011fi bir e\u015fik de\u011feri onaylam\u0131\u015f de\u011fil. Bu bir metabolizma testidir, sa\u00e7 d\u00f6k\u00fclmesi testi de\u011fil.\"}}, {\"@type\": \"Question\", \"name\": \"Sa\u00e7lar i\u00e7in hangi HbA1c de\u011feri \u00f6nemli?\", \"acceptedAnswer\": {\"@type\": \"Answer\", \"text\": \"Literat\u00fcrde sa\u00e7a \u00f6zg\u00fc bir e\u015fik yoktur. Yol g\u00f6sterici olan genel hedef aral\u0131kt\u0131r: g\u00fcncel diyabet k\u0131lavuzlar\u0131 Tip 2 i\u00e7in bireyselle\u015ftirilmi\u015f olarak yakla\u015f\u0131k y\u00fczde 6,5 ila 7,5 aral\u0131\u011f\u0131n\u0131 \u00f6nerir, ADA ise Standards of Care 2026'da eri\u015fkinlerin \u00e7o\u011fu i\u00e7in y\u00fczde 7'nin alt\u0131n\u0131 belirtir. Cerrahi giri\u015fimlerden \u00f6nce y\u00fczde 7'nin alt\u0131ndaki bir de\u011fer hedeflenir, \u00e7\u00fcnk\u00fc yara iyile\u015fmesi bundan fayda g\u00f6r\u00fcr.\"}}, {\"@type\": \"Question\", \"name\": \"\u0130ns\u00fclin direnci, diyabet olmadan da sa\u00e7 d\u00f6k\u00fclmesini kolayla\u015ft\u0131rabilir mi?\", \"acceptedAnswer\": {\"@type\": \"Answer\", \"text\": \"\u00c7al\u0131\u015fma verileri bu ili\u015fkiyi manifest diyabet olmadan da, yani prediyabet a\u015famas\u0131nda g\u00f6steriyor. 18 ile 35 ya\u015f aras\u0131 200 erkekle yap\u0131lan bir vaka-kontrol \u00e7al\u0131\u015fmas\u0131nda, erken ba\u015flang\u0131\u00e7l\u0131 sa\u00e7 d\u00f6k\u00fclmesi olan erkeklerin y\u00fczde 18'inde ins\u00fclin direnci varken kontrollerde bu oran y\u00fczde 4't\u00fc (Erden ve ark. 2025). Bu istatistiksel bir birikimdir, nedensellik kan\u0131t\u0131 de\u011fildir. \u0130ns\u00fclin direnci normal v\u00fccut a\u011f\u0131rl\u0131\u011f\u0131nda da g\u00f6r\u00fcl\u00fcr.\"}}, {\"@type\": \"Question\", \"name\": \"Diyabette sa\u00e7l\u0131 deri neden ka\u015f\u0131n\u0131r?\", \"acceptedAnswer\": {\"@type\": \"Answer\", \"text\": \"Kronik ka\u015f\u0131nt\u0131, \u00e7al\u0131\u015fmaya g\u00f6re Tip 2 diyabetlilerin y\u00fczde 18,4 ila 30,9'unu etkiler. En s\u0131k neden kuru deridir (kseroz, 249 hastal\u0131k bir kohortta hastalar\u0131n y\u00fczde 64'\u00fc), ard\u0131ndan mantar enfeksiyonlar\u0131 gelir (y\u00fczde 16). Buna k\u00fc\u00e7\u00fck lif n\u00f6ropatisindeki hatal\u0131 sinir sinyalleri eklenir. Ka\u015f\u0131nt\u0131n\u0131n kendisi sa\u00e7 d\u00f6k\u00fclmesine yol a\u00e7maz, ancak s\u00fcrekli ka\u015f\u0131mak d\u00f6k\u00fclmeyi art\u0131rabilir.\"}}, {\"@type\": \"Question\", \"name\": \"Sa\u00e7 d\u00f6k\u00fclmesi ve diyabette hangi hekim yetkili?\", \"acceptedAnswer\": {\"@type\": \"Answer\", \"text\": \"\u0130lk adres aile hekimi veya endokrinolojidir: orada HbA1c, besin durumu ve e\u015flik eden hastal\u0131klar netle\u015ftirilir. Yuvarlak kel alanlarda, iltihapl\u0131 veya enfekte sa\u00e7l\u0131 deride dermatoloji devreye girer. PKOS \u015f\u00fcphesi olan kad\u0131nlar\u0131n yeri kad\u0131n hastal\u0131klar\u0131 veya endokrinolojidir. Bir sa\u00e7 klini\u011finde yap\u0131lan sa\u00e7 analizi d\u00f6k\u00fclme paternini netle\u015ftirir, ancak bu de\u011ferlendirmelerin hi\u00e7birinin yerini tutmaz.\"}}, {\"@type\": \"Question\", \"name\": \"Diyabetlilerin sa\u00e7 ekiminden \u00f6nce, s\u0131ras\u0131nda ve sonras\u0131nda almas\u0131 gereken \u00f6zel \u00f6nlemler nelerdir?\", \"acceptedAnswer\": {\"@type\": \"Answer\", \"text\": \"Diyabetliler sa\u00e7 ekiminden \u00f6nce kan \u015fekeri d\u00fczeylerinin istikrarl\u0131 ve iyi kontrol edildi\u011finden emin olmal\u0131d\u0131r. Enfeksiyon veya gecikmi\u015f yara iyile\u015fmesi gibi olas\u0131 riskleri en aza indirmek i\u00e7in tedaviyi y\u00fcr\u00fcten hekimle yak\u0131n i\u015f birli\u011fi \u015fartt\u0131r. \u0130\u015flem s\u0131ras\u0131nda kan \u015fekerinin s\u00fcrekli izlenmesi \u00f6nemlidir, uzun seanslarda aralar ve \u00f6l\u00e7\u00fcmler yap\u0131lmal\u0131d\u0131r. Ameliyattan sonra diyabetliler, iyile\u015fme s\u00fcrecini en iyi bi\u00e7imde desteklemek i\u00e7in ameliyat sonras\u0131 bak\u0131m talimatlar\u0131na titizlikle uymal\u0131 ve d\u00fczenli kontrollere gitmelidir.\"}}, {\"@type\": \"Question\", \"name\": \"Tip 1 ve Tip 2 diyabetliler aras\u0131nda sa\u00e7 ekimine uygunluk a\u00e7\u0131s\u0131ndan fark var m\u0131?\", \"acceptedAnswer\": {\"@type\": \"Answer\", \"text\": \"Karar veren tip de\u011fil, reg\u00fclasyondur. Tip 1 diyabette toptan bir ret karar\u0131n\u0131 destekleyen hi\u00e7bir k\u0131lavuz ve \u00e7al\u0131\u015fma yoktur. Pratikte Tip 1'de uzun s\u00fcren bir i\u015flem, \u00f6l\u00e7\u00fcmler, aralar ve gerekirse endokrinoloji taraf\u0131ndan ins\u00fclin ayar\u0131 i\u00e7eren bir kan \u015fekeri y\u00f6netimi plan\u0131 gerektirir. Tip 2'de ek olarak b\u00f6brek tutulumu veya kalp yetmezli\u011fi gibi e\u015flik eden hastal\u0131klar \u00f6nem ta\u015f\u0131r. Her iki durumda da uygunlu\u011fu ki\u015fiye \u00f6zel belirlemek i\u00e7in bireysel bir t\u0131bbi de\u011ferlendirme \u015fartt\u0131r.\"}}, {\"@type\": \"Question\", \"name\": \"Sa\u00e7 d\u00f6k\u00fclmesi ya\u015fayan diyabetliler i\u00e7in cerrahi olmayan hangi alternatifler var?\", \"acceptedAnswer\": {\"@type\": \"Answer\", \"text\": \"\u0130lk s\u0131rada nedene y\u00f6nelik \u00e7al\u0131\u015fma gelir: kan \u015fekerini hedef aral\u0131\u011fa getirmek ve kan\u0131tlanm\u0131\u015f ferritin, B12, \u00e7inko veya D vitamini eksikliklerini d\u00fczeltmek. Cerrahi bir giri\u015fim istemeyen ya da buna uygun olmayan diyabetliler ayr\u0131ca \u015fu se\u00e7enekleri de\u011ferlendirebilir: minoksidil gibi topikal \u00e7\u00f6z\u00fcmler sa\u00e7 b\u00fcy\u00fcmesini destekleyebilir, ancak bu yaln\u0131zca androgenetik alopeside kan\u0131tlanm\u0131\u015ft\u0131r, b\u00f6yle bir tedaviye ba\u015flamadan \u00f6nce hekime dan\u0131\u015fmak \u00f6nemlidir. PRP, derlemelerde sa\u00e7 yo\u011funlu\u011fu i\u00e7in orta d\u00fczeyde kan\u0131t g\u00f6steriyor, \u00e7al\u0131\u015fma verileri ise heterojen. Dengeli beslenme, d\u00fczenli fiziksel aktivite ve etkili stres y\u00f6netimi genel sa\u011fl\u0131k durumunu iyile\u015ftirebilir ve sa\u00e7 b\u00fcy\u00fcmesine olumlu yans\u0131yabilir.\"}}, {\"@type\": \"Question\", \"name\": \"Sa\u00e7 ekimi, diyabetlilerde sa\u00e7 d\u00f6k\u00fclmesinin uzun vadeli seyrini nas\u0131l etkiler?\", \"acceptedAnswer\": {\"@type\": \"Answer\", \"text\": \"Ba\u015far\u0131l\u0131 bir sa\u00e7 ekimi, diyabetlilerde sa\u00e7 d\u00f6k\u00fclmesinin g\u00f6r\u00fcn\u00fcm\u00fcn\u00fc belirgin bi\u00e7imde iyile\u015ftirebilir. Ancak i\u015flem, sa\u00e7 d\u00f6k\u00fclmesinin alt\u0131nda yatan nedenleri etkilemez. Bu nedenle tedavi edilmemi\u015f veya ilerleyen diyabet komplikasyonlar\u0131 sa\u00e7 d\u00f6k\u00fclmesine yol a\u00e7may\u0131 s\u00fcrd\u00fcrebilir. Ekimin uzun vadeli ba\u015far\u0131s\u0131n\u0131 g\u00fcvenceye almak ve daha fazla sa\u00e7 d\u00f6k\u00fclmesini en aza indirmek i\u00e7in kan \u015fekerinin s\u00fcrekli kontrol\u00fc ve sa\u011fl\u0131kl\u0131 bir ya\u015fam tarz\u0131 belirleyicidir. G\u00f6r\u00fcn\u00fcr bir sonu\u00e7 6 ila 9 ay sonra, nihai sonu\u00e7 en ge\u00e7 12 ay sonra ortaya \u00e7\u0131kar.\"}}, {\"@type\": \"Question\", \"name\": \"Diyabetliler i\u00e7in sa\u00e7 ekiminde, diyabetli olmayanlara k\u0131yasla hangi \u00f6zel riskler var?\", \"acceptedAnswer\": {\"@type\": \"Answer\", \"text\": \"Diyabetlilerde cerrahi giri\u015fimlerde baz\u0131 komplikasyon riskleri artm\u0131\u015ft\u0131r, bunlar aras\u0131nda \u015funlar var: enfeksiyon riski, \u00e7\u00fcnk\u00fc ba\u011f\u0131\u015f\u0131kl\u0131k sisteminin olas\u0131 bir zay\u0131flamas\u0131 nedeniyle ameliyat sonras\u0131 enfeksiyon riski artabilir. Ve gecikmi\u015f yara iyile\u015fmesi, \u00e7\u00fcnk\u00fc y\u00fcksek kan \u015fekeri de\u011ferleri iyile\u015fme s\u00fcre\u00e7lerini yava\u015flatabilir, bu da toparlanma s\u00fcresini uzat\u0131r. 14.126 hastay\u0131 kapsayan 29 randomize \u00e7al\u0131\u015fman\u0131n meta-analizi, ameliyat \u00e7evresinde iyi kan \u015fekeri kontrol\u00fc alt\u0131nda belirgin bi\u00e7imde daha az yara enfeksiyonu buldu (risk oran\u0131 0,63, Lai ve ark. 2022). S\u0131k dile getirilen artm\u0131\u015f kanama e\u011filimi ise ge\u00e7erli de\u011fildir: diyabet kanamay\u0131 de\u011fil, p\u0131ht\u0131la\u015fmay\u0131 art\u0131r\u0131c\u0131 kabul edilir. Bu nedenle dikkatli bir ameliyat \u00f6ncesi planlama ve ameliyat sonras\u0131 takip, diyabetliler i\u00e7in \u00f6zellikle \u00f6nemlidir.\"}}]}\n<\/script>\n\n\n\n<p class=\"wp-block-paragraph\">Sa\u00e7 d\u00f6k\u00fclmesi k\u00fcmemizden ilgili konular: <a href=\"\/tr\/diffuz-sac-dokulmesi\/\">yayg\u0131n sa\u00e7 d\u00f6k\u00fclmesi<\/a>, <a href=\"\/tr\/demir-eksikligi-sac-dokulmesi\/\">demir eksikli\u011fi ve sa\u00e7 d\u00f6k\u00fclmesi<\/a>, <a href=\"\/tr\/sac-dokulmesine-karsi-vitaminler\/\">sa\u00e7 d\u00f6k\u00fclmesine kar\u015f\u0131 vitaminler<\/a> ve ayr\u0131ca <a href=\"\/tr\/tiroid-sac-dokulmesi\/\">sa\u00e7 d\u00f6k\u00fclmesi ve tiroit<\/a>. \u00d6zellikle ila\u00e7lara ili\u015fkin: Ozempic kullan\u0131rken sa\u00e7 d\u00f6k\u00fclmesi.<\/p>\n\n","protected":false},"excerpt":{"rendered":"<p>F\u0131r\u00e7ada daha fazla sa\u00e7 ve son kontrolde y\u00fcksek \u00e7\u0131kan bir HbA1c: Diyabet ile sa\u00e7 d\u00f6k\u00fclmesi aras\u0131ndaki ba\u011flant\u0131 ger\u00e7ek, ama \u00e7o\u011fu zaman san\u0131ld\u0131\u011f\u0131ndan farkl\u0131 i\u015fliyor. Diyabete ba\u011fl\u0131 sa\u00e7 d\u00f6k\u00fclmesi tipik olarak yayg\u0131n bi\u00e7imde, sa\u00e7l\u0131 derinin tamam\u0131na da\u011f\u0131lm\u0131\u015f \u015fekilde g\u00f6r\u00fcl\u00fcr ve kan \u015fekeri istikrarl\u0131 seyretti\u011finde aylar i\u00e7inde geriler. Bunun yan\u0131nda daha az bilinen ikinci bir ba\u011flant\u0131 var: [&hellip;]<\/p>\n","protected":false},"author":10,"featured_media":83303,"comment_status":"closed","ping_status":"closed","sticky":false,"template":"","format":"standard","meta":{"_acf_changed":false,"_yoast_wpseo_meta-robots-noindex":"","_yoast_wpseo_meta-robots-nofollow":"","_yoast_wpseo_meta-robots-adv":"","_yoast_wpseo_canonical":"https:\/\/elithair.com\/tr\/diyabet-sac-dokulmesi\/","_yoast_wpseo_opengraph-title":"","_yoast_wpseo_opengraph-description":"","_yoast_wpseo_opengraph-image":"","_yoast_wpseo_twitter-title":"","_yoast_wpseo_twitter-description":"","_yoast_wpseo_twitter-image":"","_hm_hreflang_map":{"de":49955,"en":91610,"es":91872,"fr":101238,"it":107657,"pt":89717,"tr":83299,"uk":95633,"x_default":91610},"_hm_language_code":"tr","footnotes":""},"categories":[3],"tags":[],"class_list":["post-83299","post","type-post","status-publish","format-standard","has-post-thumbnail","hentry","category-sac-ekimi-blog"],"acf":[],"yoast_head":"<!-- This site is optimized with the Yoast SEO Premium plugin v28.3 (Yoast SEO v28.3) - https:\/\/yoast.com\/product\/yoast-seo-premium-wordpress\/ -->\n<title>Diyabet ve Sa\u00e7 D\u00f6k\u00fclmesi: Nedeni Kan \u015eekeri mi, Nas\u0131l Anlars\u0131n\u0131z?<\/title>\n<meta name=\"description\" content=\"Diyabet ve sa\u00e7 d\u00f6k\u00fclmesi: kan \u015fekeri neden sa\u00e7a mal olur, ins\u00fclin direncinin bunda pay\u0131 nedir ve hangi kan de\u011ferlerini kontrol ettirmelisiniz?\" \/>\n<meta name=\"robots\" content=\"index, follow, max-snippet:-1, max-image-preview:large, max-video-preview:-1\" \/>\n<link rel=\"canonical\" href=\"https:\/\/elithair.com\/tr\/diyabet-sac-dokulmesi\/\" \/>\n<meta property=\"og:locale\" content=\"tr_TR\" \/>\n<meta property=\"og:type\" content=\"article\" \/>\n<meta property=\"og:title\" content=\"Diyabet ve sa\u00e7 d\u00f6k\u00fclmesi: nedenler, ins\u00fclin direnci ve ger\u00e7ekten i\u015fe yarayanlar\" \/>\n<meta property=\"og:description\" content=\"Diyabet ve sa\u00e7 d\u00f6k\u00fclmesi: kan \u015fekeri neden sa\u00e7a mal olur, ins\u00fclin direncinin bunda pay\u0131 nedir ve hangi kan de\u011ferlerini kontrol ettirmelisiniz?\" \/>\n<meta property=\"og:url\" content=\"https:\/\/elithair.com\/tr\/diyabet-sac-dokulmesi\/\" \/>\n<meta property=\"og:site_name\" content=\"Elithair\" \/>\n<meta property=\"article:published_time\" content=\"2026-08-29T12:38:14+00:00\" \/>\n<meta property=\"og:image\" content=\"https:\/\/elithair.com\/tr\/wp-content\/uploads\/sites\/10\/2026\/08\/bestand_97298.png\" \/>\n<meta name=\"author\" content=\"Dr. Imad Moustafa\" \/>\n<meta name=\"twitter:card\" content=\"summary_large_image\" \/>\n<meta name=\"twitter:label1\" content=\"Yazan:\" \/>\n\t<meta name=\"twitter:data1\" content=\"Dr. Imad Moustafa\" \/>\n\t<meta name=\"twitter:label2\" content=\"Tahmini okuma s\u00fcresi\" \/>\n\t<meta name=\"twitter:data2\" content=\"66 dakika\" \/>\n<script type=\"application\/ld+json\" class=\"yoast-schema-graph\">{\"@context\":\"https:\\\/\\\/schema.org\",\"@graph\":[{\"@type\":\"Article\",\"@id\":\"https:\\\/\\\/elithair.com\\\/tr\\\/diyabet-sac-dokulmesi\\\/#article\",\"isPartOf\":{\"@id\":\"https:\\\/\\\/elithair.com\\\/tr\\\/diyabet-sac-dokulmesi\\\/\"},\"author\":{\"name\":\"Dr. Imad Moustafa\",\"@id\":\"https:\\\/\\\/elithair.com\\\/tr\\\/#\\\/schema\\\/person\\\/11ce37e83a6343e4c37edcd4b5498e41\"},\"headline\":\"Diyabet ve sa\u00e7 d\u00f6k\u00fclmesi: nedenler, ins\u00fclin direnci ve ger\u00e7ekten i\u015fe yarayanlar\",\"datePublished\":\"2026-08-29T12:38:14+00:00\",\"mainEntityOfPage\":{\"@id\":\"https:\\\/\\\/elithair.com\\\/tr\\\/diyabet-sac-dokulmesi\\\/\"},\"wordCount\":13298,\"image\":{\"@id\":\"https:\\\/\\\/elithair.com\\\/tr\\\/diyabet-sac-dokulmesi\\\/#primaryimage\"},\"thumbnailUrl\":\"https:\\\/\\\/elithair.com\\\/tr\\\/wp-content\\\/uploads\\\/sites\\\/10\\\/2026\\\/08\\\/hero-8.png\",\"articleSection\":[\"Sa\u00e7 Ekimi\"],\"inLanguage\":\"tr\"},{\"@type\":\"WebPage\",\"@id\":\"https:\\\/\\\/elithair.com\\\/tr\\\/diyabet-sac-dokulmesi\\\/\",\"url\":\"https:\\\/\\\/elithair.com\\\/tr\\\/diyabet-sac-dokulmesi\\\/\",\"name\":\"Diyabet ve Sa\u00e7 D\u00f6k\u00fclmesi: Nedeni Kan \u015eekeri mi, Nas\u0131l Anlars\u0131n\u0131z?\",\"isPartOf\":{\"@id\":\"https:\\\/\\\/elithair.com\\\/tr\\\/#website\"},\"primaryImageOfPage\":{\"@id\":\"https:\\\/\\\/elithair.com\\\/tr\\\/diyabet-sac-dokulmesi\\\/#primaryimage\"},\"image\":{\"@id\":\"https:\\\/\\\/elithair.com\\\/tr\\\/diyabet-sac-dokulmesi\\\/#primaryimage\"},\"thumbnailUrl\":\"https:\\\/\\\/elithair.com\\\/tr\\\/wp-content\\\/uploads\\\/sites\\\/10\\\/2026\\\/08\\\/hero-8.png\",\"datePublished\":\"2026-08-29T12:38:14+00:00\",\"author\":{\"@id\":\"https:\\\/\\\/elithair.com\\\/tr\\\/#\\\/schema\\\/person\\\/11ce37e83a6343e4c37edcd4b5498e41\"},\"description\":\"Diyabet ve sa\u00e7 d\u00f6k\u00fclmesi: kan \u015fekeri neden sa\u00e7a mal olur, ins\u00fclin direncinin bunda pay\u0131 nedir ve hangi kan de\u011ferlerini kontrol ettirmelisiniz?\",\"breadcrumb\":{\"@id\":\"https:\\\/\\\/elithair.com\\\/tr\\\/diyabet-sac-dokulmesi\\\/#breadcrumb\"},\"inLanguage\":\"tr\",\"potentialAction\":[{\"@type\":\"ReadAction\",\"target\":[\"https:\\\/\\\/elithair.com\\\/tr\\\/diyabet-sac-dokulmesi\\\/\"]}]},{\"@type\":\"ImageObject\",\"inLanguage\":\"tr\",\"@id\":\"https:\\\/\\\/elithair.com\\\/tr\\\/diyabet-sac-dokulmesi\\\/#primaryimage\",\"url\":\"https:\\\/\\\/elithair.com\\\/tr\\\/wp-content\\\/uploads\\\/sites\\\/10\\\/2026\\\/08\\\/hero-8.png\",\"contentUrl\":\"https:\\\/\\\/elithair.com\\\/tr\\\/wp-content\\\/uploads\\\/sites\\\/10\\\/2026\\\/08\\\/hero-8.png\",\"width\":1536,\"height\":1024,\"caption\":\"Mann Ende vierzig betrachtet im Badezimmer eine Haarb\u00fcrste, daneben ein Blutzuckermessger\u00e4t\"},{\"@type\":\"BreadcrumbList\",\"@id\":\"https:\\\/\\\/elithair.com\\\/tr\\\/diyabet-sac-dokulmesi\\\/#breadcrumb\",\"itemListElement\":[{\"@type\":\"ListItem\",\"position\":1,\"name\":\"Home\",\"item\":\"https:\\\/\\\/elithair.com\\\/tr\\\/\"},{\"@type\":\"ListItem\",\"position\":2,\"name\":\"Diyabet ve sa\u00e7 d\u00f6k\u00fclmesi: nedenler, ins\u00fclin direnci ve ger\u00e7ekten i\u015fe yarayanlar\"}]},{\"@type\":\"WebSite\",\"@id\":\"https:\\\/\\\/elithair.com\\\/tr\\\/#website\",\"url\":\"https:\\\/\\\/elithair.com\\\/tr\\\/\",\"name\":\"Elithair\",\"description\":\"Elithair: sa\u00e7\u0131n\u0131z i\u00e7in en iyi klini\u011fi ke\u015ffedin\",\"potentialAction\":[{\"@type\":\"SearchAction\",\"target\":{\"@type\":\"EntryPoint\",\"urlTemplate\":\"https:\\\/\\\/elithair.com\\\/tr\\\/?s={search_term_string}\"},\"query-input\":{\"@type\":\"PropertyValueSpecification\",\"valueRequired\":true,\"valueName\":\"search_term_string\"}}],\"inLanguage\":\"tr\"},{\"@type\":\"Person\",\"@id\":\"https:\\\/\\\/elithair.com\\\/tr\\\/#\\\/schema\\\/person\\\/11ce37e83a6343e4c37edcd4b5498e41\",\"name\":\"Dr. Imad Moustafa\",\"image\":{\"@type\":\"ImageObject\",\"inLanguage\":\"tr\",\"@id\":\"https:\\\/\\\/secure.gravatar.com\\\/avatar\\\/9190499f6f3008cd7da57b179f07bfea4b4e382c816ba3e0de68db0b5a70c07d?s=96&d=mm&r=g\",\"url\":\"https:\\\/\\\/secure.gravatar.com\\\/avatar\\\/9190499f6f3008cd7da57b179f07bfea4b4e382c816ba3e0de68db0b5a70c07d?s=96&d=mm&r=g\",\"contentUrl\":\"https:\\\/\\\/secure.gravatar.com\\\/avatar\\\/9190499f6f3008cd7da57b179f07bfea4b4e382c816ba3e0de68db0b5a70c07d?s=96&d=mm&r=g\",\"caption\":\"Dr. Imad Moustafa\"},\"url\":\"https:\\\/\\\/elithair.com\\\/tr\\\/author\\\/support\\\/\"}]}<\/script>\n<!-- \/ Yoast SEO Premium plugin. -->","yoast_head_json":{"title":"Diyabet ve Sa\u00e7 D\u00f6k\u00fclmesi: Nedeni Kan \u015eekeri mi, Nas\u0131l Anlars\u0131n\u0131z?","description":"Diyabet ve sa\u00e7 d\u00f6k\u00fclmesi: kan \u015fekeri neden sa\u00e7a mal olur, ins\u00fclin direncinin bunda pay\u0131 nedir ve hangi kan de\u011ferlerini kontrol ettirmelisiniz?","robots":{"index":"index","follow":"follow","max-snippet":"max-snippet:-1","max-image-preview":"max-image-preview:large","max-video-preview":"max-video-preview:-1"},"canonical":"https:\/\/elithair.com\/tr\/diyabet-sac-dokulmesi\/","og_locale":"tr_TR","og_type":"article","og_title":"Diyabet ve sa\u00e7 d\u00f6k\u00fclmesi: nedenler, ins\u00fclin direnci ve ger\u00e7ekten i\u015fe yarayanlar","og_description":"Diyabet ve sa\u00e7 d\u00f6k\u00fclmesi: kan \u015fekeri neden sa\u00e7a mal olur, ins\u00fclin direncinin bunda pay\u0131 nedir ve hangi kan de\u011ferlerini kontrol ettirmelisiniz?","og_url":"https:\/\/elithair.com\/tr\/diyabet-sac-dokulmesi\/","og_site_name":"Elithair","article_published_time":"2026-08-29T12:38:14+00:00","og_image":[{"url":"https:\/\/elithair.com\/tr\/wp-content\/uploads\/sites\/10\/2026\/08\/bestand_97298.png","type":"","width":"","height":""}],"author":"Dr. Imad Moustafa","twitter_card":"summary_large_image","twitter_misc":{"Yazan:":"Dr. Imad Moustafa","Tahmini okuma s\u00fcresi":"66 dakika"},"schema":{"@context":"https:\/\/schema.org","@graph":[{"@type":"Article","@id":"https:\/\/elithair.com\/tr\/diyabet-sac-dokulmesi\/#article","isPartOf":{"@id":"https:\/\/elithair.com\/tr\/diyabet-sac-dokulmesi\/"},"author":{"name":"Dr. Imad Moustafa","@id":"https:\/\/elithair.com\/tr\/#\/schema\/person\/11ce37e83a6343e4c37edcd4b5498e41"},"headline":"Diyabet ve sa\u00e7 d\u00f6k\u00fclmesi: nedenler, ins\u00fclin direnci ve ger\u00e7ekten i\u015fe yarayanlar","datePublished":"2026-08-29T12:38:14+00:00","mainEntityOfPage":{"@id":"https:\/\/elithair.com\/tr\/diyabet-sac-dokulmesi\/"},"wordCount":13298,"image":{"@id":"https:\/\/elithair.com\/tr\/diyabet-sac-dokulmesi\/#primaryimage"},"thumbnailUrl":"https:\/\/elithair.com\/tr\/wp-content\/uploads\/sites\/10\/2026\/08\/hero-8.png","articleSection":["Sa\u00e7 Ekimi"],"inLanguage":"tr"},{"@type":"WebPage","@id":"https:\/\/elithair.com\/tr\/diyabet-sac-dokulmesi\/","url":"https:\/\/elithair.com\/tr\/diyabet-sac-dokulmesi\/","name":"Diyabet ve Sa\u00e7 D\u00f6k\u00fclmesi: Nedeni Kan \u015eekeri mi, Nas\u0131l Anlars\u0131n\u0131z?","isPartOf":{"@id":"https:\/\/elithair.com\/tr\/#website"},"primaryImageOfPage":{"@id":"https:\/\/elithair.com\/tr\/diyabet-sac-dokulmesi\/#primaryimage"},"image":{"@id":"https:\/\/elithair.com\/tr\/diyabet-sac-dokulmesi\/#primaryimage"},"thumbnailUrl":"https:\/\/elithair.com\/tr\/wp-content\/uploads\/sites\/10\/2026\/08\/hero-8.png","datePublished":"2026-08-29T12:38:14+00:00","author":{"@id":"https:\/\/elithair.com\/tr\/#\/schema\/person\/11ce37e83a6343e4c37edcd4b5498e41"},"description":"Diyabet ve sa\u00e7 d\u00f6k\u00fclmesi: kan \u015fekeri neden sa\u00e7a mal olur, ins\u00fclin direncinin bunda pay\u0131 nedir ve hangi kan de\u011ferlerini kontrol ettirmelisiniz?","breadcrumb":{"@id":"https:\/\/elithair.com\/tr\/diyabet-sac-dokulmesi\/#breadcrumb"},"inLanguage":"tr","potentialAction":[{"@type":"ReadAction","target":["https:\/\/elithair.com\/tr\/diyabet-sac-dokulmesi\/"]}]},{"@type":"ImageObject","inLanguage":"tr","@id":"https:\/\/elithair.com\/tr\/diyabet-sac-dokulmesi\/#primaryimage","url":"https:\/\/elithair.com\/tr\/wp-content\/uploads\/sites\/10\/2026\/08\/hero-8.png","contentUrl":"https:\/\/elithair.com\/tr\/wp-content\/uploads\/sites\/10\/2026\/08\/hero-8.png","width":1536,"height":1024,"caption":"Mann Ende vierzig betrachtet im Badezimmer eine Haarb\u00fcrste, daneben ein Blutzuckermessger\u00e4t"},{"@type":"BreadcrumbList","@id":"https:\/\/elithair.com\/tr\/diyabet-sac-dokulmesi\/#breadcrumb","itemListElement":[{"@type":"ListItem","position":1,"name":"Home","item":"https:\/\/elithair.com\/tr\/"},{"@type":"ListItem","position":2,"name":"Diyabet ve sa\u00e7 d\u00f6k\u00fclmesi: nedenler, ins\u00fclin direnci ve ger\u00e7ekten i\u015fe yarayanlar"}]},{"@type":"WebSite","@id":"https:\/\/elithair.com\/tr\/#website","url":"https:\/\/elithair.com\/tr\/","name":"Elithair","description":"Elithair: sa\u00e7\u0131n\u0131z i\u00e7in en iyi klini\u011fi ke\u015ffedin","potentialAction":[{"@type":"SearchAction","target":{"@type":"EntryPoint","urlTemplate":"https:\/\/elithair.com\/tr\/?s={search_term_string}"},"query-input":{"@type":"PropertyValueSpecification","valueRequired":true,"valueName":"search_term_string"}}],"inLanguage":"tr"},{"@type":"Person","@id":"https:\/\/elithair.com\/tr\/#\/schema\/person\/11ce37e83a6343e4c37edcd4b5498e41","name":"Dr. Imad Moustafa","image":{"@type":"ImageObject","inLanguage":"tr","@id":"https:\/\/secure.gravatar.com\/avatar\/9190499f6f3008cd7da57b179f07bfea4b4e382c816ba3e0de68db0b5a70c07d?s=96&d=mm&r=g","url":"https:\/\/secure.gravatar.com\/avatar\/9190499f6f3008cd7da57b179f07bfea4b4e382c816ba3e0de68db0b5a70c07d?s=96&d=mm&r=g","contentUrl":"https:\/\/secure.gravatar.com\/avatar\/9190499f6f3008cd7da57b179f07bfea4b4e382c816ba3e0de68db0b5a70c07d?s=96&d=mm&r=g","caption":"Dr. Imad Moustafa"},"url":"https:\/\/elithair.com\/tr\/author\/support\/"}]}},"_links":{"self":[{"href":"https:\/\/elithair.com\/tr\/wp-json\/wp\/v2\/posts\/83299","targetHints":{"allow":["GET"]}}],"collection":[{"href":"https:\/\/elithair.com\/tr\/wp-json\/wp\/v2\/posts"}],"about":[{"href":"https:\/\/elithair.com\/tr\/wp-json\/wp\/v2\/types\/post"}],"author":[{"embeddable":true,"href":"https:\/\/elithair.com\/tr\/wp-json\/wp\/v2\/users\/10"}],"replies":[{"embeddable":true,"href":"https:\/\/elithair.com\/tr\/wp-json\/wp\/v2\/comments?post=83299"}],"version-history":[{"count":0,"href":"https:\/\/elithair.com\/tr\/wp-json\/wp\/v2\/posts\/83299\/revisions"}],"wp:featuredmedia":[{"embeddable":true,"href":"https:\/\/elithair.com\/tr\/wp-json\/wp\/v2\/media\/83303"}],"wp:attachment":[{"href":"https:\/\/elithair.com\/tr\/wp-json\/wp\/v2\/media?parent=83299"}],"wp:term":[{"taxonomy":"category","embeddable":true,"href":"https:\/\/elithair.com\/tr\/wp-json\/wp\/v2\/categories?post=83299"},{"taxonomy":"post_tag","embeddable":true,"href":"https:\/\/elithair.com\/tr\/wp-json\/wp\/v2\/tags?post=83299"}],"curies":[{"name":"wp","href":"https:\/\/api.w.org\/{rel}","templated":true}]}}