{"id":83298,"date":"2026-08-29T14:36:55","date_gmt":"2026-08-29T12:36:55","guid":{"rendered":"https:\/\/elithair.com\/tr\/sac-dokulmesinde-kan-degerleri\/"},"modified":"2026-08-29T14:36:55","modified_gmt":"2026-08-29T12:36:55","slug":"sac-dokulmesinde-kan-degerleri","status":"publish","type":"post","link":"https:\/\/elithair.com\/tr\/sac-dokulmesinde-kan-degerleri\/","title":{"rendered":"Sa\u00e7 d\u00f6k\u00fclmesinde kan de\u011ferleri: hangi tetkikler ger\u00e7ekten anlaml\u0131?"},"content":{"rendered":"\n<div style=\"border-left:4px solid #0079F1;padding:0 0 0 14px;margin:0 0 26px\">\n<p style=\"margin:0 0 14px;color:#2e3033;font-size:17px;line-height:1.65\">Sa\u00e7 d\u00f6k\u00fclmesi nedeniyle hekime giden herkes asl\u0131nda iki \u015feyi \u00f6\u011frenmek ister: hangi kan de\u011ferlerine bak\u0131lmal\u0131 ve tahlil k\u00e2\u011f\u0131d\u0131ndaki say\u0131lar ne anlama geliyor. As\u0131l bilgi veren de\u011ferler alt\u0131 tanedir: tam kan say\u0131m\u0131, ferritin, CRP, TSH, 25-OH-D vitamini ve \u00e7inko. Bunlar yayg\u0131n sa\u00e7 d\u00f6k\u00fclmesinin tedavi edilebilir nedenlerini ayd\u0131nlat\u0131r. En s\u0131k g\u00f6r\u00fclen tip olan genetik (androgenetik) sa\u00e7 d\u00f6k\u00fclmesi ise kanda g\u00f6r\u00fclmez. Bu yaz\u0131 her de\u011feri tek tek ele al\u0131yor: yol g\u00f6sterici aral\u0131klar\u0131, bozucu etkenleri ve kaynaklar\u0131yla birlikte, 2026 itibar\u0131yla.<\/p>\n<p style=\"margin:0 0 8px;color:#013366;font-weight:700;font-size:16px\">K\u0131saca en \u00f6nemlileri<\/p>\n<ul style=\"margin:0 0 14px;padding:0;color:#2e3033;list-style:none\">\n<li style=\"position:relative;padding:3px 0 3px 24px\"><span style=\"position:absolute;left:0;top:3px;color:#0079F1;font-weight:700\">&#10003;<\/span>Yayg\u0131n sa\u00e7 d\u00f6k\u00fclmesinde temel panel tam kan say\u0131m\u0131, ferritin, CRP, TSH, 25-OH-D vitamini ve \u00e7inkodan olu\u015fur<\/li>\n<li style=\"position:relative;padding:3px 0 3px 24px\"><span style=\"position:absolute;left:0;top:3px;color:#0079F1;font-weight:700\">&#10003;<\/span>Ferritin tek ba\u015f\u0131na en anlaml\u0131 de\u011ferdir ve burada \u201creferans aral\u0131\u011f\u0131nda\u201d olmak otomatik olarak \u201cideal\u201d demek de\u011fildir<\/li>\n<li style=\"position:relative;padding:3px 0 3px 24px\"><span style=\"position:absolute;left:0;top:3px;color:#0079F1;font-weight:700\">&#10003;<\/span>Tek ba\u015f\u0131na geni\u015f hemogram yetmez: ferritin, TSH, D vitamini ve \u00e7inko orada yer almaz<\/li>\n<li style=\"position:relative;padding:3px 0 3px 24px\"><span style=\"position:absolute;left:0;top:3px;color:#0079F1;font-weight:700\">&#10003;<\/span>Hormon de\u011ferleri kad\u0131nlarda hekimin karar\u0131na ba\u011fl\u0131d\u0131r ve zamanlamas\u0131 adet d\u00f6ng\u00fcs\u00fcne g\u00f6re ayarlan\u0131r<\/li>\n<\/ul>\n<p style=\"margin:0;color:#2e3033\">\u0130\u00e7indekiler b\u00f6l\u00fcm\u00fc neyi nerede bulaca\u011f\u0131n\u0131z\u0131 g\u00f6steriyor. Ard\u0131ndan de\u011fer de\u011fer ayr\u0131nt\u0131ya iniyoruz; en sonunda da t\u00fcm kan de\u011ferleri normal \u00e7\u0131kt\u0131\u011f\u0131 h\u00e2lde sa\u00e7lar d\u00f6k\u00fclmeye devam ediyorsa ne yap\u0131laca\u011f\u0131 sorusu var. Tahlil k\u00e2\u011f\u0131d\u0131 \u015fu anda elinizde mi? Do\u011frudan <a href=\"#befund-uebersetzer\" style=\"color:#0079F1;font-weight:600\">tahlil s\u00f6zl\u00fc\u011f\u00fc<\/a> b\u00f6l\u00fcm\u00fcne ge\u00e7ebilirsiniz: Hb\u2019den MCV\u2019ye, anti-TPO\u2019ya kadar her k\u0131saltma orada a\u00e7\u0131klan\u0131yor.<\/p>\n<\/div>\n\n\n\n<h2 class=\"wp-block-heading\">Sa\u00e7 d\u00f6k\u00fclmesinde kan tahlili neyi ayd\u0131nlat\u0131r, neyi ayd\u0131nlatamaz<\/h2>\n\n\n\n<p class=\"wp-block-paragraph\"><strong>Sa\u00e7 d\u00f6k\u00fclmesinde kan tahlili sonradan kazan\u0131lm\u0131\u015f, tedavi edilebilir tetikleyicileri ayd\u0131nlat\u0131r: demir eksikli\u011fi, tiroit i\u015flev bozuklu\u011fu, besin \u00f6gesi a\u00e7\u0131klar\u0131 ve iltihap, daha seyrek olarak hormonal veya sistemik nedenler. Genetik sa\u00e7 d\u00f6k\u00fclmesini ise ne kan\u0131tlayabilir ne de d\u0131\u015flayabilir.<\/strong> Bu tip, dermatoloji literat\u00fcr\u00fcn\u00fcn tutarl\u0131 bi\u00e7imde belirtti\u011fi gibi \u00f6yk\u00fc, d\u00f6k\u00fclme deseni ve trikoskopiye dayanan klinik bir tan\u0131d\u0131r.<\/p>\n\n\n\n<p class=\"wp-block-paragraph\">Yaz\u0131 boyunca iki kavram s\u00fcrekli kar\u015f\u0131n\u0131za \u00e7\u0131kacak. <strong>Androgenetik alopesi<\/strong> , sa\u00e7 k\u00f6klerinin al\u0131n, \u015fakak ve tepe b\u00f6lgesinde DHT adl\u0131 androjene duyarl\u0131 oldu\u011fu ve zamanla k\u00fc\u00e7\u00fcl\u00fcp inceldi\u011fi genetik yatk\u0131nl\u0131\u011fa ba\u011fl\u0131 sa\u00e7 d\u00f6k\u00fclmesidir. <strong>Telojen effluvium<\/strong> ise al\u0131\u015f\u0131lmad\u0131k say\u0131da k\u00f6k\u00fcn ayn\u0131 anda ve erkenden dinlenme faz\u0131na ge\u00e7ti\u011fi, sa\u00e7l\u0131 derinin tamam\u0131n\u0131 etkileyen yayg\u0131n d\u00f6k\u00fclmedir.<\/p>\n\n\n\n<div style=\"border:1px solid #dbe4f0;border-radius:12px;padding:20px 22px;margin:0 0 26px;background:#f6f9fc\">\n<p style=\"margin:0 0 10px;color:#013366;font-weight:700;font-size:16px\">Sa\u00e7 d\u00f6k\u00fclmesinde kan de\u011ferleri: alt\u0131 temel \u00e7\u0131kar\u0131m<\/p>\n<ol style=\"margin:0;padding:0 0 0 22px;color:#2e3033;line-height:1.6\">\n<li style=\"padding:4px 0\">Temel panel: tam kan say\u0131m\u0131, ferritin, CRP, TSH, 25-OH-D vitamini, \u00e7inko.<\/li>\n<li style=\"padding:4px 0\">Yayg\u0131n sa\u00e7 d\u00f6k\u00fclmesinde tek ba\u015f\u0131na en anlaml\u0131 de\u011fer ferritindir.<\/li>\n<li style=\"padding:4px 0\">CRP her zaman birlikte istenir, \u00e7\u00fcnk\u00fc bir iltihap ferritini yanl\u0131\u015f bi\u00e7imde y\u00fcksek g\u00f6sterir.<\/li>\n<li style=\"padding:4px 0\">Geni\u015f hemogramda ne ferritin ne TSH, ne D vitamini ne de \u00e7inko bulunur.<\/li>\n<li style=\"padding:4px 0\">Hormon de\u011ferleri yaln\u0131zca \u00f6yk\u00fcye g\u00f6re, kad\u0131nlarda ayr\u0131ca d\u00f6ng\u00fcye g\u00f6re zamanlanarak istenir.<\/li>\n<li style=\"padding:4px 0\">Bir eksiklik giderildikten sonra d\u00f6k\u00fclmenin azalmas\u0131 tipik olarak \u00fc\u00e7 ila alt\u0131 ay s\u00fcrer.<\/li>\n<\/ol>\n<\/div>\n\n\n\n<p class=\"wp-block-paragraph\">Kan de\u011ferlerinin genetik sa\u00e7 d\u00f6k\u00fclmesini g\u00f6stermemesi, tetkiki gereksiz k\u0131lmaz; tam tersine. Genetik desen \u00e7ok s\u0131k g\u00f6r\u00fcld\u00fc\u011f\u00fc i\u00e7in, tedavi edilebilir pay \u00e7o\u011fu zaman g\u00f6zden ka\u00e7ar. Demir eksikli\u011fine ya da bir tiroit bozuklu\u011funa ba\u011fl\u0131 yayg\u0131n d\u00f6k\u00fclme geri d\u00f6n\u00fc\u015fl\u00fcd\u00fcr ve ikisi ayn\u0131 anda da bulunabilir: genetik bir desen art\u0131 ek bir yayg\u0131n bile\u015fen.<\/p>\n\n\n\n<p class=\"wp-block-paragraph\">Laboratuvar\u0131n ne kadar katk\u0131 sa\u011flayabilece\u011fine bu y\u00fczden d\u00f6k\u00fclme deseni karar verir: sa\u00e7l\u0131 derinin tamam\u0131nda yayg\u0131n d\u00f6k\u00fclme varsa laboratuvar \u00f6ndedir, al\u0131n ve tepe b\u00f6lgesinde desen varsa laboratuvar ikinci plandad\u0131r, yuvarlak a\u00e7\u0131kl\u0131klar veya iltihapl\u0131 bir sa\u00e7l\u0131 deri varsa dermatoloji \u00f6ndedir. Arkada hangi nedenlerin olabilece\u011fini <a href=\"\/tr\/sac-dokulmesi-nedenleri\/\">sa\u00e7 d\u00f6k\u00fclmesinin nedenleri<\/a> ba\u015fl\u0131kl\u0131 genel bak\u0131\u015f yaz\u0131s\u0131 topluca ele al\u0131yor.<\/p>\n\n\n\n<style>\n@media (max-width:640px){\n.rt-table-wrap{overflow-x:visible!important;border:0!important;border-radius:0!important}\n.rt-table{min-width:0!important}\n.rt-table thead{display:none}\n.rt-table,.rt-table tbody,.rt-table tr,.rt-table td{display:block;width:100%}\n.rt-table caption{display:block;padding:0 0 12px!important}\n.rt-table tr{margin:0 0 12px;border:1px solid #dbe4f0;border-radius:10px;overflow:hidden}\n.rt-table tr:last-child{margin-bottom:0}\n.rt-table td{display:flex!important;flex-direction:column;gap:3px;padding:12px 14px!important;\nborder:0!important;border-bottom:1px solid #e3e8ef!important;background:#ffffff!important}\n.rt-table tr td:last-child{border-bottom:0!important}\n.rt-table td::before{content:attr(data-label);font-size:12px;font-weight:700;letter-spacing:.04em;\ntext-transform:uppercase;color:#5799F1}\n.rt-table td:not([data-label])::before,.rt-table td[data-label=\"\"]::before{display:none}\n}\n<\/style>\n<div class=\"rt-table-wrap\" style=\"overflow-x:auto;-webkit-overflow-scrolling:touch;margin:28px 0;border:1px solid #dbe4f0;border-radius:12px\">\n  <table class=\"rt-table\" style=\"width:100%;min-width:620px;table-layout:fixed;border-collapse:separate;border-spacing:0;font-size:15px;margin:0\">\n    <caption style=\"caption-side:top;text-align:left;color:#003366;font-weight:700;font-size:16px;line-height:1.35;padding:14px 16px 10px;background:#ffffff\">Sa\u00e7 d\u00f6k\u00fclmesinde kan tahlili neyi g\u00f6sterir, neyi g\u00f6stermez<\/caption>\n    <thead>\n      <tr>\n        <th style=\"width:22%;background:#003366;color:#ffffff;font-weight:700;text-align:left;vertical-align:middle;padding:13px 16px;font-size:15px;line-height:1.4;border:0;overflow-wrap:break-word\">Neden veya tip<\/th>\n        <th style=\"background:#003366;color:#ffffff;font-weight:700;text-align:left;vertical-align:middle;padding:13px 16px;font-size:15px;line-height:1.4;border:0;overflow-wrap:break-word\">Kanda g\u00f6r\u00fcl\u00fcr m\u00fc?<\/th>\n        <th style=\"background:#003366;color:#ffffff;font-weight:700;text-align:left;vertical-align:middle;padding:13px 16px;font-size:15px;line-height:1.4;border:0;overflow-wrap:break-word\">Bunun yerine nas\u0131l saptan\u0131r<\/th>\n      <\/tr>\n    <\/thead>\n    <tbody>\n      <tr>\n        <td data-label=\"Neden veya tip\" style=\"background:#ffffff;color:#003366;font-weight:700;text-align:left;vertical-align:top;padding:13px 16px;font-size:15px;line-height:1.55;border:0;border-bottom:1px solid #e3e8ef;overflow-wrap:break-word\">Demir eksikli\u011fi<\/td>\n        <td data-label=\"Kanda g\u00f6r\u00fcl\u00fcr m\u00fc?\" style=\"background:#ffffff;color:#22303e;font-weight:400;text-align:left;vertical-align:top;padding:13px 16px;font-size:15px;line-height:1.55;border:0;border-bottom:1px solid #e3e8ef;overflow-wrap:break-word\">Evet, CRP ile birlikte bak\u0131lan ferritin \u00fczerinden<\/td>\n        <td data-label=\"Bunun yerine nas\u0131l saptan\u0131r\" style=\"background:#ffffff;color:#22303e;font-weight:400;text-align:left;vertical-align:top;padding:13px 16px;font-size:15px;line-height:1.55;border:0;border-bottom:1px solid #e3e8ef;overflow-wrap:break-word\">Kan tahlili, tablo net de\u011filse ek olarak transferrin sat\u00fcrasyonu<\/td>\n      <\/tr>\n      <tr>\n        <td data-label=\"Neden veya tip\" style=\"background:#f6f9fc;color:#003366;font-weight:700;text-align:left;vertical-align:top;padding:13px 16px;font-size:15px;line-height:1.55;border:0;border-bottom:1px solid #e3e8ef;overflow-wrap:break-word\">Tiroit i\u015flev bozuklu\u011fu<\/td>\n        <td data-label=\"Kanda g\u00f6r\u00fcl\u00fcr m\u00fc?\" style=\"background:#f6f9fc;color:#22303e;font-weight:400;text-align:left;vertical-align:top;padding:13px 16px;font-size:15px;line-height:1.55;border:0;border-bottom:1px solid #e3e8ef;overflow-wrap:break-word\">Evet, TSH \u00fczerinden; anormallik varsa sT3, sT4, anti-TPO<\/td>\n        <td data-label=\"Bunun yerine nas\u0131l saptan\u0131r\" style=\"background:#f6f9fc;color:#22303e;font-weight:400;text-align:left;vertical-align:top;padding:13px 16px;font-size:15px;line-height:1.55;border:0;border-bottom:1px solid #e3e8ef;overflow-wrap:break-word\">Kan tahlili ve klinik muayene<\/td>\n      <\/tr>\n      <tr>\n        <td data-label=\"Neden veya tip\" style=\"background:#ffffff;color:#003366;font-weight:700;text-align:left;vertical-align:top;padding:13px 16px;font-size:15px;line-height:1.55;border:0;border-bottom:1px solid #e3e8ef;overflow-wrap:break-word\">D vitamini eksikli\u011fi<\/td>\n        <td data-label=\"Kanda g\u00f6r\u00fcl\u00fcr m\u00fc?\" style=\"background:#ffffff;color:#22303e;font-weight:400;text-align:left;vertical-align:top;padding:13px 16px;font-size:15px;line-height:1.55;border:0;border-bottom:1px solid #e3e8ef;overflow-wrap:break-word\">Evet, 25-OH-D vitamini \u00fczerinden<\/td>\n        <td data-label=\"Bunun yerine nas\u0131l saptan\u0131r\" style=\"background:#ffffff;color:#22303e;font-weight:400;text-align:left;vertical-align:top;padding:13px 16px;font-size:15px;line-height:1.55;border:0;border-bottom:1px solid #e3e8ef;overflow-wrap:break-word\">Kan tahlili<\/td>\n      <\/tr>\n      <tr>\n        <td data-label=\"Neden veya tip\" style=\"background:#f6f9fc;color:#003366;font-weight:700;text-align:left;vertical-align:top;padding:13px 16px;font-size:15px;line-height:1.55;border:0;border-bottom:1px solid #e3e8ef;overflow-wrap:break-word\">\u00c7inko eksikli\u011fi<\/td>\n        <td data-label=\"Kanda g\u00f6r\u00fcl\u00fcr m\u00fc?\" style=\"background:#f6f9fc;color:#22303e;font-weight:400;text-align:left;vertical-align:top;padding:13px 16px;font-size:15px;line-height:1.55;border:0;border-bottom:1px solid #e3e8ef;overflow-wrap:break-word\">Evet, serumda veya tam kanda \u00e7inko \u00fczerinden<\/td>\n        <td data-label=\"Bunun yerine nas\u0131l saptan\u0131r\" style=\"background:#f6f9fc;color:#22303e;font-weight:400;text-align:left;vertical-align:top;padding:13px 16px;font-size:15px;line-height:1.55;border:0;border-bottom:1px solid #e3e8ef;overflow-wrap:break-word\">Kan tahlili; de\u011fer g\u00fcn i\u00e7inde dalgalan\u0131r<\/td>\n      <\/tr>\n      <tr>\n        <td data-label=\"Neden veya tip\" style=\"background:#ffffff;color:#003366;font-weight:700;text-align:left;vertical-align:top;padding:13px 16px;font-size:15px;line-height:1.55;border:0;border-bottom:1px solid #e3e8ef;overflow-wrap:break-word\">Anemi (kans\u0131zl\u0131k)<\/td>\n        <td data-label=\"Kanda g\u00f6r\u00fcl\u00fcr m\u00fc?\" style=\"background:#ffffff;color:#22303e;font-weight:400;text-align:left;vertical-align:top;padding:13px 16px;font-size:15px;line-height:1.55;border:0;border-bottom:1px solid #e3e8ef;overflow-wrap:break-word\">Evet, tam kan say\u0131m\u0131 ve hemoglobin \u00fczerinden<\/td>\n        <td data-label=\"Bunun yerine nas\u0131l saptan\u0131r\" style=\"background:#ffffff;color:#22303e;font-weight:400;text-align:left;vertical-align:top;padding:13px 16px;font-size:15px;line-height:1.55;border:0;border-bottom:1px solid #e3e8ef;overflow-wrap:break-word\">Kan tahlili<\/td>\n      <\/tr>\n      <tr>\n        <td data-label=\"Neden veya tip\" style=\"background:#f6f9fc;color:#003366;font-weight:700;text-align:left;vertical-align:top;padding:13px 16px;font-size:15px;line-height:1.55;border:0;border-bottom:1px solid #e3e8ef;overflow-wrap:break-word\">\u0130ltihap veya enfeksiyon<\/td>\n        <td data-label=\"Kanda g\u00f6r\u00fcl\u00fcr m\u00fc?\" style=\"background:#f6f9fc;color:#22303e;font-weight:400;text-align:left;vertical-align:top;padding:13px 16px;font-size:15px;line-height:1.55;border:0;border-bottom:1px solid #e3e8ef;overflow-wrap:break-word\">Evet, CRP ve l\u00f6kosit form\u00fcl\u00fc \u00fczerinden<\/td>\n        <td data-label=\"Bunun yerine nas\u0131l saptan\u0131r\" style=\"background:#f6f9fc;color:#22303e;font-weight:400;text-align:left;vertical-align:top;padding:13px 16px;font-size:15px;line-height:1.55;border:0;border-bottom:1px solid #e3e8ef;overflow-wrap:break-word\">Kan tahlili ve \u00f6yk\u00fc<\/td>\n      <\/tr>\n      <tr>\n        <td data-label=\"Neden veya tip\" style=\"background:#ffffff;color:#003366;font-weight:700;text-align:left;vertical-align:top;padding:13px 16px;font-size:15px;line-height:1.55;border:0;border-bottom:1px solid #e3e8ef;overflow-wrap:break-word\">B12 vitamini eksikli\u011fi<\/td>\n        <td data-label=\"Kanda g\u00f6r\u00fcl\u00fcr m\u00fc?\" style=\"background:#ffffff;color:#22303e;font-weight:400;text-align:left;vertical-align:top;padding:13px 16px;font-size:15px;line-height:1.55;border:0;border-bottom:1px solid #e3e8ef;overflow-wrap:break-word\">Evet, B12 ya da holo-transkobalamin \u00fczerinden<\/td>\n        <td data-label=\"Bunun yerine nas\u0131l saptan\u0131r\" style=\"background:#ffffff;color:#22303e;font-weight:400;text-align:left;vertical-align:top;padding:13px 16px;font-size:15px;line-height:1.55;border:0;border-bottom:1px solid #e3e8ef;overflow-wrap:break-word\">Kan tahlili; ipucu \u00e7o\u011fu zaman y\u00fcksek MCV ile fark edilir<\/td>\n      <\/tr>\n      <tr>\n        <td data-label=\"Neden veya tip\" style=\"background:#f6f9fc;color:#003366;font-weight:700;text-align:left;vertical-align:top;padding:13px 16px;font-size:15px;line-height:1.55;border:0;border-bottom:1px solid #e3e8ef;overflow-wrap:break-word\">Kad\u0131nlarda hormonal bozukluk<\/td>\n        <td data-label=\"Kanda g\u00f6r\u00fcl\u00fcr m\u00fc?\" style=\"background:#f6f9fc;color:#22303e;font-weight:400;text-align:left;vertical-align:top;padding:13px 16px;font-size:15px;line-height:1.55;border:0;border-bottom:1px solid #e3e8ef;overflow-wrap:break-word\">Evet, uygun \u015fik\u00e2yetler varsa hekimin se\u00e7ti\u011fi hormon paneliyle<\/td>\n        <td data-label=\"Bunun yerine nas\u0131l saptan\u0131r\" style=\"background:#f6f9fc;color:#22303e;font-weight:400;text-align:left;vertical-align:top;padding:13px 16px;font-size:15px;line-height:1.55;border:0;border-bottom:1px solid #e3e8ef;overflow-wrap:break-word\">\u00d6yk\u00fc ve jinekolojik de\u011ferlendirme, laboratuvar tamamlay\u0131c\u0131<\/td>\n      <\/tr>\n      <tr>\n        <td data-label=\"Neden veya tip\" style=\"background:#ffffff;color:#003366;font-weight:700;text-align:left;vertical-align:top;padding:13px 16px;font-size:15px;line-height:1.55;border:0;border-bottom:1px solid #e3e8ef;overflow-wrap:break-word\">Genetik (androgenetik) sa\u00e7 d\u00f6k\u00fclmesi<\/td>\n        <td data-label=\"Kanda g\u00f6r\u00fcl\u00fcr m\u00fc?\" style=\"background:#ffffff;color:#22303e;font-weight:400;text-align:left;vertical-align:top;padding:13px 16px;font-size:15px;line-height:1.55;border:0;border-bottom:1px solid #e3e8ef;overflow-wrap:break-word\">Hay\u0131r<\/td>\n        <td data-label=\"Bunun yerine nas\u0131l saptan\u0131r\" style=\"background:#ffffff;color:#22303e;font-weight:400;text-align:left;vertical-align:top;padding:13px 16px;font-size:15px;line-height:1.55;border:0;border-bottom:1px solid #e3e8ef;overflow-wrap:break-word\">Al\u0131n, \u015fakak ve tepe b\u00f6lgesindeki desen, trikoskopi, \u00f6yk\u00fc<\/td>\n      <\/tr>\n      <tr>\n        <td data-label=\"Neden veya tip\" style=\"background:#f6f9fc;color:#003366;font-weight:700;text-align:left;vertical-align:top;padding:13px 16px;font-size:15px;line-height:1.55;border:0;border-bottom:1px solid #e3e8ef;overflow-wrap:break-word\">Sa\u00e7k\u0131ran (alopesi areata)<\/td>\n        <td data-label=\"Kanda g\u00f6r\u00fcl\u00fcr m\u00fc?\" style=\"background:#f6f9fc;color:#22303e;font-weight:400;text-align:left;vertical-align:top;padding:13px 16px;font-size:15px;line-height:1.55;border:0;border-bottom:1px solid #e3e8ef;overflow-wrap:break-word\">Hay\u0131r<\/td>\n        <td data-label=\"Bunun yerine nas\u0131l saptan\u0131r\" style=\"background:#f6f9fc;color:#22303e;font-weight:400;text-align:left;vertical-align:top;padding:13px 16px;font-size:15px;line-height:1.55;border:0;border-bottom:1px solid #e3e8ef;overflow-wrap:break-word\">G\u00f6zle g\u00f6r\u00fcl\u00fcr yuvarlak a\u00e7\u0131kl\u0131klar, trikoskopi, dermatolojik muayene<\/td>\n      <\/tr>\n      <tr>\n        <td data-label=\"Neden veya tip\" style=\"background:#ffffff;color:#003366;font-weight:700;text-align:left;vertical-align:top;padding:13px 16px;font-size:15px;line-height:1.55;border:0;border-bottom:1px solid #e3e8ef;overflow-wrap:break-word\">Skatrisyel (iz b\u0131rakan) alopesi<\/td>\n        <td data-label=\"Kanda g\u00f6r\u00fcl\u00fcr m\u00fc?\" style=\"background:#ffffff;color:#22303e;font-weight:400;text-align:left;vertical-align:top;padding:13px 16px;font-size:15px;line-height:1.55;border:0;border-bottom:1px solid #e3e8ef;overflow-wrap:break-word\">Hay\u0131r<\/td>\n        <td data-label=\"Bunun yerine nas\u0131l saptan\u0131r\" style=\"background:#ffffff;color:#22303e;font-weight:400;text-align:left;vertical-align:top;padding:13px 16px;font-size:15px;line-height:1.55;border:0;border-bottom:1px solid #e3e8ef;overflow-wrap:break-word\">Dermatolojik muayene, ku\u015fku h\u00e2linde sa\u00e7l\u0131 deri biyopsisi<\/td>\n      <\/tr>\n      <tr>\n        <td data-label=\"Neden veya tip\" style=\"background:#f6f9fc;color:#003366;font-weight:700;text-align:left;vertical-align:top;padding:13px 16px;font-size:15px;line-height:1.55;border:0;border-bottom:1px solid #e3e8ef;overflow-wrap:break-word\">\u00c7ekmeye ba\u011fl\u0131 traksiyon alopesisi<\/td>\n        <td data-label=\"Kanda g\u00f6r\u00fcl\u00fcr m\u00fc?\" style=\"background:#f6f9fc;color:#22303e;font-weight:400;text-align:left;vertical-align:top;padding:13px 16px;font-size:15px;line-height:1.55;border:0;border-bottom:1px solid #e3e8ef;overflow-wrap:break-word\">Hay\u0131r<\/td>\n        <td data-label=\"Bunun yerine nas\u0131l saptan\u0131r\" style=\"background:#f6f9fc;color:#22303e;font-weight:400;text-align:left;vertical-align:top;padding:13px 16px;font-size:15px;line-height:1.55;border:0;border-bottom:1px solid #e3e8ef;overflow-wrap:break-word\">Sa\u00e7 modelleri ve \u00e7ekme y\u00fck\u00fc \u00fczerine \u00f6yk\u00fc, sa\u00e7 \u00e7izgisinin muayenesi<\/td>\n      <\/tr>\n      <tr>\n        <td data-label=\"Neden veya tip\" style=\"background:#ffffff;color:#003366;font-weight:700;text-align:left;vertical-align:top;padding:13px 16px;font-size:15px;line-height:1.55;border:0;border-bottom:1px solid #e3e8ef;overflow-wrap:break-word\">Trikotillomani<\/td>\n        <td data-label=\"Kanda g\u00f6r\u00fcl\u00fcr m\u00fc?\" style=\"background:#ffffff;color:#22303e;font-weight:400;text-align:left;vertical-align:top;padding:13px 16px;font-size:15px;line-height:1.55;border:0;border-bottom:1px solid #e3e8ef;overflow-wrap:break-word\">Hay\u0131r<\/td>\n        <td data-label=\"Bunun yerine nas\u0131l saptan\u0131r\" style=\"background:#ffffff;color:#22303e;font-weight:400;text-align:left;vertical-align:top;padding:13px 16px;font-size:15px;line-height:1.55;border:0;border-bottom:1px solid #e3e8ef;overflow-wrap:break-word\">\u00d6yk\u00fc ve farkl\u0131 uzunlukta, k\u0131r\u0131lm\u0131\u015f k\u0131llar\u0131n olu\u015fturdu\u011fu tipik g\u00f6r\u00fcn\u00fcm<\/td>\n      <\/tr>\n      <tr>\n        <td data-label=\"Neden veya tip\" style=\"background:#f6f9fc;color:#003366;font-weight:700;text-align:left;vertical-align:top;padding:13px 16px;font-size:15px;line-height:1.55;border:0;overflow-wrap:break-word\">Enfeksiyon, diyet veya ameliyat gibi ge\u00e7mi\u015fte kalan bir tetikleyici<\/td>\n        <td data-label=\"Kanda g\u00f6r\u00fcl\u00fcr m\u00fc?\" style=\"background:#f6f9fc;color:#22303e;font-weight:400;text-align:left;vertical-align:top;padding:13px 16px;font-size:15px;line-height:1.55;border:0;overflow-wrap:break-word\">Yaln\u0131zca dolayl\u0131 olarak ve \u00e7o\u011fu zaman art\u0131k hi\u00e7 g\u00f6r\u00fclmez<\/td>\n        <td data-label=\"Bunun yerine nas\u0131l saptan\u0131r\" style=\"background:#f6f9fc;color:#22303e;font-weight:400;text-align:left;vertical-align:top;padding:13px 16px;font-size:15px;line-height:1.55;border:0;overflow-wrap:break-word\">Son iki ila d\u00f6rt ay\u0131n \u00f6yk\u00fcs\u00fc<\/td>\n      <\/tr>\n    <\/tbody>\n  <\/table>\n<\/div>\n\n\n<div class=\"wp-block-image\">\n<figure class=\"aligncenter size-large is-resized\" style=\"max-width:720px;margin-left:auto;margin-right:auto\"><img decoding=\"async\" src=\"https:\/\/elithair.com\/tr\/wp-content\/uploads\/sites\/10\/2026\/08\/infografik_blut_zeigt__tr.png\" alt=\"\u0130nfografik: Sa\u00e7 d\u00f6k\u00fclmesinde kan tahlili neyi g\u00f6sterir, neyi g\u00f6stermez\" class=\"wp-image-83792\" style=\"width:720px;max-width:100%;height:auto\"\/><\/figure>\n<\/div>\n\n\n<h3 class=\"wp-block-heading\">Testosteron veya DHT \u00f6l\u00e7t\u00fcrmenin bir faydas\u0131 var m\u0131?<\/h3>\n\n\n\n<p class=\"wp-block-paragraph\">Hay\u0131r; genetik sa\u00e7 d\u00f6k\u00fclmesi olan erkeklerde serumda testosteron veya DHT \u00f6l\u00e7\u00fcm\u00fcn\u00fcn tan\u0131 a\u00e7\u0131s\u0131ndan bir katk\u0131s\u0131 yoktur. Androgenetik alopesi, kandaki hormon d\u00fczeyinin y\u00fcksekli\u011fine de\u011fil, sa\u00e7 k\u00f6klerinin dihidrotestosterona duyarl\u0131l\u0131\u011f\u0131na dayan\u0131r. Dermatoloji literat\u00fcr\u00fcne g\u00f6re etkilenen erkeklerde testosteron ve DHT de\u011ferleri kural olarak normaldir.<\/p>\n\n\n\n<p class=\"wp-block-paragraph\">Bundan iki sonu\u00e7 \u00e7\u0131kar: normal bir de\u011fer tan\u0131y\u0131 d\u0131\u015flamaz, y\u00fcksek bir de\u011fer de tan\u0131y\u0131 do\u011frulamaz. Kad\u0131nlarda ise androjenlere bakmak anlaml\u0131d\u0131r, ancak bamba\u015fka bir nedenle. Ama\u00e7, d\u00f6k\u00fclme desenini a\u00e7\u0131klamak de\u011fil, polikistik over sendromu gibi altta yatan hormonal bir bozuklu\u011fu aramakt\u0131r.<\/p>\n\n\n\n<h2 class=\"wp-block-heading\">Sa\u00e7 d\u00f6k\u00fclmesinde hangi kan de\u011ferleri? Eksiksiz genel bak\u0131\u015f<\/h2>\n\n\n\n<p class=\"wp-block-paragraph\"><strong>Sa\u00e7 d\u00f6k\u00fclmesinde temel panel alt\u0131 de\u011ferden olu\u015fur: l\u00f6kosit form\u00fcll\u00fc tam kan say\u0131m\u0131, ferritin, CRP, TSH, 25-OH-D vitamini ve \u00e7inko.<\/strong> Tablo belirsiz kal\u0131r ya da d\u00f6k\u00fclme s\u00fcrerse geni\u015fletilmi\u015f panel devreye girer; hormon de\u011ferleri ve otoimm\u00fcn serolojisi ise yaln\u0131zca \u00f6yk\u00fc gerektiriyorsa istenir. A\u015fa\u011f\u0131daki tablolar bu \u00fc\u00e7 basama\u011f\u0131 g\u00f6steriyor; her de\u011ferin neyi g\u00f6sterdi\u011fi, ne zaman anlaml\u0131 oldu\u011fu ve yol g\u00f6sterici aral\u0131\u011f\u0131yla birlikte.<\/p>\n\n\n\n<style>\n@media (max-width:640px){\n.rt-table-wrap{overflow-x:visible!important;border:0!important;border-radius:0!important}\n.rt-table{min-width:0!important}\n.rt-table thead{display:none}\n.rt-table,.rt-table tbody,.rt-table tr,.rt-table td{display:block;width:100%}\n.rt-table caption{display:block;padding:0 0 12px!important}\n.rt-table tr{margin:0 0 12px;border:1px solid #dbe4f0;border-radius:10px;overflow:hidden}\n.rt-table tr:last-child{margin-bottom:0}\n.rt-table td{display:flex!important;flex-direction:column;gap:3px;padding:12px 14px!important;\nborder:0!important;border-bottom:1px solid #e3e8ef!important;background:#ffffff!important}\n.rt-table tr td:last-child{border-bottom:0!important}\n.rt-table td::before{content:attr(data-label);font-size:12px;font-weight:700;letter-spacing:.04em;\ntext-transform:uppercase;color:#5799F1}\n.rt-table td:not([data-label])::before,.rt-table td[data-label=\"\"]::before{display:none}\n}\n<\/style>\n<div class=\"rt-table-wrap\" style=\"overflow-x:auto;-webkit-overflow-scrolling:touch;margin:28px 0;border:1px solid #dbe4f0;border-radius:12px\">\n  <table class=\"rt-table\" style=\"width:100%;min-width:660px;table-layout:fixed;border-collapse:separate;border-spacing:0;font-size:15px;margin:0\">\n    <caption style=\"caption-side:top;text-align:left;color:#003366;font-weight:700;font-size:16px;line-height:1.35;padding:14px 16px 10px;background:#ffffff\">1. basamak: sa\u00e7 d\u00f6k\u00fclmesinde temel panel<\/caption>\n    <thead>\n      <tr>\n        <th style=\"width:22%;background:#003366;color:#ffffff;font-weight:700;text-align:left;vertical-align:middle;padding:13px 16px;font-size:15px;line-height:1.4;border:0;overflow-wrap:break-word\">De\u011fer<\/th>\n        <th style=\"background:#003366;color:#ffffff;font-weight:700;text-align:left;vertical-align:middle;padding:13px 16px;font-size:15px;line-height:1.4;border:0;overflow-wrap:break-word\">Neyi g\u00f6sterir<\/th>\n        <th style=\"background:#003366;color:#ffffff;font-weight:700;text-align:left;vertical-align:middle;padding:13px 16px;font-size:15px;line-height:1.4;border:0;overflow-wrap:break-word\">Ne zaman anlaml\u0131d\u0131r<\/th>\n        <th style=\"background:#003366;color:#ffffff;font-weight:700;text-align:left;vertical-align:middle;padding:13px 16px;font-size:15px;line-height:1.4;border:0;overflow-wrap:break-word\">Yol g\u00f6sterici aral\u0131k<\/th>\n      <\/tr>\n    <\/thead>\n    <tbody>\n      <tr>\n        <td data-label=\"De\u011fer\" style=\"background:#ffffff;color:#003366;font-weight:700;text-align:left;vertical-align:top;padding:13px 16px;font-size:15px;line-height:1.55;border:0;border-bottom:1px solid #e3e8ef;overflow-wrap:break-word\">Ferritin<\/td>\n        <td data-label=\"Neyi g\u00f6sterir\" style=\"background:#ffffff;color:#22303e;font-weight:400;text-align:left;vertical-align:top;padding:13px 16px;font-size:15px;line-height:1.55;border:0;border-bottom:1px solid #e3e8ef;overflow-wrap:break-word\">Demir depolar\u0131n\u0131n dolulu\u011fu; \u00e7o\u011fu zaman anemi ortaya \u00e7\u0131kmadan \u00f6nce bozulur<\/td>\n        <td data-label=\"Ne zaman anlaml\u0131d\u0131r\" style=\"background:#ffffff;color:#22303e;font-weight:400;text-align:left;vertical-align:top;padding:13px 16px;font-size:15px;line-height:1.55;border:0;border-bottom:1px solid #e3e8ef;overflow-wrap:break-word\">Her yayg\u0131n sa\u00e7 d\u00f6k\u00fclmesinde, \u00f6zellikle kad\u0131nlarda<\/td>\n        <td data-label=\"Yol g\u00f6sterici aral\u0131k\" style=\"background:#ffffff;color:#22303e;font-weight:400;text-align:left;vertical-align:top;padding:13px 16px;font-size:15px;line-height:1.55;border:0;border-bottom:1px solid #e3e8ef;overflow-wrap:break-word\">Eksiklik s\u0131n\u0131r\u0131 laboratuvara g\u00f6re \u00e7o\u011funlukla 15-30 \u00b5g\/L\u2019nin (ng\/mL) alt\u0131ndad\u0131r; sa\u00e7 i\u00e7in \u00f6nerilen daha y\u00fcksek hedef de\u011ferler uzman tart\u0131\u015fmas\u0131 konusudur, k\u0131lavuz kural\u0131 de\u011fildir<\/td>\n      <\/tr>\n      <tr>\n        <td data-label=\"De\u011fer\" style=\"background:#f6f9fc;color:#003366;font-weight:700;text-align:left;vertical-align:top;padding:13px 16px;font-size:15px;line-height:1.55;border:0;border-bottom:1px solid #e3e8ef;overflow-wrap:break-word\">CRP<\/td>\n        <td data-label=\"Neyi g\u00f6sterir\" style=\"background:#f6f9fc;color:#22303e;font-weight:400;text-align:left;vertical-align:top;padding:13px 16px;font-size:15px;line-height:1.55;border:0;border-bottom:1px solid #e3e8ef;overflow-wrap:break-word\">V\u00fccuttaki iltihab\u0131; yanl\u0131\u015f y\u00fcksek \u00e7\u0131kan bir ferritini ortaya koyar<\/td>\n        <td data-label=\"Ne zaman anlaml\u0131d\u0131r\" style=\"background:#f6f9fc;color:#22303e;font-weight:400;text-align:left;vertical-align:top;padding:13px 16px;font-size:15px;line-height:1.55;border:0;border-bottom:1px solid #e3e8ef;overflow-wrap:break-word\">Her zaman ferritinle birlikte<\/td>\n        <td data-label=\"Yol g\u00f6sterici aral\u0131k\" style=\"background:#f6f9fc;color:#22303e;font-weight:400;text-align:left;vertical-align:top;padding:13px 16px;font-size:15px;line-height:1.55;border:0;border-bottom:1px solid #e3e8ef;overflow-wrap:break-word\">Laboratuvara g\u00f6re de\u011fi\u015fir, kendi tahlil sonucunuza bak\u0131n<\/td>\n      <\/tr>\n      <tr>\n        <td data-label=\"De\u011fer\" style=\"background:#ffffff;color:#003366;font-weight:700;text-align:left;vertical-align:top;padding:13px 16px;font-size:15px;line-height:1.55;border:0;border-bottom:1px solid #e3e8ef;overflow-wrap:break-word\">L\u00f6kosit form\u00fcll\u00fc tam kan say\u0131m\u0131<\/td>\n        <td data-label=\"Neyi g\u00f6sterir\" style=\"background:#ffffff;color:#22303e;font-weight:400;text-align:left;vertical-align:top;padding:13px 16px;font-size:15px;line-height:1.55;border:0;border-bottom:1px solid #e3e8ef;overflow-wrap:break-word\">Anemi, h\u00fccre b\u00fcy\u00fckl\u00fc\u011f\u00fc (MCV), iltihap veya kan hastal\u0131\u011f\u0131 ipu\u00e7lar\u0131<\/td>\n        <td data-label=\"Ne zaman anlaml\u0131d\u0131r\" style=\"background:#ffffff;color:#22303e;font-weight:400;text-align:left;vertical-align:top;padding:13px 16px;font-size:15px;line-height:1.55;border:0;border-bottom:1px solid #e3e8ef;overflow-wrap:break-word\">Nedeni belirsiz sa\u00e7 d\u00f6k\u00fclmesinde temel tetkik olarak<\/td>\n        <td data-label=\"Yol g\u00f6sterici aral\u0131k\" style=\"background:#ffffff;color:#22303e;font-weight:400;text-align:left;vertical-align:top;padding:13px 16px;font-size:15px;line-height:1.55;border:0;border-bottom:1px solid #e3e8ef;overflow-wrap:break-word\">Laboratuvara g\u00f6re de\u011fi\u015fir, kendi tahlil sonucunuza bak\u0131n<\/td>\n      <\/tr>\n      <tr>\n        <td data-label=\"De\u011fer\" style=\"background:#f6f9fc;color:#003366;font-weight:700;text-align:left;vertical-align:top;padding:13px 16px;font-size:15px;line-height:1.55;border:0;border-bottom:1px solid #e3e8ef;overflow-wrap:break-word\">TSH<\/td>\n        <td data-label=\"Neyi g\u00f6sterir\" style=\"background:#f6f9fc;color:#22303e;font-weight:400;text-align:left;vertical-align:top;padding:13px 16px;font-size:15px;line-height:1.55;border:0;border-bottom:1px solid #e3e8ef;overflow-wrap:break-word\">Tiroidi y\u00f6neten hormon; hem az hem de fazla \u00e7al\u0131\u015fmada de\u011fi\u015fir<\/td>\n        <td data-label=\"Ne zaman anlaml\u0131d\u0131r\" style=\"background:#f6f9fc;color:#22303e;font-weight:400;text-align:left;vertical-align:top;padding:13px 16px;font-size:15px;line-height:1.55;border:0;border-bottom:1px solid #e3e8ef;overflow-wrap:break-word\">Yayg\u0131n sa\u00e7 d\u00f6k\u00fclmesinde; yorgunluk, kilo veya d\u00f6ng\u00fc de\u011fi\u015fiklikleri varsa daha da gerekli<\/td>\n        <td data-label=\"Yol g\u00f6sterici aral\u0131k\" style=\"background:#f6f9fc;color:#22303e;font-weight:400;text-align:left;vertical-align:top;padding:13px 16px;font-size:15px;line-height:1.55;border:0;border-bottom:1px solid #e3e8ef;overflow-wrap:break-word\">S\u0131k kullan\u0131lan \u00f6zet aral\u0131k 0,4-4,0 mIU\/L (\u00b5IU\/mL); \u00fcst s\u0131n\u0131r laboratuvara g\u00f6re 3,5-5,0 mIU\/L<\/td>\n      <\/tr>\n      <tr>\n        <td data-label=\"De\u011fer\" style=\"background:#ffffff;color:#003366;font-weight:700;text-align:left;vertical-align:top;padding:13px 16px;font-size:15px;line-height:1.55;border:0;border-bottom:1px solid #e3e8ef;overflow-wrap:break-word\">25-OH-D vitamini<\/td>\n        <td data-label=\"Neyi g\u00f6sterir\" style=\"background:#ffffff;color:#22303e;font-weight:400;text-align:left;vertical-align:top;padding:13px 16px;font-size:15px;line-height:1.55;border:0;border-bottom:1px solid #e3e8ef;overflow-wrap:break-word\">Son haftalardaki D vitamini durumunu<\/td>\n        <td data-label=\"Ne zaman anlaml\u0131d\u0131r\" style=\"background:#ffffff;color:#22303e;font-weight:400;text-align:left;vertical-align:top;padding:13px 16px;font-size:15px;line-height:1.55;border:0;border-bottom:1px solid #e3e8ef;overflow-wrap:break-word\">Yayg\u0131n sa\u00e7 d\u00f6k\u00fclmesinde ve g\u00fcne\u015fe az \u00e7\u0131k\u0131lan d\u00f6nemlerde<\/td>\n        <td data-label=\"Yol g\u00f6sterici aral\u0131k\" style=\"background:#ffffff;color:#22303e;font-weight:400;text-align:left;vertical-align:top;padding:13px 16px;font-size:15px;line-height:1.55;border:0;border-bottom:1px solid #e3e8ef;overflow-wrap:break-word\">20 ng\/mL (50 nmol\/L) ve \u00fczeri yeterli, 12-20 ng\/mL (30-50 nmol\/L) yetersiz, 12 ng\/mL (30 nmol\/L) alt\u0131 eksiklik (IOM s\u0131n\u0131fland\u0131rmas\u0131)<\/td>\n      <\/tr>\n      <tr>\n        <td data-label=\"De\u011fer\" style=\"background:#f6f9fc;color:#003366;font-weight:700;text-align:left;vertical-align:top;padding:13px 16px;font-size:15px;line-height:1.55;border:0;overflow-wrap:break-word\">\u00c7inko<\/td>\n        <td data-label=\"Neyi g\u00f6sterir\" style=\"background:#f6f9fc;color:#22303e;font-weight:400;text-align:left;vertical-align:top;padding:13px 16px;font-size:15px;line-height:1.55;border:0;overflow-wrap:break-word\">\u00c7inko durumunu; iltihapta da d\u00fc\u015fer<\/td>\n        <td data-label=\"Ne zaman anlaml\u0131d\u0131r\" style=\"background:#f6f9fc;color:#22303e;font-weight:400;text-align:left;vertical-align:top;padding:13px 16px;font-size:15px;line-height:1.55;border:0;overflow-wrap:break-word\">Yayg\u0131n sa\u00e7 d\u00f6k\u00fclmesinde, tek y\u00f6nl\u00fc beslenmede veya ba\u011f\u0131rsak hastal\u0131klar\u0131nda<\/td>\n        <td data-label=\"Yol g\u00f6sterici aral\u0131k\" style=\"background:#f6f9fc;color:#22303e;font-weight:400;text-align:left;vertical-align:top;padding:13px 16px;font-size:15px;line-height:1.55;border:0;overflow-wrap:break-word\">Serumda y\u00f6nteme g\u00f6re yakla\u015f\u0131k 75-140 \u00b5g\/dL ya da 9-21 \u00b5mol\/L<\/td>\n      <\/tr>\n    <\/tbody>\n  <\/table>\n<\/div>\n\n\n\n<p class=\"wp-block-paragraph\"><strong>1. basamak, temel panel:<\/strong> Tam kan say\u0131m\u0131, ferritin, CRP, TSH, 25-OH-D vitamini ve \u00e7inko. Bu birle\u015fim demir eksikli\u011fini, anemiyi, iltihab\u0131, tiroit i\u015flevini ve en \u00e7ok tart\u0131\u015f\u0131lan iki besin \u00f6gesi a\u00e7\u0131\u011f\u0131n\u0131 kapsar. Alman, \u0130ngiliz, \u0130talyan ve T\u00fcrk uzman kaynaklar\u0131nda pratikte ayn\u0131 bi\u00e7imde tarif edilir ve b\u00f6ylece sa\u00e7 d\u00f6k\u00fclmesi kan tetkikinin uluslararas\u0131 ortak \u00e7ekirde\u011fini olu\u015fturur. Bu tetkiklerin sigorta kapsam\u0131na girip girmedi\u011fi tek tek parametrelere de\u011fil, t\u0131bbi endikasyona ba\u011fl\u0131d\u0131r; bu s\u0131n\u0131r\u0131n nerede \u00e7izildi\u011fi a\u015fa\u011f\u0131daki sigorta b\u00f6l\u00fcm\u00fcnde anlat\u0131l\u0131yor.<\/p>\n\n\n\n<style>\n@media (max-width:640px){\n.rt-table-wrap{overflow-x:visible!important;border:0!important;border-radius:0!important}\n.rt-table{min-width:0!important}\n.rt-table thead{display:none}\n.rt-table,.rt-table tbody,.rt-table tr,.rt-table td{display:block;width:100%}\n.rt-table caption{display:block;padding:0 0 12px!important}\n.rt-table tr{margin:0 0 12px;border:1px solid #dbe4f0;border-radius:10px;overflow:hidden}\n.rt-table tr:last-child{margin-bottom:0}\n.rt-table td{display:flex!important;flex-direction:column;gap:3px;padding:12px 14px!important;\nborder:0!important;border-bottom:1px solid #e3e8ef!important;background:#ffffff!important}\n.rt-table tr td:last-child{border-bottom:0!important}\n.rt-table td::before{content:attr(data-label);font-size:12px;font-weight:700;letter-spacing:.04em;\ntext-transform:uppercase;color:#5799F1}\n.rt-table td:not([data-label])::before,.rt-table td[data-label=\"\"]::before{display:none}\n}\n<\/style>\n<div class=\"rt-table-wrap\" style=\"overflow-x:auto;-webkit-overflow-scrolling:touch;margin:28px 0;border:1px solid #dbe4f0;border-radius:12px\">\n  <table class=\"rt-table\" style=\"width:100%;min-width:660px;table-layout:fixed;border-collapse:separate;border-spacing:0;font-size:15px;margin:0\">\n    <caption style=\"caption-side:top;text-align:left;color:#003366;font-weight:700;font-size:16px;line-height:1.35;padding:14px 16px 10px;background:#ffffff\">2. basamak: tablo belirsizse veya d\u00f6k\u00fclme s\u00fcr\u00fcyorsa geni\u015fletilmi\u015f panel<\/caption>\n    <thead>\n      <tr>\n        <th style=\"width:22%;background:#003366;color:#ffffff;font-weight:700;text-align:left;vertical-align:middle;padding:13px 16px;font-size:15px;line-height:1.4;border:0;overflow-wrap:break-word\">De\u011fer<\/th>\n        <th style=\"background:#003366;color:#ffffff;font-weight:700;text-align:left;vertical-align:middle;padding:13px 16px;font-size:15px;line-height:1.4;border:0;overflow-wrap:break-word\">Neyi g\u00f6sterir<\/th>\n        <th style=\"background:#003366;color:#ffffff;font-weight:700;text-align:left;vertical-align:middle;padding:13px 16px;font-size:15px;line-height:1.4;border:0;overflow-wrap:break-word\">Ne zaman anlaml\u0131d\u0131r<\/th>\n        <th style=\"background:#003366;color:#ffffff;font-weight:700;text-align:left;vertical-align:middle;padding:13px 16px;font-size:15px;line-height:1.4;border:0;overflow-wrap:break-word\">Yorumlama notu<\/th>\n      <\/tr>\n    <\/thead>\n    <tbody>\n      <tr>\n        <td data-label=\"De\u011fer\" style=\"background:#ffffff;color:#003366;font-weight:700;text-align:left;vertical-align:top;padding:13px 16px;font-size:15px;line-height:1.55;border:0;border-bottom:1px solid #e3e8ef;overflow-wrap:break-word\">sT3 ve sT4<\/td>\n        <td data-label=\"Neyi g\u00f6sterir\" style=\"background:#ffffff;color:#22303e;font-weight:400;text-align:left;vertical-align:top;padding:13px 16px;font-size:15px;line-height:1.55;border:0;border-bottom:1px solid #e3e8ef;overflow-wrap:break-word\">Serbest tiroit hormonlar\u0131n\u0131; ger\u00e7ek metabolik durumu g\u00f6sterirler<\/td>\n        <td data-label=\"Ne zaman anlaml\u0131d\u0131r\" style=\"background:#ffffff;color:#22303e;font-weight:400;text-align:left;vertical-align:top;padding:13px 16px;font-size:15px;line-height:1.55;border:0;border-bottom:1px solid #e3e8ef;overflow-wrap:break-word\">TSH anormalse ya da klinik ku\u015fku s\u00fcr\u00fcyorsa<\/td>\n        <td data-label=\"Yorumlama notu\" style=\"background:#ffffff;color:#22303e;font-weight:400;text-align:left;vertical-align:top;padding:13px 16px;font-size:15px;line-height:1.55;border:0;border-bottom:1px solid #e3e8ef;overflow-wrap:break-word\">Her zaman TSH ile birlikte yorumlan\u0131r, asla tek ba\u015f\u0131na de\u011fil<\/td>\n      <\/tr>\n      <tr>\n        <td data-label=\"De\u011fer\" style=\"background:#f6f9fc;color:#003366;font-weight:700;text-align:left;vertical-align:top;padding:13px 16px;font-size:15px;line-height:1.55;border:0;border-bottom:1px solid #e3e8ef;overflow-wrap:break-word\">Anti-TPO antikorlar\u0131<\/td>\n        <td data-label=\"Neyi g\u00f6sterir\" style=\"background:#f6f9fc;color:#22303e;font-weight:400;text-align:left;vertical-align:top;padding:13px 16px;font-size:15px;line-height:1.55;border:0;border-bottom:1px solid #e3e8ef;overflow-wrap:break-word\">Tiroidin otoimm\u00fcn s\u00fcrecini (Hashimoto tiroiditi)<\/td>\n        <td data-label=\"Ne zaman anlaml\u0131d\u0131r\" style=\"background:#f6f9fc;color:#22303e;font-weight:400;text-align:left;vertical-align:top;padding:13px 16px;font-size:15px;line-height:1.55;border:0;border-bottom:1px solid #e3e8ef;overflow-wrap:break-word\">TSH anormalse veya ailede \u00f6yk\u00fc varsa<\/td>\n        <td data-label=\"Yorumlama notu\" style=\"background:#f6f9fc;color:#22303e;font-weight:400;text-align:left;vertical-align:top;padding:13px 16px;font-size:15px;line-height:1.55;border:0;border-bottom:1px solid #e3e8ef;overflow-wrap:break-word\">Tek ba\u015f\u0131na pozitif bir de\u011fer, tedavi gerektiren bir hastal\u0131k anlam\u0131na gelmez<\/td>\n      <\/tr>\n      <tr>\n        <td data-label=\"De\u011fer\" style=\"background:#ffffff;color:#003366;font-weight:700;text-align:left;vertical-align:top;padding:13px 16px;font-size:15px;line-height:1.55;border:0;border-bottom:1px solid #e3e8ef;overflow-wrap:break-word\">B12 vitamini veya holo-transkobalamin<\/td>\n        <td data-label=\"Neyi g\u00f6sterir\" style=\"background:#ffffff;color:#22303e;font-weight:400;text-align:left;vertical-align:top;padding:13px 16px;font-size:15px;line-height:1.55;border:0;border-bottom:1px solid #e3e8ef;overflow-wrap:break-word\">B12 durumunu; holo-TC h\u00fccrelerin kullanabildi\u011fi pay\u0131 yans\u0131t\u0131r<\/td>\n        <td data-label=\"Ne zaman anlaml\u0131d\u0131r\" style=\"background:#ffffff;color:#22303e;font-weight:400;text-align:left;vertical-align:top;padding:13px 16px;font-size:15px;line-height:1.55;border:0;border-bottom:1px solid #e3e8ef;overflow-wrap:break-word\">Vejetaryen veya vegan beslenmede, y\u00fcksek MCV\u2019de, mide-ba\u011f\u0131rsak hastal\u0131klar\u0131nda<\/td>\n        <td data-label=\"Yorumlama notu\" style=\"background:#ffffff;color:#22303e;font-weight:400;text-align:left;vertical-align:top;padding:13px 16px;font-size:15px;line-height:1.55;border:0;border-bottom:1px solid #e3e8ef;overflow-wrap:break-word\">Holo-transkobalamin, total B12\u2019ye g\u00f6re daha bilgilendirici kabul edilir<\/td>\n      <\/tr>\n      <tr>\n        <td data-label=\"De\u011fer\" style=\"background:#f6f9fc;color:#003366;font-weight:700;text-align:left;vertical-align:top;padding:13px 16px;font-size:15px;line-height:1.55;border:0;border-bottom:1px solid #e3e8ef;overflow-wrap:break-word\">Folat (folik asit)<\/td>\n        <td data-label=\"Neyi g\u00f6sterir\" style=\"background:#f6f9fc;color:#22303e;font-weight:400;text-align:left;vertical-align:top;padding:13px 16px;font-size:15px;line-height:1.55;border:0;border-bottom:1px solid #e3e8ef;overflow-wrap:break-word\">Folat durumunu; h\u0131zl\u0131 b\u00f6l\u00fcnen dokular i\u00e7in \u00f6nemlidir<\/td>\n        <td data-label=\"Ne zaman anlaml\u0131d\u0131r\" style=\"background:#f6f9fc;color:#22303e;font-weight:400;text-align:left;vertical-align:top;padding:13px 16px;font-size:15px;line-height:1.55;border:0;border-bottom:1px solid #e3e8ef;overflow-wrap:break-word\">Tam kan say\u0131m\u0131nda b\u00fcy\u00fck eritrositler varsa veya beslenme tek y\u00f6nl\u00fcyse<\/td>\n        <td data-label=\"Yorumlama notu\" style=\"background:#f6f9fc;color:#22303e;font-weight:400;text-align:left;vertical-align:top;padding:13px 16px;font-size:15px;line-height:1.55;border:0;border-bottom:1px solid #e3e8ef;overflow-wrap:break-word\">\u00c7o\u011funlukla B12 ile birlikte de\u011ferlendirilir<\/td>\n      <\/tr>\n      <tr>\n        <td data-label=\"De\u011fer\" style=\"background:#ffffff;color:#003366;font-weight:700;text-align:left;vertical-align:top;padding:13px 16px;font-size:15px;line-height:1.55;border:0;border-bottom:1px solid #e3e8ef;overflow-wrap:break-word\">Transferrin sat\u00fcrasyonu<\/td>\n        <td data-label=\"Neyi g\u00f6sterir\" style=\"background:#ffffff;color:#22303e;font-weight:400;text-align:left;vertical-align:top;padding:13px 16px;font-size:15px;line-height:1.55;border:0;border-bottom:1px solid #e3e8ef;overflow-wrap:break-word\">Ta\u015f\u0131y\u0131c\u0131 proteinin demirle y\u00fckl\u00fc olan pay\u0131n\u0131<\/td>\n        <td data-label=\"Ne zaman anlaml\u0131d\u0131r\" style=\"background:#ffffff;color:#22303e;font-weight:400;text-align:left;vertical-align:top;padding:13px 16px;font-size:15px;line-height:1.55;border:0;border-bottom:1px solid #e3e8ef;overflow-wrap:break-word\">Ferritin ile klinik tablo birbirini tutmuyorsa<\/td>\n        <td data-label=\"Yorumlama notu\" style=\"background:#ffffff;color:#22303e;font-weight:400;text-align:left;vertical-align:top;padding:13px 16px;font-size:15px;line-height:1.55;border:0;border-bottom:1px solid #e3e8ef;overflow-wrap:break-word\">Demir ba\u011flama kapasitesi y\u00fcksekken y\u00fczde 20\u2019nin alt\u0131nda olmas\u0131 i\u015flevsel demir eksikli\u011fine i\u015faret edebilir<\/td>\n      <\/tr>\n      <tr>\n        <td data-label=\"De\u011fer\" style=\"background:#f6f9fc;color:#003366;font-weight:700;text-align:left;vertical-align:top;padding:13px 16px;font-size:15px;line-height:1.55;border:0;border-bottom:1px solid #e3e8ef;overflow-wrap:break-word\">Karaci\u011fer ve b\u00f6brek de\u011ferleri<\/td>\n        <td data-label=\"Neyi g\u00f6sterir\" style=\"background:#f6f9fc;color:#22303e;font-weight:400;text-align:left;vertical-align:top;padding:13px 16px;font-size:15px;line-height:1.55;border:0;border-bottom:1px solid #e3e8ef;overflow-wrap:break-word\">Karaci\u011fer ve b\u00f6bre\u011fin temel i\u015flevlerini<\/td>\n        <td data-label=\"Ne zaman anlaml\u0131d\u0131r\" style=\"background:#f6f9fc;color:#22303e;font-weight:400;text-align:left;vertical-align:top;padding:13px 16px;font-size:15px;line-height:1.55;border:0;border-bottom:1px solid #e3e8ef;overflow-wrap:break-word\">Genel \u015fik\u00e2yetlerde veya s\u00fcrekli ila\u00e7 kullan\u0131m\u0131nda<\/td>\n        <td data-label=\"Yorumlama notu\" style=\"background:#f6f9fc;color:#22303e;font-weight:400;text-align:left;vertical-align:top;padding:13px 16px;font-size:15px;line-height:1.55;border:0;border-bottom:1px solid #e3e8ef;overflow-wrap:break-word\">Nadir durumlarda yayg\u0131n sa\u00e7 d\u00f6k\u00fclmesini a\u00e7\u0131klamaya katk\u0131 sa\u011flar<\/td>\n      <\/tr>\n      <tr>\n        <td data-label=\"De\u011fer\" style=\"background:#ffffff;color:#003366;font-weight:700;text-align:left;vertical-align:top;padding:13px 16px;font-size:15px;line-height:1.55;border:0;border-bottom:1px solid #e3e8ef;overflow-wrap:break-word\">Kan \u015fekeri veya HbA1c<\/td>\n        <td data-label=\"Neyi g\u00f6sterir\" style=\"background:#ffffff;color:#22303e;font-weight:400;text-align:left;vertical-align:top;padding:13px 16px;font-size:15px;line-height:1.55;border:0;border-bottom:1px solid #e3e8ef;overflow-wrap:break-word\">Son haftalar\u0131n \u015feker metabolizmas\u0131n\u0131<\/td>\n        <td data-label=\"Ne zaman anlaml\u0131d\u0131r\" style=\"background:#ffffff;color:#22303e;font-weight:400;text-align:left;vertical-align:top;padding:13px 16px;font-size:15px;line-height:1.55;border:0;border-bottom:1px solid #e3e8ef;overflow-wrap:break-word\">Fazla kiloda, d\u00f6ng\u00fc bozukluklar\u0131nda veya polikistik over sendromu ku\u015fkusunda<\/td>\n        <td data-label=\"Yorumlama notu\" style=\"background:#ffffff;color:#22303e;font-weight:400;text-align:left;vertical-align:top;padding:13px 16px;font-size:15px;line-height:1.55;border:0;border-bottom:1px solid #e3e8ef;overflow-wrap:break-word\">A\u00e7l\u0131k kan \u015fekeri i\u00e7in a\u00e7 karn\u0131na kan al\u0131nmas\u0131 gerekir<\/td>\n      <\/tr>\n      <tr>\n        <td data-label=\"De\u011fer\" style=\"background:#f6f9fc;color:#003366;font-weight:700;text-align:left;vertical-align:top;padding:13px 16px;font-size:15px;line-height:1.55;border:0;overflow-wrap:break-word\">Selenyum<\/td>\n        <td data-label=\"Neyi g\u00f6sterir\" style=\"background:#f6f9fc;color:#22303e;font-weight:400;text-align:left;vertical-align:top;padding:13px 16px;font-size:15px;line-height:1.55;border:0;overflow-wrap:break-word\">Selenyum durumunu<\/td>\n        <td data-label=\"Ne zaman anlaml\u0131d\u0131r\" style=\"background:#f6f9fc;color:#22303e;font-weight:400;text-align:left;vertical-align:top;padding:13px 16px;font-size:15px;line-height:1.55;border:0;overflow-wrap:break-word\">Yaln\u0131zca somut bir ku\u015fku varsa<\/td>\n        <td data-label=\"Yorumlama notu\" style=\"background:#f6f9fc;color:#22303e;font-weight:400;text-align:left;vertical-align:top;padding:13px 16px;font-size:15px;line-height:1.55;border:0;overflow-wrap:break-word\">Fazla al\u0131nmas\u0131 kendi ba\u015f\u0131na sa\u00e7 d\u00f6k\u00fclmesine yol a\u00e7abilir, bu y\u00fczden asla k\u00f6rlemesine kullan\u0131lmamal\u0131d\u0131r<\/td>\n      <\/tr>\n    <\/tbody>\n  <\/table>\n<\/div>\n\n\n\n<p class=\"wp-block-paragraph\"><strong>2. basamak, geni\u015fletilmi\u015f:<\/strong> Bu de\u011ferler, temel panel normalken yayg\u0131n d\u00f6k\u00fclme s\u00fcr\u00fcyorsa ya da bir bulgu a\u00e7\u0131klama gerektiriyorsa devreye girer. Pratikten bir \u00f6rnek: demir ba\u011flama kapasitesi y\u00fcksekken transferrin sat\u00fcrasyonunun y\u00fczde 20\u2019nin alt\u0131nda olmas\u0131, ferritin \u201cnormal\u201d g\u00f6r\u00fcnse bile i\u015flevsel bir demir eksikli\u011fine i\u015faret edebilir.<\/p>\n\n\n\n<style>\n@media (max-width:640px){\n.rt-table-wrap{overflow-x:visible!important;border:0!important;border-radius:0!important}\n.rt-table{min-width:0!important}\n.rt-table thead{display:none}\n.rt-table,.rt-table tbody,.rt-table tr,.rt-table td{display:block;width:100%}\n.rt-table caption{display:block;padding:0 0 12px!important}\n.rt-table tr{margin:0 0 12px;border:1px solid #dbe4f0;border-radius:10px;overflow:hidden}\n.rt-table tr:last-child{margin-bottom:0}\n.rt-table td{display:flex!important;flex-direction:column;gap:3px;padding:12px 14px!important;\nborder:0!important;border-bottom:1px solid #e3e8ef!important;background:#ffffff!important}\n.rt-table tr td:last-child{border-bottom:0!important}\n.rt-table td::before{content:attr(data-label);font-size:12px;font-weight:700;letter-spacing:.04em;\ntext-transform:uppercase;color:#5799F1}\n.rt-table td:not([data-label])::before,.rt-table td[data-label=\"\"]::before{display:none}\n}\n<\/style>\n<div class=\"rt-table-wrap\" style=\"overflow-x:auto;-webkit-overflow-scrolling:touch;margin:28px 0;border:1px solid #dbe4f0;border-radius:12px\">\n  <table class=\"rt-table\" style=\"width:100%;min-width:620px;table-layout:fixed;border-collapse:separate;border-spacing:0;font-size:15px;margin:0\">\n    <caption style=\"caption-side:top;text-align:left;color:#003366;font-weight:700;font-size:16px;line-height:1.35;padding:14px 16px 10px;background:#ffffff\">3. basamak: yaln\u0131zca hekim endikasyonuyla<\/caption>\n    <thead>\n      <tr>\n        <th style=\"width:22%;background:#003366;color:#ffffff;font-weight:700;text-align:left;vertical-align:middle;padding:13px 16px;font-size:15px;line-height:1.4;border:0;overflow-wrap:break-word\">De\u011fer<\/th>\n        <th style=\"background:#003366;color:#ffffff;font-weight:700;text-align:left;vertical-align:middle;padding:13px 16px;font-size:15px;line-height:1.4;border:0;overflow-wrap:break-word\">Neyi g\u00f6sterir<\/th>\n        <th style=\"background:#003366;color:#ffffff;font-weight:700;text-align:left;vertical-align:middle;padding:13px 16px;font-size:15px;line-height:1.4;border:0;overflow-wrap:break-word\">Hekimler ne zaman ister<\/th>\n      <\/tr>\n    <\/thead>\n    <tbody>\n      <tr>\n        <td data-label=\"De\u011fer\" style=\"background:#ffffff;color:#003366;font-weight:700;text-align:left;vertical-align:top;padding:13px 16px;font-size:15px;line-height:1.55;border:0;border-bottom:1px solid #e3e8ef;overflow-wrap:break-word\">Total ve serbest testosteron<\/td>\n        <td data-label=\"Neyi g\u00f6sterir\" style=\"background:#ffffff;color:#22303e;font-weight:400;text-align:left;vertical-align:top;padding:13px 16px;font-size:15px;line-height:1.55;border:0;border-bottom:1px solid #e3e8ef;overflow-wrap:break-word\">Androjen d\u00fczeyini; biyolojik olarak etkin olan yaln\u0131zca serbest testosterondur<\/td>\n        <td data-label=\"Hekimler ne zaman ister\" style=\"background:#ffffff;color:#22303e;font-weight:400;text-align:left;vertical-align:top;padding:13px 16px;font-size:15px;line-height:1.55;border:0;border-bottom:1px solid #e3e8ef;overflow-wrap:break-word\">Kad\u0131nlarda d\u00f6ng\u00fc bozuklu\u011fu, akne veya y\u00fczde artm\u0131\u015f k\u0131llanma gibi androjen fazlal\u0131\u011f\u0131 belirtileri varsa<\/td>\n      <\/tr>\n      <tr>\n        <td data-label=\"De\u011fer\" style=\"background:#f6f9fc;color:#003366;font-weight:700;text-align:left;vertical-align:top;padding:13px 16px;font-size:15px;line-height:1.55;border:0;border-bottom:1px solid #e3e8ef;overflow-wrap:break-word\">SHBG<\/td>\n        <td data-label=\"Neyi g\u00f6sterir\" style=\"background:#f6f9fc;color:#22303e;font-weight:400;text-align:left;vertical-align:top;padding:13px 16px;font-size:15px;line-height:1.55;border:0;border-bottom:1px solid #e3e8ef;overflow-wrap:break-word\">Seks hormonlar\u0131n\u0131n ta\u015f\u0131y\u0131c\u0131 proteinini; serbest testosteronu de\u011fi\u015ftirir<\/td>\n        <td data-label=\"Hekimler ne zaman ister\" style=\"background:#f6f9fc;color:#22303e;font-weight:400;text-align:left;vertical-align:top;padding:13px 16px;font-size:15px;line-height:1.55;border:0;border-bottom:1px solid #e3e8ef;overflow-wrap:break-word\">Testosteronla birlikte, \u00f6zellikle hormonal do\u011fum kontrol\u00fc alt\u0131ndayken<\/td>\n      <\/tr>\n      <tr>\n        <td data-label=\"De\u011fer\" style=\"background:#ffffff;color:#003366;font-weight:700;text-align:left;vertical-align:top;padding:13px 16px;font-size:15px;line-height:1.55;border:0;border-bottom:1px solid #e3e8ef;overflow-wrap:break-word\">DHEA-S<\/td>\n        <td data-label=\"Neyi g\u00f6sterir\" style=\"background:#ffffff;color:#22303e;font-weight:400;text-align:left;vertical-align:top;padding:13px 16px;font-size:15px;line-height:1.55;border:0;border-bottom:1px solid #e3e8ef;overflow-wrap:break-word\">B\u00f6brek \u00fcst\u00fc bezi korteksinin androjen \u00fcretimini<\/td>\n        <td data-label=\"Hekimler ne zaman ister\" style=\"background:#ffffff;color:#22303e;font-weight:400;text-align:left;vertical-align:top;padding:13px 16px;font-size:15px;line-height:1.55;border:0;border-bottom:1px solid #e3e8ef;overflow-wrap:break-word\">Yumurtal\u0131klar d\u0131\u015f\u0131nda bir androjen kayna\u011f\u0131ndan ku\u015fkulan\u0131ld\u0131\u011f\u0131nda<\/td>\n      <\/tr>\n      <tr>\n        <td data-label=\"De\u011fer\" style=\"background:#f6f9fc;color:#003366;font-weight:700;text-align:left;vertical-align:top;padding:13px 16px;font-size:15px;line-height:1.55;border:0;border-bottom:1px solid #e3e8ef;overflow-wrap:break-word\">Prolaktin<\/td>\n        <td data-label=\"Neyi g\u00f6sterir\" style=\"background:#f6f9fc;color:#22303e;font-weight:400;text-align:left;vertical-align:top;padding:13px 16px;font-size:15px;line-height:1.55;border:0;border-bottom:1px solid #e3e8ef;overflow-wrap:break-word\">Hipofiz bezinin hormonunu<\/td>\n        <td data-label=\"Hekimler ne zaman ister\" style=\"background:#f6f9fc;color:#22303e;font-weight:400;text-align:left;vertical-align:top;padding:13px 16px;font-size:15px;line-height:1.55;border:0;border-bottom:1px solid #e3e8ef;overflow-wrap:break-word\">D\u00f6ng\u00fc bozukluklar\u0131nda, s\u00fct gelmesinde veya gebe kalmakta g\u00fc\u00e7l\u00fckte<\/td>\n      <\/tr>\n      <tr>\n        <td data-label=\"De\u011fer\" style=\"background:#ffffff;color:#003366;font-weight:700;text-align:left;vertical-align:top;padding:13px 16px;font-size:15px;line-height:1.55;border:0;border-bottom:1px solid #e3e8ef;overflow-wrap:break-word\">17-OH-progesteron, FSH, LH, estradiol<\/td>\n        <td data-label=\"Neyi g\u00f6sterir\" style=\"background:#ffffff;color:#22303e;font-weight:400;text-align:left;vertical-align:top;padding:13px 16px;font-size:15px;line-height:1.55;border:0;border-bottom:1px solid #e3e8ef;overflow-wrap:break-word\">Hormon panelinin di\u011fer yap\u0131 ta\u015flar\u0131n\u0131<\/td>\n        <td data-label=\"Hekimler ne zaman ister\" style=\"background:#ffffff;color:#22303e;font-weight:400;text-align:left;vertical-align:top;padding:13px 16px;font-size:15px;line-height:1.55;border:0;border-bottom:1px solid #e3e8ef;overflow-wrap:break-word\">Jinekolojik veya endokrinolojik bir de\u011ferlendirme kapsam\u0131nda, endikasyona g\u00f6re<\/td>\n      <\/tr>\n      <tr>\n        <td data-label=\"De\u011fer\" style=\"background:#f6f9fc;color:#003366;font-weight:700;text-align:left;vertical-align:top;padding:13px 16px;font-size:15px;line-height:1.55;border:0;overflow-wrap:break-word\">Otoimm\u00fcn seroloji veya sifiliz serolojisi<\/td>\n        <td data-label=\"Neyi g\u00f6sterir\" style=\"background:#f6f9fc;color:#22303e;font-weight:400;text-align:left;vertical-align:top;padding:13px 16px;font-size:15px;line-height:1.55;border:0;overflow-wrap:break-word\">Otoimm\u00fcn ya da enfeksiy\u00f6z bir nedene dair ipu\u00e7lar\u0131n\u0131<\/td>\n        <td data-label=\"Hekimler ne zaman ister\" style=\"background:#f6f9fc;color:#22303e;font-weight:400;text-align:left;vertical-align:top;padding:13px 16px;font-size:15px;line-height:1.55;border:0;overflow-wrap:break-word\">Yaln\u0131zca \u00f6yk\u00fc ve muayeneden do\u011fan somut bir ku\u015fku varsa; rutin olarak de\u011fil<\/td>\n      <\/tr>\n    <\/tbody>\n  <\/table>\n<\/div>\n\n\n\n<p class=\"wp-block-paragraph\"><strong>3. basamak, hekim endikasyonuyla:<\/strong> Hormon de\u011ferleri ve otoimm\u00fcn serolojisinin, ki\u015finin kendi sipari\u015f etti\u011fi paketlerde yeri yoktur. Bunlar \u00f6yk\u00fc bir gerek\u00e7e sundu\u011funda istenir ve klinik tabloyla birlikte de\u011ferlendirilir. \u0130spanyol dermatoloji dergisi Actas Dermo-Sifiliogr\u00e1ficas bunu kad\u0131nlar i\u00e7in \u015f\u00f6yle \u00f6zetliyor: hormon incelemeleri \u00f6ncelikle androjen fazlal\u0131\u011f\u0131na dair ek belirtiler varsa.<\/p>\n\n\n\n<p class=\"wp-block-paragraph\">Daha \u00e7ok de\u011fer bakmak otomatik olarak daha iyi bir yakla\u015f\u0131m de\u011fildir. 30 parametrelik bir paket her \u015feyden \u00f6nce rastlant\u0131sal bulgular, ek tetkikler ve masraf \u00fcretir. Belirti vermeyen eri\u015fkinlerde D vitamini veya B12 eksikli\u011fi taramalar\u0131 \u00fczerine yap\u0131lan de\u011ferlendirmeler tam da bu sonuca var\u0131yor: do\u011frudan zarar d\u00fc\u015f\u00fck, ancak yanl\u0131\u015f bulgu ve a\u015f\u0131r\u0131 tan\u0131 riski var. Hedefli \u00f6l\u00e7mek, \u00e7ok \u00f6l\u00e7meye \u00fcst\u00fcnd\u00fcr.<\/p>\n\n\n<div class=\"wp-block-image\">\n<figure class=\"aligncenter size-large is-resized\" style=\"max-width:720px;margin-left:auto;margin-right:auto\"><img decoding=\"async\" src=\"https:\/\/elithair.com\/tr\/wp-content\/uploads\/sites\/10\/2026\/08\/foto_blutabnahme.png\" alt=\"Sa\u00e7 d\u00f6k\u00fclmesinde kan tahlili i\u00e7in laboratuvardaki kan \u00f6rnekleri\" class=\"wp-image-83793\" style=\"width:720px;max-width:100%;height:auto\"\/><\/figure>\n<\/div>\n\n\n<h2 class=\"wp-block-heading\">Yayg\u0131n sa\u00e7 d\u00f6k\u00fclmesi: burada ger\u00e7ekten \u00f6nemli olan kan de\u011ferleri<\/h2>\n\n\n\n<p class=\"wp-block-paragraph\"><strong>Yayg\u0131n sa\u00e7 d\u00f6k\u00fclmesinde belirleyici kan de\u011ferleri CRP ile birlikte ferritin, TSH, 25-OH-D vitamini, \u00e7inko, B12 vitamini ve tam kan say\u0131m\u0131d\u0131r.<\/strong> Kan tahlilinin en \u00e7ok i\u015fe yarad\u0131\u011f\u0131 yer buras\u0131d\u0131r, \u00e7\u00fcnk\u00fc arkada sonradan kazan\u0131lm\u0131\u015f ve \u00e7o\u011fu zaman giderilebilir bir tetikleyici olabilir. Yayg\u0131n demek: sa\u00e7, kel bir b\u00f6lge olu\u015fmadan sa\u00e7l\u0131 derinin tamam\u0131nda incelir.<\/p>\n\n\n\n<p class=\"wp-block-paragraph\">Laboratuvar\u0131n ne kadar katk\u0131 sa\u011flayabilece\u011fine d\u00f6k\u00fclme deseni karar verir. A\u015fa\u011f\u0131daki e\u015fle\u015ftirme, bir kan tahlilinden ne bekleyebilece\u011finizin k\u0131sa ve pratik \u00f6zetidir. Seyrin ve tipik tetikleyicilerin ayr\u0131nt\u0131lar\u0131 i\u00e7in \u015fu yaz\u0131ya bakabilirsiniz: <a href=\"\/tr\/diffuz-sac-dokulmesi\/\">yayg\u0131n sa\u00e7 d\u00f6k\u00fclmesi<\/a>.<\/p>\n\n\n\n<div style=\"margin:0 0 26px\">\n<div style=\"border:1px solid #e3e8ef;border-left:4px solid #0079F1;border-radius:10px;padding:14px 16px;margin-bottom:10px\">\n<p style=\"margin:0 0 4px;color:#013366;font-weight:700\">Sa\u00e7l\u0131 derinin tamam\u0131nda yayg\u0131n, kel b\u00f6lge yok<\/p>\n<p style=\"margin:0;color:#2e3033\">Laboratuvar \u00f6nde. Ferritin, CRP, TSH, D vitamini, \u00e7inko ve tam kan say\u0131m\u0131 tedavi edilebilir kazan\u0131lm\u0131\u015f nedenleri ayd\u0131nlat\u0131r.<\/p>\n<\/div>\n<div style=\"border:1px solid #e3e8ef;border-left:4px solid #5799F1;border-radius:10px;padding:14px 16px;margin-bottom:10px\">\n<p style=\"margin:0 0 4px;color:#013366;font-weight:700\">Al\u0131n, \u015fakak ve tepe b\u00f6lgesinde desen<\/p>\n<p style=\"margin:0;color:#2e3033\">Laboratuvar ikinci planda. Tan\u0131y\u0131 desenin ve sa\u00e7l\u0131 derinin muayenesi koyar. Laboratuvar ise ayr\u0131ca yayg\u0131n bir bile\u015fenin olup olmad\u0131\u011f\u0131n\u0131 kontrol eder.<\/p>\n<\/div>\n<div style=\"border:1px solid #e3e8ef;border-left:4px solid #013366;border-radius:10px;padding:14px 16px;margin-bottom:0\">\n<p style=\"margin:0 0 4px;color:#013366;font-weight:700\">Yuvarlak kel odaklar ya da iltihapl\u0131, a\u011fr\u0131yan sa\u00e7l\u0131 deri<\/p>\n<p style=\"margin:0;color:#2e3033\">Dermatolojik de\u011ferlendirme \u00f6nde. Burada trikoskopi ve ku\u015fku h\u00e2linde doku \u00f6rne\u011fi belirleyicidir, laboratuvar yaln\u0131zca tamamlar.<\/p>\n<\/div>\n<\/div>\n\n\n\n<p class=\"wp-block-paragraph\">Neredeyse hi\u00e7bir yerde yazmayan ama pek \u00e7ok bulguyu a\u00e7\u0131klayan bir zaman \u00e7izelgesi: telojen effluvium tipik olarak tetikleyiciden ancak iki ila d\u00f6rt ay sonra ba\u015flar, \u00e7\u00fcnk\u00fc etkilenen k\u00f6kler \u00f6nce, kendisi yakla\u015f\u0131k 100 g\u00fcn s\u00fcren dinlenme faz\u0131nda haftalarca kal\u0131r. Yani bug\u00fcn sa\u00e7\u0131n\u0131 kaybeden ki\u015fi, iki ila d\u00f6rt ay \u00f6ncesinde bir olay aramal\u0131d\u0131r.<\/p>\n\n\n\n<p class=\"wp-block-paragraph\">Tipik tetikleyiciler ate\u015fli bir enfeksiyon, bir ameliyat, ciddi kilo kayb\u0131na yol a\u00e7an bir diyet, do\u011fum, b\u00fcy\u00fck bir kan kayb\u0131 ya da yeni ba\u015flanan bir ila\u00e7t\u0131r. Bundan \u00f6nemli bir k\u0131s\u0131t do\u011far: bug\u00fcn \u00f6l\u00e7\u00fclen bir de\u011fer, tetikleyici ger\u00e7ek olsa bile \u00e7oktan normale d\u00f6nm\u00fc\u015f olabilir. Tetikleyici ortadan kalkt\u0131ktan sonra d\u00f6k\u00fclme \u00e7o\u011funlukla \u00fc\u00e7 ila alt\u0131 ay i\u00e7inde normale d\u00f6ner.<\/p>\n\n\n\n<h3 class=\"wp-block-heading\">Sa\u00e7 ekimi \u00f6ncesi kan tahlili: nedenin neden \u00f6nce ayd\u0131nlat\u0131ld\u0131\u011f\u0131<\/h3>\n\n\n\n<p class=\"wp-block-paragraph\">Planlanan bir <a href=\"\/tr\/sac-ekimi\/\">sa\u00e7 ekimi<\/a> \u00f6ncesinde kan tahlili ay\u0131rt etme i\u015flevi g\u00f6r\u00fcr: genetik desenin yan\u0131nda ayr\u0131ca yayg\u0131n ve etkin bir d\u00f6k\u00fclme olup olmad\u0131\u011f\u0131n\u0131 g\u00f6stermelidir. Demir eksikli\u011fine ya da d\u00fczenlenmemi\u015f bir tiroide ba\u011fl\u0131 s\u00fcregelen telojen effluvium, t\u0131bbi de\u011ferlendirmede \u00f6nce bu nedenin tedavi edilmesi i\u00e7in bir gerek\u00e7e say\u0131l\u0131r.<\/p>\n\n\n\n<p class=\"wp-block-paragraph\">Gerek\u00e7esi \u00e7ok yal\u0131n: nakil, var olan kendi sa\u00e7\u0131n\u0131z\u0131 yeniden da\u011f\u0131t\u0131r; ne demir durumunu ne de tiroit i\u015flevini de\u011fi\u015ftirir. Yayg\u0131n bile\u015fen etkin oldu\u011fu s\u00fcrece ba\u015flang\u0131\u00e7 tablosu kaymaya devam eder. Bir i\u015flem \u00f6ncesinde hangi de\u011ferlerin istenece\u011fine, \u00f6yk\u00fc ve muayene bulgusuna g\u00f6re tedaviyi \u00fcstlenen hekim karar verir.<\/p>\n\n\n<div class=\"wp-block-image\">\n<figure class=\"aligncenter size-large is-resized\" style=\"max-width:720px;margin-left:auto;margin-right:auto\"><img decoding=\"async\" src=\"https:\/\/elithair.com\/tr\/wp-content\/uploads\/sites\/10\/2026\/08\/infografik_diffus_muster__tr.png\" alt=\"\u00dcstten g\u00f6r\u00fcn\u00fcmle \u00fc\u00e7 sa\u00e7 d\u00f6k\u00fclmesi deseni: yayg\u0131n, al\u0131n ve tepe b\u00f6lgesinde desen, yuvarlak kel odaklar\" class=\"wp-image-83794\" style=\"width:720px;max-width:100%;height:auto\"\/><\/figure>\n<\/div>\n\n\n<h2 class=\"wp-block-heading\">Sa\u00e7 d\u00f6k\u00fclmesinde ferritin: en anlaml\u0131 ve en \u00e7ok tart\u0131\u015f\u0131lan de\u011fer<\/h2>\n\n\n\n<p class=\"wp-block-paragraph\"><strong>Yayg\u0131n sa\u00e7 d\u00f6k\u00fclmesinde tek ba\u015f\u0131na en anlaml\u0131 de\u011fer ferritindir, \u00e7\u00fcnk\u00fc demir eksikli\u011fi daha anemi geli\u015fmeden sa\u00e7\u0131 etkileyebilir.<\/strong> Ferritin, demirin depo proteinidir ve serum ferritin de\u011feri demir depolar\u0131n\u0131n ne kadar dolu oldu\u011funu g\u00f6sterir. Depo bo\u015f oldu\u011fu h\u00e2lde anemi yoksa hemoglobin h\u00e2l\u00e2 normaldir; yani tek ba\u015f\u0131na tam kan say\u0131m\u0131 sorunsuz g\u00f6r\u00fcn\u00fcr.<\/p>\n\n\n\n<p class=\"wp-block-paragraph\">Mekanizma iyi anla\u015f\u0131labilir. Sa\u00e7 k\u00f6kleri v\u00fccudun en h\u0131zl\u0131 b\u00f6l\u00fcnen dokular\u0131 aras\u0131ndad\u0131r. Bo\u015f demir depolar\u0131 k\u00f6kleri erkenden telojen faza iter; sonu\u00e7 telojen effluvium, yani sa\u00e7l\u0131 derinin tamam\u0131nda yayg\u0131n d\u00f6k\u00fclmedir. Fazlar\u0131n birbiriyle nas\u0131l ba\u011flant\u0131l\u0131 oldu\u011funu sa\u00e7 d\u00f6ng\u00fcs\u00fc yaz\u0131s\u0131 ayr\u0131nt\u0131l\u0131 olarak anlat\u0131yor.<\/p>\n\n\n\n<p class=\"wp-block-paragraph\">\u201cDo\u011fru\u201d ferritin de\u011feri sorusunda i\u015fler kar\u0131\u015f\u0131yor; titizlik tam da burada kazand\u0131r\u0131yor. Laboratuvar referanslar\u0131 demir eksikli\u011fini \u00e7o\u011fu zaman ancak yakla\u015f\u0131k 15-30 \u00b5g\/L\u2019nin alt\u0131nda tan\u0131mlar; laboratuvara g\u00f6re de\u011fi\u015fir. CRP normalse 15 \u00b5g\/L\u2019nin alt\u0131ndaki bir de\u011fer demir eksikli\u011fi i\u00e7in y\u00fcksek \u00f6zg\u00fcll\u00fckte kabul edilir. Bu, sa\u011flam bi\u00e7imde kan\u0131tlanm\u0131\u015f k\u0131s\u0131md\u0131r.<\/p>\n\n\n\n<p class=\"wp-block-paragraph\">Tart\u0131\u015fmal\u0131 olan geri kalan\u0131. Uzman tart\u0131\u015fmas\u0131nda sa\u00e7 i\u00e7in yakla\u015f\u0131k 40-70 \u00b5g\/L gibi daha y\u00fcksek bir hedef aral\u0131k dile getirilir; ba\u015fta Rushton (2002) ile Trost, Bergfeld ve Calogeras (2006) olmak \u00fczere. Ancak demir takviyesi yaln\u0131zca kan\u0131tlanm\u0131\u015f bir eksiklik varsa ve hekim talimat\u0131yla verilir, \u00e7\u00fcnk\u00fc v\u00fccutta fazla demir organ hasar\u0131na yol a\u00e7abilir ve bir demir birikim hastal\u0131\u011f\u0131n\u0131 gizleyebilir. Buna kar\u015f\u0131l\u0131k Olsen ve arkada\u015flar\u0131n\u0131n \u00e7al\u0131\u015fmas\u0131 (2010, Journal of the American Academy of Dermatology) gibi kontroll\u00fc incelemeler, genetik sa\u00e7 d\u00f6k\u00fclmesi veya kronik telojen effluviumu olan kad\u0131nlarda kontrollere k\u0131yasla daha y\u00fcksek bir demir eksikli\u011fi oran\u0131 bulmam\u0131\u015ft\u0131r.<\/p>\n\n\n\n<p class=\"wp-block-paragraph\">Bu say\u0131lar\u0131n nas\u0131l konumland\u0131r\u0131laca\u011f\u0131 \u00f6nemli: 40-70 \u00b5g\/L, \u00e7o\u011fu trikoloji alan\u0131nda uzmanla\u015fm\u0131\u015f tek tek yazarlar\u0131n g\u00f6r\u00fc\u015f\u00fcd\u00fcr, bir k\u0131lavuz \u00f6nerisi de\u011fil. Sa\u00e7 i\u00e7in ba\u011flay\u0131c\u0131 bir ferritin hedef de\u011feri belirleyen bir k\u0131lavuz yoktur. Ticari sa\u00e7 klinikleri ise bu say\u0131y\u0131 yirmi y\u0131l\u0131 a\u015fk\u0131n s\u00fcredir uzla\u015f\u0131 gibi aktar\u0131yor, oysa kayna\u011f\u0131 sonu\u00e7ta tek bir \u00e7al\u0131\u015fmaya dayan\u0131yor.<\/p>\n\n\n\n<p class=\"wp-block-paragraph\">Buna bir de g\u00fcnl\u00fck pratikte s\u0131k g\u00f6zden ka\u00e7an bir bozucu etken ekleniyor. Ferritin bir <strong>akut faz proteinidir<\/strong>; yani kan d\u00fczeyi iltihabi durumlarda y\u00fckselen bir proteindir. Enfeksiyon, iltihap ya da karaci\u011fer hastal\u0131\u011f\u0131nda de\u011fer bu y\u00fczden yanl\u0131\u015f bi\u00e7imde y\u00fcksek \u00e7\u0131kar. CRP\u2019si 12 mg\/L olan birinde 60 \u00b5g\/L\u2019lik bir ferritin ger\u00e7ek bir eksikli\u011fi gizleyebilir; CRP\u2019nin her zaman birlikte istenmesinin nedeni budur.<\/p>\n\n\n\n<style>\n@media (max-width:640px){\n.rt-table-wrap{overflow-x:visible!important;border:0!important;border-radius:0!important}\n.rt-table{min-width:0!important}\n.rt-table thead{display:none}\n.rt-table,.rt-table tbody,.rt-table tr,.rt-table td{display:block;width:100%}\n.rt-table caption{display:block;padding:0 0 12px!important}\n.rt-table tr{margin:0 0 12px;border:1px solid #dbe4f0;border-radius:10px;overflow:hidden}\n.rt-table tr:last-child{margin-bottom:0}\n.rt-table td{display:flex!important;flex-direction:column;gap:3px;padding:12px 14px!important;\nborder:0!important;border-bottom:1px solid #e3e8ef!important;background:#ffffff!important}\n.rt-table tr td:last-child{border-bottom:0!important}\n.rt-table td::before{content:attr(data-label);font-size:12px;font-weight:700;letter-spacing:.04em;\ntext-transform:uppercase;color:#5799F1}\n.rt-table td:not([data-label])::before,.rt-table td[data-label=\"\"]::before{display:none}\n}\n<\/style>\n<div class=\"rt-table-wrap\" style=\"overflow-x:auto;-webkit-overflow-scrolling:touch;margin:28px 0;border:1px solid #dbe4f0;border-radius:12px\">\n  <table class=\"rt-table\" style=\"width:100%;min-width:620px;table-layout:fixed;border-collapse:separate;border-spacing:0;font-size:15px;margin:0\">\n    <caption style=\"caption-side:top;text-align:left;color:#003366;font-weight:700;font-size:16px;line-height:1.35;padding:14px 16px 10px;background:#ffffff\">Sa\u00e7 d\u00f6k\u00fclmesinde ferritin: aral\u0131klar\u0131n anlam\u0131 (kendi kendine tan\u0131 i\u00e7in de\u011fildir)<\/caption>\n    <thead>\n      <tr>\n        <th style=\"width:22%;background:#003366;color:#ffffff;font-weight:700;text-align:left;vertical-align:middle;padding:13px 16px;font-size:15px;line-height:1.4;border:0;overflow-wrap:break-word\">Ferritin de\u011feri<\/th>\n        <th style=\"background:#003366;color:#ffffff;font-weight:700;text-align:left;vertical-align:middle;padding:13px 16px;font-size:15px;line-height:1.4;border:0;overflow-wrap:break-word\">Ne anlama gelebilir<\/th>\n        <th style=\"background:#003366;color:#ffffff;font-weight:700;text-align:left;vertical-align:middle;padding:13px 16px;font-size:15px;line-height:1.4;border:0;overflow-wrap:break-word\">Tipik t\u0131bbi yakla\u015f\u0131m<\/th>\n      <\/tr>\n    <\/thead>\n    <tbody>\n      <tr>\n        <td data-label=\"Ferritin de\u011feri\" style=\"background:#ffffff;color:#003366;font-weight:700;text-align:left;vertical-align:top;padding:13px 16px;font-size:15px;line-height:1.55;border:0;border-bottom:1px solid #e3e8ef;overflow-wrap:break-word\">15 \u00b5g\/L alt\u0131<\/td>\n        <td data-label=\"Ne anlama gelebilir\" style=\"background:#ffffff;color:#22303e;font-weight:400;text-align:left;vertical-align:top;padding:13px 16px;font-size:15px;line-height:1.55;border:0;border-bottom:1px solid #e3e8ef;overflow-wrap:break-word\">CRP normalse y\u00fcksek \u00f6zg\u00fcll\u00fckte demir eksikli\u011fi<\/td>\n        <td data-label=\"Tipik t\u0131bbi yakla\u015f\u0131m\" style=\"background:#ffffff;color:#22303e;font-weight:400;text-align:left;vertical-align:top;padding:13px 16px;font-size:15px;line-height:1.55;border:0;border-bottom:1px solid #e3e8ef;overflow-wrap:break-word\">\u0130leri demir tetkikleri ve kayb\u0131n nedeninin ara\u015ft\u0131r\u0131lmas\u0131<\/td>\n      <\/tr>\n      <tr>\n        <td data-label=\"Ferritin de\u011feri\" style=\"background:#f6f9fc;color:#003366;font-weight:700;text-align:left;vertical-align:top;padding:13px 16px;font-size:15px;line-height:1.55;border:0;border-bottom:1px solid #e3e8ef;overflow-wrap:break-word\">15-30 \u00b5g\/L<\/td>\n        <td data-label=\"Ne anlama gelebilir\" style=\"background:#f6f9fc;color:#22303e;font-weight:400;text-align:left;vertical-align:top;padding:13px 16px;font-size:15px;line-height:1.55;border:0;border-bottom:1px solid #e3e8ef;overflow-wrap:break-word\">S\u0131n\u0131rda ya da d\u00fc\u015f\u00fck-normal; laboratuvara g\u00f6re bi\u00e7imsel olarak h\u00e2l\u00e2 referans aral\u0131\u011f\u0131nda<\/td>\n        <td data-label=\"Tipik t\u0131bbi yakla\u015f\u0131m\" style=\"background:#f6f9fc;color:#22303e;font-weight:400;text-align:left;vertical-align:top;padding:13px 16px;font-size:15px;line-height:1.55;border:0;border-bottom:1px solid #e3e8ef;overflow-wrap:break-word\">Genel tablo i\u00e7inde de\u011ferlendirme; uzman tart\u0131\u015fmas\u0131nda bu aral\u0131k sa\u00e7 i\u00e7in k\u0131smen yetersiz g\u00f6r\u00fcl\u00fcyor<\/td>\n      <\/tr>\n      <tr>\n        <td data-label=\"Ferritin de\u011feri\" style=\"background:#ffffff;color:#003366;font-weight:700;text-align:left;vertical-align:top;padding:13px 16px;font-size:15px;line-height:1.55;border:0;border-bottom:1px solid #e3e8ef;overflow-wrap:break-word\">yakla\u015f\u0131k 30-70 \u00b5g\/L<\/td>\n        <td data-label=\"Ne anlama gelebilir\" style=\"background:#ffffff;color:#22303e;font-weight:400;text-align:left;vertical-align:top;padding:13px 16px;font-size:15px;line-height:1.55;border:0;border-bottom:1px solid #e3e8ef;overflow-wrap:break-word\">Laboratuvarlar\u0131n \u00e7o\u011funda normal say\u0131l\u0131r; tek tek yazarlar (Rushton 2002, Trost ve ark. 2006) sa\u00e7 b\u00fcy\u00fcmesi a\u00e7\u0131s\u0131ndan bunun ideal olmad\u0131\u011f\u0131n\u0131 tart\u0131\u015f\u0131yor<\/td>\n        <td data-label=\"Tipik t\u0131bbi yakla\u015f\u0131m\" style=\"background:#ffffff;color:#22303e;font-weight:400;text-align:left;vertical-align:top;padding:13px 16px;font-size:15px;line-height:1.55;border:0;border-bottom:1px solid #e3e8ef;overflow-wrap:break-word\">\u0130zlem; kan\u0131tlanm\u0131\u015f bir eksiklik olmadan toptan takviye yap\u0131lmaz<\/td>\n      <\/tr>\n      <tr>\n        <td data-label=\"Ferritin de\u011feri\" style=\"background:#f6f9fc;color:#003366;font-weight:700;text-align:left;vertical-align:top;padding:13px 16px;font-size:15px;line-height:1.55;border:0;overflow-wrap:break-word\">70 \u00b5g\/L \u00fcst\u00fc<\/td>\n        <td data-label=\"Ne anlama gelebilir\" style=\"background:#f6f9fc;color:#22303e;font-weight:400;text-align:left;vertical-align:top;padding:13px 16px;font-size:15px;line-height:1.55;border:0;overflow-wrap:break-word\">Trikoloji alan\u0131nda uzmanla\u015fm\u0131\u015f yazarlarca elveri\u015fli hedef aral\u0131k olarak an\u0131l\u0131r, kontroll\u00fc \u00e7al\u0131\u015fmalarla tutarl\u0131 bi\u00e7imde do\u011frulanmam\u0131\u015ft\u0131r (bkz. Olsen ve ark. 2010); iltihap varl\u0131\u011f\u0131nda yanl\u0131\u015f y\u00fcksek de olabilir<\/td>\n        <td data-label=\"Tipik t\u0131bbi yakla\u015f\u0131m\" style=\"background:#f6f9fc;color:#22303e;font-weight:400;text-align:left;vertical-align:top;padding:13px 16px;font-size:15px;line-height:1.55;border:0;overflow-wrap:break-word\">Yaln\u0131zca say\u0131dan hareketle karar verilmez; CRP ve klinik tablo birlikte de\u011ferlendirilir<\/td>\n      <\/tr>\n    <\/tbody>\n  <\/table>\n<\/div>\n\n\n<div class=\"wp-block-image\">\n<figure class=\"aligncenter size-large is-resized\" style=\"max-width:560px;margin-left:auto;margin-right:auto\"><img decoding=\"async\" src=\"https:\/\/elithair.com\/tr\/wp-content\/uploads\/sites\/10\/2026\/08\/diagramm_ferritin_skala__tr.png\" alt=\"Litrede mikrogram cinsinden ferritin aral\u0131klar\u0131 \u00f6l\u00e7e\u011fi ve sa\u00e7 i\u00e7in tart\u0131\u015fmal\u0131 hedef de\u011ferlere ili\u015fkin not\" class=\"wp-image-83795\" style=\"width:560px;max-width:100%;height:auto\"\/><\/figure>\n<\/div>\n\n\n<div style=\"border:1px solid #dbe4f0;border-radius:12px;padding:20px 22px;margin:0 0 26px;background:#f6f9fc\">\n<p style=\"margin:0 0 8px;color:#013366;font-weight:700;font-size:16px\">Pratikten bir de\u011ferlendirme<\/p>\n<p style=\"margin:0;color:#2e3033;line-height:1.65\">Dan\u0131\u015fmanl\u0131kta en s\u0131k yap\u0131lan hata, az \u00f6l\u00e7mekten kaynaklanm\u0131yor. Hata, referans aral\u0131\u011f\u0131n\u0131n alt s\u0131n\u0131r\u0131ndaki bir ferritin de\u011feri \u201cnormal\u201d diye kapat\u0131l\u0131rken ayn\u0131 anda genetik bir desenin de bulunmas\u0131nda ortaya \u00e7\u0131k\u0131yor. O zaman yayg\u0131n bile\u015fen g\u00f6zden ka\u00e7\u0131yor ve ki\u015fi s\u00fcregelen d\u00f6k\u00fclmeyi yaln\u0131zca genetikle a\u00e7\u0131kl\u0131yor. \u0130kisine birlikte bakmak, yani de\u011fere ve desene, kural olarak ek her laboratuvar parametresinden daha \u00e7ok kazand\u0131r\u0131r.<\/p>\n<\/div>\n\n\n\n<p class=\"wp-block-paragraph\">D\u00fc\u015f\u00fck bir de\u011ferden ne sonu\u00e7 \u00e7\u0131kaca\u011f\u0131 hekim g\u00f6r\u00fc\u015fmesine aittir, kendi kendine tedaviye de\u011fil. Konuyu derinlemesine ele alan <a href=\"\/tr\/demir-eksikligi-sac-dokulmesi\/\">demir eksikli\u011fi ve sa\u00e7 d\u00f6k\u00fclmesi<\/a> yaz\u0131s\u0131 belirtileri, risk gruplar\u0131n\u0131 ve kan\u0131tlanm\u0131\u015f bir eksikli\u011fin hedefli bi\u00e7imde giderilmesinden, yani replasmandan sonra beklenen seyri a\u00e7\u0131kl\u0131yor.<\/p>\n\n\n\n<h2 class=\"wp-block-heading\">Sa\u00e7 d\u00f6k\u00fclmesinde geni\u015f hemogram: i\u00e7inde ne var, ne yok<\/h2>\n\n\n\n<p class=\"wp-block-paragraph\">Geni\u015f hemogram, yani l\u00f6kosit form\u00fcll\u00fc tam kan say\u0131m\u0131, temel tam kan say\u0131m\u0131n\u0131 (k\u0131rm\u0131z\u0131 ve beyaz kan h\u00fccreleri, hemoglobin, hematokrit, trombositler ve eritrosit indeksleri) ve buna ek olarak beyaz kan h\u00fccrelerinin l\u00f6kosit form\u00fcl\u00fcn\u00fc kapsar. <strong>Ferritin, TSH, 25-OH-D vitamini ve \u00e7inko, tam kan say\u0131m\u0131n\u0131n hi\u00e7bir t\u00fcr\u00fcnde yer almaz.<\/strong> Sa\u00e7 d\u00f6k\u00fclmesinde yaln\u0131zca geni\u015f hemogram yapt\u0131ran ki\u015fi, tam da sa\u00e7la ilgili de\u011ferleri \u00f6l\u00e7t\u00fcrmemi\u015f olur.<\/p>\n\n\n\n<style>\n@media (max-width:640px){\n.rt-table-wrap{overflow-x:visible!important;border:0!important;border-radius:0!important}\n.rt-table{min-width:0!important}\n.rt-table thead{display:none}\n.rt-table,.rt-table tbody,.rt-table tr,.rt-table td{display:block;width:100%}\n.rt-table caption{display:block;padding:0 0 12px!important}\n.rt-table tr{margin:0 0 12px;border:1px solid #dbe4f0;border-radius:10px;overflow:hidden}\n.rt-table tr:last-child{margin-bottom:0}\n.rt-table td{display:flex!important;flex-direction:column;gap:3px;padding:12px 14px!important;\nborder:0!important;border-bottom:1px solid #e3e8ef!important;background:#ffffff!important}\n.rt-table tr td:last-child{border-bottom:0!important}\n.rt-table td::before{content:attr(data-label);font-size:12px;font-weight:700;letter-spacing:.04em;\ntext-transform:uppercase;color:#5799F1}\n.rt-table td:not([data-label])::before,.rt-table td[data-label=\"\"]::before{display:none}\n}\n<\/style>\n<div class=\"rt-table-wrap\" style=\"overflow-x:auto;-webkit-overflow-scrolling:touch;margin:28px 0;border:1px solid #dbe4f0;border-radius:12px\">\n  <table class=\"rt-table\" style=\"width:100%;min-width:620px;table-layout:fixed;border-collapse:separate;border-spacing:0;font-size:15px;margin:0\">\n    <caption style=\"caption-side:top;text-align:left;color:#003366;font-weight:700;font-size:16px;line-height:1.35;padding:14px 16px 10px;background:#ffffff\">Sa\u00e7 d\u00f6k\u00fclmesinde temel ve geni\u015f tam kan say\u0131m\u0131n\u0131n kar\u015f\u0131la\u015ft\u0131rmas\u0131<\/caption>\n    <thead>\n      <tr>\n        <th style=\"width:22%;background:#003366;color:#ffffff;font-weight:700;text-align:left;vertical-align:middle;padding:13px 16px;font-size:15px;line-height:1.4;border:0;overflow-wrap:break-word\">Tetkik<\/th>\n        <th style=\"background:#003366;color:#ffffff;font-weight:700;text-align:left;vertical-align:middle;padding:13px 16px;font-size:15px;line-height:1.4;border:0;overflow-wrap:break-word\">Neler i\u00e7erir<\/th>\n        <th style=\"background:#003366;color:#ffffff;font-weight:700;text-align:left;vertical-align:middle;padding:13px 16px;font-size:15px;line-height:1.4;border:0;overflow-wrap:break-word\">Neler i\u00e7ermez<\/th>\n      <\/tr>\n    <\/thead>\n    <tbody>\n      <tr>\n        <td data-label=\"Tetkik\" style=\"background:#ffffff;color:#003366;font-weight:700;text-align:left;vertical-align:top;padding:13px 16px;font-size:15px;line-height:1.55;border:0;border-bottom:1px solid #e3e8ef;overflow-wrap:break-word\">Temel tam kan say\u0131m\u0131<\/td>\n        <td data-label=\"Neler i\u00e7erir\" style=\"background:#ffffff;color:#22303e;font-weight:400;text-align:left;vertical-align:top;padding:13px 16px;font-size:15px;line-height:1.55;border:0;border-bottom:1px solid #e3e8ef;overflow-wrap:break-word\">Eritrositler, toplam say\u0131 olarak l\u00f6kositler, trombositler, hemoglobin, hematokrit ve eritrosit indeksleri (MCV, MCH, MCHC)<\/td>\n        <td data-label=\"Neler i\u00e7ermez\" style=\"background:#ffffff;color:#22303e;font-weight:400;text-align:left;vertical-align:top;padding:13px 16px;font-size:15px;line-height:1.55;border:0;border-bottom:1px solid #e3e8ef;overflow-wrap:break-word\">Ferritin, CRP, TSH, 25-OH-D vitamini, \u00e7inko, B12 vitamini<\/td>\n      <\/tr>\n      <tr>\n        <td data-label=\"Tetkik\" style=\"background:#f6f9fc;color:#003366;font-weight:700;text-align:left;vertical-align:top;padding:13px 16px;font-size:15px;line-height:1.55;border:0;overflow-wrap:break-word\">Geni\u015f (form\u00fcll\u00fc) tam kan say\u0131m\u0131<\/td>\n        <td data-label=\"Neler i\u00e7erir\" style=\"background:#f6f9fc;color:#22303e;font-weight:400;text-align:left;vertical-align:top;padding:13px 16px;font-size:15px;line-height:1.55;border:0;overflow-wrap:break-word\">Temel tam kan say\u0131m\u0131ndaki her \u015fey ve ek olarak l\u00f6kosit form\u00fcl\u00fc; yani beyaz kan h\u00fccrelerinin n\u00f6trofil, lenfosit, monosit, eozinofil ve bazofil olarak ayr\u0131\u015ft\u0131r\u0131lmas\u0131<\/td>\n        <td data-label=\"Neler i\u00e7ermez\" style=\"background:#f6f9fc;color:#22303e;font-weight:400;text-align:left;vertical-align:top;padding:13px 16px;font-size:15px;line-height:1.55;border:0;overflow-wrap:break-word\">Ferritin, TSH, 25-OH-D vitamini, \u00e7inko ve t\u00fcm hormon de\u011ferleri ayr\u0131ca istenmelidir<\/td>\n      <\/tr>\n    <\/tbody>\n  <\/table>\n<\/div>\n\n\n\n<p class=\"wp-block-paragraph\">Bu, tam kan say\u0131m\u0131na kar\u015f\u0131 bir gerek\u00e7e de\u011fil; tam kan say\u0131m\u0131 yaln\u0131zca ba\u015fka bir i\u015fe yar\u0131yor. Anemiyi saptar ve ortalama eritrosit hacmi (MCV) bir y\u00f6n verir: k\u00fc\u00e7\u00fck h\u00fccreler demir eksikli\u011fini, b\u00fcy\u00fck h\u00fccreler B12 vitamini veya folat eksikli\u011fini d\u00fc\u015f\u00fcnd\u00fcr\u00fcr. Ayr\u0131ca iltihaplara ve ileri de\u011ferlendirme gerektiren kan hastal\u0131klar\u0131na dair ipu\u00e7lar\u0131 sunar.<\/p>\n\n\n\n<p class=\"wp-block-paragraph\">Buradan hekim ziyareti i\u00e7in pratik bir kural \u00e7\u0131k\u0131yor: toptan \u201cgeni\u015f hemogram\u201d istemeyin, \u015fik\u00e2yetlerinizi anlat\u0131n ve s\u00f6z konusu de\u011ferleri ad\u0131yla s\u00f6yleyin. Ferritin, TSH, 25-OH-D vitamini ve \u00e7inko ayr\u0131 ayr\u0131 istenmelidir, \u00e7\u00fcnk\u00fc tam kan say\u0131m\u0131n\u0131n hi\u00e7bir t\u00fcr\u00fcnde kendili\u011finden yer almazlar.<\/p>\n\n\n<div class=\"wp-block-image\">\n<figure class=\"aligncenter size-large is-resized\" style=\"max-width:560px;margin-left:auto;margin-right:auto\"><img decoding=\"async\" src=\"https:\/\/elithair.com\/tr\/wp-content\/uploads\/sites\/10\/2026\/08\/illu_blutzellen.png\" alt=\"Damar i\u00e7inde k\u0131rm\u0131z\u0131 ve beyaz kan h\u00fccreleri ile trombositlerin ill\u00fcstrasyonu\" class=\"wp-image-83796\" style=\"width:560px;max-width:100%;height:auto\"\/><\/figure>\n<\/div>\n\n\n<h2 class=\"wp-block-heading\">Tiroit ve sa\u00e7 d\u00f6k\u00fclmesi: TSH ve TSH\u2019den fazlas\u0131n\u0131n ne zaman gerekti\u011fi<\/h2>\n\n\n\n<p class=\"wp-block-paragraph\"><strong>TSH, tiroit tetkiklerinin temel de\u011feridir ve tiroidin hem az hem de fazla \u00e7al\u0131\u015fmas\u0131 yayg\u0131n sa\u00e7 d\u00f6k\u00fclmesine yol a\u00e7abilir, \u00e7\u00fcnk\u00fc tiroit hormonlar\u0131 T3 ve T4 sa\u00e7 d\u00f6ng\u00fcs\u00fcn\u00fc birlikte y\u00f6netir.<\/strong> TSH\u2019nin kendisi, hipofiz bezinin tiroidi y\u00f6netti\u011fi hormondur. TSH anormalse ya da klinik ku\u015fku g\u00fc\u00e7l\u00fcyse s\u0131rada sT3, sT4 ve anti-TPO antikorlar\u0131 vard\u0131r.<\/p>\n\n\n\n<p class=\"wp-block-paragraph\">Eri\u015fkinler i\u00e7in referans aral\u0131\u011f\u0131 \u00e7o\u011funlukla yakla\u015f\u0131k 0,4-4,0 mIU\/L olarak \u00f6zetlenir; \u00fcst s\u0131n\u0131r laboratuvara g\u00f6re 3,5 ile 5,0 mIU\/L aras\u0131nda de\u011fi\u015fir. Literat\u00fcr\u00fcn bir b\u00f6l\u00fcm\u00fcnde, d\u00fc\u015f\u00fck-normal i\u015flevi yakalamak i\u00e7in 2,5 mIU\/L\u2019lik bir e\u015fik tart\u0131\u015f\u0131l\u0131r. Bu, kesin bir tan\u0131 s\u0131n\u0131r\u0131 de\u011fildir ve ba\u015fka belirti olmadan s\u0131n\u0131rda bir TSH tan\u0131 anlam\u0131na gelmez.<\/p>\n\n\n\n<p class=\"wp-block-paragraph\">G\u00fcnl\u00fck hekimlik prati\u011fi i\u00e7in g\u00fcncel bir ba\u015fvuru kayna\u011f\u0131 var: T\u00fcrkiye Endokrinoloji ve Metabolizma Derne\u011fi\u2019nin (TEMD) tiroit hastal\u0131klar\u0131na ili\u015fkin tan\u0131 ve tedavi k\u0131lavuzu. Gizli, yani subklinik tiroit yetmezli\u011finin ne kadar s\u0131k g\u00f6r\u00fcld\u00fc\u011f\u00fcn\u00fc kesin bir say\u0131yla ifade etmek m\u00fcmk\u00fcn de\u011fil; epidemiyolojik kesitsel \u00e7al\u0131\u015fmalar \u00e7ok farkl\u0131 de\u011ferler bildiriyor, kabaca y\u00fczde 3 ile 16 aras\u0131nda, kad\u0131nlarda ve ileri ya\u015fta daha s\u0131k.<\/p>\n\n\n\n<p class=\"wp-block-paragraph\">Anti-TPO antikorlar\u0131, tiroit yetmezli\u011finin en s\u0131k nedeni olan Hashimoto tipi otoimm\u00fcn tiroiditi g\u00f6sterir. Burada bir ayr\u0131m \u00f6nemli: Hashimoto, otoimm\u00fcn hastal\u0131klar\u0131n bir arada g\u00f6r\u00fcld\u00fc\u011f\u00fc tablolarda <a href=\"\/tr\/sackiran\/\">sa\u00e7k\u0131ran<\/a> ile, yani alopesi areata ile daha s\u0131k birlikte bulunur. Bu, yayg\u0131n de\u011fil odaklar h\u00e2linde g\u00f6r\u00fclen bir sa\u00e7 d\u00f6k\u00fclmesidir ve tan\u0131s\u0131 ile tedavisi g\u00fcncel dermatoloji k\u0131lavuzlar\u0131nda ayr\u0131ca ele al\u0131n\u0131r.<\/p>\n\n\n\n<p class=\"wp-block-paragraph\">Tam da burada s\u00f6z konusu olan de\u011ferleri etkileyen bir bozucu etken var: sa\u00e7-t\u0131rnak takviyelerindeki y\u00fcksek doz biotin, aralar\u0131nda tiroit de\u011ferlerinin de bulundu\u011fu imm\u00fcnolojik laboratuvar testlerini bozar. Ayr\u0131nt\u0131s\u0131 a\u015fa\u011f\u0131da, haz\u0131rl\u0131k b\u00f6l\u00fcm\u00fcnde. Anormal bir de\u011ferden sonra ne yap\u0131ld\u0131\u011f\u0131n\u0131 <a href=\"\/tr\/tiroid-sac-dokulmesi\/\">sa\u00e7 d\u00f6k\u00fclmesi ve tiroit<\/a> yaz\u0131s\u0131 a\u00e7\u0131kl\u0131yor.<\/p>\n\n\n\n<h2 class=\"wp-block-heading\">D vitamini, \u00e7inko, B12 ve folat: laboratuvarda besin \u00f6gesi de\u011ferleri<\/h2>\n\n\n\n<p class=\"wp-block-paragraph\"><strong>Sa\u00e7la ilgili besin \u00f6gesi de\u011ferleri laboratuvarda 25-OH-D vitamini, \u00e7inko, B12 vitamini ya da holo-transkobalamin ve folat ad\u0131yla ge\u00e7er.<\/strong> Burada parametrenin do\u011fru ad\u0131, sonucun anlaml\u0131l\u0131\u011f\u0131n\u0131 belirler. \u00d6l\u00e7\u00fclen de\u011fer 25-OH-D vitaminidir, \u201cD3 vitamini\u201d de\u011fil. B12 vitamininde ise holo-transkobalamin, yani transkobalamine ba\u011fl\u0131 ve dolay\u0131s\u0131yla h\u00fccrelerin kullanabildi\u011fi pay, total B12\u2019den daha bilgilendiricidir. \u00c7inko serumda veya tam kanda \u00f6l\u00e7\u00fcl\u00fcr ve g\u00fcn i\u00e7inde dalgalan\u0131r.<\/p>\n\n\n\n<p class=\"wp-block-paragraph\">D vitamini i\u00e7in uluslararas\u0131 kullan\u0131lan s\u0131n\u0131fland\u0131rma Institute of Medicine kaynakl\u0131d\u0131r: 20 ng\/mL (50 nmol\/L) ve \u00fczeri yeterli, 12-20 ng\/mL (30-50 nmol\/L) yetersiz, 12 ng\/mL (30 nmol\/L) alt\u0131 eksiklik. G\u00fcne\u015fin az g\u00f6r\u00fcld\u00fc\u011f\u00fc aylarda, kapal\u0131 giyimde, ileri ya\u015fta ve koyu ten renginde d\u00fc\u015f\u00fck de\u011ferler daha s\u0131k kar\u015f\u0131m\u0131za \u00e7\u0131kar.<\/p>\n\n\n\n<p class=\"wp-block-paragraph\">\u00c7inko serumda y\u00f6nteme g\u00f6re yakla\u015f\u0131k 75-140 \u00b5g\/dL ya da 9-21 \u00b5mol\/L aras\u0131ndad\u0131r. De\u011fer g\u00fcn i\u00e7inde dalgaland\u0131\u011f\u0131 ve iltihapta d\u00fc\u015ft\u00fc\u011f\u00fc i\u00e7in tek bir \u00f6l\u00e7\u00fcm\u00fc temkinli okumak gerekir. Folat ve B12 vitamini geni\u015fletilmi\u015f panele girer; \u00f6zellikle tam kan say\u0131m\u0131nda b\u00fcy\u00fck eritrositler g\u00f6r\u00fcl\u00fcyorsa.<\/p>\n\n\n\n<p class=\"wp-block-paragraph\">Peki kan\u0131t durumu? D\u00fcr\u00fcst bak\u0131ld\u0131\u011f\u0131nda tutarl\u0131 de\u011fil. Almohanna, Ahmed, Tsatalis ve Tosti\u2019nin 2019\u2019da Dermatology and Therapy dergisinde yay\u0131mlanan, vitamin ve minerallerin sa\u00e7 d\u00f6k\u00fclmesindeki rol\u00fcne ili\u015fkin derlemesi, veri durumunu kendi ifadesiyle kapsaml\u0131 ama k\u0131smen \u00e7eli\u015fkili olarak tan\u0131ml\u0131yor. Pratikte bunun anlam\u0131 \u015fu: kan\u0131tlanm\u0131\u015f bir eksikli\u011fi t\u0131bbi uygulama hedefli bi\u00e7imde giderir; eksiklik yokken \u00f6nleyici ama\u00e7l\u0131 takviye almay\u0131 ise bu veri durumu gerek\u00e7elendirmiyor.<\/p>\n\n\n\n<p class=\"wp-block-paragraph\">\u00c7ok say\u0131da takviye al\u0131nd\u0131\u011f\u0131nda kendine \u00f6zg\u00fc riskler do\u011far. Fazla A vitamini veya selenyum sa\u00e7 d\u00f6k\u00fclmesine yol a\u00e7abilir; \u00e7inkonun uzun s\u00fcre y\u00fcksek dozda ve bak\u0131r dengelenmeden al\u0131nmas\u0131 ise bak\u0131r eksikli\u011fine neden olabilir. Sa\u00e7 i\u00e7in hangi besin \u00f6gelerinin ger\u00e7ekten rol oynad\u0131\u011f\u0131n\u0131 <a href=\"\/tr\/sac-dokulmesine-karsi-vitaminler\/\">sa\u00e7 d\u00f6k\u00fclmesine kar\u015f\u0131 vitaminler<\/a> yaz\u0131s\u0131 s\u0131n\u0131fland\u0131r\u0131yor.<\/p>\n\n\n\n<h2 class=\"wp-block-heading\">Kad\u0131nlarda sa\u00e7 d\u00f6k\u00fclmesinde kan de\u011ferleri: hormon paneli, d\u00f6ng\u00fc ve do\u011fum kontrol hap\u0131<\/h2>\n\n\n\n<p class=\"wp-block-paragraph\"><strong>Kad\u0131nlarda sa\u00e7 d\u00f6k\u00fclmesinde bak\u0131lan kan de\u011ferleri, erkeklerdekiyle ayn\u0131 alt\u0131 temel de\u011ferden olu\u015fur: tam kan say\u0131m\u0131, ferritin, CRP, TSH, 25-OH-D vitamini ve \u00e7inko.<\/strong> Ek hormon de\u011ferleri hekimin karar\u0131na ba\u011fl\u0131d\u0131r ve d\u00f6ng\u00fc bozuklu\u011fu, y\u00fczde artm\u0131\u015f k\u0131llanma, akne ya da gebe kalmakta g\u00fc\u00e7l\u00fck gibi belirtiler eklendi\u011finde istenir. O zaman testosteron, SHBG, DHEA-S ve prolaktin g\u00fcndeme gelir; se\u00e7im klinik tabloya g\u00f6re yap\u0131l\u0131r.<\/p>\n\n\n\n<p class=\"wp-block-paragraph\">Bu de\u011ferlerde belirleyici olan liste de\u011fil, zamanlamad\u0131r. Androjenler ve gonadotropinler d\u00f6ng\u00fc boyunca dalgalan\u0131r; testosteron ayr\u0131ca sabah 8 civar\u0131nda zirve yapan bir g\u00fcnl\u00fck ritim izler. Bu nedenle hekimler kan al\u0131m\u0131n\u0131 \u00e7o\u011funlukla erken folik\u00fcler faza, yani d\u00f6ng\u00fcn\u00fcn 2-5. g\u00fcnlerine ve sabah saatlerine ayarlar. De\u011ferler ancak b\u00f6yle kar\u015f\u0131la\u015ft\u0131r\u0131labilir h\u00e2le gelir.<\/p>\n\n\n\n<p class=\"wp-block-paragraph\">Do\u011fum kontrol hap\u0131 burada ger\u00e7ek bir bozucu etkendir. Etinilestradiol karaci\u011ferde SHBG \u00fcretimini art\u0131r\u0131r ve biyolojik olarak yaln\u0131zca serbest, yani SHBG\u2019ye ba\u011fl\u0131 olmayan testosteron etkin oldu\u011fu i\u00e7in hormonal korunma alt\u0131nda androjen de\u011ferleri ancak s\u0131n\u0131rl\u0131 bi\u00e7imde yorumlanabilir. Uzman literat\u00fcr\u00fc, yaln\u0131zca total testosterona bakmak yerine SHBG\u2019yi de \u00f6l\u00e7meyi ve serbest androjen indeksini hesaplamay\u0131 \u00f6neriyor.<\/p>\n\n\n\n<p class=\"wp-block-paragraph\">Bundan \u00e7\u0131kan sonu\u00e7, kan tahlilinden \u00f6nce hap\u0131 kendi ba\u015f\u0131n\u0131za b\u0131rakman\u0131z de\u011fildir. Ara verilip verilmeyece\u011fine ve ne zaman verilece\u011fine tedaviyi \u00fcstlenen hekim karar verir, \u00e7\u00fcnk\u00fc ilac\u0131 b\u0131rakman\u0131n kendisi de ge\u00e7ici bir yayg\u0131n sa\u00e7 d\u00f6k\u00fclmesini tetikleyebilir. Bu olgu hap sonras\u0131 (post-pill) effluvium olarak biliniyor; s\u0131kl\u0131\u011f\u0131na dair g\u00fcvenilir say\u0131lar bulunmuyor.<\/p>\n\n\n\n<p class=\"wp-block-paragraph\">Ya\u015fam d\u00f6nemleri a\u011f\u0131rl\u0131\u011f\u0131 de\u011fi\u015ftirir. Do\u011fumdan sonra \u00f6n planda do\u011fum sonras\u0131 (postpartum) effluvium vard\u0131r; burada do\u011fumdaki kan kayb\u0131n\u0131n ard\u0131ndan ferritine bakmak de\u011ferlidir. <a href=\"\/tr\/menopozda-sac-dokulmesi\/\">menopoz<\/a> d\u00f6neminde ise hormonal de\u011fi\u015fim ile demir durumu \u00fcst \u00fcste biner. Daha geni\u015f \u00e7er\u00e7evede <a href=\"\/tr\/hormonal-sac-dokulmesi\/\">hormonlar ile sa\u00e7<\/a> aras\u0131ndaki ili\u015fkiyi ayr\u0131 bir yaz\u0131 anlat\u0131yor.<\/p>\n\n\n\n<p class=\"wp-block-paragraph\">Bu b\u00f6l\u00fcm\u00fc kapatan bir not: polikistik over sendromu ku\u015fkusu, internetten sipari\u015f edilen bir hormon paketiyle ayd\u0131nlat\u0131lamaz. Bunun i\u00e7in \u00f6yk\u00fc, ultrason ve de\u011ferlerin hekim taraf\u0131ndan bir b\u00fct\u00fcn olarak de\u011ferlendirilmesi gerekir; bu da genellikle jinekoloji prati\u011finde yap\u0131l\u0131r. Bu ba\u011flam olmadan tek bir y\u00fcksek laboratuvar de\u011feri, yol g\u00f6stermekten \u00e7ok yanl\u0131\u015f yola sokar.<\/p>\n\n\n\n<h2 class=\"wp-block-heading\">S\u00fcre\u00e7: anlaml\u0131 bir kan tahliline b\u00f6yle ula\u015f\u0131rs\u0131n\u0131z<\/h2>\n\n\n\n<p class=\"wp-block-paragraph\">Kan alma i\u015flemini aile hekimli\u011fi de dermatoloji klini\u011fi de yapabilir; temel de\u011ferler i\u00e7in aile hekimi \u00e7o\u011funlukla daha h\u0131zl\u0131 yoldur. Sa\u00e7la ilgili de\u011ferler i\u00e7in a\u00e7 olman\u0131z gerekmez; a\u00e7l\u0131k as\u0131l olarak kan \u015fekeri ve kan ya\u011flar\u0131n\u0131n \u00f6l\u00e7\u00fcm\u00fcnde gereklidir. Belirleyici olan, \u015fik\u00e2yetlerinizi anlatman\u0131z ve istedi\u011finiz de\u011ferleri ad\u0131yla s\u00f6ylemenizdir.<\/p>\n\n\n\n<h3 class=\"wp-block-heading\">Bozucu etken biotin: kan tahlilinden \u00f6nce sa\u00e7 vitaminlerine ara verin<\/h3>\n\n\n\n<p class=\"wp-block-paragraph\"><strong>Sa\u00e7-t\u0131rnak takviyelerindeki y\u00fcksek doz biotin, imm\u00fcnolojik laboratuvar testlerini ve b\u00f6ylece tam da sa\u00e7 d\u00f6k\u00fclmesinde bak\u0131lan tiroit de\u011ferlerini bozar.<\/strong> ABD G\u0131da ve \u0130la\u00e7 Dairesi (FDA) bu konuda 28 Kas\u0131m 2017\u2019de bir g\u00fcvenlik uyar\u0131s\u0131 yay\u0131mlad\u0131 ve Kas\u0131m 2019\u2019da g\u00fcncelledi: etkilenenler aras\u0131nda tiroit de\u011ferleri ve kalp krizi g\u00f6stergesi troponin var; b\u00f6yle bir etkile\u015fimle ba\u011flant\u0131l\u0131 bir \u00f6l\u00fcm vakas\u0131 bildirildi.<\/p>\n\n\n\n<p class=\"wp-block-paragraph\">Peki ne kadar \u00f6nce? Bu doza ba\u011fl\u0131. Laboratuvar kaynaklar\u0131 g\u00fcnde 30-60 \u00b5g biotin i\u00e7eren d\u00fc\u015f\u00fck dozlu multivitaminleri sak\u0131ncas\u0131z say\u0131yor; sa\u00e7 takviyelerinde al\u0131\u015f\u0131lm\u0131\u015f olan g\u00fcnde 5-10 mg i\u00e7in en az sekiz saat, 10 mg \u00fczerindeki tedavi ama\u00e7l\u0131 y\u00fcksek dozlar i\u00e7in en az \u00fc\u00e7 g\u00fcn ara verilmesini \u00f6neriyor.<\/p>\n\n\n\n<div style=\"border-left:4px solid #0079F1;background:#f6f9fc;border-radius:0 10px 10px 0;padding:16px 20px;margin:0 0 26px\">\n<p style=\"margin:0 0 6px;color:#013366;font-weight:700;font-size:16px\">Biotine ara vermede en \u00f6nemlisi<\/p>\n<p style=\"margin:0;color:#2e3033;line-height:1.65\">Sa\u00e7 vitaminlerine, biotin ve kombine takviyelere kan al\u0131m\u0131ndan birka\u00e7 g\u00fcn \u00f6nce ara verin ve kulland\u0131\u011f\u0131n\u0131z\u0131, son dozu da belirterek mutlaka bildirin. Bunun hi\u00e7bir maliyeti yok ve yanl\u0131\u015f \u00e7\u0131kan bir TSH sonucunu \u00f6nl\u00fcyor; aksi h\u00e2lde yanl\u0131\u015f bir de\u011ferlendirme ya da gereksiz bir tekrar tetkik g\u00fcndeme gelir. Re\u00e7eteli \u00fcr\u00fcnlerde ara verilip verilmeyece\u011fini ve s\u00fcresini \u00f6nceden hekiminize dan\u0131\u015f\u0131n.<\/p>\n<\/div>\n\n\n<div class=\"wp-block-image\">\n<figure class=\"aligncenter size-large is-resized\" style=\"max-width:720px;margin-left:auto;margin-right:auto\"><img decoding=\"async\" src=\"https:\/\/elithair.com\/tr\/wp-content\/uploads\/sites\/10\/2026\/08\/foto_arztgespraech.png\" alt=\"Hekim, muayene masas\u0131nda hastas\u0131yla laboratuvar sonucunu de\u011ferlendiriyor\" class=\"wp-image-83797\" style=\"width:720px;max-width:100%;height:auto\"\/><\/figure>\n<\/div>\n\n\n<div style=\"border:1px solid #dbe4f0;border-radius:12px;padding:22px;margin:0 0 26px\">\n<p style=\"margin:0 0 6px;color:#013366;font-weight:700;font-size:18px\">Hekim g\u00f6r\u00fc\u015fmesine b\u00f6yle haz\u0131rl\u0131kl\u0131 gidersiniz<\/p>\n<p style=\"margin:0 0 16px;color:#2e3033\">Bu liste bir haz\u0131rl\u0131k yard\u0131m\u0131d\u0131r, sipari\u015f listesi de\u011fil. Hangi de\u011ferlerin \u00f6l\u00e7\u00fclece\u011fine hekim karar verir ve \u015fik\u00e2yetlerinizi iyi anlatman\u0131z, de\u011fer talep etmekten daha \u00e7ok i\u015fe yarar.<\/p>\n<p style=\"margin:0 0 6px;color:#013366;font-weight:700\">1. \u00dc\u00e7 sat\u0131rda benim durumum<\/p>\n<ul style=\"margin:0 0 16px;padding:0;color:#2e3033;list-style:none\">\n<li style=\"position:relative;padding:3px 0 3px 24px\"><span style=\"position:absolute;left:0;top:3px;color:#0079F1;font-weight:700\">&#10003;<\/span>Sa\u00e7lar ne zamand\u0131r daha fazla d\u00f6k\u00fcl\u00fcyor ve nas\u0131l ba\u015flad\u0131<\/li>\n<li style=\"position:relative;padding:3px 0 3px 24px\"><span style=\"position:absolute;left:0;top:3px;color:#0079F1;font-weight:700\">&#10003;<\/span>Sa\u00e7l\u0131 derinin tamam\u0131nda yayg\u0131n m\u0131, yoksa al\u0131n, \u015fakak ve tepe b\u00f6lgesinde desen h\u00e2linde mi<\/li>\n<li style=\"position:relative;padding:3px 0 3px 24px\"><span style=\"position:absolute;left:0;top:3px;color:#0079F1;font-weight:700\">&#10003;<\/span>Son d\u00f6rt ay\u0131n e\u015flik eden belirtileri ve olaylar\u0131 (enfeksiyon, ameliyat, diyet, do\u011fum, yeni ila\u00e7)<\/li>\n<\/ul>\n<p style=\"margin:0 0 6px;color:#013366;font-weight:700\">2. Yayg\u0131n sa\u00e7 d\u00f6k\u00fclmesinde temel de\u011ferlendirmeye s\u0131k\u00e7a giren de\u011ferler<\/p>\n<ul style=\"margin:0 0 16px;padding:0;color:#2e3033;list-style:none\">\n<li style=\"position:relative;padding:3px 0 3px 24px\"><span style=\"position:absolute;left:0;top:3px;color:#0079F1;font-weight:700\">&#10003;<\/span>L\u00f6kosit form\u00fcll\u00fc tam kan say\u0131m\u0131<\/li>\n<li style=\"position:relative;padding:3px 0 3px 24px\"><span style=\"position:absolute;left:0;top:3px;color:#0079F1;font-weight:700\">&#10003;<\/span>Ferritin<\/li>\n<li style=\"position:relative;padding:3px 0 3px 24px\"><span style=\"position:absolute;left:0;top:3px;color:#0079F1;font-weight:700\">&#10003;<\/span>CRP<\/li>\n<li style=\"position:relative;padding:3px 0 3px 24px\"><span style=\"position:absolute;left:0;top:3px;color:#0079F1;font-weight:700\">&#10003;<\/span>TSH<\/li>\n<li style=\"position:relative;padding:3px 0 3px 24px\"><span style=\"position:absolute;left:0;top:3px;color:#0079F1;font-weight:700\">&#10003;<\/span>25-OH-D vitamini<\/li>\n<li style=\"position:relative;padding:3px 0 3px 24px\"><span style=\"position:absolute;left:0;top:3px;color:#0079F1;font-weight:700\">&#10003;<\/span>\u00c7inko<\/li>\n<\/ul>\n<p style=\"margin:0 0 6px;color:#013366;font-weight:700\">3. Yaln\u0131zca hekim de\u011ferlendirmesiyle<\/p>\n<ul style=\"margin:0 0 16px;padding:0;color:#2e3033;list-style:none\">\n<li style=\"position:relative;padding:3px 0 3px 24px\"><span style=\"position:absolute;left:0;top:3px;color:#0079F1;font-weight:700\">&#10003;<\/span>sT3, sT4, anti-TPO antikorlar\u0131, B12, folat, transferrin sat\u00fcrasyonu gibi geni\u015fletilmi\u015f de\u011ferler<\/li>\n<li style=\"position:relative;padding:3px 0 3px 24px\"><span style=\"position:absolute;left:0;top:3px;color:#0079F1;font-weight:700\">&#10003;<\/span>Testosteron, SHBG, DHEA-S veya prolaktin gibi hormon de\u011ferleri; kad\u0131nlarda ayr\u0131ca d\u00f6ng\u00fcye g\u00f6re zamanlanarak<\/li>\n<\/ul>\n<p style=\"margin:0 0 6px;color:#013366;font-weight:700\">4. Haz\u0131rl\u0131k<\/p>\n<ul style=\"margin:0 0 16px;padding:0;color:#2e3033;list-style:none\">\n<li style=\"position:relative;padding:3px 0 3px 24px\"><span style=\"position:absolute;left:0;top:3px;color:#0079F1;font-weight:700\">&#10003;<\/span>Sa\u00e7 vitaminlerine ve biotin takviyelerine birka\u00e7 g\u00fcn \u00f6nce ara verin ve kulland\u0131\u011f\u0131n\u0131z\u0131 hekiminize s\u00f6yleyin<\/li>\n<li style=\"position:relative;padding:3px 0 3px 24px\"><span style=\"position:absolute;left:0;top:3px;color:#0079F1;font-weight:700\">&#10003;<\/span>Akut bir enfeksiyon s\u0131ras\u0131nda kan ald\u0131rmay\u0131n, yoksa CRP ve ferritin kayar<\/li>\n<li style=\"position:relative;padding:3px 0 3px 24px\"><span style=\"position:absolute;left:0;top:3px;color:#0079F1;font-weight:700\">&#10003;<\/span>Hormon de\u011ferleri planlan\u0131yorsa d\u00f6ng\u00fc g\u00fcn\u00fcn\u00fc hekiminizle birlikte belirleyin<\/li>\n<li style=\"position:relative;padding:3px 0 3px 24px\"><span style=\"position:absolute;left:0;top:3px;color:#0079F1;font-weight:700\">&#10003;<\/span>Kulland\u0131\u011f\u0131n\u0131z t\u00fcm ila\u00e7 ve takviyelerin listesini yan\u0131n\u0131zda getirin, do\u011fum kontrol hap\u0131n\u0131 kendi ba\u015f\u0131n\u0131za b\u0131rakmay\u0131n<\/li>\n<li style=\"position:relative;padding:3px 0 3px 24px\"><span style=\"position:absolute;left:0;top:3px;color:#0079F1;font-weight:700\">&#10003;<\/span>Yaln\u0131zca laboratuvar ya da hekiminiz a\u00e7\u0131k\u00e7a s\u00f6ylerse a\u00e7 gidin (\u00f6rne\u011fin kan \u015fekeri veya kan ya\u011flar\u0131 i\u00e7in)<\/li>\n<\/ul>\n<div style=\"border-left:4px solid #0079F1;padding:2px 0 2px 14px;color:#2e3033\">\n<p style=\"margin:0 0 4px;color:#013366;font-weight:700\">G\u00f6r\u00fc\u015fmeye ba\u015flamak i\u00e7in \u00f6rnek bir c\u00fcmle<\/p>\n<p style=\"margin:0;font-style:italic\">\u201cYakla\u015f\u0131k d\u00f6rt ayd\u0131r sa\u00e7lar\u0131m belirgin bi\u00e7imde daha \u00e7ok d\u00f6k\u00fcl\u00fcyor, kafam\u0131n her yerinde e\u015fit olarak. Arkas\u0131nda tedavi edilebilecek bir neden var m\u0131 diye ara\u015ft\u0131rmak isterim, \u00f6rne\u011fin demir ya da tiroit.\u201d<\/p>\n<\/div>\n<\/div>\n\n\n\n<p class=\"wp-block-paragraph\">Kendi kendine yap\u0131lan testler ve \u00e7evrim i\u00e7i laboratuvarlar teknik olarak bir se\u00e7enek; baz\u0131 insanlar i\u00e7in konuya ilk giri\u015f noktas\u0131 da olabiliyor. Ancak hekim yorumu olmadan bir de\u011fer, sonucu olmayan bir say\u0131 olarak kal\u0131yor; y\u00fckselmi\u015f bir CRP ya da biotin kullan\u0131m\u0131 gibi tipik bozucu etkenler de \u00e7o\u011fu zaman hesaba kat\u0131lm\u0131yor. Bu yolu se\u00e7en ki\u015fi, sonucu ard\u0131ndan mutlaka hekimiyle konu\u015fmal\u0131.<\/p>\n\n\n\n<h3 class=\"wp-block-heading\">Sonu\u00e7lar\u0131 benimle kim de\u011ferlendirir, aile hekimi mi dermatolog mu?<\/h3>\n\n\n\n<p class=\"wp-block-paragraph\">Sonucu, tetkiki isteyen hekim a\u00e7\u0131klar. Laboratuvar de\u011feri ile sa\u00e7 tablosunu birle\u015ftiren, yani sa\u00e7a \u00f6zg\u00fc yorumu yapan taraf ise kural olarak dermatoloji klini\u011fidir, \u00e7\u00fcnk\u00fc orada ayr\u0131ca sa\u00e7l\u0131 deri ve desen incelenir. \u0130kisi birbirini tamamlar ve iki yoldan hi\u00e7biri yanl\u0131\u015f de\u011fildir.<\/p>\n\n\n\n<p class=\"wp-block-paragraph\">Buna dair pratik bir \u00f6neri: laboratuvar sonucunun bir kopyas\u0131n\u0131 bir sonraki randevunuza g\u00f6t\u00fcr\u00fcn. Bu, ayn\u0131 de\u011ferlerin k\u0131sa aral\u0131kla iki kez \u00f6l\u00e7\u00fclmesini \u00f6nler ve bir seyir g\u00f6r\u00fcn\u00fcr k\u0131lar. Tan\u0131 s\u00fcrecinde kimin hangi rol\u00fc \u00fcstlendi\u011fini \u015fu yaz\u0131 a\u00e7\u0131kl\u0131yor: <a href=\"\/tr\/sac-dokulmesinde-hangi-doktora-gidilir\/\">sa\u00e7 d\u00f6k\u00fclmesinde hangi doktora gidilir<\/a>.<\/p>\n\n\n<div class=\"wp-block-image\">\n<figure class=\"aligncenter size-large is-resized\" style=\"max-width:720px;margin-left:auto;margin-right:auto\"><img decoding=\"async\" src=\"https:\/\/elithair.com\/tr\/wp-content\/uploads\/sites\/10\/2026\/08\/foto_vorbereitung_flatlay.png\" alt=\"Kan al\u0131m\u0131na haz\u0131rl\u0131k: masada not defteri, kalem ve ila\u00e7 listesi\" class=\"wp-image-83798\" style=\"width:720px;max-width:100%;height:auto\"\/><\/figure>\n<\/div>\n\n\n<h2 class=\"wp-block-heading\">Sa\u00e7 d\u00f6k\u00fclmesinde kan tahlilinin \u00fccretini sigorta kar\u015f\u0131lar m\u0131?<\/h2>\n\n\n\n<p class=\"wp-block-paragraph\"><strong>T\u0131bbi bir gerek\u00e7e varsa temel tetkikler genellikle sa\u011fl\u0131k hizmeti kapsam\u0131nda istenir; belirleyici olan endikasyondur, tek tek de\u011ferler de\u011fil.<\/strong> Yani tetkikin, \u015fik\u00e2yetlerden ve muayene bulgusundan do\u011fan bir gerek\u00e7esi olmal\u0131d\u0131r. T\u0131bbi bir endikasyon olmaks\u0131z\u0131n yaln\u0131zca hasta talebiyle istenen de\u011ferler ise pek \u00e7ok sistemde kapsam d\u0131\u015f\u0131d\u0131r ve cepten \u00f6denir.<\/p>\n\n\n\n<p class=\"wp-block-paragraph\">S\u0131n\u0131r\u0131n tam olarak nerede \u00e7izildi\u011fi sabit bir liste de\u011fil, endikasyon meselesidir. Pratikte tam kan say\u0131m\u0131, ferritin ve TSH, gerek\u00e7elendirilmi\u015f bir yayg\u0131n sa\u00e7 d\u00f6k\u00fclmesinde \u00e7o\u011funlukla hekim istemiyle yap\u0131l\u0131r. Somut bir klinik ku\u015fku olmadan istenen kapsaml\u0131 vitamin veya hormon panelleri ise s\u0131kl\u0131kla cepten \u00f6denir; piyasada \u201csa\u00e7 d\u00f6k\u00fclmesi paketi\u201d ad\u0131yla sat\u0131lan geni\u015f profiller de bu gruba girer.<\/p>\n\n\n\n<p class=\"wp-block-paragraph\">Bu y\u00fczden g\u00f6r\u00fc\u015fmeye bir sipari\u015f listesiyle de\u011fil, gerek\u00e7eyle ba\u015flamakta yarar var: ne zamand\u0131r, ne kadar \u015fiddetli, yayg\u0131n m\u0131 desen h\u00e2linde mi, hangi ek belirtiler, son d\u00f6rt ayda hangi olaylar. Tetkik istemini gerek\u00e7elendiren tam olarak budur. Somut fiyatlar\u0131 burada bilin\u00e7li olarak vermiyoruz; tek tek durumlar i\u00e7in g\u00fcncel ve g\u00fcvenilir bir kaynak yok.<\/p>\n\n\n\n<p class=\"wp-block-paragraph\">S\u0131k aranan ikinci bir nokta: genetik sa\u00e7 d\u00f6k\u00fclmesinin tedavisi pek \u00e7ok sa\u011fl\u0131k sisteminde kozmetik say\u0131ld\u0131\u011f\u0131 i\u00e7in geri \u00f6deme kapsam\u0131na girmez. Finasterid ve minoksidil gibi sa\u00e7 \u00e7\u0131karmaya y\u00f6nelik \u00fcr\u00fcnler kural olarak cepten \u00f6denir. \u00d6zel sigortas\u0131 olanlar kapsam\u0131 poli\u00e7elerinden teyit etmelidir.<\/p>\n\n\n\n<h2 class=\"wp-block-heading\">Kan de\u011ferlerini do\u011fru okumak: referans aral\u0131\u011f\u0131 ideal aral\u0131k de\u011fildir<\/h2>\n\n\n\n<p class=\"wp-block-paragraph\">Bir referans aral\u0131\u011f\u0131, sa\u011fl\u0131kl\u0131 bir kar\u015f\u0131la\u015ft\u0131rma n\u00fcfusunun ortadaki y\u00fczde 95\u2019inde hangi de\u011ferlerin g\u00f6r\u00fcld\u00fc\u011f\u00fcn\u00fc tan\u0131mlar. Yani istatistiksel bir da\u011f\u0131l\u0131m geni\u015fli\u011fidir, ki\u015fiye \u00f6zel bir hedef de\u011fer de\u011fil. Bu nedenle bir de\u011fer \u201cnormal aral\u0131kta\u201d olabilir ve buna ra\u011fmen sizin sa\u00e7\u0131n\u0131z i\u00e7in d\u00fc\u015f\u00fck kalabilir; \u00f6zellikle ferritin aral\u0131\u011f\u0131n\u0131n alt s\u0131n\u0131r\u0131nda. Hekim g\u00f6r\u00fc\u015fmesi ile internet ara\u015ft\u0131rmas\u0131 aras\u0131ndaki kafa kar\u0131\u015f\u0131kl\u0131\u011f\u0131n\u0131n b\u00fcy\u00fck b\u00f6l\u00fcm\u00fc buradan geliyor.<\/p>\n\n\n\n<p class=\"wp-block-paragraph\">\u0130kincisi, referans aral\u0131klar\u0131 y\u00f6nteme ve laboratuvara ba\u011fl\u0131d\u0131r. Ne D vitamini, ne \u00e7inko, ne de TSH i\u00e7in tek ve evrensel bir aral\u0131k vard\u0131r. \u0130ki laboratuvar aras\u0131ndaki ya da internetteki say\u0131larla yap\u0131lan kar\u015f\u0131la\u015ft\u0131rmalar bu y\u00fczden d\u00fczenli olarak yanl\u0131\u015f sonu\u00e7 verir. G\u00fcvenilir olan, kendi tahlil sonucunuzda de\u011ferin yan\u0131nda yazan aral\u0131kt\u0131r.<\/p>\n\n\n\n<p class=\"wp-block-paragraph\">\u00dc\u00e7\u00fcnc\u00fcs\u00fc, tek bir de\u011fer anl\u0131k bir g\u00f6r\u00fcnt\u00fcd\u00fcr. Aylara yay\u0131lan bir seyir, tek bir \u00f6l\u00e7\u00fcmden daha \u00e7ok \u015fey s\u00f6yler; \u00f6zellikle ferritin ve TSH\u2019de.<\/p>\n\n\n\n<h3 class=\"wp-block-heading\" id=\"befund-uebersetzer\">Tahlil s\u00f6zl\u00fc\u011f\u00fc: laboratuvar k\u00e2\u011f\u0131d\u0131ndaki k\u0131saltmalar<\/h3>\n\n\n\n<p class=\"wp-block-paragraph\">A\u015fa\u011f\u0131daki tablo, tahlil k\u00e2\u011f\u0131d\u0131n\u0131zdaki yayg\u0131n k\u0131saltmalar\u0131 Hb\u2019den MCV\u2019ye, anti-TPO\u2019ya kadar \u00e7eviriyor ve her k\u0131saltman\u0131n sa\u00e7la ilgisini s\u00f6yl\u00fcyor. Bu bir s\u00f6zl\u00fckt\u00fcr, sonu\u00e7 yorumu de\u011fil: sizdeki somut bir de\u011ferin ne anlama geldi\u011fi hekim g\u00f6r\u00fc\u015fmesine aittir.<\/p>\n\n\n\n<style>\n@media (max-width:640px){\n.rt-table-wrap{overflow-x:visible!important;border:0!important;border-radius:0!important}\n.rt-table{min-width:0!important}\n.rt-table thead{display:none}\n.rt-table,.rt-table tbody,.rt-table tr,.rt-table td{display:block;width:100%}\n.rt-table caption{display:block;padding:0 0 12px!important}\n.rt-table tr{margin:0 0 12px;border:1px solid #dbe4f0;border-radius:10px;overflow:hidden}\n.rt-table tr:last-child{margin-bottom:0}\n.rt-table td{display:flex!important;flex-direction:column;gap:3px;padding:12px 14px!important;\nborder:0!important;border-bottom:1px solid #e3e8ef!important;background:#ffffff!important}\n.rt-table tr td:last-child{border-bottom:0!important}\n.rt-table td::before{content:attr(data-label);font-size:12px;font-weight:700;letter-spacing:.04em;\ntext-transform:uppercase;color:#5799F1}\n.rt-table td:not([data-label])::before,.rt-table td[data-label=\"\"]::before{display:none}\n}\n<\/style>\n<div class=\"rt-table-wrap\" style=\"overflow-x:auto;-webkit-overflow-scrolling:touch;margin:28px 0;border:1px solid #dbe4f0;border-radius:12px\">\n  <table class=\"rt-table\" style=\"width:100%;min-width:620px;table-layout:fixed;border-collapse:separate;border-spacing:0;font-size:15px;margin:0\">\n    <caption style=\"caption-side:top;text-align:left;color:#003366;font-weight:700;font-size:16px;line-height:1.35;padding:14px 16px 10px;background:#ffffff\">Tahlil k\u00e2\u011f\u0131d\u0131 s\u00f6zl\u00fc\u011f\u00fc: k\u0131saltma, anlam\u0131 ve sa\u00e7la ilgisi<\/caption>\n    <thead>\n      <tr>\n        <th style=\"width:22%;background:#003366;color:#ffffff;font-weight:700;text-align:left;vertical-align:middle;padding:13px 16px;font-size:15px;line-height:1.4;border:0;overflow-wrap:break-word\">Tahlilde nas\u0131l yazar<\/th>\n        <th style=\"background:#003366;color:#ffffff;font-weight:700;text-align:left;vertical-align:middle;padding:13px 16px;font-size:15px;line-height:1.4;border:0;overflow-wrap:break-word\">Nedir<\/th>\n        <th style=\"background:#003366;color:#ffffff;font-weight:700;text-align:left;vertical-align:middle;padding:13px 16px;font-size:15px;line-height:1.4;border:0;overflow-wrap:break-word\">Sa\u00e7la ilgisi nedir<\/th>\n      <\/tr>\n    <\/thead>\n    <tbody>\n      <tr>\n        <td data-label=\"Tahlilde nas\u0131l yazar\" style=\"background:#ffffff;color:#003366;font-weight:700;text-align:left;vertical-align:top;padding:13px 16px;font-size:15px;line-height:1.55;border:0;border-bottom:1px solid #e3e8ef;overflow-wrap:break-word\">Hb (hemoglobin)<\/td>\n        <td data-label=\"Nedir\" style=\"background:#ffffff;color:#22303e;font-weight:400;text-align:left;vertical-align:top;padding:13px 16px;font-size:15px;line-height:1.55;border:0;border-bottom:1px solid #e3e8ef;overflow-wrap:break-word\">K\u0131rm\u0131z\u0131 kan boyas\u0131, oksijen ta\u015f\u0131r<\/td>\n        <td data-label=\"Sa\u00e7la ilgisi nedir\" style=\"background:#ffffff;color:#22303e;font-weight:400;text-align:left;vertical-align:top;padding:13px 16px;font-size:15px;line-height:1.55;border:0;border-bottom:1px solid #e3e8ef;overflow-wrap:break-word\">Normal bir Hb, demir eksikli\u011fini d\u0131\u015flamaz<\/td>\n      <\/tr>\n      <tr>\n        <td data-label=\"Tahlilde nas\u0131l yazar\" style=\"background:#f6f9fc;color:#003366;font-weight:700;text-align:left;vertical-align:top;padding:13px 16px;font-size:15px;line-height:1.55;border:0;border-bottom:1px solid #e3e8ef;overflow-wrap:break-word\">Hct (hematokrit)<\/td>\n        <td data-label=\"Nedir\" style=\"background:#f6f9fc;color:#22303e;font-weight:400;text-align:left;vertical-align:top;padding:13px 16px;font-size:15px;line-height:1.55;border:0;border-bottom:1px solid #e3e8ef;overflow-wrap:break-word\">H\u00fccrelerin kan hacmi i\u00e7indeki pay\u0131<\/td>\n        <td data-label=\"Sa\u00e7la ilgisi nedir\" style=\"background:#f6f9fc;color:#22303e;font-weight:400;text-align:left;vertical-align:top;padding:13px 16px;font-size:15px;line-height:1.55;border:0;border-bottom:1px solid #e3e8ef;overflow-wrap:break-word\">Anemi de\u011ferlendirmesini tamamlar<\/td>\n      <\/tr>\n      <tr>\n        <td data-label=\"Tahlilde nas\u0131l yazar\" style=\"background:#ffffff;color:#003366;font-weight:700;text-align:left;vertical-align:top;padding:13px 16px;font-size:15px;line-height:1.55;border:0;border-bottom:1px solid #e3e8ef;overflow-wrap:break-word\">MCV<\/td>\n        <td data-label=\"Nedir\" style=\"background:#ffffff;color:#22303e;font-weight:400;text-align:left;vertical-align:top;padding:13px 16px;font-size:15px;line-height:1.55;border:0;border-bottom:1px solid #e3e8ef;overflow-wrap:break-word\">K\u0131rm\u0131z\u0131 kan h\u00fccrelerinin ortalama hacmi<\/td>\n        <td data-label=\"Sa\u00e7la ilgisi nedir\" style=\"background:#ffffff;color:#22303e;font-weight:400;text-align:left;vertical-align:top;padding:13px 16px;font-size:15px;line-height:1.55;border:0;border-bottom:1px solid #e3e8ef;overflow-wrap:break-word\">K\u00fc\u00e7\u00fck h\u00fccreler demir eksikli\u011fine, b\u00fcy\u00fck h\u00fccreler B12 veya folat eksikli\u011fine i\u015faret edebilir<\/td>\n      <\/tr>\n      <tr>\n        <td data-label=\"Tahlilde nas\u0131l yazar\" style=\"background:#f6f9fc;color:#003366;font-weight:700;text-align:left;vertical-align:top;padding:13px 16px;font-size:15px;line-height:1.55;border:0;border-bottom:1px solid #e3e8ef;overflow-wrap:break-word\">RBC (eritrosit)<\/td>\n        <td data-label=\"Nedir\" style=\"background:#f6f9fc;color:#22303e;font-weight:400;text-align:left;vertical-align:top;padding:13px 16px;font-size:15px;line-height:1.55;border:0;border-bottom:1px solid #e3e8ef;overflow-wrap:break-word\">K\u0131rm\u0131z\u0131 kan h\u00fccreleri<\/td>\n        <td data-label=\"Sa\u00e7la ilgisi nedir\" style=\"background:#f6f9fc;color:#22303e;font-weight:400;text-align:left;vertical-align:top;padding:13px 16px;font-size:15px;line-height:1.55;border:0;border-bottom:1px solid #e3e8ef;overflow-wrap:break-word\">Anemi de\u011ferlendirmesinin bir par\u00e7as\u0131<\/td>\n      <\/tr>\n      <tr>\n        <td data-label=\"Tahlilde nas\u0131l yazar\" style=\"background:#ffffff;color:#003366;font-weight:700;text-align:left;vertical-align:top;padding:13px 16px;font-size:15px;line-height:1.55;border:0;border-bottom:1px solid #e3e8ef;overflow-wrap:break-word\">WBC (l\u00f6kosit)<\/td>\n        <td data-label=\"Nedir\" style=\"background:#ffffff;color:#22303e;font-weight:400;text-align:left;vertical-align:top;padding:13px 16px;font-size:15px;line-height:1.55;border:0;border-bottom:1px solid #e3e8ef;overflow-wrap:break-word\">Beyaz kan h\u00fccreleri<\/td>\n        <td data-label=\"Sa\u00e7la ilgisi nedir\" style=\"background:#ffffff;color:#22303e;font-weight:400;text-align:left;vertical-align:top;padding:13px 16px;font-size:15px;line-height:1.55;border:0;border-bottom:1px solid #e3e8ef;overflow-wrap:break-word\">Ferritini de\u011fi\u015ftiren bir iltihaba i\u015faret edebilir<\/td>\n      <\/tr>\n      <tr>\n        <td data-label=\"Tahlilde nas\u0131l yazar\" style=\"background:#f6f9fc;color:#003366;font-weight:700;text-align:left;vertical-align:top;padding:13px 16px;font-size:15px;line-height:1.55;border:0;border-bottom:1px solid #e3e8ef;overflow-wrap:break-word\">PLT (trombosit)<\/td>\n        <td data-label=\"Nedir\" style=\"background:#f6f9fc;color:#22303e;font-weight:400;text-align:left;vertical-align:top;padding:13px 16px;font-size:15px;line-height:1.55;border:0;border-bottom:1px solid #e3e8ef;overflow-wrap:break-word\">P\u0131ht\u0131la\u015fmay\u0131 sa\u011flayan kan pulcuklar\u0131<\/td>\n        <td data-label=\"Sa\u00e7la ilgisi nedir\" style=\"background:#f6f9fc;color:#22303e;font-weight:400;text-align:left;vertical-align:top;padding:13px 16px;font-size:15px;line-height:1.55;border:0;border-bottom:1px solid #e3e8ef;overflow-wrap:break-word\">Sa\u00e7la do\u011frudan ilgisi yok, temel de\u011ferlendirmenin par\u00e7as\u0131<\/td>\n      <\/tr>\n      <tr>\n        <td data-label=\"Tahlilde nas\u0131l yazar\" style=\"background:#ffffff;color:#003366;font-weight:700;text-align:left;vertical-align:top;padding:13px 16px;font-size:15px;line-height:1.55;border:0;border-bottom:1px solid #e3e8ef;overflow-wrap:break-word\">Ferritin<\/td>\n        <td data-label=\"Nedir\" style=\"background:#ffffff;color:#22303e;font-weight:400;text-align:left;vertical-align:top;padding:13px 16px;font-size:15px;line-height:1.55;border:0;border-bottom:1px solid #e3e8ef;overflow-wrap:break-word\">Demirin depo proteini<\/td>\n        <td data-label=\"Sa\u00e7la ilgisi nedir\" style=\"background:#ffffff;color:#22303e;font-weight:400;text-align:left;vertical-align:top;padding:13px 16px;font-size:15px;line-height:1.55;border:0;border-bottom:1px solid #e3e8ef;overflow-wrap:break-word\">Yayg\u0131n sa\u00e7 d\u00f6k\u00fclmesinde tek ba\u015f\u0131na en \u00f6nemli de\u011fer<\/td>\n      <\/tr>\n      <tr>\n        <td data-label=\"Tahlilde nas\u0131l yazar\" style=\"background:#f6f9fc;color:#003366;font-weight:700;text-align:left;vertical-align:top;padding:13px 16px;font-size:15px;line-height:1.55;border:0;border-bottom:1px solid #e3e8ef;overflow-wrap:break-word\">TSAT (transferrin sat\u00fcrasyonu)<\/td>\n        <td data-label=\"Nedir\" style=\"background:#f6f9fc;color:#22303e;font-weight:400;text-align:left;vertical-align:top;padding:13px 16px;font-size:15px;line-height:1.55;border:0;border-bottom:1px solid #e3e8ef;overflow-wrap:break-word\">Ta\u015f\u0131y\u0131c\u0131 proteinin demirle y\u00fckl\u00fc olan pay\u0131<\/td>\n        <td data-label=\"Sa\u00e7la ilgisi nedir\" style=\"background:#f6f9fc;color:#22303e;font-weight:400;text-align:left;vertical-align:top;padding:13px 16px;font-size:15px;line-height:1.55;border:0;border-bottom:1px solid #e3e8ef;overflow-wrap:break-word\">Ferritin normalken bile i\u015flevsel demir eksikli\u011fini g\u00f6r\u00fcn\u00fcr k\u0131labilir<\/td>\n      <\/tr>\n      <tr>\n        <td data-label=\"Tahlilde nas\u0131l yazar\" style=\"background:#ffffff;color:#003366;font-weight:700;text-align:left;vertical-align:top;padding:13px 16px;font-size:15px;line-height:1.55;border:0;border-bottom:1px solid #e3e8ef;overflow-wrap:break-word\">CRP<\/td>\n        <td data-label=\"Nedir\" style=\"background:#ffffff;color:#22303e;font-weight:400;text-align:left;vertical-align:top;padding:13px 16px;font-size:15px;line-height:1.55;border:0;border-bottom:1px solid #e3e8ef;overflow-wrap:break-word\">Akut faz proteini, iltihap g\u00f6stergesi<\/td>\n        <td data-label=\"Sa\u00e7la ilgisi nedir\" style=\"background:#ffffff;color:#22303e;font-weight:400;text-align:left;vertical-align:top;padding:13px 16px;font-size:15px;line-height:1.55;border:0;border-bottom:1px solid #e3e8ef;overflow-wrap:break-word\">Y\u00fckselmi\u015f bir CRP, ferritini oldu\u011fundan y\u00fcksek g\u00f6sterebilir<\/td>\n      <\/tr>\n      <tr>\n        <td data-label=\"Tahlilde nas\u0131l yazar\" style=\"background:#f6f9fc;color:#003366;font-weight:700;text-align:left;vertical-align:top;padding:13px 16px;font-size:15px;line-height:1.55;border:0;border-bottom:1px solid #e3e8ef;overflow-wrap:break-word\">TSH<\/td>\n        <td data-label=\"Nedir\" style=\"background:#f6f9fc;color:#22303e;font-weight:400;text-align:left;vertical-align:top;padding:13px 16px;font-size:15px;line-height:1.55;border:0;border-bottom:1px solid #e3e8ef;overflow-wrap:break-word\">Tiroidi y\u00f6neten hormon<\/td>\n        <td data-label=\"Sa\u00e7la ilgisi nedir\" style=\"background:#f6f9fc;color:#22303e;font-weight:400;text-align:left;vertical-align:top;padding:13px 16px;font-size:15px;line-height:1.55;border:0;border-bottom:1px solid #e3e8ef;overflow-wrap:break-word\">Anormal de\u011ferler yayg\u0131n sa\u00e7 d\u00f6k\u00fclmesiyle birlikte g\u00f6r\u00fclebilir<\/td>\n      <\/tr>\n      <tr>\n        <td data-label=\"Tahlilde nas\u0131l yazar\" style=\"background:#ffffff;color:#003366;font-weight:700;text-align:left;vertical-align:top;padding:13px 16px;font-size:15px;line-height:1.55;border:0;border-bottom:1px solid #e3e8ef;overflow-wrap:break-word\">sT3 ve sT4<\/td>\n        <td data-label=\"Nedir\" style=\"background:#ffffff;color:#22303e;font-weight:400;text-align:left;vertical-align:top;padding:13px 16px;font-size:15px;line-height:1.55;border:0;border-bottom:1px solid #e3e8ef;overflow-wrap:break-word\">Serbest tiroit hormonlar\u0131<\/td>\n        <td data-label=\"Sa\u00e7la ilgisi nedir\" style=\"background:#ffffff;color:#22303e;font-weight:400;text-align:left;vertical-align:top;padding:13px 16px;font-size:15px;line-height:1.55;border:0;border-bottom:1px solid #e3e8ef;overflow-wrap:break-word\">Tiroidin ger\u00e7ekte ne kadar \u00e7al\u0131\u015ft\u0131\u011f\u0131n\u0131 g\u00f6sterirler<\/td>\n      <\/tr>\n      <tr>\n        <td data-label=\"Tahlilde nas\u0131l yazar\" style=\"background:#f6f9fc;color:#003366;font-weight:700;text-align:left;vertical-align:top;padding:13px 16px;font-size:15px;line-height:1.55;border:0;border-bottom:1px solid #e3e8ef;overflow-wrap:break-word\">Anti-TPO<\/td>\n        <td data-label=\"Nedir\" style=\"background:#f6f9fc;color:#22303e;font-weight:400;text-align:left;vertical-align:top;padding:13px 16px;font-size:15px;line-height:1.55;border:0;border-bottom:1px solid #e3e8ef;overflow-wrap:break-word\">Tiroit peroksidaza kar\u015f\u0131 antikorlar<\/td>\n        <td data-label=\"Sa\u00e7la ilgisi nedir\" style=\"background:#f6f9fc;color:#22303e;font-weight:400;text-align:left;vertical-align:top;padding:13px 16px;font-size:15px;line-height:1.55;border:0;border-bottom:1px solid #e3e8ef;overflow-wrap:break-word\">Hashimoto tiroiditine i\u015faret eder<\/td>\n      <\/tr>\n      <tr>\n        <td data-label=\"Tahlilde nas\u0131l yazar\" style=\"background:#ffffff;color:#003366;font-weight:700;text-align:left;vertical-align:top;padding:13px 16px;font-size:15px;line-height:1.55;border:0;border-bottom:1px solid #e3e8ef;overflow-wrap:break-word\">25-OH-D<\/td>\n        <td data-label=\"Nedir\" style=\"background:#ffffff;color:#22303e;font-weight:400;text-align:left;vertical-align:top;padding:13px 16px;font-size:15px;line-height:1.55;border:0;border-bottom:1px solid #e3e8ef;overflow-wrap:break-word\">D vitamininin kandaki depo bi\u00e7imi<\/td>\n        <td data-label=\"Sa\u00e7la ilgisi nedir\" style=\"background:#ffffff;color:#22303e;font-weight:400;text-align:left;vertical-align:top;padding:13px 16px;font-size:15px;line-height:1.55;border:0;border-bottom:1px solid #e3e8ef;overflow-wrap:break-word\">Yayg\u0131n sa\u00e7 d\u00f6k\u00fclmesinde eksikli\u011fi birlikte de\u011ferlendirilir<\/td>\n      <\/tr>\n      <tr>\n        <td data-label=\"Tahlilde nas\u0131l yazar\" style=\"background:#f6f9fc;color:#003366;font-weight:700;text-align:left;vertical-align:top;padding:13px 16px;font-size:15px;line-height:1.55;border:0;border-bottom:1px solid #e3e8ef;overflow-wrap:break-word\">Zn (\u00e7inko)<\/td>\n        <td data-label=\"Nedir\" style=\"background:#f6f9fc;color:#22303e;font-weight:400;text-align:left;vertical-align:top;padding:13px 16px;font-size:15px;line-height:1.55;border:0;border-bottom:1px solid #e3e8ef;overflow-wrap:break-word\">Serumda veya tam kanda \u00f6l\u00e7\u00fclen eser element<\/td>\n        <td data-label=\"Sa\u00e7la ilgisi nedir\" style=\"background:#f6f9fc;color:#22303e;font-weight:400;text-align:left;vertical-align:top;padding:13px 16px;font-size:15px;line-height:1.55;border:0;border-bottom:1px solid #e3e8ef;overflow-wrap:break-word\">Eksikli\u011fi yayg\u0131n sa\u00e7 d\u00f6k\u00fclmesine katk\u0131da bulunabilir<\/td>\n      <\/tr>\n      <tr>\n        <td data-label=\"Tahlilde nas\u0131l yazar\" style=\"background:#ffffff;color:#003366;font-weight:700;text-align:left;vertical-align:top;padding:13px 16px;font-size:15px;line-height:1.55;border:0;border-bottom:1px solid #e3e8ef;overflow-wrap:break-word\">Vit. B12 \/ Holo-TC<\/td>\n        <td data-label=\"Nedir\" style=\"background:#ffffff;color:#22303e;font-weight:400;text-align:left;vertical-align:top;padding:13px 16px;font-size:15px;line-height:1.55;border:0;border-bottom:1px solid #e3e8ef;overflow-wrap:break-word\">Total B12 vitamini ya da h\u00fccrelerin kullanabildi\u011fi pay<\/td>\n        <td data-label=\"Sa\u00e7la ilgisi nedir\" style=\"background:#ffffff;color:#22303e;font-weight:400;text-align:left;vertical-align:top;padding:13px 16px;font-size:15px;line-height:1.55;border:0;border-bottom:1px solid #e3e8ef;overflow-wrap:break-word\">Eksikli\u011fi kan yap\u0131m\u0131n\u0131 ve sa\u00e7 b\u00fcy\u00fcmesini etkileyebilir<\/td>\n      <\/tr>\n      <tr>\n        <td data-label=\"Tahlilde nas\u0131l yazar\" style=\"background:#f6f9fc;color:#003366;font-weight:700;text-align:left;vertical-align:top;padding:13px 16px;font-size:15px;line-height:1.55;border:0;border-bottom:1px solid #e3e8ef;overflow-wrap:break-word\">Folat (folik asit)<\/td>\n        <td data-label=\"Nedir\" style=\"background:#f6f9fc;color:#22303e;font-weight:400;text-align:left;vertical-align:top;padding:13px 16px;font-size:15px;line-height:1.55;border:0;border-bottom:1px solid #e3e8ef;overflow-wrap:break-word\">Serumdaki folat<\/td>\n        <td data-label=\"Sa\u00e7la ilgisi nedir\" style=\"background:#f6f9fc;color:#22303e;font-weight:400;text-align:left;vertical-align:top;padding:13px 16px;font-size:15px;line-height:1.55;border:0;border-bottom:1px solid #e3e8ef;overflow-wrap:break-word\">B12 ile birlikte de\u011ferlendirilir<\/td>\n      <\/tr>\n      <tr>\n        <td data-label=\"Tahlilde nas\u0131l yazar\" style=\"background:#ffffff;color:#003366;font-weight:700;text-align:left;vertical-align:top;padding:13px 16px;font-size:15px;line-height:1.55;border:0;border-bottom:1px solid #e3e8ef;overflow-wrap:break-word\">Total testosteron<\/td>\n        <td data-label=\"Nedir\" style=\"background:#ffffff;color:#22303e;font-weight:400;text-align:left;vertical-align:top;padding:13px 16px;font-size:15px;line-height:1.55;border:0;border-bottom:1px solid #e3e8ef;overflow-wrap:break-word\">B\u00fcy\u00fck \u00f6l\u00e7\u00fcde proteinlere ba\u011fl\u0131 bir androjen<\/td>\n        <td data-label=\"Sa\u00e7la ilgisi nedir\" style=\"background:#ffffff;color:#22303e;font-weight:400;text-align:left;vertical-align:top;padding:13px 16px;font-size:15px;line-height:1.55;border:0;border-bottom:1px solid #e3e8ef;overflow-wrap:break-word\">Kad\u0131nlarda hormonal neden araman\u0131n bir par\u00e7as\u0131<\/td>\n      <\/tr>\n      <tr>\n        <td data-label=\"Tahlilde nas\u0131l yazar\" style=\"background:#f6f9fc;color:#003366;font-weight:700;text-align:left;vertical-align:top;padding:13px 16px;font-size:15px;line-height:1.55;border:0;border-bottom:1px solid #e3e8ef;overflow-wrap:break-word\">SHBG<\/td>\n        <td data-label=\"Nedir\" style=\"background:#f6f9fc;color:#22303e;font-weight:400;text-align:left;vertical-align:top;padding:13px 16px;font-size:15px;line-height:1.55;border:0;border-bottom:1px solid #e3e8ef;overflow-wrap:break-word\">Seks hormonlar\u0131n\u0131n ta\u015f\u0131y\u0131c\u0131 proteini<\/td>\n        <td data-label=\"Sa\u00e7la ilgisi nedir\" style=\"background:#f6f9fc;color:#22303e;font-weight:400;text-align:left;vertical-align:top;padding:13px 16px;font-size:15px;line-height:1.55;border:0;border-bottom:1px solid #e3e8ef;overflow-wrap:break-word\">Ne kadar serbest testosteronun etkin oldu\u011funu belirler<\/td>\n      <\/tr>\n      <tr>\n        <td data-label=\"Tahlilde nas\u0131l yazar\" style=\"background:#ffffff;color:#003366;font-weight:700;text-align:left;vertical-align:top;padding:13px 16px;font-size:15px;line-height:1.55;border:0;border-bottom:1px solid #e3e8ef;overflow-wrap:break-word\">DHEA-S<\/td>\n        <td data-label=\"Nedir\" style=\"background:#ffffff;color:#22303e;font-weight:400;text-align:left;vertical-align:top;padding:13px 16px;font-size:15px;line-height:1.55;border:0;border-bottom:1px solid #e3e8ef;overflow-wrap:break-word\">B\u00f6brek \u00fcst\u00fc bezi korteksinden salg\u0131lanan androjen<\/td>\n        <td data-label=\"Sa\u00e7la ilgisi nedir\" style=\"background:#ffffff;color:#22303e;font-weight:400;text-align:left;vertical-align:top;padding:13px 16px;font-size:15px;line-height:1.55;border:0;border-bottom:1px solid #e3e8ef;overflow-wrap:break-word\">Yumurtal\u0131klar d\u0131\u015f\u0131nda bir androjen kayna\u011f\u0131na i\u015faret edebilir<\/td>\n      <\/tr>\n      <tr>\n        <td data-label=\"Tahlilde nas\u0131l yazar\" style=\"background:#f6f9fc;color:#003366;font-weight:700;text-align:left;vertical-align:top;padding:13px 16px;font-size:15px;line-height:1.55;border:0;border-bottom:1px solid #e3e8ef;overflow-wrap:break-word\">Prolaktin<\/td>\n        <td data-label=\"Nedir\" style=\"background:#f6f9fc;color:#22303e;font-weight:400;text-align:left;vertical-align:top;padding:13px 16px;font-size:15px;line-height:1.55;border:0;border-bottom:1px solid #e3e8ef;overflow-wrap:break-word\">Hipofiz bezinin hormonu<\/td>\n        <td data-label=\"Sa\u00e7la ilgisi nedir\" style=\"background:#f6f9fc;color:#22303e;font-weight:400;text-align:left;vertical-align:top;padding:13px 16px;font-size:15px;line-height:1.55;border:0;border-bottom:1px solid #e3e8ef;overflow-wrap:break-word\">Anormal de\u011ferler hekimce de\u011ferlendirilmelidir<\/td>\n      <\/tr>\n      <tr>\n        <td data-label=\"Tahlilde nas\u0131l yazar\" style=\"background:#ffffff;color:#003366;font-weight:700;text-align:left;vertical-align:top;padding:13px 16px;font-size:15px;line-height:1.55;border:0;overflow-wrap:break-word\">HbA1c<\/td>\n        <td data-label=\"Nedir\" style=\"background:#ffffff;color:#22303e;font-weight:400;text-align:left;vertical-align:top;padding:13px 16px;font-size:15px;line-height:1.55;border:0;overflow-wrap:break-word\">Kan \u015fekerinin uzun d\u00f6nem de\u011feri<\/td>\n        <td data-label=\"Sa\u00e7la ilgisi nedir\" style=\"background:#ffffff;color:#22303e;font-weight:400;text-align:left;vertical-align:top;padding:13px 16px;font-size:15px;line-height:1.55;border:0;overflow-wrap:break-word\">Polikistik over sendromu ku\u015fkusunda de\u011ferlendirmenin par\u00e7as\u0131<\/td>\n      <\/tr>\n    <\/tbody>\n  <\/table>\n<\/div>\n\n\n\n<h2 class=\"wp-block-heading\">T\u00fcm kan de\u011ferleri normal ama sa\u00e7lar yine d\u00f6k\u00fcl\u00fcyor: sonraki ad\u0131mlar<\/h2>\n\n\n\n<p class=\"wp-block-paragraph\">Normal \u00e7\u0131kan kan de\u011ferleri bir sonu\u00e7tur, ba\u015far\u0131s\u0131zl\u0131k de\u011fil: en s\u0131k g\u00f6r\u00fclen giderilebilir nedenleri d\u0131\u015flar ve soruyu d\u00f6k\u00fclme desenine kayd\u0131r\u0131r. O zaman s\u0131radaki ad\u0131m yeni bir laboratuvar turu de\u011fil, sa\u00e7l\u0131 derinin dermatolojik muayenesidir. Bu durumlar\u0131n b\u00fcy\u00fck b\u00f6l\u00fcm\u00fcn\u00fc d\u00f6rt a\u00e7\u0131klama kaps\u0131yor.<\/p>\n\n\n\n<div style=\"margin:0 0 26px\">\n<div style=\"border:1px solid #e3e8ef;border-radius:10px;padding:16px;margin-bottom:12px\">\n<p style=\"margin:0 0 6px;color:#013366;font-weight:700\">Al\u0131n, \u015fakak ya da tepe b\u00f6lgesinde desen, laboratuvar normal<\/p>\n<p style=\"margin:0;color:#2e3033\">Olas\u0131 a\u00e7\u0131klama: kanda g\u00f6r\u00fcnmeyen genetik bir sa\u00e7 d\u00f6k\u00fclmesi. Sonraki ad\u0131m: yeni laboratuvar turlar\u0131 yerine trikoskopi ve foto\u011fraf belgelemesiyle dermatolojik muayene. Bi\u00e7imlerin genel bir d\u00f6k\u00fcm\u00fcn\u00fc \u015fu yaz\u0131da bulabilirsiniz: <a href=\"\/tr\/sac-dokulmesi-nedenleri\/\">sa\u00e7 d\u00f6k\u00fclmesinin nedenleri<\/a>.<\/p>\n<\/div>\n<div style=\"border:1px solid #e3e8ef;border-radius:10px;padding:16px;margin-bottom:12px\">\n<p style=\"margin:0 0 6px;color:#013366;font-weight:700\">Yayg\u0131n d\u00f6k\u00fclme var ama t\u00fcm de\u011ferler normal<\/p>\n<p style=\"margin:0;color:#2e3033\">Olas\u0131 a\u00e7\u0131klama: tetikleyici geride kalm\u0131\u015ft\u0131r. Telojen effluvium olaydan iki ila d\u00f6rt ay sonra ba\u015flar, de\u011fer \u00f6l\u00e7\u00fcm zaman\u0131na kadar \u00e7oktan normale d\u00f6nm\u00fc\u015f olabilir. Sonraki ad\u0131m: seyri izlemek, \u00e7\u00fcnk\u00fc bu tip \u00e7o\u011funlukla kendili\u011finden s\u0131n\u0131rlan\u0131r.<\/p>\n<\/div>\n<div style=\"border:1px solid #e3e8ef;border-radius:10px;padding:16px;margin-bottom:12px\">\n<p style=\"margin:0 0 6px;color:#013366;font-weight:700\">Bir de\u011fer alt s\u0131n\u0131rda ama \u00fczerinde konu\u015fulmam\u0131\u015f<\/p>\n<p style=\"margin:0;color:#2e3033\">Olas\u0131 a\u00e7\u0131klama: sonu\u00e7 bi\u00e7imsel olarak normaldi, ancak g\u00f6r\u00fc\u015fmenin konusu sa\u00e7 de\u011fildi. Bu en s\u0131k ferritinde olur. Sonraki ad\u0131m: de\u011feri izlemde kontrol ettirmek ve a\u00e7\u0131k\u00e7a sa\u00e7 d\u00f6k\u00fclmesiyle ba\u011flant\u0131l\u0131 olarak konu\u015fmak.<\/p>\n<\/div>\n<div style=\"border:1px solid #e3e8ef;border-radius:10px;padding:16px;margin-bottom:0\">\n<p style=\"margin:0 0 6px;color:#013366;font-weight:700\">Kel odaklar, ka\u015f\u0131nt\u0131, a\u011fr\u0131 ya da sa\u00e7l\u0131 deride k\u0131zar\u0131kl\u0131k<\/p>\n<p style=\"margin:0;color:#2e3033\">Olas\u0131 a\u00e7\u0131klama: \u00f6l\u00e7\u00fclen de\u011fil g\u00f6r\u00fclen bir tip; \u00f6rne\u011fin alopesi areata, skatrisyel bir alopesi ya da traksiyon alopesisi. Sonraki ad\u0131m: gecikmeden dermatoloji klini\u011fine, ku\u015fku h\u00e2linde sa\u00e7l\u0131 deri biyopsisiyle.<\/p>\n<\/div>\n<\/div>\n\n\n\n<p class=\"wp-block-paragraph\">Bunun yerine yap\u0131lanlar bir ka\u00e7amak de\u011fil, tan\u0131n\u0131n bir sonraki ad\u0131m\u0131d\u0131r. <strong>Trikoskopi<\/strong> , sa\u00e7l\u0131 derinin dijital \u0131\u015f\u0131k mikroskobuyla incelenmesidir; sa\u00e7 teli kal\u0131nl\u0131\u011f\u0131, k\u00f6k a\u011f\u0131zlar\u0131 ve iltihap belirtileri b\u00f6yle de\u011ferlendirilebilir. Buna \u00e7ekme testi (pull testi), seyir i\u00e7in standartla\u015ft\u0131r\u0131lm\u0131\u015f foto\u011fraf belgelemesi ve ku\u015fku h\u00e2linde sa\u00e7l\u0131 deri biyopsisi eklenir.<\/p>\n\n\n\n<p class=\"wp-block-paragraph\">Bu arada neredeyse her zaman gelen bir soru: stres kanda g\u00f6sterilebilir mi? Sa\u00e7 d\u00f6k\u00fclmesini kan\u0131tlayan bir \u201cstres de\u011feri\u201d yok. Kortizol, sa\u00e7 tan\u0131s\u0131n\u0131n rutin bir parametresi de\u011fildir ve yaln\u0131zca somut bir endokrinolojik ku\u015fku varsa \u00f6l\u00e7\u00fcl\u00fcr. Sa\u00e7 d\u00f6k\u00fclmesine y\u00f6nelik yayg\u0131n laboratuvar panellerinde kortizol yer almaz. Sa\u00e7 kayb\u0131n\u0131z\u0131n miktar\u0131n\u0131n ger\u00e7ekten ola\u011fan d\u0131\u015f\u0131 olup olmad\u0131\u011f\u0131n\u0131 <a href=\"\/tr\/gunde-kac-tel-sac-dokulur\/\">a\u015f\u0131r\u0131 sa\u00e7 d\u00f6k\u00fclmesi<\/a> yaz\u0131s\u0131 de\u011ferlendiriyor.<\/p>\n\n\n<div class=\"wp-block-image\">\n<figure class=\"aligncenter size-large is-resized\" style=\"max-width:720px;margin-left:auto;margin-right:auto\"><img decoding=\"async\" src=\"https:\/\/elithair.com\/tr\/wp-content\/uploads\/sites\/10\/2026\/08\/foto_trichoskopie.png\" alt=\"Trikoskopi: dermatolog sa\u00e7l\u0131 deriyi dijital \u0131\u015f\u0131k mikroskobuyla inceliyor\" class=\"wp-image-83799\" style=\"width:720px;max-width:100%;height:auto\"\/><\/figure>\n<\/div>\n\n\n<h2 class=\"wp-block-heading\">Eksiklik giderildikten sonra sa\u00e7\u0131n yeniden uzamas\u0131 ne kadar s\u00fcrer?<\/h2>\n\n\n\n<p class=\"wp-block-paragraph\"><strong>Kan\u0131tlanm\u0131\u015f bir eksiklik giderildikten sonra sa\u00e7 d\u00f6k\u00fclmesi tipik olarak \u00fc\u00e7 ila alt\u0131 ay i\u00e7inde azal\u0131r; kozmetik olarak tam toparlanma ise 12 ila 18 ay alabilir.<\/strong> Nedeni sa\u00e7 d\u00f6ng\u00fcs\u00fcd\u00fcr: h\u00e2lihaz\u0131rda dinlenme faz\u0131nda olan k\u00f6kler, yeni sa\u00e7lar \u00e7\u0131kmadan \u00f6nce d\u00f6k\u00fclmeye devam eder. Bu gecikme biyolojinin kendisidir, tedavi ba\u015far\u0131s\u0131zl\u0131\u011f\u0131n\u0131n i\u015fareti de\u011fil.<\/p>\n\n\n\n<style>\n@media (max-width:640px){\n.rt-table-wrap{overflow-x:visible!important;border:0!important;border-radius:0!important}\n.rt-table{min-width:0!important}\n.rt-table thead{display:none}\n.rt-table,.rt-table tbody,.rt-table tr,.rt-table td{display:block;width:100%}\n.rt-table caption{display:block;padding:0 0 12px!important}\n.rt-table tr{margin:0 0 12px;border:1px solid #dbe4f0;border-radius:10px;overflow:hidden}\n.rt-table tr:last-child{margin-bottom:0}\n.rt-table td{display:flex!important;flex-direction:column;gap:3px;padding:12px 14px!important;\nborder:0!important;border-bottom:1px solid #e3e8ef!important;background:#ffffff!important}\n.rt-table tr td:last-child{border-bottom:0!important}\n.rt-table td::before{content:attr(data-label);font-size:12px;font-weight:700;letter-spacing:.04em;\ntext-transform:uppercase;color:#5799F1}\n.rt-table td:not([data-label])::before,.rt-table td[data-label=\"\"]::before{display:none}\n}\n<\/style>\n<div class=\"rt-table-wrap\" style=\"overflow-x:auto;-webkit-overflow-scrolling:touch;margin:28px 0;border:1px solid #dbe4f0;border-radius:12px\">\n  <table class=\"rt-table\" style=\"width:100%;min-width:480px;table-layout:fixed;border-collapse:separate;border-spacing:0;font-size:15px;margin:0\">\n    <caption style=\"caption-side:top;text-align:left;color:#003366;font-weight:700;font-size:16px;line-height:1.35;padding:14px 16px 10px;background:#ffffff\">Tedavi edilebilir bir neden giderildikten sonra yeniden uzama takvimi<\/caption>\n    <thead>\n      <tr>\n        <th style=\"width:30%;background:#003366;color:#ffffff;font-weight:700;text-align:left;vertical-align:middle;padding:13px 16px;font-size:15px;line-height:1.4;border:0;overflow-wrap:break-word\">Zaman aral\u0131\u011f\u0131<\/th>\n        <th style=\"background:#003366;color:#ffffff;font-weight:700;text-align:left;vertical-align:middle;padding:13px 16px;font-size:15px;line-height:1.4;border:0;overflow-wrap:break-word\">Bu s\u00fcrede ne olur<\/th>\n      <\/tr>\n    <\/thead>\n    <tbody>\n      <tr>\n        <td data-label=\"Zaman aral\u0131\u011f\u0131\" style=\"background:#ffffff;color:#003366;font-weight:700;text-align:left;vertical-align:top;padding:13px 16px;font-size:15px;line-height:1.55;border:0;border-bottom:1px solid #e3e8ef;overflow-wrap:break-word\">1-2. ay<\/td>\n        <td data-label=\"Bu s\u00fcrede ne olur\" style=\"background:#ffffff;color:#22303e;font-weight:400;text-align:left;vertical-align:top;padding:13px 16px;font-size:15px;line-height:1.55;border:0;border-bottom:1px solid #e3e8ef;overflow-wrap:break-word\">Hekim e\u015fli\u011finde y\u00fcr\u00fct\u00fclen tedavi, anormal de\u011feri hedef aral\u0131\u011fa geri getirir. Etkilenen sa\u00e7lar zaten dinlenme faz\u0131nda oldu\u011fu i\u00e7in d\u00f6k\u00fclme \u00e7o\u011funlukla bir s\u00fcre daha s\u00fcrer.<\/td>\n      <\/tr>\n      <tr>\n        <td data-label=\"Zaman aral\u0131\u011f\u0131\" style=\"background:#f6f9fc;color:#003366;font-weight:700;text-align:left;vertical-align:top;padding:13px 16px;font-size:15px;line-height:1.55;border:0;border-bottom:1px solid #e3e8ef;overflow-wrap:break-word\">3-4. ay<\/td>\n        <td data-label=\"Bu s\u00fcrede ne olur\" style=\"background:#f6f9fc;color:#22303e;font-weight:400;text-align:left;vertical-align:top;padding:13px 16px;font-size:15px;line-height:1.55;border:0;border-bottom:1px solid #e3e8ef;overflow-wrap:break-word\">Telojen d\u00f6k\u00fclme azal\u0131r, k\u00f6kler yeniden b\u00fcy\u00fcme faz\u0131na (anajen) girer.<\/td>\n      <\/tr>\n      <tr>\n        <td data-label=\"Zaman aral\u0131\u011f\u0131\" style=\"background:#ffffff;color:#003366;font-weight:700;text-align:left;vertical-align:top;padding:13px 16px;font-size:15px;line-height:1.55;border:0;border-bottom:1px solid #e3e8ef;overflow-wrap:break-word\">5-6. ay<\/td>\n        <td data-label=\"Bu s\u00fcrede ne olur\" style=\"background:#ffffff;color:#22303e;font-weight:400;text-align:left;vertical-align:top;padding:13px 16px;font-size:15px;line-height:1.55;border:0;border-bottom:1px solid #e3e8ef;overflow-wrap:break-word\">D\u00f6k\u00fclme belirgin bi\u00e7imde geriler, sa\u00e7 diplerinde ilk k\u0131sa yeni sa\u00e7lar g\u00f6r\u00fcn\u00fcr.<\/td>\n      <\/tr>\n      <tr>\n        <td data-label=\"Zaman aral\u0131\u011f\u0131\" style=\"background:#f6f9fc;color:#003366;font-weight:700;text-align:left;vertical-align:top;padding:13px 16px;font-size:15px;line-height:1.55;border:0;border-bottom:1px solid #e3e8ef;overflow-wrap:break-word\">6-12. ay<\/td>\n        <td data-label=\"Bu s\u00fcrede ne olur\" style=\"background:#f6f9fc;color:#22303e;font-weight:400;text-align:left;vertical-align:top;padding:13px 16px;font-size:15px;line-height:1.55;border:0;border-bottom:1px solid #e3e8ef;overflow-wrap:break-word\">Yeni sa\u00e7lar uzamay\u0131 s\u00fcrd\u00fcr\u00fcr, yo\u011funluk yava\u015f yava\u015f de\u011ferlendirilebilir h\u00e2le gelir.<\/td>\n      <\/tr>\n      <tr>\n        <td data-label=\"Zaman aral\u0131\u011f\u0131\" style=\"background:#ffffff;color:#003366;font-weight:700;text-align:left;vertical-align:top;padding:13px 16px;font-size:15px;line-height:1.55;border:0;overflow-wrap:break-word\">12-18. ay<\/td>\n        <td data-label=\"Bu s\u00fcrede ne olur\" style=\"background:#ffffff;color:#22303e;font-weight:400;text-align:left;vertical-align:top;padding:13px 16px;font-size:15px;line-height:1.55;border:0;overflow-wrap:break-word\">Ba\u015fka bir neden yoksa kozmetik olarak tam toparlanmaya ula\u015f\u0131l\u0131r.<\/td>\n      <\/tr>\n    <\/tbody>\n  <\/table>\n<\/div>\n\n\n\n<p class=\"wp-block-paragraph\">Bu zaman \u00e7izelgesi bir yol g\u00f6stericidir, bir takvim de\u011fil. Sa\u00e7 d\u00f6ng\u00fcs\u00fc fazlar\u0131n\u0131n s\u00fcresinden ve telojen effluviumun bilinen seyrinden t\u00fcretilmi\u015ftir. Tek tek durumlarda ne kadar h\u0131zl\u0131 ilerleyece\u011fi, ba\u015flang\u0131\u00e7 de\u011ferine, eksikli\u011fin \u015fiddetine ve ayr\u0131ca besin \u00f6gesi dengelenmesine yan\u0131t vermeyen genetik bir sa\u00e7 d\u00f6k\u00fclmesinin bulunup bulunmad\u0131\u011f\u0131na ba\u011fl\u0131d\u0131r.<\/p>\n\n\n<div class=\"wp-block-image\">\n<figure class=\"aligncenter size-large is-resized\" style=\"max-width:560px;margin-left:auto;margin-right:auto\"><img decoding=\"async\" src=\"https:\/\/elithair.com\/tr\/wp-content\/uploads\/sites\/10\/2026\/08\/illu_haarzyklus.png\" alt=\"Deri kesitinde sa\u00e7 d\u00f6ng\u00fcs\u00fc fazlar\u0131n\u0131n ill\u00fcstrasyonu: etkin k\u00f6k, ge\u00e7i\u015f faz\u0131 ve dinlenme faz\u0131\" class=\"wp-image-83800\" style=\"width:560px;max-width:100%;height:auto\"\/><\/figure>\n<\/div>\n\n\n<h2 class=\"wp-block-heading\">Yayg\u0131n m\u0131 genetik mi: bu ayr\u0131m\u0131n pratikte anlam\u0131 ne<\/h2>\n\n\n\n<p class=\"wp-block-paragraph\">Ayr\u0131m, tedaviyi belirler. Sa\u00e7l\u0131 derinin tamam\u0131ndaki yayg\u0131n d\u00f6k\u00fclme sonradan kazan\u0131lm\u0131\u015f bir nedeni d\u00fc\u015f\u00fcnd\u00fcr\u00fcr ve nedene y\u00f6nelik tedavi edilir; \u00f6rne\u011fin kan\u0131tlanm\u0131\u015f bir eksikli\u011fin replasman\u0131yla ya da tiroidin d\u00fczenlenmesiyle. Al\u0131n, \u015fakak ve tepe b\u00f6lgesindeki desen ise genetik tipi d\u00fc\u015f\u00fcnd\u00fcr\u00fcr ve uzun vadede sa\u00e7 \u00e7\u0131kar\u0131c\u0131 \u00fcr\u00fcnlere veya kendi sa\u00e7\u0131n\u0131zla yap\u0131lan bir nakle yan\u0131t verebilecek olan yaln\u0131zca budur. S\u0131k s\u0131k ikisi bir aradad\u0131r.<\/p>\n\n\n\n<p class=\"wp-block-paragraph\">Sizde hangi tablonun oldu\u011fundan emin de\u011filseniz, Elithair\u2019in \u00fccretsiz sa\u00e7 analizi hangi desenin g\u00f6r\u00fclebildi\u011fine ve prensipte nelerin s\u00f6z konusu olabilece\u011fine dair ilk bir de\u011ferlendirme sunar. Bu bir yol g\u00f6stericidir, t\u0131bbi tan\u0131 de\u011fildir ve dermatolojik de\u011ferlendirmenin yerini tutmaz. Elithair\u2019de bir tedaviden \u00f6nce ayr\u0131ca nedene y\u00f6nelik bir kan tahlili yap\u0131l\u0131r: tahlil, sa\u00e7 kayb\u0131n\u0131 bir eksikli\u011fin ya da hormonal bir nedenin s\u00fcr\u00fckledi\u011fini g\u00f6steriyorsa \u00f6nce bu neden tedavi edilir, nakil yap\u0131lmaz. Ba\u015fvurular\u0131n \u00f6nemli bir b\u00f6l\u00fcm\u00fcn\u00fc geri \u00e7evirmemizin nedeni de budur.<\/p>\n\n\n\n<div class=\"wp-block-buttons is-content-justification-center is-layout-flex wp-container-core-buttons-is-layout-fe48e5de wp-block-buttons-is-layout-flex\" style=\"justify-content:center;margin-bottom:48px\"><div class=\"wp-block-button\"><a class=\"wp-block-button__link wp-element-button\" style=\"background-color:#0079F1;color:#ffffff;border-radius:8px;padding:15px 36px;font-weight:700;font-size:17px\" href=\"\/tr\/sac-analizi\/\">\u00dccretsiz sa\u00e7 analizini ba\u015flat<\/a><\/div><\/div>\n\n\n\n<h2 class=\"wp-block-heading\">Sa\u00e7 d\u00f6k\u00fclmesinde kan de\u011ferleri hakk\u0131nda s\u0131k sorulan sorular<\/h2>\n\n\n\n<div style=\"margin:0 0 26px\">\n<div style=\"border:1px solid #e3e8ef;border-radius:10px;padding:16px;margin-bottom:12px\">\n<p style=\"margin:0 0 8px;color:#013366;font-weight:600\">Sa\u00e7 d\u00f6k\u00fclmesinde hangi kan de\u011ferlerine bakt\u0131rmak gerekir?<\/p>\n<p style=\"margin:0;color:#2e3033\">Alt\u0131 de\u011ferden olu\u015fan bir temel panel anlaml\u0131d\u0131r: l\u00f6kosit form\u00fcll\u00fc tam kan say\u0131m\u0131, ferritin, CRP, TSH, 25-OH-D vitamini ve \u00e7inko. Bu birle\u015fim demir eksikli\u011fini, anemiyi, iltihab\u0131, tiroit i\u015flevini ve en s\u0131k g\u00f6r\u00fclen besin \u00f6gesi a\u00e7\u0131klar\u0131n\u0131 kapsar. De\u011ferler normal oldu\u011fu h\u00e2lde yayg\u0131n sa\u00e7 d\u00f6k\u00fclmesi s\u00fcr\u00fcyorsa sT3, sT4, anti-TPO antikorlar\u0131, B12 veya transferrin sat\u00fcrasyonu gibi geni\u015fletilmi\u015f parametreler eklenir.<\/p>\n<\/div>\n<div style=\"border:1px solid #e3e8ef;border-radius:10px;padding:16px;margin-bottom:12px\">\n<p style=\"margin:0 0 8px;color:#013366;font-weight:600\">Ferritin geni\u015f hemogram\u0131n i\u00e7inde var m\u0131?<\/p>\n<p style=\"margin:0;color:#2e3033\">Hay\u0131r. Geni\u015f hemogram, temel tam kan say\u0131m\u0131 ile beyaz kan h\u00fccrelerinin l\u00f6kosit form\u00fcl\u00fcnden olu\u015fur. Ferritin, TSH, 25-OH-D vitamini ve \u00e7inko bunun i\u00e7inde yer almaz, ayr\u0131 ayr\u0131 istenmelidir. Tam kan say\u0131m\u0131 MCV \u00fczerinden olsa olsa dolayl\u0131 bir ipucu verir: k\u00fc\u00e7\u00fck k\u0131rm\u0131z\u0131 kan h\u00fccreleri demir eksikli\u011fini d\u00fc\u015f\u00fcnd\u00fcrebilir.<\/p>\n<\/div>\n<div style=\"border:1px solid #e3e8ef;border-radius:10px;padding:16px;margin-bottom:12px\">\n<p style=\"margin:0 0 8px;color:#013366;font-weight:600\">Sa\u00e7lar i\u00e7in hangi ferritin de\u011feri \u00f6nemli?<\/p>\n<p style=\"margin:0;color:#2e3033\">Sa\u00e7 i\u00e7in kan\u0131tlanm\u0131\u015f bir hedef de\u011fer yok. Laboratuvar referanslar\u0131 demir eksikli\u011fini \u00e7o\u011funlukla 15-30 \u00b5g\/L\u2019nin alt\u0131nda tan\u0131mlar. Uzman tart\u0131\u015fmas\u0131nda sa\u00e7 i\u00e7in 40-70 \u00b5g\/L dile getirilir (Rushton 2002, Trost ve ark. 2006); Olsen ve ark. 2010 gibi kontroll\u00fc incelemeler ise buna kar\u015f\u0131 \u00e7\u0131kar. Demir takviyesini hekim yaln\u0131zca kan\u0131tlanm\u0131\u015f bir eksiklik varsa ba\u015flat\u0131r.<\/p>\n<\/div>\n<div style=\"border:1px solid #e3e8ef;border-radius:10px;padding:16px;margin-bottom:12px\">\n<p style=\"margin:0 0 8px;color:#013366;font-weight:600\">Genetik sa\u00e7 d\u00f6k\u00fclmesi kanda g\u00f6sterilebilir mi, DHT veya testosteron \u00f6l\u00e7t\u00fcrmenin faydas\u0131 var m\u0131?<\/p>\n<p style=\"margin:0;color:#2e3033\">Hay\u0131r. Androgenetik alopesi, y\u00fcksek hormon d\u00fczeylerine de\u011fil, sa\u00e7 k\u00f6klerinin DHT\u2019ye duyarl\u0131l\u0131\u011f\u0131na dayan\u0131r; etkilenen erkeklerde testosteron ve DHT de\u011ferleri kural olarak normaldir. Tan\u0131y\u0131 desenin ve sa\u00e7l\u0131 derinin muayenesi koyar. Kad\u0131nlarda androjenlere ba\u015fka bir ama\u00e7la bak\u0131l\u0131r: altta yatan hormonal bir hastal\u0131\u011f\u0131 aramak i\u00e7in.<\/p>\n<\/div>\n<div style=\"border:1px solid #e3e8ef;border-radius:10px;padding:16px;margin-bottom:12px\">\n<p style=\"margin:0 0 8px;color:#013366;font-weight:600\">Kan tahlili i\u00e7in a\u00e7 olmam gerekir mi, sa\u00e7 vitaminlerini \u00f6nceden b\u0131rakmal\u0131 m\u0131y\u0131m?<\/p>\n<p style=\"margin:0;color:#2e3033\">Ferritin, TSH, D vitamini, \u00e7inko ve B12 i\u00e7in a\u00e7l\u0131k kural olarak gerekmez, kan \u015fekeri ve kan ya\u011flar\u0131 i\u00e7in ise gerekir. Buna kar\u015f\u0131l\u0131k laboratuvar kaynaklar\u0131 y\u00fcksek doz biotin i\u00e7eren sa\u00e7 vitaminlerine ara verilmesini a\u00e7\u0131k\u00e7a \u00f6neriyor: g\u00fcnde 5-10 mg i\u00e7in en az sekiz saat, 10 mg \u00fczerinde en az \u00fc\u00e7 g\u00fcn. FDA 2017\u2019de tiroit ve troponin de\u011ferlerinin bozulabilece\u011fi konusunda uyarm\u0131\u015ft\u0131.<\/p>\n<\/div>\n<div style=\"border:1px solid #e3e8ef;border-radius:10px;padding:16px;margin-bottom:12px\">\n<p style=\"margin:0 0 8px;color:#013366;font-weight:600\">Kad\u0131nlarda yayg\u0131n sa\u00e7 d\u00f6k\u00fclmesinde hangi kan de\u011ferleri ve ne zaman al\u0131n\u0131r?<\/p>\n<p style=\"margin:0;color:#2e3033\">Temel panel kad\u0131nlarda erkeklerdekiyle ayn\u0131d\u0131r: tam kan say\u0131m\u0131, ferritin, CRP, TSH, 25-OH-D vitamini ve \u00e7inko. Hormon de\u011ferleri yaln\u0131zca uygun belirtiler varsa eklenir ve hekimce zamanlan\u0131r; \u00e7o\u011funlukla erken folik\u00fcler fazda, d\u00f6ng\u00fcn\u00fcn 2-5. g\u00fcnlerinde ve sabah saatlerinde, \u00e7\u00fcnk\u00fc testosteron sabah 8 civar\u0131nda zirve yapar. Do\u011fum kontrol hap\u0131 kullan\u0131l\u0131rken androjen de\u011ferleri ancak s\u0131n\u0131rl\u0131 bi\u00e7imde yorumlanabilir.<\/p>\n<\/div>\n<div style=\"border:1px solid #e3e8ef;border-radius:10px;padding:16px;margin-bottom:0\">\n<p style=\"margin:0 0 8px;color:#013366;font-weight:600\">Sa\u00e7 d\u00f6k\u00fclmesinde kan tahlilinin \u00fccretini sigorta kar\u015f\u0131lar m\u0131?<\/p>\n<p style=\"margin:0;color:#2e3033\">T\u0131bbi bir gerek\u00e7e varsa temel tetkikler genellikle sa\u011fl\u0131k hizmeti kapsam\u0131nda yap\u0131l\u0131r; belirleyici olan endikasyondur. Gerek\u00e7elendirilmi\u015f bir yayg\u0131n sa\u00e7 d\u00f6k\u00fclmesinde tam kan say\u0131m\u0131, ferritin ve TSH \u00e7o\u011funlukla hekim istemiyle yap\u0131l\u0131r; ku\u015fku olmadan istenen kapsaml\u0131 vitamin ve hormon paketleri ise s\u0131kl\u0131kla cepten \u00f6denir. Genetik sa\u00e7 d\u00f6k\u00fclmesinin tedavisi pek \u00e7ok sistemde kozmetik say\u0131l\u0131p geri \u00f6deme d\u0131\u015f\u0131nda tutulur.<\/p>\n<\/div>\n<\/div>\n\n\n<div class=\"wp-block-image\">\n<figure class=\"aligncenter size-large is-resized\" style=\"max-width:720px;margin-left:auto;margin-right:auto\"><img decoding=\"async\" src=\"https:\/\/elithair.com\/tr\/wp-content\/uploads\/sites\/10\/2026\/08\/foto_laborzettel.png\" alt=\"Kad\u0131n masada laboratuvar sonucunu okuyor ve kan de\u011ferlerini de\u011ferlendiriyor\" class=\"wp-image-83801\" style=\"width:720px;max-width:100%;height:auto\"\/><\/figure>\n<\/div>\n\n\n<div style=\"margin:0 0 26px\">\n<div style=\"border:1px solid #e3e8ef;border-radius:10px;padding:16px;margin-bottom:12px\">\n<p style=\"margin:0 0 8px;color:#013366;font-weight:600\">T\u00fcm kan de\u011ferlerim normal, sa\u00e7lar\u0131m neden yine de d\u00f6k\u00fcl\u00fcyor?<\/p>\n<p style=\"margin:0;color:#2e3033\">\u00c7o\u011funlukla arkas\u0131nda kanda hi\u00e7 g\u00f6r\u00fcnmeyen bir neden vard\u0131r. Bu durumlar\u0131n b\u00fcy\u00fck b\u00f6l\u00fcm\u00fcn\u00fc d\u00f6rt a\u00e7\u0131klama kapsar: kanda g\u00f6r\u00fcnmeyen genetik bir sa\u00e7 d\u00f6k\u00fclmesi; d\u00f6k\u00fclme ancak iki ila d\u00f6rt ay sonra ba\u015flad\u0131\u011f\u0131 i\u00e7in de\u011feri \u00e7oktan normale d\u00f6nm\u00fc\u015f, geride kalan bir tetikleyici; normal diye kapat\u0131lm\u0131\u015f, alt s\u0131n\u0131rdaki bir de\u011fer; ya da \u00f6l\u00e7\u00fclen de\u011fil g\u00f6r\u00fclen bir tip. Sonraki ad\u0131m trikoskopidir.<\/p>\n<\/div>\n<div style=\"border:1px solid #e3e8ef;border-radius:10px;padding:16px;margin-bottom:12px\">\n<p style=\"margin:0 0 8px;color:#013366;font-weight:600\">Bir eksiklik giderildikten sonra sa\u00e7\u0131n yeniden uzamas\u0131 ne kadar s\u00fcrer?<\/p>\n<p style=\"margin:0;color:#2e3033\">Eksiklik giderildikten sonra d\u00f6k\u00fclme tipik olarak \u00fc\u00e7 ila alt\u0131 ay i\u00e7inde azal\u0131r, kozmetik olarak tam toparlanma 12 ila 18 ay s\u00fcrebilir. Nedeni sa\u00e7 d\u00f6ng\u00fcs\u00fcd\u00fcr: dinlenme faz\u0131ndaki sa\u00e7lar, yenileri \u00e7\u0131kmadan \u00f6nce d\u00f6k\u00fcl\u00fcr. \u0130lk k\u0131sa yeni sa\u00e7lar \u00e7o\u011funlukla be\u015finci ila alt\u0131nc\u0131 aydan itibaren g\u00f6r\u00fcl\u00fcr.<\/p>\n<\/div>\n<div style=\"border:1px solid #e3e8ef;border-radius:10px;padding:16px;margin-bottom:0\">\n<p style=\"margin:0 0 8px;color:#013366;font-weight:600\">Sonu\u00e7lar\u0131 benimle kim de\u011ferlendirir, aile hekimi mi dermatolog mu?<\/p>\n<p style=\"margin:0;color:#2e3033\">Sonucu, tetkiki isteyen hekim a\u00e7\u0131klar. Laboratuvar de\u011feri ile sa\u00e7 tablosunu birle\u015ftiren taraf ise \u00e7o\u011funlukla dermatoloji klini\u011fidir, \u00e7\u00fcnk\u00fc orada ayr\u0131ca sa\u00e7l\u0131 deri ve desen incelenir. Sonucun bir kopyas\u0131n\u0131 yan\u0131n\u0131zda g\u00f6t\u00fcr\u00fcn; b\u00f6ylece ayn\u0131 de\u011ferler iki kez \u00f6l\u00e7\u00fclmez ve bir seyir g\u00f6r\u00fcn\u00fcr h\u00e2le gelir.<\/p>\n<\/div>\n<\/div>\n\n\n\n<h2 class=\"wp-block-heading\">Bilimsel kaynaklar<\/h2>\n\n\n\n<div style=\"border:1px solid #e3e8ef;border-radius:10px;padding:20px;margin-bottom:24px;background:#fafbfc\">\n<ul style=\"list-style:none;padding:0;margin:0;color:#2e3033;font-size:14px;line-height:1.6\">\n<li style=\"padding:7px 0;border-bottom:1px solid #eef1f6\">Trost LB, Bergfeld WF, Calogeras E (2006): The diagnosis and treatment of iron deficiency and its potential relationship to hair loss. <em>J Am Acad Dermatol<\/em>. <a href=\"https:\/\/www.sciencedirect.com\/science\/article\/abs\/pii\/S0190962205047456\" target=\"_blank\" rel=\"noopener\">ScienceDirect<\/a><\/li>\n<li style=\"padding:7px 0;border-bottom:1px solid #eef1f6\">Rushton DH (2002): Nutritional factors and hair loss. <em>Clin Exp Dermatol<\/em>. <a href=\"https:\/\/onlinelibrary.wiley.com\/doi\/abs\/10.1046\/j.1365-2230.2002.01076.x\" target=\"_blank\" rel=\"noopener\">Wiley Online Library<\/a><\/li>\n<li style=\"padding:7px 0;border-bottom:1px solid #eef1f6\">Olsen EA, Reed KB, Cacchio PB, Caudill L (2010): Iron deficiency in female pattern hair loss, chronic telogen effluvium, and control groups. <em>J Am Acad Dermatol<\/em>. <a href=\"https:\/\/www.jaad.org\/article\/S0190-9622(09)02247-6\/abstract\" target=\"_blank\" rel=\"noopener\">JAAD<\/a><\/li>\n<li style=\"padding:7px 0;border-bottom:1px solid #eef1f6\">Almohanna HM, Ahmed AA, Tsatalis JP, Tosti A (2019): The Role of Vitamins and Minerals in Hair Loss: A Review. <em>Dermatol Ther (Heidelb)<\/em> 9(1):51-70. <a href=\"https:\/\/link.springer.com\/article\/10.1007\/s13555-018-0278-6\" target=\"_blank\" rel=\"noopener\">Springer<\/a><\/li>\n<li style=\"padding:7px 0;border-bottom:1px solid #eef1f6\">T\u00fcrkiye Endokrinoloji ve Metabolizma Derne\u011fi (TEMD): Tiroid Hastal\u0131klar\u0131 Tan\u0131 ve Tedavi K\u0131lavuzu, 2025. <a href=\"https:\/\/file.temd.org.tr\/Uploads\/publications\/guides\/documents\/tiroid2025_11042025.pdf\" target=\"_blank\" rel=\"noopener\">TEMD<\/a><\/li>\n<li style=\"padding:7px 0;border-bottom:1px solid #eef1f6\">T\u00fcrk Dermatoloji Derne\u011fi: Erkek tipi sa\u00e7 d\u00f6k\u00fclmesi (androgenetik alopesi) tan\u0131 ve tedavi rehberi. <a href=\"https:\/\/turkdermatoloji.org.tr\/media\/pdf\/erkek%20Tipi%20Sa%C3%A7%20D%C3%B6k%C3%BClmesi%20%28Androgenetik%20alopesi%29%20Kopyas%C4%B1%20%283%29.pdf\" target=\"_blank\" rel=\"noopener\">T\u00fcrk Dermatoloji Derne\u011fi<\/a><\/li>\n<li style=\"padding:7px 0;border-bottom:1px solid #eef1f6\">Institute of Medicine (IOM\/NAM): D vitamini i\u00e7in referans al\u0131m de\u011ferleri ve 25-OH-D e\u015fiklerinin s\u0131n\u0131fland\u0131rmas\u0131. <em>Dietary Reference Intakes for Calcium and Vitamin D<\/em> , 2011. IOM\/NAM<\/li>\n<li style=\"padding:7px 0;border-bottom:1px solid #eef1f6\">FDA Safety Communication (28.11.2017, 2019\u2019da g\u00fcncellendi): The FDA warns that biotin may interfere with lab tests. <a href=\"https:\/\/www.asahq.org\/advocacy-and-asapac\/fda-and-washington-alerts\/fda-alerts\/2017\/12\/biotin-vitamin-b7-safety-communication-may-interfere-with-lab-tests\" target=\"_blank\" rel=\"noopener\">American Society of Anesthesiologists \u00f6zeti<\/a><\/li>\n<li style=\"padding:7px 0;border-bottom:1px solid #eef1f6\">Belirti vermeyen eri\u015fkinlerde hedefsiz D vitamini veya B12 taramas\u0131n\u0131n yarar\u0131 g\u00f6sterilmi\u015f de\u011fildir; yanl\u0131\u015f bulgu ve a\u015f\u0131r\u0131 tan\u0131 riski nedeniyle rutin tarama \u00f6nerilmez. uzman de\u011ferlendirmeleri<\/li>\n<li style=\"padding:7px 0;border-bottom:1px solid #eef1f6\">Geri \u00f6deme kurallar\u0131 \u00fclkeye ve sigorta t\u00fcr\u00fcne g\u00f6re de\u011fi\u015fir: genetik sa\u00e7 d\u00f6k\u00fclmesinin ila\u00e7 tedavisi pek \u00e7ok sistemde kozmetik kabul edilip kapsam d\u0131\u015f\u0131 b\u0131rak\u0131l\u0131r. genel kural<\/li>\n<li style=\"padding:7px 0;border-bottom:0\">Hormonanalytik: was der Frauenarzt wissen muss (2018). <em>Der Gyn\u00e4kologe<\/em>, Springer. <a href=\"https:\/\/link.springer.com\/article\/10.1007\/s00129-018-4319-0\" target=\"_blank\" rel=\"noopener\">Springer<\/a><\/li>\n<\/ul>\n<p style=\"margin:14px 0 0;color:#6b7280;font-size:13px;font-style:italic\">Ara\u015ft\u0131rma tarihi: A\u011fustos 2026. Bu yaz\u0131 laboratuvar tan\u0131s\u0131n\u0131 herkesin anlayabilece\u011fi bi\u00e7imde a\u00e7\u0131klar ve t\u0131bbi muayenenin, dan\u0131\u015fmanl\u0131\u011f\u0131n veya sonu\u00e7 yorumunun yerini tutmaz.<\/p>\n<\/div>\n\n\n\n<script type=\"application\/ld+json\">\n{\"@context\":\"https:\/\/schema.org\",\"@type\":\"FAQPage\",\"mainEntity\":[{\"@type\":\"Question\",\"name\":\"Sa\u00e7 d\u00f6k\u00fclmesinde hangi kan de\u011ferlerine bakt\u0131rmak gerekir?\",\"acceptedAnswer\":{\"@type\":\"Answer\",\"text\":\"Alt\u0131 de\u011ferden olu\u015fan bir temel panel anlaml\u0131d\u0131r: l\u00f6kosit form\u00fcll\u00fc tam kan say\u0131m\u0131, ferritin, CRP, TSH, 25-OH-D vitamini ve \u00e7inko. Bu birle\u015fim demir eksikli\u011fini, anemiyi, iltihab\u0131, tiroit i\u015flevini ve en s\u0131k g\u00f6r\u00fclen besin \u00f6gesi a\u00e7\u0131klar\u0131n\u0131 kapsar. De\u011ferler normal oldu\u011fu h\u00e2lde yayg\u0131n sa\u00e7 d\u00f6k\u00fclmesi s\u00fcr\u00fcyorsa sT3, sT4, anti-TPO antikorlar\u0131, B12 veya transferrin sat\u00fcrasyonu gibi geni\u015fletilmi\u015f parametreler eklenir.\"}},{\"@type\":\"Question\",\"name\":\"Ferritin geni\u015f hemogram\u0131n i\u00e7inde var m\u0131?\",\"acceptedAnswer\":{\"@type\":\"Answer\",\"text\":\"Hay\u0131r. Geni\u015f hemogram, temel tam kan say\u0131m\u0131 ile beyaz kan h\u00fccrelerinin l\u00f6kosit form\u00fcl\u00fcnden olu\u015fur. Ferritin, TSH, 25-OH-D vitamini ve \u00e7inko bunun i\u00e7inde yer almaz, ayr\u0131 ayr\u0131 istenmelidir. Tam kan say\u0131m\u0131 MCV \u00fczerinden olsa olsa dolayl\u0131 bir ipucu verir: k\u00fc\u00e7\u00fck k\u0131rm\u0131z\u0131 kan h\u00fccreleri demir eksikli\u011fini d\u00fc\u015f\u00fcnd\u00fcrebilir.\"}},{\"@type\":\"Question\",\"name\":\"Sa\u00e7lar i\u00e7in hangi ferritin de\u011feri \u00f6nemli?\",\"acceptedAnswer\":{\"@type\":\"Answer\",\"text\":\"Sa\u00e7 i\u00e7in kan\u0131tlanm\u0131\u015f bir hedef de\u011fer yok. Laboratuvar referanslar\u0131 demir eksikli\u011fini \u00e7o\u011funlukla 15-30 \u00b5g\/L\u2019nin alt\u0131nda tan\u0131mlar. Uzman tart\u0131\u015fmas\u0131nda sa\u00e7 i\u00e7in 40-70 \u00b5g\/L dile getirilir (Rushton 2002, Trost ve ark. 2006); Olsen ve ark. 2010 gibi kontroll\u00fc incelemeler ise buna kar\u015f\u0131 \u00e7\u0131kar. Demir takviyesini hekim yaln\u0131zca kan\u0131tlanm\u0131\u015f bir eksiklik varsa ba\u015flat\u0131r.\"}},{\"@type\":\"Question\",\"name\":\"Genetik sa\u00e7 d\u00f6k\u00fclmesi kanda g\u00f6sterilebilir mi, DHT veya testosteron \u00f6l\u00e7t\u00fcrmenin faydas\u0131 var m\u0131?\",\"acceptedAnswer\":{\"@type\":\"Answer\",\"text\":\"Hay\u0131r. Androgenetik alopesi, y\u00fcksek hormon d\u00fczeylerine de\u011fil, sa\u00e7 k\u00f6klerinin DHT\u2019ye duyarl\u0131l\u0131\u011f\u0131na dayan\u0131r; etkilenen erkeklerde testosteron ve DHT de\u011ferleri kural olarak normaldir. Tan\u0131y\u0131 desenin ve sa\u00e7l\u0131 derinin muayenesi koyar. Kad\u0131nlarda androjenlere ba\u015fka bir ama\u00e7la bak\u0131l\u0131r: altta yatan hormonal bir hastal\u0131\u011f\u0131 aramak i\u00e7in.\"}},{\"@type\":\"Question\",\"name\":\"Kan tahlili i\u00e7in a\u00e7 olmam gerekir mi, sa\u00e7 vitaminlerini \u00f6nceden b\u0131rakmal\u0131 m\u0131y\u0131m?\",\"acceptedAnswer\":{\"@type\":\"Answer\",\"text\":\"Ferritin, TSH, D vitamini, \u00e7inko ve B12 i\u00e7in a\u00e7l\u0131k kural olarak gerekmez, kan \u015fekeri ve kan ya\u011flar\u0131 i\u00e7in ise gerekir. Buna kar\u015f\u0131l\u0131k laboratuvar kaynaklar\u0131 y\u00fcksek doz biotin i\u00e7eren sa\u00e7 vitaminlerine ara verilmesini a\u00e7\u0131k\u00e7a \u00f6neriyor: g\u00fcnde 5-10 mg i\u00e7in en az sekiz saat, 10 mg \u00fczerinde en az \u00fc\u00e7 g\u00fcn. FDA 2017\u2019de tiroit ve troponin de\u011ferlerinin bozulabilece\u011fi konusunda uyarm\u0131\u015ft\u0131.\"}},{\"@type\":\"Question\",\"name\":\"Kad\u0131nlarda yayg\u0131n sa\u00e7 d\u00f6k\u00fclmesinde hangi kan de\u011ferleri ve ne zaman al\u0131n\u0131r?\",\"acceptedAnswer\":{\"@type\":\"Answer\",\"text\":\"Temel panel kad\u0131nlarda erkeklerdekiyle ayn\u0131d\u0131r: tam kan say\u0131m\u0131, ferritin, CRP, TSH, 25-OH-D vitamini ve \u00e7inko. Hormon de\u011ferleri yaln\u0131zca uygun belirtiler varsa eklenir ve hekimce zamanlan\u0131r; \u00e7o\u011funlukla erken folik\u00fcler fazda, d\u00f6ng\u00fcn\u00fcn 2-5. g\u00fcnlerinde ve sabah saatlerinde, \u00e7\u00fcnk\u00fc testosteron sabah 8 civar\u0131nda zirve yapar. Do\u011fum kontrol hap\u0131 kullan\u0131l\u0131rken androjen de\u011ferleri ancak s\u0131n\u0131rl\u0131 bi\u00e7imde yorumlanabilir.\"}},{\"@type\":\"Question\",\"name\":\"Sa\u00e7 d\u00f6k\u00fclmesinde kan tahlilinin \u00fccretini sigorta kar\u015f\u0131lar m\u0131?\",\"acceptedAnswer\":{\"@type\":\"Answer\",\"text\":\"T\u0131bbi bir gerek\u00e7e varsa temel tetkikler genellikle sa\u011fl\u0131k hizmeti kapsam\u0131nda yap\u0131l\u0131r; belirleyici olan endikasyondur. Gerek\u00e7elendirilmi\u015f bir yayg\u0131n sa\u00e7 d\u00f6k\u00fclmesinde tam kan say\u0131m\u0131, ferritin ve TSH \u00e7o\u011funlukla hekim istemiyle yap\u0131l\u0131r; ku\u015fku olmadan istenen kapsaml\u0131 vitamin ve hormon paketleri ise s\u0131kl\u0131kla cepten \u00f6denir. Genetik sa\u00e7 d\u00f6k\u00fclmesinin tedavisi pek \u00e7ok sistemde kozmetik say\u0131l\u0131p geri \u00f6deme d\u0131\u015f\u0131nda tutulur.\"}},{\"@type\":\"Question\",\"name\":\"T\u00fcm kan de\u011ferlerim normal, sa\u00e7lar\u0131m neden yine de d\u00f6k\u00fcl\u00fcyor?\",\"acceptedAnswer\":{\"@type\":\"Answer\",\"text\":\"\u00c7o\u011funlukla arkas\u0131nda kanda hi\u00e7 g\u00f6r\u00fcnmeyen bir neden vard\u0131r. Bu durumlar\u0131n b\u00fcy\u00fck b\u00f6l\u00fcm\u00fcn\u00fc d\u00f6rt a\u00e7\u0131klama kapsar: kanda g\u00f6r\u00fcnmeyen genetik bir sa\u00e7 d\u00f6k\u00fclmesi; d\u00f6k\u00fclme ancak iki ila d\u00f6rt ay sonra ba\u015flad\u0131\u011f\u0131 i\u00e7in de\u011feri \u00e7oktan normale d\u00f6nm\u00fc\u015f, geride kalan bir tetikleyici; normal diye kapat\u0131lm\u0131\u015f, alt s\u0131n\u0131rdaki bir de\u011fer; ya da \u00f6l\u00e7\u00fclen de\u011fil g\u00f6r\u00fclen bir tip. Sonraki ad\u0131m trikoskopidir.\"}},{\"@type\":\"Question\",\"name\":\"Bir eksiklik giderildikten sonra sa\u00e7\u0131n yeniden uzamas\u0131 ne kadar s\u00fcrer?\",\"acceptedAnswer\":{\"@type\":\"Answer\",\"text\":\"Eksiklik giderildikten sonra d\u00f6k\u00fclme tipik olarak \u00fc\u00e7 ila alt\u0131 ay i\u00e7inde azal\u0131r, kozmetik olarak tam toparlanma 12 ila 18 ay s\u00fcrebilir. Nedeni sa\u00e7 d\u00f6ng\u00fcs\u00fcd\u00fcr: dinlenme faz\u0131ndaki sa\u00e7lar, yenileri \u00e7\u0131kmadan \u00f6nce d\u00f6k\u00fcl\u00fcr. \u0130lk k\u0131sa yeni sa\u00e7lar \u00e7o\u011funlukla be\u015finci ila alt\u0131nc\u0131 aydan itibaren g\u00f6r\u00fcl\u00fcr.\"}},{\"@type\":\"Question\",\"name\":\"Sonu\u00e7lar\u0131 benimle kim de\u011ferlendirir, aile hekimi mi dermatolog mu?\",\"acceptedAnswer\":{\"@type\":\"Answer\",\"text\":\"Sonucu, tetkiki isteyen hekim a\u00e7\u0131klar. Laboratuvar de\u011feri ile sa\u00e7 tablosunu birle\u015ftiren taraf ise \u00e7o\u011funlukla dermatoloji klini\u011fidir, \u00e7\u00fcnk\u00fc orada ayr\u0131ca sa\u00e7l\u0131 deri ve desen incelenir. Sonucun bir kopyas\u0131n\u0131 yan\u0131n\u0131zda g\u00f6t\u00fcr\u00fcn; b\u00f6ylece ayn\u0131 de\u011ferler iki kez \u00f6l\u00e7\u00fclmez ve bir seyir g\u00f6r\u00fcn\u00fcr h\u00e2le gelir.\"}}]}\n<\/script>\n\n","protected":false},"excerpt":{"rendered":"<p>Sa\u00e7 d\u00f6k\u00fclmesi nedeniyle hekime giden herkes asl\u0131nda iki \u015feyi \u00f6\u011frenmek ister: hangi kan de\u011ferlerine bak\u0131lmal\u0131 ve tahlil k\u00e2\u011f\u0131d\u0131ndaki say\u0131lar ne anlama geliyor. As\u0131l bilgi veren de\u011ferler alt\u0131 tanedir: tam kan say\u0131m\u0131, ferritin, CRP, TSH, 25-OH-D vitamini ve \u00e7inko. Bunlar yayg\u0131n sa\u00e7 d\u00f6k\u00fclmesinin tedavi edilebilir nedenlerini ayd\u0131nlat\u0131r. En s\u0131k g\u00f6r\u00fclen tip olan genetik (androgenetik) sa\u00e7 d\u00f6k\u00fclmesi [&hellip;]<\/p>\n","protected":false},"author":10,"featured_media":83302,"comment_status":"closed","ping_status":"closed","sticky":false,"template":"","format":"standard","meta":{"_acf_changed":false,"_yoast_wpseo_meta-robots-noindex":"","_yoast_wpseo_meta-robots-nofollow":"","_yoast_wpseo_meta-robots-adv":"","_yoast_wpseo_canonical":"https:\/\/elithair.com\/tr\/sac-dokulmesinde-kan-degerleri\/","_yoast_wpseo_opengraph-title":"","_yoast_wpseo_opengraph-description":"","_yoast_wpseo_opengraph-image":"","_yoast_wpseo_twitter-title":"","_yoast_wpseo_twitter-description":"","_yoast_wpseo_twitter-image":"","_hm_hreflang_map":{"ar":47074,"de":58550,"en":96956,"es":91871,"fr":101237,"it":107656,"pt":89716,"tr":83298,"uk":96342,"x_default":96956},"_hm_language_code":"tr","footnotes":""},"categories":[3],"tags":[],"class_list":["post-83298","post","type-post","status-publish","format-standard","has-post-thumbnail","hentry","category-sac-ekimi-blog"],"acf":[],"yoast_head":"<!-- This site is optimized with the Yoast SEO Premium plugin v28.3 (Yoast SEO v28.3) - https:\/\/yoast.com\/product\/yoast-seo-premium-wordpress\/ -->\n<title>Sa\u00e7 D\u00f6k\u00fclmesinde Kan De\u011ferleri: Nedeni Hangi Tetkikler Ger\u00e7ekten Ayd\u0131nlat\u0131r? Ferritin, TSH ve Geni\u015f Hemogram\u0131 Do\u011fru Okuma<\/title>\n<meta name=\"description\" content=\"Sa\u00e7 d\u00f6k\u00fclmesinde hangi kan de\u011ferleri ger\u00e7ekten anlaml\u0131: ferritin, TSH, D vitamini, \u00e7inko ve tam kan say\u0131m\u0131; yol g\u00f6sterici aral\u0131klar, s\u00fcre\u00e7 ve maliyet.\" \/>\n<meta name=\"robots\" content=\"index, follow, max-snippet:-1, max-image-preview:large, max-video-preview:-1\" \/>\n<link rel=\"canonical\" href=\"https:\/\/elithair.com\/tr\/sac-dokulmesinde-kan-degerleri\/\" \/>\n<meta property=\"og:locale\" content=\"tr_TR\" \/>\n<meta property=\"og:type\" content=\"article\" \/>\n<meta property=\"og:title\" content=\"Sa\u00e7 d\u00f6k\u00fclmesinde kan de\u011ferleri: hangi tetkikler ger\u00e7ekten anlaml\u0131?\" \/>\n<meta property=\"og:description\" content=\"Sa\u00e7 d\u00f6k\u00fclmesinde hangi kan de\u011ferleri ger\u00e7ekten anlaml\u0131: ferritin, TSH, D vitamini, \u00e7inko ve tam kan say\u0131m\u0131; yol g\u00f6sterici aral\u0131klar, s\u00fcre\u00e7 ve maliyet.\" \/>\n<meta property=\"og:url\" content=\"https:\/\/elithair.com\/tr\/sac-dokulmesinde-kan-degerleri\/\" \/>\n<meta property=\"og:site_name\" content=\"Elithair\" \/>\n<meta property=\"article:published_time\" content=\"2026-08-29T12:36:55+00:00\" \/>\n<meta property=\"og:image\" content=\"https:\/\/elithair.com\/tr\/wp-content\/uploads\/sites\/10\/2026\/08\/infografik_blut_zeigt__tr.png\" \/>\n<meta name=\"author\" content=\"Dr. Imad Moustafa\" \/>\n<meta name=\"twitter:card\" content=\"summary_large_image\" \/>\n<meta name=\"twitter:label1\" content=\"Yazan:\" \/>\n\t<meta name=\"twitter:data1\" content=\"Dr. Imad Moustafa\" \/>\n\t<meta name=\"twitter:label2\" content=\"Tahmini okuma s\u00fcresi\" \/>\n\t<meta name=\"twitter:data2\" content=\"45 dakika\" \/>\n<script type=\"application\/ld+json\" class=\"yoast-schema-graph\">{\"@context\":\"https:\\\/\\\/schema.org\",\"@graph\":[{\"@type\":\"Article\",\"@id\":\"https:\\\/\\\/elithair.com\\\/tr\\\/sac-dokulmesinde-kan-degerleri\\\/#article\",\"isPartOf\":{\"@id\":\"https:\\\/\\\/elithair.com\\\/tr\\\/sac-dokulmesinde-kan-degerleri\\\/\"},\"author\":{\"name\":\"Dr. Imad Moustafa\",\"@id\":\"https:\\\/\\\/elithair.com\\\/tr\\\/#\\\/schema\\\/person\\\/11ce37e83a6343e4c37edcd4b5498e41\"},\"headline\":\"Sa\u00e7 d\u00f6k\u00fclmesinde kan de\u011ferleri: hangi tetkikler ger\u00e7ekten anlaml\u0131?\",\"datePublished\":\"2026-08-29T12:36:55+00:00\",\"mainEntityOfPage\":{\"@id\":\"https:\\\/\\\/elithair.com\\\/tr\\\/sac-dokulmesinde-kan-degerleri\\\/\"},\"wordCount\":8975,\"image\":{\"@id\":\"https:\\\/\\\/elithair.com\\\/tr\\\/sac-dokulmesinde-kan-degerleri\\\/#primaryimage\"},\"thumbnailUrl\":\"https:\\\/\\\/elithair.com\\\/tr\\\/wp-content\\\/uploads\\\/sites\\\/10\\\/2026\\\/08\\\/hero-7.png\",\"articleSection\":[\"Sa\u00e7 Ekimi\"],\"inLanguage\":\"tr\"},{\"@type\":\"WebPage\",\"@id\":\"https:\\\/\\\/elithair.com\\\/tr\\\/sac-dokulmesinde-kan-degerleri\\\/\",\"url\":\"https:\\\/\\\/elithair.com\\\/tr\\\/sac-dokulmesinde-kan-degerleri\\\/\",\"name\":\"Sa\u00e7 D\u00f6k\u00fclmesinde Kan De\u011ferleri: Nedeni Hangi Tetkikler Ger\u00e7ekten Ayd\u0131nlat\u0131r? Ferritin, TSH ve Geni\u015f Hemogram\u0131 Do\u011fru Okuma\",\"isPartOf\":{\"@id\":\"https:\\\/\\\/elithair.com\\\/tr\\\/#website\"},\"primaryImageOfPage\":{\"@id\":\"https:\\\/\\\/elithair.com\\\/tr\\\/sac-dokulmesinde-kan-degerleri\\\/#primaryimage\"},\"image\":{\"@id\":\"https:\\\/\\\/elithair.com\\\/tr\\\/sac-dokulmesinde-kan-degerleri\\\/#primaryimage\"},\"thumbnailUrl\":\"https:\\\/\\\/elithair.com\\\/tr\\\/wp-content\\\/uploads\\\/sites\\\/10\\\/2026\\\/08\\\/hero-7.png\",\"datePublished\":\"2026-08-29T12:36:55+00:00\",\"author\":{\"@id\":\"https:\\\/\\\/elithair.com\\\/tr\\\/#\\\/schema\\\/person\\\/11ce37e83a6343e4c37edcd4b5498e41\"},\"description\":\"Sa\u00e7 d\u00f6k\u00fclmesinde hangi kan de\u011ferleri ger\u00e7ekten anlaml\u0131: ferritin, TSH, D vitamini, \u00e7inko ve tam kan say\u0131m\u0131; yol g\u00f6sterici aral\u0131klar, s\u00fcre\u00e7 ve maliyet.\",\"breadcrumb\":{\"@id\":\"https:\\\/\\\/elithair.com\\\/tr\\\/sac-dokulmesinde-kan-degerleri\\\/#breadcrumb\"},\"inLanguage\":\"tr\",\"potentialAction\":[{\"@type\":\"ReadAction\",\"target\":[\"https:\\\/\\\/elithair.com\\\/tr\\\/sac-dokulmesinde-kan-degerleri\\\/\"]}]},{\"@type\":\"ImageObject\",\"inLanguage\":\"tr\",\"@id\":\"https:\\\/\\\/elithair.com\\\/tr\\\/sac-dokulmesinde-kan-degerleri\\\/#primaryimage\",\"url\":\"https:\\\/\\\/elithair.com\\\/tr\\\/wp-content\\\/uploads\\\/sites\\\/10\\\/2026\\\/08\\\/hero-7.png\",\"contentUrl\":\"https:\\\/\\\/elithair.com\\\/tr\\\/wp-content\\\/uploads\\\/sites\\\/10\\\/2026\\\/08\\\/hero-7.png\",\"width\":1536,\"height\":1024,\"caption\":\"Blutentnahme-R\u00f6hrchen im Laborst\u00e4nder: Blutwerte bei Haarausfall werden aus einer Blutprobe bestimmt\"},{\"@type\":\"BreadcrumbList\",\"@id\":\"https:\\\/\\\/elithair.com\\\/tr\\\/sac-dokulmesinde-kan-degerleri\\\/#breadcrumb\",\"itemListElement\":[{\"@type\":\"ListItem\",\"position\":1,\"name\":\"Home\",\"item\":\"https:\\\/\\\/elithair.com\\\/tr\\\/\"},{\"@type\":\"ListItem\",\"position\":2,\"name\":\"Sa\u00e7 d\u00f6k\u00fclmesinde kan de\u011ferleri: hangi tetkikler ger\u00e7ekten anlaml\u0131?\"}]},{\"@type\":\"WebSite\",\"@id\":\"https:\\\/\\\/elithair.com\\\/tr\\\/#website\",\"url\":\"https:\\\/\\\/elithair.com\\\/tr\\\/\",\"name\":\"Elithair\",\"description\":\"Elithair: sa\u00e7\u0131n\u0131z i\u00e7in en iyi klini\u011fi ke\u015ffedin\",\"potentialAction\":[{\"@type\":\"SearchAction\",\"target\":{\"@type\":\"EntryPoint\",\"urlTemplate\":\"https:\\\/\\\/elithair.com\\\/tr\\\/?s={search_term_string}\"},\"query-input\":{\"@type\":\"PropertyValueSpecification\",\"valueRequired\":true,\"valueName\":\"search_term_string\"}}],\"inLanguage\":\"tr\"},{\"@type\":\"Person\",\"@id\":\"https:\\\/\\\/elithair.com\\\/tr\\\/#\\\/schema\\\/person\\\/11ce37e83a6343e4c37edcd4b5498e41\",\"name\":\"Dr. Imad Moustafa\",\"image\":{\"@type\":\"ImageObject\",\"inLanguage\":\"tr\",\"@id\":\"https:\\\/\\\/secure.gravatar.com\\\/avatar\\\/9190499f6f3008cd7da57b179f07bfea4b4e382c816ba3e0de68db0b5a70c07d?s=96&d=mm&r=g\",\"url\":\"https:\\\/\\\/secure.gravatar.com\\\/avatar\\\/9190499f6f3008cd7da57b179f07bfea4b4e382c816ba3e0de68db0b5a70c07d?s=96&d=mm&r=g\",\"contentUrl\":\"https:\\\/\\\/secure.gravatar.com\\\/avatar\\\/9190499f6f3008cd7da57b179f07bfea4b4e382c816ba3e0de68db0b5a70c07d?s=96&d=mm&r=g\",\"caption\":\"Dr. Imad Moustafa\"},\"url\":\"https:\\\/\\\/elithair.com\\\/tr\\\/author\\\/support\\\/\"}]}<\/script>\n<!-- \/ Yoast SEO Premium plugin. -->","yoast_head_json":{"title":"Sa\u00e7 D\u00f6k\u00fclmesinde Kan De\u011ferleri: Nedeni Hangi Tetkikler Ger\u00e7ekten Ayd\u0131nlat\u0131r? Ferritin, TSH ve Geni\u015f Hemogram\u0131 Do\u011fru Okuma","description":"Sa\u00e7 d\u00f6k\u00fclmesinde hangi kan de\u011ferleri ger\u00e7ekten anlaml\u0131: ferritin, TSH, D vitamini, \u00e7inko ve tam kan say\u0131m\u0131; yol g\u00f6sterici aral\u0131klar, s\u00fcre\u00e7 ve maliyet.","robots":{"index":"index","follow":"follow","max-snippet":"max-snippet:-1","max-image-preview":"max-image-preview:large","max-video-preview":"max-video-preview:-1"},"canonical":"https:\/\/elithair.com\/tr\/sac-dokulmesinde-kan-degerleri\/","og_locale":"tr_TR","og_type":"article","og_title":"Sa\u00e7 d\u00f6k\u00fclmesinde kan de\u011ferleri: hangi tetkikler ger\u00e7ekten anlaml\u0131?","og_description":"Sa\u00e7 d\u00f6k\u00fclmesinde hangi kan de\u011ferleri ger\u00e7ekten anlaml\u0131: ferritin, TSH, D vitamini, \u00e7inko ve tam kan say\u0131m\u0131; yol g\u00f6sterici aral\u0131klar, s\u00fcre\u00e7 ve maliyet.","og_url":"https:\/\/elithair.com\/tr\/sac-dokulmesinde-kan-degerleri\/","og_site_name":"Elithair","article_published_time":"2026-08-29T12:36:55+00:00","og_image":[{"url":"https:\/\/elithair.com\/tr\/wp-content\/uploads\/sites\/10\/2026\/08\/infografik_blut_zeigt__tr.png","type":"","width":"","height":""}],"author":"Dr. Imad Moustafa","twitter_card":"summary_large_image","twitter_misc":{"Yazan:":"Dr. Imad Moustafa","Tahmini okuma s\u00fcresi":"45 dakika"},"schema":{"@context":"https:\/\/schema.org","@graph":[{"@type":"Article","@id":"https:\/\/elithair.com\/tr\/sac-dokulmesinde-kan-degerleri\/#article","isPartOf":{"@id":"https:\/\/elithair.com\/tr\/sac-dokulmesinde-kan-degerleri\/"},"author":{"name":"Dr. Imad Moustafa","@id":"https:\/\/elithair.com\/tr\/#\/schema\/person\/11ce37e83a6343e4c37edcd4b5498e41"},"headline":"Sa\u00e7 d\u00f6k\u00fclmesinde kan de\u011ferleri: hangi tetkikler ger\u00e7ekten anlaml\u0131?","datePublished":"2026-08-29T12:36:55+00:00","mainEntityOfPage":{"@id":"https:\/\/elithair.com\/tr\/sac-dokulmesinde-kan-degerleri\/"},"wordCount":8975,"image":{"@id":"https:\/\/elithair.com\/tr\/sac-dokulmesinde-kan-degerleri\/#primaryimage"},"thumbnailUrl":"https:\/\/elithair.com\/tr\/wp-content\/uploads\/sites\/10\/2026\/08\/hero-7.png","articleSection":["Sa\u00e7 Ekimi"],"inLanguage":"tr"},{"@type":"WebPage","@id":"https:\/\/elithair.com\/tr\/sac-dokulmesinde-kan-degerleri\/","url":"https:\/\/elithair.com\/tr\/sac-dokulmesinde-kan-degerleri\/","name":"Sa\u00e7 D\u00f6k\u00fclmesinde Kan De\u011ferleri: Nedeni Hangi Tetkikler Ger\u00e7ekten Ayd\u0131nlat\u0131r? Ferritin, TSH ve Geni\u015f Hemogram\u0131 Do\u011fru Okuma","isPartOf":{"@id":"https:\/\/elithair.com\/tr\/#website"},"primaryImageOfPage":{"@id":"https:\/\/elithair.com\/tr\/sac-dokulmesinde-kan-degerleri\/#primaryimage"},"image":{"@id":"https:\/\/elithair.com\/tr\/sac-dokulmesinde-kan-degerleri\/#primaryimage"},"thumbnailUrl":"https:\/\/elithair.com\/tr\/wp-content\/uploads\/sites\/10\/2026\/08\/hero-7.png","datePublished":"2026-08-29T12:36:55+00:00","author":{"@id":"https:\/\/elithair.com\/tr\/#\/schema\/person\/11ce37e83a6343e4c37edcd4b5498e41"},"description":"Sa\u00e7 d\u00f6k\u00fclmesinde hangi kan de\u011ferleri ger\u00e7ekten anlaml\u0131: ferritin, TSH, D vitamini, \u00e7inko ve tam kan say\u0131m\u0131; yol g\u00f6sterici aral\u0131klar, s\u00fcre\u00e7 ve maliyet.","breadcrumb":{"@id":"https:\/\/elithair.com\/tr\/sac-dokulmesinde-kan-degerleri\/#breadcrumb"},"inLanguage":"tr","potentialAction":[{"@type":"ReadAction","target":["https:\/\/elithair.com\/tr\/sac-dokulmesinde-kan-degerleri\/"]}]},{"@type":"ImageObject","inLanguage":"tr","@id":"https:\/\/elithair.com\/tr\/sac-dokulmesinde-kan-degerleri\/#primaryimage","url":"https:\/\/elithair.com\/tr\/wp-content\/uploads\/sites\/10\/2026\/08\/hero-7.png","contentUrl":"https:\/\/elithair.com\/tr\/wp-content\/uploads\/sites\/10\/2026\/08\/hero-7.png","width":1536,"height":1024,"caption":"Blutentnahme-R\u00f6hrchen im Laborst\u00e4nder: Blutwerte bei Haarausfall werden aus einer Blutprobe bestimmt"},{"@type":"BreadcrumbList","@id":"https:\/\/elithair.com\/tr\/sac-dokulmesinde-kan-degerleri\/#breadcrumb","itemListElement":[{"@type":"ListItem","position":1,"name":"Home","item":"https:\/\/elithair.com\/tr\/"},{"@type":"ListItem","position":2,"name":"Sa\u00e7 d\u00f6k\u00fclmesinde kan de\u011ferleri: hangi tetkikler ger\u00e7ekten anlaml\u0131?"}]},{"@type":"WebSite","@id":"https:\/\/elithair.com\/tr\/#website","url":"https:\/\/elithair.com\/tr\/","name":"Elithair","description":"Elithair: sa\u00e7\u0131n\u0131z i\u00e7in en iyi klini\u011fi ke\u015ffedin","potentialAction":[{"@type":"SearchAction","target":{"@type":"EntryPoint","urlTemplate":"https:\/\/elithair.com\/tr\/?s={search_term_string}"},"query-input":{"@type":"PropertyValueSpecification","valueRequired":true,"valueName":"search_term_string"}}],"inLanguage":"tr"},{"@type":"Person","@id":"https:\/\/elithair.com\/tr\/#\/schema\/person\/11ce37e83a6343e4c37edcd4b5498e41","name":"Dr. Imad Moustafa","image":{"@type":"ImageObject","inLanguage":"tr","@id":"https:\/\/secure.gravatar.com\/avatar\/9190499f6f3008cd7da57b179f07bfea4b4e382c816ba3e0de68db0b5a70c07d?s=96&d=mm&r=g","url":"https:\/\/secure.gravatar.com\/avatar\/9190499f6f3008cd7da57b179f07bfea4b4e382c816ba3e0de68db0b5a70c07d?s=96&d=mm&r=g","contentUrl":"https:\/\/secure.gravatar.com\/avatar\/9190499f6f3008cd7da57b179f07bfea4b4e382c816ba3e0de68db0b5a70c07d?s=96&d=mm&r=g","caption":"Dr. Imad Moustafa"},"url":"https:\/\/elithair.com\/tr\/author\/support\/"}]}},"_links":{"self":[{"href":"https:\/\/elithair.com\/tr\/wp-json\/wp\/v2\/posts\/83298","targetHints":{"allow":["GET"]}}],"collection":[{"href":"https:\/\/elithair.com\/tr\/wp-json\/wp\/v2\/posts"}],"about":[{"href":"https:\/\/elithair.com\/tr\/wp-json\/wp\/v2\/types\/post"}],"author":[{"embeddable":true,"href":"https:\/\/elithair.com\/tr\/wp-json\/wp\/v2\/users\/10"}],"replies":[{"embeddable":true,"href":"https:\/\/elithair.com\/tr\/wp-json\/wp\/v2\/comments?post=83298"}],"version-history":[{"count":0,"href":"https:\/\/elithair.com\/tr\/wp-json\/wp\/v2\/posts\/83298\/revisions"}],"wp:featuredmedia":[{"embeddable":true,"href":"https:\/\/elithair.com\/tr\/wp-json\/wp\/v2\/media\/83302"}],"wp:attachment":[{"href":"https:\/\/elithair.com\/tr\/wp-json\/wp\/v2\/media?parent=83298"}],"wp:term":[{"taxonomy":"category","embeddable":true,"href":"https:\/\/elithair.com\/tr\/wp-json\/wp\/v2\/categories?post=83298"},{"taxonomy":"post_tag","embeddable":true,"href":"https:\/\/elithair.com\/tr\/wp-json\/wp\/v2\/tags?post=83298"}],"curies":[{"name":"wp","href":"https:\/\/api.w.org\/{rel}","templated":true}]}}