{"id":83297,"date":"2026-08-28T19:19:34","date_gmt":"2026-08-28T17:19:34","guid":{"rendered":"https:\/\/elithair.com\/tr\/basin-arka-kisminda-sac-dokulmesi\/"},"modified":"2026-08-28T19:19:34","modified_gmt":"2026-08-28T17:19:34","slug":"basin-arka-kisminda-sac-dokulmesi","status":"publish","type":"post","link":"https:\/\/elithair.com\/tr\/basin-arka-kisminda-sac-dokulmesi\/","title":{"rendered":"Ba\u015f\u0131n arka k\u0131sm\u0131nda sa\u00e7 d\u00f6k\u00fclmesi: sa\u00e7 d\u00f6nmesi mi, tonsura m\u0131, ba\u015fka bir neden mi?"},"content":{"rendered":"\n<div style=\"border-left:4px solid #0079F1;padding:0 0 0 14px;margin:0 0 26px\">\n<p style=\"margin:0 0 14px;color:#2e3033;font-size:17px;line-height:1.65\">Ba\u015f\u0131n arka k\u0131sm\u0131ndaki sa\u00e7 d\u00f6k\u00fclmesini insan genellikle en son kendisi fark eder; \u00e7o\u011fu zaman bir tatil foto\u011fraf\u0131nda ya da biri s\u00f6yledi\u011fi i\u00e7in. Nedeni anlamak i\u00e7in belirleyici olan, sa\u00e7\u0131n <strong>tam olarak nerede<\/strong> inceldi\u011fidir: Sa\u00e7 d\u00f6nme noktas\u0131n\u0131n \u00e7evresinde genellikle genetik, yani kal\u0131tsal sa\u00e7 d\u00f6k\u00fclmesi vard\u0131r; seyrek bir alan olu\u015fur, sa\u00e7l\u0131 deri g\u00f6r\u00fcn\u00fcr hale gelir ve bu alan y\u0131llar i\u00e7inde b\u00fcy\u00fcyerek tonsura d\u00f6n\u00fc\u015f\u00fcr. Ba\u015f\u0131n alt arka k\u0131sm\u0131nda ve ensede ise tam olarak bu tip d\u00f6k\u00fclme al\u0131\u015f\u0131lmad\u0131kt\u0131r, \u00e7\u00fcnk\u00fc bu b\u00f6lge DHT hormonuna diren\u00e7lidir. Bu durum \u00e7ok say\u0131da erke\u011fi ilgilendiriyor: \u0130ngiliz NHS&#8217;e g\u00f6re erkeklerin %80&#8217;e varan b\u00f6l\u00fcm\u00fc 70 ya\u015f\u0131na gelene kadar bir \u00f6l\u00e7\u00fcde sa\u00e7 d\u00f6k\u00fclmesi ya\u015f\u0131yor. Bu yaz\u0131 bulgunuzu b\u00f6lge b\u00f6lge s\u0131n\u0131fland\u0131r\u0131yor: <a href=\"\/tr\/erkek-tipi-sac-dokulmesi-evreleri-norwood-hamilton-skalasi\/\">Norwood evrelerinden<\/a> sa\u00e7 d\u00f6nme noktas\u0131nda ger\u00e7ekten neyin i\u015fe yarad\u0131\u011f\u0131 sorusuna kadar.<\/p>\n<p style=\"margin:0 0 8px;color:#013366;font-weight:700;font-size:16px\">K\u0131saca en \u00f6nemlileri<\/p>\n<ul style=\"margin:0 0 14px;padding:0;color:#2e3033;list-style:none\">\n<li style=\"position:relative;padding:3px 0 3px 24px\"><span style=\"position:absolute;left:0;top:3px;color:#0079F1;font-weight:700\">&#10003;<\/span>Vertex, yani sa\u00e7 d\u00f6nme noktas\u0131n\u0131n \u00e7evresindeki \u00fcst arka kafa b\u00f6lgesi, kal\u0131tsal sa\u00e7 d\u00f6k\u00fclmesinin ana b\u00f6lgesidir ve Norwood evrelerine g\u00f6re s\u0131n\u0131fland\u0131r\u0131l\u0131r<\/li>\n<li style=\"position:relative;padding:3px 0 3px 24px\"><span style=\"position:absolute;left:0;top:3px;color:#0079F1;font-weight:700\">&#10003;<\/span>Ba\u015f\u0131n alt arka k\u0131sm\u0131nda ve ensede kal\u0131tsal sa\u00e7 d\u00f6k\u00fclmesi al\u0131\u015f\u0131lmad\u0131kt\u0131r; orada sa\u00e7k\u0131ran, \u00e7ekme ve bask\u0131 daha s\u0131k rastlanan a\u00e7\u0131klamalard\u0131r<\/li>\n<li style=\"position:relative;padding:3px 0 3px 24px\"><span style=\"position:absolute;left:0;top:3px;color:#0079F1;font-weight:700\">&#10003;<\/span>Sa\u00e7 d\u00f6nme noktas\u0131n\u0131n kendisi hi\u00e7bir zaman kelle\u015fmez, yaln\u0131zca daha a\u00e7\u0131k g\u00f6r\u00fcn\u00fcr: Belirleyici olan, kenardaki sa\u00e7 yo\u011funlu\u011fu ve \u00fc\u00e7 ila alt\u0131 ayl\u0131k seyirdir<\/li>\n<li style=\"position:relative;padding:3px 0 3px 24px\"><span style=\"position:absolute;left:0;top:3px;color:#0079F1;font-weight:700\">&#10003;<\/span>Kad\u0131nlarda kal\u0131tsal sa\u00e7 d\u00f6k\u00fclmesinde ba\u015f\u0131n arka k\u0131sm\u0131 genellikle korunur; orada sa\u00e7 tepe ayr\u0131m\u0131 boyunca seyrelir (Ludwig paterni)<\/li>\n<\/ul>\n<p style=\"margin:0;color:#2e3033\">\u0130\u00e7indekiler, neyi nerede bulaca\u011f\u0131n\u0131z\u0131 g\u00f6steriyor. Ard\u0131ndan b\u00f6lge b\u00f6lge ayr\u0131nt\u0131ya iniyoruz: kendi kendine kontrol, Norwood evreleri ve tedavilerin ger\u00e7ek\u00e7i bir de\u011ferlendirmesi.<\/p>\n<\/div>\n\n\n\n<h2 class=\"wp-block-heading\" id=\"definition\">Ba\u015f\u0131n arka k\u0131sm\u0131nda sa\u00e7 d\u00f6k\u00fclmesi nedir?<\/h2>\n\n\n\n<p class=\"wp-block-paragraph\"><strong>Ba\u015f\u0131n arka k\u0131sm\u0131nda sa\u00e7 d\u00f6k\u00fclmesi<\/strong> \u00e7o\u011fu zaman androgenetik alopesinin, yani kal\u0131tsal sa\u00e7 d\u00f6k\u00fclmesinin tipik bir belirtisidir. Erkeklerde a\u00e7\u0131k ara en s\u0131k g\u00f6r\u00fclen sa\u00e7 d\u00f6k\u00fclmesi bi\u00e7imidir: ABD&#8217;de 40-49 ya\u015f aras\u0131ndakilerin %53&#8217;\u00fcnde orta ila \u015fiddetli d\u00fczeyde g\u00f6r\u00fcl\u00fcr, 80 ya\u015f\u0131ndan sonra ise neredeyse t\u00fcm erkeklerde (derleme \u201cMale Androgenetic Alopecia\u201d, Endotext\/NCBI).<sup>[2]<\/sup> Ba\u015flang\u0131\u00e7ta sa\u00e7 kayb\u0131 \u00e7o\u011funlukla al\u0131n ve \u015fakak b\u00f6lgesinde ortaya \u00e7\u0131kar; b\u00f6ylece \u015fakak a\u00e7\u0131kl\u0131klar\u0131 olu\u015fur.<\/p>\n\n\n\n<p class=\"wp-block-paragraph\">\u0130lerleyen s\u00fcre\u00e7te <a href=\"\/tr\/sac-dokulmesi-nedenleri-ve-tedavisi\/\">sa\u00e7 d\u00f6k\u00fclmesi<\/a> giderek ba\u015f\u0131n arka k\u0131sm\u0131na kayabilir. Orada \u00f6nce k\u00fc\u00e7\u00fck, seyrek bir alan olu\u015fur; bu alan zamanla b\u00fcy\u00fcr ve <strong>tonsura<\/strong> yani ke\u015fi\u015f t\u0131ra\u015f\u0131 ad\u0131 verilen g\u00f6r\u00fcn\u00fcme yol a\u00e7abilir. Bu terim, Orta \u00c7a\u011f ke\u015fi\u015flerinin ba\u015flar\u0131n\u0131n \u00fcst k\u0131sm\u0131ndaki t\u0131ra\u015fl\u0131 alandan gelir. Karakteristik olan, halka bi\u00e7iminde bir sa\u00e7 tac\u0131n\u0131n korunmas\u0131d\u0131r.<\/p>\n\n\n\n<p class=\"wp-block-paragraph\">Ancak ba\u015f\u0131n arka k\u0131sm\u0131ndaki a\u00e7\u0131k alanlar\u0131n ba\u015fka nedenleri de olabilir. \u00d6rne\u011fin <a href=\"\/tr\/sackiran\/\">sa\u00e7k\u0131randa (alopesi areata)<\/a> da sa\u00e7 kayb\u0131 g\u00f6r\u00fcl\u00fcr; bu kay\u0131p belirli bir b\u00f6lgeyle s\u0131n\u0131rl\u0131 kalmaz, ba\u015f\u0131n farkl\u0131 yerlerinde ortaya \u00e7\u0131kabilir. Ya\u015fam boyu risk yakla\u015f\u0131k %2&#8217;dir (Lintzeri ve ark., JDDG 2022).<sup>[6]<\/sup><\/p>\n\n\n\n<p class=\"wp-block-paragraph\">Nedenler farkl\u0131 oldu\u011fu ve seyir de\u011fi\u015fti\u011fi i\u00e7in erken t\u0131bbi de\u011ferlendirme yerinde olur. \u00d6zellikle androgenetik sa\u00e7 d\u00f6k\u00fclmesi tedavi edilmedi\u011finde ilerlemeye devam eder ve kendili\u011finden durmaz.<\/p>\n\n\n\n<h2 class=\"wp-block-heading\">Ba\u015f\u0131n arka k\u0131sm\u0131nda tam olarak nerede? Nedeni b\u00f6lge belirler<\/h2>\n\n\n\n<p class=\"wp-block-paragraph\">Ba\u015f\u0131n arka k\u0131sm\u0131ndaki sa\u00e7 d\u00f6k\u00fclmesinde nedeni b\u00f6lge belirler: <strong>Vertex<\/strong>, yani sa\u00e7 d\u00f6nme noktas\u0131n\u0131n \u00e7evresindeki \u00fcst arka kafa b\u00f6lgesi androjene duyarl\u0131d\u0131r ve bu nedenle kal\u0131tsal sa\u00e7 d\u00f6k\u00fclmesinin klasik b\u00f6lgesidir. Ba\u015f\u0131n alt arka k\u0131sm\u0131 ve ense, t\u0131bbi ad\u0131yla <strong>oksipital b\u00f6lge<\/strong>, buna kar\u015f\u0131l\u0131k DHT&#8217;ye diren\u00e7li kabul edilir. Sa\u00e7 ekiminde tam da bu nedenle kullan\u0131lan alan, <a href=\"\/tr\/sac-ekimi-sonrasi-donor-bolge-nasil-etkilenir\/\">ba\u015f\u0131n arka k\u0131sm\u0131ndaki don\u00f6r b\u00f6lgedir<\/a>.<\/p>\n\n\n\n<p class=\"wp-block-paragraph\">Bunun ard\u0131ndaki mekanizman\u0131n ad\u0131 <strong>Don\u00f6r Dominans\u0131<\/strong>. Norman Orentreich 1959&#8217;da, nakledilen bir sa\u00e7 folik\u00fcl\u00fcn\u00fcn nereye yerle\u015ftirildi\u011finden ba\u011f\u0131ms\u0131z olarak genetik \u00f6zelli\u011fini korudu\u011funu tan\u0131mlad\u0131. Yani dihidrotestosterona (DHT) duyarl\u0131l\u0131k, sa\u00e7l\u0131 deride de\u011fil folik\u00fcl\u00fcn kendisinde bulunur. Don\u00f6r alan\u0131n hesaplanmas\u0131na ili\u015fkin g\u00fcncel derlemeler bu ilkeyi sa\u00e7 ekiminin temeli olarak do\u011fruluyor.<sup>[4]<\/sup><\/p>\n\n\n\n<p class=\"wp-block-paragraph\">Bundan iki sonu\u00e7 \u00e7\u0131kar. Birincisi, vertex seyrelirken sa\u00e7 tac\u0131 yerinde kal\u0131r ve oksipital bir folik\u00fcl sa\u00e7 d\u00f6nme noktas\u0131nda da b\u00fcy\u00fcmeye devam eder. \u0130kincisi, <strong>ensede sa\u00e7 kayb\u0131<\/strong> daha yak\u0131ndan bakmak i\u00e7in bir nedendir; \u201ckal\u0131tsal\u201d demek i\u00e7in de\u011fil: Orada sa\u00e7k\u0131ran, \u00e7ekme, bas\u0131 ve iltihabi bi\u00e7imler daha ger\u00e7ek\u00e7i a\u00e7\u0131klamalard\u0131r.<\/p>\n\n\n<div class=\"wp-block-image\">\n<figure class=\"aligncenter size-large is-resized\" style=\"max-width:720px;margin-left:auto;margin-right:auto\"><img decoding=\"async\" src=\"https:\/\/elithair.com\/tr\/wp-content\/uploads\/sites\/10\/2026\/08\/zonen_landkarte_hinterkopf__tr.png\" alt=\"Ba\u015f\u0131n arka k\u0131sm\u0131n\u0131n b\u00f6lgeleri: sa\u00e7 d\u00f6nme noktas\u0131yla vertex, oksipital don\u00f6r b\u00f6lge ve tipik nedenleriyle ense b\u00f6lgesi\" class=\"wp-image-83774\" style=\"width:720px;max-width:100%;height:auto\"\/><\/figure>\n<\/div>\n\n\n<style>\n@media (max-width:640px){\n.rt-table-wrap{overflow-x:visible!important;border:0!important;border-radius:0!important}\n.rt-table{min-width:0!important}\n.rt-table thead{display:none}\n.rt-table,.rt-table tbody,.rt-table tr,.rt-table td{display:block;width:100%}\n.rt-table caption{display:block;padding:0 0 12px!important}\n.rt-table tr{margin:0 0 12px;border:1px solid #dbe4f0;border-radius:10px;overflow:hidden}\n.rt-table tr:last-child{margin-bottom:0}\n.rt-table td{display:flex!important;flex-direction:column;gap:3px;padding:12px 14px!important;\nborder:0!important;border-bottom:1px solid #e3e8ef!important;background:#ffffff!important}\n.rt-table tr td:last-child{border-bottom:0!important}\n.rt-table td::before{content:attr(data-label);font-size:12px;font-weight:700;letter-spacing:.04em;\ntext-transform:uppercase;color:#5799F1}\n.rt-table td:not([data-label])::before,.rt-table td[data-label=\"\"]::before{display:none}\n}\n<\/style>\n<div class=\"rt-table-wrap\" style=\"overflow-x:auto;-webkit-overflow-scrolling:touch;margin:28px 0;border:1px solid #dbe4f0;border-radius:12px\">\n  <table class=\"rt-table\" style=\"width:100%;min-width:660px;table-layout:fixed;border-collapse:separate;border-spacing:0;font-size:15px;margin:0\">\n    <caption style=\"caption-side:top;text-align:left;color:#003366;font-weight:700;font-size:16px;line-height:1.35;padding:14px 16px 10px;background:#ffffff\">Ba\u015f\u0131n arka k\u0131sm\u0131nda sa\u00e7\u0131n nerede eksildi\u011fi, neden hakk\u0131nda \u00e7ok \u015fey s\u00f6yler<\/caption>\n    <thead>\n      <tr>\n        <th style=\"width:22%;background:#003366;color:#ffffff;font-weight:700;text-align:left;vertical-align:middle;padding:13px 16px;font-size:15px;line-height:1.4;border:0;overflow-wrap:break-word\">Ba\u015f\u0131n arka k\u0131sm\u0131ndaki b\u00f6lge<\/th>\n        <th style=\"background:#003366;color:#ffffff;font-weight:700;text-align:left;vertical-align:middle;padding:13px 16px;font-size:15px;line-height:1.4;border:0;overflow-wrap:break-word\">Ne g\u00f6r\u00fcyorsunuz<\/th>\n        <th style=\"background:#003366;color:#ffffff;font-weight:700;text-align:left;vertical-align:middle;padding:13px 16px;font-size:15px;line-height:1.4;border:0;overflow-wrap:break-word\">En s\u0131k a\u00e7\u0131klama<\/th>\n        <th style=\"background:#003366;color:#ffffff;font-weight:700;text-align:left;vertical-align:middle;padding:13px 16px;font-size:15px;line-height:1.4;border:0;overflow-wrap:break-word\">Sonraki ad\u0131m<\/th>\n      <\/tr>\n    <\/thead>\n    <tbody>\n      <tr>\n        <td data-label=\"Ba\u015f\u0131n arka k\u0131sm\u0131ndaki b\u00f6lge\" style=\"background:#ffffff;color:#003366;font-weight:700;text-align:left;vertical-align:top;padding:13px 16px;font-size:15px;line-height:1.55;border:0;border-bottom:1px solid #e3e8ef;overflow-wrap:break-word\">Vertex ve sa\u00e7 d\u00f6nme b\u00f6lgesi (\u00fcst arka kafa)<\/td>\n        <td data-label=\"Ne g\u00f6r\u00fcyorsunuz\" style=\"background:#ffffff;color:#22303e;font-weight:400;text-align:left;vertical-align:top;padding:13px 16px;font-size:15px;line-height:1.55;border:0;border-bottom:1px solid #e3e8ef;overflow-wrap:break-word\">Sa\u00e7 d\u00f6nme noktas\u0131n\u0131n \u00e7evresinde sa\u00e7l\u0131 deri g\u00f6r\u00fcn\u00fcyor, alan aylar i\u00e7inde yava\u015f\u00e7a b\u00fcy\u00fcyor, aralarda k\u0131sa ince sa\u00e7lar var<\/td>\n        <td data-label=\"En s\u0131k a\u00e7\u0131klama\" style=\"background:#ffffff;color:#22303e;font-weight:400;text-align:left;vertical-align:top;padding:13px 16px;font-size:15px;line-height:1.55;border:0;border-bottom:1px solid #e3e8ef;overflow-wrap:break-word\">Androgenetik alopesi, vertex tipi (Norwood II ila V)<\/td>\n        <td data-label=\"Sonraki ad\u0131m\" style=\"background:#ffffff;color:#22303e;font-weight:400;text-align:left;vertical-align:top;padding:13px 16px;font-size:15px;line-height:1.55;border:0;border-bottom:1px solid #e3e8ef;overflow-wrap:break-word\">Norwood evresini belirleyin, seyri foto\u011frafla belgeleyin, konservatif tedaviyi de\u011ferlendirin<\/td>\n      <\/tr>\n      <tr>\n        <td data-label=\"Ba\u015f\u0131n arka k\u0131sm\u0131ndaki b\u00f6lge\" style=\"background:#f6f9fc;color:#003366;font-weight:700;text-align:left;vertical-align:top;padding:13px 16px;font-size:15px;line-height:1.55;border:0;border-bottom:1px solid #e3e8ef;overflow-wrap:break-word\">Vertexten \u00fcst kafaya ge\u00e7i\u015f<\/td>\n        <td data-label=\"Ne g\u00f6r\u00fcyorsunuz\" style=\"background:#f6f9fc;color:#22303e;font-weight:400;text-align:left;vertical-align:top;padding:13px 16px;font-size:15px;line-height:1.55;border:0;border-bottom:1px solid #e3e8ef;overflow-wrap:break-word\">Sa\u00e7 d\u00f6nme noktas\u0131 ile tepe ayr\u0131m\u0131 b\u00f6lgesini birle\u015ftiren seyrek bir \u015ferit<\/td>\n        <td data-label=\"En s\u0131k a\u00e7\u0131klama\" style=\"background:#f6f9fc;color:#22303e;font-weight:400;text-align:left;vertical-align:top;padding:13px 16px;font-size:15px;line-height:1.55;border:0;border-bottom:1px solid #e3e8ef;overflow-wrap:break-word\">\u0130lerleyen androgenetik alopesi<\/td>\n        <td data-label=\"Sonraki ad\u0131m\" style=\"background:#f6f9fc;color:#22303e;font-weight:400;text-align:left;vertical-align:top;padding:13px 16px;font-size:15px;line-height:1.55;border:0;border-bottom:1px solid #e3e8ef;overflow-wrap:break-word\">T\u0131bbi de\u011ferlendirme, her t\u00fcrl\u00fc planlamadan \u00f6nce stabilizasyon<\/td>\n      <\/tr>\n      <tr>\n        <td data-label=\"Ba\u015f\u0131n arka k\u0131sm\u0131ndaki b\u00f6lge\" style=\"background:#ffffff;color:#003366;font-weight:700;text-align:left;vertical-align:top;padding:13px 16px;font-size:15px;line-height:1.55;border:0;border-bottom:1px solid #e3e8ef;overflow-wrap:break-word\">Oksipital b\u00f6lge ve sa\u00e7 tac\u0131 (orta arka kafa)<\/td>\n        <td data-label=\"Ne g\u00f6r\u00fcyorsunuz\" style=\"background:#ffffff;color:#22303e;font-weight:400;text-align:left;vertical-align:top;padding:13px 16px;font-size:15px;line-height:1.55;border:0;border-bottom:1px solid #e3e8ef;overflow-wrap:break-word\">S\u0131n\u0131rlar\u0131 keskin, yuvarlak ve d\u00fczg\u00fcn ciltli a\u00e7\u0131k bir alan<\/td>\n        <td data-label=\"En s\u0131k a\u00e7\u0131klama\" style=\"background:#ffffff;color:#22303e;font-weight:400;text-align:left;vertical-align:top;padding:13px 16px;font-size:15px;line-height:1.55;border:0;border-bottom:1px solid #e3e8ef;overflow-wrap:break-word\">Sa\u00e7k\u0131ran; kal\u0131tsal sa\u00e7 d\u00f6k\u00fclmesi burada al\u0131\u015f\u0131lmad\u0131kt\u0131r (DHT&#8217;ye diren\u00e7li b\u00f6lge)<\/td>\n        <td data-label=\"Sonraki ad\u0131m\" style=\"background:#ffffff;color:#22303e;font-weight:400;text-align:left;vertical-align:top;padding:13px 16px;font-size:15px;line-height:1.55;border:0;border-bottom:1px solid #e3e8ef;overflow-wrap:break-word\">K\u0131sa s\u00fcre i\u00e7inde bir dermatoloji hekimine ba\u015fvurun<\/td>\n      <\/tr>\n      <tr>\n        <td data-label=\"Ba\u015f\u0131n arka k\u0131sm\u0131ndaki b\u00f6lge\" style=\"background:#f6f9fc;color:#003366;font-weight:700;text-align:left;vertical-align:top;padding:13px 16px;font-size:15px;line-height:1.55;border:0;border-bottom:1px solid #e3e8ef;overflow-wrap:break-word\">Alt sa\u00e7 \u00e7izgisi, kulaktan kula\u011fa bant bi\u00e7iminde<\/td>\n        <td data-label=\"Ne g\u00f6r\u00fcyorsunuz\" style=\"background:#f6f9fc;color:#22303e;font-weight:400;text-align:left;vertical-align:top;padding:13px 16px;font-size:15px;line-height:1.55;border:0;border-bottom:1px solid #e3e8ef;overflow-wrap:break-word\">Ense boyunca alt sa\u00e7 \u00e7izgisi hatt\u0131nda \u015ferit bi\u00e7iminde kay\u0131p<\/td>\n        <td data-label=\"En s\u0131k a\u00e7\u0131klama\" style=\"background:#f6f9fc;color:#22303e;font-weight:400;text-align:left;vertical-align:top;padding:13px 16px;font-size:15px;line-height:1.55;border:0;border-bottom:1px solid #e3e8ef;overflow-wrap:break-word\">Sa\u00e7k\u0131ran\u0131n ofiazis tipi<\/td>\n        <td data-label=\"Sonraki ad\u0131m\" style=\"background:#f6f9fc;color:#22303e;font-weight:400;text-align:left;vertical-align:top;padding:13px 16px;font-size:15px;line-height:1.55;border:0;border-bottom:1px solid #e3e8ef;overflow-wrap:break-word\">K\u0131sa s\u00fcre i\u00e7inde bir dermatoloji hekimine ba\u015fvurun; prognoz daha olumsuz<\/td>\n      <\/tr>\n      <tr>\n        <td data-label=\"Ba\u015f\u0131n arka k\u0131sm\u0131ndaki b\u00f6lge\" style=\"background:#ffffff;color:#003366;font-weight:700;text-align:left;vertical-align:top;padding:13px 16px;font-size:15px;line-height:1.55;border:0;border-bottom:1px solid #e3e8ef;overflow-wrap:break-word\">Ense ve temas noktalar\u0131 (yast\u0131k, koltuk ba\u015fl\u0131\u011f\u0131, kask, yaka)<\/td>\n        <td data-label=\"Ne g\u00f6r\u00fcyorsunuz\" style=\"background:#ffffff;color:#22303e;font-weight:400;text-align:left;vertical-align:top;padding:13px 16px;font-size:15px;line-height:1.55;border:0;border-bottom:1px solid #e3e8ef;overflow-wrap:break-word\">S\u00fcrt\u00fcnme y\u00fczeyinde yayg\u0131n seyrelme veya k\u0131r\u0131lm\u0131\u015f sa\u00e7lar<\/td>\n        <td data-label=\"En s\u0131k a\u00e7\u0131klama\" style=\"background:#ffffff;color:#22303e;font-weight:400;text-align:left;vertical-align:top;padding:13px 16px;font-size:15px;line-height:1.55;border:0;border-bottom:1px solid #e3e8ef;overflow-wrap:break-word\">Friksiyon veya bas\u0131 alopesisi<\/td>\n        <td data-label=\"Sonraki ad\u0131m\" style=\"background:#ffffff;color:#22303e;font-weight:400;text-align:left;vertical-align:top;padding:13px 16px;font-size:15px;line-height:1.55;border:0;border-bottom:1px solid #e3e8ef;overflow-wrap:break-word\">Tetikleyiciyi ortadan kald\u0131r\u0131n ve \u00fc\u00e7 ay g\u00f6zlemleyin<\/td>\n      <\/tr>\n      <tr>\n        <td data-label=\"Ba\u015f\u0131n arka k\u0131sm\u0131ndaki b\u00f6lge\" style=\"background:#f6f9fc;color:#003366;font-weight:700;text-align:left;vertical-align:top;padding:13px 16px;font-size:15px;line-height:1.55;border:0;border-bottom:1px solid #e3e8ef;overflow-wrap:break-word\">\u00c7ekme hatlar\u0131 (at kuyru\u011fu, topuz, sa\u00e7 kayna\u011f\u0131, sar\u0131k)<\/td>\n        <td data-label=\"Ne g\u00f6r\u00fcyorsunuz\" style=\"background:#f6f9fc;color:#22303e;font-weight:400;text-align:left;vertical-align:top;padding:13px 16px;font-size:15px;line-height:1.55;border:0;border-bottom:1px solid #e3e8ef;overflow-wrap:break-word\">\u00c7ekme hatt\u0131 boyunca seyrelme, \u00e7o\u011fu zaman simetrik<\/td>\n        <td data-label=\"En s\u0131k a\u00e7\u0131klama\" style=\"background:#f6f9fc;color:#22303e;font-weight:400;text-align:left;vertical-align:top;padding:13px 16px;font-size:15px;line-height:1.55;border:0;border-bottom:1px solid #e3e8ef;overflow-wrap:break-word\">Traksiyon alopesisi<\/td>\n        <td data-label=\"Sonraki ad\u0131m\" style=\"background:#f6f9fc;color:#22303e;font-weight:400;text-align:left;vertical-align:top;padding:13px 16px;font-size:15px;line-height:1.55;border:0;border-bottom:1px solid #e3e8ef;overflow-wrap:break-word\">\u00c7ekmeyi sonland\u0131r\u0131n; erken d\u00f6nemde geri d\u00f6ner, ge\u00e7 d\u00f6nemde skarla\u015f\u0131r<\/td>\n      <\/tr>\n      <tr>\n        <td data-label=\"Ba\u015f\u0131n arka k\u0131sm\u0131ndaki b\u00f6lge\" style=\"background:#ffffff;color:#003366;font-weight:700;text-align:left;vertical-align:top;padding:13px 16px;font-size:15px;line-height:1.55;border:0;overflow-wrap:break-word\">K\u0131zar\u0131kl\u0131k, pullanma, p\u00fcst\u00fcl, a\u011fr\u0131 veya parlak d\u00fczg\u00fcn cilt g\u00f6r\u00fclen her b\u00f6lge<\/td>\n        <td data-label=\"Ne g\u00f6r\u00fcyorsunuz\" style=\"background:#ffffff;color:#22303e;font-weight:400;text-align:left;vertical-align:top;padding:13px 16px;font-size:15px;line-height:1.55;border:0;overflow-wrap:break-word\">\u0130ltihap belirtileri veya kaybolmu\u015f sa\u00e7 g\u00f6zenekleri<\/td>\n        <td data-label=\"En s\u0131k a\u00e7\u0131klama\" style=\"background:#ffffff;color:#22303e;font-weight:400;text-align:left;vertical-align:top;padding:13px 16px;font-size:15px;line-height:1.55;border:0;overflow-wrap:break-word\">\u0130ltihabi veya skarl\u0131 alopesi<\/td>\n        <td data-label=\"Sonraki ad\u0131m\" style=\"background:#ffffff;color:#22303e;font-weight:400;text-align:left;vertical-align:top;padding:13px 16px;font-size:15px;line-height:1.55;border:0;overflow-wrap:break-word\">Beklemeyin, hekime ba\u015fvurun<\/td>\n      <\/tr>\n    <\/tbody>\n  <\/table>\n<\/div>\n\n\n\n<div style=\"border:1px solid #e3e8ef;border-left:5px solid #013366;border-radius:10px;padding:18px 20px;margin:8px 0 28px\">\n<p style=\"margin:0 0 8px;color:#013366;font-weight:700;font-size:16px\">Dan\u0131\u015fma prati\u011finden bir de\u011ferlendirme<\/p>\n<p style=\"margin:0;color:#2e3033;font-size:15px;line-height:1.65\">Bize ba\u015f\u0131n alt arka k\u0131sm\u0131ndan ya da enseden foto\u011fraf g\u00f6nderenlerde a\u00e7\u0131klama \u00e7o\u011fu durumda kal\u0131tsal sa\u00e7 d\u00f6k\u00fclmesi de\u011fil, s\u0131n\u0131rlar\u0131 keskin bir alan, bir \u00e7ekme hatt\u0131 ya da bir s\u00fcrt\u00fcnme y\u00fczeyidir. Tersi de ge\u00e7erli: Sa\u00e7 d\u00f6nme noktas\u0131ndan gelen foto\u011fraflar \u00e7ok s\u0131k, ki\u015finin kendisinin h\u00e2l\u00e2 \u201cg\u00fcr bir sa\u00e7 d\u00f6nmesi\u201d sand\u0131\u011f\u0131 erken bir vertex evresini g\u00f6sterir. Bu y\u00fczden en ba\u015fta her zaman b\u00f6lge sorusu gelir, tedavi sorusu de\u011fil.<\/p>\n<\/div>\n\n\n\n<h2 class=\"wp-block-heading\">Sa\u00e7 d\u00f6nmesi mi, yoksa seyrelme mi? Ba\u015f\u0131n arka k\u0131sm\u0131 i\u00e7in kendi kendine kontrol<\/h2>\n\n\n\n<p class=\"wp-block-paragraph\">Ba\u015f\u0131n arka k\u0131sm\u0131ndaki sa\u00e7 d\u00f6nmesi do\u011fal bir b\u00fcy\u00fcme paternidir ve hi\u00e7bir zaman kelle\u015fmez; ba\u015flayan bir tonsura ise sa\u00e7 d\u00f6nme noktas\u0131ndan d\u0131\u015fa do\u011fru yay\u0131l\u0131r. Fark, a\u00e7\u0131k alan\u0131n b\u00fcy\u00fckl\u00fc\u011f\u00fcnde de\u011fil; kenardaki sa\u00e7 yo\u011funlu\u011funda, sa\u00e7 kal\u0131nl\u0131\u011f\u0131nda ve aylar i\u00e7indeki seyirdedir. Kal\u0131tsal sa\u00e7 d\u00f6k\u00fclmesinin trikoskopik temel \u00f6l\u00e7\u00fct\u00fc <strong>anizotrikoz<\/strong>, yani erkeklerde en az %20, kad\u0131nlarda %10 oran\u0131nda sa\u00e7 teli \u00e7ap\u0131 de\u011fi\u015fkenli\u011fidir.<sup>[5]<\/sup><\/p>\n\n\n\n<h3 class=\"wp-block-heading\">Sa\u00e7 d\u00f6nmesini sa\u00e7 d\u00f6k\u00fclmesinden nas\u0131l ay\u0131rt ederim?<\/h3>\n\n\n\n<p class=\"wp-block-paragraph\"><strong>Normal bir sa\u00e7 d\u00f6nmesinde yo\u011funluk tam girdab\u0131n kenar\u0131na kadar ayn\u0131 derecede y\u00fcksek kal\u0131r; ba\u015flayan bir tonsura ise kenara do\u011fru seyrelir ve minyat\u00fcrizasyon g\u00f6sterir, yani g\u00fc\u00e7l\u00fc sa\u00e7lar\u0131n aras\u0131nda k\u0131sa ve ince sa\u00e7lar bulunur.<\/strong> D\u00f6rt \u00f6zellik ikisini g\u00fcvenilir bi\u00e7imde ay\u0131r\u0131r:<\/p>\n\n\n\n<ul class=\"wp-block-list\">\n<li><strong>Kenar:<\/strong> Sa\u00e7 d\u00f6nmesinde yo\u011funluk tam girdaba kadar y\u00fcksek kal\u0131r, tonsurada kenara do\u011fru azal\u0131r.<\/li>\n\n\n<li><strong>Sa\u00e7 kal\u0131nl\u0131\u011f\u0131:<\/strong> Sa\u00e7 d\u00f6nmesinde t\u00fcm sa\u00e7lar benzer kal\u0131nl\u0131ktad\u0131r; tonsurada kal\u0131n sa\u00e7lar\u0131n aras\u0131nda k\u0131sa ve ince sa\u00e7lar bulunur (minyat\u00fcrizasyon).<\/li>\n\n\n<li><strong>Bi\u00e7im:<\/strong> Sa\u00e7 d\u00f6nmesi, \u00e7\u0131k\u0131\u015f y\u00f6n\u00fc belirgin bir girdapt\u0131r; tonsura ise d\u0131\u015fa do\u011fru b\u00fcy\u00fcyen yuvarlak\u00e7a bir aland\u0131r.<\/li>\n\n\n<li><strong>Seyir:<\/strong> Sa\u00e7 d\u00f6nmesi \u00fc\u00e7 ila alt\u0131 ay sonra ayn\u0131 g\u00f6r\u00fcn\u00fcr, tonsura \u00f6l\u00e7\u00fclebilir bi\u00e7imde b\u00fcy\u00fcm\u00fc\u015ft\u00fcr.<\/li>\n\n<\/ul>\n\n\n\n<p class=\"wp-block-paragraph\">Bu d\u00f6rt \u00f6zellik, dermatolojik trikoskopide \u00f6l\u00e7\u00fclen \u00f6zelliklerdir: \u201cTrichoscopy of Androgenetic Alopecia\u201d adl\u0131 sistematik derlemede androgenetik alopesili hastalar\u0131n %94&#8217;\u00fcnde sa\u00e7 \u00e7ap\u0131 de\u011fi\u015fkenli\u011fi, %66&#8217;s\u0131nda vellus sa\u00e7lar saptand\u0131.<sup>[5]<\/sup> Kendi kendine kontrol trikoskopinin yerini tutmaz. Yaln\u0131zca sakin sakin g\u00f6zlemleyece\u011finize mi yoksa randevu alaca\u011f\u0131n\u0131za m\u0131 karar verir.<\/p>\n\n\n<div class=\"wp-block-image\">\n<figure class=\"aligncenter size-large is-resized\" style=\"max-width:560px;margin-left:auto;margin-right:auto\"><img decoding=\"async\" src=\"https:\/\/elithair.com\/tr\/wp-content\/uploads\/sites\/10\/2026\/08\/wirbel_vs_tonsur.png\" alt=\"\u0130ki sa\u00e7l\u0131 deri kesitinin yukar\u0131dan kar\u015f\u0131la\u015ft\u0131rmas\u0131: solda e\u015fit yo\u011funlukta sa\u00e7 d\u00f6nmesi, sa\u011fda ince sa\u00e7larla seyrelen tonsura\" class=\"wp-image-83775\" style=\"width:560px;max-width:100%;height:auto\"\/><\/figure>\n<\/div>\n\n\n<style>\n@media (max-width:640px){\n.rt-table-wrap{overflow-x:visible!important;border:0!important;border-radius:0!important}\n.rt-table{min-width:0!important}\n.rt-table thead{display:none}\n.rt-table,.rt-table tbody,.rt-table tr,.rt-table td{display:block;width:100%}\n.rt-table caption{display:block;padding:0 0 12px!important}\n.rt-table tr{margin:0 0 12px;border:1px solid #dbe4f0;border-radius:10px;overflow:hidden}\n.rt-table tr:last-child{margin-bottom:0}\n.rt-table td{display:flex!important;flex-direction:column;gap:3px;padding:12px 14px!important;\nborder:0!important;border-bottom:1px solid #e3e8ef!important;background:#ffffff!important}\n.rt-table tr td:last-child{border-bottom:0!important}\n.rt-table td::before{content:attr(data-label);font-size:12px;font-weight:700;letter-spacing:.04em;\ntext-transform:uppercase;color:#5799F1}\n.rt-table td:not([data-label])::before,.rt-table td[data-label=\"\"]::before{display:none}\n}\n<\/style>\n<div class=\"rt-table-wrap\" style=\"overflow-x:auto;-webkit-overflow-scrolling:touch;margin:28px 0;border:1px solid #dbe4f0;border-radius:12px\">\n  <table class=\"rt-table\" style=\"width:100%;min-width:620px;table-layout:fixed;border-collapse:separate;border-spacing:0;font-size:15px;margin:0\">\n    <caption style=\"caption-side:top;text-align:left;color:#003366;font-weight:700;font-size:16px;line-height:1.35;padding:14px 16px 10px;background:#ffffff\">Kendi kendine kontrol: normal sa\u00e7 d\u00f6nmesi mi, ba\u015flayan tonsura m\u0131?<\/caption>\n    <thead>\n      <tr>\n        <th style=\"width:22%;background:#003366;color:#ffffff;font-weight:700;text-align:left;vertical-align:middle;padding:13px 16px;font-size:15px;line-height:1.4;border:0;overflow-wrap:break-word\">\u00d6zellik<\/th>\n        <th style=\"background:#003366;color:#ffffff;font-weight:700;text-align:left;vertical-align:middle;padding:13px 16px;font-size:15px;line-height:1.4;border:0;overflow-wrap:break-word\">Normal sa\u00e7 d\u00f6nmesi<\/th>\n        <th style=\"background:#003366;color:#ffffff;font-weight:700;text-align:left;vertical-align:middle;padding:13px 16px;font-size:15px;line-height:1.4;border:0;overflow-wrap:break-word\">Ba\u015flayan tonsura<\/th>\n      <\/tr>\n    <\/thead>\n    <tbody>\n      <tr>\n        <td data-label=\"\u00d6zellik\" style=\"background:#ffffff;color:#003366;font-weight:700;text-align:left;vertical-align:top;padding:13px 16px;font-size:15px;line-height:1.55;border:0;border-bottom:1px solid #e3e8ef;overflow-wrap:break-word\">A\u00e7\u0131k alan\u0131n kenar\u0131ndaki yo\u011funluk<\/td>\n        <td data-label=\"Normal sa\u00e7 d\u00f6nmesi\" style=\"background:#ffffff;color:#22303e;font-weight:400;text-align:left;vertical-align:top;padding:13px 16px;font-size:15px;line-height:1.55;border:0;border-bottom:1px solid #e3e8ef;overflow-wrap:break-word\">Tam girdaba kadar y\u00fcksek kal\u0131r<\/td>\n        <td data-label=\"Ba\u015flayan tonsura\" style=\"background:#ffffff;color:#22303e;font-weight:400;text-align:left;vertical-align:top;padding:13px 16px;font-size:15px;line-height:1.55;border:0;border-bottom:1px solid #e3e8ef;overflow-wrap:break-word\">Kenara do\u011fru azal\u0131r, yumu\u015fak ge\u00e7i\u015f<\/td>\n      <\/tr>\n      <tr>\n        <td data-label=\"\u00d6zellik\" style=\"background:#f6f9fc;color:#003366;font-weight:700;text-align:left;vertical-align:top;padding:13px 16px;font-size:15px;line-height:1.55;border:0;border-bottom:1px solid #e3e8ef;overflow-wrap:break-word\">Alandaki sa\u00e7 kal\u0131nl\u0131\u011f\u0131<\/td>\n        <td data-label=\"Normal sa\u00e7 d\u00f6nmesi\" style=\"background:#f6f9fc;color:#22303e;font-weight:400;text-align:left;vertical-align:top;padding:13px 16px;font-size:15px;line-height:1.55;border:0;border-bottom:1px solid #e3e8ef;overflow-wrap:break-word\">E\u015fit \u00f6l\u00e7\u00fcde g\u00fc\u00e7l\u00fc<\/td>\n        <td data-label=\"Ba\u015flayan tonsura\" style=\"background:#f6f9fc;color:#22303e;font-weight:400;text-align:left;vertical-align:top;padding:13px 16px;font-size:15px;line-height:1.55;border:0;border-bottom:1px solid #e3e8ef;overflow-wrap:break-word\">Kal\u0131n ve ince sa\u00e7lar kar\u0131\u015f\u0131k, \u00e7ok say\u0131da k\u0131sa ince sa\u00e7<\/td>\n      <\/tr>\n      <tr>\n        <td data-label=\"\u00d6zellik\" style=\"background:#ffffff;color:#003366;font-weight:700;text-align:left;vertical-align:top;padding:13px 16px;font-size:15px;line-height:1.55;border:0;border-bottom:1px solid #e3e8ef;overflow-wrap:break-word\">Bi\u00e7im<\/td>\n        <td data-label=\"Normal sa\u00e7 d\u00f6nmesi\" style=\"background:#ffffff;color:#22303e;font-weight:400;text-align:left;vertical-align:top;padding:13px 16px;font-size:15px;line-height:1.55;border:0;border-bottom:1px solid #e3e8ef;overflow-wrap:break-word\">\u00c7\u0131k\u0131\u015f y\u00f6n\u00fc belirgin girdap<\/td>\n        <td data-label=\"Ba\u015flayan tonsura\" style=\"background:#ffffff;color:#22303e;font-weight:400;text-align:left;vertical-align:top;padding:13px 16px;font-size:15px;line-height:1.55;border:0;border-bottom:1px solid #e3e8ef;overflow-wrap:break-word\">Yuvarlak\u00e7a alan, d\u0131\u015fa do\u011fru b\u00fcy\u00fcr<\/td>\n      <\/tr>\n      <tr>\n        <td data-label=\"\u00d6zellik\" style=\"background:#f6f9fc;color:#003366;font-weight:700;text-align:left;vertical-align:top;padding:13px 16px;font-size:15px;line-height:1.55;border:0;border-bottom:1px solid #e3e8ef;overflow-wrap:break-word\">3 ila 6 ayl\u0131k seyir<\/td>\n        <td data-label=\"Normal sa\u00e7 d\u00f6nmesi\" style=\"background:#f6f9fc;color:#22303e;font-weight:400;text-align:left;vertical-align:top;padding:13px 16px;font-size:15px;line-height:1.55;border:0;border-bottom:1px solid #e3e8ef;overflow-wrap:break-word\">De\u011fi\u015fmez<\/td>\n        <td data-label=\"Ba\u015flayan tonsura\" style=\"background:#f6f9fc;color:#22303e;font-weight:400;text-align:left;vertical-align:top;padding:13px 16px;font-size:15px;line-height:1.55;border:0;border-bottom:1px solid #e3e8ef;overflow-wrap:break-word\">Alan \u00f6l\u00e7\u00fclebilir bi\u00e7imde b\u00fcy\u00fcr, sa\u00e7l\u0131 deri daha belirgin g\u00f6r\u00fcn\u00fcr<\/td>\n      <\/tr>\n      <tr>\n        <td data-label=\"\u00d6zellik\" style=\"background:#ffffff;color:#003366;font-weight:700;text-align:left;vertical-align:top;padding:13px 16px;font-size:15px;line-height:1.55;border:0;border-bottom:1px solid #e3e8ef;overflow-wrap:break-word\">Islak sa\u00e7taki g\u00f6r\u00fcn\u00fcm<\/td>\n        <td data-label=\"Normal sa\u00e7 d\u00f6nmesi\" style=\"background:#ffffff;color:#22303e;font-weight:400;text-align:left;vertical-align:top;padding:13px 16px;font-size:15px;line-height:1.55;border:0;border-bottom:1px solid #e3e8ef;overflow-wrap:break-word\">Islakken daha a\u00e7\u0131k g\u00f6r\u00fcn\u00fcr, kuruyunca yine normaldir<\/td>\n        <td data-label=\"Ba\u015flayan tonsura\" style=\"background:#ffffff;color:#22303e;font-weight:400;text-align:left;vertical-align:top;padding:13px 16px;font-size:15px;line-height:1.55;border:0;border-bottom:1px solid #e3e8ef;overflow-wrap:break-word\">Kuru ve \u015fekillendirilmemi\u015f sa\u00e7ta da g\u00f6r\u00fcn\u00fcr<\/td>\n      <\/tr>\n      <tr>\n        <td data-label=\"\u00d6zellik\" style=\"background:#f6f9fc;color:#003366;font-weight:700;text-align:left;vertical-align:top;padding:13px 16px;font-size:15px;line-height:1.55;border:0;border-bottom:1px solid #e3e8ef;overflow-wrap:break-word\">Ba\u015f\u0131n di\u011fer b\u00f6lgeleri<\/td>\n        <td data-label=\"Normal sa\u00e7 d\u00f6nmesi\" style=\"background:#f6f9fc;color:#22303e;font-weight:400;text-align:left;vertical-align:top;padding:13px 16px;font-size:15px;line-height:1.55;border:0;border-bottom:1px solid #e3e8ef;overflow-wrap:break-word\">Sa\u00e7 \u00e7izgisi ve \u015fakaklar de\u011fi\u015fmemi\u015f<\/td>\n        <td data-label=\"Ba\u015flayan tonsura\" style=\"background:#f6f9fc;color:#22303e;font-weight:400;text-align:left;vertical-align:top;padding:13px 16px;font-size:15px;line-height:1.55;border:0;border-bottom:1px solid #e3e8ef;overflow-wrap:break-word\">\u00c7o\u011fu zaman ek olarak \u015fakak a\u00e7\u0131kl\u0131klar\u0131<\/td>\n      <\/tr>\n      <tr>\n        <td data-label=\"\u00d6zellik\" style=\"background:#ffffff;color:#003366;font-weight:700;text-align:left;vertical-align:top;padding:13px 16px;font-size:15px;line-height:1.55;border:0;overflow-wrap:break-word\">\u015eimdi ne yapmal\u0131<\/td>\n        <td data-label=\"Normal sa\u00e7 d\u00f6nmesi\" style=\"background:#ffffff;color:#22303e;font-weight:400;text-align:left;vertical-align:top;padding:13px 16px;font-size:15px;line-height:1.55;border:0;overflow-wrap:break-word\">Foto\u011fraf protokol\u00fc olu\u015fturun ve 3 ay sonra kar\u015f\u0131la\u015ft\u0131r\u0131n<\/td>\n        <td data-label=\"Ba\u015flayan tonsura\" style=\"background:#ffffff;color:#22303e;font-weight:400;text-align:left;vertical-align:top;padding:13px 16px;font-size:15px;line-height:1.55;border:0;overflow-wrap:break-word\">Dermatoloji hekiminden randevu al\u0131n, evreyi belirleyin<\/td>\n      <\/tr>\n    <\/tbody>\n  <\/table>\n<\/div>\n\n\n\n<div style=\"border:1px solid #e3e8ef;border-radius:10px;padding:20px 22px;margin:8px 0 28px\">\n<p style=\"margin:0 0 12px;color:#013366;font-weight:700;font-size:17px\">Ba\u015f\u0131n arka k\u0131sm\u0131 i\u00e7in foto\u011fraf protokol\u00fc<\/p>\n<ul style=\"margin:0;padding-left:20px;color:#2e3033;font-size:15px;line-height:1.8\">\n<li>Pencere \u00f6n\u00fcnde g\u00fcn \u0131\u015f\u0131\u011f\u0131, yukar\u0131dan tavan ayd\u0131nlatmas\u0131 yok<\/li>\n<li>Sa\u00e7 kuru, \u015fekillendirilmemi\u015f, her zamanki gibi ayr\u0131lm\u0131\u015f<\/li>\n<li>Kamera arkadan ve yukar\u0131dan, her seferinde ayn\u0131 mesafe ve a\u00e7\u0131<\/li>\n<li>Her seferinde ayn\u0131 saat ve ayn\u0131 \u0131\u015f\u0131k ko\u015fulu<\/li>\n<li>\u00c7ekimler \u015fimdi, 3. ayda ve 6. ayda; dosya ad\u0131nda tarih olsun<\/li>\n<li>Kar\u015f\u0131la\u015ft\u0131rmak i\u00e7in iki foto\u011fraf\u0131 yan yana koyun, haf\u0131zan\u0131za g\u00f6re karar vermeyin<\/li>\n<\/ul>\n<p style=\"margin:12px 0 0;color:#5b6169;font-size:13.5px;font-style:italic\">Bu protokol hekim g\u00f6r\u00fc\u015fmesi i\u00e7in bir yol g\u00f6stericidir ve t\u0131bbi te\u015fhisin yerini tutmaz.<\/p>\n<\/div>\n\n\n<div class=\"wp-block-image\">\n<figure class=\"aligncenter size-large is-resized\" style=\"max-width:560px;margin-left:auto;margin-right:auto\"><img decoding=\"async\" src=\"https:\/\/elithair.com\/tr\/wp-content\/uploads\/sites\/10\/2026\/08\/foto_protokoll_hinterkopf.png\" alt=\"Foto\u011fraf protokol\u00fcn\u00fcn g\u00f6rseli: bir ki\u015fi pencere \u00f6n\u00fcnde kendi ba\u015f\u0131n\u0131n arka k\u0131sm\u0131n\u0131 foto\u011frafl\u0131yor, yan\u0131nda \u015fematik bir foto\u011fraf dizisi g\u00f6r\u00fcl\u00fcyor\" class=\"wp-image-83776\" style=\"width:560px;max-width:100%;height:auto\"\/><\/figure>\n<\/div>\n\n\n<h3 class=\"wp-block-heading\">Sa\u00e7 d\u00f6nme noktas\u0131nda en s\u0131k g\u00f6r\u00fclen \u00fc\u00e7 yanl\u0131\u015f alarm<\/h3>\n\n\n\n<p class=\"wp-block-paragraph\">Ba\u015f\u0131n arka k\u0131sm\u0131ndaki yanl\u0131\u015f alarmlar\u0131n \u00e7o\u011fu \u0131\u015f\u0131k, \u015fekillendirme ve sa\u00e7\u0131n \u00e7\u0131k\u0131\u015f paterninden kaynaklan\u0131r. Bu \u00fc\u00e7 noktaya ili\u015fkin \u00e7al\u0131\u015fma yok; bunlar dan\u0131\u015fmanl\u0131ktaki g\u00fcnl\u00fck deneyimler, ama endi\u015felerin b\u00fcy\u00fck b\u00f6l\u00fcm\u00fcn\u00fc a\u00e7\u0131kl\u0131yorlar. Birincisi, \u0131slak sa\u00e7, j\u00f6le ve wax sa\u00e7lar\u0131 sa\u00e7 d\u00f6nme noktas\u0131nda birbirine yap\u0131\u015ft\u0131r\u0131r; o zaman herkesin sa\u00e7l\u0131 derisi g\u00f6r\u00fcn\u00fcr hale gelir. \u0130kincisi, yukar\u0131dan gelen tavan \u0131\u015f\u0131\u011f\u0131 girdab\u0131n i\u00e7ine g\u00f6lge d\u00fc\u015f\u00fcr\u00fcr. \u00dc\u00e7\u00fcnc\u00fcs\u00fc, <strong>\u00e7ift sa\u00e7 d\u00f6nmesi<\/strong> bir b\u00fcy\u00fcme paternidir, sa\u00e7 d\u00f6k\u00fclmesi de\u011fil; yaln\u0131zca daha da\u011f\u0131n\u0131k g\u00f6r\u00fcn\u00fcr.<\/p>\n\n\n\n<p class=\"wp-block-paragraph\">\u0130ki nokta daha buraya ait, \u00e7\u00fcnk\u00fc s\u0131k\u00e7a kar\u0131\u015ft\u0131r\u0131l\u0131yor. Buna kar\u015f\u0131l\u0131k <strong>sa\u00e7 d\u00f6nme noktas\u0131ndaki bir g\u00fcne\u015f yan\u0131\u011f\u0131<\/strong> ciddiye al\u0131nmas\u0131 gereken bir i\u015farettir: Sa\u00e7\u0131n daha az oldu\u011fu yerde UV korumas\u0131 eksiktir, bu da ger\u00e7ekten azalm\u0131\u015f bir yo\u011funlu\u011fa i\u015faret eder. Ayr\u0131ca <strong>s\u0131rt\u00fcst\u00fc uyumak<\/strong> sa\u00e7 d\u00f6k\u00fclmesine yol a\u00e7maz. Ger\u00e7ek bir bas\u0131 alopesisi literat\u00fcrde saatler s\u00fcren hareketsizlik sonras\u0131nda, \u00f6rne\u011fin uzun ameliyatlardan sonra tan\u0131mlanm\u0131\u015ft\u0131r; normal bir gecenin ard\u0131ndan de\u011fil.<\/p>\n\n\n\n<h3 class=\"wp-block-heading\">Ba\u015f\u0131n arka k\u0131sm\u0131nda tonsura ne kadar h\u0131zl\u0131 geli\u015fir?<\/h3>\n\n\n\n<p class=\"wp-block-paragraph\">Ba\u015f\u0131n arka k\u0131sm\u0131ndaki tonsura ki\u015fiye g\u00f6re ve \u00e7o\u011funlukla y\u0131llar i\u00e7inde geli\u015fir, haftalar i\u00e7inde de\u011fil. Sabit bir h\u0131z yoktur; iyi kan\u0131tlanm\u0131\u015f olan yaln\u0131zca y\u00f6nd\u00fcr: Bir Avustralya kohortunda vertex ya da tam kellik tipi g\u00f6r\u00fclen erkeklerin oran\u0131 40-55 ya\u015f grubunda %31&#8217;den 65-69 ya\u015f grubunda %53&#8217;e y\u00fckseldi.<sup>[2]<\/sup> Yani kal\u0131tsal sa\u00e7 d\u00f6k\u00fclmesi onlarca y\u0131l boyunca ataklar h\u00e2linde ilerler.<\/p>\n\n\n\n<p class=\"wp-block-paragraph\">Karar\u0131n\u0131z i\u00e7in ortalamalardan \u00e7ok kendi h\u0131z\u0131n\u0131z \u00f6nemli. Alt\u0131 ay arayla \u00e7ekilen iki foto\u011fraf aras\u0131nda alan g\u00f6zle g\u00f6r\u00fcl\u00fcr bi\u00e7imde b\u00fcy\u00fcyorsa seyir aktif kabul edilir; o zaman sa\u00e7 ekimini d\u00fc\u015f\u00fcnmeden \u00f6nce t\u0131bbi bir de\u011ferlendirme yerinde olur. G\u00f6r\u00fcnt\u00fc bir y\u0131l boyunca ayn\u0131 kal\u0131yorsa bu, yava\u015f ya da stabilize olmu\u015f bir seyre i\u015faret eder. Foto\u011fraf protokol\u00fc tam da bu y\u00fczden bir sakinle\u015fme al\u0131\u015ft\u0131rmas\u0131ndan fazlas\u0131d\u0131r: Kendi ba\u015f\u0131n\u0131za elde edebilece\u011finiz tek seyir e\u011frisini sunar.<\/p>\n\n\n\n<h2 class=\"wp-block-heading\" id=\"ursachen\">Ba\u015f\u0131n arka k\u0131sm\u0131nda sa\u00e7 d\u00f6k\u00fclmesinin nedenleri<\/h2>\n\n\n\n<p class=\"wp-block-paragraph\"><strong>Ba\u015f\u0131n arka k\u0131sm\u0131ndaki sa\u00e7 d\u00f6k\u00fclmesinin en s\u0131k nedeni, vertexteki androgenetik alopesi, yani sa\u00e7 d\u00f6nme noktas\u0131n\u0131n \u00e7evresindeki genetik yatk\u0131nl\u0131kt\u0131r.<\/strong> Bunun yan\u0131nda paterni ve seyri farkl\u0131 olan hormonal, metabolik ve mekanik tetikleyiciler de s\u00f6z konusu olabilir. En s\u0131k nedenler \u015funlard\u0131r:<\/p>\n\n\n\n<ul class=\"wp-block-list\">\n<li><strong>Genetik yatk\u0131nl\u0131k:<\/strong> Kal\u0131tsal sa\u00e7 d\u00f6k\u00fclmesinde (androgenetik alopesi) \u015fakaklardaki, al\u0131n b\u00f6lgesindeki ve vertexteki, yani sa\u00e7 d\u00f6nme noktas\u0131n\u0131n \u00e7evresindeki \u00fcst arka kafadaki sa\u00e7 k\u00f6kleri DHT hormonuna \u00f6zellikle duyarl\u0131 tepki verir. Ba\u015f\u0131n alt arka k\u0131sm\u0131 ve ense kural olarak bundan etkilenmez, bu b\u00f6lgeler DHT&#8217;ye diren\u00e7lidir.<sup>[4]<\/sup><\/li>\n\n\n<li><strong>Hormonal de\u011fi\u015fimler:<\/strong> Hormonal bir dengesizlik ya da DHT&#8217;ye kar\u015f\u0131 artm\u0131\u015f duyarl\u0131l\u0131k sa\u00e7 d\u00f6ng\u00fcs\u00fcn\u00fc bozabilir ve tipik alanlardaki sa\u00e7 kayb\u0131n\u0131 h\u0131zland\u0131rabilir.<\/li>\n\n\n<li><strong>Stres:<\/strong> S\u00fcregelen bedensel ya da ruhsal stres sa\u00e7 d\u00f6ng\u00fcs\u00fcn\u00fc kayd\u0131rabilir. Buna ba\u011fl\u0131 sa\u00e7 kayb\u0131 gecikmeli olarak, tipik olarak tetikleyiciden iki ila \u00fc\u00e7 ay sonra ortaya \u00e7\u0131kar.<\/li>\n\n\n<li><strong>Besin eksikli\u011fi:<\/strong> V\u00fccutta demir, D vitamini, \u00e7inko ya da protein eksikse sa\u00e7 k\u00f6klerinin beslenmesi zarar g\u00f6rebilir. Ancak bu sa\u00e7 d\u00f6k\u00fclmesi t\u00fcm ba\u015fa yay\u0131lm\u0131\u015f dif\u00fcz bir d\u00f6k\u00fclmedir ve ba\u015f\u0131n arka k\u0131sm\u0131yla s\u0131n\u0131rl\u0131 de\u011fildir.<\/li>\n\n\n<li><strong>Hastal\u0131klar:<\/strong> Tiroit bozukluklar\u0131, otoimm\u00fcn hastal\u0131klar ve deri hastal\u0131klar\u0131 sa\u00e7 b\u00fcy\u00fcme d\u00f6ng\u00fcs\u00fcn\u00fc de\u011fi\u015ftirebilir ve sa\u00e7 d\u00f6k\u00fclmesini kolayla\u015ft\u0131rabilir.<\/li>\n\n\n<li><strong>\u0130la\u00e7lar:<\/strong> Baz\u0131 ila\u00e7lar yan etki olarak sa\u00e7 d\u00f6k\u00fclmesine yol a\u00e7abilir; bu d\u00f6k\u00fclme ba\u015fka yerlerin yan\u0131 s\u0131ra ba\u015f\u0131n arka k\u0131sm\u0131nda da kendini g\u00f6sterir.<\/li>\n\n<\/ul>\n\n\n\n<p class=\"wp-block-paragraph\">Kesin nedeni belirlemek i\u00e7in sa\u00e7l\u0131 derinin ve sa\u00e7 k\u00f6klerinin hekim taraf\u0131ndan muayenesi ve gerekirse kan tahlilleri yerinde olur. Sa\u00e7 kayb\u0131 bu b\u00f6lgede ilerlemi\u015f olsa bile nedene y\u00f6nelik tedavi belirleyicidir.<\/p>\n\n\n\n<h3 class=\"wp-block-heading\">Ba\u015f\u0131n alt arka k\u0131sm\u0131nda ve ensede tipik olarak g\u00f6r\u00fclen nedenler<\/h3>\n\n\n\n<p class=\"wp-block-paragraph\"><strong>Ba\u015f\u0131n alt arka k\u0131sm\u0131nda ve ensede vertex b\u00f6lgesindekinden farkl\u0131 nedenler \u00f6ne \u00e7\u0131kar, \u00e7\u00fcnk\u00fc bu b\u00f6lge DHT&#8217;ye diren\u00e7lidir.<\/strong> Seyrelen alan sa\u00e7 d\u00f6nme noktas\u0131nda de\u011filse bilmeniz gereken nedenler k\u0131saca \u015f\u00f6yle:<\/p>\n\n\n\n<ul class=\"wp-block-list\">\n<li><strong>Sa\u00e7k\u0131ran (alopesi areata):<\/strong> s\u0131n\u0131rlar\u0131 keskin, d\u00fczg\u00fcn, yuvarlak odaklar ve kenar\u0131nda \u00fcnlem i\u015fareti sa\u00e7lar\u0131. Alt sa\u00e7 \u00e7izgisindeki bant bi\u00e7imli <strong>ofiazis tipinin<\/strong> prevalans\u0131 yakla\u015f\u0131k %0,02&#8217;dir ve prognozu daha olumsuz kabul edilir (Lintzeri ve ark., JDDG 2022).<sup>[6]<\/sup><\/li>\n\n\n<li><strong>Traksiyon alopesisi:<\/strong> At kuyru\u011fu, topuz, cornrow \u00f6rg\u00fcler ya da sa\u00e7 kayna\u011f\u0131 kaynakl\u0131 \u00e7ekme; erken d\u00f6nemde tamamen geri d\u00f6ner, y\u0131llar sonra skarla\u015f\u0131r.<sup>[8]<\/sup><\/li>\n\n\n<li><strong>Friksiyon ve bas\u0131 alopesisi:<\/strong> Yast\u0131k, koltuk ba\u015fl\u0131\u011f\u0131, kask ya da yakaya s\u00fcrt\u00fcnme.<\/li>\n\n\n<li><strong>\u0130ltihabi ve skarl\u0131 nedenler:<\/strong> ensede \u00f6ne \u00e7\u0131kan <strong>akne keloidalis nuchae<\/strong> (StatPearls),<sup>[9]<\/sup> ayr\u0131ca folik\u00fclit dekalvans, s\u0131radan <a href=\"\/tr\/sac-koku-iltihabi-nedir-belirtileri-nedenleri-ve-tedavi-yontemleri\/\">sa\u00e7 k\u00f6k\u00fc iltihab\u0131<\/a> ve \u00e7ocuklarda tinea kapitis.<\/li>\n\n\n<li><strong>Trikotillomani:<\/strong> mekanik olarak koparma; odakta sa\u00e7 boylar\u0131 e\u015fit de\u011fildir.<\/li>\n\n\n<li><strong>Dif\u00fcz bi\u00e7imler:<\/strong> enfeksiyon, ameliyat, diyet, demir eksikli\u011fi ya da tiroit bozuklu\u011fu sonras\u0131 g\u00f6r\u00fclen telojen effluvium t\u00fcm ba\u015f\u0131 etkiler, ama ilk olarak sa\u00e7 d\u00f6nme noktas\u0131nda fark edilir (<a href=\"\/tr\/sac-dokulmesi-nedenleri\/\">t\u00fcm nedenlere genel bak\u0131\u015f<\/a>).<\/li>\n\n<\/ul>\n\n\n\n<p class=\"wp-block-paragraph\">K\u0131zar\u0131kl\u0131k, pullanma, p\u00fcst\u00fcl, ka\u015f\u0131nt\u0131 ya da a\u011fr\u0131, t\u00fcm iltihabi bi\u00e7imlerde alarm i\u015faretleridir; \u00e7\u00fcnk\u00fc skarla\u015fmadan sonra folik\u00fcl kaybolur ve aktif skarl\u0131 alopesiler sa\u00e7 ekimi i\u00e7in a\u00e7\u0131k bir kontrendikasyondur.<sup>[9]<\/sup> Hangi bi\u00e7ime kar\u015f\u0131 neyin i\u015fe yarad\u0131\u011f\u0131 ve ne kadar s\u00fcrd\u00fc\u011f\u00fc, toplu olarak \u015fu tabloda yer al\u0131yor: <a href=\"#behandlungstabelle\">Neden, tedavi ve zaman aral\u0131\u011f\u0131<\/a>.<\/p>\n\n\n<div class=\"wp-block-image\">\n<figure class=\"aligncenter size-large is-resized\" style=\"max-width:720px;margin-left:auto;margin-right:auto\"><img decoding=\"async\" src=\"https:\/\/elithair.com\/tr\/wp-content\/uploads\/sites\/10\/2026\/08\/nacken_haaransatz.png\" alt=\"G\u00fcn \u0131\u015f\u0131\u011f\u0131nda ensedeki alt sa\u00e7 \u00e7izgisinin yak\u0131n \u00e7ekimi\" class=\"wp-image-83777\" style=\"width:720px;max-width:100%;height:auto\"\/><\/figure>\n<\/div>\n\n\n<h3 class=\"wp-block-heading\">Ensede kal\u0131tsal sa\u00e7 d\u00f6k\u00fclmesi mi? Bu neden olas\u0131 de\u011fil<\/h3>\n\n\n\n<p class=\"wp-block-paragraph\">Ensede kal\u0131tsal sa\u00e7 d\u00f6k\u00fclmesi al\u0131\u015f\u0131lmad\u0131kt\u0131r, \u00e7\u00fcnk\u00fc oksipital b\u00f6lge dihidrotestosterona diren\u00e7lidir ve bu nedenle sa\u00e7 ekiminde \u201cg\u00fcvenli alan\u201d olarak kabul edilir.<sup>[4]<\/sup> Buna ra\u011fmen orada seyrelme varsa \u00fc\u00e7 olas\u0131l\u0131k \u00f6ne \u00e7\u0131kar: ofiazis tipi sa\u00e7k\u0131ran, \u00e7ekme ya da s\u00fcrt\u00fcnmeye ba\u011fl\u0131 mekanik bir neden, ya da t\u00fcm ba\u015f\u0131 etkileyen ve yaln\u0131zca ensede ilk fark edilen dif\u00fcz bir sa\u00e7 d\u00f6k\u00fclmesi.<\/p>\n\n\n\n<p class=\"wp-block-paragraph\">Pratikte bu \u015fu anlama gelir: Sa\u00e7 d\u00f6nme noktas\u0131n\u0131n alt\u0131ndaki a\u00e7\u0131k bir alan \u201ckelle\u015fiyorum\u201d demek i\u00e7in bir gerek\u00e7e de\u011fil, dermatolojik bir de\u011ferlendirme i\u00e7in bir nedendir. Tedaviyi de de\u011fi\u015ftirir, \u00e7\u00fcnk\u00fc minoksidil ve finasterid androgenetik sa\u00e7 d\u00f6k\u00fclmesine y\u00f6neliktir, bu bi\u00e7imlere de\u011fil.<\/p>\n\n\n\n<h3 class=\"wp-block-heading\">Ba\u015f\u0131n arka k\u0131sm\u0131nda sa\u00e7 d\u00f6k\u00fclmesinin belirtileri<\/h3>\n\n\n\n<p class=\"wp-block-paragraph\">G\u00fcnde 50 ila 100 sa\u00e7 telinin d\u00f6k\u00fclmesi fizyolojik kabul edilir; baz\u0131 kaynaklarda s\u0131kl\u0131kla 70 ila 100 aral\u0131\u011f\u0131 belirtilir (American Academy of Dermatology, NHS).<sup>[10][1]<\/sup> Keskin bir e\u015fik yoktur. Haftalar boyunca kal\u0131c\u0131 ve belirgin bi\u00e7imde art\u0131yorsa bu dikkat \u00e7ekicidir. <strong>Ba\u015f\u0131n arka k\u0131sm\u0131nda sa\u00e7 d\u00f6k\u00fclmesi<\/strong> ba\u015flang\u0131\u00e7ta \u00e7o\u011funlukla sinsice kendini g\u00f6sterir: Sa\u00e7 genel olarak daha ince g\u00f6r\u00fcn\u00fcr, sa\u00e7l\u0131 deri giderek daha \u00e7ok belli olur ve kapatmak zorla\u015f\u0131r.<\/p>\n\n\n\n<p class=\"wp-block-paragraph\">Ne var ki as\u0131l erken belirti say\u0131m de\u011fil, <strong>minyat\u00fcrizasyondur<\/strong>: g\u00fc\u00e7l\u00fc sa\u00e7lar\u0131n aras\u0131ndaki k\u0131sa, ince sa\u00e7lar; t\u0131bbi ad\u0131yla anizotrikoz. Erkekte %20, kad\u0131nda %10 \u00e7ap de\u011fi\u015fkenli\u011finden itibaren androgenetik alopesinin tan\u0131 \u00f6l\u00e7\u00fct\u00fc say\u0131l\u0131r.<sup>[5]<\/sup> Tam da bu sa\u00e7lar zor \u015fekillendirilir ve d\u00fczensiz bi\u00e7imde dikle\u015fir.<\/p>\n\n\n<div class=\"wp-block-image\">\n<figure class=\"aligncenter size-large is-resized\" style=\"max-width:560px;margin-left:auto;margin-right:auto\"><img decoding=\"async\" src=\"https:\/\/elithair.com\/tr\/wp-content\/uploads\/sites\/10\/2026\/08\/miniaturisierung_follikel.png\" alt=\"Sa\u00e7l\u0131 derinin kesiti: g\u00fc\u00e7l\u00fcden ileri derecede minyat\u00fcrle\u015fmi\u015fe d\u00f6rt sa\u00e7 folik\u00fcl\u00fc\" class=\"wp-image-83778\" style=\"width:560px;max-width:100%;height:auto\"\/><\/figure>\n<\/div>\n\n\n<p class=\"wp-block-paragraph\">Altta yatan neden tedavi edilmezse ba\u015f\u0131n arka k\u0131sm\u0131ndaki ba\u015flang\u0131\u00e7ta k\u00fc\u00e7\u00fck olan seyrek alan giderek b\u00fcy\u00fcyebilir. \u0130lerlemi\u015f evrede belirgin bi\u00e7imde g\u00f6r\u00fcnen a\u00e7\u0131k bir b\u00f6lge olu\u015fur ve \u00e7o\u011fu zaman yaln\u0131zca ense ile kulak \u00e7evresindeki sa\u00e7 tac\u0131 korunur.<\/p>\n\n\n\n<p class=\"wp-block-paragraph\">Bu seyir kal\u0131tsal sa\u00e7 kayb\u0131 i\u00e7in tipiktir ve ilerleyen d\u00f6nemde t\u00fcm \u00fcst kafaya yay\u0131labilir. Bu nedenle sa\u00e7 kayb\u0131n\u0131 erken fark etmek ve hedefe y\u00f6nelik tedavi edebilmek i\u00e7in erken de\u011ferlendirme \u00f6nemlidir.<\/p>\n\n\n\n<figure class=\"wp-block-image size-full\"><img decoding=\"async\" src=\"https:\/\/elithair.com\/tr\/wp-content\/uploads\/sites\/10\/2026\/08\/bestand_95874.png\" alt=\"Elithair Sa\u00e7 Klini\u011fi'nde Dr. Balwi'nin yan\u0131nda gen\u00e7 bir hasta\" class=\"wp-image-83787\"\/><\/figure>\n\n\n\n<h2 class=\"wp-block-heading\">Ne kadar ilerledi? Ba\u015f\u0131n arka k\u0131sm\u0131nda Norwood evreleri<\/h2>\n\n\n\n<p class=\"wp-block-paragraph\">Ba\u015f\u0131n arka k\u0131sm\u0131ndaki sa\u00e7 d\u00f6k\u00fclmesi <strong>Hamilton-Norwood skalas\u0131na<\/strong> g\u00f6re s\u0131n\u0131fland\u0131r\u0131l\u0131r: Vertex tipi, sa\u00e7 d\u00f6nme noktas\u0131ndaki a\u00e7\u0131k bir alanla ba\u015flar ve vertex ile geri \u00e7ekilen sa\u00e7 \u00e7izgisi birle\u015fip kelli\u011fi olu\u015fturana kadar b\u00fcy\u00fcr. Skala 1&#8217;den 7&#8217;ye kadar evreleri kapsar ve tekrarlanabilir oldu\u011fu i\u00e7in seyir takibinde de kullan\u0131labilir.<sup>[2]<\/sup> Vertexin ne s\u0131kl\u0131kta etkilendi\u011fi b\u00fcy\u00fck \u00f6l\u00e7\u00fcde ya\u015fa ba\u011fl\u0131: Bir Avustralya kohortunda 40-55 ya\u015f aras\u0131ndakilerin %31&#8217;inde, 65-69 ya\u015f aras\u0131ndakilerin %53&#8217;\u00fcnde vertex ya da tam kellik tipi g\u00f6r\u00fcld\u00fc.<sup>[2]<\/sup><\/p>\n\n\n\n<p class=\"wp-block-paragraph\">Sizin i\u00e7in evre pratik bir nedenle \u00f6nemli: Konservatif bir tedavinin h\u00e2l\u00e2 anlaml\u0131 bi\u00e7imde sa\u00e7 varl\u0131\u011f\u0131n\u0131 koruyup koruyamayaca\u011f\u0131n\u0131 ve bir sa\u00e7 ekiminin kal\u0131c\u0131 bir sonu\u00e7 verip vermeyece\u011fini belirler. T\u00fcm evreleri ve g\u00f6rselleriyle skalan\u0131n tamam\u0131n\u0131 \u015fu yaz\u0131m\u0131zda bulabilirsiniz: <a href=\"\/tr\/erkek-tipi-sac-dokulmesi-evreleri-norwood-hamilton-skalasi\/\">Norwood-Hamilton skalas\u0131<\/a>.<\/p>\n\n\n<div class=\"wp-block-image\">\n<figure class=\"aligncenter size-large is-resized\" style=\"max-width:560px;margin-left:auto;margin-right:auto\"><img decoding=\"async\" src=\"https:\/\/elithair.com\/tr\/wp-content\/uploads\/sites\/10\/2026\/08\/norwood_vertex_verlauf.png\" alt=\"D\u00f6rt \u015fematik arka kafa g\u00f6r\u00fcn\u00fcm\u00fc, sa\u00e7 d\u00f6nme noktas\u0131ndaki seyrek alan\u0131n kalan sa\u00e7 tac\u0131na kadar b\u00fcy\u00fcmesini g\u00f6steriyor\" class=\"wp-image-83779\" style=\"width:560px;max-width:100%;height:auto\"\/><\/figure>\n<\/div>\n\n\n<style>\n@media (max-width:640px){\n.rt-table-wrap{overflow-x:visible!important;border:0!important;border-radius:0!important}\n.rt-table{min-width:0!important}\n.rt-table thead{display:none}\n.rt-table,.rt-table tbody,.rt-table tr,.rt-table td{display:block;width:100%}\n.rt-table caption{display:block;padding:0 0 12px!important}\n.rt-table tr{margin:0 0 12px;border:1px solid #dbe4f0;border-radius:10px;overflow:hidden}\n.rt-table tr:last-child{margin-bottom:0}\n.rt-table td{display:flex!important;flex-direction:column;gap:3px;padding:12px 14px!important;\nborder:0!important;border-bottom:1px solid #e3e8ef!important;background:#ffffff!important}\n.rt-table tr td:last-child{border-bottom:0!important}\n.rt-table td::before{content:attr(data-label);font-size:12px;font-weight:700;letter-spacing:.04em;\ntext-transform:uppercase;color:#5799F1}\n.rt-table td:not([data-label])::before,.rt-table td[data-label=\"\"]::before{display:none}\n}\n<\/style>\n<div class=\"rt-table-wrap\" style=\"overflow-x:auto;-webkit-overflow-scrolling:touch;margin:28px 0;border:1px solid #dbe4f0;border-radius:12px\">\n  <table class=\"rt-table\" style=\"width:100%;min-width:660px;table-layout:fixed;border-collapse:separate;border-spacing:0;font-size:15px;margin:0\">\n    <caption style=\"caption-side:top;text-align:left;color:#003366;font-weight:700;font-size:16px;line-height:1.35;padding:14px 16px 10px;background:#ffffff\">Ba\u015f\u0131n arka k\u0131sm\u0131n\u0131 ilgilendirdi\u011fi \u00f6l\u00e7\u00fcde Norwood evreleri<\/caption>\n    <thead>\n      <tr>\n        <th style=\"width:22%;background:#003366;color:#ffffff;font-weight:700;text-align:left;vertical-align:middle;padding:13px 16px;font-size:15px;line-height:1.4;border:0;overflow-wrap:break-word\">Evre<\/th>\n        <th style=\"background:#003366;color:#ffffff;font-weight:700;text-align:left;vertical-align:middle;padding:13px 16px;font-size:15px;line-height:1.4;border:0;overflow-wrap:break-word\">Ba\u015f\u0131n arka k\u0131sm\u0131nda ne g\u00f6r\u00fcn\u00fcr<\/th>\n        <th style=\"background:#003366;color:#ffffff;font-weight:700;text-align:left;vertical-align:middle;padding:13px 16px;font-size:15px;line-height:1.4;border:0;overflow-wrap:break-word\">T\u0131bbi olarak ne anlaml\u0131<\/th>\n        <th style=\"background:#003366;color:#ffffff;font-weight:700;text-align:left;vertical-align:middle;padding:13px 16px;font-size:15px;line-height:1.4;border:0;overflow-wrap:break-word\">Bunun sa\u00e7 ekimi i\u00e7in anlam\u0131<\/th>\n      <\/tr>\n    <\/thead>\n    <tbody>\n      <tr>\n        <td data-label=\"Evre\" style=\"background:#ffffff;color:#003366;font-weight:700;text-align:left;vertical-align:top;padding:13px 16px;font-size:15px;line-height:1.55;border:0;border-bottom:1px solid #e3e8ef;overflow-wrap:break-word\">Norwood II ila III (vertex tipi)<\/td>\n        <td data-label=\"Ba\u015f\u0131n arka k\u0131sm\u0131nda ne g\u00f6r\u00fcn\u00fcr\" style=\"background:#ffffff;color:#22303e;font-weight:400;text-align:left;vertical-align:top;padding:13px 16px;font-size:15px;line-height:1.55;border:0;border-bottom:1px solid #e3e8ef;overflow-wrap:break-word\">Sa\u00e7 d\u00f6nme noktas\u0131nda k\u00fc\u00e7\u00fck a\u00e7\u0131k alan, \u0131slak sa\u00e7ta sa\u00e7l\u0131 deri g\u00f6r\u00fcn\u00fcyor, aralarda ince sa\u00e7lar<\/td>\n        <td data-label=\"T\u0131bbi olarak ne anlaml\u0131\" style=\"background:#ffffff;color:#22303e;font-weight:400;text-align:left;vertical-align:top;padding:13px 16px;font-size:15px;line-height:1.55;border:0;border-bottom:1px solid #e3e8ef;overflow-wrap:break-word\">Tan\u0131y\u0131 netle\u015ftirin, seyri belgeleyin, konservatif tedaviyi de\u011ferlendirin<\/td>\n        <td data-label=\"Bunun sa\u00e7 ekimi i\u00e7in anlam\u0131\" style=\"background:#ffffff;color:#22303e;font-weight:400;text-align:left;vertical-align:top;padding:13px 16px;font-size:15px;line-height:1.55;border:0;border-bottom:1px solid #e3e8ef;overflow-wrap:break-word\">\u00c7o\u011funlukla erken: \u00f6nce stabilize edin ve seyri g\u00f6zlemleyin<\/td>\n      <\/tr>\n      <tr>\n        <td data-label=\"Evre\" style=\"background:#f6f9fc;color:#003366;font-weight:700;text-align:left;vertical-align:top;padding:13px 16px;font-size:15px;line-height:1.55;border:0;border-bottom:1px solid #e3e8ef;overflow-wrap:break-word\">Norwood IV<\/td>\n        <td data-label=\"Ba\u015f\u0131n arka k\u0131sm\u0131nda ne g\u00f6r\u00fcn\u00fcr\" style=\"background:#f6f9fc;color:#22303e;font-weight:400;text-align:left;vertical-align:top;padding:13px 16px;font-size:15px;line-height:1.55;border:0;border-bottom:1px solid #e3e8ef;overflow-wrap:break-word\">Vertexte belirgin tonsura, arada al\u0131n b\u00f6lgesine uzanan bir sa\u00e7 band\u0131 h\u00e2l\u00e2 var<\/td>\n        <td data-label=\"T\u0131bbi olarak ne anlaml\u0131\" style=\"background:#f6f9fc;color:#22303e;font-weight:400;text-align:left;vertical-align:top;padding:13px 16px;font-size:15px;line-height:1.55;border:0;border-bottom:1px solid #e3e8ef;overflow-wrap:break-word\">Konservatif stabilizasyon, ilerleme h\u0131z\u0131n\u0131n hekim taraf\u0131ndan de\u011ferlendirilmesi<\/td>\n        <td data-label=\"Bunun sa\u00e7 ekimi i\u00e7in anlam\u0131\" style=\"background:#f6f9fc;color:#22303e;font-weight:400;text-align:left;vertical-align:top;padding:13px 16px;font-size:15px;line-height:1.55;border:0;border-bottom:1px solid #e3e8ef;overflow-wrap:break-word\">Seyir en az bir y\u0131ld\u0131r stabilse ya da ila\u00e7la stabilize edilmi\u015fse planlanabilir<\/td>\n      <\/tr>\n      <tr>\n        <td data-label=\"Evre\" style=\"background:#ffffff;color:#003366;font-weight:700;text-align:left;vertical-align:top;padding:13px 16px;font-size:15px;line-height:1.55;border:0;border-bottom:1px solid #e3e8ef;overflow-wrap:break-word\">Norwood V<\/td>\n        <td data-label=\"Ba\u015f\u0131n arka k\u0131sm\u0131nda ne g\u00f6r\u00fcn\u00fcr\" style=\"background:#ffffff;color:#22303e;font-weight:400;text-align:left;vertical-align:top;padding:13px 16px;font-size:15px;line-height:1.55;border:0;border-bottom:1px solid #e3e8ef;overflow-wrap:break-word\">Vertex ile al\u0131n aras\u0131ndaki sa\u00e7 band\u0131 incelir, vertex ve \u00fcst kafa birbirine yakla\u015f\u0131r<\/td>\n        <td data-label=\"T\u0131bbi olarak ne anlaml\u0131\" style=\"background:#ffffff;color:#22303e;font-weight:400;text-align:left;vertical-align:top;padding:13px 16px;font-size:15px;line-height:1.55;border:0;border-bottom:1px solid #e3e8ef;overflow-wrap:break-word\">Stabilizasyon ve \u00f6nceliklerin ger\u00e7ek\u00e7i planlanmas\u0131<\/td>\n        <td data-label=\"Bunun sa\u00e7 ekimi i\u00e7in anlam\u0131\" style=\"background:#ffffff;color:#22303e;font-weight:400;text-align:left;vertical-align:top;padding:13px 16px;font-size:15px;line-height:1.55;border:0;border-bottom:1px solid #e3e8ef;overflow-wrap:break-word\">M\u00fcmk\u00fcn; art\u0131k don\u00f6r b\u00f6lge s\u0131n\u0131rlay\u0131c\u0131 etken h\u00e2line gelir<\/td>\n      <\/tr>\n      <tr>\n        <td data-label=\"Evre\" style=\"background:#f6f9fc;color:#003366;font-weight:700;text-align:left;vertical-align:top;padding:13px 16px;font-size:15px;line-height:1.55;border:0;overflow-wrap:break-word\">Norwood VI ve VII<\/td>\n        <td data-label=\"Ba\u015f\u0131n arka k\u0131sm\u0131nda ne g\u00f6r\u00fcn\u00fcr\" style=\"background:#f6f9fc;color:#22303e;font-weight:400;text-align:left;vertical-align:top;padding:13px 16px;font-size:15px;line-height:1.55;border:0;overflow-wrap:break-word\">Vertex ve al\u0131n b\u00f6lgesi birle\u015fmi\u015f, geriye sa\u00e7 tac\u0131 kal\u0131r<\/td>\n        <td data-label=\"T\u0131bbi olarak ne anlaml\u0131\" style=\"background:#f6f9fc;color:#22303e;font-weight:400;text-align:left;vertical-align:top;padding:13px 16px;font-size:15px;line-height:1.55;border:0;overflow-wrap:break-word\">Don\u00f6r yo\u011funlu\u011funun hekim taraf\u0131ndan de\u011ferlendirilmesi, alana y\u00f6nelik beklentilerin netle\u015ftirilmesi<\/td>\n        <td data-label=\"Bunun sa\u00e7 ekimi i\u00e7in anlam\u0131\" style=\"background:#f6f9fc;color:#22303e;font-weight:400;text-align:left;vertical-align:top;padding:13px 16px;font-size:15px;line-height:1.55;border:0;overflow-wrap:break-word\">Alan ve don\u00f6r rezervi belirleyicidir; her yerde e\u015fit ve tam yo\u011funlu\u011fa ula\u015fmak m\u00fcmk\u00fcn de\u011fildir<\/td>\n      <\/tr>\n    <\/tbody>\n  <\/table>\n<\/div>\n\n\n\n<h2 class=\"wp-block-heading\">Kad\u0131nlarda ba\u015f\u0131n arka k\u0131sm\u0131nda sa\u00e7 d\u00f6k\u00fclmesi<\/h2>\n\n\n\n<p class=\"wp-block-paragraph\">Kad\u0131nlarda kal\u0131tsal sa\u00e7 d\u00f6k\u00fclmesinde ba\u015f\u0131n arka k\u0131sm\u0131 \u00e7o\u011funlukla etkilenmez: Ludwig I ila III&#8217;e g\u00f6re kad\u0131n paterni tepe ayr\u0131m\u0131n\u0131 ve \u00fcst kafay\u0131 seyreltirken \u00f6n sa\u00e7 \u00e7izgisi ve ba\u015f\u0131n arka k\u0131sm\u0131 korunur. \u201cFemale Pattern Hair Loss\u201d derlemesinde tam da sa\u00e7 \u00e7izgisinin korunmas\u0131 anahtar \u00f6zelliktir ve tan\u0131da tepe yo\u011funlu\u011fu oksipital b\u00f6lgeyle kar\u015f\u0131la\u015ft\u0131r\u0131l\u0131r, \u00e7\u00fcnk\u00fc oksipital b\u00f6lge stabil kal\u0131r.<sup>[11]<\/sup> AEDV&#8217;nin \u0130spanyol konsens\u00fcs belgesine g\u00f6re kad\u0131nlar\u0131n yakla\u015f\u0131k %10&#8217;u etkileniyor.<sup>[3]<\/sup><\/p>\n\n\n\n<p class=\"wp-block-paragraph\">Bu nedenle bir kad\u0131nda ba\u015f\u0131n arka k\u0131sm\u0131ndaki s\u0131n\u0131rl\u0131 a\u00e7\u0131k bir alan, erkektekinden farkl\u0131 bir sinyaldir. Olas\u0131l\u0131k s\u0131ras\u0131na g\u00f6re en muhtemel olanlar: sa\u00e7k\u0131ran; at kuyru\u011fu, topuz ya da sa\u00e7 kayna\u011f\u0131 kaynakl\u0131 \u00e7ekme; temas noktalar\u0131ndaki s\u00fcrt\u00fcnme; do\u011fum sonras\u0131, do\u011fum kontrol hap\u0131n\u0131n b\u0131rak\u0131lmas\u0131n\u0131n ard\u0131ndan, demir eksikli\u011finde ya da tiroit bozuklu\u011funda g\u00f6r\u00fclen dif\u00fcz telojen effluvium; ve iltihabi skarl\u0131 bi\u00e7imler. Kad\u0131nlardaki seyir bi\u00e7imiyle ilgili ayr\u0131nt\u0131lar \u015fu yaz\u0131lar\u0131m\u0131zda: kad\u0131nlarda sa\u00e7 d\u00f6k\u00fclmesi ve <a href=\"\/tr\/diffuz-sac-dokulmesi\/\">dif\u00fcz sa\u00e7 d\u00f6k\u00fclmesi<\/a>.<\/p>\n\n\n\n<p class=\"wp-block-paragraph\">\u015eu durumlarda beklememelisiniz: alan yuvarlak ve s\u0131n\u0131rlar\u0131 keskinse, sa\u00e7l\u0131 deri k\u0131zar\u0131yor, pullan\u0131yor, ka\u015f\u0131n\u0131yor ya da a\u011fr\u0131yorsa, deri g\u00f6zle g\u00f6r\u00fcl\u00fcr sa\u00e7 g\u00f6zene\u011fi olmadan parlak ve d\u00fczg\u00fcn g\u00f6r\u00fcn\u00fcyorsa, d\u00f6k\u00fclme haftalar i\u00e7inde aniden ba\u015flad\u0131ysa ya da buna ek olarak adet d\u00fczensizli\u011fi, akne, artm\u0131\u015f v\u00fccut k\u0131llanmas\u0131 veya yorgunluk e\u015flik ediyorsa. Kad\u0131nlarda sa\u00e7 ekimi yaln\u0131zca nedeni stabil ve net s\u0131n\u0131rl\u0131 oldu\u011funda ve don\u00f6r b\u00f6lge yeterli oldu\u011funda s\u00f6z konusu olur; dif\u00fcz d\u00f6k\u00fclmede ise endike de\u011fildir.<\/p>\n\n\n<div class=\"wp-block-image\">\n<figure class=\"aligncenter size-large is-resized\" style=\"max-width:560px;margin-left:auto;margin-right:auto\"><img decoding=\"async\" src=\"https:\/\/elithair.com\/tr\/wp-content\/uploads\/sites\/10\/2026\/08\/frauen_muster_hinterkopf.png\" alt=\"\u00dc\u00e7 \u015fematik kad\u0131n ba\u015f\u0131: geni\u015flemi\u015f tepe ayr\u0131m\u0131, ba\u015f\u0131n arka k\u0131sm\u0131nda yuvarlak odak ve \u00e7ekme hatt\u0131 boyunca seyrelme\" class=\"wp-image-83780\" style=\"width:560px;max-width:100%;height:auto\"\/><\/figure>\n<\/div>\n\n\n<style>\n@media (max-width:640px){\n.rt-table-wrap{overflow-x:visible!important;border:0!important;border-radius:0!important}\n.rt-table{min-width:0!important}\n.rt-table thead{display:none}\n.rt-table,.rt-table tbody,.rt-table tr,.rt-table td{display:block;width:100%}\n.rt-table caption{display:block;padding:0 0 12px!important}\n.rt-table tr{margin:0 0 12px;border:1px solid #dbe4f0;border-radius:10px;overflow:hidden}\n.rt-table tr:last-child{margin-bottom:0}\n.rt-table td{display:flex!important;flex-direction:column;gap:3px;padding:12px 14px!important;\nborder:0!important;border-bottom:1px solid #e3e8ef!important;background:#ffffff!important}\n.rt-table tr td:last-child{border-bottom:0!important}\n.rt-table td::before{content:attr(data-label);font-size:12px;font-weight:700;letter-spacing:.04em;\ntext-transform:uppercase;color:#5799F1}\n.rt-table td:not([data-label])::before,.rt-table td[data-label=\"\"]::before{display:none}\n}\n<\/style>\n<div class=\"rt-table-wrap\" style=\"overflow-x:auto;-webkit-overflow-scrolling:touch;margin:28px 0;border:1px solid #dbe4f0;border-radius:12px\">\n  <table class=\"rt-table\" style=\"width:100%;min-width:660px;table-layout:fixed;border-collapse:separate;border-spacing:0;font-size:15px;margin:0\">\n    <caption style=\"caption-side:top;text-align:left;color:#003366;font-weight:700;font-size:16px;line-height:1.35;padding:14px 16px 10px;background:#ffffff\">Kad\u0131nlarda ba\u015f\u0131n arka k\u0131sm\u0131nda sa\u00e7 d\u00f6k\u00fclmesi: paterni tan\u0131mlama<\/caption>\n    <thead>\n      <tr>\n        <th style=\"width:22%;background:#003366;color:#ffffff;font-weight:700;text-align:left;vertical-align:middle;padding:13px 16px;font-size:15px;line-height:1.4;border:0;overflow-wrap:break-word\">Patern<\/th>\n        <th style=\"background:#003366;color:#ffffff;font-weight:700;text-align:left;vertical-align:middle;padding:13px 16px;font-size:15px;line-height:1.4;border:0;overflow-wrap:break-word\">Tipik yerle\u015fim<\/th>\n        <th style=\"background:#003366;color:#ffffff;font-weight:700;text-align:left;vertical-align:middle;padding:13px 16px;font-size:15px;line-height:1.4;border:0;overflow-wrap:break-word\">Arkas\u0131nda ne olabilir<\/th>\n        <th style=\"background:#003366;color:#ffffff;font-weight:700;text-align:left;vertical-align:middle;padding:13px 16px;font-size:15px;line-height:1.4;border:0;overflow-wrap:break-word\">Aciliyet<\/th>\n      <\/tr>\n    <\/thead>\n    <tbody>\n      <tr>\n        <td data-label=\"Patern\" style=\"background:#ffffff;color:#003366;font-weight:700;text-align:left;vertical-align:top;padding:13px 16px;font-size:15px;line-height:1.55;border:0;border-bottom:1px solid #e3e8ef;overflow-wrap:break-word\">Tepe ayr\u0131m\u0131 geni\u015fliyor<\/td>\n        <td data-label=\"Tipik yerle\u015fim\" style=\"background:#ffffff;color:#22303e;font-weight:400;text-align:left;vertical-align:top;padding:13px 16px;font-size:15px;line-height:1.55;border:0;border-bottom:1px solid #e3e8ef;overflow-wrap:break-word\">\u00dcst kafa ve tepe ayr\u0131m\u0131; ba\u015f\u0131n arka k\u0131sm\u0131 ve sa\u00e7 \u00e7izgisi korunmu\u015f<\/td>\n        <td data-label=\"Arkas\u0131nda ne olabilir\" style=\"background:#ffffff;color:#22303e;font-weight:400;text-align:left;vertical-align:top;padding:13px 16px;font-size:15px;line-height:1.55;border:0;border-bottom:1px solid #e3e8ef;overflow-wrap:break-word\">Kad\u0131n tipi sa\u00e7 d\u00f6k\u00fclmesi (Ludwig I ila III)<\/td>\n        <td data-label=\"Aciliyet\" style=\"background:#ffffff;color:#22303e;font-weight:400;text-align:left;vertical-align:top;padding:13px 16px;font-size:15px;line-height:1.55;border:0;border-bottom:1px solid #e3e8ef;overflow-wrap:break-word\">Planl\u0131 olarak de\u011ferlendirin, seyri aylar boyunca belgeleyin<\/td>\n      <\/tr>\n      <tr>\n        <td data-label=\"Patern\" style=\"background:#f6f9fc;color:#003366;font-weight:700;text-align:left;vertical-align:top;padding:13px 16px;font-size:15px;line-height:1.55;border:0;border-bottom:1px solid #e3e8ef;overflow-wrap:break-word\">Yuvarlak, s\u0131n\u0131rlar\u0131 keskin alan<\/td>\n        <td data-label=\"Tipik yerle\u015fim\" style=\"background:#f6f9fc;color:#22303e;font-weight:400;text-align:left;vertical-align:top;padding:13px 16px;font-size:15px;line-height:1.55;border:0;border-bottom:1px solid #e3e8ef;overflow-wrap:break-word\">Ba\u015f\u0131n arka k\u0131sm\u0131nda herhangi bir yerde, ensede bant bi\u00e7iminde de olabilir<\/td>\n        <td data-label=\"Arkas\u0131nda ne olabilir\" style=\"background:#f6f9fc;color:#22303e;font-weight:400;text-align:left;vertical-align:top;padding:13px 16px;font-size:15px;line-height:1.55;border:0;border-bottom:1px solid #e3e8ef;overflow-wrap:break-word\">Sa\u00e7k\u0131ran; ensede ofiazis tipi<\/td>\n        <td data-label=\"Aciliyet\" style=\"background:#f6f9fc;color:#22303e;font-weight:400;text-align:left;vertical-align:top;padding:13px 16px;font-size:15px;line-height:1.55;border:0;border-bottom:1px solid #e3e8ef;overflow-wrap:break-word\">K\u0131sa s\u00fcre i\u00e7inde dermatolojik de\u011ferlendirme<\/td>\n      <\/tr>\n      <tr>\n        <td data-label=\"Patern\" style=\"background:#ffffff;color:#003366;font-weight:700;text-align:left;vertical-align:top;padding:13px 16px;font-size:15px;line-height:1.55;border:0;border-bottom:1px solid #e3e8ef;overflow-wrap:break-word\">\u00c7ekme hatt\u0131 boyunca seyrelme<\/td>\n        <td data-label=\"Tipik yerle\u015fim\" style=\"background:#ffffff;color:#22303e;font-weight:400;text-align:left;vertical-align:top;padding:13px 16px;font-size:15px;line-height:1.55;border:0;border-bottom:1px solid #e3e8ef;overflow-wrap:break-word\">At kuyru\u011funun, topuzun ya da sa\u00e7 kayna\u011f\u0131n\u0131n ba\u015flad\u0131\u011f\u0131 yerde, \u00e7o\u011fu zaman simetrik<\/td>\n        <td data-label=\"Arkas\u0131nda ne olabilir\" style=\"background:#ffffff;color:#22303e;font-weight:400;text-align:left;vertical-align:top;padding:13px 16px;font-size:15px;line-height:1.55;border:0;border-bottom:1px solid #e3e8ef;overflow-wrap:break-word\">Traksiyon alopesisi; erken d\u00f6nemde geri d\u00f6ner, ge\u00e7 d\u00f6nemde skarla\u015f\u0131r<\/td>\n        <td data-label=\"Aciliyet\" style=\"background:#ffffff;color:#22303e;font-weight:400;text-align:left;vertical-align:top;padding:13px 16px;font-size:15px;line-height:1.55;border:0;border-bottom:1px solid #e3e8ef;overflow-wrap:break-word\">\u00c7ekmeyi hemen b\u0131rak\u0131n, hekim kontrol\u00fcne gidin<\/td>\n      <\/tr>\n      <tr>\n        <td data-label=\"Patern\" style=\"background:#f6f9fc;color:#003366;font-weight:700;text-align:left;vertical-align:top;padding:13px 16px;font-size:15px;line-height:1.55;border:0;border-bottom:1px solid #e3e8ef;overflow-wrap:break-word\">Her yerde e\u015fit bi\u00e7imde daha az sa\u00e7<\/td>\n        <td data-label=\"Tipik yerle\u015fim\" style=\"background:#f6f9fc;color:#22303e;font-weight:400;text-align:left;vertical-align:top;padding:13px 16px;font-size:15px;line-height:1.55;border:0;border-bottom:1px solid #e3e8ef;overflow-wrap:break-word\">T\u00fcm ba\u015f; ilk olarak sa\u00e7 d\u00f6nme noktas\u0131nda ve tepe ayr\u0131m\u0131nda fark edilir<\/td>\n        <td data-label=\"Arkas\u0131nda ne olabilir\" style=\"background:#f6f9fc;color:#22303e;font-weight:400;text-align:left;vertical-align:top;padding:13px 16px;font-size:15px;line-height:1.55;border:0;border-bottom:1px solid #e3e8ef;overflow-wrap:break-word\">Do\u011fum, diyet, enfeksiyon sonras\u0131 ya da demir eksikli\u011finde veya tiroit bozuklu\u011funda telojen effluvium<\/td>\n        <td data-label=\"Aciliyet\" style=\"background:#f6f9fc;color:#22303e;font-weight:400;text-align:left;vertical-align:top;padding:13px 16px;font-size:15px;line-height:1.55;border:0;border-bottom:1px solid #e3e8ef;overflow-wrap:break-word\">Kan de\u011ferlerini kontrol ettirin, seyri 3 ila 6 ay g\u00f6zlemleyin<\/td>\n      <\/tr>\n      <tr>\n        <td data-label=\"Patern\" style=\"background:#ffffff;color:#003366;font-weight:700;text-align:left;vertical-align:top;padding:13px 16px;font-size:15px;line-height:1.55;border:0;overflow-wrap:break-word\">K\u0131zar\u0131kl\u0131k, pullanma, p\u00fcst\u00fcl ya da parlak d\u00fczg\u00fcn cilt<\/td>\n        <td data-label=\"Tipik yerle\u015fim\" style=\"background:#ffffff;color:#22303e;font-weight:400;text-align:left;vertical-align:top;padding:13px 16px;font-size:15px;line-height:1.55;border:0;overflow-wrap:break-word\">Her b\u00f6lge; \u00e7o\u011fu zaman \u00fcst kafan\u0131n ortas\u0131nda ya da ensede<\/td>\n        <td data-label=\"Arkas\u0131nda ne olabilir\" style=\"background:#ffffff;color:#22303e;font-weight:400;text-align:left;vertical-align:top;padding:13px 16px;font-size:15px;line-height:1.55;border:0;overflow-wrap:break-word\">\u0130ltihabi veya skarl\u0131 alopesi<\/td>\n        <td data-label=\"Aciliyet\" style=\"background:#ffffff;color:#22303e;font-weight:400;text-align:left;vertical-align:top;padding:13px 16px;font-size:15px;line-height:1.55;border:0;overflow-wrap:break-word\">Beklemeyin, folik\u00fcller i\u00e7in zaman kritiktir<\/td>\n      <\/tr>\n    <\/tbody>\n  <\/table>\n<\/div>\n\n\n\n<h2 class=\"wp-block-heading\" id=\"auswirkungen\">Ba\u015f\u0131n arka k\u0131sm\u0131ndaki kellik ki\u015fiyi nas\u0131l etkileyebilir?<\/h2>\n\n\n\n<p class=\"wp-block-paragraph\"><strong>Ba\u015f\u0131n arka k\u0131sm\u0131ndaki sa\u00e7 d\u00f6k\u00fclmesi bir\u00e7ok ki\u015fiyi \u00f6l\u00e7\u00fclebilir bi\u00e7imde zorlar, ancak mevcut \u00e7al\u0131\u015fmalara g\u00f6re klinik depresyonun bir tetikleyicisi de\u011fildir.<\/strong> Ba\u015f\u0131n arka k\u0131sm\u0131n\u0131n burada bir \u00f6zelli\u011fi var: Ki\u015fi kendisi oray\u0131 hi\u00e7 g\u00f6rmez, ba\u015fkalar\u0131 ise s\u00fcrekli g\u00f6r\u00fcr. Kendi g\u00f6r\u00fcn\u00fcm\u00fc \u00fczerindeki kontrol\u00fc elden b\u0131rakm\u0131\u015f olma duygusu tam da buradan do\u011far.<\/p>\n\n\n\n<p class=\"wp-block-paragraph\">Bir\u00e7ok ki\u015finin g\u00fcnl\u00fck ya\u015famda hissetti\u011fi \u015fey say\u0131larla da g\u00f6sterilebiliyor. JAMA Dermatology&#8217;de yay\u0131mlanan, 7.995 hastay\u0131 kapsayan 41 \u00e7al\u0131\u015fman\u0131n meta-analizinde androgenetik alopeside ya\u015fam kalitesinde anlaml\u0131 bir k\u0131s\u0131tlanma ve orta d\u00fczeyde etkilenmi\u015f bir duygusal boyut saptand\u0131 (DLQI 8,16; Hair-Specific-Skindex-29: 29,22 puan).<sup>[12]<\/sup> Buna kar\u015f\u0131l\u0131k ayn\u0131 analiz klinik depresyonla anlaml\u0131 bir ili\u015fki bulmad\u0131.<\/p>\n\n\n\n<p class=\"wp-block-paragraph\">De\u011ferlerin ard\u0131ndaki as\u0131l mesaj \u015fu: Y\u00fck ger\u00e7ek ve k\u00fc\u00e7\u00fcmsenmemeli, ama ayn\u0131 zamanda bir tan\u0131 da de\u011fil. \u00d6zellikle gen\u00e7 erkekler bu de\u011fi\u015fimi bir k\u0131r\u0131lma olarak ya\u015f\u0131yor, olduklar\u0131ndan ya\u015fl\u0131 hissediyor ya da foto\u011fraflardan ve kalabal\u0131k ortamlardan ka\u00e7\u0131n\u0131yor. Kad\u0131nlar, bu konuda mevcut az say\u0131daki \u00e7al\u0131\u015fmada erkeklere k\u0131yasla daha d\u00fc\u015f\u00fck bir benlik sayg\u0131s\u0131 bildirdi.<sup>[12]<\/sup><\/p>\n\n\n\n<p class=\"wp-block-paragraph\">Y\u00fck\u00fcn ne kadar a\u011f\u0131r hissedildi\u011fi ki\u015fiden ki\u015fiye \u00e7ok de\u011fi\u015fiyor. Yine de a\u00e7\u0131k olan \u015fu: Sa\u00e7 d\u00f6k\u00fclmesi bir\u00e7ok ki\u015fi i\u00e7in kozmetik bir konudan fazlas\u0131. Nedenlerle ve olas\u0131 tedavi se\u00e7enekleriyle erken ilgilenmek, durumu yerli yerine oturtmaya ve kendi g\u00f6r\u00fcn\u00fcm\u00fcyle yeniden daha g\u00fcvenli bir ili\u015fki kurmaya yard\u0131mc\u0131 olur.<\/p>\n\n\n\n<h2 class=\"wp-block-heading\" id=\"diagnose\">Tan\u0131 ve tedavi se\u00e7enekleri<\/h2>\n\n\n\n<p class=\"wp-block-paragraph\"><strong>Ba\u015f\u0131n arka k\u0131sm\u0131ndaki sa\u00e7 d\u00f6k\u00fclmesinin tan\u0131s\u0131 trikoskopi, \u00e7ekme testi, kan de\u011ferleri ve istisnai durumlarda biyopsi \u00fczerinden ilerler; tedavi ise bulunan nedene g\u00f6re belirlenir.<\/strong> Hedefe y\u00f6nelik bir tedavi ancak bu neden bilindi\u011finde m\u00fcmk\u00fcnd\u00fcr. B\u00f6ylece geri d\u00f6n\u00fc\u015fl\u00fc tetikleyiciler saptan\u0131r ve ilerleyen sa\u00e7 kayb\u0131 duruma g\u00f6re yava\u015flat\u0131labilir.<\/p>\n\n\n\n<p class=\"wp-block-paragraph\">Bir istisna kal\u0131tsal sa\u00e7 d\u00f6k\u00fclmesidir. Bu bi\u00e7imde sa\u00e7 kayb\u0131 t\u0131bbi olarak tamamen durdurulamaz, yaln\u0131zca s\u0131n\u0131rland\u0131r\u0131labilir ya da yava\u015flat\u0131labilir. Bu nedenle olas\u0131 tedavilerin ger\u00e7ek\u00e7i bi\u00e7imde de\u011ferlendirilmesi \u00f6nemlidir.<\/p>\n\n\n\n<p class=\"wp-block-paragraph\">Tan\u0131 koyma s\u00fcrecinde do\u011fru adres <a href=\"\/tr\/sac-dokulmesinde-hangi-doktora-gidilir\/\">bir dermatologdur<\/a>. Sa\u00e7l\u0131 derinin ve sa\u00e7 k\u00f6klerinin muayenesi ile gerekirse kan analizleri sayesinde hormonal, metabolik ya da ba\u015fka nedenler belirlenebilir. Bu temelde, bireysel durumda hangi tedavi se\u00e7eneklerinin anlaml\u0131 oldu\u011fu de\u011ferlendirilebilir.<\/p>\n\n\n\n<h3 class=\"wp-block-heading\">Hekim muayenesinde ger\u00e7ekte ne oluyor<\/h3>\n\n\n\n<p class=\"wp-block-paragraph\">Ba\u015f\u0131n arka k\u0131sm\u0131ndaki sa\u00e7 d\u00f6k\u00fclmesinin de\u011ferlendirilmesi, her biri ayr\u0131 bir soruyu yan\u0131tlayan d\u00f6rt ad\u0131mdan olu\u015fur. Bunun merkezinde <strong>trikoskopi<\/strong>, yani sa\u00e7l\u0131 derinin epil\u00fcminesans mikroskopisi yer al\u0131r: Androgenetik sa\u00e7 d\u00f6k\u00fclmesinin anizotrikozunu (erkekte %20, kad\u0131nda %10 e\u015fi\u011fi), sa\u00e7k\u0131ran\u0131n \u00fcnlem i\u015fareti sa\u00e7lar\u0131n\u0131 ve skarl\u0131 alopesinin belirtisi olan folik\u00fcl ostiyumlar\u0131n\u0131n kayb\u0131n\u0131 g\u00f6sterir.<sup>[5][6]<\/sup><\/p>\n\n\n\n<ul class=\"wp-block-list\">\n<li><strong>Trikoskopi:<\/strong> Minyat\u00fcrizasyon var m\u0131, sa\u00e7 g\u00f6zenekleri korunmu\u015f mu, iltihap belirtisi var m\u0131? Bu, androgenetik, sa\u00e7k\u0131ran ve skarl\u0131 bi\u00e7imleri birbirinden ay\u0131r\u0131r.<\/li>\n\n\n<li><strong>\u00c7ekme testi (pull test) ve trikogram:<\/strong> D\u00f6k\u00fclme \u015fu anda ne kadar aktif ve sa\u00e7lar d\u00f6ng\u00fcn\u00fcn hangi evresinde? Bu, akut dif\u00fcz d\u00f6k\u00fclmeyi yava\u015f ilerleyen patern tipi sa\u00e7 d\u00f6k\u00fclmesinden ay\u0131r\u0131r.<\/li>\n\n\n<li><strong>Kan de\u011ferleri:<\/strong> Ferritin, TSH, D vitamini ve \u00e7inko; kad\u0131nlarda ek olarak androjen durumu. Bu ad\u0131m, <a href=\"\/tr\/sac-dokulmesi-nedenleri\/\">sa\u00e7 d\u00f6k\u00fclmesi nedenlerine genel bak\u0131\u015f<\/a> yaz\u0131m\u0131z\u0131n ayr\u0131nt\u0131l\u0131 olarak anlatt\u0131\u011f\u0131 geri d\u00f6n\u00fc\u015fl\u00fc yan nedenleri ortaya \u00e7\u0131kar\u0131r.<\/li>\n\n\n<li><strong>Biyopsi:<\/strong> yaln\u0131zca skarl\u0131 alopesi \u015f\u00fcphesinde; sa\u00e7 g\u00f6zenekleri yoksa ya da deri parlak ve d\u00fczg\u00fcn g\u00f6r\u00fcn\u00fcyorsa.<\/li>\n\n<\/ul>\n\n\n<div class=\"wp-block-image\">\n<figure class=\"aligncenter size-large is-resized\" style=\"max-width:720px;margin-left:auto;margin-right:auto\"><img decoding=\"async\" src=\"https:\/\/elithair.com\/tr\/wp-content\/uploads\/sites\/10\/2026\/08\/trichoskopie_untersuchung-1.png\" alt=\"Bir hekim, dermatoskopla hastan\u0131n sa\u00e7 d\u00f6nme b\u00f6lgesini inceliyor\" class=\"wp-image-83781\" style=\"width:720px;max-width:100%;height:auto\"\/><\/figure>\n<\/div>\n\n\n<div style=\"background:#f7f9fc;border-left:5px solid #0079F1;border-radius:10px;padding:20px 22px;margin:8px 0 28px\">\n<p style=\"margin:0 0 12px;color:#013366;font-weight:700;font-size:17px\">\u015eu durumlarda beklemeyin \u2026<\/p>\n<ul style=\"margin:0;padding-left:20px;color:#2e3033;font-size:15px;line-height:1.8\">\n<li>alan yuvarlak ve s\u0131n\u0131rlar\u0131 keskinse, cildi d\u00fczg\u00fcnse<\/li>\n<li>sa\u00e7l\u0131 deride k\u0131zar\u0131kl\u0131k, pullanma, sulanma, p\u00fcst\u00fcl ya da a\u011fr\u0131 varsa<\/li>\n<li>deri, g\u00f6r\u00fcn\u00fcr sa\u00e7 g\u00f6zene\u011fi olmadan parlak ve d\u00fczg\u00fcn g\u00f6r\u00fcn\u00fcyorsa (skar belirtisi)<\/li>\n<li>d\u00f6k\u00fclme haftalar i\u00e7inde aniden ba\u015flad\u0131ysa<\/li>\n<li>odaklar bir \u00e7ocukta ortaya \u00e7\u0131k\u0131yorsa<\/li>\n<li>ek olarak genel belirtiler varsa; \u00f6rne\u011fin yorgunluk, kilo de\u011fi\u015fimi ya da adet d\u00fczensizli\u011fi<\/li>\n<\/ul>\n<p style=\"margin:12px 0 0;color:#2e3033;font-size:14.5px\">Acelenin nedeni: \u0130ltihabi ve skarl\u0131 bi\u00e7imlerde folik\u00fcl\u00fcn korunup korunmayaca\u011f\u0131n\u0131 zaman belirler. Yaln\u0131zca androgenetik bir seyirde ise sakin sakin planlayabilirsiniz.<\/p>\n<\/div>\n\n\n\n<figure class=\"wp-block-image size-full\"><img decoding=\"async\" src=\"https:\/\/elithair.com\/tr\/wp-content\/uploads\/sites\/10\/2026\/08\/bestand_95875.png\" alt=\"Elithair'in sa\u00e7 d\u00f6k\u00fclmesine kar\u015f\u0131 sa\u00e7 bak\u0131m serisi\" class=\"wp-image-83788\"\/><\/figure>\n\n\n\n<h3 class=\"wp-block-heading\">Ba\u015f\u0131n arka k\u0131sm\u0131nda sa\u00e7 d\u00f6k\u00fclmesini \u00f6nleme<\/h3>\n\n\n\n<p class=\"wp-block-paragraph\"><strong>Ba\u015f\u0131n arka k\u0131sm\u0131ndaki sa\u00e7 d\u00f6k\u00fclmesi yaln\u0131zca arkas\u0131nda mekanik ya da geri d\u00f6n\u00fc\u015fl\u00fc bir neden oldu\u011funda \u00f6nlenebilir; vertexteki kal\u0131tsal seyri hi\u00e7bir bak\u0131m rutini engellemez.<\/strong> Yani \u00f6nleyici \u00f6nlemler her \u015feyden \u00f6nce erken ya da hafif bulgularda ve t\u0131bbi de\u011ferlendirmeden sonra anlaml\u0131d\u0131r. Baz\u0131 durumlarda ya\u015fam tarz\u0131nda bir d\u00fczenleme, \u00f6rne\u011fin stresin azalt\u0131lmas\u0131 ya da dengeli beslenme, \u015fimdiden destek olur.<\/p>\n\n\n\n<p class=\"wp-block-paragraph\">Sa\u00e7\u0131n ve sa\u00e7l\u0131 derinin nazik bak\u0131m\u0131 da rol oynar. Yumu\u015fak \u015fampuanlar, \u0131l\u0131k su ve sa\u00e7 kurutma ile \u015fekillendirmede \u0131s\u0131n\u0131n \u00f6l\u00e7\u00fcl\u00fc kullan\u0131m\u0131 sa\u00e7l\u0131 deriyi daha az yorar. Tararken de gereksiz \u00e7ekmeden ka\u00e7\u0131n\u0131lmal\u0131d\u0131r.<\/p>\n\n\n\n<p class=\"wp-block-paragraph\">Sa\u011fl\u0131kl\u0131 sa\u00e7 b\u00fcy\u00fcmesi i\u00e7in v\u00fccudun \u00e7inko, biotin ya da magnezyum gibi \u00e7e\u015fitli vitaminlere, minerallere ve eser elementlere ihtiyac\u0131 vard\u0131r. Dengeli beslenme sa\u00e7 k\u00f6klerinin beslenmesine katk\u0131 sa\u011flar. Besinlerle al\u0131nan miktar yeterli de\u011filse takviyeler destekleyici olarak kullan\u0131labilir, ancak yaln\u0131zca hedefe y\u00f6nelik ve uzman g\u00f6r\u00fc\u015f\u00fc al\u0131nd\u0131ktan sonra.<\/p>\n\n\n\n<p class=\"wp-block-paragraph\">\u00d6zellikle ba\u015f\u0131n arka k\u0131sm\u0131nda buna bir de <strong>mekanik y\u00fck\u00fcn azalt\u0131lmas\u0131<\/strong> eklenir: s\u00fcrekli \u00e7eken sa\u00e7 modellerini de\u011fi\u015ftirin, kask ve yast\u0131k s\u00fcrt\u00fcnmesini azalt\u0131n, gece s\u00fcrt\u00fcnmesinde pamuk yerine saten ya da ipek kullan\u0131n. Mekanik nedenli bi\u00e7imlerde bu, nedene y\u00f6nelik etkilidir; \u00e7\u00fcnk\u00fc traksiyon alopesisi erken d\u00f6nemde tamamen geri d\u00f6ner.<sup>[8]<\/sup> Kal\u0131tsal sa\u00e7 d\u00f6k\u00fclmesinde ise d\u00fcr\u00fcst olmak gerekir: Bak\u0131m\u0131n ya da ya\u015fam tarz\u0131n\u0131n onu \u00f6nledi\u011fine dair bir kan\u0131t yok.<\/p>\n\n\n\n<h3 class=\"wp-block-heading\">Topikal tedavi se\u00e7ene\u011fi<\/h3>\n\n\n\n<p class=\"wp-block-paragraph\"><strong>Ba\u015f\u0131n arka k\u0131sm\u0131ndaki sa\u00e7 d\u00f6k\u00fclmesinde topikal standart tedavi minoksidildir; etkisi de en iyi tam olarak vertexte ara\u015ft\u0131r\u0131lm\u0131\u015ft\u0131r.<\/strong> Bunun yan\u0131nda sa\u00e7 kayb\u0131n\u0131 yava\u015flatabilen ya da mevcut sa\u00e7 g\u00f6r\u00fcn\u00fcm\u00fcn\u00fc stabilize edebilen ba\u015fka ila\u00e7 yakla\u015f\u0131mlar\u0131 da var. S\u0131k kullan\u0131lanlar, <a href=\"\/tr\/minoksidil-sac-dokulmesi\/\">minoksidil<\/a> ya da finasterid; bunlar sa\u00e7 d\u00f6k\u00fclmesinin belirli bi\u00e7imlerinde s\u0131kla\u015ft\u0131r\u0131c\u0131 bir etki g\u00f6sterebilir.<\/p>\n\n\n\n<p class=\"wp-block-paragraph\">Sa\u00e7 d\u00f6nme noktas\u0131na ili\u015fkin veriler hatta \u00f6zellikle g\u00fc\u00e7l\u00fc. Topikal minoksidilin ruhsat \u00e7al\u0131\u015fmalar\u0131 hedef alanlar\u0131n\u0131 <strong>vertexte<\/strong> \u00f6l\u00e7m\u00fc\u015f ve orada vellus olmayan sa\u00e7lar\u0131n say\u0131s\u0131n\u0131 saym\u0131\u015ft\u0131r: Olsen ve ark.&#8217;n\u0131n randomize \u00e7al\u0131\u015fmas\u0131nda (2002) %5 minoksidil, 48 hafta sonra %2&#8217;ye k\u0131yasla yakla\u015f\u0131k %45 daha g\u00fc\u00e7l\u00fc bir yeniden b\u00fcy\u00fcme sa\u011flad\u0131.<sup>[13]<\/sup> \u0130lk terminal sa\u00e7lar yakla\u015f\u0131k d\u00f6rt ay sonra g\u00f6r\u00fcn\u00fcr, g\u00fcvenilir bir de\u011ferlendirme en az 24 hafta gerektirir ve ilk 2 ila 8 haftada ge\u00e7ici olarak artm\u0131\u015f bir d\u00f6k\u00fclme olabilir.<sup>[13][14][2]<\/sup><\/p>\n\n\n\n<p class=\"wp-block-paragraph\"><strong>Ayn\u0131 ba\u011flamda \u00f6nemli bir s\u0131n\u0131r:<\/strong> Bu etki androgenetik alopesi i\u00e7in ge\u00e7erlidir. Sa\u00e7k\u0131ran i\u00e7in, \u00e7ekme ya da bas\u0131 alopesisi i\u00e7in ve iltihabi ya da skarl\u0131 bi\u00e7imler i\u00e7in ge\u00e7erli de\u011fildir. Ensedeki bir alopesi areata oda\u011f\u0131na minoksidil s\u00fcrmek, orada ger\u00e7ekten de\u011ferli olan zaman\u0131 harcamak demektir.<\/p>\n\n\n<div class=\"wp-block-image\">\n<figure class=\"aligncenter size-large is-resized\" style=\"max-width:720px;margin-left:auto;margin-right:auto\"><img decoding=\"async\" src=\"https:\/\/elithair.com\/tr\/wp-content\/uploads\/sites\/10\/2026\/08\/minoxidil_anwendung_wirbel.png\" alt=\"Bir erkek, damlal\u0131kla bir sol\u00fcsyonu ba\u015f\u0131n\u0131n arka k\u0131sm\u0131ndaki sa\u00e7 d\u00f6nme b\u00f6lgesine hedefli bi\u00e7imde uyguluyor\" class=\"wp-image-83782\" style=\"width:720px;max-width:100%;height:auto\"\/><\/figure>\n<\/div>\n\n\n<p class=\"wp-block-paragraph\">Ayr\u0131ca ger\u00e7ek\u00e7i bir de\u011ferlendirme \u00f6nemli: Bu tedaviler <strong>yaln\u0131zca uyguland\u0131klar\u0131 s\u00fcrece etki eder<\/strong>. Tedavi b\u0131rak\u0131ld\u0131\u011f\u0131nda sa\u00e7 kayb\u0131 kural olarak yeniden ba\u015flar. Bu nedenle kal\u0131c\u0131 bir \u00e7\u00f6z\u00fcm de\u011fildirler. Do\u011furganl\u0131k \u00e7a\u011f\u0131ndaki kad\u0131nlarda finasterid endike de\u011fildir.<sup>[3]<\/sup><\/p>\n\n\n\n<p class=\"wp-block-paragraph\">Ek y\u00f6ntemleri ger\u00e7ek\u00e7i bi\u00e7imde de\u011ferlendirelim: <strong>PRP<\/strong> i\u00e7in 2023 tarihli randomize \u00e7al\u0131\u015fmalar\u0131n meta-analizi, plaseboya k\u0131yasla 3. ve 6. ayda anlaml\u0131 olarak daha y\u00fcksek bir sa\u00e7 yo\u011funlu\u011fu g\u00f6steriyor; ancak sa\u00e7 say\u0131s\u0131 ve sa\u00e7 \u00e7ap\u0131nda anlaml\u0131 bir fark yok.<sup>[15]<\/sup> Minoksidille kombinasyonda yo\u011funluk, tek ba\u015f\u0131na minoksidile g\u00f6re daha iyiydi.<sup>[16]<\/sup> <strong>Mikroneedling<\/strong> s\u0131n\u0131rl\u0131 kan\u0131ta sahip tamamlay\u0131c\u0131 bir y\u00f6ntem olarak de\u011ferlendirilmelidir; en iyi ara\u015ft\u0131r\u0131lm\u0131\u015f bi\u00e7imi \u0131\u015f\u0131k ya da etken madde tedavisiyle kombinasyonudur.<sup>[14]<\/sup> \u00d6te yandan <strong>d\u00fc\u015f\u00fck d\u00fczeyli lazer tedavisi<\/strong> uzmanl\u0131k dernekleri taraf\u0131ndan androgenetik sa\u00e7 d\u00f6k\u00fclmesinde bir se\u00e7enek olarak listeleniyor; kan\u0131t d\u00fczeyi minoksidil ve finasteride k\u0131yasla daha zay\u0131f.<sup>[17]<\/sup><\/p>\n\n\n\n<p class=\"wp-block-paragraph\">Hangi tedavinin anlaml\u0131 oldu\u011fu nedene ve evreye ba\u011fl\u0131d\u0131r. Bu nedenle uygun bir tedaviyi se\u00e7mek ve hatal\u0131 uygulamalardan ka\u00e7\u0131nmak i\u00e7in erken t\u0131bbi de\u011ferlendirme belirleyicidir. Hedefsiz ya da uygunsuz uygulamalar sa\u00e7 kayb\u0131n\u0131 duruma g\u00f6re art\u0131rabilir bile.<\/p>\n\n\n\n<h2 class=\"wp-block-heading\" id=\"behandlungstabelle\">Ba\u015f\u0131n arka k\u0131sm\u0131nda hangi tedavi hangi nedene uyar?<\/h2>\n\n\n\n<p class=\"wp-block-paragraph\">Ba\u015f\u0131n arka k\u0131sm\u0131ndaki sa\u00e7 d\u00f6k\u00fclmesinin tedavisi b\u00f6lgeye de\u011fil nedene g\u00f6re belirlenir: Geri d\u00f6n\u00fc\u015fl\u00fc nedenler giderilir, kal\u0131tsal sa\u00e7 d\u00f6k\u00fclmesi yava\u015flat\u0131l\u0131r ve kaybedilmi\u015f folik\u00fcller yaln\u0131zca sa\u00e7 ekimiyle yerine konabilir. Tablonun d\u00f6rd\u00fcnc\u00fc s\u00fctunu, \u00e7o\u011fu ki\u015finin hafife ald\u0131\u011f\u0131 b\u00f6l\u00fcm; \u00e7\u00fcnk\u00fc her etki, ki\u015finin takvimini de\u011fil sa\u00e7 d\u00f6ng\u00fcs\u00fcn\u00fc izler.<\/p>\n\n\n\n<style>\n@media (max-width:640px){\n.rt-table-wrap{overflow-x:visible!important;border:0!important;border-radius:0!important}\n.rt-table{min-width:0!important}\n.rt-table thead{display:none}\n.rt-table,.rt-table tbody,.rt-table tr,.rt-table td{display:block;width:100%}\n.rt-table caption{display:block;padding:0 0 12px!important}\n.rt-table tr{margin:0 0 12px;border:1px solid #dbe4f0;border-radius:10px;overflow:hidden}\n.rt-table tr:last-child{margin-bottom:0}\n.rt-table td{display:flex!important;flex-direction:column;gap:3px;padding:12px 14px!important;\nborder:0!important;border-bottom:1px solid #e3e8ef!important;background:#ffffff!important}\n.rt-table tr td:last-child{border-bottom:0!important}\n.rt-table td::before{content:attr(data-label);font-size:12px;font-weight:700;letter-spacing:.04em;\ntext-transform:uppercase;color:#5799F1}\n.rt-table td:not([data-label])::before,.rt-table td[data-label=\"\"]::before{display:none}\n}\n<\/style>\n<div class=\"rt-table-wrap\" style=\"overflow-x:auto;-webkit-overflow-scrolling:touch;margin:28px 0;border:1px solid #dbe4f0;border-radius:12px\">\n  <table class=\"rt-table\" style=\"width:100%;min-width:700px;table-layout:fixed;border-collapse:separate;border-spacing:0;font-size:15px;margin:0\">\n    <caption style=\"caption-side:top;text-align:left;color:#003366;font-weight:700;font-size:16px;line-height:1.35;padding:14px 16px 10px;background:#ffffff\">Ba\u015f\u0131n arka k\u0131sm\u0131nda neden, tedavi ve ger\u00e7ek\u00e7i zaman aral\u0131\u011f\u0131<\/caption>\n    <thead>\n      <tr>\n        <th style=\"width:20%;background:#003366;color:#ffffff;font-weight:700;text-align:left;vertical-align:middle;padding:13px 16px;font-size:15px;line-height:1.4;border:0;overflow-wrap:break-word\">Neden<\/th>\n        <th style=\"background:#003366;color:#ffffff;font-weight:700;text-align:left;vertical-align:middle;padding:13px 16px;font-size:15px;line-height:1.4;border:0;overflow-wrap:break-word\">Ba\u015f\u0131n arka k\u0131sm\u0131ndaki tipik b\u00f6lge<\/th>\n        <th style=\"background:#003366;color:#ffffff;font-weight:700;text-align:left;vertical-align:middle;padding:13px 16px;font-size:15px;line-height:1.4;border:0;overflow-wrap:break-word\">Tedavi neyi hedefliyor<\/th>\n        <th style=\"background:#003366;color:#ffffff;font-weight:700;text-align:left;vertical-align:middle;padding:13px 16px;font-size:15px;line-height:1.4;border:0;overflow-wrap:break-word\">Sonucu ne zaman g\u00f6rebilirsiniz<\/th>\n        <th style=\"background:#003366;color:#ffffff;font-weight:700;text-align:left;vertical-align:middle;padding:13px 16px;font-size:15px;line-height:1.4;border:0;overflow-wrap:break-word\">Ger\u00e7ek\u00e7i beklenti<\/th>\n      <\/tr>\n    <\/thead>\n    <tbody>\n      <tr>\n        <td data-label=\"Neden\" style=\"background:#ffffff;color:#003366;font-weight:700;text-align:left;vertical-align:top;padding:13px 16px;font-size:15px;line-height:1.55;border:0;border-bottom:1px solid #e3e8ef;overflow-wrap:break-word\">Androgenetik alopesi (vertex tipi)<\/td>\n        <td data-label=\"Ba\u015f\u0131n arka k\u0131sm\u0131ndaki tipik b\u00f6lge\" style=\"background:#ffffff;color:#22303e;font-weight:400;text-align:left;vertical-align:top;padding:13px 16px;font-size:15px;line-height:1.55;border:0;border-bottom:1px solid #e3e8ef;overflow-wrap:break-word\">Sa\u00e7 d\u00f6nme noktas\u0131 ve \u00fcst arka kafa<\/td>\n        <td data-label=\"Tedavi neyi hedefliyor\" style=\"background:#ffffff;color:#22303e;font-weight:400;text-align:left;vertical-align:top;padding:13px 16px;font-size:15px;line-height:1.55;border:0;border-bottom:1px solid #e3e8ef;overflow-wrap:break-word\">Topikal minoksidil, hekim de\u011ferlendirmesiyle finasterid, tamamlay\u0131c\u0131 olarak PRP; seyir stabilse sa\u00e7 ekimi<\/td>\n        <td data-label=\"Sonucu ne zaman g\u00f6rebilirsiniz\" style=\"background:#ffffff;color:#22303e;font-weight:400;text-align:left;vertical-align:top;padding:13px 16px;font-size:15px;line-height:1.55;border:0;border-bottom:1px solid #e3e8ef;overflow-wrap:break-word\">\u0130lk terminal sa\u00e7lar yakla\u015f\u0131k 4 ay sonra, de\u011ferlendirme 24. haftadan itibaren, en y\u00fcksek etki 48. hafta civar\u0131nda<\/td>\n        <td data-label=\"Ger\u00e7ek\u00e7i beklenti\" style=\"background:#ffffff;color:#22303e;font-weight:400;text-align:left;vertical-align:top;padding:13px 16px;font-size:15px;line-height:1.55;border:0;border-bottom:1px solid #e3e8ef;overflow-wrap:break-word\">Stabilizasyon ve s\u0131kla\u015fma; gen\u00e7likteki yo\u011funlu\u011fun geri gelmesi s\u00f6z konusu de\u011fil; etki yaln\u0131zca kullan\u0131m s\u00fcresince<\/td>\n      <\/tr>\n      <tr>\n        <td data-label=\"Neden\" style=\"background:#f6f9fc;color:#003366;font-weight:700;text-align:left;vertical-align:top;padding:13px 16px;font-size:15px;line-height:1.55;border:0;border-bottom:1px solid #e3e8ef;overflow-wrap:break-word\">Sa\u00e7k\u0131ran (ofiazis tipi d\u00e2hil)<\/td>\n        <td data-label=\"Ba\u015f\u0131n arka k\u0131sm\u0131ndaki tipik b\u00f6lge\" style=\"background:#f6f9fc;color:#22303e;font-weight:400;text-align:left;vertical-align:top;padding:13px 16px;font-size:15px;line-height:1.55;border:0;border-bottom:1px solid #e3e8ef;overflow-wrap:break-word\">S\u0131n\u0131rl\u0131 odaklar, ensede bant bi\u00e7iminde<\/td>\n        <td data-label=\"Tedavi neyi hedefliyor\" style=\"background:#f6f9fc;color:#22303e;font-weight:400;text-align:left;vertical-align:top;padding:13px 16px;font-size:15px;line-height:1.55;border:0;border-bottom:1px solid #e3e8ef;overflow-wrap:break-word\">G\u00fcncel dermatoloji k\u0131lavuzlar\u0131na g\u00f6re uzman tedavisi, kendi kendine tedavi yok<\/td>\n        <td data-label=\"Sonucu ne zaman g\u00f6rebilirsiniz\" style=\"background:#f6f9fc;color:#22303e;font-weight:400;text-align:left;vertical-align:top;padding:13px 16px;font-size:15px;line-height:1.55;border:0;border-bottom:1px solid #e3e8ef;overflow-wrap:break-word\">\u0130lk ata\u011f\u0131n ard\u0131ndan yakla\u015f\u0131k %50&#8217;si bir y\u0131l i\u00e7inde kendili\u011finden d\u00fczelir<\/td>\n        <td data-label=\"Ger\u00e7ek\u00e7i beklenti\" style=\"background:#f6f9fc;color:#22303e;font-weight:400;text-align:left;vertical-align:top;padding:13px 16px;font-size:15px;line-height:1.55;border:0;border-bottom:1px solid #e3e8ef;overflow-wrap:break-word\">Seyir ataklar h\u00e2linde, n\u00fcksler s\u0131k; aktif odaklara sa\u00e7 ekimi kontrendikedir<\/td>\n      <\/tr>\n      <tr>\n        <td data-label=\"Neden\" style=\"background:#ffffff;color:#003366;font-weight:700;text-align:left;vertical-align:top;padding:13px 16px;font-size:15px;line-height:1.55;border:0;border-bottom:1px solid #e3e8ef;overflow-wrap:break-word\">Traksiyon alopesisi (\u00e7ekme)<\/td>\n        <td data-label=\"Ba\u015f\u0131n arka k\u0131sm\u0131ndaki tipik b\u00f6lge\" style=\"background:#ffffff;color:#22303e;font-weight:400;text-align:left;vertical-align:top;padding:13px 16px;font-size:15px;line-height:1.55;border:0;border-bottom:1px solid #e3e8ef;overflow-wrap:break-word\">\u00c7ekme hatlar\u0131; at kuyru\u011funun, topuzun, sa\u00e7 kayna\u011f\u0131n\u0131n ba\u015flad\u0131\u011f\u0131 yer<\/td>\n        <td data-label=\"Tedavi neyi hedefliyor\" style=\"background:#ffffff;color:#22303e;font-weight:400;text-align:left;vertical-align:top;padding:13px 16px;font-size:15px;line-height:1.55;border:0;border-bottom:1px solid #e3e8ef;overflow-wrap:break-word\">\u00c7ekmeyi sonland\u0131rmak, sa\u00e7 modelini de\u011fi\u015ftirmek, hekim kontrol\u00fc<\/td>\n        <td data-label=\"Sonucu ne zaman g\u00f6rebilirsiniz\" style=\"background:#ffffff;color:#22303e;font-weight:400;text-align:left;vertical-align:top;padding:13px 16px;font-size:15px;line-height:1.55;border:0;border-bottom:1px solid #e3e8ef;overflow-wrap:break-word\">Hen\u00fcz skarla\u015fma yoksa, \u00e7ekme ortadan kalkt\u0131ktan 3 ila 6 ay sonra<\/td>\n        <td data-label=\"Ger\u00e7ek\u00e7i beklenti\" style=\"background:#ffffff;color:#22303e;font-weight:400;text-align:left;vertical-align:top;padding:13px 16px;font-size:15px;line-height:1.55;border:0;border-bottom:1px solid #e3e8ef;overflow-wrap:break-word\">Erken d\u00f6nemde tamamen geri d\u00f6ner; y\u0131llarca s\u00fcren \u00e7ekmede skarla\u015f\u0131r ve o zaman kal\u0131c\u0131 olur<\/td>\n      <\/tr>\n      <tr>\n        <td data-label=\"Neden\" style=\"background:#f6f9fc;color:#003366;font-weight:700;text-align:left;vertical-align:top;padding:13px 16px;font-size:15px;line-height:1.55;border:0;border-bottom:1px solid #e3e8ef;overflow-wrap:break-word\">Friksiyon veya bas\u0131 alopesisi<\/td>\n        <td data-label=\"Ba\u015f\u0131n arka k\u0131sm\u0131ndaki tipik b\u00f6lge\" style=\"background:#f6f9fc;color:#22303e;font-weight:400;text-align:left;vertical-align:top;padding:13px 16px;font-size:15px;line-height:1.55;border:0;border-bottom:1px solid #e3e8ef;overflow-wrap:break-word\">Temas noktalar\u0131: yast\u0131k, koltuk ba\u015fl\u0131\u011f\u0131, kask, yaka<\/td>\n        <td data-label=\"Tedavi neyi hedefliyor\" style=\"background:#f6f9fc;color:#22303e;font-weight:400;text-align:left;vertical-align:top;padding:13px 16px;font-size:15px;line-height:1.55;border:0;border-bottom:1px solid #e3e8ef;overflow-wrap:break-word\">Tetikleyiciyi ortadan kald\u0131rmak, s\u00fcrt\u00fcnmeyi azaltmak<\/td>\n        <td data-label=\"Sonucu ne zaman g\u00f6rebilirsiniz\" style=\"background:#f6f9fc;color:#22303e;font-weight:400;text-align:left;vertical-align:top;padding:13px 16px;font-size:15px;line-height:1.55;border:0;border-bottom:1px solid #e3e8ef;overflow-wrap:break-word\">Y\u00fck ortadan kalkt\u0131ktan sonra 3 ila 6 ay g\u00f6zlem<\/td>\n        <td data-label=\"Ger\u00e7ek\u00e7i beklenti\" style=\"background:#f6f9fc;color:#22303e;font-weight:400;text-align:left;vertical-align:top;padding:13px 16px;font-size:15px;line-height:1.55;border:0;border-bottom:1px solid #e3e8ef;overflow-wrap:break-word\">Skarla\u015fma olu\u015fmad\u0131\u011f\u0131 s\u00fcrece \u00e7o\u011funlukla geri d\u00f6n\u00fc\u015fl\u00fc<\/td>\n      <\/tr>\n      <tr>\n        <td data-label=\"Neden\" style=\"background:#ffffff;color:#003366;font-weight:700;text-align:left;vertical-align:top;padding:13px 16px;font-size:15px;line-height:1.55;border:0;border-bottom:1px solid #e3e8ef;overflow-wrap:break-word\">\u0130ltihabi veya skarl\u0131 alopesi (ba\u015fta akne keloidalis nuchae)<\/td>\n        <td data-label=\"Ba\u015f\u0131n arka k\u0131sm\u0131ndaki tipik b\u00f6lge\" style=\"background:#ffffff;color:#22303e;font-weight:400;text-align:left;vertical-align:top;padding:13px 16px;font-size:15px;line-height:1.55;border:0;border-bottom:1px solid #e3e8ef;overflow-wrap:break-word\">Alt sa\u00e7 \u00e7izgisi ve ense<\/td>\n        <td data-label=\"Tedavi neyi hedefliyor\" style=\"background:#ffffff;color:#22303e;font-weight:400;text-align:left;vertical-align:top;padding:13px 16px;font-size:15px;line-height:1.55;border:0;border-bottom:1px solid #e3e8ef;overflow-wrap:break-word\">\u0130ltihab\u0131n k\u0131sa s\u00fcrede dermatolojik tedavisi<\/td>\n        <td data-label=\"Sonucu ne zaman g\u00f6rebilirsiniz\" style=\"background:#ffffff;color:#22303e;font-weight:400;text-align:left;vertical-align:top;padding:13px 16px;font-size:15px;line-height:1.55;border:0;border-bottom:1px solid #e3e8ef;overflow-wrap:break-word\">Ama\u00e7 iltihab\u0131 durdurmakt\u0131r, yeniden b\u00fcy\u00fcme de\u011fil; erken tedavide prognoz iyi<\/td>\n        <td data-label=\"Ger\u00e7ek\u00e7i beklenti\" style=\"background:#ffffff;color:#22303e;font-weight:400;text-align:left;vertical-align:top;padding:13px 16px;font-size:15px;line-height:1.55;border:0;border-bottom:1px solid #e3e8ef;overflow-wrap:break-word\">Skarla\u015fm\u0131\u015f alanlarda sa\u00e7 yeniden \u00e7\u0131kmaz; aktif bi\u00e7imler sa\u00e7 ekimi i\u00e7in kontrendikasyondur<\/td>\n      <\/tr>\n      <tr>\n        <td data-label=\"Neden\" style=\"background:#f6f9fc;color:#003366;font-weight:700;text-align:left;vertical-align:top;padding:13px 16px;font-size:15px;line-height:1.55;border:0;overflow-wrap:break-word\">Dif\u00fcz sa\u00e7 d\u00f6k\u00fclmesi (telojen effluvium, eksiklik, tiroit)<\/td>\n        <td data-label=\"Ba\u015f\u0131n arka k\u0131sm\u0131ndaki tipik b\u00f6lge\" style=\"background:#f6f9fc;color:#22303e;font-weight:400;text-align:left;vertical-align:top;padding:13px 16px;font-size:15px;line-height:1.55;border:0;overflow-wrap:break-word\">T\u00fcm ba\u015f; ilk olarak sa\u00e7 d\u00f6nme noktas\u0131nda fark edilir<\/td>\n        <td data-label=\"Tedavi neyi hedefliyor\" style=\"background:#f6f9fc;color:#22303e;font-weight:400;text-align:left;vertical-align:top;padding:13px 16px;font-size:15px;line-height:1.55;border:0;overflow-wrap:break-word\">Nedeni tedavi etmek: demir, tiroit, ila\u00e7lar, tetikleyici<\/td>\n        <td data-label=\"Sonucu ne zaman g\u00f6rebilirsiniz\" style=\"background:#f6f9fc;color:#22303e;font-weight:400;text-align:left;vertical-align:top;padding:13px 16px;font-size:15px;line-height:1.55;border:0;overflow-wrap:break-word\">\u0130lk yeni sa\u00e7lar yakla\u015f\u0131k 3 ila 6 ay sonra, yo\u011funluk 9 ila 12 ay sonra de\u011ferlendirilebilir<\/td>\n        <td data-label=\"Ger\u00e7ek\u00e7i beklenti\" style=\"background:#f6f9fc;color:#22303e;font-weight:400;text-align:left;vertical-align:top;padding:13px 16px;font-size:15px;line-height:1.55;border:0;overflow-wrap:break-word\">Kural olarak geri d\u00f6n\u00fc\u015fl\u00fc; burada sa\u00e7 ekimi endike de\u011fildir<\/td>\n      <\/tr>\n    <\/tbody>\n  <\/table>\n<\/div>\n\n\n\n<p class=\"wp-block-paragraph\">Zaman aral\u0131klar\u0131n\u0131n neden b\u00f6yle oldu\u011funu sa\u00e7 d\u00f6ng\u00fcs\u00fc a\u00e7\u0131kl\u0131yor: B\u00fcy\u00fcme evresi (anajen) 2 ila 5 y\u0131l, dinlenme evresi (telojen) yakla\u015f\u0131k 3 ay s\u00fcrer ve folik\u00fcllerin yakla\u015f\u0131k %15&#8217;i normalde telojendedir. Bug\u00fcn dinlenme evresine giren bir folik\u00fcl, ancak aylar sonra yeniden g\u00f6r\u00fcn\u00fcr bir sa\u00e7 \u00fcretebilir. A\u015fa\u011f\u0131daki tablo, geri d\u00f6n\u00fc\u015fl\u00fc bir neden giderildikten sonraki tipik seyri g\u00f6steriyor.<\/p>\n\n\n\n<style>\n@media (max-width:640px){\n.rt-table-wrap{overflow-x:visible!important;border:0!important;border-radius:0!important}\n.rt-table{min-width:0!important}\n.rt-table thead{display:none}\n.rt-table,.rt-table tbody,.rt-table tr,.rt-table td{display:block;width:100%}\n.rt-table caption{display:block;padding:0 0 12px!important}\n.rt-table tr{margin:0 0 12px;border:1px solid #dbe4f0;border-radius:10px;overflow:hidden}\n.rt-table tr:last-child{margin-bottom:0}\n.rt-table td{display:flex!important;flex-direction:column;gap:3px;padding:12px 14px!important;\nborder:0!important;border-bottom:1px solid #e3e8ef!important;background:#ffffff!important}\n.rt-table tr td:last-child{border-bottom:0!important}\n.rt-table td::before{content:attr(data-label);font-size:12px;font-weight:700;letter-spacing:.04em;\ntext-transform:uppercase;color:#5799F1}\n.rt-table td:not([data-label])::before,.rt-table td[data-label=\"\"]::before{display:none}\n}\n<\/style>\n<div class=\"rt-table-wrap\" style=\"overflow-x:auto;-webkit-overflow-scrolling:touch;margin:28px 0;border:1px solid #dbe4f0;border-radius:12px\">\n  <table class=\"rt-table\" style=\"width:100%;min-width:620px;table-layout:fixed;border-collapse:separate;border-spacing:0;font-size:15px;margin:0\">\n    <caption style=\"caption-side:top;text-align:left;color:#003366;font-weight:700;font-size:16px;line-height:1.35;padding:14px 16px 10px;background:#ffffff\">Neden giderildikten sonra yeniden b\u00fcy\u00fcme zaman \u00e7izelgesi<\/caption>\n    <thead>\n      <tr>\n        <th style=\"width:22%;background:#003366;color:#ffffff;font-weight:700;text-align:left;vertical-align:middle;padding:13px 16px;font-size:15px;line-height:1.4;border:0;overflow-wrap:break-word\">Zaman aral\u0131\u011f\u0131<\/th>\n        <th style=\"background:#003366;color:#ffffff;font-weight:700;text-align:left;vertical-align:middle;padding:13px 16px;font-size:15px;line-height:1.4;border:0;overflow-wrap:break-word\">Folik\u00fclde ne oluyor<\/th>\n        <th style=\"background:#003366;color:#ffffff;font-weight:700;text-align:left;vertical-align:middle;padding:13px 16px;font-size:15px;line-height:1.4;border:0;overflow-wrap:break-word\">Ne g\u00f6r\u00fcyorsunuz<\/th>\n      <\/tr>\n    <\/thead>\n    <tbody>\n      <tr>\n        <td data-label=\"Zaman aral\u0131\u011f\u0131\" style=\"background:#ffffff;color:#003366;font-weight:700;text-align:left;vertical-align:top;padding:13px 16px;font-size:15px;line-height:1.55;border:0;border-bottom:1px solid #e3e8ef;overflow-wrap:break-word\">1. ila 2. ay<\/td>\n        <td data-label=\"Folik\u00fclde ne oluyor\" style=\"background:#ffffff;color:#22303e;font-weight:400;text-align:left;vertical-align:top;padding:13px 16px;font-size:15px;line-height:1.55;border:0;border-bottom:1px solid #e3e8ef;overflow-wrap:break-word\">Tetikleyici giderildi, telojen oran\u0131 yava\u015f\u00e7a normale d\u00f6ner<\/td>\n        <td data-label=\"Ne g\u00f6r\u00fcyorsunuz\" style=\"background:#ffffff;color:#22303e;font-weight:400;text-align:left;vertical-align:top;padding:13px 16px;font-size:15px;line-height:1.55;border:0;border-bottom:1px solid #e3e8ef;overflow-wrap:break-word\">Artm\u0131\u015f d\u00f6k\u00fclme azal\u0131r, f\u0131r\u00e7ada daha az sa\u00e7 kal\u0131r<\/td>\n      <\/tr>\n      <tr>\n        <td data-label=\"Zaman aral\u0131\u011f\u0131\" style=\"background:#f6f9fc;color:#003366;font-weight:700;text-align:left;vertical-align:top;padding:13px 16px;font-size:15px;line-height:1.55;border:0;border-bottom:1px solid #e3e8ef;overflow-wrap:break-word\">3. ila 4. ay<\/td>\n        <td data-label=\"Folik\u00fclde ne oluyor\" style=\"background:#f6f9fc;color:#22303e;font-weight:400;text-align:left;vertical-align:top;padding:13px 16px;font-size:15px;line-height:1.55;border:0;border-bottom:1px solid #e3e8ef;overflow-wrap:break-word\">Dinlenmedeki folik\u00fcller yeniden b\u00fcy\u00fcme evresine (anajen) girer<\/td>\n        <td data-label=\"Ne g\u00f6r\u00fcyorsunuz\" style=\"background:#f6f9fc;color:#22303e;font-weight:400;text-align:left;vertical-align:top;padding:13px 16px;font-size:15px;line-height:1.55;border:0;border-bottom:1px solid #e3e8ef;overflow-wrap:break-word\">Hen\u00fcz s\u0131kla\u015fma yok, ama d\u00f6k\u00fclme durulmu\u015f<\/td>\n      <\/tr>\n      <tr>\n        <td data-label=\"Zaman aral\u0131\u011f\u0131\" style=\"background:#ffffff;color:#003366;font-weight:700;text-align:left;vertical-align:top;padding:13px 16px;font-size:15px;line-height:1.55;border:0;border-bottom:1px solid #e3e8ef;overflow-wrap:break-word\">5. ila 6. ay<\/td>\n        <td data-label=\"Folik\u00fclde ne oluyor\" style=\"background:#ffffff;color:#22303e;font-weight:400;text-align:left;vertical-align:top;padding:13px 16px;font-size:15px;line-height:1.55;border:0;border-bottom:1px solid #e3e8ef;overflow-wrap:break-word\">Yeni sa\u00e7lar \u00e7\u0131kar, ba\u015flang\u0131\u00e7ta k\u0131sa ve ince<\/td>\n        <td data-label=\"Ne g\u00f6r\u00fcyorsunuz\" style=\"background:#ffffff;color:#22303e;font-weight:400;text-align:left;vertical-align:top;padding:13px 16px;font-size:15px;line-height:1.55;border:0;border-bottom:1px solid #e3e8ef;overflow-wrap:break-word\">Diplerde k\u0131sa yeni sa\u00e7lar; \u00e7o\u011fu zaman tepe ayr\u0131m\u0131nda \u201cbebek sa\u00e7\u0131\u201d olarak g\u00f6r\u00fcn\u00fcr<\/td>\n      <\/tr>\n      <tr>\n        <td data-label=\"Zaman aral\u0131\u011f\u0131\" style=\"background:#f6f9fc;color:#003366;font-weight:700;text-align:left;vertical-align:top;padding:13px 16px;font-size:15px;line-height:1.55;border:0;overflow-wrap:break-word\">9. ila 12. ay<\/td>\n        <td data-label=\"Folik\u00fclde ne oluyor\" style=\"background:#f6f9fc;color:#22303e;font-weight:400;text-align:left;vertical-align:top;padding:13px 16px;font-size:15px;line-height:1.55;border:0;overflow-wrap:break-word\">Yeni sa\u00e7lar boyuna ve kal\u0131nl\u0131\u011f\u0131na ula\u015f\u0131r<\/td>\n        <td data-label=\"Ne g\u00f6r\u00fcyorsunuz\" style=\"background:#f6f9fc;color:#22303e;font-weight:400;text-align:left;vertical-align:top;padding:13px 16px;font-size:15px;line-height:1.55;border:0;overflow-wrap:break-word\">Yo\u011funluk de\u011ferlendirilebilir, art\u0131k foto\u011fraf kar\u015f\u0131la\u015ft\u0131rmas\u0131 anlaml\u0131<\/td>\n      <\/tr>\n    <\/tbody>\n  <\/table>\n<\/div>\n\n\n\n<p class=\"wp-block-paragraph\">Tabloda bir se\u00e7enek eksik; \u00e7\u00fcnk\u00fc t\u0131bbi olarak hi\u00e7bir \u015feyi de\u011fi\u015ftirmiyor, yine de bir\u00e7ok ki\u015fiyi o d\u00f6nemden ge\u00e7iriyor: <strong>kapatmak<\/strong>. Sa\u00e7 d\u00f6nme noktas\u0131nda en \u00e7ok k\u0131sa bir kesim i\u015fe yarar, \u00e7\u00fcnk\u00fc sa\u00e7 ile sa\u00e7l\u0131 deri aras\u0131ndaki kontrast\u0131 azalt\u0131r; buna parlak yerine mat \u00fcr\u00fcnler, tutamlar\u0131 birbirine yap\u0131\u015ft\u0131ran j\u00f6lenin kullan\u0131lmamas\u0131 ve gerekirse sa\u00e7 lifi ya da sa\u00e7l\u0131 deri pigmentasyonu eklenir. Bu, tan\u0131 hen\u00fcz netle\u015fmemi\u015fken ya da tedaviye kar\u015f\u0131 karar verdi\u011finizde bilin\u00e7li bir ara ad\u0131md\u0131r. \u00d6nemli olan tek \u015fey, kapatman\u0131n de\u011ferlendirmenin yerini almamas\u0131d\u0131r: \u0130ltihabi ya da skarl\u0131 bir neden bunun alt\u0131nda iyile\u015fmez, yaln\u0131zca g\u00f6r\u00fcnmez olur.<\/p>\n\n\n<div class=\"wp-block-image\">\n<figure class=\"aligncenter size-large is-resized\" style=\"max-width:720px;margin-left:auto;margin-right:auto\"><img decoding=\"async\" src=\"https:\/\/elithair.com\/tr\/wp-content\/uploads\/sites\/10\/2026\/08\/kurzer_schnitt_kaschieren.png\" alt=\"\u00c7ok k\u0131sa sa\u00e7 kesimli bir erkek, \u00e7apraz arkadan g\u00f6r\u00fcn\u00fcyor; sa\u00e7 ile sa\u00e7l\u0131 deri aras\u0131ndaki kontrast neredeyse fark edilmiyor\" class=\"wp-image-83783\" style=\"width:720px;max-width:100%;height:auto\"\/><\/figure>\n<\/div>\n\n\n<h3 class=\"wp-block-heading\">Norwood VI ve VII&#8217;de sa\u00e7 sistemleri ve protez sa\u00e7<\/h3>\n\n\n\n<p class=\"wp-block-paragraph\"><strong>Modern bir sa\u00e7 sistemi, yani sa\u00e7l\u0131 deriye g\u00f6re uyarlanm\u0131\u015f ger\u00e7ek sa\u00e7tan bir par\u00e7a, Norwood VI ve VII&#8217;de ameliyats\u0131z en d\u00fcr\u00fcst alternatiftir<\/strong>; \u00e7\u00fcnk\u00fc bu evrelerde don\u00f6r b\u00f6lge olarak sa\u00e7 tac\u0131, t\u00fcm alanda e\u015fit ve tam bir yo\u011funluk i\u00e7in nadiren yeterli olur. Sa\u00e7 d\u00f6k\u00fclmesini de\u011fi\u015ftirmez, \u00fcst\u00fcn\u00fc \u00f6rter; \u00fcstelik aylar sonra de\u011fil, hemen.<\/p>\n\n\n\n<p class=\"wp-block-paragraph\">Bunu d\u00fc\u015f\u00fcnen ki\u015fi \u00fc\u00e7 noktay\u0131 bilmeli. Sistem yap\u0131\u015ft\u0131r\u0131l\u0131r ya da \u00f6r\u00fclerek yerle\u015ftirilir ve d\u00fczenli bak\u0131m gerektirir, \u00e7o\u011funlukla birka\u00e7 haftada bir. Ki\u015finin kendi sa\u00e7\u0131na ge\u00e7i\u015f b\u00f6lgesinde sonucu belirleyen, malzemenin fiyat\u0131 de\u011fil, uygulaman\u0131n ustal\u0131\u011f\u0131d\u0131r. Bir de alt\u0131ndaki sa\u00e7l\u0131 derinin sa\u011fl\u0131kl\u0131 olmas\u0131 gerekir: Ba\u015f\u0131n arka k\u0131sm\u0131ndaki iltihabi ya da skarl\u0131 bi\u00e7imlerde \u00f6nce hastal\u0131\u011f\u0131n tedavi edilmesi \u015fart; aksi h\u00e2lde sistem, zamana mal olan bir bulguyu gizlemi\u015f olur.<\/p>\n\n\n\n<p class=\"wp-block-paragraph\">Ayr\u0131ca seyir h\u00e2l\u00e2 aktifken ara \u00e7\u00f6z\u00fcm olarak anlaml\u0131d\u0131r. Bir\u00e7ok ki\u015fi i\u00e7in bir sa\u00e7 sistemi ya da sa\u00e7l\u0131 deri pigmentasyonu, bir m\u00fcdahale i\u00e7in bask\u0131 alt\u0131nda karar vermeden stabil bir bulguya ula\u015fana kadar ge\u00e7en y\u0131llar\u0131 atlatman\u0131n bir yoludur. Ba\u015fkalar\u0131 ise s\u00fcrekli k\u0131sa bir kesimle en az onun kadar iyi idare eder. \u0130kisi de me\u015fru bir karard\u0131r, \u00e7aresizlikten se\u00e7ilmi\u015f bir \u00e7\u00f6z\u00fcm de\u011fil.<\/p>\n\n\n\n<h3 class=\"wp-block-heading\">Dermatolog mu, sa\u00e7 klini\u011fi mi: do\u011fru adres hangisi?<\/h3>\n\n\n\n<p class=\"wp-block-paragraph\"><strong>Ba\u015f\u0131n arka k\u0131sm\u0131ndaki iltihabi, sa\u00e7k\u0131ran tipi, aniden ortaya \u00e7\u0131km\u0131\u015f ya da belirsiz bulgularda ilk do\u011fru adres yerel dermatoloji hekimidir; kal\u0131tsal bir vertex seyrinde ise don\u00f6r b\u00f6lge ve uygulanabilirlik sorusunu bir sa\u00e7 klini\u011fi yan\u0131tlar.<\/strong> \u0130ki yol birbiriyle yar\u0131\u015fmaz, farkl\u0131 sorular\u0131 yan\u0131tlar.<\/p>\n\n\n\n<p class=\"wp-block-paragraph\">Pratikte bu \u015fu demek: K\u0131zar\u0131kl\u0131k, pullanma, p\u00fcst\u00fcl, a\u011fr\u0131, sa\u00e7 g\u00f6zene\u011fi olmayan parlak d\u00fczg\u00fcn cilt, yuvarlak odaklar ya da birka\u00e7 hafta i\u00e7inde ba\u015flayan bir d\u00f6k\u00fclme; kan de\u011ferleri ve gerekirse biyopsi d\u00e2hil dermatolojik olarak de\u011ferlendirilmelidir. Buna kar\u015f\u0131l\u0131k sa\u00e7 d\u00f6nme noktas\u0131n\u0131n \u00e7evresinde iltihap belirtisi olmadan yava\u015f\u00e7a b\u00fcy\u00fcyen seyrek bir alan, vertexte genel olarak bir \u015fey planlan\u0131p planlanamayaca\u011f\u0131n\u0131 ve ne zaman planlanabilece\u011fini de\u011ferlendirmek i\u00e7in klasik bir durumdur.<\/p>\n\n\n\n<p class=\"wp-block-paragraph\">\u00dccretsiz sa\u00e7 analizimiz tam da burada devreye giriyor. Bu, foto\u011fraflar\u0131n\u0131z\u0131n g\u00f6rsel bir patern analizidir: B\u00f6lgeyi s\u0131n\u0131fland\u0131r\u0131r, Norwood evresini ve don\u00f6r b\u00f6lgeyi tahmin eder ve her \u015feyden \u00f6nce \u015fu anda sa\u00e7 ekiminin ger\u00e7ekten do\u011fru tedavi olup olmad\u0131\u011f\u0131n\u0131 yan\u0131tlar. Ba\u015fvurular\u0131n \u00f6nemli bir b\u00f6l\u00fcm\u00fcnde do\u011fru tedavi de\u011fildir ve bunu da a\u00e7\u0131k\u00e7a s\u00f6yleriz. T\u0131bbi bir kan tahlilinin ya da dermatolojik bir te\u015fhisin yerini tutmaz.<\/p>\n\n\n\n<div class=\"wp-block-buttons is-content-justification-center is-layout-flex wp-container-core-buttons-is-layout-fe48e5de wp-block-buttons-is-layout-flex\" style=\"justify-content:center;margin-bottom:48px\"><div class=\"wp-block-button\"><a class=\"wp-block-button__link wp-element-button\" style=\"background-color:#0079F1;color:#ffffff;border-radius:8px;padding:15px 36px;font-weight:700;font-size:17px\" href=\"\/tr\/sac-analizi\/\">\u00dccretsiz sa\u00e7 analizini ba\u015flat<\/a><\/div><\/div>\n\n\n\n<figure class=\"wp-block-image size-full\"><img decoding=\"async\" src=\"https:\/\/elithair.com\/tr\/wp-content\/uploads\/sites\/10\/2026\/08\/bestand_95876.png\" alt=\"Elithair'in t\u0131bbi ekibi bir sa\u00e7 ekimi s\u0131ras\u0131nda\" class=\"wp-image-83789\"\/><\/figure>\n\n\n\n<h2 class=\"wp-block-heading\" id=\"eigenhaarverpflanzung\">Ba\u015f\u0131n arka k\u0131sm\u0131na sa\u00e7 ekimi: ne zaman kal\u0131c\u0131 \u00e7\u00f6z\u00fcmd\u00fcr<\/h2>\n\n\n\n<p class=\"wp-block-paragraph\">Ba\u015f\u0131n arka k\u0131sm\u0131na yap\u0131lan sa\u00e7 ekimi, d\u00f6k\u00fclme androgenetik kaynakl\u0131ysa, seyri stabilse ve don\u00f6r b\u00f6lge yeterliyse kal\u0131c\u0131 olarak etkilidir. <strong>Ba\u015f\u0131n arka k\u0131sm\u0131ndaki sa\u00e7 d\u00f6k\u00fclmesinde<\/strong> androgenetik alopesiye ba\u011fl\u0131 olarak ameliyats\u0131z tedaviler \u00e7o\u011fu zaman s\u0131n\u0131r\u0131na ula\u015f\u0131r. Etkilenen b\u00f6lgedeki sa\u00e7 k\u00f6kleri o a\u015famada ileri derecede minyat\u00fcrle\u015fmi\u015ftir ve son evrede yerini ba\u011f dokusuna b\u0131rakm\u0131\u015ft\u0131r; art\u0131k g\u00f6r\u00fcn\u00fcr sa\u00e7 \u00fcretmezler.<sup>[18]<\/sup> Bu durumda sa\u00e7 ekimi, kaybedilen sa\u00e7\u0131 kal\u0131c\u0131 olarak yerine koyman\u0131n t\u0131bben yerle\u015fmi\u015f tek yolu olarak kabul edilir.<\/p>\n\n\n\n<p class=\"wp-block-paragraph\">Avantaj\u0131, ba\u015f\u0131n yan ve arka b\u00f6lgesinde kural olarak genetik a\u00e7\u0131dan stabil sa\u00e7 folik\u00fcllerinin bulunmas\u0131d\u0131r. Bunlar dihidrotestosterona (DHT) duyarl\u0131 tepki vermez ve bu nedenle don\u00f6r sa\u00e7 olarak uygundur. Bu b\u00f6lgeden ne kadar al\u0131nabilece\u011fi hekimin planlamas\u0131n\u0131n bir par\u00e7as\u0131d\u0131r ve <a href=\"\/tr\/sac-ekimi-sonrasi-donor-bolge-nasil-etkilenir\/\">don\u00f6r b\u00f6lge<\/a> yaz\u0131m\u0131zda a\u00e7\u0131klanm\u0131\u015ft\u0131r.<\/p>\n\n\n\n<p class=\"wp-block-paragraph\">Greftlerin al\u0131nmas\u0131 \u00e7o\u011funlukla <a href=\"\/tr\/fue-sac-ekimi\/\"><strong>FUE y\u00f6ntemiyle<\/strong> (Follicular Unit Extraction)<\/a>ger\u00e7ekle\u015ftirilir; bu y\u00f6ntemde tek tek folik\u00fcler \u00fcniteler nazik\u00e7e ve az iz b\u0131rakarak al\u0131n\u0131r. Sa\u00e7 folik\u00fcllerinin hedefe y\u00f6nelik yerle\u015ftirilmesi i\u00e7in ise <a href=\"\/tr\/dhi-sac-ekimi\/\"><strong>DHI tekni\u011fi<\/strong> (Direct Hair Implantation)<\/a> kullan\u0131l\u0131r; Elithair&#8217;de standartt\u0131r ve fiyata d\u00e2hildir. \u00c7\u0131k\u0131\u015f y\u00f6n\u00fcn\u00fcn ve yo\u011funlu\u011fun hassas bi\u00e7imde kontrol edilmesini sa\u011flar; bu da \u00f6zellikle sa\u00e7 d\u00f6nme noktas\u0131nda belirleyicidir.<\/p>\n\n\n\n<p class=\"wp-block-paragraph\">Ba\u015flang\u0131\u00e7taki bir dinlenme evresinin ard\u0131ndan yeni sa\u00e7 b\u00fcy\u00fcmesi ba\u015flar ve birka\u00e7 ay boyunca geli\u015fir. Sonu\u00e7 kural olarak 9 ila 12 ay sonra de\u011ferlendirilebilir. Ortaya \u00e7\u0131kan, do\u011fal g\u00f6r\u00fcn\u00fcml\u00fc ve kal\u0131c\u0131 olarak b\u00fcy\u00fcyen kendi sa\u00e7\u0131n\u0131zd\u0131r. Alan\u0131n ve \u00e7\u0131k\u0131\u015f y\u00f6n\u00fcn\u00fcn tasar\u0131m\u0131n\u0131 hekim yapar, her ad\u0131m hekim onay\u0131ndan ge\u00e7er.<\/p>\n\n\n<div class=\"wp-block-image\">\n<figure class=\"aligncenter size-large is-resized\" style=\"max-width:560px;margin-left:auto;margin-right:auto\"><img decoding=\"async\" src=\"https:\/\/elithair.com\/tr\/wp-content\/uploads\/sites\/10\/2026\/08\/fue_dhi_vertex.png\" alt=\"Oksipital don\u00f6r b\u00f6lgeden greft al\u0131m\u0131n\u0131n ve sa\u00e7 d\u00f6nme b\u00f6lgesine \u00e7\u0131k\u0131\u015f y\u00f6n\u00fcne uygun implantasyonun \u015femas\u0131\" class=\"wp-image-83784\" style=\"width:560px;max-width:100%;height:auto\"\/><\/figure>\n<\/div>\n\n\n<div style=\"border:1px solid #e3e8ef;border-radius:10px;padding:20px 22px;margin:8px 0 28px\">\n<p style=\"margin:0 0 10px;color:#013366;font-weight:700;font-size:17px\">Sa\u00e7 d\u00f6nme b\u00f6lgesinde sa\u00e7 ekimi ne zaman anlaml\u0131d\u0131r<\/p>\n<p style=\"margin:0 0 6px;color:#013366;font-weight:600;font-size:15px\">Lehine olanlar<\/p>\n<ul style=\"margin:0 0 14px;padding-left:20px;color:#2e3033;font-size:15px;line-height:1.75\">\n<li>Androgenetik neden hekim taraf\u0131ndan kesinle\u015ftirilmi\u015ftir<\/li>\n<li>Seyir en az bir y\u0131ld\u0131r stabildir ya da ila\u00e7la stabilize edilmi\u015ftir<\/li>\n<li>Ba\u015f\u0131n arka k\u0131sm\u0131ndaki don\u00f6r b\u00f6lge yo\u011fun ve yeterince geni\u015ftir<\/li>\n<li>Sa\u00e7 d\u00f6nme b\u00f6lgesinde ula\u015f\u0131labilir yo\u011funlu\u011fa ili\u015fkin beklenti ger\u00e7ek\u00e7idir<\/li>\n<\/ul>\n<p style=\"margin:0 0 6px;color:#013366;font-weight:600;font-size:15px\">Aleyhine olanlar ya da ancak daha sonras\u0131 i\u00e7in<\/p>\n<ul style=\"margin:0;padding-left:20px;color:#2e3033;font-size:15px;line-height:1.75\">\n<li>Aktif ya da stabil olmayan sa\u00e7k\u0131ran: Aktif bir oda\u011fa sa\u00e7 ekimi kontrendikedir, \u00e7\u00fcnk\u00fc otoimm\u00fcn s\u00fcre\u00e7 nakledilen folik\u00fclleri de hedef alabilir<\/li>\n<li>Tedavi edilmemi\u015f iltihabi ya da skarl\u0131 alopesi<\/li>\n<li>H\u0131zla ilerleyen kay\u0131p g\u00f6steren \u00e7ok gen\u00e7 hasta<\/li>\n<li>T\u00fcm ba\u015fta dif\u00fcz sa\u00e7 d\u00f6k\u00fclmesi<\/li>\n<li>Zay\u0131flam\u0131\u015f ya da seyrelmi\u015f don\u00f6r b\u00f6lge<\/li>\n<\/ul>\n<p style=\"margin:12px 0 0;color:#5b6169;font-size:13.5px;font-style:italic\">Bu liste yaln\u0131zca yol g\u00f6stericidir. Uygun olup olmad\u0131\u011f\u0131na her zaman hekim, ki\u015fiye \u00f6zel olarak karar verir.<\/p>\n<\/div>\n\n\n\n<p class=\"wp-block-paragraph\">Karar vermeyi kolayla\u015ft\u0131ran, alanla ilgili bir nokta var: Vertex, sa\u00e7 d\u00f6nme yap\u0131s\u0131na sahip bir y\u00fczeydir, bir \u00e7izgi de\u011fil. Ayn\u0131 g\u00f6r\u00fcn\u00fcr etki i\u00e7in sa\u00e7 \u00e7izgisinden daha fazla grefte ihtiya\u00e7 duyar ve sa\u00e7 d\u00f6k\u00fclmesi h\u00e2l\u00e2 ilerliyorsa don\u00f6r sa\u00e7\u0131n bir b\u00f6l\u00fcm\u00fc sonras\u0131 i\u00e7in ayr\u0131lmal\u0131d\u0131r. Bu y\u00fczden aktif vertex kayb\u0131 olan gen\u00e7 hastalarda \u00e7o\u011fu zaman \u00f6nce stabilizasyon sa\u011flan\u0131r, ekim daha sonra yap\u0131l\u0131r. S\u00fcre\u00e7 ve ayr\u0131nt\u0131lar i\u00e7in sa\u00e7 d\u00f6nme b\u00f6lgesine sa\u00e7 ekimi ba\u015fl\u0131kl\u0131 ayr\u0131 yaz\u0131m\u0131za bakabilirsiniz.<\/p>\n\n\n\n<h2 class=\"wp-block-heading\" id=\"behandlung\">Ba\u015f\u0131n arka k\u0131sm\u0131ndaki sa\u00e7 d\u00f6k\u00fclmesinin tedavisini ki\u015fiye g\u00f6re uyarlamak<\/h2>\n\n\n\n<p class=\"wp-block-paragraph\"><strong>Ba\u015f\u0131n arka k\u0131sm\u0131ndaki sa\u00e7 d\u00f6k\u00fclmesi ba\u015fl\u0131 ba\u015f\u0131na bir hastal\u0131k tablosu de\u011fil, bir belirtidir; bu y\u00fczden anlaml\u0131 her tedavi a\u00e7\u0131k alandan de\u011fil nedenden yola \u00e7\u0131kar.<\/strong> Temelde genetik bir yatk\u0131nl\u0131k varsa, kaybedilen folik\u00fcller uzun vadede yaln\u0131zca <a href=\"\/tr\/sac-ekimi\/\">sa\u00e7 ekimiyle<\/a> yerine konabilir. Di\u011fer t\u00fcm nedenlerde s\u0131ra tersidir: \u00f6nce nedeni tedavi edin, sonra kozmetik ya da cerrahi se\u00e7enekleri d\u00fc\u015f\u00fcn\u00fcn.<\/p>\n\n\n\n<p class=\"wp-block-paragraph\">Bir sonraki somut ad\u0131m k\u00fc\u00e7\u00fck. Bug\u00fcn foto\u011fraf protokol\u00fcne g\u00f6re ba\u015f\u0131n\u0131z\u0131n arka k\u0131sm\u0131n\u0131n ilk \u00e7ekimini yap\u0131n ve \u00fc\u00e7 ay sonras\u0131na takviminize bir randevu koyun. Kar\u015f\u0131la\u015ft\u0131rma b\u00fcy\u00fcyen bir alan g\u00f6steriyorsa ya da yukar\u0131daki kutuda yer alan uyar\u0131 i\u015faretlerinden birini g\u00f6r\u00fcyorsan\u0131z, bu bulgunun yeri bir forum de\u011fil, hekim muayenesidir.<\/p>\n\n\n<div class=\"wp-block-image\">\n<figure class=\"aligncenter size-large is-resized\" style=\"max-width:720px;margin-left:auto;margin-right:auto\"><img decoding=\"async\" src=\"https:\/\/elithair.com\/tr\/wp-content\/uploads\/sites\/10\/2026\/08\/hinterkopf_fotovergleich.png\" alt=\"Bir erkek, mutfak masas\u0131nda g\u00fcn \u0131\u015f\u0131\u011f\u0131nda ak\u0131ll\u0131 telefonundaki foto\u011fraflar\u0131 kar\u015f\u0131la\u015ft\u0131r\u0131yor\" class=\"wp-image-83785\" style=\"width:720px;max-width:100%;height:auto\"\/><\/figure>\n<\/div>\n\n\n<h2 class=\"wp-block-heading\">Ba\u015f\u0131n arka k\u0131sm\u0131nda sa\u00e7 d\u00f6k\u00fclmesi hakk\u0131nda s\u0131k sorulan sorular<\/h2>\n\n\n\n<div>\n<div style=\"border:1px solid #e3e8ef;border-radius:10px;padding:16px 18px;margin-bottom:12px\">\n<p style=\"margin:0 0 6px;color:#013366;font-weight:600;font-size:16px\">Ba\u015f\u0131n arka k\u0131sm\u0131nda g\u00f6r\u00fcnen bir sa\u00e7 d\u00f6nmesi sa\u00e7 d\u00f6k\u00fclmesi midir?<\/p>\n<p style=\"margin:0;color:#2e3033;font-size:15px;line-height:1.6\"><strong>Hay\u0131r.<\/strong> Sa\u00e7 d\u00f6nme noktas\u0131nda sa\u00e7lar girdap bi\u00e7iminde birbirinden ayr\u0131l\u0131r, bu y\u00fczden orada her zaman biraz sa\u00e7l\u0131 deri g\u00f6r\u00fcn\u00fcr. Sa\u00e7 d\u00f6k\u00fclmesine yaln\u0131zca \u00fc\u00e7 bulgu i\u015faret eder: kenara do\u011fru azalan bir yo\u011funluk, g\u00fc\u00e7l\u00fc sa\u00e7lar\u0131n aras\u0131ndaki k\u0131sa ince sa\u00e7lar (erkekte %20&#8217;den itibaren anizotrikoz) ve \u00fc\u00e7 ila alt\u0131 ay i\u00e7inde b\u00fcy\u00fcyen bir alan.<\/p>\n<\/div>\n<div style=\"border:1px solid #e3e8ef;border-radius:10px;padding:16px 18px;margin-bottom:12px\">\n<p style=\"margin:0 0 6px;color:#013366;font-weight:600;font-size:16px\">Ba\u015f\u0131n arka k\u0131sm\u0131ndaki a\u00e7\u0131k alan\u0131n b\u00fcy\u00fcy\u00fcp b\u00fcy\u00fcmedi\u011fini nas\u0131l anlar\u0131m?<\/p>\n<p style=\"margin:0;color:#2e3033;font-size:15px;line-height:1.6\"><strong>Yaln\u0131zca ayn\u0131 ko\u015fullardaki foto\u011fraf kar\u015f\u0131la\u015ft\u0131rmas\u0131yla.<\/strong> Pencere \u00f6n\u00fcnde g\u00fcn \u0131\u015f\u0131\u011f\u0131, kuru ve \u015fekillendirilmemi\u015f sa\u00e7, ayn\u0131 mesafe ve a\u00e7\u0131; \u00e7ekimler \u015fimdi, 3. ve 6. ayda. Daha k\u0131sa aral\u0131klar her \u015feyden \u00f6nce \u0131\u015f\u0131k ve \u015fekillendirme farklar\u0131n\u0131 g\u00f6sterir, \u00e7\u00fcnk\u00fc sa\u00e7 d\u00f6ng\u00fcs\u00fc birka\u00e7 ay s\u00fcrer.<\/p>\n<\/div>\n<div style=\"border:1px solid #e3e8ef;border-radius:10px;padding:16px 18px;margin-bottom:12px\">\n<p style=\"margin:0 0 6px;color:#013366;font-weight:600;font-size:16px\">Kal\u0131tsal sa\u00e7 d\u00f6k\u00fclmesi yaln\u0131zca ba\u015f\u0131n arka k\u0131sm\u0131nda g\u00f6r\u00fclebilir mi?<\/p>\n<p style=\"margin:0;color:#2e3033;font-size:15px;line-height:1.6\"><strong>Evet.<\/strong> Bu, androgenetik alopesinin vertex tipidir: Seyrek alan sa\u00e7 d\u00f6nme noktas\u0131nda ba\u015flar, sa\u00e7 \u00e7izgisi ba\u015flang\u0131\u00e7ta yerinde kal\u0131r. Norwood skalas\u0131 bunu III vertex evresi olarak listeler. Ba\u015f\u0131n alt arka k\u0131sm\u0131 ve ense korunur, \u00e7\u00fcnk\u00fc bu oksipital b\u00f6lge DHT&#8217;ye diren\u00e7lidir.<\/p>\n<\/div>\n<div style=\"border:1px solid #e3e8ef;border-radius:10px;padding:16px 18px;margin-bottom:12px\">\n<p style=\"margin:0 0 6px;color:#013366;font-weight:600;font-size:16px\">Ba\u015f\u0131n arka k\u0131sm\u0131ndaki yuvarlak a\u00e7\u0131k bir alan ne anlama gelir?<\/p>\n<p style=\"margin:0;color:#2e3033;font-size:15px;line-height:1.6\"><strong>\u00c7o\u011funlukla sa\u00e7k\u0131ran.<\/strong> Yuvarlak, s\u0131n\u0131rlar\u0131 keskin ve d\u00fczg\u00fcn ciltli bir alan bunu d\u00fc\u015f\u00fcnd\u00fcr\u00fcr; ya\u015fam boyu risk yakla\u015f\u0131k %2&#8217;dir. Alt sa\u00e7 \u00e7izgisinde bant bi\u00e7iminde oldu\u011funda ad\u0131 ofiazis tipidir, prevalans\u0131 yakla\u015f\u0131k %0,02&#8217;dir ve prognozu daha olumsuzdur. Her ikisi de k\u0131sa s\u00fcre i\u00e7inde bir dermatoloji hekimine g\u00f6r\u00fcnmelidir.<\/p>\n<\/div>\n<div style=\"border:1px solid #e3e8ef;border-radius:10px;padding:16px 18px;margin-bottom:12px\">\n<p style=\"margin:0 0 6px;color:#013366;font-weight:600;font-size:16px\">Ba\u015f\u0131n arka k\u0131sm\u0131ndaki sa\u00e7 d\u00f6k\u00fclmesi yast\u0131k, kask ya da koltuk ba\u015fl\u0131\u011f\u0131ndan kaynaklanabilir mi?<\/p>\n<p style=\"margin:0;color:#2e3033;font-size:15px;line-height:1.6\"><strong>Evet.<\/strong> Tam temas noktas\u0131nda friksiyon ya da bas\u0131 alopesisi olarak, \u00e7o\u011fu zaman k\u0131r\u0131lm\u0131\u015f sa\u00e7larla birlikte. Y\u00fck ortadan kalkt\u0131\u011f\u0131nda bu \u00e7o\u011funlukla 3 ila 6 ayda geriler. Buna kar\u015f\u0131l\u0131k ger\u00e7ek bir bas\u0131 alopesisi, saatler s\u00fcren hareketsizlik sonras\u0131nda, \u00f6rne\u011fin uzun ameliyatlardan sonra tan\u0131mlanm\u0131\u015ft\u0131r.<\/p>\n<\/div>\n<div style=\"border:1px solid #e3e8ef;border-radius:10px;padding:16px 18px;margin-bottom:12px\">\n<p style=\"margin:0 0 6px;color:#013366;font-weight:600;font-size:16px\">Kad\u0131nlarda ba\u015f\u0131n arka k\u0131sm\u0131nda sa\u00e7 d\u00f6k\u00fclmesi: ne zaman kritiktir?<\/p>\n<p style=\"margin:0;color:#2e3033;font-size:15px;line-height:1.6\"><strong>Kad\u0131nlarda ba\u015f\u0131n arka k\u0131sm\u0131ndaki s\u0131n\u0131rl\u0131 her alan a\u00e7\u0131klama gerektirir.<\/strong> Kad\u0131nlardaki Ludwig paterni tepe ayr\u0131m\u0131n\u0131 seyreltir ve ba\u015f\u0131n arka k\u0131sm\u0131n\u0131 korur. Yuvarlak ve s\u0131n\u0131rlar\u0131 keskin bir oda\u011f\u0131, k\u0131zaran, pullanan ya da a\u011fr\u0131yan bir sa\u00e7l\u0131 deriyi, sa\u00e7 g\u00f6zene\u011fi olmayan parlak d\u00fczg\u00fcn cildi ve ani ba\u015flang\u0131c\u0131 k\u0131sa s\u00fcre i\u00e7inde de\u011ferlendirtmelisiniz.<\/p>\n<\/div>\n<div style=\"border:1px solid #e3e8ef;border-radius:10px;padding:16px 18px;margin-bottom:12px\">\n<p style=\"margin:0 0 6px;color:#013366;font-weight:600;font-size:16px\">Ba\u015f\u0131n arka k\u0131sm\u0131ndaki sa\u00e7 kendili\u011finden yeniden \u00e7\u0131kar m\u0131?<\/p>\n<p style=\"margin:0;color:#2e3033;font-size:15px;line-height:1.6\"><strong>Bu nedene ba\u011fl\u0131.<\/strong> Sa\u00e7k\u0131randa ilk ata\u011f\u0131n ard\u0131ndan yakla\u015f\u0131k %50&#8217;si bir y\u0131l i\u00e7inde kendili\u011finden d\u00fczelir; dif\u00fcz bi\u00e7imler ise \u00e7o\u011funlukla tetikleyicinin ortadan kalkmas\u0131ndan 3 ila 6 ay sonra. Vertexteki kal\u0131tsal sa\u00e7 d\u00f6k\u00fclmesi kendili\u011finden gerilemez, tedavi edilmedi\u011finde ilerler.<\/p>\n<\/div>\n<div style=\"border:1px solid #e3e8ef;border-radius:10px;padding:16px 18px;margin-bottom:12px\">\n<p style=\"margin:0 0 6px;color:#013366;font-weight:600;font-size:16px\">Minoksidil sa\u00e7 d\u00f6nme b\u00f6lgesinde al\u0131na g\u00f6re daha iyi etki eder mi?<\/p>\n<p style=\"margin:0;color:#2e3033;font-size:15px;line-height:1.6\"><strong>Etki en iyi vertexte kan\u0131tlanm\u0131\u015ft\u0131r.<\/strong> Ruhsat \u00e7al\u0131\u015fmalar\u0131 hedef alanlar\u0131n\u0131 orada \u00f6l\u00e7m\u00fc\u015ft\u00fcr. Olsen ve ark.&#8217;n\u0131n \u00e7al\u0131\u015fmas\u0131nda (2002) %5 minoksidil 48 hafta sonra %2&#8217;ye k\u0131yasla yakla\u015f\u0131k %45 daha g\u00fc\u00e7l\u00fc bir yeniden b\u00fcy\u00fcme sa\u011flad\u0131; ilk terminal sa\u00e7lar yakla\u015f\u0131k 4 ay sonra. Bu yaln\u0131zca androgenetik sa\u00e7 d\u00f6k\u00fclmesi i\u00e7in ge\u00e7erlidir.<\/p>\n<\/div>\n<div style=\"border:1px solid #e3e8ef;border-radius:10px;padding:16px 18px;margin-bottom:12px\">\n<p style=\"margin:0 0 6px;color:#013366;font-weight:600;font-size:16px\">G\u00fcnde ka\u00e7 sa\u00e7 teli normaldir?<\/p>\n<p style=\"margin:0;color:#2e3033;font-size:15px;line-height:1.6\"><strong>G\u00fcnde 50 ila 100 sa\u00e7 teli.<\/strong> Bu aral\u0131\u011f\u0131 American Academy of Dermatology ve NHS belirtiyor; baz\u0131 kaynaklarda s\u0131kl\u0131kla 70 ila 100 aral\u0131\u011f\u0131 ge\u00e7iyor. Keskin bir s\u0131n\u0131r yoktur, \u00e7\u00fcnk\u00fc bu say\u0131 y\u0131kama s\u0131kl\u0131\u011f\u0131na ve mevsime g\u00f6re de\u011fi\u015fir. Haftalar boyunca kal\u0131c\u0131 ve belirgin bi\u00e7imde art\u0131yorsa bu dikkat \u00e7ekicidir.<\/p>\n<\/div>\n<div style=\"border:1px solid #e3e8ef;border-radius:10px;padding:16px 18px;margin-bottom:12px\">\n<p style=\"margin:0 0 6px;color:#013366;font-weight:600;font-size:16px\">20&#8217;li ya\u015flar\u0131n ba\u015f\u0131nda sa\u00e7 d\u00f6nme b\u00f6lgesine ekim i\u00e7in \u00e7ok mu gen\u00e7 say\u0131l\u0131r\u0131m?<\/p>\n<p style=\"margin:0;color:#2e3033;font-size:15px;line-height:1.6\"><strong>Belirleyici olan ya\u015f de\u011fil, seyrin stabilitesidir.<\/strong> H\u0131zla ilerleyen vertex kayb\u0131nda \u00e7o\u011funlukla \u00f6nce konservatif stabilizasyon sa\u011flan\u0131r; aksi h\u00e2lde nakledilen alan\u0131n \u00e7evresinde sa\u00e7 kayb\u0131 s\u00fcrer ve don\u00f6r sa\u00e7 sonradan eksik kal\u0131r. Uygunlu\u011fu hekim ki\u015fiye \u00f6zel de\u011ferlendirir.<\/p>\n<\/div>\n<div style=\"border:1px solid #e3e8ef;border-radius:10px;padding:16px 18px;margin-bottom:12px\">\n<p style=\"margin:0 0 6px;color:#013366;font-weight:600;font-size:16px\">J\u00f6le ve wax sa\u00e7 d\u00f6nme noktas\u0131n\u0131 oldu\u011fundan daha a\u00e7\u0131k m\u0131 g\u00f6sterir?<\/p>\n<p style=\"margin:0;color:#2e3033;font-size:15px;line-height:1.6\"><strong>Evet, en s\u0131k g\u00f6r\u00fclen yanl\u0131\u015f alarm budur.<\/strong> Islak ya da j\u00f6leyle yap\u0131\u015fm\u0131\u015f sa\u00e7 tutamlar h\u00e2linde durur, b\u00f6ylece her sa\u00e7 d\u00f6nme noktas\u0131nda sa\u00e7l\u0131 deri g\u00f6r\u00fcn\u00fcr; buna bir de tavan \u0131\u015f\u0131\u011f\u0131n\u0131n girdaba d\u00fc\u015f\u00fcrd\u00fc\u011f\u00fc g\u00f6lge eklenir. Bu konuda \u00e7al\u0131\u015fma yok: Yaln\u0131zca kuru, \u015fekillendirilmemi\u015f sa\u00e7\u0131 g\u00fcn \u0131\u015f\u0131\u011f\u0131nda de\u011ferlendirin.<\/p>\n<\/div>\n<div style=\"border:1px solid #e3e8ef;border-radius:10px;padding:16px 18px;margin-bottom:12px\">\n<p style=\"margin:0 0 6px;color:#013366;font-weight:600;font-size:16px\">Sa\u00e7 d\u00f6k\u00fclmem mi var, yoksa \u00e7ift sa\u00e7 d\u00f6nmesi mi?<\/p>\n<p style=\"margin:0;color:#2e3033;font-size:15px;line-height:1.6\"><strong>\u00c7ift sa\u00e7 d\u00f6nmesi bir b\u00fcy\u00fcme paternidir, sa\u00e7 d\u00f6k\u00fclmesi de\u011fil.<\/strong> \u0130ki girdap, ba\u015f\u0131n arka k\u0131sm\u0131n\u0131 yaln\u0131zca daha da\u011f\u0131n\u0131k g\u00f6sterir. Belirleyici olan yine yo\u011funluk ve seyirdir: Sa\u00e7 her iki girdab\u0131n kenar\u0131na kadar g\u00fc\u00e7l\u00fc kal\u0131yorsa ve g\u00f6r\u00fcnt\u00fc aylar boyunca ayn\u0131ysa bu bir paterndir. Bu konuda g\u00fcvenilir \u00e7al\u0131\u015fma yok.<\/p>\n<\/div>\n<div style=\"border:1px solid #e3e8ef;border-radius:10px;padding:16px 18px;margin-bottom:12px\">\n<p style=\"margin:0 0 6px;color:#013366;font-weight:600;font-size:16px\">Sa\u00e7 d\u00f6nme noktas\u0131ndaki g\u00fcne\u015f yan\u0131\u011f\u0131 bir uyar\u0131 i\u015fareti mi?<\/p>\n<p style=\"margin:0;color:#2e3033;font-size:15px;line-height:1.6\"><strong>Makul bir ipucu, kan\u0131t de\u011fil.<\/strong> Sa\u00e7\u0131n eksik oldu\u011fu yerde UV korumas\u0131 da eksiktir; tam sa\u00e7 d\u00f6nme noktas\u0131ndaki bir g\u00fcne\u015f yan\u0131\u011f\u0131, o noktada azalm\u0131\u015f bir yo\u011funlu\u011fa i\u015faret eder. Bu konuda bir \u00e7al\u0131\u015fma yok. \u0130kisi de yerinde: ba\u015fl\u0131k kullanmak ve seyri foto\u011frafla takip etmek.<\/p>\n<\/div>\n<div style=\"border:1px solid #e3e8ef;border-radius:10px;padding:16px 18px;margin-bottom:12px\">\n<p style=\"margin:0 0 6px;color:#013366;font-weight:600;font-size:16px\">Ba\u015f\u0131n arka k\u0131sm\u0131ndaki sa\u00e7 d\u00f6k\u00fclmesinin ilerlemesi nas\u0131l yava\u015flat\u0131labilir?<\/p>\n<p style=\"margin:0;color:#2e3033;font-size:15px;line-height:1.6\"><strong>Yaln\u0131zca k\u0131smen ve yaln\u0131zca ila\u00e7la.<\/strong> Minoksidil ve finasterid kal\u0131tsal sa\u00e7 d\u00f6k\u00fclmesini yava\u015flatabilir, ancak tamamen durduramaz. Vertexte ilk etkiler yakla\u015f\u0131k 4 ay sonra beklenir, 24. haftadan itibaren de\u011ferlendirilebilir ve etki yaln\u0131zca kullan\u0131m s\u00fcresince s\u00fcrer. Uzman g\u00f6r\u00fc\u015f\u00fc almak yerinde olur.<\/p>\n<\/div>\n<div style=\"border:1px solid #e3e8ef;border-radius:10px;padding:16px 18px;margin-bottom:12px\">\n<p style=\"margin:0 0 6px;color:#013366;font-weight:600;font-size:16px\">Ba\u015f\u0131n arka k\u0131sm\u0131ndaki sa\u00e7 d\u00f6k\u00fclmesi i\u00e7in ameliyats\u0131z hangi \u00e7\u00f6z\u00fcmler var?<\/p>\n<p style=\"margin:0;color:#2e3033;font-size:15px;line-height:1.6\"><strong>Kapat\u0131c\u0131 se\u00e7enekler; nedene y\u00f6nelik olanlar de\u011fil.<\/strong> Sa\u00e7 s\u0131kla\u015ft\u0131rma, modern sa\u00e7 sistemleri, peruklar ya da posti\u015fler ge\u00e7ici \u00e7\u00f6z\u00fcmlerdir; bunlara sa\u00e7 lifi, sa\u00e7l\u0131 deri pigmentasyonu ve sa\u00e7 ile sa\u00e7l\u0131 deri aras\u0131ndaki kontrast\u0131 azaltan k\u0131sa bir kesim eklenir. Bu se\u00e7enekler seyri de\u011fi\u015ftirmez.<\/p>\n<\/div>\n<div style=\"border:1px solid #e3e8ef;border-radius:10px;padding:16px 18px;margin-bottom:12px\">\n<p style=\"margin:0 0 6px;color:#013366;font-weight:600;font-size:16px\">Ba\u015f\u0131n arka k\u0131sm\u0131ndaki sa\u00e7 ekiminin sonucu ne kadar kal\u0131c\u0131?<\/p>\n<p style=\"margin:0;color:#2e3033;font-size:15px;line-height:1.6\"><strong>Kural olarak kal\u0131c\u0131.<\/strong> Nakledilen sa\u00e7lar DHT&#8217;ye diren\u00e7li oksipital b\u00f6lgeden gelir ve bu \u00f6zelli\u011fi korur (don\u00f6r dominans\u0131). Sonu\u00e7 9 ila 12 ay sonra de\u011ferlendirilebilir. Yan\u0131ndaki kendi sa\u00e7 d\u00f6k\u00fclmeniz devam edebilir, bu y\u00fczden stabilizasyon g\u00fcndemde kal\u0131r.<\/p>\n<\/div>\n<div style=\"border:1px solid #e3e8ef;border-radius:10px;padding:16px 18px;margin-bottom:0\">\n<p style=\"margin:0 0 6px;color:#013366;font-weight:600;font-size:16px\">Nakledilen sa\u00e7\u0131n bak\u0131m\u0131 ameliyattan sonra nas\u0131l yap\u0131l\u0131r?<\/p>\n<p style=\"margin:0;color:#2e3033;font-size:15px;line-height:1.6\"><strong>Nazik\u00e7e ve al\u0131c\u0131 b\u00f6lgeye bask\u0131 uygulamadan.<\/strong> Hekimin \u00f6nerdi\u011fi \u00fcr\u00fcnler tutunmay\u0131 destekler. \u0130lk haftalarda \u015fu ge\u00e7erli: nakledilen b\u00f6lgeye s\u00fcrt\u00fcnme olmayacak, yani sa\u00e7 d\u00f6nme noktas\u0131n\u0131n \u00fczerine yat\u0131lmayacak, onay al\u0131nmadan ba\u015fl\u0131k tak\u0131lmayacak ve kabuklar ka\u015f\u0131nmayacak.<\/p>\n<\/div>\n<\/div>\n\n\n<div class=\"wp-block-image\">\n<figure class=\"aligncenter size-large is-resized\" style=\"max-width:720px;margin-left:auto;margin-right:auto\"><img decoding=\"async\" src=\"https:\/\/elithair.com\/tr\/wp-content\/uploads\/sites\/10\/2026\/08\/beratung_hinterkopf.png\" alt=\"G\u00fcn \u0131\u015f\u0131\u011f\u0131nda bir masada ba\u015f\u0131n arka k\u0131sm\u0131ndaki sa\u00e7 d\u00f6k\u00fclmesi \u00fczerine t\u0131bbi dan\u0131\u015fma g\u00f6r\u00fc\u015fmesi\" class=\"wp-image-83786\" style=\"width:720px;max-width:100%;height:auto\"\/><\/figure>\n<\/div>\n\n\n<h2 class=\"wp-block-heading\">Kaynaklar<\/h2>\n\n\n\n<div style=\"font-size:14px;color:#2e3033;line-height:1.75\">\n<ol style=\"margin:0;padding-left:26px\">\n<li id=\"ref1\">NHS, \u201cHair loss\u201d: <a href=\"https:\/\/www.nhs.uk\/symptoms\/hair-loss\/\" target=\"_blank\" rel=\"noopener\">nhs.uk<\/a><\/li>\n<li id=\"ref2\">\u201cMale Androgenetic Alopecia\u201d, Endotext, NCBI Bookshelf: <a href=\"https:\/\/www.ncbi.nlm.nih.gov\/books\/NBK278957\/\" target=\"_blank\" rel=\"noopener\">ncbi.nlm.nih.gov<\/a><\/li>\n<li id=\"ref3\">AEDV, Grupo Espa\u00f1ol de Tricolog\u00eda: androgenetik alopesi konsens\u00fcs belgesi, Actas Dermo-Sifiliogr\u00e1ficas: <a href=\"https:\/\/www.actasdermo.org\/es-recomendaciones-sobre-el-manejo-clinico-articulo-S000173102300844X\" target=\"_blank\" rel=\"noopener\">actasdermo.org<\/a><\/li>\n<li id=\"ref4\">\u201cPatient-Based Ratio Method for Permanent Zone Donor Area Calculation in Hair Transplant\u201d, PMC (Don\u00f6r Dominans\u0131, Orentreich 1959): <a href=\"https:\/\/pmc.ncbi.nlm.nih.gov\/articles\/PMC11679175\/\" target=\"_blank\" rel=\"noopener\">pmc.ncbi.nlm.nih.gov<\/a><\/li>\n<li id=\"ref5\">\u201cTrichoscopy of Androgenetic Alopecia: A Systematic Review\u201d, PMC: <a href=\"https:\/\/www.ncbi.nlm.nih.gov\/pmc\/articles\/PMC11012765\/\" target=\"_blank\" rel=\"noopener\">ncbi.nlm.nih.gov<\/a><\/li>\n<li id=\"ref6\">Lintzeri ve ark. (2022): \u201cAlopecia areata\u201d, JDDG: <a href=\"https:\/\/onlinelibrary.wiley.com\/doi\/10.1111\/ddg.14689\" target=\"_blank\" rel=\"noopener\">onlinelibrary.wiley.com<\/a><\/li>\n<li id=\"ref7\">AWMF, S3-Leitlinie Alopecia areata, Kay\u0131t No. 013-104 (\u015eubat 2026): register.awmf.org<\/li>\n<li id=\"ref8\">\u201cTraction Alopecia: Clinical and Cultural Patterns\u201d, PMC: <a href=\"https:\/\/pmc.ncbi.nlm.nih.gov\/articles\/PMC8530059\/\" target=\"_blank\" rel=\"noopener\">pmc.ncbi.nlm.nih.gov<\/a><\/li>\n<li id=\"ref9\">\u201cAcne Keloidalis Nuchae\u201d, StatPearls, NCBI Bookshelf: <a href=\"https:\/\/www.ncbi.nlm.nih.gov\/books\/NBK459135\/\" target=\"_blank\" rel=\"noopener\">ncbi.nlm.nih.gov<\/a><\/li>\n<li id=\"ref10\">American Academy of Dermatology, \u201cDo you have hair loss or hair shedding?\u201d: <a href=\"https:\/\/www.aad.org\/public\/diseases\/hair-loss\/insider\/shedding\" target=\"_blank\" rel=\"noopener\">aad.org<\/a><\/li>\n<li id=\"ref11\">\u201cFemale Pattern Hair Loss\u201d, PMC (Ludwig paterni): <a href=\"https:\/\/www.ncbi.nlm.nih.gov\/pmc\/articles\/PMC3968982\/\" target=\"_blank\" rel=\"noopener\">ncbi.nlm.nih.gov<\/a><\/li>\n<li id=\"ref12\">JAMA Dermatology: androgenetik alopeside ya\u015fam kalitesi, depresyon ve benlik sayg\u0131s\u0131 (meta-analiz): <a href=\"https:\/\/jamanetwork.com\/journals\/jamadermatology\/fullarticle\/2781706\" target=\"_blank\" rel=\"noopener\">jamanetwork.com<\/a><\/li>\n<li id=\"ref13\">Olsen ve ark. (2002): %5 ile %2 topikal minoksidil kar\u015f\u0131la\u015ft\u0131rmas\u0131, PubMed 12196747: <a href=\"https:\/\/pubmed.ncbi.nlm.nih.gov\/12196747\/\" target=\"_blank\" rel=\"noopener\">pubmed.ncbi.nlm.nih.gov<\/a><\/li>\n<li id=\"ref14\">\u201cExpanding the therapeutic landscape of minoxidil\u201d, Frontiers in Pharmacology 2025: <a href=\"https:\/\/www.frontiersin.org\/journals\/pharmacology\/articles\/10.3389\/fphar.2025.1718208\/full\" target=\"_blank\" rel=\"noopener\">frontiersin.org<\/a><\/li>\n<li id=\"ref15\">Androgenetik alopeside PRP, randomize \u00e7al\u0131\u015fmalar\u0131n meta-analizi, PubMed 37533146: <a href=\"https:\/\/pubmed.ncbi.nlm.nih.gov\/37533146\/\" target=\"_blank\" rel=\"noopener\">pubmed.ncbi.nlm.nih.gov<\/a><\/li>\n<li id=\"ref16\">Topikal minoksidile ek olarak PRP, meta-analiz, PMC: <a href=\"https:\/\/www.ncbi.nlm.nih.gov\/pmc\/articles\/PMC11356437\/\" target=\"_blank\" rel=\"noopener\">ncbi.nlm.nih.gov<\/a><\/li>\n<li id=\"ref17\">T\u00fcrk Dermatoloji Derne\u011fi: androgenetik sa\u00e7 d\u00f6k\u00fclmesi hasta bilgilendirmesi (d\u00fc\u015f\u00fck d\u00fczeyli lazer tedavisi): <a href=\"https:\/\/turkdermatoloji.org.tr\/media\/pdf\/erkek%20Tipi%20Sa%C3%A7%20D%C3%B6k%C3%BClmesi%20(Androgenetik%20alopesi)%20Kopyas%C4%B1%20(3).pdf\" target=\"_blank\" rel=\"noopener\">turkdermatoloji.org.tr<\/a><\/li>\n<li id=\"ref18\">\u201cMale androgenetic alopecia\u201d (minyat\u00fcrizasyon, fibroz), PMC; ek olarak PubMed 33539849: <a href=\"https:\/\/pmc.ncbi.nlm.nih.gov\/articles\/PMC11962920\/\" target=\"_blank\" rel=\"noopener\">pmc.ncbi.nlm.nih.gov<\/a><\/li>\n<\/ol>\n<p style=\"margin:14px 0 0;color:#6b7280;font-size:13px;font-style:italic\">A\u011fustos 2026 itibar\u0131yla t\u0131bbi olarak kontrol edilmi\u015ftir. Bu yaz\u0131 bilgilendirme ama\u00e7l\u0131d\u0131r ve t\u0131bbi te\u015fhis ya da tedavinin yerini tutmaz. Yuvarlak a\u00e7\u0131k odaklarda; k\u0131zarm\u0131\u015f, pullanan, sulanan ya da a\u011fr\u0131yan sa\u00e7l\u0131 deride; g\u00f6r\u00fcn\u00fcr sa\u00e7 g\u00f6zene\u011fi olmayan parlak d\u00fczg\u00fcn ciltte ve birka\u00e7 hafta i\u00e7indeki ani ba\u015flang\u0131\u00e7ta l\u00fctfen k\u0131sa s\u00fcre i\u00e7inde bir dermatoloji hekimine ba\u015fvurun. Re\u00e7ete edilen ila\u00e7lar\u0131 asla kendi ba\u015f\u0131n\u0131za b\u0131rakmay\u0131n.<\/p>\n<\/div>\n\n\n\n<script type=\"application\/ld+json\">\n{\n  \"@context\": \"https:\/\/schema.org\",\n  \"@type\": \"FAQPage\",\n  \"mainEntity\": [\n    {\n      \"@type\": \"Question\",\n      \"name\": \"Ba\u015f\u0131n arka k\u0131sm\u0131nda g\u00f6r\u00fcnen bir sa\u00e7 d\u00f6nmesi sa\u00e7 d\u00f6k\u00fclmesi midir?\",\n      \"acceptedAnswer\": {\n        \"@type\": \"Answer\",\n        \"text\": \"Hay\u0131r. Sa\u00e7 d\u00f6nme noktas\u0131nda sa\u00e7lar girdap bi\u00e7iminde birbirinden ayr\u0131l\u0131r, bu y\u00fczden orada her zaman biraz sa\u00e7l\u0131 deri g\u00f6r\u00fcn\u00fcr. Sa\u00e7 d\u00f6k\u00fclmesine yaln\u0131zca \u00fc\u00e7 bulgu i\u015faret eder: kenara do\u011fru azalan bir yo\u011funluk, g\u00fc\u00e7l\u00fc sa\u00e7lar\u0131n aras\u0131ndaki k\u0131sa ince sa\u00e7lar (erkekte %20'den itibaren anizotrikoz) ve \u00fc\u00e7 ila alt\u0131 ay i\u00e7inde b\u00fcy\u00fcyen bir alan.\"\n      }\n    },\n    {\n      \"@type\": \"Question\",\n      \"name\": \"Ba\u015f\u0131n arka k\u0131sm\u0131ndaki a\u00e7\u0131k alan\u0131n b\u00fcy\u00fcy\u00fcp b\u00fcy\u00fcmedi\u011fini nas\u0131l anlar\u0131m?\",\n      \"acceptedAnswer\": {\n        \"@type\": \"Answer\",\n        \"text\": \"Yaln\u0131zca ayn\u0131 ko\u015fullardaki foto\u011fraf kar\u015f\u0131la\u015ft\u0131rmas\u0131yla. Pencere \u00f6n\u00fcnde g\u00fcn \u0131\u015f\u0131\u011f\u0131, kuru ve \u015fekillendirilmemi\u015f sa\u00e7, ayn\u0131 mesafe ve a\u00e7\u0131; \u00e7ekimler \u015fimdi, 3. ve 6. ayda. Daha k\u0131sa aral\u0131klar her \u015feyden \u00f6nce \u0131\u015f\u0131k ve \u015fekillendirme farklar\u0131n\u0131 g\u00f6sterir, \u00e7\u00fcnk\u00fc sa\u00e7 d\u00f6ng\u00fcs\u00fc birka\u00e7 ay s\u00fcrer.\"\n      }\n    },\n    {\n      \"@type\": \"Question\",\n      \"name\": \"Kal\u0131tsal sa\u00e7 d\u00f6k\u00fclmesi yaln\u0131zca ba\u015f\u0131n arka k\u0131sm\u0131nda g\u00f6r\u00fclebilir mi?\",\n      \"acceptedAnswer\": {\n        \"@type\": \"Answer\",\n        \"text\": \"Evet. Bu, androgenetik alopesinin vertex tipidir: Seyrek alan sa\u00e7 d\u00f6nme noktas\u0131nda ba\u015flar, sa\u00e7 \u00e7izgisi ba\u015flang\u0131\u00e7ta yerinde kal\u0131r. Norwood skalas\u0131 bunu III vertex evresi olarak listeler. Ba\u015f\u0131n alt arka k\u0131sm\u0131 ve ense korunur, \u00e7\u00fcnk\u00fc bu oksipital b\u00f6lge DHT'ye diren\u00e7lidir.\"\n      }\n    },\n    {\n      \"@type\": \"Question\",\n      \"name\": \"Ba\u015f\u0131n arka k\u0131sm\u0131ndaki yuvarlak a\u00e7\u0131k bir alan ne anlama gelir?\",\n      \"acceptedAnswer\": {\n        \"@type\": \"Answer\",\n        \"text\": \"\u00c7o\u011funlukla sa\u00e7k\u0131ran. Yuvarlak, s\u0131n\u0131rlar\u0131 keskin ve d\u00fczg\u00fcn ciltli bir alan bunu d\u00fc\u015f\u00fcnd\u00fcr\u00fcr; ya\u015fam boyu risk yakla\u015f\u0131k %2'dir. Alt sa\u00e7 \u00e7izgisinde bant bi\u00e7iminde oldu\u011funda ad\u0131 ofiazis tipidir, prevalans\u0131 yakla\u015f\u0131k %0,02'dir ve prognozu daha olumsuzdur. Her ikisi de k\u0131sa s\u00fcre i\u00e7inde bir dermatoloji hekimine g\u00f6r\u00fcnmelidir.\"\n      }\n    },\n    {\n      \"@type\": \"Question\",\n      \"name\": \"Ba\u015f\u0131n arka k\u0131sm\u0131ndaki sa\u00e7 d\u00f6k\u00fclmesi yast\u0131k, kask ya da koltuk ba\u015fl\u0131\u011f\u0131ndan kaynaklanabilir mi?\",\n      \"acceptedAnswer\": {\n        \"@type\": \"Answer\",\n        \"text\": \"Evet. Tam temas noktas\u0131nda friksiyon ya da bas\u0131 alopesisi olarak, \u00e7o\u011fu zaman k\u0131r\u0131lm\u0131\u015f sa\u00e7larla birlikte. Y\u00fck ortadan kalkt\u0131\u011f\u0131nda bu \u00e7o\u011funlukla 3 ila 6 ayda geriler. Buna kar\u015f\u0131l\u0131k ger\u00e7ek bir bas\u0131 alopesisi, saatler s\u00fcren hareketsizlik sonras\u0131nda, \u00f6rne\u011fin uzun ameliyatlardan sonra tan\u0131mlanm\u0131\u015ft\u0131r.\"\n      }\n    },\n    {\n      \"@type\": \"Question\",\n      \"name\": \"Kad\u0131nlarda ba\u015f\u0131n arka k\u0131sm\u0131nda sa\u00e7 d\u00f6k\u00fclmesi: ne zaman kritiktir?\",\n      \"acceptedAnswer\": {\n        \"@type\": \"Answer\",\n        \"text\": \"Kad\u0131nlarda ba\u015f\u0131n arka k\u0131sm\u0131ndaki s\u0131n\u0131rl\u0131 her alan a\u00e7\u0131klama gerektirir. Kad\u0131nlardaki Ludwig paterni tepe ayr\u0131m\u0131n\u0131 seyreltir ve ba\u015f\u0131n arka k\u0131sm\u0131n\u0131 korur. Yuvarlak ve s\u0131n\u0131rlar\u0131 keskin bir oda\u011f\u0131, k\u0131zaran, pullanan ya da a\u011fr\u0131yan bir sa\u00e7l\u0131 deriyi, sa\u00e7 g\u00f6zene\u011fi olmayan parlak d\u00fczg\u00fcn cildi ve ani ba\u015flang\u0131c\u0131 k\u0131sa s\u00fcre i\u00e7inde de\u011ferlendirtmelisiniz.\"\n      }\n    },\n    {\n      \"@type\": \"Question\",\n      \"name\": \"Ba\u015f\u0131n arka k\u0131sm\u0131ndaki sa\u00e7 kendili\u011finden yeniden \u00e7\u0131kar m\u0131?\",\n      \"acceptedAnswer\": {\n        \"@type\": \"Answer\",\n        \"text\": \"Bu nedene ba\u011fl\u0131. Sa\u00e7k\u0131randa ilk ata\u011f\u0131n ard\u0131ndan yakla\u015f\u0131k %50'si bir y\u0131l i\u00e7inde kendili\u011finden d\u00fczelir; dif\u00fcz bi\u00e7imler ise \u00e7o\u011funlukla tetikleyicinin ortadan kalkmas\u0131ndan 3 ila 6 ay sonra. Vertexteki kal\u0131tsal sa\u00e7 d\u00f6k\u00fclmesi kendili\u011finden gerilemez, tedavi edilmedi\u011finde ilerler.\"\n      }\n    },\n    {\n      \"@type\": \"Question\",\n      \"name\": \"Minoksidil sa\u00e7 d\u00f6nme b\u00f6lgesinde al\u0131na g\u00f6re daha iyi etki eder mi?\",\n      \"acceptedAnswer\": {\n        \"@type\": \"Answer\",\n        \"text\": \"Etki en iyi vertexte kan\u0131tlanm\u0131\u015ft\u0131r. Ruhsat \u00e7al\u0131\u015fmalar\u0131 hedef alanlar\u0131n\u0131 orada \u00f6l\u00e7m\u00fc\u015ft\u00fcr. Olsen ve ark.'n\u0131n \u00e7al\u0131\u015fmas\u0131nda (2002) %5 minoksidil 48 hafta sonra %2'ye k\u0131yasla yakla\u015f\u0131k %45 daha g\u00fc\u00e7l\u00fc bir yeniden b\u00fcy\u00fcme sa\u011flad\u0131; ilk terminal sa\u00e7lar yakla\u015f\u0131k 4 ay sonra. Bu yaln\u0131zca androgenetik sa\u00e7 d\u00f6k\u00fclmesi i\u00e7in ge\u00e7erlidir.\"\n      }\n    },\n    {\n      \"@type\": \"Question\",\n      \"name\": \"G\u00fcnde ka\u00e7 sa\u00e7 teli normaldir?\",\n      \"acceptedAnswer\": {\n        \"@type\": \"Answer\",\n        \"text\": \"G\u00fcnde 50 ila 100 sa\u00e7 teli. Bu aral\u0131\u011f\u0131 American Academy of Dermatology ve NHS belirtiyor; baz\u0131 kaynaklarda s\u0131kl\u0131kla 70 ila 100 aral\u0131\u011f\u0131 ge\u00e7iyor. Keskin bir s\u0131n\u0131r yoktur, \u00e7\u00fcnk\u00fc bu say\u0131 y\u0131kama s\u0131kl\u0131\u011f\u0131na ve mevsime g\u00f6re de\u011fi\u015fir. Haftalar boyunca kal\u0131c\u0131 ve belirgin bi\u00e7imde art\u0131yorsa bu dikkat \u00e7ekicidir.\"\n      }\n    },\n    {\n      \"@type\": \"Question\",\n      \"name\": \"20'li ya\u015flar\u0131n ba\u015f\u0131nda sa\u00e7 d\u00f6nme b\u00f6lgesine ekim i\u00e7in \u00e7ok mu gen\u00e7 say\u0131l\u0131r\u0131m?\",\n      \"acceptedAnswer\": {\n        \"@type\": \"Answer\",\n        \"text\": \"Belirleyici olan ya\u015f de\u011fil, seyrin stabilitesidir. H\u0131zla ilerleyen vertex kayb\u0131nda \u00e7o\u011funlukla \u00f6nce konservatif stabilizasyon sa\u011flan\u0131r; aksi h\u00e2lde nakledilen alan\u0131n \u00e7evresinde sa\u00e7 kayb\u0131 s\u00fcrer ve don\u00f6r sa\u00e7 sonradan eksik kal\u0131r. Uygunlu\u011fu hekim ki\u015fiye \u00f6zel de\u011ferlendirir.\"\n      }\n    },\n    {\n      \"@type\": \"Question\",\n      \"name\": \"J\u00f6le ve wax sa\u00e7 d\u00f6nme noktas\u0131n\u0131 oldu\u011fundan daha a\u00e7\u0131k m\u0131 g\u00f6sterir?\",\n      \"acceptedAnswer\": {\n        \"@type\": \"Answer\",\n        \"text\": \"Evet, en s\u0131k g\u00f6r\u00fclen yanl\u0131\u015f alarm budur. Islak ya da j\u00f6leyle yap\u0131\u015fm\u0131\u015f sa\u00e7 tutamlar h\u00e2linde durur, b\u00f6ylece her sa\u00e7 d\u00f6nme noktas\u0131nda sa\u00e7l\u0131 deri g\u00f6r\u00fcn\u00fcr; buna bir de tavan \u0131\u015f\u0131\u011f\u0131n\u0131n girdaba d\u00fc\u015f\u00fcrd\u00fc\u011f\u00fc g\u00f6lge eklenir. Bu konuda \u00e7al\u0131\u015fma yok: Yaln\u0131zca kuru, \u015fekillendirilmemi\u015f sa\u00e7\u0131 g\u00fcn \u0131\u015f\u0131\u011f\u0131nda de\u011ferlendirin.\"\n      }\n    },\n    {\n      \"@type\": \"Question\",\n      \"name\": \"Sa\u00e7 d\u00f6k\u00fclmem mi var, yoksa \u00e7ift sa\u00e7 d\u00f6nmesi mi?\",\n      \"acceptedAnswer\": {\n        \"@type\": \"Answer\",\n        \"text\": \"\u00c7ift sa\u00e7 d\u00f6nmesi bir b\u00fcy\u00fcme paternidir, sa\u00e7 d\u00f6k\u00fclmesi de\u011fil. \u0130ki girdap, ba\u015f\u0131n arka k\u0131sm\u0131n\u0131 yaln\u0131zca daha da\u011f\u0131n\u0131k g\u00f6sterir. Belirleyici olan yine yo\u011funluk ve seyirdir: Sa\u00e7 her iki girdab\u0131n kenar\u0131na kadar g\u00fc\u00e7l\u00fc kal\u0131yorsa ve g\u00f6r\u00fcnt\u00fc aylar boyunca ayn\u0131ysa bu bir paterndir. Bu konuda g\u00fcvenilir \u00e7al\u0131\u015fma yok.\"\n      }\n    },\n    {\n      \"@type\": \"Question\",\n      \"name\": \"Sa\u00e7 d\u00f6nme noktas\u0131ndaki g\u00fcne\u015f yan\u0131\u011f\u0131 bir uyar\u0131 i\u015fareti mi?\",\n      \"acceptedAnswer\": {\n        \"@type\": \"Answer\",\n        \"text\": \"Makul bir ipucu, kan\u0131t de\u011fil. Sa\u00e7\u0131n eksik oldu\u011fu yerde UV korumas\u0131 da eksiktir; tam sa\u00e7 d\u00f6nme noktas\u0131ndaki bir g\u00fcne\u015f yan\u0131\u011f\u0131, o noktada azalm\u0131\u015f bir yo\u011funlu\u011fa i\u015faret eder. Bu konuda bir \u00e7al\u0131\u015fma yok. \u0130kisi de yerinde: ba\u015fl\u0131k kullanmak ve seyri foto\u011frafla takip etmek.\"\n      }\n    },\n    {\n      \"@type\": \"Question\",\n      \"name\": \"Ba\u015f\u0131n arka k\u0131sm\u0131ndaki sa\u00e7 d\u00f6k\u00fclmesinin ilerlemesi nas\u0131l yava\u015flat\u0131labilir?\",\n      \"acceptedAnswer\": {\n        \"@type\": \"Answer\",\n        \"text\": \"Yaln\u0131zca k\u0131smen ve yaln\u0131zca ila\u00e7la. Minoksidil ve finasterid kal\u0131tsal sa\u00e7 d\u00f6k\u00fclmesini yava\u015flatabilir, ancak tamamen durduramaz. Vertexte ilk etkiler yakla\u015f\u0131k 4 ay sonra beklenir, 24. haftadan itibaren de\u011ferlendirilebilir ve etki yaln\u0131zca kullan\u0131m s\u00fcresince s\u00fcrer. Uzman g\u00f6r\u00fc\u015f\u00fc almak yerinde olur.\"\n      }\n    },\n    {\n      \"@type\": \"Question\",\n      \"name\": \"Ba\u015f\u0131n arka k\u0131sm\u0131ndaki sa\u00e7 d\u00f6k\u00fclmesi i\u00e7in ameliyats\u0131z hangi \u00e7\u00f6z\u00fcmler var?\",\n      \"acceptedAnswer\": {\n        \"@type\": \"Answer\",\n        \"text\": \"Kapat\u0131c\u0131 se\u00e7enekler; nedene y\u00f6nelik olanlar de\u011fil. Sa\u00e7 s\u0131kla\u015ft\u0131rma, modern sa\u00e7 sistemleri, peruklar ya da posti\u015fler ge\u00e7ici \u00e7\u00f6z\u00fcmlerdir; bunlara sa\u00e7 lifi, sa\u00e7l\u0131 deri pigmentasyonu ve sa\u00e7 ile sa\u00e7l\u0131 deri aras\u0131ndaki kontrast\u0131 azaltan k\u0131sa bir kesim eklenir. Bu se\u00e7enekler seyri de\u011fi\u015ftirmez.\"\n      }\n    },\n    {\n      \"@type\": \"Question\",\n      \"name\": \"Ba\u015f\u0131n arka k\u0131sm\u0131ndaki sa\u00e7 ekiminin sonucu ne kadar kal\u0131c\u0131?\",\n      \"acceptedAnswer\": {\n        \"@type\": \"Answer\",\n        \"text\": \"Kural olarak kal\u0131c\u0131. Nakledilen sa\u00e7lar DHT'ye diren\u00e7li oksipital b\u00f6lgeden gelir ve bu \u00f6zelli\u011fi korur (don\u00f6r dominans\u0131). Sonu\u00e7 9 ila 12 ay sonra de\u011ferlendirilebilir. Yan\u0131ndaki kendi sa\u00e7 d\u00f6k\u00fclmeniz devam edebilir, bu y\u00fczden stabilizasyon g\u00fcndemde kal\u0131r.\"\n      }\n    },\n    {\n      \"@type\": \"Question\",\n      \"name\": \"Nakledilen sa\u00e7\u0131n bak\u0131m\u0131 ameliyattan sonra nas\u0131l yap\u0131l\u0131r?\",\n      \"acceptedAnswer\": {\n        \"@type\": \"Answer\",\n        \"text\": \"Nazik\u00e7e ve al\u0131c\u0131 b\u00f6lgeye bask\u0131 uygulamadan. Hekimin \u00f6nerdi\u011fi \u00fcr\u00fcnler tutunmay\u0131 destekler. \u0130lk haftalarda \u015fu ge\u00e7erli: nakledilen b\u00f6lgeye s\u00fcrt\u00fcnme olmayacak, yani sa\u00e7 d\u00f6nme noktas\u0131n\u0131n \u00fczerine yat\u0131lmayacak, onay al\u0131nmadan ba\u015fl\u0131k tak\u0131lmayacak ve kabuklar ka\u015f\u0131nmayacak.\"\n      }\n    }\n  ]\n}\n<\/script>\n\n","protected":false},"excerpt":{"rendered":"<p>Ba\u015f\u0131n arka k\u0131sm\u0131ndaki sa\u00e7 d\u00f6k\u00fclmesini insan genellikle en son kendisi fark eder; \u00e7o\u011fu zaman bir tatil foto\u011fraf\u0131nda ya da biri s\u00f6yledi\u011fi i\u00e7in. Nedeni anlamak i\u00e7in belirleyici olan, sa\u00e7\u0131n tam olarak nerede inceldi\u011fidir: Sa\u00e7 d\u00f6nme noktas\u0131n\u0131n \u00e7evresinde genellikle genetik, yani kal\u0131tsal sa\u00e7 d\u00f6k\u00fclmesi vard\u0131r; seyrek bir alan olu\u015fur, sa\u00e7l\u0131 deri g\u00f6r\u00fcn\u00fcr hale gelir ve bu alan [&hellip;]<\/p>\n","protected":false},"author":10,"featured_media":83301,"comment_status":"closed","ping_status":"closed","sticky":false,"template":"","format":"standard","meta":{"_acf_changed":false,"_yoast_wpseo_meta-robots-noindex":"","_yoast_wpseo_meta-robots-nofollow":"","_yoast_wpseo_meta-robots-adv":"","_yoast_wpseo_canonical":"https:\/\/elithair.com\/tr\/basin-arka-kisminda-sac-dokulmesi\/","_yoast_wpseo_opengraph-title":"","_yoast_wpseo_opengraph-description":"","_yoast_wpseo_opengraph-image":"","_yoast_wpseo_twitter-title":"","_yoast_wpseo_twitter-description":"","_yoast_wpseo_twitter-image":"","_hm_hreflang_map":{"de":50068,"en":96955,"es":91870,"fr":101236,"it":107655,"pt":89715,"tr":83297,"uk":96341,"x_default":96955},"_hm_language_code":"tr","footnotes":""},"categories":[3],"tags":[],"class_list":["post-83297","post","type-post","status-publish","format-standard","has-post-thumbnail","hentry","category-sac-ekimi-blog"],"acf":[],"yoast_head":"<!-- This site is optimized with the Yoast SEO Premium plugin v28.3 (Yoast SEO v28.3) - https:\/\/yoast.com\/product\/yoast-seo-premium-wordpress\/ -->\n<title>Ba\u015f\u0131n arka k\u0131sm\u0131nda sa\u00e7 d\u00f6k\u00fclmesi: tepe, tonsura yoksa ense mi? Nedeni b\u00f6yle anlars\u0131n\u0131z<\/title>\n<meta name=\"description\" content=\"Ba\u015f\u0131n arka k\u0131sm\u0131nda sa\u00e7 d\u00f6k\u00fclmesi: tepede genellikle kal\u0131tsal d\u00f6k\u00fclme, ensede ba\u015fka nedenler vard\u0131r. Kendi kendine kontrol, Norwood evreleri ve neyin i\u015fe yarad\u0131\u011f\u0131.\" \/>\n<meta name=\"robots\" content=\"index, follow, max-snippet:-1, max-image-preview:large, max-video-preview:-1\" \/>\n<link rel=\"canonical\" href=\"https:\/\/elithair.com\/tr\/basin-arka-kisminda-sac-dokulmesi\/\" \/>\n<meta property=\"og:locale\" content=\"tr_TR\" \/>\n<meta property=\"og:type\" content=\"article\" \/>\n<meta property=\"og:title\" content=\"Ba\u015f\u0131n arka k\u0131sm\u0131nda sa\u00e7 d\u00f6k\u00fclmesi: sa\u00e7 d\u00f6nmesi mi, tonsura m\u0131, ba\u015fka bir neden mi?\" \/>\n<meta property=\"og:description\" content=\"Ba\u015f\u0131n arka k\u0131sm\u0131nda sa\u00e7 d\u00f6k\u00fclmesi: tepede genellikle kal\u0131tsal d\u00f6k\u00fclme, ensede ba\u015fka nedenler vard\u0131r. Kendi kendine kontrol, Norwood evreleri ve neyin i\u015fe yarad\u0131\u011f\u0131.\" \/>\n<meta property=\"og:url\" content=\"https:\/\/elithair.com\/tr\/basin-arka-kisminda-sac-dokulmesi\/\" \/>\n<meta property=\"og:site_name\" content=\"Elithair\" \/>\n<meta property=\"article:published_time\" content=\"2026-08-28T17:19:34+00:00\" \/>\n<meta property=\"og:image\" content=\"https:\/\/elithair.com\/tr\/wp-content\/uploads\/sites\/10\/2026\/08\/zonen_landkarte_hinterkopf__tr.png\" \/>\n<meta name=\"author\" content=\"Dr. Imad Moustafa\" \/>\n<meta name=\"twitter:card\" content=\"summary_large_image\" \/>\n<meta name=\"twitter:label1\" content=\"Yazan:\" \/>\n\t<meta name=\"twitter:data1\" content=\"Dr. Imad Moustafa\" \/>\n\t<meta name=\"twitter:label2\" content=\"Tahmini okuma s\u00fcresi\" \/>\n\t<meta name=\"twitter:data2\" content=\"47 dakika\" \/>\n<script type=\"application\/ld+json\" class=\"yoast-schema-graph\">{\"@context\":\"https:\\\/\\\/schema.org\",\"@graph\":[{\"@type\":\"Article\",\"@id\":\"https:\\\/\\\/elithair.com\\\/tr\\\/basin-arka-kisminda-sac-dokulmesi\\\/#article\",\"isPartOf\":{\"@id\":\"https:\\\/\\\/elithair.com\\\/tr\\\/basin-arka-kisminda-sac-dokulmesi\\\/\"},\"author\":{\"name\":\"Dr. Imad Moustafa\",\"@id\":\"https:\\\/\\\/elithair.com\\\/tr\\\/#\\\/schema\\\/person\\\/11ce37e83a6343e4c37edcd4b5498e41\"},\"headline\":\"Ba\u015f\u0131n arka k\u0131sm\u0131nda sa\u00e7 d\u00f6k\u00fclmesi: sa\u00e7 d\u00f6nmesi mi, tonsura m\u0131, ba\u015fka bir neden mi?\",\"datePublished\":\"2026-08-28T17:19:34+00:00\",\"mainEntityOfPage\":{\"@id\":\"https:\\\/\\\/elithair.com\\\/tr\\\/basin-arka-kisminda-sac-dokulmesi\\\/\"},\"wordCount\":9498,\"image\":{\"@id\":\"https:\\\/\\\/elithair.com\\\/tr\\\/basin-arka-kisminda-sac-dokulmesi\\\/#primaryimage\"},\"thumbnailUrl\":\"https:\\\/\\\/elithair.com\\\/tr\\\/wp-content\\\/uploads\\\/sites\\\/10\\\/2026\\\/08\\\/hero-6.png\",\"articleSection\":[\"Sa\u00e7 Ekimi\"],\"inLanguage\":\"tr\"},{\"@type\":\"WebPage\",\"@id\":\"https:\\\/\\\/elithair.com\\\/tr\\\/basin-arka-kisminda-sac-dokulmesi\\\/\",\"url\":\"https:\\\/\\\/elithair.com\\\/tr\\\/basin-arka-kisminda-sac-dokulmesi\\\/\",\"name\":\"Ba\u015f\u0131n arka k\u0131sm\u0131nda sa\u00e7 d\u00f6k\u00fclmesi: tepe, tonsura yoksa ense mi? Nedeni b\u00f6yle anlars\u0131n\u0131z\",\"isPartOf\":{\"@id\":\"https:\\\/\\\/elithair.com\\\/tr\\\/#website\"},\"primaryImageOfPage\":{\"@id\":\"https:\\\/\\\/elithair.com\\\/tr\\\/basin-arka-kisminda-sac-dokulmesi\\\/#primaryimage\"},\"image\":{\"@id\":\"https:\\\/\\\/elithair.com\\\/tr\\\/basin-arka-kisminda-sac-dokulmesi\\\/#primaryimage\"},\"thumbnailUrl\":\"https:\\\/\\\/elithair.com\\\/tr\\\/wp-content\\\/uploads\\\/sites\\\/10\\\/2026\\\/08\\\/hero-6.png\",\"datePublished\":\"2026-08-28T17:19:34+00:00\",\"author\":{\"@id\":\"https:\\\/\\\/elithair.com\\\/tr\\\/#\\\/schema\\\/person\\\/11ce37e83a6343e4c37edcd4b5498e41\"},\"description\":\"Ba\u015f\u0131n arka k\u0131sm\u0131nda sa\u00e7 d\u00f6k\u00fclmesi: tepede genellikle kal\u0131tsal d\u00f6k\u00fclme, ensede ba\u015fka nedenler vard\u0131r. Kendi kendine kontrol, Norwood evreleri ve neyin i\u015fe yarad\u0131\u011f\u0131.\",\"breadcrumb\":{\"@id\":\"https:\\\/\\\/elithair.com\\\/tr\\\/basin-arka-kisminda-sac-dokulmesi\\\/#breadcrumb\"},\"inLanguage\":\"tr\",\"potentialAction\":[{\"@type\":\"ReadAction\",\"target\":[\"https:\\\/\\\/elithair.com\\\/tr\\\/basin-arka-kisminda-sac-dokulmesi\\\/\"]}]},{\"@type\":\"ImageObject\",\"inLanguage\":\"tr\",\"@id\":\"https:\\\/\\\/elithair.com\\\/tr\\\/basin-arka-kisminda-sac-dokulmesi\\\/#primaryimage\",\"url\":\"https:\\\/\\\/elithair.com\\\/tr\\\/wp-content\\\/uploads\\\/sites\\\/10\\\/2026\\\/08\\\/hero-6.png\",\"contentUrl\":\"https:\\\/\\\/elithair.com\\\/tr\\\/wp-content\\\/uploads\\\/sites\\\/10\\\/2026\\\/08\\\/hero-6.png\",\"width\":1536,\"height\":1024,\"caption\":\"Hinterkopf eines Mannes mit sichtbarem Wirbelbereich im seitlichen Tageslicht\"},{\"@type\":\"BreadcrumbList\",\"@id\":\"https:\\\/\\\/elithair.com\\\/tr\\\/basin-arka-kisminda-sac-dokulmesi\\\/#breadcrumb\",\"itemListElement\":[{\"@type\":\"ListItem\",\"position\":1,\"name\":\"Home\",\"item\":\"https:\\\/\\\/elithair.com\\\/tr\\\/\"},{\"@type\":\"ListItem\",\"position\":2,\"name\":\"Ba\u015f\u0131n arka k\u0131sm\u0131nda sa\u00e7 d\u00f6k\u00fclmesi: sa\u00e7 d\u00f6nmesi mi, tonsura m\u0131, ba\u015fka bir neden mi?\"}]},{\"@type\":\"WebSite\",\"@id\":\"https:\\\/\\\/elithair.com\\\/tr\\\/#website\",\"url\":\"https:\\\/\\\/elithair.com\\\/tr\\\/\",\"name\":\"Elithair\",\"description\":\"Elithair: sa\u00e7\u0131n\u0131z i\u00e7in en iyi klini\u011fi ke\u015ffedin\",\"potentialAction\":[{\"@type\":\"SearchAction\",\"target\":{\"@type\":\"EntryPoint\",\"urlTemplate\":\"https:\\\/\\\/elithair.com\\\/tr\\\/?s={search_term_string}\"},\"query-input\":{\"@type\":\"PropertyValueSpecification\",\"valueRequired\":true,\"valueName\":\"search_term_string\"}}],\"inLanguage\":\"tr\"},{\"@type\":\"Person\",\"@id\":\"https:\\\/\\\/elithair.com\\\/tr\\\/#\\\/schema\\\/person\\\/11ce37e83a6343e4c37edcd4b5498e41\",\"name\":\"Dr. Imad Moustafa\",\"image\":{\"@type\":\"ImageObject\",\"inLanguage\":\"tr\",\"@id\":\"https:\\\/\\\/secure.gravatar.com\\\/avatar\\\/9190499f6f3008cd7da57b179f07bfea4b4e382c816ba3e0de68db0b5a70c07d?s=96&d=mm&r=g\",\"url\":\"https:\\\/\\\/secure.gravatar.com\\\/avatar\\\/9190499f6f3008cd7da57b179f07bfea4b4e382c816ba3e0de68db0b5a70c07d?s=96&d=mm&r=g\",\"contentUrl\":\"https:\\\/\\\/secure.gravatar.com\\\/avatar\\\/9190499f6f3008cd7da57b179f07bfea4b4e382c816ba3e0de68db0b5a70c07d?s=96&d=mm&r=g\",\"caption\":\"Dr. Imad Moustafa\"},\"url\":\"https:\\\/\\\/elithair.com\\\/tr\\\/author\\\/support\\\/\"}]}<\/script>\n<!-- \/ Yoast SEO Premium plugin. -->","yoast_head_json":{"title":"Ba\u015f\u0131n arka k\u0131sm\u0131nda sa\u00e7 d\u00f6k\u00fclmesi: tepe, tonsura yoksa ense mi? Nedeni b\u00f6yle anlars\u0131n\u0131z","description":"Ba\u015f\u0131n arka k\u0131sm\u0131nda sa\u00e7 d\u00f6k\u00fclmesi: tepede genellikle kal\u0131tsal d\u00f6k\u00fclme, ensede ba\u015fka nedenler vard\u0131r. Kendi kendine kontrol, Norwood evreleri ve neyin i\u015fe yarad\u0131\u011f\u0131.","robots":{"index":"index","follow":"follow","max-snippet":"max-snippet:-1","max-image-preview":"max-image-preview:large","max-video-preview":"max-video-preview:-1"},"canonical":"https:\/\/elithair.com\/tr\/basin-arka-kisminda-sac-dokulmesi\/","og_locale":"tr_TR","og_type":"article","og_title":"Ba\u015f\u0131n arka k\u0131sm\u0131nda sa\u00e7 d\u00f6k\u00fclmesi: sa\u00e7 d\u00f6nmesi mi, tonsura m\u0131, ba\u015fka bir neden mi?","og_description":"Ba\u015f\u0131n arka k\u0131sm\u0131nda sa\u00e7 d\u00f6k\u00fclmesi: tepede genellikle kal\u0131tsal d\u00f6k\u00fclme, ensede ba\u015fka nedenler vard\u0131r. Kendi kendine kontrol, Norwood evreleri ve neyin i\u015fe yarad\u0131\u011f\u0131.","og_url":"https:\/\/elithair.com\/tr\/basin-arka-kisminda-sac-dokulmesi\/","og_site_name":"Elithair","article_published_time":"2026-08-28T17:19:34+00:00","og_image":[{"url":"https:\/\/elithair.com\/tr\/wp-content\/uploads\/sites\/10\/2026\/08\/zonen_landkarte_hinterkopf__tr.png","type":"","width":"","height":""}],"author":"Dr. Imad Moustafa","twitter_card":"summary_large_image","twitter_misc":{"Yazan:":"Dr. Imad Moustafa","Tahmini okuma s\u00fcresi":"47 dakika"},"schema":{"@context":"https:\/\/schema.org","@graph":[{"@type":"Article","@id":"https:\/\/elithair.com\/tr\/basin-arka-kisminda-sac-dokulmesi\/#article","isPartOf":{"@id":"https:\/\/elithair.com\/tr\/basin-arka-kisminda-sac-dokulmesi\/"},"author":{"name":"Dr. Imad Moustafa","@id":"https:\/\/elithair.com\/tr\/#\/schema\/person\/11ce37e83a6343e4c37edcd4b5498e41"},"headline":"Ba\u015f\u0131n arka k\u0131sm\u0131nda sa\u00e7 d\u00f6k\u00fclmesi: sa\u00e7 d\u00f6nmesi mi, tonsura m\u0131, ba\u015fka bir neden mi?","datePublished":"2026-08-28T17:19:34+00:00","mainEntityOfPage":{"@id":"https:\/\/elithair.com\/tr\/basin-arka-kisminda-sac-dokulmesi\/"},"wordCount":9498,"image":{"@id":"https:\/\/elithair.com\/tr\/basin-arka-kisminda-sac-dokulmesi\/#primaryimage"},"thumbnailUrl":"https:\/\/elithair.com\/tr\/wp-content\/uploads\/sites\/10\/2026\/08\/hero-6.png","articleSection":["Sa\u00e7 Ekimi"],"inLanguage":"tr"},{"@type":"WebPage","@id":"https:\/\/elithair.com\/tr\/basin-arka-kisminda-sac-dokulmesi\/","url":"https:\/\/elithair.com\/tr\/basin-arka-kisminda-sac-dokulmesi\/","name":"Ba\u015f\u0131n arka k\u0131sm\u0131nda sa\u00e7 d\u00f6k\u00fclmesi: tepe, tonsura yoksa ense mi? Nedeni b\u00f6yle anlars\u0131n\u0131z","isPartOf":{"@id":"https:\/\/elithair.com\/tr\/#website"},"primaryImageOfPage":{"@id":"https:\/\/elithair.com\/tr\/basin-arka-kisminda-sac-dokulmesi\/#primaryimage"},"image":{"@id":"https:\/\/elithair.com\/tr\/basin-arka-kisminda-sac-dokulmesi\/#primaryimage"},"thumbnailUrl":"https:\/\/elithair.com\/tr\/wp-content\/uploads\/sites\/10\/2026\/08\/hero-6.png","datePublished":"2026-08-28T17:19:34+00:00","author":{"@id":"https:\/\/elithair.com\/tr\/#\/schema\/person\/11ce37e83a6343e4c37edcd4b5498e41"},"description":"Ba\u015f\u0131n arka k\u0131sm\u0131nda sa\u00e7 d\u00f6k\u00fclmesi: tepede genellikle kal\u0131tsal d\u00f6k\u00fclme, ensede ba\u015fka nedenler vard\u0131r. Kendi kendine kontrol, Norwood evreleri ve neyin i\u015fe yarad\u0131\u011f\u0131.","breadcrumb":{"@id":"https:\/\/elithair.com\/tr\/basin-arka-kisminda-sac-dokulmesi\/#breadcrumb"},"inLanguage":"tr","potentialAction":[{"@type":"ReadAction","target":["https:\/\/elithair.com\/tr\/basin-arka-kisminda-sac-dokulmesi\/"]}]},{"@type":"ImageObject","inLanguage":"tr","@id":"https:\/\/elithair.com\/tr\/basin-arka-kisminda-sac-dokulmesi\/#primaryimage","url":"https:\/\/elithair.com\/tr\/wp-content\/uploads\/sites\/10\/2026\/08\/hero-6.png","contentUrl":"https:\/\/elithair.com\/tr\/wp-content\/uploads\/sites\/10\/2026\/08\/hero-6.png","width":1536,"height":1024,"caption":"Hinterkopf eines Mannes mit sichtbarem Wirbelbereich im seitlichen Tageslicht"},{"@type":"BreadcrumbList","@id":"https:\/\/elithair.com\/tr\/basin-arka-kisminda-sac-dokulmesi\/#breadcrumb","itemListElement":[{"@type":"ListItem","position":1,"name":"Home","item":"https:\/\/elithair.com\/tr\/"},{"@type":"ListItem","position":2,"name":"Ba\u015f\u0131n arka k\u0131sm\u0131nda sa\u00e7 d\u00f6k\u00fclmesi: sa\u00e7 d\u00f6nmesi mi, tonsura m\u0131, ba\u015fka bir neden mi?"}]},{"@type":"WebSite","@id":"https:\/\/elithair.com\/tr\/#website","url":"https:\/\/elithair.com\/tr\/","name":"Elithair","description":"Elithair: sa\u00e7\u0131n\u0131z i\u00e7in en iyi klini\u011fi ke\u015ffedin","potentialAction":[{"@type":"SearchAction","target":{"@type":"EntryPoint","urlTemplate":"https:\/\/elithair.com\/tr\/?s={search_term_string}"},"query-input":{"@type":"PropertyValueSpecification","valueRequired":true,"valueName":"search_term_string"}}],"inLanguage":"tr"},{"@type":"Person","@id":"https:\/\/elithair.com\/tr\/#\/schema\/person\/11ce37e83a6343e4c37edcd4b5498e41","name":"Dr. Imad Moustafa","image":{"@type":"ImageObject","inLanguage":"tr","@id":"https:\/\/secure.gravatar.com\/avatar\/9190499f6f3008cd7da57b179f07bfea4b4e382c816ba3e0de68db0b5a70c07d?s=96&d=mm&r=g","url":"https:\/\/secure.gravatar.com\/avatar\/9190499f6f3008cd7da57b179f07bfea4b4e382c816ba3e0de68db0b5a70c07d?s=96&d=mm&r=g","contentUrl":"https:\/\/secure.gravatar.com\/avatar\/9190499f6f3008cd7da57b179f07bfea4b4e382c816ba3e0de68db0b5a70c07d?s=96&d=mm&r=g","caption":"Dr. Imad Moustafa"},"url":"https:\/\/elithair.com\/tr\/author\/support\/"}]}},"_links":{"self":[{"href":"https:\/\/elithair.com\/tr\/wp-json\/wp\/v2\/posts\/83297","targetHints":{"allow":["GET"]}}],"collection":[{"href":"https:\/\/elithair.com\/tr\/wp-json\/wp\/v2\/posts"}],"about":[{"href":"https:\/\/elithair.com\/tr\/wp-json\/wp\/v2\/types\/post"}],"author":[{"embeddable":true,"href":"https:\/\/elithair.com\/tr\/wp-json\/wp\/v2\/users\/10"}],"replies":[{"embeddable":true,"href":"https:\/\/elithair.com\/tr\/wp-json\/wp\/v2\/comments?post=83297"}],"version-history":[{"count":0,"href":"https:\/\/elithair.com\/tr\/wp-json\/wp\/v2\/posts\/83297\/revisions"}],"wp:featuredmedia":[{"embeddable":true,"href":"https:\/\/elithair.com\/tr\/wp-json\/wp\/v2\/media\/83301"}],"wp:attachment":[{"href":"https:\/\/elithair.com\/tr\/wp-json\/wp\/v2\/media?parent=83297"}],"wp:term":[{"taxonomy":"category","embeddable":true,"href":"https:\/\/elithair.com\/tr\/wp-json\/wp\/v2\/categories?post=83297"},{"taxonomy":"post_tag","embeddable":true,"href":"https:\/\/elithair.com\/tr\/wp-json\/wp\/v2\/tags?post=83297"}],"curies":[{"name":"wp","href":"https:\/\/api.w.org\/{rel}","templated":true}]}}