{"id":83005,"date":"2026-07-10T06:06:27","date_gmt":"2026-07-10T04:06:27","guid":{"rendered":"https:\/\/elithair.com\/tr\/?p=83005"},"modified":"2026-08-26T20:22:14","modified_gmt":"2026-08-26T18:22:14","slug":"sac-cizgisi-gerilemesi","status":"publish","type":"post","link":"https:\/\/elithair.com\/tr\/sac-cizgisi-gerilemesi\/","title":{"rendered":"\u015eakak a\u00e7\u0131lmas\u0131: nedenleri, durdurmak, kamufle etmek ve tedavi"},"content":{"rendered":"\n<p class=\"wp-block-paragraph\">Sa\u00e7 \u00e7izgisi \u015fakaklardan geriye \u00e7ekilir, al\u0131n daha y\u00fcksek g\u00f6r\u00fcn\u00fcr, tipik M \u015fekli belirginle\u015fir: \u015fakak a\u00e7\u0131lmas\u0131 (sa\u00e7 \u00e7izgisinin geriye \u00e7ekilmesi) \u00e7o\u011fu erkek i\u00e7in genetik yatk\u0131nl\u0131\u011fa ba\u011fl\u0131 sa\u00e7 d\u00f6k\u00fclmesinin ilk g\u00f6r\u00fcn\u00fcr i\u015faretidir. Bu rehber \u015fakak a\u00e7\u0131lmas\u0131n\u0131n neden kaynakland\u0131\u011f\u0131n\u0131, onu ger\u00e7ekte neyin durdurdu\u011funu, nas\u0131l kamufle edebilece\u011finizi ve ne zaman bir tedavinin mant\u0131kl\u0131 oldu\u011funu a\u00e7\u0131kl\u0131yor. 2026 itibar\u0131yla.<\/p>\n\n\n\n<div style=\"background:#f0f6ff;border-left:5px solid #0079F1;border-radius:10px;padding:20px 22px;margin:8px 0 28px\">\n<p style=\"margin:0 0 12px;font-size:18px;font-weight:700;color:#013366\">K\u0131saca: \u015eakak a\u00e7\u0131lmas\u0131 nedir?<\/p>\n<p style=\"margin:0 0 14px;color:#2e3033;font-size:15.5px;line-height:1.6\">\u015eakak a\u00e7\u0131lmas\u0131, sa\u00e7 \u00e7izgisinin her iki \u015fakakta kama bi\u00e7iminde geri \u00e7ekilmesidir (klasik \u201eM&#8221; \u015fekli) ve \u00e7o\u011funlukla androgenetik (genetik yatk\u0131nl\u0131\u011fa ba\u011fl\u0131) alopesinin ilk g\u00f6r\u00fcn\u00fcr i\u015faretidir.<\/p>\n<ul style=\"margin:0;padding-left:20px;color:#2e3033;font-size:15.5px;line-height:1.7\">\n<li><strong>Nedeni b\u00fcy\u00fck \u00f6l\u00e7\u00fcde genetik ve hormonaldir<\/strong> (DHT), yetersiz beslenme de\u011fil. \u0130kiz \u00e7al\u0131\u015fmalar\u0131 genetik pay\u0131 yakla\u015f\u0131k %80 olarak belirliyor (Nyholt ve ark. 2003).<\/li>\n<li><strong>Durdurmak ve yava\u015flatmak m\u00fcmk\u00fcn<\/strong> (Minoxidil, Finasterid, S3 k\u0131lavuzunda kan\u0131t d\u00fczeyi 1), ne kadar erken ba\u015flan\u0131rsa o kadar \u00e7ok sa\u00e7 korunur. A\u00e7\u0131lan k\u00f6\u015felerin tedavi olmadan kendili\u011finden yeniden dolmas\u0131 pratikte s\u00f6z konusu de\u011fildir.<\/li>\n<li><strong>A\u00e7\u0131lan k\u00f6\u015feleri kendi sa\u00e7\u0131n\u0131zla yeniden doldurmay\u0131<\/strong> g\u00fcvenilir bi\u00e7imde yaln\u0131zca bir sa\u00e7 ekimi sa\u011flayabilir.<\/li>\n<li><strong>Koruma m\u0131, yeniden yap\u0131land\u0131rma m\u0131?<\/strong> Ama\u00e7 mevcut sa\u00e7\u0131 korumaksa ila\u00e7lar yard\u0131mc\u0131 olur. Zaten a\u00e7\u0131lm\u0131\u015f k\u00f6\u015feler yeniden doldurulacaksa do\u011fru yol bir sa\u00e7 ekimidir.<\/li>\n<\/ul>\n<p style=\"margin:14px 0 0;font-size:13px;color:#5a6b7b;line-height:1.55\">Bu rehber Avrupa S3 k\u0131lavuzuna (Kanti ve ark. 2018) dayan\u0131r ve y\u00f6n g\u00f6stermeye y\u00f6neliktir. T\u0131bbi bir te\u015fhisin yerini tutmaz. Finasterid gibi re\u00e7eteye tabi etken maddeler t\u0131bbi g\u00f6zetim gerektirir.<\/p>\n<\/div>\n\n\n\n<h2 id=\"h-sakak-acilmasi-tam-olarak-nedir\" class=\"wp-block-heading\">\u015eakak a\u00e7\u0131lmas\u0131 tam olarak nedir?<\/h2>\n\n\n\n<p class=\"wp-block-paragraph\">\u015eakak a\u00e7\u0131lmas\u0131, sa\u00e7 \u00e7izgisinin her iki \u015fakakta kama bi\u00e7iminde, \u00fc\u00e7gen \u015feklinde geriye \u00e7ekilmesidir (t\u0131bbi terimle frontotemporal resesyon). B\u00f6ylece al\u0131n daha y\u00fcksek ve k\u00f6\u015feli g\u00f6r\u00fcn\u00fcr; tipik &#8220;M&#8221; konturu ortaya \u00e7\u0131kar. Bu durum, Hamilton-Norwood s\u0131n\u0131fland\u0131rmas\u0131na g\u00f6re erkek tipi androgenetik alopesinin da\u011f\u0131l\u0131m paterninin bir par\u00e7as\u0131d\u0131r.<\/p>\n\n\n\n<p class=\"wp-block-paragraph\">Almancadaki &#8220;Geheimratsecken&#8221; terimi, 16. y\u00fczy\u0131ldan beri y\u00fcksek r\u00fctbeli saray dan\u0131\u015fmanlar\u0131n\u0131 tan\u0131mlayan &#8220;Geheimer Rat&#8221; (gizli meclis \u00fcyesi) kavram\u0131na dayan\u0131r. Bu ileri gelenler \u00e7o\u011funlukla ya\u015fl\u0131 erkeklerdi ve geriye \u00e7ekilmi\u015f sa\u00e7 \u00e7izgileri zamanla ya\u015f ve sayg\u0131nl\u0131kla ili\u015fkilendirildi. Avusturya&#8217;da benzer bi\u00e7imde &#8220;Hofratsecken&#8221; denir.<\/p>\n\n\n\n<p class=\"wp-block-paragraph\">Peki neden \u00f6nce \u015fakaklar a\u00e7\u0131l\u0131r? Al\u0131n ve \u015fakak b\u00f6lgesindeki sa\u00e7 k\u00f6kleri, koruyucu bir enzimin bask\u0131n oldu\u011fu ense b\u00f6lgesine k\u0131yasla belirgin bi\u00e7imde daha fazla androjen resept\u00f6r\u00fc ve 5-alfa-red\u00fcktaz ta\u015f\u0131r (Sawaya ve Price, 1997). \u0130\u015fte bu da\u011f\u0131l\u0131m fark\u0131, daha sonra sa\u00e7 ekiminin de temel mant\u0131\u011f\u0131n\u0131 olu\u015fturur.<\/p>\n\n\n\n<p class=\"wp-block-paragraph\">Bu durum, &#8220;dul tepesi&#8221; (Widow&#8217;s Peak) ile kar\u0131\u015ft\u0131r\u0131lmamal\u0131d\u0131r. Sa\u00e7 \u00e7izgisinin ortas\u0131ndaki bu sivri, V bi\u00e7imli \u00e7\u0131k\u0131nt\u0131; do\u011fu\u015ftan gelen, genetik olarak belirlenmi\u015f bir sa\u00e7 b\u00fcy\u00fcme bi\u00e7imidir ve do\u011fumdan itibaren vard\u0131r. Bu bir sa\u00e7 d\u00f6k\u00fclmesi de\u011fildir. \u015eakak a\u00e7\u0131lmas\u0131 ise ancak ya\u015fam i\u00e7inde ortaya \u00e7\u0131kar ve zamanla ilerler.<\/p>\n\n\n\n<h2 id=\"h-ne-zaman-sakak-acilmasindan-soz-edilir-olgun-sac-cizgisi-mi-baslayan-sac-dokulmesi-mi\" class=\"wp-block-heading\">Ne zaman \u015fakak a\u00e7\u0131lmas\u0131ndan s\u00f6z edilir? Olgun sa\u00e7 \u00e7izgisi mi, ba\u015flayan sa\u00e7 d\u00f6k\u00fclmesi mi?<\/h2>\n\n\n\n<p class=\"wp-block-paragraph\">Sa\u00e7 d\u00f6k\u00fclmesi anlam\u0131nda ger\u00e7ek bir \u015fakak a\u00e7\u0131lmas\u0131ndan, ancak geri \u00e7ekilme ilerledi\u011finde, derinle\u015fti\u011finde ve o b\u00f6lgedeki sa\u00e7 seyreldi\u011finde s\u00f6z edilir. Buna kar\u015f\u0131l\u0131k, sa\u00e7 \u00e7izgisinin \u00e7ocukluk d\u00f6nemine g\u00f6re yakla\u015f\u0131k 1\u20132 cm hafif ve simetrik bi\u00e7imde geriye \u00e7ekilmesi normaldir; buna &#8220;olgun sa\u00e7 \u00e7izgisi&#8221; denir ve pratikte hemen her erkekte g\u00f6r\u00fcl\u00fcr.<\/p>\n\n\n\n<p class=\"wp-block-paragraph\">S\u0131k dile getirilen bir ayr\u0131m \u015fudur: olgun bir sa\u00e7 \u00e7izgisi d\u00fczenli ve dengelidir, gen\u00e7lik d\u00f6nemindeki \u00e7izginin biraz \u00fczerinde yer al\u0131r ve incelme (minyat\u00fcrizasyon) g\u00f6stermez. Ba\u015flayan bir androgenetik alopeside ise durum farkl\u0131d\u0131r; \u00e7izgi y\u0131ldan y\u0131la ilerler, asimetrik olabilir ve kalan sa\u00e7 g\u00f6zle g\u00f6r\u00fcl\u00fcr bi\u00e7imde incelip k\u0131sal\u0131r.<\/p>\n\n\n\n<p class=\"wp-block-paragraph\">Bu nedenle aylara yay\u0131lan bir g\u00f6zlem, tek bir anl\u0131k g\u00f6r\u00fcnt\u00fcden \u00e7ok daha anlaml\u0131d\u0131r. Birka\u00e7 ayda bir yap\u0131lan foto\u011fraf kar\u015f\u0131la\u015ft\u0131rmas\u0131, ger\u00e7ekten bir de\u011fi\u015fiklik olup olmad\u0131\u011f\u0131n\u0131, g\u00fcn\u00fcn birinde aynaya at\u0131lan tek bir dikkatli bak\u0131\u015fa g\u00f6re \u00e7ok daha g\u00fcvenilir bi\u00e7imde ortaya koyar.<\/p>\n\n\n<div class=\"wp-block-image\">\n<figure class=\"aligncenter size-large is-resized\"><img loading=\"lazy\" decoding=\"async\" width=\"1536\" height=\"1024\" src=\"https:\/\/elithair.com\/tr\/wp-content\/uploads\/sites\/10\/2026\/07\/haarlinie_check.png\" alt=\"Aynada \u015fakaklar\u0131ndaki geri \u00e7ekilen sa\u00e7 \u00e7izgisini inceleyen bir erkek\" class=\"wp-image-82999\" style=\"width:720px\" srcset=\"https:\/\/elithair.com\/tr\/wp-content\/uploads\/sites\/10\/2026\/07\/haarlinie_check.png 1536w, https:\/\/elithair.com\/tr\/wp-content\/uploads\/sites\/10\/2026\/07\/haarlinie_check-300x200.png 300w, https:\/\/elithair.com\/tr\/wp-content\/uploads\/sites\/10\/2026\/07\/haarlinie_check-1024x683.png 1024w, https:\/\/elithair.com\/tr\/wp-content\/uploads\/sites\/10\/2026\/07\/haarlinie_check-768x512.png 768w\" sizes=\"(max-width: 767px) 100vw, 660px\" \/><\/figure>\n<\/div>\n\n\n<p class=\"wp-block-paragraph\">Gen\u00e7 erkeklerde \u015fu ge\u00e7erlidir: Avrupa S3 k\u0131lavuzuna g\u00f6re (Kanti ve ark. 2018) androgenetik alopesinin ilk belirtileri s\u0131kl\u0131kla daha ergenlik \u00e7a\u011f\u0131nda geli\u015fir. Sa\u00e7 \u00e7izgisinin 17 ila 20 ya\u015flar\u0131nda stabil hale gelerek olgunla\u015fmas\u0131 normaldir. Bu kadar erken g\u00f6r\u00fclen ger\u00e7ek, ilerleyen k\u00f6\u015feler ise erken ba\u015flayan bir yatk\u0131nl\u0131\u011fa i\u015faret eder ve sonraya de\u011fil, \u015fimdi t\u0131bbi olarak de\u011ferlendirmek i\u00e7in iyi bir nedendir, \u00e7\u00fcnk\u00fc erken ba\u015flanan bir tedavi daha \u00e7ok sa\u00e7 korur.<\/p>\n\n\n\n<h2 id=\"h-nedenleri-sakak-acilmasi-neden-olur\" class=\"wp-block-heading\">Nedenleri: \u015eakak a\u00e7\u0131lmas\u0131 neden olur?<\/h2>\n\n\n\n<p class=\"wp-block-paragraph\">\u015eakak a\u00e7\u0131lmas\u0131 a\u011f\u0131rl\u0131kl\u0131 olarak androgenetik alopesi nedeniyle ortaya \u00e7\u0131kar. Bu s\u00fcre\u00e7te dihidrotestosteron (DHT) hormonu, \u015fakak ve tepe b\u00f6lgesindeki genetik olarak duyarl\u0131 sa\u00e7 k\u00f6klerini y\u0131llar i\u00e7inde giderek k\u00fc\u00e7\u00fclt\u00fcr (minyat\u00fcrizasyon); \u00f6yle ki sa\u00e7 zamanla yaln\u0131zca k\u0131sa bir t\u00fcy h\u00e2linde uzar ya da hi\u00e7 \u00e7\u0131kmaz olur.<\/p>\n\n\n\n<p class=\"wp-block-paragraph\">S\u00fcre\u00e7 k\u0131saca \u015f\u00f6yle i\u015fler: Testosteron, 5-alfa-red\u00fcktaz enzimi (\u00f6zellikle tip II) arac\u0131l\u0131\u011f\u0131yla DHT&#8217;ye d\u00f6n\u00fc\u015f\u00fcr. DHT, duyarl\u0131 sa\u00e7 k\u00f6klerindeki androjen resept\u00f6r\u00fcne ba\u011flan\u0131r, b\u00fcy\u00fcme evrelerini k\u0131salt\u0131r ve kal\u0131n, sa\u011flam k\u0131llar\u0131 ince ve zay\u0131f t\u00fcylere d\u00f6n\u00fc\u015ft\u00fcr\u00fcr. Birka\u00e7 sa\u00e7 d\u00f6ng\u00fcs\u00fc boyunca sa\u00e7 giderek incelir ve sonunda \u00e7\u0131kmaz h\u00e2le gelir.<\/p>\n\n\n<div class=\"wp-block-image\">\n<figure class=\"aligncenter size-large is-resized\"><img loading=\"lazy\" decoding=\"async\" width=\"1536\" height=\"1024\" src=\"https:\/\/elithair.com\/tr\/wp-content\/uploads\/sites\/10\/2026\/07\/dht_wirkkette__tr.png\" alt=\"DHT etki zinciri diyagram\u0131: Testosteron, 5-Alfa-Red\u00fcktaz, DHT ve \u015fakak folik\u00fcl\u00fcn\u00fcn minyat\u00fcrizasyonu\" class=\"wp-image-83000\" style=\"width:560px\" srcset=\"https:\/\/elithair.com\/tr\/wp-content\/uploads\/sites\/10\/2026\/07\/dht_wirkkette__tr.png 1536w, https:\/\/elithair.com\/tr\/wp-content\/uploads\/sites\/10\/2026\/07\/dht_wirkkette__tr-300x200.png 300w, https:\/\/elithair.com\/tr\/wp-content\/uploads\/sites\/10\/2026\/07\/dht_wirkkette__tr-1024x683.png 1024w, https:\/\/elithair.com\/tr\/wp-content\/uploads\/sites\/10\/2026\/07\/dht_wirkkette__tr-768x512.png 768w\" sizes=\"(max-width: 767px) 100vw, 660px\" \/><\/figure>\n<\/div>\n\n\n<p class=\"wp-block-paragraph\">Yatk\u0131nl\u0131k poligenik olarak ve <strong>her iki<\/strong> ebeveyn taraf\u0131ndan da kal\u0131t\u0131l\u0131r. \u201eSa\u00e7 d\u00f6k\u00fclmesi yaln\u0131zca anneden gelir&#8221; \u015feklindeki yayg\u0131n mit yanl\u0131\u015ft\u0131r: X kromozomu \u00fczerindeki androjen resept\u00f6r\u00fc geni, genetik varyans\u0131n yar\u0131s\u0131ndan az\u0131n\u0131 a\u00e7\u0131klar; bir ba\u015fka \u00f6nemli risk lokusu 20p11 kromozomunda yer al\u0131r ve cinsiyetten ba\u011f\u0131ms\u0131z olarak kal\u0131t\u0131l\u0131r (Hillmer ve ark. 2008).<\/p>\n\n\n\n<p class=\"wp-block-paragraph\">Ay\u0131rt etmek i\u00e7in \u00f6nemli: Stres, demir eksikli\u011fi veya bir tiroid bozuklu\u011fu, t\u00fcm sa\u00e7l\u0131 deriye yay\u0131lan <em>diff\u00fcz<\/em> bir sa\u00e7 d\u00f6k\u00fclmesine (telojen effluvium) neden olur, \u015fakaklarda kama bi\u00e7imli k\u00f6\u015felere de\u011fil. Sa\u00e7\u0131 daha ziyade her yerde e\u015fit bi\u00e7imde incelenler i\u00e7in daha uygun yan\u0131tlar\u0131 <a href=\"https:\/\/elithair.com\/tr\/demir-eksikligi-sac-dokulmesi\/\">Demir eksikli\u011fi ve sa\u00e7 d\u00f6k\u00fclmesi<\/a>, <a href=\"https:\/\/elithair.com\/tr\/tiroid-sac-dokulmesi\/\">Tiroide ba\u011fl\u0131 sa\u00e7 d\u00f6k\u00fclmesi<\/a> ve <a href=\"https:\/\/elithair.com\/tr\/sac-dokulmesine-karsi-vitaminler\/\">Sa\u00e7 d\u00f6k\u00fclmesine kar\u015f\u0131 vitaminler<\/a> rehberlerimizde bulabilirsiniz.<\/p>\n\n\n\n<h2 id=\"norwood-stadium\" class=\"wp-block-heading\">Erkekte \u015fakak a\u00e7\u0131lmas\u0131: Norwood evresi, ya\u015f ve seyir<\/h2>\n\n\n\n<p class=\"wp-block-paragraph\">Erkeklerde \u015fakak a\u00e7\u0131lmas\u0131, genetik yatk\u0131nl\u0131\u011fa ba\u011fl\u0131 sa\u00e7 d\u00f6k\u00fclmesinin en s\u0131k g\u00f6r\u00fclen ilk belirtisidir ve Hamilton-Norwood s\u0131n\u0131fland\u0131rmas\u0131na g\u00f6re genellikle II ile III. evreye i\u015faret eder. D\u00f6k\u00fclme \u015fakaklarda ba\u015flar ve zamanla seyrelen tepe b\u00f6lgesiyle (tonsur) birle\u015febilir.<\/p>\n\n\n\n<p class=\"wp-block-paragraph\">G\u00f6r\u00fclme s\u0131kl\u0131\u011f\u0131 ya\u015fla birlikte belirgin bi\u00e7imde artar. Avrupa k\u0131lavuzuna g\u00f6re (Kanti ve ark. 2018), 70 ya\u015f\u0131ndaki beyaz erkeklerin b\u00fcy\u00fck bir b\u00f6l\u00fcm\u00fc androgenetik alopesi belirtileri g\u00f6sterir. ISHRS&#8217;in s\u0131k at\u0131fta bulunulan kaba bir y\u00f6n g\u00f6stergesine g\u00f6re ise etkilenme oran\u0131, ya\u015fla birlikte kabaca paralel bir seyir izler: 20&#8217;li ya\u015flarda g\u00f6rece d\u00fc\u015f\u00fckken, ilerleyen her on y\u0131lda kademeli olarak artar.<\/p>\n\n\n<div class=\"wp-block-image\">\n<figure class=\"aligncenter size-large is-resized\"><img loading=\"lazy\" decoding=\"async\" width=\"1536\" height=\"1024\" src=\"https:\/\/elithair.com\/tr\/wp-content\/uploads\/sites\/10\/2026\/07\/norwood_skala__tr.png\" alt=\"Hamilton-Norwood skalas\u0131, I&apos;den VII&apos;ye kadar ilerleyen \u015fakak a\u00e7\u0131lmas\u0131 ile\" class=\"wp-image-83001\" style=\"width:560px\" srcset=\"https:\/\/elithair.com\/tr\/wp-content\/uploads\/sites\/10\/2026\/07\/norwood_skala__tr.png 1536w, https:\/\/elithair.com\/tr\/wp-content\/uploads\/sites\/10\/2026\/07\/norwood_skala__tr-300x200.png 300w, https:\/\/elithair.com\/tr\/wp-content\/uploads\/sites\/10\/2026\/07\/norwood_skala__tr-1024x683.png 1024w, https:\/\/elithair.com\/tr\/wp-content\/uploads\/sites\/10\/2026\/07\/norwood_skala__tr-768x512.png 768w\" sizes=\"(max-width: 767px) 100vw, 660px\" \/><\/figure>\n<\/div>\n\n\n<p class=\"wp-block-paragraph\">Norwood skalas\u0131, ki\u015finin kendi evresini kabaca s\u0131n\u0131fland\u0131rmas\u0131na yard\u0131mc\u0131 olur. \u0130lerleme h\u0131z\u0131 bireyseldir ve b\u00fcy\u00fck \u00f6l\u00e7\u00fcde genetik olarak belirlenir. Daha ergenlik \u00e7a\u011f\u0131nda g\u00f6r\u00fclen erken bir ba\u015flang\u0131\u00e7, genelde daha uzun s\u00fcren bir seyirle birlikte gider, ancak bu ka\u00e7\u0131n\u0131lmaz bir kural de\u011fildir.<\/p>\n\n\n\n<div>\n.rt-table{min-width:640px}\n.rt-table td{text-align:left}\n@media (max-width:640px){\n.rt-table{min-width:0!important}\n.rt-table thead{display:none}\n.rt-table,.rt-table tbody,.rt-table tr,.rt-table td{display:block;width:100%}\n.rt-table tr{margin-bottom:12px;border:1px solid #e3e8ef;border-radius:8px;overflow:hidden}\n.rt-table tr:last-child{margin-bottom:0}\n.rt-table td{display:flex;flex-direction:column;gap:4px;border:0!important;border-bottom:1px solid #e3e8ef!important;background:#fff!important}\n.rt-table td:last-child{border-bottom:0!important}\n.rt-table td::before{content:attr(data-label);font-weight:700;color:#013366;flex-shrink:0}\n}\n\n<table class=\"rt-table\" style=\"min-width:640px;width:100%;border-collapse:collapse;font-size:15px;margin:8px 0 6px\"><thead><tr style=\"background:#013366;color:#fff\"><th style=\"padding:11px;text-align:left\">Norwood evresi<\/th><th style=\"padding:11px;text-align:left\">Sa\u00e7 \u00e7izgisindeki g\u00f6r\u00fcn\u00fcr \u00f6zellik<\/th><th style=\"padding:11px;text-align:left\">\u015eakak a\u00e7\u0131lmas\u0131 a\u00e7\u0131s\u0131ndan anlam\u0131<\/th><\/tr><\/thead><tbody>\n<tr style=\"border-bottom:1px solid #e3e8ef\"><td data-label=\"Norwood evresi\" style=\"padding:11px;font-weight:600\">I<\/td><td data-label=\"Sa\u00e7 \u00e7izgisindeki g\u00f6r\u00fcn\u00fcr \u00f6zellik\" style=\"padding:11px\">D\u00fcz, gen\u00e7lik d\u00f6nemi sa\u00e7 \u00e7izgisi<\/td><td data-label=\"\u015eakak a\u00e7\u0131lmas\u0131 a\u00e7\u0131s\u0131ndan anlam\u0131\" style=\"padding:11px\">Resesyon yok<\/td><\/tr>\n<tr style=\"border-bottom:1px solid #e3e8ef;background:#f6f9fe\"><td data-label=\"Norwood evresi\" style=\"padding:11px;font-weight:600\">II<\/td><td data-label=\"Sa\u00e7 \u00e7izgisindeki g\u00f6r\u00fcn\u00fcr \u00f6zellik\" style=\"padding:11px\">\u015eakaklarda hafif, simetrik k\u00f6\u015feler<\/td><td data-label=\"\u015eakak a\u00e7\u0131lmas\u0131 a\u00e7\u0131s\u0131ndan anlam\u0131\" style=\"padding:11px\">Ba\u015flayan \u015fakak a\u00e7\u0131lmas\u0131, \u00e7o\u011funlukla h\u00e2l\u00e2 \u201eolgun sa\u00e7 \u00e7izgisi&#8221;<\/td><\/tr>\n<tr style=\"border-bottom:1px solid #e3e8ef\"><td data-label=\"Norwood evresi\" style=\"padding:11px;font-weight:600\">III<\/td><td data-label=\"Sa\u00e7 \u00e7izgisindeki g\u00f6r\u00fcn\u00fcr \u00f6zellik\" style=\"padding:11px\">Derin, belirgin M resesyonu<\/td><td data-label=\"\u015eakak a\u00e7\u0131lmas\u0131 a\u00e7\u0131s\u0131ndan anlam\u0131\" style=\"padding:11px\">Klasik, tedavi gerektiren \u015fakak a\u00e7\u0131lmas\u0131<\/td><\/tr>\n<tr style=\"border-bottom:1px solid #e3e8ef;background:#f6f9fe\"><td data-label=\"Norwood evresi\" style=\"padding:11px;font-weight:600\">III Vertex \/ IV<\/td><td data-label=\"Sa\u00e7 \u00e7izgisindeki g\u00f6r\u00fcn\u00fcr \u00f6zellik\" style=\"padding:11px\">K\u00f6\u015feler ve seyrelen tepe \/ tonsur<\/td><td data-label=\"\u015eakak a\u00e7\u0131lmas\u0131 a\u00e7\u0131s\u0131ndan anlam\u0131\" style=\"padding:11px\">\u0130lerleyen androgenetik alopesi<\/td><\/tr>\n<tr style=\"border-bottom:1px solid #e3e8ef\"><td data-label=\"Norwood evresi\" style=\"padding:11px;font-weight:600\">V ila VII<\/td><td data-label=\"Sa\u00e7 \u00e7izgisindeki g\u00f6r\u00fcn\u00fcr \u00f6zellik\" style=\"padding:11px\">Kel b\u00f6lgelerin birle\u015fmesi<\/td><td data-label=\"\u015eakak a\u00e7\u0131lmas\u0131 a\u00e7\u0131s\u0131ndan anlam\u0131\" style=\"padding:11px\">Belirgin AGA, ekim i\u00e7in verici sa\u00e7 hesab\u0131 gerekir<\/td><\/tr>\n<\/tbody><\/table><\/div>\n<p style=\"font-size:13px;color:#5a6b7b;margin:6px 0 0\"><em>Y\u00f6n g\u00f6stergesidir, te\u015fhis de\u011fildir. Kesinli\u011fi t\u0131bbi sa\u00e7 analizi verir. S\u0131n\u0131fland\u0131rma Hamilton&#8217;a (1951) g\u00f6re, Norwood taraf\u0131ndan de\u011fi\u015ftirilmi\u015ftir.<\/em><\/p>\n\n\n\n<h2 id=\"h-kadinlarda-sakak-acilmasi-daha-nadir-ama-bir-uyari-isareti\" class=\"wp-block-heading\">Kad\u0131nlarda \u015fakak a\u00e7\u0131lmas\u0131: daha nadir, ama bir uyar\u0131 i\u015fareti<\/h2>\n\n\n\n<p class=\"wp-block-paragraph\">Kad\u0131nlarda klasik &#8220;M&#8221; bi\u00e7iminde \u015fakak a\u00e7\u0131lmas\u0131 nadiren g\u00f6r\u00fcl\u00fcr. Kad\u0131nlarda genetik yatk\u0131nl\u0131\u011fa ba\u011fl\u0131 sa\u00e7 d\u00f6k\u00fclmesi \u00e7o\u011funlukla, \u00f6n sa\u00e7 \u00e7izgisi korunurken orta tepe b\u00f6lgesinde yayg\u0131n (diff\u00fcz) bir seyrelme bi\u00e7iminde ortaya \u00e7\u0131kar. Buna Ludwig paterni denir ve zaman zaman sa\u00e7l\u0131 derinin &#8220;Noel a\u011fac\u0131&#8221; bi\u00e7iminde belli belirsiz g\u00f6r\u00fcnmesiyle birlikte gider.<\/p>\n\n\n\n<p class=\"wp-block-paragraph\">Bunun enzimle ilgili bir a\u00e7\u0131klamas\u0131 vard\u0131r: kad\u0131nlarda \u00f6n b\u00f6lgedeki androjen resept\u00f6r\u00fc i\u00e7eri\u011fi daha d\u00fc\u015f\u00fck, koruyucu enzim (aromataz) aktivitesi ise erkeklere k\u0131yasla belirgin bi\u00e7imde daha y\u00fcksektir (Sawaya ve Price 1997). Bu nedenle kad\u0131nlarda d\u00f6k\u00fclme paterni daha yayg\u0131n ve daha az keskin s\u0131n\u0131rl\u0131d\u0131r.<\/p>\n\n\n\n<p class=\"wp-block-paragraph\">Bu y\u00fczden bir kad\u0131nda ger\u00e7ek, belirgin bi\u00e7imde geriye \u00e7ekilen bir \u015fakak sa\u00e7 \u00e7izgisi, dermatolojik olarak de\u011ferlendirilmesi gereken bir uyar\u0131 i\u015faretidir. Bu tablo; \u00f6zellikle menopoz d\u00f6nemindeki kad\u0131nlar\u0131 etkileyen, \u00e7o\u011fu zaman ka\u015f kayb\u0131yla birlikte giden ve iz b\u0131rakarak geri d\u00f6nd\u00fcr\u00fclemeyen bir bi\u00e7im olan frontal fibrozan alopesiye (FFA) i\u015faret edebilir.<\/p>\n\n\n\n<p class=\"wp-block-paragraph\">Baz\u0131 durumlarda hormonal bir etken (\u00f6rne\u011fin PCOS&#8217;taki androjen fazlal\u0131\u011f\u0131) da rol oynayabilir. Ancak rahatlat\u0131c\u0131 bir bilgi olarak: ilgili uzman raporuna g\u00f6re (Carmina ve ark. 2019) \u00f6n-orta b\u00f6lgede seyrelme g\u00f6r\u00fclen kad\u0131nlar\u0131n \u00e7o\u011fu normal hormon d\u00fczeylerine sahiptir ve ba\u015fka bir belirti g\u00f6stermez. Yani tek ba\u015f\u0131na g\u00f6r\u00fclen bir seyrelme, otomatik olarak bir hormon sorunu anlam\u0131na gelmez. Bu nedenle kad\u0131nlar, kozmetik ama\u00e7l\u0131 herhangi bir tedaviye ba\u015flamadan \u00f6nce d\u00f6k\u00fclmenin nedenini netle\u015ftirmelidir. Daha fazlas\u0131 i\u00e7in Kad\u0131nlarda sa\u00e7 d\u00f6k\u00fclmesi rehberimize bakabilirsiniz.<\/p>\n\n\n\n<h2 id=\"h-sakak-acilmasi-kelligin-isareti-midir\" class=\"wp-block-heading\">\u015eakak a\u00e7\u0131lmas\u0131 kelli\u011fin i\u015fareti midir?<\/h2>\n\n\n\n<p class=\"wp-block-paragraph\">\u015eakak a\u00e7\u0131lmas\u0131, ileride mutlaka tam bir kellik ya\u015fanaca\u011f\u0131 anlam\u0131na gelmez; ancak ilerleyen bir androgenetik alopesinin erken ve g\u00fcvenilir bir g\u00f6stergesidir. S\u00fcrecin ne kadar ilerleyece\u011fini her \u015feyden \u00e7ok genetik yatk\u0131nl\u0131k belirler.<\/p>\n\n\n\n<p class=\"wp-block-paragraph\">Seyir ki\u015fiden ki\u015fiye b\u00fcy\u00fck \u00f6l\u00e7\u00fcde de\u011fi\u015fir. Kimi erkekler onlarca y\u0131l boyunca yaln\u0131zca \u015fakak a\u00e7\u0131kl\u0131\u011f\u0131yla, yani Norwood II\u2013III evresinde stabil kal\u0131r; kimilerinde ise d\u00f6k\u00fclme daha ileri evrelere kadar ilerler. Erken bir ba\u015flang\u0131\u00e7 ve ailenin her iki taraf\u0131nda g\u00fc\u00e7l\u00fc bir sa\u00e7 d\u00f6k\u00fclmesi \u00f6yk\u00fcs\u00fc, seyir a\u00e7\u0131s\u0131ndan ipucu say\u0131labilir; ancak bunlar\u0131n hi\u00e7biri kesin bir kural de\u011fildir.<\/p>\n\n\n\n<p class=\"wp-block-paragraph\">Burada belirleyici olan \u015fudur: ki\u015fisel seyir ne kadar erken de\u011ferlendirilirse, \u00f6nlemler de o kadar hedefli al\u0131nabilir. Tedavi se\u00e7enekleri en iyi sonucu, sa\u00e7 k\u00f6kleri h\u00e2l\u00e2 aktifken verir. B\u00f6ylece as\u0131l \u00f6nemli noktaya, yani ne zaman harekete ge\u00e7ilmesi gerekti\u011fine geliyoruz.<\/p>\n\n\n\n<p class=\"wp-block-paragraph\">\u015eakak a\u00e7\u0131lmas\u0131 yaln\u0131zca bir g\u00f6r\u00fcn\u00fcm meselesi de\u011fildir. \u00d6zellikle gen\u00e7 erkeklerde aynaya bakmak \u00f6zg\u00fcveni zedeleyebilir; bundan sonra ne olaca\u011f\u0131na dair belirsizlik \u00e7o\u011fu zaman d\u00f6k\u00fclmenin kendisinden daha a\u011f\u0131r bir y\u00fck h\u00e2line gelir. Bu endi\u015fe anla\u015f\u0131l\u0131rd\u0131r ve \u00e7ok yayg\u0131nd\u0131r. Kayg\u0131dan \u00e7\u0131k\u0131\u015f\u0131n en iyi yolu, aceleyle \u00e7e\u015fitli \u00fcr\u00fcnler denemek yerine net ve ger\u00e7ek\u00e7i bir plan yapmakt\u0131r.<\/p>\n\n\n\n<h2 id=\"h-eylem-plani-sakak-acilmasi-fark-ettiginizde-ne-yapmali\" class=\"wp-block-heading\">Eylem plan\u0131: \u015eakak a\u00e7\u0131lmas\u0131 fark etti\u011finizde ne yapmal\u0131?<\/h2>\n\n\n\n<p class=\"wp-block-paragraph\">\u015eakak a\u00e7\u0131lmas\u0131 fark eden ki\u015fi, plans\u0131zca \u00fcr\u00fcn denemek yerine d\u00f6rt ad\u0131mda ilerlemekle en iyisini yapar. Bu s\u0131ralama size zaman ve para kazand\u0131r\u0131r, hayal k\u0131r\u0131kl\u0131\u011f\u0131ndan korur. Ba\u011flant\u0131lar do\u011frudan ilgili b\u00f6l\u00fcme atlar.<\/p>\n\n\n\n<div style=\"background:#f6f9fe;border:1px solid #d7e5fb;border-radius:10px;padding:20px 22px;margin:8px 0 24px\">\n<ol style=\"margin:0;padding-left:22px;color:#2e3033;font-size:15.5px;line-height:1.75\">\n<li style=\"margin-bottom:12px\"><strong style=\"color:#013366\">Evreyi belirleyin.<\/strong> Norwood skalas\u0131na g\u00f6re kaba bir \u00f6z de\u011ferlendirme, buna ek olarak birka\u00e7 ay boyunca foto\u011fraf kar\u015f\u0131la\u015ft\u0131rmas\u0131. Seyir, tek bir g\u00fcnden daha \u00e7ok \u015fey s\u00f6yler. <a href=\"#norwood-stadium\" style=\"color:#0079F1;font-weight:600;text-decoration:none\">\u2192 Norwood skalas\u0131na<\/a><\/li>\n<li style=\"margin-bottom:12px\"><strong style=\"color:#013366\">Nedeni t\u0131bbi olarak netle\u015ftirin.<\/strong> Bir dermatolog veya sa\u00e7 analizi, ger\u00e7ekten genetik AGA m\u0131 yoksa ba\u015fka bir bi\u00e7im mi (diff\u00fcz, skar b\u0131rakan, b\u00f6lgesel) oldu\u011funu a\u00e7\u0131kl\u0131\u011fa kavu\u015fturur. Kendi kendinize te\u015fhis koymay\u0131n. <a href=\"#keine-geheimratsecken\" style=\"color:#0079F1;font-weight:600;text-decoration:none\">\u2192 ayr\u0131m b\u00f6l\u00fcm\u00fcne<\/a><\/li>\n<li style=\"margin-bottom:12px\"><strong style=\"color:#013366\">M\u00fcmk\u00fcn oldu\u011funca erken, konservatif tedavi edin.<\/strong> Te\u015fhise g\u00f6re Minoxidil ve\/veya Finasterid, t\u0131bbi g\u00f6zetim alt\u0131nda. <a href=\"#geheimratsecken-stoppen\" style=\"color:#0079F1;font-weight:600;text-decoration:none\">\u2192 Minoxidil ve Finasterid&#8217;e<\/a><\/li>\n<li><strong style=\"color:#013366\">Ancak net bir endikasyon varsa ve stabilizasyondan sonra bir sa\u00e7 ekimini de\u011ferlendirin<\/strong>, kamufle etmek her zaman paralel olarak m\u00fcmk\u00fcnd\u00fcr. <a href=\"#haartransplantation\" style=\"color:#0079F1;font-weight:600;text-decoration:none\">\u2192 sa\u00e7 ekimine<\/a><\/li>\n<\/ol>\n<\/div>\n\n\n\n<h2 id=\"geheimratsecken-stoppen\" class=\"wp-block-heading\">\u015eakak a\u00e7\u0131lmas\u0131 nas\u0131l durdurulur? Tedaviler kar\u015f\u0131la\u015ft\u0131rmal\u0131<\/h2>\n\n\n\n<p class=\"wp-block-paragraph\">\u015eakak a\u00e7\u0131lmas\u0131n\u0131 durdurmak, ger\u00e7ek\u00e7i anlamda \u015fu demektir: d\u00f6k\u00fclmeyi yava\u015flatmak ve k\u0131smen s\u0131kla\u015ft\u0131rmak \u2014 kaybedileni geri almak de\u011fil. T\u0131bbi g\u00f6zetim alt\u0131nda kullan\u0131lan tedavilerle s\u00fcrecin seyri yava\u015flat\u0131labilir; ancak a\u00e7\u0131lm\u0131\u015f k\u00f6\u015felerin tedavi olmadan kendili\u011finden yeniden dolmas\u0131 pratikte s\u00f6z konusu de\u011fildir. Ne kadar erken ba\u015flan\u0131rsa, o kadar \u00e7ok sa\u00e7 korunabilir.<\/p>\n\n\n\n<h3 id=\"h-finasterid-durdurmada-en-guclu-kanit\" class=\"wp-block-heading\">Finasterid: durdurmada en g\u00fc\u00e7l\u00fc kan\u0131t<\/h3>\n\n\n\n<p class=\"wp-block-paragraph\">Finasterid (a\u011f\u0131zdan al\u0131nan bir ila\u00e7), 5-alfa-red\u00fcktaz tip II enzimini bask\u0131layarak DHT d\u00fczeyini belirgin bi\u00e7imde d\u00fc\u015f\u00fcr\u00fcr. Avrupa k\u0131lavuzunda (Kanti ve ark. 2018) erkekler i\u00e7in en y\u00fcksek kan\u0131t d\u00fczeyine, net bir \u00f6neriye ve uzun d\u00f6neme yay\u0131lan verilere sahiptir. Etkisi genellikle 6. aydan sonra de\u011ferlendirilir; baz\u0131 ki\u015filerde ise ancak 12. aydan sonra g\u00f6r\u00fcn\u00fcr h\u00e2le gelir.<\/p>\n\n\n\n<p class=\"wp-block-paragraph\">Yan etkiler konusunda d\u00fcr\u00fcst olmak gerekir: cinsel i\u015flev bozukluklar\u0131, seyrek olarak jinekomasti (meme dokusunda b\u00fcy\u00fcme) ve yatk\u0131nl\u0131\u011f\u0131 olanlarda depresif ruh h\u00e2li g\u00f6r\u00fclebilir. Ayr\u0131ca post-finasterid sendromu (PFS) tart\u0131\u015f\u0131lan bir konudur; bu durumda \u015fik\u00e2yetlerin ila\u00e7 b\u0131rak\u0131ld\u0131ktan sonra da s\u00fcrd\u00fc\u011f\u00fc ileri s\u00fcr\u00fcl\u00fcr, ancak neden-sonu\u00e7 ili\u015fkisi bilimsel olarak kesin bi\u00e7imde a\u00e7\u0131kl\u0131\u011fa kavu\u015fmam\u0131\u015ft\u0131r. Finasterid re\u00e7eteye tabidir ve t\u0131bbi g\u00f6zetim gerektirir; aktif depresyon ya da mevcut cinsel i\u015flev bozuklu\u011fu olan ki\u015filerde kullan\u0131lmaz. Do\u011furganl\u0131k \u00e7a\u011f\u0131ndaki kad\u0131nlar ise bu ilac\u0131 kullanamaz.<\/p>\n\n\n\n<h3 id=\"h-minoxidil-buyumeyi-destekler-sakaklarda-da\" class=\"wp-block-heading\">Minoxidil: b\u00fcy\u00fcmeyi destekler, \u015fakaklarda da<\/h3>\n\n\n\n<p class=\"wp-block-paragraph\">Minoksidil, sa\u00e7lar\u0131n b\u00fcy\u00fcme evresini uzatan ve do\u011frudan sa\u00e7l\u0131 deriye uygulanan bir tedavidir; Avrupa k\u0131lavuzunda en y\u00fcksek kan\u0131t d\u00fczeyine sahiptir. K\u0131lavuz, minoksidili \u015fakak (frontotemporal) b\u00f6lgesi i\u00e7in de a\u00e7\u0131k\u00e7a \u00f6nerir. Minoksidilin sa\u00e7 \u00e7izgisinde tepe b\u00f6lgesine k\u0131yasla daha zay\u0131f etki etti\u011fi y\u00f6n\u00fcnde s\u0131k duyulan g\u00f6r\u00fc\u015f ise tart\u0131\u015fmal\u0131d\u0131r; tek do\u011frudan kar\u015f\u0131la\u015ft\u0131rma \u00e7al\u0131\u015fmas\u0131, \u00f6n b\u00f6lgede belirgin bi\u00e7imde daha k\u00f6t\u00fc bir yan\u0131t bulmam\u0131\u015ft\u0131r. Bu nedenle bu noktay\u0131 kesinle\u015fmi\u015f bir kural de\u011fil, h\u00e2l\u00e2 a\u00e7\u0131k bir tart\u0131\u015fma olarak de\u011ferlendirmek gerekir.<\/p>\n\n\n\n<p class=\"wp-block-paragraph\">\u0130lk haftalarda ge\u00e7ici olarak artm\u0131\u015f bir sa\u00e7 d\u00f6k\u00fclmesi g\u00f6r\u00fclebilir (ba\u015flang\u0131\u00e7 d\u00f6k\u00fclmesi \/ initial shedding); bu, \u00e7o\u011fu zaman etkinin ba\u015flad\u0131\u011f\u0131n\u0131n i\u015faretidir, bir tedavi ba\u015far\u0131s\u0131zl\u0131\u011f\u0131 de\u011fil. S\u0131k g\u00f6z ard\u0131 edilen \u00f6nemli bir g\u00fcvenlik uyar\u0131s\u0131 da \u015fudur: minoksidil kediler i\u00e7in son derece zehirlidir. Kedisi olan kullan\u0131c\u0131lar\u0131n, ila\u00e7 bula\u015fm\u0131\u015f havlu ve yast\u0131k k\u0131l\u0131flar\u0131n\u0131 y\u0131kamas\u0131 ve \u00fcr\u00fcn art\u0131klar\u0131n\u0131 g\u00fcvenli bi\u00e7imde saklamas\u0131 \u00f6nerilir.<\/p>\n\n\n\n<p class=\"wp-block-paragraph\">Kullan\u0131m ve etkiye dair daha fazlas\u0131 i\u00e7in ayr\u0131nt\u0131l\u0131 <a href=\"https:\/\/elithair.com\/tr\/minoksidil-kullanmadan-once-bilmeniz-gerekenler\/\">Sa\u00e7 d\u00f6k\u00fclmesine kar\u015f\u0131 Minoxidil<\/a> rehberine bak\u0131n.<\/p>\n\n\n\n<h3 id=\"h-ketokonazol-dutasterid-mikroigneleme-ve-prp\" class=\"wp-block-heading\">Ketokonazol, Dutasterid, mikroi\u011fneleme ve PRP<\/h3>\n\n\n\n<p class=\"wp-block-paragraph\">Ketokonazoll\u00fc \u015fampuan, sa\u00e7l\u0131 deride iltihap giderici etki g\u00f6sterir ve \u00e7o\u011fu zaman &#8220;Big 3&#8221; olarak an\u0131lan \u00fc\u00e7l\u00fcn\u00fcn bir par\u00e7as\u0131 say\u0131l\u0131r. Ancak g\u00fcncel k\u0131lavuz, yeterli \u00e7al\u0131\u015fma bulunmad\u0131\u011f\u0131 i\u00e7in bu \u00fcr\u00fcn i\u00e7in net bir \u00f6neride bulunmaz. Destekleyici olarak kullan\u0131labilir, fakat tedavinin ta\u015f\u0131y\u0131c\u0131 bir s\u00fctunu de\u011fildir.<\/p>\n\n\n\n<p class=\"wp-block-paragraph\">Dutasterid, DHT&#8217;yi finasteride k\u0131yasla daha g\u00fc\u00e7l\u00fc bask\u0131lar; ancak sa\u00e7 d\u00f6k\u00fclmesi i\u00e7in ruhsatl\u0131 de\u011fildir. Yaln\u0131zca endikasyon d\u0131\u015f\u0131 (off-label) ve t\u0131bbi g\u00f6zetim alt\u0131nda, finasteridden yeterli yan\u0131t al\u0131namad\u0131\u011f\u0131 durumlarda ikinci s\u0131ra bir se\u00e7enek olarak g\u00fcndeme gelebilir. Standart bir tedavi gibi sunulmamal\u0131d\u0131r.<\/p>\n\n\n\n<p class=\"wp-block-paragraph\">Mikroi\u011fneleme (dermaroller) tek ba\u015f\u0131na kan\u0131tlanm\u0131\u015f bir etki g\u00f6stermez; ancak minoksidille birlikte kullan\u0131ld\u0131\u011f\u0131nda ek katk\u0131 sa\u011flad\u0131\u011f\u0131na dair veriler vard\u0131r. Bu konudaki bir meta-analiz (Archives of Dermatological Research, 2025), minoksidilin tek ba\u015f\u0131na kullan\u0131m\u0131na k\u0131yasla anlaml\u0131 bir \u00fcst\u00fcnl\u00fck bulmu\u015ftur. PRP ve mezoterapi ise tamamlay\u0131c\u0131 olarak de\u011ferlendirilebilir; ancak k\u0131lavuzdaki kan\u0131t d\u00fczeyi d\u00fc\u015f\u00fckt\u00fcr ve standart bir protokol bulunmad\u0131\u011f\u0131 i\u00e7in net bir \u00f6neri ta\u015f\u0131maz.<\/p>\n\n\n\n<h3 id=\"h-sakak-acilmasina-karsi-dogal-yontemler-durust-kanit-kontrolu\" class=\"wp-block-heading\">\u015eakak a\u00e7\u0131lmas\u0131na kar\u015f\u0131 do\u011fal y\u00f6ntemler: d\u00fcr\u00fcst kan\u0131t kontrol\u00fc<\/h3>\n\n\n\n<p class=\"wp-block-paragraph\">Hi\u00e7bir do\u011fal y\u00f6ntem, ilerlemi\u015f bir androgenetik resesyonu kan\u0131tlanm\u0131\u015f bi\u00e7imde geri \u00e7evirmez, ancak \u00e7al\u0131\u015fma verilerinin g\u00fcc\u00fc farkl\u0131d\u0131r. <strong>Biberiye ya\u011f\u0131<\/strong> k\u00fc\u00e7\u00fck bir randomize \u00e7al\u0131\u015fmada (Panahi ve ark. 2015) 6 ay\u0131n ard\u0131ndan Minoxidil ile kar\u015f\u0131la\u015ft\u0131r\u0131labilir bir sonuca ula\u015ft\u0131, ancak yaln\u0131zca daha zay\u0131f olan %2&#8217;lik konsantrasyona k\u0131yasla ve tek bir \u00e7al\u0131\u015fmada. <strong>Kafein<\/strong> sa\u00e7 folik\u00fcllerini \u015fimdiye dek yaln\u0131zca h\u00fccre k\u00fclt\u00fcr\u00fc \u00e7al\u0131\u015fmalar\u0131nda (Fischer ve ark. 2007) uyard\u0131, g\u00fcvenilir klinik veriler eksik.<\/p>\n\n\n\n<p class=\"wp-block-paragraph\"><strong>So\u011fan suyu<\/strong> hakk\u0131nda \u00f6nemli bir d\u00fczeltme: S\u0131k\u00e7a al\u0131nt\u0131lanan \u00e7al\u0131\u015fma (Sharquie ve Al-Obaidi 2002), androgenetik alopeside de\u011fil, tamamen farkl\u0131 bir hastal\u0131k olan alopesi areata (sa\u00e7k\u0131ran) hastalar\u0131nda y\u00fcr\u00fct\u00fcld\u00fc. Dolay\u0131s\u0131yla \u015fakak a\u00e7\u0131lmas\u0131na <em>aktar\u0131lamaz<\/em>. Hint ya\u011f\u0131n\u0131n folik\u00fcl minyat\u00fcrizasyonu \u00fczerinde kan\u0131tlanm\u0131\u015f bir etkisi yoktur. Do\u011fal y\u00f6ntemleri Minoxidil veya Finasterid&#8217;in yerine de\u011fil, bir bak\u0131m olarak g\u00f6r\u00fcn.<\/p>\n\n\n\n<div><table class=\"rt-table\" style=\"min-width:720px;width:100%;border-collapse:collapse;font-size:14.5px;margin:8px 0 6px\"><thead><tr style=\"background:#013366;color:#fff\"><th style=\"padding:11px;text-align:left\">Y\u00f6ntem<\/th><th style=\"padding:11px;text-align:left\">Etki mekanizmas\u0131<\/th><th style=\"padding:11px;text-align:left\">Kan\u0131t (S3 k\u0131lavuzu 2018)<\/th><th style=\"padding:11px;text-align:left\">S\u0131n\u0131rlar \/ yan etkiler<\/th><\/tr><\/thead><tbody>\n<tr style=\"border-bottom:1px solid #e3e8ef\"><td data-label=\"Y\u00f6ntem\" style=\"padding:11px;font-weight:600\">Finasterid (oral)<\/td><td data-label=\"Etki mekanizmas\u0131\" style=\"padding:11px\">DHT&#8217;yi d\u00fc\u015f\u00fcr\u00fcr<\/td><td data-label=\"Kan\u0131t (S3 k\u0131lavuzu 2018)\" style=\"padding:11px\">D\u00fczey 1, \u00f6nerilir (erkekler)<\/td><td data-label=\"S\u0131n\u0131rlar \/ yan etkiler\" style=\"padding:11px\">Re\u00e7ete, cinsel yan etki m\u00fcmk\u00fcn, PFS tart\u0131\u015fmal\u0131, do\u011furgan \u00e7a\u011fdaki kad\u0131nlarda kontrendike<\/td><\/tr>\n<tr style=\"border-bottom:1px solid #e3e8ef;background:#f6f9fe\"><td data-label=\"Y\u00f6ntem\" style=\"padding:11px;font-weight:600\">Minoxidil (topikal)<\/td><td data-label=\"Etki mekanizmas\u0131\" style=\"padding:11px\">Anajen evresini uzat\u0131r<\/td><td data-label=\"Kan\u0131t (S3 k\u0131lavuzu 2018)\" style=\"padding:11px\">D\u00fczey 1, \u00f6nerilir; %5 &gt; %2<\/td><td data-label=\"S\u0131n\u0131rlar \/ yan etkiler\" style=\"padding:11px\">G\u00fcnl\u00fck kullan\u0131m, ba\u015flang\u0131\u00e7 d\u00f6k\u00fclmesi, kediler i\u00e7in zehirli<\/td><\/tr>\n<tr style=\"border-bottom:1px solid #e3e8ef\"><td data-label=\"Y\u00f6ntem\" style=\"padding:11px;font-weight:600\">Dutasterid (oral)<\/td><td data-label=\"Etki mekanizmas\u0131\" style=\"padding:11px\">Daha g\u00fc\u00e7l\u00fc DHT bask\u0131lay\u0131c\u0131<\/td><td data-label=\"Kan\u0131t (S3 k\u0131lavuzu 2018)\" style=\"padding:11px\">D\u00fczey 1, yaln\u0131zca off-label \/ ikinci s\u0131ra<\/td><td data-label=\"S\u0131n\u0131rlar \/ yan etkiler\" style=\"padding:11px\">AB&#8217;de sa\u00e7 d\u00f6k\u00fclmesi i\u00e7in onayl\u0131 de\u011fil, yaln\u0131zca t\u0131bbi g\u00f6zetimle<\/td><\/tr>\n<tr style=\"border-bottom:1px solid #e3e8ef;background:#f6f9fe\"><td data-label=\"Y\u00f6ntem\" style=\"padding:11px;font-weight:600\">Ketokonazol \u015fampuan\u0131<\/td><td data-label=\"Etki mekanizmas\u0131\" style=\"padding:11px\">\u0130ltihap giderici<\/td><td data-label=\"Kan\u0131t (S3 k\u0131lavuzu 2018)\" style=\"padding:11px\">D\u00fczey 3, \u00f6neri yok<\/td><td data-label=\"S\u0131n\u0131rlar \/ yan etkiler\" style=\"padding:11px\">Yaln\u0131zca destekleyici, ta\u015f\u0131y\u0131c\u0131 s\u00fctun de\u011fil<\/td><\/tr>\n<tr style=\"border-bottom:1px solid #e3e8ef\"><td data-label=\"Y\u00f6ntem\" style=\"padding:11px;font-weight:600\">Mikroi\u011fneleme + Minoxidil<\/td><td data-label=\"Etki mekanizmas\u0131\" style=\"padding:11px\">Mekanik uyar\u0131m art\u0131 etken madde<\/td><td data-label=\"Kan\u0131t (S3 k\u0131lavuzu 2018)\" style=\"padding:11px\">Meta-analiz 2025 anlaml\u0131<\/td><td data-label=\"S\u0131n\u0131rlar \/ yan etkiler\" style=\"padding:11px\">Tek ba\u015f\u0131na etkisiz, yaln\u0131zca kombinasyonda kan\u0131tl\u0131<\/td><\/tr>\n<tr style=\"border-bottom:1px solid #e3e8ef;background:#f6f9fe\"><td data-label=\"Y\u00f6ntem\" style=\"padding:11px;font-weight:600\">PRP \/ mezoterapi<\/td><td data-label=\"Etki mekanizmas\u0131\" style=\"padding:11px\">Kendi kan\u0131ndan b\u00fcy\u00fcme fakt\u00f6rleri<\/td><td data-label=\"Kan\u0131t (S3 k\u0131lavuzu 2018)\" style=\"padding:11px\">D\u00fczey 3, \u00f6neri yok<\/td><td data-label=\"S\u0131n\u0131rlar \/ yan etkiler\" style=\"padding:11px\">Seans serisi, maliyet, tutars\u0131z veriler<\/td><\/tr>\n<tr style=\"border-bottom:1px solid #e3e8ef\"><td data-label=\"Y\u00f6ntem\" style=\"padding:11px;font-weight:600\">Do\u011fal y\u00f6ntemler (biberiye ya\u011f\u0131\/kafein)<\/td><td data-label=\"Etki mekanizmas\u0131\" style=\"padding:11px\">Bak\u0131m \/ hafif uyar\u0131m<\/td><td data-label=\"Kan\u0131t (S3 k\u0131lavuzu 2018)\" style=\"padding:11px\">AGA i\u00e7in g\u00fcvenilir de\u011fil<\/td><td data-label=\"S\u0131n\u0131rlar \/ yan etkiler\" style=\"padding:11px\">Resesyonu geri \u00e7evirmez<\/td><\/tr>\n<tr style=\"border-bottom:1px solid #e3e8ef;background:#f6f9fe\"><td data-label=\"Y\u00f6ntem\" style=\"padding:11px;font-weight:600\">Sa\u00e7 ekimi<\/td><td data-label=\"Etki mekanizmas\u0131\" style=\"padding:11px\">DHT&#8217;ye daha diren\u00e7li kendi sa\u00e7\u0131n\u0131 nakletmek<\/td><td data-label=\"Kan\u0131t (S3 k\u0131lavuzu 2018)\" style=\"padding:11px\">D\u00fczey 2, de\u011ferlendirilebilir<\/td><td data-label=\"S\u0131n\u0131rlar \/ yan etkiler\" style=\"padding:11px\">Operasyon, maliyet, yaln\u0131zca patern tipinde ve yeterli verici sa\u00e7la<\/td><\/tr>\n<\/tbody><\/table><\/div>\n<p style=\"font-size:13px;color:#5a6b7b;margin:6px 0 0\"><em>Kan\u0131t d\u00fczeyleri Avrupa S3 k\u0131lavuzuna g\u00f6re (Kanti ve ark. 2018). Kendi kendine ila\u00e7 kullanmay\u0131n, re\u00e7eteye tabi etken maddeler yaln\u0131zca t\u0131bbi g\u00f6zetimle.<\/em><\/p>\n\n\n\n<h2 id=\"haartransplantation\" class=\"wp-block-heading\">\u015eakak a\u00e7\u0131lmas\u0131n\u0131n sa\u00e7 ekimiyle tedavisi<\/h2>\n\n\n\n<p class=\"wp-block-paragraph\">Sa\u00e7 ekimine ge\u00e7i\u015f, ila\u00e7lar\u0131n bir &#8220;ba\u015far\u0131s\u0131zl\u0131\u011f\u0131&#8221; de\u011fil, hedefin de\u011fi\u015fmesi meselesidir. Finasterid ve minoksidil gibi tedaviler, d\u00fczenli kullan\u0131ld\u0131klar\u0131 s\u00fcrece mevcut sa\u00e7\u0131 korumaya yard\u0131mc\u0131 olur; ancak zaten a\u00e7\u0131lm\u0131\u015f k\u00f6\u015feleri yeniden dolduramaz. \u0130\u015fte tam bu noktada sa\u00e7 ekimi, kal\u0131c\u0131 bir yeniden yap\u0131land\u0131rma se\u00e7ene\u011fi olarak devreye girer.<\/p>\n\n\n\n<p class=\"wp-block-paragraph\">\u015eakak a\u00e7\u0131lmas\u0131 belirgin bi\u00e7imde ilerlemi\u015fse ve bu b\u00f6lge yeniden ki\u015finin kendi sa\u00e7\u0131yla doldurulacaksa, sa\u00e7 ekimi bu amaca ula\u015ft\u0131ran ba\u015fl\u0131ca y\u00f6ntemdir. \u0130\u015flemde, ense b\u00f6lgesinden al\u0131nan ve androjene belirgin bi\u00e7imde daha az duyarl\u0131 olan sa\u00e7 k\u00f6kleri a\u00e7\u0131lan k\u00f6\u015felere nakledilir. Bu k\u00f6kler, s\u00f6z konusu \u00f6zelli\u011fini yeni yerinde de b\u00fcy\u00fck \u00f6l\u00e7\u00fcde korur; buna verici bask\u0131nl\u0131\u011f\u0131 (donor dominance) ilkesi denir (Kanti ve ark. 2018).<\/p>\n\n\n\n<p class=\"wp-block-paragraph\">Elithair&#8217;de nakil, patentli NEO-FUE haz\u0131rl\u0131\u011f\u0131yla tamamlanan ve CHOI kalemiyle yap\u0131lan bir DHI implantasyonu bi\u00e7iminde ger\u00e7ekle\u015ftirilir. Do\u011fal bir sonu\u00e7 i\u00e7in belirleyici olan nokta ise sa\u00e7 \u00e7izgisi tasar\u0131m\u0131d\u0131r: sert bir &#8220;bebek \u00e7izgisi&#8221; yerine, en \u00f6n kenarda tek tek greftlerin yer ald\u0131\u011f\u0131, bilin\u00e7li olarak hafif d\u00fczensiz ve ya\u015fa uygun bir \u00e7izgi tercih edilir.<\/p>\n\n\n<div class=\"wp-block-image\">\n<figure class=\"aligncenter size-large is-resized\"><img loading=\"lazy\" decoding=\"async\" width=\"1536\" height=\"1024\" src=\"https:\/\/elithair.com\/tr\/wp-content\/uploads\/sites\/10\/2026\/07\/haaranalyse_beratung.png\" alt=\"\u015eakak a\u00e7\u0131lmas\u0131 dan\u0131\u015fmanl\u0131\u011f\u0131nda dermatoskopla yap\u0131lan sa\u00e7 \u00e7izgisi analizi\" class=\"wp-image-83002\" style=\"width:720px\" srcset=\"https:\/\/elithair.com\/tr\/wp-content\/uploads\/sites\/10\/2026\/07\/haaranalyse_beratung.png 1536w, https:\/\/elithair.com\/tr\/wp-content\/uploads\/sites\/10\/2026\/07\/haaranalyse_beratung-300x200.png 300w, https:\/\/elithair.com\/tr\/wp-content\/uploads\/sites\/10\/2026\/07\/haaranalyse_beratung-1024x683.png 1024w, https:\/\/elithair.com\/tr\/wp-content\/uploads\/sites\/10\/2026\/07\/haaranalyse_beratung-768x512.png 768w\" sizes=\"(max-width: 767px) 100vw, 660px\" \/><\/figure>\n<\/div>\n\n\n<p class=\"wp-block-paragraph\">Ancak bir sa\u00e7 ekimi yaln\u0131zca genetik yatk\u0131nl\u0131\u011fa ba\u011fl\u0131 patern tipi sa\u00e7 d\u00f6k\u00fclmesinde mant\u0131kl\u0131d\u0131r, diff\u00fcz veya skar b\u0131rakan bi\u00e7imlerde de\u011fil. \u00d6zellikle 20&#8217;li ya\u015flar\u0131n ba\u015f\u0131ndaki gen\u00e7 erkeklerde dikkatli olmak gerekir: \u00c7evredeki sa\u00e7 ila\u00e7la stabilize edilmez ve d\u00f6k\u00fclme ilerlemeye devam ederse, yo\u011fun greftin \u00e7evresinde do\u011fal olmayan bir \u201eada etkisi&#8221; olu\u015fabilir. Bu nedenle S3 k\u0131lavuzu, en iyi uzun d\u00f6nem sonu\u00e7lar\u0131n\u0131n t\u0131bbi olarak kontrol alt\u0131na al\u0131nm\u0131\u015f veya stabilize edilmi\u015f AGA&#8217;da elde edildi\u011fini vurgular.<\/p>\n\n\n\n<p class=\"wp-block-paragraph\">Bu y\u00fczden ilk ad\u0131m bir operasyon de\u011fil, te\u015fhistir. \u00dccretsiz bir sa\u00e7 analizi Norwood evrenizi belirler, genetik sa\u00e7 d\u00f6k\u00fclmesini diff\u00fcz olandan ay\u0131r\u0131r ve bir sa\u00e7 ekiminin sizin i\u00e7in mant\u0131kl\u0131 olup olmad\u0131\u011f\u0131n\u0131 ve ne zaman olaca\u011f\u0131n\u0131 d\u00fcr\u00fcst\u00e7e s\u00f6yler. Ger\u00e7ek sonu\u00e7lar\u0131 <a href=\"https:\/\/elithair.com\/tr\/oncesi-sonrasi-alin-acikligi\/\">\u015eakak a\u00e7\u0131lmas\u0131nda \u00f6ncesi-sonras\u0131<\/a> genel bak\u0131\u015f\u0131m\u0131z g\u00f6sterir.<\/p>\n\n\n\n<div style=\"background:#013366;border-radius:10px;padding:20px 22px;margin:20px 0 8px\">\n<p style=\"margin:0 0 8px;font-size:16px;font-weight:700;color:#ffffff\">Elithair klinik deneyiminden de\u011ferlendirme<\/p>\n<p style=\"margin:0;color:#e6eefb;font-size:15.5px;line-height:1.65\">\u015eakak a\u00e7\u0131lmas\u0131, bir sa\u00e7 ekimi i\u00e7in en elveri\u015fli ba\u015flang\u0131\u00e7 durumlar\u0131ndan biridir, \u00e7\u00fcnk\u00fc ense b\u00f6lgesindeki verici alan genetik olarak androjene belirgin bi\u00e7imde daha az duyarl\u0131d\u0131r. Sonucu iki \u015fey belirler: do\u011fal ve d\u00fczensiz bir sa\u00e7 \u00e7izgisi tasar\u0131m\u0131 ve kalan sa\u00e7 d\u00f6k\u00fclmesinin e\u015flik eden ila\u00e7la kontrol\u00fc. Bu kombinasyon olmadan, h\u00e2l\u00e2 ilerleyen gen\u00e7 hastalarda bir m\u00fcdahale riskli kal\u0131r.<\/p>\n<\/div>\n\n\n\n<h2 id=\"h-sakak-acilmasini-kamufle-etmek-hangi-sac-modelleri-aninda-yardimci-olur\" class=\"wp-block-heading\">\u015eakak a\u00e7\u0131lmas\u0131n\u0131 kamufle etmek: hangi sa\u00e7 modelleri an\u0131nda yard\u0131mc\u0131 olur?<\/h2>\n\n\n\n<p class=\"wp-block-paragraph\">\u015eakak a\u00e7\u0131lmas\u0131n\u0131 en iyi, sa\u00e7 \u00e7izgisini vurgulamak yerine bilin\u00e7li olarak k\u0131ran k\u0131sa, dokulu sa\u00e7 kesimleriyle kamufle edersiniz. Bu, t\u0131bbi tedavinin yan\u0131ndaki t\u00fcm\u00fcyle kozmetik d\u00fczeydir: nedeni tedavi etmez, ama an\u0131nda etki eder ve her zaman paralel olarak m\u00fcmk\u00fcnd\u00fcr. Uzun, geriye do\u011fru taranm\u0131\u015f sa\u00e7lar ve d\u00fcz bir orta ayr\u0131k ise k\u00f6\u015feleri g\u00f6rsel olarak vurgular.<\/p>\n\n\n<div class=\"wp-block-image\">\n<figure class=\"aligncenter size-large is-resized\"><img loading=\"lazy\" decoding=\"async\" width=\"1536\" height=\"1024\" src=\"https:\/\/elithair.com\/tr\/wp-content\/uploads\/sites\/10\/2026\/07\/frisuren_vergleich.png\" alt=\"\u015eakak a\u00e7\u0131lmas\u0131n\u0131 kamufle eden veya vurgulayan iki erkek sa\u00e7 modelinin ill\u00fcstratif kar\u015f\u0131la\u015ft\u0131rmas\u0131\" class=\"wp-image-83003\" style=\"width:560px\" srcset=\"https:\/\/elithair.com\/tr\/wp-content\/uploads\/sites\/10\/2026\/07\/frisuren_vergleich.png 1536w, https:\/\/elithair.com\/tr\/wp-content\/uploads\/sites\/10\/2026\/07\/frisuren_vergleich-300x200.png 300w, https:\/\/elithair.com\/tr\/wp-content\/uploads\/sites\/10\/2026\/07\/frisuren_vergleich-1024x683.png 1024w, https:\/\/elithair.com\/tr\/wp-content\/uploads\/sites\/10\/2026\/07\/frisuren_vergleich-768x512.png 768w\" sizes=\"(max-width: 767px) 100vw, 660px\" \/><\/figure>\n<\/div>\n\n\n<p class=\"wp-block-paragraph\">Temel kural: K\u0131sa yanlar, \u00f6ne do\u011fru dokulu \u00fcst sa\u00e7la birle\u015ftirilir (French Crop, Caesar kesimi, Buzz kesimi, gerekirse sakalla), p\u00fcr\u00fczl\u00fc de\u011fil bilin\u00e7li olarak k\u0131sa ve belirgin bir \u00e7izgi ve parlak de\u011fil mat \u00fcr\u00fcnler. Klasik comb-over&#8217;dan ve bo\u015fluklar\u0131 g\u00f6r\u00fcn\u00fcr k\u0131lan uzun \u00fcst sa\u00e7tan ka\u00e7\u0131n\u0131n.<\/p>\n\n\n\n<div><table class=\"rt-table\" style=\"min-width:560px;width:100%;border-collapse:collapse;font-size:15px;margin:8px 0 18px\"><thead><tr style=\"background:#013366;color:#fff\"><th style=\"padding:11px;text-align:left\">\u015eakak a\u00e7\u0131lmas\u0131n\u0131 kamufle eder<\/th><th style=\"padding:11px;text-align:left\">Vurgular (ka\u00e7\u0131n\u0131n)<\/th><\/tr><\/thead><tbody>\n<tr style=\"border-bottom:1px solid #e3e8ef\"><td data-label=\"\u015eakak a\u00e7\u0131lmas\u0131n\u0131 kamufle eder\" style=\"padding:11px\">K\u0131sa, dokulu kesimler (French Crop, Caesar)<\/td><td data-label=\"Vurgular (ka\u00e7\u0131n\u0131n)\" style=\"padding:11px\">Uzun, geriye j\u00f6lelenmi\u015f sa\u00e7lar<\/td><\/tr>\n<tr style=\"border-bottom:1px solid #e3e8ef;background:#f6f9fe\"><td data-label=\"\u015eakak a\u00e7\u0131lmas\u0131n\u0131 kamufle eder\" style=\"padding:11px\">\u00d6ne per\u00e7em \/ k\u00e2k\u00fcl<\/td><td data-label=\"Vurgular (ka\u00e7\u0131n\u0131n)\" style=\"padding:11px\">D\u00fcz orta ayr\u0131k<\/td><\/tr>\n<tr style=\"border-bottom:1px solid #e3e8ef\"><td data-label=\"\u015eakak a\u00e7\u0131lmas\u0131n\u0131 kamufle eder\" style=\"padding:11px\">Belirgin, bilin\u00e7li olarak k\u0131sa sa\u00e7 \u00e7izgisi<\/td><td data-label=\"Vurgular (ka\u00e7\u0131n\u0131n)\" style=\"padding:11px\">\u201eP\u00fcr\u00fczl\u00fc&#8221;, ince kenar<\/td><\/tr>\n<tr style=\"border-bottom:1px solid #e3e8ef;background:#f6f9fe\"><td data-label=\"\u015eakak a\u00e7\u0131lmas\u0131n\u0131 kamufle eder\" style=\"padding:11px\">Mat \u00fcr\u00fcnler, bak\u0131\u015f\u0131 y\u00f6nlendiren sakal<\/td><td data-label=\"Vurgular (ka\u00e7\u0131n\u0131n)\" style=\"padding:11px\">Bo\u015fluklar\u0131 g\u00f6steren parlak j\u00f6le<\/td><\/tr>\n<tr style=\"border-bottom:1px solid #e3e8ef\"><td data-label=\"\u015eakak a\u00e7\u0131lmas\u0131n\u0131 kamufle eder\" style=\"padding:11px\">Sa\u00e7 lifi (fibers), sa\u00e7 \u00e7izgisi kapat\u0131c\u0131s\u0131<\/td><td data-label=\"Vurgular (ka\u00e7\u0131n\u0131n)\" style=\"padding:11px\">Comb-over<\/td><\/tr>\n<\/tbody><\/table><\/div>\n\n\n\n<p class=\"wp-block-paragraph\">Y\u00fcz \u015fekli de rol oynar. K\u0131saca: k\u00f6\u015feli y\u00fczler bir Buzz kesimi veya Skin Fade&#8217;i \u00f6zg\u00fcvenle ta\u015f\u0131r, oval y\u00fczler dokulu bir French Crop&#8217;u, yuvarlak y\u00fczler \u00fcstte daha fazla y\u00fckseklikten yararlan\u0131r ve uzun y\u00fczler aln\u0131 g\u00f6rsel olarak k\u0131saltan k\u0131sa per\u00e7emlerden.<\/p>\n\n\n\n<div><table class=\"rt-table\" style=\"min-width:480px;width:100%;border-collapse:collapse;font-size:15px;margin:8px 0 6px\"><thead><tr style=\"background:#0079F1;color:#fff\"><th style=\"padding:11px;text-align:left\">Y\u00fcz \u015fekli<\/th><th style=\"padding:11px;text-align:left\">\u00d6nerilen kesim<\/th><\/tr><\/thead><tbody>\n<tr style=\"border-bottom:1px solid #e3e8ef\"><td data-label=\"Y\u00fcz \u015fekli\" style=\"padding:11px;font-weight:600\">K\u00f6\u015feli \/ belirgin<\/td><td data-label=\"\u00d6nerilen kesim\" style=\"padding:11px\">Buzz kesimi \/ Skin Fade<\/td><\/tr>\n<tr style=\"border-bottom:1px solid #e3e8ef;background:#f6f9fe\"><td data-label=\"Y\u00fcz \u015fekli\" style=\"padding:11px;font-weight:600\">Oval<\/td><td data-label=\"\u00d6nerilen kesim\" style=\"padding:11px\">\u00dcstte dokulu French Crop<\/td><\/tr>\n<tr style=\"border-bottom:1px solid #e3e8ef\"><td data-label=\"Y\u00fcz \u015fekli\" style=\"padding:11px;font-weight:600\">Yuvarlak<\/td><td data-label=\"\u00d6nerilen kesim\" style=\"padding:11px\">\u00dcstte daha fazla y\u00fckseklik ve hacim, k\u0131sa yanlar<\/td><\/tr>\n<tr style=\"border-bottom:1px solid #e3e8ef;background:#f6f9fe\"><td data-label=\"Y\u00fcz \u015fekli\" style=\"padding:11px;font-weight:600\">Uzun<\/td><td data-label=\"\u00d6nerilen kesim\" style=\"padding:11px\">Daha k\u0131sa per\u00e7emler, aln\u0131 g\u00f6rsel olarak k\u0131saltmak<\/td><\/tr>\n<\/tbody><\/table><\/div>\n\n\n\n<p class=\"wp-block-paragraph\">Ve pek \u00e7ok ki\u015finin akl\u0131n\u0131 me\u015fgul eden soru: Sa\u00e7\u0131 iyice k\u0131sa kestirmeli mi? \u00c7ok k\u0131sa bir t\u0131ra\u015f veya bir Skin Fade, yo\u011fun ve seyrek b\u00f6lge aras\u0131nda art\u0131k bir kontrast g\u00f6r\u00fcnmedi\u011finden k\u00f6\u015feleri g\u00f6rsel olarak neredeyse kaybettirir. Bu me\u015fru, an\u0131nda uygulanabilir ve \u00f6zg\u00fcvenli bir tercihtir, bir pes edi\u015f de\u011fildir. Kad\u0131nlar i\u00e7in orta ayr\u0131k yerine yan ayr\u0131k ve sa\u00e7 renginde sa\u00e7 \u00e7izgisi pudras\u0131 yard\u0131mc\u0131 olur.<\/p>\n\n\n\n<h2 id=\"keine-geheimratsecken\" class=\"wp-block-heading\">Ne zaman klasik \u015fakak a\u00e7\u0131lmas\u0131 DE\u011e\u0130LD\u0130R?<\/h2>\n\n\n\n<p class=\"wp-block-paragraph\">Her geri \u00e7ekilen sa\u00e7 \u00e7izgisi genetik yatk\u0131nl\u0131\u011fa ba\u011fl\u0131 de\u011fildir. Olgun sa\u00e7 \u00e7izgisi, diff\u00fcz (telojen) sa\u00e7 d\u00f6k\u00fclmesi, traksiyon alopesisi ve skar b\u0131rakan bi\u00e7imler androgenetik resesyona benzer g\u00f6r\u00fcn\u00fcr, ancak farkl\u0131 bir de\u011ferlendirme ve tedavi gerektirir. Bu ayr\u0131m, te\u015fhisin her tedaviden \u00f6nce gelmesinin nedenidir.<\/p>\n\n\n\n<p class=\"wp-block-paragraph\"><strong>Telojen effluvium<\/strong>&#8216;da sa\u00e7, \u015fakaklarda kama bi\u00e7iminde de\u011fil, t\u00fcm sa\u00e7l\u0131 deriye e\u015fit bi\u00e7imde d\u00f6k\u00fcl\u00fcr. Tetikleyiciler \u00e7o\u011funlukla demir eksikli\u011fi, tiroid bozukluklar\u0131 veya yo\u011fun strestir. <strong>Traksiyon alopesisi<\/strong> kal\u0131c\u0131 \u00e7ekmeyle (s\u0131k\u0131 \u00f6rg\u00fcler, topuzlar, extension&#8217;lar) olu\u015fur ve erken evrede, y\u00fck sona erdi\u011finde geri d\u00f6nd\u00fcr\u00fclebilir (American Academy of Dermatology). <strong>Alopesi areata (sa\u00e7k\u0131ran)<\/strong> yuvarlak, keskin s\u0131n\u0131rl\u0131 kel b\u00f6lgeler g\u00f6sterir ve otoimm\u00fcn k\u00f6kenlidir.<\/p>\n\n\n\n<div style=\"background:#fff6f4;border:1px solid #f3c7bd;border-left:5px solid #d9502e;border-radius:10px;padding:20px 22px;margin:14px 0 8px\">\n<p style=\"margin:0 0 12px;font-size:16px;font-weight:700;color:#013366\">K\u0131rm\u0131z\u0131 bayraklar: Ne zaman doktora gitmelisiniz<\/p>\n<ul style=\"margin:0;padding-left:20px;color:#2e3033;font-size:15px;line-height:1.7\">\n<li>\u00c7ok h\u0131zl\u0131, ani sa\u00e7 kayb\u0131<\/li>\n<li>Kama bi\u00e7imli k\u00f6\u015feler yerine yuvarlak, odaksal kel b\u00f6lgeler<\/li>\n<li>Ka\u015f\u0131nt\u0131, k\u0131zar\u0131kl\u0131k, pullanma veya parlak-skarl\u0131 sa\u00e7l\u0131 deri<\/li>\n<li>Belirgin \u015fekilde geri \u00e7ekilen \u015fakaklara sahip bir kad\u0131n (normal bir ayr\u0131k paterni de\u011fil)<\/li>\n<li>Ka\u015flar\u0131n kayb\u0131 (\u00f6zellikle kad\u0131nlarda, FFA&#8217;ya i\u015faret)<\/li>\n<li>Sa\u00e7 d\u00f6k\u00fclmesiyle birlikte yorgunluk, adet d\u00fczensizli\u011fi veya kilo de\u011fi\u015fimi<\/li>\n<\/ul>\n<p style=\"margin:12px 0 0;color:#2e3033;font-size:15px\">Bu durumlarda \u015fu ge\u00e7erlidir: Bir dermatolog veya endokrinolo\u011fa ba\u015fvurun, kendi kendinize tedavi etmeyin.<\/p>\n<\/div>\n\n\n\n<p class=\"wp-block-paragraph\">Nedeni netle\u015ftirmek i\u00e7in genel duruma, kimi zaman da laboratuvar de\u011ferlerine bakmak mant\u0131kl\u0131d\u0131r. Bir kan testinin nas\u0131l yard\u0131mc\u0131 oldu\u011funu Sa\u00e7 d\u00f6k\u00fclmesinde kan testi rehberinde okuyabilirsiniz, genel bir bak\u0131\u015f\u0131 <a href=\"https:\/\/elithair.com\/tr\/sac-dokulme-tipleri-nelerdir\/\">Sa\u00e7 d\u00f6k\u00fclmesinin nedenleri<\/a> sunar.<\/p>\n\n\n\n<h2 id=\"h-bir-sey-gorulene-kadar-ne-kadar-surer\" class=\"wp-block-heading\">Bir \u015fey g\u00f6r\u00fclene kadar ne kadar s\u00fcrer?<\/h2>\n\n\n\n<p class=\"wp-block-paragraph\">Sa\u00e7 d\u00f6ng\u00fcs\u00fc birka\u00e7 ay s\u00fcrd\u00fc\u011f\u00fcnden sab\u0131r \u015fartt\u0131r. \u0130la\u00e7larda g\u00fcvenilir bir stabilizasyon en erken yakla\u015f\u0131k 6 ay sonra, bir sa\u00e7 ekiminin nihai sonucu en erken 9 ila 12 ay sonra g\u00f6r\u00fcl\u00fcr. 4 hafta sonra vazge\u00e7en ki\u015fi \u00e7ok erken de\u011ferlendirmi\u015f olur. B\u00fcy\u00fcme evrelerine dair daha fazlas\u0131 i\u00e7in <a href=\"https:\/\/elithair.com\/tr\/sacin-buyume-dongusu-nasil-ilerler\/\">Sa\u00e7 d\u00f6ng\u00fcs\u00fc<\/a> rehberine bak\u0131n.<\/p>\n\n\n\n<div><table class=\"rt-table\" style=\"min-width:640px;width:100%;border-collapse:collapse;font-size:15px;margin:8px 0 6px\"><thead><tr style=\"background:#013366;color:#fff\"><th style=\"padding:11px;text-align:left\">Y\u00f6ntem<\/th><th style=\"padding:11px;text-align:left\">\u0130lk tepki<\/th><th style=\"padding:11px;text-align:left\">De\u011ferlendirilebilir sonu\u00e7<\/th><\/tr><\/thead><tbody>\n<tr style=\"border-bottom:1px solid #e3e8ef\"><td data-label=\"Y\u00f6ntem\" style=\"padding:11px;font-weight:600\">Minoxidil<\/td><td data-label=\"\u0130lk tepki\" style=\"padding:11px\">\u0130lk haftalarda ba\u015flang\u0131\u00e7 d\u00f6k\u00fclmesi<\/td><td data-label=\"De\u011ferlendirilebilir sonu\u00e7\" style=\"padding:11px\">yakla\u015f\u0131k 6 ay sonra<\/td><\/tr>\n<tr style=\"border-bottom:1px solid #e3e8ef;background:#f6f9fe\"><td data-label=\"Y\u00f6ntem\" style=\"padding:11px;font-weight:600\">Finasterid<\/td><td data-label=\"\u0130lk tepki\" style=\"padding:11px\">3 ila 6. aydan itibaren stabilizasyon<\/td><td data-label=\"De\u011ferlendirilebilir sonu\u00e7\" style=\"padding:11px\">6 ila 12 ay<\/td><\/tr>\n<tr style=\"border-bottom:1px solid #e3e8ef\"><td data-label=\"Y\u00f6ntem\" style=\"padding:11px;font-weight:600\">PRP<\/td><td data-label=\"\u0130lk tepki\" style=\"padding:11px\">bir seans serisi boyunca<\/td><td data-label=\"De\u011ferlendirilebilir sonu\u00e7\" style=\"padding:11px\">birka\u00e7 ay<\/td><\/tr>\n<tr style=\"border-bottom:1px solid #e3e8ef;background:#f6f9fe\"><td data-label=\"Y\u00f6ntem\" style=\"padding:11px;font-weight:600\">Sa\u00e7 ekimi<\/td><td data-label=\"\u0130lk tepki\" style=\"padding:11px\">2 ila 6. haftada olas\u0131 \u015fok d\u00f6k\u00fclme, yeni sa\u00e7 3 ila 4. aydan itibaren<\/td><td data-label=\"De\u011ferlendirilebilir sonu\u00e7\" style=\"padding:11px\">tam sonu\u00e7 12. ay, maksimum yo\u011funluk 18. ay<\/td><\/tr>\n<\/tbody><\/table><\/div>\n<p style=\"font-size:13px;color:#5a6b7b;margin:6px 0 0\"><em>S\u00fcreler S3 k\u0131lavuzuna (Kanti ve ark. 2018) ve Elithair iyile\u015fme s\u00fcrecine g\u00f6redir. Ki\u015fiden ki\u015fiye de\u011fi\u015fir.<\/em><\/p>\n\n\n\n<h2 id=\"h-sakak-acilmasi-hakkinda-sik-sorulan-sorular\" class=\"wp-block-heading\">\u015eakak a\u00e7\u0131lmas\u0131 hakk\u0131nda s\u0131k sorulan sorular<\/h2>\n\n\n\n<div>\n<div style=\"border:1px solid #e3e8ef;border-radius:10px;padding:16px;margin-bottom:12px\"><p style=\"margin:0 0 6px;color:#013366;font-weight:600;font-size:16px\">\u015eakak a\u00e7\u0131lmas\u0131 tam olarak nedir?<\/p><p style=\"margin:0;color:#2e3033;font-size:15px;line-height:1.6\">\u015eakak a\u00e7\u0131lmas\u0131, sa\u00e7 \u00e7izgisinin her iki \u015fakakta kama bi\u00e7iminde geri \u00e7ekilmesidir (tipik M \u015fekli) ve \u00e7o\u011funlukla androgenetik (genetik yatk\u0131nl\u0131\u011fa ba\u011fl\u0131) alopesinin ilk g\u00f6r\u00fcn\u00fcr i\u015faretidir.<\/p><\/div>\n<div style=\"border:1px solid #e3e8ef;border-radius:10px;padding:16px;margin-bottom:12px\"><p style=\"margin:0 0 6px;color:#013366;font-weight:600;font-size:16px\">Ne zaman normal bir sa\u00e7 \u00e7izgisi de\u011fil de \u015fakak a\u00e7\u0131lmas\u0131 olur?<\/p><p style=\"margin:0;color:#2e3033;font-size:15px;line-height:1.6\">Resesyon, normal ve stabille\u015fen \u201eolgun sa\u00e7 \u00e7izgisini&#8221; (yakla\u015f\u0131k 1 ila 2 cm) a\u015ft\u0131\u011f\u0131nda, ilerledi\u011finde ve sa\u00e7 orada inceldi\u011finde. Buna kar\u015f\u0131l\u0131k stabil ve d\u00fczenli bir olgunla\u015fma normaldir.<\/p><\/div>\n<div style=\"border:1px solid #e3e8ef;border-radius:10px;padding:16px;margin-bottom:12px\"><p style=\"margin:0 0 6px;color:#013366;font-weight:600;font-size:16px\">20 ya\u015f\u0131nda \u015fakak a\u00e7\u0131lmas\u0131, bu normal mi?<\/p><p style=\"margin:0;color:#2e3033;font-size:15px;line-height:1.6\">Ergenli\u011fin sonunda sa\u00e7 \u00e7izgisinin hafif bir olgunla\u015fmas\u0131 normaldir. Bu kadar erken g\u00f6r\u00fclen ger\u00e7ek, ilerleyen k\u00f6\u015feler ise erken ba\u015flayan AGA&#8217;ya i\u015faret eder (ilk belirtiler s\u0131kl\u0131kla daha ergenlik \u00e7a\u011f\u0131nda, Kanti ve ark. 2018) ve erken bir de\u011ferlendirme i\u00e7in iyi bir nedendir, panik i\u00e7in de\u011fil.<\/p><\/div>\n<div style=\"border:1px solid #e3e8ef;border-radius:10px;padding:16px;margin-bottom:12px\"><p style=\"margin:0 0 6px;color:#013366;font-weight:600;font-size:16px\">\u015eakak a\u00e7\u0131lmas\u0131 m\u0131 dul tepesi mi, fark nedir?<\/p><p style=\"margin:0;color:#2e3033;font-size:15px;line-height:1.6\">Dul tepesi, sa\u00e7 \u00e7izgisinde do\u011fu\u015ftan gelen, genetik olarak belirlenmi\u015f bir V \u015feklidir, do\u011fumdan beri vard\u0131r ve sa\u00e7 d\u00f6k\u00fclmesi de\u011fildir. \u015eakak a\u00e7\u0131lmas\u0131 ise ancak ya\u015fam boyunca ortaya \u00e7\u0131kar ve ilerler.<\/p><\/div>\n<div style=\"border:1px solid #e3e8ef;border-radius:10px;padding:16px;margin-bottom:12px\"><p style=\"margin:0 0 6px;color:#013366;font-weight:600;font-size:16px\">\u015eakak a\u00e7\u0131lmas\u0131 durdurulabilir veya geri d\u00f6nd\u00fcr\u00fclebilir mi, yeniden \u00e7\u0131kar m\u0131?<\/p><p style=\"margin:0;color:#2e3033;font-size:15px;line-height:1.6\">Durdurmak ve yava\u015flatmak evet, t\u0131bbi g\u00f6zetimli etken maddelerle (Finasterid, Minoxidil, kan\u0131t d\u00fczeyi 1). Zaten a\u00e7\u0131lm\u0131\u015f k\u00f6\u015felerin tedavi olmadan kendili\u011finden yeniden \u00e7\u0131kmas\u0131 pratikte s\u00f6z konusu de\u011fildir. Orada kaybolan sa\u00e7\u0131 doldurmay\u0131 g\u00fcvenilir bi\u00e7imde yaln\u0131zca bir sa\u00e7 ekimi sa\u011flayabilir.<\/p><\/div>\n<div style=\"border:1px solid #e3e8ef;border-radius:10px;padding:16px;margin-bottom:12px\"><p style=\"margin:0 0 6px;color:#013366;font-weight:600;font-size:16px\">Minoxidil \u015fakak a\u00e7\u0131lmas\u0131na yard\u0131mc\u0131 olur mu?<\/p><p style=\"margin:0;color:#2e3033;font-size:15px;line-height:1.6\">Evet, Minoxidil frontotemporal b\u00f6lge (\u015fakaklar) i\u00e7in de S3 k\u0131lavuzunda \u00f6nerilir. Sa\u00e7 \u00e7izgisinde tepeye k\u0131yasla ger\u00e7ekten daha zay\u0131f etki edip etmedi\u011fi bilimsel olarak tart\u0131\u015fmal\u0131d\u0131r ve tutarl\u0131 bi\u00e7imde kan\u0131tlanmam\u0131\u015ft\u0131r.<\/p><\/div>\n<div style=\"border:1px solid #e3e8ef;border-radius:10px;padding:16px;margin-bottom:12px\"><p style=\"margin:0 0 6px;color:#013366;font-weight:600;font-size:16px\">Mikroi\u011fneleme veya bir dermaroller yard\u0131mc\u0131 olur mu?<\/p><p style=\"margin:0;color:#2e3033;font-size:15px;line-height:1.6\">Tek ba\u015f\u0131na kan\u0131tlanm\u0131\u015f bir etki yoktur. Ancak Minoxidil ile kombinasyonda daha yeni meta-analizler (Archives of Dermatological Research 2025) tek ba\u015f\u0131na Minoxidil&#8217;e k\u0131yasla anlaml\u0131 bir iyile\u015fme g\u00f6sterir.<\/p><\/div>\n<div style=\"border:1px solid #e3e8ef;border-radius:10px;padding:16px;margin-bottom:12px\"><p style=\"margin:0 0 6px;color:#013366;font-weight:600;font-size:16px\">Kad\u0131nlar da \u015fakak a\u00e7\u0131lmas\u0131 ya\u015far m\u0131?<\/p><p style=\"margin:0;color:#2e3033;font-size:15px;line-height:1.6\">Klasik M bi\u00e7iminde nadiren. Daha s\u0131k g\u00f6r\u00fclen diff\u00fcz bir tepe seyrelmesidir (Ludwig paterni). Bir kad\u0131nda ger\u00e7ek bir \u015fakak resesyonu bir uyar\u0131 i\u015faretidir ve dermatolojik olarak de\u011ferlendirilmelidir.<\/p><\/div>\n<div style=\"border:1px solid #e3e8ef;border-radius:10px;padding:16px;margin-bottom:12px\"><p style=\"margin:0 0 6px;color:#013366;font-weight:600;font-size:16px\">\u015eakak a\u00e7\u0131lmas\u0131n\u0131 en iyi hangi sa\u00e7 modeli kamufle eder?<\/p><p style=\"margin:0;color:#2e3033;font-size:15px;line-height:1.6\">\u00d6ne do\u011fru \u00fcst sa\u00e7l\u0131 k\u0131sa, dokulu kesimler (French Crop, Caesar kesimi). Uzun, d\u00fczce geriye taranm\u0131\u015f sa\u00e7lardan, orta ayr\u0131ktan ve comb-over&#8217;dan ka\u00e7\u0131nmal\u0131s\u0131n\u0131z.<\/p><\/div>\n<div style=\"border:1px solid #e3e8ef;border-radius:10px;padding:16px;margin-bottom:12px\"><p style=\"margin:0 0 6px;color:#013366;font-weight:600;font-size:16px\">\u015eakak a\u00e7\u0131lmas\u0131 y\u00fcz\u00fcnden sa\u00e7\u0131m\u0131 iyice k\u0131sa kestirmeli miyim?<\/p><p style=\"margin:0;color:#2e3033;font-size:15px;line-height:1.6\">\u00c7ok k\u0131sa bir t\u0131ra\u015f veya bir Skin Fade, yo\u011fun ve seyrek b\u00f6lge aras\u0131ndaki kontrast kayboldu\u011fu i\u00e7in me\u015fru, an\u0131nda uygulanabilir ve \u00f6zg\u00fcvenli bir se\u00e7enektir. Bu bir pes edi\u015f de\u011fildir.<\/p><\/div>\n<div style=\"border:1px solid #e3e8ef;border-radius:10px;padding:16px;margin-bottom:12px\"><p style=\"margin:0 0 6px;color:#013366;font-weight:600;font-size:16px\">\u015eakak a\u00e7\u0131lmas\u0131 kelli\u011fin i\u015fareti midir?<\/p><p style=\"margin:0;color:#2e3033;font-size:15px;line-height:1.6\">Zorunlu olarak de\u011fil, ama ilerleyen bir androgenetik alopesinin erken bir g\u00f6stergesidir. Ne kadar ilerleyece\u011fini her \u015feyden \u00e7ok genetik yatk\u0131nl\u0131k belirler.<\/p><\/div>\n<div style=\"border:1px solid #e3e8ef;border-radius:10px;padding:16px;margin-bottom:12px\"><p style=\"margin:0 0 6px;color:#013366;font-weight:600;font-size:16px\">\u015eakak a\u00e7\u0131lmas\u0131 hangi ya\u015fta olur?<\/p><p style=\"margin:0;color:#2e3033;font-size:15px;line-height:1.6\">\u0130lk belirtiler s\u0131kl\u0131kla daha ergenlik \u00e7a\u011f\u0131nda. Yayg\u0131nl\u0131k ya\u015fla birlikte 70 ya\u015f\u0131ndaki erkeklerin %80&#8217;ine kadar artar (Kanti ve ark. 2018).<\/p><\/div>\n<div style=\"border:1px solid #e3e8ef;border-radius:10px;padding:16px;margin-bottom:12px\"><p style=\"margin:0 0 6px;color:#013366;font-weight:600;font-size:16px\">\u015eakak a\u00e7\u0131lmas\u0131nda bir sa\u00e7 ekimi ne kadar tutar?<\/p><p style=\"margin:0;color:#2e3033;font-size:15px;line-height:1.6\">Norwood evresine g\u00f6re ihtiya\u00e7 kabaca 1.000 ila 4.000 greft aras\u0131ndad\u0131r, Elithair sabit fiyat aral\u0131\u011f\u0131 ise yakla\u015f\u0131k 3.300 ila 3.700 EUR. Kesin say\u0131y\u0131 ancak sa\u00e7 analizi belirler.<\/p><\/div>\n<div style=\"border:1px solid #e3e8ef;border-radius:10px;padding:16px;margin-bottom:0\"><p style=\"margin:0 0 6px;color:#013366;font-weight:600;font-size:16px\">Biberiye ya\u011f\u0131 veya kafein \u015fampuan\u0131 gibi do\u011fal y\u00f6ntemler yard\u0131mc\u0131 olur mu?<\/p><p style=\"margin:0;color:#2e3033;font-size:15px;line-height:1.6\">Biberiye ya\u011f\u0131 k\u00fc\u00e7\u00fck bir \u00e7al\u0131\u015fmada Minoxidil %2 ile kar\u015f\u0131la\u015ft\u0131r\u0131labilir bir sonu\u00e7 g\u00f6sterdi, kafein ise \u015fimdiye dek yaln\u0131zca h\u00fccre k\u00fclt\u00fcr\u00fc \u00e7al\u0131\u015fmalar\u0131nda. Hi\u00e7biri ilerlemi\u015f bir resesyonu kan\u0131tlanm\u0131\u015f bi\u00e7imde geri \u00e7evirmez.<\/p><\/div>\n<\/div>\n\n\n\n<h2 id=\"h-kaynaklar\" class=\"wp-block-heading\">Kaynaklar<\/h2>\n\n\n\n<div style=\"font-size:14px;color:#2e3033;line-height:1.7\">\n<ul style=\"margin:0;padding-left:20px\">\n<li>Kanti V, Messenger A, Dobos G et al. (2018): Evidence-based (S3) guideline for the treatment of androgenetic alopecia in women and in men. <em>J Eur Acad Dermatol Venereol<\/em> 32:11-22. <a href=\"https:\/\/onlinelibrary.wiley.com\/doi\/abs\/10.1111\/jdv.14624\" target=\"_blank\" rel=\"noopener\">Ba\u011flant\u0131<\/a><\/li>\n<li>Nyholt DR et al. (2003): Genetic basis of male pattern baldness. <em>J Invest Dermatol<\/em> 121(6):1561-1564. <a href=\"https:\/\/www.jidonline.org\/article\/S0022-202X(15)30544-3\/pdf\" target=\"_blank\" rel=\"noopener\">Ba\u011flant\u0131<\/a><\/li>\n<li>Sawaya ME, Price VH (1997): Different levels of 5alpha-reductase type I and II, aromatase, and androgen receptor in hair follicles of women and men with androgenetic alopecia. <em>J Invest Dermatol<\/em>. <a href=\"https:\/\/pubmed.ncbi.nlm.nih.gov\/9284093\/\" target=\"_blank\" rel=\"noopener\">Ba\u011flant\u0131<\/a><\/li>\n<li>Panahi Y et al. (2015): Rosemary oil vs minoxidil 2% for the treatment of androgenetic alopecia. <em>Skinmed<\/em> 13(1):15-21. <a href=\"https:\/\/pubmed.ncbi.nlm.nih.gov\/25842469\/\" target=\"_blank\" rel=\"noopener\">Ba\u011flant\u0131<\/a><\/li>\n<li>Carmina E et al. (2019): Female Pattern Hair Loss and Androgen Excess (AE-PCOS Committee). <em>J Clin Endocrinol Metab<\/em> 104(7):2875-2891. <a href=\"https:\/\/academic.oup.com\/jcem\/article\/104\/7\/2875\/5342938\" target=\"_blank\" rel=\"noopener\">Ba\u011flant\u0131<\/a><\/li>\n<li>Systematic Review and Meta-Analysis Microneedling + Minoxidil (2025), <em>Archives of Dermatological Research<\/em>. <a href=\"https:\/\/link.springer.com\/article\/10.1007\/s00403-025-04032-1\" target=\"_blank\" rel=\"noopener\">Ba\u011flant\u0131<\/a><\/li>\n<li>American Academy of Dermatology (AAD): Frontal fibrosing alopecia. <a href=\"https:\/\/www.aad.org\/public\/diseases\/hair-loss\/types\/frontal-fibrosing-alopecia\" target=\"_blank\" rel=\"noopener\">Ba\u011flant\u0131<\/a><\/li>\n<li>ASPCA: Minoxidil and Pets, What You Need to Know. <a href=\"https:\/\/www.aspca.org\/news\/minoxidil-and-pets-what-you-need-know\" target=\"_blank\" rel=\"noopener\">Ba\u011flant\u0131<\/a><\/li>\n<li>Gesellschaft f\u00fcr deutsche Sprache (GfdS): Woher kommt das Wort Geheimrat. <a href=\"https:\/\/gfds.de\/woher-kommt-das-wort-geheimrat\/\" target=\"_blank\" rel=\"noopener\">Ba\u011flant\u0131<\/a><\/li>\n<\/ul>\n<p style=\"margin:14px 0 0;font-size:13px;color:#5a6b7b\"><em>Bu makale bilgilendirme ama\u00e7l\u0131d\u0131r ve t\u0131bbi bir dan\u0131\u015fmanl\u0131k, te\u015fhis veya tedavinin yerini tutmaz. Re\u00e7eteye tabi etken maddeler ve cerrahi m\u00fcdahaleler bireysel bir t\u0131bbi de\u011ferlendirme gerektirir. 2026 itibar\u0131yla.<\/em><\/p>\n<\/div>\n\n\n\n{&#8220;@context&#8221;:&#8221;https:\/\/schema.org&#8221;,&#8221;@type&#8221;:&#8221;FAQPage&#8221;,&#8221;mainEntity&#8221;:[\n{&#8220;@type&#8221;:&#8221;Question&#8221;,&#8221;name&#8221;:&#8221;\u015eakak a\u00e7\u0131lmas\u0131 tam olarak nedir?&#8221;,&#8221;acceptedAnswer&#8221;:{&#8220;@type&#8221;:&#8221;Answer&#8221;,&#8221;text&#8221;:&#8221;\u015eakak a\u00e7\u0131lmas\u0131, sa\u00e7 \u00e7izgisinin her iki \u015fakakta kama bi\u00e7iminde geri \u00e7ekilmesidir (tipik M \u015fekli) ve \u00e7o\u011funlukla androgenetik (genetik yatk\u0131nl\u0131\u011fa ba\u011fl\u0131) alopesinin ilk g\u00f6r\u00fcn\u00fcr i\u015faretidir.&#8221;}},\n{&#8220;@type&#8221;:&#8221;Question&#8221;,&#8221;name&#8221;:&#8221;Ne zaman normal bir sa\u00e7 \u00e7izgisi de\u011fil de \u015fakak a\u00e7\u0131lmas\u0131 olur?&#8221;,&#8221;acceptedAnswer&#8221;:{&#8220;@type&#8221;:&#8221;Answer&#8221;,&#8221;text&#8221;:&#8221;Resesyon, normal ve stabille\u015fen olgun sa\u00e7 \u00e7izgisini (yakla\u015f\u0131k 1 ila 2 cm) a\u015ft\u0131\u011f\u0131nda, ilerledi\u011finde ve sa\u00e7 orada inceldi\u011finde. Buna kar\u015f\u0131l\u0131k stabil ve d\u00fczenli bir olgunla\u015fma normaldir.&#8221;}},\n{&#8220;@type&#8221;:&#8221;Question&#8221;,&#8221;name&#8221;:&#8221;20 ya\u015f\u0131nda \u015fakak a\u00e7\u0131lmas\u0131, bu normal mi?&#8221;,&#8221;acceptedAnswer&#8221;:{&#8220;@type&#8221;:&#8221;Answer&#8221;,&#8221;text&#8221;:&#8221;Ergenli\u011fin sonunda sa\u00e7 \u00e7izgisinin hafif bir olgunla\u015fmas\u0131 normaldir. Bu kadar erken g\u00f6r\u00fclen ger\u00e7ek, ilerleyen k\u00f6\u015feler ise erken ba\u015flayan AGA&#8217;ya i\u015faret eder ve erken bir de\u011ferlendirme i\u00e7in iyi bir nedendir, panik i\u00e7in de\u011fil.&#8221;}},\n{&#8220;@type&#8221;:&#8221;Question&#8221;,&#8221;name&#8221;:&#8221;\u015eakak a\u00e7\u0131lmas\u0131 m\u0131 dul tepesi mi, fark nedir?&#8221;,&#8221;acceptedAnswer&#8221;:{&#8220;@type&#8221;:&#8221;Answer&#8221;,&#8221;text&#8221;:&#8221;Dul tepesi, sa\u00e7 \u00e7izgisinde do\u011fu\u015ftan gelen, genetik olarak belirlenmi\u015f bir V \u015feklidir, do\u011fumdan beri vard\u0131r ve sa\u00e7 d\u00f6k\u00fclmesi de\u011fildir. \u015eakak a\u00e7\u0131lmas\u0131 ise ancak ya\u015fam boyunca ortaya \u00e7\u0131kar ve ilerler.&#8221;}},\n{&#8220;@type&#8221;:&#8221;Question&#8221;,&#8221;name&#8221;:&#8221;\u015eakak a\u00e7\u0131lmas\u0131 durdurulabilir veya geri d\u00f6nd\u00fcr\u00fclebilir mi, yeniden \u00e7\u0131kar m\u0131?&#8221;,&#8221;acceptedAnswer&#8221;:{&#8220;@type&#8221;:&#8221;Answer&#8221;,&#8221;text&#8221;:&#8221;Durdurmak ve yava\u015flatmak evet, t\u0131bbi g\u00f6zetimli etken maddelerle (Finasterid, Minoxidil, kan\u0131t d\u00fczeyi 1). Zaten a\u00e7\u0131lm\u0131\u015f k\u00f6\u015felerin tedavi olmadan kendili\u011finden yeniden \u00e7\u0131kmas\u0131 pratikte s\u00f6z konusu de\u011fildir. Orada kaybolan sa\u00e7\u0131 doldurmay\u0131 g\u00fcvenilir bi\u00e7imde yaln\u0131zca bir sa\u00e7 ekimi sa\u011flayabilir.&#8221;}},\n{&#8220;@type&#8221;:&#8221;Question&#8221;,&#8221;name&#8221;:&#8221;Minoxidil \u015fakak a\u00e7\u0131lmas\u0131na yard\u0131mc\u0131 olur mu?&#8221;,&#8221;acceptedAnswer&#8221;:{&#8220;@type&#8221;:&#8221;Answer&#8221;,&#8221;text&#8221;:&#8221;Evet, Minoxidil frontotemporal b\u00f6lge (\u015fakaklar) i\u00e7in de S3 k\u0131lavuzunda \u00f6nerilir. Sa\u00e7 \u00e7izgisinde tepeye k\u0131yasla ger\u00e7ekten daha zay\u0131f etki edip etmedi\u011fi bilimsel olarak tart\u0131\u015fmal\u0131d\u0131r ve tutarl\u0131 bi\u00e7imde kan\u0131tlanmam\u0131\u015ft\u0131r.&#8221;}},\n{&#8220;@type&#8221;:&#8221;Question&#8221;,&#8221;name&#8221;:&#8221;Mikroi\u011fneleme veya bir dermaroller yard\u0131mc\u0131 olur mu?&#8221;,&#8221;acceptedAnswer&#8221;:{&#8220;@type&#8221;:&#8221;Answer&#8221;,&#8221;text&#8221;:&#8221;Tek ba\u015f\u0131na kan\u0131tlanm\u0131\u015f bir etki yoktur. Ancak Minoxidil ile kombinasyonda daha yeni meta-analizler tek ba\u015f\u0131na Minoxidil&#8217;e k\u0131yasla anlaml\u0131 bir iyile\u015fme g\u00f6sterir.&#8221;}},\n{&#8220;@type&#8221;:&#8221;Question&#8221;,&#8221;name&#8221;:&#8221;Kad\u0131nlar da \u015fakak a\u00e7\u0131lmas\u0131 ya\u015far m\u0131?&#8221;,&#8221;acceptedAnswer&#8221;:{&#8220;@type&#8221;:&#8221;Answer&#8221;,&#8221;text&#8221;:&#8221;Klasik M bi\u00e7iminde nadiren. Daha s\u0131k g\u00f6r\u00fclen diff\u00fcz bir tepe seyrelmesidir (Ludwig paterni). Bir kad\u0131nda ger\u00e7ek bir \u015fakak resesyonu bir uyar\u0131 i\u015faretidir ve dermatolojik olarak de\u011ferlendirilmelidir.&#8221;}},\n{&#8220;@type&#8221;:&#8221;Question&#8221;,&#8221;name&#8221;:&#8221;\u015eakak a\u00e7\u0131lmas\u0131n\u0131 en iyi hangi sa\u00e7 modeli kamufle eder?&#8221;,&#8221;acceptedAnswer&#8221;:{&#8220;@type&#8221;:&#8221;Answer&#8221;,&#8221;text&#8221;:&#8221;\u00d6ne do\u011fru \u00fcst sa\u00e7l\u0131 k\u0131sa, dokulu kesimler (French Crop, Caesar kesimi). Uzun, d\u00fczce geriye taranm\u0131\u015f sa\u00e7lardan, orta ayr\u0131ktan ve comb-over&#8217;dan ka\u00e7\u0131nmal\u0131s\u0131n\u0131z.&#8221;}},\n{&#8220;@type&#8221;:&#8221;Question&#8221;,&#8221;name&#8221;:&#8221;\u015eakak a\u00e7\u0131lmas\u0131 y\u00fcz\u00fcnden sa\u00e7\u0131m\u0131 iyice k\u0131sa kestirmeli miyim?&#8221;,&#8221;acceptedAnswer&#8221;:{&#8220;@type&#8221;:&#8221;Answer&#8221;,&#8221;text&#8221;:&#8221;\u00c7ok k\u0131sa bir t\u0131ra\u015f veya bir Skin Fade, yo\u011fun ve seyrek b\u00f6lge aras\u0131ndaki kontrast kayboldu\u011fu i\u00e7in me\u015fru, an\u0131nda uygulanabilir ve \u00f6zg\u00fcvenli bir se\u00e7enektir. Bu bir pes edi\u015f de\u011fildir.&#8221;}},\n{&#8220;@type&#8221;:&#8221;Question&#8221;,&#8221;name&#8221;:&#8221;\u015eakak a\u00e7\u0131lmas\u0131 kelli\u011fin i\u015fareti midir?&#8221;,&#8221;acceptedAnswer&#8221;:{&#8220;@type&#8221;:&#8221;Answer&#8221;,&#8221;text&#8221;:&#8221;Zorunlu olarak de\u011fil, ama ilerleyen bir androgenetik alopesinin erken bir g\u00f6stergesidir. Ne kadar ilerleyece\u011fini her \u015feyden \u00e7ok genetik yatk\u0131nl\u0131k belirler.&#8221;}},\n{&#8220;@type&#8221;:&#8221;Question&#8221;,&#8221;name&#8221;:&#8221;\u015eakak a\u00e7\u0131lmas\u0131 hangi ya\u015fta olur?&#8221;,&#8221;acceptedAnswer&#8221;:{&#8220;@type&#8221;:&#8221;Answer&#8221;,&#8221;text&#8221;:&#8221;\u0130lk belirtiler s\u0131kl\u0131kla daha ergenlik \u00e7a\u011f\u0131nda. Yayg\u0131nl\u0131k ya\u015fla birlikte 70 ya\u015f\u0131ndaki erkeklerin y\u00fczde 80&#8217;ine kadar artar.&#8221;}},\n{&#8220;@type&#8221;:&#8221;Question&#8221;,&#8221;name&#8221;:&#8221;Biberiye ya\u011f\u0131 veya kafein \u015fampuan\u0131 gibi do\u011fal y\u00f6ntemler yard\u0131mc\u0131 olur mu?&#8221;,&#8221;acceptedAnswer&#8221;:{&#8220;@type&#8221;:&#8221;Answer&#8221;,&#8221;text&#8221;:&#8221;Biberiye ya\u011f\u0131 k\u00fc\u00e7\u00fck bir \u00e7al\u0131\u015fmada Minoxidil y\u00fczde 2 ile kar\u015f\u0131la\u015ft\u0131r\u0131labilir bir sonu\u00e7 g\u00f6sterdi, kafein ise \u015fimdiye dek yaln\u0131zca h\u00fccre k\u00fclt\u00fcr\u00fc \u00e7al\u0131\u015fmalar\u0131nda. Hi\u00e7biri ilerlemi\u015f bir resesyonu kan\u0131tlanm\u0131\u015f bi\u00e7imde geri \u00e7evirmez.&#8221;}}\n]}\n","protected":false},"excerpt":{"rendered":"<p>Sa\u00e7 \u00e7izgisi \u015fakaklardan geriye \u00e7ekilir, al\u0131n daha y\u00fcksek g\u00f6r\u00fcn\u00fcr, tipik M \u015fekli belirginle\u015fir: \u015fakak a\u00e7\u0131lmas\u0131 (sa\u00e7 \u00e7izgisinin geriye \u00e7ekilmesi) \u00e7o\u011fu erkek i\u00e7in genetik yatk\u0131nl\u0131\u011fa ba\u011fl\u0131 sa\u00e7 d\u00f6k\u00fclmesinin ilk g\u00f6r\u00fcn\u00fcr i\u015faretidir. Bu rehber \u015fakak a\u00e7\u0131lmas\u0131n\u0131n neden kaynakland\u0131\u011f\u0131n\u0131, onu ger\u00e7ekte neyin durdurdu\u011funu, nas\u0131l kamufle edebilece\u011finizi ve ne zaman bir tedavinin mant\u0131kl\u0131 oldu\u011funu a\u00e7\u0131kl\u0131yor. 2026 itibar\u0131yla. K\u0131saca: \u015eakak [&hellip;]<\/p>\n","protected":false},"author":10,"featured_media":83004,"comment_status":"open","ping_status":"open","sticky":false,"template":"","format":"standard","meta":{"_acf_changed":false,"_yoast_wpseo_meta-robots-noindex":"","_yoast_wpseo_meta-robots-nofollow":"","_yoast_wpseo_meta-robots-adv":"","_yoast_wpseo_canonical":"https:\/\/elithair.com\/tr\/sac-cizgisi-gerilemesi\/","_yoast_wpseo_opengraph-title":"","_yoast_wpseo_opengraph-description":"","_yoast_wpseo_opengraph-image":"","_yoast_wpseo_twitter-title":"","_yoast_wpseo_twitter-description":"","_yoast_wpseo_twitter-image":"","_hm_hreflang_map":{"de":50823,"en":96703,"es":91696,"fr":101056,"it":107483,"pt":89544,"tr":83005,"uk":96004,"x_default":96703},"_hm_language_code":"tr","footnotes":""},"categories":[3],"tags":[],"class_list":["post-83005","post","type-post","status-publish","format-standard","has-post-thumbnail","hentry","category-sac-ekimi-blog"],"acf":[],"yoast_head":"<!-- This site is optimized with the Yoast SEO Premium plugin v28.4 (Yoast SEO v28.4) - https:\/\/yoast.com\/product\/yoast-seo-premium-wordpress\/ -->\n<title>\u015eakak a\u00e7\u0131lmas\u0131: nedenleri, durdurmak, kamufle etmek ve tedavi (erkek &amp; kad\u0131n) | Elithair<\/title>\n<meta name=\"description\" content=\"\u015eakak a\u00e7\u0131lmas\u0131: ne anlama gelir, durdurulabilir mi, hangi sa\u00e7 modeli kamufle eder ve ne zaman tedavi mant\u0131kl\u0131. S3 k\u0131lavuzundan ger\u00e7ekler, 2026 itibar\u0131yla.\" \/>\n<meta name=\"robots\" content=\"index, follow, max-snippet:-1, max-image-preview:large, max-video-preview:-1\" \/>\n<link rel=\"canonical\" href=\"https:\/\/elithair.com\/tr\/sac-cizgisi-gerilemesi\/\" \/>\n<meta property=\"og:locale\" content=\"tr_TR\" \/>\n<meta property=\"og:type\" content=\"article\" \/>\n<meta property=\"og:title\" content=\"\u015eakak a\u00e7\u0131lmas\u0131: nedenleri, durdurmak, kamufle etmek ve tedavi\" \/>\n<meta property=\"og:description\" content=\"\u015eakak a\u00e7\u0131lmas\u0131: ne anlama gelir, durdurulabilir mi, hangi sa\u00e7 modeli kamufle eder ve ne zaman tedavi mant\u0131kl\u0131. S3 k\u0131lavuzundan ger\u00e7ekler, 2026 itibar\u0131yla.\" \/>\n<meta property=\"og:url\" content=\"https:\/\/elithair.com\/tr\/sac-cizgisi-gerilemesi\/\" \/>\n<meta property=\"og:site_name\" content=\"Elithair\" \/>\n<meta property=\"article:published_time\" content=\"2026-07-10T04:06:27+00:00\" \/>\n<meta property=\"article:modified_time\" content=\"2026-08-26T18:22:14+00:00\" \/>\n<meta property=\"og:image\" content=\"https:\/\/elithair.com\/tr\/wp-content\/uploads\/sites\/10\/2026\/07\/hero-2.png\" \/>\n\t<meta property=\"og:image:width\" content=\"1536\" \/>\n\t<meta property=\"og:image:height\" content=\"1024\" \/>\n\t<meta property=\"og:image:type\" content=\"image\/png\" \/>\n<meta name=\"author\" content=\"Dr. Imad Moustafa\" \/>\n<meta name=\"twitter:card\" content=\"summary_large_image\" \/>\n<meta name=\"twitter:label1\" content=\"Yazan:\" \/>\n\t<meta name=\"twitter:data1\" content=\"Dr. Imad Moustafa\" \/>\n\t<meta name=\"twitter:label2\" content=\"Tahmini okuma s\u00fcresi\" \/>\n\t<meta name=\"twitter:data2\" content=\"31 dakika\" \/>\n<script type=\"application\/ld+json\" class=\"yoast-schema-graph\">{\"@context\":\"https:\\\/\\\/schema.org\",\"@graph\":[{\"@type\":\"Article\",\"@id\":\"https:\\\/\\\/elithair.com\\\/tr\\\/sac-cizgisi-gerilemesi\\\/#article\",\"isPartOf\":{\"@id\":\"https:\\\/\\\/elithair.com\\\/tr\\\/sac-cizgisi-gerilemesi\\\/\"},\"author\":{\"name\":\"Dr. Imad Moustafa\",\"@id\":\"https:\\\/\\\/elithair.com\\\/tr\\\/#\\\/schema\\\/person\\\/11ce37e83a6343e4c37edcd4b5498e41\"},\"headline\":\"\u015eakak a\u00e7\u0131lmas\u0131: nedenleri, durdurmak, kamufle etmek ve tedavi\",\"datePublished\":\"2026-07-10T04:06:27+00:00\",\"dateModified\":\"2026-08-26T18:22:14+00:00\",\"mainEntityOfPage\":{\"@id\":\"https:\\\/\\\/elithair.com\\\/tr\\\/sac-cizgisi-gerilemesi\\\/\"},\"wordCount\":6269,\"commentCount\":0,\"image\":{\"@id\":\"https:\\\/\\\/elithair.com\\\/tr\\\/sac-cizgisi-gerilemesi\\\/#primaryimage\"},\"thumbnailUrl\":\"https:\\\/\\\/elithair.com\\\/tr\\\/wp-content\\\/uploads\\\/sites\\\/10\\\/2026\\\/07\\\/hero-2.png\",\"articleSection\":[\"Sa\u00e7 Ekimi\"],\"inLanguage\":\"tr\",\"potentialAction\":[{\"@type\":\"CommentAction\",\"name\":\"Comment\",\"target\":[\"https:\\\/\\\/elithair.com\\\/tr\\\/sac-cizgisi-gerilemesi\\\/#respond\"]}]},{\"@type\":\"WebPage\",\"@id\":\"https:\\\/\\\/elithair.com\\\/tr\\\/sac-cizgisi-gerilemesi\\\/\",\"url\":\"https:\\\/\\\/elithair.com\\\/tr\\\/sac-cizgisi-gerilemesi\\\/\",\"name\":\"\u015eakak a\u00e7\u0131lmas\u0131: nedenleri, durdurmak, kamufle etmek ve tedavi (erkek & kad\u0131n) | Elithair\",\"isPartOf\":{\"@id\":\"https:\\\/\\\/elithair.com\\\/tr\\\/#website\"},\"primaryImageOfPage\":{\"@id\":\"https:\\\/\\\/elithair.com\\\/tr\\\/sac-cizgisi-gerilemesi\\\/#primaryimage\"},\"image\":{\"@id\":\"https:\\\/\\\/elithair.com\\\/tr\\\/sac-cizgisi-gerilemesi\\\/#primaryimage\"},\"thumbnailUrl\":\"https:\\\/\\\/elithair.com\\\/tr\\\/wp-content\\\/uploads\\\/sites\\\/10\\\/2026\\\/07\\\/hero-2.png\",\"datePublished\":\"2026-07-10T04:06:27+00:00\",\"dateModified\":\"2026-08-26T18:22:14+00:00\",\"author\":{\"@id\":\"https:\\\/\\\/elithair.com\\\/tr\\\/#\\\/schema\\\/person\\\/11ce37e83a6343e4c37edcd4b5498e41\"},\"description\":\"\u015eakak a\u00e7\u0131lmas\u0131: ne anlama gelir, durdurulabilir mi, hangi sa\u00e7 modeli kamufle eder ve ne zaman tedavi mant\u0131kl\u0131. S3 k\u0131lavuzundan ger\u00e7ekler, 2026 itibar\u0131yla.\",\"breadcrumb\":{\"@id\":\"https:\\\/\\\/elithair.com\\\/tr\\\/sac-cizgisi-gerilemesi\\\/#breadcrumb\"},\"inLanguage\":\"tr\",\"potentialAction\":[{\"@type\":\"ReadAction\",\"target\":[\"https:\\\/\\\/elithair.com\\\/tr\\\/sac-cizgisi-gerilemesi\\\/\"]}]},{\"@type\":\"ImageObject\",\"inLanguage\":\"tr\",\"@id\":\"https:\\\/\\\/elithair.com\\\/tr\\\/sac-cizgisi-gerilemesi\\\/#primaryimage\",\"url\":\"https:\\\/\\\/elithair.com\\\/tr\\\/wp-content\\\/uploads\\\/sites\\\/10\\\/2026\\\/07\\\/hero-2.png\",\"contentUrl\":\"https:\\\/\\\/elithair.com\\\/tr\\\/wp-content\\\/uploads\\\/sites\\\/10\\\/2026\\\/07\\\/hero-2.png\",\"width\":1536,\"height\":1024,\"caption\":\"Mann Ende zwanzig mit deutlich sichtbaren Geheimratsecken und M-f\u00f6rmiger Haarlinie\"},{\"@type\":\"BreadcrumbList\",\"@id\":\"https:\\\/\\\/elithair.com\\\/tr\\\/sac-cizgisi-gerilemesi\\\/#breadcrumb\",\"itemListElement\":[{\"@type\":\"ListItem\",\"position\":1,\"name\":\"Home\",\"item\":\"https:\\\/\\\/elithair.com\\\/tr\\\/\"},{\"@type\":\"ListItem\",\"position\":2,\"name\":\"\u015eakak a\u00e7\u0131lmas\u0131: nedenleri, durdurmak, kamufle etmek ve tedavi\"}]},{\"@type\":\"WebSite\",\"@id\":\"https:\\\/\\\/elithair.com\\\/tr\\\/#website\",\"url\":\"https:\\\/\\\/elithair.com\\\/tr\\\/\",\"name\":\"Elithair\",\"description\":\"Elithair: sa\u00e7\u0131n\u0131z i\u00e7in en iyi klini\u011fi ke\u015ffedin\",\"potentialAction\":[{\"@type\":\"SearchAction\",\"target\":{\"@type\":\"EntryPoint\",\"urlTemplate\":\"https:\\\/\\\/elithair.com\\\/tr\\\/?s={search_term_string}\"},\"query-input\":{\"@type\":\"PropertyValueSpecification\",\"valueRequired\":true,\"valueName\":\"search_term_string\"}}],\"inLanguage\":\"tr\"},{\"@type\":\"Person\",\"@id\":\"https:\\\/\\\/elithair.com\\\/tr\\\/#\\\/schema\\\/person\\\/11ce37e83a6343e4c37edcd4b5498e41\",\"name\":\"Dr. Imad Moustafa\",\"image\":{\"@type\":\"ImageObject\",\"inLanguage\":\"tr\",\"@id\":\"https:\\\/\\\/secure.gravatar.com\\\/avatar\\\/9190499f6f3008cd7da57b179f07bfea4b4e382c816ba3e0de68db0b5a70c07d?s=96&d=mm&r=g\",\"url\":\"https:\\\/\\\/secure.gravatar.com\\\/avatar\\\/9190499f6f3008cd7da57b179f07bfea4b4e382c816ba3e0de68db0b5a70c07d?s=96&d=mm&r=g\",\"contentUrl\":\"https:\\\/\\\/secure.gravatar.com\\\/avatar\\\/9190499f6f3008cd7da57b179f07bfea4b4e382c816ba3e0de68db0b5a70c07d?s=96&d=mm&r=g\",\"caption\":\"Dr. Imad Moustafa\"},\"url\":\"https:\\\/\\\/elithair.com\\\/tr\\\/author\\\/support\\\/\"}]}<\/script>\n<!-- \/ Yoast SEO Premium plugin. -->","yoast_head_json":{"title":"\u015eakak a\u00e7\u0131lmas\u0131: nedenleri, durdurmak, kamufle etmek ve tedavi (erkek & kad\u0131n) | Elithair","description":"\u015eakak a\u00e7\u0131lmas\u0131: ne anlama gelir, durdurulabilir mi, hangi sa\u00e7 modeli kamufle eder ve ne zaman tedavi mant\u0131kl\u0131. S3 k\u0131lavuzundan ger\u00e7ekler, 2026 itibar\u0131yla.","robots":{"index":"index","follow":"follow","max-snippet":"max-snippet:-1","max-image-preview":"max-image-preview:large","max-video-preview":"max-video-preview:-1"},"canonical":"https:\/\/elithair.com\/tr\/sac-cizgisi-gerilemesi\/","og_locale":"tr_TR","og_type":"article","og_title":"\u015eakak a\u00e7\u0131lmas\u0131: nedenleri, durdurmak, kamufle etmek ve tedavi","og_description":"\u015eakak a\u00e7\u0131lmas\u0131: ne anlama gelir, durdurulabilir mi, hangi sa\u00e7 modeli kamufle eder ve ne zaman tedavi mant\u0131kl\u0131. S3 k\u0131lavuzundan ger\u00e7ekler, 2026 itibar\u0131yla.","og_url":"https:\/\/elithair.com\/tr\/sac-cizgisi-gerilemesi\/","og_site_name":"Elithair","article_published_time":"2026-07-10T04:06:27+00:00","article_modified_time":"2026-08-26T18:22:14+00:00","og_image":[{"width":1536,"height":1024,"url":"https:\/\/elithair.com\/tr\/wp-content\/uploads\/sites\/10\/2026\/07\/hero-2.png","type":"image\/png"}],"author":"Dr. Imad Moustafa","twitter_card":"summary_large_image","twitter_misc":{"Yazan:":"Dr. Imad Moustafa","Tahmini okuma s\u00fcresi":"31 dakika"},"schema":{"@context":"https:\/\/schema.org","@graph":[{"@type":"Article","@id":"https:\/\/elithair.com\/tr\/sac-cizgisi-gerilemesi\/#article","isPartOf":{"@id":"https:\/\/elithair.com\/tr\/sac-cizgisi-gerilemesi\/"},"author":{"name":"Dr. Imad Moustafa","@id":"https:\/\/elithair.com\/tr\/#\/schema\/person\/11ce37e83a6343e4c37edcd4b5498e41"},"headline":"\u015eakak a\u00e7\u0131lmas\u0131: nedenleri, durdurmak, kamufle etmek ve tedavi","datePublished":"2026-07-10T04:06:27+00:00","dateModified":"2026-08-26T18:22:14+00:00","mainEntityOfPage":{"@id":"https:\/\/elithair.com\/tr\/sac-cizgisi-gerilemesi\/"},"wordCount":6269,"commentCount":0,"image":{"@id":"https:\/\/elithair.com\/tr\/sac-cizgisi-gerilemesi\/#primaryimage"},"thumbnailUrl":"https:\/\/elithair.com\/tr\/wp-content\/uploads\/sites\/10\/2026\/07\/hero-2.png","articleSection":["Sa\u00e7 Ekimi"],"inLanguage":"tr","potentialAction":[{"@type":"CommentAction","name":"Comment","target":["https:\/\/elithair.com\/tr\/sac-cizgisi-gerilemesi\/#respond"]}]},{"@type":"WebPage","@id":"https:\/\/elithair.com\/tr\/sac-cizgisi-gerilemesi\/","url":"https:\/\/elithair.com\/tr\/sac-cizgisi-gerilemesi\/","name":"\u015eakak a\u00e7\u0131lmas\u0131: nedenleri, durdurmak, kamufle etmek ve tedavi (erkek & kad\u0131n) | Elithair","isPartOf":{"@id":"https:\/\/elithair.com\/tr\/#website"},"primaryImageOfPage":{"@id":"https:\/\/elithair.com\/tr\/sac-cizgisi-gerilemesi\/#primaryimage"},"image":{"@id":"https:\/\/elithair.com\/tr\/sac-cizgisi-gerilemesi\/#primaryimage"},"thumbnailUrl":"https:\/\/elithair.com\/tr\/wp-content\/uploads\/sites\/10\/2026\/07\/hero-2.png","datePublished":"2026-07-10T04:06:27+00:00","dateModified":"2026-08-26T18:22:14+00:00","author":{"@id":"https:\/\/elithair.com\/tr\/#\/schema\/person\/11ce37e83a6343e4c37edcd4b5498e41"},"description":"\u015eakak a\u00e7\u0131lmas\u0131: ne anlama gelir, durdurulabilir mi, hangi sa\u00e7 modeli kamufle eder ve ne zaman tedavi mant\u0131kl\u0131. S3 k\u0131lavuzundan ger\u00e7ekler, 2026 itibar\u0131yla.","breadcrumb":{"@id":"https:\/\/elithair.com\/tr\/sac-cizgisi-gerilemesi\/#breadcrumb"},"inLanguage":"tr","potentialAction":[{"@type":"ReadAction","target":["https:\/\/elithair.com\/tr\/sac-cizgisi-gerilemesi\/"]}]},{"@type":"ImageObject","inLanguage":"tr","@id":"https:\/\/elithair.com\/tr\/sac-cizgisi-gerilemesi\/#primaryimage","url":"https:\/\/elithair.com\/tr\/wp-content\/uploads\/sites\/10\/2026\/07\/hero-2.png","contentUrl":"https:\/\/elithair.com\/tr\/wp-content\/uploads\/sites\/10\/2026\/07\/hero-2.png","width":1536,"height":1024,"caption":"Mann Ende zwanzig mit deutlich sichtbaren Geheimratsecken und M-f\u00f6rmiger Haarlinie"},{"@type":"BreadcrumbList","@id":"https:\/\/elithair.com\/tr\/sac-cizgisi-gerilemesi\/#breadcrumb","itemListElement":[{"@type":"ListItem","position":1,"name":"Home","item":"https:\/\/elithair.com\/tr\/"},{"@type":"ListItem","position":2,"name":"\u015eakak a\u00e7\u0131lmas\u0131: nedenleri, durdurmak, kamufle etmek ve tedavi"}]},{"@type":"WebSite","@id":"https:\/\/elithair.com\/tr\/#website","url":"https:\/\/elithair.com\/tr\/","name":"Elithair","description":"Elithair: sa\u00e7\u0131n\u0131z i\u00e7in en iyi klini\u011fi ke\u015ffedin","potentialAction":[{"@type":"SearchAction","target":{"@type":"EntryPoint","urlTemplate":"https:\/\/elithair.com\/tr\/?s={search_term_string}"},"query-input":{"@type":"PropertyValueSpecification","valueRequired":true,"valueName":"search_term_string"}}],"inLanguage":"tr"},{"@type":"Person","@id":"https:\/\/elithair.com\/tr\/#\/schema\/person\/11ce37e83a6343e4c37edcd4b5498e41","name":"Dr. Imad Moustafa","image":{"@type":"ImageObject","inLanguage":"tr","@id":"https:\/\/secure.gravatar.com\/avatar\/9190499f6f3008cd7da57b179f07bfea4b4e382c816ba3e0de68db0b5a70c07d?s=96&d=mm&r=g","url":"https:\/\/secure.gravatar.com\/avatar\/9190499f6f3008cd7da57b179f07bfea4b4e382c816ba3e0de68db0b5a70c07d?s=96&d=mm&r=g","contentUrl":"https:\/\/secure.gravatar.com\/avatar\/9190499f6f3008cd7da57b179f07bfea4b4e382c816ba3e0de68db0b5a70c07d?s=96&d=mm&r=g","caption":"Dr. Imad Moustafa"},"url":"https:\/\/elithair.com\/tr\/author\/support\/"}]}},"_links":{"self":[{"href":"https:\/\/elithair.com\/tr\/wp-json\/wp\/v2\/posts\/83005","targetHints":{"allow":["GET"]}}],"collection":[{"href":"https:\/\/elithair.com\/tr\/wp-json\/wp\/v2\/posts"}],"about":[{"href":"https:\/\/elithair.com\/tr\/wp-json\/wp\/v2\/types\/post"}],"author":[{"embeddable":true,"href":"https:\/\/elithair.com\/tr\/wp-json\/wp\/v2\/users\/10"}],"replies":[{"embeddable":true,"href":"https:\/\/elithair.com\/tr\/wp-json\/wp\/v2\/comments?post=83005"}],"version-history":[{"count":0,"href":"https:\/\/elithair.com\/tr\/wp-json\/wp\/v2\/posts\/83005\/revisions"}],"wp:featuredmedia":[{"embeddable":true,"href":"https:\/\/elithair.com\/tr\/wp-json\/wp\/v2\/media\/83004"}],"wp:attachment":[{"href":"https:\/\/elithair.com\/tr\/wp-json\/wp\/v2\/media?parent=83005"}],"wp:term":[{"taxonomy":"category","embeddable":true,"href":"https:\/\/elithair.com\/tr\/wp-json\/wp\/v2\/categories?post=83005"},{"taxonomy":"post_tag","embeddable":true,"href":"https:\/\/elithair.com\/tr\/wp-json\/wp\/v2\/tags?post=83005"}],"curies":[{"name":"wp","href":"https:\/\/api.w.org\/{rel}","templated":true}]}}