{"id":80913,"date":"2025-08-11T10:53:59","date_gmt":"2025-08-11T10:53:59","guid":{"rendered":"https:\/\/elithair.com\/tr\/?p=80913"},"modified":"2026-08-31T14:51:24","modified_gmt":"2026-08-31T12:51:24","slug":"sac-ekimini-sonrasi-sok-dokulme","status":"publish","type":"post","link":"https:\/\/elithair.com\/tr\/sac-ekimini-sonrasi-sok-dokulme\/","title":{"rendered":"Sa\u00e7 ekimi sonras\u0131 sa\u00e7 d\u00f6k\u00fclmesi: Shock loss, shedding ve nihai sonuca kadarki s\u00fcre\u00e7"},"content":{"rendered":"\n<div style=\"border-left:4px solid #0079F1;padding:0 0 0 14px;margin:0 0 26px\">\n<p style=\"margin:0 0 14px;color:#2e3033;font-size:17px;line-height:1.65\">Sa\u00e7 ekimi sonras\u0131nda sa\u00e7lar\u0131n d\u00f6k\u00fcld\u00fc\u011f\u00fcnden s\u00f6z edildi\u011finde neredeyse her zaman iki farkl\u0131 olay kastedilir. Shedding\u2019de nakledilen greft g\u00f6r\u00fcnen sa\u00e7 telini d\u0131\u015far\u0131 atar, k\u00f6k sa\u00e7 derisinde kal\u0131r ve birka\u00e7 ay sonra yeni bir sa\u00e7 \u00e7\u0131kar\u0131r. Buna kar\u015f\u0131l\u0131k sa\u00e7 ekimi sonras\u0131 ger\u00e7ek shock loss (\u015fok d\u00f6k\u00fclme) \u00e7evredeki mevcut sa\u00e7lar\u0131 etkiler ve nadirdir: 621 FUE hastas\u0131n\u0131n incelendi\u011fi bir de\u011ferlendirmede y\u00fczde 3,7 oran\u0131nda g\u00f6r\u00fclm\u00fc\u015ft\u00fcr (Okochi ve ark., Aesthetic Plastic Surgery 2024). Bu yaz\u0131, sa\u00e7 ekimi sonras\u0131 sa\u00e7 d\u00f6k\u00fclmesini hafta hafta ve ay ay yerli yerine oturtuyor.<\/p>\n<p style=\"margin:0 0 8px;color:#013366;font-weight:700;font-size:16px\">K\u0131saca en \u00f6nemli noktalar<\/p>\n<ul style=\"margin:0 0 14px;padding:0;color:#2e3033;list-style:none\">\n<li style=\"position:relative;padding:3px 0 3px 24px\"><span style=\"position:absolute;left:0;top:3px;color:#0079F1;font-weight:700\">&#10003;<\/span>Kural olarak ne shedding ne de shock loss tedavi gerektirir: hastalar\u0131n \u00e7o\u011funda b\u00fcy\u00fcme yakla\u015f\u0131k \u00fc\u00e7 ila alt\u0131 ay sonra kendili\u011finden yeniden ba\u015flar (StatPearls)<\/li>\n<li style=\"position:relative;padding:3px 0 3px 24px\"><span style=\"position:absolute;left:0;top:3px;color:#0079F1;font-weight:700\">&#10003;<\/span>Mevcut sa\u00e7lardaki ger\u00e7ek shock loss nadirdir (621 hastada y\u00fczde 3,7; Okochi ve ark. 2024) ve kad\u0131nlarda erkeklere g\u00f6re belirgin bi\u00e7imde daha s\u0131k g\u00f6r\u00fcl\u00fcr<\/li>\n<li style=\"position:relative;padding:3px 0 3px 24px\"><span style=\"position:absolute;left:0;top:3px;color:#0079F1;font-weight:700\">&#10003;<\/span>Alt\u0131 ay\u0131n sonundaki bo\u015fluklar nihai durum de\u011fildir: sonu\u00e7 kural olarak 12. aya kadar, yo\u011fun ekim yap\u0131lan b\u00f6lgelerde ve tepe b\u00f6lgesinde k\u0131smen 15 ila 18. aya kadar olgunla\u015f\u0131r<\/li>\n<li style=\"position:relative;padding:3px 0 3px 24px\"><span style=\"position:absolute;left:0;top:3px;color:#0079F1;font-weight:700\">&#10003;<\/span>Bir ya da iki y\u0131l sonra yeniden sa\u00e7 d\u00f6k\u00fcl\u00fcyorsa, bunun arkas\u0131nda genellikle nakil yap\u0131lmam\u0131\u015f b\u00f6lgedeki ilerleyen genetik yatk\u0131nl\u0131k vard\u0131r, greftler de\u011fil<\/li>\n<\/ul>\n<p style=\"margin:0;color:#2e3033\">\u0130\u00e7indekiler b\u00f6l\u00fcm\u00fc neyi nerede bulaca\u011f\u0131n\u0131z\u0131 g\u00f6steriyor. Ard\u0131ndan ikinci haftadan ikinci y\u0131la kadar evre evre ayr\u0131nt\u0131lara giriyoruz.<\/p>\n<\/div>\n\n\n\n<h2 class=\"wp-block-heading\" id=\"h-haarverlust-nach-dem-eingriff-was-steckt-dahinter\">\u0130\u015flem sonras\u0131 sa\u00e7 kayb\u0131: Arkas\u0131nda ne var?<\/h2>\n\n\n\n<p class=\"wp-block-paragraph\">Sa\u00e7 ekimi sonras\u0131 sa\u00e7 d\u00f6k\u00fclmesi ilk haftalarda kurald\u0131r ve ba\u015far\u0131s\u0131z bir sonucun i\u015fareti de\u011fildir. Bir\u00e7ok hasta i\u015flemden birka\u00e7 hafta sonra artan bir <a href=\"\/tr\/sac-dokulmesi-nedenleri-ve-tedavisi\/\">sa\u00e7 kayb\u0131<\/a> fark eder. \u201cShock loss\u201d olarak adland\u0131r\u0131lan bu durum, sa\u00e7 derisinin bilinen ve \u00e7o\u011fu vakada <strong>ge\u00e7ici bir tepkisi<\/strong> olarak kabul edilir. Hem al\u0131c\u0131 hem de don\u00f6r b\u00f6lgeyi etkileyebilir ve do\u011frudan sa\u00e7 folik\u00fcllerinin iyile\u015fme ve uyum s\u00fcreciyle ili\u015fkilidir.<\/p>\n\n\n\n<p class=\"wp-block-paragraph\">Kendi s\u00fcrecinizi de\u011ferlendirirken tam olarak \u00fc\u00e7 olas\u0131l\u0131k s\u00f6z konusudur: nakledilen sa\u00e7 tellerinin d\u00f6k\u00fclmesi, \u00e7evredeki mevcut sa\u00e7lar\u0131n ge\u00e7ici olarak d\u00f6k\u00fclmesi ve \u00e7ok daha nadir olarak ilk g\u00fcnlerde mekanik yolla kaybedilen bir greft. Hangisinin s\u00f6z konusu oldu\u011fu, d\u00f6k\u00fclen sa\u00e7\u0131n zaman\u0131na ve g\u00f6r\u00fcn\u00fcm\u00fcne bak\u0131larak belirlenir.<\/p>\n\n\n\n<h3 class=\"wp-block-heading\" id=\"h-normaler-haarausfall\"><strong>Normal sa\u00e7 d\u00f6k\u00fclmesi<\/strong><\/h3>\n\n\n\n<p class=\"wp-block-paragraph\">Genellikle <strong>sa\u00e7 ekimi sonras\u0131 sa\u00e7 d\u00f6k\u00fclmesi<\/strong> fizyolojik bir s\u00fcre\u00e7tir:<\/p>\n\n\n\n<ul class=\"wp-block-list\">\n<li>Nakledilen sa\u00e7 folik\u00fclleri ge\u00e7ici olarak bir dinlenme evresine girer<\/li>\n\n\n<li>Sa\u00e7 kayb\u0131 \u00e7o\u011funlukla ilk 2 ila 8 hafta i\u00e7inde ba\u015flar<\/li>\n\n\n<li>Sa\u00e7 k\u00f6kleri sa\u011flam kal\u0131r, yaln\u0131zca g\u00f6r\u00fcnen sa\u00e7 telleri d\u00f6k\u00fcl\u00fcr<\/li>\n\n\n<li>Yeniden sa\u00e7 b\u00fcy\u00fcmesi kural olarak birka\u00e7 ay sonra ba\u015flar<\/li>\n<\/ul>\n\n\n\n<p class=\"wp-block-paragraph\">Bu seyir sak\u0131ncas\u0131z kabul edilir ve do\u011fal yenilenme s\u00fcrecinin bir par\u00e7as\u0131d\u0131r.<\/p>\n\n\n\n<h3 class=\"wp-block-heading\"><strong>Sorunlu sa\u00e7 d\u00f6k\u00fclmesi<\/strong><\/h3>\n\n\n\n<p class=\"wp-block-paragraph\">Daha nadir durumlarda sa\u00e7 kayb\u0131, daha yak\u0131ndan izlenmesi gereken etkenlere i\u015faret edebilir:<\/p>\n\n\n\n<ul class=\"wp-block-list\">\n<li>\u00d6zellikle tedavi b\u00f6lgelerinin \u00e7evresindeki, nakil yap\u0131lmam\u0131\u015f mevcut sa\u00e7lar etkilenir<\/li>\n\n\n<li>Don\u00f6r b\u00f6lgedeki sa\u00e7 d\u00f6k\u00fclmesi a\u015f\u0131r\u0131 greft al\u0131m\u0131na veya iyile\u015fmenin aksamas\u0131na i\u015faret edebilir<\/li>\n\n\n<li>Uzun s\u00fcre devam eden, b\u00f6lge b\u00f6lge (lekeli) sa\u00e7 kayb\u0131<\/li>\n\n\n<li>Sa\u00e7 derisinde e\u015flik eden iltihaplanma veya enfeksiyonlar<\/li>\n<\/ul>\n\n\n\n<p class=\"wp-block-paragraph\">Bu gibi durumlarda iyile\u015fme s\u00fcrecini hedefli bi\u00e7imde de\u011ferlendirmek i\u00e7in uzman hekim kontrol\u00fc yerinde olur.<\/p>\n\n\n\n<h3 class=\"wp-block-heading\"><strong>Sa\u00e7 ekimi sonras\u0131 sa\u00e7 kayb\u0131 ne s\u0131kl\u0131kta g\u00f6r\u00fcl\u00fcr?<\/strong><\/h3>\n\n\n\n<p class=\"wp-block-paragraph\">Sa\u00e7 ekimi sonras\u0131 sa\u00e7 kayb\u0131n\u0131n ne s\u0131kl\u0131kta g\u00f6r\u00fcld\u00fc\u011f\u00fc, iki olgudan hangisinin kastedildi\u011fine ba\u011fl\u0131d\u0131r. Nakledilen sa\u00e7lar\u0131n shedding\u2019i hastalar\u0131n \u00e7o\u011funu etkiler ve uzman literat\u00fcr\u00fcnde iyile\u015fmenin pratikte normal bir par\u00e7as\u0131 olarak tan\u0131mlan\u0131r; ancak g\u00fcvenilir bir y\u00fczde verilmez (Goldin ve ark., <em>Hair Transplantation<\/em>, StatPearls NBK547740).<\/p>\n\n\n\n<p class=\"wp-block-paragraph\">Buna kar\u015f\u0131l\u0131k <strong>sa\u00e7 ekimi sonras\u0131 ger\u00e7ek shock loss<\/strong>, yani \u00e7evredeki mevcut sa\u00e7lar\u0131n ge\u00e7ici olarak d\u00f6k\u00fclmesi, nadirdir: Bug\u00fcne kadarki en b\u00fcy\u00fck de\u011ferlendirmede, 621 FUE hastas\u0131nda y\u00fczde 3,7 oran\u0131nda g\u00f6r\u00fclm\u00fc\u015ft\u00fcr (Okochi ve ark., Aesthetic Plastic Surgery 2024). Bir sonraki b\u00f6l\u00fcm iki s\u00fcreci net bi\u00e7imde birbirinden ay\u0131r\u0131yor ve neredeyse her hastan\u0131n ilk sa\u00e7 y\u0131kamas\u0131ndan sonra sordu\u011fu soruyu do\u011frudan yan\u0131tl\u0131yor: Bu shedding mi, yoksa kaybedilmi\u015f bir greft mi?<\/p>\n\n\n\n<h2 class=\"wp-block-heading\">Fark: Greftlerin shedding\u2019i mi, ger\u00e7ek shock loss mu?<\/h2>\n\n\n\n<p class=\"wp-block-paragraph\">Shedding ve shock loss, sa\u00e7 ekimi sonras\u0131nda iki farkl\u0131 s\u00fcre\u00e7tir: Shedding\u2019de nakledilen sa\u00e7lar\u0131n teli d\u00f6k\u00fcl\u00fcr ve k\u00f6k sa\u00e7 derisinde kal\u0131r; shock loss\u2019ta ise \u00e7evredeki mevcut sa\u00e7lar ge\u00e7ici olarak dinlenme evresine ge\u00e7er. Bu ikisini ay\u0131rt eden ki\u015fi kendi s\u00fcrecini \u00e7ok daha sakin bi\u00e7imde de\u011ferlendirebilir.<\/p>\n\n\n<div class=\"wp-block-image\">\n<figure class=\"aligncenter size-large is-resized\" style=\"max-width:560px;margin-left:auto;margin-right:auto\"><img loading=\"lazy\" decoding=\"async\" width=\"1536\" height=\"1024\" src=\"https:\/\/elithair.com\/tr\/wp-content\/uploads\/sites\/10\/2026\/08\/shedding_vs_shockloss_schema.png\" alt=\"\u015eematik deri kesiti: solda sa\u00e7 teli d\u00f6k\u00fcl\u00fcyor ve k\u00f6k yerinde kal\u0131yor, sa\u011fda \u00e7evredeki mevcut sa\u00e7lar dinlenme evresine ge\u00e7iyor\" class=\"wp-image-83318\" style=\"width:560px;max-width:100%;height:auto\" srcset=\"https:\/\/elithair.com\/tr\/wp-content\/uploads\/sites\/10\/2026\/08\/shedding_vs_shockloss_schema.png 1536w, https:\/\/elithair.com\/tr\/wp-content\/uploads\/sites\/10\/2026\/08\/shedding_vs_shockloss_schema-300x200.png 300w, https:\/\/elithair.com\/tr\/wp-content\/uploads\/sites\/10\/2026\/08\/shedding_vs_shockloss_schema-1024x683.png 1024w, https:\/\/elithair.com\/tr\/wp-content\/uploads\/sites\/10\/2026\/08\/shedding_vs_shockloss_schema-768x512.png 768w\" sizes=\"(max-width: 767px) 100vw, 660px\" \/><\/figure>\n<\/div>\n\n\n<h3 class=\"wp-block-heading\">Nakledilen sa\u00e7lar\u0131n shedding\u2019i: kural olan durum<\/h3>\n\n\n\n<p class=\"wp-block-paragraph\">Sa\u00e7 ekimi sonras\u0131 shedding hastalar\u0131n \u00e7o\u011funda g\u00f6r\u00fcl\u00fcr. Nakledilen folik\u00fcl i\u015flem s\u0131ras\u0131nda kan dola\u015f\u0131m\u0131ndan ayr\u0131l\u0131r ve ard\u0131ndan dinlenme evresine (telogen) ge\u00e7er. G\u00f6r\u00fcnen sa\u00e7 teli d\u0131\u015far\u0131 at\u0131l\u0131r, k\u00f6k ise yeni yerinde kal\u0131r.<\/p>\n\n\n\n<p class=\"wp-block-paragraph\">Uzman veri taban\u0131 StatPearls s\u00fcreci \u015f\u00f6yle tarif ediyor: Yerle\u015ftirilen sa\u00e7lar\u0131n d\u00f6k\u00fclmesi i\u015flemden birka\u00e7 g\u00fcn sonra ba\u015flar ve yeniden \u00e7\u0131kmalar\u0131 aylar alabilir (Goldin ve ark., StatPearls NBK547740). D\u00f6k\u00fclmenin yo\u011funla\u015ft\u0131\u011f\u0131 d\u00f6nem tipik olarak 2 ila 8. haftalard\u0131r. Dinlenme ve b\u00fcy\u00fcme evrelerinin nas\u0131l ba\u011flant\u0131l\u0131 oldu\u011funu ise \u015fu yaz\u0131da ayr\u0131nt\u0131l\u0131 olarak anlat\u0131yoruz: sa\u00e7 d\u00f6ng\u00fcs\u00fc.<\/p>\n\n\n\n<p class=\"wp-block-paragraph\">S\u0131k sorulan bir soru: aniden mi, yava\u015f yava\u015f m\u0131? Shedding kural olarak haftalara yay\u0131l\u0131r. Tipik olan, yast\u0131kta ve havluda tek t\u00fck sa\u00e7larla yava\u015f\u00e7a artan bir seyir, 4 ila 8. haftalarda bir yo\u011funla\u015fma ve yakla\u015f\u0131k 10. haftaya kadar s\u00f6n\u00fcmlenmedir. Tek bir g\u00fcnde toplu d\u00f6k\u00fclme istisnad\u0131r, g\u00f6r\u00fclebilir ama tek ba\u015f\u0131na bir uyar\u0131 i\u015fareti de\u011fildir.<\/p>\n\n\n\n<h3 class=\"wp-block-heading\">Mevcut sa\u00e7larda ger\u00e7ek shock loss: istisna<\/h3>\n\n\n\n<p class=\"wp-block-paragraph\">Ger\u00e7ek shock loss, tedavi edilen b\u00f6lgenin \u00e7evresindeki sa\u00e7lar\u0131n, yani ki\u015finin kendi mevcut sa\u00e7lar\u0131n\u0131n ge\u00e7ici d\u00f6k\u00fclmesidir (efluvyum). 2026 tarihli bir derleme \u00e7al\u0131\u015fmas\u0131 tetikleyici olarak cerrahi travmay\u0131, perifolik\u00fcler iltihab\u0131, b\u00f6lgesel kan ak\u0131m\u0131 azalmas\u0131n\u0131 ve lokal anestezideki damar daralt\u0131c\u0131 etken maddeleri say\u0131yor (Romera de Blas ve ark., Frontiers in Medicine 2026).<\/p>\n\n\n\n<p class=\"wp-block-paragraph\">\u00d6zellikle genetik yatk\u0131nl\u0131k nedeniyle zaten incelmi\u015f sa\u00e7lar hassas tepki verir. Deneyimlere g\u00f6re shock loss aylar i\u00e7inde geriler, \u00e7\u00fcnk\u00fc folik\u00fcller kaybolmaz, yaln\u0131zca evre de\u011fi\u015ftirir. \u0130\u015fte tam bu nedenle ba\u015flang\u0131\u00e7ta ilerleyici sa\u00e7 d\u00f6k\u00fclmesinden ay\u0131rt etmek zordur.<\/p>\n\n\n\n<p class=\"wp-block-paragraph\">A\u015fa\u011f\u0131daki genel bak\u0131\u015f, sa\u00e7 ekimi sonras\u0131 \u201csa\u00e7 d\u00f6k\u00fclmesi\u201d olarak alg\u0131lanan \u00fc\u00e7 s\u00fcreci yan yana koyuyor: greftlerin shedding\u2019i, mevcut sa\u00e7lardaki ger\u00e7ek shock loss ve bir greftin kal\u0131c\u0131 kayb\u0131. Kar\u015f\u0131la\u015ft\u0131r\u0131lanlar: etkilenen sa\u00e7, zaman aral\u0131\u011f\u0131, kan\u0131tlanm\u0131\u015f s\u0131kl\u0131k ve yap\u0131lmas\u0131 gerekenler.<\/p>\n\n\n\n<style>\n@media (max-width:640px){\n.rt-table-wrap{overflow-x:visible!important;border:0!important;border-radius:0!important}\n.rt-table{min-width:0!important}\n.rt-table thead{display:none}\n.rt-table,.rt-table tbody,.rt-table tr,.rt-table td{display:block;width:100%}\n.rt-table caption{display:block;padding:0 0 12px!important}\n.rt-table tr{margin:0 0 12px;border:1px solid #dbe4f0;border-radius:10px;overflow:hidden}\n.rt-table tr:last-child{margin-bottom:0}\n.rt-table td{display:flex!important;flex-direction:column;gap:3px;padding:12px 14px!important;\nborder:0!important;border-bottom:1px solid #e3e8ef!important;background:#ffffff!important}\n.rt-table tr td:last-child{border-bottom:0!important}\n.rt-table td::before{content:attr(data-label);font-size:12px;font-weight:700;letter-spacing:.04em;\ntext-transform:uppercase;color:#5799F1}\n.rt-table td:not([data-label])::before,.rt-table td[data-label=\"\"]::before{display:none}\n}\n<\/style>\n<div class=\"rt-table-wrap\" style=\"overflow-x:auto;-webkit-overflow-scrolling:touch;margin:28px 0;border:1px solid #dbe4f0;border-radius:12px\">\n  <table class=\"rt-table\" style=\"width:100%;min-width:660px;table-layout:fixed;border-collapse:separate;border-spacing:0;font-size:15px;margin:0\">\n    <caption style=\"caption-side:top;text-align:left;color:#003366;font-weight:700;font-size:16px;line-height:1.35;padding:14px 16px 10px;background:#ffffff\">Shedding, shock loss veya greft kayb\u0131: farklar bir bak\u0131\u015fta<\/caption>\n    <thead>\n      <tr>\n        <th style=\"width:22%;background:#003366;color:#ffffff;font-weight:700;text-align:left;vertical-align:middle;padding:13px 16px;font-size:15px;line-height:1.4;border:0;overflow-wrap:break-word\">\u00d6zellik<\/th>\n        <th style=\"background:#003366;color:#ffffff;font-weight:700;text-align:left;vertical-align:middle;padding:13px 16px;font-size:15px;line-height:1.4;border:0;overflow-wrap:break-word\">Greftlerin shedding\u2019i<\/th>\n        <th style=\"background:#003366;color:#ffffff;font-weight:700;text-align:left;vertical-align:middle;padding:13px 16px;font-size:15px;line-height:1.4;border:0;overflow-wrap:break-word\">Ger\u00e7ek shock loss<\/th>\n        <th style=\"background:#003366;color:#ffffff;font-weight:700;text-align:left;vertical-align:middle;padding:13px 16px;font-size:15px;line-height:1.4;border:0;overflow-wrap:break-word\">Kal\u0131c\u0131 greft kayb\u0131<\/th>\n      <\/tr>\n    <\/thead>\n    <tbody>\n      <tr>\n        <td data-label=\"\u00d6zellik\" style=\"background:#ffffff;color:#003366;font-weight:700;text-align:left;vertical-align:top;padding:13px 16px;font-size:15px;line-height:1.55;border:0;border-bottom:1px solid #e3e8ef;overflow-wrap:break-word\">Ne d\u00f6k\u00fcl\u00fcr<\/td>\n        <td data-label=\"Greftlerin shedding\u2019i\" style=\"background:#ffffff;color:#22303e;font-weight:400;text-align:left;vertical-align:top;padding:13px 16px;font-size:15px;line-height:1.55;border:0;border-bottom:1px solid #e3e8ef;overflow-wrap:break-word\">nakledilen sa\u00e7lar\u0131n teli<\/td>\n        <td data-label=\"Ger\u00e7ek shock loss\" style=\"background:#ffffff;color:#22303e;font-weight:400;text-align:left;vertical-align:top;padding:13px 16px;font-size:15px;line-height:1.55;border:0;border-bottom:1px solid #e3e8ef;overflow-wrap:break-word\">\u00e7evredeki mevcut sa\u00e7lar<\/td>\n        <td data-label=\"Kal\u0131c\u0131 greft kayb\u0131\" style=\"background:#ffffff;color:#22303e;font-weight:400;text-align:left;vertical-align:top;padding:13px 16px;font-size:15px;line-height:1.55;border:0;border-bottom:1px solid #e3e8ef;overflow-wrap:break-word\">hi\u00e7bir \u015fey d\u00f6k\u00fclmez, greft tutunmaz<\/td>\n      <\/tr>\n      <tr>\n        <td data-label=\"\u00d6zellik\" style=\"background:#f6f9fc;color:#003366;font-weight:700;text-align:left;vertical-align:top;padding:13px 16px;font-size:15px;line-height:1.55;border:0;border-bottom:1px solid #e3e8ef;overflow-wrap:break-word\">Sa\u00e7 k\u00f6k\u00fc<\/td>\n        <td data-label=\"Greftlerin shedding\u2019i\" style=\"background:#f6f9fc;color:#22303e;font-weight:400;text-align:left;vertical-align:top;padding:13px 16px;font-size:15px;line-height:1.55;border:0;border-bottom:1px solid #e3e8ef;overflow-wrap:break-word\">sa\u00e7 derisinde kal\u0131r<\/td>\n        <td data-label=\"Ger\u00e7ek shock loss\" style=\"background:#f6f9fc;color:#22303e;font-weight:400;text-align:left;vertical-align:top;padding:13px 16px;font-size:15px;line-height:1.55;border:0;border-bottom:1px solid #e3e8ef;overflow-wrap:break-word\">kal\u0131r, folik\u00fcl dinlenme evresindedir<\/td>\n        <td data-label=\"Kal\u0131c\u0131 greft kayb\u0131\" style=\"background:#f6f9fc;color:#22303e;font-weight:400;text-align:left;vertical-align:top;padding:13px 16px;font-size:15px;line-height:1.55;border:0;border-bottom:1px solid #e3e8ef;overflow-wrap:break-word\">folik\u00fcl tutunmam\u0131\u015ft\u0131r<\/td>\n      <\/tr>\n      <tr>\n        <td data-label=\"\u00d6zellik\" style=\"background:#ffffff;color:#003366;font-weight:700;text-align:left;vertical-align:top;padding:13px 16px;font-size:15px;line-height:1.55;border:0;border-bottom:1px solid #e3e8ef;overflow-wrap:break-word\">Tipik zaman aral\u0131\u011f\u0131<\/td>\n        <td data-label=\"Greftlerin shedding\u2019i\" style=\"background:#ffffff;color:#22303e;font-weight:400;text-align:left;vertical-align:top;padding:13px 16px;font-size:15px;line-height:1.55;border:0;border-bottom:1px solid #e3e8ef;overflow-wrap:break-word\">2 ila 8. hafta<\/td>\n        <td data-label=\"Ger\u00e7ek shock loss\" style=\"background:#ffffff;color:#22303e;font-weight:400;text-align:left;vertical-align:top;padding:13px 16px;font-size:15px;line-height:1.55;border:0;border-bottom:1px solid #e3e8ef;overflow-wrap:break-word\">2 ila 12. hafta<\/td>\n        <td data-label=\"Kal\u0131c\u0131 greft kayb\u0131\" style=\"background:#ffffff;color:#22303e;font-weight:400;text-align:left;vertical-align:top;padding:13px 16px;font-size:15px;line-height:1.55;border:0;border-bottom:1px solid #e3e8ef;overflow-wrap:break-word\">ancak 6 ila 12. aydan sonra belli olur<\/td>\n      <\/tr>\n      <tr>\n        <td data-label=\"\u00d6zellik\" style=\"background:#f6f9fc;color:#003366;font-weight:700;text-align:left;vertical-align:top;padding:13px 16px;font-size:15px;line-height:1.55;border:0;border-bottom:1px solid #e3e8ef;overflow-wrap:break-word\">S\u0131kl\u0131k<\/td>\n        <td data-label=\"Greftlerin shedding\u2019i\" style=\"background:#f6f9fc;color:#22303e;font-weight:400;text-align:left;vertical-align:top;padding:13px 16px;font-size:15px;line-height:1.55;border:0;border-bottom:1px solid #e3e8ef;overflow-wrap:break-word\">hastalar\u0131n \u00e7o\u011funda g\u00f6r\u00fcl\u00fcr, literat\u00fcrde g\u00fcvenilir bir say\u0131 yok<\/td>\n        <td data-label=\"Ger\u00e7ek shock loss\" style=\"background:#f6f9fc;color:#22303e;font-weight:400;text-align:left;vertical-align:top;padding:13px 16px;font-size:15px;line-height:1.55;border:0;border-bottom:1px solid #e3e8ef;overflow-wrap:break-word\">621 FUE hastas\u0131nda %3,7; kad\u0131nlarda yakla\u015f\u0131k %21 (Okochi ve ark. 2024)<\/td>\n        <td data-label=\"Kal\u0131c\u0131 greft kayb\u0131\" style=\"background:#f6f9fc;color:#22303e;font-weight:400;text-align:left;vertical-align:top;padding:13px 16px;font-size:15px;line-height:1.55;border:0;border-bottom:1px solid #e3e8ef;overflow-wrap:break-word\">m\u00fcnferit vaka, g\u00fcvenilir say\u0131 yok<\/td>\n      <\/tr>\n      <tr>\n        <td data-label=\"\u00d6zellik\" style=\"background:#ffffff;color:#003366;font-weight:700;text-align:left;vertical-align:top;padding:13px 16px;font-size:15px;line-height:1.55;border:0;border-bottom:1px solid #e3e8ef;overflow-wrap:break-word\">Seyir<\/td>\n        <td data-label=\"Greftlerin shedding\u2019i\" style=\"background:#ffffff;color:#22303e;font-weight:400;text-align:left;vertical-align:top;padding:13px 16px;font-size:15px;line-height:1.55;border:0;border-bottom:1px solid #e3e8ef;overflow-wrap:break-word\">3 ila 6. aydan itibaren yeniden b\u00fcy\u00fcme<\/td>\n        <td data-label=\"Ger\u00e7ek shock loss\" style=\"background:#ffffff;color:#22303e;font-weight:400;text-align:left;vertical-align:top;padding:13px 16px;font-size:15px;line-height:1.55;border:0;border-bottom:1px solid #e3e8ef;overflow-wrap:break-word\">deneyimlere g\u00f6re aylar i\u00e7inde geriler<\/td>\n        <td data-label=\"Kal\u0131c\u0131 greft kayb\u0131\" style=\"background:#ffffff;color:#22303e;font-weight:400;text-align:left;vertical-align:top;padding:13px 16px;font-size:15px;line-height:1.55;border:0;border-bottom:1px solid #e3e8ef;overflow-wrap:break-word\">b\u00fcy\u00fcme olmaz<\/td>\n      <\/tr>\n      <tr>\n        <td data-label=\"\u00d6zellik\" style=\"background:#f6f9fc;color:#003366;font-weight:700;text-align:left;vertical-align:top;padding:13px 16px;font-size:15px;line-height:1.55;border:0;overflow-wrap:break-word\">Ne yapmal\u0131<\/td>\n        <td data-label=\"Greftlerin shedding\u2019i\" style=\"background:#f6f9fc;color:#22303e;font-weight:400;text-align:left;vertical-align:top;padding:13px 16px;font-size:15px;line-height:1.55;border:0;overflow-wrap:break-word\">bir \u015fey yapmaya gerek yok, beklemek<\/td>\n        <td data-label=\"Ger\u00e7ek shock loss\" style=\"background:#f6f9fc;color:#22303e;font-weight:400;text-align:left;vertical-align:top;padding:13px 16px;font-size:15px;line-height:1.55;border:0;overflow-wrap:break-word\">teredd\u00fct h\u00e2linde kontrol muayenesi<\/td>\n        <td data-label=\"Kal\u0131c\u0131 greft kayb\u0131\" style=\"background:#f6f9fc;color:#22303e;font-weight:400;text-align:left;vertical-align:top;padding:13px 16px;font-size:15px;line-height:1.55;border:0;overflow-wrap:break-word\">12. aydan sonra hekim de\u011ferlendirmesi<\/td>\n      <\/tr>\n    <\/tbody>\n  <\/table>\n<\/div>\n\n\n\n<h3 class=\"wp-block-heading\">Bu shedding mi, yoksa bir greft mi kaybettim?<\/h3>\n\n\n\n<p class=\"wp-block-paragraph\">D\u00f6k\u00fclen bir sa\u00e7\u0131n normal shedding\u2019e mi ait oldu\u011fu, yoksa kaybedilmi\u015f bir greft mi oldu\u011fu, sa\u00e7\u0131n kendisine ve zaman\u0131na bak\u0131larak anla\u015f\u0131labilir. Dinlenme evresindeki bir sa\u00e7, k\u00f6k k\u0131l\u0131f\u0131 olmadan ve sa\u00e7 derisinde kanama b\u0131rakmadan, sertle\u015fmi\u015f keratinden olu\u015fan k\u0131sa, \u00e7omak bi\u00e7iminde ve pigmentsiz bir u\u00e7la ayr\u0131l\u0131r (DermNet, <em>Telogen effluvium<\/em>).<\/p>\n\n\n\n<p class=\"wp-block-paragraph\">Belirleyici olan zamand\u0131r. Greftlerin tutunmas\u0131n\u0131 inceleyen bir \u00e7al\u0131\u015fma, sa\u00e7a uygulanan \u00e7ekmenin 1. ve 2. g\u00fcnlerde greft kayb\u0131na yol a\u00e7t\u0131\u011f\u0131n\u0131, 6. g\u00fcnden itibaren ise yol a\u00e7mad\u0131\u011f\u0131n\u0131 ve incelenen grupta 10. g\u00fcnden itibaren t\u00fcm greftlerin s\u0131k\u0131ca yerle\u015fti\u011fini buldu (Bernstein ve Rassman, Dermatologic Surgery 2006, PMID 16442039). \u0130ngiliz sa\u011fl\u0131k hizmeti NHS bu belirsiz d\u00f6nem i\u00e7in ilk 14 g\u00fcn\u00fc belirtiyor.<\/p>\n\n\n\n<p class=\"wp-block-paragraph\">Yakla\u015f\u0131k 10 ila 14 g\u00fcnden sonra mekanik bir greft kayb\u0131 pratikte art\u0131k m\u00fcmk\u00fcn de\u011fildir. Bundan sonra d\u00f6k\u00fclen \u015fey b\u00fcy\u00fck olas\u0131l\u0131kla shedding\u2019dir. O zamana kadar ge\u00e7erli kural: ka\u015f\u0131may\u0131n, ovmay\u0131n, kabuklar\u0131 kurcalamay\u0131n.<\/p>\n\n\n<div class=\"wp-block-image\">\n<figure class=\"aligncenter size-large is-resized\" style=\"max-width:720px;margin-left:auto;margin-right:auto\"><img loading=\"lazy\" decoding=\"async\" width=\"1536\" height=\"1024\" src=\"https:\/\/elithair.com\/tr\/wp-content\/uploads\/sites\/10\/2026\/08\/shedding_haar_makro.png\" alt=\"Parmak ucundaki d\u00f6k\u00fclm\u00fc\u015f bir sa\u00e7\u0131n makro \u00e7ekimi, ucunda k\u00fc\u00e7\u00fck beyaz\u0131ms\u0131 bir keratin kal\u0131nla\u015fmas\u0131\" class=\"wp-image-83319\" style=\"width:720px;max-width:100%;height:auto\" srcset=\"https:\/\/elithair.com\/tr\/wp-content\/uploads\/sites\/10\/2026\/08\/shedding_haar_makro.png 1536w, https:\/\/elithair.com\/tr\/wp-content\/uploads\/sites\/10\/2026\/08\/shedding_haar_makro-300x200.png 300w, https:\/\/elithair.com\/tr\/wp-content\/uploads\/sites\/10\/2026\/08\/shedding_haar_makro-1024x683.png 1024w, https:\/\/elithair.com\/tr\/wp-content\/uploads\/sites\/10\/2026\/08\/shedding_haar_makro-768x512.png 768w\" sizes=\"(max-width: 767px) 100vw, 660px\" \/><\/figure>\n<\/div>\n\n\n<p class=\"wp-block-paragraph\">A\u015fa\u011f\u0131daki g\u00f6rsel kontrol listesi, g\u00fcnl\u00fck hayatta ikisini neye bakarak ay\u0131rt edece\u011finizi \u00f6zetliyor: d\u00f6k\u00fclen sa\u00e7\u0131n kendisi, alt\u0131ndaki sa\u00e7 derisi, zaman\u0131 ve nedeni.<\/p>\n\n\n\n<style>\n@media (max-width:640px){\n.rt-table-wrap{overflow-x:visible!important;border:0!important;border-radius:0!important}\n.rt-table{min-width:0!important}\n.rt-table thead{display:none}\n.rt-table,.rt-table tbody,.rt-table tr,.rt-table td{display:block;width:100%}\n.rt-table caption{display:block;padding:0 0 12px!important}\n.rt-table tr{margin:0 0 12px;border:1px solid #dbe4f0;border-radius:10px;overflow:hidden}\n.rt-table tr:last-child{margin-bottom:0}\n.rt-table td{display:flex!important;flex-direction:column;gap:3px;padding:12px 14px!important;\nborder:0!important;border-bottom:1px solid #e3e8ef!important;background:#ffffff!important}\n.rt-table tr td:last-child{border-bottom:0!important}\n.rt-table td::before{content:attr(data-label);font-size:12px;font-weight:700;letter-spacing:.04em;\ntext-transform:uppercase;color:#5799F1}\n.rt-table td:not([data-label])::before,.rt-table td[data-label=\"\"]::before{display:none}\n}\n<\/style>\n<div class=\"rt-table-wrap\" style=\"overflow-x:auto;-webkit-overflow-scrolling:touch;margin:28px 0;border:1px solid #dbe4f0;border-radius:12px\">\n  <table class=\"rt-table\" style=\"width:100%;min-width:620px;table-layout:fixed;border-collapse:separate;border-spacing:0;font-size:15px;margin:0\">\n    <caption style=\"caption-side:top;text-align:left;color:#003366;font-weight:700;font-size:16px;line-height:1.35;padding:14px 16px 10px;background:#ffffff\">G\u00f6rsel kontrol: shedding sa\u00e7\u0131 m\u0131, kaybedilmi\u015f greft mi?<\/caption>\n    <thead>\n      <tr>\n        <th style=\"width:22%;background:#003366;color:#ffffff;font-weight:700;text-align:left;vertical-align:middle;padding:13px 16px;font-size:15px;line-height:1.4;border:0;overflow-wrap:break-word\">\u00d6zellik<\/th>\n        <th style=\"background:#003366;color:#ffffff;font-weight:700;text-align:left;vertical-align:middle;padding:13px 16px;font-size:15px;line-height:1.4;border:0;overflow-wrap:break-word\">Shedding\u2019e i\u015faret eder (kural olan)<\/th>\n        <th style=\"background:#003366;color:#ffffff;font-weight:700;text-align:left;vertical-align:middle;padding:13px 16px;font-size:15px;line-height:1.4;border:0;overflow-wrap:break-word\">Kaybedilmi\u015f grefte i\u015faret eder (nadir)<\/th>\n      <\/tr>\n    <\/thead>\n    <tbody>\n      <tr>\n        <td data-label=\"\u00d6zellik\" style=\"background:#ffffff;color:#003366;font-weight:700;text-align:left;vertical-align:top;padding:13px 16px;font-size:15px;line-height:1.55;border:0;border-bottom:1px solid #e3e8ef;overflow-wrap:break-word\">Elinizde tuttu\u011funuz \u015fey<\/td>\n        <td data-label=\"Shedding\u2019e i\u015faret eder (kural olan)\" style=\"background:#ffffff;color:#22303e;font-weight:400;text-align:left;vertical-align:top;padding:13px 16px;font-size:15px;line-height:1.55;border:0;border-bottom:1px solid #e3e8ef;overflow-wrap:break-word\">yaln\u0131zca bir sa\u00e7 teli, ucunda \u00e7o\u011funlukla keratinden k\u00fc\u00e7\u00fck beyaz\u0131ms\u0131 bir kal\u0131nla\u015fma<\/td>\n        <td data-label=\"Kaybedilmi\u015f grefte i\u015faret eder (nadir)\" style=\"background:#ffffff;color:#22303e;font-weight:400;text-align:left;vertical-align:top;padding:13px 16px;font-size:15px;line-height:1.55;border:0;border-bottom:1px solid #e3e8ef;overflow-wrap:break-word\">\u00fczerinde doku yap\u0131\u015f\u0131k bir sa\u00e7<\/td>\n      <\/tr>\n      <tr>\n        <td data-label=\"\u00d6zellik\" style=\"background:#f6f9fc;color:#003366;font-weight:700;text-align:left;vertical-align:top;padding:13px 16px;font-size:15px;line-height:1.55;border:0;border-bottom:1px solid #e3e8ef;overflow-wrap:break-word\">O noktadaki sa\u00e7 derisi<\/td>\n        <td data-label=\"Shedding\u2019e i\u015faret eder (kural olan)\" style=\"background:#f6f9fc;color:#22303e;font-weight:400;text-align:left;vertical-align:top;padding:13px 16px;font-size:15px;line-height:1.55;border:0;border-bottom:1px solid #e3e8ef;overflow-wrap:break-word\">belirgin bir de\u011fi\u015fiklik yok, kanama yok<\/td>\n        <td data-label=\"Kaybedilmi\u015f grefte i\u015faret eder (nadir)\" style=\"background:#f6f9fc;color:#22303e;font-weight:400;text-align:left;vertical-align:top;padding:13px 16px;font-size:15px;line-height:1.55;border:0;border-bottom:1px solid #e3e8ef;overflow-wrap:break-word\">olaydan hemen sonra noktasal kanama<\/td>\n      <\/tr>\n      <tr>\n        <td data-label=\"\u00d6zellik\" style=\"background:#ffffff;color:#003366;font-weight:700;text-align:left;vertical-align:top;padding:13px 16px;font-size:15px;line-height:1.55;border:0;border-bottom:1px solid #e3e8ef;overflow-wrap:break-word\">Zaman<\/td>\n        <td data-label=\"Shedding\u2019e i\u015faret eder (kural olan)\" style=\"background:#ffffff;color:#22303e;font-weight:400;text-align:left;vertical-align:top;padding:13px 16px;font-size:15px;line-height:1.55;border:0;border-bottom:1px solid #e3e8ef;overflow-wrap:break-word\">2. haftadan itibaren, yo\u011funluk 4 ila 8. haftalarda<\/td>\n        <td data-label=\"Kaybedilmi\u015f grefte i\u015faret eder (nadir)\" style=\"background:#ffffff;color:#22303e;font-weight:400;text-align:left;vertical-align:top;padding:13px 16px;font-size:15px;line-height:1.55;border:0;border-bottom:1px solid #e3e8ef;overflow-wrap:break-word\">pratikte yaln\u0131zca ilk g\u00fcnlerde; yakla\u015f\u0131k 10 ila 14. g\u00fcnden itibaren greftler s\u0131k\u0131ca oturur<\/td>\n      <\/tr>\n      <tr>\n        <td data-label=\"\u00d6zellik\" style=\"background:#f6f9fc;color:#003366;font-weight:700;text-align:left;vertical-align:top;padding:13px 16px;font-size:15px;line-height:1.55;border:0;border-bottom:1px solid #e3e8ef;overflow-wrap:break-word\">Nedeni<\/td>\n        <td data-label=\"Shedding\u2019e i\u015faret eder (kural olan)\" style=\"background:#f6f9fc;color:#22303e;font-weight:400;text-align:left;vertical-align:top;padding:13px 16px;font-size:15px;line-height:1.55;border:0;border-bottom:1px solid #e3e8ef;overflow-wrap:break-word\">kendili\u011finden olur, dikkatli y\u0131karken de<\/td>\n        <td data-label=\"Kaybedilmi\u015f grefte i\u015faret eder (nadir)\" style=\"background:#f6f9fc;color:#22303e;font-weight:400;text-align:left;vertical-align:top;padding:13px 16px;font-size:15px;line-height:1.55;border:0;border-bottom:1px solid #e3e8ef;overflow-wrap:break-word\">mekanik bir olay: ka\u015f\u0131ma, ovma, \u00e7arpma<\/td>\n      <\/tr>\n      <tr>\n        <td data-label=\"\u00d6zellik\" style=\"background:#ffffff;color:#003366;font-weight:700;text-align:left;vertical-align:top;padding:13px 16px;font-size:15px;line-height:1.55;border:0;border-bottom:1px solid #e3e8ef;overflow-wrap:break-word\">Anlam\u0131<\/td>\n        <td data-label=\"Shedding\u2019e i\u015faret eder (kural olan)\" style=\"background:#ffffff;color:#22303e;font-weight:400;text-align:left;vertical-align:top;padding:13px 16px;font-size:15px;line-height:1.55;border:0;border-bottom:1px solid #e3e8ef;overflow-wrap:break-word\">k\u00f6k sa\u00e7 derisinde kal\u0131r, sa\u00e7 yeniden \u00e7\u0131kar<\/td>\n        <td data-label=\"Kaybedilmi\u015f grefte i\u015faret eder (nadir)\" style=\"background:#ffffff;color:#22303e;font-weight:400;text-align:left;vertical-align:top;padding:13px 16px;font-size:15px;line-height:1.55;border:0;border-bottom:1px solid #e3e8ef;overflow-wrap:break-word\">bu tek greft yeniden \u00e7\u0131kmaz<\/td>\n      <\/tr>\n      <tr>\n        <td data-label=\"\u00d6zellik\" style=\"background:#f6f9fc;color:#003366;font-weight:700;text-align:left;vertical-align:top;padding:13px 16px;font-size:15px;line-height:1.55;border:0;overflow-wrap:break-word\">Ne yapmal\u0131<\/td>\n        <td data-label=\"Shedding\u2019e i\u015faret eder (kural olan)\" style=\"background:#f6f9fc;color:#22303e;font-weight:400;text-align:left;vertical-align:top;padding:13px 16px;font-size:15px;line-height:1.55;border:0;overflow-wrap:break-word\">hi\u00e7bir \u015fey, her \u015fey her zamanki gibi<\/td>\n        <td data-label=\"Kaybedilmi\u015f grefte i\u015faret eder (nadir)\" style=\"background:#f6f9fc;color:#22303e;font-weight:400;text-align:left;vertical-align:top;padding:13px 16px;font-size:15px;line-height:1.55;border:0;overflow-wrap:break-word\">o b\u00f6lgeyi kurcalamay\u0131n, birden fazla olayda klini\u011fi bilgilendirin<\/td>\n      <\/tr>\n    <\/tbody>\n  <\/table>\n<\/div>\n\n\n\n<p class=\"wp-block-paragraph\">Bu \u00f6zellikler, telogen sa\u00e7lar\u0131n morfolojisi ve greftlerin iyile\u015fmesi konusundaki yerle\u015fik klinik bilgiye dayan\u0131r; tam olarak bu ayr\u0131m\u0131 inceleyen bir \u00e7al\u0131\u015fmaya de\u011fil. Birden fazla olayda veya \u015f\u00fcphe durumunda en h\u0131zl\u0131 yol, tedaviyi yapan klini\u011fe bir foto\u011fraf g\u00f6ndermektir.<\/p>\n\n\n\n<h3 class=\"wp-block-heading\">Shock loss ne kadar s\u0131k g\u00f6r\u00fcl\u00fcr? 2026 itibar\u0131yla \u00e7al\u0131\u015fma durumu<\/h3>\n\n\n\n<p class=\"wp-block-paragraph\">Sa\u00e7 ekimi sonras\u0131 ger\u00e7ek shock loss\u2019un ne kadar s\u0131k g\u00f6r\u00fcld\u00fc\u011f\u00fcn\u00fc \u015fu an yaln\u0131zca tek bir b\u00fcy\u00fck \u00e7al\u0131\u015fma yan\u0131tl\u0131yor. Okochi ve arkada\u015flar\u0131 Follicular Unit Excision sonras\u0131 621 hastay\u0131 de\u011ferlendirdi ve al\u0131c\u0131 b\u00f6lgede y\u00fczde 3,7 oran\u0131nda ge\u00e7ici d\u00f6k\u00fclme buldu; erkeklerde yakla\u015f\u0131k y\u00fczde 1,6, kad\u0131nlarda yakla\u015f\u0131k y\u00fczde 21 (Aesthetic Plastic Surgery 2024, PMID 37816944).<\/p>\n\n\n\n<p class=\"wp-block-paragraph\">Bu say\u0131 mevcut en iyi veridir, ancak genel ge\u00e7er bir s\u0131kl\u0131k de\u011feri de\u011fildir: Tek bir merkezden geriye d\u00f6n\u00fck bir de\u011ferlendirmedir, yani metodolojik olarak kan\u0131t d\u00fczeyi IV\u2019t\u00fcr. 2026 tarihli bir derleme, al\u0131c\u0131 b\u00f6lgedeki d\u00f6k\u00fclme i\u00e7in y\u00fczde 0,15 ile 15 aras\u0131nda bir aral\u0131k veriyor; bu aral\u0131k da ayn\u0131 \u00e7al\u0131\u015fmaya dayan\u0131yor (Romera de Blas ve ark., Frontiers in Medicine 2026).<\/p>\n\n\n\n<div style=\"border:1px solid #dbe4f0;border-radius:12px;padding:18px;margin:28px 0\">\n<p style=\"margin:0 0 16px;color:#013366;font-weight:700;font-size:16px\">Al\u0131c\u0131 b\u00f6lgede ge\u00e7ici d\u00f6k\u00fclme, 621 FUE hastas\u0131<\/p>\n<div style=\"margin:0 0 14px\">\n<p style=\"margin:0 0 5px;color:#2e3033;font-size:15px\"><strong style=\"color:#013366\">T\u00fcm hastalar<\/strong> \u00b7 %3,7 (621 hastan\u0131n 23\u2019\u00fc)<\/p>\n<div style=\"background:#eef3fa;border-radius:6px;height:14px\"><div style=\"width:18%;height:14px;background:#0079F1;border-radius:6px\"><\/div><\/div>\n<\/div>\n<div style=\"margin:0 0 14px\">\n<p style=\"margin:0 0 5px;color:#2e3033;font-size:15px\"><strong style=\"color:#013366\">Erkekler<\/strong> \u00b7 yakla\u015f\u0131k %1,6 (554 hastan\u0131n 9\u2019u)<\/p>\n<div style=\"background:#eef3fa;border-radius:6px;height:14px\"><div style=\"width:8%;height:14px;background:#0079F1;border-radius:6px\"><\/div><\/div>\n<\/div>\n<div style=\"margin:0 0 14px\">\n<p style=\"margin:0 0 5px;color:#2e3033;font-size:15px\"><strong style=\"color:#013366\">Kad\u0131nlar<\/strong> \u00b7 yakla\u015f\u0131k %21 (67 hastan\u0131n 14\u2019\u00fc)<\/p>\n<div style=\"background:#eef3fa;border-radius:6px;height:14px\"><div style=\"width:100%;height:14px;background:#013366;border-radius:6px\"><\/div><\/div>\n<\/div>\n<p style=\"margin:14px 0 0;color:#6b7280;font-size:13px;line-height:1.5\">Kaynak: Okochi H. ve ark., Aesthetic Plastic Surgery 2024;48(7):1258\u20131263, PMID 37816944. K\u0131s\u0131tl\u0131l\u0131k: tek merkez, geriye d\u00f6n\u00fck, kan\u0131t d\u00fczeyi IV. Cinsiyet tek anlaml\u0131 risk fakt\u00f6r\u00fcyd\u00fc (odds oran\u0131 30,18).<\/p>\n<\/div>\n\n\n\n<h3 class=\"wp-block-heading\">\u0130nternette shock loss i\u00e7in neden \u00e7ok daha y\u00fcksek oranlar yer al\u0131yor<\/h3>\n\n\n\n<p class=\"wp-block-paragraph\">Forumlarda ve klinik sayfalar\u0131nda dola\u015fan y\u00fcksek shock loss s\u0131kl\u0131\u011f\u0131 oranlar\u0131 uzman literat\u00fcr\u00fcnde do\u011frulanam\u0131yor. Bunlar bir kar\u0131\u015ft\u0131rmadan do\u011fuyor: Nakledilen sa\u00e7lar\u0131n normal shedding\u2019i ile mevcut sa\u00e7lardaki ger\u00e7ek shock loss tek bir say\u0131da birle\u015ftiriliyor.<\/p>\n\n\n\n<p class=\"wp-block-paragraph\">B\u00f6ylece hastalar\u0131n \u00e7o\u011funda g\u00f6r\u00fclen ve iz b\u0131rakmadan ge\u00e7en bir s\u00fcre\u00e7, literat\u00fcrde y\u00fczde 3,7 olarak belirtilen nadir bir tepkiyle kar\u0131\u015ft\u0131r\u0131l\u0131yor (Okochi ve ark. 2024). Sizin s\u00fcreciniz i\u00e7in as\u0131l \u00f6nemli olan tek bir soru var: Yaln\u0131zca nakledilen sa\u00e7lar m\u0131 etkilendi, yoksa \u00e7evredeki mevcut sa\u00e7lar da m\u0131?<\/p>\n\n\n\n<h3 class=\"wp-block-heading\">Risk fakt\u00f6rleri: kad\u0131nlarda shock loss neden daha s\u0131k g\u00f6r\u00fcl\u00fcyor<\/h3>\n\n\n\n<p class=\"wp-block-paragraph\">Okochi ve ark. (2024) de\u011ferlendirmesinde shock loss i\u00e7in istatistiksel olarak anlaml\u0131 tek risk fakt\u00f6r\u00fc cinsiyetti. Kad\u0131nlarda yakla\u015f\u0131k y\u00fczde 21 ile ge\u00e7ici d\u00f6k\u00fclme, erkeklerdeki yakla\u015f\u0131k y\u00fczde 1,6\u2019ya k\u0131yasla belirgin bi\u00e7imde daha s\u0131k g\u00f6r\u00fcld\u00fc; odds oran\u0131 30,18\u2019di (y\u00fczde 95 g\u00fcven aral\u0131\u011f\u0131 9,43 ila 96,55).<\/p>\n\n\n\n<p class=\"wp-block-paragraph\">A\u00e7\u0131klama olarak birka\u00e7 nokta akla geliyor, ancak hi\u00e7biri kesin de\u011fil: Kad\u0131nlarda daha s\u0131k olarak mevcut sa\u00e7lar\u0131n aras\u0131na s\u0131kla\u015ft\u0131rma yap\u0131l\u0131yor, hedef b\u00f6lgede zaten incelmi\u015f daha fazla sa\u00e7 bulunuyor ve bu sa\u00e7lar i\u015flemin uyar\u0131s\u0131na daha hassas tepki veriyor. Bu bir a\u00e7\u0131klama denemesidir, kan\u0131tlanm\u0131\u015f bir neden de\u011fil.<\/p>\n\n\n\n<p class=\"wp-block-paragraph\">Bundan, kad\u0131nlara sa\u00e7 ekimi yapt\u0131rmamalar\u0131 gerekti\u011fi sonucu \u00e7\u0131kmaz. Mant\u0131kl\u0131 olan, konuyu \u00f6n muayenede konu\u015fmak, ba\u015flang\u0131\u00e7taki yo\u011funlu\u011fu belgelemek ve s\u00fcreci daha s\u0131k aral\u0131klarla takip etmektir. Kad\u0131n ve erkek tipi sa\u00e7 d\u00f6k\u00fclmesinin nas\u0131l farkl\u0131la\u015ft\u0131\u011f\u0131n\u0131 \u015fu yaz\u0131da bulabilirsiniz: androgenetik alopesi.<\/p>\n\n\n\n<div style=\"border:1px solid #dbe4f0;border-left:4px solid #0079F1;border-radius:10px;padding:18px;margin:28px 0;background:#f6f9fc\">\n<p style=\"margin:0 0 8px;color:#013366;font-weight:700;font-size:16px\">Kontrol muayenesinden bir de\u011ferlendirme<\/p>\n<p style=\"margin:0;color:#2e3033;font-size:15px;line-height:1.6\">Kontrol muayenelerinde ilk aylarda a\u00e7\u0131k ara en s\u0131k g\u00f6r\u00fclen bulgu, mevcut sa\u00e7lardaki ger\u00e7ek shock loss de\u011fil, nakledilen sa\u00e7lar\u0131n shedding\u2019idir. Bu nedenle klinik a\u00e7\u0131dan belirleyici olan tek bir soru var: \u00c7evredeki mevcut sa\u00e7lar da etkilenmi\u015f mi? Yaln\u0131zca bu durumu ba\u015flang\u0131\u00e7ta ilerleyici, genetik kaynakl\u0131 sa\u00e7 d\u00f6k\u00fclmesinden ay\u0131rmak zordur ve yaln\u0131zca bu durumda ba\u015flang\u0131\u00e7 foto\u011fraflar\u0131yla bir s\u00fcre\u00e7 de\u011ferlendirmesi ger\u00e7ekten gerekli olur.<\/p>\n<\/div>\n\n\n\n<h2 class=\"wp-block-heading\" id=\"h-ursachen\">Nedenleri<\/h2>\n\n\n\n<figure class=\"wp-block-image size-full\"><img loading=\"lazy\" decoding=\"async\" width=\"750\" height=\"500\" src=\"https:\/\/elithair.com\/tr\/wp-content\/uploads\/sites\/10\/2026\/08\/bestand_97462.png\" alt=\"Sa\u00e7 derisindeki bir sa\u00e7 folik\u00fcl\u00fcn\u00fcn ill\u00fcstrasyonu\" class=\"wp-image-83320\" srcset=\"https:\/\/elithair.com\/tr\/wp-content\/uploads\/sites\/10\/2026\/08\/bestand_97462.png 750w, https:\/\/elithair.com\/tr\/wp-content\/uploads\/sites\/10\/2026\/08\/bestand_97462-300x200.png 300w\" sizes=\"(max-width: 767px) 100vw, 660px\" \/><\/figure>\n\n\n\n<p class=\"wp-block-paragraph\">Sa\u00e7 ekimi sonras\u0131nda sa\u00e7 kayb\u0131n\u0131n ortaya \u00e7\u0131kmas\u0131n\u0131n birden fazla nedeni vard\u0131r. \u00c7o\u011fu vakada bu, <strong>normal ve ge\u00e7ici bir s\u00fcre\u00e7tir<\/strong>: do\u011fal sa\u00e7 d\u00f6ng\u00fcs\u00fc ve sa\u00e7 derisinin iyile\u015fmesiyle yak\u0131ndan ba\u011flant\u0131l\u0131d\u0131r.<\/p>\n\n\n\n<h3 class=\"wp-block-heading\"><strong>Shock loss<\/strong><\/h3>\n\n\n\n<p class=\"wp-block-paragraph\">Asl\u0131nda <strong>sa\u00e7 ekimi sonras\u0131 sa\u00e7 d\u00f6k\u00fclmesinin<\/strong> arkas\u0131nda iki farkl\u0131 sa\u00e7 grubunu etkileyebilen tek ve ayn\u0131 mekanizma vard\u0131r. Folik\u00fcl i\u015flem s\u0131ras\u0131nda kan dola\u015f\u0131m\u0131ndan ayr\u0131l\u0131r ya da cerrahi travmayla uyar\u0131l\u0131r ve ard\u0131ndan dinlenme evresine (telogen evre) ge\u00e7er. Haftalar ya da aylar sonra yeniden b\u00fcy\u00fcme evresine (anajen evre) d\u00f6ner ve yeni sa\u00e7 olu\u015fur.<\/p>\n\n\n\n<p class=\"wp-block-paragraph\">Nakledilen sa\u00e7larda bu evre de\u011fi\u015fimi kurald\u0131r ve ad\u0131 shedding\u2019dir: Sa\u00e7 teli d\u00f6k\u00fcl\u00fcr, k\u00f6k kal\u0131r. Ger\u00e7ek shock loss\u2019tan ise \u00e7evredeki mevcut sa\u00e7lar da tepki verdi\u011finde s\u00f6z edilir. Bu durum nadirdir ve Okochi ve ark. (2024) de\u011ferlendirmesinde 621 hastan\u0131n y\u00fczde 3,7\u2019sinde g\u00f6r\u00fclm\u00fc\u015ft\u00fcr.<\/p>\n\n\n\n<h3 class=\"wp-block-heading\"><strong>Sa\u00e7 derisi i\u00e7in stres: i\u015flem s\u0131ras\u0131ndaki mekanik y\u00fck<\/strong><\/h3>\n\n\n\n<p class=\"wp-block-paragraph\">\u0130\u015flem s\u0131ras\u0131nda sa\u00e7 derisi hem don\u00f6r hem de al\u0131c\u0131 b\u00f6lgede mekanik olarak zorlan\u0131r. Bu y\u00fck, \u00e7evredeki nakledilmemi\u015f sa\u00e7 folik\u00fcllerini de etkileyebilir. Buna tepki olarak ge\u00e7ici bir d\u00f6k\u00fclme ortaya \u00e7\u0131kabilir; bu d\u00f6k\u00fclme iyile\u015fme s\u00fcrecinde \u00e7o\u011funlukla tamamen geriler.<\/p>\n\n\n\n<h3 class=\"wp-block-heading\"><strong>Di\u011fer etkenler: bak\u0131m hatalar\u0131 ve d\u0131\u015f etkiler<\/strong><\/h3>\n\n\n\n<p class=\"wp-block-paragraph\">D\u0131\u015f etkenler de i\u015flem sonras\u0131 sa\u00e7 kayb\u0131n\u0131 kolayla\u015ft\u0131rabilir:<\/p>\n\n\n\n<ul class=\"wp-block-list\">\n<li>Yetersiz veya yanl\u0131\u015f bak\u0131m, \u00f6rne\u011fin sert \u00fcr\u00fcnlerle temizlik ya da mekanik tahri\u015f<\/li>\n\n\n<li>Stres, sigara veya dengesiz beslenme gibi ya\u015fam tarz\u0131 etkenleri<\/li>\n\n\n<li>\u0130yile\u015fme d\u00f6neminde sa\u00e7 derisinin kan dola\u015f\u0131m\u0131n\u0131n bozulmas\u0131<\/li>\n<\/ul>\n\n\n\n<p class=\"wp-block-paragraph\">Bu etkenler, neden bir s\u00fcrecin di\u011ferinden daha ini\u015fli \u00e7\u0131k\u0131\u015fl\u0131 ge\u00e7ebilece\u011fini a\u00e7\u0131klar. Tek tek vakalarda riskin ne kadar y\u00fcksek oldu\u011funu ise a\u00e7\u0131klamaz. Bu konuda neyin kan\u0131tland\u0131\u011f\u0131n\u0131 ve neyin kan\u0131tlanmad\u0131\u011f\u0131n\u0131 bir sonraki b\u00f6l\u00fcm netle\u015ftiriyor.<\/p>\n\n\n\n<h3 class=\"wp-block-heading\">Riski hangi etkenler etkiler (ve hangileri etkilemez)<\/h3>\n\n\n\n<p class=\"wp-block-paragraph\">Sa\u00e7 ekimi sonras\u0131 shock loss riski yaln\u0131zca s\u0131n\u0131rl\u0131 \u00f6l\u00e7\u00fcde etkilenebilir, \u00e7\u00fcnk\u00fc sa\u00e7 derisinin uyar\u0131lmas\u0131 i\u015flemin kendisine aittir. Bug\u00fcne kadar kan\u0131tlanm\u0131\u015f tam olarak tek bir etken var: cinsiyet; kad\u0131nlar aleyhine 30,18\u2019lik bir odds oran\u0131yla (Okochi ve ark. 2024).<\/p>\n\n\n\n<p class=\"wp-block-paragraph\">\u0130kinci nokta ba\u015flang\u0131\u00e7 durumuyla ilgili. StatPearls, al\u0131c\u0131 b\u00f6lgede y\u00fczde 15\u2019ten fazla minyat\u00fcrize sa\u00e7 varsa i\u015flemden \u00f6nce 6 ila 12 ay ila\u00e7la stabilizasyon \u00f6neriyor; \u00e7\u00fcnk\u00fc y\u00fcksek minyat\u00fcrizasyon derecesi, ko\u015fullara g\u00f6re kal\u0131c\u0131 olabilen bir shock loss riskini art\u0131r\u0131yor (StatPearls NBK547740).<\/p>\n\n\n\n<p class=\"wp-block-paragraph\">\u0130mplantasyon yo\u011funlu\u011fu da \u015f\u00fcpheliler aras\u0131nda. 28 hastal\u0131k bir olgu serisi, santimetrekare ba\u015f\u0131na 50 ila 70 folik\u00fcler \u00fcnitelik y\u00fcksek bir yo\u011funlukla ba\u011flant\u0131l\u0131 olarak hemen ortaya \u00e7\u0131kan, \u015ferit bi\u00e7iminde bir d\u00f6k\u00fclme tarif ediyor (Mir-Bonaf\u00e9 ve ark., Actas Dermo-Sifiliogr\u00e1ficas 2023). Bir olgu serisi s\u0131kl\u0131k kan\u0131tlamaz, olas\u0131 bir ba\u011flant\u0131ya i\u015faret eder.<\/p>\n\n\n\n<p class=\"wp-block-paragraph\">Bir\u00e7ok hasta, ense b\u00f6lgesindeki sa\u00e7 d\u00f6k\u00fclmesinin anestezi i\u011fnelerinden kaynaklan\u0131p kaynaklanmad\u0131\u011f\u0131n\u0131 soruyor. Bu konu ara\u015ft\u0131r\u0131lm\u0131\u015f de\u011fil. Romera de Blas ve ark. (2026) derlemesi damar daralt\u0131c\u0131 etken maddeleri ve b\u00f6lgesel kan ak\u0131m\u0131 azalmas\u0131n\u0131 d\u00f6k\u00fclmenin etkenleri aras\u0131nda sayd\u0131\u011f\u0131 i\u00e7in akla yatk\u0131n g\u00f6r\u00fcn\u00fcyor. Ancak t\u00fcmesan sol\u00fcsyonu bu h\u00e2liyle kan\u0131tlanm\u0131\u015f bir neden olarak g\u00f6sterilemez.<\/p>\n\n\n\n<p class=\"wp-block-paragraph\">Al\u0131m tekni\u011finin, greft say\u0131s\u0131n\u0131n veya seans b\u00fcy\u00fckl\u00fc\u011f\u00fcn\u00fcn shock loss s\u0131kl\u0131\u011f\u0131 \u00fczerindeki etkisine dair g\u00fcvenilir kar\u015f\u0131la\u015ft\u0131rma verisi yok. Bir tekni\u011fi shock loss\u2019a kar\u015f\u0131 koruma olarak pazarlayan, veri durumunun \u00f6tesine ge\u00e7mi\u015f olur. Geriye kalan \u015fu: minyat\u00fcrizasyonun ve yo\u011funlu\u011fun de\u011ferlendirildi\u011fi bir hekim \u00f6n muayenesi, ger\u00e7ek\u00e7i planlanm\u0131\u015f bir yo\u011funluk ve s\u00fcre\u00e7te sab\u0131r.<\/p>\n\n\n\n<h2 class=\"wp-block-heading\" id=\"h-ist-der-ausfall-der-haare-normal\">Sa\u00e7lar\u0131n d\u00f6k\u00fclmesi normal mi?<\/h2>\n\n\n\n<style>\n.youtube-container {\n\tdisplay: block;\n\tmargin: 20px auto;\n\twidth: 100%;\n}\n.youtube-player1 {\n\tdisplay: block;\n\twidth: 100%;\n\tpadding-bottom: 56.25%;\n\toverflow: hidden;\n\tposition: relative;\n\theight: 100%;\n\tcursor: pointer;\n\tborder-radius: 2rem;\n\toverflow: hidden;\n}\n.youtube-player1 img.youtube-thumb {\n\tbottom: 0;\n\tdisplay: block;\n\tleft: 0;\n\tmargin: auto;\n\tmax-width: 100%;\n\twidth: 100%;\n\tposition: absolute;\n\tright: 0;\n\ttop: 0;\n\theight: auto;\n\tmargin-bottom: auto !important;\n}\n.youtube-player1 .play-button {\n\tcontent: \"\";\n\twidth: 90px;\n\theight: 90px;\n\t\tbackground-image: url(https:\/\/elithair.com\/tr\/wp-content\/uploads\/sites\/10\/2026\/06\/play-pause-gif-s.gif);\n\t\tbackground-repeat: no-repeat;\n\tbackground-size: contain;\n\tposition: absolute;\n\ttop: 50%;\n\tleft: 50%;\n\tz-index: 9;\n\ttransform: translate(-50%, -50%);\n\tbackground-color: #0000000d;\n}\n.youtube-player1 .youtube-iframe-el {\n\twidth: 100%;\n\theight: 100%;\n\tposition: absolute;\n\ttop: 0;\n\tleft: 0;\n}\n<\/style>\n\n<div class=\"youtube-container\">\n\t<div\n\t\tclass=\"youtube-player1\"\n\t\tdata-id=\"6cK_ad3hABw\"\n\t\tdata-alt=\"Kopf eines Patienten nach der Haartransplantation, bei dem die Haare nicht ausgefallen sind\"\n\t\tdata-iframe-id=\"youtube-iframe-6421c54d1920\"\n\t><\/div>\n<\/div>\n\n<script>\n(function() {\n\tfunction escAttr(s) {\n\t\treturn String(s == null ? '' : s)\n\t\t\t.replace(\/&\/g, '&amp;')\n\t\t\t.replace(\/\"\/g, '&quot;')\n\t\t\t.replace(\/<\/g, '&lt;')\n\t\t\t.replace(\/>\/g, '&gt;');\n\t}\n\tfunction labnolThumb(id, alt) {\n\t\treturn '<img decoding=\"async\" class=\"youtube-thumb\" src=\"https:\/\/i.ytimg.com\/vi\/' + id + '\/hqdefault.jpg\" alt=\"' + escAttr(alt) + '\"><div class=\"play-button\"><\/div>';\n\t}\n\tfunction labnolIframe(ev) {\n\t\tvar wrap = ev.currentTarget;\n\t\tvar root = wrap.parentNode;\n\t\tif (!root || !root.dataset || !root.dataset.id) {\n\t\t\treturn;\n\t\t}\n\t\tvar iframe = document.createElement('iframe');\n\t\tiframe.setAttribute(\n\t\t\t'src',\n\t\t\t'https:\/\/www.youtube.com\/embed\/' +\n\t\t\t\troot.dataset.id +\n\t\t\t\t'?autoplay=1&autohide=2&border=0&wmode=opaque&enablejsapi=1&controls=1&showinfo=0'\n\t\t);\n\t\tiframe.setAttribute('frameborder', '0');\n\t\tiframe.setAttribute('allowfullscreen', 'allowfullscreen');\n\t\tiframe.setAttribute('class', 'youtube-iframe-el');\n\t\tif (root.dataset.iframeId) {\n\t\t\tiframe.setAttribute('id', root.dataset.iframeId);\n\t\t}\n\t\troot.replaceChild(iframe, wrap);\n\t}\n\tfunction initGlobalYoutubePlayers() {\n\t\tvar nodes = document.querySelectorAll('.youtube-player1:not([data-yt-inited])');\n\t\tfor (var i = 0; i < nodes.length; i++) {\n\t\t\tvar v = nodes[i];\n\t\t\tv.setAttribute('data-yt-inited', '1');\n\t\t\tvar id = v.dataset.id;\n\t\t\tif (!id) {\n\t\t\t\tcontinue;\n\t\t\t}\n\t\t\tvar alt = v.dataset.alt || '';\n\t\t\tvar p = document.createElement('div');\n\t\t\tp.innerHTML = labnolThumb(id, alt);\n\t\t\tp.addEventListener('click', labnolIframe);\n\t\t\tv.appendChild(p);\n\t\t}\n\t}\n\tfunction boot() {\n\t\tinitGlobalYoutubePlayers();\n\t}\n\tif (document.readyState === 'loading') {\n\t\tdocument.addEventListener('DOMContentLoaded', boot);\n\t} else {\n\t\tboot();\n\t}\n})();\n<\/script>\n\n\n\n<p class=\"wp-block-paragraph\">Evet, <strong>sa\u00e7 ekimi sonras\u0131 sa\u00e7 d\u00f6k\u00fclmesi<\/strong> ilk haftalarda tamamen normaldir ve do\u011fal iyile\u015fme s\u00fcrecinin bir par\u00e7as\u0131d\u0131r. Shock loss olarak adland\u0131r\u0131lan bu durum, ortaya \u00e7\u0131kt\u0131\u011f\u0131nda \u00e7o\u011funlukla ilk <strong>2 ila 8 hafta<\/strong> i\u00e7inde g\u00f6r\u00fcl\u00fcr. Bu s\u0131rada nakledilen sa\u00e7lar d\u00f6k\u00fcl\u00fcr, sa\u00e7 k\u00f6kleri ise sa\u00e7 derisinde sa\u011flam kal\u0131r ve bir sonraki b\u00fcy\u00fcme evresine haz\u0131rlan\u0131r.<\/p>\n\n\n\n<h3 class=\"wp-block-heading\"><strong>Yeni sa\u00e7 b\u00fcy\u00fcmesi ne zaman ba\u015flar?<\/strong><\/h3>\n\n\n\n<p class=\"wp-block-paragraph\">Yeniden sa\u00e7 b\u00fcy\u00fcmesi kural olarak yakla\u015f\u0131k <strong>3 ila 6 ay<\/strong> sonra ba\u015flar; uzman veri taban\u0131 StatPearls da shock loss sonras\u0131 d\u00f6nem i\u00e7in bunu b\u00f6yle tarif ediyor (NBK547740). Yeni sa\u00e7lar \u00f6nce daha ince ve d\u00fczensiz g\u00f6r\u00fcn\u00fcr, g\u00fc\u00e7 ve yo\u011funlu\u011fu ancak aylar ge\u00e7tik\u00e7e kazan\u0131r. Nihai sonuca kadarki t\u00fcm s\u00fcreci bir sonraki b\u00f6l\u00fcm ay ay g\u00f6steriyor.<\/p>\n\n\n\n<p class=\"wp-block-paragraph\">Buna kar\u015f\u0131l\u0131k, tedavi edilen b\u00f6lgenin d\u0131\u015f\u0131na yay\u0131lan, 6. aydan sonra artan veya iltihap belirtileriyle birlikte g\u00f6r\u00fclen bir sa\u00e7 kayb\u0131 normal de\u011fildir. Bu t\u00fcr de\u011fi\u015fikliklerde tedaviyi yapan klinikle erkenden g\u00f6r\u00fc\u015fmek yerinde olur.<\/p>\n\n\n\n<h2 class=\"wp-block-heading\" id=\"h-wie-lange-dauert-der-haarverlust-nach-einer-haartransplantation\">Sa\u00e7 ekimi sonras\u0131 sa\u00e7 kayb\u0131 ne kadar s\u00fcrer?<\/h2>\n\n\n\n<figure class=\"wp-block-image size-full\"><img loading=\"lazy\" decoding=\"async\" width=\"750\" height=\"500\" src=\"https:\/\/elithair.com\/tr\/wp-content\/uploads\/sites\/10\/2026\/08\/bestand_97463.png\" alt=\"Bir takvimin \u00f6n\u00fcnde durup d\u00fc\u015f\u00fcnceli \u015fekilde takvime bakan bir erkek fig\u00fcr\u00fc\" class=\"wp-image-83321\" srcset=\"https:\/\/elithair.com\/tr\/wp-content\/uploads\/sites\/10\/2026\/08\/bestand_97463.png 750w, https:\/\/elithair.com\/tr\/wp-content\/uploads\/sites\/10\/2026\/08\/bestand_97463-300x200.png 300w\" sizes=\"(max-width: 767px) 100vw, 660px\" \/><\/figure>\n\n\n\n<h3 class=\"wp-block-heading\"><strong>\u0130lk haftalarda sa\u00e7 d\u00f6k\u00fclmesi<\/strong><\/h3>\n\n\n\n<p class=\"wp-block-paragraph\">Sa\u00e7 ekiminden sonra shock loss denen durum ortaya \u00e7\u0131kabilir; bu \u00e7o\u011funlukla ilk iki ila sekiz hafta i\u00e7inde olur. Bu s\u0131rada nakledilen sa\u00e7lar ge\u00e7ici olarak d\u00f6k\u00fcl\u00fcr, \u00e7\u00fcnk\u00fc sa\u00e7 folik\u00fclleri bir dinlenme evresine (telogen evre) ge\u00e7er. Bu normal bir s\u00fcre\u00e7tir ve kural olarak endi\u015fe sebebi de\u011fildir: Sa\u00e7 k\u00f6kleri yerinde kal\u0131r ve bir s\u00fcre sonra yeniden b\u00fcy\u00fcmeye ba\u015flar.<\/p>\n\n\n\n<h3 class=\"wp-block-heading\"><strong>Zaman \u00e7izelgesi: 1. haftadan 18. aya<\/strong><\/h3>\n\n\n\n<p class=\"wp-block-paragraph\">Sa\u00e7 ekimi sonras\u0131ndaki s\u00fcre\u00e7 ki\u015fiden ki\u015fiye de\u011fi\u015fir, ancak \u00e7o\u011funlukla benzer bir \u00f6r\u00fcnt\u00fcy\u00fc izler: 2 ila 8. haftalarda shedding, 3 ila 6. aydan itibaren yeniden b\u00fcy\u00fcme, 12. aydan itibaren sonucun de\u011ferlendirilmesi.<\/p>\n\n\n\n<ul class=\"wp-block-list\">\n<li><strong>Yakla\u015f\u0131k 3. aydan itibaren:<\/strong> \u0130lk ince, \u00e7o\u011fu zaman h\u00e2l\u00e2 zay\u0131f sa\u00e7lar \u00e7\u0131kmaya ba\u015flar<\/li>\n\n\n<li><strong>Yakla\u015f\u0131k 6 ay sonra:<\/strong> Sa\u00e7lar g\u00f6r\u00fcn\u00fcr bi\u00e7imde yo\u011funluk ve g\u00fc\u00e7 kazan\u0131r; bu bir ara durumdur, nihai sonu\u00e7 de\u011fil<\/li>\n\n\n<li><strong>9 ila 12 ay sonra:<\/strong> Sa\u00e7 b\u00fcy\u00fcmesi b\u00fcy\u00fck \u00f6l\u00e7\u00fcde tamamlan\u0131r, nakledilen sa\u00e7lar do\u011fal yap\u0131lar\u0131na kavu\u015fur<\/li>\n\n\n<li><strong>12 ila 18 ay sonra:<\/strong> Tepe b\u00f6lgesinde ve yo\u011fun ekim yap\u0131lan alanlarda sa\u00e7 \u00e7ap\u0131 ve pigmentasyon artmay\u0131 s\u00fcrd\u00fcr\u00fcr<\/li>\n<\/ul>\n\n\n\n<p class=\"wp-block-paragraph\">\u0130ngiliz sa\u011fl\u0131k hizmeti NHS\u2019in hasta bilgilendirmesi de ayn\u0131 b\u00fcy\u00fckl\u00fckleri veriyor: Yeni sa\u00e7lar kural olarak yakla\u015f\u0131k d\u00f6rt ay sonra g\u00f6r\u00fcn\u00fcr, tam sonu\u00e7 10 ila 18 ay sonra ortaya \u00e7\u0131kar. StatPearls kliniklere, greftler olgunla\u015fana kadar 6 ila 12 ay boyunca foto\u011frafl\u0131 takip \u00f6neriyor (StatPearls NBK547740).<\/p>\n\n\n\n<p class=\"wp-block-paragraph\">A\u015fa\u011f\u0131daki tablo bu s\u00fcreci ay ay s\u0131ral\u0131yor: hangi zamanda ne g\u00f6r\u00fcrs\u00fcn\u00fcz, folik\u00fclde ne olur ve bu bulgu normal seyre ait midir. Don\u00f6r b\u00f6lge en sonda ayr\u0131 bir sat\u0131r olarak yer al\u0131yor.<\/p>\n\n\n\n<style>\n@media (max-width:640px){\n.rt-table-wrap{overflow-x:visible!important;border:0!important;border-radius:0!important}\n.rt-table{min-width:0!important}\n.rt-table thead{display:none}\n.rt-table,.rt-table tbody,.rt-table tr,.rt-table td{display:block;width:100%}\n.rt-table caption{display:block;padding:0 0 12px!important}\n.rt-table tr{margin:0 0 12px;border:1px solid #dbe4f0;border-radius:10px;overflow:hidden}\n.rt-table tr:last-child{margin-bottom:0}\n.rt-table td{display:flex!important;flex-direction:column;gap:3px;padding:12px 14px!important;\nborder:0!important;border-bottom:1px solid #e3e8ef!important;background:#ffffff!important}\n.rt-table tr td:last-child{border-bottom:0!important}\n.rt-table td::before{content:attr(data-label);font-size:12px;font-weight:700;letter-spacing:.04em;\ntext-transform:uppercase;color:#5799F1}\n.rt-table td:not([data-label])::before,.rt-table td[data-label=\"\"]::before{display:none}\n}\n<\/style>\n<div class=\"rt-table-wrap\" style=\"overflow-x:auto;-webkit-overflow-scrolling:touch;margin:28px 0;border:1px solid #dbe4f0;border-radius:12px\">\n  <table class=\"rt-table\" style=\"width:100%;min-width:660px;table-layout:fixed;border-collapse:separate;border-spacing:0;font-size:15px;margin:0\">\n    <caption style=\"caption-side:top;text-align:left;color:#003366;font-weight:700;font-size:16px;line-height:1.35;padding:14px 16px 10px;background:#ffffff\">Sa\u00e7 ekimi sonras\u0131 ay ay<\/caption>\n    <thead>\n      <tr>\n        <th style=\"width:22%;background:#003366;color:#ffffff;font-weight:700;text-align:left;vertical-align:middle;padding:13px 16px;font-size:15px;line-height:1.4;border:0;overflow-wrap:break-word\">Zaman<\/th>\n        <th style=\"background:#003366;color:#ffffff;font-weight:700;text-align:left;vertical-align:middle;padding:13px 16px;font-size:15px;line-height:1.4;border:0;overflow-wrap:break-word\">Ne g\u00f6r\u00fcrs\u00fcn\u00fcz<\/th>\n        <th style=\"background:#003366;color:#ffffff;font-weight:700;text-align:left;vertical-align:middle;padding:13px 16px;font-size:15px;line-height:1.4;border:0;overflow-wrap:break-word\">Folik\u00fclde ne olur<\/th>\n        <th style=\"background:#003366;color:#ffffff;font-weight:700;text-align:left;vertical-align:middle;padding:13px 16px;font-size:15px;line-height:1.4;border:0;overflow-wrap:break-word\">Normal mi?<\/th>\n      <\/tr>\n    <\/thead>\n    <tbody>\n      <tr>\n        <td data-label=\"Zaman\" style=\"background:#ffffff;color:#003366;font-weight:700;text-align:left;vertical-align:top;padding:13px 16px;font-size:15px;line-height:1.55;border:0;border-bottom:1px solid #e3e8ef;overflow-wrap:break-word\">1. hafta<\/td>\n        <td data-label=\"Ne g\u00f6r\u00fcrs\u00fcn\u00fcz\" style=\"background:#ffffff;color:#22303e;font-weight:400;text-align:left;vertical-align:top;padding:13px 16px;font-size:15px;line-height:1.55;border:0;border-bottom:1px solid #e3e8ef;overflow-wrap:break-word\">kabuklar, k\u0131zar\u0131kl\u0131k, k\u0131sa yerle\u015ftirilmi\u015f sa\u00e7lar<\/td>\n        <td data-label=\"Folik\u00fclde ne olur\" style=\"background:#ffffff;color:#22303e;font-weight:400;text-align:left;vertical-align:top;padding:13px 16px;font-size:15px;line-height:1.55;border:0;border-bottom:1px solid #e3e8ef;overflow-wrap:break-word\">yara iyile\u015fmesi, greftler yerine oturur<\/td>\n        <td data-label=\"Normal mi?\" style=\"background:#ffffff;color:#22303e;font-weight:400;text-align:left;vertical-align:top;padding:13px 16px;font-size:15px;line-height:1.55;border:0;border-bottom:1px solid #e3e8ef;overflow-wrap:break-word\">evet<\/td>\n      <\/tr>\n      <tr>\n        <td data-label=\"Zaman\" style=\"background:#f6f9fc;color:#003366;font-weight:700;text-align:left;vertical-align:top;padding:13px 16px;font-size:15px;line-height:1.55;border:0;border-bottom:1px solid #e3e8ef;overflow-wrap:break-word\">2 ila 4. hafta<\/td>\n        <td data-label=\"Ne g\u00f6r\u00fcrs\u00fcn\u00fcz\" style=\"background:#f6f9fc;color:#22303e;font-weight:400;text-align:left;vertical-align:top;padding:13px 16px;font-size:15px;line-height:1.55;border:0;border-bottom:1px solid #e3e8ef;overflow-wrap:break-word\">ilk nakledilen sa\u00e7lar d\u00f6k\u00fcl\u00fcr, kabuklar kalkar<\/td>\n        <td data-label=\"Folik\u00fclde ne olur\" style=\"background:#f6f9fc;color:#22303e;font-weight:400;text-align:left;vertical-align:top;padding:13px 16px;font-size:15px;line-height:1.55;border:0;border-bottom:1px solid #e3e8ef;overflow-wrap:break-word\">nakledilen folik\u00fcller dinlenme evresine (telogen) ge\u00e7er<\/td>\n        <td data-label=\"Normal mi?\" style=\"background:#f6f9fc;color:#22303e;font-weight:400;text-align:left;vertical-align:top;padding:13px 16px;font-size:15px;line-height:1.55;border:0;border-bottom:1px solid #e3e8ef;overflow-wrap:break-word\">evet<\/td>\n      <\/tr>\n      <tr>\n        <td data-label=\"Zaman\" style=\"background:#ffffff;color:#003366;font-weight:700;text-align:left;vertical-align:top;padding:13px 16px;font-size:15px;line-height:1.55;border:0;border-bottom:1px solid #e3e8ef;overflow-wrap:break-word\">4 ila 8. hafta<\/td>\n        <td data-label=\"Ne g\u00f6r\u00fcrs\u00fcn\u00fcz\" style=\"background:#ffffff;color:#22303e;font-weight:400;text-align:left;vertical-align:top;padding:13px 16px;font-size:15px;line-height:1.55;border:0;border-bottom:1px solid #e3e8ef;overflow-wrap:break-word\">shedding\u2019in en yo\u011fun d\u00f6nemi, b\u00f6lge i\u015flemden hemen sonraki h\u00e2linden daha bo\u015f g\u00f6r\u00fcn\u00fcr<\/td>\n        <td data-label=\"Folik\u00fclde ne olur\" style=\"background:#ffffff;color:#22303e;font-weight:400;text-align:left;vertical-align:top;padding:13px 16px;font-size:15px;line-height:1.55;border:0;border-bottom:1px solid #e3e8ef;overflow-wrap:break-word\">dinlenme evresi, k\u00f6kler sa\u00e7 derisinde kal\u0131r<\/td>\n        <td data-label=\"Normal mi?\" style=\"background:#ffffff;color:#22303e;font-weight:400;text-align:left;vertical-align:top;padding:13px 16px;font-size:15px;line-height:1.55;border:0;border-bottom:1px solid #e3e8ef;overflow-wrap:break-word\">evet<\/td>\n      <\/tr>\n      <tr>\n        <td data-label=\"Zaman\" style=\"background:#f6f9fc;color:#003366;font-weight:700;text-align:left;vertical-align:top;padding:13px 16px;font-size:15px;line-height:1.55;border:0;border-bottom:1px solid #e3e8ef;overflow-wrap:break-word\">3. ay<\/td>\n        <td data-label=\"Ne g\u00f6r\u00fcrs\u00fcn\u00fcz\" style=\"background:#f6f9fc;color:#22303e;font-weight:400;text-align:left;vertical-align:top;padding:13px 16px;font-size:15px;line-height:1.55;border:0;border-bottom:1px solid #e3e8ef;overflow-wrap:break-word\">\u00e7o\u011funlukla hen\u00fcz belirgin bir de\u011fi\u015fiklik yok, ilk ince t\u00fcyler g\u00f6r\u00fclebilir<\/td>\n        <td data-label=\"Folik\u00fclde ne olur\" style=\"background:#f6f9fc;color:#22303e;font-weight:400;text-align:left;vertical-align:top;padding:13px 16px;font-size:15px;line-height:1.55;border:0;border-bottom:1px solid #e3e8ef;overflow-wrap:break-word\">b\u00fcy\u00fcme evresine (anajen) ge\u00e7i\u015f, e\u015fzamanl\u0131 de\u011fil<\/td>\n        <td data-label=\"Normal mi?\" style=\"background:#f6f9fc;color:#22303e;font-weight:400;text-align:left;vertical-align:top;padding:13px 16px;font-size:15px;line-height:1.55;border:0;border-bottom:1px solid #e3e8ef;overflow-wrap:break-word\">evet<\/td>\n      <\/tr>\n      <tr>\n        <td data-label=\"Zaman\" style=\"background:#ffffff;color:#003366;font-weight:700;text-align:left;vertical-align:top;padding:13px 16px;font-size:15px;line-height:1.55;border:0;border-bottom:1px solid #e3e8ef;overflow-wrap:break-word\">4 ila 5. ay<\/td>\n        <td data-label=\"Ne g\u00f6r\u00fcrs\u00fcn\u00fcz\" style=\"background:#ffffff;color:#22303e;font-weight:400;text-align:left;vertical-align:top;padding:13px 16px;font-size:15px;line-height:1.55;border:0;border-bottom:1px solid #e3e8ef;overflow-wrap:break-word\">ince, a\u00e7\u0131k renkli, k\u0131sa sa\u00e7lar d\u00fczensiz bi\u00e7imde belirir<\/td>\n        <td data-label=\"Folik\u00fclde ne olur\" style=\"background:#ffffff;color:#22303e;font-weight:400;text-align:left;vertical-align:top;padding:13px 16px;font-size:15px;line-height:1.55;border:0;border-bottom:1px solid #e3e8ef;overflow-wrap:break-word\">yeni sa\u00e7 telleri b\u00fcy\u00fcr, \u00e7ap h\u00e2l\u00e2 k\u00fc\u00e7\u00fck<\/td>\n        <td data-label=\"Normal mi?\" style=\"background:#ffffff;color:#22303e;font-weight:400;text-align:left;vertical-align:top;padding:13px 16px;font-size:15px;line-height:1.55;border:0;border-bottom:1px solid #e3e8ef;overflow-wrap:break-word\">evet<\/td>\n      <\/tr>\n      <tr>\n        <td data-label=\"Zaman\" style=\"background:#f6f9fc;color:#003366;font-weight:700;text-align:left;vertical-align:top;padding:13px 16px;font-size:15px;line-height:1.55;border:0;border-bottom:1px solid #e3e8ef;overflow-wrap:break-word\">6. ay<\/td>\n        <td data-label=\"Ne g\u00f6r\u00fcrs\u00fcn\u00fcz\" style=\"background:#f6f9fc;color:#22303e;font-weight:400;text-align:left;vertical-align:top;padding:13px 16px;font-size:15px;line-height:1.55;border:0;border-bottom:1px solid #e3e8ef;overflow-wrap:break-word\">g\u00f6r\u00fcn\u00fcr bir art\u0131\u015f, \u00e7o\u011fu zaman h\u00e2l\u00e2 bo\u015fluklar ve seyrek b\u00f6lgeler<\/td>\n        <td data-label=\"Folik\u00fclde ne olur\" style=\"background:#f6f9fc;color:#22303e;font-weight:400;text-align:left;vertical-align:top;padding:13px 16px;font-size:15px;line-height:1.55;border:0;border-bottom:1px solid #e3e8ef;overflow-wrap:break-word\">folik\u00fcllerin bir k\u0131sm\u0131 hen\u00fcz ba\u015flamam\u0131\u015ft\u0131r<\/td>\n        <td data-label=\"Normal mi?\" style=\"background:#f6f9fc;color:#22303e;font-weight:400;text-align:left;vertical-align:top;padding:13px 16px;font-size:15px;line-height:1.55;border:0;border-bottom:1px solid #e3e8ef;overflow-wrap:break-word\">evet, a\u00e7\u0131k\u00e7a bir ara durum<\/td>\n      <\/tr>\n      <tr>\n        <td data-label=\"Zaman\" style=\"background:#ffffff;color:#003366;font-weight:700;text-align:left;vertical-align:top;padding:13px 16px;font-size:15px;line-height:1.55;border:0;border-bottom:1px solid #e3e8ef;overflow-wrap:break-word\">9. ay<\/td>\n        <td data-label=\"Ne g\u00f6r\u00fcrs\u00fcn\u00fcz\" style=\"background:#ffffff;color:#22303e;font-weight:400;text-align:left;vertical-align:top;padding:13px 16px;font-size:15px;line-height:1.55;border:0;border-bottom:1px solid #e3e8ef;overflow-wrap:break-word\">belirgin bi\u00e7imde daha fazla yo\u011funluk, sa\u00e7lar kal\u0131nla\u015f\u0131r ve koyula\u015f\u0131r<\/td>\n        <td data-label=\"Folik\u00fclde ne olur\" style=\"background:#ffffff;color:#22303e;font-weight:400;text-align:left;vertical-align:top;padding:13px 16px;font-size:15px;line-height:1.55;border:0;border-bottom:1px solid #e3e8ef;overflow-wrap:break-word\">\u00e7ap\u0131n ve pigmentasyonun olgunla\u015fmas\u0131<\/td>\n        <td data-label=\"Normal mi?\" style=\"background:#ffffff;color:#22303e;font-weight:400;text-align:left;vertical-align:top;padding:13px 16px;font-size:15px;line-height:1.55;border:0;border-bottom:1px solid #e3e8ef;overflow-wrap:break-word\">evet<\/td>\n      <\/tr>\n      <tr>\n        <td data-label=\"Zaman\" style=\"background:#f6f9fc;color:#003366;font-weight:700;text-align:left;vertical-align:top;padding:13px 16px;font-size:15px;line-height:1.55;border:0;border-bottom:1px solid #e3e8ef;overflow-wrap:break-word\">12. ay<\/td>\n        <td data-label=\"Ne g\u00f6r\u00fcrs\u00fcn\u00fcz\" style=\"background:#f6f9fc;color:#22303e;font-weight:400;text-align:left;vertical-align:top;padding:13px 16px;font-size:15px;line-height:1.55;border:0;border-bottom:1px solid #e3e8ef;overflow-wrap:break-word\">sonu\u00e7 kural olarak de\u011ferlendirilebilir<\/td>\n        <td data-label=\"Folik\u00fclde ne olur\" style=\"background:#f6f9fc;color:#22303e;font-weight:400;text-align:left;vertical-align:top;padding:13px 16px;font-size:15px;line-height:1.55;border:0;border-bottom:1px solid #e3e8ef;overflow-wrap:break-word\">folik\u00fcllerin \u00e7o\u011fu b\u00fcy\u00fcmeye ge\u00e7mi\u015ftir<\/td>\n        <td data-label=\"Normal mi?\" style=\"background:#f6f9fc;color:#22303e;font-weight:400;text-align:left;vertical-align:top;padding:13px 16px;font-size:15px;line-height:1.55;border:0;border-bottom:1px solid #e3e8ef;overflow-wrap:break-word\">de\u011ferlendirme zaman\u0131<\/td>\n      <\/tr>\n      <tr>\n        <td data-label=\"Zaman\" style=\"background:#ffffff;color:#003366;font-weight:700;text-align:left;vertical-align:top;padding:13px 16px;font-size:15px;line-height:1.55;border:0;border-bottom:1px solid #e3e8ef;overflow-wrap:break-word\">15 ila 18. ay<\/td>\n        <td data-label=\"Ne g\u00f6r\u00fcrs\u00fcn\u00fcz\" style=\"background:#ffffff;color:#22303e;font-weight:400;text-align:left;vertical-align:top;padding:13px 16px;font-size:15px;line-height:1.55;border:0;border-bottom:1px solid #e3e8ef;overflow-wrap:break-word\">son art\u0131\u015f, \u00f6zellikle tepe b\u00f6lgesinde ve yo\u011fun alanlarda<\/td>\n        <td data-label=\"Folik\u00fclde ne olur\" style=\"background:#ffffff;color:#22303e;font-weight:400;text-align:left;vertical-align:top;padding:13px 16px;font-size:15px;line-height:1.55;border:0;border-bottom:1px solid #e3e8ef;overflow-wrap:break-word\">kalan olgunla\u015fma<\/td>\n        <td data-label=\"Normal mi?\" style=\"background:#ffffff;color:#22303e;font-weight:400;text-align:left;vertical-align:top;padding:13px 16px;font-size:15px;line-height:1.55;border:0;border-bottom:1px solid #e3e8ef;overflow-wrap:break-word\">evet<\/td>\n      <\/tr>\n      <tr>\n        <td data-label=\"Zaman\" style=\"background:#f6f9fc;color:#003366;font-weight:700;text-align:left;vertical-align:top;padding:13px 16px;font-size:15px;line-height:1.55;border:0;overflow-wrap:break-word\">Don\u00f6r b\u00f6lge<\/td>\n        <td data-label=\"Ne g\u00f6r\u00fcrs\u00fcn\u00fcz\" style=\"background:#f6f9fc;color:#22303e;font-weight:400;text-align:left;vertical-align:top;padding:13px 16px;font-size:15px;line-height:1.55;border:0;overflow-wrap:break-word\">t\u0131ra\u015flanan b\u00f6lge 2 ila 6. haftalarda kapan\u0131r, bir d\u00f6k\u00fclme 3 ila 6 ay i\u00e7inde geriler<\/td>\n        <td data-label=\"Folik\u00fclde ne olur\" style=\"background:#f6f9fc;color:#22303e;font-weight:400;text-align:left;vertical-align:top;padding:13px 16px;font-size:15px;line-height:1.55;border:0;overflow-wrap:break-word\">al\u0131m noktalar\u0131n\u0131n yara iyile\u015fmesi, kom\u015fu sa\u00e7lar\u0131n evre de\u011fi\u015fimi<\/td>\n        <td data-label=\"Normal mi?\" style=\"background:#f6f9fc;color:#22303e;font-weight:400;text-align:left;vertical-align:top;padding:13px 16px;font-size:15px;line-height:1.55;border:0;overflow-wrap:break-word\">evet<\/td>\n      <\/tr>\n    <\/tbody>\n  <\/table>\n<\/div>\n\n\n\n<h3 class=\"wp-block-heading\"><strong>Sab\u0131r neden belirleyici<\/strong><\/h3>\n\n\n\n<p class=\"wp-block-paragraph\">Bir\u00e7ok hasta, <strong>sa\u00e7 ekimi sonras\u0131 sa\u00e7 d\u00f6k\u00fclmesi<\/strong> daha uzun s\u00fcrd\u00fc\u011f\u00fcnde ya da b\u00fcy\u00fcme ba\u015flang\u0131\u00e7ta d\u00fczensiz g\u00f6r\u00fcnd\u00fc\u011f\u00fcnde tedirgin oluyor. Bu, \u00e7o\u011fu vakada bir sorunun i\u015fareti de\u011fil, do\u011fal sa\u00e7 d\u00f6ng\u00fcs\u00fcn\u00fcn bir yans\u0131mas\u0131d\u0131r: Folik\u00fcller e\u015fzamanl\u0131 de\u011fil, aylara yay\u0131larak ba\u015flar.<\/p>\n\n\n\n<p class=\"wp-block-paragraph\">Bu nedenle sonu\u00e7 12. aydan \u00f6nce kesin olarak de\u011ferlendirilemez ve bu nedenle o tarihten \u00f6nceki her ara bilan\u00e7o yaln\u0131zca anl\u0131k bir g\u00f6r\u00fcnt\u00fcd\u00fcr. Tutarl\u0131 bir bak\u0131m s\u00fcreci destekler, ancak s\u00fcreci h\u0131zland\u0131rmak m\u00fcmk\u00fcn de\u011fildir.<\/p>\n\n\n\n<h2 class=\"wp-block-heading\">6 aydan sonra h\u00e2l\u00e2 bo\u015fluk var: nihai sonuca kadar b\u00fcy\u00fcme e\u011frisi<\/h2>\n\n\n\n<p class=\"wp-block-paragraph\">Sa\u00e7 ekiminden alt\u0131 ay sonra g\u00f6r\u00fclen bo\u015fluklar nihai durum de\u011fildir. Yakla\u015f\u0131k alt\u0131 ay sonra bir ara durum g\u00f6r\u00fcn\u00fcr h\u00e2le gelir; yo\u011funluk ve sa\u00e7 \u00e7ap\u0131 12. aya kadar, tepe b\u00f6lgesinde ve yo\u011fun ekim yap\u0131lan alanlarda k\u0131smen 15 ila 18. aya kadar artmay\u0131 s\u00fcrd\u00fcr\u00fcr. NHS tam sonu\u00e7 i\u00e7in 10 ila 18 ay belirtiyor.<\/p>\n\n\n\n<p class=\"wp-block-paragraph\">Alt\u0131 ay sonra sonucun y\u00fczde ka\u00e7\u0131n\u0131n g\u00f6r\u00fcnd\u00fc\u011f\u00fcne dair g\u00fcvenilir bir say\u0131 yok. Ne StatPearls, ne NHS, ne de 2026 tarihli derleme b\u00f6yle bir oran veriyor. \u201cAlt\u0131 ayda yar\u0131s\u0131\u201d gibi ifadeler klinik pazarlamas\u0131ndan geliyor, \u00e7al\u0131\u015fmalardan de\u011fil.<\/p>\n\n\n<div class=\"wp-block-image\">\n<figure class=\"aligncenter size-large is-resized\" style=\"max-width:720px;margin-left:auto;margin-right:auto\"><img loading=\"lazy\" decoding=\"async\" width=\"1536\" height=\"1024\" src=\"https:\/\/elithair.com\/tr\/wp-content\/uploads\/sites\/10\/2026\/08\/neue_haare_makro.png\" alt=\"D\u00fczensiz bi\u00e7imde yeniden \u00e7\u0131kan ince, a\u00e7\u0131k renkli yeni sa\u00e7larla sa\u00e7 derisinin makro \u00e7ekimi\" class=\"wp-image-83322\" style=\"width:720px;max-width:100%;height:auto\" srcset=\"https:\/\/elithair.com\/tr\/wp-content\/uploads\/sites\/10\/2026\/08\/neue_haare_makro.png 1536w, https:\/\/elithair.com\/tr\/wp-content\/uploads\/sites\/10\/2026\/08\/neue_haare_makro-300x200.png 300w, https:\/\/elithair.com\/tr\/wp-content\/uploads\/sites\/10\/2026\/08\/neue_haare_makro-1024x683.png 1024w, https:\/\/elithair.com\/tr\/wp-content\/uploads\/sites\/10\/2026\/08\/neue_haare_makro-768x512.png 768w\" sizes=\"(max-width: 767px) 100vw, 660px\" \/><\/figure>\n<\/div>\n\n\n<h3 class=\"wp-block-heading\">6. ay neden g\u00f6rsel olarak yan\u0131lt\u0131yor<\/h3>\n\n\n\n<p class=\"wp-block-paragraph\">Alt\u0131 ay sonraki izlenim \u00fc\u00e7 nedenden dolay\u0131 yan\u0131lt\u0131c\u0131d\u0131r. Birincisi, folik\u00fcller ayn\u0131 anda de\u011fil, aylara yay\u0131larak ba\u015flar. \u0130kincisi, yeni sa\u00e7lar ba\u015flang\u0131\u00e7ta ince, a\u00e7\u0131k renkli ve k\u0131sad\u0131r, bu y\u00fczden daha az kapat\u0131r. \u00dc\u00e7\u00fcnc\u00fcs\u00fc, \u00e7ap ve pigmentasyon ancak ilerleyen s\u00fcre\u00e7te artar.<\/p>\n\n\n\n<p class=\"wp-block-paragraph\">Pratikte bu \u015fu anlama gelir: Ayn\u0131 say\u0131da sa\u00e7 \u00e7\u0131km\u0131\u015f iki b\u00f6lge, yaln\u0131zca sa\u00e7lar\u0131n kal\u0131nl\u0131\u011f\u0131 farkl\u0131 oldu\u011fu i\u00e7in tamamen farkl\u0131 yo\u011funlukta g\u00f6r\u00fcnebilir. Kapat\u0131c\u0131l\u0131k sa\u00e7 \u00e7ap\u0131ndan do\u011far, yaln\u0131zca say\u0131dan de\u011fil.<\/p>\n\n\n\n<h3 class=\"wp-block-heading\">Lekeli b\u00fcy\u00fcme bir \u00f6r\u00fcnt\u00fcd\u00fcr, bir hata de\u011fil<\/h3>\n\n\n\n<p class=\"wp-block-paragraph\">4 ila 8. aylarda d\u00fczensiz, lekeli b\u00fcy\u00fcme normaldir, \u00e7\u00fcnk\u00fc folik\u00fcller e\u015fzamans\u0131z ba\u015flar. \u00d6nce \u00e7\u0131kan b\u00f6lgeler \u00e7o\u011funlukla sa\u00e7 \u00e7izgisi ve \u015fakaklard\u0131r. Tepe b\u00f6lgesi ve tepe girdab\u0131 deneyimlere g\u00f6re daha sonra gelir; bu da arka b\u00f6lgede bo\u015fluk izlenimini g\u00fc\u00e7lendirir.<\/p>\n\n\n\n<p class=\"wp-block-paragraph\">Her yerde bir \u015feyler oldu\u011fu s\u00fcrece dengesiz bir g\u00f6r\u00fcnt\u00fc sorun i\u015fareti de\u011fildir. Ancak kom\u015fu b\u00f6lgeler g\u00f6r\u00fcn\u00fcr bi\u00e7imde b\u00fcy\u00fcrken bir alan aylarca tamamen bo\u015f kal\u0131yorsa dikkat \u00e7ekicidir.<\/p>\n\n\n\n<h3 class=\"wp-block-heading\">2 ila 4. aylardaki ara \u00e7ukur, uzmanlar aras\u0131nda \u201cUgly Duckling\u201d evresi<\/h3>\n\n\n\n<p class=\"wp-block-paragraph\">Hedef b\u00f6lgede h\u00e2l\u00e2 \u00e7ok say\u0131da kendi sa\u00e7\u0131n\u0131z varsa, 2 ila 4. aylarda g\u00f6rsel izlenim ge\u00e7ici olarak i\u015flemden \u00f6ncekinden daha k\u00f6t\u00fc olabilir. Sa\u00e7 cerrahlar\u0131 bu ara \u00e7ukura \u201cUgly Duckling Phase\u201d, yani \u00e7irkin \u00f6rdek yavrusu evresi diyor. Nakledilen sa\u00e7 d\u00f6k\u00fclm\u00fc\u015ft\u00fcr, mevcut sa\u00e7 uyar\u0131ya tepki vermi\u015ftir ve yeni sa\u00e7 hen\u00fcz yoktur. Rahats\u0131z edici, ama bir geriye gidi\u015f de\u011fil.<\/p>\n\n\n\n<p class=\"wp-block-paragraph\">Bu evreyi i\u015f hayat\u0131n\u0131za g\u00f6re planlayabilirsiniz: \u0130\u015flem \u00f6zellikle ilk iki ila \u00fc\u00e7 hafta boyunca belli olur; ara \u00e7ukur ise bir yo\u011funluk meselesidir ve sa\u00e7 k\u0131sa oldu\u011funda daha az dikkat \u00e7eker. Hangi haftada neye izin verildi\u011fini g\u00fcn g\u00fcn \u015fu rehberde bulabilirsiniz: <a href=\"\/tr\/sac-ekimi-sonrasi-bakim-nasil-olmalidir\/\">sa\u00e7 ekimi sonras\u0131 dikkat edilmesi gerekenler<\/a>.<\/p>\n\n\n\n<h3 class=\"wp-block-heading\">Yeni sa\u00e7lar\u0131n \u00e7\u0131kt\u0131\u011f\u0131 yerlerde sivilceler<\/h3>\n\n\n\n<p class=\"wp-block-paragraph\">2 ila 6. aylarda g\u00f6r\u00fclen tek t\u00fck iltihapl\u0131 k\u00fc\u00e7\u00fck p\u00fcst\u00fcller \u00e7o\u011funlukla yeni bir sa\u00e7 deriyi delip \u00e7\u0131kt\u0131\u011f\u0131nda olu\u015fur. 1.317 hastayla yap\u0131lan \u00e7ok merkezli bir \u00e7al\u0131\u015fma, sa\u00e7 ekimi sonras\u0131 follik\u00fclit i\u00e7in y\u00fczde 12,11\u2019lik bir genel s\u0131kl\u0131k buldu (Plastic and Reconstructive Surgery 2024, PMID 37904273). S\u0131k g\u00f6r\u00fcl\u00fcr, kural olarak zarars\u0131zd\u0131r ve yeni sa\u00e7 bu nedenle normalde kaybolmaz.<\/p>\n\n\n\n<p class=\"wp-block-paragraph\">Bu \u00e7al\u0131\u015fmada risk fakt\u00f6rleri yaz aylar\u0131nda yap\u0131lan ameliyat, 4.000\u2019den fazla greft ve santimetrekare ba\u015f\u0131na 45 greftin \u00fczerinde bir implantasyon yo\u011funlu\u011fuydu. Bunlar follik\u00fclit i\u00e7in risk fakt\u00f6rleridir, shock loss i\u00e7in de\u011fil. \u0130kisi s\u0131k\u00e7a kar\u0131\u015ft\u0131r\u0131l\u0131yor.<\/p>\n\n\n\n<p class=\"wp-block-paragraph\">Bundan ayr\u0131lmas\u0131 gereken durum ise geni\u015f alana yay\u0131lan, iltihapl\u0131, ak\u0131nt\u0131l\u0131 veya a\u011fr\u0131l\u0131 bir enfeksiyondur. Bu durum hekime g\u00f6sterilmelidir; kendiniz s\u0131kmay\u0131n ve ka\u015f\u0131may\u0131n. A\u015fa\u011f\u0131daki trafik \u0131\u015f\u0131\u011f\u0131 tablosu s\u0131n\u0131r durumlar\u0131 s\u0131n\u0131fland\u0131r\u0131yor.<\/p>\n\n\n\n<h3 class=\"wp-block-heading\">Alt\u0131 ay\u0131n yine de kontrol muayenesi gerektirdi\u011fi durumlar<\/h3>\n\n\n\n<p class=\"wp-block-paragraph\">Hi\u00e7bir yeni b\u00fcy\u00fcme g\u00f6r\u00fclm\u00fcyorsa, \u00e7evresi b\u00fcy\u00fcrken bir alan tamamen bo\u015f kal\u0131yorsa veya iltihap belirtileri varsa alt\u0131 ay sonra kontrol muayenesi yerinde olur. Alt\u0131 ay sonra bo\u015fluklar\u0131n tek ba\u015f\u0131na olmas\u0131 bir bulgu de\u011fildir; hi\u00e7bir yerde b\u00fcy\u00fcme olmamas\u0131 ise bulgudur.<\/p>\n\n\n\n<h2 class=\"wp-block-heading\">Don\u00f6r b\u00f6lgede shock loss<\/h2>\n\n\n\n<p class=\"wp-block-paragraph\">Shock loss don\u00f6r b\u00f6lgede de g\u00f6r\u00fclebilir. Orada al\u0131m noktalar\u0131n\u0131n \u00e7evresindeki sa\u00e7lar ge\u00e7ici olarak dinlenme evresine ge\u00e7er; bu y\u00fczden ense b\u00f6lgesi ilk aylarda lekeli veya seyrelmi\u015f g\u00f6r\u00fcnebilir. Bunun ne kadar s\u0131k oldu\u011fu say\u0131yla ifade edilemiyor: Romera de Blas ve ark. (2026) derlemesi, ger\u00e7ek s\u0131kl\u0131\u011f\u0131n bilinmedi\u011fini ve don\u00f6r b\u00f6lgedeki d\u00f6k\u00fclmenin al\u0131c\u0131 b\u00f6lgeye k\u0131yasla belirgin bi\u00e7imde daha nadir g\u00f6r\u00fcnd\u00fc\u011f\u00fcn\u00fc a\u00e7\u0131k\u00e7a belirtiyor.<\/p>\n\n\n<div class=\"wp-block-image\">\n<figure class=\"aligncenter size-large is-resized\" style=\"max-width:560px;margin-left:auto;margin-right:auto\"><img loading=\"lazy\" decoding=\"async\" width=\"1536\" height=\"1024\" src=\"https:\/\/elithair.com\/tr\/wp-content\/uploads\/sites\/10\/2026\/08\/spender_empfaenger_schema.png\" alt=\"Arkadan ve profilden kafa \u015femas\u0131: ensedeki al\u0131m b\u00f6lgesi ve tepedeki al\u0131c\u0131 b\u00f6lge renkli olarak ayr\u0131lm\u0131\u015f\" class=\"wp-image-83323\" style=\"width:560px;max-width:100%;height:auto\" srcset=\"https:\/\/elithair.com\/tr\/wp-content\/uploads\/sites\/10\/2026\/08\/spender_empfaenger_schema.png 1536w, https:\/\/elithair.com\/tr\/wp-content\/uploads\/sites\/10\/2026\/08\/spender_empfaenger_schema-300x200.png 300w, https:\/\/elithair.com\/tr\/wp-content\/uploads\/sites\/10\/2026\/08\/spender_empfaenger_schema-1024x683.png 1024w, https:\/\/elithair.com\/tr\/wp-content\/uploads\/sites\/10\/2026\/08\/spender_empfaenger_schema-768x512.png 768w\" sizes=\"(max-width: 767px) 100vw, 660px\" \/><\/figure>\n<\/div>\n\n\n<p class=\"wp-block-paragraph\">Kan\u0131tlar yaln\u0131zca olgu serileri ve m\u00fcnferit vakalar olarak mevcut: G\u00f3mez-Zubiaur ve ark. (Dermatologic Surgery 2021) 12 hasta, Kerure ve ark. (Journal of Cutaneous and Aesthetic Surgery 2020) d\u00f6rt vaka, ayr\u0131ca tek tek olgu bildirimleri. Bu t\u00fcr serilerden y\u00fczdeyle bir risk t\u00fcretilemez, ancak olgunun var oldu\u011funu ve tan\u0131mland\u0131\u011f\u0131n\u0131 g\u00f6sterirler.<\/p>\n\n\n\n<p class=\"wp-block-paragraph\">Zaman a\u00e7\u0131s\u0131ndan, ayn\u0131 derlemeye g\u00f6re don\u00f6r b\u00f6lgedeki d\u00f6k\u00fclme tipik olarak i\u015flemden 2 ila 4 hafta sonra ortaya \u00e7\u0131k\u0131yor ve 3 ila 6 ay i\u00e7inde kendili\u011finden geriliyor. T\u0131ra\u015flanan b\u00f6lge ise bundan ba\u011f\u0131ms\u0131z olarak 2 ila 6. haftalarda yeniden uzuyor.<\/p>\n\n\n\n<h3 class=\"wp-block-heading\">Hi\u00e7 sa\u00e7 kaybedilmedi\u011fi h\u00e2lde ense neden seyrelmi\u015f g\u00f6r\u00fcn\u00fcyor<\/h3>\n\n\n\n<p class=\"wp-block-paragraph\">Ense b\u00f6lgesi i\u015flemden sonra shock loss olmasa da daha seyrek g\u00f6r\u00fcn\u00fcr. B\u00f6lge k\u0131sa t\u0131ra\u015flanm\u0131\u015ft\u0131r, al\u0131m noktalar\u0131 k\u00fc\u00e7\u00fck kabuk\u00e7uklar olarak g\u00f6r\u00fcn\u00fcr ve \u00e7evredeki daha uzun sa\u00e7larla olu\u015fan kontrast bu izlenimi g\u00fc\u00e7lendirir. B\u00f6lge yeniden uzad\u0131\u011f\u0131nda bu etki kaybolur.<\/p>\n\n\n\n<h3 class=\"wp-block-heading\">Ge\u00e7ici shock loss mu, kal\u0131c\u0131 a\u015f\u0131r\u0131 greft al\u0131m\u0131 m\u0131?<\/h3>\n\n\n\n<p class=\"wp-block-paragraph\">Don\u00f6r b\u00f6lgedeki en \u00f6nemli ayr\u0131m \u015fudur: ge\u00e7ici d\u00f6k\u00fclme mi, kal\u0131c\u0131 seyrelme mi. Shock loss daha \u00e7ok lekeli g\u00f6r\u00fcn\u00fcr ve sa\u00e7lar yeniden uzad\u0131k\u00e7a geriler. A\u015f\u0131r\u0131 greft al\u0131m\u0131 ise geni\u015f bir alanda e\u015fit bi\u00e7imde \u00e7ok d\u00fc\u015f\u00fck yo\u011funluk olarak kendini g\u00f6sterir ve kal\u0131c\u0131d\u0131r. Bu ayr\u0131m klinik deneyime dayan\u0131r, konuyla ilgili bir kar\u015f\u0131la\u015ft\u0131rma \u00e7al\u0131\u015fmas\u0131 yoktur.<\/p>\n\n\n\n<p class=\"wp-block-paragraph\">B\u00f6lge alt\u0131 ay sonra h\u00e2l\u00e2 i\u015flemden \u00f6nceki h\u00e2linden g\u00f6r\u00fcn\u00fcr bi\u00e7imde daha seyrekse veya keskin s\u0131n\u0131rl\u0131, sa\u00e7s\u0131z alanlar g\u00f6steriyorsa hekim de\u011ferlendirmesi yerinde olur. Al\u0131m b\u00f6lgesinin iyile\u015fmesi, bak\u0131m\u0131 ve izleri hakk\u0131nda ayr\u0131 bir yaz\u0131m\u0131z var: <a href=\"\/tr\/sac-ekimi-sonrasi-donor-bolge-nasil-etkilenir\/\">sa\u00e7 ekimi sonras\u0131 don\u00f6r b\u00f6lge<\/a>.<\/p>\n\n\n\n<h2 class=\"wp-block-heading\" id=\"h-losungen-und-tipps-zur-unterstutzung-des-haarwachstums\">Sa\u00e7 b\u00fcy\u00fcmesini desteklemek i\u00e7in \u00e7\u00f6z\u00fcmler ve ipu\u00e7lar\u0131<\/h2>\n\n\n\n<figure class=\"wp-block-image size-full\"><img loading=\"lazy\" decoding=\"async\" width=\"750\" height=\"500\" src=\"https:\/\/elithair.com\/tr\/wp-content\/uploads\/sites\/10\/2026\/08\/bestand_97460.png\" alt=\"Bir sedyede yatan ve sa\u00e7 derisine enjeksiyonla PRP tedavisi uygulanan bir erkek\" class=\"wp-image-83324\" srcset=\"https:\/\/elithair.com\/tr\/wp-content\/uploads\/sites\/10\/2026\/08\/bestand_97460.png 750w, https:\/\/elithair.com\/tr\/wp-content\/uploads\/sites\/10\/2026\/08\/bestand_97460-300x200.png 300w\" sizes=\"(max-width: 767px) 100vw, 660px\" \/><\/figure>\n\n\n\n<p class=\"wp-block-paragraph\">Sa\u00e7 ekiminden sonra hedefli bir bak\u0131m, iyile\u015fme s\u00fcrecini olumlu etkileyebilir ve sa\u00e7lar\u0131n yeniden \u00e7\u0131kmas\u0131n\u0131 destekleyebilir. \u00d6zellikle <strong>sa\u00e7 ekimi sonras\u0131 sa\u00e7 d\u00f6k\u00fclmesinde<\/strong> sab\u0131r, tutarl\u0131 bak\u0131m ve iyi bir genel sa\u011fl\u0131k durumu \u00f6nemli rol oynar.<\/p>\n\n\n\n<h3 class=\"wp-block-heading\"><strong>Ekim sonras\u0131 bak\u0131m<\/strong><\/h3>\n\n\n\n<p class=\"wp-block-paragraph\">\u0130lk haftalarda sa\u00e7 derisiyle \u00f6zellikle nazik bir \u015fekilde ilgilenmek \u00f6nemlidir:<\/p>\n\n\n\n<ul class=\"wp-block-list\">\n<li>Temizlik ba\u015flang\u0131\u00e7ta yaln\u0131zca temiz suyla veya hekimin \u00f6nerdi\u011fi yumu\u015fak bir \u015fampuanla<\/li>\n\n\n<li>Sa\u00e7 derisini dikkatlice kurulay\u0131n, ovmay\u0131n ve ka\u015f\u0131may\u0131n<\/li>\n\n\n<li>Dar ba\u015fl\u0131klardan, g\u00fc\u00e7l\u00fc g\u00fcne\u015f \u0131\u015f\u0131\u011f\u0131ndan ve mekanik tahri\u015ften ka\u00e7\u0131n\u0131n<\/li>\n<\/ul>\n\n\n\n<p class=\"wp-block-paragraph\">Bu \u00f6nlemler iyile\u015fmenin bozulmamas\u0131na ve nakledilen folik\u00fcllerin korunmas\u0131na yard\u0131mc\u0131 olur. Y\u0131kamadan spora kadar hangi haftada neye izin verildi\u011fi g\u00fcn g\u00fcn \u015fu rehberde yaz\u0131yor: <a href=\"\/tr\/sac-ekimi-sonrasi-bakim-nasil-olmalidir\/\">bak\u0131m rehberi<\/a>.<\/p>\n\n\n\n<h3 class=\"wp-block-heading\"><strong>G\u00fc\u00e7l\u00fc sa\u00e7 i\u00e7in beslenme<\/strong><\/h3>\n\n\n\n<p class=\"wp-block-paragraph\">Dengeli bir beslenme sa\u00e7 b\u00fcy\u00fcmesini destekleyici bi\u00e7imde tamamlayabilir:<\/p>\n\n\n\n<ul class=\"wp-block-list\">\n<li>Yeterli miktarda biotin, \u00e7inko, demir ve omega-3 ya\u011f asidi al\u0131m\u0131<\/li>\n\n\n<li>Sa\u00e7 yap\u0131s\u0131n\u0131 desteklemek i\u00e7in yumurta, bal\u0131k, baklagiller veya kuruyemi\u015f gibi proteinden zengin besinler<\/li>\n\n\n<li>Sa\u00e7 k\u00f6klerinin kan dola\u015f\u0131m\u0131n\u0131 ve besin deste\u011fini art\u0131rmak i\u00e7in yeterli s\u0131v\u0131 al\u0131m\u0131<\/li>\n<\/ul>\n\n\n\n<h3 class=\"wp-block-heading\"><strong>Stresle ba\u015fa \u00e7\u0131kma<\/strong><\/h3>\n\n\n\n<ul class=\"wp-block-list\">\n<li>Kronik stres sa\u00e7 d\u00f6k\u00fclmesini art\u0131rabilir; d\u00fczenli hareket, meditasyon veya yoga stres d\u00fczeyini d\u00fc\u015f\u00fcrmeye yard\u0131mc\u0131 olur<\/li>\n\n\n<li>Sa\u011fl\u0131kl\u0131 uyku sa\u00e7 folik\u00fcllerinin yenilenmesini destekler<\/li>\n<\/ul>\n\n\n\n<h3 class=\"wp-block-heading\">Destekleyici tedaviler<\/h3>\n\n\n\n<p class=\"wp-block-paragraph\">Tamamlay\u0131c\u0131 uygulamalar tek tek vakalarda anlaml\u0131 olabilir, ancak sa\u00e7 ekiminin yerini tutmaz:<\/p>\n\n\n\n<ul class=\"wp-block-list\">\n<li>PRP tedavileri rejeneratif bir y\u00f6ntemdir; uygulan\u0131p uygulanmayaca\u011f\u0131na tedaviyi yapan klinik vaka baz\u0131nda karar verir. Shock loss\u2019a kar\u015f\u0131 bir \u00e7are ya da yeniden \u00e7\u0131kmay\u0131 h\u0131zland\u0131r\u0131c\u0131 olarak kan\u0131tlanm\u0131\u015f de\u011fildir<\/li>\n\n\n<li>\u00d6rne\u011fin <a href=\"\/tr\/minoksidil-sac-dokulmesi\/\">Minoksidil<\/a> veya <a href=\"\/tr\/finasterid\/\">Finasterid<\/a> gibi etken maddeler hekim e\u015fli\u011findeki tedaviye aittir, kendi kendine ila\u00e7 kullan\u0131m\u0131na de\u011fil. Bunlar mevcut sa\u00e7lara etki eder, greftlerin shedding\u2019ine de\u011fil<\/li>\n<\/ul>\n\n\n\n<p class=\"wp-block-paragraph\">\u00d6zetle: Tutarl\u0131 bir bak\u0131m, sa\u011fl\u0131kl\u0131 bir ya\u015fam tarz\u0131 ve ger\u00e7ek\u00e7i beklentilerle sa\u00e7 ekimi sonras\u0131 sa\u00e7 b\u00fcy\u00fcmesine anlaml\u0131 bi\u00e7imde e\u015flik edilebilir. Nihai sonu\u00e7 ad\u0131m ad\u0131m geli\u015fir ve her \u015feyden \u00f6nce zamana ihtiya\u00e7 duyar.<\/p>\n\n\n\n<h2 class=\"wp-block-heading\" id=\"h-wann-sollte-man-sich-sorgen-machen\">Ne zaman endi\u015felenmeli?<\/h2>\n\n\n\n<figure class=\"wp-block-image size-full\"><img loading=\"lazy\" decoding=\"async\" width=\"750\" height=\"500\" src=\"https:\/\/elithair.com\/tr\/wp-content\/uploads\/sites\/10\/2026\/08\/bestand_97459.png\" alt=\"Masada oturan ve d\u00fc\u015f\u00fcnceli \u015fekilde pencereden d\u0131\u015far\u0131 bakan bir adam\" class=\"wp-image-83325\" srcset=\"https:\/\/elithair.com\/tr\/wp-content\/uploads\/sites\/10\/2026\/08\/bestand_97459.png 750w, https:\/\/elithair.com\/tr\/wp-content\/uploads\/sites\/10\/2026\/08\/bestand_97459-300x200.png 300w\" sizes=\"(max-width: 767px) 100vw, 660px\" \/><\/figure>\n\n\n\n<p class=\"wp-block-paragraph\">\u00c7o\u011fu vakada <strong>sa\u00e7 ekimi sonras\u0131 sa\u00e7 d\u00f6k\u00fclmesi<\/strong> iyile\u015fme s\u00fcrecinin normal bir par\u00e7as\u0131d\u0131r. Yine de komplikasyonlara i\u015faret edebilecek ve hekim taraf\u0131ndan de\u011ferlendirilmesi gereken baz\u0131 belirtiler vard\u0131r.<\/p>\n\n\n\n<h3 class=\"wp-block-heading\"><strong>Komplikasyon belirtileri<\/strong><\/h3>\n\n\n\n<p class=\"wp-block-paragraph\">Baz\u0131 belirtiler ola\u011fan iyile\u015fme seyrinin \u00f6tesine ge\u00e7er:<\/p>\n\n\n\n<ul class=\"wp-block-list\">\n<li><strong>\u015eiddetli veya artan k\u0131zar\u0131kl\u0131k ve \u015fi\u015flik:<\/strong> Hafif bir k\u0131zar\u0131kl\u0131k i\u015flemden sonra normaldir ve kural olarak birka\u00e7 g\u00fcn i\u00e7inde ge\u00e7er. Ancak art\u0131yorsa ya da a\u011fr\u0131yla birlikteyse bu bir iltihaba veya enfeksiyona i\u015faret edebilir.<\/li>\n\n\n<li><strong>\u0130ltihapl\u0131 b\u00f6lgeler veya ola\u011fan d\u0131\u015f\u0131 kabuklanma:<\/strong> K\u00fc\u00e7\u00fck kabuklar ilk g\u00fcnlerde ola\u011fand\u0131r. Ancak ak\u0131nt\u0131l\u0131, ileri derecede k\u0131zarm\u0131\u015f veya a\u011fr\u0131l\u0131 b\u00f6lgeler uzman hekim taraf\u0131ndan kontrol edilmelidir.<\/li>\n\n\n<li><strong>Ola\u011fan d\u0131\u015f\u0131 yo\u011fun veya uzun s\u00fcren sa\u00e7 d\u00f6k\u00fclmesi:<\/strong> Olas\u0131 bir shock loss \u00e7o\u011funlukla 2 ila 8 hafta i\u00e7inde ortaya \u00e7\u0131k\u0131p ge\u00e7ici olurken, devam eden veya ilerleyen sa\u00e7 kayb\u0131 tutunma oran\u0131ndaki bir sorunu ya da ba\u015fka problemleri g\u00f6sterebilir.<\/li>\n<\/ul>\n\n\n\n<h3 class=\"wp-block-heading\"><strong>Ne zaman kontrol muayenesi gerekir<\/strong><\/h3>\n\n\n\n<p class=\"wp-block-paragraph\">\u015eik\u00e2yetler yakla\u015f\u0131k iki haftadan uzun s\u00fcr\u00fcyorsa veya k\u00f6t\u00fcle\u015fiyorsa hekim kontrol\u00fc \u00f6nerilir. Devam eden a\u011fr\u0131, bas\u0131n\u00e7 hassasiyeti veya belirgin iltihap belirtileri de g\u00f6z ard\u0131 edilmemelidir.<\/p>\n\n\n\n<p class=\"wp-block-paragraph\">\u015eunu da unutmay\u0131n: <strong>Yakla\u015f\u0131k alt\u0131 ay sonra hi\u00e7bir yeni sa\u00e7 b\u00fcy\u00fcmesi g\u00f6r\u00fclm\u00fcyorsa<\/strong>, iyile\u015fme s\u00fcreci uzmanca de\u011ferlendirilmelidir. Burada kastedilen ger\u00e7ekten hi\u00e7 b\u00fcy\u00fcme olmamas\u0131d\u0131r; hen\u00fcz yeterince yo\u011fun g\u00f6r\u00fcnmeyen bir sonu\u00e7 de\u011fil.<\/p>\n\n\n\n<p class=\"wp-block-paragraph\">Bir kontrol muayenesi \u00fc\u00e7 \u015feyi de\u011ferlendirir: ba\u015flang\u0131\u00e7 belgelemesine k\u0131yasla yo\u011funluk, sa\u00e7 derisindeki iltihap belirtileri ve \u00e7evredeki mevcut sa\u00e7lar\u0131n durumu, yani minyat\u00fcrizasyon derecesi. Ba\u015flang\u0131\u00e7 foto\u011fraf\u0131 tam da bu y\u00fczden \u00e7ok de\u011ferlidir; \u00e7\u00fcnk\u00fc kar\u015f\u0131la\u015ft\u0131rma olmadan her de\u011ferlendirme bir histen ibaret kal\u0131r.<\/p>\n\n\n\n<p class=\"wp-block-paragraph\">Kendi de\u011ferlendirmeniz i\u00e7in birbirini do\u011frudan tamamlayan iki ara\u00e7 yard\u0131mc\u0131 olur. Trafik \u0131\u015f\u0131\u011f\u0131 \u00f6z kontrol\u00fc, tipik her g\u00f6zlemi ne zaman normal seyre ait oldu\u011funa ve ne zaman muayeneye gitmek gerekti\u011fine g\u00f6re s\u0131n\u0131fland\u0131r\u0131r. Alt\u0131ndaki s\u00fcre\u00e7 protokol\u00fc ise foto\u011fraflar\u0131n\u0131z\u0131n aylar boyunca ger\u00e7ekten kar\u015f\u0131la\u015ft\u0131r\u0131labilir kalmas\u0131n\u0131 sa\u011flar.<\/p>\n\n\n\n<style>\n@media (max-width:640px){\n.rt-table-wrap{overflow-x:visible!important;border:0!important;border-radius:0!important}\n.rt-table{min-width:0!important}\n.rt-table thead{display:none}\n.rt-table,.rt-table tbody,.rt-table tr,.rt-table td{display:block;width:100%}\n.rt-table caption{display:block;padding:0 0 12px!important}\n.rt-table tr{margin:0 0 12px;border:1px solid #dbe4f0;border-radius:10px;overflow:hidden}\n.rt-table tr:last-child{margin-bottom:0}\n.rt-table td{display:flex!important;flex-direction:column;gap:3px;padding:12px 14px!important;\nborder:0!important;border-bottom:1px solid #e3e8ef!important;background:#ffffff!important}\n.rt-table tr td:last-child{border-bottom:0!important}\n.rt-table td::before{content:attr(data-label);font-size:12px;font-weight:700;letter-spacing:.04em;\ntext-transform:uppercase;color:#5799F1}\n.rt-table td:not([data-label])::before,.rt-table td[data-label=\"\"]::before{display:none}\n}\n<\/style>\n<div class=\"rt-table-wrap\" style=\"overflow-x:auto;-webkit-overflow-scrolling:touch;margin:28px 0;border:1px solid #dbe4f0;border-radius:12px\">\n  <table class=\"rt-table\" style=\"width:100%;min-width:620px;table-layout:fixed;border-collapse:separate;border-spacing:0;font-size:15px;margin:0\">\n    <caption style=\"caption-side:top;text-align:left;color:#003366;font-weight:700;font-size:16px;line-height:1.35;padding:14px 16px 10px;background:#ffffff\">Trafik \u0131\u015f\u0131\u011f\u0131 \u00f6z kontrol\u00fc: normal mi, hekime mi?<\/caption>\n    <thead>\n      <tr>\n        <th style=\"width:22%;background:#003366;color:#ffffff;font-weight:700;text-align:left;vertical-align:middle;padding:13px 16px;font-size:15px;line-height:1.4;border:0;overflow-wrap:break-word\">G\u00f6zlem<\/th>\n        <th style=\"background:#003366;color:#ffffff;font-weight:700;text-align:left;vertical-align:middle;padding:13px 16px;font-size:15px;line-height:1.4;border:0;overflow-wrap:break-word\">Ne zaman normaldir<\/th>\n        <th style=\"background:#003366;color:#ffffff;font-weight:700;text-align:left;vertical-align:middle;padding:13px 16px;font-size:15px;line-height:1.4;border:0;overflow-wrap:break-word\">\u015eu durumda hekime dan\u0131\u015f\u0131n<\/th>\n      <\/tr>\n    <\/thead>\n    <tbody>\n      <tr>\n        <td data-label=\"G\u00f6zlem\" style=\"background:#ffffff;color:#003366;font-weight:700;text-align:left;vertical-align:top;padding:13px 16px;font-size:15px;line-height:1.55;border:0;border-bottom:1px solid #e3e8ef;overflow-wrap:break-word\">Nakil b\u00f6lgesinde sa\u00e7 d\u00f6k\u00fclmesi<\/td>\n        <td data-label=\"Ne zaman normaldir\" style=\"background:#ffffff;color:#22303e;font-weight:400;text-align:left;vertical-align:top;padding:13px 16px;font-size:15px;line-height:1.55;border:0;border-bottom:1px solid #e3e8ef;overflow-wrap:break-word\">2 ila 8. hafta, yo\u011funluk 4 ila 8. haftalarda<\/td>\n        <td data-label=\"\u015eu durumda hekime dan\u0131\u015f\u0131n\" style=\"background:#ffffff;color:#22303e;font-weight:400;text-align:left;vertical-align:top;padding:13px 16px;font-size:15px;line-height:1.55;border:0;border-bottom:1px solid #e3e8ef;overflow-wrap:break-word\">6. aydan itibaren hi\u00e7bir yeni b\u00fcy\u00fcme g\u00f6r\u00fclm\u00fcyorsa<\/td>\n      <\/tr>\n      <tr>\n        <td data-label=\"G\u00f6zlem\" style=\"background:#f6f9fc;color:#003366;font-weight:700;text-align:left;vertical-align:top;padding:13px 16px;font-size:15px;line-height:1.55;border:0;border-bottom:1px solid #e3e8ef;overflow-wrap:break-word\">\u00c7evredeki mevcut sa\u00e7larda d\u00f6k\u00fclme<\/td>\n        <td data-label=\"Ne zaman normaldir\" style=\"background:#f6f9fc;color:#22303e;font-weight:400;text-align:left;vertical-align:top;padding:13px 16px;font-size:15px;line-height:1.55;border:0;border-bottom:1px solid #e3e8ef;overflow-wrap:break-word\">2 ila 12. hafta, aylar i\u00e7inde gerileme<\/td>\n        <td data-label=\"\u015eu durumda hekime dan\u0131\u015f\u0131n\" style=\"background:#f6f9fc;color:#22303e;font-weight:400;text-align:left;vertical-align:top;padding:13px 16px;font-size:15px;line-height:1.55;border:0;border-bottom:1px solid #e3e8ef;overflow-wrap:break-word\">d\u00f6k\u00fclme 6. aydan sonra art\u0131yorsa veya b\u00f6lgenin d\u0131\u015f\u0131na yay\u0131l\u0131yorsa<\/td>\n      <\/tr>\n      <tr>\n        <td data-label=\"G\u00f6zlem\" style=\"background:#ffffff;color:#003366;font-weight:700;text-align:left;vertical-align:top;padding:13px 16px;font-size:15px;line-height:1.55;border:0;border-bottom:1px solid #e3e8ef;overflow-wrap:break-word\">Don\u00f6r b\u00f6lgede sa\u00e7 d\u00f6k\u00fclmesi<\/td>\n        <td data-label=\"Ne zaman normaldir\" style=\"background:#ffffff;color:#22303e;font-weight:400;text-align:left;vertical-align:top;padding:13px 16px;font-size:15px;line-height:1.55;border:0;border-bottom:1px solid #e3e8ef;overflow-wrap:break-word\">2 ila 4. haftadan itibaren, 3 ila 6 ayda gerileme<\/td>\n        <td data-label=\"\u015eu durumda hekime dan\u0131\u015f\u0131n\" style=\"background:#ffffff;color:#22303e;font-weight:400;text-align:left;vertical-align:top;padding:13px 16px;font-size:15px;line-height:1.55;border:0;border-bottom:1px solid #e3e8ef;overflow-wrap:break-word\">b\u00f6lge 6. aydan sonra e\u015fit bi\u00e7imde seyrek kal\u0131yorsa veya sa\u00e7s\u0131z alanlar g\u00f6steriyorsa<\/td>\n      <\/tr>\n      <tr>\n        <td data-label=\"G\u00f6zlem\" style=\"background:#f6f9fc;color:#003366;font-weight:700;text-align:left;vertical-align:top;padding:13px 16px;font-size:15px;line-height:1.55;border:0;border-bottom:1px solid #e3e8ef;overflow-wrap:break-word\">K\u0131zar\u0131kl\u0131k ve \u015fi\u015flik<\/td>\n        <td data-label=\"Ne zaman normaldir\" style=\"background:#f6f9fc;color:#22303e;font-weight:400;text-align:left;vertical-align:top;padding:13px 16px;font-size:15px;line-height:1.55;border:0;border-bottom:1px solid #e3e8ef;overflow-wrap:break-word\">i\u015flemden sonraki ilk g\u00fcnler, sonra azalarak<\/td>\n        <td data-label=\"\u015eu durumda hekime dan\u0131\u015f\u0131n\" style=\"background:#f6f9fc;color:#22303e;font-weight:400;text-align:left;vertical-align:top;padding:13px 16px;font-size:15px;line-height:1.55;border:0;border-bottom:1px solid #e3e8ef;overflow-wrap:break-word\">iki haftadan sonra art\u0131yorsa veya a\u011fr\u0131yorsa<\/td>\n      <\/tr>\n      <tr>\n        <td data-label=\"G\u00f6zlem\" style=\"background:#ffffff;color:#003366;font-weight:700;text-align:left;vertical-align:top;padding:13px 16px;font-size:15px;line-height:1.55;border:0;border-bottom:1px solid #e3e8ef;overflow-wrap:break-word\">Kabuklar<\/td>\n        <td data-label=\"Ne zaman normaldir\" style=\"background:#ffffff;color:#22303e;font-weight:400;text-align:left;vertical-align:top;padding:13px 16px;font-size:15px;line-height:1.55;border:0;border-bottom:1px solid #e3e8ef;overflow-wrap:break-word\">ilk 7 ila 14 g\u00fcn, kendili\u011finden kalkar<\/td>\n        <td data-label=\"\u015eu durumda hekime dan\u0131\u015f\u0131n\" style=\"background:#ffffff;color:#22303e;font-weight:400;text-align:left;vertical-align:top;padding:13px 16px;font-size:15px;line-height:1.55;border:0;border-bottom:1px solid #e3e8ef;overflow-wrap:break-word\">ak\u0131nt\u0131l\u0131ysa, k\u00f6t\u00fc kokuyorsa veya iki hafta sonra h\u00e2l\u00e2 s\u0131k\u0131 duruyorsa<\/td>\n      <\/tr>\n      <tr>\n        <td data-label=\"G\u00f6zlem\" style=\"background:#f6f9fc;color:#003366;font-weight:700;text-align:left;vertical-align:top;padding:13px 16px;font-size:15px;line-height:1.55;border:0;border-bottom:1px solid #e3e8ef;overflow-wrap:break-word\">Ka\u015f\u0131nt\u0131<\/td>\n        <td data-label=\"Ne zaman normaldir\" style=\"background:#f6f9fc;color:#22303e;font-weight:400;text-align:left;vertical-align:top;padding:13px 16px;font-size:15px;line-height:1.55;border:0;border-bottom:1px solid #e3e8ef;overflow-wrap:break-word\">1 ila 4. hafta, \u00e7o\u011funlukla iyile\u015fme s\u0131ras\u0131nda<\/td>\n        <td data-label=\"\u015eu durumda hekime dan\u0131\u015f\u0131n\" style=\"background:#f6f9fc;color:#22303e;font-weight:400;text-align:left;vertical-align:top;padding:13px 16px;font-size:15px;line-height:1.55;border:0;border-bottom:1px solid #e3e8ef;overflow-wrap:break-word\">kabarc\u0131k, p\u00fcst\u00fcl veya \u015fiddetli k\u0131zar\u0131kl\u0131kla birlikteyse<\/td>\n      <\/tr>\n      <tr>\n        <td data-label=\"G\u00f6zlem\" style=\"background:#ffffff;color:#003366;font-weight:700;text-align:left;vertical-align:top;padding:13px 16px;font-size:15px;line-height:1.55;border:0;border-bottom:1px solid #e3e8ef;overflow-wrap:break-word\">Sa\u00e7 \u00e7\u0131karken tek t\u00fck sivilceler<\/td>\n        <td data-label=\"Ne zaman normaldir\" style=\"background:#ffffff;color:#22303e;font-weight:400;text-align:left;vertical-align:top;padding:13px 16px;font-size:15px;line-height:1.55;border:0;border-bottom:1px solid #e3e8ef;overflow-wrap:break-word\">2 ila 6. ay, tek t\u00fck ve a\u011fr\u0131s\u0131z<\/td>\n        <td data-label=\"\u015eu durumda hekime dan\u0131\u015f\u0131n\" style=\"background:#ffffff;color:#22303e;font-weight:400;text-align:left;vertical-align:top;padding:13px 16px;font-size:15px;line-height:1.55;border:0;border-bottom:1px solid #e3e8ef;overflow-wrap:break-word\">geni\u015f alana yay\u0131l\u0131yor, iltihapl\u0131 veya a\u011fr\u0131l\u0131 h\u00e2le geliyorsa<\/td>\n      <\/tr>\n      <tr>\n        <td data-label=\"G\u00f6zlem\" style=\"background:#f6f9fc;color:#003366;font-weight:700;text-align:left;vertical-align:top;padding:13px 16px;font-size:15px;line-height:1.55;border:0;border-bottom:1px solid #e3e8ef;overflow-wrap:break-word\">\u0130ltihapl\u0131 veya ak\u0131nt\u0131l\u0131 enfeksiyon<\/td>\n        <td data-label=\"Ne zaman normaldir\" style=\"background:#f6f9fc;color:#22303e;font-weight:400;text-align:left;vertical-align:top;padding:13px 16px;font-size:15px;line-height:1.55;border:0;border-bottom:1px solid #e3e8ef;overflow-wrap:break-word\">hi\u00e7bir zaman normal bir bulgu de\u011fil<\/td>\n        <td data-label=\"\u015eu durumda hekime dan\u0131\u015f\u0131n\" style=\"background:#f6f9fc;color:#22303e;font-weight:400;text-align:left;vertical-align:top;padding:13px 16px;font-size:15px;line-height:1.55;border:0;border-bottom:1px solid #e3e8ef;overflow-wrap:break-word\">her zaman, m\u00fcmk\u00fcn oldu\u011funca k\u0131sa s\u00fcrede<\/td>\n      <\/tr>\n      <tr>\n        <td data-label=\"G\u00f6zlem\" style=\"background:#ffffff;color:#003366;font-weight:700;text-align:left;vertical-align:top;padding:13px 16px;font-size:15px;line-height:1.55;border:0;border-bottom:1px solid #e3e8ef;overflow-wrap:break-word\">A\u011fr\u0131 ve bas\u0131n\u00e7 hassasiyeti<\/td>\n        <td data-label=\"Ne zaman normaldir\" style=\"background:#ffffff;color:#22303e;font-weight:400;text-align:left;vertical-align:top;padding:13px 16px;font-size:15px;line-height:1.55;border:0;border-bottom:1px solid #e3e8ef;overflow-wrap:break-word\">ilk g\u00fcnler, sonra azalarak<\/td>\n        <td data-label=\"\u015eu durumda hekime dan\u0131\u015f\u0131n\" style=\"background:#ffffff;color:#22303e;font-weight:400;text-align:left;vertical-align:top;padding:13px 16px;font-size:15px;line-height:1.55;border:0;border-bottom:1px solid #e3e8ef;overflow-wrap:break-word\">iki hafta sonra devam ediyorsa veya yeniden art\u0131yorsa<\/td>\n      <\/tr>\n      <tr>\n        <td data-label=\"G\u00f6zlem\" style=\"background:#f6f9fc;color:#003366;font-weight:700;text-align:left;vertical-align:top;padding:13px 16px;font-size:15px;line-height:1.55;border:0;border-bottom:1px solid #e3e8ef;overflow-wrap:break-word\">Yeni b\u00fcy\u00fcme yok<\/td>\n        <td data-label=\"Ne zaman normaldir\" style=\"background:#f6f9fc;color:#22303e;font-weight:400;text-align:left;vertical-align:top;padding:13px 16px;font-size:15px;line-height:1.55;border:0;border-bottom:1px solid #e3e8ef;overflow-wrap:break-word\">3 ila 4. aya kadar bir anlam ifade etmez<\/td>\n        <td data-label=\"\u015eu durumda hekime dan\u0131\u015f\u0131n\" style=\"background:#f6f9fc;color:#22303e;font-weight:400;text-align:left;vertical-align:top;padding:13px 16px;font-size:15px;line-height:1.55;border:0;border-bottom:1px solid #e3e8ef;overflow-wrap:break-word\">6. aydan itibaren hi\u00e7bir yerde bir \u015fey \u00e7\u0131km\u0131yorsa, en ge\u00e7 12. aydan itibaren<\/td>\n      <\/tr>\n      <tr>\n        <td data-label=\"G\u00f6zlem\" style=\"background:#ffffff;color:#003366;font-weight:700;text-align:left;vertical-align:top;padding:13px 16px;font-size:15px;line-height:1.55;border:0;overflow-wrap:break-word\">Uyu\u015fukluk hissi<\/td>\n        <td data-label=\"Ne zaman normaldir\" style=\"background:#ffffff;color:#22303e;font-weight:400;text-align:left;vertical-align:top;padding:13px 16px;font-size:15px;line-height:1.55;border:0;overflow-wrap:break-word\">haftalarca ya da birka\u00e7 ay, \u00e7o\u011funlukla azalarak<\/td>\n        <td data-label=\"\u015eu durumda hekime dan\u0131\u015f\u0131n\" style=\"background:#ffffff;color:#22303e;font-weight:400;text-align:left;vertical-align:top;padding:13px 16px;font-size:15px;line-height:1.55;border:0;overflow-wrap:break-word\">6. aydan sonra de\u011fi\u015fmeden s\u00fcr\u00fcyorsa veya a\u011fr\u0131l\u0131ysa<\/td>\n      <\/tr>\n    <\/tbody>\n  <\/table>\n<\/div>\n\n\n\n<div style=\"border:1px solid #dbe4f0;border-radius:12px;padding:18px;margin:28px 0\">\n<p style=\"margin:0 0 4px;color:#013366;font-weight:700;font-size:16px\">S\u00fcre\u00e7 protokol\u00fc: b\u00fcy\u00fcmenizi anlaml\u0131 bi\u00e7imde nas\u0131l belgelersiniz<\/p>\n<p style=\"margin:0 0 12px;color:#6b7280;font-size:14px\">\u00d6z de\u011ferlendirmede en s\u0131k hata kayna\u011f\u0131 sa\u00e7 de\u011fil, \u0131\u015f\u0131kt\u0131r.<\/p>\n<ul style=\"margin:0;padding:0;color:#2e3033;list-style:none;font-size:15px;line-height:1.6\">\n<li style=\"position:relative;padding:4px 0 4px 24px\"><span style=\"position:absolute;left:0;top:4px;color:#0079F1;font-weight:700\">&#10003;<\/span>Her zaman ayn\u0131 d\u00f6rt a\u00e7\u0131: \u00f6nden, sa\u00e7 \u00e7izgisi yukar\u0131dan, tepe b\u00f6lgesi ve girdap, ense<\/li>\n<li style=\"position:relative;padding:4px 0 4px 24px\"><span style=\"position:absolute;left:0;top:4px;color:#0079F1;font-weight:700\">&#10003;<\/span>Her zaman ayn\u0131 \u0131\u015f\u0131k, yukar\u0131dan do\u011frudan tavan \u0131\u015f\u0131\u011f\u0131 yok, fla\u015f yok<\/li>\n<li style=\"position:relative;padding:4px 0 4px 24px\"><span style=\"position:absolute;left:0;top:4px;color:#0079F1;font-weight:700\">&#10003;<\/span>Sa\u00e7lar kuru, ayn\u0131 uzunlukta, \u015fekillendirici \u00fcr\u00fcn yok, sa\u00e7 pudras\u0131 yok<\/li>\n<li style=\"position:relative;padding:4px 0 4px 24px\"><span style=\"position:absolute;left:0;top:4px;color:#0079F1;font-weight:700\">&#10003;<\/span>Ritim: 1. g\u00fcn, sonra 1., 3., 6., 9. ve 12. ay<\/li>\n<li style=\"position:relative;padding:4px 0 4px 24px\"><span style=\"position:absolute;left:0;top:4px;color:#0079F1;font-weight:700\">&#10003;<\/span>\u0130\u015flemden \u00f6nceki ba\u015flang\u0131\u00e7 foto\u011fraf\u0131n\u0131 saklay\u0131n; bu referans noktas\u0131 olmadan ilerleme neredeyse her zaman oldu\u011fundan az g\u00f6r\u00fcn\u00fcr<\/li>\n<li style=\"position:relative;padding:4px 0 4px 24px\"><span style=\"position:absolute;left:0;top:4px;color:#0079F1;font-weight:700\">&#10003;<\/span>Her zaman noktas\u0131 i\u00e7in bir foto\u011fraf yeterlidir; d\u00f6k\u00fclen sa\u00e7lar\u0131 her g\u00fcn saymak hi\u00e7bir bilgi vermez<\/li>\n<\/ul>\n<\/div>\n\n\n\n<p class=\"wp-block-paragraph\">Kontrol muayenesi bir \u015feylerin ters gitti\u011finin itiraf\u0131 de\u011fil, teredd\u00fct etti\u011finizde izlenmesi \u00f6ng\u00f6r\u00fclen yoldur. \u015e\u00fcpheniz varsa \u015funu unutmay\u0131n: bir kez g\u00f6sterip \u00f6\u011frenmek, aylarca kafa yormaktan her zaman iyidir.<\/p>\n\n\n\n<h2 class=\"wp-block-heading\">Sa\u00e7 ekiminden iki y\u0131l sonra yeniden sa\u00e7 d\u00f6k\u00fclmesi: arkas\u0131nda ne var<\/h2>\n\n\n\n<p class=\"wp-block-paragraph\">Sa\u00e7 ekiminden bir ya da iki y\u0131l sonra yeniden sa\u00e7 d\u00f6k\u00fcl\u00fcyorsa, bu kural olarak ne shock loss ne de greft kayb\u0131d\u0131r; nakil yap\u0131lmam\u0131\u015f b\u00f6lgede ilerleyen androgenetik alopesidir. Sa\u00e7 ekimi y\u00fczeyi tedavi eder, genetik yatk\u0131nl\u0131\u011f\u0131 de\u011fil.<\/p>\n\n\n<div class=\"wp-block-image\">\n<figure class=\"aligncenter size-large is-resized\" style=\"max-width:560px;margin-left:auto;margin-right:auto\"><img loading=\"lazy\" decoding=\"async\" width=\"1536\" height=\"1024\" src=\"https:\/\/elithair.com\/tr\/wp-content\/uploads\/sites\/10\/2026\/08\/stufe_transplantat_eigenhaar.png\" alt=\"Yo\u011fun nakil yap\u0131lm\u0131\u015f b\u00f6lge ile arkas\u0131ndaki incelen mevcut sa\u00e7 aras\u0131nda g\u00f6r\u00fcn\u00fcr bir basamak olan kafa profili\" class=\"wp-image-83326\" style=\"width:560px;max-width:100%;height:auto\" srcset=\"https:\/\/elithair.com\/tr\/wp-content\/uploads\/sites\/10\/2026\/08\/stufe_transplantat_eigenhaar.png 1536w, https:\/\/elithair.com\/tr\/wp-content\/uploads\/sites\/10\/2026\/08\/stufe_transplantat_eigenhaar-300x200.png 300w, https:\/\/elithair.com\/tr\/wp-content\/uploads\/sites\/10\/2026\/08\/stufe_transplantat_eigenhaar-1024x683.png 1024w, https:\/\/elithair.com\/tr\/wp-content\/uploads\/sites\/10\/2026\/08\/stufe_transplantat_eigenhaar-768x512.png 768w\" sizes=\"(max-width: 767px) 100vw, 660px\" \/><\/figure>\n<\/div>\n\n\n<h3 class=\"wp-block-heading\">Nakledilen sa\u00e7lar neden kural olarak kal\u0131c\u0131d\u0131r<\/h3>\n\n\n\n<p class=\"wp-block-paragraph\">Greftler ensedeki ve \u015fakaklardaki kal\u0131c\u0131 sa\u00e7 b\u00f6lgesinden al\u0131n\u0131r. Bu folik\u00fcller DHT hormonuna kar\u015f\u0131 belirgin bi\u00e7imde daha az duyarl\u0131d\u0131r, \u00e7\u00fcnk\u00fc daha az androjen resept\u00f6r\u00fc ve daha az 5-alfa-red\u00fcktaz i\u00e7erirler; bu \u00f6zelliklerini yeni yerlerinde de korurlar. Bu ilkeyi Norman Orentreich daha 1959\u2019da tan\u0131mlad\u0131; ISHRS bug\u00fcn de bunu Donor Dominance olarak adland\u0131r\u0131yor.<\/p>\n\n\n\n<p class=\"wp-block-paragraph\">Bu nedenle nakledilen sa\u00e7lar kural olarak kal\u0131c\u0131 olur. Biyolojik kal\u0131c\u0131l\u0131\u011f\u0131n uzun vadede ne anlama geldi\u011fini \u015fu yaz\u0131larda bulabilirsiniz: sa\u00e7 ekiminin kal\u0131c\u0131l\u0131\u011f\u0131 ve 10 y\u0131l sonras\u0131.<\/p>\n\n\n\n<h3 class=\"wp-block-heading\">Mevcut sa\u00e7 neden d\u00f6k\u00fclmeye devam eder<\/h3>\n\n\n\n<p class=\"wp-block-paragraph\">Kalan folik\u00fcller DHT\u2019ye duyarl\u0131 kal\u0131r. Greftlerin ne kadar iyi b\u00fcy\u00fcd\u00fc\u011f\u00fcnden ba\u011f\u0131ms\u0131z olarak minyat\u00fcrle\u015fmeyi s\u00fcrd\u00fcr\u00fcrler. Bu nedenle sa\u00e7 ekiminden iki y\u0131l sonra yeni bir d\u00f6k\u00fclme sonu\u00e7la \u00e7eli\u015fmez; tam tersine normal seyrini s\u00fcrd\u00fcren \u015fu tablodur: androgenetik alopesi.<\/p>\n\n\n\n<p class=\"wp-block-paragraph\">Bunu \u00f6r\u00fcnt\u00fcden kendiniz de anlars\u0131n\u0131z: \u0130ncelme, nakil yap\u0131lan b\u00f6lgenin yan\u0131nda ya da arkas\u0131ndad\u0131r; \u00e7o\u011fu zaman yo\u011fun greft alan\u0131 ile incelen mevcut sa\u00e7 aras\u0131nda g\u00f6r\u00fcn\u00fcr bir basamak olu\u015fur. Buna kar\u015f\u0131l\u0131k sa\u00e7lar t\u00fcm kafada e\u015fit bi\u00e7imde d\u00f6k\u00fcl\u00fcyorsa daha \u00e7ok <a href=\"\/tr\/diffuz-sac-dokulmesi\/\">dif\u00fcz sa\u00e7 d\u00f6k\u00fclmesi<\/a> s\u00f6z konusu olabilir ve o zaman \u015funa bakmakta fayda var: <a href=\"\/tr\/sac-dokulmesi-nedenleri\/\">sa\u00e7 d\u00f6k\u00fclmesinin nedenleri<\/a>.<\/p>\n\n\n\n<h3 class=\"wp-block-heading\">\u0130la\u00e7l\u0131 destek tedavisinin rol\u00fc<\/h3>\n\n\n\n<p class=\"wp-block-paragraph\">\u0130la\u00e7l\u0131 destek tedavisi shedding\u2019e kar\u015f\u0131 de\u011fil, mevcut sa\u00e7lar\u0131n daha fazla kayb\u0131na kar\u015f\u0131 y\u00f6nelir. 79 erkekle yap\u0131lan randomize, plasebo kontroll\u00fc bir \u00e7al\u0131\u015fmada 48 hafta sonra finasterid grubunun y\u00fczde 94\u2019\u00fcnde \u00f6n ve \u00fcst kafa b\u00f6lgesinde g\u00f6r\u00fcn\u00fcr bir sa\u00e7 art\u0131\u015f\u0131 saptand\u0131; plasebo grubunda bu oran y\u00fczde 67\u2019ydi (Leavitt ve ark., Dermatologic Surgery 2005, PMID 16188178).<\/p>\n\n\n\n<p class=\"wp-block-paragraph\">Bu \u00e7al\u0131\u015fma greftleri de\u011fil, \u00e7evredeki mevcut sa\u00e7lar\u0131 kaps\u0131yordu ve yaln\u0131zca erkeklerde yap\u0131ld\u0131. Androgenetik alopesiye ili\u015fkin Avrupa S3 k\u0131lavuzu (Kanti ve ark. 2018) erkekler i\u00e7in topikal minoksidili ve oral finasteridi standart se\u00e7enekler olarak s\u0131ral\u0131yor. \u0130la\u00e7 b\u0131rak\u0131ld\u0131\u011f\u0131nda etki de kayboluyor.<\/p>\n\n\n\n<p class=\"wp-block-paragraph\">Kad\u0131nlar i\u00e7in ba\u015fka kurallar ge\u00e7erli. Finasterid do\u011furganl\u0131k \u00e7a\u011f\u0131ndaki kad\u0131nlarda kontrendikedir; FDA onu gebelik kategorisi X\u2019te s\u0131n\u0131fland\u0131r\u0131r ve k\u0131r\u0131lm\u0131\u015f tabletlerle temastan bile ka\u00e7\u0131n\u0131lmas\u0131 gerekir. Topikal minoksidil kad\u0131nlara erkeklerden farkl\u0131 bir konsantrasyonda re\u00e7ete edilir. Ayr\u0131nt\u0131lar \u015fu yaz\u0131larda: <a href=\"\/tr\/finasterid\/\">finasterid<\/a> ve <a href=\"\/tr\/minoksidil-sac-dokulmesi\/\">minoksidil<\/a>, uygulama her h\u00e2l\u00fck\u00e2rda hekimin sorumlulu\u011fundad\u0131r.<\/p>\n\n\n\n<h3 class=\"wp-block-heading\">\u0130kinci bir seansa gerek var m\u0131?<\/h3>\n\n\n\n<p class=\"wp-block-paragraph\">Hastalar\u0131n ne kadar\u0131n\u0131n s\u00fcre\u00e7 i\u00e7inde ikinci bir seansa ihtiya\u00e7 duydu\u011fu kan\u0131tlanm\u0131\u015f de\u011fil, buna dair say\u0131 yok. Soru iki noktada belirleniyor: yeni d\u00f6k\u00fclmenin arkas\u0131nda hangi nedenin oldu\u011fu ve ensedeki don\u00f6r rezervinin bir s\u0131kla\u015ft\u0131rma i\u00e7in yeterli olup olmad\u0131\u011f\u0131. Se\u00e7eneklerin bir de\u011ferlendirmesini \u015fu kar\u015f\u0131la\u015ft\u0131rmada bulabilirsiniz: sa\u00e7 \u00e7\u0131kar\u0131c\u0131 \u00fcr\u00fcnler ve sa\u00e7 ekimi.<\/p>\n\n\n\n<p class=\"wp-block-paragraph\">Shedding ve shock loss a\u00e7\u0131k\u00e7a yeni bir m\u00fcdahale gerektiren durumlar de\u011fildir; onlar\u0131n yaln\u0131zca zamana ihtiyac\u0131 vard\u0131r. Tedavi edilmemi\u015f b\u00f6lgede ilerleyen sa\u00e7 d\u00f6k\u00fclmesi ise ba\u015fka bir konu. Bir s\u0131kla\u015ft\u0131rman\u0131n anlaml\u0131 olup olmad\u0131\u011f\u0131na karar vermeden \u00f6nce nedenin, sa\u00e7 derisi durumunun ve yo\u011funlu\u011fun de\u011ferlendirilmesi gerekir; bir sa\u00e7 analizinin amac\u0131 da tam olarak budur. Elithair\u2019de \u00fccretsizdir ve hekim onay\u0131ndan ge\u00e7er; \u00fcstelik bir\u00e7ok durumda sonu\u00e7, \u015fimdilik hi\u00e7bir ameliyata gerek olmad\u0131\u011f\u0131 y\u00f6n\u00fcnde \u00e7\u0131kar.<\/p>\n\n\n\n<div class=\"wp-block-buttons is-content-justification-center is-layout-flex wp-container-core-buttons-is-layout-fe48e5de wp-block-buttons-is-layout-flex\" style=\"justify-content:center;margin-bottom:48px\">\n\n<div class=\"wp-block-button\"><a class=\"wp-block-button__link wp-element-button\" style=\"background-color:#0079F1;color:#ffffff;border-radius:8px;padding:15px 36px;font-weight:700;font-size:17px\" href=\"\/tr\/sac-analizi\/\">\u00dccretsiz sa\u00e7 analizini ba\u015flat\u0131n<\/a><\/div>\n\n<\/div>\n\n\n\n<h2 class=\"wp-block-heading\" id=\"h-erfolgreiche-haartransplantationen-geduld-zahlt-sich-aus\">Ba\u015far\u0131l\u0131 sa\u00e7 ekimleri: sab\u0131r kar\u015f\u0131l\u0131\u011f\u0131n\u0131 veriyor<\/h2>\n\n\n\n<figure class=\"wp-block-image size-full\"><img loading=\"lazy\" decoding=\"async\" width=\"650\" height=\"446\" src=\"https:\/\/elithair.com\/tr\/wp-content\/uploads\/sites\/10\/2026\/08\/bestand_84870.png\" alt=\"Hasta Frederic Gigers\u2019in 4.700 greftle yap\u0131lan safir sa\u00e7 ekimi \u00f6ncesi ve sonras\u0131\" class=\"wp-image-83327\" srcset=\"https:\/\/elithair.com\/tr\/wp-content\/uploads\/sites\/10\/2026\/08\/bestand_84870.png 650w, https:\/\/elithair.com\/tr\/wp-content\/uploads\/sites\/10\/2026\/08\/bestand_84870-300x206.png 300w\" sizes=\"(max-width: 767px) 100vw, 660px\" \/><\/figure>\n\n\n\n<p class=\"wp-block-paragraph\">Tarif edilen s\u00fcrecin pratikte nas\u0131l g\u00f6r\u00fcnd\u00fc\u011f\u00fcn\u00fc, bak\u0131m takibinden belgelenmi\u015f bir vaka g\u00f6steriyor. Bu bir etkinlik kan\u0131t\u0131 ya da ba\u015fka hastalar i\u00e7in bir \u00f6ng\u00f6r\u00fc de\u011fil; zaman \u00e7izelgesinin hangi noktas\u0131nda tipik olarak belirsizlik olu\u015ftu\u011funun bir \u00f6rne\u011fi.<\/p>\n\n\n\n<p class=\"wp-block-paragraph\">Hastam\u0131z Frederik G.\u2019de tedaviden sonraki haftalarda yerle\u015ftirilen sa\u00e7lar\u0131n belirgin bir k\u0131sm\u0131 d\u00f6k\u00fcld\u00fc; yani tam olarak 2 ila 8. haftalardaki shedding. Yeni b\u00fcy\u00fcme ancak birka\u00e7 ay sonra, StatPearls\u2019\u00fcn ola\u011fan s\u00fcre olarak tan\u0131mlad\u0131\u011f\u0131 3 ila 6 ay aral\u0131\u011f\u0131nda ba\u015flad\u0131.<\/p>\n\n\n\n<p class=\"wp-block-paragraph\">Bu vaka, zaman \u00e7izelgesinin \u00f6ng\u00f6rd\u00fc\u011f\u00fc \u015feyi somutla\u015ft\u0131r\u0131yor: Shedding ile g\u00f6r\u00fcn\u00fcr yeni b\u00fcy\u00fcme aras\u0131nda ilerlemenin olmad\u0131\u011f\u0131 aylar vard\u0131r. Bu aral\u0131\u011f\u0131 bilen ki\u015fi, ara durumu, onu nihai sonu\u00e7 sananlardan farkl\u0131 de\u011ferlendirir.<\/p>\n\n\n\n<h3 class=\"wp-block-heading\"><strong>\u00d6ncesi ve sonras\u0131 sonu\u00e7lar: dolgun sa\u00e7a giden yol<\/strong><\/h3>\n\n\n\n<figure class=\"wp-block-image size-full\"><img loading=\"lazy\" decoding=\"async\" width=\"750\" height=\"500\" src=\"https:\/\/elithair.com\/tr\/wp-content\/uploads\/sites\/10\/2026\/08\/bestand_97458.png\" alt=\"Sa\u00e7 ekimi sonras\u0131 bir hastan\u0131n \u00f6ncesi ve sonras\u0131 g\u00f6r\u00fcnt\u00fcs\u00fc\" class=\"wp-image-83328\" srcset=\"https:\/\/elithair.com\/tr\/wp-content\/uploads\/sites\/10\/2026\/08\/bestand_97458.png 750w, https:\/\/elithair.com\/tr\/wp-content\/uploads\/sites\/10\/2026\/08\/bestand_97458-300x200.png 300w\" sizes=\"(max-width: 767px) 100vw, 660px\" \/><\/figure>\n\n\n\n<p class=\"wp-block-paragraph\"><a href=\"\/tr\/oncesi-sonrasi\/\">\u00d6ncesi ve sonras\u0131 sonu\u00e7lar<\/a> yaln\u0131zca yan\u0131nda zaman bilgisi varsa kendi durumunuzu de\u011ferlendirmek i\u00e7in i\u015fe yarar. 6. aydan bir g\u00f6r\u00fcnt\u00fc ile 14. aydan bir g\u00f6r\u00fcnt\u00fc, ayn\u0131 s\u00fcrecin farkl\u0131 a\u015famalar\u0131n\u0131 g\u00f6sterir; farkl\u0131 sonu\u00e7 kalitelerini de\u011fil. Bu y\u00fczden kar\u015f\u0131la\u015ft\u0131rma g\u00f6rsellerinde her zaman ay bilgisine, \u0131\u015f\u0131\u011fa ve sa\u00e7 uzunlu\u011funa dikkat edin.<\/p>\n\n\n\n<p class=\"wp-block-paragraph\">Ba\u015flang\u0131\u00e7 yo\u011funlu\u011fu, alan ve sa\u00e7 yap\u0131s\u0131 farkl\u0131 oldu\u011fu i\u00e7in sonu\u00e7lar ki\u015fiden ki\u015fiye de\u011fi\u015fir. Etkileyebilece\u011finiz \u015fey, bekleme s\u00fcresini nas\u0131l ge\u00e7irdi\u011finizdir: her g\u00fcn saymak yerine belgeleyin, bak\u0131m kurallar\u0131na uyun, ola\u011fan d\u0131\u015f\u0131 bir durumda klini\u011fe ba\u015fvurun.<\/p>\n\n\n\n<h2 class=\"wp-block-heading\">Sa\u00e7 ekimi sonras\u0131 shock loss ve sa\u00e7 d\u00f6k\u00fclmesi hakk\u0131nda s\u0131k sorulan sorular<\/h2>\n\n\n\n<div style=\"border:1px solid #e3e8ef;border-radius:10px;padding:16px;margin-bottom:12px\">\n<p style=\"margin:0 0 6px;color:#013366;font-weight:600;font-size:16px;line-height:1.45\">Sa\u00e7 ekimi sonras\u0131 shock loss kal\u0131c\u0131 m\u0131d\u0131r?<\/p>\n<p style=\"margin:0;color:#2e3033;font-size:15px;line-height:1.6\">Kural olarak hay\u0131r. Shedding\u2019de k\u00f6k sa\u00e7 derisinde kal\u0131r ve mevcut sa\u00e7lardaki bir shock loss deneyimlere g\u00f6re aylar i\u00e7inde geriler. Kal\u0131c\u0131 olarak b\u00fcy\u00fcmenin olmamas\u0131 istisnad\u0131r ve en ge\u00e7 on iki ay sonra hekim taraf\u0131ndan de\u011ferlendirilmelidir.<\/p>\n<\/div>\n<div style=\"border:1px solid #e3e8ef;border-radius:10px;padding:16px;margin-bottom:12px\">\n<p style=\"margin:0 0 6px;color:#013366;font-weight:600;font-size:16px;line-height:1.45\">Nakledilen sa\u00e7lar\u0131n tamam\u0131 d\u00f6k\u00fcl\u00fcr m\u00fc?<\/p>\n<p style=\"margin:0;color:#2e3033;font-size:15px;line-height:1.6\">Hastalar\u0131n \u00e7o\u011funda nakledilen sa\u00e7lar\u0131n g\u00f6r\u00fcnen teli 2 ila 8. haftalarda d\u00f6k\u00fcl\u00fcr. Uzman literat\u00fcr\u00fc bunun i\u00e7in g\u00fcvenilir bir y\u00fczde vermiyor. K\u00f6k yeni yerinde kal\u0131r, yeniden \u00e7\u0131kma \u00e7o\u011funlukla \u00fc\u00e7 ila alt\u0131 ay sonra ba\u015flar.<\/p>\n<\/div>\n<div style=\"border:1px solid #e3e8ef;border-radius:10px;padding:16px;margin-bottom:12px\">\n<p style=\"margin:0 0 6px;color:#013366;font-weight:600;font-size:16px;line-height:1.45\">Shock loss ameliyatta bir hata yap\u0131ld\u0131\u011f\u0131n\u0131n i\u015fareti midir?<\/p>\n<p style=\"margin:0;color:#2e3033;font-size:15px;line-height:1.6\">Kural olarak hay\u0131r. Shedding iyile\u015fme s\u00fcrecinin bir par\u00e7as\u0131d\u0131r ve teknik ya da seans b\u00fcy\u00fckl\u00fc\u011f\u00fc ile shock loss s\u0131kl\u0131\u011f\u0131 aras\u0131nda bir ba\u011flant\u0131ya dair g\u00fcvenilir kar\u015f\u0131la\u015ft\u0131rma verisi yoktur. Bug\u00fcne kadar kan\u0131tlanm\u0131\u015f tek risk fakt\u00f6r\u00fc cinsiyettir (Okochi ve ark. 2024).<\/p>\n<\/div>\n<div style=\"border:1px solid #e3e8ef;border-radius:10px;padding:16px;margin-bottom:12px\">\n<p style=\"margin:0 0 6px;color:#013366;font-weight:600;font-size:16px;line-height:1.45\">6 ay sonra h\u00e2l\u00e2 bo\u015fluklar g\u00f6r\u00fcn\u00fcyor, bu normal mi?<\/p>\n<p style=\"margin:0;color:#2e3033;font-size:15px;line-height:1.6\">Evet. Alt\u0131 ay bir ara durumdur, nihai sonu\u00e7 de\u011fil. Folik\u00fcller ayn\u0131 anda ba\u015flamaz ve yeni sa\u00e7lar ba\u015flang\u0131\u00e7ta ince ve a\u00e7\u0131k renklidir. Sonu\u00e7 kural olarak 12. aya, tepe b\u00f6lgesinde k\u0131smen 15 ila 18. aya kadar olgunla\u015f\u0131r.<\/p>\n<\/div>\n<div style=\"border:1px solid #e3e8ef;border-radius:10px;padding:16px;margin-bottom:12px\">\n<p style=\"margin:0 0 6px;color:#013366;font-weight:600;font-size:16px;line-height:1.45\">Don\u00f6r b\u00f6lge shock loss\u2019tan sonra yeniden kapan\u0131r m\u0131?<\/p>\n<p style=\"margin:0;color:#2e3033;font-size:15px;line-height:1.6\">Mevcut olgu serilerine g\u00f6re don\u00f6r b\u00f6lgedeki d\u00f6k\u00fclme 3 ila 6 ay i\u00e7inde kendili\u011finden geriler. B\u00f6lge alt\u0131 ay sonra h\u00e2l\u00e2 e\u015fit bi\u00e7imde seyrek kal\u0131yorsa, a\u015f\u0131r\u0131 greft al\u0131m\u0131na ba\u011fl\u0131 kal\u0131c\u0131 bir seyrelme s\u00f6z konusu olabilir ve de\u011ferlendirilmelidir.<\/p>\n<\/div>\n<div style=\"border:1px solid #e3e8ef;border-radius:10px;padding:16px;margin-bottom:12px\">\n<p style=\"margin:0 0 6px;color:#013366;font-weight:600;font-size:16px;line-height:1.45\">Kad\u0131nlar neden shock loss\u2019tan daha s\u0131k etkileniyor?<\/p>\n<p style=\"margin:0;color:#2e3033;font-size:15px;line-height:1.6\">Okochi ve ark. (2024) de\u011ferlendirmesinde tek anlaml\u0131 risk fakt\u00f6r\u00fc cinsiyetti: kad\u0131nlarda yakla\u015f\u0131k y\u00fczde 21\u2019e kar\u015f\u0131l\u0131k erkeklerde yakla\u015f\u0131k y\u00fczde 1,6; odds oran\u0131 30,18. Bunun nedeni a\u00e7\u0131kl\u0131\u011fa kavu\u015fmu\u015f de\u011fil; hedef b\u00f6lgede daha yo\u011fun mevcut sa\u00e7 ve daha fazla incelmi\u015f sa\u00e7 bulunmas\u0131 tart\u0131\u015f\u0131l\u0131yor.<\/p>\n<\/div>\n<div style=\"border:1px solid #e3e8ef;border-radius:10px;padding:16px;margin-bottom:12px\">\n<p style=\"margin:0 0 6px;color:#013366;font-weight:600;font-size:16px;line-height:1.45\">Shock loss\u2019u \u00f6nleyebilir miyim?<\/p>\n<p style=\"margin:0;color:#2e3033;font-size:15px;line-height:1.6\">Yaln\u0131zca s\u0131n\u0131rl\u0131 \u00f6l\u00e7\u00fcde, \u00e7\u00fcnk\u00fc sa\u00e7 derisinin uyar\u0131lmas\u0131 i\u015flemin bir par\u00e7as\u0131d\u0131r. Anlaml\u0131 olan, minyat\u00fcrizasyonun de\u011ferlendirildi\u011fi bir hekim \u00f6n muayenesi, ger\u00e7ek\u00e7i planlanm\u0131\u015f bir yo\u011funluk ve ba\u015flang\u0131\u00e7 durumunun belgelenmesidir. Yo\u011fun minyat\u00fcrizasyon varsa StatPearls \u00f6nceden ila\u00e7la stabilizasyon \u00f6neriyor.<\/p>\n<\/div>\n<div style=\"border:1px solid #e3e8ef;border-radius:10px;padding:16px;margin-bottom:12px\">\n<p style=\"margin:0 0 6px;color:#013366;font-weight:600;font-size:16px;line-height:1.45\">Minoksidil ekim sonras\u0131 sa\u00e7 d\u00f6k\u00fclmesine kar\u015f\u0131 yard\u0131mc\u0131 olur mu?<\/p>\n<p style=\"margin:0;color:#2e3033;font-size:15px;line-height:1.6\">Minoksidil mevcut sa\u00e7lara etki eder, greftlerin shedding\u2019ine de\u011fil. Shock loss\u2019a kar\u015f\u0131 bir yarar\u0131 kan\u0131tlanm\u0131\u015f de\u011fildir. Ekim sonras\u0131 kullan\u0131m hekimin karar\u0131d\u0131r; ayr\u0131ca kad\u0131nlara erkeklerden farkl\u0131 bir konsantrasyon re\u00e7ete edilir.<\/p>\n<\/div>\n<div style=\"border:1px solid #e3e8ef;border-radius:10px;padding:16px;margin-bottom:12px\">\n<p style=\"margin:0 0 6px;color:#013366;font-weight:600;font-size:16px;line-height:1.45\">Sa\u00e7 ekiminden iki y\u0131l sonra neden yeniden sa\u00e7 d\u00f6k\u00fcl\u00fcyor?<\/p>\n<p style=\"margin:0;color:#2e3033;font-size:15px;line-height:1.6\">Bunun arkas\u0131nda \u00e7o\u011funlukla nakil yap\u0131lmam\u0131\u015f b\u00f6lgede ilerleyen androgenetik alopesi vard\u0131r. Nakledilen folik\u00fcller DHT\u2019ye belirgin bi\u00e7imde daha az duyarl\u0131d\u0131r ve kural olarak kal\u0131c\u0131 kal\u0131r; \u00e7evredeki mevcut sa\u00e7lar ise duyarl\u0131 kal\u0131r ve minyat\u00fcrle\u015fmeyi s\u00fcrd\u00fcrebilir.<\/p>\n<\/div>\n<div style=\"border:1px solid #e3e8ef;border-radius:10px;padding:16px;margin-bottom:12px\">\n<p style=\"margin:0 0 6px;color:#013366;font-weight:600;font-size:16px;line-height:1.45\">12 ay sonra hi\u00e7 sa\u00e7 \u00e7\u0131kmad\u0131ysa ne olur?<\/p>\n<p style=\"margin:0;color:#2e3033;font-size:15px;line-height:1.6\">O zaman hekim de\u011ferlendirmesi gerekir. Ba\u015flang\u0131\u00e7 belgelemesine k\u0131yasla yo\u011funluk, iltihap belirtileri ve mevcut sa\u00e7lar\u0131n durumu kontrol edilir. On iki ay yerle\u015fik de\u011ferlendirme zaman\u0131d\u0131r; \u00f6ncesinde bir sonu\u00e7 kesin olarak de\u011ferlendirilemez.<\/p>\n<\/div>\n<div style=\"border:1px solid #e3e8ef;border-radius:10px;padding:16px;margin-bottom:12px\">\n<p style=\"margin:0 0 6px;color:#013366;font-weight:600;font-size:16px;line-height:1.45\">Y\u0131karken bir greft mi kopard\u0131m, yoksa normal d\u00f6k\u00fclme mi?<\/p>\n<p style=\"margin:0;color:#2e3033;font-size:15px;line-height:1.6\">Ucunda k\u00fc\u00e7\u00fck beyaz\u0131ms\u0131 bir kal\u0131nla\u015fma olan ve kanama b\u0131rakmayan saf bir sa\u00e7 teli shedding\u2019e i\u015faret eder. Mekanik greft kayb\u0131 pratikte yaln\u0131zca ilk g\u00fcnlerde m\u00fcmk\u00fcnd\u00fcr: Yakla\u015f\u0131k 10 ila 14. g\u00fcnden itibaren greftler s\u0131k\u0131ca oturur (Bernstein ve Rassman 2006, NHS).<\/p>\n<\/div>\n<div style=\"border:1px solid #e3e8ef;border-radius:10px;padding:16px;margin-bottom:12px\">\n<p style=\"margin:0 0 6px;color:#013366;font-weight:600;font-size:16px;line-height:1.45\">Yeni sa\u00e7lar\u0131n \u00e7\u0131kt\u0131\u011f\u0131 yerlerde sivilcelerim var. Bu k\u00f6t\u00fc m\u00fc?<\/p>\n<p style=\"margin:0;color:#2e3033;font-size:15px;line-height:1.6\">\u00c7o\u011funlukla de\u011fil. Tek t\u00fck p\u00fcst\u00fcller yeni sa\u00e7lar deriyi delip \u00e7\u0131karken olu\u015fur. 1.317 hastayla yap\u0131lan \u00e7ok merkezli bir \u00e7al\u0131\u015fma, sa\u00e7 ekimi sonras\u0131 follik\u00fclit i\u00e7in y\u00fczde 12,11 buldu (PMID 37904273). Geni\u015f alana yay\u0131lan, iltihapl\u0131 veya a\u011fr\u0131l\u0131 enfeksiyonlar hekime g\u00f6sterilmelidir.<\/p>\n<\/div>\n\n\n\n<h2 class=\"wp-block-heading\" id=\"h-fazit-ein-naturlicher-prozess\">Sonu\u00e7: Do\u011fal bir s\u00fcre\u00e7<\/h2>\n\n\n\n<p class=\"wp-block-paragraph\">Sa\u00e7 ekimi sonras\u0131 sa\u00e7 kayb\u0131 \u00e7o\u011fu vakada iyile\u015fme s\u00fcrecinin normal bir par\u00e7as\u0131d\u0131r. Burada iki olay\u0131 birbirinden ay\u0131rmak gerekir: k\u00f6k\u00fcn yerinde kald\u0131\u011f\u0131, nakledilen sa\u00e7lar\u0131n shedding\u2019i ve \u00e7evredeki mevcut sa\u00e7larda g\u00f6r\u00fclen, deneyimlere g\u00f6re aylar i\u00e7inde gerileyen nadir ger\u00e7ek shock loss.<\/p>\n\n\n\n<p class=\"wp-block-paragraph\">De\u011ferlendirme \u00fc\u00e7 say\u0131ya dayan\u0131yor: kural olarak 3 ila 6 ay sonra yeniden b\u00fcy\u00fcme (StatPearls), 10 ila 18 ay sonra tam sonu\u00e7 (NHS), mevcut sa\u00e7lardaki ger\u00e7ek shock loss 621 hastan\u0131n y\u00fczde 3,7\u2019sinde ve kad\u0131nlarda belirgin bi\u00e7imde daha s\u0131k (Okochi ve ark. 2024, kan\u0131t d\u00fczeyi IV). Bu \u00e7er\u00e7eveye giren her \u015fey bir s\u00fcre\u00e7tir, bir bulgu de\u011fil.<\/p>\n\n\n\n<p class=\"wp-block-paragraph\">Bu \u00e7er\u00e7evenin d\u0131\u015f\u0131nda tersi ge\u00e7erlidir: 6. aydan itibaren yeni b\u00fcy\u00fcme olmamas\u0131, b\u00f6lgenin d\u0131\u015f\u0131na yay\u0131larak artan d\u00f6k\u00fclme, iltihapl\u0131 enfeksiyonlar veya devam eden a\u011fr\u0131lar hekim taraf\u0131ndan, tedaviyi yapan klinikte ya da bir dermatoloji muayenehanesinde de\u011ferlendirilmelidir. Kontrol muayenesi <a href=\"\/tr\/doktorlarimiz\/\">Elithair<\/a> b\u00fcnyesinde takibin sabit bir par\u00e7as\u0131d\u0131r; yani soru sormak a\u00e7\u0131k\u00e7a \u00f6ng\u00f6r\u00fclm\u00fc\u015ft\u00fcr ve istisnai bir durum de\u011fildir.<\/p>\n\n\n<div class=\"wp-block-image\">\n<figure class=\"aligncenter size-large is-resized\" style=\"max-width:720px;margin-left:auto;margin-right:auto\"><img loading=\"lazy\" decoding=\"async\" width=\"1536\" height=\"1024\" src=\"https:\/\/elithair.com\/tr\/wp-content\/uploads\/sites\/10\/2026\/08\/verlauf_ruhig_abschluss.png\" alt=\"K\u0131sa sa\u00e7l\u0131 bir adam ak\u015fam \u0131\u015f\u0131\u011f\u0131nda sakin \u015fekilde durup uzaklara bak\u0131yor\" class=\"wp-image-83329\" style=\"width:720px;max-width:100%;height:auto\" srcset=\"https:\/\/elithair.com\/tr\/wp-content\/uploads\/sites\/10\/2026\/08\/verlauf_ruhig_abschluss.png 1536w, https:\/\/elithair.com\/tr\/wp-content\/uploads\/sites\/10\/2026\/08\/verlauf_ruhig_abschluss-300x200.png 300w, https:\/\/elithair.com\/tr\/wp-content\/uploads\/sites\/10\/2026\/08\/verlauf_ruhig_abschluss-1024x683.png 1024w, https:\/\/elithair.com\/tr\/wp-content\/uploads\/sites\/10\/2026\/08\/verlauf_ruhig_abschluss-768x512.png 768w\" sizes=\"(max-width: 767px) 100vw, 660px\" \/><\/figure>\n<\/div>\n\n\n<h2 class=\"wp-block-heading\">Kaynaklar ve t\u0131bbi uyar\u0131<\/h2>\n\n\n\n<div style=\"border:1px solid #dbe4f0;border-radius:12px;padding:18px;margin:28px 0\">\n<p style=\"margin:0 0 12px;color:#013366;font-weight:700;font-size:16px\">Kullan\u0131lan kaynaklar (A\u011fustos 2026 itibar\u0131yla)<\/p>\n<ol style=\"margin:0;padding:0 0 0 20px;color:#2e3033;font-size:14px;line-height:1.65\">\n<li style=\"margin-bottom:8px\">Okochi H., Onda M., Momosawa A., Okochi M.: <em>An Analysis of Risk Factors of Recipient Site Temporary Effluvium After Follicular Unit Excision.<\/em> Aesthetic Plastic Surgery 2024;48(7):1258\u20131263. PMID 37816944. <a href=\"https:\/\/pubmed.ncbi.nlm.nih.gov\/37816944\/\" target=\"_blank\" rel=\"noopener\">PubMed<\/a><\/li>\n<li style=\"margin-bottom:8px\">Goldin J., Zito P.M., Raggio B.S.: <em>Hair Transplantation.<\/em> StatPearls, NCBI Bookshelf NBK547740, s\u00fcrekli g\u00fcncellenmektedir. <a href=\"https:\/\/www.ncbi.nlm.nih.gov\/books\/NBK547740\/\" target=\"_blank\" rel=\"noopener\">NCBI<\/a><\/li>\n<li style=\"margin-bottom:8px\">Romera de Blas C., Vega D\u00edez D., Ricart Vay\u00e1 J.M., G\u00f3mez Zubiaur A.: <em>Complications in follicular unit excision hair transplantation.<\/em> Frontiers in Medicine 2026. <a href=\"https:\/\/pmc.ncbi.nlm.nih.gov\/articles\/PMC12909172\/\" target=\"_blank\" rel=\"noopener\">PMC12909172<\/a><\/li>\n<li style=\"margin-bottom:8px\">Bernstein R.M., Rassman W.R.: <em>Graft Anchoring in Hair Transplantation.<\/em> Dermatologic Surgery 2006;32(2):198\u2013204. PMID 16442039. <a href=\"https:\/\/pubmed.ncbi.nlm.nih.gov\/16442039\/\" target=\"_blank\" rel=\"noopener\">PubMed<\/a><\/li>\n<li style=\"margin-bottom:8px\"><em>Characterization and Risk Factors of Folliculitis after Hair Transplantation: A Multicenter Retrospective Study.<\/em> Plastic and Reconstructive Surgery 2024;154(6):1115e\u20131122e. PMID 37904273. <a href=\"https:\/\/pubmed.ncbi.nlm.nih.gov\/37904273\/\" target=\"_blank\" rel=\"noopener\">PubMed<\/a><\/li>\n<li style=\"margin-bottom:8px\">Leavitt M., David P.M., Rao N.A., Barusco M., Kaufman K.D., Ziering C.: <em>Effects of Finasteride (1 mg) on Hair Transplant.<\/em> Dermatologic Surgery 2005;31(10):1268\u20131276. PMID 16188178. <a href=\"https:\/\/pubmed.ncbi.nlm.nih.gov\/16188178\/\" target=\"_blank\" rel=\"noopener\">PubMed<\/a><\/li>\n<li style=\"margin-bottom:8px\">Kanti V., Messenger A., Dobos G. ve ark.: <em>Evidence-based (S3) guideline for the treatment of androgenetic alopecia in women and in men.<\/em> Journal of the European Academy of Dermatology and Venereology 2018;32(1):11\u201322. <a href=\"https:\/\/onlinelibrary.wiley.com\/doi\/10.1111\/jdv.14624\" target=\"_blank\" rel=\"noopener\">JEADV<\/a><\/li>\n<li style=\"margin-bottom:8px\">G\u00f3mez-Zubiaur A. ve ark.: <em>Localized telogen effluvium of the donor area after hair transplant surgery in 12 patients.<\/em> Dermatologic Surgery 2021;47:1023\u20131024. Ayr\u0131ca Kerure A.S. ve ark., Journal of Cutaneous and Aesthetic Surgery 2020;13:31\u201334.<\/li>\n<li style=\"margin-bottom:8px\">NHS: <em>Hair transplant.<\/em> <a href=\"https:\/\/www.nhs.uk\/tests-and-treatments\/cosmetic-procedures\/cosmetic-surgery\/hair-transplant\/\" target=\"_blank\" rel=\"noopener\">nhs.uk<\/a><\/li>\n<li style=\"margin-bottom:0\">FDA: <em>PROPECIA (finasteride) Tablets<\/em>, \u00fcr\u00fcn bilgisi. <a href=\"https:\/\/www.accessdata.fda.gov\/drugsatfda_docs\/label\/2022\/020788s030lbl.pdf\" target=\"_blank\" rel=\"noopener\">accessdata.fda.gov<\/a><\/li>\n<\/ol>\n<p style=\"margin:14px 0 0;color:#6b7280;font-size:13px;line-height:1.55\">Bu yaz\u0131 bilgilendirme ama\u00e7l\u0131d\u0131r ve hekim muayenesinin, tan\u0131s\u0131n\u0131n veya tedavisinin yerini tutmaz. \u015eik\u00e2yetleriniz varsa ya da iyile\u015fme s\u00fcrecinde teredd\u00fcde d\u00fc\u015ferseniz tedaviyi yapan klini\u011fe veya bir dermatoloji uzman\u0131na ba\u015fvurun. G\u00fcncelleme: A\u011fustos 2026.<\/p>\n<\/div>\n\n\n\n<script type=\"application\/ld+json\">\n{\"@context\":\"https:\/\/schema.org\",\"@type\":\"FAQPage\",\"mainEntity\":[{\"@type\":\"Question\",\"name\":\"Sa\u00e7 ekimi sonras\u0131 shock loss kal\u0131c\u0131 m\u0131d\u0131r?\",\"acceptedAnswer\":{\"@type\":\"Answer\",\"text\":\"Kural olarak hay\u0131r. Shedding\u2019de k\u00f6k sa\u00e7 derisinde kal\u0131r ve mevcut sa\u00e7lardaki bir shock loss deneyimlere g\u00f6re aylar i\u00e7inde geriler. Kal\u0131c\u0131 olarak b\u00fcy\u00fcmenin olmamas\u0131 istisnad\u0131r ve en ge\u00e7 on iki ay sonra hekim taraf\u0131ndan de\u011ferlendirilmelidir.\"}},{\"@type\":\"Question\",\"name\":\"Nakledilen sa\u00e7lar\u0131n tamam\u0131 d\u00f6k\u00fcl\u00fcr m\u00fc?\",\"acceptedAnswer\":{\"@type\":\"Answer\",\"text\":\"Hastalar\u0131n \u00e7o\u011funda nakledilen sa\u00e7lar\u0131n g\u00f6r\u00fcnen teli 2 ila 8. haftalarda d\u00f6k\u00fcl\u00fcr. Uzman literat\u00fcr\u00fc bunun i\u00e7in g\u00fcvenilir bir y\u00fczde vermiyor. K\u00f6k yeni yerinde kal\u0131r, yeniden \u00e7\u0131kma \u00e7o\u011funlukla \u00fc\u00e7 ila alt\u0131 ay sonra ba\u015flar.\"}},{\"@type\":\"Question\",\"name\":\"Shock loss ameliyatta bir hata yap\u0131ld\u0131\u011f\u0131n\u0131n i\u015fareti midir?\",\"acceptedAnswer\":{\"@type\":\"Answer\",\"text\":\"Kural olarak hay\u0131r. Shedding iyile\u015fme s\u00fcrecinin bir par\u00e7as\u0131d\u0131r ve teknik ya da seans b\u00fcy\u00fckl\u00fc\u011f\u00fc ile shock loss s\u0131kl\u0131\u011f\u0131 aras\u0131nda bir ba\u011flant\u0131ya dair g\u00fcvenilir kar\u015f\u0131la\u015ft\u0131rma verisi yoktur. Bug\u00fcne kadar kan\u0131tlanm\u0131\u015f tek risk fakt\u00f6r\u00fc cinsiyettir (Okochi ve ark. 2024).\"}},{\"@type\":\"Question\",\"name\":\"6 ay sonra h\u00e2l\u00e2 bo\u015fluklar g\u00f6r\u00fcn\u00fcyor, bu normal mi?\",\"acceptedAnswer\":{\"@type\":\"Answer\",\"text\":\"Evet. Alt\u0131 ay bir ara durumdur, nihai sonu\u00e7 de\u011fil. Folik\u00fcller ayn\u0131 anda ba\u015flamaz ve yeni sa\u00e7lar ba\u015flang\u0131\u00e7ta ince ve a\u00e7\u0131k renklidir. Sonu\u00e7 kural olarak 12. aya, tepe b\u00f6lgesinde k\u0131smen 15 ila 18. aya kadar olgunla\u015f\u0131r.\"}},{\"@type\":\"Question\",\"name\":\"Don\u00f6r b\u00f6lge shock loss\u2019tan sonra yeniden kapan\u0131r m\u0131?\",\"acceptedAnswer\":{\"@type\":\"Answer\",\"text\":\"Mevcut olgu serilerine g\u00f6re don\u00f6r b\u00f6lgedeki d\u00f6k\u00fclme 3 ila 6 ay i\u00e7inde kendili\u011finden geriler. B\u00f6lge alt\u0131 ay sonra h\u00e2l\u00e2 e\u015fit bi\u00e7imde seyrek kal\u0131yorsa, a\u015f\u0131r\u0131 greft al\u0131m\u0131na ba\u011fl\u0131 kal\u0131c\u0131 bir seyrelme s\u00f6z konusu olabilir ve de\u011ferlendirilmelidir.\"}},{\"@type\":\"Question\",\"name\":\"Kad\u0131nlar neden shock loss\u2019tan daha s\u0131k etkileniyor?\",\"acceptedAnswer\":{\"@type\":\"Answer\",\"text\":\"Okochi ve ark. (2024) de\u011ferlendirmesinde tek anlaml\u0131 risk fakt\u00f6r\u00fc cinsiyetti: kad\u0131nlarda yakla\u015f\u0131k y\u00fczde 21\u2019e kar\u015f\u0131l\u0131k erkeklerde yakla\u015f\u0131k y\u00fczde 1,6; odds oran\u0131 30,18. Bunun nedeni a\u00e7\u0131kl\u0131\u011fa kavu\u015fmu\u015f de\u011fil; hedef b\u00f6lgede daha yo\u011fun mevcut sa\u00e7 ve daha fazla incelmi\u015f sa\u00e7 bulunmas\u0131 tart\u0131\u015f\u0131l\u0131yor.\"}},{\"@type\":\"Question\",\"name\":\"Shock loss\u2019u \u00f6nleyebilir miyim?\",\"acceptedAnswer\":{\"@type\":\"Answer\",\"text\":\"Yaln\u0131zca s\u0131n\u0131rl\u0131 \u00f6l\u00e7\u00fcde, \u00e7\u00fcnk\u00fc sa\u00e7 derisinin uyar\u0131lmas\u0131 i\u015flemin bir par\u00e7as\u0131d\u0131r. Anlaml\u0131 olan, minyat\u00fcrizasyonun de\u011ferlendirildi\u011fi bir hekim \u00f6n muayenesi, ger\u00e7ek\u00e7i planlanm\u0131\u015f bir yo\u011funluk ve ba\u015flang\u0131\u00e7 durumunun belgelenmesidir. Yo\u011fun minyat\u00fcrizasyon varsa StatPearls \u00f6nceden ila\u00e7la stabilizasyon \u00f6neriyor.\"}},{\"@type\":\"Question\",\"name\":\"Minoksidil ekim sonras\u0131 sa\u00e7 d\u00f6k\u00fclmesine kar\u015f\u0131 yard\u0131mc\u0131 olur mu?\",\"acceptedAnswer\":{\"@type\":\"Answer\",\"text\":\"Minoksidil mevcut sa\u00e7lara etki eder, greftlerin shedding\u2019ine de\u011fil. Shock loss\u2019a kar\u015f\u0131 bir yarar\u0131 kan\u0131tlanm\u0131\u015f de\u011fildir. Ekim sonras\u0131 kullan\u0131m hekimin karar\u0131d\u0131r; ayr\u0131ca kad\u0131nlara erkeklerden farkl\u0131 bir konsantrasyon re\u00e7ete edilir.\"}},{\"@type\":\"Question\",\"name\":\"Sa\u00e7 ekiminden iki y\u0131l sonra neden yeniden sa\u00e7 d\u00f6k\u00fcl\u00fcyor?\",\"acceptedAnswer\":{\"@type\":\"Answer\",\"text\":\"Bunun arkas\u0131nda \u00e7o\u011funlukla nakil yap\u0131lmam\u0131\u015f b\u00f6lgede ilerleyen androgenetik alopesi vard\u0131r. Nakledilen folik\u00fcller DHT\u2019ye belirgin bi\u00e7imde daha az duyarl\u0131d\u0131r ve kural olarak kal\u0131c\u0131 kal\u0131r; \u00e7evredeki mevcut sa\u00e7lar ise duyarl\u0131 kal\u0131r ve minyat\u00fcrle\u015fmeyi s\u00fcrd\u00fcrebilir.\"}},{\"@type\":\"Question\",\"name\":\"12 ay sonra hi\u00e7 sa\u00e7 \u00e7\u0131kmad\u0131ysa ne olur?\",\"acceptedAnswer\":{\"@type\":\"Answer\",\"text\":\"O zaman hekim de\u011ferlendirmesi gerekir. Ba\u015flang\u0131\u00e7 belgelemesine k\u0131yasla yo\u011funluk, iltihap belirtileri ve mevcut sa\u00e7lar\u0131n durumu kontrol edilir. On iki ay yerle\u015fik de\u011ferlendirme zaman\u0131d\u0131r; \u00f6ncesinde bir sonu\u00e7 kesin olarak de\u011ferlendirilemez.\"}},{\"@type\":\"Question\",\"name\":\"Y\u0131karken bir greft mi kopard\u0131m, yoksa normal d\u00f6k\u00fclme mi?\",\"acceptedAnswer\":{\"@type\":\"Answer\",\"text\":\"Ucunda k\u00fc\u00e7\u00fck beyaz\u0131ms\u0131 bir kal\u0131nla\u015fma olan ve kanama b\u0131rakmayan saf bir sa\u00e7 teli shedding\u2019e i\u015faret eder. Mekanik greft kayb\u0131 pratikte yaln\u0131zca ilk g\u00fcnlerde m\u00fcmk\u00fcnd\u00fcr: Yakla\u015f\u0131k 10 ila 14. g\u00fcnden itibaren greftler s\u0131k\u0131ca oturur (Bernstein ve Rassman 2006, NHS).\"}},{\"@type\":\"Question\",\"name\":\"Yeni sa\u00e7lar\u0131n \u00e7\u0131kt\u0131\u011f\u0131 yerlerde sivilcelerim var. Bu k\u00f6t\u00fc m\u00fc?\",\"acceptedAnswer\":{\"@type\":\"Answer\",\"text\":\"\u00c7o\u011funlukla de\u011fil. Tek t\u00fck p\u00fcst\u00fcller yeni sa\u00e7lar deriyi delip \u00e7\u0131karken olu\u015fur. 1.317 hastayla yap\u0131lan \u00e7ok merkezli bir \u00e7al\u0131\u015fma, sa\u00e7 ekimi sonras\u0131 follik\u00fclit i\u00e7in y\u00fczde 12,11 buldu (PMID 37904273). Geni\u015f alana yay\u0131lan, iltihapl\u0131 veya a\u011fr\u0131l\u0131 enfeksiyonlar hekime g\u00f6sterilmelidir.\"}}]}\n<\/script>\n\n","protected":false},"excerpt":{"rendered":"<p>\u015eok d\u00f6k\u00fclme sa\u00e7 ekimi sonras\u0131nda sa\u00e7lar\u0131n yerlerine al\u0131\u015fmas\u0131 i\u00e7in ge\u00e7ici olarak d\u00f6k\u00fclmesidir. Bu durum ki\u015fide panik yaratabilir, fakat gayet normal ve ge\u00e7icidir. Don\u00f6r b\u00f6lgeden al\u0131c\u0131 alana transfer edilen sa\u00e7 k\u00f6kleri, yani greftler, ekildikleri alana adapte olmaya \u00e7al\u0131\u015f\u0131r. Peki \u015fok d\u00f6k\u00fclme nedir?<\/p>\n","protected":false},"author":10,"featured_media":80915,"comment_status":"open","ping_status":"open","sticky":false,"template":"","format":"standard","meta":{"_acf_changed":false,"_yoast_wpseo_meta-robots-noindex":"","_yoast_wpseo_meta-robots-nofollow":"","_yoast_wpseo_meta-robots-adv":"","_yoast_wpseo_canonical":"https:\/\/elithair.com\/tr\/sac-ekimini-sonrasi-sok-dokulme\/","_yoast_wpseo_opengraph-title":"","_yoast_wpseo_opengraph-description":"","_yoast_wpseo_opengraph-image":"","_yoast_wpseo_twitter-title":"","_yoast_wpseo_twitter-description":"","_yoast_wpseo_twitter-image":"","_hm_hreflang_map":{"ar":23073,"de":46764,"en":96954,"es":31126,"fr":85469,"it":18539,"pt":89714,"tr":80913,"uk":90122,"x_default":96954},"_hm_language_code":"tr","footnotes":""},"categories":[3],"tags":[],"class_list":["post-80913","post","type-post","status-publish","format-standard","has-post-thumbnail","hentry","category-sac-ekimi-blog"],"acf":[],"yoast_head":"<!-- This site is optimized with the Yoast SEO Premium plugin v28.4 (Yoast SEO v28.4) - https:\/\/yoast.com\/product\/yoast-seo-premium-wordpress\/ -->\n<title>Sa\u00e7 Ekimi Sonras\u0131 Shock Loss (\u015eok D\u00f6k\u00fclme): Sa\u00e7lar Neden D\u00f6k\u00fcl\u00fcr ve Ne Zaman Geri Gelir?<\/title>\n<meta name=\"description\" content=\"Sa\u00e7 ekimi sonras\u0131 shock loss: shedding mi, ger\u00e7ek sa\u00e7 d\u00f6k\u00fclmesi mi? \u00c7al\u0131\u015fmalara g\u00f6re s\u0131kl\u0131\u011f\u0131, ay ay zaman \u00e7izelgesi ve sa\u00e7lar\u0131n ne zaman yeniden \u00e7\u0131kaca\u011f\u0131.\" \/>\n<meta name=\"robots\" content=\"index, follow, max-snippet:-1, max-image-preview:large, max-video-preview:-1\" \/>\n<link rel=\"canonical\" href=\"https:\/\/elithair.com\/tr\/sac-ekimini-sonrasi-sok-dokulme\/\" \/>\n<meta property=\"og:locale\" content=\"tr_TR\" \/>\n<meta property=\"og:type\" content=\"article\" \/>\n<meta property=\"og:title\" content=\"Sa\u00e7 ekimi sonras\u0131 sa\u00e7 d\u00f6k\u00fclmesi: Shock loss, shedding ve nihai sonuca kadarki s\u00fcre\u00e7\" \/>\n<meta property=\"og:description\" content=\"Sa\u00e7 ekimi sonras\u0131 shock loss: shedding mi, ger\u00e7ek sa\u00e7 d\u00f6k\u00fclmesi mi? \u00c7al\u0131\u015fmalara g\u00f6re s\u0131kl\u0131\u011f\u0131, ay ay zaman \u00e7izelgesi ve sa\u00e7lar\u0131n ne zaman yeniden \u00e7\u0131kaca\u011f\u0131.\" \/>\n<meta property=\"og:url\" content=\"https:\/\/elithair.com\/tr\/sac-ekimini-sonrasi-sok-dokulme\/\" \/>\n<meta property=\"og:site_name\" content=\"Elithair\" \/>\n<meta property=\"article:published_time\" content=\"2025-08-11T10:53:59+00:00\" \/>\n<meta property=\"article:modified_time\" content=\"2026-08-31T12:51:24+00:00\" \/>\n<meta property=\"og:image\" content=\"https:\/\/elithair.com\/tr\/wp-content\/uploads\/sites\/10\/2025\/08\/caucasian-man-after-hair-transplantation-scaled-1.jpg\" \/>\n\t<meta property=\"og:image:width\" content=\"2560\" \/>\n\t<meta property=\"og:image:height\" content=\"1556\" \/>\n\t<meta property=\"og:image:type\" content=\"image\/jpeg\" \/>\n<meta name=\"author\" content=\"Dr. Imad Moustafa\" \/>\n<meta name=\"twitter:card\" content=\"summary_large_image\" \/>\n<meta name=\"twitter:label1\" content=\"Yazan:\" \/>\n\t<meta name=\"twitter:data1\" content=\"Dr. Imad Moustafa\" \/>\n\t<meta name=\"twitter:label2\" content=\"Tahmini okuma s\u00fcresi\" \/>\n\t<meta name=\"twitter:data2\" content=\"7 dakika\" \/>\n<script type=\"application\/ld+json\" class=\"yoast-schema-graph\">{\"@context\":\"https:\\\/\\\/schema.org\",\"@graph\":[{\"@type\":\"Article\",\"@id\":\"https:\\\/\\\/elithair.com\\\/tr\\\/sac-ekimini-sonrasi-sok-dokulme\\\/#article\",\"isPartOf\":{\"@id\":\"https:\\\/\\\/elithair.com\\\/tr\\\/sac-ekimini-sonrasi-sok-dokulme\\\/\"},\"author\":{\"name\":\"Dr. Imad Moustafa\",\"@id\":\"https:\\\/\\\/elithair.com\\\/tr\\\/#\\\/schema\\\/person\\\/11ce37e83a6343e4c37edcd4b5498e41\"},\"headline\":\"Sa\u00e7 ekimi sonras\u0131 sa\u00e7 d\u00f6k\u00fclmesi: Shock loss, shedding ve nihai sonuca kadarki s\u00fcre\u00e7\",\"datePublished\":\"2025-08-11T10:53:59+00:00\",\"dateModified\":\"2026-08-31T12:51:24+00:00\",\"mainEntityOfPage\":{\"@id\":\"https:\\\/\\\/elithair.com\\\/tr\\\/sac-ekimini-sonrasi-sok-dokulme\\\/\"},\"wordCount\":8558,\"commentCount\":0,\"image\":{\"@id\":\"https:\\\/\\\/elithair.com\\\/tr\\\/sac-ekimini-sonrasi-sok-dokulme\\\/#primaryimage\"},\"thumbnailUrl\":\"https:\\\/\\\/elithair.com\\\/tr\\\/wp-content\\\/uploads\\\/sites\\\/10\\\/2025\\\/08\\\/caucasian-man-after-hair-transplantation-scaled-1.jpg\",\"articleSection\":[\"Sa\u00e7 Ekimi\"],\"inLanguage\":\"tr\",\"potentialAction\":[{\"@type\":\"CommentAction\",\"name\":\"Comment\",\"target\":[\"https:\\\/\\\/elithair.com\\\/tr\\\/sac-ekimini-sonrasi-sok-dokulme\\\/#respond\"]}]},{\"@type\":\"WebPage\",\"@id\":\"https:\\\/\\\/elithair.com\\\/tr\\\/sac-ekimini-sonrasi-sok-dokulme\\\/\",\"url\":\"https:\\\/\\\/elithair.com\\\/tr\\\/sac-ekimini-sonrasi-sok-dokulme\\\/\",\"name\":\"Sa\u00e7 Ekimi Sonras\u0131 Shock Loss (\u015eok D\u00f6k\u00fclme): Sa\u00e7lar Neden D\u00f6k\u00fcl\u00fcr ve Ne Zaman Geri Gelir?\",\"isPartOf\":{\"@id\":\"https:\\\/\\\/elithair.com\\\/tr\\\/#website\"},\"primaryImageOfPage\":{\"@id\":\"https:\\\/\\\/elithair.com\\\/tr\\\/sac-ekimini-sonrasi-sok-dokulme\\\/#primaryimage\"},\"image\":{\"@id\":\"https:\\\/\\\/elithair.com\\\/tr\\\/sac-ekimini-sonrasi-sok-dokulme\\\/#primaryimage\"},\"thumbnailUrl\":\"https:\\\/\\\/elithair.com\\\/tr\\\/wp-content\\\/uploads\\\/sites\\\/10\\\/2025\\\/08\\\/caucasian-man-after-hair-transplantation-scaled-1.jpg\",\"datePublished\":\"2025-08-11T10:53:59+00:00\",\"dateModified\":\"2026-08-31T12:51:24+00:00\",\"author\":{\"@id\":\"https:\\\/\\\/elithair.com\\\/tr\\\/#\\\/schema\\\/person\\\/11ce37e83a6343e4c37edcd4b5498e41\"},\"description\":\"Sa\u00e7 ekimi sonras\u0131 shock loss: shedding mi, ger\u00e7ek sa\u00e7 d\u00f6k\u00fclmesi mi? \u00c7al\u0131\u015fmalara g\u00f6re s\u0131kl\u0131\u011f\u0131, ay ay zaman \u00e7izelgesi ve sa\u00e7lar\u0131n ne zaman yeniden \u00e7\u0131kaca\u011f\u0131.\",\"breadcrumb\":{\"@id\":\"https:\\\/\\\/elithair.com\\\/tr\\\/sac-ekimini-sonrasi-sok-dokulme\\\/#breadcrumb\"},\"inLanguage\":\"tr\",\"potentialAction\":[{\"@type\":\"ReadAction\",\"target\":[\"https:\\\/\\\/elithair.com\\\/tr\\\/sac-ekimini-sonrasi-sok-dokulme\\\/\"]}]},{\"@type\":\"ImageObject\",\"inLanguage\":\"tr\",\"@id\":\"https:\\\/\\\/elithair.com\\\/tr\\\/sac-ekimini-sonrasi-sok-dokulme\\\/#primaryimage\",\"url\":\"https:\\\/\\\/elithair.com\\\/tr\\\/wp-content\\\/uploads\\\/sites\\\/10\\\/2025\\\/08\\\/caucasian-man-after-hair-transplantation-scaled-1.jpg\",\"contentUrl\":\"https:\\\/\\\/elithair.com\\\/tr\\\/wp-content\\\/uploads\\\/sites\\\/10\\\/2025\\\/08\\\/caucasian-man-after-hair-transplantation-scaled-1.jpg\",\"width\":2560,\"height\":1556},{\"@type\":\"BreadcrumbList\",\"@id\":\"https:\\\/\\\/elithair.com\\\/tr\\\/sac-ekimini-sonrasi-sok-dokulme\\\/#breadcrumb\",\"itemListElement\":[{\"@type\":\"ListItem\",\"position\":1,\"name\":\"Home\",\"item\":\"https:\\\/\\\/elithair.com\\\/tr\\\/\"},{\"@type\":\"ListItem\",\"position\":2,\"name\":\"Sa\u00e7 Ekimini Sonras\u0131 \u015eok D\u00f6k\u00fclme: Nedir, Ne Zaman Ba\u015flar?\"}]},{\"@type\":\"WebSite\",\"@id\":\"https:\\\/\\\/elithair.com\\\/tr\\\/#website\",\"url\":\"https:\\\/\\\/elithair.com\\\/tr\\\/\",\"name\":\"Elithair\",\"description\":\"Elithair: sa\u00e7\u0131n\u0131z i\u00e7in en iyi klini\u011fi ke\u015ffedin\",\"potentialAction\":[{\"@type\":\"SearchAction\",\"target\":{\"@type\":\"EntryPoint\",\"urlTemplate\":\"https:\\\/\\\/elithair.com\\\/tr\\\/?s={search_term_string}\"},\"query-input\":{\"@type\":\"PropertyValueSpecification\",\"valueRequired\":true,\"valueName\":\"search_term_string\"}}],\"inLanguage\":\"tr\"},{\"@type\":\"Person\",\"@id\":\"https:\\\/\\\/elithair.com\\\/tr\\\/#\\\/schema\\\/person\\\/11ce37e83a6343e4c37edcd4b5498e41\",\"name\":\"Dr. Imad Moustafa\",\"image\":{\"@type\":\"ImageObject\",\"inLanguage\":\"tr\",\"@id\":\"https:\\\/\\\/secure.gravatar.com\\\/avatar\\\/9190499f6f3008cd7da57b179f07bfea4b4e382c816ba3e0de68db0b5a70c07d?s=96&d=mm&r=g\",\"url\":\"https:\\\/\\\/secure.gravatar.com\\\/avatar\\\/9190499f6f3008cd7da57b179f07bfea4b4e382c816ba3e0de68db0b5a70c07d?s=96&d=mm&r=g\",\"contentUrl\":\"https:\\\/\\\/secure.gravatar.com\\\/avatar\\\/9190499f6f3008cd7da57b179f07bfea4b4e382c816ba3e0de68db0b5a70c07d?s=96&d=mm&r=g\",\"caption\":\"Dr. Imad Moustafa\"},\"url\":\"https:\\\/\\\/elithair.com\\\/tr\\\/author\\\/support\\\/\"}]}<\/script>\n<!-- \/ Yoast SEO Premium plugin. -->","yoast_head_json":{"title":"Sa\u00e7 Ekimi Sonras\u0131 Shock Loss (\u015eok D\u00f6k\u00fclme): Sa\u00e7lar Neden D\u00f6k\u00fcl\u00fcr ve Ne Zaman Geri Gelir?","description":"Sa\u00e7 ekimi sonras\u0131 shock loss: shedding mi, ger\u00e7ek sa\u00e7 d\u00f6k\u00fclmesi mi? \u00c7al\u0131\u015fmalara g\u00f6re s\u0131kl\u0131\u011f\u0131, ay ay zaman \u00e7izelgesi ve sa\u00e7lar\u0131n ne zaman yeniden \u00e7\u0131kaca\u011f\u0131.","robots":{"index":"index","follow":"follow","max-snippet":"max-snippet:-1","max-image-preview":"max-image-preview:large","max-video-preview":"max-video-preview:-1"},"canonical":"https:\/\/elithair.com\/tr\/sac-ekimini-sonrasi-sok-dokulme\/","og_locale":"tr_TR","og_type":"article","og_title":"Sa\u00e7 ekimi sonras\u0131 sa\u00e7 d\u00f6k\u00fclmesi: Shock loss, shedding ve nihai sonuca kadarki s\u00fcre\u00e7","og_description":"Sa\u00e7 ekimi sonras\u0131 shock loss: shedding mi, ger\u00e7ek sa\u00e7 d\u00f6k\u00fclmesi mi? \u00c7al\u0131\u015fmalara g\u00f6re s\u0131kl\u0131\u011f\u0131, ay ay zaman \u00e7izelgesi ve sa\u00e7lar\u0131n ne zaman yeniden \u00e7\u0131kaca\u011f\u0131.","og_url":"https:\/\/elithair.com\/tr\/sac-ekimini-sonrasi-sok-dokulme\/","og_site_name":"Elithair","article_published_time":"2025-08-11T10:53:59+00:00","article_modified_time":"2026-08-31T12:51:24+00:00","og_image":[{"width":2560,"height":1556,"url":"https:\/\/elithair.com\/tr\/wp-content\/uploads\/sites\/10\/2025\/08\/caucasian-man-after-hair-transplantation-scaled-1.jpg","type":"image\/jpeg"}],"author":"Dr. Imad Moustafa","twitter_card":"summary_large_image","twitter_misc":{"Yazan:":"Dr. Imad Moustafa","Tahmini okuma s\u00fcresi":"7 dakika"},"schema":{"@context":"https:\/\/schema.org","@graph":[{"@type":"Article","@id":"https:\/\/elithair.com\/tr\/sac-ekimini-sonrasi-sok-dokulme\/#article","isPartOf":{"@id":"https:\/\/elithair.com\/tr\/sac-ekimini-sonrasi-sok-dokulme\/"},"author":{"name":"Dr. Imad Moustafa","@id":"https:\/\/elithair.com\/tr\/#\/schema\/person\/11ce37e83a6343e4c37edcd4b5498e41"},"headline":"Sa\u00e7 ekimi sonras\u0131 sa\u00e7 d\u00f6k\u00fclmesi: Shock loss, shedding ve nihai sonuca kadarki s\u00fcre\u00e7","datePublished":"2025-08-11T10:53:59+00:00","dateModified":"2026-08-31T12:51:24+00:00","mainEntityOfPage":{"@id":"https:\/\/elithair.com\/tr\/sac-ekimini-sonrasi-sok-dokulme\/"},"wordCount":8558,"commentCount":0,"image":{"@id":"https:\/\/elithair.com\/tr\/sac-ekimini-sonrasi-sok-dokulme\/#primaryimage"},"thumbnailUrl":"https:\/\/elithair.com\/tr\/wp-content\/uploads\/sites\/10\/2025\/08\/caucasian-man-after-hair-transplantation-scaled-1.jpg","articleSection":["Sa\u00e7 Ekimi"],"inLanguage":"tr","potentialAction":[{"@type":"CommentAction","name":"Comment","target":["https:\/\/elithair.com\/tr\/sac-ekimini-sonrasi-sok-dokulme\/#respond"]}]},{"@type":"WebPage","@id":"https:\/\/elithair.com\/tr\/sac-ekimini-sonrasi-sok-dokulme\/","url":"https:\/\/elithair.com\/tr\/sac-ekimini-sonrasi-sok-dokulme\/","name":"Sa\u00e7 Ekimi Sonras\u0131 Shock Loss (\u015eok D\u00f6k\u00fclme): Sa\u00e7lar Neden D\u00f6k\u00fcl\u00fcr ve Ne Zaman Geri Gelir?","isPartOf":{"@id":"https:\/\/elithair.com\/tr\/#website"},"primaryImageOfPage":{"@id":"https:\/\/elithair.com\/tr\/sac-ekimini-sonrasi-sok-dokulme\/#primaryimage"},"image":{"@id":"https:\/\/elithair.com\/tr\/sac-ekimini-sonrasi-sok-dokulme\/#primaryimage"},"thumbnailUrl":"https:\/\/elithair.com\/tr\/wp-content\/uploads\/sites\/10\/2025\/08\/caucasian-man-after-hair-transplantation-scaled-1.jpg","datePublished":"2025-08-11T10:53:59+00:00","dateModified":"2026-08-31T12:51:24+00:00","author":{"@id":"https:\/\/elithair.com\/tr\/#\/schema\/person\/11ce37e83a6343e4c37edcd4b5498e41"},"description":"Sa\u00e7 ekimi sonras\u0131 shock loss: shedding mi, ger\u00e7ek sa\u00e7 d\u00f6k\u00fclmesi mi? \u00c7al\u0131\u015fmalara g\u00f6re s\u0131kl\u0131\u011f\u0131, ay ay zaman \u00e7izelgesi ve sa\u00e7lar\u0131n ne zaman yeniden \u00e7\u0131kaca\u011f\u0131.","breadcrumb":{"@id":"https:\/\/elithair.com\/tr\/sac-ekimini-sonrasi-sok-dokulme\/#breadcrumb"},"inLanguage":"tr","potentialAction":[{"@type":"ReadAction","target":["https:\/\/elithair.com\/tr\/sac-ekimini-sonrasi-sok-dokulme\/"]}]},{"@type":"ImageObject","inLanguage":"tr","@id":"https:\/\/elithair.com\/tr\/sac-ekimini-sonrasi-sok-dokulme\/#primaryimage","url":"https:\/\/elithair.com\/tr\/wp-content\/uploads\/sites\/10\/2025\/08\/caucasian-man-after-hair-transplantation-scaled-1.jpg","contentUrl":"https:\/\/elithair.com\/tr\/wp-content\/uploads\/sites\/10\/2025\/08\/caucasian-man-after-hair-transplantation-scaled-1.jpg","width":2560,"height":1556},{"@type":"BreadcrumbList","@id":"https:\/\/elithair.com\/tr\/sac-ekimini-sonrasi-sok-dokulme\/#breadcrumb","itemListElement":[{"@type":"ListItem","position":1,"name":"Home","item":"https:\/\/elithair.com\/tr\/"},{"@type":"ListItem","position":2,"name":"Sa\u00e7 Ekimini Sonras\u0131 \u015eok D\u00f6k\u00fclme: Nedir, Ne Zaman Ba\u015flar?"}]},{"@type":"WebSite","@id":"https:\/\/elithair.com\/tr\/#website","url":"https:\/\/elithair.com\/tr\/","name":"Elithair","description":"Elithair: sa\u00e7\u0131n\u0131z i\u00e7in en iyi klini\u011fi ke\u015ffedin","potentialAction":[{"@type":"SearchAction","target":{"@type":"EntryPoint","urlTemplate":"https:\/\/elithair.com\/tr\/?s={search_term_string}"},"query-input":{"@type":"PropertyValueSpecification","valueRequired":true,"valueName":"search_term_string"}}],"inLanguage":"tr"},{"@type":"Person","@id":"https:\/\/elithair.com\/tr\/#\/schema\/person\/11ce37e83a6343e4c37edcd4b5498e41","name":"Dr. Imad Moustafa","image":{"@type":"ImageObject","inLanguage":"tr","@id":"https:\/\/secure.gravatar.com\/avatar\/9190499f6f3008cd7da57b179f07bfea4b4e382c816ba3e0de68db0b5a70c07d?s=96&d=mm&r=g","url":"https:\/\/secure.gravatar.com\/avatar\/9190499f6f3008cd7da57b179f07bfea4b4e382c816ba3e0de68db0b5a70c07d?s=96&d=mm&r=g","contentUrl":"https:\/\/secure.gravatar.com\/avatar\/9190499f6f3008cd7da57b179f07bfea4b4e382c816ba3e0de68db0b5a70c07d?s=96&d=mm&r=g","caption":"Dr. Imad Moustafa"},"url":"https:\/\/elithair.com\/tr\/author\/support\/"}]}},"_links":{"self":[{"href":"https:\/\/elithair.com\/tr\/wp-json\/wp\/v2\/posts\/80913","targetHints":{"allow":["GET"]}}],"collection":[{"href":"https:\/\/elithair.com\/tr\/wp-json\/wp\/v2\/posts"}],"about":[{"href":"https:\/\/elithair.com\/tr\/wp-json\/wp\/v2\/types\/post"}],"author":[{"embeddable":true,"href":"https:\/\/elithair.com\/tr\/wp-json\/wp\/v2\/users\/10"}],"replies":[{"embeddable":true,"href":"https:\/\/elithair.com\/tr\/wp-json\/wp\/v2\/comments?post=80913"}],"version-history":[{"count":1,"href":"https:\/\/elithair.com\/tr\/wp-json\/wp\/v2\/posts\/80913\/revisions"}],"predecessor-version":[{"id":81955,"href":"https:\/\/elithair.com\/tr\/wp-json\/wp\/v2\/posts\/80913\/revisions\/81955"}],"wp:featuredmedia":[{"embeddable":true,"href":"https:\/\/elithair.com\/tr\/wp-json\/wp\/v2\/media\/80915"}],"wp:attachment":[{"href":"https:\/\/elithair.com\/tr\/wp-json\/wp\/v2\/media?parent=80913"}],"wp:term":[{"taxonomy":"category","embeddable":true,"href":"https:\/\/elithair.com\/tr\/wp-json\/wp\/v2\/categories?post=80913"},{"taxonomy":"post_tag","embeddable":true,"href":"https:\/\/elithair.com\/tr\/wp-json\/wp\/v2\/tags?post=80913"}],"curies":[{"name":"wp","href":"https:\/\/api.w.org\/{rel}","templated":true}]}}