{"id":89718,"date":"2026-08-29T21:54:11","date_gmt":"2026-08-29T21:54:11","guid":{"rendered":"https:\/\/elithair.com\/pt\/blog-sobre-implante-capilar\/queda-de-cabelo-alcool\/"},"modified":"2026-08-29T21:54:11","modified_gmt":"2026-08-29T21:54:11","slug":"queda-de-cabelo-alcool","status":"publish","type":"post","link":"https:\/\/elithair.com\/pt\/blog-sobre-implante-capilar\/queda-de-cabelo-alcool\/","title":{"rendered":"\u00c1lcool e queda de cabelo: quanto \u00e9 que faz mesmo mal e \u00e9 revers\u00edvel?"},"content":{"rendered":"\n<div style=\"border-left:4px solid #0079F1;padding:0 0 0 14px;margin:0 0 26px\">\n<p style=\"margin:0 0 14px;color:#2e3033;font-size:17px;line-height:1.65\">Mais cabelo no ralo do duche e, algures na cabe\u00e7a, a pergunta se a cerveja ao fim do dia ter\u00e1 culpa: \u00e9 neste ponto que a maioria das pessoas procura a rela\u00e7\u00e3o entre o \u00e1lcool e a queda de cabelo. A resposta honesta tem duas partes. O consumo moderado n\u00e3o est\u00e1 comprovado como causa, e as duas meta-an\u00e1lises mais recentes sobre a queda de cabelo heredit\u00e1ria at\u00e9 se contradizem (Alcohol and Alcoholism 2024: odds ratio de 1,40, n\u00e3o significativo; BMC Public Health 2026: odds ratio de 1,72). J\u00e1 o consumo elevado e prolongado interfere no ciclo capilar atrav\u00e9s dos nutrientes, do f\u00edgado, do sono e do couro cabeludo, e \u00e9 apenas um de <a href=\"\/pt\/blog-sobre-implante-capilar\/causas-queda-de-cabelo\/\">muitos desencadeadores poss\u00edveis da queda de cabelo<\/a>.<\/p>\n<p style=\"margin:0 0 8px;color:#013366;font-weight:700;font-size:16px\">O essencial em resumo<\/p>\n<ul style=\"margin:0 0 14px;padding:0;color:#2e3033;list-style:none\">\n<li style=\"position:relative;padding:3px 0 3px 24px\"><span style=\"position:absolute;left:0;top:3px;color:#0079F1;font-weight:700\">&#10003;<\/span>O problema n\u00e3o \u00e9 o copo isolado, mas o consumo elevado mantido durante meses<\/li>\n<li style=\"position:relative;padding:3px 0 3px 24px\"><span style=\"position:absolute;left:0;top:3px;color:#0079F1;font-weight:700\">&#10003;<\/span>O \u00e1lcool atua de forma indireta: atrav\u00e9s do zinco, do \u00e1cido f\u00f3lico e do ferro, do f\u00edgado e das hormonas, do sono e do couro cabeludo<\/li>\n<li style=\"position:relative;padding:3px 0 3px 24px\"><span style=\"position:absolute;left:0;top:3px;color:#0079F1;font-weight:700\">&#10003;<\/span>A parte associada ao \u00e1lcool \u00e9, por regra, revers\u00edvel: os primeiros cabelos novos surgem 3 a 6 meses ap\u00f3s a paragem, um cabelo mais denso s\u00f3 por volta dos 6 a 12 meses<\/li>\n<li style=\"position:relative;padding:3px 0 3px 24px\"><span style=\"position:absolute;left:0;top:3px;color:#0079F1;font-weight:700\">&#10003;<\/span>Se permanecer um padr\u00e3o nas entradas e no topo da cabe\u00e7a, est\u00e1 normalmente tamb\u00e9m em causa uma queda de cabelo heredit\u00e1ria<\/li>\n<\/ul>\n<p style=\"margin:0;color:#2e3033\">O \u00edndice mostra onde encontra cada tema. A seguir, entramos no detalhe mecanismo a mecanismo, com quantidades, prazos e os valores anal\u00edticos que devem ser levados \u00e0 consulta m\u00e9dica.<\/p>\n<\/div>\n\n\n\n<h2 class=\"wp-block-heading\">O que \u00e9 a queda de cabelo associada ao \u00e1lcool?<\/h2>\n\n\n\n<p class=\"wp-block-paragraph\"><strong>A queda de cabelo associada ao \u00e1lcool n\u00e3o \u00e9 uma doen\u00e7a pr\u00f3pria, mas um efl\u00favio tel\u00f3geno difuso com o \u00e1lcool como cofator: o consumo elevado e prolongado piora o aporte de nutrientes, sobrecarrega o f\u00edgado e o eixo hormonal e empurra assim mais fol\u00edculos capilares prematuramente para a fase de repouso. Os fol\u00edculos n\u00e3o s\u00e3o destru\u00eddos e, por isso, a parte associada ao \u00e1lcool volta a crescer, por regra, depois da paragem.<\/strong><\/p>\n\n\n\n<p class=\"wp-block-paragraph\">T\u00edpico \u00e9 o desfasamento temporal. Entre o fator desencadeante e a queda vis\u00edvel passam, segundo o StatPearls, 1 a 6 meses, em m\u00e9dia cerca de 3, porque os fol\u00edculos afetados t\u00eam primeiro de percorrer a sua fase de repouso. Quem hoje encontra mais cabelo na escova est\u00e1 a ver o resultado dos meses anteriores, e n\u00e3o o da noite de ontem.<\/p>\n\n\n\n<p class=\"wp-block-paragraph\">Duas ressalvas fazem parte da defini\u00e7\u00e3o. O consumo moderado n\u00e3o est\u00e1 comprovado como causa de queda de cabelo e, quanto a saber se o \u00e1lcool agrava adicionalmente a queda heredit\u00e1ria, as duas meta-an\u00e1lises mais recentes respondem de forma diferente. Ambos os pontos surgem com n\u00fameros na sec\u00e7\u00e3o seguinte.<\/p>\n\n\n\n<h2 class=\"wp-block-heading\">A rela\u00e7\u00e3o entre o consumo de \u00e1lcool e a queda de cabelo<\/h2>\n\n\n\n<p class=\"wp-block-paragraph\"><strong>A queda de cabelo devida ao \u00e1lcool<\/strong> pode surgir quando o consumo regular ou excessivo de \u00e1lcool compromete fun\u00e7\u00f5es centrais do organismo. O caminho n\u00e3o passa pelo cabelo em si, mas pelo metabolismo: alteram-se a absor\u00e7\u00e3o de nutrientes, a fun\u00e7\u00e3o hep\u00e1tica, o equil\u00edbrio hormonal e o sono. O fol\u00edculo capilar \u00e9 um dos tecidos com maior atividade de divis\u00e3o celular do corpo, a sua fase de crescimento dura, segundo o StatPearls, 2 a 6 anos, e reage cedo a estas altera\u00e7\u00f5es.<\/p>\n\n\n\n<p class=\"wp-block-paragraph\">A afirma\u00e7\u00e3o, muitas vezes repetida, de que o \u00e1lcool estreita os vasos do couro cabeludo e piora assim a irriga\u00e7\u00e3o sangu\u00ednea n\u00e3o est\u00e1 comprovada nestes termos. De forma aguda, o \u00e1lcool \u00e9 at\u00e9 vasodilatador. O que est\u00e1 comprovado \u00e9 o outro eixo: ao suprimir a hormona ADH, tem efeito diur\u00e9tico, e o equil\u00edbrio h\u00eddrico e a barreira cut\u00e2nea ressentem-se. Al\u00e9m disso, favorece inflama\u00e7\u00f5es do couro cabeludo, que podem perturbar ainda mais o crescimento capilar.<\/p>\n\n\n\n<p class=\"wp-block-paragraph\">Para al\u00e9m disso, o \u00e1lcool atua sobre o equil\u00edbrio hormonal. Um consumo aumentado pode influenciar indiretamente o metabolismo da testosterona e tornar mais vis\u00edvel uma queda de cabelo heredit\u00e1ria j\u00e1 existente. Isso manifesta-se frequentemente atrav\u00e9s de cabelo mais fino, entradas que recuam ou perda de cabelo no topo da cabe\u00e7a. A solidez desta rela\u00e7\u00e3o \u00e9 discutida mais abaixo, no cap\u00edtulo sobre o f\u00edgado e as hormonas.<\/p>\n\n\n\n<p class=\"wp-block-paragraph\">O \u00e1lcool sobrecarrega o organismo no seu conjunto: retira l\u00edquidos, enfraquece o sistema imunit\u00e1rio e favorece car\u00eancias de nutrientes. Como as ra\u00edzes do cabelo est\u00e3o entre as \u00faltimas c\u00e9lulas a ser abastecidas, reagem de forma especialmente sens\u00edvel a este d\u00e9fice. Se a car\u00eancia se mantiver, pode comprometer o crescimento capilar e favorecer a queda. O fol\u00edculo passa ent\u00e3o prematuramente \u00e0 fase de repouso, que, segundo o StatPearls, dura 3 a 4 meses, e \u00e9 precisamente da\u00ed que resulta a <a href=\"\/pt\/blog-sobre-implante-capilar\/queda-de-cabelo-difusa\/\">queda de cabelo difusa<\/a>, que os afetados notam.<\/p>\n\n\n\n<p class=\"wp-block-paragraph\">Importante para o enquadramento: nas diretrizes dermatol\u00f3gicas sobre o diagn\u00f3stico e o tratamento das alop\u00e9cias, o \u00e1lcool n\u00e3o surge como um tipo pr\u00f3prio de queda de cabelo, mas quando muito como um cofator modific\u00e1vel na queda difusa. Os estudos tamb\u00e9m continuam inconsistentes: uma meta-an\u00e1lise na Alcohol and Alcoholism (2024, 6 estudos, 7.072 participantes) n\u00e3o encontrou uma rela\u00e7\u00e3o estatisticamente significativa com a queda de cabelo heredit\u00e1ria, com um odds ratio de 1,40 (intervalo de confian\u00e7a de 0,95 a 2,32), enquanto uma revis\u00e3o maior na BMC Public Health (2026, 31 estudos, 11.224 casos) encontrou um odds ratio de 1,72 (1,28 a 2,32).<\/p>\n\n\n<div class=\"wp-block-image\">\n<figure class=\"aligncenter size-large is-resized\" style=\"max-width:560px;margin-left:auto;margin-right:auto\"><img decoding=\"async\" src=\"https:\/\/elithair.com\/pt\/wp-content\/uploads\/sites\/7\/2026\/08\/follikel_versorgung.png\" alt=\"Ilustra\u00e7\u00e3o de um fol\u00edculo capilar em corte do couro cabeludo, com os capilares que o rodeiam e o abastecem de nutrientes\" class=\"wp-image-89976\" style=\"width:560px;max-width:100%;height:auto\"\/><\/figure>\n<\/div>\n\n\n<h2 class=\"wp-block-heading\">Como o \u00e1lcool perturba o crescimento do cabelo: os quatro mecanismos<\/h2>\n\n\n\n<p class=\"wp-block-paragraph\">O \u00e1lcool atua sobre o cabelo por quatro vias: nutrientes, f\u00edgado e hormonas, sono e, por fim, equil\u00edbrio h\u00eddrico e couro cabeludo. Nenhuma delas atinge a raiz do cabelo diretamente, e todas as quatro precisam de tempo. Isso explica por que raz\u00e3o um copo de vinho ao jantar se avalia de forma diferente de uma garrafa por dia durante dois anos.<\/p>\n\n\n\n<h3 class=\"wp-block-heading\">Como o \u00e1lcool retira ao cabelo zinco, ferro e vitaminas do complexo B<\/h3>\n\n\n\n<p class=\"wp-block-paragraph\">O consumo cr\u00f3nico de \u00e1lcool reduz o aporte de nutrientes por duas vias: a absor\u00e7\u00e3o no intestino diminui e a excre\u00e7\u00e3o aumenta. No caso do zinco est\u00e3o descritas ambas as vias, uma menor absor\u00e7\u00e3o intestinal e uma maior excre\u00e7\u00e3o renal (LLL Nutrition in Clinical Medicine). No \u00e1cido f\u00f3lico juntam-se tr\u00eas: m\u00e1 absor\u00e7\u00e3o no intestino, capta\u00e7\u00e3o reduzida no f\u00edgado e uma perda acelerada pelo rim (artigo de revis\u00e3o na Psychiatry Investigation sobre d\u00e9fices nutricionais no alcoolismo).<\/p>\n\n\n\n<p class=\"wp-block-paragraph\">A vitamina B12 e a tiamina sofrem ainda com o efeito t\u00f3xico direto do \u00e1lcool sobre a mucosa intestinal. Para o cabelo, estes nutrientes s\u00e3o relevantes porque o zinco participa na forma\u00e7\u00e3o da queratina, o ferro assegura o transporte de oxig\u00e9nio at\u00e9 \u00e0 matriz capilar, muito ativa na divis\u00e3o celular, e as vitaminas do complexo B est\u00e3o envolvidas no metabolismo energ\u00e9tico dessas c\u00e9lulas. Se faltar uma delas durante meses, a taxa tel\u00f3gena sobe. A necessidade di\u00e1ria de cada um depende da idade, do sexo e da alimenta\u00e7\u00e3o; as recomenda\u00e7\u00f5es alimentares oficiais em Portugal, reunidas na Roda dos Alimentos da Dire\u00e7\u00e3o-Geral da Sa\u00fade, d\u00e3o o enquadramento para o ferro, o folato e a vitamina B12.<\/p>\n\n\n\n<div style=\"border-left:4px solid #0079F1;background:#f6f9fc;border-radius:0 10px 10px 0;padding:14px 18px;margin:24px 0\">\n<p style=\"margin:0;color:#2e3033;font-size:15px;line-height:1.65\"><span style=\"color:#013366;font-weight:700\">\u2192 Dica de leitura:<\/span> Quais os nutrientes de que o cabelo realmente precisa, explica o artigo sobre <a href=\"\/pt\/blog-sobre-implante-capilar\/vitaminas-queda-de-cabelo\/\">vitaminas contra a queda de cabelo<\/a>. Porque \u00e9 que a <a href=\"\/pt\/blog-sobre-implante-capilar\/deficiencia-de-ferro-queda-de-cabelo\/\">falta de ferro<\/a> est\u00e1 entre as causas mais frequentes de perda de densidade difusa, esclarece o artigo dedicado ao tema.<\/p>\n<\/div>\n\n\n\n<h3 class=\"wp-block-heading\">Porque \u00e9 que o f\u00edgado e o equil\u00edbrio hormonal influenciam o cabelo no consumo cr\u00f3nico<\/h3>\n\n\n\n<p class=\"wp-block-paragraph\">O efeito hormonal do \u00e1lcool tem dois planos, que s\u00e3o frequentemente misturados. De forma aguda, depois de uma dose baixa, a testosterona sobe ligeiramente no homem: no estudo cruzado controlado por placebo de Sarkola e Eriksson (2003), o valor plasm\u00e1tico subiu de 13,5 para 16,0 nmol\/l ap\u00f3s 0,5 g de \u00e1lcool por quilograma de peso corporal. O efeito desaparece em 2 a 6 horas.<\/p>\n\n\n\n<p class=\"wp-block-paragraph\">No consumo cronicamente elevado, com les\u00e3o hep\u00e1tica incipiente, o quadro inverte-se. A atividade da aromatase no f\u00edgado aumenta e mais androg\u00e9nios s\u00e3o convertidos em estrog\u00e9nios. Na hepatite alco\u00f3lica e na cirrose, v\u00e1rios trabalhos descrevem hiperestrogenismo em at\u00e9 70 por cento dos doentes, enquanto a testosterona desce claramente (Purohit, Alcohol 2000; Hepatology 2000).<\/p>\n\n\n\n<p class=\"wp-block-paragraph\">Da\u00ed resulta uma corre\u00e7\u00e3o que na internet aparece muitas vezes ao contr\u00e1rio: a cadeia \u00abo \u00e1lcool aumenta a testosterona, a testosterona aumenta a DHT, a DHT agrava a queda de cabelo\u00bb n\u00e3o est\u00e1 comprovada. E o mecanismo da cirrose n\u00e3o se pode transpor para quem bebe ocasionalmente. O que fica: num consumo elevado durante muitos anos, o eixo hormonal est\u00e1 alterado, e isso pode acompanhar um padr\u00e3o androgen\u00e9tico j\u00e1 existente.<\/p>\n\n\n\n<h3 class=\"wp-block-heading\">Como o \u00e1lcool altera o sono e o que isso tem a ver com a queda de cabelo<\/h3>\n\n\n\n<p class=\"wp-block-paragraph\">O \u00e1lcool encurta o tempo at\u00e9 adormecer e piora a segunda metade da noite. A meta-an\u00e1lise de Ebrahim e colegas (2013, 27 estudos) descreve um efeito dependente da dose: abaixo de uma concentra\u00e7\u00e3o de \u00e1lcool no sangue de 0,05 por cento, uma ligeira supress\u00e3o do sono REM; entre 0,05 e 0,10 por cento, uma fragmenta\u00e7\u00e3o marcada da segunda metade da noite; acima de 0,10 por cento, uma supress\u00e3o acentuada do REM.<\/p>\n\n\n\n<p class=\"wp-block-paragraph\">Para o cabelo, esta \u00e9 a mais indireta das quatro vias. N\u00e3o existe um estudo que ligue diretamente a falta de sono em consumidores de \u00e1lcool \u00e0 queda de cabelo. \u00c9 plaus\u00edvel a liga\u00e7\u00e3o atrav\u00e9s do eixo do stress: um sono persistentemente mau mant\u00e9m o cortisol elevado, e o stress \u00e9 um desencadeador conhecido de efl\u00favio tel\u00f3geno. Isso n\u00e3o chega como prova de uma cadeia causal; como cofator, sim.<\/p>\n\n\n\n<h3 class=\"wp-block-heading\">Couro cabeludo seco e irritado: o que o \u00e1lcool muda no equil\u00edbrio h\u00eddrico<\/h3>\n\n\n\n<p class=\"wp-block-paragraph\">O \u00e1lcool suprime a hormona antidiur\u00e9tica ADH e tem, por isso, efeito diur\u00e9tico. No couro cabeludo, isso n\u00e3o provoca les\u00e3o da raiz do cabelo, mas uma barreira mais seca e mais sens\u00edvel: caspa, sensa\u00e7\u00e3o de repuxamento e comich\u00e3o surgem com mais frequ\u00eancia, e o cabelo seco parte com maior facilidade. A quebra do cabelo \u00e9 algo diferente da queda, mas na escova tem um aspeto semelhante.<\/p>\n\n\n\n<p class=\"wp-block-paragraph\">Mais concreta \u00e9 a via inflamat\u00f3ria. Num estudo de caso-controlo publicado na Acta Dermato-Venereologica, o consumo regular de \u00e1lcool estava associado a um odds ratio de 10,2 para surtos de dermatite seborreica. Na psor\u00edase, uma an\u00e1lise em mais de 1.200 doentes mostrou uma rela\u00e7\u00e3o entre a quantidade ingerida e a gravidade. As doen\u00e7as inflamat\u00f3rias do couro cabeludo podem, por sua vez, favorecer a perda de cabelo. Isso n\u00e3o \u00e9 prova de que o \u00e1lcool danifique o pr\u00f3prio fol\u00edculo.<\/p>\n\n\n\n<style>\n@media (max-width:640px){\n.rt-table-wrap{overflow-x:visible!important;border:0!important;border-radius:0!important}\n.rt-table{min-width:0!important}\n.rt-table thead{display:none}\n.rt-table,.rt-table tbody,.rt-table tr,.rt-table td{display:block;width:100%}\n.rt-table caption{display:block;padding:0 0 12px!important}\n.rt-table tr{margin:0 0 12px;border:1px solid #dbe4f0;border-radius:10px;overflow:hidden}\n.rt-table tr:last-child{margin-bottom:0}\n.rt-table td{display:flex!important;flex-direction:column;gap:3px;padding:12px 14px!important;\nborder:0!important;border-bottom:1px solid #e3e8ef!important;background:#ffffff!important}\n.rt-table tr td:last-child{border-bottom:0!important}\n.rt-table td::before{content:attr(data-label);font-size:12px;font-weight:700;letter-spacing:.04em;\ntext-transform:uppercase;color:#5799F1}\n.rt-table td:not([data-label])::before,.rt-table td[data-label=\"\"]::before{display:none}\n}\n<\/style>\n<div class=\"rt-table-wrap\" style=\"overflow-x:auto;-webkit-overflow-scrolling:touch;margin:28px 0;border:1px solid #dbe4f0;border-radius:12px\">\n  <table class=\"rt-table\" style=\"width:100%;min-width:660px;table-layout:fixed;border-collapse:separate;border-spacing:0;font-size:15px;margin:0\">\n    <caption style=\"caption-side:top;text-align:left;color:#003366;font-weight:700;font-size:16px;line-height:1.35;padding:14px 16px 10px;background:#ffffff\">O que o \u00e1lcool altera no corpo e o que o cabelo sente disso<\/caption>\n    <thead>\n      <tr>\n        <th style=\"width:22%;background:#003366;color:#ffffff;font-weight:700;text-align:left;vertical-align:middle;padding:13px 16px;font-size:15px;line-height:1.4;border:0;overflow-wrap:break-word\">O que o \u00e1lcool altera<\/th>\n        <th style=\"background:#003366;color:#ffffff;font-weight:700;text-align:left;vertical-align:middle;padding:13px 16px;font-size:15px;line-height:1.4;border:0;overflow-wrap:break-word\">Porqu\u00ea<\/th>\n        <th style=\"background:#003366;color:#ffffff;font-weight:700;text-align:left;vertical-align:middle;padding:13px 16px;font-size:15px;line-height:1.4;border:0;overflow-wrap:break-word\">O que o cabelo sente disso<\/th>\n        <th style=\"background:#003366;color:#ffffff;font-weight:700;text-align:left;vertical-align:middle;padding:13px 16px;font-size:15px;line-height:1.4;border:0;overflow-wrap:break-word\">Enquadramento cient\u00edfico<\/th>\n      <\/tr>\n    <\/thead>\n    <tbody>\n      <tr>\n        <td data-label=\"O que o \u00e1lcool altera\" style=\"background:#ffffff;color:#003366;font-weight:700;text-align:left;vertical-align:top;padding:13px 16px;font-size:15px;line-height:1.55;border:0;border-bottom:1px solid #e3e8ef;overflow-wrap:break-word\">Zinco, \u00e1cido f\u00f3lico, vitaminas do complexo B, ferro<\/td>\n        <td data-label=\"Porqu\u00ea\" style=\"background:#ffffff;color:#22303e;font-weight:400;text-align:left;vertical-align:top;padding:13px 16px;font-size:15px;line-height:1.55;border:0;border-bottom:1px solid #e3e8ef;overflow-wrap:break-word\">menor absor\u00e7\u00e3o no intestino, maior excre\u00e7\u00e3o pelo rim<\/td>\n        <td data-label=\"O que o cabelo sente disso\" style=\"background:#ffffff;color:#22303e;font-weight:400;text-align:left;vertical-align:top;padding:13px 16px;font-size:15px;line-height:1.55;border:0;border-bottom:1px solid #e3e8ef;overflow-wrap:break-word\">cabelo mais fino, estrutura quebradi\u00e7a, mais fol\u00edculos na fase de repouso<\/td>\n        <td data-label=\"Enquadramento cient\u00edfico\" style=\"background:#ffffff;color:#22303e;font-weight:400;text-align:left;vertical-align:top;padding:13px 16px;font-size:15px;line-height:1.55;border:0;border-bottom:1px solid #e3e8ef;overflow-wrap:break-word\">Comprovado<\/td>\n      <\/tr>\n      <tr>\n        <td data-label=\"O que o \u00e1lcool altera\" style=\"background:#f6f9fc;color:#003366;font-weight:700;text-align:left;vertical-align:top;padding:13px 16px;font-size:15px;line-height:1.55;border:0;border-bottom:1px solid #e3e8ef;overflow-wrap:break-word\">Metabolismo hep\u00e1tico e hormonal<\/td>\n        <td data-label=\"Porqu\u00ea\" style=\"background:#f6f9fc;color:#22303e;font-weight:400;text-align:left;vertical-align:top;padding:13px 16px;font-size:15px;line-height:1.55;border:0;border-bottom:1px solid #e3e8ef;overflow-wrap:break-word\">degrada\u00e7\u00e3o alterada dos esteroides, maior atividade da aromatase em caso de les\u00e3o hep\u00e1tica<\/td>\n        <td data-label=\"O que o cabelo sente disso\" style=\"background:#f6f9fc;color:#22303e;font-weight:400;text-align:left;vertical-align:top;padding:13px 16px;font-size:15px;line-height:1.55;border:0;border-bottom:1px solid #e3e8ef;overflow-wrap:break-word\">pode fazer sobressair mais um padr\u00e3o androgen\u00e9tico j\u00e1 existente<\/td>\n        <td data-label=\"Enquadramento cient\u00edfico\" style=\"background:#f6f9fc;color:#22303e;font-weight:400;text-align:left;vertical-align:top;padding:13px 16px;font-size:15px;line-height:1.55;border:0;border-bottom:1px solid #e3e8ef;overflow-wrap:break-word\">Comprovado no consumo cronicamente elevado<\/td>\n      <\/tr>\n      <tr>\n        <td data-label=\"O que o \u00e1lcool altera\" style=\"background:#ffffff;color:#003366;font-weight:700;text-align:left;vertical-align:top;padding:13px 16px;font-size:15px;line-height:1.55;border:0;border-bottom:1px solid #e3e8ef;overflow-wrap:break-word\">Arquitetura do sono<\/td>\n        <td data-label=\"Porqu\u00ea\" style=\"background:#ffffff;color:#22303e;font-weight:400;text-align:left;vertical-align:top;padding:13px 16px;font-size:15px;line-height:1.55;border:0;border-bottom:1px solid #e3e8ef;overflow-wrap:break-word\">supress\u00e3o do sono REM, segunda metade da noite fragmentada<\/td>\n        <td data-label=\"O que o cabelo sente disso\" style=\"background:#ffffff;color:#22303e;font-weight:400;text-align:left;vertical-align:top;padding:13px 16px;font-size:15px;line-height:1.55;border:0;border-bottom:1px solid #e3e8ef;overflow-wrap:break-word\">atua indiretamente no ciclo capilar atrav\u00e9s do eixo do stress<\/td>\n        <td data-label=\"Enquadramento cient\u00edfico\" style=\"background:#ffffff;color:#22303e;font-weight:400;text-align:left;vertical-align:top;padding:13px 16px;font-size:15px;line-height:1.55;border:0;border-bottom:1px solid #e3e8ef;overflow-wrap:break-word\">Consequ\u00eancia indireta<\/td>\n      <\/tr>\n      <tr>\n        <td data-label=\"O que o \u00e1lcool altera\" style=\"background:#f6f9fc;color:#003366;font-weight:700;text-align:left;vertical-align:top;padding:13px 16px;font-size:15px;line-height:1.55;border:0;border-bottom:1px solid #e3e8ef;overflow-wrap:break-word\">Equil\u00edbrio h\u00eddrico e couro cabeludo<\/td>\n        <td data-label=\"Porqu\u00ea\" style=\"background:#f6f9fc;color:#22303e;font-weight:400;text-align:left;vertical-align:top;padding:13px 16px;font-size:15px;line-height:1.55;border:0;border-bottom:1px solid #e3e8ef;overflow-wrap:break-word\">supress\u00e3o da ADH, barreira mais seca, maior tend\u00eancia inflamat\u00f3ria<\/td>\n        <td data-label=\"O que o cabelo sente disso\" style=\"background:#f6f9fc;color:#22303e;font-weight:400;text-align:left;vertical-align:top;padding:13px 16px;font-size:15px;line-height:1.55;border:0;border-bottom:1px solid #e3e8ef;overflow-wrap:break-word\">couro cabeludo seco e irritado, caspa, quebra do cabelo<\/td>\n        <td data-label=\"Enquadramento cient\u00edfico\" style=\"background:#f6f9fc;color:#22303e;font-weight:400;text-align:left;vertical-align:top;padding:13px 16px;font-size:15px;line-height:1.55;border:0;border-bottom:1px solid #e3e8ef;overflow-wrap:break-word\">Consequ\u00eancia indireta<\/td>\n      <\/tr>\n      <tr>\n        <td data-label=\"O que o \u00e1lcool altera\" style=\"background:#ffffff;color:#003366;font-weight:700;text-align:left;vertical-align:top;padding:13px 16px;font-size:15px;line-height:1.55;border:0;overflow-wrap:break-word\">Queda de cabelo heredit\u00e1ria diretamente<\/td>\n        <td data-label=\"Porqu\u00ea\" style=\"background:#ffffff;color:#22303e;font-weight:400;text-align:left;vertical-align:top;padding:13px 16px;font-size:15px;line-height:1.55;border:0;overflow-wrap:break-word\">associa\u00e7\u00e3o epidemiol\u00f3gica, estilo de vida como poss\u00edvel fator de confundimento<\/td>\n        <td data-label=\"O que o cabelo sente disso\" style=\"background:#ffffff;color:#22303e;font-weight:400;text-align:left;vertical-align:top;padding:13px 16px;font-size:15px;line-height:1.55;border:0;overflow-wrap:break-word\">os estudos chegam a resultados diferentes<\/td>\n        <td data-label=\"Enquadramento cient\u00edfico\" style=\"background:#ffffff;color:#22303e;font-weight:400;text-align:left;vertical-align:top;padding:13px 16px;font-size:15px;line-height:1.55;border:0;overflow-wrap:break-word\">Evid\u00eancia limitada<\/td>\n      <\/tr>\n    <\/tbody>\n  <\/table>\n<\/div>\n\n\n<div class=\"wp-block-image\">\n<figure class=\"aligncenter size-large is-resized\" style=\"max-width:720px;margin-left:auto;margin-right:auto\"><img decoding=\"async\" src=\"https:\/\/elithair.com\/pt\/wp-content\/uploads\/sites\/7\/2026\/08\/vier_mechanismen__pt.png\" alt=\"Infografia: quatro vias pelas quais o \u00e1lcool perturba o crescimento do cabelo, da absor\u00e7\u00e3o de nutrientes ao couro cabeludo\" class=\"wp-image-89977\" style=\"width:720px;max-width:100%;height:auto\"\/><\/figure>\n<\/div>\n\n\n<h2 class=\"wp-block-heading\">Quanto \u00e1lcool \u00e9 demasiado para o cabelo?<\/h2>\n\n\n\n<p class=\"wp-block-paragraph\">O consumo moderado de \u00e1lcool n\u00e3o est\u00e1 comprovado como causa de queda de cabelo. A quantidade torna-se relevante onde se mant\u00e9m elevada durante meses, porque s\u00f3 ent\u00e3o as reservas de nutrientes, os valores hep\u00e1ticos e o eixo hormonal se alteram de forma mensur\u00e1vel. Um copo de vinho \u00e0 refei\u00e7\u00e3o n\u00e3o \u00e9, segundo os dados atuais, um risco de queda de cabelo.<\/p>\n\n\n\n<p class=\"wp-block-paragraph\">Para o enquadramento ajudam as defini\u00e7\u00f5es oficiais. Em Portugal, uma bebida padr\u00e3o corresponde a 10 g de \u00e1lcool puro. Como consumo de baixo risco consideram-se, no m\u00e1ximo, 20 g por dia (2 bebidas padr\u00e3o) nos homens e 10 g por dia (1 bebida padr\u00e3o) nas mulheres.<\/p>\n\n\n\n<p class=\"wp-block-paragraph\">Mesmo estes limites n\u00e3o descrevem uma zona segura. N\u00e3o existe uma quantidade de \u00e1lcool comprovadamente inofensiva, e a OMS formulou o mesmo em janeiro de 2023 para a sa\u00fade em geral. Trata-se de uma afirma\u00e7\u00e3o sobre riscos oncol\u00f3gicos e cardiovasculares, n\u00e3o sobre queda de cabelo. Muitos textos esbatem esta diferen\u00e7a.<\/p>\n\n\n\n<p class=\"wp-block-paragraph\">Os n\u00edveis de risco da OMS v\u00e3o da abstin\u00eancia at\u00e9 ao risco muito elevado, a partir de mais de 100 g de \u00e1lcool puro por dia nos homens e mais de 60 g nas mulheres. O consumo excessivo epis\u00f3dico \u00e9 definido pela OMS como pelo menos 60 g numa \u00fanica ocasi\u00e3o, pelo menos uma vez por m\u00eas. A tabela seguinte traduz estes n\u00edveis naquilo que \u00e9 relevante para o cabelo.<\/p>\n\n\n\n<style>\n@media (max-width:640px){\n.rt-table-wrap{overflow-x:visible!important;border:0!important;border-radius:0!important}\n.rt-table{min-width:0!important}\n.rt-table thead{display:none}\n.rt-table,.rt-table tbody,.rt-table tr,.rt-table td{display:block;width:100%}\n.rt-table caption{display:block;padding:0 0 12px!important}\n.rt-table tr{margin:0 0 12px;border:1px solid #dbe4f0;border-radius:10px;overflow:hidden}\n.rt-table tr:last-child{margin-bottom:0}\n.rt-table td{display:flex!important;flex-direction:column;gap:3px;padding:12px 14px!important;\nborder:0!important;border-bottom:1px solid #e3e8ef!important;background:#ffffff!important}\n.rt-table tr td:last-child{border-bottom:0!important}\n.rt-table td::before{content:attr(data-label);font-size:12px;font-weight:700;letter-spacing:.04em;\ntext-transform:uppercase;color:#5799F1}\n.rt-table td:not([data-label])::before,.rt-table td[data-label=\"\"]::before{display:none}\n}\n<\/style>\n<div class=\"rt-table-wrap\" style=\"overflow-x:auto;-webkit-overflow-scrolling:touch;margin:28px 0;border:1px solid #dbe4f0;border-radius:12px\">\n  <table class=\"rt-table\" style=\"width:100%;min-width:660px;table-layout:fixed;border-collapse:separate;border-spacing:0;font-size:15px;margin:0\">\n    <caption style=\"caption-side:top;text-align:left;color:#003366;font-weight:700;font-size:16px;line-height:1.35;padding:14px 16px 10px;background:#ffffff\">Enquadrar o consumo: a partir de quando \u00e9 relevante para o cabelo e para o corpo<\/caption>\n    <thead>\n      <tr>\n        <th style=\"width:22%;background:#003366;color:#ffffff;font-weight:700;text-align:left;vertical-align:middle;padding:13px 16px;font-size:15px;line-height:1.4;border:0;overflow-wrap:break-word\">Padr\u00e3o de consumo<\/th>\n        <th style=\"background:#003366;color:#ffffff;font-weight:700;text-align:left;vertical-align:middle;padding:13px 16px;font-size:15px;line-height:1.4;border:0;overflow-wrap:break-word\">Como as institui\u00e7\u00f5es de sa\u00fade o enquadram<\/th>\n        <th style=\"background:#003366;color:#ffffff;font-weight:700;text-align:left;vertical-align:middle;padding:13px 16px;font-size:15px;line-height:1.4;border:0;overflow-wrap:break-word\">O que \u00e9 relevante para o cabelo<\/th>\n        <th style=\"background:#003366;color:#ffffff;font-weight:700;text-align:left;vertical-align:middle;padding:13px 16px;font-size:15px;line-height:1.4;border:0;overflow-wrap:break-word\">O que faz sentido agora<\/th>\n      <\/tr>\n    <\/thead>\n    <tbody>\n      <tr>\n        <td data-label=\"Padr\u00e3o de consumo\" style=\"background:#ffffff;color:#003366;font-weight:700;text-align:left;vertical-align:top;padding:13px 16px;font-size:15px;line-height:1.55;border:0;border-bottom:1px solid #e3e8ef;overflow-wrap:break-word\">Nenhum \u00e1lcool<\/td>\n        <td data-label=\"Como as institui\u00e7\u00f5es de sa\u00fade o enquadram\" style=\"background:#ffffff;color:#22303e;font-weight:400;text-align:left;vertical-align:top;padding:13px 16px;font-size:15px;line-height:1.55;border:0;border-bottom:1px solid #e3e8ef;overflow-wrap:break-word\">\u00fanico n\u00edvel sem risco para a sa\u00fade associado ao \u00e1lcool (OMS)<\/td>\n        <td data-label=\"O que \u00e9 relevante para o cabelo\" style=\"background:#ffffff;color:#22303e;font-weight:400;text-align:left;vertical-align:top;padding:13px 16px;font-size:15px;line-height:1.55;border:0;border-bottom:1px solid #e3e8ef;overflow-wrap:break-word\">nenhuma contribui\u00e7\u00e3o do \u00e1lcool para a queda de cabelo<\/td>\n        <td data-label=\"O que faz sentido agora\" style=\"background:#ffffff;color:#22303e;font-weight:400;text-align:left;vertical-align:top;padding:13px 16px;font-size:15px;line-height:1.55;border:0;border-bottom:1px solid #e3e8ef;overflow-wrap:break-word\">em caso de queda de cabelo, investigar as outras causas<\/td>\n      <\/tr>\n      <tr>\n        <td data-label=\"Padr\u00e3o de consumo\" style=\"background:#f6f9fc;color:#003366;font-weight:700;text-align:left;vertical-align:top;padding:13px 16px;font-size:15px;line-height:1.55;border:0;border-bottom:1px solid #e3e8ef;overflow-wrap:break-word\">At\u00e9 1 bebida padr\u00e3o por dia (mulheres) ou 2 (homens), com dias sem \u00e1lcool<\/td>\n        <td data-label=\"Como as institui\u00e7\u00f5es de sa\u00fade o enquadram\" style=\"background:#f6f9fc;color:#22303e;font-weight:400;text-align:left;vertical-align:top;padding:13px 16px;font-size:15px;line-height:1.55;border:0;border-bottom:1px solid #e3e8ef;overflow-wrap:break-word\">limite do consumo de baixo risco (10 g por dia nas mulheres, 20 g nos homens); n\u00e3o existe, ainda assim, quantidade comprovadamente inofensiva<\/td>\n        <td data-label=\"O que \u00e9 relevante para o cabelo\" style=\"background:#f6f9fc;color:#22303e;font-weight:400;text-align:left;vertical-align:top;padding:13px 16px;font-size:15px;line-height:1.55;border:0;border-bottom:1px solid #e3e8ef;overflow-wrap:break-word\">n\u00e3o comprovado como causa de queda de cabelo<\/td>\n        <td data-label=\"O que faz sentido agora\" style=\"background:#f6f9fc;color:#22303e;font-weight:400;text-align:left;vertical-align:top;padding:13px 16px;font-size:15px;line-height:1.55;border:0;border-bottom:1px solid #e3e8ef;overflow-wrap:break-word\">indicar a quantidade na consulta m\u00e9dica, porque influencia os valores anal\u00edticos<\/td>\n      <\/tr>\n      <tr>\n        <td data-label=\"Padr\u00e3o de consumo\" style=\"background:#ffffff;color:#003366;font-weight:700;text-align:left;vertical-align:top;padding:13px 16px;font-size:15px;line-height:1.55;border:0;border-bottom:1px solid #e3e8ef;overflow-wrap:break-word\">Regularmente bastante mais, durante meses<\/td>\n        <td data-label=\"Como as institui\u00e7\u00f5es de sa\u00fade o enquadram\" style=\"background:#ffffff;color:#22303e;font-weight:400;text-align:left;vertical-align:top;padding:13px 16px;font-size:15px;line-height:1.55;border:0;border-bottom:1px solid #e3e8ef;overflow-wrap:break-word\">acima dos limites de baixo risco, o risco sobe com a quantidade di\u00e1ria (OMS)<\/td>\n        <td data-label=\"O que \u00e9 relevante para o cabelo\" style=\"background:#ffffff;color:#22303e;font-weight:400;text-align:left;vertical-align:top;padding:13px 16px;font-size:15px;line-height:1.55;border:0;border-bottom:1px solid #e3e8ef;overflow-wrap:break-word\">as reservas de nutrientes e os valores hep\u00e1ticos podem alterar-se de forma mensur\u00e1vel; \u00e9 aqui que atuam os quatro mecanismos<\/td>\n        <td data-label=\"O que faz sentido agora\" style=\"background:#ffffff;color:#22303e;font-weight:400;text-align:left;vertical-align:top;padding:13px 16px;font-size:15px;line-height:1.55;border:0;border-bottom:1px solid #e3e8ef;overflow-wrap:break-word\">reduzir a quantidade, hemograma e consulta m\u00e9dica<\/td>\n      <\/tr>\n      <tr>\n        <td data-label=\"Padr\u00e3o de consumo\" style=\"background:#f6f9fc;color:#003366;font-weight:700;text-align:left;vertical-align:top;padding:13px 16px;font-size:15px;line-height:1.55;border:0;border-bottom:1px solid #e3e8ef;overflow-wrap:break-word\">Consumo excessivo epis\u00f3dico: 60 g ou mais numa ocasi\u00e3o, pelo menos uma vez por m\u00eas<\/td>\n        <td data-label=\"Como as institui\u00e7\u00f5es de sa\u00fade o enquadram\" style=\"background:#f6f9fc;color:#22303e;font-weight:400;text-align:left;vertical-align:top;padding:13px 16px;font-size:15px;line-height:1.55;border:0;border-bottom:1px solid #e3e8ef;overflow-wrap:break-word\">defini\u00e7\u00e3o de binge drinking da OMS<\/td>\n        <td data-label=\"O que \u00e9 relevante para o cabelo\" style=\"background:#f6f9fc;color:#22303e;font-weight:400;text-align:left;vertical-align:top;padding:13px 16px;font-size:15px;line-height:1.55;border:0;border-bottom:1px solid #e3e8ef;overflow-wrap:break-word\">um epis\u00f3dio n\u00e3o esgota as reservas; repetido durante meses, vai somando<\/td>\n        <td data-label=\"O que faz sentido agora\" style=\"background:#f6f9fc;color:#22303e;font-weight:400;text-align:left;vertical-align:top;padding:13px 16px;font-size:15px;line-height:1.55;border:0;border-bottom:1px solid #e3e8ef;overflow-wrap:break-word\">registar a quantidade semanal em bebidas padr\u00e3o em vez de a estimar a olho<\/td>\n      <\/tr>\n      <tr>\n        <td data-label=\"Padr\u00e3o de consumo\" style=\"background:#ffffff;color:#003366;font-weight:700;text-align:left;vertical-align:top;padding:13px 16px;font-size:15px;line-height:1.55;border:0;overflow-wrap:break-word\">Mais de 100 g por dia (homens) ou 60 g (mulheres)<\/td>\n        <td data-label=\"Como as institui\u00e7\u00f5es de sa\u00fade o enquadram\" style=\"background:#ffffff;color:#22303e;font-weight:400;text-align:left;vertical-align:top;padding:13px 16px;font-size:15px;line-height:1.55;border:0;overflow-wrap:break-word\">risco muito elevado (n\u00edveis de risco da OMS)<\/td>\n        <td data-label=\"O que \u00e9 relevante para o cabelo\" style=\"background:#ffffff;color:#22303e;font-weight:400;text-align:left;vertical-align:top;padding:13px 16px;font-size:15px;line-height:1.55;border:0;overflow-wrap:break-word\">frequentemente car\u00eancias associadas, valores hep\u00e1ticos alterados, eixo hormonal perturbado<\/td>\n        <td data-label=\"O que faz sentido agora\" style=\"background:#ffffff;color:#22303e;font-weight:400;text-align:left;vertical-align:top;padding:13px 16px;font-size:15px;line-height:1.55;border:0;overflow-wrap:break-word\">acompanhamento m\u00e9dico; nunca parar de forma abrupta por iniciativa pr\u00f3pria<\/td>\n      <\/tr>\n    <\/tbody>\n  <\/table>\n<\/div>\n\n\n\n<p class=\"wp-block-paragraph\"><strong>Legenda sobre a bebida padr\u00e3o:<\/strong> 1 bebida padr\u00e3o corresponde a cerca de 10 g de \u00e1lcool puro. Contam como uma bebida padr\u00e3o, por exemplo, uma cerveja (6\u00b0), um copo de vinho de mesa (12\u00b0), um aperitivo (20\u00b0) ou uma dose de aguardente ou de outra bebida destilada (40\u00b0). Se \u00e9 cerveja, vinho ou destilado n\u00e3o faz diferen\u00e7a: as institui\u00e7\u00f5es de sa\u00fade contam em gramas de \u00e1lcool puro, n\u00e3o em tipos de bebida.<\/p>\n\n\n\n<h3 class=\"wp-block-heading\">Beber ao fim de semana ou todos os dias: o que faz a diferen\u00e7a para o cabelo<\/h3>\n\n\n\n<p class=\"wp-block-paragraph\">Para o cabelo conta, segundo o conhecimento atual, a quantidade semanal e n\u00e3o o padr\u00e3o. Os mecanismos relevantes precisam de tempo: uma \u00fanica noite de excessos n\u00e3o esgota as reservas de zinco, mas o consumo excessivo epis\u00f3dico repetido durante meses atinge a mesma quantidade de \u00e1lcool puro que um consumo di\u00e1rio regular. Neste ponto falta um estudo, e dizemo-lo abertamente: n\u00e3o existe nenhum trabalho que compare os dois padr\u00f5es quanto \u00e0 queda de cabelo com a mesma quantidade semanal.<\/p>\n\n\n\n<p class=\"wp-block-paragraph\">Nas mulheres, todos os limites se situam em cerca de metade, porque a propor\u00e7\u00e3o de \u00e1gua corporal \u00e9 menor e a \u00e1lcool desidrogenase funciona de outra forma. No cabelo acresce um segundo fator: a falta de ferro \u00e9 frequente nas mulheres em idade f\u00e9rtil, e o \u00e1lcool piora ainda mais o aporte de ferro e de folato.<\/p>\n\n\n\n<h2 class=\"wp-block-heading\">Sintomas da queda de cabelo associada ao \u00e1lcool<\/h2>\n\n\n\n<p class=\"wp-block-paragraph\">Uma <strong>queda de cabelo associada ao \u00e1lcool<\/strong> desenvolve-se normalmente de forma lenta. Os primeiros sinais s\u00e3o cabelo mais fino, perda de qualidade da estrutura capilar ou maior queda ao lavar ou ao escovar. Se estas altera\u00e7\u00f5es surgirem, pode fazer sentido olhar tamb\u00e9m de forma cr\u00edtica para o pr\u00f3prio consumo de \u00e1lcool. A partir de quando a queda \u00e9 considerada anormal, esclarece o artigo sobre <a href=\"\/pt\/blog-sobre-implante-capilar\/queda-de-cabelo-extrema\/\">queda de cabelo extrema<\/a>.<\/p>\n\n\n\n<figure class=\"wp-block-image size-full\"><img decoding=\"async\" src=\"https:\/\/elithair.com\/pt\/wp-content\/uploads\/sites\/7\/2026\/08\/bestand_91568.png\" alt=\"V\u00e1rias garrafas em frente a um homem com ar deprimido que bebe um copo de bebida alco\u00f3lica\" class=\"wp-image-89984\"\/><\/figure>\n\n\n\n<p class=\"wp-block-paragraph\">A queda de cabelo devida ao \u00e1lcool pode manifestar-se, entre outros sinais, por uma linha capilar que recua ou por uma perda de densidade acentuada nas entradas e no topo da cabe\u00e7a. Estas altera\u00e7\u00f5es podem ser favorecidas por efeitos hormonais e metab\u00f3licos do \u00e1lcool. Este padr\u00e3o \u00e9, no entanto, t\u00edpico da queda de cabelo heredit\u00e1ria, que um consumo elevado pode acompanhar e tornar mais vis\u00edvel, sem a ter desencadeado.<\/p>\n\n\n<div class=\"wp-block-image\">\n<figure class=\"aligncenter size-large is-resized\" style=\"max-width:560px;margin-left:auto;margin-right:auto\"><img decoding=\"async\" src=\"https:\/\/elithair.com\/pt\/wp-content\/uploads\/sites\/7\/2026\/08\/diffus_vs_muster.png\" alt=\"Ilustra\u00e7\u00e3o comparativa: \u00e0 esquerda, cabelo uniformemente rarefeito de forma difusa; \u00e0 direita, o padr\u00e3o da queda de cabelo heredit\u00e1ria nas entradas e no topo da cabe\u00e7a\" class=\"wp-image-89978\" style=\"width:560px;max-width:100%;height:auto\"\/><\/figure>\n<\/div>\n\n\n<p class=\"wp-block-paragraph\">Ainda antes de a perda de cabelo ser vis\u00edvel, a qualidade capilar pode piorar. T\u00edpico \u00e9 o cabelo ba\u00e7o, seco ou quebradi\u00e7o. Nalguns casos observa-se tamb\u00e9m um embranquecimento precoce, que pode estar relacionado com car\u00eancias de nutrientes. Para o embranquecimento precoce, no entanto, os dados s\u00e3o bastante mais claros para o tabaco do que para o \u00e1lcool: um estudo transversal no Journal of the American Academy of Dermatology identifica o tabagismo como fator de risco, ao passo que, para o \u00e1lcool isolado, a rela\u00e7\u00e3o \u00e9 mais fraca e n\u00e3o est\u00e1 confirmada de forma compar\u00e1vel. Mais sobre o tema no artigo sobre <a href=\"\/pt\/blog-sobre-implante-capilar\/calvicie-pode-estar-relacionada-com-fumar\/\">tabagismo e queda de cabelo<\/a>.<\/p>\n\n\n\n<div style=\"margin:26px 0\">\n<p style=\"margin:0 0 14px;color:#013366;font-weight:700;font-size:18px\">Verifica\u00e7\u00e3o de sintomas: quatro observa\u00e7\u00f5es e o passo seguinte<\/p>\n<div style=\"border:1px solid #e3e8ef;border-radius:10px;padding:16px;margin-bottom:12px;background:#ffffff\">\n<p style=\"margin:0 0 6px;color:#013366;font-weight:600;font-size:16px;line-height:1.45\"><span style=\"color:#0079F1;font-weight:700\">&#10003;<\/span> Mais cabelo na escova e no ralo, durante semanas, sem zonas de calv\u00edcie<\/p>\n<p style=\"margin:0;color:#2e3033;font-size:15px;line-height:1.6\">Aponta para uma queda difusa com causa identific\u00e1vel. Passo seguinte: pedir um hemograma e falar da quantidade de bebidas por semana.<\/p>\n<\/div>\n<div style=\"border:1px solid #e3e8ef;border-radius:10px;padding:16px;margin-bottom:12px;background:#ffffff\">\n<p style=\"margin:0 0 6px;color:#013366;font-weight:600;font-size:16px;line-height:1.45\"><span style=\"color:#0079F1;font-weight:700\">&#10003;<\/span> A perda de densidade \u00e9 mais evidente nas entradas e no topo da cabe\u00e7a<\/p>\n<p style=\"margin:0;color:#2e3033;font-size:15px;line-height:1.6\">Sugere um padr\u00e3o androgen\u00e9tico, que o \u00e1lcool pode acompanhar mas n\u00e3o explicar. Passo seguinte: avalia\u00e7\u00e3o dermatol\u00f3gica do padr\u00e3o.<\/p>\n<\/div>\n<div style=\"border:1px solid #e3e8ef;border-radius:10px;padding:16px;margin-bottom:12px;background:#ffffff\">\n<p style=\"margin:0 0 6px;color:#013366;font-weight:600;font-size:16px;line-height:1.45\"><span style=\"color:#0079F1;font-weight:700\">&#10003;<\/span> Al\u00e9m disso, cansa\u00e7o, unhas quebradi\u00e7as ou fissuras nos cantos da boca<\/p>\n<p style=\"margin:0;color:#2e3033;font-size:15px;line-height:1.6\">Sinais acompanhantes t\u00edpicos de uma car\u00eancia de nutrientes. Passo seguinte: mandar dosear a ferritina, o zinco, o \u00e1cido f\u00f3lico e a vitamina B12 juntamente com o hemograma.<\/p>\n<\/div>\n<div style=\"border:1px solid #e3e8ef;border-radius:10px;padding:16px;margin-bottom:12px;background:#ffffff\">\n<p style=\"margin:0 0 6px;color:#013366;font-weight:600;font-size:16px;line-height:1.45\"><span style=\"color:#0079F1;font-weight:700\">&#10003;<\/span> O couro cabeludo descama, repuxa ou tem comich\u00e3o desde que bebe com mais frequ\u00eancia<\/p>\n<p style=\"margin:0;color:#2e3033;font-size:15px;line-height:1.6\">Encaixa na via inflamat\u00f3ria e de barreira. Passo seguinte: avalia\u00e7\u00e3o do couro cabeludo em consulta de dermatologia, em vez de tratamento prolongado por conta pr\u00f3pria.<\/p>\n<\/div>\n<\/div>\n\n\n\n<p class=\"wp-block-paragraph\">Quem note estes sintomas e consuma \u00e1lcool regularmente deve esclarecer a causa em consulta m\u00e9dica. Al\u00e9m da avalia\u00e7\u00e3o m\u00e9dica, \u00e9 decisivo reduzir o consumo de \u00e1lcool para n\u00e3o comprometer ainda mais o crescimento do cabelo.<\/p>\n\n\n\n<h2 class=\"wp-block-heading\">\u00c1lcool ou queda de cabelo gen\u00e9tica? Como distinguir os padr\u00f5es<\/h2>\n\n\n\n<p class=\"wp-block-paragraph\">A queda associada ao \u00e1lcool rarefaz o cabelo de forma uniforme; a queda androgen\u00e9tica segue um padr\u00e3o nas entradas e no topo da cabe\u00e7a. Quem tem as duas em simult\u00e2neo v\u00ea primeiro o padr\u00e3o acentuar-se, porque os fol\u00edculos geneticamente sens\u00edveis s\u00e3o os primeiros a passar \u00e0 fase de repouso. Esta distin\u00e7\u00e3o determina que tratamento faz sequer sentido.<\/p>\n\n\n\n<p class=\"wp-block-paragraph\">Um consumo elevado pode, portanto, desmascarar uma queda de cabelo heredit\u00e1ria j\u00e1 existente, sem ser ele pr\u00f3prio o fator desencadeante. Continua em aberto se o \u00e1lcool acelera de facto a alop\u00e9cia androgen\u00e9tica: a meta-an\u00e1lise na Alcohol and Alcoholism (2024) n\u00e3o encontrou uma rela\u00e7\u00e3o significativa, enquanto a revis\u00e3o na BMC Public Health (2026) lista o \u00e1lcool com um odds ratio de 1,72 como um fator de risco entre v\u00e1rios. Como hip\u00f3tese, discute-se uma perturba\u00e7\u00e3o do meio imunit\u00e1rio do couro cabeludo pelo acetalde\u00eddo, o produto de degrada\u00e7\u00e3o do \u00e1lcool; provada, no entanto, n\u00e3o est\u00e1.<\/p>\n\n\n\n<style>\n@media (max-width:640px){\n.rt-table-wrap{overflow-x:visible!important;border:0!important;border-radius:0!important}\n.rt-table{min-width:0!important}\n.rt-table thead{display:none}\n.rt-table,.rt-table tbody,.rt-table tr,.rt-table td{display:block;width:100%}\n.rt-table caption{display:block;padding:0 0 12px!important}\n.rt-table tr{margin:0 0 12px;border:1px solid #dbe4f0;border-radius:10px;overflow:hidden}\n.rt-table tr:last-child{margin-bottom:0}\n.rt-table td{display:flex!important;flex-direction:column;gap:3px;padding:12px 14px!important;\nborder:0!important;border-bottom:1px solid #e3e8ef!important;background:#ffffff!important}\n.rt-table tr td:last-child{border-bottom:0!important}\n.rt-table td::before{content:attr(data-label);font-size:12px;font-weight:700;letter-spacing:.04em;\ntext-transform:uppercase;color:#5799F1}\n.rt-table td:not([data-label])::before,.rt-table td[data-label=\"\"]::before{display:none}\n}\n<\/style>\n<div class=\"rt-table-wrap\" style=\"overflow-x:auto;-webkit-overflow-scrolling:touch;margin:28px 0;border:1px solid #dbe4f0;border-radius:12px\">\n  <table class=\"rt-table\" style=\"width:100%;min-width:620px;table-layout:fixed;border-collapse:separate;border-spacing:0;font-size:15px;margin:0\">\n    <caption style=\"caption-side:top;text-align:left;color:#003366;font-weight:700;font-size:16px;line-height:1.35;padding:14px 16px 10px;background:#ffffff\">Difusa ou em padr\u00e3o: a distin\u00e7\u00e3o num relance<\/caption>\n    <thead>\n      <tr>\n        <th style=\"width:22%;background:#003366;color:#ffffff;font-weight:700;text-align:left;vertical-align:middle;padding:13px 16px;font-size:15px;line-height:1.4;border:0;overflow-wrap:break-word\">Caracter\u00edstica<\/th>\n        <th style=\"background:#003366;color:#ffffff;font-weight:700;text-align:left;vertical-align:middle;padding:13px 16px;font-size:15px;line-height:1.4;border:0;overflow-wrap:break-word\">Perda de densidade difusa (\u00e1lcool, car\u00eancias, stress)<\/th>\n        <th style=\"background:#003366;color:#ffffff;font-weight:700;text-align:left;vertical-align:middle;padding:13px 16px;font-size:15px;line-height:1.4;border:0;overflow-wrap:break-word\">Padr\u00e3o androgen\u00e9tico<\/th>\n      <\/tr>\n    <\/thead>\n    <tbody>\n      <tr>\n        <td data-label=\"Caracter\u00edstica\" style=\"background:#ffffff;color:#003366;font-weight:700;text-align:left;vertical-align:top;padding:13px 16px;font-size:15px;line-height:1.55;border:0;border-bottom:1px solid #e3e8ef;overflow-wrap:break-word\">Distribui\u00e7\u00e3o<\/td>\n        <td data-label=\"Perda de densidade difusa (\u00e1lcool, car\u00eancias, stress)\" style=\"background:#ffffff;color:#22303e;font-weight:400;text-align:left;vertical-align:top;padding:13px 16px;font-size:15px;line-height:1.55;border:0;border-bottom:1px solid #e3e8ef;overflow-wrap:break-word\">uniforme por todo o couro cabeludo, tamb\u00e9m na nuca<\/td>\n        <td data-label=\"Padr\u00e3o androgen\u00e9tico\" style=\"background:#ffffff;color:#22303e;font-weight:400;text-align:left;vertical-align:top;padding:13px 16px;font-size:15px;line-height:1.55;border:0;border-bottom:1px solid #e3e8ef;overflow-wrap:break-word\">entradas, linha da testa e topo da cabe\u00e7a; a nuca mant\u00e9m-se densa<\/td>\n      <\/tr>\n      <tr>\n        <td data-label=\"Caracter\u00edstica\" style=\"background:#f6f9fc;color:#003366;font-weight:700;text-align:left;vertical-align:top;padding:13px 16px;font-size:15px;line-height:1.55;border:0;border-bottom:1px solid #e3e8ef;overflow-wrap:break-word\">Evolu\u00e7\u00e3o no tempo<\/td>\n        <td data-label=\"Perda de densidade difusa (\u00e1lcool, car\u00eancias, stress)\" style=\"background:#f6f9fc;color:#22303e;font-weight:400;text-align:left;vertical-align:top;padding:13px 16px;font-size:15px;line-height:1.55;border:0;border-bottom:1px solid #e3e8ef;overflow-wrap:break-word\">in\u00edcio normalmente 1 a 6 meses ap\u00f3s um fator desencadeante, muitas vezes por surtos<\/td>\n        <td data-label=\"Padr\u00e3o androgen\u00e9tico\" style=\"background:#f6f9fc;color:#22303e;font-weight:400;text-align:left;vertical-align:top;padding:13px 16px;font-size:15px;line-height:1.55;border:0;border-bottom:1px solid #e3e8ef;overflow-wrap:break-word\">progress\u00e3o lenta ao longo de anos, sem fator desencadeante identific\u00e1vel<\/td>\n      <\/tr>\n      <tr>\n        <td data-label=\"Caracter\u00edstica\" style=\"background:#ffffff;color:#003366;font-weight:700;text-align:left;vertical-align:top;padding:13px 16px;font-size:15px;line-height:1.55;border:0;border-bottom:1px solid #e3e8ef;overflow-wrap:break-word\">O que se nota primeiro<\/td>\n        <td data-label=\"Perda de densidade difusa (\u00e1lcool, car\u00eancias, stress)\" style=\"background:#ffffff;color:#22303e;font-weight:400;text-align:left;vertical-align:top;padding:13px 16px;font-size:15px;line-height:1.55;border:0;border-bottom:1px solid #e3e8ef;overflow-wrap:break-word\">mais cabelo ao lavar e ao escovar, a risca parece mais larga<\/td>\n        <td data-label=\"Padr\u00e3o androgen\u00e9tico\" style=\"background:#ffffff;color:#22303e;font-weight:400;text-align:left;vertical-align:top;padding:13px 16px;font-size:15px;line-height:1.55;border:0;border-bottom:1px solid #e3e8ef;overflow-wrap:break-word\">a linha capilar recua, o remoinho fica a transparecer<\/td>\n      <\/tr>\n      <tr>\n        <td data-label=\"Caracter\u00edstica\" style=\"background:#f6f9fc;color:#003366;font-weight:700;text-align:left;vertical-align:top;padding:13px 16px;font-size:15px;line-height:1.55;border:0;border-bottom:1px solid #e3e8ef;overflow-wrap:break-word\">Rea\u00e7\u00e3o quando o fator desencadeante \u00e9 eliminado<\/td>\n        <td data-label=\"Perda de densidade difusa (\u00e1lcool, car\u00eancias, stress)\" style=\"background:#f6f9fc;color:#22303e;font-weight:400;text-align:left;vertical-align:top;padding:13px 16px;font-size:15px;line-height:1.55;border:0;border-bottom:1px solid #e3e8ef;overflow-wrap:break-word\">recupera\u00e7\u00e3o, por regra, at\u00e9 6 meses<\/td>\n        <td data-label=\"Padr\u00e3o androgen\u00e9tico\" style=\"background:#f6f9fc;color:#22303e;font-weight:400;text-align:left;vertical-align:top;padding:13px 16px;font-size:15px;line-height:1.55;border:0;border-bottom:1px solid #e3e8ef;overflow-wrap:break-word\">sem rea\u00e7\u00e3o, a componente gen\u00e9tica continua a progredir<\/td>\n      <\/tr>\n      <tr>\n        <td data-label=\"Caracter\u00edstica\" style=\"background:#ffffff;color:#003366;font-weight:700;text-align:left;vertical-align:top;padding:13px 16px;font-size:15px;line-height:1.55;border:0;overflow-wrap:break-word\">Valores anal\u00edticos t\u00edpicos<\/td>\n        <td data-label=\"Perda de densidade difusa (\u00e1lcool, car\u00eancias, stress)\" style=\"background:#ffffff;color:#22303e;font-weight:400;text-align:left;vertical-align:top;padding:13px 16px;font-size:15px;line-height:1.55;border:0;overflow-wrap:break-word\">ferritina, zinco, \u00e1cido f\u00f3lico, vitamina B12 ou valores hep\u00e1ticos alterados<\/td>\n        <td data-label=\"Padr\u00e3o androgen\u00e9tico\" style=\"background:#ffffff;color:#22303e;font-weight:400;text-align:left;vertical-align:top;padding:13px 16px;font-size:15px;line-height:1.55;border:0;overflow-wrap:break-word\">valores anal\u00edticos normalmente sem altera\u00e7\u00f5es<\/td>\n      <\/tr>\n    <\/tbody>\n  <\/table>\n<\/div>\n\n\n\n<p class=\"wp-block-paragraph\">Para a pr\u00e1tica, isto significa, sem rodeios: a queda de cabelo difusa n\u00e3o \u00e9 indica\u00e7\u00e3o para um transplante capilar. S\u00f3 quando os fatores desencadeantes estiverem eliminados e permanecer um padr\u00e3o \u00e9 que um transplante passa sequer a ser tema, e a\u00ed trata-se da componente gen\u00e9tica, n\u00e3o da associada ao \u00e1lcool. Frequentemente, ambas est\u00e3o presentes ao mesmo tempo.<\/p>\n\n\n\n<p class=\"wp-block-paragraph\">Se n\u00e3o tiver a certeza de qual \u00e9 o seu caso, a an\u00e1lise capilar gratuita \u00e9 o passo de esclarecimento mais simples: com base na distribui\u00e7\u00e3o e na densidade, avalia visualmente se existe um padr\u00e3o ou uma perda de densidade difusa. N\u00e3o substitui uma an\u00e1lise ao sangue m\u00e9dica, e o esclarecimento da causa continua a ser tarefa da consulta m\u00e9dica.<\/p>\n\n\n\n<div class=\"wp-block-buttons is-content-justification-center is-layout-flex wp-container-core-buttons-is-layout-fe48e5de wp-block-buttons-is-layout-flex\" style=\"justify-content:center;margin-bottom:48px\">\n\n<div class=\"wp-block-button\"><a class=\"wp-block-button__link wp-element-button\" style=\"background-color:#0079F1;color:#ffffff;border-radius:8px;padding:15px 36px;font-weight:700;font-size:17px\" href=\"\/pt\/analise-capilar\/\">Iniciar a an\u00e1lise capilar gratuita<\/a><\/div>\n\n<\/div>\n\n\n\n<h2 class=\"wp-block-heading\">Diagn\u00f3stico da queda de cabelo associada ao \u00e1lcool<\/h2>\n\n\n\n<p class=\"wp-block-paragraph\">Uma <strong>queda de cabelo associada ao \u00e1lcool<\/strong> \u00e9 diagnosticada clinicamente. N\u00e3o existe um teste que a comprove: o diagn\u00f3stico resulta da anamnese, incluindo a quantidade ingerida, do exame do couro cabeludo e do cabelo e dos valores anal\u00edticos. Aos primeiros sinais, faz sentido consultar o m\u00e9dico de fam\u00edlia ou um especialista.<\/p>\n\n\n<div class=\"wp-block-image\">\n<figure class=\"aligncenter size-large is-resized\" style=\"max-width:720px;margin-left:auto;margin-right:auto\"><img decoding=\"async\" src=\"https:\/\/elithair.com\/pt\/wp-content\/uploads\/sites\/7\/2026\/08\/arztgespraech_blutwerte.png\" alt=\"M\u00e9dica a falar com um doente sobre os valores anal\u00edticos, com tubos de colheita de sangue em cima da mesa\" class=\"wp-image-89979\" style=\"width:720px;max-width:100%;height:auto\"\/><\/figure>\n<\/div>\n\n\n<p class=\"wp-block-paragraph\">No \u00e2mbito da consulta s\u00e3o avaliados o couro cabeludo e a estrutura capilar e s\u00e3o discutidos os sintomas poss\u00edveis e os h\u00e1bitos de consumo de \u00e1lcool. A abertura desempenha aqui um papel central, porque s\u00f3 assim \u00e9 poss\u00edvel enquadrar corretamente a causa da queda de cabelo. Indique a quantidade em bebidas por semana e n\u00e3o como \u00abocasional\u00bb ou \u00abmoderado\u00bb, caso contr\u00e1rio os valores anal\u00edticos n\u00e3o podem ser lidos corretamente.<\/p>\n\n\n\n<p class=\"wp-block-paragraph\">Em muitos casos, uma an\u00e1lise ao sangue complementa o diagn\u00f3stico. Pode dar indica\u00e7\u00f5es de sobrecarga associada ao \u00e1lcool, bem como de car\u00eancias de nutrientes e vitaminas que comprometem o crescimento capilar. Como um consumo elevado de \u00e1lcool anda frequentemente associado a d\u00e9fices, o hemograma fornece pontos de partida importantes para as medidas seguintes. Os par\u00e2metros habituais est\u00e3o tamb\u00e9m descritos no artigo sobre a an\u00e1lise ao sangue na queda de cabelo.<\/p>\n\n\n\n<style>\n@media (max-width:640px){\n.rt-table-wrap{overflow-x:visible!important;border:0!important;border-radius:0!important}\n.rt-table{min-width:0!important}\n.rt-table thead{display:none}\n.rt-table,.rt-table tbody,.rt-table tr,.rt-table td{display:block;width:100%}\n.rt-table caption{display:block;padding:0 0 12px!important}\n.rt-table tr{margin:0 0 12px;border:1px solid #dbe4f0;border-radius:10px;overflow:hidden}\n.rt-table tr:last-child{margin-bottom:0}\n.rt-table td{display:flex!important;flex-direction:column;gap:3px;padding:12px 14px!important;\nborder:0!important;border-bottom:1px solid #e3e8ef!important;background:#ffffff!important}\n.rt-table tr td:last-child{border-bottom:0!important}\n.rt-table td::before{content:attr(data-label);font-size:12px;font-weight:700;letter-spacing:.04em;\ntext-transform:uppercase;color:#5799F1}\n.rt-table td:not([data-label])::before,.rt-table td[data-label=\"\"]::before{display:none}\n}\n<\/style>\n<div class=\"rt-table-wrap\" style=\"overflow-x:auto;-webkit-overflow-scrolling:touch;margin:28px 0;border:1px solid #dbe4f0;border-radius:12px\">\n  <table class=\"rt-table\" style=\"width:100%;min-width:620px;table-layout:fixed;border-collapse:separate;border-spacing:0;font-size:15px;margin:0\">\n    <caption style=\"caption-side:top;text-align:left;color:#003366;font-weight:700;font-size:16px;line-height:1.35;padding:14px 16px 10px;background:#ffffff\">Resumo dos valores anal\u00edticos para a consulta m\u00e9dica<\/caption>\n    <thead>\n      <tr>\n        <th style=\"width:22%;background:#003366;color:#ffffff;font-weight:700;text-align:left;vertical-align:middle;padding:13px 16px;font-size:15px;line-height:1.4;border:0;overflow-wrap:break-word\">Valor<\/th>\n        <th style=\"background:#003366;color:#ffffff;font-weight:700;text-align:left;vertical-align:middle;padding:13px 16px;font-size:15px;line-height:1.4;border:0;overflow-wrap:break-word\">Porque \u00e9 relevante no \u00e1lcool e na queda de cabelo<\/th>\n        <th style=\"background:#003366;color:#ffffff;font-weight:700;text-align:left;vertical-align:middle;padding:13px 16px;font-size:15px;line-height:1.4;border:0;overflow-wrap:break-word\">Ao que o m\u00e9dico presta aten\u00e7\u00e3o<\/th>\n      <\/tr>\n    <\/thead>\n    <tbody>\n      <tr>\n        <td data-label=\"Valor\" style=\"background:#ffffff;color:#003366;font-weight:700;text-align:left;vertical-align:top;padding:13px 16px;font-size:15px;line-height:1.55;border:0;border-bottom:1px solid #e3e8ef;overflow-wrap:break-word\">Hemograma simples, incluindo VGM<\/td>\n        <td data-label=\"Porque \u00e9 relevante no \u00e1lcool e na queda de cabelo\" style=\"background:#ffffff;color:#22303e;font-weight:400;text-align:left;vertical-align:top;padding:13px 16px;font-size:15px;line-height:1.55;border:0;border-bottom:1px solid #e3e8ef;overflow-wrap:break-word\">o \u00e1lcool e uma car\u00eancia de \u00e1cido f\u00f3lico ou de vitamina B12 alteram o tamanho e a forma\u00e7\u00e3o dos gl\u00f3bulos vermelhos<\/td>\n        <td data-label=\"Ao que o m\u00e9dico presta aten\u00e7\u00e3o\" style=\"background:#ffffff;color:#22303e;font-weight:400;text-align:left;vertical-align:top;padding:13px 16px;font-size:15px;line-height:1.55;border:0;border-bottom:1px solid #e3e8ef;overflow-wrap:break-word\">eritr\u00f3citos de maior volume como ind\u00edcio de car\u00eancia ou de sobrecarga associada ao \u00e1lcool<\/td>\n      <\/tr>\n      <tr>\n        <td data-label=\"Valor\" style=\"background:#f6f9fc;color:#003366;font-weight:700;text-align:left;vertical-align:top;padding:13px 16px;font-size:15px;line-height:1.55;border:0;border-bottom:1px solid #e3e8ef;overflow-wrap:break-word\">Ferritina, em conjunto com a PCR<\/td>\n        <td data-label=\"Porque \u00e9 relevante no \u00e1lcool e na queda de cabelo\" style=\"background:#f6f9fc;color:#22303e;font-weight:400;text-align:left;vertical-align:top;padding:13px 16px;font-size:15px;line-height:1.55;border:0;border-bottom:1px solid #e3e8ef;overflow-wrap:break-word\">a falta de ferro \u00e9 uma causa frequente de perda de densidade difusa, e o \u00e1lcool piora o aporte<\/td>\n        <td data-label=\"Ao que o m\u00e9dico presta aten\u00e7\u00e3o\" style=\"background:#f6f9fc;color:#22303e;font-weight:400;text-align:left;vertical-align:top;padding:13px 16px;font-size:15px;line-height:1.55;border:0;border-bottom:1px solid #e3e8ef;overflow-wrap:break-word\">a ferritina \u00e9 uma prote\u00edna de fase aguda e pode estar falsamente elevada em caso de inflama\u00e7\u00e3o, da\u00ed a PCR como valor de controlo<\/td>\n      <\/tr>\n      <tr>\n        <td data-label=\"Valor\" style=\"background:#ffffff;color:#003366;font-weight:700;text-align:left;vertical-align:top;padding:13px 16px;font-size:15px;line-height:1.55;border:0;border-bottom:1px solid #e3e8ef;overflow-wrap:break-word\">Zinco<\/td>\n        <td data-label=\"Porque \u00e9 relevante no \u00e1lcool e na queda de cabelo\" style=\"background:#ffffff;color:#22303e;font-weight:400;text-align:left;vertical-align:top;padding:13px 16px;font-size:15px;line-height:1.55;border:0;border-bottom:1px solid #e3e8ef;overflow-wrap:break-word\">a absor\u00e7\u00e3o diminui e a excre\u00e7\u00e3o pelo rim aumenta no consumo cr\u00f3nico<\/td>\n        <td data-label=\"Ao que o m\u00e9dico presta aten\u00e7\u00e3o\" style=\"background:#ffffff;color:#22303e;font-weight:400;text-align:left;vertical-align:top;padding:13px 16px;font-size:15px;line-height:1.55;border:0;border-bottom:1px solid #e3e8ef;overflow-wrap:break-word\">rela\u00e7\u00e3o com a estrutura capilar, a cicatriza\u00e7\u00e3o de feridas e as queixas do couro cabeludo<\/td>\n      <\/tr>\n      <tr>\n        <td data-label=\"Valor\" style=\"background:#f6f9fc;color:#003366;font-weight:700;text-align:left;vertical-align:top;padding:13px 16px;font-size:15px;line-height:1.55;border:0;border-bottom:1px solid #e3e8ef;overflow-wrap:break-word\">\u00c1cido f\u00f3lico e vitamina B12<\/td>\n        <td data-label=\"Porque \u00e9 relevante no \u00e1lcool e na queda de cabelo\" style=\"background:#f6f9fc;color:#22303e;font-weight:400;text-align:left;vertical-align:top;padding:13px 16px;font-size:15px;line-height:1.55;border:0;border-bottom:1px solid #e3e8ef;overflow-wrap:break-word\">com o \u00e1lcool somam-se tr\u00eas vias de perda: intestino, f\u00edgado e rim<\/td>\n        <td data-label=\"Ao que o m\u00e9dico presta aten\u00e7\u00e3o\" style=\"background:#f6f9fc;color:#22303e;font-weight:400;text-align:left;vertical-align:top;padding:13px 16px;font-size:15px;line-height:1.55;border:0;border-bottom:1px solid #e3e8ef;overflow-wrap:break-word\">avalia\u00e7\u00e3o conjunta com o VGM do hemograma<\/td>\n      <\/tr>\n      <tr>\n        <td data-label=\"Valor\" style=\"background:#ffffff;color:#003366;font-weight:700;text-align:left;vertical-align:top;padding:13px 16px;font-size:15px;line-height:1.55;border:0;border-bottom:1px solid #e3e8ef;overflow-wrap:break-word\">GGT, AST e ALT<\/td>\n        <td data-label=\"Porque \u00e9 relevante no \u00e1lcool e na queda de cabelo\" style=\"background:#ffffff;color:#22303e;font-weight:400;text-align:left;vertical-align:top;padding:13px 16px;font-size:15px;line-height:1.55;border:0;border-bottom:1px solid #e3e8ef;overflow-wrap:break-word\">mostram a sobrecarga atual do f\u00edgado, que participa no metabolismo hormonal<\/td>\n        <td data-label=\"Ao que o m\u00e9dico presta aten\u00e7\u00e3o\" style=\"background:#ffffff;color:#22303e;font-weight:400;text-align:left;vertical-align:top;padding:13px 16px;font-size:15px;line-height:1.55;border:0;border-bottom:1px solid #e3e8ef;overflow-wrap:break-word\">a evolu\u00e7\u00e3o ao longo de v\u00e1rias medi\u00e7\u00f5es, e n\u00e3o um valor isolado<\/td>\n      <\/tr>\n      <tr>\n        <td data-label=\"Valor\" style=\"background:#f6f9fc;color:#003366;font-weight:700;text-align:left;vertical-align:top;padding:13px 16px;font-size:15px;line-height:1.55;border:0;overflow-wrap:break-word\">TSH e vitamina D<\/td>\n        <td data-label=\"Porque \u00e9 relevante no \u00e1lcool e na queda de cabelo\" style=\"background:#f6f9fc;color:#22303e;font-weight:400;text-align:left;vertical-align:top;padding:13px 16px;font-size:15px;line-height:1.55;border:0;overflow-wrap:break-word\">permitem excluir uma perturba\u00e7\u00e3o da tiroide e uma car\u00eancia acompanhante frequente como outras causas<\/td>\n        <td data-label=\"Ao que o m\u00e9dico presta aten\u00e7\u00e3o\" style=\"background:#f6f9fc;color:#22303e;font-weight:400;text-align:left;vertical-align:top;padding:13px 16px;font-size:15px;line-height:1.55;border:0;overflow-wrap:break-word\">fazer esta distin\u00e7\u00e3o antes de atribuir a queda ao \u00e1lcool<\/td>\n      <\/tr>\n    <\/tbody>\n  <\/table>\n<\/div>\n\n\n\n<p class=\"wp-block-paragraph\">Dois pontos tornam o resultado realmente \u00fatil. Primeiro, o momento da colheita: a GGT sobe j\u00e1 ap\u00f3s um consumo repetido, no espa\u00e7o de 4 a 5 dias, pelo que um valor logo a seguir ao fim de semana n\u00e3o descreve a sua situa\u00e7\u00e3o de base. Como regra pr\u00e1tica, faz sentido deixar passar pelo menos 24 horas entre o \u00faltimo copo e a colheita de sangue.<\/p>\n\n\n\n<p class=\"wp-block-paragraph\">Segundo, a ferritina: sendo uma prote\u00edna de fase aguda, pode surgir falsamente elevada em qualquer inflama\u00e7\u00e3o e mascarar uma verdadeira <a href=\"\/pt\/blog-sobre-implante-capilar\/deficiencia-de-ferro-queda-de-cabelo\/\">falta de ferro<\/a> , raz\u00e3o pela qual a PCR entra como valor de controlo. Um diagn\u00f3stico m\u00e9dico fundamentado \u00e9 a base de qualquer tratamento posterior na <strong>queda de cabelo devida ao \u00e1lcool<\/strong>. Ajuda a definir os passos adequados e a evitar poss\u00edveis danos futuros no cabelo e no couro cabeludo.<\/p>\n\n\n\n<h2 class=\"wp-block-heading\">A queda de cabelo devida ao \u00e1lcool \u00e9 revers\u00edvel?<\/h2>\n\n\n\n<p class=\"wp-block-paragraph\">Sim, por regra. Enquanto a queda for difusa e n\u00e3o se juntar outra causa, a parte associada ao \u00e1lcool \u00e9 revers\u00edvel: os fol\u00edculos n\u00e3o s\u00e3o destru\u00eddos, mas apenas empurrados prematuramente para a fase de repouso. Um efl\u00favio tel\u00f3geno recupera, segundo o StatPearls, normalmente de forma espont\u00e2nea at\u00e9 6 meses ap\u00f3s a elimina\u00e7\u00e3o do fator desencadeante, e a densidade total pode demorar 12 a 18 meses.<\/p>\n\n\n\n<h3 class=\"wp-block-heading\">O que recupera depois de deixar o \u00e1lcool<\/h3>\n\n\n\n<p class=\"wp-block-paragraph\">Depois de deixar o \u00e1lcool recuperam v\u00e1rios sistemas, mas n\u00e3o em simult\u00e2neo. Primeiro reagem o f\u00edgado e o sono: valores de GGT elevados normalizam-se em cerca de 2 a 5 semanas, e a arquitetura do sono estabiliza nas mesmas semanas, porque desaparece a supress\u00e3o do REM. Ambos s\u00e3o mensur\u00e1veis ou diretamente percet\u00edveis.<\/p>\n\n\n\n<p class=\"wp-block-paragraph\">S\u00f3 depois vem o cabelo. A taxa tel\u00f3gena normaliza-se quando as reservas de nutrientes voltam a estar preenchidas e o eixo hormonal est\u00e1 est\u00e1vel: o zinco e o \u00e1cido f\u00f3lico deixam de se perder em excesso pelo rim, e a absor\u00e7\u00e3o no intestino melhora. O que se pode medir s\u00e3o os valores anal\u00edticos. O que se v\u00ea \u00e9 a densidade capilar, e essa surge meses depois dos valores do laborat\u00f3rio.<\/p>\n\n\n\n<h3 class=\"wp-block-heading\">Quanto tempo demora? A cronologia depois de deixar o \u00e1lcool<\/h3>\n\n\n\n<p class=\"wp-block-paragraph\">O ciclo capilar define o limite m\u00ednimo: o que hoje acontece no fol\u00edculo s\u00f3 se v\u00ea no couro cabeludo 2 a 3 meses depois. Os primeiros cabelos novos surgem 3 a 6 meses ap\u00f3s deixar o \u00e1lcool, e um cabelo visivelmente mais denso s\u00f3 por volta dos 6 a 12 meses (StatPearls, Cleveland Clinic). Mais depressa n\u00e3o \u00e9 biologicamente poss\u00edvel.<\/p>\n\n\n\n<p class=\"wp-block-paragraph\">Fica assim respondida tamb\u00e9m a pergunta sobre o m\u00eas sem \u00e1lcool. Trinta dias sem \u00e1lcool alteram de forma mensur\u00e1vel os valores hep\u00e1ticos e o sono, mas ainda n\u00e3o a densidade capilar, porque s\u00f3 a fase de repouso dura 3 a 4 meses. Isto n\u00e3o \u00e9 uma conclus\u00e3o de estudos, mas uma dedu\u00e7\u00e3o a partir da dura\u00e7\u00e3o do ciclo: n\u00e3o existe um estudo dedicado ao m\u00eas sem \u00e1lcool e ao cabelo.<\/p>\n\n\n\n<style>\n@media (max-width:640px){\n.rt-table-wrap{overflow-x:visible!important;border:0!important;border-radius:0!important}\n.rt-table{min-width:0!important}\n.rt-table thead{display:none}\n.rt-table,.rt-table tbody,.rt-table tr,.rt-table td{display:block;width:100%}\n.rt-table caption{display:block;padding:0 0 12px!important}\n.rt-table tr{margin:0 0 12px;border:1px solid #dbe4f0;border-radius:10px;overflow:hidden}\n.rt-table tr:last-child{margin-bottom:0}\n.rt-table td{display:flex!important;flex-direction:column;gap:3px;padding:12px 14px!important;\nborder:0!important;border-bottom:1px solid #e3e8ef!important;background:#ffffff!important}\n.rt-table tr td:last-child{border-bottom:0!important}\n.rt-table td::before{content:attr(data-label);font-size:12px;font-weight:700;letter-spacing:.04em;\ntext-transform:uppercase;color:#5799F1}\n.rt-table td:not([data-label])::before,.rt-table td[data-label=\"\"]::before{display:none}\n}\n<\/style>\n<div class=\"rt-table-wrap\" style=\"overflow-x:auto;-webkit-overflow-scrolling:touch;margin:28px 0;border:1px solid #dbe4f0;border-radius:12px\">\n  <table class=\"rt-table\" style=\"width:100%;min-width:620px;table-layout:fixed;border-collapse:separate;border-spacing:0;font-size:15px;margin:0\">\n    <caption style=\"caption-side:top;text-align:left;color:#003366;font-weight:700;font-size:16px;line-height:1.35;padding:14px 16px 10px;background:#ffffff\">Cronologia depois de deixar o \u00e1lcool<\/caption>\n    <thead>\n      <tr>\n        <th style=\"width:22%;background:#003366;color:#ffffff;font-weight:700;text-align:left;vertical-align:middle;padding:13px 16px;font-size:15px;line-height:1.4;border:0;overflow-wrap:break-word\">Per\u00edodo<\/th>\n        <th style=\"background:#003366;color:#ffffff;font-weight:700;text-align:left;vertical-align:middle;padding:13px 16px;font-size:15px;line-height:1.4;border:0;overflow-wrap:break-word\">O que acontece no corpo<\/th>\n        <th style=\"background:#003366;color:#ffffff;font-weight:700;text-align:left;vertical-align:middle;padding:13px 16px;font-size:15px;line-height:1.4;border:0;overflow-wrap:break-word\">O que nota no cabelo<\/th>\n      <\/tr>\n    <\/thead>\n    <tbody>\n      <tr>\n        <td data-label=\"Per\u00edodo\" style=\"background:#ffffff;color:#003366;font-weight:700;text-align:left;vertical-align:top;padding:13px 16px;font-size:15px;line-height:1.55;border:0;border-bottom:1px solid #e3e8ef;overflow-wrap:break-word\">Semanas 1 a 4<\/td>\n        <td data-label=\"O que acontece no corpo\" style=\"background:#ffffff;color:#22303e;font-weight:400;text-align:left;vertical-align:top;padding:13px 16px;font-size:15px;line-height:1.55;border:0;border-bottom:1px solid #e3e8ef;overflow-wrap:break-word\">os valores hep\u00e1ticos elevados come\u00e7am a descer, a arquitetura do sono normaliza-se, o equil\u00edbrio h\u00eddrico estabiliza<\/td>\n        <td data-label=\"O que nota no cabelo\" style=\"background:#ffffff;color:#22303e;font-weight:400;text-align:left;vertical-align:top;padding:13px 16px;font-size:15px;line-height:1.55;border:0;border-bottom:1px solid #e3e8ef;overflow-wrap:break-word\">ainda sem altera\u00e7\u00f5es, e isso \u00e9 normal; o couro cabeludo sente-se muitas vezes menos seco<\/td>\n      <\/tr>\n      <tr>\n        <td data-label=\"Per\u00edodo\" style=\"background:#f6f9fc;color:#003366;font-weight:700;text-align:left;vertical-align:top;padding:13px 16px;font-size:15px;line-height:1.55;border:0;border-bottom:1px solid #e3e8ef;overflow-wrap:break-word\">Meses 2 a 3<\/td>\n        <td data-label=\"O que acontece no corpo\" style=\"background:#f6f9fc;color:#22303e;font-weight:400;text-align:left;vertical-align:top;padding:13px 16px;font-size:15px;line-height:1.55;border:0;border-bottom:1px solid #e3e8ef;overflow-wrap:break-word\">as reservas de nutrientes reconstituem-se com uma alimenta\u00e7\u00e3o equilibrada ou com suplementa\u00e7\u00e3o dirigida, os valores de GGT continuam a normalizar-se<\/td>\n        <td data-label=\"O que nota no cabelo\" style=\"background:#f6f9fc;color:#22303e;font-weight:400;text-align:left;vertical-align:top;padding:13px 16px;font-size:15px;line-height:1.55;border:0;border-bottom:1px solid #e3e8ef;overflow-wrap:break-word\">a queda acalma, menos cabelo ao lavar e ao escovar<\/td>\n      <\/tr>\n      <tr>\n        <td data-label=\"Per\u00edodo\" style=\"background:#ffffff;color:#003366;font-weight:700;text-align:left;vertical-align:top;padding:13px 16px;font-size:15px;line-height:1.55;border:0;border-bottom:1px solid #e3e8ef;overflow-wrap:break-word\">Meses 3 a 6<\/td>\n        <td data-label=\"O que acontece no corpo\" style=\"background:#ffffff;color:#22303e;font-weight:400;text-align:left;vertical-align:top;padding:13px 16px;font-size:15px;line-height:1.55;border:0;border-bottom:1px solid #e3e8ef;overflow-wrap:break-word\">os fol\u00edculos empurrados prematuramente para a fase de repouso voltam a entrar na fase de crescimento<\/td>\n        <td data-label=\"O que nota no cabelo\" style=\"background:#ffffff;color:#22303e;font-weight:400;text-align:left;vertical-align:top;padding:13px 16px;font-size:15px;line-height:1.55;border:0;border-bottom:1px solid #e3e8ef;overflow-wrap:break-word\">primeiros cabelos novos, curtos e finos, na risca e na linha da testa<\/td>\n      <\/tr>\n      <tr>\n        <td data-label=\"Per\u00edodo\" style=\"background:#f6f9fc;color:#003366;font-weight:700;text-align:left;vertical-align:top;padding:13px 16px;font-size:15px;line-height:1.55;border:0;border-bottom:1px solid #e3e8ef;overflow-wrap:break-word\">Meses 6 a 12<\/td>\n        <td data-label=\"O que acontece no corpo\" style=\"background:#f6f9fc;color:#22303e;font-weight:400;text-align:left;vertical-align:top;padding:13px 16px;font-size:15px;line-height:1.55;border:0;border-bottom:1px solid #e3e8ef;overflow-wrap:break-word\">a taxa tel\u00f3gena est\u00e1 normalizada, o cabelo novo ganha comprimento e di\u00e2metro<\/td>\n        <td data-label=\"O que nota no cabelo\" style=\"background:#f6f9fc;color:#22303e;font-weight:400;text-align:left;vertical-align:top;padding:13px 16px;font-size:15px;line-height:1.55;border:0;border-bottom:1px solid #e3e8ef;overflow-wrap:break-word\">cabelo visivelmente mais denso, a estrutura parece mais forte<\/td>\n      <\/tr>\n      <tr>\n        <td data-label=\"Per\u00edodo\" style=\"background:#ffffff;color:#003366;font-weight:700;text-align:left;vertical-align:top;padding:13px 16px;font-size:15px;line-height:1.55;border:0;overflow-wrap:break-word\">A partir do m\u00eas 12<\/td>\n        <td data-label=\"O que acontece no corpo\" style=\"background:#ffffff;color:#22303e;font-weight:400;text-align:left;vertical-align:top;padding:13px 16px;font-size:15px;line-height:1.55;border:0;overflow-wrap:break-word\">o ciclo capilar volta a decorrer normalmente<\/td>\n        <td data-label=\"O que nota no cabelo\" style=\"background:#ffffff;color:#22303e;font-weight:400;text-align:left;vertical-align:top;padding:13px 16px;font-size:15px;line-height:1.55;border:0;overflow-wrap:break-word\">a densidade total pode demorar at\u00e9 ao m\u00eas 18; se permanecer um padr\u00e3o, isso aponta para queda de cabelo heredit\u00e1ria<\/td>\n      <\/tr>\n    <\/tbody>\n  <\/table>\n<\/div>\n\n\n<div class=\"wp-block-image\">\n<figure class=\"aligncenter size-large is-resized\" style=\"max-width:560px;margin-left:auto;margin-right:auto\"><img decoding=\"async\" src=\"https:\/\/elithair.com\/pt\/wp-content\/uploads\/sites\/7\/2026\/08\/zeitachse_alkoholverzicht__pt.png\" alt=\"Cronologia depois de deixar o \u00e1lcool, com quatro etapas da semana 1 ao m\u00eas 12 e densidade capilar crescente\" class=\"wp-image-89980\" style=\"width:560px;max-width:100%;height:auto\"\/><\/figure>\n<\/div>\n\n\n<h3 class=\"wp-block-heading\">Quando n\u00e3o \u00e9 de esperar uma recupera\u00e7\u00e3o completa<\/h3>\n\n\n\n<p class=\"wp-block-paragraph\">Quatro situa\u00e7\u00f5es travam a recupera\u00e7\u00e3o. Primeiro, uma alop\u00e9cia androgen\u00e9tica sobreposta: a componente gen\u00e9tica continua a progredir independentemente da paragem do \u00e1lcool. Segundo, car\u00eancias de longa data, que demoram mais do que um ciclo capilar a ser repostas. Terceiro, doen\u00e7as associadas n\u00e3o tratadas do f\u00edgado ou da tiroide. Quarto, um consumo que se mant\u00e9m elevado.<\/p>\n\n\n\n<h2 class=\"wp-block-heading\">Tratamento da queda de cabelo associada ao \u00e1lcool<\/h2>\n\n\n\n<p class=\"wp-block-paragraph\">A medida mais importante na <strong>queda de cabelo associada ao \u00e1lcool<\/strong> \u00e9 a redu\u00e7\u00e3o ou o abandono completo do \u00e1lcool. A isso juntam-se duas outras partes: corrigir as car\u00eancias comprovadas e dar tempo ao ciclo capilar. Se o consumo de \u00e1lcool for limitado precocemente, o crescimento capilar pode, em muitos casos, voltar a recuperar.<\/p>\n\n\n\n<p class=\"wp-block-paragraph\">Como o corpo precisa de tempo para eliminar as subst\u00e2ncias nocivas e compensar os d\u00e9fices de nutrientes, a regenera\u00e7\u00e3o n\u00e3o acontece de imediato. Quem ao fim de quatro semanas n\u00e3o v\u00ea altera\u00e7\u00e3o nenhuma n\u00e3o est\u00e1 a fazer nada de errado, est\u00e1 apenas a ler corretamente a biologia.<\/p>\n\n\n\n<p class=\"wp-block-paragraph\">Os suplementos de nutrientes ajudam onde existe uma car\u00eancia comprovada, e n\u00e3o fora disso. Medir primeiro, suplementar depois vale aqui em especial, porque doses elevadas de oligoelementos isolados t\u00eam desvantagens pr\u00f3prias. Os champ\u00f4s n\u00e3o atuam sobre a causa: podem acalmar um couro cabeludo irritado, e pouco mais.<\/p>\n\n\n\n<p class=\"wp-block-paragraph\">Uma advert\u00eancia de seguran\u00e7a faz parte deste tema: quem bebeu muito durante anos n\u00e3o deve parar de forma abrupta por iniciativa pr\u00f3pria. Uma s\u00edndrome de abstin\u00eancia pode tornar-se fisicamente perigosa e exige acompanhamento m\u00e9dico. Os pontos de contacto s\u00e3o o m\u00e9dico de fam\u00edlia e as <a href=\"https:\/\/www.sns24.gov.pt\/tema\/dependencias\/\" target=\"_blank\" rel=\"noopener\">linhas de apoio do Servi\u00e7o Nacional de Sa\u00fade, como a Linha VIDA (SOS Droga, 1414)<\/a>.<\/p>\n\n\n\n<p class=\"wp-block-paragraph\">Se os fol\u00edculos capilares estiverem danificados de forma permanente ou tiverem morrido, deixa de ser poss\u00edvel um crescimento natural. Na parte associada ao \u00e1lcool, por\u00e9m, n\u00e3o \u00e9 esse o caso: os fol\u00edculos cicatrizados ou mortos pertencem a outros quadros cl\u00ednicos. Se, depois da paragem e com valores anal\u00edticos equilibrados, permanecer um padr\u00e3o nas entradas e no topo da cabe\u00e7a, est\u00e1 normalmente por baixo uma alop\u00e9cia androgen\u00e9tica, que segue o seu pr\u00f3prio curso.<\/p>\n\n\n\n<p class=\"wp-block-paragraph\">Nesses casos, um <a href=\"\/pt\/transplante-capilar\/\">transplante capilar<\/a> pode ser uma op\u00e7\u00e3o sensata. O pressuposto \u00e9, no entanto, uma situa\u00e7\u00e3o de sa\u00fade est\u00e1vel e um consumo controlado de \u00e1lcool, uma vez que este pode influenciar negativamente o processo de cicatriza\u00e7\u00e3o e o enraizamento dos cabelos transplantados. A parte associada ao \u00e1lcool n\u00e3o precisa, em si, de transplante, precisa de tempo.<\/p>\n\n\n\n<div style=\"border-left:4px solid #013366;background:#f6f9fc;border-radius:10px;padding:18px 20px;margin:28px 0\">\n<p style=\"margin:0 0 8px;color:#013366;font-weight:700;font-size:17px\">Enquadramento a partir da pr\u00e1tica<\/p>\n<p style=\"margin:0;color:#2e3033;font-size:16px;line-height:1.65\">Na an\u00e1lise capilar, o \u00e1lcool raramente \u00e9 a \u00fanica causa. Surge sobretudo como amplificador, ao lado de car\u00eancias de nutrientes, stress e predisposi\u00e7\u00e3o gen\u00e9tica. Por isso medimos primeiro e s\u00f3 depois decidimos se um tratamento \u00e9 sequer a resposta certa. Uma queda difusa que resulta de um fator que se pode eliminar n\u00e3o pertence ao bloco operat\u00f3rio, mas primeiro ao esclarecimento da causa.<\/p>\n<\/div>\n\n\n\n<h2 class=\"wp-block-heading\">\u00c1lcool antes e depois do transplante capilar<\/h2>\n\n\n\n<p class=\"wp-block-paragraph\">Antes de um transplante capilar, bem como na fase de cicatriza\u00e7\u00e3o que se segue, deve evitar-se o \u00e1lcool de forma rigorosa. S\u00f3 assim se criam condi\u00e7\u00f5es ideais para a regenera\u00e7\u00e3o do couro cabeludo e para um resultado duradouro. Nos primeiros dias ap\u00f3s a interven\u00e7\u00e3o, a abstin\u00eancia \u00e9 absoluta; depois disso, \u00e9 o plano de acompanhamento da sua cl\u00ednica que define o enquadramento. Deliberadamente, n\u00e3o indicamos um n\u00famero fixo de dias, porque a medica\u00e7\u00e3o e a evolu\u00e7\u00e3o da cicatriza\u00e7\u00e3o s\u00e3o individuais.<\/p>\n\n\n\n<p class=\"wp-block-paragraph\">H\u00e1 tr\u00eas raz\u00f5es por tr\u00e1s disto. O \u00e1lcool aumenta a tend\u00eancia para hemorragia e incha\u00e7o nas zonas dadora e recetora. Compromete a cicatriza\u00e7\u00e3o precisamente na fase em que os enxertos enra\u00edzam. E interage mal com os analg\u00e9sicos, antibi\u00f3ticos e corticoides prescritos.<\/p>\n\n\n\n<p class=\"wp-block-paragraph\">Para o per\u00edodo anterior \u00e0 interven\u00e7\u00e3o, a literatura cient\u00edfica d\u00e1 um argumento adicional: a revis\u00e3o Cochrane de Egholm e colegas (2018) mostra que programas intensivos de abstin\u00eancia alco\u00f3lica 4 a 8 semanas antes de uma cirurgia reduzem provavelmente as complica\u00e7\u00f5es p\u00f3s-operat\u00f3rias, entre elas infe\u00e7\u00f5es, perturba\u00e7\u00f5es da cicatriza\u00e7\u00e3o e epis\u00f3dios hemorr\u00e1gicos. Trata-se de evid\u00eancia cir\u00fargica geral e n\u00e3o de uma norma da Elithair.<\/p>\n\n\n\n<div style=\"border-left:4px solid #0079F1;background:#f6f9fc;border-radius:0 10px 10px 0;padding:14px 18px;margin:24px 0\">\n<p style=\"margin:0;color:#2e3033;font-size:15px;line-height:1.65\"><span style=\"color:#013366;font-weight:700\">\u2192 Dica de leitura:<\/span> O que vale em cada semana ap\u00f3s a opera\u00e7\u00e3o est\u00e1 descrito dia a dia no artigo sobre o <a href=\"\/pt\/blog-sobre-implante-capilar\/cuidados-apos-um-transplante-capilar\/\">comportamento ap\u00f3s o transplante capilar<\/a>. Para os fumadores vale uma l\u00f3gica semelhante, que pode ler em fumar ap\u00f3s o transplante capilar.<\/p>\n<\/div>\n\n\n\n<h2 class=\"wp-block-heading\">Preven\u00e7\u00e3o da queda de cabelo devida ao \u00e1lcool<\/h2>\n\n\n\n<p class=\"wp-block-paragraph\">A medida mais eficaz para prevenir a <strong>queda de cabelo devida ao \u00e1lcool<\/strong> \u00e9 um consumo consciente e moderado de \u00e1lcool ou a abstin\u00eancia completa. Sobretudo com cabelo j\u00e1 mais fino ou com queda de cabelo incipiente, o consumo de \u00e1lcool pode agravar adicionalmente a perda. Para isso n\u00e3o \u00e9 obrigat\u00f3ria a abstin\u00eancia, mas sim uma quantidade abaixo do limiar a partir do qual o equil\u00edbrio de nutrientes e o equil\u00edbrio hormonal se alteram.<\/p>\n\n\n\n<figure class=\"wp-block-image size-full\"><img decoding=\"async\" src=\"https:\/\/elithair.com\/pt\/wp-content\/uploads\/sites\/7\/2026\/08\/bestand_91567.png\" alt=\"Uma pessoa recusa uma bebida alco\u00f3lica que lhe \u00e9 oferecida\" class=\"wp-image-89983\"\/><\/figure>\n\n\n\n<p class=\"wp-block-paragraph\">Para prevenir a queda de cabelo associada ao \u00e1lcool, conv\u00e9m n\u00e3o sobrecarregar ainda mais o organismo. Al\u00e9m da redu\u00e7\u00e3o do consumo de \u00e1lcool, tamb\u00e9m uma alimenta\u00e7\u00e3o equilibrada desempenha um papel importante, porque um bom aporte de nutrientes apoia os fol\u00edculos capilares e estabiliza a sa\u00fade do cabelo a longo prazo.<\/p>\n\n\n\n<div style=\"margin:26px 0\">\n<p style=\"margin:0 0 14px;color:#013366;font-weight:700;font-size:18px\">Verifica\u00e7\u00e3o pr\u00e1tica: quatro \u00e2ncoras que funcionam no dia a dia<\/p>\n<div style=\"border:1px solid #e3e8ef;border-radius:10px;padding:16px;margin-bottom:12px;background:#ffffff\">\n<p style=\"margin:0 0 6px;color:#013366;font-weight:600;font-size:16px;line-height:1.45\"><span style=\"color:#0079F1;font-weight:700\">&#10003;<\/span> Planear dias fixos sem \u00e1lcool por semana<\/p>\n<p style=\"margin:0;color:#2e3033;font-size:15px;line-height:1.6\">Dias fixos s\u00e3o mais f\u00e1ceis de cumprir do que um vago \u00abbeber menos\u00bb. Marque de antem\u00e3o no calend\u00e1rio os dias da semana em que n\u00e3o bebe.<\/p>\n<\/div>\n<div style=\"border:1px solid #e3e8ef;border-radius:10px;padding:16px;margin-bottom:12px;background:#ffffff\">\n<p style=\"margin:0 0 6px;color:#013366;font-weight:600;font-size:16px;line-height:1.45\"><span style=\"color:#0079F1;font-weight:700\">&#10003;<\/span> Contar a quantidade em bebidas padr\u00e3o em vez de a estimar a olho<\/p>\n<p style=\"margin:0;color:#2e3033;font-size:15px;line-height:1.6\">1 bebida padr\u00e3o corresponde a 10 g de \u00e1lcool puro: uma cerveja, um copo de vinho de mesa, um aperitivo ou uma dose de bebida destilada cont\u00eam, cada um, aproximadamente essa quantidade. Quem contar durante uma semana conhece o seu n\u00famero e pode indic\u00e1-lo na consulta m\u00e9dica.<\/p>\n<\/div>\n<div style=\"border:1px solid #e3e8ef;border-radius:10px;padding:16px;margin-bottom:12px;background:#ffffff\">\n<p style=\"margin:0 0 6px;color:#013366;font-weight:600;font-size:16px;line-height:1.45\"><span style=\"color:#0079F1;font-weight:700\">&#10003;<\/span> Pensar tamb\u00e9m no aporte de nutrientes nos dias em que bebe<\/p>\n<p style=\"margin:0;color:#2e3033;font-size:15px;line-height:1.6\">O zinco, o \u00e1cido f\u00f3lico, as vitaminas do complexo B e o ferro s\u00e3o as vias de abastecimento que o \u00e1lcool ataca. Uma refei\u00e7\u00e3o equilibrada \u00e9 aqui mais eficaz do que uma c\u00e1psula sem diagn\u00f3stico.<\/p>\n<\/div>\n<div style=\"border:1px solid #e3e8ef;border-radius:10px;padding:16px;margin-bottom:12px;background:#ffffff\">\n<p style=\"margin:0 0 6px;color:#013366;font-weight:600;font-size:16px;line-height:1.45\"><span style=\"color:#0079F1;font-weight:700\">&#10003;<\/span> Com cabelo j\u00e1 fino, mandar fazer an\u00e1lises ao sangue<\/p>\n<p style=\"margin:0;color:#2e3033;font-size:15px;line-height:1.6\">A ferritina com a PCR, o zinco, o \u00e1cido f\u00f3lico, a vitamina B12 e os valores hep\u00e1ticos mostram se est\u00e1 em causa mais do que uma suspeita. O momento certo da colheita est\u00e1 na sec\u00e7\u00e3o sobre o diagn\u00f3stico.<\/p>\n<\/div>\n<\/div>\n\n\n\n<h2 class=\"wp-block-heading\">Conclus\u00e3o: o \u00e1lcool pode comprometer o crescimento do cabelo de v\u00e1rias formas<\/h2>\n\n\n\n<p class=\"wp-block-paragraph\"><strong>A queda de cabelo devida ao \u00e1lcool<\/strong> pode surgir quando o consumo regular ou excessivo de \u00e1lcool sobrecarrega o organismo a longo prazo. O \u00e1lcool compromete o abastecimento dos fol\u00edculos capilares com nutrientes importantes e pode influenciar processos hormonais que agravam adicionalmente uma perda de cabelo j\u00e1 existente. A isso juntam-se uma barreira do couro cabeludo mais seca e mais suscet\u00edvel a inflama\u00e7\u00f5es e um pior sono.<\/p>\n\n\n\n<p class=\"wp-block-paragraph\">A medida mais eficaz na queda de cabelo associada ao \u00e1lcool \u00e9 uma redu\u00e7\u00e3o clara ou o abandono completo do \u00e1lcool. Duas mensagens fazem parte disso: o consumo moderado n\u00e3o est\u00e1 comprovado como causa, e uma cerveja ao fim do dia n\u00e3o \u00e9 motivo para p\u00e2nico. E o consumo elevado mantido durante meses \u00e9 a zona em que os mecanismos descritos atuam.<\/p>\n\n\n\n<p class=\"wp-block-paragraph\">Se os fol\u00edculos capilares ainda estiverem intactos, o crescimento do cabelo pode, em muitos casos, voltar a estabilizar ap\u00f3s uma mudan\u00e7a de estilo de vida. O prazo para isso deve ser realista: primeiros cabelos novos ao fim de 3 a 6 meses, um cabelo mais denso s\u00f3 por volta dos 6 a 12 meses. Em caso de queixas persistentes ou de d\u00favidas, recomenda-se um esclarecimento m\u00e9dico, para tratar a causa de forma dirigida e evitar danos adicionais.<\/p>\n\n\n<div class=\"wp-block-image\">\n<figure class=\"aligncenter size-large is-resized\" style=\"max-width:720px;margin-left:auto;margin-right:auto\"><img decoding=\"async\" src=\"https:\/\/elithair.com\/pt\/wp-content\/uploads\/sites\/7\/2026\/08\/morgenlicht_spiegel.png\" alt=\"Homem no final dos trinta a observar a sua linha capilar ao espelho, \u00e0 luz da manh\u00e3\" class=\"wp-image-89981\" style=\"width:720px;max-width:100%;height:auto\"\/><\/figure>\n<\/div>\n\n\n<h2 class=\"wp-block-heading\">Perguntas frequentes sobre \u00e1lcool e queda de cabelo<\/h2>\n\n\n\n<div style=\"margin:26px 0\">\n<div style=\"border:1px solid #e3e8ef;border-radius:10px;padding:16px;margin-bottom:12px;background:#ffffff\">\n<p style=\"margin:0 0 6px;color:#013366;font-weight:600;font-size:17px;line-height:1.45\">Como \u00e9 que o \u00e1lcool influencia o equil\u00edbrio hormonal e leva \u00e0 queda de cabelo?<\/p>\n<p style=\"margin:0;color:#2e3033;font-size:15px;line-height:1.65\"><strong>Em dois planos, e os dois apontam em dire\u00e7\u00f5es diferentes.<\/strong> Uma dose baixa aumenta ligeiramente a testosterona no homem durante pouco tempo, em Sarkola e Eriksson (2003) de 13,5 para 16,0 nmol\/l, desaparecendo ao fim de 2 a 6 horas. No consumo cronicamente elevado com les\u00e3o hep\u00e1tica, o quadro inverte-se: mais atividade da aromatase, desloca\u00e7\u00e3o no sentido dos estrog\u00e9nios, testosterona a descer. A cadeia \u00ab\u00e1lcool, mais DHT, mais queda de cabelo\u00bb n\u00e3o est\u00e1 comprovada.<\/p>\n<\/div>\n<div style=\"border:1px solid #e3e8ef;border-radius:10px;padding:16px;margin-bottom:12px;background:#ffffff\">\n<p style=\"margin:0 0 6px;color:#013366;font-weight:600;font-size:17px;line-height:1.45\">Que papel desempenha a alimenta\u00e7\u00e3o na queda de cabelo associada ao \u00e1lcool?<\/p>\n<p style=\"margin:0;color:#2e3033;font-size:15px;line-height:1.65\"><strong>Um papel central, porque o \u00e1lcool ataca o abastecimento.<\/strong> O \u00e1lcool pode provocar car\u00eancias ao comprometer a absor\u00e7\u00e3o de nutrientes como vitaminas e minerais, necess\u00e1rios para um crescimento capilar saud\u00e1vel. Se estes faltarem durante meses, mais fol\u00edculos passam prematuramente \u00e0 fase de repouso. Quais os nutrientes de que o cabelo precisa, explica o artigo sobre <a href=\"\/pt\/blog-sobre-implante-capilar\/vitaminas-queda-de-cabelo\/\">vitaminas contra a queda de cabelo<\/a>.<\/p>\n<\/div>\n<div style=\"border:1px solid #e3e8ef;border-radius:10px;padding:16px;margin-bottom:12px;background:#ffffff\">\n<p style=\"margin:0 0 6px;color:#013366;font-weight:600;font-size:17px;line-height:1.45\">Existem nutrientes espec\u00edficos que s\u00e3o particularmente afetados pelo consumo de \u00e1lcool e causam queda de cabelo?<\/p>\n<p style=\"margin:0;color:#2e3033;font-size:15px;line-height:1.65\"><strong>Sim, sobretudo as vitaminas do complexo B, a vitamina C, o zinco e o ferro podem ficar reduzidos por um consumo excessivo de \u00e1lcool, o que pode levar \u00e0 queda de cabelo.<\/strong> Para o zinco est\u00e1 descrita uma menor absor\u00e7\u00e3o no intestino com, ao mesmo tempo, maior excre\u00e7\u00e3o pelo rim; no \u00e1cido f\u00f3lico juntam-se o intestino, o f\u00edgado e o rim como vias de perda. Isso s\u00f3 se pode demonstrar no sangue, n\u00e3o no cabelo.<\/p>\n<\/div>\n<div style=\"border:1px solid #e3e8ef;border-radius:10px;padding:16px;margin-bottom:12px;background:#ffffff\">\n<p style=\"margin:0 0 6px;color:#013366;font-weight:600;font-size:17px;line-height:1.45\">Como se pode reverter a queda de cabelo quando foi provocada pelo \u00e1lcool?<\/p>\n<p style=\"margin:0;color:#2e3033;font-size:15px;line-height:1.65\"><strong>Por regra, a parte associada ao \u00e1lcool \u00e9 revers\u00edvel.<\/strong> Uma <a href=\"https:\/\/alimentacaosaudavel.dgs.pt\/roda-dos-alimentos\/\" target=\"_blank\" rel=\"noopener\">alimenta\u00e7\u00e3o saud\u00e1vel<\/a>, uma ingest\u00e3o suficiente de l\u00edquidos e a abstin\u00eancia de \u00e1lcool podem ajudar a travar a queda de cabelo e a voltar a favorecer o crescimento. Os fol\u00edculos n\u00e3o est\u00e3o destru\u00eddos, apenas prematuramente na fase de repouso: um efl\u00favio tel\u00f3geno recupera, segundo o StatPearls, normalmente at\u00e9 6 meses, e a densidade total pode demorar 12 a 18 meses.<\/p>\n<\/div>\n<div style=\"border:1px solid #e3e8ef;border-radius:10px;padding:16px;margin-bottom:12px;background:#ffffff\">\n<p style=\"margin:0 0 6px;color:#013366;font-weight:600;font-size:17px;line-height:1.45\">H\u00e1 bebidas alco\u00f3licas mais prejudiciais para o cabelo do que outras?<\/p>\n<p style=\"margin:0;color:#2e3033;font-size:15px;line-height:1.65\"><strong>N\u00e3o, o que conta \u00e9 a quantidade de \u00e1lcool puro, n\u00e3o o tipo de bebida.<\/strong> As institui\u00e7\u00f5es de sa\u00fade e a OMS contam exclusivamente em gramas. Uma cerveja, um copo de vinho de mesa e uma dose de bebida destilada cont\u00eam, com cerca de 10 g, aproximadamente a mesma quantidade. Decisivo \u00e9 o total por semana, e n\u00e3o se no copo est\u00e1 cerveja, vinho ou aguardente.<\/p>\n<\/div>\n<div style=\"border:1px solid #e3e8ef;border-radius:10px;padding:16px;margin-bottom:12px;background:#ffffff\">\n<p style=\"margin:0 0 6px;color:#013366;font-weight:600;font-size:17px;line-height:1.45\">O consumo moderado de \u00e1lcool tamb\u00e9m pode levar \u00e0 queda de cabelo ou isso s\u00f3 acontece com consumo elevado?<\/p>\n<p style=\"margin:0;color:#2e3033;font-size:15px;line-height:1.65\"><strong>A rela\u00e7\u00e3o s\u00f3 est\u00e1 comprovada para o consumo cronicamente elevado.<\/strong> \u00c9 mais prov\u00e1vel que o consumo elevado e regular de \u00e1lcool seja uma causa de queda de cabelo, ainda que o consumo moderado possa teoricamente ter um papel em pessoas particularmente suscet\u00edveis. Nenhum estudo o comprova. Ainda assim, indique a quantidade na consulta m\u00e9dica, porque altera a interpreta\u00e7\u00e3o dos valores anal\u00edticos.<\/p>\n<\/div>\n<div style=\"border:1px solid #e3e8ef;border-radius:10px;padding:16px;margin-bottom:12px;background:#ffffff\">\n<p style=\"margin:0 0 6px;color:#013366;font-weight:600;font-size:17px;line-height:1.45\">Quanto tempo demora, depois de deixar o \u00e1lcool, at\u00e9 o cabelo melhorar?<\/p>\n<p style=\"margin:0;color:#2e3033;font-size:15px;line-height:1.65\"><strong>Primeiros cabelos novos ao fim de 3 a 6 meses, um cabelo visivelmente mais denso s\u00f3 por volta dos 6 a 12 meses.<\/strong> A raz\u00e3o \u00e9 o ciclo capilar: entre o que acontece no fol\u00edculo e o que se v\u00ea no couro cabeludo passam 2 a 3 meses. Mais depressa n\u00e3o \u00e9 biologicamente poss\u00edvel.<\/p>\n<\/div>\n<div style=\"border:1px solid #e3e8ef;border-radius:10px;padding:16px;margin-bottom:12px;background:#ffffff\">\n<p style=\"margin:0 0 6px;color:#013366;font-weight:600;font-size:17px;line-height:1.45\">Depois de parar com o \u00e1lcool cai primeiro mais cabelo?<\/p>\n<p style=\"margin:0;color:#2e3033;font-size:15px;line-height:1.65\"><strong>\u00c9 poss\u00edvel, mas para a paragem do \u00e1lcool n\u00e3o est\u00e1 comprovado.<\/strong> Numa s\u00edndrome de abstin\u00eancia atua o stress f\u00edsico, e o stress \u00e9 um desencadeador conhecido de efl\u00favio tel\u00f3geno; um surto desses seria passageiro. Quem bebeu muito durante anos deve fazer a paragem com acompanhamento m\u00e9dico.<\/p>\n<\/div>\n<div style=\"border:1px solid #e3e8ef;border-radius:10px;padding:16px;margin-bottom:12px;background:#ffffff\">\n<p style=\"margin:0 0 6px;color:#013366;font-weight:600;font-size:17px;line-height:1.45\">Um m\u00eas sem \u00e1lcool traz alguma coisa para o cabelo?<\/p>\n<p style=\"margin:0;color:#2e3033;font-size:15px;line-height:1.65\"><strong>Em parte: para o f\u00edgado e o sono sim, para a densidade capilar ainda n\u00e3o.<\/strong> Valores de GGT elevados normalizam-se ap\u00f3s a abstin\u00eancia em cerca de 2 a 5 semanas, ao passo que s\u00f3 a fase de repouso do cabelo dura 3 a 4 meses. Trinta dias s\u00e3o, assim, um ponto de situa\u00e7\u00e3o, n\u00e3o um resultado vis\u00edvel no cabelo.<\/p>\n<\/div>\n<div style=\"border:1px solid #e3e8ef;border-radius:10px;padding:16px;margin-bottom:12px;background:#ffffff\">\n<p style=\"margin:0 0 6px;color:#013366;font-weight:600;font-size:17px;line-height:1.45\">Durante quanto tempo devo evitar o \u00e1lcool antes e depois de um transplante capilar?<\/p>\n<p style=\"margin:0;color:#2e3033;font-size:15px;line-height:1.65\"><strong>Depois da interven\u00e7\u00e3o, nos primeiros dias totalmente; a seguir vale a indica\u00e7\u00e3o da sua cl\u00ednica.<\/strong> As raz\u00f5es s\u00e3o a tend\u00eancia para hemorragia, as intera\u00e7\u00f5es com analg\u00e9sicos e antibi\u00f3ticos e o efeito desidratante. Para o per\u00edodo anterior, a revis\u00e3o Cochrane (2018) mostra que a abstin\u00eancia 4 a 8 semanas antes de cirurgias reduz provavelmente as complica\u00e7\u00f5es.<\/p>\n<\/div>\n<div style=\"border:1px solid #e3e8ef;border-radius:10px;padding:16px;margin-bottom:12px;background:#ffffff\">\n<p style=\"margin:0 0 6px;color:#013366;font-weight:600;font-size:17px;line-height:1.45\">O \u00e1lcool provoca entradas ou cabelos brancos?<\/p>\n<p style=\"margin:0;color:#2e3033;font-size:15px;line-height:1.65\"><strong>N\u00e3o.<\/strong> As entradas s\u00e3o o padr\u00e3o da queda de cabelo heredit\u00e1ria; o \u00e1lcool pode torn\u00e1-lo mais vis\u00edvel, mas n\u00e3o \u00e9 considerado causa. Para o embranquecimento precoce est\u00e1 comprovado sobretudo o tabaco (Journal of the American Academy of Dermatology); para o \u00e1lcool isolado, a rela\u00e7\u00e3o \u00e9 bastante mais fraca e n\u00e3o est\u00e1 confirmada de forma compar\u00e1vel.<\/p>\n<\/div>\n<div style=\"border:1px solid #e3e8ef;border-radius:10px;padding:16px;margin-bottom:12px;background:#ffffff\">\n<p style=\"margin:0 0 6px;color:#013366;font-weight:600;font-size:17px;line-height:1.45\">O \u00e1lcool nos champ\u00f4s e nos produtos capilares (alcohol denat.) tamb\u00e9m \u00e9 um problema?<\/p>\n<p style=\"margin:0;color:#2e3033;font-size:15px;line-height:1.65\"><strong>N\u00e3o, esse \u00e9 outro mecanismo.<\/strong> O alcohol denat. \u00e9 um solvente que pode deixar o couro cabeludo seco e irritado, sem danificar a raiz do cabelo. Tamb\u00e9m as solu\u00e7\u00f5es de minoxidil cont\u00eam normalmente etanol ou propilenoglicol. O ardor e a descama\u00e7\u00e3o frequentes nesse contexto s\u00e3o muitas vezes interpretados erradamente como efeito do \u00e1lcool bebido.<\/p>\n<\/div>\n<div style=\"border:1px solid #e3e8ef;border-radius:10px;padding:16px;margin-bottom:12px;background:#ffffff\">\n<p style=\"margin:0 0 6px;color:#013366;font-weight:600;font-size:17px;line-height:1.45\">O \u00e1lcool agrava a caspa ou uma inflama\u00e7\u00e3o do couro cabeludo?<\/p>\n<p style=\"margin:0;color:#2e3033;font-size:15px;line-height:1.65\"><strong>Sim, sobre isso h\u00e1 dados.<\/strong> Num estudo publicado na Acta Dermato-Venereologica, o consumo regular de \u00e1lcool estava associado a um odds ratio de 10,2 para surtos de dermatite seborreica; na psor\u00edase verificou-se uma rela\u00e7\u00e3o entre a quantidade ingerida e a gravidade.<\/p>\n<\/div>\n<div style=\"border:1px solid #e3e8ef;border-radius:10px;padding:16px;margin-bottom:12px;background:#ffffff\">\n<p style=\"margin:0 0 6px;color:#013366;font-weight:600;font-size:17px;line-height:1.45\">Posso beber \u00e1lcool se tomar finasterida ou minoxidil?<\/p>\n<p style=\"margin:0;color:#2e3033;font-size:15px;line-height:1.65\"><strong>Isso pertence \u00e0 consulta m\u00e9dica, n\u00e3o h\u00e1 uma resposta geral.<\/strong> A finasterida \u00e9 metabolizada no f\u00edgado pelo CYP3A4 e est\u00e1 contraindicada em caso de fun\u00e7\u00e3o hep\u00e1tica comprometida. Para o minoxidil, o resumo das caracter\u00edsticas do medicamento refere tonturas, cansa\u00e7o e descida da tens\u00e3o arterial como poss\u00edvel consequ\u00eancia da combina\u00e7\u00e3o. Consulte al\u00e9m disso o folheto informativo.<\/p>\n<\/div>\n<\/div>\n\n\n<div class=\"wp-block-image\">\n<figure class=\"aligncenter size-large is-resized\" style=\"max-width:560px;margin-left:auto;margin-right:auto\"><img decoding=\"async\" src=\"https:\/\/elithair.com\/pt\/wp-content\/uploads\/sites\/7\/2026\/08\/follikel_ruhephase_wachstum.png\" alt=\"Ilustra\u00e7\u00e3o comparativa de um fol\u00edculo capilar na fase de repouso e do mesmo fol\u00edculo na fase de crescimento\" class=\"wp-image-89982\" style=\"width:560px;max-width:100%;height:auto\"\/><\/figure>\n<\/div>\n\n\n<div style=\"border:1px solid #e3e8ef;border-radius:10px;padding:18px 20px;margin:28px 0\">\n<p style=\"margin:0 0 10px;color:#013366;font-weight:700;font-size:17px\">Fontes<\/p>\n<ul style=\"margin:0;padding:0 0 0 18px;color:#2e3033;font-size:15px;line-height:1.7\">\n<li>OMS\/Europa: <a href=\"https:\/\/www.who.int\/europe\/news\/item\/04-01-2023-no-level-of-alcohol-consumption-is-safe-for-our-health\" target=\"_blank\" rel=\"noopener\">No level of alcohol consumption is safe for our health<\/a> (04.01.2023)<\/li>\n<li>Servi\u00e7o Nacional de Sa\u00fade (SNS 24): <a href=\"https:\/\/www.sns24.gov.pt\/tema\/dependencias\/consumo-de-alcool\/\" target=\"_blank\" rel=\"noopener\">Consumo de \u00e1lcool<\/a> e informa\u00e7\u00e3o de base sobre o consumo de \u00e1lcool (bebida padr\u00e3o, limites de consumo)<\/li>\n<li><a href=\"https:\/\/academic.oup.com\/alcalc\/article\/59\/6\/agae076\/7889297\" target=\"_blank\" rel=\"noopener\">Exploring the association between alcohol consumption and androgenic alopecia: a systematic review and meta-analysis<\/a>, Alcohol and Alcoholism 2024 (odds ratio de 1,40, n\u00e3o significativo)<\/li>\n<li><a href=\"https:\/\/link.springer.com\/article\/10.1186\/s12889-026-26258-y\" target=\"_blank\" rel=\"noopener\">Risk factors for androgenetic alopecia: a systematic review and meta-analysis<\/a>, BMC Public Health 2026 (odds ratio de 1,72)<\/li>\n<li><a href=\"https:\/\/www.ncbi.nlm.nih.gov\/books\/NBK430848\/\" target=\"_blank\" rel=\"noopener\">Telogen Effluvium<\/a>, StatPearls, NCBI Bookshelf (ciclo capilar, lat\u00eancia, dura\u00e7\u00e3o da recupera\u00e7\u00e3o)<\/li>\n<li><a href=\"https:\/\/pubmed.ncbi.nlm.nih.gov\/12711931\/\" target=\"_blank\" rel=\"noopener\">Sarkola T, Eriksson CJP: Testosterone increases in men after a low dose of alcohol<\/a>, Alcoholism: Clinical and Experimental Research 2003<\/li>\n<li><a href=\"https:\/\/www.medicaljournals.se\/acta\/content\/html\/10.2340\/00015555-3661\" target=\"_blank\" rel=\"noopener\">Risk Factors for Seborrhoeic Dermatitis Flares<\/a>, Acta Dermato-Venereologica (odds ratio de 10,2 no consumo regular de \u00e1lcool)<\/li>\n<li><a href=\"https:\/\/www.cochranelibrary.com\/cdsr\/doi\/10.1002\/14651858.CD008343.pub3\/full\" target=\"_blank\" rel=\"noopener\">Egholm JWM et al.: Perioperative alcohol cessation intervention for postoperative complications<\/a>, Cochrane Database of Systematic Reviews 2018<\/li>\n<li><a href=\"https:\/\/www.sns24.gov.pt\/tema\/dependencias\/\" target=\"_blank\" rel=\"noopener\">SNS 24: apoio nas depend\u00eancias, aconselhamento e grupos de autoajuda (Linha VIDA, SOS Droga: 1414)<\/a><\/li>\n<\/ul>\n<p style=\"margin:14px 0 0;color:#6b7683;font-size:14px;line-height:1.6\">Atualizado em agosto de 2026. Este artigo tem fins informativos e n\u00e3o substitui um diagn\u00f3stico nem um tratamento m\u00e9dico. Em caso de queda de cabelo persistente, de valores anal\u00edticos alterados ou de d\u00favidas sobre a redu\u00e7\u00e3o do consumo de \u00e1lcool, dirija-se ao seu m\u00e9dico de fam\u00edlia, a uma consulta de dermatologia ou a um servi\u00e7o de apoio nas depend\u00eancias.<\/p>\n<\/div>\n\n\n\n<script type=\"application\/ld+json\">\n{\n \"@context\": \"https:\/\/schema.org\",\n \"@type\": \"FAQPage\",\n \"mainEntity\": [\n  {\n   \"@type\": \"Question\",\n   \"name\": \"Como \u00e9 que o \u00e1lcool influencia o equil\u00edbrio hormonal e leva \u00e0 queda de cabelo?\",\n   \"acceptedAnswer\": {\n    \"@type\": \"Answer\",\n    \"text\": \"Em dois planos, e os dois apontam em dire\u00e7\u00f5es diferentes. Uma dose baixa aumenta ligeiramente a testosterona no homem durante pouco tempo, em Sarkola e Eriksson (2003) de 13,5 para 16,0 nmol\/l, desaparecendo ao fim de 2 a 6 horas. No consumo cronicamente elevado com les\u00e3o hep\u00e1tica, o quadro inverte-se: mais atividade da aromatase, desloca\u00e7\u00e3o no sentido dos estrog\u00e9nios, testosterona a descer. A cadeia \u00ab\u00e1lcool, mais DHT, mais queda de cabelo\u00bb n\u00e3o est\u00e1 comprovada.\"\n   }\n  },\n  {\n   \"@type\": \"Question\",\n   \"name\": \"Que papel desempenha a alimenta\u00e7\u00e3o na queda de cabelo associada ao \u00e1lcool?\",\n   \"acceptedAnswer\": {\n    \"@type\": \"Answer\",\n    \"text\": \"Um papel central, porque o \u00e1lcool ataca o abastecimento. O \u00e1lcool pode provocar car\u00eancias ao comprometer a absor\u00e7\u00e3o de nutrientes como vitaminas e minerais, necess\u00e1rios para um crescimento capilar saud\u00e1vel. Se estes faltarem durante meses, mais fol\u00edculos passam prematuramente \u00e0 fase de repouso. Quais os nutrientes de que o cabelo precisa, explica o artigo sobre vitaminas contra a queda de cabelo.\"\n   }\n  },\n  {\n   \"@type\": \"Question\",\n   \"name\": \"Existem nutrientes espec\u00edficos que s\u00e3o particularmente afetados pelo consumo de \u00e1lcool e causam queda de cabelo?\",\n   \"acceptedAnswer\": {\n    \"@type\": \"Answer\",\n    \"text\": \"Sim, sobretudo as vitaminas do complexo B, a vitamina C, o zinco e o ferro podem ficar reduzidos por um consumo excessivo de \u00e1lcool, o que pode levar \u00e0 queda de cabelo. Para o zinco est\u00e1 descrita uma menor absor\u00e7\u00e3o no intestino com, ao mesmo tempo, maior excre\u00e7\u00e3o pelo rim; no \u00e1cido f\u00f3lico juntam-se o intestino, o f\u00edgado e o rim como vias de perda. Isso s\u00f3 se pode demonstrar no sangue, n\u00e3o no cabelo.\"\n   }\n  },\n  {\n   \"@type\": \"Question\",\n   \"name\": \"Como se pode reverter a queda de cabelo quando foi provocada pelo \u00e1lcool?\",\n   \"acceptedAnswer\": {\n    \"@type\": \"Answer\",\n    \"text\": \"Por regra, a parte associada ao \u00e1lcool \u00e9 revers\u00edvel. Uma alimenta\u00e7\u00e3o saud\u00e1vel, uma ingest\u00e3o suficiente de l\u00edquidos e a abstin\u00eancia de \u00e1lcool podem ajudar a travar a queda de cabelo e a voltar a favorecer o crescimento. Os fol\u00edculos n\u00e3o est\u00e3o destru\u00eddos, apenas prematuramente na fase de repouso: um efl\u00favio tel\u00f3geno recupera, segundo o StatPearls, normalmente at\u00e9 6 meses, e a densidade total pode demorar 12 a 18 meses.\"\n   }\n  },\n  {\n   \"@type\": \"Question\",\n   \"name\": \"H\u00e1 bebidas alco\u00f3licas mais prejudiciais para o cabelo do que outras?\",\n   \"acceptedAnswer\": {\n    \"@type\": \"Answer\",\n    \"text\": \"N\u00e3o, o que conta \u00e9 a quantidade de \u00e1lcool puro, n\u00e3o o tipo de bebida. As institui\u00e7\u00f5es de sa\u00fade e a OMS contam exclusivamente em gramas. Uma cerveja, um copo de vinho de mesa e uma dose de bebida destilada cont\u00eam, com cerca de 10 g, aproximadamente a mesma quantidade. Decisivo \u00e9 o total por semana, e n\u00e3o se no copo est\u00e1 cerveja, vinho ou aguardente.\"\n   }\n  },\n  {\n   \"@type\": \"Question\",\n   \"name\": \"O consumo moderado de \u00e1lcool tamb\u00e9m pode levar \u00e0 queda de cabelo ou isso s\u00f3 acontece com consumo elevado?\",\n   \"acceptedAnswer\": {\n    \"@type\": \"Answer\",\n    \"text\": \"A rela\u00e7\u00e3o s\u00f3 est\u00e1 comprovada para o consumo cronicamente elevado. \u00c9 mais prov\u00e1vel que o consumo elevado e regular de \u00e1lcool seja uma causa de queda de cabelo, ainda que o consumo moderado possa teoricamente ter um papel em pessoas particularmente suscet\u00edveis. Nenhum estudo o comprova. Ainda assim, indique a quantidade na consulta m\u00e9dica, porque altera a interpreta\u00e7\u00e3o dos valores anal\u00edticos.\"\n   }\n  },\n  {\n   \"@type\": \"Question\",\n   \"name\": \"Quanto tempo demora, depois de deixar o \u00e1lcool, at\u00e9 o cabelo melhorar?\",\n   \"acceptedAnswer\": {\n    \"@type\": \"Answer\",\n    \"text\": \"Primeiros cabelos novos ao fim de 3 a 6 meses, um cabelo visivelmente mais denso s\u00f3 por volta dos 6 a 12 meses. A raz\u00e3o \u00e9 o ciclo capilar: entre o que acontece no fol\u00edculo e o que se v\u00ea no couro cabeludo passam 2 a 3 meses. Mais depressa n\u00e3o \u00e9 biologicamente poss\u00edvel.\"\n   }\n  },\n  {\n   \"@type\": \"Question\",\n   \"name\": \"Depois de parar com o \u00e1lcool cai primeiro mais cabelo?\",\n   \"acceptedAnswer\": {\n    \"@type\": \"Answer\",\n    \"text\": \"\u00c9 poss\u00edvel, mas para a paragem do \u00e1lcool n\u00e3o est\u00e1 comprovado. Numa s\u00edndrome de abstin\u00eancia atua o stress f\u00edsico, e o stress \u00e9 um desencadeador conhecido de efl\u00favio tel\u00f3geno; um surto desses seria passageiro. Quem bebeu muito durante anos deve fazer a paragem com acompanhamento m\u00e9dico.\"\n   }\n  },\n  {\n   \"@type\": \"Question\",\n   \"name\": \"Um m\u00eas sem \u00e1lcool traz alguma coisa para o cabelo?\",\n   \"acceptedAnswer\": {\n    \"@type\": \"Answer\",\n    \"text\": \"Em parte: para o f\u00edgado e o sono sim, para a densidade capilar ainda n\u00e3o. Valores de GGT elevados normalizam-se ap\u00f3s a abstin\u00eancia em cerca de 2 a 5 semanas, ao passo que s\u00f3 a fase de repouso do cabelo dura 3 a 4 meses. Trinta dias s\u00e3o, assim, um ponto de situa\u00e7\u00e3o, n\u00e3o um resultado vis\u00edvel no cabelo.\"\n   }\n  },\n  {\n   \"@type\": \"Question\",\n   \"name\": \"Durante quanto tempo devo evitar o \u00e1lcool antes e depois de um transplante capilar?\",\n   \"acceptedAnswer\": {\n    \"@type\": \"Answer\",\n    \"text\": \"Depois da interven\u00e7\u00e3o, nos primeiros dias totalmente; a seguir vale a indica\u00e7\u00e3o da sua cl\u00ednica. As raz\u00f5es s\u00e3o a tend\u00eancia para hemorragia, as intera\u00e7\u00f5es com analg\u00e9sicos e antibi\u00f3ticos e o efeito desidratante. Para o per\u00edodo anterior, a revis\u00e3o Cochrane (2018) mostra que a abstin\u00eancia 4 a 8 semanas antes de cirurgias reduz provavelmente as complica\u00e7\u00f5es.\"\n   }\n  },\n  {\n   \"@type\": \"Question\",\n   \"name\": \"O \u00e1lcool provoca entradas ou cabelos brancos?\",\n   \"acceptedAnswer\": {\n    \"@type\": \"Answer\",\n    \"text\": \"N\u00e3o. As entradas s\u00e3o o padr\u00e3o da queda de cabelo heredit\u00e1ria; o \u00e1lcool pode torn\u00e1-lo mais vis\u00edvel, mas n\u00e3o \u00e9 considerado causa. Para o embranquecimento precoce est\u00e1 comprovado sobretudo o tabaco (Journal of the American Academy of Dermatology); para o \u00e1lcool isolado, a rela\u00e7\u00e3o \u00e9 bastante mais fraca e n\u00e3o est\u00e1 confirmada de forma compar\u00e1vel.\"\n   }\n  },\n  {\n   \"@type\": \"Question\",\n   \"name\": \"O \u00e1lcool nos champ\u00f4s e nos produtos capilares (alcohol denat.) tamb\u00e9m \u00e9 um problema?\",\n   \"acceptedAnswer\": {\n    \"@type\": \"Answer\",\n    \"text\": \"N\u00e3o, esse \u00e9 outro mecanismo. O alcohol denat. \u00e9 um solvente que pode deixar o couro cabeludo seco e irritado, sem danificar a raiz do cabelo. Tamb\u00e9m as solu\u00e7\u00f5es de minoxidil cont\u00eam normalmente etanol ou propilenoglicol. O ardor e a descama\u00e7\u00e3o frequentes nesse contexto s\u00e3o muitas vezes interpretados erradamente como efeito do \u00e1lcool bebido.\"\n   }\n  },\n  {\n   \"@type\": \"Question\",\n   \"name\": \"O \u00e1lcool agrava a caspa ou uma inflama\u00e7\u00e3o do couro cabeludo?\",\n   \"acceptedAnswer\": {\n    \"@type\": \"Answer\",\n    \"text\": \"Sim, sobre isso h\u00e1 dados. Num estudo publicado na Acta Dermato-Venereologica, o consumo regular de \u00e1lcool estava associado a um odds ratio de 10,2 para surtos de dermatite seborreica; na psor\u00edase verificou-se uma rela\u00e7\u00e3o entre a quantidade ingerida e a gravidade.\"\n   }\n  },\n  {\n   \"@type\": \"Question\",\n   \"name\": \"Posso beber \u00e1lcool se tomar finasterida ou minoxidil?\",\n   \"acceptedAnswer\": {\n    \"@type\": \"Answer\",\n    \"text\": \"Isso pertence \u00e0 consulta m\u00e9dica, n\u00e3o h\u00e1 uma resposta geral. A finasterida \u00e9 metabolizada no f\u00edgado pelo CYP3A4 e est\u00e1 contraindicada em caso de fun\u00e7\u00e3o hep\u00e1tica comprometida. Para o minoxidil, o resumo das caracter\u00edsticas do medicamento refere tonturas, cansa\u00e7o e descida da tens\u00e3o arterial como poss\u00edvel consequ\u00eancia da combina\u00e7\u00e3o. Consulte al\u00e9m disso o folheto informativo.\"\n   }\n  }\n ]\n}\n<\/script>\n\n","protected":false},"excerpt":{"rendered":"<p>Mais cabelo no ralo do duche e, algures na cabe\u00e7a, a pergunta se a cerveja ao fim do dia ter\u00e1 culpa: \u00e9 neste ponto que a maioria das pessoas procura a rela\u00e7\u00e3o entre o \u00e1lcool e a queda de cabelo. A resposta honesta tem duas partes. O consumo moderado n\u00e3o est\u00e1 comprovado como causa, e [&hellip;]<\/p>\n","protected":false},"author":10,"featured_media":89723,"comment_status":"closed","ping_status":"closed","sticky":false,"template":"","format":"standard","meta":{"_acf_changed":false,"_yoast_wpseo_meta-robots-noindex":"","_yoast_wpseo_meta-robots-nofollow":"","_yoast_wpseo_meta-robots-adv":"","_yoast_wpseo_canonical":"https:\/\/elithair.com\/pt\/blog-sobre-implante-capilar\/queda-de-cabelo-alcool\/","_yoast_wpseo_opengraph-title":"","_yoast_wpseo_opengraph-description":"","_yoast_wpseo_opengraph-image":"","_yoast_wpseo_twitter-title":"","_yoast_wpseo_twitter-description":"","_yoast_wpseo_twitter-image":"","_hm_hreflang_map":{"de":56996,"en":96957,"es":91873,"fr":101239,"it":107658,"pt":89718,"tr":83300,"uk":96343,"x_default":96957},"_hm_language_code":"pt","footnotes":""},"categories":[9],"tags":[],"class_list":["post-89718","post","type-post","status-publish","format-standard","has-post-thumbnail","hentry","category-queda-de-cabelo-blog"],"acf":[],"yoast_head":"<!-- This site is optimized with the Yoast SEO Premium plugin v28.3 (Yoast SEO v28.3) - https:\/\/yoast.com\/product\/yoast-seo-premium-wordpress\/ -->\n<title>\u00c1lcool e queda de cabelo: quanto \u00e9 que faz mesmo mal e a queda \u00e9 revers\u00edvel?<\/title>\n<meta name=\"description\" content=\"\u00c1lcool e queda de cabelo: o consumo moderado n\u00e3o est\u00e1 comprovado como causa. O que muda com o consumo elevado e quanto tempo demora a recupera\u00e7\u00e3o.\" \/>\n<meta name=\"robots\" content=\"index, follow, max-snippet:-1, max-image-preview:large, max-video-preview:-1\" \/>\n<link rel=\"canonical\" href=\"https:\/\/elithair.com\/pt\/blog-sobre-implante-capilar\/queda-de-cabelo-alcool\/\" \/>\n<meta property=\"og:locale\" content=\"pt_PT\" \/>\n<meta property=\"og:type\" content=\"article\" \/>\n<meta property=\"og:title\" content=\"\u00c1lcool e queda de cabelo: quanto \u00e9 que faz mesmo mal e \u00e9 revers\u00edvel?\" \/>\n<meta property=\"og:description\" content=\"\u00c1lcool e queda de cabelo: o consumo moderado n\u00e3o est\u00e1 comprovado como causa. O que muda com o consumo elevado e quanto tempo demora a recupera\u00e7\u00e3o.\" \/>\n<meta property=\"og:url\" content=\"https:\/\/elithair.com\/pt\/blog-sobre-implante-capilar\/queda-de-cabelo-alcool\/\" \/>\n<meta property=\"og:site_name\" content=\"Elithair\" \/>\n<meta property=\"article:publisher\" content=\"https:\/\/www.facebook.com\/Dr.Abdulaziz.Balwi.Hair.Transplant\" \/>\n<meta property=\"article:published_time\" content=\"2026-08-29T21:54:11+00:00\" \/>\n<meta property=\"og:image\" content=\"https:\/\/elithair.com\/pt\/wp-content\/uploads\/sites\/7\/2026\/08\/follikel_versorgung.png\" \/>\n<meta name=\"author\" content=\"Dr. Imad Moustafa\" \/>\n<meta name=\"twitter:card\" content=\"summary_large_image\" \/>\n<meta name=\"twitter:label1\" content=\"Escrito por\" \/>\n\t<meta name=\"twitter:data1\" content=\"Dr. Imad Moustafa\" \/>\n\t<meta name=\"twitter:label2\" content=\"Tempo estimado de leitura\" \/>\n\t<meta name=\"twitter:data2\" content=\"38 minutos\" \/>\n<script type=\"application\/ld+json\" class=\"yoast-schema-graph\">{\"@context\":\"https:\\\/\\\/schema.org\",\"@graph\":[{\"@type\":\"Article\",\"@id\":\"https:\\\/\\\/elithair.com\\\/pt\\\/blog-sobre-implante-capilar\\\/queda-de-cabelo-alcool\\\/#article\",\"isPartOf\":{\"@id\":\"https:\\\/\\\/elithair.com\\\/pt\\\/blog-sobre-implante-capilar\\\/queda-de-cabelo-alcool\\\/\"},\"author\":{\"name\":\"Dr. Imad Moustafa\",\"@id\":\"https:\\\/\\\/elithair.com\\\/pt\\\/#\\\/schema\\\/person\\\/11ce37e83a6343e4c37edcd4b5498e41\"},\"headline\":\"\u00c1lcool e queda de cabelo: quanto \u00e9 que faz mesmo mal e \u00e9 revers\u00edvel?\",\"datePublished\":\"2026-08-29T21:54:11+00:00\",\"mainEntityOfPage\":{\"@id\":\"https:\\\/\\\/elithair.com\\\/pt\\\/blog-sobre-implante-capilar\\\/queda-de-cabelo-alcool\\\/\"},\"wordCount\":7555,\"publisher\":{\"@id\":\"https:\\\/\\\/elithair.com\\\/pt\\\/#organization\"},\"image\":{\"@id\":\"https:\\\/\\\/elithair.com\\\/pt\\\/blog-sobre-implante-capilar\\\/queda-de-cabelo-alcool\\\/#primaryimage\"},\"thumbnailUrl\":\"https:\\\/\\\/elithair.com\\\/pt\\\/wp-content\\\/uploads\\\/sites\\\/7\\\/2026\\\/08\\\/hero-10.png\",\"articleSection\":[\"Queda de Cabelo\"],\"inLanguage\":\"pt-PT\"},{\"@type\":\"WebPage\",\"@id\":\"https:\\\/\\\/elithair.com\\\/pt\\\/blog-sobre-implante-capilar\\\/queda-de-cabelo-alcool\\\/\",\"url\":\"https:\\\/\\\/elithair.com\\\/pt\\\/blog-sobre-implante-capilar\\\/queda-de-cabelo-alcool\\\/\",\"name\":\"\u00c1lcool e queda de cabelo: quanto \u00e9 que faz mesmo mal e a queda \u00e9 revers\u00edvel?\",\"isPartOf\":{\"@id\":\"https:\\\/\\\/elithair.com\\\/pt\\\/#website\"},\"primaryImageOfPage\":{\"@id\":\"https:\\\/\\\/elithair.com\\\/pt\\\/blog-sobre-implante-capilar\\\/queda-de-cabelo-alcool\\\/#primaryimage\"},\"image\":{\"@id\":\"https:\\\/\\\/elithair.com\\\/pt\\\/blog-sobre-implante-capilar\\\/queda-de-cabelo-alcool\\\/#primaryimage\"},\"thumbnailUrl\":\"https:\\\/\\\/elithair.com\\\/pt\\\/wp-content\\\/uploads\\\/sites\\\/7\\\/2026\\\/08\\\/hero-10.png\",\"datePublished\":\"2026-08-29T21:54:11+00:00\",\"description\":\"\u00c1lcool e queda de cabelo: o consumo moderado n\u00e3o est\u00e1 comprovado como causa. O que muda com o consumo elevado e quanto tempo demora a recupera\u00e7\u00e3o.\",\"breadcrumb\":{\"@id\":\"https:\\\/\\\/elithair.com\\\/pt\\\/blog-sobre-implante-capilar\\\/queda-de-cabelo-alcool\\\/#breadcrumb\"},\"inLanguage\":\"pt-PT\",\"potentialAction\":[{\"@type\":\"ReadAction\",\"target\":[\"https:\\\/\\\/elithair.com\\\/pt\\\/blog-sobre-implante-capilar\\\/queda-de-cabelo-alcool\\\/\"]}]},{\"@type\":\"ImageObject\",\"inLanguage\":\"pt-PT\",\"@id\":\"https:\\\/\\\/elithair.com\\\/pt\\\/blog-sobre-implante-capilar\\\/queda-de-cabelo-alcool\\\/#primaryimage\",\"url\":\"https:\\\/\\\/elithair.com\\\/pt\\\/wp-content\\\/uploads\\\/sites\\\/7\\\/2026\\\/08\\\/hero-10.png\",\"contentUrl\":\"https:\\\/\\\/elithair.com\\\/pt\\\/wp-content\\\/uploads\\\/sites\\\/7\\\/2026\\\/08\\\/hero-10.png\",\"width\":1536,\"height\":1024,\"caption\":\"Halb leeres Weinglas auf einem Holztisch, im unscharfen Hintergrund ein nachdenklicher Mann, der sich durch die Haare f\u00e4hrt\"},{\"@type\":\"BreadcrumbList\",\"@id\":\"https:\\\/\\\/elithair.com\\\/pt\\\/blog-sobre-implante-capilar\\\/queda-de-cabelo-alcool\\\/#breadcrumb\",\"itemListElement\":[{\"@type\":\"ListItem\",\"position\":1,\"name\":\"Home\",\"item\":\"https:\\\/\\\/elithair.com\\\/pt\\\/\"},{\"@type\":\"ListItem\",\"position\":2,\"name\":\"\u00c1lcool e queda de cabelo: quanto \u00e9 que faz mesmo mal e \u00e9 revers\u00edvel?\"}]},{\"@type\":\"WebSite\",\"@id\":\"https:\\\/\\\/elithair.com\\\/pt\\\/#website\",\"url\":\"https:\\\/\\\/elithair.com\\\/pt\\\/\",\"name\":\"Elithair\",\"description\":\"\",\"publisher\":{\"@id\":\"https:\\\/\\\/elithair.com\\\/pt\\\/#organization\"},\"alternateName\":\"a melhor cl\u00ednica de transplante capilar na Turquia\",\"potentialAction\":[{\"@type\":\"SearchAction\",\"target\":{\"@type\":\"EntryPoint\",\"urlTemplate\":\"https:\\\/\\\/elithair.com\\\/pt\\\/?s={search_term_string}\"},\"query-input\":{\"@type\":\"PropertyValueSpecification\",\"valueRequired\":true,\"valueName\":\"search_term_string\"}}],\"inLanguage\":\"pt-PT\"},{\"@type\":\"Organization\",\"@id\":\"https:\\\/\\\/elithair.com\\\/pt\\\/#organization\",\"name\":\"Elithair\",\"url\":\"https:\\\/\\\/elithair.com\\\/pt\\\/\",\"logo\":{\"@type\":\"ImageObject\",\"inLanguage\":\"pt-PT\",\"@id\":\"https:\\\/\\\/elithair.com\\\/pt\\\/#\\\/schema\\\/logo\\\/image\\\/\",\"url\":\"https:\\\/\\\/elithair.com\\\/pt\\\/wp-content\\\/uploads\\\/sites\\\/7\\\/2026\\\/04\\\/elithair-logo-primary.svg\",\"contentUrl\":\"https:\\\/\\\/elithair.com\\\/pt\\\/wp-content\\\/uploads\\\/sites\\\/7\\\/2026\\\/04\\\/elithair-logo-primary.svg\",\"width\":1,\"height\":1,\"caption\":\"Elithair\"},\"image\":{\"@id\":\"https:\\\/\\\/elithair.com\\\/pt\\\/#\\\/schema\\\/logo\\\/image\\\/\"},\"sameAs\":[\"https:\\\/\\\/www.facebook.com\\\/Dr.Abdulaziz.Balwi.Hair.Transplant\",\"https:\\\/\\\/www.instagram.com\\\/elithairtransplant_pt\",\"https:\\\/\\\/www.tiktok.com\\\/@elithair.global\",\"https:\\\/\\\/www.youtube.com\\\/@transplantecapilar-elithai4428\"]},{\"@type\":\"Person\",\"@id\":\"https:\\\/\\\/elithair.com\\\/pt\\\/#\\\/schema\\\/person\\\/11ce37e83a6343e4c37edcd4b5498e41\",\"name\":\"Dr. Imad Moustafa\",\"image\":{\"@type\":\"ImageObject\",\"inLanguage\":\"pt-PT\",\"@id\":\"https:\\\/\\\/secure.gravatar.com\\\/avatar\\\/9190499f6f3008cd7da57b179f07bfea4b4e382c816ba3e0de68db0b5a70c07d?s=96&d=mm&r=g\",\"url\":\"https:\\\/\\\/secure.gravatar.com\\\/avatar\\\/9190499f6f3008cd7da57b179f07bfea4b4e382c816ba3e0de68db0b5a70c07d?s=96&d=mm&r=g\",\"contentUrl\":\"https:\\\/\\\/secure.gravatar.com\\\/avatar\\\/9190499f6f3008cd7da57b179f07bfea4b4e382c816ba3e0de68db0b5a70c07d?s=96&d=mm&r=g\",\"caption\":\"Dr. Imad Moustafa\"}}]}<\/script>\n<!-- \/ Yoast SEO Premium plugin. -->","yoast_head_json":{"title":"\u00c1lcool e queda de cabelo: quanto \u00e9 que faz mesmo mal e a queda \u00e9 revers\u00edvel?","description":"\u00c1lcool e queda de cabelo: o consumo moderado n\u00e3o est\u00e1 comprovado como causa. O que muda com o consumo elevado e quanto tempo demora a recupera\u00e7\u00e3o.","robots":{"index":"index","follow":"follow","max-snippet":"max-snippet:-1","max-image-preview":"max-image-preview:large","max-video-preview":"max-video-preview:-1"},"canonical":"https:\/\/elithair.com\/pt\/blog-sobre-implante-capilar\/queda-de-cabelo-alcool\/","og_locale":"pt_PT","og_type":"article","og_title":"\u00c1lcool e queda de cabelo: quanto \u00e9 que faz mesmo mal e \u00e9 revers\u00edvel?","og_description":"\u00c1lcool e queda de cabelo: o consumo moderado n\u00e3o est\u00e1 comprovado como causa. O que muda com o consumo elevado e quanto tempo demora a recupera\u00e7\u00e3o.","og_url":"https:\/\/elithair.com\/pt\/blog-sobre-implante-capilar\/queda-de-cabelo-alcool\/","og_site_name":"Elithair","article_publisher":"https:\/\/www.facebook.com\/Dr.Abdulaziz.Balwi.Hair.Transplant","article_published_time":"2026-08-29T21:54:11+00:00","og_image":[{"url":"https:\/\/elithair.com\/pt\/wp-content\/uploads\/sites\/7\/2026\/08\/follikel_versorgung.png","type":"","width":"","height":""}],"author":"Dr. Imad Moustafa","twitter_card":"summary_large_image","twitter_misc":{"Escrito por":"Dr. Imad Moustafa","Tempo estimado de leitura":"38 minutos"},"schema":{"@context":"https:\/\/schema.org","@graph":[{"@type":"Article","@id":"https:\/\/elithair.com\/pt\/blog-sobre-implante-capilar\/queda-de-cabelo-alcool\/#article","isPartOf":{"@id":"https:\/\/elithair.com\/pt\/blog-sobre-implante-capilar\/queda-de-cabelo-alcool\/"},"author":{"name":"Dr. Imad Moustafa","@id":"https:\/\/elithair.com\/pt\/#\/schema\/person\/11ce37e83a6343e4c37edcd4b5498e41"},"headline":"\u00c1lcool e queda de cabelo: quanto \u00e9 que faz mesmo mal e \u00e9 revers\u00edvel?","datePublished":"2026-08-29T21:54:11+00:00","mainEntityOfPage":{"@id":"https:\/\/elithair.com\/pt\/blog-sobre-implante-capilar\/queda-de-cabelo-alcool\/"},"wordCount":7555,"publisher":{"@id":"https:\/\/elithair.com\/pt\/#organization"},"image":{"@id":"https:\/\/elithair.com\/pt\/blog-sobre-implante-capilar\/queda-de-cabelo-alcool\/#primaryimage"},"thumbnailUrl":"https:\/\/elithair.com\/pt\/wp-content\/uploads\/sites\/7\/2026\/08\/hero-10.png","articleSection":["Queda de Cabelo"],"inLanguage":"pt-PT"},{"@type":"WebPage","@id":"https:\/\/elithair.com\/pt\/blog-sobre-implante-capilar\/queda-de-cabelo-alcool\/","url":"https:\/\/elithair.com\/pt\/blog-sobre-implante-capilar\/queda-de-cabelo-alcool\/","name":"\u00c1lcool e queda de cabelo: quanto \u00e9 que faz mesmo mal e a queda \u00e9 revers\u00edvel?","isPartOf":{"@id":"https:\/\/elithair.com\/pt\/#website"},"primaryImageOfPage":{"@id":"https:\/\/elithair.com\/pt\/blog-sobre-implante-capilar\/queda-de-cabelo-alcool\/#primaryimage"},"image":{"@id":"https:\/\/elithair.com\/pt\/blog-sobre-implante-capilar\/queda-de-cabelo-alcool\/#primaryimage"},"thumbnailUrl":"https:\/\/elithair.com\/pt\/wp-content\/uploads\/sites\/7\/2026\/08\/hero-10.png","datePublished":"2026-08-29T21:54:11+00:00","description":"\u00c1lcool e queda de cabelo: o consumo moderado n\u00e3o est\u00e1 comprovado como causa. O que muda com o consumo elevado e quanto tempo demora a recupera\u00e7\u00e3o.","breadcrumb":{"@id":"https:\/\/elithair.com\/pt\/blog-sobre-implante-capilar\/queda-de-cabelo-alcool\/#breadcrumb"},"inLanguage":"pt-PT","potentialAction":[{"@type":"ReadAction","target":["https:\/\/elithair.com\/pt\/blog-sobre-implante-capilar\/queda-de-cabelo-alcool\/"]}]},{"@type":"ImageObject","inLanguage":"pt-PT","@id":"https:\/\/elithair.com\/pt\/blog-sobre-implante-capilar\/queda-de-cabelo-alcool\/#primaryimage","url":"https:\/\/elithair.com\/pt\/wp-content\/uploads\/sites\/7\/2026\/08\/hero-10.png","contentUrl":"https:\/\/elithair.com\/pt\/wp-content\/uploads\/sites\/7\/2026\/08\/hero-10.png","width":1536,"height":1024,"caption":"Halb leeres Weinglas auf einem Holztisch, im unscharfen Hintergrund ein nachdenklicher Mann, der sich durch die Haare f\u00e4hrt"},{"@type":"BreadcrumbList","@id":"https:\/\/elithair.com\/pt\/blog-sobre-implante-capilar\/queda-de-cabelo-alcool\/#breadcrumb","itemListElement":[{"@type":"ListItem","position":1,"name":"Home","item":"https:\/\/elithair.com\/pt\/"},{"@type":"ListItem","position":2,"name":"\u00c1lcool e queda de cabelo: quanto \u00e9 que faz mesmo mal e \u00e9 revers\u00edvel?"}]},{"@type":"WebSite","@id":"https:\/\/elithair.com\/pt\/#website","url":"https:\/\/elithair.com\/pt\/","name":"Elithair","description":"","publisher":{"@id":"https:\/\/elithair.com\/pt\/#organization"},"alternateName":"a melhor cl\u00ednica de transplante capilar na Turquia","potentialAction":[{"@type":"SearchAction","target":{"@type":"EntryPoint","urlTemplate":"https:\/\/elithair.com\/pt\/?s={search_term_string}"},"query-input":{"@type":"PropertyValueSpecification","valueRequired":true,"valueName":"search_term_string"}}],"inLanguage":"pt-PT"},{"@type":"Organization","@id":"https:\/\/elithair.com\/pt\/#organization","name":"Elithair","url":"https:\/\/elithair.com\/pt\/","logo":{"@type":"ImageObject","inLanguage":"pt-PT","@id":"https:\/\/elithair.com\/pt\/#\/schema\/logo\/image\/","url":"https:\/\/elithair.com\/pt\/wp-content\/uploads\/sites\/7\/2026\/04\/elithair-logo-primary.svg","contentUrl":"https:\/\/elithair.com\/pt\/wp-content\/uploads\/sites\/7\/2026\/04\/elithair-logo-primary.svg","width":1,"height":1,"caption":"Elithair"},"image":{"@id":"https:\/\/elithair.com\/pt\/#\/schema\/logo\/image\/"},"sameAs":["https:\/\/www.facebook.com\/Dr.Abdulaziz.Balwi.Hair.Transplant","https:\/\/www.instagram.com\/elithairtransplant_pt","https:\/\/www.tiktok.com\/@elithair.global","https:\/\/www.youtube.com\/@transplantecapilar-elithai4428"]},{"@type":"Person","@id":"https:\/\/elithair.com\/pt\/#\/schema\/person\/11ce37e83a6343e4c37edcd4b5498e41","name":"Dr. Imad Moustafa","image":{"@type":"ImageObject","inLanguage":"pt-PT","@id":"https:\/\/secure.gravatar.com\/avatar\/9190499f6f3008cd7da57b179f07bfea4b4e382c816ba3e0de68db0b5a70c07d?s=96&d=mm&r=g","url":"https:\/\/secure.gravatar.com\/avatar\/9190499f6f3008cd7da57b179f07bfea4b4e382c816ba3e0de68db0b5a70c07d?s=96&d=mm&r=g","contentUrl":"https:\/\/secure.gravatar.com\/avatar\/9190499f6f3008cd7da57b179f07bfea4b4e382c816ba3e0de68db0b5a70c07d?s=96&d=mm&r=g","caption":"Dr. Imad Moustafa"}}]}},"_links":{"self":[{"href":"https:\/\/elithair.com\/pt\/wp-json\/wp\/v2\/posts\/89718","targetHints":{"allow":["GET"]}}],"collection":[{"href":"https:\/\/elithair.com\/pt\/wp-json\/wp\/v2\/posts"}],"about":[{"href":"https:\/\/elithair.com\/pt\/wp-json\/wp\/v2\/types\/post"}],"author":[{"embeddable":true,"href":"https:\/\/elithair.com\/pt\/wp-json\/wp\/v2\/users\/10"}],"replies":[{"embeddable":true,"href":"https:\/\/elithair.com\/pt\/wp-json\/wp\/v2\/comments?post=89718"}],"version-history":[{"count":0,"href":"https:\/\/elithair.com\/pt\/wp-json\/wp\/v2\/posts\/89718\/revisions"}],"wp:featuredmedia":[{"embeddable":true,"href":"https:\/\/elithair.com\/pt\/wp-json\/wp\/v2\/media\/89723"}],"wp:attachment":[{"href":"https:\/\/elithair.com\/pt\/wp-json\/wp\/v2\/media?parent=89718"}],"wp:term":[{"taxonomy":"category","embeddable":true,"href":"https:\/\/elithair.com\/pt\/wp-json\/wp\/v2\/categories?post=89718"},{"taxonomy":"post_tag","embeddable":true,"href":"https:\/\/elithair.com\/pt\/wp-json\/wp\/v2\/tags?post=89718"}],"curies":[{"name":"wp","href":"https:\/\/api.w.org\/{rel}","templated":true}]}}