{"id":89717,"date":"2026-08-29T12:38:08","date_gmt":"2026-08-29T12:38:08","guid":{"rendered":"https:\/\/elithair.com\/pt\/blog-sobre-implante-capilar\/diabetes-queda-de-cabelo\/"},"modified":"2026-08-29T12:38:08","modified_gmt":"2026-08-29T12:38:08","slug":"diabetes-queda-de-cabelo","status":"publish","type":"post","link":"https:\/\/elithair.com\/pt\/blog-sobre-implante-capilar\/diabetes-queda-de-cabelo\/","title":{"rendered":"Diabetes e queda de cabelo: causas, resist\u00eancia \u00e0 insulina e o que ajuda mesmo"},"content":{"rendered":"\n<div style=\"border-left:4px solid #0079F1;padding:0 0 0 14px;margin:0 0 26px\">\n<p style=\"margin:0 0 14px;color:#2e3033;font-size:17px;line-height:1.65\">Mais cabelo na escova e, na \u00faltima consulta, a HbA1c alta demais: a rela\u00e7\u00e3o entre diabetes e queda de cabelo \u00e9 real, mas costuma ser diferente do que se pensa. A queda de cabelo associada \u00e0 diabetes \u00e9 tipicamente <a href=\"\/pt\/blog-sobre-implante-capilar\/queda-de-cabelo-difusa\/\">difusa<\/a> distribu\u00edda por todo o couro cabeludo e regride ao longo de meses com a glicemia estabilizada. Existe ainda uma segunda liga\u00e7\u00e3o, pouco conhecida: em homens com queda de cabelo heredit\u00e1ria de in\u00edcio precoce, um estudo de caso-controlo com 200 participantes encontrou resist\u00eancia \u00e0 insulina 4,5 vezes mais frequentemente do que nos controlos, ou seja, em 18 por cento contra 4 por cento (Erden et al. 2025, Journal of Cosmetic Dermatology). Este artigo separa as duas vias e mostra que valores deve mandar analisar.<\/p>\n<p style=\"margin:0 0 8px;color:#013366;font-weight:700;font-size:16px\">O essencial em resumo<\/p>\n<ul style=\"margin:0 0 14px;padding:0;color:#2e3033;list-style:none\">\n<li style=\"position:relative;padding:3px 0 3px 24px\"><span style=\"position:absolute;left:0;top:3px;color:#0079F1;font-weight:700\">&#10003;<\/span>A queda de cabelo associada \u00e0 diabetes \u00e9 sobretudo difusa e regride com uma glicemia est\u00e1vel ao longo de 3 a 6 meses<\/li>\n<li style=\"position:relative;padding:3px 0 3px 24px\"><span style=\"position:absolute;left:0;top:3px;color:#0079F1;font-weight:700\">&#10003;<\/span>Quatro mecanismos atuam em conjunto: microcircula\u00e7\u00e3o perturbada, glica\u00e7\u00e3o (AGEs), inflama\u00e7\u00e3o cr\u00f3nica e uma altera\u00e7\u00e3o hormonal<\/li>\n<li style=\"position:relative;padding:3px 0 3px 24px\"><span style=\"position:absolute;left:0;top:3px;color:#0079F1;font-weight:700\">&#10003;<\/span>A tipo 1 acrescenta um eixo autoimune (alopecia areata, tiroide); a tipo 2 traz sobretudo a resist\u00eancia \u00e0 insulina<\/li>\n<li style=\"position:relative;padding:3px 0 3px 24px\"><span style=\"position:absolute;left:0;top:3px;color:#0079F1;font-weight:700\">&#10003;<\/span>A metformina n\u00e3o \u00e9 um desencadeador direto, mas na toma prolongada baixa o n\u00edvel de vitamina B12, e uma car\u00eancia de B12 favorece a queda de cabelo<\/li>\n<\/ul>\n<p style=\"margin:0;color:#2e3033\">O \u00edndice mostra onde encontra cada tema. Depois entramos no detalhe, mecanismo a mecanismo, da resist\u00eancia \u00e0 insulina ao couro cabeludo com comich\u00e3o, at\u00e9 \u00e0 quest\u00e3o de saber se um transplante capilar faz sentido na diabetes.<\/p>\n<\/div>\n\n\n\n<div style=\"background:#f6f9fc;border:1px solid #dbe4f0;border-radius:12px;padding:18px 20px;margin:0 0 28px\">\n<p style=\"margin:0 0 14px;color:#013366;font-weight:700;font-size:17px\">O seu plano em tr\u00eas passos<\/p>\n<div style=\"display:flex;gap:12px;margin:0 0 14px\">\n<div style=\"flex:0 0 28px;height:28px;border-radius:50%;background:#0079F1;color:#ffffff;font-weight:700;font-size:15px;line-height:28px;text-align:center\">1<\/div>\n<p style=\"margin:0;color:#2e3033;font-size:15px;line-height:1.6\"><strong style=\"color:#013366\">Determinar o padr\u00e3o, n\u00e3o adivinhar.<\/strong> Se o cabelo cai de forma uniforme por todo o couro cabeludo, isso aponta para o metabolismo. Se, pelo contr\u00e1rio, recuam as entradas e a coroa enquanto a nuca se mant\u00e9m densa, h\u00e1 uma componente heredit\u00e1ria prov\u00e1vel. O padr\u00e3o determina tudo o resto.<\/p>\n<\/div>\n<div style=\"display:flex;gap:12px;margin:0 0 14px\">\n<div style=\"flex:0 0 28px;height:28px;border-radius:50%;background:#0079F1;color:#ffffff;font-weight:700;font-size:15px;line-height:28px;text-align:center\">2<\/div>\n<p style=\"margin:0;color:#2e3033;font-size:15px;line-height:1.6\"><strong style=\"color:#013366\">Analisar os valores em vez de mudar de champ\u00f4.<\/strong> As an\u00e1lises devem incluir a HbA1c e a sua evolu\u00e7\u00e3o, ferritina, vitamina B12 (sobretudo com metformina), zinco, vitamina D e TSH. Nenhum produto de cuidado corrige um valor de glicemia nem uma car\u00eancia.<\/p>\n<\/div>\n<div style=\"display:flex;gap:12px;margin:0\">\n<div style=\"flex:0 0 28px;height:28px;border-radius:50%;background:#0079F1;color:#ffffff;font-weight:700;font-size:15px;line-height:28px;text-align:center\">3<\/div>\n<p style=\"margin:0;color:#2e3033;font-size:15px;line-height:1.6\"><strong style=\"color:#013366\">Dar tempo ao ciclo capilar.<\/strong> Com a glicemia estabilizada, a queda costuma abrandar ao m\u00eas 1 ou 2, os primeiros cabelos novos surgem ao m\u00eas 5 ou 6 e a densidade vis\u00edvel chega ao fim de 9 a 12 meses. Antes disso, simplesmente n\u00e3o \u00e9 poss\u00edvel avaliar o resultado.<\/p>\n<\/div>\n<\/div>\n\n\n\n<h2 class=\"wp-block-heading\">Porque \u00e9 que a diabetes provoca queda de cabelo?<\/h2>\n\n\n\n<figure class=\"wp-block-image size-full\"><img decoding=\"async\" src=\"https:\/\/elithair.com\/pt\/wp-content\/uploads\/sites\/7\/2026\/08\/bestand_97298.png\" alt=\"Uma c\u00e9lula sangu\u00ednea atravessada por part\u00edculas de a\u00e7\u00facar\" class=\"wp-image-89967\"\/><\/figure>\n\n\n\n<p class=\"wp-block-paragraph\">A diabetes provoca queda de cabelo por quatro vias que se refor\u00e7am mutuamente: uma microcircula\u00e7\u00e3o perturbada na raiz do cabelo, a glica\u00e7\u00e3o das prote\u00ednas do tecido (AGEs), uma inflama\u00e7\u00e3o cr\u00f3nica de baixo grau e uma altera\u00e7\u00e3o hormonal por hiperinsulinemia. Na tipo 1 acresce um eixo autoimune.<\/p>\n\n\n\n<p class=\"wp-block-paragraph\"><a href=\"https:\/\/www.msdmanuals.com\/pt\/profissional\/dist%C3%BArbios-end%C3%B3crinos-e-metab%C3%B3licos\/diabetes-melito-e-hipoglicemia\/vis%C3%A3o-geral-do-diabetes-mellitus\" target=\"_blank\" rel=\"noopener\">A diabetes<\/a> \u00e9 uma doen\u00e7a cr\u00f3nica que influencia muitos processos do corpo, incluindo a sa\u00fade do cabelo. <strong>A queda de cabelo na diabetes<\/strong> \u00e9 frequente e pode dever-se a v\u00e1rios fatores que perturbam o ciclo capilar . A intensidade com que atuam depende sobretudo do n\u00edvel e da dura\u00e7\u00e3o da sobrecarga glic\u00e9mica.<\/p>\n\n\n\n<div style=\"border-left:4px solid #0079F1;padding:0 0 0 14px;margin:26px 0\">\n<p style=\"margin:0 0 10px;color:#013366;font-weight:700;font-size:16px\">Os quatro mecanismos explicados, mais o eixo autoimune na tipo 1<\/p>\n<ul style=\"margin:0;padding:0;color:#2e3033;list-style:none;font-size:15px;line-height:1.6\">\n<li style=\"padding:0 0 10px\"><strong style=\"color:#013366\">Microangiopatia<\/strong> significa: os vasos sangu\u00edneos mais pequenos sofrem danos. A consequ\u00eancia para o cabelo: menos oxig\u00e9nio e nutrientes na raiz, o cabelo cresce mais devagar e mais fino.<\/li>\n<li style=\"padding:0 0 10px\"><strong style=\"color:#013366\">Hiperinsulinemia<\/strong> significa: insulina permanentemente a mais no sangue. A consequ\u00eancia para o cabelo: a globulina de liga\u00e7\u00e3o SHBG desce e fica dispon\u00edvel mais testosterona livre para a convers\u00e3o em DHT.<\/li>\n<li style=\"padding:0 0 10px\"><strong style=\"color:#013366\">Glica\u00e7\u00e3o (AGEs)<\/strong> significa: o a\u00e7\u00facar cola-se \u00e0s prote\u00ednas do pr\u00f3prio corpo. A consequ\u00eancia para o cabelo: o tecido conjuntivo \u00e0 volta do fol\u00edculo torna-se mais r\u00edgido e envelhece mais depressa, algo demonstrado at\u00e9 agora sobretudo em modelos de pele e de c\u00e9lulas.<\/li>\n<li style=\"padding:0 0 10px\"><strong style=\"color:#013366\">Inflama\u00e7\u00e3o de baixo grau<\/strong> significa: mediadores como a IL-6 e o TNF-alfa permanentemente elevados. A consequ\u00eancia para o cabelo: as c\u00e9lulas estaminais do fol\u00edculo funcionam pior e o cabelo miniaturiza-se mais facilmente.<\/li>\n<li style=\"padding:0\"><strong style=\"color:#013366\">Stress e autoimunidade<\/strong> significa: sobrecarga e um sistema imunit\u00e1rio desorientado. A consequ\u00eancia para o cabelo: muitos fol\u00edculos entram ao mesmo tempo na fase de repouso e, na tipo 1, junta-se a alopecia areata como quadro pr\u00f3prio.<\/li>\n<\/ul>\n<\/div>\n\n\n\n<h3 class=\"wp-block-heading\">Perturba\u00e7\u00f5es da circula\u00e7\u00e3o: um aporte limitado aos fol\u00edculos capilares<\/h3>\n\n\n\n<p class=\"wp-block-paragraph\">Um fator central da queda de cabelo na diabetes \u00e9 a circula\u00e7\u00e3o sangu\u00ednea perturbada. Valores altos de glicemia podem danificar os vasos sangu\u00edneos e piorar a irriga\u00e7\u00e3o. Em termos t\u00e9cnicos, esta via chama-se microangiopatia diab\u00e9tica, um conceito estabelecido na literatura diabetol\u00f3gica sobre complica\u00e7\u00f5es cut\u00e2neas (revis\u00e3o sobre complica\u00e7\u00f5es cut\u00e2neas na diabetes, PMC 2023).<\/p>\n\n\n\n<p class=\"wp-block-paragraph\">Como os fol\u00edculos capilares dependem de um aporte suficiente de nutrientes e de oxig\u00e9nio, os problemas de circula\u00e7\u00e3o podem enfraquecer as ra\u00edzes do cabelo. Com o tempo, o crescimento fica comprometido, o que pode levar a cabelo mais fino ou a queda de cabelo.<\/p>\n\n\n\n<p class=\"wp-block-paragraph\">Na fase de crescimento, o fol\u00edculo capilar \u00e9 um dos tecidos metabolicamente mais ativos do corpo e reage, por isso, de forma sens\u00edvel a um pior aporte. N\u00e3o existe, contudo, um n\u00famero fi\u00e1vel sobre em quantos por cento diminui a irriga\u00e7\u00e3o folicular na diabetes. Os dados s\u00e3o descritivos, n\u00e3o quantificados.<\/p>\n\n\n\n<h3 class=\"wp-block-heading\">Altera\u00e7\u00f5es hormonais: o papel da insulina<\/h3>\n\n\n\n<p class=\"wp-block-paragraph\">A diabetes traz muitas vezes altera\u00e7\u00f5es hormonais que se podem repercutir diretamente no crescimento do cabelo. <a href=\"https:\/\/www.msdmanuals.com\/pt\/profissional\/dist%C3%BArbios-end%C3%B3crinos-e-metab%C3%B3licos\/diabetes-melito-e-hipoglicemia\/medicamentos-para-tratamento-de-diabetes-mellitus\" target=\"_blank\" rel=\"noopener\">A insulina<\/a>, a hormona que regula a glicemia, desempenha um papel-chave em muitos processos metab\u00f3licos.<\/p>\n\n\n\n<p class=\"wp-block-paragraph\">Um n\u00edvel de insulina desequilibrado, frequente na diabetes, pode perturbar o ciclo capilar e encurtar a fase de crescimento. Al\u00e9m disso, as oscila\u00e7\u00f5es hormonais sobrecarregam ainda mais o corpo, o que inibe o crescimento do cabelo. Para esta via falta at\u00e9 hoje uma prova direta no fol\u00edculo humano; a liga\u00e7\u00e3o \u00e9 considerada plaus\u00edvel, n\u00e3o demonstrada.<\/p>\n\n\n\n<p class=\"wp-block-paragraph\">O segundo efeito hormonal est\u00e1 mais bem documentado: n\u00edveis altos de insulina baixam a globulina de liga\u00e7\u00e3o \u00e0s hormonas sexuais (SHBG). Assim aumenta a fra\u00e7\u00e3o de testosterona livre, biologicamente ativa, que no fol\u00edculo \u00e9 convertida em DHT. \u00c9 esta a ponte mecanicista para a alopecia androgen\u00e9tica, enquadrada com mais detalhe na sec\u00e7\u00e3o seguinte.<\/p>\n\n\n\n<h3 class=\"wp-block-heading\">AGEs e glica\u00e7\u00e3o: porque \u00e9 que a glicemia alta envelhece o tecido<\/h3>\n\n\n\n<p class=\"wp-block-paragraph\">Os produtos finais de glica\u00e7\u00e3o avan\u00e7ada (AGEs) formam-se quando o a\u00e7\u00facar se liga de forma permanente \u00e0s prote\u00ednas. Depositam-se de forma mensur\u00e1vel na pele, tornam o colag\u00e9nio mais r\u00edgido e pioram a elasticidade do tecido (Wang et al. 2024, Experimental Dermatology). Um trabalho de 2025 conseguiu at\u00e9 detetar vest\u00edgios de AGEs diretamente no cabelo e discute-os como marcador n\u00e3o invasivo de diabetes e de envelhecimento.<\/p>\n\n\n\n<p class=\"wp-block-paragraph\">Importante para o enquadramento: que os AGEs danifiquem o pr\u00f3prio fol\u00edculo capilar e encurtem a fase de crescimento foi demonstrado at\u00e9 agora sobretudo em culturas celulares e modelos de pele, n\u00e3o em estudos cl\u00ednicos em pessoas. O mecanismo est\u00e1 bem documentado para o envelhecimento da pele e \u00e9 plaus\u00edvel para o ambiente do fol\u00edculo, mas n\u00e3o \u00e9 uma causa comprovada de queda de cabelo.<\/p>\n\n\n\n<h3 class=\"wp-block-heading\">Inflama\u00e7\u00e3o cr\u00f3nica e stress oxidativo: o que acontece no tecido?<\/h3>\n\n\n\n<p class=\"wp-block-paragraph\">A diabetes \u00e9 considerada um estado de inflama\u00e7\u00e3o cr\u00f3nica de baixo grau. Citocinas pr\u00f3-inflamat\u00f3rias como a IL-6 e o TNF-alfa inibem a fun\u00e7\u00e3o das c\u00e9lulas estaminais foliculares e favorecem a miniaturiza\u00e7\u00e3o do cabelo; marcadores inflamat\u00f3rios elevados associam-se a uma pior resposta terap\u00eautica na queda de cabelo (revis\u00e3o sobre inflama\u00e7\u00e3o perifolicular na alopecia androgen\u00e9tica, Dove Medical Press).<\/p>\n\n\n\n<p class=\"wp-block-paragraph\">Tamb\u00e9m aqui cabe a ressalva honesta: n\u00e3o existe um estudo de coorte pr\u00f3prio que associe valores de PCR ou de IL-6 na diabetes a uma perda de cabelo medida. A inflama\u00e7\u00e3o \u00e9 um denominador fisiopatol\u00f3gico comum \u00e0s duas doen\u00e7as, n\u00e3o uma cadeia causal demonstrada.<\/p>\n\n\n\n<h3 class=\"wp-block-heading\">Stress e rea\u00e7\u00f5es autoimunes: sobrecargas para o corpo<\/h3>\n\n\n\n<p class=\"wp-block-paragraph\">A diabetes causa n\u00e3o s\u00f3 sobrecarga f\u00edsica, mas tamb\u00e9m ps\u00edquica. O stress provocado pela doen\u00e7a pode desencadear um <a href=\"https:\/\/www.msdmanuals.com\/pt\/casa\/dist%C3%BArbios-da-pele\/altera%C3%A7%C3%B5es-capilares\/alopecia-perda-de-cabelos-pelos\" target=\"_blank\" rel=\"noopener\">efl\u00favio tel\u00f3geno<\/a> , uma forma de queda em que muitos fol\u00edculos capilares entram na fase de repouso. A queda surge ent\u00e3o de forma difusa e desfasada no tempo, em geral 2 a 3 meses depois do acontecimento desencadeante.<\/p>\n\n\n\n<p class=\"wp-block-paragraph\">Al\u00e9m disso, a diabetes aumenta o risco de doen\u00e7as autoimunes como a <a href=\"\/pt\/blog-sobre-implante-capilar\/alopecia-areata\/\">alopecia areata<\/a>, na qual o sistema imunit\u00e1rio ataca os fol\u00edculos capilares e provoca zonas sem cabelo. Seja por perturba\u00e7\u00f5es da circula\u00e7\u00e3o, <a href=\"\/pt\/blog-sobre-implante-capilar\/hormonas-queda-de-cabelo\/\">altera\u00e7\u00f5es hormonais<\/a> ou stress: a diabetes pode favorecer a queda de cabelo por vias diferentes.<\/p>\n\n\n\n<p class=\"wp-block-paragraph\">Com medidas e tratamentos dirigidos \u00e9 muitas vezes poss\u00edvel atenuar os efeitos da diabetes no cabelo, e a parte difusa, de origem metab\u00f3lica, pode regredir.<\/p>\n\n\n<div class=\"wp-block-image\">\n<figure class=\"aligncenter size-large is-resized\" style=\"max-width:560px;margin-left:auto;margin-right:auto\"><img decoding=\"async\" src=\"https:\/\/elithair.com\/pt\/wp-content\/uploads\/sites\/7\/2026\/08\/mechanismen_follikel__pt.png\" alt=\"Ilustra\u00e7\u00e3o de um fol\u00edculo capilar em corte da pele com os quatro mecanismos pelos quais a diabetes perturba o crescimento do cabelo\" class=\"wp-image-89958\" style=\"width:560px;max-width:100%;height:auto\"\/><\/figure>\n<\/div>\n\n\n<p class=\"wp-block-paragraph\">A for\u00e7a destas vias depende menos do tipo de diabetes do que da resist\u00eancia \u00e0 insulina que est\u00e1 por tr\u00e1s. \u00c9 exatamente a\u00ed que entra a literatura mais interessante dos \u00faltimos anos.<\/p>\n\n\n\n<h2 class=\"wp-block-heading\">Resist\u00eancia \u00e0 insulina e queda de cabelo: o que mostram os estudos<\/h2>\n\n\n\n<p class=\"wp-block-paragraph\">A resist\u00eancia \u00e0 insulina n\u00e3o provoca queda de cabelo. Est\u00e1, por\u00e9m, estatisticamente associada \u00e0 alopecia androgen\u00e9tica de in\u00edcio precoce e \u00e0 s\u00edndrome metab\u00f3lica. Erden, Yorulmaz e Yalcin (2025, Journal of Cosmetic Dermatology) encontraram, num estudo de caso-controlo com 200 homens entre os 18 e os 35 anos, resist\u00eancia \u00e0 insulina (HOMA-IR a partir de 2,7) em 18 por cento dos afetados, contra 4 por cento dos controlos (p = 0,003).<\/p>\n\n\n\n<p class=\"wp-block-paragraph\">O mesmo trabalho encontrou s\u00edndrome metab\u00f3lica em 21 por cento contra 9 por cento (p = 0,011), al\u00e9m de valores significativamente mais altos de insulina em jejum (p = 0,005), de triglic\u00e9ridos (p = 0,043) e um per\u00edmetro abdominal maior (p = 0,026). \u00c0 medida que subia o est\u00e1dio na escala de Hamilton-Norwood, aumentava a frequ\u00eancia da resist\u00eancia \u00e0 insulina.<\/p>\n\n\n\n<p class=\"wp-block-paragraph\">Isto encaixa em dados mais antigos: uma metan\u00e1lise de 2017 na Scientific Reports encontrou, em homens jovens com in\u00edcio precoce de alopecia androgen\u00e9tica , n\u00edveis de insulina e valores de HOMA significativamente mais altos do que nos controlos. Uma revis\u00e3o sistem\u00e1tica de 2026 na BMC Public Health aponta a resist\u00eancia \u00e0 insulina, a par da hist\u00f3ria familiar paterna, como fator de risco pr\u00f3prio.<\/p>\n\n\n\n<p class=\"wp-block-paragraph\">O que estes estudos n\u00e3o mostram \u00e9 pelo menos t\u00e3o importante. S\u00e3o pequenos (100 a 200 participantes), prov\u00eam na maioria de um \u00fanico centro e t\u00eam um desenho transversal ou de caso-controlo. Com isso n\u00e3o \u00e9 poss\u00edvel determinar a dire\u00e7\u00e3o: se a resist\u00eancia \u00e0 insulina precede a queda de cabelo ou se, pelo contr\u00e1rio, ambas t\u00eam uma causa comum, fica em aberto.<\/p>\n\n\n\n<p class=\"wp-block-paragraph\">Al\u00e9m disso, foram estudados quase exclusivamente homens com queda de cabelo de in\u00edcio precoce. Para as mulheres e para a queda de in\u00edcio tardio, os dados s\u00e3o escassos. E n\u00e3o existe nenhum estudo que demonstre que um tratamento para melhorar a sensibilidade \u00e0 insulina fa\u00e7a o cabelo voltar. Quem o afirma vai al\u00e9m da evid\u00eancia.<\/p>\n\n\n\n<p class=\"wp-block-paragraph\">A explica\u00e7\u00e3o mecanicista continua, por isso, a ser uma hip\u00f3tese: a hiperinsulinemia baixa a SHBG, a testosterona livre sobe, no fol\u00edculo sens\u00edvel atua mais DHT e a miniaturiza\u00e7\u00e3o acelera. A isto junta-se a pior microcircula\u00e7\u00e3o perifolicular. Plaus\u00edvel e coerente com os valores medidos, mas n\u00e3o demonstrado.<\/p>\n\n\n\n<h3 class=\"wp-block-heading\">O que isto significa na pr\u00e1tica: \u00edndice HOMA, insulina em jejum e estilo de vida<\/h3>\n\n\n\n<p class=\"wp-block-paragraph\">O \u00edndice HOMA (HOMA-IR) estima a resist\u00eancia \u00e0 insulina a partir de dois valores em jejum. A f\u00f3rmula \u00e9: insulina em jejum em microunidades por mililitro vezes glicose em jejum em miligramas por decilitro, a dividir por 405. \u00c9 frequente considerar normal um intervalo de 0,7 a 2,0; para a colheita s\u00e3o necess\u00e1rias 8 a 12 horas de jejum.<\/p>\n\n\n\n<p class=\"wp-block-paragraph\">No valor-limite as coisas ficam pouco n\u00edtidas, e isso deve ser dito: alguns autores veem resist\u00eancia \u00e0 insulina a partir de 1,9, o ponto de corte do NHANES est\u00e1 em 2,5, o estudo sobre queda de cabelo citado acima usou 2,7 e para popula\u00e7\u00f5es asi\u00e1ticas discutem-se 1,4 a 2,5. Nenhuma sociedade cient\u00edfica ratificou um limiar uniforme (mdcalc.com, 2026).<\/p>\n\n\n\n<p class=\"wp-block-paragraph\">\u00c9 no valor-limite que as coisas se tornam pouco n\u00edtidas, e isso deve ser dito: alguns autores consideram haver resist\u00eancia \u00e0 insulina a partir de 1,9, o ponto de corte do NHANES est\u00e1 nos 2,5, o estudo sobre queda de cabelo citado acima usou 2,7 e, para as popula\u00e7\u00f5es asi\u00e1ticas, discutem-se valores de 1,4 a 2,5. Nenhuma sociedade cient\u00edfica ratificou um limiar uniforme (mdcalc.com, 2026).<\/p>\n\n\n\n<p class=\"wp-block-paragraph\">O HOMA-IR n\u00e3o \u00e9, portanto, um teste de queda de cabelo, mas um teste do metabolismo. N\u00e3o responde \u00e0 pergunta de por que motivo est\u00e1 a perder cabelo, mas sim \u00e0 de saber se h\u00e1, por tr\u00e1s, uma resist\u00eancia \u00e0 insulina que, de qualquer forma, merece aten\u00e7\u00e3o.<\/p>\n\n\n\n<h3 class=\"wp-block-heading\">As alavancas documentadas para melhorar a sensibilidade \u00e0 insulina s\u00e3o pouco espetaculares, mas eficazes: perda de peso, treino aer\u00f3bio regular combinado com treino de for\u00e7a e sono suficiente. Como recomenda\u00e7\u00e3o padr\u00e3o valem 150 minutos de atividade moderada por semana (recomenda\u00e7\u00e3o de atividade f\u00edsica da OMS). N\u00e3o vem com nenhuma promessa de crescimento capilar, mas com um benef\u00edcio metab\u00f3lico.<\/h3>\n\n\n\n<p class=\"wp-block-paragraph\">O ponto mais valioso na pr\u00e1tica desta literatura diz respeito aos homens jovens. Se a queda de cabelo heredit\u00e1ria come\u00e7ar claramente antes dos 30 aos 35 anos, vale a pena olhar para a tens\u00e3o arterial, os l\u00edpidos no sangue e a glicose em jejum. Em dermatologia esta abordagem \u00e9 cada vez mais discutida, mas n\u00e3o existe para ela uma recomenda\u00e7\u00e3o oficial de rastreio de nenhuma sociedade cient\u00edfica.<\/p>\n\n\n\n<p class=\"wp-block-paragraph\">O ponto mais valioso desta literatura para a pr\u00e1tica diz respeito aos homens jovens. Se a queda de cabelo heredit\u00e1ria come\u00e7ar bem antes dos 30 ou 35 anos, vale a pena olhar para a tens\u00e3o arterial, os l\u00edpidos no sangue e a glicose em jejum. Em dermatologia, esta abordagem \u00e9 cada vez mais discutida, mas n\u00e3o existe para ela nenhuma recomenda\u00e7\u00e3o oficial de rastreio de nenhuma sociedade cient\u00edfica.<\/p>\n\n\n<div class=\"wp-block-image\">\n<figure class=\"aligncenter size-large is-resized\" style=\"max-width:560px;margin-left:auto;margin-right:auto\"><img decoding=\"async\" src=\"https:\/\/elithair.com\/pt\/wp-content\/uploads\/sites\/7\/2026\/08\/insulinresistenz_kette__pt.png\" alt=\"Diagrama da cadeia discutida, da resist\u00eancia \u00e0 insulina \u00e0 hiperinsulinemia e \u00e0 SHBG, at\u00e9 \u00e0 miniaturiza\u00e7\u00e3o do fol\u00edculo capilar\" class=\"wp-image-89959\" style=\"width:560px;max-width:100%;height:auto\"\/><\/figure>\n<\/div>\n\n\n<h2 class=\"wp-block-heading\">Como se manifesta a queda de cabelo na diabetes?<\/h2>\n\n\n\n<figure class=\"wp-block-image size-full\"><img decoding=\"async\" src=\"https:\/\/elithair.com\/pt\/wp-content\/uploads\/sites\/7\/2026\/08\/bestand_97301.png\" alt=\"Um m\u00e9dico observa a cabe\u00e7a de um paciente com queda de cabelo\" class=\"wp-image-89970\"\/><\/figure>\n\n\n\n<p class=\"wp-block-paragraph\">Na maioria dos casos, a queda de cabelo na diabetes manifesta-se como um afinamento uniforme por todo o couro cabeludo e n\u00e3o como um padr\u00e3o com entradas. A queda de cabelo na diabetes pode mostrar-se de v\u00e1rias formas, consoante as causas subjacentes e a rea\u00e7\u00e3o individual do corpo. Os sintomas s\u00e3o muitas vezes subtis, mas podem dar pistas importantes de que a perda de cabelo est\u00e1 relacionada com a doen\u00e7a.<\/p>\n\n\n\n<h3 class=\"wp-block-heading\">Padr\u00f5es t\u00edpicos: afinamento e queda em placas<\/h3>\n\n\n\n<p class=\"wp-block-paragraph\">Muitas pessoas com diabetes notam que o cabelo vai ficando gradualmente mais fino, muitas vezes de forma uniforme por todo o couro cabeludo (<a href=\"\/pt\/blog-sobre-implante-capilar\/queda-de-cabelo-difusa\/\">queda de cabelo difusa<\/a>). A perda acentuada nota-se sobretudo ao pentear ou ao lavar o cabelo.<\/p>\n\n\n\n<p class=\"wp-block-paragraph\">Como refer\u00eancia: se em 24 horas se juntarem 100 ou mais cabelos, isso aponta para um efl\u00favio tel\u00f3geno (StatPearls, NCBI Bookshelf). No teste de tra\u00e7\u00e3o m\u00e9dico (pull test), o resultado \u00e9 considerado alterado quando uma tra\u00e7\u00e3o suave solta pelo menos 4 cabelos de uma s\u00f3 vez. Ambos s\u00e3o ind\u00edcios, n\u00e3o diagn\u00f3sticos.<\/p>\n\n\n\n<p class=\"wp-block-paragraph\">Numa rea\u00e7\u00e3o autoimune, pelo contr\u00e1rio, a queda pode surgir em placas, com zonas sem cabelo de aparecimento s\u00fabito no couro cabeludo ou noutras \u00e1reas com pelo.<\/p>\n\n\n\n<h3 class=\"wp-block-heading\">Distin\u00e7\u00e3o face a outros tipos<\/h3>\n\n\n\n<p class=\"wp-block-paragraph\">\u00c9 importante distinguir a queda de cabelo na diabetes de outras formas, como por exemplo a queda de cabelo de origem gen\u00e9tica (alopecia androgen\u00e9tica).<\/p>\n\n\n\n<p class=\"wp-block-paragraph\">Enquanto a queda gen\u00e9tica surge geralmente em zonas espec\u00edficas, como as entradas ou o topo da cabe\u00e7a, e segue um padr\u00e3o claro, na diabetes a queda apresenta-se muitas vezes difusa ou em associa\u00e7\u00e3o com outros sintomas f\u00edsicos. S\u00f3 a componente gen\u00e9tica responde a produtos para o crescimento capilar ou a um transplante capilar, e \u00e9 precisamente por isso que a determina\u00e7\u00e3o do padr\u00e3o vem em primeiro lugar.<\/p>\n\n\n\n<style>\n@media (max-width:640px){\n.rt-table-wrap{overflow-x:visible!important;border:0!important;border-radius:0!important}\n.rt-table{min-width:0!important}\n.rt-table thead{display:none}\n.rt-table,.rt-table tbody,.rt-table tr,.rt-table td{display:block;width:100%}\n.rt-table caption{display:block;padding:0 0 12px!important}\n.rt-table tr{margin:0 0 12px;border:1px solid #dbe4f0;border-radius:10px;overflow:hidden}\n.rt-table tr:last-child{margin-bottom:0}\n.rt-table td{display:flex!important;flex-direction:column;gap:3px;padding:12px 14px!important;\nborder:0!important;border-bottom:1px solid #e3e8ef!important;background:#ffffff!important}\n.rt-table tr td:last-child{border-bottom:0!important}\n.rt-table td::before{content:attr(data-label);font-size:12px;font-weight:700;letter-spacing:.04em;\ntext-transform:uppercase;color:#5799F1}\n.rt-table td:not([data-label])::before,.rt-table td[data-label=\"\"]::before{display:none}\n}\n<\/style>\n<div class=\"rt-table-wrap\" style=\"overflow-x:auto;-webkit-overflow-scrolling:touch;margin:28px 0;border:1px solid #dbe4f0;border-radius:12px\">\n  <table class=\"rt-table\" style=\"width:100%;min-width:660px;table-layout:fixed;border-collapse:separate;border-spacing:0;font-size:15px;margin:0\">\n    <caption style=\"caption-side:top;text-align:left;color:#003366;font-weight:700;font-size:16px;line-height:1.35;padding:14px 16px 10px;background:#ffffff\">Enquadrar a queda de cabelo na diabetes: o que o quadro provavelmente significa e o que esclarecer a seguir<\/caption>\n    <thead>\n      <tr>\n        <th style=\"width:22%;background:#003366;color:#ffffff;font-weight:700;text-align:left;vertical-align:middle;padding:13px 16px;font-size:15px;line-height:1.4;border:0;overflow-wrap:break-word\">O que v\u00ea<\/th>\n        <th style=\"background:#003366;color:#ffffff;font-weight:700;text-align:left;vertical-align:middle;padding:13px 16px;font-size:15px;line-height:1.4;border:0;overflow-wrap:break-word\">Sinais acompanhantes<\/th>\n        <th style=\"background:#003366;color:#ffffff;font-weight:700;text-align:left;vertical-align:middle;padding:13px 16px;font-size:15px;line-height:1.4;border:0;overflow-wrap:break-word\">Causa prov\u00e1vel<\/th>\n        <th style=\"background:#003366;color:#ffffff;font-weight:700;text-align:left;vertical-align:middle;padding:13px 16px;font-size:15px;line-height:1.4;border:0;overflow-wrap:break-word\">Passo seguinte<\/th>\n      <\/tr>\n    <\/thead>\n    <tbody>\n      <tr>\n        <td data-label=\"O que v\u00ea\" style=\"background:#ffffff;color:#003366;font-weight:700;text-align:left;vertical-align:top;padding:13px 16px;font-size:15px;line-height:1.55;border:0;border-bottom:1px solid #e3e8ef;overflow-wrap:break-word\">Afinamento uniforme em toda a cabe\u00e7a, muitos cabelos ao lavar<\/td>\n        <td data-label=\"Sinais acompanhantes\" style=\"background:#ffffff;color:#22303e;font-weight:400;text-align:left;vertical-align:top;padding:13px 16px;font-size:15px;line-height:1.55;border:0;border-bottom:1px solid #e3e8ef;overflow-wrap:break-word\">HbA1c elevada, cansa\u00e7o, pele seca<\/td>\n        <td data-label=\"Causa prov\u00e1vel\" style=\"background:#ffffff;color:#22303e;font-weight:400;text-align:left;vertical-align:top;padding:13px 16px;font-size:15px;line-height:1.55;border:0;border-bottom:1px solid #e3e8ef;overflow-wrap:break-word\">Efl\u00favio tel\u00f3geno difuso, desencadeado pelo metabolismo<\/td>\n        <td data-label=\"Passo seguinte\" style=\"background:#ffffff;color:#22303e;font-weight:400;text-align:left;vertical-align:top;padding:13px 16px;font-size:15px;line-height:1.55;border:0;border-bottom:1px solid #e3e8ef;overflow-wrap:break-word\">Mandar medir HbA1c, ferritina, TSH e vitamina B12 e estabilizar o metabolismo<\/td>\n      <\/tr>\n      <tr>\n        <td data-label=\"O que v\u00ea\" style=\"background:#f6f9fc;color:#003366;font-weight:700;text-align:left;vertical-align:top;padding:13px 16px;font-size:15px;line-height:1.55;border:0;border-bottom:1px solid #e3e8ef;overflow-wrap:break-word\">Entradas, coroa rarefeita, linha frontal a recuar<\/td>\n        <td data-label=\"Sinais acompanhantes\" style=\"background:#f6f9fc;color:#22303e;font-weight:400;text-align:left;vertical-align:top;padding:13px 16px;font-size:15px;line-height:1.55;border:0;border-bottom:1px solid #e3e8ef;overflow-wrap:break-word\">agrega\u00e7\u00e3o familiar, in\u00edcio antes dos 30 anos<\/td>\n        <td data-label=\"Causa prov\u00e1vel\" style=\"background:#f6f9fc;color:#22303e;font-weight:400;text-align:left;vertical-align:top;padding:13px 16px;font-size:15px;line-height:1.55;border:0;border-bottom:1px solid #e3e8ef;overflow-wrap:break-word\">Alopecia androgen\u00e9tica, possivelmente associada a resist\u00eancia \u00e0 insulina<\/td>\n        <td data-label=\"Passo seguinte\" style=\"background:#f6f9fc;color:#22303e;font-weight:400;text-align:left;vertical-align:top;padding:13px 16px;font-size:15px;line-height:1.55;border:0;border-bottom:1px solid #e3e8ef;overflow-wrap:break-word\">Mandar determinar o padr\u00e3o e verificar ainda a tens\u00e3o arterial, os l\u00edpidos no sangue e a glicose em jejum<\/td>\n      <\/tr>\n      <tr>\n        <td data-label=\"O que v\u00ea\" style=\"background:#ffffff;color:#003366;font-weight:700;text-align:left;vertical-align:top;padding:13px 16px;font-size:15px;line-height:1.55;border:0;border-bottom:1px solid #e3e8ef;overflow-wrap:break-word\">Placas redondas, bem delimitadas, tamb\u00e9m na barba<\/td>\n        <td data-label=\"Sinais acompanhantes\" style=\"background:#ffffff;color:#22303e;font-weight:400;text-align:left;vertical-align:top;padding:13px 16px;font-size:15px;line-height:1.55;border:0;border-bottom:1px solid #e3e8ef;overflow-wrap:break-word\">Diabetes tipo 1, valores da tiroide alterados, altera\u00e7\u00f5es das unhas<\/td>\n        <td data-label=\"Causa prov\u00e1vel\" style=\"background:#ffffff;color:#22303e;font-weight:400;text-align:left;vertical-align:top;padding:13px 16px;font-size:15px;line-height:1.55;border:0;border-bottom:1px solid #e3e8ef;overflow-wrap:break-word\">Alopecia areata (autoimune)<\/td>\n        <td data-label=\"Passo seguinte\" style=\"background:#ffffff;color:#22303e;font-weight:400;text-align:left;vertical-align:top;padding:13px 16px;font-size:15px;line-height:1.55;border:0;border-bottom:1px solid #e3e8ef;overflow-wrap:break-word\">Avalia\u00e7\u00e3o dermatol\u00f3gica, determina\u00e7\u00e3o de TSH e de autoanticorpos<\/td>\n      <\/tr>\n      <tr>\n        <td data-label=\"O que v\u00ea\" style=\"background:#f6f9fc;color:#003366;font-weight:700;text-align:left;vertical-align:top;padding:13px 16px;font-size:15px;line-height:1.55;border:0;border-bottom:1px solid #e3e8ef;overflow-wrap:break-word\">Afinamento no topo da cabe\u00e7a, linha frontal mantida, aumento da pilosidade corporal<\/td>\n        <td data-label=\"Sinais acompanhantes\" style=\"background:#f6f9fc;color:#22303e;font-weight:400;text-align:left;vertical-align:top;padding:13px 16px;font-size:15px;line-height:1.55;border:0;border-bottom:1px solid #e3e8ef;overflow-wrap:break-word\">Altera\u00e7\u00f5es do ciclo, acne, resist\u00eancia \u00e0 insulina<\/td>\n        <td data-label=\"Causa prov\u00e1vel\" style=\"background:#f6f9fc;color:#22303e;font-weight:400;text-align:left;vertical-align:top;padding:13px 16px;font-size:15px;line-height:1.55;border:0;border-bottom:1px solid #e3e8ef;overflow-wrap:break-word\">Padr\u00e3o feminino, suspeita de SOP<\/td>\n        <td data-label=\"Passo seguinte\" style=\"background:#f6f9fc;color:#22303e;font-weight:400;text-align:left;vertical-align:top;padding:13px 16px;font-size:15px;line-height:1.55;border:0;border-bottom:1px solid #e3e8ef;overflow-wrap:break-word\">Ginecologia ou endocrinologia: testosterona, SHBG, HOMA-IR<\/td>\n      <\/tr>\n      <tr>\n        <td data-label=\"O que v\u00ea\" style=\"background:#ffffff;color:#003366;font-weight:700;text-align:left;vertical-align:top;padding:13px 16px;font-size:15px;line-height:1.55;border:0;overflow-wrap:break-word\">Couro cabeludo com comich\u00e3o, descamativo e avermelhado, com queda nos mesmos locais<\/td>\n        <td data-label=\"Sinais acompanhantes\" style=\"background:#ffffff;color:#22303e;font-weight:400;text-align:left;vertical-align:top;padding:13px 16px;font-size:15px;line-height:1.55;border:0;overflow-wrap:break-word\">Ardor, p\u00fastulas, crostas<\/td>\n        <td data-label=\"Causa prov\u00e1vel\" style=\"background:#ffffff;color:#22303e;font-weight:400;text-align:left;vertical-align:top;padding:13px 16px;font-size:15px;line-height:1.55;border:0;overflow-wrap:break-word\">Inflama\u00e7\u00e3o ou infe\u00e7\u00e3o do couro cabeludo<\/td>\n        <td data-label=\"Passo seguinte\" style=\"background:#ffffff;color:#22303e;font-weight:400;text-align:left;vertical-align:top;padding:13px 16px;font-size:15px;line-height:1.55;border:0;overflow-wrap:break-word\">Avalia\u00e7\u00e3o dermatol\u00f3gica em tempo \u00fatil, n\u00e3o tratar por conta pr\u00f3pria<\/td>\n      <\/tr>\n    <\/tbody>\n  <\/table>\n<\/div>\n\n\n\n<p class=\"wp-block-paragraph\">A tabela \u00e9 uma orienta\u00e7\u00e3o e n\u00e3o substitui um diagn\u00f3stico. \u00c9 frequente existirem duas formas em simult\u00e2neo, por exemplo uma queda difusa sobre um padr\u00e3o androgen\u00e9tico j\u00e1 presente. Uma <a href=\"\/pt\/analise-capilar\/\">an\u00e1lise capilar<\/a> esclarece o padr\u00e3o vis\u00edvel da queda e, com isso, que tratamento faz sequer sentido.<\/p>\n\n\n\n<p class=\"wp-block-paragraph\">Sejamos honestos: esta an\u00e1lise \u00e9 uma avalia\u00e7\u00e3o visual do padr\u00e3o. N\u00e3o substitui uma an\u00e1lise ao sangue nem um diagn\u00f3stico dermatol\u00f3gico. Quem tem queda difusa deve ir primeiro ao m\u00e9dico de fam\u00edlia ou \u00e0 consulta de diabetologia, e n\u00e3o a uma consulta de transplante.<\/p>\n\n\n\n<h3 class=\"wp-block-heading\">Outros sinais: o cabelo demora mais a crescer<\/h3>\n\n\n\n<p class=\"wp-block-paragraph\">Na diabetes, o cabelo que cai volta muitas vezes a crescer mais devagar, porque os fol\u00edculos capilares n\u00e3o recebem nutrientes e oxig\u00e9nio de forma ideal. A isto podem juntar-se sintomas como couro cabeludo seco ou irritado, um ind\u00edcio de perturba\u00e7\u00f5es da circula\u00e7\u00e3o ou de uma barreira cut\u00e2nea enfraquecida.<\/p>\n\n\n\n<p class=\"wp-block-paragraph\">Em n\u00fameros: normalmente, 85 a 90 por cento dos cabelos do couro cabeludo est\u00e3o na fase de crescimento (anag\u00e9nio) e 10 a 15 por cento na fase de repouso (telog\u00e9nio). Num efl\u00favio tel\u00f3geno, a propor\u00e7\u00e3o em telog\u00e9nio sobe para 30 a 50 por cento e, em casos marcados, at\u00e9 70 por cento dos cabelos passam prematuramente \u00e0 fase de repouso (StatPearls).<\/p>\n\n\n\n<p class=\"wp-block-paragraph\">Observar estes sinais com aten\u00e7\u00e3o \u00e9 importante para enquadrar corretamente a queda de cabelo e poder agir de forma dirigida.<\/p>\n\n\n<div class=\"wp-block-image\">\n<figure class=\"aligncenter size-large is-resized\" style=\"max-width:560px;margin-left:auto;margin-right:auto\"><img decoding=\"async\" src=\"https:\/\/elithair.com\/pt\/wp-content\/uploads\/sites\/7\/2026\/08\/ausfallmuster_vergleich__pt.png\" alt=\"Compara\u00e7\u00e3o dos tr\u00eas padr\u00f5es de queda: difusa, androgen\u00e9tica e areata, em silhuetas de cabe\u00e7a\" class=\"wp-image-89960\" style=\"width:560px;max-width:100%;height:auto\"\/><\/figure>\n<\/div>\n\n\n<h2 class=\"wp-block-heading\">Porque \u00e9 que o couro cabeludo tem comich\u00e3o na diabetes e o que significa isso para o cabelo?<\/h2>\n\n\n\n<p class=\"wp-block-paragraph\">A comich\u00e3o \u00e9 frequente na diabetes: investiga\u00e7\u00f5es recentes em pessoas com diabetes tipo 2 encontram prurido cr\u00f3nico em 18,4 a 30,9 por cento dos casos e, num estudo transversal com 249 doentes, foram 30,9 por cento. A comich\u00e3o em si n\u00e3o provoca queda de cabelo. Mas as causas por tr\u00e1s dela e o ato de co\u00e7ar de forma persistente podem agrav\u00e1-la.<\/p>\n\n\n\n<p class=\"wp-block-paragraph\">A amplitude dos n\u00fameros \u00e9 grande porque os estudos definem a comich\u00e3o de maneiras diferentes. Um trabalho com uma defini\u00e7\u00e3o mais estrita, publicado na Diabetes Care (1986), encontrou apenas 2,7 por cento de prurido generalizado sem causa identific\u00e1vel. Quem l\u00ea uma percentagem isolada deve, por isso, trat\u00e1-la com cautela.<\/p>\n\n\n\n<p class=\"wp-block-paragraph\">Um achado da mesma coorte \u00e9 clinicamente mais relevante do que qualquer n\u00famero de preval\u00eancia: nos doentes com comich\u00e3o, a retinopatia, a nefropatia, a neuropatia e a doen\u00e7a arterial perif\u00e9rica ocorreram de forma significativamente mais frequente. A pele com comich\u00e3o pode, portanto, ser um sinal de alerta de complica\u00e7\u00f5es avan\u00e7adas e deve ser avaliada por um m\u00e9dico.<\/p>\n\n\n\n<h3 class=\"wp-block-heading\">Couro cabeludo seco (xerose) como achado mais frequente<\/h3>\n\n\n\n<p class=\"wp-block-paragraph\">De longe o achado cut\u00e2neo mais frequente na comich\u00e3o diab\u00e9tica \u00e9 a xerose, ou seja, pele seca: 64 por cento dos afetados na coorte referida, seguida das infe\u00e7\u00f5es f\u00fangicas da pele com 16 por cento. No couro cabeludo manifesta-se por sensa\u00e7\u00e3o de repuxamento, descama\u00e7\u00e3o fina e sensibilidade ao champ\u00f4.<\/p>\n\n\n\n<p class=\"wp-block-paragraph\">Tr\u00eas mecanismos contribuem para isso: com valores altos de glicemia, o corpo perde l\u00edquidos pela diurese osm\u00f3tica, a barreira cut\u00e2nea est\u00e1 alterada e, na neuropatia auton\u00f3mica, a produ\u00e7\u00e3o de sebo e de suor est\u00e1 reduzida. O couro cabeludo seca assim mais depressa do que os cuidados conseguem compensar.<\/p>\n\n\n\n<h3 class=\"wp-block-heading\">Neuropatia diab\u00e9tica e prurido<\/h3>\n\n\n\n<p class=\"wp-block-paragraph\">Se h\u00e1 comich\u00e3o sem nada vis\u00edvel, entra em considera\u00e7\u00e3o a neuropatia de fibras finas. As fibras nervosas finas da pele enviam ent\u00e3o sinais errados, que chegam como comich\u00e3o, ardor ou formigueiro. A rela\u00e7\u00e3o \u00e9 discutida na literatura, mas n\u00e3o existe um n\u00famero de preval\u00eancia pr\u00f3prio para o couro cabeludo.<\/p>\n\n\n\n<p class=\"wp-block-paragraph\">O reverso da medalha \u00e9 importante na pr\u00e1tica: na neuropatia, as pequenas les\u00f5es do couro cabeludo s\u00e3o menos sentidas. Quem co\u00e7a n\u00e3o d\u00e1 conta de quando \u00e9 demasiado. Por isso, na diabetes, o couro cabeludo deve ser observado com regularidade e n\u00e3o apenas apalpado.<\/p>\n\n\n\n<h3 class=\"wp-block-heading\">Infe\u00e7\u00f5es do couro cabeludo: fungos, eczema, foliculite<\/h3>\n\n\n\n<p class=\"wp-block-paragraph\">Uma glicemia alta cria um meio favor\u00e1vel aos agentes infeciosos e, ao mesmo tempo, abranda partes da resposta imunit\u00e1ria. Assim surgem mais facilmente a tinha do couro cabeludo, o eczema seborreico e a foliculite. Distinguem-se do couro cabeludo apenas seco pela vermelhid\u00e3o, pelas escamas oleosas ou com crosta, pelas p\u00fastulas e pela queda de cabelo exatamente nos locais afetados.<\/p>\n\n\n\n<style>\n@media (max-width:640px){\n.rt-table-wrap{overflow-x:visible!important;border:0!important;border-radius:0!important}\n.rt-table{min-width:0!important}\n.rt-table thead{display:none}\n.rt-table,.rt-table tbody,.rt-table tr,.rt-table td{display:block;width:100%}\n.rt-table caption{display:block;padding:0 0 12px!important}\n.rt-table tr{margin:0 0 12px;border:1px solid #dbe4f0;border-radius:10px;overflow:hidden}\n.rt-table tr:last-child{margin-bottom:0}\n.rt-table td{display:flex!important;flex-direction:column;gap:3px;padding:12px 14px!important;\nborder:0!important;border-bottom:1px solid #e3e8ef!important;background:#ffffff!important}\n.rt-table tr td:last-child{border-bottom:0!important}\n.rt-table td::before{content:attr(data-label);font-size:12px;font-weight:700;letter-spacing:.04em;\ntext-transform:uppercase;color:#5799F1}\n.rt-table td:not([data-label])::before,.rt-table td[data-label=\"\"]::before{display:none}\n}\n<\/style>\n<div class=\"rt-table-wrap\" style=\"overflow-x:auto;-webkit-overflow-scrolling:touch;margin:28px 0;border:1px solid #dbe4f0;border-radius:12px\">\n  <table class=\"rt-table\" style=\"width:100%;min-width:660px;table-layout:fixed;border-collapse:separate;border-spacing:0;font-size:15px;margin:0\">\n    <caption style=\"caption-side:top;text-align:left;color:#003366;font-weight:700;font-size:16px;line-height:1.35;padding:14px 16px 10px;background:#ffffff\">Enquadrar a comich\u00e3o do couro cabeludo na diabetes: cinco quadros t\u00edpicos e os passos seguintes<\/caption>\n    <thead>\n      <tr>\n        <th style=\"width:22%;background:#003366;color:#ffffff;font-weight:700;text-align:left;vertical-align:middle;padding:13px 16px;font-size:15px;line-height:1.4;border:0;overflow-wrap:break-word\">Quadro de sintomas<\/th>\n        <th style=\"background:#003366;color:#ffffff;font-weight:700;text-align:left;vertical-align:middle;padding:13px 16px;font-size:15px;line-height:1.4;border:0;overflow-wrap:break-word\">Causa prov\u00e1vel<\/th>\n        <th style=\"background:#003366;color:#ffffff;font-weight:700;text-align:left;vertical-align:middle;padding:13px 16px;font-size:15px;line-height:1.4;border:0;overflow-wrap:break-word\">O que ajuda<\/th>\n        <th style=\"background:#003366;color:#ffffff;font-weight:700;text-align:left;vertical-align:middle;padding:13px 16px;font-size:15px;line-height:1.4;border:0;overflow-wrap:break-word\">Quando ir ao m\u00e9dico<\/th>\n      <\/tr>\n    <\/thead>\n    <tbody>\n      <tr>\n        <td data-label=\"Quadro de sintomas\" style=\"background:#ffffff;color:#003366;font-weight:700;text-align:left;vertical-align:top;padding:13px 16px;font-size:15px;line-height:1.55;border:0;border-bottom:1px solid #e3e8ef;overflow-wrap:break-word\">Couro cabeludo seco e repuxado, com descama\u00e7\u00e3o fina, sem vermelhid\u00e3o<\/td>\n        <td data-label=\"Causa prov\u00e1vel\" style=\"background:#ffffff;color:#22303e;font-weight:400;text-align:left;vertical-align:top;padding:13px 16px;font-size:15px;line-height:1.55;border:0;border-bottom:1px solid #e3e8ef;overflow-wrap:break-word\">Xerose, o achado cut\u00e2neo mais frequente na comich\u00e3o diab\u00e9tica (64 por cento de uma coorte com 249 doentes)<\/td>\n        <td data-label=\"O que ajuda\" style=\"background:#ffffff;color:#22303e;font-weight:400;text-align:left;vertical-align:top;padding:13px 16px;font-size:15px;line-height:1.55;border:0;border-bottom:1px solid #e3e8ef;overflow-wrap:break-word\">Limpeza suave com pH adaptado, duches mornos em vez de quentes, cuidados que reponham a gordura<\/td>\n        <td data-label=\"Quando ir ao m\u00e9dico\" style=\"background:#ffffff;color:#22303e;font-weight:400;text-align:left;vertical-align:top;padding:13px 16px;font-size:15px;line-height:1.55;border:0;border-bottom:1px solid #e3e8ef;overflow-wrap:break-word\">Se, apesar de cuidados consistentes, nada mudar ao fim de algumas semanas<\/td>\n      <\/tr>\n      <tr>\n        <td data-label=\"Quadro de sintomas\" style=\"background:#f6f9fc;color:#003366;font-weight:700;text-align:left;vertical-align:top;padding:13px 16px;font-size:15px;line-height:1.55;border:0;border-bottom:1px solid #e3e8ef;overflow-wrap:break-word\">Comich\u00e3o sem altera\u00e7\u00e3o vis\u00edvel da pele, por vezes com ardor ou picadas<\/td>\n        <td data-label=\"Causa prov\u00e1vel\" style=\"background:#f6f9fc;color:#22303e;font-weight:400;text-align:left;vertical-align:top;padding:13px 16px;font-size:15px;line-height:1.55;border:0;border-bottom:1px solid #e3e8ef;overflow-wrap:break-word\">Prurido diab\u00e9tico; discute-se uma neuropatia de fibras finas<\/td>\n        <td data-label=\"O que ajuda\" style=\"background:#f6f9fc;color:#22303e;font-weight:400;text-align:left;vertical-align:top;padding:13px 16px;font-size:15px;line-height:1.55;border:0;border-bottom:1px solid #e3e8ef;overflow-wrap:break-word\">Controlo da glicemia, evitar co\u00e7ar, observar o couro cabeludo com regularidade<\/td>\n        <td data-label=\"Quando ir ao m\u00e9dico\" style=\"background:#f6f9fc;color:#22303e;font-weight:400;text-align:left;vertical-align:top;padding:13px 16px;font-size:15px;line-height:1.55;border:0;border-bottom:1px solid #e3e8ef;overflow-wrap:break-word\">Se tiver car\u00e1cter de ardor ou se houver sintomas nervosos adicionais nas m\u00e3os e nos p\u00e9s<\/td>\n      <\/tr>\n      <tr>\n        <td data-label=\"Quadro de sintomas\" style=\"background:#ffffff;color:#003366;font-weight:700;text-align:left;vertical-align:top;padding:13px 16px;font-size:15px;line-height:1.55;border:0;border-bottom:1px solid #e3e8ef;overflow-wrap:break-word\">Escamas amareladas e oleosas na linha de implanta\u00e7\u00e3o, pele avermelhada<\/td>\n        <td data-label=\"Causa prov\u00e1vel\" style=\"background:#ffffff;color:#22303e;font-weight:400;text-align:left;vertical-align:top;padding:13px 16px;font-size:15px;line-height:1.55;border:0;border-bottom:1px solid #e3e8ef;overflow-wrap:break-word\">Eczema seborreico<\/td>\n        <td data-label=\"O que ajuda\" style=\"background:#ffffff;color:#22303e;font-weight:400;text-align:left;vertical-align:top;padding:13px 16px;font-size:15px;line-height:1.55;border:0;border-bottom:1px solid #e3e8ef;overflow-wrap:break-word\">Champ\u00f4s medicinais por indica\u00e7\u00e3o m\u00e9dica, sem rem\u00e9dios caseiros agressivos<\/td>\n        <td data-label=\"Quando ir ao m\u00e9dico\" style=\"background:#ffffff;color:#22303e;font-weight:400;text-align:left;vertical-align:top;padding:13px 16px;font-size:15px;line-height:1.55;border:0;border-bottom:1px solid #e3e8ef;overflow-wrap:break-word\">Em caso de alastramento, exsuda\u00e7\u00e3o ou se o cabelo cair nos mesmos locais<\/td>\n      <\/tr>\n      <tr>\n        <td data-label=\"Quadro de sintomas\" style=\"background:#f6f9fc;color:#003366;font-weight:700;text-align:left;vertical-align:top;padding:13px 16px;font-size:15px;line-height:1.55;border:0;border-bottom:1px solid #e3e8ef;overflow-wrap:break-word\">Placas redondas e descamativas com cabelos partidos<\/td>\n        <td data-label=\"Causa prov\u00e1vel\" style=\"background:#f6f9fc;color:#22303e;font-weight:400;text-align:left;vertical-align:top;padding:13px 16px;font-size:15px;line-height:1.55;border:0;border-bottom:1px solid #e3e8ef;overflow-wrap:break-word\">Tinha do couro cabeludo (tinea capitis); as infe\u00e7\u00f5es f\u00fangicas foram o segundo achado mais frequente na mesma coorte (16 por cento)<\/td>\n        <td data-label=\"O que ajuda\" style=\"background:#f6f9fc;color:#22303e;font-weight:400;text-align:left;vertical-align:top;padding:13px 16px;font-size:15px;line-height:1.55;border:0;border-bottom:1px solid #e3e8ef;overflow-wrap:break-word\">Diagn\u00f3stico m\u00e9dico por colheita, tratamento habitualmente sist\u00e9mico<\/td>\n        <td data-label=\"Quando ir ao m\u00e9dico\" style=\"background:#f6f9fc;color:#22303e;font-weight:400;text-align:left;vertical-align:top;padding:13px 16px;font-size:15px;line-height:1.55;border:0;border-bottom:1px solid #e3e8ef;overflow-wrap:break-word\">Em tempo \u00fatil, n\u00e3o tratar por conta pr\u00f3pria, risco de cont\u00e1gio<\/td>\n      <\/tr>\n      <tr>\n        <td data-label=\"Quadro de sintomas\" style=\"background:#ffffff;color:#003366;font-weight:700;text-align:left;vertical-align:top;padding:13px 16px;font-size:15px;line-height:1.55;border:0;overflow-wrap:break-word\">P\u00fastulas, crostas e n\u00f3dulos dolorosos \u00e0 press\u00e3o \u00e0 volta de cabelos isolados<\/td>\n        <td data-label=\"Causa prov\u00e1vel\" style=\"background:#ffffff;color:#22303e;font-weight:400;text-align:left;vertical-align:top;padding:13px 16px;font-size:15px;line-height:1.55;border:0;overflow-wrap:break-word\">Foliculite, inflama\u00e7\u00e3o bacteriana do fol\u00edculo<\/td>\n        <td data-label=\"O que ajuda\" style=\"background:#ffffff;color:#22303e;font-weight:400;text-align:left;vertical-align:top;padding:13px 16px;font-size:15px;line-height:1.55;border:0;overflow-wrap:break-word\">Avalia\u00e7\u00e3o m\u00e9dica e verifica\u00e7\u00e3o da glicemia<\/td>\n        <td data-label=\"Quando ir ao m\u00e9dico\" style=\"background:#ffffff;color:#22303e;font-weight:400;text-align:left;vertical-align:top;padding:13px 16px;font-size:15px;line-height:1.55;border:0;overflow-wrap:break-word\">Em tempo \u00fatil; com febre ou alastramento, de imediato<\/td>\n      <\/tr>\n    <\/tbody>\n  <\/table>\n<\/div>\n\n\n\n<h3 class=\"wp-block-heading\">Quando co\u00e7ar se torna um problema<\/h3>\n\n\n\n<p class=\"wp-block-paragraph\">Co\u00e7ar de forma persistente deixa escoria\u00e7\u00f5es, ou seja, defeitos superficiais da pele. Com a glicemia mal controlada, estas fecham mais devagar e infetam-se mais facilmente. No extremo, a inflama\u00e7\u00e3o repetida origina uma queda de cabelo cicatricial, e os fol\u00edculos perdidos por cicatriza\u00e7\u00e3o n\u00e3o voltam.<\/p>\n\n\n\n<p class=\"wp-block-paragraph\">\u00c9 aqui que a autoajuda termina. Quem co\u00e7a durante semanas n\u00e3o deve ir \u00e0 drogaria, mas ao m\u00e9dico de fam\u00edlia ou \u00e0 dermatologia. A comich\u00e3o \u00e9 trat\u00e1vel, a glicemia \u00e9 a causa por tr\u00e1s, e ambas devem ser vistas em conjunto.<\/p>\n\n\n<div class=\"wp-block-image\">\n<figure class=\"aligncenter size-large is-resized\" style=\"max-width:560px;margin-left:auto;margin-right:auto\"><img decoding=\"async\" src=\"https:\/\/elithair.com\/pt\/wp-content\/uploads\/sites\/7\/2026\/08\/kopfhaut_trocken_vergleich.png\" alt=\"Compara\u00e7\u00e3o ilustrada de um couro cabeludo intacto e de um couro cabeludo seco e irritado, em corte\" class=\"wp-image-89961\" style=\"width:560px;max-width:100%;height:auto\"\/><\/figure>\n<\/div>\n\n\n<h2 class=\"wp-block-heading\">Fatores de risco para a queda de cabelo na diabetes<\/h2>\n\n\n\n<p class=\"wp-block-paragraph\">A diabetes pode aumentar consideravelmente o risco de queda de cabelo. V\u00e1rios fatores influenciam a intensidade com que a doen\u00e7a afeta a sa\u00fade capilar. Contam tanto o tipo de diabetes como os fatores de estilo de vida, a alimenta\u00e7\u00e3o, o controlo da glicemia e a atividade f\u00edsica.<\/p>\n\n\n\n<p class=\"wp-block-paragraph\">O n\u00famero mais importante: uma metan\u00e1lise de 132 estudos com 52.501 participantes encontrou, na diabetes tipo 2, pelo menos uma car\u00eancia de micronutrientes em 45 por cento dos casos (Mangal et al. 2024). Nem todas as pessoas com diabetes perdem cabelo; decisivo \u00e9 o conjunto formado pelo n\u00edvel de glicemia, pela dura\u00e7\u00e3o da doen\u00e7a, pelas doen\u00e7as associadas e pelo estado nutricional.<\/p>\n\n\n\n<ul class=\"wp-block-list\">\n<li><strong>N\u00edvel e dura\u00e7\u00e3o da hiperglicemia:<\/strong> quanto mais tempo a HbA1c estiver acima do intervalo-alvo, mais marcadas s\u00e3o a microangiopatia, a glica\u00e7\u00e3o e a inflama\u00e7\u00e3o<\/li>\n<li><strong>Complica\u00e7\u00f5es j\u00e1 existentes:<\/strong> a microangiopatia, a neuropatia e a nefropatia mostram que os pequenos vasos j\u00e1 est\u00e3o afetados<\/li>\n<li><strong>Lacunas nutricionais:<\/strong> car\u00eancia de vitamina D em 60,5 por cento, de magn\u00e9sio em 42 por cento e de ferro em 28 por cento das pessoas com diabetes tipo 2 (mesmo conjunto de dados)<\/li>\n<li><strong>Estado da vitamina B12:<\/strong> sobretudo sob terap\u00eautica prolongada com metformina, mais sobre isso na sec\u00e7\u00e3o dos medicamentos<\/li>\n<li><strong>Per\u00edmetro abdominal e peso corporal:<\/strong> no estudo de Erden, o per\u00edmetro abdominal era significativamente maior na queda de cabelo de in\u00edcio precoce (p = 0,026)<\/li>\n<li><strong>Tabagismo:<\/strong> piora ainda mais a microcircula\u00e7\u00e3o e soma-se ao dano vascular<\/li>\n<li><strong>Doen\u00e7as da tiroide:<\/strong> sobretudo na tipo 1, ver o artigo sobre <a href=\"\/pt\/blog-sobre-implante-capilar\/tireoide-queda-de-cabelo\/\">queda de cabelo e tiroide<\/a><\/li>\n<li><strong>Perda de peso r\u00e1pida e dietas radicais:<\/strong> um desencadeador pr\u00f3prio de efl\u00favio tel\u00f3geno, independente da diabetes<\/li>\n<li><strong>Falta de sono e stress cr\u00f3nico:<\/strong> pioram a sensibilidade \u00e0 insulina e o controlo da glicemia<\/li>\n<li><strong>Idade e sexo:<\/strong> determinam se se sobrep\u00f5e adicionalmente um padr\u00e3o androgen\u00e9tico<\/li>\n<\/ul>\n\n\n\n<p class=\"wp-block-paragraph\">Compreender estes fatores de risco \u00e9 decisivo para poder agir de forma dirigida.<\/p>\n\n\n\n<p class=\"wp-block-paragraph\">Sobre o receio frequente das hipoglicemias: na literatura consultada n\u00e3o h\u00e1 qualquer ind\u00edcio de que epis\u00f3dios isolados de hipoglicemia desencadeiem queda de cabelo. Os desencadeadores s\u00e3o sobrecargas prolongadas, ou seja, valores altos de forma persistente, grandes oscila\u00e7\u00f5es ao longo de meses ou um acontecimento agudo de doen\u00e7a.<\/p>\n\n\n\n<h3 class=\"wp-block-heading\">Caso especial do envolvimento renal: nefropatia e di\u00e1lise<\/h3>\n\n\n\n<p class=\"wp-block-paragraph\">Na nefropatia diab\u00e9tica juntam-se motores pr\u00f3prios e, ent\u00e3o, a queda de cabelo deixa de ser um tema de glicemia para passar a ser um tema renal. A anemia \u00e9 uma complica\u00e7\u00e3o precoce e frequente da nefropatia diab\u00e9tica, porque os rins produzem pouca eritropoetina; acompanha-se de uma progress\u00e3o mais r\u00e1pida at\u00e9 \u00e0 necessidade de di\u00e1lise.<\/p>\n\n\n\n<p class=\"wp-block-paragraph\">Sob di\u00e1lise aumenta ainda o risco de car\u00eancias de ferro, zinco, vitamina D e vitaminas do complexo B, entre outros por perda proteica e absor\u00e7\u00e3o limitada (informa\u00e7\u00e3o para doentes da Kidney Care UK e da DaVita). A comich\u00e3o associada \u00e0 doen\u00e7a renal afeta, consoante o estudo e a defini\u00e7\u00e3o, 10 a 77 por cento dos doentes em hemodi\u00e1lise.<\/p>\n\n\n\n<p class=\"wp-block-paragraph\">Quem tem envolvimento renal deve, por isso, falar da queda de cabelo no acompanhamento nefrol\u00f3gico e n\u00e3o trat\u00e1-la isoladamente como um problema capilar. O estado do ferro, a anemia e o aporte de vitamina D fazem a\u00ed parte da rotina de qualquer forma.<\/p>\n\n\n\n<h2 class=\"wp-block-heading\">Diabetes tipo 1 e tipo 2: diferen\u00e7as no risco<\/h2>\n\n\n\n<p class=\"wp-block-paragraph\">Tanto na <a href=\"https:\/\/www.dgs.pt\/pns-e-programas\/programas-de-saude-prioritarios\/diabetes.aspx\" target=\"_blank\" rel=\"noopener\">diabetes tipo 1 como na tipo 2<\/a> existe um risco aumentado de queda de cabelo, mas os mecanismos diferem. A tipo 1 corre pelo eixo autoimune, a tipo 2 pelo eixo metab\u00f3lico com resist\u00eancia \u00e0 insulina. O que ambas partilham s\u00e3o as consequ\u00eancias da hiperglicemia.<\/p>\n\n\n\n<ul class=\"wp-block-list\">\n<li><strong>Diabetes tipo 1:<\/strong> esta forma \u00e9 uma doen\u00e7a autoimune, na qual o sistema imunit\u00e1rio ataca as c\u00e9lulas produtoras de insulina do p\u00e2ncreas. Devido \u00e0 liga\u00e7\u00e3o da diabetes tipo 1 a outras doen\u00e7as autoimunes, como a alopecia areata, o risco de queda de cabelo em placas \u00e9 muitas vezes maior.<\/li>\n<li><strong>Diabetes tipo 2:<\/strong> a diabetes tipo 2 resulta frequentemente da resist\u00eancia \u00e0 insulina, acompanhada de desequil\u00edbrios hormonais e de perturba\u00e7\u00f5es da circula\u00e7\u00e3o. Estes fatores podem enfraquecer os fol\u00edculos capilares e levar a um cabelo difusamente rarefeito.<\/li>\n<\/ul>\n\n\n\n<style>\n@media (max-width:640px){\n.rt-table-wrap{overflow-x:visible!important;border:0!important;border-radius:0!important}\n.rt-table{min-width:0!important}\n.rt-table thead{display:none}\n.rt-table,.rt-table tbody,.rt-table tr,.rt-table td{display:block;width:100%}\n.rt-table caption{display:block;padding:0 0 12px!important}\n.rt-table tr{margin:0 0 12px;border:1px solid #dbe4f0;border-radius:10px;overflow:hidden}\n.rt-table tr:last-child{margin-bottom:0}\n.rt-table td{display:flex!important;flex-direction:column;gap:3px;padding:12px 14px!important;\nborder:0!important;border-bottom:1px solid #e3e8ef!important;background:#ffffff!important}\n.rt-table tr td:last-child{border-bottom:0!important}\n.rt-table td::before{content:attr(data-label);font-size:12px;font-weight:700;letter-spacing:.04em;\ntext-transform:uppercase;color:#5799F1}\n.rt-table td:not([data-label])::before,.rt-table td[data-label=\"\"]::before{display:none}\n}\n<\/style>\n<div class=\"rt-table-wrap\" style=\"overflow-x:auto;-webkit-overflow-scrolling:touch;margin:28px 0;border:1px solid #dbe4f0;border-radius:12px\">\n  <table class=\"rt-table\" style=\"width:100%;min-width:620px;table-layout:fixed;border-collapse:separate;border-spacing:0;font-size:15px;margin:0\">\n    <caption style=\"caption-side:top;text-align:left;color:#003366;font-weight:700;font-size:16px;line-height:1.35;padding:14px 16px 10px;background:#ffffff\">Tipo 1 e tipo 2 em compara\u00e7\u00e3o: eixos diferentes, as mesmas consequ\u00eancias da hiperglicemia<\/caption>\n    <thead>\n      <tr>\n        <th style=\"width:22%;background:#003366;color:#ffffff;font-weight:700;text-align:left;vertical-align:middle;padding:13px 16px;font-size:15px;line-height:1.4;border:0;overflow-wrap:break-word\">Caracter\u00edstica<\/th>\n        <th style=\"background:#003366;color:#ffffff;font-weight:700;text-align:left;vertical-align:middle;padding:13px 16px;font-size:15px;line-height:1.4;border:0;overflow-wrap:break-word\">Diabetes tipo 1<\/th>\n        <th style=\"background:#003366;color:#ffffff;font-weight:700;text-align:left;vertical-align:middle;padding:13px 16px;font-size:15px;line-height:1.4;border:0;overflow-wrap:break-word\">Diabetes tipo 2<\/th>\n      <\/tr>\n    <\/thead>\n    <tbody>\n      <tr>\n        <td data-label=\"Caracter\u00edstica\" style=\"background:#ffffff;color:#003366;font-weight:700;text-align:left;vertical-align:top;padding:13px 16px;font-size:15px;line-height:1.55;border:0;border-bottom:1px solid #e3e8ef;overflow-wrap:break-word\">Mecanismo de base<\/td>\n        <td data-label=\"Diabetes tipo 1\" style=\"background:#ffffff;color:#22303e;font-weight:400;text-align:left;vertical-align:top;padding:13px 16px;font-size:15px;line-height:1.55;border:0;border-bottom:1px solid #e3e8ef;overflow-wrap:break-word\">Rea\u00e7\u00e3o autoimune contra as c\u00e9lulas beta produtoras de insulina, d\u00e9fice absoluto de insulina<\/td>\n        <td data-label=\"Diabetes tipo 2\" style=\"background:#ffffff;color:#22303e;font-weight:400;text-align:left;vertical-align:top;padding:13px 16px;font-size:15px;line-height:1.55;border:0;border-bottom:1px solid #e3e8ef;overflow-wrap:break-word\">Resist\u00eancia \u00e0 insulina das c\u00e9lulas do corpo, mais tarde tamb\u00e9m d\u00e9fice de insulina<\/td>\n      <\/tr>\n      <tr>\n        <td data-label=\"Caracter\u00edstica\" style=\"background:#f6f9fc;color:#003366;font-weight:700;text-align:left;vertical-align:top;padding:13px 16px;font-size:15px;line-height:1.55;border:0;border-bottom:1px solid #e3e8ef;overflow-wrap:break-word\">Quadro capilar t\u00edpico<\/td>\n        <td data-label=\"Diabetes tipo 1\" style=\"background:#f6f9fc;color:#22303e;font-weight:400;text-align:left;vertical-align:top;padding:13px 16px;font-size:15px;line-height:1.55;border:0;border-bottom:1px solid #e3e8ef;overflow-wrap:break-word\">Afinamento difuso, com risco acrescido de placas redondas bem delimitadas<\/td>\n        <td data-label=\"Diabetes tipo 2\" style=\"background:#f6f9fc;color:#22303e;font-weight:400;text-align:left;vertical-align:top;padding:13px 16px;font-size:15px;line-height:1.55;border:0;border-bottom:1px solid #e3e8ef;overflow-wrap:break-word\">Sobretudo afinamento difuso, muitas vezes sobreposto a um padr\u00e3o androgen\u00e9tico<\/td>\n      <\/tr>\n      <tr>\n        <td data-label=\"Caracter\u00edstica\" style=\"background:#ffffff;color:#003366;font-weight:700;text-align:left;vertical-align:top;padding:13px 16px;font-size:15px;line-height:1.55;border:0;border-bottom:1px solid #e3e8ef;overflow-wrap:break-word\">Acompanhamento autoimune<\/td>\n        <td data-label=\"Diabetes tipo 1\" style=\"background:#ffffff;color:#22303e;font-weight:400;text-align:left;vertical-align:top;padding:13px 16px;font-size:15px;line-height:1.55;border:0;border-bottom:1px solid #e3e8ef;overflow-wrap:break-word\">Hashimoto ou hipotiroidismo em 16,3 por cento, anticorpos anti-TPO em 58,6 por cento, anticorpos de doen\u00e7a cel\u00edaca em 16,4 por cento (251 adultos, Riad 2018 a 2019); alopecia areata mais frequente, mas sem um n\u00famero de preval\u00eancia fi\u00e1vel<\/td>\n        <td data-label=\"Diabetes tipo 2\" style=\"background:#ffffff;color:#22303e;font-weight:400;text-align:left;vertical-align:top;padding:13px 16px;font-size:15px;line-height:1.55;border:0;border-bottom:1px solid #e3e8ef;overflow-wrap:break-word\">Sem agrega\u00e7\u00e3o autoimune t\u00edpica<\/td>\n      <\/tr>\n      <tr>\n        <td data-label=\"Caracter\u00edstica\" style=\"background:#f6f9fc;color:#003366;font-weight:700;text-align:left;vertical-align:top;padding:13px 16px;font-size:15px;line-height:1.55;border:0;border-bottom:1px solid #e3e8ef;overflow-wrap:break-word\">Resist\u00eancia \u00e0 insulina<\/td>\n        <td data-label=\"Diabetes tipo 1\" style=\"background:#f6f9fc;color:#22303e;font-weight:400;text-align:left;vertical-align:top;padding:13px 16px;font-size:15px;line-height:1.55;border:0;border-bottom:1px solid #e3e8ef;overflow-wrap:break-word\">Poss\u00edvel, mas n\u00e3o \u00e9 a caracter\u00edstica dominante<\/td>\n        <td data-label=\"Diabetes tipo 2\" style=\"background:#f6f9fc;color:#22303e;font-weight:400;text-align:left;vertical-align:top;padding:13px 16px;font-size:15px;line-height:1.55;border:0;border-bottom:1px solid #e3e8ef;overflow-wrap:break-word\">Caracter\u00edstica dominante, associada a alopecia androgen\u00e9tica de in\u00edcio precoce (Erden et al. 2025)<\/td>\n      <\/tr>\n      <tr>\n        <td data-label=\"Caracter\u00edstica\" style=\"background:#ffffff;color:#003366;font-weight:700;text-align:left;vertical-align:top;padding:13px 16px;font-size:15px;line-height:1.55;border:0;border-bottom:1px solid #e3e8ef;overflow-wrap:break-word\">Idade t\u00edpica de in\u00edcio<\/td>\n        <td data-label=\"Diabetes tipo 1\" style=\"background:#ffffff;color:#22303e;font-weight:400;text-align:left;vertical-align:top;padding:13px 16px;font-size:15px;line-height:1.55;border:0;border-bottom:1px solid #e3e8ef;overflow-wrap:break-word\">Da inf\u00e2ncia \u00e0 idade adulta jovem<\/td>\n        <td data-label=\"Diabetes tipo 2\" style=\"background:#ffffff;color:#22303e;font-weight:400;text-align:left;vertical-align:top;padding:13px 16px;font-size:15px;line-height:1.55;border:0;border-bottom:1px solid #e3e8ef;overflow-wrap:break-word\">Geralmente a partir da meia-idade, cada vez mais tamb\u00e9m antes<\/td>\n      <\/tr>\n      <tr>\n        <td data-label=\"Caracter\u00edstica\" style=\"background:#f6f9fc;color:#003366;font-weight:700;text-align:left;vertical-align:top;padding:13px 16px;font-size:15px;line-height:1.55;border:0;border-bottom:1px solid #e3e8ef;overflow-wrap:break-word\">Alavanca mais importante para o cabelo<\/td>\n        <td data-label=\"Diabetes tipo 1\" style=\"background:#f6f9fc;color:#22303e;font-weight:400;text-align:left;vertical-align:top;padding:13px 16px;font-size:15px;line-height:1.55;border:0;border-bottom:1px solid #e3e8ef;overflow-wrap:break-word\">Controlo est\u00e1vel da glicemia mais avalia\u00e7\u00e3o das doen\u00e7as autoimunes acompanhantes<\/td>\n        <td data-label=\"Diabetes tipo 2\" style=\"background:#f6f9fc;color:#22303e;font-weight:400;text-align:left;vertical-align:top;padding:13px 16px;font-size:15px;line-height:1.55;border:0;border-bottom:1px solid #e3e8ef;overflow-wrap:break-word\">Sensibilidade \u00e0 insulina e glicemia atrav\u00e9s do peso, do exerc\u00edcio, da alimenta\u00e7\u00e3o e da terap\u00eautica<\/td>\n      <\/tr>\n      <tr>\n        <td data-label=\"Caracter\u00edstica\" style=\"background:#ffffff;color:#003366;font-weight:700;text-align:left;vertical-align:top;padding:13px 16px;font-size:15px;line-height:1.55;border:0;overflow-wrap:break-word\">Quest\u00e3o da elegibilidade para um transplante capilar<\/td>\n        <td data-label=\"Diabetes tipo 1\" style=\"background:#ffffff;color:#22303e;font-weight:400;text-align:left;vertical-align:top;padding:13px 16px;font-size:15px;line-height:1.55;border:0;overflow-wrap:break-word\">Uma quest\u00e3o de controlo e de gest\u00e3o da glicemia, n\u00e3o uma exclus\u00e3o por causa do tipo<\/td>\n        <td data-label=\"Diabetes tipo 2\" style=\"background:#ffffff;color:#22303e;font-weight:400;text-align:left;vertical-align:top;padding:13px 16px;font-size:15px;line-height:1.55;border:0;overflow-wrap:break-word\">Uma quest\u00e3o de controlo; contam ainda as doen\u00e7as associadas<\/td>\n      <\/tr>\n    <\/tbody>\n  <\/table>\n<\/div>\n\n\n\n<h3 class=\"wp-block-heading\">Tipo 1: a associa\u00e7\u00e3o autoimune<\/h3>\n\n\n\n<p class=\"wp-block-paragraph\">A diabetes tipo 1 \u00e9 ela pr\u00f3pria uma doen\u00e7a autoimune e surge com maior frequ\u00eancia acompanhada de outras. Um estudo transversal em 251 adultos com diabetes tipo 1 encontrou tiroidite de Hashimoto ou hipotiroidismo em 16,3 por cento, anticorpos anti-TPO positivos em 58,6 por cento e anticorpos de doen\u00e7a cel\u00edaca positivos em 16,4 por cento dos testados.<\/p>\n\n\n\n<p class=\"wp-block-paragraph\">A alopecia areata faz parte, de forma reconhecida, da s\u00edndrome poliglandular autoimune tipo 2, da qual tamb\u00e9m faz parte a diabetes autoimune. N\u00e3o existe, por\u00e9m, um n\u00famero de preval\u00eancia populacional fi\u00e1vel para a <a href=\"\/pt\/blog-sobre-implante-capilar\/alopecia-areata\/\">alopecia areata<\/a> na diabetes tipo 1. As percentagens que circulam na internet n\u00e3o resistem \u00e0 verifica\u00e7\u00e3o das fontes.<\/p>\n\n\n\n<p class=\"wp-block-paragraph\">Na pr\u00e1tica isto significa: placas redondas e bem delimitadas na diabetes tipo 1 devem ser avaliadas em dermatologia, e a tiroide deve ser verificada em conjunto. Como as duas coisas se relacionam est\u00e1 explicado no artigo sobre <a href=\"\/pt\/blog-sobre-implante-capilar\/tireoide-queda-de-cabelo\/\">queda de cabelo e tiroide<\/a>. No tratamento da alopecia areata aplicam-se as recomenda\u00e7\u00f5es dermatol\u00f3gicas atuais.<\/p>\n\n\n\n<h3 class=\"wp-block-heading\">Tipo 2: o eixo metab\u00f3lico<\/h3>\n\n\n\n<p class=\"wp-block-paragraph\">Na diabetes tipo 2, a resist\u00eancia \u00e0 insulina est\u00e1 no centro e, com ela, a altera\u00e7\u00e3o hormonal via SHBG e testosterona livre. Por isso encontra-se aqui com mais frequ\u00eancia a combina\u00e7\u00e3o de afinamento difuso com padr\u00e3o androgen\u00e9tico. As duas formas exigem respostas diferentes, o que torna a determina\u00e7\u00e3o do padr\u00e3o t\u00e3o importante.<\/p>\n\n\n\n<p class=\"wp-block-paragraph\">Na pr\u00e1tica, o que \u00e9 relevante \u00e9 a fase que antecede a doen\u00e7a: a associa\u00e7\u00e3o entre resist\u00eancia \u00e0 insulina e queda de cabelo aparece nos estudos j\u00e1 sem diabetes manifesta, ou seja, na fase de pr\u00e9-diabetes. Quem tem queda difusa e um per\u00edmetro abdominal aumentado pode mandar avaliar o metabolismo, mesmo que a HbA1c ainda esteja abaixo do limiar de diagn\u00f3stico.<\/p>\n\n\n\n<h3 class=\"wp-block-heading\">Valores de glicemia a longo prazo: a import\u00e2ncia de um bom controlo<\/h3>\n\n\n\n<p class=\"wp-block-paragraph\">Valores de <a href=\"https:\/\/www.sns24.gov.pt\/tema\/doencas\/doencas-cronicas\/diabetes\/\" target=\"_blank\" rel=\"noopener\">glicemia<\/a> permanentemente altos danificam os vasos sangu\u00edneos e prejudicam a circula\u00e7\u00e3o, pelo que os fol\u00edculos capilares deixam de ser devidamente irrigados. Isso enfraquece as ra\u00edzes do cabelo, torna-o mais fino e atrasa o recrescimento.<\/p>\n\n\n\n<p class=\"wp-block-paragraph\">Al\u00e9m disso, valores mal controlados favorecem inflama\u00e7\u00f5es que perturbam o ciclo capilar e agravam a queda. Um controlo est\u00e1vel da glicemia \u00e9, por isso, decisivo, n\u00e3o s\u00f3 para a sa\u00fade em geral, mas tamb\u00e9m para um cabelo forte e saud\u00e1vel.<\/p>\n\n\n\n<p class=\"wp-block-paragraph\">Em n\u00fameros concretos: as orienta\u00e7\u00f5es cl\u00ednicas recomendam, na diabetes tipo 2, alvos individualizados de HbA1c, na ordem dos 6,5 a 7,5 por cento, consoante a idade, as doen\u00e7as associadas e o risco de hipoglicemia. A ADA indica, nos Standards of Care 2026, um objetivo padr\u00e3o abaixo de 7 por cento para a maioria dos adultos n\u00e3o gr\u00e1vidos.<\/p>\n\n\n\n<p class=\"wp-block-paragraph\">N\u00e3o existe um valor-limite de HbA1c pr\u00f3prio para o cabelo, e ningu\u00e9m o deve inventar. O intervalo-alvo das orienta\u00e7\u00f5es \u00e9, ao mesmo tempo, a melhor refer\u00eancia dispon\u00edvel para tudo o que depende da microcircula\u00e7\u00e3o, e isso inclui o fol\u00edculo capilar.<\/p>\n\n\n\n<h2 class=\"wp-block-heading\">Queda de cabelo em mulheres com diabetes<\/h2>\n\n\n\n<p class=\"wp-block-paragraph\">Nas mulheres, a liga\u00e7\u00e3o mais frequente entre resist\u00eancia \u00e0 insulina e queda de cabelo passa pela s\u00edndrome do ov\u00e1rio poliqu\u00edstico (SOP). Afeta 4 a 8 por cento das mulheres em idade f\u00e9rtil e, consoante os crit\u00e9rios de diagn\u00f3stico e a popula\u00e7\u00e3o, chegam a ser referidos at\u00e9 25 por cento. A resist\u00eancia \u00e0 insulina est\u00e1 presente, consoante o estudo, em cerca de 20 a 70 por cento das afetadas.<\/p>\n\n\n<div class=\"wp-block-image\">\n<figure class=\"aligncenter size-large is-resized\" style=\"max-width:720px;margin-left:auto;margin-right:auto\"><img decoding=\"async\" src=\"https:\/\/elithair.com\/pt\/wp-content\/uploads\/sites\/7\/2026\/08\/frau_scheitel_ausduennung.png\" alt=\"Mulher de meia-idade observa ao espelho a risca do cabelo, cada vez mais fina\" class=\"wp-image-89962\" style=\"width:720px;max-width:100%;height:auto\"\/><\/figure>\n<\/div>\n\n\n<p class=\"wp-block-paragraph\">Importante para o autoenquadramento: esta resist\u00eancia \u00e0 insulina ocorre independentemente do peso corporal. Tamb\u00e9m mulheres magras com SOP podem estar afetadas. Quem, por ter um IMC normal, n\u00e3o se sente visada acaba muitas vezes por ignorar o achado decisivo.<\/p>\n\n\n\n<p class=\"wp-block-paragraph\">O mecanismo \u00e9 o modelo padr\u00e3o da literatura sobre SOP e continua a ser uma hip\u00f3tese: n\u00edveis altos de insulina aumentam a produ\u00e7\u00e3o de androg\u00e9nios no ov\u00e1rio e baixam ao mesmo tempo a SHBG. A testosterona livre sobe e no fol\u00edculo atua mais DHT. Num estudo comparativo, a alopecia androgen\u00e9tica surgiu com muito maior frequ\u00eancia na SOP do que no grupo de controlo.<\/p>\n\n\n\n<p class=\"wp-block-paragraph\">O quadro \u00e9 diferente do masculino: nas mulheres, o topo da cabe\u00e7a vai rareando ao longo da risca e a linha frontal mant\u00e9m-se, em regra, intacta. Esta distribui\u00e7\u00e3o \u00e9 descrita pela escala de Ludwig. Entradas como as dos homens s\u00e3o at\u00edpicas; o sintoma principal \u00e9, isso sim, uma risca cada vez mais larga.<\/p>\n\n\n\n<p class=\"wp-block-paragraph\">Al\u00e9m da SOP, contam nas mulheres outros fatores: a car\u00eancia de ferro devido \u00e0 menstrua\u00e7\u00e3o, as doen\u00e7as da tiroide, a mudan\u00e7a hormonal da <a href=\"\/pt\/blog-sobre-implante-capilar\/queda-de-cabelo-menopausa\/\">menopausa<\/a> e, depois de uma gravidez, o efl\u00favio tel\u00f3geno p\u00f3s-parto. Uma diabetes gestacional \u00e9 ainda um ind\u00edcio de risco posterior de diabetes tipo 2.<\/p>\n\n\n\n<p class=\"wp-block-paragraph\">Vale a pena mandar medir: insulina em jejum e HOMA-IR, testosterona, DHEAS, SHBG, al\u00e9m de <a href=\"\/pt\/blog-sobre-implante-capilar\/deficiencia-de-ferro-queda-de-cabelo\/\">ferritina<\/a> e TSH. Que valores devem ser colhidos, quando e o que mostram est\u00e1 mais abaixo, no plano de an\u00e1lises. Mais sobre o padr\u00e3o feminino no artigo sobre queda de cabelo nas mulheres.<\/p>\n\n\n\n<h2 class=\"wp-block-heading\">Os medicamentos para a diabetes, como a metformina, provocam queda de cabelo?<\/h2>\n\n\n\n<p class=\"wp-block-paragraph\">A metformina n\u00e3o \u00e9 um desencadeador direto conhecido de queda de cabelo. A queda de cabelo n\u00e3o consta como efeito secund\u00e1rio nos resumos das caracter\u00edsticas do medicamento e, ao longo de d\u00e9cadas de utiliza\u00e7\u00e3o controlada, n\u00e3o h\u00e1 prova de um efeito direto no fol\u00edculo. A via secund\u00e1ria documentada \u00e9 outra: na toma prolongada, a metformina reduz a absor\u00e7\u00e3o de vitamina B12.<\/p>\n\n\n\n<h3 class=\"wp-block-heading\">Porque \u00e9 que a metformina n\u00e3o \u00e9 a culpada direta<\/h3>\n\n\n\n<p class=\"wp-block-paragraph\">O que a metformina n\u00e3o faz: n\u00e3o atua no fol\u00edculo capilar, n\u00e3o encurta comprovadamente a fase de crescimento e n\u00e3o est\u00e1 associada \u00e0 queda de cabelo nos documentos de autoriza\u00e7\u00e3o. As advert\u00eancias dos resumos das caracter\u00edsticas do medicamento referem exclusivamente a vitamina B12, n\u00e3o o cabelo.<\/p>\n\n\n\n<p class=\"wp-block-paragraph\">O que a metformina faz: melhora a sensibilidade \u00e0 insulina e atua, assim, exatamente sobre o estado metab\u00f3lico que os estudos associam \u00e0 queda de cabelo de in\u00edcio precoce. Da\u00ed n\u00e3o se pode deduzir um efeito de crescimento capilar, porque n\u00e3o existem estudos sobre isso. Mas o receio \u00f3bvio de que o medicamento seja o culpado n\u00e3o se confirma.<\/p>\n\n\n\n<h3 class=\"wp-block-heading\">Metformina e vitamina B12: quem \u00e9 afetado e o que se mede<\/h3>\n\n\n\n<p class=\"wp-block-paragraph\">A autoridade brit\u00e2nica do medicamento, a MHRA, classificou em 2022, num Drug Safety Update, o n\u00edvel baixo de vitamina B12 como efeito secund\u00e1rio frequente na toma de metformina em dose alta ou prolongada; segundo essa avalia\u00e7\u00e3o, \u00e9 afetada at\u00e9 1 em cada 10 pessoas. \u00c9 recomendada uma monitoriza\u00e7\u00e3o peri\u00f3dica da B12 nos doentes de risco.<\/p>\n\n\n\n<p class=\"wp-block-paragraph\">Os n\u00fameros dos estudos prim\u00e1rios variam muito, consoante o valor-limite e a popula\u00e7\u00e3o: de cerca de 2,3 por cento com toma curta at\u00e9 36,5 e, num trabalho, mesmo 65,7 por cento com uso prolongado. Dados franceses indicam 12,9 contra 5,6 por cento e dados de coorte italianos 5,8 contra 2,4 por cento (odds ratio 2,92). Uma an\u00e1lise do programa All of Us encontrou, nos utilizadores de longa dura\u00e7\u00e3o, um risco de car\u00eancia 67 por cento superior.<\/p>\n\n\n\n<p class=\"wp-block-paragraph\">O risco aumenta com a dose e com a dura\u00e7\u00e3o do tratamento. Mede-se o n\u00edvel de B12 e, em valores-limite, adicionalmente a holotranscobalamina ou o \u00e1cido metilmal\u00f3nico. Sinais de alerta s\u00e3o a anemia, o formigueiro nas m\u00e3os e nos p\u00e9s e as dificuldades de concentra\u00e7\u00e3o. O papel da B12 no cabelo est\u00e1 descrito no artigo sobre <a href=\"\/pt\/blog-sobre-implante-capilar\/vitaminas-queda-de-cabelo\/\">vitaminas contra a queda de cabelo<\/a>.<\/p>\n\n\n\n<p class=\"wp-block-paragraph\">A frase seguinte \u00e9 decisiva, porque evita o erro mais frequente: a metformina n\u00e3o \u00e9 suspensa quando se comprova uma car\u00eancia de B12. Os resumos das caracter\u00edsticas do medicamento preveem manter a terap\u00eautica e suplementar adicionalmente a car\u00eancia. Suspender ou alterar a dose compete exclusivamente ao m\u00e9dico assistente.<\/p>\n\n\n\n<h3 class=\"wp-block-heading\">Agonistas do recetor de GLP-1: Ozempic, Wegovy e Mounjaro<\/h3>\n\n\n\n<p class=\"wp-block-paragraph\">Com os agonistas do recetor de GLP-1 h\u00e1 relatos de queda de cabelo. O consenso entre especialistas explica-a sobretudo como um efl\u00favio tel\u00f3geno na sequ\u00eancia da perda de peso r\u00e1pida e muitas vezes acentuada, e n\u00e3o como um efeito direto da subst\u00e2ncia ativa no fol\u00edculo. Os pormenores, os dados de notifica\u00e7\u00e3o e a abordagem pr\u00e1tica est\u00e3o no artigo espec\u00edfico sobre queda de cabelo com Ozempic.<\/p>\n\n\n\n<h3 class=\"wp-block-heading\">Outras subst\u00e2ncias no mesmo contexto<\/h3>\n\n\n\n<p class=\"wp-block-paragraph\">Para a insulina e os inibidores de SGLT2, esta pesquisa n\u00e3o encontrou dados fi\u00e1veis especificamente relacionados com a queda de cabelo. As estatinas s\u00e3o ocasionalmente referidas em listas gerais de efeitos secund\u00e1rios com queda de cabelo, mas falta uma evid\u00eancia causal robusta. No caso das hormonas da tiroide, a rela\u00e7\u00e3o est\u00e1 na doen\u00e7a de base, n\u00e3o no medicamento.<\/p>\n\n\n\n<style>\n@media (max-width:640px){\n.rt-table-wrap{overflow-x:visible!important;border:0!important;border-radius:0!important}\n.rt-table{min-width:0!important}\n.rt-table thead{display:none}\n.rt-table,.rt-table tbody,.rt-table tr,.rt-table td{display:block;width:100%}\n.rt-table caption{display:block;padding:0 0 12px!important}\n.rt-table tr{margin:0 0 12px;border:1px solid #dbe4f0;border-radius:10px;overflow:hidden}\n.rt-table tr:last-child{margin-bottom:0}\n.rt-table td{display:flex!important;flex-direction:column;gap:3px;padding:12px 14px!important;\nborder:0!important;border-bottom:1px solid #e3e8ef!important;background:#ffffff!important}\n.rt-table tr td:last-child{border-bottom:0!important}\n.rt-table td::before{content:attr(data-label);font-size:12px;font-weight:700;letter-spacing:.04em;\ntext-transform:uppercase;color:#5799F1}\n.rt-table td:not([data-label])::before,.rt-table td[data-label=\"\"]::before{display:none}\n}\n<\/style>\n<div class=\"rt-table-wrap\" style=\"overflow-x:auto;-webkit-overflow-scrolling:touch;margin:28px 0;border:1px solid #dbe4f0;border-radius:12px\">\n  <table class=\"rt-table\" style=\"width:100%;min-width:660px;table-layout:fixed;border-collapse:separate;border-spacing:0;font-size:15px;margin:0\">\n    <caption style=\"caption-side:top;text-align:left;color:#003366;font-weight:700;font-size:16px;line-height:1.35;padding:14px 16px 10px;background:#ffffff\">Medicamentos para a diabetes e o cabelo: o que est\u00e1 demonstrado, o que n\u00e3o est\u00e1 e o que da\u00ed resulta<\/caption>\n    <thead>\n      <tr>\n        <th style=\"width:22%;background:#003366;color:#ffffff;font-weight:700;text-align:left;vertical-align:middle;padding:13px 16px;font-size:15px;line-height:1.4;border:0;overflow-wrap:break-word\">Grupo de subst\u00e2ncias<\/th>\n        <th style=\"background:#003366;color:#ffffff;font-weight:700;text-align:left;vertical-align:middle;padding:13px 16px;font-size:15px;line-height:1.4;border:0;overflow-wrap:break-word\">Rela\u00e7\u00e3o demonstrada com a queda de cabelo<\/th>\n        <th style=\"background:#003366;color:#ffffff;font-weight:700;text-align:left;vertical-align:middle;padding:13px 16px;font-size:15px;line-height:1.4;border:0;overflow-wrap:break-word\">Mecanismo<\/th>\n        <th style=\"background:#003366;color:#ffffff;font-weight:700;text-align:left;vertical-align:middle;padding:13px 16px;font-size:15px;line-height:1.4;border:0;overflow-wrap:break-word\">O que fazer<\/th>\n      <\/tr>\n    <\/thead>\n    <tbody>\n      <tr>\n        <td data-label=\"Grupo de subst\u00e2ncias\" style=\"background:#ffffff;color:#003366;font-weight:700;text-align:left;vertical-align:top;padding:13px 16px;font-size:15px;line-height:1.55;border:0;border-bottom:1px solid #e3e8ef;overflow-wrap:break-word\">Metformina<\/td>\n        <td data-label=\"Rela\u00e7\u00e3o demonstrada com a queda de cabelo\" style=\"background:#ffffff;color:#22303e;font-weight:400;text-align:left;vertical-align:top;padding:13px 16px;font-size:15px;line-height:1.55;border:0;border-bottom:1px solid #e3e8ef;overflow-wrap:break-word\">Nenhuma rela\u00e7\u00e3o direta demonstrada; n\u00e3o consta como efeito secund\u00e1rio nos resumos das caracter\u00edsticas do medicamento<\/td>\n        <td data-label=\"Mecanismo\" style=\"background:#ffffff;color:#22303e;font-weight:400;text-align:left;vertical-align:top;padding:13px 16px;font-size:15px;line-height:1.55;border:0;border-bottom:1px solid #e3e8ef;overflow-wrap:break-word\">Indiretamente, por absor\u00e7\u00e3o alterada de vitamina B12 na toma prolongada (at\u00e9 1 em cada 10 pessoas, MHRA 2022)<\/td>\n        <td data-label=\"O que fazer\" style=\"background:#ffffff;color:#22303e;font-weight:400;text-align:left;vertical-align:top;padding:13px 16px;font-size:15px;line-height:1.55;border:0;border-bottom:1px solid #e3e8ef;overflow-wrap:break-word\">Mandar controlar o n\u00edvel de B12 ao longo do tempo, suplementar em caso de car\u00eancia, n\u00e3o alterar a terap\u00eautica por conta pr\u00f3pria<\/td>\n      <\/tr>\n      <tr>\n        <td data-label=\"Grupo de subst\u00e2ncias\" style=\"background:#f6f9fc;color:#003366;font-weight:700;text-align:left;vertical-align:top;padding:13px 16px;font-size:15px;line-height:1.55;border:0;border-bottom:1px solid #e3e8ef;overflow-wrap:break-word\">Agonistas do recetor de GLP-1 (semaglutido, tirzepatido)<\/td>\n        <td data-label=\"Rela\u00e7\u00e3o demonstrada com a queda de cabelo\" style=\"background:#f6f9fc;color:#22303e;font-weight:400;text-align:left;vertical-align:top;padding:13px 16px;font-size:15px;line-height:1.55;border:0;border-bottom:1px solid #e3e8ef;overflow-wrap:break-word\">\u00c9 relatada queda de cabelo, sobretudo em consequ\u00eancia da perda de peso r\u00e1pida<\/td>\n        <td data-label=\"Mecanismo\" style=\"background:#f6f9fc;color:#22303e;font-weight:400;text-align:left;vertical-align:top;padding:13px 16px;font-size:15px;line-height:1.55;border:0;border-bottom:1px solid #e3e8ef;overflow-wrap:break-word\">Efl\u00favio tel\u00f3geno ap\u00f3s perda de peso acentuada, sem efeito folicular direto demonstrado<\/td>\n        <td data-label=\"O que fazer\" style=\"background:#f6f9fc;color:#22303e;font-weight:400;text-align:left;vertical-align:top;padding:13px 16px;font-size:15px;line-height:1.55;border:0;border-bottom:1px solid #e3e8ef;overflow-wrap:break-word\">Assegurar o aporte de prote\u00edna e de micronutrientes, falar na consulta sobre o ritmo da perda de peso<\/td>\n      <\/tr>\n      <tr>\n        <td data-label=\"Grupo de subst\u00e2ncias\" style=\"background:#ffffff;color:#003366;font-weight:700;text-align:left;vertical-align:top;padding:13px 16px;font-size:15px;line-height:1.55;border:0;border-bottom:1px solid #e3e8ef;overflow-wrap:break-word\">Insulina<\/td>\n        <td data-label=\"Rela\u00e7\u00e3o demonstrada com a queda de cabelo\" style=\"background:#ffffff;color:#22303e;font-weight:400;text-align:left;vertical-align:top;padding:13px 16px;font-size:15px;line-height:1.55;border:0;border-bottom:1px solid #e3e8ef;overflow-wrap:break-word\">Nenhuma rela\u00e7\u00e3o demonstrada<\/td>\n        <td data-label=\"Mecanismo\" style=\"background:#ffffff;color:#22303e;font-weight:400;text-align:left;vertical-align:top;padding:13px 16px;font-size:15px;line-height:1.55;border:0;border-bottom:1px solid #e3e8ef;overflow-wrap:break-word\">N\u00e3o aplic\u00e1vel<\/td>\n        <td data-label=\"O que fazer\" style=\"background:#ffffff;color:#22303e;font-weight:400;text-align:left;vertical-align:top;padding:13px 16px;font-size:15px;line-height:1.55;border:0;border-bottom:1px solid #e3e8ef;overflow-wrap:break-word\">Nenhuma medida espec\u00edfica; decisiva continua a ser a qualidade do controlo da glicemia<\/td>\n      <\/tr>\n      <tr>\n        <td data-label=\"Grupo de subst\u00e2ncias\" style=\"background:#f6f9fc;color:#003366;font-weight:700;text-align:left;vertical-align:top;padding:13px 16px;font-size:15px;line-height:1.55;border:0;border-bottom:1px solid #e3e8ef;overflow-wrap:break-word\">Inibidores de SGLT2<\/td>\n        <td data-label=\"Rela\u00e7\u00e3o demonstrada com a queda de cabelo\" style=\"background:#f6f9fc;color:#22303e;font-weight:400;text-align:left;vertical-align:top;padding:13px 16px;font-size:15px;line-height:1.55;border:0;border-bottom:1px solid #e3e8ef;overflow-wrap:break-word\">Nenhuma rela\u00e7\u00e3o demonstrada<\/td>\n        <td data-label=\"Mecanismo\" style=\"background:#f6f9fc;color:#22303e;font-weight:400;text-align:left;vertical-align:top;padding:13px 16px;font-size:15px;line-height:1.55;border:0;border-bottom:1px solid #e3e8ef;overflow-wrap:break-word\">N\u00e3o aplic\u00e1vel<\/td>\n        <td data-label=\"O que fazer\" style=\"background:#f6f9fc;color:#22303e;font-weight:400;text-align:left;vertical-align:top;padding:13px 16px;font-size:15px;line-height:1.55;border:0;border-bottom:1px solid #e3e8ef;overflow-wrap:break-word\">Nenhuma medida espec\u00edfica<\/td>\n      <\/tr>\n      <tr>\n        <td data-label=\"Grupo de subst\u00e2ncias\" style=\"background:#ffffff;color:#003366;font-weight:700;text-align:left;vertical-align:top;padding:13px 16px;font-size:15px;line-height:1.55;border:0;border-bottom:1px solid #e3e8ef;overflow-wrap:break-word\">Estatinas<\/td>\n        <td data-label=\"Rela\u00e7\u00e3o demonstrada com a queda de cabelo\" style=\"background:#ffffff;color:#22303e;font-weight:400;text-align:left;vertical-align:top;padding:13px 16px;font-size:15px;line-height:1.55;border:0;border-bottom:1px solid #e3e8ef;overflow-wrap:break-word\">Nenhuma rela\u00e7\u00e3o robustamente demonstrada; ocasionalmente referida em listas gerais de efeitos secund\u00e1rios<\/td>\n        <td data-label=\"Mecanismo\" style=\"background:#ffffff;color:#22303e;font-weight:400;text-align:left;vertical-align:top;padding:13px 16px;font-size:15px;line-height:1.55;border:0;border-bottom:1px solid #e3e8ef;overflow-wrap:break-word\">Sem explica\u00e7\u00e3o estabelecida<\/td>\n        <td data-label=\"O que fazer\" style=\"background:#ffffff;color:#22303e;font-weight:400;text-align:left;vertical-align:top;padding:13px 16px;font-size:15px;line-height:1.55;border:0;border-bottom:1px solid #e3e8ef;overflow-wrap:break-word\">Em caso de suspeita, mandar avaliar pelo m\u00e9dico; nunca suspender por conta pr\u00f3pria<\/td>\n      <\/tr>\n      <tr>\n        <td data-label=\"Grupo de subst\u00e2ncias\" style=\"background:#f6f9fc;color:#003366;font-weight:700;text-align:left;vertical-align:top;padding:13px 16px;font-size:15px;line-height:1.55;border:0;overflow-wrap:break-word\">Hormonas da tiroide<\/td>\n        <td data-label=\"Rela\u00e7\u00e3o demonstrada com a queda de cabelo\" style=\"background:#f6f9fc;color:#22303e;font-weight:400;text-align:left;vertical-align:top;padding:13px 16px;font-size:15px;line-height:1.55;border:0;overflow-wrap:break-word\">A rela\u00e7\u00e3o existe atrav\u00e9s da fun\u00e7\u00e3o da tiroide, n\u00e3o do medicamento<\/td>\n        <td data-label=\"Mecanismo\" style=\"background:#f6f9fc;color:#22303e;font-weight:400;text-align:left;vertical-align:top;padding:13px 16px;font-size:15px;line-height:1.55;border:0;overflow-wrap:break-word\">O hipotiroidismo e o hipertiroidismo perturbam o ciclo capilar; est\u00e1 descrita uma queda inicial no come\u00e7o da terap\u00eautica<\/td>\n        <td data-label=\"O que fazer\" style=\"background:#f6f9fc;color:#22303e;font-weight:400;text-align:left;vertical-align:top;padding:13px 16px;font-size:15px;line-height:1.55;border:0;overflow-wrap:break-word\">Controlar o TSH, ajustar a dose por indica\u00e7\u00e3o m\u00e9dica<\/td>\n      <\/tr>\n    <\/tbody>\n  <\/table>\n<\/div>\n\n\n\n<p class=\"wp-block-paragraph\">Uma frase como baliza para toda a sec\u00e7\u00e3o: nenhum medicamento para a diabetes deve ser suspenso por conta pr\u00f3pria por causa da queda de cabelo. Para o cabelo, a glicemia \u00e9 o fator mais forte, e um metabolismo descontrolado custa mais cabelo do que qualquer um destes medicamentos.<\/p>\n\n\n\n<h2 class=\"wp-block-heading\">O estilo de vida como fator<\/h2>\n\n\n\n<figure class=\"wp-block-image size-full\"><img decoding=\"async\" src=\"https:\/\/elithair.com\/pt\/wp-content\/uploads\/sites\/7\/2026\/08\/bestand_97302.png\" alt=\"O lado esquerdo da imagem mostra uma sele\u00e7\u00e3o de alimentos pouco saud\u00e1veis e o lado direito, alimentos saud\u00e1veis\" class=\"wp-image-89971\"\/><\/figure>\n\n\n\n<p class=\"wp-block-paragraph\">Um estilo de vida pouco saud\u00e1vel pode agravar a queda de cabelo na diabetes, porque desestabiliza os valores de glicemia e prejudica o aporte de nutrientes aos fol\u00edculos capilares. Uma alimenta\u00e7\u00e3o desequilibrada, com demasiado a\u00e7\u00facar e alimentos processados, pode levar a car\u00eancias de ferro, zinco ou biotina, componentes essenciais para um cabelo saud\u00e1vel.<\/p>\n\n\n\n<p class=\"wp-block-paragraph\">Tamb\u00e9m o stress cr\u00f3nico afeta negativamente o ciclo capilar e pode acelerar a queda. O exerc\u00edcio f\u00edsico regular melhora a circula\u00e7\u00e3o, estabiliza a glicemia e apoia o crescimento do cabelo. A recomenda\u00e7\u00e3o padr\u00e3o s\u00e3o 150 minutos de atividade aer\u00f3bia moderada por semana, complementados com treino de for\u00e7a.<\/p>\n\n\n\n<p class=\"wp-block-paragraph\">Com ajustes dirigidos na alimenta\u00e7\u00e3o, no exerc\u00edcio e na gest\u00e3o do stress, a <strong>queda de cabelo na diabetes<\/strong> consegue muitas vezes reduzir-se de forma clara. O efeito passa pelo metabolismo e n\u00e3o diretamente pela raiz do cabelo, pelo que exige a mesma paci\u00eancia que o ciclo capilar.<\/p>\n\n\n\n<h3 class=\"wp-block-heading\">Low carb, cetog\u00e9nica e perda de peso r\u00e1pida: o desencadeador esquecido<\/h3>\n\n\n\n<p class=\"wp-block-paragraph\">H\u00e1 uma situa\u00e7\u00e3o muito frequente que raramente se menciona: quem muda radicalmente a alimenta\u00e7\u00e3o perde muitas vezes bastante peso em poucos meses e, 2 a 3 meses depois, sofre uma queda de cabelo marcada. Nesse caso, o desencadeador n\u00e3o \u00e9 a diabetes, mas a mudan\u00e7a, e a queda \u00e9 revers\u00edvel.<\/p>\n\n\n\n<p class=\"wp-block-paragraph\">Na literatura discutem-se, como limiares de risco para um efl\u00favio tel\u00f3geno, uma perda de cerca de 15 por cento da massa corporal ou de mais de 3,5 quilogramas por m\u00eas. Estes n\u00fameros v\u00eam de fontes secund\u00e1rias e s\u00e3o uma orienta\u00e7\u00e3o pr\u00e1tica, n\u00e3o um limite r\u00edgido. Depois da estabiliza\u00e7\u00e3o, a recupera\u00e7\u00e3o demora habitualmente 6 a 9 meses.<\/p>\n\n\n\n<p class=\"wp-block-paragraph\">O desencadeador n\u00e3o \u00e9 o tipo de dieta, mas o d\u00e9fice: poucas calorias, pouca prote\u00edna, pouco ferro e pouco zinco. A consequ\u00eancia certa n\u00e3o \u00e9, por isso, desfazer a mudan\u00e7a alimentar. \u00c9 antes: assegurar o aporte de prote\u00edna, mandar verificar os micronutrientes e abrandar o ritmo da perda de peso.<\/p>\n\n\n\n<h2 class=\"wp-block-heading\">A queda de cabelo pode ser um sinal precoce de diabetes?<\/h2>\n\n\n\n<p class=\"wp-block-paragraph\">A queda de cabelo pode ser um ind\u00edcio de diabetes por diagnosticar, sobretudo em combina\u00e7\u00e3o com outros sintomas. A altera\u00e7\u00e3o metab\u00f3lica prejudica a circula\u00e7\u00e3o sangu\u00ednea, pelo que os fol\u00edculos capilares recebem menos aporte. Isso enfraquece as ra\u00edzes do cabelo e pode levar a cabelo mais fino ou a maior queda.<\/p>\n\n\n\n<p class=\"wp-block-paragraph\">Isto \u00e9 mais relevante do que parece: uma parte consider\u00e1vel dos casos de diabetes permanece por diagnosticar, porque a doen\u00e7a pode evoluir durante anos sem sintomas claros.<\/p>\n\n\n\n<p class=\"wp-block-paragraph\">A diabetes n\u00e3o detetada manifesta-se muitas vezes de forma insidiosa: al\u00e9m da queda de cabelo, podem surgir pele seca, cicatriza\u00e7\u00e3o lenta ou cansa\u00e7o persistente. A isto juntam-se sede intensa, urinar com frequ\u00eancia, altera\u00e7\u00f5es da vis\u00e3o e perda de peso n\u00e3o intencional. Se aparecer tamb\u00e9m queda de cabelo difusa, o que deve ser verificado \u00e9 a glicemia e n\u00e3o o champ\u00f4.<\/p>\n\n\n\n<p class=\"wp-block-paragraph\">Existem tr\u00eas testes para isso: a HbA1c mostra o valor de longo prazo das \u00faltimas 8 a 12 semanas, a glicose em jejum uma fotografia do momento e a prova de toler\u00e2ncia oral \u00e0 glicose a rea\u00e7\u00e3o a uma quantidade definida de a\u00e7\u00facar. Uma HbA1c a partir de 6,5 por cento \u00e9 internacionalmente considerada crit\u00e9rio de diagn\u00f3stico.<\/p>\n\n\n\n<h3 class=\"wp-block-heading\">Porque \u00e9 que um diagn\u00f3stico precoce \u00e9 decisivo<\/h3>\n\n\n\n<p class=\"wp-block-paragraph\">Quanto mais cedo a doen\u00e7a \u00e9 reconhecida, melhor se conseguem estabilizar os valores de glicemia e evitar danos nos vasos sangu\u00edneos, nos nervos e nos fol\u00edculos capilares. Um tratamento atempado pode reduzir a queda de cabelo e apoiar o crescimento.<\/p>\n\n\n\n<p class=\"wp-block-paragraph\">Para o cabelo isso significa, em concreto: uma queda difusa de origem metab\u00f3lica pode regredir. Uma zona cicatricial ou danificada por microangiopatia avan\u00e7ada j\u00e1 n\u00e3o na mesma medida.<\/p>\n\n\n\n<p class=\"wp-block-paragraph\">Se o problema surgir juntamente com pele seca, cansa\u00e7o ou cicatriza\u00e7\u00e3o lenta, deve ser avaliado por um m\u00e9dico. Uma simples an\u00e1lise ao sangue esclarece rapidamente. N\u00e3o espere: um diagn\u00f3stico precoce protege n\u00e3o s\u00f3 o cabelo, mas tamb\u00e9m a sa\u00fade. Quem n\u00e3o souber por onde come\u00e7ar encontra no artigo <a href=\"\/pt\/blog-sobre-implante-capilar\/queda-de-cabelo-que-medico\/\">queda de cabelo: que m\u00e9dico procurar<\/a> as compet\u00eancias de cada especialidade.<\/p>\n\n\n\n<h2 class=\"wp-block-heading\">Preven\u00e7\u00e3o: como evitar a queda de cabelo na diabetes?<\/h2>\n\n\n\n<p class=\"wp-block-paragraph\">A preven\u00e7\u00e3o da queda de cabelo come\u00e7a com uma gest\u00e3o consciente da diabetes e com o cuidado da sa\u00fade em geral. Com medidas dirigidas \u00e9 poss\u00edvel reduzir claramente o risco de perda de cabelo e apoiar a longo prazo o crescimento de cabelo saud\u00e1vel; assim, os afetados podem ativamente <strong>travar a queda de cabelo na diabetes<\/strong>.<\/p>\n\n\n\n<p class=\"wp-block-paragraph\">A pergunta sobre se \u00e9 poss\u00edvel travar a queda de cabelo na diabetes tem uma resposta honesta: a parte difusa, desencadeada pelo metabolismo, \u00e9 revers\u00edvel; uma parte androgen\u00e9tica n\u00e3o \u00e9 afetada por isso e precisa de tratamento pr\u00f3prio.<\/p>\n\n\n\n<h3 class=\"wp-block-heading\">Gest\u00e3o da glicemia: a base para um cabelo saud\u00e1vel<\/h3>\n\n\n\n<p class=\"wp-block-paragraph\">Uma glicemia bem controlada \u00e9 decisiva para evitar a queda de cabelo na diabetes. Valores altos danificam os vasos sangu\u00edneos, reduzem o aporte de nutrientes aos fol\u00edculos capilares e favorecem a perda de cabelo.<\/p>\n\n\n\n<p class=\"wp-block-paragraph\">Uma <a href=\"https:\/\/www.sns24.gov.pt\/tema\/doencas\/doencas-cronicas\/diabetes\/\" target=\"_blank\" rel=\"noopener\">HbA1c<\/a> est\u00e1vel, dentro do intervalo recomendado pelas orienta\u00e7\u00f5es, de cerca de 6,5 a 7,5 por cento, mant\u00e9m a irriga\u00e7\u00e3o das ra\u00edzes do cabelo t\u00e3o boa quanto poss\u00edvel. Medi\u00e7\u00f5es regulares da glicemia e uma terap\u00eautica ajustada em articula\u00e7\u00e3o com o m\u00e9dico ajudam a evitar complica\u00e7\u00f5es e a apoiar o crescimento do cabelo.<\/p>\n\n\n<div class=\"wp-block-image\">\n<figure class=\"aligncenter size-large is-resized\" style=\"max-width:720px;margin-left:auto;margin-right:auto\"><img decoding=\"async\" src=\"https:\/\/elithair.com\/pt\/wp-content\/uploads\/sites\/7\/2026\/08\/blutzucker_alltag_messung.png\" alt=\"Homem verifica \u00e0 mesa do pequeno-almo\u00e7o o sensor de glicose colocado no bra\u00e7o\" class=\"wp-image-89963\" style=\"width:720px;max-width:100%;height:auto\"\/><\/figure>\n<\/div>\n\n\n<h3 class=\"wp-block-heading\">Consultas m\u00e9dicas regulares: detetar problemas a tempo<\/h3>\n\n\n\n<p class=\"wp-block-paragraph\">A diabetes pode trazer muitos fen\u00f3menos associados. As consultas m\u00e9dicas regulares permitem detetar cedo problemas como car\u00eancias nutricionais, altera\u00e7\u00f5es hormonais ou perturba\u00e7\u00f5es da circula\u00e7\u00e3o e trat\u00e1-los de forma dirigida. Fale abertamente da queda de cabelo, porque de outro modo o tema raramente surge na consulta de diabetes.<\/p>\n\n\n\n<p class=\"wp-block-paragraph\">Um check-up de sa\u00fade completo, que inclua an\u00e1lises ao sangue e observa\u00e7\u00e3o do couro cabeludo, ajuda a travar a tempo a perda de cabelo e a promover a sa\u00fade dos fol\u00edculos capilares. Na neuropatia, faz parte a verifica\u00e7\u00e3o de pequenas les\u00f5es n\u00e3o sentidas, porque de outro modo da\u00ed resulta uma inflama\u00e7\u00e3o e, no pior dos casos, uma queda de cabelo cicatricial.<\/p>\n\n\n\n<h3 class=\"wp-block-heading\">Estilo de vida saud\u00e1vel: a chave da preven\u00e7\u00e3o<\/h3>\n\n\n\n<p class=\"wp-block-paragraph\">Um estilo de vida saud\u00e1vel d\u00e1 um apoio adicional ao cabelo. O exerc\u00edcio regular melhora a circula\u00e7\u00e3o e leva nutrientes \u00e0s ra\u00edzes. Bastam caminhadas di\u00e1rias ou treino ligeiro para favorecer o crescimento do cabelo.<\/p>\n\n\n\n<p class=\"wp-block-paragraph\">Tamb\u00e9m a alimenta\u00e7\u00e3o conta: prescindir do a\u00e7\u00facar e dos alimentos muito processados ajuda a manter a glicemia est\u00e1vel. Fumar piora a circula\u00e7\u00e3o e agrava a perda de cabelo; deixar de fumar \u00e9, por isso, o ponto subestimado com maior benef\u00edcio vascular.<\/p>\n\n\n\n<h3 class=\"wp-block-heading\">Quando \u00e9 que o cabelo volta a crescer?<\/h3>\n\n\n\n<p class=\"wp-block-paragraph\">Na queda difusa de origem metab\u00f3lica, um efl\u00favio tel\u00f3geno agudo regride espontaneamente em cerca de 95 por cento dos casos, assim que o desencadeador \u00e9 resolvido (StatPearls). O prazo \u00e9 ditado pelo ciclo capilar e n\u00e3o pode ser encurtado, tampouco com produtos.<\/p>\n\n\n\n<style>\n@media (max-width:640px){\n.rt-table-wrap{overflow-x:visible!important;border:0!important;border-radius:0!important}\n.rt-table{min-width:0!important}\n.rt-table thead{display:none}\n.rt-table,.rt-table tbody,.rt-table tr,.rt-table td{display:block;width:100%}\n.rt-table caption{display:block;padding:0 0 12px!important}\n.rt-table tr{margin:0 0 12px;border:1px solid #dbe4f0;border-radius:10px;overflow:hidden}\n.rt-table tr:last-child{margin-bottom:0}\n.rt-table td{display:flex!important;flex-direction:column;gap:3px;padding:12px 14px!important;\nborder:0!important;border-bottom:1px solid #e3e8ef!important;background:#ffffff!important}\n.rt-table tr td:last-child{border-bottom:0!important}\n.rt-table td::before{content:attr(data-label);font-size:12px;font-weight:700;letter-spacing:.04em;\ntext-transform:uppercase;color:#5799F1}\n.rt-table td:not([data-label])::before,.rt-table td[data-label=\"\"]::before{display:none}\n}\n<\/style>\n<div class=\"rt-table-wrap\" style=\"overflow-x:auto;-webkit-overflow-scrolling:touch;margin:28px 0;border:1px solid #dbe4f0;border-radius:12px\">\n  <table class=\"rt-table\" style=\"width:100%;min-width:620px;table-layout:fixed;border-collapse:separate;border-spacing:0;font-size:15px;margin:0\">\n    <caption style=\"caption-side:top;text-align:left;color:#003366;font-weight:700;font-size:16px;line-height:1.35;padding:14px 16px 10px;background:#ffffff\">Cronologia na queda difusa desencadeada pelo metabolismo. N\u00e3o se aplica \u00e0 queda androgen\u00e9tica nem \u00e0 queda cicatricial.<\/caption>\n    <thead>\n      <tr>\n        <th style=\"width:22%;background:#003366;color:#ffffff;font-weight:700;text-align:left;vertical-align:middle;padding:13px 16px;font-size:15px;line-height:1.4;border:0;overflow-wrap:break-word\">Per\u00edodo<\/th>\n        <th style=\"background:#003366;color:#ffffff;font-weight:700;text-align:left;vertical-align:middle;padding:13px 16px;font-size:15px;line-height:1.4;border:0;overflow-wrap:break-word\">O que acontece no corpo<\/th>\n        <th style=\"background:#003366;color:#ffffff;font-weight:700;text-align:left;vertical-align:middle;padding:13px 16px;font-size:15px;line-height:1.4;border:0;overflow-wrap:break-word\">O que v\u00ea<\/th>\n      <\/tr>\n    <\/thead>\n    <tbody>\n      <tr>\n        <td data-label=\"Per\u00edodo\" style=\"background:#ffffff;color:#003366;font-weight:700;text-align:left;vertical-align:top;padding:13px 16px;font-size:15px;line-height:1.55;border:0;border-bottom:1px solid #e3e8ef;overflow-wrap:break-word\">M\u00eas 1 a 2<\/td>\n        <td data-label=\"O que acontece no corpo\" style=\"background:#ffffff;color:#22303e;font-weight:400;text-align:left;vertical-align:top;padding:13px 16px;font-size:15px;line-height:1.55;border:0;border-bottom:1px solid #e3e8ef;overflow-wrap:break-word\">O desencadeador ficou para tr\u00e1s, a glicemia estabiliza, menos fol\u00edculos passam de novo \u00e0 fase de repouso<\/td>\n        <td data-label=\"O que v\u00ea\" style=\"background:#ffffff;color:#22303e;font-weight:400;text-align:left;vertical-align:top;padding:13px 16px;font-size:15px;line-height:1.55;border:0;border-bottom:1px solid #e3e8ef;overflow-wrap:break-word\">A queda abranda lentamente, juntam-se menos cabelos na escova e no ralo<\/td>\n      <\/tr>\n      <tr>\n        <td data-label=\"Per\u00edodo\" style=\"background:#f6f9fc;color:#003366;font-weight:700;text-align:left;vertical-align:top;padding:13px 16px;font-size:15px;line-height:1.55;border:0;border-bottom:1px solid #e3e8ef;overflow-wrap:break-word\">M\u00eas 3 a 4<\/td>\n        <td data-label=\"O que acontece no corpo\" style=\"background:#f6f9fc;color:#22303e;font-weight:400;text-align:left;vertical-align:top;padding:13px 16px;font-size:15px;line-height:1.55;border:0;border-bottom:1px solid #e3e8ef;overflow-wrap:break-word\">Os fol\u00edculos voltam a entrar em maior n\u00famero na fase de crescimento (anag\u00e9nio)<\/td>\n        <td data-label=\"O que v\u00ea\" style=\"background:#f6f9fc;color:#22303e;font-weight:400;text-align:left;vertical-align:top;padding:13px 16px;font-size:15px;line-height:1.55;border:0;border-bottom:1px solid #e3e8ef;overflow-wrap:break-word\">A queda \u00e9 claramente menor, mas ainda n\u00e3o se nota nada na densidade<\/td>\n      <\/tr>\n      <tr>\n        <td data-label=\"Per\u00edodo\" style=\"background:#ffffff;color:#003366;font-weight:700;text-align:left;vertical-align:top;padding:13px 16px;font-size:15px;line-height:1.55;border:0;border-bottom:1px solid #e3e8ef;overflow-wrap:break-word\">M\u00eas 5 a 6<\/td>\n        <td data-label=\"O que acontece no corpo\" style=\"background:#ffffff;color:#22303e;font-weight:400;text-align:left;vertical-align:top;padding:13px 16px;font-size:15px;line-height:1.55;border:0;border-bottom:1px solid #e3e8ef;overflow-wrap:break-word\">Crescem cabelos novos; na maioria das pessoas, um efl\u00favio tel\u00f3geno agudo \u00e9 considerado resolvido<\/td>\n        <td data-label=\"O que v\u00ea\" style=\"background:#ffffff;color:#22303e;font-weight:400;text-align:left;vertical-align:top;padding:13px 16px;font-size:15px;line-height:1.55;border:0;border-bottom:1px solid #e3e8ef;overflow-wrap:break-word\">Cabelos curtos e finos na risca e na linha frontal, o cabelo parece de novo mais denso junto \u00e0s ra\u00edzes<\/td>\n      <\/tr>\n      <tr>\n        <td data-label=\"Per\u00edodo\" style=\"background:#f6f9fc;color:#003366;font-weight:700;text-align:left;vertical-align:top;padding:13px 16px;font-size:15px;line-height:1.55;border:0;overflow-wrap:break-word\">M\u00eas 9 a 12<\/td>\n        <td data-label=\"O que acontece no corpo\" style=\"background:#f6f9fc;color:#22303e;font-weight:400;text-align:left;vertical-align:top;padding:13px 16px;font-size:15px;line-height:1.55;border:0;overflow-wrap:break-word\">Os cabelos novos ganham comprimento e calibre, e o ciclo recupera a fase de repouso adiada<\/td>\n        <td data-label=\"O que v\u00ea\" style=\"background:#f6f9fc;color:#22303e;font-weight:400;text-align:left;vertical-align:top;padding:13px 16px;font-size:15px;line-height:1.55;border:0;overflow-wrap:break-word\">Aumento vis\u00edvel da densidade; em casos isolados, a densidade total pode demorar 12 a 18 meses<\/td>\n      <\/tr>\n    <\/tbody>\n  <\/table>\n<\/div>\n\n\n\n<p class=\"wp-block-paragraph\">H\u00e1 que fazer duas ressalvas: se a glicemia se mantiver alta, toda a cronologia se atrasa, porque o desencadeador continua ativo. E uma parte androgen\u00e9tica n\u00e3o volta a crescer; sem tratamento pr\u00f3prio, progride lentamente.<\/p>\n\n\n\n<h2 class=\"wp-block-heading\">Como devem proceder os afetados?<\/h2>\n\n\n\n<p class=\"wp-block-paragraph\">A queda de cabelo na diabetes \u00e9 desgastante, mas com a estrat\u00e9gia certa consegue muitas vezes reduzir-se. Decisivo \u00e9 um controlo est\u00e1vel da glicemia, porque melhora a circula\u00e7\u00e3o e assegura o melhor aporte poss\u00edvel aos fol\u00edculos capilares.<\/p>\n\n\n\n<p class=\"wp-block-paragraph\">Controlos m\u00e9dicos regulares e uma terap\u00eautica ajustada ajudam a evitar danos de longo prazo nos vasos sangu\u00edneos e nas ra\u00edzes do cabelo. Em combina\u00e7\u00e3o com cuidados dirigidos e um estilo de vida saud\u00e1vel, os afetados podem apoiar o crescimento do cabelo.<\/p>\n\n\n\n<p class=\"wp-block-paragraph\">O primeiro passo n\u00e3o \u00e9, por isso, um produto, mas uma consulta com os valores laboratoriais certos. Estes oito par\u00e2metros esclarecem, na maioria dos casos, se por tr\u00e1s da queda de cabelo est\u00e1 o metabolismo, uma car\u00eancia, a tiroide ou uma causa hormonal. Leve a lista consigo para a consulta.<\/p>\n\n\n\n<style>\n@media (max-width:640px){\n.rt-table-wrap{overflow-x:visible!important;border:0!important;border-radius:0!important}\n.rt-table{min-width:0!important}\n.rt-table thead{display:none}\n.rt-table,.rt-table tbody,.rt-table tr,.rt-table td{display:block;width:100%}\n.rt-table caption{display:block;padding:0 0 12px!important}\n.rt-table tr{margin:0 0 12px;border:1px solid #dbe4f0;border-radius:10px;overflow:hidden}\n.rt-table tr:last-child{margin-bottom:0}\n.rt-table td{display:flex!important;flex-direction:column;gap:3px;padding:12px 14px!important;\nborder:0!important;border-bottom:1px solid #e3e8ef!important;background:#ffffff!important}\n.rt-table tr td:last-child{border-bottom:0!important}\n.rt-table td::before{content:attr(data-label);font-size:12px;font-weight:700;letter-spacing:.04em;\ntext-transform:uppercase;color:#5799F1}\n.rt-table td:not([data-label])::before,.rt-table td[data-label=\"\"]::before{display:none}\n}\n<\/style>\n<div class=\"rt-table-wrap\" style=\"overflow-x:auto;-webkit-overflow-scrolling:touch;margin:28px 0;border:1px solid #dbe4f0;border-radius:12px\">\n  <table class=\"rt-table\" style=\"width:100%;min-width:700px;table-layout:fixed;border-collapse:separate;border-spacing:0;font-size:15px;margin:0\">\n    <caption style=\"caption-side:top;text-align:left;color:#003366;font-weight:700;font-size:16px;line-height:1.35;padding:14px 16px 10px;background:#ffffff\">O seu plano para a consulta m\u00e9dica: estes oito valores esclarecem a causa<\/caption>\n    <thead>\n      <tr>\n        <th style=\"width:20%;background:#003366;color:#ffffff;font-weight:700;text-align:left;vertical-align:middle;padding:13px 16px;font-size:15px;line-height:1.4;border:0;overflow-wrap:break-word\">Valor<\/th>\n        <th style=\"background:#003366;color:#ffffff;font-weight:700;text-align:left;vertical-align:middle;padding:13px 16px;font-size:15px;line-height:1.4;border:0;overflow-wrap:break-word\">Porque \u00e9 relevante na diabetes e na queda de cabelo<\/th>\n        <th style=\"background:#003366;color:#ffffff;font-weight:700;text-align:left;vertical-align:middle;padding:13px 16px;font-size:15px;line-height:1.4;border:0;overflow-wrap:break-word\">Refer\u00eancia<\/th>\n        <th style=\"background:#003366;color:#ffffff;font-weight:700;text-align:left;vertical-align:middle;padding:13px 16px;font-size:15px;line-height:1.4;border:0;overflow-wrap:break-word\">Em jejum?<\/th>\n        <th style=\"background:#003366;color:#ffffff;font-weight:700;text-align:left;vertical-align:middle;padding:13px 16px;font-size:15px;line-height:1.4;border:0;overflow-wrap:break-word\">Quem mede<\/th>\n      <\/tr>\n    <\/thead>\n    <tbody>\n      <tr>\n        <td data-label=\"Valor\" style=\"background:#ffffff;color:#003366;font-weight:700;text-align:left;vertical-align:top;padding:13px 16px;font-size:15px;line-height:1.55;border:0;border-bottom:1px solid #e3e8ef;overflow-wrap:break-word\">HbA1c<\/td>\n        <td data-label=\"Porque \u00e9 relevante na diabetes e na queda de cabelo\" style=\"background:#ffffff;color:#22303e;font-weight:400;text-align:left;vertical-align:top;padding:13px 16px;font-size:15px;line-height:1.55;border:0;border-bottom:1px solid #e3e8ef;overflow-wrap:break-word\">Glicemia de longo prazo das \u00faltimas 8 a 12 semanas, o fator modific\u00e1vel mais forte<\/td>\n        <td data-label=\"Refer\u00eancia\" style=\"background:#ffffff;color:#22303e;font-weight:400;text-align:left;vertical-align:top;padding:13px 16px;font-size:15px;line-height:1.55;border:0;border-bottom:1px solid #e3e8ef;overflow-wrap:break-word\">Intervalo-alvo de 6,5 a 7,5 por cento (individualizado, segundo as orienta\u00e7\u00f5es), objetivo padr\u00e3o da ADA abaixo de 7 por cento, limiar de diagn\u00f3stico 6,5 por cento<\/td>\n        <td data-label=\"Em jejum?\" style=\"background:#ffffff;color:#22303e;font-weight:400;text-align:left;vertical-align:top;padding:13px 16px;font-size:15px;line-height:1.55;border:0;border-bottom:1px solid #e3e8ef;overflow-wrap:break-word\">N\u00e3o<\/td>\n        <td data-label=\"Quem mede\" style=\"background:#ffffff;color:#22303e;font-weight:400;text-align:left;vertical-align:top;padding:13px 16px;font-size:15px;line-height:1.55;border:0;border-bottom:1px solid #e3e8ef;overflow-wrap:break-word\">M\u00e9dico de fam\u00edlia ou consulta de diabetologia<\/td>\n      <\/tr>\n      <tr>\n        <td data-label=\"Valor\" style=\"background:#f6f9fc;color:#003366;font-weight:700;text-align:left;vertical-align:top;padding:13px 16px;font-size:15px;line-height:1.55;border:0;border-bottom:1px solid #e3e8ef;overflow-wrap:break-word\">Insulina em jejum e HOMA-IR<\/td>\n        <td data-label=\"Porque \u00e9 relevante na diabetes e na queda de cabelo\" style=\"background:#f6f9fc;color:#22303e;font-weight:400;text-align:left;vertical-align:top;padding:13px 16px;font-size:15px;line-height:1.55;border:0;border-bottom:1px solid #e3e8ef;overflow-wrap:break-word\">Quantifica a resist\u00eancia \u00e0 insulina por tr\u00e1s da tipo 2 e da SOP<\/td>\n        <td data-label=\"Refer\u00eancia\" style=\"background:#f6f9fc;color:#22303e;font-weight:400;text-align:left;vertical-align:top;padding:13px 16px;font-size:15px;line-height:1.55;border:0;border-bottom:1px solid #e3e8ef;overflow-wrap:break-word\">Alterado a partir de cerca de 1,9 a 2,7, consoante a fonte; sem valor-limite ratificado<\/td>\n        <td data-label=\"Em jejum?\" style=\"background:#f6f9fc;color:#22303e;font-weight:400;text-align:left;vertical-align:top;padding:13px 16px;font-size:15px;line-height:1.55;border:0;border-bottom:1px solid #e3e8ef;overflow-wrap:break-word\">Sim, 8 a 12 horas<\/td>\n        <td data-label=\"Quem mede\" style=\"background:#f6f9fc;color:#22303e;font-weight:400;text-align:left;vertical-align:top;padding:13px 16px;font-size:15px;line-height:1.55;border:0;border-bottom:1px solid #e3e8ef;overflow-wrap:break-word\">M\u00e9dico de fam\u00edlia ou endocrinologia<\/td>\n      <\/tr>\n      <tr>\n        <td data-label=\"Valor\" style=\"background:#ffffff;color:#003366;font-weight:700;text-align:left;vertical-align:top;padding:13px 16px;font-size:15px;line-height:1.55;border:0;border-bottom:1px solid #e3e8ef;overflow-wrap:break-word\">Ferritina<\/td>\n        <td data-label=\"Porque \u00e9 relevante na diabetes e na queda de cabelo\" style=\"background:#ffffff;color:#22303e;font-weight:400;text-align:left;vertical-align:top;padding:13px 16px;font-size:15px;line-height:1.55;border:0;border-bottom:1px solid #e3e8ef;overflow-wrap:break-word\">A car\u00eancia silenciosa mais frequente na queda difusa, sobretudo nas mulheres<\/td>\n        <td data-label=\"Refer\u00eancia\" style=\"background:#ffffff;color:#22303e;font-weight:400;text-align:left;vertical-align:top;padding:13px 16px;font-size:15px;line-height:1.55;border:0;border-bottom:1px solid #e3e8ef;overflow-wrap:break-word\">Intervalo de refer\u00eancia do laborat\u00f3rio; mandar enquadrar o resultado em consulta<\/td>\n        <td data-label=\"Em jejum?\" style=\"background:#ffffff;color:#22303e;font-weight:400;text-align:left;vertical-align:top;padding:13px 16px;font-size:15px;line-height:1.55;border:0;border-bottom:1px solid #e3e8ef;overflow-wrap:break-word\">N\u00e3o<\/td>\n        <td data-label=\"Quem mede\" style=\"background:#ffffff;color:#22303e;font-weight:400;text-align:left;vertical-align:top;padding:13px 16px;font-size:15px;line-height:1.55;border:0;border-bottom:1px solid #e3e8ef;overflow-wrap:break-word\">M\u00e9dico de fam\u00edlia<\/td>\n      <\/tr>\n      <tr>\n        <td data-label=\"Valor\" style=\"background:#f6f9fc;color:#003366;font-weight:700;text-align:left;vertical-align:top;padding:13px 16px;font-size:15px;line-height:1.55;border:0;border-bottom:1px solid #e3e8ef;overflow-wrap:break-word\">TSH e, em caso de altera\u00e7\u00e3o, fT3, fT4 e anticorpos anti-TPO<\/td>\n        <td data-label=\"Porque \u00e9 relevante na diabetes e na queda de cabelo\" style=\"background:#f6f9fc;color:#22303e;font-weight:400;text-align:left;vertical-align:top;padding:13px 16px;font-size:15px;line-height:1.55;border:0;border-bottom:1px solid #e3e8ef;overflow-wrap:break-word\">Tiroide, frequentemente afetada em conjunto na diabetes tipo 1 (Hashimoto em 16,3 por cento)<\/td>\n        <td data-label=\"Refer\u00eancia\" style=\"background:#f6f9fc;color:#22303e;font-weight:400;text-align:left;vertical-align:top;padding:13px 16px;font-size:15px;line-height:1.55;border:0;border-bottom:1px solid #e3e8ef;overflow-wrap:break-word\">Intervalo de refer\u00eancia do laborat\u00f3rio<\/td>\n        <td data-label=\"Em jejum?\" style=\"background:#f6f9fc;color:#22303e;font-weight:400;text-align:left;vertical-align:top;padding:13px 16px;font-size:15px;line-height:1.55;border:0;border-bottom:1px solid #e3e8ef;overflow-wrap:break-word\">N\u00e3o<\/td>\n        <td data-label=\"Quem mede\" style=\"background:#f6f9fc;color:#22303e;font-weight:400;text-align:left;vertical-align:top;padding:13px 16px;font-size:15px;line-height:1.55;border:0;border-bottom:1px solid #e3e8ef;overflow-wrap:break-word\">M\u00e9dico de fam\u00edlia<\/td>\n      <\/tr>\n      <tr>\n        <td data-label=\"Valor\" style=\"background:#ffffff;color:#003366;font-weight:700;text-align:left;vertical-align:top;padding:13px 16px;font-size:15px;line-height:1.55;border:0;border-bottom:1px solid #e3e8ef;overflow-wrap:break-word\">Vitamina B12 e, em valores-limite, holotranscobalamina<\/td>\n        <td data-label=\"Porque \u00e9 relevante na diabetes e na queda de cabelo\" style=\"background:#ffffff;color:#22303e;font-weight:400;text-align:left;vertical-align:top;padding:13px 16px;font-size:15px;line-height:1.55;border:0;border-bottom:1px solid #e3e8ef;overflow-wrap:break-word\">A metformina reduz a absor\u00e7\u00e3o na toma prolongada<\/td>\n        <td data-label=\"Refer\u00eancia\" style=\"background:#ffffff;color:#22303e;font-weight:400;text-align:left;vertical-align:top;padding:13px 16px;font-size:15px;line-height:1.55;border:0;border-bottom:1px solid #e3e8ef;overflow-wrap:break-word\">Intervalo de refer\u00eancia do laborat\u00f3rio<\/td>\n        <td data-label=\"Em jejum?\" style=\"background:#ffffff;color:#22303e;font-weight:400;text-align:left;vertical-align:top;padding:13px 16px;font-size:15px;line-height:1.55;border:0;border-bottom:1px solid #e3e8ef;overflow-wrap:break-word\">N\u00e3o<\/td>\n        <td data-label=\"Quem mede\" style=\"background:#ffffff;color:#22303e;font-weight:400;text-align:left;vertical-align:top;padding:13px 16px;font-size:15px;line-height:1.55;border:0;border-bottom:1px solid #e3e8ef;overflow-wrap:break-word\">M\u00e9dico de fam\u00edlia<\/td>\n      <\/tr>\n      <tr>\n        <td data-label=\"Valor\" style=\"background:#f6f9fc;color:#003366;font-weight:700;text-align:left;vertical-align:top;padding:13px 16px;font-size:15px;line-height:1.55;border:0;border-bottom:1px solid #e3e8ef;overflow-wrap:break-word\">Zinco<\/td>\n        <td data-label=\"Porque \u00e9 relevante na diabetes e na queda de cabelo\" style=\"background:#f6f9fc;color:#22303e;font-weight:400;text-align:left;vertical-align:top;padding:13px 16px;font-size:15px;line-height:1.55;border:0;border-bottom:1px solid #e3e8ef;overflow-wrap:break-word\">Necess\u00e1rio para o ciclo capilar, frequentemente baixo na diabetes<\/td>\n        <td data-label=\"Refer\u00eancia\" style=\"background:#f6f9fc;color:#22303e;font-weight:400;text-align:left;vertical-align:top;padding:13px 16px;font-size:15px;line-height:1.55;border:0;border-bottom:1px solid #e3e8ef;overflow-wrap:break-word\">Intervalo de refer\u00eancia do laborat\u00f3rio<\/td>\n        <td data-label=\"Em jejum?\" style=\"background:#f6f9fc;color:#22303e;font-weight:400;text-align:left;vertical-align:top;padding:13px 16px;font-size:15px;line-height:1.55;border:0;border-bottom:1px solid #e3e8ef;overflow-wrap:break-word\">De prefer\u00eancia de manh\u00e3; combinar as indica\u00e7\u00f5es com o laborat\u00f3rio<\/td>\n        <td data-label=\"Quem mede\" style=\"background:#f6f9fc;color:#22303e;font-weight:400;text-align:left;vertical-align:top;padding:13px 16px;font-size:15px;line-height:1.55;border:0;border-bottom:1px solid #e3e8ef;overflow-wrap:break-word\">M\u00e9dico de fam\u00edlia<\/td>\n      <\/tr>\n      <tr>\n        <td data-label=\"Valor\" style=\"background:#ffffff;color:#003366;font-weight:700;text-align:left;vertical-align:top;padding:13px 16px;font-size:15px;line-height:1.55;border:0;border-bottom:1px solid #e3e8ef;overflow-wrap:break-word\">Vitamina D<\/td>\n        <td data-label=\"Porque \u00e9 relevante na diabetes e na queda de cabelo\" style=\"background:#ffffff;color:#22303e;font-weight:400;text-align:left;vertical-align:top;padding:13px 16px;font-size:15px;line-height:1.55;border:0;border-bottom:1px solid #e3e8ef;overflow-wrap:break-word\">Particularmente baixa na diabetes tipo 2 (60,5 por cento numa metan\u00e1lise)<\/td>\n        <td data-label=\"Refer\u00eancia\" style=\"background:#ffffff;color:#22303e;font-weight:400;text-align:left;vertical-align:top;padding:13px 16px;font-size:15px;line-height:1.55;border:0;border-bottom:1px solid #e3e8ef;overflow-wrap:break-word\">Intervalo de refer\u00eancia do laborat\u00f3rio<\/td>\n        <td data-label=\"Em jejum?\" style=\"background:#ffffff;color:#22303e;font-weight:400;text-align:left;vertical-align:top;padding:13px 16px;font-size:15px;line-height:1.55;border:0;border-bottom:1px solid #e3e8ef;overflow-wrap:break-word\">N\u00e3o<\/td>\n        <td data-label=\"Quem mede\" style=\"background:#ffffff;color:#22303e;font-weight:400;text-align:left;vertical-align:top;padding:13px 16px;font-size:15px;line-height:1.55;border:0;border-bottom:1px solid #e3e8ef;overflow-wrap:break-word\">M\u00e9dico de fam\u00edlia<\/td>\n      <\/tr>\n      <tr>\n        <td data-label=\"Valor\" style=\"background:#f6f9fc;color:#003366;font-weight:700;text-align:left;vertical-align:top;padding:13px 16px;font-size:15px;line-height:1.55;border:0;overflow-wrap:break-word\">Testosterona, SHBG, DHEAS (mulheres)<\/td>\n        <td data-label=\"Porque \u00e9 relevante na diabetes e na queda de cabelo\" style=\"background:#f6f9fc;color:#22303e;font-weight:400;text-align:left;vertical-align:top;padding:13px 16px;font-size:15px;line-height:1.55;border:0;overflow-wrap:break-word\">Hiperandrogenemia em caso de suspeita de SOP<\/td>\n        <td data-label=\"Refer\u00eancia\" style=\"background:#f6f9fc;color:#22303e;font-weight:400;text-align:left;vertical-align:top;padding:13px 16px;font-size:15px;line-height:1.55;border:0;overflow-wrap:break-word\">Intervalo de refer\u00eancia do laborat\u00f3rio, dependente do ciclo<\/td>\n        <td data-label=\"Em jejum?\" style=\"background:#f6f9fc;color:#22303e;font-weight:400;text-align:left;vertical-align:top;padding:13px 16px;font-size:15px;line-height:1.55;border:0;overflow-wrap:break-word\">De manh\u00e3, tendo em conta o dia do ciclo<\/td>\n        <td data-label=\"Quem mede\" style=\"background:#f6f9fc;color:#22303e;font-weight:400;text-align:left;vertical-align:top;padding:13px 16px;font-size:15px;line-height:1.55;border:0;overflow-wrap:break-word\">Ginecologia ou endocrinologia<\/td>\n      <\/tr>\n    <\/tbody>\n  <\/table>\n<\/div>\n\n\n\n<p class=\"wp-block-paragraph\">Tr\u00eas notas pr\u00e1ticas: leve a evolu\u00e7\u00e3o da HbA1c dos \u00faltimos 12 meses, n\u00e3o apenas o \u00faltimo valor. Nem todos estes par\u00e2metros s\u00e3o automaticamente comparticipados, pergunte antes. E a suplementa\u00e7\u00e3o s\u00f3 faz sentido depois de comprovada uma car\u00eancia, porque a vitamina A e o sel\u00e9nio em sobredosagem favorecem eles pr\u00f3prios a queda de cabelo.<\/p>\n\n\n<div class=\"wp-block-image\">\n<figure class=\"aligncenter size-large is-resized\" style=\"max-width:720px;margin-left:auto;margin-right:auto\"><img decoding=\"async\" src=\"https:\/\/elithair.com\/pt\/wp-content\/uploads\/sites\/7\/2026\/08\/arztgespraech_laborwerte.png\" alt=\"M\u00e9dica analisa com um paciente, \u00e0 secret\u00e1ria, os resultados laboratoriais impressos\" class=\"wp-image-89964\" style=\"width:720px;max-width:100%;height:auto\"\/><\/figure>\n<\/div>\n\n\n<h3 class=\"wp-block-heading\">Alimenta\u00e7\u00e3o: a comida como mat\u00e9ria-prima para um cabelo saud\u00e1vel<\/h3>\n\n\n\n<p class=\"wp-block-paragraph\">Uma alimenta\u00e7\u00e3o equilibrada estabiliza a glicemia e fortalece as ra\u00edzes do cabelo. Alimentos ricos em nutrientes, como os vegetais de folha verde, os frutos secos, as sementes e a prote\u00edna magra, fornecem ferro, zinco, biotina e vitamina D, essenciais para o crescimento do cabelo.<\/p>\n\n\n\n<p class=\"wp-block-paragraph\">Os cereais integrais ricos em fibra ajudam a manter a glicemia constante, enquanto o a\u00e7\u00facar e os alimentos muito processados devem ser evitados. Em caso de car\u00eancias nutricionais, os suplementos podem ajudar, mas apenas em articula\u00e7\u00e3o com um m\u00e9dico.<\/p>\n\n\n\n<p class=\"wp-block-paragraph\">A lacuna espec\u00edfica da diabetes est\u00e1 bem documentada: 45 por cento das pessoas com diabetes tipo 2 t\u00eam pelo menos uma car\u00eancia de micronutrientes, \u00e0 cabe\u00e7a a vitamina D com 60,5 por cento, seguida do magn\u00e9sio com 42 e do ferro com 28 por cento (metan\u00e1lise de 132 estudos, Mangal et al. 2024). Sem uma car\u00eancia comprovada, a suplementa\u00e7\u00e3o n\u00e3o traz nada e, em sobredosagem, o efeito chega a inverter-se no caso da vitamina A e do sel\u00e9nio.<\/p>\n\n\n\n<h3 class=\"wp-block-heading\">Cuidados capilares: m\u00e9todos suaves para cabelo sens\u00edvel<\/h3>\n\n\n\n<p class=\"wp-block-paragraph\">Os cuidados capilares certos contam para proteger o cabelo e evitar mais perdas. Use produtos suaves, sem silicones, que n\u00e3o irritem o couro cabeludo, e evite tratamentos agressivos como a colora\u00e7\u00e3o qu\u00edmica ou as permanentes.<\/p>\n\n\n\n<p class=\"wp-block-paragraph\">Os m\u00e9todos de styling com calor, como a prancha ou o ferro de carac\u00f3is, devem ser reduzidos ou totalmente evitados, porque castigam ainda mais o cabelo. Em alternativa, massagens regulares do couro cabeludo com \u00f3leos naturais, como o de r\u00edcino ou o de coco, podem ajudar a estimular a circula\u00e7\u00e3o e a fortalecer os fol\u00edculos capilares.<\/p>\n\n\n\n<p class=\"wp-block-paragraph\">Um enquadramento: n\u00e3o existem dados de efic\u00e1cia fi\u00e1veis sobre o crescimento do cabelo para estas massagens e \u00f3leos. Como cuidado agrad\u00e1vel contra a secura s\u00e3o inofensivos; como terap\u00eautica n\u00e3o devem ser entendidos.<\/p>\n\n\n\n<p class=\"wp-block-paragraph\">No couro cabeludo de quem tem diabetes, em concreto: nada de duches quentes, limpeza suave com pH adaptado e observa\u00e7\u00e3o regular \u00e0 procura de les\u00f5es. Na neuropatia, as pequenas feridas n\u00e3o s\u00e3o sentidas e, com a glicemia elevada, cicatrizam mais devagar.<\/p>\n\n\n\n<h3 class=\"wp-block-heading\">Gest\u00e3o do stress: descanso para o corpo e para a mente<\/h3>\n\n\n\n<p class=\"wp-block-paragraph\">O stress favorece a queda de cabelo e prejudica o controlo da glicemia. T\u00e9cnicas de relaxamento como o ioga, a medita\u00e7\u00e3o ou o relaxamento muscular ajudam a baixar o n\u00edvel de stress e a aumentar o bem-estar.<\/p>\n\n\n\n<p class=\"wp-block-paragraph\">Tamb\u00e9m o exerc\u00edcio regular, seja uma caminhada ou desporto moderado, tem um efeito calmante e estabiliza a glicemia. Uma combina\u00e7\u00e3o de relaxamento f\u00edsico e mental fortalece n\u00e3o s\u00f3 o cabelo, mas tamb\u00e9m a sa\u00fade. O fator subestimado \u00e9 o sono: dormir pouco piora a sensibilidade \u00e0 insulina e aumenta os valores em jejum.<\/p>\n\n\n\n<h2 class=\"wp-block-heading\">Op\u00e7\u00f5es de tratamento m\u00e9dicas e cosm\u00e9ticas<\/h2>\n\n\n\n<p class=\"wp-block-paragraph\">Para os afetados existe uma variedade de abordagens m\u00e9dicas e cosm\u00e9ticas que podem ajudar a travar a queda e a promover o crescimento. Consoante a situa\u00e7\u00e3o individual, estas op\u00e7\u00f5es podem ser usadas de forma dirigida para obter resultados vis\u00edveis.<\/p>\n\n\n\n<p class=\"wp-block-paragraph\">Qual o tratamento que faz sentido depende, por\u00e9m, totalmente do padr\u00e3o. O minoxidil, a finasterida e o PRP destinam-se \u00e0 alopecia androgen\u00e9tica. Numa queda puramente difusa, desencadeada pelo metabolismo, atuam no s\u00edtio errado, enquanto a causa continua ativa.<\/p>\n\n\n\n<h3 class=\"wp-block-heading\">Tratamentos t\u00f3picos: cuidado eficaz diretamente no couro cabeludo<\/h3>\n\n\n\n<p class=\"wp-block-paragraph\"><a href=\"\/pt\/blog-sobre-implante-capilar\/minoxidil-queda-de-cabelo\/\">O minoxidil<\/a> \u00e9 uma solu\u00e7\u00e3o comprovada e, segundo a diretriz europeia S3, a \u00fanica terap\u00eautica t\u00f3pica com elevado grau de evid\u00eancia na alopecia androgen\u00e9tica. Atua, entre outros efeitos, como vasodilatador, o que pode melhorar a irriga\u00e7\u00e3o dos fol\u00edculos capilares, prolonga a fase de crescimento e pode dar resultados vis\u00edveis com aplica\u00e7\u00e3o regular.<\/p>\n\n\n\n<p class=\"wp-block-paragraph\">Como pode ter efeitos secund\u00e1rios, as pessoas com diabetes devem procurar aconselhamento m\u00e9dico antes de o usar. Tamb\u00e9m os s\u00e9runs com cafe\u00edna e biotina prometem fortalecer as ra\u00edzes do cabelo e podem servir de cuidado complementar; um benef\u00edcio da biotina s\u00f3 est\u00e1 demonstrado, contudo, em caso de car\u00eancia comprovada.<\/p>\n\n\n\n<p class=\"wp-block-paragraph\">Dois pontos s\u00e3o importantes para as pessoas com diabetes. Primeiro, o efeito s\u00f3 est\u00e1 demonstrado na alopecia androgen\u00e9tica, n\u00e3o no efl\u00favio tel\u00f3geno desencadeado pelo metabolismo. Segundo, o minoxidil oral fora das indica\u00e7\u00f5es aprovadas leva a reten\u00e7\u00e3o de s\u00f3dio e de \u00e1gua e pode provocar edemas e, em caso de insufici\u00eancia card\u00edaca ou renal preexistente, uma descompensa\u00e7\u00e3o (Mayo Clinic). \u00c9, por isso, um ponto de avalia\u00e7\u00e3o m\u00e9dica, n\u00e3o de automedica\u00e7\u00e3o.<\/p>\n\n\n\n<h3 class=\"wp-block-heading\">Terap\u00eautica com PRP: sangue do pr\u00f3prio doente para um cabelo mais forte<\/h3>\n\n\n\n<p class=\"wp-block-paragraph\">A terap\u00eautica com PRP pretende estimular o crescimento do cabelo atrav\u00e9s de inje\u00e7\u00f5es de sangue aut\u00f3logo, que levam fatores de crescimento diretamente ao couro cabeludo. Estes fortalecem os fol\u00edculos capilares e estimulam a regenera\u00e7\u00e3o.<\/p>\n\n\n\n<p class=\"wp-block-paragraph\">V\u00e1rias revis\u00f5es sistem\u00e1ticas mostram evid\u00eancia moderada de melhoria da densidade capilar na alopecia androgen\u00e9tica, mas nenhum efeito significativo na espessura do cabelo. Metan\u00e1lises recentes descrevem os dados como heterog\u00e9neos, de baixa qualidade e com vi\u00e9s de publica\u00e7\u00e3o reconhec\u00edvel; falta um protocolo de consenso sobre concentra\u00e7\u00e3o, dose, profundidade de inje\u00e7\u00e3o e n\u00famero de sess\u00f5es.<\/p>\n\n\n\n<p class=\"wp-block-paragraph\">Uma vantagem espec\u00edfica para as pessoas com diabetes n\u00e3o est\u00e1 demonstrada, porque n\u00e3o existem estudos de PRP espec\u00edficos para a diabetes. Na pr\u00e1tica, mant\u00e9m-se relevante que n\u00e3o s\u00e3o necess\u00e1rios medicamentos sist\u00e9micos. Ainda assim, \u00e9 recomend\u00e1vel um aconselhamento m\u00e9dico pr\u00e9vio.<\/p>\n\n\n\n<h3 class=\"wp-block-heading\">Apoio sist\u00e9mico com medicamentos<\/h3>\n\n\n\n<p class=\"wp-block-paragraph\">Medicamentos como a finasterida podem abrandar a perda de cabelo ao inibir a convers\u00e3o da testosterona em <a href=\"https:\/\/pt.wikipedia.org\/wiki\/Di-hidrotestosterona\" target=\"_blank\" rel=\"noopener\">DHT<\/a> . No entanto, n\u00e3o s\u00e3o adequados a todas as pessoas e, na diabetes, s\u00f3 devem ser usados ap\u00f3s aconselhamento m\u00e9dico. Num efl\u00favio difuso sem componente androgen\u00e9tica n\u00e3o trazem benef\u00edcio e, para mulheres em idade f\u00e9rtil, a finasterida n\u00e3o \u00e9 adequada.<\/p>\n\n\n\n<p class=\"wp-block-paragraph\">Tamb\u00e9m os medicamentos contra as inflama\u00e7\u00f5es ou as rea\u00e7\u00f5es autoimunes associadas \u00e0 diabetes podem melhorar indiretamente a sa\u00fade do cabelo.<\/p>\n\n\n\n<h3 class=\"wp-block-heading\">O que conta primeiro na queda de cabelo difusa associada \u00e0 diabetes<\/h3>\n\n\n\n<p class=\"wp-block-paragraph\">A ordem determina o resultado: primeiro o controlo metab\u00f3lico e a corre\u00e7\u00e3o das car\u00eancias, depois tudo o resto. Sem uma glicemia est\u00e1vel, qualquer terap\u00eautica t\u00f3pica trabalha contra uma causa que continua ativa, e o efeito fica correspondentemente pequeno.<\/p>\n\n\n\n<p class=\"wp-block-paragraph\">Em concreto: HbA1c no intervalo-alvo, verificar ferritina, B12, zinco, vitamina D e TSH e fechar as lacunas, n\u00e3o perder peso demasiado depressa, sono e exerc\u00edcio. S\u00f3 quando, ao fim de cerca de 6 meses, sobrar um padr\u00e3o \u00e9 que faz sentido a pergunta sobre subst\u00e2ncias ativas ou um transplante.<\/p>\n\n\n\n<h3 class=\"wp-block-heading\">Transplante capilar: solu\u00e7\u00e3o duradoura na queda de cabelo avan\u00e7ada<\/h3>\n\n\n\n<p class=\"wp-block-paragraph\">Na queda de cabelo androgen\u00e9tica avan\u00e7ada, o <a href=\"\/pt\/transplante-capilar\/\">transplante capilar<\/a> \u00e9 a \u00fanica op\u00e7\u00e3o para repor de forma duradoura a densidade perdida; se est\u00e1 ou n\u00e3o indicado depende de cada caso (mais sobre isso na sec\u00e7\u00e3o seguinte). T\u00e9cnicas modernas como o <a href=\"\/pt\/transplante-capilar-dhi\/\">m\u00e9todo DHI<\/a> permitem resultados particularmente naturais, ao implantar com precis\u00e3o os pr\u00f3prios fol\u00edculos capilares nas zonas rarefeitas. Na Elithair, o DHI \u00e9 o padr\u00e3o e est\u00e1 inclu\u00eddo no pre\u00e7o.<\/p>\n\n\n\n<p class=\"wp-block-paragraph\">Tamb\u00e9m para as pessoas com diabetes um transplante \u00e9 poss\u00edvel, com a prepara\u00e7\u00e3o certa. Um controlo est\u00e1vel da glicemia minimiza os riscos e favorece uma boa cicatriza\u00e7\u00e3o. Um aconselhamento aprofundado com m\u00e9dicos especialistas experientes assegura que est\u00e3o reunidas todas as condi\u00e7\u00f5es para um bom resultado. Com o acompanhamento certo, este passo pode trazer uma nova confian\u00e7a e um cabelo mais cheio.<\/p>\n\n\n\n<h2 class=\"wp-block-heading\">\u00c9 poss\u00edvel fazer um transplante capilar com diabetes?<\/h2>\n\n\n\n<p class=\"wp-block-paragraph\">Um transplante capilar \u00e9, em princ\u00edpio, poss\u00edvel com a diabetes bem controlada. Mas s\u00f3 faz sentido se existir um padr\u00e3o androgen\u00e9tico. Uma queda difusa, desencadeada pelo metabolismo, n\u00e3o \u00e9 indica\u00e7\u00e3o, porque o cabelo transplantado vai parar a um ambiente perturbado e a pr\u00f3pria zona dadora pode estar afetada.<\/p>\n\n\n\n<div style=\"border:1px solid #dbe4f0;border-radius:12px;padding:18px 20px;margin:26px 0;background:#ffffff\">\n<p style=\"margin:0 0 6px;color:#013366;font-weight:700;font-size:17px\">Sou candidato a um transplante capilar?<\/p>\n<p style=\"margin:0 0 14px;color:#2e3033;font-size:15px;line-height:1.6\">A pergunta de partida \u00e9 sempre a mesma: como \u00e9 que o cabelo cai?<\/p>\n<div style=\"display:flex;flex-wrap:wrap;gap:12px\">\n<div style=\"flex:1 1 260px;border:1px solid #dbe4f0;border-radius:10px;padding:14px 16px;background:#f6f9fc\">\n<p style=\"margin:0 0 6px;color:#013366;font-weight:700;font-size:15px\">Uniformemente por todo o couro cabeludo<\/p>\n<p style=\"margin:0 0 8px;color:#2e3033;font-size:15px;line-height:1.6\">O cabelo fica mais fino em todo o lado, tamb\u00e9m na nuca. T\u00edpico da queda difusa desencadeada pelo metabolismo.<\/p>\n<p style=\"margin:0;color:#013366;font-size:15px;line-height:1.6\"><strong>Sem transplante.<\/strong> A zona dadora est\u00e1 afetada. Primeiro esclarecer a HbA1c e os valores nutricionais, estabilizar durante 3 a 6 meses e depois reavaliar.<\/p>\n<\/div>\n<div style=\"flex:1 1 260px;border:1px solid #0079F1;border-radius:10px;padding:14px 16px;background:#ffffff\">\n<p style=\"margin:0 0 6px;color:#013366;font-weight:700;font-size:15px\">Entradas, linha frontal ou coroa<\/p>\n<p style=\"margin:0 0 8px;color:#2e3033;font-size:15px;line-height:1.6\">A coroa de cabelo na nuca mant\u00e9m-se densa e o recuo segue um padr\u00e3o. Ind\u00edcio de uma componente androgen\u00e9tica.<\/p>\n<p style=\"margin:0;color:#013366;font-size:15px;line-height:1.6\"><strong>Faz sentido uma an\u00e1lise capilar.<\/strong> Esclarece o padr\u00e3o e a zona dadora. Em paralelo, a evolu\u00e7\u00e3o da HbA1c deve estar em cima da mesa; sobre a interven\u00e7\u00e3o decide o exame m\u00e9dico pr\u00e9vio.<\/p>\n<\/div>\n<\/div>\n<p style=\"margin:14px 0 0;color:#2e3033;font-size:15px;line-height:1.6\"><strong style=\"color:#013366\">Os dois em simult\u00e2neo?<\/strong> \u00c9 o caso mais frequente. Nessa situa\u00e7\u00e3o, primeiro acalma-se a parte difusa atrav\u00e9s do metabolismo e s\u00f3 depois se avalia que padr\u00e3o sobra.<\/p>\n<p style=\"margin:10px 0 0;color:#6b7280;font-size:13px;font-style:italic\">Orienta\u00e7\u00e3o, n\u00e3o diagn\u00f3stico. Sobre a elegibilidade decide sempre o exame m\u00e9dico pr\u00e9vio, caso a caso.<\/p>\n<\/div>\n\n\n\n<p class=\"wp-block-paragraph\">O que \u00e9 avaliado por um m\u00e9dico antes de uma decis\u00e3o: a HbA1c e a sua evolu\u00e7\u00e3o, a tens\u00e3o arterial, os valores renais, a hist\u00f3ria de cicatriza\u00e7\u00e3o, ind\u00edcios de neuropatia, toda a medica\u00e7\u00e3o concomitante e o controlo da glicemia no dia da interven\u00e7\u00e3o. Se necess\u00e1rio, isto \u00e9 articulado com a diabetologia assistente. \u00c9 uma decis\u00e3o caso a caso, expressamente n\u00e3o uma autoriza\u00e7\u00e3o geral ap\u00f3s o diagn\u00f3stico.<\/p>\n\n\n<div class=\"wp-block-image\">\n<figure class=\"aligncenter size-large is-resized\" style=\"max-width:720px;margin-left:auto;margin-right:auto\"><img decoding=\"async\" src=\"https:\/\/elithair.com\/pt\/wp-content\/uploads\/sites\/7\/2026\/08\/beratung_haaranalyse.png\" alt=\"Profissional examina com um dermatosc\u00f3pio o couro cabeludo de um paciente durante a an\u00e1lise capilar\" class=\"wp-image-89965\" style=\"width:720px;max-width:100%;height:auto\"\/><\/figure>\n<\/div>\n\n\n<p class=\"wp-block-paragraph\">Sobre a cicatriza\u00e7\u00e3o existem n\u00fameros fi\u00e1veis, embora vindos da cirurgia geral: uma metan\u00e1lise de 29 estudos aleatorizados com 14.126 doentes encontrou, sob controlo perioperat\u00f3rio intensivo da glicemia, significativamente menos infe\u00e7\u00f5es da ferida do que sob um controlo mais permissivo (risk ratio 0,63; intervalo de confian\u00e7a a 95 por cento de 0,50 a 0,80; p = 0,0002; Lai et al. 2022), de forma particularmente clara nas pessoas com diabetes.<\/p>\n\n\n\n<p class=\"wp-block-paragraph\">O que da\u00ed n\u00e3o decorre: que as pessoas com diabetes tenham enxertos com pior pega. N\u00e3o existem estudos sobre as taxas de pega dos enxertos especificamente na diabetes. Quem lhe indicar uma percentagem sobre isso n\u00e3o a foi buscar \u00e0 literatura. Demonstrada est\u00e1 apenas a rela\u00e7\u00e3o cir\u00fargica geral entre hiperglicemia, cicatriza\u00e7\u00e3o atrasada e risco de infe\u00e7\u00e3o.<\/p>\n\n\n\n<p class=\"wp-block-paragraph\">Uma afirma\u00e7\u00e3o difundida na internet merece corre\u00e7\u00e3o: a diabetes n\u00e3o aumenta o risco de hemorragia. Na investiga\u00e7\u00e3o sobre hem\u00f3stase, a diabetes \u00e9 considerada um estado protromb\u00f3tico, ou seja, favorecedor da coagula\u00e7\u00e3o, com n\u00edveis aumentados de fibrinog\u00e9nio e de fatores de coagula\u00e7\u00e3o. A verdadeira preocupa\u00e7\u00e3o operat\u00f3ria com um mau controlo \u00e9 a cicatriza\u00e7\u00e3o atrasada e o risco de infe\u00e7\u00e3o.<\/p>\n\n\n\n<p class=\"wp-block-paragraph\">Tamb\u00e9m quanto ao tipo de diabetes vale a pena ser rigoroso: n\u00e3o existe nenhuma orienta\u00e7\u00e3o nem nenhum estudo que sustente uma recusa generalizada na tipo 1. Decisivo \u00e9 o controlo da glicemia, n\u00e3o o tipo. Na tipo 1 acresce, na pr\u00e1tica, que uma interven\u00e7\u00e3o mais longa exige um plano de gest\u00e3o da glicemia, ou seja, medi\u00e7\u00f5es, pausas e, se necess\u00e1rio, um ajuste da insulina pela diabetologia.<\/p>\n\n\n\n<p class=\"wp-block-paragraph\">A forma como lidamos com isto faz parte da resposta. Recusamos cerca de 40 por cento dos pedidos e, com um metabolismo inst\u00e1vel, trata-se primeiro, n\u00e3o se transplanta. A an\u00e1lise pr\u00e9via ao sangue, orientada para as causas, verifica se um transplante \u00e9 sequer a terap\u00eautica certa. Cada passo \u00e9 validado por um m\u00e9dico e o desenho da linha capilar \u00e9 feito a 100 por cento pelo m\u00e9dico.<\/p>\n\n\n\n<p class=\"wp-block-paragraph\">Realista quanto ao prazo: um resultado vis\u00edvel demora 6 a 9 meses e o resultado final at\u00e9 12 meses. Sobre os cabelos transplantados, a Elithair d\u00e1 20 anos de garantia. Sobre a t\u00e9cnica de extra\u00e7\u00e3o <a href=\"\/pt\/transplante-capilar-fue\/\">FUE<\/a> e sobre a combina\u00e7\u00e3o com o DHI, os pormenores est\u00e3o nas respetivas p\u00e1ginas t\u00e9cnicas.<\/p>\n\n\n\n<div style=\"border-left:4px solid #0079F1;padding:0 0 0 14px;margin:26px 0\">\n<p style=\"margin:0 0 8px;color:#013366;font-weight:700;font-size:16px\">O que deve levar para o aconselhamento<\/p>\n<ul style=\"margin:0 0 12px;padding:0;color:#2e3033;list-style:none\">\n<li style=\"position:relative;padding:3px 0 3px 24px\"><span style=\"position:absolute;left:0;top:3px;color:#0079F1;font-weight:700\">&#10003;<\/span>O valor atual de HbA1c e a sua evolu\u00e7\u00e3o nos \u00faltimos 12 meses<\/li>\n<li style=\"position:relative;padding:3px 0 3px 24px\"><span style=\"position:absolute;left:0;top:3px;color:#0079F1;font-weight:700\">&#10003;<\/span>O plano de medica\u00e7\u00e3o completo, incluindo insulina e medicamentos anticoagulantes<\/li>\n<li style=\"position:relative;padding:3px 0 3px 24px\"><span style=\"position:absolute;left:0;top:3px;color:#0079F1;font-weight:700\">&#10003;<\/span>Um parecer da diabetologia assistente sobre a aptid\u00e3o para a interven\u00e7\u00e3o<\/li>\n<\/ul>\n<p style=\"margin:0;color:#2e3033;font-size:15px\">Quem n\u00e3o conseguir reunir estas tr\u00eas coisas ainda n\u00e3o est\u00e1 na fase em que um transplante \u00e9 a pergunta certa. Nesse caso, primeiro vem o controlo metab\u00f3lico.<\/p>\n<\/div>\n\n\n\n<h2 class=\"wp-block-heading\">Avalia\u00e7\u00e3o da Elithair sobre o transplante capilar em pessoas com diabetes<\/h2>\n\n\n\n<figure class=\"wp-block-image size-full\"><img decoding=\"async\" src=\"https:\/\/elithair.com\/pt\/wp-content\/uploads\/sites\/7\/2026\/08\/bestand_97299.png\" alt=\"O Doutor Balwi, da Elithair, realiza testes no seu laborat\u00f3rio\" class=\"wp-image-89968\"\/><\/figure>\n\n\n\n<p class=\"wp-block-paragraph\">O Dr. Balwi, da Elithair, realiza testes no seu laborat\u00f3rio<\/p>\n\n\n\n<h3 class=\"wp-block-heading\">Contexto e objetivo da avalia\u00e7\u00e3o<\/h3>\n\n\n\n<p class=\"wp-block-paragraph\">A avalia\u00e7\u00e3o da Elithair dedica-se \u00e0 quest\u00e3o de saber como podem os transplantes capilares ser realizados de forma segura e bem-sucedida em pessoas com diabetes. O foco esteve em identificar as necessidades espec\u00edficas deste grupo de pacientes e em desenvolver recomenda\u00e7\u00f5es pr\u00e1ticas para o exame pr\u00e9vio e para o acompanhamento.<\/p>\n\n\n\n<p class=\"wp-block-paragraph\">A diabetes traz desafios espec\u00edficos, como perturba\u00e7\u00f5es da circula\u00e7\u00e3o e um risco aumentado de problemas de cicatriza\u00e7\u00e3o, que t\u00eam de ser considerados nas interven\u00e7\u00f5es cir\u00fargicas.<\/p>\n\n\n\n<h3 class=\"wp-block-heading\">Estrutura: como foi feita a avalia\u00e7\u00e3o?<\/h3>\n\n\n\n<p class=\"wp-block-paragraph\">A avalia\u00e7\u00e3o analisou um grupo heterog\u00e9neo de pacientes com diabetes tipo 1 e tipo 2. Antes do transplante capilar foi recolhida uma anamnese completa, com o foco no controlo da glicemia (valor de HbA1c), nas doen\u00e7as associadas e no estado f\u00edsico geral.<\/p>\n\n\n\n<p class=\"wp-block-paragraph\">No \u00e2mbito da avalia\u00e7\u00e3o foram usados exclusivamente m\u00e9todos modernos, como a <a href=\"\/pt\/transplante-capilar-fue\/\">t\u00e9cnica FUE (Follicular Unit Extraction)<\/a> , por ser minimamente invasiva e permitir uma cicatriza\u00e7\u00e3o mais r\u00e1pida, combinada com a implanta\u00e7\u00e3o DHI. Os participantes foram acompanhados ao longo de v\u00e1rios meses, para documentar a evolu\u00e7\u00e3o da cicatriza\u00e7\u00e3o, eventuais complica\u00e7\u00f5es e a satisfa\u00e7\u00e3o com os resultados.<\/p>\n\n\n\n<h3 class=\"wp-block-heading\">Observa\u00e7\u00f5es importantes da avalia\u00e7\u00e3o<\/h3>\n\n\n\n<ol class=\"wp-block-list\">\n<li><strong>A import\u00e2ncia do valor de HbA1c.<\/strong> Uma glicemia est\u00e1vel (valor de HbA1c) foi o fator mais importante para o sucesso do transplante capilar. Os pacientes com um valor abaixo de 7 por cento tiveram uma cicatriza\u00e7\u00e3o claramente melhor e um risco menor de complica\u00e7\u00f5es. Este limiar coincide com a evid\u00eancia cir\u00fargica geral sobre o controlo perioperat\u00f3rio da glicemia (Lai et al. 2022).<\/li>\n<li><strong>As t\u00e9cnicas modernas permitem melhores resultados.<\/strong> A t\u00e9cnica FUE revelou-se particularmente vantajosa para as pessoas com diabetes. Permite resultados precisos na zona dadora, uma perda de sangue m\u00ednima e um tempo de recupera\u00e7\u00e3o mais curto.<\/li>\n<li><strong>Avalia\u00e7\u00e3o do risco e prepara\u00e7\u00e3o pr\u00e9-operat\u00f3ria.<\/strong> A avalia\u00e7\u00e3o sublinha a import\u00e2ncia de uma aprecia\u00e7\u00e3o individual do risco antes do transplante capilar. Isso inclui exames m\u00e9dicos completos e uma articula\u00e7\u00e3o cuidadosa com o endocrinologista.<\/li>\n<li><strong>Benef\u00edcios psicol\u00f3gicos.<\/strong> Al\u00e9m das melhorias est\u00e9ticas, muitos pacientes relataram um aumento da autoconfian\u00e7a e uma melhoria da qualidade de vida depois do transplante capilar. Trata-se de um retorno subjetivo, n\u00e3o de um valor medido.<\/li>\n<\/ol>\n\n\n\n<h3 class=\"wp-block-heading\">Resultado: transplante capilar na diabetes, seguro com a prepara\u00e7\u00e3o certa<\/h3>\n\n\n\n<p class=\"wp-block-paragraph\">Esta avalia\u00e7\u00e3o mostra que os transplantes capilares podem ser realizados de forma segura e eficaz em pacientes com diabetes, quando as suas necessidades espec\u00edficas s\u00e3o tidas em conta. Decisivos s\u00e3o um controlo est\u00e1vel da glicemia e uma vigil\u00e2ncia cuidadosa da cicatriza\u00e7\u00e3o no p\u00f3s-operat\u00f3rio.<\/p>\n\n\n\n<p class=\"wp-block-paragraph\">N\u00e3o \u00e9 decisiva, pelo contr\u00e1rio, a tend\u00eancia para hemorragias. Este receio, difundido em textos mais antigos, n\u00e3o tem fundamento; a diabetes favorece antes a coagula\u00e7\u00e3o. A aten\u00e7\u00e3o deve ir para a cicatriza\u00e7\u00e3o e para o risco de infe\u00e7\u00e3o, e ambos dependem da glicemia.<\/p>\n\n\n\n<p class=\"wp-block-paragraph\">Para apoiar o processo de cicatriza\u00e7\u00e3o recorre-se \u00e0 terap\u00eautica com PRP, por se admitir que promove a regenera\u00e7\u00e3o e melhora a irriga\u00e7\u00e3o; o n\u00edvel de evid\u00eancia \u00e9, como descrito acima, moderado e n\u00e3o foi estudado especificamente na diabetes. Um controlo apertado dos sinais vitais e um acompanhamento dirigido s\u00e3o essenciais para detetar e tratar precocemente eventuais complica\u00e7\u00f5es.<\/p>\n\n\n\n<p class=\"wp-block-paragraph\">A avalia\u00e7\u00e3o sublinha a import\u00e2ncia de um plano de tratamento personalizado, que integre a dura\u00e7\u00e3o da diabetes, os valores de glicemia e os fatores gerais de sa\u00fade. Com esta abordagem \u00e9 poss\u00edvel minimizar os riscos e melhorar as hip\u00f3teses de sucesso de um transplante capilar em pessoas com diabetes.<\/p>\n\n\n\n<div style=\"background:#f6f9fc;border:1px solid #dbe4f0;border-radius:12px;padding:18px 20px;margin:26px 0\">\n<p style=\"margin:0 0 8px;color:#013366;font-weight:700;font-size:16px\">Enquadramento cl\u00ednico a partir da nossa an\u00e1lise capilar<\/p>\n<p style=\"margin:0 0 10px;color:#2e3033;font-size:15px;line-height:1.6\">Na diabetes, olhamos na an\u00e1lise capilar primeiro para duas coisas: o padr\u00e3o da queda e a evolu\u00e7\u00e3o da HbA1c. Se houver um afinamento uniforme por todo o couro cabeludo e o metabolismo n\u00e3o estiver est\u00e1vel, o passo seguinte n\u00e3o \u00e9 o transplante, mas o controlo metab\u00f3lico. Se existir, a par disso, um padr\u00e3o androgen\u00e9tico claro, os dois s\u00e3o planeados em separado.<\/p>\n<p style=\"margin:0;color:#6b7280;font-size:13px;font-style:italic\">Observa\u00e7\u00e3o cl\u00ednica da pr\u00e1tica de aconselhamento, n\u00e3o um resultado de estudo.<\/p>\n<\/div>\n\n\n\n<h2 class=\"wp-block-heading\">Perguntas frequentes sobre diabetes e queda de cabelo<\/h2>\n\n\n\n<div>\n<div style=\"border:1px solid #e3e8ef;border-radius:10px;padding:16px;margin-bottom:12px\">\n<p style=\"margin:0 0 8px;color:#013366;font-weight:600;font-size:17px;line-height:1.4\">O cabelo volta a crescer na diabetes e quanto tempo demora?<\/p>\n<p style=\"margin:0;color:#2e3033;line-height:1.65\">Na queda difusa desencadeada pelo metabolismo, em regra sim: um efl\u00favio tel\u00f3geno agudo regride espontaneamente em cerca de 95 por cento dos casos, assim que o desencadeador \u00e9 resolvido (StatPearls). A queda abranda ao fim de 1 a 2 meses, os primeiros cabelos novos surgem ao fim de 5 a 6 meses e um aumento vis\u00edvel da densidade ao fim de 9 a 12 meses. Uma componente androgen\u00e9tica n\u00e3o volta a crescer.<\/p>\n<\/div>\n<div style=\"border:1px solid #e3e8ef;border-radius:10px;padding:16px;margin-bottom:12px\">\n<p style=\"margin:0 0 8px;color:#013366;font-weight:600;font-size:17px;line-height:1.4\">A metformina provoca queda de cabelo?<\/p>\n<p style=\"margin:0;color:#2e3033;line-height:1.65\">N\u00e3o; uma rela\u00e7\u00e3o direta n\u00e3o est\u00e1 demonstrada e a queda de cabelo n\u00e3o consta como efeito secund\u00e1rio nos resumos das caracter\u00edsticas do medicamento. Demonstrado est\u00e1 um caminho indireto: na toma prolongada, a metformina reduz a absor\u00e7\u00e3o de vitamina B12 e, segundo a MHRA (2022), a B12 baixa afeta at\u00e9 1 em cada 10 pessoas com toma alta ou prolongada. Uma car\u00eancia de B12 pode favorecer a queda de cabelo. Por isso, mande controlar a B12 e n\u00e3o suspenda a metformina por conta pr\u00f3pria.<\/p>\n<\/div>\n<div style=\"border:1px solid #e3e8ef;border-radius:10px;padding:16px;margin-bottom:12px\">\n<p style=\"margin:0 0 8px;color:#013366;font-weight:600;font-size:17px;line-height:1.4\">O que \u00e9 o \u00edndice HOMA e a partir de quando \u00e9 alterado?<\/p>\n<p style=\"margin:0;color:#2e3033;line-height:1.65\">O \u00edndice HOMA (HOMA-IR) estima a resist\u00eancia \u00e0 insulina a partir da insulina em jejum e da glicose em jejum; a f\u00f3rmula \u00e9 insulina vezes glicose a dividir por 405. \u00c9 frequente considerar normal 0,7 a 2,0. No valor-limite, a literatura n\u00e3o \u00e9 uniforme: 1,9, 2,5 ou 2,7 s\u00e3o usados em paralelo e nenhuma sociedade cient\u00edfica ratificou um ponto de corte. \u00c9 um teste do metabolismo, n\u00e3o um teste de queda de cabelo.<\/p>\n<\/div>\n<div style=\"border:1px solid #e3e8ef;border-radius:10px;padding:16px;margin-bottom:12px\">\n<p style=\"margin:0 0 8px;color:#013366;font-weight:600;font-size:17px;line-height:1.4\">Que valor de HbA1c \u00e9 relevante para o cabelo?<\/p>\n<p style=\"margin:0;color:#2e3033;line-height:1.65\">N\u00e3o existe na literatura um limiar pr\u00f3prio para o cabelo. Como refer\u00eancia serve o intervalo-alvo geral: as orienta\u00e7\u00f5es recomendam, na diabetes tipo 2, valores individualizados de cerca de 6,5 a 7,5 por cento, e a ADA indica, nos Standards of Care 2026, menos de 7 por cento para a maioria dos adultos. Antes de interven\u00e7\u00f5es cir\u00fargicas procura-se um valor abaixo de 7 por cento, porque a cicatriza\u00e7\u00e3o beneficia disso.<\/p>\n<\/div>\n<div style=\"border:1px solid #e3e8ef;border-radius:10px;padding:16px;margin-bottom:12px\">\n<p style=\"margin:0 0 8px;color:#013366;font-weight:600;font-size:17px;line-height:1.4\">A resist\u00eancia \u00e0 insulina sem diabetes pode favorecer a queda de cabelo?<\/p>\n<p style=\"margin:0;color:#2e3033;line-height:1.65\">Os estudos mostram a associa\u00e7\u00e3o j\u00e1 sem diabetes manifesta, ou seja, na fase de pr\u00e9-diabetes. Num estudo de caso-controlo com 200 homens entre os 18 e os 35 anos, havia resist\u00eancia \u00e0 insulina em 18 por cento dos homens com queda de cabelo de in\u00edcio precoce, contra 4 por cento dos controlos (Erden et al. 2025). Trata-se de uma associa\u00e7\u00e3o estat\u00edstica, n\u00e3o de uma prova de causalidade. A resist\u00eancia \u00e0 insulina tamb\u00e9m ocorre com peso corporal normal.<\/p>\n<\/div>\n<div style=\"border:1px solid #e3e8ef;border-radius:10px;padding:16px;margin-bottom:12px\">\n<p style=\"margin:0 0 8px;color:#013366;font-weight:600;font-size:17px;line-height:1.4\">Porque \u00e9 que o couro cabeludo tem comich\u00e3o na diabetes?<\/p>\n<p style=\"margin:0;color:#2e3033;line-height:1.65\">A comich\u00e3o cr\u00f3nica afeta, consoante o estudo, 18,4 a 30,9 por cento das pessoas com diabetes tipo 2. A causa mais frequente \u00e9 a pele seca (xerose, 64 por cento dos afetados numa coorte com 249 doentes), seguida das infe\u00e7\u00f5es f\u00fangicas (16 por cento). A isto juntam-se sinais nervosos errados na neuropatia de fibras finas. A comich\u00e3o em si n\u00e3o provoca queda de cabelo, mas co\u00e7ar de forma persistente pode agrav\u00e1-la.<\/p>\n<\/div>\n<\/div>\n\n\n\n<figure class=\"wp-block-image size-full\"><img decoding=\"async\" src=\"https:\/\/elithair.com\/pt\/wp-content\/uploads\/sites\/7\/2026\/08\/bestand_97300.png\" alt=\"Um m\u00e9dico com uma caneta de insulina aconselha um paciente com diabetes\" class=\"wp-image-89969\"\/><\/figure>\n\n\n\n<div>\n<div style=\"border:1px solid #e3e8ef;border-radius:10px;padding:16px;margin-bottom:12px\">\n<p style=\"margin:0 0 8px;color:#013366;font-weight:600;font-size:17px;line-height:1.4\">Que m\u00e9dico trata a queda de cabelo na diabetes?<\/p>\n<p style=\"margin:0;color:#2e3033;line-height:1.65\">O primeiro contacto \u00e9 o m\u00e9dico de fam\u00edlia ou a consulta de diabetologia: a\u00ed esclarecem-se a HbA1c, o estado nutricional e as doen\u00e7as associadas. Com placas redondas sem cabelo ou com o couro cabeludo inflamado ou infetado, entra a dermatologia. As mulheres com suspeita de SOP s\u00e3o acompanhadas em ginecologia ou endocrinologia. Uma an\u00e1lise capilar numa cl\u00ednica capilar esclarece o padr\u00e3o da queda, mas n\u00e3o substitui nenhuma destas avalia\u00e7\u00f5es.<\/p>\n<\/div>\n<div style=\"border:1px solid #e3e8ef;border-radius:10px;padding:16px;margin-bottom:12px\">\n<p style=\"margin:0 0 8px;color:#013366;font-weight:600;font-size:17px;line-height:1.4\">Que cuidados especiais devem ter as pessoas com diabetes antes, durante e depois de um transplante capilar?<\/p>\n<p style=\"margin:0;color:#2e3033;line-height:1.65\">Antes de um transplante capilar, as pessoas com diabetes devem assegurar que a sua glicemia est\u00e1 est\u00e1vel e bem controlada. Uma colabora\u00e7\u00e3o estreita com o m\u00e9dico assistente \u00e9 essencial para minimizar riscos como infe\u00e7\u00f5es ou cicatriza\u00e7\u00e3o atrasada. Durante a interven\u00e7\u00e3o \u00e9 importante uma vigil\u00e2ncia cont\u00ednua da glicemia, com pausas e medi\u00e7\u00f5es nas sess\u00f5es mais longas. Depois da opera\u00e7\u00e3o, devem seguir rigorosamente as instru\u00e7\u00f5es de cuidados p\u00f3s-operat\u00f3rios e comparecer \u00e0s consultas de controlo, para apoiar da melhor forma o processo de cicatriza\u00e7\u00e3o.<\/p>\n<\/div>\n<div style=\"border:1px solid #e3e8ef;border-radius:10px;padding:16px;margin-bottom:12px\">\n<p style=\"margin:0 0 8px;color:#013366;font-weight:600;font-size:17px;line-height:1.4\">Existem diferen\u00e7as na elegibilidade para um transplante capilar entre a diabetes tipo 1 e a tipo 2?<\/p>\n<p style=\"margin:0;color:#2e3033;line-height:1.65\">N\u00e3o \u00e9 o tipo que decide, mas o controlo. N\u00e3o existe nenhuma orienta\u00e7\u00e3o nem nenhum estudo que sustente uma recusa generalizada na diabetes tipo 1. Na pr\u00e1tica, uma interven\u00e7\u00e3o mais longa na tipo 1 exige um plano de gest\u00e3o da glicemia, com medi\u00e7\u00f5es, pausas e, se necess\u00e1rio, ajuste da insulina pela diabetologia. Na tipo 2 contam ainda doen\u00e7as associadas, como o envolvimento renal ou a insufici\u00eancia card\u00edaca. Uma avalia\u00e7\u00e3o m\u00e9dica individual \u00e9 indispens\u00e1vel em ambos os casos para determinar a elegibilidade caso a caso.<\/p>\n<\/div>\n<div style=\"border:1px solid #e3e8ef;border-radius:10px;padding:16px;margin-bottom:12px\">\n<p style=\"margin:0 0 8px;color:#013366;font-weight:600;font-size:17px;line-height:1.4\">Que alternativas n\u00e3o cir\u00fargicas existem para pessoas com diabetes que sofrem de queda de cabelo?<\/p>\n<p style=\"margin:0;color:#2e3033;line-height:1.65\">Em primeiro lugar est\u00e1 o trabalho sobre as causas: trazer a glicemia para o intervalo-alvo e corrigir car\u00eancias comprovadas de ferritina, B12, zinco ou vitamina D. As pessoas com diabetes que n\u00e3o desejem uma interven\u00e7\u00e3o cir\u00fargica ou que n\u00e3o sejam candidatas podem, al\u00e9m disso, considerar as seguintes op\u00e7\u00f5es: solu\u00e7\u00f5es t\u00f3picas como o minoxidil podem promover o crescimento do cabelo, embora isso s\u00f3 esteja demonstrado na alopecia androgen\u00e9tica; \u00e9 importante consultar um m\u00e9dico antes de iniciar essa terap\u00eautica. O PRP mostra em revis\u00f5es uma evid\u00eancia moderada para a densidade capilar, num conjunto de estudos heterog\u00e9neo. Uma alimenta\u00e7\u00e3o equilibrada, atividade f\u00edsica regular e uma gest\u00e3o eficaz do stress podem melhorar o estado geral de sa\u00fade e ter um efeito positivo no crescimento do cabelo.<\/p>\n<\/div>\n<div style=\"border:1px solid #e3e8ef;border-radius:10px;padding:16px;margin-bottom:12px\">\n<p style=\"margin:0 0 8px;color:#013366;font-weight:600;font-size:17px;line-height:1.4\">Como influencia um transplante capilar a evolu\u00e7\u00e3o a longo prazo da queda de cabelo em pessoas com diabetes?<\/p>\n<p style=\"margin:0;color:#2e3033;line-height:1.65\">Um transplante capilar bem-sucedido pode melhorar claramente o aspeto da queda de cabelo em pessoas com diabetes. Contudo, a interven\u00e7\u00e3o n\u00e3o influencia as causas subjacentes da queda. Por isso, \u00e9 poss\u00edvel que complica\u00e7\u00f5es diab\u00e9ticas n\u00e3o tratadas ou progressivas continuem a provocar queda de cabelo. Um controlo cont\u00ednuo da glicemia e um estilo de vida saud\u00e1vel s\u00e3o decisivos para assegurar o sucesso a longo prazo do transplante e minimizar mais perdas. Um resultado vis\u00edvel surge ao fim de 6 a 9 meses e o resultado final ao fim de at\u00e9 12 meses.<\/p>\n<\/div>\n<div style=\"border:1px solid #e3e8ef;border-radius:10px;padding:16px;margin-bottom:12px\">\n<p style=\"margin:0 0 8px;color:#013366;font-weight:600;font-size:17px;line-height:1.4\">Que riscos espec\u00edficos existem para as pessoas com diabetes num transplante capilar, em compara\u00e7\u00e3o com quem n\u00e3o tem diabetes?<\/p>\n<p style=\"margin:0;color:#2e3033;line-height:1.65\">As pessoas com diabetes t\u00eam um risco aumentado de certas complica\u00e7\u00f5es em interven\u00e7\u00f5es cir\u00fargicas, nomeadamente: risco de infe\u00e7\u00e3o, pois devido a um poss\u00edvel compromisso do sistema imunit\u00e1rio o risco de infe\u00e7\u00f5es p\u00f3s-operat\u00f3rias pode estar aumentado. E cicatriza\u00e7\u00e3o atrasada, pois valores altos de glicemia podem abrandar os processos de cicatriza\u00e7\u00e3o, o que leva a tempos de recupera\u00e7\u00e3o mais longos. Uma metan\u00e1lise de 29 estudos aleatorizados com 14.126 doentes encontrou, sob um bom controlo perioperat\u00f3rio da glicemia, claramente menos infe\u00e7\u00f5es da ferida (risk ratio 0,63; Lai et al. 2022). N\u00e3o se confirma o frequentemente referido aumento da tend\u00eancia para hemorragias: a diabetes \u00e9 considerada favorecedora da coagula\u00e7\u00e3o e n\u00e3o das hemorragias. Um planeamento pr\u00e9-operat\u00f3rio cuidadoso e um acompanhamento p\u00f3s-operat\u00f3rio s\u00e3o, por isso, especialmente importantes nas pessoas com diabetes, para minimizar estes riscos.<\/p>\n<\/div>\n<\/div>\n\n\n\n<h2 class=\"wp-block-heading\">Conclus\u00e3o<\/h2>\n\n\n\n<p class=\"wp-block-paragraph\">A queda de cabelo na diabetes pode ser desgastante, mas existem formas eficazes de a reduzir e de promover o crescimento do cabelo. Um controlo est\u00e1vel da glicemia, um estilo de vida saud\u00e1vel e medidas m\u00e9dicas dirigidas contribuem de forma decisiva para <strong>travar a queda de cabelo na diabetes<\/strong>.<\/p>\n\n\n\n<p class=\"wp-block-paragraph\">O que conta, por esta ordem: HbA1c no intervalo-alvo, mandar analisar os oito valores laboratoriais do plano, fechar as lacunas nutricionais, n\u00e3o perder peso demasiado depressa. Na tipo 1, verificar ainda a tiroide e, em caso de placas redondas sem cabelo, recorrer \u00e0 dermatologia. S\u00f3 depois disso faz sentido a pergunta sobre subst\u00e2ncias ativas ou um transplante.<\/p>\n\n\n\n<p class=\"wp-block-paragraph\">N\u00e3o espere se notar altera\u00e7\u00f5es: um diagn\u00f3stico precoce e uma terap\u00eautica dirigida fazem a diferen\u00e7a. A <a href=\"\/pt\/clinica\/\">cl\u00ednica Elithair<\/a> oferece um aconselhamento gratuito para encontrar a melhor solu\u00e7\u00e3o para si. Antes de qualquer decis\u00e3o vem o esclarecimento das causas: a an\u00e1lise pr\u00e9via ao sangue verifica se um transplante \u00e9 sequer a terap\u00eautica certa e, com um metabolismo inst\u00e1vel, trata-se primeiro.<\/p>\n\n\n<div class=\"wp-block-image\">\n<figure class=\"aligncenter size-large is-resized\" style=\"max-width:720px;margin-left:auto;margin-right:auto\"><img decoding=\"async\" src=\"https:\/\/elithair.com\/pt\/wp-content\/uploads\/sites\/7\/2026\/08\/bewegung_alltag.png\" alt=\"Casal de meia-idade caminha a bom ritmo no parque, como parte da recomenda\u00e7\u00e3o de exerc\u00edcio na diabetes\" class=\"wp-image-89966\" style=\"width:720px;max-width:100%;height:auto\"\/><\/figure>\n<\/div>\n\n\n<div class=\"wp-block-buttons is-content-justification-center is-layout-flex wp-container-core-buttons-is-layout-fe48e5de wp-block-buttons-is-layout-flex\" style=\"justify-content:center;margin-bottom:48px\">\n<div class=\"wp-block-button\"><a class=\"wp-block-button__link wp-element-button\" style=\"background-color:#0079F1;color:#ffffff;border-radius:8px;padding:15px 36px;font-weight:700;font-size:17px\" href=\"\/pt\/analise-capilar\/\">Iniciar an\u00e1lise capilar gratuita<\/a><\/div>\n<\/div>\n\n\n\n<h3 class=\"wp-block-heading\">Fontes e atualidade<\/h3>\n\n\n\n<div style=\"background:#f6f9fc;border:1px solid #dbe4f0;border-radius:12px;padding:20px 22px;margin:26px 0\">\n<p style=\"margin:0 0 14px;color:#013366;font-weight:700;font-size:18px\">Fontes cient\u00edficas<\/p>\n<ul style=\"margin:0;padding:0;list-style:none\">\n<li style=\"padding:9px 0;border-bottom:1px solid #eef1f5;color:#2e3033;font-size:14px;line-height:1.5\">Erden O, Yorulmaz A, Yalcin B: Increased Prevalence of Insulin Resistance and Metabolic Syndrome in Men With Early-Onset Androgenetic Alopecia. <em>Journal of Cosmetic Dermatology<\/em> (2025). <a href=\"https:\/\/onlinelibrary.wiley.com\/doi\/10.1111\/jocd.70458\" target=\"_blank\" rel=\"noopener\">Wiley Online Library<\/a><\/li>\n<li style=\"padding:9px 0;border-bottom:1px solid #eef1f5;color:#2e3033;font-size:14px;line-height:1.5\">Glycolipid and Hormonal Profiles in Young Men with Early-Onset Androgenetic Alopecia: uma metan\u00e1lise. <em>Scientific Reports<\/em> (2017). <a href=\"https:\/\/www.nature.com\/articles\/s41598-017-08528-3\" target=\"_blank\" rel=\"noopener\">Nature<\/a><\/li>\n<li style=\"padding:9px 0;border-bottom:1px solid #eef1f5;color:#2e3033;font-size:14px;line-height:1.5\">Risk factors for androgenetic alopecia: a systematic review and meta-analysis. <em>BMC Public Health<\/em> (2026). <a href=\"https:\/\/link.springer.com\/article\/10.1186\/s12889-026-26258-y\" target=\"_blank\" rel=\"noopener\">BMC Public Health<\/a><\/li>\n<li style=\"padding:9px 0;border-bottom:1px solid #eef1f5;color:#2e3033;font-size:14px;line-height:1.5\">StatPearls: Telogen Effluvium (valores-limite, distribui\u00e7\u00e3o anag\u00e9nio-telog\u00e9nio, remiss\u00e3o espont\u00e2nea). <a href=\"https:\/\/www.ncbi.nlm.nih.gov\/books\/NBK430848\/\" target=\"_blank\" rel=\"noopener\">NCBI Bookshelf<\/a><\/li>\n<li style=\"padding:9px 0;border-bottom:1px solid #eef1f5;color:#2e3033;font-size:14px;line-height:1.5\">Evaluation of chronic pruritus and associated skin findings in patients with diabetes mellitus (249 doentes, xerose 64 por cento). <a href=\"https:\/\/pmc.ncbi.nlm.nih.gov\/articles\/PMC10763738\/\" target=\"_blank\" rel=\"noopener\">PMC<\/a><\/li>\n<li style=\"padding:9px 0;border-bottom:1px solid #eef1f5;color:#2e3033;font-size:14px;line-height:1.5\">Itch in diabetes: a common underestimated problem (revis\u00e3o de preval\u00eancia). <a href=\"https:\/\/pmc.ncbi.nlm.nih.gov\/articles\/PMC9880781\/\" target=\"_blank\" rel=\"noopener\">PMC<\/a><\/li>\n<li style=\"padding:9px 0;border-bottom:1px solid #eef1f5;color:#2e3033;font-size:14px;line-height:1.5\">Comorbilidade autoimune na diabetes tipo 1: estudo transversal em 251 adultos (Hashimoto 16,3 por cento, anticorpos anti-TPO 58,6 por cento). <a href=\"https:\/\/pmc.ncbi.nlm.nih.gov\/articles\/PMC9395765\/\" target=\"_blank\" rel=\"noopener\">PMC<\/a><\/li>\n<li style=\"padding:9px 0;border-bottom:1px solid #eef1f5;color:#2e3033;font-size:14px;line-height:1.5\">Lai et al.: metan\u00e1lise de 29 estudos aleatorizados (n = 14.126) sobre controlo perioperat\u00f3rio da glicemia e infe\u00e7\u00f5es da ferida (2022). <a href=\"https:\/\/pmc.ncbi.nlm.nih.gov\/articles\/PMC8990940\/\" target=\"_blank\" rel=\"noopener\">PMC<\/a><\/li>\n<li style=\"padding:9px 0;border-bottom:1px solid #eef1f5;color:#2e3033;font-size:14px;line-height:1.5\">Effects of Hyperglycemia and Diabetes Mellitus on Coagulation and Hemostasis (a diabetes \u00e9 protromb\u00f3tica). <a href=\"https:\/\/www.ncbi.nlm.nih.gov\/pmc\/articles\/PMC8199251\/\" target=\"_blank\" rel=\"noopener\">PMC<\/a><\/li>\n<li style=\"padding:9px 0;border-bottom:1px solid #eef1f5;color:#2e3033;font-size:14px;line-height:1.5\">MHRA Drug Safety Update sobre a metformina e a monitoriza\u00e7\u00e3o da vitamina B12 (2022), citado atrav\u00e9s de uma revis\u00e3o na PMC. <a href=\"https:\/\/pmc.ncbi.nlm.nih.gov\/articles\/PMC12918417\/\" target=\"_blank\" rel=\"noopener\">PMC<\/a><\/li>\n<li style=\"padding:9px 0;border-bottom:1px solid #eef1f5;color:#2e3033;font-size:14px;line-height:1.5\">Dire\u00e7\u00e3o-Geral da Sa\u00fade: norma sobre a abordagem terap\u00eautica farmacol\u00f3gica na diabetes mellitus tipo 2 no adulto (controlo glic\u00e9mico). <a href=\"https:\/\/normas.dgs.min-saude.pt\/2011\/12\/27\/abordagem-terapeutica-farmacologica-na-diabetes-mellitus-tipo-2-no-adulto\/\" target=\"_blank\" rel=\"noopener\">DGS<\/a><\/li>\n<li style=\"padding:9px 0;border-bottom:1px solid #eef1f5;color:#2e3033;font-size:14px;line-height:1.5\">American Diabetes Association: Standards of Care in Diabetes 2026, cap\u00edtulo 6 Glycemic Goals. <a href=\"https:\/\/diabetesjournals.org\/care\/article\/49\/Supplement_1\/S132\/163927\/6-Glycemic-Goals-Hypoglycemia-and-Hyperglycemic\" target=\"_blank\" rel=\"noopener\">ADA<\/a><\/li>\n<li style=\"padding:9px 0;border-bottom:1px solid #eef1f5;color:#2e3033;font-size:14px;line-height:1.5\">Sociedade Portuguesa de Dermatologia e Venereologia: informa\u00e7\u00e3o sobre doen\u00e7as da pele, incluindo a alopecia areata. <a href=\"https:\/\/www.spdv.pt\/_doencas_de_pele_2\" target=\"_blank\" rel=\"noopener\">SPDV<\/a><\/li>\n<li style=\"padding:9px 0;border-bottom:1px solid #eef1f5;color:#2e3033;font-size:14px;line-height:1.5\">Vigil\u00e2ncia epidemiol\u00f3gica da diabetes: propor\u00e7\u00e3o de casos por diagnosticar. <a href=\"https:\/\/www.ncbi.nlm.nih.gov\/pmc\/articles\/PMC10165910\/\" target=\"_blank\" rel=\"noopener\">PMC<\/a><\/li>\n<li style=\"padding:9px 0;border-bottom:1px solid #eef1f5;color:#2e3033;font-size:14px;line-height:1.5\">Wang et al.: The effects of advanced glycation end-products on skin. <em>Experimental Dermatology<\/em> (2024). <a href=\"https:\/\/onlinelibrary.wiley.com\/doi\/full\/10.1111\/exd.15065\" target=\"_blank\" rel=\"noopener\">Wiley Online Library<\/a><\/li>\n<li style=\"padding:9px 0;border-bottom:1px solid #eef1f5;color:#2e3033;font-size:14px;line-height:1.5\">Mayo Clinic: Minoxidil (oral route), efeitos secund\u00e1rios e advert\u00eancias. <a href=\"https:\/\/www.mayoclinic.org\/drugs-supplements\/minoxidil-oral-route\/description\/drg-20068757\" target=\"_blank\" rel=\"noopener\">Mayo Clinic<\/a><\/li>\n<li style=\"padding:9px 0;color:#2e3033;font-size:14px;line-height:1.5\">Mangal et al. (2024): metan\u00e1lise de 132 estudos com 52.501 participantes sobre car\u00eancias de micronutrientes na diabetes tipo 2 (45 por cento com pelo menos uma car\u00eancia). Mangal et al. 2024<\/li>\n<\/ul>\n<p style=\"margin:16px 0 0;font-size:13px;color:#6b7280\">Atualizado em: agosto de 2026. Os n\u00fameros e as refer\u00eancias \u00e0s orienta\u00e7\u00f5es foram verificados nessa data.<\/p>\n<p style=\"margin:10px 0 0;font-size:13px;color:#6b7280;font-style:italic\">Este artigo tem fins informativos e n\u00e3o substitui um diagn\u00f3stico ou um tratamento m\u00e9dico. Nunca altere por conta pr\u00f3pria os medicamentos para a diabetes; fale sobre a queda de cabelo e os valores laboratoriais com o seu m\u00e9dico de fam\u00edlia ou com a sua consulta de diabetologia.<\/p>\n<\/div>\n\n\n\n<script type=\"application\/ld+json\">\n{\"@context\": \"https:\/\/schema.org\", \"@type\": \"FAQPage\", \"mainEntity\": [{\"@type\": \"Question\", \"name\": \"O cabelo volta a crescer na diabetes e quanto tempo demora?\", \"acceptedAnswer\": {\"@type\": \"Answer\", \"text\": \"Na queda difusa desencadeada pelo metabolismo, em regra sim: um efl\u00favio tel\u00f3geno agudo regride espontaneamente em cerca de 95 por cento dos casos, assim que o desencadeador \u00e9 resolvido (StatPearls). A queda abranda ao fim de 1 a 2 meses, os primeiros cabelos novos surgem ao fim de 5 a 6 meses e um aumento vis\u00edvel da densidade ao fim de 9 a 12 meses. Uma componente androgen\u00e9tica n\u00e3o volta a crescer.\"}}, {\"@type\": \"Question\", \"name\": \"A metformina provoca queda de cabelo?\", \"acceptedAnswer\": {\"@type\": \"Answer\", \"text\": \"N\u00e3o; uma rela\u00e7\u00e3o direta n\u00e3o est\u00e1 demonstrada e a queda de cabelo n\u00e3o consta como efeito secund\u00e1rio nos resumos das caracter\u00edsticas do medicamento. Demonstrado est\u00e1 um caminho indireto: na toma prolongada, a metformina reduz a absor\u00e7\u00e3o de vitamina B12 e, segundo a MHRA (2022), a B12 baixa afeta at\u00e9 1 em cada 10 pessoas com toma alta ou prolongada. Uma car\u00eancia de B12 pode favorecer a queda de cabelo. Por isso, mande controlar a B12 e n\u00e3o suspenda a metformina por conta pr\u00f3pria.\"}}, {\"@type\": \"Question\", \"name\": \"O que \u00e9 o \u00edndice HOMA e a partir de quando \u00e9 alterado?\", \"acceptedAnswer\": {\"@type\": \"Answer\", \"text\": \"O \u00edndice HOMA (HOMA-IR) estima a resist\u00eancia \u00e0 insulina a partir da insulina em jejum e da glicose em jejum; a f\u00f3rmula \u00e9 insulina vezes glicose a dividir por 405. \u00c9 frequente considerar normal 0,7 a 2,0. No valor-limite, a literatura n\u00e3o \u00e9 uniforme: 1,9, 2,5 ou 2,7 s\u00e3o usados em paralelo e nenhuma sociedade cient\u00edfica ratificou um ponto de corte. \u00c9 um teste do metabolismo, n\u00e3o um teste de queda de cabelo.\"}}, {\"@type\": \"Question\", \"name\": \"Que valor de HbA1c \u00e9 relevante para o cabelo?\", \"acceptedAnswer\": {\"@type\": \"Answer\", \"text\": \"N\u00e3o existe na literatura um limiar pr\u00f3prio para o cabelo. Como refer\u00eancia serve o intervalo-alvo geral: as orienta\u00e7\u00f5es recomendam, na diabetes tipo 2, valores individualizados de cerca de 6,5 a 7,5 por cento, e a ADA indica, nos Standards of Care 2026, menos de 7 por cento para a maioria dos adultos. Antes de interven\u00e7\u00f5es cir\u00fargicas procura-se um valor abaixo de 7 por cento, porque a cicatriza\u00e7\u00e3o beneficia disso.\"}}, {\"@type\": \"Question\", \"name\": \"A resist\u00eancia \u00e0 insulina sem diabetes pode favorecer a queda de cabelo?\", \"acceptedAnswer\": {\"@type\": \"Answer\", \"text\": \"Os estudos mostram a associa\u00e7\u00e3o j\u00e1 sem diabetes manifesta, ou seja, na fase de pr\u00e9-diabetes. Num estudo de caso-controlo com 200 homens entre os 18 e os 35 anos, havia resist\u00eancia \u00e0 insulina em 18 por cento dos homens com queda de cabelo de in\u00edcio precoce, contra 4 por cento dos controlos (Erden et al. 2025). Trata-se de uma associa\u00e7\u00e3o estat\u00edstica, n\u00e3o de uma prova de causalidade. A resist\u00eancia \u00e0 insulina tamb\u00e9m ocorre com peso corporal normal.\"}}, {\"@type\": \"Question\", \"name\": \"Porque \u00e9 que o couro cabeludo tem comich\u00e3o na diabetes?\", \"acceptedAnswer\": {\"@type\": \"Answer\", \"text\": \"A comich\u00e3o cr\u00f3nica afeta, consoante o estudo, 18,4 a 30,9 por cento das pessoas com diabetes tipo 2. A causa mais frequente \u00e9 a pele seca (xerose, 64 por cento dos afetados numa coorte com 249 doentes), seguida das infe\u00e7\u00f5es f\u00fangicas (16 por cento). A isto juntam-se sinais nervosos errados na neuropatia de fibras finas. A comich\u00e3o em si n\u00e3o provoca queda de cabelo, mas co\u00e7ar de forma persistente pode agrav\u00e1-la.\"}}, {\"@type\": \"Question\", \"name\": \"Que m\u00e9dico trata a queda de cabelo na diabetes?\", \"acceptedAnswer\": {\"@type\": \"Answer\", \"text\": \"O primeiro contacto \u00e9 o m\u00e9dico de fam\u00edlia ou a consulta de diabetologia: a\u00ed esclarecem-se a HbA1c, o estado nutricional e as doen\u00e7as associadas. Com placas redondas sem cabelo ou com o couro cabeludo inflamado ou infetado, entra a dermatologia. As mulheres com suspeita de SOP s\u00e3o acompanhadas em ginecologia ou endocrinologia. Uma an\u00e1lise capilar numa cl\u00ednica capilar esclarece o padr\u00e3o da queda, mas n\u00e3o substitui nenhuma destas avalia\u00e7\u00f5es.\"}}, {\"@type\": \"Question\", \"name\": \"Que cuidados especiais devem ter as pessoas com diabetes antes, durante e depois de um transplante capilar?\", \"acceptedAnswer\": {\"@type\": \"Answer\", \"text\": \"Antes de um transplante capilar, as pessoas com diabetes devem assegurar que a sua glicemia est\u00e1 est\u00e1vel e bem controlada. Uma colabora\u00e7\u00e3o estreita com o m\u00e9dico assistente \u00e9 essencial para minimizar riscos como infe\u00e7\u00f5es ou cicatriza\u00e7\u00e3o atrasada. Durante a interven\u00e7\u00e3o \u00e9 importante uma vigil\u00e2ncia cont\u00ednua da glicemia, com pausas e medi\u00e7\u00f5es nas sess\u00f5es mais longas. Depois da opera\u00e7\u00e3o, devem seguir rigorosamente as instru\u00e7\u00f5es de cuidados p\u00f3s-operat\u00f3rios e comparecer \u00e0s consultas de controlo, para apoiar da melhor forma o processo de cicatriza\u00e7\u00e3o.\"}}, {\"@type\": \"Question\", \"name\": \"Existem diferen\u00e7as na elegibilidade para um transplante capilar entre a diabetes tipo 1 e a tipo 2?\", \"acceptedAnswer\": {\"@type\": \"Answer\", \"text\": \"N\u00e3o \u00e9 o tipo que decide, mas o controlo. N\u00e3o existe nenhuma orienta\u00e7\u00e3o nem nenhum estudo que sustente uma recusa generalizada na diabetes tipo 1. Na pr\u00e1tica, uma interven\u00e7\u00e3o mais longa na tipo 1 exige um plano de gest\u00e3o da glicemia, com medi\u00e7\u00f5es, pausas e, se necess\u00e1rio, ajuste da insulina pela diabetologia. Na tipo 2 contam ainda doen\u00e7as associadas, como o envolvimento renal ou a insufici\u00eancia card\u00edaca. Uma avalia\u00e7\u00e3o m\u00e9dica individual \u00e9 indispens\u00e1vel em ambos os casos para determinar a elegibilidade caso a caso.\"}}, {\"@type\": \"Question\", \"name\": \"Que alternativas n\u00e3o cir\u00fargicas existem para pessoas com diabetes que sofrem de queda de cabelo?\", \"acceptedAnswer\": {\"@type\": \"Answer\", \"text\": \"Em primeiro lugar est\u00e1 o trabalho sobre as causas: trazer a glicemia para o intervalo-alvo e corrigir car\u00eancias comprovadas de ferritina, B12, zinco ou vitamina D. As pessoas com diabetes que n\u00e3o desejem uma interven\u00e7\u00e3o cir\u00fargica ou que n\u00e3o sejam candidatas podem, al\u00e9m disso, considerar as seguintes op\u00e7\u00f5es: solu\u00e7\u00f5es t\u00f3picas como o minoxidil podem promover o crescimento do cabelo, embora isso s\u00f3 esteja demonstrado na alopecia androgen\u00e9tica; \u00e9 importante consultar um m\u00e9dico antes de iniciar essa terap\u00eautica. O PRP mostra em revis\u00f5es uma evid\u00eancia moderada para a densidade capilar, num conjunto de estudos heterog\u00e9neo. Uma alimenta\u00e7\u00e3o equilibrada, atividade f\u00edsica regular e uma gest\u00e3o eficaz do stress podem melhorar o estado geral de sa\u00fade e ter um efeito positivo no crescimento do cabelo.\"}}, {\"@type\": \"Question\", \"name\": \"Como influencia um transplante capilar a evolu\u00e7\u00e3o a longo prazo da queda de cabelo em pessoas com diabetes?\", \"acceptedAnswer\": {\"@type\": \"Answer\", \"text\": \"Um transplante capilar bem-sucedido pode melhorar claramente o aspeto da queda de cabelo em pessoas com diabetes. Contudo, a interven\u00e7\u00e3o n\u00e3o influencia as causas subjacentes da queda. Por isso, \u00e9 poss\u00edvel que complica\u00e7\u00f5es diab\u00e9ticas n\u00e3o tratadas ou progressivas continuem a provocar queda de cabelo. Um controlo cont\u00ednuo da glicemia e um estilo de vida saud\u00e1vel s\u00e3o decisivos para assegurar o sucesso a longo prazo do transplante e minimizar mais perdas. Um resultado vis\u00edvel surge ao fim de 6 a 9 meses e o resultado final ao fim de at\u00e9 12 meses.\"}}, {\"@type\": \"Question\", \"name\": \"Que riscos espec\u00edficos existem para as pessoas com diabetes num transplante capilar, em compara\u00e7\u00e3o com quem n\u00e3o tem diabetes?\", \"acceptedAnswer\": {\"@type\": \"Answer\", \"text\": \"As pessoas com diabetes t\u00eam um risco aumentado de certas complica\u00e7\u00f5es em interven\u00e7\u00f5es cir\u00fargicas, nomeadamente: risco de infe\u00e7\u00e3o, pois devido a um poss\u00edvel compromisso do sistema imunit\u00e1rio o risco de infe\u00e7\u00f5es p\u00f3s-operat\u00f3rias pode estar aumentado. E cicatriza\u00e7\u00e3o atrasada, pois valores altos de glicemia podem abrandar os processos de cicatriza\u00e7\u00e3o, o que leva a tempos de recupera\u00e7\u00e3o mais longos. Uma metan\u00e1lise de 29 estudos aleatorizados com 14.126 doentes encontrou, sob um bom controlo perioperat\u00f3rio da glicemia, claramente menos infe\u00e7\u00f5es da ferida (risk ratio 0,63; Lai et al. 2022). N\u00e3o se confirma o frequentemente referido aumento da tend\u00eancia para hemorragias: a diabetes \u00e9 considerada favorecedora da coagula\u00e7\u00e3o e n\u00e3o das hemorragias. Um planeamento pr\u00e9-operat\u00f3rio cuidadoso e um acompanhamento p\u00f3s-operat\u00f3rio s\u00e3o, por isso, especialmente importantes nas pessoas com diabetes, para minimizar estes riscos.\"}}]}\n<\/script>\n\n\n\n<p class=\"wp-block-paragraph\">Temas relacionados do nosso cluster sobre queda de cabelo: <a href=\"\/pt\/blog-sobre-implante-capilar\/queda-de-cabelo-difusa\/\">queda de cabelo difusa<\/a>, <a href=\"\/pt\/blog-sobre-implante-capilar\/deficiencia-de-ferro-queda-de-cabelo\/\">car\u00eancia de ferro e queda de cabelo<\/a>, <a href=\"\/pt\/blog-sobre-implante-capilar\/vitaminas-queda-de-cabelo\/\">vitaminas contra a queda de cabelo<\/a> e ainda <a href=\"\/pt\/blog-sobre-implante-capilar\/tireoide-queda-de-cabelo\/\">queda de cabelo e tiroide<\/a>. Especificamente sobre medicamentos: queda de cabelo com Ozempic.<\/p>\n\n","protected":false},"excerpt":{"rendered":"<p>Mais cabelo na escova e, na \u00faltima consulta, a HbA1c alta demais: a rela\u00e7\u00e3o entre diabetes e queda de cabelo \u00e9 real, mas costuma ser diferente do que se pensa. A queda de cabelo associada \u00e0 diabetes \u00e9 tipicamente difusa distribu\u00edda por todo o couro cabeludo e regride ao longo de meses com a glicemia [&hellip;]<\/p>\n","protected":false},"author":10,"featured_media":89722,"comment_status":"closed","ping_status":"closed","sticky":false,"template":"","format":"standard","meta":{"_acf_changed":false,"_yoast_wpseo_meta-robots-noindex":"","_yoast_wpseo_meta-robots-nofollow":"","_yoast_wpseo_meta-robots-adv":"","_yoast_wpseo_canonical":"https:\/\/elithair.com\/pt\/blog-sobre-implante-capilar\/diabetes-queda-de-cabelo\/","_yoast_wpseo_opengraph-title":"","_yoast_wpseo_opengraph-description":"","_yoast_wpseo_opengraph-image":"","_yoast_wpseo_twitter-title":"","_yoast_wpseo_twitter-description":"","_yoast_wpseo_twitter-image":"","_hm_hreflang_map":{"de":49955,"en":91610,"es":91872,"fr":101238,"it":107657,"pt":89717,"tr":83299,"uk":95633,"x_default":91610},"_hm_language_code":"pt","footnotes":""},"categories":[9],"tags":[],"class_list":["post-89717","post","type-post","status-publish","format-standard","has-post-thumbnail","hentry","category-queda-de-cabelo-blog"],"acf":[],"yoast_head":"<!-- This site is optimized with the Yoast SEO Premium plugin v28.3 (Yoast SEO v28.3) - https:\/\/yoast.com\/product\/yoast-seo-premium-wordpress\/ -->\n<title>Diabetes e queda de cabelo: como perceber se a glicemia \u00e9 a causa<\/title>\n<meta name=\"description\" content=\"Diabetes e queda de cabelo: porque \u00e9 que a glicemia custa cabelo, o que tem a resist\u00eancia \u00e0 insulina a ver com isso e que an\u00e1lises deve mandar fazer.\" \/>\n<meta name=\"robots\" content=\"index, follow, max-snippet:-1, max-image-preview:large, max-video-preview:-1\" \/>\n<link rel=\"canonical\" href=\"https:\/\/elithair.com\/pt\/blog-sobre-implante-capilar\/diabetes-queda-de-cabelo\/\" \/>\n<meta property=\"og:locale\" content=\"pt_PT\" \/>\n<meta property=\"og:type\" content=\"article\" \/>\n<meta property=\"og:title\" content=\"Diabetes e queda de cabelo: causas, resist\u00eancia \u00e0 insulina e o que ajuda mesmo\" \/>\n<meta property=\"og:description\" content=\"Diabetes e queda de cabelo: porque \u00e9 que a glicemia custa cabelo, o que tem a resist\u00eancia \u00e0 insulina a ver com isso e que an\u00e1lises deve mandar fazer.\" \/>\n<meta property=\"og:url\" content=\"https:\/\/elithair.com\/pt\/blog-sobre-implante-capilar\/diabetes-queda-de-cabelo\/\" \/>\n<meta property=\"og:site_name\" content=\"Elithair\" \/>\n<meta property=\"article:publisher\" content=\"https:\/\/www.facebook.com\/Dr.Abdulaziz.Balwi.Hair.Transplant\" \/>\n<meta property=\"article:published_time\" content=\"2026-08-29T12:38:08+00:00\" \/>\n<meta property=\"og:image\" content=\"https:\/\/elithair.com\/pt\/wp-content\/uploads\/sites\/7\/2026\/08\/bestand_97298.png\" \/>\n<meta name=\"author\" content=\"Dr. Imad Moustafa\" \/>\n<meta name=\"twitter:card\" content=\"summary_large_image\" \/>\n<meta name=\"twitter:label1\" content=\"Escrito por\" \/>\n\t<meta name=\"twitter:data1\" content=\"Dr. Imad Moustafa\" \/>\n\t<meta name=\"twitter:label2\" content=\"Tempo estimado de leitura\" \/>\n\t<meta name=\"twitter:data2\" content=\"67 minutos\" \/>\n<script type=\"application\/ld+json\" class=\"yoast-schema-graph\">{\"@context\":\"https:\\\/\\\/schema.org\",\"@graph\":[{\"@type\":\"Article\",\"@id\":\"https:\\\/\\\/elithair.com\\\/pt\\\/blog-sobre-implante-capilar\\\/diabetes-queda-de-cabelo\\\/#article\",\"isPartOf\":{\"@id\":\"https:\\\/\\\/elithair.com\\\/pt\\\/blog-sobre-implante-capilar\\\/diabetes-queda-de-cabelo\\\/\"},\"author\":{\"name\":\"Dr. Imad Moustafa\",\"@id\":\"https:\\\/\\\/elithair.com\\\/pt\\\/#\\\/schema\\\/person\\\/11ce37e83a6343e4c37edcd4b5498e41\"},\"headline\":\"Diabetes e queda de cabelo: causas, resist\u00eancia \u00e0 insulina e o que ajuda mesmo\",\"datePublished\":\"2026-08-29T12:38:08+00:00\",\"mainEntityOfPage\":{\"@id\":\"https:\\\/\\\/elithair.com\\\/pt\\\/blog-sobre-implante-capilar\\\/diabetes-queda-de-cabelo\\\/\"},\"wordCount\":13509,\"publisher\":{\"@id\":\"https:\\\/\\\/elithair.com\\\/pt\\\/#organization\"},\"image\":{\"@id\":\"https:\\\/\\\/elithair.com\\\/pt\\\/blog-sobre-implante-capilar\\\/diabetes-queda-de-cabelo\\\/#primaryimage\"},\"thumbnailUrl\":\"https:\\\/\\\/elithair.com\\\/pt\\\/wp-content\\\/uploads\\\/sites\\\/7\\\/2026\\\/08\\\/hero-9.png\",\"articleSection\":[\"Queda de Cabelo\"],\"inLanguage\":\"pt-PT\"},{\"@type\":\"WebPage\",\"@id\":\"https:\\\/\\\/elithair.com\\\/pt\\\/blog-sobre-implante-capilar\\\/diabetes-queda-de-cabelo\\\/\",\"url\":\"https:\\\/\\\/elithair.com\\\/pt\\\/blog-sobre-implante-capilar\\\/diabetes-queda-de-cabelo\\\/\",\"name\":\"Diabetes e queda de cabelo: como perceber se a glicemia \u00e9 a causa\",\"isPartOf\":{\"@id\":\"https:\\\/\\\/elithair.com\\\/pt\\\/#website\"},\"primaryImageOfPage\":{\"@id\":\"https:\\\/\\\/elithair.com\\\/pt\\\/blog-sobre-implante-capilar\\\/diabetes-queda-de-cabelo\\\/#primaryimage\"},\"image\":{\"@id\":\"https:\\\/\\\/elithair.com\\\/pt\\\/blog-sobre-implante-capilar\\\/diabetes-queda-de-cabelo\\\/#primaryimage\"},\"thumbnailUrl\":\"https:\\\/\\\/elithair.com\\\/pt\\\/wp-content\\\/uploads\\\/sites\\\/7\\\/2026\\\/08\\\/hero-9.png\",\"datePublished\":\"2026-08-29T12:38:08+00:00\",\"description\":\"Diabetes e queda de cabelo: porque \u00e9 que a glicemia custa cabelo, o que tem a resist\u00eancia \u00e0 insulina a ver com isso e que an\u00e1lises deve mandar fazer.\",\"breadcrumb\":{\"@id\":\"https:\\\/\\\/elithair.com\\\/pt\\\/blog-sobre-implante-capilar\\\/diabetes-queda-de-cabelo\\\/#breadcrumb\"},\"inLanguage\":\"pt-PT\",\"potentialAction\":[{\"@type\":\"ReadAction\",\"target\":[\"https:\\\/\\\/elithair.com\\\/pt\\\/blog-sobre-implante-capilar\\\/diabetes-queda-de-cabelo\\\/\"]}]},{\"@type\":\"ImageObject\",\"inLanguage\":\"pt-PT\",\"@id\":\"https:\\\/\\\/elithair.com\\\/pt\\\/blog-sobre-implante-capilar\\\/diabetes-queda-de-cabelo\\\/#primaryimage\",\"url\":\"https:\\\/\\\/elithair.com\\\/pt\\\/wp-content\\\/uploads\\\/sites\\\/7\\\/2026\\\/08\\\/hero-9.png\",\"contentUrl\":\"https:\\\/\\\/elithair.com\\\/pt\\\/wp-content\\\/uploads\\\/sites\\\/7\\\/2026\\\/08\\\/hero-9.png\",\"width\":1536,\"height\":1024,\"caption\":\"Mann Ende vierzig betrachtet im Badezimmer eine Haarb\u00fcrste, daneben ein Blutzuckermessger\u00e4t\"},{\"@type\":\"BreadcrumbList\",\"@id\":\"https:\\\/\\\/elithair.com\\\/pt\\\/blog-sobre-implante-capilar\\\/diabetes-queda-de-cabelo\\\/#breadcrumb\",\"itemListElement\":[{\"@type\":\"ListItem\",\"position\":1,\"name\":\"Home\",\"item\":\"https:\\\/\\\/elithair.com\\\/pt\\\/\"},{\"@type\":\"ListItem\",\"position\":2,\"name\":\"Diabetes e queda de cabelo: causas, resist\u00eancia \u00e0 insulina e o que ajuda mesmo\"}]},{\"@type\":\"WebSite\",\"@id\":\"https:\\\/\\\/elithair.com\\\/pt\\\/#website\",\"url\":\"https:\\\/\\\/elithair.com\\\/pt\\\/\",\"name\":\"Elithair\",\"description\":\"\",\"publisher\":{\"@id\":\"https:\\\/\\\/elithair.com\\\/pt\\\/#organization\"},\"alternateName\":\"a melhor cl\u00ednica de transplante capilar na Turquia\",\"potentialAction\":[{\"@type\":\"SearchAction\",\"target\":{\"@type\":\"EntryPoint\",\"urlTemplate\":\"https:\\\/\\\/elithair.com\\\/pt\\\/?s={search_term_string}\"},\"query-input\":{\"@type\":\"PropertyValueSpecification\",\"valueRequired\":true,\"valueName\":\"search_term_string\"}}],\"inLanguage\":\"pt-PT\"},{\"@type\":\"Organization\",\"@id\":\"https:\\\/\\\/elithair.com\\\/pt\\\/#organization\",\"name\":\"Elithair\",\"url\":\"https:\\\/\\\/elithair.com\\\/pt\\\/\",\"logo\":{\"@type\":\"ImageObject\",\"inLanguage\":\"pt-PT\",\"@id\":\"https:\\\/\\\/elithair.com\\\/pt\\\/#\\\/schema\\\/logo\\\/image\\\/\",\"url\":\"https:\\\/\\\/elithair.com\\\/pt\\\/wp-content\\\/uploads\\\/sites\\\/7\\\/2026\\\/04\\\/elithair-logo-primary.svg\",\"contentUrl\":\"https:\\\/\\\/elithair.com\\\/pt\\\/wp-content\\\/uploads\\\/sites\\\/7\\\/2026\\\/04\\\/elithair-logo-primary.svg\",\"width\":1,\"height\":1,\"caption\":\"Elithair\"},\"image\":{\"@id\":\"https:\\\/\\\/elithair.com\\\/pt\\\/#\\\/schema\\\/logo\\\/image\\\/\"},\"sameAs\":[\"https:\\\/\\\/www.facebook.com\\\/Dr.Abdulaziz.Balwi.Hair.Transplant\",\"https:\\\/\\\/www.instagram.com\\\/elithairtransplant_pt\",\"https:\\\/\\\/www.tiktok.com\\\/@elithair.global\",\"https:\\\/\\\/www.youtube.com\\\/@transplantecapilar-elithai4428\"]},{\"@type\":\"Person\",\"@id\":\"https:\\\/\\\/elithair.com\\\/pt\\\/#\\\/schema\\\/person\\\/11ce37e83a6343e4c37edcd4b5498e41\",\"name\":\"Dr. Imad Moustafa\",\"image\":{\"@type\":\"ImageObject\",\"inLanguage\":\"pt-PT\",\"@id\":\"https:\\\/\\\/secure.gravatar.com\\\/avatar\\\/9190499f6f3008cd7da57b179f07bfea4b4e382c816ba3e0de68db0b5a70c07d?s=96&d=mm&r=g\",\"url\":\"https:\\\/\\\/secure.gravatar.com\\\/avatar\\\/9190499f6f3008cd7da57b179f07bfea4b4e382c816ba3e0de68db0b5a70c07d?s=96&d=mm&r=g\",\"contentUrl\":\"https:\\\/\\\/secure.gravatar.com\\\/avatar\\\/9190499f6f3008cd7da57b179f07bfea4b4e382c816ba3e0de68db0b5a70c07d?s=96&d=mm&r=g\",\"caption\":\"Dr. Imad Moustafa\"}}]}<\/script>\n<!-- \/ Yoast SEO Premium plugin. -->","yoast_head_json":{"title":"Diabetes e queda de cabelo: como perceber se a glicemia \u00e9 a causa","description":"Diabetes e queda de cabelo: porque \u00e9 que a glicemia custa cabelo, o que tem a resist\u00eancia \u00e0 insulina a ver com isso e que an\u00e1lises deve mandar fazer.","robots":{"index":"index","follow":"follow","max-snippet":"max-snippet:-1","max-image-preview":"max-image-preview:large","max-video-preview":"max-video-preview:-1"},"canonical":"https:\/\/elithair.com\/pt\/blog-sobre-implante-capilar\/diabetes-queda-de-cabelo\/","og_locale":"pt_PT","og_type":"article","og_title":"Diabetes e queda de cabelo: causas, resist\u00eancia \u00e0 insulina e o que ajuda mesmo","og_description":"Diabetes e queda de cabelo: porque \u00e9 que a glicemia custa cabelo, o que tem a resist\u00eancia \u00e0 insulina a ver com isso e que an\u00e1lises deve mandar fazer.","og_url":"https:\/\/elithair.com\/pt\/blog-sobre-implante-capilar\/diabetes-queda-de-cabelo\/","og_site_name":"Elithair","article_publisher":"https:\/\/www.facebook.com\/Dr.Abdulaziz.Balwi.Hair.Transplant","article_published_time":"2026-08-29T12:38:08+00:00","og_image":[{"url":"https:\/\/elithair.com\/pt\/wp-content\/uploads\/sites\/7\/2026\/08\/bestand_97298.png","type":"","width":"","height":""}],"author":"Dr. Imad Moustafa","twitter_card":"summary_large_image","twitter_misc":{"Escrito por":"Dr. Imad Moustafa","Tempo estimado de leitura":"67 minutos"},"schema":{"@context":"https:\/\/schema.org","@graph":[{"@type":"Article","@id":"https:\/\/elithair.com\/pt\/blog-sobre-implante-capilar\/diabetes-queda-de-cabelo\/#article","isPartOf":{"@id":"https:\/\/elithair.com\/pt\/blog-sobre-implante-capilar\/diabetes-queda-de-cabelo\/"},"author":{"name":"Dr. Imad Moustafa","@id":"https:\/\/elithair.com\/pt\/#\/schema\/person\/11ce37e83a6343e4c37edcd4b5498e41"},"headline":"Diabetes e queda de cabelo: causas, resist\u00eancia \u00e0 insulina e o que ajuda mesmo","datePublished":"2026-08-29T12:38:08+00:00","mainEntityOfPage":{"@id":"https:\/\/elithair.com\/pt\/blog-sobre-implante-capilar\/diabetes-queda-de-cabelo\/"},"wordCount":13509,"publisher":{"@id":"https:\/\/elithair.com\/pt\/#organization"},"image":{"@id":"https:\/\/elithair.com\/pt\/blog-sobre-implante-capilar\/diabetes-queda-de-cabelo\/#primaryimage"},"thumbnailUrl":"https:\/\/elithair.com\/pt\/wp-content\/uploads\/sites\/7\/2026\/08\/hero-9.png","articleSection":["Queda de Cabelo"],"inLanguage":"pt-PT"},{"@type":"WebPage","@id":"https:\/\/elithair.com\/pt\/blog-sobre-implante-capilar\/diabetes-queda-de-cabelo\/","url":"https:\/\/elithair.com\/pt\/blog-sobre-implante-capilar\/diabetes-queda-de-cabelo\/","name":"Diabetes e queda de cabelo: como perceber se a glicemia \u00e9 a causa","isPartOf":{"@id":"https:\/\/elithair.com\/pt\/#website"},"primaryImageOfPage":{"@id":"https:\/\/elithair.com\/pt\/blog-sobre-implante-capilar\/diabetes-queda-de-cabelo\/#primaryimage"},"image":{"@id":"https:\/\/elithair.com\/pt\/blog-sobre-implante-capilar\/diabetes-queda-de-cabelo\/#primaryimage"},"thumbnailUrl":"https:\/\/elithair.com\/pt\/wp-content\/uploads\/sites\/7\/2026\/08\/hero-9.png","datePublished":"2026-08-29T12:38:08+00:00","description":"Diabetes e queda de cabelo: porque \u00e9 que a glicemia custa cabelo, o que tem a resist\u00eancia \u00e0 insulina a ver com isso e que an\u00e1lises deve mandar fazer.","breadcrumb":{"@id":"https:\/\/elithair.com\/pt\/blog-sobre-implante-capilar\/diabetes-queda-de-cabelo\/#breadcrumb"},"inLanguage":"pt-PT","potentialAction":[{"@type":"ReadAction","target":["https:\/\/elithair.com\/pt\/blog-sobre-implante-capilar\/diabetes-queda-de-cabelo\/"]}]},{"@type":"ImageObject","inLanguage":"pt-PT","@id":"https:\/\/elithair.com\/pt\/blog-sobre-implante-capilar\/diabetes-queda-de-cabelo\/#primaryimage","url":"https:\/\/elithair.com\/pt\/wp-content\/uploads\/sites\/7\/2026\/08\/hero-9.png","contentUrl":"https:\/\/elithair.com\/pt\/wp-content\/uploads\/sites\/7\/2026\/08\/hero-9.png","width":1536,"height":1024,"caption":"Mann Ende vierzig betrachtet im Badezimmer eine Haarb\u00fcrste, daneben ein Blutzuckermessger\u00e4t"},{"@type":"BreadcrumbList","@id":"https:\/\/elithair.com\/pt\/blog-sobre-implante-capilar\/diabetes-queda-de-cabelo\/#breadcrumb","itemListElement":[{"@type":"ListItem","position":1,"name":"Home","item":"https:\/\/elithair.com\/pt\/"},{"@type":"ListItem","position":2,"name":"Diabetes e queda de cabelo: causas, resist\u00eancia \u00e0 insulina e o que ajuda mesmo"}]},{"@type":"WebSite","@id":"https:\/\/elithair.com\/pt\/#website","url":"https:\/\/elithair.com\/pt\/","name":"Elithair","description":"","publisher":{"@id":"https:\/\/elithair.com\/pt\/#organization"},"alternateName":"a melhor cl\u00ednica de transplante capilar na Turquia","potentialAction":[{"@type":"SearchAction","target":{"@type":"EntryPoint","urlTemplate":"https:\/\/elithair.com\/pt\/?s={search_term_string}"},"query-input":{"@type":"PropertyValueSpecification","valueRequired":true,"valueName":"search_term_string"}}],"inLanguage":"pt-PT"},{"@type":"Organization","@id":"https:\/\/elithair.com\/pt\/#organization","name":"Elithair","url":"https:\/\/elithair.com\/pt\/","logo":{"@type":"ImageObject","inLanguage":"pt-PT","@id":"https:\/\/elithair.com\/pt\/#\/schema\/logo\/image\/","url":"https:\/\/elithair.com\/pt\/wp-content\/uploads\/sites\/7\/2026\/04\/elithair-logo-primary.svg","contentUrl":"https:\/\/elithair.com\/pt\/wp-content\/uploads\/sites\/7\/2026\/04\/elithair-logo-primary.svg","width":1,"height":1,"caption":"Elithair"},"image":{"@id":"https:\/\/elithair.com\/pt\/#\/schema\/logo\/image\/"},"sameAs":["https:\/\/www.facebook.com\/Dr.Abdulaziz.Balwi.Hair.Transplant","https:\/\/www.instagram.com\/elithairtransplant_pt","https:\/\/www.tiktok.com\/@elithair.global","https:\/\/www.youtube.com\/@transplantecapilar-elithai4428"]},{"@type":"Person","@id":"https:\/\/elithair.com\/pt\/#\/schema\/person\/11ce37e83a6343e4c37edcd4b5498e41","name":"Dr. Imad Moustafa","image":{"@type":"ImageObject","inLanguage":"pt-PT","@id":"https:\/\/secure.gravatar.com\/avatar\/9190499f6f3008cd7da57b179f07bfea4b4e382c816ba3e0de68db0b5a70c07d?s=96&d=mm&r=g","url":"https:\/\/secure.gravatar.com\/avatar\/9190499f6f3008cd7da57b179f07bfea4b4e382c816ba3e0de68db0b5a70c07d?s=96&d=mm&r=g","contentUrl":"https:\/\/secure.gravatar.com\/avatar\/9190499f6f3008cd7da57b179f07bfea4b4e382c816ba3e0de68db0b5a70c07d?s=96&d=mm&r=g","caption":"Dr. Imad Moustafa"}}]}},"_links":{"self":[{"href":"https:\/\/elithair.com\/pt\/wp-json\/wp\/v2\/posts\/89717","targetHints":{"allow":["GET"]}}],"collection":[{"href":"https:\/\/elithair.com\/pt\/wp-json\/wp\/v2\/posts"}],"about":[{"href":"https:\/\/elithair.com\/pt\/wp-json\/wp\/v2\/types\/post"}],"author":[{"embeddable":true,"href":"https:\/\/elithair.com\/pt\/wp-json\/wp\/v2\/users\/10"}],"replies":[{"embeddable":true,"href":"https:\/\/elithair.com\/pt\/wp-json\/wp\/v2\/comments?post=89717"}],"version-history":[{"count":0,"href":"https:\/\/elithair.com\/pt\/wp-json\/wp\/v2\/posts\/89717\/revisions"}],"wp:featuredmedia":[{"embeddable":true,"href":"https:\/\/elithair.com\/pt\/wp-json\/wp\/v2\/media\/89722"}],"wp:attachment":[{"href":"https:\/\/elithair.com\/pt\/wp-json\/wp\/v2\/media?parent=89717"}],"wp:term":[{"taxonomy":"category","embeddable":true,"href":"https:\/\/elithair.com\/pt\/wp-json\/wp\/v2\/categories?post=89717"},{"taxonomy":"post_tag","embeddable":true,"href":"https:\/\/elithair.com\/pt\/wp-json\/wp\/v2\/tags?post=89717"}],"curies":[{"name":"wp","href":"https:\/\/api.w.org\/{rel}","templated":true}]}}