{"id":89716,"date":"2026-08-29T12:36:49","date_gmt":"2026-08-29T12:36:49","guid":{"rendered":"https:\/\/elithair.com\/pt\/blog-sobre-implante-capilar\/analises-ao-sangue-queda-de-cabelo\/"},"modified":"2026-08-29T12:36:49","modified_gmt":"2026-08-29T12:36:49","slug":"analises-ao-sangue-queda-de-cabelo","status":"publish","type":"post","link":"https:\/\/elithair.com\/pt\/blog-sobre-implante-capilar\/analises-ao-sangue-queda-de-cabelo\/","title":{"rendered":"An\u00e1lises ao sangue na queda de cabelo: que valores fazem mesmo sentido"},"content":{"rendered":"\n<div style=\"border-left:4px solid #0079F1;padding:0 0 0 14px;margin:0 0 26px\">\n<p style=\"margin:0 0 14px;color:#2e3033;font-size:17px;line-height:1.65\">Quem vai ao m\u00e9dico por causa da queda de cabelo quer sobretudo saber duas coisas: que an\u00e1lises ao sangue devem realmente ser pedidas e o que significam os n\u00fameros do resultado. Realmente informativos s\u00e3o sobretudo seis valores: hemograma, ferritina, PCR (prote\u00edna C reativa), TSH, vitamina D (25-OH) e zinco. S\u00e3o eles que esclarecem as causas trat\u00e1veis de uma queda difusa. J\u00e1 a forma mais frequente, a alopecia androgen\u00e9tica, n\u00e3o se deteta no sangue. Este artigo analisa cada valor separadamente, com intervalos de orienta\u00e7\u00e3o, fatores de interfer\u00eancia e fontes, atualizado em 2026.<\/p>\n<p style=\"margin:0 0 8px;color:#013366;font-weight:700;font-size:16px\">O essencial em poucas linhas<\/p>\n<ul style=\"margin:0 0 14px;padding:0;color:#2e3033;list-style:none\">\n<li style=\"position:relative;padding:3px 0 3px 24px\"><span style=\"position:absolute;left:0;top:3px;color:#0079F1;font-weight:700\">&#10003;<\/span>O painel de base numa queda difusa \u00e9 composto por hemograma, ferritina, PCR, TSH, vitamina D (25-OH) e zinco<\/li>\n<li style=\"position:relative;padding:3px 0 3px 24px\"><span style=\"position:absolute;left:0;top:3px;color:#0079F1;font-weight:700\">&#10003;<\/span>A ferritina \u00e9 o valor isolado mais importante, e \u00abdentro do intervalo de refer\u00eancia\u00bb n\u00e3o significa aqui automaticamente \u00ab\u00f3timo\u00bb<\/li>\n<li style=\"position:relative;padding:3px 0 3px 24px\"><span style=\"position:absolute;left:0;top:3px;color:#0079F1;font-weight:700\">&#10003;<\/span>Um hemograma completo n\u00e3o chega: a ferritina, a TSH, a vitamina D e o zinco n\u00e3o constam dele<\/li>\n<li style=\"position:relative;padding:3px 0 3px 24px\"><span style=\"position:absolute;left:0;top:3px;color:#0079F1;font-weight:700\">&#10003;<\/span>Nas mulheres, os valores hormonais s\u00e3o uma decis\u00e3o m\u00e9dica e a colheita depende da altura do ciclo<\/li>\n<\/ul>\n<p style=\"margin:0;color:#2e3033\">O \u00edndice mostra onde encontra cada tema. A seguir, cada valor \u00e9 analisado em detalhe, at\u00e9 \u00e0 pergunta sobre o que fazer quando todas as an\u00e1lises est\u00e3o normais e o cabelo continua a cair. J\u00e1 tem o resultado das an\u00e1lises \u00e0 sua frente? O <a href=\"#befund-uebersetzer\" style=\"color:#0079F1;font-weight:600\">tradutor de an\u00e1lises<\/a> explica cada sigla que l\u00e1 aparece, da Hb ao VGM e ao anti-TPO.<\/p>\n<\/div>\n\n\n\n<h2 class=\"wp-block-heading\">O que uma an\u00e1lise ao sangue esclarece na queda de cabelo e o que n\u00e3o consegue esclarecer<\/h2>\n\n\n\n<p class=\"wp-block-paragraph\"><strong>Uma an\u00e1lise ao sangue na queda de cabelo esclarece as causas adquiridas e trat\u00e1veis: d\u00e9fice de ferro, altera\u00e7\u00f5es da fun\u00e7\u00e3o da tiroide, lacunas nutricionais e inflama\u00e7\u00e3o; mais raramente, tamb\u00e9m causas hormonais ou sist\u00e9micas. A alopecia androgen\u00e9tica n\u00e3o a consegue confirmar nem excluir.<\/strong> Esta forma \u00e9 um diagn\u00f3stico cl\u00ednico, feito a partir da hist\u00f3ria cl\u00ednica, do padr\u00e3o de queda e da tricoscopia, tal como a literatura dermatol\u00f3gica descreve de forma consistente.<\/p>\n\n\n\n<p class=\"wp-block-paragraph\">Dois termos repetem-se ao longo de todo o artigo. A <strong>alopecia androgen\u00e9tica<\/strong> \u00e9 a queda de cabelo heredit\u00e1ria, na qual os fol\u00edculos da zona frontal, das entradas e do topo da cabe\u00e7a reagem de forma sens\u00edvel ao androg\u00e9nio DHT e v\u00e3o definhando progressivamente. O <strong>efl\u00favio telog\u00e9nico<\/strong> \u00e9 uma queda difusa em toda a cabe\u00e7a, na qual um n\u00famero invulgarmente elevado de fol\u00edculos entra ao mesmo tempo e prematuramente na fase de repouso.<\/p>\n\n\n\n<div style=\"border:1px solid #dbe4f0;border-radius:12px;padding:20px 22px;margin:0 0 26px;background:#f6f9fc\">\n<p style=\"margin:0 0 10px;color:#013366;font-weight:700;font-size:16px\">An\u00e1lises ao sangue na queda de cabelo: as seis conclus\u00f5es centrais<\/p>\n<ol style=\"margin:0;padding:0 0 0 22px;color:#2e3033;line-height:1.6\">\n<li style=\"padding:4px 0\">Painel de base: hemograma, ferritina, PCR, TSH, vitamina D (25-OH), zinco.<\/li>\n<li style=\"padding:4px 0\">A ferritina \u00e9 o valor isolado mais informativo numa queda difusa.<\/li>\n<li style=\"padding:4px 0\">A PCR faz sempre parte do painel, porque uma inflama\u00e7\u00e3o faz a ferritina parecer falsamente alta.<\/li>\n<li style=\"padding:4px 0\">Um hemograma completo n\u00e3o inclui ferritina, TSH, vitamina D nem zinco.<\/li>\n<li style=\"padding:4px 0\">Valores hormonais apenas ap\u00f3s a hist\u00f3ria cl\u00ednica e, nas mulheres, com a colheita marcada em fun\u00e7\u00e3o do ciclo.<\/li>\n<li style=\"padding:4px 0\">Depois de corrigida uma car\u00eancia, s\u00e3o normalmente precisos tr\u00eas a seis meses at\u00e9 a queda diminuir.<\/li>\n<\/ol>\n<\/div>\n\n\n\n<p class=\"wp-block-paragraph\">O facto de as an\u00e1lises n\u00e3o mostrarem a queda heredit\u00e1ria n\u00e3o torna o exame dispens\u00e1vel, pelo contr\u00e1rio. Como o padr\u00e3o heredit\u00e1rio \u00e9 t\u00e3o frequente, a parte trat\u00e1vel passa muitas vezes despercebida. Uma queda difusa por d\u00e9fice de ferro ou por uma altera\u00e7\u00e3o da tiroide \u00e9 revers\u00edvel, e as duas situa\u00e7\u00f5es podem coexistir: um padr\u00e3o heredit\u00e1rio mais uma componente difusa adicional.<\/p>\n\n\n\n<p class=\"wp-block-paragraph\">O quanto o laborat\u00f3rio pode contribuir depende, por isso, do padr\u00e3o: queda difusa em toda a cabe\u00e7a significa laborat\u00f3rio em primeiro plano; um padr\u00e3o nas entradas e no topo da cabe\u00e7a significa laborat\u00f3rio em segundo plano; placas redondas sem cabelo ou um couro cabeludo inflamado significam dermatologia em primeiro plano. Que causas podem estar por tr\u00e1s disto \u00e9 explicado na panor\u00e2mica sobre as <a href=\"\/pt\/blog-sobre-implante-capilar\/causas-queda-de-cabelo\/\">causas da queda de cabelo<\/a> , que re\u00fane as formas mais frequentes.<\/p>\n\n\n\n<style>\n@media (max-width:640px){\n.rt-table-wrap{overflow-x:visible!important;border:0!important;border-radius:0!important}\n.rt-table{min-width:0!important}\n.rt-table thead{display:none}\n.rt-table,.rt-table tbody,.rt-table tr,.rt-table td{display:block;width:100%}\n.rt-table caption{display:block;padding:0 0 12px!important}\n.rt-table tr{margin:0 0 12px;border:1px solid #dbe4f0;border-radius:10px;overflow:hidden}\n.rt-table tr:last-child{margin-bottom:0}\n.rt-table td{display:flex!important;flex-direction:column;gap:3px;padding:12px 14px!important;\nborder:0!important;border-bottom:1px solid #e3e8ef!important;background:#ffffff!important}\n.rt-table tr td:last-child{border-bottom:0!important}\n.rt-table td::before{content:attr(data-label);font-size:12px;font-weight:700;letter-spacing:.04em;\ntext-transform:uppercase;color:#5799F1}\n.rt-table td:not([data-label])::before,.rt-table td[data-label=\"\"]::before{display:none}\n}\n<\/style>\n<div class=\"rt-table-wrap\" style=\"overflow-x:auto;-webkit-overflow-scrolling:touch;margin:28px 0;border:1px solid #dbe4f0;border-radius:12px\">\n  <table class=\"rt-table\" style=\"width:100%;min-width:620px;table-layout:fixed;border-collapse:separate;border-spacing:0;font-size:15px;margin:0\">\n    <caption style=\"caption-side:top;text-align:left;color:#003366;font-weight:700;font-size:16px;line-height:1.35;padding:14px 16px 10px;background:#ffffff\">O que uma an\u00e1lise ao sangue mostra na queda de cabelo e o que n\u00e3o mostra<\/caption>\n    <thead>\n      <tr>\n        <th style=\"width:22%;background:#003366;color:#ffffff;font-weight:700;text-align:left;vertical-align:middle;padding:13px 16px;font-size:15px;line-height:1.4;border:0;overflow-wrap:break-word\">Causa ou forma<\/th>\n        <th style=\"background:#003366;color:#ffffff;font-weight:700;text-align:left;vertical-align:middle;padding:13px 16px;font-size:15px;line-height:1.4;border:0;overflow-wrap:break-word\">Detet\u00e1vel no sangue?<\/th>\n        <th style=\"background:#003366;color:#ffffff;font-weight:700;text-align:left;vertical-align:middle;padding:13px 16px;font-size:15px;line-height:1.4;border:0;overflow-wrap:break-word\">Como \u00e9 detetada em alternativa<\/th>\n      <\/tr>\n    <\/thead>\n    <tbody>\n      <tr>\n        <td data-label=\"Causa ou forma\" style=\"background:#ffffff;color:#003366;font-weight:700;text-align:left;vertical-align:top;padding:13px 16px;font-size:15px;line-height:1.55;border:0;border-bottom:1px solid #e3e8ef;overflow-wrap:break-word\">D\u00e9fice de ferro<\/td>\n        <td data-label=\"Detet\u00e1vel no sangue?\" style=\"background:#ffffff;color:#22303e;font-weight:400;text-align:left;vertical-align:top;padding:13px 16px;font-size:15px;line-height:1.55;border:0;border-bottom:1px solid #e3e8ef;overflow-wrap:break-word\">Sim, atrav\u00e9s da ferritina em conjunto com a PCR<\/td>\n        <td data-label=\"Como \u00e9 detetada em alternativa\" style=\"background:#ffffff;color:#22303e;font-weight:400;text-align:left;vertical-align:top;padding:13px 16px;font-size:15px;line-height:1.55;border:0;border-bottom:1px solid #e3e8ef;overflow-wrap:break-word\">An\u00e1lise ao sangue e, em situa\u00e7\u00f5es pouco claras, tamb\u00e9m o \u00edndice de satura\u00e7\u00e3o da transferrina<\/td>\n      <\/tr>\n      <tr>\n        <td data-label=\"Causa ou forma\" style=\"background:#f6f9fc;color:#003366;font-weight:700;text-align:left;vertical-align:top;padding:13px 16px;font-size:15px;line-height:1.55;border:0;border-bottom:1px solid #e3e8ef;overflow-wrap:break-word\">Altera\u00e7\u00e3o da fun\u00e7\u00e3o da tiroide<\/td>\n        <td data-label=\"Detet\u00e1vel no sangue?\" style=\"background:#f6f9fc;color:#22303e;font-weight:400;text-align:left;vertical-align:top;padding:13px 16px;font-size:15px;line-height:1.55;border:0;border-bottom:1px solid #e3e8ef;overflow-wrap:break-word\">Sim, atrav\u00e9s da TSH e, havendo altera\u00e7\u00f5es, T3 livre, T4 livre e anti-TPO<\/td>\n        <td data-label=\"Como \u00e9 detetada em alternativa\" style=\"background:#f6f9fc;color:#22303e;font-weight:400;text-align:left;vertical-align:top;padding:13px 16px;font-size:15px;line-height:1.55;border:0;border-bottom:1px solid #e3e8ef;overflow-wrap:break-word\">An\u00e1lise ao sangue mais exame cl\u00ednico<\/td>\n      <\/tr>\n      <tr>\n        <td data-label=\"Causa ou forma\" style=\"background:#ffffff;color:#003366;font-weight:700;text-align:left;vertical-align:top;padding:13px 16px;font-size:15px;line-height:1.55;border:0;border-bottom:1px solid #e3e8ef;overflow-wrap:break-word\">D\u00e9fice de vitamina D<\/td>\n        <td data-label=\"Detet\u00e1vel no sangue?\" style=\"background:#ffffff;color:#22303e;font-weight:400;text-align:left;vertical-align:top;padding:13px 16px;font-size:15px;line-height:1.55;border:0;border-bottom:1px solid #e3e8ef;overflow-wrap:break-word\">Sim, atrav\u00e9s da vitamina D (25-OH)<\/td>\n        <td data-label=\"Como \u00e9 detetada em alternativa\" style=\"background:#ffffff;color:#22303e;font-weight:400;text-align:left;vertical-align:top;padding:13px 16px;font-size:15px;line-height:1.55;border:0;border-bottom:1px solid #e3e8ef;overflow-wrap:break-word\">An\u00e1lise ao sangue<\/td>\n      <\/tr>\n      <tr>\n        <td data-label=\"Causa ou forma\" style=\"background:#f6f9fc;color:#003366;font-weight:700;text-align:left;vertical-align:top;padding:13px 16px;font-size:15px;line-height:1.55;border:0;border-bottom:1px solid #e3e8ef;overflow-wrap:break-word\">D\u00e9fice de zinco<\/td>\n        <td data-label=\"Detet\u00e1vel no sangue?\" style=\"background:#f6f9fc;color:#22303e;font-weight:400;text-align:left;vertical-align:top;padding:13px 16px;font-size:15px;line-height:1.55;border:0;border-bottom:1px solid #e3e8ef;overflow-wrap:break-word\">Sim, atrav\u00e9s do zinco no soro ou no sangue total<\/td>\n        <td data-label=\"Como \u00e9 detetada em alternativa\" style=\"background:#f6f9fc;color:#22303e;font-weight:400;text-align:left;vertical-align:top;padding:13px 16px;font-size:15px;line-height:1.55;border:0;border-bottom:1px solid #e3e8ef;overflow-wrap:break-word\">An\u00e1lise ao sangue; o valor oscila ao longo do dia<\/td>\n      <\/tr>\n      <tr>\n        <td data-label=\"Causa ou forma\" style=\"background:#ffffff;color:#003366;font-weight:700;text-align:left;vertical-align:top;padding:13px 16px;font-size:15px;line-height:1.55;border:0;border-bottom:1px solid #e3e8ef;overflow-wrap:break-word\">Anemia<\/td>\n        <td data-label=\"Detet\u00e1vel no sangue?\" style=\"background:#ffffff;color:#22303e;font-weight:400;text-align:left;vertical-align:top;padding:13px 16px;font-size:15px;line-height:1.55;border:0;border-bottom:1px solid #e3e8ef;overflow-wrap:break-word\">Sim, atrav\u00e9s do hemograma e da hemoglobina<\/td>\n        <td data-label=\"Como \u00e9 detetada em alternativa\" style=\"background:#ffffff;color:#22303e;font-weight:400;text-align:left;vertical-align:top;padding:13px 16px;font-size:15px;line-height:1.55;border:0;border-bottom:1px solid #e3e8ef;overflow-wrap:break-word\">An\u00e1lise ao sangue<\/td>\n      <\/tr>\n      <tr>\n        <td data-label=\"Causa ou forma\" style=\"background:#f6f9fc;color:#003366;font-weight:700;text-align:left;vertical-align:top;padding:13px 16px;font-size:15px;line-height:1.55;border:0;border-bottom:1px solid #e3e8ef;overflow-wrap:break-word\">Inflama\u00e7\u00e3o ou infe\u00e7\u00e3o<\/td>\n        <td data-label=\"Detet\u00e1vel no sangue?\" style=\"background:#f6f9fc;color:#22303e;font-weight:400;text-align:left;vertical-align:top;padding:13px 16px;font-size:15px;line-height:1.55;border:0;border-bottom:1px solid #e3e8ef;overflow-wrap:break-word\">Sim, atrav\u00e9s da PCR e da f\u00f3rmula leucocit\u00e1ria<\/td>\n        <td data-label=\"Como \u00e9 detetada em alternativa\" style=\"background:#f6f9fc;color:#22303e;font-weight:400;text-align:left;vertical-align:top;padding:13px 16px;font-size:15px;line-height:1.55;border:0;border-bottom:1px solid #e3e8ef;overflow-wrap:break-word\">An\u00e1lise ao sangue mais hist\u00f3ria cl\u00ednica<\/td>\n      <\/tr>\n      <tr>\n        <td data-label=\"Causa ou forma\" style=\"background:#ffffff;color:#003366;font-weight:700;text-align:left;vertical-align:top;padding:13px 16px;font-size:15px;line-height:1.55;border:0;border-bottom:1px solid #e3e8ef;overflow-wrap:break-word\">D\u00e9fice de vitamina B12<\/td>\n        <td data-label=\"Detet\u00e1vel no sangue?\" style=\"background:#ffffff;color:#22303e;font-weight:400;text-align:left;vertical-align:top;padding:13px 16px;font-size:15px;line-height:1.55;border:0;border-bottom:1px solid #e3e8ef;overflow-wrap:break-word\">Sim, atrav\u00e9s da B12 ou da holotranscobalamina<\/td>\n        <td data-label=\"Como \u00e9 detetada em alternativa\" style=\"background:#ffffff;color:#22303e;font-weight:400;text-align:left;vertical-align:top;padding:13px 16px;font-size:15px;line-height:1.55;border:0;border-bottom:1px solid #e3e8ef;overflow-wrap:break-word\">An\u00e1lise ao sangue; muitas vezes h\u00e1 j\u00e1 uma pista num VGM elevado<\/td>\n      <\/tr>\n      <tr>\n        <td data-label=\"Causa ou forma\" style=\"background:#f6f9fc;color:#003366;font-weight:700;text-align:left;vertical-align:top;padding:13px 16px;font-size:15px;line-height:1.55;border:0;border-bottom:1px solid #e3e8ef;overflow-wrap:break-word\">Altera\u00e7\u00e3o hormonal na mulher<\/td>\n        <td data-label=\"Detet\u00e1vel no sangue?\" style=\"background:#f6f9fc;color:#22303e;font-weight:400;text-align:left;vertical-align:top;padding:13px 16px;font-size:15px;line-height:1.55;border:0;border-bottom:1px solid #e3e8ef;overflow-wrap:break-word\">Sim, havendo queixas compat\u00edveis, atrav\u00e9s de um estudo hormonal escolhido pelo m\u00e9dico<\/td>\n        <td data-label=\"Como \u00e9 detetada em alternativa\" style=\"background:#f6f9fc;color:#22303e;font-weight:400;text-align:left;vertical-align:top;padding:13px 16px;font-size:15px;line-height:1.55;border:0;border-bottom:1px solid #e3e8ef;overflow-wrap:break-word\">Hist\u00f3ria cl\u00ednica e avalia\u00e7\u00e3o ginecol\u00f3gica, com o laborat\u00f3rio como complemento<\/td>\n      <\/tr>\n      <tr>\n        <td data-label=\"Causa ou forma\" style=\"background:#ffffff;color:#003366;font-weight:700;text-align:left;vertical-align:top;padding:13px 16px;font-size:15px;line-height:1.55;border:0;border-bottom:1px solid #e3e8ef;overflow-wrap:break-word\">Queda heredit\u00e1ria (alopecia androgen\u00e9tica)<\/td>\n        <td data-label=\"Detet\u00e1vel no sangue?\" style=\"background:#ffffff;color:#22303e;font-weight:400;text-align:left;vertical-align:top;padding:13px 16px;font-size:15px;line-height:1.55;border:0;border-bottom:1px solid #e3e8ef;overflow-wrap:break-word\">N\u00e3o<\/td>\n        <td data-label=\"Como \u00e9 detetada em alternativa\" style=\"background:#ffffff;color:#22303e;font-weight:400;text-align:left;vertical-align:top;padding:13px 16px;font-size:15px;line-height:1.55;border:0;border-bottom:1px solid #e3e8ef;overflow-wrap:break-word\">Padr\u00e3o nas entradas, nas t\u00eamporas e no topo da cabe\u00e7a, tricoscopia, hist\u00f3ria cl\u00ednica<\/td>\n      <\/tr>\n      <tr>\n        <td data-label=\"Causa ou forma\" style=\"background:#f6f9fc;color:#003366;font-weight:700;text-align:left;vertical-align:top;padding:13px 16px;font-size:15px;line-height:1.55;border:0;border-bottom:1px solid #e3e8ef;overflow-wrap:break-word\">Queda em placas (alopecia areata)<\/td>\n        <td data-label=\"Detet\u00e1vel no sangue?\" style=\"background:#f6f9fc;color:#22303e;font-weight:400;text-align:left;vertical-align:top;padding:13px 16px;font-size:15px;line-height:1.55;border:0;border-bottom:1px solid #e3e8ef;overflow-wrap:break-word\">N\u00e3o<\/td>\n        <td data-label=\"Como \u00e9 detetada em alternativa\" style=\"background:#f6f9fc;color:#22303e;font-weight:400;text-align:left;vertical-align:top;padding:13px 16px;font-size:15px;line-height:1.55;border:0;border-bottom:1px solid #e3e8ef;overflow-wrap:break-word\">Placas redondas vis\u00edveis, tricoscopia, observa\u00e7\u00e3o dermatol\u00f3gica<\/td>\n      <\/tr>\n      <tr>\n        <td data-label=\"Causa ou forma\" style=\"background:#ffffff;color:#003366;font-weight:700;text-align:left;vertical-align:top;padding:13px 16px;font-size:15px;line-height:1.55;border:0;border-bottom:1px solid #e3e8ef;overflow-wrap:break-word\">Alopecia cicatricial<\/td>\n        <td data-label=\"Detet\u00e1vel no sangue?\" style=\"background:#ffffff;color:#22303e;font-weight:400;text-align:left;vertical-align:top;padding:13px 16px;font-size:15px;line-height:1.55;border:0;border-bottom:1px solid #e3e8ef;overflow-wrap:break-word\">N\u00e3o<\/td>\n        <td data-label=\"Como \u00e9 detetada em alternativa\" style=\"background:#ffffff;color:#22303e;font-weight:400;text-align:left;vertical-align:top;padding:13px 16px;font-size:15px;line-height:1.55;border:0;border-bottom:1px solid #e3e8ef;overflow-wrap:break-word\">Observa\u00e7\u00e3o dermatol\u00f3gica e, havendo suspeita, bi\u00f3psia do couro cabeludo<\/td>\n      <\/tr>\n      <tr>\n        <td data-label=\"Causa ou forma\" style=\"background:#f6f9fc;color:#003366;font-weight:700;text-align:left;vertical-align:top;padding:13px 16px;font-size:15px;line-height:1.55;border:0;border-bottom:1px solid #e3e8ef;overflow-wrap:break-word\">Alopecia de tra\u00e7\u00e3o<\/td>\n        <td data-label=\"Detet\u00e1vel no sangue?\" style=\"background:#f6f9fc;color:#22303e;font-weight:400;text-align:left;vertical-align:top;padding:13px 16px;font-size:15px;line-height:1.55;border:0;border-bottom:1px solid #e3e8ef;overflow-wrap:break-word\">N\u00e3o<\/td>\n        <td data-label=\"Como \u00e9 detetada em alternativa\" style=\"background:#f6f9fc;color:#22303e;font-weight:400;text-align:left;vertical-align:top;padding:13px 16px;font-size:15px;line-height:1.55;border:0;border-bottom:1px solid #e3e8ef;overflow-wrap:break-word\">Hist\u00f3ria cl\u00ednica sobre penteados e tens\u00e3o sobre o cabelo, observa\u00e7\u00e3o da linha de implanta\u00e7\u00e3o<\/td>\n      <\/tr>\n      <tr>\n        <td data-label=\"Causa ou forma\" style=\"background:#ffffff;color:#003366;font-weight:700;text-align:left;vertical-align:top;padding:13px 16px;font-size:15px;line-height:1.55;border:0;border-bottom:1px solid #e3e8ef;overflow-wrap:break-word\">Tricotilomania<\/td>\n        <td data-label=\"Detet\u00e1vel no sangue?\" style=\"background:#ffffff;color:#22303e;font-weight:400;text-align:left;vertical-align:top;padding:13px 16px;font-size:15px;line-height:1.55;border:0;border-bottom:1px solid #e3e8ef;overflow-wrap:break-word\">N\u00e3o<\/td>\n        <td data-label=\"Como \u00e9 detetada em alternativa\" style=\"background:#ffffff;color:#22303e;font-weight:400;text-align:left;vertical-align:top;padding:13px 16px;font-size:15px;line-height:1.55;border:0;border-bottom:1px solid #e3e8ef;overflow-wrap:break-word\">Hist\u00f3ria cl\u00ednica e imagem t\u00edpica de cabelos partidos com comprimentos diferentes<\/td>\n      <\/tr>\n      <tr>\n        <td data-label=\"Causa ou forma\" style=\"background:#f6f9fc;color:#003366;font-weight:700;text-align:left;vertical-align:top;padding:13px 16px;font-size:15px;line-height:1.55;border:0;overflow-wrap:break-word\">Fator desencadeante passado, como uma infe\u00e7\u00e3o, uma dieta ou uma cirurgia<\/td>\n        <td data-label=\"Detet\u00e1vel no sangue?\" style=\"background:#f6f9fc;color:#22303e;font-weight:400;text-align:left;vertical-align:top;padding:13px 16px;font-size:15px;line-height:1.55;border:0;overflow-wrap:break-word\">Apenas indiretamente e, muitas vezes, j\u00e1 n\u00e3o<\/td>\n        <td data-label=\"Como \u00e9 detetada em alternativa\" style=\"background:#f6f9fc;color:#22303e;font-weight:400;text-align:left;vertical-align:top;padding:13px 16px;font-size:15px;line-height:1.55;border:0;overflow-wrap:break-word\">Hist\u00f3ria cl\u00ednica dos \u00faltimos dois a quatro meses<\/td>\n      <\/tr>\n    <\/tbody>\n  <\/table>\n<\/div>\n\n\n<div class=\"wp-block-image\">\n<figure class=\"aligncenter size-large is-resized\" style=\"max-width:720px;margin-left:auto;margin-right:auto\"><img decoding=\"async\" src=\"https:\/\/elithair.com\/pt\/wp-content\/uploads\/sites\/7\/2026\/08\/infografik_blut_zeigt__pt.png\" alt=\"Infografia: o que uma an\u00e1lise ao sangue mostra na queda de cabelo e o que n\u00e3o mostra\" class=\"wp-image-89946\" style=\"width:720px;max-width:100%;height:auto\"\/><\/figure>\n<\/div>\n\n\n<h3 class=\"wp-block-heading\">Vale a pena mandar medir a testosterona ou a DHT?<\/h3>\n\n\n\n<p class=\"wp-block-paragraph\">N\u00e3o: nos homens com queda heredit\u00e1ria, medir a testosterona ou a DHT no soro n\u00e3o traz qualquer informa\u00e7\u00e3o diagn\u00f3stica. A alopecia androgen\u00e9tica assenta na sensibilidade dos fol\u00edculos \u00e0 di-hidrotestosterona e n\u00e3o num n\u00edvel hormonal elevado no sangue. Segundo a literatura dermatol\u00f3gica, os homens afetados t\u00eam, em regra, valores normais de testosterona e de DHT.<\/p>\n\n\n\n<p class=\"wp-block-paragraph\">Daqui decorrem as duas conclus\u00f5es: um valor normal n\u00e3o exclui o diagn\u00f3stico e um valor alto n\u00e3o o confirma. Nas mulheres, em contrapartida, dose\u00e1-los faz sentido, mas por outro motivo. Procura-se uma altera\u00e7\u00e3o hormonal subjacente, como uma s\u00edndrome do ov\u00e1rio poliqu\u00edstico, e n\u00e3o a explica\u00e7\u00e3o para o padr\u00e3o de queda.<\/p>\n\n\n\n<h2 class=\"wp-block-heading\">Que an\u00e1lises ao sangue na queda de cabelo? A lista completa<\/h2>\n\n\n\n<p class=\"wp-block-paragraph\"><strong>O painel de base na queda de cabelo \u00e9 composto por seis valores: hemograma com f\u00f3rmula leucocit\u00e1ria, ferritina, PCR, TSH, vitamina D (25-OH) e zinco.<\/strong> Um painel alargado acrescenta-se quando o quadro \u00e9 pouco claro ou persistente; valores hormonais e serologia autoimune s\u00f3 entram havendo indica\u00e7\u00e3o na hist\u00f3ria cl\u00ednica. S\u00e3o estes tr\u00eas n\u00edveis que as tabelas seguintes apresentam, cada uma com o que o valor indica, quando faz sentido e qual \u00e9 o intervalo de orienta\u00e7\u00e3o.<\/p>\n\n\n\n<style>\n@media (max-width:640px){\n.rt-table-wrap{overflow-x:visible!important;border:0!important;border-radius:0!important}\n.rt-table{min-width:0!important}\n.rt-table thead{display:none}\n.rt-table,.rt-table tbody,.rt-table tr,.rt-table td{display:block;width:100%}\n.rt-table caption{display:block;padding:0 0 12px!important}\n.rt-table tr{margin:0 0 12px;border:1px solid #dbe4f0;border-radius:10px;overflow:hidden}\n.rt-table tr:last-child{margin-bottom:0}\n.rt-table td{display:flex!important;flex-direction:column;gap:3px;padding:12px 14px!important;\nborder:0!important;border-bottom:1px solid #e3e8ef!important;background:#ffffff!important}\n.rt-table tr td:last-child{border-bottom:0!important}\n.rt-table td::before{content:attr(data-label);font-size:12px;font-weight:700;letter-spacing:.04em;\ntext-transform:uppercase;color:#5799F1}\n.rt-table td:not([data-label])::before,.rt-table td[data-label=\"\"]::before{display:none}\n}\n<\/style>\n<div class=\"rt-table-wrap\" style=\"overflow-x:auto;-webkit-overflow-scrolling:touch;margin:28px 0;border:1px solid #dbe4f0;border-radius:12px\">\n  <table class=\"rt-table\" style=\"width:100%;min-width:660px;table-layout:fixed;border-collapse:separate;border-spacing:0;font-size:15px;margin:0\">\n    <caption style=\"caption-side:top;text-align:left;color:#003366;font-weight:700;font-size:16px;line-height:1.35;padding:14px 16px 10px;background:#ffffff\">N\u00edvel 1: o painel de base na queda de cabelo<\/caption>\n    <thead>\n      <tr>\n        <th style=\"width:22%;background:#003366;color:#ffffff;font-weight:700;text-align:left;vertical-align:middle;padding:13px 16px;font-size:15px;line-height:1.4;border:0;overflow-wrap:break-word\">Valor<\/th>\n        <th style=\"background:#003366;color:#ffffff;font-weight:700;text-align:left;vertical-align:middle;padding:13px 16px;font-size:15px;line-height:1.4;border:0;overflow-wrap:break-word\">O que indica<\/th>\n        <th style=\"background:#003366;color:#ffffff;font-weight:700;text-align:left;vertical-align:middle;padding:13px 16px;font-size:15px;line-height:1.4;border:0;overflow-wrap:break-word\">Quando faz sentido<\/th>\n        <th style=\"background:#003366;color:#ffffff;font-weight:700;text-align:left;vertical-align:middle;padding:13px 16px;font-size:15px;line-height:1.4;border:0;overflow-wrap:break-word\">Intervalo de orienta\u00e7\u00e3o<\/th>\n      <\/tr>\n    <\/thead>\n    <tbody>\n      <tr>\n        <td data-label=\"Valor\" style=\"background:#ffffff;color:#003366;font-weight:700;text-align:left;vertical-align:top;padding:13px 16px;font-size:15px;line-height:1.55;border:0;border-bottom:1px solid #e3e8ef;overflow-wrap:break-word\">Ferritina<\/td>\n        <td data-label=\"O que indica\" style=\"background:#ffffff;color:#22303e;font-weight:400;text-align:left;vertical-align:top;padding:13px 16px;font-size:15px;line-height:1.55;border:0;border-bottom:1px solid #e3e8ef;overflow-wrap:break-word\">O n\u00edvel das reservas de ferro; muitas vezes j\u00e1 alterado antes de existir anemia<\/td>\n        <td data-label=\"Quando faz sentido\" style=\"background:#ffffff;color:#22303e;font-weight:400;text-align:left;vertical-align:top;padding:13px 16px;font-size:15px;line-height:1.55;border:0;border-bottom:1px solid #e3e8ef;overflow-wrap:break-word\">Em qualquer queda difusa, sobretudo nas mulheres<\/td>\n        <td data-label=\"Intervalo de orienta\u00e7\u00e3o\" style=\"background:#ffffff;color:#22303e;font-weight:400;text-align:left;vertical-align:top;padding:13px 16px;font-size:15px;line-height:1.55;border:0;border-bottom:1px solid #e3e8ef;overflow-wrap:break-word\">D\u00e9fice, consoante o laborat\u00f3rio, geralmente abaixo de 15 a 30 \u00b5g\/l; valores-alvo mais altos para o cabelo s\u00e3o discuss\u00e3o entre especialistas, n\u00e3o recomenda\u00e7\u00e3o oficial<\/td>\n      <\/tr>\n      <tr>\n        <td data-label=\"Valor\" style=\"background:#f6f9fc;color:#003366;font-weight:700;text-align:left;vertical-align:top;padding:13px 16px;font-size:15px;line-height:1.55;border:0;border-bottom:1px solid #e3e8ef;overflow-wrap:break-word\">PCR<\/td>\n        <td data-label=\"O que indica\" style=\"background:#f6f9fc;color:#22303e;font-weight:400;text-align:left;vertical-align:top;padding:13px 16px;font-size:15px;line-height:1.55;border:0;border-bottom:1px solid #e3e8ef;overflow-wrap:break-word\">Inflama\u00e7\u00e3o no organismo; revela uma ferritina falsamente alta<\/td>\n        <td data-label=\"Quando faz sentido\" style=\"background:#f6f9fc;color:#22303e;font-weight:400;text-align:left;vertical-align:top;padding:13px 16px;font-size:15px;line-height:1.55;border:0;border-bottom:1px solid #e3e8ef;overflow-wrap:break-word\">Sempre em conjunto com a ferritina<\/td>\n        <td data-label=\"Intervalo de orienta\u00e7\u00e3o\" style=\"background:#f6f9fc;color:#22303e;font-weight:400;text-align:left;vertical-align:top;padding:13px 16px;font-size:15px;line-height:1.55;border:0;border-bottom:1px solid #e3e8ef;overflow-wrap:break-word\">Depende do laborat\u00f3rio; consulte o seu pr\u00f3prio resultado<\/td>\n      <\/tr>\n      <tr>\n        <td data-label=\"Valor\" style=\"background:#ffffff;color:#003366;font-weight:700;text-align:left;vertical-align:top;padding:13px 16px;font-size:15px;line-height:1.55;border:0;border-bottom:1px solid #e3e8ef;overflow-wrap:break-word\">Hemograma com f\u00f3rmula leucocit\u00e1ria<\/td>\n        <td data-label=\"O que indica\" style=\"background:#ffffff;color:#22303e;font-weight:400;text-align:left;vertical-align:top;padding:13px 16px;font-size:15px;line-height:1.55;border:0;border-bottom:1px solid #e3e8ef;overflow-wrap:break-word\">Anemia, tamanho das c\u00e9lulas (VGM), sinais de inflama\u00e7\u00e3o ou de doen\u00e7a do sangue<\/td>\n        <td data-label=\"Quando faz sentido\" style=\"background:#ffffff;color:#22303e;font-weight:400;text-align:left;vertical-align:top;padding:13px 16px;font-size:15px;line-height:1.55;border:0;border-bottom:1px solid #e3e8ef;overflow-wrap:break-word\">Exame de base numa queda de cabelo sem causa clara<\/td>\n        <td data-label=\"Intervalo de orienta\u00e7\u00e3o\" style=\"background:#ffffff;color:#22303e;font-weight:400;text-align:left;vertical-align:top;padding:13px 16px;font-size:15px;line-height:1.55;border:0;border-bottom:1px solid #e3e8ef;overflow-wrap:break-word\">Depende do laborat\u00f3rio; consulte o seu pr\u00f3prio resultado<\/td>\n      <\/tr>\n      <tr>\n        <td data-label=\"Valor\" style=\"background:#f6f9fc;color:#003366;font-weight:700;text-align:left;vertical-align:top;padding:13px 16px;font-size:15px;line-height:1.55;border:0;border-bottom:1px solid #e3e8ef;overflow-wrap:break-word\">TSH<\/td>\n        <td data-label=\"O que indica\" style=\"background:#f6f9fc;color:#22303e;font-weight:400;text-align:left;vertical-align:top;padding:13px 16px;font-size:15px;line-height:1.55;border:0;border-bottom:1px solid #e3e8ef;overflow-wrap:break-word\">Hormona que regula a tiroide; reage tanto ao hipotiroidismo como ao hipertiroidismo<\/td>\n        <td data-label=\"Quando faz sentido\" style=\"background:#f6f9fc;color:#22303e;font-weight:400;text-align:left;vertical-align:top;padding:13px 16px;font-size:15px;line-height:1.55;border:0;border-bottom:1px solid #e3e8ef;overflow-wrap:break-word\">Numa queda difusa e, sobretudo, havendo cansa\u00e7o ou altera\u00e7\u00f5es do peso ou do ciclo<\/td>\n        <td data-label=\"Intervalo de orienta\u00e7\u00e3o\" style=\"background:#f6f9fc;color:#22303e;font-weight:400;text-align:left;vertical-align:top;padding:13px 16px;font-size:15px;line-height:1.55;border:0;border-bottom:1px solid #e3e8ef;overflow-wrap:break-word\">Frequentemente resumido como 0,4 a 4,0 mUI\/l; o limite superior varia entre 3,5 e 5,0 mUI\/l consoante o laborat\u00f3rio<\/td>\n      <\/tr>\n      <tr>\n        <td data-label=\"Valor\" style=\"background:#ffffff;color:#003366;font-weight:700;text-align:left;vertical-align:top;padding:13px 16px;font-size:15px;line-height:1.55;border:0;border-bottom:1px solid #e3e8ef;overflow-wrap:break-word\">Vitamina D (25-OH)<\/td>\n        <td data-label=\"O que indica\" style=\"background:#ffffff;color:#22303e;font-weight:400;text-align:left;vertical-align:top;padding:13px 16px;font-size:15px;line-height:1.55;border:0;border-bottom:1px solid #e3e8ef;overflow-wrap:break-word\">O aporte de vitamina D das \u00faltimas semanas<\/td>\n        <td data-label=\"Quando faz sentido\" style=\"background:#ffffff;color:#22303e;font-weight:400;text-align:left;vertical-align:top;padding:13px 16px;font-size:15px;line-height:1.55;border:0;border-bottom:1px solid #e3e8ef;overflow-wrap:break-word\">Numa queda difusa e com pouca exposi\u00e7\u00e3o solar<\/td>\n        <td data-label=\"Intervalo de orienta\u00e7\u00e3o\" style=\"background:#ffffff;color:#22303e;font-weight:400;text-align:left;vertical-align:top;padding:13px 16px;font-size:15px;line-height:1.55;border:0;border-bottom:1px solid #e3e8ef;overflow-wrap:break-word\">A partir de 20 ng\/ml (50 nmol\/l) suficiente, 12 a 20 ng\/ml (30 a 50 nmol\/l) sub\u00f3timo, abaixo de 12 ng\/ml (30 nmol\/l) d\u00e9fice (classifica\u00e7\u00e3o do Institute of Medicine)<\/td>\n      <\/tr>\n      <tr>\n        <td data-label=\"Valor\" style=\"background:#f6f9fc;color:#003366;font-weight:700;text-align:left;vertical-align:top;padding:13px 16px;font-size:15px;line-height:1.55;border:0;overflow-wrap:break-word\">Zinco<\/td>\n        <td data-label=\"O que indica\" style=\"background:#f6f9fc;color:#22303e;font-weight:400;text-align:left;vertical-align:top;padding:13px 16px;font-size:15px;line-height:1.55;border:0;overflow-wrap:break-word\">O aporte de zinco; desce tamb\u00e9m em caso de inflama\u00e7\u00e3o<\/td>\n        <td data-label=\"Quando faz sentido\" style=\"background:#f6f9fc;color:#22303e;font-weight:400;text-align:left;vertical-align:top;padding:13px 16px;font-size:15px;line-height:1.55;border:0;overflow-wrap:break-word\">Numa queda difusa, com alimenta\u00e7\u00e3o desequilibrada ou com doen\u00e7a intestinal<\/td>\n        <td data-label=\"Intervalo de orienta\u00e7\u00e3o\" style=\"background:#f6f9fc;color:#22303e;font-weight:400;text-align:left;vertical-align:top;padding:13px 16px;font-size:15px;line-height:1.55;border:0;overflow-wrap:break-word\">No soro, consoante o m\u00e9todo, cerca de 9 a 21 \u00b5mol\/l ou 75 a 140 \u00b5g\/dl<\/td>\n      <\/tr>\n    <\/tbody>\n  <\/table>\n<\/div>\n\n\n\n<p class=\"wp-block-paragraph\"><strong>N\u00edvel 1, o painel de base:<\/strong> hemograma, ferritina, PCR, TSH, vitamina D (25-OH) e zinco. Esta combina\u00e7\u00e3o cobre o d\u00e9fice de ferro, a anemia, a inflama\u00e7\u00e3o, a fun\u00e7\u00e3o da tiroide e as duas lacunas nutricionais mais discutidas. Est\u00e1 descrita de forma praticamente id\u00eantica em fontes especializadas alem\u00e3s, brit\u00e2nicas, italianas e turcas, constituindo assim o n\u00facleo internacionalmente aceite das an\u00e1lises na queda de cabelo. Se estas an\u00e1lises s\u00e3o ou n\u00e3o comparticipadas depende da indica\u00e7\u00e3o cl\u00ednica e n\u00e3o de cada par\u00e2metro isolado; onde passa essa fronteira \u00e9 explicado mais abaixo, na sec\u00e7\u00e3o sobre comparticipa\u00e7\u00e3o.<\/p>\n\n\n\n<style>\n@media (max-width:640px){\n.rt-table-wrap{overflow-x:visible!important;border:0!important;border-radius:0!important}\n.rt-table{min-width:0!important}\n.rt-table thead{display:none}\n.rt-table,.rt-table tbody,.rt-table tr,.rt-table td{display:block;width:100%}\n.rt-table caption{display:block;padding:0 0 12px!important}\n.rt-table tr{margin:0 0 12px;border:1px solid #dbe4f0;border-radius:10px;overflow:hidden}\n.rt-table tr:last-child{margin-bottom:0}\n.rt-table td{display:flex!important;flex-direction:column;gap:3px;padding:12px 14px!important;\nborder:0!important;border-bottom:1px solid #e3e8ef!important;background:#ffffff!important}\n.rt-table tr td:last-child{border-bottom:0!important}\n.rt-table td::before{content:attr(data-label);font-size:12px;font-weight:700;letter-spacing:.04em;\ntext-transform:uppercase;color:#5799F1}\n.rt-table td:not([data-label])::before,.rt-table td[data-label=\"\"]::before{display:none}\n}\n<\/style>\n<div class=\"rt-table-wrap\" style=\"overflow-x:auto;-webkit-overflow-scrolling:touch;margin:28px 0;border:1px solid #dbe4f0;border-radius:12px\">\n  <table class=\"rt-table\" style=\"width:100%;min-width:660px;table-layout:fixed;border-collapse:separate;border-spacing:0;font-size:15px;margin:0\">\n    <caption style=\"caption-side:top;text-align:left;color:#003366;font-weight:700;font-size:16px;line-height:1.35;padding:14px 16px 10px;background:#ffffff\">N\u00edvel 2: painel alargado quando o quadro \u00e9 pouco claro ou persistente<\/caption>\n    <thead>\n      <tr>\n        <th style=\"width:22%;background:#003366;color:#ffffff;font-weight:700;text-align:left;vertical-align:middle;padding:13px 16px;font-size:15px;line-height:1.4;border:0;overflow-wrap:break-word\">Valor<\/th>\n        <th style=\"background:#003366;color:#ffffff;font-weight:700;text-align:left;vertical-align:middle;padding:13px 16px;font-size:15px;line-height:1.4;border:0;overflow-wrap:break-word\">O que indica<\/th>\n        <th style=\"background:#003366;color:#ffffff;font-weight:700;text-align:left;vertical-align:middle;padding:13px 16px;font-size:15px;line-height:1.4;border:0;overflow-wrap:break-word\">Quando faz sentido<\/th>\n        <th style=\"background:#003366;color:#ffffff;font-weight:700;text-align:left;vertical-align:middle;padding:13px 16px;font-size:15px;line-height:1.4;border:0;overflow-wrap:break-word\">Nota de interpreta\u00e7\u00e3o<\/th>\n      <\/tr>\n    <\/thead>\n    <tbody>\n      <tr>\n        <td data-label=\"Valor\" style=\"background:#ffffff;color:#003366;font-weight:700;text-align:left;vertical-align:top;padding:13px 16px;font-size:15px;line-height:1.55;border:0;border-bottom:1px solid #e3e8ef;overflow-wrap:break-word\">T3 livre e T4 livre<\/td>\n        <td data-label=\"O que indica\" style=\"background:#ffffff;color:#22303e;font-weight:400;text-align:left;vertical-align:top;padding:13px 16px;font-size:15px;line-height:1.55;border:0;border-bottom:1px solid #e3e8ef;overflow-wrap:break-word\">Hormonas da tiroide na forma livre; mostram o estado metab\u00f3lico real<\/td>\n        <td data-label=\"Quando faz sentido\" style=\"background:#ffffff;color:#22303e;font-weight:400;text-align:left;vertical-align:top;padding:13px 16px;font-size:15px;line-height:1.55;border:0;border-bottom:1px solid #e3e8ef;overflow-wrap:break-word\">Quando a TSH est\u00e1 alterada ou quando a suspeita cl\u00ednica se mant\u00e9m<\/td>\n        <td data-label=\"Nota de interpreta\u00e7\u00e3o\" style=\"background:#ffffff;color:#22303e;font-weight:400;text-align:left;vertical-align:top;padding:13px 16px;font-size:15px;line-height:1.55;border:0;border-bottom:1px solid #e3e8ef;overflow-wrap:break-word\">S\u00e3o interpretadas em conjunto com a TSH, nunca isoladamente<\/td>\n      <\/tr>\n      <tr>\n        <td data-label=\"Valor\" style=\"background:#f6f9fc;color:#003366;font-weight:700;text-align:left;vertical-align:top;padding:13px 16px;font-size:15px;line-height:1.55;border:0;border-bottom:1px solid #e3e8ef;overflow-wrap:break-word\">Anticorpos anti-TPO<\/td>\n        <td data-label=\"O que indica\" style=\"background:#f6f9fc;color:#22303e;font-weight:400;text-align:left;vertical-align:top;padding:13px 16px;font-size:15px;line-height:1.55;border:0;border-bottom:1px solid #e3e8ef;overflow-wrap:break-word\">Processo autoimune da tiroide (tiroidite de Hashimoto)<\/td>\n        <td data-label=\"Quando faz sentido\" style=\"background:#f6f9fc;color:#22303e;font-weight:400;text-align:left;vertical-align:top;padding:13px 16px;font-size:15px;line-height:1.55;border:0;border-bottom:1px solid #e3e8ef;overflow-wrap:break-word\">Com TSH alterada ou com antecedentes familiares<\/td>\n        <td data-label=\"Nota de interpreta\u00e7\u00e3o\" style=\"background:#f6f9fc;color:#22303e;font-weight:400;text-align:left;vertical-align:top;padding:13px 16px;font-size:15px;line-height:1.55;border:0;border-bottom:1px solid #e3e8ef;overflow-wrap:break-word\">Um valor positivo, por si s\u00f3, ainda n\u00e3o \u00e9 uma doen\u00e7a que exija tratamento<\/td>\n      <\/tr>\n      <tr>\n        <td data-label=\"Valor\" style=\"background:#ffffff;color:#003366;font-weight:700;text-align:left;vertical-align:top;padding:13px 16px;font-size:15px;line-height:1.55;border:0;border-bottom:1px solid #e3e8ef;overflow-wrap:break-word\">Vitamina B12 ou holotranscobalamina<\/td>\n        <td data-label=\"O que indica\" style=\"background:#ffffff;color:#22303e;font-weight:400;text-align:left;vertical-align:top;padding:13px 16px;font-size:15px;line-height:1.55;border:0;border-bottom:1px solid #e3e8ef;overflow-wrap:break-word\">O aporte de B12; a holo-TC representa a fra\u00e7\u00e3o dispon\u00edvel para as c\u00e9lulas<\/td>\n        <td data-label=\"Quando faz sentido\" style=\"background:#ffffff;color:#22303e;font-weight:400;text-align:left;vertical-align:top;padding:13px 16px;font-size:15px;line-height:1.55;border:0;border-bottom:1px solid #e3e8ef;overflow-wrap:break-word\">Com alimenta\u00e7\u00e3o vegetariana ou vegana, VGM elevado ou doen\u00e7as gastrointestinais<\/td>\n        <td data-label=\"Nota de interpreta\u00e7\u00e3o\" style=\"background:#ffffff;color:#22303e;font-weight:400;text-align:left;vertical-align:top;padding:13px 16px;font-size:15px;line-height:1.55;border:0;border-bottom:1px solid #e3e8ef;overflow-wrap:break-word\">A holotranscobalamina \u00e9 considerada mais informativa do que a B12 total<\/td>\n      <\/tr>\n      <tr>\n        <td data-label=\"Valor\" style=\"background:#f6f9fc;color:#003366;font-weight:700;text-align:left;vertical-align:top;padding:13px 16px;font-size:15px;line-height:1.55;border:0;border-bottom:1px solid #e3e8ef;overflow-wrap:break-word\">\u00c1cido f\u00f3lico<\/td>\n        <td data-label=\"O que indica\" style=\"background:#f6f9fc;color:#22303e;font-weight:400;text-align:left;vertical-align:top;padding:13px 16px;font-size:15px;line-height:1.55;border:0;border-bottom:1px solid #e3e8ef;overflow-wrap:break-word\">O aporte de folato, importante para os tecidos com divis\u00e3o celular r\u00e1pida<\/td>\n        <td data-label=\"Quando faz sentido\" style=\"background:#f6f9fc;color:#22303e;font-weight:400;text-align:left;vertical-align:top;padding:13px 16px;font-size:15px;line-height:1.55;border:0;border-bottom:1px solid #e3e8ef;overflow-wrap:break-word\">Com eritr\u00f3citos grandes no hemograma ou alimenta\u00e7\u00e3o desequilibrada<\/td>\n        <td data-label=\"Nota de interpreta\u00e7\u00e3o\" style=\"background:#f6f9fc;color:#22303e;font-weight:400;text-align:left;vertical-align:top;padding:13px 16px;font-size:15px;line-height:1.55;border:0;border-bottom:1px solid #e3e8ef;overflow-wrap:break-word\">\u00c9 habitualmente avaliado em conjunto com a B12<\/td>\n      <\/tr>\n      <tr>\n        <td data-label=\"Valor\" style=\"background:#ffffff;color:#003366;font-weight:700;text-align:left;vertical-align:top;padding:13px 16px;font-size:15px;line-height:1.55;border:0;border-bottom:1px solid #e3e8ef;overflow-wrap:break-word\">\u00cdndice de satura\u00e7\u00e3o da transferrina<\/td>\n        <td data-label=\"O que indica\" style=\"background:#ffffff;color:#22303e;font-weight:400;text-align:left;vertical-align:top;padding:13px 16px;font-size:15px;line-height:1.55;border:0;border-bottom:1px solid #e3e8ef;overflow-wrap:break-word\">A propor\u00e7\u00e3o da prote\u00edna transportadora que est\u00e1 carregada de ferro<\/td>\n        <td data-label=\"Quando faz sentido\" style=\"background:#ffffff;color:#22303e;font-weight:400;text-align:left;vertical-align:top;padding:13px 16px;font-size:15px;line-height:1.55;border:0;border-bottom:1px solid #e3e8ef;overflow-wrap:break-word\">Quando a ferritina e o quadro cl\u00ednico n\u00e3o coincidem<\/td>\n        <td data-label=\"Nota de interpreta\u00e7\u00e3o\" style=\"background:#ffffff;color:#22303e;font-weight:400;text-align:left;vertical-align:top;padding:13px 16px;font-size:15px;line-height:1.55;border:0;border-bottom:1px solid #e3e8ef;overflow-wrap:break-word\">Abaixo de 20 por cento, com capacidade de fixa\u00e7\u00e3o do ferro elevada, pode indicar um d\u00e9fice funcional de ferro<\/td>\n      <\/tr>\n      <tr>\n        <td data-label=\"Valor\" style=\"background:#f6f9fc;color:#003366;font-weight:700;text-align:left;vertical-align:top;padding:13px 16px;font-size:15px;line-height:1.55;border:0;border-bottom:1px solid #e3e8ef;overflow-wrap:break-word\">Fun\u00e7\u00e3o hep\u00e1tica e renal<\/td>\n        <td data-label=\"O que indica\" style=\"background:#f6f9fc;color:#22303e;font-weight:400;text-align:left;vertical-align:top;padding:13px 16px;font-size:15px;line-height:1.55;border:0;border-bottom:1px solid #e3e8ef;overflow-wrap:break-word\">O funcionamento b\u00e1sico do f\u00edgado e do rim<\/td>\n        <td data-label=\"Quando faz sentido\" style=\"background:#f6f9fc;color:#22303e;font-weight:400;text-align:left;vertical-align:top;padding:13px 16px;font-size:15px;line-height:1.55;border:0;border-bottom:1px solid #e3e8ef;overflow-wrap:break-word\">Com queixas gerais ou medica\u00e7\u00e3o cr\u00f3nica<\/td>\n        <td data-label=\"Nota de interpreta\u00e7\u00e3o\" style=\"background:#f6f9fc;color:#22303e;font-weight:400;text-align:left;vertical-align:top;padding:13px 16px;font-size:15px;line-height:1.55;border:0;border-bottom:1px solid #e3e8ef;overflow-wrap:break-word\">Explicam, em casos raros, tamb\u00e9m uma queda difusa<\/td>\n      <\/tr>\n      <tr>\n        <td data-label=\"Valor\" style=\"background:#ffffff;color:#003366;font-weight:700;text-align:left;vertical-align:top;padding:13px 16px;font-size:15px;line-height:1.55;border:0;border-bottom:1px solid #e3e8ef;overflow-wrap:break-word\">Glicemia ou HbA1c<\/td>\n        <td data-label=\"O que indica\" style=\"background:#ffffff;color:#22303e;font-weight:400;text-align:left;vertical-align:top;padding:13px 16px;font-size:15px;line-height:1.55;border:0;border-bottom:1px solid #e3e8ef;overflow-wrap:break-word\">O metabolismo do a\u00e7\u00facar nas \u00faltimas semanas<\/td>\n        <td data-label=\"Quando faz sentido\" style=\"background:#ffffff;color:#22303e;font-weight:400;text-align:left;vertical-align:top;padding:13px 16px;font-size:15px;line-height:1.55;border:0;border-bottom:1px solid #e3e8ef;overflow-wrap:break-word\">Com excesso de peso, altera\u00e7\u00f5es do ciclo ou suspeita de s\u00edndrome do ov\u00e1rio poliqu\u00edstico<\/td>\n        <td data-label=\"Nota de interpreta\u00e7\u00e3o\" style=\"background:#ffffff;color:#22303e;font-weight:400;text-align:left;vertical-align:top;padding:13px 16px;font-size:15px;line-height:1.55;border:0;border-bottom:1px solid #e3e8ef;overflow-wrap:break-word\">Para a glicemia em jejum \u00e9 necess\u00e1ria uma colheita em jejum<\/td>\n      <\/tr>\n      <tr>\n        <td data-label=\"Valor\" style=\"background:#f6f9fc;color:#003366;font-weight:700;text-align:left;vertical-align:top;padding:13px 16px;font-size:15px;line-height:1.55;border:0;overflow-wrap:break-word\">Sel\u00e9nio<\/td>\n        <td data-label=\"O que indica\" style=\"background:#f6f9fc;color:#22303e;font-weight:400;text-align:left;vertical-align:top;padding:13px 16px;font-size:15px;line-height:1.55;border:0;overflow-wrap:break-word\">O aporte de sel\u00e9nio<\/td>\n        <td data-label=\"Quando faz sentido\" style=\"background:#f6f9fc;color:#22303e;font-weight:400;text-align:left;vertical-align:top;padding:13px 16px;font-size:15px;line-height:1.55;border:0;overflow-wrap:break-word\">Apenas havendo uma suspeita concreta<\/td>\n        <td data-label=\"Nota de interpreta\u00e7\u00e3o\" style=\"background:#f6f9fc;color:#22303e;font-weight:400;text-align:left;vertical-align:top;padding:13px 16px;font-size:15px;line-height:1.55;border:0;overflow-wrap:break-word\">Uma sobredosagem pode, ela pr\u00f3pria, provocar queda de cabelo; por isso, nunca tomar \u00e0s cegas<\/td>\n      <\/tr>\n    <\/tbody>\n  <\/table>\n<\/div>\n\n\n\n<p class=\"wp-block-paragraph\"><strong>N\u00edvel 2, alargado:<\/strong> estes valores acrescentam-se quando o painel de base n\u00e3o mostra altera\u00e7\u00f5es mas a queda difusa persiste, ou quando um resultado continua a precisar de explica\u00e7\u00e3o. Um exemplo da pr\u00e1tica: um \u00edndice de satura\u00e7\u00e3o da transferrina abaixo de 20 por cento com uma capacidade de fixa\u00e7\u00e3o do ferro elevada pode indicar um d\u00e9fice funcional de ferro, mesmo com uma ferritina de aspeto \u00abnormal\u00bb.<\/p>\n\n\n\n<style>\n@media (max-width:640px){\n.rt-table-wrap{overflow-x:visible!important;border:0!important;border-radius:0!important}\n.rt-table{min-width:0!important}\n.rt-table thead{display:none}\n.rt-table,.rt-table tbody,.rt-table tr,.rt-table td{display:block;width:100%}\n.rt-table caption{display:block;padding:0 0 12px!important}\n.rt-table tr{margin:0 0 12px;border:1px solid #dbe4f0;border-radius:10px;overflow:hidden}\n.rt-table tr:last-child{margin-bottom:0}\n.rt-table td{display:flex!important;flex-direction:column;gap:3px;padding:12px 14px!important;\nborder:0!important;border-bottom:1px solid #e3e8ef!important;background:#ffffff!important}\n.rt-table tr td:last-child{border-bottom:0!important}\n.rt-table td::before{content:attr(data-label);font-size:12px;font-weight:700;letter-spacing:.04em;\ntext-transform:uppercase;color:#5799F1}\n.rt-table td:not([data-label])::before,.rt-table td[data-label=\"\"]::before{display:none}\n}\n<\/style>\n<div class=\"rt-table-wrap\" style=\"overflow-x:auto;-webkit-overflow-scrolling:touch;margin:28px 0;border:1px solid #dbe4f0;border-radius:12px\">\n  <table class=\"rt-table\" style=\"width:100%;min-width:620px;table-layout:fixed;border-collapse:separate;border-spacing:0;font-size:15px;margin:0\">\n    <caption style=\"caption-side:top;text-align:left;color:#003366;font-weight:700;font-size:16px;line-height:1.35;padding:14px 16px 10px;background:#ffffff\">N\u00edvel 3: apenas com indica\u00e7\u00e3o m\u00e9dica<\/caption>\n    <thead>\n      <tr>\n        <th style=\"width:22%;background:#003366;color:#ffffff;font-weight:700;text-align:left;vertical-align:middle;padding:13px 16px;font-size:15px;line-height:1.4;border:0;overflow-wrap:break-word\">Valor<\/th>\n        <th style=\"background:#003366;color:#ffffff;font-weight:700;text-align:left;vertical-align:middle;padding:13px 16px;font-size:15px;line-height:1.4;border:0;overflow-wrap:break-word\">O que indica<\/th>\n        <th style=\"background:#003366;color:#ffffff;font-weight:700;text-align:left;vertical-align:middle;padding:13px 16px;font-size:15px;line-height:1.4;border:0;overflow-wrap:break-word\">Quando o m\u00e9dico o pede<\/th>\n      <\/tr>\n    <\/thead>\n    <tbody>\n      <tr>\n        <td data-label=\"Valor\" style=\"background:#ffffff;color:#003366;font-weight:700;text-align:left;vertical-align:top;padding:13px 16px;font-size:15px;line-height:1.55;border:0;border-bottom:1px solid #e3e8ef;overflow-wrap:break-word\">Testosterona total e livre<\/td>\n        <td data-label=\"O que indica\" style=\"background:#ffffff;color:#22303e;font-weight:400;text-align:left;vertical-align:top;padding:13px 16px;font-size:15px;line-height:1.55;border:0;border-bottom:1px solid #e3e8ef;overflow-wrap:break-word\">O n\u00edvel de androg\u00e9nios; s\u00f3 a testosterona livre \u00e9 biologicamente ativa<\/td>\n        <td data-label=\"Quando o m\u00e9dico o pede\" style=\"background:#ffffff;color:#22303e;font-weight:400;text-align:left;vertical-align:top;padding:13px 16px;font-size:15px;line-height:1.55;border:0;border-bottom:1px solid #e3e8ef;overflow-wrap:break-word\">Em mulheres com sinais de excesso de androg\u00e9nios, como altera\u00e7\u00f5es do ciclo, acne ou aumento dos pelos na face<\/td>\n      <\/tr>\n      <tr>\n        <td data-label=\"Valor\" style=\"background:#f6f9fc;color:#003366;font-weight:700;text-align:left;vertical-align:top;padding:13px 16px;font-size:15px;line-height:1.55;border:0;border-bottom:1px solid #e3e8ef;overflow-wrap:break-word\">SHBG<\/td>\n        <td data-label=\"O que indica\" style=\"background:#f6f9fc;color:#22303e;font-weight:400;text-align:left;vertical-align:top;padding:13px 16px;font-size:15px;line-height:1.55;border:0;border-bottom:1px solid #e3e8ef;overflow-wrap:break-word\">Prote\u00edna transportadora das hormonas sexuais; altera a testosterona livre<\/td>\n        <td data-label=\"Quando o m\u00e9dico o pede\" style=\"background:#f6f9fc;color:#22303e;font-weight:400;text-align:left;vertical-align:top;padding:13px 16px;font-size:15px;line-height:1.55;border:0;border-bottom:1px solid #e3e8ef;overflow-wrap:break-word\">Em conjunto com a testosterona, sobretudo sob contrace\u00e7\u00e3o hormonal<\/td>\n      <\/tr>\n      <tr>\n        <td data-label=\"Valor\" style=\"background:#ffffff;color:#003366;font-weight:700;text-align:left;vertical-align:top;padding:13px 16px;font-size:15px;line-height:1.55;border:0;border-bottom:1px solid #e3e8ef;overflow-wrap:break-word\">DHEA-S<\/td>\n        <td data-label=\"O que indica\" style=\"background:#ffffff;color:#22303e;font-weight:400;text-align:left;vertical-align:top;padding:13px 16px;font-size:15px;line-height:1.55;border:0;border-bottom:1px solid #e3e8ef;overflow-wrap:break-word\">A produ\u00e7\u00e3o de androg\u00e9nios no c\u00f3rtex da suprarrenal<\/td>\n        <td data-label=\"Quando o m\u00e9dico o pede\" style=\"background:#ffffff;color:#22303e;font-weight:400;text-align:left;vertical-align:top;padding:13px 16px;font-size:15px;line-height:1.55;border:0;border-bottom:1px solid #e3e8ef;overflow-wrap:break-word\">Perante a suspeita de uma origem androg\u00e9nica fora dos ov\u00e1rios<\/td>\n      <\/tr>\n      <tr>\n        <td data-label=\"Valor\" style=\"background:#f6f9fc;color:#003366;font-weight:700;text-align:left;vertical-align:top;padding:13px 16px;font-size:15px;line-height:1.55;border:0;border-bottom:1px solid #e3e8ef;overflow-wrap:break-word\">Prolactina<\/td>\n        <td data-label=\"O que indica\" style=\"background:#f6f9fc;color:#22303e;font-weight:400;text-align:left;vertical-align:top;padding:13px 16px;font-size:15px;line-height:1.55;border:0;border-bottom:1px solid #e3e8ef;overflow-wrap:break-word\">Hormona da hip\u00f3fise<\/td>\n        <td data-label=\"Quando o m\u00e9dico o pede\" style=\"background:#f6f9fc;color:#22303e;font-weight:400;text-align:left;vertical-align:top;padding:13px 16px;font-size:15px;line-height:1.55;border:0;border-bottom:1px solid #e3e8ef;overflow-wrap:break-word\">Com altera\u00e7\u00f5es do ciclo, corrimento mam\u00e1rio ou dificuldade em engravidar<\/td>\n      <\/tr>\n      <tr>\n        <td data-label=\"Valor\" style=\"background:#ffffff;color:#003366;font-weight:700;text-align:left;vertical-align:top;padding:13px 16px;font-size:15px;line-height:1.55;border:0;border-bottom:1px solid #e3e8ef;overflow-wrap:break-word\">17-OH-progesterona, FSH, LH, estradiol<\/td>\n        <td data-label=\"O que indica\" style=\"background:#ffffff;color:#22303e;font-weight:400;text-align:left;vertical-align:top;padding:13px 16px;font-size:15px;line-height:1.55;border:0;border-bottom:1px solid #e3e8ef;overflow-wrap:break-word\">Outras pe\u00e7as do estudo hormonal<\/td>\n        <td data-label=\"Quando o m\u00e9dico o pede\" style=\"background:#ffffff;color:#22303e;font-weight:400;text-align:left;vertical-align:top;padding:13px 16px;font-size:15px;line-height:1.55;border:0;border-bottom:1px solid #e3e8ef;overflow-wrap:break-word\">Consoante a indica\u00e7\u00e3o, no \u00e2mbito de uma avalia\u00e7\u00e3o ginecol\u00f3gica ou endocrinol\u00f3gica<\/td>\n      <\/tr>\n      <tr>\n        <td data-label=\"Valor\" style=\"background:#f6f9fc;color:#003366;font-weight:700;text-align:left;vertical-align:top;padding:13px 16px;font-size:15px;line-height:1.55;border:0;overflow-wrap:break-word\">Serologia autoimune ou serologia da s\u00edfilis<\/td>\n        <td data-label=\"O que indica\" style=\"background:#f6f9fc;color:#22303e;font-weight:400;text-align:left;vertical-align:top;padding:13px 16px;font-size:15px;line-height:1.55;border:0;overflow-wrap:break-word\">Ind\u00edcios de uma causa autoimune ou infeciosa<\/td>\n        <td data-label=\"Quando o m\u00e9dico o pede\" style=\"background:#f6f9fc;color:#22303e;font-weight:400;text-align:left;vertical-align:top;padding:13px 16px;font-size:15px;line-height:1.55;border:0;overflow-wrap:break-word\">Apenas havendo suspeita concreta a partir da hist\u00f3ria cl\u00ednica e do exame, nunca por rotina<\/td>\n      <\/tr>\n    <\/tbody>\n  <\/table>\n<\/div>\n\n\n\n<p class=\"wp-block-paragraph\"><strong>N\u00edvel 3, com indica\u00e7\u00e3o m\u00e9dica:<\/strong> os valores hormonais e a serologia autoimune n\u00e3o pertencem a um pacote encomendado por iniciativa pr\u00f3pria. S\u00e3o pedidos quando a hist\u00f3ria cl\u00ednica lhes d\u00e1 motivo e s\u00e3o avaliados em conjunto com o quadro cl\u00ednico. Uma revista dermatol\u00f3gica espanhola, a Actas Dermo-Sifiliogr\u00e1ficas, formula-o assim para as mulheres: estudos hormonais sobretudo perante sinais adicionais de excesso de androg\u00e9nios.<\/p>\n\n\n\n<p class=\"wp-block-paragraph\">Mais an\u00e1lises n\u00e3o s\u00e3o automaticamente uma melhor abordagem. Um pacote com 30 par\u00e2metros produz sobretudo achados acidentais, exames de seguimento e custos. O rastreio n\u00e3o dirigido do d\u00e9fice de vitamina D ou de vitamina B12 em adultos sem queixas \u00e9 avaliado exatamente nesse sentido pelos organismos especializados que analisam este tipo de rastreio: pouco dano direto, mas risco de resultados falsos e de sobrediagn\u00f3stico. Medir de forma dirigida vale mais do que medir muito.<\/p>\n\n\n<div class=\"wp-block-image\">\n<figure class=\"aligncenter size-large is-resized\" style=\"max-width:720px;margin-left:auto;margin-right:auto\"><img decoding=\"async\" src=\"https:\/\/elithair.com\/pt\/wp-content\/uploads\/sites\/7\/2026\/08\/foto_blutabnahme.png\" alt=\"Amostras de sangue no laborat\u00f3rio para a an\u00e1lise na queda de cabelo\" class=\"wp-image-89947\" style=\"width:720px;max-width:100%;height:auto\"\/><\/figure>\n<\/div>\n\n\n<h2 class=\"wp-block-heading\">Queda difusa: que an\u00e1lises ao sangue contam mesmo aqui<\/h2>\n\n\n\n<p class=\"wp-block-paragraph\"><strong>Nas quedas difusas, as an\u00e1lises decisivas s\u00e3o a ferritina em conjunto com a PCR, a TSH, a vitamina D (25-OH), o zinco, a vitamina B12 e um hemograma.<\/strong> \u00c9 aqui que a an\u00e1lise ao sangue traz maior benef\u00edcio, porque pode haver por tr\u00e1s um fator adquirido e muitas vezes corrig\u00edvel. Difusa significa: o cabelo fica mais fino em toda a cabe\u00e7a, sem qualquer zona sem cabelo.<\/p>\n\n\n\n<p class=\"wp-block-paragraph\">\u00c9 o padr\u00e3o que determina o quanto o laborat\u00f3rio pode contribuir. O esquema seguinte \u00e9 a vers\u00e3o pr\u00e1tica e resumida daquilo que pode esperar de uma an\u00e1lise ao sangue. Os pormenores sobre a evolu\u00e7\u00e3o e sobre os fatores desencadeantes t\u00edpicos est\u00e3o no artigo sobre a <a href=\"\/pt\/blog-sobre-implante-capilar\/queda-de-cabelo-difusa\/\">queda de cabelo difusa<\/a>.<\/p>\n\n\n\n<div style=\"margin:0 0 26px\">\n<div style=\"border:1px solid #e3e8ef;border-left:4px solid #0079F1;border-radius:10px;padding:14px 16px;margin-bottom:10px\">\n<p style=\"margin:0 0 4px;color:#013366;font-weight:700\">Difusa em toda a cabe\u00e7a, sem zonas sem cabelo<\/p>\n<p style=\"margin:0;color:#2e3033\">Laborat\u00f3rio em primeiro plano. A ferritina, a PCR, a TSH, a vitamina D, o zinco e o hemograma esclarecem as causas adquiridas, que podem ser tratadas.<\/p>\n<\/div>\n<div style=\"border:1px solid #e3e8ef;border-left:4px solid #5799F1;border-radius:10px;padding:14px 16px;margin-bottom:10px\">\n<p style=\"margin:0 0 4px;color:#013366;font-weight:700\">Padr\u00e3o nas entradas, nas t\u00eamporas e no topo da cabe\u00e7a<\/p>\n<p style=\"margin:0;color:#2e3033\">Laborat\u00f3rio em segundo plano. O diagn\u00f3stico faz-se pela observa\u00e7\u00e3o do padr\u00e3o e do couro cabeludo. As an\u00e1lises verificam se existe, al\u00e9m disso, uma componente difusa.<\/p>\n<\/div>\n<div style=\"border:1px solid #e3e8ef;border-left:4px solid #013366;border-radius:10px;padding:14px 16px;margin-bottom:0\">\n<p style=\"margin:0 0 4px;color:#013366;font-weight:700\">Placas redondas sem cabelo ou couro cabeludo inflamado e doloroso<\/p>\n<p style=\"margin:0;color:#2e3033\">Avalia\u00e7\u00e3o dermatol\u00f3gica em primeiro plano. Aqui decidem a tricoscopia e, havendo suspeita, uma bi\u00f3psia; as an\u00e1lises s\u00e3o apenas um complemento.<\/p>\n<\/div>\n<\/div>\n\n\n\n<p class=\"wp-block-paragraph\">H\u00e1 uma linha temporal que quase nunca \u00e9 referida e que explica muitos resultados: um efl\u00favio telog\u00e9nico come\u00e7a tipicamente s\u00f3 dois a quatro meses depois do fator desencadeante, porque os fol\u00edculos afetados permanecem primeiro v\u00e1rias semanas na fase de repouso, que por si s\u00f3 dura cerca de 100 dias. Quem hoje perde cabelo deve, por isso, procurar um acontecimento ocorrido h\u00e1 dois a quatro meses.<\/p>\n\n\n\n<p class=\"wp-block-paragraph\">Fatores desencadeantes t\u00edpicos s\u00e3o uma infe\u00e7\u00e3o com febre, uma cirurgia, uma dieta com grande perda de peso, um parto, uma perda de sangue significativa ou um medicamento novo. Daqui decorre uma limita\u00e7\u00e3o importante: um valor medido hoje pode j\u00e1 ter voltado ao normal, ainda que o fator desencadeante tenha sido real. Depois de o fator desaparecer, a queda normaliza-se geralmente em tr\u00eas a seis meses.<\/p>\n\n\n\n<h3 class=\"wp-block-heading\">An\u00e1lises ao sangue antes de um transplante capilar: porque se esclarece primeiro a causa<\/h3>\n\n\n\n<p class=\"wp-block-paragraph\">Antes de um <a href=\"\/pt\/transplante-capilar\/\">transplante capilar<\/a> planeado, a an\u00e1lise ao sangue serve para diferenciar: deve mostrar se, al\u00e9m do padr\u00e3o heredit\u00e1rio, existe tamb\u00e9m uma queda difusa em atividade. Um efl\u00favio telog\u00e9nico em curso por d\u00e9fice de ferro ou por uma tiroide n\u00e3o controlada \u00e9 considerado, na avalia\u00e7\u00e3o m\u00e9dica, motivo para tratar primeiro essa causa.<\/p>\n\n\n\n<p class=\"wp-block-paragraph\">A raz\u00e3o \u00e9 simples: um transplante transfere cabelo pr\u00f3prio j\u00e1 existente, n\u00e3o altera nem o estado do ferro nem a fun\u00e7\u00e3o da tiroide. Enquanto a componente difusa estiver ativa, o ponto de partida continua a mudar. Que valores s\u00e3o pedidos antes de uma interven\u00e7\u00e3o \u00e9 decidido pelo m\u00e9dico respons\u00e1vel com base na hist\u00f3ria cl\u00ednica e no exame.<\/p>\n\n\n<div class=\"wp-block-image\">\n<figure class=\"aligncenter size-large is-resized\" style=\"max-width:720px;margin-left:auto;margin-right:auto\"><img decoding=\"async\" src=\"https:\/\/elithair.com\/pt\/wp-content\/uploads\/sites\/7\/2026\/08\/infografik_diffus_muster__pt.png\" alt=\"Tr\u00eas padr\u00f5es de queda de cabelo vistos de cima: difusa, padr\u00e3o nas entradas e no topo, placas redondas sem cabelo\" class=\"wp-image-89948\" style=\"width:720px;max-width:100%;height:auto\"\/><\/figure>\n<\/div>\n\n\n<h2 class=\"wp-block-heading\">Ferritina na queda de cabelo: o valor mais importante e o mais discutido<\/h2>\n\n\n\n<p class=\"wp-block-paragraph\"><strong>A ferritina \u00e9 o valor isolado mais informativo numa queda difusa, porque um d\u00e9fice de ferro pode afetar o cabelo antes de surgir uma anemia.<\/strong> A ferritina \u00e9 a prote\u00edna que armazena o ferro, e o valor de ferritina no soro mostra o qu\u00e3o cheias est\u00e3o as reservas de ferro. Com as reservas vazias e sem anemia, a hemoglobina ainda est\u00e1 normal, pelo que um hemograma isolado n\u00e3o mostra altera\u00e7\u00f5es.<\/p>\n\n\n\n<p class=\"wp-block-paragraph\">O mecanismo \u00e9 f\u00e1cil de perceber. Os fol\u00edculos capilares est\u00e3o entre os tecidos do corpo com maior atividade de divis\u00e3o celular. Reservas de ferro vazias empurram os fol\u00edculos prematuramente para a fase telog\u00e9nica e o resultado \u00e9 um efl\u00favio telog\u00e9nico, ou seja, queda difusa em toda a cabe\u00e7a. Como as fases se relacionam entre si \u00e9 explicado em pormenor no artigo sobre o ciclo capilar .<\/p>\n\n\n\n<p class=\"wp-block-paragraph\">Na quest\u00e3o do valor \u00abcerto\u00bb de ferritina, as coisas tornam-se confusas, e aqui compensa ser rigoroso. As refer\u00eancias laboratoriais definem muitas vezes o d\u00e9fice de ferro apenas abaixo de cerca de 15 a 30 \u00b5g\/l (numericamente igual a ng\/ml), consoante o laborat\u00f3rio; um valor abaixo de 15 \u00b5g\/l \u00e9 considerado altamente espec\u00edfico de um d\u00e9fice de ferro, desde que a PCR n\u00e3o esteja alterada. Esta \u00e9 a parte bem estabelecida.<\/p>\n\n\n\n<p class=\"wp-block-paragraph\">O resto \u00e9 discutido. Na discuss\u00e3o entre especialistas fala-se, para o cabelo, num intervalo-alvo mais alto, de cerca de 40 a 70 \u00b5g\/l, defendido nomeadamente por Rushton (2002) e por Trost, Bergfeld e Calogeras (2006). A administra\u00e7\u00e3o de ferro s\u00f3 \u00e9 feita perante um d\u00e9fice comprovado e por indica\u00e7\u00e3o m\u00e9dica, porque ferro a mais no organismo pode causar les\u00f5es de \u00f3rg\u00e3os e mascarar uma doen\u00e7a de sobrecarga de ferro. J\u00e1 estudos controlados, como o de Olsen e colegas (2010, Journal of the American Academy of Dermatology), n\u00e3o encontraram uma propor\u00e7\u00e3o maior de d\u00e9fice de ferro em mulheres com queda heredit\u00e1ria ou com efl\u00favio telog\u00e9nico cr\u00f3nico, em compara\u00e7\u00e3o com os controlos.<\/p>\n\n\n\n<p class=\"wp-block-paragraph\">\u00c9 importante enquadrar estes n\u00fameros: os 40 a 70 \u00b5g\/l s\u00e3o posi\u00e7\u00f5es de autores isolados, muitas vezes especializados em tricologia, e n\u00e3o uma recomenda\u00e7\u00e3o de orienta\u00e7\u00e3o cl\u00ednica. Nenhuma orienta\u00e7\u00e3o cl\u00ednica fixa um valor-alvo de ferritina para o cabelo. H\u00e1 cl\u00ednicas capilares comerciais que citam este n\u00famero h\u00e1 mais de vinte anos como se fosse consenso, apesar de ele remontar, no fundo, a um \u00fanico trabalho.<\/p>\n\n\n\n<p class=\"wp-block-paragraph\">A isto junta-se um fator de interfer\u00eancia que no dia a dia passa muitas vezes despercebido. A ferritina \u00e9 uma <strong>prote\u00edna de fase aguda<\/strong>, ou seja, uma prote\u00edna cujo n\u00edvel no sangue sobe em situa\u00e7\u00f5es de inflama\u00e7\u00e3o. Numa infe\u00e7\u00e3o, numa inflama\u00e7\u00e3o ou numa doen\u00e7a do f\u00edgado, o valor sai por isso falsamente alto. Uma ferritina de 60 \u00b5g\/l com uma PCR de 12 mg\/l pode esconder um d\u00e9fice real, raz\u00e3o pela qual a PCR \u00e9 sempre doseada em conjunto.<\/p>\n\n\n\n<style>\n@media (max-width:640px){\n.rt-table-wrap{overflow-x:visible!important;border:0!important;border-radius:0!important}\n.rt-table{min-width:0!important}\n.rt-table thead{display:none}\n.rt-table,.rt-table tbody,.rt-table tr,.rt-table td{display:block;width:100%}\n.rt-table caption{display:block;padding:0 0 12px!important}\n.rt-table tr{margin:0 0 12px;border:1px solid #dbe4f0;border-radius:10px;overflow:hidden}\n.rt-table tr:last-child{margin-bottom:0}\n.rt-table td{display:flex!important;flex-direction:column;gap:3px;padding:12px 14px!important;\nborder:0!important;border-bottom:1px solid #e3e8ef!important;background:#ffffff!important}\n.rt-table tr td:last-child{border-bottom:0!important}\n.rt-table td::before{content:attr(data-label);font-size:12px;font-weight:700;letter-spacing:.04em;\ntext-transform:uppercase;color:#5799F1}\n.rt-table td:not([data-label])::before,.rt-table td[data-label=\"\"]::before{display:none}\n}\n<\/style>\n<div class=\"rt-table-wrap\" style=\"overflow-x:auto;-webkit-overflow-scrolling:touch;margin:28px 0;border:1px solid #dbe4f0;border-radius:12px\">\n  <table class=\"rt-table\" style=\"width:100%;min-width:620px;table-layout:fixed;border-collapse:separate;border-spacing:0;font-size:15px;margin:0\">\n    <caption style=\"caption-side:top;text-align:left;color:#003366;font-weight:700;font-size:16px;line-height:1.35;padding:14px 16px 10px;background:#ffffff\">Ferritina na queda de cabelo: como enquadrar os intervalos (n\u00e3o serve para autodiagn\u00f3stico)<\/caption>\n    <thead>\n      <tr>\n        <th style=\"width:22%;background:#003366;color:#ffffff;font-weight:700;text-align:left;vertical-align:middle;padding:13px 16px;font-size:15px;line-height:1.4;border:0;overflow-wrap:break-word\">Valor de ferritina<\/th>\n        <th style=\"background:#003366;color:#ffffff;font-weight:700;text-align:left;vertical-align:middle;padding:13px 16px;font-size:15px;line-height:1.4;border:0;overflow-wrap:break-word\">O que pode significar<\/th>\n        <th style=\"background:#003366;color:#ffffff;font-weight:700;text-align:left;vertical-align:middle;padding:13px 16px;font-size:15px;line-height:1.4;border:0;overflow-wrap:break-word\">Procedimento m\u00e9dico habitual<\/th>\n      <\/tr>\n    <\/thead>\n    <tbody>\n      <tr>\n        <td data-label=\"Valor de ferritina\" style=\"background:#ffffff;color:#003366;font-weight:700;text-align:left;vertical-align:top;padding:13px 16px;font-size:15px;line-height:1.55;border:0;border-bottom:1px solid #e3e8ef;overflow-wrap:break-word\">abaixo de 15 \u00b5g\/l<\/td>\n        <td data-label=\"O que pode significar\" style=\"background:#ffffff;color:#22303e;font-weight:400;text-align:left;vertical-align:top;padding:13px 16px;font-size:15px;line-height:1.55;border:0;border-bottom:1px solid #e3e8ef;overflow-wrap:break-word\">Com elevada especificidade, um d\u00e9fice de ferro, desde que a PCR n\u00e3o esteja alterada<\/td>\n        <td data-label=\"Procedimento m\u00e9dico habitual\" style=\"background:#ffffff;color:#22303e;font-weight:400;text-align:left;vertical-align:top;padding:13px 16px;font-size:15px;line-height:1.55;border:0;border-bottom:1px solid #e3e8ef;overflow-wrap:break-word\">Estudo do ferro mais aprofundado e procura da causa da perda<\/td>\n      <\/tr>\n      <tr>\n        <td data-label=\"Valor de ferritina\" style=\"background:#f6f9fc;color:#003366;font-weight:700;text-align:left;vertical-align:top;padding:13px 16px;font-size:15px;line-height:1.55;border:0;border-bottom:1px solid #e3e8ef;overflow-wrap:break-word\">15 a 30 \u00b5g\/l<\/td>\n        <td data-label=\"O que pode significar\" style=\"background:#f6f9fc;color:#22303e;font-weight:400;text-align:left;vertical-align:top;padding:13px 16px;font-size:15px;line-height:1.55;border:0;border-bottom:1px solid #e3e8ef;overflow-wrap:break-word\">Lim\u00edtrofe a baixo-normal; consoante o laborat\u00f3rio, formalmente ainda dentro do intervalo de refer\u00eancia<\/td>\n        <td data-label=\"Procedimento m\u00e9dico habitual\" style=\"background:#f6f9fc;color:#22303e;font-weight:400;text-align:left;vertical-align:top;padding:13px 16px;font-size:15px;line-height:1.55;border:0;border-bottom:1px solid #e3e8ef;overflow-wrap:break-word\">Interpreta\u00e7\u00e3o no conjunto do quadro; na discuss\u00e3o entre especialistas, este intervalo \u00e9 por vezes considerado insuficiente para o cabelo<\/td>\n      <\/tr>\n      <tr>\n        <td data-label=\"Valor de ferritina\" style=\"background:#ffffff;color:#003366;font-weight:700;text-align:left;vertical-align:top;padding:13px 16px;font-size:15px;line-height:1.55;border:0;border-bottom:1px solid #e3e8ef;overflow-wrap:break-word\">cerca de 30 a 70 \u00b5g\/l<\/td>\n        <td data-label=\"O que pode significar\" style=\"background:#ffffff;color:#22303e;font-weight:400;text-align:left;vertical-align:top;padding:13px 16px;font-size:15px;line-height:1.55;border:0;border-bottom:1px solid #e3e8ef;overflow-wrap:break-word\">Considerado normal pela maioria dos laborat\u00f3rios; alguns autores (Rushton 2002, Trost et al. 2006) discutem-no como sub\u00f3timo para o crescimento do cabelo<\/td>\n        <td data-label=\"Procedimento m\u00e9dico habitual\" style=\"background:#ffffff;color:#22303e;font-weight:400;text-align:left;vertical-align:top;padding:13px 16px;font-size:15px;line-height:1.55;border:0;border-bottom:1px solid #e3e8ef;overflow-wrap:break-word\">Vigil\u00e2ncia da evolu\u00e7\u00e3o, sem suplementa\u00e7\u00e3o generalizada sem d\u00e9fice comprovado<\/td>\n      <\/tr>\n      <tr>\n        <td data-label=\"Valor de ferritina\" style=\"background:#f6f9fc;color:#003366;font-weight:700;text-align:left;vertical-align:top;padding:13px 16px;font-size:15px;line-height:1.55;border:0;overflow-wrap:break-word\">acima de 70 \u00b5g\/l<\/td>\n        <td data-label=\"O que pode significar\" style=\"background:#f6f9fc;color:#22303e;font-weight:400;text-align:left;vertical-align:top;padding:13px 16px;font-size:15px;line-height:1.55;border:0;overflow-wrap:break-word\">Indicado por autores especializados em tricologia como intervalo-alvo favor\u00e1vel, sem confirma\u00e7\u00e3o consistente por estudos controlados (ver Olsen et al. 2010); pode tamb\u00e9m estar falsamente alto em caso de inflama\u00e7\u00e3o<\/td>\n        <td data-label=\"Procedimento m\u00e9dico habitual\" style=\"background:#f6f9fc;color:#22303e;font-weight:400;text-align:left;vertical-align:top;padding:13px 16px;font-size:15px;line-height:1.55;border:0;overflow-wrap:break-word\">Nenhuma decis\u00e3o apenas a partir do n\u00famero; avaliar em conjunto a PCR e o quadro cl\u00ednico<\/td>\n      <\/tr>\n    <\/tbody>\n  <\/table>\n<\/div>\n\n\n<div class=\"wp-block-image\">\n<figure class=\"aligncenter size-large is-resized\" style=\"max-width:560px;margin-left:auto;margin-right:auto\"><img decoding=\"async\" src=\"https:\/\/elithair.com\/pt\/wp-content\/uploads\/sites\/7\/2026\/08\/diagramm_ferritin_skala__pt.png\" alt=\"Escala dos intervalos de ferritina em microgramas por litro, com indica\u00e7\u00e3o dos valores-alvo discutidos para o cabelo\" class=\"wp-image-89949\" style=\"width:560px;max-width:100%;height:auto\"\/><\/figure>\n<\/div>\n\n\n<div style=\"border:1px solid #dbe4f0;border-radius:12px;padding:20px 22px;margin:0 0 26px;background:#f6f9fc\">\n<p style=\"margin:0 0 8px;color:#013366;font-weight:700;font-size:16px\">Enquadramento a partir da pr\u00e1tica<\/p>\n<p style=\"margin:0;color:#2e3033;line-height:1.65\">O erro mais frequente no aconselhamento n\u00e3o \u00e9 medir de menos. Surge quando um valor de ferritina no limite inferior do intervalo de refer\u00eancia \u00e9 dado como \u00abnormal\u00bb enquanto existe, ao mesmo tempo, um padr\u00e3o heredit\u00e1rio. A componente difusa fica ent\u00e3o por tratar, e a pessoa explica a queda persistente apenas com a gen\u00e9tica. Olhar para os dois em conjunto, valor e padr\u00e3o, costuma valer mais do que qualquer par\u00e2metro laboratorial adicional.<\/p>\n<\/div>\n\n\n\n<p class=\"wp-block-paragraph\">O que se conclui de um valor baixo pertence \u00e0 consulta m\u00e9dica e n\u00e3o a um tratamento por conta pr\u00f3pria. O artigo aprofundado sobre <a href=\"\/pt\/blog-sobre-implante-capilar\/deficiencia-de-ferro-queda-de-cabelo\/\">d\u00e9fice de ferro e queda de cabelo<\/a> explica os sintomas, os grupos de risco e a evolu\u00e7\u00e3o ap\u00f3s uma suplementa\u00e7\u00e3o, ou seja, depois da corre\u00e7\u00e3o dirigida de um d\u00e9fice comprovado.<\/p>\n\n\n\n<h2 class=\"wp-block-heading\">Hemograma completo na queda de cabelo: o que l\u00e1 est\u00e1 e o que falta<\/h2>\n\n\n\n<p class=\"wp-block-paragraph\">Um hemograma completo abrange o hemograma simples, ou seja, gl\u00f3bulos vermelhos e brancos, hemoglobina, hemat\u00f3crito, plaquetas e os \u00edndices eritrocit\u00e1rios, mais a f\u00f3rmula leucocit\u00e1ria, que discrimina os gl\u00f3bulos brancos. <strong>A ferritina, a TSH, a vitamina D (25-OH) e o zinco n\u00e3o est\u00e3o inclu\u00eddos em nenhum dos dois tipos de hemograma.<\/strong> Quem, perante uma queda de cabelo, manda fazer apenas um hemograma completo fica justamente sem medir os valores relevantes para o cabelo.<\/p>\n\n\n\n<style>\n@media (max-width:640px){\n.rt-table-wrap{overflow-x:visible!important;border:0!important;border-radius:0!important}\n.rt-table{min-width:0!important}\n.rt-table thead{display:none}\n.rt-table,.rt-table tbody,.rt-table tr,.rt-table td{display:block;width:100%}\n.rt-table caption{display:block;padding:0 0 12px!important}\n.rt-table tr{margin:0 0 12px;border:1px solid #dbe4f0;border-radius:10px;overflow:hidden}\n.rt-table tr:last-child{margin-bottom:0}\n.rt-table td{display:flex!important;flex-direction:column;gap:3px;padding:12px 14px!important;\nborder:0!important;border-bottom:1px solid #e3e8ef!important;background:#ffffff!important}\n.rt-table tr td:last-child{border-bottom:0!important}\n.rt-table td::before{content:attr(data-label);font-size:12px;font-weight:700;letter-spacing:.04em;\ntext-transform:uppercase;color:#5799F1}\n.rt-table td:not([data-label])::before,.rt-table td[data-label=\"\"]::before{display:none}\n}\n<\/style>\n<div class=\"rt-table-wrap\" style=\"overflow-x:auto;-webkit-overflow-scrolling:touch;margin:28px 0;border:1px solid #dbe4f0;border-radius:12px\">\n  <table class=\"rt-table\" style=\"width:100%;min-width:620px;table-layout:fixed;border-collapse:separate;border-spacing:0;font-size:15px;margin:0\">\n    <caption style=\"caption-side:top;text-align:left;color:#003366;font-weight:700;font-size:16px;line-height:1.35;padding:14px 16px 10px;background:#ffffff\">Hemograma simples e hemograma completo na queda de cabelo, lado a lado<\/caption>\n    <thead>\n      <tr>\n        <th style=\"width:22%;background:#003366;color:#ffffff;font-weight:700;text-align:left;vertical-align:middle;padding:13px 16px;font-size:15px;line-height:1.4;border:0;overflow-wrap:break-word\">An\u00e1lise<\/th>\n        <th style=\"background:#003366;color:#ffffff;font-weight:700;text-align:left;vertical-align:middle;padding:13px 16px;font-size:15px;line-height:1.4;border:0;overflow-wrap:break-word\">O que inclui<\/th>\n        <th style=\"background:#003366;color:#ffffff;font-weight:700;text-align:left;vertical-align:middle;padding:13px 16px;font-size:15px;line-height:1.4;border:0;overflow-wrap:break-word\">O que n\u00e3o inclui<\/th>\n      <\/tr>\n    <\/thead>\n    <tbody>\n      <tr>\n        <td data-label=\"An\u00e1lise\" style=\"background:#ffffff;color:#003366;font-weight:700;text-align:left;vertical-align:top;padding:13px 16px;font-size:15px;line-height:1.55;border:0;border-bottom:1px solid #e3e8ef;overflow-wrap:break-word\">Hemograma simples<\/td>\n        <td data-label=\"O que inclui\" style=\"background:#ffffff;color:#22303e;font-weight:400;text-align:left;vertical-align:top;padding:13px 16px;font-size:15px;line-height:1.55;border:0;border-bottom:1px solid #e3e8ef;overflow-wrap:break-word\">Eritr\u00f3citos, n\u00famero total de leuc\u00f3citos, plaquetas, hemoglobina, hemat\u00f3crito e os \u00edndices eritrocit\u00e1rios VGM, HGM e CHGM<\/td>\n        <td data-label=\"O que n\u00e3o inclui\" style=\"background:#ffffff;color:#22303e;font-weight:400;text-align:left;vertical-align:top;padding:13px 16px;font-size:15px;line-height:1.55;border:0;border-bottom:1px solid #e3e8ef;overflow-wrap:break-word\">Ferritina, PCR, TSH, vitamina D (25-OH), zinco, vitamina B12<\/td>\n      <\/tr>\n      <tr>\n        <td data-label=\"An\u00e1lise\" style=\"background:#f6f9fc;color:#003366;font-weight:700;text-align:left;vertical-align:top;padding:13px 16px;font-size:15px;line-height:1.55;border:0;overflow-wrap:break-word\">Hemograma completo<\/td>\n        <td data-label=\"O que inclui\" style=\"background:#f6f9fc;color:#22303e;font-weight:400;text-align:left;vertical-align:top;padding:13px 16px;font-size:15px;line-height:1.55;border:0;overflow-wrap:break-word\">Tudo o que consta do hemograma simples mais a f\u00f3rmula leucocit\u00e1ria, ou seja, a discrimina\u00e7\u00e3o dos gl\u00f3bulos brancos em neutr\u00f3filos, linf\u00f3citos, mon\u00f3citos, eosin\u00f3filos e bas\u00f3filos<\/td>\n        <td data-label=\"O que n\u00e3o inclui\" style=\"background:#f6f9fc;color:#22303e;font-weight:400;text-align:left;vertical-align:top;padding:13px 16px;font-size:15px;line-height:1.55;border:0;overflow-wrap:break-word\">A ferritina, a TSH, a vitamina D (25-OH), o zinco e todos os valores hormonais t\u00eam de ser pedidos separadamente<\/td>\n      <\/tr>\n    <\/tbody>\n  <\/table>\n<\/div>\n\n\n\n<p class=\"wp-block-paragraph\">Isto n\u00e3o \u00e9 um argumento contra o hemograma; ele faz apenas outra coisa. Deteta uma anemia, e o volume globular m\u00e9dio (VGM) d\u00e1 uma dire\u00e7\u00e3o: c\u00e9lulas pequenas apontam para um d\u00e9fice de ferro, c\u00e9lulas grandes para uma falta de vitamina B12 ou de \u00e1cido f\u00f3lico. Al\u00e9m disso, fornece ind\u00edcios de inflama\u00e7\u00e3o e de doen\u00e7as hematol\u00f3gicas, que obrigam a um estudo mais aprofundado.<\/p>\n\n\n\n<p class=\"wp-block-paragraph\">Daqui decorre a regra pr\u00e1tica para a consulta: n\u00e3o pe\u00e7a genericamente \u00abum hemograma completo\u00bb; descreva antes as suas queixas e nomeie os valores em causa. A ferritina, a TSH, a vitamina D (25-OH) e o zinco t\u00eam de ser pedidos individualmente, porque n\u00e3o s\u00e3o inclu\u00eddos automaticamente em nenhum dos dois tipos de hemograma.<\/p>\n\n\n<div class=\"wp-block-image\">\n<figure class=\"aligncenter size-large is-resized\" style=\"max-width:560px;margin-left:auto;margin-right:auto\"><img decoding=\"async\" src=\"https:\/\/elithair.com\/pt\/wp-content\/uploads\/sites\/7\/2026\/08\/illu_blutzellen.png\" alt=\"Ilustra\u00e7\u00e3o de gl\u00f3bulos vermelhos, gl\u00f3bulos brancos e plaquetas no interior de um vaso\" class=\"wp-image-89950\" style=\"width:560px;max-width:100%;height:auto\"\/><\/figure>\n<\/div>\n\n\n<h2 class=\"wp-block-heading\">Tiroide e queda de cabelo: a TSH e quando \u00e9 preciso mais do que a TSH<\/h2>\n\n\n\n<p class=\"wp-block-paragraph\"><strong>A TSH \u00e9 o valor de base do estudo da tiroide, e tanto o hipotiroidismo como o hipertiroidismo podem provocar queda difusa, porque as hormonas da tiroide T3 e T4 participam na regula\u00e7\u00e3o do ciclo capilar.<\/strong> A pr\u00f3pria TSH \u00e9 a hormona com que a hip\u00f3fise regula a tiroide. Se a TSH estiver alterada ou se a suspeita cl\u00ednica for forte, seguem-se a T3 livre, a T4 livre e os anticorpos anti-TPO.<\/p>\n\n\n\n<p class=\"wp-block-paragraph\">O intervalo de refer\u00eancia para adultos \u00e9 frequentemente resumido como cerca de 0,4 a 4,0 mUI\/l, situando-se o limite superior entre 3,5 e 5,0 mUI\/l consoante o laborat\u00f3rio. Uma parte da literatura discute um limiar de 2,5 mUI\/l para identificar uma fun\u00e7\u00e3o no limite inferior do normal. N\u00e3o \u00e9 uma fronteira diagn\u00f3stica r\u00edgida, e uma TSH lim\u00edtrofe sem outros sinais n\u00e3o \u00e9 um diagn\u00f3stico.<\/p>\n\n\n\n<p class=\"wp-block-paragraph\">Para a pr\u00e1tica dos cuidados de sa\u00fade prim\u00e1rios existe orienta\u00e7\u00e3o nacional sobre este ponto: a norma da Dire\u00e7\u00e3o-Geral da Sa\u00fade relativa \u00e0 prescri\u00e7\u00e3o de exames laboratoriais para avalia\u00e7\u00e3o e monitoriza\u00e7\u00e3o da fun\u00e7\u00e3o tiroideia. J\u00e1 a frequ\u00eancia do hipotiroidismo subcl\u00ednico, ou seja, latente, n\u00e3o pode ser quantificada com exatid\u00e3o; os estudos epidemiol\u00f3gicos transversais indicam valores muito diferentes, grosso modo entre 3 e 16 por cento, mais frequentes nas mulheres e em idades mais avan\u00e7adas.<\/p>\n\n\n\n<p class=\"wp-block-paragraph\">Os anticorpos anti-TPO indicam uma tiroidite autoimune do tipo Hashimoto, a causa mais frequente de hipotiroidismo. Aqui \u00e9 importante fazer uma distin\u00e7\u00e3o: a tiroidite de Hashimoto surge, como parte de um agrupamento de doen\u00e7as autoimunes, com maior frequ\u00eancia associada \u00e0 <a href=\"\/pt\/blog-sobre-implante-capilar\/alopecia-areata\/\">queda de cabelo em placas<\/a> , a alopecia areata. Esta \u00e9 uma queda localizada e n\u00e3o difusa, e para ela existem abordagens dermatol\u00f3gicas pr\u00f3prias; a Sociedade Portuguesa de Dermatologia e Venereologia disponibiliza informa\u00e7\u00e3o sobre este quadro.<\/p>\n\n\n\n<p class=\"wp-block-paragraph\">H\u00e1 um fator de interfer\u00eancia que afeta precisamente os valores em causa aqui: a biotina em dose alta, presente em suplementos para cabelo e unhas, falseia os testes laboratoriais imunol\u00f3gicos, entre eles os valores da tiroide. Mais sobre isso adiante, na sec\u00e7\u00e3o sobre a prepara\u00e7\u00e3o. O que se segue a um valor alterado \u00e9 explicado no artigo sobre <a href=\"\/pt\/blog-sobre-implante-capilar\/tireoide-queda-de-cabelo\/\">queda de cabelo e tiroide<\/a> .<\/p>\n\n\n\n<h2 class=\"wp-block-heading\">Vitamina D, zinco, B12 e \u00e1cido f\u00f3lico: os valores nutricionais no laborat\u00f3rio<\/h2>\n\n\n\n<p class=\"wp-block-paragraph\"><strong>Os valores nutricionais relevantes para o cabelo chamam-se, no laborat\u00f3rio, vitamina D (25-OH), zinco, vitamina B12 ou holotranscobalamina e \u00e1cido f\u00f3lico.<\/strong> \u00c9 o nome correto do par\u00e2metro que decide o valor informativo do resultado. O que se mede \u00e9 a 25-OH-vitamina D, n\u00e3o a \u00abvitamina D3\u00bb. Na vitamina B12, a holotranscobalamina, ou seja, a fra\u00e7\u00e3o ligada \u00e0 transcobalamina e por isso dispon\u00edvel para as c\u00e9lulas, \u00e9 mais informativa do que a B12 total. O zinco \u00e9 doseado no soro ou no sangue total e oscila ao longo do dia.<\/p>\n\n\n\n<p class=\"wp-block-paragraph\">Para a vitamina D vale a classifica\u00e7\u00e3o do Institute of Medicine, usada internacionalmente: a partir de 20 ng\/ml (50 nmol\/l) suficiente, 12 a 20 ng\/ml (30 a 50 nmol\/l) sub\u00f3timo, abaixo de 12 ng\/ml (30 nmol\/l) d\u00e9fice. Nos meses de inverno e com pouca exposi\u00e7\u00e3o solar, os valores descem de forma marcada, pelo que a altura do ano em que a colheita \u00e9 feita influencia o resultado.<\/p>\n\n\n\n<p class=\"wp-block-paragraph\">O zinco situa-se no soro, consoante o m\u00e9todo, entre cerca de 9 e 21 \u00b5mol\/l ou 75 e 140 \u00b5g\/dl. Como o valor oscila ao longo do dia e desce com a inflama\u00e7\u00e3o, uma medi\u00e7\u00e3o isolada deve ser lida com prud\u00eancia. O \u00e1cido f\u00f3lico e a vitamina B12 pertencem ao painel alargado, sobretudo quando o hemograma mostra eritr\u00f3citos grandes.<\/p>\n\n\n\n<p class=\"wp-block-paragraph\">E a evid\u00eancia? Vista com honestidade, \u00e9 heterog\u00e9nea. Uma revis\u00e3o de Almohanna, Ahmed, Tsatalis e Tosti sobre o papel das vitaminas e dos minerais na queda de cabelo, publicada em 2019 na Dermatology and Therapy, descreve os pr\u00f3prios dados como extensos e em parte contradit\u00f3rios. Na pr\u00e1tica, isto significa: um d\u00e9fice comprovado \u00e9 corrigido de forma dirigida pela pr\u00e1tica m\u00e9dica, mas uma toma preventiva sem d\u00e9fice n\u00e3o encontra fundamento nesta base de dados.<\/p>\n\n\n\n<p class=\"wp-block-paragraph\">Quando se toma em excesso, surgem riscos pr\u00f3prios. Vitamina A ou sel\u00e9nio em excesso podem provocar queda de cabelo, e zinco em dose alta durante muito tempo, sem compensa\u00e7\u00e3o de cobre, pode levar a um d\u00e9fice de cobre. Que nutrientes t\u00eam, afinal, algum papel no cabelo \u00e9 explicado no artigo sobre <a href=\"\/pt\/blog-sobre-implante-capilar\/vitaminas-queda-de-cabelo\/\">vitaminas contra a queda de cabelo<\/a> .<\/p>\n\n\n\n<h2 class=\"wp-block-heading\">An\u00e1lises ao sangue na queda de cabelo nas mulheres: estudo hormonal, ciclo e p\u00edlula<\/h2>\n\n\n\n<p class=\"wp-block-paragraph\"><strong>Nas mulheres, as an\u00e1lises ao sangue na queda de cabelo incluem os mesmos seis valores de base que nos homens: hemograma, ferritina, PCR, TSH, vitamina D (25-OH) e zinco.<\/strong> Valores hormonais adicionais s\u00e3o uma decis\u00e3o m\u00e9dica e s\u00e3o pedidos quando surgem sinais como altera\u00e7\u00f5es do ciclo, aumento dos pelos na face, acne ou dificuldade em engravidar. Nesse caso, entram em considera\u00e7\u00e3o a testosterona, a SHBG, o DHEA-S e a prolactina, orientando-se a escolha pelo quadro cl\u00ednico.<\/p>\n\n\n\n<p class=\"wp-block-paragraph\">Nestes valores, o decisivo \u00e9 menos a lista e mais o momento. Os androg\u00e9nios e as gonadotrofinas oscilam ao longo do ciclo, e a testosterona segue ainda um ritmo di\u00e1rio, com um m\u00e1ximo por volta das 8 horas da manh\u00e3. Por isso, os m\u00e9dicos marcam habitualmente a colheita para a fase folicular inicial, por volta do 2.\u00ba ao 5.\u00ba dia do ciclo, e para as primeiras horas da manh\u00e3. \u00c9 assim que os valores se tornam sequer compar\u00e1veis.<\/p>\n\n\n\n<p class=\"wp-block-paragraph\">A p\u00edlula \u00e9 aqui um verdadeiro fator de interfer\u00eancia. O etinilestradiol aumenta a produ\u00e7\u00e3o de SHBG no f\u00edgado e, como s\u00f3 a testosterona livre, n\u00e3o ligada \u00e0 SHBG, \u00e9 biologicamente ativa, os valores de androg\u00e9nios sob contrace\u00e7\u00e3o hormonal s\u00f3 podem ser avaliados de forma limitada. A literatura recomenda que se dose tamb\u00e9m a SHBG e se calcule o \u00edndice de androg\u00e9nios livres, em vez de olhar apenas para a testosterona total.<\/p>\n\n\n\n<p class=\"wp-block-paragraph\">Daqui n\u00e3o decorre, e isso conv\u00e9m diz\u00ea-lo com clareza, que se deva suspender a p\u00edlula por iniciativa pr\u00f3pria antes de uma an\u00e1lise. Se e quando se faz uma pausa \u00e9 decis\u00e3o do m\u00e9dico assistente, at\u00e9 porque a suspens\u00e3o pode, ela pr\u00f3pria, desencadear uma queda difusa tempor\u00e1ria. Este fen\u00f3meno \u00e9 conhecido como efl\u00favio p\u00f3s-p\u00edlula, e n\u00e3o existem n\u00fameros fi\u00e1veis sobre a sua frequ\u00eancia.<\/p>\n\n\n\n<p class=\"wp-block-paragraph\">As diferentes fases da vida alteram o peso de cada fator. Depois de um parto, o efl\u00favio p\u00f3s-parto est\u00e1 em primeiro plano, e aqui vale a pena olhar para a ferritina, dada a perda de sangue do parto. Na <a href=\"\/pt\/blog-sobre-implante-capilar\/queda-de-cabelo-menopausa\/\">menopausa<\/a> , sobrep\u00f5em-se a altera\u00e7\u00e3o hormonal e o estado do ferro. A rela\u00e7\u00e3o mais ampla entre <a href=\"\/pt\/blog-sobre-implante-capilar\/hormonas-queda-de-cabelo\/\">hormonas e cabelo<\/a> \u00e9 explicada num artigo pr\u00f3prio.<\/p>\n\n\n\n<p class=\"wp-block-paragraph\">Um ponto para terminar esta sec\u00e7\u00e3o: uma suspeita de s\u00edndrome do ov\u00e1rio poliqu\u00edstico n\u00e3o se esclarece com um pacote hormonal encomendado online. Para isso s\u00e3o precisas a hist\u00f3ria cl\u00ednica, a ecografia e a leitura m\u00e9dica do conjunto dos valores, habitualmente na consulta de ginecologia. Um valor laboratorial isolado e elevado, sem este contexto, induz mais em erro do que ajuda.<\/p>\n\n\n\n<h2 class=\"wp-block-heading\">Como fazer: o caminho at\u00e9 uma an\u00e1lise ao sangue com sentido<\/h2>\n\n\n\n<p class=\"wp-block-paragraph\">A colheita pode ser feita tanto na consulta de medicina geral e familiar como na de dermatologia; para os valores de base, o m\u00e9dico de fam\u00edlia costuma ser o caminho mais r\u00e1pido. Para os valores relevantes para o cabelo n\u00e3o precisa de estar em jejum; o jejum \u00e9 sobretudo necess\u00e1rio para a glicemia e para as gorduras no sangue. O que \u00e9 decisivo \u00e9 que descreva as suas queixas e nomeie expressamente os valores pretendidos.<\/p>\n\n\n\n<h3 class=\"wp-block-heading\">Fator de interfer\u00eancia biotina: fazer uma pausa nos suplementos capilares antes da an\u00e1lise<\/h3>\n\n\n\n<p class=\"wp-block-paragraph\"><strong>A biotina em dose alta, presente em suplementos para cabelo e unhas, falseia os testes laboratoriais imunol\u00f3gicos e, com isso, precisamente os valores da tiroide que se medem na queda de cabelo.<\/strong> A ag\u00eancia norte-americana do medicamento, a FDA, publicou sobre este ponto um alerta de seguran\u00e7a a 28 de novembro de 2017, atualizado em novembro de 2019: est\u00e3o em causa, entre outros, os valores da tiroide e a troponina, marcador do enfarte do mioc\u00e1rdio; foi comunicado um caso de morte associado a uma dessas interfer\u00eancias.<\/p>\n\n\n\n<p class=\"wp-block-paragraph\">Com quanto tempo de anteced\u00eancia? Isso depende da dose. Fontes laboratoriais consideram in\u00f3cuos os multivitam\u00ednicos pouco doseados, com 30 a 60 \u00b5g de biotina por dia; para as doses de 5 a 10 mg por dia habituais nos produtos capilares recomendam um intervalo de pelo menos oito horas e, para doses terap\u00eauticas acima de 10 mg, de pelo menos tr\u00eas dias.<\/p>\n\n\n\n<div style=\"border-left:4px solid #0079F1;background:#f6f9fc;border-radius:0 10px 10px 0;padding:16px 20px;margin:0 0 26px\">\n<p style=\"margin:0 0 6px;color:#013366;font-weight:700;font-size:16px\">O essencial sobre a pausa na biotina<\/p>\n<p style=\"margin:0;color:#2e3033;line-height:1.65\">Suspenda os suplementos capilares e os produtos com biotina ou as prepara\u00e7\u00f5es combinadas v\u00e1rios dias antes da colheita e informe ativamente na consulta que os tomava, incluindo a \u00faltima dose. N\u00e3o custa nada e evita um resultado de TSH falseado, que de outra forma leva a uma avalia\u00e7\u00e3o errada ou a uma repeti\u00e7\u00e3o desnecess\u00e1ria. Se e durante quanto tempo se faz a pausa em produtos prescritos, esclare\u00e7a-o previamente com o seu m\u00e9dico.<\/p>\n<\/div>\n\n\n<div class=\"wp-block-image\">\n<figure class=\"aligncenter size-large is-resized\" style=\"max-width:720px;margin-left:auto;margin-right:auto\"><img decoding=\"async\" src=\"https:\/\/elithair.com\/pt\/wp-content\/uploads\/sites\/7\/2026\/08\/foto_arztgespraech.png\" alt=\"M\u00e9dica explica o resultado das an\u00e1lises a um doente na secret\u00e1ria do consult\u00f3rio\" class=\"wp-image-89951\" style=\"width:720px;max-width:100%;height:auto\"\/><\/figure>\n<\/div>\n\n\n<div style=\"border:1px solid #dbe4f0;border-radius:12px;padding:22px;margin:0 0 26px\">\n<p style=\"margin:0 0 6px;color:#013366;font-weight:700;font-size:18px\">Como chegar preparado \u00e0 consulta<\/p>\n<p style=\"margin:0 0 16px;color:#2e3033\">Esta lista \u00e9 um apoio \u00e0 prepara\u00e7\u00e3o, n\u00e3o uma lista de encomendas. Que valores s\u00e3o doseados \u00e9 decidido pelo m\u00e9dico, e descrever bem as suas queixas ajuda mais do que exigir an\u00e1lises.<\/p>\n<p style=\"margin:0 0 6px;color:#013366;font-weight:700\">1. A minha situa\u00e7\u00e3o em tr\u00eas linhas<\/p>\n<ul style=\"margin:0 0 16px;padding:0;color:#2e3033;list-style:none\">\n<li style=\"position:relative;padding:3px 0 3px 24px\"><span style=\"position:absolute;left:0;top:3px;color:#0079F1;font-weight:700\">&#10003;<\/span>Desde quando cai mais cabelo e como come\u00e7ou<\/li>\n<li style=\"position:relative;padding:3px 0 3px 24px\"><span style=\"position:absolute;left:0;top:3px;color:#0079F1;font-weight:700\">&#10003;<\/span>De forma difusa em toda a cabe\u00e7a ou como padr\u00e3o nas entradas, nas t\u00eamporas e no topo da cabe\u00e7a<\/li>\n<li style=\"position:relative;padding:3px 0 3px 24px\"><span style=\"position:absolute;left:0;top:3px;color:#0079F1;font-weight:700\">&#10003;<\/span>Sintomas acompanhantes e acontecimentos dos \u00faltimos quatro meses (infe\u00e7\u00e3o, cirurgia, dieta, parto, medicamento novo)<\/li>\n<\/ul>\n<p style=\"margin:0 0 6px;color:#013366;font-weight:700\">2. Valores que fazem frequentemente parte da avalia\u00e7\u00e3o de base numa queda difusa<\/p>\n<ul style=\"margin:0 0 16px;padding:0;color:#2e3033;list-style:none\">\n<li style=\"position:relative;padding:3px 0 3px 24px\"><span style=\"position:absolute;left:0;top:3px;color:#0079F1;font-weight:700\">&#10003;<\/span>Hemograma com f\u00f3rmula leucocit\u00e1ria<\/li>\n<li style=\"position:relative;padding:3px 0 3px 24px\"><span style=\"position:absolute;left:0;top:3px;color:#0079F1;font-weight:700\">&#10003;<\/span>Ferritina<\/li>\n<li style=\"position:relative;padding:3px 0 3px 24px\"><span style=\"position:absolute;left:0;top:3px;color:#0079F1;font-weight:700\">&#10003;<\/span>PCR<\/li>\n<li style=\"position:relative;padding:3px 0 3px 24px\"><span style=\"position:absolute;left:0;top:3px;color:#0079F1;font-weight:700\">&#10003;<\/span>TSH<\/li>\n<li style=\"position:relative;padding:3px 0 3px 24px\"><span style=\"position:absolute;left:0;top:3px;color:#0079F1;font-weight:700\">&#10003;<\/span>Vitamina D (25-OH)<\/li>\n<li style=\"position:relative;padding:3px 0 3px 24px\"><span style=\"position:absolute;left:0;top:3px;color:#0079F1;font-weight:700\">&#10003;<\/span>Zinco<\/li>\n<\/ul>\n<p style=\"margin:0 0 6px;color:#013366;font-weight:700\">3. Apenas ap\u00f3s avalia\u00e7\u00e3o m\u00e9dica<\/p>\n<ul style=\"margin:0 0 16px;padding:0;color:#2e3033;list-style:none\">\n<li style=\"position:relative;padding:3px 0 3px 24px\"><span style=\"position:absolute;left:0;top:3px;color:#0079F1;font-weight:700\">&#10003;<\/span>Valores alargados, como T3 livre, T4 livre, anticorpos anti-TPO, B12, \u00e1cido f\u00f3lico, \u00edndice de satura\u00e7\u00e3o da transferrina<\/li>\n<li style=\"position:relative;padding:3px 0 3px 24px\"><span style=\"position:absolute;left:0;top:3px;color:#0079F1;font-weight:700\">&#10003;<\/span>Valores hormonais, como testosterona, SHBG, DHEA-S ou prolactina; nas mulheres, com a colheita marcada em fun\u00e7\u00e3o do ciclo<\/li>\n<\/ul>\n<p style=\"margin:0 0 6px;color:#013366;font-weight:700\">4. Prepara\u00e7\u00e3o<\/p>\n<ul style=\"margin:0 0 16px;padding:0;color:#2e3033;list-style:none\">\n<li style=\"position:relative;padding:3px 0 3px 24px\"><span style=\"position:absolute;left:0;top:3px;color:#0079F1;font-weight:700\">&#10003;<\/span>Suspender os suplementos capilares e com biotina v\u00e1rios dias antes e indicar na consulta que os tomava<\/li>\n<li style=\"position:relative;padding:3px 0 3px 24px\"><span style=\"position:absolute;left:0;top:3px;color:#0079F1;font-weight:700\">&#10003;<\/span>N\u00e3o fazer a colheita durante uma infe\u00e7\u00e3o aguda, caso contr\u00e1rio a PCR e a ferritina ficam alteradas<\/li>\n<li style=\"position:relative;padding:3px 0 3px 24px\"><span style=\"position:absolute;left:0;top:3px;color:#0079F1;font-weight:700\">&#10003;<\/span>Estando previstos valores hormonais, combinar o dia do ciclo com a consulta<\/li>\n<li style=\"position:relative;padding:3px 0 3px 24px\"><span style=\"position:absolute;left:0;top:3px;color:#0079F1;font-weight:700\">&#10003;<\/span>Levar a lista de todos os medicamentos e suplementos alimentares e n\u00e3o suspender a p\u00edlula por iniciativa pr\u00f3pria<\/li>\n<li style=\"position:relative;padding:3px 0 3px 24px\"><span style=\"position:absolute;left:0;top:3px;color:#0079F1;font-weight:700\">&#10003;<\/span>Em jejum apenas se a consulta o indicar expressamente (por exemplo, para a glicemia ou as gorduras no sangue)<\/li>\n<\/ul>\n<div style=\"border-left:4px solid #0079F1;padding:2px 0 2px 14px;color:#2e3033\">\n<p style=\"margin:0 0 4px;color:#013366;font-weight:700\">Sugest\u00e3o de frase para come\u00e7ar<\/p>\n<p style=\"margin:0;font-style:italic\">\u00abH\u00e1 cerca de quatro meses que me cai bastante mais cabelo, de forma uniforme em toda a cabe\u00e7a. Gostava de perceber se h\u00e1 alguma causa por tr\u00e1s que se possa tratar, por exemplo o ferro ou a tiroide.\u00bb<\/p>\n<\/div>\n<\/div>\n\n\n\n<p class=\"wp-block-paragraph\">Os autotestes e os laborat\u00f3rios online s\u00e3o tecnicamente uma op\u00e7\u00e3o e, para algumas pessoas, o ponto de partida. Sem enquadramento m\u00e9dico, por\u00e9m, um valor continua a ser um n\u00famero sem consequ\u00eancia, e fatores de interfer\u00eancia t\u00edpicos, como uma PCR elevada ou a toma de biotina, ficam muitas vezes esquecidos. Quem escolher este caminho deve depois discutir o resultado com um m\u00e9dico.<\/p>\n\n\n\n<h3 class=\"wp-block-heading\">Quem me explica os resultados, o m\u00e9dico de fam\u00edlia ou o dermatologista?<\/h3>\n\n\n\n<p class=\"wp-block-paragraph\">O resultado \u00e9 explicado por quem o pediu. O enquadramento espec\u00edfico do cabelo, ou seja, a liga\u00e7\u00e3o entre o valor laboratorial e o quadro capilar, \u00e9 feito em regra na consulta de dermatologia, porque a\u00ed se observam tamb\u00e9m o couro cabeludo e o padr\u00e3o. Os dois complementam-se, e nenhum dos caminhos \u00e9 o errado.<\/p>\n\n\n\n<p class=\"wp-block-paragraph\">Uma nota pr\u00e1tica: leve uma c\u00f3pia do resultado das an\u00e1lises \u00e0 consulta seguinte. Isso evita que os mesmos valores sejam doseados duas vezes em pouco tempo e torna vis\u00edvel a evolu\u00e7\u00e3o. Quem tem que papel nesta avalia\u00e7\u00e3o \u00e9 explicado no artigo <a href=\"\/pt\/blog-sobre-implante-capilar\/queda-de-cabelo-que-medico\/\">queda de cabelo: que m\u00e9dico consultar<\/a>.<\/p>\n\n\n<div class=\"wp-block-image\">\n<figure class=\"aligncenter size-large is-resized\" style=\"max-width:720px;margin-left:auto;margin-right:auto\"><img decoding=\"async\" src=\"https:\/\/elithair.com\/pt\/wp-content\/uploads\/sites\/7\/2026\/08\/foto_vorbereitung_flatlay.png\" alt=\"Prepara\u00e7\u00e3o para a colheita de sangue: bloco de notas, caneta e lista de medicamentos em cima da secret\u00e1ria\" class=\"wp-image-89952\" style=\"width:720px;max-width:100%;height:auto\"\/><\/figure>\n<\/div>\n\n\n<h2 class=\"wp-block-heading\">As an\u00e1lises ao sangue por queda de cabelo s\u00e3o comparticipadas?<\/h2>\n\n\n\n<p class=\"wp-block-paragraph\"><strong>Havendo um motivo m\u00e9dico, o estudo anal\u00edtico de base \u00e9 habitualmente pedido no \u00e2mbito do acompanhamento cl\u00ednico; o que decide \u00e9 a indica\u00e7\u00e3o e n\u00e3o cada valor isolado.<\/strong> O exame tem, portanto, de ter um motivo, que resulta das queixas e da observa\u00e7\u00e3o. As an\u00e1lises pedidas apenas por vontade do pr\u00f3prio, sem indica\u00e7\u00e3o cl\u00ednica, s\u00e3o normalmente pagas pelo utente.<\/p>\n\n\n\n<p class=\"wp-block-paragraph\">Onde passa exatamente essa fronteira n\u00e3o \u00e9 uma lista fixa, mas uma quest\u00e3o de indica\u00e7\u00e3o. Na pr\u00e1tica, o hemograma, a ferritina e a TSH s\u00e3o pedidos perante uma queda difusa fundamentada. Pain\u00e9is extensos de vitaminas ou de hormonas sem suspeita cl\u00ednica concreta s\u00e3o frequentemente pagos pelo pr\u00f3prio; h\u00e1 mesmo \u00abperfis de an\u00e1lises para a queda de cabelo\u00bb comercializados diretamente ao consumidor.<\/p>\n\n\n\n<p class=\"wp-block-paragraph\">Por isso compensa come\u00e7ar a conversa pelo motivo e n\u00e3o por uma lista de encomendas: desde quando, com que intensidade, difusa ou em padr\u00e3o, que sintomas acompanhantes, que acontecimentos nos \u00faltimos quatro meses. \u00c9 exatamente isso que fundamenta o pedido. Pre\u00e7os concretos n\u00e3o indicamos aqui de prop\u00f3sito, porque n\u00e3o existe uma fonte fi\u00e1vel e atual para cada caso.<\/p>\n\n\n\n<p class=\"wp-block-paragraph\">H\u00e1 um segundo ponto que \u00e9 muitas vezes procurado: o tratamento da queda heredit\u00e1ria n\u00e3o costuma ser comparticipado. Na generalidade dos sistemas de sa\u00fade, os medicamentos cuja finalidade principal \u00e9 melhorar a qualidade de vida s\u00e3o classificados como est\u00e9ticos e ficam fora da comparticipa\u00e7\u00e3o; \u00e9 o caso da finasterida, do minoxidil e do alfatradiol, indicados para melhorar o crescimento do cabelo. Quem tem seguro de sa\u00fade deve confirmar o \u00e2mbito da cobertura junto da seguradora.<\/p>\n\n\n\n<h2 class=\"wp-block-heading\">Ler bem as an\u00e1lises: intervalo de refer\u00eancia n\u00e3o \u00e9 intervalo \u00f3timo<\/h2>\n\n\n\n<p class=\"wp-block-paragraph\">Um intervalo de refer\u00eancia descreve os valores que ocorrem nos 95 por cento centrais de uma popula\u00e7\u00e3o de compara\u00e7\u00e3o saud\u00e1vel. \u00c9 uma amplitude estat\u00edstica, n\u00e3o um valor-alvo individual. Por isso, um valor pode estar \u00abdentro da norma\u00bb e ainda assim ser demasiado baixo para o seu cabelo, sobretudo no limite inferior do intervalo da ferritina. \u00c9 isto que explica grande parte da confus\u00e3o entre a consulta m\u00e9dica e a pesquisa na internet.<\/p>\n\n\n\n<p class=\"wp-block-paragraph\">Em segundo lugar, os intervalos de refer\u00eancia dependem do m\u00e9todo e do laborat\u00f3rio. N\u00e3o existe um \u00fanico intervalo universal, nem para a vitamina D, nem para o zinco, nem para a TSH. As compara\u00e7\u00f5es entre dois laborat\u00f3rios ou com n\u00fameros da internet correm por isso mal com frequ\u00eancia. Fi\u00e1vel \u00e9 o intervalo que est\u00e1 no seu pr\u00f3prio resultado, ao lado do valor.<\/p>\n\n\n\n<p class=\"wp-block-paragraph\">Em terceiro lugar, um valor isolado \u00e9 uma fotografia de um momento. Uma evolu\u00e7\u00e3o ao longo de meses diz mais do que uma medi\u00e7\u00e3o \u00fanica, sobretudo na ferritina e na TSH.<\/p>\n\n\n\n<h3 class=\"wp-block-heading\" id=\"befund-uebersetzer\">Tradutor de an\u00e1lises: as siglas do resultado laboratorial<\/h3>\n\n\n\n<p class=\"wp-block-paragraph\">A tabela seguinte traduz as siglas mais comuns do seu resultado laboratorial, da Hb ao VGM e ao anti-TPO, e diz, para cada uma, que rela\u00e7\u00e3o tem com o cabelo. \u00c9 um dicion\u00e1rio e n\u00e3o uma interpreta\u00e7\u00e3o de resultados: o que um valor concreto significa no seu caso pertence \u00e0 consulta m\u00e9dica.<\/p>\n\n\n\n<style>\n@media (max-width:640px){\n.rt-table-wrap{overflow-x:visible!important;border:0!important;border-radius:0!important}\n.rt-table{min-width:0!important}\n.rt-table thead{display:none}\n.rt-table,.rt-table tbody,.rt-table tr,.rt-table td{display:block;width:100%}\n.rt-table caption{display:block;padding:0 0 12px!important}\n.rt-table tr{margin:0 0 12px;border:1px solid #dbe4f0;border-radius:10px;overflow:hidden}\n.rt-table tr:last-child{margin-bottom:0}\n.rt-table td{display:flex!important;flex-direction:column;gap:3px;padding:12px 14px!important;\nborder:0!important;border-bottom:1px solid #e3e8ef!important;background:#ffffff!important}\n.rt-table tr td:last-child{border-bottom:0!important}\n.rt-table td::before{content:attr(data-label);font-size:12px;font-weight:700;letter-spacing:.04em;\ntext-transform:uppercase;color:#5799F1}\n.rt-table td:not([data-label])::before,.rt-table td[data-label=\"\"]::before{display:none}\n}\n<\/style>\n<div class=\"rt-table-wrap\" style=\"overflow-x:auto;-webkit-overflow-scrolling:touch;margin:28px 0;border:1px solid #dbe4f0;border-radius:12px\">\n  <table class=\"rt-table\" style=\"width:100%;min-width:620px;table-layout:fixed;border-collapse:separate;border-spacing:0;font-size:15px;margin:0\">\n    <caption style=\"caption-side:top;text-align:left;color:#003366;font-weight:700;font-size:16px;line-height:1.35;padding:14px 16px 10px;background:#ffffff\">Dicion\u00e1rio do resultado laboratorial: sigla, significado e rela\u00e7\u00e3o com o cabelo<\/caption>\n    <thead>\n      <tr>\n        <th style=\"width:22%;background:#003366;color:#ffffff;font-weight:700;text-align:left;vertical-align:middle;padding:13px 16px;font-size:15px;line-height:1.4;border:0;overflow-wrap:break-word\">Como aparece no resultado<\/th>\n        <th style=\"background:#003366;color:#ffffff;font-weight:700;text-align:left;vertical-align:middle;padding:13px 16px;font-size:15px;line-height:1.4;border:0;overflow-wrap:break-word\">O que \u00e9<\/th>\n        <th style=\"background:#003366;color:#ffffff;font-weight:700;text-align:left;vertical-align:middle;padding:13px 16px;font-size:15px;line-height:1.4;border:0;overflow-wrap:break-word\">Que rela\u00e7\u00e3o tem com o cabelo<\/th>\n      <\/tr>\n    <\/thead>\n    <tbody>\n      <tr>\n        <td data-label=\"Como aparece no resultado\" style=\"background:#ffffff;color:#003366;font-weight:700;text-align:left;vertical-align:top;padding:13px 16px;font-size:15px;line-height:1.55;border:0;border-bottom:1px solid #e3e8ef;overflow-wrap:break-word\">Hb (hemoglobina)<\/td>\n        <td data-label=\"O que \u00e9\" style=\"background:#ffffff;color:#22303e;font-weight:400;text-align:left;vertical-align:top;padding:13px 16px;font-size:15px;line-height:1.55;border:0;border-bottom:1px solid #e3e8ef;overflow-wrap:break-word\">Pigmento vermelho do sangue, transporta o oxig\u00e9nio<\/td>\n        <td data-label=\"Que rela\u00e7\u00e3o tem com o cabelo\" style=\"background:#ffffff;color:#22303e;font-weight:400;text-align:left;vertical-align:top;padding:13px 16px;font-size:15px;line-height:1.55;border:0;border-bottom:1px solid #e3e8ef;overflow-wrap:break-word\">Uma Hb normal n\u00e3o exclui um d\u00e9fice de ferro<\/td>\n      <\/tr>\n      <tr>\n        <td data-label=\"Como aparece no resultado\" style=\"background:#f6f9fc;color:#003366;font-weight:700;text-align:left;vertical-align:top;padding:13px 16px;font-size:15px;line-height:1.55;border:0;border-bottom:1px solid #e3e8ef;overflow-wrap:break-word\">Hto (hemat\u00f3crito)<\/td>\n        <td data-label=\"O que \u00e9\" style=\"background:#f6f9fc;color:#22303e;font-weight:400;text-align:left;vertical-align:top;padding:13px 16px;font-size:15px;line-height:1.55;border:0;border-bottom:1px solid #e3e8ef;overflow-wrap:break-word\">Propor\u00e7\u00e3o de c\u00e9lulas no volume total de sangue<\/td>\n        <td data-label=\"Que rela\u00e7\u00e3o tem com o cabelo\" style=\"background:#f6f9fc;color:#22303e;font-weight:400;text-align:left;vertical-align:top;padding:13px 16px;font-size:15px;line-height:1.55;border:0;border-bottom:1px solid #e3e8ef;overflow-wrap:break-word\">Complementa a avalia\u00e7\u00e3o de uma anemia<\/td>\n      <\/tr>\n      <tr>\n        <td data-label=\"Como aparece no resultado\" style=\"background:#ffffff;color:#003366;font-weight:700;text-align:left;vertical-align:top;padding:13px 16px;font-size:15px;line-height:1.55;border:0;border-bottom:1px solid #e3e8ef;overflow-wrap:break-word\">VGM (volume globular m\u00e9dio)<\/td>\n        <td data-label=\"O que \u00e9\" style=\"background:#ffffff;color:#22303e;font-weight:400;text-align:left;vertical-align:top;padding:13px 16px;font-size:15px;line-height:1.55;border:0;border-bottom:1px solid #e3e8ef;overflow-wrap:break-word\">Volume m\u00e9dio dos gl\u00f3bulos vermelhos<\/td>\n        <td data-label=\"Que rela\u00e7\u00e3o tem com o cabelo\" style=\"background:#ffffff;color:#22303e;font-weight:400;text-align:left;vertical-align:top;padding:13px 16px;font-size:15px;line-height:1.55;border:0;border-bottom:1px solid #e3e8ef;overflow-wrap:break-word\">C\u00e9lulas pequenas podem indicar d\u00e9fice de ferro; c\u00e9lulas grandes, falta de B12 ou de \u00e1cido f\u00f3lico<\/td>\n      <\/tr>\n      <tr>\n        <td data-label=\"Como aparece no resultado\" style=\"background:#f6f9fc;color:#003366;font-weight:700;text-align:left;vertical-align:top;padding:13px 16px;font-size:15px;line-height:1.55;border:0;border-bottom:1px solid #e3e8ef;overflow-wrap:break-word\">Eritr\u00f3citos<\/td>\n        <td data-label=\"O que \u00e9\" style=\"background:#f6f9fc;color:#22303e;font-weight:400;text-align:left;vertical-align:top;padding:13px 16px;font-size:15px;line-height:1.55;border:0;border-bottom:1px solid #e3e8ef;overflow-wrap:break-word\">Gl\u00f3bulos vermelhos<\/td>\n        <td data-label=\"Que rela\u00e7\u00e3o tem com o cabelo\" style=\"background:#f6f9fc;color:#22303e;font-weight:400;text-align:left;vertical-align:top;padding:13px 16px;font-size:15px;line-height:1.55;border:0;border-bottom:1px solid #e3e8ef;overflow-wrap:break-word\">Fazem parte da avalia\u00e7\u00e3o de uma anemia<\/td>\n      <\/tr>\n      <tr>\n        <td data-label=\"Como aparece no resultado\" style=\"background:#ffffff;color:#003366;font-weight:700;text-align:left;vertical-align:top;padding:13px 16px;font-size:15px;line-height:1.55;border:0;border-bottom:1px solid #e3e8ef;overflow-wrap:break-word\">Leuc\u00f3citos<\/td>\n        <td data-label=\"O que \u00e9\" style=\"background:#ffffff;color:#22303e;font-weight:400;text-align:left;vertical-align:top;padding:13px 16px;font-size:15px;line-height:1.55;border:0;border-bottom:1px solid #e3e8ef;overflow-wrap:break-word\">Gl\u00f3bulos brancos<\/td>\n        <td data-label=\"Que rela\u00e7\u00e3o tem com o cabelo\" style=\"background:#ffffff;color:#22303e;font-weight:400;text-align:left;vertical-align:top;padding:13px 16px;font-size:15px;line-height:1.55;border:0;border-bottom:1px solid #e3e8ef;overflow-wrap:break-word\">Podem indicar uma inflama\u00e7\u00e3o, que altera a ferritina<\/td>\n      <\/tr>\n      <tr>\n        <td data-label=\"Como aparece no resultado\" style=\"background:#f6f9fc;color:#003366;font-weight:700;text-align:left;vertical-align:top;padding:13px 16px;font-size:15px;line-height:1.55;border:0;border-bottom:1px solid #e3e8ef;overflow-wrap:break-word\">Plaquetas<\/td>\n        <td data-label=\"O que \u00e9\" style=\"background:#f6f9fc;color:#22303e;font-weight:400;text-align:left;vertical-align:top;padding:13px 16px;font-size:15px;line-height:1.55;border:0;border-bottom:1px solid #e3e8ef;overflow-wrap:break-word\">Elementos do sangue respons\u00e1veis pela coagula\u00e7\u00e3o<\/td>\n        <td data-label=\"Que rela\u00e7\u00e3o tem com o cabelo\" style=\"background:#f6f9fc;color:#22303e;font-weight:400;text-align:left;vertical-align:top;padding:13px 16px;font-size:15px;line-height:1.55;border:0;border-bottom:1px solid #e3e8ef;overflow-wrap:break-word\">Sem rela\u00e7\u00e3o direta com o cabelo; fazem parte da avalia\u00e7\u00e3o de base<\/td>\n      <\/tr>\n      <tr>\n        <td data-label=\"Como aparece no resultado\" style=\"background:#ffffff;color:#003366;font-weight:700;text-align:left;vertical-align:top;padding:13px 16px;font-size:15px;line-height:1.55;border:0;border-bottom:1px solid #e3e8ef;overflow-wrap:break-word\">Ferritina<\/td>\n        <td data-label=\"O que \u00e9\" style=\"background:#ffffff;color:#22303e;font-weight:400;text-align:left;vertical-align:top;padding:13px 16px;font-size:15px;line-height:1.55;border:0;border-bottom:1px solid #e3e8ef;overflow-wrap:break-word\">Prote\u00edna que armazena o ferro<\/td>\n        <td data-label=\"Que rela\u00e7\u00e3o tem com o cabelo\" style=\"background:#ffffff;color:#22303e;font-weight:400;text-align:left;vertical-align:top;padding:13px 16px;font-size:15px;line-height:1.55;border:0;border-bottom:1px solid #e3e8ef;overflow-wrap:break-word\">O valor isolado mais importante numa queda difusa<\/td>\n      <\/tr>\n      <tr>\n        <td data-label=\"Como aparece no resultado\" style=\"background:#f6f9fc;color:#003366;font-weight:700;text-align:left;vertical-align:top;padding:13px 16px;font-size:15px;line-height:1.55;border:0;border-bottom:1px solid #e3e8ef;overflow-wrap:break-word\">IST (\u00edndice de satura\u00e7\u00e3o da transferrina)<\/td>\n        <td data-label=\"O que \u00e9\" style=\"background:#f6f9fc;color:#22303e;font-weight:400;text-align:left;vertical-align:top;padding:13px 16px;font-size:15px;line-height:1.55;border:0;border-bottom:1px solid #e3e8ef;overflow-wrap:break-word\">Propor\u00e7\u00e3o da prote\u00edna transportadora que est\u00e1 carregada de ferro<\/td>\n        <td data-label=\"Que rela\u00e7\u00e3o tem com o cabelo\" style=\"background:#f6f9fc;color:#22303e;font-weight:400;text-align:left;vertical-align:top;padding:13px 16px;font-size:15px;line-height:1.55;border:0;border-bottom:1px solid #e3e8ef;overflow-wrap:break-word\">Pode revelar um d\u00e9fice funcional de ferro apesar de a ferritina estar normal<\/td>\n      <\/tr>\n      <tr>\n        <td data-label=\"Como aparece no resultado\" style=\"background:#ffffff;color:#003366;font-weight:700;text-align:left;vertical-align:top;padding:13px 16px;font-size:15px;line-height:1.55;border:0;border-bottom:1px solid #e3e8ef;overflow-wrap:break-word\">PCR (prote\u00edna C reativa)<\/td>\n        <td data-label=\"O que \u00e9\" style=\"background:#ffffff;color:#22303e;font-weight:400;text-align:left;vertical-align:top;padding:13px 16px;font-size:15px;line-height:1.55;border:0;border-bottom:1px solid #e3e8ef;overflow-wrap:break-word\">Prote\u00edna de fase aguda, marcador de inflama\u00e7\u00e3o<\/td>\n        <td data-label=\"Que rela\u00e7\u00e3o tem com o cabelo\" style=\"background:#ffffff;color:#22303e;font-weight:400;text-align:left;vertical-align:top;padding:13px 16px;font-size:15px;line-height:1.55;border:0;border-bottom:1px solid #e3e8ef;overflow-wrap:break-word\">Uma PCR elevada pode simular uma ferritina demasiado alta<\/td>\n      <\/tr>\n      <tr>\n        <td data-label=\"Como aparece no resultado\" style=\"background:#f6f9fc;color:#003366;font-weight:700;text-align:left;vertical-align:top;padding:13px 16px;font-size:15px;line-height:1.55;border:0;border-bottom:1px solid #e3e8ef;overflow-wrap:break-word\">TSH<\/td>\n        <td data-label=\"O que \u00e9\" style=\"background:#f6f9fc;color:#22303e;font-weight:400;text-align:left;vertical-align:top;padding:13px 16px;font-size:15px;line-height:1.55;border:0;border-bottom:1px solid #e3e8ef;overflow-wrap:break-word\">Hormona que regula a tiroide<\/td>\n        <td data-label=\"Que rela\u00e7\u00e3o tem com o cabelo\" style=\"background:#f6f9fc;color:#22303e;font-weight:400;text-align:left;vertical-align:top;padding:13px 16px;font-size:15px;line-height:1.55;border:0;border-bottom:1px solid #e3e8ef;overflow-wrap:break-word\">Valores alterados podem acompanhar-se de queda difusa<\/td>\n      <\/tr>\n      <tr>\n        <td data-label=\"Como aparece no resultado\" style=\"background:#ffffff;color:#003366;font-weight:700;text-align:left;vertical-align:top;padding:13px 16px;font-size:15px;line-height:1.55;border:0;border-bottom:1px solid #e3e8ef;overflow-wrap:break-word\">T3 livre e T4 livre<\/td>\n        <td data-label=\"O que \u00e9\" style=\"background:#ffffff;color:#22303e;font-weight:400;text-align:left;vertical-align:top;padding:13px 16px;font-size:15px;line-height:1.55;border:0;border-bottom:1px solid #e3e8ef;overflow-wrap:break-word\">Hormonas da tiroide na forma livre<\/td>\n        <td data-label=\"Que rela\u00e7\u00e3o tem com o cabelo\" style=\"background:#ffffff;color:#22303e;font-weight:400;text-align:left;vertical-align:top;padding:13px 16px;font-size:15px;line-height:1.55;border:0;border-bottom:1px solid #e3e8ef;overflow-wrap:break-word\">Mostram o quanto a tiroide est\u00e1 realmente a trabalhar<\/td>\n      <\/tr>\n      <tr>\n        <td data-label=\"Como aparece no resultado\" style=\"background:#f6f9fc;color:#003366;font-weight:700;text-align:left;vertical-align:top;padding:13px 16px;font-size:15px;line-height:1.55;border:0;border-bottom:1px solid #e3e8ef;overflow-wrap:break-word\">Anti-TPO<\/td>\n        <td data-label=\"O que \u00e9\" style=\"background:#f6f9fc;color:#22303e;font-weight:400;text-align:left;vertical-align:top;padding:13px 16px;font-size:15px;line-height:1.55;border:0;border-bottom:1px solid #e3e8ef;overflow-wrap:break-word\">Anticorpos contra a peroxidase da tiroide<\/td>\n        <td data-label=\"Que rela\u00e7\u00e3o tem com o cabelo\" style=\"background:#f6f9fc;color:#22303e;font-weight:400;text-align:left;vertical-align:top;padding:13px 16px;font-size:15px;line-height:1.55;border:0;border-bottom:1px solid #e3e8ef;overflow-wrap:break-word\">Ind\u00edcio de uma tiroidite de Hashimoto<\/td>\n      <\/tr>\n      <tr>\n        <td data-label=\"Como aparece no resultado\" style=\"background:#ffffff;color:#003366;font-weight:700;text-align:left;vertical-align:top;padding:13px 16px;font-size:15px;line-height:1.55;border:0;border-bottom:1px solid #e3e8ef;overflow-wrap:break-word\">25-OH-vitamina D<\/td>\n        <td data-label=\"O que \u00e9\" style=\"background:#ffffff;color:#22303e;font-weight:400;text-align:left;vertical-align:top;padding:13px 16px;font-size:15px;line-height:1.55;border:0;border-bottom:1px solid #e3e8ef;overflow-wrap:break-word\">Forma de armazenamento da vitamina D no sangue<\/td>\n        <td data-label=\"Que rela\u00e7\u00e3o tem com o cabelo\" style=\"background:#ffffff;color:#22303e;font-weight:400;text-align:left;vertical-align:top;padding:13px 16px;font-size:15px;line-height:1.55;border:0;border-bottom:1px solid #e3e8ef;overflow-wrap:break-word\">Um d\u00e9fice \u00e9 avaliado em conjunto numa queda difusa<\/td>\n      <\/tr>\n      <tr>\n        <td data-label=\"Como aparece no resultado\" style=\"background:#f6f9fc;color:#003366;font-weight:700;text-align:left;vertical-align:top;padding:13px 16px;font-size:15px;line-height:1.55;border:0;border-bottom:1px solid #e3e8ef;overflow-wrap:break-word\">Zn (zinco)<\/td>\n        <td data-label=\"O que \u00e9\" style=\"background:#f6f9fc;color:#22303e;font-weight:400;text-align:left;vertical-align:top;padding:13px 16px;font-size:15px;line-height:1.55;border:0;border-bottom:1px solid #e3e8ef;overflow-wrap:break-word\">Oligoelemento, doseado no soro ou no sangue total<\/td>\n        <td data-label=\"Que rela\u00e7\u00e3o tem com o cabelo\" style=\"background:#f6f9fc;color:#22303e;font-weight:400;text-align:left;vertical-align:top;padding:13px 16px;font-size:15px;line-height:1.55;border:0;border-bottom:1px solid #e3e8ef;overflow-wrap:break-word\">Um d\u00e9fice pode contribuir para uma queda difusa<\/td>\n      <\/tr>\n      <tr>\n        <td data-label=\"Como aparece no resultado\" style=\"background:#ffffff;color:#003366;font-weight:700;text-align:left;vertical-align:top;padding:13px 16px;font-size:15px;line-height:1.55;border:0;border-bottom:1px solid #e3e8ef;overflow-wrap:break-word\">Vit. B12 \/ holo-TC<\/td>\n        <td data-label=\"O que \u00e9\" style=\"background:#ffffff;color:#22303e;font-weight:400;text-align:left;vertical-align:top;padding:13px 16px;font-size:15px;line-height:1.55;border:0;border-bottom:1px solid #e3e8ef;overflow-wrap:break-word\">Vitamina B12 total ou a fra\u00e7\u00e3o dispon\u00edvel<\/td>\n        <td data-label=\"Que rela\u00e7\u00e3o tem com o cabelo\" style=\"background:#ffffff;color:#22303e;font-weight:400;text-align:left;vertical-align:top;padding:13px 16px;font-size:15px;line-height:1.55;border:0;border-bottom:1px solid #e3e8ef;overflow-wrap:break-word\">Um d\u00e9fice pode afetar a forma\u00e7\u00e3o do sangue e o crescimento do cabelo<\/td>\n      <\/tr>\n      <tr>\n        <td data-label=\"Como aparece no resultado\" style=\"background:#f6f9fc;color:#003366;font-weight:700;text-align:left;vertical-align:top;padding:13px 16px;font-size:15px;line-height:1.55;border:0;border-bottom:1px solid #e3e8ef;overflow-wrap:break-word\">\u00c1cido f\u00f3lico<\/td>\n        <td data-label=\"O que \u00e9\" style=\"background:#f6f9fc;color:#22303e;font-weight:400;text-align:left;vertical-align:top;padding:13px 16px;font-size:15px;line-height:1.55;border:0;border-bottom:1px solid #e3e8ef;overflow-wrap:break-word\">Folato no soro<\/td>\n        <td data-label=\"Que rela\u00e7\u00e3o tem com o cabelo\" style=\"background:#f6f9fc;color:#22303e;font-weight:400;text-align:left;vertical-align:top;padding:13px 16px;font-size:15px;line-height:1.55;border:0;border-bottom:1px solid #e3e8ef;overflow-wrap:break-word\">\u00c9 avaliado em conjunto com a B12<\/td>\n      <\/tr>\n      <tr>\n        <td data-label=\"Como aparece no resultado\" style=\"background:#ffffff;color:#003366;font-weight:700;text-align:left;vertical-align:top;padding:13px 16px;font-size:15px;line-height:1.55;border:0;border-bottom:1px solid #e3e8ef;overflow-wrap:break-word\">Testosterona total<\/td>\n        <td data-label=\"O que \u00e9\" style=\"background:#ffffff;color:#22303e;font-weight:400;text-align:left;vertical-align:top;padding:13px 16px;font-size:15px;line-height:1.55;border:0;border-bottom:1px solid #e3e8ef;overflow-wrap:break-word\">Androg\u00e9nio, maioritariamente ligado a prote\u00ednas<\/td>\n        <td data-label=\"Que rela\u00e7\u00e3o tem com o cabelo\" style=\"background:#ffffff;color:#22303e;font-weight:400;text-align:left;vertical-align:top;padding:13px 16px;font-size:15px;line-height:1.55;border:0;border-bottom:1px solid #e3e8ef;overflow-wrap:break-word\">Nas mulheres, faz parte da procura de uma causa hormonal<\/td>\n      <\/tr>\n      <tr>\n        <td data-label=\"Como aparece no resultado\" style=\"background:#f6f9fc;color:#003366;font-weight:700;text-align:left;vertical-align:top;padding:13px 16px;font-size:15px;line-height:1.55;border:0;border-bottom:1px solid #e3e8ef;overflow-wrap:break-word\">SHBG<\/td>\n        <td data-label=\"O que \u00e9\" style=\"background:#f6f9fc;color:#22303e;font-weight:400;text-align:left;vertical-align:top;padding:13px 16px;font-size:15px;line-height:1.55;border:0;border-bottom:1px solid #e3e8ef;overflow-wrap:break-word\">Prote\u00edna transportadora das hormonas sexuais<\/td>\n        <td data-label=\"Que rela\u00e7\u00e3o tem com o cabelo\" style=\"background:#f6f9fc;color:#22303e;font-weight:400;text-align:left;vertical-align:top;padding:13px 16px;font-size:15px;line-height:1.55;border:0;border-bottom:1px solid #e3e8ef;overflow-wrap:break-word\">Influencia a quantidade de testosterona livre com efeito biol\u00f3gico<\/td>\n      <\/tr>\n      <tr>\n        <td data-label=\"Como aparece no resultado\" style=\"background:#ffffff;color:#003366;font-weight:700;text-align:left;vertical-align:top;padding:13px 16px;font-size:15px;line-height:1.55;border:0;border-bottom:1px solid #e3e8ef;overflow-wrap:break-word\">DHEA-S<\/td>\n        <td data-label=\"O que \u00e9\" style=\"background:#ffffff;color:#22303e;font-weight:400;text-align:left;vertical-align:top;padding:13px 16px;font-size:15px;line-height:1.55;border:0;border-bottom:1px solid #e3e8ef;overflow-wrap:break-word\">Androg\u00e9nio produzido no c\u00f3rtex da suprarrenal<\/td>\n        <td data-label=\"Que rela\u00e7\u00e3o tem com o cabelo\" style=\"background:#ffffff;color:#22303e;font-weight:400;text-align:left;vertical-align:top;padding:13px 16px;font-size:15px;line-height:1.55;border:0;border-bottom:1px solid #e3e8ef;overflow-wrap:break-word\">Pode indicar uma origem androg\u00e9nica fora dos ov\u00e1rios<\/td>\n      <\/tr>\n      <tr>\n        <td data-label=\"Como aparece no resultado\" style=\"background:#f6f9fc;color:#003366;font-weight:700;text-align:left;vertical-align:top;padding:13px 16px;font-size:15px;line-height:1.55;border:0;border-bottom:1px solid #e3e8ef;overflow-wrap:break-word\">Prolactina<\/td>\n        <td data-label=\"O que \u00e9\" style=\"background:#f6f9fc;color:#22303e;font-weight:400;text-align:left;vertical-align:top;padding:13px 16px;font-size:15px;line-height:1.55;border:0;border-bottom:1px solid #e3e8ef;overflow-wrap:break-word\">Hormona da hip\u00f3fise<\/td>\n        <td data-label=\"Que rela\u00e7\u00e3o tem com o cabelo\" style=\"background:#f6f9fc;color:#22303e;font-weight:400;text-align:left;vertical-align:top;padding:13px 16px;font-size:15px;line-height:1.55;border:0;border-bottom:1px solid #e3e8ef;overflow-wrap:break-word\">Valores alterados devem ser esclarecidos por um m\u00e9dico<\/td>\n      <\/tr>\n      <tr>\n        <td data-label=\"Como aparece no resultado\" style=\"background:#ffffff;color:#003366;font-weight:700;text-align:left;vertical-align:top;padding:13px 16px;font-size:15px;line-height:1.55;border:0;overflow-wrap:break-word\">HbA1c<\/td>\n        <td data-label=\"O que \u00e9\" style=\"background:#ffffff;color:#22303e;font-weight:400;text-align:left;vertical-align:top;padding:13px 16px;font-size:15px;line-height:1.55;border:0;overflow-wrap:break-word\">Valor de longo prazo da glicemia<\/td>\n        <td data-label=\"Que rela\u00e7\u00e3o tem com o cabelo\" style=\"background:#ffffff;color:#22303e;font-weight:400;text-align:left;vertical-align:top;padding:13px 16px;font-size:15px;line-height:1.55;border:0;overflow-wrap:break-word\">Faz parte da avalia\u00e7\u00e3o perante a suspeita de s\u00edndrome do ov\u00e1rio poliqu\u00edstico<\/td>\n      <\/tr>\n    <\/tbody>\n  <\/table>\n<\/div>\n\n\n\n<h2 class=\"wp-block-heading\">Todas as an\u00e1lises normais e mesmo assim h\u00e1 queda de cabelo: os pr\u00f3ximos passos<\/h2>\n\n\n\n<p class=\"wp-block-paragraph\">An\u00e1lises sem altera\u00e7\u00f5es s\u00e3o um resultado e n\u00e3o um fracasso: excluem as causas corrig\u00edveis mais frequentes e deslocam a quest\u00e3o para o padr\u00e3o. O passo seguinte n\u00e3o \u00e9 ent\u00e3o mais uma ronda de an\u00e1lises, mas a observa\u00e7\u00e3o dermatol\u00f3gica do couro cabeludo. Quatro explica\u00e7\u00f5es cobrem a maior parte destes casos.<\/p>\n\n\n\n<div style=\"margin:0 0 26px\">\n<div style=\"border:1px solid #e3e8ef;border-radius:10px;padding:16px;margin-bottom:12px\">\n<p style=\"margin:0 0 6px;color:#013366;font-weight:700\">Padr\u00e3o nas entradas, nas t\u00eamporas ou no topo da cabe\u00e7a, com an\u00e1lises sem altera\u00e7\u00f5es<\/p>\n<p style=\"margin:0;color:#2e3033\">Explica\u00e7\u00e3o prov\u00e1vel: uma queda heredit\u00e1ria, que n\u00e3o se reflete no sangue. Passo seguinte: observa\u00e7\u00e3o dermatol\u00f3gica com tricoscopia e registo fotogr\u00e1fico, em vez de mais rondas de an\u00e1lises. Encontra uma panor\u00e2mica das v\u00e1rias formas no artigo sobre as <a href=\"\/pt\/blog-sobre-implante-capilar\/causas-queda-de-cabelo\/\">causas da queda de cabelo<\/a>.<\/p>\n<\/div>\n<div style=\"border:1px solid #e3e8ef;border-radius:10px;padding:16px;margin-bottom:12px\">\n<p style=\"margin:0 0 6px;color:#013366;font-weight:700\">Queda difusa, mas com todos os valores normais<\/p>\n<p style=\"margin:0;color:#2e3033\">Explica\u00e7\u00e3o prov\u00e1vel: o fator desencadeante j\u00e1 passou. Um efl\u00favio telog\u00e9nico come\u00e7a dois a quatro meses depois do acontecimento, e o valor pode j\u00e1 ter normalizado at\u00e9 \u00e0 altura da medi\u00e7\u00e3o. Passo seguinte: acompanhar a evolu\u00e7\u00e3o, porque esta forma \u00e9, na maioria dos casos, autolimitada.<\/p>\n<\/div>\n<div style=\"border:1px solid #e3e8ef;border-radius:10px;padding:16px;margin-bottom:12px\">\n<p style=\"margin:0 0 6px;color:#013366;font-weight:700\">Um valor est\u00e1 no limite inferior, mas n\u00e3o foi discutido<\/p>\n<p style=\"margin:0;color:#2e3033\">Explica\u00e7\u00e3o prov\u00e1vel: o resultado era formalmente normal, mas o cabelo n\u00e3o foi o tema da consulta. Isto acontece sobretudo com a ferritina. Passo seguinte: controlar o valor ao longo do tempo e discuti-lo expressamente na rela\u00e7\u00e3o com a queda de cabelo.<\/p>\n<\/div>\n<div style=\"border:1px solid #e3e8ef;border-radius:10px;padding:16px;margin-bottom:0\">\n<p style=\"margin:0 0 6px;color:#013366;font-weight:700\">Placas sem cabelo, comich\u00e3o, dor ou vermelhid\u00e3o do couro cabeludo<\/p>\n<p style=\"margin:0;color:#2e3033\">Explica\u00e7\u00e3o prov\u00e1vel: uma forma que se v\u00ea em vez de se medir, por exemplo alopecia areata, uma alopecia cicatricial ou uma alopecia de tra\u00e7\u00e3o. Passo seguinte: consulta de dermatologia a curto prazo e, havendo suspeita, bi\u00f3psia do couro cabeludo.<\/p>\n<\/div>\n<\/div>\n\n\n\n<p class=\"wp-block-paragraph\">O que a consulta faz em alternativa n\u00e3o \u00e9 um desvio, mas o passo diagn\u00f3stico seguinte. A <strong>tricoscopia<\/strong> \u00e9 uma microscopia digital de superf\u00edcie do couro cabeludo, com a qual se avaliam o di\u00e2metro dos cabelos, os orif\u00edcios foliculares e os sinais de inflama\u00e7\u00e3o. A isto juntam-se o teste de tra\u00e7\u00e3o, um registo fotogr\u00e1fico padronizado para acompanhar a evolu\u00e7\u00e3o e, havendo suspeita, uma bi\u00f3psia do couro cabeludo.<\/p>\n\n\n\n<p class=\"wp-block-paragraph\">H\u00e1 uma pergunta que surge quase sempre: \u00e9 poss\u00edvel detetar o stress no sangue? Um \u00abvalor de stress\u00bb que comprove a queda de cabelo n\u00e3o existe. O cortisol n\u00e3o \u00e9 um par\u00e2metro de rotina no estudo do cabelo e s\u00f3 \u00e9 doseado perante uma suspeita endocrinol\u00f3gica concreta. Nos pain\u00e9is laboratoriais habituais para a queda de cabelo, o cortisol n\u00e3o aparece. Saber se a quantidade de cabelo que perde \u00e9 sequer invulgar \u00e9 uma quest\u00e3o enquadrada no artigo sobre a <a href=\"\/pt\/blog-sobre-implante-capilar\/queda-de-cabelo-extrema\/\">queda de cabelo extrema<\/a> .<\/p>\n\n\n<div class=\"wp-block-image\">\n<figure class=\"aligncenter size-large is-resized\" style=\"max-width:720px;margin-left:auto;margin-right:auto\"><img decoding=\"async\" src=\"https:\/\/elithair.com\/pt\/wp-content\/uploads\/sites\/7\/2026\/08\/foto_trichoskopie.png\" alt=\"Tricoscopia: dermatologista observa o couro cabeludo com um microsc\u00f3pio digital de superf\u00edcie\" class=\"wp-image-89953\" style=\"width:720px;max-width:100%;height:auto\"\/><\/figure>\n<\/div>\n\n\n<h2 class=\"wp-block-heading\">Quanto tempo demora o cabelo a voltar a crescer depois da corre\u00e7\u00e3o?<\/h2>\n\n\n\n<p class=\"wp-block-paragraph\"><strong>Depois de corrigido um d\u00e9fice comprovado, a queda diminui tipicamente em tr\u00eas a seis meses; at\u00e9 \u00e0 recupera\u00e7\u00e3o est\u00e9tica completa podem passar 12 a 18 meses.<\/strong> A raz\u00e3o est\u00e1 no ciclo capilar: os fol\u00edculos que j\u00e1 est\u00e3o na fase de repouso ainda caem antes de nascerem cabelos novos. Este atraso \u00e9 biologia e n\u00e3o sinal de fal\u00eancia do tratamento.<\/p>\n\n\n\n<style>\n@media (max-width:640px){\n.rt-table-wrap{overflow-x:visible!important;border:0!important;border-radius:0!important}\n.rt-table{min-width:0!important}\n.rt-table thead{display:none}\n.rt-table,.rt-table tbody,.rt-table tr,.rt-table td{display:block;width:100%}\n.rt-table caption{display:block;padding:0 0 12px!important}\n.rt-table tr{margin:0 0 12px;border:1px solid #dbe4f0;border-radius:10px;overflow:hidden}\n.rt-table tr:last-child{margin-bottom:0}\n.rt-table td{display:flex!important;flex-direction:column;gap:3px;padding:12px 14px!important;\nborder:0!important;border-bottom:1px solid #e3e8ef!important;background:#ffffff!important}\n.rt-table tr td:last-child{border-bottom:0!important}\n.rt-table td::before{content:attr(data-label);font-size:12px;font-weight:700;letter-spacing:.04em;\ntext-transform:uppercase;color:#5799F1}\n.rt-table td:not([data-label])::before,.rt-table td[data-label=\"\"]::before{display:none}\n}\n<\/style>\n<div class=\"rt-table-wrap\" style=\"overflow-x:auto;-webkit-overflow-scrolling:touch;margin:28px 0;border:1px solid #dbe4f0;border-radius:12px\">\n  <table class=\"rt-table\" style=\"width:100%;min-width:480px;table-layout:fixed;border-collapse:separate;border-spacing:0;font-size:15px;margin:0\">\n    <caption style=\"caption-side:top;text-align:left;color:#003366;font-weight:700;font-size:16px;line-height:1.35;padding:14px 16px 10px;background:#ffffff\">Cronologia do novo crescimento depois de corrigida uma causa trat\u00e1vel<\/caption>\n    <thead>\n      <tr>\n        <th style=\"width:30%;background:#003366;color:#ffffff;font-weight:700;text-align:left;vertical-align:middle;padding:13px 16px;font-size:15px;line-height:1.4;border:0;overflow-wrap:break-word\">Per\u00edodo<\/th>\n        <th style=\"background:#003366;color:#ffffff;font-weight:700;text-align:left;vertical-align:middle;padding:13px 16px;font-size:15px;line-height:1.4;border:0;overflow-wrap:break-word\">O que acontece nesse per\u00edodo<\/th>\n      <\/tr>\n    <\/thead>\n    <tbody>\n      <tr>\n        <td data-label=\"Per\u00edodo\" style=\"background:#ffffff;color:#003366;font-weight:700;text-align:left;vertical-align:top;padding:13px 16px;font-size:15px;line-height:1.55;border:0;border-bottom:1px solid #e3e8ef;overflow-wrap:break-word\">M\u00eas 1 a 2<\/td>\n        <td data-label=\"O que acontece nesse per\u00edodo\" style=\"background:#ffffff;color:#22303e;font-weight:400;text-align:left;vertical-align:top;padding:13px 16px;font-size:15px;line-height:1.55;border:0;border-bottom:1px solid #e3e8ef;overflow-wrap:break-word\">O tratamento acompanhado por um m\u00e9dico traz o valor alterado de volta ao intervalo pretendido. A queda geralmente continua, porque os cabelos afetados j\u00e1 est\u00e3o na fase de repouso.<\/td>\n      <\/tr>\n      <tr>\n        <td data-label=\"Per\u00edodo\" style=\"background:#f6f9fc;color:#003366;font-weight:700;text-align:left;vertical-align:top;padding:13px 16px;font-size:15px;line-height:1.55;border:0;border-bottom:1px solid #e3e8ef;overflow-wrap:break-word\">M\u00eas 3 a 4<\/td>\n        <td data-label=\"O que acontece nesse per\u00edodo\" style=\"background:#f6f9fc;color:#22303e;font-weight:400;text-align:left;vertical-align:top;padding:13px 16px;font-size:15px;line-height:1.55;border:0;border-bottom:1px solid #e3e8ef;overflow-wrap:break-word\">A queda telog\u00e9nica abranda e os fol\u00edculos voltam a entrar na fase de crescimento (anag\u00e9nica).<\/td>\n      <\/tr>\n      <tr>\n        <td data-label=\"Per\u00edodo\" style=\"background:#ffffff;color:#003366;font-weight:700;text-align:left;vertical-align:top;padding:13px 16px;font-size:15px;line-height:1.55;border:0;border-bottom:1px solid #e3e8ef;overflow-wrap:break-word\">M\u00eas 5 a 6<\/td>\n        <td data-label=\"O que acontece nesse per\u00edodo\" style=\"background:#ffffff;color:#22303e;font-weight:400;text-align:left;vertical-align:top;padding:13px 16px;font-size:15px;line-height:1.55;border:0;border-bottom:1px solid #e3e8ef;overflow-wrap:break-word\">A queda diminui de forma n\u00edtida e surgem \u00e0 raiz os primeiros cabelos novos e curtos.<\/td>\n      <\/tr>\n      <tr>\n        <td data-label=\"Per\u00edodo\" style=\"background:#f6f9fc;color:#003366;font-weight:700;text-align:left;vertical-align:top;padding:13px 16px;font-size:15px;line-height:1.55;border:0;border-bottom:1px solid #e3e8ef;overflow-wrap:break-word\">M\u00eas 6 a 12<\/td>\n        <td data-label=\"O que acontece nesse per\u00edodo\" style=\"background:#f6f9fc;color:#22303e;font-weight:400;text-align:left;vertical-align:top;padding:13px 16px;font-size:15px;line-height:1.55;border:0;border-bottom:1px solid #e3e8ef;overflow-wrap:break-word\">Os cabelos novos continuam a crescer e a densidade come\u00e7a a poder ser avaliada.<\/td>\n      <\/tr>\n      <tr>\n        <td data-label=\"Per\u00edodo\" style=\"background:#ffffff;color:#003366;font-weight:700;text-align:left;vertical-align:top;padding:13px 16px;font-size:15px;line-height:1.55;border:0;overflow-wrap:break-word\">M\u00eas 12 a 18<\/td>\n        <td data-label=\"O que acontece nesse per\u00edodo\" style=\"background:#ffffff;color:#22303e;font-weight:400;text-align:left;vertical-align:top;padding:13px 16px;font-size:15px;line-height:1.55;border:0;overflow-wrap:break-word\">Atinge-se a recupera\u00e7\u00e3o est\u00e9tica completa, desde que n\u00e3o exista outra causa em curso.<\/td>\n      <\/tr>\n    <\/tbody>\n  <\/table>\n<\/div>\n\n\n\n<p class=\"wp-block-paragraph\">Esta cronologia \u00e9 uma orienta\u00e7\u00e3o e n\u00e3o um plano r\u00edgido. Deriva da dura\u00e7\u00e3o das fases do ciclo capilar e da evolu\u00e7\u00e3o descrita do efl\u00favio telog\u00e9nico. A rapidez em cada caso depende do valor inicial, da gravidade do d\u00e9fice e de existir ou n\u00e3o, em paralelo, uma queda heredit\u00e1ria, que n\u00e3o responde \u00e0 corre\u00e7\u00e3o nutricional.<\/p>\n\n\n<div class=\"wp-block-image\">\n<figure class=\"aligncenter size-large is-resized\" style=\"max-width:560px;margin-left:auto;margin-right:auto\"><img decoding=\"async\" src=\"https:\/\/elithair.com\/pt\/wp-content\/uploads\/sites\/7\/2026\/08\/illu_haarzyklus.png\" alt=\"Ilustra\u00e7\u00e3o das fases do ciclo capilar em corte da pele: fol\u00edculo ativo, fase de transi\u00e7\u00e3o e fase de repouso\" class=\"wp-image-89954\" style=\"width:560px;max-width:100%;height:auto\"\/><\/figure>\n<\/div>\n\n\n<h2 class=\"wp-block-heading\">Difusa ou heredit\u00e1ria: o que a distin\u00e7\u00e3o significa na pr\u00e1tica<\/h2>\n\n\n\n<p class=\"wp-block-paragraph\">\u00c9 a distin\u00e7\u00e3o que decide o tratamento. Uma queda difusa em toda a cabe\u00e7a aponta para uma causa adquirida e \u00e9 tratada nessa causa, por exemplo atrav\u00e9s da corre\u00e7\u00e3o de um d\u00e9fice comprovado ou do controlo da fun\u00e7\u00e3o da tiroide. Um padr\u00e3o nas entradas, nas t\u00eamporas e no topo da cabe\u00e7a aponta para a forma heredit\u00e1ria, e s\u00f3 esta pode responder a longo prazo a medicamentos para o crescimento capilar ou a um transplante de cabelo pr\u00f3prio. Muitas vezes, as duas situa\u00e7\u00f5es coexistem.<\/p>\n\n\n\n<p class=\"wp-block-paragraph\">Se n\u00e3o tem a certeza sobre qual \u00e9 o seu caso, a an\u00e1lise capilar gratuita da Elithair d\u00e1 uma primeira indica\u00e7\u00e3o sobre que padr\u00e3o \u00e9 reconhec\u00edvel e o que poderia, em princ\u00edpio, fazer sentido. \u00c9 uma orienta\u00e7\u00e3o e n\u00e3o um diagn\u00f3stico m\u00e9dico, e n\u00e3o substitui a avalia\u00e7\u00e3o dermatol\u00f3gica. Antes de qualquer tratamento, a Elithair faz ainda uma an\u00e1lise ao sangue para apurar a causa: se ela mostrar que \u00e9 um d\u00e9fice ou uma causa hormonal a impulsionar a perda de cabelo, trata-se primeiro essa causa em vez de transplantar. \u00c9 por isso que recusamos uma parte consider\u00e1vel dos pedidos.<\/p>\n\n\n\n<div class=\"wp-block-buttons is-content-justification-center is-layout-flex wp-container-core-buttons-is-layout-fe48e5de wp-block-buttons-is-layout-flex\" style=\"justify-content:center;margin-bottom:48px\"><div class=\"wp-block-button\"><a class=\"wp-block-button__link wp-element-button\" style=\"background-color:#0079F1;color:#ffffff;border-radius:8px;padding:15px 36px;font-weight:700;font-size:17px\" href=\"\/pt\/analise-capilar\/\">Iniciar a an\u00e1lise capilar gratuita<\/a><\/div><\/div>\n\n\n\n<h2 class=\"wp-block-heading\">Perguntas frequentes sobre as an\u00e1lises ao sangue na queda de cabelo<\/h2>\n\n\n\n<div style=\"margin:0 0 26px\">\n<div style=\"border:1px solid #e3e8ef;border-radius:10px;padding:16px;margin-bottom:12px\">\n<p style=\"margin:0 0 8px;color:#013366;font-weight:600\">Que an\u00e1lises ao sangue se devem fazer numa queda de cabelo?<\/p>\n<p style=\"margin:0;color:#2e3033\">Faz sentido um painel de base com seis valores: hemograma com f\u00f3rmula leucocit\u00e1ria, ferritina, PCR, TSH, vitamina D (25-OH) e zinco. Esta combina\u00e7\u00e3o cobre o d\u00e9fice de ferro, a anemia, a inflama\u00e7\u00e3o, a fun\u00e7\u00e3o da tiroide e as lacunas nutricionais mais frequentes. Se a queda difusa persistir apesar de valores sem altera\u00e7\u00f5es, acrescentam-se par\u00e2metros alargados, como a T3 livre, a T4 livre, os anticorpos anti-TPO, a B12 ou o \u00edndice de satura\u00e7\u00e3o da transferrina.<\/p>\n<\/div>\n<div style=\"border:1px solid #e3e8ef;border-radius:10px;padding:16px;margin-bottom:12px\">\n<p style=\"margin:0 0 8px;color:#013366;font-weight:600\">A ferritina est\u00e1 inclu\u00edda num hemograma completo?<\/p>\n<p style=\"margin:0;color:#2e3033\">N\u00e3o. Um hemograma completo \u00e9 composto pelo hemograma simples e pela f\u00f3rmula leucocit\u00e1ria, que discrimina os gl\u00f3bulos brancos. A ferritina, a TSH, a vitamina D (25-OH) e o zinco n\u00e3o est\u00e3o l\u00e1 inclu\u00eddos e t\u00eam de ser pedidos separadamente. Atrav\u00e9s do VGM, o hemograma d\u00e1 quando muito uma pista indireta: gl\u00f3bulos vermelhos pequenos podem apontar para um d\u00e9fice de ferro.<\/p>\n<\/div>\n<div style=\"border:1px solid #e3e8ef;border-radius:10px;padding:16px;margin-bottom:12px\">\n<p style=\"margin:0 0 8px;color:#013366;font-weight:600\">Que valor de ferritina \u00e9 relevante para o cabelo?<\/p>\n<p style=\"margin:0;color:#2e3033\">N\u00e3o existe um valor-alvo estabelecido para o cabelo. As refer\u00eancias laboratoriais definem o d\u00e9fice de ferro geralmente abaixo de 15 a 30 \u00b5g\/l. Na discuss\u00e3o entre especialistas fala-se, para o cabelo, em 40 a 70 \u00b5g\/l (Rushton 2002, Trost et al. 2006), mas estudos controlados como o de Olsen et al. 2010 contrariam-no. A administra\u00e7\u00e3o de ferro s\u00f3 \u00e9 indicada pela pr\u00e1tica m\u00e9dica perante um d\u00e9fice comprovado.<\/p>\n<\/div>\n<div style=\"border:1px solid #e3e8ef;border-radius:10px;padding:16px;margin-bottom:12px\">\n<p style=\"margin:0 0 8px;color:#013366;font-weight:600\">\u00c9 poss\u00edvel detetar a queda heredit\u00e1ria no sangue e vale a pena medir a DHT ou a testosterona?<\/p>\n<p style=\"margin:0;color:#2e3033\">N\u00e3o. A alopecia androgen\u00e9tica assenta na sensibilidade dos fol\u00edculos \u00e0 DHT e n\u00e3o em n\u00edveis hormonais elevados; os homens afetados t\u00eam, em regra, valores normais de testosterona e de DHT. O diagn\u00f3stico faz-se pela observa\u00e7\u00e3o do padr\u00e3o e do couro cabeludo. Nas mulheres, os androg\u00e9nios s\u00e3o doseados com outro objetivo, o de procurar uma doen\u00e7a hormonal de base.<\/p>\n<\/div>\n<div style=\"border:1px solid #e3e8ef;border-radius:10px;padding:16px;margin-bottom:12px\">\n<p style=\"margin:0 0 8px;color:#013366;font-weight:600\">Tenho de estar em jejum para a an\u00e1lise e devo suspender os suplementos capilares?<\/p>\n<p style=\"margin:0;color:#2e3033\">Para a ferritina, a TSH, a vitamina D, o zinco e a B12, o jejum n\u00e3o \u00e9, em regra, necess\u00e1rio; j\u00e1 para a glicemia e as gorduras no sangue \u00e9. Suspender os suplementos capilares com biotina em dose alta \u00e9, em contrapartida, expressamente recomendado pelas fontes laboratoriais: com 5 a 10 mg por dia, pelo menos oito horas; acima de 10 mg, pelo menos tr\u00eas dias. Em 2017, a FDA alertou para valores falseados da tiroide e da troponina.<\/p>\n<\/div>\n<div style=\"border:1px solid #e3e8ef;border-radius:10px;padding:16px;margin-bottom:12px\">\n<p style=\"margin:0 0 8px;color:#013366;font-weight:600\">Que an\u00e1lises ao sangue numa queda difusa nas mulheres e quando \u00e9 feita a colheita?<\/p>\n<p style=\"margin:0;color:#2e3033\">A base \u00e9, nas mulheres, a mesma que nos homens: hemograma, ferritina, PCR, TSH, vitamina D (25-OH) e zinco. Os valores hormonais s\u00f3 se acrescentam havendo sinais correspondentes e a colheita \u00e9 marcada pelo m\u00e9dico, habitualmente na fase folicular inicial, por volta do 2.\u00ba ao 5.\u00ba dia do ciclo, e de manh\u00e3, porque a testosterona atinge o m\u00e1ximo por volta das 8 horas. Sob a p\u00edlula, os valores de androg\u00e9nios s\u00f3 podem ser avaliados de forma limitada.<\/p>\n<\/div>\n<div style=\"border:1px solid #e3e8ef;border-radius:10px;padding:16px;margin-bottom:0\">\n<p style=\"margin:0 0 8px;color:#013366;font-weight:600\">As an\u00e1lises ao sangue por queda de cabelo s\u00e3o comparticipadas?<\/p>\n<p style=\"margin:0;color:#2e3033\">Havendo um motivo m\u00e9dico, o estudo anal\u00edtico de base \u00e9 pedido no \u00e2mbito do acompanhamento cl\u00ednico; o que decide \u00e9 a indica\u00e7\u00e3o. O hemograma, a ferritina e a TSH s\u00e3o habitualmente pedidos perante uma queda difusa fundamentada, ao passo que os pacotes extensos de vitaminas e hormonas sem suspeita cl\u00ednica s\u00e3o muitas vezes pagos pelo pr\u00f3prio. O tratamento da queda heredit\u00e1ria \u00e9, na generalidade dos sistemas de sa\u00fade, considerado est\u00e9tico e fica fora da comparticipa\u00e7\u00e3o.<\/p>\n<\/div>\n<\/div>\n\n\n<div class=\"wp-block-image\">\n<figure class=\"aligncenter size-large is-resized\" style=\"max-width:720px;margin-left:auto;margin-right:auto\"><img decoding=\"async\" src=\"https:\/\/elithair.com\/pt\/wp-content\/uploads\/sites\/7\/2026\/08\/foto_laborzettel.png\" alt=\"Mulher l\u00ea o resultado das suas an\u00e1lises \u00e0 mesa e procura enquadrar os valores\" class=\"wp-image-89955\" style=\"width:720px;max-width:100%;height:auto\"\/><\/figure>\n<\/div>\n\n\n<div style=\"margin:0 0 26px\">\n<div style=\"border:1px solid #e3e8ef;border-radius:10px;padding:16px;margin-bottom:12px\">\n<p style=\"margin:0 0 8px;color:#013366;font-weight:600\">Todas as an\u00e1lises est\u00e3o normais: porque \u00e9 que continuo a perder cabelo?<\/p>\n<p style=\"margin:0;color:#2e3033\">Na maioria dos casos h\u00e1 ent\u00e3o uma causa que simplesmente n\u00e3o se reflete no sangue. Quatro explica\u00e7\u00f5es cobrem a maior parte destas situa\u00e7\u00f5es: uma queda heredit\u00e1ria, que n\u00e3o se v\u00ea no sangue; um fator desencadeante passado, cujo valor j\u00e1 normalizou, porque a queda s\u00f3 come\u00e7a dois a quatro meses depois; um valor no limite inferior, que foi dado como normal; ou uma forma que se v\u00ea em vez de se medir. O passo seguinte \u00e9 a tricoscopia.<\/p>\n<\/div>\n<div style=\"border:1px solid #e3e8ef;border-radius:10px;padding:16px;margin-bottom:12px\">\n<p style=\"margin:0 0 8px;color:#013366;font-weight:600\">Quanto tempo demora o cabelo a voltar a crescer depois de corrigido um d\u00e9fice?<\/p>\n<p style=\"margin:0;color:#2e3033\">Depois da corre\u00e7\u00e3o, a queda diminui tipicamente em tr\u00eas a seis meses, e a recupera\u00e7\u00e3o est\u00e9tica completa pode demorar 12 a 18 meses. A raz\u00e3o est\u00e1 no ciclo capilar: os cabelos na fase de repouso ainda caem antes de nascerem os novos. Os primeiros cabelos novos e curtos aparecem geralmente a partir do quinto ou sexto m\u00eas.<\/p>\n<\/div>\n<div style=\"border:1px solid #e3e8ef;border-radius:10px;padding:16px;margin-bottom:0\">\n<p style=\"margin:0 0 8px;color:#013366;font-weight:600\">Quem me explica os resultados, o m\u00e9dico de fam\u00edlia ou o dermatologista?<\/p>\n<p style=\"margin:0;color:#2e3033\">O resultado \u00e9 explicado por quem o pediu. A liga\u00e7\u00e3o entre o valor laboratorial e o quadro capilar \u00e9 feita normalmente na consulta de dermatologia, porque a\u00ed se observam tamb\u00e9m o couro cabeludo e o padr\u00e3o. Leve uma c\u00f3pia do resultado, assim os mesmos valores n\u00e3o s\u00e3o doseados duas vezes e a evolu\u00e7\u00e3o torna-se vis\u00edvel.<\/p>\n<\/div>\n<\/div>\n\n\n\n<h2 class=\"wp-block-heading\">Fontes cient\u00edficas<\/h2>\n\n\n\n<div style=\"border:1px solid #e3e8ef;border-radius:10px;padding:20px;margin-bottom:24px;background:#fafbfc\">\n<ul style=\"list-style:none;padding:0;margin:0;color:#2e3033;font-size:14px;line-height:1.6\">\n<li style=\"padding:7px 0;border-bottom:1px solid #eef1f6\">Trost LB, Bergfeld WF, Calogeras E (2006): The diagnosis and treatment of iron deficiency and its potential relationship to hair loss. <em>J Am Acad Dermatol<\/em>. <a href=\"https:\/\/www.sciencedirect.com\/science\/article\/abs\/pii\/S0190962205047456\" target=\"_blank\" rel=\"noopener\">ScienceDirect<\/a><\/li>\n<li style=\"padding:7px 0;border-bottom:1px solid #eef1f6\">Rushton DH (2002): Nutritional factors and hair loss. <em>Clin Exp Dermatol<\/em>. <a href=\"https:\/\/onlinelibrary.wiley.com\/doi\/abs\/10.1046\/j.1365-2230.2002.01076.x\" target=\"_blank\" rel=\"noopener\">Wiley Online Library<\/a><\/li>\n<li style=\"padding:7px 0;border-bottom:1px solid #eef1f6\">Olsen EA, Reed KB, Cacchio PB, Caudill L (2010): Iron deficiency in female pattern hair loss, chronic telogen effluvium, and control groups. <em>J Am Acad Dermatol<\/em>. <a href=\"https:\/\/www.jaad.org\/article\/S0190-9622(09)02247-6\/abstract\" target=\"_blank\" rel=\"noopener\">JAAD<\/a><\/li>\n<li style=\"padding:7px 0;border-bottom:1px solid #eef1f6\">Almohanna HM, Ahmed AA, Tsatalis JP, Tosti A (2019): The Role of Vitamins and Minerals in Hair Loss: A Review. <em>Dermatol Ther (Heidelb)<\/em> 9(1):51-70. <a href=\"https:\/\/link.springer.com\/article\/10.1007\/s13555-018-0278-6\" target=\"_blank\" rel=\"noopener\">Springer<\/a><\/li>\n<li style=\"padding:7px 0;border-bottom:1px solid #eef1f6\">Dire\u00e7\u00e3o-Geral da Sa\u00fade: norma \u00abPrescri\u00e7\u00e3o de exames laboratoriais para avalia\u00e7\u00e3o e monitoriza\u00e7\u00e3o da fun\u00e7\u00e3o tiroideia\u00bb. <a href=\"https:\/\/normas.dgs.min-saude.pt\/wp-content\/uploads\/2019\/09\/prescricao-de-exames-laboratoriais-para-avaliacao-e-monitorizacao-da-funcao-tiroideia.pdf\" target=\"_blank\" rel=\"noopener\">DGS<\/a><\/li>\n<li style=\"padding:7px 0;border-bottom:1px solid #eef1f6\">Sociedade Portuguesa de Dermatologia e Venereologia: informa\u00e7\u00e3o sobre doen\u00e7as do cabelo e do couro cabeludo, incluindo a alopecia areata. <a href=\"https:\/\/www.spdv.pt\/_doencas_de_pele_2\" target=\"_blank\" rel=\"noopener\">SPDV<\/a><\/li>\n<li style=\"padding:7px 0;border-bottom:1px solid #eef1f6\">Universidade do Porto (2017): ingest\u00e3o de vitamina D na popula\u00e7\u00e3o portuguesa. <em>Inqu\u00e9rito Alimentar Nacional e de Atividade F\u00edsica (IAN-AF 2015-2016)<\/em> , relat\u00f3rio de resultados. <a href=\"https:\/\/ian-af.up.pt\/sites\/default\/files\/IAN-AF%20Relat%C3%B3rio%20Resultados_0.pdf\" target=\"_blank\" rel=\"noopener\">IAN-AF<\/a><\/li>\n<li style=\"padding:7px 0;border-bottom:1px solid #eef1f6\">FDA Safety Communication (28.11.2017, atualizada em 2019): The FDA warns that biotin may interfere with lab tests. <a href=\"https:\/\/www.asahq.org\/advocacy-and-asapac\/fda-and-washington-alerts\/fda-alerts\/2017\/12\/biotin-vitamin-b7-safety-communication-may-interfere-with-lab-tests\" target=\"_blank\" rel=\"noopener\">Resumo da American Society of Anesthesiologists<\/a><\/li>\n<li style=\"padding:7px 0;border-bottom:1px solid #eef1f6\">SNS 24 (Servi\u00e7o Nacional de Sa\u00fade): informa\u00e7\u00e3o sobre a vitamina D e sobre quando faz sentido avali\u00e1-la. <a href=\"https:\/\/www.sns24.gov.pt\/tema\/nutricao\/vitamina-d\/\" target=\"_blank\" rel=\"noopener\">SNS 24<\/a><\/li>\n<li style=\"padding:7px 0;border-bottom:1px solid #eef1f6\">Comparticipa\u00e7\u00e3o: na generalidade dos sistemas de sa\u00fade, os medicamentos cuja finalidade principal \u00e9 melhorar o crescimento do cabelo s\u00e3o classificados como est\u00e9ticos e ficam fora da comparticipa\u00e7\u00e3o. Confirme sempre as condi\u00e7\u00f5es concretas junto do SNS ou da sua seguradora.<\/li>\n<li style=\"padding:7px 0;border-bottom:0\">Hormonanalytik: was der Frauenarzt wissen muss (2018). <em>Der Gyn\u00e4kologe<\/em>, Springer. <a href=\"https:\/\/link.springer.com\/article\/10.1007\/s00129-018-4319-0\" target=\"_blank\" rel=\"noopener\">Springer<\/a><\/li>\n<\/ul>\n<p style=\"margin:14px 0 0;color:#6b7280;font-size:13px;font-style:italic\">Data da pesquisa: agosto de 2026. Este artigo explica o diagn\u00f3stico laboratorial em linguagem acess\u00edvel e n\u00e3o substitui a observa\u00e7\u00e3o, o aconselhamento nem a interpreta\u00e7\u00e3o de resultados por um m\u00e9dico.<\/p>\n<\/div>\n\n\n\n<script type=\"application\/ld+json\">\n{\"@context\":\"https:\/\/schema.org\",\"@type\":\"FAQPage\",\"mainEntity\":[{\"@type\":\"Question\",\"name\":\"Que an\u00e1lises ao sangue se devem fazer numa queda de cabelo?\",\"acceptedAnswer\":{\"@type\":\"Answer\",\"text\":\"Faz sentido um painel de base com seis valores: hemograma com f\u00f3rmula leucocit\u00e1ria, ferritina, PCR, TSH, vitamina D (25-OH) e zinco. Esta combina\u00e7\u00e3o cobre o d\u00e9fice de ferro, a anemia, a inflama\u00e7\u00e3o, a fun\u00e7\u00e3o da tiroide e as lacunas nutricionais mais frequentes. Se a queda difusa persistir apesar de valores sem altera\u00e7\u00f5es, acrescentam-se par\u00e2metros alargados, como a T3 livre, a T4 livre, os anticorpos anti-TPO, a B12 ou o \u00edndice de satura\u00e7\u00e3o da transferrina.\"}},{\"@type\":\"Question\",\"name\":\"A ferritina est\u00e1 inclu\u00edda num hemograma completo?\",\"acceptedAnswer\":{\"@type\":\"Answer\",\"text\":\"N\u00e3o. Um hemograma completo \u00e9 composto pelo hemograma simples e pela f\u00f3rmula leucocit\u00e1ria, que discrimina os gl\u00f3bulos brancos. A ferritina, a TSH, a vitamina D (25-OH) e o zinco n\u00e3o est\u00e3o l\u00e1 inclu\u00eddos e t\u00eam de ser pedidos separadamente. Atrav\u00e9s do VGM, o hemograma d\u00e1 quando muito uma pista indireta: gl\u00f3bulos vermelhos pequenos podem apontar para um d\u00e9fice de ferro.\"}},{\"@type\":\"Question\",\"name\":\"Que valor de ferritina \u00e9 relevante para o cabelo?\",\"acceptedAnswer\":{\"@type\":\"Answer\",\"text\":\"N\u00e3o existe um valor-alvo estabelecido para o cabelo. As refer\u00eancias laboratoriais definem o d\u00e9fice de ferro geralmente abaixo de 15 a 30 \u00b5g\/l. Na discuss\u00e3o entre especialistas fala-se, para o cabelo, em 40 a 70 \u00b5g\/l (Rushton 2002, Trost et al. 2006), mas estudos controlados como o de Olsen et al. 2010 contrariam-no. A administra\u00e7\u00e3o de ferro s\u00f3 \u00e9 indicada pela pr\u00e1tica m\u00e9dica perante um d\u00e9fice comprovado.\"}},{\"@type\":\"Question\",\"name\":\"\u00c9 poss\u00edvel detetar a queda heredit\u00e1ria no sangue e vale a pena medir a DHT ou a testosterona?\",\"acceptedAnswer\":{\"@type\":\"Answer\",\"text\":\"N\u00e3o. A alopecia androgen\u00e9tica assenta na sensibilidade dos fol\u00edculos \u00e0 DHT e n\u00e3o em n\u00edveis hormonais elevados; os homens afetados t\u00eam, em regra, valores normais de testosterona e de DHT. O diagn\u00f3stico faz-se pela observa\u00e7\u00e3o do padr\u00e3o e do couro cabeludo. Nas mulheres, os androg\u00e9nios s\u00e3o doseados com outro objetivo, o de procurar uma doen\u00e7a hormonal de base.\"}},{\"@type\":\"Question\",\"name\":\"Tenho de estar em jejum para a an\u00e1lise e devo suspender os suplementos capilares?\",\"acceptedAnswer\":{\"@type\":\"Answer\",\"text\":\"Para a ferritina, a TSH, a vitamina D, o zinco e a B12, o jejum n\u00e3o \u00e9, em regra, necess\u00e1rio; j\u00e1 para a glicemia e as gorduras no sangue \u00e9. Suspender os suplementos capilares com biotina em dose alta \u00e9, em contrapartida, expressamente recomendado pelas fontes laboratoriais: com 5 a 10 mg por dia, pelo menos oito horas; acima de 10 mg, pelo menos tr\u00eas dias. Em 2017, a FDA alertou para valores falseados da tiroide e da troponina.\"}},{\"@type\":\"Question\",\"name\":\"Que an\u00e1lises ao sangue numa queda difusa nas mulheres e quando \u00e9 feita a colheita?\",\"acceptedAnswer\":{\"@type\":\"Answer\",\"text\":\"A base \u00e9, nas mulheres, a mesma que nos homens: hemograma, ferritina, PCR, TSH, vitamina D (25-OH) e zinco. Os valores hormonais s\u00f3 se acrescentam havendo sinais correspondentes e a colheita \u00e9 marcada pelo m\u00e9dico, habitualmente na fase folicular inicial, por volta do 2.\u00ba ao 5.\u00ba dia do ciclo, e de manh\u00e3, porque a testosterona atinge o m\u00e1ximo por volta das 8 horas. Sob a p\u00edlula, os valores de androg\u00e9nios s\u00f3 podem ser avaliados de forma limitada.\"}},{\"@type\":\"Question\",\"name\":\"As an\u00e1lises ao sangue por queda de cabelo s\u00e3o comparticipadas?\",\"acceptedAnswer\":{\"@type\":\"Answer\",\"text\":\"Havendo um motivo m\u00e9dico, o estudo anal\u00edtico de base \u00e9 pedido no \u00e2mbito do acompanhamento cl\u00ednico; o que decide \u00e9 a indica\u00e7\u00e3o. O hemograma, a ferritina e a TSH s\u00e3o habitualmente pedidos perante uma queda difusa fundamentada, ao passo que os pacotes extensos de vitaminas e hormonas sem suspeita cl\u00ednica s\u00e3o muitas vezes pagos pelo pr\u00f3prio. O tratamento da queda heredit\u00e1ria \u00e9, na generalidade dos sistemas de sa\u00fade, considerado est\u00e9tico e fica fora da comparticipa\u00e7\u00e3o.\"}},{\"@type\":\"Question\",\"name\":\"Todas as an\u00e1lises est\u00e3o normais: porque \u00e9 que continuo a perder cabelo?\",\"acceptedAnswer\":{\"@type\":\"Answer\",\"text\":\"Na maioria dos casos h\u00e1 ent\u00e3o uma causa que simplesmente n\u00e3o se reflete no sangue. Quatro explica\u00e7\u00f5es cobrem a maior parte destas situa\u00e7\u00f5es: uma queda heredit\u00e1ria, que n\u00e3o se v\u00ea no sangue; um fator desencadeante passado, cujo valor j\u00e1 normalizou, porque a queda s\u00f3 come\u00e7a dois a quatro meses depois; um valor no limite inferior, que foi dado como normal; ou uma forma que se v\u00ea em vez de se medir. O passo seguinte \u00e9 a tricoscopia.\"}},{\"@type\":\"Question\",\"name\":\"Quanto tempo demora o cabelo a voltar a crescer depois de corrigido um d\u00e9fice?\",\"acceptedAnswer\":{\"@type\":\"Answer\",\"text\":\"Depois da corre\u00e7\u00e3o, a queda diminui tipicamente em tr\u00eas a seis meses, e a recupera\u00e7\u00e3o est\u00e9tica completa pode demorar 12 a 18 meses. A raz\u00e3o est\u00e1 no ciclo capilar: os cabelos na fase de repouso ainda caem antes de nascerem os novos. Os primeiros cabelos novos e curtos aparecem geralmente a partir do quinto ou sexto m\u00eas.\"}},{\"@type\":\"Question\",\"name\":\"Quem me explica os resultados, o m\u00e9dico de fam\u00edlia ou o dermatologista?\",\"acceptedAnswer\":{\"@type\":\"Answer\",\"text\":\"O resultado \u00e9 explicado por quem o pediu. A liga\u00e7\u00e3o entre o valor laboratorial e o quadro capilar \u00e9 feita normalmente na consulta de dermatologia, porque a\u00ed se observam tamb\u00e9m o couro cabeludo e o padr\u00e3o. Leve uma c\u00f3pia do resultado, assim os mesmos valores n\u00e3o s\u00e3o doseados duas vezes e a evolu\u00e7\u00e3o torna-se vis\u00edvel.\"}}]}\n<\/script>\n\n","protected":false},"excerpt":{"rendered":"<p>Quem vai ao m\u00e9dico por causa da queda de cabelo quer sobretudo saber duas coisas: que an\u00e1lises ao sangue devem realmente ser pedidas e o que significam os n\u00fameros do resultado. Realmente informativos s\u00e3o sobretudo seis valores: hemograma, ferritina, PCR (prote\u00edna C reativa), TSH, vitamina D (25-OH) e zinco. S\u00e3o eles que esclarecem as causas [&hellip;]<\/p>\n","protected":false},"author":10,"featured_media":89721,"comment_status":"closed","ping_status":"closed","sticky":false,"template":"","format":"standard","meta":{"_acf_changed":false,"_yoast_wpseo_meta-robots-noindex":"","_yoast_wpseo_meta-robots-nofollow":"","_yoast_wpseo_meta-robots-adv":"","_yoast_wpseo_canonical":"https:\/\/elithair.com\/pt\/blog-sobre-implante-capilar\/analises-ao-sangue-queda-de-cabelo\/","_yoast_wpseo_opengraph-title":"","_yoast_wpseo_opengraph-description":"","_yoast_wpseo_opengraph-image":"","_yoast_wpseo_twitter-title":"","_yoast_wpseo_twitter-description":"","_yoast_wpseo_twitter-image":"","_hm_hreflang_map":{"ar":47074,"de":58550,"en":96956,"es":91871,"fr":101237,"it":107656,"pt":89716,"tr":83298,"uk":96342,"x_default":96956},"_hm_language_code":"pt","footnotes":""},"categories":[9],"tags":[],"class_list":["post-89716","post","type-post","status-publish","format-standard","has-post-thumbnail","hentry","category-queda-de-cabelo-blog"],"acf":[],"yoast_head":"<!-- This site is optimized with the Yoast SEO Premium plugin v28.3 (Yoast SEO v28.3) - https:\/\/yoast.com\/product\/yoast-seo-premium-wordpress\/ -->\n<title>An\u00e1lises ao sangue na queda de cabelo: que valores esclarecem mesmo a causa? Ferritina, TSH e hemograma completo bem lidos<\/title>\n<meta name=\"description\" content=\"Que an\u00e1lises ao sangue fazem sentido na queda de cabelo: ferritina, TSH, vitamina D, zinco e hemograma, com intervalos de orienta\u00e7\u00e3o e prepara\u00e7\u00e3o.\" \/>\n<meta name=\"robots\" content=\"index, follow, max-snippet:-1, max-image-preview:large, max-video-preview:-1\" \/>\n<link rel=\"canonical\" href=\"https:\/\/elithair.com\/pt\/blog-sobre-implante-capilar\/analises-ao-sangue-queda-de-cabelo\/\" \/>\n<meta property=\"og:locale\" content=\"pt_PT\" \/>\n<meta property=\"og:type\" content=\"article\" \/>\n<meta property=\"og:title\" content=\"An\u00e1lises ao sangue na queda de cabelo: que valores fazem mesmo sentido\" \/>\n<meta property=\"og:description\" content=\"Que an\u00e1lises ao sangue fazem sentido na queda de cabelo: ferritina, TSH, vitamina D, zinco e hemograma, com intervalos de orienta\u00e7\u00e3o e prepara\u00e7\u00e3o.\" \/>\n<meta property=\"og:url\" content=\"https:\/\/elithair.com\/pt\/blog-sobre-implante-capilar\/analises-ao-sangue-queda-de-cabelo\/\" \/>\n<meta property=\"og:site_name\" content=\"Elithair\" \/>\n<meta property=\"article:publisher\" content=\"https:\/\/www.facebook.com\/Dr.Abdulaziz.Balwi.Hair.Transplant\" \/>\n<meta property=\"article:published_time\" content=\"2026-08-29T12:36:49+00:00\" \/>\n<meta property=\"og:image\" content=\"https:\/\/elithair.com\/pt\/wp-content\/uploads\/sites\/7\/2026\/08\/infografik_blut_zeigt__pt.png\" \/>\n<meta name=\"author\" content=\"Dr. Imad Moustafa\" \/>\n<meta name=\"twitter:card\" content=\"summary_large_image\" \/>\n<meta name=\"twitter:label1\" content=\"Escrito por\" \/>\n\t<meta name=\"twitter:data1\" content=\"Dr. Imad Moustafa\" \/>\n\t<meta name=\"twitter:label2\" content=\"Tempo estimado de leitura\" \/>\n\t<meta name=\"twitter:data2\" content=\"47 minutos\" \/>\n<script type=\"application\/ld+json\" class=\"yoast-schema-graph\">{\"@context\":\"https:\\\/\\\/schema.org\",\"@graph\":[{\"@type\":\"Article\",\"@id\":\"https:\\\/\\\/elithair.com\\\/pt\\\/blog-sobre-implante-capilar\\\/analises-ao-sangue-queda-de-cabelo\\\/#article\",\"isPartOf\":{\"@id\":\"https:\\\/\\\/elithair.com\\\/pt\\\/blog-sobre-implante-capilar\\\/analises-ao-sangue-queda-de-cabelo\\\/\"},\"author\":{\"name\":\"Dr. Imad Moustafa\",\"@id\":\"https:\\\/\\\/elithair.com\\\/pt\\\/#\\\/schema\\\/person\\\/11ce37e83a6343e4c37edcd4b5498e41\"},\"headline\":\"An\u00e1lises ao sangue na queda de cabelo: que valores fazem mesmo sentido\",\"datePublished\":\"2026-08-29T12:36:49+00:00\",\"mainEntityOfPage\":{\"@id\":\"https:\\\/\\\/elithair.com\\\/pt\\\/blog-sobre-implante-capilar\\\/analises-ao-sangue-queda-de-cabelo\\\/\"},\"wordCount\":9327,\"publisher\":{\"@id\":\"https:\\\/\\\/elithair.com\\\/pt\\\/#organization\"},\"image\":{\"@id\":\"https:\\\/\\\/elithair.com\\\/pt\\\/blog-sobre-implante-capilar\\\/analises-ao-sangue-queda-de-cabelo\\\/#primaryimage\"},\"thumbnailUrl\":\"https:\\\/\\\/elithair.com\\\/pt\\\/wp-content\\\/uploads\\\/sites\\\/7\\\/2026\\\/08\\\/hero-8.png\",\"articleSection\":[\"Queda de Cabelo\"],\"inLanguage\":\"pt-PT\"},{\"@type\":\"WebPage\",\"@id\":\"https:\\\/\\\/elithair.com\\\/pt\\\/blog-sobre-implante-capilar\\\/analises-ao-sangue-queda-de-cabelo\\\/\",\"url\":\"https:\\\/\\\/elithair.com\\\/pt\\\/blog-sobre-implante-capilar\\\/analises-ao-sangue-queda-de-cabelo\\\/\",\"name\":\"An\u00e1lises ao sangue na queda de cabelo: que valores esclarecem mesmo a causa? Ferritina, TSH e hemograma completo bem lidos\",\"isPartOf\":{\"@id\":\"https:\\\/\\\/elithair.com\\\/pt\\\/#website\"},\"primaryImageOfPage\":{\"@id\":\"https:\\\/\\\/elithair.com\\\/pt\\\/blog-sobre-implante-capilar\\\/analises-ao-sangue-queda-de-cabelo\\\/#primaryimage\"},\"image\":{\"@id\":\"https:\\\/\\\/elithair.com\\\/pt\\\/blog-sobre-implante-capilar\\\/analises-ao-sangue-queda-de-cabelo\\\/#primaryimage\"},\"thumbnailUrl\":\"https:\\\/\\\/elithair.com\\\/pt\\\/wp-content\\\/uploads\\\/sites\\\/7\\\/2026\\\/08\\\/hero-8.png\",\"datePublished\":\"2026-08-29T12:36:49+00:00\",\"description\":\"Que an\u00e1lises ao sangue fazem sentido na queda de cabelo: ferritina, TSH, vitamina D, zinco e hemograma, com intervalos de orienta\u00e7\u00e3o e prepara\u00e7\u00e3o.\",\"breadcrumb\":{\"@id\":\"https:\\\/\\\/elithair.com\\\/pt\\\/blog-sobre-implante-capilar\\\/analises-ao-sangue-queda-de-cabelo\\\/#breadcrumb\"},\"inLanguage\":\"pt-PT\",\"potentialAction\":[{\"@type\":\"ReadAction\",\"target\":[\"https:\\\/\\\/elithair.com\\\/pt\\\/blog-sobre-implante-capilar\\\/analises-ao-sangue-queda-de-cabelo\\\/\"]}]},{\"@type\":\"ImageObject\",\"inLanguage\":\"pt-PT\",\"@id\":\"https:\\\/\\\/elithair.com\\\/pt\\\/blog-sobre-implante-capilar\\\/analises-ao-sangue-queda-de-cabelo\\\/#primaryimage\",\"url\":\"https:\\\/\\\/elithair.com\\\/pt\\\/wp-content\\\/uploads\\\/sites\\\/7\\\/2026\\\/08\\\/hero-8.png\",\"contentUrl\":\"https:\\\/\\\/elithair.com\\\/pt\\\/wp-content\\\/uploads\\\/sites\\\/7\\\/2026\\\/08\\\/hero-8.png\",\"width\":1536,\"height\":1024,\"caption\":\"Blutentnahme-R\u00f6hrchen im Laborst\u00e4nder: Blutwerte bei Haarausfall werden aus einer Blutprobe bestimmt\"},{\"@type\":\"BreadcrumbList\",\"@id\":\"https:\\\/\\\/elithair.com\\\/pt\\\/blog-sobre-implante-capilar\\\/analises-ao-sangue-queda-de-cabelo\\\/#breadcrumb\",\"itemListElement\":[{\"@type\":\"ListItem\",\"position\":1,\"name\":\"Home\",\"item\":\"https:\\\/\\\/elithair.com\\\/pt\\\/\"},{\"@type\":\"ListItem\",\"position\":2,\"name\":\"An\u00e1lises ao sangue na queda de cabelo: que valores fazem mesmo sentido\"}]},{\"@type\":\"WebSite\",\"@id\":\"https:\\\/\\\/elithair.com\\\/pt\\\/#website\",\"url\":\"https:\\\/\\\/elithair.com\\\/pt\\\/\",\"name\":\"Elithair\",\"description\":\"\",\"publisher\":{\"@id\":\"https:\\\/\\\/elithair.com\\\/pt\\\/#organization\"},\"alternateName\":\"a melhor cl\u00ednica de transplante capilar na Turquia\",\"potentialAction\":[{\"@type\":\"SearchAction\",\"target\":{\"@type\":\"EntryPoint\",\"urlTemplate\":\"https:\\\/\\\/elithair.com\\\/pt\\\/?s={search_term_string}\"},\"query-input\":{\"@type\":\"PropertyValueSpecification\",\"valueRequired\":true,\"valueName\":\"search_term_string\"}}],\"inLanguage\":\"pt-PT\"},{\"@type\":\"Organization\",\"@id\":\"https:\\\/\\\/elithair.com\\\/pt\\\/#organization\",\"name\":\"Elithair\",\"url\":\"https:\\\/\\\/elithair.com\\\/pt\\\/\",\"logo\":{\"@type\":\"ImageObject\",\"inLanguage\":\"pt-PT\",\"@id\":\"https:\\\/\\\/elithair.com\\\/pt\\\/#\\\/schema\\\/logo\\\/image\\\/\",\"url\":\"https:\\\/\\\/elithair.com\\\/pt\\\/wp-content\\\/uploads\\\/sites\\\/7\\\/2026\\\/04\\\/elithair-logo-primary.svg\",\"contentUrl\":\"https:\\\/\\\/elithair.com\\\/pt\\\/wp-content\\\/uploads\\\/sites\\\/7\\\/2026\\\/04\\\/elithair-logo-primary.svg\",\"width\":1,\"height\":1,\"caption\":\"Elithair\"},\"image\":{\"@id\":\"https:\\\/\\\/elithair.com\\\/pt\\\/#\\\/schema\\\/logo\\\/image\\\/\"},\"sameAs\":[\"https:\\\/\\\/www.facebook.com\\\/Dr.Abdulaziz.Balwi.Hair.Transplant\",\"https:\\\/\\\/www.instagram.com\\\/elithairtransplant_pt\",\"https:\\\/\\\/www.tiktok.com\\\/@elithair.global\",\"https:\\\/\\\/www.youtube.com\\\/@transplantecapilar-elithai4428\"]},{\"@type\":\"Person\",\"@id\":\"https:\\\/\\\/elithair.com\\\/pt\\\/#\\\/schema\\\/person\\\/11ce37e83a6343e4c37edcd4b5498e41\",\"name\":\"Dr. Imad Moustafa\",\"image\":{\"@type\":\"ImageObject\",\"inLanguage\":\"pt-PT\",\"@id\":\"https:\\\/\\\/secure.gravatar.com\\\/avatar\\\/9190499f6f3008cd7da57b179f07bfea4b4e382c816ba3e0de68db0b5a70c07d?s=96&d=mm&r=g\",\"url\":\"https:\\\/\\\/secure.gravatar.com\\\/avatar\\\/9190499f6f3008cd7da57b179f07bfea4b4e382c816ba3e0de68db0b5a70c07d?s=96&d=mm&r=g\",\"contentUrl\":\"https:\\\/\\\/secure.gravatar.com\\\/avatar\\\/9190499f6f3008cd7da57b179f07bfea4b4e382c816ba3e0de68db0b5a70c07d?s=96&d=mm&r=g\",\"caption\":\"Dr. Imad Moustafa\"}}]}<\/script>\n<!-- \/ Yoast SEO Premium plugin. -->","yoast_head_json":{"title":"An\u00e1lises ao sangue na queda de cabelo: que valores esclarecem mesmo a causa? Ferritina, TSH e hemograma completo bem lidos","description":"Que an\u00e1lises ao sangue fazem sentido na queda de cabelo: ferritina, TSH, vitamina D, zinco e hemograma, com intervalos de orienta\u00e7\u00e3o e prepara\u00e7\u00e3o.","robots":{"index":"index","follow":"follow","max-snippet":"max-snippet:-1","max-image-preview":"max-image-preview:large","max-video-preview":"max-video-preview:-1"},"canonical":"https:\/\/elithair.com\/pt\/blog-sobre-implante-capilar\/analises-ao-sangue-queda-de-cabelo\/","og_locale":"pt_PT","og_type":"article","og_title":"An\u00e1lises ao sangue na queda de cabelo: que valores fazem mesmo sentido","og_description":"Que an\u00e1lises ao sangue fazem sentido na queda de cabelo: ferritina, TSH, vitamina D, zinco e hemograma, com intervalos de orienta\u00e7\u00e3o e prepara\u00e7\u00e3o.","og_url":"https:\/\/elithair.com\/pt\/blog-sobre-implante-capilar\/analises-ao-sangue-queda-de-cabelo\/","og_site_name":"Elithair","article_publisher":"https:\/\/www.facebook.com\/Dr.Abdulaziz.Balwi.Hair.Transplant","article_published_time":"2026-08-29T12:36:49+00:00","og_image":[{"url":"https:\/\/elithair.com\/pt\/wp-content\/uploads\/sites\/7\/2026\/08\/infografik_blut_zeigt__pt.png","type":"","width":"","height":""}],"author":"Dr. Imad Moustafa","twitter_card":"summary_large_image","twitter_misc":{"Escrito por":"Dr. Imad Moustafa","Tempo estimado de leitura":"47 minutos"},"schema":{"@context":"https:\/\/schema.org","@graph":[{"@type":"Article","@id":"https:\/\/elithair.com\/pt\/blog-sobre-implante-capilar\/analises-ao-sangue-queda-de-cabelo\/#article","isPartOf":{"@id":"https:\/\/elithair.com\/pt\/blog-sobre-implante-capilar\/analises-ao-sangue-queda-de-cabelo\/"},"author":{"name":"Dr. Imad Moustafa","@id":"https:\/\/elithair.com\/pt\/#\/schema\/person\/11ce37e83a6343e4c37edcd4b5498e41"},"headline":"An\u00e1lises ao sangue na queda de cabelo: que valores fazem mesmo sentido","datePublished":"2026-08-29T12:36:49+00:00","mainEntityOfPage":{"@id":"https:\/\/elithair.com\/pt\/blog-sobre-implante-capilar\/analises-ao-sangue-queda-de-cabelo\/"},"wordCount":9327,"publisher":{"@id":"https:\/\/elithair.com\/pt\/#organization"},"image":{"@id":"https:\/\/elithair.com\/pt\/blog-sobre-implante-capilar\/analises-ao-sangue-queda-de-cabelo\/#primaryimage"},"thumbnailUrl":"https:\/\/elithair.com\/pt\/wp-content\/uploads\/sites\/7\/2026\/08\/hero-8.png","articleSection":["Queda de Cabelo"],"inLanguage":"pt-PT"},{"@type":"WebPage","@id":"https:\/\/elithair.com\/pt\/blog-sobre-implante-capilar\/analises-ao-sangue-queda-de-cabelo\/","url":"https:\/\/elithair.com\/pt\/blog-sobre-implante-capilar\/analises-ao-sangue-queda-de-cabelo\/","name":"An\u00e1lises ao sangue na queda de cabelo: que valores esclarecem mesmo a causa? Ferritina, TSH e hemograma completo bem lidos","isPartOf":{"@id":"https:\/\/elithair.com\/pt\/#website"},"primaryImageOfPage":{"@id":"https:\/\/elithair.com\/pt\/blog-sobre-implante-capilar\/analises-ao-sangue-queda-de-cabelo\/#primaryimage"},"image":{"@id":"https:\/\/elithair.com\/pt\/blog-sobre-implante-capilar\/analises-ao-sangue-queda-de-cabelo\/#primaryimage"},"thumbnailUrl":"https:\/\/elithair.com\/pt\/wp-content\/uploads\/sites\/7\/2026\/08\/hero-8.png","datePublished":"2026-08-29T12:36:49+00:00","description":"Que an\u00e1lises ao sangue fazem sentido na queda de cabelo: ferritina, TSH, vitamina D, zinco e hemograma, com intervalos de orienta\u00e7\u00e3o e prepara\u00e7\u00e3o.","breadcrumb":{"@id":"https:\/\/elithair.com\/pt\/blog-sobre-implante-capilar\/analises-ao-sangue-queda-de-cabelo\/#breadcrumb"},"inLanguage":"pt-PT","potentialAction":[{"@type":"ReadAction","target":["https:\/\/elithair.com\/pt\/blog-sobre-implante-capilar\/analises-ao-sangue-queda-de-cabelo\/"]}]},{"@type":"ImageObject","inLanguage":"pt-PT","@id":"https:\/\/elithair.com\/pt\/blog-sobre-implante-capilar\/analises-ao-sangue-queda-de-cabelo\/#primaryimage","url":"https:\/\/elithair.com\/pt\/wp-content\/uploads\/sites\/7\/2026\/08\/hero-8.png","contentUrl":"https:\/\/elithair.com\/pt\/wp-content\/uploads\/sites\/7\/2026\/08\/hero-8.png","width":1536,"height":1024,"caption":"Blutentnahme-R\u00f6hrchen im Laborst\u00e4nder: Blutwerte bei Haarausfall werden aus einer Blutprobe bestimmt"},{"@type":"BreadcrumbList","@id":"https:\/\/elithair.com\/pt\/blog-sobre-implante-capilar\/analises-ao-sangue-queda-de-cabelo\/#breadcrumb","itemListElement":[{"@type":"ListItem","position":1,"name":"Home","item":"https:\/\/elithair.com\/pt\/"},{"@type":"ListItem","position":2,"name":"An\u00e1lises ao sangue na queda de cabelo: que valores fazem mesmo sentido"}]},{"@type":"WebSite","@id":"https:\/\/elithair.com\/pt\/#website","url":"https:\/\/elithair.com\/pt\/","name":"Elithair","description":"","publisher":{"@id":"https:\/\/elithair.com\/pt\/#organization"},"alternateName":"a melhor cl\u00ednica de transplante capilar na Turquia","potentialAction":[{"@type":"SearchAction","target":{"@type":"EntryPoint","urlTemplate":"https:\/\/elithair.com\/pt\/?s={search_term_string}"},"query-input":{"@type":"PropertyValueSpecification","valueRequired":true,"valueName":"search_term_string"}}],"inLanguage":"pt-PT"},{"@type":"Organization","@id":"https:\/\/elithair.com\/pt\/#organization","name":"Elithair","url":"https:\/\/elithair.com\/pt\/","logo":{"@type":"ImageObject","inLanguage":"pt-PT","@id":"https:\/\/elithair.com\/pt\/#\/schema\/logo\/image\/","url":"https:\/\/elithair.com\/pt\/wp-content\/uploads\/sites\/7\/2026\/04\/elithair-logo-primary.svg","contentUrl":"https:\/\/elithair.com\/pt\/wp-content\/uploads\/sites\/7\/2026\/04\/elithair-logo-primary.svg","width":1,"height":1,"caption":"Elithair"},"image":{"@id":"https:\/\/elithair.com\/pt\/#\/schema\/logo\/image\/"},"sameAs":["https:\/\/www.facebook.com\/Dr.Abdulaziz.Balwi.Hair.Transplant","https:\/\/www.instagram.com\/elithairtransplant_pt","https:\/\/www.tiktok.com\/@elithair.global","https:\/\/www.youtube.com\/@transplantecapilar-elithai4428"]},{"@type":"Person","@id":"https:\/\/elithair.com\/pt\/#\/schema\/person\/11ce37e83a6343e4c37edcd4b5498e41","name":"Dr. Imad Moustafa","image":{"@type":"ImageObject","inLanguage":"pt-PT","@id":"https:\/\/secure.gravatar.com\/avatar\/9190499f6f3008cd7da57b179f07bfea4b4e382c816ba3e0de68db0b5a70c07d?s=96&d=mm&r=g","url":"https:\/\/secure.gravatar.com\/avatar\/9190499f6f3008cd7da57b179f07bfea4b4e382c816ba3e0de68db0b5a70c07d?s=96&d=mm&r=g","contentUrl":"https:\/\/secure.gravatar.com\/avatar\/9190499f6f3008cd7da57b179f07bfea4b4e382c816ba3e0de68db0b5a70c07d?s=96&d=mm&r=g","caption":"Dr. Imad Moustafa"}}]}},"_links":{"self":[{"href":"https:\/\/elithair.com\/pt\/wp-json\/wp\/v2\/posts\/89716","targetHints":{"allow":["GET"]}}],"collection":[{"href":"https:\/\/elithair.com\/pt\/wp-json\/wp\/v2\/posts"}],"about":[{"href":"https:\/\/elithair.com\/pt\/wp-json\/wp\/v2\/types\/post"}],"author":[{"embeddable":true,"href":"https:\/\/elithair.com\/pt\/wp-json\/wp\/v2\/users\/10"}],"replies":[{"embeddable":true,"href":"https:\/\/elithair.com\/pt\/wp-json\/wp\/v2\/comments?post=89716"}],"version-history":[{"count":0,"href":"https:\/\/elithair.com\/pt\/wp-json\/wp\/v2\/posts\/89716\/revisions"}],"wp:featuredmedia":[{"embeddable":true,"href":"https:\/\/elithair.com\/pt\/wp-json\/wp\/v2\/media\/89721"}],"wp:attachment":[{"href":"https:\/\/elithair.com\/pt\/wp-json\/wp\/v2\/media?parent=89716"}],"wp:term":[{"taxonomy":"category","embeddable":true,"href":"https:\/\/elithair.com\/pt\/wp-json\/wp\/v2\/categories?post=89716"},{"taxonomy":"post_tag","embeddable":true,"href":"https:\/\/elithair.com\/pt\/wp-json\/wp\/v2\/tags?post=89716"}],"curies":[{"name":"wp","href":"https:\/\/api.w.org\/{rel}","templated":true}]}}