{"id":89715,"date":"2026-08-28T17:18:07","date_gmt":"2026-08-28T17:18:07","guid":{"rendered":"https:\/\/elithair.com\/pt\/blog-sobre-implante-capilar\/queda-de-cabelo-parte-de-tras-da-cabeca\/"},"modified":"2026-08-28T17:18:07","modified_gmt":"2026-08-28T17:18:07","slug":"queda-de-cabelo-parte-de-tras-da-cabeca","status":"publish","type":"post","link":"https:\/\/elithair.com\/pt\/blog-sobre-implante-capilar\/queda-de-cabelo-parte-de-tras-da-cabeca\/","title":{"rendered":"Queda de cabelo na parte de tr\u00e1s da cabe\u00e7a: redemoinho, tonsura ou outra causa?"},"content":{"rendered":"\n<div style=\"border-left:4px solid #0079F1;padding:0 0 0 14px;margin:0 0 26px\">\n<p style=\"margin:0 0 14px;color:#2e3033;font-size:17px;line-height:1.65\">A queda de cabelo na parte de tr\u00e1s da cabe\u00e7a \u00e9 a que notamos por \u00faltimo, muitas vezes s\u00f3 numa fotografia de f\u00e9rias ou porque algu\u00e9m faz um coment\u00e1rio. Para a causa, \u00e9 decisivo saber <strong>onde exatamente<\/strong> o cabelo fica mais fino: \u00e0 volta do redemoinho est\u00e1 quase sempre a queda de cabelo androgen\u00e9tica, ou seja, heredit\u00e1ria; forma-se uma zona rarefeita, o couro cabeludo passa a ver-se e a \u00e1rea cresce ao longo dos anos at\u00e9 se tornar uma tonsura. Na parte inferior de tr\u00e1s da cabe\u00e7a e na nuca, precisamente este tipo de queda \u00e9 at\u00edpico, porque essa zona \u00e9 resistente \u00e0 hormona DHT. S\u00e3o muitos os afetados: segundo o NHS brit\u00e2nico, at\u00e9 80% dos homens apresentam algum grau de queda de cabelo at\u00e9 aos 70 anos. Este artigo enquadra o seu caso zona a zona, desde os <a href=\"\/pt\/blog-sobre-implante-capilar\/escala-norwood-queda-de-cabelo\/\">est\u00e1dios Norwood<\/a> at\u00e9 \u00e0 quest\u00e3o do que ajuda realmente no redemoinho.<\/p>\n<p style=\"margin:0 0 8px;color:#013366;font-weight:700;font-size:16px\">O essencial em resumo<\/p>\n<ul style=\"margin:0 0 14px;padding:0;color:#2e3033;list-style:none\">\n<li style=\"position:relative;padding:3px 0 3px 24px\"><span style=\"position:absolute;left:0;top:3px;color:#0079F1;font-weight:700\">&#10003;<\/span>O v\u00e9rtex, ou seja, a parte superior de tr\u00e1s da cabe\u00e7a \u00e0 volta do redemoinho, \u00e9 uma zona central da queda de cabelo heredit\u00e1ria e \u00e9 classificada atrav\u00e9s dos est\u00e1dios Norwood<\/li>\n<li style=\"position:relative;padding:3px 0 3px 24px\"><span style=\"position:absolute;left:0;top:3px;color:#0079F1;font-weight:700\">&#10003;<\/span>Na parte inferior de tr\u00e1s da cabe\u00e7a e na nuca, a queda de cabelo heredit\u00e1ria \u00e9 at\u00edpica; a\u00ed, a alopecia areata, a tra\u00e7\u00e3o e a press\u00e3o s\u00e3o as explica\u00e7\u00f5es mais frequentes<\/li>\n<li style=\"position:relative;padding:3px 0 3px 24px\"><span style=\"position:absolute;left:0;top:3px;color:#0079F1;font-weight:700\">&#10003;<\/span>Um redemoinho nunca fica sem cabelo, apenas parece mais aberto: o que conta \u00e9 a densidade capilar no bordo e a evolu\u00e7\u00e3o ao longo de tr\u00eas a seis meses<\/li>\n<li style=\"position:relative;padding:3px 0 3px 24px\"><span style=\"position:absolute;left:0;top:3px;color:#0079F1;font-weight:700\">&#10003;<\/span>Nas mulheres, a parte de tr\u00e1s da cabe\u00e7a costuma ser poupada na queda de cabelo heredit\u00e1ria; a\u00ed rareia a risca central (padr\u00e3o de Ludwig)<\/li>\n<\/ul>\n<p style=\"margin:0;color:#2e3033\">O \u00edndice mostra o que encontra em cada ponto. Depois entramos no detalhe zona a zona, com autoavalia\u00e7\u00e3o, est\u00e1dios Norwood e um enquadramento s\u00f3brio dos tratamentos.<\/p>\n<\/div>\n\n\n\n<h2 class=\"wp-block-heading\" id=\"definition\">O que \u00e9 a queda de cabelo na parte de tr\u00e1s da cabe\u00e7a?<\/h2>\n\n\n\n<p class=\"wp-block-paragraph\"><strong>A queda de cabelo na parte de tr\u00e1s da cabe\u00e7a<\/strong> \u00e9 frequentemente um sinal t\u00edpico de alopecia androgen\u00e9tica, ou seja, da queda de cabelo heredit\u00e1ria. \u00c9 de longe a forma mais comum de queda de cabelo no homem: nos EUA, 53% dos homens entre os 40 e os 49 anos apresentam uma forma moderada a grave e, a partir dos 80 anos, praticamente todos os homens (revis\u00e3o \u00abMale Androgenetic Alopecia\u00bb, Endotext\/NCBI).<sup>[2]<\/sup> No in\u00edcio, a perda de cabelo manifesta-se sobretudo na zona da testa e das t\u00eamporas, dando origem \u00e0s chamadas entradas.<\/p>\n\n\n\n<p class=\"wp-block-paragraph\">Com a evolu\u00e7\u00e3o, a <a href=\"\/pt\/blog-sobre-implante-capilar\/queda-de-cabelo\/\">queda de cabelo<\/a> pode deslocar-se cada vez mais para a parte de tr\u00e1s da cabe\u00e7a. A\u00ed surge primeiro uma pequena zona rarefeita que, com o tempo, aumenta e pode levar \u00e0 chamada <strong>tonsura<\/strong> ou coroa de monge. O termo vem da zona rapada no alto da cabe\u00e7a dos monges medievais. \u00c9 carater\u00edstico manter-se uma faixa de cabelo em forma de anel.<\/p>\n\n\n\n<p class=\"wp-block-paragraph\">As zonas sem cabelo na parte de tr\u00e1s da cabe\u00e7a podem, no entanto, ter outras causas. Na <a href=\"\/pt\/blog-sobre-implante-capilar\/alopecia-areata\/\">alopecia areata (pelada)<\/a> tamb\u00e9m ocorre perda de cabelo, que n\u00e3o se limita a uma regi\u00e3o determinada e pode surgir em v\u00e1rios pontos da cabe\u00e7a. O risco ao longo da vida ronda os 2% (Lintzeri et al., JDDG 2022).<sup>[6]<\/sup><\/p>\n\n\n\n<p class=\"wp-block-paragraph\">Como as causas diferem e a evolu\u00e7\u00e3o varia, faz sentido um esclarecimento m\u00e9dico atempado. Sobretudo a queda de cabelo androgen\u00e9tica continua a progredir sem tratamento e n\u00e3o para por si pr\u00f3pria.<\/p>\n\n\n\n<h2 class=\"wp-block-heading\">Onde exatamente na parte de tr\u00e1s da cabe\u00e7a? A zona determina a causa<\/h2>\n\n\n\n<p class=\"wp-block-paragraph\">Na queda de cabelo na parte de tr\u00e1s da cabe\u00e7a, \u00e9 a zona que determina a causa: o <strong>v\u00e9rtex<\/strong>, ou seja, a parte superior de tr\u00e1s da cabe\u00e7a \u00e0 volta do redemoinho, \u00e9 sens\u00edvel aos androg\u00e9nios e, por isso, a zona cl\u00e1ssica da queda de cabelo heredit\u00e1ria. J\u00e1 a parte inferior de tr\u00e1s da cabe\u00e7a e a nuca, tecnicamente a <strong>zona occipital<\/strong>, s\u00e3o consideradas resistentes \u00e0 DHT. \u00c9 precisamente por isso que esta \u00e1rea serve, num transplante capilar, de zona dadora na parte de tr\u00e1s da cabe\u00e7a.<\/p>\n\n\n\n<p class=\"wp-block-paragraph\">O mecanismo por tr\u00e1s disto chama-se <strong>Donor Dominance<\/strong>. Norman Orentreich descreveu em 1959 que um fol\u00edculo capilar transplantado mant\u00e9m a sua carater\u00edstica gen\u00e9tica, independentemente do local para onde \u00e9 transferido. A sensibilidade \u00e0 di-hidrotestosterona (DHT) est\u00e1, portanto, no pr\u00f3prio fol\u00edculo e n\u00e3o no couro cabeludo. Revis\u00f5es modernas sobre o c\u00e1lculo da \u00e1rea dadora confirmam este princ\u00edpio como base do transplante capilar.<sup>[4]<\/sup><\/p>\n\n\n\n<p class=\"wp-block-paragraph\">Daqui decorrem duas coisas. Em primeiro lugar, a faixa de cabelo mant\u00e9m-se enquanto o v\u00e9rtex rareia, e um fol\u00edculo occipital continua a crescer no redemoinho. Em segundo lugar, uma perda de cabelo <strong>na nuca<\/strong> \u00e9 motivo para olhar com mais aten\u00e7\u00e3o e n\u00e3o para assumir que \u00e9 \u00abheredit\u00e1ria\u00bb: a\u00ed, a alopecia areata, a tra\u00e7\u00e3o, a press\u00e3o e as formas inflamat\u00f3rias s\u00e3o as explica\u00e7\u00f5es mais realistas.<\/p>\n\n\n<div class=\"wp-block-image\">\n<figure class=\"aligncenter size-large is-resized\" style=\"max-width:720px;margin-left:auto;margin-right:auto\"><img decoding=\"async\" src=\"https:\/\/elithair.com\/pt\/wp-content\/uploads\/sites\/7\/2026\/08\/zonen_landkarte_hinterkopf__pt.png\" alt=\"Zonas da parte de tr\u00e1s da cabe\u00e7a: v\u00e9rtex com redemoinho, zona dadora occipital e nuca com as respetivas causas t\u00edpicas\" class=\"wp-image-89928\" style=\"width:720px;max-width:100%;height:auto\"\/><\/figure>\n<\/div>\n\n\n<style>\n@media (max-width:640px){\n.rt-table-wrap{overflow-x:visible!important;border:0!important;border-radius:0!important}\n.rt-table{min-width:0!important}\n.rt-table thead{display:none}\n.rt-table,.rt-table tbody,.rt-table tr,.rt-table td{display:block;width:100%}\n.rt-table caption{display:block;padding:0 0 12px!important}\n.rt-table tr{margin:0 0 12px;border:1px solid #dbe4f0;border-radius:10px;overflow:hidden}\n.rt-table tr:last-child{margin-bottom:0}\n.rt-table td{display:flex!important;flex-direction:column;gap:3px;padding:12px 14px!important;\nborder:0!important;border-bottom:1px solid #e3e8ef!important;background:#ffffff!important}\n.rt-table tr td:last-child{border-bottom:0!important}\n.rt-table td::before{content:attr(data-label);font-size:12px;font-weight:700;letter-spacing:.04em;\ntext-transform:uppercase;color:#5799F1}\n.rt-table td:not([data-label])::before,.rt-table td[data-label=\"\"]::before{display:none}\n}\n<\/style>\n<div class=\"rt-table-wrap\" style=\"overflow-x:auto;-webkit-overflow-scrolling:touch;margin:28px 0;border:1px solid #dbe4f0;border-radius:12px\">\n  <table class=\"rt-table\" style=\"width:100%;min-width:660px;table-layout:fixed;border-collapse:separate;border-spacing:0;font-size:15px;margin:0\">\n    <caption style=\"caption-side:top;text-align:left;color:#003366;font-weight:700;font-size:16px;line-height:1.35;padding:14px 16px 10px;background:#ffffff\">O s\u00edtio onde falta cabelo diz muito sobre a causa<\/caption>\n    <thead>\n      <tr>\n        <th style=\"width:22%;background:#003366;color:#ffffff;font-weight:700;text-align:left;vertical-align:middle;padding:13px 16px;font-size:15px;line-height:1.4;border:0;overflow-wrap:break-word\">Zona da parte de tr\u00e1s da cabe\u00e7a<\/th>\n        <th style=\"background:#003366;color:#ffffff;font-weight:700;text-align:left;vertical-align:middle;padding:13px 16px;font-size:15px;line-height:1.4;border:0;overflow-wrap:break-word\">O que v\u00ea<\/th>\n        <th style=\"background:#003366;color:#ffffff;font-weight:700;text-align:left;vertical-align:middle;padding:13px 16px;font-size:15px;line-height:1.4;border:0;overflow-wrap:break-word\">Explica\u00e7\u00e3o mais frequente<\/th>\n        <th style=\"background:#003366;color:#ffffff;font-weight:700;text-align:left;vertical-align:middle;padding:13px 16px;font-size:15px;line-height:1.4;border:0;overflow-wrap:break-word\">Passo seguinte<\/th>\n      <\/tr>\n    <\/thead>\n    <tbody>\n      <tr>\n        <td data-label=\"Zona da parte de tr\u00e1s da cabe\u00e7a\" style=\"background:#ffffff;color:#003366;font-weight:700;text-align:left;vertical-align:top;padding:13px 16px;font-size:15px;line-height:1.55;border:0;border-bottom:1px solid #e3e8ef;overflow-wrap:break-word\">V\u00e9rtex e zona do redemoinho (parte superior de tr\u00e1s da cabe\u00e7a)<\/td>\n        <td data-label=\"O que v\u00ea\" style=\"background:#ffffff;color:#22303e;font-weight:400;text-align:left;vertical-align:top;padding:13px 16px;font-size:15px;line-height:1.55;border:0;border-bottom:1px solid #e3e8ef;overflow-wrap:break-word\">O couro cabeludo transparece \u00e0 volta do redemoinho, a \u00e1rea cresce lentamente ao longo de meses, com cabelos curtos e finos pelo meio<\/td>\n        <td data-label=\"Explica\u00e7\u00e3o mais frequente\" style=\"background:#ffffff;color:#22303e;font-weight:400;text-align:left;vertical-align:top;padding:13px 16px;font-size:15px;line-height:1.55;border:0;border-bottom:1px solid #e3e8ef;overflow-wrap:break-word\">Alopecia androgen\u00e9tica, tipo v\u00e9rtex (Norwood II a V)<\/td>\n        <td data-label=\"Passo seguinte\" style=\"background:#ffffff;color:#22303e;font-weight:400;text-align:left;vertical-align:top;padding:13px 16px;font-size:15px;line-height:1.55;border:0;border-bottom:1px solid #e3e8ef;overflow-wrap:break-word\">Determinar o est\u00e1dio Norwood, documentar a evolu\u00e7\u00e3o com fotografias, avaliar a terap\u00eautica conservadora<\/td>\n      <\/tr>\n      <tr>\n        <td data-label=\"Zona da parte de tr\u00e1s da cabe\u00e7a\" style=\"background:#f6f9fc;color:#003366;font-weight:700;text-align:left;vertical-align:top;padding:13px 16px;font-size:15px;line-height:1.55;border:0;border-bottom:1px solid #e3e8ef;overflow-wrap:break-word\">Transi\u00e7\u00e3o do v\u00e9rtex para o alto da cabe\u00e7a<\/td>\n        <td data-label=\"O que v\u00ea\" style=\"background:#f6f9fc;color:#22303e;font-weight:400;text-align:left;vertical-align:top;padding:13px 16px;font-size:15px;line-height:1.55;border:0;border-bottom:1px solid #e3e8ef;overflow-wrap:break-word\">Faixa rarefeita que liga o redemoinho \u00e0 zona da risca<\/td>\n        <td data-label=\"Explica\u00e7\u00e3o mais frequente\" style=\"background:#f6f9fc;color:#22303e;font-weight:400;text-align:left;vertical-align:top;padding:13px 16px;font-size:15px;line-height:1.55;border:0;border-bottom:1px solid #e3e8ef;overflow-wrap:break-word\">Alopecia androgen\u00e9tica em progress\u00e3o<\/td>\n        <td data-label=\"Passo seguinte\" style=\"background:#f6f9fc;color:#22303e;font-weight:400;text-align:left;vertical-align:top;padding:13px 16px;font-size:15px;line-height:1.55;border:0;border-bottom:1px solid #e3e8ef;overflow-wrap:break-word\">Esclarecimento m\u00e9dico, estabiliza\u00e7\u00e3o antes de qualquer outro planeamento<\/td>\n      <\/tr>\n      <tr>\n        <td data-label=\"Zona da parte de tr\u00e1s da cabe\u00e7a\" style=\"background:#ffffff;color:#003366;font-weight:700;text-align:left;vertical-align:top;padding:13px 16px;font-size:15px;line-height:1.55;border:0;border-bottom:1px solid #e3e8ef;overflow-wrap:break-word\">Zona occipital e faixa de cabelo (parte m\u00e9dia de tr\u00e1s da cabe\u00e7a)<\/td>\n        <td data-label=\"O que v\u00ea\" style=\"background:#ffffff;color:#22303e;font-weight:400;text-align:left;vertical-align:top;padding:13px 16px;font-size:15px;line-height:1.55;border:0;border-bottom:1px solid #e3e8ef;overflow-wrap:break-word\">\u00c1rea redonda, bem delimitada e sem cabelo, com pele lisa<\/td>\n        <td data-label=\"Explica\u00e7\u00e3o mais frequente\" style=\"background:#ffffff;color:#22303e;font-weight:400;text-align:left;vertical-align:top;padding:13px 16px;font-size:15px;line-height:1.55;border:0;border-bottom:1px solid #e3e8ef;overflow-wrap:break-word\">Alopecia areata; a queda de cabelo heredit\u00e1ria \u00e9 at\u00edpica aqui (zona resistente \u00e0 DHT)<\/td>\n        <td data-label=\"Passo seguinte\" style=\"background:#ffffff;color:#22303e;font-weight:400;text-align:left;vertical-align:top;padding:13px 16px;font-size:15px;line-height:1.55;border:0;border-bottom:1px solid #e3e8ef;overflow-wrap:break-word\">Consulta de dermatologia a curto prazo<\/td>\n      <\/tr>\n      <tr>\n        <td data-label=\"Zona da parte de tr\u00e1s da cabe\u00e7a\" style=\"background:#f6f9fc;color:#003366;font-weight:700;text-align:left;vertical-align:top;padding:13px 16px;font-size:15px;line-height:1.55;border:0;border-bottom:1px solid #e3e8ef;overflow-wrap:break-word\">Linha capilar inferior, em faixa de orelha a orelha<\/td>\n        <td data-label=\"O que v\u00ea\" style=\"background:#f6f9fc;color:#22303e;font-weight:400;text-align:left;vertical-align:top;padding:13px 16px;font-size:15px;line-height:1.55;border:0;border-bottom:1px solid #e3e8ef;overflow-wrap:break-word\">Perda em faixa ao longo da linha capilar inferior, sobre a nuca<\/td>\n        <td data-label=\"Explica\u00e7\u00e3o mais frequente\" style=\"background:#f6f9fc;color:#22303e;font-weight:400;text-align:left;vertical-align:top;padding:13px 16px;font-size:15px;line-height:1.55;border:0;border-bottom:1px solid #e3e8ef;overflow-wrap:break-word\">Alopecia areata do tipo ofi\u00e1sico<\/td>\n        <td data-label=\"Passo seguinte\" style=\"background:#f6f9fc;color:#22303e;font-weight:400;text-align:left;vertical-align:top;padding:13px 16px;font-size:15px;line-height:1.55;border:0;border-bottom:1px solid #e3e8ef;overflow-wrap:break-word\">Consulta de dermatologia a curto prazo, progn\u00f3stico menos favor\u00e1vel<\/td>\n      <\/tr>\n      <tr>\n        <td data-label=\"Zona da parte de tr\u00e1s da cabe\u00e7a\" style=\"background:#ffffff;color:#003366;font-weight:700;text-align:left;vertical-align:top;padding:13px 16px;font-size:15px;line-height:1.55;border:0;border-bottom:1px solid #e3e8ef;overflow-wrap:break-word\">Nuca e pontos de apoio (almofada, encosto de cabe\u00e7a, capacete, gola)<\/td>\n        <td data-label=\"O que v\u00ea\" style=\"background:#ffffff;color:#22303e;font-weight:400;text-align:left;vertical-align:top;padding:13px 16px;font-size:15px;line-height:1.55;border:0;border-bottom:1px solid #e3e8ef;overflow-wrap:break-word\">Rarefa\u00e7\u00e3o difusa ou cabelos partidos numa zona de fric\u00e7\u00e3o<\/td>\n        <td data-label=\"Explica\u00e7\u00e3o mais frequente\" style=\"background:#ffffff;color:#22303e;font-weight:400;text-align:left;vertical-align:top;padding:13px 16px;font-size:15px;line-height:1.55;border:0;border-bottom:1px solid #e3e8ef;overflow-wrap:break-word\">Alopecia por fric\u00e7\u00e3o ou por press\u00e3o<\/td>\n        <td data-label=\"Passo seguinte\" style=\"background:#ffffff;color:#22303e;font-weight:400;text-align:left;vertical-align:top;padding:13px 16px;font-size:15px;line-height:1.55;border:0;border-bottom:1px solid #e3e8ef;overflow-wrap:break-word\">Eliminar o fator desencadeante e observar durante tr\u00eas meses<\/td>\n      <\/tr>\n      <tr>\n        <td data-label=\"Zona da parte de tr\u00e1s da cabe\u00e7a\" style=\"background:#f6f9fc;color:#003366;font-weight:700;text-align:left;vertical-align:top;padding:13px 16px;font-size:15px;line-height:1.55;border:0;border-bottom:1px solid #e3e8ef;overflow-wrap:break-word\">Linhas de tra\u00e7\u00e3o (rabo de cavalo, coque, extens\u00f5es, turbante)<\/td>\n        <td data-label=\"O que v\u00ea\" style=\"background:#f6f9fc;color:#22303e;font-weight:400;text-align:left;vertical-align:top;padding:13px 16px;font-size:15px;line-height:1.55;border:0;border-bottom:1px solid #e3e8ef;overflow-wrap:break-word\">Rarefa\u00e7\u00e3o ao longo da linha de tra\u00e7\u00e3o, muitas vezes sim\u00e9trica<\/td>\n        <td data-label=\"Explica\u00e7\u00e3o mais frequente\" style=\"background:#f6f9fc;color:#22303e;font-weight:400;text-align:left;vertical-align:top;padding:13px 16px;font-size:15px;line-height:1.55;border:0;border-bottom:1px solid #e3e8ef;overflow-wrap:break-word\">Alopecia de tra\u00e7\u00e3o<\/td>\n        <td data-label=\"Passo seguinte\" style=\"background:#f6f9fc;color:#22303e;font-weight:400;text-align:left;vertical-align:top;padding:13px 16px;font-size:15px;line-height:1.55;border:0;border-bottom:1px solid #e3e8ef;overflow-wrap:break-word\">Acabar com a tra\u00e7\u00e3o; revers\u00edvel numa fase inicial, cicatricial numa fase tardia<\/td>\n      <\/tr>\n      <tr>\n        <td data-label=\"Zona da parte de tr\u00e1s da cabe\u00e7a\" style=\"background:#ffffff;color:#003366;font-weight:700;text-align:left;vertical-align:top;padding:13px 16px;font-size:15px;line-height:1.55;border:0;overflow-wrap:break-word\">Qualquer zona com vermelhid\u00e3o, descama\u00e7\u00e3o, p\u00fastulas, dor ou pele lisa e brilhante<\/td>\n        <td data-label=\"O que v\u00ea\" style=\"background:#ffffff;color:#22303e;font-weight:400;text-align:left;vertical-align:top;padding:13px 16px;font-size:15px;line-height:1.55;border:0;overflow-wrap:break-word\">Sinais de inflama\u00e7\u00e3o ou aus\u00eancia de poros capilares<\/td>\n        <td data-label=\"Explica\u00e7\u00e3o mais frequente\" style=\"background:#ffffff;color:#22303e;font-weight:400;text-align:left;vertical-align:top;padding:13px 16px;font-size:15px;line-height:1.55;border:0;overflow-wrap:break-word\">Alopecia inflamat\u00f3ria ou cicatricial<\/td>\n        <td data-label=\"Passo seguinte\" style=\"background:#ffffff;color:#22303e;font-weight:400;text-align:left;vertical-align:top;padding:13px 16px;font-size:15px;line-height:1.55;border:0;overflow-wrap:break-word\">N\u00e3o esperar, procurar esclarecimento m\u00e9dico<\/td>\n      <\/tr>\n    <\/tbody>\n  <\/table>\n<\/div>\n\n\n\n<div style=\"border:1px solid #e3e8ef;border-left:5px solid #013366;border-radius:10px;padding:18px 20px;margin:8px 0 28px\">\n<p style=\"margin:0 0 8px;color:#013366;font-weight:700;font-size:16px\">Enquadramento a partir da pr\u00e1tica de aconselhamento<\/p>\n<p style=\"margin:0;color:#2e3033;font-size:15px;line-height:1.65\">Quando recebemos fotografias da parte inferior de tr\u00e1s da cabe\u00e7a ou da nuca, na maioria dos casos a explica\u00e7\u00e3o n\u00e3o \u00e9 a queda de cabelo heredit\u00e1ria, mas sim uma \u00e1rea bem delimitada, uma linha de tra\u00e7\u00e3o ou uma zona de fric\u00e7\u00e3o. O inverso tamb\u00e9m se aplica: as fotografias do redemoinho mostram muitas vezes um est\u00e1dio inicial no v\u00e9rtex que a pr\u00f3pria pessoa ainda considera \u00abum redemoinho forte\u00bb. Por isso, no in\u00edcio est\u00e1 sempre a pergunta pela zona e n\u00e3o a pergunta pelo tratamento.<\/p>\n<\/div>\n\n\n\n<h2 class=\"wp-block-heading\">Redemoinho ou j\u00e1 uma zona rarefeita? A autoavalia\u00e7\u00e3o na parte de tr\u00e1s da cabe\u00e7a<\/h2>\n\n\n\n<p class=\"wp-block-paragraph\">Um redemoinho na parte de tr\u00e1s da cabe\u00e7a \u00e9 um padr\u00e3o natural de crescimento e nunca fica sem cabelo; j\u00e1 uma tonsura incipiente alastra do redemoinho para fora. A diferen\u00e7a n\u00e3o est\u00e1 no tamanho da \u00e1rea aberta, mas na densidade capilar no bordo, no calibre do cabelo e na evolu\u00e7\u00e3o ao longo de meses. O crit\u00e9rio tricosc\u00f3pico central da queda de cabelo heredit\u00e1ria \u00e9 a <strong>anisotricose<\/strong>, ou seja, uma variabilidade do di\u00e2metro da haste capilar de pelo menos 20% no homem e 10% na mulher.<sup>[5]<\/sup><\/p>\n\n\n\n<h3 class=\"wp-block-heading\">Como distingo um redemoinho de queda de cabelo?<\/h3>\n\n\n\n<p class=\"wp-block-paragraph\"><strong>Um redemoinho normal mant\u00e9m uma densidade alta e constante at\u00e9 muito perto do centro; uma tonsura incipiente rareia em dire\u00e7\u00e3o ao bordo e mostra miniaturiza\u00e7\u00e3o, ou seja, cabelos curtos e finos entre os fortes.<\/strong> Quatro carater\u00edsticas distinguem os dois de forma fi\u00e1vel:<\/p>\n\n\n\n<ul class=\"wp-block-list\">\n<li><strong>Bordo:<\/strong> No redemoinho, a densidade mant\u00e9m-se alta at\u00e9 junto ao centro; na tonsura, diminui em dire\u00e7\u00e3o ao bordo.<\/li>\n\n\n<li><strong>Calibre do cabelo:<\/strong> No redemoinho, todos os cabelos s\u00e3o igualmente fortes; na tonsura, h\u00e1 cabelos curtos e finos entre os grossos (miniaturiza\u00e7\u00e3o).<\/li>\n\n\n<li><strong>Forma:<\/strong> O redemoinho \u00e9 uma espiral com uma dire\u00e7\u00e3o de crescimento clara; a tonsura \u00e9 uma \u00e1rea arredondada que cresce para fora.<\/li>\n\n\n<li><strong>Evolu\u00e7\u00e3o:<\/strong> O redemoinho tem o mesmo aspeto ao fim de tr\u00eas a seis meses; a tonsura fica visivelmente maior.<\/li>\n\n<\/ul>\n\n\n\n<p class=\"wp-block-paragraph\">Estas quatro carater\u00edsticas s\u00e3o tamb\u00e9m o que se mede na tricoscopia dermatol\u00f3gica: na revis\u00e3o sistem\u00e1tica \u00abTrichoscopy of Androgenetic Alopecia\u00bb, a variabilidade do di\u00e2metro capilar foi detet\u00e1vel em 94% dos doentes com alopecia androgen\u00e9tica e os pelos velus em 66%.<sup>[5]<\/sup> A autoavalia\u00e7\u00e3o n\u00e3o substitui uma tricoscopia. Serve apenas para decidir se pode observar com calma ou se deve marcar uma consulta.<\/p>\n\n\n<div class=\"wp-block-image\">\n<figure class=\"aligncenter size-large is-resized\" style=\"max-width:560px;margin-left:auto;margin-right:auto\"><img decoding=\"async\" src=\"https:\/\/elithair.com\/pt\/wp-content\/uploads\/sites\/7\/2026\/08\/wirbel_vs_tonsur.png\" alt=\"Compara\u00e7\u00e3o de dois pormenores do couro cabeludo vistos de cima: redemoinho uniformemente denso \u00e0 esquerda, tonsura a rarear com cabelos finos \u00e0 direita\" class=\"wp-image-89929\" style=\"width:560px;max-width:100%;height:auto\"\/><\/figure>\n<\/div>\n\n\n<style>\n@media (max-width:640px){\n.rt-table-wrap{overflow-x:visible!important;border:0!important;border-radius:0!important}\n.rt-table{min-width:0!important}\n.rt-table thead{display:none}\n.rt-table,.rt-table tbody,.rt-table tr,.rt-table td{display:block;width:100%}\n.rt-table caption{display:block;padding:0 0 12px!important}\n.rt-table tr{margin:0 0 12px;border:1px solid #dbe4f0;border-radius:10px;overflow:hidden}\n.rt-table tr:last-child{margin-bottom:0}\n.rt-table td{display:flex!important;flex-direction:column;gap:3px;padding:12px 14px!important;\nborder:0!important;border-bottom:1px solid #e3e8ef!important;background:#ffffff!important}\n.rt-table tr td:last-child{border-bottom:0!important}\n.rt-table td::before{content:attr(data-label);font-size:12px;font-weight:700;letter-spacing:.04em;\ntext-transform:uppercase;color:#5799F1}\n.rt-table td:not([data-label])::before,.rt-table td[data-label=\"\"]::before{display:none}\n}\n<\/style>\n<div class=\"rt-table-wrap\" style=\"overflow-x:auto;-webkit-overflow-scrolling:touch;margin:28px 0;border:1px solid #dbe4f0;border-radius:12px\">\n  <table class=\"rt-table\" style=\"width:100%;min-width:620px;table-layout:fixed;border-collapse:separate;border-spacing:0;font-size:15px;margin:0\">\n    <caption style=\"caption-side:top;text-align:left;color:#003366;font-weight:700;font-size:16px;line-height:1.35;padding:14px 16px 10px;background:#ffffff\">Autoavalia\u00e7\u00e3o: redemoinho normal ou tonsura incipiente na parte de tr\u00e1s da cabe\u00e7a?<\/caption>\n    <thead>\n      <tr>\n        <th style=\"width:22%;background:#003366;color:#ffffff;font-weight:700;text-align:left;vertical-align:middle;padding:13px 16px;font-size:15px;line-height:1.4;border:0;overflow-wrap:break-word\">Carater\u00edstica<\/th>\n        <th style=\"background:#003366;color:#ffffff;font-weight:700;text-align:left;vertical-align:middle;padding:13px 16px;font-size:15px;line-height:1.4;border:0;overflow-wrap:break-word\">Redemoinho normal<\/th>\n        <th style=\"background:#003366;color:#ffffff;font-weight:700;text-align:left;vertical-align:middle;padding:13px 16px;font-size:15px;line-height:1.4;border:0;overflow-wrap:break-word\">Tonsura incipiente<\/th>\n      <\/tr>\n    <\/thead>\n    <tbody>\n      <tr>\n        <td data-label=\"Carater\u00edstica\" style=\"background:#ffffff;color:#003366;font-weight:700;text-align:left;vertical-align:top;padding:13px 16px;font-size:15px;line-height:1.55;border:0;border-bottom:1px solid #e3e8ef;overflow-wrap:break-word\">Densidade no bordo da \u00e1rea aberta<\/td>\n        <td data-label=\"Redemoinho normal\" style=\"background:#ffffff;color:#22303e;font-weight:400;text-align:left;vertical-align:top;padding:13px 16px;font-size:15px;line-height:1.55;border:0;border-bottom:1px solid #e3e8ef;overflow-wrap:break-word\">Mant\u00e9m-se alta at\u00e9 junto ao centro<\/td>\n        <td data-label=\"Tonsura incipiente\" style=\"background:#ffffff;color:#22303e;font-weight:400;text-align:left;vertical-align:top;padding:13px 16px;font-size:15px;line-height:1.55;border:0;border-bottom:1px solid #e3e8ef;overflow-wrap:break-word\">Diminui em dire\u00e7\u00e3o ao bordo, com transi\u00e7\u00e3o suave<\/td>\n      <\/tr>\n      <tr>\n        <td data-label=\"Carater\u00edstica\" style=\"background:#f6f9fc;color:#003366;font-weight:700;text-align:left;vertical-align:top;padding:13px 16px;font-size:15px;line-height:1.55;border:0;border-bottom:1px solid #e3e8ef;overflow-wrap:break-word\">Espessura do cabelo na \u00e1rea<\/td>\n        <td data-label=\"Redemoinho normal\" style=\"background:#f6f9fc;color:#22303e;font-weight:400;text-align:left;vertical-align:top;padding:13px 16px;font-size:15px;line-height:1.55;border:0;border-bottom:1px solid #e3e8ef;overflow-wrap:break-word\">Uniformemente forte<\/td>\n        <td data-label=\"Tonsura incipiente\" style=\"background:#f6f9fc;color:#22303e;font-weight:400;text-align:left;vertical-align:top;padding:13px 16px;font-size:15px;line-height:1.55;border:0;border-bottom:1px solid #e3e8ef;overflow-wrap:break-word\">Cabelos grossos e finos misturados, muitos cabelos curtos e finos<\/td>\n      <\/tr>\n      <tr>\n        <td data-label=\"Carater\u00edstica\" style=\"background:#ffffff;color:#003366;font-weight:700;text-align:left;vertical-align:top;padding:13px 16px;font-size:15px;line-height:1.55;border:0;border-bottom:1px solid #e3e8ef;overflow-wrap:break-word\">Forma<\/td>\n        <td data-label=\"Redemoinho normal\" style=\"background:#ffffff;color:#22303e;font-weight:400;text-align:left;vertical-align:top;padding:13px 16px;font-size:15px;line-height:1.55;border:0;border-bottom:1px solid #e3e8ef;overflow-wrap:break-word\">Espiral com dire\u00e7\u00e3o de crescimento reconhec\u00edvel<\/td>\n        <td data-label=\"Tonsura incipiente\" style=\"background:#ffffff;color:#22303e;font-weight:400;text-align:left;vertical-align:top;padding:13px 16px;font-size:15px;line-height:1.55;border:0;border-bottom:1px solid #e3e8ef;overflow-wrap:break-word\">\u00c1rea arredondada, cresce para fora<\/td>\n      <\/tr>\n      <tr>\n        <td data-label=\"Carater\u00edstica\" style=\"background:#f6f9fc;color:#003366;font-weight:700;text-align:left;vertical-align:top;padding:13px 16px;font-size:15px;line-height:1.55;border:0;border-bottom:1px solid #e3e8ef;overflow-wrap:break-word\">Evolu\u00e7\u00e3o ao longo de 3 a 6 meses<\/td>\n        <td data-label=\"Redemoinho normal\" style=\"background:#f6f9fc;color:#22303e;font-weight:400;text-align:left;vertical-align:top;padding:13px 16px;font-size:15px;line-height:1.55;border:0;border-bottom:1px solid #e3e8ef;overflow-wrap:break-word\">Inalterado<\/td>\n        <td data-label=\"Tonsura incipiente\" style=\"background:#f6f9fc;color:#22303e;font-weight:400;text-align:left;vertical-align:top;padding:13px 16px;font-size:15px;line-height:1.55;border:0;border-bottom:1px solid #e3e8ef;overflow-wrap:break-word\">\u00c1rea visivelmente maior, couro cabeludo mais evidente<\/td>\n      <\/tr>\n      <tr>\n        <td data-label=\"Carater\u00edstica\" style=\"background:#ffffff;color:#003366;font-weight:700;text-align:left;vertical-align:top;padding:13px 16px;font-size:15px;line-height:1.55;border:0;border-bottom:1px solid #e3e8ef;overflow-wrap:break-word\">Comportamento com o cabelo molhado<\/td>\n        <td data-label=\"Redemoinho normal\" style=\"background:#ffffff;color:#22303e;font-weight:400;text-align:left;vertical-align:top;padding:13px 16px;font-size:15px;line-height:1.55;border:0;border-bottom:1px solid #e3e8ef;overflow-wrap:break-word\">Com o cabelo molhado parece mais aberto; seco, volta ao normal<\/td>\n        <td data-label=\"Tonsura incipiente\" style=\"background:#ffffff;color:#22303e;font-weight:400;text-align:left;vertical-align:top;padding:13px 16px;font-size:15px;line-height:1.55;border:0;border-bottom:1px solid #e3e8ef;overflow-wrap:break-word\">Vis\u00edvel tamb\u00e9m com o cabelo seco e sem produto<\/td>\n      <\/tr>\n      <tr>\n        <td data-label=\"Carater\u00edstica\" style=\"background:#f6f9fc;color:#003366;font-weight:700;text-align:left;vertical-align:top;padding:13px 16px;font-size:15px;line-height:1.55;border:0;border-bottom:1px solid #e3e8ef;overflow-wrap:break-word\">Outras zonas da cabe\u00e7a<\/td>\n        <td data-label=\"Redemoinho normal\" style=\"background:#f6f9fc;color:#22303e;font-weight:400;text-align:left;vertical-align:top;padding:13px 16px;font-size:15px;line-height:1.55;border:0;border-bottom:1px solid #e3e8ef;overflow-wrap:break-word\">Linha capilar e t\u00eamporas inalteradas<\/td>\n        <td data-label=\"Tonsura incipiente\" style=\"background:#f6f9fc;color:#22303e;font-weight:400;text-align:left;vertical-align:top;padding:13px 16px;font-size:15px;line-height:1.55;border:0;border-bottom:1px solid #e3e8ef;overflow-wrap:break-word\">Muitas vezes com entradas associadas<\/td>\n      <\/tr>\n      <tr>\n        <td data-label=\"Carater\u00edstica\" style=\"background:#ffffff;color:#003366;font-weight:700;text-align:left;vertical-align:top;padding:13px 16px;font-size:15px;line-height:1.55;border:0;overflow-wrap:break-word\">O que fazer agora<\/td>\n        <td data-label=\"Redemoinho normal\" style=\"background:#ffffff;color:#22303e;font-weight:400;text-align:left;vertical-align:top;padding:13px 16px;font-size:15px;line-height:1.55;border:0;overflow-wrap:break-word\">Criar um registo fotogr\u00e1fico e comparar daqui a 3 meses<\/td>\n        <td data-label=\"Tonsura incipiente\" style=\"background:#ffffff;color:#22303e;font-weight:400;text-align:left;vertical-align:top;padding:13px 16px;font-size:15px;line-height:1.55;border:0;overflow-wrap:break-word\">Consulta de dermatologia, determinar o est\u00e1dio<\/td>\n      <\/tr>\n    <\/tbody>\n  <\/table>\n<\/div>\n\n\n\n<div style=\"border:1px solid #e3e8ef;border-radius:10px;padding:20px 22px;margin:8px 0 28px\">\n<p style=\"margin:0 0 12px;color:#013366;font-weight:700;font-size:17px\">Registo fotogr\u00e1fico da parte de tr\u00e1s da cabe\u00e7a<\/p>\n<ul style=\"margin:0;padding-left:20px;color:#2e3033;font-size:15px;line-height:1.8\">\n<li>Luz do dia junto \u00e0 janela, sem luz de teto vinda de cima<\/li>\n<li>Cabelo seco, sem produto, com a risca do costume<\/li>\n<li>C\u00e2mara de tr\u00e1s e de cima, sempre \u00e0 mesma dist\u00e2ncia e no mesmo \u00e2ngulo<\/li>\n<li>Sempre \u00e0 mesma hora do dia e com a mesma luz<\/li>\n<li>Fotografias agora, aos 3 e aos 6 meses, com a data no nome do ficheiro<\/li>\n<li>Para comparar, colocar as duas imagens lado a lado, sem julgar de mem\u00f3ria<\/li>\n<\/ul>\n<p style=\"margin:12px 0 0;color:#5b6169;font-size:13.5px;font-style:italic\">O registo \u00e9 uma orienta\u00e7\u00e3o para a consulta m\u00e9dica e n\u00e3o substitui um diagn\u00f3stico m\u00e9dico.<\/p>\n<\/div>\n\n\n<div class=\"wp-block-image\">\n<figure class=\"aligncenter size-large is-resized\" style=\"max-width:560px;margin-left:auto;margin-right:auto\"><img decoding=\"async\" src=\"https:\/\/elithair.com\/pt\/wp-content\/uploads\/sites\/7\/2026\/08\/foto_protokoll_hinterkopf.png\" alt=\"Ilustra\u00e7\u00e3o do registo fotogr\u00e1fico: pessoa fotografa a pr\u00f3pria parte de tr\u00e1s da cabe\u00e7a junto \u00e0 janela, ao lado uma sequ\u00eancia de imagens sugerida\" class=\"wp-image-89930\" style=\"width:560px;max-width:100%;height:auto\"\/><\/figure>\n<\/div>\n\n\n<h3 class=\"wp-block-heading\">Os tr\u00eas falsos alarmes mais frequentes no redemoinho<\/h3>\n\n\n\n<p class=\"wp-block-paragraph\">A maioria dos falsos alarmes na parte de tr\u00e1s da cabe\u00e7a deve-se \u00e0 luz, ao styling e ao padr\u00e3o de crescimento. Para estes tr\u00eas pontos n\u00e3o h\u00e1 estudos: resultam da experi\u00eancia do dia a dia no aconselhamento, mas explicam grande parte das preocupa\u00e7\u00f5es. Em primeiro lugar, o cabelo molhado, o gel e a cera colam os cabelos no redemoinho e qualquer couro cabeludo passa ent\u00e3o a transparecer. Em segundo lugar, a luz de teto vinda de cima lan\u00e7a sombras na espiral do redemoinho. Em terceiro lugar, um <strong>duplo redemoinho<\/strong> \u00e9 um padr\u00e3o de crescimento e n\u00e3o queda de cabelo; apenas parece mais irregular.<\/p>\n\n\n\n<p class=\"wp-block-paragraph\">H\u00e1 mais dois pontos que pertencem aqui, porque s\u00e3o muitas vezes confundidos. Uma <strong>queimadura solar no redemoinho<\/strong> \u00e9, pelo contr\u00e1rio, um sinal a levar a s\u00e9rio: onde h\u00e1 menos cabelo falta prote\u00e7\u00e3o UV, o que aponta para uma densidade efetivamente reduzida. E <strong>dormir de costas<\/strong> n\u00e3o provoca queda de cabelo. Uma verdadeira alopecia por press\u00e3o est\u00e1 descrita na literatura m\u00e9dica ap\u00f3s horas de imobilidade, por exemplo depois de cirurgias longas, e n\u00e3o depois de uma noite normal.<\/p>\n\n\n\n<h3 class=\"wp-block-heading\">Com que rapidez se desenvolve uma tonsura na parte de tr\u00e1s da cabe\u00e7a?<\/h3>\n\n\n\n<p class=\"wp-block-paragraph\">Uma tonsura na parte de tr\u00e1s da cabe\u00e7a desenvolve-se de forma individual e, na maioria dos casos, ao longo de anos e n\u00e3o de semanas. N\u00e3o existe uma velocidade fixa; bem documentada est\u00e1 apenas a dire\u00e7\u00e3o: numa coorte australiana, a propor\u00e7\u00e3o de homens com tipo v\u00e9rtex ou calv\u00edcie total subiu de 31% entre os 40 e os 55 anos para 53% entre os 65 e os 69 anos.<sup>[2]<\/sup> A queda de cabelo heredit\u00e1ria avan\u00e7a, portanto, por surtos ao longo de d\u00e9cadas.<\/p>\n\n\n\n<p class=\"wp-block-paragraph\">Para a sua decis\u00e3o, a sua pr\u00f3pria velocidade \u00e9 mais importante do que qualquer m\u00e9dia. Se a \u00e1rea crescer de forma vis\u00edvel entre duas fotografias com seis meses de intervalo, a evolu\u00e7\u00e3o considera-se ativa e faz sentido um enquadramento m\u00e9dico antes de pensar num transplante. Se a imagem se mantiver igual durante um ano, isso aponta para uma evolu\u00e7\u00e3o lenta ou estabilizada. \u00c9 precisamente por isso que o registo fotogr\u00e1fico \u00e9 mais do que um exerc\u00edcio tranquilizador: \u00e9 a \u00fanica curva de evolu\u00e7\u00e3o que pode construir por si pr\u00f3prio.<\/p>\n\n\n\n<h2 class=\"wp-block-heading\" id=\"ursachen\">Causas da queda de cabelo na parte de tr\u00e1s da cabe\u00e7a<\/h2>\n\n\n\n<p class=\"wp-block-paragraph\"><strong>A causa mais frequente da queda de cabelo na parte de tr\u00e1s da cabe\u00e7a \u00e9 a alopecia androgen\u00e9tica no v\u00e9rtex, ou seja, a predisposi\u00e7\u00e3o gen\u00e9tica \u00e0 volta do redemoinho.<\/strong> Al\u00e9m disso, h\u00e1 fatores hormonais, metab\u00f3licos e mec\u00e2nicos que podem estar em causa e que se distinguem pelo padr\u00e3o e pela evolu\u00e7\u00e3o. Entre as causas mais frequentes contam-se:<\/p>\n\n\n\n<ul class=\"wp-block-list\">\n<li><strong>Predisposi\u00e7\u00e3o gen\u00e9tica:<\/strong> Na queda de cabelo heredit\u00e1ria (alopecia androgen\u00e9tica), as ra\u00edzes do cabelo nas t\u00eamporas, na zona da testa e no v\u00e9rtex, a parte superior de tr\u00e1s da cabe\u00e7a \u00e0 volta do redemoinho, reagem de forma particularmente sens\u00edvel \u00e0 hormona DHT. A parte inferior de tr\u00e1s da cabe\u00e7a e a nuca ficam, em regra, poupadas: s\u00e3o resistentes \u00e0 DHT.<sup>[4]<\/sup><\/li>\n\n\n<li><strong>Altera\u00e7\u00f5es hormonais:<\/strong> Um desequil\u00edbrio hormonal ou uma sensibilidade aumentada \u00e0 DHT pode perturbar o ciclo capilar e acelerar a perda de cabelo nas \u00e1reas t\u00edpicas.<\/li>\n\n\n<li><strong>Stress:<\/strong> O stress f\u00edsico ou psicol\u00f3gico prolongado pode desregular o ciclo capilar. A perda de cabelo da\u00ed resultante surge com atraso, tipicamente dois a tr\u00eas meses depois do fator desencadeante.<\/li>\n\n\n<li><strong>Car\u00eancia de nutrientes:<\/strong> Se faltarem ao organismo ferro, vitamina D, zinco ou prote\u00edna, a nutri\u00e7\u00e3o das ra\u00edzes do cabelo pode ficar comprometida. Esta queda de cabelo \u00e9, no entanto, difusa por toda a cabe\u00e7a e n\u00e3o se limita \u00e0 parte de tr\u00e1s.<\/li>\n\n\n<li><strong>Doen\u00e7as:<\/strong> Altera\u00e7\u00f5es da tiroide, doen\u00e7as autoimunes e doen\u00e7as da pele podem modificar o ciclo de crescimento capilar e favorecer a queda de cabelo.<\/li>\n\n\n<li><strong>Medicamentos:<\/strong> Determinados f\u00e1rmacos podem provocar queda de cabelo como efeito secund\u00e1rio, que se nota, entre outros locais, na parte de tr\u00e1s da cabe\u00e7a.<\/li>\n\n<\/ul>\n\n\n\n<p class=\"wp-block-paragraph\">Para determinar a causa exata, fazem sentido um exame m\u00e9dico do couro cabeludo e das ra\u00edzes do cabelo e, se necess\u00e1rio, an\u00e1lises ao sangue. O tratamento dirigido \u00e0 causa \u00e9 decisivo, mesmo quando a perda de cabelo nesta zona j\u00e1 est\u00e1 avan\u00e7ada.<\/p>\n\n\n\n<h3 class=\"wp-block-heading\">Causas t\u00edpicas da parte inferior de tr\u00e1s da cabe\u00e7a e da nuca<\/h3>\n\n\n\n<p class=\"wp-block-paragraph\"><strong>Na parte inferior de tr\u00e1s da cabe\u00e7a e na nuca predominam causas diferentes das do v\u00e9rtex, porque esta zona \u00e9 resistente \u00e0 DHT.<\/strong> Em resumo, o conjunto de causas que deve conhecer quando a \u00e1rea afetada n\u00e3o fica no redemoinho:<\/p>\n\n\n\n<ul class=\"wp-block-list\">\n<li><strong>Alopecia areata (pelada):<\/strong> placas redondas, lisas e bem delimitadas, com cabelos em ponto de exclama\u00e7\u00e3o no bordo. O <strong>tipo ofi\u00e1sico<\/strong> em faixa na linha capilar inferior tem uma preval\u00eancia de cerca de 0,02% e \u00e9 considerado de progn\u00f3stico menos favor\u00e1vel (Lintzeri et al., JDDG 2022).<sup>[6]<\/sup><\/li>\n\n\n<li><strong>Alopecia de tra\u00e7\u00e3o:<\/strong> tra\u00e7\u00e3o por rabo de cavalo, coque, cornrows ou extens\u00f5es; totalmente revers\u00edvel na fase inicial, cicatricial ao fim de anos.<sup>[8]<\/sup><\/li>\n\n\n<li><strong>Alopecia por fric\u00e7\u00e3o e por press\u00e3o:<\/strong> fric\u00e7\u00e3o contra a almofada, o encosto de cabe\u00e7a, o capacete ou a gola.<\/li>\n\n\n<li><strong>Causas inflamat\u00f3rias e cicatriciais:<\/strong> na nuca, sobretudo a <strong>Acne keloidalis nuchae<\/strong> (StatPearls),<sup>[9]<\/sup> a que se juntam a foliculite decalvante, a habitual <a href=\"\/pt\/blog-sobre-implante-capilar\/inflamacao-raiz-cabelo-foliculite\/\">inflama\u00e7\u00e3o da raiz do cabelo<\/a> e a tinea capitis nas crian\u00e7as.<\/li>\n\n\n<li><strong>Tricotilomania:<\/strong> arrancamento mec\u00e2nico, com comprimentos de cabelo desiguais dentro da placa.<\/li>\n\n\n<li><strong>Formas difusas:<\/strong> um efl\u00favio telog\u00e9nico depois de uma infe\u00e7\u00e3o, de uma cirurgia, de uma dieta, de uma car\u00eancia de ferro ou de uma altera\u00e7\u00e3o da tiroide afeta toda a cabe\u00e7a, mas nota-se primeiro no redemoinho (<a href=\"\/pt\/blog-sobre-implante-capilar\/causas-queda-de-cabelo\/\">vis\u00e3o geral de todas as causas<\/a>).<\/li>\n\n<\/ul>\n\n\n\n<p class=\"wp-block-paragraph\">Vermelhid\u00e3o, descama\u00e7\u00e3o, p\u00fastulas, comich\u00e3o ou dor s\u00e3o os sinais de alarme em todas as formas inflamat\u00f3rias, pois depois da cicatriza\u00e7\u00e3o o fol\u00edculo est\u00e1 perdido, e as alopecias cicatriciais ativas s\u00e3o uma contraindica\u00e7\u00e3o clara para um transplante capilar.<sup>[9]<\/sup> O que ajuda em cada forma e quanto tempo demora est\u00e1 reunido na tabela <a href=\"#behandlungstabelle\">Causa, tratamento e prazos<\/a>.<\/p>\n\n\n<div class=\"wp-block-image\">\n<figure class=\"aligncenter size-large is-resized\" style=\"max-width:720px;margin-left:auto;margin-right:auto\"><img decoding=\"async\" src=\"https:\/\/elithair.com\/pt\/wp-content\/uploads\/sites\/7\/2026\/08\/nacken_haaransatz.png\" alt=\"Grande plano da linha capilar inferior na nuca com luz do dia\" class=\"wp-image-89931\" style=\"width:720px;max-width:100%;height:auto\"\/><\/figure>\n<\/div>\n\n\n<h3 class=\"wp-block-heading\">Queda de cabelo heredit\u00e1ria na nuca? Porque \u00e9 pouco prov\u00e1vel<\/h3>\n\n\n\n<p class=\"wp-block-paragraph\">A queda de cabelo heredit\u00e1ria na nuca \u00e9 at\u00edpica, porque a zona occipital \u00e9 resistente \u00e0 di-hidrotestosterona e, por isso, \u00e9 considerada a \u00ab\u00e1rea segura\u00bb no transplante capilar.<sup>[4]<\/sup> Se ainda assim rarear ali, h\u00e1 tr\u00eas cen\u00e1rios que o explicam: uma alopecia areata do tipo ofi\u00e1sico, uma causa mec\u00e2nica por tra\u00e7\u00e3o ou fric\u00e7\u00e3o, ou uma queda de cabelo difusa que afeta toda a cabe\u00e7a e que na nuca apenas \u00e9 notada primeiro.<\/p>\n\n\n\n<p class=\"wp-block-paragraph\">Na pr\u00e1tica, isto significa: uma zona sem cabelo abaixo do redemoinho n\u00e3o \u00e9 um argumento para \u00abvou ficar careca\u00bb, mas sim um motivo para um esclarecimento dermatol\u00f3gico. Tamb\u00e9m muda a terap\u00eautica, porque o minoxidil e a finasterida atuam sobre a queda de cabelo androgen\u00e9tica e n\u00e3o sobre estas formas.<\/p>\n\n\n\n<h3 class=\"wp-block-heading\">Sintomas da queda de cabelo na parte de tr\u00e1s da cabe\u00e7a<\/h3>\n\n\n\n<p class=\"wp-block-paragraph\">Consideram-se fisiol\u00f3gicos 50 a 100 cabelos perdidos por dia; muitos guias de sa\u00fade indicam frequentemente o intervalo de 70 a 100 (American Academy of Dermatology, NHS).<sup>[10][1]<\/sup> N\u00e3o existe um limite r\u00edgido. Torna-se motivo de aten\u00e7\u00e3o quando, ao longo de v\u00e1rias semanas, passam a ser sistematicamente e claramente mais. <strong>A queda de cabelo na parte de tr\u00e1s da cabe\u00e7a<\/strong> manifesta-se, no in\u00edcio, quase sempre de forma insidiosa: o cabelo parece globalmente mais fino, o couro cabeludo transparece cada vez mais e \u00e9 mais dif\u00edcil de disfar\u00e7ar.<\/p>\n\n\n\n<p class=\"wp-block-paragraph\">O verdadeiro sinal precoce n\u00e3o \u00e9, por\u00e9m, contar cabelos, mas sim a <strong>miniaturiza\u00e7\u00e3o<\/strong>: cabelos curtos e finos entre os fortes, tecnicamente anisotricose. A partir de uma variabilidade de di\u00e2metro de 20% no homem e de 10% na mulher, considera-se um crit\u00e9rio de diagn\u00f3stico da alopecia androgen\u00e9tica.<sup>[5]<\/sup> S\u00e3o precisamente estes cabelos que quase n\u00e3o se conseguem pentear e que ficam levantados de forma irregular.<\/p>\n\n\n<div class=\"wp-block-image\">\n<figure class=\"aligncenter size-large is-resized\" style=\"max-width:560px;margin-left:auto;margin-right:auto\"><img decoding=\"async\" src=\"https:\/\/elithair.com\/pt\/wp-content\/uploads\/sites\/7\/2026\/08\/miniaturisierung_follikel.png\" alt=\"Corte transversal do couro cabeludo com quatro fol\u00edculos capilares, do forte ao muito miniaturizado\" class=\"wp-image-89932\" style=\"width:560px;max-width:100%;height:auto\"\/><\/figure>\n<\/div>\n\n\n<p class=\"wp-block-paragraph\">Se a causa n\u00e3o for tratada, a zona rarefeita inicialmente pequena na parte de tr\u00e1s da cabe\u00e7a pode aumentar gradualmente. Num est\u00e1dio avan\u00e7ado forma-se uma \u00e1rea sem cabelo claramente vis\u00edvel, mantendo-se muitas vezes apenas uma faixa de cabelo na zona da nuca e das orelhas.<\/p>\n\n\n\n<p class=\"wp-block-paragraph\">Esta evolu\u00e7\u00e3o \u00e9 t\u00edpica da perda de cabelo de origem heredit\u00e1ria e pode, mais tarde, estender-se a todo o alto da cabe\u00e7a. Por isso \u00e9 importante um esclarecimento atempado, para detetar cedo a perda de cabelo e trat\u00e1-la de forma dirigida.<\/p>\n\n\n\n<figure class=\"wp-block-image size-full\"><img decoding=\"async\" src=\"https:\/\/elithair.com\/pt\/wp-content\/uploads\/sites\/7\/2026\/08\/bestand_95874.png\" alt=\"Jovem paciente na cl\u00ednica capilar Elithair com o Dr. Balwi\" class=\"wp-image-89941\"\/><\/figure>\n\n\n\n<h2 class=\"wp-block-heading\">Em que ponto est\u00e1? Os est\u00e1dios Norwood na parte de tr\u00e1s da cabe\u00e7a<\/h2>\n\n\n\n<p class=\"wp-block-paragraph\">A queda de cabelo na parte de tr\u00e1s da cabe\u00e7a \u00e9 classificada segundo a <strong>escala Hamilton-Norwood<\/strong> da seguinte forma: o tipo v\u00e9rtex come\u00e7a com uma zona aberta no redemoinho e cresce at\u00e9 o v\u00e9rtex e a linha capilar em recuo se juntarem numa calv\u00edcie. A escala abrange os est\u00e1dios 1 a 7 e \u00e9 reprodut\u00edvel, sendo por isso tamb\u00e9m \u00fatil para o controlo da evolu\u00e7\u00e3o.<sup>[2]<\/sup> A frequ\u00eancia com que o v\u00e9rtex \u00e9 afetado depende muito da idade: numa coorte australiana, 31% dos homens entre os 40 e os 55 anos e 53% entre os 65 e os 69 anos apresentavam um tipo v\u00e9rtex ou de calv\u00edcie total.<sup>[2]<\/sup><\/p>\n\n\n\n<p class=\"wp-block-paragraph\">Para si, o est\u00e1dio conta por uma raz\u00e3o pr\u00e1tica: decide se uma terap\u00eautica conservadora ainda consegue preservar cabelo de forma \u00fatil e se um transplante daria um resultado est\u00e1vel. A escala completa, com todos os est\u00e1dios e imagens, est\u00e1 no nosso artigo sobre a <a href=\"\/pt\/blog-sobre-implante-capilar\/escala-norwood-queda-de-cabelo\/\">escala Norwood-Hamilton<\/a>.<\/p>\n\n\n<div class=\"wp-block-image\">\n<figure class=\"aligncenter size-large is-resized\" style=\"max-width:560px;margin-left:auto;margin-right:auto\"><img decoding=\"async\" src=\"https:\/\/elithair.com\/pt\/wp-content\/uploads\/sites\/7\/2026\/08\/norwood_vertex_verlauf.png\" alt=\"Quatro esquemas da parte de tr\u00e1s da cabe\u00e7a mostram o aumento da zona rarefeita no redemoinho at\u00e9 restar apenas a faixa de cabelo\" class=\"wp-image-89933\" style=\"width:560px;max-width:100%;height:auto\"\/><\/figure>\n<\/div>\n\n\n<style>\n@media (max-width:640px){\n.rt-table-wrap{overflow-x:visible!important;border:0!important;border-radius:0!important}\n.rt-table{min-width:0!important}\n.rt-table thead{display:none}\n.rt-table,.rt-table tbody,.rt-table tr,.rt-table td{display:block;width:100%}\n.rt-table caption{display:block;padding:0 0 12px!important}\n.rt-table tr{margin:0 0 12px;border:1px solid #dbe4f0;border-radius:10px;overflow:hidden}\n.rt-table tr:last-child{margin-bottom:0}\n.rt-table td{display:flex!important;flex-direction:column;gap:3px;padding:12px 14px!important;\nborder:0!important;border-bottom:1px solid #e3e8ef!important;background:#ffffff!important}\n.rt-table tr td:last-child{border-bottom:0!important}\n.rt-table td::before{content:attr(data-label);font-size:12px;font-weight:700;letter-spacing:.04em;\ntext-transform:uppercase;color:#5799F1}\n.rt-table td:not([data-label])::before,.rt-table td[data-label=\"\"]::before{display:none}\n}\n<\/style>\n<div class=\"rt-table-wrap\" style=\"overflow-x:auto;-webkit-overflow-scrolling:touch;margin:28px 0;border:1px solid #dbe4f0;border-radius:12px\">\n  <table class=\"rt-table\" style=\"width:100%;min-width:660px;table-layout:fixed;border-collapse:separate;border-spacing:0;font-size:15px;margin:0\">\n    <caption style=\"caption-side:top;text-align:left;color:#003366;font-weight:700;font-size:16px;line-height:1.35;padding:14px 16px 10px;background:#ffffff\">Est\u00e1dios Norwood, na medida em que a parte de tr\u00e1s da cabe\u00e7a \u00e9 afetada<\/caption>\n    <thead>\n      <tr>\n        <th style=\"width:22%;background:#003366;color:#ffffff;font-weight:700;text-align:left;vertical-align:middle;padding:13px 16px;font-size:15px;line-height:1.4;border:0;overflow-wrap:break-word\">Est\u00e1dio<\/th>\n        <th style=\"background:#003366;color:#ffffff;font-weight:700;text-align:left;vertical-align:middle;padding:13px 16px;font-size:15px;line-height:1.4;border:0;overflow-wrap:break-word\">O que \u00e9 vis\u00edvel na parte de tr\u00e1s da cabe\u00e7a<\/th>\n        <th style=\"background:#003366;color:#ffffff;font-weight:700;text-align:left;vertical-align:middle;padding:13px 16px;font-size:15px;line-height:1.4;border:0;overflow-wrap:break-word\">O que faz sentido do ponto de vista m\u00e9dico<\/th>\n        <th style=\"background:#003366;color:#ffffff;font-weight:700;text-align:left;vertical-align:middle;padding:13px 16px;font-size:15px;line-height:1.4;border:0;overflow-wrap:break-word\">O que isso significa para um transplante<\/th>\n      <\/tr>\n    <\/thead>\n    <tbody>\n      <tr>\n        <td data-label=\"Est\u00e1dio\" style=\"background:#ffffff;color:#003366;font-weight:700;text-align:left;vertical-align:top;padding:13px 16px;font-size:15px;line-height:1.55;border:0;border-bottom:1px solid #e3e8ef;overflow-wrap:break-word\">Norwood II a III (tipo v\u00e9rtex)<\/td>\n        <td data-label=\"O que \u00e9 vis\u00edvel na parte de tr\u00e1s da cabe\u00e7a\" style=\"background:#ffffff;color:#22303e;font-weight:400;text-align:left;vertical-align:top;padding:13px 16px;font-size:15px;line-height:1.55;border:0;border-bottom:1px solid #e3e8ef;overflow-wrap:break-word\">Pequena zona aberta no redemoinho, o couro cabeludo transparece com o cabelo molhado, cabelos finos pelo meio<\/td>\n        <td data-label=\"O que faz sentido do ponto de vista m\u00e9dico\" style=\"background:#ffffff;color:#22303e;font-weight:400;text-align:left;vertical-align:top;padding:13px 16px;font-size:15px;line-height:1.55;border:0;border-bottom:1px solid #e3e8ef;overflow-wrap:break-word\">Confirmar o diagn\u00f3stico, documentar a evolu\u00e7\u00e3o, avaliar a terap\u00eautica conservadora<\/td>\n        <td data-label=\"O que isso significa para um transplante\" style=\"background:#ffffff;color:#22303e;font-weight:400;text-align:left;vertical-align:top;padding:13px 16px;font-size:15px;line-height:1.55;border:0;border-bottom:1px solid #e3e8ef;overflow-wrap:break-word\">Na maioria dos casos, \u00e9 cedo demais: primeiro estabilizar e observar a evolu\u00e7\u00e3o<\/td>\n      <\/tr>\n      <tr>\n        <td data-label=\"Est\u00e1dio\" style=\"background:#f6f9fc;color:#003366;font-weight:700;text-align:left;vertical-align:top;padding:13px 16px;font-size:15px;line-height:1.55;border:0;border-bottom:1px solid #e3e8ef;overflow-wrap:break-word\">Norwood IV<\/td>\n        <td data-label=\"O que \u00e9 vis\u00edvel na parte de tr\u00e1s da cabe\u00e7a\" style=\"background:#f6f9fc;color:#22303e;font-weight:400;text-align:left;vertical-align:top;padding:13px 16px;font-size:15px;line-height:1.55;border:0;border-bottom:1px solid #e3e8ef;overflow-wrap:break-word\">Tonsura n\u00edtida no v\u00e9rtex, ainda com uma faixa de cabelo at\u00e9 \u00e0 zona da testa<\/td>\n        <td data-label=\"O que faz sentido do ponto de vista m\u00e9dico\" style=\"background:#f6f9fc;color:#22303e;font-weight:400;text-align:left;vertical-align:top;padding:13px 16px;font-size:15px;line-height:1.55;border:0;border-bottom:1px solid #e3e8ef;overflow-wrap:break-word\">Estabiliza\u00e7\u00e3o conservadora, avalia\u00e7\u00e3o m\u00e9dica da velocidade<\/td>\n        <td data-label=\"O que isso significa para um transplante\" style=\"background:#f6f9fc;color:#22303e;font-weight:400;text-align:left;vertical-align:top;padding:13px 16px;font-size:15px;line-height:1.55;border:0;border-bottom:1px solid #e3e8ef;overflow-wrap:break-word\">Plane\u00e1vel se a evolu\u00e7\u00e3o estiver est\u00e1vel h\u00e1 pelo menos um ano ou estabilizada com medica\u00e7\u00e3o<\/td>\n      <\/tr>\n      <tr>\n        <td data-label=\"Est\u00e1dio\" style=\"background:#ffffff;color:#003366;font-weight:700;text-align:left;vertical-align:top;padding:13px 16px;font-size:15px;line-height:1.55;border:0;border-bottom:1px solid #e3e8ef;overflow-wrap:break-word\">Norwood V<\/td>\n        <td data-label=\"O que \u00e9 vis\u00edvel na parte de tr\u00e1s da cabe\u00e7a\" style=\"background:#ffffff;color:#22303e;font-weight:400;text-align:left;vertical-align:top;padding:13px 16px;font-size:15px;line-height:1.55;border:0;border-bottom:1px solid #e3e8ef;overflow-wrap:break-word\">A faixa de cabelo entre o v\u00e9rtex e a testa fica estreita, o v\u00e9rtex e o alto da cabe\u00e7a aproximam-se<\/td>\n        <td data-label=\"O que faz sentido do ponto de vista m\u00e9dico\" style=\"background:#ffffff;color:#22303e;font-weight:400;text-align:left;vertical-align:top;padding:13px 16px;font-size:15px;line-height:1.55;border:0;border-bottom:1px solid #e3e8ef;overflow-wrap:break-word\">Estabiliza\u00e7\u00e3o e planeamento realista das prioridades<\/td>\n        <td data-label=\"O que isso significa para um transplante\" style=\"background:#ffffff;color:#22303e;font-weight:400;text-align:left;vertical-align:top;padding:13px 16px;font-size:15px;line-height:1.55;border:0;border-bottom:1px solid #e3e8ef;overflow-wrap:break-word\">Poss\u00edvel; a zona dadora passa agora a ser o fator limitante<\/td>\n      <\/tr>\n      <tr>\n        <td data-label=\"Est\u00e1dio\" style=\"background:#f6f9fc;color:#003366;font-weight:700;text-align:left;vertical-align:top;padding:13px 16px;font-size:15px;line-height:1.55;border:0;overflow-wrap:break-word\">Norwood VI e VII<\/td>\n        <td data-label=\"O que \u00e9 vis\u00edvel na parte de tr\u00e1s da cabe\u00e7a\" style=\"background:#f6f9fc;color:#22303e;font-weight:400;text-align:left;vertical-align:top;padding:13px 16px;font-size:15px;line-height:1.55;border:0;overflow-wrap:break-word\">O v\u00e9rtex e a zona da testa est\u00e3o ligados, resta a faixa de cabelo<\/td>\n        <td data-label=\"O que faz sentido do ponto de vista m\u00e9dico\" style=\"background:#f6f9fc;color:#22303e;font-weight:400;text-align:left;vertical-align:top;padding:13px 16px;font-size:15px;line-height:1.55;border:0;overflow-wrap:break-word\">Avalia\u00e7\u00e3o m\u00e9dica da densidade dadora, clarificar as expetativas quanto \u00e0 \u00e1rea<\/td>\n        <td data-label=\"O que isso significa para um transplante\" style=\"background:#f6f9fc;color:#22303e;font-weight:400;text-align:left;vertical-align:top;padding:13px 16px;font-size:15px;line-height:1.55;border:0;overflow-wrap:break-word\">A \u00e1rea e a reserva dadora decidem; uma densidade total uniforme n\u00e3o \u00e9 alcan\u00e7\u00e1vel<\/td>\n      <\/tr>\n    <\/tbody>\n  <\/table>\n<\/div>\n\n\n\n<h2 class=\"wp-block-heading\">Queda de cabelo na parte de tr\u00e1s da cabe\u00e7a na mulher<\/h2>\n\n\n\n<p class=\"wp-block-paragraph\">Nas mulheres, a parte de tr\u00e1s da cabe\u00e7a costuma n\u00e3o ser afetada pela queda de cabelo heredit\u00e1ria: o padr\u00e3o feminino, segundo Ludwig I a III, rareia a risca central e o alto da cabe\u00e7a, enquanto a linha capilar frontal e a parte de tr\u00e1s da cabe\u00e7a se mant\u00eam. Na revis\u00e3o \u00abFemale Pattern Hair Loss\u00bb, \u00e9 precisamente esta preserva\u00e7\u00e3o da linha capilar que constitui o sinal-chave, e o diagn\u00f3stico compara a densidade central com a occipital, porque a regi\u00e3o occipital se mant\u00e9m est\u00e1vel.<sup>[11]<\/sup> Segundo o documento de consenso espanhol da AEDV, est\u00e3o afetadas quase 10% das mulheres.<sup>[3]<\/sup><\/p>\n\n\n\n<p class=\"wp-block-paragraph\">Uma zona sem cabelo delimitada na parte de tr\u00e1s da cabe\u00e7a \u00e9, por isso, um sinal diferente numa mulher e num homem. Por ordem de probabilidade: alopecia areata, tra\u00e7\u00e3o por rabo de cavalo, coque ou extens\u00f5es, fric\u00e7\u00e3o nos pontos de apoio, um efl\u00favio telog\u00e9nico difuso depois do parto, depois de suspender a p\u00edlula, em caso de car\u00eancia de ferro ou de altera\u00e7\u00e3o da tiroide, e ainda formas inflamat\u00f3rias e cicatriciais. Mais sobre a forma feminina no artigo sobre a queda de cabelo na mulher e sobre a <a href=\"\/pt\/blog-sobre-implante-capilar\/queda-de-cabelo-difusa\/\">queda de cabelo difusa<\/a>.<\/p>\n\n\n\n<p class=\"wp-block-paragraph\">N\u00e3o deve esperar se a \u00e1rea for redonda e bem delimitada, se o couro cabeludo ficar vermelho, descamar, com comich\u00e3o ou dor, se a pele parecer lisa e brilhante sem poros capilares vis\u00edveis, se a queda come\u00e7ar de repente em poucas semanas ou se surgirem tamb\u00e9m altera\u00e7\u00f5es do ciclo, acne, aumento da pilosidade corporal ou cansa\u00e7o. Um transplante capilar s\u00f3 \u00e9 considerado na mulher em caso de causa est\u00e1vel e bem delimitada e de zona dadora suficiente; numa queda difusa n\u00e3o est\u00e1 indicado.<\/p>\n\n\n<div class=\"wp-block-image\">\n<figure class=\"aligncenter size-large is-resized\" style=\"max-width:560px;margin-left:auto;margin-right:auto\"><img decoding=\"async\" src=\"https:\/\/elithair.com\/pt\/wp-content\/uploads\/sites\/7\/2026\/08\/frauen_muster_hinterkopf.png\" alt=\"Tr\u00eas esquemas de cabe\u00e7as femininas: risca central alargada, placa redonda na parte de tr\u00e1s da cabe\u00e7a e rarefa\u00e7\u00e3o ao longo da linha de tra\u00e7\u00e3o\" class=\"wp-image-89934\" style=\"width:560px;max-width:100%;height:auto\"\/><\/figure>\n<\/div>\n\n\n<style>\n@media (max-width:640px){\n.rt-table-wrap{overflow-x:visible!important;border:0!important;border-radius:0!important}\n.rt-table{min-width:0!important}\n.rt-table thead{display:none}\n.rt-table,.rt-table tbody,.rt-table tr,.rt-table td{display:block;width:100%}\n.rt-table caption{display:block;padding:0 0 12px!important}\n.rt-table tr{margin:0 0 12px;border:1px solid #dbe4f0;border-radius:10px;overflow:hidden}\n.rt-table tr:last-child{margin-bottom:0}\n.rt-table td{display:flex!important;flex-direction:column;gap:3px;padding:12px 14px!important;\nborder:0!important;border-bottom:1px solid #e3e8ef!important;background:#ffffff!important}\n.rt-table tr td:last-child{border-bottom:0!important}\n.rt-table td::before{content:attr(data-label);font-size:12px;font-weight:700;letter-spacing:.04em;\ntext-transform:uppercase;color:#5799F1}\n.rt-table td:not([data-label])::before,.rt-table td[data-label=\"\"]::before{display:none}\n}\n<\/style>\n<div class=\"rt-table-wrap\" style=\"overflow-x:auto;-webkit-overflow-scrolling:touch;margin:28px 0;border:1px solid #dbe4f0;border-radius:12px\">\n  <table class=\"rt-table\" style=\"width:100%;min-width:660px;table-layout:fixed;border-collapse:separate;border-spacing:0;font-size:15px;margin:0\">\n    <caption style=\"caption-side:top;text-align:left;color:#003366;font-weight:700;font-size:16px;line-height:1.35;padding:14px 16px 10px;background:#ffffff\">Queda de cabelo na parte de tr\u00e1s da cabe\u00e7a na mulher: identificar o padr\u00e3o<\/caption>\n    <thead>\n      <tr>\n        <th style=\"width:22%;background:#003366;color:#ffffff;font-weight:700;text-align:left;vertical-align:middle;padding:13px 16px;font-size:15px;line-height:1.4;border:0;overflow-wrap:break-word\">Padr\u00e3o<\/th>\n        <th style=\"background:#003366;color:#ffffff;font-weight:700;text-align:left;vertical-align:middle;padding:13px 16px;font-size:15px;line-height:1.4;border:0;overflow-wrap:break-word\">Localiza\u00e7\u00e3o t\u00edpica<\/th>\n        <th style=\"background:#003366;color:#ffffff;font-weight:700;text-align:left;vertical-align:middle;padding:13px 16px;font-size:15px;line-height:1.4;border:0;overflow-wrap:break-word\">O que pode estar por tr\u00e1s<\/th>\n        <th style=\"background:#003366;color:#ffffff;font-weight:700;text-align:left;vertical-align:middle;padding:13px 16px;font-size:15px;line-height:1.4;border:0;overflow-wrap:break-word\">Urg\u00eancia<\/th>\n      <\/tr>\n    <\/thead>\n    <tbody>\n      <tr>\n        <td data-label=\"Padr\u00e3o\" style=\"background:#ffffff;color:#003366;font-weight:700;text-align:left;vertical-align:top;padding:13px 16px;font-size:15px;line-height:1.55;border:0;border-bottom:1px solid #e3e8ef;overflow-wrap:break-word\">A risca central alarga<\/td>\n        <td data-label=\"Localiza\u00e7\u00e3o t\u00edpica\" style=\"background:#ffffff;color:#22303e;font-weight:400;text-align:left;vertical-align:top;padding:13px 16px;font-size:15px;line-height:1.55;border:0;border-bottom:1px solid #e3e8ef;overflow-wrap:break-word\">Alto da cabe\u00e7a e risca; parte de tr\u00e1s da cabe\u00e7a e linha capilar preservadas<\/td>\n        <td data-label=\"O que pode estar por tr\u00e1s\" style=\"background:#ffffff;color:#22303e;font-weight:400;text-align:left;vertical-align:top;padding:13px 16px;font-size:15px;line-height:1.55;border:0;border-bottom:1px solid #e3e8ef;overflow-wrap:break-word\">Queda de cabelo de padr\u00e3o feminino (Ludwig I a III)<\/td>\n        <td data-label=\"Urg\u00eancia\" style=\"background:#ffffff;color:#22303e;font-weight:400;text-align:left;vertical-align:top;padding:13px 16px;font-size:15px;line-height:1.55;border:0;border-bottom:1px solid #e3e8ef;overflow-wrap:break-word\">Esclarecer sem urg\u00eancia, documentar a evolu\u00e7\u00e3o ao longo de meses<\/td>\n      <\/tr>\n      <tr>\n        <td data-label=\"Padr\u00e3o\" style=\"background:#f6f9fc;color:#003366;font-weight:700;text-align:left;vertical-align:top;padding:13px 16px;font-size:15px;line-height:1.55;border:0;border-bottom:1px solid #e3e8ef;overflow-wrap:break-word\">\u00c1rea redonda e bem delimitada<\/td>\n        <td data-label=\"Localiza\u00e7\u00e3o t\u00edpica\" style=\"background:#f6f9fc;color:#22303e;font-weight:400;text-align:left;vertical-align:top;padding:13px 16px;font-size:15px;line-height:1.55;border:0;border-bottom:1px solid #e3e8ef;overflow-wrap:break-word\">Em qualquer ponto da parte de tr\u00e1s da cabe\u00e7a, tamb\u00e9m em faixa na nuca<\/td>\n        <td data-label=\"O que pode estar por tr\u00e1s\" style=\"background:#f6f9fc;color:#22303e;font-weight:400;text-align:left;vertical-align:top;padding:13px 16px;font-size:15px;line-height:1.55;border:0;border-bottom:1px solid #e3e8ef;overflow-wrap:break-word\">Alopecia areata; na nuca, o tipo ofi\u00e1sico<\/td>\n        <td data-label=\"Urg\u00eancia\" style=\"background:#f6f9fc;color:#22303e;font-weight:400;text-align:left;vertical-align:top;padding:13px 16px;font-size:15px;line-height:1.55;border:0;border-bottom:1px solid #e3e8ef;overflow-wrap:break-word\">Esclarecimento dermatol\u00f3gico a curto prazo<\/td>\n      <\/tr>\n      <tr>\n        <td data-label=\"Padr\u00e3o\" style=\"background:#ffffff;color:#003366;font-weight:700;text-align:left;vertical-align:top;padding:13px 16px;font-size:15px;line-height:1.55;border:0;border-bottom:1px solid #e3e8ef;overflow-wrap:break-word\">Rarefa\u00e7\u00e3o ao longo da linha de tra\u00e7\u00e3o<\/td>\n        <td data-label=\"Localiza\u00e7\u00e3o t\u00edpica\" style=\"background:#ffffff;color:#22303e;font-weight:400;text-align:left;vertical-align:top;padding:13px 16px;font-size:15px;line-height:1.55;border:0;border-bottom:1px solid #e3e8ef;overflow-wrap:break-word\">Na raiz do rabo de cavalo, do coque ou das extens\u00f5es, muitas vezes sim\u00e9trica<\/td>\n        <td data-label=\"O que pode estar por tr\u00e1s\" style=\"background:#ffffff;color:#22303e;font-weight:400;text-align:left;vertical-align:top;padding:13px 16px;font-size:15px;line-height:1.55;border:0;border-bottom:1px solid #e3e8ef;overflow-wrap:break-word\">Alopecia de tra\u00e7\u00e3o, revers\u00edvel numa fase inicial, cicatricial numa fase tardia<\/td>\n        <td data-label=\"Urg\u00eancia\" style=\"background:#ffffff;color:#22303e;font-weight:400;text-align:left;vertical-align:top;padding:13px 16px;font-size:15px;line-height:1.55;border:0;border-bottom:1px solid #e3e8ef;overflow-wrap:break-word\">Acabar imediatamente com a tra\u00e7\u00e3o e fazer controlo m\u00e9dico<\/td>\n      <\/tr>\n      <tr>\n        <td data-label=\"Padr\u00e3o\" style=\"background:#f6f9fc;color:#003366;font-weight:700;text-align:left;vertical-align:top;padding:13px 16px;font-size:15px;line-height:1.55;border:0;border-bottom:1px solid #e3e8ef;overflow-wrap:break-word\">Menos cabelo de forma uniforme em toda a cabe\u00e7a<\/td>\n        <td data-label=\"Localiza\u00e7\u00e3o t\u00edpica\" style=\"background:#f6f9fc;color:#22303e;font-weight:400;text-align:left;vertical-align:top;padding:13px 16px;font-size:15px;line-height:1.55;border:0;border-bottom:1px solid #e3e8ef;overflow-wrap:break-word\">Toda a cabe\u00e7a; nota-se primeiro no redemoinho e na risca<\/td>\n        <td data-label=\"O que pode estar por tr\u00e1s\" style=\"background:#f6f9fc;color:#22303e;font-weight:400;text-align:left;vertical-align:top;padding:13px 16px;font-size:15px;line-height:1.55;border:0;border-bottom:1px solid #e3e8ef;overflow-wrap:break-word\">Efl\u00favio telog\u00e9nico ap\u00f3s o parto, dieta ou infe\u00e7\u00e3o, em caso de car\u00eancia de ferro ou de altera\u00e7\u00e3o da tiroide<\/td>\n        <td data-label=\"Urg\u00eancia\" style=\"background:#f6f9fc;color:#22303e;font-weight:400;text-align:left;vertical-align:top;padding:13px 16px;font-size:15px;line-height:1.55;border:0;border-bottom:1px solid #e3e8ef;overflow-wrap:break-word\">Esclarecer as an\u00e1lises ao sangue, observar a evolu\u00e7\u00e3o durante 3 a 6 meses<\/td>\n      <\/tr>\n      <tr>\n        <td data-label=\"Padr\u00e3o\" style=\"background:#ffffff;color:#003366;font-weight:700;text-align:left;vertical-align:top;padding:13px 16px;font-size:15px;line-height:1.55;border:0;overflow-wrap:break-word\">Vermelhid\u00e3o, descama\u00e7\u00e3o, p\u00fastulas ou pele lisa e brilhante<\/td>\n        <td data-label=\"Localiza\u00e7\u00e3o t\u00edpica\" style=\"background:#ffffff;color:#22303e;font-weight:400;text-align:left;vertical-align:top;padding:13px 16px;font-size:15px;line-height:1.55;border:0;overflow-wrap:break-word\">Qualquer zona, muitas vezes central no alto da cabe\u00e7a ou na nuca<\/td>\n        <td data-label=\"O que pode estar por tr\u00e1s\" style=\"background:#ffffff;color:#22303e;font-weight:400;text-align:left;vertical-align:top;padding:13px 16px;font-size:15px;line-height:1.55;border:0;overflow-wrap:break-word\">Alopecia inflamat\u00f3ria ou cicatricial<\/td>\n        <td data-label=\"Urg\u00eancia\" style=\"background:#ffffff;color:#22303e;font-weight:400;text-align:left;vertical-align:top;padding:13px 16px;font-size:15px;line-height:1.55;border:0;overflow-wrap:break-word\">N\u00e3o esperar, os fol\u00edculos s\u00e3o sens\u00edveis ao tempo<\/td>\n      <\/tr>\n    <\/tbody>\n  <\/table>\n<\/div>\n\n\n\n<h2 class=\"wp-block-heading\" id=\"auswirkungen\">Que efeitos pode a calv\u00edcie na parte de tr\u00e1s da cabe\u00e7a ter nas pessoas afetadas?<\/h2>\n\n\n\n<p class=\"wp-block-paragraph\"><strong>A queda de cabelo na parte de tr\u00e1s da cabe\u00e7a pesa de forma mensur\u00e1vel sobre muitas pessoas afetadas, mas, segundo os dados dispon\u00edveis, n\u00e3o \u00e9 um fator desencadeante de depress\u00f5es cl\u00ednicas.<\/strong> A parte de tr\u00e1s da cabe\u00e7a tem aqui uma particularidade: a pr\u00f3pria pessoa nunca a v\u00ea, os outros veem-na constantemente. \u00c9 precisamente da\u00ed que nasce a sensa\u00e7\u00e3o de ter perdido o controlo sobre a pr\u00f3pria imagem.<\/p>\n\n\n\n<p class=\"wp-block-paragraph\">O que muitos sentem no dia a dia tamb\u00e9m se mostra em n\u00fameros. Uma meta-an\u00e1lise publicada na JAMA Dermatology, com 41 estudos e 7.995 doentes, encontrou na alopecia androgen\u00e9tica uma limita\u00e7\u00e3o significativa da qualidade de vida e uma dimens\u00e3o emocional moderadamente afetada (DLQI 8,16; Hair-Specific Skindex-29: 29,22 pontos).<sup>[12]<\/sup> A mesma an\u00e1lise n\u00e3o encontrou, em contrapartida, uma associa\u00e7\u00e3o significativa com depress\u00e3o cl\u00ednica.<\/p>\n\n\n\n<p class=\"wp-block-paragraph\">Esta \u00e9 a mensagem mais importante por tr\u00e1s dos valores: o peso \u00e9 real e n\u00e3o deve ser minimizado, mas tamb\u00e9m n\u00e3o \u00e9 um diagn\u00f3stico. Sobretudo os homens mais novos vivem a mudan\u00e7a como uma rutura, sentem-se mais velhos do que s\u00e3o ou evitam fotografias e situa\u00e7\u00f5es de grupo. Nos poucos estudos dispon\u00edveis sobre o tema, as mulheres relataram uma autoestima mais baixa do que os homens.<sup>[12]<\/sup><\/p>\n\n\n\n<p class=\"wp-block-paragraph\">A intensidade com que este peso \u00e9 sentido varia muito de pessoa para pessoa. Uma coisa \u00e9 clara: para muitos, a queda de cabelo \u00e9 mais do que uma quest\u00e3o est\u00e9tica. Enfrentar cedo as causas e as op\u00e7\u00f5es de tratamento ajuda a enquadrar a situa\u00e7\u00e3o e a ganhar de novo mais seguran\u00e7a na rela\u00e7\u00e3o com a pr\u00f3pria imagem.<\/p>\n\n\n\n<h2 class=\"wp-block-heading\" id=\"diagnose\">Diagn\u00f3stico e op\u00e7\u00f5es de tratamento<\/h2>\n\n\n\n<p class=\"wp-block-paragraph\"><strong>O diagn\u00f3stico da queda de cabelo na parte de tr\u00e1s da cabe\u00e7a passa pela tricoscopia, pelo teste de tra\u00e7\u00e3o, pelas an\u00e1lises ao sangue e, em casos excecionais, por uma bi\u00f3psia; o tratamento orienta-se depois pela causa encontrada.<\/strong> Uma terap\u00eautica dirigida s\u00f3 \u00e9 poss\u00edvel quando essa causa \u00e9 conhecida. Assim se identificam fatores revers\u00edveis e, em determinadas circunst\u00e2ncias, \u00e9 poss\u00edvel abrandar uma perda de cabelo progressiva.<\/p>\n\n\n\n<p class=\"wp-block-paragraph\">Uma exce\u00e7\u00e3o \u00e9 a queda de cabelo de origem heredit\u00e1ria. Nesta forma, a perda de cabelo n\u00e3o pode ser travada por completo do ponto de vista m\u00e9dico, apenas limitada ou abrandada. Por isso \u00e9 t\u00e3o importante uma avalia\u00e7\u00e3o realista das terap\u00eauticas poss\u00edveis.<\/p>\n\n\n\n<p class=\"wp-block-paragraph\">O dermatologista \u00e9 <a href=\"\/pt\/blog-sobre-implante-capilar\/queda-de-cabelo-que-medico\/\">o interlocutor certo para o diagn\u00f3stico<\/a>. Atrav\u00e9s do exame do couro cabeludo e das ra\u00edzes do cabelo e, se necess\u00e1rio, de an\u00e1lises ao sangue, \u00e9 poss\u00edvel identificar causas hormonais, metab\u00f3licas ou outras. Com esta base, pode avaliar-se que op\u00e7\u00f5es de tratamento fazem sentido em cada caso.<\/p>\n\n\n\n<h3 class=\"wp-block-heading\">O que acontece de facto na consulta m\u00e9dica<\/h3>\n\n\n\n<p class=\"wp-block-paragraph\">O esclarecimento da queda de cabelo na parte de tr\u00e1s da cabe\u00e7a faz-se em quatro passos, cada um a responder a uma pergunta pr\u00f3pria. A <strong>tricoscopia<\/strong>, ou seja, a microscopia por epiluminesc\u00eancia do couro cabeludo, \u00e9 a pe\u00e7a central: mostra a anisotricose da queda de cabelo androgen\u00e9tica (limiar de 20% no homem, 10% na mulher), os cabelos em ponto de exclama\u00e7\u00e3o da alopecia areata e a perda dos \u00f3stios foliculares como sinal de uma alopecia cicatricial.<sup>[5][6]<\/sup><\/p>\n\n\n\n<ul class=\"wp-block-list\">\n<li><strong>Tricoscopia:<\/strong> Existe miniaturiza\u00e7\u00e3o, os poros capilares est\u00e3o preservados, h\u00e1 sinais de inflama\u00e7\u00e3o? \u00c9 isto que separa a forma androgen\u00e9tica, a areata e a cicatricial.<\/li>\n\n\n<li><strong>Teste de tra\u00e7\u00e3o (pull test) e tricograma:<\/strong> Qual \u00e9 a atividade atual da queda e em que fase do ciclo est\u00e3o os cabelos? \u00c9 isto que separa uma queda difusa aguda de uma queda de padr\u00e3o lenta.<\/li>\n\n\n<li><strong>An\u00e1lises ao sangue:<\/strong> ferritina, TSH, vitamina D e zinco e, nas mulheres, tamb\u00e9m o estado androg\u00e9nico. Isto identifica cocausas revers\u00edveis, que uma <a href=\"\/pt\/blog-sobre-implante-capilar\/causas-queda-de-cabelo\/\">vis\u00e3o geral das causas da queda de cabelo<\/a> descreve em detalhe.<\/li>\n\n\n<li><strong>Bi\u00f3psia:<\/strong> apenas em caso de suspeita de alopecia cicatricial, quando faltam poros capilares ou a pele parece lisa e brilhante.<\/li>\n\n<\/ul>\n\n\n<div class=\"wp-block-image\">\n<figure class=\"aligncenter size-large is-resized\" style=\"max-width:720px;margin-left:auto;margin-right:auto\"><img decoding=\"async\" src=\"https:\/\/elithair.com\/pt\/wp-content\/uploads\/sites\/7\/2026\/08\/trichoskopie_untersuchung-1.png\" alt=\"M\u00e9dica examina a zona do redemoinho de um paciente com um dermatosc\u00f3pio\" class=\"wp-image-89935\" style=\"width:720px;max-width:100%;height:auto\"\/><\/figure>\n<\/div>\n\n\n<div style=\"background:#f7f9fc;border-left:5px solid #0079F1;border-radius:10px;padding:20px 22px;margin:8px 0 28px\">\n<p style=\"margin:0 0 12px;color:#013366;font-weight:700;font-size:17px\">N\u00e3o esperar quando\u2026<\/p>\n<ul style=\"margin:0;padding-left:20px;color:#2e3033;font-size:15px;line-height:1.8\">\n<li>a \u00e1rea \u00e9 redonda e bem delimitada, com pele lisa<\/li>\n<li>o couro cabeludo fica vermelho, descama, exsuda, apresenta p\u00fastulas ou d\u00f3i<\/li>\n<li>a pele parece lisa e brilhante, sem poros capilares vis\u00edveis (sinal de cicatriz)<\/li>\n<li>a queda come\u00e7ou de repente, em poucas semanas<\/li>\n<li>surgem placas numa crian\u00e7a<\/li>\n<li>existem sintomas gerais associados, como cansa\u00e7o, altera\u00e7\u00e3o de peso ou altera\u00e7\u00f5es do ciclo<\/li>\n<\/ul>\n<p style=\"margin:12px 0 0;color:#2e3033;font-size:14.5px\">A raz\u00e3o da pressa: nas formas inflamat\u00f3rias e cicatriciais, \u00e9 o tempo que decide se o fol\u00edculo se mant\u00e9m. Numa evolu\u00e7\u00e3o puramente androgen\u00e9tica, pode planear com calma.<\/p>\n<\/div>\n\n\n\n<figure class=\"wp-block-image size-full\"><img decoding=\"async\" src=\"https:\/\/elithair.com\/pt\/wp-content\/uploads\/sites\/7\/2026\/08\/bestand_95875.png\" alt=\"Linha de produtos de cuidado capilar da Elithair contra a queda de cabelo\" class=\"wp-image-89942\"\/><\/figure>\n\n\n\n<h3 class=\"wp-block-heading\">Preven\u00e7\u00e3o da queda de cabelo na parte de tr\u00e1s da cabe\u00e7a<\/h3>\n\n\n\n<p class=\"wp-block-paragraph\"><strong>A queda de cabelo na parte de tr\u00e1s da cabe\u00e7a s\u00f3 se pode prevenir onde exista uma causa mec\u00e2nica ou revers\u00edvel; a evolu\u00e7\u00e3o heredit\u00e1ria no v\u00e9rtex n\u00e3o \u00e9 evitada por nenhuma rotina de cuidados.<\/strong> Assim, as medidas preventivas fazem sobretudo sentido em casos iniciais ou ligeiros e ap\u00f3s esclarecimento m\u00e9dico. Nalguns casos, j\u00e1 ajuda um ajuste do estilo de vida, por exemplo a redu\u00e7\u00e3o do stress ou uma alimenta\u00e7\u00e3o equilibrada.<\/p>\n\n\n\n<p class=\"wp-block-paragraph\">Um cuidado suave do cabelo e do couro cabeludo tamb\u00e9m desempenha um papel. Champ\u00f4s suaves, \u00e1gua morna e um uso contido do calor ao secar ou ao pentear sobrecarregam menos o couro cabeludo. Tamb\u00e9m ao pentear se deve evitar tra\u00e7\u00e3o desnecess\u00e1ria.<\/p>\n\n\n\n<p class=\"wp-block-paragraph\">Para um crescimento capilar saud\u00e1vel, o organismo precisa de diversas vitaminas, minerais e oligoelementos, como o zinco, a biotina ou o magn\u00e9sio. Uma alimenta\u00e7\u00e3o equilibrada contribui para a nutri\u00e7\u00e3o das ra\u00edzes do cabelo. Se o aporte de nutrientes atrav\u00e9s da alimenta\u00e7\u00e3o n\u00e3o for suficiente, podem usar-se suplementos alimentares como apoio, mas apenas de forma dirigida e ap\u00f3s aconselhamento profissional.<\/p>\n\n\n\n<p class=\"wp-block-paragraph\">Especificamente na parte de tr\u00e1s da cabe\u00e7a, acresce o <strong>al\u00edvio mec\u00e2nico<\/strong> : variar os penteados com tra\u00e7\u00e3o permanente, reduzir a fric\u00e7\u00e3o do capacete e da almofada e, em caso de fric\u00e7\u00e3o noturna, usar cetim ou seda em vez de algod\u00e3o. Nas formas de origem mec\u00e2nica, isto atua sobre a causa, j\u00e1 que a alopecia de tra\u00e7\u00e3o \u00e9 totalmente revers\u00edvel na fase inicial.<sup>[8]<\/sup> Na queda de cabelo heredit\u00e1ria \u00e9 preciso ser honesto: n\u00e3o h\u00e1 evid\u00eancia de que os cuidados ou o estilo de vida a evitem.<\/p>\n\n\n\n<h3 class=\"wp-block-heading\">Op\u00e7\u00e3o de tratamento t\u00f3pico<\/h3>\n\n\n\n<p class=\"wp-block-paragraph\"><strong>O tratamento t\u00f3pico de refer\u00eancia na queda de cabelo na parte de tr\u00e1s da cabe\u00e7a \u00e9 o minoxidil, cujo efeito est\u00e1, precisamente, mais bem estudado no v\u00e9rtex.<\/strong> Existem ainda outras abordagens medicamentosas que podem abrandar a perda de cabelo ou estabilizar o quadro capilar existente. S\u00e3o frequentemente utilizados o <a href=\"\/pt\/blog-sobre-implante-capilar\/minoxidil-queda-de-cabelo\/\">minoxidil<\/a> ou a finasterida, que podem ter um efeito densificador em determinadas formas de queda de cabelo.<\/p>\n\n\n\n<p class=\"wp-block-paragraph\">Para o redemoinho, os dados s\u00e3o at\u00e9 particularmente bons. Os estudos de aprova\u00e7\u00e3o do minoxidil t\u00f3pico mediram a sua \u00e1rea-alvo no <strong>v\u00e9rtex<\/strong> e contaram a\u00ed o n\u00famero de cabelos n\u00e3o velus: no estudo aleatorizado de Olsen et al. (2002), o minoxidil a 5% levou, ao fim de 48 semanas, a um crescimento cerca de 45% superior ao de 2%.<sup>[13]<\/sup> Os primeiros cabelos terminais aparecem ao fim de cerca de quatro meses, uma avalia\u00e7\u00e3o fi\u00e1vel exige pelo menos 24 semanas e, nas primeiras 2 a 8 semanas, \u00e9 poss\u00edvel um aumento passageiro da queda.<sup>[13][14][2]<\/sup><\/p>\n\n\n\n<p class=\"wp-block-paragraph\"><strong>Limite importante, precisamente neste ponto:<\/strong> Este efeito aplica-se \u00e0 alopecia androgen\u00e9tica. N\u00e3o se aplica \u00e0 alopecia areata, nem \u00e0 alopecia de tra\u00e7\u00e3o ou de press\u00e3o, nem \u00e0s formas inflamat\u00f3rias ou cicatriciais. Aplicar minoxidil numa placa de alopecia areata na nuca \u00e9 desperdi\u00e7ar o tempo que, precisamente ali, \u00e9 decisivo.<\/p>\n\n\n<div class=\"wp-block-image\">\n<figure class=\"aligncenter size-large is-resized\" style=\"max-width:720px;margin-left:auto;margin-right:auto\"><img decoding=\"async\" src=\"https:\/\/elithair.com\/pt\/wp-content\/uploads\/sites\/7\/2026\/08\/minoxidil_anwendung_wirbel.png\" alt=\"Homem aplica uma solu\u00e7\u00e3o com uma pipeta diretamente na zona do redemoinho, na parte de tr\u00e1s da cabe\u00e7a\" class=\"wp-image-89936\" style=\"width:720px;max-width:100%;height:auto\"\/><\/figure>\n<\/div>\n\n\n<p class=\"wp-block-paragraph\">\u00c9 importante, al\u00e9m disso, um enquadramento realista: estas terap\u00eauticas atuam <strong>apenas enquanto forem aplicadas<\/strong>. Quando o tratamento \u00e9 interrompido, a perda de cabelo regressa, em regra. Por isso, n\u00e3o constituem uma solu\u00e7\u00e3o definitiva. Nas mulheres em idade f\u00e9rtil, a finasterida n\u00e3o est\u00e1 indicada.<sup>[3]<\/sup><\/p>\n\n\n\n<p class=\"wp-block-paragraph\">Os procedimentos complementares, vistos com objetividade: o <strong>PRP<\/strong> apresenta, numa meta-an\u00e1lise de estudos aleatorizados de 2023, uma densidade capilar significativamente maior aos 3 e aos 6 meses em compara\u00e7\u00e3o com o placebo, mas sem diferen\u00e7a significativa no n\u00famero de cabelos e no di\u00e2metro capilar.<sup>[15]<\/sup> Em combina\u00e7\u00e3o com o minoxidil, a densidade foi melhor do que com o minoxidil isolado.<sup>[16]<\/sup> <strong>Microneedling<\/strong> \u00e9 um procedimento complementar com evid\u00eancia limitada, mais bem estudado em combina\u00e7\u00e3o com terap\u00eautica de luz ou com princ\u00edpios ativos.<sup>[14]<\/sup> A <strong>terap\u00eautica com laser de baixa intensidade<\/strong> \u00e9 referida pelas sociedades cient\u00edficas como uma op\u00e7\u00e3o na queda de cabelo androgen\u00e9tica, mas a sua evid\u00eancia \u00e9 mais fraca do que a do minoxidil e da finasterida.<sup>[17]<\/sup><\/p>\n\n\n\n<p class=\"wp-block-paragraph\">Qual o tratamento adequado depende da causa e do est\u00e1dio. Por isso, um esclarecimento m\u00e9dico atempado \u00e9 decisivo para escolher uma terap\u00eautica adequada e evitar tratamentos errados. Aplica\u00e7\u00f5es n\u00e3o dirigidas ou incorretas podem, em determinadas circunst\u00e2ncias, at\u00e9 agravar a perda de cabelo.<\/p>\n\n\n\n<h2 class=\"wp-block-heading\" id=\"behandlungstabelle\">Que tratamento corresponde a que causa na parte de tr\u00e1s da cabe\u00e7a?<\/h2>\n\n\n\n<p class=\"wp-block-paragraph\">O tratamento da queda de cabelo na parte de tr\u00e1s da cabe\u00e7a orienta-se pela causa e n\u00e3o pelo local: as causas revers\u00edveis s\u00e3o eliminadas, a queda de cabelo heredit\u00e1ria \u00e9 travada e os fol\u00edculos perdidos s\u00f3 podem ser substitu\u00eddos por um transplante. A quarta coluna da tabela \u00e9 a parte que a maioria subestima, porque cada efeito segue o ciclo capilar e n\u00e3o o calend\u00e1rio de quem est\u00e1 a passar por isto.<\/p>\n\n\n\n<style>\n@media (max-width:640px){\n.rt-table-wrap{overflow-x:visible!important;border:0!important;border-radius:0!important}\n.rt-table{min-width:0!important}\n.rt-table thead{display:none}\n.rt-table,.rt-table tbody,.rt-table tr,.rt-table td{display:block;width:100%}\n.rt-table caption{display:block;padding:0 0 12px!important}\n.rt-table tr{margin:0 0 12px;border:1px solid #dbe4f0;border-radius:10px;overflow:hidden}\n.rt-table tr:last-child{margin-bottom:0}\n.rt-table td{display:flex!important;flex-direction:column;gap:3px;padding:12px 14px!important;\nborder:0!important;border-bottom:1px solid #e3e8ef!important;background:#ffffff!important}\n.rt-table tr td:last-child{border-bottom:0!important}\n.rt-table td::before{content:attr(data-label);font-size:12px;font-weight:700;letter-spacing:.04em;\ntext-transform:uppercase;color:#5799F1}\n.rt-table td:not([data-label])::before,.rt-table td[data-label=\"\"]::before{display:none}\n}\n<\/style>\n<div class=\"rt-table-wrap\" style=\"overflow-x:auto;-webkit-overflow-scrolling:touch;margin:28px 0;border:1px solid #dbe4f0;border-radius:12px\">\n  <table class=\"rt-table\" style=\"width:100%;min-width:700px;table-layout:fixed;border-collapse:separate;border-spacing:0;font-size:15px;margin:0\">\n    <caption style=\"caption-side:top;text-align:left;color:#003366;font-weight:700;font-size:16px;line-height:1.35;padding:14px 16px 10px;background:#ffffff\">Causa, tratamento e prazos realistas na parte de tr\u00e1s da cabe\u00e7a<\/caption>\n    <thead>\n      <tr>\n        <th style=\"width:20%;background:#003366;color:#ffffff;font-weight:700;text-align:left;vertical-align:middle;padding:13px 16px;font-size:15px;line-height:1.4;border:0;overflow-wrap:break-word\">Causa<\/th>\n        <th style=\"background:#003366;color:#ffffff;font-weight:700;text-align:left;vertical-align:middle;padding:13px 16px;font-size:15px;line-height:1.4;border:0;overflow-wrap:break-word\">Zona t\u00edpica na parte de tr\u00e1s da cabe\u00e7a<\/th>\n        <th style=\"background:#003366;color:#ffffff;font-weight:700;text-align:left;vertical-align:middle;padding:13px 16px;font-size:15px;line-height:1.4;border:0;overflow-wrap:break-word\">O que o tratamento aborda<\/th>\n        <th style=\"background:#003366;color:#ffffff;font-weight:700;text-align:left;vertical-align:middle;padding:13px 16px;font-size:15px;line-height:1.4;border:0;overflow-wrap:break-word\">Quando pode ver um resultado<\/th>\n        <th style=\"background:#003366;color:#ffffff;font-weight:700;text-align:left;vertical-align:middle;padding:13px 16px;font-size:15px;line-height:1.4;border:0;overflow-wrap:break-word\">Expetativa realista<\/th>\n      <\/tr>\n    <\/thead>\n    <tbody>\n      <tr>\n        <td data-label=\"Causa\" style=\"background:#ffffff;color:#003366;font-weight:700;text-align:left;vertical-align:top;padding:13px 16px;font-size:15px;line-height:1.55;border:0;border-bottom:1px solid #e3e8ef;overflow-wrap:break-word\">Alopecia androgen\u00e9tica (tipo v\u00e9rtex)<\/td>\n        <td data-label=\"Zona t\u00edpica na parte de tr\u00e1s da cabe\u00e7a\" style=\"background:#ffffff;color:#22303e;font-weight:400;text-align:left;vertical-align:top;padding:13px 16px;font-size:15px;line-height:1.55;border:0;border-bottom:1px solid #e3e8ef;overflow-wrap:break-word\">Redemoinho e parte superior de tr\u00e1s da cabe\u00e7a<\/td>\n        <td data-label=\"O que o tratamento aborda\" style=\"background:#ffffff;color:#22303e;font-weight:400;text-align:left;vertical-align:top;padding:13px 16px;font-size:15px;line-height:1.55;border:0;border-bottom:1px solid #e3e8ef;overflow-wrap:break-word\">Minoxidil t\u00f3pico, finasterida ap\u00f3s pondera\u00e7\u00e3o m\u00e9dica, PRP como complemento; transplante em caso de evolu\u00e7\u00e3o est\u00e1vel<\/td>\n        <td data-label=\"Quando pode ver um resultado\" style=\"background:#ffffff;color:#22303e;font-weight:400;text-align:left;vertical-align:top;padding:13px 16px;font-size:15px;line-height:1.55;border:0;border-bottom:1px solid #e3e8ef;overflow-wrap:break-word\">Primeiros cabelos terminais ao fim de cerca de 4 meses, avalia\u00e7\u00e3o a partir das 24 semanas, m\u00e1ximo por volta da semana 48<\/td>\n        <td data-label=\"Expetativa realista\" style=\"background:#ffffff;color:#22303e;font-weight:400;text-align:left;vertical-align:top;padding:13px 16px;font-size:15px;line-height:1.55;border:0;border-bottom:1px solid #e3e8ef;overflow-wrap:break-word\">Estabiliza\u00e7\u00e3o e densifica\u00e7\u00e3o, sem reposi\u00e7\u00e3o da densidade de juventude; o efeito existe apenas durante a aplica\u00e7\u00e3o<\/td>\n      <\/tr>\n      <tr>\n        <td data-label=\"Causa\" style=\"background:#f6f9fc;color:#003366;font-weight:700;text-align:left;vertical-align:top;padding:13px 16px;font-size:15px;line-height:1.55;border:0;border-bottom:1px solid #e3e8ef;overflow-wrap:break-word\">Alopecia areata (tamb\u00e9m do tipo ofi\u00e1sico)<\/td>\n        <td data-label=\"Zona t\u00edpica na parte de tr\u00e1s da cabe\u00e7a\" style=\"background:#f6f9fc;color:#22303e;font-weight:400;text-align:left;vertical-align:top;padding:13px 16px;font-size:15px;line-height:1.55;border:0;border-bottom:1px solid #e3e8ef;overflow-wrap:break-word\">Placas circunscritas, em faixa na nuca<\/td>\n        <td data-label=\"O que o tratamento aborda\" style=\"background:#f6f9fc;color:#22303e;font-weight:400;text-align:left;vertical-align:top;padding:13px 16px;font-size:15px;line-height:1.55;border:0;border-bottom:1px solid #e3e8ef;overflow-wrap:break-word\">Terap\u00eautica dermatol\u00f3gica segundo as recomenda\u00e7\u00f5es cl\u00ednicas em vigor, sem automedica\u00e7\u00e3o<\/td>\n        <td data-label=\"Quando pode ver um resultado\" style=\"background:#f6f9fc;color:#22303e;font-weight:400;text-align:left;vertical-align:top;padding:13px 16px;font-size:15px;line-height:1.55;border:0;border-bottom:1px solid #e3e8ef;overflow-wrap:break-word\">Depois do primeiro epis\u00f3dio, cerca de 50% recuperam espontaneamente no prazo de um ano<\/td>\n        <td data-label=\"Expetativa realista\" style=\"background:#f6f9fc;color:#22303e;font-weight:400;text-align:left;vertical-align:top;padding:13px 16px;font-size:15px;line-height:1.55;border:0;border-bottom:1px solid #e3e8ef;overflow-wrap:break-word\">Evolu\u00e7\u00e3o por surtos, recidivas frequentes; o transplante em placas ativas \u00e9 contraindicado<\/td>\n      <\/tr>\n      <tr>\n        <td data-label=\"Causa\" style=\"background:#ffffff;color:#003366;font-weight:700;text-align:left;vertical-align:top;padding:13px 16px;font-size:15px;line-height:1.55;border:0;border-bottom:1px solid #e3e8ef;overflow-wrap:break-word\">Alopecia de tra\u00e7\u00e3o<\/td>\n        <td data-label=\"Zona t\u00edpica na parte de tr\u00e1s da cabe\u00e7a\" style=\"background:#ffffff;color:#22303e;font-weight:400;text-align:left;vertical-align:top;padding:13px 16px;font-size:15px;line-height:1.55;border:0;border-bottom:1px solid #e3e8ef;overflow-wrap:break-word\">Linhas de tra\u00e7\u00e3o, raiz do rabo de cavalo, do coque, das extens\u00f5es<\/td>\n        <td data-label=\"O que o tratamento aborda\" style=\"background:#ffffff;color:#22303e;font-weight:400;text-align:left;vertical-align:top;padding:13px 16px;font-size:15px;line-height:1.55;border:0;border-bottom:1px solid #e3e8ef;overflow-wrap:break-word\">Acabar com a tra\u00e7\u00e3o, mudar de penteado, controlo m\u00e9dico<\/td>\n        <td data-label=\"Quando pode ver um resultado\" style=\"background:#ffffff;color:#22303e;font-weight:400;text-align:left;vertical-align:top;padding:13px 16px;font-size:15px;line-height:1.55;border:0;border-bottom:1px solid #e3e8ef;overflow-wrap:break-word\">3 a 6 meses depois de eliminada a tra\u00e7\u00e3o, se ainda n\u00e3o houver cicatriza\u00e7\u00e3o<\/td>\n        <td data-label=\"Expetativa realista\" style=\"background:#ffffff;color:#22303e;font-weight:400;text-align:left;vertical-align:top;padding:13px 16px;font-size:15px;line-height:1.55;border:0;border-bottom:1px solid #e3e8ef;overflow-wrap:break-word\">Totalmente revers\u00edvel na fase inicial; com anos de tra\u00e7\u00e3o torna-se cicatricial e, ent\u00e3o, definitiva<\/td>\n      <\/tr>\n      <tr>\n        <td data-label=\"Causa\" style=\"background:#f6f9fc;color:#003366;font-weight:700;text-align:left;vertical-align:top;padding:13px 16px;font-size:15px;line-height:1.55;border:0;border-bottom:1px solid #e3e8ef;overflow-wrap:break-word\">Alopecia por fric\u00e7\u00e3o ou por press\u00e3o<\/td>\n        <td data-label=\"Zona t\u00edpica na parte de tr\u00e1s da cabe\u00e7a\" style=\"background:#f6f9fc;color:#22303e;font-weight:400;text-align:left;vertical-align:top;padding:13px 16px;font-size:15px;line-height:1.55;border:0;border-bottom:1px solid #e3e8ef;overflow-wrap:break-word\">Pontos de apoio: almofada, encosto de cabe\u00e7a, capacete, gola<\/td>\n        <td data-label=\"O que o tratamento aborda\" style=\"background:#f6f9fc;color:#22303e;font-weight:400;text-align:left;vertical-align:top;padding:13px 16px;font-size:15px;line-height:1.55;border:0;border-bottom:1px solid #e3e8ef;overflow-wrap:break-word\">Eliminar o fator desencadeante, reduzir a fric\u00e7\u00e3o<\/td>\n        <td data-label=\"Quando pode ver um resultado\" style=\"background:#f6f9fc;color:#22303e;font-weight:400;text-align:left;vertical-align:top;padding:13px 16px;font-size:15px;line-height:1.55;border:0;border-bottom:1px solid #e3e8ef;overflow-wrap:break-word\">3 a 6 meses de observa\u00e7\u00e3o depois de eliminada a sobrecarga<\/td>\n        <td data-label=\"Expetativa realista\" style=\"background:#f6f9fc;color:#22303e;font-weight:400;text-align:left;vertical-align:top;padding:13px 16px;font-size:15px;line-height:1.55;border:0;border-bottom:1px solid #e3e8ef;overflow-wrap:break-word\">Na maioria dos casos revers\u00edvel, desde que n\u00e3o tenha ocorrido cicatriza\u00e7\u00e3o<\/td>\n      <\/tr>\n      <tr>\n        <td data-label=\"Causa\" style=\"background:#ffffff;color:#003366;font-weight:700;text-align:left;vertical-align:top;padding:13px 16px;font-size:15px;line-height:1.55;border:0;border-bottom:1px solid #e3e8ef;overflow-wrap:break-word\">Alopecia inflamat\u00f3ria ou cicatricial (entre outras, Acne keloidalis nuchae)<\/td>\n        <td data-label=\"Zona t\u00edpica na parte de tr\u00e1s da cabe\u00e7a\" style=\"background:#ffffff;color:#22303e;font-weight:400;text-align:left;vertical-align:top;padding:13px 16px;font-size:15px;line-height:1.55;border:0;border-bottom:1px solid #e3e8ef;overflow-wrap:break-word\">Linha capilar inferior e nuca<\/td>\n        <td data-label=\"O que o tratamento aborda\" style=\"background:#ffffff;color:#22303e;font-weight:400;text-align:left;vertical-align:top;padding:13px 16px;font-size:15px;line-height:1.55;border:0;border-bottom:1px solid #e3e8ef;overflow-wrap:break-word\">Terap\u00eautica dermatol\u00f3gica atempada da inflama\u00e7\u00e3o<\/td>\n        <td data-label=\"Quando pode ver um resultado\" style=\"background:#ffffff;color:#22303e;font-weight:400;text-align:left;vertical-align:top;padding:13px 16px;font-size:15px;line-height:1.55;border:0;border-bottom:1px solid #e3e8ef;overflow-wrap:break-word\">O objetivo \u00e9 parar a inflama\u00e7\u00e3o e n\u00e3o o novo crescimento; tratada cedo, tem bom progn\u00f3stico<\/td>\n        <td data-label=\"Expetativa realista\" style=\"background:#ffffff;color:#22303e;font-weight:400;text-align:left;vertical-align:top;padding:13px 16px;font-size:15px;line-height:1.55;border:0;border-bottom:1px solid #e3e8ef;overflow-wrap:break-word\">As \u00e1reas cicatrizadas n\u00e3o voltam a ter cabelo; as formas ativas s\u00e3o uma contraindica\u00e7\u00e3o para um transplante<\/td>\n      <\/tr>\n      <tr>\n        <td data-label=\"Causa\" style=\"background:#f6f9fc;color:#003366;font-weight:700;text-align:left;vertical-align:top;padding:13px 16px;font-size:15px;line-height:1.55;border:0;overflow-wrap:break-word\">Queda de cabelo difusa (efl\u00favio telog\u00e9nico, car\u00eancias, tiroide)<\/td>\n        <td data-label=\"Zona t\u00edpica na parte de tr\u00e1s da cabe\u00e7a\" style=\"background:#f6f9fc;color:#22303e;font-weight:400;text-align:left;vertical-align:top;padding:13px 16px;font-size:15px;line-height:1.55;border:0;overflow-wrap:break-word\">Toda a cabe\u00e7a, nota-se primeiro no redemoinho<\/td>\n        <td data-label=\"O que o tratamento aborda\" style=\"background:#f6f9fc;color:#22303e;font-weight:400;text-align:left;vertical-align:top;padding:13px 16px;font-size:15px;line-height:1.55;border:0;overflow-wrap:break-word\">Tratar a causa: ferro, tiroide, medica\u00e7\u00e3o, fatores desencadeantes<\/td>\n        <td data-label=\"Quando pode ver um resultado\" style=\"background:#f6f9fc;color:#22303e;font-weight:400;text-align:left;vertical-align:top;padding:13px 16px;font-size:15px;line-height:1.55;border:0;overflow-wrap:break-word\">Primeiros cabelos novos ao fim de cerca de 3 a 6 meses, densidade avali\u00e1vel ao fim de 9 a 12 meses<\/td>\n        <td data-label=\"Expetativa realista\" style=\"background:#f6f9fc;color:#22303e;font-weight:400;text-align:left;vertical-align:top;padding:13px 16px;font-size:15px;line-height:1.55;border:0;overflow-wrap:break-word\">Em regra revers\u00edvel; aqui, um transplante n\u00e3o est\u00e1 indicado<\/td>\n      <\/tr>\n    <\/tbody>\n  <\/table>\n<\/div>\n\n\n\n<p class=\"wp-block-paragraph\">Porque \u00e9 que os prazos s\u00e3o estes, explica-o o ciclo capilar: a fase de crescimento (anag\u00e9nio) dura 2 a 5 anos, a fase de repouso (telog\u00e9nio) cerca de 3 meses, e cerca de 15% dos fol\u00edculos encontram-se normalmente em telog\u00e9nio. Um fol\u00edculo que hoje passe para a fase de repouso s\u00f3 meses mais tarde pode voltar a produzir um cabelo vis\u00edvel. A tabela seguinte mostra a evolu\u00e7\u00e3o t\u00edpica depois de eliminada uma causa revers\u00edvel.<\/p>\n\n\n\n<style>\n@media (max-width:640px){\n.rt-table-wrap{overflow-x:visible!important;border:0!important;border-radius:0!important}\n.rt-table{min-width:0!important}\n.rt-table thead{display:none}\n.rt-table,.rt-table tbody,.rt-table tr,.rt-table td{display:block;width:100%}\n.rt-table caption{display:block;padding:0 0 12px!important}\n.rt-table tr{margin:0 0 12px;border:1px solid #dbe4f0;border-radius:10px;overflow:hidden}\n.rt-table tr:last-child{margin-bottom:0}\n.rt-table td{display:flex!important;flex-direction:column;gap:3px;padding:12px 14px!important;\nborder:0!important;border-bottom:1px solid #e3e8ef!important;background:#ffffff!important}\n.rt-table tr td:last-child{border-bottom:0!important}\n.rt-table td::before{content:attr(data-label);font-size:12px;font-weight:700;letter-spacing:.04em;\ntext-transform:uppercase;color:#5799F1}\n.rt-table td:not([data-label])::before,.rt-table td[data-label=\"\"]::before{display:none}\n}\n<\/style>\n<div class=\"rt-table-wrap\" style=\"overflow-x:auto;-webkit-overflow-scrolling:touch;margin:28px 0;border:1px solid #dbe4f0;border-radius:12px\">\n  <table class=\"rt-table\" style=\"width:100%;min-width:620px;table-layout:fixed;border-collapse:separate;border-spacing:0;font-size:15px;margin:0\">\n    <caption style=\"caption-side:top;text-align:left;color:#003366;font-weight:700;font-size:16px;line-height:1.35;padding:14px 16px 10px;background:#ffffff\">Cronologia do novo crescimento depois de eliminada a causa<\/caption>\n    <thead>\n      <tr>\n        <th style=\"width:22%;background:#003366;color:#ffffff;font-weight:700;text-align:left;vertical-align:middle;padding:13px 16px;font-size:15px;line-height:1.4;border:0;overflow-wrap:break-word\">Per\u00edodo<\/th>\n        <th style=\"background:#003366;color:#ffffff;font-weight:700;text-align:left;vertical-align:middle;padding:13px 16px;font-size:15px;line-height:1.4;border:0;overflow-wrap:break-word\">O que acontece no fol\u00edculo<\/th>\n        <th style=\"background:#003366;color:#ffffff;font-weight:700;text-align:left;vertical-align:middle;padding:13px 16px;font-size:15px;line-height:1.4;border:0;overflow-wrap:break-word\">O que v\u00ea<\/th>\n      <\/tr>\n    <\/thead>\n    <tbody>\n      <tr>\n        <td data-label=\"Per\u00edodo\" style=\"background:#ffffff;color:#003366;font-weight:700;text-align:left;vertical-align:top;padding:13px 16px;font-size:15px;line-height:1.55;border:0;border-bottom:1px solid #e3e8ef;overflow-wrap:break-word\">M\u00eas 1 a 2<\/td>\n        <td data-label=\"O que acontece no fol\u00edculo\" style=\"background:#ffffff;color:#22303e;font-weight:400;text-align:left;vertical-align:top;padding:13px 16px;font-size:15px;line-height:1.55;border:0;border-bottom:1px solid #e3e8ef;overflow-wrap:break-word\">O fator desencadeante foi eliminado, a taxa de telog\u00e9nio normaliza-se lentamente<\/td>\n        <td data-label=\"O que v\u00ea\" style=\"background:#ffffff;color:#22303e;font-weight:400;text-align:left;vertical-align:top;padding:13px 16px;font-size:15px;line-height:1.55;border:0;border-bottom:1px solid #e3e8ef;overflow-wrap:break-word\">A queda aumentada abranda, fica menos cabelo na escova<\/td>\n      <\/tr>\n      <tr>\n        <td data-label=\"Per\u00edodo\" style=\"background:#f6f9fc;color:#003366;font-weight:700;text-align:left;vertical-align:top;padding:13px 16px;font-size:15px;line-height:1.55;border:0;border-bottom:1px solid #e3e8ef;overflow-wrap:break-word\">M\u00eas 3 a 4<\/td>\n        <td data-label=\"O que acontece no fol\u00edculo\" style=\"background:#f6f9fc;color:#22303e;font-weight:400;text-align:left;vertical-align:top;padding:13px 16px;font-size:15px;line-height:1.55;border:0;border-bottom:1px solid #e3e8ef;overflow-wrap:break-word\">Os fol\u00edculos em repouso voltam a entrar na fase de crescimento (anag\u00e9nio)<\/td>\n        <td data-label=\"O que v\u00ea\" style=\"background:#f6f9fc;color:#22303e;font-weight:400;text-align:left;vertical-align:top;padding:13px 16px;font-size:15px;line-height:1.55;border:0;border-bottom:1px solid #e3e8ef;overflow-wrap:break-word\">Ainda sem densifica\u00e7\u00e3o, mas a queda acalmou<\/td>\n      <\/tr>\n      <tr>\n        <td data-label=\"Per\u00edodo\" style=\"background:#ffffff;color:#003366;font-weight:700;text-align:left;vertical-align:top;padding:13px 16px;font-size:15px;line-height:1.55;border:0;border-bottom:1px solid #e3e8ef;overflow-wrap:break-word\">M\u00eas 5 a 6<\/td>\n        <td data-label=\"O que acontece no fol\u00edculo\" style=\"background:#ffffff;color:#22303e;font-weight:400;text-align:left;vertical-align:top;padding:13px 16px;font-size:15px;line-height:1.55;border:0;border-bottom:1px solid #e3e8ef;overflow-wrap:break-word\">Nascem cabelos novos, primeiro curtos e finos<\/td>\n        <td data-label=\"O que v\u00ea\" style=\"background:#ffffff;color:#22303e;font-weight:400;text-align:left;vertical-align:top;padding:13px 16px;font-size:15px;line-height:1.55;border:0;border-bottom:1px solid #e3e8ef;overflow-wrap:break-word\">Cabelos novos e curtos junto \u00e0 raiz, muitas vezes vis\u00edveis na risca como \u00abcabelo de beb\u00e9\u00bb<\/td>\n      <\/tr>\n      <tr>\n        <td data-label=\"Per\u00edodo\" style=\"background:#f6f9fc;color:#003366;font-weight:700;text-align:left;vertical-align:top;padding:13px 16px;font-size:15px;line-height:1.55;border:0;overflow-wrap:break-word\">M\u00eas 9 a 12<\/td>\n        <td data-label=\"O que acontece no fol\u00edculo\" style=\"background:#f6f9fc;color:#22303e;font-weight:400;text-align:left;vertical-align:top;padding:13px 16px;font-size:15px;line-height:1.55;border:0;overflow-wrap:break-word\">Os cabelos novos ganham comprimento e calibre<\/td>\n        <td data-label=\"O que v\u00ea\" style=\"background:#f6f9fc;color:#22303e;font-weight:400;text-align:left;vertical-align:top;padding:13px 16px;font-size:15px;line-height:1.55;border:0;overflow-wrap:break-word\">A densidade j\u00e1 \u00e9 avali\u00e1vel; \u00e9 agora que a compara\u00e7\u00e3o fotogr\u00e1fica compensa<\/td>\n      <\/tr>\n    <\/tbody>\n  <\/table>\n<\/div>\n\n\n\n<p class=\"wp-block-paragraph\">Falta uma op\u00e7\u00e3o na tabela, porque n\u00e3o muda nada do ponto de vista m\u00e9dico e, ainda assim, ajuda muitos a atravessar este per\u00edodo: <strong>disfar\u00e7ar<\/strong>. No redemoinho funciona sobretudo um corte mais curto, porque reduz o contraste entre o cabelo e o couro cabeludo, al\u00e9m de produtos mate em vez de brilhantes, nada de gel que cole madeixas e, se necess\u00e1rio, fibras capilares ou uma micropigmenta\u00e7\u00e3o capilar. \u00c9 um passo interm\u00e9dio consciente, enquanto o diagn\u00f3stico ainda estiver em aberto ou se decidir n\u00e3o fazer tratamento. Importante \u00e9 apenas que disfar\u00e7ar n\u00e3o substitui o esclarecimento: uma causa inflamat\u00f3ria ou cicatricial n\u00e3o fica melhor por baixo, fica s\u00f3 invis\u00edvel.<\/p>\n\n\n<div class=\"wp-block-image\">\n<figure class=\"aligncenter size-large is-resized\" style=\"max-width:720px;margin-left:auto;margin-right:auto\"><img decoding=\"async\" src=\"https:\/\/elithair.com\/pt\/wp-content\/uploads\/sites\/7\/2026\/08\/kurzer_schnitt_kaschieren.png\" alt=\"Homem com corte muito curto visto de tr\u00e1s na diagonal; o contraste entre cabelo e couro cabeludo quase n\u00e3o se nota\" class=\"wp-image-89937\" style=\"width:720px;max-width:100%;height:auto\"\/><\/figure>\n<\/div>\n\n\n<h3 class=\"wp-block-heading\">Sistemas capilares e pr\u00f3tese capilar nos est\u00e1dios Norwood VI e VII<\/h3>\n\n\n\n<p class=\"wp-block-paragraph\"><strong>Um sistema capilar moderno, ou seja, uma pr\u00f3tese de cabelo natural adaptada ao couro cabeludo, \u00e9 nos est\u00e1dios Norwood VI e VII a alternativa n\u00e3o cir\u00fargica mais honesta<\/strong>, porque nestes est\u00e1dios a faixa de cabelo raramente chega, como zona dadora, para uma densidade total uniforme em toda a \u00e1rea. N\u00e3o altera a queda de cabelo, cobre-a, e f\u00e1-lo de imediato em vez de ao fim de meses.<\/p>\n\n\n\n<p class=\"wp-block-paragraph\">Quem pondere esta via deve conhecer tr\u00eas pontos. O sistema \u00e9 colado ou entrela\u00e7ado e precisa de manuten\u00e7\u00e3o regular, geralmente de poucas em poucas semanas. Na transi\u00e7\u00e3o para o cabelo pr\u00f3prio, \u00e9 a qualidade da adapta\u00e7\u00e3o que decide o resultado, n\u00e3o o pre\u00e7o do material. E o couro cabeludo por baixo tem de estar saud\u00e1vel: nas formas inflamat\u00f3rias ou cicatriciais na parte de tr\u00e1s da cabe\u00e7a, a doen\u00e7a tem de ser tratada primeiro, caso contr\u00e1rio o sistema apenas esconde um problema em que o tempo \u00e9 decisivo.<\/p>\n\n\n\n<p class=\"wp-block-paragraph\">Faz tamb\u00e9m sentido como solu\u00e7\u00e3o interm\u00e9dia enquanto a evolu\u00e7\u00e3o ainda estiver ativa. Para muitos, um sistema capilar ou uma micropigmenta\u00e7\u00e3o capilar s\u00e3o a forma de atravessar os anos at\u00e9 um quadro est\u00e1vel, sem se decidirem sob press\u00e3o por uma interven\u00e7\u00e3o. Outros lidam igualmente bem com um corte consistentemente curto. Ambas s\u00e3o decis\u00f5es leg\u00edtimas e n\u00e3o solu\u00e7\u00f5es de recurso.<\/p>\n\n\n\n<h3 class=\"wp-block-heading\">Dermatologista ou cl\u00ednica capilar: quem \u00e9 o interlocutor certo?<\/h3>\n\n\n\n<p class=\"wp-block-paragraph\"><strong>Em quadros inflamat\u00f3rios, em placas de alopecia areata, de in\u00edcio s\u00fabito ou pouco claros na parte de tr\u00e1s da cabe\u00e7a, a consulta de dermatologia perto de si \u00e9 o primeiro caminho certo; numa evolu\u00e7\u00e3o heredit\u00e1ria no v\u00e9rtex, \u00e9 uma cl\u00ednica capilar que responde \u00e0 quest\u00e3o da zona dadora e da exequibilidade.<\/strong> Os dois caminhos n\u00e3o competem entre si, respondem a perguntas diferentes.<\/p>\n\n\n\n<p class=\"wp-block-paragraph\">Na pr\u00e1tica, isto significa: vermelhid\u00e3o, descama\u00e7\u00e3o, p\u00fastulas, dor, pele lisa e brilhante sem poros capilares, placas redondas ou um in\u00edcio em poucas semanas devem ser esclarecidos em dermatologia, incluindo an\u00e1lises ao sangue e, se necess\u00e1rio, bi\u00f3psia. J\u00e1 uma zona rarefeita de crescimento lento \u00e0 volta do redemoinho, sem sinais de inflama\u00e7\u00e3o, \u00e9 o caso cl\u00e1ssico para uma avalia\u00e7\u00e3o sobre se e quando \u00e9 sequer poss\u00edvel planear alguma coisa no v\u00e9rtex.<\/p>\n\n\n\n<p class=\"wp-block-paragraph\">\u00c9 exatamente aqui que entra a nossa an\u00e1lise capilar gratuita. \u00c9 uma an\u00e1lise \u00f3tica do padr\u00e3o a partir das suas fotografias: enquadra a zona, estima o est\u00e1dio Norwood e a zona dadora e responde, sobretudo, \u00e0 pergunta de saber se um transplante \u00e9 neste momento a terap\u00eautica certa. Numa parte consider\u00e1vel dos pedidos n\u00e3o \u00e9, e nesse caso tamb\u00e9m o dizemos. N\u00e3o substitui uma an\u00e1lise ao sangue nem um diagn\u00f3stico dermatol\u00f3gico.<\/p>\n\n\n\n<div class=\"wp-block-buttons is-content-justification-center is-layout-flex wp-container-core-buttons-is-layout-fe48e5de wp-block-buttons-is-layout-flex\" style=\"justify-content:center;margin-bottom:48px\"><div class=\"wp-block-button\"><a class=\"wp-block-button__link wp-element-button\" style=\"background-color:#0079F1;color:#ffffff;border-radius:8px;padding:15px 36px;font-weight:700;font-size:17px\" href=\"\/pt\/analise-capilar\/\">Iniciar a an\u00e1lise capilar gratuita<\/a><\/div><\/div>\n\n\n\n<figure class=\"wp-block-image size-full\"><img decoding=\"async\" src=\"https:\/\/elithair.com\/pt\/wp-content\/uploads\/sites\/7\/2026\/08\/bestand_95876.png\" alt=\"A equipa m\u00e9dica da Elithair durante um transplante capilar\" class=\"wp-image-89943\"\/><\/figure>\n\n\n\n<h2 class=\"wp-block-heading\" id=\"eigenhaarverpflanzung\">Transplante de cabelo pr\u00f3prio na parte de tr\u00e1s da cabe\u00e7a: quando \u00e9 a solu\u00e7\u00e3o duradoura<\/h2>\n\n\n\n<p class=\"wp-block-paragraph\">Um transplante de cabelo pr\u00f3prio na parte de tr\u00e1s da cabe\u00e7a \u00e9 duradouro quando a queda de cabelo \u00e9 de origem androgen\u00e9tica, est\u00e1 est\u00e1vel na sua evolu\u00e7\u00e3o e a zona dadora \u00e9 suficiente. Na <strong>queda de cabelo na parte de tr\u00e1s da cabe\u00e7a<\/strong> devida a uma alopecia androgen\u00e9tica, os tratamentos n\u00e3o cir\u00fargicos chegam frequentemente aos seus limites. As ra\u00edzes do cabelo na zona afetada est\u00e3o ent\u00e3o muito miniaturizadas e, no est\u00e1dio final, substitu\u00eddas por tecido conjuntivo, deixando de produzir cabelo vis\u00edvel.<sup>[18]<\/sup> Nesse caso, o transplante de cabelo pr\u00f3prio \u00e9 considerado a \u00fanica possibilidade medicamente estabelecida de substituir de forma duradoura o cabelo perdido.<\/p>\n\n\n\n<p class=\"wp-block-paragraph\">A vantagem est\u00e1 no facto de, nas zonas laterais e posteriores da cabe\u00e7a, existirem em regra fol\u00edculos capilares geneticamente est\u00e1veis. Estes n\u00e3o reagem de forma sens\u00edvel \u00e0 di-hidrotestosterona (DHT) e servem, por isso, como cabelo dador. A quantidade que pode ser extra\u00edda desta zona faz parte do planeamento m\u00e9dico e est\u00e1 explicada no artigo sobre a zona dadora da parte de tr\u00e1s da cabe\u00e7a.<\/p>\n\n\n\n<p class=\"wp-block-paragraph\">A extra\u00e7\u00e3o \u00e9 feita, na maioria dos casos, com o <a href=\"\/pt\/transplante-capilar-fue\/\"><strong>m\u00e9todo FUE<\/strong> (Follicular Unit Extraction)<\/a>, no qual as unidades foliculares s\u00e3o retiradas individualmente, de forma cuidadosa e com poucas marcas. Para a coloca\u00e7\u00e3o precisa dos fol\u00edculos capilares utiliza-se a <a href=\"\/pt\/transplante-capilar-dhi\/\"><strong>t\u00e9cnica DHI<\/strong> (Direct Hair Implantation)<\/a> que na Elithair \u00e9 padr\u00e3o e est\u00e1 inclu\u00edda no pre\u00e7o. Permite um controlo preciso da dire\u00e7\u00e3o de crescimento e da densidade, o que \u00e9 decisivo justamente na zona do redemoinho.<\/p>\n\n\n\n<p class=\"wp-block-paragraph\">Depois de uma fase inicial de repouso, come\u00e7a o novo crescimento capilar, que se desenvolve ao longo de v\u00e1rios meses. Em regra, o resultado \u00e9 avali\u00e1vel ao fim de 9 a 12 meses. O resultado \u00e9 cabelo pr\u00f3prio com crescimento duradouro e aspeto natural. O desenho da \u00e1rea e da dire\u00e7\u00e3o de crescimento \u00e9 feito pelo m\u00e9dico, e cada passo tem valida\u00e7\u00e3o m\u00e9dica.<\/p>\n\n\n<div class=\"wp-block-image\">\n<figure class=\"aligncenter size-large is-resized\" style=\"max-width:560px;margin-left:auto;margin-right:auto\"><img decoding=\"async\" src=\"https:\/\/elithair.com\/pt\/wp-content\/uploads\/sites\/7\/2026\/08\/fue_dhi_vertex.png\" alt=\"Esquema da extra\u00e7\u00e3o na zona dadora occipital e da implanta\u00e7\u00e3o com dire\u00e7\u00e3o de crescimento na zona do redemoinho\" class=\"wp-image-89938\" style=\"width:560px;max-width:100%;height:auto\"\/><\/figure>\n<\/div>\n\n\n<div style=\"border:1px solid #e3e8ef;border-radius:10px;padding:20px 22px;margin:8px 0 28px\">\n<p style=\"margin:0 0 10px;color:#013366;font-weight:700;font-size:17px\">Quando faz sentido um transplante no redemoinho<\/p>\n<p style=\"margin:0 0 6px;color:#013366;font-weight:600;font-size:15px\">A favor<\/p>\n<ul style=\"margin:0 0 14px;padding-left:20px;color:#2e3033;font-size:15px;line-height:1.75\">\n<li>A causa androgen\u00e9tica est\u00e1 confirmada por um m\u00e9dico<\/li>\n<li>A evolu\u00e7\u00e3o est\u00e1 est\u00e1vel h\u00e1 pelo menos um ano ou estabilizada com medica\u00e7\u00e3o<\/li>\n<li>A zona dadora na parte de tr\u00e1s da cabe\u00e7a \u00e9 densa e suficientemente grande<\/li>\n<li>A expetativa quanto \u00e0 densidade alcan\u00e7\u00e1vel no redemoinho \u00e9 realista<\/li>\n<\/ul>\n<p style=\"margin:0 0 6px;color:#013366;font-weight:600;font-size:15px\">Contra ou s\u00f3 mais tarde<\/p>\n<ul style=\"margin:0;padding-left:20px;color:#2e3033;font-size:15px;line-height:1.75\">\n<li>Alopecia areata ativa ou inst\u00e1vel: um transplante numa placa ativa \u00e9 contraindicado, porque o processo autoimune pode atacar tamb\u00e9m os fol\u00edculos transplantados<\/li>\n<li>Alopecia inflamat\u00f3ria ou cicatricial n\u00e3o tratada<\/li>\n<li>Paciente muito jovem com perda rapidamente progressiva<\/li>\n<li>Queda de cabelo difusa em toda a cabe\u00e7a<\/li>\n<li>Zona dadora enfraquecida ou rarefeita<\/li>\n<\/ul>\n<p style=\"margin:12px 0 0;color:#5b6169;font-size:13.5px;font-style:italic\">Esta lista \u00e9 uma orienta\u00e7\u00e3o. A adequa\u00e7\u00e3o \u00e9 sempre decidida pelo m\u00e9dico, caso a caso.<\/p>\n<\/div>\n\n\n\n<p class=\"wp-block-paragraph\">Um aspeto sobre a \u00e1rea que ajuda na decis\u00e3o: o v\u00e9rtex \u00e9 uma superf\u00edcie com estrutura em redemoinho e n\u00e3o uma linha. Para o mesmo efeito vis\u00edvel, precisa de mais enxertos do que a linha capilar e, se a queda de cabelo ainda estiver a progredir, \u00e9 preciso reservar cabelo dador para mais tarde. Por isso, em pacientes jovens com perda ativa no v\u00e9rtex, primeiro estabiliza-se e s\u00f3 depois se transplanta. O procedimento e os detalhes sobre o <a href=\"\/pt\/blog-sobre-implante-capilar\/transplante-cabelo-coroa-da-cabeca\/\">transplante na zona do redemoinho<\/a> encontram-se no artigo dedicado ao tema.<\/p>\n\n\n\n<h2 class=\"wp-block-heading\" id=\"behandlung\">Adaptar individualmente o tratamento da queda de cabelo na parte de tr\u00e1s da cabe\u00e7a<\/h2>\n\n\n\n<p class=\"wp-block-paragraph\"><strong>A queda de cabelo na parte de tr\u00e1s da cabe\u00e7a n\u00e3o \u00e9 uma doen\u00e7a aut\u00f3noma, mas um sintoma; por isso, qualquer tratamento com sentido come\u00e7a na causa e n\u00e3o na zona sem cabelo.<\/strong> Se a causa for uma predisposi\u00e7\u00e3o gen\u00e9tica, os fol\u00edculos perdidos s\u00f3 podem ser substitu\u00eddos a longo prazo por um <a href=\"\/pt\/transplante-capilar\/\">transplante capilar<\/a> realizado com o pr\u00f3prio cabelo. Em todas as outras causas aplica-se a ordem inversa: primeiro tratar a causa, s\u00f3 depois pensar em est\u00e9tica ou cirurgia.<\/p>\n\n\n\n<p class=\"wp-block-paragraph\">O pr\u00f3ximo passo concreto \u00e9 pequeno. Fa\u00e7a hoje a primeira fotografia da sua parte de tr\u00e1s da cabe\u00e7a segundo o registo fotogr\u00e1fico e marque no calend\u00e1rio uma data daqui a tr\u00eas meses. Se a compara\u00e7\u00e3o mostrar uma \u00e1rea a crescer, ou se notar um dos sinais de alarme da caixa acima, o caso pertence a m\u00e3os m\u00e9dicas e n\u00e3o a um f\u00f3rum.<\/p>\n\n\n<div class=\"wp-block-image\">\n<figure class=\"aligncenter size-large is-resized\" style=\"max-width:720px;margin-left:auto;margin-right:auto\"><img decoding=\"async\" src=\"https:\/\/elithair.com\/pt\/wp-content\/uploads\/sites\/7\/2026\/08\/hinterkopf_fotovergleich.png\" alt=\"Homem compara fotografias no seu smartphone \u00e0 mesa da cozinha, com luz do dia\" class=\"wp-image-89939\" style=\"width:720px;max-width:100%;height:auto\"\/><\/figure>\n<\/div>\n\n\n<h2 class=\"wp-block-heading\">Perguntas frequentes sobre a queda de cabelo na parte de tr\u00e1s da cabe\u00e7a<\/h2>\n\n\n\n<div>\n<div style=\"border:1px solid #e3e8ef;border-radius:10px;padding:16px 18px;margin-bottom:12px\">\n<p style=\"margin:0 0 6px;color:#013366;font-weight:600;font-size:16px\">Um redemoinho vis\u00edvel na parte de tr\u00e1s da cabe\u00e7a j\u00e1 \u00e9 queda de cabelo?<\/p>\n<p style=\"margin:0;color:#2e3033;font-size:15px;line-height:1.6\"><strong>N\u00e3o.<\/strong> No redemoinho, os cabelos abrem-se em espiral e por isso o couro cabeludo transparece sempre um pouco ali. S\u00f3 tr\u00eas sinais apontam para queda de cabelo: uma densidade que diminui em dire\u00e7\u00e3o ao bordo, cabelos curtos e finos entre os fortes (anisotricose a partir de 20% no homem) e uma \u00e1rea que cresce ao longo de tr\u00eas a seis meses.<\/p>\n<\/div>\n<div style=\"border:1px solid #e3e8ef;border-radius:10px;padding:16px 18px;margin-bottom:12px\">\n<p style=\"margin:0 0 6px;color:#013366;font-weight:600;font-size:16px\">Como sei se a zona sem cabelo na parte de tr\u00e1s da cabe\u00e7a est\u00e1 a crescer?<\/p>\n<p style=\"margin:0;color:#2e3033;font-size:15px;line-height:1.6\"><strong>S\u00f3 na compara\u00e7\u00e3o fotogr\u00e1fica em condi\u00e7\u00f5es iguais.<\/strong> Luz do dia junto \u00e0 janela, cabelo seco e sem produto, mesma dist\u00e2ncia e mesmo \u00e2ngulo, fotografias agora e ao fim de 3 e 6 meses. Intervalos mais curtos mostram sobretudo diferen\u00e7as de luz e de styling, porque o ciclo capilar demora v\u00e1rios meses.<\/p>\n<\/div>\n<div style=\"border:1px solid #e3e8ef;border-radius:10px;padding:16px 18px;margin-bottom:12px\">\n<p style=\"margin:0 0 6px;color:#013366;font-weight:600;font-size:16px\">A queda de cabelo heredit\u00e1ria pode surgir apenas na parte de tr\u00e1s da cabe\u00e7a?<\/p>\n<p style=\"margin:0;color:#2e3033;font-size:15px;line-height:1.6\"><strong>Sim.<\/strong> \u00c9 o tipo v\u00e9rtex da alopecia androgen\u00e9tica: a zona rarefeita come\u00e7a no redemoinho e a linha capilar mant\u00e9m-se, para j\u00e1. A escala Norwood classifica-o como est\u00e1dio III vertex. A parte inferior de tr\u00e1s da cabe\u00e7a e a nuca ficam poupadas, porque esta zona occipital \u00e9 resistente \u00e0 DHT.<\/p>\n<\/div>\n<div style=\"border:1px solid #e3e8ef;border-radius:10px;padding:16px 18px;margin-bottom:12px\">\n<p style=\"margin:0 0 6px;color:#013366;font-weight:600;font-size:16px\">O que significa uma zona redonda sem cabelo na parte de tr\u00e1s da cabe\u00e7a?<\/p>\n<p style=\"margin:0;color:#2e3033;font-size:15px;line-height:1.6\"><strong>Na maioria dos casos, alopecia areata.<\/strong> Uma \u00e1rea redonda, bem delimitada e com pele lisa aponta nesse sentido; o risco ao longo da vida ronda os 2%. Em faixa na linha capilar inferior, chama-se tipo ofi\u00e1sico, com uma preval\u00eancia de cerca de 0,02% e um progn\u00f3stico menos favor\u00e1vel. Ambos devem ser vistos a curto prazo numa consulta de dermatologia.<\/p>\n<\/div>\n<div style=\"border:1px solid #e3e8ef;border-radius:10px;padding:16px 18px;margin-bottom:12px\">\n<p style=\"margin:0 0 6px;color:#013366;font-weight:600;font-size:16px\">A almofada, o capacete ou o encosto de cabe\u00e7a podem causar queda de cabelo na parte de tr\u00e1s da cabe\u00e7a?<\/p>\n<p style=\"margin:0;color:#2e3033;font-size:15px;line-height:1.6\"><strong>Sim.<\/strong> Sob a forma de alopecia por fric\u00e7\u00e3o ou por press\u00e3o, exatamente no ponto de apoio, muitas vezes com cabelos partidos. Na maioria dos casos regride em 3 a 6 meses assim que a sobrecarga desaparece. Uma verdadeira alopecia por press\u00e3o est\u00e1, essa sim, descrita ap\u00f3s horas de imobilidade, por exemplo depois de cirurgias longas.<\/p>\n<\/div>\n<div style=\"border:1px solid #e3e8ef;border-radius:10px;padding:16px 18px;margin-bottom:12px\">\n<p style=\"margin:0 0 6px;color:#013366;font-weight:600;font-size:16px\">Queda de cabelo na parte de tr\u00e1s da cabe\u00e7a na mulher: quando \u00e9 preocupante?<\/p>\n<p style=\"margin:0;color:#2e3033;font-size:15px;line-height:1.6\"><strong>Numa mulher, qualquer \u00e1rea circunscrita na parte de tr\u00e1s da cabe\u00e7a exige explica\u00e7\u00e3o.<\/strong> O padr\u00e3o feminino de Ludwig rareia a risca e poupa a parte de tr\u00e1s da cabe\u00e7a. Deve procurar esclarecimento a curto prazo se tiver uma placa redonda e bem delimitada, um couro cabeludo vermelho, com descama\u00e7\u00e3o ou dor, pele lisa e brilhante sem poros capilares ou um in\u00edcio s\u00fabito.<\/p>\n<\/div>\n<div style=\"border:1px solid #e3e8ef;border-radius:10px;padding:16px 18px;margin-bottom:12px\">\n<p style=\"margin:0 0 6px;color:#013366;font-weight:600;font-size:16px\">A queda de cabelo na parte de tr\u00e1s da cabe\u00e7a volta a crescer sozinha?<\/p>\n<p style=\"margin:0;color:#2e3033;font-size:15px;line-height:1.6\"><strong>Depende da causa.<\/strong> Na alopecia areata, cerca de 50% recuperam espontaneamente no prazo de um ano ap\u00f3s o primeiro epis\u00f3dio; as formas difusas, na maioria, 3 a 6 meses depois de eliminado o fator desencadeante. A queda de cabelo heredit\u00e1ria no v\u00e9rtex n\u00e3o regride sozinha: sem tratamento, progride.<\/p>\n<\/div>\n<div style=\"border:1px solid #e3e8ef;border-radius:10px;padding:16px 18px;margin-bottom:12px\">\n<p style=\"margin:0 0 6px;color:#013366;font-weight:600;font-size:16px\">O minoxidil funciona melhor no redemoinho do que na testa?<\/p>\n<p style=\"margin:0;color:#2e3033;font-size:15px;line-height:1.6\"><strong>No v\u00e9rtex, o efeito \u00e9 o que est\u00e1 mais bem documentado.<\/strong> Foi a\u00ed que os estudos de aprova\u00e7\u00e3o mediram a sua \u00e1rea-alvo. Em Olsen et al. (2002), o minoxidil a 5% deu, ao fim de 48 semanas, um crescimento cerca de 45% superior ao de 2%, com os primeiros cabelos terminais ao fim de cerca de 4 meses. Isto vale apenas para a queda de cabelo androgen\u00e9tica.<\/p>\n<\/div>\n<div style=\"border:1px solid #e3e8ef;border-radius:10px;padding:16px 18px;margin-bottom:12px\">\n<p style=\"margin:0 0 6px;color:#013366;font-weight:600;font-size:16px\">Quantos cabelos por dia s\u00e3o normais?<\/p>\n<p style=\"margin:0;color:#2e3033;font-size:15px;line-height:1.6\"><strong>50 a 100 cabelos por dia.<\/strong> Este intervalo \u00e9 indicado pela American Academy of Dermatology e pelo NHS; muitos guias de sa\u00fade referem frequentemente 70 a 100. N\u00e3o existe um limite r\u00edgido, porque o n\u00famero varia com a frequ\u00eancia das lavagens e com a \u00e9poca do ano. Torna-se motivo de aten\u00e7\u00e3o quando, ao longo de semanas, passam a ser sistematicamente e claramente mais.<\/p>\n<\/div>\n<div style=\"border:1px solid #e3e8ef;border-radius:10px;padding:16px 18px;margin-bottom:12px\">\n<p style=\"margin:0 0 6px;color:#013366;font-weight:600;font-size:16px\">Com pouco mais de 20 anos sou demasiado novo para um transplante no redemoinho?<\/p>\n<p style=\"margin:0;color:#2e3033;font-size:15px;line-height:1.6\"><strong>N\u00e3o \u00e9 a idade que decide, mas a estabilidade da evolu\u00e7\u00e3o.<\/strong> Numa perda rapidamente progressiva no v\u00e9rtex, primeiro estabiliza-se de forma conservadora; caso contr\u00e1rio, continua a perder-se cabelo \u00e0 volta da \u00e1rea transplantada e faltar\u00e1 cabelo dador mais tarde. A adequa\u00e7\u00e3o \u00e9 avaliada pelo m\u00e9dico, caso a caso.<\/p>\n<\/div>\n<div style=\"border:1px solid #e3e8ef;border-radius:10px;padding:16px 18px;margin-bottom:12px\">\n<p style=\"margin:0 0 6px;color:#013366;font-weight:600;font-size:16px\">O gel e a cera fazem o redemoinho parecer mais desguarnecido do que \u00e9?<\/p>\n<p style=\"margin:0;color:#2e3033;font-size:15px;line-height:1.6\"><strong>Sim, \u00e9 o falso alarme mais frequente.<\/strong> O cabelo molhado ou colado com gel fica em madeixas e, por isso, o couro cabeludo transparece em qualquer redemoinho; a isso junta-se a luz de teto, que lan\u00e7a sombras na espiral do redemoinho. N\u00e3o h\u00e1 estudos sobre isto: avalie apenas cabelo seco e sem produto, com luz do dia.<\/p>\n<\/div>\n<div style=\"border:1px solid #e3e8ef;border-radius:10px;padding:16px 18px;margin-bottom:12px\">\n<p style=\"margin:0 0 6px;color:#013366;font-weight:600;font-size:16px\">Tenho queda de cabelo ou um duplo redemoinho?<\/p>\n<p style=\"margin:0;color:#2e3033;font-size:15px;line-height:1.6\"><strong>Um duplo redemoinho \u00e9 um padr\u00e3o de crescimento, n\u00e3o queda de cabelo.<\/strong> Dois redemoinhos apenas fazem a parte de tr\u00e1s da cabe\u00e7a parecer mais irregular. Decisivas continuam a ser a densidade e a evolu\u00e7\u00e3o: se o cabelo se mantiver forte at\u00e9 junto aos dois redemoinhos e a imagem se mantiver igual durante meses, trata-se de um padr\u00e3o. N\u00e3o h\u00e1 estudos consistentes sobre isto.<\/p>\n<\/div>\n<div style=\"border:1px solid #e3e8ef;border-radius:10px;padding:16px 18px;margin-bottom:12px\">\n<p style=\"margin:0 0 6px;color:#013366;font-weight:600;font-size:16px\">Uma queimadura solar no redemoinho \u00e9 um sinal de alarme?<\/p>\n<p style=\"margin:0;color:#2e3033;font-size:15px;line-height:1.6\"><strong>Uma indica\u00e7\u00e3o plaus\u00edvel, n\u00e3o uma prova.<\/strong> Onde falta cabelo, falta prote\u00e7\u00e3o UV; uma queimadura solar exatamente no redemoinho aponta para uma densidade reduzida nesse ponto. N\u00e3o h\u00e1 nenhum estudo sobre isto. Faz sentido fazer as duas coisas: cobrir a cabe\u00e7a e acompanhar a evolu\u00e7\u00e3o com fotografias.<\/p>\n<\/div>\n<div style=\"border:1px solid #e3e8ef;border-radius:10px;padding:16px 18px;margin-bottom:12px\">\n<p style=\"margin:0 0 6px;color:#013366;font-weight:600;font-size:16px\">Como se pode abrandar a progress\u00e3o da queda de cabelo na parte de tr\u00e1s da cabe\u00e7a?<\/p>\n<p style=\"margin:0;color:#2e3033;font-size:15px;line-height:1.6\"><strong>S\u00f3 em parte e s\u00f3 com medicamentos.<\/strong> O minoxidil e a finasterida podem abrandar a queda de cabelo heredit\u00e1ria, mas n\u00e3o a travam por completo. No v\u00e9rtex, os primeiros efeitos s\u00e3o de esperar ao fim de cerca de 4 meses, avali\u00e1veis a partir das 24 semanas, e o efeito existe apenas durante a aplica\u00e7\u00e3o. \u00c9 aconselh\u00e1vel obter aconselhamento profissional.<\/p>\n<\/div>\n<div style=\"border:1px solid #e3e8ef;border-radius:10px;padding:16px 18px;margin-bottom:12px\">\n<p style=\"margin:0 0 6px;color:#013366;font-weight:600;font-size:16px\">Que solu\u00e7\u00f5es n\u00e3o cir\u00fargicas existem para a queda de cabelo na parte de tr\u00e1s da cabe\u00e7a?<\/p>\n<p style=\"margin:0;color:#2e3033;font-size:15px;line-height:1.6\"><strong>Op\u00e7\u00f5es que disfar\u00e7am, nenhuma que atue na causa.<\/strong> A densifica\u00e7\u00e3o capilar, os sistemas capilares modernos, as perucas ou os apliques s\u00e3o solu\u00e7\u00f5es tempor\u00e1rias, a que se juntam as fibras capilares, a micropigmenta\u00e7\u00e3o capilar e um corte mais curto, que reduz o contraste entre o cabelo e o couro cabeludo. Estas op\u00e7\u00f5es n\u00e3o alteram a evolu\u00e7\u00e3o.<\/p>\n<\/div>\n<div style=\"border:1px solid #e3e8ef;border-radius:10px;padding:16px 18px;margin-bottom:12px\">\n<p style=\"margin:0 0 6px;color:#013366;font-weight:600;font-size:16px\">Quanto tempo dura o resultado de um transplante capilar na parte de tr\u00e1s da cabe\u00e7a?<\/p>\n<p style=\"margin:0;color:#2e3033;font-size:15px;line-height:1.6\"><strong>Em regra, \u00e9 duradouro.<\/strong> Os cabelos transplantados v\u00eam da zona occipital resistente \u00e0 DHT e mant\u00eam essa carater\u00edstica (Donor Dominance). O resultado \u00e9 avali\u00e1vel ao fim de 9 a 12 meses. A queda do cabelo pr\u00f3prio ao lado pode continuar, pelo que a estabiliza\u00e7\u00e3o continua a ser tema.<\/p>\n<\/div>\n<div style=\"border:1px solid #e3e8ef;border-radius:10px;padding:16px 18px;margin-bottom:0\">\n<p style=\"margin:0 0 6px;color:#013366;font-weight:600;font-size:16px\">Como se cuida do cabelo transplantado depois da opera\u00e7\u00e3o?<\/p>\n<p style=\"margin:0;color:#2e3033;font-size:15px;line-height:1.6\"><strong>De forma suave e sem press\u00e3o sobre a \u00e1rea recetora.<\/strong> Os produtos recomendados pelo m\u00e9dico apoiam o enraizamento. Nas primeiras semanas vale a regra: nenhuma fric\u00e7\u00e3o sobre a \u00e1rea transplantada, ou seja, tamb\u00e9m n\u00e3o dormir sobre o redemoinho, n\u00e3o cobrir a cabe\u00e7a sem autoriza\u00e7\u00e3o e nada de co\u00e7ar as crostas.<\/p>\n<\/div>\n<\/div>\n\n\n<div class=\"wp-block-image\">\n<figure class=\"aligncenter size-large is-resized\" style=\"max-width:720px;margin-left:auto;margin-right:auto\"><img decoding=\"async\" src=\"https:\/\/elithair.com\/pt\/wp-content\/uploads\/sites\/7\/2026\/08\/beratung_hinterkopf.png\" alt=\"Consulta m\u00e9dica sobre queda de cabelo na parte de tr\u00e1s da cabe\u00e7a a uma secret\u00e1ria, com luz do dia\" class=\"wp-image-89940\" style=\"width:720px;max-width:100%;height:auto\"\/><\/figure>\n<\/div>\n\n\n<h2 class=\"wp-block-heading\">Fontes<\/h2>\n\n\n\n<div style=\"font-size:14px;color:#2e3033;line-height:1.75\">\n<ol style=\"margin:0;padding-left:26px\">\n<li id=\"ref1\">NHS, \u00abHair loss\u00bb: <a href=\"https:\/\/www.nhs.uk\/symptoms\/hair-loss\/\" target=\"_blank\" rel=\"noopener\">nhs.uk<\/a><\/li>\n<li id=\"ref2\">\u00abMale Androgenetic Alopecia\u00bb, Endotext, NCBI Bookshelf: <a href=\"https:\/\/www.ncbi.nlm.nih.gov\/books\/NBK278957\/\" target=\"_blank\" rel=\"noopener\">ncbi.nlm.nih.gov<\/a><\/li>\n<li id=\"ref3\">AEDV, Grupo Espa\u00f1ol de Tricolog\u00eda: documento de consenso sobre a alopecia androgen\u00e9tica, Actas Dermo-Sifiliogr\u00e1ficas: <a href=\"https:\/\/www.actasdermo.org\/es-recomendaciones-sobre-el-manejo-clinico-articulo-S000173102300844X\" target=\"_blank\" rel=\"noopener\">actasdermo.org<\/a><\/li>\n<li id=\"ref4\">\u00abPatient-Based Ratio Method for Permanent Zone Donor Area Calculation in Hair Transplant\u00bb, PMC (Donor Dominance, Orentreich 1959): <a href=\"https:\/\/pmc.ncbi.nlm.nih.gov\/articles\/PMC11679175\/\" target=\"_blank\" rel=\"noopener\">pmc.ncbi.nlm.nih.gov<\/a><\/li>\n<li id=\"ref5\">\u00abTrichoscopy of Androgenetic Alopecia: A Systematic Review\u00bb, PMC: <a href=\"https:\/\/www.ncbi.nlm.nih.gov\/pmc\/articles\/PMC11012765\/\" target=\"_blank\" rel=\"noopener\">ncbi.nlm.nih.gov<\/a><\/li>\n<li id=\"ref6\">Lintzeri et al. (2022): \u00abAlopecia areata\u00bb, JDDG: <a href=\"https:\/\/onlinelibrary.wiley.com\/doi\/10.1111\/ddg.14689\" target=\"_blank\" rel=\"noopener\">onlinelibrary.wiley.com<\/a><\/li>\n<li id=\"ref7\">AWMF, diretriz S3 Alopecia areata, n.\u00ba de registo 013-104 (fevereiro de 2026): register.awmf.org<\/li>\n<li id=\"ref8\">\u00abTraction Alopecia: Clinical and Cultural Patterns\u00bb, PMC: <a href=\"https:\/\/pmc.ncbi.nlm.nih.gov\/articles\/PMC8530059\/\" target=\"_blank\" rel=\"noopener\">pmc.ncbi.nlm.nih.gov<\/a><\/li>\n<li id=\"ref9\">\u00abAcne Keloidalis Nuchae\u00bb, StatPearls, NCBI Bookshelf: <a href=\"https:\/\/www.ncbi.nlm.nih.gov\/books\/NBK459135\/\" target=\"_blank\" rel=\"noopener\">ncbi.nlm.nih.gov<\/a><\/li>\n<li id=\"ref10\">American Academy of Dermatology, \u00abDo you have hair loss or hair shedding?\u00bb: <a href=\"https:\/\/www.aad.org\/public\/diseases\/hair-loss\/insider\/shedding\" target=\"_blank\" rel=\"noopener\">aad.org<\/a><\/li>\n<li id=\"ref11\">\u00abFemale Pattern Hair Loss\u00bb, PMC (padr\u00e3o de Ludwig): <a href=\"https:\/\/www.ncbi.nlm.nih.gov\/pmc\/articles\/PMC3968982\/\" target=\"_blank\" rel=\"noopener\">ncbi.nlm.nih.gov<\/a><\/li>\n<li id=\"ref12\">JAMA Dermatology: qualidade de vida, depress\u00e3o e autoestima na alopecia androgen\u00e9tica (meta-an\u00e1lise): <a href=\"https:\/\/jamanetwork.com\/journals\/jamadermatology\/fullarticle\/2781706\" target=\"_blank\" rel=\"noopener\">jamanetwork.com<\/a><\/li>\n<li id=\"ref13\">Olsen et al. (2002): minoxidil t\u00f3pico a 5% vs. 2%, PubMed 12196747: <a href=\"https:\/\/pubmed.ncbi.nlm.nih.gov\/12196747\/\" target=\"_blank\" rel=\"noopener\">pubmed.ncbi.nlm.nih.gov<\/a><\/li>\n<li id=\"ref14\">\u00abExpanding the therapeutic landscape of minoxidil\u00bb, Frontiers in Pharmacology 2025: <a href=\"https:\/\/www.frontiersin.org\/journals\/pharmacology\/articles\/10.3389\/fphar.2025.1718208\/full\" target=\"_blank\" rel=\"noopener\">frontiersin.org<\/a><\/li>\n<li id=\"ref15\">PRP na alopecia androgen\u00e9tica, meta-an\u00e1lise de estudos aleatorizados, PubMed 37533146: <a href=\"https:\/\/pubmed.ncbi.nlm.nih.gov\/37533146\/\" target=\"_blank\" rel=\"noopener\">pubmed.ncbi.nlm.nih.gov<\/a><\/li>\n<li id=\"ref16\">PRP em complemento do minoxidil t\u00f3pico, meta-an\u00e1lise, PMC: <a href=\"https:\/\/www.ncbi.nlm.nih.gov\/pmc\/articles\/PMC11356437\/\" target=\"_blank\" rel=\"noopener\">ncbi.nlm.nih.gov<\/a><\/li>\n<li id=\"ref17\">T\u00fcrk Dermatoloji Derne\u011fi: informa\u00e7\u00e3o ao doente sobre queda de cabelo androgen\u00e9tica (terap\u00eautica com laser de baixa intensidade): <a href=\"https:\/\/turkdermatoloji.org.tr\/media\/pdf\/erkek%20Tipi%20Sa%C3%A7%20D%C3%B6k%C3%BClmesi%20(Androgenetik%20alopesi)%20Kopyas%C4%B1%20(3).pdf\" target=\"_blank\" rel=\"noopener\">turkdermatoloji.org.tr<\/a><\/li>\n<li id=\"ref18\">\u00abMale androgenetic alopecia\u00bb (miniaturiza\u00e7\u00e3o, fibrose), PMC; complementarmente PubMed 33539849: <a href=\"https:\/\/pmc.ncbi.nlm.nih.gov\/articles\/PMC11962920\/\" target=\"_blank\" rel=\"noopener\">pmc.ncbi.nlm.nih.gov<\/a><\/li>\n<\/ol>\n<p style=\"margin:14px 0 0;color:#6b7280;font-size:13px;font-style:italic\">Revisto do ponto de vista m\u00e9dico, atualizado em agosto de 2026. Este artigo tem fins informativos e n\u00e3o substitui um diagn\u00f3stico ou tratamento m\u00e9dico. Em caso de placas redondas sem cabelo, de couro cabeludo vermelho, com descama\u00e7\u00e3o, exsuda\u00e7\u00e3o ou dor, de pele lisa e brilhante sem poros capilares vis\u00edveis ou de in\u00edcio s\u00fabito em poucas semanas, dirija-se a curto prazo a uma consulta de dermatologia. Nunca suspenda por iniciativa pr\u00f3pria os medicamentos que lhe foram prescritos.<\/p>\n<\/div>\n\n\n\n<script type=\"application\/ld+json\">\n{\n  \"@context\": \"https:\/\/schema.org\",\n  \"@type\": \"FAQPage\",\n  \"mainEntity\": [\n    {\n      \"@type\": \"Question\",\n      \"name\": \"Um redemoinho vis\u00edvel na parte de tr\u00e1s da cabe\u00e7a j\u00e1 \u00e9 queda de cabelo?\",\n      \"acceptedAnswer\": {\n        \"@type\": \"Answer\",\n        \"text\": \"N\u00e3o. No redemoinho, os cabelos abrem-se em espiral e por isso o couro cabeludo transparece sempre um pouco ali. S\u00f3 tr\u00eas sinais apontam para queda de cabelo: uma densidade que diminui em dire\u00e7\u00e3o ao bordo, cabelos curtos e finos entre os fortes (anisotricose a partir de 20% no homem) e uma \u00e1rea que cresce ao longo de tr\u00eas a seis meses.\"\n      }\n    },\n    {\n      \"@type\": \"Question\",\n      \"name\": \"Como sei se a zona sem cabelo na parte de tr\u00e1s da cabe\u00e7a est\u00e1 a crescer?\",\n      \"acceptedAnswer\": {\n        \"@type\": \"Answer\",\n        \"text\": \"S\u00f3 na compara\u00e7\u00e3o fotogr\u00e1fica em condi\u00e7\u00f5es iguais. Luz do dia junto \u00e0 janela, cabelo seco e sem produto, mesma dist\u00e2ncia e mesmo \u00e2ngulo, fotografias agora e ao fim de 3 e 6 meses. Intervalos mais curtos mostram sobretudo diferen\u00e7as de luz e de styling, porque o ciclo capilar demora v\u00e1rios meses.\"\n      }\n    },\n    {\n      \"@type\": \"Question\",\n      \"name\": \"A queda de cabelo heredit\u00e1ria pode surgir apenas na parte de tr\u00e1s da cabe\u00e7a?\",\n      \"acceptedAnswer\": {\n        \"@type\": \"Answer\",\n        \"text\": \"Sim. \u00c9 o tipo v\u00e9rtex da alopecia androgen\u00e9tica: a zona rarefeita come\u00e7a no redemoinho e a linha capilar mant\u00e9m-se, para j\u00e1. A escala Norwood classifica-o como est\u00e1dio III vertex. A parte inferior de tr\u00e1s da cabe\u00e7a e a nuca ficam poupadas, porque esta zona occipital \u00e9 resistente \u00e0 DHT.\"\n      }\n    },\n    {\n      \"@type\": \"Question\",\n      \"name\": \"O que significa uma zona redonda sem cabelo na parte de tr\u00e1s da cabe\u00e7a?\",\n      \"acceptedAnswer\": {\n        \"@type\": \"Answer\",\n        \"text\": \"Na maioria dos casos, alopecia areata. Uma \u00e1rea redonda, bem delimitada e com pele lisa aponta nesse sentido; o risco ao longo da vida ronda os 2%. Em faixa na linha capilar inferior, chama-se tipo ofi\u00e1sico, com uma preval\u00eancia de cerca de 0,02% e um progn\u00f3stico menos favor\u00e1vel. Ambos devem ser vistos a curto prazo numa consulta de dermatologia.\"\n      }\n    },\n    {\n      \"@type\": \"Question\",\n      \"name\": \"A almofada, o capacete ou o encosto de cabe\u00e7a podem causar queda de cabelo na parte de tr\u00e1s da cabe\u00e7a?\",\n      \"acceptedAnswer\": {\n        \"@type\": \"Answer\",\n        \"text\": \"Sim. Sob a forma de alopecia por fric\u00e7\u00e3o ou por press\u00e3o, exatamente no ponto de apoio, muitas vezes com cabelos partidos. Na maioria dos casos regride em 3 a 6 meses assim que a sobrecarga desaparece. Uma verdadeira alopecia por press\u00e3o est\u00e1, essa sim, descrita ap\u00f3s horas de imobilidade, por exemplo depois de cirurgias longas.\"\n      }\n    },\n    {\n      \"@type\": \"Question\",\n      \"name\": \"Queda de cabelo na parte de tr\u00e1s da cabe\u00e7a na mulher: quando \u00e9 preocupante?\",\n      \"acceptedAnswer\": {\n        \"@type\": \"Answer\",\n        \"text\": \"Numa mulher, qualquer \u00e1rea circunscrita na parte de tr\u00e1s da cabe\u00e7a exige explica\u00e7\u00e3o. O padr\u00e3o feminino de Ludwig rareia a risca e poupa a parte de tr\u00e1s da cabe\u00e7a. Deve procurar esclarecimento a curto prazo se tiver uma placa redonda e bem delimitada, um couro cabeludo vermelho, com descama\u00e7\u00e3o ou dor, pele lisa e brilhante sem poros capilares ou um in\u00edcio s\u00fabito.\"\n      }\n    },\n    {\n      \"@type\": \"Question\",\n      \"name\": \"A queda de cabelo na parte de tr\u00e1s da cabe\u00e7a volta a crescer sozinha?\",\n      \"acceptedAnswer\": {\n        \"@type\": \"Answer\",\n        \"text\": \"Depende da causa. Na alopecia areata, cerca de 50% recuperam espontaneamente no prazo de um ano ap\u00f3s o primeiro epis\u00f3dio; as formas difusas, na maioria, 3 a 6 meses depois de eliminado o fator desencadeante. A queda de cabelo heredit\u00e1ria no v\u00e9rtex n\u00e3o regride sozinha: sem tratamento, progride.\"\n      }\n    },\n    {\n      \"@type\": \"Question\",\n      \"name\": \"O minoxidil funciona melhor no redemoinho do que na testa?\",\n      \"acceptedAnswer\": {\n        \"@type\": \"Answer\",\n        \"text\": \"No v\u00e9rtex, o efeito \u00e9 o que est\u00e1 mais bem documentado. Foi a\u00ed que os estudos de aprova\u00e7\u00e3o mediram a sua \u00e1rea-alvo. Em Olsen et al. (2002), o minoxidil a 5% deu, ao fim de 48 semanas, um crescimento cerca de 45% superior ao de 2%, com os primeiros cabelos terminais ao fim de cerca de 4 meses. Isto vale apenas para a queda de cabelo androgen\u00e9tica.\"\n      }\n    },\n    {\n      \"@type\": \"Question\",\n      \"name\": \"Quantos cabelos por dia s\u00e3o normais?\",\n      \"acceptedAnswer\": {\n        \"@type\": \"Answer\",\n        \"text\": \"50 a 100 cabelos por dia. Este intervalo \u00e9 indicado pela American Academy of Dermatology e pelo NHS; muitos guias de sa\u00fade referem frequentemente 70 a 100. N\u00e3o existe um limite r\u00edgido, porque o n\u00famero varia com a frequ\u00eancia das lavagens e com a \u00e9poca do ano. Torna-se motivo de aten\u00e7\u00e3o quando, ao longo de semanas, passam a ser sistematicamente e claramente mais.\"\n      }\n    },\n    {\n      \"@type\": \"Question\",\n      \"name\": \"Com pouco mais de 20 anos sou demasiado novo para um transplante no redemoinho?\",\n      \"acceptedAnswer\": {\n        \"@type\": \"Answer\",\n        \"text\": \"N\u00e3o \u00e9 a idade que decide, mas a estabilidade da evolu\u00e7\u00e3o. Numa perda rapidamente progressiva no v\u00e9rtex, primeiro estabiliza-se de forma conservadora; caso contr\u00e1rio, continua a perder-se cabelo \u00e0 volta da \u00e1rea transplantada e faltar\u00e1 cabelo dador mais tarde. A adequa\u00e7\u00e3o \u00e9 avaliada pelo m\u00e9dico, caso a caso.\"\n      }\n    },\n    {\n      \"@type\": \"Question\",\n      \"name\": \"O gel e a cera fazem o redemoinho parecer mais desguarnecido do que \u00e9?\",\n      \"acceptedAnswer\": {\n        \"@type\": \"Answer\",\n        \"text\": \"Sim, \u00e9 o falso alarme mais frequente. O cabelo molhado ou colado com gel fica em madeixas e, por isso, o couro cabeludo transparece em qualquer redemoinho; a isso junta-se a luz de teto, que lan\u00e7a sombras na espiral do redemoinho. N\u00e3o h\u00e1 estudos sobre isto: avalie apenas cabelo seco e sem produto, com luz do dia.\"\n      }\n    },\n    {\n      \"@type\": \"Question\",\n      \"name\": \"Tenho queda de cabelo ou um duplo redemoinho?\",\n      \"acceptedAnswer\": {\n        \"@type\": \"Answer\",\n        \"text\": \"Um duplo redemoinho \u00e9 um padr\u00e3o de crescimento, n\u00e3o queda de cabelo. Dois redemoinhos apenas fazem a parte de tr\u00e1s da cabe\u00e7a parecer mais irregular. Decisivas continuam a ser a densidade e a evolu\u00e7\u00e3o: se o cabelo se mantiver forte at\u00e9 junto aos dois redemoinhos e a imagem se mantiver igual durante meses, trata-se de um padr\u00e3o. N\u00e3o h\u00e1 estudos consistentes sobre isto.\"\n      }\n    },\n    {\n      \"@type\": \"Question\",\n      \"name\": \"Uma queimadura solar no redemoinho \u00e9 um sinal de alarme?\",\n      \"acceptedAnswer\": {\n        \"@type\": \"Answer\",\n        \"text\": \"Uma indica\u00e7\u00e3o plaus\u00edvel, n\u00e3o uma prova. Onde falta cabelo, falta prote\u00e7\u00e3o UV; uma queimadura solar exatamente no redemoinho aponta para uma densidade reduzida nesse ponto. N\u00e3o h\u00e1 nenhum estudo sobre isto. Faz sentido fazer as duas coisas: cobrir a cabe\u00e7a e acompanhar a evolu\u00e7\u00e3o com fotografias.\"\n      }\n    },\n    {\n      \"@type\": \"Question\",\n      \"name\": \"Como se pode abrandar a progress\u00e3o da queda de cabelo na parte de tr\u00e1s da cabe\u00e7a?\",\n      \"acceptedAnswer\": {\n        \"@type\": \"Answer\",\n        \"text\": \"S\u00f3 em parte e s\u00f3 com medicamentos. O minoxidil e a finasterida podem abrandar a queda de cabelo heredit\u00e1ria, mas n\u00e3o a travam por completo. No v\u00e9rtex, os primeiros efeitos s\u00e3o de esperar ao fim de cerca de 4 meses, avali\u00e1veis a partir das 24 semanas, e o efeito existe apenas durante a aplica\u00e7\u00e3o. \u00c9 aconselh\u00e1vel obter aconselhamento profissional.\"\n      }\n    },\n    {\n      \"@type\": \"Question\",\n      \"name\": \"Que solu\u00e7\u00f5es n\u00e3o cir\u00fargicas existem para a queda de cabelo na parte de tr\u00e1s da cabe\u00e7a?\",\n      \"acceptedAnswer\": {\n        \"@type\": \"Answer\",\n        \"text\": \"Op\u00e7\u00f5es que disfar\u00e7am, nenhuma que atue na causa. A densifica\u00e7\u00e3o capilar, os sistemas capilares modernos, as perucas ou os apliques s\u00e3o solu\u00e7\u00f5es tempor\u00e1rias, a que se juntam as fibras capilares, a micropigmenta\u00e7\u00e3o capilar e um corte mais curto, que reduz o contraste entre o cabelo e o couro cabeludo. Estas op\u00e7\u00f5es n\u00e3o alteram a evolu\u00e7\u00e3o.\"\n      }\n    },\n    {\n      \"@type\": \"Question\",\n      \"name\": \"Quanto tempo dura o resultado de um transplante capilar na parte de tr\u00e1s da cabe\u00e7a?\",\n      \"acceptedAnswer\": {\n        \"@type\": \"Answer\",\n        \"text\": \"Em regra, \u00e9 duradouro. Os cabelos transplantados v\u00eam da zona occipital resistente \u00e0 DHT e mant\u00eam essa carater\u00edstica (Donor Dominance). O resultado \u00e9 avali\u00e1vel ao fim de 9 a 12 meses. A queda do cabelo pr\u00f3prio ao lado pode continuar, pelo que a estabiliza\u00e7\u00e3o continua a ser tema.\"\n      }\n    },\n    {\n      \"@type\": \"Question\",\n      \"name\": \"Como se cuida do cabelo transplantado depois da opera\u00e7\u00e3o?\",\n      \"acceptedAnswer\": {\n        \"@type\": \"Answer\",\n        \"text\": \"De forma suave e sem press\u00e3o sobre a \u00e1rea recetora. Os produtos recomendados pelo m\u00e9dico apoiam o enraizamento. Nas primeiras semanas vale a regra: nenhuma fric\u00e7\u00e3o sobre a \u00e1rea transplantada, ou seja, tamb\u00e9m n\u00e3o dormir sobre o redemoinho, n\u00e3o cobrir a cabe\u00e7a sem autoriza\u00e7\u00e3o e nada de co\u00e7ar as crostas.\"\n      }\n    }\n  ]\n}\n<\/script>\n\n","protected":false},"excerpt":{"rendered":"<p>A queda de cabelo na parte de tr\u00e1s da cabe\u00e7a \u00e9 a que notamos por \u00faltimo, muitas vezes s\u00f3 numa fotografia de f\u00e9rias ou porque algu\u00e9m faz um coment\u00e1rio. Para a causa, \u00e9 decisivo saber onde exatamente o cabelo fica mais fino: \u00e0 volta do redemoinho est\u00e1 quase sempre a queda de cabelo androgen\u00e9tica, ou [&hellip;]<\/p>\n","protected":false},"author":10,"featured_media":89720,"comment_status":"closed","ping_status":"closed","sticky":false,"template":"","format":"standard","meta":{"_acf_changed":false,"_yoast_wpseo_meta-robots-noindex":"","_yoast_wpseo_meta-robots-nofollow":"","_yoast_wpseo_meta-robots-adv":"","_yoast_wpseo_canonical":"https:\/\/elithair.com\/pt\/blog-sobre-implante-capilar\/queda-de-cabelo-parte-de-tras-da-cabeca\/","_yoast_wpseo_opengraph-title":"","_yoast_wpseo_opengraph-description":"","_yoast_wpseo_opengraph-image":"","_yoast_wpseo_twitter-title":"","_yoast_wpseo_twitter-description":"","_yoast_wpseo_twitter-image":"","_hm_hreflang_map":{"de":50068,"en":96955,"es":91870,"fr":101236,"it":107655,"pt":89715,"tr":83297,"uk":96341,"x_default":96955},"_hm_language_code":"pt","footnotes":""},"categories":[9],"tags":[],"class_list":["post-89715","post","type-post","status-publish","format-standard","has-post-thumbnail","hentry","category-queda-de-cabelo-blog"],"acf":[],"yoast_head":"<!-- This site is optimized with the Yoast SEO Premium plugin v28.3 (Yoast SEO v28.3) - https:\/\/yoast.com\/product\/yoast-seo-premium-wordpress\/ -->\n<title>Queda de cabelo na parte de tr\u00e1s da cabe\u00e7a: redemoinho, tonsura ou nuca? Como reconhecer a causa<\/title>\n<meta name=\"description\" content=\"Queda de cabelo na parte de tr\u00e1s da cabe\u00e7a: no redemoinho \u00e9 quase sempre heredit\u00e1ria, na nuca h\u00e1 outras causas. Autoavalia\u00e7\u00e3o, est\u00e1dios Norwood e o que ajuda.\" \/>\n<meta name=\"robots\" content=\"index, follow, max-snippet:-1, max-image-preview:large, max-video-preview:-1\" \/>\n<link rel=\"canonical\" href=\"https:\/\/elithair.com\/pt\/blog-sobre-implante-capilar\/queda-de-cabelo-parte-de-tras-da-cabeca\/\" \/>\n<meta property=\"og:locale\" content=\"pt_PT\" \/>\n<meta property=\"og:type\" content=\"article\" \/>\n<meta property=\"og:title\" content=\"Queda de cabelo na parte de tr\u00e1s da cabe\u00e7a: redemoinho, tonsura ou outra causa?\" \/>\n<meta property=\"og:description\" content=\"Queda de cabelo na parte de tr\u00e1s da cabe\u00e7a: no redemoinho \u00e9 quase sempre heredit\u00e1ria, na nuca h\u00e1 outras causas. Autoavalia\u00e7\u00e3o, est\u00e1dios Norwood e o que ajuda.\" \/>\n<meta property=\"og:url\" content=\"https:\/\/elithair.com\/pt\/blog-sobre-implante-capilar\/queda-de-cabelo-parte-de-tras-da-cabeca\/\" \/>\n<meta property=\"og:site_name\" content=\"Elithair\" \/>\n<meta property=\"article:publisher\" content=\"https:\/\/www.facebook.com\/Dr.Abdulaziz.Balwi.Hair.Transplant\" \/>\n<meta property=\"article:published_time\" content=\"2026-08-28T17:18:07+00:00\" \/>\n<meta property=\"og:image\" content=\"https:\/\/elithair.com\/pt\/wp-content\/uploads\/sites\/7\/2026\/08\/zonen_landkarte_hinterkopf__pt.png\" \/>\n<meta name=\"author\" content=\"Dr. Imad Moustafa\" \/>\n<meta name=\"twitter:card\" content=\"summary_large_image\" \/>\n<meta name=\"twitter:label1\" content=\"Escrito por\" \/>\n\t<meta name=\"twitter:data1\" content=\"Dr. Imad Moustafa\" \/>\n\t<meta name=\"twitter:label2\" content=\"Tempo estimado de leitura\" \/>\n\t<meta name=\"twitter:data2\" content=\"48 minutos\" \/>\n<script type=\"application\/ld+json\" class=\"yoast-schema-graph\">{\"@context\":\"https:\\\/\\\/schema.org\",\"@graph\":[{\"@type\":\"Article\",\"@id\":\"https:\\\/\\\/elithair.com\\\/pt\\\/blog-sobre-implante-capilar\\\/queda-de-cabelo-parte-de-tras-da-cabeca\\\/#article\",\"isPartOf\":{\"@id\":\"https:\\\/\\\/elithair.com\\\/pt\\\/blog-sobre-implante-capilar\\\/queda-de-cabelo-parte-de-tras-da-cabeca\\\/\"},\"author\":{\"name\":\"Dr. Imad Moustafa\",\"@id\":\"https:\\\/\\\/elithair.com\\\/pt\\\/#\\\/schema\\\/person\\\/11ce37e83a6343e4c37edcd4b5498e41\"},\"headline\":\"Queda de cabelo na parte de tr\u00e1s da cabe\u00e7a: redemoinho, tonsura ou outra causa?\",\"datePublished\":\"2026-08-28T17:18:07+00:00\",\"mainEntityOfPage\":{\"@id\":\"https:\\\/\\\/elithair.com\\\/pt\\\/blog-sobre-implante-capilar\\\/queda-de-cabelo-parte-de-tras-da-cabeca\\\/\"},\"wordCount\":9548,\"publisher\":{\"@id\":\"https:\\\/\\\/elithair.com\\\/pt\\\/#organization\"},\"image\":{\"@id\":\"https:\\\/\\\/elithair.com\\\/pt\\\/blog-sobre-implante-capilar\\\/queda-de-cabelo-parte-de-tras-da-cabeca\\\/#primaryimage\"},\"thumbnailUrl\":\"https:\\\/\\\/elithair.com\\\/pt\\\/wp-content\\\/uploads\\\/sites\\\/7\\\/2026\\\/08\\\/hero-7.png\",\"articleSection\":[\"Queda de Cabelo\"],\"inLanguage\":\"pt-PT\"},{\"@type\":\"WebPage\",\"@id\":\"https:\\\/\\\/elithair.com\\\/pt\\\/blog-sobre-implante-capilar\\\/queda-de-cabelo-parte-de-tras-da-cabeca\\\/\",\"url\":\"https:\\\/\\\/elithair.com\\\/pt\\\/blog-sobre-implante-capilar\\\/queda-de-cabelo-parte-de-tras-da-cabeca\\\/\",\"name\":\"Queda de cabelo na parte de tr\u00e1s da cabe\u00e7a: redemoinho, tonsura ou nuca? Como reconhecer a causa\",\"isPartOf\":{\"@id\":\"https:\\\/\\\/elithair.com\\\/pt\\\/#website\"},\"primaryImageOfPage\":{\"@id\":\"https:\\\/\\\/elithair.com\\\/pt\\\/blog-sobre-implante-capilar\\\/queda-de-cabelo-parte-de-tras-da-cabeca\\\/#primaryimage\"},\"image\":{\"@id\":\"https:\\\/\\\/elithair.com\\\/pt\\\/blog-sobre-implante-capilar\\\/queda-de-cabelo-parte-de-tras-da-cabeca\\\/#primaryimage\"},\"thumbnailUrl\":\"https:\\\/\\\/elithair.com\\\/pt\\\/wp-content\\\/uploads\\\/sites\\\/7\\\/2026\\\/08\\\/hero-7.png\",\"datePublished\":\"2026-08-28T17:18:07+00:00\",\"description\":\"Queda de cabelo na parte de tr\u00e1s da cabe\u00e7a: no redemoinho \u00e9 quase sempre heredit\u00e1ria, na nuca h\u00e1 outras causas. Autoavalia\u00e7\u00e3o, est\u00e1dios Norwood e o que ajuda.\",\"breadcrumb\":{\"@id\":\"https:\\\/\\\/elithair.com\\\/pt\\\/blog-sobre-implante-capilar\\\/queda-de-cabelo-parte-de-tras-da-cabeca\\\/#breadcrumb\"},\"inLanguage\":\"pt-PT\",\"potentialAction\":[{\"@type\":\"ReadAction\",\"target\":[\"https:\\\/\\\/elithair.com\\\/pt\\\/blog-sobre-implante-capilar\\\/queda-de-cabelo-parte-de-tras-da-cabeca\\\/\"]}]},{\"@type\":\"ImageObject\",\"inLanguage\":\"pt-PT\",\"@id\":\"https:\\\/\\\/elithair.com\\\/pt\\\/blog-sobre-implante-capilar\\\/queda-de-cabelo-parte-de-tras-da-cabeca\\\/#primaryimage\",\"url\":\"https:\\\/\\\/elithair.com\\\/pt\\\/wp-content\\\/uploads\\\/sites\\\/7\\\/2026\\\/08\\\/hero-7.png\",\"contentUrl\":\"https:\\\/\\\/elithair.com\\\/pt\\\/wp-content\\\/uploads\\\/sites\\\/7\\\/2026\\\/08\\\/hero-7.png\",\"width\":1536,\"height\":1024,\"caption\":\"Hinterkopf eines Mannes mit sichtbarem Wirbelbereich im seitlichen Tageslicht\"},{\"@type\":\"BreadcrumbList\",\"@id\":\"https:\\\/\\\/elithair.com\\\/pt\\\/blog-sobre-implante-capilar\\\/queda-de-cabelo-parte-de-tras-da-cabeca\\\/#breadcrumb\",\"itemListElement\":[{\"@type\":\"ListItem\",\"position\":1,\"name\":\"Home\",\"item\":\"https:\\\/\\\/elithair.com\\\/pt\\\/\"},{\"@type\":\"ListItem\",\"position\":2,\"name\":\"Queda de cabelo na parte de tr\u00e1s da cabe\u00e7a: redemoinho, tonsura ou outra causa?\"}]},{\"@type\":\"WebSite\",\"@id\":\"https:\\\/\\\/elithair.com\\\/pt\\\/#website\",\"url\":\"https:\\\/\\\/elithair.com\\\/pt\\\/\",\"name\":\"Elithair\",\"description\":\"\",\"publisher\":{\"@id\":\"https:\\\/\\\/elithair.com\\\/pt\\\/#organization\"},\"alternateName\":\"a melhor cl\u00ednica de transplante capilar na Turquia\",\"potentialAction\":[{\"@type\":\"SearchAction\",\"target\":{\"@type\":\"EntryPoint\",\"urlTemplate\":\"https:\\\/\\\/elithair.com\\\/pt\\\/?s={search_term_string}\"},\"query-input\":{\"@type\":\"PropertyValueSpecification\",\"valueRequired\":true,\"valueName\":\"search_term_string\"}}],\"inLanguage\":\"pt-PT\"},{\"@type\":\"Organization\",\"@id\":\"https:\\\/\\\/elithair.com\\\/pt\\\/#organization\",\"name\":\"Elithair\",\"url\":\"https:\\\/\\\/elithair.com\\\/pt\\\/\",\"logo\":{\"@type\":\"ImageObject\",\"inLanguage\":\"pt-PT\",\"@id\":\"https:\\\/\\\/elithair.com\\\/pt\\\/#\\\/schema\\\/logo\\\/image\\\/\",\"url\":\"https:\\\/\\\/elithair.com\\\/pt\\\/wp-content\\\/uploads\\\/sites\\\/7\\\/2026\\\/04\\\/elithair-logo-primary.svg\",\"contentUrl\":\"https:\\\/\\\/elithair.com\\\/pt\\\/wp-content\\\/uploads\\\/sites\\\/7\\\/2026\\\/04\\\/elithair-logo-primary.svg\",\"width\":1,\"height\":1,\"caption\":\"Elithair\"},\"image\":{\"@id\":\"https:\\\/\\\/elithair.com\\\/pt\\\/#\\\/schema\\\/logo\\\/image\\\/\"},\"sameAs\":[\"https:\\\/\\\/www.facebook.com\\\/Dr.Abdulaziz.Balwi.Hair.Transplant\",\"https:\\\/\\\/www.instagram.com\\\/elithairtransplant_pt\",\"https:\\\/\\\/www.tiktok.com\\\/@elithair.global\",\"https:\\\/\\\/www.youtube.com\\\/@transplantecapilar-elithai4428\"]},{\"@type\":\"Person\",\"@id\":\"https:\\\/\\\/elithair.com\\\/pt\\\/#\\\/schema\\\/person\\\/11ce37e83a6343e4c37edcd4b5498e41\",\"name\":\"Dr. Imad Moustafa\",\"image\":{\"@type\":\"ImageObject\",\"inLanguage\":\"pt-PT\",\"@id\":\"https:\\\/\\\/secure.gravatar.com\\\/avatar\\\/9190499f6f3008cd7da57b179f07bfea4b4e382c816ba3e0de68db0b5a70c07d?s=96&d=mm&r=g\",\"url\":\"https:\\\/\\\/secure.gravatar.com\\\/avatar\\\/9190499f6f3008cd7da57b179f07bfea4b4e382c816ba3e0de68db0b5a70c07d?s=96&d=mm&r=g\",\"contentUrl\":\"https:\\\/\\\/secure.gravatar.com\\\/avatar\\\/9190499f6f3008cd7da57b179f07bfea4b4e382c816ba3e0de68db0b5a70c07d?s=96&d=mm&r=g\",\"caption\":\"Dr. Imad Moustafa\"}}]}<\/script>\n<!-- \/ Yoast SEO Premium plugin. -->","yoast_head_json":{"title":"Queda de cabelo na parte de tr\u00e1s da cabe\u00e7a: redemoinho, tonsura ou nuca? Como reconhecer a causa","description":"Queda de cabelo na parte de tr\u00e1s da cabe\u00e7a: no redemoinho \u00e9 quase sempre heredit\u00e1ria, na nuca h\u00e1 outras causas. Autoavalia\u00e7\u00e3o, est\u00e1dios Norwood e o que ajuda.","robots":{"index":"index","follow":"follow","max-snippet":"max-snippet:-1","max-image-preview":"max-image-preview:large","max-video-preview":"max-video-preview:-1"},"canonical":"https:\/\/elithair.com\/pt\/blog-sobre-implante-capilar\/queda-de-cabelo-parte-de-tras-da-cabeca\/","og_locale":"pt_PT","og_type":"article","og_title":"Queda de cabelo na parte de tr\u00e1s da cabe\u00e7a: redemoinho, tonsura ou outra causa?","og_description":"Queda de cabelo na parte de tr\u00e1s da cabe\u00e7a: no redemoinho \u00e9 quase sempre heredit\u00e1ria, na nuca h\u00e1 outras causas. Autoavalia\u00e7\u00e3o, est\u00e1dios Norwood e o que ajuda.","og_url":"https:\/\/elithair.com\/pt\/blog-sobre-implante-capilar\/queda-de-cabelo-parte-de-tras-da-cabeca\/","og_site_name":"Elithair","article_publisher":"https:\/\/www.facebook.com\/Dr.Abdulaziz.Balwi.Hair.Transplant","article_published_time":"2026-08-28T17:18:07+00:00","og_image":[{"url":"https:\/\/elithair.com\/pt\/wp-content\/uploads\/sites\/7\/2026\/08\/zonen_landkarte_hinterkopf__pt.png","type":"","width":"","height":""}],"author":"Dr. Imad Moustafa","twitter_card":"summary_large_image","twitter_misc":{"Escrito por":"Dr. Imad Moustafa","Tempo estimado de leitura":"48 minutos"},"schema":{"@context":"https:\/\/schema.org","@graph":[{"@type":"Article","@id":"https:\/\/elithair.com\/pt\/blog-sobre-implante-capilar\/queda-de-cabelo-parte-de-tras-da-cabeca\/#article","isPartOf":{"@id":"https:\/\/elithair.com\/pt\/blog-sobre-implante-capilar\/queda-de-cabelo-parte-de-tras-da-cabeca\/"},"author":{"name":"Dr. Imad Moustafa","@id":"https:\/\/elithair.com\/pt\/#\/schema\/person\/11ce37e83a6343e4c37edcd4b5498e41"},"headline":"Queda de cabelo na parte de tr\u00e1s da cabe\u00e7a: redemoinho, tonsura ou outra causa?","datePublished":"2026-08-28T17:18:07+00:00","mainEntityOfPage":{"@id":"https:\/\/elithair.com\/pt\/blog-sobre-implante-capilar\/queda-de-cabelo-parte-de-tras-da-cabeca\/"},"wordCount":9548,"publisher":{"@id":"https:\/\/elithair.com\/pt\/#organization"},"image":{"@id":"https:\/\/elithair.com\/pt\/blog-sobre-implante-capilar\/queda-de-cabelo-parte-de-tras-da-cabeca\/#primaryimage"},"thumbnailUrl":"https:\/\/elithair.com\/pt\/wp-content\/uploads\/sites\/7\/2026\/08\/hero-7.png","articleSection":["Queda de Cabelo"],"inLanguage":"pt-PT"},{"@type":"WebPage","@id":"https:\/\/elithair.com\/pt\/blog-sobre-implante-capilar\/queda-de-cabelo-parte-de-tras-da-cabeca\/","url":"https:\/\/elithair.com\/pt\/blog-sobre-implante-capilar\/queda-de-cabelo-parte-de-tras-da-cabeca\/","name":"Queda de cabelo na parte de tr\u00e1s da cabe\u00e7a: redemoinho, tonsura ou nuca? Como reconhecer a causa","isPartOf":{"@id":"https:\/\/elithair.com\/pt\/#website"},"primaryImageOfPage":{"@id":"https:\/\/elithair.com\/pt\/blog-sobre-implante-capilar\/queda-de-cabelo-parte-de-tras-da-cabeca\/#primaryimage"},"image":{"@id":"https:\/\/elithair.com\/pt\/blog-sobre-implante-capilar\/queda-de-cabelo-parte-de-tras-da-cabeca\/#primaryimage"},"thumbnailUrl":"https:\/\/elithair.com\/pt\/wp-content\/uploads\/sites\/7\/2026\/08\/hero-7.png","datePublished":"2026-08-28T17:18:07+00:00","description":"Queda de cabelo na parte de tr\u00e1s da cabe\u00e7a: no redemoinho \u00e9 quase sempre heredit\u00e1ria, na nuca h\u00e1 outras causas. Autoavalia\u00e7\u00e3o, est\u00e1dios Norwood e o que ajuda.","breadcrumb":{"@id":"https:\/\/elithair.com\/pt\/blog-sobre-implante-capilar\/queda-de-cabelo-parte-de-tras-da-cabeca\/#breadcrumb"},"inLanguage":"pt-PT","potentialAction":[{"@type":"ReadAction","target":["https:\/\/elithair.com\/pt\/blog-sobre-implante-capilar\/queda-de-cabelo-parte-de-tras-da-cabeca\/"]}]},{"@type":"ImageObject","inLanguage":"pt-PT","@id":"https:\/\/elithair.com\/pt\/blog-sobre-implante-capilar\/queda-de-cabelo-parte-de-tras-da-cabeca\/#primaryimage","url":"https:\/\/elithair.com\/pt\/wp-content\/uploads\/sites\/7\/2026\/08\/hero-7.png","contentUrl":"https:\/\/elithair.com\/pt\/wp-content\/uploads\/sites\/7\/2026\/08\/hero-7.png","width":1536,"height":1024,"caption":"Hinterkopf eines Mannes mit sichtbarem Wirbelbereich im seitlichen Tageslicht"},{"@type":"BreadcrumbList","@id":"https:\/\/elithair.com\/pt\/blog-sobre-implante-capilar\/queda-de-cabelo-parte-de-tras-da-cabeca\/#breadcrumb","itemListElement":[{"@type":"ListItem","position":1,"name":"Home","item":"https:\/\/elithair.com\/pt\/"},{"@type":"ListItem","position":2,"name":"Queda de cabelo na parte de tr\u00e1s da cabe\u00e7a: redemoinho, tonsura ou outra causa?"}]},{"@type":"WebSite","@id":"https:\/\/elithair.com\/pt\/#website","url":"https:\/\/elithair.com\/pt\/","name":"Elithair","description":"","publisher":{"@id":"https:\/\/elithair.com\/pt\/#organization"},"alternateName":"a melhor cl\u00ednica de transplante capilar na Turquia","potentialAction":[{"@type":"SearchAction","target":{"@type":"EntryPoint","urlTemplate":"https:\/\/elithair.com\/pt\/?s={search_term_string}"},"query-input":{"@type":"PropertyValueSpecification","valueRequired":true,"valueName":"search_term_string"}}],"inLanguage":"pt-PT"},{"@type":"Organization","@id":"https:\/\/elithair.com\/pt\/#organization","name":"Elithair","url":"https:\/\/elithair.com\/pt\/","logo":{"@type":"ImageObject","inLanguage":"pt-PT","@id":"https:\/\/elithair.com\/pt\/#\/schema\/logo\/image\/","url":"https:\/\/elithair.com\/pt\/wp-content\/uploads\/sites\/7\/2026\/04\/elithair-logo-primary.svg","contentUrl":"https:\/\/elithair.com\/pt\/wp-content\/uploads\/sites\/7\/2026\/04\/elithair-logo-primary.svg","width":1,"height":1,"caption":"Elithair"},"image":{"@id":"https:\/\/elithair.com\/pt\/#\/schema\/logo\/image\/"},"sameAs":["https:\/\/www.facebook.com\/Dr.Abdulaziz.Balwi.Hair.Transplant","https:\/\/www.instagram.com\/elithairtransplant_pt","https:\/\/www.tiktok.com\/@elithair.global","https:\/\/www.youtube.com\/@transplantecapilar-elithai4428"]},{"@type":"Person","@id":"https:\/\/elithair.com\/pt\/#\/schema\/person\/11ce37e83a6343e4c37edcd4b5498e41","name":"Dr. Imad Moustafa","image":{"@type":"ImageObject","inLanguage":"pt-PT","@id":"https:\/\/secure.gravatar.com\/avatar\/9190499f6f3008cd7da57b179f07bfea4b4e382c816ba3e0de68db0b5a70c07d?s=96&d=mm&r=g","url":"https:\/\/secure.gravatar.com\/avatar\/9190499f6f3008cd7da57b179f07bfea4b4e382c816ba3e0de68db0b5a70c07d?s=96&d=mm&r=g","contentUrl":"https:\/\/secure.gravatar.com\/avatar\/9190499f6f3008cd7da57b179f07bfea4b4e382c816ba3e0de68db0b5a70c07d?s=96&d=mm&r=g","caption":"Dr. Imad Moustafa"}}]}},"_links":{"self":[{"href":"https:\/\/elithair.com\/pt\/wp-json\/wp\/v2\/posts\/89715","targetHints":{"allow":["GET"]}}],"collection":[{"href":"https:\/\/elithair.com\/pt\/wp-json\/wp\/v2\/posts"}],"about":[{"href":"https:\/\/elithair.com\/pt\/wp-json\/wp\/v2\/types\/post"}],"author":[{"embeddable":true,"href":"https:\/\/elithair.com\/pt\/wp-json\/wp\/v2\/users\/10"}],"replies":[{"embeddable":true,"href":"https:\/\/elithair.com\/pt\/wp-json\/wp\/v2\/comments?post=89715"}],"version-history":[{"count":0,"href":"https:\/\/elithair.com\/pt\/wp-json\/wp\/v2\/posts\/89715\/revisions"}],"wp:featuredmedia":[{"embeddable":true,"href":"https:\/\/elithair.com\/pt\/wp-json\/wp\/v2\/media\/89720"}],"wp:attachment":[{"href":"https:\/\/elithair.com\/pt\/wp-json\/wp\/v2\/media?parent=89715"}],"wp:term":[{"taxonomy":"category","embeddable":true,"href":"https:\/\/elithair.com\/pt\/wp-json\/wp\/v2\/categories?post=89715"},{"taxonomy":"post_tag","embeddable":true,"href":"https:\/\/elithair.com\/pt\/wp-json\/wp\/v2\/tags?post=89715"}],"curies":[{"name":"wp","href":"https:\/\/api.w.org\/{rel}","templated":true}]}}