{"id":89714,"date":"2026-08-28T17:04:09","date_gmt":"2026-08-28T17:04:09","guid":{"rendered":"https:\/\/elithair.com\/pt\/blog-sobre-implante-capilar\/shock-loss-transplante-capilar\/"},"modified":"2026-08-28T17:04:09","modified_gmt":"2026-08-28T17:04:09","slug":"shock-loss-transplante-capilar","status":"publish","type":"post","link":"https:\/\/elithair.com\/pt\/blog-sobre-implante-capilar\/shock-loss-transplante-capilar\/","title":{"rendered":"Queda de cabelo ap\u00f3s transplante capilar: shock loss, shedding e a evolu\u00e7\u00e3o at\u00e9 ao resultado final"},"content":{"rendered":"\n<div style=\"border-left:4px solid #0079F1;padding:0 0 0 14px;margin:0 0 26px\">\n<p style=\"margin:0 0 14px;color:#2e3033;font-size:17px;line-height:1.65\">Quando caem cabelos depois de um transplante capilar, est\u00e3o quase sempre em causa duas coisas diferentes. No shedding, o enxerto liberta a haste capilar vis\u00edvel, mas a raiz permanece no couro cabeludo e, ao fim de alguns meses, faz nascer um novo cabelo. J\u00e1 o verdadeiro shock loss ap\u00f3s o transplante capilar afeta o cabelo nativo em redor e \u00e9 raro: numa an\u00e1lise de 621 pacientes submetidos a FUE, ocorreu em 3,7 por cento (Okochi et al., Aesthetic Plastic Surgery 2024). Este texto enquadra a queda de cabelo ap\u00f3s o transplante capilar semana a semana e m\u00eas a m\u00eas.<\/p>\n<p style=\"margin:0 0 8px;color:#013366;font-weight:700;font-size:16px\">O essencial em resumo<\/p>\n<ul style=\"margin:0 0 14px;padding:0;color:#2e3033;list-style:none\">\n<li style=\"position:relative;padding:3px 0 3px 24px\"><span style=\"position:absolute;left:0;top:3px;color:#0079F1;font-weight:700\">&#10003;<\/span>Regra geral, nem o shedding nem um shock loss exigem tratamento: na maioria dos pacientes, o crescimento recome\u00e7a por si s\u00f3 ao fim de cerca de tr\u00eas a seis meses (StatPearls)<\/li>\n<li style=\"position:relative;padding:3px 0 3px 24px\"><span style=\"position:absolute;left:0;top:3px;color:#0079F1;font-weight:700\">&#10003;<\/span>O verdadeiro shock loss do cabelo nativo \u00e9 raro (3,7 por cento em 621 pacientes, Okochi et al. 2024) e afeta as mulheres muito mais do que os homens<\/li>\n<li style=\"position:relative;padding:3px 0 3px 24px\"><span style=\"position:absolute;left:0;top:3px;color:#0079F1;font-weight:700\">&#10003;<\/span>Falhas aos seis meses n\u00e3o s\u00e3o o resultado final: por norma, o resultado amadurece at\u00e9 ao m\u00eas 12 e, nas zonas implantadas com maior densidade e no topo da cabe\u00e7a, por vezes at\u00e9 aos meses 15 a 18<\/li>\n<li style=\"position:relative;padding:3px 0 3px 24px\"><span style=\"position:absolute;left:0;top:3px;color:#0079F1;font-weight:700\">&#10003;<\/span>Se um ou dois anos mais tarde voltar a cair cabelo, a causa costuma estar na progress\u00e3o da predisposi\u00e7\u00e3o gen\u00e9tica na \u00e1rea n\u00e3o transplantada, e n\u00e3o no enxerto<\/li>\n<\/ul>\n<p style=\"margin:0;color:#2e3033\">O \u00edndice mostra onde encontra cada assunto. A seguir, entramos em detalhe fase a fase, da segunda semana ao segundo ano.<\/p>\n<\/div>\n\n\n\n<h2 class=\"wp-block-heading\" id=\"h-haarverlust-nach-dem-eingriff-was-steckt-dahinter\">Queda de cabelo ap\u00f3s a interven\u00e7\u00e3o: o que est\u00e1 por tr\u00e1s?<\/h2>\n\n\n\n<p class=\"wp-block-paragraph\">A queda de cabelo ap\u00f3s o transplante capilar \u00e9 a regra nas primeiras semanas e n\u00e3o \u00e9 sinal de um resultado falhado. Muitos pacientes notam, algumas semanas ap\u00f3s a interven\u00e7\u00e3o, uma acentuada <a href=\"\/pt\/blog-sobre-implante-capilar\/queda-de-cabelo\/\">queda de cabelo<\/a>. O chamado \u00abshock loss\u00bb \u00e9 um fen\u00f3meno conhecido e, na maioria dos casos, uma <strong>rea\u00e7\u00e3o passageira<\/strong> do couro cabeludo. Pode afetar tanto a zona recetora como a zona dadora e est\u00e1 diretamente relacionado com o processo de cicatriza\u00e7\u00e3o e de adapta\u00e7\u00e3o dos fol\u00edculos capilares.<\/p>\n\n\n\n<p class=\"wp-block-paragraph\">Para enquadrar a sua pr\u00f3pria evolu\u00e7\u00e3o h\u00e1 exatamente tr\u00eas hip\u00f3teses: a liberta\u00e7\u00e3o das hastes capilares transplantadas, uma queda passageira do cabelo nativo em redor e, muito mais raramente, a perda mec\u00e2nica de um enxerto nos primeiros dias. Qual delas est\u00e1 em causa decide-se pelo momento e pelo aspeto do cabelo que caiu.<\/p>\n\n\n\n<h3 class=\"wp-block-heading\" id=\"h-normaler-haarausfall\"><strong>Queda de cabelo normal<\/strong><\/h3>\n\n\n\n<p class=\"wp-block-paragraph\">No caso da <strong>queda de cabelo ap\u00f3s o transplante capilar<\/strong> , trata-se frequentemente de um processo fisiol\u00f3gico:<\/p>\n\n\n\n<ul class=\"wp-block-list\">\n<li>Os fol\u00edculos capilares transplantados entram temporariamente numa fase de repouso<\/li>\n\n\n<li>A queda come\u00e7a, na maioria dos casos, nas primeiras 2 a 8 semanas<\/li>\n\n\n<li>As ra\u00edzes mant\u00eam-se intactas, caem apenas os cabelos vis\u00edveis<\/li>\n\n\n<li>O novo crescimento come\u00e7a, regra geral, ao fim de alguns meses<\/li>\n<\/ul>\n\n\n\n<p class=\"wp-block-paragraph\">Esta evolu\u00e7\u00e3o \u00e9 considerada inofensiva e faz parte do processo natural de regenera\u00e7\u00e3o.<\/p>\n\n\n\n<h3 class=\"wp-block-heading\"><strong>Queda de cabelo problem\u00e1tica<\/strong><\/h3>\n\n\n\n<p class=\"wp-block-paragraph\">Em casos mais raros, a queda pode indicar fatores que merecem uma observa\u00e7\u00e3o mais atenta:<\/p>\n\n\n\n<ul class=\"wp-block-list\">\n<li>\u00c9 afetado sobretudo o cabelo nativo n\u00e3o transplantado em redor das \u00e1reas tratadas<\/li>\n\n\n<li>A queda de cabelo na zona dadora pode indicar uma extra\u00e7\u00e3o excessiva ou uma cicatriza\u00e7\u00e3o perturbada<\/li>\n\n\n<li>Queda prolongada e em placas<\/li>\n\n\n<li>Inflama\u00e7\u00f5es ou infe\u00e7\u00f5es associadas do couro cabeludo<\/li>\n<\/ul>\n\n\n\n<p class=\"wp-block-paragraph\">Nestes casos, faz sentido um controlo por um m\u00e9dico especialista, para avaliar a evolu\u00e7\u00e3o da cicatriza\u00e7\u00e3o de forma dirigida.<\/p>\n\n\n\n<h3 class=\"wp-block-heading\"><strong>Com que frequ\u00eancia ocorre queda de cabelo ap\u00f3s um transplante de cabelo pr\u00f3prio?<\/strong><\/h3>\n\n\n\n<p class=\"wp-block-paragraph\">A frequ\u00eancia da queda de cabelo ap\u00f3s um transplante de cabelo pr\u00f3prio depende de qual dos dois fen\u00f3menos est\u00e1 em causa. O shedding dos cabelos transplantados afeta a maioria dos pacientes e \u00e9 descrito na literatura cient\u00edfica como uma parte praticamente normal da cicatriza\u00e7\u00e3o, embora sem uma percentagem s\u00f3lida (Goldin et al., <em>Hair Transplantation<\/em>, StatPearls NBK547740).<\/p>\n\n\n\n<p class=\"wp-block-paragraph\">O verdadeiro <strong>shock loss ap\u00f3s o transplante capilar<\/strong>, ou seja, a queda passageira do cabelo nativo em redor, \u00e9, pelo contr\u00e1rio, raro: na maior an\u00e1lise realizada at\u00e9 hoje, com 621 pacientes submetidos a FUE, situou-se em 3,7 por cento (Okochi et al., Aesthetic Plastic Surgery 2024). A sec\u00e7\u00e3o seguinte separa com clareza os dois processos e responde diretamente \u00e0 pergunta que quase todos os pacientes fazem depois da primeira lavagem: \u00e9 shedding ou perdi um enxerto?<\/p>\n\n\n\n<h2 class=\"wp-block-heading\">Diferen\u00e7a: shedding dos enxertos ou verdadeiro shock loss?<\/h2>\n\n\n\n<p class=\"wp-block-paragraph\">Shedding e shock loss s\u00e3o, depois de um transplante capilar, dois processos diferentes: no shedding cai a haste dos cabelos transplantados e a raiz permanece no couro cabeludo; no shock loss, o cabelo nativo em redor entra temporariamente em fase de repouso. Quem distingue os dois consegue enquadrar a sua evolu\u00e7\u00e3o com muito mais calma.<\/p>\n\n\n<div class=\"wp-block-image\">\n<figure class=\"aligncenter size-large is-resized\" style=\"max-width:560px;margin-left:auto;margin-right:auto\"><img decoding=\"async\" src=\"https:\/\/elithair.com\/pt\/wp-content\/uploads\/sites\/7\/2026\/08\/shedding_vs_shockloss_schema.png\" alt=\"Corte esquem\u00e1tico da pele: \u00e0 esquerda, a haste capilar solta-se e a raiz permanece; \u00e0 direita, os cabelos nativos em redor entram em fase de repouso\" class=\"wp-image-89914\" style=\"width:560px;max-width:100%;height:auto\"\/><\/figure>\n<\/div>\n\n\n<h3 class=\"wp-block-heading\">Shedding dos cabelos transplantados: a regra<\/h3>\n\n\n\n<p class=\"wp-block-paragraph\">O shedding ap\u00f3s o transplante capilar afeta a maioria dos pacientes. Durante a interven\u00e7\u00e3o, o fol\u00edculo transplantado \u00e9 separado do seu fornecimento de sangue e passa depois \u00e0 fase de repouso (telog\u00e9nica). A haste capilar vis\u00edvel \u00e9 libertada, a raiz permanece no seu novo lugar.<\/p>\n\n\n\n<p class=\"wp-block-paragraph\">A base de dados cient\u00edfica StatPearls descreve o processo assim: a liberta\u00e7\u00e3o dos cabelos implantados come\u00e7a poucos dias ap\u00f3s a interven\u00e7\u00e3o e podem passar v\u00e1rios meses at\u00e9 voltarem a crescer (Goldin et al., StatPearls NBK547740). O pico situa-se tipicamente entre a semana 2 e a 8. A rela\u00e7\u00e3o entre a fase de repouso e a fase de crescimento \u00e9 explicada no artigo sobre o ciclo capilar.<\/p>\n\n\n\n<p class=\"wp-block-paragraph\">Pergunta frequente: de repente ou de forma gradual? O shedding distribui-se, regra geral, ao longo de v\u00e1rias semanas. O t\u00edpico \u00e9 uma evolu\u00e7\u00e3o lentamente crescente, com cabelos soltos na almofada e na toalha, um pico entre a semana 4 e a 8 e um desvanecimento at\u00e9 cerca da semana 10. Uma queda concentrada num \u00fanico dia \u00e9 a exce\u00e7\u00e3o, mas acontece e, por si s\u00f3, n\u00e3o \u00e9 um sinal de alarme.<\/p>\n\n\n\n<h3 class=\"wp-block-heading\">Verdadeiro shock loss do cabelo nativo: a exce\u00e7\u00e3o<\/h3>\n\n\n\n<p class=\"wp-block-paragraph\">O verdadeiro shock loss \u00e9 um efl\u00favio passageiro dos cabelos em redor da \u00e1rea tratada, ou seja, do cabelo nativo. Como fatores desencadeantes, uma revis\u00e3o de 2026 aponta o trauma cir\u00fargico, uma inflama\u00e7\u00e3o perifolicular, uma irriga\u00e7\u00e3o sangu\u00ednea local deficit\u00e1ria e ainda as subst\u00e2ncias vasoconstritoras da anestesia local (Romera de Blas et al., Frontiers in Medicine 2026).<\/p>\n\n\n\n<p class=\"wp-block-paragraph\">Os cabelos j\u00e1 afinados pela predisposi\u00e7\u00e3o gen\u00e9tica s\u00e3o os que reagem com maior sensibilidade. Segundo a experi\u00eancia cl\u00ednica, um shock loss regride ao longo de meses, porque os fol\u00edculos n\u00e3o se perdem, apenas mudam de fase. \u00c9 precisamente isso que, no in\u00edcio, o torna dif\u00edcil de distinguir de uma queda de cabelo progressiva.<\/p>\n\n\n\n<p class=\"wp-block-paragraph\">A tabela seguinte coloca lado a lado os tr\u00eas processos que, ap\u00f3s um transplante capilar, s\u00e3o percecionados como \u00abqueda de cabelo\u00bb: o shedding dos enxertos, o verdadeiro shock loss do cabelo nativo e a perda definitiva de um enxerto. Comparam-se o cabelo afetado, a janela temporal, a frequ\u00eancia documentada e a necessidade de agir.<\/p>\n\n\n\n<style>\n@media (max-width:640px){\n.rt-table-wrap{overflow-x:visible!important;border:0!important;border-radius:0!important}\n.rt-table{min-width:0!important}\n.rt-table thead{display:none}\n.rt-table,.rt-table tbody,.rt-table tr,.rt-table td{display:block;width:100%}\n.rt-table caption{display:block;padding:0 0 12px!important}\n.rt-table tr{margin:0 0 12px;border:1px solid #dbe4f0;border-radius:10px;overflow:hidden}\n.rt-table tr:last-child{margin-bottom:0}\n.rt-table td{display:flex!important;flex-direction:column;gap:3px;padding:12px 14px!important;\nborder:0!important;border-bottom:1px solid #e3e8ef!important;background:#ffffff!important}\n.rt-table tr td:last-child{border-bottom:0!important}\n.rt-table td::before{content:attr(data-label);font-size:12px;font-weight:700;letter-spacing:.04em;\ntext-transform:uppercase;color:#5799F1}\n.rt-table td:not([data-label])::before,.rt-table td[data-label=\"\"]::before{display:none}\n}\n<\/style>\n<div class=\"rt-table-wrap\" style=\"overflow-x:auto;-webkit-overflow-scrolling:touch;margin:28px 0;border:1px solid #dbe4f0;border-radius:12px\">\n  <table class=\"rt-table\" style=\"width:100%;min-width:660px;table-layout:fixed;border-collapse:separate;border-spacing:0;font-size:15px;margin:0\">\n    <caption style=\"caption-side:top;text-align:left;color:#003366;font-weight:700;font-size:16px;line-height:1.35;padding:14px 16px 10px;background:#ffffff\">Shedding, shock loss ou perda de enxerto: as diferen\u00e7as num relance<\/caption>\n    <thead>\n      <tr>\n        <th style=\"width:22%;background:#003366;color:#ffffff;font-weight:700;text-align:left;vertical-align:middle;padding:13px 16px;font-size:15px;line-height:1.4;border:0;overflow-wrap:break-word\">Caracter\u00edstica<\/th>\n        <th style=\"background:#003366;color:#ffffff;font-weight:700;text-align:left;vertical-align:middle;padding:13px 16px;font-size:15px;line-height:1.4;border:0;overflow-wrap:break-word\">Shedding dos enxertos<\/th>\n        <th style=\"background:#003366;color:#ffffff;font-weight:700;text-align:left;vertical-align:middle;padding:13px 16px;font-size:15px;line-height:1.4;border:0;overflow-wrap:break-word\">Verdadeiro shock loss<\/th>\n        <th style=\"background:#003366;color:#ffffff;font-weight:700;text-align:left;vertical-align:middle;padding:13px 16px;font-size:15px;line-height:1.4;border:0;overflow-wrap:break-word\">Perda definitiva do enxerto<\/th>\n      <\/tr>\n    <\/thead>\n    <tbody>\n      <tr>\n        <td data-label=\"Caracter\u00edstica\" style=\"background:#ffffff;color:#003366;font-weight:700;text-align:left;vertical-align:top;padding:13px 16px;font-size:15px;line-height:1.55;border:0;border-bottom:1px solid #e3e8ef;overflow-wrap:break-word\">O que cai<\/td>\n        <td data-label=\"Shedding dos enxertos\" style=\"background:#ffffff;color:#22303e;font-weight:400;text-align:left;vertical-align:top;padding:13px 16px;font-size:15px;line-height:1.55;border:0;border-bottom:1px solid #e3e8ef;overflow-wrap:break-word\">a haste dos cabelos transplantados<\/td>\n        <td data-label=\"Verdadeiro shock loss\" style=\"background:#ffffff;color:#22303e;font-weight:400;text-align:left;vertical-align:top;padding:13px 16px;font-size:15px;line-height:1.55;border:0;border-bottom:1px solid #e3e8ef;overflow-wrap:break-word\">cabelo nativo em redor<\/td>\n        <td data-label=\"Perda definitiva do enxerto\" style=\"background:#ffffff;color:#22303e;font-weight:400;text-align:left;vertical-align:top;padding:13px 16px;font-size:15px;line-height:1.55;border:0;border-bottom:1px solid #e3e8ef;overflow-wrap:break-word\">n\u00e3o cai nada, o enxerto n\u00e3o pega<\/td>\n      <\/tr>\n      <tr>\n        <td data-label=\"Caracter\u00edstica\" style=\"background:#f6f9fc;color:#003366;font-weight:700;text-align:left;vertical-align:top;padding:13px 16px;font-size:15px;line-height:1.55;border:0;border-bottom:1px solid #e3e8ef;overflow-wrap:break-word\">Raiz do cabelo<\/td>\n        <td data-label=\"Shedding dos enxertos\" style=\"background:#f6f9fc;color:#22303e;font-weight:400;text-align:left;vertical-align:top;padding:13px 16px;font-size:15px;line-height:1.55;border:0;border-bottom:1px solid #e3e8ef;overflow-wrap:break-word\">permanece no couro cabeludo<\/td>\n        <td data-label=\"Verdadeiro shock loss\" style=\"background:#f6f9fc;color:#22303e;font-weight:400;text-align:left;vertical-align:top;padding:13px 16px;font-size:15px;line-height:1.55;border:0;border-bottom:1px solid #e3e8ef;overflow-wrap:break-word\">permanece, o fol\u00edculo est\u00e1 em fase de repouso<\/td>\n        <td data-label=\"Perda definitiva do enxerto\" style=\"background:#f6f9fc;color:#22303e;font-weight:400;text-align:left;vertical-align:top;padding:13px 16px;font-size:15px;line-height:1.55;border:0;border-bottom:1px solid #e3e8ef;overflow-wrap:break-word\">o fol\u00edculo n\u00e3o pegou<\/td>\n      <\/tr>\n      <tr>\n        <td data-label=\"Caracter\u00edstica\" style=\"background:#ffffff;color:#003366;font-weight:700;text-align:left;vertical-align:top;padding:13px 16px;font-size:15px;line-height:1.55;border:0;border-bottom:1px solid #e3e8ef;overflow-wrap:break-word\">Janela temporal t\u00edpica<\/td>\n        <td data-label=\"Shedding dos enxertos\" style=\"background:#ffffff;color:#22303e;font-weight:400;text-align:left;vertical-align:top;padding:13px 16px;font-size:15px;line-height:1.55;border:0;border-bottom:1px solid #e3e8ef;overflow-wrap:break-word\">semana 2 a 8<\/td>\n        <td data-label=\"Verdadeiro shock loss\" style=\"background:#ffffff;color:#22303e;font-weight:400;text-align:left;vertical-align:top;padding:13px 16px;font-size:15px;line-height:1.55;border:0;border-bottom:1px solid #e3e8ef;overflow-wrap:break-word\">semana 2 a 12<\/td>\n        <td data-label=\"Perda definitiva do enxerto\" style=\"background:#ffffff;color:#22303e;font-weight:400;text-align:left;vertical-align:top;padding:13px 16px;font-size:15px;line-height:1.55;border:0;border-bottom:1px solid #e3e8ef;overflow-wrap:break-word\">s\u00f3 se revela a partir do m\u00eas 6 a 12<\/td>\n      <\/tr>\n      <tr>\n        <td data-label=\"Caracter\u00edstica\" style=\"background:#f6f9fc;color:#003366;font-weight:700;text-align:left;vertical-align:top;padding:13px 16px;font-size:15px;line-height:1.55;border:0;border-bottom:1px solid #e3e8ef;overflow-wrap:break-word\">Frequ\u00eancia<\/td>\n        <td data-label=\"Shedding dos enxertos\" style=\"background:#f6f9fc;color:#22303e;font-weight:400;text-align:left;vertical-align:top;padding:13px 16px;font-size:15px;line-height:1.55;border:0;border-bottom:1px solid #e3e8ef;overflow-wrap:break-word\">afeta a maioria dos pacientes, sem n\u00fameros s\u00f3lidos na literatura<\/td>\n        <td data-label=\"Verdadeiro shock loss\" style=\"background:#f6f9fc;color:#22303e;font-weight:400;text-align:left;vertical-align:top;padding:13px 16px;font-size:15px;line-height:1.55;border:0;border-bottom:1px solid #e3e8ef;overflow-wrap:break-word\">3,7 % em 621 pacientes FUE, mulheres cerca de 21 % (Okochi et al. 2024)<\/td>\n        <td data-label=\"Perda definitiva do enxerto\" style=\"background:#f6f9fc;color:#22303e;font-weight:400;text-align:left;vertical-align:top;padding:13px 16px;font-size:15px;line-height:1.55;border:0;border-bottom:1px solid #e3e8ef;overflow-wrap:break-word\">caso isolado, sem n\u00fameros s\u00f3lidos<\/td>\n      <\/tr>\n      <tr>\n        <td data-label=\"Caracter\u00edstica\" style=\"background:#ffffff;color:#003366;font-weight:700;text-align:left;vertical-align:top;padding:13px 16px;font-size:15px;line-height:1.55;border:0;border-bottom:1px solid #e3e8ef;overflow-wrap:break-word\">Evolu\u00e7\u00e3o<\/td>\n        <td data-label=\"Shedding dos enxertos\" style=\"background:#ffffff;color:#22303e;font-weight:400;text-align:left;vertical-align:top;padding:13px 16px;font-size:15px;line-height:1.55;border:0;border-bottom:1px solid #e3e8ef;overflow-wrap:break-word\">novo crescimento a partir do m\u00eas 3 a 6<\/td>\n        <td data-label=\"Verdadeiro shock loss\" style=\"background:#ffffff;color:#22303e;font-weight:400;text-align:left;vertical-align:top;padding:13px 16px;font-size:15px;line-height:1.55;border:0;border-bottom:1px solid #e3e8ef;overflow-wrap:break-word\">segundo a experi\u00eancia cl\u00ednica, regride ao longo de meses<\/td>\n        <td data-label=\"Perda definitiva do enxerto\" style=\"background:#ffffff;color:#22303e;font-weight:400;text-align:left;vertical-align:top;padding:13px 16px;font-size:15px;line-height:1.55;border:0;border-bottom:1px solid #e3e8ef;overflow-wrap:break-word\">n\u00e3o h\u00e1 crescimento<\/td>\n      <\/tr>\n      <tr>\n        <td data-label=\"Caracter\u00edstica\" style=\"background:#f6f9fc;color:#003366;font-weight:700;text-align:left;vertical-align:top;padding:13px 16px;font-size:15px;line-height:1.55;border:0;overflow-wrap:break-word\">Necessidade de agir<\/td>\n        <td data-label=\"Shedding dos enxertos\" style=\"background:#f6f9fc;color:#22303e;font-weight:400;text-align:left;vertical-align:top;padding:13px 16px;font-size:15px;line-height:1.55;border:0;overflow-wrap:break-word\">nenhuma, aguardar<\/td>\n        <td data-label=\"Verdadeiro shock loss\" style=\"background:#f6f9fc;color:#22303e;font-weight:400;text-align:left;vertical-align:top;padding:13px 16px;font-size:15px;line-height:1.55;border:0;overflow-wrap:break-word\">consulta de seguimento em caso de d\u00favida<\/td>\n        <td data-label=\"Perda definitiva do enxerto\" style=\"background:#f6f9fc;color:#22303e;font-weight:400;text-align:left;vertical-align:top;padding:13px 16px;font-size:15px;line-height:1.55;border:0;overflow-wrap:break-word\">avalia\u00e7\u00e3o m\u00e9dica a partir do m\u00eas 12<\/td>\n      <\/tr>\n    <\/tbody>\n  <\/table>\n<\/div>\n\n\n\n<h3 class=\"wp-block-heading\">\u00c9 shedding ou perdi um enxerto?<\/h3>\n\n\n\n<p class=\"wp-block-paragraph\">Se o cabelo que caiu faz parte do shedding normal ou \u00e9 um enxerto perdido, percebe-se pelo pr\u00f3prio cabelo e pelo momento. Um cabelo em fase de repouso solta-se com uma extremidade curta, em forma de clava, sem pigmento e formada por queratina endurecida, sem bainha radicular e sem sangramento no couro cabeludo (DermNet, <em>Telogen effluvium<\/em>).<\/p>\n\n\n\n<p class=\"wp-block-paragraph\">O que \u00e9 decisivo \u00e9 o momento. Um estudo sobre a ancoragem dos enxertos concluiu que a tra\u00e7\u00e3o do cabelo nos dias 1 e 2 levava \u00e0 perda do enxerto, mas j\u00e1 n\u00e3o a partir do dia 6, e que no grupo estudado todos os enxertos estavam firmes a partir do dia 10 (Bernstein e Rassman, Dermatologic Surgery 2006, PMID 16442039). O servi\u00e7o nacional de sa\u00fade brit\u00e2nico, o NHS, indica os primeiros 14 dias como a fase de incerteza.<\/p>\n\n\n\n<p class=\"wp-block-paragraph\">Ou seja: ao fim de cerca de 10 a 14 dias, a perda mec\u00e2nica de um enxerto j\u00e1 \u00e9 praticamente imposs\u00edvel. O que cair depois disso \u00e9, com elevada probabilidade, shedding. At\u00e9 l\u00e1 vale a regra: n\u00e3o co\u00e7ar, n\u00e3o esfregar, n\u00e3o mexer nas crostas.<\/p>\n\n\n<div class=\"wp-block-image\">\n<figure class=\"aligncenter size-large is-resized\" style=\"max-width:720px;margin-left:auto;margin-right:auto\"><img decoding=\"async\" src=\"https:\/\/elithair.com\/pt\/wp-content\/uploads\/sites\/7\/2026\/08\/shedding_haar_makro.png\" alt=\"Macrofotografia de um cabelo ca\u00eddo na ponta de um dedo, com um pequeno espessamento esbranqui\u00e7ado de queratina na extremidade\" class=\"wp-image-89915\" style=\"width:720px;max-width:100%;height:auto\"\/><\/figure>\n<\/div>\n\n\n<p class=\"wp-block-paragraph\">A verifica\u00e7\u00e3o visual que se segue resume como distinguir os dois no dia a dia: pelo pr\u00f3prio cabelo ca\u00eddo, pelo couro cabeludo por baixo, pelo momento e pela situa\u00e7\u00e3o em que aconteceu.<\/p>\n\n\n\n<style>\n@media (max-width:640px){\n.rt-table-wrap{overflow-x:visible!important;border:0!important;border-radius:0!important}\n.rt-table{min-width:0!important}\n.rt-table thead{display:none}\n.rt-table,.rt-table tbody,.rt-table tr,.rt-table td{display:block;width:100%}\n.rt-table caption{display:block;padding:0 0 12px!important}\n.rt-table tr{margin:0 0 12px;border:1px solid #dbe4f0;border-radius:10px;overflow:hidden}\n.rt-table tr:last-child{margin-bottom:0}\n.rt-table td{display:flex!important;flex-direction:column;gap:3px;padding:12px 14px!important;\nborder:0!important;border-bottom:1px solid #e3e8ef!important;background:#ffffff!important}\n.rt-table tr td:last-child{border-bottom:0!important}\n.rt-table td::before{content:attr(data-label);font-size:12px;font-weight:700;letter-spacing:.04em;\ntext-transform:uppercase;color:#5799F1}\n.rt-table td:not([data-label])::before,.rt-table td[data-label=\"\"]::before{display:none}\n}\n<\/style>\n<div class=\"rt-table-wrap\" style=\"overflow-x:auto;-webkit-overflow-scrolling:touch;margin:28px 0;border:1px solid #dbe4f0;border-radius:12px\">\n  <table class=\"rt-table\" style=\"width:100%;min-width:620px;table-layout:fixed;border-collapse:separate;border-spacing:0;font-size:15px;margin:0\">\n    <caption style=\"caption-side:top;text-align:left;color:#003366;font-weight:700;font-size:16px;line-height:1.35;padding:14px 16px 10px;background:#ffffff\">Verifica\u00e7\u00e3o visual: cabelo de shedding ou enxerto perdido?<\/caption>\n    <thead>\n      <tr>\n        <th style=\"width:22%;background:#003366;color:#ffffff;font-weight:700;text-align:left;vertical-align:middle;padding:13px 16px;font-size:15px;line-height:1.4;border:0;overflow-wrap:break-word\">Caracter\u00edstica<\/th>\n        <th style=\"background:#003366;color:#ffffff;font-weight:700;text-align:left;vertical-align:middle;padding:13px 16px;font-size:15px;line-height:1.4;border:0;overflow-wrap:break-word\">Indica shedding (a regra)<\/th>\n        <th style=\"background:#003366;color:#ffffff;font-weight:700;text-align:left;vertical-align:middle;padding:13px 16px;font-size:15px;line-height:1.4;border:0;overflow-wrap:break-word\">Indica um enxerto perdido (raro)<\/th>\n      <\/tr>\n    <\/thead>\n    <tbody>\n      <tr>\n        <td data-label=\"Caracter\u00edstica\" style=\"background:#ffffff;color:#003366;font-weight:700;text-align:left;vertical-align:top;padding:13px 16px;font-size:15px;line-height:1.55;border:0;border-bottom:1px solid #e3e8ef;overflow-wrap:break-word\">O que tem na m\u00e3o<\/td>\n        <td data-label=\"Indica shedding (a regra)\" style=\"background:#ffffff;color:#22303e;font-weight:400;text-align:left;vertical-align:top;padding:13px 16px;font-size:15px;line-height:1.55;border:0;border-bottom:1px solid #e3e8ef;overflow-wrap:break-word\">uma haste capilar simples, muitas vezes com um pequeno espessamento esbranqui\u00e7ado de queratina na ponta<\/td>\n        <td data-label=\"Indica um enxerto perdido (raro)\" style=\"background:#ffffff;color:#22303e;font-weight:400;text-align:left;vertical-align:top;padding:13px 16px;font-size:15px;line-height:1.55;border:0;border-bottom:1px solid #e3e8ef;overflow-wrap:break-word\">um cabelo com tecido aderente<\/td>\n      <\/tr>\n      <tr>\n        <td data-label=\"Caracter\u00edstica\" style=\"background:#f6f9fc;color:#003366;font-weight:700;text-align:left;vertical-align:top;padding:13px 16px;font-size:15px;line-height:1.55;border:0;border-bottom:1px solid #e3e8ef;overflow-wrap:break-word\">Couro cabeludo nesse ponto<\/td>\n        <td data-label=\"Indica shedding (a regra)\" style=\"background:#f6f9fc;color:#22303e;font-weight:400;text-align:left;vertical-align:top;padding:13px 16px;font-size:15px;line-height:1.55;border:0;border-bottom:1px solid #e3e8ef;overflow-wrap:break-word\">sem altera\u00e7\u00f5es, sem sangramento<\/td>\n        <td data-label=\"Indica um enxerto perdido (raro)\" style=\"background:#f6f9fc;color:#22303e;font-weight:400;text-align:left;vertical-align:top;padding:13px 16px;font-size:15px;line-height:1.55;border:0;border-bottom:1px solid #e3e8ef;overflow-wrap:break-word\">sangramento pontual logo a seguir ao incidente<\/td>\n      <\/tr>\n      <tr>\n        <td data-label=\"Caracter\u00edstica\" style=\"background:#ffffff;color:#003366;font-weight:700;text-align:left;vertical-align:top;padding:13px 16px;font-size:15px;line-height:1.55;border:0;border-bottom:1px solid #e3e8ef;overflow-wrap:break-word\">Momento<\/td>\n        <td data-label=\"Indica shedding (a regra)\" style=\"background:#ffffff;color:#22303e;font-weight:400;text-align:left;vertical-align:top;padding:13px 16px;font-size:15px;line-height:1.55;border:0;border-bottom:1px solid #e3e8ef;overflow-wrap:break-word\">a partir da semana 2, com pico entre a semana 4 e a 8<\/td>\n        <td data-label=\"Indica um enxerto perdido (raro)\" style=\"background:#ffffff;color:#22303e;font-weight:400;text-align:left;vertical-align:top;padding:13px 16px;font-size:15px;line-height:1.55;border:0;border-bottom:1px solid #e3e8ef;overflow-wrap:break-word\">praticamente s\u00f3 nos primeiros dias; a partir do dia 10 a 14 os enxertos est\u00e3o firmes<\/td>\n      <\/tr>\n      <tr>\n        <td data-label=\"Caracter\u00edstica\" style=\"background:#f6f9fc;color:#003366;font-weight:700;text-align:left;vertical-align:top;padding:13px 16px;font-size:15px;line-height:1.55;border:0;border-bottom:1px solid #e3e8ef;overflow-wrap:break-word\">Situa\u00e7\u00e3o<\/td>\n        <td data-label=\"Indica shedding (a regra)\" style=\"background:#f6f9fc;color:#22303e;font-weight:400;text-align:left;vertical-align:top;padding:13px 16px;font-size:15px;line-height:1.55;border:0;border-bottom:1px solid #e3e8ef;overflow-wrap:break-word\">acontece sozinho, tamb\u00e9m durante a lavagem cuidadosa<\/td>\n        <td data-label=\"Indica um enxerto perdido (raro)\" style=\"background:#f6f9fc;color:#22303e;font-weight:400;text-align:left;vertical-align:top;padding:13px 16px;font-size:15px;line-height:1.55;border:0;border-bottom:1px solid #e3e8ef;overflow-wrap:break-word\">um incidente mec\u00e2nico: co\u00e7ar, esfregar, uma pancada<\/td>\n      <\/tr>\n      <tr>\n        <td data-label=\"Caracter\u00edstica\" style=\"background:#ffffff;color:#003366;font-weight:700;text-align:left;vertical-align:top;padding:13px 16px;font-size:15px;line-height:1.55;border:0;border-bottom:1px solid #e3e8ef;overflow-wrap:break-word\">Significado<\/td>\n        <td data-label=\"Indica shedding (a regra)\" style=\"background:#ffffff;color:#22303e;font-weight:400;text-align:left;vertical-align:top;padding:13px 16px;font-size:15px;line-height:1.55;border:0;border-bottom:1px solid #e3e8ef;overflow-wrap:break-word\">a raiz permanece no couro cabeludo, o cabelo volta a crescer<\/td>\n        <td data-label=\"Indica um enxerto perdido (raro)\" style=\"background:#ffffff;color:#22303e;font-weight:400;text-align:left;vertical-align:top;padding:13px 16px;font-size:15px;line-height:1.55;border:0;border-bottom:1px solid #e3e8ef;overflow-wrap:break-word\">esse enxerto em concreto n\u00e3o volta a crescer<\/td>\n      <\/tr>\n      <tr>\n        <td data-label=\"Caracter\u00edstica\" style=\"background:#f6f9fc;color:#003366;font-weight:700;text-align:left;vertical-align:top;padding:13px 16px;font-size:15px;line-height:1.55;border:0;overflow-wrap:break-word\">O que fazer<\/td>\n        <td data-label=\"Indica shedding (a regra)\" style=\"background:#f6f9fc;color:#22303e;font-weight:400;text-align:left;vertical-align:top;padding:13px 16px;font-size:15px;line-height:1.55;border:0;overflow-wrap:break-word\">nada, seguir como habitualmente<\/td>\n        <td data-label=\"Indica um enxerto perdido (raro)\" style=\"background:#f6f9fc;color:#22303e;font-weight:400;text-align:left;vertical-align:top;padding:13px 16px;font-size:15px;line-height:1.55;border:0;overflow-wrap:break-word\">n\u00e3o mexer no local; havendo v\u00e1rios incidentes, informar a cl\u00ednica<\/td>\n      <\/tr>\n    <\/tbody>\n  <\/table>\n<\/div>\n\n\n\n<p class=\"wp-block-paragraph\">Estas caracter\u00edsticas assentam em conhecimento cl\u00ednico estabelecido sobre a morfologia dos cabelos tel\u00f3genos e sobre a integra\u00e7\u00e3o dos enxertos, e n\u00e3o num estudo que tenha investigado exatamente esta distin\u00e7\u00e3o. Em caso de v\u00e1rios incidentes ou de d\u00favida, enviar uma fotografia \u00e0 cl\u00ednica que fez o tratamento \u00e9 o caminho mais r\u00e1pido.<\/p>\n\n\n\n<h3 class=\"wp-block-heading\">Qual \u00e9 a frequ\u00eancia do shock loss? O que dizem os estudos em 2026<\/h3>\n\n\n\n<p class=\"wp-block-paragraph\">A frequ\u00eancia do verdadeiro shock loss ap\u00f3s um transplante capilar \u00e9 respondida, de momento, por um \u00fanico estudo de maior dimens\u00e3o. Okochi e colegas analisaram 621 pacientes submetidos a Follicular Unit Excision e encontraram em 3,7 por cento um efl\u00favio passageiro na zona recetora: cerca de 1,6 por cento nos homens e cerca de 21 por cento nas mulheres (Aesthetic Plastic Surgery 2024, PMID 37816944).<\/p>\n\n\n\n<p class=\"wp-block-paragraph\">Este n\u00famero \u00e9 o melhor dispon\u00edvel, mas n\u00e3o \u00e9 uma frequ\u00eancia de validade geral: trata-se de uma an\u00e1lise retrospetiva de um \u00fanico centro, portanto com n\u00edvel de evid\u00eancia IV. Uma revis\u00e3o de 2026 refere, para o efl\u00favio na zona recetora, um intervalo de 0,15 a 15 por cento, que remonta ao mesmo trabalho (Romera de Blas et al., Frontiers in Medicine 2026).<\/p>\n\n\n\n<div style=\"border:1px solid #dbe4f0;border-radius:12px;padding:18px;margin:28px 0\">\n<p style=\"margin:0 0 16px;color:#013366;font-weight:700;font-size:16px\">Efl\u00favio passageiro na zona recetora, 621 pacientes FUE<\/p>\n<div style=\"margin:0 0 14px\">\n<p style=\"margin:0 0 5px;color:#2e3033;font-size:15px\"><strong style=\"color:#013366\">Todos os pacientes<\/strong> \u00b7 3,7 % (23 de 621)<\/p>\n<div style=\"background:#eef3fa;border-radius:6px;height:14px\"><div style=\"width:18%;height:14px;background:#0079F1;border-radius:6px\"><\/div><\/div>\n<\/div>\n<div style=\"margin:0 0 14px\">\n<p style=\"margin:0 0 5px;color:#2e3033;font-size:15px\"><strong style=\"color:#013366\">Homens<\/strong> \u00b7 cerca de 1,6 % (9 de 554)<\/p>\n<div style=\"background:#eef3fa;border-radius:6px;height:14px\"><div style=\"width:8%;height:14px;background:#0079F1;border-radius:6px\"><\/div><\/div>\n<\/div>\n<div style=\"margin:0 0 14px\">\n<p style=\"margin:0 0 5px;color:#2e3033;font-size:15px\"><strong style=\"color:#013366\">Mulheres<\/strong> \u00b7 cerca de 21 % (14 de 67)<\/p>\n<div style=\"background:#eef3fa;border-radius:6px;height:14px\"><div style=\"width:100%;height:14px;background:#013366;border-radius:6px\"><\/div><\/div>\n<\/div>\n<p style=\"margin:14px 0 0;color:#6b7280;font-size:13px;line-height:1.5\">Fonte: Okochi H. et al., Aesthetic Plastic Surgery 2024;48(7):1258\u20131263, PMID 37816944. Limita\u00e7\u00e3o: centro \u00fanico, retrospetivo, n\u00edvel de evid\u00eancia IV. O sexo foi o \u00fanico fator de risco significativo (odds ratio 30,18).<\/p>\n<\/div>\n\n\n\n<h3 class=\"wp-block-heading\">Porque circulam na internet n\u00fameros muito mais altos sobre o shock loss<\/h3>\n\n\n\n<p class=\"wp-block-paragraph\">As percentagens elevadas sobre a frequ\u00eancia do shock loss que circulam em f\u00f3runs e em sites de cl\u00ednicas n\u00e3o t\u00eam suporte na literatura cient\u00edfica. Nascem de uma confus\u00e3o: o shedding normal dos cabelos transplantados \u00e9 somado, num \u00fanico n\u00famero, ao verdadeiro shock loss do cabelo nativo.<\/p>\n\n\n\n<p class=\"wp-block-paragraph\">Assim, um processo que ocorre na maioria dos pacientes e n\u00e3o deixa consequ\u00eancias acaba misturado com uma rea\u00e7\u00e3o rara, que a literatura quantifica em 3,7 por cento (Okochi et al. 2024). Para a sua evolu\u00e7\u00e3o conta sobretudo uma pergunta: est\u00e1 afetado apenas o cabelo transplantado ou tamb\u00e9m o cabelo nativo em redor?<\/p>\n\n\n\n<h3 class=\"wp-block-heading\">Fatores de risco: porque as mulheres s\u00e3o mais afetadas pelo shock loss<\/h3>\n\n\n\n<p class=\"wp-block-paragraph\">O \u00fanico fator de risco estatisticamente significativo para o shock loss na an\u00e1lise de Okochi et al. (2024) foi o sexo. Nas mulheres, o efl\u00favio passageiro foi muito mais frequente do que nos homens: cerca de 21 por cento contra cerca de 1,6 por cento, com uma odds ratio de 30,18 (intervalo de confian\u00e7a a 95 por cento de 9,43 a 96,55).<\/p>\n\n\n\n<p class=\"wp-block-paragraph\">Como explica\u00e7\u00e3o h\u00e1 v\u00e1rios pontos poss\u00edveis, nenhum deles comprovado: nas mulheres \u00e9 mais frequente densificar entre cabelo j\u00e1 existente, a \u00e1rea-alvo cont\u00e9m mais cabelos j\u00e1 afinados e estes reagem com maior sensibilidade ao est\u00edmulo da interven\u00e7\u00e3o. \u00c9 uma tentativa de explica\u00e7\u00e3o, n\u00e3o uma causa demonstrada.<\/p>\n\n\n\n<p class=\"wp-block-paragraph\">Isto n\u00e3o \u00e9 um argumento contra o transplante capilar em mulheres. O que faz sentido \u00e9 abordar o tema na consulta pr\u00e9via, documentar a densidade inicial e acompanhar a evolu\u00e7\u00e3o mais de perto. As diferen\u00e7as entre a queda de cabelo feminina e masculina est\u00e3o no artigo sobre a alopecia androgen\u00e9tica.<\/p>\n\n\n\n<div style=\"border:1px solid #dbe4f0;border-left:4px solid #0079F1;border-radius:10px;padding:18px;margin:28px 0;background:#f6f9fc\">\n<p style=\"margin:0 0 8px;color:#013366;font-weight:700;font-size:16px\">Enquadramento a partir das consultas de seguimento<\/p>\n<p style=\"margin:0;color:#2e3033;font-size:15px;line-height:1.6\">Nas consultas de seguimento, o achado de longe mais frequente nos primeiros meses \u00e9 o shedding dos cabelos transplantados, e n\u00e3o um verdadeiro shock loss do cabelo nativo. Do ponto de vista cl\u00ednico, o decisivo \u00e9, por isso, uma \u00fanica pergunta: o cabelo nativo em redor tamb\u00e9m est\u00e1 afetado? S\u00f3 esse caso \u00e9 dif\u00edcil de distinguir, no in\u00edcio, de uma queda de cabelo progressiva de origem gen\u00e9tica, e s\u00f3 esse caso torna realmente necess\u00e1ria uma avalia\u00e7\u00e3o da evolu\u00e7\u00e3o com fotografias iniciais.<\/p>\n<\/div>\n\n\n\n<h2 class=\"wp-block-heading\" id=\"h-ursachen\">Causas<\/h2>\n\n\n\n<figure class=\"wp-block-image size-full\"><img decoding=\"async\" src=\"https:\/\/elithair.com\/pt\/wp-content\/uploads\/sites\/7\/2026\/08\/bestand_97462.png\" alt=\"Ilustra\u00e7\u00e3o de um fol\u00edculo capilar no couro cabeludo\" class=\"wp-image-89923\"\/><\/figure>\n\n\n\n<p class=\"wp-block-paragraph\">H\u00e1 v\u00e1rios motivos para que ocorra queda de cabelo ap\u00f3s um transplante de cabelo pr\u00f3prio. Na maioria dos casos, trata-se de um <strong>processo normal e passageiro<\/strong>, estreitamente ligado ao ciclo capilar natural e \u00e0 cicatriza\u00e7\u00e3o do couro cabeludo.<\/p>\n\n\n\n<h3 class=\"wp-block-heading\"><strong>Shock loss<\/strong><\/h3>\n\n\n\n<p class=\"wp-block-paragraph\">Por tr\u00e1s da <strong>queda de cabelo ap\u00f3s o transplante capilar<\/strong> est\u00e1 sempre o mesmo mecanismo, que pode atingir dois grupos de cabelos diferentes. Durante a interven\u00e7\u00e3o, o fol\u00edculo \u00e9 separado do seu fornecimento de sangue ou irritado pelo trauma cir\u00fargico e passa ent\u00e3o \u00e0 fase de repouso (fase telog\u00e9nica). Ao fim de semanas a meses, volta \u00e0 fase de crescimento (fase anag\u00e9nica), na qual nasce cabelo novo.<\/p>\n\n\n\n<p class=\"wp-block-paragraph\">Nos cabelos transplantados, esta mudan\u00e7a de fase \u00e9 a regra e chama-se shedding: a haste cai, a raiz permanece. Fala-se de verdadeiro shock loss quando o cabelo nativo em redor tamb\u00e9m reage. Este caso \u00e9 raro e, na an\u00e1lise de Okochi et al. (2024), situou-se em 3,7 por cento de 621 pacientes.<\/p>\n\n\n\n<h3 class=\"wp-block-heading\"><strong>Stress para o couro cabeludo: a carga mec\u00e2nica durante a interven\u00e7\u00e3o<\/strong><\/h3>\n\n\n\n<p class=\"wp-block-paragraph\">Durante a interven\u00e7\u00e3o, o couro cabeludo \u00e9 solicitado mecanicamente tanto na zona dadora como na zona recetora. Esta carga pode afetar tamb\u00e9m fol\u00edculos vizinhos que n\u00e3o foram transplantados. Em rea\u00e7\u00e3o, pode ocorrer uma queda tempor\u00e1ria, que na maioria dos casos regride por completo ao longo da cicatriza\u00e7\u00e3o.<\/p>\n\n\n\n<h3 class=\"wp-block-heading\"><strong>Outros fatores: erros de cuidados e influ\u00eancias externas<\/strong><\/h3>\n\n\n\n<p class=\"wp-block-paragraph\">Tamb\u00e9m fatores externos podem favorecer a queda de cabelo ap\u00f3s a interven\u00e7\u00e3o:<\/p>\n\n\n\n<ul class=\"wp-block-list\">\n<li>Cuidados p\u00f3s-operat\u00f3rios insuficientes ou incorretos, por exemplo com produtos agressivos ou irrita\u00e7\u00e3o mec\u00e2nica<\/li>\n\n\n<li>Fatores de estilo de vida como o stress, o tabagismo ou uma alimenta\u00e7\u00e3o desequilibrada<\/li>\n\n\n<li>Circula\u00e7\u00e3o sangu\u00ednea comprometida no couro cabeludo durante a fase de cicatriza\u00e7\u00e3o<\/li>\n<\/ul>\n\n\n\n<p class=\"wp-block-paragraph\">Estas influ\u00eancias explicam porque uma evolu\u00e7\u00e3o pode ser mais acidentada do que outra. N\u00e3o explicam qual \u00e9 o risco em cada caso concreto. O que est\u00e1 e o que n\u00e3o est\u00e1 documentado sobre isso \u00e9 o tema da sec\u00e7\u00e3o seguinte.<\/p>\n\n\n\n<h3 class=\"wp-block-heading\">Que fatores influenciam o risco (e quais n\u00e3o)<\/h3>\n\n\n\n<p class=\"wp-block-paragraph\">O risco de shock loss ap\u00f3s um transplante capilar s\u00f3 pode ser influenciado at\u00e9 certo ponto, porque o est\u00edmulo sobre o couro cabeludo faz parte da pr\u00f3pria interven\u00e7\u00e3o. At\u00e9 hoje est\u00e1 documentado exatamente um fator: o sexo, com uma odds ratio de 30,18 em desfavor das mulheres (Okochi et al. 2024).<\/p>\n\n\n\n<p class=\"wp-block-paragraph\">Um segundo ponto diz respeito ao ponto de partida. A StatPearls recomenda que, com mais de 15 por cento de cabelos miniaturizados na \u00e1rea recetora, se fa\u00e7a uma estabiliza\u00e7\u00e3o medicamentosa de 6 a 12 meses antes da interven\u00e7\u00e3o, porque um grau elevado de miniaturiza\u00e7\u00e3o aumenta o risco de um shock loss eventualmente permanente (StatPearls NBK547740).<\/p>\n\n\n\n<p class=\"wp-block-paragraph\">A densidade de implanta\u00e7\u00e3o tamb\u00e9m est\u00e1 sob suspeita. Uma s\u00e9rie de casos com 28 pacientes descreve um efl\u00favio imediato e em faixas associado a uma densidade elevada de 50 a 70 unidades foliculares por cent\u00edmetro quadrado (Mir-Bonaf\u00e9 et al., Actas Dermo-Sifiliogr\u00e1ficas 2023). Uma s\u00e9rie de casos n\u00e3o demonstra uma frequ\u00eancia; aponta apenas uma poss\u00edvel rela\u00e7\u00e3o.<\/p>\n\n\n\n<p class=\"wp-block-paragraph\">Muitos pacientes perguntam se a queda de cabelo na nuca vem das inje\u00e7\u00f5es de anestesia. Isso n\u00e3o foi estudado. \u00c9 plaus\u00edvel, porque a revis\u00e3o de Romera de Blas et al. (2026) enumera as subst\u00e2ncias vasoconstritoras e uma irriga\u00e7\u00e3o local deficit\u00e1ria entre os fatores do efl\u00favio. Ainda assim, a solu\u00e7\u00e3o tumescente n\u00e3o pode ser apresentada como causa comprovada.<\/p>\n\n\n\n<p class=\"wp-block-paragraph\">N\u00e3o existem dados comparativos s\u00f3lidos sobre a influ\u00eancia da t\u00e9cnica de extra\u00e7\u00e3o, do n\u00famero de enxertos ou da dimens\u00e3o da sess\u00e3o na frequ\u00eancia do shock loss. Quem promove uma t\u00e9cnica como prote\u00e7\u00e3o contra o shock loss vai al\u00e9m dos dados dispon\u00edveis. O que fica: uma consulta m\u00e9dica pr\u00e9via em que se avaliem a miniaturiza\u00e7\u00e3o e a densidade, uma densidade planeada de forma realista e paci\u00eancia ao longo da evolu\u00e7\u00e3o.<\/p>\n\n\n\n<h2 class=\"wp-block-heading\" id=\"h-ist-der-ausfall-der-haare-normal\">A queda de cabelo \u00e9 normal?<\/h2>\n\n\n\n<style>\n.youtube-container {\n\tdisplay: block;\n\tmargin: 20px auto;\n\twidth: 100%;\n}\n.youtube-player1 {\n\tdisplay: block;\n\twidth: 100%;\n\tpadding-bottom: 56.25%;\n\toverflow: hidden;\n\tposition: relative;\n\theight: 100%;\n\tcursor: pointer;\n\tborder-radius: 2rem;\n\toverflow: hidden;\n}\n.youtube-player1 img.youtube-thumb {\n\tbottom: 0;\n\tdisplay: block;\n\tleft: 0;\n\tmargin: auto;\n\tmax-width: 100%;\n\twidth: 100%;\n\tposition: absolute;\n\tright: 0;\n\ttop: 0;\n\theight: auto;\n\tmargin-bottom: auto !important;\n}\n.youtube-player1 .play-button {\n\tcontent: \"\";\n\twidth: 90px;\n\theight: 90px;\n\t\tbackground-image: url(https:\/\/elithair.com\/pt\/wp-content\/uploads\/sites\/7\/2026\/04\/play-pause-gif-s.gif);\n\t\tbackground-repeat: no-repeat;\n\tbackground-size: contain;\n\tposition: absolute;\n\ttop: 50%;\n\tleft: 50%;\n\tz-index: 9;\n\ttransform: translate(-50%, -50%);\n\tbackground-color: #0000000d;\n}\n.youtube-player1 .youtube-iframe-el {\n\twidth: 100%;\n\theight: 100%;\n\tposition: absolute;\n\ttop: 0;\n\tleft: 0;\n}\n<\/style>\n\n<div class=\"youtube-container\">\n\t<div\n\t\tclass=\"youtube-player1\"\n\t\tdata-id=\"6cK_ad3hABw\"\n\t\tdata-alt=\"Kopf eines Patienten nach der Haartransplantation, bei dem die Haare nicht ausgefallen sind\"\n\t\tdata-iframe-id=\"youtube-iframe-5f1b97c6e6c5\"\n\t><\/div>\n<\/div>\n\n<script>\n(function() {\n\tfunction escAttr(s) {\n\t\treturn String(s == null ? '' : s)\n\t\t\t.replace(\/&\/g, '&amp;')\n\t\t\t.replace(\/\"\/g, '&quot;')\n\t\t\t.replace(\/<\/g, '&lt;')\n\t\t\t.replace(\/>\/g, '&gt;');\n\t}\n\tfunction labnolThumb(id, alt) {\n\t\treturn '<img decoding=\"async\" class=\"youtube-thumb\" src=\"https:\/\/i.ytimg.com\/vi\/' + id + '\/hqdefault.jpg\" alt=\"' + escAttr(alt) + '\"><div class=\"play-button\"><\/div>';\n\t}\n\tfunction labnolIframe(ev) {\n\t\tvar wrap = ev.currentTarget;\n\t\tvar root = wrap.parentNode;\n\t\tif (!root || !root.dataset || !root.dataset.id) {\n\t\t\treturn;\n\t\t}\n\t\tvar iframe = document.createElement('iframe');\n\t\tiframe.setAttribute(\n\t\t\t'src',\n\t\t\t'https:\/\/www.youtube.com\/embed\/' +\n\t\t\t\troot.dataset.id +\n\t\t\t\t'?autoplay=1&autohide=2&border=0&wmode=opaque&enablejsapi=1&controls=1&showinfo=0'\n\t\t);\n\t\tiframe.setAttribute('frameborder', '0');\n\t\tiframe.setAttribute('allowfullscreen', 'allowfullscreen');\n\t\tiframe.setAttribute('class', 'youtube-iframe-el');\n\t\tif (root.dataset.iframeId) {\n\t\t\tiframe.setAttribute('id', root.dataset.iframeId);\n\t\t}\n\t\troot.replaceChild(iframe, wrap);\n\t}\n\tfunction initGlobalYoutubePlayers() {\n\t\tvar nodes = document.querySelectorAll('.youtube-player1:not([data-yt-inited])');\n\t\tfor (var i = 0; i < nodes.length; i++) {\n\t\t\tvar v = nodes[i];\n\t\t\tv.setAttribute('data-yt-inited', '1');\n\t\t\tvar id = v.dataset.id;\n\t\t\tif (!id) {\n\t\t\t\tcontinue;\n\t\t\t}\n\t\t\tvar alt = v.dataset.alt || '';\n\t\t\tvar p = document.createElement('div');\n\t\t\tp.innerHTML = labnolThumb(id, alt);\n\t\t\tp.addEventListener('click', labnolIframe);\n\t\t\tv.appendChild(p);\n\t\t}\n\t}\n\tfunction boot() {\n\t\tinitGlobalYoutubePlayers();\n\t}\n\tif (document.readyState === 'loading') {\n\t\tdocument.addEventListener('DOMContentLoaded', boot);\n\t} else {\n\t\tboot();\n\t}\n})();\n<\/script>\n\n\n\n<p class=\"wp-block-paragraph\">Sim, a <strong>queda de cabelo ap\u00f3s o transplante capilar<\/strong> nas primeiras semanas \u00e9 totalmente normal e faz parte do processo natural de cicatriza\u00e7\u00e3o. O chamado shock loss surge, quando surge, sobretudo nas primeiras <strong>2 a 8 semanas<\/strong> . Nesse per\u00edodo caem os cabelos transplantados, enquanto as ra\u00edzes permanecem intactas no couro cabeludo e se preparam para a fase de crescimento seguinte.<\/p>\n\n\n\n<h3 class=\"wp-block-heading\"><strong>Quando come\u00e7a o novo crescimento?<\/strong><\/h3>\n\n\n\n<p class=\"wp-block-paragraph\">O novo crescimento come\u00e7a, regra geral, ao fim de cerca de <strong>3 a 6 meses<\/strong> , como descreve tamb\u00e9m a base de dados cient\u00edfica StatPearls para o per\u00edodo ap\u00f3s um shock loss (NBK547740). Ao in\u00edcio, os novos cabelos surgem mais finos e irregulares e s\u00f3 ganham for\u00e7a e densidade com os meses. A evolu\u00e7\u00e3o completa at\u00e9 ao resultado final \u00e9 mostrada m\u00eas a m\u00eas na sec\u00e7\u00e3o seguinte.<\/p>\n\n\n\n<p class=\"wp-block-paragraph\">J\u00e1 n\u00e3o \u00e9 normal uma queda que se estenda para al\u00e9m da \u00e1rea tratada, que aumente depois do m\u00eas 6 ou que venha acompanhada de sinais de inflama\u00e7\u00e3o. Perante estas altera\u00e7\u00f5es, faz sentido contactar precocemente a cl\u00ednica que fez o tratamento.<\/p>\n\n\n\n<h2 class=\"wp-block-heading\" id=\"h-wie-lange-dauert-der-haarverlust-nach-einer-haartransplantation\">Quanto tempo dura a queda de cabelo ap\u00f3s um transplante capilar?<\/h2>\n\n\n\n<figure class=\"wp-block-image size-full\"><img decoding=\"async\" src=\"https:\/\/elithair.com\/pt\/wp-content\/uploads\/sites\/7\/2026\/08\/bestand_97463.png\" alt=\"Uma figura de um homem em cima de um calend\u00e1rio, a olhar pensativo para ele\" class=\"wp-image-89924\"\/><\/figure>\n\n\n\n<h3 class=\"wp-block-heading\"><strong>Queda de cabelo nas primeiras semanas<\/strong><\/h3>\n\n\n\n<p class=\"wp-block-paragraph\">Ap\u00f3s um transplante capilar pode ocorrer o chamado shock loss, na maioria dos casos nas primeiras duas a oito semanas. Nesse per\u00edodo, os cabelos transplantados caem temporariamente, porque os fol\u00edculos passam a uma fase de repouso (fase telog\u00e9nica). Trata-se de um processo normal e, regra geral, n\u00e3o \u00e9 motivo de preocupa\u00e7\u00e3o: as ra\u00edzes mant\u00eam-se e, ao fim de algum tempo, recome\u00e7am o crescimento.<\/p>\n\n\n\n<h3 class=\"wp-block-heading\"><strong>A cronologia: da semana 1 ao m\u00eas 18<\/strong><\/h3>\n\n\n\n<p class=\"wp-block-paragraph\">A cronologia ap\u00f3s um transplante capilar \u00e9 individual, mas segue quase sempre um padr\u00e3o semelhante: shedding entre a semana 2 e a 8, novo crescimento a partir do m\u00eas 3 a 6, avalia\u00e7\u00e3o do resultado a partir do m\u00eas 12.<\/p>\n\n\n\n<ul class=\"wp-block-list\">\n<li><strong>A partir de cerca de 3 meses:<\/strong> Come\u00e7am a nascer os primeiros cabelos finos, muitas vezes ainda t\u00e9nues<\/li>\n\n\n<li><strong>Ao fim de cerca de 6 meses:<\/strong> Os cabelos ganham densidade e for\u00e7a vis\u00edveis; \u00e9 um ponto interm\u00e9dio e n\u00e3o o resultado final<\/li>\n\n\n<li><strong>Ao fim de 9 a 12 meses:<\/strong> O crescimento est\u00e1 em grande parte conclu\u00eddo, os cabelos transplantados atingem a sua estrutura natural<\/li>\n\n\n<li><strong>Ao fim de 12 a 18 meses:<\/strong> No topo da cabe\u00e7a e nas zonas de maior densidade, o di\u00e2metro do cabelo e a pigmenta\u00e7\u00e3o continuam a aumentar<\/li>\n<\/ul>\n\n\n\n<p class=\"wp-block-paragraph\">A informa\u00e7\u00e3o para pacientes do NHS brit\u00e2nico refere a mesma ordem de grandeza: o cabelo novo surge, regra geral, ao fim de cerca de quatro meses e o resultado completo ao fim de 10 a 18 meses. A StatPearls recomenda \u00e0s cl\u00ednicas um acompanhamento com documenta\u00e7\u00e3o fotogr\u00e1fica ao longo de 6 a 12 meses, at\u00e9 os enxertos estarem maduros (StatPearls NBK547740).<\/p>\n\n\n\n<p class=\"wp-block-paragraph\">A tabela seguinte apresenta esta evolu\u00e7\u00e3o m\u00eas a m\u00eas: o que v\u00ea em cada momento, o que acontece no fol\u00edculo e se o achado faz parte da evolu\u00e7\u00e3o normal. A zona dadora surge como linha pr\u00f3pria no fim.<\/p>\n\n\n\n<style>\n@media (max-width:640px){\n.rt-table-wrap{overflow-x:visible!important;border:0!important;border-radius:0!important}\n.rt-table{min-width:0!important}\n.rt-table thead{display:none}\n.rt-table,.rt-table tbody,.rt-table tr,.rt-table td{display:block;width:100%}\n.rt-table caption{display:block;padding:0 0 12px!important}\n.rt-table tr{margin:0 0 12px;border:1px solid #dbe4f0;border-radius:10px;overflow:hidden}\n.rt-table tr:last-child{margin-bottom:0}\n.rt-table td{display:flex!important;flex-direction:column;gap:3px;padding:12px 14px!important;\nborder:0!important;border-bottom:1px solid #e3e8ef!important;background:#ffffff!important}\n.rt-table tr td:last-child{border-bottom:0!important}\n.rt-table td::before{content:attr(data-label);font-size:12px;font-weight:700;letter-spacing:.04em;\ntext-transform:uppercase;color:#5799F1}\n.rt-table td:not([data-label])::before,.rt-table td[data-label=\"\"]::before{display:none}\n}\n<\/style>\n<div class=\"rt-table-wrap\" style=\"overflow-x:auto;-webkit-overflow-scrolling:touch;margin:28px 0;border:1px solid #dbe4f0;border-radius:12px\">\n  <table class=\"rt-table\" style=\"width:100%;min-width:660px;table-layout:fixed;border-collapse:separate;border-spacing:0;font-size:15px;margin:0\">\n    <caption style=\"caption-side:top;text-align:left;color:#003366;font-weight:700;font-size:16px;line-height:1.35;padding:14px 16px 10px;background:#ffffff\">M\u00eas a m\u00eas ap\u00f3s o transplante capilar<\/caption>\n    <thead>\n      <tr>\n        <th style=\"width:22%;background:#003366;color:#ffffff;font-weight:700;text-align:left;vertical-align:middle;padding:13px 16px;font-size:15px;line-height:1.4;border:0;overflow-wrap:break-word\">Momento<\/th>\n        <th style=\"background:#003366;color:#ffffff;font-weight:700;text-align:left;vertical-align:middle;padding:13px 16px;font-size:15px;line-height:1.4;border:0;overflow-wrap:break-word\">O que v\u00ea<\/th>\n        <th style=\"background:#003366;color:#ffffff;font-weight:700;text-align:left;vertical-align:middle;padding:13px 16px;font-size:15px;line-height:1.4;border:0;overflow-wrap:break-word\">O que acontece no fol\u00edculo<\/th>\n        <th style=\"background:#003366;color:#ffffff;font-weight:700;text-align:left;vertical-align:middle;padding:13px 16px;font-size:15px;line-height:1.4;border:0;overflow-wrap:break-word\">Normal?<\/th>\n      <\/tr>\n    <\/thead>\n    <tbody>\n      <tr>\n        <td data-label=\"Momento\" style=\"background:#ffffff;color:#003366;font-weight:700;text-align:left;vertical-align:top;padding:13px 16px;font-size:15px;line-height:1.55;border:0;border-bottom:1px solid #e3e8ef;overflow-wrap:break-word\">Semana 1<\/td>\n        <td data-label=\"O que v\u00ea\" style=\"background:#ffffff;color:#22303e;font-weight:400;text-align:left;vertical-align:top;padding:13px 16px;font-size:15px;line-height:1.55;border:0;border-bottom:1px solid #e3e8ef;overflow-wrap:break-word\">crostas, vermelhid\u00e3o, cabelos curtos implantados<\/td>\n        <td data-label=\"O que acontece no fol\u00edculo\" style=\"background:#ffffff;color:#22303e;font-weight:400;text-align:left;vertical-align:top;padding:13px 16px;font-size:15px;line-height:1.55;border:0;border-bottom:1px solid #e3e8ef;overflow-wrap:break-word\">cicatriza\u00e7\u00e3o da ferida, os enxertos fixam-se<\/td>\n        <td data-label=\"Normal?\" style=\"background:#ffffff;color:#22303e;font-weight:400;text-align:left;vertical-align:top;padding:13px 16px;font-size:15px;line-height:1.55;border:0;border-bottom:1px solid #e3e8ef;overflow-wrap:break-word\">sim<\/td>\n      <\/tr>\n      <tr>\n        <td data-label=\"Momento\" style=\"background:#f6f9fc;color:#003366;font-weight:700;text-align:left;vertical-align:top;padding:13px 16px;font-size:15px;line-height:1.55;border:0;border-bottom:1px solid #e3e8ef;overflow-wrap:break-word\">Semana 2 a 4<\/td>\n        <td data-label=\"O que v\u00ea\" style=\"background:#f6f9fc;color:#22303e;font-weight:400;text-align:left;vertical-align:top;padding:13px 16px;font-size:15px;line-height:1.55;border:0;border-bottom:1px solid #e3e8ef;overflow-wrap:break-word\">caem os primeiros cabelos transplantados, as crostas soltam-se<\/td>\n        <td data-label=\"O que acontece no fol\u00edculo\" style=\"background:#f6f9fc;color:#22303e;font-weight:400;text-align:left;vertical-align:top;padding:13px 16px;font-size:15px;line-height:1.55;border:0;border-bottom:1px solid #e3e8ef;overflow-wrap:break-word\">os fol\u00edculos transplantados entram em fase de repouso (telog\u00e9nica)<\/td>\n        <td data-label=\"Normal?\" style=\"background:#f6f9fc;color:#22303e;font-weight:400;text-align:left;vertical-align:top;padding:13px 16px;font-size:15px;line-height:1.55;border:0;border-bottom:1px solid #e3e8ef;overflow-wrap:break-word\">sim<\/td>\n      <\/tr>\n      <tr>\n        <td data-label=\"Momento\" style=\"background:#ffffff;color:#003366;font-weight:700;text-align:left;vertical-align:top;padding:13px 16px;font-size:15px;line-height:1.55;border:0;border-bottom:1px solid #e3e8ef;overflow-wrap:break-word\">Semana 4 a 8<\/td>\n        <td data-label=\"O que v\u00ea\" style=\"background:#ffffff;color:#22303e;font-weight:400;text-align:left;vertical-align:top;padding:13px 16px;font-size:15px;line-height:1.55;border:0;border-bottom:1px solid #e3e8ef;overflow-wrap:break-word\">pico do shedding, a \u00e1rea parece mais vazia do que logo ap\u00f3s a interven\u00e7\u00e3o<\/td>\n        <td data-label=\"O que acontece no fol\u00edculo\" style=\"background:#ffffff;color:#22303e;font-weight:400;text-align:left;vertical-align:top;padding:13px 16px;font-size:15px;line-height:1.55;border:0;border-bottom:1px solid #e3e8ef;overflow-wrap:break-word\">fase de repouso, as ra\u00edzes permanecem no couro cabeludo<\/td>\n        <td data-label=\"Normal?\" style=\"background:#ffffff;color:#22303e;font-weight:400;text-align:left;vertical-align:top;padding:13px 16px;font-size:15px;line-height:1.55;border:0;border-bottom:1px solid #e3e8ef;overflow-wrap:break-word\">sim<\/td>\n      <\/tr>\n      <tr>\n        <td data-label=\"Momento\" style=\"background:#f6f9fc;color:#003366;font-weight:700;text-align:left;vertical-align:top;padding:13px 16px;font-size:15px;line-height:1.55;border:0;border-bottom:1px solid #e3e8ef;overflow-wrap:break-word\">M\u00eas 3<\/td>\n        <td data-label=\"O que v\u00ea\" style=\"background:#f6f9fc;color:#22303e;font-weight:400;text-align:left;vertical-align:top;padding:13px 16px;font-size:15px;line-height:1.55;border:0;border-bottom:1px solid #e3e8ef;overflow-wrap:break-word\">geralmente ainda quase sem altera\u00e7\u00f5es vis\u00edveis, poss\u00edveis primeiros cabelos finos<\/td>\n        <td data-label=\"O que acontece no fol\u00edculo\" style=\"background:#f6f9fc;color:#22303e;font-weight:400;text-align:left;vertical-align:top;padding:13px 16px;font-size:15px;line-height:1.55;border:0;border-bottom:1px solid #e3e8ef;overflow-wrap:break-word\">passagem \u00e0 fase de crescimento (anag\u00e9nica), n\u00e3o sincronizada<\/td>\n        <td data-label=\"Normal?\" style=\"background:#f6f9fc;color:#22303e;font-weight:400;text-align:left;vertical-align:top;padding:13px 16px;font-size:15px;line-height:1.55;border:0;border-bottom:1px solid #e3e8ef;overflow-wrap:break-word\">sim<\/td>\n      <\/tr>\n      <tr>\n        <td data-label=\"Momento\" style=\"background:#ffffff;color:#003366;font-weight:700;text-align:left;vertical-align:top;padding:13px 16px;font-size:15px;line-height:1.55;border:0;border-bottom:1px solid #e3e8ef;overflow-wrap:break-word\">M\u00eas 4 a 5<\/td>\n        <td data-label=\"O que v\u00ea\" style=\"background:#ffffff;color:#22303e;font-weight:400;text-align:left;vertical-align:top;padding:13px 16px;font-size:15px;line-height:1.55;border:0;border-bottom:1px solid #e3e8ef;overflow-wrap:break-word\">surgem cabelos finos, claros e curtos, de forma irregular<\/td>\n        <td data-label=\"O que acontece no fol\u00edculo\" style=\"background:#ffffff;color:#22303e;font-weight:400;text-align:left;vertical-align:top;padding:13px 16px;font-size:15px;line-height:1.55;border:0;border-bottom:1px solid #e3e8ef;overflow-wrap:break-word\">crescem novas hastes capilares, ainda com pouco di\u00e2metro<\/td>\n        <td data-label=\"Normal?\" style=\"background:#ffffff;color:#22303e;font-weight:400;text-align:left;vertical-align:top;padding:13px 16px;font-size:15px;line-height:1.55;border:0;border-bottom:1px solid #e3e8ef;overflow-wrap:break-word\">sim<\/td>\n      <\/tr>\n      <tr>\n        <td data-label=\"Momento\" style=\"background:#f6f9fc;color:#003366;font-weight:700;text-align:left;vertical-align:top;padding:13px 16px;font-size:15px;line-height:1.55;border:0;border-bottom:1px solid #e3e8ef;overflow-wrap:break-word\">M\u00eas 6<\/td>\n        <td data-label=\"O que v\u00ea\" style=\"background:#f6f9fc;color:#22303e;font-weight:400;text-align:left;vertical-align:top;padding:13px 16px;font-size:15px;line-height:1.55;border:0;border-bottom:1px solid #e3e8ef;overflow-wrap:break-word\">aumento vis\u00edvel, muitas vezes ainda com falhas e zonas ralas<\/td>\n        <td data-label=\"O que acontece no fol\u00edculo\" style=\"background:#f6f9fc;color:#22303e;font-weight:400;text-align:left;vertical-align:top;padding:13px 16px;font-size:15px;line-height:1.55;border:0;border-bottom:1px solid #e3e8ef;overflow-wrap:break-word\">parte dos fol\u00edculos ainda n\u00e3o arrancou<\/td>\n        <td data-label=\"Normal?\" style=\"background:#f6f9fc;color:#22303e;font-weight:400;text-align:left;vertical-align:top;padding:13px 16px;font-size:15px;line-height:1.55;border:0;border-bottom:1px solid #e3e8ef;overflow-wrap:break-word\">sim, e \u00e9 expressamente um ponto interm\u00e9dio<\/td>\n      <\/tr>\n      <tr>\n        <td data-label=\"Momento\" style=\"background:#ffffff;color:#003366;font-weight:700;text-align:left;vertical-align:top;padding:13px 16px;font-size:15px;line-height:1.55;border:0;border-bottom:1px solid #e3e8ef;overflow-wrap:break-word\">M\u00eas 9<\/td>\n        <td data-label=\"O que v\u00ea\" style=\"background:#ffffff;color:#22303e;font-weight:400;text-align:left;vertical-align:top;padding:13px 16px;font-size:15px;line-height:1.55;border:0;border-bottom:1px solid #e3e8ef;overflow-wrap:break-word\">bastante mais densidade, os cabelos ficam mais grossos e escuros<\/td>\n        <td data-label=\"O que acontece no fol\u00edculo\" style=\"background:#ffffff;color:#22303e;font-weight:400;text-align:left;vertical-align:top;padding:13px 16px;font-size:15px;line-height:1.55;border:0;border-bottom:1px solid #e3e8ef;overflow-wrap:break-word\">matura\u00e7\u00e3o do di\u00e2metro e da pigmenta\u00e7\u00e3o<\/td>\n        <td data-label=\"Normal?\" style=\"background:#ffffff;color:#22303e;font-weight:400;text-align:left;vertical-align:top;padding:13px 16px;font-size:15px;line-height:1.55;border:0;border-bottom:1px solid #e3e8ef;overflow-wrap:break-word\">sim<\/td>\n      <\/tr>\n      <tr>\n        <td data-label=\"Momento\" style=\"background:#f6f9fc;color:#003366;font-weight:700;text-align:left;vertical-align:top;padding:13px 16px;font-size:15px;line-height:1.55;border:0;border-bottom:1px solid #e3e8ef;overflow-wrap:break-word\">M\u00eas 12<\/td>\n        <td data-label=\"O que v\u00ea\" style=\"background:#f6f9fc;color:#22303e;font-weight:400;text-align:left;vertical-align:top;padding:13px 16px;font-size:15px;line-height:1.55;border:0;border-bottom:1px solid #e3e8ef;overflow-wrap:break-word\">o resultado \u00e9, regra geral, avali\u00e1vel<\/td>\n        <td data-label=\"O que acontece no fol\u00edculo\" style=\"background:#f6f9fc;color:#22303e;font-weight:400;text-align:left;vertical-align:top;padding:13px 16px;font-size:15px;line-height:1.55;border:0;border-bottom:1px solid #e3e8ef;overflow-wrap:break-word\">a maioria dos fol\u00edculos j\u00e1 est\u00e1 em crescimento<\/td>\n        <td data-label=\"Normal?\" style=\"background:#f6f9fc;color:#22303e;font-weight:400;text-align:left;vertical-align:top;padding:13px 16px;font-size:15px;line-height:1.55;border:0;border-bottom:1px solid #e3e8ef;overflow-wrap:break-word\">momento de avalia\u00e7\u00e3o<\/td>\n      <\/tr>\n      <tr>\n        <td data-label=\"Momento\" style=\"background:#ffffff;color:#003366;font-weight:700;text-align:left;vertical-align:top;padding:13px 16px;font-size:15px;line-height:1.55;border:0;border-bottom:1px solid #e3e8ef;overflow-wrap:break-word\">M\u00eas 15 a 18<\/td>\n        <td data-label=\"O que v\u00ea\" style=\"background:#ffffff;color:#22303e;font-weight:400;text-align:left;vertical-align:top;padding:13px 16px;font-size:15px;line-height:1.55;border:0;border-bottom:1px solid #e3e8ef;overflow-wrap:break-word\">\u00faltimo aumento, sobretudo no topo da cabe\u00e7a e nas zonas densas<\/td>\n        <td data-label=\"O que acontece no fol\u00edculo\" style=\"background:#ffffff;color:#22303e;font-weight:400;text-align:left;vertical-align:top;padding:13px 16px;font-size:15px;line-height:1.55;border:0;border-bottom:1px solid #e3e8ef;overflow-wrap:break-word\">matura\u00e7\u00e3o restante<\/td>\n        <td data-label=\"Normal?\" style=\"background:#ffffff;color:#22303e;font-weight:400;text-align:left;vertical-align:top;padding:13px 16px;font-size:15px;line-height:1.55;border:0;border-bottom:1px solid #e3e8ef;overflow-wrap:break-word\">sim<\/td>\n      <\/tr>\n      <tr>\n        <td data-label=\"Momento\" style=\"background:#f6f9fc;color:#003366;font-weight:700;text-align:left;vertical-align:top;padding:13px 16px;font-size:15px;line-height:1.55;border:0;overflow-wrap:break-word\">Zona dadora<\/td>\n        <td data-label=\"O que v\u00ea\" style=\"background:#f6f9fc;color:#22303e;font-weight:400;text-align:left;vertical-align:top;padding:13px 16px;font-size:15px;line-height:1.55;border:0;overflow-wrap:break-word\">a zona rapada volta a cobrir-se entre a semana 2 e a 6; um efl\u00favio regride ao longo de 3 a 6 meses<\/td>\n        <td data-label=\"O que acontece no fol\u00edculo\" style=\"background:#f6f9fc;color:#22303e;font-weight:400;text-align:left;vertical-align:top;padding:13px 16px;font-size:15px;line-height:1.55;border:0;overflow-wrap:break-word\">cicatriza\u00e7\u00e3o dos pontos de extra\u00e7\u00e3o, mudan\u00e7a de fase dos cabelos vizinhos<\/td>\n        <td data-label=\"Normal?\" style=\"background:#f6f9fc;color:#22303e;font-weight:400;text-align:left;vertical-align:top;padding:13px 16px;font-size:15px;line-height:1.55;border:0;overflow-wrap:break-word\">sim<\/td>\n      <\/tr>\n    <\/tbody>\n  <\/table>\n<\/div>\n\n\n\n<h3 class=\"wp-block-heading\"><strong>Porque a paci\u00eancia \u00e9 decisiva<\/strong><\/h3>\n\n\n\n<p class=\"wp-block-paragraph\">Muitos pacientes ficam inseguros quando a <strong>queda de cabelo ap\u00f3s o transplante capilar<\/strong> se prolonga ou quando o crescimento parece, ao in\u00edcio, irregular. Na maioria dos casos, isso n\u00e3o indica um problema, \u00e9 a express\u00e3o do ciclo capilar natural: os fol\u00edculos n\u00e3o arrancam em simult\u00e2neo, mas distribu\u00eddos ao longo de meses.<\/p>\n\n\n\n<p class=\"wp-block-paragraph\">Por isso o resultado n\u00e3o pode ser avaliado de forma definitiva antes do m\u00eas 12 e por isso qualquer balan\u00e7o interm\u00e9dio antes desse momento \u00e9 apenas um instant\u00e2neo. Cuidados p\u00f3s-operat\u00f3rios consistentes apoiam a evolu\u00e7\u00e3o, mas n\u00e3o a aceleram.<\/p>\n\n\n\n<h2 class=\"wp-block-heading\">Ainda com falhas aos 6 meses: a curva de crescimento at\u00e9 ao resultado final<\/h2>\n\n\n\n<p class=\"wp-block-paragraph\">Falhas seis meses ap\u00f3s o transplante capilar n\u00e3o s\u00e3o o resultado final. Ao fim de cerca de seis meses v\u00ea-se um ponto interm\u00e9dio; a densidade e o di\u00e2metro do cabelo continuam a aumentar at\u00e9 ao m\u00eas 12 e, no topo da cabe\u00e7a e nas zonas implantadas com maior densidade, por vezes at\u00e9 aos meses 15 a 18. O NHS indica 10 a 18 meses para o resultado completo.<\/p>\n\n\n\n<p class=\"wp-block-paragraph\">N\u00e3o existe um n\u00famero s\u00f3lido sobre que percentagem do resultado est\u00e1 vis\u00edvel aos seis meses. Nem a StatPearls, nem o NHS, nem a revis\u00e3o de 2026 indicam essa propor\u00e7\u00e3o. Afirma\u00e7\u00f5es como \u00abmetade ao fim de seis meses\u00bb v\u00eam do marketing de cl\u00ednicas, n\u00e3o de estudos.<\/p>\n\n\n<div class=\"wp-block-image\">\n<figure class=\"aligncenter size-large is-resized\" style=\"max-width:720px;margin-left:auto;margin-right:auto\"><img decoding=\"async\" src=\"https:\/\/elithair.com\/pt\/wp-content\/uploads\/sites\/7\/2026\/08\/neue_haare_makro.png\" alt=\"Macrofotografia do couro cabeludo com cabelos novos, finos e claros, a crescer de forma irregular\" class=\"wp-image-89916\" style=\"width:720px;max-width:100%;height:auto\"\/><\/figure>\n<\/div>\n\n\n<h3 class=\"wp-block-heading\">Porque o m\u00eas 6 engana os olhos<\/h3>\n\n\n\n<p class=\"wp-block-paragraph\">A impress\u00e3o aos seis meses engana por tr\u00eas motivos. Primeiro, os fol\u00edculos n\u00e3o arrancam ao mesmo tempo, mas distribu\u00eddos ao longo de meses. Segundo, os cabelos novos s\u00e3o inicialmente finos, claros e curtos e, por isso, cobrem pior. Terceiro, o di\u00e2metro e a pigmenta\u00e7\u00e3o s\u00f3 aumentam mais tarde.<\/p>\n\n\n\n<p class=\"wp-block-paragraph\">Na pr\u00e1tica, isto significa: duas \u00e1reas com o mesmo n\u00famero de cabelos crescidos podem parecer completamente diferentes em densidade, apenas porque os cabelos t\u00eam espessuras diferentes. A capacidade de cobertura vem do di\u00e2metro do cabelo, n\u00e3o apenas do n\u00famero.<\/p>\n\n\n\n<h3 class=\"wp-block-heading\">O crescimento irregular \u00e9 um padr\u00e3o, n\u00e3o um erro<\/h3>\n\n\n\n<p class=\"wp-block-paragraph\">Um crescimento desigual, por zonas, entre o m\u00eas 4 e o 8 \u00e9 o normal, porque os fol\u00edculos arrancam de forma ass\u00edncrona. As zonas que aparecem primeiro s\u00e3o muitas vezes a linha capilar e as t\u00eamporas. O topo da cabe\u00e7a e a coroa v\u00eam, pela experi\u00eancia, mais tarde, o que refor\u00e7a a impress\u00e3o de uma falha na parte de tr\u00e1s.<\/p>\n\n\n\n<p class=\"wp-block-paragraph\">Enquanto houver atividade em todo o lado, uma imagem desigual n\u00e3o indica um problema. Torna-se relevante apenas quando uma \u00e1rea permanece completamente vazia durante meses, enquanto as zonas vizinhas crescem visivelmente.<\/p>\n\n\n\n<h3 class=\"wp-block-heading\">A quebra do m\u00eas 2 ao 4, entre especialistas \u00abugly duckling phase\u00bb<\/h3>\n\n\n\n<p class=\"wp-block-paragraph\">Se na \u00e1rea-alvo ainda havia muito cabelo pr\u00f3prio, a impress\u00e3o visual entre o m\u00eas 2 e o 4 pode ser temporariamente pior do que antes da interven\u00e7\u00e3o. Entre os cirurgi\u00f5es capilares, esta quebra chama-se \u00abugly duckling phase\u00bb, ou seja, a fase do patinho feio. O cabelo transplantado caiu, o cabelo nativo reagiu ao est\u00edmulo e o cabelo novo ainda n\u00e3o chegou. Desagrad\u00e1vel, mas n\u00e3o \u00e9 um retrocesso.<\/p>\n\n\n\n<p class=\"wp-block-paragraph\">Do ponto de vista profissional, esta fase pode ser planeada: a interven\u00e7\u00e3o nota-se sobretudo nas primeiras duas a tr\u00eas semanas; a quebra interm\u00e9dia \u00e9 uma quest\u00e3o de densidade e passa mais despercebida com o cabelo curto. O que \u00e9 permitido em cada semana est\u00e1 dia a dia no guia sobre os <a href=\"\/pt\/blog-sobre-implante-capilar\/cuidados-apos-um-transplante-capilar\/\">cuidados ap\u00f3s o transplante capilar<\/a>.<\/p>\n\n\n\n<h3 class=\"wp-block-heading\">Borbulhas onde os novos cabelos rompem a pele<\/h3>\n\n\n\n<p class=\"wp-block-paragraph\">Pequenas p\u00fastulas inflamadas entre o m\u00eas 2 e o 6 surgem, na maioria dos casos, quando um cabelo novo rompe a pele. Um estudo multic\u00eantrico com 1.317 pacientes encontrou uma frequ\u00eancia global de foliculite de 12,11 por cento ap\u00f3s transplante capilar (Plastic and Reconstructive Surgery 2024, PMID 37904273). Frequente, regra geral inofensivo, e o cabelo novo normalmente n\u00e3o se perde por causa disso.<\/p>\n\n\n\n<p class=\"wp-block-paragraph\">Os fatores de risco neste estudo foram a cirurgia no ver\u00e3o, mais de 4.000 enxertos e uma densidade de implanta\u00e7\u00e3o acima de 45 enxertos por cent\u00edmetro quadrado. S\u00e3o fatores de risco para a foliculite, n\u00e3o para o shock loss. Os dois s\u00e3o frequentemente confundidos.<\/p>\n\n\n\n<p class=\"wp-block-paragraph\">J\u00e1 uma inflama\u00e7\u00e3o extensa, purulenta, exsudativa ou dolorosa \u00e9 outra coisa: essa deve ser avaliada por um m\u00e9dico e n\u00e3o se espreme nem se arranha. A tabela-sem\u00e1foro mais abaixo ajuda a enquadrar os casos limite.<\/p>\n\n\n\n<h3 class=\"wp-block-heading\">Quando os seis meses s\u00e3o, ainda assim, motivo para uma consulta de seguimento<\/h3>\n\n\n\n<p class=\"wp-block-paragraph\">Uma consulta de seguimento faz sentido aos seis meses se n\u00e3o houver qualquer crescimento novo vis\u00edvel, se uma \u00e1rea permanecer completamente vazia enquanto a envolvente cresce, ou se existirem sinais de inflama\u00e7\u00e3o. Falhas isoladas n\u00e3o s\u00e3o, aos seis meses, motivo de preocupa\u00e7\u00e3o; a aus\u00eancia total de crescimento \u00e9.<\/p>\n\n\n\n<h2 class=\"wp-block-heading\">Shock loss na zona dadora<\/h2>\n\n\n\n<p class=\"wp-block-paragraph\">O shock loss tamb\u00e9m pode ocorrer na zona dadora. A\u00ed, os cabelos em redor dos pontos de extra\u00e7\u00e3o entram temporariamente em fase de repouso, motivo pelo qual a nuca pode parecer irregular ou mais rala nos primeiros meses. N\u00e3o \u00e9 poss\u00edvel quantificar a frequ\u00eancia: a revis\u00e3o de Romera de Blas et al. (2026) refere expressamente que a frequ\u00eancia real \u00e9 desconhecida e que o efl\u00favio na zona dadora parece bastante mais raro do que na zona recetora.<\/p>\n\n\n<div class=\"wp-block-image\">\n<figure class=\"aligncenter size-large is-resized\" style=\"max-width:560px;margin-left:auto;margin-right:auto\"><img decoding=\"async\" src=\"https:\/\/elithair.com\/pt\/wp-content\/uploads\/sites\/7\/2026\/08\/spender_empfaenger_schema.png\" alt=\"Esquema da cabe\u00e7a vista de tr\u00e1s e de perfil, com a zona de extra\u00e7\u00e3o na nuca e a zona recetora no topo da cabe\u00e7a destacadas a cores\" class=\"wp-image-89917\" style=\"width:560px;max-width:100%;height:auto\"\/><\/figure>\n<\/div>\n\n\n<p class=\"wp-block-paragraph\">As evid\u00eancias existem apenas como s\u00e9ries de casos e casos isolados: 12 pacientes em G\u00f3mez-Zubiaur et al. (Dermatologic Surgery 2021), quatro casos em Kerure et al. (Journal of Cutaneous and Aesthetic Surgery 2020), al\u00e9m de relatos de casos individuais. Destas s\u00e9ries n\u00e3o se pode derivar um risco em percentagem, mas elas mostram que o fen\u00f3meno existe e est\u00e1 descrito.<\/p>\n\n\n\n<p class=\"wp-block-paragraph\">Em termos temporais, segundo a mesma revis\u00e3o, um efl\u00favio na zona dadora surge tipicamente 2 a 4 semanas ap\u00f3s a interven\u00e7\u00e3o e regride espontaneamente em 3 a 6 meses. A zona rapada volta a cobrir-se, independentemente disso, entre a semana 2 e a 6.<\/p>\n\n\n\n<h3 class=\"wp-block-heading\">Porque a nuca parece mais rala mesmo sem se ter perdido cabelo<\/h3>\n\n\n\n<p class=\"wp-block-paragraph\">A nuca parece mais rala ap\u00f3s a interven\u00e7\u00e3o mesmo sem shock loss. A zona est\u00e1 rapada, os pontos de extra\u00e7\u00e3o s\u00e3o vis\u00edveis como pequenas crostas e o contraste com o cabelo mais comprido em redor refor\u00e7a a impress\u00e3o. Assim que a zona volta a crescer, este efeito desaparece.<\/p>\n\n\n\n<h3 class=\"wp-block-heading\">Shock loss passageiro ou extra\u00e7\u00e3o excessiva permanente?<\/h3>\n\n\n\n<p class=\"wp-block-paragraph\">A distin\u00e7\u00e3o mais importante na zona dadora \u00e9: efl\u00favio passageiro ou rarefa\u00e7\u00e3o permanente. Um shock loss tem um aspeto mais irregular e regride \u00e0 medida que o cabelo cresce. Uma extra\u00e7\u00e3o excessiva manifesta-se como uma densidade uniformemente demasiado baixa numa \u00e1rea extensa e mant\u00e9m-se. Esta distin\u00e7\u00e3o assenta na experi\u00eancia cl\u00ednica; n\u00e3o existe um estudo comparativo sobre o tema.<\/p>\n\n\n\n<p class=\"wp-block-paragraph\">Faz sentido uma avalia\u00e7\u00e3o m\u00e9dica se, ao fim de seis meses, a zona continuar visivelmente mais rala do que antes da interven\u00e7\u00e3o ou apresentar \u00e1reas sem cabelo bem delimitadas. Sobre cicatriza\u00e7\u00e3o, cuidados e cicatrizes da zona de extra\u00e7\u00e3o existe um artigo pr\u00f3prio sobre a zona dadora ap\u00f3s o transplante capilar.<\/p>\n\n\n\n<h2 class=\"wp-block-heading\" id=\"h-losungen-und-tipps-zur-unterstutzung-des-haarwachstums\">Solu\u00e7\u00f5es e dicas para apoiar o crescimento do cabelo<\/h2>\n\n\n\n<figure class=\"wp-block-image size-full\"><img decoding=\"async\" src=\"https:\/\/elithair.com\/pt\/wp-content\/uploads\/sites\/7\/2026\/08\/bestand_97460.png\" alt=\"Um homem numa marquesa a receber um tratamento de PRP com uma inje\u00e7\u00e3o no couro cabeludo\" class=\"wp-image-89922\"\/><\/figure>\n\n\n\n<p class=\"wp-block-paragraph\">Ap\u00f3s um transplante de cabelo pr\u00f3prio, cuidados p\u00f3s-operat\u00f3rios dirigidos podem influenciar positivamente a cicatriza\u00e7\u00e3o e apoiar o novo crescimento do cabelo. Justamente na <strong>queda de cabelo ap\u00f3s o transplante capilar<\/strong> , a paci\u00eancia, os cuidados consistentes e um bom estado geral de sa\u00fade desempenham um papel importante.<\/p>\n\n\n\n<h3 class=\"wp-block-heading\"><strong>Cuidados ap\u00f3s o transplante<\/strong><\/h3>\n\n\n\n<p class=\"wp-block-paragraph\">Nas primeiras semanas \u00e9 importante lidar com o couro cabeludo de forma especialmente suave:<\/p>\n\n\n\n<ul class=\"wp-block-list\">\n<li>Lavagem, ao in\u00edcio, apenas com \u00e1gua limpa ou com um champ\u00f4 suave recomendado pelo m\u00e9dico<\/li>\n\n\n<li>Secar o couro cabeludo com pequenos toques, sem esfregar nem co\u00e7ar<\/li>\n\n\n<li>Evitar chap\u00e9us apertados, exposi\u00e7\u00e3o solar intensa e irrita\u00e7\u00e3o mec\u00e2nica<\/li>\n<\/ul>\n\n\n\n<p class=\"wp-block-paragraph\">Estas medidas ajudam a n\u00e3o perturbar a cicatriza\u00e7\u00e3o e a proteger os fol\u00edculos transplantados. O que \u00e9 permitido em cada semana, da lavagem ao desporto, est\u00e1 dia a dia no <a href=\"\/pt\/blog-sobre-implante-capilar\/cuidados-apos-um-transplante-capilar\/\">guia de cuidados p\u00f3s-operat\u00f3rios<\/a>.<\/p>\n\n\n\n<h3 class=\"wp-block-heading\"><strong>Alimenta\u00e7\u00e3o para um cabelo forte<\/strong><\/h3>\n\n\n\n<p class=\"wp-block-paragraph\">Uma alimenta\u00e7\u00e3o equilibrada pode apoiar o crescimento do cabelo de forma complementar:<\/p>\n\n\n\n<ul class=\"wp-block-list\">\n<li>Um aporte suficiente de biotina, zinco, ferro e \u00e1cidos gordos \u00f3mega-3<\/li>\n\n\n<li>Alimentos ricos em prote\u00edna, como ovos, peixe, leguminosas ou frutos secos, para apoiar a estrutura do cabelo<\/li>\n\n\n<li>Uma hidrata\u00e7\u00e3o suficiente, para favorecer a irriga\u00e7\u00e3o sangu\u00ednea e o aporte de nutrientes \u00e0s ra\u00edzes<\/li>\n<\/ul>\n\n\n\n<h3 class=\"wp-block-heading\"><strong>Gest\u00e3o do stress<\/strong><\/h3>\n\n\n\n<ul class=\"wp-block-list\">\n<li>O stress cr\u00f3nico pode agravar a queda de cabelo; exerc\u00edcio regular, medita\u00e7\u00e3o ou ioga ajudam a baixar o n\u00edvel de stress<\/li>\n\n\n<li>Um sono saud\u00e1vel favorece a regenera\u00e7\u00e3o dos fol\u00edculos capilares<\/li>\n<\/ul>\n\n\n\n<h3 class=\"wp-block-heading\">Terapias de apoio<\/h3>\n\n\n\n<p class=\"wp-block-paragraph\">Medidas complementares podem fazer sentido em casos concretos, mas n\u00e3o substituem um transplante:<\/p>\n\n\n\n<ul class=\"wp-block-list\">\n<li>Os tratamentos de PRP s\u00e3o uma medida regenerativa cuja aplica\u00e7\u00e3o \u00e9 decidida caso a caso pela cl\u00ednica que acompanha o paciente. Como meio contra o shock loss ou como acelerador do novo crescimento, n\u00e3o est\u00e3o comprovados<\/li>\n\n\n<li>Subst\u00e2ncias como o <a href=\"\/pt\/blog-sobre-implante-capilar\/minoxidil-queda-de-cabelo\/\">minoxidil<\/a> ou a <a href=\"\/pt\/blog-sobre-implante-capilar\/finasterida\/\">finasterida<\/a> pertencem \u00e0 terapia m\u00e9dica de acompanhamento e n\u00e3o \u00e0 automedica\u00e7\u00e3o. Atuam sobre o cabelo nativo, n\u00e3o sobre o shedding dos enxertos<\/li>\n<\/ul>\n\n\n\n<p class=\"wp-block-paragraph\">Em resumo: com cuidados p\u00f3s-operat\u00f3rios consistentes, um estilo de vida saud\u00e1vel e expectativas realistas, \u00e9 poss\u00edvel acompanhar bem o crescimento do cabelo ap\u00f3s o transplante. O resultado definitivo desenvolve-se passo a passo e precisa sobretudo de tempo.<\/p>\n\n\n\n<h2 class=\"wp-block-heading\" id=\"h-wann-sollte-man-sich-sorgen-machen\">Quando \u00e9 motivo de preocupa\u00e7\u00e3o?<\/h2>\n\n\n\n<figure class=\"wp-block-image size-full\"><img decoding=\"async\" src=\"https:\/\/elithair.com\/pt\/wp-content\/uploads\/sites\/7\/2026\/08\/bestand_97459.png\" alt=\"Um homem sentado \u00e0 mesa a olhar pensativo pela janela\" class=\"wp-image-89921\"\/><\/figure>\n\n\n\n<p class=\"wp-block-paragraph\">Na maioria dos casos, a <strong>queda de cabelo ap\u00f3s o transplante capilar<\/strong> \u00e9 uma parte normal do processo de cicatriza\u00e7\u00e3o. Ainda assim, h\u00e1 sinais que podem indicar complica\u00e7\u00f5es e que devem ser avaliados por um m\u00e9dico.<\/p>\n\n\n\n<h3 class=\"wp-block-heading\"><strong>Sinais de complica\u00e7\u00f5es<\/strong><\/h3>\n\n\n\n<p class=\"wp-block-paragraph\">Determinados sintomas v\u00e3o al\u00e9m da cicatriza\u00e7\u00e3o habitual:<\/p>\n\n\n\n<ul class=\"wp-block-list\">\n<li><strong>Vermelhid\u00e3o e incha\u00e7o fortes ou crescentes:<\/strong> Uma vermelhid\u00e3o ligeira \u00e9 normal ap\u00f3s a interven\u00e7\u00e3o e desaparece, regra geral, ao fim de poucos dias. Se aumentar ou vier acompanhada de dores, pode indicar uma inflama\u00e7\u00e3o ou infe\u00e7\u00e3o.<\/li>\n\n\n<li><strong>Inflama\u00e7\u00f5es purulentas ou forma\u00e7\u00e3o invulgar de crostas:<\/strong> Pequenas crostas s\u00e3o habituais nos primeiros dias. No entanto, zonas exsudativas, muito vermelhas ou dolorosas devem ser observadas por um m\u00e9dico especialista.<\/li>\n\n\n<li><strong>Queda de cabelo invulgarmente forte ou prolongada:<\/strong> Enquanto um eventual shock loss surge sobretudo nas primeiras 2 a 8 semanas e \u00e9 passageiro, uma queda persistente ou progressiva pode indicar uma taxa de pega comprometida ou outros problemas.<\/li>\n<\/ul>\n\n\n\n<h3 class=\"wp-block-heading\"><strong>Quando \u00e9 necess\u00e1ria uma consulta de seguimento<\/strong><\/h3>\n\n\n\n<p class=\"wp-block-paragraph\">Uma consulta m\u00e9dica de seguimento \u00e9 recomend\u00e1vel se as queixas durarem mais do que cerca de duas semanas ou se agravarem. Tamb\u00e9m dores persistentes, sensibilidade \u00e0 press\u00e3o ou sinais marcados de inflama\u00e7\u00e3o n\u00e3o devem ser ignorados.<\/p>\n\n\n\n<p class=\"wp-block-paragraph\">Al\u00e9m disso, aplica-se o seguinte: <strong>Se ao fim de cerca de seis meses n\u00e3o houver qualquer crescimento novo vis\u00edvel<\/strong>, a evolu\u00e7\u00e3o da cicatriza\u00e7\u00e3o deve ser avaliada por um profissional. Trata-se mesmo de aus\u00eancia total de crescimento, e n\u00e3o de um resultado que ainda n\u00e3o parece suficientemente denso.<\/p>\n\n\n\n<p class=\"wp-block-paragraph\">Uma consulta de seguimento avalia tr\u00eas coisas: a densidade em compara\u00e7\u00e3o com a documenta\u00e7\u00e3o inicial, sinais de inflama\u00e7\u00e3o no couro cabeludo e o estado do cabelo nativo em redor, ou seja, o grau de miniaturiza\u00e7\u00e3o. \u00c9 precisamente por isso que a fotografia inicial \u00e9 t\u00e3o valiosa: sem compara\u00e7\u00e3o, qualquer avalia\u00e7\u00e3o continua a ser uma sensa\u00e7\u00e3o.<\/p>\n\n\n\n<p class=\"wp-block-paragraph\">Para a autoavalia\u00e7\u00e3o h\u00e1 duas ferramentas que se complementam. O autocontrolo em sem\u00e1foro enquadra cada observa\u00e7\u00e3o t\u00edpica e distingue quando faz parte da evolu\u00e7\u00e3o normal e quando deve ser levada \u00e0 consulta. O registo de evolu\u00e7\u00e3o mais abaixo garante que as suas fotografias sejam realmente compar\u00e1veis ao longo dos meses.<\/p>\n\n\n\n<style>\n@media (max-width:640px){\n.rt-table-wrap{overflow-x:visible!important;border:0!important;border-radius:0!important}\n.rt-table{min-width:0!important}\n.rt-table thead{display:none}\n.rt-table,.rt-table tbody,.rt-table tr,.rt-table td{display:block;width:100%}\n.rt-table caption{display:block;padding:0 0 12px!important}\n.rt-table tr{margin:0 0 12px;border:1px solid #dbe4f0;border-radius:10px;overflow:hidden}\n.rt-table tr:last-child{margin-bottom:0}\n.rt-table td{display:flex!important;flex-direction:column;gap:3px;padding:12px 14px!important;\nborder:0!important;border-bottom:1px solid #e3e8ef!important;background:#ffffff!important}\n.rt-table tr td:last-child{border-bottom:0!important}\n.rt-table td::before{content:attr(data-label);font-size:12px;font-weight:700;letter-spacing:.04em;\ntext-transform:uppercase;color:#5799F1}\n.rt-table td:not([data-label])::before,.rt-table td[data-label=\"\"]::before{display:none}\n}\n<\/style>\n<div class=\"rt-table-wrap\" style=\"overflow-x:auto;-webkit-overflow-scrolling:touch;margin:28px 0;border:1px solid #dbe4f0;border-radius:12px\">\n  <table class=\"rt-table\" style=\"width:100%;min-width:620px;table-layout:fixed;border-collapse:separate;border-spacing:0;font-size:15px;margin:0\">\n    <caption style=\"caption-side:top;text-align:left;color:#003366;font-weight:700;font-size:16px;line-height:1.35;padding:14px 16px 10px;background:#ffffff\">Autocontrolo em sem\u00e1foro: normal ou avaliar com um m\u00e9dico?<\/caption>\n    <thead>\n      <tr>\n        <th style=\"width:22%;background:#003366;color:#ffffff;font-weight:700;text-align:left;vertical-align:middle;padding:13px 16px;font-size:15px;line-height:1.4;border:0;overflow-wrap:break-word\">Observa\u00e7\u00e3o<\/th>\n        <th style=\"background:#003366;color:#ffffff;font-weight:700;text-align:left;vertical-align:middle;padding:13px 16px;font-size:15px;line-height:1.4;border:0;overflow-wrap:break-word\">Quando \u00e9 normal<\/th>\n        <th style=\"background:#003366;color:#ffffff;font-weight:700;text-align:left;vertical-align:middle;padding:13px 16px;font-size:15px;line-height:1.4;border:0;overflow-wrap:break-word\">Avaliar com um m\u00e9dico se<\/th>\n      <\/tr>\n    <\/thead>\n    <tbody>\n      <tr>\n        <td data-label=\"Observa\u00e7\u00e3o\" style=\"background:#ffffff;color:#003366;font-weight:700;text-align:left;vertical-align:top;padding:13px 16px;font-size:15px;line-height:1.55;border:0;border-bottom:1px solid #e3e8ef;overflow-wrap:break-word\">Queda de cabelo na \u00e1rea transplantada<\/td>\n        <td data-label=\"Quando \u00e9 normal\" style=\"background:#ffffff;color:#22303e;font-weight:400;text-align:left;vertical-align:top;padding:13px 16px;font-size:15px;line-height:1.55;border:0;border-bottom:1px solid #e3e8ef;overflow-wrap:break-word\">semana 2 a 8, com pico entre a semana 4 e a 8<\/td>\n        <td data-label=\"Avaliar com um m\u00e9dico se\" style=\"background:#ffffff;color:#22303e;font-weight:400;text-align:left;vertical-align:top;padding:13px 16px;font-size:15px;line-height:1.55;border:0;border-bottom:1px solid #e3e8ef;overflow-wrap:break-word\">a partir do m\u00eas 6 n\u00e3o houver qualquer crescimento novo vis\u00edvel<\/td>\n      <\/tr>\n      <tr>\n        <td data-label=\"Observa\u00e7\u00e3o\" style=\"background:#f6f9fc;color:#003366;font-weight:700;text-align:left;vertical-align:top;padding:13px 16px;font-size:15px;line-height:1.55;border:0;border-bottom:1px solid #e3e8ef;overflow-wrap:break-word\">Queda do cabelo nativo em redor<\/td>\n        <td data-label=\"Quando \u00e9 normal\" style=\"background:#f6f9fc;color:#22303e;font-weight:400;text-align:left;vertical-align:top;padding:13px 16px;font-size:15px;line-height:1.55;border:0;border-bottom:1px solid #e3e8ef;overflow-wrap:break-word\">semana 2 a 12, com regress\u00e3o ao longo de meses<\/td>\n        <td data-label=\"Avaliar com um m\u00e9dico se\" style=\"background:#f6f9fc;color:#22303e;font-weight:400;text-align:left;vertical-align:top;padding:13px 16px;font-size:15px;line-height:1.55;border:0;border-bottom:1px solid #e3e8ef;overflow-wrap:break-word\">a queda aumentar depois do m\u00eas 6 ou se estender para al\u00e9m da \u00e1rea<\/td>\n      <\/tr>\n      <tr>\n        <td data-label=\"Observa\u00e7\u00e3o\" style=\"background:#ffffff;color:#003366;font-weight:700;text-align:left;vertical-align:top;padding:13px 16px;font-size:15px;line-height:1.55;border:0;border-bottom:1px solid #e3e8ef;overflow-wrap:break-word\">Queda de cabelo na zona dadora<\/td>\n        <td data-label=\"Quando \u00e9 normal\" style=\"background:#ffffff;color:#22303e;font-weight:400;text-align:left;vertical-align:top;padding:13px 16px;font-size:15px;line-height:1.55;border:0;border-bottom:1px solid #e3e8ef;overflow-wrap:break-word\">a partir da semana 2 a 4, com regress\u00e3o em 3 a 6 meses<\/td>\n        <td data-label=\"Avaliar com um m\u00e9dico se\" style=\"background:#ffffff;color:#22303e;font-weight:400;text-align:left;vertical-align:top;padding:13px 16px;font-size:15px;line-height:1.55;border:0;border-bottom:1px solid #e3e8ef;overflow-wrap:break-word\">a zona continuar uniformemente mais rala depois do m\u00eas 6 ou apresentar \u00e1reas sem cabelo<\/td>\n      <\/tr>\n      <tr>\n        <td data-label=\"Observa\u00e7\u00e3o\" style=\"background:#f6f9fc;color:#003366;font-weight:700;text-align:left;vertical-align:top;padding:13px 16px;font-size:15px;line-height:1.55;border:0;border-bottom:1px solid #e3e8ef;overflow-wrap:break-word\">Vermelhid\u00e3o e incha\u00e7o<\/td>\n        <td data-label=\"Quando \u00e9 normal\" style=\"background:#f6f9fc;color:#22303e;font-weight:400;text-align:left;vertical-align:top;padding:13px 16px;font-size:15px;line-height:1.55;border:0;border-bottom:1px solid #e3e8ef;overflow-wrap:break-word\">primeiros dias ap\u00f3s a interven\u00e7\u00e3o, depois a diminuir<\/td>\n        <td data-label=\"Avaliar com um m\u00e9dico se\" style=\"background:#f6f9fc;color:#22303e;font-weight:400;text-align:left;vertical-align:top;padding:13px 16px;font-size:15px;line-height:1.55;border:0;border-bottom:1px solid #e3e8ef;overflow-wrap:break-word\">aumentarem ou doerem passadas mais de duas semanas<\/td>\n      <\/tr>\n      <tr>\n        <td data-label=\"Observa\u00e7\u00e3o\" style=\"background:#ffffff;color:#003366;font-weight:700;text-align:left;vertical-align:top;padding:13px 16px;font-size:15px;line-height:1.55;border:0;border-bottom:1px solid #e3e8ef;overflow-wrap:break-word\">Crostas<\/td>\n        <td data-label=\"Quando \u00e9 normal\" style=\"background:#ffffff;color:#22303e;font-weight:400;text-align:left;vertical-align:top;padding:13px 16px;font-size:15px;line-height:1.55;border:0;border-bottom:1px solid #e3e8ef;overflow-wrap:break-word\">primeiros 7 a 14 dias, soltam-se sozinhas<\/td>\n        <td data-label=\"Avaliar com um m\u00e9dico se\" style=\"background:#ffffff;color:#22303e;font-weight:400;text-align:left;vertical-align:top;padding:13px 16px;font-size:15px;line-height:1.55;border:0;border-bottom:1px solid #e3e8ef;overflow-wrap:break-word\">verterem l\u00edquido, cheirarem mal ou continuarem agarradas passadas duas semanas<\/td>\n      <\/tr>\n      <tr>\n        <td data-label=\"Observa\u00e7\u00e3o\" style=\"background:#f6f9fc;color:#003366;font-weight:700;text-align:left;vertical-align:top;padding:13px 16px;font-size:15px;line-height:1.55;border:0;border-bottom:1px solid #e3e8ef;overflow-wrap:break-word\">Comich\u00e3o<\/td>\n        <td data-label=\"Quando \u00e9 normal\" style=\"background:#f6f9fc;color:#22303e;font-weight:400;text-align:left;vertical-align:top;padding:13px 16px;font-size:15px;line-height:1.55;border:0;border-bottom:1px solid #e3e8ef;overflow-wrap:break-word\">semana 1 a 4, muitas vezes durante a cicatriza\u00e7\u00e3o<\/td>\n        <td data-label=\"Avaliar com um m\u00e9dico se\" style=\"background:#f6f9fc;color:#22303e;font-weight:400;text-align:left;vertical-align:top;padding:13px 16px;font-size:15px;line-height:1.55;border:0;border-bottom:1px solid #e3e8ef;overflow-wrap:break-word\">vier acompanhada de bolhas, p\u00fastulas ou vermelhid\u00e3o intensa<\/td>\n      <\/tr>\n      <tr>\n        <td data-label=\"Observa\u00e7\u00e3o\" style=\"background:#ffffff;color:#003366;font-weight:700;text-align:left;vertical-align:top;padding:13px 16px;font-size:15px;line-height:1.55;border:0;border-bottom:1px solid #e3e8ef;overflow-wrap:break-word\">Borbulhas isoladas na sa\u00edda dos novos cabelos<\/td>\n        <td data-label=\"Quando \u00e9 normal\" style=\"background:#ffffff;color:#22303e;font-weight:400;text-align:left;vertical-align:top;padding:13px 16px;font-size:15px;line-height:1.55;border:0;border-bottom:1px solid #e3e8ef;overflow-wrap:break-word\">m\u00eas 2 a 6, isoladas e pouco dolorosas<\/td>\n        <td data-label=\"Avaliar com um m\u00e9dico se\" style=\"background:#ffffff;color:#22303e;font-weight:400;text-align:left;vertical-align:top;padding:13px 16px;font-size:15px;line-height:1.55;border:0;border-bottom:1px solid #e3e8ef;overflow-wrap:break-word\">se tornarem extensas, purulentas ou dolorosas<\/td>\n      <\/tr>\n      <tr>\n        <td data-label=\"Observa\u00e7\u00e3o\" style=\"background:#f6f9fc;color:#003366;font-weight:700;text-align:left;vertical-align:top;padding:13px 16px;font-size:15px;line-height:1.55;border:0;border-bottom:1px solid #e3e8ef;overflow-wrap:break-word\">Inflama\u00e7\u00e3o purulenta ou exsudativa<\/td>\n        <td data-label=\"Quando \u00e9 normal\" style=\"background:#f6f9fc;color:#22303e;font-weight:400;text-align:left;vertical-align:top;padding:13px 16px;font-size:15px;line-height:1.55;border:0;border-bottom:1px solid #e3e8ef;overflow-wrap:break-word\">nunca \u00e9 um achado normal<\/td>\n        <td data-label=\"Avaliar com um m\u00e9dico se\" style=\"background:#f6f9fc;color:#22303e;font-weight:400;text-align:left;vertical-align:top;padding:13px 16px;font-size:15px;line-height:1.55;border:0;border-bottom:1px solid #e3e8ef;overflow-wrap:break-word\">sempre, o mais brevemente poss\u00edvel<\/td>\n      <\/tr>\n      <tr>\n        <td data-label=\"Observa\u00e7\u00e3o\" style=\"background:#ffffff;color:#003366;font-weight:700;text-align:left;vertical-align:top;padding:13px 16px;font-size:15px;line-height:1.55;border:0;border-bottom:1px solid #e3e8ef;overflow-wrap:break-word\">Dor e sensibilidade \u00e0 press\u00e3o<\/td>\n        <td data-label=\"Quando \u00e9 normal\" style=\"background:#ffffff;color:#22303e;font-weight:400;text-align:left;vertical-align:top;padding:13px 16px;font-size:15px;line-height:1.55;border:0;border-bottom:1px solid #e3e8ef;overflow-wrap:break-word\">primeiros dias, depois a diminuir<\/td>\n        <td data-label=\"Avaliar com um m\u00e9dico se\" style=\"background:#ffffff;color:#22303e;font-weight:400;text-align:left;vertical-align:top;padding:13px 16px;font-size:15px;line-height:1.55;border:0;border-bottom:1px solid #e3e8ef;overflow-wrap:break-word\">persistirem passadas duas semanas ou voltarem a aumentar<\/td>\n      <\/tr>\n      <tr>\n        <td data-label=\"Observa\u00e7\u00e3o\" style=\"background:#f6f9fc;color:#003366;font-weight:700;text-align:left;vertical-align:top;padding:13px 16px;font-size:15px;line-height:1.55;border:0;border-bottom:1px solid #e3e8ef;overflow-wrap:break-word\">Aus\u00eancia de crescimento novo<\/td>\n        <td data-label=\"Quando \u00e9 normal\" style=\"background:#f6f9fc;color:#22303e;font-weight:400;text-align:left;vertical-align:top;padding:13px 16px;font-size:15px;line-height:1.55;border:0;border-bottom:1px solid #e3e8ef;overflow-wrap:break-word\">at\u00e9 ao m\u00eas 3 a 4 n\u00e3o tem significado<\/td>\n        <td data-label=\"Avaliar com um m\u00e9dico se\" style=\"background:#f6f9fc;color:#22303e;font-weight:400;text-align:left;vertical-align:top;padding:13px 16px;font-size:15px;line-height:1.55;border:0;border-bottom:1px solid #e3e8ef;overflow-wrap:break-word\">a partir do m\u00eas 6 n\u00e3o crescer nada em lado nenhum, o mais tardar a partir do m\u00eas 12<\/td>\n      <\/tr>\n      <tr>\n        <td data-label=\"Observa\u00e7\u00e3o\" style=\"background:#ffffff;color:#003366;font-weight:700;text-align:left;vertical-align:top;padding:13px 16px;font-size:15px;line-height:1.55;border:0;overflow-wrap:break-word\">Dorm\u00eancia<\/td>\n        <td data-label=\"Quando \u00e9 normal\" style=\"background:#ffffff;color:#22303e;font-weight:400;text-align:left;vertical-align:top;padding:13px 16px;font-size:15px;line-height:1.55;border:0;overflow-wrap:break-word\">semanas a alguns meses, geralmente a regredir<\/td>\n        <td data-label=\"Avaliar com um m\u00e9dico se\" style=\"background:#ffffff;color:#22303e;font-weight:400;text-align:left;vertical-align:top;padding:13px 16px;font-size:15px;line-height:1.55;border:0;overflow-wrap:break-word\">persistir inalterada depois do m\u00eas 6 ou for dolorosa<\/td>\n      <\/tr>\n    <\/tbody>\n  <\/table>\n<\/div>\n\n\n\n<div style=\"border:1px solid #dbe4f0;border-radius:12px;padding:18px;margin:28px 0\">\n<p style=\"margin:0 0 4px;color:#013366;font-weight:700;font-size:16px\">Registo de evolu\u00e7\u00e3o: como documentar o seu crescimento de forma \u00fatil<\/p>\n<p style=\"margin:0 0 12px;color:#6b7280;font-size:14px\">A fonte de erro mais comum na autoavalia\u00e7\u00e3o n\u00e3o \u00e9 o cabelo, \u00e9 a luz.<\/p>\n<ul style=\"margin:0;padding:0;color:#2e3033;list-style:none;font-size:15px;line-height:1.6\">\n<li style=\"position:relative;padding:4px 0 4px 24px\"><span style=\"position:absolute;left:0;top:4px;color:#0079F1;font-weight:700\">&#10003;<\/span>Sempre os mesmos quatro \u00e2ngulos: de frente, linha capilar vista de cima, topo da cabe\u00e7a e coroa, nuca<\/li>\n<li style=\"position:relative;padding:4px 0 4px 24px\"><span style=\"position:absolute;left:0;top:4px;color:#0079F1;font-weight:700\">&#10003;<\/span>Sempre a mesma luz, sem luz de teto direta por cima, sem flash<\/li>\n<li style=\"position:relative;padding:4px 0 4px 24px\"><span style=\"position:absolute;left:0;top:4px;color:#0079F1;font-weight:700\">&#10003;<\/span>Cabelo seco, do mesmo comprimento, sem produtos de styling, sem p\u00f3 capilar<\/li>\n<li style=\"position:relative;padding:4px 0 4px 24px\"><span style=\"position:absolute;left:0;top:4px;color:#0079F1;font-weight:700\">&#10003;<\/span>Ritmo: dia 1, depois m\u00eas 1, 3, 6, 9 e 12<\/li>\n<li style=\"position:relative;padding:4px 0 4px 24px\"><span style=\"position:absolute;left:0;top:4px;color:#0079F1;font-weight:700\">&#10003;<\/span>Guardar a fotografia inicial de antes da interven\u00e7\u00e3o, porque sem essa refer\u00eancia quase sempre se subestima o progresso<\/li>\n<li style=\"position:relative;padding:4px 0 4px 24px\"><span style=\"position:absolute;left:0;top:4px;color:#0079F1;font-weight:700\">&#10003;<\/span>Uma fotografia por momento \u00e9 suficiente; contar todos os dias os cabelos ca\u00eddos n\u00e3o traz qualquer informa\u00e7\u00e3o<\/li>\n<\/ul>\n<\/div>\n\n\n\n<p class=\"wp-block-paragraph\">Uma consulta de seguimento n\u00e3o \u00e9 um reconhecimento de que algo correu mal, \u00e9 o caminho previsto em caso de d\u00favida. Na d\u00favida vale a regra: mostrar uma vez \u00e9 sempre melhor do que ficar meses a adivinhar.<\/p>\n\n\n\n<h2 class=\"wp-block-heading\">Voltar a ter queda de cabelo dois anos ap\u00f3s o transplante capilar: o que est\u00e1 por tr\u00e1s<\/h2>\n\n\n\n<p class=\"wp-block-paragraph\">Quando um ou dois anos ap\u00f3s o transplante capilar voltam a cair cabelos, regra geral n\u00e3o se trata de shock loss nem de perda de enxertos, mas da alopecia androgen\u00e9tica a progredir na \u00e1rea n\u00e3o transplantada. O transplante trata a superf\u00edcie, n\u00e3o a predisposi\u00e7\u00e3o.<\/p>\n\n\n<div class=\"wp-block-image\">\n<figure class=\"aligncenter size-large is-resized\" style=\"max-width:560px;margin-left:auto;margin-right:auto\"><img decoding=\"async\" src=\"https:\/\/elithair.com\/pt\/wp-content\/uploads\/sites\/7\/2026\/08\/stufe_transplantat_eigenhaar.png\" alt=\"Perfil da cabe\u00e7a com a \u00e1rea transplantada densa e um degrau vis\u00edvel para o cabelo nativo cada vez mais ralo atr\u00e1s\" class=\"wp-image-89918\" style=\"width:560px;max-width:100%;height:auto\"\/><\/figure>\n<\/div>\n\n\n<h3 class=\"wp-block-heading\">Porque os cabelos transplantados, regra geral, ficam<\/h3>\n\n\n\n<p class=\"wp-block-paragraph\">Os enxertos v\u00eam da coroa capilar da nuca e das t\u00eamporas. Estes fol\u00edculos s\u00e3o bastante menos sens\u00edveis \u00e0 hormona DHT, porque apresentam menos recetores androg\u00e9nicos e menos 5-alfa-redutase, e mant\u00eam esta caracter\u00edstica no novo local. O princ\u00edpio foi descrito por Norman Orentreich j\u00e1 em 1959 e a ISHRS designa-o at\u00e9 hoje como donor dominance.<\/p>\n\n\n\n<p class=\"wp-block-paragraph\">Por isso, os cabelos transplantados permanecem, regra geral, de forma duradoura. O que a durabilidade biol\u00f3gica significa a longo prazo \u00e9 mostrado nos artigos sobre a durabilidade de um transplante capilar e sobre a imagem <a href=\"\/pt\/blog-sobre-implante-capilar\/transplante-capilar-apos-10-anos-quais-sao-os-resultados\/\">10 anos depois<\/a>.<\/p>\n\n\n\n<h3 class=\"wp-block-heading\">Porque o cabelo nativo continua a cair<\/h3>\n\n\n\n<p class=\"wp-block-paragraph\">Os restantes fol\u00edculos continuam sens\u00edveis \u00e0 DHT. Continuam a miniaturizar, independentemente de o enxerto ter crescido bem. Por isso, uma nova queda dois anos ap\u00f3s o transplante capilar n\u00e3o \u00e9 uma contradi\u00e7\u00e3o com o resultado, \u00e9 a continua\u00e7\u00e3o normal da alopecia androgen\u00e9tica.<\/p>\n\n\n\n<p class=\"wp-block-paragraph\">O padr\u00e3o permite-lhe reconhec\u00ea-lo por si pr\u00f3prio: a rarefa\u00e7\u00e3o fica ao lado ou atr\u00e1s da \u00e1rea transplantada e muitas vezes forma-se um degrau vis\u00edvel entre o enxerto denso e o cabelo nativo cada vez mais ralo. Se, pelo contr\u00e1rio, o cabelo cair de forma uniforme por toda a cabe\u00e7a, \u00e9 mais prov\u00e1vel tratar-se de uma <a href=\"\/pt\/blog-sobre-implante-capilar\/queda-de-cabelo-difusa\/\">queda de cabelo difusa<\/a> e, nesse caso, vale a pena olhar para as <a href=\"\/pt\/blog-sobre-implante-capilar\/causas-queda-de-cabelo\/\">causas da queda de cabelo<\/a>.<\/p>\n\n\n\n<h3 class=\"wp-block-heading\">O papel da terapia medicamentosa de acompanhamento<\/h3>\n\n\n\n<p class=\"wp-block-paragraph\">Uma terapia medicamentosa de acompanhamento n\u00e3o se dirige ao shedding, mas \u00e0 continua\u00e7\u00e3o da perda do cabelo nativo. Num estudo aleatorizado e controlado por placebo com 79 homens, 94 por cento do grupo com finasterida apresentaram, ao fim de 48 semanas, um aumento vis\u00edvel do cabelo na zona frontal e superior da cabe\u00e7a, contra 67 por cento com placebo (Leavitt et al., Dermatologic Surgery 2005, PMID 16188178).<\/p>\n\n\n\n<p class=\"wp-block-paragraph\">Este estudo incidiu sobre o cabelo nativo em redor, n\u00e3o sobre os enxertos, e foi realizado apenas em homens. A norma de orienta\u00e7\u00e3o europeia S3 sobre a alopecia androgen\u00e9tica (Kanti et al. 2018) indica, para os homens, o minoxidil t\u00f3pico e a finasterida oral como op\u00e7\u00f5es padr\u00e3o. Ao suspender o tratamento, o efeito perde-se.<\/p>\n\n\n\n<p class=\"wp-block-paragraph\">Para as mulheres aplicam-se outras regras. A finasterida \u00e9 contraindicada em mulheres em idade f\u00e9rtil, a FDA classifica-a na categoria X de gravidez e deve evitar-se mesmo o contacto com comprimidos partidos. O minoxidil t\u00f3pico \u00e9 prescrito \u00e0s mulheres numa concentra\u00e7\u00e3o diferente da dos homens. Os pormenores est\u00e3o nos artigos sobre a <a href=\"\/pt\/blog-sobre-implante-capilar\/finasterida\/\">finasterida<\/a> e o <a href=\"\/pt\/blog-sobre-implante-capilar\/minoxidil-queda-de-cabelo\/\">minoxidil<\/a>; a sua utiliza\u00e7\u00e3o deve, em qualquer caso, ser acompanhada por um m\u00e9dico.<\/p>\n\n\n\n<h3 class=\"wp-block-heading\">\u00c9 preciso uma segunda sess\u00e3o?<\/h3>\n\n\n\n<p class=\"wp-block-paragraph\">N\u00e3o est\u00e1 documentado quantos pacientes precisam de uma segunda sess\u00e3o ao longo do tempo; faltam n\u00fameros para isso. A quest\u00e3o decide-se em dois pontos: qual a causa por tr\u00e1s da nova queda e se a reserva dadora na nuca chega para uma densifica\u00e7\u00e3o. Um enquadramento das op\u00e7\u00f5es \u00e9 dado pela compara\u00e7\u00e3o entre produtos para o crescimento do cabelo e transplante capilar.<\/p>\n\n\n\n<p class=\"wp-block-paragraph\">Shedding e shock loss n\u00e3o s\u00e3o, de todo, caso para uma nova interven\u00e7\u00e3o; precisam de tempo. A queda progressiva na \u00e1rea n\u00e3o tratada \u00e9 outra quest\u00e3o. Antes de uma densifica\u00e7\u00e3o fazer sentido, \u00e9 preciso avaliar a causa, o estado do couro cabeludo e a densidade, e \u00e9 exatamente esse o objetivo de uma an\u00e1lise capilar. Na Elithair \u00e9 gratuita e validada por m\u00e9dicos, e leva, em muitos casos, \u00e0 conclus\u00e3o de que, para j\u00e1, n\u00e3o se opera nada.<\/p>\n\n\n\n<div class=\"wp-block-buttons is-content-justification-center is-layout-flex wp-container-core-buttons-is-layout-fe48e5de wp-block-buttons-is-layout-flex\" style=\"justify-content:center;margin-bottom:48px\">\n\n<div class=\"wp-block-button\"><a class=\"wp-block-button__link wp-element-button\" style=\"background-color:#0079F1;color:#ffffff;border-radius:8px;padding:15px 36px;font-weight:700;font-size:17px\" href=\"\/pt\/analise-capilar\/\">Iniciar an\u00e1lise capilar gratuita<\/a><\/div>\n\n<\/div>\n\n\n\n<h2 class=\"wp-block-heading\" id=\"h-erfolgreiche-haartransplantationen-geduld-zahlt-sich-aus\">Transplantes capilares bem-sucedidos: a paci\u00eancia compensa<\/h2>\n\n\n\n<figure class=\"wp-block-image size-full\"><img decoding=\"async\" src=\"https:\/\/elithair.com\/pt\/wp-content\/uploads\/sites\/7\/2026\/08\/bestand_84870.png\" alt=\"Antes e depois de um transplante capilar Sapphire com 4.700 enxertos do paciente Frederic Gigers\" class=\"wp-image-89925\"\/><\/figure>\n\n\n\n<p class=\"wp-block-paragraph\">Um caso documentado do acompanhamento p\u00f3s-operat\u00f3rio mostra como a evolu\u00e7\u00e3o descrita se apresenta na pr\u00e1tica. N\u00e3o \u00e9 uma prova de efic\u00e1cia nem um progn\u00f3stico para outros pacientes, \u00e9 um exemplo do ponto da linha temporal em que costuma surgir a inseguran\u00e7a.<\/p>\n\n\n\n<p class=\"wp-block-paragraph\">No caso de Frederik G. caiu, nas semanas seguintes ao tratamento, uma parte significativa dos cabelos implantados, ou seja, exatamente o shedding da semana 2 \u00e0 8. O novo crescimento s\u00f3 come\u00e7ou ao fim de alguns meses, dentro dos 3 a 6 meses que a StatPearls descreve como per\u00edodo habitual.<\/p>\n\n\n\n<p class=\"wp-block-paragraph\">O caso ilustra o que a linha temporal determina: entre o shedding e o novo crescimento vis\u00edvel passam meses sem progresso. Quem conhece este intervalo avalia o ponto interm\u00e9dio de outra forma do que quem o toma pelo resultado.<\/p>\n\n\n\n<h3 class=\"wp-block-heading\"><strong>Resultados antes e depois: o caminho para um cabelo cheio<\/strong><\/h3>\n\n\n\n<figure class=\"wp-block-image size-full\"><img decoding=\"async\" src=\"https:\/\/elithair.com\/pt\/wp-content\/uploads\/sites\/7\/2026\/08\/bestand_97458.png\" alt=\"Uma imagem de antes e depois de um paciente ap\u00f3s um transplante capilar\" class=\"wp-image-89920\"\/><\/figure>\n\n\n\n<p class=\"wp-block-paragraph\"><a href=\"\/pt\/transplante-capilar-antes-e-depois\/\">Os resultados antes e depois<\/a> s\u00f3 s\u00e3o \u00fateis para o enquadramento pessoal se vierem acompanhados do momento em que foram tirados. Uma imagem do m\u00eas 6 e uma imagem do m\u00eas 14 mostram fases diferentes do mesmo processo, e n\u00e3o qualidades de resultado diferentes. Por isso, nas imagens comparativas, repare sempre na indica\u00e7\u00e3o do m\u00eas, na luz e no comprimento do cabelo.<\/p>\n\n\n\n<p class=\"wp-block-paragraph\">Os resultados s\u00e3o individuais, porque a densidade inicial, a superf\u00edcie e a estrutura do cabelo s\u00e3o diferentes. O que se pode influenciar \u00e9 a forma de lidar com o tempo de espera: documentar em vez de contar todos os dias, cumprir os cuidados p\u00f3s-operat\u00f3rios e contactar a cl\u00ednica perante altera\u00e7\u00f5es.<\/p>\n\n\n\n<h2 class=\"wp-block-heading\">Perguntas frequentes sobre shock loss e queda de cabelo ap\u00f3s o transplante capilar<\/h2>\n\n\n\n<div style=\"border:1px solid #e3e8ef;border-radius:10px;padding:16px;margin-bottom:12px\">\n<p style=\"margin:0 0 6px;color:#013366;font-weight:600;font-size:16px;line-height:1.45\">O shock loss ap\u00f3s um transplante capilar \u00e9 permanente?<\/p>\n<p style=\"margin:0;color:#2e3033;font-size:15px;line-height:1.6\">Regra geral, n\u00e3o. No shedding a raiz permanece no couro cabeludo e um shock loss do cabelo nativo regride, pela experi\u00eancia cl\u00ednica, ao longo de meses. A aus\u00eancia definitiva de crescimento \u00e9 a exce\u00e7\u00e3o e deve ser avaliada por um m\u00e9dico, o mais tardar ao fim de doze meses.<\/p>\n<\/div>\n<div style=\"border:1px solid #e3e8ef;border-radius:10px;padding:16px;margin-bottom:12px\">\n<p style=\"margin:0 0 6px;color:#013366;font-weight:600;font-size:16px;line-height:1.45\">Caem todos os cabelos transplantados?<\/p>\n<p style=\"margin:0;color:#2e3033;font-size:15px;line-height:1.6\">Na maioria dos pacientes cai a haste vis\u00edvel dos cabelos implantados entre a semana 2 e a 8. A literatura cient\u00edfica n\u00e3o indica uma percentagem s\u00f3lida para isso. A raiz permanece no seu novo lugar e o novo crescimento come\u00e7a, na maioria dos casos, ao fim de tr\u00eas a seis meses.<\/p>\n<\/div>\n<div style=\"border:1px solid #e3e8ef;border-radius:10px;padding:16px;margin-bottom:12px\">\n<p style=\"margin:0 0 6px;color:#013366;font-weight:600;font-size:16px;line-height:1.45\">O shock loss \u00e9 sinal de um erro na opera\u00e7\u00e3o?<\/p>\n<p style=\"margin:0;color:#2e3033;font-size:15px;line-height:1.6\">Regra geral, n\u00e3o. O shedding faz parte da cicatriza\u00e7\u00e3o e n\u00e3o existem dados comparativos s\u00f3lidos sobre uma rela\u00e7\u00e3o entre a t\u00e9cnica ou a dimens\u00e3o da sess\u00e3o e a frequ\u00eancia do shock loss. O \u00fanico fator de risco documentado at\u00e9 hoje \u00e9 o sexo (Okochi et al. 2024).<\/p>\n<\/div>\n<div style=\"border:1px solid #e3e8ef;border-radius:10px;padding:16px;margin-bottom:12px\">\n<p style=\"margin:0 0 6px;color:#013366;font-weight:600;font-size:16px;line-height:1.45\">Aos 6 meses ainda se veem falhas, \u00e9 normal?<\/p>\n<p style=\"margin:0;color:#2e3033;font-size:15px;line-height:1.6\">Sim. Seis meses s\u00e3o um ponto interm\u00e9dio, n\u00e3o o resultado final. Os fol\u00edculos n\u00e3o arrancam ao mesmo tempo e os cabelos novos s\u00e3o inicialmente finos e claros. O resultado amadurece, regra geral, at\u00e9 ao m\u00eas 12 e, no topo da cabe\u00e7a, por vezes at\u00e9 aos meses 15 a 18.<\/p>\n<\/div>\n<div style=\"border:1px solid #e3e8ef;border-radius:10px;padding:16px;margin-bottom:12px\">\n<p style=\"margin:0 0 6px;color:#013366;font-weight:600;font-size:16px;line-height:1.45\">A zona dadora volta a crescer depois de um shock loss?<\/p>\n<p style=\"margin:0;color:#2e3033;font-size:15px;line-height:1.6\">Segundo as s\u00e9ries de casos dispon\u00edveis, um efl\u00favio na zona dadora regride espontaneamente em 3 a 6 meses. Se a zona continuar uniformemente mais rala ao fim de seis meses, pode tratar-se de uma rarefa\u00e7\u00e3o permanente por extra\u00e7\u00e3o excessiva e deve ser avaliada.<\/p>\n<\/div>\n<div style=\"border:1px solid #e3e8ef;border-radius:10px;padding:16px;margin-bottom:12px\">\n<p style=\"margin:0 0 6px;color:#013366;font-weight:600;font-size:16px;line-height:1.45\">Porque \u00e9 que as mulheres s\u00e3o mais afetadas pelo shock loss?<\/p>\n<p style=\"margin:0;color:#2e3033;font-size:15px;line-height:1.6\">Na an\u00e1lise de Okochi et al. (2024), o sexo foi o \u00fanico fator de risco significativo: cerca de 21 por cento nas mulheres, contra cerca de 1,6 por cento nos homens, com uma odds ratio de 30,18. A raz\u00e3o n\u00e3o est\u00e1 esclarecida; discutem-se um cabelo existente mais denso e mais cabelos afinados na \u00e1rea-alvo.<\/p>\n<\/div>\n<div style=\"border:1px solid #e3e8ef;border-radius:10px;padding:16px;margin-bottom:12px\">\n<p style=\"margin:0 0 6px;color:#013366;font-weight:600;font-size:16px;line-height:1.45\">Posso prevenir o shock loss?<\/p>\n<p style=\"margin:0;color:#2e3033;font-size:15px;line-height:1.6\">S\u00f3 at\u00e9 certo ponto, porque o est\u00edmulo sobre o couro cabeludo faz parte da interven\u00e7\u00e3o. Fazem sentido uma consulta m\u00e9dica pr\u00e9via com avalia\u00e7\u00e3o da miniaturiza\u00e7\u00e3o, uma densidade planeada de forma realista e a documenta\u00e7\u00e3o do ponto de partida. Em caso de miniaturiza\u00e7\u00e3o acentuada, a StatPearls recomenda uma estabiliza\u00e7\u00e3o medicamentosa pr\u00e9via.<\/p>\n<\/div>\n<div style=\"border:1px solid #e3e8ef;border-radius:10px;padding:16px;margin-bottom:12px\">\n<p style=\"margin:0 0 6px;color:#013366;font-weight:600;font-size:16px;line-height:1.45\">O minoxidil ajuda contra a queda de cabelo ap\u00f3s o transplante?<\/p>\n<p style=\"margin:0;color:#2e3033;font-size:15px;line-height:1.6\">O minoxidil atua sobre o cabelo nativo, n\u00e3o sobre o shedding dos enxertos. N\u00e3o est\u00e1 comprovado um benef\u00edcio contra o shock loss. A sua utiliza\u00e7\u00e3o ap\u00f3s um transplante \u00e9 uma decis\u00e3o m\u00e9dica, at\u00e9 porque \u00e0s mulheres \u00e9 prescrita uma concentra\u00e7\u00e3o diferente da dos homens.<\/p>\n<\/div>\n<div style=\"border:1px solid #e3e8ef;border-radius:10px;padding:16px;margin-bottom:12px\">\n<p style=\"margin:0 0 6px;color:#013366;font-weight:600;font-size:16px;line-height:1.45\">Porque voltam a cair cabelos dois anos ap\u00f3s o transplante capilar?<\/p>\n<p style=\"margin:0;color:#2e3033;font-size:15px;line-height:1.6\">Na maioria dos casos est\u00e1 por tr\u00e1s a alopecia androgen\u00e9tica a progredir na \u00e1rea n\u00e3o transplantada. Os fol\u00edculos transplantados s\u00e3o bastante menos sens\u00edveis \u00e0 DHT e permanecem, regra geral, de forma duradoura; o cabelo nativo em redor continua sens\u00edvel e pode continuar a miniaturizar.<\/p>\n<\/div>\n<div style=\"border:1px solid #e3e8ef;border-radius:10px;padding:16px;margin-bottom:12px\">\n<p style=\"margin:0 0 6px;color:#013366;font-weight:600;font-size:16px;line-height:1.45\">O que acontece se ao fim de 12 meses n\u00e3o tiver crescido cabelo?<\/p>\n<p style=\"margin:0;color:#2e3033;font-size:15px;line-height:1.6\">Nesse caso est\u00e1 indicada uma avalia\u00e7\u00e3o m\u00e9dica. S\u00e3o verificadas a densidade em compara\u00e7\u00e3o com a documenta\u00e7\u00e3o inicial, sinais de inflama\u00e7\u00e3o e o estado do cabelo nativo. Doze meses s\u00e3o o momento de avalia\u00e7\u00e3o estabelecido; antes disso n\u00e3o \u00e9 poss\u00edvel avaliar um resultado de forma definitiva.<\/p>\n<\/div>\n<div style=\"border:1px solid #e3e8ef;border-radius:10px;padding:16px;margin-bottom:12px\">\n<p style=\"margin:0 0 6px;color:#013366;font-weight:600;font-size:16px;line-height:1.45\">Arranquei um enxerto ao lavar ou \u00e9 queda normal?<\/p>\n<p style=\"margin:0;color:#2e3033;font-size:15px;line-height:1.6\">Uma haste capilar simples, com um pequeno espessamento esbranqui\u00e7ado na ponta e sem sangramento, indica shedding. A perda mec\u00e2nica de um enxerto s\u00f3 \u00e9 praticamente poss\u00edvel nos primeiros dias: a partir de cerca do dia 10 a 14 os enxertos est\u00e3o firmes (Bernstein e Rassman 2006, NHS).<\/p>\n<\/div>\n<div style=\"border:1px solid #e3e8ef;border-radius:10px;padding:16px;margin-bottom:12px\">\n<p style=\"margin:0 0 6px;color:#013366;font-weight:600;font-size:16px;line-height:1.45\">Tenho borbulhas onde est\u00e3o a crescer os cabelos novos. \u00c9 grave?<\/p>\n<p style=\"margin:0;color:#2e3033;font-size:15px;line-height:1.6\">Na maioria dos casos, n\u00e3o. Surgem p\u00fastulas isoladas quando os cabelos novos rompem a pele. Um estudo multic\u00eantrico com 1.317 pacientes encontrou 12,11 por cento de foliculite ap\u00f3s transplante capilar (PMID 37904273). Inflama\u00e7\u00f5es extensas, purulentas ou dolorosas devem ser avaliadas por um m\u00e9dico.<\/p>\n<\/div>\n\n\n\n<h2 class=\"wp-block-heading\" id=\"h-fazit-ein-naturlicher-prozess\">Conclus\u00e3o: um processo natural<\/h2>\n\n\n\n<p class=\"wp-block-paragraph\">A queda de cabelo ap\u00f3s um transplante de cabelo pr\u00f3prio \u00e9, na maioria dos casos, uma parte normal do processo de cicatriza\u00e7\u00e3o. H\u00e1 dois processos a separar: o shedding dos cabelos transplantados, em que a raiz permanece, e o raro shock loss verdadeiro do cabelo nativo em redor, que regride, pela experi\u00eancia cl\u00ednica, ao longo de meses.<\/p>\n\n\n\n<p class=\"wp-block-paragraph\">Tr\u00eas n\u00fameros sustentam o enquadramento: novo crescimento, regra geral, ao fim de 3 a 6 meses (StatPearls), resultado completo ao fim de 10 a 18 meses (NHS) e verdadeiro shock loss do cabelo nativo em 3,7 por cento de 621 pacientes, bastante mais frequente nas mulheres (Okochi et al. 2024, n\u00edvel de evid\u00eancia IV). Tudo o que cabe neste quadro \u00e9 uma evolu\u00e7\u00e3o normal e n\u00e3o um achado preocupante.<\/p>\n\n\n\n<p class=\"wp-block-paragraph\">Fora deste quadro vale o contr\u00e1rio: aus\u00eancia de crescimento a partir do m\u00eas 6, queda crescente para al\u00e9m da \u00e1rea, inflama\u00e7\u00f5es purulentas ou dores persistentes devem ser avaliados por um m\u00e9dico, na cl\u00ednica que fez o tratamento ou num consult\u00f3rio de dermatologia. A consulta de seguimento \u00e9, na <a href=\"\/pt\/os-nossos-medicos\/\">Elithair<\/a> parte fixa do acompanhamento, pelo que colocar uma quest\u00e3o est\u00e1 expressamente previsto e n\u00e3o \u00e9 um caso especial.<\/p>\n\n\n<div class=\"wp-block-image\">\n<figure class=\"aligncenter size-large is-resized\" style=\"max-width:720px;margin-left:auto;margin-right:auto\"><img decoding=\"async\" src=\"https:\/\/elithair.com\/pt\/wp-content\/uploads\/sites\/7\/2026\/08\/verlauf_ruhig_abschluss.png\" alt=\"Homem de cabelo curto, tranquilo \u00e0 luz do fim de tarde, a olhar ao longe\" class=\"wp-image-89919\" style=\"width:720px;max-width:100%;height:auto\"\/><\/figure>\n<\/div>\n\n\n<h2 class=\"wp-block-heading\">Fontes e nota m\u00e9dica<\/h2>\n\n\n\n<div style=\"border:1px solid #dbe4f0;border-radius:12px;padding:18px;margin:28px 0\">\n<p style=\"margin:0 0 12px;color:#013366;font-weight:700;font-size:16px\">Fontes utilizadas (atualiza\u00e7\u00e3o: agosto de 2026)<\/p>\n<ol style=\"margin:0;padding:0 0 0 20px;color:#2e3033;font-size:14px;line-height:1.65\">\n<li style=\"margin-bottom:8px\">Okochi H., Onda M., Momosawa A., Okochi M.: <em>An Analysis of Risk Factors of Recipient Site Temporary Effluvium After Follicular Unit Excision.<\/em> Aesthetic Plastic Surgery 2024;48(7):1258\u20131263. PMID 37816944. <a href=\"https:\/\/pubmed.ncbi.nlm.nih.gov\/37816944\/\" target=\"_blank\" rel=\"noopener\">PubMed<\/a><\/li>\n<li style=\"margin-bottom:8px\">Goldin J., Zito P.M., Raggio B.S.: <em>Hair Transplantation.<\/em> StatPearls, NCBI Bookshelf NBK547740, atualiza\u00e7\u00e3o cont\u00ednua. <a href=\"https:\/\/www.ncbi.nlm.nih.gov\/books\/NBK547740\/\" target=\"_blank\" rel=\"noopener\">NCBI<\/a><\/li>\n<li style=\"margin-bottom:8px\">Romera de Blas C., Vega D\u00edez D., Ricart Vay\u00e1 J.M., G\u00f3mez Zubiaur A.: <em>Complications in follicular unit excision hair transplantation.<\/em> Frontiers in Medicine 2026. <a href=\"https:\/\/pmc.ncbi.nlm.nih.gov\/articles\/PMC12909172\/\" target=\"_blank\" rel=\"noopener\">PMC12909172<\/a><\/li>\n<li style=\"margin-bottom:8px\">Bernstein R.M., Rassman W.R.: <em>Graft Anchoring in Hair Transplantation.<\/em> Dermatologic Surgery 2006;32(2):198\u2013204. PMID 16442039. <a href=\"https:\/\/pubmed.ncbi.nlm.nih.gov\/16442039\/\" target=\"_blank\" rel=\"noopener\">PubMed<\/a><\/li>\n<li style=\"margin-bottom:8px\"><em>Characterization and Risk Factors of Folliculitis after Hair Transplantation: A Multicenter Retrospective Study.<\/em> Plastic and Reconstructive Surgery 2024;154(6):1115e\u20131122e. PMID 37904273. <a href=\"https:\/\/pubmed.ncbi.nlm.nih.gov\/37904273\/\" target=\"_blank\" rel=\"noopener\">PubMed<\/a><\/li>\n<li style=\"margin-bottom:8px\">Leavitt M., David P.M., Rao N.A., Barusco M., Kaufman K.D., Ziering C.: <em>Effects of Finasteride (1 mg) on Hair Transplant.<\/em> Dermatologic Surgery 2005;31(10):1268\u20131276. PMID 16188178. <a href=\"https:\/\/pubmed.ncbi.nlm.nih.gov\/16188178\/\" target=\"_blank\" rel=\"noopener\">PubMed<\/a><\/li>\n<li style=\"margin-bottom:8px\">Kanti V., Messenger A., Dobos G. et al.: <em>Evidence-based (S3) guideline for the treatment of androgenetic alopecia in women and in men.<\/em> Journal of the European Academy of Dermatology and Venereology 2018;32(1):11\u201322. <a href=\"https:\/\/onlinelibrary.wiley.com\/doi\/10.1111\/jdv.14624\" target=\"_blank\" rel=\"noopener\">JEADV<\/a><\/li>\n<li style=\"margin-bottom:8px\">G\u00f3mez-Zubiaur A. et al.: <em>Localized telogen effluvium of the donor area after hair transplant surgery in 12 patients.<\/em> Dermatologic Surgery 2021;47:1023\u20131024. E ainda Kerure A.S. et al., Journal of Cutaneous and Aesthetic Surgery 2020;13:31\u201334.<\/li>\n<li style=\"margin-bottom:8px\">NHS: <em>Hair transplant.<\/em> <a href=\"https:\/\/www.nhs.uk\/tests-and-treatments\/cosmetic-procedures\/cosmetic-surgery\/hair-transplant\/\" target=\"_blank\" rel=\"noopener\">nhs.uk<\/a><\/li>\n<li style=\"margin-bottom:0\">FDA: <em>PROPECIA (finasteride) Tablets<\/em>, informa\u00e7\u00e3o do medicamento. <a href=\"https:\/\/www.accessdata.fda.gov\/drugsatfda_docs\/label\/2022\/020788s030lbl.pdf\" target=\"_blank\" rel=\"noopener\">accessdata.fda.gov<\/a><\/li>\n<\/ol>\n<p style=\"margin:14px 0 0;color:#6b7280;font-size:13px;line-height:1.55\">Este artigo destina-se a informar e n\u00e3o substitui aconselhamento, diagn\u00f3stico ou tratamento m\u00e9dico. Em caso de queixas ou d\u00favidas durante a cicatriza\u00e7\u00e3o, contacte a cl\u00ednica que fez o tratamento ou um m\u00e9dico especialista em dermatologia. Atualiza\u00e7\u00e3o: agosto de 2026.<\/p>\n<\/div>\n\n\n\n<script type=\"application\/ld+json\">\n{\"@context\":\"https:\/\/schema.org\",\"@type\":\"FAQPage\",\"mainEntity\":[{\"@type\":\"Question\",\"name\":\"O shock loss ap\u00f3s um transplante capilar \u00e9 permanente?\",\"acceptedAnswer\":{\"@type\":\"Answer\",\"text\":\"Regra geral, n\u00e3o. No shedding a raiz permanece no couro cabeludo e um shock loss do cabelo nativo regride, pela experi\u00eancia cl\u00ednica, ao longo de meses. A aus\u00eancia definitiva de crescimento \u00e9 a exce\u00e7\u00e3o e deve ser avaliada por um m\u00e9dico, o mais tardar ao fim de doze meses.\"}},{\"@type\":\"Question\",\"name\":\"Caem todos os cabelos transplantados?\",\"acceptedAnswer\":{\"@type\":\"Answer\",\"text\":\"Na maioria dos pacientes cai a haste vis\u00edvel dos cabelos implantados entre a semana 2 e a 8. A literatura cient\u00edfica n\u00e3o indica uma percentagem s\u00f3lida para isso. A raiz permanece no seu novo lugar e o novo crescimento come\u00e7a, na maioria dos casos, ao fim de tr\u00eas a seis meses.\"}},{\"@type\":\"Question\",\"name\":\"O shock loss \u00e9 sinal de um erro na opera\u00e7\u00e3o?\",\"acceptedAnswer\":{\"@type\":\"Answer\",\"text\":\"Regra geral, n\u00e3o. O shedding faz parte da cicatriza\u00e7\u00e3o e n\u00e3o existem dados comparativos s\u00f3lidos sobre uma rela\u00e7\u00e3o entre a t\u00e9cnica ou a dimens\u00e3o da sess\u00e3o e a frequ\u00eancia do shock loss. O \u00fanico fator de risco documentado at\u00e9 hoje \u00e9 o sexo (Okochi et al. 2024).\"}},{\"@type\":\"Question\",\"name\":\"Aos 6 meses ainda se veem falhas, \u00e9 normal?\",\"acceptedAnswer\":{\"@type\":\"Answer\",\"text\":\"Sim. Seis meses s\u00e3o um ponto interm\u00e9dio, n\u00e3o o resultado final. Os fol\u00edculos n\u00e3o arrancam ao mesmo tempo e os cabelos novos s\u00e3o inicialmente finos e claros. O resultado amadurece, regra geral, at\u00e9 ao m\u00eas 12 e, no topo da cabe\u00e7a, por vezes at\u00e9 aos meses 15 a 18.\"}},{\"@type\":\"Question\",\"name\":\"A zona dadora volta a crescer depois de um shock loss?\",\"acceptedAnswer\":{\"@type\":\"Answer\",\"text\":\"Segundo as s\u00e9ries de casos dispon\u00edveis, um efl\u00favio na zona dadora regride espontaneamente em 3 a 6 meses. Se a zona continuar uniformemente mais rala ao fim de seis meses, pode tratar-se de uma rarefa\u00e7\u00e3o permanente por extra\u00e7\u00e3o excessiva e deve ser avaliada.\"}},{\"@type\":\"Question\",\"name\":\"Porque \u00e9 que as mulheres s\u00e3o mais afetadas pelo shock loss?\",\"acceptedAnswer\":{\"@type\":\"Answer\",\"text\":\"Na an\u00e1lise de Okochi et al. (2024), o sexo foi o \u00fanico fator de risco significativo: cerca de 21 por cento nas mulheres, contra cerca de 1,6 por cento nos homens, com uma odds ratio de 30,18. A raz\u00e3o n\u00e3o est\u00e1 esclarecida; discutem-se um cabelo existente mais denso e mais cabelos afinados na \u00e1rea-alvo.\"}},{\"@type\":\"Question\",\"name\":\"Posso prevenir o shock loss?\",\"acceptedAnswer\":{\"@type\":\"Answer\",\"text\":\"S\u00f3 at\u00e9 certo ponto, porque o est\u00edmulo sobre o couro cabeludo faz parte da interven\u00e7\u00e3o. Fazem sentido uma consulta m\u00e9dica pr\u00e9via com avalia\u00e7\u00e3o da miniaturiza\u00e7\u00e3o, uma densidade planeada de forma realista e a documenta\u00e7\u00e3o do ponto de partida. Em caso de miniaturiza\u00e7\u00e3o acentuada, a StatPearls recomenda uma estabiliza\u00e7\u00e3o medicamentosa pr\u00e9via.\"}},{\"@type\":\"Question\",\"name\":\"O minoxidil ajuda contra a queda de cabelo ap\u00f3s o transplante?\",\"acceptedAnswer\":{\"@type\":\"Answer\",\"text\":\"O minoxidil atua sobre o cabelo nativo, n\u00e3o sobre o shedding dos enxertos. N\u00e3o est\u00e1 comprovado um benef\u00edcio contra o shock loss. A sua utiliza\u00e7\u00e3o ap\u00f3s um transplante \u00e9 uma decis\u00e3o m\u00e9dica, at\u00e9 porque \u00e0s mulheres \u00e9 prescrita uma concentra\u00e7\u00e3o diferente da dos homens.\"}},{\"@type\":\"Question\",\"name\":\"Porque voltam a cair cabelos dois anos ap\u00f3s o transplante capilar?\",\"acceptedAnswer\":{\"@type\":\"Answer\",\"text\":\"Na maioria dos casos est\u00e1 por tr\u00e1s a alopecia androgen\u00e9tica a progredir na \u00e1rea n\u00e3o transplantada. Os fol\u00edculos transplantados s\u00e3o bastante menos sens\u00edveis \u00e0 DHT e permanecem, regra geral, de forma duradoura; o cabelo nativo em redor continua sens\u00edvel e pode continuar a miniaturizar.\"}},{\"@type\":\"Question\",\"name\":\"O que acontece se ao fim de 12 meses n\u00e3o tiver crescido cabelo?\",\"acceptedAnswer\":{\"@type\":\"Answer\",\"text\":\"Nesse caso est\u00e1 indicada uma avalia\u00e7\u00e3o m\u00e9dica. S\u00e3o verificadas a densidade em compara\u00e7\u00e3o com a documenta\u00e7\u00e3o inicial, sinais de inflama\u00e7\u00e3o e o estado do cabelo nativo. Doze meses s\u00e3o o momento de avalia\u00e7\u00e3o estabelecido; antes disso n\u00e3o \u00e9 poss\u00edvel avaliar um resultado de forma definitiva.\"}},{\"@type\":\"Question\",\"name\":\"Arranquei um enxerto ao lavar ou \u00e9 queda normal?\",\"acceptedAnswer\":{\"@type\":\"Answer\",\"text\":\"Uma haste capilar simples, com um pequeno espessamento esbranqui\u00e7ado na ponta e sem sangramento, indica shedding. A perda mec\u00e2nica de um enxerto s\u00f3 \u00e9 praticamente poss\u00edvel nos primeiros dias: a partir de cerca do dia 10 a 14 os enxertos est\u00e3o firmes (Bernstein e Rassman 2006, NHS).\"}},{\"@type\":\"Question\",\"name\":\"Tenho borbulhas onde est\u00e3o a crescer os cabelos novos. \u00c9 grave?\",\"acceptedAnswer\":{\"@type\":\"Answer\",\"text\":\"Na maioria dos casos, n\u00e3o. Surgem p\u00fastulas isoladas quando os cabelos novos rompem a pele. Um estudo multic\u00eantrico com 1.317 pacientes encontrou 12,11 por cento de foliculite ap\u00f3s transplante capilar (PMID 37904273). Inflama\u00e7\u00f5es extensas, purulentas ou dolorosas devem ser avaliadas por um m\u00e9dico.\"}}]}\n<\/script>\n\n","protected":false},"excerpt":{"rendered":"<p>Quando caem cabelos depois de um transplante capilar, est\u00e3o quase sempre em causa duas coisas diferentes. No shedding, o enxerto liberta a haste capilar vis\u00edvel, mas a raiz permanece no couro cabeludo e, ao fim de alguns meses, faz nascer um novo cabelo. J\u00e1 o verdadeiro shock loss ap\u00f3s o transplante capilar afeta o cabelo [&hellip;]<\/p>\n","protected":false},"author":10,"featured_media":89719,"comment_status":"closed","ping_status":"closed","sticky":false,"template":"","format":"standard","meta":{"_acf_changed":false,"_yoast_wpseo_meta-robots-noindex":"","_yoast_wpseo_meta-robots-nofollow":"","_yoast_wpseo_meta-robots-adv":"","_yoast_wpseo_canonical":"https:\/\/elithair.com\/pt\/blog-sobre-implante-capilar\/shock-loss-transplante-capilar\/","_yoast_wpseo_opengraph-title":"","_yoast_wpseo_opengraph-description":"","_yoast_wpseo_opengraph-image":"","_yoast_wpseo_twitter-title":"","_yoast_wpseo_twitter-description":"","_yoast_wpseo_twitter-image":"","_hm_hreflang_map":{"ar":23073,"de":46764,"en":96954,"es":31126,"fr":85469,"it":18539,"pt":89714,"tr":80913,"uk":90122,"x_default":96954},"_hm_language_code":"pt","footnotes":""},"categories":[9],"tags":[],"class_list":["post-89714","post","type-post","status-publish","format-standard","has-post-thumbnail","hentry","category-queda-de-cabelo-blog"],"acf":[],"yoast_head":"<!-- This site is optimized with the Yoast SEO Premium plugin v28.3 (Yoast SEO v28.3) - https:\/\/yoast.com\/product\/yoast-seo-premium-wordpress\/ -->\n<title>Shock loss ap\u00f3s transplante capilar: porque caem os cabelos e quando voltam a crescer<\/title>\n<meta name=\"description\" content=\"Shock loss ap\u00f3s transplante capilar: \u00e9 shedding ou queda a s\u00e9rio? Frequ\u00eancia segundo os estudos, cronologia m\u00eas a m\u00eas e quando o cabelo volta a crescer.\" \/>\n<meta name=\"robots\" content=\"index, follow, max-snippet:-1, max-image-preview:large, max-video-preview:-1\" \/>\n<link rel=\"canonical\" href=\"https:\/\/elithair.com\/pt\/blog-sobre-implante-capilar\/shock-loss-transplante-capilar\/\" \/>\n<meta property=\"og:locale\" content=\"pt_PT\" \/>\n<meta property=\"og:type\" content=\"article\" \/>\n<meta property=\"og:title\" content=\"Queda de cabelo ap\u00f3s transplante capilar: shock loss, shedding e a evolu\u00e7\u00e3o at\u00e9 ao resultado final\" \/>\n<meta property=\"og:description\" content=\"Shock loss ap\u00f3s transplante capilar: \u00e9 shedding ou queda a s\u00e9rio? Frequ\u00eancia segundo os estudos, cronologia m\u00eas a m\u00eas e quando o cabelo volta a crescer.\" \/>\n<meta property=\"og:url\" content=\"https:\/\/elithair.com\/pt\/blog-sobre-implante-capilar\/shock-loss-transplante-capilar\/\" \/>\n<meta property=\"og:site_name\" content=\"Elithair\" \/>\n<meta property=\"article:publisher\" content=\"https:\/\/www.facebook.com\/Dr.Abdulaziz.Balwi.Hair.Transplant\" \/>\n<meta property=\"article:published_time\" content=\"2026-08-28T17:04:09+00:00\" \/>\n<meta property=\"og:image\" content=\"https:\/\/elithair.com\/pt\/wp-content\/uploads\/sites\/7\/2026\/08\/shedding_vs_shockloss_schema.png\" \/>\n<meta name=\"author\" content=\"Dr. Imad Moustafa\" \/>\n<meta name=\"twitter:card\" content=\"summary_large_image\" \/>\n<meta name=\"twitter:label1\" content=\"Escrito por\" \/>\n\t<meta name=\"twitter:data1\" content=\"Dr. Imad Moustafa\" \/>\n\t<meta name=\"twitter:label2\" content=\"Tempo estimado de leitura\" \/>\n\t<meta name=\"twitter:data2\" content=\"42 minutos\" \/>\n<script type=\"application\/ld+json\" class=\"yoast-schema-graph\">{\"@context\":\"https:\\\/\\\/schema.org\",\"@graph\":[{\"@type\":\"Article\",\"@id\":\"https:\\\/\\\/elithair.com\\\/pt\\\/blog-sobre-implante-capilar\\\/shock-loss-transplante-capilar\\\/#article\",\"isPartOf\":{\"@id\":\"https:\\\/\\\/elithair.com\\\/pt\\\/blog-sobre-implante-capilar\\\/shock-loss-transplante-capilar\\\/\"},\"author\":{\"name\":\"Dr. Imad Moustafa\",\"@id\":\"https:\\\/\\\/elithair.com\\\/pt\\\/#\\\/schema\\\/person\\\/11ce37e83a6343e4c37edcd4b5498e41\"},\"headline\":\"Queda de cabelo ap\u00f3s transplante capilar: shock loss, shedding e a evolu\u00e7\u00e3o at\u00e9 ao resultado final\",\"datePublished\":\"2026-08-28T17:04:09+00:00\",\"mainEntityOfPage\":{\"@id\":\"https:\\\/\\\/elithair.com\\\/pt\\\/blog-sobre-implante-capilar\\\/shock-loss-transplante-capilar\\\/\"},\"wordCount\":8451,\"publisher\":{\"@id\":\"https:\\\/\\\/elithair.com\\\/pt\\\/#organization\"},\"image\":{\"@id\":\"https:\\\/\\\/elithair.com\\\/pt\\\/blog-sobre-implante-capilar\\\/shock-loss-transplante-capilar\\\/#primaryimage\"},\"thumbnailUrl\":\"https:\\\/\\\/elithair.com\\\/pt\\\/wp-content\\\/uploads\\\/sites\\\/7\\\/2026\\\/08\\\/hero-6.png\",\"articleSection\":[\"Queda de Cabelo\"],\"inLanguage\":\"pt-PT\"},{\"@type\":\"WebPage\",\"@id\":\"https:\\\/\\\/elithair.com\\\/pt\\\/blog-sobre-implante-capilar\\\/shock-loss-transplante-capilar\\\/\",\"url\":\"https:\\\/\\\/elithair.com\\\/pt\\\/blog-sobre-implante-capilar\\\/shock-loss-transplante-capilar\\\/\",\"name\":\"Shock loss ap\u00f3s transplante capilar: porque caem os cabelos e quando voltam a crescer\",\"isPartOf\":{\"@id\":\"https:\\\/\\\/elithair.com\\\/pt\\\/#website\"},\"primaryImageOfPage\":{\"@id\":\"https:\\\/\\\/elithair.com\\\/pt\\\/blog-sobre-implante-capilar\\\/shock-loss-transplante-capilar\\\/#primaryimage\"},\"image\":{\"@id\":\"https:\\\/\\\/elithair.com\\\/pt\\\/blog-sobre-implante-capilar\\\/shock-loss-transplante-capilar\\\/#primaryimage\"},\"thumbnailUrl\":\"https:\\\/\\\/elithair.com\\\/pt\\\/wp-content\\\/uploads\\\/sites\\\/7\\\/2026\\\/08\\\/hero-6.png\",\"datePublished\":\"2026-08-28T17:04:09+00:00\",\"description\":\"Shock loss ap\u00f3s transplante capilar: \u00e9 shedding ou queda a s\u00e9rio? Frequ\u00eancia segundo os estudos, cronologia m\u00eas a m\u00eas e quando o cabelo volta a crescer.\",\"breadcrumb\":{\"@id\":\"https:\\\/\\\/elithair.com\\\/pt\\\/blog-sobre-implante-capilar\\\/shock-loss-transplante-capilar\\\/#breadcrumb\"},\"inLanguage\":\"pt-PT\",\"potentialAction\":[{\"@type\":\"ReadAction\",\"target\":[\"https:\\\/\\\/elithair.com\\\/pt\\\/blog-sobre-implante-capilar\\\/shock-loss-transplante-capilar\\\/\"]}]},{\"@type\":\"ImageObject\",\"inLanguage\":\"pt-PT\",\"@id\":\"https:\\\/\\\/elithair.com\\\/pt\\\/blog-sobre-implante-capilar\\\/shock-loss-transplante-capilar\\\/#primaryimage\",\"url\":\"https:\\\/\\\/elithair.com\\\/pt\\\/wp-content\\\/uploads\\\/sites\\\/7\\\/2026\\\/08\\\/hero-6.png\",\"contentUrl\":\"https:\\\/\\\/elithair.com\\\/pt\\\/wp-content\\\/uploads\\\/sites\\\/7\\\/2026\\\/08\\\/hero-6.png\",\"width\":1536,\"height\":1024,\"caption\":\"Mann mit kurzen Haaren betrachtet im Spiegel seine Haarlinie einige Wochen nach der Haartransplantation\"},{\"@type\":\"BreadcrumbList\",\"@id\":\"https:\\\/\\\/elithair.com\\\/pt\\\/blog-sobre-implante-capilar\\\/shock-loss-transplante-capilar\\\/#breadcrumb\",\"itemListElement\":[{\"@type\":\"ListItem\",\"position\":1,\"name\":\"Home\",\"item\":\"https:\\\/\\\/elithair.com\\\/pt\\\/\"},{\"@type\":\"ListItem\",\"position\":2,\"name\":\"Queda de cabelo ap\u00f3s transplante capilar: shock loss, shedding e a evolu\u00e7\u00e3o at\u00e9 ao resultado final\"}]},{\"@type\":\"WebSite\",\"@id\":\"https:\\\/\\\/elithair.com\\\/pt\\\/#website\",\"url\":\"https:\\\/\\\/elithair.com\\\/pt\\\/\",\"name\":\"Elithair\",\"description\":\"\",\"publisher\":{\"@id\":\"https:\\\/\\\/elithair.com\\\/pt\\\/#organization\"},\"alternateName\":\"a melhor cl\u00ednica de transplante capilar na Turquia\",\"potentialAction\":[{\"@type\":\"SearchAction\",\"target\":{\"@type\":\"EntryPoint\",\"urlTemplate\":\"https:\\\/\\\/elithair.com\\\/pt\\\/?s={search_term_string}\"},\"query-input\":{\"@type\":\"PropertyValueSpecification\",\"valueRequired\":true,\"valueName\":\"search_term_string\"}}],\"inLanguage\":\"pt-PT\"},{\"@type\":\"Organization\",\"@id\":\"https:\\\/\\\/elithair.com\\\/pt\\\/#organization\",\"name\":\"Elithair\",\"url\":\"https:\\\/\\\/elithair.com\\\/pt\\\/\",\"logo\":{\"@type\":\"ImageObject\",\"inLanguage\":\"pt-PT\",\"@id\":\"https:\\\/\\\/elithair.com\\\/pt\\\/#\\\/schema\\\/logo\\\/image\\\/\",\"url\":\"https:\\\/\\\/elithair.com\\\/pt\\\/wp-content\\\/uploads\\\/sites\\\/7\\\/2026\\\/04\\\/elithair-logo-primary.svg\",\"contentUrl\":\"https:\\\/\\\/elithair.com\\\/pt\\\/wp-content\\\/uploads\\\/sites\\\/7\\\/2026\\\/04\\\/elithair-logo-primary.svg\",\"width\":1,\"height\":1,\"caption\":\"Elithair\"},\"image\":{\"@id\":\"https:\\\/\\\/elithair.com\\\/pt\\\/#\\\/schema\\\/logo\\\/image\\\/\"},\"sameAs\":[\"https:\\\/\\\/www.facebook.com\\\/Dr.Abdulaziz.Balwi.Hair.Transplant\",\"https:\\\/\\\/www.instagram.com\\\/elithairtransplant_pt\",\"https:\\\/\\\/www.tiktok.com\\\/@elithair.global\",\"https:\\\/\\\/www.youtube.com\\\/@transplantecapilar-elithai4428\"]},{\"@type\":\"Person\",\"@id\":\"https:\\\/\\\/elithair.com\\\/pt\\\/#\\\/schema\\\/person\\\/11ce37e83a6343e4c37edcd4b5498e41\",\"name\":\"Dr. Imad Moustafa\",\"image\":{\"@type\":\"ImageObject\",\"inLanguage\":\"pt-PT\",\"@id\":\"https:\\\/\\\/secure.gravatar.com\\\/avatar\\\/9190499f6f3008cd7da57b179f07bfea4b4e382c816ba3e0de68db0b5a70c07d?s=96&d=mm&r=g\",\"url\":\"https:\\\/\\\/secure.gravatar.com\\\/avatar\\\/9190499f6f3008cd7da57b179f07bfea4b4e382c816ba3e0de68db0b5a70c07d?s=96&d=mm&r=g\",\"contentUrl\":\"https:\\\/\\\/secure.gravatar.com\\\/avatar\\\/9190499f6f3008cd7da57b179f07bfea4b4e382c816ba3e0de68db0b5a70c07d?s=96&d=mm&r=g\",\"caption\":\"Dr. Imad Moustafa\"}}]}<\/script>\n<!-- \/ Yoast SEO Premium plugin. -->","yoast_head_json":{"title":"Shock loss ap\u00f3s transplante capilar: porque caem os cabelos e quando voltam a crescer","description":"Shock loss ap\u00f3s transplante capilar: \u00e9 shedding ou queda a s\u00e9rio? Frequ\u00eancia segundo os estudos, cronologia m\u00eas a m\u00eas e quando o cabelo volta a crescer.","robots":{"index":"index","follow":"follow","max-snippet":"max-snippet:-1","max-image-preview":"max-image-preview:large","max-video-preview":"max-video-preview:-1"},"canonical":"https:\/\/elithair.com\/pt\/blog-sobre-implante-capilar\/shock-loss-transplante-capilar\/","og_locale":"pt_PT","og_type":"article","og_title":"Queda de cabelo ap\u00f3s transplante capilar: shock loss, shedding e a evolu\u00e7\u00e3o at\u00e9 ao resultado final","og_description":"Shock loss ap\u00f3s transplante capilar: \u00e9 shedding ou queda a s\u00e9rio? Frequ\u00eancia segundo os estudos, cronologia m\u00eas a m\u00eas e quando o cabelo volta a crescer.","og_url":"https:\/\/elithair.com\/pt\/blog-sobre-implante-capilar\/shock-loss-transplante-capilar\/","og_site_name":"Elithair","article_publisher":"https:\/\/www.facebook.com\/Dr.Abdulaziz.Balwi.Hair.Transplant","article_published_time":"2026-08-28T17:04:09+00:00","og_image":[{"url":"https:\/\/elithair.com\/pt\/wp-content\/uploads\/sites\/7\/2026\/08\/shedding_vs_shockloss_schema.png","type":"","width":"","height":""}],"author":"Dr. Imad Moustafa","twitter_card":"summary_large_image","twitter_misc":{"Escrito por":"Dr. Imad Moustafa","Tempo estimado de leitura":"42 minutos"},"schema":{"@context":"https:\/\/schema.org","@graph":[{"@type":"Article","@id":"https:\/\/elithair.com\/pt\/blog-sobre-implante-capilar\/shock-loss-transplante-capilar\/#article","isPartOf":{"@id":"https:\/\/elithair.com\/pt\/blog-sobre-implante-capilar\/shock-loss-transplante-capilar\/"},"author":{"name":"Dr. Imad Moustafa","@id":"https:\/\/elithair.com\/pt\/#\/schema\/person\/11ce37e83a6343e4c37edcd4b5498e41"},"headline":"Queda de cabelo ap\u00f3s transplante capilar: shock loss, shedding e a evolu\u00e7\u00e3o at\u00e9 ao resultado final","datePublished":"2026-08-28T17:04:09+00:00","mainEntityOfPage":{"@id":"https:\/\/elithair.com\/pt\/blog-sobre-implante-capilar\/shock-loss-transplante-capilar\/"},"wordCount":8451,"publisher":{"@id":"https:\/\/elithair.com\/pt\/#organization"},"image":{"@id":"https:\/\/elithair.com\/pt\/blog-sobre-implante-capilar\/shock-loss-transplante-capilar\/#primaryimage"},"thumbnailUrl":"https:\/\/elithair.com\/pt\/wp-content\/uploads\/sites\/7\/2026\/08\/hero-6.png","articleSection":["Queda de Cabelo"],"inLanguage":"pt-PT"},{"@type":"WebPage","@id":"https:\/\/elithair.com\/pt\/blog-sobre-implante-capilar\/shock-loss-transplante-capilar\/","url":"https:\/\/elithair.com\/pt\/blog-sobre-implante-capilar\/shock-loss-transplante-capilar\/","name":"Shock loss ap\u00f3s transplante capilar: porque caem os cabelos e quando voltam a crescer","isPartOf":{"@id":"https:\/\/elithair.com\/pt\/#website"},"primaryImageOfPage":{"@id":"https:\/\/elithair.com\/pt\/blog-sobre-implante-capilar\/shock-loss-transplante-capilar\/#primaryimage"},"image":{"@id":"https:\/\/elithair.com\/pt\/blog-sobre-implante-capilar\/shock-loss-transplante-capilar\/#primaryimage"},"thumbnailUrl":"https:\/\/elithair.com\/pt\/wp-content\/uploads\/sites\/7\/2026\/08\/hero-6.png","datePublished":"2026-08-28T17:04:09+00:00","description":"Shock loss ap\u00f3s transplante capilar: \u00e9 shedding ou queda a s\u00e9rio? Frequ\u00eancia segundo os estudos, cronologia m\u00eas a m\u00eas e quando o cabelo volta a crescer.","breadcrumb":{"@id":"https:\/\/elithair.com\/pt\/blog-sobre-implante-capilar\/shock-loss-transplante-capilar\/#breadcrumb"},"inLanguage":"pt-PT","potentialAction":[{"@type":"ReadAction","target":["https:\/\/elithair.com\/pt\/blog-sobre-implante-capilar\/shock-loss-transplante-capilar\/"]}]},{"@type":"ImageObject","inLanguage":"pt-PT","@id":"https:\/\/elithair.com\/pt\/blog-sobre-implante-capilar\/shock-loss-transplante-capilar\/#primaryimage","url":"https:\/\/elithair.com\/pt\/wp-content\/uploads\/sites\/7\/2026\/08\/hero-6.png","contentUrl":"https:\/\/elithair.com\/pt\/wp-content\/uploads\/sites\/7\/2026\/08\/hero-6.png","width":1536,"height":1024,"caption":"Mann mit kurzen Haaren betrachtet im Spiegel seine Haarlinie einige Wochen nach der Haartransplantation"},{"@type":"BreadcrumbList","@id":"https:\/\/elithair.com\/pt\/blog-sobre-implante-capilar\/shock-loss-transplante-capilar\/#breadcrumb","itemListElement":[{"@type":"ListItem","position":1,"name":"Home","item":"https:\/\/elithair.com\/pt\/"},{"@type":"ListItem","position":2,"name":"Queda de cabelo ap\u00f3s transplante capilar: shock loss, shedding e a evolu\u00e7\u00e3o at\u00e9 ao resultado final"}]},{"@type":"WebSite","@id":"https:\/\/elithair.com\/pt\/#website","url":"https:\/\/elithair.com\/pt\/","name":"Elithair","description":"","publisher":{"@id":"https:\/\/elithair.com\/pt\/#organization"},"alternateName":"a melhor cl\u00ednica de transplante capilar na Turquia","potentialAction":[{"@type":"SearchAction","target":{"@type":"EntryPoint","urlTemplate":"https:\/\/elithair.com\/pt\/?s={search_term_string}"},"query-input":{"@type":"PropertyValueSpecification","valueRequired":true,"valueName":"search_term_string"}}],"inLanguage":"pt-PT"},{"@type":"Organization","@id":"https:\/\/elithair.com\/pt\/#organization","name":"Elithair","url":"https:\/\/elithair.com\/pt\/","logo":{"@type":"ImageObject","inLanguage":"pt-PT","@id":"https:\/\/elithair.com\/pt\/#\/schema\/logo\/image\/","url":"https:\/\/elithair.com\/pt\/wp-content\/uploads\/sites\/7\/2026\/04\/elithair-logo-primary.svg","contentUrl":"https:\/\/elithair.com\/pt\/wp-content\/uploads\/sites\/7\/2026\/04\/elithair-logo-primary.svg","width":1,"height":1,"caption":"Elithair"},"image":{"@id":"https:\/\/elithair.com\/pt\/#\/schema\/logo\/image\/"},"sameAs":["https:\/\/www.facebook.com\/Dr.Abdulaziz.Balwi.Hair.Transplant","https:\/\/www.instagram.com\/elithairtransplant_pt","https:\/\/www.tiktok.com\/@elithair.global","https:\/\/www.youtube.com\/@transplantecapilar-elithai4428"]},{"@type":"Person","@id":"https:\/\/elithair.com\/pt\/#\/schema\/person\/11ce37e83a6343e4c37edcd4b5498e41","name":"Dr. Imad Moustafa","image":{"@type":"ImageObject","inLanguage":"pt-PT","@id":"https:\/\/secure.gravatar.com\/avatar\/9190499f6f3008cd7da57b179f07bfea4b4e382c816ba3e0de68db0b5a70c07d?s=96&d=mm&r=g","url":"https:\/\/secure.gravatar.com\/avatar\/9190499f6f3008cd7da57b179f07bfea4b4e382c816ba3e0de68db0b5a70c07d?s=96&d=mm&r=g","contentUrl":"https:\/\/secure.gravatar.com\/avatar\/9190499f6f3008cd7da57b179f07bfea4b4e382c816ba3e0de68db0b5a70c07d?s=96&d=mm&r=g","caption":"Dr. Imad Moustafa"}}]}},"_links":{"self":[{"href":"https:\/\/elithair.com\/pt\/wp-json\/wp\/v2\/posts\/89714","targetHints":{"allow":["GET"]}}],"collection":[{"href":"https:\/\/elithair.com\/pt\/wp-json\/wp\/v2\/posts"}],"about":[{"href":"https:\/\/elithair.com\/pt\/wp-json\/wp\/v2\/types\/post"}],"author":[{"embeddable":true,"href":"https:\/\/elithair.com\/pt\/wp-json\/wp\/v2\/users\/10"}],"replies":[{"embeddable":true,"href":"https:\/\/elithair.com\/pt\/wp-json\/wp\/v2\/comments?post=89714"}],"version-history":[{"count":0,"href":"https:\/\/elithair.com\/pt\/wp-json\/wp\/v2\/posts\/89714\/revisions"}],"wp:featuredmedia":[{"embeddable":true,"href":"https:\/\/elithair.com\/pt\/wp-json\/wp\/v2\/media\/89719"}],"wp:attachment":[{"href":"https:\/\/elithair.com\/pt\/wp-json\/wp\/v2\/media?parent=89714"}],"wp:term":[{"taxonomy":"category","embeddable":true,"href":"https:\/\/elithair.com\/pt\/wp-json\/wp\/v2\/categories?post=89714"},{"taxonomy":"post_tag","embeddable":true,"href":"https:\/\/elithair.com\/pt\/wp-json\/wp\/v2\/tags?post=89714"}],"curies":[{"name":"wp","href":"https:\/\/api.w.org\/{rel}","templated":true}]}}