{"id":89657,"date":"2026-06-24T12:37:41","date_gmt":"2026-06-24T12:37:41","guid":{"rendered":"https:\/\/elithair.com\/pt\/?p=89657"},"modified":"2026-06-24T12:37:41","modified_gmt":"2026-06-24T12:37:41","slug":"clascoterona-queda-de-cabelo","status":"publish","type":"post","link":"https:\/\/elithair.com\/pt\/blog-sobre-implante-capilar\/clascoterona-queda-de-cabelo\/","title":{"rendered":"Clascoterona para a queda de cabelo: a\u00e7\u00e3o, estudos e ponto da situa\u00e7\u00e3o em 2026"},"content":{"rendered":"\n<div style=\"background:#f3f7fc;border-left:5px solid #0079F1;border-radius:10px;padding:20px 22px;margin-bottom:28px\">\n<p style=\"margin:0 0 10px;color:#013366;font-weight:700;font-size:18px\">Resposta r\u00e1pida<\/p>\n<p style=\"margin:0 0 14px;color:#2e3033;font-size:16px;line-height:1.6\">O medicamento para a queda de cabelo clascoterona (propionato de cortexolona-17&alpha;) \u00e9 um antiandrog\u00e9nio t\u00f3pico que bloqueia o recetor de androg\u00e9nios diretamente no fol\u00edculo capilar. Como creme para a acne, com o nome <strong>Winlevi<\/strong> (1 %), est\u00e1 aprovado (FDA 2020, EMA outubro de 2025). Contra a queda de cabelo heredit\u00e1ria est\u00e1 a ser estudado como <strong>Breezula<\/strong> (solu\u00e7\u00e3o a 5 %). Em junho de 2026, o Breezula n\u00e3o est\u00e1 dispon\u00edvel nem \u00e9 pass\u00edvel de prescri\u00e7\u00e3o em Portugal e na UE.<\/p>\n<ul style=\"margin:0;padding-left:20px;color:#2e3033;font-size:15px;line-height:1.7\">\n<li><strong>Classe do princ\u00edpio ativo:<\/strong> antiandrog\u00e9nio t\u00f3pico (antagonista do recetor de androg\u00e9nios)<\/li>\n<li><strong>Sin\u00f3nimos:<\/strong> Cortexolone 17alpha-propionate, CB-03-01, CAS 19608-29-8<\/li>\n<li><strong>P\u00fablico-alvo:<\/strong> homens com alopecia androgen\u00e9tica (AGA) ligeira a moderada<\/li>\n<li><strong>Diferen\u00e7a em rela\u00e7\u00e3o \u00e0 finasterida:<\/strong> Ao contr\u00e1rio da finasterida, a clascoterona atua apenas localmente no fol\u00edculo e n\u00e3o reduz os n\u00edveis de DHT no restante organismo.<\/li>\n<li><strong>Estado (junho de 2026):<\/strong> fase III conclu\u00edda, pedido de aprova\u00e7\u00e3o \u00e0 FDA previsto para o in\u00edcio de 2027, indispon\u00edvel em PT\/UE<\/li>\n<\/ul>\n<\/div>\n\n\n\n<div style=\"background:#fff;border:1px solid #e3e8ef;border-left:5px solid #013366;border-radius:10px;padding:16px 18px;margin-bottom:24px\">\n<p style=\"margin:0 0 6px;color:#013366;font-weight:700;font-size:15px\">Enquadramento de especialistas &middot; Reda\u00e7\u00e3o Elithair<\/p>\n<p style=\"margin:0;color:#2e3033;font-size:14px;line-height:1.65\">Este guia foi elaborado pela reda\u00e7\u00e3o da Elithair com base em documentos de autoridades reguladoras (FDA, EMA), literatura cient\u00edfica publicada e na comunica\u00e7\u00e3o dos estudos do fabricante, e foi revisto sob o ponto de vista m\u00e9dico-cient\u00edfico. Como a clascoterona contra a queda de cabelo (Breezula) \u00e9 um princ\u00edpio ativo experimental, ainda n\u00e3o aprovado, todas as afirma\u00e7\u00f5es sobre efic\u00e1cia e seguran\u00e7a s\u00e3o prudentes e enquadradas no respetivo contexto de estudo. <strong>Estado: junho de 2026.<\/strong> Este artigo n\u00e3o substitui o aconselhamento m\u00e9dico.<\/p>\n<\/div>\n\n\n\n<p class=\"wp-block-paragraph\">Em f\u00f3runs, no Reddit e no YouTube h\u00e1 um nome que surge repetidamente quando se fala de uma nova esperan\u00e7a contra a queda de cabelo de origem gen\u00e9tica: clascoterona. Este guia enquadra o princ\u00edpio ativo de forma s\u00f3bria, mostrando o que os estudos realmente revelam, onde est\u00e3o os limites e se j\u00e1 o pode obter.<\/p>\n\n\n\n<h2 id=\"h-o-que-e-a-clascoterona\" class=\"wp-block-heading\">O que \u00e9 a clascoterona?<\/h2>\n\n\n\n<p class=\"wp-block-paragraph\">A clascoterona \u00e9 um antiandrog\u00e9nio t\u00f3pico, quimicamente designado por propionato de cortexolona-17\u03b1 (DCI em ingl\u00eas: Cortexolone 17alpha-propionate, nome de desenvolvimento CB-03-01, CAS 19608-29-8). \u00c9 aplicada diretamente no couro cabeludo e atua contra o desencadeador hormonal da alopecia androgen\u00e9tica, a queda de cabelo mais frequente no homem.<\/p>\n\n\n\n<p class=\"wp-block-paragraph\">Do ponto de vista estrutural, trata-se de um esteroide pregnano sint\u00e9tico, derivado da progesterona e do 11-desoxicortisol. \u00c9, portanto, um esteroide, mas n\u00e3o um corticosteroide: atua como antiandrog\u00e9nio, n\u00e3o como prepara\u00e7\u00e3o \u00e0 base de cortisona. O princ\u00edpio ativo foi desenvolvido pela Cassiopea S.p.A. (It\u00e1lia), atualmente integrada na Cosmo Pharmaceuticals.<\/p>\n\n\n\n<p class=\"wp-block-paragraph\">O ponto decisivo: a clascoterona bloqueia de forma competitiva o recetor de androg\u00e9nios nas c\u00e9lulas da papila d\u00e9rmica do fol\u00edculo. A\u00ed, concorre com a di-hidrotestosterona (DHT) pelo local de liga\u00e7\u00e3o. Assim, trava a miniaturiza\u00e7\u00e3o dos fol\u00edculos induzida pela DHT, sem alterar a produ\u00e7\u00e3o hormonal no restante organismo.<\/p>\n\n\n\n<div style=\"background:#fff;border:1px solid #e3e8ef;border-radius:10px;padding:16px 18px;margin:8px 0 24px\">\n<p style=\"margin:0;color:#2e3033;font-size:15px;line-height:1.65\"><strong style=\"color:#013366\">Em poucas palavras:<\/strong> a DHT \u00e9 a forma mais potente da hormona sexual masculina testosterona e \u00e9 considerada a principal causa da queda de cabelo heredit\u00e1ria. Liga-se ao recetor de androg\u00e9nios dos fol\u00edculos sens\u00edveis e f\u00e1-los encolher ao longo dos anos. Saiba mais no artigo <a href=\"\/pt\/blog-sobre-implante-capilar\/como-tratar-alopecia-androgenetica\/\">alopecia androgen\u00e9tica<\/a>.<\/p>\n<\/div>\n\n\n\n<h2 id=\"h-winlevi-breezula-e-clascoterona-a-diferenca\" class=\"wp-block-heading\">Winlevi, Breezula e clascoterona: a diferen\u00e7a<\/h2>\n\n\n\n<p class=\"wp-block-paragraph\">Winlevi, Breezula e clascoterona designam o mesmo princ\u00edpio ativo em apresenta\u00e7\u00f5es diferentes: a clascoterona \u00e9 o princ\u00edpio ativo puro (DCI), o Winlevi \u00e9 o creme aprovado para a acne e o Breezula \u00e9 a solu\u00e7\u00e3o experimental contra a queda de cabelo. Distinguem-se na concentra\u00e7\u00e3o, no ve\u00edculo e na indica\u00e7\u00e3o, e \u00e9 precisamente isso que \u00e9 decisivo do ponto de vista terap\u00eautico.<\/p>\n\n\n\n<p class=\"wp-block-paragraph\">O Winlevi cont\u00e9m 1 % de clascoterona num creme destinado \u00e0 acne facial. O Breezula \u00e9 uma solu\u00e7\u00e3o a 5 %, formulada para penetrar no couro cabeludo. Segundo a p\u00e1gina do produto da EMA, o Winlevi foi aprovado na UE a 17 de outubro de 2025, ao passo que o Breezula n\u00e3o tem aprova\u00e7\u00e3o contra a queda de cabelo (em junho de 2026).<\/p>\n\n\n\n<style data-wp-block-html=\"css\">\n@media(max-width: 600px) {\n.htk-tablewrap{overflow:visible !important}\n  .htk-tablewrap .htk-table,\n  .htk-table{min-width:0 !important;box-shadow:none !important;border-radius:0 !important;overflow:visible !important}\n  .htk-table thead{position:absolute !important;width:1px;height:1px;overflow:hidden;clip:rect(0 0 0 0);white-space:nowrap}\n.htk-table {background: transparent;}\n  .htk-table,.htk-table tbody,.htk-table tfoot,.htk-table tr,.htk-table td{display:block;width:100%}\n  .htk-table tr{\n    margin:0 0 16px;border:1px solid var(--line,rgba(13,44,84,.10));\n    border-radius:var(--r-sm,14px);overflow:hidden;background:#fff;\n    box-shadow:var(--sh-md,0 18px 44px -26px rgba(8,28,58,.40));\n  }\n  .htk-table tr:last-child{margin-bottom:0}\n  .htk-table tr:nth-child(even) td,\n  .htk-table tr:nth-child(odd) td{background:transparent}\n  .htk-table td{\n    border-top:0 !important;border-bottom:1px solid rgba(13,44,84,.08);\n    padding:11px 16px;text-align:left;white-space:normal !important;\n  }\n.htk-table.mob-two-column td{\ntext-align:right;\n}\n  .htk-table td:last-child{border-bottom:0}\n  .htk-table td:empty{display:none}\n  .htk-table td::before{\n    content:attr(data-label);display:block;\n    font-size:11.5px;font-weight:700;letter-spacing:.04em;text-transform:uppercase;\n    color:var(--sky-strong,#3f74c0);margin-bottom:3px;\n  }\n.htk-table.mob-two-column td::before{position:absolute;}\n  .htk-table td:first-child{\n    background:var(--navy,#0d2c54) !important;color:#fff !important;\n    font-size:16px;font-weight:700;padding:13px 16px;text-align:left;\n  }\n  .htk-table td:first-child::before{display:none}\n  .htk-table td:first-child strong{color:#fff}\n  .htk-table td.eli:not(:first-child){color:var(--navy,#0d2c54);font-weight:800}\n  .htk-table td.save:not(:first-child){color:#1e9e63;font-weight:800}\n  .htk-table td.eli:not(:first-child)::before,\n  .htk-table td.save:not(:first-child)::before{color:var(--sky-strong,#3f74c0)}\n  .htk-band--navy .htk-table td:not(:first-child){color:var(--ink,#13233b)}\n  .htk-band--navy .htk-table td:not(:first-child) strong{color:inherit}\n  .htk-band--navy .htk-table td.eli:not(:first-child){color:var(--navy,#0d2c54)}\n  .htk-band--navy .htk-table td.save:not(:first-child){color:#1e9e63}\n  .htk-band--navy .htk-table tfoot td{background:transparent}\n  .htk-table tfoot tr{border:2px solid var(--sky-strong,#3f74c0)}\n.htk-table caption {display:block;}\n}\n<\/style>\n\n<script data-wp-block-html=\"js\">\n(function(){\n  function labelHtkTables(){\n    document.querySelectorAll('.htk-table').forEach(function(table){\n      var heads = table.querySelectorAll('thead th');\n      if(!heads.length) return;\n      var labels = Array.prototype.map.call(heads,function(th){return th.textContent.trim();});\n      table.querySelectorAll('tbody tr, tfoot tr').forEach(function(row){\n        Array.prototype.forEach.call(row.children,function(cell,i){\n          if(labels[i] && !cell.getAttribute('data-label')){\n            cell.setAttribute('data-label', labels[i]);\n          }\n        });\n      });\n    });\n  }\n  if(document.readyState==='loading'){\n    document.addEventListener('DOMContentLoaded', labelHtkTables);\n  }else{ labelHtkTables(); }\n})();\n<\/script>\n\n<div style=\"overflow-x:auto;margin-bottom:28px\"><table class=\"htk-table\" style=\"min-width:640px;width:100%;border-collapse:collapse;font-size:15px\"><thead><tr style=\"background:#013366;color:#fff\"><th style=\"padding:11px;text-align:left\">Designa\u00e7\u00e3o<\/th><th style=\"padding:11px;text-align:left\">Tipo \/ Concentra\u00e7\u00e3o<\/th><th style=\"padding:11px;text-align:left\">Indica\u00e7\u00e3o<\/th><th style=\"padding:11px;text-align:left\">Estado de aprova\u00e7\u00e3o (junho de 2026)<\/th><\/tr><\/thead><tbody>\n<tr style=\"border-bottom:1px solid #e3e8ef\"><td style=\"padding:11px\"><strong>Clascoterona<\/strong><\/td><td style=\"padding:11px\">princ\u00edpio ativo (DCI) = propionato de cortexolona-17\u03b1<\/td><td style=\"padding:11px\">antiandrog\u00e9nio t\u00f3pico<\/td><td style=\"padding:11px\">princ\u00edpio ativo, vari\u00e1vel consoante a marca\/indica\u00e7\u00e3o<\/td><\/tr>\n<tr style=\"border-bottom:1px solid #e3e8ef;background:#f7fafd\"><td style=\"padding:11px\"><strong>Winlevi<\/strong><\/td><td style=\"padding:11px\">creme, 1 %<\/td><td style=\"padding:11px\">acne vulgar (a partir dos 12 anos)<\/td><td style=\"padding:11px\">aprovado: FDA agosto de 2020, EMA outubro de 2025 (sob monitoriza\u00e7\u00e3o adicional)<\/td><\/tr>\n<tr style=\"border-bottom:1px solid #e3e8ef\"><td style=\"padding:11px\"><strong>Breezula<\/strong><\/td><td style=\"padding:11px\">solu\u00e7\u00e3o t\u00f3pica (couro cabeludo), 5 %<\/td><td style=\"padding:11px\">alopecia androgen\u00e9tica (AGA)<\/td><td style=\"padding:11px\"><strong>n\u00e3o aprovado<\/strong>, fase III conclu\u00edda, pedido \u00e0 FDA previsto para o in\u00edcio de 2027<\/td><\/tr>\n<\/tbody><\/table>\n<p style=\"font-size:13px;color:#6b7280;margin:8px 0 0\">Mesmo princ\u00edpio ativo, marcas e indica\u00e7\u00f5es diferentes. Fontes: EPAR Winlevi da EMA; DermNet NZ; Cosmo Pharmaceuticals.<\/p>\n<\/div>\n\n\n\n<h2 id=\"h-como-atua-a-clascoterona-contra-a-queda-de-cabelo\" class=\"wp-block-heading\">Como atua a clascoterona contra a queda de cabelo?<\/h2>\n\n\n\n<p class=\"wp-block-paragraph\">A a\u00e7\u00e3o da clascoterona assenta no antagonismo do recetor de androg\u00e9nios: o princ\u00edpio ativo liga-se de forma competitiva ao recetor nas c\u00e9lulas da papila d\u00e9rmica e impede a\u00ed que a DHT e a testosterona ativem os genes que, na alopecia androgen\u00e9tica, levam ao encolhimento dos fol\u00edculos. Trata-se, portanto, de um bloqueador hormonal local, no pr\u00f3prio fol\u00edculo.<\/p>\n\n\n\n<p class=\"wp-block-paragraph\">In vitro, a clascoterona inibe a transcri\u00e7\u00e3o induzida por androg\u00e9nios de forma t\u00e3o eficaz como a finasterida e, em c\u00e9lulas da papila do couro cabeludo estimuladas por DHT, reduziu a s\u00edntese de IL-6 mais do que o antiandrog\u00e9nio enzalutamida (Rosette et al. 2019, Journal of Drugs in Dermatology). Atua, assim, diretamente sobre o desencadeador biol\u00f3gico da miniaturiza\u00e7\u00e3o.<\/p>\n\n\n\n<p class=\"wp-block-paragraph\">O efeito mant\u00e9m-se em grande parte local. Na pele e no plasma, a clascoterona \u00e9 rapidamente degradada por esterases no metabolito inativo cortexolona. Segundo Mazzetti et al. (2019), o Cmax m\u00e9dio ap\u00f3s 14 dias de aplica\u00e7\u00e3o cont\u00ednua situou-se entre 4,4 e 4,6 ng\/ml; esta via de degrada\u00e7\u00e3o ativa limita de forma clara o efeito antiandrog\u00e9nio sist\u00e9mico.<\/p>\n\n\n<div class=\"wp-block-image\">\n<figure class=\"aligncenter size-large is-resized\" style=\"max-width:560px;margin-left:auto;margin-right:auto\"><img loading=\"lazy\" decoding=\"async\" width=\"1536\" height=\"1024\" src=\"https:\/\/elithair.com\/pt\/wp-content\/uploads\/sites\/7\/2026\/06\/wirkmechanismus_follikel__pt.png\" alt=\"Ilustra\u00e7\u00e3o: a clascoterona bloqueia o recetor de androg\u00e9nios no fol\u00edculo capilar e desloca a DHT\" class=\"wp-image-89654\" style=\"width:560px;max-width:100%;height:auto\" srcset=\"https:\/\/elithair.com\/pt\/wp-content\/uploads\/sites\/7\/2026\/06\/wirkmechanismus_follikel__pt.png 1536w, https:\/\/elithair.com\/pt\/wp-content\/uploads\/sites\/7\/2026\/06\/wirkmechanismus_follikel__pt-300x200.png 300w, https:\/\/elithair.com\/pt\/wp-content\/uploads\/sites\/7\/2026\/06\/wirkmechanismus_follikel__pt-1024x683.png 1024w, https:\/\/elithair.com\/pt\/wp-content\/uploads\/sites\/7\/2026\/06\/wirkmechanismus_follikel__pt-768x512.png 768w\" sizes=\"(max-width: 767px) 100vw, 660px\" \/><\/figure>\n<\/div>\n\n\n<p class=\"wp-block-paragraph\">O mecanismo explica a diferen\u00e7a em rela\u00e7\u00e3o aos medicamentos consagrados: a finasterida inibe a enzima 5\u03b1-redutase de forma sist\u00e9mica e reduz, assim, os n\u00edveis de DHT em todo o corpo. A clascoterona bloqueia apenas o recetor no fol\u00edculo, e os n\u00edveis de DHT no sangue mant\u00eam-se inalterados. O minoxidil, por sua vez, n\u00e3o interfere de todo no sistema hormonal: prolonga a fase de crescimento e melhora a irriga\u00e7\u00e3o sangu\u00ednea.<\/p>\n\n\n\n<h2 id=\"h-o-que-mostram-os-estudos-sobre-a-clascoterona\" class=\"wp-block-heading\">O que mostram os estudos sobre a clascoterona?<\/h2>\n\n\n\n<p class=\"wp-block-paragraph\">Os estudos sobre a clascoterona mostram efeitos estatisticamente significativos contra a alopecia androgen\u00e9tica, mas prov\u00eam sobretudo de comunicados de imprensa da empresa, e n\u00e3o de publica\u00e7\u00f5es completas com revis\u00e3o por pares (em junho de 2026). O par\u00e2metro de avalia\u00e7\u00e3o determinante \u00e9 o TAHC (Target Area Hair Count): o n\u00famero de cabelos n\u00e3o velosos por cent\u00edmetro quadrado na zona tratada.<\/p>\n\n\n\n<h3 id=\"h-fase-ii-em-homens-numeros-absolutos-de-cabelos\" class=\"wp-block-heading\">Fase II em homens: n\u00fameros absolutos de cabelos<\/h3>\n\n\n\n<p class=\"wp-block-paragraph\">O estudo de fase II sobre a clascoterona (mais de 400 homens, 18 a 55 anos, AGA ligeira a moderada, centros de estudo na Alemanha, 12 meses) comparou v\u00e1rias concentra\u00e7\u00f5es com o ve\u00edculo. Segundo o comunicado de imprensa da Cassiopea (abril de 2019), todos os bra\u00e7os ativos foram significativamente superiores, sendo o numericamente mais forte o de 7,5 % duas vezes por dia, com +14,3 cabelos\/cm\u00b2.<\/p>\n\n\n\n<div style=\"overflow-x:auto;margin-bottom:28px\"><table class=\"htk-table\" style=\"min-width:560px;width:100%;border-collapse:collapse;font-size:15px\"><thead><tr style=\"background:#013366;color:#fff\"><th style=\"padding:11px;text-align:left\">Concentra\u00e7\u00e3o \/ Aplica\u00e7\u00e3o<\/th><th style=\"padding:11px;text-align:left\">TAHC vs. ve\u00edculo<\/th><th style=\"padding:11px;text-align:left\">Largura do cabelo (TAHW)<\/th><th style=\"padding:11px;text-align:left\">Valor de p<\/th><\/tr><\/thead><tbody>\n<tr style=\"border-bottom:1px solid #e3e8ef\"><td style=\"padding:11px\">2,5 % duas vezes por dia<\/td><td style=\"padding:11px\">+10,2 cabelos\/cm\u00b2<\/td><td style=\"padding:11px\">+521,1 \u00b5m<\/td><td style=\"padding:11px\">0,0087<\/td><\/tr>\n<tr style=\"border-bottom:1px solid #e3e8ef;background:#f7fafd\"><td style=\"padding:11px\">5,0 % duas vezes por dia<\/td><td style=\"padding:11px\">+13,8 cabelos\/cm\u00b2<\/td><td style=\"padding:11px\">+615,0 \u00b5m<\/td><td style=\"padding:11px\">0,0006<\/td><\/tr>\n<tr style=\"border-bottom:1px solid #e3e8ef\"><td style=\"padding:11px\"><strong>7,5 % duas vezes por dia<\/strong><\/td><td style=\"padding:11px\"><strong>+14,3 cabelos\/cm\u00b2<\/strong><\/td><td style=\"padding:11px\">+762,5 \u00b5m<\/td><td style=\"padding:11px\">0,0003<\/td><\/tr>\n<tr style=\"border-bottom:1px solid #e3e8ef;background:#f7fafd\"><td style=\"padding:11px\">7,5 % uma vez por dia<\/td><td style=\"padding:11px\">+12,7 cabelos\/cm\u00b2<\/td><td style=\"padding:11px\">+658,8 \u00b5m<\/td><td style=\"padding:11px\">0,0016<\/td><\/tr>\n<\/tbody><\/table>\n<p style=\"font-size:13px;color:#6b7280;margin:8px 0 0\">Dados de fase II em homens, 12 meses. Fonte: comunicado de imprensa da Cassiopea de abril de 2019 (sem publica\u00e7\u00e3o completa com revis\u00e3o por pares).<\/p>\n<\/div>\n\n\n\n<h3 id=\"h-fase-iii-em-homens-scalp-1-e-scalp-2\" class=\"wp-block-heading\">Fase III em homens (SCALP 1 e SCALP 2)<\/h3>\n\n\n\n<p class=\"wp-block-paragraph\">No estudo de fase III sobre a clascoterona (solu\u00e7\u00e3o Breezula a 5 %) foram aleatorizados 1.465 homens em dois estudos (SCALP 1 e SCALP 2, 51 centros nos EUA e na Europa). Segundo os dados topline da Cosmo (dezembro de 2025), o SCALP 1 alcan\u00e7ou uma melhoria relativa do TAHC de +539 % face ao placebo e o SCALP 2 de +168 % (em ambos os casos p &lt; 0,05).<\/p>\n\n\n\n<div style=\"background:#fff8ed;border-left:5px solid #f0a500;border-radius:8px;padding:16px 18px;margin:4px 0 22px\">\n<p style=\"margin:0;color:#2e3033;font-size:15px;line-height:1.65\"><strong style=\"color:#013366\">Importante para enquadrar os n\u00fameros:<\/strong> os 539 % e os 168 % s\u00e3o melhorias <em>relativas<\/em> face ao placebo, n\u00e3o uma densidade capilar absoluta. Se o grupo placebo praticamente n\u00e3o evolui, mesmo pequenas diferen\u00e7as absolutas resultam em percentagens elevadas. Os n\u00fameros absolutos de cabelos da fase III n\u00e3o foram publicados com revis\u00e3o por pares at\u00e9 junho de 2026. O valor absoluto da fase II situou-se em cerca de +14 cabelos\/cm\u00b2.<\/p>\n<\/div>\n\n\n\n<p class=\"wp-block-paragraph\">Os dados aos 12 meses (abril de 2026) mostram, segundo a Cosmo, que os homens com tratamento cont\u00ednuo alcan\u00e7aram um aumento do TAHC 239 % superior ao daqueles que, ap\u00f3s 6 meses, passaram ao ve\u00edculo. O pr\u00f3prio CEO Giovanni Di Napoli sublinhou que estes valores n\u00e3o podem ser comparados diretamente com os n\u00fameros dos 6 meses. O perfil de seguran\u00e7a manteve-se ao n\u00edvel do ve\u00edculo.<\/p>\n\n\n\n<h3 id=\"h-a-clascoterona-tambem-atua-nas-mulheres\" class=\"wp-block-heading\">A clascoterona tamb\u00e9m atua nas mulheres?<\/h3>\n\n\n\n<p class=\"wp-block-paragraph\">N\u00e3o se sabe se a clascoterona atua nas mulheres: os primeiros ind\u00edcios s\u00e3o insuficientemente comprovados. Num estudo de fase II com 293 mulheres, n\u00e3o se verificou na popula\u00e7\u00e3o global qualquer vantagem significativa face ao ve\u00edculo. Apenas no subgrupo das mulheres com menos de 30 anos que usaram clascoterona a 5 % a diferen\u00e7a no TAHC foi significativa (p = 0,0391, Cassiopea setembro de 2021).<\/p>\n\n\n\n<p class=\"wp-block-paragraph\">Este subgrupo n\u00e3o foi, contudo, concebido para ter poder estat\u00edstico, e a dimens\u00e3o da amostra n\u00e3o \u00e9 suficiente para uma recomenda\u00e7\u00e3o geral. At\u00e9 \u00e0 data n\u00e3o foi anunciado um programa de fase III pr\u00f3prio para mulheres (em junho de 2026). Para as mulheres, o princ\u00edpio ativo \u00e9, assim, considerado experimental e n\u00e3o comprovado. Saiba mais sobre o tema no artigo <a href=\"\/pt\/blog-sobre-implante-capilar\/mulheres-queda-de-cabelo\/\">queda de cabelo nas mulheres<\/a>.<\/p>\n\n\n\n<h2 id=\"h-que-efeitos-secundarios-tem-a-clascoterona\" class=\"wp-block-heading\">Que efeitos secund\u00e1rios tem a clascoterona?<\/h2>\n\n\n\n<p class=\"wp-block-paragraph\">Os efeitos secund\u00e1rios da clascoterona s\u00e3o maioritariamente locais: vermelhid\u00e3o, descama\u00e7\u00e3o e comich\u00e3o no local de aplica\u00e7\u00e3o, ao n\u00edvel do ve\u00edculo nos estudos de aprova\u00e7\u00e3o para a acne. Do ponto de vista sist\u00e9mico, o princ\u00edpio ativo revelou-se, at\u00e9 agora, em grande parte sem altera\u00e7\u00f5es relevantes. Faltam, por\u00e9m, dados a longo prazo para a aplica\u00e7\u00e3o prolongada no couro cabeludo na AGA (em junho de 2026).<\/p>\n\n\n\n<div style=\"overflow-x:auto;margin-bottom:24px\"><table class=\"htk-table\" style=\"min-width:480px;width:100%;border-collapse:collapse;font-size:15px\"><thead><tr style=\"background:#013366;color:#fff\"><th style=\"padding:11px;text-align:left\">Rea\u00e7\u00e3o local<\/th><th style=\"padding:11px;text-align:left\">Clascoterona 1 %<\/th><th style=\"padding:11px;text-align:left\">Ve\u00edculo<\/th><\/tr><\/thead><tbody>\n<tr style=\"border-bottom:1px solid #e3e8ef\"><td style=\"padding:11px\">Vermelhid\u00e3o (eritema)<\/td><td style=\"padding:11px\">12,2 %<\/td><td style=\"padding:11px\">15,4 %<\/td><\/tr>\n<tr style=\"border-bottom:1px solid #e3e8ef;background:#f7fafd\"><td style=\"padding:11px\">Descama\u00e7\u00e3o \/ secura<\/td><td style=\"padding:11px\">10,5 %<\/td><td style=\"padding:11px\">10,4 %<\/td><\/tr>\n<tr style=\"border-bottom:1px solid #e3e8ef\"><td style=\"padding:11px\">Comich\u00e3o (prurido)<\/td><td style=\"padding:11px\">7,7 %<\/td><td style=\"padding:11px\">8,2 %<\/td><\/tr>\n<tr style=\"border-bottom:1px solid #e3e8ef;background:#f7fafd\"><td style=\"padding:11px\">Ardor \/ picadas<\/td><td style=\"padding:11px\">4,2 %<\/td><td style=\"padding:11px\">4,3 %<\/td><\/tr>\n<tr style=\"border-bottom:1px solid #e3e8ef\"><td style=\"padding:11px\">Edema<\/td><td style=\"padding:11px\">3,6 %<\/td><td style=\"padding:11px\">3,5 %<\/td><\/tr>\n<\/tbody><\/table>\n<p style=\"font-size:13px;color:#6b7280;margin:8px 0 0\">Rea\u00e7\u00f5es locais do estudo Winlevi para a acne (creme a 1 %, 12 semanas). Fonte: r\u00f3tulo da FDA \/ DailyMed.<\/p>\n<\/div>\n\n\n\n<p class=\"wp-block-paragraph\">Um ponto em aberto \u00e9 o eixo HHA (hipot\u00e1lamo-hip\u00f3fise-suprarrenal). Nos dados do Winlevi ocorreu uma supress\u00e3o transit\u00f3ria do eixo HHA em 5 % dos adultos e em 9 % dos adolescentes ap\u00f3s 14 dias (Mazzetti et al. 2019); todos os casos normalizaram no prazo de 4 semanas ap\u00f3s a interrup\u00e7\u00e3o. Para a aplica\u00e7\u00e3o no couro cabeludo durante meses a anos da solu\u00e7\u00e3o a 5 % faltam dados a longo prazo suficientes.<\/p>\n\n\n\n<p class=\"wp-block-paragraph\">Al\u00e9m disso, no r\u00f3tulo do Winlevi observou-se em 5 % das pessoas tratadas uma altera\u00e7\u00e3o no sentido de valores elevados de pot\u00e1ssio (face a 4 % com o ve\u00edculo), cuja relev\u00e2ncia cl\u00ednica \u00e9 incerta. Segundo o r\u00f3tulo, o princ\u00edpio ativo est\u00e1 contraindicado na gravidez e amamenta\u00e7\u00e3o, em crian\u00e7as com menos de 12 anos e em pessoas a partir dos 65 anos. A clascoterona n\u00e3o pode, portanto, ser considerada isenta de efeitos secund\u00e1rios.<\/p>\n\n\n\n<h2 id=\"h-clascoterona-vs-finasterida-vs-minoxidil\" class=\"wp-block-heading\">Clascoterona vs. finasterida vs. minoxidil<\/h2>\n\n\n\n<p class=\"wp-block-paragraph\">A clascoterona, a finasterida e o minoxidil atuam em pontos diferentes: a clascoterona bloqueia o recetor de androg\u00e9nios localmente, a finasterida reduz os n\u00edveis de DHT de forma sist\u00e9mica e o minoxidil promove o crescimento sem interfer\u00eancia hormonal. Falta, at\u00e9 agora, uma compara\u00e7\u00e3o direta de efic\u00e1cia (head-to-head) dos tr\u00eas medicamentos num \u00fanico estudo.<\/p>\n\n\n\n<div style=\"overflow-x:auto;margin-bottom:28px\"><table class=\"htk-table\" style=\"min-width:760px;width:100%;border-collapse:collapse;font-size:14px\"><thead><tr style=\"background:#013366;color:#fff\"><th style=\"padding:10px;text-align:left\">Crit\u00e9rio<\/th><th style=\"padding:10px;text-align:left\">Clascoterona 5 % (Breezula)<\/th><th style=\"padding:10px;text-align:left\">Finasterida 1 mg<\/th><th style=\"padding:10px;text-align:left\">Minoxidil t\u00f3pico<\/th><\/tr><\/thead><tbody>\n<tr style=\"border-bottom:1px solid #e3e8ef\"><td style=\"padding:10px\"><strong>Princ\u00edpio de a\u00e7\u00e3o<\/strong><\/td><td style=\"padding:10px\">antagonista do recetor de androg\u00e9nios (local)<\/td><td style=\"padding:10px\">inibidor da 5\u03b1-redutase (sist\u00e9mico, reduz a DHT)<\/td><td style=\"padding:10px\">irriga\u00e7\u00e3o sangu\u00ednea \/ prolongamento da fase an\u00e1gena (sem hormonas)<\/td><\/tr>\n<tr style=\"border-bottom:1px solid #e3e8ef;background:#f7fafd\"><td style=\"padding:10px\"><strong>Aplica\u00e7\u00e3o<\/strong><\/td><td style=\"padding:10px\">t\u00f3pica (solu\u00e7\u00e3o para o couro cabeludo)<\/td><td style=\"padding:10px\">oral (comprimido)<\/td><td style=\"padding:10px\">t\u00f3pica (solu\u00e7\u00e3o\/espuma)<\/td><\/tr>\n<tr style=\"border-bottom:1px solid #e3e8ef\"><td style=\"padding:10px\"><strong>Efeito hormonal sist\u00e9mico<\/strong><\/td><td style=\"padding:10px\">m\u00ednimo a nenhum<\/td><td style=\"padding:10px\">sim, reduz a DHT no sangue em cerca de 65 a 70 %<\/td><td style=\"padding:10px\">nenhum<\/td><\/tr>\n<tr style=\"border-bottom:1px solid #e3e8ef;background:#f7fafd\"><td style=\"padding:10px\"><strong>Aprova\u00e7\u00e3o contra a AGA (PT\/UE)<\/strong><\/td><td style=\"padding:10px\"><strong>n\u00e3o (experimental)<\/strong><\/td><td style=\"padding:10px\">sim (sujeita a receita m\u00e9dica)<\/td><td style=\"padding:10px\">sim (sem receita)<\/td><\/tr>\n<tr style=\"border-bottom:1px solid #e3e8ef\"><td style=\"padding:10px\"><strong>Efeitos secund\u00e1rios conhecidos<\/strong><\/td><td style=\"padding:10px\">rea\u00e7\u00f5es cut\u00e2neas locais, poss\u00edvel supress\u00e3o do eixo HHA em aplica\u00e7\u00e3o extensa<\/td><td style=\"padding:10px\">disfun\u00e7\u00f5es sexuais, altera\u00e7\u00f5es de humor, s\u00edndrome p\u00f3s-finasterida (controversa)<\/td><td style=\"padding:10px\">hipertricose, irrita\u00e7\u00e3o do couro cabeludo<\/td><\/tr>\n<tr style=\"border-bottom:1px solid #e3e8ef;background:#f7fafd\"><td style=\"padding:10px\"><strong>Dados a longo prazo<\/strong><\/td><td style=\"padding:10px\">limitados (12 meses, revis\u00e3o por pares pendente)<\/td><td style=\"padding:10px\">extensos (mais de 25 anos)<\/td><td style=\"padding:10px\">extensos<\/td><\/tr>\n<tr style=\"border-bottom:1px solid #e3e8ef\"><td style=\"padding:10px\"><strong>Est\u00e1dios adequados<\/strong><\/td><td style=\"padding:10px\">ligeiro a moderado (Norwood III a V)<\/td><td style=\"padding:10px\">ligeiro a moderado<\/td><td style=\"padding:10px\">ligeiro a moderado<\/td><\/tr>\n<\/tbody><\/table>\n<p style=\"font-size:13px;color:#6b7280;margin:8px 0 0\">Compara\u00e7\u00e3o objetiva, n\u00e3o uma recomenda\u00e7\u00e3o terap\u00eautica. Fontes: gesund.bund.de; Mazzetti et al. 2019; DermNet NZ. Fale com um profissional m\u00e9dico antes de qualquer terap\u00eautica.<\/p>\n<\/div>\n\n\n\n<p class=\"wp-block-paragraph\">Quanto \u00e0 s\u00edndrome p\u00f3s-finasterida (perturba\u00e7\u00f5es sexuais, queixas de humor e cognitivas que persistem mesmo ap\u00f3s a interrup\u00e7\u00e3o): n\u00e3o est\u00e1 cientificamente reconhecida de forma inequ\u00edvoca como uma s\u00edndrome aut\u00f3noma, mas \u00e9 relatada por um n\u00famero relevante de pessoas afetadas. A for\u00e7a te\u00f3rica da clascoterona reside em n\u00e3o reduzir, \u00e0 partida, os n\u00edveis de DHT no sangue.<\/p>\n\n\n\n<p class=\"wp-block-paragraph\">Uma combina\u00e7\u00e3o de clascoterona com minoxidil \u00e9 discutida em teoria como fazendo sentido, devido aos diferentes mecanismos de a\u00e7\u00e3o, mas faltam, at\u00e9 agora, estudos cl\u00ednicos de combina\u00e7\u00e3o. Quem j\u00e1 usa minoxidil encontra as bases no artigo minoxidil contra a queda de cabelo.<\/p>\n\n\n\n<h2 id=\"h-pode-comprar-se-clascoterona-ou-breezula-em-portugal\" class=\"wp-block-heading\">Pode comprar-se clascoterona ou Breezula em Portugal?<\/h2>\n\n\n\n<p class=\"wp-block-paragraph\">O Breezula, a solu\u00e7\u00e3o de clascoterona a 5 % contra a queda de cabelo, n\u00e3o pode ser comprado nem prescrito em Portugal (em junho de 2026). Segundo a Cosmo, o pedido de aprova\u00e7\u00e3o \u00e0 FDA est\u00e1 previsto para o in\u00edcio de 2027; uma aprova\u00e7\u00e3o norte-americana, na melhor das hip\u00f3teses, situar-se-ia em meados a finais de 2027, e a aprova\u00e7\u00e3o na UE viria depois disso.<\/p>\n\n\n\n<p class=\"wp-block-paragraph\">O creme para a acne Winlevi (1 %) est\u00e1 dispon\u00edvel na UE desde outubro de 2025, mas exclusivamente contra a acne, n\u00e3o contra a queda de cabelo. Uma utiliza\u00e7\u00e3o off-label no couro cabeludo \u00e9 objetivamente inadequada: a concentra\u00e7\u00e3o de 1 % \u00e9 demasiado baixa (para a AGA s\u00e3o necess\u00e1rios cerca de 5 a 7,5 %) e o ve\u00edculo em creme est\u00e1 formulado para a acne facial, cola os cabelos e n\u00e3o penetra adequadamente nos fol\u00edculos do couro cabeludo.<\/p>\n\n\n\n<div role=\"alert\" style=\"background:#fdeeee;border:2px solid #d64545;border-radius:10px;padding:16px 18px;margin:4px 0 24px\">\n<p style=\"margin:0 0 8px;display:flex;align-items:center;gap:8px;color:#b3261e;font-weight:700;font-size:16px\"><span aria-hidden=\"true\" style=\"display:inline-flex;align-items:center;justify-content:center;width:24px;height:24px;background:#d64545;color:#fff;border-radius:50%;font-size:15px;line-height:1\">&#9888;<\/span> Aviso: cuidado com fontes online duvidosas e prepara\u00e7\u00f5es caseiras<\/p>\n<p style=\"margin:0;color:#2e3033;font-size:15px;line-height:1.65\">Em plataformas como a Alibaba \u00e9 oferecido p\u00f3 bruto de clascoterona (CB-03-01). Tais produtos n\u00e3o s\u00e3o farmacologicamente testados nem fabricados em conformidade com as boas pr\u00e1ticas (GMP); a pureza, a concentra\u00e7\u00e3o e a esterilidade n\u00e3o est\u00e3o garantidas. A prepara\u00e7\u00e3o caseira de tinturas n\u00e3o \u00e9 permitida em Portugal nem na UE e \u00e9 arriscada para a sa\u00fade. Mantenha-se afastado disso.<\/p>\n<\/div>\n\n\n\n<p class=\"wp-block-paragraph\">Quanto aos custos, n\u00e3o existem dados oficiais. Os analistas do mercado norte-americano estimam 90 a 150 USD por m\u00eas, sem comparticipa\u00e7\u00e3o. Em Portugal, a alopecia androgen\u00e9tica n\u00e3o \u00e9 considerada uma doen\u00e7a com comparticipa\u00e7\u00e3o, pelo que o sistema de sa\u00fade, em regra, n\u00e3o suporta estes custos de tratamento (gesund.bund.de).<\/p>\n\n\n\n<h2 id=\"h-para-quem-e-indicada-a-clascoterona-e-para-quem-nao-e\" class=\"wp-block-heading\">Para quem \u00e9 indicada a clascoterona e para quem n\u00e3o \u00e9?<\/h2>\n\n\n\n<p class=\"wp-block-paragraph\">Segundo os dados dos estudos, a clascoterona \u00e9 indicada para homens com alopecia androgen\u00e9tica ligeira a moderada, ou seja, para os est\u00e1dios de Norwood III (v\u00e9rtice) a V. Pode estabilizar fol\u00edculos ainda existentes, mas n\u00e3o recupera fol\u00edculos j\u00e1 mortos. Como todos os medicamentos para a AGA, exige uma terap\u00eautica cont\u00ednua; ap\u00f3s a interrup\u00e7\u00e3o, o efeito perde-se.<\/p>\n\n\n\n<p class=\"wp-block-paragraph\">Na pr\u00e1tica, isto significa: o Breezula seria, caso aprovado, uma solu\u00e7\u00e3o aplicada duas vezes por dia no couro cabeludo seco da zona afetada, \u00e0 semelhan\u00e7a da aplica\u00e7\u00e3o do minoxidil. N\u00e3o \u00e9 uma cura, mas uma terap\u00eautica cont\u00ednua ao longo de anos. Nos dados aos 12 meses, os homens que passaram ao ve\u00edculo ap\u00f3s 6 meses voltaram a perder os ganhos antes alcan\u00e7ados (Cosmo, abril de 2026).<\/p>\n\n\n\n<p class=\"wp-block-paragraph\">O princ\u00edpio ativo n\u00e3o \u00e9 adequado na AGA avan\u00e7ada (Norwood VI a VII), onde j\u00e1 n\u00e3o existem fol\u00edculos vivos, nem em gr\u00e1vidas, lactantes e crian\u00e7as. Decisiva \u00e9 uma outra distin\u00e7\u00e3o: a queda de cabelo difusa n\u00e3o responde aos antiandrog\u00e9nios.<\/p>\n\n\n\n<h3 id=\"h-primeiro-esclarecer-a-causa-aga-ou-queda-de-cabelo-difusa\" class=\"wp-block-heading\">Primeiro, esclarecer a causa: AGA ou queda de cabelo difusa?<\/h3>\n\n\n\n<p class=\"wp-block-paragraph\">Os antiandrog\u00e9nios como a clascoterona visam exclusivamente a causa hormonal-gen\u00e9tica da alopecia androgen\u00e9tica. A queda de cabelo difusa (efl\u00favio tel\u00f3geno) tem outros desencadeadores, como a car\u00eancia de ferro (ferritina muitas vezes abaixo de 30 a 70 \u00b5g\/l), perturba\u00e7\u00f5es da tiroide, stress ou m\u00e1 nutri\u00e7\u00e3o. Aqui, um antiandrog\u00e9nio n\u00e3o tem utilidade; a causa tem de ser esclarecida primeiro.<\/p>\n\n\n\n<p class=\"wp-block-paragraph\">Por isso, antes de qualquer terap\u00eautica medicamentosa est\u00e1 o diagn\u00f3stico m\u00e9dico, com tricoscopia e, se necess\u00e1rio, hemograma. Saber se se trata de AGA ou de outra forma pode ser enquadrado atrav\u00e9s de uma an\u00e1lise visual do padr\u00e3o do couro cabeludo e do padr\u00e3o da queda de cabelo. Tal an\u00e1lise capilar n\u00e3o substitui, por\u00e9m, uma an\u00e1lise ao sangue feita por um m\u00e9dico, por exemplo para esclarecer os valores de ferro ou da tiroide. Mais sobre isto no artigo an\u00e1lise ao sangue na queda de cabelo.<\/p>\n\n\n<div class=\"wp-block-image\">\n<figure class=\"aligncenter size-large is-resized\" style=\"max-width:720px;margin-left:auto;margin-right:auto\"><img loading=\"lazy\" decoding=\"async\" width=\"1536\" height=\"1024\" src=\"https:\/\/elithair.com\/pt\/wp-content\/uploads\/sites\/7\/2026\/06\/mann_spiegel.png\" alt=\"Mann betrachtet seinen lichter werdenden Haaransatz im Spiegel\" class=\"wp-image-89655\" style=\"width:720px;max-width:100%;height:auto\" srcset=\"https:\/\/elithair.com\/pt\/wp-content\/uploads\/sites\/7\/2026\/06\/mann_spiegel.png 1536w, https:\/\/elithair.com\/pt\/wp-content\/uploads\/sites\/7\/2026\/06\/mann_spiegel-300x200.png 300w, https:\/\/elithair.com\/pt\/wp-content\/uploads\/sites\/7\/2026\/06\/mann_spiegel-1024x683.png 1024w, https:\/\/elithair.com\/pt\/wp-content\/uploads\/sites\/7\/2026\/06\/mann_spiegel-768x512.png 768w\" sizes=\"(max-width: 767px) 100vw, 660px\" \/><\/figure>\n<\/div>\n\n\n<p class=\"wp-block-paragraph\">S\u00f3 quando a causa estiver determinada \u00e9 que faz sentido decidir sobre uma terap\u00eautica. E \u00e9 exatamente aqui que se coloca, para muitos, a quest\u00e3o pr\u00e1tica: a clascoterona ainda n\u00e3o est\u00e1 dispon\u00edvel, ent\u00e3o o que fazer at\u00e9 que o Breezula talvez chegue?<\/p>\n\n\n\n<h2 id=\"h-a-espera-do-breezula-o-que-podem-fazer-os-afetados-ate-2028\" class=\"wp-block-heading\">\u00c0 espera do Breezula: o que podem fazer os afetados at\u00e9 2028?<\/h2>\n\n\n\n<p class=\"wp-block-paragraph\">At\u00e9 que o Breezula esteja realisticamente dispon\u00edvel em Portugal, em 2028 ou mais tarde, os afetados n\u00e3o t\u00eam de esperar de bra\u00e7os cruzados. Pelo contr\u00e1rio: na queda de cabelo heredit\u00e1ria conta a a\u00e7\u00e3o precoce, porque os fol\u00edculos que morrem uma vez n\u00e3o podem ser recuperados por nenhum medicamento. Existem op\u00e7\u00f5es consagradas e aprovadas para estabilizar j\u00e1 o capital capilar existente.<\/p>\n\n\n\n<p class=\"wp-block-paragraph\">Para a estabiliza\u00e7\u00e3o imediata h\u00e1 hoje tr\u00eas vias bem documentadas: minoxidil (sem receita, t\u00f3pico, prolonga a fase de crescimento), finasterida (sujeita a receita m\u00e9dica, reduz os n\u00edveis de DHT) e, em complemento, o tratamento PRP com sangue aut\u00f3logo. A op\u00e7\u00e3o que, do ponto de vista m\u00e9dico, est\u00e1 indicada depende do est\u00e1dio, da tolerabilidade e das prefer\u00eancias pessoais, e cabe a um m\u00e9dico decidi-la.<\/p>\n\n\n\n<p class=\"wp-block-paragraph\">Se, pelo contr\u00e1rio, h\u00e1 j\u00e1 zonas calvas, porque a\u00ed se perderam fol\u00edculos de forma definitiva, nenhum produto t\u00f3pico os consegue regenerar. Nesse caso, o <a href=\"\/pt\/transplante-capilar\/\">transplante capilar<\/a> (FUE ou DHI) \u00e9 a via medicamente consagrada, porque transfere fol\u00edculos pr\u00f3prios e resistentes \u00e0 DHT da zona occipital para as \u00e1reas rareadas. Um princ\u00edpio ativo como a clascoterona poderia, no futuro, estabilizar de forma complementar o capital capilar pr\u00f3prio remanescente.<\/p>\n\n\n\n<p class=\"wp-block-paragraph\">Por isso, o primeiro passo sensato \u00e9 deixar enquadrar o seu tipo de queda de cabelo e o est\u00e1dio. Uma an\u00e1lise capilar gratuita da Elithair \u00e9 uma an\u00e1lise visual do padr\u00e3o das suas fotografias; mostra, sem compromisso, se existe um padr\u00e3o heredit\u00e1rio e que vias s\u00e3o realistas. N\u00e3o substitui uma an\u00e1lise ao sangue feita por um m\u00e9dico, mas \u00e9 um bom ponto de partida para o planeamento seguinte.<\/p>\n\n\n\n<div class=\"wp-block-buttons has-custom-css is-content-justification-center is-layout-flex wp-container-core-buttons-is-layout-fe48e5de wp-block-buttons-is-layout-flex\">\n<div class=\"wp-block-button\"><a class=\"wp-block-button__link has-white-color has-text-color has-background has-link-color wp-element-button\" href=\"https:\/\/elithair.com\/pt\/analise-capilar\/\" style=\"border-top-left-radius:30px;border-top-right-radius:30px;border-bottom-left-radius:30px;border-bottom-right-radius:30px;background-color:#0079f1\">Iniciar an\u00e1lise capilar gratuita<\/a><\/div>\n<\/div>\n\n\n\n<h2 id=\"h-desenvolvimento-e-aprovacao-na-linha-do-tempo\" class=\"wp-block-heading\">Desenvolvimento e aprova\u00e7\u00e3o na linha do tempo<\/h2>\n\n\n\n<p class=\"wp-block-paragraph\">O desenvolvimento da clascoterona estende-se desde a aprova\u00e7\u00e3o para a acne at\u00e9 aos estudos conclu\u00eddos sobre a queda de cabelo. Caso o Breezula venha a ser aprovado, seria, segundo a Cosmo, o primeiro medicamento t\u00f3pico para a AGA com um novo mecanismo de a\u00e7\u00e3o desde o minoxidil (1988) e a finasterida (1997), ou seja, ao fim de mais de 30 anos.<\/p>\n\n\n\n<div style=\"overflow-x:auto;margin-bottom:28px\"><table class=\"htk-table\" style=\"min-width:560px;width:100%;border-collapse:collapse;font-size:15px\"><thead><tr style=\"background:#013366;color:#fff\"><th style=\"padding:11px;text-align:left\">Data<\/th><th style=\"padding:11px;text-align:left\">Marco<\/th><\/tr><\/thead><tbody>\n<tr style=\"border-bottom:1px solid #e3e8ef\"><td style=\"padding:11px\">Agosto de 2020<\/td><td style=\"padding:11px\">Aprova\u00e7\u00e3o da FDA para o Winlevi (1 %) contra a acne<\/td><\/tr>\n<tr style=\"border-bottom:1px solid #e3e8ef;background:#f7fafd\"><td style=\"padding:11px\">Outubro de 2025<\/td><td style=\"padding:11px\">Aprova\u00e7\u00e3o da EMA para o Winlevi na UE (sob monitoriza\u00e7\u00e3o adicional)<\/td><\/tr>\n<tr style=\"border-bottom:1px solid #e3e8ef\"><td style=\"padding:11px\">Dezembro de 2025<\/td><td style=\"padding:11px\">Resultados topline da fase III do Breezula (SCALP 1 e SCALP 2)<\/td><\/tr>\n<tr style=\"border-bottom:1px solid #e3e8ef;background:#f7fafd\"><td style=\"padding:11px\">Abril de 2026<\/td><td style=\"padding:11px\">Dados de seguran\u00e7a a 12 meses da fase III<\/td><\/tr>\n<tr style=\"border-bottom:1px solid #e3e8ef\"><td style=\"padding:11px\">In\u00edcio de 2027 (previsto)<\/td><td style=\"padding:11px\">Pedido de aprova\u00e7\u00e3o \u00e0 FDA (NDA) para o Breezula<\/td><\/tr>\n<tr style=\"border-bottom:1px solid #e3e8ef;background:#f7fafd\"><td style=\"padding:11px\">2028 ou mais tarde (esperado)<\/td><td style=\"padding:11px\">poss\u00edvel aprova\u00e7\u00e3o na UE ap\u00f3s a FDA<\/td><\/tr>\n<\/tbody><\/table>\n<p style=\"font-size:13px;color:#6b7280;margin:8px 0 0\">Calend\u00e1rio sem garantia. Fontes: FDA; EPAR Winlevi da EMA; Cosmo Pharmaceuticals; GenEngNews.<\/p>\n<\/div>\n\n\n\n<h2 id=\"h-conclusao-clascoterona-ponto-da-investigacao-em-2026\" class=\"wp-block-heading\">Conclus\u00e3o: clascoterona, ponto da investiga\u00e7\u00e3o em 2026<\/h2>\n\n\n\n<p class=\"wp-block-paragraph\">Enquanto Breezula, a clascoterona \u00e9, at\u00e9 agora, o \u00fanico antagonista t\u00f3pico do recetor de androg\u00e9nios que mostrou resultados estatisticamente significativos contra a alopecia androgen\u00e9tica num estudo de fase III de grande dimens\u00e3o. Trata-se de um verdadeiro progresso, porque h\u00e1 mais de 30 anos n\u00e3o surgia um medicamento t\u00f3pico para a AGA com um novo mecanismo de a\u00e7\u00e3o.<\/p>\n\n\n\n<p class=\"wp-block-paragraph\">Ao mesmo tempo, \u00e9 adequada alguma sobriedade: os dados prim\u00e1rios da fase III ainda n\u00e3o foram publicados com revis\u00e3o por pares, e faltam a seguran\u00e7a a longo prazo ao longo de anos e os n\u00fameros absolutos finais de cabelos. At\u00e9 uma aprova\u00e7\u00e3o em Portugal \u00e9 preciso paci\u00eancia, realisticamente 2028 ou mais tarde. A utiliza\u00e7\u00e3o off-label, a prepara\u00e7\u00e3o caseira e a aquisi\u00e7\u00e3o online em fontes n\u00e3o controladas s\u00e3o claramente desaconselhadas.<\/p>\n\n\n\n<p class=\"wp-block-paragraph\">Quem sofre hoje de perda capilar vis\u00edvel deve, antes de mais, esclarecer a causa junto de um m\u00e9dico. Na queda de cabelo de origem gen\u00e9tica, com fol\u00edculos perdidos de forma definitiva, o transplante capilar continua a ser a op\u00e7\u00e3o consagrada e plane\u00e1vel, ao passo que princ\u00edpios ativos como a clascoterona poderiam, no futuro, estabilizar de forma complementar o capital capilar existente.<\/p>\n\n\n\n<h2 id=\"h-perguntas-frequentes-sobre-a-clascoterona\" class=\"wp-block-heading\">Perguntas frequentes sobre a clascoterona<\/h2>\n\n\n\n<div>\n<div style=\"border:1px solid #e3e8ef;border-radius:10px;padding:16px;margin-bottom:12px\">\n<p style=\"margin:0 0 6px;color:#013366;font-weight:600;font-size:16px\">Qual \u00e9 a diferen\u00e7a entre o Winlevi e o Breezula?<\/p>\n<p style=\"margin:0;color:#2e3033;font-size:15px;line-height:1.6\">O mesmo princ\u00edpio ativo (clascoterona), com formula\u00e7\u00e3o e concentra\u00e7\u00e3o diferentes. O Winlevi \u00e9 um creme a 1 % contra a acne e est\u00e1 aprovado na UE\/EUA. O Breezula \u00e9 uma solu\u00e7\u00e3o a 5 % contra a queda de cabelo heredit\u00e1ria, ainda em investiga\u00e7\u00e3o e n\u00e3o aprovada (em junho de 2026).<\/p>\n<\/div>\n<div style=\"border:1px solid #e3e8ef;border-radius:10px;padding:16px;margin-bottom:12px\">\n<p style=\"margin:0 0 6px;color:#013366;font-weight:600;font-size:16px\">A clascoterona \u00e9 um bloqueador de DHT?<\/p>\n<p style=\"margin:0;color:#2e3033;font-size:15px;line-height:1.6\">N\u00e3o no sentido cl\u00e1ssico. A clascoterona n\u00e3o bloqueia a produ\u00e7\u00e3o de DHT, isso \u00e9 o que faz a finasterida, mas sim o recetor de androg\u00e9nios ao qual a DHT se liga. Os n\u00edveis de DHT no sangue mant\u00eam-se inalterados. \u00c9, portanto, um bloqueador do recetor no fol\u00edculo, n\u00e3o um inibidor da produ\u00e7\u00e3o.<\/p>\n<\/div>\n<div style=\"border:1px solid #e3e8ef;border-radius:10px;padding:16px;margin-bottom:12px\">\n<p style=\"margin:0 0 6px;color:#013366;font-weight:600;font-size:16px\">Posso usar o Winlevi off-label para o meu cabelo?<\/p>\n<p style=\"margin:0;color:#2e3033;font-size:15px;line-height:1.6\">N\u00e3o. O Winlevi cont\u00e9m apenas 1 % de clascoterona, em vez dos cerca de 5 % necess\u00e1rios para a AGA. O creme est\u00e1 formulado para a acne facial, n\u00e3o para a penetra\u00e7\u00e3o no couro cabeludo, cola os cabelos e n\u00e3o chega adequadamente aos fol\u00edculos. Off-label n\u00e3o \u00e9 eficaz nem recomendado.<\/p>\n<\/div>\n<div style=\"border:1px solid #e3e8ef;border-radius:10px;padding:16px;margin-bottom:12px\">\n<p style=\"margin:0 0 6px;color:#013366;font-weight:600;font-size:16px\">A clascoterona \u00e9 melhor do que a finasterida?<\/p>\n<p style=\"margin:0;color:#2e3033;font-size:15px;line-height:1.6\">Falta uma compara\u00e7\u00e3o direta head-to-head a partir de estudos. A clascoterona atua localmente no recetor sem interfer\u00eancia sist\u00e9mica na DHT; a finasterida atua de forma sist\u00e9mica e est\u00e1 amplamente documentada h\u00e1 mais de 25 anos. Ambas estabilizam a AGA, sem recuperar fol\u00edculos perdidos.<\/p>\n<\/div>\n<div style=\"border:1px solid #e3e8ef;border-radius:10px;padding:16px;margin-bottom:12px\">\n<p style=\"margin:0 0 6px;color:#013366;font-weight:600;font-size:16px\">Quando chega o Breezula ao mercado em Portugal?<\/p>\n<p style=\"margin:0;color:#2e3033;font-size:15px;line-height:1.6\">No m\u00ednimo em 2028, desde que a aprova\u00e7\u00e3o da FDA (pedido previsto para o in\u00edcio de 2027) decorra com \u00eaxito e a EMA conclua depois a sua avalia\u00e7\u00e3o. N\u00e3o h\u00e1 garantia de aprova\u00e7\u00e3o (em junho de 2026).<\/p>\n<\/div>\n<div style=\"border:1px solid #e3e8ef;border-radius:10px;padding:16px;margin-bottom:12px\">\n<p style=\"margin:0 0 6px;color:#013366;font-weight:600;font-size:16px\">Pode combinar-se a clascoterona com o minoxidil?<\/p>\n<p style=\"margin:0;color:#2e3033;font-size:15px;line-height:1.6\">Em teoria faz sentido, uma vez que os mecanismos de a\u00e7\u00e3o s\u00e3o diferentes e n\u00e3o existe antagonismo conhecido. Faltam, por\u00e9m, at\u00e9 agora, estudos cl\u00ednicos de combina\u00e7\u00e3o. A aplica\u00e7\u00e3o s\u00f3 deve ocorrer ap\u00f3s aconselhamento m\u00e9dico.<\/p>\n<\/div>\n<div style=\"border:1px solid #e3e8ef;border-radius:10px;padding:16px;margin-bottom:12px\">\n<p style=\"margin:0 0 6px;color:#013366;font-weight:600;font-size:16px\">A clascoterona tamb\u00e9m ajuda na queda de cabelo difusa?<\/p>\n<p style=\"margin:0;color:#2e3033;font-size:15px;line-height:1.6\">N\u00e3o. A queda de cabelo difusa tem, na maioria das vezes, outras causas, como a car\u00eancia de ferro, perturba\u00e7\u00f5es da tiroide ou stress. Os antiandrog\u00e9nios visam exclusivamente a causa hormonal-gen\u00e9tica da AGA. Na queda de cabelo difusa, a causa deve ser esclarecida primeiro junto de um m\u00e9dico.<\/p>\n<\/div>\n<div style=\"border:1px solid #e3e8ef;border-radius:10px;padding:16px;margin-bottom:0\">\n<p style=\"margin:0 0 6px;color:#013366;font-weight:600;font-size:16px\">A clascoterona atua nas mulheres?<\/p>\n<p style=\"margin:0;color:#2e3033;font-size:15px;line-height:1.6\">Apenas h\u00e1 primeiros ind\u00edcios, insuficientes. Num estudo de fase II com 293 mulheres, s\u00f3 o subgrupo das mulheres com menos de 30 anos que usaram clascoterona a 5 % mostrou um efeito significativo (p = 0,0391). Para as mulheres no seu conjunto, os dados n\u00e3o s\u00e3o suficientes, e n\u00e3o est\u00e1 em curso um programa de fase III para mulheres.<\/p>\n<\/div>\n<\/div>\n\n\n\n<h2 id=\"h-fontes\" class=\"wp-block-heading\">Fontes<\/h2>\n\n\n\n<div style=\"background:#f7fafd;border:1px solid #e3e8ef;border-radius:10px;padding:18px 20px;margin-bottom:18px\">\n<ul style=\"margin:0;padding-left:20px;color:#2e3033;font-size:14px;line-height:1.75\">\n<li>Rosette C. et al. (2019): Cortexolone 17\u03b1-Propionate (Clascoterone) is an Androgen Receptor Antagonist in Dermal Papilla Cells In Vitro. Journal of Drugs in Dermatology. <a href=\"https:\/\/pubmed.ncbi.nlm.nih.gov\/30811143\/\" target=\"_blank\" rel=\"noopener\">PubMed 30811143<\/a><\/li>\n<li>Mazzetti A. et al. (2019): Pharmacokinetic Profile, Safety, and Tolerability of Clascoterone (CB-03-01) Topical Cream, 1%. Journal of Drugs in Dermatology. <a href=\"https:\/\/pubmed.ncbi.nlm.nih.gov\/31251549\/\" target=\"_blank\" rel=\"noopener\">PubMed 31251549<\/a><\/li>\n<li>FDA \/ DailyMed: Winlevi (Clascoterone) Prescribing Information, Initial U.S. Approval 2020. <a href=\"https:\/\/dailymed.nlm.nih.gov\/dailymed\/drugInfo.cfm?setid=1673a84b-7f5c-47ab-a99c-1e3db21a6a09\" target=\"_blank\" rel=\"noopener\">DailyMed Winlevi<\/a><\/li>\n<li>EMA: Winlevi (Clascoterone) EPAR, aprova\u00e7\u00e3o a 17 de outubro de 2025. <a href=\"https:\/\/www.ema.europa.eu\/en\/medicines\/human\/EPAR\/winlevi\" target=\"_blank\" rel=\"noopener\">European Medicines Agency<\/a><\/li>\n<li>Cosmo Pharmaceuticals: resultados topline da fase III SCALP 1 e SCALP 2, dezembro de 2025. <a href=\"https:\/\/www.cosmohealthconfidence.com\/news\/11029858-breezula-phase-iii-results\" target=\"_blank\" rel=\"noopener\">cosmohealthconfidence.com<\/a><\/li>\n<li>Cosmo Pharmaceuticals: dados de seguran\u00e7a a 12 meses da fase III, abril de 2026. <a href=\"https:\/\/www.cosmohealthconfidence.com\/news\/98958067-clascoterone-12-month-safety-results-ende\" target=\"_blank\" rel=\"noopener\">cosmohealthconfidence.com<\/a><\/li>\n<li>Cassiopea S.p.A.: resultados a 12 meses da fase II em homens, abril de 2019. <a href=\"https:\/\/www.finanznachrichten.de\/nachrichten-2019-04\/46472255-cassiopea-s-p-a-cassiopea-gibt-sehr-positive-phase-ii-zwoelfmonats-resultate-fuer-breezula-clascoterone-in-der-behandlung-von-androgenetischer-allop-353.htm\" target=\"_blank\" rel=\"noopener\">Finanznachrichten.de<\/a><\/li>\n<li>DermNet NZ: Clascoterone (efeitos secund\u00e1rios, contraindica\u00e7\u00f5es, regula\u00e7\u00e3o). <a href=\"https:\/\/dermnetnz.org\/topics\/clascoterone\" target=\"_blank\" rel=\"noopener\">DermNet NZ<\/a><\/li>\n<li>gesund.bund.de (BMG): Queda de cabelo de origem heredit\u00e1ria no homem. <a href=\"https:\/\/gesund.bund.de\/en\/anlagebedingter-haarausfall-beim-mann\" target=\"_blank\" rel=\"noopener\">gesund.bund.de<\/a><\/li>\n<\/ul>\n<\/div>\n\n\n\n<p style=\"font-size:13px;color:#6b7280;font-style:italic;margin-bottom:20px\">Revisto sob o ponto de vista m\u00e9dico, estado de junho de 2026. Este guia destina-se a fins informativos e n\u00e3o substitui o aconselhamento, o diagn\u00f3stico ou o tratamento m\u00e9dico. A clascoterona (Breezula) n\u00e3o est\u00e1 aprovada contra a queda de cabelo. N\u00e3o tome qualquer decis\u00e3o terap\u00eautica sem consultar um m\u00e9dico.<\/p>\n\n\n\n<script type=\"application\/ld+json\">\n{\"@context\":\"https:\/\/schema.org\",\"@type\":\"FAQPage\",\"mainEntity\":[\n{\"@type\":\"Question\",\"name\":\"Qual \u00e9 a diferen\u00e7a entre o Winlevi e o Breezula?\",\"acceptedAnswer\":{\"@type\":\"Answer\",\"text\":\"O mesmo princ\u00edpio ativo (clascoterona), com formula\u00e7\u00e3o e concentra\u00e7\u00e3o diferentes. O Winlevi \u00e9 um creme a 1 % contra a acne e est\u00e1 aprovado na UE\/EUA. O Breezula \u00e9 uma solu\u00e7\u00e3o a 5 % contra a queda de cabelo heredit\u00e1ria, ainda em investiga\u00e7\u00e3o e n\u00e3o aprovada (em junho de 2026).\"}},\n{\"@type\":\"Question\",\"name\":\"A clascoterona \u00e9 um bloqueador de DHT?\",\"acceptedAnswer\":{\"@type\":\"Answer\",\"text\":\"N\u00e3o no sentido cl\u00e1ssico. A clascoterona n\u00e3o bloqueia a produ\u00e7\u00e3o de DHT, isso \u00e9 o que faz a finasterida, mas sim o recetor de androg\u00e9nios ao qual a DHT se liga. Os n\u00edveis de DHT no sangue mant\u00eam-se inalterados. \u00c9, portanto, um bloqueador do recetor no fol\u00edculo, n\u00e3o um inibidor da produ\u00e7\u00e3o.\"}},\n{\"@type\":\"Question\",\"name\":\"Posso usar o Winlevi off-label para o meu cabelo?\",\"acceptedAnswer\":{\"@type\":\"Answer\",\"text\":\"N\u00e3o. O Winlevi cont\u00e9m apenas 1 % de clascoterona, em vez dos cerca de 5 % necess\u00e1rios para a AGA. O creme est\u00e1 formulado para a acne facial, n\u00e3o para a penetra\u00e7\u00e3o no couro cabeludo, cola os cabelos e n\u00e3o chega adequadamente aos fol\u00edculos. Off-label n\u00e3o \u00e9 eficaz nem recomendado.\"}},\n{\"@type\":\"Question\",\"name\":\"A clascoterona \u00e9 melhor do que a finasterida?\",\"acceptedAnswer\":{\"@type\":\"Answer\",\"text\":\"Falta uma compara\u00e7\u00e3o direta head-to-head a partir de estudos. A clascoterona atua localmente no recetor sem interfer\u00eancia sist\u00e9mica na DHT; a finasterida atua de forma sist\u00e9mica e est\u00e1 amplamente documentada h\u00e1 mais de 25 anos. Ambas estabilizam a AGA, sem recuperar fol\u00edculos perdidos.\"}},\n{\"@type\":\"Question\",\"name\":\"Quando chega o Breezula ao mercado em Portugal?\",\"acceptedAnswer\":{\"@type\":\"Answer\",\"text\":\"No m\u00ednimo em 2028, desde que a aprova\u00e7\u00e3o da FDA (pedido previsto para o in\u00edcio de 2027) decorra com \u00eaxito e a EMA conclua depois a sua avalia\u00e7\u00e3o. N\u00e3o h\u00e1 garantia de aprova\u00e7\u00e3o (em junho de 2026).\"}},\n{\"@type\":\"Question\",\"name\":\"Pode combinar-se a clascoterona com o minoxidil?\",\"acceptedAnswer\":{\"@type\":\"Answer\",\"text\":\"Em teoria faz sentido, uma vez que os mecanismos de a\u00e7\u00e3o s\u00e3o diferentes e n\u00e3o existe antagonismo conhecido. Faltam, por\u00e9m, at\u00e9 agora, estudos cl\u00ednicos de combina\u00e7\u00e3o. A aplica\u00e7\u00e3o s\u00f3 deve ocorrer ap\u00f3s aconselhamento m\u00e9dico.\"}},\n{\"@type\":\"Question\",\"name\":\"A clascoterona tamb\u00e9m ajuda na queda de cabelo difusa?\",\"acceptedAnswer\":{\"@type\":\"Answer\",\"text\":\"N\u00e3o. A queda de cabelo difusa tem, na maioria das vezes, outras causas, como a car\u00eancia de ferro, perturba\u00e7\u00f5es da tiroide ou stress. Os antiandrog\u00e9nios visam exclusivamente a causa hormonal-gen\u00e9tica da AGA. Na queda de cabelo difusa, a causa deve ser esclarecida primeiro junto de um m\u00e9dico.\"}},\n{\"@type\":\"Question\",\"name\":\"A clascoterona atua nas mulheres?\",\"acceptedAnswer\":{\"@type\":\"Answer\",\"text\":\"Apenas h\u00e1 primeiros ind\u00edcios, insuficientes. Num estudo de fase II com 293 mulheres, s\u00f3 o subgrupo das mulheres com menos de 30 anos que usaram clascoterona a 5 % mostrou um efeito significativo (p = 0,0391). Para as mulheres no seu conjunto, os dados n\u00e3o s\u00e3o suficientes, e n\u00e3o est\u00e1 em curso um programa de fase III para mulheres.\"}}\n]}\n<\/script>\n","protected":false},"excerpt":{"rendered":"<p>Resposta r\u00e1pida O medicamento para a queda de cabelo clascoterona (propionato de cortexolona-17&alpha;) \u00e9 um antiandrog\u00e9nio t\u00f3pico que bloqueia o recetor de androg\u00e9nios diretamente no fol\u00edculo capilar. Como creme para a acne, com o nome Winlevi (1 %), est\u00e1 aprovado (FDA 2020, EMA outubro de 2025). Contra a queda de cabelo heredit\u00e1ria est\u00e1 a ser [&hellip;]<\/p>\n","protected":false},"author":10,"featured_media":89656,"comment_status":"open","ping_status":"open","sticky":false,"template":"","format":"standard","meta":{"_acf_changed":false,"_yoast_wpseo_meta-robots-noindex":"2","_yoast_wpseo_meta-robots-nofollow":"","_yoast_wpseo_meta-robots-adv":"","_yoast_wpseo_canonical":"https:\/\/elithair.com\/pt\/blog-sobre-implante-capilar\/clascoterona-queda-de-cabelo\/","_yoast_wpseo_opengraph-title":"","_yoast_wpseo_opengraph-description":"","_yoast_wpseo_opengraph-image":"","_yoast_wpseo_twitter-title":"","_yoast_wpseo_twitter-description":"","_yoast_wpseo_twitter-image":"","_hm_hreflang_map":{"de":99367,"en":96879,"es":91811,"fr":97662,"it":107597,"pt":89657,"tr":83217,"uk":93868,"x_default":96678},"_hm_language_code":"pt","footnotes":""},"categories":[9],"tags":[],"class_list":["post-89657","post","type-post","status-publish","format-standard","has-post-thumbnail","hentry","category-queda-de-cabelo-blog"],"acf":[],"yoast_head":"<!-- This site is optimized with the Yoast SEO Premium plugin v28.3 (Yoast SEO v28.3) - https:\/\/yoast.com\/product\/yoast-seo-premium-wordpress\/ -->\n<title>Clascoterona (Breezula) para a queda de cabelo: a\u00e7\u00e3o, efeitos secund\u00e1rios, estudos e disponibilidade | Elithair<\/title>\n<meta name=\"description\" content=\"Clascoterona (Breezula) contra a queda de cabelo: a\u00e7\u00e3o, efeitos secund\u00e1rios, estudos de fase III, compara\u00e7\u00e3o com a finasterida e se est\u00e1 dispon\u00edvel em Portugal.\" \/>\n<meta name=\"robots\" content=\"index, follow, max-snippet:-1, max-image-preview:large, max-video-preview:-1\" \/>\n<link rel=\"canonical\" href=\"https:\/\/elithair.com\/pt\/blog-sobre-implante-capilar\/clascoterona-queda-de-cabelo\/\" \/>\n<meta property=\"og:locale\" content=\"pt_PT\" \/>\n<meta property=\"og:type\" content=\"article\" \/>\n<meta property=\"og:title\" content=\"Clascoterona para a queda de cabelo: a\u00e7\u00e3o, estudos e ponto da situa\u00e7\u00e3o em 2026\" \/>\n<meta property=\"og:description\" content=\"Clascoterona (Breezula) contra a queda de cabelo: a\u00e7\u00e3o, efeitos secund\u00e1rios, estudos de fase III, compara\u00e7\u00e3o com a finasterida e se est\u00e1 dispon\u00edvel em Portugal.\" \/>\n<meta property=\"og:url\" content=\"https:\/\/elithair.com\/pt\/blog-sobre-implante-capilar\/clascoterona-queda-de-cabelo\/\" \/>\n<meta property=\"og:site_name\" content=\"Elithair\" \/>\n<meta property=\"article:publisher\" content=\"https:\/\/www.facebook.com\/Dr.Abdulaziz.Balwi.Hair.Transplant\" \/>\n<meta property=\"article:published_time\" content=\"2026-06-24T12:37:41+00:00\" \/>\n<meta property=\"og:image\" content=\"https:\/\/elithair.com\/pt\/wp-content\/uploads\/sites\/7\/2026\/06\/hero-4-1024x683.png\" \/>\n\t<meta property=\"og:image:width\" content=\"1024\" \/>\n\t<meta property=\"og:image:height\" content=\"683\" \/>\n\t<meta property=\"og:image:type\" content=\"image\/png\" \/>\n<meta name=\"author\" content=\"Dr. Imad Moustafa\" \/>\n<meta name=\"twitter:card\" content=\"summary_large_image\" \/>\n<meta name=\"twitter:label1\" content=\"Escrito por\" \/>\n\t<meta name=\"twitter:data1\" content=\"Dr. Imad Moustafa\" \/>\n\t<meta name=\"twitter:label2\" content=\"Tempo estimado de leitura\" \/>\n\t<meta name=\"twitter:data2\" content=\"21 minutos\" \/>\n<script type=\"application\/ld+json\" class=\"yoast-schema-graph\">{\"@context\":\"https:\\\/\\\/schema.org\",\"@graph\":[{\"@type\":\"Article\",\"@id\":\"https:\\\/\\\/elithair.com\\\/pt\\\/blog-sobre-implante-capilar\\\/clascoterona-queda-de-cabelo\\\/#article\",\"isPartOf\":{\"@id\":\"https:\\\/\\\/elithair.com\\\/pt\\\/blog-sobre-implante-capilar\\\/clascoterona-queda-de-cabelo\\\/\"},\"author\":{\"name\":\"Dr. Imad Moustafa\",\"@id\":\"https:\\\/\\\/elithair.com\\\/pt\\\/#\\\/schema\\\/person\\\/11ce37e83a6343e4c37edcd4b5498e41\"},\"headline\":\"Clascoterona para a queda de cabelo: a\u00e7\u00e3o, estudos e ponto da situa\u00e7\u00e3o em 2026\",\"datePublished\":\"2026-06-24T12:37:41+00:00\",\"mainEntityOfPage\":{\"@id\":\"https:\\\/\\\/elithair.com\\\/pt\\\/blog-sobre-implante-capilar\\\/clascoterona-queda-de-cabelo\\\/\"},\"wordCount\":4317,\"commentCount\":0,\"publisher\":{\"@id\":\"https:\\\/\\\/elithair.com\\\/pt\\\/#organization\"},\"image\":{\"@id\":\"https:\\\/\\\/elithair.com\\\/pt\\\/blog-sobre-implante-capilar\\\/clascoterona-queda-de-cabelo\\\/#primaryimage\"},\"thumbnailUrl\":\"https:\\\/\\\/elithair.com\\\/pt\\\/wp-content\\\/uploads\\\/sites\\\/7\\\/2026\\\/06\\\/hero-4.png\",\"articleSection\":[\"Queda de Cabelo\"],\"inLanguage\":\"pt-PT\",\"potentialAction\":[{\"@type\":\"CommentAction\",\"name\":\"Comment\",\"target\":[\"https:\\\/\\\/elithair.com\\\/pt\\\/blog-sobre-implante-capilar\\\/clascoterona-queda-de-cabelo\\\/#respond\"]}]},{\"@type\":\"WebPage\",\"@id\":\"https:\\\/\\\/elithair.com\\\/pt\\\/blog-sobre-implante-capilar\\\/clascoterona-queda-de-cabelo\\\/\",\"url\":\"https:\\\/\\\/elithair.com\\\/pt\\\/blog-sobre-implante-capilar\\\/clascoterona-queda-de-cabelo\\\/\",\"name\":\"Clascoterona (Breezula) para a queda de cabelo: a\u00e7\u00e3o, efeitos secund\u00e1rios, estudos e disponibilidade | Elithair\",\"isPartOf\":{\"@id\":\"https:\\\/\\\/elithair.com\\\/pt\\\/#website\"},\"primaryImageOfPage\":{\"@id\":\"https:\\\/\\\/elithair.com\\\/pt\\\/blog-sobre-implante-capilar\\\/clascoterona-queda-de-cabelo\\\/#primaryimage\"},\"image\":{\"@id\":\"https:\\\/\\\/elithair.com\\\/pt\\\/blog-sobre-implante-capilar\\\/clascoterona-queda-de-cabelo\\\/#primaryimage\"},\"thumbnailUrl\":\"https:\\\/\\\/elithair.com\\\/pt\\\/wp-content\\\/uploads\\\/sites\\\/7\\\/2026\\\/06\\\/hero-4.png\",\"datePublished\":\"2026-06-24T12:37:41+00:00\",\"description\":\"Clascoterona (Breezula) contra a queda de cabelo: a\u00e7\u00e3o, efeitos secund\u00e1rios, estudos de fase III, compara\u00e7\u00e3o com a finasterida e se est\u00e1 dispon\u00edvel em Portugal.\",\"breadcrumb\":{\"@id\":\"https:\\\/\\\/elithair.com\\\/pt\\\/blog-sobre-implante-capilar\\\/clascoterona-queda-de-cabelo\\\/#breadcrumb\"},\"inLanguage\":\"pt-PT\",\"potentialAction\":[{\"@type\":\"ReadAction\",\"target\":[\"https:\\\/\\\/elithair.com\\\/pt\\\/blog-sobre-implante-capilar\\\/clascoterona-queda-de-cabelo\\\/\"]}]},{\"@type\":\"ImageObject\",\"inLanguage\":\"pt-PT\",\"@id\":\"https:\\\/\\\/elithair.com\\\/pt\\\/blog-sobre-implante-capilar\\\/clascoterona-queda-de-cabelo\\\/#primaryimage\",\"url\":\"https:\\\/\\\/elithair.com\\\/pt\\\/wp-content\\\/uploads\\\/sites\\\/7\\\/2026\\\/06\\\/hero-4.png\",\"contentUrl\":\"https:\\\/\\\/elithair.com\\\/pt\\\/wp-content\\\/uploads\\\/sites\\\/7\\\/2026\\\/06\\\/hero-4.png\",\"width\":1536,\"height\":1024,\"caption\":\"Mann tr\u00e4gt eine klare topische L\u00f6sung mit einer Pipette auf den Haaransatz auf\"},{\"@type\":\"BreadcrumbList\",\"@id\":\"https:\\\/\\\/elithair.com\\\/pt\\\/blog-sobre-implante-capilar\\\/clascoterona-queda-de-cabelo\\\/#breadcrumb\",\"itemListElement\":[{\"@type\":\"ListItem\",\"position\":1,\"name\":\"Home\",\"item\":\"https:\\\/\\\/elithair.com\\\/pt\\\/\"},{\"@type\":\"ListItem\",\"position\":2,\"name\":\"Clascoterona para a queda de cabelo: a\u00e7\u00e3o, estudos e ponto da situa\u00e7\u00e3o em 2026\"}]},{\"@type\":\"WebSite\",\"@id\":\"https:\\\/\\\/elithair.com\\\/pt\\\/#website\",\"url\":\"https:\\\/\\\/elithair.com\\\/pt\\\/\",\"name\":\"Elithair\",\"description\":\"\",\"publisher\":{\"@id\":\"https:\\\/\\\/elithair.com\\\/pt\\\/#organization\"},\"alternateName\":\"a melhor cl\u00ednica de transplante capilar na Turquia\",\"potentialAction\":[{\"@type\":\"SearchAction\",\"target\":{\"@type\":\"EntryPoint\",\"urlTemplate\":\"https:\\\/\\\/elithair.com\\\/pt\\\/?s={search_term_string}\"},\"query-input\":{\"@type\":\"PropertyValueSpecification\",\"valueRequired\":true,\"valueName\":\"search_term_string\"}}],\"inLanguage\":\"pt-PT\"},{\"@type\":\"Organization\",\"@id\":\"https:\\\/\\\/elithair.com\\\/pt\\\/#organization\",\"name\":\"Elithair\",\"url\":\"https:\\\/\\\/elithair.com\\\/pt\\\/\",\"logo\":{\"@type\":\"ImageObject\",\"inLanguage\":\"pt-PT\",\"@id\":\"https:\\\/\\\/elithair.com\\\/pt\\\/#\\\/schema\\\/logo\\\/image\\\/\",\"url\":\"https:\\\/\\\/elithair.com\\\/pt\\\/wp-content\\\/uploads\\\/sites\\\/7\\\/2026\\\/04\\\/elithair-logo-primary.svg\",\"contentUrl\":\"https:\\\/\\\/elithair.com\\\/pt\\\/wp-content\\\/uploads\\\/sites\\\/7\\\/2026\\\/04\\\/elithair-logo-primary.svg\",\"width\":1,\"height\":1,\"caption\":\"Elithair\"},\"image\":{\"@id\":\"https:\\\/\\\/elithair.com\\\/pt\\\/#\\\/schema\\\/logo\\\/image\\\/\"},\"sameAs\":[\"https:\\\/\\\/www.facebook.com\\\/Dr.Abdulaziz.Balwi.Hair.Transplant\",\"https:\\\/\\\/www.instagram.com\\\/elithairtransplant_pt\",\"https:\\\/\\\/www.tiktok.com\\\/@elithair.global\",\"https:\\\/\\\/www.youtube.com\\\/@transplantecapilar-elithai4428\"]},{\"@type\":\"Person\",\"@id\":\"https:\\\/\\\/elithair.com\\\/pt\\\/#\\\/schema\\\/person\\\/11ce37e83a6343e4c37edcd4b5498e41\",\"name\":\"Dr. Imad Moustafa\",\"image\":{\"@type\":\"ImageObject\",\"inLanguage\":\"pt-PT\",\"@id\":\"https:\\\/\\\/secure.gravatar.com\\\/avatar\\\/9190499f6f3008cd7da57b179f07bfea4b4e382c816ba3e0de68db0b5a70c07d?s=96&d=mm&r=g\",\"url\":\"https:\\\/\\\/secure.gravatar.com\\\/avatar\\\/9190499f6f3008cd7da57b179f07bfea4b4e382c816ba3e0de68db0b5a70c07d?s=96&d=mm&r=g\",\"contentUrl\":\"https:\\\/\\\/secure.gravatar.com\\\/avatar\\\/9190499f6f3008cd7da57b179f07bfea4b4e382c816ba3e0de68db0b5a70c07d?s=96&d=mm&r=g\",\"caption\":\"Dr. Imad Moustafa\"}}]}<\/script>\n<!-- \/ Yoast SEO Premium plugin. -->","yoast_head_json":{"title":"Clascoterona (Breezula) para a queda de cabelo: a\u00e7\u00e3o, efeitos secund\u00e1rios, estudos e disponibilidade | Elithair","description":"Clascoterona (Breezula) contra a queda de cabelo: a\u00e7\u00e3o, efeitos secund\u00e1rios, estudos de fase III, compara\u00e7\u00e3o com a finasterida e se est\u00e1 dispon\u00edvel em Portugal.","robots":{"index":"index","follow":"follow","max-snippet":"max-snippet:-1","max-image-preview":"max-image-preview:large","max-video-preview":"max-video-preview:-1"},"canonical":"https:\/\/elithair.com\/pt\/blog-sobre-implante-capilar\/clascoterona-queda-de-cabelo\/","og_locale":"pt_PT","og_type":"article","og_title":"Clascoterona para a queda de cabelo: a\u00e7\u00e3o, estudos e ponto da situa\u00e7\u00e3o em 2026","og_description":"Clascoterona (Breezula) contra a queda de cabelo: a\u00e7\u00e3o, efeitos secund\u00e1rios, estudos de fase III, compara\u00e7\u00e3o com a finasterida e se est\u00e1 dispon\u00edvel em Portugal.","og_url":"https:\/\/elithair.com\/pt\/blog-sobre-implante-capilar\/clascoterona-queda-de-cabelo\/","og_site_name":"Elithair","article_publisher":"https:\/\/www.facebook.com\/Dr.Abdulaziz.Balwi.Hair.Transplant","article_published_time":"2026-06-24T12:37:41+00:00","og_image":[{"width":1024,"height":683,"url":"https:\/\/elithair.com\/pt\/wp-content\/uploads\/sites\/7\/2026\/06\/hero-4-1024x683.png","type":"image\/png"}],"author":"Dr. Imad Moustafa","twitter_card":"summary_large_image","twitter_misc":{"Escrito por":"Dr. Imad Moustafa","Tempo estimado de leitura":"21 minutos"},"schema":{"@context":"https:\/\/schema.org","@graph":[{"@type":"Article","@id":"https:\/\/elithair.com\/pt\/blog-sobre-implante-capilar\/clascoterona-queda-de-cabelo\/#article","isPartOf":{"@id":"https:\/\/elithair.com\/pt\/blog-sobre-implante-capilar\/clascoterona-queda-de-cabelo\/"},"author":{"name":"Dr. Imad Moustafa","@id":"https:\/\/elithair.com\/pt\/#\/schema\/person\/11ce37e83a6343e4c37edcd4b5498e41"},"headline":"Clascoterona para a queda de cabelo: a\u00e7\u00e3o, estudos e ponto da situa\u00e7\u00e3o em 2026","datePublished":"2026-06-24T12:37:41+00:00","mainEntityOfPage":{"@id":"https:\/\/elithair.com\/pt\/blog-sobre-implante-capilar\/clascoterona-queda-de-cabelo\/"},"wordCount":4317,"commentCount":0,"publisher":{"@id":"https:\/\/elithair.com\/pt\/#organization"},"image":{"@id":"https:\/\/elithair.com\/pt\/blog-sobre-implante-capilar\/clascoterona-queda-de-cabelo\/#primaryimage"},"thumbnailUrl":"https:\/\/elithair.com\/pt\/wp-content\/uploads\/sites\/7\/2026\/06\/hero-4.png","articleSection":["Queda de Cabelo"],"inLanguage":"pt-PT","potentialAction":[{"@type":"CommentAction","name":"Comment","target":["https:\/\/elithair.com\/pt\/blog-sobre-implante-capilar\/clascoterona-queda-de-cabelo\/#respond"]}]},{"@type":"WebPage","@id":"https:\/\/elithair.com\/pt\/blog-sobre-implante-capilar\/clascoterona-queda-de-cabelo\/","url":"https:\/\/elithair.com\/pt\/blog-sobre-implante-capilar\/clascoterona-queda-de-cabelo\/","name":"Clascoterona (Breezula) para a queda de cabelo: a\u00e7\u00e3o, efeitos secund\u00e1rios, estudos e disponibilidade | Elithair","isPartOf":{"@id":"https:\/\/elithair.com\/pt\/#website"},"primaryImageOfPage":{"@id":"https:\/\/elithair.com\/pt\/blog-sobre-implante-capilar\/clascoterona-queda-de-cabelo\/#primaryimage"},"image":{"@id":"https:\/\/elithair.com\/pt\/blog-sobre-implante-capilar\/clascoterona-queda-de-cabelo\/#primaryimage"},"thumbnailUrl":"https:\/\/elithair.com\/pt\/wp-content\/uploads\/sites\/7\/2026\/06\/hero-4.png","datePublished":"2026-06-24T12:37:41+00:00","description":"Clascoterona (Breezula) contra a queda de cabelo: a\u00e7\u00e3o, efeitos secund\u00e1rios, estudos de fase III, compara\u00e7\u00e3o com a finasterida e se est\u00e1 dispon\u00edvel em Portugal.","breadcrumb":{"@id":"https:\/\/elithair.com\/pt\/blog-sobre-implante-capilar\/clascoterona-queda-de-cabelo\/#breadcrumb"},"inLanguage":"pt-PT","potentialAction":[{"@type":"ReadAction","target":["https:\/\/elithair.com\/pt\/blog-sobre-implante-capilar\/clascoterona-queda-de-cabelo\/"]}]},{"@type":"ImageObject","inLanguage":"pt-PT","@id":"https:\/\/elithair.com\/pt\/blog-sobre-implante-capilar\/clascoterona-queda-de-cabelo\/#primaryimage","url":"https:\/\/elithair.com\/pt\/wp-content\/uploads\/sites\/7\/2026\/06\/hero-4.png","contentUrl":"https:\/\/elithair.com\/pt\/wp-content\/uploads\/sites\/7\/2026\/06\/hero-4.png","width":1536,"height":1024,"caption":"Mann tr\u00e4gt eine klare topische L\u00f6sung mit einer Pipette auf den Haaransatz auf"},{"@type":"BreadcrumbList","@id":"https:\/\/elithair.com\/pt\/blog-sobre-implante-capilar\/clascoterona-queda-de-cabelo\/#breadcrumb","itemListElement":[{"@type":"ListItem","position":1,"name":"Home","item":"https:\/\/elithair.com\/pt\/"},{"@type":"ListItem","position":2,"name":"Clascoterona para a queda de cabelo: a\u00e7\u00e3o, estudos e ponto da situa\u00e7\u00e3o em 2026"}]},{"@type":"WebSite","@id":"https:\/\/elithair.com\/pt\/#website","url":"https:\/\/elithair.com\/pt\/","name":"Elithair","description":"","publisher":{"@id":"https:\/\/elithair.com\/pt\/#organization"},"alternateName":"a melhor cl\u00ednica de transplante capilar na Turquia","potentialAction":[{"@type":"SearchAction","target":{"@type":"EntryPoint","urlTemplate":"https:\/\/elithair.com\/pt\/?s={search_term_string}"},"query-input":{"@type":"PropertyValueSpecification","valueRequired":true,"valueName":"search_term_string"}}],"inLanguage":"pt-PT"},{"@type":"Organization","@id":"https:\/\/elithair.com\/pt\/#organization","name":"Elithair","url":"https:\/\/elithair.com\/pt\/","logo":{"@type":"ImageObject","inLanguage":"pt-PT","@id":"https:\/\/elithair.com\/pt\/#\/schema\/logo\/image\/","url":"https:\/\/elithair.com\/pt\/wp-content\/uploads\/sites\/7\/2026\/04\/elithair-logo-primary.svg","contentUrl":"https:\/\/elithair.com\/pt\/wp-content\/uploads\/sites\/7\/2026\/04\/elithair-logo-primary.svg","width":1,"height":1,"caption":"Elithair"},"image":{"@id":"https:\/\/elithair.com\/pt\/#\/schema\/logo\/image\/"},"sameAs":["https:\/\/www.facebook.com\/Dr.Abdulaziz.Balwi.Hair.Transplant","https:\/\/www.instagram.com\/elithairtransplant_pt","https:\/\/www.tiktok.com\/@elithair.global","https:\/\/www.youtube.com\/@transplantecapilar-elithai4428"]},{"@type":"Person","@id":"https:\/\/elithair.com\/pt\/#\/schema\/person\/11ce37e83a6343e4c37edcd4b5498e41","name":"Dr. Imad Moustafa","image":{"@type":"ImageObject","inLanguage":"pt-PT","@id":"https:\/\/secure.gravatar.com\/avatar\/9190499f6f3008cd7da57b179f07bfea4b4e382c816ba3e0de68db0b5a70c07d?s=96&d=mm&r=g","url":"https:\/\/secure.gravatar.com\/avatar\/9190499f6f3008cd7da57b179f07bfea4b4e382c816ba3e0de68db0b5a70c07d?s=96&d=mm&r=g","contentUrl":"https:\/\/secure.gravatar.com\/avatar\/9190499f6f3008cd7da57b179f07bfea4b4e382c816ba3e0de68db0b5a70c07d?s=96&d=mm&r=g","caption":"Dr. Imad Moustafa"}}]}},"_links":{"self":[{"href":"https:\/\/elithair.com\/pt\/wp-json\/wp\/v2\/posts\/89657","targetHints":{"allow":["GET"]}}],"collection":[{"href":"https:\/\/elithair.com\/pt\/wp-json\/wp\/v2\/posts"}],"about":[{"href":"https:\/\/elithair.com\/pt\/wp-json\/wp\/v2\/types\/post"}],"author":[{"embeddable":true,"href":"https:\/\/elithair.com\/pt\/wp-json\/wp\/v2\/users\/10"}],"replies":[{"embeddable":true,"href":"https:\/\/elithair.com\/pt\/wp-json\/wp\/v2\/comments?post=89657"}],"version-history":[{"count":0,"href":"https:\/\/elithair.com\/pt\/wp-json\/wp\/v2\/posts\/89657\/revisions"}],"wp:featuredmedia":[{"embeddable":true,"href":"https:\/\/elithair.com\/pt\/wp-json\/wp\/v2\/media\/89656"}],"wp:attachment":[{"href":"https:\/\/elithair.com\/pt\/wp-json\/wp\/v2\/media?parent=89657"}],"wp:term":[{"taxonomy":"category","embeddable":true,"href":"https:\/\/elithair.com\/pt\/wp-json\/wp\/v2\/categories?post=89657"},{"taxonomy":"post_tag","embeddable":true,"href":"https:\/\/elithair.com\/pt\/wp-json\/wp\/v2\/tags?post=89657"}],"curies":[{"name":"wp","href":"https:\/\/api.w.org\/{rel}","templated":true}]}}