{"id":11591,"date":"2018-04-21T16:08:52","date_gmt":"2018-04-21T13:08:52","guid":{"rendered":"https:\/\/elithairtransplant.com?p=11591"},"modified":"2026-09-01T06:51:32","modified_gmt":"2026-09-01T06:51:32","slug":"psoriasi-del-cuoio-capelluto","status":"publish","type":"post","link":"https:\/\/elithair.com\/it\/trapianto-capelli-blog\/psoriasi-del-cuoio-capelluto\/","title":{"rendered":"Psoriasi del cuoio capelluto: rischio di calvizie?"},"content":{"rendered":"<h2 id=\"Cos-e\" style=\"text-align: left\"><b>Cos&#8217;\u00e8 la psoriasi del cuoio capelluto?<\/b><\/h2>\n<hr>\n<p style=\"text-align: justify\">La psoriasi \u00e8 una malattia cronica della pelle, non contagiosa, che di solito si manifesta in zone circoscritte come mani, gomiti o ginocchia. <span style=\"font-weight: 400\">La psoriasi del cuoio capelluto si presenta delle<strong> chiazze rosse coperte da uno strato di pelle squamata, dal colore bianco o grigiastro<\/strong>.<\/span><\/p>\n<p style=\"text-align: justify\">Questa pu\u00f2 dare prurito, ma in genere di lieve entit\u00e0. Come detto, la patologia si presenta a <strong>chiazze sul cuoio capelluto<\/strong>, ma pu\u00f2 capitare che interessi tutta la testa. In questo caso, si definisce psoriasi &#8220;a calotta&#8221;.<\/p>\n<p style=\"text-align: justify\">Le cause della psoriasi possono essere varie, ma \u00e8 indubbio che i malfunzionamenti del sistema immunitario, la componente ereditaria, l&#8217;uso di particolari farmaci e la presenza di stress e ansia, siano tra quelle pi\u00f9 certe.<\/p>\n<h2 id=\"Relazione\">Relazione tra psoriasi del cuoio capelluto e calvizie<\/h2>\n<hr>\n<p style=\"text-align: justify\">Molte persone mettono in relazione la comparsa della psoriasi con la perdita di capelli. Si tratta di una preoccupazione comprensibile, ma anche <strong>poco veritiera<\/strong>. Infatti, un individuo affetto da psoriasi del cuoio capelluto <strong>non corre maggiori rischi<\/strong> di sviluppare la calvizie.<\/p>\n<p style=\"text-align: justify\">Questo perch\u00e9 il bulbo pilifero in cui si forma il capello \u00e8 radicato ben pi\u00f9 in profondit\u00e0 del livello a cui la patologia si manifesta. Bisogna, tuttavia, chiarire che <strong>esiste la possibilit\u00e0 che alla psoriasi si associ una caduta di capelli pi\u00f9 cospicua<\/strong>.<\/p>\n<p><img loading=\"lazy\" decoding=\"async\" class=\"alignnone size-full wp-image-96331\" src=\"https:\/\/elithair.com\/it\/wp-content\/uploads\/sites\/6\/2018\/04\/testa-uomo-psoriasi-cuoio-capelluto.jpeg\" alt=\"particolare della testa di un uomo che soffre di psoriasi del cuoio capelluto\" width=\"900\" height=\"600\" srcset=\"https:\/\/elithair.com\/it\/wp-content\/uploads\/sites\/6\/2018\/04\/testa-uomo-psoriasi-cuoio-capelluto.jpeg 900w, https:\/\/elithair.com\/it\/wp-content\/uploads\/sites\/6\/2018\/04\/testa-uomo-psoriasi-cuoio-capelluto-300x200.jpeg 300w, https:\/\/elithair.com\/it\/wp-content\/uploads\/sites\/6\/2018\/04\/testa-uomo-psoriasi-cuoio-capelluto-768x512.jpeg 768w\" sizes=\"(max-width: 767px) 100vw, 660px\" \/><\/p>\n<p style=\"text-align: justify\">Si tratta perlopi\u00f9 di <strong>casi sporadici<\/strong>, legati allo stress psicologico per la comparsa della malattia o per l&#8217;azione meccanica dovuta al continuo grattarsi o all&#8217;applicazione di specifici trattamenti come pomate o unguenti.<\/p>\n<p style=\"text-align: justify\">Recenti studi, tuttavia, hanno evidenziato la possibilit\u00e0 che in aree precedentemente colpite dalla psoriasi possa svilupparsi l&#8217;<a href=\"https:\/\/elithair.com\/it\/trapianto-capelli-blog\/alopecia-areata-cause-sintomi-e-rimedi\/\">alopecia areata<\/a>. Il consiglio, come sempre, \u00e8 quello di <strong>rivolgersi a uno specialista<\/strong> per analizzare le condizioni del proprio cuoio capelluto.<\/p>\n<h3><strong>L\u2019alopecia psoriasica<\/strong><\/h3>\n<hr>\n<p><span style=\"font-weight: 400\">Come gi\u00e0 abbiamo detto, <strong>non \u00e8 stato scientificamente dimostrato<\/strong> se la psoriasi del cuoio capelluto causi sicuramente la calvizie. Infatti, anche se si \u00e8 affetti da tale problema, non \u00e8 detto che si svilupper\u00e0 in seguito una forma di calvizie. <\/span><\/p>\n<p><span style=\"font-weight: 400\">Tuttavia, negli ultimi tempi si \u00e8 cominciato a parlare anche di <strong>alopecia psoriasica<\/strong>. In questo caso specifico, la perdita dei capelli sarebbe dovuta al <strong>distaccamento della placca psoriasica<\/strong>. <\/span><\/p>\n<p><span style=\"font-weight: 400\">Un&#8217;altra possibile causa di calvizie, sarebbe dovuta anche ai prodotti che si applicano per guarire il problema. <\/span><span style=\"font-weight: 400\">Infatti, lo <strong>sfregamento ripetuto<\/strong> per applicare il prodotto per la cura potrebbe causare la perdita dei capelli.&nbsp;&nbsp;<\/span><\/p>\n<h2 id=\"Cure-e\"><b style=\"color: revert;font-size: revert\">Cure e rimedi contro la psoriasi del cuoio capelluto<\/b><\/h2>\n<hr>\n<p style=\"text-align: justify\">Il trattamento della psoriasi prevede l<strong>&#8216;uso di farmaci specifici<\/strong>, da applicare seguendo con attenzione le <u>i<\/u>ndicazioni terapeutiche del proprio medico. Si tratta, di solito, di prodotti da applicare direttamente sul cuoio capelluto e associati all&#8217;impiego di shampoo delicati.<\/p>\n<p><img loading=\"lazy\" decoding=\"async\" class=\"alignnone size-full wp-image-95156\" src=\"https:\/\/elithair.com\/it\/wp-content\/uploads\/sites\/6\/2018\/04\/uomo-crema-curare-psoriasi-cuoio-capelluto.jpg\" alt=\"un uomo utilizza una crema per curare la sua psoriasi del cuoio capelluto\" width=\"1024\" height=\"678\" srcset=\"https:\/\/elithair.com\/it\/wp-content\/uploads\/sites\/6\/2018\/04\/uomo-crema-curare-psoriasi-cuoio-capelluto.jpg 1024w, https:\/\/elithair.com\/it\/wp-content\/uploads\/sites\/6\/2018\/04\/uomo-crema-curare-psoriasi-cuoio-capelluto-300x199.jpg 300w, https:\/\/elithair.com\/it\/wp-content\/uploads\/sites\/6\/2018\/04\/uomo-crema-curare-psoriasi-cuoio-capelluto-768x509.jpg 768w\" sizes=\"(max-width: 767px) 100vw, 660px\" \/><\/p>\n<p style=\"text-align: justify\">La psoriasi del cuoio capelluto va affrontata con <strong>cura<\/strong> e <strong>precisione<\/strong>: ogni zona colpita dalla malattia deve essere trattata, facendo attenzione a non irritare ulteriormente la<a href=\"https:\/\/www.treccani.it\/vocabolario\/cute\/\"> cute<\/a>.<\/p>\n<h3>Alcuni rimedi naturali<\/h3>\n<hr>\n<p style=\"text-align: justify\">Esistono anche rimedi naturali che possono ridurre gli effetti della patologia.<\/p>\n<ul>\n<li><span style=\"font-weight: 400\"><strong>Ananas<\/strong>: grazie alle sue propriet\u00e0 antinfiammatorie e all\u2019azione della bromelina, aiuta la pelle a mantenersi sana.<\/span><\/li>\n<li><span style=\"font-weight: 400\"><strong>Pompelmo<\/strong>: il suo olio ha un effetto antiossidante e antinfiammatorio, in grado di dare beneficio alla cute.<\/span><\/li>\n<li><span style=\"font-weight: 400\"><strong>Curcuma:<\/strong> una pianta dalle propriet\u00e0 antinfiammatorie, in grado di proteggere la cute da eventuali infezioni.&nbsp;<\/span><\/li>\n<li><span style=\"font-weight: 400\"><a href=\"https:\/\/elithair-shop.com\/it\/collections\/all\/products\/dr-balwi-98-aloe-vera?utm_source=SEO&amp;utm_medium=Blog&amp;utm_campaign=eCommerce-tracking\"><strong>Aloe vera<\/strong><\/a><strong>:<\/strong> famosa per le sue propriet\u00e0 lenitive, \u00e8 in grado di contrastare la psoriasi del cuoio capelluto grazie alla sua capacit\u00e0 antibiotica.&nbsp;<\/span><\/li>\n<\/ul>\n<p style=\"text-align: justify\">Inoltre, applicare impacchi a base di sostanze grasse e ricche di principi nutritivi, come il burro di karit\u00e9, l<a href=\"https:\/\/it.wikipedia.org\/wiki\/Olio_di_jojoba\">&#8216;olio di jojoba<\/a> o quello di cocco, aiutano a reidratare le zone irritate e favoriscono l&#8217;eliminazione della pelle squamata.<\/p>\n<h2 id=\"Conclusioni\">Conclusioni<\/h2>\n<hr>\n<p><span style=\"font-weight: 400\">Come detto prima, la psoriasi al cuoio capelluto, \u00e8 una patologia molto fastidiosa, ma anche tra le pi\u00f9 comuni. <\/span><span style=\"font-weight: 400\">Nonostante questa non sia collegata direttamente con la calvizie, <strong>potrebbe essere una delle cause di certi tipi di alopecia, come quella areata<\/strong>. <\/span><\/p>\n<p><span style=\"font-weight: 400\">Spesso, la perdita dei capelli, non \u00e8 causata dalla patologia, ma per lo pi\u00f9 allo <strong>sfregamento costante<\/strong> sulla parte interessata. Infatti, sia il grattarsi per il prurito, ma anche per lo sfregare continuo di pomate, creme e unguenti, potrebbe portare alla perdita dei capelli.&nbsp;<\/span><\/p>\n","protected":false},"excerpt":{"rendered":"<p>Cos&#8217;\u00e8 la psoriasi del cuoio capelluto? La psoriasi \u00e8 una malattia cronica della pelle, non contagiosa, che di solito si manifesta in zone circoscritte come mani, gomiti o ginocchia. La psoriasi del cuoio capelluto si presenta delle chiazze rosse coperte da uno strato di pelle squamata, dal colore bianco o grigiastro. Questa pu\u00f2 dare prurito, [&hellip;]<\/p>\n","protected":false},"author":10,"featured_media":96330,"comment_status":"closed","ping_status":"closed","sticky":false,"template":"","format":"standard","meta":{"_acf_changed":false,"_yoast_wpseo_meta-robots-noindex":"1","_yoast_wpseo_meta-robots-nofollow":"1","_yoast_wpseo_meta-robots-adv":"","_yoast_wpseo_canonical":"https:\/\/elithair.com\/it\/trapianto-capelli-blog\/psoriasi-del-cuoio-capelluto\/","_yoast_wpseo_opengraph-title":"","_yoast_wpseo_opengraph-description":"","_yoast_wpseo_opengraph-image":"","_yoast_wpseo_twitter-title":"","_yoast_wpseo_twitter-description":"","_yoast_wpseo_twitter-image":"","_hm_hreflang_map":{"en":91522,"it":11591,"fr":41666,"ar":35289,"x_default":91522},"_hm_language_code":"it","footnotes":""},"categories":[2],"tags":[],"class_list":["post-11591","post","type-post","status-publish","format-standard","has-post-thumbnail","hentry","category-cura-dei-capelli"],"acf":[],"yoast_head":"<!-- This site is optimized with the Yoast SEO Premium plugin v28.4 (Yoast SEO v28.4) - https:\/\/yoast.com\/product\/yoast-seo-premium-wordpress\/ -->\n<title>Psoriasi cuoio capelluto: rischio di calvizie? | Elithair<\/title>\n<meta name=\"description\" content=\"Tutto su cure e rimedi contro la psoriasi del cuoio capelluto. Scopra se questo problema causa davvero la calvizie!\" \/>\n<meta name=\"robots\" content=\"noindex, nofollow\" \/>\n<meta property=\"og:locale\" content=\"it_IT\" \/>\n<meta property=\"og:type\" content=\"article\" \/>\n<meta property=\"og:title\" content=\"Psoriasi del cuoio capelluto: rischio di calvizie?\" \/>\n<meta property=\"og:description\" content=\"Tutto su cure e rimedi contro la psoriasi del cuoio capelluto. Scopra se questo problema causa davvero la calvizie!\" \/>\n<meta property=\"og:url\" content=\"https:\/\/elithair.com\/it\/trapianto-capelli-blog\/psoriasi-del-cuoio-capelluto\/\" \/>\n<meta property=\"og:site_name\" content=\"Elithair\" \/>\n<meta property=\"article:publisher\" content=\"https:\/\/www.facebook.com\/ElithairtransplantITALIA\/\" \/>\n<meta property=\"article:published_time\" content=\"2018-04-21T13:08:52+00:00\" \/>\n<meta property=\"article:modified_time\" content=\"2026-09-01T06:51:32+00:00\" \/>\n<meta property=\"og:image\" content=\"https:\/\/elithair.com\/it\/wp-content\/uploads\/sites\/6\/2018\/04\/uomo-psoriasi-cuoio-capelluto.jpeg\" \/>\n\t<meta property=\"og:image:width\" content=\"900\" \/>\n\t<meta property=\"og:image:height\" content=\"600\" \/>\n\t<meta property=\"og:image:type\" content=\"image\/jpeg\" \/>\n<meta name=\"author\" content=\"Dr. Imad Moustafa\" \/>\n<meta name=\"twitter:card\" content=\"summary_large_image\" \/>\n<meta name=\"twitter:label1\" content=\"Scritto da\" \/>\n\t<meta name=\"twitter:data1\" content=\"Dr. Imad Moustafa\" \/>\n\t<meta name=\"twitter:label2\" content=\"Tempo di lettura stimato\" \/>\n\t<meta name=\"twitter:data2\" content=\"5 minuti\" \/>\n<script type=\"application\/ld+json\" class=\"yoast-schema-graph\">{\"@context\":\"https:\\\/\\\/schema.org\",\"@graph\":[{\"@type\":\"Article\",\"@id\":\"https:\\\/\\\/elithair.com\\\/it\\\/trapianto-capelli-blog\\\/psoriasi-del-cuoio-capelluto\\\/#article\",\"isPartOf\":{\"@id\":\"https:\\\/\\\/elithair.com\\\/it\\\/trapianto-capelli-blog\\\/psoriasi-del-cuoio-capelluto\\\/\"},\"author\":{\"name\":\"Dr. Imad Moustafa\",\"@id\":\"https:\\\/\\\/elithair.com\\\/it\\\/#\\\/schema\\\/person\\\/11ce37e83a6343e4c37edcd4b5498e41\"},\"headline\":\"Psoriasi del cuoio capelluto: rischio di calvizie?\",\"datePublished\":\"2018-04-21T13:08:52+00:00\",\"dateModified\":\"2026-09-01T06:51:32+00:00\",\"mainEntityOfPage\":{\"@id\":\"https:\\\/\\\/elithair.com\\\/it\\\/trapianto-capelli-blog\\\/psoriasi-del-cuoio-capelluto\\\/\"},\"wordCount\":682,\"publisher\":{\"@id\":\"https:\\\/\\\/elithair.com\\\/it\\\/#organization\"},\"image\":{\"@id\":\"https:\\\/\\\/elithair.com\\\/it\\\/trapianto-capelli-blog\\\/psoriasi-del-cuoio-capelluto\\\/#primaryimage\"},\"thumbnailUrl\":\"https:\\\/\\\/elithair.com\\\/it\\\/wp-content\\\/uploads\\\/sites\\\/6\\\/2018\\\/04\\\/uomo-psoriasi-cuoio-capelluto.jpeg\",\"articleSection\":[\"Come prendersi cura dei capelli\"],\"inLanguage\":\"it-IT\"},{\"@type\":\"WebPage\",\"@id\":\"https:\\\/\\\/elithair.com\\\/it\\\/trapianto-capelli-blog\\\/psoriasi-del-cuoio-capelluto\\\/\",\"url\":\"https:\\\/\\\/elithair.com\\\/it\\\/trapianto-capelli-blog\\\/psoriasi-del-cuoio-capelluto\\\/\",\"name\":\"Psoriasi cuoio capelluto: rischio di calvizie? | Elithair\",\"isPartOf\":{\"@id\":\"https:\\\/\\\/elithair.com\\\/it\\\/#website\"},\"primaryImageOfPage\":{\"@id\":\"https:\\\/\\\/elithair.com\\\/it\\\/trapianto-capelli-blog\\\/psoriasi-del-cuoio-capelluto\\\/#primaryimage\"},\"image\":{\"@id\":\"https:\\\/\\\/elithair.com\\\/it\\\/trapianto-capelli-blog\\\/psoriasi-del-cuoio-capelluto\\\/#primaryimage\"},\"thumbnailUrl\":\"https:\\\/\\\/elithair.com\\\/it\\\/wp-content\\\/uploads\\\/sites\\\/6\\\/2018\\\/04\\\/uomo-psoriasi-cuoio-capelluto.jpeg\",\"datePublished\":\"2018-04-21T13:08:52+00:00\",\"dateModified\":\"2026-09-01T06:51:32+00:00\",\"description\":\"Tutto su cure e rimedi contro la psoriasi del cuoio capelluto. Scopra se questo problema causa davvero la calvizie!\",\"breadcrumb\":{\"@id\":\"https:\\\/\\\/elithair.com\\\/it\\\/trapianto-capelli-blog\\\/psoriasi-del-cuoio-capelluto\\\/#breadcrumb\"},\"inLanguage\":\"it-IT\",\"potentialAction\":[{\"@type\":\"ReadAction\",\"target\":[\"https:\\\/\\\/elithair.com\\\/it\\\/trapianto-capelli-blog\\\/psoriasi-del-cuoio-capelluto\\\/\"]}]},{\"@type\":\"ImageObject\",\"inLanguage\":\"it-IT\",\"@id\":\"https:\\\/\\\/elithair.com\\\/it\\\/trapianto-capelli-blog\\\/psoriasi-del-cuoio-capelluto\\\/#primaryimage\",\"url\":\"https:\\\/\\\/elithair.com\\\/it\\\/wp-content\\\/uploads\\\/sites\\\/6\\\/2018\\\/04\\\/uomo-psoriasi-cuoio-capelluto.jpeg\",\"contentUrl\":\"https:\\\/\\\/elithair.com\\\/it\\\/wp-content\\\/uploads\\\/sites\\\/6\\\/2018\\\/04\\\/uomo-psoriasi-cuoio-capelluto.jpeg\",\"width\":900,\"height\":600,\"caption\":\"foto della testa di un uomo che soffre di psoriasi al cuoio capelluto\"},{\"@type\":\"BreadcrumbList\",\"@id\":\"https:\\\/\\\/elithair.com\\\/it\\\/trapianto-capelli-blog\\\/psoriasi-del-cuoio-capelluto\\\/#breadcrumb\",\"itemListElement\":[{\"@type\":\"ListItem\",\"position\":1,\"name\":\"Home\",\"item\":\"https:\\\/\\\/elithair.com\\\/it\\\/\"},{\"@type\":\"ListItem\",\"position\":2,\"name\":\"Psoriasi del cuoio capelluto: rischio di calvizie?\"}]},{\"@type\":\"WebSite\",\"@id\":\"https:\\\/\\\/elithair.com\\\/it\\\/#website\",\"url\":\"https:\\\/\\\/elithair.com\\\/it\\\/\",\"name\":\"Elithair\",\"description\":\"\",\"publisher\":{\"@id\":\"https:\\\/\\\/elithair.com\\\/it\\\/#organization\"},\"alternateName\":\"la migliore clinica di trapianto di capelli in Turchia\",\"potentialAction\":[{\"@type\":\"SearchAction\",\"target\":{\"@type\":\"EntryPoint\",\"urlTemplate\":\"https:\\\/\\\/elithair.com\\\/it\\\/?s={search_term_string}\"},\"query-input\":{\"@type\":\"PropertyValueSpecification\",\"valueRequired\":true,\"valueName\":\"search_term_string\"}}],\"inLanguage\":\"it-IT\"},{\"@type\":\"Organization\",\"@id\":\"https:\\\/\\\/elithair.com\\\/it\\\/#organization\",\"name\":\"Elithair\",\"url\":\"https:\\\/\\\/elithair.com\\\/it\\\/\",\"logo\":{\"@type\":\"ImageObject\",\"inLanguage\":\"it-IT\",\"@id\":\"https:\\\/\\\/elithair.com\\\/it\\\/#\\\/schema\\\/logo\\\/image\\\/\",\"url\":\"https:\\\/\\\/elithair.com\\\/it\\\/wp-content\\\/uploads\\\/sites\\\/6\\\/2026\\\/04\\\/elithair-logo-primary-1.svg\",\"contentUrl\":\"https:\\\/\\\/elithair.com\\\/it\\\/wp-content\\\/uploads\\\/sites\\\/6\\\/2026\\\/04\\\/elithair-logo-primary-1.svg\",\"width\":1,\"height\":1,\"caption\":\"Elithair\"},\"image\":{\"@id\":\"https:\\\/\\\/elithair.com\\\/it\\\/#\\\/schema\\\/logo\\\/image\\\/\"},\"sameAs\":[\"https:\\\/\\\/www.facebook.com\\\/ElithairtransplantITALIA\\\/\",\"https:\\\/\\\/www.instagram.com\\\/elithair.it\\\/\",\"https:\\\/\\\/www.tiktok.com\\\/@elithair.it?_t=8q2yRxSytjU&_r=1\",\"https:\\\/\\\/www.youtube.com\\\/@elithair-trapiantocapellii1905\"]},{\"@type\":\"Person\",\"@id\":\"https:\\\/\\\/elithair.com\\\/it\\\/#\\\/schema\\\/person\\\/11ce37e83a6343e4c37edcd4b5498e41\",\"name\":\"Dr. Imad Moustafa\",\"image\":{\"@type\":\"ImageObject\",\"inLanguage\":\"it-IT\",\"@id\":\"https:\\\/\\\/secure.gravatar.com\\\/avatar\\\/9190499f6f3008cd7da57b179f07bfea4b4e382c816ba3e0de68db0b5a70c07d?s=96&d=mm&r=g\",\"url\":\"https:\\\/\\\/secure.gravatar.com\\\/avatar\\\/9190499f6f3008cd7da57b179f07bfea4b4e382c816ba3e0de68db0b5a70c07d?s=96&d=mm&r=g\",\"contentUrl\":\"https:\\\/\\\/secure.gravatar.com\\\/avatar\\\/9190499f6f3008cd7da57b179f07bfea4b4e382c816ba3e0de68db0b5a70c07d?s=96&d=mm&r=g\",\"caption\":\"Dr. Imad Moustafa\"}}]}<\/script>\n<!-- \/ Yoast SEO Premium plugin. -->","yoast_head_json":{"title":"Psoriasi cuoio capelluto: rischio di calvizie? | Elithair","description":"Tutto su cure e rimedi contro la psoriasi del cuoio capelluto. Scopra se questo problema causa davvero la calvizie!","robots":{"index":"noindex","follow":"nofollow"},"og_locale":"it_IT","og_type":"article","og_title":"Psoriasi del cuoio capelluto: rischio di calvizie?","og_description":"Tutto su cure e rimedi contro la psoriasi del cuoio capelluto. Scopra se questo problema causa davvero la calvizie!","og_url":"https:\/\/elithair.com\/it\/trapianto-capelli-blog\/psoriasi-del-cuoio-capelluto\/","og_site_name":"Elithair","article_publisher":"https:\/\/www.facebook.com\/ElithairtransplantITALIA\/","article_published_time":"2018-04-21T13:08:52+00:00","article_modified_time":"2026-09-01T06:51:32+00:00","og_image":[{"width":900,"height":600,"url":"https:\/\/elithair.com\/it\/wp-content\/uploads\/sites\/6\/2018\/04\/uomo-psoriasi-cuoio-capelluto.jpeg","type":"image\/jpeg"}],"author":"Dr. Imad Moustafa","twitter_card":"summary_large_image","twitter_misc":{"Scritto da":"Dr. Imad Moustafa","Tempo di lettura stimato":"5 minuti"},"schema":{"@context":"https:\/\/schema.org","@graph":[{"@type":"Article","@id":"https:\/\/elithair.com\/it\/trapianto-capelli-blog\/psoriasi-del-cuoio-capelluto\/#article","isPartOf":{"@id":"https:\/\/elithair.com\/it\/trapianto-capelli-blog\/psoriasi-del-cuoio-capelluto\/"},"author":{"name":"Dr. Imad Moustafa","@id":"https:\/\/elithair.com\/it\/#\/schema\/person\/11ce37e83a6343e4c37edcd4b5498e41"},"headline":"Psoriasi del cuoio capelluto: rischio di calvizie?","datePublished":"2018-04-21T13:08:52+00:00","dateModified":"2026-09-01T06:51:32+00:00","mainEntityOfPage":{"@id":"https:\/\/elithair.com\/it\/trapianto-capelli-blog\/psoriasi-del-cuoio-capelluto\/"},"wordCount":682,"publisher":{"@id":"https:\/\/elithair.com\/it\/#organization"},"image":{"@id":"https:\/\/elithair.com\/it\/trapianto-capelli-blog\/psoriasi-del-cuoio-capelluto\/#primaryimage"},"thumbnailUrl":"https:\/\/elithair.com\/it\/wp-content\/uploads\/sites\/6\/2018\/04\/uomo-psoriasi-cuoio-capelluto.jpeg","articleSection":["Come prendersi cura dei capelli"],"inLanguage":"it-IT"},{"@type":"WebPage","@id":"https:\/\/elithair.com\/it\/trapianto-capelli-blog\/psoriasi-del-cuoio-capelluto\/","url":"https:\/\/elithair.com\/it\/trapianto-capelli-blog\/psoriasi-del-cuoio-capelluto\/","name":"Psoriasi cuoio capelluto: rischio di calvizie? | Elithair","isPartOf":{"@id":"https:\/\/elithair.com\/it\/#website"},"primaryImageOfPage":{"@id":"https:\/\/elithair.com\/it\/trapianto-capelli-blog\/psoriasi-del-cuoio-capelluto\/#primaryimage"},"image":{"@id":"https:\/\/elithair.com\/it\/trapianto-capelli-blog\/psoriasi-del-cuoio-capelluto\/#primaryimage"},"thumbnailUrl":"https:\/\/elithair.com\/it\/wp-content\/uploads\/sites\/6\/2018\/04\/uomo-psoriasi-cuoio-capelluto.jpeg","datePublished":"2018-04-21T13:08:52+00:00","dateModified":"2026-09-01T06:51:32+00:00","description":"Tutto su cure e rimedi contro la psoriasi del cuoio capelluto. Scopra se questo problema causa davvero la calvizie!","breadcrumb":{"@id":"https:\/\/elithair.com\/it\/trapianto-capelli-blog\/psoriasi-del-cuoio-capelluto\/#breadcrumb"},"inLanguage":"it-IT","potentialAction":[{"@type":"ReadAction","target":["https:\/\/elithair.com\/it\/trapianto-capelli-blog\/psoriasi-del-cuoio-capelluto\/"]}]},{"@type":"ImageObject","inLanguage":"it-IT","@id":"https:\/\/elithair.com\/it\/trapianto-capelli-blog\/psoriasi-del-cuoio-capelluto\/#primaryimage","url":"https:\/\/elithair.com\/it\/wp-content\/uploads\/sites\/6\/2018\/04\/uomo-psoriasi-cuoio-capelluto.jpeg","contentUrl":"https:\/\/elithair.com\/it\/wp-content\/uploads\/sites\/6\/2018\/04\/uomo-psoriasi-cuoio-capelluto.jpeg","width":900,"height":600,"caption":"foto della testa di un uomo che soffre di psoriasi al cuoio capelluto"},{"@type":"BreadcrumbList","@id":"https:\/\/elithair.com\/it\/trapianto-capelli-blog\/psoriasi-del-cuoio-capelluto\/#breadcrumb","itemListElement":[{"@type":"ListItem","position":1,"name":"Home","item":"https:\/\/elithair.com\/it\/"},{"@type":"ListItem","position":2,"name":"Psoriasi del cuoio capelluto: rischio di calvizie?"}]},{"@type":"WebSite","@id":"https:\/\/elithair.com\/it\/#website","url":"https:\/\/elithair.com\/it\/","name":"Elithair","description":"","publisher":{"@id":"https:\/\/elithair.com\/it\/#organization"},"alternateName":"la migliore clinica di trapianto di capelli in Turchia","potentialAction":[{"@type":"SearchAction","target":{"@type":"EntryPoint","urlTemplate":"https:\/\/elithair.com\/it\/?s={search_term_string}"},"query-input":{"@type":"PropertyValueSpecification","valueRequired":true,"valueName":"search_term_string"}}],"inLanguage":"it-IT"},{"@type":"Organization","@id":"https:\/\/elithair.com\/it\/#organization","name":"Elithair","url":"https:\/\/elithair.com\/it\/","logo":{"@type":"ImageObject","inLanguage":"it-IT","@id":"https:\/\/elithair.com\/it\/#\/schema\/logo\/image\/","url":"https:\/\/elithair.com\/it\/wp-content\/uploads\/sites\/6\/2026\/04\/elithair-logo-primary-1.svg","contentUrl":"https:\/\/elithair.com\/it\/wp-content\/uploads\/sites\/6\/2026\/04\/elithair-logo-primary-1.svg","width":1,"height":1,"caption":"Elithair"},"image":{"@id":"https:\/\/elithair.com\/it\/#\/schema\/logo\/image\/"},"sameAs":["https:\/\/www.facebook.com\/ElithairtransplantITALIA\/","https:\/\/www.instagram.com\/elithair.it\/","https:\/\/www.tiktok.com\/@elithair.it?_t=8q2yRxSytjU&_r=1","https:\/\/www.youtube.com\/@elithair-trapiantocapellii1905"]},{"@type":"Person","@id":"https:\/\/elithair.com\/it\/#\/schema\/person\/11ce37e83a6343e4c37edcd4b5498e41","name":"Dr. Imad Moustafa","image":{"@type":"ImageObject","inLanguage":"it-IT","@id":"https:\/\/secure.gravatar.com\/avatar\/9190499f6f3008cd7da57b179f07bfea4b4e382c816ba3e0de68db0b5a70c07d?s=96&d=mm&r=g","url":"https:\/\/secure.gravatar.com\/avatar\/9190499f6f3008cd7da57b179f07bfea4b4e382c816ba3e0de68db0b5a70c07d?s=96&d=mm&r=g","contentUrl":"https:\/\/secure.gravatar.com\/avatar\/9190499f6f3008cd7da57b179f07bfea4b4e382c816ba3e0de68db0b5a70c07d?s=96&d=mm&r=g","caption":"Dr. Imad Moustafa"}}]}},"_links":{"self":[{"href":"https:\/\/elithair.com\/it\/wp-json\/wp\/v2\/posts\/11591","targetHints":{"allow":["GET"]}}],"collection":[{"href":"https:\/\/elithair.com\/it\/wp-json\/wp\/v2\/posts"}],"about":[{"href":"https:\/\/elithair.com\/it\/wp-json\/wp\/v2\/types\/post"}],"author":[{"embeddable":true,"href":"https:\/\/elithair.com\/it\/wp-json\/wp\/v2\/users\/10"}],"replies":[{"embeddable":true,"href":"https:\/\/elithair.com\/it\/wp-json\/wp\/v2\/comments?post=11591"}],"version-history":[{"count":1,"href":"https:\/\/elithair.com\/it\/wp-json\/wp\/v2\/posts\/11591\/revisions"}],"predecessor-version":[{"id":107187,"href":"https:\/\/elithair.com\/it\/wp-json\/wp\/v2\/posts\/11591\/revisions\/107187"}],"wp:featuredmedia":[{"embeddable":true,"href":"https:\/\/elithair.com\/it\/wp-json\/wp\/v2\/media\/96330"}],"wp:attachment":[{"href":"https:\/\/elithair.com\/it\/wp-json\/wp\/v2\/media?parent=11591"}],"wp:term":[{"taxonomy":"category","embeddable":true,"href":"https:\/\/elithair.com\/it\/wp-json\/wp\/v2\/categories?post=11591"},{"taxonomy":"post_tag","embeddable":true,"href":"https:\/\/elithair.com\/it\/wp-json\/wp\/v2\/tags?post=11591"}],"curies":[{"name":"wp","href":"https:\/\/api.w.org\/{rel}","templated":true}]}}