{"id":107658,"date":"2026-08-29T21:52:34","date_gmt":"2026-08-29T21:52:34","guid":{"rendered":"https:\/\/elithair.com\/it\/trapianto-capelli-blog\/alcol-caduta-capelli\/"},"modified":"2026-08-29T21:52:34","modified_gmt":"2026-08-29T21:52:34","slug":"alcol-caduta-capelli","status":"publish","type":"post","link":"https:\/\/elithair.com\/it\/trapianto-capelli-blog\/alcol-caduta-capelli\/","title":{"rendered":"Alcol e caduta dei capelli: quanto fa davvero male ed \u00e8 reversibile?"},"content":{"rendered":"\n<div style=\"border-left:4px solid #0079F1;padding:0 0 0 14px;margin:0 0 26px\">\n<p style=\"margin:0 0 14px;color:#2e3033;font-size:17px;line-height:1.65\">Pi\u00f9 capelli nello scarico della doccia e, sullo sfondo, la domanda se la colpa sia della birra della sera: \u00e8 a questo punto che la maggior parte delle persone cerca un nesso tra alcol e caduta dei capelli. La risposta onesta \u00e8 duplice. Il consumo moderato non \u00e8 documentato come causa, e le due meta-analisi pi\u00f9 recenti sulla calvizie ereditaria arrivano perfino a conclusioni opposte (Alcohol and Alcoholism 2024: odds ratio 1,40, non significativo; BMC Public Health 2026: odds ratio 1,72). Un consumo elevato e prolungato, invece, interferisce con il ciclo del capello attraverso nutrienti, fegato, sonno e cuoio capelluto, ed \u00e8 solo uno dei <a href=\"\/it\/trapianto-capelli-blog\/cause-caduta-capelli\/\">molti possibili fattori scatenanti della caduta dei capelli<\/a>.<\/p>\n<p style=\"margin:0 0 8px;color:#013366;font-weight:700;font-size:16px\">In breve<\/p>\n<ul style=\"margin:0 0 14px;padding:0;color:#2e3033;list-style:none\">\n<li style=\"position:relative;padding:3px 0 3px 24px\"><span style=\"position:absolute;left:0;top:3px;color:#0079F1;font-weight:700\">&#10003;<\/span>Il problema non \u00e8 il singolo bicchiere, ma un consumo elevato che si protrae per mesi<\/li>\n<li style=\"position:relative;padding:3px 0 3px 24px\"><span style=\"position:absolute;left:0;top:3px;color:#0079F1;font-weight:700\">&#10003;<\/span>L&#8217;alcol agisce in modo indiretto: su zinco, folati e ferro, su fegato e ormoni, sul sonno e sul cuoio capelluto<\/li>\n<li style=\"position:relative;padding:3px 0 3px 24px\"><span style=\"position:absolute;left:0;top:3px;color:#0079F1;font-weight:700\">&#10003;<\/span>La quota legata all&#8217;alcol \u00e8 di norma reversibile: i primi capelli nuovi da 3 a 6 mesi dopo la sospensione, per una chioma visibilmente pi\u00f9 folta servono piuttosto 6-12 mesi<\/li>\n<li style=\"position:relative;padding:3px 0 3px 24px\"><span style=\"position:absolute;left:0;top:3px;color:#0079F1;font-weight:700\">&#10003;<\/span>Se resta un disegno tipico su tempie e vertice, dietro c&#8217;\u00e8 quasi sempre anche una calvizie genetica<\/li>\n<\/ul>\n<p style=\"margin:0;color:#2e3033\">L&#8217;indice mostra dove trovare che cosa. Poi si entra nel dettaglio, meccanismo per meccanismo, con quantit\u00e0, tempi e i valori del sangue da portare al colloquio con il medico.<\/p>\n<\/div>\n\n\n\n<h2 class=\"wp-block-heading\">Che cos&#8217;\u00e8 la caduta dei capelli da alcol?<\/h2>\n\n\n\n<p class=\"wp-block-paragraph\"><strong>La caduta dei capelli da alcol non \u00e8 una malattia a s\u00e9 stante, ma un telogen effluvium diffuso in cui l&#8217;alcol agisce da cofattore: un consumo elevato e prolungato peggiora l&#8217;apporto di nutrienti, mette sotto pressione il fegato e l&#8217;asse ormonale e spinge cos\u00ec pi\u00f9 follicoli anzitempo in fase di riposo. I follicoli non vengono distrutti e per questo, dopo la sospensione, la quota legata all&#8217;alcol torna di norma a ricrescere.<\/strong><\/p>\n\n\n\n<p class=\"wp-block-paragraph\">Tipico \u00e8 il ritardo temporale. Tra il fattore scatenante e la caduta visibile passano, secondo StatPearls, da 1 a 6 mesi, in media circa 3, perch\u00e9 i follicoli coinvolti devono prima attraversare la fase di riposo. Chi oggi trova pi\u00f9 capelli nella spazzola vede quindi il risultato dei mesi precedenti, non quello della serata di ieri.<\/p>\n\n\n\n<p class=\"wp-block-paragraph\">Alla definizione vanno aggiunte due precisazioni. Il consumo moderato non \u00e8 documentato come causa di caduta dei capelli e, sul fatto che l&#8217;alcol aggravi la calvizie ereditaria, le due meta-analisi pi\u00f9 recenti rispondono in modo diverso. Entrambi i punti sono ripresi, con i numeri, nel paragrafo successivo.<\/p>\n\n\n\n<h2 class=\"wp-block-heading\">Il legame tra consumo di alcol e caduta dei capelli<\/h2>\n\n\n\n<p class=\"wp-block-paragraph\"><strong>La caduta dei capelli da alcol<\/strong> pu\u00f2 insorgere quando un consumo regolare o eccessivo di alcol compromette funzioni centrali dell&#8217;organismo. La strada non passa dal capello in s\u00e9, ma dal metabolismo: assorbimento dei nutrienti, funzione epatica, assetto ormonale e sonno si modificano. Il follicolo pilifero \u00e8 uno dei tessuti a pi\u00f9 rapida divisione cellulare del corpo, la sua fase di crescita dura secondo StatPearls da 2 a 6 anni, e reagisce presto a spostamenti di questo tipo.<\/p>\n\n\n\n<p class=\"wp-block-paragraph\">La frase spesso citata secondo cui l&#8217;alcol restringerebbe i vasi del cuoio capelluto peggiorandone l&#8217;irrorazione non \u00e8 documentata in questi termini. Nell&#8217;immediato l&#8217;alcol ha semmai un effetto vasodilatatore. Documentato \u00e8 invece l&#8217;altro asse: sopprimendo l&#8217;ormone ADH, l&#8217;alcol ha un effetto diuretico, e ne risentono l&#8217;equilibrio idrico e la barriera cutanea. Inoltre favorisce infiammazioni del cuoio capelluto, che possono disturbare ulteriormente la crescita del capello.<\/p>\n\n\n\n<p class=\"wp-block-paragraph\">L&#8217;alcol agisce inoltre sull&#8217;assetto ormonale. Un consumo elevato pu\u00f2 influenzare indirettamente il metabolismo del testosterone e rendere pi\u00f9 evidente una calvizie ereditaria gi\u00e0 presente. Ci\u00f2 si manifesta spesso con capelli che si assottigliano, tempie che arretrano o perdita di capelli sul vertice. Quanto sia solido questo nesso \u00e8 spiegato pi\u00f9 avanti, nel capitolo su fegato e ormoni.<\/p>\n\n\n\n<p class=\"wp-block-paragraph\">L&#8217;alcol grava sull&#8217;organismo nel suo insieme: sottrae liquidi, indebolisce il sistema immunitario e favorisce carenze di nutrienti. Poich\u00e9 le radici dei capelli sono tra le ultime strutture a essere rifornite, reagiscono in modo particolarmente sensibile a un apporto ridotto. Se la carenza si protrae, la crescita del capello pu\u00f2 risentirne e la caduta pu\u00f2 aumentare. Il follicolo passa allora anzitempo in fase di riposo, che secondo StatPearls dura da 3 a 4 mesi, ed \u00e8 proprio da qui che nasce la <a href=\"\/it\/trapianto-capelli-blog\/caduta-capelli-diffusa\/\">caduta dei capelli diffusa<\/a>che chi ne \u00e8 interessato nota.<\/p>\n\n\n\n<p class=\"wp-block-paragraph\">Per un corretto inquadramento \u00e8 importante sapere che, nelle linee guida dermatologiche sulla diagnosi e sul trattamento delle alopecie, l&#8217;alcol non \u00e8 un tipo di caduta a s\u00e9 stante, ma al massimo un cofattore modificabile nella caduta diffusa. Anche i dati restano disomogenei: una meta-analisi pubblicata su Alcohol and Alcoholism (2024, 6 studi, 7.072 partecipanti) non ha trovato alcun legame statisticamente significativo con la calvizie ereditaria, con un odds ratio di 1,40 (intervallo di confidenza da 0,95 a 2,32), mentre una revisione pi\u00f9 ampia su BMC Public Health (2026, 31 studi, 11.224 casi) riporta un odds ratio di 1,72 (da 1,28 a 2,32).<\/p>\n\n\n<div class=\"wp-block-image\">\n<figure class=\"aligncenter size-large is-resized\" style=\"max-width:560px;margin-left:auto;margin-right:auto\"><img decoding=\"async\" src=\"https:\/\/elithair.com\/it\/wp-content\/uploads\/sites\/6\/2026\/08\/follikel_versorgung.png\" alt=\"Illustrazione di un follicolo pilifero in sezione del cuoio capelluto con i capillari circostanti che lo riforniscono di nutrienti\" class=\"wp-image-107922\" style=\"width:560px;max-width:100%;height:auto\"\/><\/figure>\n<\/div>\n\n\n<h2 class=\"wp-block-heading\">Come l&#8217;alcol disturba la crescita dei capelli: i quattro meccanismi<\/h2>\n\n\n\n<p class=\"wp-block-paragraph\">L&#8217;alcol agisce sul capello attraverso quattro vie: nutrienti, fegato e ormoni, sonno, equilibrio idrico e cuoio capelluto. Nessuna di queste vie colpisce direttamente la radice del capello, e tutte e quattro hanno bisogno di tempo. Questo spiega perch\u00e9 un bicchiere di vino la sera vada valutato in modo diverso da una bottiglia al giorno per due anni.<\/p>\n\n\n\n<h3 class=\"wp-block-heading\">Come l&#8217;alcol sottrae al capello zinco, ferro e vitamine del gruppo B<\/h3>\n\n\n\n<p class=\"wp-block-paragraph\">Il consumo cronico di alcol riduce l&#8217;apporto di nutrienti su due fronti: l&#8217;assorbimento nell&#8217;intestino cala e l&#8217;eliminazione aumenta. Per lo zinco sono descritti entrambi i fenomeni, un ridotto assorbimento intestinale e una maggiore escrezione renale (LLL Nutrition in Clinical Medicine). Per i folati si sommano tre vie: malassorbimento intestinale, minore captazione da parte del fegato e una perdita accelerata attraverso il rene (revisione su Psychiatry Investigation dedicata ai deficit nutrizionali nell&#8217;alcolismo).<\/p>\n\n\n\n<p class=\"wp-block-paragraph\">Vitamina B12 e tiamina risentono in pi\u00f9 dell&#8217;effetto tossico diretto dell&#8217;alcol sulla mucosa intestinale. Per il capello questi nutrienti sono rilevanti perch\u00e9 lo zinco partecipa alla formazione della cheratina, il ferro assicura il trasporto di ossigeno alla matrice del capello, in continua divisione cellulare, e le vitamine del gruppo B sono coinvolte nel metabolismo energetico di quelle cellule. Se uno di questi nutrienti manca per mesi, la quota di capelli in fase telogen aumenta. Il fabbisogno giornaliero dipende da et\u00e0, sesso e alimentazione; i valori di riferimento per ferro, folati e vitamina B12 sono riportati nelle linee guida per una sana alimentazione del CREA.<\/p>\n\n\n\n<div style=\"border-left:4px solid #0079F1;background:#f6f9fc;border-radius:0 10px 10px 0;padding:14px 18px;margin:24px 0\">\n<p style=\"margin:0;color:#2e3033;font-size:15px;line-height:1.65\"><span style=\"color:#013366;font-weight:700\">\u2192 Consiglio di lettura:<\/span> Quali nutrienti servano davvero al capello lo spiega l&#8217;articolo sulle <a href=\"\/it\/trapianto-capelli-blog\/vitamine-caduta-capelli\/\">vitamine contro la caduta dei capelli<\/a>. Perch\u00e9 <a href=\"\/it\/trapianto-capelli-blog\/carenza-di-ferro-caduta-dei-capelli\/\">la carenza di ferro<\/a> sia tra le cause pi\u00f9 frequenti del diradamento diffuso lo chiarisce l&#8217;articolo dedicato.<\/p>\n<\/div>\n\n\n\n<h3 class=\"wp-block-heading\">Perch\u00e9 nel consumo cronico fegato e assetto ormonale influenzano il capello<\/h3>\n\n\n\n<p class=\"wp-block-paragraph\">L&#8217;effetto ormonale dell&#8217;alcol ha due livelli, spesso confusi tra loro. Nell&#8217;immediato, dopo una dose bassa, nell&#8217;uomo il testosterone sale leggermente: nello studio crossover controllato con placebo di Sarkola ed Eriksson (2003) il valore plasmatico \u00e8 salito da 13,5 a 16,0 nmol\/l dopo 0,5 g di alcol per chilogrammo di peso corporeo. L&#8217;effetto si esaurisce entro 2-6 ore.<\/p>\n\n\n\n<p class=\"wp-block-paragraph\">Nel consumo cronico elevato, con danno epatico iniziale, il quadro si ribalta. L&#8217;attivit\u00e0 dell&#8217;aromatasi epatica aumenta e pi\u00f9 androgeni vengono convertiti in estrogeni. Nell&#8217;epatite alcolica e nella cirrosi alcuni lavori descrivono un&#8217;iperestrogenemia fino al 70 per cento dei pazienti, mentre il testosterone cala nettamente (Purohit, Alcohol 2000; Hepatology 2000).<\/p>\n\n\n\n<p class=\"wp-block-paragraph\">Da qui una precisazione, perch\u00e9 in rete si legge spesso il contrario: la catena \u00abl&#8217;alcol aumenta il testosterone, il testosterone aumenta il DHT, il DHT accentua la caduta dei capelli\u00bb non \u00e8 documentata. E il meccanismo della cirrosi non \u00e8 trasferibile a chi beve occasionalmente. Quel che resta: con un consumo elevato protratto per anni l&#8217;asse ormonale \u00e8 alterato, e questo pu\u00f2 accompagnare un quadro androgenetico gi\u00e0 presente.<\/p>\n\n\n\n<h3 class=\"wp-block-heading\">Come l&#8217;alcol modifica il sonno e che cosa c&#8217;entra con la caduta dei capelli<\/h3>\n\n\n\n<p class=\"wp-block-paragraph\">L&#8217;alcol accorcia il tempo di addormentamento e peggiora la seconda met\u00e0 della notte. La meta-analisi di Ebrahim e colleghi (2013, 27 studi) descrive un effetto dose-dipendente: sotto una concentrazione ematica di alcol dello 0,05 per cento una lieve soppressione del sonno REM, tra 0,05 e 0,10 per cento una marcata frammentazione della seconda met\u00e0 della notte, oltre lo 0,10 per cento una soppressione REM pronunciata.<\/p>\n\n\n\n<p class=\"wp-block-paragraph\">Per il capello questa \u00e8 la pi\u00f9 indiretta delle quattro vie. Non esiste uno studio che colleghi direttamente la carenza di sonno nei consumatori di alcol alla caduta dei capelli. Plausibile \u00e8 il collegamento attraverso l&#8217;asse dello stress: un sonno costantemente cattivo mantiene alto il cortisolo, e lo stress \u00e8 un noto fattore scatenante del telogen effluvium. Come prova di una catena causale non basta, come cofattore s\u00ec.<\/p>\n\n\n\n<h3 class=\"wp-block-heading\">Cuoio capelluto secco e irritato: che cosa cambia l&#8217;alcol nell&#8217;equilibrio idrico<\/h3>\n\n\n\n<p class=\"wp-block-paragraph\">L&#8217;alcol sopprime l&#8217;ormone antidiuretico ADH e ha quindi un effetto diuretico. Sul cuoio capelluto questo non produce un danno alla radice del capello, ma una barriera pi\u00f9 secca e pi\u00f9 sensibile: forfora, sensazione di pelle che tira e prurito compaiono pi\u00f9 spesso, e il capello secco si spezza pi\u00f9 facilmente. La rottura del capello \u00e8 cosa diversa dalla caduta, ma nella spazzola ha un aspetto simile.<\/p>\n\n\n\n<p class=\"wp-block-paragraph\">Pi\u00f9 concreta \u00e8 la via infiammatoria. In uno studio caso-controllo pubblicato su Acta Dermato-Venereologica il consumo regolare di alcol era associato a un odds ratio di 10,2 per le riacutizzazioni della dermatite seborroica. Nella psoriasi un&#8217;analisi su oltre 1.200 persone ha mostrato un legame tra quantit\u00e0 bevuta e gravit\u00e0 del quadro. Le malattie infiammatorie del cuoio capelluto possono a loro volta favorire la perdita di capelli. Non \u00e8 per\u00f2 una prova che l&#8217;alcol danneggi il follicolo in s\u00e9.<\/p>\n\n\n\n<style>\n@media (max-width:640px){\n.rt-table-wrap{overflow-x:visible!important;border:0!important;border-radius:0!important}\n.rt-table{min-width:0!important}\n.rt-table thead{display:none}\n.rt-table,.rt-table tbody,.rt-table tr,.rt-table td{display:block;width:100%}\n.rt-table caption{display:block;padding:0 0 12px!important}\n.rt-table tr{margin:0 0 12px;border:1px solid #dbe4f0;border-radius:10px;overflow:hidden}\n.rt-table tr:last-child{margin-bottom:0}\n.rt-table td{display:flex!important;flex-direction:column;gap:3px;padding:12px 14px!important;\nborder:0!important;border-bottom:1px solid #e3e8ef!important;background:#ffffff!important}\n.rt-table tr td:last-child{border-bottom:0!important}\n.rt-table td::before{content:attr(data-label);font-size:12px;font-weight:700;letter-spacing:.04em;\ntext-transform:uppercase;color:#5799F1}\n.rt-table td:not([data-label])::before,.rt-table td[data-label=\"\"]::before{display:none}\n}\n<\/style>\n<div class=\"rt-table-wrap\" style=\"overflow-x:auto;-webkit-overflow-scrolling:touch;margin:28px 0;border:1px solid #dbe4f0;border-radius:12px\">\n  <table class=\"rt-table\" style=\"width:100%;min-width:660px;table-layout:fixed;border-collapse:separate;border-spacing:0;font-size:15px;margin:0\">\n    <caption style=\"caption-side:top;text-align:left;color:#003366;font-weight:700;font-size:16px;line-height:1.35;padding:14px 16px 10px;background:#ffffff\">Che cosa modifica l&#8217;alcol nel corpo e come ne risentono i capelli<\/caption>\n    <thead>\n      <tr>\n        <th style=\"width:22%;background:#003366;color:#ffffff;font-weight:700;text-align:left;vertical-align:middle;padding:13px 16px;font-size:15px;line-height:1.4;border:0;overflow-wrap:break-word\">Che cosa modifica l&#8217;alcol<\/th>\n        <th style=\"background:#003366;color:#ffffff;font-weight:700;text-align:left;vertical-align:middle;padding:13px 16px;font-size:15px;line-height:1.4;border:0;overflow-wrap:break-word\">Perch\u00e9<\/th>\n        <th style=\"background:#003366;color:#ffffff;font-weight:700;text-align:left;vertical-align:middle;padding:13px 16px;font-size:15px;line-height:1.4;border:0;overflow-wrap:break-word\">Effetto sui capelli<\/th>\n        <th style=\"background:#003366;color:#ffffff;font-weight:700;text-align:left;vertical-align:middle;padding:13px 16px;font-size:15px;line-height:1.4;border:0;overflow-wrap:break-word\">Inquadramento scientifico<\/th>\n      <\/tr>\n    <\/thead>\n    <tbody>\n      <tr>\n        <td data-label=\"Che cosa modifica l'alcol\" style=\"background:#ffffff;color:#003366;font-weight:700;text-align:left;vertical-align:top;padding:13px 16px;font-size:15px;line-height:1.55;border:0;border-bottom:1px solid #e3e8ef;overflow-wrap:break-word\">Zinco, folati, vitamine del gruppo B, ferro<\/td>\n        <td data-label=\"Perch\u00e9\" style=\"background:#ffffff;color:#22303e;font-weight:400;text-align:left;vertical-align:top;padding:13px 16px;font-size:15px;line-height:1.55;border:0;border-bottom:1px solid #e3e8ef;overflow-wrap:break-word\">minore assorbimento nell&#8217;intestino, maggiore eliminazione attraverso il rene<\/td>\n        <td data-label=\"Effetto sui capelli\" style=\"background:#ffffff;color:#22303e;font-weight:400;text-align:left;vertical-align:top;padding:13px 16px;font-size:15px;line-height:1.55;border:0;border-bottom:1px solid #e3e8ef;overflow-wrap:break-word\">capelli che si assottigliano, struttura fragile, pi\u00f9 follicoli in fase di riposo<\/td>\n        <td data-label=\"Inquadramento scientifico\" style=\"background:#ffffff;color:#22303e;font-weight:400;text-align:left;vertical-align:top;padding:13px 16px;font-size:15px;line-height:1.55;border:0;border-bottom:1px solid #e3e8ef;overflow-wrap:break-word\">Consolidato<\/td>\n      <\/tr>\n      <tr>\n        <td data-label=\"Che cosa modifica l'alcol\" style=\"background:#f6f9fc;color:#003366;font-weight:700;text-align:left;vertical-align:top;padding:13px 16px;font-size:15px;line-height:1.55;border:0;border-bottom:1px solid #e3e8ef;overflow-wrap:break-word\">Metabolismo epatico e ormonale<\/td>\n        <td data-label=\"Perch\u00e9\" style=\"background:#f6f9fc;color:#22303e;font-weight:400;text-align:left;vertical-align:top;padding:13px 16px;font-size:15px;line-height:1.55;border:0;border-bottom:1px solid #e3e8ef;overflow-wrap:break-word\">alterata degradazione degli steroidi, maggiore attivit\u00e0 dell&#8217;aromatasi in caso di danno epatico<\/td>\n        <td data-label=\"Effetto sui capelli\" style=\"background:#f6f9fc;color:#22303e;font-weight:400;text-align:left;vertical-align:top;padding:13px 16px;font-size:15px;line-height:1.55;border:0;border-bottom:1px solid #e3e8ef;overflow-wrap:break-word\">pu\u00f2 rendere pi\u00f9 evidente un quadro androgenetico gi\u00e0 presente<\/td>\n        <td data-label=\"Inquadramento scientifico\" style=\"background:#f6f9fc;color:#22303e;font-weight:400;text-align:left;vertical-align:top;padding:13px 16px;font-size:15px;line-height:1.55;border:0;border-bottom:1px solid #e3e8ef;overflow-wrap:break-word\">Consolidato nel consumo cronico elevato<\/td>\n      <\/tr>\n      <tr>\n        <td data-label=\"Che cosa modifica l'alcol\" style=\"background:#ffffff;color:#003366;font-weight:700;text-align:left;vertical-align:top;padding:13px 16px;font-size:15px;line-height:1.55;border:0;border-bottom:1px solid #e3e8ef;overflow-wrap:break-word\">Architettura del sonno<\/td>\n        <td data-label=\"Perch\u00e9\" style=\"background:#ffffff;color:#22303e;font-weight:400;text-align:left;vertical-align:top;padding:13px 16px;font-size:15px;line-height:1.55;border:0;border-bottom:1px solid #e3e8ef;overflow-wrap:break-word\">soppressione del sonno REM, seconda met\u00e0 della notte frammentata<\/td>\n        <td data-label=\"Effetto sui capelli\" style=\"background:#ffffff;color:#22303e;font-weight:400;text-align:left;vertical-align:top;padding:13px 16px;font-size:15px;line-height:1.55;border:0;border-bottom:1px solid #e3e8ef;overflow-wrap:break-word\">agisce indirettamente sul ciclo del capello attraverso l&#8217;asse dello stress<\/td>\n        <td data-label=\"Inquadramento scientifico\" style=\"background:#ffffff;color:#22303e;font-weight:400;text-align:left;vertical-align:top;padding:13px 16px;font-size:15px;line-height:1.55;border:0;border-bottom:1px solid #e3e8ef;overflow-wrap:break-word\">Conseguenza indiretta<\/td>\n      <\/tr>\n      <tr>\n        <td data-label=\"Che cosa modifica l'alcol\" style=\"background:#f6f9fc;color:#003366;font-weight:700;text-align:left;vertical-align:top;padding:13px 16px;font-size:15px;line-height:1.55;border:0;border-bottom:1px solid #e3e8ef;overflow-wrap:break-word\">Equilibrio idrico e cuoio capelluto<\/td>\n        <td data-label=\"Perch\u00e9\" style=\"background:#f6f9fc;color:#22303e;font-weight:400;text-align:left;vertical-align:top;padding:13px 16px;font-size:15px;line-height:1.55;border:0;border-bottom:1px solid #e3e8ef;overflow-wrap:break-word\">soppressione dell&#8217;ADH, barriera pi\u00f9 secca, maggiore tendenza all&#8217;infiammazione<\/td>\n        <td data-label=\"Effetto sui capelli\" style=\"background:#f6f9fc;color:#22303e;font-weight:400;text-align:left;vertical-align:top;padding:13px 16px;font-size:15px;line-height:1.55;border:0;border-bottom:1px solid #e3e8ef;overflow-wrap:break-word\">cuoio capelluto secco e irritato, forfora, capelli che si spezzano<\/td>\n        <td data-label=\"Inquadramento scientifico\" style=\"background:#f6f9fc;color:#22303e;font-weight:400;text-align:left;vertical-align:top;padding:13px 16px;font-size:15px;line-height:1.55;border:0;border-bottom:1px solid #e3e8ef;overflow-wrap:break-word\">Conseguenza indiretta<\/td>\n      <\/tr>\n      <tr>\n        <td data-label=\"Che cosa modifica l'alcol\" style=\"background:#ffffff;color:#003366;font-weight:700;text-align:left;vertical-align:top;padding:13px 16px;font-size:15px;line-height:1.55;border:0;overflow-wrap:break-word\">Calvizie ereditaria in modo diretto<\/td>\n        <td data-label=\"Perch\u00e9\" style=\"background:#ffffff;color:#22303e;font-weight:400;text-align:left;vertical-align:top;padding:13px 16px;font-size:15px;line-height:1.55;border:0;overflow-wrap:break-word\">associazione epidemiologica, stile di vita come possibile fattore di confondimento<\/td>\n        <td data-label=\"Effetto sui capelli\" style=\"background:#ffffff;color:#22303e;font-weight:400;text-align:left;vertical-align:top;padding:13px 16px;font-size:15px;line-height:1.55;border:0;overflow-wrap:break-word\">gli studi arrivano a risultati diversi<\/td>\n        <td data-label=\"Inquadramento scientifico\" style=\"background:#ffffff;color:#22303e;font-weight:400;text-align:left;vertical-align:top;padding:13px 16px;font-size:15px;line-height:1.55;border:0;overflow-wrap:break-word\">Evidenze limitate<\/td>\n      <\/tr>\n    <\/tbody>\n  <\/table>\n<\/div>\n\n\n<div class=\"wp-block-image\">\n<figure class=\"aligncenter size-large is-resized\" style=\"max-width:720px;margin-left:auto;margin-right:auto\"><img decoding=\"async\" src=\"https:\/\/elithair.com\/it\/wp-content\/uploads\/sites\/6\/2026\/08\/vier_mechanismen__it.png\" alt=\"Infografica: quattro vie attraverso cui l'alcol disturba la crescita dei capelli, dall'assorbimento dei nutrienti al cuoio capelluto\" class=\"wp-image-107923\" style=\"width:720px;max-width:100%;height:auto\"\/><\/figure>\n<\/div>\n\n\n<h2 class=\"wp-block-heading\">Quanto alcol \u00e8 troppo per i capelli?<\/h2>\n\n\n\n<p class=\"wp-block-paragraph\">Il consumo moderato di alcol non \u00e8 documentato come causa di caduta dei capelli. La quantit\u00e0 diventa rilevante quando resta elevata per mesi, perch\u00e9 solo allora riserve di nutrienti, valori epatici e asse ormonale si spostano in modo misurabile. Un bicchiere di vino a tavola non rappresenta, alla luce dei dati attuali, un rischio per i capelli.<\/p>\n\n\n\n<p class=\"wp-block-paragraph\">Per orientarsi aiutano le definizioni ufficiali. Un&#8217;unit\u00e0 alcolica corrisponde in Italia a 12 g di alcol puro (CREA e Istituto Superiore di Sanit\u00e0, Linee guida per una sana alimentazione). Le indicazioni italiane per un consumo a basso rischio, la cosiddetta regola 2-1-0, prevedono al massimo 2 unit\u00e0 alcoliche al giorno per gli uomini, 1 al giorno per le donne e per chi ha pi\u00f9 di 65 anni, e nessuna sotto i 18 anni.<\/p>\n\n\n\n<p class=\"wp-block-paragraph\">Queste soglie non descrivono per\u00f2 una quantit\u00e0 innocua: servono a contenere il rischio, non a dare un via libera. Nel gennaio 2023 l&#8217;OMS ha affermato che non esiste una quantit\u00e0 di alcol sicura per la salute. \u00c8 un&#8217;affermazione sui rischi oncologici e cardiovascolari, non sulla caduta dei capelli. Molti testi confondono i due piani.<\/p>\n\n\n\n<p class=\"wp-block-paragraph\">I livelli di rischio dell&#8217;OMS vanno dall&#8217;astinenza fino al rischio molto alto, a partire da pi\u00f9 di 100 g di alcol puro al giorno negli uomini e pi\u00f9 di 60 g nelle donne. L&#8217;OMS definisce il binge drinking come almeno 60 g in una singola occasione, almeno una volta al mese. La tabella che segue traduce questi livelli in ci\u00f2 che conta per i capelli.<\/p>\n\n\n\n<style>\n@media (max-width:640px){\n.rt-table-wrap{overflow-x:visible!important;border:0!important;border-radius:0!important}\n.rt-table{min-width:0!important}\n.rt-table thead{display:none}\n.rt-table,.rt-table tbody,.rt-table tr,.rt-table td{display:block;width:100%}\n.rt-table caption{display:block;padding:0 0 12px!important}\n.rt-table tr{margin:0 0 12px;border:1px solid #dbe4f0;border-radius:10px;overflow:hidden}\n.rt-table tr:last-child{margin-bottom:0}\n.rt-table td{display:flex!important;flex-direction:column;gap:3px;padding:12px 14px!important;\nborder:0!important;border-bottom:1px solid #e3e8ef!important;background:#ffffff!important}\n.rt-table tr td:last-child{border-bottom:0!important}\n.rt-table td::before{content:attr(data-label);font-size:12px;font-weight:700;letter-spacing:.04em;\ntext-transform:uppercase;color:#5799F1}\n.rt-table td:not([data-label])::before,.rt-table td[data-label=\"\"]::before{display:none}\n}\n<\/style>\n<div class=\"rt-table-wrap\" style=\"overflow-x:auto;-webkit-overflow-scrolling:touch;margin:28px 0;border:1px solid #dbe4f0;border-radius:12px\">\n  <table class=\"rt-table\" style=\"width:100%;min-width:660px;table-layout:fixed;border-collapse:separate;border-spacing:0;font-size:15px;margin:0\">\n    <caption style=\"caption-side:top;text-align:left;color:#003366;font-weight:700;font-size:16px;line-height:1.35;padding:14px 16px 10px;background:#ffffff\">Inquadrare il consumo: quando diventa rilevante per capelli e organismo<\/caption>\n    <thead>\n      <tr>\n        <th style=\"width:22%;background:#003366;color:#ffffff;font-weight:700;text-align:left;vertical-align:middle;padding:13px 16px;font-size:15px;line-height:1.4;border:0;overflow-wrap:break-word\">Modello di consumo<\/th>\n        <th style=\"background:#003366;color:#ffffff;font-weight:700;text-align:left;vertical-align:middle;padding:13px 16px;font-size:15px;line-height:1.4;border:0;overflow-wrap:break-word\">Come lo classificano le societ\u00e0 scientifiche<\/th>\n        <th style=\"background:#003366;color:#ffffff;font-weight:700;text-align:left;vertical-align:middle;padding:13px 16px;font-size:15px;line-height:1.4;border:0;overflow-wrap:break-word\">Che cosa conta per i capelli<\/th>\n        <th style=\"background:#003366;color:#ffffff;font-weight:700;text-align:left;vertical-align:middle;padding:13px 16px;font-size:15px;line-height:1.4;border:0;overflow-wrap:break-word\">Che cosa ha senso fare<\/th>\n      <\/tr>\n    <\/thead>\n    <tbody>\n      <tr>\n        <td data-label=\"Modello di consumo\" style=\"background:#ffffff;color:#003366;font-weight:700;text-align:left;vertical-align:top;padding:13px 16px;font-size:15px;line-height:1.55;border:0;border-bottom:1px solid #e3e8ef;overflow-wrap:break-word\">Nessun consumo di alcol<\/td>\n        <td data-label=\"Come lo classificano le societ\u00e0 scientifiche\" style=\"background:#ffffff;color:#22303e;font-weight:400;text-align:left;vertical-align:top;padding:13px 16px;font-size:15px;line-height:1.55;border:0;border-bottom:1px solid #e3e8ef;overflow-wrap:break-word\">unico livello senza rischio per la salute legato all&#8217;alcol (OMS)<\/td>\n        <td data-label=\"Che cosa conta per i capelli\" style=\"background:#ffffff;color:#22303e;font-weight:400;text-align:left;vertical-align:top;padding:13px 16px;font-size:15px;line-height:1.55;border:0;border-bottom:1px solid #e3e8ef;overflow-wrap:break-word\">nessun contributo dell&#8217;alcol alla caduta dei capelli<\/td>\n        <td data-label=\"Che cosa ha senso fare\" style=\"background:#ffffff;color:#22303e;font-weight:400;text-align:left;vertical-align:top;padding:13px 16px;font-size:15px;line-height:1.55;border:0;border-bottom:1px solid #e3e8ef;overflow-wrap:break-word\">in caso di caduta, far accertare le altre cause<\/td>\n      <\/tr>\n      <tr>\n        <td data-label=\"Modello di consumo\" style=\"background:#f6f9fc;color:#003366;font-weight:700;text-align:left;vertical-align:top;padding:13px 16px;font-size:15px;line-height:1.55;border:0;border-bottom:1px solid #e3e8ef;overflow-wrap:break-word\">Fino a 1 unit\u00e0 alcolica al giorno (donne) o 2 (uomini), con giorni senza alcol<\/td>\n        <td data-label=\"Come lo classificano le societ\u00e0 scientifiche\" style=\"background:#f6f9fc;color:#22303e;font-weight:400;text-align:left;vertical-align:top;padding:13px 16px;font-size:15px;line-height:1.55;border:0;border-bottom:1px solid #e3e8ef;overflow-wrap:break-word\">limite italiano per un consumo a basso rischio, la regola 2-1-0 (12 g e 24 g al giorno); resta valido che non esiste una quantit\u00e0 dimostrata come innocua<\/td>\n        <td data-label=\"Che cosa conta per i capelli\" style=\"background:#f6f9fc;color:#22303e;font-weight:400;text-align:left;vertical-align:top;padding:13px 16px;font-size:15px;line-height:1.55;border:0;border-bottom:1px solid #e3e8ef;overflow-wrap:break-word\">non documentato come causa di caduta dei capelli<\/td>\n        <td data-label=\"Che cosa ha senso fare\" style=\"background:#f6f9fc;color:#22303e;font-weight:400;text-align:left;vertical-align:top;padding:13px 16px;font-size:15px;line-height:1.55;border:0;border-bottom:1px solid #e3e8ef;overflow-wrap:break-word\">riferire la quantit\u00e0 al medico, perch\u00e9 influenza i valori del sangue<\/td>\n      <\/tr>\n      <tr>\n        <td data-label=\"Modello di consumo\" style=\"background:#ffffff;color:#003366;font-weight:700;text-align:left;vertical-align:top;padding:13px 16px;font-size:15px;line-height:1.55;border:0;border-bottom:1px solid #e3e8ef;overflow-wrap:break-word\">Regolarmente molto di pi\u00f9, per mesi<\/td>\n        <td data-label=\"Come lo classificano le societ\u00e0 scientifiche\" style=\"background:#ffffff;color:#22303e;font-weight:400;text-align:left;vertical-align:top;padding:13px 16px;font-size:15px;line-height:1.55;border:0;border-bottom:1px solid #e3e8ef;overflow-wrap:break-word\">oltre le soglie indicate, il rischio cresce con la quantit\u00e0 giornaliera (OMS)<\/td>\n        <td data-label=\"Che cosa conta per i capelli\" style=\"background:#ffffff;color:#22303e;font-weight:400;text-align:left;vertical-align:top;padding:13px 16px;font-size:15px;line-height:1.55;border:0;border-bottom:1px solid #e3e8ef;overflow-wrap:break-word\">riserve di nutrienti e valori epatici possono spostarsi in modo misurabile; \u00e8 qui che agiscono i quattro meccanismi<\/td>\n        <td data-label=\"Che cosa ha senso fare\" style=\"background:#ffffff;color:#22303e;font-weight:400;text-align:left;vertical-align:top;padding:13px 16px;font-size:15px;line-height:1.55;border:0;border-bottom:1px solid #e3e8ef;overflow-wrap:break-word\">ridurre la quantit\u00e0, emocromo e colloquio con il medico<\/td>\n      <\/tr>\n      <tr>\n        <td data-label=\"Modello di consumo\" style=\"background:#f6f9fc;color:#003366;font-weight:700;text-align:left;vertical-align:top;padding:13px 16px;font-size:15px;line-height:1.55;border:0;border-bottom:1px solid #e3e8ef;overflow-wrap:break-word\">Binge drinking: 60 g o pi\u00f9 in una singola occasione, almeno una volta al mese<\/td>\n        <td data-label=\"Come lo classificano le societ\u00e0 scientifiche\" style=\"background:#f6f9fc;color:#22303e;font-weight:400;text-align:left;vertical-align:top;padding:13px 16px;font-size:15px;line-height:1.55;border:0;border-bottom:1px solid #e3e8ef;overflow-wrap:break-word\">definizione di binge drinking dell&#8217;OMS<\/td>\n        <td data-label=\"Che cosa conta per i capelli\" style=\"background:#f6f9fc;color:#22303e;font-weight:400;text-align:left;vertical-align:top;padding:13px 16px;font-size:15px;line-height:1.55;border:0;border-bottom:1px solid #e3e8ef;overflow-wrap:break-word\">un singolo episodio non svuota le riserve, ma ripetuto per mesi si somma<\/td>\n        <td data-label=\"Che cosa ha senso fare\" style=\"background:#f6f9fc;color:#22303e;font-weight:400;text-align:left;vertical-align:top;padding:13px 16px;font-size:15px;line-height:1.55;border:0;border-bottom:1px solid #e3e8ef;overflow-wrap:break-word\">registrare la quantit\u00e0 settimanale in unit\u00e0 alcoliche invece di stimarla a sensazione<\/td>\n      <\/tr>\n      <tr>\n        <td data-label=\"Modello di consumo\" style=\"background:#ffffff;color:#003366;font-weight:700;text-align:left;vertical-align:top;padding:13px 16px;font-size:15px;line-height:1.55;border:0;overflow-wrap:break-word\">Pi\u00f9 di 100 g al giorno (uomini) o 60 g (donne)<\/td>\n        <td data-label=\"Come lo classificano le societ\u00e0 scientifiche\" style=\"background:#ffffff;color:#22303e;font-weight:400;text-align:left;vertical-align:top;padding:13px 16px;font-size:15px;line-height:1.55;border:0;overflow-wrap:break-word\">rischio molto alto (livelli di rischio dell&#8217;OMS)<\/td>\n        <td data-label=\"Che cosa conta per i capelli\" style=\"background:#ffffff;color:#22303e;font-weight:400;text-align:left;vertical-align:top;padding:13px 16px;font-size:15px;line-height:1.55;border:0;overflow-wrap:break-word\">spesso carenze associate, valori epatici alterati, asse ormonale disturbato<\/td>\n        <td data-label=\"Che cosa ha senso fare\" style=\"background:#ffffff;color:#22303e;font-weight:400;text-align:left;vertical-align:top;padding:13px 16px;font-size:15px;line-height:1.55;border:0;overflow-wrap:break-word\">accompagnamento medico; mai un&#8217;interruzione brusca e autogestita<\/td>\n      <\/tr>\n    <\/tbody>\n  <\/table>\n<\/div>\n\n\n\n<p class=\"wp-block-paragraph\"><strong>Legenda sull&#8217;unit\u00e0 alcolica:<\/strong> 1 unit\u00e0 alcolica corrisponde a circa una lattina di birra da 330 ml (4,6 % vol), un bicchiere di vino da 125 ml (12 % vol) o un bicchierino di superalcolico da 40 ml (40 % vol), cio\u00e8 12 g di alcol puro (CREA e Istituto Superiore di Sanit\u00e0, Linee guida per una sana alimentazione). Che sia birra, vino o distillato non fa differenza: tutte le societ\u00e0 scientifiche ragionano in grammi di alcol puro, non in tipi di bevanda.<\/p>\n\n\n\n<h3 class=\"wp-block-heading\">Bere nel fine settimana o tutti i giorni: che cosa cambia per i capelli<\/h3>\n\n\n\n<p class=\"wp-block-paragraph\">Per i capelli, allo stato attuale delle conoscenze, conta la quantit\u00e0 settimanale, non il modello. I meccanismi rilevanti hanno bisogno di tempo: una singola serata di eccesso non svuota le riserve di zinco, ma un binge drinking ripetuto per mesi raggiunge la stessa quantit\u00e0 di alcol puro di un consumo quotidiano costante. Qui manca uno studio, e lo diciamo apertamente: non esiste un lavoro che, a parit\u00e0 di quantit\u00e0 settimanale, confronti i due modelli rispetto alla caduta dei capelli.<\/p>\n\n\n\n<p class=\"wp-block-paragraph\">Per le donne tutti i valori soglia si collocano a circa la met\u00e0, perch\u00e9 la percentuale di acqua corporea \u00e8 minore e l&#8217;alcol deidrogenasi lavora in modo diverso. Per i capelli si aggiunge un secondo fattore: la carenza di ferro \u00e8 frequente nelle donne in et\u00e0 fertile, e l&#8217;alcol peggiora ulteriormente l&#8217;apporto di ferro e folati.<\/p>\n\n\n\n<h2 class=\"wp-block-heading\">Sintomi della caduta dei capelli da alcol<\/h2>\n\n\n\n<p class=\"wp-block-paragraph\">Una <strong>caduta dei capelli legata all&#8217;alcol<\/strong> si sviluppa di solito in modo graduale. I primi segnali sono capelli che si assottigliano, struttura che peggiora o una maggiore perdita durante il lavaggio o la spazzolatura. Se compaiono questi cambiamenti, pu\u00f2 avere senso guardare con occhio critico anche al proprio consumo di alcol. Quando la perdita di capelli sia da considerare anomala lo chiarisce l&#8217;articolo sulla <a href=\"\/it\/trapianto-capelli-blog\/caduta-capelli-estrema\/\">caduta dei capelli estrema<\/a>.<\/p>\n\n\n\n<figure class=\"wp-block-image size-full\"><img decoding=\"async\" src=\"https:\/\/elithair.com\/it\/wp-content\/uploads\/sites\/6\/2026\/08\/bestand_91568.png\" alt=\"Diverse bottiglie davanti a un uomo dall'aria depressa che beve un bicchiere di alcolico\" class=\"wp-image-107930\"\/><\/figure>\n\n\n\n<p class=\"wp-block-paragraph\">La caduta dei capelli da alcol pu\u00f2 manifestarsi, tra l&#8217;altro, con un&#8217;attaccatura che arretra o con un diradamento accentuato su tempie e vertice. Cambiamenti di questo tipo possono essere favoriti dagli effetti ormonali e metabolici dell&#8217;alcol. Proprio questo disegno, per\u00f2, \u00e8 tipico della calvizie ereditaria, che un consumo elevato pu\u00f2 accompagnare e rendere pi\u00f9 visibile, senza esserne la causa.<\/p>\n\n\n<div class=\"wp-block-image\">\n<figure class=\"aligncenter size-large is-resized\" style=\"max-width:560px;margin-left:auto;margin-right:auto\"><img decoding=\"async\" src=\"https:\/\/elithair.com\/it\/wp-content\/uploads\/sites\/6\/2026\/08\/diffus_vs_muster.png\" alt=\"Illustrazione a confronto: a sinistra capelli diradati in modo diffuso e uniforme, a destra il disegno della calvizie ereditaria su tempie e vertice\" class=\"wp-image-107924\" style=\"width:560px;max-width:100%;height:auto\"\/><\/figure>\n<\/div>\n\n\n<p class=\"wp-block-paragraph\">Ancora prima che la perdita sia visibile, la qualit\u00e0 del capello pu\u00f2 peggiorare. Tipici sono capelli spenti, secchi o fragili. In alcuni casi si osserva anche un incanutimento precoce, che pu\u00f2 essere collegato a carenze nutrizionali. Per l&#8217;incanutimento precoce, per\u00f2, i dati sono nettamente pi\u00f9 solidi per il fumo che per l&#8217;alcol: uno studio trasversale pubblicato sul Journal of the American Academy of Dermatology indica il fumo come fattore di rischio, mentre per il solo alcol il legame \u00e8 pi\u00f9 debole e non confermato in modo paragonabile. Di pi\u00f9 nell&#8217;articolo su fumo e caduta dei capelli.<\/p>\n\n\n\n<div style=\"margin:26px 0\">\n<p style=\"margin:0 0 14px;color:#013366;font-weight:700;font-size:18px\">Check dei sintomi: quattro osservazioni e il passo successivo<\/p>\n<div style=\"border:1px solid #e3e8ef;border-radius:10px;padding:16px;margin-bottom:12px;background:#ffffff\">\n<p style=\"margin:0 0 6px;color:#013366;font-weight:600;font-size:16px;line-height:1.45\"><span style=\"color:#0079F1;font-weight:700\">&#10003;<\/span> Pi\u00f9 capelli nella spazzola e nello scarico, per settimane, senza zone glabre<\/p>\n<p style=\"margin:0;color:#2e3033;font-size:15px;line-height:1.6\">Depone per una caduta diffusa, con una causa individuabile. Passo successivo: richiedere un emocromo e riferire la quantit\u00e0 bevuta in bicchieri a settimana.<\/p>\n<\/div>\n<div style=\"border:1px solid #e3e8ef;border-radius:10px;padding:16px;margin-bottom:12px;background:#ffffff\">\n<p style=\"margin:0 0 6px;color:#013366;font-weight:600;font-size:16px;line-height:1.45\"><span style=\"color:#0079F1;font-weight:700\">&#10003;<\/span> Il diradamento \u00e8 pi\u00f9 evidente su tempie e vertice<\/p>\n<p style=\"margin:0;color:#2e3033;font-size:15px;line-height:1.6\">Suggerisce un quadro androgenetico, che l&#8217;alcol pu\u00f2 accompagnare ma non spiegare. Passo successivo: inquadramento dermatologico del disegno.<\/p>\n<\/div>\n<div style=\"border:1px solid #e3e8ef;border-radius:10px;padding:16px;margin-bottom:12px;background:#ffffff\">\n<p style=\"margin:0 0 6px;color:#013366;font-weight:600;font-size:16px;line-height:1.45\"><span style=\"color:#0079F1;font-weight:700\">&#10003;<\/span> In pi\u00f9 stanchezza, unghie fragili o ragadi agli angoli della bocca<\/p>\n<p style=\"margin:0;color:#2e3033;font-size:15px;line-height:1.6\">Tipici segni di accompagnamento di una carenza nutrizionale. Passo successivo: far dosare ferritina, zinco, folati e vitamina B12 insieme all&#8217;emocromo.<\/p>\n<\/div>\n<div style=\"border:1px solid #e3e8ef;border-radius:10px;padding:16px;margin-bottom:12px;background:#ffffff\">\n<p style=\"margin:0 0 6px;color:#013366;font-weight:600;font-size:16px;line-height:1.45\"><span style=\"color:#0079F1;font-weight:700\">&#10003;<\/span> Il cuoio capelluto desquama, tira o prude da quando si beve pi\u00f9 spesso<\/p>\n<p style=\"margin:0;color:#2e3033;font-size:15px;line-height:1.6\">Corrisponde alla via infiammatoria e a quella della barriera cutanea. Passo successivo: valutazione del cuoio capelluto in ambulatorio dermatologico, invece di trattamenti prolungati fai da te.<\/p>\n<\/div>\n<\/div>\n\n\n\n<p class=\"wp-block-paragraph\">Chi nota sintomi di questo tipo e consuma alcol regolarmente dovrebbe far accertare la causa dal medico. Oltre alla valutazione medica \u00e8 determinante ridurre il consumo di alcol, per non compromettere ulteriormente la crescita dei capelli.<\/p>\n\n\n\n<h2 class=\"wp-block-heading\">Alcol o calvizie genetica? Come distinguere i due quadri<\/h2>\n\n\n\n<p class=\"wp-block-paragraph\">La caduta legata all&#8217;alcol dirada la chioma in modo uniforme, la calvizie androgenetica segue un disegno su tempie e vertice. Chi ha entrambe le cose vede per prima cosa accentuarsi il disegno, perch\u00e9 i follicoli geneticamente sensibili sono i primi a passare in fase di riposo. \u00c8 questa distinzione a decidere quale trattamento abbia davvero senso.<\/p>\n\n\n\n<p class=\"wp-block-paragraph\">Un consumo elevato pu\u00f2 quindi smascherare una calvizie ereditaria gi\u00e0 presente, senza esserne il fattore scatenante. Se l&#8217;alcol acceleri effettivamente l&#8217;alopecia androgenetica resta una domanda aperta: la meta-analisi su Alcohol and Alcoholism (2024) non ha trovato un legame significativo, la revisione su BMC Public Health (2026) elenca l&#8217;alcol con un odds ratio di 1,72 come uno dei diversi fattori di rischio. Come ipotesi si discute un&#8217;alterazione dell&#8217;ambiente immunitario del cuoio capelluto da parte dell&#8217;acetaldeide, prodotto di degradazione dell&#8217;alcol, ma una dimostrazione non c&#8217;\u00e8.<\/p>\n\n\n\n<style>\n@media (max-width:640px){\n.rt-table-wrap{overflow-x:visible!important;border:0!important;border-radius:0!important}\n.rt-table{min-width:0!important}\n.rt-table thead{display:none}\n.rt-table,.rt-table tbody,.rt-table tr,.rt-table td{display:block;width:100%}\n.rt-table caption{display:block;padding:0 0 12px!important}\n.rt-table tr{margin:0 0 12px;border:1px solid #dbe4f0;border-radius:10px;overflow:hidden}\n.rt-table tr:last-child{margin-bottom:0}\n.rt-table td{display:flex!important;flex-direction:column;gap:3px;padding:12px 14px!important;\nborder:0!important;border-bottom:1px solid #e3e8ef!important;background:#ffffff!important}\n.rt-table tr td:last-child{border-bottom:0!important}\n.rt-table td::before{content:attr(data-label);font-size:12px;font-weight:700;letter-spacing:.04em;\ntext-transform:uppercase;color:#5799F1}\n.rt-table td:not([data-label])::before,.rt-table td[data-label=\"\"]::before{display:none}\n}\n<\/style>\n<div class=\"rt-table-wrap\" style=\"overflow-x:auto;-webkit-overflow-scrolling:touch;margin:28px 0;border:1px solid #dbe4f0;border-radius:12px\">\n  <table class=\"rt-table\" style=\"width:100%;min-width:620px;table-layout:fixed;border-collapse:separate;border-spacing:0;font-size:15px;margin:0\">\n    <caption style=\"caption-side:top;text-align:left;color:#003366;font-weight:700;font-size:16px;line-height:1.35;padding:14px 16px 10px;background:#ffffff\">Diffusa o a disegno: la distinzione in sintesi<\/caption>\n    <thead>\n      <tr>\n        <th style=\"width:22%;background:#003366;color:#ffffff;font-weight:700;text-align:left;vertical-align:middle;padding:13px 16px;font-size:15px;line-height:1.4;border:0;overflow-wrap:break-word\">Caratteristica<\/th>\n        <th style=\"background:#003366;color:#ffffff;font-weight:700;text-align:left;vertical-align:middle;padding:13px 16px;font-size:15px;line-height:1.4;border:0;overflow-wrap:break-word\">Diradamento diffuso (alcol, carenze, stress)<\/th>\n        <th style=\"background:#003366;color:#ffffff;font-weight:700;text-align:left;vertical-align:middle;padding:13px 16px;font-size:15px;line-height:1.4;border:0;overflow-wrap:break-word\">Disegno androgenetico<\/th>\n      <\/tr>\n    <\/thead>\n    <tbody>\n      <tr>\n        <td data-label=\"Caratteristica\" style=\"background:#ffffff;color:#003366;font-weight:700;text-align:left;vertical-align:top;padding:13px 16px;font-size:15px;line-height:1.55;border:0;border-bottom:1px solid #e3e8ef;overflow-wrap:break-word\">Distribuzione<\/td>\n        <td data-label=\"Diradamento diffuso (alcol, carenze, stress)\" style=\"background:#ffffff;color:#22303e;font-weight:400;text-align:left;vertical-align:top;padding:13px 16px;font-size:15px;line-height:1.55;border:0;border-bottom:1px solid #e3e8ef;overflow-wrap:break-word\">uniforme su tutto il cuoio capelluto, anche in zona occipitale<\/td>\n        <td data-label=\"Disegno androgenetico\" style=\"background:#ffffff;color:#22303e;font-weight:400;text-align:left;vertical-align:top;padding:13px 16px;font-size:15px;line-height:1.55;border:0;border-bottom:1px solid #e3e8ef;overflow-wrap:break-word\">tempie, attaccatura frontale e vertice, la zona occipitale resta folta<\/td>\n      <\/tr>\n      <tr>\n        <td data-label=\"Caratteristica\" style=\"background:#f6f9fc;color:#003366;font-weight:700;text-align:left;vertical-align:top;padding:13px 16px;font-size:15px;line-height:1.55;border:0;border-bottom:1px solid #e3e8ef;overflow-wrap:break-word\">Andamento nel tempo<\/td>\n        <td data-label=\"Diradamento diffuso (alcol, carenze, stress)\" style=\"background:#f6f9fc;color:#22303e;font-weight:400;text-align:left;vertical-align:top;padding:13px 16px;font-size:15px;line-height:1.55;border:0;border-bottom:1px solid #e3e8ef;overflow-wrap:break-word\">inizio di solito da 1 a 6 mesi dopo un fattore scatenante, spesso a ondate<\/td>\n        <td data-label=\"Disegno androgenetico\" style=\"background:#f6f9fc;color:#22303e;font-weight:400;text-align:left;vertical-align:top;padding:13px 16px;font-size:15px;line-height:1.55;border:0;border-bottom:1px solid #e3e8ef;overflow-wrap:break-word\">progressione lenta nell&#8217;arco di anni, senza un fattore scatenante riconoscibile<\/td>\n      <\/tr>\n      <tr>\n        <td data-label=\"Caratteristica\" style=\"background:#ffffff;color:#003366;font-weight:700;text-align:left;vertical-align:top;padding:13px 16px;font-size:15px;line-height:1.55;border:0;border-bottom:1px solid #e3e8ef;overflow-wrap:break-word\">Che cosa si nota per primo<\/td>\n        <td data-label=\"Diradamento diffuso (alcol, carenze, stress)\" style=\"background:#ffffff;color:#22303e;font-weight:400;text-align:left;vertical-align:top;padding:13px 16px;font-size:15px;line-height:1.55;border:0;border-bottom:1px solid #e3e8ef;overflow-wrap:break-word\">pi\u00f9 capelli durante lavaggio e spazzolatura, la riga appare pi\u00f9 larga<\/td>\n        <td data-label=\"Disegno androgenetico\" style=\"background:#ffffff;color:#22303e;font-weight:400;text-align:left;vertical-align:top;padding:13px 16px;font-size:15px;line-height:1.55;border:0;border-bottom:1px solid #e3e8ef;overflow-wrap:break-word\">l&#8217;attaccatura arretra, il cuoio capelluto traspare sul vertice<\/td>\n      <\/tr>\n      <tr>\n        <td data-label=\"Caratteristica\" style=\"background:#f6f9fc;color:#003366;font-weight:700;text-align:left;vertical-align:top;padding:13px 16px;font-size:15px;line-height:1.55;border:0;border-bottom:1px solid #e3e8ef;overflow-wrap:break-word\">Reazione alla rimozione del fattore scatenante<\/td>\n        <td data-label=\"Diradamento diffuso (alcol, carenze, stress)\" style=\"background:#f6f9fc;color:#22303e;font-weight:400;text-align:left;vertical-align:top;padding:13px 16px;font-size:15px;line-height:1.55;border:0;border-bottom:1px solid #e3e8ef;overflow-wrap:break-word\">recupero di norma entro 6 mesi<\/td>\n        <td data-label=\"Disegno androgenetico\" style=\"background:#f6f9fc;color:#22303e;font-weight:400;text-align:left;vertical-align:top;padding:13px 16px;font-size:15px;line-height:1.55;border:0;border-bottom:1px solid #e3e8ef;overflow-wrap:break-word\">nessuna reazione, la componente genetica prosegue<\/td>\n      <\/tr>\n      <tr>\n        <td data-label=\"Caratteristica\" style=\"background:#ffffff;color:#003366;font-weight:700;text-align:left;vertical-align:top;padding:13px 16px;font-size:15px;line-height:1.55;border:0;overflow-wrap:break-word\">Valori del sangue tipici<\/td>\n        <td data-label=\"Diradamento diffuso (alcol, carenze, stress)\" style=\"background:#ffffff;color:#22303e;font-weight:400;text-align:left;vertical-align:top;padding:13px 16px;font-size:15px;line-height:1.55;border:0;overflow-wrap:break-word\">ferritina, zinco, folati, vitamina B12 o valori epatici alterati<\/td>\n        <td data-label=\"Disegno androgenetico\" style=\"background:#ffffff;color:#22303e;font-weight:400;text-align:left;vertical-align:top;padding:13px 16px;font-size:15px;line-height:1.55;border:0;overflow-wrap:break-word\">valori del sangue di solito nella norma<\/td>\n      <\/tr>\n    <\/tbody>\n  <\/table>\n<\/div>\n\n\n\n<p class=\"wp-block-paragraph\">Nella pratica questo significa, senza giri di parole: la caduta diffusa non \u00e8 un&#8217;indicazione al trapianto di capelli. Solo quando i fattori scatenanti sono stati rimossi e resta un disegno si pu\u00f2 parlare di trapianto, e allora si tratta della componente genetica, non di quella legata all&#8217;alcol. Spesso le due cose coesistono.<\/p>\n\n\n\n<p class=\"wp-block-paragraph\">Se non \u00e8 chiaro quale sia il proprio caso, l&#8217;analisi capelli gratuita \u00e8 il modo pi\u00f9 semplice per fare chiarezza: valuta otticamente, sulla base di distribuzione e densit\u00e0, se si tratta di un disegno o di un diradamento diffuso. Non sostituisce un esame del sangue e l&#8217;accertamento delle cause resta compito del medico.<\/p>\n\n\n\n<div class=\"wp-block-buttons is-content-justification-center is-layout-flex wp-container-core-buttons-is-layout-fe48e5de wp-block-buttons-is-layout-flex\" style=\"justify-content:center;margin-bottom:48px\">\n\n<div class=\"wp-block-button\"><a class=\"wp-block-button__link wp-element-button\" style=\"background-color:#0079F1;color:#ffffff;border-radius:8px;padding:15px 36px;font-weight:700;font-size:17px\" href=\"\/it\/analisi-capillare\/\">Richiedi l&#8217;analisi capelli gratuita<\/a><\/div>\n\n<\/div>\n\n\n\n<h2 class=\"wp-block-heading\">Diagnosi della caduta dei capelli da alcol<\/h2>\n\n\n\n<p class=\"wp-block-paragraph\">Una <strong>caduta dei capelli legata all&#8217;alcol<\/strong> viene diagnosticata dal medico. Non esiste un test che la dimostri: la diagnosi nasce dall&#8217;anamnesi, comprensiva della quantit\u00e0 bevuta, dall&#8217;esame di cuoio capelluto e capelli e dai valori di laboratorio. Ai primi segnali \u00e8 utile rivolgersi al medico di famiglia o a uno specialista.<\/p>\n\n\n<div class=\"wp-block-image\">\n<figure class=\"aligncenter size-large is-resized\" style=\"max-width:720px;margin-left:auto;margin-right:auto\"><img decoding=\"async\" src=\"https:\/\/elithair.com\/it\/wp-content\/uploads\/sites\/6\/2026\/08\/arztgespraech_blutwerte.png\" alt=\"Una dottoressa discute i valori del sangue con un paziente, con le provette sul tavolo\" class=\"wp-image-107925\" style=\"width:720px;max-width:100%;height:auto\"\/><\/figure>\n<\/div>\n\n\n<p class=\"wp-block-paragraph\">Nel corso della visita vengono valutati cuoio capelluto e struttura del capello e vengono discussi i possibili sintomi e le proprie abitudini di consumo. La franchezza \u00e8 determinante, perch\u00e9 solo cos\u00ec la causa della caduta pu\u00f2 essere inquadrata correttamente. \u00c8 utile indicare la quantit\u00e0 in bicchieri a settimana, e non come \u00aboccasionale\u00bb o \u00abmoderata\u00bb, altrimenti i valori di laboratorio non si leggono correttamente.<\/p>\n\n\n\n<p class=\"wp-block-paragraph\">In molti casi un esame del sangue completa la diagnosi. Pu\u00f2 fornire indicazioni su un impegno dell&#8217;organismo legato all&#8217;alcol e su carenze di nutrienti e vitamine che compromettono la crescita dei capelli. Poich\u00e9 un consumo elevato si accompagna spesso a deficit, l&#8217;emocromo offre indicazioni importanti per i passi successivi. Quali parametri siano abituali lo descrive anche l&#8217;articolo sugli esami del sangue in caso di caduta dei capelli.<\/p>\n\n\n\n<style>\n@media (max-width:640px){\n.rt-table-wrap{overflow-x:visible!important;border:0!important;border-radius:0!important}\n.rt-table{min-width:0!important}\n.rt-table thead{display:none}\n.rt-table,.rt-table tbody,.rt-table tr,.rt-table td{display:block;width:100%}\n.rt-table caption{display:block;padding:0 0 12px!important}\n.rt-table tr{margin:0 0 12px;border:1px solid #dbe4f0;border-radius:10px;overflow:hidden}\n.rt-table tr:last-child{margin-bottom:0}\n.rt-table td{display:flex!important;flex-direction:column;gap:3px;padding:12px 14px!important;\nborder:0!important;border-bottom:1px solid #e3e8ef!important;background:#ffffff!important}\n.rt-table tr td:last-child{border-bottom:0!important}\n.rt-table td::before{content:attr(data-label);font-size:12px;font-weight:700;letter-spacing:.04em;\ntext-transform:uppercase;color:#5799F1}\n.rt-table td:not([data-label])::before,.rt-table td[data-label=\"\"]::before{display:none}\n}\n<\/style>\n<div class=\"rt-table-wrap\" style=\"overflow-x:auto;-webkit-overflow-scrolling:touch;margin:28px 0;border:1px solid #dbe4f0;border-radius:12px\">\n  <table class=\"rt-table\" style=\"width:100%;min-width:620px;table-layout:fixed;border-collapse:separate;border-spacing:0;font-size:15px;margin:0\">\n    <caption style=\"caption-side:top;text-align:left;color:#003366;font-weight:700;font-size:16px;line-height:1.35;padding:14px 16px 10px;background:#ffffff\">Valori del sangue: il promemoria per la visita medica<\/caption>\n    <thead>\n      <tr>\n        <th style=\"width:22%;background:#003366;color:#ffffff;font-weight:700;text-align:left;vertical-align:middle;padding:13px 16px;font-size:15px;line-height:1.4;border:0;overflow-wrap:break-word\">Valore<\/th>\n        <th style=\"background:#003366;color:#ffffff;font-weight:700;text-align:left;vertical-align:middle;padding:13px 16px;font-size:15px;line-height:1.4;border:0;overflow-wrap:break-word\">Perch\u00e9 \u00e8 rilevante con alcol e caduta dei capelli<\/th>\n        <th style=\"background:#003366;color:#ffffff;font-weight:700;text-align:left;vertical-align:middle;padding:13px 16px;font-size:15px;line-height:1.4;border:0;overflow-wrap:break-word\">A che cosa guarda il medico<\/th>\n      <\/tr>\n    <\/thead>\n    <tbody>\n      <tr>\n        <td data-label=\"Valore\" style=\"background:#ffffff;color:#003366;font-weight:700;text-align:left;vertical-align:top;padding:13px 16px;font-size:15px;line-height:1.55;border:0;border-bottom:1px solid #e3e8ef;overflow-wrap:break-word\">Emocromo con MCV<\/td>\n        <td data-label=\"Perch\u00e9 \u00e8 rilevante con alcol e caduta dei capelli\" style=\"background:#ffffff;color:#22303e;font-weight:400;text-align:left;vertical-align:top;padding:13px 16px;font-size:15px;line-height:1.55;border:0;border-bottom:1px solid #e3e8ef;overflow-wrap:break-word\">alcol e carenza di folati o vitamina B12 modificano dimensione e formazione dei globuli rossi<\/td>\n        <td data-label=\"A che cosa guarda il medico\" style=\"background:#ffffff;color:#22303e;font-weight:400;text-align:left;vertical-align:top;padding:13px 16px;font-size:15px;line-height:1.55;border:0;border-bottom:1px solid #e3e8ef;overflow-wrap:break-word\">eritrociti ingranditi come indizio di una carenza o di un impegno legato all&#8217;alcol<\/td>\n      <\/tr>\n      <tr>\n        <td data-label=\"Valore\" style=\"background:#f6f9fc;color:#003366;font-weight:700;text-align:left;vertical-align:top;padding:13px 16px;font-size:15px;line-height:1.55;border:0;border-bottom:1px solid #e3e8ef;overflow-wrap:break-word\">Ferritina, insieme alla PCR<\/td>\n        <td data-label=\"Perch\u00e9 \u00e8 rilevante con alcol e caduta dei capelli\" style=\"background:#f6f9fc;color:#22303e;font-weight:400;text-align:left;vertical-align:top;padding:13px 16px;font-size:15px;line-height:1.55;border:0;border-bottom:1px solid #e3e8ef;overflow-wrap:break-word\">la carenza di ferro \u00e8 una causa frequente di diradamento diffuso, e l&#8217;alcol ne peggiora l&#8217;apporto<\/td>\n        <td data-label=\"A che cosa guarda il medico\" style=\"background:#f6f9fc;color:#22303e;font-weight:400;text-align:left;vertical-align:top;padding:13px 16px;font-size:15px;line-height:1.55;border:0;border-bottom:1px solid #e3e8ef;overflow-wrap:break-word\">la ferritina \u00e8 una proteina della fase acuta e in caso di infiammazione pu\u00f2 risultare falsamente alta, per questo la PCR serve come valore di controllo<\/td>\n      <\/tr>\n      <tr>\n        <td data-label=\"Valore\" style=\"background:#ffffff;color:#003366;font-weight:700;text-align:left;vertical-align:top;padding:13px 16px;font-size:15px;line-height:1.55;border:0;border-bottom:1px solid #e3e8ef;overflow-wrap:break-word\">Zinco<\/td>\n        <td data-label=\"Perch\u00e9 \u00e8 rilevante con alcol e caduta dei capelli\" style=\"background:#ffffff;color:#22303e;font-weight:400;text-align:left;vertical-align:top;padding:13px 16px;font-size:15px;line-height:1.55;border:0;border-bottom:1px solid #e3e8ef;overflow-wrap:break-word\">nel consumo cronico l&#8217;assorbimento cala e l&#8217;eliminazione attraverso il rene aumenta<\/td>\n        <td data-label=\"A che cosa guarda il medico\" style=\"background:#ffffff;color:#22303e;font-weight:400;text-align:left;vertical-align:top;padding:13px 16px;font-size:15px;line-height:1.55;border:0;border-bottom:1px solid #e3e8ef;overflow-wrap:break-word\">il legame con struttura del capello, guarigione delle ferite e disturbi del cuoio capelluto<\/td>\n      <\/tr>\n      <tr>\n        <td data-label=\"Valore\" style=\"background:#f6f9fc;color:#003366;font-weight:700;text-align:left;vertical-align:top;padding:13px 16px;font-size:15px;line-height:1.55;border:0;border-bottom:1px solid #e3e8ef;overflow-wrap:break-word\">Folati e vitamina B12<\/td>\n        <td data-label=\"Perch\u00e9 \u00e8 rilevante con alcol e caduta dei capelli\" style=\"background:#f6f9fc;color:#22303e;font-weight:400;text-align:left;vertical-align:top;padding:13px 16px;font-size:15px;line-height:1.55;border:0;border-bottom:1px solid #e3e8ef;overflow-wrap:break-word\">con l&#8217;alcol si sommano tre vie di perdita, intestino, fegato e rene<\/td>\n        <td data-label=\"A che cosa guarda il medico\" style=\"background:#f6f9fc;color:#22303e;font-weight:400;text-align:left;vertical-align:top;padding:13px 16px;font-size:15px;line-height:1.55;border:0;border-bottom:1px solid #e3e8ef;overflow-wrap:break-word\">la valutazione congiunta con l&#8217;MCV dell&#8217;emocromo<\/td>\n      <\/tr>\n      <tr>\n        <td data-label=\"Valore\" style=\"background:#ffffff;color:#003366;font-weight:700;text-align:left;vertical-align:top;padding:13px 16px;font-size:15px;line-height:1.55;border:0;border-bottom:1px solid #e3e8ef;overflow-wrap:break-word\">GGT, GOT e GPT<\/td>\n        <td data-label=\"Perch\u00e9 \u00e8 rilevante con alcol e caduta dei capelli\" style=\"background:#ffffff;color:#22303e;font-weight:400;text-align:left;vertical-align:top;padding:13px 16px;font-size:15px;line-height:1.55;border:0;border-bottom:1px solid #e3e8ef;overflow-wrap:break-word\">mostrano l&#8217;impegno attuale del fegato, che sostiene anche il metabolismo ormonale<\/td>\n        <td data-label=\"A che cosa guarda il medico\" style=\"background:#ffffff;color:#22303e;font-weight:400;text-align:left;vertical-align:top;padding:13px 16px;font-size:15px;line-height:1.55;border:0;border-bottom:1px solid #e3e8ef;overflow-wrap:break-word\">l&#8217;andamento su pi\u00f9 misurazioni, non il singolo valore<\/td>\n      <\/tr>\n      <tr>\n        <td data-label=\"Valore\" style=\"background:#f6f9fc;color:#003366;font-weight:700;text-align:left;vertical-align:top;padding:13px 16px;font-size:15px;line-height:1.55;border:0;overflow-wrap:break-word\">TSH e vitamina D<\/td>\n        <td data-label=\"Perch\u00e9 \u00e8 rilevante con alcol e caduta dei capelli\" style=\"background:#f6f9fc;color:#22303e;font-weight:400;text-align:left;vertical-align:top;padding:13px 16px;font-size:15px;line-height:1.55;border:0;overflow-wrap:break-word\">permettono di escludere un disturbo tiroideo e una carenza frequente come altre cause<\/td>\n        <td data-label=\"A che cosa guarda il medico\" style=\"background:#f6f9fc;color:#22303e;font-weight:400;text-align:left;vertical-align:top;padding:13px 16px;font-size:15px;line-height:1.55;border:0;overflow-wrap:break-word\">la diagnosi differenziale, prima di attribuire la caduta all&#8217;alcol<\/td>\n      <\/tr>\n    <\/tbody>\n  <\/table>\n<\/div>\n\n\n\n<p class=\"wp-block-paragraph\">Due indicazioni rendono il referto davvero utilizzabile. La prima \u00e8 il tempismo: la GGT sale gi\u00e0 entro 4-5 giorni dopo un consumo ripetuto, quindi un valore misurato subito dopo il fine settimana non descrive la situazione di partenza. Come regola pratica \u00e8 sensato lasciar passare almeno 24 ore tra l&#8217;ultimo bicchiere e il prelievo.<\/p>\n\n\n\n<p class=\"wp-block-paragraph\">La seconda riguarda la ferritina: essendo una proteina della fase acuta pu\u00f2 risultare falsamente alta in presenza di qualsiasi infiammazione e mascherare una reale <a href=\"\/it\/trapianto-capelli-blog\/carenza-di-ferro-caduta-dei-capelli\/\">carenza di ferro<\/a> per questo la PCR va richiesta come valore di controllo. Una diagnosi medica solida \u00e8 la base di ogni trattamento successivo in caso di <strong>caduta dei capelli da alcol<\/strong>. Aiuta ad avviare i passi giusti e a evitare possibili danni successivi a capelli e cuoio capelluto.<\/p>\n\n\n\n<h2 class=\"wp-block-heading\">La caduta dei capelli da alcol \u00e8 reversibile?<\/h2>\n\n\n\n<p class=\"wp-block-paragraph\">S\u00ec, di norma. Finch\u00e9 la caduta \u00e8 diffusa e non si aggiunge un&#8217;altra causa, la quota legata all&#8217;alcol \u00e8 reversibile: i follicoli non vengono distrutti, ma spinti anzitempo in fase di riposo. Secondo StatPearls un telogen effluvium si risolve di solito spontaneamente entro 6 mesi dalla rimozione del fattore scatenante, mentre per la densit\u00e0 piena possono servire dai 12 ai 18 mesi.<\/p>\n\n\n\n<h3 class=\"wp-block-heading\">Che cosa si riprende dopo la sospensione dell&#8217;alcol<\/h3>\n\n\n\n<p class=\"wp-block-paragraph\">Dopo la sospensione dell&#8217;alcol diversi sistemi si riprendono, ma non contemporaneamente. Per primi reagiscono fegato e sonno: valori di GGT elevati si normalizzano in circa 2-5 settimane, e nelle stesse settimane l&#8217;architettura del sonno si ristabilisce, perch\u00e9 viene meno la soppressione del REM. Entrambe le cose sono misurabili o percepibili direttamente.<\/p>\n\n\n\n<p class=\"wp-block-paragraph\">Solo dopo viene il capello. La quota di capelli in fase telogen si normalizza quando le riserve di nutrienti sono di nuovo piene e l&#8217;asse ormonale \u00e8 stabile: zinco e folati non vengono pi\u00f9 persi in eccesso attraverso il rene e l&#8217;assorbimento intestinale migliora. Quel che si pu\u00f2 misurare sono i valori del sangue. Quel che si vede \u00e8 la densit\u00e0 dei capelli, che segue il laboratorio con mesi di ritardo.<\/p>\n\n\n\n<h3 class=\"wp-block-heading\">Quanto tempo serve? La linea del tempo dopo la sospensione dell&#8217;alcol<\/h3>\n\n\n\n<p class=\"wp-block-paragraph\">Il ciclo del capello stabilisce il limite minimo: quel che accade oggi nel follicolo si vede sul cuoio capelluto 2-3 mesi dopo. I primi capelli nuovi compaiono da 3 a 6 mesi dopo la sospensione dell&#8217;alcol, per una chioma visibilmente pi\u00f9 folta servono piuttosto 6-12 mesi (StatPearls, Cleveland Clinic). Pi\u00f9 in fretta, biologicamente, non \u00e8 possibile.<\/p>\n\n\n\n<p class=\"wp-block-paragraph\">Questo chiarisce anche la questione del mese senza alcol. Trenta giorni senza alcol modificano in modo misurabile valori epatici e sonno, ma sulla densit\u00e0 dei capelli non si vede ancora nulla, perch\u00e9 la sola fase di riposo dura 3-4 mesi. Non \u00e8 il risultato di uno studio, ma una deduzione dalla durata del ciclo: uno studio dedicato al mese senza alcol e ai capelli non esiste.<\/p>\n\n\n\n<style>\n@media (max-width:640px){\n.rt-table-wrap{overflow-x:visible!important;border:0!important;border-radius:0!important}\n.rt-table{min-width:0!important}\n.rt-table thead{display:none}\n.rt-table,.rt-table tbody,.rt-table tr,.rt-table td{display:block;width:100%}\n.rt-table caption{display:block;padding:0 0 12px!important}\n.rt-table tr{margin:0 0 12px;border:1px solid #dbe4f0;border-radius:10px;overflow:hidden}\n.rt-table tr:last-child{margin-bottom:0}\n.rt-table td{display:flex!important;flex-direction:column;gap:3px;padding:12px 14px!important;\nborder:0!important;border-bottom:1px solid #e3e8ef!important;background:#ffffff!important}\n.rt-table tr td:last-child{border-bottom:0!important}\n.rt-table td::before{content:attr(data-label);font-size:12px;font-weight:700;letter-spacing:.04em;\ntext-transform:uppercase;color:#5799F1}\n.rt-table td:not([data-label])::before,.rt-table td[data-label=\"\"]::before{display:none}\n}\n<\/style>\n<div class=\"rt-table-wrap\" style=\"overflow-x:auto;-webkit-overflow-scrolling:touch;margin:28px 0;border:1px solid #dbe4f0;border-radius:12px\">\n  <table class=\"rt-table\" style=\"width:100%;min-width:620px;table-layout:fixed;border-collapse:separate;border-spacing:0;font-size:15px;margin:0\">\n    <caption style=\"caption-side:top;text-align:left;color:#003366;font-weight:700;font-size:16px;line-height:1.35;padding:14px 16px 10px;background:#ffffff\">Linea del tempo dopo la sospensione dell&#8217;alcol<\/caption>\n    <thead>\n      <tr>\n        <th style=\"width:22%;background:#003366;color:#ffffff;font-weight:700;text-align:left;vertical-align:middle;padding:13px 16px;font-size:15px;line-height:1.4;border:0;overflow-wrap:break-word\">Periodo<\/th>\n        <th style=\"background:#003366;color:#ffffff;font-weight:700;text-align:left;vertical-align:middle;padding:13px 16px;font-size:15px;line-height:1.4;border:0;overflow-wrap:break-word\">Che cosa succede nel corpo<\/th>\n        <th style=\"background:#003366;color:#ffffff;font-weight:700;text-align:left;vertical-align:middle;padding:13px 16px;font-size:15px;line-height:1.4;border:0;overflow-wrap:break-word\">Che cosa si nota sui capelli<\/th>\n      <\/tr>\n    <\/thead>\n    <tbody>\n      <tr>\n        <td data-label=\"Periodo\" style=\"background:#ffffff;color:#003366;font-weight:700;text-align:left;vertical-align:top;padding:13px 16px;font-size:15px;line-height:1.55;border:0;border-bottom:1px solid #e3e8ef;overflow-wrap:break-word\">Settimana 1-4<\/td>\n        <td data-label=\"Che cosa succede nel corpo\" style=\"background:#ffffff;color:#22303e;font-weight:400;text-align:left;vertical-align:top;padding:13px 16px;font-size:15px;line-height:1.55;border:0;border-bottom:1px solid #e3e8ef;overflow-wrap:break-word\">i valori epatici elevati iniziano a scendere, l&#8217;architettura del sonno si normalizza, l&#8217;equilibrio idrico si stabilizza<\/td>\n        <td data-label=\"Che cosa si nota sui capelli\" style=\"background:#ffffff;color:#22303e;font-weight:400;text-align:left;vertical-align:top;padding:13px 16px;font-size:15px;line-height:1.55;border:0;border-bottom:1px solid #e3e8ef;overflow-wrap:break-word\">ancora nessun cambiamento, ed \u00e8 normale; il cuoio capelluto spesso risulta meno secco<\/td>\n      <\/tr>\n      <tr>\n        <td data-label=\"Periodo\" style=\"background:#f6f9fc;color:#003366;font-weight:700;text-align:left;vertical-align:top;padding:13px 16px;font-size:15px;line-height:1.55;border:0;border-bottom:1px solid #e3e8ef;overflow-wrap:break-word\">Mese 2-3<\/td>\n        <td data-label=\"Che cosa succede nel corpo\" style=\"background:#f6f9fc;color:#22303e;font-weight:400;text-align:left;vertical-align:top;padding:13px 16px;font-size:15px;line-height:1.55;border:0;border-bottom:1px solid #e3e8ef;overflow-wrap:break-word\">le riserve di nutrienti si ricostituiscono con un&#8217;alimentazione equilibrata o con un&#8217;integrazione mirata, i valori di GGT continuano a normalizzarsi<\/td>\n        <td data-label=\"Che cosa si nota sui capelli\" style=\"background:#f6f9fc;color:#22303e;font-weight:400;text-align:left;vertical-align:top;padding:13px 16px;font-size:15px;line-height:1.55;border:0;border-bottom:1px solid #e3e8ef;overflow-wrap:break-word\">la caduta si placa, meno capelli durante lavaggio e spazzolatura<\/td>\n      <\/tr>\n      <tr>\n        <td data-label=\"Periodo\" style=\"background:#ffffff;color:#003366;font-weight:700;text-align:left;vertical-align:top;padding:13px 16px;font-size:15px;line-height:1.55;border:0;border-bottom:1px solid #e3e8ef;overflow-wrap:break-word\">Mese 3-6<\/td>\n        <td data-label=\"Che cosa succede nel corpo\" style=\"background:#ffffff;color:#22303e;font-weight:400;text-align:left;vertical-align:top;padding:13px 16px;font-size:15px;line-height:1.55;border:0;border-bottom:1px solid #e3e8ef;overflow-wrap:break-word\">i follicoli spinti anzitempo in fase di riposo rientrano in fase di crescita<\/td>\n        <td data-label=\"Che cosa si nota sui capelli\" style=\"background:#ffffff;color:#22303e;font-weight:400;text-align:left;vertical-align:top;padding:13px 16px;font-size:15px;line-height:1.55;border:0;border-bottom:1px solid #e3e8ef;overflow-wrap:break-word\">primi capelli nuovi, corti e sottili, sulla riga e lungo l&#8217;attaccatura<\/td>\n      <\/tr>\n      <tr>\n        <td data-label=\"Periodo\" style=\"background:#f6f9fc;color:#003366;font-weight:700;text-align:left;vertical-align:top;padding:13px 16px;font-size:15px;line-height:1.55;border:0;border-bottom:1px solid #e3e8ef;overflow-wrap:break-word\">Mese 6-12<\/td>\n        <td data-label=\"Che cosa succede nel corpo\" style=\"background:#f6f9fc;color:#22303e;font-weight:400;text-align:left;vertical-align:top;padding:13px 16px;font-size:15px;line-height:1.55;border:0;border-bottom:1px solid #e3e8ef;overflow-wrap:break-word\">la quota di capelli in fase telogen \u00e8 normalizzata, il capello nuovo guadagna lunghezza e diametro<\/td>\n        <td data-label=\"Che cosa si nota sui capelli\" style=\"background:#f6f9fc;color:#22303e;font-weight:400;text-align:left;vertical-align:top;padding:13px 16px;font-size:15px;line-height:1.55;border:0;border-bottom:1px solid #e3e8ef;overflow-wrap:break-word\">chioma visibilmente pi\u00f9 folta, la struttura appare pi\u00f9 robusta<\/td>\n      <\/tr>\n      <tr>\n        <td data-label=\"Periodo\" style=\"background:#ffffff;color:#003366;font-weight:700;text-align:left;vertical-align:top;padding:13px 16px;font-size:15px;line-height:1.55;border:0;overflow-wrap:break-word\">Dal mese 12<\/td>\n        <td data-label=\"Che cosa succede nel corpo\" style=\"background:#ffffff;color:#22303e;font-weight:400;text-align:left;vertical-align:top;padding:13px 16px;font-size:15px;line-height:1.55;border:0;overflow-wrap:break-word\">il ciclo del capello torna a funzionare regolarmente<\/td>\n        <td data-label=\"Che cosa si nota sui capelli\" style=\"background:#ffffff;color:#22303e;font-weight:400;text-align:left;vertical-align:top;padding:13px 16px;font-size:15px;line-height:1.55;border:0;overflow-wrap:break-word\">per la densit\u00e0 piena possono servire fino a 18 mesi; se resta un disegno, questo depone per una calvizie ereditaria<\/td>\n      <\/tr>\n    <\/tbody>\n  <\/table>\n<\/div>\n\n\n<div class=\"wp-block-image\">\n<figure class=\"aligncenter size-large is-resized\" style=\"max-width:560px;margin-left:auto;margin-right:auto\"><img decoding=\"async\" src=\"https:\/\/elithair.com\/it\/wp-content\/uploads\/sites\/6\/2026\/08\/zeitachse_alkoholverzicht__it.png\" alt=\"Linea del tempo dopo la sospensione dell'alcol, con quattro tappe dalla settimana 1 al mese 12 e densit\u00e0 dei capelli crescente\" class=\"wp-image-107926\" style=\"width:560px;max-width:100%;height:auto\"\/><\/figure>\n<\/div>\n\n\n<h3 class=\"wp-block-heading\">Quando non ci si pu\u00f2 attendere un recupero completo<\/h3>\n\n\n\n<p class=\"wp-block-paragraph\">Quattro situazioni rallentano il recupero. La prima \u00e8 un&#8217;alopecia androgenetica sovrapposta: la componente genetica prosegue indipendentemente dalla sospensione dell&#8217;alcol. La seconda sono carenze di lunga data, che richiedono pi\u00f9 tempo di un ciclo. La terza sono malattie concomitanti non trattate a carico di fegato o tiroide. La quarta \u00e8 un consumo che resta elevato.<\/p>\n\n\n\n<h2 class=\"wp-block-heading\">Trattamento della caduta dei capelli da alcol<\/h2>\n\n\n\n<p class=\"wp-block-paragraph\">La misura pi\u00f9 importante in caso di <strong>caduta dei capelli da alcol<\/strong> \u00e8 una riduzione netta del consumo o la rinuncia completa all&#8217;alcol. A questo si aggiungono due elementi: compensare le carenze accertate e dare tempo al ciclo del capello. Se il consumo di alcol viene limitato per tempo, in molti casi la crescita dei capelli pu\u00f2 riprendersi.<\/p>\n\n\n\n<p class=\"wp-block-paragraph\">Poich\u00e9 il corpo ha bisogno di tempo per smaltire le sostanze nocive e colmare i deficit nutrizionali, la rigenerazione non \u00e8 per\u00f2 immediata. Chi dopo quattro settimane non vede alcun cambiamento non sta sbagliando nulla: sta semplicemente vedendo la biologia per quello che \u00e8.<\/p>\n\n\n\n<p class=\"wp-block-paragraph\">Gli integratori aiutano dove una carenza \u00e8 documentata, altrimenti no. Qui vale pi\u00f9 che mai la regola \u00abprima misurare, poi integrare\u00bb, perch\u00e9 dosi elevate di singoli oligoelementi hanno i loro svantaggi. Gli shampoo non agiscono sulla causa: possono lenire un cuoio capelluto irritato, nulla di pi\u00f9.<\/p>\n\n\n\n<p class=\"wp-block-paragraph\">Su questo tema serve anche un&#8217;avvertenza di sicurezza: chi ha bevuto molto per anni non dovrebbe smettere di colpo e da solo. Una sospensione pu\u00f2 essere fisicamente pericolosa e va accompagnata dal medico. I riferimenti sono il medico di famiglia e i <a href=\"https:\/\/www.iss.it\/alcol\" target=\"_blank\" rel=\"noopener\">servizi di consulenza dell&#8217;Istituto Superiore di Sanit\u00e0, con il Telefono Verde Alcol 800 632000<\/a>.<\/p>\n\n\n\n<p class=\"wp-block-paragraph\">Se i follicoli sono danneggiati in modo permanente o non pi\u00f9 vitali, una ricrescita naturale non \u00e8 pi\u00f9 possibile. Per la quota legata all&#8217;alcol, per\u00f2, non \u00e8 questo il caso: follicoli cicatrizzati o non pi\u00f9 vitali appartengono ad altri quadri clinici. Se dopo la sospensione e con valori del sangue equilibrati resta un disegno su tempie e vertice, alla base c&#8217;\u00e8 di solito un&#8217;alopecia androgenetica, che prosegue in modo autonomo.<\/p>\n\n\n\n<p class=\"wp-block-paragraph\">In casi di questo tipo un <a href=\"\/it\/trapianto-di-capelli\/\">trapianto di capelli<\/a> pu\u00f2 essere un&#8217;opzione sensata. Il presupposto \u00e8 per\u00f2 una situazione di salute stabile e un rapporto controllato con l&#8217;alcol, poich\u00e9 quest&#8217;ultimo pu\u00f2 influenzare negativamente il processo di guarigione e l&#8217;attecchimento dei capelli trapiantati. La quota legata all&#8217;alcol, di per s\u00e9, non ha bisogno di un trapianto, ma di tempo.<\/p>\n\n\n\n<div style=\"border-left:4px solid #013366;background:#f6f9fc;border-radius:10px;padding:18px 20px;margin:28px 0\">\n<p style=\"margin:0 0 8px;color:#013366;font-weight:700;font-size:17px\">Il punto di vista della pratica clinica<\/p>\n<p style=\"margin:0;color:#2e3033;font-size:16px;line-height:1.65\">Nell&#8217;analisi capelli l&#8217;alcol \u00e8 raramente l&#8217;unica causa. Compare per lo pi\u00f9 come fattore aggravante accanto a carenze nutrizionali, stress e predisposizione genetica. Per questo prima misuriamo e solo dopo decidiamo se un trattamento sia davvero la risposta giusta. Una caduta diffusa riconducibile a un fattore eliminabile non va in sala operatoria, va prima accertata.<\/p>\n<\/div>\n\n\n\n<h2 class=\"wp-block-heading\">Alcol prima e dopo il trapianto di capelli<\/h2>\n\n\n\n<p class=\"wp-block-paragraph\">Prima di un trapianto di capelli e nella successiva fase di guarigione \u00e8 opportuno rinunciare del tutto all&#8217;alcol. Solo cos\u00ec si creano le condizioni migliori per la rigenerazione del cuoio capelluto e per un risultato duraturo. Nei primi giorni dopo l&#8217;intervento la rinuncia vale senza eccezioni, poi il quadro lo definiscono le indicazioni post-operatorie della clinica; un numero di giorni valido per tutti non lo indichiamo di proposito, perch\u00e9 farmaci e decorso della guarigione sono individuali.<\/p>\n\n\n\n<p class=\"wp-block-paragraph\">Dietro ci sono tre motivi. L&#8217;alcol aumenta la tendenza al sanguinamento e al gonfiore nell&#8217;area donatrice e in quella ricevente. Compromette la guarigione proprio nella fase in cui le unit\u00e0 follicolari attecchiscono. E si concilia male con antidolorifici, antibiotici e cortisonici prescritti.<\/p>\n\n\n\n<p class=\"wp-block-paragraph\">Per il periodo precedente l&#8217;intervento la letteratura scientifica offre un argomento in pi\u00f9: la revisione Cochrane di Egholm e colleghi (2018) mostra che programmi intensivi di astinenza dall&#8217;alcol da 4 a 8 settimane prima di un intervento riducono probabilmente le complicanze postoperatorie, tra cui infezioni, disturbi della guarigione e sanguinamenti. \u00c8 evidenza chirurgica generale, non una prescrizione di Elithair.<\/p>\n\n\n\n<div style=\"border-left:4px solid #0079F1;background:#f6f9fc;border-radius:0 10px 10px 0;padding:14px 18px;margin:24px 0\">\n<p style=\"margin:0;color:#2e3033;font-size:15px;line-height:1.65\"><span style=\"color:#013366;font-weight:700\">\u2192 Consiglio di lettura:<\/span> Che cosa vale in ciascuna settimana dopo l&#8217;intervento \u00e8 spiegato giorno per giorno nell&#8217;articolo sul <a href=\"\/it\/trapianto-capelli-blog\/problemi-e-consigli-dopo-trapianto-di-capelli\/\">comportamento dopo il trapianto di capelli<\/a>. Per i fumatori vale una logica analoga, da approfondire in fumare dopo il trapianto di capelli.<\/p>\n<\/div>\n\n\n\n<h2 class=\"wp-block-heading\">Prevenzione della caduta dei capelli da alcol<\/h2>\n\n\n\n<p class=\"wp-block-paragraph\">La misura pi\u00f9 efficace per prevenire la <strong>caduta dei capelli da alcol<\/strong> \u00e8 un rapporto consapevole e misurato con l&#8217;alcol, oppure la rinuncia completa. Soprattutto quando i capelli si stanno gi\u00e0 assottigliando o la caduta \u00e8 iniziata, il consumo di alcol pu\u00f2 aggravare ulteriormente la perdita. L&#8217;astinenza non \u00e8 indispensabile, lo \u00e8 invece una quantit\u00e0 che resti sotto la soglia oltre la quale nutrienti e assetto ormonale si spostano.<\/p>\n\n\n\n<figure class=\"wp-block-image size-full\"><img decoding=\"async\" src=\"https:\/\/elithair.com\/it\/wp-content\/uploads\/sites\/6\/2026\/08\/bestand_91567.png\" alt=\"Una persona rifiuta un bicchiere di alcolico che le viene offerto\" class=\"wp-image-107929\"\/><\/figure>\n\n\n\n<p class=\"wp-block-paragraph\">Per prevenire la caduta dei capelli da alcol \u00e8 bene non gravare ulteriormente sull&#8217;organismo. Oltre a una riduzione del consumo di alcol ha un ruolo importante anche un&#8217;alimentazione equilibrata, perch\u00e9 un buon apporto di nutrienti sostiene i follicoli e stabilizza la salute del capello nel lungo periodo.<\/p>\n\n\n\n<div style=\"margin:26px 0\">\n<p style=\"margin:0 0 14px;color:#013366;font-weight:700;font-size:18px\">Check pratico: quattro punti fermi che funzionano nella vita di tutti i giorni<\/p>\n<div style=\"border:1px solid #e3e8ef;border-radius:10px;padding:16px;margin-bottom:12px;background:#ffffff\">\n<p style=\"margin:0 0 6px;color:#013366;font-weight:600;font-size:16px;line-height:1.45\"><span style=\"color:#0079F1;font-weight:700\">&#10003;<\/span> Programmare giorni fissi senza alcol ogni settimana<\/p>\n<p style=\"margin:0;color:#2e3033;font-size:15px;line-height:1.6\">Le indicazioni italiane fissano un tetto giornaliero, 2 unit\u00e0 alcoliche per gli uomini e 1 per le donne. Inserire giorni fissi senza alcol aiuta a restare entro quel limite ed \u00e8 pi\u00f9 facile da mantenere di un generico \u00abbere meno\u00bb.<\/p>\n<\/div>\n<div style=\"border:1px solid #e3e8ef;border-radius:10px;padding:16px;margin-bottom:12px;background:#ffffff\">\n<p style=\"margin:0 0 6px;color:#013366;font-weight:600;font-size:16px;line-height:1.45\"><span style=\"color:#0079F1;font-weight:700\">&#10003;<\/span> Contare le unit\u00e0 alcoliche invece di stimare a sensazione<\/p>\n<p style=\"margin:0;color:#2e3033;font-size:15px;line-height:1.6\">1 unit\u00e0 alcolica corrisponde a una lattina di birra da 330 ml, un bicchiere di vino da 125 ml o un bicchierino di superalcolico da 40 ml. Chi conta per una settimana conosce il proprio numero e pu\u00f2 riferirlo al medico.<\/p>\n<\/div>\n<div style=\"border:1px solid #e3e8ef;border-radius:10px;padding:16px;margin-bottom:12px;background:#ffffff\">\n<p style=\"margin:0 0 6px;color:#013366;font-weight:600;font-size:16px;line-height:1.45\"><span style=\"color:#0079F1;font-weight:700\">&#10003;<\/span> Pensare all&#8217;apporto di nutrienti nei giorni in cui si beve<\/p>\n<p style=\"margin:0;color:#2e3033;font-size:15px;line-height:1.6\">Zinco, folati, vitamine del gruppo B e ferro sono le linee di rifornimento che l&#8217;alcol attacca. Un pasto equilibrato \u00e8 qui pi\u00f9 efficace di una capsula presa senza referto.<\/p>\n<\/div>\n<div style=\"border:1px solid #e3e8ef;border-radius:10px;padding:16px;margin-bottom:12px;background:#ffffff\">\n<p style=\"margin:0 0 6px;color:#013366;font-weight:600;font-size:16px;line-height:1.45\"><span style=\"color:#0079F1;font-weight:700\">&#10003;<\/span> Con capelli gi\u00e0 diradati, far controllare i valori del sangue<\/p>\n<p style=\"margin:0;color:#2e3033;font-size:15px;line-height:1.6\">Ferritina con PCR, zinco, folati, vitamina B12 e i valori epatici mostrano se dietro c&#8217;\u00e8 pi\u00f9 di un sospetto. Il momento giusto per il prelievo \u00e8 indicato nel paragrafo sulla diagnosi.<\/p>\n<\/div>\n<\/div>\n\n\n\n<h2 class=\"wp-block-heading\">Conclusione: l&#8217;alcol pu\u00f2 compromettere la crescita dei capelli in pi\u00f9 modi<\/h2>\n\n\n\n<p class=\"wp-block-paragraph\"><strong>La caduta dei capelli da alcol<\/strong> pu\u00f2 insorgere quando un consumo regolare o eccessivo di alcol grava sull&#8217;organismo a lungo termine. L&#8217;alcol compromette il rifornimento di nutrienti importanti ai follicoli e pu\u00f2 influenzare processi ormonali che aggravano ulteriormente una perdita gi\u00e0 presente. A questo si aggiungono una barriera del cuoio capelluto pi\u00f9 secca e pi\u00f9 esposta alle infiammazioni e un sonno di qualit\u00e0 peggiore.<\/p>\n\n\n\n<p class=\"wp-block-paragraph\">La misura pi\u00f9 efficace contro la caduta dei capelli da alcol \u00e8 una riduzione netta o la rinuncia completa all&#8217;alcol. A questo si accompagnano due messaggi: il consumo moderato non \u00e8 documentato come causa, una birra la sera non \u00e8 motivo di panico. E un consumo elevato protratto per mesi \u00e8 l&#8217;ambito in cui i meccanismi descritti entrano in gioco.<\/p>\n\n\n\n<p class=\"wp-block-paragraph\">Se i follicoli sono ancora integri, in molti casi la crescita dei capelli pu\u00f2 stabilizzarsi di nuovo dopo un cambiamento nello stile di vita. I tempi vanno per\u00f2 visti in modo realistico: i primi capelli nuovi dopo 3-6 mesi, per una chioma pi\u00f9 folta servono piuttosto 6-12 mesi. In caso di disturbi persistenti o di dubbi \u00e8 consigliabile un accertamento medico, per trattare la causa in modo mirato ed evitare ulteriori danni.<\/p>\n\n\n<div class=\"wp-block-image\">\n<figure class=\"aligncenter size-large is-resized\" style=\"max-width:720px;margin-left:auto;margin-right:auto\"><img decoding=\"async\" src=\"https:\/\/elithair.com\/it\/wp-content\/uploads\/sites\/6\/2026\/08\/morgenlicht_spiegel.png\" alt=\"Un uomo sulla trentina osserva la propria attaccatura allo specchio nella luce del mattino\" class=\"wp-image-107927\" style=\"width:720px;max-width:100%;height:auto\"\/><\/figure>\n<\/div>\n\n\n<h2 class=\"wp-block-heading\">Domande frequenti su alcol e caduta dei capelli<\/h2>\n\n\n\n<div style=\"margin:26px 0\">\n<div style=\"border:1px solid #e3e8ef;border-radius:10px;padding:16px;margin-bottom:12px;background:#ffffff\">\n<p style=\"margin:0 0 6px;color:#013366;font-weight:600;font-size:17px;line-height:1.45\">In che modo l&#8217;alcol influenza l&#8217;assetto ormonale e porta alla caduta dei capelli?<\/p>\n<p style=\"margin:0;color:#2e3033;font-size:15px;line-height:1.65\"><strong>In due fasi, e le due fasi vanno in direzioni opposte.<\/strong> Una dose bassa alza leggermente e per poco il testosterone nell&#8217;uomo, in Sarkola ed Eriksson (2003) da 13,5 a 16,0 nmol\/l, con esaurimento dell&#8217;effetto entro 2-6 ore. Nel consumo cronico elevato con danno epatico il quadro si ribalta: pi\u00f9 attivit\u00e0 dell&#8217;aromatasi, spostamento verso gli estrogeni, testosterone in calo. La catena \u00abalcol, pi\u00f9 DHT, pi\u00f9 caduta dei capelli\u00bb non \u00e8 documentata.<\/p>\n<\/div>\n<div style=\"border:1px solid #e3e8ef;border-radius:10px;padding:16px;margin-bottom:12px;background:#ffffff\">\n<p style=\"margin:0 0 6px;color:#013366;font-weight:600;font-size:17px;line-height:1.45\">Che ruolo ha l&#8217;alimentazione nella caduta dei capelli da alcol?<\/p>\n<p style=\"margin:0;color:#2e3033;font-size:15px;line-height:1.65\"><strong>Un ruolo centrale, perch\u00e9 l&#8217;alcol attacca proprio il rifornimento.<\/strong> L&#8217;alcol pu\u00f2 provocare carenze compromettendo l&#8217;assorbimento di nutrienti come vitamine e minerali, necessari a una crescita sana dei capelli. Se mancano per mesi, pi\u00f9 follicoli passano anzitempo in fase di riposo. Quali nutrienti servano al capello \u00e8 spiegato nell&#8217;articolo sulle <a href=\"\/it\/trapianto-capelli-blog\/vitamine-caduta-capelli\/\">vitamine contro la caduta dei capelli<\/a>.<\/p>\n<\/div>\n<div style=\"border:1px solid #e3e8ef;border-radius:10px;padding:16px;margin-bottom:12px;background:#ffffff\">\n<p style=\"margin:0 0 6px;color:#013366;font-weight:600;font-size:17px;line-height:1.45\">Ci sono nutrienti specifici particolarmente compromessi dal consumo di alcol e capaci di causare la caduta dei capelli?<\/p>\n<p style=\"margin:0;color:#2e3033;font-size:15px;line-height:1.65\"><strong>S\u00ec, in particolare vitamine del gruppo B, vitamina C, zinco e ferro possono ridursi con un consumo eccessivo di alcol, e questo pu\u00f2 portare alla caduta dei capelli.<\/strong> Per lo zinco \u00e8 descritto un minore assorbimento intestinale con contemporanea maggiore eliminazione renale, mentre per i folati intestino, fegato e rene si sommano come vie di perdita. Lo si pu\u00f2 dimostrare solo nel sangue, non sul capello.<\/p>\n<\/div>\n<div style=\"border:1px solid #e3e8ef;border-radius:10px;padding:16px;margin-bottom:12px;background:#ffffff\">\n<p style=\"margin:0 0 6px;color:#013366;font-weight:600;font-size:17px;line-height:1.45\">Come si pu\u00f2 far regredire la caduta dei capelli quando \u00e8 causata dall&#8217;alcol?<\/p>\n<p style=\"margin:0;color:#2e3033;font-size:15px;line-height:1.65\"><strong>Di norma la quota legata all&#8217;alcol \u00e8 reversibile.<\/strong> Una <a href=\"https:\/\/www.crea.gov.it\/documents\/59764\/0\/LINEE-GUIDA+DEFINITIVO+%281%29.pdf\/3c13ff3d-74dc-88d7-0985-4678aec18537?t=1579191262173\" target=\"_blank\" rel=\"noopener\">sana alimentazione<\/a>, un apporto sufficiente di liquidi e la rinuncia all&#8217;alcol possono aiutare a fermare la caduta e a favorire di nuovo la crescita. I follicoli non sono distrutti, ma anzitempo in fase di riposo: secondo StatPearls un telogen effluvium si risolve di solito entro 6 mesi, mentre per la densit\u00e0 piena possono servire dai 12 ai 18 mesi.<\/p>\n<\/div>\n<div style=\"border:1px solid #e3e8ef;border-radius:10px;padding:16px;margin-bottom:12px;background:#ffffff\">\n<p style=\"margin:0 0 6px;color:#013366;font-weight:600;font-size:17px;line-height:1.45\">Alcune bevande alcoliche sono pi\u00f9 dannose per i capelli di altre?<\/p>\n<p style=\"margin:0;color:#2e3033;font-size:15px;line-height:1.65\"><strong>No, conta la quantit\u00e0 di alcol puro, non il tipo di bevanda.<\/strong> Le linee guida italiane e l&#8217;OMS ragionano esclusivamente in grammi. Una lattina di birra da 330 ml, un bicchiere di vino da 125 ml e un bicchierino di superalcolico da 40 ml contengono all&#8217;incirca la stessa quantit\u00e0, circa 12 g. Decisiva \u00e8 la quantit\u00e0 complessiva a settimana, non se nel bicchiere ci sia birra, vino o un distillato.<\/p>\n<\/div>\n<div style=\"border:1px solid #e3e8ef;border-radius:10px;padding:16px;margin-bottom:12px;background:#ffffff\">\n<p style=\"margin:0 0 6px;color:#013366;font-weight:600;font-size:17px;line-height:1.45\">Anche un consumo moderato di alcol pu\u00f2 causare la caduta dei capelli, o riguarda solo il consumo elevato?<\/p>\n<p style=\"margin:0;color:#2e3033;font-size:15px;line-height:1.65\"><strong>Il legame \u00e8 documentato solo per il consumo cronico elevato.<\/strong> \u00c8 soprattutto un consumo elevato e regolare a poter causare la caduta dei capelli, anche se in persone particolarmente predisposte un consumo moderato potrebbe teoricamente avere un ruolo. Nessuno studio lo documenta. Vale comunque la pena riferire la quantit\u00e0 al medico, perch\u00e9 modifica l&#8217;interpretazione dei valori del sangue.<\/p>\n<\/div>\n<div style=\"border:1px solid #e3e8ef;border-radius:10px;padding:16px;margin-bottom:12px;background:#ffffff\">\n<p style=\"margin:0 0 6px;color:#013366;font-weight:600;font-size:17px;line-height:1.45\">Quanto tempo passa dopo la sospensione dell&#8217;alcol prima che i capelli migliorino?<\/p>\n<p style=\"margin:0;color:#2e3033;font-size:15px;line-height:1.65\"><strong>I primi capelli nuovi dopo 3-6 mesi; per una chioma visibilmente pi\u00f9 folta servono piuttosto 6-12 mesi.<\/strong> Il motivo \u00e8 il ciclo del capello: tra quel che accade nel follicolo e quel che si vede sul cuoio capelluto passano 2-3 mesi. Pi\u00f9 in fretta, biologicamente, non \u00e8 possibile.<\/p>\n<\/div>\n<div style=\"border:1px solid #e3e8ef;border-radius:10px;padding:16px;margin-bottom:12px;background:#ffffff\">\n<p style=\"margin:0 0 6px;color:#013366;font-weight:600;font-size:17px;line-height:1.45\">Dopo aver smesso di bere i capelli cadono prima di pi\u00f9?<\/p>\n<p style=\"margin:0;color:#2e3033;font-size:15px;line-height:1.65\"><strong>Possibile, ma per la sospensione dell&#8217;alcol non \u00e8 documentato.<\/strong> In una disintossicazione l&#8217;organismo \u00e8 sottoposto a uno stress fisico, e lo stress \u00e8 un noto fattore scatenante del telogen effluvium; un&#8217;ondata di questo tipo sarebbe transitoria. Chi ha bevuto molto per anni dovrebbe farsi accompagnare dal medico nella sospensione.<\/p>\n<\/div>\n<div style=\"border:1px solid #e3e8ef;border-radius:10px;padding:16px;margin-bottom:12px;background:#ffffff\">\n<p style=\"margin:0 0 6px;color:#013366;font-weight:600;font-size:17px;line-height:1.45\">Un mese senza alcol serve a qualcosa per i capelli?<\/p>\n<p style=\"margin:0;color:#2e3033;font-size:15px;line-height:1.65\"><strong>In parte: per fegato e sonno s\u00ec, per la densit\u00e0 dei capelli non ancora.<\/strong> Valori di GGT elevati si normalizzano dopo l&#8217;astinenza in circa 2-5 settimane, mentre la sola fase di riposo del capello dura 3-4 mesi. Trenta giorni sono quindi un punto di partenza, non un risultato visibile sui capelli.<\/p>\n<\/div>\n<div style=\"border:1px solid #e3e8ef;border-radius:10px;padding:16px;margin-bottom:12px;background:#ffffff\">\n<p style=\"margin:0 0 6px;color:#013366;font-weight:600;font-size:17px;line-height:1.45\">Per quanto tempo devo rinunciare all&#8217;alcol prima e dopo un trapianto di capelli?<\/p>\n<p style=\"margin:0;color:#2e3033;font-size:15px;line-height:1.65\"><strong>Dopo l&#8217;intervento del tutto nei primi giorni, poi vale l&#8217;indicazione della clinica.<\/strong> I motivi sono la tendenza al sanguinamento, le interazioni con antidolorifici e antibiotici e l&#8217;effetto disidratante. Per il periodo precedente, la revisione Cochrane (2018) mostra che l&#8217;astinenza da 4 a 8 settimane prima di un intervento riduce probabilmente le complicanze.<\/p>\n<\/div>\n<div style=\"border:1px solid #e3e8ef;border-radius:10px;padding:16px;margin-bottom:12px;background:#ffffff\">\n<p style=\"margin:0 0 6px;color:#013366;font-weight:600;font-size:17px;line-height:1.45\">L&#8217;alcol causa le stempiature o i capelli grigi?<\/p>\n<p style=\"margin:0;color:#2e3033;font-size:15px;line-height:1.65\"><strong>No.<\/strong> Le stempiature sono il disegno della calvizie ereditaria; l&#8217;alcol pu\u00f2 renderlo pi\u00f9 visibile, ma non \u00e8 considerato una causa. Per l&#8217;incanutimento precoce \u00e8 documentato soprattutto il fumo (Journal of the American Academy of Dermatology), mentre per il solo alcol il legame \u00e8 nettamente pi\u00f9 debole e non confermato in modo paragonabile.<\/p>\n<\/div>\n<div style=\"border:1px solid #e3e8ef;border-radius:10px;padding:16px;margin-bottom:12px;background:#ffffff\">\n<p style=\"margin:0 0 6px;color:#013366;font-weight:600;font-size:17px;line-height:1.45\">Anche l&#8217;alcol contenuto in shampoo e prodotti per capelli (alcohol denat.) \u00e8 un problema?<\/p>\n<p style=\"margin:0;color:#2e3033;font-size:15px;line-height:1.65\"><strong>No, si tratta di un meccanismo diverso.<\/strong> L&#8217;alcohol denat. \u00e8 un solvente che pu\u00f2 seccare e irritare il cuoio capelluto, senza danneggiare la radice del capello. Anche le soluzioni di minoxidil contengono per lo pi\u00f9 etanolo o glicole propilenico. Il bruciore e la desquamazione che ne derivano vengono spesso interpretati per errore come effetto dell&#8217;alcol bevuto.<\/p>\n<\/div>\n<div style=\"border:1px solid #e3e8ef;border-radius:10px;padding:16px;margin-bottom:12px;background:#ffffff\">\n<p style=\"margin:0 0 6px;color:#013366;font-weight:600;font-size:17px;line-height:1.45\">L&#8217;alcol peggiora la forfora o un&#8217;infiammazione del cuoio capelluto?<\/p>\n<p style=\"margin:0;color:#2e3033;font-size:15px;line-height:1.65\"><strong>S\u00ec, su questo ci sono dati.<\/strong> In uno studio pubblicato su Acta Dermato-Venereologica il consumo regolare di alcol era associato a un odds ratio di 10,2 per le riacutizzazioni della dermatite seborroica, mentre nella psoriasi si \u00e8 osservato un legame tra quantit\u00e0 bevuta e gravit\u00e0 del quadro.<\/p>\n<\/div>\n<div style=\"border:1px solid #e3e8ef;border-radius:10px;padding:16px;margin-bottom:12px;background:#ffffff\">\n<p style=\"margin:0 0 6px;color:#013366;font-weight:600;font-size:17px;line-height:1.45\">Posso bere alcol se uso finasteride o minoxidil?<\/p>\n<p style=\"margin:0;color:#2e3033;font-size:15px;line-height:1.65\"><strong>\u00c8 un tema da discutere con il medico, una risposta valida per tutti non esiste.<\/strong> La finasteride viene metabolizzata nel fegato tramite il CYP3A4 ed \u00e8 controindicata in caso di funzione epatica compromessa. Per il minoxidil le informazioni sul prodotto indicano vertigini, stanchezza e calo della pressione come possibili conseguenze della combinazione. Conviene inoltre leggere il foglietto illustrativo.<\/p>\n<\/div>\n<\/div>\n\n\n<div class=\"wp-block-image\">\n<figure class=\"aligncenter size-large is-resized\" style=\"max-width:560px;margin-left:auto;margin-right:auto\"><img decoding=\"async\" src=\"https:\/\/elithair.com\/it\/wp-content\/uploads\/sites\/6\/2026\/08\/follikel_ruhephase_wachstum.png\" alt=\"Illustrazione a confronto di un follicolo pilifero in fase di riposo e dello stesso follicolo in fase di crescita\" class=\"wp-image-107928\" style=\"width:560px;max-width:100%;height:auto\"\/><\/figure>\n<\/div>\n\n\n<div style=\"border:1px solid #e3e8ef;border-radius:10px;padding:18px 20px;margin:28px 0\">\n<p style=\"margin:0 0 10px;color:#013366;font-weight:700;font-size:17px\">Fonti<\/p>\n<ul style=\"margin:0;padding:0 0 0 18px;color:#2e3033;font-size:15px;line-height:1.7\">\n<li>OMS\/Europa: <a href=\"https:\/\/www.who.int\/europe\/news\/item\/04-01-2023-no-level-of-alcohol-consumption-is-safe-for-our-health\" target=\"_blank\" rel=\"noopener\">No level of alcohol consumption is safe for our health<\/a> (04.01.2023)<\/li>\n<li>CREA e Istituto Superiore di Sanit\u00e0: <a href=\"https:\/\/www.crea.gov.it\/documents\/59764\/0\/LINEE-GUIDA+DEFINITIVO+%281%29.pdf\/3c13ff3d-74dc-88d7-0985-4678aec18537?t=1579191262173\" target=\"_blank\" rel=\"noopener\">Linee guida per una sana alimentazione (2018)<\/a> e <a href=\"https:\/\/www.crea.gov.it\/documents\/59764\/0\/LINEE-GUIDA+DEFINITIVO+%281%29.pdf\/3c13ff3d-74dc-88d7-0985-4678aec18537?t=1579191262173\" target=\"_blank\" rel=\"noopener\">capitolo dedicato alle bevande alcoliche<\/a> (unit\u00e0 alcolica, soglie di consumo)<\/li>\n<li><a href=\"https:\/\/academic.oup.com\/alcalc\/article\/59\/6\/agae076\/7889297\" target=\"_blank\" rel=\"noopener\">Exploring the association between alcohol consumption and androgenic alopecia: a systematic review and meta-analysis<\/a>, Alcohol and Alcoholism 2024 (odds ratio 1,40, non significativo)<\/li>\n<li><a href=\"https:\/\/link.springer.com\/article\/10.1186\/s12889-026-26258-y\" target=\"_blank\" rel=\"noopener\">Risk factors for androgenetic alopecia: a systematic review and meta-analysis<\/a>, BMC Public Health 2026 (odds ratio 1,72)<\/li>\n<li><a href=\"https:\/\/www.ncbi.nlm.nih.gov\/books\/NBK430848\/\" target=\"_blank\" rel=\"noopener\">Telogen Effluvium<\/a>, StatPearls, NCBI Bookshelf (ciclo del capello, latenza, tempi di recupero)<\/li>\n<li><a href=\"https:\/\/pubmed.ncbi.nlm.nih.gov\/12711931\/\" target=\"_blank\" rel=\"noopener\">Sarkola T, Eriksson CJP: Testosterone increases in men after a low dose of alcohol<\/a>, Alcoholism: Clinical and Experimental Research 2003<\/li>\n<li><a href=\"https:\/\/www.medicaljournals.se\/acta\/content\/html\/10.2340\/00015555-3661\" target=\"_blank\" rel=\"noopener\">Risk Factors for Seborrhoeic Dermatitis Flares<\/a>, Acta Dermato-Venereologica (odds ratio 10,2 con consumo regolare di alcol)<\/li>\n<li><a href=\"https:\/\/www.cochranelibrary.com\/cdsr\/doi\/10.1002\/14651858.CD008343.pub3\/full\" target=\"_blank\" rel=\"noopener\">Egholm JWM et al.: Perioperative alcohol cessation intervention for postoperative complications<\/a>, Cochrane Database of Systematic Reviews 2018<\/li>\n<li><a href=\"https:\/\/www.iss.it\/alcol\" target=\"_blank\" rel=\"noopener\">Istituto Superiore di Sanit\u00e0, Osservatorio Nazionale Alcol: Telefono Verde Alcol 800 632000, consulenza gratuita e anonima<\/a><\/li>\n<\/ul>\n<p style=\"margin:14px 0 0;color:#6b7683;font-size:14px;line-height:1.6\">Aggiornamento: agosto 2026. Questo articolo ha finalit\u00e0 informative e non sostituisce una diagnosi o un trattamento medico. In caso di caduta persistente, valori del sangue alterati o dubbi sulla riduzione del consumo di alcol, rivolgersi al proprio medico di famiglia, a uno studio dermatologico o a un servizio di consulenza per le dipendenze.<\/p>\n<\/div>\n\n\n\n<script type=\"application\/ld+json\">\n{\n \"@context\": \"https:\/\/schema.org\",\n \"@type\": \"FAQPage\",\n \"mainEntity\": [\n  {\n   \"@type\": \"Question\",\n   \"name\": \"In che modo l'alcol influenza l'assetto ormonale e porta alla caduta dei capelli?\",\n   \"acceptedAnswer\": {\n    \"@type\": \"Answer\",\n    \"text\": \"In due fasi, e le due fasi vanno in direzioni opposte. Una dose bassa alza leggermente e per poco il testosterone nell'uomo, in Sarkola ed Eriksson (2003) da 13,5 a 16,0 nmol\/l, con esaurimento dell'effetto entro 2-6 ore. Nel consumo cronico elevato con danno epatico il quadro si ribalta: pi\u00f9 attivit\u00e0 dell'aromatasi, spostamento verso gli estrogeni, testosterone in calo. La catena \u00abalcol, pi\u00f9 DHT, pi\u00f9 caduta dei capelli\u00bb non \u00e8 documentata.\"\n   }\n  },\n  {\n   \"@type\": \"Question\",\n   \"name\": \"Che ruolo ha l'alimentazione nella caduta dei capelli da alcol?\",\n   \"acceptedAnswer\": {\n    \"@type\": \"Answer\",\n    \"text\": \"Un ruolo centrale, perch\u00e9 l'alcol attacca proprio il rifornimento. L'alcol pu\u00f2 provocare carenze compromettendo l'assorbimento di nutrienti come vitamine e minerali, necessari a una crescita sana dei capelli. Se mancano per mesi, pi\u00f9 follicoli passano anzitempo in fase di riposo. Quali nutrienti servano al capello \u00e8 spiegato nell'articolo sulle vitamine contro la caduta dei capelli.\"\n   }\n  },\n  {\n   \"@type\": \"Question\",\n   \"name\": \"Ci sono nutrienti specifici particolarmente compromessi dal consumo di alcol e capaci di causare la caduta dei capelli?\",\n   \"acceptedAnswer\": {\n    \"@type\": \"Answer\",\n    \"text\": \"S\u00ec, in particolare vitamine del gruppo B, vitamina C, zinco e ferro possono ridursi con un consumo eccessivo di alcol, e questo pu\u00f2 portare alla caduta dei capelli. Per lo zinco \u00e8 descritto un minore assorbimento intestinale con contemporanea maggiore eliminazione renale, mentre per i folati intestino, fegato e rene si sommano come vie di perdita. Lo si pu\u00f2 dimostrare solo nel sangue, non sul capello.\"\n   }\n  },\n  {\n   \"@type\": \"Question\",\n   \"name\": \"Come si pu\u00f2 far regredire la caduta dei capelli quando \u00e8 causata dall'alcol?\",\n   \"acceptedAnswer\": {\n    \"@type\": \"Answer\",\n    \"text\": \"Di norma la quota legata all'alcol \u00e8 reversibile. Una sana alimentazione, un apporto sufficiente di liquidi e la rinuncia all'alcol possono aiutare a fermare la caduta e a favorire di nuovo la crescita. I follicoli non sono distrutti, ma anzitempo in fase di riposo: secondo StatPearls un telogen effluvium si risolve di solito entro 6 mesi, mentre per la densit\u00e0 piena possono servire dai 12 ai 18 mesi.\"\n   }\n  },\n  {\n   \"@type\": \"Question\",\n   \"name\": \"Alcune bevande alcoliche sono pi\u00f9 dannose per i capelli di altre?\",\n   \"acceptedAnswer\": {\n    \"@type\": \"Answer\",\n    \"text\": \"No, conta la quantit\u00e0 di alcol puro, non il tipo di bevanda. Le linee guida italiane e l'OMS ragionano esclusivamente in grammi. Una lattina di birra da 330 ml, un bicchiere di vino da 125 ml e un bicchierino di superalcolico da 40 ml contengono all'incirca la stessa quantit\u00e0, circa 12 g. Decisiva \u00e8 la quantit\u00e0 complessiva a settimana, non se nel bicchiere ci sia birra, vino o un distillato.\"\n   }\n  },\n  {\n   \"@type\": \"Question\",\n   \"name\": \"Anche un consumo moderato di alcol pu\u00f2 causare la caduta dei capelli, o riguarda solo il consumo elevato?\",\n   \"acceptedAnswer\": {\n    \"@type\": \"Answer\",\n    \"text\": \"Il legame \u00e8 documentato solo per il consumo cronico elevato. \u00c8 soprattutto un consumo elevato e regolare a poter causare la caduta dei capelli, anche se in persone particolarmente predisposte un consumo moderato potrebbe teoricamente avere un ruolo. Nessuno studio lo documenta. Vale comunque la pena riferire la quantit\u00e0 al medico, perch\u00e9 modifica l'interpretazione dei valori del sangue.\"\n   }\n  },\n  {\n   \"@type\": \"Question\",\n   \"name\": \"Quanto tempo passa dopo la sospensione dell'alcol prima che i capelli migliorino?\",\n   \"acceptedAnswer\": {\n    \"@type\": \"Answer\",\n    \"text\": \"I primi capelli nuovi dopo 3-6 mesi; per una chioma visibilmente pi\u00f9 folta servono piuttosto 6-12 mesi. Il motivo \u00e8 il ciclo del capello: tra quel che accade nel follicolo e quel che si vede sul cuoio capelluto passano 2-3 mesi. Pi\u00f9 in fretta, biologicamente, non \u00e8 possibile.\"\n   }\n  },\n  {\n   \"@type\": \"Question\",\n   \"name\": \"Dopo aver smesso di bere i capelli cadono prima di pi\u00f9?\",\n   \"acceptedAnswer\": {\n    \"@type\": \"Answer\",\n    \"text\": \"Possibile, ma per la sospensione dell'alcol non \u00e8 documentato. In una disintossicazione l'organismo \u00e8 sottoposto a uno stress fisico, e lo stress \u00e8 un noto fattore scatenante del telogen effluvium; un'ondata di questo tipo sarebbe transitoria. Chi ha bevuto molto per anni dovrebbe farsi accompagnare dal medico nella sospensione.\"\n   }\n  },\n  {\n   \"@type\": \"Question\",\n   \"name\": \"Un mese senza alcol serve a qualcosa per i capelli?\",\n   \"acceptedAnswer\": {\n    \"@type\": \"Answer\",\n    \"text\": \"In parte: per fegato e sonno s\u00ec, per la densit\u00e0 dei capelli non ancora. Valori di GGT elevati si normalizzano dopo l'astinenza in circa 2-5 settimane, mentre la sola fase di riposo del capello dura 3-4 mesi. Trenta giorni sono quindi un punto di partenza, non un risultato visibile sui capelli.\"\n   }\n  },\n  {\n   \"@type\": \"Question\",\n   \"name\": \"Per quanto tempo devo rinunciare all'alcol prima e dopo un trapianto di capelli?\",\n   \"acceptedAnswer\": {\n    \"@type\": \"Answer\",\n    \"text\": \"Dopo l'intervento del tutto nei primi giorni, poi vale l'indicazione della clinica. I motivi sono la tendenza al sanguinamento, le interazioni con antidolorifici e antibiotici e l'effetto disidratante. Per il periodo precedente, la revisione Cochrane (2018) mostra che l'astinenza da 4 a 8 settimane prima di un intervento riduce probabilmente le complicanze.\"\n   }\n  },\n  {\n   \"@type\": \"Question\",\n   \"name\": \"L'alcol causa le stempiature o i capelli grigi?\",\n   \"acceptedAnswer\": {\n    \"@type\": \"Answer\",\n    \"text\": \"No. Le stempiature sono il disegno della calvizie ereditaria; l'alcol pu\u00f2 renderlo pi\u00f9 visibile, ma non \u00e8 considerato una causa. Per l'incanutimento precoce \u00e8 documentato soprattutto il fumo (Journal of the American Academy of Dermatology), mentre per il solo alcol il legame \u00e8 nettamente pi\u00f9 debole e non confermato in modo paragonabile.\"\n   }\n  },\n  {\n   \"@type\": \"Question\",\n   \"name\": \"Anche l'alcol contenuto in shampoo e prodotti per capelli (alcohol denat.) \u00e8 un problema?\",\n   \"acceptedAnswer\": {\n    \"@type\": \"Answer\",\n    \"text\": \"No, si tratta di un meccanismo diverso. L'alcohol denat. \u00e8 un solvente che pu\u00f2 seccare e irritare il cuoio capelluto, senza danneggiare la radice del capello. Anche le soluzioni di minoxidil contengono per lo pi\u00f9 etanolo o glicole propilenico. Il bruciore e la desquamazione che ne derivano vengono spesso interpretati per errore come effetto dell'alcol bevuto.\"\n   }\n  },\n  {\n   \"@type\": \"Question\",\n   \"name\": \"L'alcol peggiora la forfora o un'infiammazione del cuoio capelluto?\",\n   \"acceptedAnswer\": {\n    \"@type\": \"Answer\",\n    \"text\": \"S\u00ec, su questo ci sono dati. In uno studio pubblicato su Acta Dermato-Venereologica il consumo regolare di alcol era associato a un odds ratio di 10,2 per le riacutizzazioni della dermatite seborroica, mentre nella psoriasi si \u00e8 osservato un legame tra quantit\u00e0 bevuta e gravit\u00e0 del quadro.\"\n   }\n  },\n  {\n   \"@type\": \"Question\",\n   \"name\": \"Posso bere alcol se uso finasteride o minoxidil?\",\n   \"acceptedAnswer\": {\n    \"@type\": \"Answer\",\n    \"text\": \"\u00c8 un tema da discutere con il medico, una risposta valida per tutti non esiste. La finasteride viene metabolizzata nel fegato tramite il CYP3A4 ed \u00e8 controindicata in caso di funzione epatica compromessa. Per il minoxidil le informazioni sul prodotto indicano vertigini, stanchezza e calo della pressione come possibili conseguenze della combinazione. Conviene inoltre leggere il foglietto illustrativo.\"\n   }\n  }\n ]\n}\n<\/script>\n\n","protected":false},"excerpt":{"rendered":"<p>Pi\u00f9 capelli nello scarico della doccia e, sullo sfondo, la domanda se la colpa sia della birra della sera: \u00e8 a questo punto che la maggior parte delle persone cerca un nesso tra alcol e caduta dei capelli. La risposta onesta \u00e8 duplice. Il consumo moderato non \u00e8 documentato come causa, e le due meta-analisi [&hellip;]<\/p>\n","protected":false},"author":10,"featured_media":107662,"comment_status":"closed","ping_status":"closed","sticky":false,"template":"","format":"standard","meta":{"_acf_changed":false,"_yoast_wpseo_meta-robots-noindex":"","_yoast_wpseo_meta-robots-nofollow":"","_yoast_wpseo_meta-robots-adv":"","_yoast_wpseo_canonical":"https:\/\/elithair.com\/it\/trapianto-capelli-blog\/alcol-caduta-capelli\/","_yoast_wpseo_opengraph-title":"","_yoast_wpseo_opengraph-description":"","_yoast_wpseo_opengraph-image":"","_yoast_wpseo_twitter-title":"","_yoast_wpseo_twitter-description":"","_yoast_wpseo_twitter-image":"","_hm_hreflang_map":{"de":56996,"en":96957,"es":91873,"fr":101239,"it":107658,"pt":89718,"tr":83300,"uk":96343,"x_default":96957},"_hm_language_code":"it","footnotes":""},"categories":[2],"tags":[],"class_list":["post-107658","post","type-post","status-publish","format-standard","has-post-thumbnail","hentry","category-cura-dei-capelli"],"acf":[],"yoast_head":"<!-- This site is optimized with the Yoast SEO Premium plugin v28.3 (Yoast SEO v28.3) - https:\/\/yoast.com\/product\/yoast-seo-premium-wordpress\/ -->\n<title>Alcol e caduta dei capelli: quanto alcol fa davvero male ed \u00e8 reversibile la perdita di capelli?<\/title>\n<meta name=\"description\" content=\"Alcol e caduta dei capelli: il consumo moderato non \u00e8 documentato come causa. Che cosa cambia un consumo elevato e quanto dura il recupero dopo lo stop.\" \/>\n<meta name=\"robots\" content=\"index, follow, max-snippet:-1, max-image-preview:large, max-video-preview:-1\" \/>\n<link rel=\"canonical\" href=\"https:\/\/elithair.com\/it\/trapianto-capelli-blog\/alcol-caduta-capelli\/\" \/>\n<meta property=\"og:locale\" content=\"it_IT\" \/>\n<meta property=\"og:type\" content=\"article\" \/>\n<meta property=\"og:title\" content=\"Alcol e caduta dei capelli: quanto fa davvero male ed \u00e8 reversibile?\" \/>\n<meta property=\"og:description\" content=\"Alcol e caduta dei capelli: il consumo moderato non \u00e8 documentato come causa. Che cosa cambia un consumo elevato e quanto dura il recupero dopo lo stop.\" \/>\n<meta property=\"og:url\" content=\"https:\/\/elithair.com\/it\/trapianto-capelli-blog\/alcol-caduta-capelli\/\" \/>\n<meta property=\"og:site_name\" content=\"Elithair\" \/>\n<meta property=\"article:publisher\" content=\"https:\/\/www.facebook.com\/ElithairtransplantITALIA\/\" \/>\n<meta property=\"article:published_time\" content=\"2026-08-29T21:52:34+00:00\" \/>\n<meta property=\"og:image\" content=\"https:\/\/elithair.com\/it\/wp-content\/uploads\/sites\/6\/2026\/08\/follikel_versorgung.png\" \/>\n<meta name=\"author\" content=\"Dr. Imad Moustafa\" \/>\n<meta name=\"twitter:card\" content=\"summary_large_image\" \/>\n<meta name=\"twitter:label1\" content=\"Scritto da\" \/>\n\t<meta name=\"twitter:data1\" content=\"Dr. Imad Moustafa\" \/>\n\t<meta name=\"twitter:label2\" content=\"Tempo di lettura stimato\" \/>\n\t<meta name=\"twitter:data2\" content=\"32 minuti\" \/>\n<script type=\"application\/ld+json\" class=\"yoast-schema-graph\">{\"@context\":\"https:\\\/\\\/schema.org\",\"@graph\":[{\"@type\":\"Article\",\"@id\":\"https:\\\/\\\/elithair.com\\\/it\\\/trapianto-capelli-blog\\\/alcol-caduta-capelli\\\/#article\",\"isPartOf\":{\"@id\":\"https:\\\/\\\/elithair.com\\\/it\\\/trapianto-capelli-blog\\\/alcol-caduta-capelli\\\/\"},\"author\":{\"name\":\"Dr. Imad Moustafa\",\"@id\":\"https:\\\/\\\/elithair.com\\\/it\\\/#\\\/schema\\\/person\\\/11ce37e83a6343e4c37edcd4b5498e41\"},\"headline\":\"Alcol e caduta dei capelli: quanto fa davvero male ed \u00e8 reversibile?\",\"datePublished\":\"2026-08-29T21:52:34+00:00\",\"mainEntityOfPage\":{\"@id\":\"https:\\\/\\\/elithair.com\\\/it\\\/trapianto-capelli-blog\\\/alcol-caduta-capelli\\\/\"},\"wordCount\":6669,\"publisher\":{\"@id\":\"https:\\\/\\\/elithair.com\\\/it\\\/#organization\"},\"image\":{\"@id\":\"https:\\\/\\\/elithair.com\\\/it\\\/trapianto-capelli-blog\\\/alcol-caduta-capelli\\\/#primaryimage\"},\"thumbnailUrl\":\"https:\\\/\\\/elithair.com\\\/it\\\/wp-content\\\/uploads\\\/sites\\\/6\\\/2026\\\/08\\\/hero-9.png\",\"articleSection\":[\"Come prendersi cura dei capelli\"],\"inLanguage\":\"it-IT\"},{\"@type\":\"WebPage\",\"@id\":\"https:\\\/\\\/elithair.com\\\/it\\\/trapianto-capelli-blog\\\/alcol-caduta-capelli\\\/\",\"url\":\"https:\\\/\\\/elithair.com\\\/it\\\/trapianto-capelli-blog\\\/alcol-caduta-capelli\\\/\",\"name\":\"Alcol e caduta dei capelli: quanto alcol fa davvero male ed \u00e8 reversibile la perdita di capelli?\",\"isPartOf\":{\"@id\":\"https:\\\/\\\/elithair.com\\\/it\\\/#website\"},\"primaryImageOfPage\":{\"@id\":\"https:\\\/\\\/elithair.com\\\/it\\\/trapianto-capelli-blog\\\/alcol-caduta-capelli\\\/#primaryimage\"},\"image\":{\"@id\":\"https:\\\/\\\/elithair.com\\\/it\\\/trapianto-capelli-blog\\\/alcol-caduta-capelli\\\/#primaryimage\"},\"thumbnailUrl\":\"https:\\\/\\\/elithair.com\\\/it\\\/wp-content\\\/uploads\\\/sites\\\/6\\\/2026\\\/08\\\/hero-9.png\",\"datePublished\":\"2026-08-29T21:52:34+00:00\",\"description\":\"Alcol e caduta dei capelli: il consumo moderato non \u00e8 documentato come causa. Che cosa cambia un consumo elevato e quanto dura il recupero dopo lo stop.\",\"breadcrumb\":{\"@id\":\"https:\\\/\\\/elithair.com\\\/it\\\/trapianto-capelli-blog\\\/alcol-caduta-capelli\\\/#breadcrumb\"},\"inLanguage\":\"it-IT\",\"potentialAction\":[{\"@type\":\"ReadAction\",\"target\":[\"https:\\\/\\\/elithair.com\\\/it\\\/trapianto-capelli-blog\\\/alcol-caduta-capelli\\\/\"]}]},{\"@type\":\"ImageObject\",\"inLanguage\":\"it-IT\",\"@id\":\"https:\\\/\\\/elithair.com\\\/it\\\/trapianto-capelli-blog\\\/alcol-caduta-capelli\\\/#primaryimage\",\"url\":\"https:\\\/\\\/elithair.com\\\/it\\\/wp-content\\\/uploads\\\/sites\\\/6\\\/2026\\\/08\\\/hero-9.png\",\"contentUrl\":\"https:\\\/\\\/elithair.com\\\/it\\\/wp-content\\\/uploads\\\/sites\\\/6\\\/2026\\\/08\\\/hero-9.png\",\"width\":1536,\"height\":1024,\"caption\":\"Halb leeres Weinglas auf einem Holztisch, im unscharfen Hintergrund ein nachdenklicher Mann, der sich durch die Haare f\u00e4hrt\"},{\"@type\":\"BreadcrumbList\",\"@id\":\"https:\\\/\\\/elithair.com\\\/it\\\/trapianto-capelli-blog\\\/alcol-caduta-capelli\\\/#breadcrumb\",\"itemListElement\":[{\"@type\":\"ListItem\",\"position\":1,\"name\":\"Home\",\"item\":\"https:\\\/\\\/elithair.com\\\/it\\\/\"},{\"@type\":\"ListItem\",\"position\":2,\"name\":\"Alcol e caduta dei capelli: quanto fa davvero male ed \u00e8 reversibile?\"}]},{\"@type\":\"WebSite\",\"@id\":\"https:\\\/\\\/elithair.com\\\/it\\\/#website\",\"url\":\"https:\\\/\\\/elithair.com\\\/it\\\/\",\"name\":\"Elithair\",\"description\":\"\",\"publisher\":{\"@id\":\"https:\\\/\\\/elithair.com\\\/it\\\/#organization\"},\"alternateName\":\"la migliore clinica di trapianto di capelli in Turchia\",\"potentialAction\":[{\"@type\":\"SearchAction\",\"target\":{\"@type\":\"EntryPoint\",\"urlTemplate\":\"https:\\\/\\\/elithair.com\\\/it\\\/?s={search_term_string}\"},\"query-input\":{\"@type\":\"PropertyValueSpecification\",\"valueRequired\":true,\"valueName\":\"search_term_string\"}}],\"inLanguage\":\"it-IT\"},{\"@type\":\"Organization\",\"@id\":\"https:\\\/\\\/elithair.com\\\/it\\\/#organization\",\"name\":\"Elithair\",\"url\":\"https:\\\/\\\/elithair.com\\\/it\\\/\",\"logo\":{\"@type\":\"ImageObject\",\"inLanguage\":\"it-IT\",\"@id\":\"https:\\\/\\\/elithair.com\\\/it\\\/#\\\/schema\\\/logo\\\/image\\\/\",\"url\":\"https:\\\/\\\/elithair.com\\\/it\\\/wp-content\\\/uploads\\\/sites\\\/6\\\/2026\\\/04\\\/elithair-logo-primary-1.svg\",\"contentUrl\":\"https:\\\/\\\/elithair.com\\\/it\\\/wp-content\\\/uploads\\\/sites\\\/6\\\/2026\\\/04\\\/elithair-logo-primary-1.svg\",\"width\":1,\"height\":1,\"caption\":\"Elithair\"},\"image\":{\"@id\":\"https:\\\/\\\/elithair.com\\\/it\\\/#\\\/schema\\\/logo\\\/image\\\/\"},\"sameAs\":[\"https:\\\/\\\/www.facebook.com\\\/ElithairtransplantITALIA\\\/\",\"https:\\\/\\\/www.instagram.com\\\/elithair.it\\\/\",\"https:\\\/\\\/www.tiktok.com\\\/@elithair.it?_t=8q2yRxSytjU&_r=1\",\"https:\\\/\\\/www.youtube.com\\\/@elithair-trapiantocapellii1905\"]},{\"@type\":\"Person\",\"@id\":\"https:\\\/\\\/elithair.com\\\/it\\\/#\\\/schema\\\/person\\\/11ce37e83a6343e4c37edcd4b5498e41\",\"name\":\"Dr. Imad Moustafa\",\"image\":{\"@type\":\"ImageObject\",\"inLanguage\":\"it-IT\",\"@id\":\"https:\\\/\\\/secure.gravatar.com\\\/avatar\\\/9190499f6f3008cd7da57b179f07bfea4b4e382c816ba3e0de68db0b5a70c07d?s=96&d=mm&r=g\",\"url\":\"https:\\\/\\\/secure.gravatar.com\\\/avatar\\\/9190499f6f3008cd7da57b179f07bfea4b4e382c816ba3e0de68db0b5a70c07d?s=96&d=mm&r=g\",\"contentUrl\":\"https:\\\/\\\/secure.gravatar.com\\\/avatar\\\/9190499f6f3008cd7da57b179f07bfea4b4e382c816ba3e0de68db0b5a70c07d?s=96&d=mm&r=g\",\"caption\":\"Dr. Imad Moustafa\"}}]}<\/script>\n<!-- \/ Yoast SEO Premium plugin. -->","yoast_head_json":{"title":"Alcol e caduta dei capelli: quanto alcol fa davvero male ed \u00e8 reversibile la perdita di capelli?","description":"Alcol e caduta dei capelli: il consumo moderato non \u00e8 documentato come causa. Che cosa cambia un consumo elevato e quanto dura il recupero dopo lo stop.","robots":{"index":"index","follow":"follow","max-snippet":"max-snippet:-1","max-image-preview":"max-image-preview:large","max-video-preview":"max-video-preview:-1"},"canonical":"https:\/\/elithair.com\/it\/trapianto-capelli-blog\/alcol-caduta-capelli\/","og_locale":"it_IT","og_type":"article","og_title":"Alcol e caduta dei capelli: quanto fa davvero male ed \u00e8 reversibile?","og_description":"Alcol e caduta dei capelli: il consumo moderato non \u00e8 documentato come causa. Che cosa cambia un consumo elevato e quanto dura il recupero dopo lo stop.","og_url":"https:\/\/elithair.com\/it\/trapianto-capelli-blog\/alcol-caduta-capelli\/","og_site_name":"Elithair","article_publisher":"https:\/\/www.facebook.com\/ElithairtransplantITALIA\/","article_published_time":"2026-08-29T21:52:34+00:00","og_image":[{"url":"https:\/\/elithair.com\/it\/wp-content\/uploads\/sites\/6\/2026\/08\/follikel_versorgung.png","type":"","width":"","height":""}],"author":"Dr. Imad Moustafa","twitter_card":"summary_large_image","twitter_misc":{"Scritto da":"Dr. Imad Moustafa","Tempo di lettura stimato":"32 minuti"},"schema":{"@context":"https:\/\/schema.org","@graph":[{"@type":"Article","@id":"https:\/\/elithair.com\/it\/trapianto-capelli-blog\/alcol-caduta-capelli\/#article","isPartOf":{"@id":"https:\/\/elithair.com\/it\/trapianto-capelli-blog\/alcol-caduta-capelli\/"},"author":{"name":"Dr. Imad Moustafa","@id":"https:\/\/elithair.com\/it\/#\/schema\/person\/11ce37e83a6343e4c37edcd4b5498e41"},"headline":"Alcol e caduta dei capelli: quanto fa davvero male ed \u00e8 reversibile?","datePublished":"2026-08-29T21:52:34+00:00","mainEntityOfPage":{"@id":"https:\/\/elithair.com\/it\/trapianto-capelli-blog\/alcol-caduta-capelli\/"},"wordCount":6669,"publisher":{"@id":"https:\/\/elithair.com\/it\/#organization"},"image":{"@id":"https:\/\/elithair.com\/it\/trapianto-capelli-blog\/alcol-caduta-capelli\/#primaryimage"},"thumbnailUrl":"https:\/\/elithair.com\/it\/wp-content\/uploads\/sites\/6\/2026\/08\/hero-9.png","articleSection":["Come prendersi cura dei capelli"],"inLanguage":"it-IT"},{"@type":"WebPage","@id":"https:\/\/elithair.com\/it\/trapianto-capelli-blog\/alcol-caduta-capelli\/","url":"https:\/\/elithair.com\/it\/trapianto-capelli-blog\/alcol-caduta-capelli\/","name":"Alcol e caduta dei capelli: quanto alcol fa davvero male ed \u00e8 reversibile la perdita di capelli?","isPartOf":{"@id":"https:\/\/elithair.com\/it\/#website"},"primaryImageOfPage":{"@id":"https:\/\/elithair.com\/it\/trapianto-capelli-blog\/alcol-caduta-capelli\/#primaryimage"},"image":{"@id":"https:\/\/elithair.com\/it\/trapianto-capelli-blog\/alcol-caduta-capelli\/#primaryimage"},"thumbnailUrl":"https:\/\/elithair.com\/it\/wp-content\/uploads\/sites\/6\/2026\/08\/hero-9.png","datePublished":"2026-08-29T21:52:34+00:00","description":"Alcol e caduta dei capelli: il consumo moderato non \u00e8 documentato come causa. Che cosa cambia un consumo elevato e quanto dura il recupero dopo lo stop.","breadcrumb":{"@id":"https:\/\/elithair.com\/it\/trapianto-capelli-blog\/alcol-caduta-capelli\/#breadcrumb"},"inLanguage":"it-IT","potentialAction":[{"@type":"ReadAction","target":["https:\/\/elithair.com\/it\/trapianto-capelli-blog\/alcol-caduta-capelli\/"]}]},{"@type":"ImageObject","inLanguage":"it-IT","@id":"https:\/\/elithair.com\/it\/trapianto-capelli-blog\/alcol-caduta-capelli\/#primaryimage","url":"https:\/\/elithair.com\/it\/wp-content\/uploads\/sites\/6\/2026\/08\/hero-9.png","contentUrl":"https:\/\/elithair.com\/it\/wp-content\/uploads\/sites\/6\/2026\/08\/hero-9.png","width":1536,"height":1024,"caption":"Halb leeres Weinglas auf einem Holztisch, im unscharfen Hintergrund ein nachdenklicher Mann, der sich durch die Haare f\u00e4hrt"},{"@type":"BreadcrumbList","@id":"https:\/\/elithair.com\/it\/trapianto-capelli-blog\/alcol-caduta-capelli\/#breadcrumb","itemListElement":[{"@type":"ListItem","position":1,"name":"Home","item":"https:\/\/elithair.com\/it\/"},{"@type":"ListItem","position":2,"name":"Alcol e caduta dei capelli: quanto fa davvero male ed \u00e8 reversibile?"}]},{"@type":"WebSite","@id":"https:\/\/elithair.com\/it\/#website","url":"https:\/\/elithair.com\/it\/","name":"Elithair","description":"","publisher":{"@id":"https:\/\/elithair.com\/it\/#organization"},"alternateName":"la migliore clinica di trapianto di capelli in Turchia","potentialAction":[{"@type":"SearchAction","target":{"@type":"EntryPoint","urlTemplate":"https:\/\/elithair.com\/it\/?s={search_term_string}"},"query-input":{"@type":"PropertyValueSpecification","valueRequired":true,"valueName":"search_term_string"}}],"inLanguage":"it-IT"},{"@type":"Organization","@id":"https:\/\/elithair.com\/it\/#organization","name":"Elithair","url":"https:\/\/elithair.com\/it\/","logo":{"@type":"ImageObject","inLanguage":"it-IT","@id":"https:\/\/elithair.com\/it\/#\/schema\/logo\/image\/","url":"https:\/\/elithair.com\/it\/wp-content\/uploads\/sites\/6\/2026\/04\/elithair-logo-primary-1.svg","contentUrl":"https:\/\/elithair.com\/it\/wp-content\/uploads\/sites\/6\/2026\/04\/elithair-logo-primary-1.svg","width":1,"height":1,"caption":"Elithair"},"image":{"@id":"https:\/\/elithair.com\/it\/#\/schema\/logo\/image\/"},"sameAs":["https:\/\/www.facebook.com\/ElithairtransplantITALIA\/","https:\/\/www.instagram.com\/elithair.it\/","https:\/\/www.tiktok.com\/@elithair.it?_t=8q2yRxSytjU&_r=1","https:\/\/www.youtube.com\/@elithair-trapiantocapellii1905"]},{"@type":"Person","@id":"https:\/\/elithair.com\/it\/#\/schema\/person\/11ce37e83a6343e4c37edcd4b5498e41","name":"Dr. Imad Moustafa","image":{"@type":"ImageObject","inLanguage":"it-IT","@id":"https:\/\/secure.gravatar.com\/avatar\/9190499f6f3008cd7da57b179f07bfea4b4e382c816ba3e0de68db0b5a70c07d?s=96&d=mm&r=g","url":"https:\/\/secure.gravatar.com\/avatar\/9190499f6f3008cd7da57b179f07bfea4b4e382c816ba3e0de68db0b5a70c07d?s=96&d=mm&r=g","contentUrl":"https:\/\/secure.gravatar.com\/avatar\/9190499f6f3008cd7da57b179f07bfea4b4e382c816ba3e0de68db0b5a70c07d?s=96&d=mm&r=g","caption":"Dr. Imad Moustafa"}}]}},"_links":{"self":[{"href":"https:\/\/elithair.com\/it\/wp-json\/wp\/v2\/posts\/107658","targetHints":{"allow":["GET"]}}],"collection":[{"href":"https:\/\/elithair.com\/it\/wp-json\/wp\/v2\/posts"}],"about":[{"href":"https:\/\/elithair.com\/it\/wp-json\/wp\/v2\/types\/post"}],"author":[{"embeddable":true,"href":"https:\/\/elithair.com\/it\/wp-json\/wp\/v2\/users\/10"}],"replies":[{"embeddable":true,"href":"https:\/\/elithair.com\/it\/wp-json\/wp\/v2\/comments?post=107658"}],"version-history":[{"count":0,"href":"https:\/\/elithair.com\/it\/wp-json\/wp\/v2\/posts\/107658\/revisions"}],"wp:featuredmedia":[{"embeddable":true,"href":"https:\/\/elithair.com\/it\/wp-json\/wp\/v2\/media\/107662"}],"wp:attachment":[{"href":"https:\/\/elithair.com\/it\/wp-json\/wp\/v2\/media?parent=107658"}],"wp:term":[{"taxonomy":"category","embeddable":true,"href":"https:\/\/elithair.com\/it\/wp-json\/wp\/v2\/categories?post=107658"},{"taxonomy":"post_tag","embeddable":true,"href":"https:\/\/elithair.com\/it\/wp-json\/wp\/v2\/tags?post=107658"}],"curies":[{"name":"wp","href":"https:\/\/api.w.org\/{rel}","templated":true}]}}