{"id":107657,"date":"2026-08-29T12:38:01","date_gmt":"2026-08-29T12:38:01","guid":{"rendered":"https:\/\/elithair.com\/it\/trapianto-capelli-blog\/diabete-caduta-dei-capelli\/"},"modified":"2026-08-29T12:38:01","modified_gmt":"2026-08-29T12:38:01","slug":"diabete-caduta-dei-capelli","status":"publish","type":"post","link":"https:\/\/elithair.com\/it\/trapianto-capelli-blog\/diabete-caduta-dei-capelli\/","title":{"rendered":"Diabete e caduta dei capelli: cause, insulino-resistenza e cosa aiuta davvero"},"content":{"rendered":"\n<div style=\"border-left:4px solid #0079F1;padding:0 0 0 14px;margin:0 0 26px\">\n<p style=\"margin:0 0 14px;color:#2e3033;font-size:17px;line-height:1.65\">Pi\u00f9 capelli nella spazzola e, all&#8217;ultimo controllo, il valore di HbA1c troppo alto: il legame tra diabete e caduta dei capelli \u00e8 reale, ma quasi sempre diverso da come lo si immagina. La caduta legata al diabete \u00e8 tipicamente <a href=\"\/it\/trapianto-capelli-blog\/caduta-capelli-diffusa\/\">diffusa<\/a> su tutto il capo e, con una glicemia stabile, regredisce nell&#8217;arco di alcuni mesi. Accanto a questa esiste una seconda connessione, poco conosciuta: negli uomini con calvizie ereditaria a esordio precoce uno studio caso-controllo su 200 partecipanti ha rilevato un&#8217;insulino-resistenza 4,5 volte pi\u00f9 frequente rispetto ai controlli, cio\u00e8 nel 18 contro il 4 per cento (Erden et al. 2025, Journal of Cosmetic Dermatology). Questo articolo separa le due strade e mostra quali valori conviene far controllare.<\/p>\n<p style=\"margin:0 0 8px;color:#013366;font-weight:700;font-size:16px\">In breve<\/p>\n<ul style=\"margin:0 0 14px;padding:0;color:#2e3033;list-style:none\">\n<li style=\"position:relative;padding:3px 0 3px 24px\"><span style=\"position:absolute;left:0;top:3px;color:#0079F1;font-weight:700\">&#10003;<\/span>La caduta dei capelli legata al diabete \u00e8 per lo pi\u00f9 diffusa e, con una glicemia stabile, regredisce nell&#8217;arco di 3-6 mesi<\/li>\n<li style=\"position:relative;padding:3px 0 3px 24px\"><span style=\"position:absolute;left:0;top:3px;color:#0079F1;font-weight:700\">&#10003;<\/span>Quattro meccanismi agiscono insieme: microcircolo alterato, glicazione (AGE), infiammazione cronica e uno spostamento ormonale<\/li>\n<li style=\"position:relative;padding:3px 0 3px 24px\"><span style=\"position:absolute;left:0;top:3px;color:#0079F1;font-weight:700\">&#10003;<\/span>Il tipo 1 aggiunge un asse autoimmune (alopecia areata, tiroide), il tipo 2 soprattutto l&#8217;insulino-resistenza<\/li>\n<li style=\"position:relative;padding:3px 0 3px 24px\"><span style=\"position:absolute;left:0;top:3px;color:#0079F1;font-weight:700\">&#10003;<\/span>La metformina non \u00e8 una causa diretta, ma con l&#8217;assunzione prolungata abbassa i livelli di vitamina B12, e una carenza di B12 favorisce la caduta dei capelli<\/li>\n<\/ul>\n<p style=\"margin:0;color:#2e3033\">L&#8217;indice mostra dove trovare che cosa. Poi si entra nel dettaglio, meccanismo per meccanismo: dall&#8217;insulino-resistenza al cuoio capelluto che prude, fino alla domanda se un trapianto di capelli abbia senso in caso di diabete.<\/p>\n<\/div>\n\n\n\n<div style=\"background:#f6f9fc;border:1px solid #dbe4f0;border-radius:12px;padding:18px 20px;margin:0 0 28px\">\n<p style=\"margin:0 0 14px;color:#013366;font-weight:700;font-size:17px\">Il percorso in tre passi<\/p>\n<div style=\"display:flex;gap:12px;margin:0 0 14px\">\n<div style=\"flex:0 0 28px;height:28px;border-radius:50%;background:#0079F1;color:#ffffff;font-weight:700;font-size:15px;line-height:28px;text-align:center\">1<\/div>\n<p style=\"margin:0;color:#2e3033;font-size:15px;line-height:1.6\"><strong style=\"color:#013366\">Riconoscere lo schema, non tirare a indovinare.<\/strong> Se i capelli cadono in modo uniforme su tutto il capo, l&#8217;indizio punta al metabolismo. Se invece arretrano stempiature e vertice mentre la nuca resta folta, \u00e8 probabile una componente ereditaria. Lo schema decide tutto il resto.<\/p>\n<\/div>\n<div style=\"display:flex;gap:12px;margin:0 0 14px\">\n<div style=\"flex:0 0 28px;height:28px;border-radius:50%;background:#0079F1;color:#ffffff;font-weight:700;font-size:15px;line-height:28px;text-align:center\">2<\/div>\n<p style=\"margin:0;color:#2e3033;font-size:15px;line-height:1.6\"><strong style=\"color:#013366\">Far controllare i valori invece di cambiare shampoo.<\/strong> Negli esami servono HbA1c con il suo andamento, ferritina, vitamina B12 (soprattutto in terapia con metformina), zinco, vitamina D e TSH. Nessun prodotto cosmetico corregge una glicemia o una carenza.<\/p>\n<\/div>\n<div style=\"display:flex;gap:12px;margin:0\">\n<div style=\"flex:0 0 28px;height:28px;border-radius:50%;background:#0079F1;color:#ffffff;font-weight:700;font-size:15px;line-height:28px;text-align:center\">3<\/div>\n<p style=\"margin:0;color:#2e3033;font-size:15px;line-height:1.6\"><strong style=\"color:#013366\">Dare tempo al ciclo del capello.<\/strong> Con una glicemia stabile la caduta di solito rallenta entro il primo o il secondo mese, i primi capelli nuovi si vedono al quinto o sesto mese, la densit\u00e0 aumenta in modo visibile dopo 9-12 mesi. Prima di allora il risultato semplicemente non \u00e8 valutabile.<\/p>\n<\/div>\n<\/div>\n\n\n\n<h2 class=\"wp-block-heading\">Perch\u00e9 il diabete provoca la caduta dei capelli?<\/h2>\n\n\n\n<figure class=\"wp-block-image size-full\"><img decoding=\"async\" src=\"https:\/\/elithair.com\/it\/wp-content\/uploads\/sites\/6\/2026\/08\/bestand_97298.png\" alt=\"Una cellula del sangue attraversata da zollette di zucchero\" class=\"wp-image-107913\"\/><\/figure>\n\n\n\n<p class=\"wp-block-paragraph\">Il diabete provoca la caduta dei capelli attraverso quattro strade che si rinforzano a vicenda: un microcircolo alterato alla radice del capello, la glicazione delle proteine dei tessuti (AGE), un&#8217;infiammazione cronica di basso grado e uno spostamento ormonale dovuto all&#8217;iperinsulinemia. Nel tipo 1 si aggiunge un asse autoimmune.<\/p>\n\n\n\n<p class=\"wp-block-paragraph\"><a href=\"https:\/\/www.msdmanuals.com\/it\/casa\/disturbi-ormonali-e-metabolici\/diabete-mellito-e-bassi-livelli-di-zucchero-nel-sangue-ipoglicemia\/panoramica-sul-diabete-mellito\" target=\"_blank\" rel=\"noopener\">Il diabete<\/a> \u00e8 una malattia cronica che influenza molti processi dell&#8217;organismo, compresa la salute dei capelli. <strong>La caduta dei capelli nel diabete<\/strong> \u00e8 frequente e pu\u00f2 derivare da diversi fattori che disturbano il ciclo del capello . Quanto incidano dipende soprattutto dall&#8217;entit\u00e0 e dalla durata dell&#8217;esposizione glicemica.<\/p>\n\n\n\n<div style=\"border-left:4px solid #0079F1;padding:0 0 0 14px;margin:26px 0\">\n<p style=\"margin:0 0 10px;color:#013366;font-weight:700;font-size:16px\">I quattro meccanismi spiegati chiaramente, pi\u00f9 l&#8217;asse autoimmune nel tipo 1<\/p>\n<ul style=\"margin:0;padding:0;color:#2e3033;list-style:none;font-size:15px;line-height:1.6\">\n<li style=\"padding:0 0 10px\"><strong style=\"color:#013366\">Microangiopatia<\/strong> significa: i vasi sanguigni pi\u00f9 piccoli si danneggiano. La conseguenza per i capelli: meno ossigeno e meno nutrienti alla radice, il capello ricresce pi\u00f9 lentamente e pi\u00f9 sottile.<\/li>\n<li style=\"padding:0 0 10px\"><strong style=\"color:#013366\">Iperinsulinemia<\/strong> significa: troppa insulina nel sangue in modo stabile. La conseguenza per i capelli: la SHBG, la globulina che lega gli ormoni sessuali, si abbassa e resta pi\u00f9 testosterone libero disponibile per la conversione in DHT.<\/li>\n<li style=\"padding:0 0 10px\"><strong style=\"color:#013366\">Glicazione (AGE)<\/strong> significa: lo zucchero incolla le proteine dell&#8217;organismo. La conseguenza per i capelli: il tessuto connettivo intorno al follicolo si irrigidisce e invecchia pi\u00f9 in fretta, un effetto finora mostrato soprattutto su modelli cutanei e cellulari.<\/li>\n<li style=\"padding:0 0 10px\"><strong style=\"color:#013366\">Infiammazione di basso grado<\/strong> significa: mediatori come IL-6 e TNF-alfa stabilmente elevati. La conseguenza per i capelli: le cellule staminali del follicolo lavorano peggio, il capello si miniaturizza pi\u00f9 facilmente.<\/li>\n<li style=\"padding:0\"><strong style=\"color:#013366\">Stress e autoimmunit\u00e0<\/strong> significa: carico psicofisico e un sistema immunitario che sbaglia bersaglio. La conseguenza per i capelli: molti follicoli entrano contemporaneamente in fase di riposo e, nel tipo 1, si aggiunge l&#8217;alopecia areata come quadro a s\u00e9.<\/li>\n<\/ul>\n<\/div>\n\n\n\n<h3 class=\"wp-block-heading\">Disturbi della circolazione: un apporto ridotto ai follicoli<\/h3>\n\n\n\n<p class=\"wp-block-paragraph\">Un fattore centrale della perdita di capelli nel diabete \u00e8 l&#8217;alterazione della circolazione. Valori glicemici elevati possono danneggiare i vasi sanguigni e peggiorare l&#8217;irrorazione. In termini tecnici questa via si chiama microangiopatia diabetica, un concetto consolidato nella letteratura diabetologica sulle complicanze cutanee (rassegna sulle complicanze cutanee nel diabete, PMC 2023).<\/p>\n\n\n\n<p class=\"wp-block-paragraph\">Poich\u00e9 i follicoli piliferi dipendono da un apporto sufficiente di nutrienti e ossigeno, i problemi circolatori possono indebolire le radici. Con il tempo la crescita ne risente e i capelli si assottigliano o cadono.<\/p>\n\n\n\n<p class=\"wp-block-paragraph\">In fase di crescita il follicolo pilifero \u00e8 uno dei tessuti metabolicamente pi\u00f9 attivi dell&#8217;organismo e reagisce quindi con particolare sensibilit\u00e0 a un apporto ridotto. Non esiste per\u00f2 un dato affidabile su quanto scenda in percentuale l&#8217;irrorazione del follicolo nel diabete. La letteratura \u00e8 descrittiva, non quantificata.<\/p>\n\n\n\n<h3 class=\"wp-block-heading\">Cambiamenti ormonali: il ruolo dell&#8217;insulina<\/h3>\n\n\n\n<p class=\"wp-block-paragraph\">Il diabete porta spesso con s\u00e9 cambiamenti ormonali che possono agire direttamente sulla crescita dei capelli. <a href=\"https:\/\/www.msdmanuals.com\/it\/casa\/disturbi-ormonali-e-metabolici\/diabete-mellito-e-bassi-livelli-di-zucchero-nel-sangue-ipoglicemia\/trattamento-farmacologico-del-diabete-mellito\" target=\"_blank\" rel=\"noopener\">L&#8217;insulina<\/a>, l&#8217;ormone che regola la glicemia, ha un ruolo chiave in molti processi metabolici.<\/p>\n\n\n\n<p class=\"wp-block-paragraph\">Un livello di insulina squilibrato, frequente nel diabete, pu\u00f2 disturbare il ciclo del capello e accorciare la fase di crescita. Inoltre le oscillazioni ormonali rappresentano un carico aggiuntivo per l&#8217;organismo, il che frena ulteriormente la crescita. Per questa via manca finora una prova diretta sul follicolo umano: il collegamento \u00e8 considerato plausibile, non dimostrato.<\/p>\n\n\n\n<p class=\"wp-block-paragraph\">Il secondo effetto ormonale \u00e8 meglio documentato: livelli elevati di insulina abbassano la globulina legante gli ormoni sessuali (SHBG). Di conseguenza aumenta la quota di testosterone libero, biologicamente attivo, che a livello del follicolo viene convertito in DHT. \u00c8 il ponte meccanicistico verso l&#8217;alopecia androgenetica, inquadrata pi\u00f9 precisamente nel prossimo paragrafo.<\/p>\n\n\n\n<h3 class=\"wp-block-heading\">AGE e glicazione: perch\u00e9 una glicemia alta fa invecchiare i tessuti<\/h3>\n\n\n\n<p class=\"wp-block-paragraph\">Gli Advanced Glycation End-products (AGE) si formano quando lo zucchero si lega stabilmente alle proteine. Si depositano in modo misurabile nella pelle, irrigidiscono il collagene e peggiorano l&#8217;elasticit\u00e0 dei tessuti (Wang et al. 2024, Experimental Dermatology). Un lavoro del 2025 ha rilevato tracce di AGE persino direttamente nel capello e le discute come marcatore non invasivo di diabete e invecchiamento.<\/p>\n\n\n\n<p class=\"wp-block-paragraph\">Importante per l&#8217;inquadramento: il fatto che gli AGE danneggino il follicolo stesso e accorcino la fase di crescita \u00e8 finora mostrato soprattutto su colture cellulari e modelli cutanei, non in studi clinici sull&#8217;uomo. Il meccanismo \u00e8 ben documentato per l&#8217;invecchiamento della pelle e plausibile per l&#8217;ambiente del follicolo, ma non \u00e8 una causa dimostrata di caduta dei capelli.<\/p>\n\n\n\n<h3 class=\"wp-block-heading\">Infiammazione cronica e stress ossidativo: che cosa succede nei tessuti?<\/h3>\n\n\n\n<p class=\"wp-block-paragraph\">Il diabete \u00e8 considerato uno stato di infiammazione cronica di basso grado. Citochine pro-infiammatorie come IL-6 e TNF-alfa inibiscono la funzione delle cellule staminali follicolari e favoriscono la miniaturizzazione del capello; marcatori infiammatori elevati si accompagnano a una risposta pi\u00f9 debole alle terapie per la caduta dei capelli (rassegna sull&#8217;infiammazione perifollicolare nell&#8217;alopecia androgenetica, Dove Medical Press).<\/p>\n\n\n\n<p class=\"wp-block-paragraph\">Anche qui va detto il limite: non esiste uno studio di coorte dedicato che colleghi i valori di PCR o IL-6 nel diabete a una perdita di capelli misurata. L&#8217;infiammazione \u00e8 un denominatore fisiopatologico comune alle due condizioni, non una catena causale dimostrata.<\/p>\n\n\n\n<h3 class=\"wp-block-heading\">Stress e reazioni autoimmuni: il carico sull&#8217;organismo<\/h3>\n\n\n\n<p class=\"wp-block-paragraph\">Il diabete comporta un carico non solo fisico, ma anche psicologico. Lo stress legato alla malattia pu\u00f2 scatenare un <a href=\"https:\/\/www.msdmanuals.com\/it\/casa\/patologie-della-cute\/malattie-dei-peli\/alopecia-perdita-dei-peli\" target=\"_blank\" rel=\"noopener\">telogen effluvium<\/a> , una forma di perdita di capelli in cui molti follicoli entrano in fase di riposo. La caduta si presenta allora diffusa e in ritardo, di solito 2-3 mesi dopo l&#8217;evento scatenante.<\/p>\n\n\n\n<p class=\"wp-block-paragraph\">Inoltre il diabete aumenta il rischio di malattie autoimmuni come l&#8217; <a href=\"\/it\/trapianto-capelli-blog\/alopecia-areata\/\">alopecia areata<\/a>, in cui il sistema immunitario attacca i follicoli e provoca chiazze prive di capelli. Che sia per disturbi circolatori, <a href=\"\/it\/trapianto-capelli-blog\/ormoni-e-capelli\/\">cambiamenti ormonali<\/a> o stress: il diabete pu\u00f2 favorire la caduta dei capelli per vie diverse.<\/p>\n\n\n\n<p class=\"wp-block-paragraph\">Con misure e trattamenti mirati gli effetti del diabete sui capelli si possono spesso attenuare, e la quota diffusa, legata al metabolismo, pu\u00f2 regredire.<\/p>\n\n\n<div class=\"wp-block-image\">\n<figure class=\"aligncenter size-large is-resized\" style=\"max-width:560px;margin-left:auto;margin-right:auto\"><img decoding=\"async\" src=\"https:\/\/elithair.com\/it\/wp-content\/uploads\/sites\/6\/2026\/08\/mechanismen_follikel__it.png\" alt=\"Illustrazione di un follicolo pilifero in sezione cutanea con i quattro meccanismi con cui il diabete disturba la crescita dei capelli\" class=\"wp-image-107904\" style=\"width:560px;max-width:100%;height:auto\"\/><\/figure>\n<\/div>\n\n\n<p class=\"wp-block-paragraph\">Quanto pesino queste vie dipende meno dal tipo di diabete che dall&#8217;insulino-resistenza che c&#8217;\u00e8 dietro. \u00c8 proprio l\u00ec che si concentra la letteratura pi\u00f9 interessante degli ultimi anni.<\/p>\n\n\n\n<h2 class=\"wp-block-heading\">Insulino-resistenza e caduta dei capelli: che cosa mostrano gli studi<\/h2>\n\n\n\n<p class=\"wp-block-paragraph\">L&#8217;insulino-resistenza non provoca la caduta dei capelli. \u00c8 per\u00f2 statisticamente associata all&#8217;alopecia androgenetica a esordio precoce e alla sindrome metabolica. Erden, Yorulmaz e Yalcin (2025, Journal of Cosmetic Dermatology) hanno rilevato, in uno studio caso-controllo su 200 uomini tra i 18 e i 35 anni, un&#8217;insulino-resistenza (HOMA-IR da 2,7 in su) nel 18 per cento degli interessati contro il 4 per cento dei controlli (p = 0,003).<\/p>\n\n\n\n<p class=\"wp-block-paragraph\">Lo stesso lavoro ha rilevato una sindrome metabolica nel 21 contro il 9 per cento (p = 0,011), oltre a valori di insulina a digiuno significativamente pi\u00f9 alti (p = 0,005), trigliceridi pi\u00f9 alti (p = 0,043) e una circonferenza addominale maggiore (p = 0,026). Con l&#8217;avanzare dello stadio sulla scala di Hamilton-Norwood la frequenza dell&#8217;insulino-resistenza aumentava.<\/p>\n\n\n\n<p class=\"wp-block-paragraph\">Il dato \u00e8 coerente con lavori precedenti: una metanalisi del 2017 su Scientific Reports ha rilevato, in giovani uomini con esordio precoce di alopecia androgenetica , livelli di insulina e valori HOMA significativamente pi\u00f9 alti rispetto ai controlli. Una revisione sistematica del 2026 su BMC Public Health elenca l&#8217;insulino-resistenza, accanto alla familiarit\u00e0 paterna, come fattore di rischio autonomo.<\/p>\n\n\n\n<p class=\"wp-block-paragraph\">Ci\u00f2 che questi studi non mostrano \u00e8 altrettanto importante. Sono piccoli (100-200 partecipanti), provengono per lo pi\u00f9 da un unico centro e hanno un disegno trasversale o caso-controllo. Non permettono quindi di stabilire una direzione: se l&#8217;insulino-resistenza preceda la caduta dei capelli o se entrambe abbiano una causa comune resta aperto.<\/p>\n\n\n\n<p class=\"wp-block-paragraph\">Inoltre sono studiati quasi esclusivamente uomini con caduta a esordio precoce. Per le donne e per la caduta a esordio tardivo i dati sono scarsi. E non esiste alcuno studio che dimostri che una terapia per migliorare la sensibilit\u00e0 insulinica faccia tornare i capelli. Chi lo afferma va oltre le evidenze.<\/p>\n\n\n\n<p class=\"wp-block-paragraph\">La spiegazione meccanicistica resta perci\u00f2 un&#8217;ipotesi: l&#8217;iperinsulinemia abbassa la SHBG, il testosterone libero aumenta, sul follicolo sensibile agisce pi\u00f9 DHT, la miniaturizzazione accelera. A questo si somma un microcircolo perifollicolare peggiore. Plausibile e coerente con i valori misurati, ma non dimostrato.<\/p>\n\n\n\n<h3 class=\"wp-block-heading\">Che cosa significa in pratica: indice HOMA, insulina a digiuno e stile di vita<\/h3>\n\n\n\n<p class=\"wp-block-paragraph\">L&#8217;indice HOMA (HOMA-IR) stima l&#8217;insulino-resistenza a partire da due valori a digiuno. La formula \u00e8: insulina a digiuno in microunit\u00e0 per millilitro moltiplicata per la glicemia a digiuno in milligrammi per decilitro, il tutto diviso 405. Come normale viene spesso indicato un intervallo tra 0,7 e 2,0; per il prelievo servono 8-12 ore di digiuno.<\/p>\n\n\n\n<p class=\"wp-block-paragraph\">Sul valore soglia le cose si fanno sfumate, e va detto: alcuni autori vedono un&#8217;insulino-resistenza iniziale gi\u00e0 da 1,9, il cut-off NHANES \u00e8 2,5, lo studio sulla caduta dei capelli citato sopra ha usato 2,7, per le popolazioni asiatiche si discutono valori tra 1,4 e 2,5. Nessuna societ\u00e0 scientifica ha ratificato una soglia unitaria (mdcalc.com, 2026).<\/p>\n\n\n\n<p class=\"wp-block-paragraph\">L&#8217;HOMA-IR non \u00e8 quindi un test per la caduta dei capelli, ma un test metabolico. Non risponde alla domanda sul perch\u00e9 si perdano capelli, bens\u00ec a quella se sullo sfondo ci sia un&#8217;insulino-resistenza che merita comunque attenzione.<\/p>\n\n\n\n<p class=\"wp-block-paragraph\">Le leve documentate sulla sensibilit\u00e0 insulinica sono poco spettacolari ma efficaci: riduzione del peso, allenamento aerobico regolare combinato con esercizi di forza e sonno sufficiente. Come raccomandazione standard valgono 150 minuti di attivit\u00e0 moderata a settimana (raccomandazione OMS sull&#8217;attivit\u00e0 fisica). Non c&#8217;\u00e8 alcuna promessa di ricrescita dei capelli, un beneficio metabolico s\u00ec.<\/p>\n\n\n\n<h3 class=\"wp-block-heading\">La caduta precoce dei capelli come segnale metabolico<\/h3>\n\n\n\n<p class=\"wp-block-paragraph\">Il punto pi\u00f9 utile in pratica riguarda gli uomini giovani. Se la calvizie ereditaria inizia nettamente prima dei 30-35 anni, vale la pena guardare pressione arteriosa, assetto lipidico e glicemia a digiuno. In dermatologia questo approccio \u00e8 sempre pi\u00f9 discusso, ma non esiste una raccomandazione ufficiale di screening da parte di una societ\u00e0 scientifica.<\/p>\n\n\n\n<p class=\"wp-block-paragraph\">L&#8217;idea non \u00e8 trattare la caduta dei capelli, ma individuare anni prima un disturbo metabolico silente. Per i capelli in s\u00e9 il riscontro non cambia nulla nell&#8217;immediato. Per cuore, vasi e rischio di diabete pu\u00f2 cambiare molto.<\/p>\n\n\n<div class=\"wp-block-image\">\n<figure class=\"aligncenter size-large is-resized\" style=\"max-width:560px;margin-left:auto;margin-right:auto\"><img decoding=\"async\" src=\"https:\/\/elithair.com\/it\/wp-content\/uploads\/sites\/6\/2026\/08\/insulinresistenz_kette__it.png\" alt=\"Diagramma della catena discussa che va dall'insulino-resistenza all'iperinsulinemia e alla SHBG fino alla miniaturizzazione del follicolo pilifero\" class=\"wp-image-107905\" style=\"width:560px;max-width:100%;height:auto\"\/><\/figure>\n<\/div>\n\n\n<h2 class=\"wp-block-heading\">Come si manifesta la caduta dei capelli nel diabete?<\/h2>\n\n\n\n<figure class=\"wp-block-image size-full\"><img decoding=\"async\" src=\"https:\/\/elithair.com\/it\/wp-content\/uploads\/sites\/6\/2026\/08\/bestand_97301.png\" alt=\"Un medico esamina la testa di un paziente che soffre di caduta dei capelli\" class=\"wp-image-107916\"\/><\/figure>\n\n\n\n<p class=\"wp-block-paragraph\">Nella maggior parte dei casi la caduta dei capelli nel diabete si presenta come un diradamento uniforme su tutto il capo, non come uno schema con stempiature. La caduta dei capelli da diabete pu\u00f2 manifestarsi in modi diversi, a seconda delle cause di fondo e della reazione individuale dell&#8217;organismo. I sintomi sono spesso sottili, ma possono dare indizi importanti sul fatto che la perdita di capelli sia legata alla malattia.<\/p>\n\n\n\n<h3 class=\"wp-block-heading\">Schemi tipici: diradamento e perdita a chiazze<\/h3>\n\n\n\n<p class=\"wp-block-paragraph\">Molte persone con diabete notano che i capelli si assottigliano gradualmente, spesso in modo uniforme su tutto il capo (<a href=\"\/it\/trapianto-capelli-blog\/caduta-capelli-diffusa\/\">caduta diffusa<\/a>). Una perdita aumentata si nota soprattutto pettinandosi o lavando i capelli.<\/p>\n\n\n\n<p class=\"wp-block-paragraph\">Come riferimento orientativo: se in 24 ore si raccolgono 100 capelli o pi\u00f9, il dato depone per un telogen effluvium (StatPearls, NCBI Bookshelf). Nel pull test eseguito dal medico il risultato \u00e8 significativo se una trazione delicata stacca almeno 4 capelli insieme. Sono entrambi indizi, non diagnosi.<\/p>\n\n\n\n<p class=\"wp-block-paragraph\">In caso di reazione autoimmune la perdita pu\u00f2 invece presentarsi a chiazze, con aree prive di capelli che compaiono improvvisamente sul cuoio capelluto o su altre zone pelose del corpo.<\/p>\n\n\n\n<h3 class=\"wp-block-heading\">Distinzione dalle altre forme<\/h3>\n\n\n\n<p class=\"wp-block-paragraph\">\u00c8 importante distinguere la caduta dei capelli nel diabete da altre forme, come per esempio la calvizie ereditaria (alopecia androgenetica).<\/p>\n\n\n\n<p class=\"wp-block-paragraph\">Mentre la caduta genetica compare di solito in punti specifici, come stempiature o vertice, e segue uno schema chiaro, nel diabete la perdita \u00e8 spesso diffusa o si accompagna ad altri sintomi fisici. Solo la componente genetica risponde ai farmaci per la ricrescita o a un trapianto di capelli, ed \u00e8 proprio per questo che l&#8217;identificazione dello schema viene per prima.<\/p>\n\n\n\n<style>\n@media (max-width:640px){\n.rt-table-wrap{overflow-x:visible!important;border:0!important;border-radius:0!important}\n.rt-table{min-width:0!important}\n.rt-table thead{display:none}\n.rt-table,.rt-table tbody,.rt-table tr,.rt-table td{display:block;width:100%}\n.rt-table caption{display:block;padding:0 0 12px!important}\n.rt-table tr{margin:0 0 12px;border:1px solid #dbe4f0;border-radius:10px;overflow:hidden}\n.rt-table tr:last-child{margin-bottom:0}\n.rt-table td{display:flex!important;flex-direction:column;gap:3px;padding:12px 14px!important;\nborder:0!important;border-bottom:1px solid #e3e8ef!important;background:#ffffff!important}\n.rt-table tr td:last-child{border-bottom:0!important}\n.rt-table td::before{content:attr(data-label);font-size:12px;font-weight:700;letter-spacing:.04em;\ntext-transform:uppercase;color:#5799F1}\n.rt-table td:not([data-label])::before,.rt-table td[data-label=\"\"]::before{display:none}\n}\n<\/style>\n<div class=\"rt-table-wrap\" style=\"overflow-x:auto;-webkit-overflow-scrolling:touch;margin:28px 0;border:1px solid #dbe4f0;border-radius:12px\">\n  <table class=\"rt-table\" style=\"width:100%;min-width:660px;table-layout:fixed;border-collapse:separate;border-spacing:0;font-size:15px;margin:0\">\n    <caption style=\"caption-side:top;text-align:left;color:#003366;font-weight:700;font-size:16px;line-height:1.35;padding:14px 16px 10px;background:#ffffff\">Inquadrare la caduta dei capelli nel diabete: che cosa indica probabilmente il quadro e che cosa chiarire come passo successivo<\/caption>\n    <thead>\n      <tr>\n        <th style=\"width:22%;background:#003366;color:#ffffff;font-weight:700;text-align:left;vertical-align:middle;padding:13px 16px;font-size:15px;line-height:1.4;border:0;overflow-wrap:break-word\">Che cosa si osserva<\/th>\n        <th style=\"background:#003366;color:#ffffff;font-weight:700;text-align:left;vertical-align:middle;padding:13px 16px;font-size:15px;line-height:1.4;border:0;overflow-wrap:break-word\">Segni di accompagnamento<\/th>\n        <th style=\"background:#003366;color:#ffffff;font-weight:700;text-align:left;vertical-align:middle;padding:13px 16px;font-size:15px;line-height:1.4;border:0;overflow-wrap:break-word\">Causa probabile<\/th>\n        <th style=\"background:#003366;color:#ffffff;font-weight:700;text-align:left;vertical-align:middle;padding:13px 16px;font-size:15px;line-height:1.4;border:0;overflow-wrap:break-word\">Passo successivo<\/th>\n      <\/tr>\n    <\/thead>\n    <tbody>\n      <tr>\n        <td data-label=\"Che cosa si osserva\" style=\"background:#ffffff;color:#003366;font-weight:700;text-align:left;vertical-align:top;padding:13px 16px;font-size:15px;line-height:1.55;border:0;border-bottom:1px solid #e3e8ef;overflow-wrap:break-word\">Diradamento uniforme su tutto il capo, molti capelli durante il lavaggio<\/td>\n        <td data-label=\"Segni di accompagnamento\" style=\"background:#ffffff;color:#22303e;font-weight:400;text-align:left;vertical-align:top;padding:13px 16px;font-size:15px;line-height:1.55;border:0;border-bottom:1px solid #e3e8ef;overflow-wrap:break-word\">Valore di HbA1c elevato, stanchezza, pelle secca<\/td>\n        <td data-label=\"Causa probabile\" style=\"background:#ffffff;color:#22303e;font-weight:400;text-align:left;vertical-align:top;padding:13px 16px;font-size:15px;line-height:1.55;border:0;border-bottom:1px solid #e3e8ef;overflow-wrap:break-word\">Telogen effluvium diffuso, innescato dal metabolismo<\/td>\n        <td data-label=\"Passo successivo\" style=\"background:#ffffff;color:#22303e;font-weight:400;text-align:left;vertical-align:top;padding:13px 16px;font-size:15px;line-height:1.55;border:0;border-bottom:1px solid #e3e8ef;overflow-wrap:break-word\">Far misurare HbA1c, ferritina, TSH e vitamina B12, mettere a posto il metabolismo<\/td>\n      <\/tr>\n      <tr>\n        <td data-label=\"Che cosa si osserva\" style=\"background:#f6f9fc;color:#003366;font-weight:700;text-align:left;vertical-align:top;padding:13px 16px;font-size:15px;line-height:1.55;border:0;border-bottom:1px solid #e3e8ef;overflow-wrap:break-word\">Stempiature, vertice diradato, attaccatura frontale che arretra<\/td>\n        <td data-label=\"Segni di accompagnamento\" style=\"background:#f6f9fc;color:#22303e;font-weight:400;text-align:left;vertical-align:top;padding:13px 16px;font-size:15px;line-height:1.55;border:0;border-bottom:1px solid #e3e8ef;overflow-wrap:break-word\">familiarit\u00e0, esordio prima dei 30 anni<\/td>\n        <td data-label=\"Causa probabile\" style=\"background:#f6f9fc;color:#22303e;font-weight:400;text-align:left;vertical-align:top;padding:13px 16px;font-size:15px;line-height:1.55;border:0;border-bottom:1px solid #e3e8ef;overflow-wrap:break-word\">Alopecia androgenetica, possibilmente associata a insulino-resistenza<\/td>\n        <td data-label=\"Passo successivo\" style=\"background:#f6f9fc;color:#22303e;font-weight:400;text-align:left;vertical-align:top;padding:13px 16px;font-size:15px;line-height:1.55;border:0;border-bottom:1px solid #e3e8ef;overflow-wrap:break-word\">Far identificare lo schema e controllare anche pressione arteriosa, assetto lipidico e glicemia a digiuno<\/td>\n      <\/tr>\n      <tr>\n        <td data-label=\"Che cosa si osserva\" style=\"background:#ffffff;color:#003366;font-weight:700;text-align:left;vertical-align:top;padding:13px 16px;font-size:15px;line-height:1.55;border:0;border-bottom:1px solid #e3e8ef;overflow-wrap:break-word\">Chiazze rotonde, nettamente delimitate, anche nella barba<\/td>\n        <td data-label=\"Segni di accompagnamento\" style=\"background:#ffffff;color:#22303e;font-weight:400;text-align:left;vertical-align:top;padding:13px 16px;font-size:15px;line-height:1.55;border:0;border-bottom:1px solid #e3e8ef;overflow-wrap:break-word\">Diabete di tipo 1, valori tiroidei alterati, alterazioni delle unghie<\/td>\n        <td data-label=\"Causa probabile\" style=\"background:#ffffff;color:#22303e;font-weight:400;text-align:left;vertical-align:top;padding:13px 16px;font-size:15px;line-height:1.55;border:0;border-bottom:1px solid #e3e8ef;overflow-wrap:break-word\">Alopecia areata (autoimmune)<\/td>\n        <td data-label=\"Passo successivo\" style=\"background:#ffffff;color:#22303e;font-weight:400;text-align:left;vertical-align:top;padding:13px 16px;font-size:15px;line-height:1.55;border:0;border-bottom:1px solid #e3e8ef;overflow-wrap:break-word\">Valutazione dermatologica, dosaggio di TSH e autoanticorpi<\/td>\n      <\/tr>\n      <tr>\n        <td data-label=\"Che cosa si osserva\" style=\"background:#f6f9fc;color:#003366;font-weight:700;text-align:left;vertical-align:top;padding:13px 16px;font-size:15px;line-height:1.55;border:0;border-bottom:1px solid #e3e8ef;overflow-wrap:break-word\">Diradamento sulla sommit\u00e0 del capo, attaccatura frontale conservata, peluria corporea accentuata<\/td>\n        <td data-label=\"Segni di accompagnamento\" style=\"background:#f6f9fc;color:#22303e;font-weight:400;text-align:left;vertical-align:top;padding:13px 16px;font-size:15px;line-height:1.55;border:0;border-bottom:1px solid #e3e8ef;overflow-wrap:break-word\">Cicli irregolari, acne, insulino-resistenza<\/td>\n        <td data-label=\"Causa probabile\" style=\"background:#f6f9fc;color:#22303e;font-weight:400;text-align:left;vertical-align:top;padding:13px 16px;font-size:15px;line-height:1.55;border:0;border-bottom:1px solid #e3e8ef;overflow-wrap:break-word\">Schema femminile, sospetta PCOS<\/td>\n        <td data-label=\"Passo successivo\" style=\"background:#f6f9fc;color:#22303e;font-weight:400;text-align:left;vertical-align:top;padding:13px 16px;font-size:15px;line-height:1.55;border:0;border-bottom:1px solid #e3e8ef;overflow-wrap:break-word\">Ginecologia o endocrinologia: testosterone, SHBG, HOMA-IR<\/td>\n      <\/tr>\n      <tr>\n        <td data-label=\"Che cosa si osserva\" style=\"background:#ffffff;color:#003366;font-weight:700;text-align:left;vertical-align:top;padding:13px 16px;font-size:15px;line-height:1.55;border:0;overflow-wrap:break-word\">Cuoio capelluto pruriginoso, desquamato e arrossato con perdita di capelli negli stessi punti<\/td>\n        <td data-label=\"Segni di accompagnamento\" style=\"background:#ffffff;color:#22303e;font-weight:400;text-align:left;vertical-align:top;padding:13px 16px;font-size:15px;line-height:1.55;border:0;overflow-wrap:break-word\">Bruciore, pustole, croste<\/td>\n        <td data-label=\"Causa probabile\" style=\"background:#ffffff;color:#22303e;font-weight:400;text-align:left;vertical-align:top;padding:13px 16px;font-size:15px;line-height:1.55;border:0;overflow-wrap:break-word\">Infiammazione o infezione del cuoio capelluto<\/td>\n        <td data-label=\"Passo successivo\" style=\"background:#ffffff;color:#22303e;font-weight:400;text-align:left;vertical-align:top;padding:13px 16px;font-size:15px;line-height:1.55;border:0;overflow-wrap:break-word\">Valutazione dermatologica tempestiva, senza trattamenti fai da te<\/td>\n      <\/tr>\n    <\/tbody>\n  <\/table>\n<\/div>\n\n\n\n<p class=\"wp-block-paragraph\">La tabella \u00e8 un orientamento e non sostituisce una diagnosi. Spesso convivono due forme, per esempio una caduta diffusa su uno schema androgenetico gi\u00e0 presente. Un&#8217; <a href=\"\/it\/analisi-capillare\/\">analisi dei capelli<\/a> chiarisce lo schema visibile della caduta e quindi quale terapia possa davvero entrare in gioco.<\/p>\n\n\n\n<p class=\"wp-block-paragraph\">Detto onestamente: questa analisi \u00e8 una valutazione visiva dello schema. Non sostituisce n\u00e9 un esame del sangue n\u00e9 una diagnosi dermatologica. Chi ha una caduta diffusa deve rivolgersi prima al medico di famiglia o alla diabetologia, non a una consulenza per il trapianto.<\/p>\n\n\n\n<h3 class=\"wp-block-heading\">Altri segnali: ricrescita lenta<\/h3>\n\n\n\n<p class=\"wp-block-paragraph\">Nel diabete i capelli caduti ricrescono spesso pi\u00f9 lentamente, perch\u00e9 i follicoli non ricevono in modo ottimale nutrienti e ossigeno. Possono inoltre comparire sintomi come cuoio capelluto secco o irritato, indizio di disturbi circolatori o di una barriera cutanea indebolita.<\/p>\n\n\n\n<p class=\"wp-block-paragraph\">In cifre: normalmente l&#8217;85-90 per cento dei capelli si trova in fase di crescita (anagen) e il 10-15 per cento in fase di riposo (telogen). In un telogen effluvium la quota telogen sale al 30-50 per cento e nei casi marcati fino al 70 per cento dei capelli passa anzitempo alla fase di riposo (StatPearls).<\/p>\n\n\n\n<p class=\"wp-block-paragraph\">Osservare con attenzione questi segnali \u00e8 importante per inquadrare correttamente la caduta e intervenire in modo mirato.<\/p>\n\n\n<div class=\"wp-block-image\">\n<figure class=\"aligncenter size-large is-resized\" style=\"max-width:560px;margin-left:auto;margin-right:auto\"><img decoding=\"async\" src=\"https:\/\/elithair.com\/it\/wp-content\/uploads\/sites\/6\/2026\/08\/ausfallmuster_vergleich__it.png\" alt=\"Confronto dei tre schemi di caduta: diffuso, androgenetico e a chiazze, rappresentati come sagome di teste\" class=\"wp-image-107906\" style=\"width:560px;max-width:100%;height:auto\"\/><\/figure>\n<\/div>\n\n\n<h2 class=\"wp-block-heading\">Perch\u00e9 nel diabete prude il cuoio capelluto e che cosa significa per i capelli?<\/h2>\n\n\n\n<p class=\"wp-block-paragraph\">Il prurito \u00e8 frequente nel diabete: studi recenti su persone con diabete di tipo 2 rilevano un prurito cronico nel 18,4-30,9 per cento dei casi; in uno studio trasversale su 249 pazienti era il 30,9 per cento. Il prurito in s\u00e9 non provoca la caduta dei capelli. Le cause che lo determinano e il grattarsi continuo possono per\u00f2 peggiorarla.<\/p>\n\n\n\n<p class=\"wp-block-paragraph\">L&#8217;ampiezza dell&#8217;intervallo dipende dal fatto che gli studi definiscono il prurito in modi diversi. Un lavoro metodologicamente pi\u00f9 restrittivo pubblicato su Diabetes Care (1986) trovava solo il 2,7 per cento di prurito generalizzato senza causa riconoscibile. Chi legge una singola percentuale dovrebbe quindi prenderla con cautela.<\/p>\n\n\n\n<p class=\"wp-block-paragraph\">Un dato della stessa coorte \u00e8 clinicamente pi\u00f9 rilevante di qualsiasi cifra di prevalenza: nei pazienti con prurito, retinopatia, nefropatia, neuropatia e arteriopatia periferica erano significativamente pi\u00f9 frequenti. Una pelle che prude pu\u00f2 quindi essere un campanello d&#8217;allarme di complicanze avanzate e va inquadrata dal medico.<\/p>\n\n\n\n<h3 class=\"wp-block-heading\">Cute secca (xerosi) come riscontro pi\u00f9 frequente<\/h3>\n\n\n\n<p class=\"wp-block-paragraph\">Il riscontro cutaneo di gran lunga pi\u00f9 frequente nel prurito diabetico \u00e8 la xerosi, cio\u00e8 la pelle secca: il 64 per cento degli interessati nella coorte citata, seguita dalle infezioni fungine della pelle con il 16 per cento. Sul cuoio capelluto si manifesta con senso di tensione, desquamazione fine e sensibilit\u00e0 allo shampoo.<\/p>\n\n\n\n<p class=\"wp-block-paragraph\">Vi contribuiscono tre meccanismi: con valori glicemici alti l&#8217;organismo perde liquidi attraverso la diuresi osmotica, la barriera cutanea \u00e8 alterata e, in caso di neuropatia autonomica, la produzione di sebo e sudore \u00e8 ridotta. Il cuoio capelluto si secca cos\u00ec pi\u00f9 in fretta di quanto la cosmesi riesca a compensare.<\/p>\n\n\n\n<h3 class=\"wp-block-heading\">Neuropatia diabetica e prurito<\/h3>\n\n\n\n<p class=\"wp-block-paragraph\">Se prude senza che si veda nulla, va considerata la neuropatia delle piccole fibre. Le fini fibre nervose della pelle inviano allora segnali errati che arrivano come prurito, bruciore o formicolio. Il collegamento \u00e8 discusso in letteratura, ma non esiste un dato di prevalenza specifico per il cuoio capelluto.<\/p>\n\n\n\n<p class=\"wp-block-paragraph\">In pratica conta il rovescio della medaglia: con una neuropatia le piccole lesioni del cuoio capelluto si avvertono meno. Chi si gratta non si accorge di quando \u00e8 troppo. Per questo nel diabete il cuoio capelluto va guardato regolarmente, non solo toccato.<\/p>\n\n\n\n<h3 class=\"wp-block-heading\">Infezioni del cuoio capelluto: funghi, eczema, follicolite<\/h3>\n\n\n\n<p class=\"wp-block-paragraph\">Una glicemia alta crea un ambiente favorevole agli agenti patogeni e allo stesso tempo attenua parti della risposta immunitaria. Tigna del capo, dermatite seborroica e follicolite compaiono cos\u00ec pi\u00f9 facilmente. Si distinguono dalla semplice secchezza per arrossamento, squame grasse o crostose, pustole e perdita di capelli proprio nei punti colpiti.<\/p>\n\n\n\n<style>\n@media (max-width:640px){\n.rt-table-wrap{overflow-x:visible!important;border:0!important;border-radius:0!important}\n.rt-table{min-width:0!important}\n.rt-table thead{display:none}\n.rt-table,.rt-table tbody,.rt-table tr,.rt-table td{display:block;width:100%}\n.rt-table caption{display:block;padding:0 0 12px!important}\n.rt-table tr{margin:0 0 12px;border:1px solid #dbe4f0;border-radius:10px;overflow:hidden}\n.rt-table tr:last-child{margin-bottom:0}\n.rt-table td{display:flex!important;flex-direction:column;gap:3px;padding:12px 14px!important;\nborder:0!important;border-bottom:1px solid #e3e8ef!important;background:#ffffff!important}\n.rt-table tr td:last-child{border-bottom:0!important}\n.rt-table td::before{content:attr(data-label);font-size:12px;font-weight:700;letter-spacing:.04em;\ntext-transform:uppercase;color:#5799F1}\n.rt-table td:not([data-label])::before,.rt-table td[data-label=\"\"]::before{display:none}\n}\n<\/style>\n<div class=\"rt-table-wrap\" style=\"overflow-x:auto;-webkit-overflow-scrolling:touch;margin:28px 0;border:1px solid #dbe4f0;border-radius:12px\">\n  <table class=\"rt-table\" style=\"width:100%;min-width:660px;table-layout:fixed;border-collapse:separate;border-spacing:0;font-size:15px;margin:0\">\n    <caption style=\"caption-side:top;text-align:left;color:#003366;font-weight:700;font-size:16px;line-height:1.35;padding:14px 16px 10px;background:#ffffff\">Inquadrare il prurito del cuoio capelluto nel diabete: cinque quadri tipici e i passi successivi<\/caption>\n    <thead>\n      <tr>\n        <th style=\"width:22%;background:#003366;color:#ffffff;font-weight:700;text-align:left;vertical-align:middle;padding:13px 16px;font-size:15px;line-height:1.4;border:0;overflow-wrap:break-word\">Quadro sintomatologico<\/th>\n        <th style=\"background:#003366;color:#ffffff;font-weight:700;text-align:left;vertical-align:middle;padding:13px 16px;font-size:15px;line-height:1.4;border:0;overflow-wrap:break-word\">Causa probabile<\/th>\n        <th style=\"background:#003366;color:#ffffff;font-weight:700;text-align:left;vertical-align:middle;padding:13px 16px;font-size:15px;line-height:1.4;border:0;overflow-wrap:break-word\">Che cosa aiuta<\/th>\n        <th style=\"background:#003366;color:#ffffff;font-weight:700;text-align:left;vertical-align:middle;padding:13px 16px;font-size:15px;line-height:1.4;border:0;overflow-wrap:break-word\">Quando rivolgersi al medico<\/th>\n      <\/tr>\n    <\/thead>\n    <tbody>\n      <tr>\n        <td data-label=\"Quadro sintomatologico\" style=\"background:#ffffff;color:#003366;font-weight:700;text-align:left;vertical-align:top;padding:13px 16px;font-size:15px;line-height:1.55;border:0;border-bottom:1px solid #e3e8ef;overflow-wrap:break-word\">Cuoio capelluto secco, che tira, con desquamazione fine, senza arrossamento<\/td>\n        <td data-label=\"Causa probabile\" style=\"background:#ffffff;color:#22303e;font-weight:400;text-align:left;vertical-align:top;padding:13px 16px;font-size:15px;line-height:1.55;border:0;border-bottom:1px solid #e3e8ef;overflow-wrap:break-word\">Xerosi, il riscontro cutaneo pi\u00f9 frequente nel prurito diabetico (64 per cento di una coorte di 249 pazienti)<\/td>\n        <td data-label=\"Che cosa aiuta\" style=\"background:#ffffff;color:#22303e;font-weight:400;text-align:left;vertical-align:top;padding:13px 16px;font-size:15px;line-height:1.55;border:0;border-bottom:1px solid #e3e8ef;overflow-wrap:break-word\">Detersione delicata e a pH adeguato, doccia tiepida invece che calda, prodotti reidratanti<\/td>\n        <td data-label=\"Quando rivolgersi al medico\" style=\"background:#ffffff;color:#22303e;font-weight:400;text-align:left;vertical-align:top;padding:13px 16px;font-size:15px;line-height:1.55;border:0;border-bottom:1px solid #e3e8ef;overflow-wrap:break-word\">Se dopo alcune settimane di cura costante non cambia nulla<\/td>\n      <\/tr>\n      <tr>\n        <td data-label=\"Quadro sintomatologico\" style=\"background:#f6f9fc;color:#003366;font-weight:700;text-align:left;vertical-align:top;padding:13px 16px;font-size:15px;line-height:1.55;border:0;border-bottom:1px solid #e3e8ef;overflow-wrap:break-word\">Prurito senza alterazioni cutanee visibili, a tratti bruciante o pungente<\/td>\n        <td data-label=\"Causa probabile\" style=\"background:#f6f9fc;color:#22303e;font-weight:400;text-align:left;vertical-align:top;padding:13px 16px;font-size:15px;line-height:1.55;border:0;border-bottom:1px solid #e3e8ef;overflow-wrap:break-word\">Prurito diabetico; si discute una neuropatia delle piccole fibre<\/td>\n        <td data-label=\"Che cosa aiuta\" style=\"background:#f6f9fc;color:#22303e;font-weight:400;text-align:left;vertical-align:top;padding:13px 16px;font-size:15px;line-height:1.55;border:0;border-bottom:1px solid #e3e8ef;overflow-wrap:break-word\">Controllo della glicemia, evitare di grattarsi, controllare regolarmente il cuoio capelluto<\/td>\n        <td data-label=\"Quando rivolgersi al medico\" style=\"background:#f6f9fc;color:#22303e;font-weight:400;text-align:left;vertical-align:top;padding:13px 16px;font-size:15px;line-height:1.55;border:0;border-bottom:1px solid #e3e8ef;overflow-wrap:break-word\">Se il prurito \u00e8 di tipo bruciante o si accompagna ad altri sintomi nervosi a mani e piedi<\/td>\n      <\/tr>\n      <tr>\n        <td data-label=\"Quadro sintomatologico\" style=\"background:#ffffff;color:#003366;font-weight:700;text-align:left;vertical-align:top;padding:13px 16px;font-size:15px;line-height:1.55;border:0;border-bottom:1px solid #e3e8ef;overflow-wrap:break-word\">Squame giallastre e grasse all&#8217;attaccatura, pelle arrossata<\/td>\n        <td data-label=\"Causa probabile\" style=\"background:#ffffff;color:#22303e;font-weight:400;text-align:left;vertical-align:top;padding:13px 16px;font-size:15px;line-height:1.55;border:0;border-bottom:1px solid #e3e8ef;overflow-wrap:break-word\">Dermatite seborroica<\/td>\n        <td data-label=\"Che cosa aiuta\" style=\"background:#ffffff;color:#22303e;font-weight:400;text-align:left;vertical-align:top;padding:13px 16px;font-size:15px;line-height:1.55;border:0;border-bottom:1px solid #e3e8ef;overflow-wrap:break-word\">Shampoo medicati su indicazione medica, nessun rimedio casalingo aggressivo<\/td>\n        <td data-label=\"Quando rivolgersi al medico\" style=\"background:#ffffff;color:#22303e;font-weight:400;text-align:left;vertical-align:top;padding:13px 16px;font-size:15px;line-height:1.55;border:0;border-bottom:1px solid #e3e8ef;overflow-wrap:break-word\">In caso di estensione, essudazione o se i capelli cadono negli stessi punti<\/td>\n      <\/tr>\n      <tr>\n        <td data-label=\"Quadro sintomatologico\" style=\"background:#f6f9fc;color:#003366;font-weight:700;text-align:left;vertical-align:top;padding:13px 16px;font-size:15px;line-height:1.55;border:0;border-bottom:1px solid #e3e8ef;overflow-wrap:break-word\">Chiazze rotonde e desquamate con capelli spezzati<\/td>\n        <td data-label=\"Causa probabile\" style=\"background:#f6f9fc;color:#22303e;font-weight:400;text-align:left;vertical-align:top;padding:13px 16px;font-size:15px;line-height:1.55;border:0;border-bottom:1px solid #e3e8ef;overflow-wrap:break-word\">Tigna del capo (tinea capitis); nella stessa coorte le infezioni fungine erano il secondo riscontro pi\u00f9 frequente (16 per cento)<\/td>\n        <td data-label=\"Che cosa aiuta\" style=\"background:#f6f9fc;color:#22303e;font-weight:400;text-align:left;vertical-align:top;padding:13px 16px;font-size:15px;line-height:1.55;border:0;border-bottom:1px solid #e3e8ef;overflow-wrap:break-word\">Diagnosi medica con tampone, terapia perlopi\u00f9 sistemica<\/td>\n        <td data-label=\"Quando rivolgersi al medico\" style=\"background:#f6f9fc;color:#22303e;font-weight:400;text-align:left;vertical-align:top;padding:13px 16px;font-size:15px;line-height:1.55;border:0;border-bottom:1px solid #e3e8ef;overflow-wrap:break-word\">Tempestivamente, senza trattamenti fai da te, c&#8217;\u00e8 rischio di contagio<\/td>\n      <\/tr>\n      <tr>\n        <td data-label=\"Quadro sintomatologico\" style=\"background:#ffffff;color:#003366;font-weight:700;text-align:left;vertical-align:top;padding:13px 16px;font-size:15px;line-height:1.55;border:0;overflow-wrap:break-word\">Pustole, croste e noduli dolenti alla pressione intorno ai singoli capelli<\/td>\n        <td data-label=\"Causa probabile\" style=\"background:#ffffff;color:#22303e;font-weight:400;text-align:left;vertical-align:top;padding:13px 16px;font-size:15px;line-height:1.55;border:0;overflow-wrap:break-word\">Follicolite, infiammazione batterica del follicolo<\/td>\n        <td data-label=\"Che cosa aiuta\" style=\"background:#ffffff;color:#22303e;font-weight:400;text-align:left;vertical-align:top;padding:13px 16px;font-size:15px;line-height:1.55;border:0;overflow-wrap:break-word\">Valutazione medica e controllo della glicemia<\/td>\n        <td data-label=\"Quando rivolgersi al medico\" style=\"background:#ffffff;color:#22303e;font-weight:400;text-align:left;vertical-align:top;padding:13px 16px;font-size:15px;line-height:1.55;border:0;overflow-wrap:break-word\">Tempestivamente; subito in caso di febbre o estensione<\/td>\n      <\/tr>\n    <\/tbody>\n  <\/table>\n<\/div>\n\n\n\n<h3 class=\"wp-block-heading\">Quando grattarsi diventa un problema<\/h3>\n\n\n\n<p class=\"wp-block-paragraph\">Grattarsi a lungo lascia escoriazioni, cio\u00e8 lesioni superficiali della pelle. Con una glicemia mal controllata si chiudono pi\u00f9 lentamente e si infettano pi\u00f9 facilmente. Nei casi estremi l&#8217;infiammazione ripetuta porta a una perdita di capelli cicatriziale, e i follicoli persi in modo cicatriziale non tornano.<\/p>\n\n\n\n<p class=\"wp-block-paragraph\">\u00c8 il punto in cui l&#8217;autogestione finisce. Chi si gratta per settimane non deve andare in profumeria, ma dal medico di famiglia o dal dermatologo. Il prurito \u00e8 trattabile, la glicemia \u00e8 la causa che sta dietro, e vanno guardati insieme.<\/p>\n\n\n<div class=\"wp-block-image\">\n<figure class=\"aligncenter size-large is-resized\" style=\"max-width:560px;margin-left:auto;margin-right:auto\"><img decoding=\"async\" src=\"https:\/\/elithair.com\/it\/wp-content\/uploads\/sites\/6\/2026\/08\/kopfhaut_trocken_vergleich.png\" alt=\"Confronto illustrato tra un cuoio capelluto integro e uno secco e irritato in sezione\" class=\"wp-image-107907\" style=\"width:560px;max-width:100%;height:auto\"\/><\/figure>\n<\/div>\n\n\n<h2 class=\"wp-block-heading\">Fattori di rischio per la caduta dei capelli nel diabete<\/h2>\n\n\n\n<p class=\"wp-block-paragraph\">Il diabete pu\u00f2 aumentare sensibilmente il rischio di caduta dei capelli. Quanto la malattia incida sulla salute dei capelli dipende da diversi fattori: contano sia il tipo di diabete sia lo stile di vita, l&#8217;alimentazione, il controllo glicemico e l&#8217;attivit\u00e0 fisica.<\/p>\n\n\n\n<p class=\"wp-block-paragraph\">Il dato pi\u00f9 importante: una metanalisi di 132 studi con 52.501 partecipanti ha riscontrato nel diabete di tipo 2 almeno una carenza di micronutrienti nel 45 per cento dei casi (Mangal et al. 2024). Non tutte le persone con diabete perdono capelli: decisivo \u00e8 l&#8217;insieme di livelli glicemici, durata della malattia, patologie concomitanti e stato nutrizionale.<\/p>\n\n\n\n<ul class=\"wp-block-list\">\n<li><strong>Entit\u00e0 e durata dell&#8217;iperglicemia:<\/strong> pi\u00f9 a lungo l&#8217;HbA1c resta sopra l&#8217;intervallo obiettivo, pi\u00f9 marcate sono microangiopatia, glicazione e infiammazione<\/li>\n<li><strong>Complicanze gi\u00e0 presenti:<\/strong> microangiopatia, neuropatia e nefropatia indicano che i piccoli vasi sono gi\u00e0 coinvolti<\/li>\n<li><strong>Lacune nutrizionali:<\/strong> carenza di vitamina D nel 60,5 per cento, di magnesio nel 42 per cento e di ferro nel 28 per cento delle persone con diabete di tipo 2 (stesso set di dati, Mangal et al. 2024)<\/li>\n<li><strong>Stato della vitamina B12:<\/strong> soprattutto in terapia prolungata con metformina; pi\u00f9 avanti nel capitolo sui farmaci<\/li>\n<li><strong>Circonferenza addominale e peso corporeo:<\/strong> nello studio di Erden la circonferenza addominale era significativamente maggiore in caso di caduta a esordio precoce (p = 0,026)<\/li>\n<li><strong>Fumo:<\/strong> peggiora ulteriormente il microcircolo e si somma al danno vascolare<\/li>\n<li><strong>Malattie tiroidee:<\/strong> soprattutto nel tipo 1; si veda l&#8217;articolo su <a href=\"\/it\/trapianto-capelli-blog\/tiroide-caduta-dei-capelli\/\">caduta dei capelli e tiroide<\/a><\/li>\n<li><strong>Dimagrimento rapido e diete drastiche:<\/strong> sono di per s\u00e9 un fattore scatenante di telogen effluvium, indipendentemente dal diabete<\/li>\n<li><strong>Carenza di sonno e stress cronico:<\/strong> peggiorano la sensibilit\u00e0 insulinica e il controllo glicemico<\/li>\n<li><strong>Et\u00e0 e sesso:<\/strong> determinano se si sovrapponga anche uno schema androgenetico<\/li>\n<\/ul>\n\n\n\n<p class=\"wp-block-paragraph\">Conoscere questi fattori di rischio \u00e8 decisivo per poter intervenire in modo mirato.<\/p>\n\n\n\n<p class=\"wp-block-paragraph\">Sulla frequente preoccupazione per le ipoglicemie: nella letteratura consultata non emerge alcun indizio che singoli episodi ipoglicemici provochino caduta dei capelli. A scatenarla sono i carichi prolungati, cio\u00e8 valori stabilmente alti, forti oscillazioni per mesi o un evento acuto di malattia.<\/p>\n\n\n\n<h3 class=\"wp-block-heading\">Caso particolare del coinvolgimento renale: nefropatia e dialisi<\/h3>\n\n\n\n<p class=\"wp-block-paragraph\">Nella nefropatia diabetica entrano in gioco fattori propri, e allora la caduta dei capelli non \u00e8 pi\u00f9 un tema glicemico, ma renale. L&#8217;anemia \u00e8 una complicanza precoce e frequente della nefropatia diabetica, perch\u00e9 i reni producono troppo poca eritropoietina; si accompagna a una progressione pi\u00f9 rapida fino alla necessit\u00e0 di dialisi.<\/p>\n\n\n\n<p class=\"wp-block-paragraph\">In dialisi aumenta inoltre il rischio di carenze di ferro, zinco, vitamina D e vitamine del gruppo B, tra l&#8217;altro per la perdita proteica e il ridotto assorbimento (informazioni per i pazienti di Kidney Care UK e DaVita). Il prurito associato all&#8217;insufficienza renale riguarda, a seconda dello studio e della definizione, il 10-77 per cento dei pazienti in emodialisi.<\/p>\n\n\n\n<p class=\"wp-block-paragraph\">Chi ha un coinvolgimento renale dovrebbe quindi parlare della caduta dei capelli nell&#8217;ambito del percorso nefrologico e non farla trattare isolatamente come un problema di capelli. Assetto marziale, anemia e vitamina D fanno l\u00ec comunque parte della routine.<\/p>\n\n\n\n<h2 class=\"wp-block-heading\">Diabete di tipo 1 e di tipo 2: differenze nel rischio<\/h2>\n\n\n\n<p class=\"wp-block-paragraph\">Sia nel <a href=\"https:\/\/www.salute.gov.it\/new\/it\/tema\/diabete\/assistenza-alle-persone-con-diabete\/\" target=\"_blank\" rel=\"noopener\">diabete di tipo 1 sia nel tipo 2<\/a> il rischio di perdita di capelli \u00e8 aumentato, ma i meccanismi sono diversi. Il tipo 1 passa per l&#8217;asse autoimmune, il tipo 2 per l&#8217;asse metabolico con l&#8217;insulino-resistenza. Ci\u00f2 che i due condividono sono le conseguenze dell&#8217;iperglicemia.<\/p>\n\n\n\n<ul class=\"wp-block-list\">\n<li><strong>Diabete di tipo 1:<\/strong> \u00e8 una malattia autoimmune in cui il sistema immunitario attacca le cellule del pancreas che producono insulina. Poich\u00e9 il diabete di tipo 1 \u00e8 associato ad altre malattie autoimmuni, come per esempio l&#8217;alopecia areata, il rischio di caduta a chiazze \u00e8 spesso pi\u00f9 alto.<\/li>\n<li><strong>Diabete di tipo 2:<\/strong> il diabete di tipo 2 nasce spesso da un&#8217;insulino-resistenza che si accompagna a squilibri ormonali e disturbi circolatori. Questi fattori possono indebolire i follicoli e portare a capelli diradati in modo diffuso.<\/li>\n<\/ul>\n\n\n\n<style>\n@media (max-width:640px){\n.rt-table-wrap{overflow-x:visible!important;border:0!important;border-radius:0!important}\n.rt-table{min-width:0!important}\n.rt-table thead{display:none}\n.rt-table,.rt-table tbody,.rt-table tr,.rt-table td{display:block;width:100%}\n.rt-table caption{display:block;padding:0 0 12px!important}\n.rt-table tr{margin:0 0 12px;border:1px solid #dbe4f0;border-radius:10px;overflow:hidden}\n.rt-table tr:last-child{margin-bottom:0}\n.rt-table td{display:flex!important;flex-direction:column;gap:3px;padding:12px 14px!important;\nborder:0!important;border-bottom:1px solid #e3e8ef!important;background:#ffffff!important}\n.rt-table tr td:last-child{border-bottom:0!important}\n.rt-table td::before{content:attr(data-label);font-size:12px;font-weight:700;letter-spacing:.04em;\ntext-transform:uppercase;color:#5799F1}\n.rt-table td:not([data-label])::before,.rt-table td[data-label=\"\"]::before{display:none}\n}\n<\/style>\n<div class=\"rt-table-wrap\" style=\"overflow-x:auto;-webkit-overflow-scrolling:touch;margin:28px 0;border:1px solid #dbe4f0;border-radius:12px\">\n  <table class=\"rt-table\" style=\"width:100%;min-width:620px;table-layout:fixed;border-collapse:separate;border-spacing:0;font-size:15px;margin:0\">\n    <caption style=\"caption-side:top;text-align:left;color:#003366;font-weight:700;font-size:16px;line-height:1.35;padding:14px 16px 10px;background:#ffffff\">Tipo 1 e tipo 2 a confronto: assi diversi, stesse conseguenze dell&#8217;iperglicemia<\/caption>\n    <thead>\n      <tr>\n        <th style=\"width:22%;background:#003366;color:#ffffff;font-weight:700;text-align:left;vertical-align:middle;padding:13px 16px;font-size:15px;line-height:1.4;border:0;overflow-wrap:break-word\">Caratteristica<\/th>\n        <th style=\"background:#003366;color:#ffffff;font-weight:700;text-align:left;vertical-align:middle;padding:13px 16px;font-size:15px;line-height:1.4;border:0;overflow-wrap:break-word\">Diabete di tipo 1<\/th>\n        <th style=\"background:#003366;color:#ffffff;font-weight:700;text-align:left;vertical-align:middle;padding:13px 16px;font-size:15px;line-height:1.4;border:0;overflow-wrap:break-word\">Diabete di tipo 2<\/th>\n      <\/tr>\n    <\/thead>\n    <tbody>\n      <tr>\n        <td data-label=\"Caratteristica\" style=\"background:#ffffff;color:#003366;font-weight:700;text-align:left;vertical-align:top;padding:13px 16px;font-size:15px;line-height:1.55;border:0;border-bottom:1px solid #e3e8ef;overflow-wrap:break-word\">Meccanismo di base<\/td>\n        <td data-label=\"Diabete di tipo 1\" style=\"background:#ffffff;color:#22303e;font-weight:400;text-align:left;vertical-align:top;padding:13px 16px;font-size:15px;line-height:1.55;border:0;border-bottom:1px solid #e3e8ef;overflow-wrap:break-word\">Reazione autoimmune contro le beta-cellule che producono insulina, carenza assoluta di insulina<\/td>\n        <td data-label=\"Diabete di tipo 2\" style=\"background:#ffffff;color:#22303e;font-weight:400;text-align:left;vertical-align:top;padding:13px 16px;font-size:15px;line-height:1.55;border:0;border-bottom:1px solid #e3e8ef;overflow-wrap:break-word\">Insulino-resistenza delle cellule dell&#8217;organismo, in seguito anche carenza di insulina<\/td>\n      <\/tr>\n      <tr>\n        <td data-label=\"Caratteristica\" style=\"background:#f6f9fc;color:#003366;font-weight:700;text-align:left;vertical-align:top;padding:13px 16px;font-size:15px;line-height:1.55;border:0;border-bottom:1px solid #e3e8ef;overflow-wrap:break-word\">Quadro tipico dei capelli<\/td>\n        <td data-label=\"Diabete di tipo 1\" style=\"background:#f6f9fc;color:#22303e;font-weight:400;text-align:left;vertical-align:top;padding:13px 16px;font-size:15px;line-height:1.55;border:0;border-bottom:1px solid #e3e8ef;overflow-wrap:break-word\">Diradamento diffuso, con un rischio aumentato di chiazze rotonde nettamente delimitate<\/td>\n        <td data-label=\"Diabete di tipo 2\" style=\"background:#f6f9fc;color:#22303e;font-weight:400;text-align:left;vertical-align:top;padding:13px 16px;font-size:15px;line-height:1.55;border:0;border-bottom:1px solid #e3e8ef;overflow-wrap:break-word\">Prevalentemente diradamento diffuso, spesso sovrapposto a uno schema androgenetico<\/td>\n      <\/tr>\n      <tr>\n        <td data-label=\"Caratteristica\" style=\"background:#ffffff;color:#003366;font-weight:700;text-align:left;vertical-align:top;padding:13px 16px;font-size:15px;line-height:1.55;border:0;border-bottom:1px solid #e3e8ef;overflow-wrap:break-word\">Comorbilit\u00e0 autoimmuni<\/td>\n        <td data-label=\"Diabete di tipo 1\" style=\"background:#ffffff;color:#22303e;font-weight:400;text-align:left;vertical-align:top;padding:13px 16px;font-size:15px;line-height:1.55;border:0;border-bottom:1px solid #e3e8ef;overflow-wrap:break-word\">Tiroidite di Hashimoto o ipotiroidismo nel 16,3 per cento, anticorpi anti-TPO nel 58,6 per cento, anticorpi per la celiachia nel 16,4 per cento (251 adulti, Riad 2018-2019); alopecia areata pi\u00f9 frequente, ma senza un dato di prevalenza affidabile<\/td>\n        <td data-label=\"Diabete di tipo 2\" style=\"background:#ffffff;color:#22303e;font-weight:400;text-align:left;vertical-align:top;padding:13px 16px;font-size:15px;line-height:1.55;border:0;border-bottom:1px solid #e3e8ef;overflow-wrap:break-word\">Nessuna tipica aggregazione autoimmune<\/td>\n      <\/tr>\n      <tr>\n        <td data-label=\"Caratteristica\" style=\"background:#f6f9fc;color:#003366;font-weight:700;text-align:left;vertical-align:top;padding:13px 16px;font-size:15px;line-height:1.55;border:0;border-bottom:1px solid #e3e8ef;overflow-wrap:break-word\">Insulino-resistenza<\/td>\n        <td data-label=\"Diabete di tipo 1\" style=\"background:#f6f9fc;color:#22303e;font-weight:400;text-align:left;vertical-align:top;padding:13px 16px;font-size:15px;line-height:1.55;border:0;border-bottom:1px solid #e3e8ef;overflow-wrap:break-word\">Possibile, ma non \u00e8 il tratto distintivo<\/td>\n        <td data-label=\"Diabete di tipo 2\" style=\"background:#f6f9fc;color:#22303e;font-weight:400;text-align:left;vertical-align:top;padding:13px 16px;font-size:15px;line-height:1.55;border:0;border-bottom:1px solid #e3e8ef;overflow-wrap:break-word\">Tratto distintivo, associato all&#8217;alopecia androgenetica a esordio precoce (Erden et al. 2025)<\/td>\n      <\/tr>\n      <tr>\n        <td data-label=\"Caratteristica\" style=\"background:#ffffff;color:#003366;font-weight:700;text-align:left;vertical-align:top;padding:13px 16px;font-size:15px;line-height:1.55;border:0;border-bottom:1px solid #e3e8ef;overflow-wrap:break-word\">Et\u00e0 tipica all&#8217;esordio<\/td>\n        <td data-label=\"Diabete di tipo 1\" style=\"background:#ffffff;color:#22303e;font-weight:400;text-align:left;vertical-align:top;padding:13px 16px;font-size:15px;line-height:1.55;border:0;border-bottom:1px solid #e3e8ef;overflow-wrap:break-word\">Dall&#8217;infanzia alla giovane et\u00e0 adulta<\/td>\n        <td data-label=\"Diabete di tipo 2\" style=\"background:#ffffff;color:#22303e;font-weight:400;text-align:left;vertical-align:top;padding:13px 16px;font-size:15px;line-height:1.55;border:0;border-bottom:1px solid #e3e8ef;overflow-wrap:break-word\">Perlopi\u00f9 dalla mezza et\u00e0 in poi, sempre pi\u00f9 spesso anche prima<\/td>\n      <\/tr>\n      <tr>\n        <td data-label=\"Caratteristica\" style=\"background:#f6f9fc;color:#003366;font-weight:700;text-align:left;vertical-align:top;padding:13px 16px;font-size:15px;line-height:1.55;border:0;border-bottom:1px solid #e3e8ef;overflow-wrap:break-word\">Leva pi\u00f9 importante per i capelli<\/td>\n        <td data-label=\"Diabete di tipo 1\" style=\"background:#f6f9fc;color:#22303e;font-weight:400;text-align:left;vertical-align:top;padding:13px 16px;font-size:15px;line-height:1.55;border:0;border-bottom:1px solid #e3e8ef;overflow-wrap:break-word\">Controllo glicemico stabile e valutazione delle malattie autoimmuni associate<\/td>\n        <td data-label=\"Diabete di tipo 2\" style=\"background:#f6f9fc;color:#22303e;font-weight:400;text-align:left;vertical-align:top;padding:13px 16px;font-size:15px;line-height:1.55;border:0;border-bottom:1px solid #e3e8ef;overflow-wrap:break-word\">Sensibilit\u00e0 insulinica e glicemia attraverso peso, movimento, alimentazione e terapia<\/td>\n      <\/tr>\n      <tr>\n        <td data-label=\"Caratteristica\" style=\"background:#ffffff;color:#003366;font-weight:700;text-align:left;vertical-align:top;padding:13px 16px;font-size:15px;line-height:1.55;border:0;overflow-wrap:break-word\">Idoneit\u00e0 a un trapianto di capelli<\/td>\n        <td data-label=\"Diabete di tipo 1\" style=\"background:#ffffff;color:#22303e;font-weight:400;text-align:left;vertical-align:top;padding:13px 16px;font-size:15px;line-height:1.55;border:0;overflow-wrap:break-word\">Una questione di compenso e di gestione della glicemia, non un&#8217;esclusione legata al tipo<\/td>\n        <td data-label=\"Diabete di tipo 2\" style=\"background:#ffffff;color:#22303e;font-weight:400;text-align:left;vertical-align:top;padding:13px 16px;font-size:15px;line-height:1.55;border:0;overflow-wrap:break-word\">Una questione di compenso; contano inoltre le patologie concomitanti<\/td>\n      <\/tr>\n    <\/tbody>\n  <\/table>\n<\/div>\n\n\n\n<h3 class=\"wp-block-heading\">Tipo 1: l&#8217;associazione autoimmune<\/h3>\n\n\n\n<p class=\"wp-block-paragraph\">Il diabete di tipo 1 \u00e8 esso stesso una malattia autoimmune e si presenta pi\u00f9 spesso insieme ad altre. Uno studio trasversale su 251 adulti con diabete di tipo 1 ha rilevato tiroidite di Hashimoto o ipotiroidismo nel 16,3 per cento, anticorpi anti-TPO positivi nel 58,6 per cento e anticorpi per la celiachia positivi nel 16,4 per cento dei soggetti testati.<\/p>\n\n\n\n<p class=\"wp-block-paragraph\">L&#8217;alopecia areata \u00e8 una componente riconosciuta della sindrome poliendocrina autoimmune di tipo 2, di cui fa parte anche il diabete autoimmune. Non esiste per\u00f2 un dato di prevalenza affidabile a livello di popolazione per l&#8217; <a href=\"\/it\/trapianto-capelli-blog\/alopecia-areata\/\">alopecia areata<\/a> nel diabete di tipo 1. Le percentuali che circolano in rete non reggono a una verifica delle fonti.<\/p>\n\n\n\n<p class=\"wp-block-paragraph\">In pratica significa: chiazze rotonde e nettamente delimitate nel diabete di tipo 1 vanno valutate dal dermatologo, e la tiroide va controllata insieme. Come le due cose siano collegate \u00e8 spiegato nell&#8217;articolo su <a href=\"\/it\/trapianto-capelli-blog\/tiroide-caduta-dei-capelli\/\">caduta dei capelli e tiroide<\/a>. Per la terapia dell&#8217;alopecia areata valgono le linee guida dermatologiche attuali.<\/p>\n\n\n\n<h3 class=\"wp-block-heading\">Tipo 2: l&#8217;asse metabolico<\/h3>\n\n\n\n<p class=\"wp-block-paragraph\">Nel diabete di tipo 2 al centro c&#8217;\u00e8 l&#8217;insulino-resistenza e, con essa, lo spostamento ormonale che passa per SHBG e testosterone libero. Per questo qui si trova pi\u00f9 spesso la combinazione tra diradamento diffuso e schema androgenetico. Le due forme richiedono risposte diverse, ed \u00e8 ci\u00f2 che rende cos\u00ec importante identificare lo schema.<\/p>\n\n\n\n<p class=\"wp-block-paragraph\">Rilevante in pratica \u00e8 gi\u00e0 lo stadio precedente: l&#8217;associazione tra insulino-resistenza e caduta dei capelli si osserva negli studi anche senza diabete conclamato, cio\u00e8 nel prediabete. Chi ha una caduta diffusa e una circonferenza addominale aumentata pu\u00f2 far controllare il metabolismo anche se l&#8217;HbA1c \u00e8 ancora sotto la soglia diagnostica.<\/p>\n\n\n\n<h3 class=\"wp-block-heading\">Glicemia a lungo termine: l&#8217;importanza di un buon compenso<\/h3>\n\n\n\n<p class=\"wp-block-paragraph\">Livelli stabilmente alti di <a href=\"https:\/\/www.issalute.it\/index.php\/la-salute-dalla-a-alla-z-menu\/i\/iperglicemia\" target=\"_blank\" rel=\"noopener\">glicemia<\/a> danneggiano i vasi sanguigni e compromettono la circolazione, cos\u00ec i follicoli non ricevono pi\u00f9 un apporto sufficiente. Questo indebolisce le radici, assottiglia il capello e ritarda la ricrescita.<\/p>\n\n\n\n<p class=\"wp-block-paragraph\">Inoltre valori glicemici mal controllati favoriscono processi infiammatori che disturbano il ciclo del capello e accentuano la caduta. Un compenso glicemico stabile \u00e8 quindi decisivo non solo per la salute generale, ma anche per capelli forti e sani.<\/p>\n\n\n\n<p class=\"wp-block-paragraph\">In cifre concrete: le linee guida raccomandano per il tipo 2 obiettivi di HbA1c individualizzati, orientativamente tra il 6,5 e il 7,5 per cento, in base a et\u00e0, patologie concomitanti e rischio di ipoglicemia. L&#8217;ADA indica negli Standards of Care 2026 un obiettivo standard sotto il 7 per cento per la maggior parte degli adulti non in gravidanza.<\/p>\n\n\n\n<p class=\"wp-block-paragraph\">Una soglia di HbA1c specifica per i capelli non esiste, e nessuno dovrebbe inventarla. L&#8217;intervallo obiettivo delle linee guida \u00e8 al tempo stesso il miglior riferimento disponibile per tutto ci\u00f2 che dipende dal microcircolo, e il follicolo pilifero ne fa parte.<\/p>\n\n\n\n<h2 class=\"wp-block-heading\">Caduta dei capelli nelle donne con diabete<\/h2>\n\n\n\n<p class=\"wp-block-paragraph\">Nelle donne il collegamento pi\u00f9 frequente tra insulino-resistenza e caduta dei capelli passa per la sindrome dell&#8217;ovaio policistico (PCOS). Riguarda il 4-8 per cento delle donne in et\u00e0 fertile; a seconda dei criteri diagnostici e della popolazione vengono riportati anche valori fino al 25 per cento. Un&#8217;insulino-resistenza \u00e8 presente, secondo gli studi, in circa il 20-70 per cento delle interessate.<\/p>\n\n\n<div class=\"wp-block-image\">\n<figure class=\"aligncenter size-large is-resized\" style=\"max-width:720px;margin-left:auto;margin-right:auto\"><img decoding=\"async\" src=\"https:\/\/elithair.com\/it\/wp-content\/uploads\/sites\/6\/2026\/08\/frau_scheitel_ausduennung.png\" alt=\"Una donna sulla quarantina controlla allo specchio la riga dei capelli che si dirada\" class=\"wp-image-107908\" style=\"width:720px;max-width:100%;height:auto\"\/><\/figure>\n<\/div>\n\n\n<p class=\"wp-block-paragraph\">Importante per l&#8217;autovalutazione: questa insulino-resistenza si presenta indipendentemente dal peso corporeo. Anche donne magre con PCOS possono esserne interessate. Chi, avendo un BMI normale, non si sente chiamata in causa, spesso salta proprio il dato decisivo.<\/p>\n\n\n\n<p class=\"wp-block-paragraph\">Il meccanismo \u00e8 il modello standard della letteratura sulla PCOS e resta un&#8217;ipotesi: livelli alti di insulina aumentano la produzione di androgeni nell&#8217;ovaio e allo stesso tempo abbassano la SHBG. Il testosterone libero sale, sul follicolo agisce pi\u00f9 DHT. In uno studio comparativo l&#8217;alopecia androgenetica era nettamente pi\u00f9 frequente nelle donne con PCOS che nel gruppo di controllo.<\/p>\n\n\n\n<p class=\"wp-block-paragraph\">Il quadro \u00e8 diverso da quello maschile: nelle donne si dirada la sommit\u00e0 del capo lungo la riga, mentre l&#8217;attaccatura frontale resta di solito conservata. Questa distribuzione \u00e8 descritta dalla scala di Ludwig. Le stempiature tipiche degli uomini sono atipiche, mentre una riga che si allarga \u00e8 il sintomo guida.<\/p>\n\n\n\n<p class=\"wp-block-paragraph\">Oltre alla PCOS, nelle donne contano altri fattori: la carenza di ferro dovuta alle mestruazioni, le malattie tiroidee, il riassetto ormonale della <a href=\"\/it\/trapianto-capelli-blog\/caduta-capelli-in-menopausa-cause-e-rimedi\/\">menopausa<\/a> e, dopo una gravidanza, il telogen effluvium post partum. Un diabete gestazionale \u00e8 inoltre un segnale di un successivo rischio di diabete di tipo 2.<\/p>\n\n\n\n<p class=\"wp-block-paragraph\">Utile far misurare: insulina a digiuno e HOMA-IR, testosterone, DHEAS, SHBG, oltre a <a href=\"\/it\/trapianto-capelli-blog\/carenza-di-ferro-caduta-dei-capelli\/\">ferritina<\/a> e TSH. Quali valori vadano prelevati e quando, e che cosa mostrano, \u00e8 spiegato pi\u00f9 avanti nel percorso dei valori. Di pi\u00f9 sullo schema femminile nell&#8217;articolo su caduta dei capelli nelle donne.<\/p>\n\n\n\n<h2 class=\"wp-block-heading\">I farmaci per il diabete come la metformina causano la caduta dei capelli?<\/h2>\n\n\n\n<p class=\"wp-block-paragraph\">La metformina non \u00e8 una causa diretta nota di caduta dei capelli. La perdita di capelli non \u00e8 elencata come effetto indesiderato nelle informazioni sul prodotto e, dopo decenni di uso controllato, non esiste alcuna prova di un effetto diretto sul follicolo. La via secondaria documentata \u00e8 un&#8217;altra: con l&#8217;assunzione prolungata la metformina riduce l&#8217;assorbimento della vitamina B12.<\/p>\n\n\n\n<h3 class=\"wp-block-heading\">Perch\u00e9 la metformina non \u00e8 la colpevole diretta<\/h3>\n\n\n\n<p class=\"wp-block-paragraph\">Che cosa la metformina non fa: non agisce sul follicolo, non accorcia in modo dimostrato la fase di crescita e nei documenti regolatori non \u00e8 associata alla caduta dei capelli. Le avvertenze delle informazioni sul prodotto (per esempio ANSM in Francia e AEMPS in Spagna) citano esclusivamente la vitamina B12, non i capelli.<\/p>\n\n\n\n<p class=\"wp-block-paragraph\">Che cosa la metformina fa: migliora la sensibilit\u00e0 insulinica e agisce quindi esattamente su quello stato metabolico che negli studi risulta associato alla caduta precoce dei capelli. Da questo non si pu\u00f2 dedurre un effetto sulla ricrescita, non esistono studi in merito. Ma il timore immediato, che sia il farmaco il colpevole, non trova conferma.<\/p>\n\n\n\n<h3 class=\"wp-block-heading\">Metformina e vitamina B12: chi \u00e8 interessato e che cosa si misura<\/h3>\n\n\n\n<p class=\"wp-block-paragraph\">L&#8217;agenzia regolatoria britannica MHRA ha classificato nel 2022, in un Drug Safety Update, il basso livello di vitamina B12 come effetto indesiderato comune in caso di assunzione di metformina ad alte dosi o prolungata: ne sarebbe interessata fino a 1 persona su 10. Si raccomanda un monitoraggio periodico della B12 nei pazienti a rischio.<\/p>\n\n\n\n<p class=\"wp-block-paragraph\">I dati degli studi primari variano molto, a seconda del valore soglia e della popolazione: da circa il 2,3 per cento con assunzione breve fino al 36,5 e, in un lavoro, addirittura al 65,7 per cento con uso prolungato. Dati francesi indicano 12,9 contro 5,6 per cento, dati di coorte italiani 5,8 contro 2,4 per cento (odds ratio 2,92). Un&#8217;analisi del programma All of Us ha rilevato negli utilizzatori di lungo periodo un rischio di carenza superiore del 67 per cento.<\/p>\n\n\n\n<p class=\"wp-block-paragraph\">Il rischio cresce con la dose e la durata del trattamento. Si misura il livello di B12 e, nei valori borderline, anche l&#8217;olotranscobalamina o l&#8217;acido metilmalonico. Sono segnali d&#8217;allarme l&#8217;anemia, il formicolio a mani e piedi e i problemi di concentrazione. Il ruolo della B12 per i capelli \u00e8 spiegato nell&#8217;articolo sulle <a href=\"\/it\/trapianto-capelli-blog\/vitamine-caduta-capelli\/\">vitamine contro la caduta dei capelli<\/a>.<\/p>\n\n\n\n<p class=\"wp-block-paragraph\">Decisiva \u00e8 la frase che segue, perch\u00e9 evita l&#8217;errore pi\u00f9 frequente: in caso di carenza di B12 documentata la metformina non si sospende. Le informazioni sul prodotto prevedono di proseguire la terapia e di integrare la carenza. Sospendere o modificare la dose spetta esclusivamente al medico curante.<\/p>\n\n\n\n<h3 class=\"wp-block-heading\">Agonisti del recettore GLP-1: Ozempic, Wegovy e Mounjaro<\/h3>\n\n\n\n<p class=\"wp-block-paragraph\">Con gli agonisti del recettore GLP-1 viene segnalata caduta dei capelli. Il consenso specialistico la spiega in prevalenza come telogen effluvium conseguente al calo di peso rapido e spesso marcato, non come effetto diretto del principio attivo sul follicolo. I dettagli, i dati di segnalazione e la gestione pratica sono nell&#8217;articolo dedicato alla caduta dei capelli con Ozempic.<\/p>\n\n\n\n<h3 class=\"wp-block-heading\">Altri principi attivi nel contesto<\/h3>\n\n\n\n<p class=\"wp-block-paragraph\">Per l&#8217;insulina e gli inibitori SGLT2 questa ricerca non ha trovato dati solidi riferiti specificamente alla caduta dei capelli. Le statine vengono citate occasionalmente negli elenchi generali di effetti indesiderati in relazione alla caduta dei capelli, ma manca un&#8217;evidenza causale robusta. Per gli ormoni tiroidei il legame \u00e8 con la malattia di base, non con il preparato.<\/p>\n\n\n\n<style>\n@media (max-width:640px){\n.rt-table-wrap{overflow-x:visible!important;border:0!important;border-radius:0!important}\n.rt-table{min-width:0!important}\n.rt-table thead{display:none}\n.rt-table,.rt-table tbody,.rt-table tr,.rt-table td{display:block;width:100%}\n.rt-table caption{display:block;padding:0 0 12px!important}\n.rt-table tr{margin:0 0 12px;border:1px solid #dbe4f0;border-radius:10px;overflow:hidden}\n.rt-table tr:last-child{margin-bottom:0}\n.rt-table td{display:flex!important;flex-direction:column;gap:3px;padding:12px 14px!important;\nborder:0!important;border-bottom:1px solid #e3e8ef!important;background:#ffffff!important}\n.rt-table tr td:last-child{border-bottom:0!important}\n.rt-table td::before{content:attr(data-label);font-size:12px;font-weight:700;letter-spacing:.04em;\ntext-transform:uppercase;color:#5799F1}\n.rt-table td:not([data-label])::before,.rt-table td[data-label=\"\"]::before{display:none}\n}\n<\/style>\n<div class=\"rt-table-wrap\" style=\"overflow-x:auto;-webkit-overflow-scrolling:touch;margin:28px 0;border:1px solid #dbe4f0;border-radius:12px\">\n  <table class=\"rt-table\" style=\"width:100%;min-width:660px;table-layout:fixed;border-collapse:separate;border-spacing:0;font-size:15px;margin:0\">\n    <caption style=\"caption-side:top;text-align:left;color:#003366;font-weight:700;font-size:16px;line-height:1.35;padding:14px 16px 10px;background:#ffffff\">Farmaci per il diabete e capelli: che cosa \u00e8 documentato, che cosa no e che cosa ne consegue<\/caption>\n    <thead>\n      <tr>\n        <th style=\"width:22%;background:#003366;color:#ffffff;font-weight:700;text-align:left;vertical-align:middle;padding:13px 16px;font-size:15px;line-height:1.4;border:0;overflow-wrap:break-word\">Classe di farmaci<\/th>\n        <th style=\"background:#003366;color:#ffffff;font-weight:700;text-align:left;vertical-align:middle;padding:13px 16px;font-size:15px;line-height:1.4;border:0;overflow-wrap:break-word\">Legame documentato con la caduta dei capelli<\/th>\n        <th style=\"background:#003366;color:#ffffff;font-weight:700;text-align:left;vertical-align:middle;padding:13px 16px;font-size:15px;line-height:1.4;border:0;overflow-wrap:break-word\">Meccanismo<\/th>\n        <th style=\"background:#003366;color:#ffffff;font-weight:700;text-align:left;vertical-align:middle;padding:13px 16px;font-size:15px;line-height:1.4;border:0;overflow-wrap:break-word\">Che cosa fare<\/th>\n      <\/tr>\n    <\/thead>\n    <tbody>\n      <tr>\n        <td data-label=\"Classe di farmaci\" style=\"background:#ffffff;color:#003366;font-weight:700;text-align:left;vertical-align:top;padding:13px 16px;font-size:15px;line-height:1.55;border:0;border-bottom:1px solid #e3e8ef;overflow-wrap:break-word\">Metformina<\/td>\n        <td data-label=\"Legame documentato con la caduta dei capelli\" style=\"background:#ffffff;color:#22303e;font-weight:400;text-align:left;vertical-align:top;padding:13px 16px;font-size:15px;line-height:1.55;border:0;border-bottom:1px solid #e3e8ef;overflow-wrap:break-word\">Nessun legame diretto documentato, non elencata come effetto indesiderato nelle informazioni sul prodotto<\/td>\n        <td data-label=\"Meccanismo\" style=\"background:#ffffff;color:#22303e;font-weight:400;text-align:left;vertical-align:top;padding:13px 16px;font-size:15px;line-height:1.55;border:0;border-bottom:1px solid #e3e8ef;overflow-wrap:break-word\">Indiretto, attraverso un ridotto assorbimento della vitamina B12 con l&#8217;assunzione prolungata (fino a 1 persona su 10, MHRA 2022)<\/td>\n        <td data-label=\"Che cosa fare\" style=\"background:#ffffff;color:#22303e;font-weight:400;text-align:left;vertical-align:top;padding:13px 16px;font-size:15px;line-height:1.55;border:0;border-bottom:1px solid #e3e8ef;overflow-wrap:break-word\">Far controllare nel tempo il livello di B12, integrare in caso di carenza, non modificare la terapia di propria iniziativa<\/td>\n      <\/tr>\n      <tr>\n        <td data-label=\"Classe di farmaci\" style=\"background:#f6f9fc;color:#003366;font-weight:700;text-align:left;vertical-align:top;padding:13px 16px;font-size:15px;line-height:1.55;border:0;border-bottom:1px solid #e3e8ef;overflow-wrap:break-word\">Agonisti del recettore GLP-1 (semaglutide, tirzepatide)<\/td>\n        <td data-label=\"Legame documentato con la caduta dei capelli\" style=\"background:#f6f9fc;color:#22303e;font-weight:400;text-align:left;vertical-align:top;padding:13px 16px;font-size:15px;line-height:1.55;border:0;border-bottom:1px solid #e3e8ef;overflow-wrap:break-word\">La caduta dei capelli viene segnalata, in prevalenza come conseguenza del calo di peso rapido<\/td>\n        <td data-label=\"Meccanismo\" style=\"background:#f6f9fc;color:#22303e;font-weight:400;text-align:left;vertical-align:top;padding:13px 16px;font-size:15px;line-height:1.55;border:0;border-bottom:1px solid #e3e8ef;overflow-wrap:break-word\">Telogen effluvium dopo una forte perdita di peso, nessun effetto diretto documentato sul follicolo<\/td>\n        <td data-label=\"Che cosa fare\" style=\"background:#f6f9fc;color:#22303e;font-weight:400;text-align:left;vertical-align:top;padding:13px 16px;font-size:15px;line-height:1.55;border:0;border-bottom:1px solid #e3e8ef;overflow-wrap:break-word\">Garantire l&#8217;apporto di proteine e micronutrienti, discutere con il medico la velocit\u00e0 del dimagrimento<\/td>\n      <\/tr>\n      <tr>\n        <td data-label=\"Classe di farmaci\" style=\"background:#ffffff;color:#003366;font-weight:700;text-align:left;vertical-align:top;padding:13px 16px;font-size:15px;line-height:1.55;border:0;border-bottom:1px solid #e3e8ef;overflow-wrap:break-word\">Insulina<\/td>\n        <td data-label=\"Legame documentato con la caduta dei capelli\" style=\"background:#ffffff;color:#22303e;font-weight:400;text-align:left;vertical-align:top;padding:13px 16px;font-size:15px;line-height:1.55;border:0;border-bottom:1px solid #e3e8ef;overflow-wrap:break-word\">Nessun legame documentato<\/td>\n        <td data-label=\"Meccanismo\" style=\"background:#ffffff;color:#22303e;font-weight:400;text-align:left;vertical-align:top;padding:13px 16px;font-size:15px;line-height:1.55;border:0;border-bottom:1px solid #e3e8ef;overflow-wrap:break-word\">Non applicabile<\/td>\n        <td data-label=\"Che cosa fare\" style=\"background:#ffffff;color:#22303e;font-weight:400;text-align:left;vertical-align:top;padding:13px 16px;font-size:15px;line-height:1.55;border:0;border-bottom:1px solid #e3e8ef;overflow-wrap:break-word\">Nessuna misura specifica; resta decisiva la qualit\u00e0 del compenso glicemico<\/td>\n      <\/tr>\n      <tr>\n        <td data-label=\"Classe di farmaci\" style=\"background:#f6f9fc;color:#003366;font-weight:700;text-align:left;vertical-align:top;padding:13px 16px;font-size:15px;line-height:1.55;border:0;border-bottom:1px solid #e3e8ef;overflow-wrap:break-word\">Inibitori SGLT2<\/td>\n        <td data-label=\"Legame documentato con la caduta dei capelli\" style=\"background:#f6f9fc;color:#22303e;font-weight:400;text-align:left;vertical-align:top;padding:13px 16px;font-size:15px;line-height:1.55;border:0;border-bottom:1px solid #e3e8ef;overflow-wrap:break-word\">Nessun legame documentato<\/td>\n        <td data-label=\"Meccanismo\" style=\"background:#f6f9fc;color:#22303e;font-weight:400;text-align:left;vertical-align:top;padding:13px 16px;font-size:15px;line-height:1.55;border:0;border-bottom:1px solid #e3e8ef;overflow-wrap:break-word\">Non applicabile<\/td>\n        <td data-label=\"Che cosa fare\" style=\"background:#f6f9fc;color:#22303e;font-weight:400;text-align:left;vertical-align:top;padding:13px 16px;font-size:15px;line-height:1.55;border:0;border-bottom:1px solid #e3e8ef;overflow-wrap:break-word\">Nessuna misura specifica<\/td>\n      <\/tr>\n      <tr>\n        <td data-label=\"Classe di farmaci\" style=\"background:#ffffff;color:#003366;font-weight:700;text-align:left;vertical-align:top;padding:13px 16px;font-size:15px;line-height:1.55;border:0;border-bottom:1px solid #e3e8ef;overflow-wrap:break-word\">Statine<\/td>\n        <td data-label=\"Legame documentato con la caduta dei capelli\" style=\"background:#ffffff;color:#22303e;font-weight:400;text-align:left;vertical-align:top;padding:13px 16px;font-size:15px;line-height:1.55;border:0;border-bottom:1px solid #e3e8ef;overflow-wrap:break-word\">Nessun legame documentato in modo robusto, citato occasionalmente negli elenchi generali di effetti indesiderati<\/td>\n        <td data-label=\"Meccanismo\" style=\"background:#ffffff;color:#22303e;font-weight:400;text-align:left;vertical-align:top;padding:13px 16px;font-size:15px;line-height:1.55;border:0;border-bottom:1px solid #e3e8ef;overflow-wrap:break-word\">Nessuna spiegazione accertata<\/td>\n        <td data-label=\"Che cosa fare\" style=\"background:#ffffff;color:#22303e;font-weight:400;text-align:left;vertical-align:top;padding:13px 16px;font-size:15px;line-height:1.55;border:0;border-bottom:1px solid #e3e8ef;overflow-wrap:break-word\">In caso di sospetto far valutare dal medico, mai sospendere di propria iniziativa<\/td>\n      <\/tr>\n      <tr>\n        <td data-label=\"Classe di farmaci\" style=\"background:#f6f9fc;color:#003366;font-weight:700;text-align:left;vertical-align:top;padding:13px 16px;font-size:15px;line-height:1.55;border:0;overflow-wrap:break-word\">Ormoni tiroidei<\/td>\n        <td data-label=\"Legame documentato con la caduta dei capelli\" style=\"background:#f6f9fc;color:#22303e;font-weight:400;text-align:left;vertical-align:top;padding:13px 16px;font-size:15px;line-height:1.55;border:0;overflow-wrap:break-word\">Il legame passa per la funzione tiroidea, non per il preparato<\/td>\n        <td data-label=\"Meccanismo\" style=\"background:#f6f9fc;color:#22303e;font-weight:400;text-align:left;vertical-align:top;padding:13px 16px;font-size:15px;line-height:1.55;border:0;overflow-wrap:break-word\">Ipotiroidismo e ipertiroidismo disturbano il ciclo del capello; all&#8217;inizio della terapia \u00e8 descritto uno shedding iniziale<\/td>\n        <td data-label=\"Che cosa fare\" style=\"background:#f6f9fc;color:#22303e;font-weight:400;text-align:left;vertical-align:top;padding:13px 16px;font-size:15px;line-height:1.55;border:0;overflow-wrap:break-word\">Controllare il TSH, far adattare la dose dal medico<\/td>\n      <\/tr>\n    <\/tbody>\n  <\/table>\n<\/div>\n\n\n\n<p class=\"wp-block-paragraph\">Una frase come regola per tutto il capitolo: nessun farmaco per il diabete va sospeso di propria iniziativa a causa della caduta dei capelli. Per i capelli la glicemia \u00e8 il fattore pi\u00f9 forte, e un metabolismo fuori controllo costa pi\u00f9 capelli di uno qualsiasi di questi preparati.<\/p>\n\n\n\n<h2 class=\"wp-block-heading\">Lo stile di vita come fattore<\/h2>\n\n\n\n<figure class=\"wp-block-image size-full\"><img decoding=\"async\" src=\"https:\/\/elithair.com\/it\/wp-content\/uploads\/sites\/6\/2026\/08\/bestand_97302.png\" alt=\"Il lato sinistro dell'immagine mostra una selezione di alimenti poco sani, il lato destro alimenti sani\" class=\"wp-image-107917\"\/><\/figure>\n\n\n\n<p class=\"wp-block-paragraph\">Uno stile di vita poco sano pu\u00f2 accentuare la caduta dei capelli nel diabete, perch\u00e9 destabilizza i valori glicemici e compromette l&#8217;apporto di nutrienti ai follicoli. Un&#8217;alimentazione squilibrata, con troppo zucchero e troppi alimenti processati, pu\u00f2 portare a carenze di ferro, zinco o biotina, elementi essenziali per capelli sani.<\/p>\n\n\n\n<p class=\"wp-block-paragraph\">Anche lo stress cronico agisce negativamente sul ciclo del capello e pu\u00f2 accelerare la caduta. L&#8217;attivit\u00e0 fisica regolare migliora la circolazione, stabilizza la glicemia e sostiene la crescita dei capelli. La raccomandazione standard \u00e8 di 150 minuti a settimana di attivit\u00e0 aerobica moderata, integrata da esercizi di forza.<\/p>\n\n\n\n<p class=\"wp-block-paragraph\">Con adeguamenti mirati di alimentazione, movimento e gestione dello stress la <strong>caduta dei capelli nel diabete<\/strong> si riduce spesso in modo netto. L&#8217;effetto passa per il metabolismo e non direttamente per la radice del capello, e richiede quindi la stessa pazienza del ciclo del capello.<\/p>\n\n\n\n<h3 class=\"wp-block-heading\">Low carb, chetogenica e dimagrimento rapido: il fattore scatenante trascurato<\/h3>\n\n\n\n<p class=\"wp-block-paragraph\">Una situazione molto frequente viene raramente nominata: chi cambia radicalmente alimentazione perde spesso molto peso in pochi mesi e 2-3 mesi dopo va incontro a una caduta di capelli evidente. In quel caso il fattore scatenante non \u00e8 il diabete, ma il cambiamento, e la caduta \u00e8 reversibile.<\/p>\n\n\n\n<p class=\"wp-block-paragraph\">In letteratura si discutono come soglie di rischio per un telogen effluvium una perdita di circa il 15 per cento della massa corporea o pi\u00f9 di 3,5 chilogrammi al mese. Queste cifre provengono da fonti secondarie e sono un orientamento pratico, non un limite netto. Dopo la stabilizzazione il recupero richiede di solito 6-9 mesi.<\/p>\n\n\n\n<p class=\"wp-block-paragraph\">A scatenarla non \u00e8 il tipo di dieta, ma il deficit: troppe poche calorie, troppe poche proteine, troppo poco ferro e zinco. La conseguenza giusta non \u00e8 quindi tornare indietro sul cambiamento alimentare, ma: garantire l&#8217;apporto proteico, far controllare i micronutrienti e rallentare la velocit\u00e0 del dimagrimento.<\/p>\n\n\n\n<h2 class=\"wp-block-heading\">La caduta dei capelli pu\u00f2 essere un segnale precoce di diabete?<\/h2>\n\n\n\n<p class=\"wp-block-paragraph\">La caduta dei capelli pu\u00f2 essere un indizio di un diabete non diagnosticato, soprattutto in combinazione con altri sintomi. Il disturbo metabolico compromette la circolazione e quindi l&#8217;apporto ai follicoli. Questo indebolisce le radici e pu\u00f2 portare a capelli pi\u00f9 sottili o a una caduta pi\u00f9 marcata.<\/p>\n\n\n\n<p class=\"wp-block-paragraph\">\u00c8 un punto pi\u00f9 rilevante di quanto sembri: una quota consistente dei casi di diabete resta a lungo non diagnosticata, perch\u00e9 all&#8217;inizio i disturbi sono sfumati e passano inosservati.<\/p>\n\n\n\n<p class=\"wp-block-paragraph\">Un diabete non riconosciuto si manifesta spesso in modo insidioso: oltre alla perdita di capelli possono comparire pelle secca, guarigione lenta delle ferite o stanchezza persistente. Si aggiungono sete intensa, minzione frequente, disturbi della vista e calo di peso non voluto. Se si aggiunge una caduta diffusa, va controllata la glicemia e non cambiato lo shampoo.<\/p>\n\n\n\n<p class=\"wp-block-paragraph\">Per questo esistono tre esami: l&#8217;HbA1c mostra il valore a lungo termine delle ultime 8-12 settimane, la glicemia a digiuno un&#8217;istantanea, la curva da carico orale di glucosio la risposta a una quantit\u00e0 definita di zucchero. Un valore di HbA1c pari o superiore al 6,5 per cento \u00e8 considerato a livello internazionale un criterio diagnostico.<\/p>\n\n\n\n<h3 class=\"wp-block-heading\">Perch\u00e9 una diagnosi precoce \u00e8 decisiva<\/h3>\n\n\n\n<p class=\"wp-block-paragraph\">Prima la malattia viene riconosciuta, meglio si stabilizzano i valori glicemici e si evitano danni a vasi, nervi e follicoli. Un trattamento tempestivo pu\u00f2 ridurre la caduta dei capelli e sostenerne la crescita.<\/p>\n\n\n\n<p class=\"wp-block-paragraph\">Per i capelli significa concretamente: una caduta diffusa di origine metabolica pu\u00f2 regredire. Un&#8217;area cicatriziale o danneggiata da una microangiopatia avanzata, invece, non lo fa nella stessa misura.<\/p>\n\n\n\n<p class=\"wp-block-paragraph\">Se il problema compare insieme a pelle secca, stanchezza o guarigione lenta delle ferite, va valutato dal medico. Un semplice esame del sangue chiarisce rapidamente la situazione. Non aspetti: una diagnosi precoce non protegge solo i capelli, ma anche la salute. Chi non sa da dove cominciare trova nell&#8217;articolo <a href=\"\/it\/trapianto-capelli-blog\/come-si-chiama-il-medico-che-cura-i-capelli\/\">caduta dei capelli: quale medico consultare<\/a> l&#8217;indicazione delle competenze.<\/p>\n\n\n\n<h2 class=\"wp-block-heading\">Prevenzione: come evitare la caduta dei capelli nel diabete?<\/h2>\n\n\n\n<p class=\"wp-block-paragraph\">La prevenzione della caduta dei capelli comincia da una gestione consapevole del diabete e dalla cura della salute generale. Con misure mirate il rischio di perdita di capelli si riduce sensibilmente e la crescita di capelli sani si sostiene a lungo termine: cos\u00ec \u00e8 possibile <strong>fermare la caduta dei capelli da diabete<\/strong>.<\/p>\n\n\n\n<p class=\"wp-block-paragraph\">La domanda se la caduta dei capelli da diabete si possa fermare ha una risposta onesta: la quota diffusa, di origine metabolica, \u00e8 reversibile; una quota androgenetica ne resta invece indipendente e richiede un trattamento proprio.<\/p>\n\n\n\n<h3 class=\"wp-block-heading\">Gestione della glicemia: la base per capelli sani<\/h3>\n\n\n\n<p class=\"wp-block-paragraph\">Una glicemia ben compensata \u00e8 decisiva per prevenire la caduta dei capelli nel diabete. Valori alti danneggiano i vasi, riducono l&#8217;apporto di nutrienti ai follicoli e favoriscono la perdita di capelli.<\/p>\n\n\n\n<p class=\"wp-block-paragraph\">Un <a href=\"https:\/\/www.issalute.it\/index.php\/la-salute-dalla-a-alla-z-menu\/a\/analisi-cliniche\/emoglobina-glicata\" target=\"_blank\" rel=\"noopener\">valore di HbA1c<\/a> stabile, nell&#8217;intervallo di circa 6,5-7,5 per cento indicato dalle linee guida, mantiene l&#8217;irrorazione delle radici nelle migliori condizioni possibili. Misurazioni regolari della glicemia e una terapia adattata d&#8217;intesa con il medico aiutano a evitare complicanze e a sostenere la crescita dei capelli.<\/p>\n\n\n<div class=\"wp-block-image\">\n<figure class=\"aligncenter size-large is-resized\" style=\"max-width:720px;margin-left:auto;margin-right:auto\"><img decoding=\"async\" src=\"https:\/\/elithair.com\/it\/wp-content\/uploads\/sites\/6\/2026\/08\/blutzucker_alltag_messung.png\" alt=\"Un uomo controlla al tavolo della colazione il sensore per il glucosio applicato sul braccio\" class=\"wp-image-107909\" style=\"width:720px;max-width:100%;height:auto\"\/><\/figure>\n<\/div>\n\n\n<h3 class=\"wp-block-heading\">Controlli medici regolari: riconoscere per tempo i problemi<\/h3>\n\n\n\n<p class=\"wp-block-paragraph\">Il diabete pu\u00f2 portare con s\u00e9 molte manifestazioni associate. Controlli medici regolari permettono di riconoscere per tempo problemi come carenze nutrizionali, cambiamenti ormonali o disturbi circolatori e di trattarli in modo mirato. Il tema della caduta dei capelli va sollevato attivamente: alla visita diabetologica spesso non emerge.<\/p>\n\n\n\n<p class=\"wp-block-paragraph\">Un controllo generale completo, che comprenda esami del sangue e la valutazione del cuoio capelluto, aiuta a contenere per tempo la perdita di capelli e a favorire la salute dei follicoli. In caso di neuropatia rientra nel controllo anche la ricerca di piccole lesioni non avvertite, perch\u00e9 altrimenti da l\u00ec nascono un&#8217;infiammazione e, nel peggiore dei casi, una perdita di capelli cicatriziale.<\/p>\n\n\n\n<h3 class=\"wp-block-heading\">Uno stile di vita sano: la chiave della prevenzione<\/h3>\n\n\n\n<p class=\"wp-block-paragraph\">Uno stile di vita sano sostiene ulteriormente i capelli. Il movimento regolare migliora la circolazione e porta nutrienti alle radici. Gi\u00e0 una passeggiata quotidiana o un allenamento leggero favoriscono la crescita dei capelli.<\/p>\n\n\n\n<p class=\"wp-block-paragraph\">Conta anche l&#8217;alimentazione: rinunciare a zucchero e alimenti molto processati aiuta a mantenere la glicemia stabile. Il fumo peggiora la circolazione e accentua la perdita di capelli: smettere \u00e8 quindi il punto sottovalutato con il maggiore beneficio vascolare.<\/p>\n\n\n\n<h3 class=\"wp-block-heading\">Quando ricrescono i capelli?<\/h3>\n\n\n\n<p class=\"wp-block-paragraph\">In una caduta diffusa di origine metabolica, un telogen effluvium acuto regredisce spontaneamente in circa il 95 per cento dei casi, non appena la causa scatenante viene rimossa (StatPearls). I tempi sono dettati dal ciclo del capello e non si possono accorciare, nemmeno con integratori.<\/p>\n\n\n\n<style>\n@media (max-width:640px){\n.rt-table-wrap{overflow-x:visible!important;border:0!important;border-radius:0!important}\n.rt-table{min-width:0!important}\n.rt-table thead{display:none}\n.rt-table,.rt-table tbody,.rt-table tr,.rt-table td{display:block;width:100%}\n.rt-table caption{display:block;padding:0 0 12px!important}\n.rt-table tr{margin:0 0 12px;border:1px solid #dbe4f0;border-radius:10px;overflow:hidden}\n.rt-table tr:last-child{margin-bottom:0}\n.rt-table td{display:flex!important;flex-direction:column;gap:3px;padding:12px 14px!important;\nborder:0!important;border-bottom:1px solid #e3e8ef!important;background:#ffffff!important}\n.rt-table tr td:last-child{border-bottom:0!important}\n.rt-table td::before{content:attr(data-label);font-size:12px;font-weight:700;letter-spacing:.04em;\ntext-transform:uppercase;color:#5799F1}\n.rt-table td:not([data-label])::before,.rt-table td[data-label=\"\"]::before{display:none}\n}\n<\/style>\n<div class=\"rt-table-wrap\" style=\"overflow-x:auto;-webkit-overflow-scrolling:touch;margin:28px 0;border:1px solid #dbe4f0;border-radius:12px\">\n  <table class=\"rt-table\" style=\"width:100%;min-width:620px;table-layout:fixed;border-collapse:separate;border-spacing:0;font-size:15px;margin:0\">\n    <caption style=\"caption-side:top;text-align:left;color:#003366;font-weight:700;font-size:16px;line-height:1.35;padding:14px 16px 10px;background:#ffffff\">Sequenza temporale nella caduta diffusa di origine metabolica. Non vale per la caduta androgenetica n\u00e9 per quella cicatriziale.<\/caption>\n    <thead>\n      <tr>\n        <th style=\"width:22%;background:#003366;color:#ffffff;font-weight:700;text-align:left;vertical-align:middle;padding:13px 16px;font-size:15px;line-height:1.4;border:0;overflow-wrap:break-word\">Periodo<\/th>\n        <th style=\"background:#003366;color:#ffffff;font-weight:700;text-align:left;vertical-align:middle;padding:13px 16px;font-size:15px;line-height:1.4;border:0;overflow-wrap:break-word\">Che cosa succede nell&#8217;organismo<\/th>\n        <th style=\"background:#003366;color:#ffffff;font-weight:700;text-align:left;vertical-align:middle;padding:13px 16px;font-size:15px;line-height:1.4;border:0;overflow-wrap:break-word\">Che cosa si osserva<\/th>\n      <\/tr>\n    <\/thead>\n    <tbody>\n      <tr>\n        <td data-label=\"Periodo\" style=\"background:#ffffff;color:#003366;font-weight:700;text-align:left;vertical-align:top;padding:13px 16px;font-size:15px;line-height:1.55;border:0;border-bottom:1px solid #e3e8ef;overflow-wrap:break-word\">Mese 1-2<\/td>\n        <td data-label=\"Che cosa succede nell'organismo\" style=\"background:#ffffff;color:#22303e;font-weight:400;text-align:left;vertical-align:top;padding:13px 16px;font-size:15px;line-height:1.55;border:0;border-bottom:1px solid #e3e8ef;overflow-wrap:break-word\">La causa scatenante \u00e8 alle spalle, la glicemia si stabilizza, meno follicoli entrano ex novo in fase di riposo<\/td>\n        <td data-label=\"Che cosa si osserva\" style=\"background:#ffffff;color:#22303e;font-weight:400;text-align:left;vertical-align:top;padding:13px 16px;font-size:15px;line-height:1.55;border:0;border-bottom:1px solid #e3e8ef;overflow-wrap:break-word\">La caduta rallenta lentamente, si raccolgono meno capelli nella spazzola e nello scarico<\/td>\n      <\/tr>\n      <tr>\n        <td data-label=\"Periodo\" style=\"background:#f6f9fc;color:#003366;font-weight:700;text-align:left;vertical-align:top;padding:13px 16px;font-size:15px;line-height:1.55;border:0;border-bottom:1px solid #e3e8ef;overflow-wrap:break-word\">Mese 3-4<\/td>\n        <td data-label=\"Che cosa succede nell'organismo\" style=\"background:#f6f9fc;color:#22303e;font-weight:400;text-align:left;vertical-align:top;padding:13px 16px;font-size:15px;line-height:1.55;border:0;border-bottom:1px solid #e3e8ef;overflow-wrap:break-word\">I follicoli rientrano in numero crescente nella fase di crescita (anagen)<\/td>\n        <td data-label=\"Che cosa si osserva\" style=\"background:#f6f9fc;color:#22303e;font-weight:400;text-align:left;vertical-align:top;padding:13px 16px;font-size:15px;line-height:1.55;border:0;border-bottom:1px solid #e3e8ef;overflow-wrap:break-word\">La caduta \u00e8 nettamente minore, sulla densit\u00e0 non si vede ancora nulla<\/td>\n      <\/tr>\n      <tr>\n        <td data-label=\"Periodo\" style=\"background:#ffffff;color:#003366;font-weight:700;text-align:left;vertical-align:top;padding:13px 16px;font-size:15px;line-height:1.55;border:0;border-bottom:1px solid #e3e8ef;overflow-wrap:break-word\">Mese 5-6<\/td>\n        <td data-label=\"Che cosa succede nell'organismo\" style=\"background:#ffffff;color:#22303e;font-weight:400;text-align:left;vertical-align:top;padding:13px 16px;font-size:15px;line-height:1.55;border:0;border-bottom:1px solid #e3e8ef;overflow-wrap:break-word\">Crescono capelli nuovi; nella maggior parte dei casi un telogen effluvium acuto \u00e8 considerato risolto<\/td>\n        <td data-label=\"Che cosa si osserva\" style=\"background:#ffffff;color:#22303e;font-weight:400;text-align:left;vertical-align:top;padding:13px 16px;font-size:15px;line-height:1.55;border:0;border-bottom:1px solid #e3e8ef;overflow-wrap:break-word\">Capelli corti e sottili lungo la riga e l&#8217;attaccatura, i capelli appaiono di nuovo pi\u00f9 folti alle radici<\/td>\n      <\/tr>\n      <tr>\n        <td data-label=\"Periodo\" style=\"background:#f6f9fc;color:#003366;font-weight:700;text-align:left;vertical-align:top;padding:13px 16px;font-size:15px;line-height:1.55;border:0;overflow-wrap:break-word\">Mese 9-12<\/td>\n        <td data-label=\"Che cosa succede nell'organismo\" style=\"background:#f6f9fc;color:#22303e;font-weight:400;text-align:left;vertical-align:top;padding:13px 16px;font-size:15px;line-height:1.55;border:0;overflow-wrap:break-word\">I capelli nuovi raggiungono lunghezza e calibro, il ciclo recupera la fase di riposo spostata<\/td>\n        <td data-label=\"Che cosa si osserva\" style=\"background:#f6f9fc;color:#22303e;font-weight:400;text-align:left;vertical-align:top;padding:13px 16px;font-size:15px;line-height:1.55;border:0;overflow-wrap:break-word\">Aumento visibile della densit\u00e0; la densit\u00e0 piena pu\u00f2 richiedere in singoli casi 12-18 mesi<\/td>\n      <\/tr>\n    <\/tbody>\n  <\/table>\n<\/div>\n\n\n\n<p class=\"wp-block-paragraph\">Due limiti vanno detti: se la glicemia resta alta, i tempi si spostano in avanti, perch\u00e9 la causa continua ad agire. E una quota androgenetica non ricresce con il resto, anzi progredisce lentamente se non trattata a parte.<\/p>\n\n\n\n<h2 class=\"wp-block-heading\">Come dovrebbero procedere le persone interessate?<\/h2>\n\n\n\n<p class=\"wp-block-paragraph\">La caduta dei capelli nel diabete pesa, ma con la strategia giusta si pu\u00f2 spesso ridurre. Decisivo \u00e8 un compenso glicemico stabile, perch\u00e9 migliora la circolazione e assicura ai follicoli l&#8217;apporto ottimale.<\/p>\n\n\n\n<p class=\"wp-block-paragraph\">Controlli medici regolari e una terapia adattata aiutano a evitare danni a lungo termine a vasi e radici. In combinazione con una cura mirata e uno stile di vita sano \u00e8 possibile sostenere la crescita dei capelli.<\/p>\n\n\n\n<p class=\"wp-block-paragraph\">Il primo passo non \u00e8 quindi un prodotto, ma un appuntamento con i valori di laboratorio giusti. Questi otto valori chiariscono nella maggior parte dei casi se dietro la caduta dei capelli ci siano il metabolismo, una carenza, la tiroide o una causa ormonale. Porti la lista con s\u00e9 al colloquio.<\/p>\n\n\n\n<style>\n@media (max-width:640px){\n.rt-table-wrap{overflow-x:visible!important;border:0!important;border-radius:0!important}\n.rt-table{min-width:0!important}\n.rt-table thead{display:none}\n.rt-table,.rt-table tbody,.rt-table tr,.rt-table td{display:block;width:100%}\n.rt-table caption{display:block;padding:0 0 12px!important}\n.rt-table tr{margin:0 0 12px;border:1px solid #dbe4f0;border-radius:10px;overflow:hidden}\n.rt-table tr:last-child{margin-bottom:0}\n.rt-table td{display:flex!important;flex-direction:column;gap:3px;padding:12px 14px!important;\nborder:0!important;border-bottom:1px solid #e3e8ef!important;background:#ffffff!important}\n.rt-table tr td:last-child{border-bottom:0!important}\n.rt-table td::before{content:attr(data-label);font-size:12px;font-weight:700;letter-spacing:.04em;\ntext-transform:uppercase;color:#5799F1}\n.rt-table td:not([data-label])::before,.rt-table td[data-label=\"\"]::before{display:none}\n}\n<\/style>\n<div class=\"rt-table-wrap\" style=\"overflow-x:auto;-webkit-overflow-scrolling:touch;margin:28px 0;border:1px solid #dbe4f0;border-radius:12px\">\n  <table class=\"rt-table\" style=\"width:100%;min-width:700px;table-layout:fixed;border-collapse:separate;border-spacing:0;font-size:15px;margin:0\">\n    <caption style=\"caption-side:top;text-align:left;color:#003366;font-weight:700;font-size:16px;line-height:1.35;padding:14px 16px 10px;background:#ffffff\">Il percorso per la visita medica: questi otto valori chiariscono la causa<\/caption>\n    <thead>\n      <tr>\n        <th style=\"width:20%;background:#003366;color:#ffffff;font-weight:700;text-align:left;vertical-align:middle;padding:13px 16px;font-size:15px;line-height:1.4;border:0;overflow-wrap:break-word\">Valore<\/th>\n        <th style=\"background:#003366;color:#ffffff;font-weight:700;text-align:left;vertical-align:middle;padding:13px 16px;font-size:15px;line-height:1.4;border:0;overflow-wrap:break-word\">Perch\u00e9 \u00e8 rilevante nel diabete e nella caduta dei capelli<\/th>\n        <th style=\"background:#003366;color:#ffffff;font-weight:700;text-align:left;vertical-align:middle;padding:13px 16px;font-size:15px;line-height:1.4;border:0;overflow-wrap:break-word\">Orientamento<\/th>\n        <th style=\"background:#003366;color:#ffffff;font-weight:700;text-align:left;vertical-align:middle;padding:13px 16px;font-size:15px;line-height:1.4;border:0;overflow-wrap:break-word\">A digiuno?<\/th>\n        <th style=\"background:#003366;color:#ffffff;font-weight:700;text-align:left;vertical-align:middle;padding:13px 16px;font-size:15px;line-height:1.4;border:0;overflow-wrap:break-word\">Chi lo misura<\/th>\n      <\/tr>\n    <\/thead>\n    <tbody>\n      <tr>\n        <td data-label=\"Valore\" style=\"background:#ffffff;color:#003366;font-weight:700;text-align:left;vertical-align:top;padding:13px 16px;font-size:15px;line-height:1.55;border:0;border-bottom:1px solid #e3e8ef;overflow-wrap:break-word\">HbA1c<\/td>\n        <td data-label=\"Perch\u00e9 \u00e8 rilevante nel diabete e nella caduta dei capelli\" style=\"background:#ffffff;color:#22303e;font-weight:400;text-align:left;vertical-align:top;padding:13px 16px;font-size:15px;line-height:1.55;border:0;border-bottom:1px solid #e3e8ef;overflow-wrap:break-word\">Glicemia a lungo termine delle ultime 8-12 settimane, il fattore modificabile pi\u00f9 forte<\/td>\n        <td data-label=\"Orientamento\" style=\"background:#ffffff;color:#22303e;font-weight:400;text-align:left;vertical-align:top;padding:13px 16px;font-size:15px;line-height:1.55;border:0;border-bottom:1px solid #e3e8ef;overflow-wrap:break-word\">Intervallo obiettivo 6,5-7,5 per cento (individualizzato secondo le linee guida), obiettivo standard ADA sotto il 7 per cento, soglia diagnostica 6,5 per cento<\/td>\n        <td data-label=\"A digiuno?\" style=\"background:#ffffff;color:#22303e;font-weight:400;text-align:left;vertical-align:top;padding:13px 16px;font-size:15px;line-height:1.55;border:0;border-bottom:1px solid #e3e8ef;overflow-wrap:break-word\">No<\/td>\n        <td data-label=\"Chi lo misura\" style=\"background:#ffffff;color:#22303e;font-weight:400;text-align:left;vertical-align:top;padding:13px 16px;font-size:15px;line-height:1.55;border:0;border-bottom:1px solid #e3e8ef;overflow-wrap:break-word\">Medico di famiglia o diabetologia<\/td>\n      <\/tr>\n      <tr>\n        <td data-label=\"Valore\" style=\"background:#f6f9fc;color:#003366;font-weight:700;text-align:left;vertical-align:top;padding:13px 16px;font-size:15px;line-height:1.55;border:0;border-bottom:1px solid #e3e8ef;overflow-wrap:break-word\">Insulina a digiuno e HOMA-IR<\/td>\n        <td data-label=\"Perch\u00e9 \u00e8 rilevante nel diabete e nella caduta dei capelli\" style=\"background:#f6f9fc;color:#22303e;font-weight:400;text-align:left;vertical-align:top;padding:13px 16px;font-size:15px;line-height:1.55;border:0;border-bottom:1px solid #e3e8ef;overflow-wrap:break-word\">Quantifica l&#8217;insulino-resistenza dietro il tipo 2 e la PCOS<\/td>\n        <td data-label=\"Orientamento\" style=\"background:#f6f9fc;color:#22303e;font-weight:400;text-align:left;vertical-align:top;padding:13px 16px;font-size:15px;line-height:1.55;border:0;border-bottom:1px solid #e3e8ef;overflow-wrap:break-word\">Significativo da circa 1,9 a 2,7 a seconda della fonte, nessuna soglia ratificata<\/td>\n        <td data-label=\"A digiuno?\" style=\"background:#f6f9fc;color:#22303e;font-weight:400;text-align:left;vertical-align:top;padding:13px 16px;font-size:15px;line-height:1.55;border:0;border-bottom:1px solid #e3e8ef;overflow-wrap:break-word\">S\u00ec, 8-12 ore<\/td>\n        <td data-label=\"Chi lo misura\" style=\"background:#f6f9fc;color:#22303e;font-weight:400;text-align:left;vertical-align:top;padding:13px 16px;font-size:15px;line-height:1.55;border:0;border-bottom:1px solid #e3e8ef;overflow-wrap:break-word\">Medico di famiglia o endocrinologia<\/td>\n      <\/tr>\n      <tr>\n        <td data-label=\"Valore\" style=\"background:#ffffff;color:#003366;font-weight:700;text-align:left;vertical-align:top;padding:13px 16px;font-size:15px;line-height:1.55;border:0;border-bottom:1px solid #e3e8ef;overflow-wrap:break-word\">Ferritina<\/td>\n        <td data-label=\"Perch\u00e9 \u00e8 rilevante nel diabete e nella caduta dei capelli\" style=\"background:#ffffff;color:#22303e;font-weight:400;text-align:left;vertical-align:top;padding:13px 16px;font-size:15px;line-height:1.55;border:0;border-bottom:1px solid #e3e8ef;overflow-wrap:break-word\">Carenza silente pi\u00f9 frequente nella caduta diffusa, soprattutto nelle donne<\/td>\n        <td data-label=\"Orientamento\" style=\"background:#ffffff;color:#22303e;font-weight:400;text-align:left;vertical-align:top;padding:13px 16px;font-size:15px;line-height:1.55;border:0;border-bottom:1px solid #e3e8ef;overflow-wrap:break-word\">Intervallo di riferimento del laboratorio, il risultato va interpretato con il medico<\/td>\n        <td data-label=\"A digiuno?\" style=\"background:#ffffff;color:#22303e;font-weight:400;text-align:left;vertical-align:top;padding:13px 16px;font-size:15px;line-height:1.55;border:0;border-bottom:1px solid #e3e8ef;overflow-wrap:break-word\">No<\/td>\n        <td data-label=\"Chi lo misura\" style=\"background:#ffffff;color:#22303e;font-weight:400;text-align:left;vertical-align:top;padding:13px 16px;font-size:15px;line-height:1.55;border:0;border-bottom:1px solid #e3e8ef;overflow-wrap:break-word\">Medico di famiglia<\/td>\n      <\/tr>\n      <tr>\n        <td data-label=\"Valore\" style=\"background:#f6f9fc;color:#003366;font-weight:700;text-align:left;vertical-align:top;padding:13px 16px;font-size:15px;line-height:1.55;border:0;border-bottom:1px solid #e3e8ef;overflow-wrap:break-word\">TSH e, in caso di alterazioni, fT3, fT4 e anticorpi anti-TPO<\/td>\n        <td data-label=\"Perch\u00e9 \u00e8 rilevante nel diabete e nella caduta dei capelli\" style=\"background:#f6f9fc;color:#22303e;font-weight:400;text-align:left;vertical-align:top;padding:13px 16px;font-size:15px;line-height:1.55;border:0;border-bottom:1px solid #e3e8ef;overflow-wrap:break-word\">Tiroide, spesso coinvolta nel diabete di tipo 1 (Hashimoto nel 16,3 per cento)<\/td>\n        <td data-label=\"Orientamento\" style=\"background:#f6f9fc;color:#22303e;font-weight:400;text-align:left;vertical-align:top;padding:13px 16px;font-size:15px;line-height:1.55;border:0;border-bottom:1px solid #e3e8ef;overflow-wrap:break-word\">Intervallo di riferimento del laboratorio<\/td>\n        <td data-label=\"A digiuno?\" style=\"background:#f6f9fc;color:#22303e;font-weight:400;text-align:left;vertical-align:top;padding:13px 16px;font-size:15px;line-height:1.55;border:0;border-bottom:1px solid #e3e8ef;overflow-wrap:break-word\">No<\/td>\n        <td data-label=\"Chi lo misura\" style=\"background:#f6f9fc;color:#22303e;font-weight:400;text-align:left;vertical-align:top;padding:13px 16px;font-size:15px;line-height:1.55;border:0;border-bottom:1px solid #e3e8ef;overflow-wrap:break-word\">Medico di famiglia<\/td>\n      <\/tr>\n      <tr>\n        <td data-label=\"Valore\" style=\"background:#ffffff;color:#003366;font-weight:700;text-align:left;vertical-align:top;padding:13px 16px;font-size:15px;line-height:1.55;border:0;border-bottom:1px solid #e3e8ef;overflow-wrap:break-word\">Vitamina B12 e, nei valori borderline, olotranscobalamina<\/td>\n        <td data-label=\"Perch\u00e9 \u00e8 rilevante nel diabete e nella caduta dei capelli\" style=\"background:#ffffff;color:#22303e;font-weight:400;text-align:left;vertical-align:top;padding:13px 16px;font-size:15px;line-height:1.55;border:0;border-bottom:1px solid #e3e8ef;overflow-wrap:break-word\">La metformina riduce l&#8217;assorbimento con l&#8217;assunzione prolungata<\/td>\n        <td data-label=\"Orientamento\" style=\"background:#ffffff;color:#22303e;font-weight:400;text-align:left;vertical-align:top;padding:13px 16px;font-size:15px;line-height:1.55;border:0;border-bottom:1px solid #e3e8ef;overflow-wrap:break-word\">Intervallo di riferimento del laboratorio<\/td>\n        <td data-label=\"A digiuno?\" style=\"background:#ffffff;color:#22303e;font-weight:400;text-align:left;vertical-align:top;padding:13px 16px;font-size:15px;line-height:1.55;border:0;border-bottom:1px solid #e3e8ef;overflow-wrap:break-word\">No<\/td>\n        <td data-label=\"Chi lo misura\" style=\"background:#ffffff;color:#22303e;font-weight:400;text-align:left;vertical-align:top;padding:13px 16px;font-size:15px;line-height:1.55;border:0;border-bottom:1px solid #e3e8ef;overflow-wrap:break-word\">Medico di famiglia<\/td>\n      <\/tr>\n      <tr>\n        <td data-label=\"Valore\" style=\"background:#f6f9fc;color:#003366;font-weight:700;text-align:left;vertical-align:top;padding:13px 16px;font-size:15px;line-height:1.55;border:0;border-bottom:1px solid #e3e8ef;overflow-wrap:break-word\">Zinco<\/td>\n        <td data-label=\"Perch\u00e9 \u00e8 rilevante nel diabete e nella caduta dei capelli\" style=\"background:#f6f9fc;color:#22303e;font-weight:400;text-align:left;vertical-align:top;padding:13px 16px;font-size:15px;line-height:1.55;border:0;border-bottom:1px solid #e3e8ef;overflow-wrap:break-word\">Necessario per il ciclo del capello, spesso ridotto nel diabete<\/td>\n        <td data-label=\"Orientamento\" style=\"background:#f6f9fc;color:#22303e;font-weight:400;text-align:left;vertical-align:top;padding:13px 16px;font-size:15px;line-height:1.55;border:0;border-bottom:1px solid #e3e8ef;overflow-wrap:break-word\">Intervallo di riferimento del laboratorio<\/td>\n        <td data-label=\"A digiuno?\" style=\"background:#f6f9fc;color:#22303e;font-weight:400;text-align:left;vertical-align:top;padding:13px 16px;font-size:15px;line-height:1.55;border:0;border-bottom:1px solid #e3e8ef;overflow-wrap:break-word\">Meglio al mattino, concordare le indicazioni con il laboratorio<\/td>\n        <td data-label=\"Chi lo misura\" style=\"background:#f6f9fc;color:#22303e;font-weight:400;text-align:left;vertical-align:top;padding:13px 16px;font-size:15px;line-height:1.55;border:0;border-bottom:1px solid #e3e8ef;overflow-wrap:break-word\">Medico di famiglia<\/td>\n      <\/tr>\n      <tr>\n        <td data-label=\"Valore\" style=\"background:#ffffff;color:#003366;font-weight:700;text-align:left;vertical-align:top;padding:13px 16px;font-size:15px;line-height:1.55;border:0;border-bottom:1px solid #e3e8ef;overflow-wrap:break-word\">Vitamina D<\/td>\n        <td data-label=\"Perch\u00e9 \u00e8 rilevante nel diabete e nella caduta dei capelli\" style=\"background:#ffffff;color:#22303e;font-weight:400;text-align:left;vertical-align:top;padding:13px 16px;font-size:15px;line-height:1.55;border:0;border-bottom:1px solid #e3e8ef;overflow-wrap:break-word\">Particolarmente spesso ridotta nel diabete di tipo 2 (60,5 per cento in una metanalisi)<\/td>\n        <td data-label=\"Orientamento\" style=\"background:#ffffff;color:#22303e;font-weight:400;text-align:left;vertical-align:top;padding:13px 16px;font-size:15px;line-height:1.55;border:0;border-bottom:1px solid #e3e8ef;overflow-wrap:break-word\">Intervallo di riferimento del laboratorio<\/td>\n        <td data-label=\"A digiuno?\" style=\"background:#ffffff;color:#22303e;font-weight:400;text-align:left;vertical-align:top;padding:13px 16px;font-size:15px;line-height:1.55;border:0;border-bottom:1px solid #e3e8ef;overflow-wrap:break-word\">No<\/td>\n        <td data-label=\"Chi lo misura\" style=\"background:#ffffff;color:#22303e;font-weight:400;text-align:left;vertical-align:top;padding:13px 16px;font-size:15px;line-height:1.55;border:0;border-bottom:1px solid #e3e8ef;overflow-wrap:break-word\">Medico di famiglia<\/td>\n      <\/tr>\n      <tr>\n        <td data-label=\"Valore\" style=\"background:#f6f9fc;color:#003366;font-weight:700;text-align:left;vertical-align:top;padding:13px 16px;font-size:15px;line-height:1.55;border:0;overflow-wrap:break-word\">Testosterone, SHBG, DHEAS (donne)<\/td>\n        <td data-label=\"Perch\u00e9 \u00e8 rilevante nel diabete e nella caduta dei capelli\" style=\"background:#f6f9fc;color:#22303e;font-weight:400;text-align:left;vertical-align:top;padding:13px 16px;font-size:15px;line-height:1.55;border:0;overflow-wrap:break-word\">Iperandrogenemia in caso di sospetta PCOS<\/td>\n        <td data-label=\"Orientamento\" style=\"background:#f6f9fc;color:#22303e;font-weight:400;text-align:left;vertical-align:top;padding:13px 16px;font-size:15px;line-height:1.55;border:0;overflow-wrap:break-word\">Intervallo di riferimento del laboratorio, dipende dal ciclo<\/td>\n        <td data-label=\"A digiuno?\" style=\"background:#f6f9fc;color:#22303e;font-weight:400;text-align:left;vertical-align:top;padding:13px 16px;font-size:15px;line-height:1.55;border:0;overflow-wrap:break-word\">Al mattino, tenendo conto del giorno del ciclo<\/td>\n        <td data-label=\"Chi lo misura\" style=\"background:#f6f9fc;color:#22303e;font-weight:400;text-align:left;vertical-align:top;padding:13px 16px;font-size:15px;line-height:1.55;border:0;overflow-wrap:break-word\">Ginecologia o endocrinologia<\/td>\n      <\/tr>\n    <\/tbody>\n  <\/table>\n<\/div>\n\n\n\n<p class=\"wp-block-paragraph\">Tre indicazioni pratiche: porti con s\u00e9 l&#8217;andamento dell&#8217;HbA1c degli ultimi 12 mesi, non solo l&#8217;ultimo valore. Non tutti questi esami vengono necessariamente rimborsati: si informi prima. E l&#8217;integrazione ha senso solo dopo una carenza documentata, perch\u00e9 vitamina A e selenio in sovradosaggio favoriscono a loro volta la caduta dei capelli.<\/p>\n\n\n<div class=\"wp-block-image\">\n<figure class=\"aligncenter size-large is-resized\" style=\"max-width:720px;margin-left:auto;margin-right:auto\"><img decoding=\"async\" src=\"https:\/\/elithair.com\/it\/wp-content\/uploads\/sites\/6\/2026\/08\/arztgespraech_laborwerte.png\" alt=\"Una dottoressa discute con un paziente i risultati degli esami stampati alla scrivania\" class=\"wp-image-107910\" style=\"width:720px;max-width:100%;height:auto\"\/><\/figure>\n<\/div>\n\n\n<h3 class=\"wp-block-heading\">Alimentazione: il cibo come materiale da costruzione per capelli sani<\/h3>\n\n\n\n<p class=\"wp-block-paragraph\">Un&#8217; alimentazione equilibrata stabilizza la glicemia e rinforza le radici. Alimenti ricchi di nutrienti come verdure a foglia verde, frutta secca, semi e proteine magre forniscono ferro, zinco, biotina e vitamina D, essenziali per la crescita dei capelli.<\/p>\n\n\n\n<p class=\"wp-block-paragraph\">I cereali integrali ricchi di fibre aiutano a mantenere costante la glicemia, mentre zucchero e alimenti molto processati andrebbero evitati. In caso di carenze nutrizionali gli integratori possono essere d&#8217;aiuto, ma solo d&#8217;intesa con il medico.<\/p>\n\n\n\n<p class=\"wp-block-paragraph\">La lacuna specifica del diabete \u00e8 ben documentata: il 45 per cento delle persone con diabete di tipo 2 presenta almeno una carenza di micronutrienti, in testa la vitamina D con il 60,5 per cento, seguita dal magnesio con il 42 e dal ferro con il 28 per cento (metanalisi di Mangal et al. 2024 su 132 studi). Senza una carenza documentata l&#8217;integrazione non serve e, in sovradosaggio, con vitamina A e selenio l&#8217;effetto si ribalta.<\/p>\n\n\n\n<h3 class=\"wp-block-heading\">Cura dei capelli: metodi delicati per capelli sensibili<\/h3>\n\n\n\n<p class=\"wp-block-paragraph\">La giusta cura dei capelli conta per proteggere il capello ed evitare ulteriori perdite. Usi prodotti delicati, senza siliconi, che non irritino il cuoio capelluto, ed eviti trattamenti aggressivi come colorazioni chimiche o permanenti.<\/p>\n\n\n\n<p class=\"wp-block-paragraph\">I metodi di styling a caldo, come piastre o ferri arricciacapelli, andrebbero ridotti o evitati del tutto, perch\u00e9 stressano ulteriormente il capello. In alternativa, massaggi regolari del cuoio capelluto con oli naturali come l&#8217;olio di ricino o di cocco possono aiutare a favorire la circolazione e a rinforzare i follicoli.<\/p>\n\n\n\n<p class=\"wp-block-paragraph\">Un chiarimento: per questi massaggi e oli non esistono dati di efficacia solidi sulla crescita dei capelli. Come cura piacevole contro la secchezza non pongono problemi, ma non vanno intesi come terapia.<\/p>\n\n\n\n<p class=\"wp-block-paragraph\">In particolare per il cuoio capelluto diabetico: niente docce bollenti, detersione delicata a pH adeguato e controllo regolare del cuoio capelluto per individuare lesioni. Con una neuropatia le piccole ferite non si avvertono e, con una glicemia alta, guariscono pi\u00f9 lentamente.<\/p>\n\n\n\n<h3 class=\"wp-block-heading\">Gestione dello stress: calma per corpo e mente<\/h3>\n\n\n\n<p class=\"wp-block-paragraph\">Lo stress favorisce la caduta dei capelli e peggiora il controllo glicemico. Tecniche di rilassamento come yoga, meditazione o rilassamento muscolare aiutano ad abbassare il livello di stress e ad aumentare il benessere.<\/p>\n\n\n\n<p class=\"wp-block-paragraph\">Anche il movimento regolare, che sia una passeggiata o uno sport moderato, ha un effetto calmante e stabilizza la glicemia. Una combinazione di rilassamento fisico e mentale rafforza non solo i capelli, ma anche la salute. Il fattore sottovalutato \u00e8 il sonno: dormire poco peggiora la sensibilit\u00e0 insulinica e alza i valori a digiuno.<\/p>\n\n\n\n<h2 class=\"wp-block-heading\">Opzioni di trattamento mediche ed estetiche<\/h2>\n\n\n\n<p class=\"wp-block-paragraph\">Per chi ne \u00e8 interessato esistono numerosi approcci medici ed estetici che possono aiutare a fermare la caduta e a favorire la crescita. A seconda della situazione individuale queste opzioni possono essere impiegate in modo mirato per ottenere risultati visibili.<\/p>\n\n\n\n<p class=\"wp-block-paragraph\">Quale trattamento abbia senso dipende per\u00f2 interamente dallo schema. Minoxidil, finasteride e PRP sono pensati per l&#8217;alopecia androgenetica. In una caduta puramente diffusa e di origine metabolica agiscono nel punto sbagliato, mentre la causa continua ad agire.<\/p>\n\n\n\n<h3 class=\"wp-block-heading\">Trattamenti topici: cura efficace direttamente sul cuoio capelluto<\/h3>\n\n\n\n<p class=\"wp-block-paragraph\"><a href=\"\/it\/trapianto-capelli-blog\/minoxidil-capelli\/\">Il minoxidil<\/a> \u00e8 una soluzione consolidata e, secondo la linea guida europea S3, l&#8217;unica terapia topica con un elevato grado di evidenza nell&#8217;alopecia androgenetica. Agisce tra l&#8217;altro dilatando i vasi, il che pu\u00f2 migliorare l&#8217;irrorazione dei follicoli, prolunga la fase di crescita e con un&#8217;applicazione regolare pu\u00f2 portare risultati visibili.<\/p>\n\n\n\n<p class=\"wp-block-paragraph\">Poich\u00e9 pu\u00f2 avere effetti indesiderati, le persone con diabete dovrebbero chiedere un parere medico prima dell&#8217;uso. Anche i sieri a base di caffeina e biotina promettono di rinforzare le radici e possono servire come cura complementare; un beneficio della biotina \u00e8 per\u00f2 documentato solo in caso di carenza accertata.<\/p>\n\n\n\n<p class=\"wp-block-paragraph\">Due punti sono importanti per chi ha il diabete. Primo: l&#8217;efficacia \u00e8 documentata solo nell&#8217;alopecia androgenetica, non nel telogen effluvium di origine metabolica. Secondo: il minoxidil orale, usato al di fuori delle indicazioni autorizzate, provoca ritenzione di sodio e acqua e pu\u00f2 causare edemi e, in presenza di insufficienza cardiaca o renale preesistente, uno scompenso (Mayo Clinic). \u00c8 quindi un punto da chiarire con il medico, non un&#8217;automedicazione.<\/p>\n\n\n\n<h3 class=\"wp-block-heading\">Terapia PRP: sangue autologo per capelli pi\u00f9 forti<\/h3>\n\n\n\n<p class=\"wp-block-paragraph\">La terapia PRP punta a stimolare la crescita dei capelli con iniezioni di sangue autologo che portano fattori di crescita direttamente nel cuoio capelluto. Questi rinforzano i follicoli e stimolano la rigenerazione.<\/p>\n\n\n\n<p class=\"wp-block-paragraph\">Diverse revisioni sistematiche mostrano un&#8217;evidenza moderata di un miglioramento della densit\u00e0 dei capelli nell&#8217;alopecia androgenetica, ma nessun effetto significativo sullo spessore del capello. Le metanalisi pi\u00f9 recenti descrivono la letteratura come eterogenea, di bassa qualit\u00e0 e con un riconoscibile bias di pubblicazione; manca un protocollo condiviso su concentrazione, dose, profondit\u00e0 di iniezione e numero di sedute.<\/p>\n\n\n\n<p class=\"wp-block-paragraph\">Un vantaggio specifico per le persone con diabete non \u00e8 documentato, perch\u00e9 studi PRP dedicati al diabete non esistono. Resta rilevante in pratica il fatto che non servono farmaci sistemici. \u00c8 comunque consigliabile una consulenza medica preliminare.<\/p>\n\n\n\n<h3 class=\"wp-block-heading\">Supporto sistemico con i farmaci<\/h3>\n\n\n\n<p class=\"wp-block-paragraph\">Farmaci come la finasteride possono rallentare la perdita di capelli inibendo la conversione del testosterone in <a href=\"https:\/\/it.wikipedia.org\/wiki\/Diidrotestosterone\" target=\"_blank\" rel=\"noopener\">DHT<\/a> . Non sono per\u00f2 adatti a tutti e, in caso di diabete, andrebbero usati solo dopo consulto medico. In un effluvio diffuso senza componente androgenetica non servono a nulla, e per le donne in et\u00e0 fertile la finasteride non \u00e8 indicata.<\/p>\n\n\n\n<p class=\"wp-block-paragraph\">Anche i farmaci contro le infiammazioni o le reazioni autoimmuni legate al diabete possono migliorare indirettamente la salute dei capelli.<\/p>\n\n\n\n<h3 class=\"wp-block-heading\">Che cosa conta per primo in una caduta diffusa legata al diabete<\/h3>\n\n\n\n<p class=\"wp-block-paragraph\">L&#8217;ordine decide il risultato: prima il compenso metabolico e la correzione delle carenze, poi tutto il resto. Senza una glicemia stabile ogni terapia topica lavora contro una causa che continua ad agire, e l&#8217;effetto resta di conseguenza modesto.<\/p>\n\n\n\n<p class=\"wp-block-paragraph\">In concreto: HbA1c nell&#8217;intervallo obiettivo, controllo di ferritina, B12, zinco, vitamina D e TSH con correzione delle lacune, dimagrimento non troppo rapido, sonno e movimento. Solo se dopo circa 6 mesi resta uno schema riconoscibile ha senso la domanda su principi attivi o trapianto.<\/p>\n\n\n\n<h3 class=\"wp-block-heading\">Trapianto di capelli: una soluzione duratura nella caduta avanzata<\/h3>\n\n\n\n<p class=\"wp-block-paragraph\">In una caduta androgenetica avanzata il <a href=\"\/it\/trapianto-di-capelli\/\">trapianto di capelli<\/a> \u00e8 l&#8217;unica opzione per ripristinare in modo duraturo la densit\u00e0 perduta; se sia indicato dipende dal singolo caso (di pi\u00f9 nel prossimo paragrafo). Tecniche moderne come il <a href=\"\/it\/trapianto-di-capelli-dhi\/\">metodo DHI<\/a> permettono risultati particolarmente naturali, trapiantando con precisione i follicoli del paziente nelle zone diradate. Da Elithair il DHI \u00e8 lo standard ed \u00e8 incluso nel prezzo.<\/p>\n\n\n\n<p class=\"wp-block-paragraph\">Anche per le persone con diabete un trapianto \u00e8 possibile, con la giusta preparazione. Un compenso glicemico stabile riduce al minimo i rischi e favorisce una guarigione ottimale. Una consulenza approfondita con medici specialisti esperti garantisce che tutti i presupposti per un buon risultato siano soddisfatti. Con l&#8217;assistenza giusta questo passo pu\u00f2 portare a nuova sicurezza in s\u00e9 e a capelli pi\u00f9 folti.<\/p>\n\n\n\n<h2 class=\"wp-block-heading\">Un trapianto di capelli \u00e8 possibile in caso di diabete?<\/h2>\n\n\n\n<p class=\"wp-block-paragraph\">Con un diabete ben compensato un trapianto di capelli \u00e8 in linea di principio possibile. Ha per\u00f2 senso solo in presenza di uno schema androgenetico. Una caduta diffusa di origine metabolica non \u00e8 un&#8217;indicazione, perch\u00e9 i capelli trapiantati finirebbero in un ambiente alterato e la zona donatrice pu\u00f2 essere a sua volta interessata.<\/p>\n\n\n\n<div style=\"border:1px solid #dbe4f0;border-radius:12px;padding:18px 20px;margin:26px 0;background:#ffffff\">\n<p style=\"margin:0 0 6px;color:#013366;font-weight:700;font-size:17px\">Sono idoneo a un trapianto di capelli?<\/p>\n<p style=\"margin:0 0 14px;color:#2e3033;font-size:15px;line-height:1.6\">La domanda di partenza \u00e8 sempre la stessa: come cadono i capelli?<\/p>\n<div style=\"display:flex;flex-wrap:wrap;gap:12px\">\n<div style=\"flex:1 1 260px;border:1px solid #dbe4f0;border-radius:10px;padding:14px 16px;background:#f6f9fc\">\n<p style=\"margin:0 0 6px;color:#013366;font-weight:700;font-size:15px\">In modo uniforme su tutto il capo<\/p>\n<p style=\"margin:0 0 8px;color:#2e3033;font-size:15px;line-height:1.6\">I capelli si assottigliano ovunque, anche sulla nuca. Tipico della caduta diffusa di origine metabolica.<\/p>\n<p style=\"margin:0;color:#013366;font-size:15px;line-height:1.6\"><strong>Nessun trapianto.<\/strong> La zona donatrice \u00e8 coinvolta. Prima vanno chiariti HbA1c e valori nutrizionali, poi 3-6 mesi di stabilizzazione e una nuova valutazione.<\/p>\n<\/div>\n<div style=\"flex:1 1 260px;border:1px solid #0079F1;border-radius:10px;padding:14px 16px;background:#ffffff\">\n<p style=\"margin:0 0 6px;color:#013366;font-weight:700;font-size:15px\">Stempiature, attaccatura frontale o vertice<\/p>\n<p style=\"margin:0 0 8px;color:#2e3033;font-size:15px;line-height:1.6\">La corona sulla nuca resta folta, l&#8217;arretramento segue uno schema. Indica una componente androgenetica.<\/p>\n<p style=\"margin:0;color:#013366;font-size:15px;line-height:1.6\"><strong>Analisi dei capelli utile.<\/strong> Chiarisce schema e zona donatrice. In parallelo va considerato anche l&#8217;andamento dell&#8217;HbA1c; sull&#8217;intervento decide la visita medica preliminare.<\/p>\n<\/div>\n<\/div>\n<p style=\"margin:14px 0 0;color:#2e3033;font-size:15px;line-height:1.6\"><strong style=\"color:#013366\">Entrambi insieme?<\/strong> \u00c8 il caso pi\u00f9 frequente. Allora si calma prima la quota diffusa attraverso il metabolismo e solo dopo si valuta quale schema resta.<\/p>\n<p style=\"margin:10px 0 0;color:#6b7280;font-size:13px;font-style:italic\">Un orientamento, non una diagnosi. Sull&#8217;idoneit\u00e0 decide sempre la visita medica preliminare, caso per caso.<\/p>\n<\/div>\n\n\n\n<p class=\"wp-block-paragraph\">Che cosa viene verificato dal medico prima di una decisione: HbA1c e il suo andamento, pressione arteriosa, funzione renale, storia di guarigione delle ferite, segni di neuropatia, l&#8217;intera terapia concomitante e la gestione della glicemia nel giorno dell&#8217;intervento. Se necessario, il tutto viene concordato con la diabetologia curante. \u00c8 una decisione caso per caso, espressamente non un via libera generico dopo la diagnosi.<\/p>\n\n\n<div class=\"wp-block-image\">\n<figure class=\"aligncenter size-large is-resized\" style=\"max-width:720px;margin-left:auto;margin-right:auto\"><img decoding=\"async\" src=\"https:\/\/elithair.com\/it\/wp-content\/uploads\/sites\/6\/2026\/08\/beratung_haaranalyse.png\" alt=\"Un operatore esamina con un dermatoscopio il cuoio capelluto di un paziente durante l'analisi dei capelli\" class=\"wp-image-107911\" style=\"width:720px;max-width:100%;height:auto\"\/><\/figure>\n<\/div>\n\n\n<p class=\"wp-block-paragraph\">Sulla guarigione delle ferite esistono dati solidi, provenienti per\u00f2 dalla chirurgia generale: una metanalisi di 29 studi randomizzati con 14.126 pazienti ha riscontrato, con un controllo glicemico perioperatorio intensivo, significativamente meno infezioni della ferita rispetto a una gestione pi\u00f9 permissiva (risk ratio 0,63; intervallo di confidenza al 95 per cento 0,50-0,80; p = 0,0002; Lai et al. 2022), in modo particolarmente netto nelle persone con diabete.<\/p>\n\n\n\n<p class=\"wp-block-paragraph\">Che cosa non ne consegue: che nelle persone con diabete gli innesti attecchiscano peggio. Studi sui tassi di attecchimento specifici per il diabete non esistono. Chi le indica una percentuale in proposito non l&#8217;ha presa dalla letteratura. \u00c8 documentato solo il legame chirurgico generale tra iperglicemia, guarigione ritardata e rischio infettivo.<\/p>\n\n\n\n<p class=\"wp-block-paragraph\">Un&#8217;affermazione diffusa in rete va corretta: il diabete non aumenta il rischio di sanguinamento. Nella ricerca sull&#8217;emostasi il diabete \u00e8 considerato uno stato protrombotico, cio\u00e8 che favorisce la coagulazione, con livelli aumentati di fibrinogeno e di fattori della coagulazione. La reale preoccupazione chirurgica in caso di cattivo compenso \u00e8 la guarigione ritardata e il rischio di infezione.<\/p>\n\n\n\n<p class=\"wp-block-paragraph\">Anche sul tipo di diabete vale la precisione: non esistono linee guida n\u00e9 studi a sostegno di un rifiuto generalizzato nel tipo 1. Decisivo \u00e8 il compenso glicemico, non il tipo. Nel tipo 1 si aggiunge in pratica il fatto che un intervento lungo richiede un piano di gestione della glicemia, cio\u00e8 misurazioni, pause ed eventualmente un adeguamento dell&#8217;insulina da parte della diabetologia.<\/p>\n\n\n\n<p class=\"wp-block-paragraph\">Come lo affrontiamo fa parte della risposta. Rifiutiamo circa il 40 per cento delle richieste e, se il metabolismo non \u00e8 stabile, prima si tratta e non si trapianta. L&#8217;esame del sangue preliminare sulle cause verifica se un trapianto sia davvero la terapia giusta. Ogni passaggio \u00e8 approvato dal medico e il disegno dell&#8217;attaccatura \u00e8 fatto al 100 per cento dal medico.<\/p>\n\n\n\n<p class=\"wp-block-paragraph\">Realisticamente sui tempi: un risultato visibile richiede 6-9 mesi, il risultato definitivo fino a 12 mesi. Sui capelli trapiantati Elithair offre 20 anni di garanzia. Sulla tecnica di prelievo <a href=\"\/it\/trapianto-di-capelli-fue\/\">FUE<\/a> e sulla combinazione con il DHI i dettagli si trovano nelle rispettive pagine dedicate alle tecniche.<\/p>\n\n\n\n<div style=\"border-left:4px solid #0079F1;padding:0 0 0 14px;margin:26px 0\">\n<p style=\"margin:0 0 8px;color:#013366;font-weight:700;font-size:16px\">Che cosa portare alla consulenza<\/p>\n<ul style=\"margin:0 0 12px;padding:0;color:#2e3033;list-style:none\">\n<li style=\"position:relative;padding:3px 0 3px 24px\"><span style=\"position:absolute;left:0;top:3px;color:#0079F1;font-weight:700\">&#10003;<\/span>Il valore attuale di HbA1c con l&#8217;andamento degli ultimi 12 mesi<\/li>\n<li style=\"position:relative;padding:3px 0 3px 24px\"><span style=\"position:absolute;left:0;top:3px;color:#0079F1;font-weight:700\">&#10003;<\/span>Il piano terapeutico completo, inclusi insulina e farmaci anticoagulanti<\/li>\n<li style=\"position:relative;padding:3px 0 3px 24px\"><span style=\"position:absolute;left:0;top:3px;color:#0079F1;font-weight:700\">&#10003;<\/span>Un riscontro della diabetologia curante sull&#8217;idoneit\u00e0 all&#8217;intervento<\/li>\n<\/ul>\n<p style=\"margin:0;color:#2e3033;font-size:15px\">Chi non riesce a mettere insieme queste tre cose non \u00e8 ancora nella fase in cui il trapianto \u00e8 la domanda giusta. Allora viene prima il compenso metabolico.<\/p>\n<\/div>\n\n\n\n<h2 class=\"wp-block-heading\">Analisi Elithair sul trapianto di capelli nelle persone con diabete<\/h2>\n\n\n\n<figure class=\"wp-block-image size-full\"><img decoding=\"async\" src=\"https:\/\/elithair.com\/it\/wp-content\/uploads\/sites\/6\/2026\/08\/bestand_97299.png\" alt=\"Il dottor Balwi di Elithair esegue analisi nel suo laboratorio\" class=\"wp-image-107914\"\/><\/figure>\n\n\n\n<p class=\"wp-block-paragraph\">Oltre alla letteratura pubblicata conta ci\u00f2 che emerge nel lavoro quotidiano. Abbiamo raccolto le nostre esperienze con pazienti con diabete di tipo 1 e di tipo 2 e ne abbiamo ricavato i punti che nel percorso fanno davvero la differenza. \u00c8 esperienza clinica della nostra pratica, non uno studio controllato, ed \u00e8 esattamente cos\u00ec che la presentiamo.<\/p>\n\n\n\n<h3 class=\"wp-block-heading\">Contesto e obiettivo dell&#8217;analisi<\/h3>\n\n\n\n<p class=\"wp-block-paragraph\">L&#8217; analisi Elithair si occupa della domanda su come i trapianti di capelli possano essere eseguiti in modo sicuro e con successo nelle persone con diabete. L&#8217;attenzione si \u00e8 concentrata sull&#8217;individuare le esigenze particolari di questo gruppo di pazienti e sullo sviluppare raccomandazioni praticabili per la valutazione preliminare e il follow-up.<\/p>\n\n\n\n<p class=\"wp-block-paragraph\">Il diabete comporta sfide specifiche, come i disturbi circolatori e un rischio aumentato di problemi di guarigione delle ferite, che vanno considerate negli interventi chirurgici.<\/p>\n\n\n\n<h3 class=\"wp-block-heading\">Impostazione: come \u00e8 stata condotta la valutazione?<\/h3>\n\n\n\n<p class=\"wp-block-paragraph\">L&#8217;analisi ha preso in esame un gruppo eterogeneo di pazienti con diabete di tipo 1 e di tipo 2. Prima del trapianto \u00e8 stata raccolta un&#8217;anamnesi completa, con particolare attenzione al controllo glicemico (valore di HbA1c), alle patologie concomitanti e alle condizioni fisiche generali.<\/p>\n\n\n\n<p class=\"wp-block-paragraph\">Nell&#8217;ambito dell&#8217;analisi sono stati impiegati esclusivamente metodi moderni come la <a href=\"\/it\/trapianto-di-capelli-fue\/\">tecnica FUE (Follicular Unit Extraction)<\/a> , poich\u00e9 \u00e8 mininvasiva e consente una guarigione pi\u00f9 rapida, in combinazione con l&#8217;impianto DHI. I partecipanti sono stati seguiti per diversi mesi per documentare i decorsi di guarigione, le possibili complicanze e la soddisfazione per i risultati.<\/p>\n\n\n\n<h3 class=\"wp-block-heading\">Osservazioni principali dell&#8217;analisi<\/h3>\n\n\n\n<ol class=\"wp-block-list\">\n<li><strong>L&#8217;importanza del valore di HbA1c.<\/strong> Una glicemia stabile (valore di HbA1c) \u00e8 stata il fattore pi\u00f9 importante per il successo del trapianto. I pazienti con un valore sotto il 7 per cento hanno avuto una guarigione nettamente migliore e un rischio minore di complicanze. Questa soglia coincide con l&#8217;evidenza chirurgica generale sul controllo glicemico perioperatorio (Lai et al. 2022).<\/li>\n<li><strong>Le tecniche moderne consentono risultati migliori.<\/strong> La tecnica FUE si \u00e8 rivelata particolarmente vantaggiosa per le persone con diabete. Consente risultati precisi nella zona donatrice, una perdita di sangue minima e tempi di recupero pi\u00f9 rapidi.<\/li>\n<li><strong>Valutazione del rischio e preparazione preoperatoria.<\/strong> L&#8217;analisi sottolinea l&#8217;importanza di una valutazione individuale del rischio prima del trapianto. Ne fanno parte esami medici completi e un attento coordinamento con l&#8217;endocrinologo.<\/li>\n<li><strong>Vantaggi psicologici.<\/strong> Oltre ai miglioramenti estetici, molti pazienti hanno riferito un aumento della fiducia in s\u00e9 e un miglioramento della qualit\u00e0 della vita dopo il trapianto. \u00c8 un riscontro soggettivo, non un dato misurato.<\/li>\n<\/ol>\n\n\n\n<h3 class=\"wp-block-heading\">Risultato: trapianto di capelli nel diabete, sicuro con la giusta preparazione<\/h3>\n\n\n\n<p class=\"wp-block-paragraph\">Questa analisi mostra che i trapianti di capelli nelle persone con diabete possono essere eseguiti in modo sicuro ed efficace se si tiene conto delle loro esigenze particolari. Decisivi sono un compenso glicemico stabile e un attento controllo postoperatorio della guarigione.<\/p>\n\n\n\n<p class=\"wp-block-paragraph\">Non \u00e8 invece decisiva la tendenza al sanguinamento. Questa preoccupazione, diffusa in testi pi\u00f9 datati, non ha fondamento: il diabete favorisce piuttosto la coagulazione. L&#8217;attenzione va alla guarigione della ferita e al rischio infettivo, e dipendono entrambi dalla glicemia.<\/p>\n\n\n\n<p class=\"wp-block-paragraph\">Per sostenere il processo di guarigione viene impiegata la terapia PRP, perch\u00e9 dovrebbe favorire la rigenerazione e migliorare la circolazione; il livello di evidenza, come descritto sopra, \u00e8 moderato e non \u00e8 stato studiato in modo specifico nel diabete. Un controllo stretto dei parametri vitali e un follow-up mirato sono essenziali per riconoscere e trattare per tempo eventuali complicanze.<\/p>\n\n\n\n<p class=\"wp-block-paragraph\">L&#8217;analisi sottolinea l&#8217;importanza di un piano di trattamento personalizzato che tenga conto della durata del diabete, dei valori glicemici e dei fattori generali di salute. Con questo approccio si riducono al minimo i rischi e migliorano le probabilit\u00e0 di successo di un trapianto di capelli nelle persone con diabete.<\/p>\n\n\n\n<div style=\"background:#f6f9fc;border:1px solid #dbe4f0;border-radius:12px;padding:18px 20px;margin:26px 0\">\n<p style=\"margin:0 0 8px;color:#013366;font-weight:700;font-size:16px\">Inquadramento clinico dalla nostra analisi dei capelli<\/p>\n<p style=\"margin:0 0 10px;color:#2e3033;font-size:15px;line-height:1.6\">In caso di diabete, nell&#8217;analisi dei capelli guardiamo prima di tutto a due cose: lo schema della caduta e l&#8217;andamento dell&#8217;HbA1c. Se il diradamento \u00e8 uniforme su tutto il capo e il metabolismo non \u00e8 stabile, il passo successivo non \u00e8 il trapianto, ma il compenso. Se accanto \u00e8 presente uno schema androgenetico chiaro, le due cose si pianificano separatamente.<\/p>\n<p style=\"margin:0;color:#6b7280;font-size:13px;font-style:italic\">Osservazione clinica dalla pratica di consulenza, non un risultato di studio.<\/p>\n<\/div>\n\n\n\n<h2 class=\"wp-block-heading\">Domande frequenti su diabete e caduta dei capelli<\/h2>\n\n\n\n<div>\n<div style=\"border:1px solid #e3e8ef;border-radius:10px;padding:16px;margin-bottom:12px\">\n<p style=\"margin:0 0 8px;color:#013366;font-weight:600;font-size:17px;line-height:1.4\">I capelli ricrescono con il diabete e quanto tempo serve?<\/p>\n<p style=\"margin:0;color:#2e3033;line-height:1.65\">In una caduta diffusa di origine metabolica di norma s\u00ec: un telogen effluvium acuto regredisce spontaneamente in circa il 95 per cento dei casi, non appena la causa scatenante viene rimossa (StatPearls). La caduta diminuisce dopo 1-2 mesi, i primi capelli nuovi si vedono dopo 5-6 mesi, un aumento visibile della densit\u00e0 dopo 9-12 mesi. Una quota androgenetica non ricresce con il resto.<\/p>\n<\/div>\n<div style=\"border:1px solid #e3e8ef;border-radius:10px;padding:16px;margin-bottom:12px\">\n<p style=\"margin:0 0 8px;color:#013366;font-weight:600;font-size:17px;line-height:1.4\">La metformina provoca la caduta dei capelli?<\/p>\n<p style=\"margin:0;color:#2e3033;line-height:1.65\">No, un legame diretto non \u00e8 documentato e la caduta dei capelli non \u00e8 elencata come effetto indesiderato nelle informazioni sul prodotto. \u00c8 documentata una via indiretta: con l&#8217;assunzione prolungata la metformina riduce l&#8217;assorbimento della vitamina B12; secondo la MHRA (2022) un basso livello di B12 riguarda fino a 1 persona su 10 in caso di assunzione elevata o prolungata. Una carenza di B12 pu\u00f2 favorire la caduta dei capelli. Per questo conviene far controllare la B12 e non sospendere la metformina di propria iniziativa.<\/p>\n<\/div>\n<div style=\"border:1px solid #e3e8ef;border-radius:10px;padding:16px;margin-bottom:12px\">\n<p style=\"margin:0 0 8px;color:#013366;font-weight:600;font-size:17px;line-height:1.4\">Che cos&#8217;\u00e8 l&#8217;indice HOMA e da quando \u00e8 significativo?<\/p>\n<p style=\"margin:0;color:#2e3033;line-height:1.65\">L&#8217;indice HOMA (HOMA-IR) stima l&#8217;insulino-resistenza a partire da insulina e glicemia a digiuno; la formula \u00e8 insulina per glicemia diviso 405. Come normale viene spesso indicato l&#8217;intervallo 0,7-2,0. Sul valore soglia la letteratura non \u00e8 uniforme: 1,9, 2,5 o 2,7 vengono usati in parallelo e nessuna societ\u00e0 scientifica ha ratificato un cut-off. \u00c8 un test metabolico, non un test per la caduta dei capelli.<\/p>\n<\/div>\n<div style=\"border:1px solid #e3e8ef;border-radius:10px;padding:16px;margin-bottom:12px\">\n<p style=\"margin:0 0 8px;color:#013366;font-weight:600;font-size:17px;line-height:1.4\">Quale valore di HbA1c \u00e8 rilevante per i capelli?<\/p>\n<p style=\"margin:0;color:#2e3033;line-height:1.65\">Una soglia specifica per i capelli non esiste in letteratura. Come orientamento vale l&#8217;intervallo obiettivo generale: le linee guida raccomandano per il tipo 2 valori individualizzati di circa 6,5-7,5 per cento, mentre l&#8217;ADA indica negli Standards of Care 2026 un valore sotto il 7 per cento per la maggior parte degli adulti. Prima di un intervento chirurgico si punta a un valore sotto il 7 per cento, perch\u00e9 la guarigione delle ferite ne trae beneficio.<\/p>\n<\/div>\n<div style=\"border:1px solid #e3e8ef;border-radius:10px;padding:16px;margin-bottom:12px\">\n<p style=\"margin:0 0 8px;color:#013366;font-weight:600;font-size:17px;line-height:1.4\">L&#8217;insulino-resistenza senza diabete pu\u00f2 favorire la caduta dei capelli?<\/p>\n<p style=\"margin:0;color:#2e3033;line-height:1.65\">Gli studi mostrano l&#8217;associazione gi\u00e0 senza un diabete conclamato, quindi nell&#8217;area del prediabete. In uno studio caso-controllo su 200 uomini tra i 18 e i 35 anni un&#8217;insulino-resistenza era presente nel 18 per cento degli uomini con caduta a esordio precoce contro il 4 per cento dei controlli (Erden et al. 2025). \u00c8 un&#8217;aggregazione statistica, non una prova di causalit\u00e0. L&#8217;insulino-resistenza si presenta anche con un peso corporeo normale.<\/p>\n<\/div>\n<div style=\"border:1px solid #e3e8ef;border-radius:10px;padding:16px;margin-bottom:12px\">\n<p style=\"margin:0 0 8px;color:#013366;font-weight:600;font-size:17px;line-height:1.4\">Perch\u00e9 nel diabete prude il cuoio capelluto?<\/p>\n<p style=\"margin:0;color:#2e3033;line-height:1.65\">Il prurito cronico riguarda, a seconda dello studio, il 18,4-30,9 per cento delle persone con diabete di tipo 2. La causa pi\u00f9 frequente \u00e8 la pelle secca (xerosi, 64 per cento degli interessati in una coorte di 249 pazienti), seguita dalle infezioni fungine (16 per cento). Si aggiungono i segnali nervosi errati nella neuropatia delle piccole fibre. Il prurito in s\u00e9 non provoca la caduta dei capelli, ma grattarsi continuamente pu\u00f2 accentuarla.<\/p>\n<\/div>\n<\/div>\n\n\n\n<figure class=\"wp-block-image size-full\"><img decoding=\"async\" src=\"https:\/\/elithair.com\/it\/wp-content\/uploads\/sites\/6\/2026\/08\/bestand_97300.png\" alt=\"Un medico con una penna per insulina in mano durante il colloquio con un paziente con diabete\" class=\"wp-image-107915\"\/><\/figure>\n\n\n\n<div>\n<div style=\"border:1px solid #e3e8ef;border-radius:10px;padding:16px;margin-bottom:12px\">\n<p style=\"margin:0 0 8px;color:#013366;font-weight:600;font-size:17px;line-height:1.4\">Quale medico si occupa di caduta dei capelli e diabete?<\/p>\n<p style=\"margin:0;color:#2e3033;line-height:1.65\">Il primo riferimento \u00e8 il medico di famiglia o la diabetologia: l\u00ec si chiariscono HbA1c, stato nutrizionale e patologie concomitanti. In presenza di chiazze rotonde o di un cuoio capelluto infiammato o infetto serve il dermatologo. Le donne con sospetta PCOS trovano risposta in ginecologia o endocrinologia. Un&#8217;analisi dei capelli in una clinica specializzata chiarisce lo schema della caduta, ma non sostituisce nessuna di queste valutazioni.<\/p>\n<\/div>\n<div style=\"border:1px solid #e3e8ef;border-radius:10px;padding:16px;margin-bottom:12px\">\n<p style=\"margin:0 0 8px;color:#013366;font-weight:600;font-size:17px;line-height:1.4\">Quali precauzioni particolari devono osservare le persone con diabete prima, durante e dopo un trapianto di capelli?<\/p>\n<p style=\"margin:0;color:#2e3033;line-height:1.65\">Prima di un trapianto le persone con diabete dovrebbero assicurarsi che la glicemia sia stabile e ben controllata. Una stretta collaborazione con il medico curante \u00e8 essenziale per ridurre al minimo rischi come infezioni o guarigione ritardata delle ferite. Durante l&#8217;intervento \u00e8 importante un monitoraggio continuo della glicemia, con pause e misurazioni nelle sedute pi\u00f9 lunghe. Dopo l&#8217;operazione vanno seguite scrupolosamente le istruzioni per la cura postoperatoria e rispettati i controlli periodici, per sostenere al meglio il processo di guarigione.<\/p>\n<\/div>\n<div style=\"border:1px solid #e3e8ef;border-radius:10px;padding:16px;margin-bottom:12px\">\n<p style=\"margin:0 0 8px;color:#013366;font-weight:600;font-size:17px;line-height:1.4\">Ci sono differenze di idoneit\u00e0 al trapianto di capelli tra diabete di tipo 1 e di tipo 2?<\/p>\n<p style=\"margin:0;color:#2e3033;line-height:1.65\">Non decide il tipo, ma il compenso. Non esistono linee guida n\u00e9 studi a sostegno di un rifiuto generalizzato nel diabete di tipo 1. In pratica, nel tipo 1 un intervento lungo richiede un piano di gestione della glicemia con misurazioni, pause ed eventualmente un adeguamento dell&#8217;insulina da parte della diabetologia. Nel tipo 2 contano inoltre le patologie concomitanti come il coinvolgimento renale o l&#8217;insufficienza cardiaca. In entrambi i casi una valutazione medica individuale \u00e8 indispensabile per stabilire l&#8217;idoneit\u00e0 nel singolo caso.<\/p>\n<\/div>\n<div style=\"border:1px solid #e3e8ef;border-radius:10px;padding:16px;margin-bottom:12px\">\n<p style=\"margin:0 0 8px;color:#013366;font-weight:600;font-size:17px;line-height:1.4\">Quali alternative non chirurgiche esistono per le persone con diabete che soffrono di caduta dei capelli?<\/p>\n<p style=\"margin:0;color:#2e3033;line-height:1.65\">Al primo posto c&#8217;\u00e8 il lavoro sulle cause: portare la glicemia nell&#8217;intervallo obiettivo e correggere le carenze documentate di ferritina, B12, zinco o vitamina D. Le persone con diabete che non desiderano un intervento chirurgico o non vi sono idonee possono inoltre considerare le seguenti opzioni: le soluzioni topiche come il minoxidil possono favorire la crescita dei capelli, anche se ci\u00f2 \u00e8 documentato solo nell&#8217;alopecia androgenetica; \u00e8 importante consultare un medico prima di iniziare una terapia del genere. Il PRP mostra nelle revisioni un&#8217;evidenza moderata sulla densit\u00e0 dei capelli, a fronte di una letteratura eterogenea. Un&#8217;alimentazione equilibrata, un&#8217;attivit\u00e0 fisica regolare e una gestione efficace dello stress possono migliorare lo stato di salute generale e influire positivamente sulla crescita dei capelli.<\/p>\n<\/div>\n<div style=\"border:1px solid #e3e8ef;border-radius:10px;padding:16px;margin-bottom:12px\">\n<p style=\"margin:0 0 8px;color:#013366;font-weight:600;font-size:17px;line-height:1.4\">Come influisce un trapianto di capelli sul decorso a lungo termine della caduta nelle persone con diabete?<\/p>\n<p style=\"margin:0;color:#2e3033;line-height:1.65\">Un trapianto riuscito pu\u00f2 migliorare nettamente l&#8217;aspetto in caso di caduta dei capelli nelle persone con diabete. L&#8217;intervento non incide per\u00f2 sulle cause di fondo. \u00c8 quindi possibile che complicanze diabetiche non trattate o in progressione continuino a causare caduta dei capelli. Un controllo continuo della glicemia e uno stile di vita sano sono decisivi per garantire il successo a lungo termine del trapianto e ridurre al minimo un&#8217;ulteriore perdita di capelli. Un risultato visibile si osserva dopo 6-9 mesi, il risultato definitivo dopo un massimo di 12 mesi.<\/p>\n<\/div>\n<div style=\"border:1px solid #e3e8ef;border-radius:10px;padding:16px;margin-bottom:12px\">\n<p style=\"margin:0 0 8px;color:#013366;font-weight:600;font-size:17px;line-height:1.4\">Quali rischi specifici corrono le persone con diabete in un trapianto di capelli rispetto a chi non ha il diabete?<\/p>\n<p style=\"margin:0;color:#2e3033;line-height:1.65\">Le persone con diabete hanno un rischio aumentato di alcune complicanze negli interventi chirurgici, tra cui: il rischio infettivo, perch\u00e9 una possibile compromissione del sistema immunitario pu\u00f2 aumentare il rischio di infezioni postoperatorie. E la guarigione ritardata delle ferite, perch\u00e9 valori glicemici alti possono rallentare i processi di guarigione, con tempi di recupero pi\u00f9 lunghi. Una metanalisi di 29 studi randomizzati con 14.126 pazienti ha riscontrato, con un buon controllo glicemico perioperatorio, nettamente meno infezioni della ferita (risk ratio 0,63; Lai et al. 2022). Non \u00e8 invece corretta la spesso citata maggiore tendenza al sanguinamento: il diabete \u00e8 considerato procoagulante, non emorragico. Una pianificazione preoperatoria accurata e un&#8217;assistenza postoperatoria attenta sono quindi particolarmente importanti per le persone con diabete, per ridurre al minimo questi rischi.<\/p>\n<\/div>\n<\/div>\n\n\n\n<h2 class=\"wp-block-heading\">Conclusione<\/h2>\n\n\n\n<p class=\"wp-block-paragraph\">La caduta dei capelli nel diabete pu\u00f2 pesare, ma esistono modi efficaci per ridurla e favorire la crescita. Un controllo glicemico stabile, uno stile di vita sano e misure mediche mirate contribuiscono in modo decisivo a <strong>fermare la caduta dei capelli da diabete<\/strong>.<\/p>\n\n\n\n<p class=\"wp-block-paragraph\">Che cosa conta, in quest&#8217;ordine: HbA1c nell&#8217;intervallo obiettivo, far chiarire gli otto valori di laboratorio del percorso, colmare le lacune nutrizionali, non ridurre il peso troppo in fretta. Nel tipo 1 in pi\u00f9 la tiroide e, in presenza di chiazze rotonde, il dermatologo. Solo dopo ha senso la domanda su principi attivi o trapianto.<\/p>\n\n\n\n<p class=\"wp-block-paragraph\">Non aspetti se nota dei cambiamenti: una diagnosi precoce e una terapia mirata fanno la differenza. La <a href=\"\/it\/clinica\/\">clinica Elithair<\/a> offre una consulenza gratuita per trovare la soluzione migliore per lei. Prima di ogni decisione viene per\u00f2 il chiarimento delle cause: l&#8217;esame del sangue preliminare verifica se un trapianto sia davvero la terapia giusta e, se il metabolismo non \u00e8 stabile, prima si tratta.<\/p>\n\n\n<div class=\"wp-block-image\">\n<figure class=\"aligncenter size-large is-resized\" style=\"max-width:720px;margin-left:auto;margin-right:auto\"><img decoding=\"async\" src=\"https:\/\/elithair.com\/it\/wp-content\/uploads\/sites\/6\/2026\/08\/bewegung_alltag.png\" alt=\"Una coppia sulla cinquantina cammina a passo svelto nel parco, a illustrazione della raccomandazione di attivit\u00e0 fisica nel diabete\" class=\"wp-image-107912\" style=\"width:720px;max-width:100%;height:auto\"\/><\/figure>\n<\/div>\n\n\n<div class=\"wp-block-buttons is-content-justification-center is-layout-flex wp-container-core-buttons-is-layout-fe48e5de wp-block-buttons-is-layout-flex\" style=\"justify-content:center;margin-bottom:48px\">\n<div class=\"wp-block-button\"><a class=\"wp-block-button__link wp-element-button\" style=\"background-color:#0079F1;color:#ffffff;border-radius:8px;padding:15px 36px;font-weight:700;font-size:17px\" href=\"\/it\/analisi-capillare\/\">Inizia l&#8217;analisi gratuita dei capelli<\/a><\/div>\n<\/div>\n\n\n\n<h3 class=\"wp-block-heading\">Fonti e aggiornamento<\/h3>\n\n\n\n<div style=\"background:#f6f9fc;border:1px solid #dbe4f0;border-radius:12px;padding:20px 22px;margin:26px 0\">\n<p style=\"margin:0 0 14px;color:#013366;font-weight:700;font-size:18px\">Fonti scientifiche<\/p>\n<ul style=\"margin:0;padding:0;list-style:none\">\n<li style=\"padding:9px 0;border-bottom:1px solid #eef1f5;color:#2e3033;font-size:14px;line-height:1.5\">Erden O, Yorulmaz A, Yalcin B: Increased Prevalence of Insulin Resistance and Metabolic Syndrome in Men With Early-Onset Androgenetic Alopecia. <em>Journal of Cosmetic Dermatology<\/em> (2025). <a href=\"https:\/\/onlinelibrary.wiley.com\/doi\/10.1111\/jocd.70458\" target=\"_blank\" rel=\"noopener\">Wiley Online Library<\/a><\/li>\n<li style=\"padding:9px 0;border-bottom:1px solid #eef1f5;color:#2e3033;font-size:14px;line-height:1.5\">Glycolipid and Hormonal Profiles in Young Men with Early-Onset Androgenetic Alopecia: una metanalisi. <em>Scientific Reports<\/em> (2017). <a href=\"https:\/\/www.nature.com\/articles\/s41598-017-08528-3\" target=\"_blank\" rel=\"noopener\">Nature<\/a><\/li>\n<li style=\"padding:9px 0;border-bottom:1px solid #eef1f5;color:#2e3033;font-size:14px;line-height:1.5\">Risk factors for androgenetic alopecia: a systematic review and meta-analysis. <em>BMC Public Health<\/em> (2026). <a href=\"https:\/\/link.springer.com\/article\/10.1186\/s12889-026-26258-y\" target=\"_blank\" rel=\"noopener\">BMC Public Health<\/a><\/li>\n<li style=\"padding:9px 0;border-bottom:1px solid #eef1f5;color:#2e3033;font-size:14px;line-height:1.5\">StatPearls: Telogen Effluvium (valori soglia, distribuzione anagen-telogen, remissione spontanea). <a href=\"https:\/\/www.ncbi.nlm.nih.gov\/books\/NBK430848\/\" target=\"_blank\" rel=\"noopener\">NCBI Bookshelf<\/a><\/li>\n<li style=\"padding:9px 0;border-bottom:1px solid #eef1f5;color:#2e3033;font-size:14px;line-height:1.5\">Evaluation of chronic pruritus and associated skin findings in patients with diabetes mellitus (249 pazienti, xerosi 64 per cento). <a href=\"https:\/\/pmc.ncbi.nlm.nih.gov\/articles\/PMC10763738\/\" target=\"_blank\" rel=\"noopener\">PMC<\/a><\/li>\n<li style=\"padding:9px 0;border-bottom:1px solid #eef1f5;color:#2e3033;font-size:14px;line-height:1.5\">Itch in diabetes: a common underestimated problem (panoramica sulla prevalenza). <a href=\"https:\/\/pmc.ncbi.nlm.nih.gov\/articles\/PMC9880781\/\" target=\"_blank\" rel=\"noopener\">PMC<\/a><\/li>\n<li style=\"padding:9px 0;border-bottom:1px solid #eef1f5;color:#2e3033;font-size:14px;line-height:1.5\">Comorbilit\u00e0 autoimmuni nel diabete di tipo 1: studio trasversale su 251 adulti (Hashimoto 16,3 per cento, anticorpi anti-TPO 58,6 per cento). <a href=\"https:\/\/pmc.ncbi.nlm.nih.gov\/articles\/PMC9395765\/\" target=\"_blank\" rel=\"noopener\">PMC<\/a><\/li>\n<li style=\"padding:9px 0;border-bottom:1px solid #eef1f5;color:#2e3033;font-size:14px;line-height:1.5\">Lai et al.: metanalisi di 29 studi randomizzati (n = 14.126) su controllo glicemico perioperatorio e infezioni della ferita (2022). <a href=\"https:\/\/pmc.ncbi.nlm.nih.gov\/articles\/PMC8990940\/\" target=\"_blank\" rel=\"noopener\">PMC<\/a><\/li>\n<li style=\"padding:9px 0;border-bottom:1px solid #eef1f5;color:#2e3033;font-size:14px;line-height:1.5\">Effects of Hyperglycemia and Diabetes Mellitus on Coagulation and Hemostasis (il diabete \u00e8 protrombotico). <a href=\"https:\/\/www.ncbi.nlm.nih.gov\/pmc\/articles\/PMC8199251\/\" target=\"_blank\" rel=\"noopener\">PMC<\/a><\/li>\n<li style=\"padding:9px 0;border-bottom:1px solid #eef1f5;color:#2e3033;font-size:14px;line-height:1.5\">MHRA Drug Safety Update su metformina e monitoraggio della vitamina B12 (2022), citato tramite una revisione su PMC. <a href=\"https:\/\/pmc.ncbi.nlm.nih.gov\/articles\/PMC12918417\/\" target=\"_blank\" rel=\"noopener\">PMC<\/a><\/li>\n<li style=\"padding:9px 0;border-bottom:1px solid #eef1f5;color:#2e3033;font-size:14px;line-height:1.5\">Istituto Superiore di Sanit\u00e0, Sistema Nazionale Linee Guida: linea guida sulla terapia del diabete di tipo 2 (obiettivi glicemici). <a href=\"https:\/\/www.iss.it\/documents\/20126\/8331678\/LG_379_diabete_tipo2_ed2025.pdf?t=1761572353537\" target=\"_blank\" rel=\"noopener\">ISS<\/a><\/li>\n<li style=\"padding:9px 0;border-bottom:1px solid #eef1f5;color:#2e3033;font-size:14px;line-height:1.5\">American Diabetes Association: Standards of Care in Diabetes 2026, capitolo 6 Glycemic Goals. <a href=\"https:\/\/diabetesjournals.org\/care\/article\/49\/Supplement_1\/S132\/163927\/6-Glycemic-Goals-Hypoglycemia-and-Hyperglycemic\" target=\"_blank\" rel=\"noopener\">ADA<\/a><\/li>\n<li style=\"padding:9px 0;border-bottom:1px solid #eef1f5;color:#2e3033;font-size:14px;line-height:1.5\">Societ\u00e0 Italiana di Tricologia: documenti e raccomandazioni sull&#8217;alopecia. <a href=\"https:\/\/www.sitri.it\/document\/alopecia-androgenetica-2\/\" target=\"_blank\" rel=\"noopener\">SITRI<\/a><\/li>\n<li style=\"padding:9px 0;border-bottom:1px solid #eef1f5;color:#2e3033;font-size:14px;line-height:1.5\">Sorveglianza del diabete: stime sui casi non diagnosticati nella popolazione adulta. <a href=\"https:\/\/www.ncbi.nlm.nih.gov\/pmc\/articles\/PMC10165910\/\" target=\"_blank\" rel=\"noopener\">PMC<\/a><\/li>\n<li style=\"padding:9px 0;border-bottom:1px solid #eef1f5;color:#2e3033;font-size:14px;line-height:1.5\">Wang et al.: The effects of advanced glycation end-products on skin. <em>Experimental Dermatology<\/em> (2024). <a href=\"https:\/\/onlinelibrary.wiley.com\/doi\/full\/10.1111\/exd.15065\" target=\"_blank\" rel=\"noopener\">Wiley Online Library<\/a><\/li>\n<li style=\"padding:9px 0;border-bottom:1px solid #eef1f5;color:#2e3033;font-size:14px;line-height:1.5\">Mayo Clinic: Minoxidil (oral route), effetti indesiderati e avvertenze. <a href=\"https:\/\/www.mayoclinic.org\/drugs-supplements\/minoxidil-oral-route\/description\/drg-20068757\" target=\"_blank\" rel=\"noopener\">Mayo Clinic<\/a><\/li>\n<li style=\"padding:9px 0;color:#2e3033;font-size:14px;line-height:1.5\">Mangal et al. (2024): metanalisi su 132 studi e 52.501 partecipanti sulle carenze di micronutrienti nel diabete di tipo 2. Mangal et al. 2024<\/li>\n<\/ul>\n<p style=\"margin:16px 0 0;font-size:13px;color:#6b7280\">Aggiornamento: agosto 2026. Le cifre e i riferimenti alle linee guida sono stati verificati a quella data.<\/p>\n<p style=\"margin:10px 0 0;font-size:13px;color:#6b7280;font-style:italic\">Questo articolo ha finalit\u00e0 informative e non sostituisce una diagnosi o un trattamento medico. Non modifichi mai di propria iniziativa i farmaci per il diabete: parli della caduta dei capelli e dei valori di laboratorio con il suo medico di famiglia o con la diabetologia.<\/p>\n<\/div>\n\n\n\n<script type=\"application\/ld+json\">\n{\"@context\": \"https:\/\/schema.org\", \"@type\": \"FAQPage\", \"mainEntity\": [{\"@type\": \"Question\", \"name\": \"I capelli ricrescono con il diabete e quanto tempo serve?\", \"acceptedAnswer\": {\"@type\": \"Answer\", \"text\": \"In una caduta diffusa di origine metabolica di norma s\u00ec: un telogen effluvium acuto regredisce spontaneamente in circa il 95 per cento dei casi, non appena la causa scatenante viene rimossa (StatPearls). La caduta diminuisce dopo 1-2 mesi, i primi capelli nuovi si vedono dopo 5-6 mesi, un aumento visibile della densit\u00e0 dopo 9-12 mesi. Una quota androgenetica non ricresce con il resto.\"}}, {\"@type\": \"Question\", \"name\": \"La metformina provoca la caduta dei capelli?\", \"acceptedAnswer\": {\"@type\": \"Answer\", \"text\": \"No, un legame diretto non \u00e8 documentato e la caduta dei capelli non \u00e8 elencata come effetto indesiderato nelle informazioni sul prodotto. \u00c8 documentata una via indiretta: con l'assunzione prolungata la metformina riduce l'assorbimento della vitamina B12; secondo la MHRA (2022) un basso livello di B12 riguarda fino a 1 persona su 10 in caso di assunzione elevata o prolungata. Una carenza di B12 pu\u00f2 favorire la caduta dei capelli. Per questo conviene far controllare la B12 e non sospendere la metformina di propria iniziativa.\"}}, {\"@type\": \"Question\", \"name\": \"Che cos'\u00e8 l'indice HOMA e da quando \u00e8 significativo?\", \"acceptedAnswer\": {\"@type\": \"Answer\", \"text\": \"L'indice HOMA (HOMA-IR) stima l'insulino-resistenza a partire da insulina e glicemia a digiuno; la formula \u00e8 insulina per glicemia diviso 405. Come normale viene spesso indicato l'intervallo 0,7-2,0. Sul valore soglia la letteratura non \u00e8 uniforme: 1,9, 2,5 o 2,7 vengono usati in parallelo e nessuna societ\u00e0 scientifica ha ratificato un cut-off. \u00c8 un test metabolico, non un test per la caduta dei capelli.\"}}, {\"@type\": \"Question\", \"name\": \"Quale valore di HbA1c \u00e8 rilevante per i capelli?\", \"acceptedAnswer\": {\"@type\": \"Answer\", \"text\": \"Una soglia specifica per i capelli non esiste in letteratura. Come orientamento vale l'intervallo obiettivo generale: le linee guida raccomandano per il tipo 2 valori individualizzati di circa 6,5-7,5 per cento, mentre l'ADA indica negli Standards of Care 2026 un valore sotto il 7 per cento per la maggior parte degli adulti. Prima di un intervento chirurgico si punta a un valore sotto il 7 per cento, perch\u00e9 la guarigione delle ferite ne trae beneficio.\"}}, {\"@type\": \"Question\", \"name\": \"L'insulino-resistenza senza diabete pu\u00f2 favorire la caduta dei capelli?\", \"acceptedAnswer\": {\"@type\": \"Answer\", \"text\": \"Gli studi mostrano l'associazione gi\u00e0 senza un diabete conclamato, quindi nell'area del prediabete. In uno studio caso-controllo su 200 uomini tra i 18 e i 35 anni un'insulino-resistenza era presente nel 18 per cento degli uomini con caduta a esordio precoce contro il 4 per cento dei controlli (Erden et al. 2025). \u00c8 un'aggregazione statistica, non una prova di causalit\u00e0. L'insulino-resistenza si presenta anche con un peso corporeo normale.\"}}, {\"@type\": \"Question\", \"name\": \"Perch\u00e9 nel diabete prude il cuoio capelluto?\", \"acceptedAnswer\": {\"@type\": \"Answer\", \"text\": \"Il prurito cronico riguarda, a seconda dello studio, il 18,4-30,9 per cento delle persone con diabete di tipo 2. La causa pi\u00f9 frequente \u00e8 la pelle secca (xerosi, 64 per cento degli interessati in una coorte di 249 pazienti), seguita dalle infezioni fungine (16 per cento). Si aggiungono i segnali nervosi errati nella neuropatia delle piccole fibre. Il prurito in s\u00e9 non provoca la caduta dei capelli, ma grattarsi continuamente pu\u00f2 accentuarla.\"}}, {\"@type\": \"Question\", \"name\": \"Quale medico si occupa di caduta dei capelli e diabete?\", \"acceptedAnswer\": {\"@type\": \"Answer\", \"text\": \"Il primo riferimento \u00e8 il medico di famiglia o la diabetologia: l\u00ec si chiariscono HbA1c, stato nutrizionale e patologie concomitanti. In presenza di chiazze rotonde o di un cuoio capelluto infiammato o infetto serve il dermatologo. Le donne con sospetta PCOS trovano risposta in ginecologia o endocrinologia. Un'analisi dei capelli in una clinica specializzata chiarisce lo schema della caduta, ma non sostituisce nessuna di queste valutazioni.\"}}, {\"@type\": \"Question\", \"name\": \"Quali precauzioni particolari devono osservare le persone con diabete prima, durante e dopo un trapianto di capelli?\", \"acceptedAnswer\": {\"@type\": \"Answer\", \"text\": \"Prima di un trapianto le persone con diabete dovrebbero assicurarsi che la glicemia sia stabile e ben controllata. Una stretta collaborazione con il medico curante \u00e8 essenziale per ridurre al minimo rischi come infezioni o guarigione ritardata delle ferite. Durante l'intervento \u00e8 importante un monitoraggio continuo della glicemia, con pause e misurazioni nelle sedute pi\u00f9 lunghe. Dopo l'operazione vanno seguite scrupolosamente le istruzioni per la cura postoperatoria e rispettati i controlli periodici, per sostenere al meglio il processo di guarigione.\"}}, {\"@type\": \"Question\", \"name\": \"Ci sono differenze di idoneit\u00e0 al trapianto di capelli tra diabete di tipo 1 e di tipo 2?\", \"acceptedAnswer\": {\"@type\": \"Answer\", \"text\": \"Non decide il tipo, ma il compenso. Non esistono linee guida n\u00e9 studi a sostegno di un rifiuto generalizzato nel diabete di tipo 1. In pratica, nel tipo 1 un intervento lungo richiede un piano di gestione della glicemia con misurazioni, pause ed eventualmente un adeguamento dell'insulina da parte della diabetologia. Nel tipo 2 contano inoltre le patologie concomitanti come il coinvolgimento renale o l'insufficienza cardiaca. In entrambi i casi una valutazione medica individuale \u00e8 indispensabile per stabilire l'idoneit\u00e0 nel singolo caso.\"}}, {\"@type\": \"Question\", \"name\": \"Quali alternative non chirurgiche esistono per le persone con diabete che soffrono di caduta dei capelli?\", \"acceptedAnswer\": {\"@type\": \"Answer\", \"text\": \"Al primo posto c'\u00e8 il lavoro sulle cause: portare la glicemia nell'intervallo obiettivo e correggere le carenze documentate di ferritina, B12, zinco o vitamina D. Le persone con diabete che non desiderano un intervento chirurgico o non vi sono idonee possono inoltre considerare le seguenti opzioni: le soluzioni topiche come il minoxidil possono favorire la crescita dei capelli, anche se ci\u00f2 \u00e8 documentato solo nell'alopecia androgenetica; \u00e8 importante consultare un medico prima di iniziare una terapia del genere. Il PRP mostra nelle revisioni un'evidenza moderata sulla densit\u00e0 dei capelli, a fronte di una letteratura eterogenea. Un'alimentazione equilibrata, un'attivit\u00e0 fisica regolare e una gestione efficace dello stress possono migliorare lo stato di salute generale e influire positivamente sulla crescita dei capelli.\"}}, {\"@type\": \"Question\", \"name\": \"Come influisce un trapianto di capelli sul decorso a lungo termine della caduta nelle persone con diabete?\", \"acceptedAnswer\": {\"@type\": \"Answer\", \"text\": \"Un trapianto riuscito pu\u00f2 migliorare nettamente l'aspetto in caso di caduta dei capelli nelle persone con diabete. L'intervento non incide per\u00f2 sulle cause di fondo. \u00c8 quindi possibile che complicanze diabetiche non trattate o in progressione continuino a causare caduta dei capelli. Un controllo continuo della glicemia e uno stile di vita sano sono decisivi per garantire il successo a lungo termine del trapianto e ridurre al minimo un'ulteriore perdita di capelli. Un risultato visibile si osserva dopo 6-9 mesi, il risultato definitivo dopo un massimo di 12 mesi.\"}}, {\"@type\": \"Question\", \"name\": \"Quali rischi specifici corrono le persone con diabete in un trapianto di capelli rispetto a chi non ha il diabete?\", \"acceptedAnswer\": {\"@type\": \"Answer\", \"text\": \"Le persone con diabete hanno un rischio aumentato di alcune complicanze negli interventi chirurgici, tra cui: il rischio infettivo, perch\u00e9 una possibile compromissione del sistema immunitario pu\u00f2 aumentare il rischio di infezioni postoperatorie. E la guarigione ritardata delle ferite, perch\u00e9 valori glicemici alti possono rallentare i processi di guarigione, con tempi di recupero pi\u00f9 lunghi. Una metanalisi di 29 studi randomizzati con 14.126 pazienti ha riscontrato, con un buon controllo glicemico perioperatorio, nettamente meno infezioni della ferita (risk ratio 0,63; Lai et al. 2022). Non \u00e8 invece corretta la spesso citata maggiore tendenza al sanguinamento: il diabete \u00e8 considerato procoagulante, non emorragico. Una pianificazione preoperatoria accurata e un'assistenza postoperatoria attenta sono quindi particolarmente importanti per le persone con diabete, per ridurre al minimo questi rischi.\"}}]}\n<\/script>\n\n\n\n<p class=\"wp-block-paragraph\">Argomenti collegati dal nostro cluster sulla caduta dei capelli: <a href=\"\/it\/trapianto-capelli-blog\/caduta-capelli-diffusa\/\">caduta diffusa dei capelli<\/a>, <a href=\"\/it\/trapianto-capelli-blog\/carenza-di-ferro-caduta-dei-capelli\/\">carenza di ferro e caduta dei capelli<\/a>, <a href=\"\/it\/trapianto-capelli-blog\/vitamine-caduta-capelli\/\">vitamine contro la caduta dei capelli<\/a> nonch\u00e9 <a href=\"\/it\/trapianto-capelli-blog\/tiroide-caduta-dei-capelli\/\">caduta dei capelli e tiroide<\/a>. In particolare sui farmaci: caduta dei capelli con Ozempic.<\/p>\n\n","protected":false},"excerpt":{"rendered":"<p>Pi\u00f9 capelli nella spazzola e, all&#8217;ultimo controllo, il valore di HbA1c troppo alto: il legame tra diabete e caduta dei capelli \u00e8 reale, ma quasi sempre diverso da come lo si immagina. La caduta legata al diabete \u00e8 tipicamente diffusa su tutto il capo e, con una glicemia stabile, regredisce nell&#8217;arco di alcuni mesi. Accanto [&hellip;]<\/p>\n","protected":false},"author":10,"featured_media":107661,"comment_status":"closed","ping_status":"closed","sticky":false,"template":"","format":"standard","meta":{"_acf_changed":false,"_yoast_wpseo_meta-robots-noindex":"","_yoast_wpseo_meta-robots-nofollow":"","_yoast_wpseo_meta-robots-adv":"","_yoast_wpseo_canonical":"https:\/\/elithair.com\/it\/trapianto-capelli-blog\/diabete-caduta-dei-capelli\/","_yoast_wpseo_opengraph-title":"","_yoast_wpseo_opengraph-description":"","_yoast_wpseo_opengraph-image":"","_yoast_wpseo_twitter-title":"","_yoast_wpseo_twitter-description":"","_yoast_wpseo_twitter-image":"","_hm_hreflang_map":{"de":49955,"en":91610,"es":91872,"fr":101238,"it":107657,"pt":89717,"tr":83299,"uk":95633,"x_default":91610},"_hm_language_code":"it","footnotes":""},"categories":[2],"tags":[],"class_list":["post-107657","post","type-post","status-publish","format-standard","has-post-thumbnail","hentry","category-cura-dei-capelli"],"acf":[],"yoast_head":"<!-- This site is optimized with the Yoast SEO Premium plugin v28.3 (Yoast SEO v28.3) - https:\/\/yoast.com\/product\/yoast-seo-premium-wordpress\/ -->\n<title>Diabete e caduta dei capelli: come capire se la causa \u00e8 la glicemia<\/title>\n<meta name=\"description\" content=\"Diabete e caduta dei capelli: perch\u00e9 la glicemia alta costa capelli, che ruolo ha l&#039;insulino-resistenza e quali valori del sangue conviene far controllare.\" \/>\n<meta name=\"robots\" content=\"index, follow, max-snippet:-1, max-image-preview:large, max-video-preview:-1\" \/>\n<link rel=\"canonical\" href=\"https:\/\/elithair.com\/it\/trapianto-capelli-blog\/diabete-caduta-dei-capelli\/\" \/>\n<meta property=\"og:locale\" content=\"it_IT\" \/>\n<meta property=\"og:type\" content=\"article\" \/>\n<meta property=\"og:title\" content=\"Diabete e caduta dei capelli: cause, insulino-resistenza e cosa aiuta davvero\" \/>\n<meta property=\"og:description\" content=\"Diabete e caduta dei capelli: perch\u00e9 la glicemia alta costa capelli, che ruolo ha l&#039;insulino-resistenza e quali valori del sangue conviene far controllare.\" \/>\n<meta property=\"og:url\" content=\"https:\/\/elithair.com\/it\/trapianto-capelli-blog\/diabete-caduta-dei-capelli\/\" \/>\n<meta property=\"og:site_name\" content=\"Elithair\" \/>\n<meta property=\"article:publisher\" content=\"https:\/\/www.facebook.com\/ElithairtransplantITALIA\/\" \/>\n<meta property=\"article:published_time\" content=\"2026-08-29T12:38:01+00:00\" \/>\n<meta property=\"og:image\" content=\"https:\/\/elithair.com\/it\/wp-content\/uploads\/sites\/6\/2026\/08\/bestand_97298.png\" \/>\n<meta name=\"author\" content=\"Dr. Imad Moustafa\" \/>\n<meta name=\"twitter:card\" content=\"summary_large_image\" \/>\n<meta name=\"twitter:label1\" content=\"Scritto da\" \/>\n\t<meta name=\"twitter:data1\" content=\"Dr. Imad Moustafa\" \/>\n\t<meta name=\"twitter:label2\" content=\"Tempo di lettura stimato\" \/>\n\t<meta name=\"twitter:data2\" content=\"57 minuti\" \/>\n<script type=\"application\/ld+json\" class=\"yoast-schema-graph\">{\"@context\":\"https:\\\/\\\/schema.org\",\"@graph\":[{\"@type\":\"Article\",\"@id\":\"https:\\\/\\\/elithair.com\\\/it\\\/trapianto-capelli-blog\\\/diabete-caduta-dei-capelli\\\/#article\",\"isPartOf\":{\"@id\":\"https:\\\/\\\/elithair.com\\\/it\\\/trapianto-capelli-blog\\\/diabete-caduta-dei-capelli\\\/\"},\"author\":{\"name\":\"Dr. Imad Moustafa\",\"@id\":\"https:\\\/\\\/elithair.com\\\/it\\\/#\\\/schema\\\/person\\\/11ce37e83a6343e4c37edcd4b5498e41\"},\"headline\":\"Diabete e caduta dei capelli: cause, insulino-resistenza e cosa aiuta davvero\",\"datePublished\":\"2026-08-29T12:38:01+00:00\",\"mainEntityOfPage\":{\"@id\":\"https:\\\/\\\/elithair.com\\\/it\\\/trapianto-capelli-blog\\\/diabete-caduta-dei-capelli\\\/\"},\"wordCount\":11621,\"publisher\":{\"@id\":\"https:\\\/\\\/elithair.com\\\/it\\\/#organization\"},\"image\":{\"@id\":\"https:\\\/\\\/elithair.com\\\/it\\\/trapianto-capelli-blog\\\/diabete-caduta-dei-capelli\\\/#primaryimage\"},\"thumbnailUrl\":\"https:\\\/\\\/elithair.com\\\/it\\\/wp-content\\\/uploads\\\/sites\\\/6\\\/2026\\\/08\\\/hero-8.png\",\"articleSection\":[\"Come prendersi cura dei capelli\"],\"inLanguage\":\"it-IT\"},{\"@type\":\"WebPage\",\"@id\":\"https:\\\/\\\/elithair.com\\\/it\\\/trapianto-capelli-blog\\\/diabete-caduta-dei-capelli\\\/\",\"url\":\"https:\\\/\\\/elithair.com\\\/it\\\/trapianto-capelli-blog\\\/diabete-caduta-dei-capelli\\\/\",\"name\":\"Diabete e caduta dei capelli: come capire se la causa \u00e8 la glicemia\",\"isPartOf\":{\"@id\":\"https:\\\/\\\/elithair.com\\\/it\\\/#website\"},\"primaryImageOfPage\":{\"@id\":\"https:\\\/\\\/elithair.com\\\/it\\\/trapianto-capelli-blog\\\/diabete-caduta-dei-capelli\\\/#primaryimage\"},\"image\":{\"@id\":\"https:\\\/\\\/elithair.com\\\/it\\\/trapianto-capelli-blog\\\/diabete-caduta-dei-capelli\\\/#primaryimage\"},\"thumbnailUrl\":\"https:\\\/\\\/elithair.com\\\/it\\\/wp-content\\\/uploads\\\/sites\\\/6\\\/2026\\\/08\\\/hero-8.png\",\"datePublished\":\"2026-08-29T12:38:01+00:00\",\"description\":\"Diabete e caduta dei capelli: perch\u00e9 la glicemia alta costa capelli, che ruolo ha l'insulino-resistenza e quali valori del sangue conviene far controllare.\",\"breadcrumb\":{\"@id\":\"https:\\\/\\\/elithair.com\\\/it\\\/trapianto-capelli-blog\\\/diabete-caduta-dei-capelli\\\/#breadcrumb\"},\"inLanguage\":\"it-IT\",\"potentialAction\":[{\"@type\":\"ReadAction\",\"target\":[\"https:\\\/\\\/elithair.com\\\/it\\\/trapianto-capelli-blog\\\/diabete-caduta-dei-capelli\\\/\"]}]},{\"@type\":\"ImageObject\",\"inLanguage\":\"it-IT\",\"@id\":\"https:\\\/\\\/elithair.com\\\/it\\\/trapianto-capelli-blog\\\/diabete-caduta-dei-capelli\\\/#primaryimage\",\"url\":\"https:\\\/\\\/elithair.com\\\/it\\\/wp-content\\\/uploads\\\/sites\\\/6\\\/2026\\\/08\\\/hero-8.png\",\"contentUrl\":\"https:\\\/\\\/elithair.com\\\/it\\\/wp-content\\\/uploads\\\/sites\\\/6\\\/2026\\\/08\\\/hero-8.png\",\"width\":1536,\"height\":1024,\"caption\":\"Mann Ende vierzig betrachtet im Badezimmer eine Haarb\u00fcrste, daneben ein Blutzuckermessger\u00e4t\"},{\"@type\":\"BreadcrumbList\",\"@id\":\"https:\\\/\\\/elithair.com\\\/it\\\/trapianto-capelli-blog\\\/diabete-caduta-dei-capelli\\\/#breadcrumb\",\"itemListElement\":[{\"@type\":\"ListItem\",\"position\":1,\"name\":\"Home\",\"item\":\"https:\\\/\\\/elithair.com\\\/it\\\/\"},{\"@type\":\"ListItem\",\"position\":2,\"name\":\"Diabete e caduta dei capelli: cause, insulino-resistenza e cosa aiuta davvero\"}]},{\"@type\":\"WebSite\",\"@id\":\"https:\\\/\\\/elithair.com\\\/it\\\/#website\",\"url\":\"https:\\\/\\\/elithair.com\\\/it\\\/\",\"name\":\"Elithair\",\"description\":\"\",\"publisher\":{\"@id\":\"https:\\\/\\\/elithair.com\\\/it\\\/#organization\"},\"alternateName\":\"la migliore clinica di trapianto di capelli in Turchia\",\"potentialAction\":[{\"@type\":\"SearchAction\",\"target\":{\"@type\":\"EntryPoint\",\"urlTemplate\":\"https:\\\/\\\/elithair.com\\\/it\\\/?s={search_term_string}\"},\"query-input\":{\"@type\":\"PropertyValueSpecification\",\"valueRequired\":true,\"valueName\":\"search_term_string\"}}],\"inLanguage\":\"it-IT\"},{\"@type\":\"Organization\",\"@id\":\"https:\\\/\\\/elithair.com\\\/it\\\/#organization\",\"name\":\"Elithair\",\"url\":\"https:\\\/\\\/elithair.com\\\/it\\\/\",\"logo\":{\"@type\":\"ImageObject\",\"inLanguage\":\"it-IT\",\"@id\":\"https:\\\/\\\/elithair.com\\\/it\\\/#\\\/schema\\\/logo\\\/image\\\/\",\"url\":\"https:\\\/\\\/elithair.com\\\/it\\\/wp-content\\\/uploads\\\/sites\\\/6\\\/2026\\\/04\\\/elithair-logo-primary-1.svg\",\"contentUrl\":\"https:\\\/\\\/elithair.com\\\/it\\\/wp-content\\\/uploads\\\/sites\\\/6\\\/2026\\\/04\\\/elithair-logo-primary-1.svg\",\"width\":1,\"height\":1,\"caption\":\"Elithair\"},\"image\":{\"@id\":\"https:\\\/\\\/elithair.com\\\/it\\\/#\\\/schema\\\/logo\\\/image\\\/\"},\"sameAs\":[\"https:\\\/\\\/www.facebook.com\\\/ElithairtransplantITALIA\\\/\",\"https:\\\/\\\/www.instagram.com\\\/elithair.it\\\/\",\"https:\\\/\\\/www.tiktok.com\\\/@elithair.it?_t=8q2yRxSytjU&_r=1\",\"https:\\\/\\\/www.youtube.com\\\/@elithair-trapiantocapellii1905\"]},{\"@type\":\"Person\",\"@id\":\"https:\\\/\\\/elithair.com\\\/it\\\/#\\\/schema\\\/person\\\/11ce37e83a6343e4c37edcd4b5498e41\",\"name\":\"Dr. Imad Moustafa\",\"image\":{\"@type\":\"ImageObject\",\"inLanguage\":\"it-IT\",\"@id\":\"https:\\\/\\\/secure.gravatar.com\\\/avatar\\\/9190499f6f3008cd7da57b179f07bfea4b4e382c816ba3e0de68db0b5a70c07d?s=96&d=mm&r=g\",\"url\":\"https:\\\/\\\/secure.gravatar.com\\\/avatar\\\/9190499f6f3008cd7da57b179f07bfea4b4e382c816ba3e0de68db0b5a70c07d?s=96&d=mm&r=g\",\"contentUrl\":\"https:\\\/\\\/secure.gravatar.com\\\/avatar\\\/9190499f6f3008cd7da57b179f07bfea4b4e382c816ba3e0de68db0b5a70c07d?s=96&d=mm&r=g\",\"caption\":\"Dr. Imad Moustafa\"}}]}<\/script>\n<!-- \/ Yoast SEO Premium plugin. -->","yoast_head_json":{"title":"Diabete e caduta dei capelli: come capire se la causa \u00e8 la glicemia","description":"Diabete e caduta dei capelli: perch\u00e9 la glicemia alta costa capelli, che ruolo ha l'insulino-resistenza e quali valori del sangue conviene far controllare.","robots":{"index":"index","follow":"follow","max-snippet":"max-snippet:-1","max-image-preview":"max-image-preview:large","max-video-preview":"max-video-preview:-1"},"canonical":"https:\/\/elithair.com\/it\/trapianto-capelli-blog\/diabete-caduta-dei-capelli\/","og_locale":"it_IT","og_type":"article","og_title":"Diabete e caduta dei capelli: cause, insulino-resistenza e cosa aiuta davvero","og_description":"Diabete e caduta dei capelli: perch\u00e9 la glicemia alta costa capelli, che ruolo ha l'insulino-resistenza e quali valori del sangue conviene far controllare.","og_url":"https:\/\/elithair.com\/it\/trapianto-capelli-blog\/diabete-caduta-dei-capelli\/","og_site_name":"Elithair","article_publisher":"https:\/\/www.facebook.com\/ElithairtransplantITALIA\/","article_published_time":"2026-08-29T12:38:01+00:00","og_image":[{"url":"https:\/\/elithair.com\/it\/wp-content\/uploads\/sites\/6\/2026\/08\/bestand_97298.png","type":"","width":"","height":""}],"author":"Dr. Imad Moustafa","twitter_card":"summary_large_image","twitter_misc":{"Scritto da":"Dr. Imad Moustafa","Tempo di lettura stimato":"57 minuti"},"schema":{"@context":"https:\/\/schema.org","@graph":[{"@type":"Article","@id":"https:\/\/elithair.com\/it\/trapianto-capelli-blog\/diabete-caduta-dei-capelli\/#article","isPartOf":{"@id":"https:\/\/elithair.com\/it\/trapianto-capelli-blog\/diabete-caduta-dei-capelli\/"},"author":{"name":"Dr. Imad Moustafa","@id":"https:\/\/elithair.com\/it\/#\/schema\/person\/11ce37e83a6343e4c37edcd4b5498e41"},"headline":"Diabete e caduta dei capelli: cause, insulino-resistenza e cosa aiuta davvero","datePublished":"2026-08-29T12:38:01+00:00","mainEntityOfPage":{"@id":"https:\/\/elithair.com\/it\/trapianto-capelli-blog\/diabete-caduta-dei-capelli\/"},"wordCount":11621,"publisher":{"@id":"https:\/\/elithair.com\/it\/#organization"},"image":{"@id":"https:\/\/elithair.com\/it\/trapianto-capelli-blog\/diabete-caduta-dei-capelli\/#primaryimage"},"thumbnailUrl":"https:\/\/elithair.com\/it\/wp-content\/uploads\/sites\/6\/2026\/08\/hero-8.png","articleSection":["Come prendersi cura dei capelli"],"inLanguage":"it-IT"},{"@type":"WebPage","@id":"https:\/\/elithair.com\/it\/trapianto-capelli-blog\/diabete-caduta-dei-capelli\/","url":"https:\/\/elithair.com\/it\/trapianto-capelli-blog\/diabete-caduta-dei-capelli\/","name":"Diabete e caduta dei capelli: come capire se la causa \u00e8 la glicemia","isPartOf":{"@id":"https:\/\/elithair.com\/it\/#website"},"primaryImageOfPage":{"@id":"https:\/\/elithair.com\/it\/trapianto-capelli-blog\/diabete-caduta-dei-capelli\/#primaryimage"},"image":{"@id":"https:\/\/elithair.com\/it\/trapianto-capelli-blog\/diabete-caduta-dei-capelli\/#primaryimage"},"thumbnailUrl":"https:\/\/elithair.com\/it\/wp-content\/uploads\/sites\/6\/2026\/08\/hero-8.png","datePublished":"2026-08-29T12:38:01+00:00","description":"Diabete e caduta dei capelli: perch\u00e9 la glicemia alta costa capelli, che ruolo ha l'insulino-resistenza e quali valori del sangue conviene far controllare.","breadcrumb":{"@id":"https:\/\/elithair.com\/it\/trapianto-capelli-blog\/diabete-caduta-dei-capelli\/#breadcrumb"},"inLanguage":"it-IT","potentialAction":[{"@type":"ReadAction","target":["https:\/\/elithair.com\/it\/trapianto-capelli-blog\/diabete-caduta-dei-capelli\/"]}]},{"@type":"ImageObject","inLanguage":"it-IT","@id":"https:\/\/elithair.com\/it\/trapianto-capelli-blog\/diabete-caduta-dei-capelli\/#primaryimage","url":"https:\/\/elithair.com\/it\/wp-content\/uploads\/sites\/6\/2026\/08\/hero-8.png","contentUrl":"https:\/\/elithair.com\/it\/wp-content\/uploads\/sites\/6\/2026\/08\/hero-8.png","width":1536,"height":1024,"caption":"Mann Ende vierzig betrachtet im Badezimmer eine Haarb\u00fcrste, daneben ein Blutzuckermessger\u00e4t"},{"@type":"BreadcrumbList","@id":"https:\/\/elithair.com\/it\/trapianto-capelli-blog\/diabete-caduta-dei-capelli\/#breadcrumb","itemListElement":[{"@type":"ListItem","position":1,"name":"Home","item":"https:\/\/elithair.com\/it\/"},{"@type":"ListItem","position":2,"name":"Diabete e caduta dei capelli: cause, insulino-resistenza e cosa aiuta davvero"}]},{"@type":"WebSite","@id":"https:\/\/elithair.com\/it\/#website","url":"https:\/\/elithair.com\/it\/","name":"Elithair","description":"","publisher":{"@id":"https:\/\/elithair.com\/it\/#organization"},"alternateName":"la migliore clinica di trapianto di capelli in Turchia","potentialAction":[{"@type":"SearchAction","target":{"@type":"EntryPoint","urlTemplate":"https:\/\/elithair.com\/it\/?s={search_term_string}"},"query-input":{"@type":"PropertyValueSpecification","valueRequired":true,"valueName":"search_term_string"}}],"inLanguage":"it-IT"},{"@type":"Organization","@id":"https:\/\/elithair.com\/it\/#organization","name":"Elithair","url":"https:\/\/elithair.com\/it\/","logo":{"@type":"ImageObject","inLanguage":"it-IT","@id":"https:\/\/elithair.com\/it\/#\/schema\/logo\/image\/","url":"https:\/\/elithair.com\/it\/wp-content\/uploads\/sites\/6\/2026\/04\/elithair-logo-primary-1.svg","contentUrl":"https:\/\/elithair.com\/it\/wp-content\/uploads\/sites\/6\/2026\/04\/elithair-logo-primary-1.svg","width":1,"height":1,"caption":"Elithair"},"image":{"@id":"https:\/\/elithair.com\/it\/#\/schema\/logo\/image\/"},"sameAs":["https:\/\/www.facebook.com\/ElithairtransplantITALIA\/","https:\/\/www.instagram.com\/elithair.it\/","https:\/\/www.tiktok.com\/@elithair.it?_t=8q2yRxSytjU&_r=1","https:\/\/www.youtube.com\/@elithair-trapiantocapellii1905"]},{"@type":"Person","@id":"https:\/\/elithair.com\/it\/#\/schema\/person\/11ce37e83a6343e4c37edcd4b5498e41","name":"Dr. Imad Moustafa","image":{"@type":"ImageObject","inLanguage":"it-IT","@id":"https:\/\/secure.gravatar.com\/avatar\/9190499f6f3008cd7da57b179f07bfea4b4e382c816ba3e0de68db0b5a70c07d?s=96&d=mm&r=g","url":"https:\/\/secure.gravatar.com\/avatar\/9190499f6f3008cd7da57b179f07bfea4b4e382c816ba3e0de68db0b5a70c07d?s=96&d=mm&r=g","contentUrl":"https:\/\/secure.gravatar.com\/avatar\/9190499f6f3008cd7da57b179f07bfea4b4e382c816ba3e0de68db0b5a70c07d?s=96&d=mm&r=g","caption":"Dr. Imad Moustafa"}}]}},"_links":{"self":[{"href":"https:\/\/elithair.com\/it\/wp-json\/wp\/v2\/posts\/107657","targetHints":{"allow":["GET"]}}],"collection":[{"href":"https:\/\/elithair.com\/it\/wp-json\/wp\/v2\/posts"}],"about":[{"href":"https:\/\/elithair.com\/it\/wp-json\/wp\/v2\/types\/post"}],"author":[{"embeddable":true,"href":"https:\/\/elithair.com\/it\/wp-json\/wp\/v2\/users\/10"}],"replies":[{"embeddable":true,"href":"https:\/\/elithair.com\/it\/wp-json\/wp\/v2\/comments?post=107657"}],"version-history":[{"count":0,"href":"https:\/\/elithair.com\/it\/wp-json\/wp\/v2\/posts\/107657\/revisions"}],"wp:featuredmedia":[{"embeddable":true,"href":"https:\/\/elithair.com\/it\/wp-json\/wp\/v2\/media\/107661"}],"wp:attachment":[{"href":"https:\/\/elithair.com\/it\/wp-json\/wp\/v2\/media?parent=107657"}],"wp:term":[{"taxonomy":"category","embeddable":true,"href":"https:\/\/elithair.com\/it\/wp-json\/wp\/v2\/categories?post=107657"},{"taxonomy":"post_tag","embeddable":true,"href":"https:\/\/elithair.com\/it\/wp-json\/wp\/v2\/tags?post=107657"}],"curies":[{"name":"wp","href":"https:\/\/api.w.org\/{rel}","templated":true}]}}