{"id":107656,"date":"2026-08-29T12:36:44","date_gmt":"2026-08-29T12:36:44","guid":{"rendered":"https:\/\/elithair.com\/it\/trapianto-capelli-blog\/analisi-del-sangue-caduta-capelli\/"},"modified":"2026-08-29T12:36:44","modified_gmt":"2026-08-29T12:36:44","slug":"analisi-del-sangue-caduta-capelli","status":"publish","type":"post","link":"https:\/\/elithair.com\/it\/trapianto-capelli-blog\/analisi-del-sangue-caduta-capelli\/","title":{"rendered":"Analisi del sangue per la caduta dei capelli: quali valori servono davvero"},"content":{"rendered":"\n<div style=\"border-left:4px solid #0079F1;padding:0 0 0 14px;margin:0 0 26px\">\n<p style=\"margin:0 0 14px;color:#2e3033;font-size:17px;line-height:1.65\">Chi va dal medico per la caduta dei capelli vuole sapere soprattutto due cose: quali valori del sangue andrebbero misurati e che cosa significano i numeri sul referto. I valori davvero informativi sono sei: emocromo, ferritina, PCR, TSH, 25-OH-vitamina D e zinco. Chiariscono le cause trattabili di una caduta diffusa. La forma pi\u00f9 frequente, l&#8217;alopecia androgenetica, nel sangue non si vede. Questo articolo inquadra ogni valore singolarmente, con intervalli di orientamento, fattori di disturbo e fonti, aggiornato al 2026.<\/p>\n<p style=\"margin:0 0 8px;color:#013366;font-weight:700;font-size:16px\">In sintesi<\/p>\n<ul style=\"margin:0 0 14px;padding:0;color:#2e3033;list-style:none\">\n<li style=\"position:relative;padding:3px 0 3px 24px\"><span style=\"position:absolute;left:0;top:3px;color:#0079F1;font-weight:700\">&#10003;<\/span>Il pannello di base nella caduta diffusa comprende emocromo, ferritina, PCR, TSH, 25-OH-vitamina D e zinco<\/li>\n<li style=\"position:relative;padding:3px 0 3px 24px\"><span style=\"position:absolute;left:0;top:3px;color:#0079F1;font-weight:700\">&#10003;<\/span>La ferritina \u00e8 il singolo valore pi\u00f9 importante, e \u00abdentro l&#8217;intervallo di riferimento\u00bb qui non significa automaticamente \u00abottimale\u00bb<\/li>\n<li style=\"position:relative;padding:3px 0 3px 24px\"><span style=\"position:absolute;left:0;top:3px;color:#0079F1;font-weight:700\">&#10003;<\/span>Un emocromo con formula da solo non basta: ferritina, TSH, vitamina D e zinco non ci sono<\/li>\n<li style=\"position:relative;padding:3px 0 3px 24px\"><span style=\"position:absolute;left:0;top:3px;color:#0079F1;font-weight:700\">&#10003;<\/span>Nelle donne i valori ormonali sono una decisione medica e vanno programmati in base al ciclo<\/li>\n<\/ul>\n<p style=\"margin:0;color:#2e3033\">L&#8217;indice mostra dove trovare che cosa. Poi si entra nel dettaglio valore per valore, fino alla domanda su che cosa fare quando tutti gli esami sono normali e i capelli continuano a cadere. Ha gi\u00e0 il referto davanti a s\u00e9? Il <a href=\"#befund-uebersetzer\" style=\"color:#0079F1;font-weight:600\">traduttore del referto<\/a> spiega ogni sigla, dall&#8217;Hb all&#8217;MCV fino agli anti-TPO.<\/p>\n<\/div>\n\n\n\n<h2 class=\"wp-block-heading\">Che cosa chiarisce un esame del sangue nella caduta dei capelli e che cosa non pu\u00f2 chiarire<\/h2>\n\n\n\n<p class=\"wp-block-paragraph\"><strong>Un esame del sangue nella caduta dei capelli chiarisce le cause acquisite e trattabili: carenza di ferro, disfunzione tiroidea, lacune di nutrienti e infiammazione, pi\u00f9 raramente cause ormonali o sistemiche. L&#8217;alopecia androgenetica non pu\u00f2 n\u00e9 dimostrarla n\u00e9 escluderla.<\/strong> Questa forma \u00e8 una diagnosi clinica basata su anamnesi, schema della caduta e tricoscopia, come descrive in modo concorde la letteratura dermatologica.<\/p>\n\n\n\n<p class=\"wp-block-paragraph\">Due termini ricorrono in tutto l&#8217;articolo. Con <strong>alopecia androgenetica<\/strong> si intende la caduta ereditaria dei capelli, in cui i follicoli su fronte, tempie e vertice reagiscono in modo particolarmente sensibile all&#8217;androgeno DHT e si assottigliano progressivamente. Il <strong>telogen effluvium<\/strong> \u00e8 invece una caduta diffusa su tutta la testa, in cui un numero insolitamente alto di follicoli passa contemporaneamente e in anticipo alla fase di riposo.<\/p>\n\n\n\n<div style=\"border:1px solid #dbe4f0;border-radius:12px;padding:20px 22px;margin:0 0 26px;background:#f6f9fc\">\n<p style=\"margin:0 0 10px;color:#013366;font-weight:700;font-size:16px\">Valori del sangue e caduta dei capelli: i sei punti chiave<\/p>\n<ol style=\"margin:0;padding:0 0 0 22px;color:#2e3033;line-height:1.6\">\n<li style=\"padding:4px 0\">Pannello di base: emocromo, ferritina, PCR, TSH, 25-OH-vitamina D, zinco.<\/li>\n<li style=\"padding:4px 0\">La ferritina \u00e8 il singolo valore pi\u00f9 informativo nella caduta diffusa.<\/li>\n<li style=\"padding:4px 0\">La PCR va sempre inclusa, perch\u00e9 un&#8217;infiammazione fa apparire la ferritina falsamente alta.<\/li>\n<li style=\"padding:4px 0\">Un emocromo con formula non contiene n\u00e9 ferritina n\u00e9 TSH, vitamina D o zinco.<\/li>\n<li style=\"padding:4px 0\">Valori ormonali solo dopo l&#8217;anamnesi, nelle donne anche programmati in base al ciclo.<\/li>\n<li style=\"padding:4px 0\">Dopo la correzione di una carenza servono di norma da tre a sei mesi perch\u00e9 la caduta si riduca.<\/li>\n<\/ol>\n<\/div>\n\n\n\n<p class=\"wp-block-paragraph\">Il fatto che gli esami del sangue non mostrino l&#8217;alopecia androgenetica non rende superflua l&#8217;indagine, anzi. Proprio perch\u00e9 lo schema ereditario \u00e8 cos\u00ec frequente, la quota trattabile viene spesso trascurata. Una caduta diffusa dovuta a carenza di ferro o a un disturbo tiroideo \u00e8 reversibile, e le due cose possono coesistere: uno schema ereditario pi\u00f9 una componente diffusa aggiuntiva.<\/p>\n\n\n\n<p class=\"wp-block-paragraph\">Quanto possa contribuire il laboratorio lo decide quindi lo schema: diffuso su tutta la testa significa laboratorio in primo piano, uno schema su fronte e vertice significa laboratorio in secondo piano, chiazze rotonde glabre o un cuoio capelluto infiammato significano dermatologo in primo piano. Quali cause possano esserci dietro lo mostra la panoramica sulle <a href=\"\/it\/trapianto-capelli-blog\/cause-caduta-capelli\/\">cause della caduta dei capelli<\/a> in un quadro d&#8217;insieme.<\/p>\n\n\n\n<style>\n@media (max-width:640px){\n.rt-table-wrap{overflow-x:visible!important;border:0!important;border-radius:0!important}\n.rt-table{min-width:0!important}\n.rt-table thead{display:none}\n.rt-table,.rt-table tbody,.rt-table tr,.rt-table td{display:block;width:100%}\n.rt-table caption{display:block;padding:0 0 12px!important}\n.rt-table tr{margin:0 0 12px;border:1px solid #dbe4f0;border-radius:10px;overflow:hidden}\n.rt-table tr:last-child{margin-bottom:0}\n.rt-table td{display:flex!important;flex-direction:column;gap:3px;padding:12px 14px!important;\nborder:0!important;border-bottom:1px solid #e3e8ef!important;background:#ffffff!important}\n.rt-table tr td:last-child{border-bottom:0!important}\n.rt-table td::before{content:attr(data-label);font-size:12px;font-weight:700;letter-spacing:.04em;\ntext-transform:uppercase;color:#5799F1}\n.rt-table td:not([data-label])::before,.rt-table td[data-label=\"\"]::before{display:none}\n}\n<\/style>\n<div class=\"rt-table-wrap\" style=\"overflow-x:auto;-webkit-overflow-scrolling:touch;margin:28px 0;border:1px solid #dbe4f0;border-radius:12px\">\n  <table class=\"rt-table\" style=\"width:100%;min-width:620px;table-layout:fixed;border-collapse:separate;border-spacing:0;font-size:15px;margin:0\">\n    <caption style=\"caption-side:top;text-align:left;color:#003366;font-weight:700;font-size:16px;line-height:1.35;padding:14px 16px 10px;background:#ffffff\">Che cosa mostra un esame del sangue nella caduta dei capelli e che cosa no<\/caption>\n    <thead>\n      <tr>\n        <th style=\"width:22%;background:#003366;color:#ffffff;font-weight:700;text-align:left;vertical-align:middle;padding:13px 16px;font-size:15px;line-height:1.4;border:0;overflow-wrap:break-word\">Causa o forma<\/th>\n        <th style=\"background:#003366;color:#ffffff;font-weight:700;text-align:left;vertical-align:middle;padding:13px 16px;font-size:15px;line-height:1.4;border:0;overflow-wrap:break-word\">Si vede nel sangue?<\/th>\n        <th style=\"background:#003366;color:#ffffff;font-weight:700;text-align:left;vertical-align:middle;padding:13px 16px;font-size:15px;line-height:1.4;border:0;overflow-wrap:break-word\">Come si riconosce invece<\/th>\n      <\/tr>\n    <\/thead>\n    <tbody>\n      <tr>\n        <td data-label=\"Causa o forma\" style=\"background:#ffffff;color:#003366;font-weight:700;text-align:left;vertical-align:top;padding:13px 16px;font-size:15px;line-height:1.55;border:0;border-bottom:1px solid #e3e8ef;overflow-wrap:break-word\">Carenza di ferro<\/td>\n        <td data-label=\"Si vede nel sangue?\" style=\"background:#ffffff;color:#22303e;font-weight:400;text-align:left;vertical-align:top;padding:13px 16px;font-size:15px;line-height:1.55;border:0;border-bottom:1px solid #e3e8ef;overflow-wrap:break-word\">S\u00ec, tramite la ferritina insieme alla PCR<\/td>\n        <td data-label=\"Come si riconosce invece\" style=\"background:#ffffff;color:#22303e;font-weight:400;text-align:left;vertical-align:top;padding:13px 16px;font-size:15px;line-height:1.55;border:0;border-bottom:1px solid #e3e8ef;overflow-wrap:break-word\">Esame del sangue, in caso di quadro poco chiaro anche saturazione della transferrina<\/td>\n      <\/tr>\n      <tr>\n        <td data-label=\"Causa o forma\" style=\"background:#f6f9fc;color:#003366;font-weight:700;text-align:left;vertical-align:top;padding:13px 16px;font-size:15px;line-height:1.55;border:0;border-bottom:1px solid #e3e8ef;overflow-wrap:break-word\">Disfunzione tiroidea<\/td>\n        <td data-label=\"Si vede nel sangue?\" style=\"background:#f6f9fc;color:#22303e;font-weight:400;text-align:left;vertical-align:top;padding:13px 16px;font-size:15px;line-height:1.55;border:0;border-bottom:1px solid #e3e8ef;overflow-wrap:break-word\">S\u00ec, tramite il TSH, in caso di anomalia fT3, fT4, anticorpi anti-TPO<\/td>\n        <td data-label=\"Come si riconosce invece\" style=\"background:#f6f9fc;color:#22303e;font-weight:400;text-align:left;vertical-align:top;padding:13px 16px;font-size:15px;line-height:1.55;border:0;border-bottom:1px solid #e3e8ef;overflow-wrap:break-word\">Esame del sangue pi\u00f9 visita clinica<\/td>\n      <\/tr>\n      <tr>\n        <td data-label=\"Causa o forma\" style=\"background:#ffffff;color:#003366;font-weight:700;text-align:left;vertical-align:top;padding:13px 16px;font-size:15px;line-height:1.55;border:0;border-bottom:1px solid #e3e8ef;overflow-wrap:break-word\">Carenza di vitamina D<\/td>\n        <td data-label=\"Si vede nel sangue?\" style=\"background:#ffffff;color:#22303e;font-weight:400;text-align:left;vertical-align:top;padding:13px 16px;font-size:15px;line-height:1.55;border:0;border-bottom:1px solid #e3e8ef;overflow-wrap:break-word\">S\u00ec, tramite la 25-OH-vitamina D<\/td>\n        <td data-label=\"Come si riconosce invece\" style=\"background:#ffffff;color:#22303e;font-weight:400;text-align:left;vertical-align:top;padding:13px 16px;font-size:15px;line-height:1.55;border:0;border-bottom:1px solid #e3e8ef;overflow-wrap:break-word\">Esame del sangue<\/td>\n      <\/tr>\n      <tr>\n        <td data-label=\"Causa o forma\" style=\"background:#f6f9fc;color:#003366;font-weight:700;text-align:left;vertical-align:top;padding:13px 16px;font-size:15px;line-height:1.55;border:0;border-bottom:1px solid #e3e8ef;overflow-wrap:break-word\">Carenza di zinco<\/td>\n        <td data-label=\"Si vede nel sangue?\" style=\"background:#f6f9fc;color:#22303e;font-weight:400;text-align:left;vertical-align:top;padding:13px 16px;font-size:15px;line-height:1.55;border:0;border-bottom:1px solid #e3e8ef;overflow-wrap:break-word\">S\u00ec, tramite lo zinco nel siero o nel sangue intero<\/td>\n        <td data-label=\"Come si riconosce invece\" style=\"background:#f6f9fc;color:#22303e;font-weight:400;text-align:left;vertical-align:top;padding:13px 16px;font-size:15px;line-height:1.55;border:0;border-bottom:1px solid #e3e8ef;overflow-wrap:break-word\">Esame del sangue, il valore oscilla nell&#8217;arco della giornata<\/td>\n      <\/tr>\n      <tr>\n        <td data-label=\"Causa o forma\" style=\"background:#ffffff;color:#003366;font-weight:700;text-align:left;vertical-align:top;padding:13px 16px;font-size:15px;line-height:1.55;border:0;border-bottom:1px solid #e3e8ef;overflow-wrap:break-word\">Anemia<\/td>\n        <td data-label=\"Si vede nel sangue?\" style=\"background:#ffffff;color:#22303e;font-weight:400;text-align:left;vertical-align:top;padding:13px 16px;font-size:15px;line-height:1.55;border:0;border-bottom:1px solid #e3e8ef;overflow-wrap:break-word\">S\u00ec, tramite emocromo ed emoglobina<\/td>\n        <td data-label=\"Come si riconosce invece\" style=\"background:#ffffff;color:#22303e;font-weight:400;text-align:left;vertical-align:top;padding:13px 16px;font-size:15px;line-height:1.55;border:0;border-bottom:1px solid #e3e8ef;overflow-wrap:break-word\">Esame del sangue<\/td>\n      <\/tr>\n      <tr>\n        <td data-label=\"Causa o forma\" style=\"background:#f6f9fc;color:#003366;font-weight:700;text-align:left;vertical-align:top;padding:13px 16px;font-size:15px;line-height:1.55;border:0;border-bottom:1px solid #e3e8ef;overflow-wrap:break-word\">Infiammazione o infezione<\/td>\n        <td data-label=\"Si vede nel sangue?\" style=\"background:#f6f9fc;color:#22303e;font-weight:400;text-align:left;vertical-align:top;padding:13px 16px;font-size:15px;line-height:1.55;border:0;border-bottom:1px solid #e3e8ef;overflow-wrap:break-word\">S\u00ec, tramite PCR e formula leucocitaria<\/td>\n        <td data-label=\"Come si riconosce invece\" style=\"background:#f6f9fc;color:#22303e;font-weight:400;text-align:left;vertical-align:top;padding:13px 16px;font-size:15px;line-height:1.55;border:0;border-bottom:1px solid #e3e8ef;overflow-wrap:break-word\">Esame del sangue pi\u00f9 anamnesi<\/td>\n      <\/tr>\n      <tr>\n        <td data-label=\"Causa o forma\" style=\"background:#ffffff;color:#003366;font-weight:700;text-align:left;vertical-align:top;padding:13px 16px;font-size:15px;line-height:1.55;border:0;border-bottom:1px solid #e3e8ef;overflow-wrap:break-word\">Carenza di vitamina B12<\/td>\n        <td data-label=\"Si vede nel sangue?\" style=\"background:#ffffff;color:#22303e;font-weight:400;text-align:left;vertical-align:top;padding:13px 16px;font-size:15px;line-height:1.55;border:0;border-bottom:1px solid #e3e8ef;overflow-wrap:break-word\">S\u00ec, tramite la B12 ovvero l&#8217;olotranscobalamina<\/td>\n        <td data-label=\"Come si riconosce invece\" style=\"background:#ffffff;color:#22303e;font-weight:400;text-align:left;vertical-align:top;padding:13px 16px;font-size:15px;line-height:1.55;border:0;border-bottom:1px solid #e3e8ef;overflow-wrap:break-word\">Esame del sangue, spesso segnalata gi\u00e0 da un MCV elevato<\/td>\n      <\/tr>\n      <tr>\n        <td data-label=\"Causa o forma\" style=\"background:#f6f9fc;color:#003366;font-weight:700;text-align:left;vertical-align:top;padding:13px 16px;font-size:15px;line-height:1.55;border:0;border-bottom:1px solid #e3e8ef;overflow-wrap:break-word\">Disturbo ormonale nella donna<\/td>\n        <td data-label=\"Si vede nel sangue?\" style=\"background:#f6f9fc;color:#22303e;font-weight:400;text-align:left;vertical-align:top;padding:13px 16px;font-size:15px;line-height:1.55;border:0;border-bottom:1px solid #e3e8ef;overflow-wrap:break-word\">S\u00ec, in presenza di disturbi coerenti, tramite un profilo ormonale scelto dal medico<\/td>\n        <td data-label=\"Come si riconosce invece\" style=\"background:#f6f9fc;color:#22303e;font-weight:400;text-align:left;vertical-align:top;padding:13px 16px;font-size:15px;line-height:1.55;border:0;border-bottom:1px solid #e3e8ef;overflow-wrap:break-word\">Anamnesi e valutazione ginecologica, laboratorio a completamento<\/td>\n      <\/tr>\n      <tr>\n        <td data-label=\"Causa o forma\" style=\"background:#ffffff;color:#003366;font-weight:700;text-align:left;vertical-align:top;padding:13px 16px;font-size:15px;line-height:1.55;border:0;border-bottom:1px solid #e3e8ef;overflow-wrap:break-word\">Caduta ereditaria (alopecia androgenetica)<\/td>\n        <td data-label=\"Si vede nel sangue?\" style=\"background:#ffffff;color:#22303e;font-weight:400;text-align:left;vertical-align:top;padding:13px 16px;font-size:15px;line-height:1.55;border:0;border-bottom:1px solid #e3e8ef;overflow-wrap:break-word\">No<\/td>\n        <td data-label=\"Come si riconosce invece\" style=\"background:#ffffff;color:#22303e;font-weight:400;text-align:left;vertical-align:top;padding:13px 16px;font-size:15px;line-height:1.55;border:0;border-bottom:1px solid #e3e8ef;overflow-wrap:break-word\">Schema su fronte, tempie e vertice, tricoscopia, anamnesi<\/td>\n      <\/tr>\n      <tr>\n        <td data-label=\"Causa o forma\" style=\"background:#f6f9fc;color:#003366;font-weight:700;text-align:left;vertical-align:top;padding:13px 16px;font-size:15px;line-height:1.55;border:0;border-bottom:1px solid #e3e8ef;overflow-wrap:break-word\">Alopecia areata (chiazze rotonde)<\/td>\n        <td data-label=\"Si vede nel sangue?\" style=\"background:#f6f9fc;color:#22303e;font-weight:400;text-align:left;vertical-align:top;padding:13px 16px;font-size:15px;line-height:1.55;border:0;border-bottom:1px solid #e3e8ef;overflow-wrap:break-word\">No<\/td>\n        <td data-label=\"Come si riconosce invece\" style=\"background:#f6f9fc;color:#22303e;font-weight:400;text-align:left;vertical-align:top;padding:13px 16px;font-size:15px;line-height:1.55;border:0;border-bottom:1px solid #e3e8ef;overflow-wrap:break-word\">Chiazze rotonde visibili, tricoscopia, visita dermatologica<\/td>\n      <\/tr>\n      <tr>\n        <td data-label=\"Causa o forma\" style=\"background:#ffffff;color:#003366;font-weight:700;text-align:left;vertical-align:top;padding:13px 16px;font-size:15px;line-height:1.55;border:0;border-bottom:1px solid #e3e8ef;overflow-wrap:break-word\">Alopecia cicatriziale<\/td>\n        <td data-label=\"Si vede nel sangue?\" style=\"background:#ffffff;color:#22303e;font-weight:400;text-align:left;vertical-align:top;padding:13px 16px;font-size:15px;line-height:1.55;border:0;border-bottom:1px solid #e3e8ef;overflow-wrap:break-word\">No<\/td>\n        <td data-label=\"Come si riconosce invece\" style=\"background:#ffffff;color:#22303e;font-weight:400;text-align:left;vertical-align:top;padding:13px 16px;font-size:15px;line-height:1.55;border:0;border-bottom:1px solid #e3e8ef;overflow-wrap:break-word\">Visita dermatologica, in caso di sospetto biopsia del cuoio capelluto<\/td>\n      <\/tr>\n      <tr>\n        <td data-label=\"Causa o forma\" style=\"background:#f6f9fc;color:#003366;font-weight:700;text-align:left;vertical-align:top;padding:13px 16px;font-size:15px;line-height:1.55;border:0;border-bottom:1px solid #e3e8ef;overflow-wrap:break-word\">Alopecia da trazione<\/td>\n        <td data-label=\"Si vede nel sangue?\" style=\"background:#f6f9fc;color:#22303e;font-weight:400;text-align:left;vertical-align:top;padding:13px 16px;font-size:15px;line-height:1.55;border:0;border-bottom:1px solid #e3e8ef;overflow-wrap:break-word\">No<\/td>\n        <td data-label=\"Come si riconosce invece\" style=\"background:#f6f9fc;color:#22303e;font-weight:400;text-align:left;vertical-align:top;padding:13px 16px;font-size:15px;line-height:1.55;border:0;border-bottom:1px solid #e3e8ef;overflow-wrap:break-word\">Anamnesi su acconciature e trazione, esame dell&#8217;attaccatura<\/td>\n      <\/tr>\n      <tr>\n        <td data-label=\"Causa o forma\" style=\"background:#ffffff;color:#003366;font-weight:700;text-align:left;vertical-align:top;padding:13px 16px;font-size:15px;line-height:1.55;border:0;border-bottom:1px solid #e3e8ef;overflow-wrap:break-word\">Tricotillomania<\/td>\n        <td data-label=\"Si vede nel sangue?\" style=\"background:#ffffff;color:#22303e;font-weight:400;text-align:left;vertical-align:top;padding:13px 16px;font-size:15px;line-height:1.55;border:0;border-bottom:1px solid #e3e8ef;overflow-wrap:break-word\">No<\/td>\n        <td data-label=\"Come si riconosce invece\" style=\"background:#ffffff;color:#22303e;font-weight:400;text-align:left;vertical-align:top;padding:13px 16px;font-size:15px;line-height:1.55;border:0;border-bottom:1px solid #e3e8ef;overflow-wrap:break-word\">Anamnesi e quadro tipico di capelli spezzati di lunghezza diversa<\/td>\n      <\/tr>\n      <tr>\n        <td data-label=\"Causa o forma\" style=\"background:#f6f9fc;color:#003366;font-weight:700;text-align:left;vertical-align:top;padding:13px 16px;font-size:15px;line-height:1.55;border:0;overflow-wrap:break-word\">Evento scatenante passato, come un&#8217;infezione, una dieta o un intervento<\/td>\n        <td data-label=\"Si vede nel sangue?\" style=\"background:#f6f9fc;color:#22303e;font-weight:400;text-align:left;vertical-align:top;padding:13px 16px;font-size:15px;line-height:1.55;border:0;overflow-wrap:break-word\">Solo indirettamente e spesso non pi\u00f9<\/td>\n        <td data-label=\"Come si riconosce invece\" style=\"background:#f6f9fc;color:#22303e;font-weight:400;text-align:left;vertical-align:top;padding:13px 16px;font-size:15px;line-height:1.55;border:0;overflow-wrap:break-word\">Anamnesi degli ultimi due-quattro mesi<\/td>\n      <\/tr>\n    <\/tbody>\n  <\/table>\n<\/div>\n\n\n<div class=\"wp-block-image\">\n<figure class=\"aligncenter size-large is-resized\" style=\"max-width:720px;margin-left:auto;margin-right:auto\"><img decoding=\"async\" src=\"https:\/\/elithair.com\/it\/wp-content\/uploads\/sites\/6\/2026\/08\/infografik_blut_zeigt__it.png\" alt=\"Infografica: che cosa mostra un esame del sangue nella caduta dei capelli e che cosa non mostra\" class=\"wp-image-107892\" style=\"width:720px;max-width:100%;height:auto\"\/><\/figure>\n<\/div>\n\n\n<h3 class=\"wp-block-heading\">Ha senso far misurare testosterone o DHT?<\/h3>\n\n\n\n<p class=\"wp-block-paragraph\">No, negli uomini con alopecia androgenetica misurare testosterone o DHT nel siero non serve dal punto di vista diagnostico. L&#8217;alopecia androgenetica dipende dalla sensibilit\u00e0 dei follicoli al diidrotestosterone, non da un livello ormonale aumentato nel sangue. Secondo la letteratura dermatologica gli uomini interessati hanno di norma valori normali di testosterone e DHT.<\/p>\n\n\n\n<p class=\"wp-block-paragraph\">Ne discendono entrambe le conseguenze: un valore normale non esclude la diagnosi e un valore alto non la conferma. Nelle donne il dosaggio degli androgeni \u00e8 invece utile, ma per un altro motivo. Serve a cercare un disturbo ormonale di fondo, come una sindrome dell&#8217;ovaio policistico, non a spiegare lo schema della caduta.<\/p>\n\n\n\n<h2 class=\"wp-block-heading\">Quali valori del sangue nella caduta dei capelli? La panoramica completa<\/h2>\n\n\n\n<p class=\"wp-block-paragraph\"><strong>Il pannello di base nella caduta dei capelli \u00e8 composto da sei valori: emocromo con formula leucocitaria, ferritina, PCR, TSH, 25-OH-vitamina D e zinco.<\/strong> Un pannello esteso si aggiunge quando il quadro resta poco chiaro o la caduta persiste; valori ormonali e sierologia autoimmune seguono solo in presenza di un&#8217;anamnesi che li giustifichi. Le tabelle seguenti rappresentano questi tre livelli, ogni volta con quello che il valore indica, quando ha senso e come si presenta l&#8217;intervallo di orientamento.<\/p>\n\n\n\n<style>\n@media (max-width:640px){\n.rt-table-wrap{overflow-x:visible!important;border:0!important;border-radius:0!important}\n.rt-table{min-width:0!important}\n.rt-table thead{display:none}\n.rt-table,.rt-table tbody,.rt-table tr,.rt-table td{display:block;width:100%}\n.rt-table caption{display:block;padding:0 0 12px!important}\n.rt-table tr{margin:0 0 12px;border:1px solid #dbe4f0;border-radius:10px;overflow:hidden}\n.rt-table tr:last-child{margin-bottom:0}\n.rt-table td{display:flex!important;flex-direction:column;gap:3px;padding:12px 14px!important;\nborder:0!important;border-bottom:1px solid #e3e8ef!important;background:#ffffff!important}\n.rt-table tr td:last-child{border-bottom:0!important}\n.rt-table td::before{content:attr(data-label);font-size:12px;font-weight:700;letter-spacing:.04em;\ntext-transform:uppercase;color:#5799F1}\n.rt-table td:not([data-label])::before,.rt-table td[data-label=\"\"]::before{display:none}\n}\n<\/style>\n<div class=\"rt-table-wrap\" style=\"overflow-x:auto;-webkit-overflow-scrolling:touch;margin:28px 0;border:1px solid #dbe4f0;border-radius:12px\">\n  <table class=\"rt-table\" style=\"width:100%;min-width:660px;table-layout:fixed;border-collapse:separate;border-spacing:0;font-size:15px;margin:0\">\n    <caption style=\"caption-side:top;text-align:left;color:#003366;font-weight:700;font-size:16px;line-height:1.35;padding:14px 16px 10px;background:#ffffff\">Livello 1: il pannello di base nella caduta dei capelli<\/caption>\n    <thead>\n      <tr>\n        <th style=\"width:22%;background:#003366;color:#ffffff;font-weight:700;text-align:left;vertical-align:middle;padding:13px 16px;font-size:15px;line-height:1.4;border:0;overflow-wrap:break-word\">Valore<\/th>\n        <th style=\"background:#003366;color:#ffffff;font-weight:700;text-align:left;vertical-align:middle;padding:13px 16px;font-size:15px;line-height:1.4;border:0;overflow-wrap:break-word\">Che cosa indica<\/th>\n        <th style=\"background:#003366;color:#ffffff;font-weight:700;text-align:left;vertical-align:middle;padding:13px 16px;font-size:15px;line-height:1.4;border:0;overflow-wrap:break-word\">Quando ha senso<\/th>\n        <th style=\"background:#003366;color:#ffffff;font-weight:700;text-align:left;vertical-align:middle;padding:13px 16px;font-size:15px;line-height:1.4;border:0;overflow-wrap:break-word\">Intervallo di orientamento<\/th>\n      <\/tr>\n    <\/thead>\n    <tbody>\n      <tr>\n        <td data-label=\"Valore\" style=\"background:#ffffff;color:#003366;font-weight:700;text-align:left;vertical-align:top;padding:13px 16px;font-size:15px;line-height:1.55;border:0;border-bottom:1px solid #e3e8ef;overflow-wrap:break-word\">Ferritina<\/td>\n        <td data-label=\"Che cosa indica\" style=\"background:#ffffff;color:#22303e;font-weight:400;text-align:left;vertical-align:top;padding:13px 16px;font-size:15px;line-height:1.55;border:0;border-bottom:1px solid #e3e8ef;overflow-wrap:break-word\">Il livello di riempimento delle riserve di ferro, spesso alterato gi\u00e0 prima di un&#8217;anemia<\/td>\n        <td data-label=\"Quando ha senso\" style=\"background:#ffffff;color:#22303e;font-weight:400;text-align:left;vertical-align:top;padding:13px 16px;font-size:15px;line-height:1.55;border:0;border-bottom:1px solid #e3e8ef;overflow-wrap:break-word\">In ogni caduta diffusa, soprattutto nelle donne<\/td>\n        <td data-label=\"Intervallo di orientamento\" style=\"background:#ffffff;color:#22303e;font-weight:400;text-align:left;vertical-align:top;padding:13px 16px;font-size:15px;line-height:1.55;border:0;border-bottom:1px solid #e3e8ef;overflow-wrap:break-word\">Carenza, a seconda del laboratorio, di solito sotto i 15-30 \u00b5g\/l (numericamente identici ai ng\/ml); valori obiettivo pi\u00f9 alti per i capelli sono materia di discussione specialistica, non di linee guida<\/td>\n      <\/tr>\n      <tr>\n        <td data-label=\"Valore\" style=\"background:#f6f9fc;color:#003366;font-weight:700;text-align:left;vertical-align:top;padding:13px 16px;font-size:15px;line-height:1.55;border:0;border-bottom:1px solid #e3e8ef;overflow-wrap:break-word\">PCR<\/td>\n        <td data-label=\"Che cosa indica\" style=\"background:#f6f9fc;color:#22303e;font-weight:400;text-align:left;vertical-align:top;padding:13px 16px;font-size:15px;line-height:1.55;border:0;border-bottom:1px solid #e3e8ef;overflow-wrap:break-word\">Infiammazione nell&#8217;organismo, smaschera una ferritina falsamente alta<\/td>\n        <td data-label=\"Quando ha senso\" style=\"background:#f6f9fc;color:#22303e;font-weight:400;text-align:left;vertical-align:top;padding:13px 16px;font-size:15px;line-height:1.55;border:0;border-bottom:1px solid #e3e8ef;overflow-wrap:break-word\">Sempre insieme alla ferritina<\/td>\n        <td data-label=\"Intervallo di orientamento\" style=\"background:#f6f9fc;color:#22303e;font-weight:400;text-align:left;vertical-align:top;padding:13px 16px;font-size:15px;line-height:1.55;border:0;border-bottom:1px solid #e3e8ef;overflow-wrap:break-word\">Dipende dal laboratorio, vedere il proprio referto<\/td>\n      <\/tr>\n      <tr>\n        <td data-label=\"Valore\" style=\"background:#ffffff;color:#003366;font-weight:700;text-align:left;vertical-align:top;padding:13px 16px;font-size:15px;line-height:1.55;border:0;border-bottom:1px solid #e3e8ef;overflow-wrap:break-word\">Emocromo con formula leucocitaria<\/td>\n        <td data-label=\"Che cosa indica\" style=\"background:#ffffff;color:#22303e;font-weight:400;text-align:left;vertical-align:top;padding:13px 16px;font-size:15px;line-height:1.55;border:0;border-bottom:1px solid #e3e8ef;overflow-wrap:break-word\">Anemia, dimensione delle cellule (MCV), indizi di infiammazione o di malattie del sangue<\/td>\n        <td data-label=\"Quando ha senso\" style=\"background:#ffffff;color:#22303e;font-weight:400;text-align:left;vertical-align:top;padding:13px 16px;font-size:15px;line-height:1.55;border:0;border-bottom:1px solid #e3e8ef;overflow-wrap:break-word\">Esame di base in caso di caduta di origine non chiara<\/td>\n        <td data-label=\"Intervallo di orientamento\" style=\"background:#ffffff;color:#22303e;font-weight:400;text-align:left;vertical-align:top;padding:13px 16px;font-size:15px;line-height:1.55;border:0;border-bottom:1px solid #e3e8ef;overflow-wrap:break-word\">Dipende dal laboratorio, vedere il proprio referto<\/td>\n      <\/tr>\n      <tr>\n        <td data-label=\"Valore\" style=\"background:#f6f9fc;color:#003366;font-weight:700;text-align:left;vertical-align:top;padding:13px 16px;font-size:15px;line-height:1.55;border:0;border-bottom:1px solid #e3e8ef;overflow-wrap:break-word\">TSH<\/td>\n        <td data-label=\"Che cosa indica\" style=\"background:#f6f9fc;color:#22303e;font-weight:400;text-align:left;vertical-align:top;padding:13px 16px;font-size:15px;line-height:1.55;border:0;border-bottom:1px solid #e3e8ef;overflow-wrap:break-word\">Ormone che regola la tiroide, reagisce sia all&#8217;ipofunzione sia all&#8217;iperfunzione<\/td>\n        <td data-label=\"Quando ha senso\" style=\"background:#f6f9fc;color:#22303e;font-weight:400;text-align:left;vertical-align:top;padding:13px 16px;font-size:15px;line-height:1.55;border:0;border-bottom:1px solid #e3e8ef;overflow-wrap:break-word\">In caso di caduta diffusa, a maggior ragione con stanchezza, variazioni di peso o del ciclo<\/td>\n        <td data-label=\"Intervallo di orientamento\" style=\"background:#f6f9fc;color:#22303e;font-weight:400;text-align:left;vertical-align:top;padding:13px 16px;font-size:15px;line-height:1.55;border:0;border-bottom:1px solid #e3e8ef;overflow-wrap:break-word\">Spesso riassunto come 0,4-4,0 mUI\/l; il limite superiore varia da 3,5 a 5,0 mUI\/l secondo il laboratorio<\/td>\n      <\/tr>\n      <tr>\n        <td data-label=\"Valore\" style=\"background:#ffffff;color:#003366;font-weight:700;text-align:left;vertical-align:top;padding:13px 16px;font-size:15px;line-height:1.55;border:0;border-bottom:1px solid #e3e8ef;overflow-wrap:break-word\">25-OH-vitamina D<\/td>\n        <td data-label=\"Che cosa indica\" style=\"background:#ffffff;color:#22303e;font-weight:400;text-align:left;vertical-align:top;padding:13px 16px;font-size:15px;line-height:1.55;border:0;border-bottom:1px solid #e3e8ef;overflow-wrap:break-word\">L&#8217;apporto di vitamina D delle ultime settimane<\/td>\n        <td data-label=\"Quando ha senso\" style=\"background:#ffffff;color:#22303e;font-weight:400;text-align:left;vertical-align:top;padding:13px 16px;font-size:15px;line-height:1.55;border:0;border-bottom:1px solid #e3e8ef;overflow-wrap:break-word\">In caso di caduta diffusa e di scarsa esposizione al sole<\/td>\n        <td data-label=\"Intervallo di orientamento\" style=\"background:#ffffff;color:#22303e;font-weight:400;text-align:left;vertical-align:top;padding:13px 16px;font-size:15px;line-height:1.55;border:0;border-bottom:1px solid #e3e8ef;overflow-wrap:break-word\">Da 20 ng\/ml (50 nmol\/l) sufficiente, 12-20 ng\/ml (30-50 nmol\/l) subottimale, sotto 12 ng\/ml (30 nmol\/l) carenza (classificazione IOM)<\/td>\n      <\/tr>\n      <tr>\n        <td data-label=\"Valore\" style=\"background:#f6f9fc;color:#003366;font-weight:700;text-align:left;vertical-align:top;padding:13px 16px;font-size:15px;line-height:1.55;border:0;overflow-wrap:break-word\">Zinco<\/td>\n        <td data-label=\"Che cosa indica\" style=\"background:#f6f9fc;color:#22303e;font-weight:400;text-align:left;vertical-align:top;padding:13px 16px;font-size:15px;line-height:1.55;border:0;overflow-wrap:break-word\">L&#8217;apporto di zinco, scende anche in caso di infiammazione<\/td>\n        <td data-label=\"Quando ha senso\" style=\"background:#f6f9fc;color:#22303e;font-weight:400;text-align:left;vertical-align:top;padding:13px 16px;font-size:15px;line-height:1.55;border:0;overflow-wrap:break-word\">In caso di caduta diffusa, alimentazione poco varia o malattie intestinali<\/td>\n        <td data-label=\"Intervallo di orientamento\" style=\"background:#f6f9fc;color:#22303e;font-weight:400;text-align:left;vertical-align:top;padding:13px 16px;font-size:15px;line-height:1.55;border:0;overflow-wrap:break-word\">Nel siero, a seconda del metodo, circa 9-21 \u00b5mol\/l ovvero 75-140 \u00b5g\/dl<\/td>\n      <\/tr>\n    <\/tbody>\n  <\/table>\n<\/div>\n\n\n\n<p class=\"wp-block-paragraph\"><strong>Livello 1, il pannello di base:<\/strong> emocromo, ferritina, PCR, TSH, 25-OH-vitamina D e zinco. Questa combinazione copre carenza di ferro, anemia, infiammazione, funzione tiroidea e le due lacune di nutrienti pi\u00f9 discusse. \u00c8 descritta in modo praticamente identico da fonti specialistiche italiane, tedesche, britanniche e turche e rappresenta quindi il nucleo comune a livello internazionale degli esami del sangue nella caduta dei capelli. Se questi esami rientrino tra le prestazioni del sistema sanitario dipende dall&#8217;indicazione e non dal singolo parametro; come passi questo confine \u00e8 spiegato pi\u00f9 avanti, nella sezione sulla copertura dei costi.<\/p>\n\n\n\n<style>\n@media (max-width:640px){\n.rt-table-wrap{overflow-x:visible!important;border:0!important;border-radius:0!important}\n.rt-table{min-width:0!important}\n.rt-table thead{display:none}\n.rt-table,.rt-table tbody,.rt-table tr,.rt-table td{display:block;width:100%}\n.rt-table caption{display:block;padding:0 0 12px!important}\n.rt-table tr{margin:0 0 12px;border:1px solid #dbe4f0;border-radius:10px;overflow:hidden}\n.rt-table tr:last-child{margin-bottom:0}\n.rt-table td{display:flex!important;flex-direction:column;gap:3px;padding:12px 14px!important;\nborder:0!important;border-bottom:1px solid #e3e8ef!important;background:#ffffff!important}\n.rt-table tr td:last-child{border-bottom:0!important}\n.rt-table td::before{content:attr(data-label);font-size:12px;font-weight:700;letter-spacing:.04em;\ntext-transform:uppercase;color:#5799F1}\n.rt-table td:not([data-label])::before,.rt-table td[data-label=\"\"]::before{display:none}\n}\n<\/style>\n<div class=\"rt-table-wrap\" style=\"overflow-x:auto;-webkit-overflow-scrolling:touch;margin:28px 0;border:1px solid #dbe4f0;border-radius:12px\">\n  <table class=\"rt-table\" style=\"width:100%;min-width:660px;table-layout:fixed;border-collapse:separate;border-spacing:0;font-size:15px;margin:0\">\n    <caption style=\"caption-side:top;text-align:left;color:#003366;font-weight:700;font-size:16px;line-height:1.35;padding:14px 16px 10px;background:#ffffff\">Livello 2: pannello esteso in caso di quadro poco chiaro o persistente<\/caption>\n    <thead>\n      <tr>\n        <th style=\"width:22%;background:#003366;color:#ffffff;font-weight:700;text-align:left;vertical-align:middle;padding:13px 16px;font-size:15px;line-height:1.4;border:0;overflow-wrap:break-word\">Valore<\/th>\n        <th style=\"background:#003366;color:#ffffff;font-weight:700;text-align:left;vertical-align:middle;padding:13px 16px;font-size:15px;line-height:1.4;border:0;overflow-wrap:break-word\">Che cosa indica<\/th>\n        <th style=\"background:#003366;color:#ffffff;font-weight:700;text-align:left;vertical-align:middle;padding:13px 16px;font-size:15px;line-height:1.4;border:0;overflow-wrap:break-word\">Quando ha senso<\/th>\n        <th style=\"background:#003366;color:#ffffff;font-weight:700;text-align:left;vertical-align:middle;padding:13px 16px;font-size:15px;line-height:1.4;border:0;overflow-wrap:break-word\">Nota per l&#8217;interpretazione<\/th>\n      <\/tr>\n    <\/thead>\n    <tbody>\n      <tr>\n        <td data-label=\"Valore\" style=\"background:#ffffff;color:#003366;font-weight:700;text-align:left;vertical-align:top;padding:13px 16px;font-size:15px;line-height:1.55;border:0;border-bottom:1px solid #e3e8ef;overflow-wrap:break-word\">fT3 e fT4<\/td>\n        <td data-label=\"Che cosa indica\" style=\"background:#ffffff;color:#22303e;font-weight:400;text-align:left;vertical-align:top;padding:13px 16px;font-size:15px;line-height:1.55;border:0;border-bottom:1px solid #e3e8ef;overflow-wrap:break-word\">Ormoni tiroidei liberi, mostrano la situazione metabolica reale<\/td>\n        <td data-label=\"Quando ha senso\" style=\"background:#ffffff;color:#22303e;font-weight:400;text-align:left;vertical-align:top;padding:13px 16px;font-size:15px;line-height:1.55;border:0;border-bottom:1px solid #e3e8ef;overflow-wrap:break-word\">Quando il TSH \u00e8 alterato o resta il sospetto clinico<\/td>\n        <td data-label=\"Nota per l'interpretazione\" style=\"background:#ffffff;color:#22303e;font-weight:400;text-align:left;vertical-align:top;padding:13px 16px;font-size:15px;line-height:1.55;border:0;border-bottom:1px solid #e3e8ef;overflow-wrap:break-word\">Si interpretano insieme al TSH, mai isolati<\/td>\n      <\/tr>\n      <tr>\n        <td data-label=\"Valore\" style=\"background:#f6f9fc;color:#003366;font-weight:700;text-align:left;vertical-align:top;padding:13px 16px;font-size:15px;line-height:1.55;border:0;border-bottom:1px solid #e3e8ef;overflow-wrap:break-word\">Anticorpi anti-TPO<\/td>\n        <td data-label=\"Che cosa indica\" style=\"background:#f6f9fc;color:#22303e;font-weight:400;text-align:left;vertical-align:top;padding:13px 16px;font-size:15px;line-height:1.55;border:0;border-bottom:1px solid #e3e8ef;overflow-wrap:break-word\">Processo autoimmune della tiroide (tiroidite di Hashimoto)<\/td>\n        <td data-label=\"Quando ha senso\" style=\"background:#f6f9fc;color:#22303e;font-weight:400;text-align:left;vertical-align:top;padding:13px 16px;font-size:15px;line-height:1.55;border:0;border-bottom:1px solid #e3e8ef;overflow-wrap:break-word\">Con TSH alterato o familiarit\u00e0<\/td>\n        <td data-label=\"Nota per l'interpretazione\" style=\"background:#f6f9fc;color:#22303e;font-weight:400;text-align:left;vertical-align:top;padding:13px 16px;font-size:15px;line-height:1.55;border:0;border-bottom:1px solid #e3e8ef;overflow-wrap:break-word\">Un valore positivo da solo non \u00e8 ancora una malattia da trattare<\/td>\n      <\/tr>\n      <tr>\n        <td data-label=\"Valore\" style=\"background:#ffffff;color:#003366;font-weight:700;text-align:left;vertical-align:top;padding:13px 16px;font-size:15px;line-height:1.55;border:0;border-bottom:1px solid #e3e8ef;overflow-wrap:break-word\">Vitamina B12 od olotranscobalamina<\/td>\n        <td data-label=\"Che cosa indica\" style=\"background:#ffffff;color:#22303e;font-weight:400;text-align:left;vertical-align:top;padding:13px 16px;font-size:15px;line-height:1.55;border:0;border-bottom:1px solid #e3e8ef;overflow-wrap:break-word\">L&#8217;apporto di B12; l&#8217;olo-TC rappresenta la quota disponibile per le cellule<\/td>\n        <td data-label=\"Quando ha senso\" style=\"background:#ffffff;color:#22303e;font-weight:400;text-align:left;vertical-align:top;padding:13px 16px;font-size:15px;line-height:1.55;border:0;border-bottom:1px solid #e3e8ef;overflow-wrap:break-word\">Con alimentazione vegetariana o vegana, MCV elevato, malattie gastrointestinali<\/td>\n        <td data-label=\"Nota per l'interpretazione\" style=\"background:#ffffff;color:#22303e;font-weight:400;text-align:left;vertical-align:top;padding:13px 16px;font-size:15px;line-height:1.55;border:0;border-bottom:1px solid #e3e8ef;overflow-wrap:break-word\">L&#8217;olotranscobalamina \u00e8 considerata pi\u00f9 informativa della B12 totale<\/td>\n      <\/tr>\n      <tr>\n        <td data-label=\"Valore\" style=\"background:#f6f9fc;color:#003366;font-weight:700;text-align:left;vertical-align:top;padding:13px 16px;font-size:15px;line-height:1.55;border:0;border-bottom:1px solid #e3e8ef;overflow-wrap:break-word\">Acido folico<\/td>\n        <td data-label=\"Che cosa indica\" style=\"background:#f6f9fc;color:#22303e;font-weight:400;text-align:left;vertical-align:top;padding:13px 16px;font-size:15px;line-height:1.55;border:0;border-bottom:1px solid #e3e8ef;overflow-wrap:break-word\">L&#8217;apporto di folati, importante per i tessuti a rapido rinnovamento<\/td>\n        <td data-label=\"Quando ha senso\" style=\"background:#f6f9fc;color:#22303e;font-weight:400;text-align:left;vertical-align:top;padding:13px 16px;font-size:15px;line-height:1.55;border:0;border-bottom:1px solid #e3e8ef;overflow-wrap:break-word\">Con eritrociti di grandi dimensioni all&#8217;emocromo o alimentazione poco varia<\/td>\n        <td data-label=\"Nota per l'interpretazione\" style=\"background:#f6f9fc;color:#22303e;font-weight:400;text-align:left;vertical-align:top;padding:13px 16px;font-size:15px;line-height:1.55;border:0;border-bottom:1px solid #e3e8ef;overflow-wrap:break-word\">Viene valutato di solito insieme alla B12<\/td>\n      <\/tr>\n      <tr>\n        <td data-label=\"Valore\" style=\"background:#ffffff;color:#003366;font-weight:700;text-align:left;vertical-align:top;padding:13px 16px;font-size:15px;line-height:1.55;border:0;border-bottom:1px solid #e3e8ef;overflow-wrap:break-word\">Saturazione della transferrina<\/td>\n        <td data-label=\"Che cosa indica\" style=\"background:#ffffff;color:#22303e;font-weight:400;text-align:left;vertical-align:top;padding:13px 16px;font-size:15px;line-height:1.55;border:0;border-bottom:1px solid #e3e8ef;overflow-wrap:break-word\">La quota della proteina di trasporto carica di ferro<\/td>\n        <td data-label=\"Quando ha senso\" style=\"background:#ffffff;color:#22303e;font-weight:400;text-align:left;vertical-align:top;padding:13px 16px;font-size:15px;line-height:1.55;border:0;border-bottom:1px solid #e3e8ef;overflow-wrap:break-word\">Quando ferritina e quadro clinico non coincidono<\/td>\n        <td data-label=\"Nota per l'interpretazione\" style=\"background:#ffffff;color:#22303e;font-weight:400;text-align:left;vertical-align:top;padding:13px 16px;font-size:15px;line-height:1.55;border:0;border-bottom:1px solid #e3e8ef;overflow-wrap:break-word\">Sotto il 20 per cento, con una capacit\u00e0 legante il ferro elevata, pu\u00f2 indicare una carenza marziale funzionale<\/td>\n      <\/tr>\n      <tr>\n        <td data-label=\"Valore\" style=\"background:#f6f9fc;color:#003366;font-weight:700;text-align:left;vertical-align:top;padding:13px 16px;font-size:15px;line-height:1.55;border:0;border-bottom:1px solid #e3e8ef;overflow-wrap:break-word\">Valori epatici e renali<\/td>\n        <td data-label=\"Che cosa indica\" style=\"background:#f6f9fc;color:#22303e;font-weight:400;text-align:left;vertical-align:top;padding:13px 16px;font-size:15px;line-height:1.55;border:0;border-bottom:1px solid #e3e8ef;overflow-wrap:break-word\">Le funzioni di base di fegato e rene<\/td>\n        <td data-label=\"Quando ha senso\" style=\"background:#f6f9fc;color:#22303e;font-weight:400;text-align:left;vertical-align:top;padding:13px 16px;font-size:15px;line-height:1.55;border:0;border-bottom:1px solid #e3e8ef;overflow-wrap:break-word\">In caso di disturbi generali o terapie croniche<\/td>\n        <td data-label=\"Nota per l'interpretazione\" style=\"background:#f6f9fc;color:#22303e;font-weight:400;text-align:left;vertical-align:top;padding:13px 16px;font-size:15px;line-height:1.55;border:0;border-bottom:1px solid #e3e8ef;overflow-wrap:break-word\">In rari casi contribuiscono a spiegare una caduta diffusa<\/td>\n      <\/tr>\n      <tr>\n        <td data-label=\"Valore\" style=\"background:#ffffff;color:#003366;font-weight:700;text-align:left;vertical-align:top;padding:13px 16px;font-size:15px;line-height:1.55;border:0;border-bottom:1px solid #e3e8ef;overflow-wrap:break-word\">Glicemia o HbA1c<\/td>\n        <td data-label=\"Che cosa indica\" style=\"background:#ffffff;color:#22303e;font-weight:400;text-align:left;vertical-align:top;padding:13px 16px;font-size:15px;line-height:1.55;border:0;border-bottom:1px solid #e3e8ef;overflow-wrap:break-word\">Il metabolismo degli zuccheri delle ultime settimane<\/td>\n        <td data-label=\"Quando ha senso\" style=\"background:#ffffff;color:#22303e;font-weight:400;text-align:left;vertical-align:top;padding:13px 16px;font-size:15px;line-height:1.55;border:0;border-bottom:1px solid #e3e8ef;overflow-wrap:break-word\">In caso di sovrappeso, disturbi del ciclo o sospetta sindrome dell&#8217;ovaio policistico<\/td>\n        <td data-label=\"Nota per l'interpretazione\" style=\"background:#ffffff;color:#22303e;font-weight:400;text-align:left;vertical-align:top;padding:13px 16px;font-size:15px;line-height:1.55;border:0;border-bottom:1px solid #e3e8ef;overflow-wrap:break-word\">Per la glicemia basale \u00e8 necessario il prelievo a digiuno<\/td>\n      <\/tr>\n      <tr>\n        <td data-label=\"Valore\" style=\"background:#f6f9fc;color:#003366;font-weight:700;text-align:left;vertical-align:top;padding:13px 16px;font-size:15px;line-height:1.55;border:0;overflow-wrap:break-word\">Selenio<\/td>\n        <td data-label=\"Che cosa indica\" style=\"background:#f6f9fc;color:#22303e;font-weight:400;text-align:left;vertical-align:top;padding:13px 16px;font-size:15px;line-height:1.55;border:0;overflow-wrap:break-word\">L&#8217;apporto di selenio<\/td>\n        <td data-label=\"Quando ha senso\" style=\"background:#f6f9fc;color:#22303e;font-weight:400;text-align:left;vertical-align:top;padding:13px 16px;font-size:15px;line-height:1.55;border:0;overflow-wrap:break-word\">Solo in presenza di un sospetto concreto<\/td>\n        <td data-label=\"Nota per l'interpretazione\" style=\"background:#f6f9fc;color:#22303e;font-weight:400;text-align:left;vertical-align:top;padding:13px 16px;font-size:15px;line-height:1.55;border:0;overflow-wrap:break-word\">Un sovradosaggio pu\u00f2 a sua volta provocare caduta dei capelli, quindi mai assumerlo alla cieca<\/td>\n      <\/tr>\n    <\/tbody>\n  <\/table>\n<\/div>\n\n\n\n<p class=\"wp-block-paragraph\"><strong>Livello 2, esteso:<\/strong> questi valori si aggiungono quando il pannello di base \u00e8 nella norma ma la caduta diffusa continua, oppure quando un referto resta da spiegare. Un esempio dalla pratica: una saturazione della transferrina sotto il 20 per cento con una capacit\u00e0 legante il ferro elevata pu\u00f2 indicare una carenza marziale funzionale, anche se la ferritina appare \u00abnormale\u00bb.<\/p>\n\n\n\n<style>\n@media (max-width:640px){\n.rt-table-wrap{overflow-x:visible!important;border:0!important;border-radius:0!important}\n.rt-table{min-width:0!important}\n.rt-table thead{display:none}\n.rt-table,.rt-table tbody,.rt-table tr,.rt-table td{display:block;width:100%}\n.rt-table caption{display:block;padding:0 0 12px!important}\n.rt-table tr{margin:0 0 12px;border:1px solid #dbe4f0;border-radius:10px;overflow:hidden}\n.rt-table tr:last-child{margin-bottom:0}\n.rt-table td{display:flex!important;flex-direction:column;gap:3px;padding:12px 14px!important;\nborder:0!important;border-bottom:1px solid #e3e8ef!important;background:#ffffff!important}\n.rt-table tr td:last-child{border-bottom:0!important}\n.rt-table td::before{content:attr(data-label);font-size:12px;font-weight:700;letter-spacing:.04em;\ntext-transform:uppercase;color:#5799F1}\n.rt-table td:not([data-label])::before,.rt-table td[data-label=\"\"]::before{display:none}\n}\n<\/style>\n<div class=\"rt-table-wrap\" style=\"overflow-x:auto;-webkit-overflow-scrolling:touch;margin:28px 0;border:1px solid #dbe4f0;border-radius:12px\">\n  <table class=\"rt-table\" style=\"width:100%;min-width:620px;table-layout:fixed;border-collapse:separate;border-spacing:0;font-size:15px;margin:0\">\n    <caption style=\"caption-side:top;text-align:left;color:#003366;font-weight:700;font-size:16px;line-height:1.35;padding:14px 16px 10px;background:#ffffff\">Livello 3: solo su indicazione medica<\/caption>\n    <thead>\n      <tr>\n        <th style=\"width:22%;background:#003366;color:#ffffff;font-weight:700;text-align:left;vertical-align:middle;padding:13px 16px;font-size:15px;line-height:1.4;border:0;overflow-wrap:break-word\">Valore<\/th>\n        <th style=\"background:#003366;color:#ffffff;font-weight:700;text-align:left;vertical-align:middle;padding:13px 16px;font-size:15px;line-height:1.4;border:0;overflow-wrap:break-word\">Che cosa indica<\/th>\n        <th style=\"background:#003366;color:#ffffff;font-weight:700;text-align:left;vertical-align:middle;padding:13px 16px;font-size:15px;line-height:1.4;border:0;overflow-wrap:break-word\">Quando il medico lo prescrive<\/th>\n      <\/tr>\n    <\/thead>\n    <tbody>\n      <tr>\n        <td data-label=\"Valore\" style=\"background:#ffffff;color:#003366;font-weight:700;text-align:left;vertical-align:top;padding:13px 16px;font-size:15px;line-height:1.55;border:0;border-bottom:1px solid #e3e8ef;overflow-wrap:break-word\">Testosterone totale e libero<\/td>\n        <td data-label=\"Che cosa indica\" style=\"background:#ffffff;color:#22303e;font-weight:400;text-align:left;vertical-align:top;padding:13px 16px;font-size:15px;line-height:1.55;border:0;border-bottom:1px solid #e3e8ef;overflow-wrap:break-word\">Il livello di androgeni; solo il testosterone libero \u00e8 biologicamente attivo<\/td>\n        <td data-label=\"Quando il medico lo prescrive\" style=\"background:#ffffff;color:#22303e;font-weight:400;text-align:left;vertical-align:top;padding:13px 16px;font-size:15px;line-height:1.55;border:0;border-bottom:1px solid #e3e8ef;overflow-wrap:break-word\">Nelle donne con segni di eccesso di androgeni come disturbi del ciclo, acne o aumento della peluria sul viso<\/td>\n      <\/tr>\n      <tr>\n        <td data-label=\"Valore\" style=\"background:#f6f9fc;color:#003366;font-weight:700;text-align:left;vertical-align:top;padding:13px 16px;font-size:15px;line-height:1.55;border:0;border-bottom:1px solid #e3e8ef;overflow-wrap:break-word\">SHBG<\/td>\n        <td data-label=\"Che cosa indica\" style=\"background:#f6f9fc;color:#22303e;font-weight:400;text-align:left;vertical-align:top;padding:13px 16px;font-size:15px;line-height:1.55;border:0;border-bottom:1px solid #e3e8ef;overflow-wrap:break-word\">Proteina di trasporto degli ormoni sessuali, modifica il testosterone libero<\/td>\n        <td data-label=\"Quando il medico lo prescrive\" style=\"background:#f6f9fc;color:#22303e;font-weight:400;text-align:left;vertical-align:top;padding:13px 16px;font-size:15px;line-height:1.55;border:0;border-bottom:1px solid #e3e8ef;overflow-wrap:break-word\">Insieme al testosterone, soprattutto in corso di contraccezione ormonale<\/td>\n      <\/tr>\n      <tr>\n        <td data-label=\"Valore\" style=\"background:#ffffff;color:#003366;font-weight:700;text-align:left;vertical-align:top;padding:13px 16px;font-size:15px;line-height:1.55;border:0;border-bottom:1px solid #e3e8ef;overflow-wrap:break-word\">DHEA-S<\/td>\n        <td data-label=\"Che cosa indica\" style=\"background:#ffffff;color:#22303e;font-weight:400;text-align:left;vertical-align:top;padding:13px 16px;font-size:15px;line-height:1.55;border:0;border-bottom:1px solid #e3e8ef;overflow-wrap:break-word\">La produzione di androgeni della corteccia surrenale<\/td>\n        <td data-label=\"Quando il medico lo prescrive\" style=\"background:#ffffff;color:#22303e;font-weight:400;text-align:left;vertical-align:top;padding:13px 16px;font-size:15px;line-height:1.55;border:0;border-bottom:1px solid #e3e8ef;overflow-wrap:break-word\">In caso di sospetta fonte androgenica al di fuori delle ovaie<\/td>\n      <\/tr>\n      <tr>\n        <td data-label=\"Valore\" style=\"background:#f6f9fc;color:#003366;font-weight:700;text-align:left;vertical-align:top;padding:13px 16px;font-size:15px;line-height:1.55;border:0;border-bottom:1px solid #e3e8ef;overflow-wrap:break-word\">Prolattina<\/td>\n        <td data-label=\"Che cosa indica\" style=\"background:#f6f9fc;color:#22303e;font-weight:400;text-align:left;vertical-align:top;padding:13px 16px;font-size:15px;line-height:1.55;border:0;border-bottom:1px solid #e3e8ef;overflow-wrap:break-word\">Ormone dell&#8217;ipofisi<\/td>\n        <td data-label=\"Quando il medico lo prescrive\" style=\"background:#f6f9fc;color:#22303e;font-weight:400;text-align:left;vertical-align:top;padding:13px 16px;font-size:15px;line-height:1.55;border:0;border-bottom:1px solid #e3e8ef;overflow-wrap:break-word\">In caso di disturbi del ciclo, secrezione lattea o difficolt\u00e0 a concepire<\/td>\n      <\/tr>\n      <tr>\n        <td data-label=\"Valore\" style=\"background:#ffffff;color:#003366;font-weight:700;text-align:left;vertical-align:top;padding:13px 16px;font-size:15px;line-height:1.55;border:0;border-bottom:1px solid #e3e8ef;overflow-wrap:break-word\">17-OH-progesterone, FSH, LH, estradiolo<\/td>\n        <td data-label=\"Che cosa indica\" style=\"background:#ffffff;color:#22303e;font-weight:400;text-align:left;vertical-align:top;padding:13px 16px;font-size:15px;line-height:1.55;border:0;border-bottom:1px solid #e3e8ef;overflow-wrap:break-word\">Altri tasselli del profilo ormonale<\/td>\n        <td data-label=\"Quando il medico lo prescrive\" style=\"background:#ffffff;color:#22303e;font-weight:400;text-align:left;vertical-align:top;padding:13px 16px;font-size:15px;line-height:1.55;border:0;border-bottom:1px solid #e3e8ef;overflow-wrap:break-word\">Secondo indicazione, nell&#8217;ambito di una valutazione ginecologica o endocrinologica<\/td>\n      <\/tr>\n      <tr>\n        <td data-label=\"Valore\" style=\"background:#f6f9fc;color:#003366;font-weight:700;text-align:left;vertical-align:top;padding:13px 16px;font-size:15px;line-height:1.55;border:0;overflow-wrap:break-word\">Sierologia autoimmune o sierologia luetica<\/td>\n        <td data-label=\"Che cosa indica\" style=\"background:#f6f9fc;color:#22303e;font-weight:400;text-align:left;vertical-align:top;padding:13px 16px;font-size:15px;line-height:1.55;border:0;overflow-wrap:break-word\">Indizi di una causa autoimmune o infettiva<\/td>\n        <td data-label=\"Quando il medico lo prescrive\" style=\"background:#f6f9fc;color:#22303e;font-weight:400;text-align:left;vertical-align:top;padding:13px 16px;font-size:15px;line-height:1.55;border:0;overflow-wrap:break-word\">Solo in presenza di un sospetto concreto da anamnesi e visita, non come esame di routine<\/td>\n      <\/tr>\n    <\/tbody>\n  <\/table>\n<\/div>\n\n\n\n<p class=\"wp-block-paragraph\"><strong>Livello 3, su indicazione medica:<\/strong> i valori ormonali e la sierologia autoimmune non rientrano in un pacchetto ordinato per conto proprio. Vengono prescritti quando l&#8217;anamnesi ne d\u00e0 motivo e vengono letti insieme al quadro clinico. Una rivista dermatologica spagnola, Actas Dermo-Sifiliogr\u00e1ficas, lo formula cos\u00ec per le donne: studi ormonali soprattutto in presenza di ulteriori segni di eccesso androgenico.<\/p>\n\n\n\n<p class=\"wp-block-paragraph\">Pi\u00f9 valori non significano automaticamente un percorso migliore. Un pacchetto con 30 parametri produce soprattutto reperti casuali, esami di approfondimento e costi. Anche le raccomandazioni italiane sulla carenza di vitamina D vanno in questa direzione: la SIOMMMS sconsiglia uno screening generalizzato negli adulti senza disturbi, perch\u00e9 il danno diretto \u00e8 modesto ma restano il rischio di referti fuorvianti e la sovradiagnosi. Misurare in modo mirato batte misurare molto.<\/p>\n\n\n<div class=\"wp-block-image\">\n<figure class=\"aligncenter size-large is-resized\" style=\"max-width:720px;margin-left:auto;margin-right:auto\"><img decoding=\"async\" src=\"https:\/\/elithair.com\/it\/wp-content\/uploads\/sites\/6\/2026\/08\/foto_blutabnahme.png\" alt=\"Provette di sangue in laboratorio per gli esami nella caduta dei capelli\" class=\"wp-image-107893\" style=\"width:720px;max-width:100%;height:auto\"\/><\/figure>\n<\/div>\n\n\n<h2 class=\"wp-block-heading\">Caduta diffusa: quali valori del sangue contano davvero<\/h2>\n\n\n\n<p class=\"wp-block-paragraph\"><strong>I valori decisivi nella caduta diffusa sono la ferritina insieme alla PCR, il TSH, la 25-OH-vitamina D, lo zinco, la vitamina B12 e un emocromo.<\/strong> \u00c8 qui che l&#8217;esame del sangue porta il beneficio maggiore, perch\u00e9 dietro pu\u00f2 esserci una causa acquisita e spesso correggibile. Diffusa significa: i capelli si diradano su tutta la testa, senza zone glabre.<\/p>\n\n\n\n<p class=\"wp-block-paragraph\">\u00c8 lo schema a stabilire quanto il laboratorio possa contribuire. La classificazione che segue \u00e8 la sintesi pratica di ci\u00f2 che ci si pu\u00f2 attendere da un esame del sangue. I dettagli sull&#8217;andamento e sui fattori scatenanti tipici si trovano nell&#8217;articolo sulla <a href=\"\/it\/trapianto-capelli-blog\/caduta-capelli-diffusa\/\">caduta diffusa dei capelli<\/a>.<\/p>\n\n\n\n<div style=\"margin:0 0 26px\">\n<div style=\"border:1px solid #e3e8ef;border-left:4px solid #0079F1;border-radius:10px;padding:14px 16px;margin-bottom:10px\">\n<p style=\"margin:0 0 4px;color:#013366;font-weight:700\">Diffusa su tutta la testa, senza zone glabre<\/p>\n<p style=\"margin:0;color:#2e3033\">Laboratorio in primo piano. Ferritina, PCR, TSH, vitamina D, zinco ed emocromo chiariscono le cause acquisite che si possono trattare.<\/p>\n<\/div>\n<div style=\"border:1px solid #e3e8ef;border-left:4px solid #5799F1;border-radius:10px;padding:14px 16px;margin-bottom:10px\">\n<p style=\"margin:0 0 4px;color:#013366;font-weight:700\">Schema su fronte, tempie e vertice<\/p>\n<p style=\"margin:0;color:#2e3033\">Laboratorio in secondo piano. La diagnosi la fa l&#8217;esame dello schema e del cuoio capelluto. Il laboratorio verifica se sia presente anche una componente diffusa.<\/p>\n<\/div>\n<div style=\"border:1px solid #e3e8ef;border-left:4px solid #013366;border-radius:10px;padding:14px 16px;margin-bottom:0\">\n<p style=\"margin:0 0 4px;color:#013366;font-weight:700\">Chiazze rotonde glabre oppure cuoio capelluto infiammato e dolente<\/p>\n<p style=\"margin:0;color:#2e3033\">Valutazione dermatologica in primo piano. Qui decidono la tricoscopia e, in caso di sospetto, un prelievo di tessuto; il laboratorio \u00e8 solo complementare.<\/p>\n<\/div>\n<\/div>\n\n\n\n<p class=\"wp-block-paragraph\">Una linea temporale che quasi non si legge da nessuna parte e che spiega molti referti: un telogen effluvium inizia di norma solo due-quattro mesi dopo l&#8217;evento scatenante, perch\u00e9 i follicoli coinvolti restano prima diverse settimane nella fase di riposo, che di per s\u00e9 dura circa 100 giorni. Chi perde capelli oggi deve quindi cercare un evento di due-quattro mesi fa.<\/p>\n\n\n\n<p class=\"wp-block-paragraph\">Gli eventi tipici sono un&#8217;infezione febbrile, un intervento chirurgico, una dieta con forte calo di peso, un parto, una perdita di sangue importante o un nuovo farmaco. Ne deriva un limite importante: un valore misurato oggi pu\u00f2 essere tornato normale da tempo, anche se l&#8217;evento scatenante era reale. Una volta venuto meno l&#8217;evento, la caduta si normalizza di solito entro tre-sei mesi.<\/p>\n\n\n\n<h3 class=\"wp-block-heading\">Esami del sangue prima di un trapianto di capelli: perch\u00e9 la causa si chiarisce prima<\/h3>\n\n\n\n<p class=\"wp-block-paragraph\">Prima di un <a href=\"\/it\/trapianto-di-capelli\/\">trapianto di capelli<\/a> programmato, l&#8217;esame del sangue serve a distinguere: deve mostrare se, accanto allo schema ereditario, sia presente anche una caduta diffusa e attiva. Un telogen effluvium in corso dovuto a carenza di ferro o a una tiroide non compensata \u00e8 considerato, nella valutazione medica, un motivo per trattare prima questa causa.<\/p>\n\n\n\n<p class=\"wp-block-paragraph\">Il motivo \u00e8 concreto: un trapianto sposta capelli propri gi\u00e0 presenti, non modifica n\u00e9 lo stato del ferro n\u00e9 la funzione tiroidea. Finch\u00e9 la componente diffusa \u00e8 attiva, la situazione di partenza continua a cambiare. Quali valori prescrivere prima di un intervento lo decide il medico che segue il caso, sulla base di anamnesi e quadro clinico.<\/p>\n\n\n<div class=\"wp-block-image\">\n<figure class=\"aligncenter size-large is-resized\" style=\"max-width:720px;margin-left:auto;margin-right:auto\"><img decoding=\"async\" src=\"https:\/\/elithair.com\/it\/wp-content\/uploads\/sites\/6\/2026\/08\/infografik_diffus_muster__it.png\" alt=\"Tre schemi di caduta visti dall'alto: diffusa, schema su fronte e vertice, chiazze rotonde glabre\" class=\"wp-image-107894\" style=\"width:720px;max-width:100%;height:auto\"\/><\/figure>\n<\/div>\n\n\n<h2 class=\"wp-block-heading\">Ferritina e caduta dei capelli: il valore pi\u00f9 importante e pi\u00f9 discusso<\/h2>\n\n\n\n<p class=\"wp-block-paragraph\"><strong>La ferritina \u00e8 il singolo valore pi\u00f9 informativo nella caduta diffusa, perch\u00e9 una carenza di ferro pu\u00f2 colpire i capelli prima che compaia un&#8217;anemia.<\/strong> La ferritina \u00e8 la proteina di deposito del ferro, e il valore della ferritina nel siero indica quanto sono piene le riserve. Con riserve vuote ma senza anemia l&#8217;emoglobina \u00e8 ancora normale, quindi un emocromo da solo resta nella norma.<\/p>\n\n\n\n<p class=\"wp-block-paragraph\">Il meccanismo \u00e8 comprensibile. I follicoli piliferi sono tra i tessuti a pi\u00f9 rapida divisione cellulare dell&#8217;organismo. Riserve di ferro vuote spingono i follicoli anzitempo nella fase telogen, e il risultato \u00e8 un telogen effluvium, cio\u00e8 una caduta diffusa su tutta la testa. Come si collegano le fasi lo spiega nel dettaglio l&#8217;articolo dedicato al ciclo del capello e alle sue tre fasi.<\/p>\n\n\n\n<p class=\"wp-block-paragraph\">Sulla domanda del valore \u00abgiusto\u00bb di ferritina le cose si complicano, e qui vale la pena essere precisi. I riferimenti di laboratorio definiscono una carenza di ferro spesso solo sotto i 15-30 \u00b5g\/l, a seconda del laboratorio; un valore sotto i 15 \u00b5g\/l \u00e8 considerato altamente specifico per una carenza di ferro, purch\u00e9 la PCR sia nella norma. Questa \u00e8 la parte ben documentata.<\/p>\n\n\n\n<p class=\"wp-block-paragraph\">Il resto \u00e8 discusso. Nel dibattito specialistico per i capelli viene indicato un intervallo obiettivo pi\u00f9 alto, circa 40-70 \u00b5g\/l, fra gli altri da Rushton (2002) e da Trost, Bergfeld e Calogeras (2006); la somministrazione di ferro avviene per\u00f2 esclusivamente dopo una carenza dimostrata e su prescrizione medica, perch\u00e9 un eccesso di ferro nell&#8217;organismo pu\u00f2 causare danni d&#8217;organo e mascherare un accumulo patologico di ferro. Studi controllati come quello di Olsen e colleghi (2010, Journal of the American Academy of Dermatology) non hanno invece riscontrato una quota maggiore di carenza di ferro nelle donne con alopecia androgenetica o telogen effluvium cronico rispetto ai controlli.<\/p>\n\n\n\n<p class=\"wp-block-paragraph\">Conta l&#8217;inquadramento di questi numeri: i 40-70 \u00b5g\/l sono posizioni di singoli autori, spesso specializzati in tricologia, non una raccomandazione di linea guida. Nessuna linea guida fissa un valore obiettivo di ferritina per i capelli. Le cliniche commerciali citano questa cifra da oltre vent&#8217;anni come se fosse un consenso, bench\u00e9 risalga in sostanza a un singolo lavoro.<\/p>\n\n\n\n<p class=\"wp-block-paragraph\">A questo si aggiunge un fattore di disturbo che nella pratica sfugge spesso. La ferritina \u00e8 una <strong>proteina della fase acuta<\/strong>, cio\u00e8 una proteina il cui livello nel sangue aumenta in presenza di infiammazione. In caso di infezione, infiammazione o malattia epatica il valore risulta quindi falsamente alto. Una ferritina di 60 \u00b5g\/l con una PCR di 12 mg\/l pu\u00f2 nascondere una carenza reale, ed \u00e8 per questo che la PCR viene sempre dosata insieme.<\/p>\n\n\n\n<style>\n@media (max-width:640px){\n.rt-table-wrap{overflow-x:visible!important;border:0!important;border-radius:0!important}\n.rt-table{min-width:0!important}\n.rt-table thead{display:none}\n.rt-table,.rt-table tbody,.rt-table tr,.rt-table td{display:block;width:100%}\n.rt-table caption{display:block;padding:0 0 12px!important}\n.rt-table tr{margin:0 0 12px;border:1px solid #dbe4f0;border-radius:10px;overflow:hidden}\n.rt-table tr:last-child{margin-bottom:0}\n.rt-table td{display:flex!important;flex-direction:column;gap:3px;padding:12px 14px!important;\nborder:0!important;border-bottom:1px solid #e3e8ef!important;background:#ffffff!important}\n.rt-table tr td:last-child{border-bottom:0!important}\n.rt-table td::before{content:attr(data-label);font-size:12px;font-weight:700;letter-spacing:.04em;\ntext-transform:uppercase;color:#5799F1}\n.rt-table td:not([data-label])::before,.rt-table td[data-label=\"\"]::before{display:none}\n}\n<\/style>\n<div class=\"rt-table-wrap\" style=\"overflow-x:auto;-webkit-overflow-scrolling:touch;margin:28px 0;border:1px solid #dbe4f0;border-radius:12px\">\n  <table class=\"rt-table\" style=\"width:100%;min-width:620px;table-layout:fixed;border-collapse:separate;border-spacing:0;font-size:15px;margin:0\">\n    <caption style=\"caption-side:top;text-align:left;color:#003366;font-weight:700;font-size:16px;line-height:1.35;padding:14px 16px 10px;background:#ffffff\">Ferritina e caduta dei capelli: come leggere gli intervalli (non \u00e8 un&#8217;autodiagnosi)<\/caption>\n    <thead>\n      <tr>\n        <th style=\"width:22%;background:#003366;color:#ffffff;font-weight:700;text-align:left;vertical-align:middle;padding:13px 16px;font-size:15px;line-height:1.4;border:0;overflow-wrap:break-word\">Valore di ferritina<\/th>\n        <th style=\"background:#003366;color:#ffffff;font-weight:700;text-align:left;vertical-align:middle;padding:13px 16px;font-size:15px;line-height:1.4;border:0;overflow-wrap:break-word\">Che cosa pu\u00f2 significare<\/th>\n        <th style=\"background:#003366;color:#ffffff;font-weight:700;text-align:left;vertical-align:middle;padding:13px 16px;font-size:15px;line-height:1.4;border:0;overflow-wrap:break-word\">Come si procede di solito<\/th>\n      <\/tr>\n    <\/thead>\n    <tbody>\n      <tr>\n        <td data-label=\"Valore di ferritina\" style=\"background:#ffffff;color:#003366;font-weight:700;text-align:left;vertical-align:top;padding:13px 16px;font-size:15px;line-height:1.55;border:0;border-bottom:1px solid #e3e8ef;overflow-wrap:break-word\">sotto 15 \u00b5g\/l<\/td>\n        <td data-label=\"Che cosa pu\u00f2 significare\" style=\"background:#ffffff;color:#22303e;font-weight:400;text-align:left;vertical-align:top;padding:13px 16px;font-size:15px;line-height:1.55;border:0;border-bottom:1px solid #e3e8ef;overflow-wrap:break-word\">Con alta specificit\u00e0 una carenza di ferro, purch\u00e9 la PCR sia nella norma<\/td>\n        <td data-label=\"Come si procede di solito\" style=\"background:#ffffff;color:#22303e;font-weight:400;text-align:left;vertical-align:top;padding:13px 16px;font-size:15px;line-height:1.55;border:0;border-bottom:1px solid #e3e8ef;overflow-wrap:break-word\">Approfondimento della diagnostica del ferro e ricerca della causa della perdita<\/td>\n      <\/tr>\n      <tr>\n        <td data-label=\"Valore di ferritina\" style=\"background:#f6f9fc;color:#003366;font-weight:700;text-align:left;vertical-align:top;padding:13px 16px;font-size:15px;line-height:1.55;border:0;border-bottom:1px solid #e3e8ef;overflow-wrap:break-word\">15-30 \u00b5g\/l<\/td>\n        <td data-label=\"Che cosa pu\u00f2 significare\" style=\"background:#f6f9fc;color:#22303e;font-weight:400;text-align:left;vertical-align:top;padding:13px 16px;font-size:15px;line-height:1.55;border:0;border-bottom:1px solid #e3e8ef;overflow-wrap:break-word\">Al limite o basso-normale, a seconda del laboratorio formalmente ancora nell&#8217;intervallo di riferimento<\/td>\n        <td data-label=\"Come si procede di solito\" style=\"background:#f6f9fc;color:#22303e;font-weight:400;text-align:left;vertical-align:top;padding:13px 16px;font-size:15px;line-height:1.55;border:0;border-bottom:1px solid #e3e8ef;overflow-wrap:break-word\">Valutazione nel quadro complessivo; nel dibattito specialistico questo intervallo \u00e8 considerato da alcuni insufficiente per i capelli<\/td>\n      <\/tr>\n      <tr>\n        <td data-label=\"Valore di ferritina\" style=\"background:#ffffff;color:#003366;font-weight:700;text-align:left;vertical-align:top;padding:13px 16px;font-size:15px;line-height:1.55;border:0;border-bottom:1px solid #e3e8ef;overflow-wrap:break-word\">circa 30-70 \u00b5g\/l<\/td>\n        <td data-label=\"Che cosa pu\u00f2 significare\" style=\"background:#ffffff;color:#22303e;font-weight:400;text-align:left;vertical-align:top;padding:13px 16px;font-size:15px;line-height:1.55;border:0;border-bottom:1px solid #e3e8ef;overflow-wrap:break-word\">Considerato normale dalla maggior parte dei laboratori; singoli autori (Rushton 2002, Trost et al. 2006) lo discutono come subottimale per la crescita dei capelli<\/td>\n        <td data-label=\"Come si procede di solito\" style=\"background:#ffffff;color:#22303e;font-weight:400;text-align:left;vertical-align:top;padding:13px 16px;font-size:15px;line-height:1.55;border:0;border-bottom:1px solid #e3e8ef;overflow-wrap:break-word\">Controllo nel tempo, nessuna supplementazione generalizzata senza una carenza dimostrata<\/td>\n      <\/tr>\n      <tr>\n        <td data-label=\"Valore di ferritina\" style=\"background:#f6f9fc;color:#003366;font-weight:700;text-align:left;vertical-align:top;padding:13px 16px;font-size:15px;line-height:1.55;border:0;overflow-wrap:break-word\">oltre 70 \u00b5g\/l<\/td>\n        <td data-label=\"Che cosa pu\u00f2 significare\" style=\"background:#f6f9fc;color:#22303e;font-weight:400;text-align:left;vertical-align:top;padding:13px 16px;font-size:15px;line-height:1.55;border:0;overflow-wrap:break-word\">Indicato come intervallo obiettivo favorevole da autori specializzati in tricologia, non confermato in modo uniforme da studi controllati (cfr. Olsen et al. 2010); in caso di infiammazione pu\u00f2 anche essere falsamente alto<\/td>\n        <td data-label=\"Come si procede di solito\" style=\"background:#f6f9fc;color:#22303e;font-weight:400;text-align:left;vertical-align:top;padding:13px 16px;font-size:15px;line-height:1.55;border:0;overflow-wrap:break-word\">Nessuna decisione tratta dal solo numero, valutare anche PCR e quadro clinico<\/td>\n      <\/tr>\n    <\/tbody>\n  <\/table>\n<\/div>\n\n\n<div class=\"wp-block-image\">\n<figure class=\"aligncenter size-large is-resized\" style=\"max-width:560px;margin-left:auto;margin-right:auto\"><img decoding=\"async\" src=\"https:\/\/elithair.com\/it\/wp-content\/uploads\/sites\/6\/2026\/08\/diagramm_ferritin_skala__it.png\" alt=\"Scala degli intervalli di ferritina in microgrammi per litro con indicazione dei valori obiettivo discussi per i capelli\" class=\"wp-image-107895\" style=\"width:560px;max-width:100%;height:auto\"\/><\/figure>\n<\/div>\n\n\n<div style=\"border:1px solid #dbe4f0;border-radius:12px;padding:20px 22px;margin:0 0 26px;background:#f6f9fc\">\n<p style=\"margin:0 0 8px;color:#013366;font-weight:700;font-size:16px\">L&#8217;inquadramento nella pratica<\/p>\n<p style=\"margin:0;color:#2e3033;line-height:1.65\">L&#8217;errore pi\u00f9 frequente nella consulenza non nasce dal misurare troppo poco. Nasce quando una ferritina al limite inferiore dell&#8217;intervallo di riferimento viene archiviata come \u00abnormale\u00bb mentre \u00e8 presente anche uno schema ereditario. In quel caso la componente diffusa resta ignorata e la persona spiega la caduta persistente con la sola genetica. Guardare le due cose insieme, valore e schema, porta di norma pi\u00f9 lontano di qualsiasi parametro di laboratorio aggiuntivo.<\/p>\n<\/div>\n\n\n\n<p class=\"wp-block-paragraph\">Che cosa comporti un valore basso va discusso con il medico e non gestito da soli. L&#8217;articolo di approfondimento su <a href=\"\/it\/trapianto-capelli-blog\/carenza-di-ferro-caduta-dei-capelli\/\">carenza di ferro e caduta dei capelli<\/a> spiega sintomi, gruppi a rischio e l&#8217;andamento dopo una supplementazione, cio\u00e8 dopo la correzione mirata di una carenza dimostrata.<\/p>\n\n\n\n<h2 class=\"wp-block-heading\">Emocromo con formula nella caduta dei capelli: che cosa contiene e che cosa manca<\/h2>\n\n\n\n<p class=\"wp-block-paragraph\">Un emocromo con formula comprende l&#8217;emocromo di base, cio\u00e8 globuli rossi e bianchi, emoglobina, ematocrito, piastrine e gli indici eritrocitari, pi\u00f9 la formula leucocitaria dei globuli bianchi. <strong>Ferritina, TSH, 25-OH-vitamina D e zinco non sono contenuti in nessuno dei due tipi di emocromo.<\/strong> Chi, in caso di caduta dei capelli, fa eseguire solo un emocromo con formula non ha misurato proprio i valori rilevanti per i capelli.<\/p>\n\n\n\n<style>\n@media (max-width:640px){\n.rt-table-wrap{overflow-x:visible!important;border:0!important;border-radius:0!important}\n.rt-table{min-width:0!important}\n.rt-table thead{display:none}\n.rt-table,.rt-table tbody,.rt-table tr,.rt-table td{display:block;width:100%}\n.rt-table caption{display:block;padding:0 0 12px!important}\n.rt-table tr{margin:0 0 12px;border:1px solid #dbe4f0;border-radius:10px;overflow:hidden}\n.rt-table tr:last-child{margin-bottom:0}\n.rt-table td{display:flex!important;flex-direction:column;gap:3px;padding:12px 14px!important;\nborder:0!important;border-bottom:1px solid #e3e8ef!important;background:#ffffff!important}\n.rt-table tr td:last-child{border-bottom:0!important}\n.rt-table td::before{content:attr(data-label);font-size:12px;font-weight:700;letter-spacing:.04em;\ntext-transform:uppercase;color:#5799F1}\n.rt-table td:not([data-label])::before,.rt-table td[data-label=\"\"]::before{display:none}\n}\n<\/style>\n<div class=\"rt-table-wrap\" style=\"overflow-x:auto;-webkit-overflow-scrolling:touch;margin:28px 0;border:1px solid #dbe4f0;border-radius:12px\">\n  <table class=\"rt-table\" style=\"width:100%;min-width:620px;table-layout:fixed;border-collapse:separate;border-spacing:0;font-size:15px;margin:0\">\n    <caption style=\"caption-side:top;text-align:left;color:#003366;font-weight:700;font-size:16px;line-height:1.35;padding:14px 16px 10px;background:#ffffff\">Emocromo di base ed emocromo con formula nella caduta dei capelli a confronto<\/caption>\n    <thead>\n      <tr>\n        <th style=\"width:22%;background:#003366;color:#ffffff;font-weight:700;text-align:left;vertical-align:middle;padding:13px 16px;font-size:15px;line-height:1.4;border:0;overflow-wrap:break-word\">Esame<\/th>\n        <th style=\"background:#003366;color:#ffffff;font-weight:700;text-align:left;vertical-align:middle;padding:13px 16px;font-size:15px;line-height:1.4;border:0;overflow-wrap:break-word\">Che cosa comprende<\/th>\n        <th style=\"background:#003366;color:#ffffff;font-weight:700;text-align:left;vertical-align:middle;padding:13px 16px;font-size:15px;line-height:1.4;border:0;overflow-wrap:break-word\">Che cosa non comprende<\/th>\n      <\/tr>\n    <\/thead>\n    <tbody>\n      <tr>\n        <td data-label=\"Esame\" style=\"background:#ffffff;color:#003366;font-weight:700;text-align:left;vertical-align:top;padding:13px 16px;font-size:15px;line-height:1.55;border:0;border-bottom:1px solid #e3e8ef;overflow-wrap:break-word\">Emocromo di base<\/td>\n        <td data-label=\"Che cosa comprende\" style=\"background:#ffffff;color:#22303e;font-weight:400;text-align:left;vertical-align:top;padding:13px 16px;font-size:15px;line-height:1.55;border:0;border-bottom:1px solid #e3e8ef;overflow-wrap:break-word\">Globuli rossi, numero totale dei globuli bianchi, piastrine, emoglobina, ematocrito e gli indici eritrocitari MCV, MCH, MCHC<\/td>\n        <td data-label=\"Che cosa non comprende\" style=\"background:#ffffff;color:#22303e;font-weight:400;text-align:left;vertical-align:top;padding:13px 16px;font-size:15px;line-height:1.55;border:0;border-bottom:1px solid #e3e8ef;overflow-wrap:break-word\">Ferritina, PCR, TSH, 25-OH-vitamina D, zinco, vitamina B12<\/td>\n      <\/tr>\n      <tr>\n        <td data-label=\"Esame\" style=\"background:#f6f9fc;color:#003366;font-weight:700;text-align:left;vertical-align:top;padding:13px 16px;font-size:15px;line-height:1.55;border:0;overflow-wrap:break-word\">Emocromo con formula<\/td>\n        <td data-label=\"Che cosa comprende\" style=\"background:#f6f9fc;color:#22303e;font-weight:400;text-align:left;vertical-align:top;padding:13px 16px;font-size:15px;line-height:1.55;border:0;overflow-wrap:break-word\">Tutto l&#8217;emocromo di base pi\u00f9 la formula leucocitaria, cio\u00e8 la suddivisione dei globuli bianchi in neutrofili, linfociti, monociti, eosinofili e basofili<\/td>\n        <td data-label=\"Che cosa non comprende\" style=\"background:#f6f9fc;color:#22303e;font-weight:400;text-align:left;vertical-align:top;padding:13px 16px;font-size:15px;line-height:1.55;border:0;overflow-wrap:break-word\">Ferritina, TSH, 25-OH-vitamina D, zinco e tutti i valori ormonali vanno richiesti singolarmente<\/td>\n      <\/tr>\n    <\/tbody>\n  <\/table>\n<\/div>\n\n\n\n<p class=\"wp-block-paragraph\">Non \u00e8 un argomento contro l&#8217;emocromo, che semplicemente fa un&#8217;altra cosa. Riconosce un&#8217;anemia, e il volume corpuscolare medio (MCV) d\u00e0 una direzione: cellule piccole depongono per una carenza di ferro, cellule grandi per una carenza di vitamina B12 o di acido folico. Fornisce inoltre indizi su infiammazioni e su malattie ematologiche che richiedono ulteriori accertamenti.<\/p>\n\n\n\n<p class=\"wp-block-paragraph\">Ne deriva la regola pratica per la visita: non chieda genericamente \u00abun emocromo completo\u00bb, ma descriva i suoi disturbi e nomini i valori di cui si tratta. Ferritina, TSH, 25-OH-vitamina D e zinco vanno richiesti singolarmente, perch\u00e9 non sono compresi automaticamente in nessuno dei due tipi di emocromo.<\/p>\n\n\n<div class=\"wp-block-image\">\n<figure class=\"aligncenter size-large is-resized\" style=\"max-width:560px;margin-left:auto;margin-right:auto\"><img decoding=\"async\" src=\"https:\/\/elithair.com\/it\/wp-content\/uploads\/sites\/6\/2026\/08\/illu_blutzellen.png\" alt=\"Illustrazione di globuli rossi, globuli bianchi e piastrine all'interno di un vaso\" class=\"wp-image-107896\" style=\"width:560px;max-width:100%;height:auto\"\/><\/figure>\n<\/div>\n\n\n<h2 class=\"wp-block-heading\">Tiroide e caduta dei capelli: il TSH e quando serve pi\u00f9 del TSH<\/h2>\n\n\n\n<p class=\"wp-block-paragraph\"><strong>Il TSH \u00e8 il valore di base della diagnostica tiroidea, e sia un&#8217;ipofunzione sia un&#8217;iperfunzione possono causare una caduta diffusa, perch\u00e9 gli ormoni tiroidei T3 e T4 concorrono a regolare il ciclo del capello.<\/strong> Il TSH \u00e8 l&#8217;ormone con cui l&#8217;ipofisi regola la tiroide. Se il TSH \u00e8 alterato o il sospetto clinico \u00e8 forte, seguono fT3, fT4 e anticorpi anti-TPO.<\/p>\n\n\n\n<p class=\"wp-block-paragraph\">L&#8217;intervallo di riferimento per gli adulti viene spesso riassunto come 0,4-4,0 mUI\/l, con un limite superiore che a seconda del laboratorio si colloca tra 3,5 e 5,0 mUI\/l. In parte della letteratura si discute una soglia di 2,5 mUI\/l per individuare una funzione ai limiti bassi della norma. Non \u00e8 un confine diagnostico rigido, e un TSH borderline senza altri segni non \u00e8 una diagnosi.<\/p>\n\n\n\n<p class=\"wp-block-paragraph\">Per la pratica quotidiana esiste una linea guida italiana dedicata all&#8217;ipotiroidismo, elaborata dall&#8217;Associazione Medici Endocrinologi e pubblicata nel Sistema Nazionale Linee Guida dell&#8217;Istituto Superiore di Sanit\u00e0. Quanto sia frequente un&#8217;ipofunzione latente, cio\u00e8 subclinica, non \u00e8 quantificabile con precisione; gli studi epidemiologici trasversali riportano valori molto diversi, grosso modo tra il 3 e il 16 per cento, pi\u00f9 spesso nelle donne e in et\u00e0 avanzata.<\/p>\n\n\n\n<p class=\"wp-block-paragraph\">Gli anticorpi anti-TPO indicano una tiroidite autoimmune di tipo Hashimoto, la causa pi\u00f9 frequente di ipofunzione. Qui \u00e8 importante una distinzione: la tiroidite di Hashimoto fa parte di un cluster autoimmune e si associa con maggiore frequenza a una caduta a chiazze, la cosiddetta <a href=\"\/it\/trapianto-capelli-blog\/alopecia-areata\/\">alopecia areata<\/a> che \u00e8 localizzata e non diffusa; per questa forma esistono raccomandazioni dermatologiche dedicate.<\/p>\n\n\n\n<p class=\"wp-block-paragraph\">Un fattore di disturbo riguarda proprio i valori di cui si parla qui: la biotina ad alto dosaggio contenuta negli integratori per capelli e unghie altera i test immunologici di laboratorio, tra cui quelli tiroidei. Ne parliamo pi\u00f9 avanti, nella sezione sulla preparazione. Che cosa segue in caso di valore alterato lo spiega l&#8217;articolo su <a href=\"\/it\/trapianto-capelli-blog\/tiroide-caduta-dei-capelli\/\">caduta dei capelli e tiroide<\/a> con i passi successivi.<\/p>\n\n\n\n<h2 class=\"wp-block-heading\">Vitamina D, zinco, B12 e acido folico: i valori dei nutrienti in laboratorio<\/h2>\n\n\n\n<p class=\"wp-block-paragraph\"><strong>I valori dei nutrienti rilevanti per i capelli si chiamano in laboratorio 25-OH-vitamina D, zinco, vitamina B12 ovvero olotranscobalamina e acido folico.<\/strong> Il nome corretto del parametro decide quanto il risultato sia informativo. Si misura la 25-OH-vitamina D, non la \u00abvitamina D3\u00bb. Per la vitamina B12 l&#8217;olotranscobalamina, cio\u00e8 la quota legata alla transcobalamina e quindi disponibile per le cellule, \u00e8 pi\u00f9 informativa della B12 totale. Lo zinco si dosa nel siero o nel sangue intero e oscilla nell&#8217;arco della giornata.<\/p>\n\n\n\n<p class=\"wp-block-paragraph\">Per la vitamina D vale a livello internazionale la classificazione dell&#8217;Institute of Medicine: da 20 ng\/ml (50 nmol\/l) in su l&#8217;apporto \u00e8 sufficiente, tra 12 e 20 ng\/ml (30-50 nmol\/l) \u00e8 subottimale, sotto 12 ng\/ml (30 nmol\/l) si parla di carenza. Un apporto insufficiente resta comunque frequente, soprattutto nei mesi invernali e in chi si espone poco al sole.<\/p>\n\n\n\n<p class=\"wp-block-paragraph\">Lo zinco nel siero si colloca, a seconda del metodo, tra circa 9 e 21 \u00b5mol\/l ovvero 75 e 140 \u00b5g\/dl. Poich\u00e9 il valore oscilla nell&#8217;arco della giornata e scende in caso di infiammazione, una singola misurazione va letta con prudenza. Acido folico e vitamina B12 appartengono al pannello esteso, in particolare quando l&#8217;emocromo mostra eritrociti di grandi dimensioni.<\/p>\n\n\n\n<p class=\"wp-block-paragraph\">E le prove scientifiche? A essere onesti, non sono uniformi. Una revisione pubblicata nel 2019 su Dermatology and Therapy da Almohanna, Ahmed, Tsatalis e Tosti sul ruolo di vitamine e minerali nella caduta dei capelli descrive gli stessi dati come ampi e in parte contraddittori. In pratica significa: una carenza dimostrata viene corretta in modo mirato dal medico, mentre un&#8217;assunzione preventiva senza carenza non trova giustificazione in questi dati.<\/p>\n\n\n\n<p class=\"wp-block-paragraph\">Anche l&#8217;eccesso comporta rischi propri. Troppa vitamina A o troppo selenio possono provocare caduta dei capelli, e lo zinco ad alte dosi per periodi lunghi senza compensare il rame pu\u00f2 portare a una carenza di rame. Quali sostanze nutritive contino davvero per i capelli lo spiega l&#8217;articolo sulle <a href=\"\/it\/trapianto-capelli-blog\/vitamine-caduta-capelli\/\">vitamine contro la caduta dei capelli<\/a> e sul loro reale ruolo.<\/p>\n\n\n\n<h2 class=\"wp-block-heading\">Valori del sangue nella caduta dei capelli nelle donne: profilo ormonale, ciclo e pillola<\/h2>\n\n\n\n<p class=\"wp-block-paragraph\"><strong>I valori del sangue nella caduta dei capelli nelle donne comprendono gli stessi sei valori di base degli uomini: emocromo, ferritina, PCR, TSH, 25-OH-vitamina D e zinco.<\/strong> Valori ormonali aggiuntivi sono una decisione medica e vengono prescritti quando si aggiungono segni come disturbi del ciclo, aumento della peluria sul viso, acne o difficolt\u00e0 a concepire. In quel caso entrano in considerazione testosterone, SHBG, DHEA-S e prolattina; la scelta dipende dal quadro clinico.<\/p>\n\n\n\n<p class=\"wp-block-paragraph\">Con questi valori conta meno l&#8217;elenco e pi\u00f9 il momento del prelievo. Androgeni e gonadotropine oscillano nel corso del ciclo, e il testosterone segue anche un ritmo giornaliero con un massimo intorno alle 8 del mattino. Per questo il medico programma di solito il prelievo nella fase follicolare precoce, tra il secondo e il quinto giorno del ciclo, e nelle prime ore del mattino. Solo cos\u00ec i valori diventano confrontabili.<\/p>\n\n\n\n<p class=\"wp-block-paragraph\">La pillola \u00e8 un vero fattore di disturbo. L&#8217;etinilestradiolo aumenta la produzione epatica di SHBG e, poich\u00e9 solo il testosterone libero, non legato alla SHBG, \u00e8 biologicamente attivo, in corso di contraccezione ormonale i valori androgenici sono valutabili solo in modo limitato. La letteratura specialistica consiglia di dosare anche la SHBG e di calcolare l&#8217;indice degli androgeni liberi, invece di guardare solo il testosterone totale.<\/p>\n\n\n\n<p class=\"wp-block-paragraph\">Da qui non discende affatto l&#8217;idea di sospendere la pillola di propria iniziativa prima di un esame del sangue. Se e quando fare una pausa lo decide il medico che segue il caso, perch\u00e9 anche l&#8217;interruzione pu\u00f2 provocare una caduta diffusa temporanea. Questo fenomeno \u00e8 noto come effluvio post-pillola, e non esistono dati affidabili sulla sua frequenza.<\/p>\n\n\n\n<p class=\"wp-block-paragraph\">Le fasi della vita spostano i pesi. Dopo un parto \u00e8 in primo piano l&#8217;effluvio post partum, e qui vale la pena guardare la ferritina dopo la perdita di sangue del parto. In <a href=\"\/it\/trapianto-capelli-blog\/caduta-capelli-in-menopausa-cause-e-rimedi\/\">menopausa<\/a> si sovrappongono i cambiamenti ormonali e lo stato del ferro. Il legame pi\u00f9 ampio tra <a href=\"\/it\/trapianto-capelli-blog\/ormoni-e-capelli\/\">ormoni e capelli<\/a> lo spiega un articolo dedicato.<\/p>\n\n\n\n<p class=\"wp-block-paragraph\">Un punto per chiudere questa sezione: un sospetto di sindrome dell&#8217;ovaio policistico non si chiarisce con un pacchetto ormonale ordinato online. Servono anamnesi, ecografia e la lettura complessiva dei valori da parte del medico, di solito in ambito ginecologico. Un singolo valore alterato senza questo contesto porta pi\u00f9 facilmente fuori strada che avanti.<\/p>\n\n\n\n<h2 class=\"wp-block-heading\">Come arrivare a un esame del sangue davvero utile<\/h2>\n\n\n\n<p class=\"wp-block-paragraph\">Il prelievo pu\u00f2 essere prescritto sia dal medico di medicina generale sia dal dermatologo; per i valori di base il medico di famiglia \u00e8 di solito la via pi\u00f9 rapida. Per i valori rilevanti per i capelli non serve essere a digiuno: il digiuno serve soprattutto per glicemia e assetto lipidico. L&#8217;essenziale \u00e8 descrivere i propri disturbi e nominare i valori desiderati.<\/p>\n\n\n\n<h3 class=\"wp-block-heading\">Fattore di disturbo biotina: sospendere gli integratori per capelli prima del prelievo<\/h3>\n\n\n\n<p class=\"wp-block-paragraph\"><strong>La biotina ad alto dosaggio contenuta negli integratori per capelli e unghie altera i test immunologici di laboratorio e quindi proprio i valori tiroidei che si misurano nella caduta dei capelli.<\/strong> L&#8217;ente statunitense per i farmaci, la FDA, ha pubblicato in proposito il 28 novembre 2017 una comunicazione di sicurezza, aggiornata nel novembre 2019: sono interessati fra gli altri i valori tiroidei e la troponina, marcatore dell&#8217;infarto; \u00e8 stato segnalato un decesso in relazione a un&#8217;interferenza di questo tipo.<\/p>\n\n\n\n<p class=\"wp-block-paragraph\">Quanto tempo prima? Dipende dalla dose. Le fonti di laboratorio considerano innocui i multivitaminici a basso dosaggio con 30-60 \u00b5g di biotina al giorno, mentre raccomandano una sospensione di almeno otto ore per i 5-10 mg al giorno tipici degli integratori per capelli e di almeno tre giorni per le dosi terapeutiche superiori a 10 mg.<\/p>\n\n\n\n<div style=\"border-left:4px solid #0079F1;background:#f6f9fc;border-radius:0 10px 10px 0;padding:16px 20px;margin:0 0 26px\">\n<p style=\"margin:0 0 6px;color:#013366;font-weight:700;font-size:16px\">L&#8217;essenziale sulla sospensione della biotina<\/p>\n<p style=\"margin:0;color:#2e3033;line-height:1.65\">Sospenda integratori per capelli, prodotti a base di biotina e preparati combinati alcuni giorni prima del prelievo e dichiari attivamente l&#8217;assunzione in ambulatorio, compresa l&#8217;ultima dose. Non costa nulla ed evita un TSH falsato, che porterebbe a una valutazione sbagliata o a una ripetizione inutile. Se e per quanto tempo sospendere un prodotto prescritto lo chiarisca prima con il medico.<\/p>\n<\/div>\n\n\n<div class=\"wp-block-image\">\n<figure class=\"aligncenter size-large is-resized\" style=\"max-width:720px;margin-left:auto;margin-right:auto\"><img decoding=\"async\" src=\"https:\/\/elithair.com\/it\/wp-content\/uploads\/sites\/6\/2026\/08\/foto_arztgespraech.png\" alt=\"La dermatologa discute il referto di laboratorio con un paziente alla scrivania dell'ambulatorio\" class=\"wp-image-107897\" style=\"width:720px;max-width:100%;height:auto\"\/><\/figure>\n<\/div>\n\n\n<div style=\"border:1px solid #dbe4f0;border-radius:12px;padding:22px;margin:0 0 26px\">\n<p style=\"margin:0 0 6px;color:#013366;font-weight:700;font-size:18px\">Come prepararsi al colloquio con il medico<\/p>\n<p style=\"margin:0 0 16px;color:#2e3033\">Questo elenco \u00e8 un aiuto per prepararsi, non una lista di ordinazione. Quali valori misurare lo decide il medico, e descrivere bene i propri disturbi porta pi\u00f9 lontano che pretendere esami.<\/p>\n<p style=\"margin:0 0 6px;color:#013366;font-weight:700\">1. La mia situazione in tre righe<\/p>\n<ul style=\"margin:0 0 16px;padding:0;color:#2e3033;list-style:none\">\n<li style=\"position:relative;padding:3px 0 3px 24px\"><span style=\"position:absolute;left:0;top:3px;color:#0079F1;font-weight:700\">&#10003;<\/span>Da quando cadono pi\u00f9 capelli e come \u00e8 cominciato<\/li>\n<li style=\"position:relative;padding:3px 0 3px 24px\"><span style=\"position:absolute;left:0;top:3px;color:#0079F1;font-weight:700\">&#10003;<\/span>Se in modo diffuso su tutta la testa oppure come schema su fronte, tempie e vertice<\/li>\n<li style=\"position:relative;padding:3px 0 3px 24px\"><span style=\"position:absolute;left:0;top:3px;color:#0079F1;font-weight:700\">&#10003;<\/span>Sintomi associati ed eventi degli ultimi quattro mesi (infezione, intervento, dieta, parto, nuovo farmaco)<\/li>\n<\/ul>\n<p style=\"margin:0 0 6px;color:#013366;font-weight:700\">2. Valori che rientrano spesso negli accertamenti di base in caso di caduta diffusa<\/p>\n<ul style=\"margin:0 0 16px;padding:0;color:#2e3033;list-style:none\">\n<li style=\"position:relative;padding:3px 0 3px 24px\"><span style=\"position:absolute;left:0;top:3px;color:#0079F1;font-weight:700\">&#10003;<\/span>Emocromo con formula leucocitaria<\/li>\n<li style=\"position:relative;padding:3px 0 3px 24px\"><span style=\"position:absolute;left:0;top:3px;color:#0079F1;font-weight:700\">&#10003;<\/span>Ferritina<\/li>\n<li style=\"position:relative;padding:3px 0 3px 24px\"><span style=\"position:absolute;left:0;top:3px;color:#0079F1;font-weight:700\">&#10003;<\/span>PCR<\/li>\n<li style=\"position:relative;padding:3px 0 3px 24px\"><span style=\"position:absolute;left:0;top:3px;color:#0079F1;font-weight:700\">&#10003;<\/span>TSH<\/li>\n<li style=\"position:relative;padding:3px 0 3px 24px\"><span style=\"position:absolute;left:0;top:3px;color:#0079F1;font-weight:700\">&#10003;<\/span>25-OH-vitamina D<\/li>\n<li style=\"position:relative;padding:3px 0 3px 24px\"><span style=\"position:absolute;left:0;top:3px;color:#0079F1;font-weight:700\">&#10003;<\/span>Zinco<\/li>\n<\/ul>\n<p style=\"margin:0 0 6px;color:#013366;font-weight:700\">3. Solo dopo la valutazione del medico<\/p>\n<ul style=\"margin:0 0 16px;padding:0;color:#2e3033;list-style:none\">\n<li style=\"position:relative;padding:3px 0 3px 24px\"><span style=\"position:absolute;left:0;top:3px;color:#0079F1;font-weight:700\">&#10003;<\/span>Valori estesi come fT3, fT4, anticorpi anti-TPO, B12, acido folico, saturazione della transferrina<\/li>\n<li style=\"position:relative;padding:3px 0 3px 24px\"><span style=\"position:absolute;left:0;top:3px;color:#0079F1;font-weight:700\">&#10003;<\/span>Valori ormonali come testosterone, SHBG, DHEA-S o prolattina, nelle donne anche programmati in base al ciclo<\/li>\n<\/ul>\n<p style=\"margin:0 0 6px;color:#013366;font-weight:700\">4. Preparazione<\/p>\n<ul style=\"margin:0 0 16px;padding:0;color:#2e3033;list-style:none\">\n<li style=\"position:relative;padding:3px 0 3px 24px\"><span style=\"position:absolute;left:0;top:3px;color:#0079F1;font-weight:700\">&#10003;<\/span>Sospendere integratori per capelli e prodotti con biotina alcuni giorni prima e dichiarare l&#8217;assunzione in ambulatorio<\/li>\n<li style=\"position:relative;padding:3px 0 3px 24px\"><span style=\"position:absolute;left:0;top:3px;color:#0079F1;font-weight:700\">&#10003;<\/span>Nessun prelievo durante un&#8217;infezione acuta, altrimenti PCR e ferritina risultano alterate<\/li>\n<li style=\"position:relative;padding:3px 0 3px 24px\"><span style=\"position:absolute;left:0;top:3px;color:#0079F1;font-weight:700\">&#10003;<\/span>Se sono previsti valori ormonali, concordare il giorno del ciclo con l&#8217;ambulatorio<\/li>\n<li style=\"position:relative;padding:3px 0 3px 24px\"><span style=\"position:absolute;left:0;top:3px;color:#0079F1;font-weight:700\">&#10003;<\/span>Portare l&#8217;elenco di tutti i farmaci e integratori, e non sospendere la pillola di propria iniziativa<\/li>\n<li style=\"position:relative;padding:3px 0 3px 24px\"><span style=\"position:absolute;left:0;top:3px;color:#0079F1;font-weight:700\">&#10003;<\/span>A digiuno solo se l&#8217;ambulatorio lo indica espressamente (per esempio per glicemia o assetto lipidico)<\/li>\n<\/ul>\n<div style=\"border-left:4px solid #0079F1;padding:2px 0 2px 14px;color:#2e3033\">\n<p style=\"margin:0 0 4px;color:#013366;font-weight:700\">Una proposta di frase per iniziare<\/p>\n<p style=\"margin:0;font-style:italic\">\u00abDa circa quattro mesi perdo molti pi\u00f9 capelli, in modo uniforme su tutta la testa. Vorrei capire se c&#8217;\u00e8 una causa che si pu\u00f2 trattare, per esempio il ferro o la tiroide.\u00bb<\/p>\n<\/div>\n<\/div>\n\n\n\n<p class=\"wp-block-paragraph\">I test fai da te e i laboratori online sono tecnicamente un&#8217;opzione e per alcune persone sono il primo passo in assoluto. Senza un inquadramento medico, per\u00f2, un valore resta un numero senza conseguenze, e i fattori di disturbo tipici come una PCR elevata o l&#8217;assunzione di biotina spesso non vengono considerati. Chi sceglie questa strada dovrebbe poi far commentare il referto da un medico.<\/p>\n\n\n\n<h3 class=\"wp-block-heading\">Chi mi commenta i risultati, il medico di famiglia o il dermatologo?<\/h3>\n\n\n\n<p class=\"wp-block-paragraph\">Il referto lo spiega chi lo ha prescritto. L&#8217;inquadramento specifico per i capelli, cio\u00e8 il collegamento tra valore di laboratorio e quadro dei capelli, lo fa di norma l&#8217;ambulatorio dermatologico, perch\u00e9 l\u00ec si esaminano anche cuoio capelluto e schema della caduta. Le due cose si integrano e nessuna delle due strade \u00e8 quella sbagliata.<\/p>\n\n\n\n<p class=\"wp-block-paragraph\">Un consiglio pratico: porti una copia del referto al prossimo appuntamento. Evita che gli stessi valori vengano misurati due volte a breve distanza e rende visibile un andamento. Quale ruolo abbia ciascuno negli accertamenti lo chiarisce l&#8217;articolo <a href=\"\/it\/trapianto-capelli-blog\/come-si-chiama-il-medico-che-cura-i-capelli\/\">Caduta dei capelli: quale medico consultare<\/a>.<\/p>\n\n\n<div class=\"wp-block-image\">\n<figure class=\"aligncenter size-large is-resized\" style=\"max-width:720px;margin-left:auto;margin-right:auto\"><img decoding=\"async\" src=\"https:\/\/elithair.com\/it\/wp-content\/uploads\/sites\/6\/2026\/08\/foto_vorbereitung_flatlay.png\" alt=\"Preparazione al prelievo di sangue: blocco per appunti, penna ed elenco dei farmaci sulla scrivania\" class=\"wp-image-107898\" style=\"width:720px;max-width:100%;height:auto\"\/><\/figure>\n<\/div>\n\n\n<h2 class=\"wp-block-heading\">Gli esami del sangue per la caduta dei capelli sono a carico del sistema sanitario?<\/h2>\n\n\n\n<p class=\"wp-block-paragraph\"><strong>In presenza di un motivo clinico gli accertamenti di base prescritti dal medico rientrano di norma tra le prestazioni del Servizio Sanitario Nazionale, con l&#8217;eventuale ticket previsto; decisiva \u00e8 l&#8217;indicazione, non il singolo parametro.<\/strong> L&#8217;esame deve quindi avere un motivo che nasce dai disturbi e dal quadro clinico. I valori richiesti soltanto su desiderio della persona, senza indicazione, vengono eseguiti in regime privato e pagati di tasca propria.<\/p>\n\n\n\n<p class=\"wp-block-paragraph\">Dove passi il confine non \u00e8 una lista fissa, ma una questione di indicazione. Nella pratica, in una caduta diffusa con un sospetto motivato, emocromo, ferritina e TSH vengono di solito prescritti a carico del servizio pubblico. Pannelli vitaminici od ormonali ampi senza un sospetto clinico concreto vengono invece spesso eseguiti privatamente; molti laboratori li propongono come \u00abpacchetti capelli\u00bb a pagamento.<\/p>\n\n\n\n<p class=\"wp-block-paragraph\">Per questo conviene iniziare il colloquio dal motivo e non da una lista di esami: da quando, quanto forte, diffusa o a schema, quali sintomi associati, quali eventi negli ultimi quattro mesi. \u00c8 esattamente questo a motivare la richiesta. Prezzi concreti qui non li indichiamo di proposito, perch\u00e9 non esiste una fonte affidabile e aggiornata per il singolo caso.<\/p>\n\n\n\n<p class=\"wp-block-paragraph\">Un secondo punto viene cercato spesso: il trattamento dell&#8217;alopecia androgenetica di norma non \u00e8 a carico del sistema sanitario. In molti sistemi sanitari la caduta ereditaria viene considerata una questione estetica, e i farmaci per la ricrescita dei capelli come finasteride e minoxidil non sono rimborsabili e restano interamente a carico della persona. Chi ha una polizza sanitaria integrativa verifica la copertura con il proprio contratto.<\/p>\n\n\n\n<h2 class=\"wp-block-heading\">Leggere bene i valori: intervallo di riferimento non significa intervallo ottimale<\/h2>\n\n\n\n<p class=\"wp-block-paragraph\">Un intervallo di riferimento descrive quali valori si osservano nel 95 per cento centrale di una popolazione sana di confronto. \u00c8 un&#8217;ampiezza statistica, non un valore obiettivo individuale. Per questo un valore pu\u00f2 essere \u00abnella norma\u00bb e risultare comunque troppo basso per i suoi capelli, soprattutto al margine inferiore dell&#8217;intervallo della ferritina. Questo spiega gran parte della confusione tra colloquio medico e ricerche in rete.<\/p>\n\n\n\n<p class=\"wp-block-paragraph\">In secondo luogo, gli intervalli di riferimento dipendono dal metodo e dal laboratorio. Non esiste un unico intervallo universale, n\u00e9 per la vitamina D n\u00e9 per lo zinco o il TSH. I confronti tra due laboratori o con numeri trovati in rete finiscono quindi regolarmente male. Affidabile \u00e8 l&#8217;intervallo riportato accanto al valore sul suo referto.<\/p>\n\n\n\n<p class=\"wp-block-paragraph\">In terzo luogo, un singolo valore \u00e8 un&#8217;istantanea. Un andamento nell&#8217;arco di mesi dice pi\u00f9 di una misurazione isolata, soprattutto per ferritina e TSH.<\/p>\n\n\n\n<h3 class=\"wp-block-heading\" id=\"befund-uebersetzer\">Traduttore del referto: le sigle sul foglio del laboratorio<\/h3>\n\n\n\n<p class=\"wp-block-paragraph\">La panoramica che segue traduce le sigle pi\u00f9 comuni del suo referto, dall&#8217;Hb all&#8217;MCV fino agli anti-TPO, e per ogni sigla indica che cosa ha a che fare con i capelli. \u00c8 un piccolo dizionario e non un&#8217;interpretazione del referto: che cosa significhi un valore concreto nel suo caso \u00e8 argomento del colloquio con il medico.<\/p>\n\n\n\n<style>\n@media (max-width:640px){\n.rt-table-wrap{overflow-x:visible!important;border:0!important;border-radius:0!important}\n.rt-table{min-width:0!important}\n.rt-table thead{display:none}\n.rt-table,.rt-table tbody,.rt-table tr,.rt-table td{display:block;width:100%}\n.rt-table caption{display:block;padding:0 0 12px!important}\n.rt-table tr{margin:0 0 12px;border:1px solid #dbe4f0;border-radius:10px;overflow:hidden}\n.rt-table tr:last-child{margin-bottom:0}\n.rt-table td{display:flex!important;flex-direction:column;gap:3px;padding:12px 14px!important;\nborder:0!important;border-bottom:1px solid #e3e8ef!important;background:#ffffff!important}\n.rt-table tr td:last-child{border-bottom:0!important}\n.rt-table td::before{content:attr(data-label);font-size:12px;font-weight:700;letter-spacing:.04em;\ntext-transform:uppercase;color:#5799F1}\n.rt-table td:not([data-label])::before,.rt-table td[data-label=\"\"]::before{display:none}\n}\n<\/style>\n<div class=\"rt-table-wrap\" style=\"overflow-x:auto;-webkit-overflow-scrolling:touch;margin:28px 0;border:1px solid #dbe4f0;border-radius:12px\">\n  <table class=\"rt-table\" style=\"width:100%;min-width:620px;table-layout:fixed;border-collapse:separate;border-spacing:0;font-size:15px;margin:0\">\n    <caption style=\"caption-side:top;text-align:left;color:#003366;font-weight:700;font-size:16px;line-height:1.35;padding:14px 16px 10px;background:#ffffff\">Dizionario del referto: sigla, significato e rapporto con i capelli<\/caption>\n    <thead>\n      <tr>\n        <th style=\"width:22%;background:#003366;color:#ffffff;font-weight:700;text-align:left;vertical-align:middle;padding:13px 16px;font-size:15px;line-height:1.4;border:0;overflow-wrap:break-word\">Come compare sul referto<\/th>\n        <th style=\"background:#003366;color:#ffffff;font-weight:700;text-align:left;vertical-align:middle;padding:13px 16px;font-size:15px;line-height:1.4;border:0;overflow-wrap:break-word\">Che cos&#8217;\u00e8<\/th>\n        <th style=\"background:#003366;color:#ffffff;font-weight:700;text-align:left;vertical-align:middle;padding:13px 16px;font-size:15px;line-height:1.4;border:0;overflow-wrap:break-word\">Che rapporto ha con i capelli<\/th>\n      <\/tr>\n    <\/thead>\n    <tbody>\n      <tr>\n        <td data-label=\"Come compare sul referto\" style=\"background:#ffffff;color:#003366;font-weight:700;text-align:left;vertical-align:top;padding:13px 16px;font-size:15px;line-height:1.55;border:0;border-bottom:1px solid #e3e8ef;overflow-wrap:break-word\">Hb (emoglobina)<\/td>\n        <td data-label=\"Che cos'\u00e8\" style=\"background:#ffffff;color:#22303e;font-weight:400;text-align:left;vertical-align:top;padding:13px 16px;font-size:15px;line-height:1.55;border:0;border-bottom:1px solid #e3e8ef;overflow-wrap:break-word\">Pigmento rosso del sangue, trasporta l&#8217;ossigeno<\/td>\n        <td data-label=\"Che rapporto ha con i capelli\" style=\"background:#ffffff;color:#22303e;font-weight:400;text-align:left;vertical-align:top;padding:13px 16px;font-size:15px;line-height:1.55;border:0;border-bottom:1px solid #e3e8ef;overflow-wrap:break-word\">Un&#8217;emoglobina normale non esclude una carenza di ferro<\/td>\n      <\/tr>\n      <tr>\n        <td data-label=\"Come compare sul referto\" style=\"background:#f6f9fc;color:#003366;font-weight:700;text-align:left;vertical-align:top;padding:13px 16px;font-size:15px;line-height:1.55;border:0;border-bottom:1px solid #e3e8ef;overflow-wrap:break-word\">Ht (ematocrito)<\/td>\n        <td data-label=\"Che cos'\u00e8\" style=\"background:#f6f9fc;color:#22303e;font-weight:400;text-align:left;vertical-align:top;padding:13px 16px;font-size:15px;line-height:1.55;border:0;border-bottom:1px solid #e3e8ef;overflow-wrap:break-word\">Quota delle cellule sul volume del sangue<\/td>\n        <td data-label=\"Che rapporto ha con i capelli\" style=\"background:#f6f9fc;color:#22303e;font-weight:400;text-align:left;vertical-align:top;padding:13px 16px;font-size:15px;line-height:1.55;border:0;border-bottom:1px solid #e3e8ef;overflow-wrap:break-word\">Completa la valutazione di un&#8217;anemia<\/td>\n      <\/tr>\n      <tr>\n        <td data-label=\"Come compare sul referto\" style=\"background:#ffffff;color:#003366;font-weight:700;text-align:left;vertical-align:top;padding:13px 16px;font-size:15px;line-height:1.55;border:0;border-bottom:1px solid #e3e8ef;overflow-wrap:break-word\">MCV<\/td>\n        <td data-label=\"Che cos'\u00e8\" style=\"background:#ffffff;color:#22303e;font-weight:400;text-align:left;vertical-align:top;padding:13px 16px;font-size:15px;line-height:1.55;border:0;border-bottom:1px solid #e3e8ef;overflow-wrap:break-word\">Volume medio dei globuli rossi<\/td>\n        <td data-label=\"Che rapporto ha con i capelli\" style=\"background:#ffffff;color:#22303e;font-weight:400;text-align:left;vertical-align:top;padding:13px 16px;font-size:15px;line-height:1.55;border:0;border-bottom:1px solid #e3e8ef;overflow-wrap:break-word\">Cellule piccole possono indicare una carenza di ferro, cellule grandi una carenza di B12 o di acido folico<\/td>\n      <\/tr>\n      <tr>\n        <td data-label=\"Come compare sul referto\" style=\"background:#f6f9fc;color:#003366;font-weight:700;text-align:left;vertical-align:top;padding:13px 16px;font-size:15px;line-height:1.55;border:0;border-bottom:1px solid #e3e8ef;overflow-wrap:break-word\">GR o RBC (globuli rossi)<\/td>\n        <td data-label=\"Che cos'\u00e8\" style=\"background:#f6f9fc;color:#22303e;font-weight:400;text-align:left;vertical-align:top;padding:13px 16px;font-size:15px;line-height:1.55;border:0;border-bottom:1px solid #e3e8ef;overflow-wrap:break-word\">Globuli rossi<\/td>\n        <td data-label=\"Che rapporto ha con i capelli\" style=\"background:#f6f9fc;color:#22303e;font-weight:400;text-align:left;vertical-align:top;padding:13px 16px;font-size:15px;line-height:1.55;border:0;border-bottom:1px solid #e3e8ef;overflow-wrap:break-word\">Parte degli accertamenti per l&#8217;anemia<\/td>\n      <\/tr>\n      <tr>\n        <td data-label=\"Come compare sul referto\" style=\"background:#ffffff;color:#003366;font-weight:700;text-align:left;vertical-align:top;padding:13px 16px;font-size:15px;line-height:1.55;border:0;border-bottom:1px solid #e3e8ef;overflow-wrap:break-word\">GB o WBC (globuli bianchi)<\/td>\n        <td data-label=\"Che cos'\u00e8\" style=\"background:#ffffff;color:#22303e;font-weight:400;text-align:left;vertical-align:top;padding:13px 16px;font-size:15px;line-height:1.55;border:0;border-bottom:1px solid #e3e8ef;overflow-wrap:break-word\">Globuli bianchi<\/td>\n        <td data-label=\"Che rapporto ha con i capelli\" style=\"background:#ffffff;color:#22303e;font-weight:400;text-align:left;vertical-align:top;padding:13px 16px;font-size:15px;line-height:1.55;border:0;border-bottom:1px solid #e3e8ef;overflow-wrap:break-word\">Possono indicare un&#8217;infiammazione che altera la ferritina<\/td>\n      <\/tr>\n      <tr>\n        <td data-label=\"Come compare sul referto\" style=\"background:#f6f9fc;color:#003366;font-weight:700;text-align:left;vertical-align:top;padding:13px 16px;font-size:15px;line-height:1.55;border:0;border-bottom:1px solid #e3e8ef;overflow-wrap:break-word\">PLT (piastrine)<\/td>\n        <td data-label=\"Che cos'\u00e8\" style=\"background:#f6f9fc;color:#22303e;font-weight:400;text-align:left;vertical-align:top;padding:13px 16px;font-size:15px;line-height:1.55;border:0;border-bottom:1px solid #e3e8ef;overflow-wrap:break-word\">Piastrine per la coagulazione<\/td>\n        <td data-label=\"Che rapporto ha con i capelli\" style=\"background:#f6f9fc;color:#22303e;font-weight:400;text-align:left;vertical-align:top;padding:13px 16px;font-size:15px;line-height:1.55;border:0;border-bottom:1px solid #e3e8ef;overflow-wrap:break-word\">Senza rapporto diretto con i capelli, fa parte della valutazione di base<\/td>\n      <\/tr>\n      <tr>\n        <td data-label=\"Come compare sul referto\" style=\"background:#ffffff;color:#003366;font-weight:700;text-align:left;vertical-align:top;padding:13px 16px;font-size:15px;line-height:1.55;border:0;border-bottom:1px solid #e3e8ef;overflow-wrap:break-word\">Ferritina<\/td>\n        <td data-label=\"Che cos'\u00e8\" style=\"background:#ffffff;color:#22303e;font-weight:400;text-align:left;vertical-align:top;padding:13px 16px;font-size:15px;line-height:1.55;border:0;border-bottom:1px solid #e3e8ef;overflow-wrap:break-word\">Proteina di deposito del ferro<\/td>\n        <td data-label=\"Che rapporto ha con i capelli\" style=\"background:#ffffff;color:#22303e;font-weight:400;text-align:left;vertical-align:top;padding:13px 16px;font-size:15px;line-height:1.55;border:0;border-bottom:1px solid #e3e8ef;overflow-wrap:break-word\">Il singolo valore pi\u00f9 importante nella caduta diffusa<\/td>\n      <\/tr>\n      <tr>\n        <td data-label=\"Come compare sul referto\" style=\"background:#f6f9fc;color:#003366;font-weight:700;text-align:left;vertical-align:top;padding:13px 16px;font-size:15px;line-height:1.55;border:0;border-bottom:1px solid #e3e8ef;overflow-wrap:break-word\">Sat. Tf (saturazione della transferrina)<\/td>\n        <td data-label=\"Che cos'\u00e8\" style=\"background:#f6f9fc;color:#22303e;font-weight:400;text-align:left;vertical-align:top;padding:13px 16px;font-size:15px;line-height:1.55;border:0;border-bottom:1px solid #e3e8ef;overflow-wrap:break-word\">Quota della proteina di trasporto carica di ferro<\/td>\n        <td data-label=\"Che rapporto ha con i capelli\" style=\"background:#f6f9fc;color:#22303e;font-weight:400;text-align:left;vertical-align:top;padding:13px 16px;font-size:15px;line-height:1.55;border:0;border-bottom:1px solid #e3e8ef;overflow-wrap:break-word\">Pu\u00f2 rendere visibile una carenza marziale funzionale nonostante una ferritina normale<\/td>\n      <\/tr>\n      <tr>\n        <td data-label=\"Come compare sul referto\" style=\"background:#ffffff;color:#003366;font-weight:700;text-align:left;vertical-align:top;padding:13px 16px;font-size:15px;line-height:1.55;border:0;border-bottom:1px solid #e3e8ef;overflow-wrap:break-word\">PCR (proteina C reattiva)<\/td>\n        <td data-label=\"Che cos'\u00e8\" style=\"background:#ffffff;color:#22303e;font-weight:400;text-align:left;vertical-align:top;padding:13px 16px;font-size:15px;line-height:1.55;border:0;border-bottom:1px solid #e3e8ef;overflow-wrap:break-word\">Proteina della fase acuta, marcatore di infiammazione<\/td>\n        <td data-label=\"Che rapporto ha con i capelli\" style=\"background:#ffffff;color:#22303e;font-weight:400;text-align:left;vertical-align:top;padding:13px 16px;font-size:15px;line-height:1.55;border:0;border-bottom:1px solid #e3e8ef;overflow-wrap:break-word\">Una PCR elevata pu\u00f2 far sembrare la ferritina pi\u00f9 alta di quanto sia<\/td>\n      <\/tr>\n      <tr>\n        <td data-label=\"Come compare sul referto\" style=\"background:#f6f9fc;color:#003366;font-weight:700;text-align:left;vertical-align:top;padding:13px 16px;font-size:15px;line-height:1.55;border:0;border-bottom:1px solid #e3e8ef;overflow-wrap:break-word\">TSH<\/td>\n        <td data-label=\"Che cos'\u00e8\" style=\"background:#f6f9fc;color:#22303e;font-weight:400;text-align:left;vertical-align:top;padding:13px 16px;font-size:15px;line-height:1.55;border:0;border-bottom:1px solid #e3e8ef;overflow-wrap:break-word\">Ormone che regola la tiroide<\/td>\n        <td data-label=\"Che rapporto ha con i capelli\" style=\"background:#f6f9fc;color:#22303e;font-weight:400;text-align:left;vertical-align:top;padding:13px 16px;font-size:15px;line-height:1.55;border:0;border-bottom:1px solid #e3e8ef;overflow-wrap:break-word\">Valori alterati possono accompagnarsi a una caduta diffusa<\/td>\n      <\/tr>\n      <tr>\n        <td data-label=\"Come compare sul referto\" style=\"background:#ffffff;color:#003366;font-weight:700;text-align:left;vertical-align:top;padding:13px 16px;font-size:15px;line-height:1.55;border:0;border-bottom:1px solid #e3e8ef;overflow-wrap:break-word\">fT3 e fT4<\/td>\n        <td data-label=\"Che cos'\u00e8\" style=\"background:#ffffff;color:#22303e;font-weight:400;text-align:left;vertical-align:top;padding:13px 16px;font-size:15px;line-height:1.55;border:0;border-bottom:1px solid #e3e8ef;overflow-wrap:break-word\">Ormoni tiroidei liberi<\/td>\n        <td data-label=\"Che rapporto ha con i capelli\" style=\"background:#ffffff;color:#22303e;font-weight:400;text-align:left;vertical-align:top;padding:13px 16px;font-size:15px;line-height:1.55;border:0;border-bottom:1px solid #e3e8ef;overflow-wrap:break-word\">Mostrano quanto lavora davvero la tiroide<\/td>\n      <\/tr>\n      <tr>\n        <td data-label=\"Come compare sul referto\" style=\"background:#f6f9fc;color:#003366;font-weight:700;text-align:left;vertical-align:top;padding:13px 16px;font-size:15px;line-height:1.55;border:0;border-bottom:1px solid #e3e8ef;overflow-wrap:break-word\">Ab anti-TPO<\/td>\n        <td data-label=\"Che cos'\u00e8\" style=\"background:#f6f9fc;color:#22303e;font-weight:400;text-align:left;vertical-align:top;padding:13px 16px;font-size:15px;line-height:1.55;border:0;border-bottom:1px solid #e3e8ef;overflow-wrap:break-word\">Anticorpi contro la tireoperossidasi<\/td>\n        <td data-label=\"Che rapporto ha con i capelli\" style=\"background:#f6f9fc;color:#22303e;font-weight:400;text-align:left;vertical-align:top;padding:13px 16px;font-size:15px;line-height:1.55;border:0;border-bottom:1px solid #e3e8ef;overflow-wrap:break-word\">Indizio di una tiroidite di Hashimoto<\/td>\n      <\/tr>\n      <tr>\n        <td data-label=\"Come compare sul referto\" style=\"background:#ffffff;color:#003366;font-weight:700;text-align:left;vertical-align:top;padding:13px 16px;font-size:15px;line-height:1.55;border:0;border-bottom:1px solid #e3e8ef;overflow-wrap:break-word\">25-OH-D<\/td>\n        <td data-label=\"Che cos'\u00e8\" style=\"background:#ffffff;color:#22303e;font-weight:400;text-align:left;vertical-align:top;padding:13px 16px;font-size:15px;line-height:1.55;border:0;border-bottom:1px solid #e3e8ef;overflow-wrap:break-word\">Forma di deposito della vitamina D nel sangue<\/td>\n        <td data-label=\"Che rapporto ha con i capelli\" style=\"background:#ffffff;color:#22303e;font-weight:400;text-align:left;vertical-align:top;padding:13px 16px;font-size:15px;line-height:1.55;border:0;border-bottom:1px solid #e3e8ef;overflow-wrap:break-word\">Una carenza viene valutata insieme al resto nella caduta diffusa<\/td>\n      <\/tr>\n      <tr>\n        <td data-label=\"Come compare sul referto\" style=\"background:#f6f9fc;color:#003366;font-weight:700;text-align:left;vertical-align:top;padding:13px 16px;font-size:15px;line-height:1.55;border:0;border-bottom:1px solid #e3e8ef;overflow-wrap:break-word\">Zn (zinco)<\/td>\n        <td data-label=\"Che cos'\u00e8\" style=\"background:#f6f9fc;color:#22303e;font-weight:400;text-align:left;vertical-align:top;padding:13px 16px;font-size:15px;line-height:1.55;border:0;border-bottom:1px solid #e3e8ef;overflow-wrap:break-word\">Oligoelemento nel siero o nel sangue intero<\/td>\n        <td data-label=\"Che rapporto ha con i capelli\" style=\"background:#f6f9fc;color:#22303e;font-weight:400;text-align:left;vertical-align:top;padding:13px 16px;font-size:15px;line-height:1.55;border:0;border-bottom:1px solid #e3e8ef;overflow-wrap:break-word\">Una carenza pu\u00f2 contribuire a una caduta diffusa<\/td>\n      <\/tr>\n      <tr>\n        <td data-label=\"Come compare sul referto\" style=\"background:#ffffff;color:#003366;font-weight:700;text-align:left;vertical-align:top;padding:13px 16px;font-size:15px;line-height:1.55;border:0;border-bottom:1px solid #e3e8ef;overflow-wrap:break-word\">Vit. B12 \/ Olo-TC<\/td>\n        <td data-label=\"Che cos'\u00e8\" style=\"background:#ffffff;color:#22303e;font-weight:400;text-align:left;vertical-align:top;padding:13px 16px;font-size:15px;line-height:1.55;border:0;border-bottom:1px solid #e3e8ef;overflow-wrap:break-word\">Vitamina B12 totale ovvero la quota disponibile<\/td>\n        <td data-label=\"Che rapporto ha con i capelli\" style=\"background:#ffffff;color:#22303e;font-weight:400;text-align:left;vertical-align:top;padding:13px 16px;font-size:15px;line-height:1.55;border:0;border-bottom:1px solid #e3e8ef;overflow-wrap:break-word\">Una carenza pu\u00f2 interessare la produzione del sangue e la crescita dei capelli<\/td>\n      <\/tr>\n      <tr>\n        <td data-label=\"Come compare sul referto\" style=\"background:#f6f9fc;color:#003366;font-weight:700;text-align:left;vertical-align:top;padding:13px 16px;font-size:15px;line-height:1.55;border:0;border-bottom:1px solid #e3e8ef;overflow-wrap:break-word\">Acido folico (folati)<\/td>\n        <td data-label=\"Che cos'\u00e8\" style=\"background:#f6f9fc;color:#22303e;font-weight:400;text-align:left;vertical-align:top;padding:13px 16px;font-size:15px;line-height:1.55;border:0;border-bottom:1px solid #e3e8ef;overflow-wrap:break-word\">Folati nel siero<\/td>\n        <td data-label=\"Che rapporto ha con i capelli\" style=\"background:#f6f9fc;color:#22303e;font-weight:400;text-align:left;vertical-align:top;padding:13px 16px;font-size:15px;line-height:1.55;border:0;border-bottom:1px solid #e3e8ef;overflow-wrap:break-word\">Viene valutato insieme alla B12<\/td>\n      <\/tr>\n      <tr>\n        <td data-label=\"Come compare sul referto\" style=\"background:#ffffff;color:#003366;font-weight:700;text-align:left;vertical-align:top;padding:13px 16px;font-size:15px;line-height:1.55;border:0;border-bottom:1px solid #e3e8ef;overflow-wrap:break-word\">T tot. (testosterone totale)<\/td>\n        <td data-label=\"Che cos'\u00e8\" style=\"background:#ffffff;color:#22303e;font-weight:400;text-align:left;vertical-align:top;padding:13px 16px;font-size:15px;line-height:1.55;border:0;border-bottom:1px solid #e3e8ef;overflow-wrap:break-word\">Androgeno, in gran parte legato a proteine<\/td>\n        <td data-label=\"Che rapporto ha con i capelli\" style=\"background:#ffffff;color:#22303e;font-weight:400;text-align:left;vertical-align:top;padding:13px 16px;font-size:15px;line-height:1.55;border:0;border-bottom:1px solid #e3e8ef;overflow-wrap:break-word\">Nelle donne fa parte della ricerca di una causa ormonale<\/td>\n      <\/tr>\n      <tr>\n        <td data-label=\"Come compare sul referto\" style=\"background:#f6f9fc;color:#003366;font-weight:700;text-align:left;vertical-align:top;padding:13px 16px;font-size:15px;line-height:1.55;border:0;border-bottom:1px solid #e3e8ef;overflow-wrap:break-word\">SHBG<\/td>\n        <td data-label=\"Che cos'\u00e8\" style=\"background:#f6f9fc;color:#22303e;font-weight:400;text-align:left;vertical-align:top;padding:13px 16px;font-size:15px;line-height:1.55;border:0;border-bottom:1px solid #e3e8ef;overflow-wrap:break-word\">Proteina di trasporto degli ormoni sessuali<\/td>\n        <td data-label=\"Che rapporto ha con i capelli\" style=\"background:#f6f9fc;color:#22303e;font-weight:400;text-align:left;vertical-align:top;padding:13px 16px;font-size:15px;line-height:1.55;border:0;border-bottom:1px solid #e3e8ef;overflow-wrap:break-word\">Influisce su quanto testosterone libero \u00e8 attivo<\/td>\n      <\/tr>\n      <tr>\n        <td data-label=\"Come compare sul referto\" style=\"background:#ffffff;color:#003366;font-weight:700;text-align:left;vertical-align:top;padding:13px 16px;font-size:15px;line-height:1.55;border:0;border-bottom:1px solid #e3e8ef;overflow-wrap:break-word\">DHEA-S<\/td>\n        <td data-label=\"Che cos'\u00e8\" style=\"background:#ffffff;color:#22303e;font-weight:400;text-align:left;vertical-align:top;padding:13px 16px;font-size:15px;line-height:1.55;border:0;border-bottom:1px solid #e3e8ef;overflow-wrap:break-word\">Androgeno della corteccia surrenale<\/td>\n        <td data-label=\"Che rapporto ha con i capelli\" style=\"background:#ffffff;color:#22303e;font-weight:400;text-align:left;vertical-align:top;padding:13px 16px;font-size:15px;line-height:1.55;border:0;border-bottom:1px solid #e3e8ef;overflow-wrap:break-word\">Pu\u00f2 indicare una fonte androgenica al di fuori delle ovaie<\/td>\n      <\/tr>\n      <tr>\n        <td data-label=\"Come compare sul referto\" style=\"background:#f6f9fc;color:#003366;font-weight:700;text-align:left;vertical-align:top;padding:13px 16px;font-size:15px;line-height:1.55;border:0;border-bottom:1px solid #e3e8ef;overflow-wrap:break-word\">Prolattina<\/td>\n        <td data-label=\"Che cos'\u00e8\" style=\"background:#f6f9fc;color:#22303e;font-weight:400;text-align:left;vertical-align:top;padding:13px 16px;font-size:15px;line-height:1.55;border:0;border-bottom:1px solid #e3e8ef;overflow-wrap:break-word\">Ormone dell&#8217;ipofisi<\/td>\n        <td data-label=\"Che rapporto ha con i capelli\" style=\"background:#f6f9fc;color:#22303e;font-weight:400;text-align:left;vertical-align:top;padding:13px 16px;font-size:15px;line-height:1.55;border:0;border-bottom:1px solid #e3e8ef;overflow-wrap:break-word\">Valori alterati vanno approfonditi dal medico<\/td>\n      <\/tr>\n      <tr>\n        <td data-label=\"Come compare sul referto\" style=\"background:#ffffff;color:#003366;font-weight:700;text-align:left;vertical-align:top;padding:13px 16px;font-size:15px;line-height:1.55;border:0;overflow-wrap:break-word\">HbA1c<\/td>\n        <td data-label=\"Che cos'\u00e8\" style=\"background:#ffffff;color:#22303e;font-weight:400;text-align:left;vertical-align:top;padding:13px 16px;font-size:15px;line-height:1.55;border:0;overflow-wrap:break-word\">Valore a lungo termine della glicemia<\/td>\n        <td data-label=\"Che rapporto ha con i capelli\" style=\"background:#ffffff;color:#22303e;font-weight:400;text-align:left;vertical-align:top;padding:13px 16px;font-size:15px;line-height:1.55;border:0;overflow-wrap:break-word\">Fa parte degli accertamenti in caso di sospetta sindrome dell&#8217;ovaio policistico<\/td>\n      <\/tr>\n    <\/tbody>\n  <\/table>\n<\/div>\n\n\n\n<h2 class=\"wp-block-heading\">Tutti i valori normali e i capelli cadono lo stesso: i passi successivi<\/h2>\n\n\n\n<p class=\"wp-block-paragraph\">Valori nella norma sono un risultato e non un fallimento: escludono le cause correggibili pi\u00f9 frequenti e spostano la domanda sullo schema della caduta. Il passo successivo non \u00e8 un altro giro di esami, ma la visita dermatologica del cuoio capelluto. Quattro spiegazioni coprono la maggior parte di questi casi.<\/p>\n\n\n\n<div style=\"margin:0 0 26px\">\n<div style=\"border:1px solid #e3e8ef;border-radius:10px;padding:16px;margin-bottom:12px\">\n<p style=\"margin:0 0 6px;color:#013366;font-weight:700\">Schema su fronte, tempie o vertice, laboratorio nella norma<\/p>\n<p style=\"margin:0;color:#2e3033\">Spiegazione probabile: una caduta ereditaria, che nel sangue non si vede. Passo successivo: visita dermatologica con tricoscopia e documentazione fotografica, invece di ulteriori giri di esami. Una panoramica delle forme la offre l&#8217;articolo sulle <a href=\"\/it\/trapianto-capelli-blog\/cause-caduta-capelli\/\">cause della caduta dei capelli<\/a>.<\/p>\n<\/div>\n<div style=\"border:1px solid #e3e8ef;border-radius:10px;padding:16px;margin-bottom:12px\">\n<p style=\"margin:0 0 6px;color:#013366;font-weight:700\">Caduta diffusa, ma tutti i valori normali<\/p>\n<p style=\"margin:0;color:#2e3033\">Spiegazione probabile: l&#8217;evento scatenante \u00e8 nel passato. Un telogen effluvium inizia due-quattro mesi dopo l&#8217;evento, e il valore pu\u00f2 essersi normalizzato gi\u00e0 prima della misurazione. Passo successivo: osservare l&#8217;andamento, perch\u00e9 questa forma \u00e8 di solito autolimitante.<\/p>\n<\/div>\n<div style=\"border:1px solid #e3e8ef;border-radius:10px;padding:16px;margin-bottom:12px\">\n<p style=\"margin:0 0 6px;color:#013366;font-weight:700\">Un valore \u00e8 al limite inferiore, ma non \u00e8 stato discusso<\/p>\n<p style=\"margin:0;color:#2e3033\">Spiegazione probabile: il referto era formalmente normale, ma i capelli non erano il tema del colloquio. Riguarda pi\u00f9 spesso la ferritina. Passo successivo: controllare il valore nel tempo e discuterlo espressamente in relazione alla caduta dei capelli.<\/p>\n<\/div>\n<div style=\"border:1px solid #e3e8ef;border-radius:10px;padding:16px;margin-bottom:0\">\n<p style=\"margin:0 0 6px;color:#013366;font-weight:700\">Chiazze glabre, prurito, dolore o arrossamento del cuoio capelluto<\/p>\n<p style=\"margin:0;color:#2e3033\">Spiegazione probabile: una forma che si vede invece di misurarsi, per esempio un&#8217;alopecia areata, un&#8217;alopecia cicatriziale o un&#8217;alopecia da trazione. Passo successivo: rivolgersi in tempi brevi a un ambulatorio dermatologico, in caso di sospetto con biopsia del cuoio capelluto.<\/p>\n<\/div>\n<\/div>\n\n\n\n<p class=\"wp-block-paragraph\">Quello che il medico fa invece non \u00e8 una scappatoia, ma il passo diagnostico successivo. La <strong>tricoscopia<\/strong> \u00e8 una microscopia digitale in epiluminescenza del cuoio capelluto, con cui si valutano diametro dei capelli, aperture follicolari e segni di infiammazione. Si aggiungono il pull test, una documentazione fotografica standardizzata per seguire l&#8217;andamento e, in caso di sospetto, una biopsia del cuoio capelluto.<\/p>\n\n\n\n<p class=\"wp-block-paragraph\">Una domanda che arriva quasi sempre: lo stress si pu\u00f2 misurare nel sangue? Un \u00abvalore dello stress\u00bb che dimostri la caduta dei capelli non esiste. Il cortisolo non \u00e8 un parametro di routine nella diagnostica dei capelli e si dosa solo in presenza di un sospetto endocrinologico concreto. Nei pannelli di laboratorio abituali per la caduta dei capelli il cortisolo non compare. Per capire se la quantit\u00e0 di capelli che perde sia davvero fuori dal comune pu\u00f2 leggere l&#8217;articolo sulla <a href=\"\/it\/trapianto-capelli-blog\/caduta-capelli-estrema\/\">caduta di capelli estrema<\/a> e su quanto \u00e8 ancora normale.<\/p>\n\n\n<div class=\"wp-block-image\">\n<figure class=\"aligncenter size-large is-resized\" style=\"max-width:720px;margin-left:auto;margin-right:auto\"><img decoding=\"async\" src=\"https:\/\/elithair.com\/it\/wp-content\/uploads\/sites\/6\/2026\/08\/foto_trichoskopie.png\" alt=\"Tricoscopia: la dermatologa esamina il cuoio capelluto con un microscopio digitale in epiluminescenza\" class=\"wp-image-107899\" style=\"width:720px;max-width:100%;height:auto\"\/><\/figure>\n<\/div>\n\n\n<h2 class=\"wp-block-heading\">Quanto tempo serve perch\u00e9 i capelli ricrescano dopo la correzione?<\/h2>\n\n\n\n<p class=\"wp-block-paragraph\"><strong>Dopo la correzione di una carenza dimostrata la caduta si riduce di norma entro tre-sei mesi; per il recupero estetico completo possono servire dai 12 ai 18 mesi.<\/strong> Il motivo \u00e8 il ciclo del capello: i follicoli gi\u00e0 in fase di riposo cadono comunque prima che ricrescano capelli nuovi. Questo ritardo \u00e8 biologia, non il segno di una terapia che non funziona.<\/p>\n\n\n\n<style>\n@media (max-width:640px){\n.rt-table-wrap{overflow-x:visible!important;border:0!important;border-radius:0!important}\n.rt-table{min-width:0!important}\n.rt-table thead{display:none}\n.rt-table,.rt-table tbody,.rt-table tr,.rt-table td{display:block;width:100%}\n.rt-table caption{display:block;padding:0 0 12px!important}\n.rt-table tr{margin:0 0 12px;border:1px solid #dbe4f0;border-radius:10px;overflow:hidden}\n.rt-table tr:last-child{margin-bottom:0}\n.rt-table td{display:flex!important;flex-direction:column;gap:3px;padding:12px 14px!important;\nborder:0!important;border-bottom:1px solid #e3e8ef!important;background:#ffffff!important}\n.rt-table tr td:last-child{border-bottom:0!important}\n.rt-table td::before{content:attr(data-label);font-size:12px;font-weight:700;letter-spacing:.04em;\ntext-transform:uppercase;color:#5799F1}\n.rt-table td:not([data-label])::before,.rt-table td[data-label=\"\"]::before{display:none}\n}\n<\/style>\n<div class=\"rt-table-wrap\" style=\"overflow-x:auto;-webkit-overflow-scrolling:touch;margin:28px 0;border:1px solid #dbe4f0;border-radius:12px\">\n  <table class=\"rt-table\" style=\"width:100%;min-width:480px;table-layout:fixed;border-collapse:separate;border-spacing:0;font-size:15px;margin:0\">\n    <caption style=\"caption-side:top;text-align:left;color:#003366;font-weight:700;font-size:16px;line-height:1.35;padding:14px 16px 10px;background:#ffffff\">Tempi della ricrescita dopo la correzione di una causa trattabile<\/caption>\n    <thead>\n      <tr>\n        <th style=\"width:30%;background:#003366;color:#ffffff;font-weight:700;text-align:left;vertical-align:middle;padding:13px 16px;font-size:15px;line-height:1.4;border:0;overflow-wrap:break-word\">Periodo<\/th>\n        <th style=\"background:#003366;color:#ffffff;font-weight:700;text-align:left;vertical-align:middle;padding:13px 16px;font-size:15px;line-height:1.4;border:0;overflow-wrap:break-word\">Che cosa succede in questo periodo<\/th>\n      <\/tr>\n    <\/thead>\n    <tbody>\n      <tr>\n        <td data-label=\"Periodo\" style=\"background:#ffffff;color:#003366;font-weight:700;text-align:left;vertical-align:top;padding:13px 16px;font-size:15px;line-height:1.55;border:0;border-bottom:1px solid #e3e8ef;overflow-wrap:break-word\">Mese 1-2<\/td>\n        <td data-label=\"Che cosa succede in questo periodo\" style=\"background:#ffffff;color:#22303e;font-weight:400;text-align:left;vertical-align:top;padding:13px 16px;font-size:15px;line-height:1.55;border:0;border-bottom:1px solid #e3e8ef;overflow-wrap:break-word\">La terapia seguita dal medico riporta il valore alterato nell&#8217;intervallo obiettivo. La caduta di solito continua, perch\u00e9 i capelli interessati sono gi\u00e0 in fase di riposo.<\/td>\n      <\/tr>\n      <tr>\n        <td data-label=\"Periodo\" style=\"background:#f6f9fc;color:#003366;font-weight:700;text-align:left;vertical-align:top;padding:13px 16px;font-size:15px;line-height:1.55;border:0;border-bottom:1px solid #e3e8ef;overflow-wrap:break-word\">Mese 3-4<\/td>\n        <td data-label=\"Che cosa succede in questo periodo\" style=\"background:#f6f9fc;color:#22303e;font-weight:400;text-align:left;vertical-align:top;padding:13px 16px;font-size:15px;line-height:1.55;border:0;border-bottom:1px solid #e3e8ef;overflow-wrap:break-word\">La caduta telogen diminuisce, i follicoli rientrano nella fase di crescita (anagen).<\/td>\n      <\/tr>\n      <tr>\n        <td data-label=\"Periodo\" style=\"background:#ffffff;color:#003366;font-weight:700;text-align:left;vertical-align:top;padding:13px 16px;font-size:15px;line-height:1.55;border:0;border-bottom:1px solid #e3e8ef;overflow-wrap:break-word\">Mese 5-6<\/td>\n        <td data-label=\"Che cosa succede in questo periodo\" style=\"background:#ffffff;color:#22303e;font-weight:400;text-align:left;vertical-align:top;padding:13px 16px;font-size:15px;line-height:1.55;border:0;border-bottom:1px solid #e3e8ef;overflow-wrap:break-word\">La caduta si riduce nettamente, alla base compaiono i primi capelli nuovi e corti.<\/td>\n      <\/tr>\n      <tr>\n        <td data-label=\"Periodo\" style=\"background:#f6f9fc;color:#003366;font-weight:700;text-align:left;vertical-align:top;padding:13px 16px;font-size:15px;line-height:1.55;border:0;border-bottom:1px solid #e3e8ef;overflow-wrap:break-word\">Mese 6-12<\/td>\n        <td data-label=\"Che cosa succede in questo periodo\" style=\"background:#f6f9fc;color:#22303e;font-weight:400;text-align:left;vertical-align:top;padding:13px 16px;font-size:15px;line-height:1.55;border:0;border-bottom:1px solid #e3e8ef;overflow-wrap:break-word\">I capelli nuovi continuano a crescere e la densit\u00e0 comincia a essere valutabile.<\/td>\n      <\/tr>\n      <tr>\n        <td data-label=\"Periodo\" style=\"background:#ffffff;color:#003366;font-weight:700;text-align:left;vertical-align:top;padding:13px 16px;font-size:15px;line-height:1.55;border:0;overflow-wrap:break-word\">Mese 12-18<\/td>\n        <td data-label=\"Che cosa succede in questo periodo\" style=\"background:#ffffff;color:#22303e;font-weight:400;text-align:left;vertical-align:top;padding:13px 16px;font-size:15px;line-height:1.55;border:0;overflow-wrap:break-word\">Il recupero estetico completo \u00e8 raggiunto, sempre che non sia presente un&#8217;altra causa.<\/td>\n      <\/tr>\n    <\/tbody>\n  <\/table>\n<\/div>\n\n\n\n<p class=\"wp-block-paragraph\">Questa linea temporale \u00e8 un orientamento e non un programma. Deriva dalla durata delle fasi del ciclo del capello e dall&#8217;andamento descritto per il telogen effluvium. Quanto sia rapido nel singolo caso dipende dal valore di partenza, dalla gravit\u00e0 della carenza e dal fatto che sia presente anche una caduta ereditaria, che a una correzione dei nutrienti non risponde.<\/p>\n\n\n<div class=\"wp-block-image\">\n<figure class=\"aligncenter size-large is-resized\" style=\"max-width:560px;margin-left:auto;margin-right:auto\"><img decoding=\"async\" src=\"https:\/\/elithair.com\/it\/wp-content\/uploads\/sites\/6\/2026\/08\/illu_haarzyklus.png\" alt=\"Illustrazione delle fasi del ciclo del capello in sezione cutanea: follicolo attivo, fase di transizione e fase di riposo\" class=\"wp-image-107900\" style=\"width:560px;max-width:100%;height:auto\"\/><\/figure>\n<\/div>\n\n\n<h2 class=\"wp-block-heading\">Diffusa o ereditaria: che cosa cambia nella pratica<\/h2>\n\n\n\n<p class=\"wp-block-paragraph\">La distinzione decide la terapia. Una caduta diffusa su tutta la testa depone per una causa acquisita e viene trattata all&#8217;origine, per esempio con la correzione di una carenza dimostrata o con la regolazione della tiroide. Uno schema su fronte, tempie e vertice depone per la forma ereditaria, e solo questa pu\u00f2 rispondere a lungo termine a farmaci per la ricrescita o a un autotrapianto di capelli. Spesso le due forme sono presenti insieme.<\/p>\n\n\n\n<p class=\"wp-block-paragraph\">Se non sa con certezza quale quadro la riguardi, l&#8217;analisi capelli gratuita di Elithair offre una prima valutazione su quale schema sia riconoscibile e su quali opzioni entrerebbero in considerazione in linea di principio. \u00c8 un orientamento e non una diagnosi medica, e non sostituisce la valutazione dermatologica. Prima di un trattamento, da Elithair \u00e8 previsto inoltre un esame del sangue per chiarire le cause: se emerge che a sostenere la caduta \u00e8 una carenza o una causa ormonale, si tratta prima quella causa e non si trapianta. \u00c8 il motivo per cui rifiutiamo una quota rilevante delle richieste.<\/p>\n\n\n\n<div class=\"wp-block-buttons is-content-justification-center is-layout-flex wp-container-core-buttons-is-layout-fe48e5de wp-block-buttons-is-layout-flex\" style=\"justify-content:center;margin-bottom:48px\"><div class=\"wp-block-button\"><a class=\"wp-block-button__link wp-element-button\" style=\"background-color:#0079F1;color:#ffffff;border-radius:8px;padding:15px 36px;font-weight:700;font-size:17px\" href=\"\/it\/analisi-capillare\/\">Inizi l&#8217;analisi capelli gratuita<\/a><\/div><\/div>\n\n\n\n<h2 class=\"wp-block-heading\">Domande frequenti sui valori del sangue nella caduta dei capelli<\/h2>\n\n\n\n<div style=\"margin:0 0 26px\">\n<div style=\"border:1px solid #e3e8ef;border-radius:10px;padding:16px;margin-bottom:12px\">\n<p style=\"margin:0 0 8px;color:#013366;font-weight:600\">Quali valori del sangue conviene far controllare in caso di caduta dei capelli?<\/p>\n<p style=\"margin:0;color:#2e3033\">Ha senso un pannello di base di sei valori: emocromo con formula leucocitaria, ferritina, PCR, TSH, 25-OH-vitamina D e zinco. Questa combinazione copre carenza di ferro, anemia, infiammazione, funzione tiroidea e le lacune di nutrienti pi\u00f9 frequenti. Se la caduta diffusa persiste nonostante valori nella norma, si aggiungono parametri estesi come fT3, fT4, anticorpi anti-TPO, B12 o la saturazione della transferrina.<\/p>\n<\/div>\n<div style=\"border:1px solid #e3e8ef;border-radius:10px;padding:16px;margin-bottom:12px\">\n<p style=\"margin:0 0 8px;color:#013366;font-weight:600\">La ferritina \u00e8 compresa in un emocromo con formula?<\/p>\n<p style=\"margin:0;color:#2e3033\">No. Un emocromo con formula \u00e8 composto dall&#8217;emocromo di base e dalla formula leucocitaria dei globuli bianchi. Ferritina, TSH, 25-OH-vitamina D e zinco non sono compresi e vanno richiesti singolarmente. L&#8217;emocromo d\u00e0 al massimo un indizio indiretto tramite l&#8217;MCV: globuli rossi piccoli possono deporre per una carenza di ferro.<\/p>\n<\/div>\n<div style=\"border:1px solid #e3e8ef;border-radius:10px;padding:16px;margin-bottom:12px\">\n<p style=\"margin:0 0 8px;color:#013366;font-weight:600\">Quale valore di ferritina \u00e8 rilevante per i capelli?<\/p>\n<p style=\"margin:0;color:#2e3033\">Un valore obiettivo certo per i capelli non esiste. I riferimenti di laboratorio definiscono una carenza di ferro di solito sotto i 15-30 \u00b5g\/l. Nel dibattito specialistico per i capelli si indicano 40-70 \u00b5g\/l (Rushton 2002, Trost et al. 2006), mentre studi controllati come Olsen et al. 2010 contraddicono questa posizione. Il ferro viene prescritto dal medico solo in caso di carenza dimostrata.<\/p>\n<\/div>\n<div style=\"border:1px solid #e3e8ef;border-radius:10px;padding:16px;margin-bottom:12px\">\n<p style=\"margin:0 0 8px;color:#013366;font-weight:600\">L&#8217;alopecia androgenetica si pu\u00f2 dimostrare nel sangue e ha senso far misurare DHT o testosterone?<\/p>\n<p style=\"margin:0;color:#2e3033\">No. L&#8217;alopecia androgenetica dipende dalla sensibilit\u00e0 dei follicoli al DHT, non da livelli ormonali aumentati; gli uomini interessati hanno di norma valori normali di testosterone e DHT. La diagnosi la fa l&#8217;esame dello schema e del cuoio capelluto. Nelle donne gli androgeni si dosano con un altro obiettivo, cio\u00e8 per cercare una malattia ormonale di fondo.<\/p>\n<\/div>\n<div style=\"border:1px solid #e3e8ef;border-radius:10px;padding:16px;margin-bottom:12px\">\n<p style=\"margin:0 0 8px;color:#013366;font-weight:600\">Devo essere a digiuno per l&#8217;esame del sangue e devo sospendere gli integratori per capelli?<\/p>\n<p style=\"margin:0;color:#2e3033\">Per ferritina, TSH, vitamina D, zinco e B12 il digiuno di norma non serve, mentre serve per glicemia e assetto lipidico. Sospendere gli integratori per capelli con biotina ad alto dosaggio \u00e8 invece raccomandato espressamente dalle indicazioni dei laboratori: con 5-10 mg al giorno almeno otto ore, con oltre 10 mg almeno tre giorni. Nel 2017 la FDA ha messo in guardia da valori tiroidei e di troponina falsati.<\/p>\n<\/div>\n<div style=\"border:1px solid #e3e8ef;border-radius:10px;padding:16px;margin-bottom:12px\">\n<p style=\"margin:0 0 8px;color:#013366;font-weight:600\">Quali valori del sangue nella caduta diffusa nelle donne, e quando si esegue il prelievo?<\/p>\n<p style=\"margin:0;color:#2e3033\">La base \u00e8 la stessa degli uomini: emocromo, ferritina, PCR, TSH, 25-OH-vitamina D e zinco. I valori ormonali si aggiungono solo in presenza di segni specifici e vengono programmati dal medico, di solito nella fase follicolare precoce, tra il secondo e il quinto giorno del ciclo, e al mattino, perch\u00e9 il testosterone ha il suo massimo verso le 8. In corso di pillola i valori androgenici sono valutabili solo in modo limitato.<\/p>\n<\/div>\n<div style=\"border:1px solid #e3e8ef;border-radius:10px;padding:16px;margin-bottom:0\">\n<p style=\"margin:0 0 8px;color:#013366;font-weight:600\">Gli esami del sangue per la caduta dei capelli sono a carico del sistema sanitario?<\/p>\n<p style=\"margin:0;color:#2e3033\">In presenza di un motivo clinico gli accertamenti di base rientrano tra le prestazioni del Servizio Sanitario Nazionale, con l&#8217;eventuale ticket; decisiva \u00e8 l&#8217;indicazione. Emocromo, ferritina e TSH vengono di solito prescritti a carico del servizio pubblico in caso di caduta diffusa motivata, mentre pacchetti vitaminici e ormonali ampi senza sospetto si eseguono spesso privatamente. Il trattamento dell&#8217;alopecia androgenetica non \u00e8 rimborsato: i farmaci per la ricrescita restano a carico della persona.<\/p>\n<\/div>\n<\/div>\n\n\n<div class=\"wp-block-image\">\n<figure class=\"aligncenter size-large is-resized\" style=\"max-width:720px;margin-left:auto;margin-right:auto\"><img decoding=\"async\" src=\"https:\/\/elithair.com\/it\/wp-content\/uploads\/sites\/6\/2026\/08\/foto_laborzettel.png\" alt=\"Una donna legge il referto di laboratorio al tavolo e inquadra i valori del sangue\" class=\"wp-image-107901\" style=\"width:720px;max-width:100%;height:auto\"\/><\/figure>\n<\/div>\n\n\n<div style=\"margin:0 0 26px\">\n<div style=\"border:1px solid #e3e8ef;border-radius:10px;padding:16px;margin-bottom:12px\">\n<p style=\"margin:0 0 8px;color:#013366;font-weight:600\">Tutti i valori del sangue sono normali, perch\u00e9 mi cadono comunque i capelli?<\/p>\n<p style=\"margin:0;color:#2e3033\">Di solito dietro c&#8217;\u00e8 una causa che nel sangue non si vede affatto. Quattro spiegazioni coprono la maggior parte di questi casi: una caduta ereditaria, che nel sangue non compare; un evento scatenante passato, il cui valore si \u00e8 gi\u00e0 normalizzato, perch\u00e9 la caduta inizia solo due-quattro mesi dopo; un valore al limite inferiore archiviato come normale; oppure una forma che si vede invece di misurarsi. Il passo successivo \u00e8 la tricoscopia.<\/p>\n<\/div>\n<div style=\"border:1px solid #e3e8ef;border-radius:10px;padding:16px;margin-bottom:12px\">\n<p style=\"margin:0 0 8px;color:#013366;font-weight:600\">Quanto tempo serve perch\u00e9 i capelli ricrescano dopo la correzione di una carenza?<\/p>\n<p style=\"margin:0;color:#2e3033\">Dopo la correzione la caduta si riduce di norma entro tre-sei mesi, mentre il recupero estetico completo pu\u00f2 richiedere dai 12 ai 18 mesi. Il motivo \u00e8 il ciclo del capello: i capelli in fase di riposo cadono comunque prima che ne ricrescano di nuovi. I primi capelli nuovi e corti si vedono di solito dal quinto o sesto mese.<\/p>\n<\/div>\n<div style=\"border:1px solid #e3e8ef;border-radius:10px;padding:16px;margin-bottom:0\">\n<p style=\"margin:0 0 8px;color:#013366;font-weight:600\">Chi mi commenta i risultati, il medico di famiglia o il dermatologo?<\/p>\n<p style=\"margin:0;color:#2e3033\">Il referto lo spiega chi lo ha prescritto. Il collegamento tra valore di laboratorio e quadro dei capelli lo fa di solito l&#8217;ambulatorio dermatologico, perch\u00e9 l\u00ec si esaminano anche cuoio capelluto e schema. Porti una copia del referto: cos\u00ec gli stessi valori non vengono misurati due volte e l&#8217;andamento diventa visibile.<\/p>\n<\/div>\n<\/div>\n\n\n\n<h2 class=\"wp-block-heading\">Fonti scientifiche<\/h2>\n\n\n\n<div style=\"border:1px solid #e3e8ef;border-radius:10px;padding:20px;margin-bottom:24px;background:#fafbfc\">\n<ul style=\"list-style:none;padding:0;margin:0;color:#2e3033;font-size:14px;line-height:1.6\">\n<li style=\"padding:7px 0;border-bottom:1px solid #eef1f6\">Trost LB, Bergfeld WF, Calogeras E (2006): The diagnosis and treatment of iron deficiency and its potential relationship to hair loss. <em>J Am Acad Dermatol<\/em>. <a href=\"https:\/\/www.sciencedirect.com\/science\/article\/abs\/pii\/S0190962205047456\" target=\"_blank\" rel=\"noopener\">ScienceDirect<\/a><\/li>\n<li style=\"padding:7px 0;border-bottom:1px solid #eef1f6\">Rushton DH (2002): Nutritional factors and hair loss. <em>Clin Exp Dermatol<\/em>. <a href=\"https:\/\/onlinelibrary.wiley.com\/doi\/abs\/10.1046\/j.1365-2230.2002.01076.x\" target=\"_blank\" rel=\"noopener\">Wiley Online Library<\/a><\/li>\n<li style=\"padding:7px 0;border-bottom:1px solid #eef1f6\">Olsen EA, Reed KB, Cacchio PB, Caudill L (2010): Iron deficiency in female pattern hair loss, chronic telogen effluvium, and control groups. <em>J Am Acad Dermatol<\/em>. <a href=\"https:\/\/www.jaad.org\/article\/S0190-9622(09)02247-6\/abstract\" target=\"_blank\" rel=\"noopener\">JAAD<\/a><\/li>\n<li style=\"padding:7px 0;border-bottom:1px solid #eef1f6\">Almohanna HM, Ahmed AA, Tsatalis JP, Tosti A (2019): The Role of Vitamins and Minerals in Hair Loss: A Review. <em>Dermatol Ther (Heidelb)<\/em> 9(1):51-70. <a href=\"https:\/\/link.springer.com\/article\/10.1007\/s13555-018-0278-6\" target=\"_blank\" rel=\"noopener\">Springer<\/a><\/li>\n<li style=\"padding:7px 0;border-bottom:1px solid #eef1f6\">Linea guida sull&#8217;ipotiroidismo dell&#8217;Associazione Medici Endocrinologi (AME), pubblicata nel Sistema Nazionale Linee Guida dell&#8217;Istituto Superiore di Sanit\u00e0. <a href=\"https:\/\/www.iss.it\/documents\/20126\/8403889\/LG_C0028_AME_Ipotiroidismo.pdf\" target=\"_blank\" rel=\"noopener\">ISS<\/a><\/li>\n<li style=\"padding:7px 0;border-bottom:1px solid #eef1f6\">Societ\u00e0 Italiana di Tricologia (SITRI): documento di riferimento sull&#8217;alopecia androgenetica. <a href=\"https:\/\/www.sitri.it\/document\/alopecia-androgenetica-2\/\" target=\"_blank\" rel=\"noopener\">SITRI<\/a><\/li>\n<li style=\"padding:7px 0;border-bottom:1px solid #eef1f6\">Institute of Medicine (2011): Dietary Reference Intakes for Calcium and Vitamin D. <em>National Academies Press,<\/em> Washington, D.C. IOM<\/li>\n<li style=\"padding:7px 0;border-bottom:1px solid #eef1f6\">Comunicazione di sicurezza della FDA (28.11.2017, aggiornata nel 2019): la FDA avverte che la biotina pu\u00f2 interferire con gli esami di laboratorio. <a href=\"https:\/\/www.asahq.org\/advocacy-and-asapac\/fda-and-washington-alerts\/fda-alerts\/2017\/12\/biotin-vitamin-b7-safety-communication-may-interfere-with-lab-tests\" target=\"_blank\" rel=\"noopener\">Sintesi dell&#8217;American Society of Anesthesiologists<\/a><\/li>\n<li style=\"padding:7px 0;border-bottom:1px solid #eef1f6\">SIOMMMS (2022): sintesi delle nuove raccomandazioni sulla carenza di vitamina D. <a href=\"https:\/\/www.siommms.it\/wp-content\/uploads\/2023\/03\/Sintesi-nuove-raccomandazioni-SIOMMMS-2022-carenza-vitamina-D.pdf\" target=\"_blank\" rel=\"noopener\">SIOMMMS<\/a><\/li>\n<li style=\"padding:7px 0;border-bottom:1px solid #eef1f6\">Il trattamento dell&#8217;alopecia androgenetica \u00e8 ampiamente classificato come prestazione estetica e di norma non viene rimborsato; i farmaci per la ricrescita dei capelli restano a carico della persona. Chieda conferma al suo medico o in farmacia.<\/li>\n<li style=\"padding:7px 0;border-bottom:0\">Analisi ormonali: che cosa deve sapere il ginecologo (2018). <em>Der Gyn\u00e4kologe<\/em>, Springer. <a href=\"https:\/\/link.springer.com\/article\/10.1007\/s00129-018-4319-0\" target=\"_blank\" rel=\"noopener\">Springer<\/a><\/li>\n<\/ul>\n<p style=\"margin:14px 0 0;color:#6b7280;font-size:13px;font-style:italic\">Ricerca aggiornata ad agosto 2026. Questo contributo spiega la diagnostica di laboratorio in modo comprensibile e non sostituisce una visita, una consulenza o l&#8217;interpretazione di un referto da parte di un medico.<\/p>\n<\/div>\n\n\n\n<script type=\"application\/ld+json\">\n{\"@context\":\"https:\/\/schema.org\",\"@type\":\"FAQPage\",\"mainEntity\":[{\"@type\":\"Question\",\"name\":\"Quali valori del sangue conviene far controllare in caso di caduta dei capelli?\",\"acceptedAnswer\":{\"@type\":\"Answer\",\"text\":\"Ha senso un pannello di base di sei valori: emocromo con formula leucocitaria, ferritina, PCR, TSH, 25-OH-vitamina D e zinco. Questa combinazione copre carenza di ferro, anemia, infiammazione, funzione tiroidea e le lacune di nutrienti pi\u00f9 frequenti. Se la caduta diffusa persiste nonostante valori nella norma, si aggiungono parametri estesi come fT3, fT4, anticorpi anti-TPO, B12 o la saturazione della transferrina.\"}},{\"@type\":\"Question\",\"name\":\"La ferritina \u00e8 compresa in un emocromo con formula?\",\"acceptedAnswer\":{\"@type\":\"Answer\",\"text\":\"No. Un emocromo con formula \u00e8 composto dall'emocromo di base e dalla formula leucocitaria dei globuli bianchi. Ferritina, TSH, 25-OH-vitamina D e zinco non sono compresi e vanno richiesti singolarmente. L'emocromo d\u00e0 al massimo un indizio indiretto tramite l'MCV: globuli rossi piccoli possono deporre per una carenza di ferro.\"}},{\"@type\":\"Question\",\"name\":\"Quale valore di ferritina \u00e8 rilevante per i capelli?\",\"acceptedAnswer\":{\"@type\":\"Answer\",\"text\":\"Un valore obiettivo certo per i capelli non esiste. I riferimenti di laboratorio definiscono una carenza di ferro di solito sotto i 15-30 \u00b5g\/l. Nel dibattito specialistico per i capelli si indicano 40-70 \u00b5g\/l (Rushton 2002, Trost et al. 2006), mentre studi controllati come Olsen et al. 2010 contraddicono questa posizione. Il ferro viene prescritto dal medico solo in caso di carenza dimostrata.\"}},{\"@type\":\"Question\",\"name\":\"L'alopecia androgenetica si pu\u00f2 dimostrare nel sangue e ha senso far misurare DHT o testosterone?\",\"acceptedAnswer\":{\"@type\":\"Answer\",\"text\":\"No. L'alopecia androgenetica dipende dalla sensibilit\u00e0 dei follicoli al DHT, non da livelli ormonali aumentati; gli uomini interessati hanno di norma valori normali di testosterone e DHT. La diagnosi la fa l'esame dello schema e del cuoio capelluto. Nelle donne gli androgeni si dosano con un altro obiettivo, cio\u00e8 per cercare una malattia ormonale di fondo.\"}},{\"@type\":\"Question\",\"name\":\"Devo essere a digiuno per l'esame del sangue e devo sospendere gli integratori per capelli?\",\"acceptedAnswer\":{\"@type\":\"Answer\",\"text\":\"Per ferritina, TSH, vitamina D, zinco e B12 il digiuno di norma non serve, mentre serve per glicemia e assetto lipidico. Sospendere gli integratori per capelli con biotina ad alto dosaggio \u00e8 invece raccomandato espressamente dalle indicazioni dei laboratori: con 5-10 mg al giorno almeno otto ore, con oltre 10 mg almeno tre giorni. Nel 2017 la FDA ha messo in guardia da valori tiroidei e di troponina falsati.\"}},{\"@type\":\"Question\",\"name\":\"Quali valori del sangue nella caduta diffusa nelle donne, e quando si esegue il prelievo?\",\"acceptedAnswer\":{\"@type\":\"Answer\",\"text\":\"La base \u00e8 la stessa degli uomini: emocromo, ferritina, PCR, TSH, 25-OH-vitamina D e zinco. I valori ormonali si aggiungono solo in presenza di segni specifici e vengono programmati dal medico, di solito nella fase follicolare precoce, tra il secondo e il quinto giorno del ciclo, e al mattino, perch\u00e9 il testosterone ha il suo massimo verso le 8. In corso di pillola i valori androgenici sono valutabili solo in modo limitato.\"}},{\"@type\":\"Question\",\"name\":\"Gli esami del sangue per la caduta dei capelli sono a carico del sistema sanitario?\",\"acceptedAnswer\":{\"@type\":\"Answer\",\"text\":\"In presenza di un motivo clinico gli accertamenti di base rientrano tra le prestazioni del Servizio Sanitario Nazionale, con l'eventuale ticket; decisiva \u00e8 l'indicazione. Emocromo, ferritina e TSH vengono di solito prescritti a carico del servizio pubblico in caso di caduta diffusa motivata, mentre pacchetti vitaminici e ormonali ampi senza sospetto si eseguono spesso privatamente. Il trattamento dell'alopecia androgenetica non \u00e8 rimborsato: i farmaci per la ricrescita restano a carico della persona.\"}},{\"@type\":\"Question\",\"name\":\"Tutti i valori del sangue sono normali, perch\u00e9 mi cadono comunque i capelli?\",\"acceptedAnswer\":{\"@type\":\"Answer\",\"text\":\"Di solito dietro c'\u00e8 una causa che nel sangue non si vede affatto. Quattro spiegazioni coprono la maggior parte di questi casi: una caduta ereditaria, che nel sangue non compare; un evento scatenante passato, il cui valore si \u00e8 gi\u00e0 normalizzato, perch\u00e9 la caduta inizia solo due-quattro mesi dopo; un valore al limite inferiore archiviato come normale; oppure una forma che si vede invece di misurarsi. Il passo successivo \u00e8 la tricoscopia.\"}},{\"@type\":\"Question\",\"name\":\"Quanto tempo serve perch\u00e9 i capelli ricrescano dopo la correzione di una carenza?\",\"acceptedAnswer\":{\"@type\":\"Answer\",\"text\":\"Dopo la correzione la caduta si riduce di norma entro tre-sei mesi, mentre il recupero estetico completo pu\u00f2 richiedere dai 12 ai 18 mesi. Il motivo \u00e8 il ciclo del capello: i capelli in fase di riposo cadono comunque prima che ne ricrescano di nuovi. I primi capelli nuovi e corti si vedono di solito dal quinto o sesto mese.\"}},{\"@type\":\"Question\",\"name\":\"Chi mi commenta i risultati, il medico di famiglia o il dermatologo?\",\"acceptedAnswer\":{\"@type\":\"Answer\",\"text\":\"Il referto lo spiega chi lo ha prescritto. Il collegamento tra valore di laboratorio e quadro dei capelli lo fa di solito l'ambulatorio dermatologico, perch\u00e9 l\u00ec si esaminano anche cuoio capelluto e schema. Porti una copia del referto: cos\u00ec gli stessi valori non vengono misurati due volte e l'andamento diventa visibile.\"}}]}\n<\/script>\n\n","protected":false},"excerpt":{"rendered":"<p>Chi va dal medico per la caduta dei capelli vuole sapere soprattutto due cose: quali valori del sangue andrebbero misurati e che cosa significano i numeri sul referto. I valori davvero informativi sono sei: emocromo, ferritina, PCR, TSH, 25-OH-vitamina D e zinco. Chiariscono le cause trattabili di una caduta diffusa. La forma pi\u00f9 frequente, l&#8217;alopecia [&hellip;]<\/p>\n","protected":false},"author":10,"featured_media":107660,"comment_status":"closed","ping_status":"closed","sticky":false,"template":"","format":"standard","meta":{"_acf_changed":false,"_yoast_wpseo_meta-robots-noindex":"","_yoast_wpseo_meta-robots-nofollow":"","_yoast_wpseo_meta-robots-adv":"","_yoast_wpseo_canonical":"https:\/\/elithair.com\/it\/trapianto-capelli-blog\/analisi-del-sangue-caduta-capelli\/","_yoast_wpseo_opengraph-title":"","_yoast_wpseo_opengraph-description":"","_yoast_wpseo_opengraph-image":"","_yoast_wpseo_twitter-title":"","_yoast_wpseo_twitter-description":"","_yoast_wpseo_twitter-image":"","_hm_hreflang_map":{"ar":47074,"de":58550,"en":96956,"es":91871,"fr":101237,"it":107656,"pt":89716,"tr":83298,"uk":96342,"x_default":96956},"_hm_language_code":"it","footnotes":""},"categories":[2],"tags":[],"class_list":["post-107656","post","type-post","status-publish","format-standard","has-post-thumbnail","hentry","category-cura-dei-capelli"],"acf":[],"yoast_head":"<!-- This site is optimized with the Yoast SEO Premium plugin v28.3 (Yoast SEO v28.3) - https:\/\/yoast.com\/product\/yoast-seo-premium-wordpress\/ -->\n<title>Analisi del sangue per la caduta dei capelli: quali valori chiariscono davvero la causa? Ferritina, TSH ed emocromo letti bene<\/title>\n<meta name=\"description\" content=\"Quali analisi del sangue servono davvero con la caduta dei capelli: ferritina, TSH, vitamina D, zinco ed emocromo, con intervalli, preparazione e costi.\" \/>\n<meta name=\"robots\" content=\"index, follow, max-snippet:-1, max-image-preview:large, max-video-preview:-1\" \/>\n<link rel=\"canonical\" href=\"https:\/\/elithair.com\/it\/trapianto-capelli-blog\/analisi-del-sangue-caduta-capelli\/\" \/>\n<meta property=\"og:locale\" content=\"it_IT\" \/>\n<meta property=\"og:type\" content=\"article\" \/>\n<meta property=\"og:title\" content=\"Analisi del sangue per la caduta dei capelli: quali valori servono davvero\" \/>\n<meta property=\"og:description\" content=\"Quali analisi del sangue servono davvero con la caduta dei capelli: ferritina, TSH, vitamina D, zinco ed emocromo, con intervalli, preparazione e costi.\" \/>\n<meta property=\"og:url\" content=\"https:\/\/elithair.com\/it\/trapianto-capelli-blog\/analisi-del-sangue-caduta-capelli\/\" \/>\n<meta property=\"og:site_name\" content=\"Elithair\" \/>\n<meta property=\"article:publisher\" content=\"https:\/\/www.facebook.com\/ElithairtransplantITALIA\/\" \/>\n<meta property=\"article:published_time\" content=\"2026-08-29T12:36:44+00:00\" \/>\n<meta property=\"og:image\" content=\"https:\/\/elithair.com\/it\/wp-content\/uploads\/sites\/6\/2026\/08\/infografik_blut_zeigt__it.png\" \/>\n<meta name=\"author\" content=\"Dr. Imad Moustafa\" \/>\n<meta name=\"twitter:card\" content=\"summary_large_image\" \/>\n<meta name=\"twitter:label1\" content=\"Scritto da\" \/>\n\t<meta name=\"twitter:data1\" content=\"Dr. Imad Moustafa\" \/>\n\t<meta name=\"twitter:label2\" content=\"Tempo di lettura stimato\" \/>\n\t<meta name=\"twitter:data2\" content=\"39 minuti\" \/>\n<script type=\"application\/ld+json\" class=\"yoast-schema-graph\">{\"@context\":\"https:\\\/\\\/schema.org\",\"@graph\":[{\"@type\":\"Article\",\"@id\":\"https:\\\/\\\/elithair.com\\\/it\\\/trapianto-capelli-blog\\\/analisi-del-sangue-caduta-capelli\\\/#article\",\"isPartOf\":{\"@id\":\"https:\\\/\\\/elithair.com\\\/it\\\/trapianto-capelli-blog\\\/analisi-del-sangue-caduta-capelli\\\/\"},\"author\":{\"name\":\"Dr. Imad Moustafa\",\"@id\":\"https:\\\/\\\/elithair.com\\\/it\\\/#\\\/schema\\\/person\\\/11ce37e83a6343e4c37edcd4b5498e41\"},\"headline\":\"Analisi del sangue per la caduta dei capelli: quali valori servono davvero\",\"datePublished\":\"2026-08-29T12:36:44+00:00\",\"mainEntityOfPage\":{\"@id\":\"https:\\\/\\\/elithair.com\\\/it\\\/trapianto-capelli-blog\\\/analisi-del-sangue-caduta-capelli\\\/\"},\"wordCount\":7900,\"publisher\":{\"@id\":\"https:\\\/\\\/elithair.com\\\/it\\\/#organization\"},\"image\":{\"@id\":\"https:\\\/\\\/elithair.com\\\/it\\\/trapianto-capelli-blog\\\/analisi-del-sangue-caduta-capelli\\\/#primaryimage\"},\"thumbnailUrl\":\"https:\\\/\\\/elithair.com\\\/it\\\/wp-content\\\/uploads\\\/sites\\\/6\\\/2026\\\/08\\\/hero-7.png\",\"articleSection\":[\"Come prendersi cura dei capelli\"],\"inLanguage\":\"it-IT\"},{\"@type\":\"WebPage\",\"@id\":\"https:\\\/\\\/elithair.com\\\/it\\\/trapianto-capelli-blog\\\/analisi-del-sangue-caduta-capelli\\\/\",\"url\":\"https:\\\/\\\/elithair.com\\\/it\\\/trapianto-capelli-blog\\\/analisi-del-sangue-caduta-capelli\\\/\",\"name\":\"Analisi del sangue per la caduta dei capelli: quali valori chiariscono davvero la causa? Ferritina, TSH ed emocromo letti bene\",\"isPartOf\":{\"@id\":\"https:\\\/\\\/elithair.com\\\/it\\\/#website\"},\"primaryImageOfPage\":{\"@id\":\"https:\\\/\\\/elithair.com\\\/it\\\/trapianto-capelli-blog\\\/analisi-del-sangue-caduta-capelli\\\/#primaryimage\"},\"image\":{\"@id\":\"https:\\\/\\\/elithair.com\\\/it\\\/trapianto-capelli-blog\\\/analisi-del-sangue-caduta-capelli\\\/#primaryimage\"},\"thumbnailUrl\":\"https:\\\/\\\/elithair.com\\\/it\\\/wp-content\\\/uploads\\\/sites\\\/6\\\/2026\\\/08\\\/hero-7.png\",\"datePublished\":\"2026-08-29T12:36:44+00:00\",\"description\":\"Quali analisi del sangue servono davvero con la caduta dei capelli: ferritina, TSH, vitamina D, zinco ed emocromo, con intervalli, preparazione e costi.\",\"breadcrumb\":{\"@id\":\"https:\\\/\\\/elithair.com\\\/it\\\/trapianto-capelli-blog\\\/analisi-del-sangue-caduta-capelli\\\/#breadcrumb\"},\"inLanguage\":\"it-IT\",\"potentialAction\":[{\"@type\":\"ReadAction\",\"target\":[\"https:\\\/\\\/elithair.com\\\/it\\\/trapianto-capelli-blog\\\/analisi-del-sangue-caduta-capelli\\\/\"]}]},{\"@type\":\"ImageObject\",\"inLanguage\":\"it-IT\",\"@id\":\"https:\\\/\\\/elithair.com\\\/it\\\/trapianto-capelli-blog\\\/analisi-del-sangue-caduta-capelli\\\/#primaryimage\",\"url\":\"https:\\\/\\\/elithair.com\\\/it\\\/wp-content\\\/uploads\\\/sites\\\/6\\\/2026\\\/08\\\/hero-7.png\",\"contentUrl\":\"https:\\\/\\\/elithair.com\\\/it\\\/wp-content\\\/uploads\\\/sites\\\/6\\\/2026\\\/08\\\/hero-7.png\",\"width\":1536,\"height\":1024,\"caption\":\"Blutentnahme-R\u00f6hrchen im Laborst\u00e4nder: Blutwerte bei Haarausfall werden aus einer Blutprobe bestimmt\"},{\"@type\":\"BreadcrumbList\",\"@id\":\"https:\\\/\\\/elithair.com\\\/it\\\/trapianto-capelli-blog\\\/analisi-del-sangue-caduta-capelli\\\/#breadcrumb\",\"itemListElement\":[{\"@type\":\"ListItem\",\"position\":1,\"name\":\"Home\",\"item\":\"https:\\\/\\\/elithair.com\\\/it\\\/\"},{\"@type\":\"ListItem\",\"position\":2,\"name\":\"Analisi del sangue per la caduta dei capelli: quali valori servono davvero\"}]},{\"@type\":\"WebSite\",\"@id\":\"https:\\\/\\\/elithair.com\\\/it\\\/#website\",\"url\":\"https:\\\/\\\/elithair.com\\\/it\\\/\",\"name\":\"Elithair\",\"description\":\"\",\"publisher\":{\"@id\":\"https:\\\/\\\/elithair.com\\\/it\\\/#organization\"},\"alternateName\":\"la migliore clinica di trapianto di capelli in Turchia\",\"potentialAction\":[{\"@type\":\"SearchAction\",\"target\":{\"@type\":\"EntryPoint\",\"urlTemplate\":\"https:\\\/\\\/elithair.com\\\/it\\\/?s={search_term_string}\"},\"query-input\":{\"@type\":\"PropertyValueSpecification\",\"valueRequired\":true,\"valueName\":\"search_term_string\"}}],\"inLanguage\":\"it-IT\"},{\"@type\":\"Organization\",\"@id\":\"https:\\\/\\\/elithair.com\\\/it\\\/#organization\",\"name\":\"Elithair\",\"url\":\"https:\\\/\\\/elithair.com\\\/it\\\/\",\"logo\":{\"@type\":\"ImageObject\",\"inLanguage\":\"it-IT\",\"@id\":\"https:\\\/\\\/elithair.com\\\/it\\\/#\\\/schema\\\/logo\\\/image\\\/\",\"url\":\"https:\\\/\\\/elithair.com\\\/it\\\/wp-content\\\/uploads\\\/sites\\\/6\\\/2026\\\/04\\\/elithair-logo-primary-1.svg\",\"contentUrl\":\"https:\\\/\\\/elithair.com\\\/it\\\/wp-content\\\/uploads\\\/sites\\\/6\\\/2026\\\/04\\\/elithair-logo-primary-1.svg\",\"width\":1,\"height\":1,\"caption\":\"Elithair\"},\"image\":{\"@id\":\"https:\\\/\\\/elithair.com\\\/it\\\/#\\\/schema\\\/logo\\\/image\\\/\"},\"sameAs\":[\"https:\\\/\\\/www.facebook.com\\\/ElithairtransplantITALIA\\\/\",\"https:\\\/\\\/www.instagram.com\\\/elithair.it\\\/\",\"https:\\\/\\\/www.tiktok.com\\\/@elithair.it?_t=8q2yRxSytjU&_r=1\",\"https:\\\/\\\/www.youtube.com\\\/@elithair-trapiantocapellii1905\"]},{\"@type\":\"Person\",\"@id\":\"https:\\\/\\\/elithair.com\\\/it\\\/#\\\/schema\\\/person\\\/11ce37e83a6343e4c37edcd4b5498e41\",\"name\":\"Dr. Imad Moustafa\",\"image\":{\"@type\":\"ImageObject\",\"inLanguage\":\"it-IT\",\"@id\":\"https:\\\/\\\/secure.gravatar.com\\\/avatar\\\/9190499f6f3008cd7da57b179f07bfea4b4e382c816ba3e0de68db0b5a70c07d?s=96&d=mm&r=g\",\"url\":\"https:\\\/\\\/secure.gravatar.com\\\/avatar\\\/9190499f6f3008cd7da57b179f07bfea4b4e382c816ba3e0de68db0b5a70c07d?s=96&d=mm&r=g\",\"contentUrl\":\"https:\\\/\\\/secure.gravatar.com\\\/avatar\\\/9190499f6f3008cd7da57b179f07bfea4b4e382c816ba3e0de68db0b5a70c07d?s=96&d=mm&r=g\",\"caption\":\"Dr. Imad Moustafa\"}}]}<\/script>\n<!-- \/ Yoast SEO Premium plugin. -->","yoast_head_json":{"title":"Analisi del sangue per la caduta dei capelli: quali valori chiariscono davvero la causa? Ferritina, TSH ed emocromo letti bene","description":"Quali analisi del sangue servono davvero con la caduta dei capelli: ferritina, TSH, vitamina D, zinco ed emocromo, con intervalli, preparazione e costi.","robots":{"index":"index","follow":"follow","max-snippet":"max-snippet:-1","max-image-preview":"max-image-preview:large","max-video-preview":"max-video-preview:-1"},"canonical":"https:\/\/elithair.com\/it\/trapianto-capelli-blog\/analisi-del-sangue-caduta-capelli\/","og_locale":"it_IT","og_type":"article","og_title":"Analisi del sangue per la caduta dei capelli: quali valori servono davvero","og_description":"Quali analisi del sangue servono davvero con la caduta dei capelli: ferritina, TSH, vitamina D, zinco ed emocromo, con intervalli, preparazione e costi.","og_url":"https:\/\/elithair.com\/it\/trapianto-capelli-blog\/analisi-del-sangue-caduta-capelli\/","og_site_name":"Elithair","article_publisher":"https:\/\/www.facebook.com\/ElithairtransplantITALIA\/","article_published_time":"2026-08-29T12:36:44+00:00","og_image":[{"url":"https:\/\/elithair.com\/it\/wp-content\/uploads\/sites\/6\/2026\/08\/infografik_blut_zeigt__it.png","type":"","width":"","height":""}],"author":"Dr. Imad Moustafa","twitter_card":"summary_large_image","twitter_misc":{"Scritto da":"Dr. Imad Moustafa","Tempo di lettura stimato":"39 minuti"},"schema":{"@context":"https:\/\/schema.org","@graph":[{"@type":"Article","@id":"https:\/\/elithair.com\/it\/trapianto-capelli-blog\/analisi-del-sangue-caduta-capelli\/#article","isPartOf":{"@id":"https:\/\/elithair.com\/it\/trapianto-capelli-blog\/analisi-del-sangue-caduta-capelli\/"},"author":{"name":"Dr. Imad Moustafa","@id":"https:\/\/elithair.com\/it\/#\/schema\/person\/11ce37e83a6343e4c37edcd4b5498e41"},"headline":"Analisi del sangue per la caduta dei capelli: quali valori servono davvero","datePublished":"2026-08-29T12:36:44+00:00","mainEntityOfPage":{"@id":"https:\/\/elithair.com\/it\/trapianto-capelli-blog\/analisi-del-sangue-caduta-capelli\/"},"wordCount":7900,"publisher":{"@id":"https:\/\/elithair.com\/it\/#organization"},"image":{"@id":"https:\/\/elithair.com\/it\/trapianto-capelli-blog\/analisi-del-sangue-caduta-capelli\/#primaryimage"},"thumbnailUrl":"https:\/\/elithair.com\/it\/wp-content\/uploads\/sites\/6\/2026\/08\/hero-7.png","articleSection":["Come prendersi cura dei capelli"],"inLanguage":"it-IT"},{"@type":"WebPage","@id":"https:\/\/elithair.com\/it\/trapianto-capelli-blog\/analisi-del-sangue-caduta-capelli\/","url":"https:\/\/elithair.com\/it\/trapianto-capelli-blog\/analisi-del-sangue-caduta-capelli\/","name":"Analisi del sangue per la caduta dei capelli: quali valori chiariscono davvero la causa? Ferritina, TSH ed emocromo letti bene","isPartOf":{"@id":"https:\/\/elithair.com\/it\/#website"},"primaryImageOfPage":{"@id":"https:\/\/elithair.com\/it\/trapianto-capelli-blog\/analisi-del-sangue-caduta-capelli\/#primaryimage"},"image":{"@id":"https:\/\/elithair.com\/it\/trapianto-capelli-blog\/analisi-del-sangue-caduta-capelli\/#primaryimage"},"thumbnailUrl":"https:\/\/elithair.com\/it\/wp-content\/uploads\/sites\/6\/2026\/08\/hero-7.png","datePublished":"2026-08-29T12:36:44+00:00","description":"Quali analisi del sangue servono davvero con la caduta dei capelli: ferritina, TSH, vitamina D, zinco ed emocromo, con intervalli, preparazione e costi.","breadcrumb":{"@id":"https:\/\/elithair.com\/it\/trapianto-capelli-blog\/analisi-del-sangue-caduta-capelli\/#breadcrumb"},"inLanguage":"it-IT","potentialAction":[{"@type":"ReadAction","target":["https:\/\/elithair.com\/it\/trapianto-capelli-blog\/analisi-del-sangue-caduta-capelli\/"]}]},{"@type":"ImageObject","inLanguage":"it-IT","@id":"https:\/\/elithair.com\/it\/trapianto-capelli-blog\/analisi-del-sangue-caduta-capelli\/#primaryimage","url":"https:\/\/elithair.com\/it\/wp-content\/uploads\/sites\/6\/2026\/08\/hero-7.png","contentUrl":"https:\/\/elithair.com\/it\/wp-content\/uploads\/sites\/6\/2026\/08\/hero-7.png","width":1536,"height":1024,"caption":"Blutentnahme-R\u00f6hrchen im Laborst\u00e4nder: Blutwerte bei Haarausfall werden aus einer Blutprobe bestimmt"},{"@type":"BreadcrumbList","@id":"https:\/\/elithair.com\/it\/trapianto-capelli-blog\/analisi-del-sangue-caduta-capelli\/#breadcrumb","itemListElement":[{"@type":"ListItem","position":1,"name":"Home","item":"https:\/\/elithair.com\/it\/"},{"@type":"ListItem","position":2,"name":"Analisi del sangue per la caduta dei capelli: quali valori servono davvero"}]},{"@type":"WebSite","@id":"https:\/\/elithair.com\/it\/#website","url":"https:\/\/elithair.com\/it\/","name":"Elithair","description":"","publisher":{"@id":"https:\/\/elithair.com\/it\/#organization"},"alternateName":"la migliore clinica di trapianto di capelli in Turchia","potentialAction":[{"@type":"SearchAction","target":{"@type":"EntryPoint","urlTemplate":"https:\/\/elithair.com\/it\/?s={search_term_string}"},"query-input":{"@type":"PropertyValueSpecification","valueRequired":true,"valueName":"search_term_string"}}],"inLanguage":"it-IT"},{"@type":"Organization","@id":"https:\/\/elithair.com\/it\/#organization","name":"Elithair","url":"https:\/\/elithair.com\/it\/","logo":{"@type":"ImageObject","inLanguage":"it-IT","@id":"https:\/\/elithair.com\/it\/#\/schema\/logo\/image\/","url":"https:\/\/elithair.com\/it\/wp-content\/uploads\/sites\/6\/2026\/04\/elithair-logo-primary-1.svg","contentUrl":"https:\/\/elithair.com\/it\/wp-content\/uploads\/sites\/6\/2026\/04\/elithair-logo-primary-1.svg","width":1,"height":1,"caption":"Elithair"},"image":{"@id":"https:\/\/elithair.com\/it\/#\/schema\/logo\/image\/"},"sameAs":["https:\/\/www.facebook.com\/ElithairtransplantITALIA\/","https:\/\/www.instagram.com\/elithair.it\/","https:\/\/www.tiktok.com\/@elithair.it?_t=8q2yRxSytjU&_r=1","https:\/\/www.youtube.com\/@elithair-trapiantocapellii1905"]},{"@type":"Person","@id":"https:\/\/elithair.com\/it\/#\/schema\/person\/11ce37e83a6343e4c37edcd4b5498e41","name":"Dr. Imad Moustafa","image":{"@type":"ImageObject","inLanguage":"it-IT","@id":"https:\/\/secure.gravatar.com\/avatar\/9190499f6f3008cd7da57b179f07bfea4b4e382c816ba3e0de68db0b5a70c07d?s=96&d=mm&r=g","url":"https:\/\/secure.gravatar.com\/avatar\/9190499f6f3008cd7da57b179f07bfea4b4e382c816ba3e0de68db0b5a70c07d?s=96&d=mm&r=g","contentUrl":"https:\/\/secure.gravatar.com\/avatar\/9190499f6f3008cd7da57b179f07bfea4b4e382c816ba3e0de68db0b5a70c07d?s=96&d=mm&r=g","caption":"Dr. Imad Moustafa"}}]}},"_links":{"self":[{"href":"https:\/\/elithair.com\/it\/wp-json\/wp\/v2\/posts\/107656","targetHints":{"allow":["GET"]}}],"collection":[{"href":"https:\/\/elithair.com\/it\/wp-json\/wp\/v2\/posts"}],"about":[{"href":"https:\/\/elithair.com\/it\/wp-json\/wp\/v2\/types\/post"}],"author":[{"embeddable":true,"href":"https:\/\/elithair.com\/it\/wp-json\/wp\/v2\/users\/10"}],"replies":[{"embeddable":true,"href":"https:\/\/elithair.com\/it\/wp-json\/wp\/v2\/comments?post=107656"}],"version-history":[{"count":0,"href":"https:\/\/elithair.com\/it\/wp-json\/wp\/v2\/posts\/107656\/revisions"}],"wp:featuredmedia":[{"embeddable":true,"href":"https:\/\/elithair.com\/it\/wp-json\/wp\/v2\/media\/107660"}],"wp:attachment":[{"href":"https:\/\/elithair.com\/it\/wp-json\/wp\/v2\/media?parent=107656"}],"wp:term":[{"taxonomy":"category","embeddable":true,"href":"https:\/\/elithair.com\/it\/wp-json\/wp\/v2\/categories?post=107656"},{"taxonomy":"post_tag","embeddable":true,"href":"https:\/\/elithair.com\/it\/wp-json\/wp\/v2\/tags?post=107656"}],"curies":[{"name":"wp","href":"https:\/\/api.w.org\/{rel}","templated":true}]}}