{"id":107655,"date":"2026-08-28T17:23:13","date_gmt":"2026-08-28T17:23:13","guid":{"rendered":"https:\/\/elithair.com\/it\/trapianto-capelli-blog\/caduta-capelli-nuca\/"},"modified":"2026-08-28T17:23:13","modified_gmt":"2026-08-28T17:23:13","slug":"caduta-capelli-nuca","status":"publish","type":"post","link":"https:\/\/elithair.com\/it\/trapianto-capelli-blog\/caduta-capelli-nuca\/","title":{"rendered":"Caduta dei capelli sulla nuca: vortice, tonsura o un&#8217;altra causa?"},"content":{"rendered":"\n<div style=\"border-left:4px solid #0079F1;padding:0 0 0 14px;margin:0 0 26px\">\n<p style=\"margin:0 0 14px;color:#2e3033;font-size:17px;line-height:1.65\">La caduta dei capelli sulla nuca \u00e8 quella che si nota per ultima: spesso ci si accorge solo guardando una foto delle vacanze o perch\u00e9 qualcuno lo fa notare. Per capire la causa \u00e8 decisivo <strong>dove esattamente<\/strong> i capelli si diradano: attorno al vortice si nasconde di solito una caduta androgenetica, cio\u00e8 ereditaria; si forma una zona diradata, il cuoio capelluto diventa visibile e l&#8217;area si allarga negli anni fino alla tonsura. Nella parte bassa della nuca e sul collo proprio questa forma di caduta \u00e8 atipica, perch\u00e9 quella zona \u00e8 resistente all&#8217;ormone DHT. Le persone interessate sono molte: secondo il servizio sanitario britannico NHS fino all&#8217;80% degli uomini presenta un certo grado di caduta dei capelli entro i 70 anni. Questo articolo inquadra la tua situazione zona per zona, dagli <a href=\"\/it\/trapianto-capelli-blog\/classificazione-della-calvizie\/\">stadi Norwood<\/a> fino alla domanda su che cosa aiuti davvero sul vortice.<\/p>\n<p style=\"margin:0 0 8px;color:#013366;font-weight:700;font-size:16px\">In sintesi<\/p>\n<ul style=\"margin:0 0 14px;padding:0;color:#2e3033;list-style:none\">\n<li style=\"position:relative;padding:3px 0 3px 24px\"><span style=\"position:absolute;left:0;top:3px;color:#0079F1;font-weight:700\">&#10003;<\/span>Il vertice, cio\u00e8 la parte alta della nuca attorno al vortice, \u00e8 una zona chiave della caduta ereditaria e viene classificato con gli stadi Norwood<\/li>\n<li style=\"position:relative;padding:3px 0 3px 24px\"><span style=\"position:absolute;left:0;top:3px;color:#0079F1;font-weight:700\">&#10003;<\/span>Nella parte bassa della nuca e sul collo la caduta ereditaria \u00e8 atipica: l\u00ec le spiegazioni pi\u00f9 frequenti sono alopecia areata, trazione e pressione<\/li>\n<li style=\"position:relative;padding:3px 0 3px 24px\"><span style=\"position:absolute;left:0;top:3px;color:#0079F1;font-weight:700\">&#10003;<\/span>Un vortice non diventa mai calvo, sembra soltanto pi\u00f9 aperto: contano la densit\u00e0 dei capelli sul bordo e l&#8217;andamento nell&#8217;arco di tre-sei mesi<\/li>\n<li style=\"position:relative;padding:3px 0 3px 24px\"><span style=\"position:absolute;left:0;top:3px;color:#0079F1;font-weight:700\">&#10003;<\/span>Nelle donne la nuca resta di solito risparmiata dalla caduta ereditaria: a diradarsi \u00e8 la riga centrale (modello di Ludwig)<\/li>\n<\/ul>\n<p style=\"margin:0;color:#2e3033\">L&#8217;indice mostra dove trovare che cosa. Poi si entra nel dettaglio zona per zona, con autovalutazione, stadi Norwood e un inquadramento sobrio dei trattamenti.<\/p>\n<\/div>\n\n\n\n<h2 class=\"wp-block-heading\" id=\"definition\">Che cos&#8217;\u00e8 la caduta dei capelli sulla nuca?<\/h2>\n\n\n\n<p class=\"wp-block-paragraph\"><strong>La caduta dei capelli sulla nuca<\/strong> \u00e8 spesso un segno tipico dell&#8217;alopecia androgenetica, cio\u00e8 della caduta ereditaria. \u00c8 di gran lunga la forma pi\u00f9 frequente nell&#8217;uomo: negli Stati Uniti il 53% degli uomini tra i 40 e i 49 anni presenta una forma da moderata a grave e dopo gli 80 anni ne \u00e8 interessata quasi la totalit\u00e0 (revisione \u00abMale Androgenetic Alopecia\u00bb, Endotext\/NCBI).<sup>[2]<\/sup> All&#8217;inizio la perdita si manifesta di solito nella zona frontale e alle tempie, dando origine alle cosiddette stempiature.<\/p>\n\n\n\n<p class=\"wp-block-paragraph\">Con il tempo la caduta dei capelli pu\u00f2 spostarsi sempre pi\u00f9 verso la nuca. L\u00ec compare dapprima una piccola zona diradata che si allarga e pu\u00f2 portare alla cosiddetta <strong>tonsura<\/strong> o chierica. Il termine deriva dalla zona rasata sulla sommit\u00e0 del capo dei monaci medievali. Caratteristica \u00e8 la corona di capelli che rimane ad anello.<\/p>\n\n\n\n<p class=\"wp-block-paragraph\">Le zone senza capelli sulla nuca possono per\u00f2 avere anche altre cause. Una di queste \u00e8 <a href=\"\/it\/trapianto-capelli-blog\/alopecia-areata\/\">l&#8217;alopecia areata<\/a> con una perdita di capelli che non si limita a una regione precisa, ma pu\u00f2 comparire in punti diversi della testa. Il rischio nell&#8217;arco della vita \u00e8 di circa il 2% (Lintzeri et al., JDDG 2022).<sup>[6]<\/sup><\/p>\n\n\n\n<p class=\"wp-block-paragraph\">Poich\u00e9 le cause sono diverse e l&#8217;andamento varia, un chiarimento medico precoce \u00e8 sensato. In particolare la caduta androgenetica avanza se non trattata e non si arresta da sola.<\/p>\n\n\n\n<h2 class=\"wp-block-heading\">Dove esattamente sulla nuca? La zona indica la causa<\/h2>\n\n\n\n<p class=\"wp-block-paragraph\">Nella caduta dei capelli sulla nuca \u00e8 la zona a indicare la causa: il <strong>vertice<\/strong>, cio\u00e8 la parte alta della nuca attorno al vortice, \u00e8 sensibile agli androgeni ed \u00e8 quindi la zona classica della caduta ereditaria. La parte bassa della nuca e il collo, tecnicamente la <strong>zona occipitale<\/strong>, sono invece considerati resistenti al DHT. Proprio per questo, in un trapianto di capelli, quest&#8217;area serve come zona donatrice sulla nuca.<\/p>\n\n\n\n<p class=\"wp-block-paragraph\">Il meccanismo alla base si chiama <strong>donor dominance<\/strong>. Nel 1959 Norman Orentreich descrisse come un follicolo trapiantato conservi la propria caratteristica genetica, indipendentemente da dove venga spostato. La sensibilit\u00e0 al diidrotestosterone (DHT) risiede quindi nel follicolo stesso e non nel cuoio capelluto. Le revisioni moderne sul calcolo dell&#8217;area donatrice confermano questo principio come base del trapianto di capelli.<sup>[4]<\/sup><\/p>\n\n\n\n<p class=\"wp-block-paragraph\">Da qui derivano due conseguenze. La prima: la corona di capelli resta al suo posto mentre il vertice si dirada, e un follicolo occipitale continua a crescere anche sul vortice. La seconda: una perdita di capelli <strong>sul collo<\/strong> \u00e8 un motivo per guardare pi\u00f9 da vicino, non per dare per scontata un&#8217;origine \u00abereditaria\u00bb: l\u00ec le spiegazioni realistiche sono alopecia areata, trazione, pressione e forme infiammatorie.<\/p>\n\n\n<div class=\"wp-block-image\">\n<figure class=\"aligncenter size-large is-resized\" style=\"max-width:720px;margin-left:auto;margin-right:auto\"><img decoding=\"async\" src=\"https:\/\/elithair.com\/it\/wp-content\/uploads\/sites\/6\/2026\/08\/zonen_landkarte_hinterkopf__it-1.png\" alt=\"Zone della nuca: vertice con vortice, zona donatrice occipitale e nuca con le loro cause tipiche\" class=\"wp-image-107888\" style=\"width:720px;max-width:100%;height:auto\"\/><\/figure>\n<\/div>\n\n\n<style>\n@media (max-width:640px){\n.rt-table-wrap{overflow-x:visible!important;border:0!important;border-radius:0!important}\n.rt-table{min-width:0!important}\n.rt-table thead{display:none}\n.rt-table,.rt-table tbody,.rt-table tr,.rt-table td{display:block;width:100%}\n.rt-table caption{display:block;padding:0 0 12px!important}\n.rt-table tr{margin:0 0 12px;border:1px solid #dbe4f0;border-radius:10px;overflow:hidden}\n.rt-table tr:last-child{margin-bottom:0}\n.rt-table td{display:flex!important;flex-direction:column;gap:3px;padding:12px 14px!important;\nborder:0!important;border-bottom:1px solid #e3e8ef!important;background:#ffffff!important}\n.rt-table tr td:last-child{border-bottom:0!important}\n.rt-table td::before{content:attr(data-label);font-size:12px;font-weight:700;letter-spacing:.04em;\ntext-transform:uppercase;color:#5799F1}\n.rt-table td:not([data-label])::before,.rt-table td[data-label=\"\"]::before{display:none}\n}\n<\/style>\n<div class=\"rt-table-wrap\" style=\"overflow-x:auto;-webkit-overflow-scrolling:touch;margin:28px 0;border:1px solid #dbe4f0;border-radius:12px\">\n  <table class=\"rt-table\" style=\"width:100%;min-width:660px;table-layout:fixed;border-collapse:separate;border-spacing:0;font-size:15px;margin:0\">\n    <caption style=\"caption-side:top;text-align:left;color:#003366;font-weight:700;font-size:16px;line-height:1.35;padding:14px 16px 10px;background:#ffffff\">Il punto della nuca in cui mancano i capelli dice molto sulla causa<\/caption>\n    <thead>\n      <tr>\n        <th style=\"width:22%;background:#003366;color:#ffffff;font-weight:700;text-align:left;vertical-align:middle;padding:13px 16px;font-size:15px;line-height:1.4;border:0;overflow-wrap:break-word\">Zona della nuca<\/th>\n        <th style=\"background:#003366;color:#ffffff;font-weight:700;text-align:left;vertical-align:middle;padding:13px 16px;font-size:15px;line-height:1.4;border:0;overflow-wrap:break-word\">Che cosa vedi<\/th>\n        <th style=\"background:#003366;color:#ffffff;font-weight:700;text-align:left;vertical-align:middle;padding:13px 16px;font-size:15px;line-height:1.4;border:0;overflow-wrap:break-word\">Spiegazione pi\u00f9 frequente<\/th>\n        <th style=\"background:#003366;color:#ffffff;font-weight:700;text-align:left;vertical-align:middle;padding:13px 16px;font-size:15px;line-height:1.4;border:0;overflow-wrap:break-word\">Prossimo passo<\/th>\n      <\/tr>\n    <\/thead>\n    <tbody>\n      <tr>\n        <td data-label=\"Zona della nuca\" style=\"background:#ffffff;color:#003366;font-weight:700;text-align:left;vertical-align:top;padding:13px 16px;font-size:15px;line-height:1.55;border:0;border-bottom:1px solid #e3e8ef;overflow-wrap:break-word\">Vertice e area del vortice (parte alta della nuca)<\/td>\n        <td data-label=\"Che cosa vedi\" style=\"background:#ffffff;color:#22303e;font-weight:400;text-align:left;vertical-align:top;padding:13px 16px;font-size:15px;line-height:1.55;border:0;border-bottom:1px solid #e3e8ef;overflow-wrap:break-word\">Il cuoio capelluto traspare attorno al vortice, l&#8217;area si allarga lentamente nei mesi, in mezzo capelli corti e sottili<\/td>\n        <td data-label=\"Spiegazione pi\u00f9 frequente\" style=\"background:#ffffff;color:#22303e;font-weight:400;text-align:left;vertical-align:top;padding:13px 16px;font-size:15px;line-height:1.55;border:0;border-bottom:1px solid #e3e8ef;overflow-wrap:break-word\">Alopecia androgenetica, tipo vertex (da Norwood II a V)<\/td>\n        <td data-label=\"Prossimo passo\" style=\"background:#ffffff;color:#22303e;font-weight:400;text-align:left;vertical-align:top;padding:13px 16px;font-size:15px;line-height:1.55;border:0;border-bottom:1px solid #e3e8ef;overflow-wrap:break-word\">Definire lo stadio Norwood, documentare l&#8217;andamento con le foto, valutare una terapia conservativa<\/td>\n      <\/tr>\n      <tr>\n        <td data-label=\"Zona della nuca\" style=\"background:#f6f9fc;color:#003366;font-weight:700;text-align:left;vertical-align:top;padding:13px 16px;font-size:15px;line-height:1.55;border:0;border-bottom:1px solid #e3e8ef;overflow-wrap:break-word\">Passaggio dal vertice alla sommit\u00e0 del capo<\/td>\n        <td data-label=\"Che cosa vedi\" style=\"background:#f6f9fc;color:#22303e;font-weight:400;text-align:left;vertical-align:top;padding:13px 16px;font-size:15px;line-height:1.55;border:0;border-bottom:1px solid #e3e8ef;overflow-wrap:break-word\">Striscia diradata che collega il vortice e la zona della riga<\/td>\n        <td data-label=\"Spiegazione pi\u00f9 frequente\" style=\"background:#f6f9fc;color:#22303e;font-weight:400;text-align:left;vertical-align:top;padding:13px 16px;font-size:15px;line-height:1.55;border:0;border-bottom:1px solid #e3e8ef;overflow-wrap:break-word\">Alopecia androgenetica in progressione<\/td>\n        <td data-label=\"Prossimo passo\" style=\"background:#f6f9fc;color:#22303e;font-weight:400;text-align:left;vertical-align:top;padding:13px 16px;font-size:15px;line-height:1.55;border:0;border-bottom:1px solid #e3e8ef;overflow-wrap:break-word\">Chiarimento medico, stabilizzazione prima di qualsiasi altra pianificazione<\/td>\n      <\/tr>\n      <tr>\n        <td data-label=\"Zona della nuca\" style=\"background:#ffffff;color:#003366;font-weight:700;text-align:left;vertical-align:top;padding:13px 16px;font-size:15px;line-height:1.55;border:0;border-bottom:1px solid #e3e8ef;overflow-wrap:break-word\">Zona occipitale e corona di capelli (parte centrale della nuca)<\/td>\n        <td data-label=\"Che cosa vedi\" style=\"background:#ffffff;color:#22303e;font-weight:400;text-align:left;vertical-align:top;padding:13px 16px;font-size:15px;line-height:1.55;border:0;border-bottom:1px solid #e3e8ef;overflow-wrap:break-word\">Chiazza rotonda, ben delimitata e senza capelli, con pelle liscia<\/td>\n        <td data-label=\"Spiegazione pi\u00f9 frequente\" style=\"background:#ffffff;color:#22303e;font-weight:400;text-align:left;vertical-align:top;padding:13px 16px;font-size:15px;line-height:1.55;border:0;border-bottom:1px solid #e3e8ef;overflow-wrap:break-word\">Alopecia areata; qui la caduta ereditaria \u00e8 atipica (zona resistente al DHT)<\/td>\n        <td data-label=\"Prossimo passo\" style=\"background:#ffffff;color:#22303e;font-weight:400;text-align:left;vertical-align:top;padding:13px 16px;font-size:15px;line-height:1.55;border:0;border-bottom:1px solid #e3e8ef;overflow-wrap:break-word\">Rivolgersi a breve a uno studio dermatologico<\/td>\n      <\/tr>\n      <tr>\n        <td data-label=\"Zona della nuca\" style=\"background:#f6f9fc;color:#003366;font-weight:700;text-align:left;vertical-align:top;padding:13px 16px;font-size:15px;line-height:1.55;border:0;border-bottom:1px solid #e3e8ef;overflow-wrap:break-word\">Attaccatura bassa, a fascia da orecchio a orecchio<\/td>\n        <td data-label=\"Che cosa vedi\" style=\"background:#f6f9fc;color:#22303e;font-weight:400;text-align:left;vertical-align:top;padding:13px 16px;font-size:15px;line-height:1.55;border:0;border-bottom:1px solid #e3e8ef;overflow-wrap:break-word\">Perdita a striscia lungo l&#8217;attaccatura bassa, sopra il collo<\/td>\n        <td data-label=\"Spiegazione pi\u00f9 frequente\" style=\"background:#f6f9fc;color:#22303e;font-weight:400;text-align:left;vertical-align:top;padding:13px 16px;font-size:15px;line-height:1.55;border:0;border-bottom:1px solid #e3e8ef;overflow-wrap:break-word\">Alopecia areata di tipo ofiasico<\/td>\n        <td data-label=\"Prossimo passo\" style=\"background:#f6f9fc;color:#22303e;font-weight:400;text-align:left;vertical-align:top;padding:13px 16px;font-size:15px;line-height:1.55;border:0;border-bottom:1px solid #e3e8ef;overflow-wrap:break-word\">Rivolgersi a breve a uno studio dermatologico, prognosi meno favorevole<\/td>\n      <\/tr>\n      <tr>\n        <td data-label=\"Zona della nuca\" style=\"background:#ffffff;color:#003366;font-weight:700;text-align:left;vertical-align:top;padding:13px 16px;font-size:15px;line-height:1.55;border:0;border-bottom:1px solid #e3e8ef;overflow-wrap:break-word\">Nuca e punti di appoggio (cuscino, poggiatesta, casco, colletto)<\/td>\n        <td data-label=\"Che cosa vedi\" style=\"background:#ffffff;color:#22303e;font-weight:400;text-align:left;vertical-align:top;padding:13px 16px;font-size:15px;line-height:1.55;border:0;border-bottom:1px solid #e3e8ef;overflow-wrap:break-word\">Diradamento diffuso o capelli spezzati su una superficie di sfregamento<\/td>\n        <td data-label=\"Spiegazione pi\u00f9 frequente\" style=\"background:#ffffff;color:#22303e;font-weight:400;text-align:left;vertical-align:top;padding:13px 16px;font-size:15px;line-height:1.55;border:0;border-bottom:1px solid #e3e8ef;overflow-wrap:break-word\">Alopecia da frizione o da pressione<\/td>\n        <td data-label=\"Prossimo passo\" style=\"background:#ffffff;color:#22303e;font-weight:400;text-align:left;vertical-align:top;padding:13px 16px;font-size:15px;line-height:1.55;border:0;border-bottom:1px solid #e3e8ef;overflow-wrap:break-word\">Eliminare la causa e osservare per tre mesi<\/td>\n      <\/tr>\n      <tr>\n        <td data-label=\"Zona della nuca\" style=\"background:#f6f9fc;color:#003366;font-weight:700;text-align:left;vertical-align:top;padding:13px 16px;font-size:15px;line-height:1.55;border:0;border-bottom:1px solid #e3e8ef;overflow-wrap:break-word\">Linee di trazione (coda, chignon, extension, turbante)<\/td>\n        <td data-label=\"Che cosa vedi\" style=\"background:#f6f9fc;color:#22303e;font-weight:400;text-align:left;vertical-align:top;padding:13px 16px;font-size:15px;line-height:1.55;border:0;border-bottom:1px solid #e3e8ef;overflow-wrap:break-word\">Diradamento lungo la linea di trazione, spesso simmetrico<\/td>\n        <td data-label=\"Spiegazione pi\u00f9 frequente\" style=\"background:#f6f9fc;color:#22303e;font-weight:400;text-align:left;vertical-align:top;padding:13px 16px;font-size:15px;line-height:1.55;border:0;border-bottom:1px solid #e3e8ef;overflow-wrap:break-word\">Alopecia da trazione<\/td>\n        <td data-label=\"Prossimo passo\" style=\"background:#f6f9fc;color:#22303e;font-weight:400;text-align:left;vertical-align:top;padding:13px 16px;font-size:15px;line-height:1.55;border:0;border-bottom:1px solid #e3e8ef;overflow-wrap:break-word\">Interrompere la trazione: all&#8217;inizio \u00e8 del tutto reversibile, con il tempo diventa cicatriziale<\/td>\n      <\/tr>\n      <tr>\n        <td data-label=\"Zona della nuca\" style=\"background:#ffffff;color:#003366;font-weight:700;text-align:left;vertical-align:top;padding:13px 16px;font-size:15px;line-height:1.55;border:0;overflow-wrap:break-word\">Qualsiasi zona con rossore, desquamazione, pustole, dolore o pelle liscia e lucida<\/td>\n        <td data-label=\"Che cosa vedi\" style=\"background:#ffffff;color:#22303e;font-weight:400;text-align:left;vertical-align:top;padding:13px 16px;font-size:15px;line-height:1.55;border:0;overflow-wrap:break-word\">Segni di infiammazione o assenza di osti follicolari<\/td>\n        <td data-label=\"Spiegazione pi\u00f9 frequente\" style=\"background:#ffffff;color:#22303e;font-weight:400;text-align:left;vertical-align:top;padding:13px 16px;font-size:15px;line-height:1.55;border:0;overflow-wrap:break-word\">Alopecia infiammatoria o cicatriziale<\/td>\n        <td data-label=\"Prossimo passo\" style=\"background:#ffffff;color:#22303e;font-weight:400;text-align:left;vertical-align:top;padding:13px 16px;font-size:15px;line-height:1.55;border:0;overflow-wrap:break-word\">Non aspettare, farsi visitare da un medico<\/td>\n      <\/tr>\n    <\/tbody>\n  <\/table>\n<\/div>\n\n\n\n<div style=\"border:1px solid #e3e8ef;border-left:5px solid #013366;border-radius:10px;padding:18px 20px;margin:8px 0 28px\">\n<p style=\"margin:0 0 8px;color:#013366;font-weight:700;font-size:16px\">Un inquadramento dalla nostra esperienza di consulenza<\/p>\n<p style=\"margin:0;color:#2e3033;font-size:15px;line-height:1.65\">Quando le persone ci inviano foto della parte bassa della nuca o del collo, nella maggior parte dei casi la spiegazione non \u00e8 la caduta ereditaria, ma una chiazza ben delimitata, una linea di trazione o una superficie di sfregamento. Vale anche il contrario: le foto del vortice mostrano molto spesso uno stadio precoce del tipo vertex, che la persona interessata considera ancora un \u00abvortice pronunciato\u00bb. Per questo all&#8217;inizio c&#8217;\u00e8 sempre la domanda sulla zona e non quella sul trattamento.<\/p>\n<\/div>\n\n\n\n<h2 class=\"wp-block-heading\">Vortice o gi\u00e0 zona diradata? L&#8217;autovalutazione sulla nuca<\/h2>\n\n\n\n<p class=\"wp-block-paragraph\">Un vortice sulla nuca \u00e8 un modello di crescita naturale e non diventa mai calvo; una tonsura iniziale, invece, si estende dal vortice verso l&#8217;esterno. La differenza non sta nelle dimensioni dell&#8217;area aperta, ma nella densit\u00e0 dei capelli sul bordo, nel calibro del capello e nell&#8217;andamento nell&#8217;arco dei mesi. Il criterio tricoscopico centrale della caduta ereditaria \u00e8 la cosiddetta <strong>anisotrichosi<\/strong>, cio\u00e8 una variabilit\u00e0 del diametro del fusto di almeno il 20% nell&#8217;uomo e del 10% nella donna.<sup>[5]<\/sup><\/p>\n\n\n\n<h3 class=\"wp-block-heading\">Come distinguo un vortice da una caduta di capelli?<\/h3>\n\n\n\n<p class=\"wp-block-paragraph\"><strong>Un vortice normale mantiene una densit\u00e0 costantemente alta fino al centro della spirale; una tonsura iniziale si dirada verso il bordo e mostra miniaturizzazione, cio\u00e8 capelli corti e sottili tra quelli robusti.<\/strong> Quattro caratteristiche li distinguono in modo affidabile:<\/p>\n\n\n\n<ul class=\"wp-block-list\">\n<li><strong>Bordo:<\/strong> nel vortice la densit\u00e0 resta alta fino alla spirale, nella tonsura diminuisce verso il bordo.<\/li>\n\n\n<li><strong>Calibro del capello:<\/strong> nel vortice tutti i capelli hanno uno spessore simile, nella tonsura tra quelli spessi ci sono capelli corti e sottili (miniaturizzazione).<\/li>\n\n\n<li><strong>Forma:<\/strong> il vortice \u00e8 una spirale con una direzione di crescita chiara, la tonsura \u00e8 un&#8217;area tondeggiante che cresce verso l&#8217;esterno.<\/li>\n\n\n<li><strong>Andamento:<\/strong> dopo tre-sei mesi il vortice appare identico, la tonsura \u00e8 misurabilmente pi\u00f9 grande.<\/li>\n\n<\/ul>\n\n\n\n<p class=\"wp-block-paragraph\">Queste quattro caratteristiche sono anche ci\u00f2 che si misura nella tricoscopia dermatologica: nella revisione sistematica \u00abTrichoscopy of Androgenetic Alopecia\u00bb una variabilit\u00e0 del diametro del capello era dimostrabile nel 94% dei pazienti con alopecia androgenetica, i capelli vellus nel 66%.<sup>[5]<\/sup> L&#8217;autovalutazione non sostituisce la tricoscopia. Serve solo a decidere se osservare con calma o fissare un appuntamento.<\/p>\n\n\n<div class=\"wp-block-image\">\n<figure class=\"aligncenter size-large is-resized\" style=\"max-width:560px;margin-left:auto;margin-right:auto\"><img decoding=\"async\" src=\"https:\/\/elithair.com\/it\/wp-content\/uploads\/sites\/6\/2026\/08\/wirbel_vs_tonsur.png\" alt=\"Confronto di due porzioni di cuoio capelluto viste dall'alto: a sinistra un vortice di densit\u00e0 uniforme, a destra una tonsura in diradamento con capelli sottili\" class=\"wp-image-107872\" style=\"width:560px;max-width:100%;height:auto\"\/><\/figure>\n<\/div>\n\n\n<style>\n@media (max-width:640px){\n.rt-table-wrap{overflow-x:visible!important;border:0!important;border-radius:0!important}\n.rt-table{min-width:0!important}\n.rt-table thead{display:none}\n.rt-table,.rt-table tbody,.rt-table tr,.rt-table td{display:block;width:100%}\n.rt-table caption{display:block;padding:0 0 12px!important}\n.rt-table tr{margin:0 0 12px;border:1px solid #dbe4f0;border-radius:10px;overflow:hidden}\n.rt-table tr:last-child{margin-bottom:0}\n.rt-table td{display:flex!important;flex-direction:column;gap:3px;padding:12px 14px!important;\nborder:0!important;border-bottom:1px solid #e3e8ef!important;background:#ffffff!important}\n.rt-table tr td:last-child{border-bottom:0!important}\n.rt-table td::before{content:attr(data-label);font-size:12px;font-weight:700;letter-spacing:.04em;\ntext-transform:uppercase;color:#5799F1}\n.rt-table td:not([data-label])::before,.rt-table td[data-label=\"\"]::before{display:none}\n}\n<\/style>\n<div class=\"rt-table-wrap\" style=\"overflow-x:auto;-webkit-overflow-scrolling:touch;margin:28px 0;border:1px solid #dbe4f0;border-radius:12px\">\n  <table class=\"rt-table\" style=\"width:100%;min-width:620px;table-layout:fixed;border-collapse:separate;border-spacing:0;font-size:15px;margin:0\">\n    <caption style=\"caption-side:top;text-align:left;color:#003366;font-weight:700;font-size:16px;line-height:1.35;padding:14px 16px 10px;background:#ffffff\">Autovalutazione: vortice normale o tonsura iniziale sulla nuca?<\/caption>\n    <thead>\n      <tr>\n        <th style=\"width:22%;background:#003366;color:#ffffff;font-weight:700;text-align:left;vertical-align:middle;padding:13px 16px;font-size:15px;line-height:1.4;border:0;overflow-wrap:break-word\">Caratteristica<\/th>\n        <th style=\"background:#003366;color:#ffffff;font-weight:700;text-align:left;vertical-align:middle;padding:13px 16px;font-size:15px;line-height:1.4;border:0;overflow-wrap:break-word\">Vortice normale<\/th>\n        <th style=\"background:#003366;color:#ffffff;font-weight:700;text-align:left;vertical-align:middle;padding:13px 16px;font-size:15px;line-height:1.4;border:0;overflow-wrap:break-word\">Tonsura iniziale<\/th>\n      <\/tr>\n    <\/thead>\n    <tbody>\n      <tr>\n        <td data-label=\"Caratteristica\" style=\"background:#ffffff;color:#003366;font-weight:700;text-align:left;vertical-align:top;padding:13px 16px;font-size:15px;line-height:1.55;border:0;border-bottom:1px solid #e3e8ef;overflow-wrap:break-word\">Densit\u00e0 sul bordo dell&#8217;area aperta<\/td>\n        <td data-label=\"Vortice normale\" style=\"background:#ffffff;color:#22303e;font-weight:400;text-align:left;vertical-align:top;padding:13px 16px;font-size:15px;line-height:1.55;border:0;border-bottom:1px solid #e3e8ef;overflow-wrap:break-word\">Resta alta fino alla spirale<\/td>\n        <td data-label=\"Tonsura iniziale\" style=\"background:#ffffff;color:#22303e;font-weight:400;text-align:left;vertical-align:top;padding:13px 16px;font-size:15px;line-height:1.55;border:0;border-bottom:1px solid #e3e8ef;overflow-wrap:break-word\">Diminuisce verso il bordo, passaggio sfumato<\/td>\n      <\/tr>\n      <tr>\n        <td data-label=\"Caratteristica\" style=\"background:#f6f9fc;color:#003366;font-weight:700;text-align:left;vertical-align:top;padding:13px 16px;font-size:15px;line-height:1.55;border:0;border-bottom:1px solid #e3e8ef;overflow-wrap:break-word\">Spessore dei capelli nell&#8217;area<\/td>\n        <td data-label=\"Vortice normale\" style=\"background:#f6f9fc;color:#22303e;font-weight:400;text-align:left;vertical-align:top;padding:13px 16px;font-size:15px;line-height:1.55;border:0;border-bottom:1px solid #e3e8ef;overflow-wrap:break-word\">Uniformemente robusti<\/td>\n        <td data-label=\"Tonsura iniziale\" style=\"background:#f6f9fc;color:#22303e;font-weight:400;text-align:left;vertical-align:top;padding:13px 16px;font-size:15px;line-height:1.55;border:0;border-bottom:1px solid #e3e8ef;overflow-wrap:break-word\">Capelli spessi e sottili mescolati, molti capelli corti e fini<\/td>\n      <\/tr>\n      <tr>\n        <td data-label=\"Caratteristica\" style=\"background:#ffffff;color:#003366;font-weight:700;text-align:left;vertical-align:top;padding:13px 16px;font-size:15px;line-height:1.55;border:0;border-bottom:1px solid #e3e8ef;overflow-wrap:break-word\">Forma<\/td>\n        <td data-label=\"Vortice normale\" style=\"background:#ffffff;color:#22303e;font-weight:400;text-align:left;vertical-align:top;padding:13px 16px;font-size:15px;line-height:1.55;border:0;border-bottom:1px solid #e3e8ef;overflow-wrap:break-word\">Spirale con direzione di crescita riconoscibile<\/td>\n        <td data-label=\"Tonsura iniziale\" style=\"background:#ffffff;color:#22303e;font-weight:400;text-align:left;vertical-align:top;padding:13px 16px;font-size:15px;line-height:1.55;border:0;border-bottom:1px solid #e3e8ef;overflow-wrap:break-word\">Area tondeggiante che cresce verso l&#8217;esterno<\/td>\n      <\/tr>\n      <tr>\n        <td data-label=\"Caratteristica\" style=\"background:#f6f9fc;color:#003366;font-weight:700;text-align:left;vertical-align:top;padding:13px 16px;font-size:15px;line-height:1.55;border:0;border-bottom:1px solid #e3e8ef;overflow-wrap:break-word\">Andamento nell&#8217;arco di 3-6 mesi<\/td>\n        <td data-label=\"Vortice normale\" style=\"background:#f6f9fc;color:#22303e;font-weight:400;text-align:left;vertical-align:top;padding:13px 16px;font-size:15px;line-height:1.55;border:0;border-bottom:1px solid #e3e8ef;overflow-wrap:break-word\">Invariato<\/td>\n        <td data-label=\"Tonsura iniziale\" style=\"background:#f6f9fc;color:#22303e;font-weight:400;text-align:left;vertical-align:top;padding:13px 16px;font-size:15px;line-height:1.55;border:0;border-bottom:1px solid #e3e8ef;overflow-wrap:break-word\">Area misurabilmente pi\u00f9 grande, cuoio capelluto pi\u00f9 visibile<\/td>\n      <\/tr>\n      <tr>\n        <td data-label=\"Caratteristica\" style=\"background:#ffffff;color:#003366;font-weight:700;text-align:left;vertical-align:top;padding:13px 16px;font-size:15px;line-height:1.55;border:0;border-bottom:1px solid #e3e8ef;overflow-wrap:break-word\">Comportamento con i capelli bagnati<\/td>\n        <td data-label=\"Vortice normale\" style=\"background:#ffffff;color:#22303e;font-weight:400;text-align:left;vertical-align:top;padding:13px 16px;font-size:15px;line-height:1.55;border:0;border-bottom:1px solid #e3e8ef;overflow-wrap:break-word\">Da bagnato sembra pi\u00f9 aperto, da asciutto torna normale<\/td>\n        <td data-label=\"Tonsura iniziale\" style=\"background:#ffffff;color:#22303e;font-weight:400;text-align:left;vertical-align:top;padding:13px 16px;font-size:15px;line-height:1.55;border:0;border-bottom:1px solid #e3e8ef;overflow-wrap:break-word\">Visibile anche da asciutto e senza styling<\/td>\n      <\/tr>\n      <tr>\n        <td data-label=\"Caratteristica\" style=\"background:#f6f9fc;color:#003366;font-weight:700;text-align:left;vertical-align:top;padding:13px 16px;font-size:15px;line-height:1.55;border:0;border-bottom:1px solid #e3e8ef;overflow-wrap:break-word\">Altre zone della testa<\/td>\n        <td data-label=\"Vortice normale\" style=\"background:#f6f9fc;color:#22303e;font-weight:400;text-align:left;vertical-align:top;padding:13px 16px;font-size:15px;line-height:1.55;border:0;border-bottom:1px solid #e3e8ef;overflow-wrap:break-word\">Attaccatura e tempie invariate<\/td>\n        <td data-label=\"Tonsura iniziale\" style=\"background:#f6f9fc;color:#22303e;font-weight:400;text-align:left;vertical-align:top;padding:13px 16px;font-size:15px;line-height:1.55;border:0;border-bottom:1px solid #e3e8ef;overflow-wrap:break-word\">Spesso anche stempiature<\/td>\n      <\/tr>\n      <tr>\n        <td data-label=\"Caratteristica\" style=\"background:#ffffff;color:#003366;font-weight:700;text-align:left;vertical-align:top;padding:13px 16px;font-size:15px;line-height:1.55;border:0;overflow-wrap:break-word\">Che cosa fare adesso<\/td>\n        <td data-label=\"Vortice normale\" style=\"background:#ffffff;color:#22303e;font-weight:400;text-align:left;vertical-align:top;padding:13px 16px;font-size:15px;line-height:1.55;border:0;overflow-wrap:break-word\">Creare un protocollo fotografico e confrontare tra 3 mesi<\/td>\n        <td data-label=\"Tonsura iniziale\" style=\"background:#ffffff;color:#22303e;font-weight:400;text-align:left;vertical-align:top;padding:13px 16px;font-size:15px;line-height:1.55;border:0;overflow-wrap:break-word\">Appuntamento in uno studio dermatologico, definire lo stadio<\/td>\n      <\/tr>\n    <\/tbody>\n  <\/table>\n<\/div>\n\n\n\n<div style=\"border:1px solid #e3e8ef;border-radius:10px;padding:20px 22px;margin:8px 0 28px\">\n<p style=\"margin:0 0 12px;color:#013366;font-weight:700;font-size:17px\">Protocollo fotografico per la nuca<\/p>\n<ul style=\"margin:0;padding-left:20px;color:#2e3033;font-size:15px;line-height:1.8\">\n<li>Luce del giorno vicino alla finestra, niente luce dall&#8217;alto<\/li>\n<li>Capelli asciutti, senza styling, pettinati come sempre<\/li>\n<li>Fotocamera da dietro e dall&#8217;alto, sempre alla stessa distanza e con la stessa angolazione<\/li>\n<li>Sempre alla stessa ora del giorno e con la stessa luce<\/li>\n<li>Scatti adesso, a 3 e a 6 mesi, con la data nel nome del file<\/li>\n<li>Per il confronto mettere le due immagini una accanto all&#8217;altra, senza giudicare a memoria<\/li>\n<\/ul>\n<p style=\"margin:12px 0 0;color:#5b6169;font-size:13.5px;font-style:italic\">Il protocollo \u00e8 un orientamento per il colloquio con il medico e non sostituisce una diagnosi medica.<\/p>\n<\/div>\n\n\n<div class=\"wp-block-image\">\n<figure class=\"aligncenter size-large is-resized\" style=\"max-width:560px;margin-left:auto;margin-right:auto\"><img decoding=\"async\" src=\"https:\/\/elithair.com\/it\/wp-content\/uploads\/sites\/6\/2026\/08\/foto_protokoll_hinterkopf.png\" alt=\"Illustrazione del protocollo fotografico: una persona fotografa la propria nuca vicino alla finestra, accanto una serie di immagini accennata\" class=\"wp-image-107873\" style=\"width:560px;max-width:100%;height:auto\"\/><\/figure>\n<\/div>\n\n\n<h3 class=\"wp-block-heading\">I tre falsi allarmi pi\u00f9 frequenti sul vortice<\/h3>\n\n\n\n<p class=\"wp-block-paragraph\">La maggior parte dei falsi allarmi sulla nuca nasce da luce, styling e modello di crescita. Su questi tre punti non esistono studi: sono esperienza quotidiana di consulenza, ma spiegano buona parte delle preoccupazioni. Primo: da bagnati, o con gel e cera, i capelli si incollano attorno al vortice e a quel punto qualsiasi cuoio capelluto traspare. Secondo: la luce del soffitto proietta ombre dentro la spirale. Terzo: un <strong>doppio vortice<\/strong> \u00e8 un modello di crescita e non una caduta di capelli, appare soltanto pi\u00f9 irregolare.<\/p>\n\n\n\n<p class=\"wp-block-paragraph\">Altri due punti rientrano qui, perch\u00e9 vengono spesso confusi. Una <strong>scottatura solare sul vortice<\/strong> \u00e8 invece un segnale da prendere sul serio: dove ci sono meno capelli manca la protezione UV, e questo depone per una densit\u00e0 realmente ridotta. E <strong>dormire sulla schiena<\/strong> non provoca caduta dei capelli. Una vera alopecia da pressione \u00e8 descritta in letteratura dopo ore di immobilit\u00e0, per esempio dopo interventi chirurgici lunghi, non dopo una notte normale.<\/p>\n\n\n\n<h3 class=\"wp-block-heading\">Quanto in fretta si sviluppa una tonsura sulla nuca?<\/h3>\n\n\n\n<p class=\"wp-block-paragraph\">Una tonsura sulla nuca si sviluppa in modo individuale e di solito nell&#8217;arco di anni, non di settimane. Non esiste una velocit\u00e0 fissa; ben documentata \u00e8 solo la direzione: in una coorte australiana la quota di uomini con tipo vertex o calvizie completa \u00e8 salita dal 31% nella fascia 40-55 anni al 53% in quella 65-69 anni.<sup>[2]<\/sup> La caduta ereditaria procede quindi a ondate nell&#8217;arco di decenni.<\/p>\n\n\n\n<p class=\"wp-block-paragraph\">Per la tua decisione conta pi\u00f9 la tua velocit\u00e0 personale di qualsiasi media. Se l&#8217;area cresce in modo visibile tra due foto scattate a sei mesi di distanza, l&#8217;andamento \u00e8 considerato attivo e allora \u00e8 sensato un inquadramento medico prima di pensare a un trapianto. Se l&#8217;immagine resta uguale per un anno, questo depone per un andamento lento o stabilizzato. Proprio per questo il protocollo fotografico \u00e8 pi\u00f9 di un esercizio rassicurante: fornisce l&#8217;unica curva di andamento che puoi rilevare da solo.<\/p>\n\n\n\n<h2 class=\"wp-block-heading\" id=\"ursachen\">Cause della caduta dei capelli sulla nuca<\/h2>\n\n\n\n<p class=\"wp-block-paragraph\"><strong>La causa pi\u00f9 frequente della caduta dei capelli sulla nuca \u00e8 l&#8217;alopecia androgenetica al vertice, cio\u00e8 la predisposizione genetica attorno al vortice.<\/strong> Accanto a questa entrano in gioco fattori ormonali, metabolici e meccanici, che si distinguono per modello e andamento. Tra le cause pi\u00f9 frequenti ci sono:<\/p>\n\n\n\n<ul class=\"wp-block-list\">\n<li><strong>Predisposizione genetica:<\/strong> nella caduta ereditaria (alopecia androgenetica) le radici dei capelli alle tempie, nella zona frontale e al vertice, cio\u00e8 la parte alta della nuca attorno al vortice, reagiscono in modo particolarmente sensibile all&#8217;ormone DHT. La parte bassa della nuca e il collo restano di regola risparmiati: sono resistenti al DHT.<sup>[4]<\/sup><\/li>\n\n\n<li><strong>Cambiamenti ormonali:<\/strong> uno squilibrio ormonale o una maggiore sensibilit\u00e0 al DHT pu\u00f2 alterare il ciclo del capello e accelerare la perdita nelle aree tipiche.<\/li>\n\n\n<li><strong>Stress:<\/strong> uno stress fisico o psichico prolungato pu\u00f2 spostare il ciclo del capello. La perdita che ne deriva compare in ritardo, tipicamente due-tre mesi dopo il fattore scatenante.<\/li>\n\n\n<li><strong>Carenza di nutrienti:<\/strong> se all&#8217;organismo mancano ferro, vitamina D, zinco o proteine, l&#8217;apporto alle radici dei capelli pu\u00f2 risentirne. Questa caduta \u00e8 per\u00f2 diffusa su tutta la testa e non limitata alla nuca.<\/li>\n\n\n<li><strong>Malattie:<\/strong> disturbi della tiroide, malattie autoimmuni e dermatologiche possono modificare il ciclo di crescita del capello e favorire la caduta.<\/li>\n\n\n<li><strong>Farmaci:<\/strong> alcuni medicinali possono causare come effetto collaterale una caduta di capelli che si manifesta anche sulla nuca.<\/li>\n\n<\/ul>\n\n\n\n<p class=\"wp-block-paragraph\">Per determinare la causa esatta sono utili una visita medica del cuoio capelluto e delle radici e, se necessario, esami del sangue. Trattare in modo mirato la causa \u00e8 decisivo, anche quando la perdita in quest&#8217;area \u00e8 gi\u00e0 avanzata.<\/p>\n\n\n\n<h3 class=\"wp-block-heading\">Cause tipiche della parte bassa della nuca e del collo<\/h3>\n\n\n\n<p class=\"wp-block-paragraph\"><strong>Nella parte bassa della nuca e sul collo le cause principali sono diverse rispetto al vertice, perch\u00e9 questa zona \u00e8 resistente al DHT.<\/strong> In breve, ecco le cause che dovresti conoscere se la chiazza non si trova sul vortice:<\/p>\n\n\n\n<ul class=\"wp-block-list\">\n<li><strong>Alopecia areata:<\/strong> chiazze rotonde, lisce e ben delimitate, con peli a punto esclamativo sul bordo. Il <strong>tipo ofiasico<\/strong> a fascia lungo l&#8217;attaccatura bassa ha una prevalenza di circa lo 0,02% ed \u00e8 considerato prognosticamente meno favorevole (Lintzeri et al., JDDG 2022).<sup>[6]<\/sup><\/li>\n\n\n<li><strong>Alopecia da trazione:<\/strong> trazione da coda, chignon, cornrows o extension; presto \u00e8 del tutto reversibile, dopo anni diventa cicatriziale.<sup>[8]<\/sup><\/li>\n\n\n<li><strong>Alopecia da frizione e da pressione:<\/strong> sfregamento contro cuscino, poggiatesta, casco o colletto.<\/li>\n\n\n<li><strong>Cause infiammatorie e cicatriziali:<\/strong> sul collo la forma principale \u00e8 la cosiddetta <strong>acne keloidalis nuchae<\/strong> (StatPearls),<sup>[9]<\/sup> a cui si aggiungono la follicolite decalvante, la comune <a href=\"\/it\/trapianto-capelli-blog\/follicolite\/\">follicolite del cuoio capelluto<\/a> e la tinea capitis nei bambini.<\/li>\n\n\n<li><strong>Tricotillomania:<\/strong> strappo meccanico dei capelli con lunghezze disomogenee nella chiazza.<\/li>\n\n\n<li><strong>Forme diffuse:<\/strong> un telogen effluvium dopo un&#8217;infezione, un intervento, una dieta, una carenza di ferro o un disturbo tiroideo interessa tutta la testa, ma si nota per prima cosa sul vortice (<a href=\"\/it\/trapianto-capelli-blog\/cause-caduta-capelli\/\">panoramica di tutte le cause<\/a>).<\/li>\n\n<\/ul>\n\n\n\n<p class=\"wp-block-paragraph\">Rossore, desquamazione, pustole, prurito o dolore sono i campanelli d&#8217;allarme di tutte le forme infiammatorie, perch\u00e9 dopo la cicatrizzazione il follicolo \u00e8 perduto e le alopecie cicatriziali attive sono una chiara controindicazione al trapianto di capelli.<sup>[9]<\/sup> Che cosa aiuta contro ciascuna forma e quanto tempo serve \u00e8 raccolto nella tabella <a href=\"#behandlungstabelle\">Causa, trattamento e tempi<\/a>.<\/p>\n\n\n<div class=\"wp-block-image\">\n<figure class=\"aligncenter size-large is-resized\" style=\"max-width:720px;margin-left:auto;margin-right:auto\"><img decoding=\"async\" src=\"https:\/\/elithair.com\/it\/wp-content\/uploads\/sites\/6\/2026\/08\/nacken_haaransatz.png\" alt=\"Primo piano dell'attaccatura bassa dei capelli sul collo alla luce del giorno\" class=\"wp-image-107874\" style=\"width:720px;max-width:100%;height:auto\"\/><\/figure>\n<\/div>\n\n\n<h3 class=\"wp-block-heading\">Caduta ereditaria sul collo? Perch\u00e9 \u00e8 improbabile<\/h3>\n\n\n\n<p class=\"wp-block-paragraph\">La caduta ereditaria sul collo \u00e8 atipica, perch\u00e9 la zona occipitale \u00e8 resistente al diidrotestosterone e per questo nel trapianto di capelli \u00e8 considerata \u00abarea sicura\u00bb.<sup>[4]<\/sup> Se comunque l\u00ec si dirada, le spiegazioni possibili sono tre: un&#8217;alopecia areata di tipo ofiasico, una causa meccanica da trazione o sfregamento, oppure una caduta diffusa che interessa tutta la testa e che sul collo viene semplicemente notata per prima.<\/p>\n\n\n\n<p class=\"wp-block-paragraph\">In pratica significa: una chiazza senza capelli sotto il vortice non \u00e8 un argomento per dire \u00absto diventando calvo\u00bb, ma un motivo per un chiarimento dermatologico. Cambia anche la terapia, perch\u00e9 minoxidil e finasteride affrontano la caduta androgenetica e non queste forme.<\/p>\n\n\n\n<h3 class=\"wp-block-heading\">Sintomi della caduta dei capelli sulla nuca<\/h3>\n\n\n\n<p class=\"wp-block-paragraph\">Sono considerati fisiologici 50-100 capelli persi al giorno; molte guide divulgative indicano spesso l&#8217;intervallo 70-100 (American Academy of Dermatology, NHS).<sup>[10][1]<\/sup> Una soglia netta non esiste. Diventa un segnale quando, per diverse settimane, i capelli persi sono stabilmente e nettamente di pi\u00f9. <strong>La caduta dei capelli sulla nuca<\/strong> si manifesta all&#8217;inizio quasi sempre in modo graduale: i capelli appaiono complessivamente pi\u00f9 sottili, il cuoio capelluto traspare sempre di pi\u00f9 ed \u00e8 pi\u00f9 difficile da mascherare.<\/p>\n\n\n\n<p class=\"wp-block-paragraph\">Il vero segno precoce per\u00f2 non \u00e8 il conteggio, bens\u00ec la <strong>miniaturizzazione<\/strong>: capelli corti e sottili tra quelli robusti, tecnicamente anisotrichosi. A partire da una variabilit\u00e0 del diametro del 20% nell&#8217;uomo e del 10% nella donna \u00e8 considerata un criterio diagnostico dell&#8217;alopecia androgenetica.<sup>[5]<\/sup> Proprio questi capelli sono difficilissimi da pettinare e si scompongono in modo irregolare.<\/p>\n\n\n<div class=\"wp-block-image\">\n<figure class=\"aligncenter size-large is-resized\" style=\"max-width:560px;margin-left:auto;margin-right:auto\"><img decoding=\"async\" src=\"https:\/\/elithair.com\/it\/wp-content\/uploads\/sites\/6\/2026\/08\/miniaturisierung_follikel.png\" alt=\"Sezione trasversale del cuoio capelluto con quattro follicoli, da robusto a fortemente miniaturizzato\" class=\"wp-image-107875\" style=\"width:560px;max-width:100%;height:auto\"\/><\/figure>\n<\/div>\n\n\n<p class=\"wp-block-paragraph\">Se la causa non viene trattata, la piccola zona diradata sulla nuca pu\u00f2 ingrandirsi progressivamente. In fase avanzata si forma un&#8217;area calva ben visibile, mentre spesso rimane solo una corona di capelli nella zona del collo e sopra le orecchie.<\/p>\n\n\n\n<p class=\"wp-block-paragraph\">Questo andamento \u00e8 tipico della caduta ereditaria e pu\u00f2 estendersi in seguito anche a tutta la sommit\u00e0 del capo. Un chiarimento precoce \u00e8 quindi importante per riconoscere per tempo la perdita e trattarla in modo mirato.<\/p>\n\n\n\n<figure class=\"wp-block-image size-full\"><img decoding=\"async\" src=\"https:\/\/elithair.com\/it\/wp-content\/uploads\/sites\/6\/2026\/08\/bestand_95874.png\" alt=\"Giovane paziente dal Dr. Balwi nella clinica capillare Elithair\" class=\"wp-image-107884\"\/><\/figure>\n\n\n\n<h2 class=\"wp-block-heading\">A che punto siamo? Gli stadi Norwood sulla nuca<\/h2>\n\n\n\n<p class=\"wp-block-paragraph\">La caduta dei capelli sulla nuca viene classificata con la <strong>scala di Hamilton-Norwood<\/strong> : il tipo vertex inizia con un&#8217;area aperta sul vortice e cresce finch\u00e9 il vertice e l&#8217;attaccatura che arretra si uniscono in una calvizie. La scala comprende gli stadi da 1 a 7 ed \u00e8 riproducibile, quindi utilizzabile anche per il controllo dell&#8217;andamento.<sup>[2]<\/sup> Quanto spesso sia interessato il vertice dipende molto dall&#8217;et\u00e0: in una coorte australiana il 31% degli uomini tra 40 e 55 anni e il 53% di quelli tra 65 e 69 anni presentava un tipo vertex o una calvizie completa.<sup>[2]<\/sup><\/p>\n\n\n\n<p class=\"wp-block-paragraph\">Per te lo stadio conta per un motivo pratico: decide se una terapia conservativa pu\u00f2 ancora preservare in modo sensato i capelli esistenti e se un trapianto darebbe un risultato stabile. La scala completa con tutti gli stadi e le immagini si trova nel nostro articolo sulla <a href=\"\/it\/trapianto-capelli-blog\/classificazione-della-calvizie\/\">scala Norwood-Hamilton<\/a>.<\/p>\n\n\n<div class=\"wp-block-image\">\n<figure class=\"aligncenter size-large is-resized\" style=\"max-width:560px;margin-left:auto;margin-right:auto\"><img decoding=\"async\" src=\"https:\/\/elithair.com\/it\/wp-content\/uploads\/sites\/6\/2026\/08\/norwood_vertex_verlauf.png\" alt=\"Quattro nuche schematiche mostrano l'aumento dell'area diradata sul vortice fino alla corona di capelli residua\" class=\"wp-image-107876\" style=\"width:560px;max-width:100%;height:auto\"\/><\/figure>\n<\/div>\n\n\n<style>\n@media (max-width:640px){\n.rt-table-wrap{overflow-x:visible!important;border:0!important;border-radius:0!important}\n.rt-table{min-width:0!important}\n.rt-table thead{display:none}\n.rt-table,.rt-table tbody,.rt-table tr,.rt-table td{display:block;width:100%}\n.rt-table caption{display:block;padding:0 0 12px!important}\n.rt-table tr{margin:0 0 12px;border:1px solid #dbe4f0;border-radius:10px;overflow:hidden}\n.rt-table tr:last-child{margin-bottom:0}\n.rt-table td{display:flex!important;flex-direction:column;gap:3px;padding:12px 14px!important;\nborder:0!important;border-bottom:1px solid #e3e8ef!important;background:#ffffff!important}\n.rt-table tr td:last-child{border-bottom:0!important}\n.rt-table td::before{content:attr(data-label);font-size:12px;font-weight:700;letter-spacing:.04em;\ntext-transform:uppercase;color:#5799F1}\n.rt-table td:not([data-label])::before,.rt-table td[data-label=\"\"]::before{display:none}\n}\n<\/style>\n<div class=\"rt-table-wrap\" style=\"overflow-x:auto;-webkit-overflow-scrolling:touch;margin:28px 0;border:1px solid #dbe4f0;border-radius:12px\">\n  <table class=\"rt-table\" style=\"width:100%;min-width:660px;table-layout:fixed;border-collapse:separate;border-spacing:0;font-size:15px;margin:0\">\n    <caption style=\"caption-side:top;text-align:left;color:#003366;font-weight:700;font-size:16px;line-height:1.35;padding:14px 16px 10px;background:#ffffff\">Gli stadi Norwood visti dalla nuca<\/caption>\n    <thead>\n      <tr>\n        <th style=\"width:22%;background:#003366;color:#ffffff;font-weight:700;text-align:left;vertical-align:middle;padding:13px 16px;font-size:15px;line-height:1.4;border:0;overflow-wrap:break-word\">Stadio<\/th>\n        <th style=\"background:#003366;color:#ffffff;font-weight:700;text-align:left;vertical-align:middle;padding:13px 16px;font-size:15px;line-height:1.4;border:0;overflow-wrap:break-word\">Che cosa si vede sulla nuca<\/th>\n        <th style=\"background:#003366;color:#ffffff;font-weight:700;text-align:left;vertical-align:middle;padding:13px 16px;font-size:15px;line-height:1.4;border:0;overflow-wrap:break-word\">Che cosa \u00e8 sensato dal punto di vista medico<\/th>\n        <th style=\"background:#003366;color:#ffffff;font-weight:700;text-align:left;vertical-align:middle;padding:13px 16px;font-size:15px;line-height:1.4;border:0;overflow-wrap:break-word\">Che cosa significa per un trapianto<\/th>\n      <\/tr>\n    <\/thead>\n    <tbody>\n      <tr>\n        <td data-label=\"Stadio\" style=\"background:#ffffff;color:#003366;font-weight:700;text-align:left;vertical-align:top;padding:13px 16px;font-size:15px;line-height:1.55;border:0;border-bottom:1px solid #e3e8ef;overflow-wrap:break-word\">Da Norwood II a III (tipo vertex)<\/td>\n        <td data-label=\"Che cosa si vede sulla nuca\" style=\"background:#ffffff;color:#22303e;font-weight:400;text-align:left;vertical-align:top;padding:13px 16px;font-size:15px;line-height:1.55;border:0;border-bottom:1px solid #e3e8ef;overflow-wrap:break-word\">Piccola area aperta sul vortice, il cuoio capelluto traspare con i capelli bagnati, capelli sottili in mezzo<\/td>\n        <td data-label=\"Che cosa \u00e8 sensato dal punto di vista medico\" style=\"background:#ffffff;color:#22303e;font-weight:400;text-align:left;vertical-align:top;padding:13px 16px;font-size:15px;line-height:1.55;border:0;border-bottom:1px solid #e3e8ef;overflow-wrap:break-word\">Confermare la diagnosi, documentare l&#8217;andamento, valutare una terapia conservativa<\/td>\n        <td data-label=\"Che cosa significa per un trapianto\" style=\"background:#ffffff;color:#22303e;font-weight:400;text-align:left;vertical-align:top;padding:13px 16px;font-size:15px;line-height:1.55;border:0;border-bottom:1px solid #e3e8ef;overflow-wrap:break-word\">Di solito troppo presto: prima stabilizzare e osservare l&#8217;andamento<\/td>\n      <\/tr>\n      <tr>\n        <td data-label=\"Stadio\" style=\"background:#f6f9fc;color:#003366;font-weight:700;text-align:left;vertical-align:top;padding:13px 16px;font-size:15px;line-height:1.55;border:0;border-bottom:1px solid #e3e8ef;overflow-wrap:break-word\">Norwood IV<\/td>\n        <td data-label=\"Che cosa si vede sulla nuca\" style=\"background:#f6f9fc;color:#22303e;font-weight:400;text-align:left;vertical-align:top;padding:13px 16px;font-size:15px;line-height:1.55;border:0;border-bottom:1px solid #e3e8ef;overflow-wrap:break-word\">Tonsura evidente al vertice, in mezzo ancora una fascia di capelli verso la zona frontale<\/td>\n        <td data-label=\"Che cosa \u00e8 sensato dal punto di vista medico\" style=\"background:#f6f9fc;color:#22303e;font-weight:400;text-align:left;vertical-align:top;padding:13px 16px;font-size:15px;line-height:1.55;border:0;border-bottom:1px solid #e3e8ef;overflow-wrap:break-word\">Stabilizzazione conservativa, valutazione medica della velocit\u00e0 di progressione<\/td>\n        <td data-label=\"Che cosa significa per un trapianto\" style=\"background:#f6f9fc;color:#22303e;font-weight:400;text-align:left;vertical-align:top;padding:13px 16px;font-size:15px;line-height:1.55;border:0;border-bottom:1px solid #e3e8ef;overflow-wrap:break-word\">Pianificabile se l&#8217;andamento \u00e8 stabile da almeno un anno o \u00e8 stabilizzato con i farmaci<\/td>\n      <\/tr>\n      <tr>\n        <td data-label=\"Stadio\" style=\"background:#ffffff;color:#003366;font-weight:700;text-align:left;vertical-align:top;padding:13px 16px;font-size:15px;line-height:1.55;border:0;border-bottom:1px solid #e3e8ef;overflow-wrap:break-word\">Norwood V<\/td>\n        <td data-label=\"Che cosa si vede sulla nuca\" style=\"background:#ffffff;color:#22303e;font-weight:400;text-align:left;vertical-align:top;padding:13px 16px;font-size:15px;line-height:1.55;border:0;border-bottom:1px solid #e3e8ef;overflow-wrap:break-word\">La fascia di capelli tra vertice e fronte si assottiglia, vertice e sommit\u00e0 del capo si avvicinano<\/td>\n        <td data-label=\"Che cosa \u00e8 sensato dal punto di vista medico\" style=\"background:#ffffff;color:#22303e;font-weight:400;text-align:left;vertical-align:top;padding:13px 16px;font-size:15px;line-height:1.55;border:0;border-bottom:1px solid #e3e8ef;overflow-wrap:break-word\">Stabilizzazione pi\u00f9 una pianificazione realistica delle priorit\u00e0<\/td>\n        <td data-label=\"Che cosa significa per un trapianto\" style=\"background:#ffffff;color:#22303e;font-weight:400;text-align:left;vertical-align:top;padding:13px 16px;font-size:15px;line-height:1.55;border:0;border-bottom:1px solid #e3e8ef;overflow-wrap:break-word\">Possibile; la zona donatrice diventa ora il fattore limitante<\/td>\n      <\/tr>\n      <tr>\n        <td data-label=\"Stadio\" style=\"background:#f6f9fc;color:#003366;font-weight:700;text-align:left;vertical-align:top;padding:13px 16px;font-size:15px;line-height:1.55;border:0;overflow-wrap:break-word\">Norwood VI e VII<\/td>\n        <td data-label=\"Che cosa si vede sulla nuca\" style=\"background:#f6f9fc;color:#22303e;font-weight:400;text-align:left;vertical-align:top;padding:13px 16px;font-size:15px;line-height:1.55;border:0;overflow-wrap:break-word\">Vertice e zona frontale sono uniti, resta la corona di capelli<\/td>\n        <td data-label=\"Che cosa \u00e8 sensato dal punto di vista medico\" style=\"background:#f6f9fc;color:#22303e;font-weight:400;text-align:left;vertical-align:top;padding:13px 16px;font-size:15px;line-height:1.55;border:0;overflow-wrap:break-word\">Valutazione medica della densit\u00e0 donatrice, chiarimento delle aspettative sull&#8217;estensione<\/td>\n        <td data-label=\"Che cosa significa per un trapianto\" style=\"background:#f6f9fc;color:#22303e;font-weight:400;text-align:left;vertical-align:top;padding:13px 16px;font-size:15px;line-height:1.55;border:0;overflow-wrap:break-word\">Decidono l&#8217;estensione e la riserva donatrice; una densit\u00e0 piena e uniforme non \u00e8 raggiungibile<\/td>\n      <\/tr>\n    <\/tbody>\n  <\/table>\n<\/div>\n\n\n\n<h2 class=\"wp-block-heading\">Caduta dei capelli sulla nuca nelle donne<\/h2>\n\n\n\n<p class=\"wp-block-paragraph\">Nelle donne la nuca non \u00e8 quasi mai interessata dalla caduta ereditaria: il modello femminile secondo Ludwig I-III dirada la riga centrale e la sommit\u00e0 del capo, mentre l&#8217;attaccatura frontale e la nuca restano conservate. Nella revisione \u00abFemale Pattern Hair Loss\u00bb proprio questa conservazione dell&#8217;attaccatura \u00e8 la caratteristica chiave, e la diagnostica confronta la densit\u00e0 della riga in zona centrale con quella occipitale, perch\u00e9 la regione occipitale resta stabile.<sup>[11]<\/sup> Secondo il documento di consenso spagnolo dell&#8217;AEDV ne \u00e8 interessato poco meno del 10% delle donne.<sup>[3]<\/sup><\/p>\n\n\n\n<p class=\"wp-block-paragraph\">Una chiazza calva circoscritta sulla nuca in una donna \u00e8 quindi un segnale diverso rispetto all&#8217;uomo. In ordine di probabilit\u00e0: alopecia areata, trazione da coda, chignon o extension, frizione nei punti di appoggio, un telogen effluvium diffuso dopo il parto, dopo la sospensione della pillola, in caso di carenza di ferro o di disturbo tiroideo, e forme infiammatorie cicatriziali. Di pi\u00f9 sulla forma femminile nell&#8217;articolo sulla caduta dei capelli nelle donne e su quello sulla <a href=\"\/it\/trapianto-capelli-blog\/caduta-capelli-diffusa\/\">caduta dei capelli diffusa<\/a>.<\/p>\n\n\n\n<p class=\"wp-block-paragraph\">Non dovresti aspettare se la chiazza \u00e8 rotonda e ben delimitata, se il cuoio capelluto si arrossa, si desquama, prude o fa male, se appare liscio e lucido senza osti follicolari visibili, se la caduta inizia improvvisamente nell&#8217;arco di poche settimane oppure se compaiono anche irregolarit\u00e0 del ciclo, acne, aumento della peluria corporea o stanchezza. Nelle donne un trapianto di capelli \u00e8 indicato solo con una causa stabile e ben delimitata e una zona donatrice sufficiente; in caso di caduta diffusa non \u00e8 indicato.<\/p>\n\n\n<div class=\"wp-block-image\">\n<figure class=\"aligncenter size-large is-resized\" style=\"max-width:560px;margin-left:auto;margin-right:auto\"><img decoding=\"async\" src=\"https:\/\/elithair.com\/it\/wp-content\/uploads\/sites\/6\/2026\/08\/frauen_muster_hinterkopf.png\" alt=\"Tre teste femminili schematiche: riga centrale allargata, chiazza rotonda sulla nuca e diradamento lungo la linea di trazione\" class=\"wp-image-107877\" style=\"width:560px;max-width:100%;height:auto\"\/><\/figure>\n<\/div>\n\n\n<style>\n@media (max-width:640px){\n.rt-table-wrap{overflow-x:visible!important;border:0!important;border-radius:0!important}\n.rt-table{min-width:0!important}\n.rt-table thead{display:none}\n.rt-table,.rt-table tbody,.rt-table tr,.rt-table td{display:block;width:100%}\n.rt-table caption{display:block;padding:0 0 12px!important}\n.rt-table tr{margin:0 0 12px;border:1px solid #dbe4f0;border-radius:10px;overflow:hidden}\n.rt-table tr:last-child{margin-bottom:0}\n.rt-table td{display:flex!important;flex-direction:column;gap:3px;padding:12px 14px!important;\nborder:0!important;border-bottom:1px solid #e3e8ef!important;background:#ffffff!important}\n.rt-table tr td:last-child{border-bottom:0!important}\n.rt-table td::before{content:attr(data-label);font-size:12px;font-weight:700;letter-spacing:.04em;\ntext-transform:uppercase;color:#5799F1}\n.rt-table td:not([data-label])::before,.rt-table td[data-label=\"\"]::before{display:none}\n}\n<\/style>\n<div class=\"rt-table-wrap\" style=\"overflow-x:auto;-webkit-overflow-scrolling:touch;margin:28px 0;border:1px solid #dbe4f0;border-radius:12px\">\n  <table class=\"rt-table\" style=\"width:100%;min-width:660px;table-layout:fixed;border-collapse:separate;border-spacing:0;font-size:15px;margin:0\">\n    <caption style=\"caption-side:top;text-align:left;color:#003366;font-weight:700;font-size:16px;line-height:1.35;padding:14px 16px 10px;background:#ffffff\">Caduta dei capelli sulla nuca nelle donne: come inquadrare il modello<\/caption>\n    <thead>\n      <tr>\n        <th style=\"width:22%;background:#003366;color:#ffffff;font-weight:700;text-align:left;vertical-align:middle;padding:13px 16px;font-size:15px;line-height:1.4;border:0;overflow-wrap:break-word\">Modello<\/th>\n        <th style=\"background:#003366;color:#ffffff;font-weight:700;text-align:left;vertical-align:middle;padding:13px 16px;font-size:15px;line-height:1.4;border:0;overflow-wrap:break-word\">Localizzazione tipica<\/th>\n        <th style=\"background:#003366;color:#ffffff;font-weight:700;text-align:left;vertical-align:middle;padding:13px 16px;font-size:15px;line-height:1.4;border:0;overflow-wrap:break-word\">Che cosa pu\u00f2 esserci dietro<\/th>\n        <th style=\"background:#003366;color:#ffffff;font-weight:700;text-align:left;vertical-align:middle;padding:13px 16px;font-size:15px;line-height:1.4;border:0;overflow-wrap:break-word\">Urgenza<\/th>\n      <\/tr>\n    <\/thead>\n    <tbody>\n      <tr>\n        <td data-label=\"Modello\" style=\"background:#ffffff;color:#003366;font-weight:700;text-align:left;vertical-align:top;padding:13px 16px;font-size:15px;line-height:1.55;border:0;border-bottom:1px solid #e3e8ef;overflow-wrap:break-word\">La riga centrale si allarga<\/td>\n        <td data-label=\"Localizzazione tipica\" style=\"background:#ffffff;color:#22303e;font-weight:400;text-align:left;vertical-align:top;padding:13px 16px;font-size:15px;line-height:1.55;border:0;border-bottom:1px solid #e3e8ef;overflow-wrap:break-word\">Sommit\u00e0 del capo e riga, nuca e attaccatura conservate<\/td>\n        <td data-label=\"Che cosa pu\u00f2 esserci dietro\" style=\"background:#ffffff;color:#22303e;font-weight:400;text-align:left;vertical-align:top;padding:13px 16px;font-size:15px;line-height:1.55;border:0;border-bottom:1px solid #e3e8ef;overflow-wrap:break-word\">Alopecia androgenetica femminile (Ludwig I-III)<\/td>\n        <td data-label=\"Urgenza\" style=\"background:#ffffff;color:#22303e;font-weight:400;text-align:left;vertical-align:top;padding:13px 16px;font-size:15px;line-height:1.55;border:0;border-bottom:1px solid #e3e8ef;overflow-wrap:break-word\">Chiarimento pianificabile, documentare l&#8217;andamento nei mesi<\/td>\n      <\/tr>\n      <tr>\n        <td data-label=\"Modello\" style=\"background:#f6f9fc;color:#003366;font-weight:700;text-align:left;vertical-align:top;padding:13px 16px;font-size:15px;line-height:1.55;border:0;border-bottom:1px solid #e3e8ef;overflow-wrap:break-word\">Chiazza rotonda e ben delimitata<\/td>\n        <td data-label=\"Localizzazione tipica\" style=\"background:#f6f9fc;color:#22303e;font-weight:400;text-align:left;vertical-align:top;padding:13px 16px;font-size:15px;line-height:1.55;border:0;border-bottom:1px solid #e3e8ef;overflow-wrap:break-word\">In qualsiasi punto della nuca, anche a fascia sul collo<\/td>\n        <td data-label=\"Che cosa pu\u00f2 esserci dietro\" style=\"background:#f6f9fc;color:#22303e;font-weight:400;text-align:left;vertical-align:top;padding:13px 16px;font-size:15px;line-height:1.55;border:0;border-bottom:1px solid #e3e8ef;overflow-wrap:break-word\">Alopecia areata, sul collo il tipo ofiasico<\/td>\n        <td data-label=\"Urgenza\" style=\"background:#f6f9fc;color:#22303e;font-weight:400;text-align:left;vertical-align:top;padding:13px 16px;font-size:15px;line-height:1.55;border:0;border-bottom:1px solid #e3e8ef;overflow-wrap:break-word\">Chiarimento dermatologico a breve<\/td>\n      <\/tr>\n      <tr>\n        <td data-label=\"Modello\" style=\"background:#ffffff;color:#003366;font-weight:700;text-align:left;vertical-align:top;padding:13px 16px;font-size:15px;line-height:1.55;border:0;border-bottom:1px solid #e3e8ef;overflow-wrap:break-word\">Diradamento lungo la linea di trazione<\/td>\n        <td data-label=\"Localizzazione tipica\" style=\"background:#ffffff;color:#22303e;font-weight:400;text-align:left;vertical-align:top;padding:13px 16px;font-size:15px;line-height:1.55;border:0;border-bottom:1px solid #e3e8ef;overflow-wrap:break-word\">All&#8217;attaccatura della coda, dello chignon o delle extension, spesso simmetrico<\/td>\n        <td data-label=\"Che cosa pu\u00f2 esserci dietro\" style=\"background:#ffffff;color:#22303e;font-weight:400;text-align:left;vertical-align:top;padding:13px 16px;font-size:15px;line-height:1.55;border:0;border-bottom:1px solid #e3e8ef;overflow-wrap:break-word\">Alopecia da trazione, all&#8217;inizio reversibile, con il tempo cicatriziale<\/td>\n        <td data-label=\"Urgenza\" style=\"background:#ffffff;color:#22303e;font-weight:400;text-align:left;vertical-align:top;padding:13px 16px;font-size:15px;line-height:1.55;border:0;border-bottom:1px solid #e3e8ef;overflow-wrap:break-word\">Interrompere subito la trazione, farsi controllare dal medico<\/td>\n      <\/tr>\n      <tr>\n        <td data-label=\"Modello\" style=\"background:#f6f9fc;color:#003366;font-weight:700;text-align:left;vertical-align:top;padding:13px 16px;font-size:15px;line-height:1.55;border:0;border-bottom:1px solid #e3e8ef;overflow-wrap:break-word\">Meno capelli ovunque in modo uniforme<\/td>\n        <td data-label=\"Localizzazione tipica\" style=\"background:#f6f9fc;color:#22303e;font-weight:400;text-align:left;vertical-align:top;padding:13px 16px;font-size:15px;line-height:1.55;border:0;border-bottom:1px solid #e3e8ef;overflow-wrap:break-word\">Tutta la testa, evidente prima sul vortice e sulla riga<\/td>\n        <td data-label=\"Che cosa pu\u00f2 esserci dietro\" style=\"background:#f6f9fc;color:#22303e;font-weight:400;text-align:left;vertical-align:top;padding:13px 16px;font-size:15px;line-height:1.55;border:0;border-bottom:1px solid #e3e8ef;overflow-wrap:break-word\">Telogen effluvium dopo parto, dieta o infezione, in caso di carenza di ferro o di disturbo tiroideo<\/td>\n        <td data-label=\"Urgenza\" style=\"background:#f6f9fc;color:#22303e;font-weight:400;text-align:left;vertical-align:top;padding:13px 16px;font-size:15px;line-height:1.55;border:0;border-bottom:1px solid #e3e8ef;overflow-wrap:break-word\">Controllare i valori del sangue, osservare l&#8217;andamento per 3-6 mesi<\/td>\n      <\/tr>\n      <tr>\n        <td data-label=\"Modello\" style=\"background:#ffffff;color:#003366;font-weight:700;text-align:left;vertical-align:top;padding:13px 16px;font-size:15px;line-height:1.55;border:0;overflow-wrap:break-word\">Rossore, desquamazione, pustole o pelle liscia e lucida<\/td>\n        <td data-label=\"Localizzazione tipica\" style=\"background:#ffffff;color:#22303e;font-weight:400;text-align:left;vertical-align:top;padding:13px 16px;font-size:15px;line-height:1.55;border:0;overflow-wrap:break-word\">Qualsiasi zona, spesso al centro della sommit\u00e0 o sul collo<\/td>\n        <td data-label=\"Che cosa pu\u00f2 esserci dietro\" style=\"background:#ffffff;color:#22303e;font-weight:400;text-align:left;vertical-align:top;padding:13px 16px;font-size:15px;line-height:1.55;border:0;overflow-wrap:break-word\">Alopecia infiammatoria o cicatriziale<\/td>\n        <td data-label=\"Urgenza\" style=\"background:#ffffff;color:#22303e;font-weight:400;text-align:left;vertical-align:top;padding:13px 16px;font-size:15px;line-height:1.55;border:0;overflow-wrap:break-word\">Non aspettare, per i follicoli il tempo \u00e8 critico<\/td>\n      <\/tr>\n    <\/tbody>\n  <\/table>\n<\/div>\n\n\n\n<h2 class=\"wp-block-heading\" id=\"auswirkungen\">Quali conseguenze pu\u00f2 avere la calvizie sulla nuca per chi ne \u00e8 interessato?<\/h2>\n\n\n\n<p class=\"wp-block-paragraph\"><strong>La caduta dei capelli sulla nuca pesa in modo misurabile su molte persone, ma secondo i dati disponibili non \u00e8 un fattore scatenante di depressione clinica.<\/strong> La nuca ha per\u00f2 una particolarit\u00e0: tu non la vedi mai, gli altri invece la vedono di continuo. \u00c8 proprio da qui che nasce la sensazione di aver ceduto il controllo sul proprio aspetto.<\/p>\n\n\n\n<p class=\"wp-block-paragraph\">Quello che molti percepiscono nella vita di tutti i giorni si pu\u00f2 mostrare anche in cifre. Una metanalisi pubblicata su JAMA Dermatology su 41 studi con 7.995 pazienti ha rilevato nell&#8217;alopecia androgenetica una limitazione significativa della qualit\u00e0 di vita e una dimensione emotiva moderatamente compromessa (DLQI 8,16; Hair-Specific Skindex-29: 29,22 punti).<sup>[12]<\/sup> La stessa analisi non ha invece trovato un&#8217;associazione significativa con la depressione clinica.<\/p>\n\n\n\n<p class=\"wp-block-paragraph\">\u00c8 questo il messaggio pi\u00f9 importante dietro ai valori: il peso \u00e8 reale e non va minimizzato, ma non \u00e8 una diagnosi. Soprattutto gli uomini pi\u00f9 giovani vivono il cambiamento come una rottura, si sentono pi\u00f9 vecchi di quanto siano o evitano foto e situazioni di gruppo. Nei pochi studi disponibili le donne hanno riferito un&#8217;autostima pi\u00f9 bassa rispetto agli uomini.<sup>[12]<\/sup><\/p>\n\n\n\n<p class=\"wp-block-paragraph\">Quanto pesi la situazione \u00e8 molto soggettivo. Una cosa per\u00f2 \u00e8 chiara: per molti la caduta dei capelli \u00e8 pi\u00f9 di una questione estetica. Affrontare per tempo le cause e le possibili opzioni di trattamento aiuta a inquadrare la situazione e a ritrovare sicurezza nel rapporto con il proprio aspetto.<\/p>\n\n\n\n<h2 class=\"wp-block-heading\" id=\"diagnose\">Diagnosi e possibilit\u00e0 di trattamento<\/h2>\n\n\n\n<p class=\"wp-block-paragraph\"><strong>La diagnosi della caduta dei capelli sulla nuca passa da tricoscopia, pull test, esami del sangue e, in casi eccezionali, biopsia; il trattamento dipende poi dalla causa individuata.<\/strong> Una terapia mirata \u00e8 possibile solo quando questa causa \u00e8 nota. Cos\u00ec si riconoscono i fattori reversibili e una perdita in progressione pu\u00f2, in certi casi, essere rallentata.<\/p>\n\n\n\n<p class=\"wp-block-paragraph\">Un&#8217;eccezione \u00e8 la caduta ereditaria. In questa forma la perdita non si pu\u00f2 fermare del tutto dal punto di vista medico, ma solo limitare o rallentare. Di conseguenza \u00e8 importante una valutazione realistica delle terapie possibili.<\/p>\n\n\n\n<p class=\"wp-block-paragraph\">Il dermatologo \u00e8 <a href=\"\/it\/trapianto-capelli-blog\/come-si-chiama-il-medico-che-cura-i-capelli\/\">il referente giusto per la diagnostica<\/a>. Con l&#8217;esame del cuoio capelluto e delle radici e, se necessario, con le analisi del sangue si possono individuare cause ormonali, metaboliche o di altro tipo. Su questa base si pu\u00f2 valutare quali opzioni di trattamento siano sensate nel singolo caso.<\/p>\n\n\n\n<h3 class=\"wp-block-heading\">Che cosa succede davvero dal medico<\/h3>\n\n\n\n<p class=\"wp-block-paragraph\">Il chiarimento della caduta dei capelli sulla nuca si compone di quattro passaggi, ciascuno dei quali risponde a una domanda specifica. La <strong>tricoscopia<\/strong>, cio\u00e8 la dermatoscopia del cuoio capelluto, ne \u00e8 il fulcro: mostra l&#8217;anisotrichosi della caduta androgenetica (soglia 20% nell&#8217;uomo, 10% nella donna), i peli a punto esclamativo dell&#8217;alopecia areata e la perdita degli osti follicolari come segno di un&#8217;alopecia cicatriziale.<sup>[5][6]<\/sup><\/p>\n\n\n\n<ul class=\"wp-block-list\">\n<li><strong>Tricoscopia:<\/strong> c&#8217;\u00e8 miniaturizzazione, gli osti follicolari sono conservati, ci sono segni di infiammazione? Questo distingue la forma androgenetica, l&#8217;areata e quella cicatriziale.<\/li>\n\n\n<li><strong>Pull test e tricogramma:<\/strong> quanto \u00e8 attiva la caduta in questo momento e in che fase del ciclo si trovano i capelli? Questo distingue una caduta diffusa acuta da una lenta caduta androgenetica.<\/li>\n\n\n<li><strong>Valori del sangue:<\/strong> ferritina, TSH, vitamina D e zinco, nelle donne anche l&#8217;assetto androgenico. Cos\u00ec si individuano le concause reversibili, che una <a href=\"\/it\/trapianto-capelli-blog\/cause-caduta-capelli\/\">panoramica delle cause della caduta dei capelli<\/a> descrive nel dettaglio.<\/li>\n\n\n<li><strong>Biopsia:<\/strong> solo in caso di sospetta alopecia cicatriziale, quando mancano gli osti follicolari o la pelle appare liscia e lucida.<\/li>\n\n<\/ul>\n\n\n<div class=\"wp-block-image\">\n<figure class=\"aligncenter size-large is-resized\" style=\"max-width:720px;margin-left:auto;margin-right:auto\"><img decoding=\"async\" src=\"https:\/\/elithair.com\/it\/wp-content\/uploads\/sites\/6\/2026\/08\/trichoskopie_untersuchung-1.png\" alt=\"Una dermatologa esamina con un dermatoscopio l'area del vortice di un paziente\" class=\"wp-image-107878\" style=\"width:720px;max-width:100%;height:auto\"\/><\/figure>\n<\/div>\n\n\n<div style=\"background:#f7f9fc;border-left:5px solid #0079F1;border-radius:10px;padding:20px 22px;margin:8px 0 28px\">\n<p style=\"margin:0 0 12px;color:#013366;font-weight:700;font-size:17px\">Non aspettare se\u2026<\/p>\n<ul style=\"margin:0;padding-left:20px;color:#2e3033;font-size:15px;line-height:1.8\">\n<li>la chiazza \u00e8 rotonda e ben delimitata, con pelle liscia<\/li>\n<li>il cuoio capelluto si arrossa, si desquama, trasuda, mostra pustole o fa male<\/li>\n<li>la pelle appare liscia e lucida senza osti follicolari visibili (segno di cicatrice)<\/li>\n<li>la caduta \u00e8 iniziata improvvisamente nell&#8217;arco di poche settimane<\/li>\n<li>le chiazze compaiono in un bambino<\/li>\n<li>sono presenti anche sintomi generali, per esempio stanchezza, variazioni di peso o irregolarit\u00e0 del ciclo<\/li>\n<\/ul>\n<p style=\"margin:12px 0 0;color:#2e3033;font-size:14.5px\">Il motivo della fretta: nelle forme infiammatorie e cicatriziali \u00e8 il tempo a decidere se il follicolo si conserva. In un decorso puramente androgenetico puoi pianificare con calma.<\/p>\n<\/div>\n\n\n\n<figure class=\"wp-block-image size-full\"><img decoding=\"async\" src=\"https:\/\/elithair.com\/it\/wp-content\/uploads\/sites\/6\/2026\/08\/bestand_95875.png\" alt=\"Linea di prodotti Elithair per la cura dei capelli contro la caduta\" class=\"wp-image-107885\"\/><\/figure>\n\n\n\n<h3 class=\"wp-block-heading\">Prevenzione della caduta dei capelli sulla nuca<\/h3>\n\n\n\n<p class=\"wp-block-paragraph\"><strong>La caduta dei capelli sulla nuca si pu\u00f2 prevenire solo l\u00e0 dove dietro c&#8217;\u00e8 una causa meccanica o reversibile; il decorso ereditario al vertice non lo impedisce nessuna routine di cura.<\/strong> Le misure preventive sono quindi sensate soprattutto in caso di quadro precoce o lieve e dopo un chiarimento medico. In alcuni casi aiuta gi\u00e0 un adattamento dello stile di vita, per esempio la riduzione dello stress o un&#8217;alimentazione equilibrata.<\/p>\n\n\n\n<p class=\"wp-block-paragraph\">Anche una cura delicata dei capelli e del cuoio capelluto ha un ruolo. Shampoo delicati, acqua tiepida e un uso moderato del calore per l&#8217;asciugatura e lo styling affaticano meno il cuoio capelluto. Anche pettinandosi andrebbe evitata una trazione inutile.<\/p>\n\n\n\n<p class=\"wp-block-paragraph\">Per una crescita sana il corpo ha bisogno di diverse vitamine, minerali e oligoelementi come zinco, biotina o magnesio. Un&#8217;alimentazione equilibrata contribuisce a nutrire le radici dei capelli. Se l&#8217;apporto con il cibo non basta, gli integratori possono avere una funzione di supporto, ma solo in modo mirato e dopo una consulenza professionale.<\/p>\n\n\n\n<p class=\"wp-block-paragraph\">Specificamente sulla nuca si aggiunge lo <strong>scarico meccanico<\/strong> come misura pratica: alternare le acconciature che tirano di continuo, ridurre lo sfregamento di casco e cuscino e, in caso di attrito notturno, preferire raso o seta al cotone. Per le forme meccaniche questo agisce sulla causa, perch\u00e9 l&#8217;alopecia da trazione \u00e8 del tutto reversibile nelle fasi iniziali.<sup>[8]<\/sup> Sulla caduta ereditaria bisogna per\u00f2 restare onesti: non ci sono prove che la cura dei capelli o lo stile di vita riescano a prevenirla.<\/p>\n\n\n\n<h3 class=\"wp-block-heading\">Opzione di trattamento topica<\/h3>\n\n\n\n<p class=\"wp-block-paragraph\"><strong>Il trattamento topico standard nella caduta dei capelli sulla nuca \u00e8 il minoxidil, la cui efficacia \u00e8 documentata al meglio proprio al vertice.<\/strong> Accanto a questo esistono altri approcci farmacologici che possono rallentare la perdita o stabilizzare il quadro esistente. Vengono usati spesso <a href=\"\/it\/trapianto-capelli-blog\/minoxidil-capelli\/\">minoxidil<\/a> o finasteride, che in determinate forme di caduta possono avere un effetto di infoltimento.<\/p>\n\n\n\n<p class=\"wp-block-paragraph\">Per il vortice i dati sono particolarmente solidi. Gli studi registrativi sul minoxidil topico hanno collocato la loro area di misurazione al <strong>vertice<\/strong> e l\u00ec hanno contato il numero di capelli non vellus: nello studio randomizzato di Olsen et al. (2002) il minoxidil al 5% ha portato dopo 48 settimane a una ricrescita superiore di circa il 45% rispetto al 2%.<sup>[13]<\/sup> I primi capelli terminali compaiono dopo circa quattro mesi, una valutazione affidabile richiede almeno 24 settimane e nelle prime 2-8 settimane \u00e8 possibile un aumento temporaneo della caduta.<sup>[13][14][2]<\/sup><\/p>\n\n\n\n<p class=\"wp-block-paragraph\"><strong>Un limite importante da tenere presente:<\/strong> questa efficacia vale per l&#8217;alopecia androgenetica. Non vale per l&#8217;alopecia areata, non per l&#8217;alopecia da trazione o da pressione e non per le forme infiammatorie o cicatriziali. Applicare il minoxidil su una chiazza di alopecia areata sul collo fa perdere tempo, e l\u00ec il tempo conta davvero.<\/p>\n\n\n<div class=\"wp-block-image\">\n<figure class=\"aligncenter size-large is-resized\" style=\"max-width:720px;margin-left:auto;margin-right:auto\"><img decoding=\"async\" src=\"https:\/\/elithair.com\/it\/wp-content\/uploads\/sites\/6\/2026\/08\/minoxidil_anwendung_wirbel.png\" alt=\"Un uomo applica una soluzione con una pipetta in modo mirato sull'area del vortice sulla nuca\" class=\"wp-image-107879\" style=\"width:720px;max-width:100%;height:auto\"\/><\/figure>\n<\/div>\n\n\n<p class=\"wp-block-paragraph\">\u00c8 inoltre importante un inquadramento realistico: queste terapie funzionano <strong>solo finch\u00e9 vengono usate<\/strong>. Se il trattamento viene interrotto, la perdita di capelli di regola riprende. Non rappresentano quindi una soluzione definitiva. Nelle donne in et\u00e0 fertile la finasteride non \u00e8 indicata.<sup>[3]<\/sup><\/p>\n\n\n\n<p class=\"wp-block-paragraph\">Le procedure aggiuntive, inquadrate con sobriet\u00e0: per il <strong>PRP<\/strong> una metanalisi di studi randomizzati del 2023 mostra una densit\u00e0 dei capelli significativamente maggiore a 3 e 6 mesi rispetto al placebo, ma nessuna differenza significativa per numero e diametro dei capelli.<sup>[15]<\/sup> In combinazione con il minoxidil la densit\u00e0 era migliore rispetto al solo minoxidil.<sup>[16]<\/sup> <strong>Il microneedling<\/strong> va inquadrato come procedura complementare con evidenza limitata, studiata al meglio in combinazione con terapia luminosa o con principi attivi.<sup>[14]<\/sup> La <strong>terapia laser a bassa intensit\u00e0<\/strong> \u00e8 indicata dalle societ\u00e0 scientifiche come opzione nella caduta androgenetica; la sua evidenza \u00e8 pi\u00f9 debole di quella di minoxidil e finasteride.<sup>[17]<\/sup><\/p>\n\n\n\n<p class=\"wp-block-paragraph\">Quale trattamento sia sensato dipende dalla causa e dallo stadio. Un chiarimento medico precoce \u00e8 quindi decisivo per scegliere una terapia adatta ed evitare trattamenti sbagliati. Applicazioni non mirate o improprie possono in certi casi persino peggiorare la perdita.<\/p>\n\n\n\n<h2 class=\"wp-block-heading\" id=\"behandlungstabelle\">Quale trattamento \u00e8 adatto a quale causa sulla nuca?<\/h2>\n\n\n\n<p class=\"wp-block-paragraph\">Il trattamento della caduta dei capelli sulla nuca dipende dalla causa e non dal punto interessato: le cause reversibili vengono eliminate, la caduta ereditaria viene frenata e i follicoli perduti si possono sostituire solo con un trapianto. La quarta colonna della tabella \u00e8 la parte che quasi tutti sottovalutano, perch\u00e9 ogni effetto segue il ciclo del capello e non il calendario di chi ne \u00e8 interessato.<\/p>\n\n\n\n<style>\n@media (max-width:640px){\n.rt-table-wrap{overflow-x:visible!important;border:0!important;border-radius:0!important}\n.rt-table{min-width:0!important}\n.rt-table thead{display:none}\n.rt-table,.rt-table tbody,.rt-table tr,.rt-table td{display:block;width:100%}\n.rt-table caption{display:block;padding:0 0 12px!important}\n.rt-table tr{margin:0 0 12px;border:1px solid #dbe4f0;border-radius:10px;overflow:hidden}\n.rt-table tr:last-child{margin-bottom:0}\n.rt-table td{display:flex!important;flex-direction:column;gap:3px;padding:12px 14px!important;\nborder:0!important;border-bottom:1px solid #e3e8ef!important;background:#ffffff!important}\n.rt-table tr td:last-child{border-bottom:0!important}\n.rt-table td::before{content:attr(data-label);font-size:12px;font-weight:700;letter-spacing:.04em;\ntext-transform:uppercase;color:#5799F1}\n.rt-table td:not([data-label])::before,.rt-table td[data-label=\"\"]::before{display:none}\n}\n<\/style>\n<div class=\"rt-table-wrap\" style=\"overflow-x:auto;-webkit-overflow-scrolling:touch;margin:28px 0;border:1px solid #dbe4f0;border-radius:12px\">\n  <table class=\"rt-table\" style=\"width:100%;min-width:700px;table-layout:fixed;border-collapse:separate;border-spacing:0;font-size:15px;margin:0\">\n    <caption style=\"caption-side:top;text-align:left;color:#003366;font-weight:700;font-size:16px;line-height:1.35;padding:14px 16px 10px;background:#ffffff\">Causa, trattamento e tempi realistici sulla nuca<\/caption>\n    <thead>\n      <tr>\n        <th style=\"width:20%;background:#003366;color:#ffffff;font-weight:700;text-align:left;vertical-align:middle;padding:13px 16px;font-size:15px;line-height:1.4;border:0;overflow-wrap:break-word\">Causa<\/th>\n        <th style=\"background:#003366;color:#ffffff;font-weight:700;text-align:left;vertical-align:middle;padding:13px 16px;font-size:15px;line-height:1.4;border:0;overflow-wrap:break-word\">Zona tipica sulla nuca<\/th>\n        <th style=\"background:#003366;color:#ffffff;font-weight:700;text-align:left;vertical-align:middle;padding:13px 16px;font-size:15px;line-height:1.4;border:0;overflow-wrap:break-word\">Che cosa affronta il trattamento<\/th>\n        <th style=\"background:#003366;color:#ffffff;font-weight:700;text-align:left;vertical-align:middle;padding:13px 16px;font-size:15px;line-height:1.4;border:0;overflow-wrap:break-word\">Quando puoi vedere un risultato<\/th>\n        <th style=\"background:#003366;color:#ffffff;font-weight:700;text-align:left;vertical-align:middle;padding:13px 16px;font-size:15px;line-height:1.4;border:0;overflow-wrap:break-word\">Aspettativa realistica<\/th>\n      <\/tr>\n    <\/thead>\n    <tbody>\n      <tr>\n        <td data-label=\"Causa\" style=\"background:#ffffff;color:#003366;font-weight:700;text-align:left;vertical-align:top;padding:13px 16px;font-size:15px;line-height:1.55;border:0;border-bottom:1px solid #e3e8ef;overflow-wrap:break-word\">Alopecia androgenetica (tipo vertex)<\/td>\n        <td data-label=\"Zona tipica sulla nuca\" style=\"background:#ffffff;color:#22303e;font-weight:400;text-align:left;vertical-align:top;padding:13px 16px;font-size:15px;line-height:1.55;border:0;border-bottom:1px solid #e3e8ef;overflow-wrap:break-word\">Vortice e parte alta della nuca<\/td>\n        <td data-label=\"Che cosa affronta il trattamento\" style=\"background:#ffffff;color:#22303e;font-weight:400;text-align:left;vertical-align:top;padding:13px 16px;font-size:15px;line-height:1.55;border:0;border-bottom:1px solid #e3e8ef;overflow-wrap:break-word\">Minoxidil topico, finasteride su valutazione medica, in aggiunta PRP; trapianto in caso di andamento stabile<\/td>\n        <td data-label=\"Quando puoi vedere un risultato\" style=\"background:#ffffff;color:#22303e;font-weight:400;text-align:left;vertical-align:top;padding:13px 16px;font-size:15px;line-height:1.55;border:0;border-bottom:1px solid #e3e8ef;overflow-wrap:break-word\">Primi capelli terminali dopo circa 4 mesi, valutazione dalla 24\u00aa settimana, effetto massimo intorno alla settimana 48<\/td>\n        <td data-label=\"Aspettativa realistica\" style=\"background:#ffffff;color:#22303e;font-weight:400;text-align:left;vertical-align:top;padding:13px 16px;font-size:15px;line-height:1.55;border:0;border-bottom:1px solid #e3e8ef;overflow-wrap:break-word\">Stabilizzazione e infoltimento, nessun ripristino della densit\u00e0 giovanile; effetto solo durante l&#8217;uso<\/td>\n      <\/tr>\n      <tr>\n        <td data-label=\"Causa\" style=\"background:#f6f9fc;color:#003366;font-weight:700;text-align:left;vertical-align:top;padding:13px 16px;font-size:15px;line-height:1.55;border:0;border-bottom:1px solid #e3e8ef;overflow-wrap:break-word\">Alopecia areata (anche di tipo ofiasico)<\/td>\n        <td data-label=\"Zona tipica sulla nuca\" style=\"background:#f6f9fc;color:#22303e;font-weight:400;text-align:left;vertical-align:top;padding:13px 16px;font-size:15px;line-height:1.55;border:0;border-bottom:1px solid #e3e8ef;overflow-wrap:break-word\">Chiazze circoscritte, a fascia sul collo<\/td>\n        <td data-label=\"Che cosa affronta il trattamento\" style=\"background:#f6f9fc;color:#22303e;font-weight:400;text-align:left;vertical-align:top;padding:13px 16px;font-size:15px;line-height:1.55;border:0;border-bottom:1px solid #e3e8ef;overflow-wrap:break-word\">Terapia dermatologica secondo le linee guida, mai autotrattamento<\/td>\n        <td data-label=\"Quando puoi vedere un risultato\" style=\"background:#f6f9fc;color:#22303e;font-weight:400;text-align:left;vertical-align:top;padding:13px 16px;font-size:15px;line-height:1.55;border:0;border-bottom:1px solid #e3e8ef;overflow-wrap:break-word\">Dopo il primo episodio circa il 50% guarisce spontaneamente entro un anno<\/td>\n        <td data-label=\"Aspettativa realistica\" style=\"background:#f6f9fc;color:#22303e;font-weight:400;text-align:left;vertical-align:top;padding:13px 16px;font-size:15px;line-height:1.55;border:0;border-bottom:1px solid #e3e8ef;overflow-wrap:break-word\">Decorso a episodi, recidive frequenti; il trapianto in chiazze attive \u00e8 controindicato<\/td>\n      <\/tr>\n      <tr>\n        <td data-label=\"Causa\" style=\"background:#ffffff;color:#003366;font-weight:700;text-align:left;vertical-align:top;padding:13px 16px;font-size:15px;line-height:1.55;border:0;border-bottom:1px solid #e3e8ef;overflow-wrap:break-word\">Alopecia da trazione<\/td>\n        <td data-label=\"Zona tipica sulla nuca\" style=\"background:#ffffff;color:#22303e;font-weight:400;text-align:left;vertical-align:top;padding:13px 16px;font-size:15px;line-height:1.55;border:0;border-bottom:1px solid #e3e8ef;overflow-wrap:break-word\">Linee di trazione, attaccatura di coda, chignon, extension<\/td>\n        <td data-label=\"Che cosa affronta il trattamento\" style=\"background:#ffffff;color:#22303e;font-weight:400;text-align:left;vertical-align:top;padding:13px 16px;font-size:15px;line-height:1.55;border:0;border-bottom:1px solid #e3e8ef;overflow-wrap:break-word\">Interrompere la trazione, cambiare acconciatura, controllo medico<\/td>\n        <td data-label=\"Quando puoi vedere un risultato\" style=\"background:#ffffff;color:#22303e;font-weight:400;text-align:left;vertical-align:top;padding:13px 16px;font-size:15px;line-height:1.55;border:0;border-bottom:1px solid #e3e8ef;overflow-wrap:break-word\">3-6 mesi dopo la fine della trazione, se non c&#8217;\u00e8 ancora cicatrizzazione<\/td>\n        <td data-label=\"Aspettativa realistica\" style=\"background:#ffffff;color:#22303e;font-weight:400;text-align:left;vertical-align:top;padding:13px 16px;font-size:15px;line-height:1.55;border:0;border-bottom:1px solid #e3e8ef;overflow-wrap:break-word\">Del tutto reversibile all&#8217;inizio; con anni di trazione diventa cicatriziale e quindi definitiva<\/td>\n      <\/tr>\n      <tr>\n        <td data-label=\"Causa\" style=\"background:#f6f9fc;color:#003366;font-weight:700;text-align:left;vertical-align:top;padding:13px 16px;font-size:15px;line-height:1.55;border:0;border-bottom:1px solid #e3e8ef;overflow-wrap:break-word\">Alopecia da frizione o da pressione<\/td>\n        <td data-label=\"Zona tipica sulla nuca\" style=\"background:#f6f9fc;color:#22303e;font-weight:400;text-align:left;vertical-align:top;padding:13px 16px;font-size:15px;line-height:1.55;border:0;border-bottom:1px solid #e3e8ef;overflow-wrap:break-word\">Punti di appoggio: cuscino, poggiatesta, casco, colletto<\/td>\n        <td data-label=\"Che cosa affronta il trattamento\" style=\"background:#f6f9fc;color:#22303e;font-weight:400;text-align:left;vertical-align:top;padding:13px 16px;font-size:15px;line-height:1.55;border:0;border-bottom:1px solid #e3e8ef;overflow-wrap:break-word\">Eliminare la causa, ridurre lo sfregamento<\/td>\n        <td data-label=\"Quando puoi vedere un risultato\" style=\"background:#f6f9fc;color:#22303e;font-weight:400;text-align:left;vertical-align:top;padding:13px 16px;font-size:15px;line-height:1.55;border:0;border-bottom:1px solid #e3e8ef;overflow-wrap:break-word\">3-6 mesi di osservazione dopo la fine della sollecitazione<\/td>\n        <td data-label=\"Aspettativa realistica\" style=\"background:#f6f9fc;color:#22303e;font-weight:400;text-align:left;vertical-align:top;padding:13px 16px;font-size:15px;line-height:1.55;border:0;border-bottom:1px solid #e3e8ef;overflow-wrap:break-word\">Di solito reversibile, finch\u00e9 non \u00e8 subentrata una cicatrizzazione<\/td>\n      <\/tr>\n      <tr>\n        <td data-label=\"Causa\" style=\"background:#ffffff;color:#003366;font-weight:700;text-align:left;vertical-align:top;padding:13px 16px;font-size:15px;line-height:1.55;border:0;border-bottom:1px solid #e3e8ef;overflow-wrap:break-word\">Alopecia infiammatoria o cicatriziale (tra cui acne keloidalis nuchae)<\/td>\n        <td data-label=\"Zona tipica sulla nuca\" style=\"background:#ffffff;color:#22303e;font-weight:400;text-align:left;vertical-align:top;padding:13px 16px;font-size:15px;line-height:1.55;border:0;border-bottom:1px solid #e3e8ef;overflow-wrap:break-word\">Attaccatura bassa e collo<\/td>\n        <td data-label=\"Che cosa affronta il trattamento\" style=\"background:#ffffff;color:#22303e;font-weight:400;text-align:left;vertical-align:top;padding:13px 16px;font-size:15px;line-height:1.55;border:0;border-bottom:1px solid #e3e8ef;overflow-wrap:break-word\">Terapia dermatologica tempestiva dell&#8217;infiammazione<\/td>\n        <td data-label=\"Quando puoi vedere un risultato\" style=\"background:#ffffff;color:#22303e;font-weight:400;text-align:left;vertical-align:top;padding:13px 16px;font-size:15px;line-height:1.55;border:0;border-bottom:1px solid #e3e8ef;overflow-wrap:break-word\">L&#8217;obiettivo \u00e8 fermare l&#8217;infiammazione, non la ricrescita; trattata presto ha una buona prognosi<\/td>\n        <td data-label=\"Aspettativa realistica\" style=\"background:#ffffff;color:#22303e;font-weight:400;text-align:left;vertical-align:top;padding:13px 16px;font-size:15px;line-height:1.55;border:0;border-bottom:1px solid #e3e8ef;overflow-wrap:break-word\">Le aree cicatrizzate non ricrescono; le forme attive sono una controindicazione al trapianto<\/td>\n      <\/tr>\n      <tr>\n        <td data-label=\"Causa\" style=\"background:#f6f9fc;color:#003366;font-weight:700;text-align:left;vertical-align:top;padding:13px 16px;font-size:15px;line-height:1.55;border:0;overflow-wrap:break-word\">Caduta diffusa (telogen effluvium, carenze, tiroide)<\/td>\n        <td data-label=\"Zona tipica sulla nuca\" style=\"background:#f6f9fc;color:#22303e;font-weight:400;text-align:left;vertical-align:top;padding:13px 16px;font-size:15px;line-height:1.55;border:0;overflow-wrap:break-word\">Tutta la testa, evidente prima sul vortice<\/td>\n        <td data-label=\"Che cosa affronta il trattamento\" style=\"background:#f6f9fc;color:#22303e;font-weight:400;text-align:left;vertical-align:top;padding:13px 16px;font-size:15px;line-height:1.55;border:0;overflow-wrap:break-word\">Trattare la causa: ferro, tiroide, farmaci, fattore scatenante<\/td>\n        <td data-label=\"Quando puoi vedere un risultato\" style=\"background:#f6f9fc;color:#22303e;font-weight:400;text-align:left;vertical-align:top;padding:13px 16px;font-size:15px;line-height:1.55;border:0;overflow-wrap:break-word\">Primi capelli nuovi dopo circa 3-6 mesi, densit\u00e0 valutabile dopo 9-12 mesi<\/td>\n        <td data-label=\"Aspettativa realistica\" style=\"background:#f6f9fc;color:#22303e;font-weight:400;text-align:left;vertical-align:top;padding:13px 16px;font-size:15px;line-height:1.55;border:0;overflow-wrap:break-word\">Di regola reversibile; qui il trapianto non \u00e8 indicato<\/td>\n      <\/tr>\n    <\/tbody>\n  <\/table>\n<\/div>\n\n\n\n<p class=\"wp-block-paragraph\">Il motivo di questi tempi lo spiega il ciclo del capello: la fase di crescita (anagen) dura 2-5 anni, la fase di riposo (telogen) circa 3 mesi e circa il 15% dei follicoli si trova normalmente in telogen. Un follicolo che oggi viene spinto in fase di riposo pu\u00f2 produrre di nuovo un capello visibile solo mesi dopo. La tabella seguente mostra il decorso tipico dopo che una causa reversibile \u00e8 stata eliminata.<\/p>\n\n\n\n<style>\n@media (max-width:640px){\n.rt-table-wrap{overflow-x:visible!important;border:0!important;border-radius:0!important}\n.rt-table{min-width:0!important}\n.rt-table thead{display:none}\n.rt-table,.rt-table tbody,.rt-table tr,.rt-table td{display:block;width:100%}\n.rt-table caption{display:block;padding:0 0 12px!important}\n.rt-table tr{margin:0 0 12px;border:1px solid #dbe4f0;border-radius:10px;overflow:hidden}\n.rt-table tr:last-child{margin-bottom:0}\n.rt-table td{display:flex!important;flex-direction:column;gap:3px;padding:12px 14px!important;\nborder:0!important;border-bottom:1px solid #e3e8ef!important;background:#ffffff!important}\n.rt-table tr td:last-child{border-bottom:0!important}\n.rt-table td::before{content:attr(data-label);font-size:12px;font-weight:700;letter-spacing:.04em;\ntext-transform:uppercase;color:#5799F1}\n.rt-table td:not([data-label])::before,.rt-table td[data-label=\"\"]::before{display:none}\n}\n<\/style>\n<div class=\"rt-table-wrap\" style=\"overflow-x:auto;-webkit-overflow-scrolling:touch;margin:28px 0;border:1px solid #dbe4f0;border-radius:12px\">\n  <table class=\"rt-table\" style=\"width:100%;min-width:620px;table-layout:fixed;border-collapse:separate;border-spacing:0;font-size:15px;margin:0\">\n    <caption style=\"caption-side:top;text-align:left;color:#003366;font-weight:700;font-size:16px;line-height:1.35;padding:14px 16px 10px;background:#ffffff\">Cronologia della ricrescita dopo l&#8217;eliminazione della causa<\/caption>\n    <thead>\n      <tr>\n        <th style=\"width:22%;background:#003366;color:#ffffff;font-weight:700;text-align:left;vertical-align:middle;padding:13px 16px;font-size:15px;line-height:1.4;border:0;overflow-wrap:break-word\">Periodo<\/th>\n        <th style=\"background:#003366;color:#ffffff;font-weight:700;text-align:left;vertical-align:middle;padding:13px 16px;font-size:15px;line-height:1.4;border:0;overflow-wrap:break-word\">Che cosa succede nel follicolo<\/th>\n        <th style=\"background:#003366;color:#ffffff;font-weight:700;text-align:left;vertical-align:middle;padding:13px 16px;font-size:15px;line-height:1.4;border:0;overflow-wrap:break-word\">Che cosa vedi<\/th>\n      <\/tr>\n    <\/thead>\n    <tbody>\n      <tr>\n        <td data-label=\"Periodo\" style=\"background:#ffffff;color:#003366;font-weight:700;text-align:left;vertical-align:top;padding:13px 16px;font-size:15px;line-height:1.55;border:0;border-bottom:1px solid #e3e8ef;overflow-wrap:break-word\">Mese 1-2<\/td>\n        <td data-label=\"Che cosa succede nel follicolo\" style=\"background:#ffffff;color:#22303e;font-weight:400;text-align:left;vertical-align:top;padding:13px 16px;font-size:15px;line-height:1.55;border:0;border-bottom:1px solid #e3e8ef;overflow-wrap:break-word\">Il fattore scatenante \u00e8 eliminato, il tasso di telogen si normalizza lentamente<\/td>\n        <td data-label=\"Che cosa vedi\" style=\"background:#ffffff;color:#22303e;font-weight:400;text-align:left;vertical-align:top;padding:13px 16px;font-size:15px;line-height:1.55;border:0;border-bottom:1px solid #e3e8ef;overflow-wrap:break-word\">La caduta aumentata si attenua, la spazzola si svuota<\/td>\n      <\/tr>\n      <tr>\n        <td data-label=\"Periodo\" style=\"background:#f6f9fc;color:#003366;font-weight:700;text-align:left;vertical-align:top;padding:13px 16px;font-size:15px;line-height:1.55;border:0;border-bottom:1px solid #e3e8ef;overflow-wrap:break-word\">Mese 3-4<\/td>\n        <td data-label=\"Che cosa succede nel follicolo\" style=\"background:#f6f9fc;color:#22303e;font-weight:400;text-align:left;vertical-align:top;padding:13px 16px;font-size:15px;line-height:1.55;border:0;border-bottom:1px solid #e3e8ef;overflow-wrap:break-word\">I follicoli in riposo rientrano nella fase di crescita (anagen)<\/td>\n        <td data-label=\"Che cosa vedi\" style=\"background:#f6f9fc;color:#22303e;font-weight:400;text-align:left;vertical-align:top;padding:13px 16px;font-size:15px;line-height:1.55;border:0;border-bottom:1px solid #e3e8ef;overflow-wrap:break-word\">Ancora nessun infoltimento, ma la caduta si \u00e8 calmata<\/td>\n      <\/tr>\n      <tr>\n        <td data-label=\"Periodo\" style=\"background:#ffffff;color:#003366;font-weight:700;text-align:left;vertical-align:top;padding:13px 16px;font-size:15px;line-height:1.55;border:0;border-bottom:1px solid #e3e8ef;overflow-wrap:break-word\">Mese 5-6<\/td>\n        <td data-label=\"Che cosa succede nel follicolo\" style=\"background:#ffffff;color:#22303e;font-weight:400;text-align:left;vertical-align:top;padding:13px 16px;font-size:15px;line-height:1.55;border:0;border-bottom:1px solid #e3e8ef;overflow-wrap:break-word\">Crescono nuovi capelli, all&#8217;inizio corti e sottili<\/td>\n        <td data-label=\"Che cosa vedi\" style=\"background:#ffffff;color:#22303e;font-weight:400;text-align:left;vertical-align:top;padding:13px 16px;font-size:15px;line-height:1.55;border:0;border-bottom:1px solid #e3e8ef;overflow-wrap:break-word\">Capelli nuovi e corti all&#8217;attaccatura, spesso visibili sulla riga come \u00abcapelli baby\u00bb<\/td>\n      <\/tr>\n      <tr>\n        <td data-label=\"Periodo\" style=\"background:#f6f9fc;color:#003366;font-weight:700;text-align:left;vertical-align:top;padding:13px 16px;font-size:15px;line-height:1.55;border:0;overflow-wrap:break-word\">Mese 9-12<\/td>\n        <td data-label=\"Che cosa succede nel follicolo\" style=\"background:#f6f9fc;color:#22303e;font-weight:400;text-align:left;vertical-align:top;padding:13px 16px;font-size:15px;line-height:1.55;border:0;overflow-wrap:break-word\">I nuovi capelli raggiungono lunghezza e calibro<\/td>\n        <td data-label=\"Che cosa vedi\" style=\"background:#f6f9fc;color:#22303e;font-weight:400;text-align:left;vertical-align:top;padding:13px 16px;font-size:15px;line-height:1.55;border:0;overflow-wrap:break-word\">La densit\u00e0 \u00e8 valutabile, ora vale la pena confrontare le foto<\/td>\n      <\/tr>\n    <\/tbody>\n  <\/table>\n<\/div>\n\n\n\n<p class=\"wp-block-paragraph\">Nella tabella manca un&#8217;opzione, perch\u00e9 dal punto di vista medico non cambia nulla e tuttavia aiuta molti ad attraversare quel periodo: <strong>mascherare<\/strong>. Sul vortice funziona soprattutto un taglio pi\u00f9 corto, perch\u00e9 riduce il contrasto tra capelli e cuoio capelluto, poi prodotti opachi al posto di quelli lucidi, niente gel che incolla le ciocche e, se serve, fibre di cheratina o una tricopigmentazione. \u00c8 un passaggio intermedio consapevole, finch\u00e9 la diagnosi \u00e8 ancora aperta o se decidi di non trattare. Resta importante una cosa sola: mascherare non sostituisce il chiarimento. Una causa infiammatoria o cicatriziale sotto non migliora, diventa solo invisibile.<\/p>\n\n\n<div class=\"wp-block-image\">\n<figure class=\"aligncenter size-large is-resized\" style=\"max-width:720px;margin-left:auto;margin-right:auto\"><img decoding=\"async\" src=\"https:\/\/elithair.com\/it\/wp-content\/uploads\/sites\/6\/2026\/08\/kurzer_schnitt_kaschieren.png\" alt=\"Uomo con taglio molto corto ripreso di tre quarti da dietro: il contrasto tra capelli e cuoio capelluto si nota appena\" class=\"wp-image-107880\" style=\"width:720px;max-width:100%;height:auto\"\/><\/figure>\n<\/div>\n\n\n<h3 class=\"wp-block-heading\">Protesi capillari e capelli sostitutivi in Norwood VI e VII<\/h3>\n\n\n\n<p class=\"wp-block-paragraph\"><strong>Un moderno sistema di capelli, cio\u00e8 una protesi in capelli veri adattata al cuoio capelluto, \u00e8 in Norwood VI e VII l&#8217;alternativa non chirurgica pi\u00f9 onesta<\/strong>, perch\u00e9 in questi stadi la corona di capelli come zona donatrice raramente basta per una densit\u00e0 piena e uniforme su tutta la superficie. Non modifica la caduta dei capelli, la copre, e lo fa subito invece che dopo mesi.<\/p>\n\n\n\n<p class=\"wp-block-paragraph\">Chi ci pensa dovrebbe conoscere tre punti. Il sistema viene incollato o intrecciato e richiede una manutenzione regolare, di solito ogni poche settimane. Nel passaggio verso i capelli propri \u00e8 la qualit\u00e0 artigianale dell&#8217;adattamento a decidere il risultato, non il prezzo del materiale. E il cuoio capelluto sotto deve essere sano: in caso di forme infiammatorie o cicatriziali sulla nuca va trattata prima la malattia, altrimenti il sistema si limita a coprire un quadro in cui il tempo conta.<\/p>\n\n\n\n<p class=\"wp-block-paragraph\">\u00c8 inoltre sensato come soluzione intermedia quando il decorso \u00e8 ancora attivo. Per molti una protesi capillare o anche una tricopigmentazione \u00e8 il modo per superare gli anni fino a un quadro stabile senza dover decidere sotto pressione se operarsi. Altri se la cavano altrettanto bene con un taglio costantemente corto. Entrambe sono decisioni legittime e non ripieghi.<\/p>\n\n\n\n<h3 class=\"wp-block-heading\">Dermatologo o clinica capillare: chi \u00e8 il referente giusto?<\/h3>\n\n\n\n<p class=\"wp-block-paragraph\"><strong>In caso di quadri infiammatori, di alopecia areata, di esordi improvvisi o di situazioni poco chiare sulla nuca la strada giusta \u00e8 prima di tutto lo studio dermatologico sul territorio; in un decorso androgenetico al vertice \u00e8 una clinica capillare a rispondere alla domanda su zona donatrice e fattibilit\u00e0.<\/strong> Le due strade non sono in concorrenza, rispondono a domande diverse.<\/p>\n\n\n\n<p class=\"wp-block-paragraph\">In pratica: rossore, desquamazione, pustole, dolore, pelle liscia e lucida senza osti follicolari, chiazze rotonde o un esordio nel giro di poche settimane vanno chiariti dal dermatologo, esami del sangue inclusi e, se necessario, con biopsia. Un&#8217;area diradata che cresce lentamente attorno al vortice senza segni di infiammazione \u00e8 invece il caso classico in cui valutare se e quando si possa pianificare qualcosa al vertice.<\/p>\n\n\n\n<p class=\"wp-block-paragraph\">\u00c8 esattamente qui che entra in gioco la nostra analisi capillare gratuita. \u00c8 una valutazione visiva del modello di caduta a partire dalle tue foto: inquadra la zona, stima lo stadio Norwood e la zona donatrice e soprattutto risponde alla domanda se in questo momento un trapianto sia davvero la terapia giusta. In una parte considerevole delle richieste non lo \u00e8, e in quel caso lo diciamo. Non sostituisce un esame del sangue n\u00e9 una diagnosi dermatologica.<\/p>\n\n\n\n<div class=\"wp-block-buttons is-content-justification-center is-layout-flex wp-container-core-buttons-is-layout-fe48e5de wp-block-buttons-is-layout-flex\" style=\"justify-content:center;margin-bottom:48px\"><div class=\"wp-block-button\"><a class=\"wp-block-button__link wp-element-button\" style=\"background-color:#0079F1;color:#ffffff;border-radius:8px;padding:15px 36px;font-weight:700;font-size:17px\" href=\"\/it\/analisi-capillare\/\">Avvia l&#8217;analisi capillare gratuita<\/a><\/div><\/div>\n\n\n\n<figure class=\"wp-block-image size-full\"><img decoding=\"async\" src=\"https:\/\/elithair.com\/it\/wp-content\/uploads\/sites\/6\/2026\/08\/bestand_95876.png\" alt=\"Il team medico di Elithair durante un trapianto di capelli\" class=\"wp-image-107886\"\/><\/figure>\n\n\n\n<h2 class=\"wp-block-heading\" id=\"eigenhaarverpflanzung\">Autotrapianto sulla nuca: quando \u00e8 la soluzione duratura<\/h2>\n\n\n\n<p class=\"wp-block-paragraph\">Un autotrapianto sulla nuca \u00e8 duraturamente efficace quando la caduta \u00e8 di origine androgenetica, l&#8217;andamento \u00e8 stabile e la zona donatrice \u00e8 sufficiente. In caso di <strong>caduta dei capelli sulla nuca<\/strong> dovuta a un&#8217;alopecia androgenetica i trattamenti non chirurgici arrivano spesso al loro limite. Le radici nell&#8217;area interessata sono allora fortemente miniaturizzate e, nello stadio finale, sostituite da tessuto connettivo: non producono pi\u00f9 capelli visibili.<sup>[18]<\/sup> In questo caso l&#8217;autotrapianto \u00e8 considerato l&#8217;unica opzione consolidata dal punto di vista medico per sostituire in modo duraturo i capelli perduti.<\/p>\n\n\n\n<p class=\"wp-block-paragraph\">Il vantaggio sta nel fatto che nelle aree laterali e posteriori della testa sono di regola ancora presenti follicoli geneticamente stabili. Questi non reagiscono in modo sensibile al diidrotestosterone (DHT) e si prestano quindi come capelli donatori. Quanto si possa prelevare da questa zona fa parte della pianificazione medica ed \u00e8 spiegato nell&#8217;articolo sulla zona donatrice del cuoio capelluto.<\/p>\n\n\n\n<p class=\"wp-block-paragraph\">Il prelievo avviene di solito con il <a href=\"\/it\/trapianto-di-capelli-fue\/\"><strong>metodo FUE<\/strong> (Follicular Unit Extraction)<\/a>, con cui le singole unit\u00e0 follicolari vengono prelevate in modo delicato e con cicatrici minime. Per l&#8217;inserimento mirato dei follicoli si utilizza la <a href=\"\/it\/trapianto-di-capelli-dhi\/\"><strong>tecnica DHI<\/strong> (Direct Hair Implantation)<\/a> , che da Elithair \u00e8 standard e inclusa nel prezzo. Permette un controllo preciso della direzione di crescita e della densit\u00e0, cosa che proprio sul vortice \u00e8 decisiva.<\/p>\n\n\n\n<p class=\"wp-block-paragraph\">Dopo una fase iniziale di riposo inizia la nuova crescita, che si sviluppa nell&#8217;arco di pi\u00f9 mesi. Il risultato \u00e8 di regola valutabile dopo 9-12 mesi e consiste in capelli propri che crescono in modo duraturo, con un aspetto naturale. Il disegno dell&#8217;area e della direzione di crescita lo fa il medico, che convalida ogni singolo passaggio.<\/p>\n\n\n<div class=\"wp-block-image\">\n<figure class=\"aligncenter size-large is-resized\" style=\"max-width:560px;margin-left:auto;margin-right:auto\"><img decoding=\"async\" src=\"https:\/\/elithair.com\/it\/wp-content\/uploads\/sites\/6\/2026\/08\/fue_dhi_vertex.png\" alt=\"Schema del prelievo dalla zona donatrice occipitale e dell'impianto con la direzione di crescita nell'area del vortice\" class=\"wp-image-107881\" style=\"width:560px;max-width:100%;height:auto\"\/><\/figure>\n<\/div>\n\n\n<div style=\"border:1px solid #e3e8ef;border-radius:10px;padding:20px 22px;margin:8px 0 28px\">\n<p style=\"margin:0 0 10px;color:#013366;font-weight:700;font-size:17px\">Quando un trapianto sul vortice \u00e8 sensato<\/p>\n<p style=\"margin:0 0 6px;color:#013366;font-weight:600;font-size:15px\">Depone a favore<\/p>\n<ul style=\"margin:0 0 14px;padding-left:20px;color:#2e3033;font-size:15px;line-height:1.75\">\n<li>La causa androgenetica \u00e8 confermata dal medico<\/li>\n<li>L&#8217;andamento \u00e8 stabile da almeno un anno o \u00e8 stabilizzato con i farmaci<\/li>\n<li>La zona donatrice sulla nuca \u00e8 densa e sufficientemente estesa<\/li>\n<li>L&#8217;aspettativa sulla densit\u00e0 raggiungibile al vertice \u00e8 realistica<\/li>\n<\/ul>\n<p style=\"margin:0 0 6px;color:#013366;font-weight:600;font-size:15px\">Depone contro o rimanda a pi\u00f9 avanti<\/p>\n<ul style=\"margin:0;padding-left:20px;color:#2e3033;font-size:15px;line-height:1.75\">\n<li>Alopecia areata attiva o instabile: un trapianto in una chiazza attiva \u00e8 controindicato, perch\u00e9 il processo autoimmune pu\u00f2 colpire anche i follicoli trapiantati<\/li>\n<li>Alopecia infiammatoria o cicatriziale non trattata<\/li>\n<li>Paziente molto giovane con perdita in rapida progressione<\/li>\n<li>Caduta diffusa su tutta la testa<\/li>\n<li>Zona donatrice indebolita o diradata<\/li>\n<\/ul>\n<p style=\"margin:12px 0 0;color:#5b6169;font-size:13.5px;font-style:italic\">Questa lista \u00e8 un orientamento. L&#8217;idoneit\u00e0 la decide sempre il medico caso per caso.<\/p>\n<\/div>\n\n\n\n<p class=\"wp-block-paragraph\">Un aspetto sull&#8217;estensione che aiuta nella decisione: il vertice \u00e8 una superficie con struttura a vortice e non una linea. A parit\u00e0 di effetto visibile richiede pi\u00f9 graft rispetto all&#8217;attaccatura e, se la caduta \u00e8 ancora in progressione, una parte dei capelli donatori va tenuta di riserva per il futuro. Per questo nei pazienti giovani con perdita attiva al vertice spesso si stabilizza prima e si trapianta pi\u00f9 avanti. Svolgimento e dettagli sul <a href=\"\/it\/trapianto-capelli-blog\/trapianto-capelli-chierica-procedura-e-tecniche\/\">trapianto nell&#8217;area del vortice<\/a> si trovano nell&#8217;articolo dedicato.<\/p>\n\n\n\n<h2 class=\"wp-block-heading\" id=\"behandlung\">Adattare individualmente il trattamento della caduta dei capelli sulla nuca<\/h2>\n\n\n\n<p class=\"wp-block-paragraph\"><strong>La caduta dei capelli sulla nuca non \u00e8 una malattia a s\u00e9, \u00e8 un sintomo: per questo ogni trattamento sensato parte dalla causa e non dalla chiazza calva.<\/strong> Se alla base c&#8217;\u00e8 una predisposizione genetica, i follicoli perduti si possono sostituire a lungo termine solo con un <a href=\"\/it\/trapianto-di-capelli\/\">trapianto di capelli<\/a> . Per tutte le altre cause vale l&#8217;ordine inverso: prima trattare la causa, poi pensare a cosmesi o chirurgia.<\/p>\n\n\n\n<p class=\"wp-block-paragraph\">Il prossimo passo concreto \u00e8 piccolo. Scatta oggi la prima foto della tua nuca secondo il protocollo fotografico e segnati in calendario un appuntamento fra tre mesi. Se il confronto mostra un&#8217;area che cresce, o se noti uno dei segnali d&#8217;allarme del riquadro qui sopra, il quadro va messo in mani mediche e non in un forum.<\/p>\n\n\n<div class=\"wp-block-image\">\n<figure class=\"aligncenter size-large is-resized\" style=\"max-width:720px;margin-left:auto;margin-right:auto\"><img decoding=\"async\" src=\"https:\/\/elithair.com\/it\/wp-content\/uploads\/sites\/6\/2026\/08\/hinterkopf_fotovergleich.png\" alt=\"Un uomo confronta alla luce del giorno le foto sul suo smartphone al tavolo della cucina\" class=\"wp-image-107882\" style=\"width:720px;max-width:100%;height:auto\"\/><\/figure>\n<\/div>\n\n\n<h2 class=\"wp-block-heading\">Domande frequenti sulla caduta dei capelli sulla nuca<\/h2>\n\n\n\n<div>\n<div style=\"border:1px solid #e3e8ef;border-radius:10px;padding:16px 18px;margin-bottom:12px\">\n<p style=\"margin:0 0 6px;color:#013366;font-weight:600;font-size:16px\">Un vortice visibile sulla nuca \u00e8 gi\u00e0 caduta dei capelli?<\/p>\n<p style=\"margin:0;color:#2e3033;font-size:15px;line-height:1.6\"><strong>No.<\/strong> Sul vortice i capelli si aprono a spirale, per questo l\u00ec un po&#8217; di cuoio capelluto traspare sempre. Depongono per una caduta solo tre segni: una densit\u00e0 che diminuisce verso il bordo, capelli corti e sottili tra quelli robusti (anisotrichosi dal 20% nell&#8217;uomo) e un&#8217;area che cresce nell&#8217;arco di tre-sei mesi.<\/p>\n<\/div>\n<div style=\"border:1px solid #e3e8ef;border-radius:10px;padding:16px 18px;margin-bottom:12px\">\n<p style=\"margin:0 0 6px;color:#013366;font-weight:600;font-size:16px\">Come riconosco se la chiazza calva sulla nuca sta crescendo?<\/p>\n<p style=\"margin:0;color:#2e3033;font-size:15px;line-height:1.6\"><strong>Solo con il confronto fotografico nelle stesse condizioni.<\/strong> Luce del giorno vicino alla finestra, capelli asciutti e senza styling, stessa distanza e stessa angolazione, scatti adesso e poi a 3 e 6 mesi. Intervalli pi\u00f9 brevi mostrano soprattutto differenze di luce e di styling, perch\u00e9 il ciclo del capello richiede diversi mesi.<\/p>\n<\/div>\n<div style=\"border:1px solid #e3e8ef;border-radius:10px;padding:16px 18px;margin-bottom:12px\">\n<p style=\"margin:0 0 6px;color:#013366;font-weight:600;font-size:16px\">La caduta ereditaria pu\u00f2 interessare solo la nuca?<\/p>\n<p style=\"margin:0;color:#2e3033;font-size:15px;line-height:1.6\"><strong>S\u00ec.<\/strong> \u00c8 il tipo vertex dell&#8217;alopecia androgenetica: l&#8217;area diradata inizia sul vortice, l&#8217;attaccatura per il momento resta. La scala Norwood lo classifica come stadio III vertex. La parte bassa della nuca e il collo restano risparmiati, perch\u00e9 questa zona occipitale \u00e8 resistente al DHT.<\/p>\n<\/div>\n<div style=\"border:1px solid #e3e8ef;border-radius:10px;padding:16px 18px;margin-bottom:12px\">\n<p style=\"margin:0 0 6px;color:#013366;font-weight:600;font-size:16px\">Che cosa significa una chiazza rotonda e calva sulla nuca?<\/p>\n<p style=\"margin:0;color:#2e3033;font-size:15px;line-height:1.6\"><strong>Di solito alopecia areata.<\/strong> Una chiazza rotonda, ben delimitata e con pelle liscia depone per questa forma; il rischio nell&#8217;arco della vita \u00e8 di circa il 2%. A fascia lungo l&#8217;attaccatura bassa si chiama tipo ofiasico, prevalenza circa lo 0,02%, con prognosi meno favorevole. In entrambi i casi serve a breve una visita dermatologica.<\/p>\n<\/div>\n<div style=\"border:1px solid #e3e8ef;border-radius:10px;padding:16px 18px;margin-bottom:12px\">\n<p style=\"margin:0 0 6px;color:#013366;font-weight:600;font-size:16px\">La caduta dei capelli sulla nuca pu\u00f2 essere causata da cuscino, casco o poggiatesta?<\/p>\n<p style=\"margin:0;color:#2e3033;font-size:15px;line-height:1.6\"><strong>S\u00ec.<\/strong> Come alopecia da frizione o da pressione proprio nel punto di appoggio, spesso con capelli spezzati. Di solito si risolve in 3-6 mesi, non appena viene meno la sollecitazione. Una vera alopecia da pressione \u00e8 invece descritta dopo ore di immobilit\u00e0, per esempio dopo interventi chirurgici lunghi.<\/p>\n<\/div>\n<div style=\"border:1px solid #e3e8ef;border-radius:10px;padding:16px 18px;margin-bottom:12px\">\n<p style=\"margin:0 0 6px;color:#013366;font-weight:600;font-size:16px\">Caduta dei capelli sulla nuca nelle donne: quando \u00e8 critica?<\/p>\n<p style=\"margin:0;color:#2e3033;font-size:15px;line-height:1.6\"><strong>Nelle donne qualsiasi chiazza circoscritta sulla nuca richiede una spiegazione.<\/strong> Il modello femminile di Ludwig dirada la riga e risparmia la nuca. Vanno chiariti a breve una chiazza rotonda e ben delimitata, un cuoio capelluto arrossato, desquamato o dolente, una pelle liscia e lucida senza osti follicolari e un esordio improvviso.<\/p>\n<\/div>\n<div style=\"border:1px solid #e3e8ef;border-radius:10px;padding:16px 18px;margin-bottom:12px\">\n<p style=\"margin:0 0 6px;color:#013366;font-weight:600;font-size:16px\">La caduta dei capelli sulla nuca ricresce da sola?<\/p>\n<p style=\"margin:0;color:#2e3033;font-size:15px;line-height:1.6\"><strong>Dipende dalla causa.<\/strong> Nell&#8217;alopecia areata, dopo il primo episodio circa il 50% guarisce spontaneamente entro un anno; le forme diffuse di solito 3-6 mesi dopo la fine del fattore scatenante. La caduta ereditaria al vertice non regredisce da sola e, se non trattata, progredisce.<\/p>\n<\/div>\n<div style=\"border:1px solid #e3e8ef;border-radius:10px;padding:16px 18px;margin-bottom:12px\">\n<p style=\"margin:0 0 6px;color:#013366;font-weight:600;font-size:16px\">Il minoxidil funziona meglio sul vortice che sulla fronte?<\/p>\n<p style=\"margin:0;color:#2e3033;font-size:15px;line-height:1.6\"><strong>Al vertice l&#8217;efficacia \u00e8 documentata al meglio.<\/strong> Gli studi registrativi hanno misurato l\u00ec la loro area bersaglio. In Olsen et al. (2002) il minoxidil al 5% ha portato dopo 48 settimane a una ricrescita superiore di circa il 45% rispetto al 2%, con i primi capelli terminali dopo circa 4 mesi. Vale solo per la caduta androgenetica.<\/p>\n<\/div>\n<div style=\"border:1px solid #e3e8ef;border-radius:10px;padding:16px 18px;margin-bottom:12px\">\n<p style=\"margin:0 0 6px;color:#013366;font-weight:600;font-size:16px\">Quanti capelli al giorno sono normali?<\/p>\n<p style=\"margin:0;color:#2e3033;font-size:15px;line-height:1.6\"><strong>Da 50 a 100 capelli al giorno.<\/strong> Questo intervallo \u00e8 indicato dall&#8217;American Academy of Dermatology e dall&#8217;NHS; molte guide divulgative indicano spesso 70-100. Un confine netto non esiste, perch\u00e9 il numero varia con la frequenza dei lavaggi e con la stagione. Diventa un segnale quando per settimane i capelli persi sono stabilmente e nettamente di pi\u00f9.<\/p>\n<\/div>\n<div style=\"border:1px solid #e3e8ef;border-radius:10px;padding:16px 18px;margin-bottom:12px\">\n<p style=\"margin:0 0 6px;color:#013366;font-weight:600;font-size:16px\">Con poco pi\u00f9 di vent&#8217;anni sono troppo giovane per un trapianto sul vortice?<\/p>\n<p style=\"margin:0;color:#2e3033;font-size:15px;line-height:1.6\"><strong>Non decide l&#8217;et\u00e0, ma la stabilit\u00e0 dell&#8217;andamento.<\/strong> In caso di perdita al vertice in rapida progressione di solito si stabilizza prima in modo conservativo, altrimenti attorno all&#8217;area trapiantata si continuano a perdere capelli e pi\u00f9 avanti mancano capelli donatori. L&#8217;idoneit\u00e0 la valuta il medico caso per caso.<\/p>\n<\/div>\n<div style=\"border:1px solid #e3e8ef;border-radius:10px;padding:16px 18px;margin-bottom:12px\">\n<p style=\"margin:0 0 6px;color:#013366;font-weight:600;font-size:16px\">Gel e cera fanno sembrare il vortice pi\u00f9 calvo di quanto sia?<\/p>\n<p style=\"margin:0;color:#2e3033;font-size:15px;line-height:1.6\"><strong>S\u00ec, \u00e8 il falso allarme pi\u00f9 frequente.<\/strong> I capelli bagnati o incollati con il gel si dispongono in ciocche e cos\u00ec su qualsiasi vortice traspare il cuoio capelluto; in pi\u00f9 la luce del soffitto proietta ombre nella spirale. Studi in merito non ce ne sono: valuta solo capelli asciutti e senza styling alla luce del giorno.<\/p>\n<\/div>\n<div style=\"border:1px solid #e3e8ef;border-radius:10px;padding:16px 18px;margin-bottom:12px\">\n<p style=\"margin:0 0 6px;color:#013366;font-weight:600;font-size:16px\">Ho una caduta di capelli o un doppio vortice?<\/p>\n<p style=\"margin:0;color:#2e3033;font-size:15px;line-height:1.6\"><strong>Un doppio vortice \u00e8 un modello di crescita, non una caduta di capelli.<\/strong> Due spirali fanno solo sembrare la nuca pi\u00f9 irregolare. Restano decisive densit\u00e0 e andamento: se i capelli restano robusti fino a entrambe le spirali e l&#8217;immagine resta uguale nei mesi, si tratta di un modello. Studi affidabili in merito non esistono.<\/p>\n<\/div>\n<div style=\"border:1px solid #e3e8ef;border-radius:10px;padding:16px 18px;margin-bottom:12px\">\n<p style=\"margin:0 0 6px;color:#013366;font-weight:600;font-size:16px\">Una scottatura solare sul vortice \u00e8 un campanello d&#8217;allarme?<\/p>\n<p style=\"margin:0;color:#2e3033;font-size:15px;line-height:1.6\"><strong>Un indizio plausibile, non una prova.<\/strong> Dove mancano i capelli manca la protezione UV: una scottatura proprio sul vortice depone per una densit\u00e0 ridotta in quel punto. Uno studio in merito non esiste. Sensate sono entrambe le cose: portare un copricapo e verificare l&#8217;andamento con le foto.<\/p>\n<\/div>\n<div style=\"border:1px solid #e3e8ef;border-radius:10px;padding:16px 18px;margin-bottom:12px\">\n<p style=\"margin:0 0 6px;color:#013366;font-weight:600;font-size:16px\">Come si pu\u00f2 rallentare la progressione della caduta dei capelli sulla nuca?<\/p>\n<p style=\"margin:0;color:#2e3033;font-size:15px;line-height:1.6\"><strong>Solo in parte e solo con i farmaci.<\/strong> Minoxidil e finasteride possono rallentare la caduta ereditaria, ma non fermarla del tutto. Al vertice i primi effetti sono attesi dopo circa 4 mesi, valutabili dalla 24\u00aa settimana, e l&#8217;effetto dura solo durante l&#8217;uso. \u00c8 consigliabile una consulenza professionale.<\/p>\n<\/div>\n<div style=\"border:1px solid #e3e8ef;border-radius:10px;padding:16px 18px;margin-bottom:12px\">\n<p style=\"margin:0 0 6px;color:#013366;font-weight:600;font-size:16px\">Quali soluzioni non chirurgiche esistono per la caduta dei capelli sulla nuca?<\/p>\n<p style=\"margin:0;color:#2e3033;font-size:15px;line-height:1.6\"><strong>Opzioni che mascherano, non che agiscono sulla causa.<\/strong> Infoltimento, moderni sistemi di capelli, parrucche o toupet sono soluzioni temporanee; si aggiungono fibre di cheratina, tricopigmentazione e un taglio pi\u00f9 corto che riduce il contrasto tra capelli e cuoio capelluto. L&#8217;andamento non lo modificano.<\/p>\n<\/div>\n<div style=\"border:1px solid #e3e8ef;border-radius:10px;padding:16px 18px;margin-bottom:12px\">\n<p style=\"margin:0 0 6px;color:#013366;font-weight:600;font-size:16px\">Quanto dura il risultato di un trapianto di capelli sulla nuca?<\/p>\n<p style=\"margin:0;color:#2e3033;font-size:15px;line-height:1.6\"><strong>Di regola \u00e8 duraturo.<\/strong> I capelli trapiantati provengono dalla zona occipitale resistente al DHT e conservano questa caratteristica (donor dominance). Il risultato \u00e8 valutabile dopo 9-12 mesi. La caduta dei capelli propri accanto pu\u00f2 proseguire, per questo la stabilizzazione resta un tema.<\/p>\n<\/div>\n<div style=\"border:1px solid #e3e8ef;border-radius:10px;padding:16px 18px;margin-bottom:0\">\n<p style=\"margin:0 0 6px;color:#013366;font-weight:600;font-size:16px\">Come si cura il capello trapiantato dopo l&#8217;intervento?<\/p>\n<p style=\"margin:0;color:#2e3033;font-size:15px;line-height:1.6\"><strong>Con delicatezza e senza pressione sull&#8217;area ricevente.<\/strong> I prodotti consigliati dal medico sostengono l&#8217;attecchimento. Nelle prime settimane vale: niente sfregamento sull&#8217;area trapiantata, quindi non dormire con il vortice appoggiato, niente copricapo senza autorizzazione e niente grattamento delle crosticine.<\/p>\n<\/div>\n<\/div>\n\n\n<div class=\"wp-block-image\">\n<figure class=\"aligncenter size-large is-resized\" style=\"max-width:720px;margin-left:auto;margin-right:auto\"><img decoding=\"async\" src=\"https:\/\/elithair.com\/it\/wp-content\/uploads\/sites\/6\/2026\/08\/beratung_hinterkopf.png\" alt=\"Colloquio medico sulla caduta dei capelli sulla nuca a una scrivania, alla luce del giorno\" class=\"wp-image-107883\" style=\"width:720px;max-width:100%;height:auto\"\/><\/figure>\n<\/div>\n\n\n<h2 class=\"wp-block-heading\">Fonti<\/h2>\n\n\n\n<div style=\"font-size:14px;color:#2e3033;line-height:1.75\">\n<ol style=\"margin:0;padding-left:26px\">\n<li id=\"ref1\">NHS, \u00abHair loss\u00bb: <a href=\"https:\/\/www.nhs.uk\/symptoms\/hair-loss\/\" target=\"_blank\" rel=\"noopener\">nhs.uk<\/a><\/li>\n<li id=\"ref2\">\u00abMale Androgenetic Alopecia\u00bb, Endotext, NCBI Bookshelf: <a href=\"https:\/\/www.ncbi.nlm.nih.gov\/books\/NBK278957\/\" target=\"_blank\" rel=\"noopener\">ncbi.nlm.nih.gov<\/a><\/li>\n<li id=\"ref3\">AEDV, Grupo Espa\u00f1ol de Tricolog\u00eda: documento di consenso sull&#8217;alopecia androgenetica, Actas Dermo-Sifiliogr\u00e1ficas: <a href=\"https:\/\/www.actasdermo.org\/es-recomendaciones-sobre-el-manejo-clinico-articulo-S000173102300844X\" target=\"_blank\" rel=\"noopener\">actasdermo.org<\/a><\/li>\n<li id=\"ref4\">\u00abPatient-Based Ratio Method for Permanent Zone Donor Area Calculation in Hair Transplant\u00bb, PMC (donor dominance, Orentreich 1959): <a href=\"https:\/\/pmc.ncbi.nlm.nih.gov\/articles\/PMC11679175\/\" target=\"_blank\" rel=\"noopener\">pmc.ncbi.nlm.nih.gov<\/a><\/li>\n<li id=\"ref5\">\u00abTrichoscopy of Androgenetic Alopecia: A Systematic Review\u00bb, PMC: <a href=\"https:\/\/www.ncbi.nlm.nih.gov\/pmc\/articles\/PMC11012765\/\" target=\"_blank\" rel=\"noopener\">ncbi.nlm.nih.gov<\/a><\/li>\n<li id=\"ref6\">Lintzeri et al. (2022): \u00abAlopecia areata\u00bb, JDDG: <a href=\"https:\/\/onlinelibrary.wiley.com\/doi\/10.1111\/ddg.14689\" target=\"_blank\" rel=\"noopener\">onlinelibrary.wiley.com<\/a><\/li>\n<li id=\"ref7\">AWMF, linea guida S3 Alopecia areata, n. reg. 013-104 (febbraio 2026): register.awmf.org<\/li>\n<li id=\"ref8\">\u00abTraction Alopecia: Clinical and Cultural Patterns\u00bb, PMC: <a href=\"https:\/\/pmc.ncbi.nlm.nih.gov\/articles\/PMC8530059\/\" target=\"_blank\" rel=\"noopener\">pmc.ncbi.nlm.nih.gov<\/a><\/li>\n<li id=\"ref9\">\u00abAcne Keloidalis Nuchae\u00bb, StatPearls, NCBI Bookshelf: <a href=\"https:\/\/www.ncbi.nlm.nih.gov\/books\/NBK459135\/\" target=\"_blank\" rel=\"noopener\">ncbi.nlm.nih.gov<\/a><\/li>\n<li id=\"ref10\">American Academy of Dermatology, \u00abDo you have hair loss or hair shedding?\u00bb: <a href=\"https:\/\/www.aad.org\/public\/diseases\/hair-loss\/insider\/shedding\" target=\"_blank\" rel=\"noopener\">aad.org<\/a><\/li>\n<li id=\"ref11\">\u00abFemale Pattern Hair Loss\u00bb, PMC (modello di Ludwig): <a href=\"https:\/\/www.ncbi.nlm.nih.gov\/pmc\/articles\/PMC3968982\/\" target=\"_blank\" rel=\"noopener\">ncbi.nlm.nih.gov<\/a><\/li>\n<li id=\"ref12\">JAMA Dermatology: qualit\u00e0 di vita, depressione e autostima nell&#8217;alopecia androgenetica (metanalisi): <a href=\"https:\/\/jamanetwork.com\/journals\/jamadermatology\/fullarticle\/2781706\" target=\"_blank\" rel=\"noopener\">jamanetwork.com<\/a><\/li>\n<li id=\"ref13\">Olsen et al. (2002): minoxidil topico 5% vs. 2%, PubMed 12196747: <a href=\"https:\/\/pubmed.ncbi.nlm.nih.gov\/12196747\/\" target=\"_blank\" rel=\"noopener\">pubmed.ncbi.nlm.nih.gov<\/a><\/li>\n<li id=\"ref14\">\u00abExpanding the therapeutic landscape of minoxidil\u00bb, Frontiers in Pharmacology 2025: <a href=\"https:\/\/www.frontiersin.org\/journals\/pharmacology\/articles\/10.3389\/fphar.2025.1718208\/full\" target=\"_blank\" rel=\"noopener\">frontiersin.org<\/a><\/li>\n<li id=\"ref15\">PRP nell&#8217;alopecia androgenetica, metanalisi di studi randomizzati, PubMed 37533146: <a href=\"https:\/\/pubmed.ncbi.nlm.nih.gov\/37533146\/\" target=\"_blank\" rel=\"noopener\">pubmed.ncbi.nlm.nih.gov<\/a><\/li>\n<li id=\"ref16\">PRP in aggiunta al minoxidil topico, metanalisi, PMC: <a href=\"https:\/\/www.ncbi.nlm.nih.gov\/pmc\/articles\/PMC11356437\/\" target=\"_blank\" rel=\"noopener\">ncbi.nlm.nih.gov<\/a><\/li>\n<li id=\"ref17\">T\u00fcrk Dermatoloji Derne\u011fi: informazioni per i pazienti sulla caduta androgenetica (terapia laser a bassa intensit\u00e0): <a href=\"https:\/\/turkdermatoloji.org.tr\/media\/pdf\/erkek%20Tipi%20Sa%C3%A7%20D%C3%B6k%C3%BClmesi%20(Androgenetik%20alopesi)%20Kopyas%C4%B1%20(3).pdf\" target=\"_blank\" rel=\"noopener\">turkdermatoloji.org.tr<\/a><\/li>\n<li id=\"ref18\">\u00abMale androgenetic alopecia\u00bb (miniaturizzazione, fibrosi), PMC; in aggiunta PubMed 33539849: <a href=\"https:\/\/pmc.ncbi.nlm.nih.gov\/articles\/PMC11962920\/\" target=\"_blank\" rel=\"noopener\">pmc.ncbi.nlm.nih.gov<\/a><\/li>\n<\/ol>\n<p style=\"margin:14px 0 0;color:#6b7280;font-size:13px;font-style:italic\">Verificato dal punto di vista medico, aggiornato ad agosto 2026. Questo articolo ha scopo informativo e non sostituisce una diagnosi o un trattamento medico. In caso di chiazze rotonde e calve, di cuoio capelluto arrossato, desquamato, essudante o dolente, di pelle liscia e lucida senza osti follicolari visibili e in caso di esordio improvviso nell&#8217;arco di poche settimane, rivolgiti a breve a uno studio dermatologico. Non sospendere mai di tua iniziativa i farmaci prescritti.<\/p>\n<\/div>\n\n\n\n<script type=\"application\/ld+json\">\n{\n  \"@context\": \"https:\/\/schema.org\",\n  \"@type\": \"FAQPage\",\n  \"mainEntity\": [\n    {\n      \"@type\": \"Question\",\n      \"name\": \"Un vortice visibile sulla nuca \u00e8 gi\u00e0 caduta dei capelli?\",\n      \"acceptedAnswer\": {\n        \"@type\": \"Answer\",\n        \"text\": \"No. Sul vortice i capelli si aprono a spirale, per questo l\u00ec un po' di cuoio capelluto traspare sempre. Depongono per una caduta solo tre segni: una densit\u00e0 che diminuisce verso il bordo, capelli corti e sottili tra quelli robusti (anisotrichosi dal 20% nell'uomo) e un'area che cresce nell'arco di tre-sei mesi.\"\n      }\n    },\n    {\n      \"@type\": \"Question\",\n      \"name\": \"Come riconosco se la chiazza calva sulla nuca sta crescendo?\",\n      \"acceptedAnswer\": {\n        \"@type\": \"Answer\",\n        \"text\": \"Solo con il confronto fotografico nelle stesse condizioni. Luce del giorno vicino alla finestra, capelli asciutti e senza styling, stessa distanza e stessa angolazione, scatti adesso e poi a 3 e 6 mesi. Intervalli pi\u00f9 brevi mostrano soprattutto differenze di luce e di styling, perch\u00e9 il ciclo del capello richiede diversi mesi.\"\n      }\n    },\n    {\n      \"@type\": \"Question\",\n      \"name\": \"La caduta ereditaria pu\u00f2 interessare solo la nuca?\",\n      \"acceptedAnswer\": {\n        \"@type\": \"Answer\",\n        \"text\": \"S\u00ec. \u00c8 il tipo vertex dell'alopecia androgenetica: l'area diradata inizia sul vortice, l'attaccatura per il momento resta. La scala Norwood lo classifica come stadio III vertex. La parte bassa della nuca e il collo restano risparmiati, perch\u00e9 questa zona occipitale \u00e8 resistente al DHT.\"\n      }\n    },\n    {\n      \"@type\": \"Question\",\n      \"name\": \"Che cosa significa una chiazza rotonda e calva sulla nuca?\",\n      \"acceptedAnswer\": {\n        \"@type\": \"Answer\",\n        \"text\": \"Di solito alopecia areata. Una chiazza rotonda, ben delimitata e con pelle liscia depone per questa forma; il rischio nell'arco della vita \u00e8 di circa il 2%. A fascia lungo l'attaccatura bassa si chiama tipo ofiasico, prevalenza circa lo 0,02%, con prognosi meno favorevole. In entrambi i casi serve a breve una visita dermatologica.\"\n      }\n    },\n    {\n      \"@type\": \"Question\",\n      \"name\": \"La caduta dei capelli sulla nuca pu\u00f2 essere causata da cuscino, casco o poggiatesta?\",\n      \"acceptedAnswer\": {\n        \"@type\": \"Answer\",\n        \"text\": \"S\u00ec. Come alopecia da frizione o da pressione proprio nel punto di appoggio, spesso con capelli spezzati. Di solito si risolve in 3-6 mesi, non appena viene meno la sollecitazione. Una vera alopecia da pressione \u00e8 invece descritta dopo ore di immobilit\u00e0, per esempio dopo interventi chirurgici lunghi.\"\n      }\n    },\n    {\n      \"@type\": \"Question\",\n      \"name\": \"Caduta dei capelli sulla nuca nelle donne: quando \u00e8 critica?\",\n      \"acceptedAnswer\": {\n        \"@type\": \"Answer\",\n        \"text\": \"Nelle donne qualsiasi chiazza circoscritta sulla nuca richiede una spiegazione. Il modello femminile di Ludwig dirada la riga e risparmia la nuca. Vanno chiariti a breve una chiazza rotonda e ben delimitata, un cuoio capelluto arrossato, desquamato o dolente, una pelle liscia e lucida senza osti follicolari e un esordio improvviso.\"\n      }\n    },\n    {\n      \"@type\": \"Question\",\n      \"name\": \"La caduta dei capelli sulla nuca ricresce da sola?\",\n      \"acceptedAnswer\": {\n        \"@type\": \"Answer\",\n        \"text\": \"Dipende dalla causa. Nell'alopecia areata, dopo il primo episodio circa il 50% guarisce spontaneamente entro un anno; le forme diffuse di solito 3-6 mesi dopo la fine del fattore scatenante. La caduta ereditaria al vertice non regredisce da sola e, se non trattata, progredisce.\"\n      }\n    },\n    {\n      \"@type\": \"Question\",\n      \"name\": \"Il minoxidil funziona meglio sul vortice che sulla fronte?\",\n      \"acceptedAnswer\": {\n        \"@type\": \"Answer\",\n        \"text\": \"Al vertice l'efficacia \u00e8 documentata al meglio. Gli studi registrativi hanno misurato l\u00ec la loro area bersaglio. In Olsen et al. (2002) il minoxidil al 5% ha portato dopo 48 settimane a una ricrescita superiore di circa il 45% rispetto al 2%, con i primi capelli terminali dopo circa 4 mesi. Vale solo per la caduta androgenetica.\"\n      }\n    },\n    {\n      \"@type\": \"Question\",\n      \"name\": \"Quanti capelli al giorno sono normali?\",\n      \"acceptedAnswer\": {\n        \"@type\": \"Answer\",\n        \"text\": \"Da 50 a 100 capelli al giorno. Questo intervallo \u00e8 indicato dall'American Academy of Dermatology e dall'NHS; molte guide divulgative indicano spesso 70-100. Un confine netto non esiste, perch\u00e9 il numero varia con la frequenza dei lavaggi e con la stagione. Diventa un segnale quando per settimane i capelli persi sono stabilmente e nettamente di pi\u00f9.\"\n      }\n    },\n    {\n      \"@type\": \"Question\",\n      \"name\": \"Con poco pi\u00f9 di vent'anni sono troppo giovane per un trapianto sul vortice?\",\n      \"acceptedAnswer\": {\n        \"@type\": \"Answer\",\n        \"text\": \"Non decide l'et\u00e0, ma la stabilit\u00e0 dell'andamento. In caso di perdita al vertice in rapida progressione di solito si stabilizza prima in modo conservativo, altrimenti attorno all'area trapiantata si continuano a perdere capelli e pi\u00f9 avanti mancano capelli donatori. L'idoneit\u00e0 la valuta il medico caso per caso.\"\n      }\n    },\n    {\n      \"@type\": \"Question\",\n      \"name\": \"Gel e cera fanno sembrare il vortice pi\u00f9 calvo di quanto sia?\",\n      \"acceptedAnswer\": {\n        \"@type\": \"Answer\",\n        \"text\": \"S\u00ec, \u00e8 il falso allarme pi\u00f9 frequente. I capelli bagnati o incollati con il gel si dispongono in ciocche e cos\u00ec su qualsiasi vortice traspare il cuoio capelluto; in pi\u00f9 la luce del soffitto proietta ombre nella spirale. Studi in merito non ce ne sono: valuta solo capelli asciutti e senza styling alla luce del giorno.\"\n      }\n    },\n    {\n      \"@type\": \"Question\",\n      \"name\": \"Ho una caduta di capelli o un doppio vortice?\",\n      \"acceptedAnswer\": {\n        \"@type\": \"Answer\",\n        \"text\": \"Un doppio vortice \u00e8 un modello di crescita, non una caduta di capelli. Due spirali fanno solo sembrare la nuca pi\u00f9 irregolare. Restano decisive densit\u00e0 e andamento: se i capelli restano robusti fino a entrambe le spirali e l'immagine resta uguale nei mesi, si tratta di un modello. Studi affidabili in merito non esistono.\"\n      }\n    },\n    {\n      \"@type\": \"Question\",\n      \"name\": \"Una scottatura solare sul vortice \u00e8 un campanello d'allarme?\",\n      \"acceptedAnswer\": {\n        \"@type\": \"Answer\",\n        \"text\": \"Un indizio plausibile, non una prova. Dove mancano i capelli manca la protezione UV: una scottatura proprio sul vortice depone per una densit\u00e0 ridotta in quel punto. Uno studio in merito non esiste. Sensate sono entrambe le cose: portare un copricapo e verificare l'andamento con le foto.\"\n      }\n    },\n    {\n      \"@type\": \"Question\",\n      \"name\": \"Come si pu\u00f2 rallentare la progressione della caduta dei capelli sulla nuca?\",\n      \"acceptedAnswer\": {\n        \"@type\": \"Answer\",\n        \"text\": \"Solo in parte e solo con i farmaci. Minoxidil e finasteride possono rallentare la caduta ereditaria, ma non fermarla del tutto. Al vertice i primi effetti sono attesi dopo circa 4 mesi, valutabili dalla 24\u00aa settimana, e l'effetto dura solo durante l'uso. \u00c8 consigliabile una consulenza professionale.\"\n      }\n    },\n    {\n      \"@type\": \"Question\",\n      \"name\": \"Quali soluzioni non chirurgiche esistono per la caduta dei capelli sulla nuca?\",\n      \"acceptedAnswer\": {\n        \"@type\": \"Answer\",\n        \"text\": \"Opzioni che mascherano, non che agiscono sulla causa. Infoltimento, moderni sistemi di capelli, parrucche o toupet sono soluzioni temporanee; si aggiungono fibre di cheratina, tricopigmentazione e un taglio pi\u00f9 corto che riduce il contrasto tra capelli e cuoio capelluto. L'andamento non lo modificano.\"\n      }\n    },\n    {\n      \"@type\": \"Question\",\n      \"name\": \"Quanto dura il risultato di un trapianto di capelli sulla nuca?\",\n      \"acceptedAnswer\": {\n        \"@type\": \"Answer\",\n        \"text\": \"Di regola \u00e8 duraturo. I capelli trapiantati provengono dalla zona occipitale resistente al DHT e conservano questa caratteristica (donor dominance). Il risultato \u00e8 valutabile dopo 9-12 mesi. La caduta dei capelli propri accanto pu\u00f2 proseguire, per questo la stabilizzazione resta un tema.\"\n      }\n    },\n    {\n      \"@type\": \"Question\",\n      \"name\": \"Come si cura il capello trapiantato dopo l'intervento?\",\n      \"acceptedAnswer\": {\n        \"@type\": \"Answer\",\n        \"text\": \"Con delicatezza e senza pressione sull'area ricevente. I prodotti consigliati dal medico sostengono l'attecchimento. Nelle prime settimane vale: niente sfregamento sull'area trapiantata, quindi non dormire con il vortice appoggiato, niente copricapo senza autorizzazione e niente grattamento delle crosticine.\"\n      }\n    }\n  ]\n}\n<\/script>\n\n","protected":false},"excerpt":{"rendered":"<p>La caduta dei capelli sulla nuca \u00e8 quella che si nota per ultima: spesso ci si accorge solo guardando una foto delle vacanze o perch\u00e9 qualcuno lo fa notare. Per capire la causa \u00e8 decisivo dove esattamente i capelli si diradano: attorno al vortice si nasconde di solito una caduta androgenetica, cio\u00e8 ereditaria; si forma [&hellip;]<\/p>\n","protected":false},"author":10,"featured_media":107659,"comment_status":"closed","ping_status":"closed","sticky":false,"template":"","format":"standard","meta":{"_acf_changed":false,"_yoast_wpseo_meta-robots-noindex":"","_yoast_wpseo_meta-robots-nofollow":"","_yoast_wpseo_meta-robots-adv":"","_yoast_wpseo_canonical":"https:\/\/elithair.com\/it\/trapianto-capelli-blog\/caduta-capelli-nuca\/","_yoast_wpseo_opengraph-title":"","_yoast_wpseo_opengraph-description":"","_yoast_wpseo_opengraph-image":"","_yoast_wpseo_twitter-title":"","_yoast_wpseo_twitter-description":"","_yoast_wpseo_twitter-image":"","_hm_hreflang_map":{"de":50068,"en":96955,"es":91870,"fr":101236,"it":107655,"pt":89715,"tr":83297,"uk":96341,"x_default":96955},"_hm_language_code":"it","footnotes":""},"categories":[2],"tags":[],"class_list":["post-107655","post","type-post","status-publish","format-standard","has-post-thumbnail","hentry","category-cura-dei-capelli"],"acf":[],"yoast_head":"<!-- This site is optimized with the Yoast SEO Premium plugin v28.3 (Yoast SEO v28.3) - https:\/\/yoast.com\/product\/yoast-seo-premium-wordpress\/ -->\n<title>Caduta dei capelli sulla nuca: vortice, tonsura o collo? Come riconoscere la causa<\/title>\n<meta name=\"description\" content=\"Caduta dei capelli sulla nuca: sul vortice di solito \u00e8 ereditaria, sul collo le cause sono altre. Autovalutazione, stadi Norwood e cosa funziona davvero.\" \/>\n<meta name=\"robots\" content=\"index, follow, max-snippet:-1, max-image-preview:large, max-video-preview:-1\" \/>\n<link rel=\"canonical\" href=\"https:\/\/elithair.com\/it\/trapianto-capelli-blog\/caduta-capelli-nuca\/\" \/>\n<meta property=\"og:locale\" content=\"it_IT\" \/>\n<meta property=\"og:type\" content=\"article\" \/>\n<meta property=\"og:title\" content=\"Caduta dei capelli sulla nuca: vortice, tonsura o un&#039;altra causa?\" \/>\n<meta property=\"og:description\" content=\"Caduta dei capelli sulla nuca: sul vortice di solito \u00e8 ereditaria, sul collo le cause sono altre. Autovalutazione, stadi Norwood e cosa funziona davvero.\" \/>\n<meta property=\"og:url\" content=\"https:\/\/elithair.com\/it\/trapianto-capelli-blog\/caduta-capelli-nuca\/\" \/>\n<meta property=\"og:site_name\" content=\"Elithair\" \/>\n<meta property=\"article:publisher\" content=\"https:\/\/www.facebook.com\/ElithairtransplantITALIA\/\" \/>\n<meta property=\"article:published_time\" content=\"2026-08-28T17:23:13+00:00\" \/>\n<meta property=\"og:image\" content=\"https:\/\/elithair.com\/it\/wp-content\/uploads\/sites\/6\/2026\/08\/zonen_landkarte_hinterkopf__it-1.png\" \/>\n<meta name=\"author\" content=\"Dr. Imad Moustafa\" \/>\n<meta name=\"twitter:card\" content=\"summary_large_image\" \/>\n<meta name=\"twitter:label1\" content=\"Scritto da\" \/>\n\t<meta name=\"twitter:data1\" content=\"Dr. Imad Moustafa\" \/>\n\t<meta name=\"twitter:label2\" content=\"Tempo di lettura stimato\" \/>\n\t<meta name=\"twitter:data2\" content=\"38 minuti\" \/>\n<script type=\"application\/ld+json\" class=\"yoast-schema-graph\">{\"@context\":\"https:\\\/\\\/schema.org\",\"@graph\":[{\"@type\":\"Article\",\"@id\":\"https:\\\/\\\/elithair.com\\\/it\\\/trapianto-capelli-blog\\\/caduta-capelli-nuca\\\/#article\",\"isPartOf\":{\"@id\":\"https:\\\/\\\/elithair.com\\\/it\\\/trapianto-capelli-blog\\\/caduta-capelli-nuca\\\/\"},\"author\":{\"name\":\"Dr. Imad Moustafa\",\"@id\":\"https:\\\/\\\/elithair.com\\\/it\\\/#\\\/schema\\\/person\\\/11ce37e83a6343e4c37edcd4b5498e41\"},\"headline\":\"Caduta dei capelli sulla nuca: vortice, tonsura o un&#8217;altra causa?\",\"datePublished\":\"2026-08-28T17:23:13+00:00\",\"mainEntityOfPage\":{\"@id\":\"https:\\\/\\\/elithair.com\\\/it\\\/trapianto-capelli-blog\\\/caduta-capelli-nuca\\\/\"},\"wordCount\":7712,\"publisher\":{\"@id\":\"https:\\\/\\\/elithair.com\\\/it\\\/#organization\"},\"image\":{\"@id\":\"https:\\\/\\\/elithair.com\\\/it\\\/trapianto-capelli-blog\\\/caduta-capelli-nuca\\\/#primaryimage\"},\"thumbnailUrl\":\"https:\\\/\\\/elithair.com\\\/it\\\/wp-content\\\/uploads\\\/sites\\\/6\\\/2026\\\/08\\\/hero-6.png\",\"articleSection\":[\"Come prendersi cura dei capelli\"],\"inLanguage\":\"it-IT\"},{\"@type\":\"WebPage\",\"@id\":\"https:\\\/\\\/elithair.com\\\/it\\\/trapianto-capelli-blog\\\/caduta-capelli-nuca\\\/\",\"url\":\"https:\\\/\\\/elithair.com\\\/it\\\/trapianto-capelli-blog\\\/caduta-capelli-nuca\\\/\",\"name\":\"Caduta dei capelli sulla nuca: vortice, tonsura o collo? Come riconoscere la causa\",\"isPartOf\":{\"@id\":\"https:\\\/\\\/elithair.com\\\/it\\\/#website\"},\"primaryImageOfPage\":{\"@id\":\"https:\\\/\\\/elithair.com\\\/it\\\/trapianto-capelli-blog\\\/caduta-capelli-nuca\\\/#primaryimage\"},\"image\":{\"@id\":\"https:\\\/\\\/elithair.com\\\/it\\\/trapianto-capelli-blog\\\/caduta-capelli-nuca\\\/#primaryimage\"},\"thumbnailUrl\":\"https:\\\/\\\/elithair.com\\\/it\\\/wp-content\\\/uploads\\\/sites\\\/6\\\/2026\\\/08\\\/hero-6.png\",\"datePublished\":\"2026-08-28T17:23:13+00:00\",\"description\":\"Caduta dei capelli sulla nuca: sul vortice di solito \u00e8 ereditaria, sul collo le cause sono altre. Autovalutazione, stadi Norwood e cosa funziona davvero.\",\"breadcrumb\":{\"@id\":\"https:\\\/\\\/elithair.com\\\/it\\\/trapianto-capelli-blog\\\/caduta-capelli-nuca\\\/#breadcrumb\"},\"inLanguage\":\"it-IT\",\"potentialAction\":[{\"@type\":\"ReadAction\",\"target\":[\"https:\\\/\\\/elithair.com\\\/it\\\/trapianto-capelli-blog\\\/caduta-capelli-nuca\\\/\"]}]},{\"@type\":\"ImageObject\",\"inLanguage\":\"it-IT\",\"@id\":\"https:\\\/\\\/elithair.com\\\/it\\\/trapianto-capelli-blog\\\/caduta-capelli-nuca\\\/#primaryimage\",\"url\":\"https:\\\/\\\/elithair.com\\\/it\\\/wp-content\\\/uploads\\\/sites\\\/6\\\/2026\\\/08\\\/hero-6.png\",\"contentUrl\":\"https:\\\/\\\/elithair.com\\\/it\\\/wp-content\\\/uploads\\\/sites\\\/6\\\/2026\\\/08\\\/hero-6.png\",\"width\":1536,\"height\":1024,\"caption\":\"Hinterkopf eines Mannes mit sichtbarem Wirbelbereich im seitlichen Tageslicht\"},{\"@type\":\"BreadcrumbList\",\"@id\":\"https:\\\/\\\/elithair.com\\\/it\\\/trapianto-capelli-blog\\\/caduta-capelli-nuca\\\/#breadcrumb\",\"itemListElement\":[{\"@type\":\"ListItem\",\"position\":1,\"name\":\"Home\",\"item\":\"https:\\\/\\\/elithair.com\\\/it\\\/\"},{\"@type\":\"ListItem\",\"position\":2,\"name\":\"Caduta dei capelli sulla nuca: vortice, tonsura o un&#8217;altra causa?\"}]},{\"@type\":\"WebSite\",\"@id\":\"https:\\\/\\\/elithair.com\\\/it\\\/#website\",\"url\":\"https:\\\/\\\/elithair.com\\\/it\\\/\",\"name\":\"Elithair\",\"description\":\"\",\"publisher\":{\"@id\":\"https:\\\/\\\/elithair.com\\\/it\\\/#organization\"},\"alternateName\":\"la migliore clinica di trapianto di capelli in Turchia\",\"potentialAction\":[{\"@type\":\"SearchAction\",\"target\":{\"@type\":\"EntryPoint\",\"urlTemplate\":\"https:\\\/\\\/elithair.com\\\/it\\\/?s={search_term_string}\"},\"query-input\":{\"@type\":\"PropertyValueSpecification\",\"valueRequired\":true,\"valueName\":\"search_term_string\"}}],\"inLanguage\":\"it-IT\"},{\"@type\":\"Organization\",\"@id\":\"https:\\\/\\\/elithair.com\\\/it\\\/#organization\",\"name\":\"Elithair\",\"url\":\"https:\\\/\\\/elithair.com\\\/it\\\/\",\"logo\":{\"@type\":\"ImageObject\",\"inLanguage\":\"it-IT\",\"@id\":\"https:\\\/\\\/elithair.com\\\/it\\\/#\\\/schema\\\/logo\\\/image\\\/\",\"url\":\"https:\\\/\\\/elithair.com\\\/it\\\/wp-content\\\/uploads\\\/sites\\\/6\\\/2026\\\/04\\\/elithair-logo-primary-1.svg\",\"contentUrl\":\"https:\\\/\\\/elithair.com\\\/it\\\/wp-content\\\/uploads\\\/sites\\\/6\\\/2026\\\/04\\\/elithair-logo-primary-1.svg\",\"width\":1,\"height\":1,\"caption\":\"Elithair\"},\"image\":{\"@id\":\"https:\\\/\\\/elithair.com\\\/it\\\/#\\\/schema\\\/logo\\\/image\\\/\"},\"sameAs\":[\"https:\\\/\\\/www.facebook.com\\\/ElithairtransplantITALIA\\\/\",\"https:\\\/\\\/www.instagram.com\\\/elithair.it\\\/\",\"https:\\\/\\\/www.tiktok.com\\\/@elithair.it?_t=8q2yRxSytjU&_r=1\",\"https:\\\/\\\/www.youtube.com\\\/@elithair-trapiantocapellii1905\"]},{\"@type\":\"Person\",\"@id\":\"https:\\\/\\\/elithair.com\\\/it\\\/#\\\/schema\\\/person\\\/11ce37e83a6343e4c37edcd4b5498e41\",\"name\":\"Dr. Imad Moustafa\",\"image\":{\"@type\":\"ImageObject\",\"inLanguage\":\"it-IT\",\"@id\":\"https:\\\/\\\/secure.gravatar.com\\\/avatar\\\/9190499f6f3008cd7da57b179f07bfea4b4e382c816ba3e0de68db0b5a70c07d?s=96&d=mm&r=g\",\"url\":\"https:\\\/\\\/secure.gravatar.com\\\/avatar\\\/9190499f6f3008cd7da57b179f07bfea4b4e382c816ba3e0de68db0b5a70c07d?s=96&d=mm&r=g\",\"contentUrl\":\"https:\\\/\\\/secure.gravatar.com\\\/avatar\\\/9190499f6f3008cd7da57b179f07bfea4b4e382c816ba3e0de68db0b5a70c07d?s=96&d=mm&r=g\",\"caption\":\"Dr. Imad Moustafa\"}}]}<\/script>\n<!-- \/ Yoast SEO Premium plugin. -->","yoast_head_json":{"title":"Caduta dei capelli sulla nuca: vortice, tonsura o collo? Come riconoscere la causa","description":"Caduta dei capelli sulla nuca: sul vortice di solito \u00e8 ereditaria, sul collo le cause sono altre. Autovalutazione, stadi Norwood e cosa funziona davvero.","robots":{"index":"index","follow":"follow","max-snippet":"max-snippet:-1","max-image-preview":"max-image-preview:large","max-video-preview":"max-video-preview:-1"},"canonical":"https:\/\/elithair.com\/it\/trapianto-capelli-blog\/caduta-capelli-nuca\/","og_locale":"it_IT","og_type":"article","og_title":"Caduta dei capelli sulla nuca: vortice, tonsura o un'altra causa?","og_description":"Caduta dei capelli sulla nuca: sul vortice di solito \u00e8 ereditaria, sul collo le cause sono altre. Autovalutazione, stadi Norwood e cosa funziona davvero.","og_url":"https:\/\/elithair.com\/it\/trapianto-capelli-blog\/caduta-capelli-nuca\/","og_site_name":"Elithair","article_publisher":"https:\/\/www.facebook.com\/ElithairtransplantITALIA\/","article_published_time":"2026-08-28T17:23:13+00:00","og_image":[{"url":"https:\/\/elithair.com\/it\/wp-content\/uploads\/sites\/6\/2026\/08\/zonen_landkarte_hinterkopf__it-1.png","type":"","width":"","height":""}],"author":"Dr. Imad Moustafa","twitter_card":"summary_large_image","twitter_misc":{"Scritto da":"Dr. Imad Moustafa","Tempo di lettura stimato":"38 minuti"},"schema":{"@context":"https:\/\/schema.org","@graph":[{"@type":"Article","@id":"https:\/\/elithair.com\/it\/trapianto-capelli-blog\/caduta-capelli-nuca\/#article","isPartOf":{"@id":"https:\/\/elithair.com\/it\/trapianto-capelli-blog\/caduta-capelli-nuca\/"},"author":{"name":"Dr. Imad Moustafa","@id":"https:\/\/elithair.com\/it\/#\/schema\/person\/11ce37e83a6343e4c37edcd4b5498e41"},"headline":"Caduta dei capelli sulla nuca: vortice, tonsura o un&#8217;altra causa?","datePublished":"2026-08-28T17:23:13+00:00","mainEntityOfPage":{"@id":"https:\/\/elithair.com\/it\/trapianto-capelli-blog\/caduta-capelli-nuca\/"},"wordCount":7712,"publisher":{"@id":"https:\/\/elithair.com\/it\/#organization"},"image":{"@id":"https:\/\/elithair.com\/it\/trapianto-capelli-blog\/caduta-capelli-nuca\/#primaryimage"},"thumbnailUrl":"https:\/\/elithair.com\/it\/wp-content\/uploads\/sites\/6\/2026\/08\/hero-6.png","articleSection":["Come prendersi cura dei capelli"],"inLanguage":"it-IT"},{"@type":"WebPage","@id":"https:\/\/elithair.com\/it\/trapianto-capelli-blog\/caduta-capelli-nuca\/","url":"https:\/\/elithair.com\/it\/trapianto-capelli-blog\/caduta-capelli-nuca\/","name":"Caduta dei capelli sulla nuca: vortice, tonsura o collo? Come riconoscere la causa","isPartOf":{"@id":"https:\/\/elithair.com\/it\/#website"},"primaryImageOfPage":{"@id":"https:\/\/elithair.com\/it\/trapianto-capelli-blog\/caduta-capelli-nuca\/#primaryimage"},"image":{"@id":"https:\/\/elithair.com\/it\/trapianto-capelli-blog\/caduta-capelli-nuca\/#primaryimage"},"thumbnailUrl":"https:\/\/elithair.com\/it\/wp-content\/uploads\/sites\/6\/2026\/08\/hero-6.png","datePublished":"2026-08-28T17:23:13+00:00","description":"Caduta dei capelli sulla nuca: sul vortice di solito \u00e8 ereditaria, sul collo le cause sono altre. Autovalutazione, stadi Norwood e cosa funziona davvero.","breadcrumb":{"@id":"https:\/\/elithair.com\/it\/trapianto-capelli-blog\/caduta-capelli-nuca\/#breadcrumb"},"inLanguage":"it-IT","potentialAction":[{"@type":"ReadAction","target":["https:\/\/elithair.com\/it\/trapianto-capelli-blog\/caduta-capelli-nuca\/"]}]},{"@type":"ImageObject","inLanguage":"it-IT","@id":"https:\/\/elithair.com\/it\/trapianto-capelli-blog\/caduta-capelli-nuca\/#primaryimage","url":"https:\/\/elithair.com\/it\/wp-content\/uploads\/sites\/6\/2026\/08\/hero-6.png","contentUrl":"https:\/\/elithair.com\/it\/wp-content\/uploads\/sites\/6\/2026\/08\/hero-6.png","width":1536,"height":1024,"caption":"Hinterkopf eines Mannes mit sichtbarem Wirbelbereich im seitlichen Tageslicht"},{"@type":"BreadcrumbList","@id":"https:\/\/elithair.com\/it\/trapianto-capelli-blog\/caduta-capelli-nuca\/#breadcrumb","itemListElement":[{"@type":"ListItem","position":1,"name":"Home","item":"https:\/\/elithair.com\/it\/"},{"@type":"ListItem","position":2,"name":"Caduta dei capelli sulla nuca: vortice, tonsura o un&#8217;altra causa?"}]},{"@type":"WebSite","@id":"https:\/\/elithair.com\/it\/#website","url":"https:\/\/elithair.com\/it\/","name":"Elithair","description":"","publisher":{"@id":"https:\/\/elithair.com\/it\/#organization"},"alternateName":"la migliore clinica di trapianto di capelli in Turchia","potentialAction":[{"@type":"SearchAction","target":{"@type":"EntryPoint","urlTemplate":"https:\/\/elithair.com\/it\/?s={search_term_string}"},"query-input":{"@type":"PropertyValueSpecification","valueRequired":true,"valueName":"search_term_string"}}],"inLanguage":"it-IT"},{"@type":"Organization","@id":"https:\/\/elithair.com\/it\/#organization","name":"Elithair","url":"https:\/\/elithair.com\/it\/","logo":{"@type":"ImageObject","inLanguage":"it-IT","@id":"https:\/\/elithair.com\/it\/#\/schema\/logo\/image\/","url":"https:\/\/elithair.com\/it\/wp-content\/uploads\/sites\/6\/2026\/04\/elithair-logo-primary-1.svg","contentUrl":"https:\/\/elithair.com\/it\/wp-content\/uploads\/sites\/6\/2026\/04\/elithair-logo-primary-1.svg","width":1,"height":1,"caption":"Elithair"},"image":{"@id":"https:\/\/elithair.com\/it\/#\/schema\/logo\/image\/"},"sameAs":["https:\/\/www.facebook.com\/ElithairtransplantITALIA\/","https:\/\/www.instagram.com\/elithair.it\/","https:\/\/www.tiktok.com\/@elithair.it?_t=8q2yRxSytjU&_r=1","https:\/\/www.youtube.com\/@elithair-trapiantocapellii1905"]},{"@type":"Person","@id":"https:\/\/elithair.com\/it\/#\/schema\/person\/11ce37e83a6343e4c37edcd4b5498e41","name":"Dr. Imad Moustafa","image":{"@type":"ImageObject","inLanguage":"it-IT","@id":"https:\/\/secure.gravatar.com\/avatar\/9190499f6f3008cd7da57b179f07bfea4b4e382c816ba3e0de68db0b5a70c07d?s=96&d=mm&r=g","url":"https:\/\/secure.gravatar.com\/avatar\/9190499f6f3008cd7da57b179f07bfea4b4e382c816ba3e0de68db0b5a70c07d?s=96&d=mm&r=g","contentUrl":"https:\/\/secure.gravatar.com\/avatar\/9190499f6f3008cd7da57b179f07bfea4b4e382c816ba3e0de68db0b5a70c07d?s=96&d=mm&r=g","caption":"Dr. Imad Moustafa"}}]}},"_links":{"self":[{"href":"https:\/\/elithair.com\/it\/wp-json\/wp\/v2\/posts\/107655","targetHints":{"allow":["GET"]}}],"collection":[{"href":"https:\/\/elithair.com\/it\/wp-json\/wp\/v2\/posts"}],"about":[{"href":"https:\/\/elithair.com\/it\/wp-json\/wp\/v2\/types\/post"}],"author":[{"embeddable":true,"href":"https:\/\/elithair.com\/it\/wp-json\/wp\/v2\/users\/10"}],"replies":[{"embeddable":true,"href":"https:\/\/elithair.com\/it\/wp-json\/wp\/v2\/comments?post=107655"}],"version-history":[{"count":0,"href":"https:\/\/elithair.com\/it\/wp-json\/wp\/v2\/posts\/107655\/revisions"}],"wp:featuredmedia":[{"embeddable":true,"href":"https:\/\/elithair.com\/it\/wp-json\/wp\/v2\/media\/107659"}],"wp:attachment":[{"href":"https:\/\/elithair.com\/it\/wp-json\/wp\/v2\/media?parent=107655"}],"wp:term":[{"taxonomy":"category","embeddable":true,"href":"https:\/\/elithair.com\/it\/wp-json\/wp\/v2\/categories?post=107655"},{"taxonomy":"post_tag","embeddable":true,"href":"https:\/\/elithair.com\/it\/wp-json\/wp\/v2\/tags?post=107655"}],"curies":[{"name":"wp","href":"https:\/\/api.w.org\/{rel}","templated":true}]}}