{"id":101239,"date":"2026-08-29T21:49:26","date_gmt":"2026-08-29T21:49:26","guid":{"rendered":"https:\/\/elithair.com\/fr\/greffe-de-cheveux-blog\/alcool-et-chute-de-cheveux\/"},"modified":"2026-08-29T21:49:26","modified_gmt":"2026-08-29T21:49:26","slug":"alcool-et-chute-de-cheveux","status":"publish","type":"post","link":"https:\/\/elithair.com\/fr\/greffe-de-cheveux-blog\/alcool-et-chute-de-cheveux\/","title":{"rendered":"Alcool et chute de cheveux : quelle quantit\u00e9 nuit vraiment, et est-ce r\u00e9versible ?"},"content":{"rendered":"\n<div style=\"border-left:4px solid #0079F1;padding:0 0 0 14px;margin:0 0 26px\">\n<p style=\"margin:0 0 14px;color:#2e3033;font-size:17px;line-height:1.65\">Plus de cheveux dans le siphon, et cette question dans un coin de la t\u00eate : est-ce la bi\u00e8re du soir ? C&rsquo;est \u00e0 ce moment-l\u00e0 que la plupart des gens cherchent le lien entre alcool et chute de cheveux. La r\u00e9ponse honn\u00eate tient en deux temps. Une consommation mod\u00e9r\u00e9e n&rsquo;est pas d\u00e9montr\u00e9e comme cause, et les deux m\u00e9ta-analyses les plus r\u00e9centes sur la chute de cheveux h\u00e9r\u00e9ditaire se contredisent m\u00eame (Alcohol and Alcoholism 2024 : odds ratio de 1,40, non significatif ; BMC Public Health 2026 : odds ratio de 1,72). Une consommation \u00e9lev\u00e9e et durable, en revanche, interf\u00e8re avec le cycle capillaire par les nutriments, le foie, le sommeil et le cuir chevelu, et elle n&rsquo;est que l&rsquo;un des <a href=\"\/fr\/greffe-de-cheveux-blog\/alopecie-causes-solutions\/\">nombreux d\u00e9clencheurs possibles d&rsquo;une chute de cheveux<\/a>.<\/p>\n<p style=\"margin:0 0 8px;color:#013366;font-weight:700;font-size:16px\">L&rsquo;essentiel en bref<\/p>\n<ul style=\"margin:0 0 14px;padding:0;color:#2e3033;list-style:none\">\n<li style=\"position:relative;padding:3px 0 3px 24px\"><span style=\"position:absolute;left:0;top:3px;color:#0079F1;font-weight:700\">&#10003;<\/span>Le probl\u00e8me n&rsquo;est pas le verre isol\u00e9, mais une consommation \u00e9lev\u00e9e maintenue pendant des mois<\/li>\n<li style=\"position:relative;padding:3px 0 3px 24px\"><span style=\"position:absolute;left:0;top:3px;color:#0079F1;font-weight:700\">&#10003;<\/span>L&rsquo;alcool agit indirectement : sur le zinc, les folates et le fer, sur le foie et les hormones, sur le sommeil et le cuir chevelu<\/li>\n<li style=\"position:relative;padding:3px 0 3px 24px\"><span style=\"position:absolute;left:0;top:3px;color:#0079F1;font-weight:700\">&#10003;<\/span>La part li\u00e9e \u00e0 l&rsquo;alcool est en r\u00e8gle g\u00e9n\u00e9rale r\u00e9versible : premi\u00e8res repousses 3 \u00e0 6 mois apr\u00e8s l&rsquo;arr\u00eat, chevelure visiblement plus dense plut\u00f4t apr\u00e8s 6 \u00e0 12 mois<\/li>\n<li style=\"position:relative;padding:3px 0 3px 24px\"><span style=\"position:absolute;left:0;top:3px;color:#0079F1;font-weight:700\">&#10003;<\/span>Si un motif persiste aux tempes et au sommet du cr\u00e2ne, une chute de cheveux h\u00e9r\u00e9ditaire s&rsquo;y ajoute le plus souvent<\/li>\n<\/ul>\n<p style=\"margin:0;color:#2e3033\">Le sommaire indique o\u00f9 trouver quoi. Ensuite, chaque m\u00e9canisme est d\u00e9taill\u00e9, avec les quantit\u00e9s, les d\u00e9lais et les valeurs sanguines \u00e0 aborder en consultation.<\/p>\n<\/div>\n\n\n\n<h2 class=\"wp-block-heading\">Qu&rsquo;est-ce que la chute de cheveux li\u00e9e \u00e0 l&rsquo;alcool ?<\/h2>\n\n\n\n<p class=\"wp-block-paragraph\"><strong>La chute de cheveux li\u00e9e \u00e0 l&rsquo;alcool n&rsquo;est pas une maladie \u00e0 part enti\u00e8re, mais un effluvium t\u00e9log\u00e8ne diffus dont l&rsquo;alcool est un cofacteur : une consommation \u00e9lev\u00e9e et durable d\u00e9grade l&rsquo;apport en nutriments, sollicite le foie et l&rsquo;axe hormonal et pousse ainsi davantage de follicules pileux pr\u00e9matur\u00e9ment en phase de repos. Les follicules ne sont pas d\u00e9truits pour autant, c&rsquo;est pourquoi la part li\u00e9e \u00e0 l&rsquo;alcool repousse en r\u00e8gle g\u00e9n\u00e9rale apr\u00e8s l&rsquo;arr\u00eat.<\/strong><\/p>\n\n\n\n<p class=\"wp-block-paragraph\">Le d\u00e9calage dans le temps est caract\u00e9ristique. Entre le facteur d\u00e9clenchant et la chute visible, il s&rsquo;\u00e9coule selon StatPearls 1 \u00e0 6 mois, 3 en moyenne, parce que les follicules concern\u00e9s doivent d&rsquo;abord traverser leur phase de repos. Si vous trouvez aujourd&rsquo;hui plus de cheveux dans votre brosse, vous voyez donc le r\u00e9sultat des mois pr\u00e9c\u00e9dents, pas celui de la veille au soir.<\/p>\n\n\n\n<p class=\"wp-block-paragraph\">Deux limites font partie de la d\u00e9finition. Une consommation mod\u00e9r\u00e9e n&rsquo;est pas d\u00e9montr\u00e9e comme cause de chute de cheveux, et les deux m\u00e9ta-analyses les plus r\u00e9centes ne r\u00e9pondent pas de la m\u00eame fa\u00e7on \u00e0 la question de savoir si l&rsquo;alcool aggrave en plus la chute de cheveux h\u00e9r\u00e9ditaire. Ces deux points sont chiffr\u00e9s dans la section suivante.<\/p>\n\n\n\n<h2 class=\"wp-block-heading\">Le lien entre consommation d&rsquo;alcool et chute de cheveux<\/h2>\n\n\n\n<p class=\"wp-block-paragraph\"><strong>La chute de cheveux due \u00e0 l&rsquo;alcool<\/strong> peut appara\u00eetre lorsqu&rsquo;une consommation r\u00e9guli\u00e8re ou excessive perturbe des fonctions centrales de l&rsquo;organisme. Le chemin ne passe pas par le cheveu lui-m\u00eame, mais par le m\u00e9tabolisme : absorption des nutriments, travail du foie, \u00e9quilibre hormonal et sommeil s&rsquo;en trouvent modifi\u00e9s. Le follicule pileux fait partie des tissus les plus actifs en division cellulaire, sa phase de croissance dure selon StatPearls 2 \u00e0 6 ans, et il r\u00e9agit t\u00f4t \u00e0 de tels changements.<\/p>\n\n\n\n<p class=\"wp-block-paragraph\">La phrase souvent cit\u00e9e selon laquelle l&rsquo;alcool resserrerait les vaisseaux du cuir chevelu et d\u00e9graderait ainsi la circulation n&rsquo;est pas d\u00e9montr\u00e9e sous cette forme. \u00c0 court terme, l&rsquo;alcool est m\u00eame vasodilatateur. Ce qui est d\u00e9montrable, c&rsquo;est l&rsquo;autre axe : en inhibant l&rsquo;hormone ADH, il a un effet diur\u00e9tique, et l&rsquo;\u00e9quilibre hydrique comme la barri\u00e8re cutan\u00e9e en p\u00e2tissent. Il favorise en outre des inflammations du cuir chevelu, qui peuvent perturber davantage la pousse des cheveux.<\/p>\n\n\n\n<p class=\"wp-block-paragraph\">L&rsquo;alcool agit par ailleurs sur l&rsquo;\u00e9quilibre hormonal. Une consommation accrue peut influencer indirectement le m\u00e9tabolisme de la testost\u00e9rone et rendre plus visible une chute de cheveux h\u00e9r\u00e9ditaire pr\u00e9existante. Cela se traduit souvent par des cheveux qui s&rsquo;affinent, des tempes qui se d\u00e9garnissent ou une perte de densit\u00e9 au sommet du cr\u00e2ne. La solidit\u00e9 de ce lien est abord\u00e9e plus bas, dans le chapitre consacr\u00e9 au foie et aux hormones.<\/p>\n\n\n\n<p class=\"wp-block-paragraph\">L&rsquo;alcool sollicite l&rsquo;organisme dans son ensemble : il d\u00e9shydrate, affaiblit le syst\u00e8me immunitaire et favorise les carences en nutriments. Comme les racines des cheveux comptent parmi les tissus approvisionn\u00e9s en dernier, elles sont particuli\u00e8rement sensibles \u00e0 ce manque d&rsquo;apport. En cas de carence durable, cela peut nuire \u00e0 la pousse des cheveux et favoriser leur chute. Le follicule passe alors pr\u00e9matur\u00e9ment en phase de repos, qui dure selon StatPearls 3 \u00e0 4 mois, et c&rsquo;est pr\u00e9cis\u00e9ment ainsi qu&rsquo;appara\u00eet la <a href=\"\/fr\/greffe-de-cheveux-blog\/chute-de-cheveux-diffuse\/\">chute de cheveux diffuse<\/a>, celle que les personnes concern\u00e9es remarquent.<\/p>\n\n\n\n<p class=\"wp-block-paragraph\">Un point de rep\u00e8re important : dans les recommandations dermatologiques sur le diagnostic et le traitement des alop\u00e9cies, l&rsquo;alcool n&rsquo;est pas un type de chute de cheveux \u00e0 part enti\u00e8re, tout au plus un cofacteur modifiable en cas de chute diffuse. Les donn\u00e9es restent elles aussi h\u00e9t\u00e9rog\u00e8nes : une m\u00e9ta-analyse parue dans Alcohol and Alcoholism (2024, 6 \u00e9tudes, 7 072 participants) n&rsquo;a trouv\u00e9, avec un odds ratio de 1,40 (intervalle de confiance de 0,95 \u00e0 2,32), aucun lien statistiquement significatif avec la chute de cheveux h\u00e9r\u00e9ditaire, tandis qu&rsquo;une revue plus large publi\u00e9e dans BMC Public Health (2026, 31 \u00e9tudes, 11 224 cas) rapporte un odds ratio de 1,72 (1,28 \u00e0 2,32).<\/p>\n\n\n<div class=\"wp-block-image\">\n<figure class=\"aligncenter size-large is-resized\" style=\"max-width:560px;margin-left:auto;margin-right:auto\"><img decoding=\"async\" src=\"https:\/\/elithair.com\/fr\/wp-content\/uploads\/sites\/9\/2026\/08\/follikel_versorgung.png\" alt=\"Illustration d'un follicule pileux en coupe du cuir chevelu, avec les capillaires environnants qui l'alimentent en nutriments\" class=\"wp-image-101807\" style=\"width:560px;max-width:100%;height:auto\"\/><\/figure>\n<\/div>\n\n\n<h2 class=\"wp-block-heading\">Comment l&rsquo;alcool perturbe la pousse des cheveux : les quatre m\u00e9canismes<\/h2>\n\n\n\n<p class=\"wp-block-paragraph\">L&rsquo;alcool agit sur le cheveu par quatre voies : les nutriments, le foie et les hormones, le sommeil, ainsi que l&rsquo;\u00e9quilibre hydrique et le cuir chevelu. Aucune de ces voies n&rsquo;atteint directement la racine du cheveu, et toutes les quatre ont besoin de dur\u00e9e. Cela explique pourquoi un verre de vin le soir ne se juge pas de la m\u00eame fa\u00e7on qu&rsquo;une bouteille par jour pendant deux ans.<\/p>\n\n\n\n<h3 class=\"wp-block-heading\">Comment l&rsquo;alcool prive le cheveu de zinc, de fer et de vitamines B<\/h3>\n\n\n\n<p class=\"wp-block-paragraph\">La consommation chronique d&rsquo;alcool r\u00e9duit doublement l&rsquo;apport en nutriments : l&rsquo;absorption intestinale diminue et l&rsquo;\u00e9limination augmente. Pour le zinc, les deux ph\u00e9nom\u00e8nes sont d\u00e9crits, une absorption intestinale r\u00e9duite et une excr\u00e9tion r\u00e9nale accrue (LLL Nutrition in Clinical Medicine). Pour les folates, trois voies se conjuguent : malabsorption intestinale, captation h\u00e9patique r\u00e9duite et perte acc\u00e9l\u00e9r\u00e9e par le rein (revue parue dans Psychiatry Investigation sur les d\u00e9ficits nutritionnels dans l&rsquo;alcoolisme).<\/p>\n\n\n\n<p class=\"wp-block-paragraph\">La vitamine B12 et la thiamine p\u00e2tissent en plus de l&rsquo;effet toxique direct de l&rsquo;alcool sur la muqueuse intestinale. Ces nutriments comptent pour le cheveu parce que le zinc participe \u00e0 la formation de la k\u00e9ratine, que le fer assure le transport de l&rsquo;oxyg\u00e8ne vers la matrice capillaire en division active et que les vitamines B interviennent dans le m\u00e9tabolisme \u00e9nerg\u00e9tique de ces cellules. Si l&rsquo;un d&rsquo;eux manque pendant des mois, la proportion de cheveux en phase t\u00e9log\u00e8ne augmente. Les besoins quotidiens qui vous concernent d\u00e9pendent de l&rsquo;\u00e2ge, du sexe et de l&rsquo;alimentation ; les rep\u00e8res nutritionnels officiels fran\u00e7ais, notamment pour le fer, les folates et la vitamine B12, sont r\u00e9unis sur le portail Manger Bouger.<\/p>\n\n\n\n<div style=\"border-left:4px solid #0079F1;background:#f6f9fc;border-radius:0 10px 10px 0;padding:14px 18px;margin:24px 0\">\n<p style=\"margin:0;color:#2e3033;font-size:15px;line-height:1.65\"><span style=\"color:#013366;font-weight:700\">\u2192 \u00c0 lire aussi :<\/span> Les nutriments dont le cheveu a r\u00e9ellement besoin sont d\u00e9taill\u00e9s dans l&rsquo;article sur les <a href=\"\/fr\/greffe-de-cheveux-blog\/vitamines-chute-de-cheveux\/\">vitamines contre la chute de cheveux<\/a>. Et si la <a href=\"\/fr\/greffe-de-cheveux-blog\/carence-en-fer-chute-de-cheveux\/\">carence en fer<\/a> compte parmi les causes les plus fr\u00e9quentes d&rsquo;une perte de densit\u00e9 diffuse, c&rsquo;est l&rsquo;article d\u00e9di\u00e9 qui l&rsquo;explique.<\/p>\n<\/div>\n\n\n\n<h3 class=\"wp-block-heading\">Pourquoi le foie et l&rsquo;\u00e9quilibre hormonal influencent le cheveu en cas de consommation chronique<\/h3>\n\n\n\n<p class=\"wp-block-paragraph\">L&rsquo;effet hormonal de l&rsquo;alcool comporte deux niveaux, que l&rsquo;on m\u00e9lange souvent. \u00c0 court terme, apr\u00e8s une faible dose, la testost\u00e9rone augmente l\u00e9g\u00e8rement chez l&rsquo;homme : dans l&rsquo;\u00e9tude crois\u00e9e contr\u00f4l\u00e9e contre placebo de Sarkola et Eriksson (2003), la valeur plasmatique est pass\u00e9e de 13,5 \u00e0 16,0 nmol\/l apr\u00e8s 0,5 g d&rsquo;alcool par kilogramme de poids corporel. L&rsquo;effet se dissipe en 2 \u00e0 6 heures.<\/p>\n\n\n\n<p class=\"wp-block-paragraph\">En cas de consommation chronique \u00e9lev\u00e9e avec atteinte h\u00e9patique d\u00e9butante, le tableau s&rsquo;inverse. L&rsquo;activit\u00e9 aromatase du foie augmente, davantage d&rsquo;androg\u00e8nes sont convertis en \u0153strog\u00e8nes. Dans l&rsquo;h\u00e9patite alcoolique et la cirrhose, des travaux d\u00e9crivent une hyper\u0153strog\u00e9n\u00e9mie chez jusqu&rsquo;\u00e0 70 % des patients, tandis que la testost\u00e9rone chute nettement (Purohit, Alcohol 2000 ; Hepatology 2000).<\/p>\n\n\n\n<p class=\"wp-block-paragraph\">Il en d\u00e9coule une correction que l&rsquo;on lit rarement sur le web : la cha\u00eene \u00ab l&rsquo;alcool augmente la testost\u00e9rone, la testost\u00e9rone augmente la DHT, la DHT aggrave la chute de cheveux \u00bb n&rsquo;est pas d\u00e9montr\u00e9e. Et le m\u00e9canisme de la cirrhose ne se transpose pas au buveur occasionnel. Ce qui reste : apr\u00e8s des ann\u00e9es de consommation \u00e9lev\u00e9e, l&rsquo;axe hormonal est d\u00e9plac\u00e9, et cela peut accompagner un motif androg\u00e9n\u00e9tique existant.<\/p>\n\n\n\n<h3 class=\"wp-block-heading\">Comment l&rsquo;alcool modifie le sommeil et ce que cela a \u00e0 voir avec la chute de cheveux<\/h3>\n\n\n\n<p class=\"wp-block-paragraph\">L&rsquo;alcool raccourcit le temps d&rsquo;endormissement et d\u00e9grade la seconde moiti\u00e9 de la nuit. La m\u00e9ta-analyse d&rsquo;Ebrahim et de ses coll\u00e8gues (2013, 27 \u00e9tudes) d\u00e9crit un effet dose-d\u00e9pendant : en dessous d&rsquo;une alcool\u00e9mie de 0,05 %, une l\u00e9g\u00e8re suppression du sommeil paradoxal ; entre 0,05 et 0,10 %, une fragmentation nette de la seconde moiti\u00e9 de nuit ; au-del\u00e0 de 0,10 %, une suppression marqu\u00e9e du sommeil paradoxal.<\/p>\n\n\n\n<p class=\"wp-block-paragraph\">Pour le cheveu, cette voie est la plus indirecte des quatre. Il n&rsquo;existe aucune \u00e9tude reliant directement le manque de sommeil chez les consommateurs d&rsquo;alcool \u00e0 la chute de cheveux. Le lien est plausible par l&rsquo;axe du stress : un sommeil durablement mauvais maintient le cortisol \u00e9lev\u00e9, et le stress est un facteur d\u00e9clenchant connu d&rsquo;effluvium t\u00e9log\u00e8ne. Cela ne suffit pas \u00e0 \u00e9tablir une cha\u00eene causale, mais suffit \u00e0 en faire un cofacteur \u00e0 prendre au s\u00e9rieux.<\/p>\n\n\n\n<h3 class=\"wp-block-heading\">Cuir chevelu sec et irrit\u00e9 : ce que l&rsquo;alcool change \u00e0 l&rsquo;\u00e9quilibre hydrique<\/h3>\n\n\n\n<p class=\"wp-block-paragraph\">L&rsquo;alcool inhibe l&rsquo;hormone antidiur\u00e9tique ADH et a de ce fait un effet diur\u00e9tique. Sur le cuir chevelu, cela n&rsquo;endommage pas la racine du cheveu, mais rend la barri\u00e8re plus s\u00e8che et plus sensible : pellicules, tiraillements et d\u00e9mangeaisons apparaissent plus souvent, et un cheveu sec casse plus facilement. La casse n&rsquo;est pas la chute, mais elle lui ressemble dans la brosse.<\/p>\n\n\n\n<p class=\"wp-block-paragraph\">La voie inflammatoire est plus tangible. Dans une \u00e9tude cas-t\u00e9moins parue dans Acta Dermato-Venereologica, la consommation r\u00e9guli\u00e8re d&rsquo;alcool \u00e9tait associ\u00e9e \u00e0 un odds ratio de 10,2 pour les pouss\u00e9es d&rsquo;ecz\u00e9ma s\u00e9borrh\u00e9ique. Dans le psoriasis, une analyse portant sur plus de 1 200 personnes concern\u00e9es a montr\u00e9 un lien entre la quantit\u00e9 bue et la s\u00e9v\u00e9rit\u00e9. Les maladies inflammatoires du cuir chevelu peuvent \u00e0 leur tour favoriser la perte de cheveux. Cela ne prouve pas que l&rsquo;alcool endommage le follicule lui-m\u00eame.<\/p>\n\n\n\n<style>\n@media (max-width:640px){\n.rt-table-wrap{overflow-x:visible!important;border:0!important;border-radius:0!important}\n.rt-table{min-width:0!important}\n.rt-table thead{display:none}\n.rt-table,.rt-table tbody,.rt-table tr,.rt-table td{display:block;width:100%}\n.rt-table caption{display:block;padding:0 0 12px!important}\n.rt-table tr{margin:0 0 12px;border:1px solid #dbe4f0;border-radius:10px;overflow:hidden}\n.rt-table tr:last-child{margin-bottom:0}\n.rt-table td{display:flex!important;flex-direction:column;gap:3px;padding:12px 14px!important;\nborder:0!important;border-bottom:1px solid #e3e8ef!important;background:#ffffff!important}\n.rt-table tr td:last-child{border-bottom:0!important}\n.rt-table td::before{content:attr(data-label);font-size:12px;font-weight:700;letter-spacing:.04em;\ntext-transform:uppercase;color:#5799F1}\n.rt-table td:not([data-label])::before,.rt-table td[data-label=\"\"]::before{display:none}\n}\n<\/style>\n<div class=\"rt-table-wrap\" style=\"overflow-x:auto;-webkit-overflow-scrolling:touch;margin:28px 0;border:1px solid #dbe4f0;border-radius:12px\">\n  <table class=\"rt-table\" style=\"width:100%;min-width:660px;table-layout:fixed;border-collapse:separate;border-spacing:0;font-size:15px;margin:0\">\n    <caption style=\"caption-side:top;text-align:left;color:#003366;font-weight:700;font-size:16px;line-height:1.35;padding:14px 16px 10px;background:#ffffff\">Ce que l&rsquo;alcool change dans l&rsquo;organisme et ce que le cheveu en per\u00e7oit<\/caption>\n    <thead>\n      <tr>\n        <th style=\"width:22%;background:#003366;color:#ffffff;font-weight:700;text-align:left;vertical-align:middle;padding:13px 16px;font-size:15px;line-height:1.4;border:0;overflow-wrap:break-word\">Ce que l&rsquo;alcool change<\/th>\n        <th style=\"background:#003366;color:#ffffff;font-weight:700;text-align:left;vertical-align:middle;padding:13px 16px;font-size:15px;line-height:1.4;border:0;overflow-wrap:break-word\">Pourquoi<\/th>\n        <th style=\"background:#003366;color:#ffffff;font-weight:700;text-align:left;vertical-align:middle;padding:13px 16px;font-size:15px;line-height:1.4;border:0;overflow-wrap:break-word\">Ce que le cheveu en per\u00e7oit<\/th>\n        <th style=\"background:#003366;color:#ffffff;font-weight:700;text-align:left;vertical-align:middle;padding:13px 16px;font-size:15px;line-height:1.4;border:0;overflow-wrap:break-word\">Niveau de preuve scientifique<\/th>\n      <\/tr>\n    <\/thead>\n    <tbody>\n      <tr>\n        <td data-label=\"Ce que l'alcool change\" style=\"background:#ffffff;color:#003366;font-weight:700;text-align:left;vertical-align:top;padding:13px 16px;font-size:15px;line-height:1.55;border:0;border-bottom:1px solid #e3e8ef;overflow-wrap:break-word\">Zinc, folates, vitamines B, fer<\/td>\n        <td data-label=\"Pourquoi\" style=\"background:#ffffff;color:#22303e;font-weight:400;text-align:left;vertical-align:top;padding:13px 16px;font-size:15px;line-height:1.55;border:0;border-bottom:1px solid #e3e8ef;overflow-wrap:break-word\">absorption intestinale r\u00e9duite, \u00e9limination r\u00e9nale accrue<\/td>\n        <td data-label=\"Ce que le cheveu en per\u00e7oit\" style=\"background:#ffffff;color:#22303e;font-weight:400;text-align:left;vertical-align:top;padding:13px 16px;font-size:15px;line-height:1.55;border:0;border-bottom:1px solid #e3e8ef;overflow-wrap:break-word\">cheveux qui s&rsquo;affinent, structure cassante, davantage de follicules en phase de repos<\/td>\n        <td data-label=\"Niveau de preuve scientifique\" style=\"background:#ffffff;color:#22303e;font-weight:400;text-align:left;vertical-align:top;padding:13px 16px;font-size:15px;line-height:1.55;border:0;border-bottom:1px solid #e3e8ef;overflow-wrap:break-word\">\u00c9tabli<\/td>\n      <\/tr>\n      <tr>\n        <td data-label=\"Ce que l'alcool change\" style=\"background:#f6f9fc;color:#003366;font-weight:700;text-align:left;vertical-align:top;padding:13px 16px;font-size:15px;line-height:1.55;border:0;border-bottom:1px solid #e3e8ef;overflow-wrap:break-word\">M\u00e9tabolisme h\u00e9patique et hormonal<\/td>\n        <td data-label=\"Pourquoi\" style=\"background:#f6f9fc;color:#22303e;font-weight:400;text-align:left;vertical-align:top;padding:13px 16px;font-size:15px;line-height:1.55;border:0;border-bottom:1px solid #e3e8ef;overflow-wrap:break-word\">d\u00e9gradation modifi\u00e9e des st\u00e9ro\u00efdes, activit\u00e9 aromatase accrue en cas d&rsquo;atteinte h\u00e9patique<\/td>\n        <td data-label=\"Ce que le cheveu en per\u00e7oit\" style=\"background:#f6f9fc;color:#22303e;font-weight:400;text-align:left;vertical-align:top;padding:13px 16px;font-size:15px;line-height:1.55;border:0;border-bottom:1px solid #e3e8ef;overflow-wrap:break-word\">peut faire ressortir plus nettement un motif androg\u00e9n\u00e9tique existant<\/td>\n        <td data-label=\"Niveau de preuve scientifique\" style=\"background:#f6f9fc;color:#22303e;font-weight:400;text-align:left;vertical-align:top;padding:13px 16px;font-size:15px;line-height:1.55;border:0;border-bottom:1px solid #e3e8ef;overflow-wrap:break-word\">\u00c9tabli en cas de consommation chronique \u00e9lev\u00e9e<\/td>\n      <\/tr>\n      <tr>\n        <td data-label=\"Ce que l'alcool change\" style=\"background:#ffffff;color:#003366;font-weight:700;text-align:left;vertical-align:top;padding:13px 16px;font-size:15px;line-height:1.55;border:0;border-bottom:1px solid #e3e8ef;overflow-wrap:break-word\">Architecture du sommeil<\/td>\n        <td data-label=\"Pourquoi\" style=\"background:#ffffff;color:#22303e;font-weight:400;text-align:left;vertical-align:top;padding:13px 16px;font-size:15px;line-height:1.55;border:0;border-bottom:1px solid #e3e8ef;overflow-wrap:break-word\">suppression du sommeil paradoxal, seconde moiti\u00e9 de nuit fragment\u00e9e<\/td>\n        <td data-label=\"Ce que le cheveu en per\u00e7oit\" style=\"background:#ffffff;color:#22303e;font-weight:400;text-align:left;vertical-align:top;padding:13px 16px;font-size:15px;line-height:1.55;border:0;border-bottom:1px solid #e3e8ef;overflow-wrap:break-word\">agit indirectement sur le cycle capillaire par l&rsquo;axe du stress<\/td>\n        <td data-label=\"Niveau de preuve scientifique\" style=\"background:#ffffff;color:#22303e;font-weight:400;text-align:left;vertical-align:top;padding:13px 16px;font-size:15px;line-height:1.55;border:0;border-bottom:1px solid #e3e8ef;overflow-wrap:break-word\">Cons\u00e9quence indirecte<\/td>\n      <\/tr>\n      <tr>\n        <td data-label=\"Ce que l'alcool change\" style=\"background:#f6f9fc;color:#003366;font-weight:700;text-align:left;vertical-align:top;padding:13px 16px;font-size:15px;line-height:1.55;border:0;border-bottom:1px solid #e3e8ef;overflow-wrap:break-word\">\u00c9quilibre hydrique et cuir chevelu<\/td>\n        <td data-label=\"Pourquoi\" style=\"background:#f6f9fc;color:#22303e;font-weight:400;text-align:left;vertical-align:top;padding:13px 16px;font-size:15px;line-height:1.55;border:0;border-bottom:1px solid #e3e8ef;overflow-wrap:break-word\">inhibition de l&rsquo;ADH, barri\u00e8re plus s\u00e8che, tendance inflammatoire accrue<\/td>\n        <td data-label=\"Ce que le cheveu en per\u00e7oit\" style=\"background:#f6f9fc;color:#22303e;font-weight:400;text-align:left;vertical-align:top;padding:13px 16px;font-size:15px;line-height:1.55;border:0;border-bottom:1px solid #e3e8ef;overflow-wrap:break-word\">cuir chevelu sec et irrit\u00e9, pellicules, casse des cheveux<\/td>\n        <td data-label=\"Niveau de preuve scientifique\" style=\"background:#f6f9fc;color:#22303e;font-weight:400;text-align:left;vertical-align:top;padding:13px 16px;font-size:15px;line-height:1.55;border:0;border-bottom:1px solid #e3e8ef;overflow-wrap:break-word\">Cons\u00e9quence indirecte<\/td>\n      <\/tr>\n      <tr>\n        <td data-label=\"Ce que l'alcool change\" style=\"background:#ffffff;color:#003366;font-weight:700;text-align:left;vertical-align:top;padding:13px 16px;font-size:15px;line-height:1.55;border:0;overflow-wrap:break-word\">Chute de cheveux h\u00e9r\u00e9ditaire directement<\/td>\n        <td data-label=\"Pourquoi\" style=\"background:#ffffff;color:#22303e;font-weight:400;text-align:left;vertical-align:top;padding:13px 16px;font-size:15px;line-height:1.55;border:0;overflow-wrap:break-word\">association \u00e9pid\u00e9miologique, mode de vie comme facteur de confusion possible<\/td>\n        <td data-label=\"Ce que le cheveu en per\u00e7oit\" style=\"background:#ffffff;color:#22303e;font-weight:400;text-align:left;vertical-align:top;padding:13px 16px;font-size:15px;line-height:1.55;border:0;overflow-wrap:break-word\">les \u00e9tudes aboutissent \u00e0 des r\u00e9sultats divergents<\/td>\n        <td data-label=\"Niveau de preuve scientifique\" style=\"background:#ffffff;color:#22303e;font-weight:400;text-align:left;vertical-align:top;padding:13px 16px;font-size:15px;line-height:1.55;border:0;overflow-wrap:break-word\">Donn\u00e9es limit\u00e9es<\/td>\n      <\/tr>\n    <\/tbody>\n  <\/table>\n<\/div>\n\n\n<div class=\"wp-block-image\">\n<figure class=\"aligncenter size-large is-resized\" style=\"max-width:720px;margin-left:auto;margin-right:auto\"><img decoding=\"async\" src=\"https:\/\/elithair.com\/fr\/wp-content\/uploads\/sites\/9\/2026\/08\/vier_mechanismen__fr.png\" alt=\"Infographie : quatre voies par lesquelles l'alcool perturbe la pousse des cheveux, de l'absorption des nutriments au cuir chevelu\" class=\"wp-image-101808\" style=\"width:720px;max-width:100%;height:auto\"\/><\/figure>\n<\/div>\n\n\n<h2 class=\"wp-block-heading\">Quelle quantit\u00e9 d&rsquo;alcool est de trop pour les cheveux ?<\/h2>\n\n\n\n<p class=\"wp-block-paragraph\">Une consommation mod\u00e9r\u00e9e d&rsquo;alcool n&rsquo;est pas d\u00e9montr\u00e9e comme cause de chute de cheveux. La quantit\u00e9 devient pertinente l\u00e0 o\u00f9 elle reste \u00e9lev\u00e9e pendant des mois, car ce n&rsquo;est qu&rsquo;alors que les r\u00e9serves de nutriments, les valeurs h\u00e9patiques et l&rsquo;axe hormonal basculent de fa\u00e7on mesurable. Un verre de vin au repas n&rsquo;est pas, en l&rsquo;\u00e9tat des donn\u00e9es, un facteur de risque pour les cheveux.<\/p>\n\n\n\n<p class=\"wp-block-paragraph\">Pour se situer, les d\u00e9finitions officielles aident. En France, un verre standard correspond \u00e0 10 g d&rsquo;alcool pur, quelle que soit la boisson (Sant\u00e9 publique France). Les rep\u00e8res de consommation \u00e0 moindre risque, publi\u00e9s par Sant\u00e9 publique France et l&rsquo;Institut national du cancer, fixent un maximum de 2 verres standard par jour et de 10 verres par semaine, avec au moins deux jours sans alcool.<\/p>\n\n\n\n<p class=\"wp-block-paragraph\">Ces rep\u00e8res ne d\u00e9crivent pas un seuil sans danger : ils visent un risque moindre, pas un risque nul. L&rsquo;OMS a formul\u00e9 la m\u00eame chose en janvier 2023 pour la sant\u00e9 en g\u00e9n\u00e9ral, en rappelant qu&rsquo;aucune quantit\u00e9 d&rsquo;alcool n&rsquo;est sans risque. Il s&rsquo;agit l\u00e0 d&rsquo;un constat sur les risques de cancer et cardiovasculaires, pas sur la chute de cheveux. Beaucoup de textes brouillent cette diff\u00e9rence.<\/p>\n\n\n\n<p class=\"wp-block-paragraph\">Les niveaux de risque de l&rsquo;OMS vont de l&rsquo;abstinence au risque tr\u00e8s \u00e9lev\u00e9, \u00e0 partir de plus de 100 g d&rsquo;alcool pur par jour chez l&rsquo;homme et de plus de 60 g chez la femme. L&rsquo;OMS d\u00e9finit la consommation ponctuelle importante, le binge drinking, comme au moins 60 g en une seule occasion, au moins une fois par mois. Le tableau suivant traduit ces niveaux en ce qui compte pour les cheveux.<\/p>\n\n\n\n<style>\n@media (max-width:640px){\n.rt-table-wrap{overflow-x:visible!important;border:0!important;border-radius:0!important}\n.rt-table{min-width:0!important}\n.rt-table thead{display:none}\n.rt-table,.rt-table tbody,.rt-table tr,.rt-table td{display:block;width:100%}\n.rt-table caption{display:block;padding:0 0 12px!important}\n.rt-table tr{margin:0 0 12px;border:1px solid #dbe4f0;border-radius:10px;overflow:hidden}\n.rt-table tr:last-child{margin-bottom:0}\n.rt-table td{display:flex!important;flex-direction:column;gap:3px;padding:12px 14px!important;\nborder:0!important;border-bottom:1px solid #e3e8ef!important;background:#ffffff!important}\n.rt-table tr td:last-child{border-bottom:0!important}\n.rt-table td::before{content:attr(data-label);font-size:12px;font-weight:700;letter-spacing:.04em;\ntext-transform:uppercase;color:#5799F1}\n.rt-table td:not([data-label])::before,.rt-table td[data-label=\"\"]::before{display:none}\n}\n<\/style>\n<div class=\"rt-table-wrap\" style=\"overflow-x:auto;-webkit-overflow-scrolling:touch;margin:28px 0;border:1px solid #dbe4f0;border-radius:12px\">\n  <table class=\"rt-table\" style=\"width:100%;min-width:660px;table-layout:fixed;border-collapse:separate;border-spacing:0;font-size:15px;margin:0\">\n    <caption style=\"caption-side:top;text-align:left;color:#003366;font-weight:700;font-size:16px;line-height:1.35;padding:14px 16px 10px;background:#ffffff\">Situer sa consommation : \u00e0 partir de quand cela compte pour les cheveux et pour le corps<\/caption>\n    <thead>\n      <tr>\n        <th style=\"width:22%;background:#003366;color:#ffffff;font-weight:700;text-align:left;vertical-align:middle;padding:13px 16px;font-size:15px;line-height:1.4;border:0;overflow-wrap:break-word\">Profil de consommation<\/th>\n        <th style=\"background:#003366;color:#ffffff;font-weight:700;text-align:left;vertical-align:middle;padding:13px 16px;font-size:15px;line-height:1.4;border:0;overflow-wrap:break-word\">Comment les autorit\u00e9s de sant\u00e9 le classent<\/th>\n        <th style=\"background:#003366;color:#ffffff;font-weight:700;text-align:left;vertical-align:middle;padding:13px 16px;font-size:15px;line-height:1.4;border:0;overflow-wrap:break-word\">Ce qui compte pour les cheveux<\/th>\n        <th style=\"background:#003366;color:#ffffff;font-weight:700;text-align:left;vertical-align:middle;padding:13px 16px;font-size:15px;line-height:1.4;border:0;overflow-wrap:break-word\">Ce qui est utile maintenant<\/th>\n      <\/tr>\n    <\/thead>\n    <tbody>\n      <tr>\n        <td data-label=\"Profil de consommation\" style=\"background:#ffffff;color:#003366;font-weight:700;text-align:left;vertical-align:top;padding:13px 16px;font-size:15px;line-height:1.55;border:0;border-bottom:1px solid #e3e8ef;overflow-wrap:break-word\">Pas d&rsquo;alcool<\/td>\n        <td data-label=\"Comment les autorit\u00e9s de sant\u00e9 le classent\" style=\"background:#ffffff;color:#22303e;font-weight:400;text-align:left;vertical-align:top;padding:13px 16px;font-size:15px;line-height:1.55;border:0;border-bottom:1px solid #e3e8ef;overflow-wrap:break-word\">seul niveau sans risque sanitaire li\u00e9 \u00e0 l&rsquo;alcool (OMS)<\/td>\n        <td data-label=\"Ce qui compte pour les cheveux\" style=\"background:#ffffff;color:#22303e;font-weight:400;text-align:left;vertical-align:top;padding:13px 16px;font-size:15px;line-height:1.55;border:0;border-bottom:1px solid #e3e8ef;overflow-wrap:break-word\">aucune contribution de l&rsquo;alcool \u00e0 la chute de cheveux<\/td>\n        <td data-label=\"Ce qui est utile maintenant\" style=\"background:#ffffff;color:#22303e;font-weight:400;text-align:left;vertical-align:top;padding:13px 16px;font-size:15px;line-height:1.55;border:0;border-bottom:1px solid #e3e8ef;overflow-wrap:break-word\">en cas de chute de cheveux, faire explorer les autres causes<\/td>\n      <\/tr>\n      <tr>\n        <td data-label=\"Profil de consommation\" style=\"background:#f6f9fc;color:#003366;font-weight:700;text-align:left;vertical-align:top;padding:13px 16px;font-size:15px;line-height:1.55;border:0;border-bottom:1px solid #e3e8ef;overflow-wrap:break-word\">Jusqu&rsquo;\u00e0 2 verres standard par jour et 10 par semaine, avec des jours sans alcool<\/td>\n        <td data-label=\"Comment les autorit\u00e9s de sant\u00e9 le classent\" style=\"background:#f6f9fc;color:#22303e;font-weight:400;text-align:left;vertical-align:top;padding:13px 16px;font-size:15px;line-height:1.55;border:0;border-bottom:1px solid #e3e8ef;overflow-wrap:break-word\">rep\u00e8res fran\u00e7ais de consommation \u00e0 moindre risque (soit au maximum environ 20 g d&rsquo;alcool pur par jour) ; ces rep\u00e8res ne d\u00e9finissent pas une quantit\u00e9 sans risque<\/td>\n        <td data-label=\"Ce qui compte pour les cheveux\" style=\"background:#f6f9fc;color:#22303e;font-weight:400;text-align:left;vertical-align:top;padding:13px 16px;font-size:15px;line-height:1.55;border:0;border-bottom:1px solid #e3e8ef;overflow-wrap:break-word\">non d\u00e9montr\u00e9 comme cause de chute de cheveux<\/td>\n        <td data-label=\"Ce qui est utile maintenant\" style=\"background:#f6f9fc;color:#22303e;font-weight:400;text-align:left;vertical-align:top;padding:13px 16px;font-size:15px;line-height:1.55;border:0;border-bottom:1px solid #e3e8ef;overflow-wrap:break-word\">indiquer la quantit\u00e9 en consultation, car elle influence les valeurs sanguines<\/td>\n      <\/tr>\n      <tr>\n        <td data-label=\"Profil de consommation\" style=\"background:#ffffff;color:#003366;font-weight:700;text-align:left;vertical-align:top;padding:13px 16px;font-size:15px;line-height:1.55;border:0;border-bottom:1px solid #e3e8ef;overflow-wrap:break-word\">R\u00e9guli\u00e8rement bien davantage, pendant des mois<\/td>\n        <td data-label=\"Comment les autorit\u00e9s de sant\u00e9 le classent\" style=\"background:#ffffff;color:#22303e;font-weight:400;text-align:left;vertical-align:top;padding:13px 16px;font-size:15px;line-height:1.55;border:0;border-bottom:1px solid #e3e8ef;overflow-wrap:break-word\">au-dessus des rep\u00e8res, le risque augmente avec la quantit\u00e9 quotidienne (OMS)<\/td>\n        <td data-label=\"Ce qui compte pour les cheveux\" style=\"background:#ffffff;color:#22303e;font-weight:400;text-align:left;vertical-align:top;padding:13px 16px;font-size:15px;line-height:1.55;border:0;border-bottom:1px solid #e3e8ef;overflow-wrap:break-word\">les r\u00e9serves de nutriments et les valeurs h\u00e9patiques peuvent basculer de fa\u00e7on mesurable ; c&rsquo;est l\u00e0 qu&rsquo;agissent les quatre m\u00e9canismes<\/td>\n        <td data-label=\"Ce qui est utile maintenant\" style=\"background:#ffffff;color:#22303e;font-weight:400;text-align:left;vertical-align:top;padding:13px 16px;font-size:15px;line-height:1.55;border:0;border-bottom:1px solid #e3e8ef;overflow-wrap:break-word\">r\u00e9duire la quantit\u00e9, bilan sanguin et consultation m\u00e9dicale<\/td>\n      <\/tr>\n      <tr>\n        <td data-label=\"Profil de consommation\" style=\"background:#f6f9fc;color:#003366;font-weight:700;text-align:left;vertical-align:top;padding:13px 16px;font-size:15px;line-height:1.55;border:0;border-bottom:1px solid #e3e8ef;overflow-wrap:break-word\">Consommation ponctuelle importante : 60 g ou plus en une occasion, au moins une fois par mois<\/td>\n        <td data-label=\"Comment les autorit\u00e9s de sant\u00e9 le classent\" style=\"background:#f6f9fc;color:#22303e;font-weight:400;text-align:left;vertical-align:top;padding:13px 16px;font-size:15px;line-height:1.55;border:0;border-bottom:1px solid #e3e8ef;overflow-wrap:break-word\">d\u00e9finition du binge drinking selon l&rsquo;OMS<\/td>\n        <td data-label=\"Ce qui compte pour les cheveux\" style=\"background:#f6f9fc;color:#22303e;font-weight:400;text-align:left;vertical-align:top;padding:13px 16px;font-size:15px;line-height:1.55;border:0;border-bottom:1px solid #e3e8ef;overflow-wrap:break-word\">un \u00e9pisode ne vide pas les r\u00e9serves, r\u00e9p\u00e9t\u00e9 pendant des mois cela s&rsquo;additionne<\/td>\n        <td data-label=\"Ce qui est utile maintenant\" style=\"background:#f6f9fc;color:#22303e;font-weight:400;text-align:left;vertical-align:top;padding:13px 16px;font-size:15px;line-height:1.55;border:0;border-bottom:1px solid #e3e8ef;overflow-wrap:break-word\">compter sa quantit\u00e9 hebdomadaire en verres standard plut\u00f4t que l&rsquo;estimer au ressenti<\/td>\n      <\/tr>\n      <tr>\n        <td data-label=\"Profil de consommation\" style=\"background:#ffffff;color:#003366;font-weight:700;text-align:left;vertical-align:top;padding:13px 16px;font-size:15px;line-height:1.55;border:0;overflow-wrap:break-word\">Plus de 100 g par jour (hommes) ou 60 g (femmes)<\/td>\n        <td data-label=\"Comment les autorit\u00e9s de sant\u00e9 le classent\" style=\"background:#ffffff;color:#22303e;font-weight:400;text-align:left;vertical-align:top;padding:13px 16px;font-size:15px;line-height:1.55;border:0;overflow-wrap:break-word\">risque tr\u00e8s \u00e9lev\u00e9 (niveaux de risque de l&rsquo;OMS)<\/td>\n        <td data-label=\"Ce qui compte pour les cheveux\" style=\"background:#ffffff;color:#22303e;font-weight:400;text-align:left;vertical-align:top;padding:13px 16px;font-size:15px;line-height:1.55;border:0;overflow-wrap:break-word\">carences associ\u00e9es fr\u00e9quentes, valeurs h\u00e9patiques modifi\u00e9es, axe hormonal perturb\u00e9<\/td>\n        <td data-label=\"Ce qui est utile maintenant\" style=\"background:#ffffff;color:#22303e;font-weight:400;text-align:left;vertical-align:top;padding:13px 16px;font-size:15px;line-height:1.55;border:0;overflow-wrap:break-word\">accompagnement m\u00e9dical ; ne jamais arr\u00eater brutalement de sa propre initiative<\/td>\n      <\/tr>\n    <\/tbody>\n  <\/table>\n<\/div>\n\n\n\n<p class=\"wp-block-paragraph\"><strong>Le verre standard :<\/strong> 1 verre standard correspond \u00e0 un demi de bi\u00e8re \u00e0 5\u00b0 (25 cl), \u00e0 un ballon de vin \u00e0 12\u00b0 (10 cl), \u00e0 une coupe de champagne \u00e0 12\u00b0 (10 cl) ou \u00e0 un verre de whisky \u00e0 40\u00b0 (2,5 cl), soit 10 g d&rsquo;alcool pur (Sant\u00e9 publique France). Bi\u00e8re, vin ou spiritueux ne change rien : les autorit\u00e9s de sant\u00e9 comptent en grammes d&rsquo;alcool pur, pas en types de boisson.<\/p>\n\n\n\n<h3 class=\"wp-block-heading\">Boire le week-end ou tous les jours : ce qui fait la diff\u00e9rence pour le cheveu<\/h3>\n\n\n\n<p class=\"wp-block-paragraph\">Pour les cheveux, en l&rsquo;\u00e9tat des connaissances, c&rsquo;est la quantit\u00e9 hebdomadaire qui compte, pas le rythme. Les m\u00e9canismes en jeu ont besoin de dur\u00e9e : une seule soir\u00e9e tr\u00e8s alcoolis\u00e9e ne vide pas les r\u00e9serves de zinc, mais des \u00e9pisodes r\u00e9p\u00e9t\u00e9s pendant des mois atteignent la m\u00eame quantit\u00e9 d&rsquo;alcool pur qu&rsquo;une consommation quotidienne r\u00e9guli\u00e8re. Il manque ici une \u00e9tude, et nous le disons franchement : aucun travail ne compare les deux rythmes, \u00e0 quantit\u00e9 hebdomadaire \u00e9gale, du point de vue de la chute de cheveux.<\/p>\n\n\n\n<p class=\"wp-block-paragraph\">Chez la femme, les seuils de l&rsquo;OMS se situent environ \u00e0 la moiti\u00e9, parce que la proportion d&rsquo;eau corporelle est plus faible et que l&rsquo;alcool d\u00e9shydrog\u00e9nase fonctionne diff\u00e9remment. Pour le cheveu s&rsquo;y ajoute un second facteur : la carence en fer est fr\u00e9quente chez les femmes en \u00e2ge de procr\u00e9er, et l&rsquo;alcool d\u00e9grade encore l&rsquo;apport en fer et en folates.<\/p>\n\n\n\n<h2 class=\"wp-block-heading\">Sympt\u00f4mes d&rsquo;une chute de cheveux li\u00e9e \u00e0 l&rsquo;alcool<\/h2>\n\n\n\n<p class=\"wp-block-paragraph\">Une <strong>chute de cheveux li\u00e9e \u00e0 l&rsquo;alcool<\/strong> s&rsquo;installe le plus souvent de fa\u00e7on insidieuse. Les premiers signes sont des cheveux qui s&rsquo;affinent, une structure capillaire qui se d\u00e9grade ou une perte accrue au lavage et au brossage. Lorsque ces changements apparaissent, il peut \u00eatre utile de porter aussi un regard critique sur sa consommation d&rsquo;alcool. Pour savoir \u00e0 partir de quand une perte est consid\u00e9r\u00e9e comme anormale, voir l&rsquo;article sur la <a href=\"\/fr\/greffe-de-cheveux-blog\/chute-de-cheveux-extreme\/\">chute de cheveux extr\u00eame<\/a>.<\/p>\n\n\n\n<figure class=\"wp-block-image size-full\"><img decoding=\"async\" src=\"https:\/\/elithair.com\/fr\/wp-content\/uploads\/sites\/9\/2026\/08\/bestand_91568.png\" alt=\"Plusieurs bouteilles devant un homme qui boit un verre d'alcool, l'air d\u00e9prim\u00e9\" class=\"wp-image-101815\"\/><\/figure>\n\n\n\n<p class=\"wp-block-paragraph\">La chute de cheveux due \u00e0 l&rsquo;alcool peut notamment se manifester par un recul de la ligne frontale ou une perte de densit\u00e9 accentu\u00e9e aux tempes et au sommet du cr\u00e2ne. De tels changements peuvent \u00eatre favoris\u00e9s par les effets hormonaux et m\u00e9taboliques de l&rsquo;alcool. Ce motif est cependant pr\u00e9cis\u00e9ment celui de la chute de cheveux h\u00e9r\u00e9ditaire, qu&rsquo;une consommation \u00e9lev\u00e9e peut accompagner et rendre plus visible sans l&rsquo;avoir d\u00e9clench\u00e9e.<\/p>\n\n\n<div class=\"wp-block-image\">\n<figure class=\"aligncenter size-large is-resized\" style=\"max-width:560px;margin-left:auto;margin-right:auto\"><img decoding=\"async\" src=\"https:\/\/elithair.com\/fr\/wp-content\/uploads\/sites\/9\/2026\/08\/diffus_vs_muster.png\" alt=\"Illustration comparative : \u00e0 gauche des cheveux uniform\u00e9ment clairsem\u00e9s, \u00e0 droite le motif de la chute de cheveux h\u00e9r\u00e9ditaire aux tempes et au sommet du cr\u00e2ne\" class=\"wp-image-101809\" style=\"width:560px;max-width:100%;height:auto\"\/><\/figure>\n<\/div>\n\n\n<p class=\"wp-block-paragraph\">Avant m\u00eame une perte visible, la qualit\u00e9 du cheveu peut se d\u00e9grader. Des cheveux ternes, secs ou cassants sont caract\u00e9ristiques. Dans certains cas, on observe aussi un grisonnement pr\u00e9coce, qui peut \u00eatre li\u00e9 \u00e0 des carences en nutriments. Pour le grisonnement pr\u00e9coce, les donn\u00e9es sont toutefois bien plus claires pour le tabac que pour l&rsquo;alcool : une \u00e9tude transversale parue dans le Journal of the American Academy of Dermatology identifie le tabac comme facteur de risque, tandis que, pour l&rsquo;alcool seul, le lien est plus faible et n&rsquo;est pas confirm\u00e9 de fa\u00e7on comparable. Plus de d\u00e9tails dans l&rsquo;article consacr\u00e9 au <a href=\"\/fr\/greffe-de-cheveux-blog\/tabac-et-perte-de-cheveux-quelles-regions-de-france-sont-les-plus-a-risque\/\">tabagisme et \u00e0 la chute de cheveux<\/a>.<\/p>\n\n\n\n<div style=\"margin:26px 0\">\n<p style=\"margin:0 0 14px;color:#013366;font-weight:700;font-size:18px\">Auto-observation : quatre constats et l&rsquo;\u00e9tape suivante<\/p>\n<div style=\"border:1px solid #e3e8ef;border-radius:10px;padding:16px;margin-bottom:12px;background:#ffffff\">\n<p style=\"margin:0 0 6px;color:#013366;font-weight:600;font-size:16px;line-height:1.45\"><span style=\"color:#0079F1;font-weight:700\">&#10003;<\/span> Plus de cheveux dans la brosse et le siphon, pendant des semaines, sans zone d\u00e9garnie<\/p>\n<p style=\"margin:0;color:#2e3033;font-size:15px;line-height:1.6\">\u00c9voque une chute diffuse li\u00e9e \u00e0 un facteur que l&rsquo;on peut supprimer. \u00c9tape suivante : demander un bilan sanguin et aborder la quantit\u00e9 bue en verres par semaine.<\/p>\n<\/div>\n<div style=\"border:1px solid #e3e8ef;border-radius:10px;padding:16px;margin-bottom:12px;background:#ffffff\">\n<p style=\"margin:0 0 6px;color:#013366;font-weight:600;font-size:16px;line-height:1.45\"><span style=\"color:#0079F1;font-weight:700\">&#10003;<\/span> La perte de densit\u00e9 est la plus nette aux tempes et au sommet du cr\u00e2ne<\/p>\n<p style=\"margin:0;color:#2e3033;font-size:15px;line-height:1.6\">Sugg\u00e8re un motif androg\u00e9n\u00e9tique que l&rsquo;alcool peut accompagner, mais pas expliquer. \u00c9tape suivante : faire caract\u00e9riser le motif par un dermatologue.<\/p>\n<\/div>\n<div style=\"border:1px solid #e3e8ef;border-radius:10px;padding:16px;margin-bottom:12px;background:#ffffff\">\n<p style=\"margin:0 0 6px;color:#013366;font-weight:600;font-size:16px;line-height:1.45\"><span style=\"color:#0079F1;font-weight:700\">&#10003;<\/span> S&rsquo;y ajoutent fatigue, ongles cassants ou perl\u00e8che<\/p>\n<p style=\"margin:0;color:#2e3033;font-size:15px;line-height:1.6\">Signes d&rsquo;accompagnement typiques d&rsquo;une carence en nutriments. \u00c9tape suivante : faire doser la ferritine, le zinc, les folates et la vitamine B12 en m\u00eame temps que le bilan sanguin.<\/p>\n<\/div>\n<div style=\"border:1px solid #e3e8ef;border-radius:10px;padding:16px;margin-bottom:12px;background:#ffffff\">\n<p style=\"margin:0 0 6px;color:#013366;font-weight:600;font-size:16px;line-height:1.45\"><span style=\"color:#0079F1;font-weight:700\">&#10003;<\/span> Le cuir chevelu p\u00e8le, tiraille ou d\u00e9mange depuis que vous buvez plus souvent<\/p>\n<p style=\"margin:0;color:#2e3033;font-size:15px;line-height:1.6\">Correspond \u00e0 la voie inflammatoire et \u00e0 celle de la barri\u00e8re cutan\u00e9e. \u00c9tape suivante : faire examiner le cuir chevelu dans un cabinet de dermatologie plut\u00f4t que de le traiter durablement soi-m\u00eame.<\/p>\n<\/div>\n<\/div>\n\n\n\n<p class=\"wp-block-paragraph\">Toute personne qui constate de tels sympt\u00f4mes et consomme r\u00e9guli\u00e8rement de l&rsquo;alcool devrait faire rechercher la cause par un m\u00e9decin. Au-del\u00e0 de l&rsquo;\u00e9valuation m\u00e9dicale, il est d\u00e9terminant de r\u00e9duire la consommation d&rsquo;alcool pour ne pas entraver davantage la pousse des cheveux.<\/p>\n\n\n\n<h2 class=\"wp-block-heading\">Alcool ou chute de cheveux g\u00e9n\u00e9tique ? Comment distinguer les deux motifs<\/h2>\n\n\n\n<p class=\"wp-block-paragraph\">La chute li\u00e9e \u00e0 l&rsquo;alcool \u00e9claircit la chevelure de fa\u00e7on uniforme, la chute androg\u00e9n\u00e9tique suit un motif aux tempes et au sommet du cr\u00e2ne. Lorsque les deux coexistent, c&rsquo;est le motif qui s&rsquo;accentue en premier, parce que les follicules g\u00e9n\u00e9tiquement sensibles passent les premiers en phase de repos. Cette distinction d\u00e9termine quel traitement a du sens.<\/p>\n\n\n\n<p class=\"wp-block-paragraph\">Une consommation \u00e9lev\u00e9e peut donc d\u00e9masquer une chute de cheveux h\u00e9r\u00e9ditaire pr\u00e9existante sans en \u00eatre elle-m\u00eame le d\u00e9clencheur. La question de savoir si l&rsquo;alcool acc\u00e9l\u00e8re r\u00e9ellement l&rsquo;alop\u00e9cie androg\u00e9n\u00e9tique reste ouverte : la m\u00e9ta-analyse parue dans Alcohol and Alcoholism (2024) n&rsquo;a trouv\u00e9 aucun lien significatif, tandis que la revue publi\u00e9e dans BMC Public Health (2026) cite l&rsquo;alcool avec un odds ratio de 1,72 parmi plusieurs facteurs de risque. Une perturbation du milieu immunitaire du cuir chevelu par l&rsquo;ac\u00e9tald\u00e9hyde, produit de d\u00e9gradation de l&rsquo;alcool, est discut\u00e9e comme hypoth\u00e8se ; elle n&rsquo;est pas d\u00e9montr\u00e9e.<\/p>\n\n\n\n<style>\n@media (max-width:640px){\n.rt-table-wrap{overflow-x:visible!important;border:0!important;border-radius:0!important}\n.rt-table{min-width:0!important}\n.rt-table thead{display:none}\n.rt-table,.rt-table tbody,.rt-table tr,.rt-table td{display:block;width:100%}\n.rt-table caption{display:block;padding:0 0 12px!important}\n.rt-table tr{margin:0 0 12px;border:1px solid #dbe4f0;border-radius:10px;overflow:hidden}\n.rt-table tr:last-child{margin-bottom:0}\n.rt-table td{display:flex!important;flex-direction:column;gap:3px;padding:12px 14px!important;\nborder:0!important;border-bottom:1px solid #e3e8ef!important;background:#ffffff!important}\n.rt-table tr td:last-child{border-bottom:0!important}\n.rt-table td::before{content:attr(data-label);font-size:12px;font-weight:700;letter-spacing:.04em;\ntext-transform:uppercase;color:#5799F1}\n.rt-table td:not([data-label])::before,.rt-table td[data-label=\"\"]::before{display:none}\n}\n<\/style>\n<div class=\"rt-table-wrap\" style=\"overflow-x:auto;-webkit-overflow-scrolling:touch;margin:28px 0;border:1px solid #dbe4f0;border-radius:12px\">\n  <table class=\"rt-table\" style=\"width:100%;min-width:620px;table-layout:fixed;border-collapse:separate;border-spacing:0;font-size:15px;margin:0\">\n    <caption style=\"caption-side:top;text-align:left;color:#003366;font-weight:700;font-size:16px;line-height:1.35;padding:14px 16px 10px;background:#ffffff\">Diffuse ou en motif : la distinction en un coup d&rsquo;\u0153il<\/caption>\n    <thead>\n      <tr>\n        <th style=\"width:22%;background:#003366;color:#ffffff;font-weight:700;text-align:left;vertical-align:middle;padding:13px 16px;font-size:15px;line-height:1.4;border:0;overflow-wrap:break-word\">Crit\u00e8re<\/th>\n        <th style=\"background:#003366;color:#ffffff;font-weight:700;text-align:left;vertical-align:middle;padding:13px 16px;font-size:15px;line-height:1.4;border:0;overflow-wrap:break-word\">Perte de densit\u00e9 diffuse (alcool, carence, stress)<\/th>\n        <th style=\"background:#003366;color:#ffffff;font-weight:700;text-align:left;vertical-align:middle;padding:13px 16px;font-size:15px;line-height:1.4;border:0;overflow-wrap:break-word\">Motif androg\u00e9n\u00e9tique<\/th>\n      <\/tr>\n    <\/thead>\n    <tbody>\n      <tr>\n        <td data-label=\"Crit\u00e8re\" style=\"background:#ffffff;color:#003366;font-weight:700;text-align:left;vertical-align:top;padding:13px 16px;font-size:15px;line-height:1.55;border:0;border-bottom:1px solid #e3e8ef;overflow-wrap:break-word\">R\u00e9partition<\/td>\n        <td data-label=\"Perte de densit\u00e9 diffuse (alcool, carence, stress)\" style=\"background:#ffffff;color:#22303e;font-weight:400;text-align:left;vertical-align:top;padding:13px 16px;font-size:15px;line-height:1.55;border:0;border-bottom:1px solid #e3e8ef;overflow-wrap:break-word\">uniforme sur tout le cuir chevelu, y compris \u00e0 l&rsquo;arri\u00e8re de la t\u00eate<\/td>\n        <td data-label=\"Motif androg\u00e9n\u00e9tique\" style=\"background:#ffffff;color:#22303e;font-weight:400;text-align:left;vertical-align:top;padding:13px 16px;font-size:15px;line-height:1.55;border:0;border-bottom:1px solid #e3e8ef;overflow-wrap:break-word\">tempes, ligne frontale et sommet du cr\u00e2ne, l&rsquo;arri\u00e8re de la t\u00eate reste dense<\/td>\n      <\/tr>\n      <tr>\n        <td data-label=\"Crit\u00e8re\" style=\"background:#f6f9fc;color:#003366;font-weight:700;text-align:left;vertical-align:top;padding:13px 16px;font-size:15px;line-height:1.55;border:0;border-bottom:1px solid #e3e8ef;overflow-wrap:break-word\">\u00c9volution dans le temps<\/td>\n        <td data-label=\"Perte de densit\u00e9 diffuse (alcool, carence, stress)\" style=\"background:#f6f9fc;color:#22303e;font-weight:400;text-align:left;vertical-align:top;padding:13px 16px;font-size:15px;line-height:1.55;border:0;border-bottom:1px solid #e3e8ef;overflow-wrap:break-word\">d\u00e9but le plus souvent 1 \u00e0 6 mois apr\u00e8s un facteur d\u00e9clenchant, souvent par pouss\u00e9es<\/td>\n        <td data-label=\"Motif androg\u00e9n\u00e9tique\" style=\"background:#f6f9fc;color:#22303e;font-weight:400;text-align:left;vertical-align:top;padding:13px 16px;font-size:15px;line-height:1.55;border:0;border-bottom:1px solid #e3e8ef;overflow-wrap:break-word\">progression lente sur des ann\u00e9es, sans d\u00e9clencheur identifiable<\/td>\n      <\/tr>\n      <tr>\n        <td data-label=\"Crit\u00e8re\" style=\"background:#ffffff;color:#003366;font-weight:700;text-align:left;vertical-align:top;padding:13px 16px;font-size:15px;line-height:1.55;border:0;border-bottom:1px solid #e3e8ef;overflow-wrap:break-word\">Ce qui se remarque en premier<\/td>\n        <td data-label=\"Perte de densit\u00e9 diffuse (alcool, carence, stress)\" style=\"background:#ffffff;color:#22303e;font-weight:400;text-align:left;vertical-align:top;padding:13px 16px;font-size:15px;line-height:1.55;border:0;border-bottom:1px solid #e3e8ef;overflow-wrap:break-word\">plus de cheveux au lavage et au brossage, la raie para\u00eet plus large<\/td>\n        <td data-label=\"Motif androg\u00e9n\u00e9tique\" style=\"background:#ffffff;color:#22303e;font-weight:400;text-align:left;vertical-align:top;padding:13px 16px;font-size:15px;line-height:1.55;border:0;border-bottom:1px solid #e3e8ef;overflow-wrap:break-word\">la ligne des cheveux recule, le sommet du cr\u00e2ne laisse voir le cuir chevelu<\/td>\n      <\/tr>\n      <tr>\n        <td data-label=\"Crit\u00e8re\" style=\"background:#f6f9fc;color:#003366;font-weight:700;text-align:left;vertical-align:top;padding:13px 16px;font-size:15px;line-height:1.55;border:0;border-bottom:1px solid #e3e8ef;overflow-wrap:break-word\">R\u00e9action quand le d\u00e9clencheur dispara\u00eet<\/td>\n        <td data-label=\"Perte de densit\u00e9 diffuse (alcool, carence, stress)\" style=\"background:#f6f9fc;color:#22303e;font-weight:400;text-align:left;vertical-align:top;padding:13px 16px;font-size:15px;line-height:1.55;border:0;border-bottom:1px solid #e3e8ef;overflow-wrap:break-word\">r\u00e9cup\u00e9ration en r\u00e8gle g\u00e9n\u00e9rale en 6 mois au maximum<\/td>\n        <td data-label=\"Motif androg\u00e9n\u00e9tique\" style=\"background:#f6f9fc;color:#22303e;font-weight:400;text-align:left;vertical-align:top;padding:13px 16px;font-size:15px;line-height:1.55;border:0;border-bottom:1px solid #e3e8ef;overflow-wrap:break-word\">aucune r\u00e9action, la part g\u00e9n\u00e9tique poursuit son \u00e9volution<\/td>\n      <\/tr>\n      <tr>\n        <td data-label=\"Crit\u00e8re\" style=\"background:#ffffff;color:#003366;font-weight:700;text-align:left;vertical-align:top;padding:13px 16px;font-size:15px;line-height:1.55;border:0;overflow-wrap:break-word\">Valeurs sanguines typiques<\/td>\n        <td data-label=\"Perte de densit\u00e9 diffuse (alcool, carence, stress)\" style=\"background:#ffffff;color:#22303e;font-weight:400;text-align:left;vertical-align:top;padding:13px 16px;font-size:15px;line-height:1.55;border:0;overflow-wrap:break-word\">ferritine, zinc, folates, vitamine B12 ou valeurs h\u00e9patiques anormales<\/td>\n        <td data-label=\"Motif androg\u00e9n\u00e9tique\" style=\"background:#ffffff;color:#22303e;font-weight:400;text-align:left;vertical-align:top;padding:13px 16px;font-size:15px;line-height:1.55;border:0;overflow-wrap:break-word\">valeurs sanguines le plus souvent normales<\/td>\n      <\/tr>\n    <\/tbody>\n  <\/table>\n<\/div>\n\n\n\n<p class=\"wp-block-paragraph\">Concr\u00e8tement, cela signifie une chose simple : une chute de cheveux diffuse n&rsquo;est pas une indication de greffe de cheveux. Ce n&rsquo;est qu&rsquo;une fois les facteurs d\u00e9clenchants supprim\u00e9s, s&rsquo;il reste un motif, qu&rsquo;une greffe devient un sujet, et il s&rsquo;agit alors de la part g\u00e9n\u00e9tique, pas de la part li\u00e9e \u00e0 l&rsquo;alcool. Les deux coexistent fr\u00e9quemment.<\/p>\n\n\n\n<p class=\"wp-block-paragraph\">Si vous ne savez pas quel type vous concerne, l&rsquo;analyse capillaire gratuite est l&rsquo;\u00e9tape de clarification la plus simple : \u00e0 partir de la r\u00e9partition et de la densit\u00e9, elle permet de voir s&rsquo;il s&rsquo;agit d&rsquo;un motif ou d&rsquo;une perte de densit\u00e9 diffuse. Elle ne remplace pas un bilan sanguin m\u00e9dical, et la recherche de la cause reste du ressort du cabinet m\u00e9dical.<\/p>\n\n\n\n<div class=\"wp-block-buttons is-content-justification-center is-layout-flex wp-container-core-buttons-is-layout-fe48e5de wp-block-buttons-is-layout-flex\" style=\"justify-content:center;margin-bottom:48px\">\n\n<div class=\"wp-block-button\"><a class=\"wp-block-button__link wp-element-button\" style=\"background-color:#0079F1;color:#ffffff;border-radius:8px;padding:15px 36px;font-weight:700;font-size:17px\" href=\"\/fr\/analyse-capillaire\/\">Lancer l&rsquo;analyse capillaire gratuite<\/a><\/div>\n\n<\/div>\n\n\n\n<h2 class=\"wp-block-heading\">Diagnostic d&rsquo;une chute de cheveux li\u00e9e \u00e0 l&rsquo;alcool<\/h2>\n\n\n\n<p class=\"wp-block-paragraph\">Une <strong>chute de cheveux li\u00e9e \u00e0 l&rsquo;alcool<\/strong> se diagnostique m\u00e9dicalement. Il n&rsquo;existe pas de test qui la prouve : le diagnostic repose sur l&rsquo;anamn\u00e8se, quantit\u00e9 bue comprise, sur l&rsquo;examen du cuir chevelu et des cheveux, et sur les analyses de laboratoire. D\u00e8s les premiers signes, il est judicieux de consulter son m\u00e9decin traitant ou un sp\u00e9cialiste.<\/p>\n\n\n<div class=\"wp-block-image\">\n<figure class=\"aligncenter size-large is-resized\" style=\"max-width:720px;margin-left:auto;margin-right:auto\"><img decoding=\"async\" src=\"https:\/\/elithair.com\/fr\/wp-content\/uploads\/sites\/9\/2026\/08\/arztgespraech_blutwerte.png\" alt=\"Une m\u00e9decin discute des valeurs sanguines avec un patient, des tubes de pr\u00e9l\u00e8vement sont pos\u00e9s sur la table\" class=\"wp-image-101810\" style=\"width:720px;max-width:100%;height:auto\"\/><\/figure>\n<\/div>\n\n\n<p class=\"wp-block-paragraph\">Lors de l&rsquo;examen, le cuir chevelu et la structure du cheveu sont \u00e9valu\u00e9s, et les sympt\u00f4mes \u00e9ventuels ainsi que les habitudes de consommation sont abord\u00e9s. La franchise joue ici un r\u00f4le central, car c&rsquo;est la seule fa\u00e7on de situer correctement la cause de la chute de cheveux. Indiquez la quantit\u00e9 en verres par semaine, et non par un \u00ab de temps en temps \u00bb ou un \u00ab avec mod\u00e9ration \u00bb, faute de quoi les r\u00e9sultats de laboratoire ne peuvent pas \u00eatre interpr\u00e9t\u00e9s correctement.<\/p>\n\n\n\n<p class=\"wp-block-paragraph\">Dans de nombreux cas, une analyse de sang compl\u00e8te le diagnostic. Elle peut fournir des indices d&rsquo;une sollicitation li\u00e9e \u00e0 l&rsquo;alcool ainsi que de carences en nutriments et en vitamines qui nuisent \u00e0 la pousse des cheveux. Comme une consommation accrue d&rsquo;alcool s&rsquo;accompagne souvent de d\u00e9ficits, le bilan sanguin donne des points de d\u00e9part importants pour la suite. Les param\u00e8tres habituels sont \u00e9galement d\u00e9crits dans l&rsquo;article sur le bilan sanguin en cas de chute de cheveux.<\/p>\n\n\n\n<style>\n@media (max-width:640px){\n.rt-table-wrap{overflow-x:visible!important;border:0!important;border-radius:0!important}\n.rt-table{min-width:0!important}\n.rt-table thead{display:none}\n.rt-table,.rt-table tbody,.rt-table tr,.rt-table td{display:block;width:100%}\n.rt-table caption{display:block;padding:0 0 12px!important}\n.rt-table tr{margin:0 0 12px;border:1px solid #dbe4f0;border-radius:10px;overflow:hidden}\n.rt-table tr:last-child{margin-bottom:0}\n.rt-table td{display:flex!important;flex-direction:column;gap:3px;padding:12px 14px!important;\nborder:0!important;border-bottom:1px solid #e3e8ef!important;background:#ffffff!important}\n.rt-table tr td:last-child{border-bottom:0!important}\n.rt-table td::before{content:attr(data-label);font-size:12px;font-weight:700;letter-spacing:.04em;\ntext-transform:uppercase;color:#5799F1}\n.rt-table td:not([data-label])::before,.rt-table td[data-label=\"\"]::before{display:none}\n}\n<\/style>\n<div class=\"rt-table-wrap\" style=\"overflow-x:auto;-webkit-overflow-scrolling:touch;margin:28px 0;border:1px solid #dbe4f0;border-radius:12px\">\n  <table class=\"rt-table\" style=\"width:100%;min-width:620px;table-layout:fixed;border-collapse:separate;border-spacing:0;font-size:15px;margin:0\">\n    <caption style=\"caption-side:top;text-align:left;color:#003366;font-weight:700;font-size:16px;line-height:1.35;padding:14px 16px 10px;background:#ffffff\">Bilan sanguin : le briefing pour votre consultation<\/caption>\n    <thead>\n      <tr>\n        <th style=\"width:22%;background:#003366;color:#ffffff;font-weight:700;text-align:left;vertical-align:middle;padding:13px 16px;font-size:15px;line-height:1.4;border:0;overflow-wrap:break-word\">Param\u00e8tre<\/th>\n        <th style=\"background:#003366;color:#ffffff;font-weight:700;text-align:left;vertical-align:middle;padding:13px 16px;font-size:15px;line-height:1.4;border:0;overflow-wrap:break-word\">Pourquoi c&rsquo;est pertinent pour l&rsquo;alcool et les cheveux<\/th>\n        <th style=\"background:#003366;color:#ffffff;font-weight:700;text-align:left;vertical-align:middle;padding:13px 16px;font-size:15px;line-height:1.4;border:0;overflow-wrap:break-word\">Ce \u00e0 quoi le m\u00e9decin fait attention<\/th>\n      <\/tr>\n    <\/thead>\n    <tbody>\n      <tr>\n        <td data-label=\"Param\u00e8tre\" style=\"background:#ffffff;color:#003366;font-weight:700;text-align:left;vertical-align:top;padding:13px 16px;font-size:15px;line-height:1.55;border:0;border-bottom:1px solid #e3e8ef;overflow-wrap:break-word\">Num\u00e9ration formule sanguine avec VGM<\/td>\n        <td data-label=\"Pourquoi c'est pertinent pour l'alcool et les cheveux\" style=\"background:#ffffff;color:#22303e;font-weight:400;text-align:left;vertical-align:top;padding:13px 16px;font-size:15px;line-height:1.55;border:0;border-bottom:1px solid #e3e8ef;overflow-wrap:break-word\">l&rsquo;alcool et une carence en folates ou en vitamine B12 modifient la taille et la formation des globules rouges<\/td>\n        <td data-label=\"Ce \u00e0 quoi le m\u00e9decin fait attention\" style=\"background:#ffffff;color:#22303e;font-weight:400;text-align:left;vertical-align:top;padding:13px 16px;font-size:15px;line-height:1.55;border:0;border-bottom:1px solid #e3e8ef;overflow-wrap:break-word\">des globules rouges de taille augment\u00e9e, indice d&rsquo;une carence ou d&rsquo;une sollicitation li\u00e9e \u00e0 l&rsquo;alcool<\/td>\n      <\/tr>\n      <tr>\n        <td data-label=\"Param\u00e8tre\" style=\"background:#f6f9fc;color:#003366;font-weight:700;text-align:left;vertical-align:top;padding:13px 16px;font-size:15px;line-height:1.55;border:0;border-bottom:1px solid #e3e8ef;overflow-wrap:break-word\">Ferritine, avec la CRP<\/td>\n        <td data-label=\"Pourquoi c'est pertinent pour l'alcool et les cheveux\" style=\"background:#f6f9fc;color:#22303e;font-weight:400;text-align:left;vertical-align:top;padding:13px 16px;font-size:15px;line-height:1.55;border:0;border-bottom:1px solid #e3e8ef;overflow-wrap:break-word\">la carence en fer est une cause fr\u00e9quente de perte de densit\u00e9 diffuse, et l&rsquo;alcool d\u00e9grade encore l&rsquo;apport<\/td>\n        <td data-label=\"Ce \u00e0 quoi le m\u00e9decin fait attention\" style=\"background:#f6f9fc;color:#22303e;font-weight:400;text-align:left;vertical-align:top;padding:13px 16px;font-size:15px;line-height:1.55;border:0;border-bottom:1px solid #e3e8ef;overflow-wrap:break-word\">la ferritine est une prot\u00e9ine de la phase aigu\u00eb et peut \u00eatre faussement \u00e9lev\u00e9e en cas d&rsquo;inflammation, d&rsquo;o\u00f9 la CRP comme valeur de contr\u00f4le<\/td>\n      <\/tr>\n      <tr>\n        <td data-label=\"Param\u00e8tre\" style=\"background:#ffffff;color:#003366;font-weight:700;text-align:left;vertical-align:top;padding:13px 16px;font-size:15px;line-height:1.55;border:0;border-bottom:1px solid #e3e8ef;overflow-wrap:break-word\">Zinc<\/td>\n        <td data-label=\"Pourquoi c'est pertinent pour l'alcool et les cheveux\" style=\"background:#ffffff;color:#22303e;font-weight:400;text-align:left;vertical-align:top;padding:13px 16px;font-size:15px;line-height:1.55;border:0;border-bottom:1px solid #e3e8ef;overflow-wrap:break-word\">l&rsquo;absorption diminue et l&rsquo;\u00e9limination r\u00e9nale augmente en cas de consommation chronique<\/td>\n        <td data-label=\"Ce \u00e0 quoi le m\u00e9decin fait attention\" style=\"background:#ffffff;color:#22303e;font-weight:400;text-align:left;vertical-align:top;padding:13px 16px;font-size:15px;line-height:1.55;border:0;border-bottom:1px solid #e3e8ef;overflow-wrap:break-word\">le lien avec la structure du cheveu, la cicatrisation et les troubles du cuir chevelu<\/td>\n      <\/tr>\n      <tr>\n        <td data-label=\"Param\u00e8tre\" style=\"background:#f6f9fc;color:#003366;font-weight:700;text-align:left;vertical-align:top;padding:13px 16px;font-size:15px;line-height:1.55;border:0;border-bottom:1px solid #e3e8ef;overflow-wrap:break-word\">Folates et vitamine B12<\/td>\n        <td data-label=\"Pourquoi c'est pertinent pour l'alcool et les cheveux\" style=\"background:#f6f9fc;color:#22303e;font-weight:400;text-align:left;vertical-align:top;padding:13px 16px;font-size:15px;line-height:1.55;border:0;border-bottom:1px solid #e3e8ef;overflow-wrap:break-word\">triple voie de perte avec l&rsquo;alcool : intestin, foie et rein<\/td>\n        <td data-label=\"Ce \u00e0 quoi le m\u00e9decin fait attention\" style=\"background:#f6f9fc;color:#22303e;font-weight:400;text-align:left;vertical-align:top;padding:13px 16px;font-size:15px;line-height:1.55;border:0;border-bottom:1px solid #e3e8ef;overflow-wrap:break-word\">l&rsquo;interpr\u00e9tation conjointe avec le VGM de la num\u00e9ration<\/td>\n      <\/tr>\n      <tr>\n        <td data-label=\"Param\u00e8tre\" style=\"background:#ffffff;color:#003366;font-weight:700;text-align:left;vertical-align:top;padding:13px 16px;font-size:15px;line-height:1.55;border:0;border-bottom:1px solid #e3e8ef;overflow-wrap:break-word\">GGT, ASAT et ALAT<\/td>\n        <td data-label=\"Pourquoi c'est pertinent pour l'alcool et les cheveux\" style=\"background:#ffffff;color:#22303e;font-weight:400;text-align:left;vertical-align:top;padding:13px 16px;font-size:15px;line-height:1.55;border:0;border-bottom:1px solid #e3e8ef;overflow-wrap:break-word\">elles montrent la sollicitation actuelle du foie, qui participe au m\u00e9tabolisme hormonal<\/td>\n        <td data-label=\"Ce \u00e0 quoi le m\u00e9decin fait attention\" style=\"background:#ffffff;color:#22303e;font-weight:400;text-align:left;vertical-align:top;padding:13px 16px;font-size:15px;line-height:1.55;border:0;border-bottom:1px solid #e3e8ef;overflow-wrap:break-word\">l&rsquo;\u00e9volution sur plusieurs mesures, pas une valeur isol\u00e9e<\/td>\n      <\/tr>\n      <tr>\n        <td data-label=\"Param\u00e8tre\" style=\"background:#f6f9fc;color:#003366;font-weight:700;text-align:left;vertical-align:top;padding:13px 16px;font-size:15px;line-height:1.55;border:0;overflow-wrap:break-word\">TSH et vitamine D<\/td>\n        <td data-label=\"Pourquoi c'est pertinent pour l'alcool et les cheveux\" style=\"background:#f6f9fc;color:#22303e;font-weight:400;text-align:left;vertical-align:top;padding:13px 16px;font-size:15px;line-height:1.55;border:0;overflow-wrap:break-word\">elles permettent d&rsquo;\u00e9carter un trouble thyro\u00efdien et une carence associ\u00e9e fr\u00e9quente comme autres causes<\/td>\n        <td data-label=\"Ce \u00e0 quoi le m\u00e9decin fait attention\" style=\"background:#f6f9fc;color:#22303e;font-weight:400;text-align:left;vertical-align:top;padding:13px 16px;font-size:15px;line-height:1.55;border:0;overflow-wrap:break-word\">faire la part des choses avant d&rsquo;attribuer la chute \u00e0 l&rsquo;alcool<\/td>\n      <\/tr>\n    <\/tbody>\n  <\/table>\n<\/div>\n\n\n\n<p class=\"wp-block-paragraph\">Deux remarques rendent le r\u00e9sultat r\u00e9ellement exploitable. D&rsquo;abord le moment du pr\u00e9l\u00e8vement : la GGT monte d\u00e8s 4 \u00e0 5 jours de consommation r\u00e9p\u00e9t\u00e9e, si bien qu&rsquo;une valeur pr\u00e9lev\u00e9e juste apr\u00e8s le week-end ne d\u00e9crit pas votre situation de d\u00e9part. En pratique, il est judicieux de laisser au moins 24 heures entre le dernier verre et la prise de sang.<\/p>\n\n\n\n<p class=\"wp-block-paragraph\">Ensuite la ferritine : prot\u00e9ine de la phase aigu\u00eb, elle peut \u00eatre faussement \u00e9lev\u00e9e lors de toute inflammation et masquer une v\u00e9ritable <a href=\"\/fr\/greffe-de-cheveux-blog\/carence-en-fer-chute-de-cheveux\/\">carence en fer<\/a> , raison pour laquelle la CRP l&rsquo;accompagne comme valeur de contr\u00f4le. Un diagnostic m\u00e9dical solide constitue la base de tout traitement en cas de <strong>chute de cheveux due \u00e0 l&rsquo;alcool<\/strong>. Il aide \u00e0 engager les bonnes d\u00e9marches et \u00e0 \u00e9viter d&rsquo;\u00e9ventuelles cons\u00e9quences pour les cheveux et le cuir chevelu.<\/p>\n\n\n\n<h2 class=\"wp-block-heading\">La chute de cheveux due \u00e0 l&rsquo;alcool est-elle r\u00e9versible ?<\/h2>\n\n\n\n<p class=\"wp-block-paragraph\">Oui, en r\u00e8gle g\u00e9n\u00e9rale. Tant que la chute est diffuse et qu&rsquo;aucune autre cause ne s&rsquo;y ajoute, la part li\u00e9e \u00e0 l&rsquo;alcool est r\u00e9versible : les follicules ne sont pas d\u00e9truits, ils sont pouss\u00e9s pr\u00e9matur\u00e9ment en phase de repos. Selon StatPearls, un effluvium t\u00e9log\u00e8ne se r\u00e9sout le plus souvent spontan\u00e9ment en 6 mois au maximum apr\u00e8s la disparition du facteur d\u00e9clenchant, la densit\u00e9 compl\u00e8te pouvant demander 12 \u00e0 18 mois.<\/p>\n\n\n\n<h3 class=\"wp-block-heading\">Ce qui r\u00e9cup\u00e8re apr\u00e8s l&rsquo;arr\u00eat de l&rsquo;alcool<\/h3>\n\n\n\n<p class=\"wp-block-paragraph\">Apr\u00e8s l&rsquo;arr\u00eat de l&rsquo;alcool, plusieurs syst\u00e8mes r\u00e9cup\u00e8rent, mais pas en m\u00eame temps. Le foie et le sommeil r\u00e9agissent en premier : une GGT \u00e9lev\u00e9e se normalise en 2 \u00e0 5 semaines environ, et l&rsquo;architecture du sommeil se r\u00e9tablit au cours des m\u00eames semaines, parce que la suppression du sommeil paradoxal dispara\u00eet. L&rsquo;un comme l&rsquo;autre sont mesurables ou directement perceptibles.<\/p>\n\n\n\n<p class=\"wp-block-paragraph\">Le cheveu ne suit qu&rsquo;ensuite. La proportion de cheveux en phase t\u00e9log\u00e8ne se normalise lorsque les r\u00e9serves de nutriments sont de nouveau remplies et que l&rsquo;axe hormonal est stable : le zinc et les folates ne se perdent plus en exc\u00e8s par le rein, et l&rsquo;absorption intestinale s&rsquo;am\u00e9liore. Ce que vous pouvez mesurer, ce sont des valeurs sanguines. Ce que vous voyez, c&rsquo;est la densit\u00e9 capillaire, et elle a des mois de retard sur les valeurs de laboratoire.<\/p>\n\n\n\n<h3 class=\"wp-block-heading\">Combien de temps cela prend-il ? La chronologie apr\u00e8s l&rsquo;arr\u00eat de l&rsquo;alcool<\/h3>\n\n\n\n<p class=\"wp-block-paragraph\">Le cycle capillaire d\u00e9finit le d\u00e9lai minimal : ce qui se passe aujourd&rsquo;hui dans le follicule, vous le voyez 2 \u00e0 3 mois plus tard sur le cuir chevelu. Les premi\u00e8res repousses apparaissent 3 \u00e0 6 mois apr\u00e8s l&rsquo;arr\u00eat de l&rsquo;alcool, une chevelure visiblement plus dense plut\u00f4t apr\u00e8s 6 \u00e0 12 mois (StatPearls, Cleveland Clinic). Biologiquement, cela ne peut pas aller plus vite.<\/p>\n\n\n\n<p class=\"wp-block-paragraph\">La question du mois sans alcool trouve ainsi sa r\u00e9ponse. Trente jours sans alcool modifient de fa\u00e7on mesurable les valeurs h\u00e9patiques et le sommeil, mais pas encore la densit\u00e9 capillaire, puisque la seule phase de repos dure 3 \u00e0 4 mois. Ce n&rsquo;est pas un r\u00e9sultat d&rsquo;\u00e9tude, mais une d\u00e9duction \u00e0 partir de la dur\u00e9e du cycle : il n&rsquo;existe pas d&rsquo;\u00e9tude propre au mois sans alcool et aux cheveux.<\/p>\n\n\n\n<style>\n@media (max-width:640px){\n.rt-table-wrap{overflow-x:visible!important;border:0!important;border-radius:0!important}\n.rt-table{min-width:0!important}\n.rt-table thead{display:none}\n.rt-table,.rt-table tbody,.rt-table tr,.rt-table td{display:block;width:100%}\n.rt-table caption{display:block;padding:0 0 12px!important}\n.rt-table tr{margin:0 0 12px;border:1px solid #dbe4f0;border-radius:10px;overflow:hidden}\n.rt-table tr:last-child{margin-bottom:0}\n.rt-table td{display:flex!important;flex-direction:column;gap:3px;padding:12px 14px!important;\nborder:0!important;border-bottom:1px solid #e3e8ef!important;background:#ffffff!important}\n.rt-table tr td:last-child{border-bottom:0!important}\n.rt-table td::before{content:attr(data-label);font-size:12px;font-weight:700;letter-spacing:.04em;\ntext-transform:uppercase;color:#5799F1}\n.rt-table td:not([data-label])::before,.rt-table td[data-label=\"\"]::before{display:none}\n}\n<\/style>\n<div class=\"rt-table-wrap\" style=\"overflow-x:auto;-webkit-overflow-scrolling:touch;margin:28px 0;border:1px solid #dbe4f0;border-radius:12px\">\n  <table class=\"rt-table\" style=\"width:100%;min-width:620px;table-layout:fixed;border-collapse:separate;border-spacing:0;font-size:15px;margin:0\">\n    <caption style=\"caption-side:top;text-align:left;color:#003366;font-weight:700;font-size:16px;line-height:1.35;padding:14px 16px 10px;background:#ffffff\">Chronologie apr\u00e8s l&rsquo;arr\u00eat de l&rsquo;alcool<\/caption>\n    <thead>\n      <tr>\n        <th style=\"width:22%;background:#003366;color:#ffffff;font-weight:700;text-align:left;vertical-align:middle;padding:13px 16px;font-size:15px;line-height:1.4;border:0;overflow-wrap:break-word\">P\u00e9riode<\/th>\n        <th style=\"background:#003366;color:#ffffff;font-weight:700;text-align:left;vertical-align:middle;padding:13px 16px;font-size:15px;line-height:1.4;border:0;overflow-wrap:break-word\">Ce qui se passe dans l&rsquo;organisme<\/th>\n        <th style=\"background:#003366;color:#ffffff;font-weight:700;text-align:left;vertical-align:middle;padding:13px 16px;font-size:15px;line-height:1.4;border:0;overflow-wrap:break-word\">Ce que vous remarquez sur les cheveux<\/th>\n      <\/tr>\n    <\/thead>\n    <tbody>\n      <tr>\n        <td data-label=\"P\u00e9riode\" style=\"background:#ffffff;color:#003366;font-weight:700;text-align:left;vertical-align:top;padding:13px 16px;font-size:15px;line-height:1.55;border:0;border-bottom:1px solid #e3e8ef;overflow-wrap:break-word\">Semaines 1 \u00e0 4<\/td>\n        <td data-label=\"Ce qui se passe dans l'organisme\" style=\"background:#ffffff;color:#22303e;font-weight:400;text-align:left;vertical-align:top;padding:13px 16px;font-size:15px;line-height:1.55;border:0;border-bottom:1px solid #e3e8ef;overflow-wrap:break-word\">les valeurs h\u00e9patiques \u00e9lev\u00e9es commencent \u00e0 baisser, l&rsquo;architecture du sommeil se normalise, l&rsquo;\u00e9quilibre hydrique se stabilise<\/td>\n        <td data-label=\"Ce que vous remarquez sur les cheveux\" style=\"background:#ffffff;color:#22303e;font-weight:400;text-align:left;vertical-align:top;padding:13px 16px;font-size:15px;line-height:1.55;border:0;border-bottom:1px solid #e3e8ef;overflow-wrap:break-word\">encore aucun changement, et c&rsquo;est normal ; le cuir chevelu semble souvent moins sec<\/td>\n      <\/tr>\n      <tr>\n        <td data-label=\"P\u00e9riode\" style=\"background:#f6f9fc;color:#003366;font-weight:700;text-align:left;vertical-align:top;padding:13px 16px;font-size:15px;line-height:1.55;border:0;border-bottom:1px solid #e3e8ef;overflow-wrap:break-word\">Mois 2 \u00e0 3<\/td>\n        <td data-label=\"Ce qui se passe dans l'organisme\" style=\"background:#f6f9fc;color:#22303e;font-weight:400;text-align:left;vertical-align:top;padding:13px 16px;font-size:15px;line-height:1.55;border:0;border-bottom:1px solid #e3e8ef;overflow-wrap:break-word\">les r\u00e9serves de nutriments se remplissent avec une alimentation \u00e9quilibr\u00e9e ou une suppl\u00e9mentation cibl\u00e9e, la GGT continue de se normaliser<\/td>\n        <td data-label=\"Ce que vous remarquez sur les cheveux\" style=\"background:#f6f9fc;color:#22303e;font-weight:400;text-align:left;vertical-align:top;padding:13px 16px;font-size:15px;line-height:1.55;border:0;border-bottom:1px solid #e3e8ef;overflow-wrap:break-word\">la chute se calme, moins de cheveux au lavage et au brossage<\/td>\n      <\/tr>\n      <tr>\n        <td data-label=\"P\u00e9riode\" style=\"background:#ffffff;color:#003366;font-weight:700;text-align:left;vertical-align:top;padding:13px 16px;font-size:15px;line-height:1.55;border:0;border-bottom:1px solid #e3e8ef;overflow-wrap:break-word\">Mois 3 \u00e0 6<\/td>\n        <td data-label=\"Ce qui se passe dans l'organisme\" style=\"background:#ffffff;color:#22303e;font-weight:400;text-align:left;vertical-align:top;padding:13px 16px;font-size:15px;line-height:1.55;border:0;border-bottom:1px solid #e3e8ef;overflow-wrap:break-word\">les follicules envoy\u00e9s pr\u00e9matur\u00e9ment en phase de repos repassent en phase de croissance<\/td>\n        <td data-label=\"Ce que vous remarquez sur les cheveux\" style=\"background:#ffffff;color:#22303e;font-weight:400;text-align:left;vertical-align:top;padding:13px 16px;font-size:15px;line-height:1.55;border:0;border-bottom:1px solid #e3e8ef;overflow-wrap:break-word\">premiers cheveux courts et fins \u00e0 la raie et \u00e0 la ligne frontale<\/td>\n      <\/tr>\n      <tr>\n        <td data-label=\"P\u00e9riode\" style=\"background:#f6f9fc;color:#003366;font-weight:700;text-align:left;vertical-align:top;padding:13px 16px;font-size:15px;line-height:1.55;border:0;border-bottom:1px solid #e3e8ef;overflow-wrap:break-word\">Mois 6 \u00e0 12<\/td>\n        <td data-label=\"Ce qui se passe dans l'organisme\" style=\"background:#f6f9fc;color:#22303e;font-weight:400;text-align:left;vertical-align:top;padding:13px 16px;font-size:15px;line-height:1.55;border:0;border-bottom:1px solid #e3e8ef;overflow-wrap:break-word\">la proportion de cheveux en phase t\u00e9log\u00e8ne est normalis\u00e9e, le nouveau cheveu gagne en longueur et en diam\u00e8tre<\/td>\n        <td data-label=\"Ce que vous remarquez sur les cheveux\" style=\"background:#f6f9fc;color:#22303e;font-weight:400;text-align:left;vertical-align:top;padding:13px 16px;font-size:15px;line-height:1.55;border:0;border-bottom:1px solid #e3e8ef;overflow-wrap:break-word\">chevelure visiblement plus dense, structure plus vigoureuse<\/td>\n      <\/tr>\n      <tr>\n        <td data-label=\"P\u00e9riode\" style=\"background:#ffffff;color:#003366;font-weight:700;text-align:left;vertical-align:top;padding:13px 16px;font-size:15px;line-height:1.55;border:0;overflow-wrap:break-word\">\u00c0 partir du mois 12<\/td>\n        <td data-label=\"Ce qui se passe dans l'organisme\" style=\"background:#ffffff;color:#22303e;font-weight:400;text-align:left;vertical-align:top;padding:13px 16px;font-size:15px;line-height:1.55;border:0;overflow-wrap:break-word\">le cycle capillaire fonctionne de nouveau normalement<\/td>\n        <td data-label=\"Ce que vous remarquez sur les cheveux\" style=\"background:#ffffff;color:#22303e;font-weight:400;text-align:left;vertical-align:top;padding:13px 16px;font-size:15px;line-height:1.55;border:0;overflow-wrap:break-word\">la densit\u00e9 compl\u00e8te peut demander jusqu&rsquo;\u00e0 18 mois ; s&rsquo;il reste un motif, cela plaide pour une chute de cheveux h\u00e9r\u00e9ditaire<\/td>\n      <\/tr>\n    <\/tbody>\n  <\/table>\n<\/div>\n\n\n<div class=\"wp-block-image\">\n<figure class=\"aligncenter size-large is-resized\" style=\"max-width:560px;margin-left:auto;margin-right:auto\"><img decoding=\"async\" src=\"https:\/\/elithair.com\/fr\/wp-content\/uploads\/sites\/9\/2026\/08\/zeitachse_alkoholverzicht__fr.png\" alt=\"Chronologie apr\u00e8s l'arr\u00eat de l'alcool, avec quatre \u00e9tapes de la semaine 1 au mois 12 et une densit\u00e9 capillaire croissante\" class=\"wp-image-101811\" style=\"width:560px;max-width:100%;height:auto\"\/><\/figure>\n<\/div>\n\n\n<h3 class=\"wp-block-heading\">Quand une r\u00e9cup\u00e9ration compl\u00e8te n&rsquo;est pas \u00e0 attendre<\/h3>\n\n\n\n<p class=\"wp-block-paragraph\">Quatre situations freinent la r\u00e9cup\u00e9ration. D&rsquo;abord une alop\u00e9cie androg\u00e9n\u00e9tique surajout\u00e9e : la part g\u00e9n\u00e9tique poursuit son \u00e9volution ind\u00e9pendamment de l&rsquo;arr\u00eat de l&rsquo;alcool. Ensuite des carences install\u00e9es de longue date, qui demandent plus de temps qu&rsquo;un cycle. Puis des maladies associ\u00e9es non trait\u00e9es du foie ou de la thyro\u00efde. Enfin une consommation qui reste \u00e9lev\u00e9e.<\/p>\n\n\n\n<h2 class=\"wp-block-heading\">Traitement de la chute de cheveux li\u00e9e \u00e0 l&rsquo;alcool<\/h2>\n\n\n\n<p class=\"wp-block-paragraph\">La mesure la plus importante en cas de <strong>chute de cheveux li\u00e9e \u00e0 l&rsquo;alcool<\/strong> est la r\u00e9duction ou l&rsquo;arr\u00eat complet de l&rsquo;alcool. Deux volets s&rsquo;y ajoutent : corriger les carences constat\u00e9es et laisser du temps au cycle capillaire. Si la consommation d&rsquo;alcool est limit\u00e9e pr\u00e9cocement, la pousse des cheveux peut, dans de nombreux cas, se r\u00e9tablir.<\/p>\n\n\n\n<p class=\"wp-block-paragraph\">Comme l&rsquo;organisme a besoin de temps pour \u00e9liminer les substances toxiques et combler les d\u00e9ficits en nutriments, la r\u00e9g\u00e9n\u00e9ration n&rsquo;est toutefois pas imm\u00e9diate. Ne rien voir changer au bout de quatre semaines ne signifie pas que vous faites quelque chose de travers : c&rsquo;est simplement le rythme de la biologie.<\/p>\n\n\n\n<p class=\"wp-block-paragraph\">Les compl\u00e9ments en nutriments aident l\u00e0 o\u00f9 une carence est \u00e9tablie, et pas ailleurs. Ici plus qu&rsquo;ailleurs, la r\u00e8gle est de mesurer d&rsquo;abord et de suppl\u00e9menter ensuite, car de fortes doses d&rsquo;oligo-\u00e9l\u00e9ments isol\u00e9s ont leurs propres inconv\u00e9nients. Les shampooings ne s&rsquo;attaquent pas \u00e0 la cause : ils peuvent apaiser un cuir chevelu irrit\u00e9, rien de plus.<\/p>\n\n\n\n<p class=\"wp-block-paragraph\">Une mise en garde s&rsquo;impose sur ce sujet : une personne qui a beaucoup bu pendant des ann\u00e9es ne devrait pas arr\u00eater brutalement de sa propre initiative. Un sevrage peut devenir physiquement dangereux et demande un accompagnement m\u00e9dical. Vos interlocuteurs sont votre m\u00e9decin traitant et <a href=\"https:\/\/www.alcool-info-service.fr\/\" target=\"_blank\" rel=\"noopener\">les services d&rsquo;Alcool Info Service<\/a>.<\/p>\n\n\n\n<p class=\"wp-block-paragraph\">Si des follicules sont durablement endommag\u00e9s ou d\u00e9truits, une repousse naturelle n&rsquo;est plus possible. Ce n&rsquo;est cependant pas le cas de la part li\u00e9e \u00e0 l&rsquo;alcool : les follicules d\u00e9truits ou remplac\u00e9s par du tissu cicatriciel rel\u00e8vent d&rsquo;autres tableaux cliniques. S&rsquo;il reste, apr\u00e8s l&rsquo;arr\u00eat et avec des valeurs sanguines \u00e9quilibr\u00e9es, un motif aux tempes et au sommet du cr\u00e2ne, il s&rsquo;agit le plus souvent d&rsquo;une alop\u00e9cie androg\u00e9n\u00e9tique sous-jacente, qui poursuit son \u00e9volution de fa\u00e7on autonome.<\/p>\n\n\n\n<p class=\"wp-block-paragraph\">Dans ces cas, une <a href=\"\/fr\/traitement\/greffe-de-cheveux\/\">greffe de cheveux<\/a> peut constituer une option pertinente. Cela suppose toutefois une situation de sant\u00e9 stable et un rapport ma\u00eetris\u00e9 \u00e0 l&rsquo;alcool, celui-ci pouvant nuire au processus de cicatrisation et \u00e0 la prise des cheveux transplant\u00e9s. La part li\u00e9e \u00e0 l&rsquo;alcool, elle, n&rsquo;a pas besoin d&rsquo;une greffe, mais de temps.<\/p>\n\n\n\n<div style=\"border-left:4px solid #013366;background:#f6f9fc;border-radius:10px;padding:18px 20px;margin:28px 0\">\n<p style=\"margin:0 0 8px;color:#013366;font-weight:700;font-size:17px\">Ce que l&rsquo;on observe en pratique<\/p>\n<p style=\"margin:0;color:#2e3033;font-size:16px;line-height:1.65\">En analyse capillaire, l&rsquo;alcool est rarement la seule cause. Il appara\u00eet le plus souvent comme un amplificateur, aux c\u00f4t\u00e9s d&rsquo;une carence en nutriments, du stress et d&rsquo;une pr\u00e9disposition g\u00e9n\u00e9tique. C&rsquo;est pourquoi nous mesurons d&rsquo;abord et d\u00e9cidons ensuite si un traitement est bien la bonne r\u00e9ponse. Une chute diffuse due \u00e0 un facteur que l&rsquo;on peut supprimer ne rel\u00e8ve pas du bloc op\u00e9ratoire, mais d&rsquo;abord d&rsquo;un bilan.<\/p>\n<\/div>\n\n\n\n<h2 class=\"wp-block-heading\">L&rsquo;alcool avant et apr\u00e8s une greffe de cheveux<\/h2>\n\n\n\n<p class=\"wp-block-paragraph\">Avant une greffe de cheveux et pendant la phase de cicatrisation qui suit, l&rsquo;alcool doit \u00eatre \u00e9vit\u00e9 de fa\u00e7on stricte. C&rsquo;est la seule mani\u00e8re de r\u00e9unir des conditions optimales pour la r\u00e9g\u00e9n\u00e9ration du cuir chevelu et un r\u00e9sultat durable. Dans les premiers jours apr\u00e8s l&rsquo;intervention, l&rsquo;abstinence est totale ; ensuite, ce sont les consignes de suivi de votre clinique qui donnent le cadre. Nous ne citons volontairement pas un nombre de jours valable pour tous, parce que les traitements et la cicatrisation varient d&rsquo;une personne \u00e0 l&rsquo;autre.<\/p>\n\n\n\n<p class=\"wp-block-paragraph\">Trois raisons l&rsquo;expliquent. L&rsquo;alcool augmente la tendance au saignement et au gonflement dans les zones donneuse et receveuse. Il perturbe la cicatrisation pr\u00e9cis\u00e9ment \u00e0 la phase o\u00f9 les greffons prennent. Et il se combine mal avec les antalgiques, les antibiotiques et les cortico\u00efdes prescrits.<\/p>\n\n\n\n<p class=\"wp-block-paragraph\">Pour la p\u00e9riode pr\u00e9c\u00e9dant l&rsquo;intervention, la litt\u00e9rature apporte un argument suppl\u00e9mentaire : la revue Cochrane d&rsquo;Egholm et de ses coll\u00e8gues (2018) montre que des programmes intensifs d&rsquo;abstinence 4 \u00e0 8 semaines avant une op\u00e9ration r\u00e9duisent probablement les complications postop\u00e9ratoires, dont les infections, les troubles de cicatrisation et les \u00e9pisodes h\u00e9morragiques. Il s&rsquo;agit de donn\u00e9es chirurgicales g\u00e9n\u00e9rales, pas d&rsquo;une consigne propre \u00e0 Elithair.<\/p>\n\n\n\n<div style=\"border-left:4px solid #0079F1;background:#f6f9fc;border-radius:0 10px 10px 0;padding:14px 18px;margin:24px 0\">\n<p style=\"margin:0;color:#2e3033;font-size:15px;line-height:1.65\"><span style=\"color:#013366;font-weight:700\">\u2192 \u00c0 lire aussi :<\/span> Ce qui s&rsquo;applique semaine apr\u00e8s semaine apr\u00e8s l&rsquo;op\u00e9ration est d\u00e9taill\u00e9 jour par jour dans l&rsquo;article sur les <a href=\"\/fr\/greffe-de-cheveux-blog\/soins-apres-votre-greffe-de-cheveux\/\">consignes apr\u00e8s une greffe de cheveux<\/a>. Pour les fumeurs, la logique est comparable, \u00e0 lire sous <a href=\"\/fr\/greffe-de-cheveux-blog\/fumer-apres-une-greffe-de-cheveux\/\">tabac apr\u00e8s une greffe de cheveux<\/a>.<\/p>\n<\/div>\n\n\n\n<h2 class=\"wp-block-heading\">Pr\u00e9venir la chute de cheveux due \u00e0 l&rsquo;alcool<\/h2>\n\n\n\n<p class=\"wp-block-paragraph\">La mesure la plus efficace pour pr\u00e9venir la <strong>chute de cheveux due \u00e0 l&rsquo;alcool<\/strong> est un rapport conscient et mesur\u00e9 \u00e0 l&rsquo;alcool, ou l&rsquo;abstinence compl\u00e8te. Lorsque les cheveux sont d\u00e9j\u00e0 clairsem\u00e9s ou qu&rsquo;une chute d\u00e9bute, la consommation d&rsquo;alcool peut accentuer encore la perte. L&rsquo;abstinence n&rsquo;est pas indispensable pour cela ; ce qui compte, c&rsquo;est de rester en dessous du seuil \u00e0 partir duquel l&rsquo;\u00e9quilibre nutritionnel et hormonal bascule.<\/p>\n\n\n\n<figure class=\"wp-block-image size-full\"><img decoding=\"async\" src=\"https:\/\/elithair.com\/fr\/wp-content\/uploads\/sites\/9\/2026\/08\/bestand_91567.png\" alt=\"Une personne refuse un verre d'alcool qu'on lui tend\" class=\"wp-image-101814\"\/><\/figure>\n\n\n\n<p class=\"wp-block-paragraph\">Pour pr\u00e9venir une chute de cheveux li\u00e9e \u00e0 l&rsquo;alcool, mieux vaut \u00e9viter de solliciter l&rsquo;organisme davantage. Outre une r\u00e9duction de la consommation d&rsquo;alcool, une alimentation \u00e9quilibr\u00e9e joue \u00e9galement un r\u00f4le important, car un bon apport en nutriments soutient les follicules pileux et stabilise durablement la sant\u00e9 du cheveu.<\/p>\n\n\n\n<div style=\"margin:26px 0\">\n<p style=\"margin:0 0 14px;color:#013366;font-weight:700;font-size:18px\">En pratique : quatre rep\u00e8res qui tiennent au quotidien<\/p>\n<div style=\"border:1px solid #e3e8ef;border-radius:10px;padding:16px;margin-bottom:12px;background:#ffffff\">\n<p style=\"margin:0 0 6px;color:#013366;font-weight:600;font-size:16px;line-height:1.45\"><span style=\"color:#0079F1;font-weight:700\">&#10003;<\/span> Pr\u00e9voir des jours sans alcool fixes chaque semaine<\/p>\n<p style=\"margin:0;color:#2e3033;font-size:15px;line-height:1.6\">Les rep\u00e8res fran\u00e7ais de consommation \u00e0 moindre risque pr\u00e9voient au moins deux jours sans alcool par semaine. Des jours fixes sont plus faciles \u00e0 tenir qu&rsquo;un vague \u00ab moins \u00bb.<\/p>\n<\/div>\n<div style=\"border:1px solid #e3e8ef;border-radius:10px;padding:16px;margin-bottom:12px;background:#ffffff\">\n<p style=\"margin:0 0 6px;color:#013366;font-weight:600;font-size:16px;line-height:1.45\"><span style=\"color:#0079F1;font-weight:700\">&#10003;<\/span> Compter la quantit\u00e9 en verres standard plut\u00f4t que l&rsquo;estimer au ressenti<\/p>\n<p style=\"margin:0;color:#2e3033;font-size:15px;line-height:1.6\">1 verre standard, c&rsquo;est un demi de bi\u00e8re \u00e0 5\u00b0 (25 cl), un ballon de vin \u00e0 12\u00b0 (10 cl) ou un verre de whisky \u00e0 40\u00b0 (2,5 cl). En comptant pendant une semaine, vous connaissez votre chiffre et pouvez le citer en consultation.<\/p>\n<\/div>\n<div style=\"border:1px solid #e3e8ef;border-radius:10px;padding:16px;margin-bottom:12px;background:#ffffff\">\n<p style=\"margin:0 0 6px;color:#013366;font-weight:600;font-size:16px;line-height:1.45\"><span style=\"color:#0079F1;font-weight:700\">&#10003;<\/span> Penser \u00e0 l&rsquo;apport en nutriments les jours o\u00f9 l&rsquo;on boit<\/p>\n<p style=\"margin:0;color:#2e3033;font-size:15px;line-height:1.6\">Le zinc, les folates, les vitamines B et le fer sont pr\u00e9cis\u00e9ment les apports que l&rsquo;alcool met \u00e0 mal. Un repas \u00e9quilibr\u00e9 est ici plus efficace qu&rsquo;une g\u00e9lule prise sans bilan.<\/p>\n<\/div>\n<div style=\"border:1px solid #e3e8ef;border-radius:10px;padding:16px;margin-bottom:12px;background:#ffffff\">\n<p style=\"margin:0 0 6px;color:#013366;font-weight:600;font-size:16px;line-height:1.45\"><span style=\"color:#0079F1;font-weight:700\">&#10003;<\/span> Faire contr\u00f4ler les valeurs sanguines lorsque les cheveux sont d\u00e9j\u00e0 clairsem\u00e9s<\/p>\n<p style=\"margin:0;color:#2e3033;font-size:15px;line-height:1.6\">La ferritine avec la CRP, le zinc, les folates, la vitamine B12 et les valeurs h\u00e9patiques montrent s&rsquo;il y a autre chose qu&rsquo;une supposition derri\u00e8re la chute. Le bon moment pour la prise de sang est indiqu\u00e9 dans la section consacr\u00e9e au diagnostic.<\/p>\n<\/div>\n<\/div>\n\n\n\n<h2 class=\"wp-block-heading\">Conclusion : l&rsquo;alcool peut nuire \u00e0 la pousse des cheveux de plusieurs mani\u00e8res<\/h2>\n\n\n\n<p class=\"wp-block-paragraph\"><strong>La chute de cheveux due \u00e0 l&rsquo;alcool<\/strong> peut appara\u00eetre lorsqu&rsquo;une consommation r\u00e9guli\u00e8re ou excessive sollicite l&rsquo;organisme sur la dur\u00e9e. L&rsquo;alcool d\u00e9grade l&rsquo;apport des follicules pileux en nutriments essentiels et peut influencer des processus hormonaux qui accentuent une perte de cheveux existante. S&rsquo;y ajoutent une barri\u00e8re du cuir chevelu plus s\u00e8che et plus sujette \u00e0 l&rsquo;inflammation, ainsi qu&rsquo;un sommeil de moins bonne qualit\u00e9.<\/p>\n\n\n\n<p class=\"wp-block-paragraph\">La mesure la plus efficace en cas de chute de cheveux li\u00e9e \u00e0 l&rsquo;alcool est une r\u00e9duction nette ou l&rsquo;arr\u00eat complet de l&rsquo;alcool. Deux pr\u00e9cisions l&rsquo;accompagnent. Une consommation mod\u00e9r\u00e9e n&rsquo;est pas d\u00e9montr\u00e9e comme cause : une bi\u00e8re apr\u00e8s le travail n&rsquo;est pas un motif de panique. C&rsquo;est une consommation \u00e9lev\u00e9e maintenue pendant des mois qui constitue le domaine dans lequel les m\u00e9canismes d\u00e9crits op\u00e8rent.<\/p>\n\n\n\n<p class=\"wp-block-paragraph\">Si les follicules pileux sont encore intacts, la pousse des cheveux peut, dans de nombreux cas, se stabiliser de nouveau apr\u00e8s un changement de mode de vie. Les d\u00e9lais doivent rester r\u00e9alistes : premi\u00e8res repousses apr\u00e8s 3 \u00e0 6 mois, chevelure plus dense plut\u00f4t apr\u00e8s 6 \u00e0 12 mois. En cas de troubles persistants ou de doutes, une \u00e9valuation m\u00e9dicale est recommand\u00e9e afin de traiter la cause de fa\u00e7on cibl\u00e9e et d&rsquo;\u00e9viter d&rsquo;autres dommages.<\/p>\n\n\n<div class=\"wp-block-image\">\n<figure class=\"aligncenter size-large is-resized\" style=\"max-width:720px;margin-left:auto;margin-right:auto\"><img decoding=\"async\" src=\"https:\/\/elithair.com\/fr\/wp-content\/uploads\/sites\/9\/2026\/08\/morgenlicht_spiegel.png\" alt=\"Homme approchant la quarantaine observant sa ligne de cheveux devant le miroir dans la lumi\u00e8re du matin\" class=\"wp-image-101812\" style=\"width:720px;max-width:100%;height:auto\"\/><\/figure>\n<\/div>\n\n\n<h2 class=\"wp-block-heading\">Questions fr\u00e9quentes sur l&rsquo;alcool et la chute de cheveux<\/h2>\n\n\n\n<div style=\"margin:26px 0\">\n<div style=\"border:1px solid #e3e8ef;border-radius:10px;padding:16px;margin-bottom:12px;background:#ffffff\">\n<p style=\"margin:0 0 6px;color:#013366;font-weight:600;font-size:17px;line-height:1.45\">Comment l&rsquo;alcool influence-t-il l&rsquo;\u00e9quilibre hormonal et provoque-t-il une chute de cheveux ?<\/p>\n<p style=\"margin:0;color:#2e3033;font-size:15px;line-height:1.65\"><strong>En deux temps, et les deux temps vont dans des directions oppos\u00e9es.<\/strong> Une faible dose \u00e9l\u00e8ve l\u00e9g\u00e8rement et bri\u00e8vement la testost\u00e9rone chez l&rsquo;homme, de 13,5 \u00e0 16,0 nmol\/l chez Sarkola et Eriksson (2003), avec un effet qui se dissipe en 2 \u00e0 6 heures. En cas de consommation chronique \u00e9lev\u00e9e avec atteinte h\u00e9patique, cela bascule : plus d&rsquo;activit\u00e9 aromatase, d\u00e9placement vers les \u0153strog\u00e8nes, testost\u00e9rone en baisse. La cha\u00eene \u00ab alcool, plus de DHT, plus de chute de cheveux \u00bb n&rsquo;est pas d\u00e9montr\u00e9e.<\/p>\n<\/div>\n<div style=\"border:1px solid #e3e8ef;border-radius:10px;padding:16px;margin-bottom:12px;background:#ffffff\">\n<p style=\"margin:0 0 6px;color:#013366;font-weight:600;font-size:17px;line-height:1.45\">Quel r\u00f4le joue l&rsquo;alimentation dans la chute de cheveux li\u00e9e \u00e0 l&rsquo;alcool ?<\/p>\n<p style=\"margin:0;color:#2e3033;font-size:15px;line-height:1.65\"><strong>Un r\u00f4le central, parce que l&rsquo;alcool attaque le r\u00e9approvisionnement.<\/strong> L&rsquo;alcool peut provoquer des carences en perturbant l&rsquo;absorption de nutriments comme les vitamines et les min\u00e9raux, n\u00e9cessaires \u00e0 une pousse saine des cheveux. S&rsquo;ils manquent pendant des mois, davantage de follicules passent pr\u00e9matur\u00e9ment en phase de repos. Les nutriments dont le cheveu a besoin sont d\u00e9taill\u00e9s dans l&rsquo;article sur les <a href=\"\/fr\/greffe-de-cheveux-blog\/vitamines-chute-de-cheveux\/\">vitamines contre la chute de cheveux<\/a>.<\/p>\n<\/div>\n<div style=\"border:1px solid #e3e8ef;border-radius:10px;padding:16px;margin-bottom:12px;background:#ffffff\">\n<p style=\"margin:0 0 6px;color:#013366;font-weight:600;font-size:17px;line-height:1.45\">Existe-t-il des nutriments particuli\u00e8rement affect\u00e9s par la consommation d&rsquo;alcool et responsables de la chute de cheveux ?<\/p>\n<p style=\"margin:0;color:#2e3033;font-size:15px;line-height:1.65\"><strong>Oui, en particulier les vitamines B, la vitamine C, le zinc et le fer peuvent diminuer sous l&rsquo;effet d&rsquo;une consommation excessive d&rsquo;alcool, ce qui peut entra\u00eener une chute de cheveux.<\/strong> Pour le zinc, on d\u00e9crit une absorption intestinale r\u00e9duite avec, en m\u00eame temps, une \u00e9limination r\u00e9nale accrue ; pour les folates, l&rsquo;intestin, le foie et le rein se cumulent comme voies de perte. Cela ne se d\u00e9montre que dans le sang, pas sur le cheveu.<\/p>\n<\/div>\n<div style=\"border:1px solid #e3e8ef;border-radius:10px;padding:16px;margin-bottom:12px;background:#ffffff\">\n<p style=\"margin:0 0 6px;color:#013366;font-weight:600;font-size:17px;line-height:1.45\">Comment inverser la chute de cheveux lorsqu&rsquo;elle est due \u00e0 l&rsquo;alcool ?<\/p>\n<p style=\"margin:0;color:#2e3033;font-size:15px;line-height:1.65\"><strong>En r\u00e8gle g\u00e9n\u00e9rale, la part li\u00e9e \u00e0 l&rsquo;alcool est r\u00e9versible.<\/strong> Une <a href=\"https:\/\/www.mangerbouger.fr\/\" target=\"_blank\" rel=\"noopener\">alimentation \u00e9quilibr\u00e9e<\/a>, un apport hydrique suffisant et l&rsquo;arr\u00eat de l&rsquo;alcool peuvent aider \u00e0 stopper la chute et \u00e0 relancer la pousse des cheveux. Les follicules ne sont pas d\u00e9truits, ils sont pr\u00e9matur\u00e9ment en phase de repos : selon StatPearls, un effluvium t\u00e9log\u00e8ne se r\u00e9sout le plus souvent en 6 mois au maximum, la densit\u00e9 compl\u00e8te pouvant demander 12 \u00e0 18 mois.<\/p>\n<\/div>\n<div style=\"border:1px solid #e3e8ef;border-radius:10px;padding:16px;margin-bottom:12px;background:#ffffff\">\n<p style=\"margin:0 0 6px;color:#013366;font-weight:600;font-size:17px;line-height:1.45\">Certaines boissons alcoolis\u00e9es sont-elles plus nocives pour les cheveux que d&rsquo;autres ?<\/p>\n<p style=\"margin:0;color:#2e3033;font-size:15px;line-height:1.65\"><strong>Non, c&rsquo;est la quantit\u00e9 d&rsquo;alcool pur qui compte, pas le type de boisson.<\/strong> Sant\u00e9 publique France et l&rsquo;OMS comptent exclusivement en grammes. Un demi de bi\u00e8re \u00e0 5\u00b0 (25 cl), un ballon de vin \u00e0 12\u00b0 (10 cl) et un verre de whisky \u00e0 40\u00b0 (2,5 cl) contiennent la m\u00eame quantit\u00e9, environ 10 g. Ce qui est d\u00e9terminant, c&rsquo;est la quantit\u00e9 totale par semaine, pas ce qu&rsquo;il y a dans le verre.<\/p>\n<\/div>\n<div style=\"border:1px solid #e3e8ef;border-radius:10px;padding:16px;margin-bottom:12px;background:#ffffff\">\n<p style=\"margin:0 0 6px;color:#013366;font-weight:600;font-size:17px;line-height:1.45\">Une consommation mod\u00e9r\u00e9e d&rsquo;alcool peut-elle aussi provoquer une chute de cheveux, ou cela ne concerne-t-il que la forte consommation ?<\/p>\n<p style=\"margin:0;color:#2e3033;font-size:15px;line-height:1.65\"><strong>Le lien n&rsquo;est d\u00e9montr\u00e9 que pour une consommation chronique \u00e9lev\u00e9e.<\/strong> Une consommation forte et r\u00e9guli\u00e8re est plus probablement une cause de chute de cheveux, m\u00eame si une consommation mod\u00e9r\u00e9e pourrait th\u00e9oriquement jouer un r\u00f4le chez des personnes particuli\u00e8rement sensibles. Aucune \u00e9tude ne le d\u00e9montre. Indiquez tout de m\u00eame la quantit\u00e9 en consultation, car elle modifie l&rsquo;interpr\u00e9tation des valeurs sanguines.<\/p>\n<\/div>\n<div style=\"border:1px solid #e3e8ef;border-radius:10px;padding:16px;margin-bottom:12px;background:#ffffff\">\n<p style=\"margin:0 0 6px;color:#013366;font-weight:600;font-size:17px;line-height:1.45\">Combien de temps faut-il, apr\u00e8s l&rsquo;arr\u00eat de l&rsquo;alcool, pour que les cheveux aillent mieux ?<\/p>\n<p style=\"margin:0;color:#2e3033;font-size:15px;line-height:1.65\"><strong>Premi\u00e8res repousses apr\u00e8s 3 \u00e0 6 mois, chevelure visiblement plus dense plut\u00f4t apr\u00e8s 6 \u00e0 12 mois.<\/strong> La raison en est le cycle capillaire : entre ce qui se passe dans le follicule et ce que vous voyez sur le cuir chevelu, il y a 2 \u00e0 3 mois. Biologiquement, cela ne peut pas aller plus vite.<\/p>\n<\/div>\n<div style=\"border:1px solid #e3e8ef;border-radius:10px;padding:16px;margin-bottom:12px;background:#ffffff\">\n<p style=\"margin:0 0 6px;color:#013366;font-weight:600;font-size:17px;line-height:1.45\">Perd-on d&rsquo;abord davantage de cheveux apr\u00e8s l&rsquo;arr\u00eat de l&rsquo;alcool ?<\/p>\n<p style=\"margin:0;color:#2e3033;font-size:15px;line-height:1.65\"><strong>C&rsquo;est possible, mais ce n&rsquo;est pas d\u00e9montr\u00e9 pour l&rsquo;arr\u00eat de l&rsquo;alcool.<\/strong> Lors d&rsquo;un sevrage, un stress physique s&rsquo;exerce, et le stress est un facteur d\u00e9clenchant connu d&rsquo;effluvium t\u00e9log\u00e8ne ; une telle pouss\u00e9e serait passag\u00e8re. Apr\u00e8s des ann\u00e9es de forte consommation, l&rsquo;arr\u00eat doit \u00eatre accompagn\u00e9 par un m\u00e9decin.<\/p>\n<\/div>\n<div style=\"border:1px solid #e3e8ef;border-radius:10px;padding:16px;margin-bottom:12px;background:#ffffff\">\n<p style=\"margin:0 0 6px;color:#013366;font-weight:600;font-size:17px;line-height:1.45\">Un mois sans alcool apporte-t-il quelque chose aux cheveux ?<\/p>\n<p style=\"margin:0;color:#2e3033;font-size:15px;line-height:1.65\"><strong>En partie : oui pour le foie et le sommeil, pas encore pour la densit\u00e9 capillaire.<\/strong> Une GGT \u00e9lev\u00e9e se normalise apr\u00e8s abstinence en 2 \u00e0 5 semaines environ, alors que la seule phase de repos du cheveu dure 3 \u00e0 4 mois. Trente jours sont donc un point de rep\u00e8re, pas un r\u00e9sultat visible sur les cheveux.<\/p>\n<\/div>\n<div style=\"border:1px solid #e3e8ef;border-radius:10px;padding:16px;margin-bottom:12px;background:#ffffff\">\n<p style=\"margin:0 0 6px;color:#013366;font-weight:600;font-size:17px;line-height:1.45\">Combien de temps dois-je \u00e9viter l&rsquo;alcool avant et apr\u00e8s une greffe de cheveux ?<\/p>\n<p style=\"margin:0;color:#2e3033;font-size:15px;line-height:1.65\"><strong>Compl\u00e8tement les premiers jours apr\u00e8s l&rsquo;intervention, ensuite ce sont les consignes de votre clinique qui s&rsquo;appliquent.<\/strong> Les raisons sont la tendance au saignement, les interactions avec les antalgiques et les antibiotiques, ainsi que l&rsquo;effet d\u00e9shydratant. Pour la p\u00e9riode pr\u00e9c\u00e9dente, la revue Cochrane (2018) montre que l&rsquo;abstinence 4 \u00e0 8 semaines avant une op\u00e9ration r\u00e9duit probablement les complications.<\/p>\n<\/div>\n<div style=\"border:1px solid #e3e8ef;border-radius:10px;padding:16px;margin-bottom:12px;background:#ffffff\">\n<p style=\"margin:0 0 6px;color:#013366;font-weight:600;font-size:17px;line-height:1.45\">L&rsquo;alcool provoque-t-il des golfes temporaux ou des cheveux gris ?<\/p>\n<p style=\"margin:0;color:#2e3033;font-size:15px;line-height:1.65\"><strong>Non.<\/strong> Les golfes temporaux sont le motif de la chute de cheveux h\u00e9r\u00e9ditaire ; l&rsquo;alcool peut le rendre plus visible, mais n&rsquo;est pas consid\u00e9r\u00e9 comme une cause. Pour le grisonnement pr\u00e9coce, c&rsquo;est surtout le tabac qui est d\u00e9montr\u00e9 (Journal of the American Academy of Dermatology) ; pour l&rsquo;alcool seul, le lien est nettement plus faible et n&rsquo;est pas confirm\u00e9 de fa\u00e7on comparable.<\/p>\n<\/div>\n<div style=\"border:1px solid #e3e8ef;border-radius:10px;padding:16px;margin-bottom:12px;background:#ffffff\">\n<p style=\"margin:0 0 6px;color:#013366;font-weight:600;font-size:17px;line-height:1.45\">L&rsquo;alcool contenu dans les shampooings et les soins capillaires (alcohol denat.) pose-t-il aussi probl\u00e8me ?<\/p>\n<p style=\"margin:0;color:#2e3033;font-size:15px;line-height:1.65\"><strong>Non, c&rsquo;est un autre m\u00e9canisme.<\/strong> L&rsquo;alcohol denat. est un solvant qui peut rendre le cuir chevelu sec et irrit\u00e9, sans endommager la racine du cheveu. Les solutions de minoxidil contiennent elles aussi le plus souvent de l&rsquo;\u00e9thanol ou du propyl\u00e8ne glycol. Les sensations de br\u00fblure et les squames fr\u00e9quentes dans ce cas sont souvent prises \u00e0 tort pour un effet de l&rsquo;alcool bu.<\/p>\n<\/div>\n<div style=\"border:1px solid #e3e8ef;border-radius:10px;padding:16px;margin-bottom:12px;background:#ffffff\">\n<p style=\"margin:0 0 6px;color:#013366;font-weight:600;font-size:17px;line-height:1.45\">L&rsquo;alcool aggrave-t-il les pellicules ou une inflammation du cuir chevelu ?<\/p>\n<p style=\"margin:0;color:#2e3033;font-size:15px;line-height:1.65\"><strong>Oui, il existe des donn\u00e9es \u00e0 ce sujet.<\/strong> Dans une \u00e9tude parue dans Acta Dermato-Venereologica, la consommation r\u00e9guli\u00e8re d&rsquo;alcool \u00e9tait associ\u00e9e \u00e0 un odds ratio de 10,2 pour les pouss\u00e9es d&rsquo;ecz\u00e9ma s\u00e9borrh\u00e9ique ; dans le psoriasis, un lien est apparu entre la quantit\u00e9 bue et la s\u00e9v\u00e9rit\u00e9.<\/p>\n<\/div>\n<div style=\"border:1px solid #e3e8ef;border-radius:10px;padding:16px;margin-bottom:12px;background:#ffffff\">\n<p style=\"margin:0 0 6px;color:#013366;font-weight:600;font-size:17px;line-height:1.45\">Puis-je boire de l&rsquo;alcool si je prends du finast\u00e9ride ou du minoxidil ?<\/p>\n<p style=\"margin:0;color:#2e3033;font-size:15px;line-height:1.65\"><strong>Cela rel\u00e8ve de la consultation m\u00e9dicale, il n&rsquo;existe pas de r\u00e9ponse valable pour tous.<\/strong> Le finast\u00e9ride est m\u00e9tabolis\u00e9 dans le foie par le CYP3A4 et est contre-indiqu\u00e9 en cas d&rsquo;insuffisance h\u00e9patique. Pour le minoxidil, les informations produit mentionnent vertiges, fatigue et baisse de la tension art\u00e9rielle comme effets possibles de l&rsquo;association. Reportez-vous \u00e9galement \u00e0 la notice.<\/p>\n<\/div>\n<\/div>\n\n\n<div class=\"wp-block-image\">\n<figure class=\"aligncenter size-large is-resized\" style=\"max-width:560px;margin-left:auto;margin-right:auto\"><img decoding=\"async\" src=\"https:\/\/elithair.com\/fr\/wp-content\/uploads\/sites\/9\/2026\/08\/follikel_ruhephase_wachstum.png\" alt=\"Illustration comparative d'un follicule pileux en phase de repos et du m\u00eame follicule en phase de croissance\" class=\"wp-image-101813\" style=\"width:560px;max-width:100%;height:auto\"\/><\/figure>\n<\/div>\n\n\n<div style=\"border:1px solid #e3e8ef;border-radius:10px;padding:18px 20px;margin:28px 0\">\n<p style=\"margin:0 0 10px;color:#013366;font-weight:700;font-size:17px\">Sources<\/p>\n<ul style=\"margin:0;padding:0 0 0 18px;color:#2e3033;font-size:15px;line-height:1.7\">\n<li>OMS\/Europe : <a href=\"https:\/\/www.who.int\/europe\/news\/item\/04-01-2023-no-level-of-alcohol-consumption-is-safe-for-our-health\" target=\"_blank\" rel=\"noopener\">No level of alcohol consumption is safe for our health<\/a> (04.01.2023)<\/li>\n<li>Sant\u00e9 publique France : <a href=\"https:\/\/www.santepubliquefrance.fr\/alcool\/comment-reduire-les-risques-de-la-consommation-dalcool\" target=\"_blank\" rel=\"noopener\">Comment r\u00e9duire les risques de la consommation d&rsquo;alcool<\/a> et <a href=\"https:\/\/www.santepubliquefrance.fr\/alcool\/comment-reduire-les-risques-de-la-consommation-dalcool\" target=\"_blank\" rel=\"noopener\">Rep\u00e8res de consommation \u00e0 moindre risque<\/a> (verre standard, rep\u00e8res de consommation)<\/li>\n<li><a href=\"https:\/\/academic.oup.com\/alcalc\/article\/59\/6\/agae076\/7889297\" target=\"_blank\" rel=\"noopener\">Exploring the association between alcohol consumption and androgenic alopecia: a systematic review and meta-analysis<\/a>, Alcohol and Alcoholism 2024 (odds ratio de 1,40, non significatif)<\/li>\n<li><a href=\"https:\/\/link.springer.com\/article\/10.1186\/s12889-026-26258-y\" target=\"_blank\" rel=\"noopener\">Risk factors for androgenetic alopecia: a systematic review and meta-analysis<\/a>, BMC Public Health 2026 (odds ratio de 1,72)<\/li>\n<li><a href=\"https:\/\/www.ncbi.nlm.nih.gov\/books\/NBK430848\/\" target=\"_blank\" rel=\"noopener\">Telogen Effluvium<\/a>, StatPearls, NCBI Bookshelf (cycle capillaire, latence, dur\u00e9e de r\u00e9cup\u00e9ration)<\/li>\n<li><a href=\"https:\/\/pubmed.ncbi.nlm.nih.gov\/12711931\/\" target=\"_blank\" rel=\"noopener\">Sarkola T, Eriksson CJP: Testosterone increases in men after a low dose of alcohol<\/a>, Alcoholism: Clinical and Experimental Research 2003<\/li>\n<li><a href=\"https:\/\/www.medicaljournals.se\/acta\/content\/html\/10.2340\/00015555-3661\" target=\"_blank\" rel=\"noopener\">Risk Factors for Seborrhoeic Dermatitis Flares<\/a>, Acta Dermato-Venereologica (odds ratio de 10,2 en cas de consommation r\u00e9guli\u00e8re d&rsquo;alcool)<\/li>\n<li><a href=\"https:\/\/www.cochranelibrary.com\/cdsr\/doi\/10.1002\/14651858.CD008343.pub3\/full\" target=\"_blank\" rel=\"noopener\">Egholm JWM et al.: Perioperative alcohol cessation intervention for postoperative complications<\/a>, Cochrane Database of Systematic Reviews 2018<\/li>\n<li><a href=\"https:\/\/www.alcool-info-service.fr\/\" target=\"_blank\" rel=\"noopener\">Alcool Info Service : information, \u00e9coute et orientation, 0 980 980 930<\/a><\/li>\n<\/ul>\n<p style=\"margin:14px 0 0;color:#6b7683;font-size:14px;line-height:1.6\">Mise \u00e0 jour : ao\u00fbt 2026. Cet article a une vocation informative et ne remplace ni un diagnostic ni un traitement m\u00e9dical. En cas de chute de cheveux persistante, de valeurs sanguines anormales ou de questions sur la r\u00e9duction de votre consommation d&rsquo;alcool, adressez-vous \u00e0 votre m\u00e9decin traitant, \u00e0 un cabinet de dermatologie ou \u00e0 un service d&rsquo;addictologie.<\/p>\n<\/div>\n\n\n\n<script type=\"application\/ld+json\">\n{\n \"@context\": \"https:\/\/schema.org\",\n \"@type\": \"FAQPage\",\n \"mainEntity\": [\n  {\n   \"@type\": \"Question\",\n   \"name\": \"Comment l'alcool influence-t-il l'\u00e9quilibre hormonal et provoque-t-il une chute de cheveux ?\",\n   \"acceptedAnswer\": {\n    \"@type\": \"Answer\",\n    \"text\": \"En deux temps, et les deux temps vont dans des directions oppos\u00e9es. Une faible dose \u00e9l\u00e8ve l\u00e9g\u00e8rement et bri\u00e8vement la testost\u00e9rone chez l'homme, de 13,5 \u00e0 16,0 nmol\/l chez Sarkola et Eriksson (2003), avec un effet qui se dissipe en 2 \u00e0 6 heures. En cas de consommation chronique \u00e9lev\u00e9e avec atteinte h\u00e9patique, cela bascule : plus d'activit\u00e9 aromatase, d\u00e9placement vers les \u0153strog\u00e8nes, testost\u00e9rone en baisse. La cha\u00eene \u00ab alcool, plus de DHT, plus de chute de cheveux \u00bb n'est pas d\u00e9montr\u00e9e.\"\n   }\n  },\n  {\n   \"@type\": \"Question\",\n   \"name\": \"Quel r\u00f4le joue l'alimentation dans la chute de cheveux li\u00e9e \u00e0 l'alcool ?\",\n   \"acceptedAnswer\": {\n    \"@type\": \"Answer\",\n    \"text\": \"Un r\u00f4le central, parce que l'alcool attaque le r\u00e9approvisionnement. L'alcool peut provoquer des carences en perturbant l'absorption de nutriments comme les vitamines et les min\u00e9raux, n\u00e9cessaires \u00e0 une pousse saine des cheveux. S'ils manquent pendant des mois, davantage de follicules passent pr\u00e9matur\u00e9ment en phase de repos. Les nutriments dont le cheveu a besoin sont d\u00e9taill\u00e9s dans l'article sur les vitamines contre la chute de cheveux.\"\n   }\n  },\n  {\n   \"@type\": \"Question\",\n   \"name\": \"Existe-t-il des nutriments particuli\u00e8rement affect\u00e9s par la consommation d'alcool et responsables de la chute de cheveux ?\",\n   \"acceptedAnswer\": {\n    \"@type\": \"Answer\",\n    \"text\": \"Oui, en particulier les vitamines B, la vitamine C, le zinc et le fer peuvent diminuer sous l'effet d'une consommation excessive d'alcool, ce qui peut entra\u00eener une chute de cheveux. Pour le zinc, on d\u00e9crit une absorption intestinale r\u00e9duite avec, en m\u00eame temps, une \u00e9limination r\u00e9nale accrue ; pour les folates, l'intestin, le foie et le rein se cumulent comme voies de perte. Cela ne se d\u00e9montre que dans le sang, pas sur le cheveu.\"\n   }\n  },\n  {\n   \"@type\": \"Question\",\n   \"name\": \"Comment inverser la chute de cheveux lorsqu'elle est due \u00e0 l'alcool ?\",\n   \"acceptedAnswer\": {\n    \"@type\": \"Answer\",\n    \"text\": \"En r\u00e8gle g\u00e9n\u00e9rale, la part li\u00e9e \u00e0 l'alcool est r\u00e9versible. Une alimentation \u00e9quilibr\u00e9e, un apport hydrique suffisant et l'arr\u00eat de l'alcool peuvent aider \u00e0 stopper la chute et \u00e0 relancer la pousse des cheveux. Les follicules ne sont pas d\u00e9truits, ils sont pr\u00e9matur\u00e9ment en phase de repos : selon StatPearls, un effluvium t\u00e9log\u00e8ne se r\u00e9sout le plus souvent en 6 mois au maximum, la densit\u00e9 compl\u00e8te pouvant demander 12 \u00e0 18 mois.\"\n   }\n  },\n  {\n   \"@type\": \"Question\",\n   \"name\": \"Certaines boissons alcoolis\u00e9es sont-elles plus nocives pour les cheveux que d'autres ?\",\n   \"acceptedAnswer\": {\n    \"@type\": \"Answer\",\n    \"text\": \"Non, c'est la quantit\u00e9 d'alcool pur qui compte, pas le type de boisson. Sant\u00e9 publique France et l'OMS comptent exclusivement en grammes. Un demi de bi\u00e8re \u00e0 5\u00b0 (25 cl), un ballon de vin \u00e0 12\u00b0 (10 cl) et un verre de whisky \u00e0 40\u00b0 (2,5 cl) contiennent la m\u00eame quantit\u00e9, environ 10 g. Ce qui est d\u00e9terminant, c'est la quantit\u00e9 totale par semaine, pas ce qu'il y a dans le verre.\"\n   }\n  },\n  {\n   \"@type\": \"Question\",\n   \"name\": \"Une consommation mod\u00e9r\u00e9e d'alcool peut-elle aussi provoquer une chute de cheveux, ou cela ne concerne-t-il que la forte consommation ?\",\n   \"acceptedAnswer\": {\n    \"@type\": \"Answer\",\n    \"text\": \"Le lien n'est d\u00e9montr\u00e9 que pour une consommation chronique \u00e9lev\u00e9e. Une consommation forte et r\u00e9guli\u00e8re est plus probablement une cause de chute de cheveux, m\u00eame si une consommation mod\u00e9r\u00e9e pourrait th\u00e9oriquement jouer un r\u00f4le chez des personnes particuli\u00e8rement sensibles. Aucune \u00e9tude ne le d\u00e9montre. Indiquez tout de m\u00eame la quantit\u00e9 en consultation, car elle modifie l'interpr\u00e9tation des valeurs sanguines.\"\n   }\n  },\n  {\n   \"@type\": \"Question\",\n   \"name\": \"Combien de temps faut-il, apr\u00e8s l'arr\u00eat de l'alcool, pour que les cheveux aillent mieux ?\",\n   \"acceptedAnswer\": {\n    \"@type\": \"Answer\",\n    \"text\": \"Premi\u00e8res repousses apr\u00e8s 3 \u00e0 6 mois, chevelure visiblement plus dense plut\u00f4t apr\u00e8s 6 \u00e0 12 mois. La raison en est le cycle capillaire : entre ce qui se passe dans le follicule et ce que vous voyez sur le cuir chevelu, il y a 2 \u00e0 3 mois. Biologiquement, cela ne peut pas aller plus vite.\"\n   }\n  },\n  {\n   \"@type\": \"Question\",\n   \"name\": \"Perd-on d'abord davantage de cheveux apr\u00e8s l'arr\u00eat de l'alcool ?\",\n   \"acceptedAnswer\": {\n    \"@type\": \"Answer\",\n    \"text\": \"C'est possible, mais ce n'est pas d\u00e9montr\u00e9 pour l'arr\u00eat de l'alcool. Lors d'un sevrage, un stress physique s'exerce, et le stress est un facteur d\u00e9clenchant connu d'effluvium t\u00e9log\u00e8ne ; une telle pouss\u00e9e serait passag\u00e8re. Apr\u00e8s des ann\u00e9es de forte consommation, l'arr\u00eat doit \u00eatre accompagn\u00e9 par un m\u00e9decin.\"\n   }\n  },\n  {\n   \"@type\": \"Question\",\n   \"name\": \"Un mois sans alcool apporte-t-il quelque chose aux cheveux ?\",\n   \"acceptedAnswer\": {\n    \"@type\": \"Answer\",\n    \"text\": \"En partie : oui pour le foie et le sommeil, pas encore pour la densit\u00e9 capillaire. Une GGT \u00e9lev\u00e9e se normalise apr\u00e8s abstinence en 2 \u00e0 5 semaines environ, alors que la seule phase de repos du cheveu dure 3 \u00e0 4 mois. Trente jours sont donc un point de rep\u00e8re, pas un r\u00e9sultat visible sur les cheveux.\"\n   }\n  },\n  {\n   \"@type\": \"Question\",\n   \"name\": \"Combien de temps dois-je \u00e9viter l'alcool avant et apr\u00e8s une greffe de cheveux ?\",\n   \"acceptedAnswer\": {\n    \"@type\": \"Answer\",\n    \"text\": \"Compl\u00e8tement les premiers jours apr\u00e8s l'intervention, ensuite ce sont les consignes de votre clinique qui s'appliquent. Les raisons sont la tendance au saignement, les interactions avec les antalgiques et les antibiotiques, ainsi que l'effet d\u00e9shydratant. Pour la p\u00e9riode pr\u00e9c\u00e9dente, la revue Cochrane (2018) montre que l'abstinence 4 \u00e0 8 semaines avant une op\u00e9ration r\u00e9duit probablement les complications.\"\n   }\n  },\n  {\n   \"@type\": \"Question\",\n   \"name\": \"L'alcool provoque-t-il des golfes temporaux ou des cheveux gris ?\",\n   \"acceptedAnswer\": {\n    \"@type\": \"Answer\",\n    \"text\": \"Non. Les golfes temporaux sont le motif de la chute de cheveux h\u00e9r\u00e9ditaire ; l'alcool peut le rendre plus visible, mais n'est pas consid\u00e9r\u00e9 comme une cause. Pour le grisonnement pr\u00e9coce, c'est surtout le tabac qui est d\u00e9montr\u00e9 (Journal of the American Academy of Dermatology) ; pour l'alcool seul, le lien est nettement plus faible et n'est pas confirm\u00e9 de fa\u00e7on comparable.\"\n   }\n  },\n  {\n   \"@type\": \"Question\",\n   \"name\": \"L'alcool contenu dans les shampooings et les soins capillaires (alcohol denat.) pose-t-il aussi probl\u00e8me ?\",\n   \"acceptedAnswer\": {\n    \"@type\": \"Answer\",\n    \"text\": \"Non, c'est un autre m\u00e9canisme. L'alcohol denat. est un solvant qui peut rendre le cuir chevelu sec et irrit\u00e9, sans endommager la racine du cheveu. Les solutions de minoxidil contiennent elles aussi le plus souvent de l'\u00e9thanol ou du propyl\u00e8ne glycol. Les sensations de br\u00fblure et les squames fr\u00e9quentes dans ce cas sont souvent prises \u00e0 tort pour un effet de l'alcool bu.\"\n   }\n  },\n  {\n   \"@type\": \"Question\",\n   \"name\": \"L'alcool aggrave-t-il les pellicules ou une inflammation du cuir chevelu ?\",\n   \"acceptedAnswer\": {\n    \"@type\": \"Answer\",\n    \"text\": \"Oui, il existe des donn\u00e9es \u00e0 ce sujet. Dans une \u00e9tude parue dans Acta Dermato-Venereologica, la consommation r\u00e9guli\u00e8re d'alcool \u00e9tait associ\u00e9e \u00e0 un odds ratio de 10,2 pour les pouss\u00e9es d'ecz\u00e9ma s\u00e9borrh\u00e9ique ; dans le psoriasis, un lien est apparu entre la quantit\u00e9 bue et la s\u00e9v\u00e9rit\u00e9.\"\n   }\n  },\n  {\n   \"@type\": \"Question\",\n   \"name\": \"Puis-je boire de l'alcool si je prends du finast\u00e9ride ou du minoxidil ?\",\n   \"acceptedAnswer\": {\n    \"@type\": \"Answer\",\n    \"text\": \"Cela rel\u00e8ve de la consultation m\u00e9dicale, il n'existe pas de r\u00e9ponse valable pour tous. Le finast\u00e9ride est m\u00e9tabolis\u00e9 dans le foie par le CYP3A4 et est contre-indiqu\u00e9 en cas d'insuffisance h\u00e9patique. Pour le minoxidil, les informations produit mentionnent vertiges, fatigue et baisse de la tension art\u00e9rielle comme effets possibles de l'association. Reportez-vous \u00e9galement \u00e0 la notice.\"\n   }\n  }\n ]\n}\n<\/script>\n\n","protected":false},"excerpt":{"rendered":"<p>Plus de cheveux dans le siphon, et cette question dans un coin de la t\u00eate : est-ce la bi\u00e8re du soir ? C&rsquo;est \u00e0 ce moment-l\u00e0 que la plupart des gens cherchent le lien entre alcool et chute de cheveux. La r\u00e9ponse honn\u00eate tient en deux temps. Une consommation mod\u00e9r\u00e9e n&rsquo;est pas d\u00e9montr\u00e9e comme cause, [&hellip;]<\/p>\n","protected":false},"author":10,"featured_media":101243,"comment_status":"closed","ping_status":"closed","sticky":false,"template":"","format":"standard","meta":{"_acf_changed":false,"_yoast_wpseo_meta-robots-noindex":"","_yoast_wpseo_meta-robots-nofollow":"","_yoast_wpseo_meta-robots-adv":"","_yoast_wpseo_canonical":"https:\/\/elithair.com\/fr\/greffe-de-cheveux-blog\/alcool-et-chute-de-cheveux\/","_yoast_wpseo_opengraph-title":"","_yoast_wpseo_opengraph-description":"","_yoast_wpseo_opengraph-image":"","_yoast_wpseo_twitter-title":"","_yoast_wpseo_twitter-description":"","_yoast_wpseo_twitter-image":"","_hm_hreflang_map":{"de":56996,"en":96957,"es":91873,"fr":101239,"it":107658,"pt":89718,"tr":83300,"uk":96343,"x_default":96957},"_hm_language_code":"fr","footnotes":""},"categories":[7],"tags":[],"class_list":["post-101239","post","type-post","status-publish","format-standard","has-post-thumbnail","hentry","category-perte-de-cheveux-blog"],"acf":[],"yoast_head":"<!-- This site is optimized with the Yoast SEO Premium plugin v28.3 (Yoast SEO v28.3) - https:\/\/yoast.com\/product\/yoast-seo-premium-wordpress\/ -->\n<title>Alcool et chute de cheveux : quelle quantit\u00e9 nuit vraiment et la perte de cheveux est-elle r\u00e9versible ?<\/title>\n<meta name=\"description\" content=\"Alcool et chute de cheveux : une consommation mod\u00e9r\u00e9e n&#039;est pas d\u00e9montr\u00e9e comme cause. Ce que change une forte consommation et le temps de r\u00e9cup\u00e9ration.\" \/>\n<meta name=\"robots\" content=\"index, follow, max-snippet:-1, max-image-preview:large, max-video-preview:-1\" \/>\n<link rel=\"canonical\" href=\"https:\/\/elithair.com\/fr\/greffe-de-cheveux-blog\/alcool-et-chute-de-cheveux\/\" \/>\n<meta property=\"og:locale\" content=\"fr_FR\" \/>\n<meta property=\"og:type\" content=\"article\" \/>\n<meta property=\"og:title\" content=\"Alcool et chute de cheveux : quelle quantit\u00e9 nuit vraiment, et est-ce r\u00e9versible ?\" \/>\n<meta property=\"og:description\" content=\"Alcool et chute de cheveux : une consommation mod\u00e9r\u00e9e n&#039;est pas d\u00e9montr\u00e9e comme cause. Ce que change une forte consommation et le temps de r\u00e9cup\u00e9ration.\" \/>\n<meta property=\"og:url\" content=\"https:\/\/elithair.com\/fr\/greffe-de-cheveux-blog\/alcool-et-chute-de-cheveux\/\" \/>\n<meta property=\"og:site_name\" content=\"Elithair\" \/>\n<meta property=\"article:publisher\" content=\"https:\/\/www.facebook.com\/elithair.france\/\" \/>\n<meta property=\"article:published_time\" content=\"2026-08-29T21:49:26+00:00\" \/>\n<meta property=\"og:image\" content=\"https:\/\/elithair.com\/fr\/wp-content\/uploads\/sites\/9\/2026\/08\/follikel_versorgung.png\" \/>\n<meta name=\"author\" content=\"Dr. Imad Moustafa\" \/>\n<meta name=\"twitter:card\" content=\"summary_large_image\" \/>\n<meta name=\"twitter:label1\" content=\"\u00c9crit par\" \/>\n\t<meta name=\"twitter:data1\" content=\"Dr. Imad Moustafa\" \/>\n\t<meta name=\"twitter:label2\" content=\"Dur\u00e9e de lecture estim\u00e9e\" \/>\n\t<meta name=\"twitter:data2\" content=\"5 minutes\" \/>\n<script type=\"application\/ld+json\" class=\"yoast-schema-graph\">{\"@context\":\"https:\\\/\\\/schema.org\",\"@graph\":[{\"@type\":\"Article\",\"@id\":\"https:\\\/\\\/elithair.com\\\/fr\\\/greffe-de-cheveux-blog\\\/alcool-et-chute-de-cheveux\\\/#article\",\"isPartOf\":{\"@id\":\"https:\\\/\\\/elithair.com\\\/fr\\\/greffe-de-cheveux-blog\\\/alcool-et-chute-de-cheveux\\\/\"},\"author\":{\"name\":\"Dr. Imad Moustafa\",\"@id\":\"https:\\\/\\\/elithair.com\\\/fr\\\/#\\\/schema\\\/person\\\/11ce37e83a6343e4c37edcd4b5498e41\"},\"headline\":\"Alcool et chute de cheveux : quelle quantit\u00e9 nuit vraiment, et est-ce r\u00e9versible ?\",\"datePublished\":\"2026-08-29T21:49:26+00:00\",\"mainEntityOfPage\":{\"@id\":\"https:\\\/\\\/elithair.com\\\/fr\\\/greffe-de-cheveux-blog\\\/alcool-et-chute-de-cheveux\\\/\"},\"wordCount\":8092,\"publisher\":{\"@id\":\"https:\\\/\\\/elithair.com\\\/fr\\\/#organization\"},\"image\":{\"@id\":\"https:\\\/\\\/elithair.com\\\/fr\\\/greffe-de-cheveux-blog\\\/alcool-et-chute-de-cheveux\\\/#primaryimage\"},\"thumbnailUrl\":\"https:\\\/\\\/elithair.com\\\/fr\\\/wp-content\\\/uploads\\\/sites\\\/9\\\/2026\\\/08\\\/hero-9.png\",\"articleSection\":[\"Perte de cheveux\"],\"inLanguage\":\"fr-FR\"},{\"@type\":\"WebPage\",\"@id\":\"https:\\\/\\\/elithair.com\\\/fr\\\/greffe-de-cheveux-blog\\\/alcool-et-chute-de-cheveux\\\/\",\"url\":\"https:\\\/\\\/elithair.com\\\/fr\\\/greffe-de-cheveux-blog\\\/alcool-et-chute-de-cheveux\\\/\",\"name\":\"Alcool et chute de cheveux : quelle quantit\u00e9 nuit vraiment et la perte de cheveux est-elle r\u00e9versible ?\",\"isPartOf\":{\"@id\":\"https:\\\/\\\/elithair.com\\\/fr\\\/#website\"},\"primaryImageOfPage\":{\"@id\":\"https:\\\/\\\/elithair.com\\\/fr\\\/greffe-de-cheveux-blog\\\/alcool-et-chute-de-cheveux\\\/#primaryimage\"},\"image\":{\"@id\":\"https:\\\/\\\/elithair.com\\\/fr\\\/greffe-de-cheveux-blog\\\/alcool-et-chute-de-cheveux\\\/#primaryimage\"},\"thumbnailUrl\":\"https:\\\/\\\/elithair.com\\\/fr\\\/wp-content\\\/uploads\\\/sites\\\/9\\\/2026\\\/08\\\/hero-9.png\",\"datePublished\":\"2026-08-29T21:49:26+00:00\",\"description\":\"Alcool et chute de cheveux : une consommation mod\u00e9r\u00e9e n'est pas d\u00e9montr\u00e9e comme cause. Ce que change une forte consommation et le temps de r\u00e9cup\u00e9ration.\",\"breadcrumb\":{\"@id\":\"https:\\\/\\\/elithair.com\\\/fr\\\/greffe-de-cheveux-blog\\\/alcool-et-chute-de-cheveux\\\/#breadcrumb\"},\"inLanguage\":\"fr-FR\",\"potentialAction\":[{\"@type\":\"ReadAction\",\"target\":[\"https:\\\/\\\/elithair.com\\\/fr\\\/greffe-de-cheveux-blog\\\/alcool-et-chute-de-cheveux\\\/\"]}]},{\"@type\":\"ImageObject\",\"inLanguage\":\"fr-FR\",\"@id\":\"https:\\\/\\\/elithair.com\\\/fr\\\/greffe-de-cheveux-blog\\\/alcool-et-chute-de-cheveux\\\/#primaryimage\",\"url\":\"https:\\\/\\\/elithair.com\\\/fr\\\/wp-content\\\/uploads\\\/sites\\\/9\\\/2026\\\/08\\\/hero-9.png\",\"contentUrl\":\"https:\\\/\\\/elithair.com\\\/fr\\\/wp-content\\\/uploads\\\/sites\\\/9\\\/2026\\\/08\\\/hero-9.png\",\"width\":1536,\"height\":1024,\"caption\":\"Halb leeres Weinglas auf einem Holztisch, im unscharfen Hintergrund ein nachdenklicher Mann, der sich durch die Haare f\u00e4hrt\"},{\"@type\":\"BreadcrumbList\",\"@id\":\"https:\\\/\\\/elithair.com\\\/fr\\\/greffe-de-cheveux-blog\\\/alcool-et-chute-de-cheveux\\\/#breadcrumb\",\"itemListElement\":[{\"@type\":\"ListItem\",\"position\":1,\"name\":\"Home\",\"item\":\"https:\\\/\\\/elithair.com\\\/fr\\\/\"},{\"@type\":\"ListItem\",\"position\":2,\"name\":\"Alcool et chute de cheveux : quelle quantit\u00e9 nuit vraiment, et est-ce r\u00e9versible ?\"}]},{\"@type\":\"WebSite\",\"@id\":\"https:\\\/\\\/elithair.com\\\/fr\\\/#website\",\"url\":\"https:\\\/\\\/elithair.com\\\/fr\\\/\",\"name\":\"Elithair\",\"description\":\"Greffe de cheveux en Turquie : retrouvez votre confiance\",\"publisher\":{\"@id\":\"https:\\\/\\\/elithair.com\\\/fr\\\/#organization\"},\"alternateName\":\"Greffe de cheveux en Turquie : retrouvez votre confiance\",\"potentialAction\":[{\"@type\":\"SearchAction\",\"target\":{\"@type\":\"EntryPoint\",\"urlTemplate\":\"https:\\\/\\\/elithair.com\\\/fr\\\/?s={search_term_string}\"},\"query-input\":{\"@type\":\"PropertyValueSpecification\",\"valueRequired\":true,\"valueName\":\"search_term_string\"}}],\"inLanguage\":\"fr-FR\"},{\"@type\":\"Organization\",\"@id\":\"https:\\\/\\\/elithair.com\\\/fr\\\/#organization\",\"name\":\"Elithair\",\"url\":\"https:\\\/\\\/elithair.com\\\/fr\\\/\",\"logo\":{\"@type\":\"ImageObject\",\"inLanguage\":\"fr-FR\",\"@id\":\"https:\\\/\\\/elithair.com\\\/fr\\\/#\\\/schema\\\/logo\\\/image\\\/\",\"url\":\"https:\\\/\\\/elithair.com\\\/fr\\\/wp-content\\\/uploads\\\/sites\\\/9\\\/2026\\\/04\\\/elithair-logo-primary.svg\",\"contentUrl\":\"https:\\\/\\\/elithair.com\\\/fr\\\/wp-content\\\/uploads\\\/sites\\\/9\\\/2026\\\/04\\\/elithair-logo-primary.svg\",\"width\":1,\"height\":1,\"caption\":\"Elithair\"},\"image\":{\"@id\":\"https:\\\/\\\/elithair.com\\\/fr\\\/#\\\/schema\\\/logo\\\/image\\\/\"},\"sameAs\":[\"https:\\\/\\\/www.facebook.com\\\/elithair.france\\\/\",\"https:\\\/\\\/www.instagram.com\\\/elithair.fr\\\/\",\"https:\\\/\\\/www.tiktok.com\\\/@elithairfr?_t=8q2yM9qMnUe&_r=1\",\"https:\\\/\\\/www.youtube.com\\\/@elithair.france\\\/\"]},{\"@type\":\"Person\",\"@id\":\"https:\\\/\\\/elithair.com\\\/fr\\\/#\\\/schema\\\/person\\\/11ce37e83a6343e4c37edcd4b5498e41\",\"name\":\"Dr. Imad Moustafa\",\"image\":{\"@type\":\"ImageObject\",\"inLanguage\":\"fr-FR\",\"@id\":\"https:\\\/\\\/secure.gravatar.com\\\/avatar\\\/9190499f6f3008cd7da57b179f07bfea4b4e382c816ba3e0de68db0b5a70c07d?s=96&d=mm&r=g\",\"url\":\"https:\\\/\\\/secure.gravatar.com\\\/avatar\\\/9190499f6f3008cd7da57b179f07bfea4b4e382c816ba3e0de68db0b5a70c07d?s=96&d=mm&r=g\",\"contentUrl\":\"https:\\\/\\\/secure.gravatar.com\\\/avatar\\\/9190499f6f3008cd7da57b179f07bfea4b4e382c816ba3e0de68db0b5a70c07d?s=96&d=mm&r=g\",\"caption\":\"Dr. Imad Moustafa\"}}]}<\/script>\n<!-- \/ Yoast SEO Premium plugin. -->","yoast_head_json":{"title":"Alcool et chute de cheveux : quelle quantit\u00e9 nuit vraiment et la perte de cheveux est-elle r\u00e9versible ?","description":"Alcool et chute de cheveux : une consommation mod\u00e9r\u00e9e n'est pas d\u00e9montr\u00e9e comme cause. Ce que change une forte consommation et le temps de r\u00e9cup\u00e9ration.","robots":{"index":"index","follow":"follow","max-snippet":"max-snippet:-1","max-image-preview":"max-image-preview:large","max-video-preview":"max-video-preview:-1"},"canonical":"https:\/\/elithair.com\/fr\/greffe-de-cheveux-blog\/alcool-et-chute-de-cheveux\/","og_locale":"fr_FR","og_type":"article","og_title":"Alcool et chute de cheveux : quelle quantit\u00e9 nuit vraiment, et est-ce r\u00e9versible ?","og_description":"Alcool et chute de cheveux : une consommation mod\u00e9r\u00e9e n'est pas d\u00e9montr\u00e9e comme cause. Ce que change une forte consommation et le temps de r\u00e9cup\u00e9ration.","og_url":"https:\/\/elithair.com\/fr\/greffe-de-cheveux-blog\/alcool-et-chute-de-cheveux\/","og_site_name":"Elithair","article_publisher":"https:\/\/www.facebook.com\/elithair.france\/","article_published_time":"2026-08-29T21:49:26+00:00","og_image":[{"url":"https:\/\/elithair.com\/fr\/wp-content\/uploads\/sites\/9\/2026\/08\/follikel_versorgung.png","type":"","width":"","height":""}],"author":"Dr. Imad Moustafa","twitter_card":"summary_large_image","twitter_misc":{"\u00c9crit par":"Dr. Imad Moustafa","Dur\u00e9e de lecture estim\u00e9e":"5 minutes"},"schema":{"@context":"https:\/\/schema.org","@graph":[{"@type":"Article","@id":"https:\/\/elithair.com\/fr\/greffe-de-cheveux-blog\/alcool-et-chute-de-cheveux\/#article","isPartOf":{"@id":"https:\/\/elithair.com\/fr\/greffe-de-cheveux-blog\/alcool-et-chute-de-cheveux\/"},"author":{"name":"Dr. Imad Moustafa","@id":"https:\/\/elithair.com\/fr\/#\/schema\/person\/11ce37e83a6343e4c37edcd4b5498e41"},"headline":"Alcool et chute de cheveux : quelle quantit\u00e9 nuit vraiment, et est-ce r\u00e9versible ?","datePublished":"2026-08-29T21:49:26+00:00","mainEntityOfPage":{"@id":"https:\/\/elithair.com\/fr\/greffe-de-cheveux-blog\/alcool-et-chute-de-cheveux\/"},"wordCount":8092,"publisher":{"@id":"https:\/\/elithair.com\/fr\/#organization"},"image":{"@id":"https:\/\/elithair.com\/fr\/greffe-de-cheveux-blog\/alcool-et-chute-de-cheveux\/#primaryimage"},"thumbnailUrl":"https:\/\/elithair.com\/fr\/wp-content\/uploads\/sites\/9\/2026\/08\/hero-9.png","articleSection":["Perte de cheveux"],"inLanguage":"fr-FR"},{"@type":"WebPage","@id":"https:\/\/elithair.com\/fr\/greffe-de-cheveux-blog\/alcool-et-chute-de-cheveux\/","url":"https:\/\/elithair.com\/fr\/greffe-de-cheveux-blog\/alcool-et-chute-de-cheveux\/","name":"Alcool et chute de cheveux : quelle quantit\u00e9 nuit vraiment et la perte de cheveux est-elle r\u00e9versible ?","isPartOf":{"@id":"https:\/\/elithair.com\/fr\/#website"},"primaryImageOfPage":{"@id":"https:\/\/elithair.com\/fr\/greffe-de-cheveux-blog\/alcool-et-chute-de-cheveux\/#primaryimage"},"image":{"@id":"https:\/\/elithair.com\/fr\/greffe-de-cheveux-blog\/alcool-et-chute-de-cheveux\/#primaryimage"},"thumbnailUrl":"https:\/\/elithair.com\/fr\/wp-content\/uploads\/sites\/9\/2026\/08\/hero-9.png","datePublished":"2026-08-29T21:49:26+00:00","description":"Alcool et chute de cheveux : une consommation mod\u00e9r\u00e9e n'est pas d\u00e9montr\u00e9e comme cause. Ce que change une forte consommation et le temps de r\u00e9cup\u00e9ration.","breadcrumb":{"@id":"https:\/\/elithair.com\/fr\/greffe-de-cheveux-blog\/alcool-et-chute-de-cheveux\/#breadcrumb"},"inLanguage":"fr-FR","potentialAction":[{"@type":"ReadAction","target":["https:\/\/elithair.com\/fr\/greffe-de-cheveux-blog\/alcool-et-chute-de-cheveux\/"]}]},{"@type":"ImageObject","inLanguage":"fr-FR","@id":"https:\/\/elithair.com\/fr\/greffe-de-cheveux-blog\/alcool-et-chute-de-cheveux\/#primaryimage","url":"https:\/\/elithair.com\/fr\/wp-content\/uploads\/sites\/9\/2026\/08\/hero-9.png","contentUrl":"https:\/\/elithair.com\/fr\/wp-content\/uploads\/sites\/9\/2026\/08\/hero-9.png","width":1536,"height":1024,"caption":"Halb leeres Weinglas auf einem Holztisch, im unscharfen Hintergrund ein nachdenklicher Mann, der sich durch die Haare f\u00e4hrt"},{"@type":"BreadcrumbList","@id":"https:\/\/elithair.com\/fr\/greffe-de-cheveux-blog\/alcool-et-chute-de-cheveux\/#breadcrumb","itemListElement":[{"@type":"ListItem","position":1,"name":"Home","item":"https:\/\/elithair.com\/fr\/"},{"@type":"ListItem","position":2,"name":"Alcool et chute de cheveux : quelle quantit\u00e9 nuit vraiment, et est-ce r\u00e9versible ?"}]},{"@type":"WebSite","@id":"https:\/\/elithair.com\/fr\/#website","url":"https:\/\/elithair.com\/fr\/","name":"Elithair","description":"Greffe de cheveux en Turquie : retrouvez votre confiance","publisher":{"@id":"https:\/\/elithair.com\/fr\/#organization"},"alternateName":"Greffe de cheveux en Turquie : retrouvez votre confiance","potentialAction":[{"@type":"SearchAction","target":{"@type":"EntryPoint","urlTemplate":"https:\/\/elithair.com\/fr\/?s={search_term_string}"},"query-input":{"@type":"PropertyValueSpecification","valueRequired":true,"valueName":"search_term_string"}}],"inLanguage":"fr-FR"},{"@type":"Organization","@id":"https:\/\/elithair.com\/fr\/#organization","name":"Elithair","url":"https:\/\/elithair.com\/fr\/","logo":{"@type":"ImageObject","inLanguage":"fr-FR","@id":"https:\/\/elithair.com\/fr\/#\/schema\/logo\/image\/","url":"https:\/\/elithair.com\/fr\/wp-content\/uploads\/sites\/9\/2026\/04\/elithair-logo-primary.svg","contentUrl":"https:\/\/elithair.com\/fr\/wp-content\/uploads\/sites\/9\/2026\/04\/elithair-logo-primary.svg","width":1,"height":1,"caption":"Elithair"},"image":{"@id":"https:\/\/elithair.com\/fr\/#\/schema\/logo\/image\/"},"sameAs":["https:\/\/www.facebook.com\/elithair.france\/","https:\/\/www.instagram.com\/elithair.fr\/","https:\/\/www.tiktok.com\/@elithairfr?_t=8q2yM9qMnUe&_r=1","https:\/\/www.youtube.com\/@elithair.france\/"]},{"@type":"Person","@id":"https:\/\/elithair.com\/fr\/#\/schema\/person\/11ce37e83a6343e4c37edcd4b5498e41","name":"Dr. Imad Moustafa","image":{"@type":"ImageObject","inLanguage":"fr-FR","@id":"https:\/\/secure.gravatar.com\/avatar\/9190499f6f3008cd7da57b179f07bfea4b4e382c816ba3e0de68db0b5a70c07d?s=96&d=mm&r=g","url":"https:\/\/secure.gravatar.com\/avatar\/9190499f6f3008cd7da57b179f07bfea4b4e382c816ba3e0de68db0b5a70c07d?s=96&d=mm&r=g","contentUrl":"https:\/\/secure.gravatar.com\/avatar\/9190499f6f3008cd7da57b179f07bfea4b4e382c816ba3e0de68db0b5a70c07d?s=96&d=mm&r=g","caption":"Dr. Imad Moustafa"}}]}},"_links":{"self":[{"href":"https:\/\/elithair.com\/fr\/wp-json\/wp\/v2\/posts\/101239","targetHints":{"allow":["GET"]}}],"collection":[{"href":"https:\/\/elithair.com\/fr\/wp-json\/wp\/v2\/posts"}],"about":[{"href":"https:\/\/elithair.com\/fr\/wp-json\/wp\/v2\/types\/post"}],"author":[{"embeddable":true,"href":"https:\/\/elithair.com\/fr\/wp-json\/wp\/v2\/users\/10"}],"replies":[{"embeddable":true,"href":"https:\/\/elithair.com\/fr\/wp-json\/wp\/v2\/comments?post=101239"}],"version-history":[{"count":0,"href":"https:\/\/elithair.com\/fr\/wp-json\/wp\/v2\/posts\/101239\/revisions"}],"wp:featuredmedia":[{"embeddable":true,"href":"https:\/\/elithair.com\/fr\/wp-json\/wp\/v2\/media\/101243"}],"wp:attachment":[{"href":"https:\/\/elithair.com\/fr\/wp-json\/wp\/v2\/media?parent=101239"}],"wp:term":[{"taxonomy":"category","embeddable":true,"href":"https:\/\/elithair.com\/fr\/wp-json\/wp\/v2\/categories?post=101239"},{"taxonomy":"post_tag","embeddable":true,"href":"https:\/\/elithair.com\/fr\/wp-json\/wp\/v2\/tags?post=101239"}],"curies":[{"name":"wp","href":"https:\/\/api.w.org\/{rel}","templated":true}]}}