{"id":101238,"date":"2026-08-29T12:37:48","date_gmt":"2026-08-29T12:37:48","guid":{"rendered":"https:\/\/elithair.com\/fr\/greffe-de-cheveux-blog\/diabete-chute-de-cheveux\/"},"modified":"2026-08-29T12:37:48","modified_gmt":"2026-08-29T12:37:48","slug":"diabete-chute-de-cheveux","status":"publish","type":"post","link":"https:\/\/elithair.com\/fr\/greffe-de-cheveux-blog\/diabete-chute-de-cheveux\/","title":{"rendered":"Diab\u00e8te et chute de cheveux : causes, insulinor\u00e9sistance et ce qui aide vraiment"},"content":{"rendered":"\n<div style=\"border-left:4px solid #0079F1;padding:0 0 0 14px;margin:0 0 26px\">\n<p style=\"margin:0 0 14px;color:#2e3033;font-size:17px;line-height:1.65\">Plus de cheveux dans la brosse, et lors du dernier rendez-vous l&rsquo;HbA1c \u00e9tait trop \u00e9lev\u00e9e : le lien entre diab\u00e8te et chute de cheveux est r\u00e9el, mais il fonctionne le plus souvent autrement qu&rsquo;on ne le croit. La chute de cheveux li\u00e9e au diab\u00e8te est typiquement <a href=\"\/fr\/greffe-de-cheveux-blog\/chute-de-cheveux-diffuse\/\">diffuse<\/a> sur l&rsquo;ensemble du cr\u00e2ne et elle r\u00e9gresse en quelques mois lorsque la glyc\u00e9mie est stable. Il existe par ailleurs un second lien, peu connu : chez les hommes touch\u00e9s pr\u00e9cocement par une alop\u00e9cie h\u00e9r\u00e9ditaire, une \u00e9tude cas-t\u00e9moins men\u00e9e aupr\u00e8s de 200 participants a retrouv\u00e9 une insulinor\u00e9sistance 4,5 fois plus souvent que chez les t\u00e9moins, soit chez 18 % contre 4 % (Erden et al. 2025, Journal of Cosmetic Dermatology). Cet article s\u00e9pare les deux m\u00e9canismes et indique les valeurs biologiques \u00e0 faire v\u00e9rifier.<\/p>\n<p style=\"margin:0 0 8px;color:#013366;font-weight:700;font-size:16px\">L&rsquo;essentiel en bref<\/p>\n<ul style=\"margin:0 0 14px;padding:0;color:#2e3033;list-style:none\">\n<li style=\"position:relative;padding:3px 0 3px 24px\"><span style=\"position:absolute;left:0;top:3px;color:#0079F1;font-weight:700\">&#10003;<\/span>La chute de cheveux li\u00e9e au diab\u00e8te est le plus souvent diffuse et r\u00e9gresse en 3 \u00e0 6 mois lorsque la glyc\u00e9mie est stable<\/li>\n<li style=\"position:relative;padding:3px 0 3px 24px\"><span style=\"position:absolute;left:0;top:3px;color:#0079F1;font-weight:700\">&#10003;<\/span>Quatre m\u00e9canismes agissent ensemble : microcirculation perturb\u00e9e, glycation (AGE), inflammation chronique et d\u00e9s\u00e9quilibre hormonal<\/li>\n<li style=\"position:relative;padding:3px 0 3px 24px\"><span style=\"position:absolute;left:0;top:3px;color:#0079F1;font-weight:700\">&#10003;<\/span>Le type 1 ajoute un axe auto-immun (pelade, thyro\u00efde), le type 2 surtout l&rsquo;insulinor\u00e9sistance<\/li>\n<li style=\"position:relative;padding:3px 0 3px 24px\"><span style=\"position:absolute;left:0;top:3px;color:#0079F1;font-weight:700\">&#10003;<\/span>La metformine n&rsquo;est pas un d\u00e9clencheur direct, mais elle abaisse le taux de vitamine B12 en cas de prise prolong\u00e9e, et une carence en B12 favorise la chute de cheveux<\/li>\n<\/ul>\n<p style=\"margin:0;color:#2e3033\">Le sommaire indique o\u00f9 trouver quoi. Ensuite, chaque m\u00e9canisme est d\u00e9taill\u00e9, de l&rsquo;insulinor\u00e9sistance au cuir chevelu qui d\u00e9mange, jusqu&rsquo;\u00e0 la question de savoir si une greffe de cheveux a du sens en cas de diab\u00e8te.<\/p>\n<\/div>\n\n\n\n<div style=\"background:#f6f9fc;border:1px solid #dbe4f0;border-radius:12px;padding:18px 20px;margin:0 0 28px\">\n<p style=\"margin:0 0 14px;color:#013366;font-weight:700;font-size:17px\">Votre feuille de route en trois \u00e9tapes<\/p>\n<div style=\"display:flex;gap:12px;margin:0 0 14px\">\n<div style=\"flex:0 0 28px;height:28px;border-radius:50%;background:#0079F1;color:#ffffff;font-weight:700;font-size:15px;line-height:28px;text-align:center\">1<\/div>\n<p style=\"margin:0;color:#2e3033;font-size:15px;line-height:1.6\"><strong style=\"color:#013366\">Identifier le motif, ne pas deviner.<\/strong> Si les cheveux tombent uniform\u00e9ment sur toute la t\u00eate, la piste m\u00e9tabolique est probable. Si en revanche les golfes temporaux et le vertex se d\u00e9garnissent alors que l&rsquo;arri\u00e8re du cr\u00e2ne reste dense, une part h\u00e9r\u00e9ditaire est probable. Le motif d\u00e9termine tout le reste.<\/p>\n<\/div>\n<div style=\"display:flex;gap:12px;margin:0 0 14px\">\n<div style=\"flex:0 0 28px;height:28px;border-radius:50%;background:#0079F1;color:#ffffff;font-weight:700;font-size:15px;line-height:28px;text-align:center\">2<\/div>\n<p style=\"margin:0;color:#2e3033;font-size:15px;line-height:1.6\"><strong style=\"color:#013366\">Faire v\u00e9rifier les valeurs plut\u00f4t que changer de shampoing.<\/strong> Le bilan doit comprendre l&rsquo;HbA1c et son \u00e9volution, la ferritine, la vitamine B12 (surtout sous metformine), le zinc, la vitamine D et la TSH. Aucun produit de soin ne corrige une glyc\u00e9mie ni une carence.<\/p>\n<\/div>\n<div style=\"display:flex;gap:12px;margin:0\">\n<div style=\"flex:0 0 28px;height:28px;border-radius:50%;background:#0079F1;color:#ffffff;font-weight:700;font-size:15px;line-height:28px;text-align:center\">3<\/div>\n<p style=\"margin:0;color:#2e3033;font-size:15px;line-height:1.6\"><strong style=\"color:#013366\">Laisser du temps au cycle capillaire.<\/strong> Une fois la glyc\u00e9mie stabilis\u00e9e, la chute diminue g\u00e9n\u00e9ralement au bout de 1 \u00e0 2 mois, les premiers cheveux repoussent au 5e ou 6e mois, et la densit\u00e9 s&rsquo;am\u00e9liore visiblement apr\u00e8s 9 \u00e0 12 mois. Avant cela, il est tout simplement impossible d&rsquo;\u00e9valuer le r\u00e9sultat.<\/p>\n<\/div>\n<\/div>\n\n\n\n<h2 class=\"wp-block-heading\">Pourquoi le diab\u00e8te provoque-t-il une chute de cheveux ?<\/h2>\n\n\n\n<figure class=\"wp-block-image size-full\"><img decoding=\"async\" src=\"https:\/\/elithair.com\/fr\/wp-content\/uploads\/sites\/9\/2026\/08\/bestand_97298.png\" alt=\"Une cellule sanguine travers\u00e9e par des morceaux de sucre\" class=\"wp-image-101798\"\/><\/figure>\n\n\n\n<p class=\"wp-block-paragraph\">Le diab\u00e8te provoque une chute de cheveux par quatre voies qui se renforcent mutuellement : une microcirculation perturb\u00e9e au niveau de la racine, la glycation des prot\u00e9ines tissulaires (AGE), une inflammation chronique de bas grade et un d\u00e9s\u00e9quilibre hormonal li\u00e9 \u00e0 l&rsquo;hyperinsulin\u00e9mie. Dans le type 1 s&rsquo;y ajoute un axe auto-immun.<\/p>\n\n\n\n<p class=\"wp-block-paragraph\"><a href=\"https:\/\/www.msdmanuals.com\/fr\/accueil\/troubles-hormonaux-et-m%C3%A9taboliques\/diab%C3%A8te-sucr%C3%A9-et-faible-taux-de-sucre-dans-le-sang-hypoglyc%C3%A9mie\/pr%C3%A9sentation-du-diab%C3%A8te-sucr%C3%A9\" target=\"_blank\" rel=\"noopener\">Le diab\u00e8te<\/a> est une maladie chronique qui influence de nombreux processus de l&rsquo;organisme, y compris la sant\u00e9 des cheveux. <strong>La chute de cheveux en cas de diab\u00e8te<\/strong> est fr\u00e9quente et peut r\u00e9sulter de diff\u00e9rents facteurs venant perturber le cycle capillaire normal. Leur intensit\u00e9 d\u00e9pend surtout du niveau et de la dur\u00e9e de l&rsquo;exposition \u00e0 l&rsquo;hyperglyc\u00e9mie.<\/p>\n\n\n\n<div style=\"border-left:4px solid #0079F1;padding:0 0 0 14px;margin:26px 0\">\n<p style=\"margin:0 0 10px;color:#013366;font-weight:700;font-size:16px\">Les quatre m\u00e9canismes en clair, plus l&rsquo;axe auto-immun dans le type 1<\/p>\n<ul style=\"margin:0;padding:0;color:#2e3033;list-style:none;font-size:15px;line-height:1.6\">\n<li style=\"padding:0 0 10px\"><strong style=\"color:#013366\">Microangiopathie<\/strong> signifie : les plus petits vaisseaux sanguins s&rsquo;ab\u00eement. Cons\u00e9quence pour vos cheveux : moins d&rsquo;oxyg\u00e8ne et de nutriments \u00e0 la racine, le cheveu repousse plus lentement et plus fin.<\/li>\n<li style=\"padding:0 0 10px\"><strong style=\"color:#013366\">Hyperinsulin\u00e9mie<\/strong> signifie : un taux d&rsquo;insuline durablement trop \u00e9lev\u00e9 dans le sang. Cons\u00e9quence pour vos cheveux : la prot\u00e9ine de liaison SHBG baisse, et davantage de testost\u00e9rone libre est disponible pour \u00eatre convertie en DHT.<\/li>\n<li style=\"padding:0 0 10px\"><strong style=\"color:#013366\">Glycation (AGE)<\/strong> signifie : le sucre se fixe durablement sur les prot\u00e9ines de l&rsquo;organisme. Cons\u00e9quence pour vos cheveux : le tissu conjonctif autour du follicule se rigidifie et vieillit plus vite, un effet montr\u00e9 jusqu&rsquo;ici surtout sur des mod\u00e8les cutan\u00e9s et cellulaires.<\/li>\n<li style=\"padding:0 0 10px\"><strong style=\"color:#013366\">Inflammation de bas grade<\/strong> signifie : des m\u00e9diateurs comme l&rsquo;IL-6 et le TNF-alpha durablement \u00e9lev\u00e9s. Cons\u00e9quence pour vos cheveux : les cellules souches folliculaires fonctionnent moins bien, le cheveu se miniaturise plus facilement.<\/li>\n<li style=\"padding:0\"><strong style=\"color:#013366\">Stress et auto-immunit\u00e9<\/strong> signifie : une charge psychique et un syst\u00e8me immunitaire qui se trompe de cible. Cons\u00e9quence pour vos cheveux : de nombreux follicules passent simultan\u00e9ment en phase de repos, et dans le type 1 s&rsquo;ajoute la pelade comme tableau \u00e0 part enti\u00e8re.<\/li>\n<\/ul>\n<\/div>\n\n\n\n<h3 class=\"wp-block-heading\">Troubles de la circulation : un apport insuffisant aux follicules pileux<\/h3>\n\n\n\n<p class=\"wp-block-paragraph\">Un facteur central de la chute de cheveux dans le diab\u00e8te est l&rsquo;alt\u00e9ration de la circulation sanguine. Une glyc\u00e9mie \u00e9lev\u00e9e peut endommager les vaisseaux et d\u00e9grader la perfusion. Sur le plan m\u00e9dical, cette voie s&rsquo;appelle microangiopathie diab\u00e9tique, un concept \u00e9tabli dans la litt\u00e9rature diab\u00e9tologique consacr\u00e9e aux complications cutan\u00e9es (revue sur les complications cutan\u00e9es du diab\u00e8te, PMC 2023).<\/p>\n\n\n\n<p class=\"wp-block-paragraph\">Comme les follicules pileux d\u00e9pendent d&rsquo;un apport suffisant en nutriments et en oxyg\u00e8ne, des troubles circulatoires peuvent affaiblir les racines. Avec le temps, la pousse est entrav\u00e9e, ce qui peut se traduire par des cheveux qui s&rsquo;affinent ou par une chute.<\/p>\n\n\n\n<p class=\"wp-block-paragraph\">En phase de croissance, le follicule pileux est l&rsquo;un des tissus les plus actifs de l&rsquo;organisme sur le plan m\u00e9tabolique ; il r\u00e9agit donc de fa\u00e7on tr\u00e8s sensible \u00e0 une moindre irrigation. Il n&rsquo;existe cependant aucun chiffre fiable indiquant dans quelle proportion la perfusion folliculaire diminue en cas de diab\u00e8te. Les donn\u00e9es sont descriptives, pas quantifi\u00e9es.<\/p>\n\n\n\n<h3 class=\"wp-block-heading\">Changements hormonaux : le r\u00f4le de l&rsquo;insuline<\/h3>\n\n\n\n<p class=\"wp-block-paragraph\">Le diab\u00e8te s&rsquo;accompagne souvent de modifications hormonales qui peuvent agir directement sur la pousse des cheveux. <a href=\"https:\/\/www.msdmanuals.com\/fr\/accueil\/troubles-hormonaux-et-m%C3%A9taboliques\/diab%C3%A8te-sucr%C3%A9-et-faible-taux-de-sucre-dans-le-sang-hypoglyc%C3%A9mie\/traitement-m%C3%A9dicamenteux-du-diab%C3%A8te\" target=\"_blank\" rel=\"noopener\">L&rsquo;insuline<\/a>, l&rsquo;hormone qui r\u00e9gule la glyc\u00e9mie, joue un r\u00f4le cl\u00e9 dans de nombreux processus m\u00e9taboliques.<\/p>\n\n\n\n<p class=\"wp-block-paragraph\">Un taux d&rsquo;insuline d\u00e9s\u00e9quilibr\u00e9, fr\u00e9quent dans le diab\u00e8te, peut perturber le cycle capillaire et raccourcir la phase de croissance. De plus, les fluctuations hormonales sollicitent davantage l&rsquo;organisme, ce qui freine encore la pousse. Une preuve directe sur le follicule humain manque \u00e0 ce jour pour cette voie : le lien est jug\u00e9 plausible, pas d\u00e9montr\u00e9.<\/p>\n\n\n\n<p class=\"wp-block-paragraph\">Le second effet hormonal est mieux \u00e9tay\u00e9 : un taux d&rsquo;insuline \u00e9lev\u00e9 abaisse la globuline liant les hormones sexuelles (SHBG). La part de testost\u00e9rone libre, biologiquement active, augmente alors ; au niveau du follicule, elle est convertie en DHT. C&rsquo;est le pont m\u00e9canistique vers l&rsquo;alop\u00e9cie androg\u00e9n\u00e9tique, d\u00e9taill\u00e9 dans la section suivante.<\/p>\n\n\n\n<h3 class=\"wp-block-heading\">AGE et glycation : pourquoi une glyc\u00e9mie \u00e9lev\u00e9e fait vieillir les tissus<\/h3>\n\n\n\n<p class=\"wp-block-paragraph\">Les produits de glycation avanc\u00e9e (AGE) se forment lorsque le sucre se lie durablement aux prot\u00e9ines. Ils s&rsquo;accumulent de fa\u00e7on mesurable dans la peau, rigidifient le collag\u00e8ne et d\u00e9gradent l&rsquo;\u00e9lasticit\u00e9 des tissus (Wang et al. 2024, Experimental Dermatology). Un travail de 2025 a m\u00eame mis en \u00e9vidence des traces d&rsquo;AGE directement dans le cheveu et les envisage comme marqueur non invasif du diab\u00e8te et du vieillissement.<\/p>\n\n\n\n<p class=\"wp-block-paragraph\">Important pour la mise en perspective : le fait que les AGE endommagent le follicule lui-m\u00eame et raccourcissent la phase de croissance a surtout \u00e9t\u00e9 montr\u00e9 sur cultures cellulaires et mod\u00e8les cutan\u00e9s, pas dans des \u00e9tudes cliniques chez l&rsquo;humain. Le m\u00e9canisme est bien \u00e9tabli pour le vieillissement cutan\u00e9 et plausible pour l&rsquo;environnement folliculaire, mais il ne constitue pas une cause d\u00e9montr\u00e9e de chute de cheveux.<\/p>\n\n\n\n<h3 class=\"wp-block-heading\">Inflammation chronique et stress oxydatif : que se passe-t-il dans les tissus ?<\/h3>\n\n\n\n<p class=\"wp-block-paragraph\">Le diab\u00e8te est consid\u00e9r\u00e9 comme un \u00e9tat d&rsquo;inflammation chronique de bas grade. Des cytokines pro-inflammatoires comme l&rsquo;IL-6 et le TNF-alpha inhibent la fonction des cellules souches folliculaires et favorisent la miniaturisation du cheveu ; des marqueurs inflammatoires \u00e9lev\u00e9s vont de pair avec une moindre r\u00e9ponse aux traitements de la chute de cheveux (revue sur l&rsquo;inflammation p\u00e9rifolliculaire dans l&rsquo;alop\u00e9cie androg\u00e9n\u00e9tique, Dove Medical Press).<\/p>\n\n\n\n<p class=\"wp-block-paragraph\">L\u00e0 encore, la nuance s&rsquo;impose : il n&rsquo;existe pas d&rsquo;\u00e9tude de cohorte d\u00e9di\u00e9e reliant les taux de CRP ou d&rsquo;IL-6 dans le diab\u00e8te \u00e0 une perte de cheveux mesur\u00e9e. L&rsquo;inflammation est un d\u00e9nominateur physiopathologique commun aux deux maladies, pas une cha\u00eene causale d\u00e9montr\u00e9e.<\/p>\n\n\n\n<h3 class=\"wp-block-heading\">Stress et r\u00e9actions auto-immunes : des contraintes pour l&rsquo;organisme<\/h3>\n\n\n\n<p class=\"wp-block-paragraph\">Le diab\u00e8te n&rsquo;impose pas seulement une charge physique, mais aussi psychique. Le stress li\u00e9 \u00e0 la maladie peut d\u00e9clencher un <a href=\"https:\/\/www.msdmanuals.com\/fr\/accueil\/troubles-cutan%C3%A9s\/troubles-pileux\/alop%C3%A9cie-chute-de-cheveux-ou-de-poils\" target=\"_blank\" rel=\"noopener\">effluvium t\u00e9log\u00e8ne<\/a> aigu, une forme de chute au cours de laquelle de nombreux follicules passent en phase de repos. La chute est alors diffuse et diff\u00e9r\u00e9e, g\u00e9n\u00e9ralement 2 \u00e0 3 mois apr\u00e8s l&rsquo;\u00e9v\u00e9nement d\u00e9clencheur.<\/p>\n\n\n\n<p class=\"wp-block-paragraph\">Le diab\u00e8te augmente en outre le risque de maladies auto-immunes comme la <a href=\"\/fr\/greffe-de-cheveux-blog\/pelade\/\">pelade (alopecia areata)<\/a>, au cours de laquelle le syst\u00e8me immunitaire attaque les follicules et provoque des plaques glabres. Que ce soit par des troubles circulatoires, des <a href=\"\/fr\/greffe-de-cheveux-blog\/comment-les-hormones-influencent-nos-cheveux\/\">modifications hormonales<\/a> ou le stress : le diab\u00e8te peut favoriser la chute de cheveux de plusieurs mani\u00e8res.<\/p>\n\n\n\n<p class=\"wp-block-paragraph\">Avec des mesures et des traitements cibl\u00e9s, les effets du diab\u00e8te sur les cheveux peuvent souvent \u00eatre att\u00e9nu\u00e9s, et la part diffuse de la chute, celle qui vient du m\u00e9tabolisme, peut r\u00e9gresser.<\/p>\n\n\n<div class=\"wp-block-image\">\n<figure class=\"aligncenter size-large is-resized\" style=\"max-width:560px;margin-left:auto;margin-right:auto\"><img decoding=\"async\" src=\"https:\/\/elithair.com\/fr\/wp-content\/uploads\/sites\/9\/2026\/08\/mechanismen_follikel__fr.png\" alt=\"Illustration d'un follicule pileux en coupe cutan\u00e9e avec les quatre m\u00e9canismes par lesquels le diab\u00e8te perturbe la pousse des cheveux\" class=\"wp-image-101789\" style=\"width:560px;max-width:100%;height:auto\"\/><\/figure>\n<\/div>\n\n\n<p class=\"wp-block-paragraph\">L&rsquo;intensit\u00e9 de ces m\u00e9canismes d\u00e9pend moins du type de diab\u00e8te que de l&rsquo;insulinor\u00e9sistance sous-jacente. C&rsquo;est pr\u00e9cis\u00e9ment sur ce point que porte la litt\u00e9rature la plus int\u00e9ressante de ces derni\u00e8res ann\u00e9es.<\/p>\n\n\n\n<h2 class=\"wp-block-heading\">Insulinor\u00e9sistance et chute de cheveux : ce que montrent les \u00e9tudes<\/h2>\n\n\n\n<p class=\"wp-block-paragraph\">L&rsquo;insulinor\u00e9sistance ne provoque pas de chute de cheveux. Elle est en revanche statistiquement associ\u00e9e \u00e0 l&rsquo;alop\u00e9cie androg\u00e9n\u00e9tique d&rsquo;apparition pr\u00e9coce et au syndrome m\u00e9tabolique. Erden, Yorulmaz et Yalcin (2025, Journal of Cosmetic Dermatology) ont retrouv\u00e9, dans une \u00e9tude cas-t\u00e9moins portant sur 200 hommes de 18 \u00e0 35 ans, une insulinor\u00e9sistance (HOMA-IR \u00e0 partir de 2,7) chez 18 % des personnes concern\u00e9es contre 4 % des t\u00e9moins (p = 0,003).<\/p>\n\n\n\n<p class=\"wp-block-paragraph\">Le m\u00eame travail a retrouv\u00e9 un syndrome m\u00e9tabolique chez 21 % contre 9 % (p = 0,011), ainsi que des taux d&rsquo;insuline \u00e0 jeun significativement plus \u00e9lev\u00e9s (p = 0,005), des triglyc\u00e9rides plus \u00e9lev\u00e9s (p = 0,043) et un tour de taille plus important (p = 0,026). La fr\u00e9quence de l&rsquo;insulinor\u00e9sistance augmentait avec le stade sur l&rsquo;\u00e9chelle de Hamilton-Norwood.<\/p>\n\n\n\n<p class=\"wp-block-paragraph\">Cela concorde avec des donn\u00e9es plus anciennes : une m\u00e9ta-analyse de 2017 parue dans Scientific Reports a retrouv\u00e9, chez de jeunes hommes atteints d&rsquo;une alop\u00e9cie androg\u00e9n\u00e9tique d&rsquo;apparition pr\u00e9coce, des taux d&rsquo;insuline et des valeurs HOMA significativement plus \u00e9lev\u00e9s que chez les t\u00e9moins. Une revue syst\u00e9matique de 2026 parue dans BMC Public Health cite l&rsquo;insulinor\u00e9sistance, aux c\u00f4t\u00e9s des ant\u00e9c\u00e9dents familiaux paternels, comme facteur de risque \u00e0 part enti\u00e8re.<\/p>\n\n\n\n<p class=\"wp-block-paragraph\">Ce que ces \u00e9tudes ne montrent pas est au moins aussi important. Elles sont de petite taille (100 \u00e0 200 participants), proviennent le plus souvent d&rsquo;un centre unique et reposent sur un sch\u00e9ma transversal ou cas-t\u00e9moins. Impossible donc d&rsquo;\u00e9tablir un sens de causalit\u00e9 : savoir si l&rsquo;insulinor\u00e9sistance pr\u00e9c\u00e8de la chute de cheveux ou si les deux partagent une cause commune reste une question ouverte.<\/p>\n\n\n\n<p class=\"wp-block-paragraph\">Par ailleurs, les \u00e9tudes portent presque exclusivement sur des hommes \u00e0 chute pr\u00e9coce. Chez les femmes et pour les chutes d&rsquo;apparition tardive, les donn\u00e9es sont minces. Et aucune \u00e9tude ne montre qu&rsquo;un traitement visant \u00e0 am\u00e9liorer la sensibilit\u00e9 \u00e0 l&rsquo;insuline fasse repousser les cheveux. L&rsquo;affirmer, c&rsquo;est aller au-del\u00e0 du niveau de preuve.<\/p>\n\n\n\n<p class=\"wp-block-paragraph\">L&rsquo;explication m\u00e9canistique reste donc une hypoth\u00e8se : l&rsquo;hyperinsulin\u00e9mie abaisse la SHBG, la testost\u00e9rone libre augmente, davantage de DHT agit sur un follicule sensible, la miniaturisation s&rsquo;acc\u00e9l\u00e8re. S&rsquo;y ajoute une microcirculation p\u00e9rifolliculaire d\u00e9grad\u00e9e. Plausible, coh\u00e9rent avec les valeurs mesur\u00e9es, mais non d\u00e9montr\u00e9.<\/p>\n\n\n\n<h3 class=\"wp-block-heading\">Ce que cela signifie en pratique : indice HOMA, insuline \u00e0 jeun et mode de vie<\/h3>\n\n\n\n<p class=\"wp-block-paragraph\">L&rsquo;indice HOMA (HOMA-IR) estime l&rsquo;insulinor\u00e9sistance \u00e0 partir de deux valeurs \u00e0 jeun. La formule est la suivante : insuline \u00e0 jeun en micro-unit\u00e9s par millilitre multipli\u00e9e par la glyc\u00e9mie \u00e0 jeun en milligrammes par d\u00e9cilitre, le tout divis\u00e9 par 405. Une fourchette de 0,7 \u00e0 2,0 est souvent consid\u00e9r\u00e9e comme normale ; le pr\u00e9l\u00e8vement exige 8 \u00e0 12 heures de je\u00fbne.<\/p>\n\n\n\n<p class=\"wp-block-paragraph\">Le seuil, lui, est flou, et il faut le dire : certains auteurs situent le d\u00e9but de l&rsquo;insulinor\u00e9sistance \u00e0 partir de 1,9, le seuil NHANES est de 2,5, l&rsquo;\u00e9tude sur la chute de cheveux cit\u00e9e plus haut a utilis\u00e9 2,7, et pour les populations asiatiques des valeurs de 1,4 \u00e0 2,5 sont discut\u00e9es. Aucune soci\u00e9t\u00e9 savante n&rsquo;a ratifi\u00e9 de seuil unique (mdcalc.com, 2026).<\/p>\n\n\n\n<p class=\"wp-block-paragraph\">Le HOMA-IR n&rsquo;est donc pas un test de chute de cheveux, mais un test m\u00e9tabolique. Il ne dit pas pourquoi vous perdez vos cheveux, mais s&rsquo;il existe en arri\u00e8re-plan une insulinor\u00e9sistance qui m\u00e9rite de toute fa\u00e7on attention.<\/p>\n\n\n\n<p class=\"wp-block-paragraph\">Les leviers d\u00e9montr\u00e9s sur la sensibilit\u00e9 \u00e0 l&rsquo;insuline n&rsquo;ont rien de spectaculaire, mais ils fonctionnent : perte de poids, entra\u00eenement d&rsquo;endurance r\u00e9gulier associ\u00e9 \u00e0 du renforcement musculaire et sommeil suffisant. La recommandation standard est de 150 minutes d&rsquo;activit\u00e9 mod\u00e9r\u00e9e par semaine (recommandations de l&rsquo;OMS en mati\u00e8re d&rsquo;activit\u00e9 physique). Aucune promesse capillaire n&rsquo;y est attach\u00e9e ; un b\u00e9n\u00e9fice m\u00e9tabolique, en revanche, oui.<\/p>\n\n\n\n<h3 class=\"wp-block-heading\">La chute de cheveux pr\u00e9coce comme signal m\u00e9tabolique<\/h3>\n\n\n\n<p class=\"wp-block-paragraph\">Le point le plus utile en pratique concerne les hommes jeunes. Lorsque l&rsquo;alop\u00e9cie h\u00e9r\u00e9ditaire d\u00e9bute nettement avant 30 \u00e0 35 ans, il vaut la peine de contr\u00f4ler la tension art\u00e9rielle, le bilan lipidique et la glyc\u00e9mie \u00e0 jeun. Cette approche est de plus en plus discut\u00e9e en dermatologie, mais aucune soci\u00e9t\u00e9 savante n&rsquo;en fait une recommandation officielle de d\u00e9pistage.<\/p>\n\n\n\n<p class=\"wp-block-paragraph\">L&rsquo;id\u00e9e n&rsquo;est pas de traiter la chute de cheveux, mais de rep\u00e9rer des ann\u00e9es plus t\u00f4t un trouble m\u00e9tabolique silencieux. Pour les cheveux eux-m\u00eames, ce constat ne change rien dans l&rsquo;imm\u00e9diat. Pour le c\u0153ur, les vaisseaux et le risque de diab\u00e8te, il peut beaucoup changer.<\/p>\n\n\n<div class=\"wp-block-image\">\n<figure class=\"aligncenter size-large is-resized\" style=\"max-width:560px;margin-left:auto;margin-right:auto\"><img decoding=\"async\" src=\"https:\/\/elithair.com\/fr\/wp-content\/uploads\/sites\/9\/2026\/08\/insulinresistenz_kette__fr.png\" alt=\"Sch\u00e9ma de la cha\u00eene discut\u00e9e allant de l'insulinor\u00e9sistance \u00e0 la miniaturisation du follicule pileux, en passant par l'hyperinsulin\u00e9mie et la SHBG\" class=\"wp-image-101790\" style=\"width:560px;max-width:100%;height:auto\"\/><\/figure>\n<\/div>\n\n\n<h2 class=\"wp-block-heading\">Comment se manifeste la chute de cheveux en cas de diab\u00e8te ?<\/h2>\n\n\n\n<figure class=\"wp-block-image size-full\"><img decoding=\"async\" src=\"https:\/\/elithair.com\/fr\/wp-content\/uploads\/sites\/9\/2026\/08\/bestand_97301.png\" alt=\"Un m\u00e9decin examine le cr\u00e2ne d'un patient souffrant de chute de cheveux\" class=\"wp-image-101801\"\/><\/figure>\n\n\n\n<p class=\"wp-block-paragraph\">Dans la plupart des cas, la chute de cheveux li\u00e9e au diab\u00e8te se traduit par une rar\u00e9faction uniforme sur l&rsquo;ensemble du cr\u00e2ne, et non par un motif avec golfes temporaux. Elle peut se manifester de diff\u00e9rentes fa\u00e7ons, selon les causes sous-jacentes et la r\u00e9action individuelle de l&rsquo;organisme. Les sympt\u00f4mes sont souvent discrets, mais ils peuvent fournir des indices importants montrant que la perte de cheveux est li\u00e9e \u00e0 la maladie.<\/p>\n\n\n\n<h3 class=\"wp-block-heading\">Motifs typiques : rar\u00e9faction diffuse et chute par plaques<\/h3>\n\n\n\n<p class=\"wp-block-paragraph\">Beaucoup de personnes diab\u00e9tiques constatent que leurs cheveux s&rsquo;affinent progressivement, souvent de fa\u00e7on uniforme sur tout le cr\u00e2ne (<a href=\"\/fr\/greffe-de-cheveux-blog\/chute-de-cheveux-diffuse\/\">chute de cheveux diffuse<\/a>). Une perte accrue se remarque surtout au peignage ou au lavage.<\/p>\n\n\n\n<p class=\"wp-block-paragraph\">Un rep\u00e8re : si l&rsquo;on recueille 100 cheveux ou plus en 24 heures, cela \u00e9voque un effluvium t\u00e9log\u00e8ne (StatPearls, NCBI Bookshelf). Lors du test de traction r\u00e9alis\u00e9 par le m\u00e9decin (pull test), le r\u00e9sultat est consid\u00e9r\u00e9 comme anormal si une traction douce d\u00e9tache au moins 4 cheveux \u00e0 la fois. Ce sont des indices, pas des diagnostics.<\/p>\n\n\n\n<p class=\"wp-block-paragraph\">En cas de r\u00e9action auto-immune, la perte peut en revanche survenir par plaques, avec des zones glabres apparaissant brutalement sur le cuir chevelu ou sur d&rsquo;autres r\u00e9gions pileuses.<\/p>\n\n\n\n<h3 class=\"wp-block-heading\">Distinguer les autres formes<\/h3>\n\n\n\n<p class=\"wp-block-paragraph\">Il est important de distinguer la chute de cheveux li\u00e9e au diab\u00e8te d&rsquo;autres formes, comme par exemple l&rsquo;alop\u00e9cie h\u00e9r\u00e9ditaire (alop\u00e9cie androg\u00e9n\u00e9tique).<\/p>\n\n\n\n<p class=\"wp-block-paragraph\">Alors que la chute d&rsquo;origine g\u00e9n\u00e9tique survient surtout \u00e0 des endroits pr\u00e9cis, comme les golfes temporaux ou le vertex, et suit un motif net, la chute li\u00e9e au diab\u00e8te se manifeste souvent de fa\u00e7on diffuse ou en association avec d&rsquo;autres sympt\u00f4mes physiques. Seule la part g\u00e9n\u00e9tique r\u00e9pond aux traitements capillaires ou \u00e0 une greffe de cheveux, et c&rsquo;est pr\u00e9cis\u00e9ment pour cela que tout commence par la d\u00e9termination du motif.<\/p>\n\n\n\n<style>\n@media (max-width:640px){\n.rt-table-wrap{overflow-x:visible!important;border:0!important;border-radius:0!important}\n.rt-table{min-width:0!important}\n.rt-table thead{display:none}\n.rt-table,.rt-table tbody,.rt-table tr,.rt-table td{display:block;width:100%}\n.rt-table caption{display:block;padding:0 0 12px!important}\n.rt-table tr{margin:0 0 12px;border:1px solid #dbe4f0;border-radius:10px;overflow:hidden}\n.rt-table tr:last-child{margin-bottom:0}\n.rt-table td{display:flex!important;flex-direction:column;gap:3px;padding:12px 14px!important;\nborder:0!important;border-bottom:1px solid #e3e8ef!important;background:#ffffff!important}\n.rt-table tr td:last-child{border-bottom:0!important}\n.rt-table td::before{content:attr(data-label);font-size:12px;font-weight:700;letter-spacing:.04em;\ntext-transform:uppercase;color:#5799F1}\n.rt-table td:not([data-label])::before,.rt-table td[data-label=\"\"]::before{display:none}\n}\n<\/style>\n<div class=\"rt-table-wrap\" style=\"overflow-x:auto;-webkit-overflow-scrolling:touch;margin:28px 0;border:1px solid #dbe4f0;border-radius:12px\">\n  <table class=\"rt-table\" style=\"width:100%;min-width:660px;table-layout:fixed;border-collapse:separate;border-spacing:0;font-size:15px;margin:0\">\n    <caption style=\"caption-side:top;text-align:left;color:#003366;font-weight:700;font-size:16px;line-height:1.35;padding:14px 16px 10px;background:#ffffff\">Situer la chute de cheveux en cas de diab\u00e8te : ce que le tableau clinique signifie probablement et ce qu&rsquo;il faut clarifier ensuite<\/caption>\n    <thead>\n      <tr>\n        <th style=\"width:22%;background:#003366;color:#ffffff;font-weight:700;text-align:left;vertical-align:middle;padding:13px 16px;font-size:15px;line-height:1.4;border:0;overflow-wrap:break-word\">Ce que vous voyez<\/th>\n        <th style=\"background:#003366;color:#ffffff;font-weight:700;text-align:left;vertical-align:middle;padding:13px 16px;font-size:15px;line-height:1.4;border:0;overflow-wrap:break-word\">Signes associ\u00e9s<\/th>\n        <th style=\"background:#003366;color:#ffffff;font-weight:700;text-align:left;vertical-align:middle;padding:13px 16px;font-size:15px;line-height:1.4;border:0;overflow-wrap:break-word\">Cause probable<\/th>\n        <th style=\"background:#003366;color:#ffffff;font-weight:700;text-align:left;vertical-align:middle;padding:13px 16px;font-size:15px;line-height:1.4;border:0;overflow-wrap:break-word\">\u00c9tape suivante<\/th>\n      <\/tr>\n    <\/thead>\n    <tbody>\n      <tr>\n        <td data-label=\"Ce que vous voyez\" style=\"background:#ffffff;color:#003366;font-weight:700;text-align:left;vertical-align:top;padding:13px 16px;font-size:15px;line-height:1.55;border:0;border-bottom:1px solid #e3e8ef;overflow-wrap:break-word\">Rar\u00e9faction uniforme sur tout le cr\u00e2ne, beaucoup de cheveux au lavage<\/td>\n        <td data-label=\"Signes associ\u00e9s\" style=\"background:#ffffff;color:#22303e;font-weight:400;text-align:left;vertical-align:top;padding:13px 16px;font-size:15px;line-height:1.55;border:0;border-bottom:1px solid #e3e8ef;overflow-wrap:break-word\">HbA1c \u00e9lev\u00e9e, fatigue, peau s\u00e8che<\/td>\n        <td data-label=\"Cause probable\" style=\"background:#ffffff;color:#22303e;font-weight:400;text-align:left;vertical-align:top;padding:13px 16px;font-size:15px;line-height:1.55;border:0;border-bottom:1px solid #e3e8ef;overflow-wrap:break-word\">Effluvium t\u00e9log\u00e8ne diffus, d\u00e9clench\u00e9 par le m\u00e9tabolisme<\/td>\n        <td data-label=\"\u00c9tape suivante\" style=\"background:#ffffff;color:#22303e;font-weight:400;text-align:left;vertical-align:top;padding:13px 16px;font-size:15px;line-height:1.55;border:0;border-bottom:1px solid #e3e8ef;overflow-wrap:break-word\">Faire doser l&rsquo;HbA1c, la ferritine, la TSH et la vitamine B12, \u00e9quilibrer le m\u00e9tabolisme<\/td>\n      <\/tr>\n      <tr>\n        <td data-label=\"Ce que vous voyez\" style=\"background:#f6f9fc;color:#003366;font-weight:700;text-align:left;vertical-align:top;padding:13px 16px;font-size:15px;line-height:1.55;border:0;border-bottom:1px solid #e3e8ef;overflow-wrap:break-word\">Golfes temporaux, vertex clairsem\u00e9, ligne frontale qui recule<\/td>\n        <td data-label=\"Signes associ\u00e9s\" style=\"background:#f6f9fc;color:#22303e;font-weight:400;text-align:left;vertical-align:top;padding:13px 16px;font-size:15px;line-height:1.55;border:0;border-bottom:1px solid #e3e8ef;overflow-wrap:break-word\">Ant\u00e9c\u00e9dents familiaux, d\u00e9but avant 30 ans<\/td>\n        <td data-label=\"Cause probable\" style=\"background:#f6f9fc;color:#22303e;font-weight:400;text-align:left;vertical-align:top;padding:13px 16px;font-size:15px;line-height:1.55;border:0;border-bottom:1px solid #e3e8ef;overflow-wrap:break-word\">Alop\u00e9cie androg\u00e9n\u00e9tique, possiblement associ\u00e9e \u00e0 une insulinor\u00e9sistance<\/td>\n        <td data-label=\"\u00c9tape suivante\" style=\"background:#f6f9fc;color:#22303e;font-weight:400;text-align:left;vertical-align:top;padding:13px 16px;font-size:15px;line-height:1.55;border:0;border-bottom:1px solid #e3e8ef;overflow-wrap:break-word\">Faire d\u00e9terminer le motif, et contr\u00f4ler en plus la tension art\u00e9rielle, le bilan lipidique et la glyc\u00e9mie \u00e0 jeun<\/td>\n      <\/tr>\n      <tr>\n        <td data-label=\"Ce que vous voyez\" style=\"background:#ffffff;color:#003366;font-weight:700;text-align:left;vertical-align:top;padding:13px 16px;font-size:15px;line-height:1.55;border:0;border-bottom:1px solid #e3e8ef;overflow-wrap:break-word\">Plaques glabres rondes, \u00e0 bords nets, y compris dans la barbe<\/td>\n        <td data-label=\"Signes associ\u00e9s\" style=\"background:#ffffff;color:#22303e;font-weight:400;text-align:left;vertical-align:top;padding:13px 16px;font-size:15px;line-height:1.55;border:0;border-bottom:1px solid #e3e8ef;overflow-wrap:break-word\">Diab\u00e8te de type 1, bilan thyro\u00efdien anormal, atteinte des ongles<\/td>\n        <td data-label=\"Cause probable\" style=\"background:#ffffff;color:#22303e;font-weight:400;text-align:left;vertical-align:top;padding:13px 16px;font-size:15px;line-height:1.55;border:0;border-bottom:1px solid #e3e8ef;overflow-wrap:break-word\">Pelade (alopecia areata, auto-immune)<\/td>\n        <td data-label=\"\u00c9tape suivante\" style=\"background:#ffffff;color:#22303e;font-weight:400;text-align:left;vertical-align:top;padding:13px 16px;font-size:15px;line-height:1.55;border:0;border-bottom:1px solid #e3e8ef;overflow-wrap:break-word\">Consultation dermatologique, dosage de la TSH et des auto-anticorps<\/td>\n      <\/tr>\n      <tr>\n        <td data-label=\"Ce que vous voyez\" style=\"background:#f6f9fc;color:#003366;font-weight:700;text-align:left;vertical-align:top;padding:13px 16px;font-size:15px;line-height:1.55;border:0;border-bottom:1px solid #e3e8ef;overflow-wrap:break-word\">Rar\u00e9faction au sommet du cr\u00e2ne, ligne frontale conserv\u00e9e, pilosit\u00e9 corporelle accrue<\/td>\n        <td data-label=\"Signes associ\u00e9s\" style=\"background:#f6f9fc;color:#22303e;font-weight:400;text-align:left;vertical-align:top;padding:13px 16px;font-size:15px;line-height:1.55;border:0;border-bottom:1px solid #e3e8ef;overflow-wrap:break-word\">Troubles du cycle, acn\u00e9, insulinor\u00e9sistance<\/td>\n        <td data-label=\"Cause probable\" style=\"background:#f6f9fc;color:#22303e;font-weight:400;text-align:left;vertical-align:top;padding:13px 16px;font-size:15px;line-height:1.55;border:0;border-bottom:1px solid #e3e8ef;overflow-wrap:break-word\">Motif f\u00e9minin, suspicion de SOPK<\/td>\n        <td data-label=\"\u00c9tape suivante\" style=\"background:#f6f9fc;color:#22303e;font-weight:400;text-align:left;vertical-align:top;padding:13px 16px;font-size:15px;line-height:1.55;border:0;border-bottom:1px solid #e3e8ef;overflow-wrap:break-word\">Gyn\u00e9cologie ou endocrinologie : testost\u00e9rone, SHBG, HOMA-IR<\/td>\n      <\/tr>\n      <tr>\n        <td data-label=\"Ce que vous voyez\" style=\"background:#ffffff;color:#003366;font-weight:700;text-align:left;vertical-align:top;padding:13px 16px;font-size:15px;line-height:1.55;border:0;overflow-wrap:break-word\">Cuir chevelu qui d\u00e9mange, desquame et rougit, avec perte de cheveux aux m\u00eames endroits<\/td>\n        <td data-label=\"Signes associ\u00e9s\" style=\"background:#ffffff;color:#22303e;font-weight:400;text-align:left;vertical-align:top;padding:13px 16px;font-size:15px;line-height:1.55;border:0;overflow-wrap:break-word\">Br\u00fblures, pustules, cro\u00fbtes<\/td>\n        <td data-label=\"Cause probable\" style=\"background:#ffffff;color:#22303e;font-weight:400;text-align:left;vertical-align:top;padding:13px 16px;font-size:15px;line-height:1.55;border:0;overflow-wrap:break-word\">Inflammation ou infection du cuir chevelu<\/td>\n        <td data-label=\"\u00c9tape suivante\" style=\"background:#ffffff;color:#22303e;font-weight:400;text-align:left;vertical-align:top;padding:13px 16px;font-size:15px;line-height:1.55;border:0;overflow-wrap:break-word\">Consulter rapidement un dermatologue, ne pas traiter soi-m\u00eame<\/td>\n      <\/tr>\n    <\/tbody>\n  <\/table>\n<\/div>\n\n\n\n<p class=\"wp-block-paragraph\">Ce tableau donne une orientation et ne remplace pas un diagnostic. Souvent, deux formes coexistent, par exemple une chute diffuse sur un motif androg\u00e9n\u00e9tique d\u00e9j\u00e0 pr\u00e9sent. Une <a href=\"\/fr\/analyse-capillaire\/\">analyse capillaire<\/a> permet de clarifier le motif visible de la chute et donc de savoir quel traitement peut entrer en ligne de compte.<\/p>\n\n\n\n<p class=\"wp-block-paragraph\">Soyons honn\u00eates : cette analyse est une \u00e9valuation visuelle du motif. Elle ne remplace ni une prise de sang ni un diagnostic dermatologique. Une personne pr\u00e9sentant une chute diffuse doit d&rsquo;abord consulter son m\u00e9decin traitant ou un diab\u00e9tologue, et non un centre de greffe.<\/p>\n\n\n\n<h3 class=\"wp-block-heading\">Autres signes : une repousse lente<\/h3>\n\n\n\n<p class=\"wp-block-paragraph\">En cas de diab\u00e8te, les cheveux tomb\u00e9s repoussent souvent plus lentement, car les follicules ne sont pas aliment\u00e9s de fa\u00e7on optimale en nutriments et en oxyg\u00e8ne. Peuvent s&rsquo;y ajouter des sympt\u00f4mes comme un cuir chevelu sec ou irrit\u00e9, signe de troubles circulatoires ou d&rsquo;une barri\u00e8re cutan\u00e9e affaiblie.<\/p>\n\n\n\n<p class=\"wp-block-paragraph\">En chiffres : normalement, 85 \u00e0 90 % des cheveux sont en phase de croissance (anag\u00e8ne) et 10 \u00e0 15 % en phase de repos (t\u00e9log\u00e8ne). En cas d&rsquo;effluvium t\u00e9log\u00e8ne, la part t\u00e9log\u00e8ne monte \u00e0 30 \u00e0 50 %, et dans les cas marqu\u00e9s jusqu&rsquo;\u00e0 70 % des cheveux passent pr\u00e9matur\u00e9ment en phase de repos (StatPearls).<\/p>\n\n\n\n<p class=\"wp-block-paragraph\">Observer attentivement ces signes est important pour bien situer la chute et pouvoir agir de fa\u00e7on cibl\u00e9e.<\/p>\n\n\n<div class=\"wp-block-image\">\n<figure class=\"aligncenter size-large is-resized\" style=\"max-width:560px;margin-left:auto;margin-right:auto\"><img decoding=\"async\" src=\"https:\/\/elithair.com\/fr\/wp-content\/uploads\/sites\/9\/2026\/08\/ausfallmuster_vergleich__fr.png\" alt=\"Comparaison des trois motifs de chute : diffus, androg\u00e9n\u00e9tique et en plaques, illustr\u00e9s par des silhouettes de cr\u00e2ne\" class=\"wp-image-101791\" style=\"width:560px;max-width:100%;height:auto\"\/><\/figure>\n<\/div>\n\n\n<h2 class=\"wp-block-heading\">Pourquoi le cuir chevelu d\u00e9mange-t-il en cas de diab\u00e8te, et qu&rsquo;est-ce que cela signifie pour les cheveux ?<\/h2>\n\n\n\n<p class=\"wp-block-paragraph\">Le prurit est fr\u00e9quent dans le diab\u00e8te : des travaux r\u00e9cents men\u00e9s chez des personnes atteintes de diab\u00e8te de type 2 retrouvent un prurit chronique chez 18,4 \u00e0 30,9 % d&rsquo;entre elles ; dans une \u00e9tude transversale portant sur 249 patients, la proportion \u00e9tait de 30,9 %. Les d\u00e9mangeaisons elles-m\u00eames ne provoquent pas de chute de cheveux. Mais leurs causes et un grattage persistant peuvent l&rsquo;aggraver.<\/p>\n\n\n\n<p class=\"wp-block-paragraph\">L&rsquo;\u00e9cart entre les chiffres est important, parce que les \u00e9tudes d\u00e9finissent le prurit diff\u00e9remment. Un travail m\u00e9thodologiquement plus restrictif publi\u00e9 dans Diabetes Care (1986) n&rsquo;a retrouv\u00e9 que 2,7 % de prurit g\u00e9n\u00e9ralis\u00e9 sans cause identifiable. Un pourcentage isol\u00e9 doit donc \u00eatre mani\u00e9 avec prudence.<\/p>\n\n\n\n<p class=\"wp-block-paragraph\">Un r\u00e9sultat issu de la m\u00eame cohorte est cliniquement plus pertinent que n&rsquo;importe quel chiffre de pr\u00e9valence : chez les patients souffrant de prurit, la r\u00e9tinopathie, la n\u00e9phropathie, la neuropathie et l&rsquo;art\u00e9riopathie oblit\u00e9rante des membres inf\u00e9rieurs \u00e9taient significativement plus fr\u00e9quentes. Une peau qui d\u00e9mange peut donc \u00eatre un signal d&rsquo;alerte de complications avanc\u00e9es et doit \u00eatre \u00e9valu\u00e9e m\u00e9dicalement.<\/p>\n\n\n\n<h3 class=\"wp-block-heading\">La x\u00e9rose (peau s\u00e8che), le constat le plus fr\u00e9quent<\/h3>\n\n\n\n<p class=\"wp-block-paragraph\">Le constat cutan\u00e9 de loin le plus fr\u00e9quent en cas de prurit diab\u00e9tique est la x\u00e9rose, c&rsquo;est-\u00e0-dire la peau s\u00e8che : 64 % des personnes concern\u00e9es dans la cohorte cit\u00e9e, devant les infections cutan\u00e9es fongiques avec 16 %. Sur le cuir chevelu, elle se traduit par une sensation de tiraillement, de fines squames et une sensibilit\u00e9 aux shampoings.<\/p>\n\n\n\n<p class=\"wp-block-paragraph\">Trois m\u00e9canismes y contribuent : lorsque la glyc\u00e9mie est \u00e9lev\u00e9e, l&rsquo;organisme perd des liquides par diur\u00e8se osmotique, la barri\u00e8re cutan\u00e9e est alt\u00e9r\u00e9e, et en cas de neuropathie autonome la production de s\u00e9bum et de sueur diminue. Le cuir chevelu s&rsquo;ass\u00e8che donc plus vite que les soins ne peuvent le compenser.<\/p>\n\n\n\n<h3 class=\"wp-block-heading\">Neuropathie diab\u00e9tique et prurit<\/h3>\n\n\n\n<p class=\"wp-block-paragraph\">Si cela d\u00e9mange sans que rien ne soit visible, une neuropathie des petites fibres entre en ligne de compte. Les fines fibres nerveuses de la peau envoient alors de faux signaux, per\u00e7us comme des d\u00e9mangeaisons, des br\u00fblures ou des picotements. Ce lien est discut\u00e9 dans la litt\u00e9rature, mais il n&rsquo;existe pas de chiffre de pr\u00e9valence propre au cuir chevelu.<\/p>\n\n\n\n<p class=\"wp-block-paragraph\">L&rsquo;envers du d\u00e9cor compte en pratique : en cas de neuropathie, les petites l\u00e9sions du cuir chevelu sont moins bien ressenties. On se gratte sans sentir que l&rsquo;on va trop loin. Le cuir chevelu doit donc \u00eatre inspect\u00e9 r\u00e9guli\u00e8rement, et pas seulement palp\u00e9.<\/p>\n\n\n\n<h3 class=\"wp-block-heading\">Infections du cuir chevelu : mycose, ecz\u00e9ma, folliculite<\/h3>\n\n\n\n<p class=\"wp-block-paragraph\">Une glyc\u00e9mie \u00e9lev\u00e9e cr\u00e9e un terrain favorable aux germes et att\u00e9nue en m\u00eame temps une partie de la r\u00e9ponse immunitaire. Mycose du cuir chevelu, ecz\u00e9ma s\u00e9borrh\u00e9ique et folliculite apparaissent donc plus facilement. Ils se distinguent d&rsquo;un simple cuir chevelu sec par la rougeur, des squames grasses ou cro\u00fbteuses, des pustules et une perte de cheveux exactement aux endroits atteints.<\/p>\n\n\n\n<style>\n@media (max-width:640px){\n.rt-table-wrap{overflow-x:visible!important;border:0!important;border-radius:0!important}\n.rt-table{min-width:0!important}\n.rt-table thead{display:none}\n.rt-table,.rt-table tbody,.rt-table tr,.rt-table td{display:block;width:100%}\n.rt-table caption{display:block;padding:0 0 12px!important}\n.rt-table tr{margin:0 0 12px;border:1px solid #dbe4f0;border-radius:10px;overflow:hidden}\n.rt-table tr:last-child{margin-bottom:0}\n.rt-table td{display:flex!important;flex-direction:column;gap:3px;padding:12px 14px!important;\nborder:0!important;border-bottom:1px solid #e3e8ef!important;background:#ffffff!important}\n.rt-table tr td:last-child{border-bottom:0!important}\n.rt-table td::before{content:attr(data-label);font-size:12px;font-weight:700;letter-spacing:.04em;\ntext-transform:uppercase;color:#5799F1}\n.rt-table td:not([data-label])::before,.rt-table td[data-label=\"\"]::before{display:none}\n}\n<\/style>\n<div class=\"rt-table-wrap\" style=\"overflow-x:auto;-webkit-overflow-scrolling:touch;margin:28px 0;border:1px solid #dbe4f0;border-radius:12px\">\n  <table class=\"rt-table\" style=\"width:100%;min-width:660px;table-layout:fixed;border-collapse:separate;border-spacing:0;font-size:15px;margin:0\">\n    <caption style=\"caption-side:top;text-align:left;color:#003366;font-weight:700;font-size:16px;line-height:1.35;padding:14px 16px 10px;background:#ffffff\">Situer les d\u00e9mangeaisons du cuir chevelu en cas de diab\u00e8te : cinq tableaux typiques et les \u00e9tapes suivantes<\/caption>\n    <thead>\n      <tr>\n        <th style=\"width:22%;background:#003366;color:#ffffff;font-weight:700;text-align:left;vertical-align:middle;padding:13px 16px;font-size:15px;line-height:1.4;border:0;overflow-wrap:break-word\">Tableau clinique<\/th>\n        <th style=\"background:#003366;color:#ffffff;font-weight:700;text-align:left;vertical-align:middle;padding:13px 16px;font-size:15px;line-height:1.4;border:0;overflow-wrap:break-word\">Cause probable<\/th>\n        <th style=\"background:#003366;color:#ffffff;font-weight:700;text-align:left;vertical-align:middle;padding:13px 16px;font-size:15px;line-height:1.4;border:0;overflow-wrap:break-word\">Ce qui aide<\/th>\n        <th style=\"background:#003366;color:#ffffff;font-weight:700;text-align:left;vertical-align:middle;padding:13px 16px;font-size:15px;line-height:1.4;border:0;overflow-wrap:break-word\">Quand consulter<\/th>\n      <\/tr>\n    <\/thead>\n    <tbody>\n      <tr>\n        <td data-label=\"Tableau clinique\" style=\"background:#ffffff;color:#003366;font-weight:700;text-align:left;vertical-align:top;padding:13px 16px;font-size:15px;line-height:1.55;border:0;border-bottom:1px solid #e3e8ef;overflow-wrap:break-word\">Cuir chevelu sec, qui tiraille, avec de fines squames, sans rougeur<\/td>\n        <td data-label=\"Cause probable\" style=\"background:#ffffff;color:#22303e;font-weight:400;text-align:left;vertical-align:top;padding:13px 16px;font-size:15px;line-height:1.55;border:0;border-bottom:1px solid #e3e8ef;overflow-wrap:break-word\">X\u00e9rose, constat cutan\u00e9 le plus fr\u00e9quent en cas de prurit diab\u00e9tique (64 % d&rsquo;une cohorte de 249 patients)<\/td>\n        <td data-label=\"Ce qui aide\" style=\"background:#ffffff;color:#22303e;font-weight:400;text-align:left;vertical-align:top;padding:13px 16px;font-size:15px;line-height:1.55;border:0;border-bottom:1px solid #e3e8ef;overflow-wrap:break-word\">Nettoyage doux au pH adapt\u00e9, douches ti\u00e8des plut\u00f4t que chaudes, soins relipidants<\/td>\n        <td data-label=\"Quand consulter\" style=\"background:#ffffff;color:#22303e;font-weight:400;text-align:left;vertical-align:top;padding:13px 16px;font-size:15px;line-height:1.55;border:0;border-bottom:1px solid #e3e8ef;overflow-wrap:break-word\">Si rien ne change apr\u00e8s quelques semaines de soins r\u00e9guliers<\/td>\n      <\/tr>\n      <tr>\n        <td data-label=\"Tableau clinique\" style=\"background:#f6f9fc;color:#003366;font-weight:700;text-align:left;vertical-align:top;padding:13px 16px;font-size:15px;line-height:1.55;border:0;border-bottom:1px solid #e3e8ef;overflow-wrap:break-word\">D\u00e9mangeaisons sans l\u00e9sion visible, parfois \u00e0 type de br\u00fblure ou de piq\u00fbre<\/td>\n        <td data-label=\"Cause probable\" style=\"background:#f6f9fc;color:#22303e;font-weight:400;text-align:left;vertical-align:top;padding:13px 16px;font-size:15px;line-height:1.55;border:0;border-bottom:1px solid #e3e8ef;overflow-wrap:break-word\">Prurit diab\u00e9tique ; une neuropathie des petites fibres est discut\u00e9e<\/td>\n        <td data-label=\"Ce qui aide\" style=\"background:#f6f9fc;color:#22303e;font-weight:400;text-align:left;vertical-align:top;padding:13px 16px;font-size:15px;line-height:1.55;border:0;border-bottom:1px solid #e3e8ef;overflow-wrap:break-word\">\u00c9quilibrer la glyc\u00e9mie, \u00e9viter le grattage, contr\u00f4ler r\u00e9guli\u00e8rement le cuir chevelu<\/td>\n        <td data-label=\"Quand consulter\" style=\"background:#f6f9fc;color:#22303e;font-weight:400;text-align:left;vertical-align:top;padding:13px 16px;font-size:15px;line-height:1.55;border:0;border-bottom:1px solid #e3e8ef;overflow-wrap:break-word\">En cas de sensation de br\u00fblure ou de sympt\u00f4mes nerveux associ\u00e9s aux mains et aux pieds<\/td>\n      <\/tr>\n      <tr>\n        <td data-label=\"Tableau clinique\" style=\"background:#ffffff;color:#003366;font-weight:700;text-align:left;vertical-align:top;padding:13px 16px;font-size:15px;line-height:1.55;border:0;border-bottom:1px solid #e3e8ef;overflow-wrap:break-word\">Squames grasses et jaun\u00e2tres \u00e0 la lisi\u00e8re des cheveux, peau rouge<\/td>\n        <td data-label=\"Cause probable\" style=\"background:#ffffff;color:#22303e;font-weight:400;text-align:left;vertical-align:top;padding:13px 16px;font-size:15px;line-height:1.55;border:0;border-bottom:1px solid #e3e8ef;overflow-wrap:break-word\">Ecz\u00e9ma s\u00e9borrh\u00e9ique<\/td>\n        <td data-label=\"Ce qui aide\" style=\"background:#ffffff;color:#22303e;font-weight:400;text-align:left;vertical-align:top;padding:13px 16px;font-size:15px;line-height:1.55;border:0;border-bottom:1px solid #e3e8ef;overflow-wrap:break-word\">Shampoings m\u00e9dicaux sur avis m\u00e9dical, pas de rem\u00e8des maison agressifs<\/td>\n        <td data-label=\"Quand consulter\" style=\"background:#ffffff;color:#22303e;font-weight:400;text-align:left;vertical-align:top;padding:13px 16px;font-size:15px;line-height:1.55;border:0;border-bottom:1px solid #e3e8ef;overflow-wrap:break-word\">En cas d&rsquo;extension, de suintement ou si les cheveux tombent aux m\u00eames endroits<\/td>\n      <\/tr>\n      <tr>\n        <td data-label=\"Tableau clinique\" style=\"background:#f6f9fc;color:#003366;font-weight:700;text-align:left;vertical-align:top;padding:13px 16px;font-size:15px;line-height:1.55;border:0;border-bottom:1px solid #e3e8ef;overflow-wrap:break-word\">Plaques rondes et squameuses avec des cheveux cass\u00e9s courts<\/td>\n        <td data-label=\"Cause probable\" style=\"background:#f6f9fc;color:#22303e;font-weight:400;text-align:left;vertical-align:top;padding:13px 16px;font-size:15px;line-height:1.55;border:0;border-bottom:1px solid #e3e8ef;overflow-wrap:break-word\">Teigne du cuir chevelu (tinea capitis) ; les infections fongiques \u00e9taient le deuxi\u00e8me constat le plus fr\u00e9quent de cette m\u00eame cohorte (16 %)<\/td>\n        <td data-label=\"Ce qui aide\" style=\"background:#f6f9fc;color:#22303e;font-weight:400;text-align:left;vertical-align:top;padding:13px 16px;font-size:15px;line-height:1.55;border:0;border-bottom:1px solid #e3e8ef;overflow-wrap:break-word\">Diagnostic m\u00e9dical par pr\u00e9l\u00e8vement, traitement le plus souvent par voie g\u00e9n\u00e9rale<\/td>\n        <td data-label=\"Quand consulter\" style=\"background:#f6f9fc;color:#22303e;font-weight:400;text-align:left;vertical-align:top;padding:13px 16px;font-size:15px;line-height:1.55;border:0;border-bottom:1px solid #e3e8ef;overflow-wrap:break-word\">Rapidement, ne pas traiter soi-m\u00eame, risque de contagion<\/td>\n      <\/tr>\n      <tr>\n        <td data-label=\"Tableau clinique\" style=\"background:#ffffff;color:#003366;font-weight:700;text-align:left;vertical-align:top;padding:13px 16px;font-size:15px;line-height:1.55;border:0;overflow-wrap:break-word\">Pustules, cro\u00fbtes et nodules douloureux \u00e0 la pression autour de cheveux isol\u00e9s<\/td>\n        <td data-label=\"Cause probable\" style=\"background:#ffffff;color:#22303e;font-weight:400;text-align:left;vertical-align:top;padding:13px 16px;font-size:15px;line-height:1.55;border:0;overflow-wrap:break-word\">Folliculite, inflammation bact\u00e9rienne du follicule pileux<\/td>\n        <td data-label=\"Ce qui aide\" style=\"background:#ffffff;color:#22303e;font-weight:400;text-align:left;vertical-align:top;padding:13px 16px;font-size:15px;line-height:1.55;border:0;overflow-wrap:break-word\">Consultation m\u00e9dicale, et faire contr\u00f4ler la glyc\u00e9mie<\/td>\n        <td data-label=\"Quand consulter\" style=\"background:#ffffff;color:#22303e;font-weight:400;text-align:left;vertical-align:top;padding:13px 16px;font-size:15px;line-height:1.55;border:0;overflow-wrap:break-word\">Rapidement ; imm\u00e9diatement en cas de fi\u00e8vre ou d&rsquo;extension<\/td>\n      <\/tr>\n    <\/tbody>\n  <\/table>\n<\/div>\n\n\n\n<h3 class=\"wp-block-heading\">Quand le grattage devient un probl\u00e8me<\/h3>\n\n\n\n<p class=\"wp-block-paragraph\">Un grattage persistant laisse des excoriations, c&rsquo;est-\u00e0-dire des l\u00e9sions cutan\u00e9es superficielles. Lorsque la glyc\u00e9mie est mal \u00e9quilibr\u00e9e, elles se referment plus lentement et s&rsquo;infectent plus facilement. \u00c0 l&rsquo;extr\u00eame, une inflammation r\u00e9p\u00e9t\u00e9e peut entra\u00eener une chute de cheveux cicatricielle, et les follicules perdus de cette fa\u00e7on ne reviennent pas.<\/p>\n\n\n\n<p class=\"wp-block-paragraph\">C&rsquo;est l\u00e0 que l&rsquo;autom\u00e9dication s&rsquo;arr\u00eate. Apr\u00e8s des semaines de grattage, la bonne adresse n&rsquo;est pas la parapharmacie, mais le m\u00e9decin traitant ou le dermatologue. Le prurit se traite, la glyc\u00e9mie en est la cause de fond, et les deux doivent \u00eatre regard\u00e9s ensemble.<\/p>\n\n\n<div class=\"wp-block-image\">\n<figure class=\"aligncenter size-large is-resized\" style=\"max-width:560px;margin-left:auto;margin-right:auto\"><img decoding=\"async\" src=\"https:\/\/elithair.com\/fr\/wp-content\/uploads\/sites\/9\/2026\/08\/kopfhaut_trocken_vergleich.png\" alt=\"Comparaison illustr\u00e9e d'un cuir chevelu intact et d'un cuir chevelu sec et irrit\u00e9, en coupe\" class=\"wp-image-101792\" style=\"width:560px;max-width:100%;height:auto\"\/><\/figure>\n<\/div>\n\n\n<h2 class=\"wp-block-heading\">Facteurs de risque de chute de cheveux en cas de diab\u00e8te<\/h2>\n\n\n\n<p class=\"wp-block-paragraph\">Le diab\u00e8te peut nettement augmenter le risque de chute de cheveux. Diff\u00e9rents facteurs d\u00e9terminent l&rsquo;ampleur de l&rsquo;atteinte capillaire : le type de diab\u00e8te, mais aussi le mode de vie, l&rsquo;alimentation, le contr\u00f4le glyc\u00e9mique et l&rsquo;activit\u00e9 physique.<\/p>\n\n\n\n<p class=\"wp-block-paragraph\">Le chiffre le plus important : une m\u00e9ta-analyse de 132 \u00e9tudes portant sur 52 501 participants a retrouv\u00e9, dans le diab\u00e8te de type 2, au moins une carence en micronutriments chez 45 % des personnes (Mangal et al. 2024). Toutes les personnes diab\u00e9tiques ne perdent pas leurs cheveux ; ce qui compte, c&rsquo;est l&rsquo;ensemble form\u00e9 par le niveau glyc\u00e9mique, l&rsquo;anciennet\u00e9 de la maladie, les comorbidit\u00e9s et le statut nutritionnel.<\/p>\n\n\n\n<ul class=\"wp-block-list\">\n<li><strong>Niveau et dur\u00e9e de l&rsquo;hyperglyc\u00e9mie :<\/strong> plus l&rsquo;HbA1c reste longtemps au-dessus de la cible, plus la microangiopathie, la glycation et l&rsquo;inflammation sont marqu\u00e9es<\/li>\n<li><strong>Complications d\u00e9j\u00e0 install\u00e9es :<\/strong> microangiopathie, neuropathie et n\u00e9phropathie indiquent que les petits vaisseaux sont d\u00e9j\u00e0 touch\u00e9s<\/li>\n<li><strong>Carences nutritionnelles :<\/strong> carence en vitamine D chez 60,5 %, en magn\u00e9sium chez 42 % et en fer chez 28 % des personnes atteintes de diab\u00e8te de type 2 (m\u00eame jeu de donn\u00e9es)<\/li>\n<li><strong>Statut en vitamine B12 :<\/strong> surtout sous traitement prolong\u00e9 par metformine, voir la section consacr\u00e9e aux m\u00e9dicaments<\/li>\n<li><strong>Tour de taille et poids corporel :<\/strong> dans l&rsquo;\u00e9tude d&rsquo;Erden, le tour de taille \u00e9tait significativement plus important en cas de chute pr\u00e9coce (p = 0,026)<\/li>\n<li><strong>Tabagisme :<\/strong> il d\u00e9grade encore la microcirculation et s&rsquo;ajoute aux l\u00e9sions vasculaires<\/li>\n<li><strong>Maladies thyro\u00efdiennes :<\/strong> surtout dans le type 1, voir l&rsquo;article sur <a href=\"\/fr\/greffe-de-cheveux-blog\/thyroide-chute-de-cheveux\/\">chute de cheveux et thyro\u00efde<\/a><\/li>\n<li><strong>Perte de poids rapide et r\u00e9gimes drastiques :<\/strong> un d\u00e9clencheur d&rsquo;effluvium t\u00e9log\u00e8ne \u00e0 part enti\u00e8re, ind\u00e9pendant du diab\u00e8te<\/li>\n<li><strong>Manque de sommeil et stress chronique :<\/strong> ils d\u00e9gradent la sensibilit\u00e9 \u00e0 l&rsquo;insuline et l&rsquo;\u00e9quilibre glyc\u00e9mique<\/li>\n<li><strong>\u00c2ge et sexe :<\/strong> ils d\u00e9terminent si un motif androg\u00e9n\u00e9tique vient en plus se superposer<\/li>\n<\/ul>\n\n\n\n<p class=\"wp-block-paragraph\">Comprendre ces facteurs de risque est d\u00e9cisif pour pouvoir agir de fa\u00e7on cibl\u00e9e.<\/p>\n\n\n\n<p class=\"wp-block-paragraph\">\u00c0 propos d&rsquo;une inqui\u00e9tude fr\u00e9quente, les hypoglyc\u00e9mies : la litt\u00e9rature consult\u00e9e ne fournit aucun \u00e9l\u00e9ment indiquant que des hypoglyc\u00e9mies isol\u00e9es d\u00e9clenchent une chute de cheveux. Les d\u00e9clencheurs sont les contraintes durables, c&rsquo;est-\u00e0-dire des valeurs \u00e9lev\u00e9es de fa\u00e7on prolong\u00e9e, de fortes fluctuations sur plusieurs mois ou un \u00e9v\u00e9nement pathologique aigu.<\/p>\n\n\n\n<h3 class=\"wp-block-heading\">Cas particulier de l&rsquo;atteinte r\u00e9nale : n\u00e9phropathie et dialyse<\/h3>\n\n\n\n<p class=\"wp-block-paragraph\">En cas de n\u00e9phropathie diab\u00e9tique, d&rsquo;autres facteurs entrent en jeu, et la chute de cheveux n&rsquo;est alors plus une question de glyc\u00e9mie, mais de reins. L&rsquo;an\u00e9mie est une complication pr\u00e9coce et fr\u00e9quente de la n\u00e9phropathie diab\u00e9tique, parce que les reins produisent trop peu d&rsquo;\u00e9rythropo\u00ef\u00e9tine ; elle va de pair avec une progression plus rapide vers la dialyse.<\/p>\n\n\n\n<p class=\"wp-block-paragraph\">Sous dialyse s&rsquo;ajoute un risque accru de carences en fer, en zinc, en vitamine D et en vitamines du groupe B, notamment du fait des pertes prot\u00e9iques et d&rsquo;une absorption limit\u00e9e (informations patients de Kidney Care UK et DaVita). Le prurit li\u00e9 \u00e0 l&rsquo;insuffisance r\u00e9nale touche, selon les \u00e9tudes et les d\u00e9finitions, 10 \u00e0 77 % des patients h\u00e9modialys\u00e9s.<\/p>\n\n\n\n<p class=\"wp-block-paragraph\">Toute personne pr\u00e9sentant une atteinte r\u00e9nale devrait donc parler de sa chute de cheveux dans le cadre de son suivi n\u00e9phrologique, plut\u00f4t que de la faire traiter isol\u00e9ment comme un probl\u00e8me capillaire. Le statut martial, l&rsquo;an\u00e9mie et le taux de vitamine D y font de toute fa\u00e7on partie de la routine.<\/p>\n\n\n\n<h2 class=\"wp-block-heading\">Diab\u00e8te de type 1 et de type 2 : diff\u00e9rences de risque<\/h2>\n\n\n\n<p class=\"wp-block-paragraph\">Le risque de chute de cheveux est augment\u00e9 aussi bien dans le <a href=\"https:\/\/www.santepubliquefrance.fr\/diabete\" target=\"_blank\" rel=\"noopener\">diab\u00e8te de type 1 que dans le diab\u00e8te de type 2<\/a> mais les m\u00e9canismes diff\u00e8rent. Le type 1 passe par l&rsquo;axe auto-immun, le type 2 par l&rsquo;axe m\u00e9tabolique avec l&rsquo;insulinor\u00e9sistance. Ce qu&rsquo;ils partagent, ce sont les cons\u00e9quences de l&rsquo;hyperglyc\u00e9mie.<\/p>\n\n\n\n<ul class=\"wp-block-list\">\n<li><strong>Diab\u00e8te de type 1 :<\/strong> cette forme est une maladie auto-immune dans laquelle le syst\u00e8me immunitaire attaque les cellules du pancr\u00e9as productrices d&rsquo;insuline. En raison du lien entre le diab\u00e8te de type 1 et d&rsquo;autres maladies auto-immunes, comme la pelade, le risque de chute par plaques est souvent plus \u00e9lev\u00e9.<\/li>\n<li><strong>Diab\u00e8te de type 2 :<\/strong> le diab\u00e8te de type 2 r\u00e9sulte souvent d&rsquo;une insulinor\u00e9sistance, qui s&rsquo;accompagne de d\u00e9s\u00e9quilibres hormonaux et de troubles circulatoires. Ces facteurs peuvent affaiblir les follicules et conduire \u00e0 des cheveux diffus\u00e9ment clairsem\u00e9s.<\/li>\n<\/ul>\n\n\n\n<style>\n@media (max-width:640px){\n.rt-table-wrap{overflow-x:visible!important;border:0!important;border-radius:0!important}\n.rt-table{min-width:0!important}\n.rt-table thead{display:none}\n.rt-table,.rt-table tbody,.rt-table tr,.rt-table td{display:block;width:100%}\n.rt-table caption{display:block;padding:0 0 12px!important}\n.rt-table tr{margin:0 0 12px;border:1px solid #dbe4f0;border-radius:10px;overflow:hidden}\n.rt-table tr:last-child{margin-bottom:0}\n.rt-table td{display:flex!important;flex-direction:column;gap:3px;padding:12px 14px!important;\nborder:0!important;border-bottom:1px solid #e3e8ef!important;background:#ffffff!important}\n.rt-table tr td:last-child{border-bottom:0!important}\n.rt-table td::before{content:attr(data-label);font-size:12px;font-weight:700;letter-spacing:.04em;\ntext-transform:uppercase;color:#5799F1}\n.rt-table td:not([data-label])::before,.rt-table td[data-label=\"\"]::before{display:none}\n}\n<\/style>\n<div class=\"rt-table-wrap\" style=\"overflow-x:auto;-webkit-overflow-scrolling:touch;margin:28px 0;border:1px solid #dbe4f0;border-radius:12px\">\n  <table class=\"rt-table\" style=\"width:100%;min-width:620px;table-layout:fixed;border-collapse:separate;border-spacing:0;font-size:15px;margin:0\">\n    <caption style=\"caption-side:top;text-align:left;color:#003366;font-weight:700;font-size:16px;line-height:1.35;padding:14px 16px 10px;background:#ffffff\">Type 1 et type 2 en comparaison : des axes diff\u00e9rents, les m\u00eames cons\u00e9quences de l&rsquo;hyperglyc\u00e9mie<\/caption>\n    <thead>\n      <tr>\n        <th style=\"width:22%;background:#003366;color:#ffffff;font-weight:700;text-align:left;vertical-align:middle;padding:13px 16px;font-size:15px;line-height:1.4;border:0;overflow-wrap:break-word\">Caract\u00e9ristique<\/th>\n        <th style=\"background:#003366;color:#ffffff;font-weight:700;text-align:left;vertical-align:middle;padding:13px 16px;font-size:15px;line-height:1.4;border:0;overflow-wrap:break-word\">Diab\u00e8te de type 1<\/th>\n        <th style=\"background:#003366;color:#ffffff;font-weight:700;text-align:left;vertical-align:middle;padding:13px 16px;font-size:15px;line-height:1.4;border:0;overflow-wrap:break-word\">Diab\u00e8te de type 2<\/th>\n      <\/tr>\n    <\/thead>\n    <tbody>\n      <tr>\n        <td data-label=\"Caract\u00e9ristique\" style=\"background:#ffffff;color:#003366;font-weight:700;text-align:left;vertical-align:top;padding:13px 16px;font-size:15px;line-height:1.55;border:0;border-bottom:1px solid #e3e8ef;overflow-wrap:break-word\">M\u00e9canisme de base<\/td>\n        <td data-label=\"Diab\u00e8te de type 1\" style=\"background:#ffffff;color:#22303e;font-weight:400;text-align:left;vertical-align:top;padding:13px 16px;font-size:15px;line-height:1.55;border:0;border-bottom:1px solid #e3e8ef;overflow-wrap:break-word\">R\u00e9action auto-immune contre les cellules b\u00eata productrices d&rsquo;insuline, carence absolue en insuline<\/td>\n        <td data-label=\"Diab\u00e8te de type 2\" style=\"background:#ffffff;color:#22303e;font-weight:400;text-align:left;vertical-align:top;padding:13px 16px;font-size:15px;line-height:1.55;border:0;border-bottom:1px solid #e3e8ef;overflow-wrap:break-word\">Insulinor\u00e9sistance des cellules de l&rsquo;organisme, puis carence en insuline associ\u00e9e<\/td>\n      <\/tr>\n      <tr>\n        <td data-label=\"Caract\u00e9ristique\" style=\"background:#f6f9fc;color:#003366;font-weight:700;text-align:left;vertical-align:top;padding:13px 16px;font-size:15px;line-height:1.55;border:0;border-bottom:1px solid #e3e8ef;overflow-wrap:break-word\">Tableau capillaire typique<\/td>\n        <td data-label=\"Diab\u00e8te de type 1\" style=\"background:#f6f9fc;color:#22303e;font-weight:400;text-align:left;vertical-align:top;padding:13px 16px;font-size:15px;line-height:1.55;border:0;border-bottom:1px solid #e3e8ef;overflow-wrap:break-word\">Rar\u00e9faction diffuse, avec un risque accru de plaques glabres rondes \u00e0 bords nets<\/td>\n        <td data-label=\"Diab\u00e8te de type 2\" style=\"background:#f6f9fc;color:#22303e;font-weight:400;text-align:left;vertical-align:top;padding:13px 16px;font-size:15px;line-height:1.55;border:0;border-bottom:1px solid #e3e8ef;overflow-wrap:break-word\">Rar\u00e9faction majoritairement diffuse, souvent superpos\u00e9e \u00e0 un motif androg\u00e9n\u00e9tique<\/td>\n      <\/tr>\n      <tr>\n        <td data-label=\"Caract\u00e9ristique\" style=\"background:#ffffff;color:#003366;font-weight:700;text-align:left;vertical-align:top;padding:13px 16px;font-size:15px;line-height:1.55;border:0;border-bottom:1px solid #e3e8ef;overflow-wrap:break-word\">Comorbidit\u00e9s auto-immunes<\/td>\n        <td data-label=\"Diab\u00e8te de type 1\" style=\"background:#ffffff;color:#22303e;font-weight:400;text-align:left;vertical-align:top;padding:13px 16px;font-size:15px;line-height:1.55;border:0;border-bottom:1px solid #e3e8ef;overflow-wrap:break-word\">Hashimoto ou hypothyro\u00efdie chez 16,3 %, anticorps anti-TPO chez 58,6 %, anticorps de la maladie c\u0153liaque chez 16,4 % (251 adultes, Riad, 2018-2019) ; pelade plus fr\u00e9quente, mais sans chiffre de pr\u00e9valence fiable<\/td>\n        <td data-label=\"Diab\u00e8te de type 2\" style=\"background:#ffffff;color:#22303e;font-weight:400;text-align:left;vertical-align:top;padding:13px 16px;font-size:15px;line-height:1.55;border:0;border-bottom:1px solid #e3e8ef;overflow-wrap:break-word\">Pas de surrepr\u00e9sentation auto-immune typique<\/td>\n      <\/tr>\n      <tr>\n        <td data-label=\"Caract\u00e9ristique\" style=\"background:#f6f9fc;color:#003366;font-weight:700;text-align:left;vertical-align:top;padding:13px 16px;font-size:15px;line-height:1.55;border:0;border-bottom:1px solid #e3e8ef;overflow-wrap:break-word\">Insulinor\u00e9sistance<\/td>\n        <td data-label=\"Diab\u00e8te de type 1\" style=\"background:#f6f9fc;color:#22303e;font-weight:400;text-align:left;vertical-align:top;padding:13px 16px;font-size:15px;line-height:1.55;border:0;border-bottom:1px solid #e3e8ef;overflow-wrap:break-word\">Possible, mais ce n&rsquo;est pas la caract\u00e9ristique dominante<\/td>\n        <td data-label=\"Diab\u00e8te de type 2\" style=\"background:#f6f9fc;color:#22303e;font-weight:400;text-align:left;vertical-align:top;padding:13px 16px;font-size:15px;line-height:1.55;border:0;border-bottom:1px solid #e3e8ef;overflow-wrap:break-word\">Caract\u00e9ristique dominante, associ\u00e9e \u00e0 une alop\u00e9cie androg\u00e9n\u00e9tique d&rsquo;apparition pr\u00e9coce (Erden et al. 2025)<\/td>\n      <\/tr>\n      <tr>\n        <td data-label=\"Caract\u00e9ristique\" style=\"background:#ffffff;color:#003366;font-weight:700;text-align:left;vertical-align:top;padding:13px 16px;font-size:15px;line-height:1.55;border:0;border-bottom:1px solid #e3e8ef;overflow-wrap:break-word\">\u00c2ge de d\u00e9but typique<\/td>\n        <td data-label=\"Diab\u00e8te de type 1\" style=\"background:#ffffff;color:#22303e;font-weight:400;text-align:left;vertical-align:top;padding:13px 16px;font-size:15px;line-height:1.55;border:0;border-bottom:1px solid #e3e8ef;overflow-wrap:break-word\">De l&rsquo;enfance au d\u00e9but de l&rsquo;\u00e2ge adulte<\/td>\n        <td data-label=\"Diab\u00e8te de type 2\" style=\"background:#ffffff;color:#22303e;font-weight:400;text-align:left;vertical-align:top;padding:13px 16px;font-size:15px;line-height:1.55;border:0;border-bottom:1px solid #e3e8ef;overflow-wrap:break-word\">Le plus souvent \u00e0 partir de l&rsquo;\u00e2ge moyen, et de plus en plus t\u00f4t<\/td>\n      <\/tr>\n      <tr>\n        <td data-label=\"Caract\u00e9ristique\" style=\"background:#f6f9fc;color:#003366;font-weight:700;text-align:left;vertical-align:top;padding:13px 16px;font-size:15px;line-height:1.55;border:0;border-bottom:1px solid #e3e8ef;overflow-wrap:break-word\">Principal levier pour les cheveux<\/td>\n        <td data-label=\"Diab\u00e8te de type 1\" style=\"background:#f6f9fc;color:#22303e;font-weight:400;text-align:left;vertical-align:top;padding:13px 16px;font-size:15px;line-height:1.55;border:0;border-bottom:1px solid #e3e8ef;overflow-wrap:break-word\">Un \u00e9quilibre glyc\u00e9mique stable et le bilan des maladies auto-immunes associ\u00e9es<\/td>\n        <td data-label=\"Diab\u00e8te de type 2\" style=\"background:#f6f9fc;color:#22303e;font-weight:400;text-align:left;vertical-align:top;padding:13px 16px;font-size:15px;line-height:1.55;border:0;border-bottom:1px solid #e3e8ef;overflow-wrap:break-word\">Sensibilit\u00e9 \u00e0 l&rsquo;insuline et glyc\u00e9mie, via le poids, l&rsquo;activit\u00e9 physique, l&rsquo;alimentation et le traitement<\/td>\n      <\/tr>\n      <tr>\n        <td data-label=\"Caract\u00e9ristique\" style=\"background:#ffffff;color:#003366;font-weight:700;text-align:left;vertical-align:top;padding:13px 16px;font-size:15px;line-height:1.55;border:0;overflow-wrap:break-word\">Question de l&rsquo;\u00e9ligibilit\u00e9 \u00e0 une greffe de cheveux<\/td>\n        <td data-label=\"Diab\u00e8te de type 1\" style=\"background:#ffffff;color:#22303e;font-weight:400;text-align:left;vertical-align:top;padding:13px 16px;font-size:15px;line-height:1.55;border:0;overflow-wrap:break-word\">Une question d&rsquo;\u00e9quilibre et de gestion de la glyc\u00e9mie, pas une exclusion li\u00e9e au type<\/td>\n        <td data-label=\"Diab\u00e8te de type 2\" style=\"background:#ffffff;color:#22303e;font-weight:400;text-align:left;vertical-align:top;padding:13px 16px;font-size:15px;line-height:1.55;border:0;overflow-wrap:break-word\">Une question d&rsquo;\u00e9quilibre, \u00e0 laquelle s&rsquo;ajoutent les comorbidit\u00e9s<\/td>\n      <\/tr>\n    <\/tbody>\n  <\/table>\n<\/div>\n\n\n\n<h3 class=\"wp-block-heading\">Type 1 : l&rsquo;association auto-immune<\/h3>\n\n\n\n<p class=\"wp-block-paragraph\">Le diab\u00e8te de type 1 est lui-m\u00eame une maladie auto-immune et s&rsquo;accompagne plus souvent d&rsquo;autres maladies auto-immunes. Une \u00e9tude transversale men\u00e9e chez 251 adultes atteints de diab\u00e8te de type 1 a retrouv\u00e9 une thyro\u00efdite de Hashimoto ou une hypothyro\u00efdie chez 16,3 %, des anticorps anti-TPO positifs chez 58,6 % et des anticorps de la maladie c\u0153liaque positifs chez 16,4 % des personnes test\u00e9es.<\/p>\n\n\n\n<p class=\"wp-block-paragraph\">La pelade fait partie, de fa\u00e7on reconnue, du syndrome polyendocrinien auto-immun de type 2, dont rel\u00e8ve \u00e9galement le diab\u00e8te auto-immun. Il n&rsquo;existe cependant pas de chiffre de pr\u00e9valence fiable en population g\u00e9n\u00e9rale pour la <a href=\"\/fr\/greffe-de-cheveux-blog\/pelade\/\">pelade<\/a> au cours du diab\u00e8te de type 1. Les pourcentages qui circulent sur Internet ne r\u00e9sistent pas \u00e0 une v\u00e9rification des sources.<\/p>\n\n\n\n<p class=\"wp-block-paragraph\">En pratique, cela signifie : des plaques glabres rondes, \u00e0 bords nets, chez une personne atteinte de diab\u00e8te de type 1 doivent faire l&rsquo;objet d&rsquo;un avis dermatologique, et la thyro\u00efde doit \u00eatre contr\u00f4l\u00e9e en m\u00eame temps. Le lien entre les deux est expliqu\u00e9 dans l&rsquo;article sur <a href=\"\/fr\/greffe-de-cheveux-blog\/thyroide-chute-de-cheveux\/\">chute de cheveux et thyro\u00efde<\/a>. Pour le traitement de la pelade, on se r\u00e9f\u00e8re aux recommandations dermatologiques actuelles.<\/p>\n\n\n\n<h3 class=\"wp-block-heading\">Type 2 : l&rsquo;axe m\u00e9tabolique<\/h3>\n\n\n\n<p class=\"wp-block-paragraph\">Dans le diab\u00e8te de type 2, l&rsquo;insulinor\u00e9sistance est au centre, et avec elle le d\u00e9s\u00e9quilibre hormonal via la SHBG et la testost\u00e9rone libre. C&rsquo;est pourquoi on y trouve plus souvent l&rsquo;association d&rsquo;une rar\u00e9faction diffuse et d&rsquo;un motif androg\u00e9n\u00e9tique. Les deux formes appellent des r\u00e9ponses diff\u00e9rentes, ce qui rend la d\u00e9termination du motif si importante.<\/p>\n\n\n\n<p class=\"wp-block-paragraph\">Le stade pr\u00e9c\u00e9dent est pertinent en pratique : l&rsquo;association entre insulinor\u00e9sistance et chute de cheveux appara\u00eet dans les \u00e9tudes avant m\u00eame un diab\u00e8te av\u00e9r\u00e9, donc au stade du pr\u00e9diab\u00e8te. Une personne pr\u00e9sentant une chute diffuse et un tour de taille augment\u00e9 peut faire v\u00e9rifier son m\u00e9tabolisme, m\u00eame si l&rsquo;HbA1c reste sous le seuil diagnostique.<\/p>\n\n\n\n<h3 class=\"wp-block-heading\">Glyc\u00e9mie au long cours : l&rsquo;importance d&rsquo;un bon \u00e9quilibre<\/h3>\n\n\n\n<p class=\"wp-block-paragraph\">Des <a href=\"https:\/\/www.ameli.fr\/assure\/sante\/themes\/diabete-adulte\/diabete-suivi\/autosurveillance-glycemie\" target=\"_blank\" rel=\"noopener\">valeurs glyc\u00e9miques<\/a> durablement \u00e9lev\u00e9es endommagent les vaisseaux et alt\u00e8rent la circulation, si bien que les follicules ne sont plus suffisamment aliment\u00e9s. Cela affaiblit les racines, affine le cheveu et retarde la repousse.<\/p>\n\n\n\n<p class=\"wp-block-paragraph\">De plus, une glyc\u00e9mie mal \u00e9quilibr\u00e9e favorise les inflammations, qui perturbent le cycle capillaire et aggravent la chute. Un \u00e9quilibre glyc\u00e9mique stable est donc d\u00e9cisif, non seulement pour la sant\u00e9 g\u00e9n\u00e9rale, mais aussi pour des cheveux forts et sains.<\/p>\n\n\n\n<p class=\"wp-block-paragraph\">Concr\u00e8tement, en chiffres : les recommandations en vigueur pr\u00e9conisent, dans le diab\u00e8te de type 2, des cibles d&rsquo;HbA1c individualis\u00e9es, situ\u00e9es le plus souvent entre 6,5 et 7,5 %, selon l&rsquo;\u00e2ge, les comorbidit\u00e9s et le risque d&rsquo;hypoglyc\u00e9mie. L&rsquo;ADA retient dans ses Standards of Care 2026 une cible standard inf\u00e9rieure \u00e0 7 % pour la plupart des adultes non enceintes.<\/p>\n\n\n\n<p class=\"wp-block-paragraph\">Il n&rsquo;existe pas de seuil d&rsquo;HbA1c propre aux cheveux, et personne ne devrait en inventer un. La cible des recommandations est en m\u00eame temps le meilleur rep\u00e8re disponible pour tout ce qui d\u00e9pend de la microcirculation, et le follicule pileux en fait partie.<\/p>\n\n\n\n<h2 class=\"wp-block-heading\">Chute de cheveux chez les femmes diab\u00e9tiques<\/h2>\n\n\n\n<p class=\"wp-block-paragraph\">Chez les femmes, le lien le plus fr\u00e9quent entre insulinor\u00e9sistance et chute de cheveux passe par le syndrome des ovaires polykystiques (SOPK). Il concerne 4 \u00e0 8 % des femmes en \u00e2ge de procr\u00e9er, et jusqu&rsquo;\u00e0 25 % selon les crit\u00e8res diagnostiques et les populations. Une insulinor\u00e9sistance est pr\u00e9sente, selon les \u00e9tudes, chez environ 20 \u00e0 70 % des femmes concern\u00e9es.<\/p>\n\n\n<div class=\"wp-block-image\">\n<figure class=\"aligncenter size-large is-resized\" style=\"max-width:720px;margin-left:auto;margin-right:auto\"><img decoding=\"async\" src=\"https:\/\/elithair.com\/fr\/wp-content\/uploads\/sites\/9\/2026\/08\/frau_scheitel_ausduennung.png\" alt=\"Femme d'environ quarante-cinq ans examinant dans le miroir sa raie et ses cheveux qui s'affinent\" class=\"wp-image-101793\" style=\"width:720px;max-width:100%;height:auto\"\/><\/figure>\n<\/div>\n\n\n<p class=\"wp-block-paragraph\">Important pour se situer : cette insulinor\u00e9sistance survient ind\u00e9pendamment du poids. Des femmes minces atteintes de SOPK peuvent aussi \u00eatre concern\u00e9es. Celles qui ne se sentent pas concern\u00e9es parce que leur IMC est normal passent souvent \u00e0 c\u00f4t\u00e9 du constat d\u00e9cisif.<\/p>\n\n\n\n<p class=\"wp-block-paragraph\">Le m\u00e9canisme correspond au mod\u00e8le standard de la litt\u00e9rature sur le SOPK et reste une hypoth\u00e8se : des taux d&rsquo;insuline \u00e9lev\u00e9s augmentent la production d&rsquo;androg\u00e8nes dans l&rsquo;ovaire et abaissent en m\u00eame temps la SHBG. La testost\u00e9rone libre augmente, et davantage de DHT agit au niveau du follicule. Dans une \u00e9tude comparative, l&rsquo;alop\u00e9cie androg\u00e9n\u00e9tique \u00e9tait nettement plus fr\u00e9quente en cas de SOPK que dans le groupe t\u00e9moin.<\/p>\n\n\n\n<p class=\"wp-block-paragraph\">Le tableau diff\u00e8re de celui des hommes : chez les femmes, le sommet du cr\u00e2ne se rar\u00e9fie le long de la raie, tandis que la ligne frontale est le plus souvent conserv\u00e9e. Cette r\u00e9partition est d\u00e9crite par l&rsquo;\u00e9chelle de Ludwig. Un recul des golfes temporaux comme chez l&rsquo;homme est atypique ; c&rsquo;est au contraire l&rsquo;\u00e9largissement de la raie qui constitue le sympt\u00f4me principal.<\/p>\n\n\n\n<p class=\"wp-block-paragraph\">Outre le SOPK, d&rsquo;autres facteurs comptent chez la femme : la carence en fer li\u00e9e aux r\u00e8gles, les maladies thyro\u00efdiennes, les changements hormonaux de la <a href=\"\/fr\/greffe-de-cheveux-blog\/chute-de-cheveux-menopause\/\">m\u00e9nopause<\/a> et, apr\u00e8s une grossesse, l&rsquo;effluvium t\u00e9log\u00e8ne du post-partum. Un diab\u00e8te gestationnel signale en outre un risque accru de diab\u00e8te de type 2 par la suite.<\/p>\n\n\n\n<p class=\"wp-block-paragraph\">Les dosages utiles sont les suivants : insuline \u00e0 jeun et HOMA-IR, testost\u00e9rone, DHEAS, SHBG, ainsi que la <a href=\"\/fr\/greffe-de-cheveux-blog\/carence-en-fer-chute-de-cheveux\/\">ferritine<\/a> et la TSH. Quelles valeurs faire doser, quand et ce qu&rsquo;elles montrent : voir plus bas la feuille de route des analyses. Plus d&rsquo;informations sur le motif f\u00e9minin dans l&rsquo;article consacr\u00e9 \u00e0 la chute de cheveux chez la femme.<\/p>\n\n\n\n<h2 class=\"wp-block-heading\">Les m\u00e9dicaments antidiab\u00e9tiques comme la metformine provoquent-ils une chute de cheveux ?<\/h2>\n\n\n\n<p class=\"wp-block-paragraph\">La metformine n&rsquo;est pas un d\u00e9clencheur direct connu de chute de cheveux. La chute n&rsquo;est pas list\u00e9e comme effet ind\u00e9sirable dans les r\u00e9sum\u00e9s des caract\u00e9ristiques du produit, et des d\u00e9cennies d&rsquo;utilisation contr\u00f4l\u00e9e n&rsquo;ont apport\u00e9 aucune preuve d&rsquo;un effet direct sur le follicule. La voie indirecte d\u00e9montr\u00e9e est autre : en cas de prise prolong\u00e9e, la metformine diminue l&rsquo;absorption de la vitamine B12.<\/p>\n\n\n\n<h3 class=\"wp-block-heading\">Pourquoi la metformine n&rsquo;est pas directement en cause<\/h3>\n\n\n\n<p class=\"wp-block-paragraph\">Ce que la metformine ne fait pas : elle n&rsquo;agit pas sur le follicule pileux, elle ne raccourcit pas de fa\u00e7on d\u00e9montr\u00e9e la phase de croissance, et elle n&rsquo;est pas associ\u00e9e \u00e0 la chute de cheveux dans les documents d&rsquo;autorisation. Les mises en garde des r\u00e9sum\u00e9s des caract\u00e9ristiques du produit (ANSM) ne mentionnent que la vitamine B12, pas les cheveux.<\/p>\n\n\n\n<p class=\"wp-block-paragraph\">Ce que la metformine fait : elle am\u00e9liore la sensibilit\u00e9 \u00e0 l&rsquo;insuline et agit donc pr\u00e9cis\u00e9ment sur l&rsquo;\u00e9tat m\u00e9tabolique associ\u00e9, dans les \u00e9tudes, \u00e0 la chute de cheveux pr\u00e9coce. On ne peut pas en d\u00e9duire un effet sur la pousse, aucune \u00e9tude n&rsquo;existe \u00e0 ce sujet. Mais l&rsquo;inqui\u00e9tude spontan\u00e9e selon laquelle le m\u00e9dicament serait le coupable ne se v\u00e9rifie pas.<\/p>\n\n\n\n<h3 class=\"wp-block-heading\">Metformine et vitamine B12 : qui est concern\u00e9 et que mesure-t-on<\/h3>\n\n\n\n<p class=\"wp-block-paragraph\">L&rsquo;agence britannique du m\u00e9dicament, la MHRA, a class\u00e9 en 2022, dans un Drug Safety Update, un taux bas de vitamine B12 parmi les effets ind\u00e9sirables fr\u00e9quents en cas de prise de metformine \u00e0 forte dose ou prolong\u00e9e : jusqu&rsquo;\u00e0 1 personne sur 10 serait concern\u00e9e. Un dosage p\u00e9riodique de la B12 est recommand\u00e9 chez les patients \u00e0 risque.<\/p>\n\n\n\n<p class=\"wp-block-paragraph\">Les chiffres issus des \u00e9tudes primaires varient fortement selon le seuil retenu et la population : d&rsquo;environ 2,3 % en cas de prise courte jusqu&rsquo;\u00e0 36,5 %, et m\u00eame 65,7 % dans un travail portant sur l&rsquo;usage au long cours. Des donn\u00e9es fran\u00e7aises rapportent 12,9 % contre 5,6 %, des donn\u00e9es de cohorte italiennes 5,8 % contre 2,4 % (odds ratio 2,92). Une analyse du programme All of Us a retrouv\u00e9, chez les utilisateurs au long cours, un risque de carence sup\u00e9rieur de 67 %.<\/p>\n\n\n\n<p class=\"wp-block-paragraph\">Le risque augmente avec la dose et la dur\u00e9e du traitement. On dose la vitamine B12 et, en cas de valeurs limites, l&rsquo;holotranscobalamine ou l&rsquo;acide m\u00e9thylmalonique. Les signes d&rsquo;alerte sont l&rsquo;an\u00e9mie, des fourmillements dans les mains et les pieds et des troubles de la concentration. Le r\u00f4le de la B12 pour les cheveux est expliqu\u00e9 dans l&rsquo;article sur les <a href=\"\/fr\/greffe-de-cheveux-blog\/vitamines-chute-de-cheveux\/\">vitamines contre la chute de cheveux<\/a>.<\/p>\n\n\n\n<p class=\"wp-block-paragraph\">La phrase suivante est d\u00e9cisive, car elle \u00e9vite la r\u00e9action erron\u00e9e la plus fr\u00e9quente : en cas de carence av\u00e9r\u00e9e en B12, on n&rsquo;arr\u00eate pas la metformine. Les r\u00e9sum\u00e9s des caract\u00e9ristiques du produit pr\u00e9voient de poursuivre le traitement et de corriger la carence en parall\u00e8le. Arr\u00eater le traitement ou modifier la dose rel\u00e8ve exclusivement du m\u00e9decin qui suit le patient.<\/p>\n\n\n\n<h3 class=\"wp-block-heading\">Agonistes du r\u00e9cepteur du GLP-1 : Ozempic, Wegovy et Mounjaro<\/h3>\n\n\n\n<p class=\"wp-block-paragraph\">Des chutes de cheveux sont rapport\u00e9es sous agonistes du r\u00e9cepteur du GLP-1. Le consensus m\u00e9dical les explique majoritairement par un effluvium t\u00e9log\u00e8ne cons\u00e9cutif \u00e0 la perte de poids rapide et souvent importante, et non par un effet direct de la mol\u00e9cule sur le follicule. Les d\u00e9tails, les donn\u00e9es de pharmacovigilance et la conduite pratique figurent dans l&rsquo;article d\u00e9di\u00e9 \u00e0 la <a href=\"\/fr\/greffe-de-cheveux-blog\/ozempic-chute-de-cheveux\/\">chute de cheveux sous Ozempic<\/a>.<\/p>\n\n\n\n<h3 class=\"wp-block-heading\">D&rsquo;autres mol\u00e9cules du m\u00eame contexte<\/h3>\n\n\n\n<p class=\"wp-block-paragraph\">Pour l&rsquo;insuline et les inhibiteurs de SGLT2, aucune donn\u00e9e solide sp\u00e9cifiquement consacr\u00e9e \u00e0 la chute de cheveux n&rsquo;a \u00e9t\u00e9 retrouv\u00e9e. Les statines sont parfois cit\u00e9es dans des listes g\u00e9n\u00e9rales d&rsquo;effets ind\u00e9sirables, mais la preuve d&rsquo;un lien causal fait d\u00e9faut. Pour les hormones thyro\u00efdiennes, le lien tient \u00e0 la maladie sous-jacente, pas au m\u00e9dicament.<\/p>\n\n\n\n<style>\n@media (max-width:640px){\n.rt-table-wrap{overflow-x:visible!important;border:0!important;border-radius:0!important}\n.rt-table{min-width:0!important}\n.rt-table thead{display:none}\n.rt-table,.rt-table tbody,.rt-table tr,.rt-table td{display:block;width:100%}\n.rt-table caption{display:block;padding:0 0 12px!important}\n.rt-table tr{margin:0 0 12px;border:1px solid #dbe4f0;border-radius:10px;overflow:hidden}\n.rt-table tr:last-child{margin-bottom:0}\n.rt-table td{display:flex!important;flex-direction:column;gap:3px;padding:12px 14px!important;\nborder:0!important;border-bottom:1px solid #e3e8ef!important;background:#ffffff!important}\n.rt-table tr td:last-child{border-bottom:0!important}\n.rt-table td::before{content:attr(data-label);font-size:12px;font-weight:700;letter-spacing:.04em;\ntext-transform:uppercase;color:#5799F1}\n.rt-table td:not([data-label])::before,.rt-table td[data-label=\"\"]::before{display:none}\n}\n<\/style>\n<div class=\"rt-table-wrap\" style=\"overflow-x:auto;-webkit-overflow-scrolling:touch;margin:28px 0;border:1px solid #dbe4f0;border-radius:12px\">\n  <table class=\"rt-table\" style=\"width:100%;min-width:660px;table-layout:fixed;border-collapse:separate;border-spacing:0;font-size:15px;margin:0\">\n    <caption style=\"caption-side:top;text-align:left;color:#003366;font-weight:700;font-size:16px;line-height:1.35;padding:14px 16px 10px;background:#ffffff\">M\u00e9dicaments antidiab\u00e9tiques et cheveux : ce qui est d\u00e9montr\u00e9, ce qui ne l&rsquo;est pas et ce qu&rsquo;il faut en conclure<\/caption>\n    <thead>\n      <tr>\n        <th style=\"width:22%;background:#003366;color:#ffffff;font-weight:700;text-align:left;vertical-align:middle;padding:13px 16px;font-size:15px;line-height:1.4;border:0;overflow-wrap:break-word\">Classe de m\u00e9dicaments<\/th>\n        <th style=\"background:#003366;color:#ffffff;font-weight:700;text-align:left;vertical-align:middle;padding:13px 16px;font-size:15px;line-height:1.4;border:0;overflow-wrap:break-word\">Lien d\u00e9montr\u00e9 avec la chute de cheveux<\/th>\n        <th style=\"background:#003366;color:#ffffff;font-weight:700;text-align:left;vertical-align:middle;padding:13px 16px;font-size:15px;line-height:1.4;border:0;overflow-wrap:break-word\">M\u00e9canisme<\/th>\n        <th style=\"background:#003366;color:#ffffff;font-weight:700;text-align:left;vertical-align:middle;padding:13px 16px;font-size:15px;line-height:1.4;border:0;overflow-wrap:break-word\">Ce qu&rsquo;il faut faire<\/th>\n      <\/tr>\n    <\/thead>\n    <tbody>\n      <tr>\n        <td data-label=\"Classe de m\u00e9dicaments\" style=\"background:#ffffff;color:#003366;font-weight:700;text-align:left;vertical-align:top;padding:13px 16px;font-size:15px;line-height:1.55;border:0;border-bottom:1px solid #e3e8ef;overflow-wrap:break-word\">Metformine<\/td>\n        <td data-label=\"Lien d\u00e9montr\u00e9 avec la chute de cheveux\" style=\"background:#ffffff;color:#22303e;font-weight:400;text-align:left;vertical-align:top;padding:13px 16px;font-size:15px;line-height:1.55;border:0;border-bottom:1px solid #e3e8ef;overflow-wrap:break-word\">Aucun lien direct d\u00e9montr\u00e9, non list\u00e9 comme effet ind\u00e9sirable dans les r\u00e9sum\u00e9s des caract\u00e9ristiques du produit<\/td>\n        <td data-label=\"M\u00e9canisme\" style=\"background:#ffffff;color:#22303e;font-weight:400;text-align:left;vertical-align:top;padding:13px 16px;font-size:15px;line-height:1.55;border:0;border-bottom:1px solid #e3e8ef;overflow-wrap:break-word\">Indirect, via une absorption perturb\u00e9e de la vitamine B12 en cas de prise prolong\u00e9e (jusqu&rsquo;\u00e0 1 personne sur 10, MHRA 2022)<\/td>\n        <td data-label=\"Ce qu'il faut faire\" style=\"background:#ffffff;color:#22303e;font-weight:400;text-align:left;vertical-align:top;padding:13px 16px;font-size:15px;line-height:1.55;border:0;border-bottom:1px solid #e3e8ef;overflow-wrap:break-word\">Faire contr\u00f4ler le taux de B12 dans le temps, corriger en cas de carence, ne pas modifier le traitement de sa propre initiative<\/td>\n      <\/tr>\n      <tr>\n        <td data-label=\"Classe de m\u00e9dicaments\" style=\"background:#f6f9fc;color:#003366;font-weight:700;text-align:left;vertical-align:top;padding:13px 16px;font-size:15px;line-height:1.55;border:0;border-bottom:1px solid #e3e8ef;overflow-wrap:break-word\">Agonistes du r\u00e9cepteur du GLP-1 (s\u00e9maglutide, tirz\u00e9patide)<\/td>\n        <td data-label=\"Lien d\u00e9montr\u00e9 avec la chute de cheveux\" style=\"background:#f6f9fc;color:#22303e;font-weight:400;text-align:left;vertical-align:top;padding:13px 16px;font-size:15px;line-height:1.55;border:0;border-bottom:1px solid #e3e8ef;overflow-wrap:break-word\">Des chutes de cheveux sont rapport\u00e9es, majoritairement cons\u00e9cutives \u00e0 la perte de poids rapide<\/td>\n        <td data-label=\"M\u00e9canisme\" style=\"background:#f6f9fc;color:#22303e;font-weight:400;text-align:left;vertical-align:top;padding:13px 16px;font-size:15px;line-height:1.55;border:0;border-bottom:1px solid #e3e8ef;overflow-wrap:break-word\">Effluvium t\u00e9log\u00e8ne apr\u00e8s une perte de poids importante, aucun effet folliculaire direct d\u00e9montr\u00e9<\/td>\n        <td data-label=\"Ce qu'il faut faire\" style=\"background:#f6f9fc;color:#22303e;font-weight:400;text-align:left;vertical-align:top;padding:13px 16px;font-size:15px;line-height:1.55;border:0;border-bottom:1px solid #e3e8ef;overflow-wrap:break-word\">Assurer les apports en prot\u00e9ines et en micronutriments, discuter le rythme de la perte de poids avec le m\u00e9decin<\/td>\n      <\/tr>\n      <tr>\n        <td data-label=\"Classe de m\u00e9dicaments\" style=\"background:#ffffff;color:#003366;font-weight:700;text-align:left;vertical-align:top;padding:13px 16px;font-size:15px;line-height:1.55;border:0;border-bottom:1px solid #e3e8ef;overflow-wrap:break-word\">Insuline<\/td>\n        <td data-label=\"Lien d\u00e9montr\u00e9 avec la chute de cheveux\" style=\"background:#ffffff;color:#22303e;font-weight:400;text-align:left;vertical-align:top;padding:13px 16px;font-size:15px;line-height:1.55;border:0;border-bottom:1px solid #e3e8ef;overflow-wrap:break-word\">Aucun lien d\u00e9montr\u00e9<\/td>\n        <td data-label=\"M\u00e9canisme\" style=\"background:#ffffff;color:#22303e;font-weight:400;text-align:left;vertical-align:top;padding:13px 16px;font-size:15px;line-height:1.55;border:0;border-bottom:1px solid #e3e8ef;overflow-wrap:break-word\">Sans objet<\/td>\n        <td data-label=\"Ce qu'il faut faire\" style=\"background:#ffffff;color:#22303e;font-weight:400;text-align:left;vertical-align:top;padding:13px 16px;font-size:15px;line-height:1.55;border:0;border-bottom:1px solid #e3e8ef;overflow-wrap:break-word\">Aucune mesure particuli\u00e8re, ce qui compte reste la qualit\u00e9 de l&rsquo;\u00e9quilibre glyc\u00e9mique<\/td>\n      <\/tr>\n      <tr>\n        <td data-label=\"Classe de m\u00e9dicaments\" style=\"background:#f6f9fc;color:#003366;font-weight:700;text-align:left;vertical-align:top;padding:13px 16px;font-size:15px;line-height:1.55;border:0;border-bottom:1px solid #e3e8ef;overflow-wrap:break-word\">Inhibiteurs de SGLT2<\/td>\n        <td data-label=\"Lien d\u00e9montr\u00e9 avec la chute de cheveux\" style=\"background:#f6f9fc;color:#22303e;font-weight:400;text-align:left;vertical-align:top;padding:13px 16px;font-size:15px;line-height:1.55;border:0;border-bottom:1px solid #e3e8ef;overflow-wrap:break-word\">Aucun lien d\u00e9montr\u00e9<\/td>\n        <td data-label=\"M\u00e9canisme\" style=\"background:#f6f9fc;color:#22303e;font-weight:400;text-align:left;vertical-align:top;padding:13px 16px;font-size:15px;line-height:1.55;border:0;border-bottom:1px solid #e3e8ef;overflow-wrap:break-word\">Sans objet<\/td>\n        <td data-label=\"Ce qu'il faut faire\" style=\"background:#f6f9fc;color:#22303e;font-weight:400;text-align:left;vertical-align:top;padding:13px 16px;font-size:15px;line-height:1.55;border:0;border-bottom:1px solid #e3e8ef;overflow-wrap:break-word\">Aucune mesure particuli\u00e8re<\/td>\n      <\/tr>\n      <tr>\n        <td data-label=\"Classe de m\u00e9dicaments\" style=\"background:#ffffff;color:#003366;font-weight:700;text-align:left;vertical-align:top;padding:13px 16px;font-size:15px;line-height:1.55;border:0;border-bottom:1px solid #e3e8ef;overflow-wrap:break-word\">Statines<\/td>\n        <td data-label=\"Lien d\u00e9montr\u00e9 avec la chute de cheveux\" style=\"background:#ffffff;color:#22303e;font-weight:400;text-align:left;vertical-align:top;padding:13px 16px;font-size:15px;line-height:1.55;border:0;border-bottom:1px solid #e3e8ef;overflow-wrap:break-word\">Aucun lien solidement d\u00e9montr\u00e9, parfois cit\u00e9 dans des listes g\u00e9n\u00e9rales d&rsquo;effets ind\u00e9sirables<\/td>\n        <td data-label=\"M\u00e9canisme\" style=\"background:#ffffff;color:#22303e;font-weight:400;text-align:left;vertical-align:top;padding:13px 16px;font-size:15px;line-height:1.55;border:0;border-bottom:1px solid #e3e8ef;overflow-wrap:break-word\">Aucune explication \u00e9tablie<\/td>\n        <td data-label=\"Ce qu'il faut faire\" style=\"background:#ffffff;color:#22303e;font-weight:400;text-align:left;vertical-align:top;padding:13px 16px;font-size:15px;line-height:1.55;border:0;border-bottom:1px solid #e3e8ef;overflow-wrap:break-word\">En cas de suspicion, faire \u00e9valuer par un m\u00e9decin, ne jamais arr\u00eater de sa propre initiative<\/td>\n      <\/tr>\n      <tr>\n        <td data-label=\"Classe de m\u00e9dicaments\" style=\"background:#f6f9fc;color:#003366;font-weight:700;text-align:left;vertical-align:top;padding:13px 16px;font-size:15px;line-height:1.55;border:0;overflow-wrap:break-word\">Hormones thyro\u00efdiennes<\/td>\n        <td data-label=\"Lien d\u00e9montr\u00e9 avec la chute de cheveux\" style=\"background:#f6f9fc;color:#22303e;font-weight:400;text-align:left;vertical-align:top;padding:13px 16px;font-size:15px;line-height:1.55;border:0;overflow-wrap:break-word\">Le lien passe par la fonction thyro\u00efdienne, pas par le m\u00e9dicament<\/td>\n        <td data-label=\"M\u00e9canisme\" style=\"background:#f6f9fc;color:#22303e;font-weight:400;text-align:left;vertical-align:top;padding:13px 16px;font-size:15px;line-height:1.55;border:0;overflow-wrap:break-word\">L&rsquo;hypo- comme l&rsquo;hyperthyro\u00efdie perturbent le cycle capillaire ; une chute initiale en d\u00e9but de traitement est d\u00e9crite<\/td>\n        <td data-label=\"Ce qu'il faut faire\" style=\"background:#f6f9fc;color:#22303e;font-weight:400;text-align:left;vertical-align:top;padding:13px 16px;font-size:15px;line-height:1.55;border:0;overflow-wrap:break-word\">Contr\u00f4ler la TSH, faire adapter la dose par un m\u00e9decin<\/td>\n      <\/tr>\n    <\/tbody>\n  <\/table>\n<\/div>\n\n\n\n<p class=\"wp-block-paragraph\">Une phrase en guise de garde-fou pour toute cette section : n&rsquo;arr\u00eatez jamais de vous-m\u00eame un m\u00e9dicament antidiab\u00e9tique \u00e0 cause d&rsquo;une chute de cheveux. Pour les cheveux, la glyc\u00e9mie est le facteur le plus puissant, et un m\u00e9tabolisme d\u00e9s\u00e9quilibr\u00e9 co\u00fbte plus de cheveux que n&rsquo;importe lequel de ces m\u00e9dicaments.<\/p>\n\n\n\n<h2 class=\"wp-block-heading\">Le mode de vie comme facteur<\/h2>\n\n\n\n<figure class=\"wp-block-image size-full\"><img decoding=\"async\" src=\"https:\/\/elithair.com\/fr\/wp-content\/uploads\/sites\/9\/2026\/08\/bestand_97302.png\" alt=\"\u00c0 gauche, une s\u00e9lection d'aliments peu sains ; \u00e0 droite, des aliments sains\" class=\"wp-image-101802\"\/><\/figure>\n\n\n\n<p class=\"wp-block-paragraph\">Un mode de vie d\u00e9s\u00e9quilibr\u00e9 peut aggraver la chute de cheveux en cas de diab\u00e8te, car il d\u00e9stabilise la glyc\u00e9mie et compromet l&rsquo;apport de nutriments aux follicules. Une alimentation d\u00e9s\u00e9quilibr\u00e9e, trop riche en sucre et en produits transform\u00e9s, peut entra\u00eener des carences en fer, en zinc ou en biotine, des \u00e9l\u00e9ments essentiels \u00e0 des cheveux sains.<\/p>\n\n\n\n<p class=\"wp-block-paragraph\">Le stress chronique agit lui aussi n\u00e9gativement sur le cycle capillaire et peut acc\u00e9l\u00e9rer la chute. Une activit\u00e9 physique r\u00e9guli\u00e8re am\u00e9liore la circulation, stabilise la glyc\u00e9mie et soutient la pousse. La recommandation standard est de 150 minutes d&rsquo;activit\u00e9 d&rsquo;endurance mod\u00e9r\u00e9e par semaine, compl\u00e9t\u00e9es par du renforcement musculaire.<\/p>\n\n\n\n<p class=\"wp-block-paragraph\">En ajustant l&rsquo;alimentation, l&rsquo;activit\u00e9 physique et la gestion du stress, la <strong>chute de cheveux li\u00e9e au diab\u00e8te<\/strong> peut souvent \u00eatre nettement r\u00e9duite. L&rsquo;effet passe par le m\u00e9tabolisme et non directement par la racine du cheveu ; il demande donc la m\u00eame patience que le cycle capillaire.<\/p>\n\n\n\n<h3 class=\"wp-block-heading\">Low carb, c\u00e9to et perte de poids rapide : le d\u00e9clencheur oubli\u00e9<\/h3>\n\n\n\n<p class=\"wp-block-paragraph\">Une situation tr\u00e8s fr\u00e9quente est rarement \u00e9voqu\u00e9e : une personne qui change radicalement son alimentation perd souvent beaucoup de poids en quelques mois et voit ses cheveux tomber nettement 2 \u00e0 3 mois plus tard. Le d\u00e9clencheur n&rsquo;est alors pas le diab\u00e8te, mais le changement alimentaire, et la chute est r\u00e9versible.<\/p>\n\n\n\n<p class=\"wp-block-paragraph\">Dans la litt\u00e9rature, une perte d&rsquo;environ 15 % de la masse corporelle ou de plus de 3,5 kilogrammes par mois est \u00e9voqu\u00e9e comme seuil de risque d&rsquo;effluvium t\u00e9log\u00e8ne. Ces chiffres proviennent de sources secondaires et constituent un rep\u00e8re pratique, pas une limite stricte. La r\u00e9gression prend le plus souvent 6 \u00e0 9 mois apr\u00e8s stabilisation.<\/p>\n\n\n\n<p class=\"wp-block-paragraph\">Le d\u00e9clencheur n&rsquo;est pas le type de r\u00e9gime, mais le d\u00e9ficit : trop peu de calories, trop peu de prot\u00e9ines, trop peu de fer et de zinc. La bonne conclusion n&rsquo;est donc pas de revenir sur le changement alimentaire, mais d&rsquo;assurer les apports en prot\u00e9ines, de faire v\u00e9rifier les micronutriments et de ralentir le rythme de la perte de poids.<\/p>\n\n\n\n<h2 class=\"wp-block-heading\">La chute de cheveux peut-elle \u00eatre un signe pr\u00e9coce de diab\u00e8te ?<\/h2>\n\n\n\n<p class=\"wp-block-paragraph\">La chute de cheveux peut \u00eatre un indice de diab\u00e8te non diagnostiqu\u00e9, surtout en association avec d&rsquo;autres sympt\u00f4mes. Le trouble m\u00e9tabolique alt\u00e8re la circulation sanguine, si bien que les follicules sont moins bien aliment\u00e9s. Cela affaiblit les racines et peut conduire \u00e0 des cheveux qui s&rsquo;affinent ou \u00e0 une chute plus importante.<\/p>\n\n\n\n<p class=\"wp-block-paragraph\">C&rsquo;est plus pertinent qu&rsquo;il n&rsquo;y para\u00eet : une part importante des cas de diab\u00e8te reste non diagnostiqu\u00e9e, car la maladie \u00e9volue longtemps sans douleur ni signe \u00e9vident.<\/p>\n\n\n\n<p class=\"wp-block-paragraph\">Un diab\u00e8te non rep\u00e9r\u00e9 s&rsquo;installe souvent insidieusement : outre la chute de cheveux, on peut observer une peau s\u00e8che, une cicatrisation lente ou une fatigue persistante. S&rsquo;y ajoutent une soif intense, des mictions fr\u00e9quentes, des troubles de la vision et une perte de poids involontaire. Si une chute diffuse s&rsquo;y ajoute, c&rsquo;est la glyc\u00e9mie qu&rsquo;il faut faire contr\u00f4ler, pas le shampoing qu&rsquo;il faut changer.<\/p>\n\n\n\n<p class=\"wp-block-paragraph\">Trois tests sont disponibles pour cela : l&rsquo;HbA1c refl\u00e8te la glyc\u00e9mie des 8 \u00e0 12 derni\u00e8res semaines, la glyc\u00e9mie \u00e0 jeun donne un instantan\u00e9, et l&rsquo;hyperglyc\u00e9mie provoqu\u00e9e par voie orale mesure la r\u00e9action \u00e0 une quantit\u00e9 d\u00e9finie de sucre. Une HbA1c \u00e0 partir de 6,5 % est retenue au niveau international comme crit\u00e8re diagnostique.<\/p>\n\n\n\n<h3 class=\"wp-block-heading\">Pourquoi un diagnostic pr\u00e9coce est d\u00e9cisif<\/h3>\n\n\n\n<p class=\"wp-block-paragraph\">Plus la maladie est reconnue t\u00f4t, mieux la glyc\u00e9mie peut \u00eatre stabilis\u00e9e et les l\u00e9sions des vaisseaux, des nerfs et des follicules \u00e9vit\u00e9es. Un traitement engag\u00e9 \u00e0 temps peut r\u00e9duire la chute de cheveux et soutenir la pousse.<\/p>\n\n\n\n<p class=\"wp-block-paragraph\">Concr\u00e8tement, pour les cheveux : une chute diffuse d&rsquo;origine m\u00e9tabolique peut r\u00e9gresser. Une zone cicatricielle, ou d\u00e9j\u00e0 ab\u00eem\u00e9e par une microangiopathie avanc\u00e9e, ne le peut pas de la m\u00eame fa\u00e7on.<\/p>\n\n\n\n<p class=\"wp-block-paragraph\">Si le probl\u00e8me survient avec une peau s\u00e8che, une fatigue ou une cicatrisation lente, un avis m\u00e9dical s&rsquo;impose. Une simple prise de sang apporte rapidement des r\u00e9ponses. N&rsquo;attendez pas : un diagnostic pr\u00e9coce prot\u00e8ge non seulement vos cheveux, mais aussi votre sant\u00e9. Si vous ne savez pas par o\u00f9 commencer, l&rsquo;article <a href=\"\/fr\/greffe-de-cheveux-blog\/specialiste-cheveux\/\">chute de cheveux : quel m\u00e9decin consulter<\/a> pr\u00e9cise les r\u00f4les de chacun.<\/p>\n\n\n\n<h2 class=\"wp-block-heading\">Pr\u00e9vention : comment \u00e9viter la chute de cheveux en cas de diab\u00e8te ?<\/h2>\n\n\n\n<p class=\"wp-block-paragraph\">La pr\u00e9vention de la chute de cheveux commence par une prise en charge attentive du diab\u00e8te et par le soin apport\u00e9 \u00e0 la sant\u00e9 g\u00e9n\u00e9rale. Des mesures cibl\u00e9es permettent de r\u00e9duire nettement le risque et de soutenir durablement la pousse de cheveux sains ; les personnes concern\u00e9es peuvent ainsi activement <strong>stopper la chute de cheveux li\u00e9e au diab\u00e8te<\/strong>.<\/p>\n\n\n\n<p class=\"wp-block-paragraph\">\u00c0 la question de savoir si l&rsquo;on peut stopper la chute de cheveux li\u00e9e au diab\u00e8te, la r\u00e9ponse honn\u00eate est la suivante : la part diffuse, d&rsquo;origine m\u00e9tabolique, r\u00e9gresse, tandis qu&rsquo;une part androg\u00e9n\u00e9tique n&rsquo;en est pas affect\u00e9e et n\u00e9cessite un traitement qui lui est propre.<\/p>\n\n\n\n<h3 class=\"wp-block-heading\">Gestion de la glyc\u00e9mie : la base de cheveux sains<\/h3>\n\n\n\n<p class=\"wp-block-paragraph\">Une glyc\u00e9mie bien \u00e9quilibr\u00e9e est d\u00e9cisive pour \u00e9viter la chute de cheveux en cas de diab\u00e8te. Des valeurs \u00e9lev\u00e9es endommagent les vaisseaux, r\u00e9duisent l&rsquo;apport de nutriments aux follicules et favorisent la perte de cheveux.<\/p>\n\n\n\n<p class=\"wp-block-paragraph\">Une <a href=\"https:\/\/www.federationdesdiabetiques.org\/information\/glycemie\/hba1c\" target=\"_blank\" rel=\"noopener\">HbA1c<\/a> stable, dans la fourchette recommand\u00e9e d&rsquo;environ 6,5 \u00e0 7,5 %, pr\u00e9serve autant que possible l&rsquo;irrigation des racines. Des contr\u00f4les glyc\u00e9miques r\u00e9guliers et un traitement adapt\u00e9 en accord avec le m\u00e9decin aident \u00e0 \u00e9viter les complications et \u00e0 soutenir la pousse.<\/p>\n\n\n<div class=\"wp-block-image\">\n<figure class=\"aligncenter size-large is-resized\" style=\"max-width:720px;margin-left:auto;margin-right:auto\"><img decoding=\"async\" src=\"https:\/\/elithair.com\/fr\/wp-content\/uploads\/sites\/9\/2026\/08\/blutzucker_alltag_messung.png\" alt=\"Un homme v\u00e9rifie, \u00e0 la table du petit-d\u00e9jeuner, le capteur de glucose plac\u00e9 sur son bras\" class=\"wp-image-101794\" style=\"width:720px;max-width:100%;height:auto\"\/><\/figure>\n<\/div>\n\n\n<h3 class=\"wp-block-heading\">Consultations r\u00e9guli\u00e8res : rep\u00e9rer les probl\u00e8mes \u00e0 temps<\/h3>\n\n\n\n<p class=\"wp-block-paragraph\">Le diab\u00e8te peut s&rsquo;accompagner de nombreux ph\u00e9nom\u00e8nes associ\u00e9s. Des consultations r\u00e9guli\u00e8res permettent de rep\u00e9rer t\u00f4t d&rsquo;\u00e9ventuels probl\u00e8mes comme des carences nutritionnelles, des modifications hormonales ou des troubles circulatoires, et de les traiter de fa\u00e7on cibl\u00e9e. Abordez activement la chute de cheveux, sinon elle passe souvent \u00e0 la trappe lors du rendez-vous de suivi du diab\u00e8te.<\/p>\n\n\n\n<p class=\"wp-block-paragraph\">Un bilan de sant\u00e9 complet, comprenant des analyses de sang et un examen du cuir chevelu, aide \u00e0 contenir la chute \u00e0 temps et \u00e0 pr\u00e9server la sant\u00e9 des follicules. En cas de neuropathie, cela inclut la recherche de petites l\u00e9sions pass\u00e9es inaper\u00e7ues : sans quoi une inflammation, et au pire une chute cicatricielle, peut s&rsquo;installer.<\/p>\n\n\n\n<h3 class=\"wp-block-heading\">Un mode de vie sain : la cl\u00e9 de la pr\u00e9vention<\/h3>\n\n\n\n<p class=\"wp-block-paragraph\">Un mode de vie sain soutient en outre les cheveux. Une activit\u00e9 physique r\u00e9guli\u00e8re am\u00e9liore la circulation et alimente les racines en nutriments. De simples promenades quotidiennes ou un entra\u00eenement l\u00e9ger favorisent d\u00e9j\u00e0 la pousse.<\/p>\n\n\n\n<p class=\"wp-block-paragraph\">L&rsquo;alimentation compte aussi : renoncer au sucre et aux produits tr\u00e8s transform\u00e9s aide \u00e0 stabiliser la glyc\u00e9mie. Le tabac d\u00e9grade la circulation et aggrave la chute ; l&rsquo;arr\u00eat du tabac reste donc le levier vasculaire le plus sous-estim\u00e9.<\/p>\n\n\n\n<h3 class=\"wp-block-heading\">Quand les cheveux repoussent-ils ?<\/h3>\n\n\n\n<p class=\"wp-block-paragraph\">En cas de chute diffuse d&rsquo;origine m\u00e9tabolique, un effluvium t\u00e9log\u00e8ne aigu r\u00e9gresse spontan\u00e9ment dans environ 95 % des cas d\u00e8s que le d\u00e9clencheur est supprim\u00e9 (StatPearls). Le calendrier est impos\u00e9 par le cycle capillaire et ne peut pas \u00eatre raccourci, pas m\u00eame par des compl\u00e9ments.<\/p>\n\n\n\n<style>\n@media (max-width:640px){\n.rt-table-wrap{overflow-x:visible!important;border:0!important;border-radius:0!important}\n.rt-table{min-width:0!important}\n.rt-table thead{display:none}\n.rt-table,.rt-table tbody,.rt-table tr,.rt-table td{display:block;width:100%}\n.rt-table caption{display:block;padding:0 0 12px!important}\n.rt-table tr{margin:0 0 12px;border:1px solid #dbe4f0;border-radius:10px;overflow:hidden}\n.rt-table tr:last-child{margin-bottom:0}\n.rt-table td{display:flex!important;flex-direction:column;gap:3px;padding:12px 14px!important;\nborder:0!important;border-bottom:1px solid #e3e8ef!important;background:#ffffff!important}\n.rt-table tr td:last-child{border-bottom:0!important}\n.rt-table td::before{content:attr(data-label);font-size:12px;font-weight:700;letter-spacing:.04em;\ntext-transform:uppercase;color:#5799F1}\n.rt-table td:not([data-label])::before,.rt-table td[data-label=\"\"]::before{display:none}\n}\n<\/style>\n<div class=\"rt-table-wrap\" style=\"overflow-x:auto;-webkit-overflow-scrolling:touch;margin:28px 0;border:1px solid #dbe4f0;border-radius:12px\">\n  <table class=\"rt-table\" style=\"width:100%;min-width:620px;table-layout:fixed;border-collapse:separate;border-spacing:0;font-size:15px;margin:0\">\n    <caption style=\"caption-side:top;text-align:left;color:#003366;font-weight:700;font-size:16px;line-height:1.35;padding:14px 16px 10px;background:#ffffff\">Calendrier en cas de chute diffuse d&rsquo;origine m\u00e9tabolique. Il ne s&rsquo;applique ni \u00e0 la chute androg\u00e9n\u00e9tique ni aux alop\u00e9cies cicatricielles.<\/caption>\n    <thead>\n      <tr>\n        <th style=\"width:22%;background:#003366;color:#ffffff;font-weight:700;text-align:left;vertical-align:middle;padding:13px 16px;font-size:15px;line-height:1.4;border:0;overflow-wrap:break-word\">P\u00e9riode<\/th>\n        <th style=\"background:#003366;color:#ffffff;font-weight:700;text-align:left;vertical-align:middle;padding:13px 16px;font-size:15px;line-height:1.4;border:0;overflow-wrap:break-word\">Ce qui se passe dans l&rsquo;organisme<\/th>\n        <th style=\"background:#003366;color:#ffffff;font-weight:700;text-align:left;vertical-align:middle;padding:13px 16px;font-size:15px;line-height:1.4;border:0;overflow-wrap:break-word\">Ce que vous voyez<\/th>\n      <\/tr>\n    <\/thead>\n    <tbody>\n      <tr>\n        <td data-label=\"P\u00e9riode\" style=\"background:#ffffff;color:#003366;font-weight:700;text-align:left;vertical-align:top;padding:13px 16px;font-size:15px;line-height:1.55;border:0;border-bottom:1px solid #e3e8ef;overflow-wrap:break-word\">Mois 1 \u00e0 2<\/td>\n        <td data-label=\"Ce qui se passe dans l'organisme\" style=\"background:#ffffff;color:#22303e;font-weight:400;text-align:left;vertical-align:top;padding:13px 16px;font-size:15px;line-height:1.55;border:0;border-bottom:1px solid #e3e8ef;overflow-wrap:break-word\">Le d\u00e9clencheur appartient au pass\u00e9, la glyc\u00e9mie se stabilise, moins de follicules passent en phase de repos<\/td>\n        <td data-label=\"Ce que vous voyez\" style=\"background:#ffffff;color:#22303e;font-weight:400;text-align:left;vertical-align:top;padding:13px 16px;font-size:15px;line-height:1.55;border:0;border-bottom:1px solid #e3e8ef;overflow-wrap:break-word\">La chute diminue lentement, moins de cheveux s&rsquo;accumulent dans la brosse et dans la douche<\/td>\n      <\/tr>\n      <tr>\n        <td data-label=\"P\u00e9riode\" style=\"background:#f6f9fc;color:#003366;font-weight:700;text-align:left;vertical-align:top;padding:13px 16px;font-size:15px;line-height:1.55;border:0;border-bottom:1px solid #e3e8ef;overflow-wrap:break-word\">Mois 3 \u00e0 4<\/td>\n        <td data-label=\"Ce qui se passe dans l'organisme\" style=\"background:#f6f9fc;color:#22303e;font-weight:400;text-align:left;vertical-align:top;padding:13px 16px;font-size:15px;line-height:1.55;border:0;border-bottom:1px solid #e3e8ef;overflow-wrap:break-word\">Les follicules repassent plus nombreux en phase de croissance (anag\u00e8ne)<\/td>\n        <td data-label=\"Ce que vous voyez\" style=\"background:#f6f9fc;color:#22303e;font-weight:400;text-align:left;vertical-align:top;padding:13px 16px;font-size:15px;line-height:1.55;border:0;border-bottom:1px solid #e3e8ef;overflow-wrap:break-word\">La chute est nettement moindre, la densit\u00e9 n&rsquo;a pas encore chang\u00e9 visiblement<\/td>\n      <\/tr>\n      <tr>\n        <td data-label=\"P\u00e9riode\" style=\"background:#ffffff;color:#003366;font-weight:700;text-align:left;vertical-align:top;padding:13px 16px;font-size:15px;line-height:1.55;border:0;border-bottom:1px solid #e3e8ef;overflow-wrap:break-word\">Mois 5 \u00e0 6<\/td>\n        <td data-label=\"Ce qui se passe dans l'organisme\" style=\"background:#ffffff;color:#22303e;font-weight:400;text-align:left;vertical-align:top;padding:13px 16px;font-size:15px;line-height:1.55;border:0;border-bottom:1px solid #e3e8ef;overflow-wrap:break-word\">De nouveaux cheveux repoussent ; chez la plupart, un effluvium t\u00e9log\u00e8ne aigu est consid\u00e9r\u00e9 comme r\u00e9solu<\/td>\n        <td data-label=\"Ce que vous voyez\" style=\"background:#ffffff;color:#22303e;font-weight:400;text-align:left;vertical-align:top;padding:13px 16px;font-size:15px;line-height:1.55;border:0;border-bottom:1px solid #e3e8ef;overflow-wrap:break-word\">De courts cheveux fins \u00e0 la raie et \u00e0 la ligne frontale, les racines paraissent \u00e0 nouveau plus fournies<\/td>\n      <\/tr>\n      <tr>\n        <td data-label=\"P\u00e9riode\" style=\"background:#f6f9fc;color:#003366;font-weight:700;text-align:left;vertical-align:top;padding:13px 16px;font-size:15px;line-height:1.55;border:0;overflow-wrap:break-word\">Mois 9 \u00e0 12<\/td>\n        <td data-label=\"Ce qui se passe dans l'organisme\" style=\"background:#f6f9fc;color:#22303e;font-weight:400;text-align:left;vertical-align:top;padding:13px 16px;font-size:15px;line-height:1.55;border:0;overflow-wrap:break-word\">Les nouveaux cheveux gagnent en longueur et en calibre, le cycle rattrape la phase de repos d\u00e9cal\u00e9e<\/td>\n        <td data-label=\"Ce que vous voyez\" style=\"background:#f6f9fc;color:#22303e;font-weight:400;text-align:left;vertical-align:top;padding:13px 16px;font-size:15px;line-height:1.55;border:0;overflow-wrap:break-word\">Densit\u00e9 visiblement meilleure ; une densit\u00e9 compl\u00e8te peut demander 12 \u00e0 18 mois dans certains cas<\/td>\n      <\/tr>\n    <\/tbody>\n  <\/table>\n<\/div>\n\n\n\n<p class=\"wp-block-paragraph\">Deux r\u00e9serves s&rsquo;imposent : si la glyc\u00e9mie reste \u00e9lev\u00e9e, le calendrier se d\u00e9cale, car le d\u00e9clencheur persiste. Et une part androg\u00e9n\u00e9tique ne repousse pas avec le reste : sans traitement sp\u00e9cifique, elle progresse lentement.<\/p>\n\n\n\n<h2 class=\"wp-block-heading\">Comment proc\u00e9der quand on est concern\u00e9 ?<\/h2>\n\n\n\n<p class=\"wp-block-paragraph\">La chute de cheveux en cas de diab\u00e8te est difficile \u00e0 vivre, mais avec la bonne strat\u00e9gie elle peut souvent \u00eatre r\u00e9duite. L&rsquo;essentiel est un \u00e9quilibre glyc\u00e9mique stable, car il am\u00e9liore la circulation et alimente les follicules de fa\u00e7on optimale.<\/p>\n\n\n\n<p class=\"wp-block-paragraph\">Des contr\u00f4les m\u00e9dicaux r\u00e9guliers et un traitement adapt\u00e9 aident \u00e0 \u00e9viter les l\u00e9sions \u00e0 long terme des vaisseaux et des racines. Associ\u00e9s \u00e0 des soins cibl\u00e9s et \u00e0 un mode de vie sain, ils permettent de soutenir la pousse.<\/p>\n\n\n\n<p class=\"wp-block-paragraph\">La premi\u00e8re \u00e9tape n&rsquo;est donc pas un produit, mais un rendez-vous avec les bonnes analyses. Ces huit valeurs permettent, dans la plupart des cas, de savoir si la chute vient du m\u00e9tabolisme, d&rsquo;une carence, de la thyro\u00efde ou d&rsquo;une cause hormonale. Emportez la liste \u00e0 la consultation.<\/p>\n\n\n\n<style>\n@media (max-width:640px){\n.rt-table-wrap{overflow-x:visible!important;border:0!important;border-radius:0!important}\n.rt-table{min-width:0!important}\n.rt-table thead{display:none}\n.rt-table,.rt-table tbody,.rt-table tr,.rt-table td{display:block;width:100%}\n.rt-table caption{display:block;padding:0 0 12px!important}\n.rt-table tr{margin:0 0 12px;border:1px solid #dbe4f0;border-radius:10px;overflow:hidden}\n.rt-table tr:last-child{margin-bottom:0}\n.rt-table td{display:flex!important;flex-direction:column;gap:3px;padding:12px 14px!important;\nborder:0!important;border-bottom:1px solid #e3e8ef!important;background:#ffffff!important}\n.rt-table tr td:last-child{border-bottom:0!important}\n.rt-table td::before{content:attr(data-label);font-size:12px;font-weight:700;letter-spacing:.04em;\ntext-transform:uppercase;color:#5799F1}\n.rt-table td:not([data-label])::before,.rt-table td[data-label=\"\"]::before{display:none}\n}\n<\/style>\n<div class=\"rt-table-wrap\" style=\"overflow-x:auto;-webkit-overflow-scrolling:touch;margin:28px 0;border:1px solid #dbe4f0;border-radius:12px\">\n  <table class=\"rt-table\" style=\"width:100%;min-width:700px;table-layout:fixed;border-collapse:separate;border-spacing:0;font-size:15px;margin:0\">\n    <caption style=\"caption-side:top;text-align:left;color:#003366;font-weight:700;font-size:16px;line-height:1.35;padding:14px 16px 10px;background:#ffffff\">Votre feuille de route pour la consultation : ces huit valeurs permettent de cerner la cause<\/caption>\n    <thead>\n      <tr>\n        <th style=\"width:20%;background:#003366;color:#ffffff;font-weight:700;text-align:left;vertical-align:middle;padding:13px 16px;font-size:15px;line-height:1.4;border:0;overflow-wrap:break-word\">Valeur<\/th>\n        <th style=\"background:#003366;color:#ffffff;font-weight:700;text-align:left;vertical-align:middle;padding:13px 16px;font-size:15px;line-height:1.4;border:0;overflow-wrap:break-word\">Pourquoi elle compte en cas de diab\u00e8te et de chute de cheveux<\/th>\n        <th style=\"background:#003366;color:#ffffff;font-weight:700;text-align:left;vertical-align:middle;padding:13px 16px;font-size:15px;line-height:1.4;border:0;overflow-wrap:break-word\">Rep\u00e8re<\/th>\n        <th style=\"background:#003366;color:#ffffff;font-weight:700;text-align:left;vertical-align:middle;padding:13px 16px;font-size:15px;line-height:1.4;border:0;overflow-wrap:break-word\">\u00c0 jeun ?<\/th>\n        <th style=\"background:#003366;color:#ffffff;font-weight:700;text-align:left;vertical-align:middle;padding:13px 16px;font-size:15px;line-height:1.4;border:0;overflow-wrap:break-word\">Qui la prescrit<\/th>\n      <\/tr>\n    <\/thead>\n    <tbody>\n      <tr>\n        <td data-label=\"Valeur\" style=\"background:#ffffff;color:#003366;font-weight:700;text-align:left;vertical-align:top;padding:13px 16px;font-size:15px;line-height:1.55;border:0;border-bottom:1px solid #e3e8ef;overflow-wrap:break-word\">HbA1c<\/td>\n        <td data-label=\"Pourquoi elle compte en cas de diab\u00e8te et de chute de cheveux\" style=\"background:#ffffff;color:#22303e;font-weight:400;text-align:left;vertical-align:top;padding:13px 16px;font-size:15px;line-height:1.55;border:0;border-bottom:1px solid #e3e8ef;overflow-wrap:break-word\">Glyc\u00e9mie au long cours des 8 \u00e0 12 derni\u00e8res semaines, le facteur modifiable le plus important<\/td>\n        <td data-label=\"Rep\u00e8re\" style=\"background:#ffffff;color:#22303e;font-weight:400;text-align:left;vertical-align:top;padding:13px 16px;font-size:15px;line-height:1.55;border:0;border-bottom:1px solid #e3e8ef;overflow-wrap:break-word\">Cible individualis\u00e9e de 6,5 \u00e0 7,5 %, cible standard de l&rsquo;ADA inf\u00e9rieure \u00e0 7 %, seuil diagnostique 6,5 %<\/td>\n        <td data-label=\"\u00c0 jeun ?\" style=\"background:#ffffff;color:#22303e;font-weight:400;text-align:left;vertical-align:top;padding:13px 16px;font-size:15px;line-height:1.55;border:0;border-bottom:1px solid #e3e8ef;overflow-wrap:break-word\">Non<\/td>\n        <td data-label=\"Qui la prescrit\" style=\"background:#ffffff;color:#22303e;font-weight:400;text-align:left;vertical-align:top;padding:13px 16px;font-size:15px;line-height:1.55;border:0;border-bottom:1px solid #e3e8ef;overflow-wrap:break-word\">M\u00e9decin traitant ou diab\u00e9tologue<\/td>\n      <\/tr>\n      <tr>\n        <td data-label=\"Valeur\" style=\"background:#f6f9fc;color:#003366;font-weight:700;text-align:left;vertical-align:top;padding:13px 16px;font-size:15px;line-height:1.55;border:0;border-bottom:1px solid #e3e8ef;overflow-wrap:break-word\">Insuline \u00e0 jeun et HOMA-IR<\/td>\n        <td data-label=\"Pourquoi elle compte en cas de diab\u00e8te et de chute de cheveux\" style=\"background:#f6f9fc;color:#22303e;font-weight:400;text-align:left;vertical-align:top;padding:13px 16px;font-size:15px;line-height:1.55;border:0;border-bottom:1px solid #e3e8ef;overflow-wrap:break-word\">Quantifie l&rsquo;insulinor\u00e9sistance sous-jacente au type 2 et au SOPK<\/td>\n        <td data-label=\"Rep\u00e8re\" style=\"background:#f6f9fc;color:#22303e;font-weight:400;text-align:left;vertical-align:top;padding:13px 16px;font-size:15px;line-height:1.55;border:0;border-bottom:1px solid #e3e8ef;overflow-wrap:break-word\">Anormal \u00e0 partir d&rsquo;environ 1,9 \u00e0 2,7 selon les sources, aucun seuil ratifi\u00e9<\/td>\n        <td data-label=\"\u00c0 jeun ?\" style=\"background:#f6f9fc;color:#22303e;font-weight:400;text-align:left;vertical-align:top;padding:13px 16px;font-size:15px;line-height:1.55;border:0;border-bottom:1px solid #e3e8ef;overflow-wrap:break-word\">Oui, 8 \u00e0 12 heures<\/td>\n        <td data-label=\"Qui la prescrit\" style=\"background:#f6f9fc;color:#22303e;font-weight:400;text-align:left;vertical-align:top;padding:13px 16px;font-size:15px;line-height:1.55;border:0;border-bottom:1px solid #e3e8ef;overflow-wrap:break-word\">M\u00e9decin traitant ou endocrinologue<\/td>\n      <\/tr>\n      <tr>\n        <td data-label=\"Valeur\" style=\"background:#ffffff;color:#003366;font-weight:700;text-align:left;vertical-align:top;padding:13px 16px;font-size:15px;line-height:1.55;border:0;border-bottom:1px solid #e3e8ef;overflow-wrap:break-word\">Ferritine<\/td>\n        <td data-label=\"Pourquoi elle compte en cas de diab\u00e8te et de chute de cheveux\" style=\"background:#ffffff;color:#22303e;font-weight:400;text-align:left;vertical-align:top;padding:13px 16px;font-size:15px;line-height:1.55;border:0;border-bottom:1px solid #e3e8ef;overflow-wrap:break-word\">Carence silencieuse la plus fr\u00e9quente en cas de chute diffuse, surtout chez les femmes<\/td>\n        <td data-label=\"Rep\u00e8re\" style=\"background:#ffffff;color:#22303e;font-weight:400;text-align:left;vertical-align:top;padding:13px 16px;font-size:15px;line-height:1.55;border:0;border-bottom:1px solid #e3e8ef;overflow-wrap:break-word\">Valeurs de r\u00e9f\u00e9rence du laboratoire, \u00e0 interpr\u00e9ter lors de la consultation<\/td>\n        <td data-label=\"\u00c0 jeun ?\" style=\"background:#ffffff;color:#22303e;font-weight:400;text-align:left;vertical-align:top;padding:13px 16px;font-size:15px;line-height:1.55;border:0;border-bottom:1px solid #e3e8ef;overflow-wrap:break-word\">Non<\/td>\n        <td data-label=\"Qui la prescrit\" style=\"background:#ffffff;color:#22303e;font-weight:400;text-align:left;vertical-align:top;padding:13px 16px;font-size:15px;line-height:1.55;border:0;border-bottom:1px solid #e3e8ef;overflow-wrap:break-word\">M\u00e9decin traitant<\/td>\n      <\/tr>\n      <tr>\n        <td data-label=\"Valeur\" style=\"background:#f6f9fc;color:#003366;font-weight:700;text-align:left;vertical-align:top;padding:13px 16px;font-size:15px;line-height:1.55;border:0;border-bottom:1px solid #e3e8ef;overflow-wrap:break-word\">TSH, et en cas d&rsquo;anomalie T3 libre, T4 libre et anticorps anti-TPO<\/td>\n        <td data-label=\"Pourquoi elle compte en cas de diab\u00e8te et de chute de cheveux\" style=\"background:#f6f9fc;color:#22303e;font-weight:400;text-align:left;vertical-align:top;padding:13px 16px;font-size:15px;line-height:1.55;border:0;border-bottom:1px solid #e3e8ef;overflow-wrap:break-word\">Thyro\u00efde, souvent touch\u00e9e en cas de diab\u00e8te de type 1 (Hashimoto chez 16,3 %)<\/td>\n        <td data-label=\"Rep\u00e8re\" style=\"background:#f6f9fc;color:#22303e;font-weight:400;text-align:left;vertical-align:top;padding:13px 16px;font-size:15px;line-height:1.55;border:0;border-bottom:1px solid #e3e8ef;overflow-wrap:break-word\">Valeurs de r\u00e9f\u00e9rence du laboratoire<\/td>\n        <td data-label=\"\u00c0 jeun ?\" style=\"background:#f6f9fc;color:#22303e;font-weight:400;text-align:left;vertical-align:top;padding:13px 16px;font-size:15px;line-height:1.55;border:0;border-bottom:1px solid #e3e8ef;overflow-wrap:break-word\">Non<\/td>\n        <td data-label=\"Qui la prescrit\" style=\"background:#f6f9fc;color:#22303e;font-weight:400;text-align:left;vertical-align:top;padding:13px 16px;font-size:15px;line-height:1.55;border:0;border-bottom:1px solid #e3e8ef;overflow-wrap:break-word\">M\u00e9decin traitant<\/td>\n      <\/tr>\n      <tr>\n        <td data-label=\"Valeur\" style=\"background:#ffffff;color:#003366;font-weight:700;text-align:left;vertical-align:top;padding:13px 16px;font-size:15px;line-height:1.55;border:0;border-bottom:1px solid #e3e8ef;overflow-wrap:break-word\">Vitamine B12, et holotranscobalamine en cas de valeurs limites<\/td>\n        <td data-label=\"Pourquoi elle compte en cas de diab\u00e8te et de chute de cheveux\" style=\"background:#ffffff;color:#22303e;font-weight:400;text-align:left;vertical-align:top;padding:13px 16px;font-size:15px;line-height:1.55;border:0;border-bottom:1px solid #e3e8ef;overflow-wrap:break-word\">La metformine diminue son absorption en cas de prise prolong\u00e9e<\/td>\n        <td data-label=\"Rep\u00e8re\" style=\"background:#ffffff;color:#22303e;font-weight:400;text-align:left;vertical-align:top;padding:13px 16px;font-size:15px;line-height:1.55;border:0;border-bottom:1px solid #e3e8ef;overflow-wrap:break-word\">Valeurs de r\u00e9f\u00e9rence du laboratoire<\/td>\n        <td data-label=\"\u00c0 jeun ?\" style=\"background:#ffffff;color:#22303e;font-weight:400;text-align:left;vertical-align:top;padding:13px 16px;font-size:15px;line-height:1.55;border:0;border-bottom:1px solid #e3e8ef;overflow-wrap:break-word\">Non<\/td>\n        <td data-label=\"Qui la prescrit\" style=\"background:#ffffff;color:#22303e;font-weight:400;text-align:left;vertical-align:top;padding:13px 16px;font-size:15px;line-height:1.55;border:0;border-bottom:1px solid #e3e8ef;overflow-wrap:break-word\">M\u00e9decin traitant<\/td>\n      <\/tr>\n      <tr>\n        <td data-label=\"Valeur\" style=\"background:#f6f9fc;color:#003366;font-weight:700;text-align:left;vertical-align:top;padding:13px 16px;font-size:15px;line-height:1.55;border:0;border-bottom:1px solid #e3e8ef;overflow-wrap:break-word\">Zinc<\/td>\n        <td data-label=\"Pourquoi elle compte en cas de diab\u00e8te et de chute de cheveux\" style=\"background:#f6f9fc;color:#22303e;font-weight:400;text-align:left;vertical-align:top;padding:13px 16px;font-size:15px;line-height:1.55;border:0;border-bottom:1px solid #e3e8ef;overflow-wrap:break-word\">N\u00e9cessaire au cycle capillaire, plus souvent abaiss\u00e9 en cas de diab\u00e8te<\/td>\n        <td data-label=\"Rep\u00e8re\" style=\"background:#f6f9fc;color:#22303e;font-weight:400;text-align:left;vertical-align:top;padding:13px 16px;font-size:15px;line-height:1.55;border:0;border-bottom:1px solid #e3e8ef;overflow-wrap:break-word\">Valeurs de r\u00e9f\u00e9rence du laboratoire<\/td>\n        <td data-label=\"\u00c0 jeun ?\" style=\"background:#f6f9fc;color:#22303e;font-weight:400;text-align:left;vertical-align:top;padding:13px 16px;font-size:15px;line-height:1.55;border:0;border-bottom:1px solid #e3e8ef;overflow-wrap:break-word\">De pr\u00e9f\u00e9rence le matin, modalit\u00e9s \u00e0 pr\u00e9ciser avec le laboratoire<\/td>\n        <td data-label=\"Qui la prescrit\" style=\"background:#f6f9fc;color:#22303e;font-weight:400;text-align:left;vertical-align:top;padding:13px 16px;font-size:15px;line-height:1.55;border:0;border-bottom:1px solid #e3e8ef;overflow-wrap:break-word\">M\u00e9decin traitant<\/td>\n      <\/tr>\n      <tr>\n        <td data-label=\"Valeur\" style=\"background:#ffffff;color:#003366;font-weight:700;text-align:left;vertical-align:top;padding:13px 16px;font-size:15px;line-height:1.55;border:0;border-bottom:1px solid #e3e8ef;overflow-wrap:break-word\">Vitamine D<\/td>\n        <td data-label=\"Pourquoi elle compte en cas de diab\u00e8te et de chute de cheveux\" style=\"background:#ffffff;color:#22303e;font-weight:400;text-align:left;vertical-align:top;padding:13px 16px;font-size:15px;line-height:1.55;border:0;border-bottom:1px solid #e3e8ef;overflow-wrap:break-word\">Particuli\u00e8rement souvent abaiss\u00e9e dans le diab\u00e8te de type 2 (60,5 % dans une m\u00e9ta-analyse)<\/td>\n        <td data-label=\"Rep\u00e8re\" style=\"background:#ffffff;color:#22303e;font-weight:400;text-align:left;vertical-align:top;padding:13px 16px;font-size:15px;line-height:1.55;border:0;border-bottom:1px solid #e3e8ef;overflow-wrap:break-word\">Valeurs de r\u00e9f\u00e9rence du laboratoire<\/td>\n        <td data-label=\"\u00c0 jeun ?\" style=\"background:#ffffff;color:#22303e;font-weight:400;text-align:left;vertical-align:top;padding:13px 16px;font-size:15px;line-height:1.55;border:0;border-bottom:1px solid #e3e8ef;overflow-wrap:break-word\">Non<\/td>\n        <td data-label=\"Qui la prescrit\" style=\"background:#ffffff;color:#22303e;font-weight:400;text-align:left;vertical-align:top;padding:13px 16px;font-size:15px;line-height:1.55;border:0;border-bottom:1px solid #e3e8ef;overflow-wrap:break-word\">M\u00e9decin traitant<\/td>\n      <\/tr>\n      <tr>\n        <td data-label=\"Valeur\" style=\"background:#f6f9fc;color:#003366;font-weight:700;text-align:left;vertical-align:top;padding:13px 16px;font-size:15px;line-height:1.55;border:0;overflow-wrap:break-word\">Testost\u00e9rone, SHBG, DHEAS (femmes)<\/td>\n        <td data-label=\"Pourquoi elle compte en cas de diab\u00e8te et de chute de cheveux\" style=\"background:#f6f9fc;color:#22303e;font-weight:400;text-align:left;vertical-align:top;padding:13px 16px;font-size:15px;line-height:1.55;border:0;overflow-wrap:break-word\">Hyperandrog\u00e9nie en cas de suspicion de SOPK<\/td>\n        <td data-label=\"Rep\u00e8re\" style=\"background:#f6f9fc;color:#22303e;font-weight:400;text-align:left;vertical-align:top;padding:13px 16px;font-size:15px;line-height:1.55;border:0;overflow-wrap:break-word\">Valeurs de r\u00e9f\u00e9rence du laboratoire, variables selon le cycle<\/td>\n        <td data-label=\"\u00c0 jeun ?\" style=\"background:#f6f9fc;color:#22303e;font-weight:400;text-align:left;vertical-align:top;padding:13px 16px;font-size:15px;line-height:1.55;border:0;overflow-wrap:break-word\">Le matin, en tenant compte du jour du cycle<\/td>\n        <td data-label=\"Qui la prescrit\" style=\"background:#f6f9fc;color:#22303e;font-weight:400;text-align:left;vertical-align:top;padding:13px 16px;font-size:15px;line-height:1.55;border:0;overflow-wrap:break-word\">Gyn\u00e9cologue ou endocrinologue<\/td>\n      <\/tr>\n    <\/tbody>\n  <\/table>\n<\/div>\n\n\n\n<p class=\"wp-block-paragraph\">Trois conseils pratiques : emportez l&rsquo;\u00e9volution de votre HbA1c sur les 12 derniers mois, pas seulement la derni\u00e8re valeur. Ces dosages ne sont pas tous pris en charge d&rsquo;office, renseignez-vous au pr\u00e9alable. Et une compl\u00e9mentation n&rsquo;a de sens qu&rsquo;en cas de carence av\u00e9r\u00e9e, car la vitamine A et le s\u00e9l\u00e9nium en surdosage favorisent eux-m\u00eames la chute de cheveux.<\/p>\n\n\n<div class=\"wp-block-image\">\n<figure class=\"aligncenter size-large is-resized\" style=\"max-width:720px;margin-left:auto;margin-right:auto\"><img decoding=\"async\" src=\"https:\/\/elithair.com\/fr\/wp-content\/uploads\/sites\/9\/2026\/08\/arztgespraech_laborwerte.png\" alt=\"Une m\u00e9decin commente \u00e0 son bureau, avec un patient, des r\u00e9sultats d'analyses imprim\u00e9s\" class=\"wp-image-101795\" style=\"width:720px;max-width:100%;height:auto\"\/><\/figure>\n<\/div>\n\n\n<h3 class=\"wp-block-heading\">Alimentation : la mati\u00e8re premi\u00e8re de cheveux sains<\/h3>\n\n\n\n<p class=\"wp-block-paragraph\">Une alimentation \u00e9quilibr\u00e9e stabilise la glyc\u00e9mie et renforce les racines. Des aliments riches en nutriments comme les l\u00e9gumes \u00e0 feuilles vertes, les noix, les graines et les prot\u00e9ines maigres apportent du fer, du zinc, de la biotine et de la vitamine D, essentiels \u00e0 la pousse des cheveux.<\/p>\n\n\n\n<p class=\"wp-block-paragraph\">Les c\u00e9r\u00e9ales compl\u00e8tes riches en fibres aident \u00e0 maintenir une glyc\u00e9mie stable, tandis que le sucre et les produits tr\u00e8s transform\u00e9s sont \u00e0 \u00e9viter. En cas de carences, des compl\u00e9ments alimentaires peuvent aider, mais uniquement en accord avec un m\u00e9decin.<\/p>\n\n\n\n<p class=\"wp-block-paragraph\">Le d\u00e9ficit propre au diab\u00e8te est bien document\u00e9 : 45 % des personnes atteintes de diab\u00e8te de type 2 pr\u00e9sentent au moins une carence en micronutriments, en t\u00eate la vitamine D avec 60,5 %, suivie du magn\u00e9sium avec 42 % et du fer avec 28 % (m\u00e9ta-analyse de 132 \u00e9tudes, Mangal et al. 2024). Sans carence av\u00e9r\u00e9e, une suppl\u00e9mentation n&rsquo;apporte rien ; en surdosage, l&rsquo;effet s&rsquo;inverse m\u00eame pour la vitamine A et le s\u00e9l\u00e9nium.<\/p>\n\n\n\n<h3 class=\"wp-block-heading\">Soins capillaires : des m\u00e9thodes douces pour des cheveux fragilis\u00e9s<\/h3>\n\n\n\n<p class=\"wp-block-paragraph\">Les <a href=\"https:\/\/drbalwi-shop.fr\/\" target=\"_blank\" rel=\"noopener\">bons soins capillaires<\/a> comptent pour prot\u00e9ger les cheveux et \u00e9viter d&rsquo;autres pertes. Utilisez des produits doux, sans silicones, qui n&rsquo;irritent pas le cuir chevelu, et \u00e9vitez les traitements agressifs comme les colorations chimiques ou les permanentes.<\/p>\n\n\n\n<p class=\"wp-block-paragraph\">Les m\u00e9thodes de coiffage \u00e0 chaud, comme le lisseur ou le fer \u00e0 boucler, doivent \u00eatre r\u00e9duites ou \u00e9vit\u00e9es, car elles fragilisent encore le cheveu. \u00c0 la place, des massages r\u00e9guliers du cuir chevelu avec des huiles naturelles, comme l&rsquo;huile de ricin ou de coco, peuvent aider \u00e0 stimuler la circulation et \u00e0 renforcer les follicules.<\/p>\n\n\n\n<p class=\"wp-block-paragraph\">Une mise en perspective : il n&rsquo;existe pas de donn\u00e9es solides sur l&rsquo;efficacit\u00e9 de ces massages et de ces huiles sur la pousse des cheveux. Comme soin agr\u00e9able contre la s\u00e9cheresse, ils ne posent pas de probl\u00e8me ; il ne faut simplement pas les prendre pour un traitement.<\/p>\n\n\n\n<p class=\"wp-block-paragraph\">Concr\u00e8tement, en cas de diab\u00e8te : pas de douches chaudes, un nettoyage doux au pH adapt\u00e9, et un examen r\u00e9gulier du cuir chevelu \u00e0 la recherche de l\u00e9sions. En cas de neuropathie, les petites plaies ne sont pas ressenties, et lorsque la glyc\u00e9mie est \u00e9lev\u00e9e, elles cicatrisent plus lentement.<\/p>\n\n\n\n<h3 class=\"wp-block-heading\">Gestion du stress : du calme pour le corps et l&rsquo;esprit<\/h3>\n\n\n\n<p class=\"wp-block-paragraph\">Le stress favorise la chute de cheveux et d\u00e9grade le contr\u00f4le glyc\u00e9mique. Des techniques de relaxation comme le yoga, la m\u00e9ditation ou la relaxation musculaire aident \u00e0 faire baisser le niveau de stress et \u00e0 am\u00e9liorer le bien-\u00eatre.<\/p>\n\n\n\n<p class=\"wp-block-paragraph\">Une activit\u00e9 physique r\u00e9guli\u00e8re, qu&rsquo;il s&rsquo;agisse d&rsquo;une promenade ou d&rsquo;un sport mod\u00e9r\u00e9, a elle aussi un effet apaisant et stabilise la glyc\u00e9mie. Associer d\u00e9tente physique et mentale renforce non seulement les cheveux, mais aussi la sant\u00e9. Le facteur sous-estim\u00e9 est le sommeil : le manque de sommeil d\u00e9grade la sensibilit\u00e9 \u00e0 l&rsquo;insuline et augmente les valeurs \u00e0 jeun.<\/p>\n\n\n\n<h2 class=\"wp-block-heading\">Options th\u00e9rapeutiques m\u00e9dicales et esth\u00e9tiques<\/h2>\n\n\n\n<p class=\"wp-block-paragraph\">Il existe de nombreuses approches m\u00e9dicales et esth\u00e9tiques susceptibles d&rsquo;aider \u00e0 stopper la chute et \u00e0 favoriser la pousse. Selon la situation individuelle, ces options peuvent \u00eatre utilis\u00e9es de fa\u00e7on cibl\u00e9e pour obtenir des r\u00e9sultats visibles.<\/p>\n\n\n\n<p class=\"wp-block-paragraph\">Le traitement pertinent d\u00e9pend toutefois enti\u00e8rement du motif. Le minoxidil, le finast\u00e9ride et le PRP visent l&rsquo;alop\u00e9cie androg\u00e9n\u00e9tique. En cas de chute purement diffuse, d&rsquo;origine m\u00e9tabolique, ils agissent au mauvais endroit pendant que la cause persiste.<\/p>\n\n\n\n<h3 class=\"wp-block-heading\">Traitements topiques : des soins efficaces directement sur le cuir chevelu<\/h3>\n\n\n\n<p class=\"wp-block-paragraph\"><a href=\"\/fr\/greffe-de-cheveux-blog\/minoxidil-cheveux\/\">Le minoxidil<\/a> est une solution \u00e9prouv\u00e9e et, selon les recommandations europ\u00e9ennes S3, le seul traitement topique disposant d&rsquo;un niveau de preuve \u00e9lev\u00e9 dans l&rsquo;alop\u00e9cie androg\u00e9n\u00e9tique. Il agit notamment comme vasodilatateur, ce qui peut am\u00e9liorer l&rsquo;irrigation des follicules, prolonge la phase de croissance et peut donner des r\u00e9sultats visibles en cas d&rsquo;application r\u00e9guli\u00e8re.<\/p>\n\n\n\n<p class=\"wp-block-paragraph\">Comme il peut avoir des effets ind\u00e9sirables, les personnes diab\u00e9tiques devraient demander un avis m\u00e9dical avant de l&rsquo;utiliser. Les s\u00e9rums \u00e0 la caf\u00e9ine et \u00e0 la biotine sont eux aussi cens\u00e9s renforcer les racines et peuvent compl\u00e9ter les soins ; un b\u00e9n\u00e9fice de la biotine n&rsquo;est cependant d\u00e9montr\u00e9 qu&rsquo;en cas de carence av\u00e9r\u00e9e.<\/p>\n\n\n\n<p class=\"wp-block-paragraph\">Deux points sont importants pour les personnes diab\u00e9tiques. Premi\u00e8rement, l&rsquo;effet n&rsquo;est d\u00e9montr\u00e9 que dans l&rsquo;alop\u00e9cie androg\u00e9n\u00e9tique, pas dans l&rsquo;effluvium t\u00e9log\u00e8ne d&rsquo;origine m\u00e9tabolique. Deuxi\u00e8mement, le minoxidil oral, utilis\u00e9 hors AMM, entra\u00eene une r\u00e9tention de sodium et d&rsquo;eau et peut provoquer des \u0153d\u00e8mes, voire une d\u00e9compensation en cas d&rsquo;insuffisance cardiaque ou r\u00e9nale pr\u00e9existante (Mayo Clinic). C&rsquo;est donc un point \u00e0 \u00e9valuer m\u00e9dicalement, pas une autom\u00e9dication.<\/p>\n\n\n\n<h3 class=\"wp-block-heading\">Th\u00e9rapie PRP : le sang autologue pour des cheveux plus forts<\/h3>\n\n\n\n<p class=\"wp-block-paragraph\">La th\u00e9rapie PRP vise \u00e0 stimuler la pousse par des injections de sang autologue qui apportent des facteurs de croissance directement dans le cuir chevelu. Ceux-ci renforcent les follicules et stimulent la r\u00e9g\u00e9n\u00e9ration.<\/p>\n\n\n\n<p class=\"wp-block-paragraph\">Plusieurs revues syst\u00e9matiques montrent un niveau de preuve mod\u00e9r\u00e9 en faveur d&rsquo;une meilleure densit\u00e9 capillaire dans l&rsquo;alop\u00e9cie androg\u00e9n\u00e9tique, mais aucun effet significatif sur l&rsquo;\u00e9paisseur du cheveu. Les m\u00e9ta-analyses r\u00e9centes d\u00e9crivent une litt\u00e9rature h\u00e9t\u00e9rog\u00e8ne, de faible qualit\u00e9 et avec un biais de publication perceptible ; il manque un protocole consensuel sur la concentration, la dose, la profondeur d&rsquo;injection et le nombre de s\u00e9ances.<\/p>\n\n\n\n<p class=\"wp-block-paragraph\">Un avantage sp\u00e9cifique pour les personnes diab\u00e9tiques n&rsquo;est pas d\u00e9montr\u00e9, car il n&rsquo;existe pas d&rsquo;\u00e9tudes de PRP propres au diab\u00e8te. Reste pertinent en pratique le fait qu&rsquo;aucun m\u00e9dicament par voie g\u00e9n\u00e9rale n&rsquo;est n\u00e9cessaire. Un avis m\u00e9dical pr\u00e9alable est n\u00e9anmoins recommand\u00e9.<\/p>\n\n\n\n<h3 class=\"wp-block-heading\">Soutien m\u00e9dicamenteux par voie g\u00e9n\u00e9rale<\/h3>\n\n\n\n<p class=\"wp-block-paragraph\">Des m\u00e9dicaments comme le finast\u00e9ride peuvent ralentir la chute en inhibant la conversion de la testost\u00e9rone en <a href=\"https:\/\/fr.wikipedia.org\/wiki\/Androstanolone\" target=\"_blank\" rel=\"noopener\">DHT<\/a> . Ils ne conviennent toutefois pas \u00e0 tout le monde et ne devraient \u00eatre utilis\u00e9s en cas de diab\u00e8te qu&rsquo;apr\u00e8s avis m\u00e9dical. En cas d&rsquo;effluvium diffus sans part androg\u00e9n\u00e9tique, ils n&rsquo;apportent rien, et le finast\u00e9ride ne convient pas aux femmes en \u00e2ge de procr\u00e9er.<\/p>\n\n\n\n<p class=\"wp-block-paragraph\">Des m\u00e9dicaments dirig\u00e9s contre les inflammations ou les r\u00e9actions auto-immunes li\u00e9es au diab\u00e8te peuvent eux aussi am\u00e9liorer indirectement la sant\u00e9 capillaire.<\/p>\n\n\n\n<h3 class=\"wp-block-heading\">Ce qui compte d&rsquo;abord en cas de chute diffuse li\u00e9e au diab\u00e8te<\/h3>\n\n\n\n<p class=\"wp-block-paragraph\">L&rsquo;ordre des \u00e9tapes est d\u00e9cisif : d&rsquo;abord l&rsquo;\u00e9quilibre m\u00e9tabolique et la correction des carences, ensuite tout le reste. Sans glyc\u00e9mie stable, tout traitement topique lutte contre une cause qui persiste, et l&rsquo;effet reste donc modeste.<\/p>\n\n\n\n<p class=\"wp-block-paragraph\">Concr\u00e8tement : ramener l&rsquo;HbA1c dans la cible, contr\u00f4ler la ferritine, la B12, le zinc, la vitamine D et la TSH et combler les manques, ne pas perdre du poids trop vite, dormir et bouger. Ce n&rsquo;est que si un motif subsiste apr\u00e8s environ 6 mois que la question des m\u00e9dicaments ou d&rsquo;une greffe devient pertinente.<\/p>\n\n\n\n<h3 class=\"wp-block-heading\">Greffe de cheveux : une solution durable en cas de chute avanc\u00e9e<\/h3>\n\n\n\n<p class=\"wp-block-paragraph\">En cas d&rsquo;alop\u00e9cie androg\u00e9n\u00e9tique avanc\u00e9e, la <a href=\"\/fr\/traitement\/greffe-de-cheveux\/\">greffe de cheveux<\/a> est la seule option pour restaurer durablement la densit\u00e9 perdue ; savoir si elle est envisageable d\u00e9pend de chaque cas (plus de d\u00e9tails dans la section suivante). Des techniques modernes comme la <a href=\"\/fr\/technique\/greffe-de-cheveux-dhi\/\">m\u00e9thode DHI<\/a> permettent des r\u00e9sultats particuli\u00e8rement naturels, en implantant pr\u00e9cis\u00e9ment vos propres follicules dans les zones d\u00e9garnies. Chez Elithair, la DHI est le standard, et elle est incluse dans le prix.<\/p>\n\n\n\n<p class=\"wp-block-paragraph\">Une greffe est \u00e9galement possible pour les personnes diab\u00e9tiques, avec la bonne pr\u00e9paration. Un \u00e9quilibre glyc\u00e9mique stable r\u00e9duit les risques et favorise une cicatrisation optimale. Une consultation approfondie avec des m\u00e9decins sp\u00e9cialistes exp\u00e9riment\u00e9s permet de s&rsquo;assurer que toutes les conditions d&rsquo;un bon r\u00e9sultat sont r\u00e9unies. Avec un accompagnement adapt\u00e9, cette \u00e9tape peut apporter une nouvelle confiance en soi et des cheveux plus fournis.<\/p>\n\n\n\n<h2 class=\"wp-block-heading\">Une greffe de cheveux est-elle possible en cas de diab\u00e8te ?<\/h2>\n\n\n\n<p class=\"wp-block-paragraph\">Une greffe de cheveux est en principe possible lorsque le diab\u00e8te est bien \u00e9quilibr\u00e9. Elle n&rsquo;a toutefois de sens qu&rsquo;en pr\u00e9sence d&rsquo;un motif androg\u00e9n\u00e9tique. Une chute diffuse d&rsquo;origine m\u00e9tabolique n&rsquo;est pas une indication, car les greffons sont alors implant\u00e9s dans un environnement perturb\u00e9 et la zone donneuse peut elle-m\u00eame \u00eatre touch\u00e9e.<\/p>\n\n\n\n<div style=\"border:1px solid #dbe4f0;border-radius:12px;padding:18px 20px;margin:26px 0;background:#ffffff\">\n<p style=\"margin:0 0 6px;color:#013366;font-weight:700;font-size:17px\">Suis-je \u00e9ligible \u00e0 une greffe de cheveux ?<\/p>\n<p style=\"margin:0 0 14px;color:#2e3033;font-size:15px;line-height:1.6\">La question de d\u00e9part est toujours la m\u00eame : comment les cheveux tombent-ils ?<\/p>\n<div style=\"display:flex;flex-wrap:wrap;gap:12px\">\n<div style=\"flex:1 1 260px;border:1px solid #dbe4f0;border-radius:10px;padding:14px 16px;background:#f6f9fc\">\n<p style=\"margin:0 0 6px;color:#013366;font-weight:700;font-size:15px\">Uniform\u00e9ment sur toute la t\u00eate<\/p>\n<p style=\"margin:0 0 8px;color:#2e3033;font-size:15px;line-height:1.6\">Les cheveux s&rsquo;affinent partout, y compris \u00e0 l&rsquo;arri\u00e8re du cr\u00e2ne. Typique de la chute diffuse d&rsquo;origine m\u00e9tabolique.<\/p>\n<p style=\"margin:0;color:#013366;font-size:15px;line-height:1.6\"><strong>Pas de greffe.<\/strong> La zone donneuse est concern\u00e9e elle aussi. Il faut d&rsquo;abord clarifier l&rsquo;HbA1c et le statut nutritionnel, stabiliser pendant 3 \u00e0 6 mois, puis r\u00e9\u00e9valuer.<\/p>\n<\/div>\n<div style=\"flex:1 1 260px;border:1px solid #0079F1;border-radius:10px;padding:14px 16px;background:#ffffff\">\n<p style=\"margin:0 0 6px;color:#013366;font-weight:700;font-size:15px\">Golfes temporaux, ligne frontale ou vertex<\/p>\n<p style=\"margin:0 0 8px;color:#2e3033;font-size:15px;line-height:1.6\">La couronne \u00e0 l&rsquo;arri\u00e8re du cr\u00e2ne reste dense, le recul suit un motif. Signe d&rsquo;une part androg\u00e9n\u00e9tique.<\/p>\n<p style=\"margin:0;color:#013366;font-size:15px;line-height:1.6\"><strong>Analyse capillaire utile.<\/strong> Elle clarifie le motif et la zone donneuse. En parall\u00e8le, l&rsquo;\u00e9volution de l&rsquo;HbA1c doit \u00eatre prise en compte ; la d\u00e9cision d&rsquo;intervenir revient au bilan m\u00e9dical pr\u00e9alable.<\/p>\n<\/div>\n<\/div>\n<p style=\"margin:14px 0 0;color:#2e3033;font-size:15px;line-height:1.6\"><strong style=\"color:#013366\">Les deux \u00e0 la fois ?<\/strong> C&rsquo;est le cas le plus fr\u00e9quent. On commence alors par apaiser la part diffuse via le m\u00e9tabolisme, et ce n&rsquo;est qu&rsquo;ensuite que l&rsquo;on \u00e9value le motif qui subsiste.<\/p>\n<p style=\"margin:10px 0 0;color:#6b7280;font-size:13px;font-style:italic\">Une orientation, pas un diagnostic. L&rsquo;\u00e9ligibilit\u00e9 est toujours d\u00e9termin\u00e9e par l&rsquo;examen m\u00e9dical pr\u00e9alable, au cas par cas.<\/p>\n<\/div>\n\n\n\n<p class=\"wp-block-paragraph\">Ce qui est v\u00e9rifi\u00e9 m\u00e9dicalement avant toute d\u00e9cision : l&rsquo;HbA1c et son \u00e9volution, la tension art\u00e9rielle, la fonction r\u00e9nale, les ant\u00e9c\u00e9dents de cicatrisation, les signes de neuropathie, l&rsquo;ensemble des traitements en cours et la gestion de la glyc\u00e9mie le jour de l&rsquo;intervention. Si n\u00e9cessaire, cela est coordonn\u00e9 avec le diab\u00e9tologue traitant. Il s&rsquo;agit d&rsquo;une d\u00e9cision au cas par cas, et surtout pas d&rsquo;un feu vert accord\u00e9 globalement sur la base du diagnostic.<\/p>\n\n\n<div class=\"wp-block-image\">\n<figure class=\"aligncenter size-large is-resized\" style=\"max-width:720px;margin-left:auto;margin-right:auto\"><img decoding=\"async\" src=\"https:\/\/elithair.com\/fr\/wp-content\/uploads\/sites\/9\/2026\/08\/beratung_haaranalyse.png\" alt=\"Un professionnel examine au dermatoscope le cuir chevelu d'un patient lors de l'analyse capillaire\" class=\"wp-image-101796\" style=\"width:720px;max-width:100%;height:auto\"\/><\/figure>\n<\/div>\n\n\n<p class=\"wp-block-paragraph\">Sur la cicatrisation, il existe des chiffres solides, issus toutefois de la chirurgie g\u00e9n\u00e9rale : une m\u00e9ta-analyse de 29 \u00e9tudes randomis\u00e9es portant sur 14 126 patients a retrouv\u00e9, sous contr\u00f4le glyc\u00e9mique p\u00e9riop\u00e9ratoire strict, significativement moins d&rsquo;infections de plaie que sous une gestion plus souple (risk ratio 0,63 ; intervalle de confiance \u00e0 95 % de 0,50 \u00e0 0,80 ; p = 0,0002 ; Lai et al. 2022), avec un effet particuli\u00e8rement net chez les personnes diab\u00e9tiques.<\/p>\n\n\n\n<p class=\"wp-block-paragraph\">Ce qui n&rsquo;en d\u00e9coule pas : que les greffons prennent moins bien chez les personnes diab\u00e9tiques. Il n&rsquo;existe pas d&rsquo;\u00e9tudes sur les taux de repousse des greffons sp\u00e9cifiquement dans le diab\u00e8te. Si l&rsquo;on vous cite un pourcentage \u00e0 ce sujet, il ne vient pas de la litt\u00e9rature. Seul est d\u00e9montr\u00e9 le lien chirurgical g\u00e9n\u00e9ral entre hyperglyc\u00e9mie, cicatrisation retard\u00e9e et risque infectieux.<\/p>\n\n\n\n<p class=\"wp-block-paragraph\">Une affirmation r\u00e9pandue sur Internet m\u00e9rite d&rsquo;\u00eatre corrig\u00e9e : le diab\u00e8te n&rsquo;augmente pas le risque h\u00e9morragique. En recherche sur l&rsquo;h\u00e9mostase, le diab\u00e8te est consid\u00e9r\u00e9 comme un \u00e9tat prothrombotique, donc favorisant la coagulation, avec des taux de fibrinog\u00e8ne et de facteurs de la coagulation augment\u00e9s. La v\u00e9ritable pr\u00e9occupation op\u00e9ratoire en cas de mauvais \u00e9quilibre est la cicatrisation retard\u00e9e et le risque d&rsquo;infection.<\/p>\n\n\n\n<p class=\"wp-block-paragraph\">La pr\u00e9cision vaut aussi pour le type de diab\u00e8te : il n&rsquo;existe ni recommandation ni \u00e9tude justifiant un refus syst\u00e9matique en cas de type 1. Ce qui compte, c&rsquo;est l&rsquo;\u00e9quilibre glyc\u00e9mique, pas le type. Dans le type 1 s&rsquo;ajoute en pratique le fait qu&rsquo;une intervention longue n\u00e9cessite un plan de gestion de la glyc\u00e9mie, donc des mesures, des pauses et, le cas \u00e9ch\u00e9ant, une adaptation de l&rsquo;insuline par le diab\u00e9tologue.<\/p>\n\n\n\n<p class=\"wp-block-paragraph\">Notre fa\u00e7on de proc\u00e9der fait partie de la r\u00e9ponse. Nous refusons environ 40 % des demandes, et lorsque le m\u00e9tabolisme n&rsquo;est pas stable, nous traitons d&rsquo;abord et nous ne greffons pas. La prise de sang pr\u00e9alable, \u00e0 la recherche des causes, v\u00e9rifie si une greffe est bien le traitement appropri\u00e9. Chaque \u00e9tape est valid\u00e9e par un m\u00e9decin, et le dessin de la ligne frontale est r\u00e9alis\u00e9 \u00e0 100 % par le m\u00e9decin.<\/p>\n\n\n\n<p class=\"wp-block-paragraph\">Un mot r\u00e9aliste sur les d\u00e9lais : un r\u00e9sultat visible demande 6 \u00e0 9 mois, le r\u00e9sultat d\u00e9finitif jusqu&rsquo;\u00e0 12 mois. Elithair offre une garantie de 20 ans sur les cheveux implant\u00e9s. Concernant la technique de pr\u00e9l\u00e8vement <a href=\"\/fr\/technique\/greffe-de-cheveux-fue\/\">FUE<\/a> et son association avec la DHI, les d\u00e9tails figurent sur les pages consacr\u00e9es aux techniques.<\/p>\n\n\n\n<div style=\"border-left:4px solid #0079F1;padding:0 0 0 14px;margin:26px 0\">\n<p style=\"margin:0 0 8px;color:#013366;font-weight:700;font-size:16px\">Ce qu&rsquo;il faut apporter \u00e0 la consultation<\/p>\n<ul style=\"margin:0 0 12px;padding:0;color:#2e3033;list-style:none\">\n<li style=\"position:relative;padding:3px 0 3px 24px\"><span style=\"position:absolute;left:0;top:3px;color:#0079F1;font-weight:700\">&#10003;<\/span>Votre HbA1c actuelle avec son \u00e9volution sur les 12 derniers mois<\/li>\n<li style=\"position:relative;padding:3px 0 3px 24px\"><span style=\"position:absolute;left:0;top:3px;color:#0079F1;font-weight:700\">&#10003;<\/span>La liste compl\u00e8te de vos traitements, y compris l&rsquo;insuline et les anticoagulants<\/li>\n<li style=\"position:relative;padding:3px 0 3px 24px\"><span style=\"position:absolute;left:0;top:3px;color:#0079F1;font-weight:700\">&#10003;<\/span>Un retour de votre diab\u00e9tologue sur votre aptitude \u00e0 l&rsquo;intervention<\/li>\n<\/ul>\n<p style=\"margin:0;color:#2e3033;font-size:15px\">Sans ces trois \u00e9l\u00e9ments, on n&rsquo;en est pas encore \u00e0 l&rsquo;\u00e9tape o\u00f9 une greffe est la bonne question. C&rsquo;est alors l&rsquo;\u00e9quilibre m\u00e9tabolique qui vient en premier.<\/p>\n<\/div>\n\n\n\n<h2 class=\"wp-block-heading\">Analyse d&rsquo;Elithair sur la greffe de cheveux chez les personnes diab\u00e9tiques<\/h2>\n\n\n\n<figure class=\"wp-block-image size-full\"><img decoding=\"async\" src=\"https:\/\/elithair.com\/fr\/wp-content\/uploads\/sites\/9\/2026\/08\/bestand_97299.png\" alt=\"Le Dr Balwi d'Elithair r\u00e9alise des tests dans son laboratoire\" class=\"wp-image-101799\"\/><\/figure>\n\n\n\n<p class=\"wp-block-paragraph\">Au-del\u00e0 de la litt\u00e9rature publi\u00e9e, ce que l&rsquo;on observe au quotidien compte aussi. Nous avons rassembl\u00e9 nos exp\u00e9riences avec des patients atteints de diab\u00e8te de type 1 et de type 2 et en avons tir\u00e9 les points qui font r\u00e9ellement la diff\u00e9rence dans le d\u00e9roulement de l&rsquo;intervention. Il s&rsquo;agit d&rsquo;une exp\u00e9rience clinique issue de notre propre pratique, pas d&rsquo;une \u00e9tude contr\u00f4l\u00e9e, et c&rsquo;est exactement ainsi que nous la pr\u00e9sentons.<\/p>\n\n\n\n<h3 class=\"wp-block-heading\">Contexte et objectif de l&rsquo;analyse<\/h3>\n\n\n\n<p class=\"wp-block-paragraph\">Notre analyse d&rsquo;Elithair porte sur la question de savoir comment r\u00e9aliser des greffes de cheveux de fa\u00e7on s\u00fbre et efficace chez les personnes diab\u00e9tiques. L&rsquo;objectif \u00e9tait d&rsquo;identifier les besoins particuliers de ce groupe de patients et d&rsquo;en tirer des recommandations praticables pour le bilan pr\u00e9op\u00e9ratoire et le suivi.<\/p>\n\n\n\n<p class=\"wp-block-paragraph\">Le diab\u00e8te pose des d\u00e9fis particuliers, comme des troubles circulatoires et un risque accru de probl\u00e8mes de cicatrisation, dont il faut tenir compte lors d&rsquo;une intervention chirurgicale.<\/p>\n\n\n\n<h3 class=\"wp-block-heading\">M\u00e9thode : comment l&rsquo;analyse a-t-elle \u00e9t\u00e9 men\u00e9e ?<\/h3>\n\n\n\n<p class=\"wp-block-paragraph\">L&rsquo;analyse a port\u00e9 sur un groupe h\u00e9t\u00e9rog\u00e8ne de patientes et de patients atteints de diab\u00e8te de type 1 et de type 2. Avant la greffe, un interrogatoire m\u00e9dical complet a \u00e9t\u00e9 r\u00e9alis\u00e9, centr\u00e9 sur le contr\u00f4le glyc\u00e9mique (HbA1c), les comorbidit\u00e9s et l&rsquo;\u00e9tat g\u00e9n\u00e9ral.<\/p>\n\n\n\n<p class=\"wp-block-paragraph\">Dans le cadre de cette analyse, seules des m\u00e9thodes modernes ont \u00e9t\u00e9 utilis\u00e9es, comme la <a href=\"\/fr\/technique\/greffe-de-cheveux-fue\/\">technique FUE (Follicular Unit Extraction)<\/a> qui est peu invasive et permet une cicatrisation plus rapide, associ\u00e9e \u00e0 l&rsquo;implantation DHI. Les participantes et participants ont \u00e9t\u00e9 suivis pendant plusieurs mois afin de documenter l&rsquo;\u00e9volution de la cicatrisation, les complications \u00e9ventuelles et la satisfaction vis-\u00e0-vis des r\u00e9sultats.<\/p>\n\n\n\n<h3 class=\"wp-block-heading\">Observations importantes de l&rsquo;analyse<\/h3>\n\n\n\n<ol class=\"wp-block-list\">\n<li><strong>L&rsquo;importance de l&rsquo;HbA1c.<\/strong> Une glyc\u00e9mie stable (HbA1c) a \u00e9t\u00e9 le facteur le plus important pour la r\u00e9ussite de la greffe. Les patients ayant une valeur inf\u00e9rieure \u00e0 7 % ont pr\u00e9sent\u00e9 une cicatrisation nettement meilleure et un risque de complications plus faible. Ce seuil rejoint les donn\u00e9es chirurgicales g\u00e9n\u00e9rales sur le contr\u00f4le glyc\u00e9mique p\u00e9riop\u00e9ratoire (Lai et al. 2022).<\/li>\n<li><strong>Les techniques modernes permettent de meilleurs r\u00e9sultats.<\/strong> La technique FUE s&rsquo;est r\u00e9v\u00e9l\u00e9e particuli\u00e8rement avantageuse chez les personnes diab\u00e9tiques. Elle permet des r\u00e9sultats pr\u00e9cis dans la zone donneuse, une perte de sang minimale et une r\u00e9cup\u00e9ration plus rapide.<\/li>\n<li><strong>\u00c9valuation du risque et pr\u00e9paration pr\u00e9op\u00e9ratoire.<\/strong> L&rsquo;analyse souligne l&rsquo;importance d&rsquo;une \u00e9valuation individuelle du risque avant la greffe. Cela comprend des examens m\u00e9dicaux complets et une concertation soigneuse avec l&rsquo;endocrinologue.<\/li>\n<li><strong>B\u00e9n\u00e9fices psychologiques.<\/strong> Au-del\u00e0 de l&rsquo;am\u00e9lioration esth\u00e9tique, de nombreux patients et patientes ont rapport\u00e9 un gain de confiance en soi et une meilleure qualit\u00e9 de vie apr\u00e8s la greffe. Il s&rsquo;agit d&rsquo;un retour subjectif, pas d&rsquo;une valeur mesur\u00e9e.<\/li>\n<\/ol>\n\n\n\n<h3 class=\"wp-block-heading\">R\u00e9sultat : une greffe de cheveux en cas de diab\u00e8te, s\u00fbre avec la bonne pr\u00e9paration<\/h3>\n\n\n\n<p class=\"wp-block-paragraph\">Cette analyse montre que des greffes de cheveux peuvent \u00eatre r\u00e9alis\u00e9es de fa\u00e7on s\u00fbre et efficace chez les personnes diab\u00e9tiques, \u00e0 condition de tenir compte de leurs besoins particuliers. L&rsquo;essentiel est un \u00e9quilibre glyc\u00e9mique stable et un contr\u00f4le attentif de la cicatrisation apr\u00e8s l&rsquo;intervention.<\/p>\n\n\n\n<p class=\"wp-block-paragraph\">Ce qui n&rsquo;est pas d\u00e9terminant, en revanche, c&rsquo;est la tendance au saignement. Cette crainte, r\u00e9pandue dans des textes plus anciens, n&rsquo;est pas fond\u00e9e : le diab\u00e8te favorise plut\u00f4t la coagulation. L&rsquo;attention doit aller \u00e0 la cicatrisation et au risque infectieux, et les deux d\u00e9pendent de la glyc\u00e9mie.<\/p>\n\n\n\n<p class=\"wp-block-paragraph\">Pour soutenir la cicatrisation, la th\u00e9rapie PRP est utilis\u00e9e, car elle est cens\u00e9e favoriser la r\u00e9g\u00e9n\u00e9ration et am\u00e9liorer la circulation ; le niveau de preuve est, comme d\u00e9crit plus haut, mod\u00e9r\u00e9 et n&rsquo;a pas \u00e9t\u00e9 \u00e9tudi\u00e9 sp\u00e9cifiquement dans le diab\u00e8te. Un contr\u00f4le rapproch\u00e9 des param\u00e8tres vitaux et un suivi cibl\u00e9 sont essentiels pour rep\u00e9rer et traiter pr\u00e9cocement d&rsquo;\u00e9ventuelles complications.<\/p>\n\n\n\n<p class=\"wp-block-paragraph\">L&rsquo;analyse souligne l&rsquo;importance d&rsquo;un plan de traitement personnalis\u00e9, tenant compte de l&rsquo;anciennet\u00e9 du diab\u00e8te, des valeurs glyc\u00e9miques et de l&rsquo;\u00e9tat de sant\u00e9 g\u00e9n\u00e9ral. Cette approche permet de r\u00e9duire les risques et d&rsquo;am\u00e9liorer les chances de r\u00e9ussite d&rsquo;une greffe de cheveux chez les personnes diab\u00e9tiques.<\/p>\n\n\n\n<div style=\"background:#f6f9fc;border:1px solid #dbe4f0;border-radius:12px;padding:18px 20px;margin:26px 0\">\n<p style=\"margin:0 0 8px;color:#013366;font-weight:700;font-size:16px\">Notre lecture clinique issue de l&rsquo;analyse capillaire<\/p>\n<p style=\"margin:0 0 10px;color:#2e3033;font-size:15px;line-height:1.6\">En cas de diab\u00e8te, nous regardons d&rsquo;abord deux choses lors de l&rsquo;analyse capillaire : le motif de la chute et l&rsquo;\u00e9volution de l&rsquo;HbA1c. Si la rar\u00e9faction est uniforme sur tout le cr\u00e2ne et que le m\u00e9tabolisme n&rsquo;est pas stable, l&rsquo;\u00e9tape suivante n&rsquo;est pas la greffe, mais l&rsquo;\u00e9quilibre du m\u00e9tabolisme. Si un motif androg\u00e9n\u00e9tique net s&rsquo;y ajoute, les deux sont planifi\u00e9s s\u00e9par\u00e9ment.<\/p>\n<p style=\"margin:0;color:#6b7280;font-size:13px;font-style:italic\">Observation clinique issue de notre pratique de consultation, pas un r\u00e9sultat d&rsquo;\u00e9tude.<\/p>\n<\/div>\n\n\n\n<h2 class=\"wp-block-heading\">Questions fr\u00e9quentes sur le diab\u00e8te et la chute de cheveux<\/h2>\n\n\n\n<div>\n<div style=\"border:1px solid #e3e8ef;border-radius:10px;padding:16px;margin-bottom:12px\">\n<p style=\"margin:0 0 8px;color:#013366;font-weight:600;font-size:17px;line-height:1.4\">Les cheveux repoussent-ils en cas de diab\u00e8te, et combien de temps cela prend-il ?<\/p>\n<p style=\"margin:0;color:#2e3033;line-height:1.65\">En cas de chute diffuse d&rsquo;origine m\u00e9tabolique, en r\u00e8gle g\u00e9n\u00e9rale oui : un effluvium t\u00e9log\u00e8ne aigu r\u00e9gresse spontan\u00e9ment dans environ 95 % des cas d\u00e8s que le d\u00e9clencheur est supprim\u00e9 (StatPearls). La chute diminue apr\u00e8s 1 \u00e0 2 mois, les premiers cheveux repoussent apr\u00e8s 5 \u00e0 6 mois, et la densit\u00e9 s&rsquo;am\u00e9liore visiblement apr\u00e8s 9 \u00e0 12 mois. Une part androg\u00e9n\u00e9tique ne repousse pas avec le reste.<\/p>\n<\/div>\n<div style=\"border:1px solid #e3e8ef;border-radius:10px;padding:16px;margin-bottom:12px\">\n<p style=\"margin:0 0 8px;color:#013366;font-weight:600;font-size:17px;line-height:1.4\">La metformine provoque-t-elle une chute de cheveux ?<\/p>\n<p style=\"margin:0;color:#2e3033;line-height:1.65\">Non, aucun lien direct n&rsquo;est d\u00e9montr\u00e9 et la chute de cheveux n&rsquo;est pas list\u00e9e comme effet ind\u00e9sirable dans les r\u00e9sum\u00e9s des caract\u00e9ristiques du produit. Ce qui est d\u00e9montr\u00e9, c&rsquo;est une voie indirecte : en cas de prise prolong\u00e9e, la metformine diminue l&rsquo;absorption de la vitamine B12 ; selon la MHRA (2022), un taux bas de B12 concerne jusqu&rsquo;\u00e0 1 personne sur 10 en cas de prise \u00e0 forte dose ou prolong\u00e9e. Une carence en B12 peut favoriser la chute de cheveux. Il faut donc faire contr\u00f4ler la B12 et ne pas arr\u00eater la metformine de sa propre initiative.<\/p>\n<\/div>\n<div style=\"border:1px solid #e3e8ef;border-radius:10px;padding:16px;margin-bottom:12px\">\n<p style=\"margin:0 0 8px;color:#013366;font-weight:600;font-size:17px;line-height:1.4\">Qu&rsquo;est-ce que l&rsquo;indice HOMA et \u00e0 partir de quand est-il anormal ?<\/p>\n<p style=\"margin:0;color:#2e3033;line-height:1.65\">L&rsquo;indice HOMA (HOMA-IR) estime l&rsquo;insulinor\u00e9sistance \u00e0 partir de l&rsquo;insuline et de la glyc\u00e9mie \u00e0 jeun ; la formule est insuline multipli\u00e9e par glyc\u00e9mie, divis\u00e9e par 405. Une valeur de 0,7 \u00e0 2,0 est souvent consid\u00e9r\u00e9e comme normale. Pour le seuil, la litt\u00e9rature n&rsquo;est pas unanime : 1,9, 2,5 ou 2,7 sont utilis\u00e9s en parall\u00e8le, et aucune soci\u00e9t\u00e9 savante n&rsquo;a ratifi\u00e9 de valeur seuil. C&rsquo;est un test m\u00e9tabolique, pas un test de chute de cheveux.<\/p>\n<\/div>\n<div style=\"border:1px solid #e3e8ef;border-radius:10px;padding:16px;margin-bottom:12px\">\n<p style=\"margin:0 0 8px;color:#013366;font-weight:600;font-size:17px;line-height:1.4\">Quelle valeur d&rsquo;HbA1c compte pour les cheveux ?<\/p>\n<p style=\"margin:0;color:#2e3033;line-height:1.65\">Il n&rsquo;existe pas de seuil propre aux cheveux dans la litt\u00e9rature. La cible g\u00e9n\u00e9rale sert de rep\u00e8re : les recommandations pr\u00e9conisent, dans le diab\u00e8te de type 2, des objectifs individualis\u00e9s d&rsquo;environ 6,5 \u00e0 7,5 %, et l&rsquo;ADA retient dans ses Standards of Care 2026 une valeur inf\u00e9rieure \u00e0 7 % pour la plupart des adultes. Avant une intervention chirurgicale, une valeur inf\u00e9rieure \u00e0 7 % est vis\u00e9e, parce que la cicatrisation en b\u00e9n\u00e9ficie.<\/p>\n<\/div>\n<div style=\"border:1px solid #e3e8ef;border-radius:10px;padding:16px;margin-bottom:12px\">\n<p style=\"margin:0 0 8px;color:#013366;font-weight:600;font-size:17px;line-height:1.4\">Une insulinor\u00e9sistance sans diab\u00e8te peut-elle favoriser la chute de cheveux ?<\/p>\n<p style=\"margin:0;color:#2e3033;line-height:1.65\">Les \u00e9tudes montrent cette association avant m\u00eame un diab\u00e8te av\u00e9r\u00e9, donc au stade du pr\u00e9diab\u00e8te. Dans une \u00e9tude cas-t\u00e9moins portant sur 200 hommes de 18 \u00e0 35 ans, une insulinor\u00e9sistance \u00e9tait pr\u00e9sente chez 18 % des hommes \u00e0 chute pr\u00e9coce contre 4 % des t\u00e9moins (Erden et al. 2025). Il s&rsquo;agit d&rsquo;une surrepr\u00e9sentation statistique, pas d&rsquo;une preuve de causalit\u00e9. L&rsquo;insulinor\u00e9sistance survient aussi chez des personnes de poids normal.<\/p>\n<\/div>\n<div style=\"border:1px solid #e3e8ef;border-radius:10px;padding:16px;margin-bottom:12px\">\n<p style=\"margin:0 0 8px;color:#013366;font-weight:600;font-size:17px;line-height:1.4\">Pourquoi le cuir chevelu d\u00e9mange-t-il en cas de diab\u00e8te ?<\/p>\n<p style=\"margin:0;color:#2e3033;line-height:1.65\">Selon les \u00e9tudes, un prurit chronique concerne 18,4 \u00e0 30,9 % des personnes atteintes de diab\u00e8te de type 2. La cause la plus fr\u00e9quente est la peau s\u00e8che (x\u00e9rose, 64 % des personnes concern\u00e9es dans une cohorte de 249 patients), suivie des infections fongiques (16 %). S&rsquo;y ajoutent de faux signaux nerveux en cas de neuropathie des petites fibres. Les d\u00e9mangeaisons elles-m\u00eames ne provoquent pas de chute de cheveux, mais un grattage permanent peut l&rsquo;aggraver.<\/p>\n<\/div>\n<\/div>\n\n\n\n<figure class=\"wp-block-image size-full\"><img decoding=\"async\" src=\"https:\/\/elithair.com\/fr\/wp-content\/uploads\/sites\/9\/2026\/08\/bestand_97300.png\" alt=\"Un m\u00e9decin, un stylo \u00e0 insuline \u00e0 la main, conseille un patient diab\u00e9tique\" class=\"wp-image-101800\"\/><\/figure>\n\n\n\n<div>\n<div style=\"border:1px solid #e3e8ef;border-radius:10px;padding:16px;margin-bottom:12px\">\n<p style=\"margin:0 0 8px;color:#013366;font-weight:600;font-size:17px;line-height:1.4\">Quel m\u00e9decin consulter en cas de chute de cheveux et de diab\u00e8te ?<\/p>\n<p style=\"margin:0;color:#2e3033;line-height:1.65\">La premi\u00e8re adresse est le m\u00e9decin traitant ou le diab\u00e9tologue : c&rsquo;est l\u00e0 que sont clarifi\u00e9s l&rsquo;HbA1c, le statut nutritionnel et les comorbidit\u00e9s. En cas de plaques glabres rondes, de cuir chevelu inflammatoire ou infect\u00e9, la dermatologie s&rsquo;y ajoute. Les femmes chez qui un SOPK est suspect\u00e9 rel\u00e8vent de la gyn\u00e9cologie ou de l&rsquo;endocrinologie. Une analyse capillaire en clinique sp\u00e9cialis\u00e9e clarifie le motif de la chute, mais ne remplace aucun de ces bilans.<\/p>\n<\/div>\n<div style=\"border:1px solid #e3e8ef;border-radius:10px;padding:16px;margin-bottom:12px\">\n<p style=\"margin:0 0 8px;color:#013366;font-weight:600;font-size:17px;line-height:1.4\">Quelles pr\u00e9cautions particuli\u00e8res les personnes diab\u00e9tiques doivent-elles prendre avant, pendant et apr\u00e8s une greffe de cheveux ?<\/p>\n<p style=\"margin:0;color:#2e3033;line-height:1.65\">Avant une greffe, les personnes diab\u00e9tiques devraient s&rsquo;assurer que leur glyc\u00e9mie est stable et bien contr\u00f4l\u00e9e. Une collaboration \u00e9troite avec le m\u00e9decin traitant est essentielle pour r\u00e9duire les risques comme les infections ou une cicatrisation retard\u00e9e. Pendant l&rsquo;intervention, une surveillance continue de la glyc\u00e9mie est importante, avec des pauses et des mesures lors des s\u00e9ances longues. Apr\u00e8s l&rsquo;op\u00e9ration, les consignes de soins postop\u00e9ratoires doivent \u00eatre suivies strictement et les contr\u00f4les de suivi honor\u00e9s, afin de soutenir au mieux la cicatrisation.<\/p>\n<\/div>\n<div style=\"border:1px solid #e3e8ef;border-radius:10px;padding:16px;margin-bottom:12px\">\n<p style=\"margin:0 0 8px;color:#013366;font-weight:600;font-size:17px;line-height:1.4\">Existe-t-il des diff\u00e9rences d&rsquo;\u00e9ligibilit\u00e9 \u00e0 une greffe de cheveux entre les personnes diab\u00e9tiques de type 1 et de type 2 ?<\/p>\n<p style=\"margin:0;color:#2e3033;line-height:1.65\">Ce n&rsquo;est pas le type qui d\u00e9cide, mais l&rsquo;\u00e9quilibre. Il n&rsquo;existe ni recommandation ni \u00e9tude justifiant un refus syst\u00e9matique en cas de diab\u00e8te de type 1. En pratique, une intervention longue n\u00e9cessite dans le type 1 un plan de gestion de la glyc\u00e9mie, avec mesures, pauses et, le cas \u00e9ch\u00e9ant, adaptation de l&rsquo;insuline par le diab\u00e9tologue. Dans le type 2, les comorbidit\u00e9s comme une atteinte r\u00e9nale ou une insuffisance cardiaque comptent en plus. Une \u00e9valuation m\u00e9dicale individuelle est indispensable dans les deux cas pour d\u00e9terminer l&rsquo;\u00e9ligibilit\u00e9 au cas par cas.<\/p>\n<\/div>\n<div style=\"border:1px solid #e3e8ef;border-radius:10px;padding:16px;margin-bottom:12px\">\n<p style=\"margin:0 0 8px;color:#013366;font-weight:600;font-size:17px;line-height:1.4\">Quelles alternatives non chirurgicales existent pour les personnes diab\u00e9tiques souffrant de chute de cheveux ?<\/p>\n<p style=\"margin:0;color:#2e3033;line-height:1.65\">En premier lieu vient le travail sur la cause : ramener la glyc\u00e9mie dans la cible et corriger les carences av\u00e9r\u00e9es en ferritine, B12, zinc ou vitamine D. Les personnes diab\u00e9tiques qui ne souhaitent pas d&rsquo;intervention chirurgicale ou qui n&rsquo;y sont pas \u00e9ligibles peuvent en outre envisager les options suivantes : des solutions topiques comme le minoxidil peuvent favoriser la pousse, mais cela n&rsquo;est d\u00e9montr\u00e9 que dans l&rsquo;alop\u00e9cie androg\u00e9n\u00e9tique ; il est important de consulter un m\u00e9decin avant de commencer un tel traitement. Le PRP montre dans les revues un niveau de preuve mod\u00e9r\u00e9 sur la densit\u00e9 capillaire, avec une litt\u00e9rature h\u00e9t\u00e9rog\u00e8ne. Une alimentation \u00e9quilibr\u00e9e, une activit\u00e9 physique r\u00e9guli\u00e8re et une gestion efficace du stress peuvent am\u00e9liorer l&rsquo;\u00e9tat de sant\u00e9 g\u00e9n\u00e9ral et agir favorablement sur la pousse des cheveux.<\/p>\n<\/div>\n<div style=\"border:1px solid #e3e8ef;border-radius:10px;padding:16px;margin-bottom:12px\">\n<p style=\"margin:0 0 8px;color:#013366;font-weight:600;font-size:17px;line-height:1.4\">Comment une greffe de cheveux influence-t-elle l&rsquo;\u00e9volution \u00e0 long terme de la chute chez les personnes diab\u00e9tiques ?<\/p>\n<p style=\"margin:0;color:#2e3033;line-height:1.65\">Une greffe r\u00e9ussie peut nettement am\u00e9liorer l&rsquo;aspect de la chevelure chez les personnes diab\u00e9tiques. L&rsquo;intervention n&rsquo;agit toutefois pas sur les causes sous-jacentes de la chute. Il est donc possible que des complications diab\u00e9tiques non trait\u00e9es ou \u00e9volutives continuent d&rsquo;entra\u00eener une chute de cheveux. Un contr\u00f4le continu de la glyc\u00e9mie et un mode de vie sain sont d\u00e9cisifs pour assurer le succ\u00e8s \u00e0 long terme de la greffe et limiter la poursuite de la chute. Un r\u00e9sultat visible appara\u00eet apr\u00e8s 6 \u00e0 9 mois, le r\u00e9sultat d\u00e9finitif apr\u00e8s 12 mois au plus.<\/p>\n<\/div>\n<div style=\"border:1px solid #e3e8ef;border-radius:10px;padding:16px;margin-bottom:12px\">\n<p style=\"margin:0 0 8px;color:#013366;font-weight:600;font-size:17px;line-height:1.4\">Quels risques sp\u00e9cifiques existe-t-il pour les personnes diab\u00e9tiques lors d&rsquo;une greffe de cheveux, par rapport aux personnes non diab\u00e9tiques ?<\/p>\n<p style=\"margin:0;color:#2e3033;line-height:1.65\">Les personnes diab\u00e9tiques ont un risque accru de certaines complications lors d&rsquo;interventions chirurgicales, notamment : un risque infectieux, car une possible alt\u00e9ration du syst\u00e8me immunitaire peut augmenter le risque d&rsquo;infections postop\u00e9ratoires. Et une cicatrisation retard\u00e9e, car une glyc\u00e9mie \u00e9lev\u00e9e peut ralentir les processus de gu\u00e9rison, ce qui allonge la r\u00e9cup\u00e9ration. Une m\u00e9ta-analyse de 29 \u00e9tudes randomis\u00e9es portant sur 14 126 patients a retrouv\u00e9, sous un bon contr\u00f4le glyc\u00e9mique p\u00e9riop\u00e9ratoire, nettement moins d&rsquo;infections de plaie (risk ratio 0,63 ; Lai et al. 2022). En revanche, la tendance h\u00e9morragique accrue souvent \u00e9voqu\u00e9e ne s&rsquo;applique pas : le diab\u00e8te est consid\u00e9r\u00e9 comme favorisant la coagulation, pas les saignements. Une planification pr\u00e9op\u00e9ratoire soigneuse et un suivi postop\u00e9ratoire attentif sont donc particuli\u00e8rement importants chez les personnes diab\u00e9tiques pour r\u00e9duire ces risques.<\/p>\n<\/div>\n<\/div>\n\n\n\n<h2 class=\"wp-block-heading\">Conclusion<\/h2>\n\n\n\n<p class=\"wp-block-paragraph\">La chute de cheveux en cas de diab\u00e8te peut \u00eatre difficile \u00e0 vivre, mais il existe des moyens efficaces de la r\u00e9duire et de favoriser la pousse. Un contr\u00f4le glyc\u00e9mique stable, un mode de vie sain et des mesures m\u00e9dicales cibl\u00e9es contribuent de fa\u00e7on d\u00e9cisive \u00e0 <strong>stopper la chute de cheveux li\u00e9e au diab\u00e8te<\/strong>.<\/p>\n\n\n\n<p class=\"wp-block-paragraph\">Ce qui compte, dans cet ordre : ramener l&rsquo;HbA1c dans la cible, faire doser les huit valeurs biologiques de la feuille de route, combler les carences, ne pas perdre du poids trop vite. Dans le type 1, s&rsquo;ajoutent la thyro\u00efde et, en cas de plaques glabres rondes, la dermatologie. Ce n&rsquo;est qu&rsquo;ensuite que la question des m\u00e9dicaments ou d&rsquo;une greffe devient pertinente.<\/p>\n\n\n\n<p class=\"wp-block-paragraph\">N&rsquo;attendez pas si vous remarquez des changements : un diagnostic pr\u00e9coce et un traitement cibl\u00e9 font la diff\u00e9rence. La <a href=\"\/fr\/informations\/clinique-du-cheveux\/\">clinique Elithair<\/a> propose une consultation gratuite pour trouver la meilleure solution pour vous. Avant toute d\u00e9cision vient la recherche de la cause : la prise de sang pr\u00e9alable v\u00e9rifie si une greffe est bien le traitement appropri\u00e9, et lorsque le m\u00e9tabolisme n&rsquo;est pas stable, on traite d&rsquo;abord.<\/p>\n\n\n<div class=\"wp-block-image\">\n<figure class=\"aligncenter size-large is-resized\" style=\"max-width:720px;margin-left:auto;margin-right:auto\"><img decoding=\"async\" src=\"https:\/\/elithair.com\/fr\/wp-content\/uploads\/sites\/9\/2026\/08\/bewegung_alltag.png\" alt=\"Couple d'une cinquantaine d'ann\u00e9es marchant d'un bon pas dans un parc, illustrant les recommandations d'activit\u00e9 physique en cas de diab\u00e8te\" class=\"wp-image-101797\" style=\"width:720px;max-width:100%;height:auto\"\/><\/figure>\n<\/div>\n\n\n<div class=\"wp-block-buttons is-content-justification-center is-layout-flex wp-container-core-buttons-is-layout-fe48e5de wp-block-buttons-is-layout-flex\" style=\"justify-content:center;margin-bottom:48px\">\n<div class=\"wp-block-button\"><a class=\"wp-block-button__link wp-element-button\" style=\"background-color:#0079F1;color:#ffffff;border-radius:8px;padding:15px 36px;font-weight:700;font-size:17px\" href=\"\/fr\/analyse-capillaire\/\">D\u00e9marrer l&rsquo;analyse capillaire gratuite<\/a><\/div>\n<\/div>\n\n\n\n<h3 class=\"wp-block-heading\">Sources et actualit\u00e9<\/h3>\n\n\n\n<div style=\"background:#f6f9fc;border:1px solid #dbe4f0;border-radius:12px;padding:20px 22px;margin:26px 0\">\n<p style=\"margin:0 0 14px;color:#013366;font-weight:700;font-size:18px\">Sources scientifiques<\/p>\n<ul style=\"margin:0;padding:0;list-style:none\">\n<li style=\"padding:9px 0;border-bottom:1px solid #eef1f5;color:#2e3033;font-size:14px;line-height:1.5\">Erden O, Yorulmaz A, Yalcin B : Increased Prevalence of Insulin Resistance and Metabolic Syndrome in Men With Early-Onset Androgenetic Alopecia. <em>Journal of Cosmetic Dermatology<\/em> (2025). <a href=\"https:\/\/onlinelibrary.wiley.com\/doi\/10.1111\/jocd.70458\" target=\"_blank\" rel=\"noopener\">Wiley Online Library<\/a><\/li>\n<li style=\"padding:9px 0;border-bottom:1px solid #eef1f5;color:#2e3033;font-size:14px;line-height:1.5\">Glycolipid and Hormonal Profiles in Young Men with Early-Onset Androgenetic Alopecia : une m\u00e9ta-analyse. <em>Scientific Reports<\/em> (2017). <a href=\"https:\/\/www.nature.com\/articles\/s41598-017-08528-3\" target=\"_blank\" rel=\"noopener\">Nature<\/a><\/li>\n<li style=\"padding:9px 0;border-bottom:1px solid #eef1f5;color:#2e3033;font-size:14px;line-height:1.5\">Risk factors for androgenetic alopecia: a systematic review and meta-analysis. <em>BMC Public Health<\/em> (2026). <a href=\"https:\/\/link.springer.com\/article\/10.1186\/s12889-026-26258-y\" target=\"_blank\" rel=\"noopener\">BMC Public Health<\/a><\/li>\n<li style=\"padding:9px 0;border-bottom:1px solid #eef1f5;color:#2e3033;font-size:14px;line-height:1.5\">StatPearls : Telogen Effluvium (seuils, r\u00e9partition anag\u00e8ne-t\u00e9log\u00e8ne, r\u00e9mission spontan\u00e9e). <a href=\"https:\/\/www.ncbi.nlm.nih.gov\/books\/NBK430848\/\" target=\"_blank\" rel=\"noopener\">NCBI Bookshelf<\/a><\/li>\n<li style=\"padding:9px 0;border-bottom:1px solid #eef1f5;color:#2e3033;font-size:14px;line-height:1.5\">Evaluation of chronic pruritus and associated skin findings in patients with diabetes mellitus (249 patients, x\u00e9rose 64 %). <a href=\"https:\/\/pmc.ncbi.nlm.nih.gov\/articles\/PMC10763738\/\" target=\"_blank\" rel=\"noopener\">PMC<\/a><\/li>\n<li style=\"padding:9px 0;border-bottom:1px solid #eef1f5;color:#2e3033;font-size:14px;line-height:1.5\">Itch in diabetes: a common underestimated problem (revue de pr\u00e9valence). <a href=\"https:\/\/pmc.ncbi.nlm.nih.gov\/articles\/PMC9880781\/\" target=\"_blank\" rel=\"noopener\">PMC<\/a><\/li>\n<li style=\"padding:9px 0;border-bottom:1px solid #eef1f5;color:#2e3033;font-size:14px;line-height:1.5\">Comorbidit\u00e9 auto-immune dans le diab\u00e8te de type 1 : \u00e9tude transversale chez 251 adultes (Hashimoto 16,3 %, anticorps anti-TPO 58,6 %). <a href=\"https:\/\/pmc.ncbi.nlm.nih.gov\/articles\/PMC9395765\/\" target=\"_blank\" rel=\"noopener\">PMC<\/a><\/li>\n<li style=\"padding:9px 0;border-bottom:1px solid #eef1f5;color:#2e3033;font-size:14px;line-height:1.5\">Lai et al. : m\u00e9ta-analyse de 29 \u00e9tudes randomis\u00e9es (n = 14 126) sur le contr\u00f4le glyc\u00e9mique p\u00e9riop\u00e9ratoire et les infections de plaie (2022). <a href=\"https:\/\/pmc.ncbi.nlm.nih.gov\/articles\/PMC8990940\/\" target=\"_blank\" rel=\"noopener\">PMC<\/a><\/li>\n<li style=\"padding:9px 0;border-bottom:1px solid #eef1f5;color:#2e3033;font-size:14px;line-height:1.5\">Effects of Hyperglycemia and Diabetes Mellitus on Coagulation and Hemostasis (le diab\u00e8te est prothrombotique). <a href=\"https:\/\/www.ncbi.nlm.nih.gov\/pmc\/articles\/PMC8199251\/\" target=\"_blank\" rel=\"noopener\">PMC<\/a><\/li>\n<li style=\"padding:9px 0;border-bottom:1px solid #eef1f5;color:#2e3033;font-size:14px;line-height:1.5\">MHRA Drug Safety Update sur la metformine et le suivi de la vitamine B12 (2022), cit\u00e9 via une revue PMC. <a href=\"https:\/\/pmc.ncbi.nlm.nih.gov\/articles\/PMC12918417\/\" target=\"_blank\" rel=\"noopener\">PMC<\/a><\/li>\n<li style=\"padding:9px 0;border-bottom:1px solid #eef1f5;color:#2e3033;font-size:14px;line-height:1.5\">Soci\u00e9t\u00e9 Francophone du Diab\u00e8te : r\u00e9f\u00e9rentiels et recommandations pour la prise en charge du diab\u00e8te de type 2 (objectifs d&rsquo;HbA1c). <a href=\"https:\/\/www.sfdiabete.org\/recommandations\/referentiels\" target=\"_blank\" rel=\"noopener\">SFD<\/a><\/li>\n<li style=\"padding:9px 0;border-bottom:1px solid #eef1f5;color:#2e3033;font-size:14px;line-height:1.5\">American Diabetes Association : Standards of Care in Diabetes 2026, chapitre 6 Glycemic Goals. <a href=\"https:\/\/diabetesjournals.org\/care\/article\/49\/Supplement_1\/S132\/163927\/6-Glycemic-Goals-Hypoglycemia-and-Hyperglycemic\" target=\"_blank\" rel=\"noopener\">ADA<\/a><\/li>\n<li style=\"padding:9px 0;border-bottom:1px solid #eef1f5;color:#2e3033;font-size:14px;line-height:1.5\">Soci\u00e9t\u00e9 Fran\u00e7aise de Dermatologie : information sur l&rsquo;alop\u00e9cie et la pelade, diagnostic et prise en charge. <a href=\"https:\/\/dermato-info.fr\/les-maladies-de-la-peau\/alopecie-androgenetique\" target=\"_blank\" rel=\"noopener\">Dermato-Info<\/a><\/li>\n<li style=\"padding:9px 0;border-bottom:1px solid #eef1f5;color:#2e3033;font-size:14px;line-height:1.5\">Surveillance \u00e9pid\u00e9miologique du diab\u00e8te : part des cas non diagnostiqu\u00e9s dans la population adulte. <a href=\"https:\/\/www.ncbi.nlm.nih.gov\/pmc\/articles\/PMC10165910\/\" target=\"_blank\" rel=\"noopener\">Donn\u00e9es de surveillance<\/a><\/li>\n<li style=\"padding:9px 0;border-bottom:1px solid #eef1f5;color:#2e3033;font-size:14px;line-height:1.5\">Wang et al. : The effects of advanced glycation end-products on skin. <em>Experimental Dermatology<\/em> (2024). <a href=\"https:\/\/onlinelibrary.wiley.com\/doi\/full\/10.1111\/exd.15065\" target=\"_blank\" rel=\"noopener\">Wiley Online Library<\/a><\/li>\n<li style=\"padding:9px 0;border-bottom:1px solid #eef1f5;color:#2e3033;font-size:14px;line-height:1.5\">Mayo Clinic : Minoxidil (oral route), effets ind\u00e9sirables et mises en garde. <a href=\"https:\/\/www.mayoclinic.org\/drugs-supplements\/minoxidil-oral-route\/description\/drg-20068757\" target=\"_blank\" rel=\"noopener\">Mayo Clinic<\/a><\/li>\n<li style=\"padding:9px 0;color:#2e3033;font-size:14px;line-height:1.5\">Mangal et al. (2024) : m\u00e9ta-analyse de 132 \u00e9tudes (52 501 participants) sur les carences en micronutriments dans le diab\u00e8te de type 2. M\u00e9ta-analyse<\/li>\n<\/ul>\n<p style=\"margin:16px 0 0;font-size:13px;color:#6b7280\">Mise \u00e0 jour : ao\u00fbt 2026. Les chiffres et les r\u00e9f\u00e9rences aux recommandations ont \u00e9t\u00e9 v\u00e9rifi\u00e9s \u00e0 cette date.<\/p>\n<p style=\"margin:10px 0 0;font-size:13px;color:#6b7280;font-style:italic\">Cet article a une vocation informative et ne remplace ni un diagnostic ni un traitement m\u00e9dical. Ne modifiez jamais vous-m\u00eame un traitement antidiab\u00e9tique : parlez de votre chute de cheveux et de vos analyses avec votre m\u00e9decin traitant ou votre diab\u00e9tologue.<\/p>\n<\/div>\n\n\n\n<script type=\"application\/ld+json\">\n{\"@context\": \"https:\/\/schema.org\", \"@type\": \"FAQPage\", \"mainEntity\": [{\"@type\": \"Question\", \"name\": \"Les cheveux repoussent-ils en cas de diab\u00e8te, et combien de temps cela prend-il ?\", \"acceptedAnswer\": {\"@type\": \"Answer\", \"text\": \"En cas de chute diffuse d'origine m\u00e9tabolique, en r\u00e8gle g\u00e9n\u00e9rale oui : un effluvium t\u00e9log\u00e8ne aigu r\u00e9gresse spontan\u00e9ment dans environ 95 % des cas d\u00e8s que le d\u00e9clencheur est supprim\u00e9 (StatPearls). La chute diminue apr\u00e8s 1 \u00e0 2 mois, les premiers cheveux repoussent apr\u00e8s 5 \u00e0 6 mois, et la densit\u00e9 s'am\u00e9liore visiblement apr\u00e8s 9 \u00e0 12 mois. Une part androg\u00e9n\u00e9tique ne repousse pas avec le reste.\"}}, {\"@type\": \"Question\", \"name\": \"La metformine provoque-t-elle une chute de cheveux ?\", \"acceptedAnswer\": {\"@type\": \"Answer\", \"text\": \"Non, aucun lien direct n'est d\u00e9montr\u00e9 et la chute de cheveux n'est pas list\u00e9e comme effet ind\u00e9sirable dans les r\u00e9sum\u00e9s des caract\u00e9ristiques du produit. Ce qui est d\u00e9montr\u00e9, c'est une voie indirecte : en cas de prise prolong\u00e9e, la metformine diminue l'absorption de la vitamine B12 ; selon la MHRA (2022), un taux bas de B12 concerne jusqu'\u00e0 1 personne sur 10 en cas de prise \u00e0 forte dose ou prolong\u00e9e. Une carence en B12 peut favoriser la chute de cheveux. Il faut donc faire contr\u00f4ler la B12 et ne pas arr\u00eater la metformine de sa propre initiative.\"}}, {\"@type\": \"Question\", \"name\": \"Qu'est-ce que l'indice HOMA et \u00e0 partir de quand est-il anormal ?\", \"acceptedAnswer\": {\"@type\": \"Answer\", \"text\": \"L'indice HOMA (HOMA-IR) estime l'insulinor\u00e9sistance \u00e0 partir de l'insuline et de la glyc\u00e9mie \u00e0 jeun ; la formule est insuline multipli\u00e9e par glyc\u00e9mie, divis\u00e9e par 405. Une valeur de 0,7 \u00e0 2,0 est souvent consid\u00e9r\u00e9e comme normale. Pour le seuil, la litt\u00e9rature n'est pas unanime : 1,9, 2,5 ou 2,7 sont utilis\u00e9s en parall\u00e8le, et aucune soci\u00e9t\u00e9 savante n'a ratifi\u00e9 de valeur seuil. C'est un test m\u00e9tabolique, pas un test de chute de cheveux.\"}}, {\"@type\": \"Question\", \"name\": \"Quelle valeur d'HbA1c compte pour les cheveux ?\", \"acceptedAnswer\": {\"@type\": \"Answer\", \"text\": \"Il n'existe pas de seuil propre aux cheveux dans la litt\u00e9rature. La cible g\u00e9n\u00e9rale sert de rep\u00e8re : les recommandations pr\u00e9conisent, dans le diab\u00e8te de type 2, des objectifs individualis\u00e9s d'environ 6,5 \u00e0 7,5 %, et l'ADA retient dans ses Standards of Care 2026 une valeur inf\u00e9rieure \u00e0 7 % pour la plupart des adultes. Avant une intervention chirurgicale, une valeur inf\u00e9rieure \u00e0 7 % est vis\u00e9e, parce que la cicatrisation en b\u00e9n\u00e9ficie.\"}}, {\"@type\": \"Question\", \"name\": \"Une insulinor\u00e9sistance sans diab\u00e8te peut-elle favoriser la chute de cheveux ?\", \"acceptedAnswer\": {\"@type\": \"Answer\", \"text\": \"Les \u00e9tudes montrent cette association avant m\u00eame un diab\u00e8te av\u00e9r\u00e9, donc au stade du pr\u00e9diab\u00e8te. Dans une \u00e9tude cas-t\u00e9moins portant sur 200 hommes de 18 \u00e0 35 ans, une insulinor\u00e9sistance \u00e9tait pr\u00e9sente chez 18 % des hommes \u00e0 chute pr\u00e9coce contre 4 % des t\u00e9moins (Erden et al. 2025). Il s'agit d'une surrepr\u00e9sentation statistique, pas d'une preuve de causalit\u00e9. L'insulinor\u00e9sistance survient aussi chez des personnes de poids normal.\"}}, {\"@type\": \"Question\", \"name\": \"Pourquoi le cuir chevelu d\u00e9mange-t-il en cas de diab\u00e8te ?\", \"acceptedAnswer\": {\"@type\": \"Answer\", \"text\": \"Selon les \u00e9tudes, un prurit chronique concerne 18,4 \u00e0 30,9 % des personnes atteintes de diab\u00e8te de type 2. La cause la plus fr\u00e9quente est la peau s\u00e8che (x\u00e9rose, 64 % des personnes concern\u00e9es dans une cohorte de 249 patients), suivie des infections fongiques (16 %). S'y ajoutent de faux signaux nerveux en cas de neuropathie des petites fibres. Les d\u00e9mangeaisons elles-m\u00eames ne provoquent pas de chute de cheveux, mais un grattage permanent peut l'aggraver.\"}}, {\"@type\": \"Question\", \"name\": \"Quel m\u00e9decin consulter en cas de chute de cheveux et de diab\u00e8te ?\", \"acceptedAnswer\": {\"@type\": \"Answer\", \"text\": \"La premi\u00e8re adresse est le m\u00e9decin traitant ou le diab\u00e9tologue : c'est l\u00e0 que sont clarifi\u00e9s l'HbA1c, le statut nutritionnel et les comorbidit\u00e9s. En cas de plaques glabres rondes, de cuir chevelu inflammatoire ou infect\u00e9, la dermatologie s'y ajoute. Les femmes chez qui un SOPK est suspect\u00e9 rel\u00e8vent de la gyn\u00e9cologie ou de l'endocrinologie. Une analyse capillaire en clinique sp\u00e9cialis\u00e9e clarifie le motif de la chute, mais ne remplace aucun de ces bilans.\"}}, {\"@type\": \"Question\", \"name\": \"Quelles pr\u00e9cautions particuli\u00e8res les personnes diab\u00e9tiques doivent-elles prendre avant, pendant et apr\u00e8s une greffe de cheveux ?\", \"acceptedAnswer\": {\"@type\": \"Answer\", \"text\": \"Avant une greffe, les personnes diab\u00e9tiques devraient s'assurer que leur glyc\u00e9mie est stable et bien contr\u00f4l\u00e9e. Une collaboration \u00e9troite avec le m\u00e9decin traitant est essentielle pour r\u00e9duire les risques comme les infections ou une cicatrisation retard\u00e9e. Pendant l'intervention, une surveillance continue de la glyc\u00e9mie est importante, avec des pauses et des mesures lors des s\u00e9ances longues. Apr\u00e8s l'op\u00e9ration, les consignes de soins postop\u00e9ratoires doivent \u00eatre suivies strictement et les contr\u00f4les de suivi honor\u00e9s, afin de soutenir au mieux la cicatrisation.\"}}, {\"@type\": \"Question\", \"name\": \"Existe-t-il des diff\u00e9rences d'\u00e9ligibilit\u00e9 \u00e0 une greffe de cheveux entre les personnes diab\u00e9tiques de type 1 et de type 2 ?\", \"acceptedAnswer\": {\"@type\": \"Answer\", \"text\": \"Ce n'est pas le type qui d\u00e9cide, mais l'\u00e9quilibre. Il n'existe ni recommandation ni \u00e9tude justifiant un refus syst\u00e9matique en cas de diab\u00e8te de type 1. En pratique, une intervention longue n\u00e9cessite dans le type 1 un plan de gestion de la glyc\u00e9mie, avec mesures, pauses et, le cas \u00e9ch\u00e9ant, adaptation de l'insuline par le diab\u00e9tologue. Dans le type 2, les comorbidit\u00e9s comme une atteinte r\u00e9nale ou une insuffisance cardiaque comptent en plus. Une \u00e9valuation m\u00e9dicale individuelle est indispensable dans les deux cas pour d\u00e9terminer l'\u00e9ligibilit\u00e9 au cas par cas.\"}}, {\"@type\": \"Question\", \"name\": \"Quelles alternatives non chirurgicales existent pour les personnes diab\u00e9tiques souffrant de chute de cheveux ?\", \"acceptedAnswer\": {\"@type\": \"Answer\", \"text\": \"En premier lieu vient le travail sur la cause : ramener la glyc\u00e9mie dans la cible et corriger les carences av\u00e9r\u00e9es en ferritine, B12, zinc ou vitamine D. Les personnes diab\u00e9tiques qui ne souhaitent pas d'intervention chirurgicale ou qui n'y sont pas \u00e9ligibles peuvent en outre envisager les options suivantes : des solutions topiques comme le minoxidil peuvent favoriser la pousse, mais cela n'est d\u00e9montr\u00e9 que dans l'alop\u00e9cie androg\u00e9n\u00e9tique ; il est important de consulter un m\u00e9decin avant de commencer un tel traitement. Le PRP montre dans les revues un niveau de preuve mod\u00e9r\u00e9 sur la densit\u00e9 capillaire, avec une litt\u00e9rature h\u00e9t\u00e9rog\u00e8ne. Une alimentation \u00e9quilibr\u00e9e, une activit\u00e9 physique r\u00e9guli\u00e8re et une gestion efficace du stress peuvent am\u00e9liorer l'\u00e9tat de sant\u00e9 g\u00e9n\u00e9ral et agir favorablement sur la pousse des cheveux.\"}}, {\"@type\": \"Question\", \"name\": \"Comment une greffe de cheveux influence-t-elle l'\u00e9volution \u00e0 long terme de la chute chez les personnes diab\u00e9tiques ?\", \"acceptedAnswer\": {\"@type\": \"Answer\", \"text\": \"Une greffe r\u00e9ussie peut nettement am\u00e9liorer l'aspect de la chevelure chez les personnes diab\u00e9tiques. L'intervention n'agit toutefois pas sur les causes sous-jacentes de la chute. Il est donc possible que des complications diab\u00e9tiques non trait\u00e9es ou \u00e9volutives continuent d'entra\u00eener une chute de cheveux. Un contr\u00f4le continu de la glyc\u00e9mie et un mode de vie sain sont d\u00e9cisifs pour assurer le succ\u00e8s \u00e0 long terme de la greffe et limiter la poursuite de la chute. Un r\u00e9sultat visible appara\u00eet apr\u00e8s 6 \u00e0 9 mois, le r\u00e9sultat d\u00e9finitif apr\u00e8s 12 mois au plus.\"}}, {\"@type\": \"Question\", \"name\": \"Quels risques sp\u00e9cifiques existe-t-il pour les personnes diab\u00e9tiques lors d'une greffe de cheveux, par rapport aux personnes non diab\u00e9tiques ?\", \"acceptedAnswer\": {\"@type\": \"Answer\", \"text\": \"Les personnes diab\u00e9tiques ont un risque accru de certaines complications lors d'interventions chirurgicales, notamment : un risque infectieux, car une possible alt\u00e9ration du syst\u00e8me immunitaire peut augmenter le risque d'infections postop\u00e9ratoires. Et une cicatrisation retard\u00e9e, car une glyc\u00e9mie \u00e9lev\u00e9e peut ralentir les processus de gu\u00e9rison, ce qui allonge la r\u00e9cup\u00e9ration. Une m\u00e9ta-analyse de 29 \u00e9tudes randomis\u00e9es portant sur 14 126 patients a retrouv\u00e9, sous un bon contr\u00f4le glyc\u00e9mique p\u00e9riop\u00e9ratoire, nettement moins d'infections de plaie (risk ratio 0,63 ; Lai et al. 2022). En revanche, la tendance h\u00e9morragique accrue souvent \u00e9voqu\u00e9e ne s'applique pas : le diab\u00e8te est consid\u00e9r\u00e9 comme favorisant la coagulation, pas les saignements. Une planification pr\u00e9op\u00e9ratoire soigneuse et un suivi postop\u00e9ratoire attentif sont donc particuli\u00e8rement importants chez les personnes diab\u00e9tiques pour r\u00e9duire ces risques.\"}}]}\n<\/script>\n\n\n\n<p class=\"wp-block-paragraph\">Sujets li\u00e9s dans notre dossier sur la chute de cheveux : <a href=\"\/fr\/greffe-de-cheveux-blog\/chute-de-cheveux-diffuse\/\">chute de cheveux diffuse<\/a>, <a href=\"\/fr\/greffe-de-cheveux-blog\/carence-en-fer-chute-de-cheveux\/\">carence en fer et chute de cheveux<\/a>, <a href=\"\/fr\/greffe-de-cheveux-blog\/vitamines-chute-de-cheveux\/\">vitamines contre la chute de cheveux<\/a> ainsi que <a href=\"\/fr\/greffe-de-cheveux-blog\/thyroide-chute-de-cheveux\/\">chute de cheveux et thyro\u00efde<\/a>. Concernant les m\u00e9dicaments : <a href=\"\/fr\/greffe-de-cheveux-blog\/ozempic-chute-de-cheveux\/\">chute de cheveux sous Ozempic<\/a>.<\/p>\n\n","protected":false},"excerpt":{"rendered":"<p>Plus de cheveux dans la brosse, et lors du dernier rendez-vous l&rsquo;HbA1c \u00e9tait trop \u00e9lev\u00e9e : le lien entre diab\u00e8te et chute de cheveux est r\u00e9el, mais il fonctionne le plus souvent autrement qu&rsquo;on ne le croit. La chute de cheveux li\u00e9e au diab\u00e8te est typiquement diffuse sur l&rsquo;ensemble du cr\u00e2ne et elle r\u00e9gresse en [&hellip;]<\/p>\n","protected":false},"author":10,"featured_media":101242,"comment_status":"closed","ping_status":"closed","sticky":false,"template":"","format":"standard","meta":{"_acf_changed":false,"_yoast_wpseo_meta-robots-noindex":"","_yoast_wpseo_meta-robots-nofollow":"","_yoast_wpseo_meta-robots-adv":"","_yoast_wpseo_canonical":"https:\/\/elithair.com\/fr\/greffe-de-cheveux-blog\/diabete-chute-de-cheveux\/","_yoast_wpseo_opengraph-title":"","_yoast_wpseo_opengraph-description":"","_yoast_wpseo_opengraph-image":"","_yoast_wpseo_twitter-title":"","_yoast_wpseo_twitter-description":"","_yoast_wpseo_twitter-image":"","_hm_hreflang_map":{"de":49955,"en":91610,"es":91872,"fr":101238,"it":107657,"pt":89717,"tr":83299,"uk":95633,"x_default":91610},"_hm_language_code":"fr","footnotes":""},"categories":[7],"tags":[],"class_list":["post-101238","post","type-post","status-publish","format-standard","has-post-thumbnail","hentry","category-perte-de-cheveux-blog"],"acf":[],"yoast_head":"<!-- This site is optimized with the Yoast SEO Premium plugin v28.3 (Yoast SEO v28.3) - https:\/\/yoast.com\/product\/yoast-seo-premium-wordpress\/ -->\n<title>Diab\u00e8te et chute de cheveux : comment savoir si la glyc\u00e9mie est en cause<\/title>\n<meta name=\"description\" content=\"Diab\u00e8te et chute de cheveux : pourquoi la glyc\u00e9mie co\u00fbte des cheveux, le r\u00f4le de l&#039;insulinor\u00e9sistance et les analyses de sang \u00e0 faire v\u00e9rifier.\" \/>\n<meta name=\"robots\" content=\"index, follow, max-snippet:-1, max-image-preview:large, max-video-preview:-1\" \/>\n<link rel=\"canonical\" href=\"https:\/\/elithair.com\/fr\/greffe-de-cheveux-blog\/diabete-chute-de-cheveux\/\" \/>\n<meta property=\"og:locale\" content=\"fr_FR\" \/>\n<meta property=\"og:type\" content=\"article\" \/>\n<meta property=\"og:title\" content=\"Diab\u00e8te et chute de cheveux : causes, insulinor\u00e9sistance et ce qui aide vraiment\" \/>\n<meta property=\"og:description\" content=\"Diab\u00e8te et chute de cheveux : pourquoi la glyc\u00e9mie co\u00fbte des cheveux, le r\u00f4le de l&#039;insulinor\u00e9sistance et les analyses de sang \u00e0 faire v\u00e9rifier.\" \/>\n<meta property=\"og:url\" content=\"https:\/\/elithair.com\/fr\/greffe-de-cheveux-blog\/diabete-chute-de-cheveux\/\" \/>\n<meta property=\"og:site_name\" content=\"Elithair\" \/>\n<meta property=\"article:publisher\" content=\"https:\/\/www.facebook.com\/elithair.france\/\" \/>\n<meta property=\"article:published_time\" content=\"2026-08-29T12:37:48+00:00\" \/>\n<meta property=\"og:image\" content=\"https:\/\/elithair.com\/fr\/wp-content\/uploads\/sites\/9\/2026\/08\/bestand_97298.png\" \/>\n<meta name=\"author\" content=\"Dr. Imad Moustafa\" \/>\n<meta name=\"twitter:card\" content=\"summary_large_image\" \/>\n<meta name=\"twitter:label1\" content=\"\u00c9crit par\" \/>\n\t<meta name=\"twitter:data1\" content=\"Dr. Imad Moustafa\" \/>\n\t<meta name=\"twitter:label2\" content=\"Dur\u00e9e de lecture estim\u00e9e\" \/>\n\t<meta name=\"twitter:data2\" content=\"70 minutes\" \/>\n<script type=\"application\/ld+json\" class=\"yoast-schema-graph\">{\"@context\":\"https:\\\/\\\/schema.org\",\"@graph\":[{\"@type\":\"Article\",\"@id\":\"https:\\\/\\\/elithair.com\\\/fr\\\/greffe-de-cheveux-blog\\\/diabete-chute-de-cheveux\\\/#article\",\"isPartOf\":{\"@id\":\"https:\\\/\\\/elithair.com\\\/fr\\\/greffe-de-cheveux-blog\\\/diabete-chute-de-cheveux\\\/\"},\"author\":{\"name\":\"Dr. Imad Moustafa\",\"@id\":\"https:\\\/\\\/elithair.com\\\/fr\\\/#\\\/schema\\\/person\\\/11ce37e83a6343e4c37edcd4b5498e41\"},\"headline\":\"Diab\u00e8te et chute de cheveux : causes, insulinor\u00e9sistance et ce qui aide vraiment\",\"datePublished\":\"2026-08-29T12:37:48+00:00\",\"mainEntityOfPage\":{\"@id\":\"https:\\\/\\\/elithair.com\\\/fr\\\/greffe-de-cheveux-blog\\\/diabete-chute-de-cheveux\\\/\"},\"wordCount\":14446,\"publisher\":{\"@id\":\"https:\\\/\\\/elithair.com\\\/fr\\\/#organization\"},\"image\":{\"@id\":\"https:\\\/\\\/elithair.com\\\/fr\\\/greffe-de-cheveux-blog\\\/diabete-chute-de-cheveux\\\/#primaryimage\"},\"thumbnailUrl\":\"https:\\\/\\\/elithair.com\\\/fr\\\/wp-content\\\/uploads\\\/sites\\\/9\\\/2026\\\/08\\\/hero-8.png\",\"articleSection\":[\"Perte de cheveux\"],\"inLanguage\":\"fr-FR\"},{\"@type\":\"WebPage\",\"@id\":\"https:\\\/\\\/elithair.com\\\/fr\\\/greffe-de-cheveux-blog\\\/diabete-chute-de-cheveux\\\/\",\"url\":\"https:\\\/\\\/elithair.com\\\/fr\\\/greffe-de-cheveux-blog\\\/diabete-chute-de-cheveux\\\/\",\"name\":\"Diab\u00e8te et chute de cheveux : comment savoir si la glyc\u00e9mie est en cause\",\"isPartOf\":{\"@id\":\"https:\\\/\\\/elithair.com\\\/fr\\\/#website\"},\"primaryImageOfPage\":{\"@id\":\"https:\\\/\\\/elithair.com\\\/fr\\\/greffe-de-cheveux-blog\\\/diabete-chute-de-cheveux\\\/#primaryimage\"},\"image\":{\"@id\":\"https:\\\/\\\/elithair.com\\\/fr\\\/greffe-de-cheveux-blog\\\/diabete-chute-de-cheveux\\\/#primaryimage\"},\"thumbnailUrl\":\"https:\\\/\\\/elithair.com\\\/fr\\\/wp-content\\\/uploads\\\/sites\\\/9\\\/2026\\\/08\\\/hero-8.png\",\"datePublished\":\"2026-08-29T12:37:48+00:00\",\"description\":\"Diab\u00e8te et chute de cheveux : pourquoi la glyc\u00e9mie co\u00fbte des cheveux, le r\u00f4le de l'insulinor\u00e9sistance et les analyses de sang \u00e0 faire v\u00e9rifier.\",\"breadcrumb\":{\"@id\":\"https:\\\/\\\/elithair.com\\\/fr\\\/greffe-de-cheveux-blog\\\/diabete-chute-de-cheveux\\\/#breadcrumb\"},\"inLanguage\":\"fr-FR\",\"potentialAction\":[{\"@type\":\"ReadAction\",\"target\":[\"https:\\\/\\\/elithair.com\\\/fr\\\/greffe-de-cheveux-blog\\\/diabete-chute-de-cheveux\\\/\"]}]},{\"@type\":\"ImageObject\",\"inLanguage\":\"fr-FR\",\"@id\":\"https:\\\/\\\/elithair.com\\\/fr\\\/greffe-de-cheveux-blog\\\/diabete-chute-de-cheveux\\\/#primaryimage\",\"url\":\"https:\\\/\\\/elithair.com\\\/fr\\\/wp-content\\\/uploads\\\/sites\\\/9\\\/2026\\\/08\\\/hero-8.png\",\"contentUrl\":\"https:\\\/\\\/elithair.com\\\/fr\\\/wp-content\\\/uploads\\\/sites\\\/9\\\/2026\\\/08\\\/hero-8.png\",\"width\":1536,\"height\":1024,\"caption\":\"Mann Ende vierzig betrachtet im Badezimmer eine Haarb\u00fcrste, daneben ein Blutzuckermessger\u00e4t\"},{\"@type\":\"BreadcrumbList\",\"@id\":\"https:\\\/\\\/elithair.com\\\/fr\\\/greffe-de-cheveux-blog\\\/diabete-chute-de-cheveux\\\/#breadcrumb\",\"itemListElement\":[{\"@type\":\"ListItem\",\"position\":1,\"name\":\"Home\",\"item\":\"https:\\\/\\\/elithair.com\\\/fr\\\/\"},{\"@type\":\"ListItem\",\"position\":2,\"name\":\"Diab\u00e8te et chute de cheveux : causes, insulinor\u00e9sistance et ce qui aide vraiment\"}]},{\"@type\":\"WebSite\",\"@id\":\"https:\\\/\\\/elithair.com\\\/fr\\\/#website\",\"url\":\"https:\\\/\\\/elithair.com\\\/fr\\\/\",\"name\":\"Elithair\",\"description\":\"Greffe de cheveux en Turquie : retrouvez votre confiance\",\"publisher\":{\"@id\":\"https:\\\/\\\/elithair.com\\\/fr\\\/#organization\"},\"alternateName\":\"Greffe de cheveux en Turquie : retrouvez votre confiance\",\"potentialAction\":[{\"@type\":\"SearchAction\",\"target\":{\"@type\":\"EntryPoint\",\"urlTemplate\":\"https:\\\/\\\/elithair.com\\\/fr\\\/?s={search_term_string}\"},\"query-input\":{\"@type\":\"PropertyValueSpecification\",\"valueRequired\":true,\"valueName\":\"search_term_string\"}}],\"inLanguage\":\"fr-FR\"},{\"@type\":\"Organization\",\"@id\":\"https:\\\/\\\/elithair.com\\\/fr\\\/#organization\",\"name\":\"Elithair\",\"url\":\"https:\\\/\\\/elithair.com\\\/fr\\\/\",\"logo\":{\"@type\":\"ImageObject\",\"inLanguage\":\"fr-FR\",\"@id\":\"https:\\\/\\\/elithair.com\\\/fr\\\/#\\\/schema\\\/logo\\\/image\\\/\",\"url\":\"https:\\\/\\\/elithair.com\\\/fr\\\/wp-content\\\/uploads\\\/sites\\\/9\\\/2026\\\/04\\\/elithair-logo-primary.svg\",\"contentUrl\":\"https:\\\/\\\/elithair.com\\\/fr\\\/wp-content\\\/uploads\\\/sites\\\/9\\\/2026\\\/04\\\/elithair-logo-primary.svg\",\"width\":1,\"height\":1,\"caption\":\"Elithair\"},\"image\":{\"@id\":\"https:\\\/\\\/elithair.com\\\/fr\\\/#\\\/schema\\\/logo\\\/image\\\/\"},\"sameAs\":[\"https:\\\/\\\/www.facebook.com\\\/elithair.france\\\/\",\"https:\\\/\\\/www.instagram.com\\\/elithair.fr\\\/\",\"https:\\\/\\\/www.tiktok.com\\\/@elithairfr?_t=8q2yM9qMnUe&_r=1\",\"https:\\\/\\\/www.youtube.com\\\/@elithair.france\\\/\"]},{\"@type\":\"Person\",\"@id\":\"https:\\\/\\\/elithair.com\\\/fr\\\/#\\\/schema\\\/person\\\/11ce37e83a6343e4c37edcd4b5498e41\",\"name\":\"Dr. Imad Moustafa\",\"image\":{\"@type\":\"ImageObject\",\"inLanguage\":\"fr-FR\",\"@id\":\"https:\\\/\\\/secure.gravatar.com\\\/avatar\\\/9190499f6f3008cd7da57b179f07bfea4b4e382c816ba3e0de68db0b5a70c07d?s=96&d=mm&r=g\",\"url\":\"https:\\\/\\\/secure.gravatar.com\\\/avatar\\\/9190499f6f3008cd7da57b179f07bfea4b4e382c816ba3e0de68db0b5a70c07d?s=96&d=mm&r=g\",\"contentUrl\":\"https:\\\/\\\/secure.gravatar.com\\\/avatar\\\/9190499f6f3008cd7da57b179f07bfea4b4e382c816ba3e0de68db0b5a70c07d?s=96&d=mm&r=g\",\"caption\":\"Dr. Imad Moustafa\"}}]}<\/script>\n<!-- \/ Yoast SEO Premium plugin. -->","yoast_head_json":{"title":"Diab\u00e8te et chute de cheveux : comment savoir si la glyc\u00e9mie est en cause","description":"Diab\u00e8te et chute de cheveux : pourquoi la glyc\u00e9mie co\u00fbte des cheveux, le r\u00f4le de l'insulinor\u00e9sistance et les analyses de sang \u00e0 faire v\u00e9rifier.","robots":{"index":"index","follow":"follow","max-snippet":"max-snippet:-1","max-image-preview":"max-image-preview:large","max-video-preview":"max-video-preview:-1"},"canonical":"https:\/\/elithair.com\/fr\/greffe-de-cheveux-blog\/diabete-chute-de-cheveux\/","og_locale":"fr_FR","og_type":"article","og_title":"Diab\u00e8te et chute de cheveux : causes, insulinor\u00e9sistance et ce qui aide vraiment","og_description":"Diab\u00e8te et chute de cheveux : pourquoi la glyc\u00e9mie co\u00fbte des cheveux, le r\u00f4le de l'insulinor\u00e9sistance et les analyses de sang \u00e0 faire v\u00e9rifier.","og_url":"https:\/\/elithair.com\/fr\/greffe-de-cheveux-blog\/diabete-chute-de-cheveux\/","og_site_name":"Elithair","article_publisher":"https:\/\/www.facebook.com\/elithair.france\/","article_published_time":"2026-08-29T12:37:48+00:00","og_image":[{"url":"https:\/\/elithair.com\/fr\/wp-content\/uploads\/sites\/9\/2026\/08\/bestand_97298.png","type":"","width":"","height":""}],"author":"Dr. Imad Moustafa","twitter_card":"summary_large_image","twitter_misc":{"\u00c9crit par":"Dr. Imad Moustafa","Dur\u00e9e de lecture estim\u00e9e":"70 minutes"},"schema":{"@context":"https:\/\/schema.org","@graph":[{"@type":"Article","@id":"https:\/\/elithair.com\/fr\/greffe-de-cheveux-blog\/diabete-chute-de-cheveux\/#article","isPartOf":{"@id":"https:\/\/elithair.com\/fr\/greffe-de-cheveux-blog\/diabete-chute-de-cheveux\/"},"author":{"name":"Dr. Imad Moustafa","@id":"https:\/\/elithair.com\/fr\/#\/schema\/person\/11ce37e83a6343e4c37edcd4b5498e41"},"headline":"Diab\u00e8te et chute de cheveux : causes, insulinor\u00e9sistance et ce qui aide vraiment","datePublished":"2026-08-29T12:37:48+00:00","mainEntityOfPage":{"@id":"https:\/\/elithair.com\/fr\/greffe-de-cheveux-blog\/diabete-chute-de-cheveux\/"},"wordCount":14446,"publisher":{"@id":"https:\/\/elithair.com\/fr\/#organization"},"image":{"@id":"https:\/\/elithair.com\/fr\/greffe-de-cheveux-blog\/diabete-chute-de-cheveux\/#primaryimage"},"thumbnailUrl":"https:\/\/elithair.com\/fr\/wp-content\/uploads\/sites\/9\/2026\/08\/hero-8.png","articleSection":["Perte de cheveux"],"inLanguage":"fr-FR"},{"@type":"WebPage","@id":"https:\/\/elithair.com\/fr\/greffe-de-cheveux-blog\/diabete-chute-de-cheveux\/","url":"https:\/\/elithair.com\/fr\/greffe-de-cheveux-blog\/diabete-chute-de-cheveux\/","name":"Diab\u00e8te et chute de cheveux : comment savoir si la glyc\u00e9mie est en cause","isPartOf":{"@id":"https:\/\/elithair.com\/fr\/#website"},"primaryImageOfPage":{"@id":"https:\/\/elithair.com\/fr\/greffe-de-cheveux-blog\/diabete-chute-de-cheveux\/#primaryimage"},"image":{"@id":"https:\/\/elithair.com\/fr\/greffe-de-cheveux-blog\/diabete-chute-de-cheveux\/#primaryimage"},"thumbnailUrl":"https:\/\/elithair.com\/fr\/wp-content\/uploads\/sites\/9\/2026\/08\/hero-8.png","datePublished":"2026-08-29T12:37:48+00:00","description":"Diab\u00e8te et chute de cheveux : pourquoi la glyc\u00e9mie co\u00fbte des cheveux, le r\u00f4le de l'insulinor\u00e9sistance et les analyses de sang \u00e0 faire v\u00e9rifier.","breadcrumb":{"@id":"https:\/\/elithair.com\/fr\/greffe-de-cheveux-blog\/diabete-chute-de-cheveux\/#breadcrumb"},"inLanguage":"fr-FR","potentialAction":[{"@type":"ReadAction","target":["https:\/\/elithair.com\/fr\/greffe-de-cheveux-blog\/diabete-chute-de-cheveux\/"]}]},{"@type":"ImageObject","inLanguage":"fr-FR","@id":"https:\/\/elithair.com\/fr\/greffe-de-cheveux-blog\/diabete-chute-de-cheveux\/#primaryimage","url":"https:\/\/elithair.com\/fr\/wp-content\/uploads\/sites\/9\/2026\/08\/hero-8.png","contentUrl":"https:\/\/elithair.com\/fr\/wp-content\/uploads\/sites\/9\/2026\/08\/hero-8.png","width":1536,"height":1024,"caption":"Mann Ende vierzig betrachtet im Badezimmer eine Haarb\u00fcrste, daneben ein Blutzuckermessger\u00e4t"},{"@type":"BreadcrumbList","@id":"https:\/\/elithair.com\/fr\/greffe-de-cheveux-blog\/diabete-chute-de-cheveux\/#breadcrumb","itemListElement":[{"@type":"ListItem","position":1,"name":"Home","item":"https:\/\/elithair.com\/fr\/"},{"@type":"ListItem","position":2,"name":"Diab\u00e8te et chute de cheveux : causes, insulinor\u00e9sistance et ce qui aide vraiment"}]},{"@type":"WebSite","@id":"https:\/\/elithair.com\/fr\/#website","url":"https:\/\/elithair.com\/fr\/","name":"Elithair","description":"Greffe de cheveux en Turquie : retrouvez votre confiance","publisher":{"@id":"https:\/\/elithair.com\/fr\/#organization"},"alternateName":"Greffe de cheveux en Turquie : retrouvez votre confiance","potentialAction":[{"@type":"SearchAction","target":{"@type":"EntryPoint","urlTemplate":"https:\/\/elithair.com\/fr\/?s={search_term_string}"},"query-input":{"@type":"PropertyValueSpecification","valueRequired":true,"valueName":"search_term_string"}}],"inLanguage":"fr-FR"},{"@type":"Organization","@id":"https:\/\/elithair.com\/fr\/#organization","name":"Elithair","url":"https:\/\/elithair.com\/fr\/","logo":{"@type":"ImageObject","inLanguage":"fr-FR","@id":"https:\/\/elithair.com\/fr\/#\/schema\/logo\/image\/","url":"https:\/\/elithair.com\/fr\/wp-content\/uploads\/sites\/9\/2026\/04\/elithair-logo-primary.svg","contentUrl":"https:\/\/elithair.com\/fr\/wp-content\/uploads\/sites\/9\/2026\/04\/elithair-logo-primary.svg","width":1,"height":1,"caption":"Elithair"},"image":{"@id":"https:\/\/elithair.com\/fr\/#\/schema\/logo\/image\/"},"sameAs":["https:\/\/www.facebook.com\/elithair.france\/","https:\/\/www.instagram.com\/elithair.fr\/","https:\/\/www.tiktok.com\/@elithairfr?_t=8q2yM9qMnUe&_r=1","https:\/\/www.youtube.com\/@elithair.france\/"]},{"@type":"Person","@id":"https:\/\/elithair.com\/fr\/#\/schema\/person\/11ce37e83a6343e4c37edcd4b5498e41","name":"Dr. Imad Moustafa","image":{"@type":"ImageObject","inLanguage":"fr-FR","@id":"https:\/\/secure.gravatar.com\/avatar\/9190499f6f3008cd7da57b179f07bfea4b4e382c816ba3e0de68db0b5a70c07d?s=96&d=mm&r=g","url":"https:\/\/secure.gravatar.com\/avatar\/9190499f6f3008cd7da57b179f07bfea4b4e382c816ba3e0de68db0b5a70c07d?s=96&d=mm&r=g","contentUrl":"https:\/\/secure.gravatar.com\/avatar\/9190499f6f3008cd7da57b179f07bfea4b4e382c816ba3e0de68db0b5a70c07d?s=96&d=mm&r=g","caption":"Dr. Imad Moustafa"}}]}},"_links":{"self":[{"href":"https:\/\/elithair.com\/fr\/wp-json\/wp\/v2\/posts\/101238","targetHints":{"allow":["GET"]}}],"collection":[{"href":"https:\/\/elithair.com\/fr\/wp-json\/wp\/v2\/posts"}],"about":[{"href":"https:\/\/elithair.com\/fr\/wp-json\/wp\/v2\/types\/post"}],"author":[{"embeddable":true,"href":"https:\/\/elithair.com\/fr\/wp-json\/wp\/v2\/users\/10"}],"replies":[{"embeddable":true,"href":"https:\/\/elithair.com\/fr\/wp-json\/wp\/v2\/comments?post=101238"}],"version-history":[{"count":0,"href":"https:\/\/elithair.com\/fr\/wp-json\/wp\/v2\/posts\/101238\/revisions"}],"wp:featuredmedia":[{"embeddable":true,"href":"https:\/\/elithair.com\/fr\/wp-json\/wp\/v2\/media\/101242"}],"wp:attachment":[{"href":"https:\/\/elithair.com\/fr\/wp-json\/wp\/v2\/media?parent=101238"}],"wp:term":[{"taxonomy":"category","embeddable":true,"href":"https:\/\/elithair.com\/fr\/wp-json\/wp\/v2\/categories?post=101238"},{"taxonomy":"post_tag","embeddable":true,"href":"https:\/\/elithair.com\/fr\/wp-json\/wp\/v2\/tags?post=101238"}],"curies":[{"name":"wp","href":"https:\/\/api.w.org\/{rel}","templated":true}]}}