{"id":101237,"date":"2026-08-29T12:36:34","date_gmt":"2026-08-29T12:36:34","guid":{"rendered":"https:\/\/elithair.com\/fr\/greffe-de-cheveux-blog\/analyse-de-sang-chute-de-cheveux\/"},"modified":"2026-08-29T12:36:34","modified_gmt":"2026-08-29T12:36:34","slug":"analyse-de-sang-chute-de-cheveux","status":"publish","type":"post","link":"https:\/\/elithair.com\/fr\/greffe-de-cheveux-blog\/analyse-de-sang-chute-de-cheveux\/","title":{"rendered":"Analyse de sang et chute de cheveux : les valeurs vraiment utiles"},"content":{"rendered":"\n<div style=\"border-left:4px solid #0079F1;padding:0 0 0 14px;margin:0 0 26px\">\n<p style=\"margin:0 0 14px;color:#2e3033;font-size:17px;line-height:1.65\">Quand on consulte pour une chute de cheveux, on veut surtout savoir deux choses : quelles analyses de sang demander et ce que signifient les chiffres du compte rendu. Six param\u00e8tres sont r\u00e9ellement informatifs : l\u2019h\u00e9mogramme, la ferritine, la CRP, la TSH, la 25-OH-vitamine D et le zinc. Ils permettent d\u2019identifier les causes traitables d\u2019une chute diffuse. La forme la plus fr\u00e9quente, l\u2019alop\u00e9cie androg\u00e9n\u00e9tique, ne se voit en revanche pas dans le sang. Cet article passe chaque valeur en revue, avec des ordres de grandeur, les facteurs d\u2019interf\u00e9rence et les sources, \u00e9tat des connaissances 2026.<\/p>\n<p style=\"margin:0 0 8px;color:#013366;font-weight:700;font-size:16px\">L\u2019essentiel en bref<\/p>\n<ul style=\"margin:0 0 14px;padding:0;color:#2e3033;list-style:none\">\n<li style=\"position:relative;padding:3px 0 3px 24px\"><span style=\"position:absolute;left:0;top:3px;color:#0079F1;font-weight:700\">&#10003;<\/span>Le bilan de base en cas de chute diffuse comprend l\u2019h\u00e9mogramme, la ferritine, la CRP, la TSH, la 25-OH-vitamine D et le zinc<\/li>\n<li style=\"position:relative;padding:3px 0 3px 24px\"><span style=\"position:absolute;left:0;top:3px;color:#0079F1;font-weight:700\">&#10003;<\/span>La ferritine est le param\u00e8tre isol\u00e9 le plus important, et \u00ab dans les valeurs de r\u00e9f\u00e9rence \u00bb ne veut pas dire ici \u00ab optimal \u00bb<\/li>\n<li style=\"position:relative;padding:3px 0 3px 24px\"><span style=\"position:absolute;left:0;top:3px;color:#0079F1;font-weight:700\">&#10003;<\/span>Un h\u00e9mogramme complet ne suffit pas : la ferritine, la TSH, la vitamine D et le zinc n\u2019y figurent pas<\/li>\n<li style=\"position:relative;padding:3px 0 3px 24px\"><span style=\"position:absolute;left:0;top:3px;color:#0079F1;font-weight:700\">&#10003;<\/span>Chez la femme, les dosages hormonaux rel\u00e8vent d\u2019une d\u00e9cision m\u00e9dicale et se programment en fonction du cycle<\/li>\n<\/ul>\n<p style=\"margin:0;color:#2e3033\">Le sommaire indique o\u00f9 trouver quoi. Ensuite, chaque valeur est d\u00e9taill\u00e9e, jusqu\u2019\u00e0 la question de savoir quoi faire lorsque toutes les analyses sont normales et que les cheveux tombent malgr\u00e9 tout. Vous avez d\u00e9j\u00e0 votre compte rendu sous les yeux ? Le <a href=\"#befund-uebersetzer\" style=\"color:#0079F1;font-weight:600\">d\u00e9codeur du compte rendu<\/a> explique chaque abr\u00e9viation, de l\u2019Hb au VGM en passant par les anti-TPO.<\/p>\n<\/div>\n\n\n\n<h2 class=\"wp-block-heading\">Ce qu\u2019une analyse de sang \u00e9tablit en cas de chute de cheveux et ce qu\u2019elle ne peut pas \u00e9tablir<\/h2>\n\n\n\n<p class=\"wp-block-paragraph\"><strong>Une analyse de sang met en \u00e9vidence les d\u00e9clencheurs acquis et traitables d\u2019une chute de cheveux : carence en fer, trouble de la fonction thyro\u00efdienne, d\u00e9ficits en nutriments et inflammation, plus rarement des causes hormonales ou syst\u00e9miques. Elle ne permet ni de prouver ni d\u2019exclure l\u2019alop\u00e9cie androg\u00e9n\u00e9tique.<\/strong> Cette forme est un diagnostic clinique, pos\u00e9 \u00e0 partir de l\u2019interrogatoire, du profil de la chute et de la trichoscopie, comme le d\u00e9crit de fa\u00e7on constante la litt\u00e9rature dermatologique.<\/p>\n\n\n\n<p class=\"wp-block-paragraph\">Deux termes reviennent tout au long de l\u2019article. L\u2019 <strong>alop\u00e9cie androg\u00e9n\u00e9tique<\/strong> d\u00e9signe la chute h\u00e9r\u00e9ditaire, dans laquelle les follicules du front, des tempes et du vertex sont particuli\u00e8rement sensibles \u00e0 l\u2019androg\u00e8ne DHT et s\u2019atrophient progressivement. L\u2019 <strong>effluvium t\u00e9log\u00e8ne<\/strong> est une chute diffuse sur l\u2019ensemble du cr\u00e2ne, o\u00f9 un nombre inhabituel de follicules passent pr\u00e9matur\u00e9ment et simultan\u00e9ment en phase de repos.<\/p>\n\n\n\n<div style=\"border:1px solid #dbe4f0;border-radius:12px;padding:20px 22px;margin:0 0 26px;background:#f6f9fc\">\n<p style=\"margin:0 0 10px;color:#013366;font-weight:700;font-size:16px\">Analyses de sang et chute de cheveux : les six messages cl\u00e9s<\/p>\n<ol style=\"margin:0;padding:0 0 0 22px;color:#2e3033;line-height:1.6\">\n<li style=\"padding:4px 0\">Bilan de base : h\u00e9mogramme, ferritine, CRP, TSH, 25-OH-vitamine D, zinc.<\/li>\n<li style=\"padding:4px 0\">La ferritine est le param\u00e8tre isol\u00e9 le plus informatif en cas de chute diffuse.<\/li>\n<li style=\"padding:4px 0\">La CRP en fait toujours partie, car une inflammation fait appara\u00eetre la ferritine faussement \u00e9lev\u00e9e.<\/li>\n<li style=\"padding:4px 0\">Un h\u00e9mogramme complet ne contient ni ferritine, ni TSH, ni vitamine D, ni zinc.<\/li>\n<li style=\"padding:4px 0\">Dosages hormonaux uniquement apr\u00e8s interrogatoire, et chez la femme programm\u00e9s selon le cycle.<\/li>\n<li style=\"padding:4px 0\">Apr\u00e8s la correction d\u2019une carence, il faut typiquement trois \u00e0 six mois pour que la chute diminue.<\/li>\n<\/ol>\n<\/div>\n\n\n\n<p class=\"wp-block-paragraph\">Le fait que les analyses de sang ne montrent pas l\u2019alop\u00e9cie androg\u00e9n\u00e9tique ne rend pas l\u2019examen inutile, bien au contraire. Parce que le profil h\u00e9r\u00e9ditaire est tr\u00e8s fr\u00e9quent, la part traitable passe souvent inaper\u00e7ue. Une chute diffuse due \u00e0 une carence en fer ou \u00e0 un trouble thyro\u00efdien est r\u00e9versible, et les deux peuvent coexister : un profil h\u00e9r\u00e9ditaire plus une composante diffuse suppl\u00e9mentaire.<\/p>\n\n\n\n<p class=\"wp-block-paragraph\">L\u2019apport du laboratoire d\u00e9pend donc du profil : diffus sur tout le cr\u00e2ne, le laboratoire passe au premier plan ; profil au front et au vertex, il devient secondaire ; plaques rondes ou cuir chevelu enflamm\u00e9, c\u2019est le dermatologue qui prime. Les causes possibles sont d\u00e9taill\u00e9es dans le panorama des <a href=\"\/fr\/greffe-de-cheveux-blog\/alopecie-causes-solutions\/\">causes de la chute de cheveux<\/a> .<\/p>\n\n\n\n<style>\n@media (max-width:640px){\n.rt-table-wrap{overflow-x:visible!important;border:0!important;border-radius:0!important}\n.rt-table{min-width:0!important}\n.rt-table thead{display:none}\n.rt-table,.rt-table tbody,.rt-table tr,.rt-table td{display:block;width:100%}\n.rt-table caption{display:block;padding:0 0 12px!important}\n.rt-table tr{margin:0 0 12px;border:1px solid #dbe4f0;border-radius:10px;overflow:hidden}\n.rt-table tr:last-child{margin-bottom:0}\n.rt-table td{display:flex!important;flex-direction:column;gap:3px;padding:12px 14px!important;\nborder:0!important;border-bottom:1px solid #e3e8ef!important;background:#ffffff!important}\n.rt-table tr td:last-child{border-bottom:0!important}\n.rt-table td::before{content:attr(data-label);font-size:12px;font-weight:700;letter-spacing:.04em;\ntext-transform:uppercase;color:#5799F1}\n.rt-table td:not([data-label])::before,.rt-table td[data-label=\"\"]::before{display:none}\n}\n<\/style>\n<div class=\"rt-table-wrap\" style=\"overflow-x:auto;-webkit-overflow-scrolling:touch;margin:28px 0;border:1px solid #dbe4f0;border-radius:12px\">\n  <table class=\"rt-table\" style=\"width:100%;min-width:620px;table-layout:fixed;border-collapse:separate;border-spacing:0;font-size:15px;margin:0\">\n    <caption style=\"caption-side:top;text-align:left;color:#003366;font-weight:700;font-size:16px;line-height:1.35;padding:14px 16px 10px;background:#ffffff\">Ce qu\u2019une analyse de sang montre et ne montre pas en cas de chute de cheveux<\/caption>\n    <thead>\n      <tr>\n        <th style=\"width:22%;background:#003366;color:#ffffff;font-weight:700;text-align:left;vertical-align:middle;padding:13px 16px;font-size:15px;line-height:1.4;border:0;overflow-wrap:break-word\">Cause ou forme<\/th>\n        <th style=\"background:#003366;color:#ffffff;font-weight:700;text-align:left;vertical-align:middle;padding:13px 16px;font-size:15px;line-height:1.4;border:0;overflow-wrap:break-word\">Visible dans le sang ?<\/th>\n        <th style=\"background:#003366;color:#ffffff;font-weight:700;text-align:left;vertical-align:middle;padding:13px 16px;font-size:15px;line-height:1.4;border:0;overflow-wrap:break-word\">Comment elle est identifi\u00e9e autrement<\/th>\n      <\/tr>\n    <\/thead>\n    <tbody>\n      <tr>\n        <td data-label=\"Cause ou forme\" style=\"background:#ffffff;color:#003366;font-weight:700;text-align:left;vertical-align:top;padding:13px 16px;font-size:15px;line-height:1.55;border:0;border-bottom:1px solid #e3e8ef;overflow-wrap:break-word\">Carence en fer<\/td>\n        <td data-label=\"Visible dans le sang ?\" style=\"background:#ffffff;color:#22303e;font-weight:400;text-align:left;vertical-align:top;padding:13px 16px;font-size:15px;line-height:1.55;border:0;border-bottom:1px solid #e3e8ef;overflow-wrap:break-word\">Oui, par la ferritine associ\u00e9e \u00e0 la CRP<\/td>\n        <td data-label=\"Comment elle est identifi\u00e9e autrement\" style=\"background:#ffffff;color:#22303e;font-weight:400;text-align:left;vertical-align:top;padding:13px 16px;font-size:15px;line-height:1.55;border:0;border-bottom:1px solid #e3e8ef;overflow-wrap:break-word\">Analyse de sang, et en cas de doute coefficient de saturation de la transferrine<\/td>\n      <\/tr>\n      <tr>\n        <td data-label=\"Cause ou forme\" style=\"background:#f6f9fc;color:#003366;font-weight:700;text-align:left;vertical-align:top;padding:13px 16px;font-size:15px;line-height:1.55;border:0;border-bottom:1px solid #e3e8ef;overflow-wrap:break-word\">Trouble de la fonction thyro\u00efdienne<\/td>\n        <td data-label=\"Visible dans le sang ?\" style=\"background:#f6f9fc;color:#22303e;font-weight:400;text-align:left;vertical-align:top;padding:13px 16px;font-size:15px;line-height:1.55;border:0;border-bottom:1px solid #e3e8ef;overflow-wrap:break-word\">Oui, par la TSH, et en cas d\u2019anomalie T3L, T4L, anti-TPO<\/td>\n        <td data-label=\"Comment elle est identifi\u00e9e autrement\" style=\"background:#f6f9fc;color:#22303e;font-weight:400;text-align:left;vertical-align:top;padding:13px 16px;font-size:15px;line-height:1.55;border:0;border-bottom:1px solid #e3e8ef;overflow-wrap:break-word\">Analyse de sang et examen clinique<\/td>\n      <\/tr>\n      <tr>\n        <td data-label=\"Cause ou forme\" style=\"background:#ffffff;color:#003366;font-weight:700;text-align:left;vertical-align:top;padding:13px 16px;font-size:15px;line-height:1.55;border:0;border-bottom:1px solid #e3e8ef;overflow-wrap:break-word\">Carence en vitamine D<\/td>\n        <td data-label=\"Visible dans le sang ?\" style=\"background:#ffffff;color:#22303e;font-weight:400;text-align:left;vertical-align:top;padding:13px 16px;font-size:15px;line-height:1.55;border:0;border-bottom:1px solid #e3e8ef;overflow-wrap:break-word\">Oui, par la 25-OH-vitamine D<\/td>\n        <td data-label=\"Comment elle est identifi\u00e9e autrement\" style=\"background:#ffffff;color:#22303e;font-weight:400;text-align:left;vertical-align:top;padding:13px 16px;font-size:15px;line-height:1.55;border:0;border-bottom:1px solid #e3e8ef;overflow-wrap:break-word\">Analyse de sang<\/td>\n      <\/tr>\n      <tr>\n        <td data-label=\"Cause ou forme\" style=\"background:#f6f9fc;color:#003366;font-weight:700;text-align:left;vertical-align:top;padding:13px 16px;font-size:15px;line-height:1.55;border:0;border-bottom:1px solid #e3e8ef;overflow-wrap:break-word\">Carence en zinc<\/td>\n        <td data-label=\"Visible dans le sang ?\" style=\"background:#f6f9fc;color:#22303e;font-weight:400;text-align:left;vertical-align:top;padding:13px 16px;font-size:15px;line-height:1.55;border:0;border-bottom:1px solid #e3e8ef;overflow-wrap:break-word\">Oui, par le zinc s\u00e9rique ou sur sang total<\/td>\n        <td data-label=\"Comment elle est identifi\u00e9e autrement\" style=\"background:#f6f9fc;color:#22303e;font-weight:400;text-align:left;vertical-align:top;padding:13px 16px;font-size:15px;line-height:1.55;border:0;border-bottom:1px solid #e3e8ef;overflow-wrap:break-word\">Analyse de sang, valeur variable selon l\u2019heure de la journ\u00e9e<\/td>\n      <\/tr>\n      <tr>\n        <td data-label=\"Cause ou forme\" style=\"background:#ffffff;color:#003366;font-weight:700;text-align:left;vertical-align:top;padding:13px 16px;font-size:15px;line-height:1.55;border:0;border-bottom:1px solid #e3e8ef;overflow-wrap:break-word\">An\u00e9mie<\/td>\n        <td data-label=\"Visible dans le sang ?\" style=\"background:#ffffff;color:#22303e;font-weight:400;text-align:left;vertical-align:top;padding:13px 16px;font-size:15px;line-height:1.55;border:0;border-bottom:1px solid #e3e8ef;overflow-wrap:break-word\">Oui, par l\u2019h\u00e9mogramme et l\u2019h\u00e9moglobine<\/td>\n        <td data-label=\"Comment elle est identifi\u00e9e autrement\" style=\"background:#ffffff;color:#22303e;font-weight:400;text-align:left;vertical-align:top;padding:13px 16px;font-size:15px;line-height:1.55;border:0;border-bottom:1px solid #e3e8ef;overflow-wrap:break-word\">Analyse de sang<\/td>\n      <\/tr>\n      <tr>\n        <td data-label=\"Cause ou forme\" style=\"background:#f6f9fc;color:#003366;font-weight:700;text-align:left;vertical-align:top;padding:13px 16px;font-size:15px;line-height:1.55;border:0;border-bottom:1px solid #e3e8ef;overflow-wrap:break-word\">Inflammation ou infection<\/td>\n        <td data-label=\"Visible dans le sang ?\" style=\"background:#f6f9fc;color:#22303e;font-weight:400;text-align:left;vertical-align:top;padding:13px 16px;font-size:15px;line-height:1.55;border:0;border-bottom:1px solid #e3e8ef;overflow-wrap:break-word\">Oui, par la CRP et la formule leucocytaire<\/td>\n        <td data-label=\"Comment elle est identifi\u00e9e autrement\" style=\"background:#f6f9fc;color:#22303e;font-weight:400;text-align:left;vertical-align:top;padding:13px 16px;font-size:15px;line-height:1.55;border:0;border-bottom:1px solid #e3e8ef;overflow-wrap:break-word\">Analyse de sang et interrogatoire<\/td>\n      <\/tr>\n      <tr>\n        <td data-label=\"Cause ou forme\" style=\"background:#ffffff;color:#003366;font-weight:700;text-align:left;vertical-align:top;padding:13px 16px;font-size:15px;line-height:1.55;border:0;border-bottom:1px solid #e3e8ef;overflow-wrap:break-word\">Carence en vitamine B12<\/td>\n        <td data-label=\"Visible dans le sang ?\" style=\"background:#ffffff;color:#22303e;font-weight:400;text-align:left;vertical-align:top;padding:13px 16px;font-size:15px;line-height:1.55;border:0;border-bottom:1px solid #e3e8ef;overflow-wrap:break-word\">Oui, par la B12 ou l\u2019holo-transcobalamine<\/td>\n        <td data-label=\"Comment elle est identifi\u00e9e autrement\" style=\"background:#ffffff;color:#22303e;font-weight:400;text-align:left;vertical-align:top;padding:13px 16px;font-size:15px;line-height:1.55;border:0;border-bottom:1px solid #e3e8ef;overflow-wrap:break-word\">Analyse de sang, souvent suspect\u00e9e devant un VGM \u00e9lev\u00e9<\/td>\n      <\/tr>\n      <tr>\n        <td data-label=\"Cause ou forme\" style=\"background:#f6f9fc;color:#003366;font-weight:700;text-align:left;vertical-align:top;padding:13px 16px;font-size:15px;line-height:1.55;border:0;border-bottom:1px solid #e3e8ef;overflow-wrap:break-word\">Trouble hormonal chez la femme<\/td>\n        <td data-label=\"Visible dans le sang ?\" style=\"background:#f6f9fc;color:#22303e;font-weight:400;text-align:left;vertical-align:top;padding:13px 16px;font-size:15px;line-height:1.55;border:0;border-bottom:1px solid #e3e8ef;overflow-wrap:break-word\">Oui, en cas de signes \u00e9vocateurs, par un bilan hormonal choisi par le m\u00e9decin<\/td>\n        <td data-label=\"Comment elle est identifi\u00e9e autrement\" style=\"background:#f6f9fc;color:#22303e;font-weight:400;text-align:left;vertical-align:top;padding:13px 16px;font-size:15px;line-height:1.55;border:0;border-bottom:1px solid #e3e8ef;overflow-wrap:break-word\">Interrogatoire et bilan gyn\u00e9cologique, laboratoire en compl\u00e9ment<\/td>\n      <\/tr>\n      <tr>\n        <td data-label=\"Cause ou forme\" style=\"background:#ffffff;color:#003366;font-weight:700;text-align:left;vertical-align:top;padding:13px 16px;font-size:15px;line-height:1.55;border:0;border-bottom:1px solid #e3e8ef;overflow-wrap:break-word\">Alop\u00e9cie androg\u00e9n\u00e9tique (h\u00e9r\u00e9ditaire)<\/td>\n        <td data-label=\"Visible dans le sang ?\" style=\"background:#ffffff;color:#22303e;font-weight:400;text-align:left;vertical-align:top;padding:13px 16px;font-size:15px;line-height:1.55;border:0;border-bottom:1px solid #e3e8ef;overflow-wrap:break-word\">Non<\/td>\n        <td data-label=\"Comment elle est identifi\u00e9e autrement\" style=\"background:#ffffff;color:#22303e;font-weight:400;text-align:left;vertical-align:top;padding:13px 16px;font-size:15px;line-height:1.55;border:0;border-bottom:1px solid #e3e8ef;overflow-wrap:break-word\">Profil au front, aux tempes et au vertex, trichoscopie, interrogatoire<\/td>\n      <\/tr>\n      <tr>\n        <td data-label=\"Cause ou forme\" style=\"background:#f6f9fc;color:#003366;font-weight:700;text-align:left;vertical-align:top;padding:13px 16px;font-size:15px;line-height:1.55;border:0;border-bottom:1px solid #e3e8ef;overflow-wrap:break-word\">Pelade (alopecia areata)<\/td>\n        <td data-label=\"Visible dans le sang ?\" style=\"background:#f6f9fc;color:#22303e;font-weight:400;text-align:left;vertical-align:top;padding:13px 16px;font-size:15px;line-height:1.55;border:0;border-bottom:1px solid #e3e8ef;overflow-wrap:break-word\">Non<\/td>\n        <td data-label=\"Comment elle est identifi\u00e9e autrement\" style=\"background:#f6f9fc;color:#22303e;font-weight:400;text-align:left;vertical-align:top;padding:13px 16px;font-size:15px;line-height:1.55;border:0;border-bottom:1px solid #e3e8ef;overflow-wrap:break-word\">Plaques rondes visibles, trichoscopie, examen dermatologique<\/td>\n      <\/tr>\n      <tr>\n        <td data-label=\"Cause ou forme\" style=\"background:#ffffff;color:#003366;font-weight:700;text-align:left;vertical-align:top;padding:13px 16px;font-size:15px;line-height:1.55;border:0;border-bottom:1px solid #e3e8ef;overflow-wrap:break-word\">Alop\u00e9cie cicatricielle<\/td>\n        <td data-label=\"Visible dans le sang ?\" style=\"background:#ffffff;color:#22303e;font-weight:400;text-align:left;vertical-align:top;padding:13px 16px;font-size:15px;line-height:1.55;border:0;border-bottom:1px solid #e3e8ef;overflow-wrap:break-word\">Non<\/td>\n        <td data-label=\"Comment elle est identifi\u00e9e autrement\" style=\"background:#ffffff;color:#22303e;font-weight:400;text-align:left;vertical-align:top;padding:13px 16px;font-size:15px;line-height:1.55;border:0;border-bottom:1px solid #e3e8ef;overflow-wrap:break-word\">Examen dermatologique, biopsie du cuir chevelu en cas de doute<\/td>\n      <\/tr>\n      <tr>\n        <td data-label=\"Cause ou forme\" style=\"background:#f6f9fc;color:#003366;font-weight:700;text-align:left;vertical-align:top;padding:13px 16px;font-size:15px;line-height:1.55;border:0;border-bottom:1px solid #e3e8ef;overflow-wrap:break-word\">Alop\u00e9cie de traction<\/td>\n        <td data-label=\"Visible dans le sang ?\" style=\"background:#f6f9fc;color:#22303e;font-weight:400;text-align:left;vertical-align:top;padding:13px 16px;font-size:15px;line-height:1.55;border:0;border-bottom:1px solid #e3e8ef;overflow-wrap:break-word\">Non<\/td>\n        <td data-label=\"Comment elle est identifi\u00e9e autrement\" style=\"background:#f6f9fc;color:#22303e;font-weight:400;text-align:left;vertical-align:top;padding:13px 16px;font-size:15px;line-height:1.55;border:0;border-bottom:1px solid #e3e8ef;overflow-wrap:break-word\">Interrogatoire sur les coiffures et les tensions exerc\u00e9es, examen de la ligne d\u2019implantation<\/td>\n      <\/tr>\n      <tr>\n        <td data-label=\"Cause ou forme\" style=\"background:#ffffff;color:#003366;font-weight:700;text-align:left;vertical-align:top;padding:13px 16px;font-size:15px;line-height:1.55;border:0;border-bottom:1px solid #e3e8ef;overflow-wrap:break-word\">Trichotillomanie<\/td>\n        <td data-label=\"Visible dans le sang ?\" style=\"background:#ffffff;color:#22303e;font-weight:400;text-align:left;vertical-align:top;padding:13px 16px;font-size:15px;line-height:1.55;border:0;border-bottom:1px solid #e3e8ef;overflow-wrap:break-word\">Non<\/td>\n        <td data-label=\"Comment elle est identifi\u00e9e autrement\" style=\"background:#ffffff;color:#22303e;font-weight:400;text-align:left;vertical-align:top;padding:13px 16px;font-size:15px;line-height:1.55;border:0;border-bottom:1px solid #e3e8ef;overflow-wrap:break-word\">Interrogatoire et aspect typique de cheveux cass\u00e9s de longueurs diff\u00e9rentes<\/td>\n      <\/tr>\n      <tr>\n        <td data-label=\"Cause ou forme\" style=\"background:#f6f9fc;color:#003366;font-weight:700;text-align:left;vertical-align:top;padding:13px 16px;font-size:15px;line-height:1.55;border:0;overflow-wrap:break-word\">D\u00e9clencheur ancien : infection, r\u00e9gime ou intervention chirurgicale<\/td>\n        <td data-label=\"Visible dans le sang ?\" style=\"background:#f6f9fc;color:#22303e;font-weight:400;text-align:left;vertical-align:top;padding:13px 16px;font-size:15px;line-height:1.55;border:0;overflow-wrap:break-word\">Seulement de fa\u00e7on indirecte, et souvent plus du tout<\/td>\n        <td data-label=\"Comment elle est identifi\u00e9e autrement\" style=\"background:#f6f9fc;color:#22303e;font-weight:400;text-align:left;vertical-align:top;padding:13px 16px;font-size:15px;line-height:1.55;border:0;overflow-wrap:break-word\">Interrogatoire portant sur les deux \u00e0 quatre derniers mois<\/td>\n      <\/tr>\n    <\/tbody>\n  <\/table>\n<\/div>\n\n\n<div class=\"wp-block-image\">\n<figure class=\"aligncenter size-large is-resized\" style=\"max-width:720px;margin-left:auto;margin-right:auto\"><img decoding=\"async\" src=\"https:\/\/elithair.com\/fr\/wp-content\/uploads\/sites\/9\/2026\/08\/infografik_blut_zeigt__fr.png\" alt=\"Infographie : ce qu\u2019une analyse de sang montre et ne montre pas en cas de chute de cheveux\" class=\"wp-image-101777\" style=\"width:720px;max-width:100%;height:auto\"\/><\/figure>\n<\/div>\n\n\n<h3 class=\"wp-block-heading\">Est-il utile de faire doser la testost\u00e9rone ou la DHT ?<\/h3>\n\n\n\n<p class=\"wp-block-paragraph\">Non, chez l\u2019homme pr\u00e9sentant une alop\u00e9cie androg\u00e9n\u00e9tique, le dosage de la testost\u00e9rone ou de la DHT s\u00e9riques n\u2019apporte rien sur le plan diagnostique. L\u2019alop\u00e9cie androg\u00e9n\u00e9tique repose sur la sensibilit\u00e9 des follicules \u00e0 la dihydrotestost\u00e9rone, et non sur un taux hormonal \u00e9lev\u00e9 dans le sang. Selon la litt\u00e9rature dermatologique, les hommes concern\u00e9s ont en r\u00e8gle g\u00e9n\u00e9rale des taux de testost\u00e9rone et de DHT normaux.<\/p>\n\n\n\n<p class=\"wp-block-paragraph\">Les deux conclusions en d\u00e9coulent : une valeur normale n\u2019exclut pas le diagnostic, et une valeur \u00e9lev\u00e9e ne le confirme pas. Chez la femme, le dosage des androg\u00e8nes est en revanche pertinent, mais pour une autre raison. Il recherche un trouble hormonal sous-jacent, comme un syndrome des ovaires polykystiques, et non l\u2019explication du profil de la chute.<\/p>\n\n\n\n<h2 class=\"wp-block-heading\">Quelles analyses de sang en cas de chute de cheveux ? Le panorama complet<\/h2>\n\n\n\n<p class=\"wp-block-paragraph\"><strong>Le bilan de base en cas de chute de cheveux comprend six param\u00e8tres : h\u00e9mogramme avec formule leucocytaire, ferritine, CRP, TSH, 25-OH-vitamine D et zinc.<\/strong> Un bilan \u00e9largi s\u2019y ajoute lorsque le tableau reste flou ou que la chute persiste ; les dosages hormonaux et la s\u00e9rologie auto-immune ne viennent qu\u2019ensuite, et seulement si l\u2019interrogatoire y invite. Les tableaux suivants reprennent ces trois niveaux, avec pour chaque param\u00e8tre ce qu\u2019il indique, quand il est utile et quel ordre de grandeur en attendre.<\/p>\n\n\n\n<style>\n@media (max-width:640px){\n.rt-table-wrap{overflow-x:visible!important;border:0!important;border-radius:0!important}\n.rt-table{min-width:0!important}\n.rt-table thead{display:none}\n.rt-table,.rt-table tbody,.rt-table tr,.rt-table td{display:block;width:100%}\n.rt-table caption{display:block;padding:0 0 12px!important}\n.rt-table tr{margin:0 0 12px;border:1px solid #dbe4f0;border-radius:10px;overflow:hidden}\n.rt-table tr:last-child{margin-bottom:0}\n.rt-table td{display:flex!important;flex-direction:column;gap:3px;padding:12px 14px!important;\nborder:0!important;border-bottom:1px solid #e3e8ef!important;background:#ffffff!important}\n.rt-table tr td:last-child{border-bottom:0!important}\n.rt-table td::before{content:attr(data-label);font-size:12px;font-weight:700;letter-spacing:.04em;\ntext-transform:uppercase;color:#5799F1}\n.rt-table td:not([data-label])::before,.rt-table td[data-label=\"\"]::before{display:none}\n}\n<\/style>\n<div class=\"rt-table-wrap\" style=\"overflow-x:auto;-webkit-overflow-scrolling:touch;margin:28px 0;border:1px solid #dbe4f0;border-radius:12px\">\n  <table class=\"rt-table\" style=\"width:100%;min-width:660px;table-layout:fixed;border-collapse:separate;border-spacing:0;font-size:15px;margin:0\">\n    <caption style=\"caption-side:top;text-align:left;color:#003366;font-weight:700;font-size:16px;line-height:1.35;padding:14px 16px 10px;background:#ffffff\">Niveau 1 : le bilan de base en cas de chute de cheveux<\/caption>\n    <thead>\n      <tr>\n        <th style=\"width:22%;background:#003366;color:#ffffff;font-weight:700;text-align:left;vertical-align:middle;padding:13px 16px;font-size:15px;line-height:1.4;border:0;overflow-wrap:break-word\">Param\u00e8tre<\/th>\n        <th style=\"background:#003366;color:#ffffff;font-weight:700;text-align:left;vertical-align:middle;padding:13px 16px;font-size:15px;line-height:1.4;border:0;overflow-wrap:break-word\">Ce qu\u2019il indique<\/th>\n        <th style=\"background:#003366;color:#ffffff;font-weight:700;text-align:left;vertical-align:middle;padding:13px 16px;font-size:15px;line-height:1.4;border:0;overflow-wrap:break-word\">Quand il est utile<\/th>\n        <th style=\"background:#003366;color:#ffffff;font-weight:700;text-align:left;vertical-align:middle;padding:13px 16px;font-size:15px;line-height:1.4;border:0;overflow-wrap:break-word\">Ordre de grandeur<\/th>\n      <\/tr>\n    <\/thead>\n    <tbody>\n      <tr>\n        <td data-label=\"Param\u00e8tre\" style=\"background:#ffffff;color:#003366;font-weight:700;text-align:left;vertical-align:top;padding:13px 16px;font-size:15px;line-height:1.55;border:0;border-bottom:1px solid #e3e8ef;overflow-wrap:break-word\">Ferritine<\/td>\n        <td data-label=\"Ce qu\u2019il indique\" style=\"background:#ffffff;color:#22303e;font-weight:400;text-align:left;vertical-align:top;padding:13px 16px;font-size:15px;line-height:1.55;border:0;border-bottom:1px solid #e3e8ef;overflow-wrap:break-word\">Niveau de remplissage des r\u00e9serves de fer, souvent anormal avant m\u00eame une an\u00e9mie<\/td>\n        <td data-label=\"Quand il est utile\" style=\"background:#ffffff;color:#22303e;font-weight:400;text-align:left;vertical-align:top;padding:13px 16px;font-size:15px;line-height:1.55;border:0;border-bottom:1px solid #e3e8ef;overflow-wrap:break-word\">Devant toute chute diffuse, en particulier chez la femme<\/td>\n        <td data-label=\"Ordre de grandeur\" style=\"background:#ffffff;color:#22303e;font-weight:400;text-align:left;vertical-align:top;padding:13px 16px;font-size:15px;line-height:1.55;border:0;border-bottom:1px solid #e3e8ef;overflow-wrap:break-word\">Carence le plus souvent en dessous de 15 \u00e0 30 \u00b5g\/l selon le laboratoire ; des valeurs cibles plus \u00e9lev\u00e9es pour les cheveux rel\u00e8vent du d\u00e9bat sp\u00e9cialis\u00e9, pas des recommandations<\/td>\n      <\/tr>\n      <tr>\n        <td data-label=\"Param\u00e8tre\" style=\"background:#f6f9fc;color:#003366;font-weight:700;text-align:left;vertical-align:top;padding:13px 16px;font-size:15px;line-height:1.55;border:0;border-bottom:1px solid #e3e8ef;overflow-wrap:break-word\">CRP<\/td>\n        <td data-label=\"Ce qu\u2019il indique\" style=\"background:#f6f9fc;color:#22303e;font-weight:400;text-align:left;vertical-align:top;padding:13px 16px;font-size:15px;line-height:1.55;border:0;border-bottom:1px solid #e3e8ef;overflow-wrap:break-word\">Inflammation dans l\u2019organisme, r\u00e9v\u00e8le une ferritine faussement \u00e9lev\u00e9e<\/td>\n        <td data-label=\"Quand il est utile\" style=\"background:#f6f9fc;color:#22303e;font-weight:400;text-align:left;vertical-align:top;padding:13px 16px;font-size:15px;line-height:1.55;border:0;border-bottom:1px solid #e3e8ef;overflow-wrap:break-word\">Toujours avec la ferritine<\/td>\n        <td data-label=\"Ordre de grandeur\" style=\"background:#f6f9fc;color:#22303e;font-weight:400;text-align:left;vertical-align:top;padding:13px 16px;font-size:15px;line-height:1.55;border:0;border-bottom:1px solid #e3e8ef;overflow-wrap:break-word\">D\u00e9pend du laboratoire, voir votre propre compte rendu<\/td>\n      <\/tr>\n      <tr>\n        <td data-label=\"Param\u00e8tre\" style=\"background:#ffffff;color:#003366;font-weight:700;text-align:left;vertical-align:top;padding:13px 16px;font-size:15px;line-height:1.55;border:0;border-bottom:1px solid #e3e8ef;overflow-wrap:break-word\">H\u00e9mogramme avec formule leucocytaire<\/td>\n        <td data-label=\"Ce qu\u2019il indique\" style=\"background:#ffffff;color:#22303e;font-weight:400;text-align:left;vertical-align:top;padding:13px 16px;font-size:15px;line-height:1.55;border:0;border-bottom:1px solid #e3e8ef;overflow-wrap:break-word\">An\u00e9mie, taille des cellules (VGM), signes d\u2019inflammation ou de maladie du sang<\/td>\n        <td data-label=\"Quand il est utile\" style=\"background:#ffffff;color:#22303e;font-weight:400;text-align:left;vertical-align:top;padding:13px 16px;font-size:15px;line-height:1.55;border:0;border-bottom:1px solid #e3e8ef;overflow-wrap:break-word\">Examen de base devant une chute inexpliqu\u00e9e<\/td>\n        <td data-label=\"Ordre de grandeur\" style=\"background:#ffffff;color:#22303e;font-weight:400;text-align:left;vertical-align:top;padding:13px 16px;font-size:15px;line-height:1.55;border:0;border-bottom:1px solid #e3e8ef;overflow-wrap:break-word\">D\u00e9pend du laboratoire, voir votre propre compte rendu<\/td>\n      <\/tr>\n      <tr>\n        <td data-label=\"Param\u00e8tre\" style=\"background:#f6f9fc;color:#003366;font-weight:700;text-align:left;vertical-align:top;padding:13px 16px;font-size:15px;line-height:1.55;border:0;border-bottom:1px solid #e3e8ef;overflow-wrap:break-word\">TSH<\/td>\n        <td data-label=\"Ce qu\u2019il indique\" style=\"background:#f6f9fc;color:#22303e;font-weight:400;text-align:left;vertical-align:top;padding:13px 16px;font-size:15px;line-height:1.55;border:0;border-bottom:1px solid #e3e8ef;overflow-wrap:break-word\">Hormone de commande de la thyro\u00efde, r\u00e9agit \u00e0 une hypo- comme \u00e0 une hyperthyro\u00efdie<\/td>\n        <td data-label=\"Quand il est utile\" style=\"background:#f6f9fc;color:#22303e;font-weight:400;text-align:left;vertical-align:top;padding:13px 16px;font-size:15px;line-height:1.55;border:0;border-bottom:1px solid #e3e8ef;overflow-wrap:break-word\">En cas de chute diffuse, a fortiori en cas de fatigue, de variations de poids ou de troubles du cycle<\/td>\n        <td data-label=\"Ordre de grandeur\" style=\"background:#f6f9fc;color:#22303e;font-weight:400;text-align:left;vertical-align:top;padding:13px 16px;font-size:15px;line-height:1.55;border:0;border-bottom:1px solid #e3e8ef;overflow-wrap:break-word\">Souvent r\u00e9sum\u00e9 \u00e0 0,4 \u00e0 4,0 mUI\/l ; limite sup\u00e9rieure de 3,5 \u00e0 5,0 mUI\/l selon le laboratoire<\/td>\n      <\/tr>\n      <tr>\n        <td data-label=\"Param\u00e8tre\" style=\"background:#ffffff;color:#003366;font-weight:700;text-align:left;vertical-align:top;padding:13px 16px;font-size:15px;line-height:1.55;border:0;border-bottom:1px solid #e3e8ef;overflow-wrap:break-word\">25-OH-vitamine D<\/td>\n        <td data-label=\"Ce qu\u2019il indique\" style=\"background:#ffffff;color:#22303e;font-weight:400;text-align:left;vertical-align:top;padding:13px 16px;font-size:15px;line-height:1.55;border:0;border-bottom:1px solid #e3e8ef;overflow-wrap:break-word\">Statut en vitamine D des derni\u00e8res semaines<\/td>\n        <td data-label=\"Quand il est utile\" style=\"background:#ffffff;color:#22303e;font-weight:400;text-align:left;vertical-align:top;padding:13px 16px;font-size:15px;line-height:1.55;border:0;border-bottom:1px solid #e3e8ef;overflow-wrap:break-word\">En cas de chute diffuse et de faible exposition au soleil<\/td>\n        <td data-label=\"Ordre de grandeur\" style=\"background:#ffffff;color:#22303e;font-weight:400;text-align:left;vertical-align:top;padding:13px 16px;font-size:15px;line-height:1.55;border:0;border-bottom:1px solid #e3e8ef;overflow-wrap:break-word\">\u00c0 partir de 20 ng\/ml (50 nmol\/l) suffisant, 12 \u00e0 20 ng\/ml (30 \u00e0 50 nmol\/l) sous-optimal, en dessous de 12 ng\/ml (30 nmol\/l) carence (classification de l\u2019Institute of Medicine)<\/td>\n      <\/tr>\n      <tr>\n        <td data-label=\"Param\u00e8tre\" style=\"background:#f6f9fc;color:#003366;font-weight:700;text-align:left;vertical-align:top;padding:13px 16px;font-size:15px;line-height:1.55;border:0;overflow-wrap:break-word\">Zinc<\/td>\n        <td data-label=\"Ce qu\u2019il indique\" style=\"background:#f6f9fc;color:#22303e;font-weight:400;text-align:left;vertical-align:top;padding:13px 16px;font-size:15px;line-height:1.55;border:0;overflow-wrap:break-word\">Statut en zinc, baisse aussi en cas d\u2019inflammation<\/td>\n        <td data-label=\"Quand il est utile\" style=\"background:#f6f9fc;color:#22303e;font-weight:400;text-align:left;vertical-align:top;padding:13px 16px;font-size:15px;line-height:1.55;border:0;overflow-wrap:break-word\">En cas de chute diffuse, d\u2019alimentation d\u00e9s\u00e9quilibr\u00e9e ou de maladie intestinale<\/td>\n        <td data-label=\"Ordre de grandeur\" style=\"background:#f6f9fc;color:#22303e;font-weight:400;text-align:left;vertical-align:top;padding:13px 16px;font-size:15px;line-height:1.55;border:0;overflow-wrap:break-word\">Dans le s\u00e9rum, environ 9 \u00e0 21 \u00b5mol\/l ou 75 \u00e0 140 \u00b5g\/dl selon la m\u00e9thode<\/td>\n      <\/tr>\n    <\/tbody>\n  <\/table>\n<\/div>\n\n\n\n<p class=\"wp-block-paragraph\"><strong>Niveau 1, le bilan de base :<\/strong> h\u00e9mogramme, ferritine, CRP, TSH, 25-OH-vitamine D et zinc. Cette combinaison couvre la carence en fer, l\u2019an\u00e9mie, l\u2019inflammation, la fonction thyro\u00efdienne et les deux d\u00e9ficits en nutriments les plus discut\u00e9s. Elle est d\u00e9crite de fa\u00e7on pratiquement identique dans les sources sp\u00e9cialis\u00e9es fran\u00e7aises, britanniques, italiennes et turques, et constitue donc le socle international du bilan sanguin en cas de chute de cheveux. Que ces analyses soient prises en charge d\u00e9pend de l\u2019indication et non du param\u00e8tre isol\u00e9 ; la section sur le remboursement, plus bas, pr\u00e9cise o\u00f9 se situe cette limite.<\/p>\n\n\n\n<style>\n@media (max-width:640px){\n.rt-table-wrap{overflow-x:visible!important;border:0!important;border-radius:0!important}\n.rt-table{min-width:0!important}\n.rt-table thead{display:none}\n.rt-table,.rt-table tbody,.rt-table tr,.rt-table td{display:block;width:100%}\n.rt-table caption{display:block;padding:0 0 12px!important}\n.rt-table tr{margin:0 0 12px;border:1px solid #dbe4f0;border-radius:10px;overflow:hidden}\n.rt-table tr:last-child{margin-bottom:0}\n.rt-table td{display:flex!important;flex-direction:column;gap:3px;padding:12px 14px!important;\nborder:0!important;border-bottom:1px solid #e3e8ef!important;background:#ffffff!important}\n.rt-table tr td:last-child{border-bottom:0!important}\n.rt-table td::before{content:attr(data-label);font-size:12px;font-weight:700;letter-spacing:.04em;\ntext-transform:uppercase;color:#5799F1}\n.rt-table td:not([data-label])::before,.rt-table td[data-label=\"\"]::before{display:none}\n}\n<\/style>\n<div class=\"rt-table-wrap\" style=\"overflow-x:auto;-webkit-overflow-scrolling:touch;margin:28px 0;border:1px solid #dbe4f0;border-radius:12px\">\n  <table class=\"rt-table\" style=\"width:100%;min-width:660px;table-layout:fixed;border-collapse:separate;border-spacing:0;font-size:15px;margin:0\">\n    <caption style=\"caption-side:top;text-align:left;color:#003366;font-weight:700;font-size:16px;line-height:1.35;padding:14px 16px 10px;background:#ffffff\">Niveau 2 : bilan \u00e9largi lorsque le tableau reste flou ou que la chute persiste<\/caption>\n    <thead>\n      <tr>\n        <th style=\"width:22%;background:#003366;color:#ffffff;font-weight:700;text-align:left;vertical-align:middle;padding:13px 16px;font-size:15px;line-height:1.4;border:0;overflow-wrap:break-word\">Param\u00e8tre<\/th>\n        <th style=\"background:#003366;color:#ffffff;font-weight:700;text-align:left;vertical-align:middle;padding:13px 16px;font-size:15px;line-height:1.4;border:0;overflow-wrap:break-word\">Ce qu\u2019il indique<\/th>\n        <th style=\"background:#003366;color:#ffffff;font-weight:700;text-align:left;vertical-align:middle;padding:13px 16px;font-size:15px;line-height:1.4;border:0;overflow-wrap:break-word\">Quand il est utile<\/th>\n        <th style=\"background:#003366;color:#ffffff;font-weight:700;text-align:left;vertical-align:middle;padding:13px 16px;font-size:15px;line-height:1.4;border:0;overflow-wrap:break-word\">Rep\u00e8re d\u2019interpr\u00e9tation<\/th>\n      <\/tr>\n    <\/thead>\n    <tbody>\n      <tr>\n        <td data-label=\"Param\u00e8tre\" style=\"background:#ffffff;color:#003366;font-weight:700;text-align:left;vertical-align:top;padding:13px 16px;font-size:15px;line-height:1.55;border:0;border-bottom:1px solid #e3e8ef;overflow-wrap:break-word\">T3L et T4L<\/td>\n        <td data-label=\"Ce qu\u2019il indique\" style=\"background:#ffffff;color:#22303e;font-weight:400;text-align:left;vertical-align:top;padding:13px 16px;font-size:15px;line-height:1.55;border:0;border-bottom:1px solid #e3e8ef;overflow-wrap:break-word\">Hormones thyro\u00efdiennes libres, elles montrent la situation m\u00e9tabolique r\u00e9elle<\/td>\n        <td data-label=\"Quand il est utile\" style=\"background:#ffffff;color:#22303e;font-weight:400;text-align:left;vertical-align:top;padding:13px 16px;font-size:15px;line-height:1.55;border:0;border-bottom:1px solid #e3e8ef;overflow-wrap:break-word\">Lorsque la TSH est anormale ou que la suspicion clinique persiste<\/td>\n        <td data-label=\"Rep\u00e8re d\u2019interpr\u00e9tation\" style=\"background:#ffffff;color:#22303e;font-weight:400;text-align:left;vertical-align:top;padding:13px 16px;font-size:15px;line-height:1.55;border:0;border-bottom:1px solid #e3e8ef;overflow-wrap:break-word\">Elles s\u2019interpr\u00e8tent avec la TSH, jamais isol\u00e9ment<\/td>\n      <\/tr>\n      <tr>\n        <td data-label=\"Param\u00e8tre\" style=\"background:#f6f9fc;color:#003366;font-weight:700;text-align:left;vertical-align:top;padding:13px 16px;font-size:15px;line-height:1.55;border:0;border-bottom:1px solid #e3e8ef;overflow-wrap:break-word\">Anticorps anti-TPO<\/td>\n        <td data-label=\"Ce qu\u2019il indique\" style=\"background:#f6f9fc;color:#22303e;font-weight:400;text-align:left;vertical-align:top;padding:13px 16px;font-size:15px;line-height:1.55;border:0;border-bottom:1px solid #e3e8ef;overflow-wrap:break-word\">Processus auto-immun de la thyro\u00efde (thyro\u00efdite de Hashimoto)<\/td>\n        <td data-label=\"Quand il est utile\" style=\"background:#f6f9fc;color:#22303e;font-weight:400;text-align:left;vertical-align:top;padding:13px 16px;font-size:15px;line-height:1.55;border:0;border-bottom:1px solid #e3e8ef;overflow-wrap:break-word\">En cas de TSH anormale ou d\u2019ant\u00e9c\u00e9dents familiaux<\/td>\n        <td data-label=\"Rep\u00e8re d\u2019interpr\u00e9tation\" style=\"background:#f6f9fc;color:#22303e;font-weight:400;text-align:left;vertical-align:top;padding:13px 16px;font-size:15px;line-height:1.55;border:0;border-bottom:1px solid #e3e8ef;overflow-wrap:break-word\">Un r\u00e9sultat positif \u00e0 lui seul n\u2019est pas encore une maladie \u00e0 traiter<\/td>\n      <\/tr>\n      <tr>\n        <td data-label=\"Param\u00e8tre\" style=\"background:#ffffff;color:#003366;font-weight:700;text-align:left;vertical-align:top;padding:13px 16px;font-size:15px;line-height:1.55;border:0;border-bottom:1px solid #e3e8ef;overflow-wrap:break-word\">Vitamine B12 ou holo-transcobalamine<\/td>\n        <td data-label=\"Ce qu\u2019il indique\" style=\"background:#ffffff;color:#22303e;font-weight:400;text-align:left;vertical-align:top;padding:13px 16px;font-size:15px;line-height:1.55;border:0;border-bottom:1px solid #e3e8ef;overflow-wrap:break-word\">Statut en B12 ; l\u2019holo-TC refl\u00e8te la part disponible pour les cellules<\/td>\n        <td data-label=\"Quand il est utile\" style=\"background:#ffffff;color:#22303e;font-weight:400;text-align:left;vertical-align:top;padding:13px 16px;font-size:15px;line-height:1.55;border:0;border-bottom:1px solid #e3e8ef;overflow-wrap:break-word\">En cas d\u2019alimentation v\u00e9g\u00e9tarienne ou v\u00e9g\u00e9talienne, de VGM \u00e9lev\u00e9, de maladies digestives<\/td>\n        <td data-label=\"Rep\u00e8re d\u2019interpr\u00e9tation\" style=\"background:#ffffff;color:#22303e;font-weight:400;text-align:left;vertical-align:top;padding:13px 16px;font-size:15px;line-height:1.55;border:0;border-bottom:1px solid #e3e8ef;overflow-wrap:break-word\">L\u2019holo-transcobalamine est consid\u00e9r\u00e9e comme plus informative que la B12 totale<\/td>\n      <\/tr>\n      <tr>\n        <td data-label=\"Param\u00e8tre\" style=\"background:#f6f9fc;color:#003366;font-weight:700;text-align:left;vertical-align:top;padding:13px 16px;font-size:15px;line-height:1.55;border:0;border-bottom:1px solid #e3e8ef;overflow-wrap:break-word\">Folates<\/td>\n        <td data-label=\"Ce qu\u2019il indique\" style=\"background:#f6f9fc;color:#22303e;font-weight:400;text-align:left;vertical-align:top;padding:13px 16px;font-size:15px;line-height:1.55;border:0;border-bottom:1px solid #e3e8ef;overflow-wrap:break-word\">Statut en folates, important pour les tissus \u00e0 renouvellement rapide<\/td>\n        <td data-label=\"Quand il est utile\" style=\"background:#f6f9fc;color:#22303e;font-weight:400;text-align:left;vertical-align:top;padding:13px 16px;font-size:15px;line-height:1.55;border:0;border-bottom:1px solid #e3e8ef;overflow-wrap:break-word\">En cas de globules rouges de grande taille sur l\u2019h\u00e9mogramme ou d\u2019alimentation d\u00e9s\u00e9quilibr\u00e9e<\/td>\n        <td data-label=\"Rep\u00e8re d\u2019interpr\u00e9tation\" style=\"background:#f6f9fc;color:#22303e;font-weight:400;text-align:left;vertical-align:top;padding:13px 16px;font-size:15px;line-height:1.55;border:0;border-bottom:1px solid #e3e8ef;overflow-wrap:break-word\">S\u2019interpr\u00e8tent le plus souvent avec la B12<\/td>\n      <\/tr>\n      <tr>\n        <td data-label=\"Param\u00e8tre\" style=\"background:#ffffff;color:#003366;font-weight:700;text-align:left;vertical-align:top;padding:13px 16px;font-size:15px;line-height:1.55;border:0;border-bottom:1px solid #e3e8ef;overflow-wrap:break-word\">Coefficient de saturation de la transferrine<\/td>\n        <td data-label=\"Ce qu\u2019il indique\" style=\"background:#ffffff;color:#22303e;font-weight:400;text-align:left;vertical-align:top;padding:13px 16px;font-size:15px;line-height:1.55;border:0;border-bottom:1px solid #e3e8ef;overflow-wrap:break-word\">Part de la prot\u00e9ine de transport charg\u00e9e en fer<\/td>\n        <td data-label=\"Quand il est utile\" style=\"background:#ffffff;color:#22303e;font-weight:400;text-align:left;vertical-align:top;padding:13px 16px;font-size:15px;line-height:1.55;border:0;border-bottom:1px solid #e3e8ef;overflow-wrap:break-word\">Lorsque la ferritine et la clinique ne concordent pas<\/td>\n        <td data-label=\"Rep\u00e8re d\u2019interpr\u00e9tation\" style=\"background:#ffffff;color:#22303e;font-weight:400;text-align:left;vertical-align:top;padding:13px 16px;font-size:15px;line-height:1.55;border:0;border-bottom:1px solid #e3e8ef;overflow-wrap:break-word\">En dessous de 20 pour cent, avec une capacit\u00e9 de fixation du fer \u00e9lev\u00e9e, il peut indiquer une carence martiale fonctionnelle<\/td>\n      <\/tr>\n      <tr>\n        <td data-label=\"Param\u00e8tre\" style=\"background:#f6f9fc;color:#003366;font-weight:700;text-align:left;vertical-align:top;padding:13px 16px;font-size:15px;line-height:1.55;border:0;border-bottom:1px solid #e3e8ef;overflow-wrap:break-word\">Bilan h\u00e9patique et r\u00e9nal<\/td>\n        <td data-label=\"Ce qu\u2019il indique\" style=\"background:#f6f9fc;color:#22303e;font-weight:400;text-align:left;vertical-align:top;padding:13px 16px;font-size:15px;line-height:1.55;border:0;border-bottom:1px solid #e3e8ef;overflow-wrap:break-word\">Fonctions de base du foie et du rein<\/td>\n        <td data-label=\"Quand il est utile\" style=\"background:#f6f9fc;color:#22303e;font-weight:400;text-align:left;vertical-align:top;padding:13px 16px;font-size:15px;line-height:1.55;border:0;border-bottom:1px solid #e3e8ef;overflow-wrap:break-word\">En cas de sympt\u00f4mes g\u00e9n\u00e9raux ou de traitement au long cours<\/td>\n        <td data-label=\"Rep\u00e8re d\u2019interpr\u00e9tation\" style=\"background:#f6f9fc;color:#22303e;font-weight:400;text-align:left;vertical-align:top;padding:13px 16px;font-size:15px;line-height:1.55;border:0;border-bottom:1px solid #e3e8ef;overflow-wrap:break-word\">Ils n\u2019expliquent une chute diffuse que dans de rares cas<\/td>\n      <\/tr>\n      <tr>\n        <td data-label=\"Param\u00e8tre\" style=\"background:#ffffff;color:#003366;font-weight:700;text-align:left;vertical-align:top;padding:13px 16px;font-size:15px;line-height:1.55;border:0;border-bottom:1px solid #e3e8ef;overflow-wrap:break-word\">Glyc\u00e9mie ou HbA1c<\/td>\n        <td data-label=\"Ce qu\u2019il indique\" style=\"background:#ffffff;color:#22303e;font-weight:400;text-align:left;vertical-align:top;padding:13px 16px;font-size:15px;line-height:1.55;border:0;border-bottom:1px solid #e3e8ef;overflow-wrap:break-word\">M\u00e9tabolisme du sucre des derni\u00e8res semaines<\/td>\n        <td data-label=\"Quand il est utile\" style=\"background:#ffffff;color:#22303e;font-weight:400;text-align:left;vertical-align:top;padding:13px 16px;font-size:15px;line-height:1.55;border:0;border-bottom:1px solid #e3e8ef;overflow-wrap:break-word\">En cas de surpoids, de troubles du cycle ou de suspicion de syndrome des ovaires polykystiques<\/td>\n        <td data-label=\"Rep\u00e8re d\u2019interpr\u00e9tation\" style=\"background:#ffffff;color:#22303e;font-weight:400;text-align:left;vertical-align:top;padding:13px 16px;font-size:15px;line-height:1.55;border:0;border-bottom:1px solid #e3e8ef;overflow-wrap:break-word\">La glyc\u00e9mie \u00e0 jeun suppose de ne rien avoir mang\u00e9 avant le pr\u00e9l\u00e8vement<\/td>\n      <\/tr>\n      <tr>\n        <td data-label=\"Param\u00e8tre\" style=\"background:#f6f9fc;color:#003366;font-weight:700;text-align:left;vertical-align:top;padding:13px 16px;font-size:15px;line-height:1.55;border:0;overflow-wrap:break-word\">S\u00e9l\u00e9nium<\/td>\n        <td data-label=\"Ce qu\u2019il indique\" style=\"background:#f6f9fc;color:#22303e;font-weight:400;text-align:left;vertical-align:top;padding:13px 16px;font-size:15px;line-height:1.55;border:0;overflow-wrap:break-word\">Statut en s\u00e9l\u00e9nium<\/td>\n        <td data-label=\"Quand il est utile\" style=\"background:#f6f9fc;color:#22303e;font-weight:400;text-align:left;vertical-align:top;padding:13px 16px;font-size:15px;line-height:1.55;border:0;overflow-wrap:break-word\">Uniquement en cas de suspicion pr\u00e9cise<\/td>\n        <td data-label=\"Rep\u00e8re d\u2019interpr\u00e9tation\" style=\"background:#f6f9fc;color:#22303e;font-weight:400;text-align:left;vertical-align:top;padding:13px 16px;font-size:15px;line-height:1.55;border:0;overflow-wrap:break-word\">Un surdosage peut lui-m\u00eame provoquer une chute de cheveux, d\u2019o\u00f9 l\u2019importance de ne jamais en prendre \u00e0 l\u2019aveugle<\/td>\n      <\/tr>\n    <\/tbody>\n  <\/table>\n<\/div>\n\n\n\n<p class=\"wp-block-paragraph\"><strong>Niveau 2, bilan \u00e9largi :<\/strong> ces param\u00e8tres s\u2019ajoutent lorsque le bilan de base est normal mais que la chute diffuse persiste, ou lorsqu\u2019un r\u00e9sultat reste \u00e0 expliquer. Un exemple tir\u00e9 de la pratique : un coefficient de saturation de la transferrine inf\u00e9rieur \u00e0 20 pour cent, associ\u00e9 \u00e0 une capacit\u00e9 de fixation du fer \u00e9lev\u00e9e, peut indiquer une carence martiale fonctionnelle, alors m\u00eame que la ferritine para\u00eet \u00ab normale \u00bb.<\/p>\n\n\n\n<style>\n@media (max-width:640px){\n.rt-table-wrap{overflow-x:visible!important;border:0!important;border-radius:0!important}\n.rt-table{min-width:0!important}\n.rt-table thead{display:none}\n.rt-table,.rt-table tbody,.rt-table tr,.rt-table td{display:block;width:100%}\n.rt-table caption{display:block;padding:0 0 12px!important}\n.rt-table tr{margin:0 0 12px;border:1px solid #dbe4f0;border-radius:10px;overflow:hidden}\n.rt-table tr:last-child{margin-bottom:0}\n.rt-table td{display:flex!important;flex-direction:column;gap:3px;padding:12px 14px!important;\nborder:0!important;border-bottom:1px solid #e3e8ef!important;background:#ffffff!important}\n.rt-table tr td:last-child{border-bottom:0!important}\n.rt-table td::before{content:attr(data-label);font-size:12px;font-weight:700;letter-spacing:.04em;\ntext-transform:uppercase;color:#5799F1}\n.rt-table td:not([data-label])::before,.rt-table td[data-label=\"\"]::before{display:none}\n}\n<\/style>\n<div class=\"rt-table-wrap\" style=\"overflow-x:auto;-webkit-overflow-scrolling:touch;margin:28px 0;border:1px solid #dbe4f0;border-radius:12px\">\n  <table class=\"rt-table\" style=\"width:100%;min-width:620px;table-layout:fixed;border-collapse:separate;border-spacing:0;font-size:15px;margin:0\">\n    <caption style=\"caption-side:top;text-align:left;color:#003366;font-weight:700;font-size:16px;line-height:1.35;padding:14px 16px 10px;background:#ffffff\">Niveau 3 : uniquement sur indication m\u00e9dicale<\/caption>\n    <thead>\n      <tr>\n        <th style=\"width:22%;background:#003366;color:#ffffff;font-weight:700;text-align:left;vertical-align:middle;padding:13px 16px;font-size:15px;line-height:1.4;border:0;overflow-wrap:break-word\">Param\u00e8tre<\/th>\n        <th style=\"background:#003366;color:#ffffff;font-weight:700;text-align:left;vertical-align:middle;padding:13px 16px;font-size:15px;line-height:1.4;border:0;overflow-wrap:break-word\">Ce qu\u2019il indique<\/th>\n        <th style=\"background:#003366;color:#ffffff;font-weight:700;text-align:left;vertical-align:middle;padding:13px 16px;font-size:15px;line-height:1.4;border:0;overflow-wrap:break-word\">Quand les m\u00e9decins le prescrivent<\/th>\n      <\/tr>\n    <\/thead>\n    <tbody>\n      <tr>\n        <td data-label=\"Param\u00e8tre\" style=\"background:#ffffff;color:#003366;font-weight:700;text-align:left;vertical-align:top;padding:13px 16px;font-size:15px;line-height:1.55;border:0;border-bottom:1px solid #e3e8ef;overflow-wrap:break-word\">Testost\u00e9rone totale et libre<\/td>\n        <td data-label=\"Ce qu\u2019il indique\" style=\"background:#ffffff;color:#22303e;font-weight:400;text-align:left;vertical-align:top;padding:13px 16px;font-size:15px;line-height:1.55;border:0;border-bottom:1px solid #e3e8ef;overflow-wrap:break-word\">Taux d\u2019androg\u00e8nes ; seule la testost\u00e9rone libre est biologiquement active<\/td>\n        <td data-label=\"Quand les m\u00e9decins le prescrivent\" style=\"background:#ffffff;color:#22303e;font-weight:400;text-align:left;vertical-align:top;padding:13px 16px;font-size:15px;line-height:1.55;border:0;border-bottom:1px solid #e3e8ef;overflow-wrap:break-word\">Chez la femme pr\u00e9sentant des signes d\u2019exc\u00e8s d\u2019androg\u00e8nes : troubles du cycle, acn\u00e9 ou pilosit\u00e9 faciale accrue<\/td>\n      <\/tr>\n      <tr>\n        <td data-label=\"Param\u00e8tre\" style=\"background:#f6f9fc;color:#003366;font-weight:700;text-align:left;vertical-align:top;padding:13px 16px;font-size:15px;line-height:1.55;border:0;border-bottom:1px solid #e3e8ef;overflow-wrap:break-word\">SHBG<\/td>\n        <td data-label=\"Ce qu\u2019il indique\" style=\"background:#f6f9fc;color:#22303e;font-weight:400;text-align:left;vertical-align:top;padding:13px 16px;font-size:15px;line-height:1.55;border:0;border-bottom:1px solid #e3e8ef;overflow-wrap:break-word\">Prot\u00e9ine de transport des hormones sexuelles, elle modifie la testost\u00e9rone libre<\/td>\n        <td data-label=\"Quand les m\u00e9decins le prescrivent\" style=\"background:#f6f9fc;color:#22303e;font-weight:400;text-align:left;vertical-align:top;padding:13px 16px;font-size:15px;line-height:1.55;border:0;border-bottom:1px solid #e3e8ef;overflow-wrap:break-word\">Avec la testost\u00e9rone, surtout sous contraception hormonale<\/td>\n      <\/tr>\n      <tr>\n        <td data-label=\"Param\u00e8tre\" style=\"background:#ffffff;color:#003366;font-weight:700;text-align:left;vertical-align:top;padding:13px 16px;font-size:15px;line-height:1.55;border:0;border-bottom:1px solid #e3e8ef;overflow-wrap:break-word\">SDHA (sulfate de DHEA)<\/td>\n        <td data-label=\"Ce qu\u2019il indique\" style=\"background:#ffffff;color:#22303e;font-weight:400;text-align:left;vertical-align:top;padding:13px 16px;font-size:15px;line-height:1.55;border:0;border-bottom:1px solid #e3e8ef;overflow-wrap:break-word\">Production d\u2019androg\u00e8nes par la corticosurr\u00e9nale<\/td>\n        <td data-label=\"Quand les m\u00e9decins le prescrivent\" style=\"background:#ffffff;color:#22303e;font-weight:400;text-align:left;vertical-align:top;padding:13px 16px;font-size:15px;line-height:1.55;border:0;border-bottom:1px solid #e3e8ef;overflow-wrap:break-word\">En cas de suspicion d\u2019une source d\u2019androg\u00e8nes en dehors des ovaires<\/td>\n      <\/tr>\n      <tr>\n        <td data-label=\"Param\u00e8tre\" style=\"background:#f6f9fc;color:#003366;font-weight:700;text-align:left;vertical-align:top;padding:13px 16px;font-size:15px;line-height:1.55;border:0;border-bottom:1px solid #e3e8ef;overflow-wrap:break-word\">Prolactine<\/td>\n        <td data-label=\"Ce qu\u2019il indique\" style=\"background:#f6f9fc;color:#22303e;font-weight:400;text-align:left;vertical-align:top;padding:13px 16px;font-size:15px;line-height:1.55;border:0;border-bottom:1px solid #e3e8ef;overflow-wrap:break-word\">Hormone de l\u2019hypophyse<\/td>\n        <td data-label=\"Quand les m\u00e9decins le prescrivent\" style=\"background:#f6f9fc;color:#22303e;font-weight:400;text-align:left;vertical-align:top;padding:13px 16px;font-size:15px;line-height:1.55;border:0;border-bottom:1px solid #e3e8ef;overflow-wrap:break-word\">En cas de troubles du cycle, d\u2019\u00e9coulement de lait ou d\u2019infertilit\u00e9<\/td>\n      <\/tr>\n      <tr>\n        <td data-label=\"Param\u00e8tre\" style=\"background:#ffffff;color:#003366;font-weight:700;text-align:left;vertical-align:top;padding:13px 16px;font-size:15px;line-height:1.55;border:0;border-bottom:1px solid #e3e8ef;overflow-wrap:break-word\">17-OH-progest\u00e9rone, FSH, LH, \u0153stradiol<\/td>\n        <td data-label=\"Ce qu\u2019il indique\" style=\"background:#ffffff;color:#22303e;font-weight:400;text-align:left;vertical-align:top;padding:13px 16px;font-size:15px;line-height:1.55;border:0;border-bottom:1px solid #e3e8ef;overflow-wrap:break-word\">Autres \u00e9l\u00e9ments du bilan hormonal<\/td>\n        <td data-label=\"Quand les m\u00e9decins le prescrivent\" style=\"background:#ffffff;color:#22303e;font-weight:400;text-align:left;vertical-align:top;padding:13px 16px;font-size:15px;line-height:1.55;border:0;border-bottom:1px solid #e3e8ef;overflow-wrap:break-word\">Selon l\u2019indication, dans le cadre d\u2019un bilan gyn\u00e9cologique ou endocrinologique<\/td>\n      <\/tr>\n      <tr>\n        <td data-label=\"Param\u00e8tre\" style=\"background:#f6f9fc;color:#003366;font-weight:700;text-align:left;vertical-align:top;padding:13px 16px;font-size:15px;line-height:1.55;border:0;overflow-wrap:break-word\">S\u00e9rologie auto-immune ou s\u00e9rologie de la syphilis<\/td>\n        <td data-label=\"Ce qu\u2019il indique\" style=\"background:#f6f9fc;color:#22303e;font-weight:400;text-align:left;vertical-align:top;padding:13px 16px;font-size:15px;line-height:1.55;border:0;overflow-wrap:break-word\">\u00c9l\u00e9ments en faveur d\u2019une cause auto-immune ou infectieuse<\/td>\n        <td data-label=\"Quand les m\u00e9decins le prescrivent\" style=\"background:#f6f9fc;color:#22303e;font-weight:400;text-align:left;vertical-align:top;padding:13px 16px;font-size:15px;line-height:1.55;border:0;overflow-wrap:break-word\">Uniquement en cas de suspicion pr\u00e9cise issue de l\u2019interrogatoire et de l\u2019examen, jamais en routine<\/td>\n      <\/tr>\n    <\/tbody>\n  <\/table>\n<\/div>\n\n\n\n<p class=\"wp-block-paragraph\"><strong>Niveau 3, sur indication m\u00e9dicale :<\/strong> les dosages hormonaux et la s\u00e9rologie auto-immune n\u2019ont pas leur place dans un pack command\u00e9 de sa propre initiative. Ils sont prescrits lorsque l\u2019interrogatoire en donne la raison, et ils sont interpr\u00e9t\u00e9s en lien avec le tableau clinique. Une revue dermatologique espagnole, Actas Dermo-Sifiliogr\u00e1ficas, le formule ainsi pour les femmes : bilan hormonal surtout en pr\u00e9sence de signes suppl\u00e9mentaires d\u2019exc\u00e8s d\u2019androg\u00e8nes.<\/p>\n\n\n\n<p class=\"wp-block-paragraph\">Multiplier les param\u00e8tres n\u2019est pas automatiquement une meilleure d\u00e9marche. Un pack de 30 analyses produit surtout des d\u00e9couvertes fortuites, des examens compl\u00e9mentaires et des frais. La Haute Autorit\u00e9 de Sant\u00e9 aboutit exactement \u00e0 cette conclusion pour le dosage de la vitamine D : en dehors de situations cibl\u00e9es, il n\u2019est pas reconnu comme utile chez des personnes sans sympt\u00f4me, avec un risque de r\u00e9sultats mal interpr\u00e9t\u00e9s et de surdiagnostic. Mesurer de fa\u00e7on cibl\u00e9e vaut mieux que mesurer beaucoup.<\/p>\n\n\n<div class=\"wp-block-image\">\n<figure class=\"aligncenter size-large is-resized\" style=\"max-width:720px;margin-left:auto;margin-right:auto\"><img decoding=\"async\" src=\"https:\/\/elithair.com\/fr\/wp-content\/uploads\/sites\/9\/2026\/08\/foto_blutabnahme.png\" alt=\"\u00c9chantillons de sang au laboratoire pour le bilan sanguin en cas de chute de cheveux\" class=\"wp-image-101778\" style=\"width:720px;max-width:100%;height:auto\"\/><\/figure>\n<\/div>\n\n\n<h2 class=\"wp-block-heading\">Chute de cheveux diffuse : les analyses qui comptent vraiment<\/h2>\n\n\n\n<p class=\"wp-block-paragraph\"><strong>Les analyses d\u00e9cisives en cas de chute diffuse sont la ferritine associ\u00e9e \u00e0 la CRP, la TSH, la 25-OH-vitamine D, le zinc, la vitamine B12 et un h\u00e9mogramme.<\/strong> C\u2019est ici que l\u2019analyse de sang apporte le plus, car elle peut mettre au jour un d\u00e9clencheur acquis, souvent corrigeable. Diffus signifie : les cheveux s\u2019affinent sur l\u2019ensemble du cr\u00e2ne, sans zone d\u00e9garnie.<\/p>\n\n\n\n<p class=\"wp-block-paragraph\">Le profil d\u00e9termine ce que le laboratoire peut apporter. Les correspondances ci-dessous r\u00e9sument, en pratique, ce que vous pouvez attendre d\u2019une analyse de sang. Les d\u00e9tails sur l\u2019\u00e9volution et sur les d\u00e9clencheurs typiques figurent dans l\u2019article consacr\u00e9 \u00e0 la <a href=\"\/fr\/greffe-de-cheveux-blog\/chute-de-cheveux-diffuse\/\">chute de cheveux diffuse<\/a>.<\/p>\n\n\n\n<div style=\"margin:0 0 26px\">\n<div style=\"border:1px solid #e3e8ef;border-left:4px solid #0079F1;border-radius:10px;padding:14px 16px;margin-bottom:10px\">\n<p style=\"margin:0 0 4px;color:#013366;font-weight:700\">Diffus sur tout le cr\u00e2ne, sans zone d\u00e9garnie<\/p>\n<p style=\"margin:0;color:#2e3033\">Laboratoire au premier plan. La ferritine, la CRP, la TSH, la vitamine D, le zinc et l\u2019h\u00e9mogramme \u00e9claircissent les causes acquises, celles que l\u2019on peut traiter.<\/p>\n<\/div>\n<div style=\"border:1px solid #e3e8ef;border-left:4px solid #5799F1;border-radius:10px;padding:14px 16px;margin-bottom:10px\">\n<p style=\"margin:0 0 4px;color:#013366;font-weight:700\">Profil au front, aux tempes et au vertex<\/p>\n<p style=\"margin:0;color:#2e3033\">Laboratoire secondaire. Le diagnostic repose sur l\u2019examen du profil et du cuir chevelu. Le laboratoire v\u00e9rifie s\u2019il existe en plus une composante diffuse.<\/p>\n<\/div>\n<div style=\"border:1px solid #e3e8ef;border-left:4px solid #013366;border-radius:10px;padding:14px 16px;margin-bottom:0\">\n<p style=\"margin:0 0 4px;color:#013366;font-weight:700\">Plaques rondes ou cuir chevelu enflamm\u00e9 et douloureux<\/p>\n<p style=\"margin:0;color:#2e3033\">Bilan dermatologique au premier plan. Ici, ce sont la trichoscopie et, en cas de doute, un pr\u00e9l\u00e8vement tissulaire qui tranchent ; le laboratoire ne fait que compl\u00e9ter.<\/p>\n<\/div>\n<\/div>\n\n\n\n<p class=\"wp-block-paragraph\">Une chronologie que l\u2019on trouve rarement \u00e9crite et qui explique beaucoup de r\u00e9sultats : un effluvium t\u00e9log\u00e8ne ne d\u00e9bute typiquement que deux \u00e0 quatre mois apr\u00e8s le d\u00e9clencheur, car les follicules concern\u00e9s restent d\u2019abord plusieurs semaines en phase de repos, qui dure \u00e0 elle seule environ 100 jours. Qui perd ses cheveux aujourd\u2019hui doit donc chercher un \u00e9v\u00e9nement survenu il y a deux \u00e0 quatre mois.<\/p>\n\n\n\n<p class=\"wp-block-paragraph\">Les d\u00e9clencheurs typiques sont une infection f\u00e9brile, une intervention chirurgicale, un r\u00e9gime avec perte de poids importante, un accouchement, une perte de sang importante ou un nouveau m\u00e9dicament. Il en d\u00e9coule une limite importante : une valeur mesur\u00e9e aujourd\u2019hui peut \u00eatre redevenue normale depuis longtemps, alors m\u00eame que le d\u00e9clencheur \u00e9tait bien r\u00e9el. Une fois le d\u00e9clencheur disparu, la chute se normalise le plus souvent en trois \u00e0 six mois.<\/p>\n\n\n\n<h3 class=\"wp-block-heading\">Analyse de sang avant une greffe de cheveux : pourquoi la cause est \u00e9tablie d\u2019abord<\/h3>\n\n\n\n<p class=\"wp-block-paragraph\">Avant une <a href=\"\/fr\/traitement\/greffe-de-cheveux\/\">greffe de cheveux<\/a> envisag\u00e9e, l\u2019analyse de sang sert \u00e0 faire la part des choses : elle doit montrer s\u2019il existe, en plus du profil h\u00e9r\u00e9ditaire, une chute diffuse active. Un effluvium t\u00e9log\u00e8ne en cours, d\u00fb \u00e0 une carence en fer ou \u00e0 une thyro\u00efde non \u00e9quilibr\u00e9e, est consid\u00e9r\u00e9 dans l\u2019\u00e9valuation m\u00e9dicale comme une raison de traiter d\u2019abord cette cause.<\/p>\n\n\n\n<p class=\"wp-block-paragraph\">La raison en est simple : une greffe redistribue des cheveux existants, elle ne modifie ni le statut en fer ni la fonction thyro\u00efdienne. Tant que la composante diffuse est active, la situation de d\u00e9part continue d\u2019\u00e9voluer. Les analyses \u00e0 prescrire avant une intervention sont d\u00e9cid\u00e9es par le m\u00e9decin qui vous suit, \u00e0 partir de l\u2019interrogatoire et de l\u2019examen.<\/p>\n\n\n<div class=\"wp-block-image\">\n<figure class=\"aligncenter size-large is-resized\" style=\"max-width:720px;margin-left:auto;margin-right:auto\"><img decoding=\"async\" src=\"https:\/\/elithair.com\/fr\/wp-content\/uploads\/sites\/9\/2026\/08\/infografik_diffus_muster__fr.png\" alt=\"Trois profils de chute vus du dessus : diffus, profil au front et au vertex, plaques rondes\" class=\"wp-image-101779\" style=\"width:720px;max-width:100%;height:auto\"\/><\/figure>\n<\/div>\n\n\n<h2 class=\"wp-block-heading\">Ferritine et chute de cheveux : le param\u00e8tre le plus important et le plus discut\u00e9<\/h2>\n\n\n\n<p class=\"wp-block-paragraph\"><strong>La ferritine est le param\u00e8tre isol\u00e9 le plus informatif en cas de chute diffuse, car une carence en fer peut toucher les cheveux avant m\u00eame l\u2019apparition d\u2019une an\u00e9mie.<\/strong> La ferritine est la prot\u00e9ine de stockage du fer, et la ferritine s\u00e9rique indique le niveau de remplissage des r\u00e9serves. Lorsque les r\u00e9serves sont vides sans an\u00e9mie, l\u2019h\u00e9moglobine est encore normale : un h\u00e9mogramme seul reste donc sans particularit\u00e9.<\/p>\n\n\n\n<p class=\"wp-block-paragraph\">Le m\u00e9canisme est facile \u00e0 comprendre. Les follicules pileux comptent parmi les tissus \u00e0 renouvellement le plus rapide de l\u2019organisme. Des r\u00e9serves de fer vides font basculer pr\u00e9matur\u00e9ment les follicules en phase t\u00e9log\u00e8ne ; il en r\u00e9sulte un effluvium t\u00e9log\u00e8ne, c\u2019est-\u00e0-dire une chute diffuse sur tout le cr\u00e2ne. Le lien entre les phases est d\u00e9taill\u00e9 dans l\u2019article sur le cycle capillaire .<\/p>\n\n\n\n<p class=\"wp-block-paragraph\">La question de la \u00ab bonne \u00bb valeur de ferritine devient vite confuse : mieux vaut \u00eatre pr\u00e9cis ici. Les r\u00e9f\u00e9rences de laboratoire ne d\u00e9finissent souvent une carence en fer qu\u2019en dessous d\u2019environ 15 \u00e0 30 \u00b5g\/l, selon le laboratoire ; une valeur inf\u00e9rieure \u00e0 15 \u00b5g\/l est consid\u00e9r\u00e9e comme hautement sp\u00e9cifique d\u2019une carence en fer, \u00e0 condition que la CRP soit normale. C\u2019est la partie bien \u00e9tablie.<\/p>\n\n\n\n<p class=\"wp-block-paragraph\">Le reste est discut\u00e9. Dans le d\u00e9bat sp\u00e9cialis\u00e9, une zone cible plus \u00e9lev\u00e9e d\u2019environ 40 \u00e0 70 \u00b5g\/l est avanc\u00e9e pour les cheveux, notamment par Rushton (2002) et par Trost, Bergfeld et Calogeras (2006), \u00e9tant entendu qu\u2019un apport en fer ne se fait qu\u2019apr\u00e8s carence d\u00e9montr\u00e9e et sur prescription m\u00e9dicale, car un exc\u00e8s de fer dans l\u2019organisme peut provoquer des l\u00e9sions d\u2019organes et masquer une h\u00e9mochromatose. \u00c0 l\u2019inverse, des travaux contr\u00f4l\u00e9s comme ceux d\u2019Olsen et de ses coll\u00e8gues (2010, Journal of the American Academy of Dermatology) n\u2019ont pas trouv\u00e9 de proportion accrue de carence en fer chez les femmes pr\u00e9sentant une alop\u00e9cie androg\u00e9n\u00e9tique ou un effluvium t\u00e9log\u00e8ne chronique, compar\u00e9es aux t\u00e9moins.<\/p>\n\n\n\n<p class=\"wp-block-paragraph\">Ces chiffres doivent \u00eatre replac\u00e9s dans leur contexte : les 40 \u00e0 70 \u00b5g\/l sont les positions d\u2019auteurs isol\u00e9s, souvent sp\u00e9cialis\u00e9s en trichologie, et non une recommandation officielle. Aucune recommandation de bonne pratique ne fixe de valeur cible de ferritine pour les cheveux. Des cliniques capillaires commerciales citent ce chiffre depuis plus de vingt ans comme un consensus, alors qu\u2019il remonte en r\u00e9alit\u00e9 \u00e0 un seul travail.<\/p>\n\n\n\n<p class=\"wp-block-paragraph\">S\u2019y ajoute un facteur d\u2019interf\u00e9rence souvent n\u00e9glig\u00e9 au quotidien. La ferritine est une <strong>prot\u00e9ine de la phase aigu\u00eb<\/strong>, c\u2019est-\u00e0-dire une prot\u00e9ine dont le taux sanguin augmente en cas d\u2019inflammation. En cas d\u2019infection, d\u2019inflammation ou de maladie du foie, la valeur ressort donc faussement \u00e9lev\u00e9e. Une ferritine \u00e0 60 \u00b5g\/l avec une CRP \u00e0 12 mg\/l peut masquer une v\u00e9ritable carence : c\u2019est pourquoi la CRP est toujours dos\u00e9e en m\u00eame temps.<\/p>\n\n\n\n<style>\n@media (max-width:640px){\n.rt-table-wrap{overflow-x:visible!important;border:0!important;border-radius:0!important}\n.rt-table{min-width:0!important}\n.rt-table thead{display:none}\n.rt-table,.rt-table tbody,.rt-table tr,.rt-table td{display:block;width:100%}\n.rt-table caption{display:block;padding:0 0 12px!important}\n.rt-table tr{margin:0 0 12px;border:1px solid #dbe4f0;border-radius:10px;overflow:hidden}\n.rt-table tr:last-child{margin-bottom:0}\n.rt-table td{display:flex!important;flex-direction:column;gap:3px;padding:12px 14px!important;\nborder:0!important;border-bottom:1px solid #e3e8ef!important;background:#ffffff!important}\n.rt-table tr td:last-child{border-bottom:0!important}\n.rt-table td::before{content:attr(data-label);font-size:12px;font-weight:700;letter-spacing:.04em;\ntext-transform:uppercase;color:#5799F1}\n.rt-table td:not([data-label])::before,.rt-table td[data-label=\"\"]::before{display:none}\n}\n<\/style>\n<div class=\"rt-table-wrap\" style=\"overflow-x:auto;-webkit-overflow-scrolling:touch;margin:28px 0;border:1px solid #dbe4f0;border-radius:12px\">\n  <table class=\"rt-table\" style=\"width:100%;min-width:620px;table-layout:fixed;border-collapse:separate;border-spacing:0;font-size:15px;margin:0\">\n    <caption style=\"caption-side:top;text-align:left;color:#003366;font-weight:700;font-size:16px;line-height:1.35;padding:14px 16px 10px;background:#ffffff\">Ferritine et chute de cheveux : comment situer les diff\u00e9rentes zones (pas d\u2019auto-diagnostic)<\/caption>\n    <thead>\n      <tr>\n        <th style=\"width:22%;background:#003366;color:#ffffff;font-weight:700;text-align:left;vertical-align:middle;padding:13px 16px;font-size:15px;line-height:1.4;border:0;overflow-wrap:break-word\">Valeur de ferritine<\/th>\n        <th style=\"background:#003366;color:#ffffff;font-weight:700;text-align:left;vertical-align:middle;padding:13px 16px;font-size:15px;line-height:1.4;border:0;overflow-wrap:break-word\">Ce que cela peut signifier<\/th>\n        <th style=\"background:#003366;color:#ffffff;font-weight:700;text-align:left;vertical-align:middle;padding:13px 16px;font-size:15px;line-height:1.4;border:0;overflow-wrap:break-word\">D\u00e9marche m\u00e9dicale habituelle<\/th>\n      <\/tr>\n    <\/thead>\n    <tbody>\n      <tr>\n        <td data-label=\"Valeur de ferritine\" style=\"background:#ffffff;color:#003366;font-weight:700;text-align:left;vertical-align:top;padding:13px 16px;font-size:15px;line-height:1.55;border:0;border-bottom:1px solid #e3e8ef;overflow-wrap:break-word\">en dessous de 15 \u00b5g\/l<\/td>\n        <td data-label=\"Ce que cela peut signifier\" style=\"background:#ffffff;color:#22303e;font-weight:400;text-align:left;vertical-align:top;padding:13px 16px;font-size:15px;line-height:1.55;border:0;border-bottom:1px solid #e3e8ef;overflow-wrap:break-word\">Avec une sp\u00e9cificit\u00e9 \u00e9lev\u00e9e, une carence en fer, \u00e0 condition que la CRP soit normale<\/td>\n        <td data-label=\"D\u00e9marche m\u00e9dicale habituelle\" style=\"background:#ffffff;color:#22303e;font-weight:400;text-align:left;vertical-align:top;padding:13px 16px;font-size:15px;line-height:1.55;border:0;border-bottom:1px solid #e3e8ef;overflow-wrap:break-word\">Bilan martial compl\u00e9mentaire et recherche de la cause des pertes<\/td>\n      <\/tr>\n      <tr>\n        <td data-label=\"Valeur de ferritine\" style=\"background:#f6f9fc;color:#003366;font-weight:700;text-align:left;vertical-align:top;padding:13px 16px;font-size:15px;line-height:1.55;border:0;border-bottom:1px solid #e3e8ef;overflow-wrap:break-word\">15 \u00e0 30 \u00b5g\/l<\/td>\n        <td data-label=\"Ce que cela peut signifier\" style=\"background:#f6f9fc;color:#22303e;font-weight:400;text-align:left;vertical-align:top;padding:13px 16px;font-size:15px;line-height:1.55;border:0;border-bottom:1px solid #e3e8ef;overflow-wrap:break-word\">Limite basse \u00e0 normale basse, encore formellement dans les valeurs de r\u00e9f\u00e9rence selon le laboratoire<\/td>\n        <td data-label=\"D\u00e9marche m\u00e9dicale habituelle\" style=\"background:#f6f9fc;color:#22303e;font-weight:400;text-align:left;vertical-align:top;padding:13px 16px;font-size:15px;line-height:1.55;border:0;border-bottom:1px solid #e3e8ef;overflow-wrap:break-word\">\u00c0 situer dans le tableau d\u2019ensemble ; dans le d\u00e9bat sp\u00e9cialis\u00e9, cette zone est parfois jug\u00e9e insuffisante pour les cheveux<\/td>\n      <\/tr>\n      <tr>\n        <td data-label=\"Valeur de ferritine\" style=\"background:#ffffff;color:#003366;font-weight:700;text-align:left;vertical-align:top;padding:13px 16px;font-size:15px;line-height:1.55;border:0;border-bottom:1px solid #e3e8ef;overflow-wrap:break-word\">environ 30 \u00e0 70 \u00b5g\/l<\/td>\n        <td data-label=\"Ce que cela peut signifier\" style=\"background:#ffffff;color:#22303e;font-weight:400;text-align:left;vertical-align:top;padding:13px 16px;font-size:15px;line-height:1.55;border:0;border-bottom:1px solid #e3e8ef;overflow-wrap:break-word\">Consid\u00e9r\u00e9e comme normale par la plupart des laboratoires ; quelques auteurs (Rushton 2002, Trost et al. 2006) la discutent comme sous-optimale pour la pousse des cheveux<\/td>\n        <td data-label=\"D\u00e9marche m\u00e9dicale habituelle\" style=\"background:#ffffff;color:#22303e;font-weight:400;text-align:left;vertical-align:top;padding:13px 16px;font-size:15px;line-height:1.55;border:0;border-bottom:1px solid #e3e8ef;overflow-wrap:break-word\">Surveillance de l\u2019\u00e9volution, pas de suppl\u00e9mentation syst\u00e9matique sans carence d\u00e9montr\u00e9e<\/td>\n      <\/tr>\n      <tr>\n        <td data-label=\"Valeur de ferritine\" style=\"background:#f6f9fc;color:#003366;font-weight:700;text-align:left;vertical-align:top;padding:13px 16px;font-size:15px;line-height:1.55;border:0;overflow-wrap:break-word\">au-dessus de 70 \u00b5g\/l<\/td>\n        <td data-label=\"Ce que cela peut signifier\" style=\"background:#f6f9fc;color:#22303e;font-weight:400;text-align:left;vertical-align:top;padding:13px 16px;font-size:15px;line-height:1.55;border:0;overflow-wrap:break-word\">Cit\u00e9e comme zone cible favorable par des auteurs sp\u00e9cialis\u00e9s en trichologie, sans confirmation homog\u00e8ne par des \u00e9tudes contr\u00f4l\u00e9es (cf. Olsen et al. 2010) ; peut aussi \u00eatre faussement \u00e9lev\u00e9e en cas d\u2019inflammation<\/td>\n        <td data-label=\"D\u00e9marche m\u00e9dicale habituelle\" style=\"background:#f6f9fc;color:#22303e;font-weight:400;text-align:left;vertical-align:top;padding:13px 16px;font-size:15px;line-height:1.55;border:0;overflow-wrap:break-word\">Aucune d\u00e9cision \u00e0 partir du seul chiffre : la CRP et le tableau clinique sont interpr\u00e9t\u00e9s en m\u00eame temps<\/td>\n      <\/tr>\n    <\/tbody>\n  <\/table>\n<\/div>\n\n\n<div class=\"wp-block-image\">\n<figure class=\"aligncenter size-large is-resized\" style=\"max-width:560px;margin-left:auto;margin-right:auto\"><img decoding=\"async\" src=\"https:\/\/elithair.com\/fr\/wp-content\/uploads\/sites\/9\/2026\/08\/diagramm_ferritin_skala__fr.png\" alt=\"\u00c9chelle des zones de ferritine en microgrammes par litre, avec la mention des valeurs cibles discut\u00e9es pour les cheveux\" class=\"wp-image-101780\" style=\"width:560px;max-width:100%;height:auto\"\/><\/figure>\n<\/div>\n\n\n<div style=\"border:1px solid #dbe4f0;border-radius:12px;padding:20px 22px;margin:0 0 26px;background:#f6f9fc\">\n<p style=\"margin:0 0 8px;color:#013366;font-weight:700;font-size:16px\">Ce que montre la pratique<\/p>\n<p style=\"margin:0;color:#2e3033;line-height:1.65\">L\u2019erreur la plus fr\u00e9quente en consultation n\u2019est pas de mesurer trop peu. C\u2019est de classer \u00ab normale \u00bb une ferritine situ\u00e9e \u00e0 la limite basse des valeurs de r\u00e9f\u00e9rence, alors qu\u2019il existe en m\u00eame temps un profil h\u00e9r\u00e9ditaire. La composante diffuse passe alors inaper\u00e7ue, et les personnes concern\u00e9es expliquent la chute persistante par la seule g\u00e9n\u00e9tique. Regarder les deux ensemble, la valeur et le profil, apporte en g\u00e9n\u00e9ral plus que n\u2019importe quel param\u00e8tre suppl\u00e9mentaire.<\/p>\n<\/div>\n\n\n\n<p class=\"wp-block-paragraph\">Ce qui d\u00e9coule d\u2019une valeur basse rel\u00e8ve de la consultation m\u00e9dicale et non d\u2019une autom\u00e9dication. L\u2019article approfondi sur la <a href=\"\/fr\/greffe-de-cheveux-blog\/carence-en-fer-chute-de-cheveux\/\">carence en fer et la chute de cheveux<\/a> explique les sympt\u00f4mes, les groupes \u00e0 risque et l\u2019\u00e9volution apr\u00e8s une suppl\u00e9mentation, c\u2019est-\u00e0-dire apr\u00e8s la correction cibl\u00e9e d\u2019une carence d\u00e9montr\u00e9e.<\/p>\n\n\n\n<h2 class=\"wp-block-heading\">H\u00e9mogramme et chute de cheveux : ce qu\u2019il contient et ce qui manque<\/h2>\n\n\n\n<p class=\"wp-block-paragraph\">Un h\u00e9mogramme complet comprend la num\u00e9ration, c\u2019est-\u00e0-dire les globules rouges et blancs, l\u2019h\u00e9moglobine, l\u2019h\u00e9matocrite, les plaquettes et les indices \u00e9rythrocytaires, ainsi que la formule leucocytaire, c\u2019est-\u00e0-dire la r\u00e9partition d\u00e9taill\u00e9e des globules blancs. <strong>La ferritine, la TSH, la 25-OH-vitamine D et le zinc ne figurent dans aucun des deux types d\u2019h\u00e9mogramme.<\/strong> En cas de chute de cheveux, se contenter d\u2019un h\u00e9mogramme complet, c\u2019est justement passer \u00e0 c\u00f4t\u00e9 des param\u00e8tres pertinents pour les cheveux.<\/p>\n\n\n\n<style>\n@media (max-width:640px){\n.rt-table-wrap{overflow-x:visible!important;border:0!important;border-radius:0!important}\n.rt-table{min-width:0!important}\n.rt-table thead{display:none}\n.rt-table,.rt-table tbody,.rt-table tr,.rt-table td{display:block;width:100%}\n.rt-table caption{display:block;padding:0 0 12px!important}\n.rt-table tr{margin:0 0 12px;border:1px solid #dbe4f0;border-radius:10px;overflow:hidden}\n.rt-table tr:last-child{margin-bottom:0}\n.rt-table td{display:flex!important;flex-direction:column;gap:3px;padding:12px 14px!important;\nborder:0!important;border-bottom:1px solid #e3e8ef!important;background:#ffffff!important}\n.rt-table tr td:last-child{border-bottom:0!important}\n.rt-table td::before{content:attr(data-label);font-size:12px;font-weight:700;letter-spacing:.04em;\ntext-transform:uppercase;color:#5799F1}\n.rt-table td:not([data-label])::before,.rt-table td[data-label=\"\"]::before{display:none}\n}\n<\/style>\n<div class=\"rt-table-wrap\" style=\"overflow-x:auto;-webkit-overflow-scrolling:touch;margin:28px 0;border:1px solid #dbe4f0;border-radius:12px\">\n  <table class=\"rt-table\" style=\"width:100%;min-width:620px;table-layout:fixed;border-collapse:separate;border-spacing:0;font-size:15px;margin:0\">\n    <caption style=\"caption-side:top;text-align:left;color:#003366;font-weight:700;font-size:16px;line-height:1.35;padding:14px 16px 10px;background:#ffffff\">Num\u00e9ration simple et h\u00e9mogramme complet en cas de chute de cheveux<\/caption>\n    <thead>\n      <tr>\n        <th style=\"width:22%;background:#003366;color:#ffffff;font-weight:700;text-align:left;vertical-align:middle;padding:13px 16px;font-size:15px;line-height:1.4;border:0;overflow-wrap:break-word\">Examen<\/th>\n        <th style=\"background:#003366;color:#ffffff;font-weight:700;text-align:left;vertical-align:middle;padding:13px 16px;font-size:15px;line-height:1.4;border:0;overflow-wrap:break-word\">Ce qui est inclus<\/th>\n        <th style=\"background:#003366;color:#ffffff;font-weight:700;text-align:left;vertical-align:middle;padding:13px 16px;font-size:15px;line-height:1.4;border:0;overflow-wrap:break-word\">Ce qui n\u2019est pas inclus<\/th>\n      <\/tr>\n    <\/thead>\n    <tbody>\n      <tr>\n        <td data-label=\"Examen\" style=\"background:#ffffff;color:#003366;font-weight:700;text-align:left;vertical-align:top;padding:13px 16px;font-size:15px;line-height:1.55;border:0;border-bottom:1px solid #e3e8ef;overflow-wrap:break-word\">Num\u00e9ration sanguine simple<\/td>\n        <td data-label=\"Ce qui est inclus\" style=\"background:#ffffff;color:#22303e;font-weight:400;text-align:left;vertical-align:top;padding:13px 16px;font-size:15px;line-height:1.55;border:0;border-bottom:1px solid #e3e8ef;overflow-wrap:break-word\">Globules rouges, nombre total de globules blancs, plaquettes, h\u00e9moglobine, h\u00e9matocrite et les indices \u00e9rythrocytaires VGM, TCMH, CCMH<\/td>\n        <td data-label=\"Ce qui n\u2019est pas inclus\" style=\"background:#ffffff;color:#22303e;font-weight:400;text-align:left;vertical-align:top;padding:13px 16px;font-size:15px;line-height:1.55;border:0;border-bottom:1px solid #e3e8ef;overflow-wrap:break-word\">Ferritine, CRP, TSH, 25-OH-vitamine D, zinc, vitamine B12<\/td>\n      <\/tr>\n      <tr>\n        <td data-label=\"Examen\" style=\"background:#f6f9fc;color:#003366;font-weight:700;text-align:left;vertical-align:top;padding:13px 16px;font-size:15px;line-height:1.55;border:0;overflow-wrap:break-word\">H\u00e9mogramme complet avec formule<\/td>\n        <td data-label=\"Ce qui est inclus\" style=\"background:#f6f9fc;color:#22303e;font-weight:400;text-align:left;vertical-align:top;padding:13px 16px;font-size:15px;line-height:1.55;border:0;overflow-wrap:break-word\">Tout ce que contient la num\u00e9ration simple, plus la formule leucocytaire, c\u2019est-\u00e0-dire la r\u00e9partition des globules blancs en neutrophiles, lymphocytes, monocytes, \u00e9osinophiles et basophiles<\/td>\n        <td data-label=\"Ce qui n\u2019est pas inclus\" style=\"background:#f6f9fc;color:#22303e;font-weight:400;text-align:left;vertical-align:top;padding:13px 16px;font-size:15px;line-height:1.55;border:0;overflow-wrap:break-word\">La ferritine, la TSH, la 25-OH-vitamine D, le zinc et tous les dosages hormonaux doivent \u00eatre demand\u00e9s s\u00e9par\u00e9ment<\/td>\n      <\/tr>\n    <\/tbody>\n  <\/table>\n<\/div>\n\n\n\n<p class=\"wp-block-paragraph\">Ce n\u2019est pas un argument contre l\u2019h\u00e9mogramme, il rend simplement un autre service. Il d\u00e9tecte une an\u00e9mie, et le volume globulaire moyen (VGM) donne une direction : de petites cellules \u00e9voquent une carence en fer, de grandes cellules une carence en vitamine B12 ou en folates. Il fournit en outre des indices d\u2019inflammation et de maladies h\u00e9matologiques qui appellent un bilan plus pouss\u00e9.<\/p>\n\n\n\n<p class=\"wp-block-paragraph\">D\u2019o\u00f9 le rep\u00e8re pratique pour la consultation : ne demandez pas globalement \u00ab une num\u00e9ration formule sanguine \u00bb, d\u00e9crivez vos sympt\u00f4mes et nommez les param\u00e8tres qui vous int\u00e9ressent. La ferritine, la TSH, la 25-OH-vitamine D et le zinc doivent \u00eatre demand\u00e9s s\u00e9par\u00e9ment, car ils ne figurent automatiquement dans aucun des deux types d\u2019h\u00e9mogramme.<\/p>\n\n\n<div class=\"wp-block-image\">\n<figure class=\"aligncenter size-large is-resized\" style=\"max-width:560px;margin-left:auto;margin-right:auto\"><img decoding=\"async\" src=\"https:\/\/elithair.com\/fr\/wp-content\/uploads\/sites\/9\/2026\/08\/illu_blutzellen.png\" alt=\"Illustration de globules rouges, de globules blancs et de plaquettes dans un vaisseau\" class=\"wp-image-101781\" style=\"width:560px;max-width:100%;height:auto\"\/><\/figure>\n<\/div>\n\n\n<h2 class=\"wp-block-heading\">Thyro\u00efde et chute de cheveux : la TSH et les cas o\u00f9 elle ne suffit pas<\/h2>\n\n\n\n<p class=\"wp-block-paragraph\"><strong>La TSH est le param\u00e8tre de base de l\u2019exploration thyro\u00efdienne, et aussi bien une hypothyro\u00efdie qu\u2019une hyperthyro\u00efdie peut provoquer une chute diffuse, car les hormones thyro\u00efdiennes T3 et T4 participent \u00e0 la r\u00e9gulation du cycle capillaire.<\/strong> La TSH est elle-m\u00eame l\u2019hormone par laquelle l\u2019hypophyse commande la thyro\u00efde. Si la TSH est anormale ou la suspicion clinique forte, on compl\u00e8te par T3L, T4L et anticorps anti-TPO.<\/p>\n\n\n\n<p class=\"wp-block-paragraph\">L\u2019intervalle de r\u00e9f\u00e9rence chez l\u2019adulte est souvent r\u00e9sum\u00e9 \u00e0 environ 0,4 \u00e0 4,0 mUI\/l, la limite sup\u00e9rieure se situant selon le laboratoire entre 3,5 et 5,0 mUI\/l. Un seuil de 2,5 mUI\/l est discut\u00e9 dans une partie de la litt\u00e9rature pour rep\u00e9rer une fonction normale basse. Ce n\u2019est pas une fronti\u00e8re diagnostique stricte, et une TSH limite sans autre signe ne constitue pas un diagnostic.<\/p>\n\n\n\n<p class=\"wp-block-paragraph\">Pour la pratique de ville, la Haute Autorit\u00e9 de Sant\u00e9 a publi\u00e9 une recommandation sur la prise en charge des hypothyro\u00efdies chez l\u2019adulte. La fr\u00e9quence exacte de l\u2019hypothyro\u00efdie fruste, c\u2019est-\u00e0-dire infraclinique, est difficile \u00e0 chiffrer ; les \u00e9tudes transversales donnent des ordres de grandeur tr\u00e8s variables, globalement entre 3 et 16 pour cent, plus souvent chez les femmes et \u00e0 un \u00e2ge avanc\u00e9.<\/p>\n\n\n\n<p class=\"wp-block-paragraph\">Les anticorps anti-TPO signalent une thyro\u00efdite auto-immune de type Hashimoto, la cause la plus fr\u00e9quente d\u2019hypothyro\u00efdie. Une distinction s\u2019impose ici : la thyro\u00efdite de Hashimoto s\u2019inscrit dans un ensemble auto-immun et s\u2019associe plus souvent \u00e0 la <a href=\"\/fr\/greffe-de-cheveux-blog\/pelade\/\">pelade<\/a> , l\u2019alopecia areata. Il s\u2019agit d\u2019une chute par plaques et non d\u2019une chute diffuse ; sa prise en charge rel\u00e8ve du dermatologue et suit les recommandations dermatologiques en vigueur, comme l\u2019information de r\u00e9f\u00e9rence de la Soci\u00e9t\u00e9 Fran\u00e7aise de Dermatologie.<\/p>\n\n\n\n<p class=\"wp-block-paragraph\">Un facteur d\u2019interf\u00e9rence touche justement les param\u00e8tres dont il est question ici : la biotine \u00e0 forte dose, contenue dans les compl\u00e9ments pour cheveux et ongles, fausse les dosages immunologiques du laboratoire, dont les param\u00e8tres thyro\u00efdiens. Nous y revenons plus bas, dans la section sur la pr\u00e9paration. Ce qui suit une valeur anormale est expliqu\u00e9 dans l\u2019article sur la <a href=\"\/fr\/greffe-de-cheveux-blog\/thyroide-chute-de-cheveux\/\">chute de cheveux et la thyro\u00efde<\/a> .<\/p>\n\n\n\n<h2 class=\"wp-block-heading\">Vitamine D, zinc, B12 et folates : les param\u00e8tres nutritionnels au laboratoire<\/h2>\n\n\n\n<p class=\"wp-block-paragraph\"><strong>Les param\u00e8tres nutritionnels pertinents pour les cheveux s\u2019appellent au laboratoire 25-OH-vitamine D, zinc, vitamine B12 ou holo-transcobalamine, et folates.<\/strong> Ici, c\u2019est le nom exact du param\u00e8tre qui fait la valeur de l\u2019information. On mesure la 25-OH-vitamine D, et non la \u00ab vitamine D3 \u00bb. Pour la vitamine B12, l\u2019holo-transcobalamine, c\u2019est-\u00e0-dire la fraction li\u00e9e \u00e0 la transcobalamine et donc disponible pour les cellules, est plus informative que la B12 totale. Le zinc se dose dans le s\u00e9rum ou sur sang total et varie au cours de la journ\u00e9e.<\/p>\n\n\n\n<p class=\"wp-block-paragraph\">Pour la vitamine D, la classification de l\u2019Institute of Medicine sert de rep\u00e8re international : \u00e0 partir de 20 ng\/ml (50 nmol\/l) l\u2019apport est suffisant, entre 12 et 20 ng\/ml (30 \u00e0 50 nmol\/l) il est sous-optimal, en dessous de 12 ng\/ml (30 nmol\/l) il s\u2019agit d\u2019une carence. En France, l\u2019Anses a actualis\u00e9 les r\u00e9f\u00e9rences nutritionnelles pour la vitamine D dans le cadre de son expertise collective. Ces seuils servent \u00e0 situer un r\u00e9sultat, ils ne constituent pas un objectif individuel.<\/p>\n\n\n\n<p class=\"wp-block-paragraph\">Le zinc se situe dans le s\u00e9rum entre environ 9 et 21 \u00b5mol\/l, soit 75 \u00e0 140 \u00b5g\/dl selon la m\u00e9thode. Comme la valeur varie au cours de la journ\u00e9e et baisse en cas d\u2019inflammation, une mesure isol\u00e9e se lit avec prudence. Les folates et la vitamine B12 rel\u00e8vent du bilan \u00e9largi, en particulier lorsque l\u2019h\u00e9mogramme montre de grands globules rouges.<\/p>\n\n\n\n<p class=\"wp-block-paragraph\">Et le niveau de preuve ? Honn\u00eatement, il est h\u00e9t\u00e9rog\u00e8ne. Une revue parue en 2019 dans Dermatology and Therapy, sign\u00e9e Almohanna, Ahmed, Tsatalis et Tosti, sur le r\u00f4le des vitamines et des min\u00e9raux dans la chute de cheveux, qualifie elle-m\u00eame les donn\u00e9es de vastes et en partie contradictoires. Concr\u00e8tement : une carence d\u00e9montr\u00e9e est corrig\u00e9e de fa\u00e7on cibl\u00e9e par le m\u00e9decin, tandis qu\u2019une prise pr\u00e9ventive sans carence ne se justifie pas au vu de ces donn\u00e9es.<\/p>\n\n\n\n<p class=\"wp-block-paragraph\">Prendre beaucoup de compl\u00e9ments comporte ses propres risques. Un exc\u00e8s de vitamine A ou de s\u00e9l\u00e9nium peut provoquer une chute de cheveux, et du zinc \u00e0 forte dose sur une longue p\u00e9riode, sans compensation en cuivre, peut entra\u00eener une carence en cuivre. Les nutriments qui jouent r\u00e9ellement un r\u00f4le pour les cheveux sont d\u00e9taill\u00e9s dans l\u2019article sur les <a href=\"\/fr\/greffe-de-cheveux-blog\/vitamines-chute-de-cheveux\/\">vitamines contre la chute de cheveux<\/a> .<\/p>\n\n\n\n<h2 class=\"wp-block-heading\">Analyses de sang et chute de cheveux chez la femme : bilan hormonal, cycle et pilule<\/h2>\n\n\n\n<p class=\"wp-block-paragraph\"><strong>Chez la femme, les analyses de sang en cas de chute de cheveux comprennent les m\u00eames six param\u00e8tres de base que chez l\u2019homme : h\u00e9mogramme, ferritine, CRP, TSH, 25-OH-vitamine D et zinc.<\/strong> Les dosages hormonaux suppl\u00e9mentaires rel\u00e8vent d\u2019une d\u00e9cision m\u00e9dicale et sont prescrits lorsque s\u2019y ajoutent des signes comme des troubles du cycle, une pilosit\u00e9 faciale accrue, de l\u2019acn\u00e9 ou une infertilit\u00e9. Entrent alors en jeu la testost\u00e9rone, la SHBG, le SDHA et la prolactine ; le choix d\u00e9pend du tableau clinique.<\/p>\n\n\n\n<p class=\"wp-block-paragraph\">Pour ces param\u00e8tres, le moment compte plus que la liste. Les androg\u00e8nes et les gonadotrophines varient au cours du cycle, et la testost\u00e9rone suit en plus un rythme circadien, avec un maximum vers 8 heures du matin. Les m\u00e9decins programment donc le pr\u00e9l\u00e8vement le plus souvent en phase folliculaire pr\u00e9coce, entre le 2e et le 5e jour du cycle, et le matin. C\u2019est \u00e0 cette condition que les valeurs deviennent comparables.<\/p>\n\n\n\n<p class=\"wp-block-paragraph\">La pilule est ici un v\u00e9ritable facteur d\u2019interf\u00e9rence. L\u2019\u00e9thinylestradiol augmente la production h\u00e9patique de SHBG, et comme seule la testost\u00e9rone libre, non li\u00e9e \u00e0 la SHBG, est biologiquement active, les taux d\u2019androg\u00e8nes sont difficilement interpr\u00e9tables sous contraception hormonale. La litt\u00e9rature sp\u00e9cialis\u00e9e recommande de doser aussi la SHBG et de calculer l\u2019index d\u2019androg\u00e8nes libres, plut\u00f4t que de ne regarder que la testost\u00e9rone totale.<\/p>\n\n\n\n<p class=\"wp-block-paragraph\">Il n\u2019en d\u00e9coule surtout pas qu\u2019il faille arr\u00eater la pilule de sa propre initiative avant une analyse de sang. D\u00e9cider si et quand une pause est possible revient au m\u00e9decin qui suit la patiente, car un arr\u00eat peut lui-m\u00eame provoquer une chute diffuse passag\u00e8re. Ce ph\u00e9nom\u00e8ne est connu sous le nom d\u2019effluvium post-pilule ; il n\u2019existe pas de chiffres de fr\u00e9quence fiables \u00e0 ce sujet.<\/p>\n\n\n\n<p class=\"wp-block-paragraph\">Les p\u00e9riodes de la vie d\u00e9placent les priorit\u00e9s. Apr\u00e8s un accouchement, c\u2019est l\u2019effluvium du post-partum qui domine, et il vaut la peine de regarder la ferritine apr\u00e8s les pertes de sang de l\u2019accouchement. \u00c0 la <a href=\"\/fr\/greffe-de-cheveux-blog\/chute-de-cheveux-menopause\/\">m\u00e9nopause<\/a> , modification hormonale et statut en fer se superposent. Le lien plus g\u00e9n\u00e9ral entre <a href=\"\/fr\/greffe-de-cheveux-blog\/comment-les-hormones-influencent-nos-cheveux\/\">hormones et cheveux<\/a> fait l\u2019objet d\u2019un article distinct.<\/p>\n\n\n\n<p class=\"wp-block-paragraph\">Un point pour finir cette section : une suspicion de syndrome des ovaires polykystiques ne se tranche pas avec un pack hormonal command\u00e9 en ligne. Cela suppose un interrogatoire, une \u00e9chographie et la synth\u00e8se m\u00e9dicale des r\u00e9sultats, habituellement en consultation de gyn\u00e9cologie. Un seul r\u00e9sultat \u00e9lev\u00e9, sans ce contexte, \u00e9gare plus qu\u2019il n\u2019aide.<\/p>\n\n\n\n<h2 class=\"wp-block-heading\">D\u00e9roul\u00e9 : comment obtenir une analyse de sang utile<\/h2>\n\n\n\n<p class=\"wp-block-paragraph\">L\u2019ordonnance peut venir du m\u00e9decin traitant comme du dermatologue ; pour les param\u00e8tres de base, le m\u00e9decin traitant est en g\u00e9n\u00e9ral la voie la plus rapide, le pr\u00e9l\u00e8vement se faisant ensuite au laboratoire de biologie m\u00e9dicale. Pour les param\u00e8tres pertinents pour les cheveux, il n\u2019est pas n\u00e9cessaire d\u2019\u00eatre \u00e0 jeun ; le je\u00fbne s\u2019impose surtout pour la glyc\u00e9mie et le bilan lipidique. L\u2019essentiel est de d\u00e9crire vos sympt\u00f4mes et de nommer les param\u00e8tres souhait\u00e9s.<\/p>\n\n\n\n<h3 class=\"wp-block-heading\">Facteur d\u2019interf\u00e9rence biotine : mettre les compl\u00e9ments capillaires en pause avant l\u2019analyse<\/h3>\n\n\n\n<p class=\"wp-block-paragraph\"><strong>La biotine \u00e0 forte dose contenue dans les compl\u00e9ments pour cheveux et ongles fausse les dosages immunologiques du laboratoire, et donc pr\u00e9cis\u00e9ment les param\u00e8tres thyro\u00efdiens que l\u2019on mesure en cas de chute de cheveux.<\/strong> L\u2019agence am\u00e9ricaine du m\u00e9dicament, la FDA, a publi\u00e9 \u00e0 ce sujet une alerte de s\u00e9curit\u00e9 le 28 novembre 2017, actualis\u00e9e en novembre 2019 : sont concern\u00e9s notamment les param\u00e8tres thyro\u00efdiens et la troponine, marqueur de l\u2019infarctus du myocarde ; un d\u00e9c\u00e8s a \u00e9t\u00e9 signal\u00e9 en lien avec une telle interf\u00e9rence.<\/p>\n\n\n\n<p class=\"wp-block-paragraph\">Combien de temps avant ? Cela d\u00e9pend de la dose. Les sources de biologie m\u00e9dicale consid\u00e8rent les multivitamines faiblement dos\u00e9es, de 30 \u00e0 60 \u00b5g de biotine par jour, comme sans incidence ; pour les 5 \u00e0 10 mg par jour habituels dans les compl\u00e9ments capillaires, elles recommandent un d\u00e9lai d\u2019au moins huit heures, et d\u2019au moins trois jours pour les fortes doses th\u00e9rapeutiques au-del\u00e0 de 10 mg.<\/p>\n\n\n\n<div style=\"border-left:4px solid #0079F1;background:#f6f9fc;border-radius:0 10px 10px 0;padding:16px 20px;margin:0 0 26px\">\n<p style=\"margin:0 0 6px;color:#013366;font-weight:700;font-size:16px\">L\u2019essentiel sur la pause de biotine<\/p>\n<p style=\"margin:0;color:#2e3033;line-height:1.65\">Mettre les compl\u00e9ments capillaires, la biotine et les pr\u00e9parations combin\u00e9es en pause plusieurs jours avant le pr\u00e9l\u00e8vement, et signaler activement leur prise, y compris la derni\u00e8re dose. Cela ne co\u00fbte rien et \u00e9vite une TSH fauss\u00e9e, qui conduirait sinon \u00e0 une mauvaise interpr\u00e9tation ou \u00e0 une r\u00e9p\u00e9tition inutile. Pour les produits prescrits, demandez au pr\u00e9alable \u00e0 votre m\u00e9decin si une pause est indiqu\u00e9e et pour combien de temps.<\/p>\n<\/div>\n\n\n<div class=\"wp-block-image\">\n<figure class=\"aligncenter size-large is-resized\" style=\"max-width:720px;margin-left:auto;margin-right:auto\"><img decoding=\"async\" src=\"https:\/\/elithair.com\/fr\/wp-content\/uploads\/sites\/9\/2026\/08\/foto_arztgespraech.png\" alt=\"Une m\u00e9decin commente le compte rendu de laboratoire avec un patient au bureau du cabinet\" class=\"wp-image-101782\" style=\"width:720px;max-width:100%;height:auto\"\/><\/figure>\n<\/div>\n\n\n<div style=\"border:1px solid #dbe4f0;border-radius:12px;padding:22px;margin:0 0 26px\">\n<p style=\"margin:0 0 6px;color:#013366;font-weight:700;font-size:18px\">Bien pr\u00e9parer la consultation<\/p>\n<p style=\"margin:0 0 16px;color:#2e3033\">Cette liste est une aide \u00e0 la pr\u00e9paration, pas un bon de commande. Les param\u00e8tres \u00e0 doser sont d\u00e9cid\u00e9s par le m\u00e9decin, et bien d\u00e9crire vos sympt\u00f4mes apporte davantage que r\u00e9clamer des analyses.<\/p>\n<p style=\"margin:0 0 6px;color:#013366;font-weight:700\">1. Ma situation en trois lignes<\/p>\n<ul style=\"margin:0 0 16px;padding:0;color:#2e3033;list-style:none\">\n<li style=\"position:relative;padding:3px 0 3px 24px\"><span style=\"position:absolute;left:0;top:3px;color:#0079F1;font-weight:700\">&#10003;<\/span>Depuis quand les cheveux tombent-ils davantage, et comment cela a-t-il commenc\u00e9<\/li>\n<li style=\"position:relative;padding:3px 0 3px 24px\"><span style=\"position:absolute;left:0;top:3px;color:#0079F1;font-weight:700\">&#10003;<\/span>Diffus sur tout le cr\u00e2ne ou sous forme de profil au front, aux tempes et au vertex<\/li>\n<li style=\"position:relative;padding:3px 0 3px 24px\"><span style=\"position:absolute;left:0;top:3px;color:#0079F1;font-weight:700\">&#10003;<\/span>Sympt\u00f4mes associ\u00e9s et \u00e9v\u00e9nements des quatre derniers mois (infection, intervention chirurgicale, r\u00e9gime, accouchement, nouveau m\u00e9dicament)<\/li>\n<\/ul>\n<p style=\"margin:0 0 6px;color:#013366;font-weight:700\">2. Param\u00e8tres qui font souvent partie du bilan de base en cas de chute diffuse<\/p>\n<ul style=\"margin:0 0 16px;padding:0;color:#2e3033;list-style:none\">\n<li style=\"position:relative;padding:3px 0 3px 24px\"><span style=\"position:absolute;left:0;top:3px;color:#0079F1;font-weight:700\">&#10003;<\/span>H\u00e9mogramme avec formule leucocytaire<\/li>\n<li style=\"position:relative;padding:3px 0 3px 24px\"><span style=\"position:absolute;left:0;top:3px;color:#0079F1;font-weight:700\">&#10003;<\/span>Ferritine<\/li>\n<li style=\"position:relative;padding:3px 0 3px 24px\"><span style=\"position:absolute;left:0;top:3px;color:#0079F1;font-weight:700\">&#10003;<\/span>CRP<\/li>\n<li style=\"position:relative;padding:3px 0 3px 24px\"><span style=\"position:absolute;left:0;top:3px;color:#0079F1;font-weight:700\">&#10003;<\/span>TSH<\/li>\n<li style=\"position:relative;padding:3px 0 3px 24px\"><span style=\"position:absolute;left:0;top:3px;color:#0079F1;font-weight:700\">&#10003;<\/span>25-OH-vitamine D<\/li>\n<li style=\"position:relative;padding:3px 0 3px 24px\"><span style=\"position:absolute;left:0;top:3px;color:#0079F1;font-weight:700\">&#10003;<\/span>Zinc<\/li>\n<\/ul>\n<p style=\"margin:0 0 6px;color:#013366;font-weight:700\">3. Uniquement apr\u00e8s \u00e9valuation m\u00e9dicale<\/p>\n<ul style=\"margin:0 0 16px;padding:0;color:#2e3033;list-style:none\">\n<li style=\"position:relative;padding:3px 0 3px 24px\"><span style=\"position:absolute;left:0;top:3px;color:#0079F1;font-weight:700\">&#10003;<\/span>Param\u00e8tres \u00e9largis comme T3L, T4L, anticorps anti-TPO, B12, folates, coefficient de saturation de la transferrine<\/li>\n<li style=\"position:relative;padding:3px 0 3px 24px\"><span style=\"position:absolute;left:0;top:3px;color:#0079F1;font-weight:700\">&#10003;<\/span>Dosages hormonaux comme la testost\u00e9rone, la SHBG, le SDHA ou la prolactine, chez la femme programm\u00e9s en plus selon le cycle<\/li>\n<\/ul>\n<p style=\"margin:0 0 6px;color:#013366;font-weight:700\">4. Pr\u00e9paration<\/p>\n<ul style=\"margin:0 0 16px;padding:0;color:#2e3033;list-style:none\">\n<li style=\"position:relative;padding:3px 0 3px 24px\"><span style=\"position:absolute;left:0;top:3px;color:#0079F1;font-weight:700\">&#10003;<\/span>Mettre les compl\u00e9ments capillaires et les produits \u00e0 base de biotine en pause plusieurs jours avant, et signaler leur prise lors du rendez-vous<\/li>\n<li style=\"position:relative;padding:3px 0 3px 24px\"><span style=\"position:absolute;left:0;top:3px;color:#0079F1;font-weight:700\">&#10003;<\/span>Pas de pr\u00e9l\u00e8vement pendant une infection aigu\u00eb, sinon la CRP et la ferritine sont fauss\u00e9es<\/li>\n<li style=\"position:relative;padding:3px 0 3px 24px\"><span style=\"position:absolute;left:0;top:3px;color:#0079F1;font-weight:700\">&#10003;<\/span>Si des dosages hormonaux sont pr\u00e9vus, convenir du jour du cycle avec le cabinet<\/li>\n<li style=\"position:relative;padding:3px 0 3px 24px\"><span style=\"position:absolute;left:0;top:3px;color:#0079F1;font-weight:700\">&#10003;<\/span>Apporter la liste de tous les m\u00e9dicaments et compl\u00e9ments alimentaires, et ne pas arr\u00eater la pilule de sa propre initiative<\/li>\n<li style=\"position:relative;padding:3px 0 3px 24px\"><span style=\"position:absolute;left:0;top:3px;color:#0079F1;font-weight:700\">&#10003;<\/span>\u00c0 jeun uniquement si le cabinet ou le laboratoire le demande express\u00e9ment (par exemple pour la glyc\u00e9mie ou le bilan lipidique)<\/li>\n<\/ul>\n<div style=\"border-left:4px solid #0079F1;padding:2px 0 2px 14px;color:#2e3033\">\n<p style=\"margin:0 0 4px;color:#013366;font-weight:700\">Proposition de formulation pour commencer<\/p>\n<p style=\"margin:0;font-style:italic\">\u00ab Je perds nettement plus de cheveux depuis environ quatre mois, de fa\u00e7on uniforme sur tout le cr\u00e2ne. J\u2019aimerais faire rechercher une cause que l\u2019on peut traiter, par exemple le fer ou la thyro\u00efde. \u00bb<\/p>\n<\/div>\n<\/div>\n\n\n\n<p class=\"wp-block-paragraph\">Les autotests et les laboratoires en ligne sont techniquement une option, et pour certaines personnes une premi\u00e8re porte d\u2019entr\u00e9e. Sans interpr\u00e9tation m\u00e9dicale, un r\u00e9sultat reste toutefois un chiffre sans cons\u00e9quence, et les facteurs d\u2019interf\u00e9rence habituels, comme une CRP \u00e9lev\u00e9e ou une prise de biotine, sont souvent oubli\u00e9s. Qui choisit cette voie devrait ensuite faire commenter son compte rendu par un m\u00e9decin.<\/p>\n\n\n\n<h3 class=\"wp-block-heading\">Qui commente les r\u00e9sultats avec moi, le m\u00e9decin traitant ou le dermatologue ?<\/h3>\n\n\n\n<p class=\"wp-block-paragraph\">Le compte rendu est expliqu\u00e9 par celui qui l\u2019a prescrit. La mise en relation entre valeur de laboratoire et aspect des cheveux revient en g\u00e9n\u00e9ral au dermatologue, car il examine en plus le cuir chevelu et le profil de la chute. Les deux se compl\u00e8tent, et aucune des deux voies n\u2019est la mauvaise.<\/p>\n\n\n\n<p class=\"wp-block-paragraph\">Un conseil pratique : apportez une copie du compte rendu au prochain rendez-vous. Cela \u00e9vite que les m\u00eames param\u00e8tres soient dos\u00e9s deux fois coup sur coup et rend l\u2019\u00e9volution visible. Qui joue quel r\u00f4le dans le bilan est expliqu\u00e9 dans l\u2019article <a href=\"\/fr\/greffe-de-cheveux-blog\/specialiste-cheveux\/\">chute de cheveux : quel m\u00e9decin consulter<\/a>.<\/p>\n\n\n<div class=\"wp-block-image\">\n<figure class=\"aligncenter size-large is-resized\" style=\"max-width:720px;margin-left:auto;margin-right:auto\"><img decoding=\"async\" src=\"https:\/\/elithair.com\/fr\/wp-content\/uploads\/sites\/9\/2026\/08\/foto_vorbereitung_flatlay.png\" alt=\"Pr\u00e9paration \u00e0 la prise de sang : bloc-notes, stylo et liste de m\u00e9dicaments sur le bureau\" class=\"wp-image-101783\" style=\"width:720px;max-width:100%;height:auto\"\/><\/figure>\n<\/div>\n\n\n<h2 class=\"wp-block-heading\">L\u2019analyse de sang en cas de chute de cheveux est-elle prise en charge ?<\/h2>\n\n\n\n<p class=\"wp-block-paragraph\"><strong>Lorsqu\u2019il existe une raison m\u00e9dicale, le bilan de base prescrit par un m\u00e9decin est en principe pris en charge ; ce qui compte est l\u2019indication, pas le param\u00e8tre isol\u00e9.<\/strong> L\u2019examen doit donc avoir un motif, issu des sympt\u00f4mes et de l\u2019examen clinique. Les analyses demand\u00e9es \u00e0 la seule initiative du patient, sans indication m\u00e9dicale, restent en r\u00e8gle g\u00e9n\u00e9rale \u00e0 sa charge.<\/p>\n\n\n\n<p class=\"wp-block-paragraph\">La limite ne tient pas \u00e0 une liste fig\u00e9e, mais \u00e0 l\u2019indication. En pratique, l\u2019h\u00e9mogramme, la ferritine et la TSH sont prescrits dans le cadre du parcours de soins devant une chute diffuse justifi\u00e9e. Les bilans vitaminiques ou hormonaux \u00e9tendus, sans suspicion clinique pr\u00e9cise, sont fr\u00e9quemment \u00e0 la charge du patient ; des laboratoires priv\u00e9s proposent d\u2019ailleurs des \u00ab bilans capillaires \u00bb en libre acc\u00e8s.<\/p>\n\n\n\n<p class=\"wp-block-paragraph\">Il vaut donc la peine de commencer l\u2019\u00e9change par le motif plut\u00f4t que par une liste de commandes : depuis quand, avec quelle intensit\u00e9, diffus ou en profil, quels sympt\u00f4mes associ\u00e9s, quels \u00e9v\u00e9nements au cours des quatre derniers mois. C\u2019est pr\u00e9cis\u00e9ment cela qui justifie la prescription. Nous ne citons volontairement pas de prix ici, faute de source fiable et actuelle pour un cas individuel.<\/p>\n\n\n\n<p class=\"wp-block-paragraph\">Un second point revient souvent : le traitement de l\u2019alop\u00e9cie androg\u00e9n\u00e9tique n\u2019est en r\u00e8gle g\u00e9n\u00e9rale pas pris en charge. Dans de nombreux syst\u00e8mes de sant\u00e9, il est consid\u00e9r\u00e9 comme relevant du confort et de l\u2019esth\u00e9tique, et les produits correspondants, comme le minoxidil ou le finast\u00e9ride, restent \u00e0 la charge du patient. L\u2019\u00e9tendue de la prise en charge se v\u00e9rifie aupr\u00e8s de votre caisse d\u2019assurance maladie et de votre compl\u00e9mentaire sant\u00e9.<\/p>\n\n\n\n<h2 class=\"wp-block-heading\">Bien lire ses analyses : les valeurs de r\u00e9f\u00e9rence ne sont pas des valeurs optimales<\/h2>\n\n\n\n<p class=\"wp-block-paragraph\">Un intervalle de r\u00e9f\u00e9rence d\u00e9crit les valeurs que l\u2019on retrouve chez les 95 pour cent centraux d\u2019une population de comparaison en bonne sant\u00e9. C\u2019est une dispersion statistique, pas un objectif individuel. Une valeur peut donc \u00eatre \u00ab dans la norme \u00bb et rester trop basse pour vos cheveux, en particulier \u00e0 la limite inf\u00e9rieure de la zone de ferritine. Cela explique une grande partie de la confusion entre la consultation et les recherches sur internet.<\/p>\n\n\n\n<p class=\"wp-block-paragraph\">Deuxi\u00e8mement, les intervalles de r\u00e9f\u00e9rence d\u00e9pendent de la m\u00e9thode et du laboratoire. Il n\u2019existe pas d\u2019intervalle universel, ni pour la vitamine D, ni pour le zinc, ni pour la TSH. Les comparaisons entre deux laboratoires, ou avec des chiffres trouv\u00e9s sur internet, sont donc r\u00e9guli\u00e8rement trompeuses. Ce qui fait foi, c\u2019est l\u2019intervalle indiqu\u00e9 \u00e0 c\u00f4t\u00e9 de la valeur sur votre propre compte rendu.<\/p>\n\n\n\n<p class=\"wp-block-paragraph\">Troisi\u00e8mement, une valeur isol\u00e9e est un instantan\u00e9. Une \u00e9volution sur plusieurs mois en dit plus qu\u2019une mesure unique, justement pour la ferritine et la TSH.<\/p>\n\n\n\n<h3 class=\"wp-block-heading\" id=\"befund-uebersetzer\">D\u00e9coder son compte rendu : les abr\u00e9viations du laboratoire<\/h3>\n\n\n\n<p class=\"wp-block-paragraph\">Le tableau suivant traduit les abr\u00e9viations courantes de votre compte rendu, de l\u2019Hb au VGM en passant par les anti-TPO, et indique pour chaque sigle son lien avec les cheveux. C\u2019est un lexique et non une interpr\u00e9tation : ce que signifie une valeur pr\u00e9cise dans votre cas rel\u00e8ve de la consultation m\u00e9dicale.<\/p>\n\n\n\n<style>\n@media (max-width:640px){\n.rt-table-wrap{overflow-x:visible!important;border:0!important;border-radius:0!important}\n.rt-table{min-width:0!important}\n.rt-table thead{display:none}\n.rt-table,.rt-table tbody,.rt-table tr,.rt-table td{display:block;width:100%}\n.rt-table caption{display:block;padding:0 0 12px!important}\n.rt-table tr{margin:0 0 12px;border:1px solid #dbe4f0;border-radius:10px;overflow:hidden}\n.rt-table tr:last-child{margin-bottom:0}\n.rt-table td{display:flex!important;flex-direction:column;gap:3px;padding:12px 14px!important;\nborder:0!important;border-bottom:1px solid #e3e8ef!important;background:#ffffff!important}\n.rt-table tr td:last-child{border-bottom:0!important}\n.rt-table td::before{content:attr(data-label);font-size:12px;font-weight:700;letter-spacing:.04em;\ntext-transform:uppercase;color:#5799F1}\n.rt-table td:not([data-label])::before,.rt-table td[data-label=\"\"]::before{display:none}\n}\n<\/style>\n<div class=\"rt-table-wrap\" style=\"overflow-x:auto;-webkit-overflow-scrolling:touch;margin:28px 0;border:1px solid #dbe4f0;border-radius:12px\">\n  <table class=\"rt-table\" style=\"width:100%;min-width:620px;table-layout:fixed;border-collapse:separate;border-spacing:0;font-size:15px;margin:0\">\n    <caption style=\"caption-side:top;text-align:left;color:#003366;font-weight:700;font-size:16px;line-height:1.35;padding:14px 16px 10px;background:#ffffff\">Lexique du compte rendu : sigles, signification et lien avec les cheveux<\/caption>\n    <thead>\n      <tr>\n        <th style=\"width:22%;background:#003366;color:#ffffff;font-weight:700;text-align:left;vertical-align:middle;padding:13px 16px;font-size:15px;line-height:1.4;border:0;overflow-wrap:break-word\">Sur le compte rendu<\/th>\n        <th style=\"background:#003366;color:#ffffff;font-weight:700;text-align:left;vertical-align:middle;padding:13px 16px;font-size:15px;line-height:1.4;border:0;overflow-wrap:break-word\">De quoi il s\u2019agit<\/th>\n        <th style=\"background:#003366;color:#ffffff;font-weight:700;text-align:left;vertical-align:middle;padding:13px 16px;font-size:15px;line-height:1.4;border:0;overflow-wrap:break-word\">Le lien avec les cheveux<\/th>\n      <\/tr>\n    <\/thead>\n    <tbody>\n      <tr>\n        <td data-label=\"Sur le compte rendu\" style=\"background:#ffffff;color:#003366;font-weight:700;text-align:left;vertical-align:top;padding:13px 16px;font-size:15px;line-height:1.55;border:0;border-bottom:1px solid #e3e8ef;overflow-wrap:break-word\">Hb (h\u00e9moglobine)<\/td>\n        <td data-label=\"De quoi il s\u2019agit\" style=\"background:#ffffff;color:#22303e;font-weight:400;text-align:left;vertical-align:top;padding:13px 16px;font-size:15px;line-height:1.55;border:0;border-bottom:1px solid #e3e8ef;overflow-wrap:break-word\">Pigment rouge du sang, il transporte l\u2019oxyg\u00e8ne<\/td>\n        <td data-label=\"Le lien avec les cheveux\" style=\"background:#ffffff;color:#22303e;font-weight:400;text-align:left;vertical-align:top;padding:13px 16px;font-size:15px;line-height:1.55;border:0;border-bottom:1px solid #e3e8ef;overflow-wrap:break-word\">Une Hb normale n\u2019exclut pas une carence en fer<\/td>\n      <\/tr>\n      <tr>\n        <td data-label=\"Sur le compte rendu\" style=\"background:#f6f9fc;color:#003366;font-weight:700;text-align:left;vertical-align:top;padding:13px 16px;font-size:15px;line-height:1.55;border:0;border-bottom:1px solid #e3e8ef;overflow-wrap:break-word\">Ht (h\u00e9matocrite)<\/td>\n        <td data-label=\"De quoi il s\u2019agit\" style=\"background:#f6f9fc;color:#22303e;font-weight:400;text-align:left;vertical-align:top;padding:13px 16px;font-size:15px;line-height:1.55;border:0;border-bottom:1px solid #e3e8ef;overflow-wrap:break-word\">Part des cellules dans le volume sanguin<\/td>\n        <td data-label=\"Le lien avec les cheveux\" style=\"background:#f6f9fc;color:#22303e;font-weight:400;text-align:left;vertical-align:top;padding:13px 16px;font-size:15px;line-height:1.55;border:0;border-bottom:1px solid #e3e8ef;overflow-wrap:break-word\">Compl\u00e8te l\u2019appr\u00e9ciation d\u2019une an\u00e9mie<\/td>\n      <\/tr>\n      <tr>\n        <td data-label=\"Sur le compte rendu\" style=\"background:#ffffff;color:#003366;font-weight:700;text-align:left;vertical-align:top;padding:13px 16px;font-size:15px;line-height:1.55;border:0;border-bottom:1px solid #e3e8ef;overflow-wrap:break-word\">VGM (volume globulaire moyen)<\/td>\n        <td data-label=\"De quoi il s\u2019agit\" style=\"background:#ffffff;color:#22303e;font-weight:400;text-align:left;vertical-align:top;padding:13px 16px;font-size:15px;line-height:1.55;border:0;border-bottom:1px solid #e3e8ef;overflow-wrap:break-word\">Volume moyen des globules rouges<\/td>\n        <td data-label=\"Le lien avec les cheveux\" style=\"background:#ffffff;color:#22303e;font-weight:400;text-align:left;vertical-align:top;padding:13px 16px;font-size:15px;line-height:1.55;border:0;border-bottom:1px solid #e3e8ef;overflow-wrap:break-word\">De petites cellules peuvent \u00e9voquer une carence en fer, de grandes une carence en B12 ou en folates<\/td>\n      <\/tr>\n      <tr>\n        <td data-label=\"Sur le compte rendu\" style=\"background:#f6f9fc;color:#003366;font-weight:700;text-align:left;vertical-align:top;padding:13px 16px;font-size:15px;line-height:1.55;border:0;border-bottom:1px solid #e3e8ef;overflow-wrap:break-word\">GR (globules rouges)<\/td>\n        <td data-label=\"De quoi il s\u2019agit\" style=\"background:#f6f9fc;color:#22303e;font-weight:400;text-align:left;vertical-align:top;padding:13px 16px;font-size:15px;line-height:1.55;border:0;border-bottom:1px solid #e3e8ef;overflow-wrap:break-word\">Globules rouges, ou h\u00e9maties<\/td>\n        <td data-label=\"Le lien avec les cheveux\" style=\"background:#f6f9fc;color:#22303e;font-weight:400;text-align:left;vertical-align:top;padding:13px 16px;font-size:15px;line-height:1.55;border:0;border-bottom:1px solid #e3e8ef;overflow-wrap:break-word\">Font partie du bilan d\u2019une an\u00e9mie<\/td>\n      <\/tr>\n      <tr>\n        <td data-label=\"Sur le compte rendu\" style=\"background:#ffffff;color:#003366;font-weight:700;text-align:left;vertical-align:top;padding:13px 16px;font-size:15px;line-height:1.55;border:0;border-bottom:1px solid #e3e8ef;overflow-wrap:break-word\">GB (globules blancs)<\/td>\n        <td data-label=\"De quoi il s\u2019agit\" style=\"background:#ffffff;color:#22303e;font-weight:400;text-align:left;vertical-align:top;padding:13px 16px;font-size:15px;line-height:1.55;border:0;border-bottom:1px solid #e3e8ef;overflow-wrap:break-word\">Globules blancs, ou leucocytes<\/td>\n        <td data-label=\"Le lien avec les cheveux\" style=\"background:#ffffff;color:#22303e;font-weight:400;text-align:left;vertical-align:top;padding:13px 16px;font-size:15px;line-height:1.55;border:0;border-bottom:1px solid #e3e8ef;overflow-wrap:break-word\">Peuvent signaler une inflammation, qui modifie la ferritine<\/td>\n      <\/tr>\n      <tr>\n        <td data-label=\"Sur le compte rendu\" style=\"background:#f6f9fc;color:#003366;font-weight:700;text-align:left;vertical-align:top;padding:13px 16px;font-size:15px;line-height:1.55;border:0;border-bottom:1px solid #e3e8ef;overflow-wrap:break-word\">Plaquettes (thrombocytes)<\/td>\n        <td data-label=\"De quoi il s\u2019agit\" style=\"background:#f6f9fc;color:#22303e;font-weight:400;text-align:left;vertical-align:top;padding:13px 16px;font-size:15px;line-height:1.55;border:0;border-bottom:1px solid #e3e8ef;overflow-wrap:break-word\">Plaquettes intervenant dans la coagulation<\/td>\n        <td data-label=\"Le lien avec les cheveux\" style=\"background:#f6f9fc;color:#22303e;font-weight:400;text-align:left;vertical-align:top;padding:13px 16px;font-size:15px;line-height:1.55;border:0;border-bottom:1px solid #e3e8ef;overflow-wrap:break-word\">Sans lien direct avec les cheveux, font partie de l\u2019appr\u00e9ciation g\u00e9n\u00e9rale<\/td>\n      <\/tr>\n      <tr>\n        <td data-label=\"Sur le compte rendu\" style=\"background:#ffffff;color:#003366;font-weight:700;text-align:left;vertical-align:top;padding:13px 16px;font-size:15px;line-height:1.55;border:0;border-bottom:1px solid #e3e8ef;overflow-wrap:break-word\">Ferritine<\/td>\n        <td data-label=\"De quoi il s\u2019agit\" style=\"background:#ffffff;color:#22303e;font-weight:400;text-align:left;vertical-align:top;padding:13px 16px;font-size:15px;line-height:1.55;border:0;border-bottom:1px solid #e3e8ef;overflow-wrap:break-word\">Prot\u00e9ine de stockage du fer<\/td>\n        <td data-label=\"Le lien avec les cheveux\" style=\"background:#ffffff;color:#22303e;font-weight:400;text-align:left;vertical-align:top;padding:13px 16px;font-size:15px;line-height:1.55;border:0;border-bottom:1px solid #e3e8ef;overflow-wrap:break-word\">Le param\u00e8tre isol\u00e9 le plus important en cas de chute diffuse<\/td>\n      <\/tr>\n      <tr>\n        <td data-label=\"Sur le compte rendu\" style=\"background:#f6f9fc;color:#003366;font-weight:700;text-align:left;vertical-align:top;padding:13px 16px;font-size:15px;line-height:1.55;border:0;border-bottom:1px solid #e3e8ef;overflow-wrap:break-word\">CST (coefficient de saturation de la transferrine)<\/td>\n        <td data-label=\"De quoi il s\u2019agit\" style=\"background:#f6f9fc;color:#22303e;font-weight:400;text-align:left;vertical-align:top;padding:13px 16px;font-size:15px;line-height:1.55;border:0;border-bottom:1px solid #e3e8ef;overflow-wrap:break-word\">Part de la prot\u00e9ine de transport charg\u00e9e en fer<\/td>\n        <td data-label=\"Le lien avec les cheveux\" style=\"background:#f6f9fc;color:#22303e;font-weight:400;text-align:left;vertical-align:top;padding:13px 16px;font-size:15px;line-height:1.55;border:0;border-bottom:1px solid #e3e8ef;overflow-wrap:break-word\">Peut r\u00e9v\u00e9ler une carence martiale fonctionnelle malgr\u00e9 une ferritine normale<\/td>\n      <\/tr>\n      <tr>\n        <td data-label=\"Sur le compte rendu\" style=\"background:#ffffff;color:#003366;font-weight:700;text-align:left;vertical-align:top;padding:13px 16px;font-size:15px;line-height:1.55;border:0;border-bottom:1px solid #e3e8ef;overflow-wrap:break-word\">CRP (prot\u00e9ine C r\u00e9active)<\/td>\n        <td data-label=\"De quoi il s\u2019agit\" style=\"background:#ffffff;color:#22303e;font-weight:400;text-align:left;vertical-align:top;padding:13px 16px;font-size:15px;line-height:1.55;border:0;border-bottom:1px solid #e3e8ef;overflow-wrap:break-word\">Prot\u00e9ine de la phase aigu\u00eb, marqueur d\u2019inflammation<\/td>\n        <td data-label=\"Le lien avec les cheveux\" style=\"background:#ffffff;color:#22303e;font-weight:400;text-align:left;vertical-align:top;padding:13px 16px;font-size:15px;line-height:1.55;border:0;border-bottom:1px solid #e3e8ef;overflow-wrap:break-word\">Une CRP \u00e9lev\u00e9e peut faire para\u00eetre la ferritine plus haute qu\u2019elle ne l\u2019est<\/td>\n      <\/tr>\n      <tr>\n        <td data-label=\"Sur le compte rendu\" style=\"background:#f6f9fc;color:#003366;font-weight:700;text-align:left;vertical-align:top;padding:13px 16px;font-size:15px;line-height:1.55;border:0;border-bottom:1px solid #e3e8ef;overflow-wrap:break-word\">TSH<\/td>\n        <td data-label=\"De quoi il s\u2019agit\" style=\"background:#f6f9fc;color:#22303e;font-weight:400;text-align:left;vertical-align:top;padding:13px 16px;font-size:15px;line-height:1.55;border:0;border-bottom:1px solid #e3e8ef;overflow-wrap:break-word\">Hormone de commande de la thyro\u00efde<\/td>\n        <td data-label=\"Le lien avec les cheveux\" style=\"background:#f6f9fc;color:#22303e;font-weight:400;text-align:left;vertical-align:top;padding:13px 16px;font-size:15px;line-height:1.55;border:0;border-bottom:1px solid #e3e8ef;overflow-wrap:break-word\">Des valeurs anormales peuvent s\u2019accompagner d\u2019une chute diffuse<\/td>\n      <\/tr>\n      <tr>\n        <td data-label=\"Sur le compte rendu\" style=\"background:#ffffff;color:#003366;font-weight:700;text-align:left;vertical-align:top;padding:13px 16px;font-size:15px;line-height:1.55;border:0;border-bottom:1px solid #e3e8ef;overflow-wrap:break-word\">T3L et T4L<\/td>\n        <td data-label=\"De quoi il s\u2019agit\" style=\"background:#ffffff;color:#22303e;font-weight:400;text-align:left;vertical-align:top;padding:13px 16px;font-size:15px;line-height:1.55;border:0;border-bottom:1px solid #e3e8ef;overflow-wrap:break-word\">Hormones thyro\u00efdiennes libres<\/td>\n        <td data-label=\"Le lien avec les cheveux\" style=\"background:#ffffff;color:#22303e;font-weight:400;text-align:left;vertical-align:top;padding:13px 16px;font-size:15px;line-height:1.55;border:0;border-bottom:1px solid #e3e8ef;overflow-wrap:break-word\">Elles montrent \u00e0 quel point la thyro\u00efde travaille r\u00e9ellement<\/td>\n      <\/tr>\n      <tr>\n        <td data-label=\"Sur le compte rendu\" style=\"background:#f6f9fc;color:#003366;font-weight:700;text-align:left;vertical-align:top;padding:13px 16px;font-size:15px;line-height:1.55;border:0;border-bottom:1px solid #e3e8ef;overflow-wrap:break-word\">Anti-TPO<\/td>\n        <td data-label=\"De quoi il s\u2019agit\" style=\"background:#f6f9fc;color:#22303e;font-weight:400;text-align:left;vertical-align:top;padding:13px 16px;font-size:15px;line-height:1.55;border:0;border-bottom:1px solid #e3e8ef;overflow-wrap:break-word\">Anticorps dirig\u00e9s contre la thyroperoxydase<\/td>\n        <td data-label=\"Le lien avec les cheveux\" style=\"background:#f6f9fc;color:#22303e;font-weight:400;text-align:left;vertical-align:top;padding:13px 16px;font-size:15px;line-height:1.55;border:0;border-bottom:1px solid #e3e8ef;overflow-wrap:break-word\">\u00c9l\u00e9ment en faveur d\u2019une thyro\u00efdite de Hashimoto<\/td>\n      <\/tr>\n      <tr>\n        <td data-label=\"Sur le compte rendu\" style=\"background:#ffffff;color:#003366;font-weight:700;text-align:left;vertical-align:top;padding:13px 16px;font-size:15px;line-height:1.55;border:0;border-bottom:1px solid #e3e8ef;overflow-wrap:break-word\">25-OH-D<\/td>\n        <td data-label=\"De quoi il s\u2019agit\" style=\"background:#ffffff;color:#22303e;font-weight:400;text-align:left;vertical-align:top;padding:13px 16px;font-size:15px;line-height:1.55;border:0;border-bottom:1px solid #e3e8ef;overflow-wrap:break-word\">Forme de r\u00e9serve de la vitamine D dans le sang<\/td>\n        <td data-label=\"Le lien avec les cheveux\" style=\"background:#ffffff;color:#22303e;font-weight:400;text-align:left;vertical-align:top;padding:13px 16px;font-size:15px;line-height:1.55;border:0;border-bottom:1px solid #e3e8ef;overflow-wrap:break-word\">Une carence est prise en compte en cas de chute diffuse<\/td>\n      <\/tr>\n      <tr>\n        <td data-label=\"Sur le compte rendu\" style=\"background:#f6f9fc;color:#003366;font-weight:700;text-align:left;vertical-align:top;padding:13px 16px;font-size:15px;line-height:1.55;border:0;border-bottom:1px solid #e3e8ef;overflow-wrap:break-word\">Zn (zinc)<\/td>\n        <td data-label=\"De quoi il s\u2019agit\" style=\"background:#f6f9fc;color:#22303e;font-weight:400;text-align:left;vertical-align:top;padding:13px 16px;font-size:15px;line-height:1.55;border:0;border-bottom:1px solid #e3e8ef;overflow-wrap:break-word\">Oligo\u00e9l\u00e9ment, dos\u00e9 dans le s\u00e9rum ou sur sang total<\/td>\n        <td data-label=\"Le lien avec les cheveux\" style=\"background:#f6f9fc;color:#22303e;font-weight:400;text-align:left;vertical-align:top;padding:13px 16px;font-size:15px;line-height:1.55;border:0;border-bottom:1px solid #e3e8ef;overflow-wrap:break-word\">Une carence peut contribuer \u00e0 une chute diffuse<\/td>\n      <\/tr>\n      <tr>\n        <td data-label=\"Sur le compte rendu\" style=\"background:#ffffff;color:#003366;font-weight:700;text-align:left;vertical-align:top;padding:13px 16px;font-size:15px;line-height:1.55;border:0;border-bottom:1px solid #e3e8ef;overflow-wrap:break-word\">Vit. B12 \/ holo-TC<\/td>\n        <td data-label=\"De quoi il s\u2019agit\" style=\"background:#ffffff;color:#22303e;font-weight:400;text-align:left;vertical-align:top;padding:13px 16px;font-size:15px;line-height:1.55;border:0;border-bottom:1px solid #e3e8ef;overflow-wrap:break-word\">Vitamine B12 totale ou fraction disponible pour les cellules<\/td>\n        <td data-label=\"Le lien avec les cheveux\" style=\"background:#ffffff;color:#22303e;font-weight:400;text-align:left;vertical-align:top;padding:13px 16px;font-size:15px;line-height:1.55;border:0;border-bottom:1px solid #e3e8ef;overflow-wrap:break-word\">Une carence peut toucher la formation du sang et la pousse des cheveux<\/td>\n      <\/tr>\n      <tr>\n        <td data-label=\"Sur le compte rendu\" style=\"background:#f6f9fc;color:#003366;font-weight:700;text-align:left;vertical-align:top;padding:13px 16px;font-size:15px;line-height:1.55;border:0;border-bottom:1px solid #e3e8ef;overflow-wrap:break-word\">Folates (vitamine B9)<\/td>\n        <td data-label=\"De quoi il s\u2019agit\" style=\"background:#f6f9fc;color:#22303e;font-weight:400;text-align:left;vertical-align:top;padding:13px 16px;font-size:15px;line-height:1.55;border:0;border-bottom:1px solid #e3e8ef;overflow-wrap:break-word\">Folates s\u00e9riques<\/td>\n        <td data-label=\"Le lien avec les cheveux\" style=\"background:#f6f9fc;color:#22303e;font-weight:400;text-align:left;vertical-align:top;padding:13px 16px;font-size:15px;line-height:1.55;border:0;border-bottom:1px solid #e3e8ef;overflow-wrap:break-word\">S\u2019interpr\u00e8tent avec la B12<\/td>\n      <\/tr>\n      <tr>\n        <td data-label=\"Sur le compte rendu\" style=\"background:#ffffff;color:#003366;font-weight:700;text-align:left;vertical-align:top;padding:13px 16px;font-size:15px;line-height:1.55;border:0;border-bottom:1px solid #e3e8ef;overflow-wrap:break-word\">Testost\u00e9rone totale<\/td>\n        <td data-label=\"De quoi il s\u2019agit\" style=\"background:#ffffff;color:#22303e;font-weight:400;text-align:left;vertical-align:top;padding:13px 16px;font-size:15px;line-height:1.55;border:0;border-bottom:1px solid #e3e8ef;overflow-wrap:break-word\">Androg\u00e8ne, majoritairement li\u00e9 aux prot\u00e9ines<\/td>\n        <td data-label=\"Le lien avec les cheveux\" style=\"background:#ffffff;color:#22303e;font-weight:400;text-align:left;vertical-align:top;padding:13px 16px;font-size:15px;line-height:1.55;border:0;border-bottom:1px solid #e3e8ef;overflow-wrap:break-word\">Chez la femme, fait partie de la recherche d\u2019une cause hormonale<\/td>\n      <\/tr>\n      <tr>\n        <td data-label=\"Sur le compte rendu\" style=\"background:#f6f9fc;color:#003366;font-weight:700;text-align:left;vertical-align:top;padding:13px 16px;font-size:15px;line-height:1.55;border:0;border-bottom:1px solid #e3e8ef;overflow-wrap:break-word\">SHBG<\/td>\n        <td data-label=\"De quoi il s\u2019agit\" style=\"background:#f6f9fc;color:#22303e;font-weight:400;text-align:left;vertical-align:top;padding:13px 16px;font-size:15px;line-height:1.55;border:0;border-bottom:1px solid #e3e8ef;overflow-wrap:break-word\">Prot\u00e9ine de transport des hormones sexuelles<\/td>\n        <td data-label=\"Le lien avec les cheveux\" style=\"background:#f6f9fc;color:#22303e;font-weight:400;text-align:left;vertical-align:top;padding:13px 16px;font-size:15px;line-height:1.55;border:0;border-bottom:1px solid #e3e8ef;overflow-wrap:break-word\">Influence la quantit\u00e9 de testost\u00e9rone libre active<\/td>\n      <\/tr>\n      <tr>\n        <td data-label=\"Sur le compte rendu\" style=\"background:#ffffff;color:#003366;font-weight:700;text-align:left;vertical-align:top;padding:13px 16px;font-size:15px;line-height:1.55;border:0;border-bottom:1px solid #e3e8ef;overflow-wrap:break-word\">SDHA (sulfate de DHEA)<\/td>\n        <td data-label=\"De quoi il s\u2019agit\" style=\"background:#ffffff;color:#22303e;font-weight:400;text-align:left;vertical-align:top;padding:13px 16px;font-size:15px;line-height:1.55;border:0;border-bottom:1px solid #e3e8ef;overflow-wrap:break-word\">Androg\u00e8ne produit par la corticosurr\u00e9nale<\/td>\n        <td data-label=\"Le lien avec les cheveux\" style=\"background:#ffffff;color:#22303e;font-weight:400;text-align:left;vertical-align:top;padding:13px 16px;font-size:15px;line-height:1.55;border:0;border-bottom:1px solid #e3e8ef;overflow-wrap:break-word\">Peut indiquer une source d\u2019androg\u00e8nes en dehors des ovaires<\/td>\n      <\/tr>\n      <tr>\n        <td data-label=\"Sur le compte rendu\" style=\"background:#f6f9fc;color:#003366;font-weight:700;text-align:left;vertical-align:top;padding:13px 16px;font-size:15px;line-height:1.55;border:0;border-bottom:1px solid #e3e8ef;overflow-wrap:break-word\">Prolactine<\/td>\n        <td data-label=\"De quoi il s\u2019agit\" style=\"background:#f6f9fc;color:#22303e;font-weight:400;text-align:left;vertical-align:top;padding:13px 16px;font-size:15px;line-height:1.55;border:0;border-bottom:1px solid #e3e8ef;overflow-wrap:break-word\">Hormone de l\u2019hypophyse<\/td>\n        <td data-label=\"Le lien avec les cheveux\" style=\"background:#f6f9fc;color:#22303e;font-weight:400;text-align:left;vertical-align:top;padding:13px 16px;font-size:15px;line-height:1.55;border:0;border-bottom:1px solid #e3e8ef;overflow-wrap:break-word\">Des valeurs anormales doivent \u00eatre explor\u00e9es m\u00e9dicalement<\/td>\n      <\/tr>\n      <tr>\n        <td data-label=\"Sur le compte rendu\" style=\"background:#ffffff;color:#003366;font-weight:700;text-align:left;vertical-align:top;padding:13px 16px;font-size:15px;line-height:1.55;border:0;overflow-wrap:break-word\">HbA1c<\/td>\n        <td data-label=\"De quoi il s\u2019agit\" style=\"background:#ffffff;color:#22303e;font-weight:400;text-align:left;vertical-align:top;padding:13px 16px;font-size:15px;line-height:1.55;border:0;overflow-wrap:break-word\">Valeur au long cours de la glyc\u00e9mie<\/td>\n        <td data-label=\"Le lien avec les cheveux\" style=\"background:#ffffff;color:#22303e;font-weight:400;text-align:left;vertical-align:top;padding:13px 16px;font-size:15px;line-height:1.55;border:0;overflow-wrap:break-word\">Fait partie du bilan en cas de suspicion de syndrome des ovaires polykystiques<\/td>\n      <\/tr>\n    <\/tbody>\n  <\/table>\n<\/div>\n\n\n\n<h2 class=\"wp-block-heading\">Toutes les analyses sont normales et les cheveux tombent quand m\u00eame : les \u00e9tapes suivantes<\/h2>\n\n\n\n<p class=\"wp-block-paragraph\">Des analyses normales sont un r\u00e9sultat et non un \u00e9chec : elles \u00e9cartent les causes corrigeables les plus fr\u00e9quentes et d\u00e9placent la question vers le profil de la chute. L\u2019\u00e9tape suivante n\u2019est alors pas un nouveau tour de laboratoire, mais l\u2019examen dermatologique du cuir chevelu. Quatre explications couvrent la majeure partie de ces situations.<\/p>\n\n\n\n<div style=\"margin:0 0 26px\">\n<div style=\"border:1px solid #e3e8ef;border-radius:10px;padding:16px;margin-bottom:12px\">\n<p style=\"margin:0 0 6px;color:#013366;font-weight:700\">Profil au front, aux tempes ou au vertex, laboratoire normal<\/p>\n<p style=\"margin:0;color:#2e3033\">Explication probable : une alop\u00e9cie androg\u00e9n\u00e9tique, qui ne se voit pas dans le sang. \u00c9tape suivante : examen dermatologique avec trichoscopie et documentation photographique, plut\u00f4t que de nouvelles analyses. Un panorama des diff\u00e9rentes formes est propos\u00e9 dans l\u2019article sur les <a href=\"\/fr\/greffe-de-cheveux-blog\/alopecie-causes-solutions\/\">causes de la chute de cheveux<\/a>.<\/p>\n<\/div>\n<div style=\"border:1px solid #e3e8ef;border-radius:10px;padding:16px;margin-bottom:12px\">\n<p style=\"margin:0 0 6px;color:#013366;font-weight:700\">Chute diffuse, mais toutes les valeurs normales<\/p>\n<p style=\"margin:0;color:#2e3033\">Explication probable : le d\u00e9clencheur est ancien. Un effluvium t\u00e9log\u00e8ne d\u00e9bute deux \u00e0 quatre mois apr\u00e8s l\u2019\u00e9v\u00e9nement, et la valeur peut s\u2019\u00eatre normalis\u00e9e bien avant la mesure. \u00c9tape suivante : surveiller l\u2019\u00e9volution, car cette forme est le plus souvent spontan\u00e9ment r\u00e9solutive.<\/p>\n<\/div>\n<div style=\"border:1px solid #e3e8ef;border-radius:10px;padding:16px;margin-bottom:12px\">\n<p style=\"margin:0 0 6px;color:#013366;font-weight:700\">Une valeur est \u00e0 la limite basse, mais n\u2019a pas \u00e9t\u00e9 comment\u00e9e<\/p>\n<p style=\"margin:0;color:#2e3033\">Explication probable : le r\u00e9sultat \u00e9tait formellement normal, mais les cheveux n\u2019\u00e9taient pas le sujet de la consultation. Cela concerne le plus souvent la ferritine. \u00c9tape suivante : contr\u00f4ler la valeur dans le temps et l\u2019aborder explicitement en lien avec la chute de cheveux.<\/p>\n<\/div>\n<div style=\"border:1px solid #e3e8ef;border-radius:10px;padding:16px;margin-bottom:0\">\n<p style=\"margin:0 0 6px;color:#013366;font-weight:700\">Plaques d\u00e9garnies, d\u00e9mangeaisons, douleur ou rougeur du cuir chevelu<\/p>\n<p style=\"margin:0;color:#2e3033\">Explication probable : une forme que l\u2019on voit au lieu de la mesurer, par exemple une pelade, une alop\u00e9cie cicatricielle ou une alop\u00e9cie de traction. \u00c9tape suivante : consulter rapidement un dermatologue, avec biopsie du cuir chevelu en cas de doute.<\/p>\n<\/div>\n<\/div>\n\n\n\n<p class=\"wp-block-paragraph\">Ce que fait alors le m\u00e9decin n\u2019est pas une esquive, mais l\u2019\u00e9tape diagnostique suivante. La <strong>trichoscopie<\/strong> est une microscopie num\u00e9rique du cuir chevelu en lumi\u00e8re incidente, qui permet d\u2019appr\u00e9cier le diam\u00e8tre des cheveux, les ouvertures folliculaires et les signes d\u2019inflammation. S\u2019y ajoutent le test de traction, une documentation photographique standardis\u00e9e pour le suivi et, en cas de doute, une biopsie du cuir chevelu.<\/p>\n\n\n\n<p class=\"wp-block-paragraph\">Une question revient presque toujours : peut-on mesurer le stress dans le sang ? Il n\u2019existe pas de \u00ab valeur du stress \u00bb qui permettrait d\u2019expliquer une chute de cheveux. Le cortisol n\u2019est pas un param\u00e8tre de routine du bilan capillaire et n\u2019est dos\u00e9 qu\u2019en cas de suspicion endocrinologique pr\u00e9cise. Il n\u2019appara\u00eet pas dans les bilans sanguins courants de la chute de cheveux. Savoir si la quantit\u00e9 de cheveux que vous perdez est r\u00e9ellement inhabituelle est expliqu\u00e9 dans l\u2019article sur la <a href=\"\/fr\/greffe-de-cheveux-blog\/chute-de-cheveux-extreme\/\">chute de cheveux importante<\/a> .<\/p>\n\n\n<div class=\"wp-block-image\">\n<figure class=\"aligncenter size-large is-resized\" style=\"max-width:720px;margin-left:auto;margin-right:auto\"><img decoding=\"async\" src=\"https:\/\/elithair.com\/fr\/wp-content\/uploads\/sites\/9\/2026\/08\/foto_trichoskopie.png\" alt=\"Trichoscopie : une dermatologue examine le cuir chevelu avec un microscope num\u00e9rique \u00e0 lumi\u00e8re incidente\" class=\"wp-image-101784\" style=\"width:720px;max-width:100%;height:auto\"\/><\/figure>\n<\/div>\n\n\n<h2 class=\"wp-block-heading\">Combien de temps faut-il pour que les cheveux repoussent apr\u00e8s la correction ?<\/h2>\n\n\n\n<p class=\"wp-block-paragraph\"><strong>Apr\u00e8s la correction d\u2019une carence d\u00e9montr\u00e9e, la chute diminue typiquement en trois \u00e0 six mois ; la r\u00e9cup\u00e9ration esth\u00e9tique compl\u00e8te peut demander 12 \u00e0 18 mois.<\/strong> La raison en est le cycle capillaire : les follicules d\u00e9j\u00e0 en phase de repos perdent encore leur cheveu avant que de nouveaux ne poussent. Ce d\u00e9calage rel\u00e8ve de la biologie, il n\u2019est pas le signe d\u2019un \u00e9chec du traitement.<\/p>\n\n\n\n<style>\n@media (max-width:640px){\n.rt-table-wrap{overflow-x:visible!important;border:0!important;border-radius:0!important}\n.rt-table{min-width:0!important}\n.rt-table thead{display:none}\n.rt-table,.rt-table tbody,.rt-table tr,.rt-table td{display:block;width:100%}\n.rt-table caption{display:block;padding:0 0 12px!important}\n.rt-table tr{margin:0 0 12px;border:1px solid #dbe4f0;border-radius:10px;overflow:hidden}\n.rt-table tr:last-child{margin-bottom:0}\n.rt-table td{display:flex!important;flex-direction:column;gap:3px;padding:12px 14px!important;\nborder:0!important;border-bottom:1px solid #e3e8ef!important;background:#ffffff!important}\n.rt-table tr td:last-child{border-bottom:0!important}\n.rt-table td::before{content:attr(data-label);font-size:12px;font-weight:700;letter-spacing:.04em;\ntext-transform:uppercase;color:#5799F1}\n.rt-table td:not([data-label])::before,.rt-table td[data-label=\"\"]::before{display:none}\n}\n<\/style>\n<div class=\"rt-table-wrap\" style=\"overflow-x:auto;-webkit-overflow-scrolling:touch;margin:28px 0;border:1px solid #dbe4f0;border-radius:12px\">\n  <table class=\"rt-table\" style=\"width:100%;min-width:480px;table-layout:fixed;border-collapse:separate;border-spacing:0;font-size:15px;margin:0\">\n    <caption style=\"caption-side:top;text-align:left;color:#003366;font-weight:700;font-size:16px;line-height:1.35;padding:14px 16px 10px;background:#ffffff\">Chronologie de la repousse apr\u00e8s la correction d\u2019une cause traitable<\/caption>\n    <thead>\n      <tr>\n        <th style=\"width:30%;background:#003366;color:#ffffff;font-weight:700;text-align:left;vertical-align:middle;padding:13px 16px;font-size:15px;line-height:1.4;border:0;overflow-wrap:break-word\">P\u00e9riode<\/th>\n        <th style=\"background:#003366;color:#ffffff;font-weight:700;text-align:left;vertical-align:middle;padding:13px 16px;font-size:15px;line-height:1.4;border:0;overflow-wrap:break-word\">Ce qui se passe pendant cette p\u00e9riode<\/th>\n      <\/tr>\n    <\/thead>\n    <tbody>\n      <tr>\n        <td data-label=\"P\u00e9riode\" style=\"background:#ffffff;color:#003366;font-weight:700;text-align:left;vertical-align:top;padding:13px 16px;font-size:15px;line-height:1.55;border:0;border-bottom:1px solid #e3e8ef;overflow-wrap:break-word\">Mois 1 \u00e0 2<\/td>\n        <td data-label=\"Ce qui se passe pendant cette p\u00e9riode\" style=\"background:#ffffff;color:#22303e;font-weight:400;text-align:left;vertical-align:top;padding:13px 16px;font-size:15px;line-height:1.55;border:0;border-bottom:1px solid #e3e8ef;overflow-wrap:break-word\">Le traitement suivi m\u00e9dicalement ram\u00e8ne la valeur anormale dans la zone cible. La chute se poursuit le plus souvent, car les cheveux concern\u00e9s sont d\u00e9j\u00e0 en phase de repos.<\/td>\n      <\/tr>\n      <tr>\n        <td data-label=\"P\u00e9riode\" style=\"background:#f6f9fc;color:#003366;font-weight:700;text-align:left;vertical-align:top;padding:13px 16px;font-size:15px;line-height:1.55;border:0;border-bottom:1px solid #e3e8ef;overflow-wrap:break-word\">Mois 3 \u00e0 4<\/td>\n        <td data-label=\"Ce qui se passe pendant cette p\u00e9riode\" style=\"background:#f6f9fc;color:#22303e;font-weight:400;text-align:left;vertical-align:top;padding:13px 16px;font-size:15px;line-height:1.55;border:0;border-bottom:1px solid #e3e8ef;overflow-wrap:break-word\">La chute t\u00e9log\u00e8ne diminue, les follicules repassent en phase de croissance (anag\u00e8ne).<\/td>\n      <\/tr>\n      <tr>\n        <td data-label=\"P\u00e9riode\" style=\"background:#ffffff;color:#003366;font-weight:700;text-align:left;vertical-align:top;padding:13px 16px;font-size:15px;line-height:1.55;border:0;border-bottom:1px solid #e3e8ef;overflow-wrap:break-word\">Mois 5 \u00e0 6<\/td>\n        <td data-label=\"Ce qui se passe pendant cette p\u00e9riode\" style=\"background:#ffffff;color:#22303e;font-weight:400;text-align:left;vertical-align:top;padding:13px 16px;font-size:15px;line-height:1.55;border:0;border-bottom:1px solid #e3e8ef;overflow-wrap:break-word\">La chute recule nettement, les premiers cheveux courts deviennent visibles \u00e0 la racine.<\/td>\n      <\/tr>\n      <tr>\n        <td data-label=\"P\u00e9riode\" style=\"background:#f6f9fc;color:#003366;font-weight:700;text-align:left;vertical-align:top;padding:13px 16px;font-size:15px;line-height:1.55;border:0;border-bottom:1px solid #e3e8ef;overflow-wrap:break-word\">Mois 6 \u00e0 12<\/td>\n        <td data-label=\"Ce qui se passe pendant cette p\u00e9riode\" style=\"background:#f6f9fc;color:#22303e;font-weight:400;text-align:left;vertical-align:top;padding:13px 16px;font-size:15px;line-height:1.55;border:0;border-bottom:1px solid #e3e8ef;overflow-wrap:break-word\">Les nouveaux cheveux continuent de pousser ; on peut progressivement juger de la densit\u00e9.<\/td>\n      <\/tr>\n      <tr>\n        <td data-label=\"P\u00e9riode\" style=\"background:#ffffff;color:#003366;font-weight:700;text-align:left;vertical-align:top;padding:13px 16px;font-size:15px;line-height:1.55;border:0;overflow-wrap:break-word\">Mois 12 \u00e0 18<\/td>\n        <td data-label=\"Ce qui se passe pendant cette p\u00e9riode\" style=\"background:#ffffff;color:#22303e;font-weight:400;text-align:left;vertical-align:top;padding:13px 16px;font-size:15px;line-height:1.55;border:0;overflow-wrap:break-word\">La r\u00e9cup\u00e9ration esth\u00e9tique compl\u00e8te est atteinte, \u00e0 condition qu\u2019il n\u2019existe pas d\u2019autre cause.<\/td>\n      <\/tr>\n    <\/tbody>\n  <\/table>\n<\/div>\n\n\n\n<p class=\"wp-block-paragraph\">Cette chronologie est un rep\u00e8re et non un programme. Elle se d\u00e9duit de la dur\u00e9e des phases du cycle capillaire et de l\u2019\u00e9volution d\u00e9crite de l\u2019effluvium t\u00e9log\u00e8ne. La rapidit\u00e9 au cas par cas d\u00e9pend de la valeur de d\u00e9part, de la s\u00e9v\u00e9rit\u00e9 de la carence et de l\u2019existence \u00e9ventuelle d\u2019une alop\u00e9cie androg\u00e9n\u00e9tique associ\u00e9e, qui elle ne r\u00e9pond pas \u00e0 une correction nutritionnelle.<\/p>\n\n\n<div class=\"wp-block-image\">\n<figure class=\"aligncenter size-large is-resized\" style=\"max-width:560px;margin-left:auto;margin-right:auto\"><img decoding=\"async\" src=\"https:\/\/elithair.com\/fr\/wp-content\/uploads\/sites\/9\/2026\/08\/illu_haarzyklus.png\" alt=\"Illustration des phases du cycle capillaire en coupe de peau : follicule actif, phase de transition et phase de repos\" class=\"wp-image-101785\" style=\"width:560px;max-width:100%;height:auto\"\/><\/figure>\n<\/div>\n\n\n<h2 class=\"wp-block-heading\">Diffus ou h\u00e9r\u00e9ditaire : ce que la distinction change en pratique<\/h2>\n\n\n\n<p class=\"wp-block-paragraph\">La distinction d\u00e9termine le traitement. Une chute diffuse sur tout le cr\u00e2ne oriente vers une cause acquise et se traite \u00e0 la source, par exemple par la suppl\u00e9mentation d\u2019une carence d\u00e9montr\u00e9e ou l\u2019\u00e9quilibrage de la thyro\u00efde. Un profil au front, aux tempes et au vertex oriente vers la forme h\u00e9r\u00e9ditaire, la seule qui rel\u00e8ve \u00e0 long terme d\u2019un traitement capillaire ou d\u2019une greffe de cheveux. Les deux coexistent fr\u00e9quemment.<\/p>\n\n\n\n<p class=\"wp-block-paragraph\">Si vous ne savez pas quel tableau est le v\u00f4tre, l\u2019analyse capillaire gratuite d\u2019Elithair donne une premi\u00e8re appr\u00e9ciation du profil visible et de ce qui pourrait entrer en ligne de compte. C\u2019est une orientation et non un diagnostic m\u00e9dical, et elle ne remplace pas le bilan dermatologique. Avant tout traitement, Elithair pr\u00e9voit en plus une analyse de sang \u00e0 la recherche de la cause : si elle montre qu\u2019une carence ou une cause hormonale entretient la perte de cheveux, c\u2019est cette cause qui est trait\u00e9e en premier, et il n\u2019y a pas de greffe. C\u2019est la raison pour laquelle nous refusons une part importante des demandes.<\/p>\n\n\n\n<div class=\"wp-block-buttons is-content-justification-center is-layout-flex wp-container-core-buttons-is-layout-fe48e5de wp-block-buttons-is-layout-flex\" style=\"justify-content:center;margin-bottom:48px\"><div class=\"wp-block-button\"><a class=\"wp-block-button__link wp-element-button\" style=\"background-color:#0079F1;color:#ffffff;border-radius:8px;padding:15px 36px;font-weight:700;font-size:17px\" href=\"\/fr\/analyse-capillaire\/\">Lancer l\u2019analyse capillaire gratuite<\/a><\/div><\/div>\n\n\n\n<h2 class=\"wp-block-heading\">Questions fr\u00e9quentes sur les analyses de sang en cas de chute de cheveux<\/h2>\n\n\n\n<div style=\"margin:0 0 26px\">\n<div style=\"border:1px solid #e3e8ef;border-radius:10px;padding:16px;margin-bottom:12px\">\n<p style=\"margin:0 0 8px;color:#013366;font-weight:600\">Quelles analyses de sang faire en cas de chute de cheveux ?<\/p>\n<p style=\"margin:0;color:#2e3033\">Un bilan de base de six param\u00e8tres est pertinent : h\u00e9mogramme avec formule leucocytaire, ferritine, CRP, TSH, 25-OH-vitamine D et zinc. Cette combinaison couvre la carence en fer, l\u2019an\u00e9mie, l\u2019inflammation, la fonction thyro\u00efdienne et les d\u00e9ficits nutritionnels les plus fr\u00e9quents. Si la chute diffuse persiste malgr\u00e9 des valeurs normales, des param\u00e8tres \u00e9largis s\u2019y ajoutent, comme T3L, T4L, les anticorps anti-TPO, la B12 ou le coefficient de saturation de la transferrine.<\/p>\n<\/div>\n<div style=\"border:1px solid #e3e8ef;border-radius:10px;padding:16px;margin-bottom:12px\">\n<p style=\"margin:0 0 8px;color:#013366;font-weight:600\">La ferritine fait-elle partie d\u2019un h\u00e9mogramme complet ?<\/p>\n<p style=\"margin:0;color:#2e3033\">Non. Un h\u00e9mogramme complet se compose de la num\u00e9ration et de la formule leucocytaire. La ferritine, la TSH, la 25-OH-vitamine D et le zinc n\u2019y figurent pas et doivent \u00eatre demand\u00e9s s\u00e9par\u00e9ment. L\u2019h\u00e9mogramme ne fournit tout au plus qu\u2019un indice indirect, via le VGM : de petits globules rouges peuvent \u00e9voquer une carence en fer.<\/p>\n<\/div>\n<div style=\"border:1px solid #e3e8ef;border-radius:10px;padding:16px;margin-bottom:12px\">\n<p style=\"margin:0 0 8px;color:#013366;font-weight:600\">Quelle valeur de ferritine compte pour les cheveux ?<\/p>\n<p style=\"margin:0;color:#2e3033\">Il n\u2019existe pas de valeur cible \u00e9tablie pour les cheveux. Les r\u00e9f\u00e9rences de laboratoire d\u00e9finissent une carence en fer le plus souvent en dessous de 15 \u00e0 30 \u00b5g\/l. Dans le d\u00e9bat sp\u00e9cialis\u00e9, 40 \u00e0 70 \u00b5g\/l sont avanc\u00e9s pour les cheveux (Rushton 2002, Trost et al. 2006) ; des travaux contr\u00f4l\u00e9s comme Olsen et al. 2010 contredisent cette position. Un apport en fer n\u2019est prescrit par le m\u00e9decin qu\u2019en cas de carence d\u00e9montr\u00e9e.<\/p>\n<\/div>\n<div style=\"border:1px solid #e3e8ef;border-radius:10px;padding:16px;margin-bottom:12px\">\n<p style=\"margin:0 0 8px;color:#013366;font-weight:600\">Peut-on mettre en \u00e9vidence l\u2019alop\u00e9cie androg\u00e9n\u00e9tique dans le sang, et est-il utile de faire doser la DHT ou la testost\u00e9rone ?<\/p>\n<p style=\"margin:0;color:#2e3033\">Non. L\u2019alop\u00e9cie androg\u00e9n\u00e9tique repose sur la sensibilit\u00e9 des follicules \u00e0 la DHT, et non sur des taux hormonaux \u00e9lev\u00e9s ; les hommes concern\u00e9s ont en r\u00e8gle g\u00e9n\u00e9rale des taux de testost\u00e9rone et de DHT normaux. Le diagnostic repose sur l\u2019examen du profil et du cuir chevelu. Chez la femme, les androg\u00e8nes sont dos\u00e9s dans un autre but : rechercher une maladie hormonale sous-jacente.<\/p>\n<\/div>\n<div style=\"border:1px solid #e3e8ef;border-radius:10px;padding:16px;margin-bottom:12px\">\n<p style=\"margin:0 0 8px;color:#013366;font-weight:600\">Faut-il \u00eatre \u00e0 jeun pour l\u2019analyse, et faut-il arr\u00eater les compl\u00e9ments capillaires avant ?<\/p>\n<p style=\"margin:0;color:#2e3033\">Pour la ferritine, la TSH, la vitamine D, le zinc et la B12, le je\u00fbne n\u2019est en r\u00e8gle g\u00e9n\u00e9rale pas n\u00e9cessaire, contrairement \u00e0 la glyc\u00e9mie et au bilan lipidique. En revanche, les sources de biologie m\u00e9dicale recommandent express\u00e9ment de mettre en pause les compl\u00e9ments capillaires contenant de la biotine \u00e0 forte dose : au moins huit heures pour 5 \u00e0 10 mg par jour, au moins trois jours au-del\u00e0 de 10 mg. La FDA a alert\u00e9 en 2017 sur des param\u00e8tres thyro\u00efdiens et de troponine fauss\u00e9s.<\/p>\n<\/div>\n<div style=\"border:1px solid #e3e8ef;border-radius:10px;padding:16px;margin-bottom:12px\">\n<p style=\"margin:0 0 8px;color:#013366;font-weight:600\">Quelles analyses en cas de chute diffuse chez la femme, et \u00e0 quel moment les faire ?<\/p>\n<p style=\"margin:0;color:#2e3033\">La base est la m\u00eame que chez l\u2019homme : h\u00e9mogramme, ferritine, CRP, TSH, 25-OH-vitamine D et zinc. Les dosages hormonaux ne s\u2019ajoutent qu\u2019en pr\u00e9sence de signes \u00e9vocateurs et sont programm\u00e9s par le m\u00e9decin, le plus souvent en phase folliculaire pr\u00e9coce, entre le 2e et le 5e jour du cycle, et le matin, car la testost\u00e9rone atteint son maximum vers 8 heures. Sous pilule, les taux d\u2019androg\u00e8nes ne sont interpr\u00e9tables que de fa\u00e7on limit\u00e9e.<\/p>\n<\/div>\n<div style=\"border:1px solid #e3e8ef;border-radius:10px;padding:16px;margin-bottom:0\">\n<p style=\"margin:0 0 8px;color:#013366;font-weight:600\">L\u2019analyse de sang en cas de chute de cheveux est-elle prise en charge ?<\/p>\n<p style=\"margin:0;color:#2e3033\">Lorsqu\u2019il existe une raison m\u00e9dicale, le bilan de base prescrit est en principe pris en charge ; ce qui compte est l\u2019indication. L\u2019h\u00e9mogramme, la ferritine et la TSH sont le plus souvent prescrits devant une chute diffuse justifi\u00e9e, tandis que les bilans vitaminiques et hormonaux \u00e9tendus, sans suspicion, restent fr\u00e9quemment \u00e0 la charge du patient. Le traitement de l\u2019alop\u00e9cie androg\u00e9n\u00e9tique, consid\u00e9r\u00e9 comme relevant du confort, n\u2019est en r\u00e8gle g\u00e9n\u00e9rale pas rembours\u00e9.<\/p>\n<\/div>\n<\/div>\n\n\n<div class=\"wp-block-image\">\n<figure class=\"aligncenter size-large is-resized\" style=\"max-width:720px;margin-left:auto;margin-right:auto\"><img decoding=\"async\" src=\"https:\/\/elithair.com\/fr\/wp-content\/uploads\/sites\/9\/2026\/08\/foto_laborzettel.png\" alt=\"Une femme lit son compte rendu de laboratoire \u00e0 table et situe ses r\u00e9sultats\" class=\"wp-image-101786\" style=\"width:720px;max-width:100%;height:auto\"\/><\/figure>\n<\/div>\n\n\n<div style=\"margin:0 0 26px\">\n<div style=\"border:1px solid #e3e8ef;border-radius:10px;padding:16px;margin-bottom:12px\">\n<p style=\"margin:0 0 8px;color:#013366;font-weight:600\">Toutes mes analyses sont normales, pourquoi mes cheveux tombent-ils quand m\u00eame ?<\/p>\n<p style=\"margin:0;color:#2e3033\">Le plus souvent, la cause ne se voit tout simplement pas dans le sang. Quatre explications couvrent la majeure partie de ces situations : une alop\u00e9cie androg\u00e9n\u00e9tique, qui ne se montre pas dans le sang ; un d\u00e9clencheur ancien dont la valeur s\u2019est normalis\u00e9e depuis longtemps, parce que la chute ne commence que deux \u00e0 quatre mois plus tard ; une valeur \u00e0 la limite basse class\u00e9e comme normale ; ou une forme que l\u2019on voit au lieu de la mesurer. L\u2019\u00e9tape suivante est la trichoscopie.<\/p>\n<\/div>\n<div style=\"border:1px solid #e3e8ef;border-radius:10px;padding:16px;margin-bottom:12px\">\n<p style=\"margin:0 0 8px;color:#013366;font-weight:600\">Combien de temps faut-il pour que les cheveux repoussent apr\u00e8s la correction d\u2019une carence ?<\/p>\n<p style=\"margin:0;color:#2e3033\">Apr\u00e8s la correction, la chute diminue typiquement en trois \u00e0 six mois, et la r\u00e9cup\u00e9ration esth\u00e9tique compl\u00e8te peut demander 12 \u00e0 18 mois. La raison en est le cycle capillaire : les cheveux en phase de repos tombent encore avant que de nouveaux ne poussent. Les premiers cheveux courts apparaissent le plus souvent \u00e0 partir du cinqui\u00e8me ou du sixi\u00e8me mois.<\/p>\n<\/div>\n<div style=\"border:1px solid #e3e8ef;border-radius:10px;padding:16px;margin-bottom:0\">\n<p style=\"margin:0 0 8px;color:#013366;font-weight:600\">Qui commente les r\u00e9sultats avec moi, le m\u00e9decin traitant ou le dermatologue ?<\/p>\n<p style=\"margin:0;color:#2e3033\">Le compte rendu est expliqu\u00e9 par celui qui l\u2019a prescrit. La mise en relation entre valeur de laboratoire et aspect des cheveux revient le plus souvent au dermatologue, car il examine en plus le cuir chevelu et le profil. Apportez une copie du compte rendu : les m\u00eames param\u00e8tres ne seront pas dos\u00e9s deux fois et l\u2019\u00e9volution devient visible.<\/p>\n<\/div>\n<\/div>\n\n\n\n<h2 class=\"wp-block-heading\">Sources scientifiques<\/h2>\n\n\n\n<div style=\"border:1px solid #e3e8ef;border-radius:10px;padding:20px;margin-bottom:24px;background:#fafbfc\">\n<ul style=\"list-style:none;padding:0;margin:0;color:#2e3033;font-size:14px;line-height:1.6\">\n<li style=\"padding:7px 0;border-bottom:1px solid #eef1f6\">Trost LB, Bergfeld WF, Calogeras E (2006) : The diagnosis and treatment of iron deficiency and its potential relationship to hair loss. <em>J Am Acad Dermatol<\/em>. <a href=\"https:\/\/www.sciencedirect.com\/science\/article\/abs\/pii\/S0190962205047456\" target=\"_blank\" rel=\"noopener\">ScienceDirect<\/a><\/li>\n<li style=\"padding:7px 0;border-bottom:1px solid #eef1f6\">Rushton DH (2002) : Nutritional factors and hair loss. <em>Clin Exp Dermatol<\/em>. <a href=\"https:\/\/onlinelibrary.wiley.com\/doi\/abs\/10.1046\/j.1365-2230.2002.01076.x\" target=\"_blank\" rel=\"noopener\">Wiley Online Library<\/a><\/li>\n<li style=\"padding:7px 0;border-bottom:1px solid #eef1f6\">Olsen EA, Reed KB, Cacchio PB, Caudill L (2010) : Iron deficiency in female pattern hair loss, chronic telogen effluvium, and control groups. <em>J Am Acad Dermatol<\/em>. <a href=\"https:\/\/www.jaad.org\/article\/S0190-9622(09)02247-6\/abstract\" target=\"_blank\" rel=\"noopener\">JAAD<\/a><\/li>\n<li style=\"padding:7px 0;border-bottom:1px solid #eef1f6\">Almohanna HM, Ahmed AA, Tsatalis JP, Tosti A (2019) : The Role of Vitamins and Minerals in Hair Loss: A Review. <em>Dermatol Ther (Heidelb)<\/em> 9(1):51-70. <a href=\"https:\/\/link.springer.com\/article\/10.1007\/s13555-018-0278-6\" target=\"_blank\" rel=\"noopener\">Springer<\/a><\/li>\n<li style=\"padding:7px 0;border-bottom:1px solid #eef1f6\">Haute Autorit\u00e9 de Sant\u00e9 : recommandation \u00ab Prise en charge des hypothyro\u00efdies chez l\u2019adulte \u00bb. <a href=\"https:\/\/www.has-sante.fr\/upload\/docs\/application\/pdf\/2023-03\/recommandation_prise_en_charge_des_hypothyroidies_chez_ladulte_mel.pdf\" target=\"_blank\" rel=\"noopener\">HAS<\/a><\/li>\n<li style=\"padding:7px 0;border-bottom:1px solid #eef1f6\">Soci\u00e9t\u00e9 Fran\u00e7aise de Dermatologie : information de r\u00e9f\u00e9rence sur l\u2019alop\u00e9cie et ses diff\u00e9rentes formes. <a href=\"https:\/\/dermato-info.fr\/les-maladies-de-la-peau\/alopecie-androgenetique\" target=\"_blank\" rel=\"noopener\">dermato-info<\/a><\/li>\n<li style=\"padding:7px 0;border-bottom:1px solid #eef1f6\">Anses : actualisation des rep\u00e8res du Programme national nutrition sant\u00e9, \u00e9laboration des r\u00e9f\u00e9rences nutritionnelles. <em>Rapport d\u2019expertise collective<\/em> , Anses. <a href=\"https:\/\/www.anses.fr\/fr\/system\/files\/NUT2014SA0234Ra.pdf\" target=\"_blank\" rel=\"noopener\">Anses<\/a><\/li>\n<li style=\"padding:7px 0;border-bottom:1px solid #eef1f6\">FDA Safety Communication (28.11.2017, actualis\u00e9e en 2019) : The FDA warns that biotin may interfere with lab tests. <a href=\"https:\/\/www.asahq.org\/advocacy-and-asapac\/fda-and-washington-alerts\/fda-alerts\/2017\/12\/biotin-vitamin-b7-safety-communication-may-interfere-with-lab-tests\" target=\"_blank\" rel=\"noopener\">R\u00e9sum\u00e9 de l&rsquo;American Society of Anesthesiologists<\/a><\/li>\n<li style=\"padding:7px 0;border-bottom:1px solid #eef1f6\">Haute Autorit\u00e9 de Sant\u00e9 : la HAS ne reconna\u00eet pas d\u2019utilit\u00e9 au dosage de la vitamine D en routine. <a href=\"https:\/\/www.has-sante.fr\/jcms\/c_1670152\/fr\/la-has-ne-reconnait-pas-d-utilite-au-dosage-de-vitamine-d-en-routine\" target=\"_blank\" rel=\"noopener\">HAS<\/a><\/li>\n<li style=\"padding:7px 0;border-bottom:1px solid #eef1f6\">Prise en charge : les traitements de l\u2019alop\u00e9cie androg\u00e9n\u00e9tique sont consid\u00e9r\u00e9s comme relevant du confort et restent en r\u00e8gle g\u00e9n\u00e9rale \u00e0 la charge du patient. \u00e0 v\u00e9rifier aupr\u00e8s de votre caisse d\u2019assurance maladie et de votre compl\u00e9mentaire sant\u00e9<\/li>\n<li style=\"padding:7px 0;border-bottom:0\">Hormonanalytik: was der Frauenarzt wissen muss (2018). <em>Der Gyn\u00e4kologe<\/em>, Springer. <a href=\"https:\/\/link.springer.com\/article\/10.1007\/s00129-018-4319-0\" target=\"_blank\" rel=\"noopener\">Springer<\/a><\/li>\n<\/ul>\n<p style=\"margin:14px 0 0;color:#6b7280;font-size:13px;font-style:italic\">Recherche arr\u00eat\u00e9e en ao\u00fbt 2026. Cet article explique la biologie m\u00e9dicale en termes accessibles et ne remplace ni un examen, ni un avis m\u00e9dical, ni l\u2019interpr\u00e9tation d\u2019un compte rendu par un m\u00e9decin.<\/p>\n<\/div>\n\n\n\n<script type=\"application\/ld+json\">\n{\"@context\":\"https:\/\/schema.org\",\"@type\":\"FAQPage\",\"mainEntity\":[{\"@type\":\"Question\",\"name\":\"Quelles analyses de sang faire en cas de chute de cheveux ?\",\"acceptedAnswer\":{\"@type\":\"Answer\",\"text\":\"Un bilan de base de six param\u00e8tres est pertinent : h\u00e9mogramme avec formule leucocytaire, ferritine, CRP, TSH, 25-OH-vitamine D et zinc. Cette combinaison couvre la carence en fer, l\u2019an\u00e9mie, l\u2019inflammation, la fonction thyro\u00efdienne et les d\u00e9ficits nutritionnels les plus fr\u00e9quents. Si la chute diffuse persiste malgr\u00e9 des valeurs normales, des param\u00e8tres \u00e9largis s\u2019y ajoutent, comme T3L, T4L, les anticorps anti-TPO, la B12 ou le coefficient de saturation de la transferrine.\"}},{\"@type\":\"Question\",\"name\":\"La ferritine fait-elle partie d\u2019un h\u00e9mogramme complet ?\",\"acceptedAnswer\":{\"@type\":\"Answer\",\"text\":\"Non. Un h\u00e9mogramme complet se compose de la num\u00e9ration et de la formule leucocytaire. La ferritine, la TSH, la 25-OH-vitamine D et le zinc n\u2019y figurent pas et doivent \u00eatre demand\u00e9s s\u00e9par\u00e9ment. L\u2019h\u00e9mogramme ne fournit tout au plus qu\u2019un indice indirect, via le VGM : de petits globules rouges peuvent \u00e9voquer une carence en fer.\"}},{\"@type\":\"Question\",\"name\":\"Quelle valeur de ferritine compte pour les cheveux ?\",\"acceptedAnswer\":{\"@type\":\"Answer\",\"text\":\"Il n\u2019existe pas de valeur cible \u00e9tablie pour les cheveux. Les r\u00e9f\u00e9rences de laboratoire d\u00e9finissent une carence en fer le plus souvent en dessous de 15 \u00e0 30 \u00b5g\/l. Dans le d\u00e9bat sp\u00e9cialis\u00e9, 40 \u00e0 70 \u00b5g\/l sont avanc\u00e9s pour les cheveux (Rushton 2002, Trost et al. 2006) ; des travaux contr\u00f4l\u00e9s comme Olsen et al. 2010 contredisent cette position. Un apport en fer n\u2019est prescrit par le m\u00e9decin qu\u2019en cas de carence d\u00e9montr\u00e9e.\"}},{\"@type\":\"Question\",\"name\":\"Peut-on mettre en \u00e9vidence l\u2019alop\u00e9cie androg\u00e9n\u00e9tique dans le sang, et est-il utile de faire doser la DHT ou la testost\u00e9rone ?\",\"acceptedAnswer\":{\"@type\":\"Answer\",\"text\":\"Non. L\u2019alop\u00e9cie androg\u00e9n\u00e9tique repose sur la sensibilit\u00e9 des follicules \u00e0 la DHT, et non sur des taux hormonaux \u00e9lev\u00e9s ; les hommes concern\u00e9s ont en r\u00e8gle g\u00e9n\u00e9rale des taux de testost\u00e9rone et de DHT normaux. Le diagnostic repose sur l\u2019examen du profil et du cuir chevelu. Chez la femme, les androg\u00e8nes sont dos\u00e9s dans un autre but : rechercher une maladie hormonale sous-jacente.\"}},{\"@type\":\"Question\",\"name\":\"Faut-il \u00eatre \u00e0 jeun pour l\u2019analyse, et faut-il arr\u00eater les compl\u00e9ments capillaires avant ?\",\"acceptedAnswer\":{\"@type\":\"Answer\",\"text\":\"Pour la ferritine, la TSH, la vitamine D, le zinc et la B12, le je\u00fbne n\u2019est en r\u00e8gle g\u00e9n\u00e9rale pas n\u00e9cessaire, contrairement \u00e0 la glyc\u00e9mie et au bilan lipidique. En revanche, les sources de biologie m\u00e9dicale recommandent express\u00e9ment de mettre en pause les compl\u00e9ments capillaires contenant de la biotine \u00e0 forte dose : au moins huit heures pour 5 \u00e0 10 mg par jour, au moins trois jours au-del\u00e0 de 10 mg. La FDA a alert\u00e9 en 2017 sur des param\u00e8tres thyro\u00efdiens et de troponine fauss\u00e9s.\"}},{\"@type\":\"Question\",\"name\":\"Quelles analyses en cas de chute diffuse chez la femme, et \u00e0 quel moment les faire ?\",\"acceptedAnswer\":{\"@type\":\"Answer\",\"text\":\"La base est la m\u00eame que chez l\u2019homme : h\u00e9mogramme, ferritine, CRP, TSH, 25-OH-vitamine D et zinc. Les dosages hormonaux ne s\u2019ajoutent qu\u2019en pr\u00e9sence de signes \u00e9vocateurs et sont programm\u00e9s par le m\u00e9decin, le plus souvent en phase folliculaire pr\u00e9coce, entre le 2e et le 5e jour du cycle, et le matin, car la testost\u00e9rone atteint son maximum vers 8 heures. Sous pilule, les taux d\u2019androg\u00e8nes ne sont interpr\u00e9tables que de fa\u00e7on limit\u00e9e.\"}},{\"@type\":\"Question\",\"name\":\"L\u2019analyse de sang en cas de chute de cheveux est-elle prise en charge ?\",\"acceptedAnswer\":{\"@type\":\"Answer\",\"text\":\"Lorsqu\u2019il existe une raison m\u00e9dicale, le bilan de base prescrit est en principe pris en charge ; ce qui compte est l\u2019indication. L\u2019h\u00e9mogramme, la ferritine et la TSH sont le plus souvent prescrits devant une chute diffuse justifi\u00e9e, tandis que les bilans vitaminiques et hormonaux \u00e9tendus, sans suspicion, restent fr\u00e9quemment \u00e0 la charge du patient. Le traitement de l\u2019alop\u00e9cie androg\u00e9n\u00e9tique, consid\u00e9r\u00e9 comme relevant du confort, n\u2019est en r\u00e8gle g\u00e9n\u00e9rale pas rembours\u00e9.\"}},{\"@type\":\"Question\",\"name\":\"Toutes mes analyses sont normales, pourquoi mes cheveux tombent-ils quand m\u00eame ?\",\"acceptedAnswer\":{\"@type\":\"Answer\",\"text\":\"Le plus souvent, la cause ne se voit tout simplement pas dans le sang. Quatre explications couvrent la majeure partie de ces situations : une alop\u00e9cie androg\u00e9n\u00e9tique, qui ne se montre pas dans le sang ; un d\u00e9clencheur ancien dont la valeur s\u2019est normalis\u00e9e depuis longtemps, parce que la chute ne commence que deux \u00e0 quatre mois plus tard ; une valeur \u00e0 la limite basse class\u00e9e comme normale ; ou une forme que l\u2019on voit au lieu de la mesurer. L\u2019\u00e9tape suivante est la trichoscopie.\"}},{\"@type\":\"Question\",\"name\":\"Combien de temps faut-il pour que les cheveux repoussent apr\u00e8s la correction d\u2019une carence ?\",\"acceptedAnswer\":{\"@type\":\"Answer\",\"text\":\"Apr\u00e8s la correction, la chute diminue typiquement en trois \u00e0 six mois, et la r\u00e9cup\u00e9ration esth\u00e9tique compl\u00e8te peut demander 12 \u00e0 18 mois. La raison en est le cycle capillaire : les cheveux en phase de repos tombent encore avant que de nouveaux ne poussent. Les premiers cheveux courts apparaissent le plus souvent \u00e0 partir du cinqui\u00e8me ou du sixi\u00e8me mois.\"}},{\"@type\":\"Question\",\"name\":\"Qui commente les r\u00e9sultats avec moi, le m\u00e9decin traitant ou le dermatologue ?\",\"acceptedAnswer\":{\"@type\":\"Answer\",\"text\":\"Le compte rendu est expliqu\u00e9 par celui qui l\u2019a prescrit. La mise en relation entre valeur de laboratoire et aspect des cheveux revient le plus souvent au dermatologue, car il examine en plus le cuir chevelu et le profil. Apportez une copie du compte rendu : les m\u00eames param\u00e8tres ne seront pas dos\u00e9s deux fois et l\u2019\u00e9volution devient visible.\"}}]}\n<\/script>\n\n","protected":false},"excerpt":{"rendered":"<p>Quand on consulte pour une chute de cheveux, on veut surtout savoir deux choses : quelles analyses de sang demander et ce que signifient les chiffres du compte rendu. Six param\u00e8tres sont r\u00e9ellement informatifs : l\u2019h\u00e9mogramme, la ferritine, la CRP, la TSH, la 25-OH-vitamine D et le zinc. Ils permettent d\u2019identifier les causes traitables d\u2019une [&hellip;]<\/p>\n","protected":false},"author":10,"featured_media":101241,"comment_status":"closed","ping_status":"closed","sticky":false,"template":"","format":"standard","meta":{"_acf_changed":false,"_yoast_wpseo_meta-robots-noindex":"","_yoast_wpseo_meta-robots-nofollow":"","_yoast_wpseo_meta-robots-adv":"","_yoast_wpseo_canonical":"https:\/\/elithair.com\/fr\/greffe-de-cheveux-blog\/analyse-de-sang-chute-de-cheveux\/","_yoast_wpseo_opengraph-title":"","_yoast_wpseo_opengraph-description":"","_yoast_wpseo_opengraph-image":"","_yoast_wpseo_twitter-title":"","_yoast_wpseo_twitter-description":"","_yoast_wpseo_twitter-image":"","_hm_hreflang_map":{"ar":47074,"de":58550,"en":96956,"es":91871,"fr":101237,"it":107656,"pt":89716,"tr":83298,"uk":96342,"x_default":96956},"_hm_language_code":"fr","footnotes":""},"categories":[7],"tags":[],"class_list":["post-101237","post","type-post","status-publish","format-standard","has-post-thumbnail","hentry","category-perte-de-cheveux-blog"],"acf":[],"yoast_head":"<!-- This site is optimized with the Yoast SEO Premium plugin v28.3 (Yoast SEO v28.3) - https:\/\/yoast.com\/product\/yoast-seo-premium-wordpress\/ -->\n<title>Analyse de sang et chute de cheveux : quelles valeurs r\u00e9v\u00e8lent vraiment la cause ? Ferritine, TSH et h\u00e9mogramme bien lus<\/title>\n<meta name=\"description\" content=\"Quelles analyses de sang sont vraiment utiles en cas de chute de cheveux : ferritine, TSH, vitamine D, zinc et h\u00e9mogramme, avec rep\u00e8res et d\u00e9roul\u00e9.\" \/>\n<meta name=\"robots\" content=\"index, follow, max-snippet:-1, max-image-preview:large, max-video-preview:-1\" \/>\n<link rel=\"canonical\" href=\"https:\/\/elithair.com\/fr\/greffe-de-cheveux-blog\/analyse-de-sang-chute-de-cheveux\/\" \/>\n<meta property=\"og:locale\" content=\"fr_FR\" \/>\n<meta property=\"og:type\" content=\"article\" \/>\n<meta property=\"og:title\" content=\"Analyse de sang et chute de cheveux : les valeurs vraiment utiles\" \/>\n<meta property=\"og:description\" content=\"Quelles analyses de sang sont vraiment utiles en cas de chute de cheveux : ferritine, TSH, vitamine D, zinc et h\u00e9mogramme, avec rep\u00e8res et d\u00e9roul\u00e9.\" \/>\n<meta property=\"og:url\" content=\"https:\/\/elithair.com\/fr\/greffe-de-cheveux-blog\/analyse-de-sang-chute-de-cheveux\/\" \/>\n<meta property=\"og:site_name\" content=\"Elithair\" \/>\n<meta property=\"article:publisher\" content=\"https:\/\/www.facebook.com\/elithair.france\/\" \/>\n<meta property=\"article:published_time\" content=\"2026-08-29T12:36:34+00:00\" \/>\n<meta property=\"og:image\" content=\"https:\/\/elithair.com\/fr\/wp-content\/uploads\/sites\/9\/2026\/08\/infografik_blut_zeigt__fr.png\" \/>\n<meta name=\"author\" content=\"Dr. Imad Moustafa\" \/>\n<meta name=\"twitter:card\" content=\"summary_large_image\" \/>\n<meta name=\"twitter:label1\" content=\"\u00c9crit par\" \/>\n\t<meta name=\"twitter:data1\" content=\"Dr. Imad Moustafa\" \/>\n\t<meta name=\"twitter:label2\" content=\"Dur\u00e9e de lecture estim\u00e9e\" \/>\n\t<meta name=\"twitter:data2\" content=\"48 minutes\" \/>\n<script type=\"application\/ld+json\" class=\"yoast-schema-graph\">{\"@context\":\"https:\\\/\\\/schema.org\",\"@graph\":[{\"@type\":\"Article\",\"@id\":\"https:\\\/\\\/elithair.com\\\/fr\\\/greffe-de-cheveux-blog\\\/analyse-de-sang-chute-de-cheveux\\\/#article\",\"isPartOf\":{\"@id\":\"https:\\\/\\\/elithair.com\\\/fr\\\/greffe-de-cheveux-blog\\\/analyse-de-sang-chute-de-cheveux\\\/\"},\"author\":{\"name\":\"Dr. Imad Moustafa\",\"@id\":\"https:\\\/\\\/elithair.com\\\/fr\\\/#\\\/schema\\\/person\\\/11ce37e83a6343e4c37edcd4b5498e41\"},\"headline\":\"Analyse de sang et chute de cheveux : les valeurs vraiment utiles\",\"datePublished\":\"2026-08-29T12:36:34+00:00\",\"mainEntityOfPage\":{\"@id\":\"https:\\\/\\\/elithair.com\\\/fr\\\/greffe-de-cheveux-blog\\\/analyse-de-sang-chute-de-cheveux\\\/\"},\"wordCount\":9575,\"publisher\":{\"@id\":\"https:\\\/\\\/elithair.com\\\/fr\\\/#organization\"},\"image\":{\"@id\":\"https:\\\/\\\/elithair.com\\\/fr\\\/greffe-de-cheveux-blog\\\/analyse-de-sang-chute-de-cheveux\\\/#primaryimage\"},\"thumbnailUrl\":\"https:\\\/\\\/elithair.com\\\/fr\\\/wp-content\\\/uploads\\\/sites\\\/9\\\/2026\\\/08\\\/hero-7.png\",\"articleSection\":[\"Perte de cheveux\"],\"inLanguage\":\"fr-FR\"},{\"@type\":\"WebPage\",\"@id\":\"https:\\\/\\\/elithair.com\\\/fr\\\/greffe-de-cheveux-blog\\\/analyse-de-sang-chute-de-cheveux\\\/\",\"url\":\"https:\\\/\\\/elithair.com\\\/fr\\\/greffe-de-cheveux-blog\\\/analyse-de-sang-chute-de-cheveux\\\/\",\"name\":\"Analyse de sang et chute de cheveux : quelles valeurs r\u00e9v\u00e8lent vraiment la cause ? Ferritine, TSH et h\u00e9mogramme bien lus\",\"isPartOf\":{\"@id\":\"https:\\\/\\\/elithair.com\\\/fr\\\/#website\"},\"primaryImageOfPage\":{\"@id\":\"https:\\\/\\\/elithair.com\\\/fr\\\/greffe-de-cheveux-blog\\\/analyse-de-sang-chute-de-cheveux\\\/#primaryimage\"},\"image\":{\"@id\":\"https:\\\/\\\/elithair.com\\\/fr\\\/greffe-de-cheveux-blog\\\/analyse-de-sang-chute-de-cheveux\\\/#primaryimage\"},\"thumbnailUrl\":\"https:\\\/\\\/elithair.com\\\/fr\\\/wp-content\\\/uploads\\\/sites\\\/9\\\/2026\\\/08\\\/hero-7.png\",\"datePublished\":\"2026-08-29T12:36:34+00:00\",\"description\":\"Quelles analyses de sang sont vraiment utiles en cas de chute de cheveux : ferritine, TSH, vitamine D, zinc et h\u00e9mogramme, avec rep\u00e8res et d\u00e9roul\u00e9.\",\"breadcrumb\":{\"@id\":\"https:\\\/\\\/elithair.com\\\/fr\\\/greffe-de-cheveux-blog\\\/analyse-de-sang-chute-de-cheveux\\\/#breadcrumb\"},\"inLanguage\":\"fr-FR\",\"potentialAction\":[{\"@type\":\"ReadAction\",\"target\":[\"https:\\\/\\\/elithair.com\\\/fr\\\/greffe-de-cheveux-blog\\\/analyse-de-sang-chute-de-cheveux\\\/\"]}]},{\"@type\":\"ImageObject\",\"inLanguage\":\"fr-FR\",\"@id\":\"https:\\\/\\\/elithair.com\\\/fr\\\/greffe-de-cheveux-blog\\\/analyse-de-sang-chute-de-cheveux\\\/#primaryimage\",\"url\":\"https:\\\/\\\/elithair.com\\\/fr\\\/wp-content\\\/uploads\\\/sites\\\/9\\\/2026\\\/08\\\/hero-7.png\",\"contentUrl\":\"https:\\\/\\\/elithair.com\\\/fr\\\/wp-content\\\/uploads\\\/sites\\\/9\\\/2026\\\/08\\\/hero-7.png\",\"width\":1536,\"height\":1024,\"caption\":\"Blutentnahme-R\u00f6hrchen im Laborst\u00e4nder: Blutwerte bei Haarausfall werden aus einer Blutprobe bestimmt\"},{\"@type\":\"BreadcrumbList\",\"@id\":\"https:\\\/\\\/elithair.com\\\/fr\\\/greffe-de-cheveux-blog\\\/analyse-de-sang-chute-de-cheveux\\\/#breadcrumb\",\"itemListElement\":[{\"@type\":\"ListItem\",\"position\":1,\"name\":\"Home\",\"item\":\"https:\\\/\\\/elithair.com\\\/fr\\\/\"},{\"@type\":\"ListItem\",\"position\":2,\"name\":\"Analyse de sang et chute de cheveux : les valeurs vraiment utiles\"}]},{\"@type\":\"WebSite\",\"@id\":\"https:\\\/\\\/elithair.com\\\/fr\\\/#website\",\"url\":\"https:\\\/\\\/elithair.com\\\/fr\\\/\",\"name\":\"Elithair\",\"description\":\"Greffe de cheveux en Turquie : retrouvez votre confiance\",\"publisher\":{\"@id\":\"https:\\\/\\\/elithair.com\\\/fr\\\/#organization\"},\"alternateName\":\"Greffe de cheveux en Turquie : retrouvez votre confiance\",\"potentialAction\":[{\"@type\":\"SearchAction\",\"target\":{\"@type\":\"EntryPoint\",\"urlTemplate\":\"https:\\\/\\\/elithair.com\\\/fr\\\/?s={search_term_string}\"},\"query-input\":{\"@type\":\"PropertyValueSpecification\",\"valueRequired\":true,\"valueName\":\"search_term_string\"}}],\"inLanguage\":\"fr-FR\"},{\"@type\":\"Organization\",\"@id\":\"https:\\\/\\\/elithair.com\\\/fr\\\/#organization\",\"name\":\"Elithair\",\"url\":\"https:\\\/\\\/elithair.com\\\/fr\\\/\",\"logo\":{\"@type\":\"ImageObject\",\"inLanguage\":\"fr-FR\",\"@id\":\"https:\\\/\\\/elithair.com\\\/fr\\\/#\\\/schema\\\/logo\\\/image\\\/\",\"url\":\"https:\\\/\\\/elithair.com\\\/fr\\\/wp-content\\\/uploads\\\/sites\\\/9\\\/2026\\\/04\\\/elithair-logo-primary.svg\",\"contentUrl\":\"https:\\\/\\\/elithair.com\\\/fr\\\/wp-content\\\/uploads\\\/sites\\\/9\\\/2026\\\/04\\\/elithair-logo-primary.svg\",\"width\":1,\"height\":1,\"caption\":\"Elithair\"},\"image\":{\"@id\":\"https:\\\/\\\/elithair.com\\\/fr\\\/#\\\/schema\\\/logo\\\/image\\\/\"},\"sameAs\":[\"https:\\\/\\\/www.facebook.com\\\/elithair.france\\\/\",\"https:\\\/\\\/www.instagram.com\\\/elithair.fr\\\/\",\"https:\\\/\\\/www.tiktok.com\\\/@elithairfr?_t=8q2yM9qMnUe&_r=1\",\"https:\\\/\\\/www.youtube.com\\\/@elithair.france\\\/\"]},{\"@type\":\"Person\",\"@id\":\"https:\\\/\\\/elithair.com\\\/fr\\\/#\\\/schema\\\/person\\\/11ce37e83a6343e4c37edcd4b5498e41\",\"name\":\"Dr. Imad Moustafa\",\"image\":{\"@type\":\"ImageObject\",\"inLanguage\":\"fr-FR\",\"@id\":\"https:\\\/\\\/secure.gravatar.com\\\/avatar\\\/9190499f6f3008cd7da57b179f07bfea4b4e382c816ba3e0de68db0b5a70c07d?s=96&d=mm&r=g\",\"url\":\"https:\\\/\\\/secure.gravatar.com\\\/avatar\\\/9190499f6f3008cd7da57b179f07bfea4b4e382c816ba3e0de68db0b5a70c07d?s=96&d=mm&r=g\",\"contentUrl\":\"https:\\\/\\\/secure.gravatar.com\\\/avatar\\\/9190499f6f3008cd7da57b179f07bfea4b4e382c816ba3e0de68db0b5a70c07d?s=96&d=mm&r=g\",\"caption\":\"Dr. Imad Moustafa\"}}]}<\/script>\n<!-- \/ Yoast SEO Premium plugin. -->","yoast_head_json":{"title":"Analyse de sang et chute de cheveux : quelles valeurs r\u00e9v\u00e8lent vraiment la cause ? Ferritine, TSH et h\u00e9mogramme bien lus","description":"Quelles analyses de sang sont vraiment utiles en cas de chute de cheveux : ferritine, TSH, vitamine D, zinc et h\u00e9mogramme, avec rep\u00e8res et d\u00e9roul\u00e9.","robots":{"index":"index","follow":"follow","max-snippet":"max-snippet:-1","max-image-preview":"max-image-preview:large","max-video-preview":"max-video-preview:-1"},"canonical":"https:\/\/elithair.com\/fr\/greffe-de-cheveux-blog\/analyse-de-sang-chute-de-cheveux\/","og_locale":"fr_FR","og_type":"article","og_title":"Analyse de sang et chute de cheveux : les valeurs vraiment utiles","og_description":"Quelles analyses de sang sont vraiment utiles en cas de chute de cheveux : ferritine, TSH, vitamine D, zinc et h\u00e9mogramme, avec rep\u00e8res et d\u00e9roul\u00e9.","og_url":"https:\/\/elithair.com\/fr\/greffe-de-cheveux-blog\/analyse-de-sang-chute-de-cheveux\/","og_site_name":"Elithair","article_publisher":"https:\/\/www.facebook.com\/elithair.france\/","article_published_time":"2026-08-29T12:36:34+00:00","og_image":[{"url":"https:\/\/elithair.com\/fr\/wp-content\/uploads\/sites\/9\/2026\/08\/infografik_blut_zeigt__fr.png","type":"","width":"","height":""}],"author":"Dr. Imad Moustafa","twitter_card":"summary_large_image","twitter_misc":{"\u00c9crit par":"Dr. Imad Moustafa","Dur\u00e9e de lecture estim\u00e9e":"48 minutes"},"schema":{"@context":"https:\/\/schema.org","@graph":[{"@type":"Article","@id":"https:\/\/elithair.com\/fr\/greffe-de-cheveux-blog\/analyse-de-sang-chute-de-cheveux\/#article","isPartOf":{"@id":"https:\/\/elithair.com\/fr\/greffe-de-cheveux-blog\/analyse-de-sang-chute-de-cheveux\/"},"author":{"name":"Dr. Imad Moustafa","@id":"https:\/\/elithair.com\/fr\/#\/schema\/person\/11ce37e83a6343e4c37edcd4b5498e41"},"headline":"Analyse de sang et chute de cheveux : les valeurs vraiment utiles","datePublished":"2026-08-29T12:36:34+00:00","mainEntityOfPage":{"@id":"https:\/\/elithair.com\/fr\/greffe-de-cheveux-blog\/analyse-de-sang-chute-de-cheveux\/"},"wordCount":9575,"publisher":{"@id":"https:\/\/elithair.com\/fr\/#organization"},"image":{"@id":"https:\/\/elithair.com\/fr\/greffe-de-cheveux-blog\/analyse-de-sang-chute-de-cheveux\/#primaryimage"},"thumbnailUrl":"https:\/\/elithair.com\/fr\/wp-content\/uploads\/sites\/9\/2026\/08\/hero-7.png","articleSection":["Perte de cheveux"],"inLanguage":"fr-FR"},{"@type":"WebPage","@id":"https:\/\/elithair.com\/fr\/greffe-de-cheveux-blog\/analyse-de-sang-chute-de-cheveux\/","url":"https:\/\/elithair.com\/fr\/greffe-de-cheveux-blog\/analyse-de-sang-chute-de-cheveux\/","name":"Analyse de sang et chute de cheveux : quelles valeurs r\u00e9v\u00e8lent vraiment la cause ? Ferritine, TSH et h\u00e9mogramme bien lus","isPartOf":{"@id":"https:\/\/elithair.com\/fr\/#website"},"primaryImageOfPage":{"@id":"https:\/\/elithair.com\/fr\/greffe-de-cheveux-blog\/analyse-de-sang-chute-de-cheveux\/#primaryimage"},"image":{"@id":"https:\/\/elithair.com\/fr\/greffe-de-cheveux-blog\/analyse-de-sang-chute-de-cheveux\/#primaryimage"},"thumbnailUrl":"https:\/\/elithair.com\/fr\/wp-content\/uploads\/sites\/9\/2026\/08\/hero-7.png","datePublished":"2026-08-29T12:36:34+00:00","description":"Quelles analyses de sang sont vraiment utiles en cas de chute de cheveux : ferritine, TSH, vitamine D, zinc et h\u00e9mogramme, avec rep\u00e8res et d\u00e9roul\u00e9.","breadcrumb":{"@id":"https:\/\/elithair.com\/fr\/greffe-de-cheveux-blog\/analyse-de-sang-chute-de-cheveux\/#breadcrumb"},"inLanguage":"fr-FR","potentialAction":[{"@type":"ReadAction","target":["https:\/\/elithair.com\/fr\/greffe-de-cheveux-blog\/analyse-de-sang-chute-de-cheveux\/"]}]},{"@type":"ImageObject","inLanguage":"fr-FR","@id":"https:\/\/elithair.com\/fr\/greffe-de-cheveux-blog\/analyse-de-sang-chute-de-cheveux\/#primaryimage","url":"https:\/\/elithair.com\/fr\/wp-content\/uploads\/sites\/9\/2026\/08\/hero-7.png","contentUrl":"https:\/\/elithair.com\/fr\/wp-content\/uploads\/sites\/9\/2026\/08\/hero-7.png","width":1536,"height":1024,"caption":"Blutentnahme-R\u00f6hrchen im Laborst\u00e4nder: Blutwerte bei Haarausfall werden aus einer Blutprobe bestimmt"},{"@type":"BreadcrumbList","@id":"https:\/\/elithair.com\/fr\/greffe-de-cheveux-blog\/analyse-de-sang-chute-de-cheveux\/#breadcrumb","itemListElement":[{"@type":"ListItem","position":1,"name":"Home","item":"https:\/\/elithair.com\/fr\/"},{"@type":"ListItem","position":2,"name":"Analyse de sang et chute de cheveux : les valeurs vraiment utiles"}]},{"@type":"WebSite","@id":"https:\/\/elithair.com\/fr\/#website","url":"https:\/\/elithair.com\/fr\/","name":"Elithair","description":"Greffe de cheveux en Turquie : retrouvez votre confiance","publisher":{"@id":"https:\/\/elithair.com\/fr\/#organization"},"alternateName":"Greffe de cheveux en Turquie : retrouvez votre confiance","potentialAction":[{"@type":"SearchAction","target":{"@type":"EntryPoint","urlTemplate":"https:\/\/elithair.com\/fr\/?s={search_term_string}"},"query-input":{"@type":"PropertyValueSpecification","valueRequired":true,"valueName":"search_term_string"}}],"inLanguage":"fr-FR"},{"@type":"Organization","@id":"https:\/\/elithair.com\/fr\/#organization","name":"Elithair","url":"https:\/\/elithair.com\/fr\/","logo":{"@type":"ImageObject","inLanguage":"fr-FR","@id":"https:\/\/elithair.com\/fr\/#\/schema\/logo\/image\/","url":"https:\/\/elithair.com\/fr\/wp-content\/uploads\/sites\/9\/2026\/04\/elithair-logo-primary.svg","contentUrl":"https:\/\/elithair.com\/fr\/wp-content\/uploads\/sites\/9\/2026\/04\/elithair-logo-primary.svg","width":1,"height":1,"caption":"Elithair"},"image":{"@id":"https:\/\/elithair.com\/fr\/#\/schema\/logo\/image\/"},"sameAs":["https:\/\/www.facebook.com\/elithair.france\/","https:\/\/www.instagram.com\/elithair.fr\/","https:\/\/www.tiktok.com\/@elithairfr?_t=8q2yM9qMnUe&_r=1","https:\/\/www.youtube.com\/@elithair.france\/"]},{"@type":"Person","@id":"https:\/\/elithair.com\/fr\/#\/schema\/person\/11ce37e83a6343e4c37edcd4b5498e41","name":"Dr. Imad Moustafa","image":{"@type":"ImageObject","inLanguage":"fr-FR","@id":"https:\/\/secure.gravatar.com\/avatar\/9190499f6f3008cd7da57b179f07bfea4b4e382c816ba3e0de68db0b5a70c07d?s=96&d=mm&r=g","url":"https:\/\/secure.gravatar.com\/avatar\/9190499f6f3008cd7da57b179f07bfea4b4e382c816ba3e0de68db0b5a70c07d?s=96&d=mm&r=g","contentUrl":"https:\/\/secure.gravatar.com\/avatar\/9190499f6f3008cd7da57b179f07bfea4b4e382c816ba3e0de68db0b5a70c07d?s=96&d=mm&r=g","caption":"Dr. Imad Moustafa"}}]}},"_links":{"self":[{"href":"https:\/\/elithair.com\/fr\/wp-json\/wp\/v2\/posts\/101237","targetHints":{"allow":["GET"]}}],"collection":[{"href":"https:\/\/elithair.com\/fr\/wp-json\/wp\/v2\/posts"}],"about":[{"href":"https:\/\/elithair.com\/fr\/wp-json\/wp\/v2\/types\/post"}],"author":[{"embeddable":true,"href":"https:\/\/elithair.com\/fr\/wp-json\/wp\/v2\/users\/10"}],"replies":[{"embeddable":true,"href":"https:\/\/elithair.com\/fr\/wp-json\/wp\/v2\/comments?post=101237"}],"version-history":[{"count":0,"href":"https:\/\/elithair.com\/fr\/wp-json\/wp\/v2\/posts\/101237\/revisions"}],"wp:featuredmedia":[{"embeddable":true,"href":"https:\/\/elithair.com\/fr\/wp-json\/wp\/v2\/media\/101241"}],"wp:attachment":[{"href":"https:\/\/elithair.com\/fr\/wp-json\/wp\/v2\/media?parent=101237"}],"wp:term":[{"taxonomy":"category","embeddable":true,"href":"https:\/\/elithair.com\/fr\/wp-json\/wp\/v2\/categories?post=101237"},{"taxonomy":"post_tag","embeddable":true,"href":"https:\/\/elithair.com\/fr\/wp-json\/wp\/v2\/tags?post=101237"}],"curies":[{"name":"wp","href":"https:\/\/api.w.org\/{rel}","templated":true}]}}