{"id":101236,"date":"2026-08-28T17:13:48","date_gmt":"2026-08-28T17:13:48","guid":{"rendered":"https:\/\/elithair.com\/fr\/greffe-de-cheveux-blog\/chute-de-cheveux-arriere-de-la-tete\/"},"modified":"2026-08-28T17:13:48","modified_gmt":"2026-08-28T17:13:48","slug":"chute-de-cheveux-arriere-de-la-tete","status":"publish","type":"post","link":"https:\/\/elithair.com\/fr\/greffe-de-cheveux-blog\/chute-de-cheveux-arriere-de-la-tete\/","title":{"rendered":"Chute de cheveux \u00e0 l&rsquo;arri\u00e8re de la t\u00eate : \u00e9pi, tonsure ou autre cause ?"},"content":{"rendered":"\n<div style=\"border-left:4px solid #0079F1;padding:0 0 0 14px;margin:0 0 26px\">\n<p style=\"margin:0 0 14px;color:#2e3033;font-size:17px;line-height:1.65\">La chute de cheveux \u00e0 l&rsquo;arri\u00e8re de la t\u00eate est celle que l&rsquo;on remarque en dernier, souvent sur une photo de vacances ou parce que quelqu&rsquo;un en fait la remarque. Pour en d\u00e9terminer la cause, ce qui compte, c&rsquo;est de savoir <strong>o\u00f9 exactement<\/strong> les cheveux s&rsquo;\u00e9claircissent : autour de l&rsquo;\u00e9pi, c&rsquo;est le plus souvent une chute androg\u00e9n\u00e9tique, donc h\u00e9r\u00e9ditaire, qui est en cause ; une zone clairsem\u00e9e appara\u00eet, le cuir chevelu devient visible et la surface s&rsquo;\u00e9tend au fil des ans jusqu&rsquo;\u00e0 former une tonsure. Sur le bas de l&rsquo;arri\u00e8re du cr\u00e2ne et sur la nuque, cette chute est au contraire atypique, car cette zone est r\u00e9sistante \u00e0 l&rsquo;hormone DHT. Le ph\u00e9nom\u00e8ne est fr\u00e9quent : selon le NHS britannique, jusqu&rsquo;\u00e0 80 % des hommes pr\u00e9sentent un certain degr\u00e9 de chute de cheveux avant 70 ans. Cet article vous aide \u00e0 situer votre cas zone par zone, des <a href=\"\/fr\/greffe-de-cheveux-blog\/echelle-de-norwood-calvitie\/\">stades de Norwood<\/a> jusqu&rsquo;\u00e0 la question de savoir ce qui aide r\u00e9ellement au niveau de l&rsquo;\u00e9pi.<\/p>\n<p style=\"margin:0 0 8px;color:#013366;font-weight:700;font-size:16px\">L&rsquo;essentiel en bref<\/p>\n<ul style=\"margin:0 0 14px;padding:0;color:#2e3033;list-style:none\">\n<li style=\"position:relative;padding:3px 0 3px 24px\"><span style=\"position:absolute;left:0;top:3px;color:#0079F1;font-weight:700\">&#10003;<\/span>Le vertex, c&rsquo;est-\u00e0-dire le haut de l&rsquo;arri\u00e8re du cr\u00e2ne autour de l&rsquo;\u00e9pi, est une zone cl\u00e9 de la chute h\u00e9r\u00e9ditaire et se classe selon les stades de Norwood<\/li>\n<li style=\"position:relative;padding:3px 0 3px 24px\"><span style=\"position:absolute;left:0;top:3px;color:#0079F1;font-weight:700\">&#10003;<\/span>Sur le bas de l&rsquo;arri\u00e8re du cr\u00e2ne et sur la nuque, la chute h\u00e9r\u00e9ditaire est atypique : la pelade, la traction et la pression y sont des explications plus fr\u00e9quentes<\/li>\n<li style=\"position:relative;padding:3px 0 3px 24px\"><span style=\"position:absolute;left:0;top:3px;color:#0079F1;font-weight:700\">&#10003;<\/span>Un \u00e9pi ne devient jamais chauve, il para\u00eet seulement plus ouvert : ce sont la densit\u00e9 capillaire sur le pourtour et l&rsquo;\u00e9volution sur trois \u00e0 six mois qui comptent<\/li>\n<li style=\"position:relative;padding:3px 0 3px 24px\"><span style=\"position:absolute;left:0;top:3px;color:#0079F1;font-weight:700\">&#10003;<\/span>Chez la femme, l&rsquo;arri\u00e8re de la t\u00eate est le plus souvent \u00e9pargn\u00e9 par la chute h\u00e9r\u00e9ditaire : c&rsquo;est la raie m\u00e9diane qui s&rsquo;\u00e9claircit (sch\u00e9ma de Ludwig)<\/li>\n<\/ul>\n<p style=\"margin:0;color:#2e3033\">Le sommaire indique o\u00f9 trouver quoi. Ensuite, nous entrons dans le d\u00e9tail zone par zone, avec un auto-examen, les stades de Norwood et une mise en perspective sobre des traitements.<\/p>\n<\/div>\n\n\n\n<h2 class=\"wp-block-heading\" id=\"definition\">Qu&rsquo;est-ce que la chute de cheveux \u00e0 l&rsquo;arri\u00e8re de la t\u00eate ?<\/h2>\n\n\n\n<p class=\"wp-block-paragraph\"><strong>La chute de cheveux \u00e0 l&rsquo;arri\u00e8re de la t\u00eate<\/strong> est souvent un signe typique de l&rsquo;alop\u00e9cie androg\u00e9n\u00e9tique, c&rsquo;est-\u00e0-dire de la chute de cheveux h\u00e9r\u00e9ditaire. C&rsquo;est de loin la forme la plus fr\u00e9quente chez l&rsquo;homme : aux \u00c9tats-Unis, 53 % des hommes de 40 \u00e0 49 ans pr\u00e9sentent une forme mod\u00e9r\u00e9e \u00e0 s\u00e9v\u00e8re, et apr\u00e8s 80 ans la quasi-totalit\u00e9 des hommes (synth\u00e8se \u00ab Male Androgenetic Alopecia \u00bb, Endotext\/NCBI).<sup>[2]<\/sup> Au d\u00e9but, la perte de cheveux se manifeste le plus souvent au niveau du front et des tempes, ce qui creuse les golfes temporaux.<\/p>\n\n\n\n<p class=\"wp-block-paragraph\">Par la suite, la chute de cheveux peut se d\u00e9placer de plus en plus vers l&rsquo;arri\u00e8re de la t\u00eate. Il y appara\u00eet d&rsquo;abord une petite zone clairsem\u00e9e qui s&rsquo;agrandit avec le temps et peut aboutir \u00e0 ce que l&rsquo;on appelle la <strong>tonsure<\/strong> ou calvitie de moine. Le terme vient de la zone ras\u00e9e sur le sommet du cr\u00e2ne des moines du Moyen \u00c2ge. Caract\u00e9ristique : une couronne de cheveux en anneau reste pr\u00e9serv\u00e9e.<\/p>\n\n\n\n<p class=\"wp-block-paragraph\">Les zones d\u00e9garnies \u00e0 l&rsquo;arri\u00e8re de la t\u00eate peuvent toutefois avoir d&rsquo;autres causes. Dans la <a href=\"\/fr\/greffe-de-cheveux-blog\/pelade\/\">pelade (alopecia areata)<\/a> par exemple, la perte de cheveux ne se limite pas \u00e0 une r\u00e9gion pr\u00e9cise et peut survenir \u00e0 diff\u00e9rents endroits du cr\u00e2ne. Le risque au cours de la vie est d&rsquo;environ 2 % (Lintzeri et al., JDDG 2022).<sup>[6]<\/sup><\/p>\n\n\n\n<p class=\"wp-block-paragraph\">Comme les causes diff\u00e8rent et que l&rsquo;\u00e9volution varie, un bilan m\u00e9dical pr\u00e9coce est utile. En particulier, la chute de cheveux androg\u00e9n\u00e9tique continue de progresser sans traitement et ne s&rsquo;arr\u00eate pas d&rsquo;elle-m\u00eame.<\/p>\n\n\n\n<h2 class=\"wp-block-heading\">O\u00f9 exactement \u00e0 l&rsquo;arri\u00e8re de la t\u00eate ? La zone d\u00e9termine la cause<\/h2>\n\n\n\n<p class=\"wp-block-paragraph\">Pour la chute de cheveux \u00e0 l&rsquo;arri\u00e8re de la t\u00eate, c&rsquo;est la zone qui d\u00e9termine la cause : le <strong>vertex<\/strong>, c&rsquo;est-\u00e0-dire le haut de l&rsquo;arri\u00e8re du cr\u00e2ne autour de l&rsquo;\u00e9pi, est sensible aux androg\u00e8nes et constitue donc la zone classique de la chute h\u00e9r\u00e9ditaire. Le bas de l&rsquo;arri\u00e8re du cr\u00e2ne et la nuque, en langage m\u00e9dical la <strong>zone occipitale<\/strong>, sont en revanche consid\u00e9r\u00e9s comme r\u00e9sistants \u00e0 la DHT. C&rsquo;est pr\u00e9cis\u00e9ment pour cela que cette r\u00e9gion sert, lors d&rsquo;une greffe de cheveux, de <a href=\"\/fr\/greffe-de-cheveux-blog\/zone-donneuse-apres-une-greffe-de-cheveux-preparation-cicatrisation-et-soins\/\">zone donneuse \u00e0 l&rsquo;arri\u00e8re de la t\u00eate<\/a>.<\/p>\n\n\n\n<p class=\"wp-block-paragraph\">Le m\u00e9canisme sous-jacent porte un nom : <strong>Donor Dominance<\/strong>. En 1959, Norman Orentreich a constat\u00e9 qu&rsquo;un follicule pileux greff\u00e9 conserve sa caract\u00e9ristique g\u00e9n\u00e9tique, quel que soit l&rsquo;endroit o\u00f9 il est d\u00e9plac\u00e9. La sensibilit\u00e9 \u00e0 la dihydrotestost\u00e9rone (DHT) r\u00e9side donc dans le follicule lui-m\u00eame, et non dans le cuir chevelu. Des revues modernes consacr\u00e9es au calcul de la surface donneuse confirment que ce principe est le fondement de la greffe de cheveux.<sup>[4]<\/sup><\/p>\n\n\n\n<p class=\"wp-block-paragraph\">Deux cons\u00e9quences en d\u00e9coulent. Premi\u00e8rement, la couronne se maintient pendant que le vertex se d\u00e9garnit, et un follicule occipital continue de pousser une fois replac\u00e9 au niveau de l&rsquo;\u00e9pi. Deuxi\u00e8mement, une perte de cheveux <strong>sur la nuque<\/strong> est une raison de regarder de plus pr\u00e8s, et non une raison de conclure \u00e0 une origine \u00ab h\u00e9r\u00e9ditaire \u00bb : la pelade, la traction, la pression et les formes inflammatoires y sont des explications plus r\u00e9alistes.<\/p>\n\n\n<div class=\"wp-block-image\">\n<figure class=\"aligncenter size-large is-resized\" style=\"max-width:720px;margin-left:auto;margin-right:auto\"><img decoding=\"async\" src=\"https:\/\/elithair.com\/fr\/wp-content\/uploads\/sites\/9\/2026\/08\/zonen_landkarte_hinterkopf__fr.png\" alt=\"Zones de l'arri\u00e8re de la t\u00eate : vertex avec l'\u00e9pi, zone donneuse occipitale et nuque avec leurs causes typiques\" class=\"wp-image-101759\" style=\"width:720px;max-width:100%;height:auto\"\/><\/figure>\n<\/div>\n\n\n<style>\n@media (max-width:640px){\n.rt-table-wrap{overflow-x:visible!important;border:0!important;border-radius:0!important}\n.rt-table{min-width:0!important}\n.rt-table thead{display:none}\n.rt-table,.rt-table tbody,.rt-table tr,.rt-table td{display:block;width:100%}\n.rt-table caption{display:block;padding:0 0 12px!important}\n.rt-table tr{margin:0 0 12px;border:1px solid #dbe4f0;border-radius:10px;overflow:hidden}\n.rt-table tr:last-child{margin-bottom:0}\n.rt-table td{display:flex!important;flex-direction:column;gap:3px;padding:12px 14px!important;\nborder:0!important;border-bottom:1px solid #e3e8ef!important;background:#ffffff!important}\n.rt-table tr td:last-child{border-bottom:0!important}\n.rt-table td::before{content:attr(data-label);font-size:12px;font-weight:700;letter-spacing:.04em;\ntext-transform:uppercase;color:#5799F1}\n.rt-table td:not([data-label])::before,.rt-table td[data-label=\"\"]::before{display:none}\n}\n<\/style>\n<div class=\"rt-table-wrap\" style=\"overflow-x:auto;-webkit-overflow-scrolling:touch;margin:28px 0;border:1px solid #dbe4f0;border-radius:12px\">\n  <table class=\"rt-table\" style=\"width:100%;min-width:660px;table-layout:fixed;border-collapse:separate;border-spacing:0;font-size:15px;margin:0\">\n    <caption style=\"caption-side:top;text-align:left;color:#003366;font-weight:700;font-size:16px;line-height:1.35;padding:14px 16px 10px;background:#ffffff\">L&rsquo;endroit o\u00f9 les cheveux manquent \u00e0 l&rsquo;arri\u00e8re de la t\u00eate en dit long sur la cause<\/caption>\n    <thead>\n      <tr>\n        <th style=\"width:22%;background:#003366;color:#ffffff;font-weight:700;text-align:left;vertical-align:middle;padding:13px 16px;font-size:15px;line-height:1.4;border:0;overflow-wrap:break-word\">Zone de l&rsquo;arri\u00e8re de la t\u00eate<\/th>\n        <th style=\"background:#003366;color:#ffffff;font-weight:700;text-align:left;vertical-align:middle;padding:13px 16px;font-size:15px;line-height:1.4;border:0;overflow-wrap:break-word\">Ce que vous voyez<\/th>\n        <th style=\"background:#003366;color:#ffffff;font-weight:700;text-align:left;vertical-align:middle;padding:13px 16px;font-size:15px;line-height:1.4;border:0;overflow-wrap:break-word\">Explication la plus fr\u00e9quente<\/th>\n        <th style=\"background:#003366;color:#ffffff;font-weight:700;text-align:left;vertical-align:middle;padding:13px 16px;font-size:15px;line-height:1.4;border:0;overflow-wrap:break-word\">\u00c9tape suivante<\/th>\n      <\/tr>\n    <\/thead>\n    <tbody>\n      <tr>\n        <td data-label=\"Zone de l'arri\u00e8re de la t\u00eate\" style=\"background:#ffffff;color:#003366;font-weight:700;text-align:left;vertical-align:top;padding:13px 16px;font-size:15px;line-height:1.55;border:0;border-bottom:1px solid #e3e8ef;overflow-wrap:break-word\">Vertex et zone de l&rsquo;\u00e9pi (haut de l&rsquo;arri\u00e8re du cr\u00e2ne)<\/td>\n        <td data-label=\"Ce que vous voyez\" style=\"background:#ffffff;color:#22303e;font-weight:400;text-align:left;vertical-align:top;padding:13px 16px;font-size:15px;line-height:1.55;border:0;border-bottom:1px solid #e3e8ef;overflow-wrap:break-word\">Le cuir chevelu transpara\u00eet autour de l&rsquo;\u00e9pi, la surface s&rsquo;agrandit lentement au fil des mois, cheveux courts et fins intercal\u00e9s<\/td>\n        <td data-label=\"Explication la plus fr\u00e9quente\" style=\"background:#ffffff;color:#22303e;font-weight:400;text-align:left;vertical-align:top;padding:13px 16px;font-size:15px;line-height:1.55;border:0;border-bottom:1px solid #e3e8ef;overflow-wrap:break-word\">Alop\u00e9cie androg\u00e9n\u00e9tique, type vertex (Norwood II \u00e0 V)<\/td>\n        <td data-label=\"\u00c9tape suivante\" style=\"background:#ffffff;color:#22303e;font-weight:400;text-align:left;vertical-align:top;padding:13px 16px;font-size:15px;line-height:1.55;border:0;border-bottom:1px solid #e3e8ef;overflow-wrap:break-word\">D\u00e9terminer le stade de Norwood, documenter l&rsquo;\u00e9volution en photos, envisager un traitement conservateur<\/td>\n      <\/tr>\n      <tr>\n        <td data-label=\"Zone de l'arri\u00e8re de la t\u00eate\" style=\"background:#f6f9fc;color:#003366;font-weight:700;text-align:left;vertical-align:top;padding:13px 16px;font-size:15px;line-height:1.55;border:0;border-bottom:1px solid #e3e8ef;overflow-wrap:break-word\">Transition entre le vertex et le sommet du cr\u00e2ne<\/td>\n        <td data-label=\"Ce que vous voyez\" style=\"background:#f6f9fc;color:#22303e;font-weight:400;text-align:left;vertical-align:top;padding:13px 16px;font-size:15px;line-height:1.55;border:0;border-bottom:1px solid #e3e8ef;overflow-wrap:break-word\">Bande clairsem\u00e9e reliant l&rsquo;\u00e9pi et la r\u00e9gion de la raie<\/td>\n        <td data-label=\"Explication la plus fr\u00e9quente\" style=\"background:#f6f9fc;color:#22303e;font-weight:400;text-align:left;vertical-align:top;padding:13px 16px;font-size:15px;line-height:1.55;border:0;border-bottom:1px solid #e3e8ef;overflow-wrap:break-word\">Alop\u00e9cie androg\u00e9n\u00e9tique \u00e9volutive<\/td>\n        <td data-label=\"\u00c9tape suivante\" style=\"background:#f6f9fc;color:#22303e;font-weight:400;text-align:left;vertical-align:top;padding:13px 16px;font-size:15px;line-height:1.55;border:0;border-bottom:1px solid #e3e8ef;overflow-wrap:break-word\">Bilan m\u00e9dical, stabilisation avant toute autre planification<\/td>\n      <\/tr>\n      <tr>\n        <td data-label=\"Zone de l'arri\u00e8re de la t\u00eate\" style=\"background:#ffffff;color:#003366;font-weight:700;text-align:left;vertical-align:top;padding:13px 16px;font-size:15px;line-height:1.55;border:0;border-bottom:1px solid #e3e8ef;overflow-wrap:break-word\">Zone occipitale et couronne (milieu de l&rsquo;arri\u00e8re du cr\u00e2ne)<\/td>\n        <td data-label=\"Ce que vous voyez\" style=\"background:#ffffff;color:#22303e;font-weight:400;text-align:left;vertical-align:top;padding:13px 16px;font-size:15px;line-height:1.55;border:0;border-bottom:1px solid #e3e8ef;overflow-wrap:break-word\">Plaque ronde circonscrite, nettement d\u00e9limit\u00e9e, \u00e0 peau lisse<\/td>\n        <td data-label=\"Explication la plus fr\u00e9quente\" style=\"background:#ffffff;color:#22303e;font-weight:400;text-align:left;vertical-align:top;padding:13px 16px;font-size:15px;line-height:1.55;border:0;border-bottom:1px solid #e3e8ef;overflow-wrap:break-word\">Pelade ; la chute h\u00e9r\u00e9ditaire est atypique ici (zone r\u00e9sistante \u00e0 la DHT)<\/td>\n        <td data-label=\"\u00c9tape suivante\" style=\"background:#ffffff;color:#22303e;font-weight:400;text-align:left;vertical-align:top;padding:13px 16px;font-size:15px;line-height:1.55;border:0;border-bottom:1px solid #e3e8ef;overflow-wrap:break-word\">Consulter rapidement un dermatologue<\/td>\n      <\/tr>\n      <tr>\n        <td data-label=\"Zone de l'arri\u00e8re de la t\u00eate\" style=\"background:#f6f9fc;color:#003366;font-weight:700;text-align:left;vertical-align:top;padding:13px 16px;font-size:15px;line-height:1.55;border:0;border-bottom:1px solid #e3e8ef;overflow-wrap:break-word\">Ligne inf\u00e9rieure d&rsquo;implantation, en bande d&rsquo;une oreille \u00e0 l&rsquo;autre<\/td>\n        <td data-label=\"Ce que vous voyez\" style=\"background:#f6f9fc;color:#22303e;font-weight:400;text-align:left;vertical-align:top;padding:13px 16px;font-size:15px;line-height:1.55;border:0;border-bottom:1px solid #e3e8ef;overflow-wrap:break-word\">Perte en bande le long de la ligne inf\u00e9rieure d&rsquo;implantation, sur la nuque<\/td>\n        <td data-label=\"Explication la plus fr\u00e9quente\" style=\"background:#f6f9fc;color:#22303e;font-weight:400;text-align:left;vertical-align:top;padding:13px 16px;font-size:15px;line-height:1.55;border:0;border-bottom:1px solid #e3e8ef;overflow-wrap:break-word\">Pelade de type ophiasique<\/td>\n        <td data-label=\"\u00c9tape suivante\" style=\"background:#f6f9fc;color:#22303e;font-weight:400;text-align:left;vertical-align:top;padding:13px 16px;font-size:15px;line-height:1.55;border:0;border-bottom:1px solid #e3e8ef;overflow-wrap:break-word\">Consulter rapidement un dermatologue, pronostic moins favorable<\/td>\n      <\/tr>\n      <tr>\n        <td data-label=\"Zone de l'arri\u00e8re de la t\u00eate\" style=\"background:#ffffff;color:#003366;font-weight:700;text-align:left;vertical-align:top;padding:13px 16px;font-size:15px;line-height:1.55;border:0;border-bottom:1px solid #e3e8ef;overflow-wrap:break-word\">Nuque et points d&rsquo;appui (oreiller, appuie-t\u00eate, casque, col)<\/td>\n        <td data-label=\"Ce que vous voyez\" style=\"background:#ffffff;color:#22303e;font-weight:400;text-align:left;vertical-align:top;padding:13px 16px;font-size:15px;line-height:1.55;border:0;border-bottom:1px solid #e3e8ef;overflow-wrap:break-word\">Rar\u00e9faction diffuse ou cheveux cass\u00e9s \u00e0 un endroit de frottement<\/td>\n        <td data-label=\"Explication la plus fr\u00e9quente\" style=\"background:#ffffff;color:#22303e;font-weight:400;text-align:left;vertical-align:top;padding:13px 16px;font-size:15px;line-height:1.55;border:0;border-bottom:1px solid #e3e8ef;overflow-wrap:break-word\">Alop\u00e9cie de friction ou de pression<\/td>\n        <td data-label=\"\u00c9tape suivante\" style=\"background:#ffffff;color:#22303e;font-weight:400;text-align:left;vertical-align:top;padding:13px 16px;font-size:15px;line-height:1.55;border:0;border-bottom:1px solid #e3e8ef;overflow-wrap:break-word\">Supprimer le facteur d\u00e9clenchant et observer pendant trois mois<\/td>\n      <\/tr>\n      <tr>\n        <td data-label=\"Zone de l'arri\u00e8re de la t\u00eate\" style=\"background:#f6f9fc;color:#003366;font-weight:700;text-align:left;vertical-align:top;padding:13px 16px;font-size:15px;line-height:1.55;border:0;border-bottom:1px solid #e3e8ef;overflow-wrap:break-word\">Lignes de traction (queue-de-cheval, chignon, extensions, turban)<\/td>\n        <td data-label=\"Ce que vous voyez\" style=\"background:#f6f9fc;color:#22303e;font-weight:400;text-align:left;vertical-align:top;padding:13px 16px;font-size:15px;line-height:1.55;border:0;border-bottom:1px solid #e3e8ef;overflow-wrap:break-word\">Rar\u00e9faction le long de la ligne de traction, souvent sym\u00e9trique<\/td>\n        <td data-label=\"Explication la plus fr\u00e9quente\" style=\"background:#f6f9fc;color:#22303e;font-weight:400;text-align:left;vertical-align:top;padding:13px 16px;font-size:15px;line-height:1.55;border:0;border-bottom:1px solid #e3e8ef;overflow-wrap:break-word\">Alop\u00e9cie de traction<\/td>\n        <td data-label=\"\u00c9tape suivante\" style=\"background:#f6f9fc;color:#22303e;font-weight:400;text-align:left;vertical-align:top;padding:13px 16px;font-size:15px;line-height:1.55;border:0;border-bottom:1px solid #e3e8ef;overflow-wrap:break-word\">Cesser la traction ; r\u00e9versible au d\u00e9but, cicatricielle au stade tardif<\/td>\n      <\/tr>\n      <tr>\n        <td data-label=\"Zone de l'arri\u00e8re de la t\u00eate\" style=\"background:#ffffff;color:#003366;font-weight:700;text-align:left;vertical-align:top;padding:13px 16px;font-size:15px;line-height:1.55;border:0;overflow-wrap:break-word\">Toute zone avec rougeur, desquamation, pustules, douleur ou peau lisse et brillante<\/td>\n        <td data-label=\"Ce que vous voyez\" style=\"background:#ffffff;color:#22303e;font-weight:400;text-align:left;vertical-align:top;padding:13px 16px;font-size:15px;line-height:1.55;border:0;overflow-wrap:break-word\">Signes d&rsquo;inflammation ou absence d&rsquo;orifices pilaires<\/td>\n        <td data-label=\"Explication la plus fr\u00e9quente\" style=\"background:#ffffff;color:#22303e;font-weight:400;text-align:left;vertical-align:top;padding:13px 16px;font-size:15px;line-height:1.55;border:0;overflow-wrap:break-word\">Alop\u00e9cie inflammatoire ou cicatricielle<\/td>\n        <td data-label=\"\u00c9tape suivante\" style=\"background:#ffffff;color:#22303e;font-weight:400;text-align:left;vertical-align:top;padding:13px 16px;font-size:15px;line-height:1.55;border:0;overflow-wrap:break-word\">Ne pas attendre, faire poser un diagnostic m\u00e9dical<\/td>\n      <\/tr>\n    <\/tbody>\n  <\/table>\n<\/div>\n\n\n\n<div style=\"border:1px solid #e3e8ef;border-left:5px solid #013366;border-radius:10px;padding:18px 20px;margin:8px 0 28px\">\n<p style=\"margin:0 0 8px;color:#013366;font-weight:700;font-size:16px\">Ce que nous observons en consultation<\/p>\n<p style=\"margin:0;color:#2e3033;font-size:15px;line-height:1.65\">Lorsque des personnes nous envoient des photos du bas de l&rsquo;arri\u00e8re du cr\u00e2ne ou de la nuque, l&rsquo;explication n&rsquo;est le plus souvent pas la chute h\u00e9r\u00e9ditaire, mais une plaque nettement d\u00e9limit\u00e9e, une ligne de traction ou une zone de frottement. \u00c0 l&rsquo;inverse, les photos de l&rsquo;\u00e9pi montrent tr\u00e8s souvent un stade vertex d\u00e9butant que la personne prend encore pour un \u00ab \u00e9pi marqu\u00e9 \u00bb. C&rsquo;est pourquoi la premi\u00e8re question porte toujours sur la zone, et non sur le traitement.<\/p>\n<\/div>\n\n\n\n<h2 class=\"wp-block-heading\">\u00c9pi ou zone d\u00e9j\u00e0 clairsem\u00e9e ? L&rsquo;auto-examen de l&rsquo;arri\u00e8re de la t\u00eate<\/h2>\n\n\n\n<p class=\"wp-block-paragraph\">Un \u00e9pi \u00e0 l&rsquo;arri\u00e8re de la t\u00eate est un sch\u00e9ma de pousse naturel et ne devient jamais chauve ; une tonsure d\u00e9butante, en revanche, s&rsquo;\u00e9tend de l&rsquo;\u00e9pi vers l&rsquo;ext\u00e9rieur. La diff\u00e9rence ne tient pas \u00e0 la taille de la surface ouverte, mais \u00e0 la densit\u00e9 capillaire sur le pourtour, au calibre des cheveux et \u00e0 l&rsquo;\u00e9volution sur plusieurs mois. Le crit\u00e8re trichoscopique central de la chute h\u00e9r\u00e9ditaire est l&rsquo; <strong>anisotrichose<\/strong>, c&rsquo;est-\u00e0-dire une variabilit\u00e9 du diam\u00e8tre des tiges pilaires d&rsquo;au moins 20 % chez l&rsquo;homme et 10 % chez la femme.<sup>[5]<\/sup><\/p>\n\n\n\n<h3 class=\"wp-block-heading\">Comment distinguer un \u00e9pi d&rsquo;une chute de cheveux ?<\/h3>\n\n\n\n<p class=\"wp-block-paragraph\"><strong>Un \u00e9pi normal conserve une densit\u00e9 \u00e9lev\u00e9e et constante jusqu&rsquo;au tourbillon lui-m\u00eame ; une tonsure d\u00e9butante s&rsquo;\u00e9claircit vers le pourtour et montre une miniaturisation, c&rsquo;est-\u00e0-dire des cheveux courts et fins entre les cheveux \u00e9pais.<\/strong> Quatre crit\u00e8res permettent de les distinguer de fa\u00e7on fiable :<\/p>\n\n\n\n<ul class=\"wp-block-list\">\n<li><strong>Pourtour :<\/strong> sur un \u00e9pi, la densit\u00e9 reste \u00e9lev\u00e9e jusqu&rsquo;au tourbillon ; sur une tonsure, elle diminue vers le pourtour.<\/li>\n\n\n<li><strong>Calibre des cheveux :<\/strong> sur un \u00e9pi, tous les cheveux ont une \u00e9paisseur comparable ; sur une tonsure, des cheveux courts et fins se m\u00ealent aux cheveux \u00e9pais (miniaturisation).<\/li>\n\n\n<li><strong>Forme :<\/strong> l&rsquo;\u00e9pi est un tourbillon avec une direction de pousse nette, la tonsure une surface arrondie qui s&rsquo;\u00e9tend vers l&rsquo;ext\u00e9rieur.<\/li>\n\n\n<li><strong>\u00c9volution :<\/strong> l&rsquo;\u00e9pi a la m\u00eame apparence trois \u00e0 six mois plus tard, la tonsure est mesurablement plus grande.<\/li>\n\n<\/ul>\n\n\n\n<p class=\"wp-block-paragraph\">Ces quatre crit\u00e8res sont aussi ceux que mesure la trichoscopie dermatologique : dans la revue syst\u00e9matique \u00ab Trichoscopy of Androgenetic Alopecia \u00bb, une variabilit\u00e9 du diam\u00e8tre des cheveux \u00e9tait mise en \u00e9vidence chez 94 % des patients atteints d&rsquo;alop\u00e9cie androg\u00e9n\u00e9tique, et des cheveux duveteux chez 66 %.<sup>[5]<\/sup> L&rsquo;auto-examen ne remplace pas une trichoscopie. Il d\u00e9termine seulement si vous pouvez observer tranquillement ou s&rsquo;il vaut mieux prendre rendez-vous.<\/p>\n\n\n<div class=\"wp-block-image\">\n<figure class=\"aligncenter size-large is-resized\" style=\"max-width:560px;margin-left:auto;margin-right:auto\"><img decoding=\"async\" src=\"https:\/\/elithair.com\/fr\/wp-content\/uploads\/sites\/9\/2026\/08\/wirbel_vs_tonsur.png\" alt=\"Comparaison de deux vues du cuir chevelu par le dessus : \u00e0 gauche un \u00e9pi de densit\u00e9 homog\u00e8ne, \u00e0 droite une tonsure qui s'\u00e9claircit avec des cheveux fins\" class=\"wp-image-101760\" style=\"width:560px;max-width:100%;height:auto\"\/><\/figure>\n<\/div>\n\n\n<style>\n@media (max-width:640px){\n.rt-table-wrap{overflow-x:visible!important;border:0!important;border-radius:0!important}\n.rt-table{min-width:0!important}\n.rt-table thead{display:none}\n.rt-table,.rt-table tbody,.rt-table tr,.rt-table td{display:block;width:100%}\n.rt-table caption{display:block;padding:0 0 12px!important}\n.rt-table tr{margin:0 0 12px;border:1px solid #dbe4f0;border-radius:10px;overflow:hidden}\n.rt-table tr:last-child{margin-bottom:0}\n.rt-table td{display:flex!important;flex-direction:column;gap:3px;padding:12px 14px!important;\nborder:0!important;border-bottom:1px solid #e3e8ef!important;background:#ffffff!important}\n.rt-table tr td:last-child{border-bottom:0!important}\n.rt-table td::before{content:attr(data-label);font-size:12px;font-weight:700;letter-spacing:.04em;\ntext-transform:uppercase;color:#5799F1}\n.rt-table td:not([data-label])::before,.rt-table td[data-label=\"\"]::before{display:none}\n}\n<\/style>\n<div class=\"rt-table-wrap\" style=\"overflow-x:auto;-webkit-overflow-scrolling:touch;margin:28px 0;border:1px solid #dbe4f0;border-radius:12px\">\n  <table class=\"rt-table\" style=\"width:100%;min-width:620px;table-layout:fixed;border-collapse:separate;border-spacing:0;font-size:15px;margin:0\">\n    <caption style=\"caption-side:top;text-align:left;color:#003366;font-weight:700;font-size:16px;line-height:1.35;padding:14px 16px 10px;background:#ffffff\">Auto-examen : \u00e9pi normal ou tonsure d\u00e9butante \u00e0 l&rsquo;arri\u00e8re de la t\u00eate ?<\/caption>\n    <thead>\n      <tr>\n        <th style=\"width:22%;background:#003366;color:#ffffff;font-weight:700;text-align:left;vertical-align:middle;padding:13px 16px;font-size:15px;line-height:1.4;border:0;overflow-wrap:break-word\">Crit\u00e8re<\/th>\n        <th style=\"background:#003366;color:#ffffff;font-weight:700;text-align:left;vertical-align:middle;padding:13px 16px;font-size:15px;line-height:1.4;border:0;overflow-wrap:break-word\">\u00c9pi normal<\/th>\n        <th style=\"background:#003366;color:#ffffff;font-weight:700;text-align:left;vertical-align:middle;padding:13px 16px;font-size:15px;line-height:1.4;border:0;overflow-wrap:break-word\">Tonsure d\u00e9butante<\/th>\n      <\/tr>\n    <\/thead>\n    <tbody>\n      <tr>\n        <td data-label=\"Crit\u00e8re\" style=\"background:#ffffff;color:#003366;font-weight:700;text-align:left;vertical-align:top;padding:13px 16px;font-size:15px;line-height:1.55;border:0;border-bottom:1px solid #e3e8ef;overflow-wrap:break-word\">Densit\u00e9 au pourtour de la zone ouverte<\/td>\n        <td data-label=\"\u00c9pi normal\" style=\"background:#ffffff;color:#22303e;font-weight:400;text-align:left;vertical-align:top;padding:13px 16px;font-size:15px;line-height:1.55;border:0;border-bottom:1px solid #e3e8ef;overflow-wrap:break-word\">Reste \u00e9lev\u00e9e jusqu&rsquo;au tourbillon<\/td>\n        <td data-label=\"Tonsure d\u00e9butante\" style=\"background:#ffffff;color:#22303e;font-weight:400;text-align:left;vertical-align:top;padding:13px 16px;font-size:15px;line-height:1.55;border:0;border-bottom:1px solid #e3e8ef;overflow-wrap:break-word\">Diminue vers le pourtour, transition floue<\/td>\n      <\/tr>\n      <tr>\n        <td data-label=\"Crit\u00e8re\" style=\"background:#f6f9fc;color:#003366;font-weight:700;text-align:left;vertical-align:top;padding:13px 16px;font-size:15px;line-height:1.55;border:0;border-bottom:1px solid #e3e8ef;overflow-wrap:break-word\">\u00c9paisseur des cheveux dans la zone<\/td>\n        <td data-label=\"\u00c9pi normal\" style=\"background:#f6f9fc;color:#22303e;font-weight:400;text-align:left;vertical-align:top;padding:13px 16px;font-size:15px;line-height:1.55;border:0;border-bottom:1px solid #e3e8ef;overflow-wrap:break-word\">Uniform\u00e9ment \u00e9pais<\/td>\n        <td data-label=\"Tonsure d\u00e9butante\" style=\"background:#f6f9fc;color:#22303e;font-weight:400;text-align:left;vertical-align:top;padding:13px 16px;font-size:15px;line-height:1.55;border:0;border-bottom:1px solid #e3e8ef;overflow-wrap:break-word\">Cheveux \u00e9pais et fins m\u00eal\u00e9s, beaucoup de cheveux courts et fins<\/td>\n      <\/tr>\n      <tr>\n        <td data-label=\"Crit\u00e8re\" style=\"background:#ffffff;color:#003366;font-weight:700;text-align:left;vertical-align:top;padding:13px 16px;font-size:15px;line-height:1.55;border:0;border-bottom:1px solid #e3e8ef;overflow-wrap:break-word\">Forme<\/td>\n        <td data-label=\"\u00c9pi normal\" style=\"background:#ffffff;color:#22303e;font-weight:400;text-align:left;vertical-align:top;padding:13px 16px;font-size:15px;line-height:1.55;border:0;border-bottom:1px solid #e3e8ef;overflow-wrap:break-word\">Tourbillon avec direction de pousse identifiable<\/td>\n        <td data-label=\"Tonsure d\u00e9butante\" style=\"background:#ffffff;color:#22303e;font-weight:400;text-align:left;vertical-align:top;padding:13px 16px;font-size:15px;line-height:1.55;border:0;border-bottom:1px solid #e3e8ef;overflow-wrap:break-word\">Surface arrondie qui s&rsquo;\u00e9tend vers l&rsquo;ext\u00e9rieur<\/td>\n      <\/tr>\n      <tr>\n        <td data-label=\"Crit\u00e8re\" style=\"background:#f6f9fc;color:#003366;font-weight:700;text-align:left;vertical-align:top;padding:13px 16px;font-size:15px;line-height:1.55;border:0;border-bottom:1px solid #e3e8ef;overflow-wrap:break-word\">\u00c9volution sur 3 \u00e0 6 mois<\/td>\n        <td data-label=\"\u00c9pi normal\" style=\"background:#f6f9fc;color:#22303e;font-weight:400;text-align:left;vertical-align:top;padding:13px 16px;font-size:15px;line-height:1.55;border:0;border-bottom:1px solid #e3e8ef;overflow-wrap:break-word\">Inchang\u00e9<\/td>\n        <td data-label=\"Tonsure d\u00e9butante\" style=\"background:#f6f9fc;color:#22303e;font-weight:400;text-align:left;vertical-align:top;padding:13px 16px;font-size:15px;line-height:1.55;border:0;border-bottom:1px solid #e3e8ef;overflow-wrap:break-word\">Surface mesurablement plus grande, cuir chevelu nettement plus visible<\/td>\n      <\/tr>\n      <tr>\n        <td data-label=\"Crit\u00e8re\" style=\"background:#ffffff;color:#003366;font-weight:700;text-align:left;vertical-align:top;padding:13px 16px;font-size:15px;line-height:1.55;border:0;border-bottom:1px solid #e3e8ef;overflow-wrap:break-word\">Aspect sur cheveux mouill\u00e9s<\/td>\n        <td data-label=\"\u00c9pi normal\" style=\"background:#ffffff;color:#22303e;font-weight:400;text-align:left;vertical-align:top;padding:13px 16px;font-size:15px;line-height:1.55;border:0;border-bottom:1px solid #e3e8ef;overflow-wrap:break-word\">Para\u00eet plus ouvert mouill\u00e9, redevient normal une fois sec<\/td>\n        <td data-label=\"Tonsure d\u00e9butante\" style=\"background:#ffffff;color:#22303e;font-weight:400;text-align:left;vertical-align:top;padding:13px 16px;font-size:15px;line-height:1.55;border:0;border-bottom:1px solid #e3e8ef;overflow-wrap:break-word\">Visible m\u00eame sur cheveux secs et non coiff\u00e9s<\/td>\n      <\/tr>\n      <tr>\n        <td data-label=\"Crit\u00e8re\" style=\"background:#f6f9fc;color:#003366;font-weight:700;text-align:left;vertical-align:top;padding:13px 16px;font-size:15px;line-height:1.55;border:0;border-bottom:1px solid #e3e8ef;overflow-wrap:break-word\">Autres zones du cr\u00e2ne<\/td>\n        <td data-label=\"\u00c9pi normal\" style=\"background:#f6f9fc;color:#22303e;font-weight:400;text-align:left;vertical-align:top;padding:13px 16px;font-size:15px;line-height:1.55;border:0;border-bottom:1px solid #e3e8ef;overflow-wrap:break-word\">Ligne frontale et tempes inchang\u00e9es<\/td>\n        <td data-label=\"Tonsure d\u00e9butante\" style=\"background:#f6f9fc;color:#22303e;font-weight:400;text-align:left;vertical-align:top;padding:13px 16px;font-size:15px;line-height:1.55;border:0;border-bottom:1px solid #e3e8ef;overflow-wrap:break-word\">Souvent des golfes temporaux en plus<\/td>\n      <\/tr>\n      <tr>\n        <td data-label=\"Crit\u00e8re\" style=\"background:#ffffff;color:#003366;font-weight:700;text-align:left;vertical-align:top;padding:13px 16px;font-size:15px;line-height:1.55;border:0;overflow-wrap:break-word\">Ce qu&rsquo;il faut faire maintenant<\/td>\n        <td data-label=\"\u00c9pi normal\" style=\"background:#ffffff;color:#22303e;font-weight:400;text-align:left;vertical-align:top;padding:13px 16px;font-size:15px;line-height:1.55;border:0;overflow-wrap:break-word\">Mettre en place un protocole photo et comparer dans 3 mois<\/td>\n        <td data-label=\"Tonsure d\u00e9butante\" style=\"background:#ffffff;color:#22303e;font-weight:400;text-align:left;vertical-align:top;padding:13px 16px;font-size:15px;line-height:1.55;border:0;overflow-wrap:break-word\">Rendez-vous chez un dermatologue, d\u00e9termination du stade<\/td>\n      <\/tr>\n    <\/tbody>\n  <\/table>\n<\/div>\n\n\n\n<div style=\"border:1px solid #e3e8ef;border-radius:10px;padding:20px 22px;margin:8px 0 28px\">\n<p style=\"margin:0 0 12px;color:#013366;font-weight:700;font-size:17px\">Protocole photo pour l&rsquo;arri\u00e8re de la t\u00eate<\/p>\n<ul style=\"margin:0;padding-left:20px;color:#2e3033;font-size:15px;line-height:1.8\">\n<li>Lumi\u00e8re du jour pr\u00e8s d&rsquo;une fen\u00eatre, pas de plafonnier au-dessus<\/li>\n<li>Cheveux secs, non coiff\u00e9s, raie habituelle<\/li>\n<li>Appareil photo par l&rsquo;arri\u00e8re et l\u00e9g\u00e8rement en hauteur, toujours \u00e0 la m\u00eame distance et sous le m\u00eame angle<\/li>\n<li>Toujours le m\u00eame moment de la journ\u00e9e et la m\u00eame lumi\u00e8re<\/li>\n<li>Photos maintenant, dans 3 mois puis dans 6 mois, nom de fichier avec la date<\/li>\n<li>Pour comparer, placer les deux images c\u00f4te \u00e0 c\u00f4te, ne pas juger de m\u00e9moire<\/li>\n<\/ul>\n<p style=\"margin:12px 0 0;color:#5b6169;font-size:13.5px;font-style:italic\">Ce protocole est un rep\u00e8re pour la consultation m\u00e9dicale et ne remplace pas un diagnostic.<\/p>\n<\/div>\n\n\n<div class=\"wp-block-image\">\n<figure class=\"aligncenter size-large is-resized\" style=\"max-width:560px;margin-left:auto;margin-right:auto\"><img decoding=\"async\" src=\"https:\/\/elithair.com\/fr\/wp-content\/uploads\/sites\/9\/2026\/08\/foto_protokoll_hinterkopf.png\" alt=\"Illustration du protocole photo : une personne photographie l'arri\u00e8re de sa propre t\u00eate pr\u00e8s d'une fen\u00eatre, \u00e0 c\u00f4t\u00e9 une s\u00e9rie d'images sugg\u00e9r\u00e9e\" class=\"wp-image-101761\" style=\"width:560px;max-width:100%;height:auto\"\/><\/figure>\n<\/div>\n\n\n<h3 class=\"wp-block-heading\">Les trois fausses alertes les plus fr\u00e9quentes au niveau de l&rsquo;\u00e9pi<\/h3>\n\n\n\n<p class=\"wp-block-paragraph\">La plupart des fausses alertes \u00e0 l&rsquo;arri\u00e8re de la t\u00eate viennent de la lumi\u00e8re, du coiffage et du sch\u00e9ma de pousse. Il n&rsquo;existe pas d&rsquo;\u00e9tudes sur ces trois points : ce sont des constats issus de notre pratique de conseil, mais ils expliquent une grande partie des inqui\u00e9tudes. Premi\u00e8rement, les cheveux mouill\u00e9s, le gel et la cire collent les cheveux autour de l&rsquo;\u00e9pi, et le cuir chevelu transpara\u00eet alors sur n&rsquo;importe quelle t\u00eate. Deuxi\u00e8mement, un plafonnier projette des ombres dans le tourbillon. Troisi\u00e8mement, un <strong>double \u00e9pi<\/strong> est un sch\u00e9ma de pousse et non une chute de cheveux ; il donne simplement un aspect plus irr\u00e9gulier.<\/p>\n\n\n\n<p class=\"wp-block-paragraph\">Deux autres points ont leur place ici, car ils pr\u00eatent souvent \u00e0 confusion. Un <strong>coup de soleil sur l&rsquo;\u00e9pi<\/strong> est au contraire un indice \u00e0 prendre au s\u00e9rieux : l\u00e0 o\u00f9 il y a moins de cheveux, la protection UV manque, ce qui plaide pour une densit\u00e9 r\u00e9ellement r\u00e9duite. Et <strong>dormir sur le dos<\/strong> ne provoque pas de chute de cheveux. Une v\u00e9ritable alop\u00e9cie de pression est d\u00e9crite dans la litt\u00e9rature apr\u00e8s plusieurs heures d&rsquo;immobilit\u00e9, par exemple apr\u00e8s de longues op\u00e9rations, et non apr\u00e8s une nuit ordinaire.<\/p>\n\n\n\n<h3 class=\"wp-block-heading\">\u00c0 quelle vitesse une tonsure se forme-t-elle \u00e0 l&rsquo;arri\u00e8re de la t\u00eate ?<\/h3>\n\n\n\n<p class=\"wp-block-paragraph\">Une tonsure \u00e0 l&rsquo;arri\u00e8re de la t\u00eate se d\u00e9veloppe de fa\u00e7on individuelle et le plus souvent sur des ann\u00e9es, pas sur des semaines. Il n&rsquo;existe pas de vitesse fixe ; seule la tendance est bien document\u00e9e : dans une cohorte australienne, la proportion d&rsquo;hommes pr\u00e9sentant un type vertex ou une calvitie compl\u00e8te est pass\u00e9e de 31 % chez les 40 \u00e0 55 ans \u00e0 53 % chez les 65 \u00e0 69 ans.<sup>[2]<\/sup> La chute h\u00e9r\u00e9ditaire progresse donc par pouss\u00e9es, sur des d\u00e9cennies.<\/p>\n\n\n\n<p class=\"wp-block-paragraph\">Pour votre d\u00e9cision, votre propre vitesse d&rsquo;\u00e9volution compte plus que n&rsquo;importe quelle moyenne. Si la surface s&rsquo;agrandit visiblement entre deux photos prises \u00e0 six mois d&rsquo;intervalle, l&rsquo;\u00e9volution est consid\u00e9r\u00e9e comme active, et un avis m\u00e9dical est alors utile avant d&rsquo;envisager une greffe. Si l&rsquo;image reste identique sur un an, cela plaide pour une \u00e9volution lente ou stabilis\u00e9e. C&rsquo;est pr\u00e9cis\u00e9ment pour cela que le protocole photo est plus qu&rsquo;un exercice de r\u00e9assurance : il fournit la seule courbe d&rsquo;\u00e9volution que vous puissiez \u00e9tablir vous-m\u00eame.<\/p>\n\n\n\n<h2 class=\"wp-block-heading\" id=\"ursachen\">Causes de la chute de cheveux \u00e0 l&rsquo;arri\u00e8re de la t\u00eate<\/h2>\n\n\n\n<p class=\"wp-block-paragraph\"><strong>La cause la plus fr\u00e9quente de chute de cheveux \u00e0 l&rsquo;arri\u00e8re de la t\u00eate est l&rsquo;alop\u00e9cie androg\u00e9n\u00e9tique au niveau du vertex, c&rsquo;est-\u00e0-dire la pr\u00e9disposition g\u00e9n\u00e9tique autour de l&rsquo;\u00e9pi.<\/strong> \u00c0 cela s&rsquo;ajoutent des facteurs hormonaux, m\u00e9taboliques et m\u00e9caniques, qui se distinguent par leur sch\u00e9ma et leur \u00e9volution. Parmi les causes les plus fr\u00e9quentes :<\/p>\n\n\n\n<ul class=\"wp-block-list\">\n<li><strong>Pr\u00e9disposition g\u00e9n\u00e9tique :<\/strong> dans la chute de cheveux h\u00e9r\u00e9ditaire (alop\u00e9cie androg\u00e9n\u00e9tique), les racines situ\u00e9es aux tempes, dans la r\u00e9gion frontale et au vertex, c&rsquo;est-\u00e0-dire le haut de l&rsquo;arri\u00e8re du cr\u00e2ne autour de l&rsquo;\u00e9pi, sont particuli\u00e8rement sensibles \u00e0 l&rsquo;hormone DHT. Le bas de l&rsquo;arri\u00e8re du cr\u00e2ne et la nuque sont en r\u00e8gle g\u00e9n\u00e9rale \u00e9pargn\u00e9s : ils sont r\u00e9sistants \u00e0 la DHT.<sup>[4]<\/sup><\/li>\n\n\n<li><strong>Changements hormonaux :<\/strong> un d\u00e9s\u00e9quilibre hormonal ou une sensibilit\u00e9 accrue \u00e0 la DHT peut perturber le cycle capillaire et acc\u00e9l\u00e9rer la perte de cheveux dans les zones typiques.<\/li>\n\n\n<li><strong>Stress :<\/strong> un stress physique ou psychique persistant peut d\u00e9r\u00e9gler le cycle capillaire. La perte qui en r\u00e9sulte survient en diff\u00e9r\u00e9, g\u00e9n\u00e9ralement deux \u00e0 trois mois apr\u00e8s le facteur d\u00e9clenchant.<\/li>\n\n\n<li><strong>Carences nutritionnelles :<\/strong> si l&rsquo;organisme manque de fer, de vitamine D, de zinc ou de prot\u00e9ines, l&rsquo;approvisionnement des racines peut en souffrir. Cette chute est toutefois diffuse, r\u00e9partie sur l&rsquo;ensemble du cr\u00e2ne, et ne se limite pas \u00e0 l&rsquo;arri\u00e8re de la t\u00eate.<\/li>\n\n\n<li><strong>Maladies :<\/strong> les troubles thyro\u00efdiens, les maladies auto-immunes et les affections cutan\u00e9es peuvent modifier le cycle de croissance du cheveu et favoriser la chute.<\/li>\n\n\n<li><strong>M\u00e9dicaments :<\/strong> certains m\u00e9dicaments peuvent provoquer, comme effet ind\u00e9sirable, une chute de cheveux qui se remarque notamment \u00e0 l&rsquo;arri\u00e8re de la t\u00eate.<\/li>\n\n<\/ul>\n\n\n\n<p class=\"wp-block-paragraph\">Pour d\u00e9terminer la cause exacte, un examen m\u00e9dical du cuir chevelu et des racines et, le cas \u00e9ch\u00e9ant, des analyses de sang sont utiles. Traiter la cause de fa\u00e7on cibl\u00e9e est d\u00e9terminant, y compris lorsque la perte de cheveux dans cette r\u00e9gion est d\u00e9j\u00e0 avanc\u00e9e.<\/p>\n\n\n\n<h3 class=\"wp-block-heading\">Causes typiques du bas de l&rsquo;arri\u00e8re du cr\u00e2ne et de la nuque<\/h3>\n\n\n\n<p class=\"wp-block-paragraph\"><strong>Sur le bas de l&rsquo;arri\u00e8re du cr\u00e2ne et sur la nuque, les causes qui pr\u00e9dominent ne sont pas celles du vertex, car cette zone est r\u00e9sistante \u00e0 la DHT.<\/strong> Voici, en bref, les causes \u00e0 conna\u00eetre lorsque la zone touch\u00e9e ne se situe pas au niveau de l&rsquo;\u00e9pi :<\/p>\n\n\n\n<ul class=\"wp-block-list\">\n<li><strong>Pelade (alopecia areata) :<\/strong> plaques rondes, lisses et nettement d\u00e9limit\u00e9es, avec des cheveux en point d&rsquo;exclamation sur le pourtour. Le <strong>type ophiasique<\/strong> , en bande sur la ligne inf\u00e9rieure d&rsquo;implantation, a une pr\u00e9valence d&rsquo;environ 0,02 % et est consid\u00e9r\u00e9 comme de pronostic moins favorable (Lintzeri et al., JDDG 2022).<sup>[6]<\/sup><\/li>\n\n\n<li><strong>Alop\u00e9cie de traction :<\/strong> traction exerc\u00e9e par une queue-de-cheval, un chignon, des cornrows ou des extensions ; totalement r\u00e9versible au d\u00e9but, cicatricielle apr\u00e8s des ann\u00e9es.<sup>[8]<\/sup><\/li>\n\n\n<li><strong>Alop\u00e9cie de friction et de pression :<\/strong> frottement contre un oreiller, un appuie-t\u00eate, un casque ou un col.<\/li>\n\n\n<li><strong>Causes inflammatoires et cicatricielles :<\/strong> sur la nuque, avant tout l&rsquo; <strong>acn\u00e9 ch\u00e9lo\u00efdienne de la nuque<\/strong> (StatPearls),<sup>[9]<\/sup> \u00e0 quoi s&rsquo;ajoutent la folliculite d\u00e9calvante, une simple <a href=\"\/fr\/greffe-de-cheveux-blog\/inflammation-racine-cheveu-folliculite\/\">inflammation des racines des cheveux<\/a> et la teigne du cuir chevelu (tinea capitis) chez l&rsquo;enfant.<\/li>\n\n\n<li><strong>Trichotillomanie :<\/strong> arrachage m\u00e9canique, avec des longueurs de cheveux in\u00e9gales dans la zone touch\u00e9e.<\/li>\n\n\n<li><strong>Formes diffuses :<\/strong> un effluvium t\u00e9log\u00e8ne apr\u00e8s une infection, une op\u00e9ration, un r\u00e9gime, une carence en fer ou un trouble thyro\u00efdien touche tout le cr\u00e2ne, mais se remarque d&rsquo;abord au niveau de l&rsquo;\u00e9pi (<a href=\"\/fr\/greffe-de-cheveux-blog\/alopecie-causes-solutions\/\">vue d&rsquo;ensemble de toutes les causes<\/a>).<\/li>\n\n<\/ul>\n\n\n\n<p class=\"wp-block-paragraph\">Rougeur, desquamation, pustules, d\u00e9mangeaisons ou douleur sont les signaux d&rsquo;alarme de toutes les formes inflammatoires, car, une fois la cicatrisation install\u00e9e, le follicule est perdu, et les alop\u00e9cies cicatricielles actives constituent une contre-indication claire \u00e0 une greffe de cheveux.<sup>[9]<\/sup> Ce qui aide contre quelle forme et le temps que cela demande est r\u00e9sum\u00e9 dans le tableau <a href=\"#behandlungstabelle\">Cause, traitement et d\u00e9lais<\/a>.<\/p>\n\n\n<div class=\"wp-block-image\">\n<figure class=\"aligncenter size-large is-resized\" style=\"max-width:720px;margin-left:auto;margin-right:auto\"><img decoding=\"async\" src=\"https:\/\/elithair.com\/fr\/wp-content\/uploads\/sites\/9\/2026\/08\/nacken_haaransatz.png\" alt=\"Gros plan sur la ligne inf\u00e9rieure d'implantation dans la nuque, \u00e0 la lumi\u00e8re du jour\" class=\"wp-image-101762\" style=\"width:720px;max-width:100%;height:auto\"\/><\/figure>\n<\/div>\n\n\n<h3 class=\"wp-block-heading\">Une chute h\u00e9r\u00e9ditaire sur la nuque ? Pourquoi c&rsquo;est improbable<\/h3>\n\n\n\n<p class=\"wp-block-paragraph\">La chute h\u00e9r\u00e9ditaire sur la nuque est atypique, car la zone occipitale est r\u00e9sistante \u00e0 la dihydrotestost\u00e9rone et fait donc office de \u00ab zone s\u00fbre \u00bb en greffe de cheveux.<sup>[4]<\/sup> Si les cheveux s&rsquo;y rar\u00e9fient malgr\u00e9 tout, trois situations sont \u00e0 envisager : une pelade de type ophiasique, une cause m\u00e9canique par traction ou frottement, ou une chute diffuse qui touche tout le cr\u00e2ne et se remarque simplement d&rsquo;abord sur la nuque.<\/p>\n\n\n\n<p class=\"wp-block-paragraph\">Concr\u00e8tement : une zone d\u00e9garnie sous l&rsquo;\u00e9pi n&rsquo;est pas un argument pour \u00ab je vais devenir chauve \u00bb, mais une raison de consulter un dermatologue. Cela change aussi le traitement, car le minoxidil et le finast\u00e9ride s&rsquo;adressent \u00e0 la chute androg\u00e9n\u00e9tique et non \u00e0 ces formes-l\u00e0.<\/p>\n\n\n\n<h3 class=\"wp-block-heading\">Sympt\u00f4mes de la chute de cheveux \u00e0 l&rsquo;arri\u00e8re de la t\u00eate<\/h3>\n\n\n\n<p class=\"wp-block-paragraph\">On consid\u00e8re comme physiologique une perte de 50 \u00e0 100 cheveux par jour ; certains guides grand public citent souvent la fourchette de 70 \u00e0 100 (American Academy of Dermatology, NHS).<sup>[10][1]<\/sup> Il n&rsquo;existe pas de seuil net. Ce qui doit alerter, c&rsquo;est une augmentation durable et nette sur plusieurs semaines. <strong>La chute de cheveux \u00e0 l&rsquo;arri\u00e8re de la t\u00eate<\/strong> s&rsquo;installe le plus souvent de fa\u00e7on insidieuse : la chevelure para\u00eet globalement plus fine, le cuir chevelu transpara\u00eet de plus en plus et devient plus difficile \u00e0 camoufler.<\/p>\n\n\n\n<p class=\"wp-block-paragraph\">Le v\u00e9ritable signe pr\u00e9coce n&rsquo;est toutefois pas un comptage, mais la <strong>miniaturisation<\/strong>, c&rsquo;est-\u00e0-dire des cheveux courts et fins entre les cheveux \u00e9pais, ce que l&rsquo;on appelle l&rsquo;anisotrichose. \u00c0 partir d&rsquo;une variabilit\u00e9 de diam\u00e8tre de 20 % chez l&rsquo;homme et de 10 % chez la femme, elle constitue un crit\u00e8re diagnostique de l&rsquo;alop\u00e9cie androg\u00e9n\u00e9tique.<sup>[5]<\/sup> Ce sont pr\u00e9cis\u00e9ment ces cheveux qui se coiffent difficilement et se dressent de fa\u00e7on irr\u00e9guli\u00e8re.<\/p>\n\n\n<div class=\"wp-block-image\">\n<figure class=\"aligncenter size-large is-resized\" style=\"max-width:560px;margin-left:auto;margin-right:auto\"><img decoding=\"async\" src=\"https:\/\/elithair.com\/fr\/wp-content\/uploads\/sites\/9\/2026\/08\/miniaturisierung_follikel.png\" alt=\"Coupe transversale du cuir chevelu avec quatre follicules pileux, du plus \u00e9pais au plus fortement miniaturis\u00e9\" class=\"wp-image-101763\" style=\"width:560px;max-width:100%;height:auto\"\/><\/figure>\n<\/div>\n\n\n<p class=\"wp-block-paragraph\">Si la cause n&rsquo;est pas trait\u00e9e, la petite zone clairsem\u00e9e \u00e0 l&rsquo;arri\u00e8re de la t\u00eate peut s&rsquo;agrandir progressivement. \u00c0 un stade avanc\u00e9 appara\u00eet une zone d\u00e9garnie nettement visible, tandis qu&rsquo;il ne subsiste souvent qu&rsquo;une couronne de cheveux au niveau de la nuque et des oreilles.<\/p>\n\n\n\n<p class=\"wp-block-paragraph\">Cette \u00e9volution est typique de la perte de cheveux h\u00e9r\u00e9ditaire et peut ensuite s&rsquo;\u00e9tendre \u00e0 tout le sommet du cr\u00e2ne. Un bilan pr\u00e9coce est donc important pour rep\u00e9rer t\u00f4t la perte de cheveux et la traiter de fa\u00e7on cibl\u00e9e.<\/p>\n\n\n\n<figure class=\"wp-block-image size-full\"><img decoding=\"async\" src=\"https:\/\/elithair.com\/fr\/wp-content\/uploads\/sites\/9\/2026\/08\/bestand_95874.png\" alt=\"Jeune patient \u00e0 la clinique capillaire Elithair du Dr Balwi\" class=\"wp-image-101772\"\/><\/figure>\n\n\n\n<h2 class=\"wp-block-heading\">O\u00f9 en \u00eates-vous ? Les stades de Norwood \u00e0 l&rsquo;arri\u00e8re de la t\u00eate<\/h2>\n\n\n\n<p class=\"wp-block-paragraph\">La chute de cheveux \u00e0 l&rsquo;arri\u00e8re de la t\u00eate se classe selon l&rsquo; <strong>\u00e9chelle de Hamilton-Norwood<\/strong> . Le type vertex commence par une zone ouverte au niveau de l&rsquo;\u00e9pi et s&rsquo;\u00e9tend jusqu&rsquo;\u00e0 ce que le vertex et la ligne frontale en recul se rejoignent en une calvitie. L&rsquo;\u00e9chelle comporte les stades 1 \u00e0 7 ; elle est reproductible et donc utilisable aussi pour le suivi.<sup>[2]<\/sup> La fr\u00e9quence de l&rsquo;atteinte du vertex d\u00e9pend fortement de l&rsquo;\u00e2ge : dans une cohorte australienne, 31 % des hommes de 40 \u00e0 55 ans et 53 % des 65 \u00e0 69 ans pr\u00e9sentaient un type vertex ou une calvitie compl\u00e8te.<sup>[2]<\/sup><\/p>\n\n\n\n<p class=\"wp-block-paragraph\">Pour vous, le stade compte pour une raison pratique : il d\u00e9termine si un traitement conservateur peut encore pr\u00e9server utilement du capital capillaire et si une greffe donnerait un r\u00e9sultat stable. L&rsquo;\u00e9chelle compl\u00e8te, avec tous les stades et des illustrations, figure dans notre article sur l&rsquo; <a href=\"\/fr\/greffe-de-cheveux-blog\/echelle-de-norwood-calvitie\/\">\u00e9chelle de Norwood-Hamilton<\/a>.<\/p>\n\n\n<div class=\"wp-block-image\">\n<figure class=\"aligncenter size-large is-resized\" style=\"max-width:560px;margin-left:auto;margin-right:auto\"><img decoding=\"async\" src=\"https:\/\/elithair.com\/fr\/wp-content\/uploads\/sites\/9\/2026\/08\/norwood_vertex_verlauf.png\" alt=\"Quatre sch\u00e9mas de l'arri\u00e8re du cr\u00e2ne montrant l'extension de la zone clairsem\u00e9e au niveau de l'\u00e9pi jusqu'\u00e0 la couronne r\u00e9siduelle\" class=\"wp-image-101764\" style=\"width:560px;max-width:100%;height:auto\"\/><\/figure>\n<\/div>\n\n\n<style>\n@media (max-width:640px){\n.rt-table-wrap{overflow-x:visible!important;border:0!important;border-radius:0!important}\n.rt-table{min-width:0!important}\n.rt-table thead{display:none}\n.rt-table,.rt-table tbody,.rt-table tr,.rt-table td{display:block;width:100%}\n.rt-table caption{display:block;padding:0 0 12px!important}\n.rt-table tr{margin:0 0 12px;border:1px solid #dbe4f0;border-radius:10px;overflow:hidden}\n.rt-table tr:last-child{margin-bottom:0}\n.rt-table td{display:flex!important;flex-direction:column;gap:3px;padding:12px 14px!important;\nborder:0!important;border-bottom:1px solid #e3e8ef!important;background:#ffffff!important}\n.rt-table tr td:last-child{border-bottom:0!important}\n.rt-table td::before{content:attr(data-label);font-size:12px;font-weight:700;letter-spacing:.04em;\ntext-transform:uppercase;color:#5799F1}\n.rt-table td:not([data-label])::before,.rt-table td[data-label=\"\"]::before{display:none}\n}\n<\/style>\n<div class=\"rt-table-wrap\" style=\"overflow-x:auto;-webkit-overflow-scrolling:touch;margin:28px 0;border:1px solid #dbe4f0;border-radius:12px\">\n  <table class=\"rt-table\" style=\"width:100%;min-width:660px;table-layout:fixed;border-collapse:separate;border-spacing:0;font-size:15px;margin:0\">\n    <caption style=\"caption-side:top;text-align:left;color:#003366;font-weight:700;font-size:16px;line-height:1.35;padding:14px 16px 10px;background:#ffffff\">Les stades de Norwood, pour ce qui concerne l&rsquo;arri\u00e8re de la t\u00eate<\/caption>\n    <thead>\n      <tr>\n        <th style=\"width:22%;background:#003366;color:#ffffff;font-weight:700;text-align:left;vertical-align:middle;padding:13px 16px;font-size:15px;line-height:1.4;border:0;overflow-wrap:break-word\">Stade<\/th>\n        <th style=\"background:#003366;color:#ffffff;font-weight:700;text-align:left;vertical-align:middle;padding:13px 16px;font-size:15px;line-height:1.4;border:0;overflow-wrap:break-word\">Ce qui est visible \u00e0 l&rsquo;arri\u00e8re de la t\u00eate<\/th>\n        <th style=\"background:#003366;color:#ffffff;font-weight:700;text-align:left;vertical-align:middle;padding:13px 16px;font-size:15px;line-height:1.4;border:0;overflow-wrap:break-word\">Ce qui est m\u00e9dicalement pertinent<\/th>\n        <th style=\"background:#003366;color:#ffffff;font-weight:700;text-align:left;vertical-align:middle;padding:13px 16px;font-size:15px;line-height:1.4;border:0;overflow-wrap:break-word\">Ce que cela signifie pour une greffe<\/th>\n      <\/tr>\n    <\/thead>\n    <tbody>\n      <tr>\n        <td data-label=\"Stade\" style=\"background:#ffffff;color:#003366;font-weight:700;text-align:left;vertical-align:top;padding:13px 16px;font-size:15px;line-height:1.55;border:0;border-bottom:1px solid #e3e8ef;overflow-wrap:break-word\">Norwood II \u00e0 III (type vertex)<\/td>\n        <td data-label=\"Ce qui est visible \u00e0 l'arri\u00e8re de la t\u00eate\" style=\"background:#ffffff;color:#22303e;font-weight:400;text-align:left;vertical-align:top;padding:13px 16px;font-size:15px;line-height:1.55;border:0;border-bottom:1px solid #e3e8ef;overflow-wrap:break-word\">Petite zone ouverte au niveau de l&rsquo;\u00e9pi, cuir chevelu visible sur cheveux mouill\u00e9s, cheveux fins intercal\u00e9s<\/td>\n        <td data-label=\"Ce qui est m\u00e9dicalement pertinent\" style=\"background:#ffffff;color:#22303e;font-weight:400;text-align:left;vertical-align:top;padding:13px 16px;font-size:15px;line-height:1.55;border:0;border-bottom:1px solid #e3e8ef;overflow-wrap:break-word\">Confirmer le diagnostic, documenter l&rsquo;\u00e9volution, envisager un traitement conservateur<\/td>\n        <td data-label=\"Ce que cela signifie pour une greffe\" style=\"background:#ffffff;color:#22303e;font-weight:400;text-align:left;vertical-align:top;padding:13px 16px;font-size:15px;line-height:1.55;border:0;border-bottom:1px solid #e3e8ef;overflow-wrap:break-word\">Le plus souvent trop t\u00f4t : stabiliser d&rsquo;abord et observer l&rsquo;\u00e9volution<\/td>\n      <\/tr>\n      <tr>\n        <td data-label=\"Stade\" style=\"background:#f6f9fc;color:#003366;font-weight:700;text-align:left;vertical-align:top;padding:13px 16px;font-size:15px;line-height:1.55;border:0;border-bottom:1px solid #e3e8ef;overflow-wrap:break-word\">Norwood IV<\/td>\n        <td data-label=\"Ce qui est visible \u00e0 l'arri\u00e8re de la t\u00eate\" style=\"background:#f6f9fc;color:#22303e;font-weight:400;text-align:left;vertical-align:top;padding:13px 16px;font-size:15px;line-height:1.55;border:0;border-bottom:1px solid #e3e8ef;overflow-wrap:break-word\">Tonsure nette au vertex, avec encore une bande de cheveux vers la r\u00e9gion frontale<\/td>\n        <td data-label=\"Ce qui est m\u00e9dicalement pertinent\" style=\"background:#f6f9fc;color:#22303e;font-weight:400;text-align:left;vertical-align:top;padding:13px 16px;font-size:15px;line-height:1.55;border:0;border-bottom:1px solid #e3e8ef;overflow-wrap:break-word\">Stabilisation conservatrice, \u00e9valuation m\u00e9dicale de la vitesse d&rsquo;\u00e9volution<\/td>\n        <td data-label=\"Ce que cela signifie pour une greffe\" style=\"background:#f6f9fc;color:#22303e;font-weight:400;text-align:left;vertical-align:top;padding:13px 16px;font-size:15px;line-height:1.55;border:0;border-bottom:1px solid #e3e8ef;overflow-wrap:break-word\">Envisageable si l&rsquo;\u00e9volution est stable depuis au moins un an ou stabilis\u00e9e par un traitement<\/td>\n      <\/tr>\n      <tr>\n        <td data-label=\"Stade\" style=\"background:#ffffff;color:#003366;font-weight:700;text-align:left;vertical-align:top;padding:13px 16px;font-size:15px;line-height:1.55;border:0;border-bottom:1px solid #e3e8ef;overflow-wrap:break-word\">Norwood V<\/td>\n        <td data-label=\"Ce qui est visible \u00e0 l'arri\u00e8re de la t\u00eate\" style=\"background:#ffffff;color:#22303e;font-weight:400;text-align:left;vertical-align:top;padding:13px 16px;font-size:15px;line-height:1.55;border:0;border-bottom:1px solid #e3e8ef;overflow-wrap:break-word\">La bande de cheveux entre le vertex et le front s&rsquo;amincit, vertex et sommet du cr\u00e2ne se rapprochent<\/td>\n        <td data-label=\"Ce qui est m\u00e9dicalement pertinent\" style=\"background:#ffffff;color:#22303e;font-weight:400;text-align:left;vertical-align:top;padding:13px 16px;font-size:15px;line-height:1.55;border:0;border-bottom:1px solid #e3e8ef;overflow-wrap:break-word\">Stabilisation et planification r\u00e9aliste des priorit\u00e9s<\/td>\n        <td data-label=\"Ce que cela signifie pour une greffe\" style=\"background:#ffffff;color:#22303e;font-weight:400;text-align:left;vertical-align:top;padding:13px 16px;font-size:15px;line-height:1.55;border:0;border-bottom:1px solid #e3e8ef;overflow-wrap:break-word\">Possible ; la zone donneuse devient alors le facteur limitant<\/td>\n      <\/tr>\n      <tr>\n        <td data-label=\"Stade\" style=\"background:#f6f9fc;color:#003366;font-weight:700;text-align:left;vertical-align:top;padding:13px 16px;font-size:15px;line-height:1.55;border:0;overflow-wrap:break-word\">Norwood VI et VII<\/td>\n        <td data-label=\"Ce qui est visible \u00e0 l'arri\u00e8re de la t\u00eate\" style=\"background:#f6f9fc;color:#22303e;font-weight:400;text-align:left;vertical-align:top;padding:13px 16px;font-size:15px;line-height:1.55;border:0;overflow-wrap:break-word\">Le vertex et la r\u00e9gion frontale sont reli\u00e9s, il ne reste que la couronne<\/td>\n        <td data-label=\"Ce qui est m\u00e9dicalement pertinent\" style=\"background:#f6f9fc;color:#22303e;font-weight:400;text-align:left;vertical-align:top;padding:13px 16px;font-size:15px;line-height:1.55;border:0;overflow-wrap:break-word\">\u00c9valuation m\u00e9dicale de la densit\u00e9 donneuse, clarification des attentes quant \u00e0 la surface<\/td>\n        <td data-label=\"Ce que cela signifie pour une greffe\" style=\"background:#f6f9fc;color:#22303e;font-weight:400;text-align:left;vertical-align:top;padding:13px 16px;font-size:15px;line-height:1.55;border:0;overflow-wrap:break-word\">La surface et la r\u00e9serve donneuse d\u00e9cident ; une densit\u00e9 pleine et homog\u00e8ne n&rsquo;est pas atteignable<\/td>\n      <\/tr>\n    <\/tbody>\n  <\/table>\n<\/div>\n\n\n\n<h2 class=\"wp-block-heading\">Chute de cheveux \u00e0 l&rsquo;arri\u00e8re de la t\u00eate chez la femme<\/h2>\n\n\n\n<p class=\"wp-block-paragraph\">Chez la femme, l&rsquo;arri\u00e8re de la t\u00eate n&rsquo;est le plus souvent pas touch\u00e9 par la chute h\u00e9r\u00e9ditaire : le sch\u00e9ma f\u00e9minin selon Ludwig I \u00e0 III \u00e9claircit la raie m\u00e9diane et le sommet du cr\u00e2ne, tandis que la ligne frontale et l&rsquo;arri\u00e8re de la t\u00eate restent pr\u00e9serv\u00e9s. Dans la synth\u00e8se \u00ab Female Pattern Hair Loss \u00bb, c&rsquo;est pr\u00e9cis\u00e9ment cette pr\u00e9servation de la ligne frontale qui constitue le signe cl\u00e9, et le diagnostic compare la densit\u00e9 de la raie centrale \u00e0 celle de la zone occipitale, car cette r\u00e9gion reste stable.<sup>[11]<\/sup> Selon le document de consensus espagnol de l&rsquo;AEDV, pr\u00e8s de 10 % des femmes sont concern\u00e9es.<sup>[3]<\/sup><\/p>\n\n\n\n<p class=\"wp-block-paragraph\">Une zone d\u00e9garnie limit\u00e9e \u00e0 l&rsquo;arri\u00e8re de la t\u00eate est donc, chez une femme, un signal diff\u00e9rent de celui observ\u00e9 chez l&rsquo;homme. Par ordre de probabilit\u00e9 : pelade, traction due \u00e0 une queue-de-cheval, un chignon ou des extensions, friction aux points d&rsquo;appui, effluvium t\u00e9log\u00e8ne diffus apr\u00e8s un accouchement, \u00e0 l&rsquo;arr\u00eat de la pilule, en cas de carence en fer ou de trouble thyro\u00efdien, ainsi que les formes inflammatoires et cicatricielles. Pour en savoir plus sur la forme f\u00e9minine, consultez l&rsquo;article sur la chute de cheveux chez la femme et celui sur la <a href=\"\/fr\/greffe-de-cheveux-blog\/chute-de-cheveux-diffuse\/\">chute de cheveux diffuse<\/a>.<\/p>\n\n\n\n<p class=\"wp-block-paragraph\">Ne tardez pas si la zone est ronde et nettement d\u00e9limit\u00e9e, si le cuir chevelu rougit, desquame, d\u00e9mange ou fait mal, s&rsquo;il para\u00eet lisse et brillant sans orifices pilaires visibles, si la chute d\u00e9bute brutalement en quelques semaines, ou si s&rsquo;y ajoutent des troubles du cycle, de l&rsquo;acn\u00e9, une pilosit\u00e9 corporelle accrue ou une fatigue. Une greffe de cheveux n&rsquo;entre en ligne de compte chez la femme que si la cause est stable et clairement circonscrite et si la zone donneuse est suffisante ; en cas de chute diffuse, elle n&rsquo;est pas indiqu\u00e9e.<\/p>\n\n\n<div class=\"wp-block-image\">\n<figure class=\"aligncenter size-large is-resized\" style=\"max-width:560px;margin-left:auto;margin-right:auto\"><img decoding=\"async\" src=\"https:\/\/elithair.com\/fr\/wp-content\/uploads\/sites\/9\/2026\/08\/frauen_muster_hinterkopf.png\" alt=\"Trois sch\u00e9mas de t\u00eates f\u00e9minines : raie m\u00e9diane \u00e9largie, plaque ronde \u00e0 l'arri\u00e8re de la t\u00eate et rar\u00e9faction le long de la ligne de traction\" class=\"wp-image-101765\" style=\"width:560px;max-width:100%;height:auto\"\/><\/figure>\n<\/div>\n\n\n<style>\n@media (max-width:640px){\n.rt-table-wrap{overflow-x:visible!important;border:0!important;border-radius:0!important}\n.rt-table{min-width:0!important}\n.rt-table thead{display:none}\n.rt-table,.rt-table tbody,.rt-table tr,.rt-table td{display:block;width:100%}\n.rt-table caption{display:block;padding:0 0 12px!important}\n.rt-table tr{margin:0 0 12px;border:1px solid #dbe4f0;border-radius:10px;overflow:hidden}\n.rt-table tr:last-child{margin-bottom:0}\n.rt-table td{display:flex!important;flex-direction:column;gap:3px;padding:12px 14px!important;\nborder:0!important;border-bottom:1px solid #e3e8ef!important;background:#ffffff!important}\n.rt-table tr td:last-child{border-bottom:0!important}\n.rt-table td::before{content:attr(data-label);font-size:12px;font-weight:700;letter-spacing:.04em;\ntext-transform:uppercase;color:#5799F1}\n.rt-table td:not([data-label])::before,.rt-table td[data-label=\"\"]::before{display:none}\n}\n<\/style>\n<div class=\"rt-table-wrap\" style=\"overflow-x:auto;-webkit-overflow-scrolling:touch;margin:28px 0;border:1px solid #dbe4f0;border-radius:12px\">\n  <table class=\"rt-table\" style=\"width:100%;min-width:660px;table-layout:fixed;border-collapse:separate;border-spacing:0;font-size:15px;margin:0\">\n    <caption style=\"caption-side:top;text-align:left;color:#003366;font-weight:700;font-size:16px;line-height:1.35;padding:14px 16px 10px;background:#ffffff\">Chute de cheveux \u00e0 l&rsquo;arri\u00e8re de la t\u00eate chez la femme : identifier le sch\u00e9ma<\/caption>\n    <thead>\n      <tr>\n        <th style=\"width:22%;background:#003366;color:#ffffff;font-weight:700;text-align:left;vertical-align:middle;padding:13px 16px;font-size:15px;line-height:1.4;border:0;overflow-wrap:break-word\">Sch\u00e9ma<\/th>\n        <th style=\"background:#003366;color:#ffffff;font-weight:700;text-align:left;vertical-align:middle;padding:13px 16px;font-size:15px;line-height:1.4;border:0;overflow-wrap:break-word\">Localisation typique<\/th>\n        <th style=\"background:#003366;color:#ffffff;font-weight:700;text-align:left;vertical-align:middle;padding:13px 16px;font-size:15px;line-height:1.4;border:0;overflow-wrap:break-word\">Ce qui peut se cacher derri\u00e8re<\/th>\n        <th style=\"background:#003366;color:#ffffff;font-weight:700;text-align:left;vertical-align:middle;padding:13px 16px;font-size:15px;line-height:1.4;border:0;overflow-wrap:break-word\">Urgence<\/th>\n      <\/tr>\n    <\/thead>\n    <tbody>\n      <tr>\n        <td data-label=\"Sch\u00e9ma\" style=\"background:#ffffff;color:#003366;font-weight:700;text-align:left;vertical-align:top;padding:13px 16px;font-size:15px;line-height:1.55;border:0;border-bottom:1px solid #e3e8ef;overflow-wrap:break-word\">La raie m\u00e9diane s&rsquo;\u00e9largit<\/td>\n        <td data-label=\"Localisation typique\" style=\"background:#ffffff;color:#22303e;font-weight:400;text-align:left;vertical-align:top;padding:13px 16px;font-size:15px;line-height:1.55;border:0;border-bottom:1px solid #e3e8ef;overflow-wrap:break-word\">Sommet du cr\u00e2ne et raie ; arri\u00e8re de la t\u00eate et ligne frontale pr\u00e9serv\u00e9s<\/td>\n        <td data-label=\"Ce qui peut se cacher derri\u00e8re\" style=\"background:#ffffff;color:#22303e;font-weight:400;text-align:left;vertical-align:top;padding:13px 16px;font-size:15px;line-height:1.55;border:0;border-bottom:1px solid #e3e8ef;overflow-wrap:break-word\">Alop\u00e9cie f\u00e9minine de sch\u00e9ma Ludwig (I \u00e0 III)<\/td>\n        <td data-label=\"Urgence\" style=\"background:#ffffff;color:#22303e;font-weight:400;text-align:left;vertical-align:top;padding:13px 16px;font-size:15px;line-height:1.55;border:0;border-bottom:1px solid #e3e8ef;overflow-wrap:break-word\">Bilan planifiable, documenter l&rsquo;\u00e9volution sur plusieurs mois<\/td>\n      <\/tr>\n      <tr>\n        <td data-label=\"Sch\u00e9ma\" style=\"background:#f6f9fc;color:#003366;font-weight:700;text-align:left;vertical-align:top;padding:13px 16px;font-size:15px;line-height:1.55;border:0;border-bottom:1px solid #e3e8ef;overflow-wrap:break-word\">Plaque ronde, nettement d\u00e9limit\u00e9e<\/td>\n        <td data-label=\"Localisation typique\" style=\"background:#f6f9fc;color:#22303e;font-weight:400;text-align:left;vertical-align:top;padding:13px 16px;font-size:15px;line-height:1.55;border:0;border-bottom:1px solid #e3e8ef;overflow-wrap:break-word\">N&rsquo;importe o\u00f9 \u00e0 l&rsquo;arri\u00e8re de la t\u00eate, aussi en bande sur la nuque<\/td>\n        <td data-label=\"Ce qui peut se cacher derri\u00e8re\" style=\"background:#f6f9fc;color:#22303e;font-weight:400;text-align:left;vertical-align:top;padding:13px 16px;font-size:15px;line-height:1.55;border:0;border-bottom:1px solid #e3e8ef;overflow-wrap:break-word\">Pelade ; sur la nuque, le type ophiasique<\/td>\n        <td data-label=\"Urgence\" style=\"background:#f6f9fc;color:#22303e;font-weight:400;text-align:left;vertical-align:top;padding:13px 16px;font-size:15px;line-height:1.55;border:0;border-bottom:1px solid #e3e8ef;overflow-wrap:break-word\">Bilan dermatologique rapide<\/td>\n      <\/tr>\n      <tr>\n        <td data-label=\"Sch\u00e9ma\" style=\"background:#ffffff;color:#003366;font-weight:700;text-align:left;vertical-align:top;padding:13px 16px;font-size:15px;line-height:1.55;border:0;border-bottom:1px solid #e3e8ef;overflow-wrap:break-word\">Rar\u00e9faction le long de la ligne de traction<\/td>\n        <td data-label=\"Localisation typique\" style=\"background:#ffffff;color:#22303e;font-weight:400;text-align:left;vertical-align:top;padding:13px 16px;font-size:15px;line-height:1.55;border:0;border-bottom:1px solid #e3e8ef;overflow-wrap:break-word\">\u00c0 la base de la queue-de-cheval, du chignon ou des extensions, souvent sym\u00e9trique<\/td>\n        <td data-label=\"Ce qui peut se cacher derri\u00e8re\" style=\"background:#ffffff;color:#22303e;font-weight:400;text-align:left;vertical-align:top;padding:13px 16px;font-size:15px;line-height:1.55;border:0;border-bottom:1px solid #e3e8ef;overflow-wrap:break-word\">Alop\u00e9cie de traction, r\u00e9versible au d\u00e9but, cicatricielle au stade tardif<\/td>\n        <td data-label=\"Urgence\" style=\"background:#ffffff;color:#22303e;font-weight:400;text-align:left;vertical-align:top;padding:13px 16px;font-size:15px;line-height:1.55;border:0;border-bottom:1px solid #e3e8ef;overflow-wrap:break-word\">Cesser imm\u00e9diatement la traction, faire contr\u00f4ler par un m\u00e9decin<\/td>\n      <\/tr>\n      <tr>\n        <td data-label=\"Sch\u00e9ma\" style=\"background:#f6f9fc;color:#003366;font-weight:700;text-align:left;vertical-align:top;padding:13px 16px;font-size:15px;line-height:1.55;border:0;border-bottom:1px solid #e3e8ef;overflow-wrap:break-word\">Moins de cheveux partout, de fa\u00e7on homog\u00e8ne<\/td>\n        <td data-label=\"Localisation typique\" style=\"background:#f6f9fc;color:#22303e;font-weight:400;text-align:left;vertical-align:top;padding:13px 16px;font-size:15px;line-height:1.55;border:0;border-bottom:1px solid #e3e8ef;overflow-wrap:break-word\">Tout le cr\u00e2ne, d&rsquo;abord visible \u00e0 l&rsquo;\u00e9pi et sur la raie<\/td>\n        <td data-label=\"Ce qui peut se cacher derri\u00e8re\" style=\"background:#f6f9fc;color:#22303e;font-weight:400;text-align:left;vertical-align:top;padding:13px 16px;font-size:15px;line-height:1.55;border:0;border-bottom:1px solid #e3e8ef;overflow-wrap:break-word\">Effluvium t\u00e9log\u00e8ne apr\u00e8s un accouchement, un r\u00e9gime, une infection, en cas de carence en fer ou de trouble thyro\u00efdien<\/td>\n        <td data-label=\"Urgence\" style=\"background:#f6f9fc;color:#22303e;font-weight:400;text-align:left;vertical-align:top;padding:13px 16px;font-size:15px;line-height:1.55;border:0;border-bottom:1px solid #e3e8ef;overflow-wrap:break-word\">Faire un bilan sanguin, observer l&rsquo;\u00e9volution 3 \u00e0 6 mois<\/td>\n      <\/tr>\n      <tr>\n        <td data-label=\"Sch\u00e9ma\" style=\"background:#ffffff;color:#003366;font-weight:700;text-align:left;vertical-align:top;padding:13px 16px;font-size:15px;line-height:1.55;border:0;overflow-wrap:break-word\">Rougeur, desquamation, pustules ou peau lisse et brillante<\/td>\n        <td data-label=\"Localisation typique\" style=\"background:#ffffff;color:#22303e;font-weight:400;text-align:left;vertical-align:top;padding:13px 16px;font-size:15px;line-height:1.55;border:0;overflow-wrap:break-word\">Toutes zones, souvent au centre du sommet du cr\u00e2ne ou sur la nuque<\/td>\n        <td data-label=\"Ce qui peut se cacher derri\u00e8re\" style=\"background:#ffffff;color:#22303e;font-weight:400;text-align:left;vertical-align:top;padding:13px 16px;font-size:15px;line-height:1.55;border:0;overflow-wrap:break-word\">Alop\u00e9cie inflammatoire ou cicatricielle<\/td>\n        <td data-label=\"Urgence\" style=\"background:#ffffff;color:#22303e;font-weight:400;text-align:left;vertical-align:top;padding:13px 16px;font-size:15px;line-height:1.55;border:0;overflow-wrap:break-word\">Ne pas attendre, les follicules sont menac\u00e9s \u00e0 court terme<\/td>\n      <\/tr>\n    <\/tbody>\n  <\/table>\n<\/div>\n\n\n\n<h2 class=\"wp-block-heading\" id=\"auswirkungen\">Quelles cons\u00e9quences la calvitie \u00e0 l&rsquo;arri\u00e8re de la t\u00eate peut-elle avoir ?<\/h2>\n\n\n\n<p class=\"wp-block-paragraph\"><strong>La chute de cheveux \u00e0 l&rsquo;arri\u00e8re de la t\u00eate p\u00e8se de fa\u00e7on mesurable sur de nombreuses personnes, mais, selon les donn\u00e9es disponibles, elle ne d\u00e9clenche pas de d\u00e9pression clinique.<\/strong> L&rsquo;arri\u00e8re de la t\u00eate a ceci de particulier qu&rsquo;on ne le voit jamais soi-m\u00eame, alors que les autres le voient en permanence. C&rsquo;est pr\u00e9cis\u00e9ment de l\u00e0 que na\u00eet le sentiment d&rsquo;avoir perdu le contr\u00f4le de sa propre apparence.<\/p>\n\n\n\n<p class=\"wp-block-paragraph\">Ce que beaucoup ressentent au quotidien se traduit aussi en chiffres. Une m\u00e9ta-analyse publi\u00e9e dans JAMA Dermatology, portant sur 41 \u00e9tudes et 7 995 patients, a mis en \u00e9vidence, en cas d&rsquo;alop\u00e9cie androg\u00e9n\u00e9tique, une alt\u00e9ration significative de la qualit\u00e9 de vie et une dimension \u00e9motionnelle mod\u00e9r\u00e9ment affect\u00e9e (DLQI 8,16 ; Hair-Specific-Skindex-29 : 29,22 points).<sup>[12]<\/sup> En revanche, cette m\u00eame analyse n&rsquo;a pas trouv\u00e9 d&rsquo;association significative avec une d\u00e9pression clinique.<\/p>\n\n\n\n<p class=\"wp-block-paragraph\">C&rsquo;est le message le plus important derri\u00e8re ces chiffres : la charge est r\u00e9elle et il ne faut pas la minimiser, mais elle n&rsquo;est pas pour autant un diagnostic. Les hommes jeunes en particulier vivent ce changement comme une rupture, se sentent plus \u00e2g\u00e9s qu&rsquo;ils ne le sont ou \u00e9vitent les photos et les situations de groupe. Dans les rares \u00e9tudes disponibles \u00e0 ce sujet, les femmes rapportaient une estime de soi plus basse que les hommes.<sup>[12]<\/sup><\/p>\n\n\n\n<p class=\"wp-block-paragraph\">L&rsquo;intensit\u00e9 du v\u00e9cu varie fortement d&rsquo;une personne \u00e0 l&rsquo;autre. Une chose est claire : pour beaucoup, la chute de cheveux est plus qu&rsquo;une question esth\u00e9tique. S&rsquo;int\u00e9resser t\u00f4t aux causes et aux options de traitement aide \u00e0 y voir clair et \u00e0 retrouver de l&rsquo;assurance face \u00e0 sa propre apparence.<\/p>\n\n\n\n<h2 class=\"wp-block-heading\" id=\"diagnose\">Diagnostic et options de traitement<\/h2>\n\n\n\n<p class=\"wp-block-paragraph\"><strong>Le diagnostic de la chute de cheveux \u00e0 l&rsquo;arri\u00e8re de la t\u00eate repose sur la trichoscopie, le test de traction, les analyses sanguines et, exceptionnellement, une biopsie ; le traitement d\u00e9pend ensuite de la cause identifi\u00e9e.<\/strong> Un traitement cibl\u00e9 n&rsquo;est possible qu&rsquo;une fois cette cause connue. C&rsquo;est ainsi que l&rsquo;on rep\u00e8re les facteurs r\u00e9versibles et que l&rsquo;on peut, le cas \u00e9ch\u00e9ant, ralentir une perte de cheveux \u00e9volutive.<\/p>\n\n\n\n<p class=\"wp-block-paragraph\">La chute de cheveux h\u00e9r\u00e9ditaire fait exception. Dans cette forme, la perte ne peut pas \u00eatre totalement stopp\u00e9e m\u00e9dicalement, mais seulement limit\u00e9e ou ralentie. D&rsquo;o\u00f9 l&rsquo;importance d&rsquo;une \u00e9valuation r\u00e9aliste des traitements possibles.<\/p>\n\n\n\n<p class=\"wp-block-paragraph\">Un dermatologue est <a href=\"\/fr\/greffe-de-cheveux-blog\/specialiste-cheveux\/\">l&rsquo;interlocuteur adapt\u00e9 pour le diagnostic<\/a>. L&rsquo;examen du cuir chevelu et des racines, ainsi que d&rsquo;\u00e9ventuelles analyses sanguines, permettent d&rsquo;identifier des causes hormonales, m\u00e9taboliques ou autres. Sur cette base, il est possible d&rsquo;\u00e9valuer quelles options de traitement sont pertinentes dans chaque cas.<\/p>\n\n\n\n<h3 class=\"wp-block-heading\">Ce qui se passe r\u00e9ellement chez le m\u00e9decin<\/h3>\n\n\n\n<p class=\"wp-block-paragraph\">Le bilan d&rsquo;une chute de cheveux \u00e0 l&rsquo;arri\u00e8re de la t\u00eate comprend quatre \u00e9tapes, chacune r\u00e9pondant \u00e0 une question pr\u00e9cise. La <strong>trichoscopie<\/strong>, c&rsquo;est-\u00e0-dire la microscopie en lumi\u00e8re r\u00e9fl\u00e9chie du cuir chevelu, en est la pi\u00e8ce ma\u00eetresse : elle met en \u00e9vidence l&rsquo;anisotrichose de la chute androg\u00e9n\u00e9tique (seuil de 20 % chez l&rsquo;homme, 10 % chez la femme), les cheveux en point d&rsquo;exclamation de la pelade et la disparition des orifices folliculaires, signe d&rsquo;une alop\u00e9cie cicatricielle.<sup>[5][6]<\/sup><\/p>\n\n\n\n<ul class=\"wp-block-list\">\n<li><strong>Trichoscopie :<\/strong> y a-t-il une miniaturisation, les orifices pilaires sont-ils pr\u00e9serv\u00e9s, existe-t-il des signes d&rsquo;inflammation ? Cela permet de distinguer les formes androg\u00e9n\u00e9tique, en plaques et cicatricielle.<\/li>\n\n\n<li><strong>Test de traction (pull-test) et trichogramme :<\/strong> quelle est l&rsquo;activit\u00e9 actuelle de la chute et dans quelle phase du cycle se trouvent les cheveux ? Cela distingue une chute diffuse aigu\u00eb d&rsquo;une alop\u00e9cie de sch\u00e9ma lentement \u00e9volutive.<\/li>\n\n\n<li><strong>Analyses sanguines :<\/strong> ferritine, TSH, vitamine D et zinc, chez la femme \u00e9galement le bilan androg\u00e9nique. Cela permet d&rsquo;identifier des cofacteurs r\u00e9versibles, qu&rsquo;une <a href=\"\/fr\/greffe-de-cheveux-blog\/alopecie-causes-solutions\/\">vue d&rsquo;ensemble des causes de la chute de cheveux<\/a> d\u00e9crit en d\u00e9tail.<\/li>\n\n\n<li><strong>Biopsie :<\/strong> uniquement en cas de suspicion d&rsquo;alop\u00e9cie cicatricielle, lorsque les orifices pilaires manquent ou que la peau para\u00eet lisse et brillante.<\/li>\n\n<\/ul>\n\n\n<div class=\"wp-block-image\">\n<figure class=\"aligncenter size-large is-resized\" style=\"max-width:720px;margin-left:auto;margin-right:auto\"><img decoding=\"async\" src=\"https:\/\/elithair.com\/fr\/wp-content\/uploads\/sites\/9\/2026\/08\/trichoskopie_untersuchung-1.png\" alt=\"Une m\u00e9decin examine la zone de l'\u00e9pi d'un patient avec un dermatoscope\" class=\"wp-image-101766\" style=\"width:720px;max-width:100%;height:auto\"\/><\/figure>\n<\/div>\n\n\n<div style=\"background:#f7f9fc;border-left:5px solid #0079F1;border-radius:10px;padding:20px 22px;margin:8px 0 28px\">\n<p style=\"margin:0 0 12px;color:#013366;font-weight:700;font-size:17px\">Ne pas attendre si\u2026<\/p>\n<ul style=\"margin:0;padding-left:20px;color:#2e3033;font-size:15px;line-height:1.8\">\n<li>la zone est ronde et nettement d\u00e9limit\u00e9e, avec une peau lisse<\/li>\n<li>le cuir chevelu rougit, desquame, suinte, pr\u00e9sente des pustules ou fait mal<\/li>\n<li>la peau para\u00eet lisse et brillante, sans orifices pilaires visibles (signe de cicatrisation)<\/li>\n<li>la chute a d\u00e9but\u00e9 brutalement en quelques semaines<\/li>\n<li>des plaques apparaissent chez un enfant<\/li>\n<li>s&rsquo;y ajoutent des sympt\u00f4mes g\u00e9n\u00e9raux, par exemple fatigue, variation de poids ou troubles du cycle<\/li>\n<\/ul>\n<p style=\"margin:12px 0 0;color:#2e3033;font-size:14.5px\">La raison de cette urgence : dans les formes inflammatoires et cicatricielles, c&rsquo;est le temps qui d\u00e9cide de la survie du follicule. En cas d&rsquo;\u00e9volution purement androg\u00e9n\u00e9tique, vous pouvez planifier tranquillement.<\/p>\n<\/div>\n\n\n\n<figure class=\"wp-block-image size-full\"><img decoding=\"async\" src=\"https:\/\/elithair.com\/fr\/wp-content\/uploads\/sites\/9\/2026\/08\/bestand_95875.png\" alt=\"Gamme de soins capillaires Elithair contre la chute de cheveux\" class=\"wp-image-101773\"\/><\/figure>\n\n\n\n<h3 class=\"wp-block-heading\">Pr\u00e9vention de la chute de cheveux \u00e0 l&rsquo;arri\u00e8re de la t\u00eate<\/h3>\n\n\n\n<p class=\"wp-block-paragraph\"><strong>On ne peut pr\u00e9venir la chute de cheveux \u00e0 l&rsquo;arri\u00e8re de la t\u00eate que l\u00e0 o\u00f9 une cause m\u00e9canique ou r\u00e9versible est en jeu ; aucune routine de soin n&#8217;emp\u00eache l&rsquo;\u00e9volution h\u00e9r\u00e9ditaire au vertex.<\/strong> Les mesures pr\u00e9ventives ont donc surtout du sens en cas d&rsquo;atteinte pr\u00e9coce ou l\u00e9g\u00e8re, et apr\u00e8s un bilan m\u00e9dical. Dans certains cas, une adaptation du mode de vie apporte d\u00e9j\u00e0 un soutien, par exemple une r\u00e9duction du stress ou une alimentation \u00e9quilibr\u00e9e.<\/p>\n\n\n\n<p class=\"wp-block-paragraph\">Des soins doux pour les cheveux et le cuir chevelu jouent \u00e9galement un r\u00f4le. Les shampooings doux, l&rsquo;eau ti\u00e8de et un usage mesur\u00e9 de la chaleur au s\u00e9chage ou au coiffage sollicitent moins le cuir chevelu. Au d\u00e9m\u00ealage aussi, il faut \u00e9viter toute traction inutile.<\/p>\n\n\n\n<p class=\"wp-block-paragraph\">Pour une croissance saine, l&rsquo;organisme a besoin de diff\u00e9rentes vitamines, de min\u00e9raux et d&rsquo;oligo-\u00e9l\u00e9ments comme le zinc, la biotine ou le magn\u00e9sium. Une alimentation \u00e9quilibr\u00e9e contribue \u00e0 nourrir les racines. Si les apports alimentaires ne suffisent pas, des compl\u00e9ments alimentaires peuvent apporter un soutien, mais uniquement de fa\u00e7on cibl\u00e9e et apr\u00e8s un avis professionnel.<\/p>\n\n\n\n<p class=\"wp-block-paragraph\">\u00c0 l&rsquo;arri\u00e8re de la t\u00eate s&rsquo;ajoute plus particuli\u00e8rement le <strong>soulagement m\u00e9canique<\/strong> , \u00e0 savoir : alterner les coiffures \u00e0 traction permanente, r\u00e9duire les frottements du casque et de l&rsquo;oreiller, pr\u00e9f\u00e9rer le satin ou la soie au coton en cas de frottement nocturne. Pour les formes d&rsquo;origine m\u00e9canique, cela agit sur la cause, car l&rsquo;alop\u00e9cie de traction est totalement r\u00e9versible au d\u00e9but.<sup>[8]<\/sup> Il faut rester honn\u00eate \u00e0 propos de la chute h\u00e9r\u00e9ditaire : rien ne prouve que les soins ou le mode de vie puissent l&#8217;emp\u00eacher.<\/p>\n\n\n\n<h3 class=\"wp-block-heading\">Option de traitement topique<\/h3>\n\n\n\n<p class=\"wp-block-paragraph\"><strong>Le traitement topique de r\u00e9f\u00e9rence contre la chute de cheveux \u00e0 l&rsquo;arri\u00e8re de la t\u00eate est le minoxidil, dont l&rsquo;effet est justement le mieux \u00e9tudi\u00e9 au niveau du vertex.<\/strong> D&rsquo;autres approches m\u00e9dicamenteuses existent, capables de ralentir la perte ou de stabiliser la chevelure existante. On utilise fr\u00e9quemment le <a href=\"\/fr\/greffe-de-cheveux-blog\/minoxidil-cheveux\/\">minoxidil<\/a> ou le finast\u00e9ride, qui peuvent avoir un effet densifiant dans certaines formes de chute de cheveux.<\/p>\n\n\n\n<p class=\"wp-block-paragraph\">Pour l&rsquo;\u00e9pi, les donn\u00e9es sont m\u00eame particuli\u00e8rement solides. Les \u00e9tudes d&rsquo;enregistrement du minoxidil topique ont d\u00e9limit\u00e9 leur zone cible au <strong>vertex<\/strong> et y ont compt\u00e9 le nombre de cheveux non duveteux : dans l&rsquo;\u00e9tude randomis\u00e9e d&rsquo;Olsen et al. (2002), le minoxidil \u00e0 5 % a entra\u00een\u00e9 apr\u00e8s 48 semaines une repousse sup\u00e9rieure d&rsquo;environ 45 % \u00e0 celle obtenue avec 2 %.<sup>[13]<\/sup> Les premiers cheveux terminaux apparaissent apr\u00e8s environ quatre mois, une \u00e9valuation fiable demande au moins 24 semaines, et une chute temporairement accrue est possible pendant les 2 \u00e0 8 premi\u00e8res semaines.<sup>[13][14][2]<\/sup><\/p>\n\n\n\n<p class=\"wp-block-paragraph\"><strong>Limite importante \u00e0 retenir ici :<\/strong> cet effet vaut pour l&rsquo;alop\u00e9cie androg\u00e9n\u00e9tique. Il ne vaut ni pour la pelade, ni pour l&rsquo;alop\u00e9cie de traction ou de pression, ni pour les formes inflammatoires ou cicatricielles. Appliquer du minoxidil sur une plaque de pelade dans la nuque fait perdre un temps qui, l\u00e0, compte vraiment.<\/p>\n\n\n<div class=\"wp-block-image\">\n<figure class=\"aligncenter size-large is-resized\" style=\"max-width:720px;margin-left:auto;margin-right:auto\"><img decoding=\"async\" src=\"https:\/\/elithair.com\/fr\/wp-content\/uploads\/sites\/9\/2026\/08\/minoxidil_anwendung_wirbel.png\" alt=\"Un homme applique une solution \u00e0 la pipette, de fa\u00e7on cibl\u00e9e, sur la zone de l'\u00e9pi \u00e0 l'arri\u00e8re de la t\u00eate\" class=\"wp-image-101767\" style=\"width:720px;max-width:100%;height:auto\"\/><\/figure>\n<\/div>\n\n\n<p class=\"wp-block-paragraph\">Une mise en perspective r\u00e9aliste s&rsquo;impose par ailleurs : ces traitements n&rsquo;agissent <strong>que tant qu&rsquo;ils sont utilis\u00e9s<\/strong>. \u00c0 l&rsquo;arr\u00eat du traitement, la perte de cheveux reprend en r\u00e8gle g\u00e9n\u00e9rale. Ils ne constituent donc pas une solution d\u00e9finitive. Chez la femme en \u00e2ge de procr\u00e9er, le finast\u00e9ride n&rsquo;est pas indiqu\u00e9.<sup>[3]<\/sup><\/p>\n\n\n\n<p class=\"wp-block-paragraph\">Les proc\u00e9d\u00e9s compl\u00e9mentaires, \u00e9valu\u00e9s sobrement : pour le <strong>PRP<\/strong> , une m\u00e9ta-analyse d&rsquo;\u00e9tudes randomis\u00e9es de 2023 montre une densit\u00e9 capillaire significativement plus \u00e9lev\u00e9e apr\u00e8s 3 et 6 mois par rapport au placebo, mais aucune diff\u00e9rence significative pour le nombre et le diam\u00e8tre des cheveux.<sup>[15]<\/sup> En association avec le minoxidil, la densit\u00e9 \u00e9tait meilleure qu&rsquo;avec le minoxidil seul.<sup>[16]<\/sup> <strong>Le microneedling<\/strong> est \u00e0 consid\u00e9rer comme un proc\u00e9d\u00e9 compl\u00e9mentaire au niveau de preuve limit\u00e9, le mieux \u00e9tudi\u00e9 en association avec une luminoth\u00e9rapie ou un traitement m\u00e9dicamenteux.<sup>[14]<\/sup> La <strong>th\u00e9rapie laser de faible intensit\u00e9<\/strong> est pr\u00e9sent\u00e9e par les soci\u00e9t\u00e9s savantes comme une option dans la chute de cheveux androg\u00e9n\u00e9tique ; son niveau de preuve est plus faible que celui du minoxidil et du finast\u00e9ride.<sup>[17]<\/sup><\/p>\n\n\n\n<p class=\"wp-block-paragraph\">Le traitement pertinent d\u00e9pend de la cause et du stade. Un bilan m\u00e9dical pr\u00e9coce est donc d\u00e9terminant pour choisir une th\u00e9rapie adapt\u00e9e et \u00e9viter les erreurs de traitement. Des applications non cibl\u00e9es ou inappropri\u00e9es peuvent, dans certains cas, aggraver la perte de cheveux.<\/p>\n\n\n\n<h2 class=\"wp-block-heading\" id=\"behandlungstabelle\">Quel traitement pour quelle cause \u00e0 l&rsquo;arri\u00e8re de la t\u00eate ?<\/h2>\n\n\n\n<p class=\"wp-block-paragraph\">Le traitement de la chute de cheveux \u00e0 l&rsquo;arri\u00e8re de la t\u00eate d\u00e9pend de la cause et non de l&rsquo;endroit : les causes r\u00e9versibles sont corrig\u00e9es, la chute h\u00e9r\u00e9ditaire est frein\u00e9e, et les follicules perdus ne peuvent \u00eatre remplac\u00e9s que par une greffe. La quatri\u00e8me colonne du tableau est celle que la plupart des gens sous-estiment, car chaque effet suit le cycle capillaire et non le calendrier de la personne concern\u00e9e.<\/p>\n\n\n\n<style>\n@media (max-width:640px){\n.rt-table-wrap{overflow-x:visible!important;border:0!important;border-radius:0!important}\n.rt-table{min-width:0!important}\n.rt-table thead{display:none}\n.rt-table,.rt-table tbody,.rt-table tr,.rt-table td{display:block;width:100%}\n.rt-table caption{display:block;padding:0 0 12px!important}\n.rt-table tr{margin:0 0 12px;border:1px solid #dbe4f0;border-radius:10px;overflow:hidden}\n.rt-table tr:last-child{margin-bottom:0}\n.rt-table td{display:flex!important;flex-direction:column;gap:3px;padding:12px 14px!important;\nborder:0!important;border-bottom:1px solid #e3e8ef!important;background:#ffffff!important}\n.rt-table tr td:last-child{border-bottom:0!important}\n.rt-table td::before{content:attr(data-label);font-size:12px;font-weight:700;letter-spacing:.04em;\ntext-transform:uppercase;color:#5799F1}\n.rt-table td:not([data-label])::before,.rt-table td[data-label=\"\"]::before{display:none}\n}\n<\/style>\n<div class=\"rt-table-wrap\" style=\"overflow-x:auto;-webkit-overflow-scrolling:touch;margin:28px 0;border:1px solid #dbe4f0;border-radius:12px\">\n  <table class=\"rt-table\" style=\"width:100%;min-width:700px;table-layout:fixed;border-collapse:separate;border-spacing:0;font-size:15px;margin:0\">\n    <caption style=\"caption-side:top;text-align:left;color:#003366;font-weight:700;font-size:16px;line-height:1.35;padding:14px 16px 10px;background:#ffffff\">Cause, traitement et d\u00e9lais r\u00e9alistes \u00e0 l&rsquo;arri\u00e8re de la t\u00eate<\/caption>\n    <thead>\n      <tr>\n        <th style=\"width:20%;background:#003366;color:#ffffff;font-weight:700;text-align:left;vertical-align:middle;padding:13px 16px;font-size:15px;line-height:1.4;border:0;overflow-wrap:break-word\">Cause<\/th>\n        <th style=\"background:#003366;color:#ffffff;font-weight:700;text-align:left;vertical-align:middle;padding:13px 16px;font-size:15px;line-height:1.4;border:0;overflow-wrap:break-word\">Zone typique \u00e0 l&rsquo;arri\u00e8re de la t\u00eate<\/th>\n        <th style=\"background:#003366;color:#ffffff;font-weight:700;text-align:left;vertical-align:middle;padding:13px 16px;font-size:15px;line-height:1.4;border:0;overflow-wrap:break-word\">Ce que vise le traitement<\/th>\n        <th style=\"background:#003366;color:#ffffff;font-weight:700;text-align:left;vertical-align:middle;padding:13px 16px;font-size:15px;line-height:1.4;border:0;overflow-wrap:break-word\">Quand un r\u00e9sultat est visible<\/th>\n        <th style=\"background:#003366;color:#ffffff;font-weight:700;text-align:left;vertical-align:middle;padding:13px 16px;font-size:15px;line-height:1.4;border:0;overflow-wrap:break-word\">Attente r\u00e9aliste<\/th>\n      <\/tr>\n    <\/thead>\n    <tbody>\n      <tr>\n        <td data-label=\"Cause\" style=\"background:#ffffff;color:#003366;font-weight:700;text-align:left;vertical-align:top;padding:13px 16px;font-size:15px;line-height:1.55;border:0;border-bottom:1px solid #e3e8ef;overflow-wrap:break-word\">Alop\u00e9cie androg\u00e9n\u00e9tique (type vertex)<\/td>\n        <td data-label=\"Zone typique \u00e0 l'arri\u00e8re de la t\u00eate\" style=\"background:#ffffff;color:#22303e;font-weight:400;text-align:left;vertical-align:top;padding:13px 16px;font-size:15px;line-height:1.55;border:0;border-bottom:1px solid #e3e8ef;overflow-wrap:break-word\">\u00c9pi et haut de l&rsquo;arri\u00e8re du cr\u00e2ne<\/td>\n        <td data-label=\"Ce que vise le traitement\" style=\"background:#ffffff;color:#22303e;font-weight:400;text-align:left;vertical-align:top;padding:13px 16px;font-size:15px;line-height:1.55;border:0;border-bottom:1px solid #e3e8ef;overflow-wrap:break-word\">Minoxidil topique, finast\u00e9ride apr\u00e8s \u00e9valuation m\u00e9dicale, PRP en compl\u00e9ment ; greffe en cas d&rsquo;\u00e9volution stable<\/td>\n        <td data-label=\"Quand un r\u00e9sultat est visible\" style=\"background:#ffffff;color:#22303e;font-weight:400;text-align:left;vertical-align:top;padding:13px 16px;font-size:15px;line-height:1.55;border:0;border-bottom:1px solid #e3e8ef;overflow-wrap:break-word\">Premiers cheveux terminaux apr\u00e8s env. 4 mois, \u00e9valuation \u00e0 partir de 24 semaines, maximum vers la semaine 48<\/td>\n        <td data-label=\"Attente r\u00e9aliste\" style=\"background:#ffffff;color:#22303e;font-weight:400;text-align:left;vertical-align:top;padding:13px 16px;font-size:15px;line-height:1.55;border:0;border-bottom:1px solid #e3e8ef;overflow-wrap:break-word\">Stabilisation et densification, sans restitution de la densit\u00e9 de la jeunesse ; effet uniquement pendant l&rsquo;utilisation<\/td>\n      <\/tr>\n      <tr>\n        <td data-label=\"Cause\" style=\"background:#f6f9fc;color:#003366;font-weight:700;text-align:left;vertical-align:top;padding:13px 16px;font-size:15px;line-height:1.55;border:0;border-bottom:1px solid #e3e8ef;overflow-wrap:break-word\">Pelade (y compris le type ophiasique)<\/td>\n        <td data-label=\"Zone typique \u00e0 l'arri\u00e8re de la t\u00eate\" style=\"background:#f6f9fc;color:#22303e;font-weight:400;text-align:left;vertical-align:top;padding:13px 16px;font-size:15px;line-height:1.55;border:0;border-bottom:1px solid #e3e8ef;overflow-wrap:break-word\">Plaques circonscrites, en bande sur la nuque<\/td>\n        <td data-label=\"Ce que vise le traitement\" style=\"background:#f6f9fc;color:#22303e;font-weight:400;text-align:left;vertical-align:top;padding:13px 16px;font-size:15px;line-height:1.55;border:0;border-bottom:1px solid #e3e8ef;overflow-wrap:break-word\">Traitement dermatologique selon les recommandations en vigueur, pas d&rsquo;autom\u00e9dication<\/td>\n        <td data-label=\"Quand un r\u00e9sultat est visible\" style=\"background:#f6f9fc;color:#22303e;font-weight:400;text-align:left;vertical-align:top;padding:13px 16px;font-size:15px;line-height:1.55;border:0;border-bottom:1px solid #e3e8ef;overflow-wrap:break-word\">Apr\u00e8s le premier \u00e9pisode, environ 50 % des cas r\u00e9gressent spontan\u00e9ment en un an<\/td>\n        <td data-label=\"Attente r\u00e9aliste\" style=\"background:#f6f9fc;color:#22303e;font-weight:400;text-align:left;vertical-align:top;padding:13px 16px;font-size:15px;line-height:1.55;border:0;border-bottom:1px solid #e3e8ef;overflow-wrap:break-word\">\u00c9volution par pouss\u00e9es, r\u00e9cidives fr\u00e9quentes ; une greffe dans une plaque active est contre-indiqu\u00e9e<\/td>\n      <\/tr>\n      <tr>\n        <td data-label=\"Cause\" style=\"background:#ffffff;color:#003366;font-weight:700;text-align:left;vertical-align:top;padding:13px 16px;font-size:15px;line-height:1.55;border:0;border-bottom:1px solid #e3e8ef;overflow-wrap:break-word\">Alop\u00e9cie de traction<\/td>\n        <td data-label=\"Zone typique \u00e0 l'arri\u00e8re de la t\u00eate\" style=\"background:#ffffff;color:#22303e;font-weight:400;text-align:left;vertical-align:top;padding:13px 16px;font-size:15px;line-height:1.55;border:0;border-bottom:1px solid #e3e8ef;overflow-wrap:break-word\">Lignes de traction, base de la queue-de-cheval, du chignon, des extensions<\/td>\n        <td data-label=\"Ce que vise le traitement\" style=\"background:#ffffff;color:#22303e;font-weight:400;text-align:left;vertical-align:top;padding:13px 16px;font-size:15px;line-height:1.55;border:0;border-bottom:1px solid #e3e8ef;overflow-wrap:break-word\">Cesser la traction, changer de coiffure, contr\u00f4le m\u00e9dical<\/td>\n        <td data-label=\"Quand un r\u00e9sultat est visible\" style=\"background:#ffffff;color:#22303e;font-weight:400;text-align:left;vertical-align:top;padding:13px 16px;font-size:15px;line-height:1.55;border:0;border-bottom:1px solid #e3e8ef;overflow-wrap:break-word\">3 \u00e0 6 mois apr\u00e8s l&rsquo;arr\u00eat de la traction, s&rsquo;il n&rsquo;y a pas encore de cicatrisation<\/td>\n        <td data-label=\"Attente r\u00e9aliste\" style=\"background:#ffffff;color:#22303e;font-weight:400;text-align:left;vertical-align:top;padding:13px 16px;font-size:15px;line-height:1.55;border:0;border-bottom:1px solid #e3e8ef;overflow-wrap:break-word\">Totalement r\u00e9versible au d\u00e9but ; apr\u00e8s des ann\u00e9es de traction, cicatricielle et donc d\u00e9finitive<\/td>\n      <\/tr>\n      <tr>\n        <td data-label=\"Cause\" style=\"background:#f6f9fc;color:#003366;font-weight:700;text-align:left;vertical-align:top;padding:13px 16px;font-size:15px;line-height:1.55;border:0;border-bottom:1px solid #e3e8ef;overflow-wrap:break-word\">Alop\u00e9cie de friction ou de pression<\/td>\n        <td data-label=\"Zone typique \u00e0 l'arri\u00e8re de la t\u00eate\" style=\"background:#f6f9fc;color:#22303e;font-weight:400;text-align:left;vertical-align:top;padding:13px 16px;font-size:15px;line-height:1.55;border:0;border-bottom:1px solid #e3e8ef;overflow-wrap:break-word\">Points d&rsquo;appui : oreiller, appuie-t\u00eate, casque, col<\/td>\n        <td data-label=\"Ce que vise le traitement\" style=\"background:#f6f9fc;color:#22303e;font-weight:400;text-align:left;vertical-align:top;padding:13px 16px;font-size:15px;line-height:1.55;border:0;border-bottom:1px solid #e3e8ef;overflow-wrap:break-word\">Supprimer le facteur d\u00e9clenchant, r\u00e9duire les frottements<\/td>\n        <td data-label=\"Quand un r\u00e9sultat est visible\" style=\"background:#f6f9fc;color:#22303e;font-weight:400;text-align:left;vertical-align:top;padding:13px 16px;font-size:15px;line-height:1.55;border:0;border-bottom:1px solid #e3e8ef;overflow-wrap:break-word\">3 \u00e0 6 mois d&rsquo;observation apr\u00e8s suppression de la contrainte<\/td>\n        <td data-label=\"Attente r\u00e9aliste\" style=\"background:#f6f9fc;color:#22303e;font-weight:400;text-align:left;vertical-align:top;padding:13px 16px;font-size:15px;line-height:1.55;border:0;border-bottom:1px solid #e3e8ef;overflow-wrap:break-word\">Le plus souvent r\u00e9versible, tant qu&rsquo;aucune cicatrisation n&rsquo;est survenue<\/td>\n      <\/tr>\n      <tr>\n        <td data-label=\"Cause\" style=\"background:#ffffff;color:#003366;font-weight:700;text-align:left;vertical-align:top;padding:13px 16px;font-size:15px;line-height:1.55;border:0;border-bottom:1px solid #e3e8ef;overflow-wrap:break-word\">Alop\u00e9cie inflammatoire ou cicatricielle (dont l&rsquo;acn\u00e9 ch\u00e9lo\u00efdienne de la nuque)<\/td>\n        <td data-label=\"Zone typique \u00e0 l'arri\u00e8re de la t\u00eate\" style=\"background:#ffffff;color:#22303e;font-weight:400;text-align:left;vertical-align:top;padding:13px 16px;font-size:15px;line-height:1.55;border:0;border-bottom:1px solid #e3e8ef;overflow-wrap:break-word\">Ligne inf\u00e9rieure d&rsquo;implantation et nuque<\/td>\n        <td data-label=\"Ce que vise le traitement\" style=\"background:#ffffff;color:#22303e;font-weight:400;text-align:left;vertical-align:top;padding:13px 16px;font-size:15px;line-height:1.55;border:0;border-bottom:1px solid #e3e8ef;overflow-wrap:break-word\">Traitement dermatologique rapide de l&rsquo;inflammation<\/td>\n        <td data-label=\"Quand un r\u00e9sultat est visible\" style=\"background:#ffffff;color:#22303e;font-weight:400;text-align:left;vertical-align:top;padding:13px 16px;font-size:15px;line-height:1.55;border:0;border-bottom:1px solid #e3e8ef;overflow-wrap:break-word\">L&rsquo;objectif est d&rsquo;arr\u00eater l&rsquo;inflammation, pas la repousse ; bon pronostic si elle est trait\u00e9e t\u00f4t<\/td>\n        <td data-label=\"Attente r\u00e9aliste\" style=\"background:#ffffff;color:#22303e;font-weight:400;text-align:left;vertical-align:top;padding:13px 16px;font-size:15px;line-height:1.55;border:0;border-bottom:1px solid #e3e8ef;overflow-wrap:break-word\">Les zones cicatris\u00e9es ne repoussent pas ; les formes actives sont une contre-indication \u00e0 une greffe<\/td>\n      <\/tr>\n      <tr>\n        <td data-label=\"Cause\" style=\"background:#f6f9fc;color:#003366;font-weight:700;text-align:left;vertical-align:top;padding:13px 16px;font-size:15px;line-height:1.55;border:0;overflow-wrap:break-word\">Chute diffuse (effluvium t\u00e9log\u00e8ne, carences, thyro\u00efde)<\/td>\n        <td data-label=\"Zone typique \u00e0 l'arri\u00e8re de la t\u00eate\" style=\"background:#f6f9fc;color:#22303e;font-weight:400;text-align:left;vertical-align:top;padding:13px 16px;font-size:15px;line-height:1.55;border:0;overflow-wrap:break-word\">Tout le cr\u00e2ne, d&rsquo;abord visible \u00e0 l&rsquo;\u00e9pi<\/td>\n        <td data-label=\"Ce que vise le traitement\" style=\"background:#f6f9fc;color:#22303e;font-weight:400;text-align:left;vertical-align:top;padding:13px 16px;font-size:15px;line-height:1.55;border:0;overflow-wrap:break-word\">Traiter la cause : fer, thyro\u00efde, m\u00e9dication, facteur d\u00e9clenchant<\/td>\n        <td data-label=\"Quand un r\u00e9sultat est visible\" style=\"background:#f6f9fc;color:#22303e;font-weight:400;text-align:left;vertical-align:top;padding:13px 16px;font-size:15px;line-height:1.55;border:0;overflow-wrap:break-word\">Premiers nouveaux cheveux apr\u00e8s environ 3 \u00e0 6 mois, densit\u00e9 \u00e9valuable apr\u00e8s 9 \u00e0 12 mois<\/td>\n        <td data-label=\"Attente r\u00e9aliste\" style=\"background:#f6f9fc;color:#22303e;font-weight:400;text-align:left;vertical-align:top;padding:13px 16px;font-size:15px;line-height:1.55;border:0;overflow-wrap:break-word\">En r\u00e8gle g\u00e9n\u00e9rale r\u00e9versible ; une greffe n&rsquo;est pas indiqu\u00e9e ici<\/td>\n      <\/tr>\n    <\/tbody>\n  <\/table>\n<\/div>\n\n\n\n<p class=\"wp-block-paragraph\">Le cycle capillaire explique ces d\u00e9lais : la phase de croissance (anag\u00e8ne) dure 2 \u00e0 5 ans, la phase de repos (t\u00e9log\u00e8ne) environ 3 mois, et environ 15 % des follicules se trouvent normalement en phase t\u00e9log\u00e8ne. Un follicule qui entre aujourd&rsquo;hui en phase de repos ne produira un cheveu visible que des mois plus tard. Le tableau suivant montre l&rsquo;\u00e9volution typique apr\u00e8s la correction d&rsquo;une cause r\u00e9versible.<\/p>\n\n\n\n<style>\n@media (max-width:640px){\n.rt-table-wrap{overflow-x:visible!important;border:0!important;border-radius:0!important}\n.rt-table{min-width:0!important}\n.rt-table thead{display:none}\n.rt-table,.rt-table tbody,.rt-table tr,.rt-table td{display:block;width:100%}\n.rt-table caption{display:block;padding:0 0 12px!important}\n.rt-table tr{margin:0 0 12px;border:1px solid #dbe4f0;border-radius:10px;overflow:hidden}\n.rt-table tr:last-child{margin-bottom:0}\n.rt-table td{display:flex!important;flex-direction:column;gap:3px;padding:12px 14px!important;\nborder:0!important;border-bottom:1px solid #e3e8ef!important;background:#ffffff!important}\n.rt-table tr td:last-child{border-bottom:0!important}\n.rt-table td::before{content:attr(data-label);font-size:12px;font-weight:700;letter-spacing:.04em;\ntext-transform:uppercase;color:#5799F1}\n.rt-table td:not([data-label])::before,.rt-table td[data-label=\"\"]::before{display:none}\n}\n<\/style>\n<div class=\"rt-table-wrap\" style=\"overflow-x:auto;-webkit-overflow-scrolling:touch;margin:28px 0;border:1px solid #dbe4f0;border-radius:12px\">\n  <table class=\"rt-table\" style=\"width:100%;min-width:620px;table-layout:fixed;border-collapse:separate;border-spacing:0;font-size:15px;margin:0\">\n    <caption style=\"caption-side:top;text-align:left;color:#003366;font-weight:700;font-size:16px;line-height:1.35;padding:14px 16px 10px;background:#ffffff\">Chronologie de la repousse apr\u00e8s correction de la cause<\/caption>\n    <thead>\n      <tr>\n        <th style=\"width:22%;background:#003366;color:#ffffff;font-weight:700;text-align:left;vertical-align:middle;padding:13px 16px;font-size:15px;line-height:1.4;border:0;overflow-wrap:break-word\">P\u00e9riode<\/th>\n        <th style=\"background:#003366;color:#ffffff;font-weight:700;text-align:left;vertical-align:middle;padding:13px 16px;font-size:15px;line-height:1.4;border:0;overflow-wrap:break-word\">Ce qui se passe dans le follicule<\/th>\n        <th style=\"background:#003366;color:#ffffff;font-weight:700;text-align:left;vertical-align:middle;padding:13px 16px;font-size:15px;line-height:1.4;border:0;overflow-wrap:break-word\">Ce que vous voyez<\/th>\n      <\/tr>\n    <\/thead>\n    <tbody>\n      <tr>\n        <td data-label=\"P\u00e9riode\" style=\"background:#ffffff;color:#003366;font-weight:700;text-align:left;vertical-align:top;padding:13px 16px;font-size:15px;line-height:1.55;border:0;border-bottom:1px solid #e3e8ef;overflow-wrap:break-word\">Mois 1 \u00e0 2<\/td>\n        <td data-label=\"Ce qui se passe dans le follicule\" style=\"background:#ffffff;color:#22303e;font-weight:400;text-align:left;vertical-align:top;padding:13px 16px;font-size:15px;line-height:1.55;border:0;border-bottom:1px solid #e3e8ef;overflow-wrap:break-word\">Le facteur d\u00e9clenchant est supprim\u00e9, le taux de follicules en phase t\u00e9log\u00e8ne se normalise lentement<\/td>\n        <td data-label=\"Ce que vous voyez\" style=\"background:#ffffff;color:#22303e;font-weight:400;text-align:left;vertical-align:top;padding:13px 16px;font-size:15px;line-height:1.55;border:0;border-bottom:1px solid #e3e8ef;overflow-wrap:break-word\">La chute accrue s&rsquo;att\u00e9nue, la brosse se remplit moins<\/td>\n      <\/tr>\n      <tr>\n        <td data-label=\"P\u00e9riode\" style=\"background:#f6f9fc;color:#003366;font-weight:700;text-align:left;vertical-align:top;padding:13px 16px;font-size:15px;line-height:1.55;border:0;border-bottom:1px solid #e3e8ef;overflow-wrap:break-word\">Mois 3 \u00e0 4<\/td>\n        <td data-label=\"Ce qui se passe dans le follicule\" style=\"background:#f6f9fc;color:#22303e;font-weight:400;text-align:left;vertical-align:top;padding:13px 16px;font-size:15px;line-height:1.55;border:0;border-bottom:1px solid #e3e8ef;overflow-wrap:break-word\">Les follicules au repos entrent de nouveau en phase de croissance (anag\u00e8ne)<\/td>\n        <td data-label=\"Ce que vous voyez\" style=\"background:#f6f9fc;color:#22303e;font-weight:400;text-align:left;vertical-align:top;padding:13px 16px;font-size:15px;line-height:1.55;border:0;border-bottom:1px solid #e3e8ef;overflow-wrap:break-word\">Pas encore de densification, mais la chute s&rsquo;est calm\u00e9e<\/td>\n      <\/tr>\n      <tr>\n        <td data-label=\"P\u00e9riode\" style=\"background:#ffffff;color:#003366;font-weight:700;text-align:left;vertical-align:top;padding:13px 16px;font-size:15px;line-height:1.55;border:0;border-bottom:1px solid #e3e8ef;overflow-wrap:break-word\">Mois 5 \u00e0 6<\/td>\n        <td data-label=\"Ce qui se passe dans le follicule\" style=\"background:#ffffff;color:#22303e;font-weight:400;text-align:left;vertical-align:top;padding:13px 16px;font-size:15px;line-height:1.55;border:0;border-bottom:1px solid #e3e8ef;overflow-wrap:break-word\">De nouveaux cheveux poussent, d&rsquo;abord courts et fins<\/td>\n        <td data-label=\"Ce que vous voyez\" style=\"background:#ffffff;color:#22303e;font-weight:400;text-align:left;vertical-align:top;padding:13px 16px;font-size:15px;line-height:1.55;border:0;border-bottom:1px solid #e3e8ef;overflow-wrap:break-word\">Nouveaux cheveux courts \u00e0 la racine, souvent visibles au niveau de la raie sous forme de \u00ab cheveux de b\u00e9b\u00e9 \u00bb<\/td>\n      <\/tr>\n      <tr>\n        <td data-label=\"P\u00e9riode\" style=\"background:#f6f9fc;color:#003366;font-weight:700;text-align:left;vertical-align:top;padding:13px 16px;font-size:15px;line-height:1.55;border:0;overflow-wrap:break-word\">Mois 9 \u00e0 12<\/td>\n        <td data-label=\"Ce qui se passe dans le follicule\" style=\"background:#f6f9fc;color:#22303e;font-weight:400;text-align:left;vertical-align:top;padding:13px 16px;font-size:15px;line-height:1.55;border:0;overflow-wrap:break-word\">Les nouveaux cheveux atteignent leur longueur et leur calibre<\/td>\n        <td data-label=\"Ce que vous voyez\" style=\"background:#f6f9fc;color:#22303e;font-weight:400;text-align:left;vertical-align:top;padding:13px 16px;font-size:15px;line-height:1.55;border:0;overflow-wrap:break-word\">La densit\u00e9 est \u00e9valuable, la comparaison photo devient utile<\/td>\n      <\/tr>\n    <\/tbody>\n  <\/table>\n<\/div>\n\n\n\n<p class=\"wp-block-paragraph\">Une option manque dans le tableau parce qu&rsquo;elle ne change rien sur le plan m\u00e9dical, et pourtant elle aide beaucoup de personnes \u00e0 traverser cette p\u00e9riode : <strong>camoufler<\/strong>. Au niveau de l&rsquo;\u00e9pi, c&rsquo;est surtout une coupe plus courte qui fonctionne, car elle r\u00e9duit le contraste entre les cheveux et le cuir chevelu ; \u00e0 cela s&rsquo;ajoutent des produits mats plut\u00f4t que brillants, pas de gel qui colle les m\u00e8ches, et si besoin des fibres capillaires ou une pigmentation du cuir chevelu. C&rsquo;est une \u00e9tape interm\u00e9diaire assum\u00e9e, tant que le diagnostic reste ouvert ou si vous d\u00e9cidez de renoncer \u00e0 un traitement. L&rsquo;essentiel est que le camouflage ne remplace pas le bilan : une cause inflammatoire ou cicatricielle ne s&rsquo;am\u00e9liore pas en dessous, elle devient seulement invisible.<\/p>\n\n\n<div class=\"wp-block-image\">\n<figure class=\"aligncenter size-large is-resized\" style=\"max-width:720px;margin-left:auto;margin-right:auto\"><img decoding=\"async\" src=\"https:\/\/elithair.com\/fr\/wp-content\/uploads\/sites\/9\/2026\/08\/kurzer_schnitt_kaschieren.png\" alt=\"Homme aux cheveux tr\u00e8s courts vu de trois quarts arri\u00e8re : le contraste entre les cheveux et le cuir chevelu se remarque \u00e0 peine\" class=\"wp-image-101768\" style=\"width:720px;max-width:100%;height:auto\"\/><\/figure>\n<\/div>\n\n\n<h3 class=\"wp-block-heading\">Syst\u00e8mes capillaires et proth\u00e8ses capillaires aux stades Norwood VI et VII<\/h3>\n\n\n\n<p class=\"wp-block-paragraph\"><strong>Un syst\u00e8me capillaire moderne, c&rsquo;est-\u00e0-dire une pi\u00e8ce en cheveux naturels adapt\u00e9e au cuir chevelu, est l&rsquo;alternative non chirurgicale la plus honn\u00eate aux stades Norwood VI et VII<\/strong>, car \u00e0 ces stades la couronne comme zone donneuse suffit rarement \u00e0 obtenir une densit\u00e9 pleine et homog\u00e8ne sur toute la surface. Cela ne modifie pas la chute de cheveux, cela la couvre, et imm\u00e9diatement plut\u00f4t qu&rsquo;apr\u00e8s des mois.<\/p>\n\n\n\n<p class=\"wp-block-paragraph\">Qui envisage cette solution devrait conna\u00eetre trois points. Le syst\u00e8me est coll\u00e9 ou int\u00e9gr\u00e9 et demande un entretien r\u00e9gulier, en g\u00e9n\u00e9ral \u00e0 intervalles de quelques semaines. \u00c0 la jonction avec les cheveux naturels, c&rsquo;est la qualit\u00e9 de l&rsquo;adaptation artisanale qui d\u00e9cide du r\u00e9sultat, pas le prix du mat\u00e9riau. Et le cuir chevelu en dessous doit \u00eatre sain : en cas de formes inflammatoires ou cicatricielles \u00e0 l&rsquo;arri\u00e8re de la t\u00eate, il faut d&rsquo;abord traiter l&rsquo;affection, sinon le syst\u00e8me masque un probl\u00e8me qui co\u00fbte du temps.<\/p>\n\n\n\n<p class=\"wp-block-paragraph\">C&rsquo;est \u00e9galement une solution interm\u00e9diaire pertinente lorsque l&rsquo;\u00e9volution est encore active. Pour beaucoup, un syst\u00e8me capillaire ou une pigmentation du cuir chevelu est le moyen de franchir les ann\u00e9es qui les s\u00e9parent d&rsquo;une situation stable, sans se d\u00e9cider sous pression pour une intervention. D&rsquo;autres s&rsquo;accommodent tout aussi bien d&rsquo;une coupe r\u00e9solument courte. Les deux sont des choix l\u00e9gitimes et non des solutions de d\u00e9pannage.<\/p>\n\n\n\n<h3 class=\"wp-block-heading\">Dermatologue ou clinique capillaire : \u00e0 qui s&rsquo;adresser ?<\/h3>\n\n\n\n<p class=\"wp-block-paragraph\"><strong>En cas d&rsquo;atteinte inflammatoire, en plaques, d&rsquo;apparition brutale ou d&rsquo;origine incertaine \u00e0 l&rsquo;arri\u00e8re de la t\u00eate, le cabinet de dermatologie pr\u00e8s de chez vous est la bonne premi\u00e8re \u00e9tape ; en cas d&rsquo;\u00e9volution androg\u00e9n\u00e9tique au vertex, une clinique capillaire r\u00e9pond \u00e0 la question de la zone donneuse et de la faisabilit\u00e9.<\/strong> Les deux voies ne sont pas concurrentes, elles r\u00e9pondent \u00e0 des questions diff\u00e9rentes.<\/p>\n\n\n\n<p class=\"wp-block-paragraph\">Concr\u00e8tement : rougeur, desquamation, pustules, douleur, peau lisse et brillante sans orifices pilaires, plaques rondes ou d\u00e9but en quelques semaines rel\u00e8vent d&rsquo;un bilan dermatologique, analyses sanguines comprises et, si n\u00e9cessaire, biopsie. En revanche, une zone clairsem\u00e9e qui s&rsquo;\u00e9tend lentement autour de l&rsquo;\u00e9pi, sans signes d&rsquo;inflammation, est le cas classique pour une \u00e9valuation de ce qui peut \u00eatre planifi\u00e9 au vertex, et \u00e0 quel moment.<\/p>\n\n\n\n<p class=\"wp-block-paragraph\">C&rsquo;est exactement l\u00e0 qu&rsquo;intervient notre analyse capillaire gratuite. Il s&rsquo;agit d&rsquo;une analyse visuelle du sch\u00e9ma \u00e0 partir de vos photos : elle situe la zone, estime le stade de Norwood ainsi que la zone donneuse et r\u00e9pond surtout \u00e0 la question de savoir si une greffe est actuellement le bon traitement. Pour une part importante des demandes, ce n&rsquo;est pas le cas, et nous le disons alors clairement. Elle ne remplace ni une analyse de sang ni un diagnostic dermatologique.<\/p>\n\n\n\n<div class=\"wp-block-buttons is-content-justification-center is-layout-flex wp-container-core-buttons-is-layout-fe48e5de wp-block-buttons-is-layout-flex\" style=\"justify-content:center;margin-bottom:48px\"><div class=\"wp-block-button\"><a class=\"wp-block-button__link wp-element-button\" style=\"background-color:#0079F1;color:#ffffff;border-radius:8px;padding:15px 36px;font-weight:700;font-size:17px\" href=\"\/fr\/analyse-capillaire\/\">Lancer l&rsquo;analyse capillaire gratuite<\/a><\/div><\/div>\n\n\n\n<figure class=\"wp-block-image size-full\"><img decoding=\"async\" src=\"https:\/\/elithair.com\/fr\/wp-content\/uploads\/sites\/9\/2026\/08\/bestand_95876.png\" alt=\"L'\u00e9quipe m\u00e9dicale d'Elithair lors d'une greffe de cheveux\" class=\"wp-image-101774\"\/><\/figure>\n\n\n\n<h2 class=\"wp-block-heading\" id=\"eigenhaarverpflanzung\">Greffe de cheveux \u00e0 l&rsquo;arri\u00e8re de la t\u00eate : quand elle constitue la solution durable<\/h2>\n\n\n\n<p class=\"wp-block-paragraph\">Une greffe de cheveux \u00e0 l&rsquo;arri\u00e8re de la t\u00eate est durablement efficace lorsque la chute est d&rsquo;origine androg\u00e9n\u00e9tique, que son \u00e9volution est stable et que la zone donneuse est suffisante. En cas de <strong>chute de cheveux \u00e0 l&rsquo;arri\u00e8re de la t\u00eate<\/strong> due \u00e0 une alop\u00e9cie androg\u00e9n\u00e9tique, les traitements non chirurgicaux atteignent souvent leurs limites. Les racines de la zone concern\u00e9e sont alors fortement miniaturis\u00e9es et, au stade final, remplac\u00e9es par du tissu conjonctif : elles ne produisent plus de cheveu visible.<sup>[18]<\/sup> Dans ce cas, la greffe de cheveux est consid\u00e9r\u00e9e comme la seule possibilit\u00e9 m\u00e9dicalement \u00e9tablie de remplacer durablement les cheveux perdus.<\/p>\n\n\n\n<p class=\"wp-block-paragraph\">L&rsquo;avantage tient \u00e0 ce que les r\u00e9gions lat\u00e9rales et post\u00e9rieures du cr\u00e2ne conservent en r\u00e8gle g\u00e9n\u00e9rale des follicules g\u00e9n\u00e9tiquement stables. Ceux-ci ne sont pas sensibles \u00e0 la dihydrotestost\u00e9rone (DHT) et conviennent donc comme cheveux donneurs. La quantit\u00e9 qui peut \u00eatre pr\u00e9lev\u00e9e dans cette zone fait partie de la planification m\u00e9dicale ; l&rsquo;article sur la <a href=\"\/fr\/greffe-de-cheveux-blog\/zone-donneuse-apres-une-greffe-de-cheveux-preparation-cicatrisation-et-soins\/\">zone donneuse<\/a> l&rsquo;explique en d\u00e9tail.<\/p>\n\n\n\n<p class=\"wp-block-paragraph\">Le pr\u00e9l\u00e8vement se fait le plus souvent selon la <a href=\"\/fr\/technique\/greffe-de-cheveux-fue\/\"><strong>m\u00e9thode FUE<\/strong> (Follicular Unit Extraction)<\/a>, qui permet de pr\u00e9lever les unit\u00e9s folliculaires une \u00e0 une, en douceur et avec peu de cicatrices. Pour l&rsquo;implantation cibl\u00e9e des follicules, on utilise la <a href=\"\/fr\/technique\/greffe-de-cheveux-dhi\/\"><strong>technique DHI<\/strong> (Direct Hair Implantation)<\/a> , standard chez Elithair et incluse dans le prix. Elle permet un contr\u00f4le pr\u00e9cis de la direction de pousse et de la densit\u00e9, ce qui est justement d\u00e9terminant au niveau de l&rsquo;\u00e9pi.<\/p>\n\n\n\n<p class=\"wp-block-paragraph\">Apr\u00e8s une phase de repos initiale, la nouvelle pousse d\u00e9marre et se d\u00e9veloppe sur plusieurs mois. Le r\u00e9sultat est \u00e9valuable en r\u00e8gle g\u00e9n\u00e9rale apr\u00e8s 9 \u00e0 12 mois. Il s&rsquo;agit de cheveux naturels qui poussent durablement, avec un aspect naturel. Le dessin de la surface et de la direction de pousse est r\u00e9alis\u00e9 par le m\u00e9decin, et chaque \u00e9tape est valid\u00e9e m\u00e9dicalement.<\/p>\n\n\n<div class=\"wp-block-image\">\n<figure class=\"aligncenter size-large is-resized\" style=\"max-width:560px;margin-left:auto;margin-right:auto\"><img decoding=\"async\" src=\"https:\/\/elithair.com\/fr\/wp-content\/uploads\/sites\/9\/2026\/08\/fue_dhi_vertex.png\" alt=\"Sch\u00e9ma du pr\u00e9l\u00e8vement dans la zone donneuse occipitale et de l'implantation avec la direction de pousse au niveau de l'\u00e9pi\" class=\"wp-image-101769\" style=\"width:560px;max-width:100%;height:auto\"\/><\/figure>\n<\/div>\n\n\n<div style=\"border:1px solid #e3e8ef;border-radius:10px;padding:20px 22px;margin:8px 0 28px\">\n<p style=\"margin:0 0 10px;color:#013366;font-weight:700;font-size:17px\">Quand une greffe au niveau de l&rsquo;\u00e9pi est pertinente<\/p>\n<p style=\"margin:0 0 6px;color:#013366;font-weight:600;font-size:15px\">En faveur<\/p>\n<ul style=\"margin:0 0 14px;padding-left:20px;color:#2e3033;font-size:15px;line-height:1.75\">\n<li>La cause androg\u00e9n\u00e9tique est confirm\u00e9e m\u00e9dicalement<\/li>\n<li>L&rsquo;\u00e9volution est stable depuis au moins un an ou stabilis\u00e9e par un traitement<\/li>\n<li>La zone donneuse \u00e0 l&rsquo;arri\u00e8re de la t\u00eate est dense et suffisamment \u00e9tendue<\/li>\n<li>Les attentes quant \u00e0 la densit\u00e9 atteignable au vertex sont r\u00e9alistes<\/li>\n<\/ul>\n<p style=\"margin:0 0 6px;color:#013366;font-weight:600;font-size:15px\">En d\u00e9faveur ou \u00e0 reporter<\/p>\n<ul style=\"margin:0;padding-left:20px;color:#2e3033;font-size:15px;line-height:1.75\">\n<li>Pelade active ou instable : une greffe dans une plaque active est contre-indiqu\u00e9e, car le processus auto-immun peut aussi attaquer les follicules greff\u00e9s<\/li>\n<li>Alop\u00e9cie inflammatoire ou cicatricielle non trait\u00e9e<\/li>\n<li>Patient tr\u00e8s jeune avec une perte rapidement \u00e9volutive<\/li>\n<li>Chute diffuse sur l&rsquo;ensemble du cr\u00e2ne<\/li>\n<li>Zone donneuse affaiblie ou rar\u00e9fi\u00e9e<\/li>\n<\/ul>\n<p style=\"margin:12px 0 0;color:#5b6169;font-size:13.5px;font-style:italic\">Cette liste est un rep\u00e8re. L&rsquo;indication est toujours pos\u00e9e par le m\u00e9decin, au cas par cas.<\/p>\n<\/div>\n\n\n\n<p class=\"wp-block-paragraph\">Un point sur la surface, utile pour la d\u00e9cision : le vertex est une surface avec une structure en tourbillon, et non une ligne. \u00c0 effet visible \u00e9quivalent, il demande plus de greffons que la ligne frontale, et si la chute progresse encore, il faut r\u00e9server des cheveux donneurs pour plus tard. C&rsquo;est pourquoi, chez les patients jeunes avec une perte active au vertex, on stabilise souvent d&rsquo;abord et on greffe plus tard. Le d\u00e9roulement et les d\u00e9tails de la <a href=\"\/fr\/greffe-de-cheveux-blog\/greffe-de-cheveux-contre-la-tonsure\/\">greffe dans la zone de l&rsquo;\u00e9pi<\/a> figurent dans l&rsquo;article qui lui est consacr\u00e9.<\/p>\n\n\n\n<h2 class=\"wp-block-heading\" id=\"behandlung\">Adapter individuellement le traitement de la chute de cheveux \u00e0 l&rsquo;arri\u00e8re de la t\u00eate<\/h2>\n\n\n\n<p class=\"wp-block-paragraph\"><strong>La chute de cheveux \u00e0 l&rsquo;arri\u00e8re de la t\u00eate n&rsquo;est pas une maladie en soi, mais un sympt\u00f4me ; c&rsquo;est pourquoi tout traitement pertinent s&rsquo;attaque \u00e0 la cause et non \u00e0 la zone d\u00e9garnie.<\/strong> Si une pr\u00e9disposition g\u00e9n\u00e9tique est en cause, les follicules perdus ne peuvent \u00eatre remplac\u00e9s durablement que par une <a href=\"\/fr\/traitement\/greffe-de-cheveux\/\">greffe de cheveux<\/a> . Pour toutes les autres causes, l&rsquo;ordre est invers\u00e9 : traiter d&rsquo;abord la cause, puis r\u00e9fl\u00e9chir \u00e0 l&rsquo;esth\u00e9tique ou \u00e0 la chirurgie.<\/p>\n\n\n\n<p class=\"wp-block-paragraph\">La prochaine \u00e9tape concr\u00e8te est modeste. Prenez aujourd&rsquo;hui la premi\u00e8re photo de l&rsquo;arri\u00e8re de votre t\u00eate selon le protocole photo et notez dans votre agenda un rendez-vous dans trois mois. Si la comparaison montre une surface qui s&rsquo;agrandit, ou si vous constatez l&rsquo;un des signaux d&rsquo;alerte de l&rsquo;encadr\u00e9 ci-dessus, le diagnostic revient \u00e0 un m\u00e9decin, pas \u00e0 un forum.<\/p>\n\n\n<div class=\"wp-block-image\">\n<figure class=\"aligncenter size-large is-resized\" style=\"max-width:720px;margin-left:auto;margin-right:auto\"><img decoding=\"async\" src=\"https:\/\/elithair.com\/fr\/wp-content\/uploads\/sites\/9\/2026\/08\/hinterkopf_fotovergleich.png\" alt=\"Un homme compare des photos sur son smartphone \u00e0 la table de la cuisine, \u00e0 la lumi\u00e8re du jour\" class=\"wp-image-101770\" style=\"width:720px;max-width:100%;height:auto\"\/><\/figure>\n<\/div>\n\n\n<h2 class=\"wp-block-heading\">Questions fr\u00e9quentes sur la chute de cheveux \u00e0 l&rsquo;arri\u00e8re de la t\u00eate<\/h2>\n\n\n\n<div>\n<div style=\"border:1px solid #e3e8ef;border-radius:10px;padding:16px 18px;margin-bottom:12px\">\n<p style=\"margin:0 0 6px;color:#013366;font-weight:600;font-size:16px\">Un \u00e9pi visible \u00e0 l&rsquo;arri\u00e8re de la t\u00eate est-il d\u00e9j\u00e0 une chute de cheveux ?<\/p>\n<p style=\"margin:0;color:#2e3033;font-size:15px;line-height:1.6\"><strong>Non.<\/strong> Au niveau de l&rsquo;\u00e9pi, les cheveux divergent en tourbillon, c&rsquo;est pourquoi le cuir chevelu y transpara\u00eet toujours un peu. Trois signes seulement plaident pour une chute de cheveux : une densit\u00e9 qui diminue vers le pourtour, des cheveux courts et fins entre les cheveux \u00e9pais (anisotrichose \u00e0 partir de 20 % chez l&rsquo;homme) et une surface qui s&rsquo;agrandit sur trois \u00e0 six mois.<\/p>\n<\/div>\n<div style=\"border:1px solid #e3e8ef;border-radius:10px;padding:16px 18px;margin-bottom:12px\">\n<p style=\"margin:0 0 6px;color:#013366;font-weight:600;font-size:16px\">Comment savoir si la zone d\u00e9garnie \u00e0 l&rsquo;arri\u00e8re de la t\u00eate s&rsquo;agrandit ?<\/p>\n<p style=\"margin:0;color:#2e3033;font-size:15px;line-height:1.6\"><strong>Uniquement par comparaison de photos prises dans les m\u00eames conditions.<\/strong> Lumi\u00e8re du jour pr\u00e8s d&rsquo;une fen\u00eatre, cheveux secs et non coiff\u00e9s, m\u00eame distance et m\u00eame angle, photos maintenant puis apr\u00e8s 3 et 6 mois. Des intervalles plus courts montrent surtout des diff\u00e9rences de lumi\u00e8re et de coiffage, car le cycle capillaire demande plusieurs mois.<\/p>\n<\/div>\n<div style=\"border:1px solid #e3e8ef;border-radius:10px;padding:16px 18px;margin-bottom:12px\">\n<p style=\"margin:0 0 6px;color:#013366;font-weight:600;font-size:16px\">La chute h\u00e9r\u00e9ditaire peut-elle toucher uniquement l&rsquo;arri\u00e8re de la t\u00eate ?<\/p>\n<p style=\"margin:0;color:#2e3033;font-size:15px;line-height:1.6\"><strong>Oui.<\/strong> C&rsquo;est le type vertex de l&rsquo;alop\u00e9cie androg\u00e9n\u00e9tique : la zone clairsem\u00e9e commence au niveau de l&rsquo;\u00e9pi, la ligne frontale reste d&rsquo;abord intacte. L&rsquo;\u00e9chelle de Norwood le d\u00e9signe comme stade III vertex. Le bas de l&rsquo;arri\u00e8re du cr\u00e2ne et la nuque restent \u00e9pargn\u00e9s, car cette zone occipitale est r\u00e9sistante \u00e0 la DHT.<\/p>\n<\/div>\n<div style=\"border:1px solid #e3e8ef;border-radius:10px;padding:16px 18px;margin-bottom:12px\">\n<p style=\"margin:0 0 6px;color:#013366;font-weight:600;font-size:16px\">Que signifie une plaque ronde d\u00e9garnie \u00e0 l&rsquo;arri\u00e8re de la t\u00eate ?<\/p>\n<p style=\"margin:0;color:#2e3033;font-size:15px;line-height:1.6\"><strong>Le plus souvent une pelade.<\/strong> Une plaque ronde, nettement d\u00e9limit\u00e9e, \u00e0 peau lisse plaide en ce sens ; le risque au cours de la vie est d&rsquo;environ 2 %. En bande sur la ligne inf\u00e9rieure d&rsquo;implantation, on parle du type ophiasique, de pr\u00e9valence d&rsquo;environ 0,02 % et de pronostic moins favorable. Dans les deux cas, il faut consulter rapidement un dermatologue.<\/p>\n<\/div>\n<div style=\"border:1px solid #e3e8ef;border-radius:10px;padding:16px 18px;margin-bottom:12px\">\n<p style=\"margin:0 0 6px;color:#013366;font-weight:600;font-size:16px\">Un oreiller, un casque ou un appuie-t\u00eate peuvent-ils provoquer une chute de cheveux \u00e0 l&rsquo;arri\u00e8re de la t\u00eate ?<\/p>\n<p style=\"margin:0;color:#2e3033;font-size:15px;line-height:1.6\"><strong>Oui.<\/strong> Sous forme d&rsquo;alop\u00e9cie de friction ou de pression, exactement au point d&rsquo;appui, souvent avec des cheveux cass\u00e9s. Cela r\u00e9gresse g\u00e9n\u00e9ralement en 3 \u00e0 6 mois d\u00e8s que la contrainte dispara\u00eet. Une v\u00e9ritable alop\u00e9cie de pression est en revanche d\u00e9crite apr\u00e8s plusieurs heures d&rsquo;immobilit\u00e9, par exemple apr\u00e8s de longues op\u00e9rations.<\/p>\n<\/div>\n<div style=\"border:1px solid #e3e8ef;border-radius:10px;padding:16px 18px;margin-bottom:12px\">\n<p style=\"margin:0 0 6px;color:#013366;font-weight:600;font-size:16px\">Chute de cheveux \u00e0 l&rsquo;arri\u00e8re de la t\u00eate chez la femme : quand est-ce pr\u00e9occupant ?<\/p>\n<p style=\"margin:0;color:#2e3033;font-size:15px;line-height:1.6\"><strong>Chez la femme, toute zone circonscrite \u00e0 l&rsquo;arri\u00e8re de la t\u00eate demande une explication.<\/strong> Le sch\u00e9ma f\u00e9minin de Ludwig \u00e9claircit la raie et \u00e9pargne l&rsquo;arri\u00e8re de la t\u00eate. Faites examiner rapidement une plaque ronde nettement d\u00e9limit\u00e9e, un cuir chevelu qui rougit, desquame ou fait mal, une peau lisse et brillante sans orifices pilaires, ainsi qu&rsquo;un d\u00e9but brutal.<\/p>\n<\/div>\n<div style=\"border:1px solid #e3e8ef;border-radius:10px;padding:16px 18px;margin-bottom:12px\">\n<p style=\"margin:0 0 6px;color:#013366;font-weight:600;font-size:16px\">Les cheveux repoussent-ils d&rsquo;eux-m\u00eames \u00e0 l&rsquo;arri\u00e8re de la t\u00eate ?<\/p>\n<p style=\"margin:0;color:#2e3033;font-size:15px;line-height:1.6\"><strong>Cela d\u00e9pend de la cause.<\/strong> Dans la pelade, environ 50 % des cas r\u00e9gressent spontan\u00e9ment en un an apr\u00e8s le premier \u00e9pisode ; les formes diffuses en g\u00e9n\u00e9ral 3 \u00e0 6 mois apr\u00e8s la disparition du facteur d\u00e9clenchant. La chute h\u00e9r\u00e9ditaire au vertex ne r\u00e9gresse pas d&rsquo;elle-m\u00eame : sans traitement, elle progresse.<\/p>\n<\/div>\n<div style=\"border:1px solid #e3e8ef;border-radius:10px;padding:16px 18px;margin-bottom:12px\">\n<p style=\"margin:0 0 6px;color:#013366;font-weight:600;font-size:16px\">Le minoxidil agit-il mieux sur l&rsquo;\u00e9pi que sur le front ?<\/p>\n<p style=\"margin:0;color:#2e3033;font-size:15px;line-height:1.6\"><strong>C&rsquo;est au vertex que l&rsquo;effet est le mieux document\u00e9.<\/strong> Les \u00e9tudes d&rsquo;enregistrement y ont d\u00e9limit\u00e9 leur zone cible. Chez Olsen et al. (2002), le minoxidil \u00e0 5 % a donn\u00e9 apr\u00e8s 48 semaines une repousse sup\u00e9rieure d&rsquo;environ 45 % \u00e0 celle du 2 %, avec les premiers cheveux terminaux apr\u00e8s environ 4 mois. Cela vaut uniquement pour la chute androg\u00e9n\u00e9tique.<\/p>\n<\/div>\n<div style=\"border:1px solid #e3e8ef;border-radius:10px;padding:16px 18px;margin-bottom:12px\">\n<p style=\"margin:0 0 6px;color:#013366;font-weight:600;font-size:16px\">Combien de cheveux perd-on normalement par jour ?<\/p>\n<p style=\"margin:0;color:#2e3033;font-size:15px;line-height:1.6\"><strong>50 \u00e0 100 cheveux par jour.<\/strong> C&rsquo;est la fourchette cit\u00e9e par l&rsquo;American Academy of Dermatology et le NHS ; certains guides grand public indiquent souvent 70 \u00e0 100. Il n&rsquo;y a pas de limite nette, car ce nombre varie selon le rythme des lavages et la saison. Ce qui doit alerter, c&rsquo;est une augmentation durable et nette sur plusieurs semaines.<\/p>\n<\/div>\n<div style=\"border:1px solid #e3e8ef;border-radius:10px;padding:16px 18px;margin-bottom:12px\">\n<p style=\"margin:0 0 6px;color:#013366;font-weight:600;font-size:16px\">\u00c0 un peu plus de 20 ans, suis-je trop jeune pour une greffe au niveau de l&rsquo;\u00e9pi ?<\/p>\n<p style=\"margin:0;color:#2e3033;font-size:15px;line-height:1.6\"><strong>Ce n&rsquo;est pas l&rsquo;\u00e2ge qui d\u00e9cide, mais la stabilit\u00e9 de l&rsquo;\u00e9volution.<\/strong> En cas de perte rapidement \u00e9volutive au vertex, on stabilise g\u00e9n\u00e9ralement d&rsquo;abord par un traitement conservateur ; sinon, les cheveux continuent de dispara\u00eetre autour de la zone greff\u00e9e et les cheveux donneurs manqueront plus tard. L&rsquo;indication est pos\u00e9e par le m\u00e9decin au cas par cas.<\/p>\n<\/div>\n<div style=\"border:1px solid #e3e8ef;border-radius:10px;padding:16px 18px;margin-bottom:12px\">\n<p style=\"margin:0 0 6px;color:#013366;font-weight:600;font-size:16px\">Le gel et la cire donnent-ils \u00e0 l&rsquo;\u00e9pi un aspect plus d\u00e9garni qu&rsquo;il ne l&rsquo;est ?<\/p>\n<p style=\"margin:0;color:#2e3033;font-size:15px;line-height:1.6\"><strong>Oui, c&rsquo;est la fausse alerte la plus fr\u00e9quente.<\/strong> Des cheveux mouill\u00e9s ou coll\u00e9s au gel forment des m\u00e8ches : le cuir chevelu transpara\u00eet alors sur n&rsquo;importe quel \u00e9pi, et le plafonnier projette en plus des ombres dans le tourbillon. Il n&rsquo;existe pas d&rsquo;\u00e9tudes \u00e0 ce sujet : jugez uniquement sur cheveux secs, non coiff\u00e9s, \u00e0 la lumi\u00e8re du jour.<\/p>\n<\/div>\n<div style=\"border:1px solid #e3e8ef;border-radius:10px;padding:16px 18px;margin-bottom:12px\">\n<p style=\"margin:0 0 6px;color:#013366;font-weight:600;font-size:16px\">Est-ce une chute de cheveux ou un double \u00e9pi ?<\/p>\n<p style=\"margin:0;color:#2e3033;font-size:15px;line-height:1.6\"><strong>Un double \u00e9pi est un sch\u00e9ma de pousse, pas une chute de cheveux.<\/strong> Deux tourbillons donnent seulement un aspect plus irr\u00e9gulier \u00e0 l&rsquo;arri\u00e8re de la t\u00eate. Ce qui compte reste la densit\u00e9 et l&rsquo;\u00e9volution : si les cheveux restent \u00e9pais jusqu&rsquo;aux deux tourbillons et que l&rsquo;image ne change pas sur plusieurs mois, il s&rsquo;agit d&rsquo;un sch\u00e9ma de pousse. Il n&rsquo;existe pas d&rsquo;\u00e9tudes solides \u00e0 ce sujet.<\/p>\n<\/div>\n<div style=\"border:1px solid #e3e8ef;border-radius:10px;padding:16px 18px;margin-bottom:12px\">\n<p style=\"margin:0 0 6px;color:#013366;font-weight:600;font-size:16px\">Un coup de soleil sur l&rsquo;\u00e9pi est-il un signal d&rsquo;alarme ?<\/p>\n<p style=\"margin:0;color:#2e3033;font-size:15px;line-height:1.6\"><strong>Un indice plausible, pas une preuve.<\/strong> L\u00e0 o\u00f9 les cheveux manquent, la protection UV manque ; un coup de soleil pr\u00e9cis\u00e9ment sur l&rsquo;\u00e9pi plaide pour une densit\u00e9 r\u00e9duite \u00e0 cet endroit. Il n&rsquo;existe pas d&rsquo;\u00e9tude \u00e0 ce sujet. Les deux sont utiles : porter un couvre-chef et suivre l&rsquo;\u00e9volution en photo.<\/p>\n<\/div>\n<div style=\"border:1px solid #e3e8ef;border-radius:10px;padding:16px 18px;margin-bottom:12px\">\n<p style=\"margin:0 0 6px;color:#013366;font-weight:600;font-size:16px\">Comment ralentir la progression de la chute de cheveux \u00e0 l&rsquo;arri\u00e8re de la t\u00eate ?<\/p>\n<p style=\"margin:0;color:#2e3033;font-size:15px;line-height:1.6\"><strong>Seulement en partie, et uniquement par m\u00e9dicaments.<\/strong> Le minoxidil et le finast\u00e9ride peuvent ralentir la chute h\u00e9r\u00e9ditaire, mais pas l&rsquo;arr\u00eater compl\u00e8tement. Au vertex, les premiers effets sont attendus apr\u00e8s environ 4 mois, \u00e9valuables \u00e0 partir de 24 semaines, et l&rsquo;effet ne dure que pendant l&rsquo;utilisation. Un avis professionnel est recommand\u00e9.<\/p>\n<\/div>\n<div style=\"border:1px solid #e3e8ef;border-radius:10px;padding:16px 18px;margin-bottom:12px\">\n<p style=\"margin:0 0 6px;color:#013366;font-weight:600;font-size:16px\">Quelles solutions non chirurgicales existe-t-il pour la chute de cheveux \u00e0 l&rsquo;arri\u00e8re de la t\u00eate ?<\/p>\n<p style=\"margin:0;color:#2e3033;font-size:15px;line-height:1.6\"><strong>Des options de camouflage, pas de solutions causales.<\/strong> La densification capillaire, les syst\u00e8mes capillaires modernes, les perruques ou les postiches sont des solutions temporaires, auxquelles s&rsquo;ajoutent les fibres capillaires, la pigmentation du cuir chevelu et une coupe plus courte qui r\u00e9duit le contraste entre les cheveux et le cuir chevelu. Ces options ne modifient pas l&rsquo;\u00e9volution.<\/p>\n<\/div>\n<div style=\"border:1px solid #e3e8ef;border-radius:10px;padding:16px 18px;margin-bottom:12px\">\n<p style=\"margin:0 0 6px;color:#013366;font-weight:600;font-size:16px\">Combien de temps dure le r\u00e9sultat d&rsquo;une greffe de cheveux \u00e0 l&rsquo;arri\u00e8re de la t\u00eate ?<\/p>\n<p style=\"margin:0;color:#2e3033;font-size:15px;line-height:1.6\"><strong>En r\u00e8gle g\u00e9n\u00e9rale, durablement.<\/strong> Les cheveux greff\u00e9s proviennent de la zone occipitale r\u00e9sistante \u00e0 la DHT et conservent cette propri\u00e9t\u00e9 (Donor Dominance). Le r\u00e9sultat est \u00e9valuable apr\u00e8s 9 \u00e0 12 mois. La chute naturelle \u00e0 c\u00f4t\u00e9 peut se poursuivre, c&rsquo;est pourquoi la stabilisation reste un sujet.<\/p>\n<\/div>\n<div style=\"border:1px solid #e3e8ef;border-radius:10px;padding:16px 18px;margin-bottom:0\">\n<p style=\"margin:0 0 6px;color:#013366;font-weight:600;font-size:16px\">Comment prendre soin des cheveux greff\u00e9s apr\u00e8s l&rsquo;intervention ?<\/p>\n<p style=\"margin:0;color:#2e3033;font-size:15px;line-height:1.6\"><strong>En douceur et sans pression sur la zone receveuse.<\/strong> Les produits recommand\u00e9s par le m\u00e9decin favorisent la prise des greffons. Pendant les premi\u00e8res semaines : aucun frottement sur la zone greff\u00e9e, donc ne pas dormir sur l&rsquo;\u00e9pi, pas de couvre-chef sans accord m\u00e9dical et ne pas gratter les cro\u00fbtes.<\/p>\n<\/div>\n<\/div>\n\n\n<div class=\"wp-block-image\">\n<figure class=\"aligncenter size-large is-resized\" style=\"max-width:720px;margin-left:auto;margin-right:auto\"><img decoding=\"async\" src=\"https:\/\/elithair.com\/fr\/wp-content\/uploads\/sites\/9\/2026\/08\/beratung_hinterkopf.png\" alt=\"Consultation m\u00e9dicale sur la chute de cheveux \u00e0 l'arri\u00e8re de la t\u00eate, \u00e0 un bureau, \u00e0 la lumi\u00e8re du jour\" class=\"wp-image-101771\" style=\"width:720px;max-width:100%;height:auto\"\/><\/figure>\n<\/div>\n\n\n<h2 class=\"wp-block-heading\">Sources<\/h2>\n\n\n\n<div style=\"font-size:14px;color:#2e3033;line-height:1.75\">\n<ol style=\"margin:0;padding-left:26px\">\n<li id=\"ref1\">NHS, \u00ab Hair loss \u00bb : <a href=\"https:\/\/www.nhs.uk\/symptoms\/hair-loss\/\" target=\"_blank\" rel=\"noopener\">nhs.uk<\/a><\/li>\n<li id=\"ref2\">\u00ab Male Androgenetic Alopecia \u00bb, Endotext, NCBI Bookshelf : <a href=\"https:\/\/www.ncbi.nlm.nih.gov\/books\/NBK278957\/\" target=\"_blank\" rel=\"noopener\">ncbi.nlm.nih.gov<\/a><\/li>\n<li id=\"ref3\">AEDV, Grupo Espa\u00f1ol de Tricolog\u00eda : document de consensus sur l&rsquo;alop\u00e9cie androg\u00e9n\u00e9tique, Actas Dermo-Sifiliogr\u00e1ficas : <a href=\"https:\/\/www.actasdermo.org\/es-recomendaciones-sobre-el-manejo-clinico-articulo-S000173102300844X\" target=\"_blank\" rel=\"noopener\">actasdermo.org<\/a><\/li>\n<li id=\"ref4\">\u00ab Patient-Based Ratio Method for Permanent Zone Donor Area Calculation in Hair Transplant \u00bb, PMC (Donor Dominance, Orentreich 1959) : <a href=\"https:\/\/pmc.ncbi.nlm.nih.gov\/articles\/PMC11679175\/\" target=\"_blank\" rel=\"noopener\">pmc.ncbi.nlm.nih.gov<\/a><\/li>\n<li id=\"ref5\">\u00ab Trichoscopy of Androgenetic Alopecia: A Systematic Review \u00bb, PMC : <a href=\"https:\/\/www.ncbi.nlm.nih.gov\/pmc\/articles\/PMC11012765\/\" target=\"_blank\" rel=\"noopener\">ncbi.nlm.nih.gov<\/a><\/li>\n<li id=\"ref6\">Lintzeri et al. (2022) : \u00ab Alopecia areata \u00bb, JDDG : <a href=\"https:\/\/onlinelibrary.wiley.com\/doi\/10.1111\/ddg.14689\" target=\"_blank\" rel=\"noopener\">onlinelibrary.wiley.com<\/a><\/li>\n<li id=\"ref7\">AWMF, S3-Leitlinie Alopecia areata, n\u00b0 d&rsquo;enreg. 013-104 (f\u00e9vrier 2026) : register.awmf.org<\/li>\n<li id=\"ref8\">\u00ab Traction Alopecia: Clinical and Cultural Patterns \u00bb, PMC : <a href=\"https:\/\/pmc.ncbi.nlm.nih.gov\/articles\/PMC8530059\/\" target=\"_blank\" rel=\"noopener\">pmc.ncbi.nlm.nih.gov<\/a><\/li>\n<li id=\"ref9\">\u00ab Acne Keloidalis Nuchae \u00bb, StatPearls, NCBI Bookshelf : <a href=\"https:\/\/www.ncbi.nlm.nih.gov\/books\/NBK459135\/\" target=\"_blank\" rel=\"noopener\">ncbi.nlm.nih.gov<\/a><\/li>\n<li id=\"ref10\">American Academy of Dermatology, \u00ab Do you have hair loss or hair shedding? \u00bb : <a href=\"https:\/\/www.aad.org\/public\/diseases\/hair-loss\/insider\/shedding\" target=\"_blank\" rel=\"noopener\">aad.org<\/a><\/li>\n<li id=\"ref11\">\u00ab Female Pattern Hair Loss \u00bb, PMC (sch\u00e9ma de Ludwig) : <a href=\"https:\/\/www.ncbi.nlm.nih.gov\/pmc\/articles\/PMC3968982\/\" target=\"_blank\" rel=\"noopener\">ncbi.nlm.nih.gov<\/a><\/li>\n<li id=\"ref12\">JAMA Dermatology : qualit\u00e9 de vie, d\u00e9pression et estime de soi dans l&rsquo;alop\u00e9cie androg\u00e9n\u00e9tique (m\u00e9ta-analyse) : <a href=\"https:\/\/jamanetwork.com\/journals\/jamadermatology\/fullarticle\/2781706\" target=\"_blank\" rel=\"noopener\">jamanetwork.com<\/a><\/li>\n<li id=\"ref13\">Olsen et al. (2002) : minoxidil topique 5 % vs 2 %, PubMed 12196747 : <a href=\"https:\/\/pubmed.ncbi.nlm.nih.gov\/12196747\/\" target=\"_blank\" rel=\"noopener\">pubmed.ncbi.nlm.nih.gov<\/a><\/li>\n<li id=\"ref14\">\u00ab Expanding the therapeutic landscape of minoxidil \u00bb, Frontiers in Pharmacology 2025 : <a href=\"https:\/\/www.frontiersin.org\/journals\/pharmacology\/articles\/10.3389\/fphar.2025.1718208\/full\" target=\"_blank\" rel=\"noopener\">frontiersin.org<\/a><\/li>\n<li id=\"ref15\">PRP dans l&rsquo;alop\u00e9cie androg\u00e9n\u00e9tique, m\u00e9ta-analyse d&rsquo;\u00e9tudes randomis\u00e9es, PubMed 37533146 : <a href=\"https:\/\/pubmed.ncbi.nlm.nih.gov\/37533146\/\" target=\"_blank\" rel=\"noopener\">pubmed.ncbi.nlm.nih.gov<\/a><\/li>\n<li id=\"ref16\">PRP en compl\u00e9ment du minoxidil topique, m\u00e9ta-analyse, PMC : <a href=\"https:\/\/www.ncbi.nlm.nih.gov\/pmc\/articles\/PMC11356437\/\" target=\"_blank\" rel=\"noopener\">ncbi.nlm.nih.gov<\/a><\/li>\n<li id=\"ref17\">T\u00fcrk Dermatoloji Derne\u011fi : information patient sur la chute de cheveux androg\u00e9n\u00e9tique (th\u00e9rapie laser de faible intensit\u00e9) : <a href=\"https:\/\/turkdermatoloji.org.tr\/media\/pdf\/erkek%20Tipi%20Sa%C3%A7%20D%C3%B6k%C3%BClmesi%20(Androgenetik%20alopesi)%20Kopyas%C4%B1%20(3).pdf\" target=\"_blank\" rel=\"noopener\">turkdermatoloji.org.tr<\/a><\/li>\n<li id=\"ref18\">\u00ab Male androgenetic alopecia \u00bb (miniaturisation, fibrose), PMC ; en compl\u00e9ment PubMed 33539849 : <a href=\"https:\/\/pmc.ncbi.nlm.nih.gov\/articles\/PMC11962920\/\" target=\"_blank\" rel=\"noopener\">pmc.ncbi.nlm.nih.gov<\/a><\/li>\n<\/ol>\n<p style=\"margin:14px 0 0;color:#6b7280;font-size:13px;font-style:italic\">Contenu v\u00e9rifi\u00e9 m\u00e9dicalement, \u00e9tat des connaissances : ao\u00fbt 2026. Cet article a une vocation informative et ne remplace ni un diagnostic ni un traitement m\u00e9dical. En cas de plaques rondes d\u00e9garnies, de cuir chevelu rouge, squameux, suintant ou douloureux, de peau lisse et brillante sans orifices pilaires visibles, ainsi qu&rsquo;en cas de d\u00e9but brutal en quelques semaines, adressez-vous rapidement \u00e0 un dermatologue. N&rsquo;arr\u00eatez jamais de votre propre initiative un m\u00e9dicament prescrit.<\/p>\n<\/div>\n\n\n\n<script type=\"application\/ld+json\">\n{\n  \"@context\": \"https:\/\/schema.org\",\n  \"@type\": \"FAQPage\",\n  \"mainEntity\": [\n    {\n      \"@type\": \"Question\",\n      \"name\": \"Un \u00e9pi visible \u00e0 l'arri\u00e8re de la t\u00eate est-il d\u00e9j\u00e0 une chute de cheveux ?\",\n      \"acceptedAnswer\": {\n        \"@type\": \"Answer\",\n        \"text\": \"Non. Au niveau de l'\u00e9pi, les cheveux divergent en tourbillon, c'est pourquoi le cuir chevelu y transpara\u00eet toujours un peu. Trois signes seulement plaident pour une chute de cheveux : une densit\u00e9 qui diminue vers le pourtour, des cheveux courts et fins entre les cheveux \u00e9pais (anisotrichose \u00e0 partir de 20 % chez l'homme) et une surface qui s'agrandit sur trois \u00e0 six mois.\"\n      }\n    },\n    {\n      \"@type\": \"Question\",\n      \"name\": \"Comment savoir si la zone d\u00e9garnie \u00e0 l'arri\u00e8re de la t\u00eate s'agrandit ?\",\n      \"acceptedAnswer\": {\n        \"@type\": \"Answer\",\n        \"text\": \"Uniquement par comparaison de photos prises dans les m\u00eames conditions. Lumi\u00e8re du jour pr\u00e8s d'une fen\u00eatre, cheveux secs et non coiff\u00e9s, m\u00eame distance et m\u00eame angle, photos maintenant puis apr\u00e8s 3 et 6 mois. Des intervalles plus courts montrent surtout des diff\u00e9rences de lumi\u00e8re et de coiffage, car le cycle capillaire demande plusieurs mois.\"\n      }\n    },\n    {\n      \"@type\": \"Question\",\n      \"name\": \"La chute h\u00e9r\u00e9ditaire peut-elle toucher uniquement l'arri\u00e8re de la t\u00eate ?\",\n      \"acceptedAnswer\": {\n        \"@type\": \"Answer\",\n        \"text\": \"Oui. C'est le type vertex de l'alop\u00e9cie androg\u00e9n\u00e9tique : la zone clairsem\u00e9e commence au niveau de l'\u00e9pi, la ligne frontale reste d'abord intacte. L'\u00e9chelle de Norwood le d\u00e9signe comme stade III vertex. Le bas de l'arri\u00e8re du cr\u00e2ne et la nuque restent \u00e9pargn\u00e9s, car cette zone occipitale est r\u00e9sistante \u00e0 la DHT.\"\n      }\n    },\n    {\n      \"@type\": \"Question\",\n      \"name\": \"Que signifie une plaque ronde d\u00e9garnie \u00e0 l'arri\u00e8re de la t\u00eate ?\",\n      \"acceptedAnswer\": {\n        \"@type\": \"Answer\",\n        \"text\": \"Le plus souvent une pelade. Une plaque ronde, nettement d\u00e9limit\u00e9e, \u00e0 peau lisse plaide en ce sens ; le risque au cours de la vie est d'environ 2 %. En bande sur la ligne inf\u00e9rieure d'implantation, on parle du type ophiasique, de pr\u00e9valence d'environ 0,02 % et de pronostic moins favorable. Dans les deux cas, il faut consulter rapidement un dermatologue.\"\n      }\n    },\n    {\n      \"@type\": \"Question\",\n      \"name\": \"Un oreiller, un casque ou un appuie-t\u00eate peuvent-ils provoquer une chute de cheveux \u00e0 l'arri\u00e8re de la t\u00eate ?\",\n      \"acceptedAnswer\": {\n        \"@type\": \"Answer\",\n        \"text\": \"Oui. Sous forme d'alop\u00e9cie de friction ou de pression, exactement au point d'appui, souvent avec des cheveux cass\u00e9s. Cela r\u00e9gresse g\u00e9n\u00e9ralement en 3 \u00e0 6 mois d\u00e8s que la contrainte dispara\u00eet. Une v\u00e9ritable alop\u00e9cie de pression est en revanche d\u00e9crite apr\u00e8s plusieurs heures d'immobilit\u00e9, par exemple apr\u00e8s de longues op\u00e9rations.\"\n      }\n    },\n    {\n      \"@type\": \"Question\",\n      \"name\": \"Chute de cheveux \u00e0 l'arri\u00e8re de la t\u00eate chez la femme : quand est-ce pr\u00e9occupant ?\",\n      \"acceptedAnswer\": {\n        \"@type\": \"Answer\",\n        \"text\": \"Chez la femme, toute zone circonscrite \u00e0 l'arri\u00e8re de la t\u00eate demande une explication. Le sch\u00e9ma f\u00e9minin de Ludwig \u00e9claircit la raie et \u00e9pargne l'arri\u00e8re de la t\u00eate. Faites examiner rapidement une plaque ronde nettement d\u00e9limit\u00e9e, un cuir chevelu qui rougit, desquame ou fait mal, une peau lisse et brillante sans orifices pilaires, ainsi qu'un d\u00e9but brutal.\"\n      }\n    },\n    {\n      \"@type\": \"Question\",\n      \"name\": \"Les cheveux repoussent-ils d'eux-m\u00eames \u00e0 l'arri\u00e8re de la t\u00eate ?\",\n      \"acceptedAnswer\": {\n        \"@type\": \"Answer\",\n        \"text\": \"Cela d\u00e9pend de la cause. Dans la pelade, environ 50 % des cas r\u00e9gressent spontan\u00e9ment en un an apr\u00e8s le premier \u00e9pisode ; les formes diffuses en g\u00e9n\u00e9ral 3 \u00e0 6 mois apr\u00e8s la disparition du facteur d\u00e9clenchant. La chute h\u00e9r\u00e9ditaire au vertex ne r\u00e9gresse pas d'elle-m\u00eame : sans traitement, elle progresse.\"\n      }\n    },\n    {\n      \"@type\": \"Question\",\n      \"name\": \"Le minoxidil agit-il mieux sur l'\u00e9pi que sur le front ?\",\n      \"acceptedAnswer\": {\n        \"@type\": \"Answer\",\n        \"text\": \"C'est au vertex que l'effet est le mieux document\u00e9. Les \u00e9tudes d'enregistrement y ont d\u00e9limit\u00e9 leur zone cible. Chez Olsen et al. (2002), le minoxidil \u00e0 5 % a donn\u00e9 apr\u00e8s 48 semaines une repousse sup\u00e9rieure d'environ 45 % \u00e0 celle du 2 %, avec les premiers cheveux terminaux apr\u00e8s environ 4 mois. Cela vaut uniquement pour la chute androg\u00e9n\u00e9tique.\"\n      }\n    },\n    {\n      \"@type\": \"Question\",\n      \"name\": \"Combien de cheveux perd-on normalement par jour ?\",\n      \"acceptedAnswer\": {\n        \"@type\": \"Answer\",\n        \"text\": \"50 \u00e0 100 cheveux par jour. C'est la fourchette cit\u00e9e par l'American Academy of Dermatology et le NHS ; certains guides grand public indiquent souvent 70 \u00e0 100. Il n'y a pas de limite nette, car ce nombre varie selon le rythme des lavages et la saison. Ce qui doit alerter, c'est une augmentation durable et nette sur plusieurs semaines.\"\n      }\n    },\n    {\n      \"@type\": \"Question\",\n      \"name\": \"\u00c0 un peu plus de 20 ans, suis-je trop jeune pour une greffe au niveau de l'\u00e9pi ?\",\n      \"acceptedAnswer\": {\n        \"@type\": \"Answer\",\n        \"text\": \"Ce n'est pas l'\u00e2ge qui d\u00e9cide, mais la stabilit\u00e9 de l'\u00e9volution. En cas de perte rapidement \u00e9volutive au vertex, on stabilise g\u00e9n\u00e9ralement d'abord par un traitement conservateur ; sinon, les cheveux continuent de dispara\u00eetre autour de la zone greff\u00e9e et les cheveux donneurs manqueront plus tard. L'indication est pos\u00e9e par le m\u00e9decin au cas par cas.\"\n      }\n    },\n    {\n      \"@type\": \"Question\",\n      \"name\": \"Le gel et la cire donnent-ils \u00e0 l'\u00e9pi un aspect plus d\u00e9garni qu'il ne l'est ?\",\n      \"acceptedAnswer\": {\n        \"@type\": \"Answer\",\n        \"text\": \"Oui, c'est la fausse alerte la plus fr\u00e9quente. Des cheveux mouill\u00e9s ou coll\u00e9s au gel forment des m\u00e8ches : le cuir chevelu transpara\u00eet alors sur n'importe quel \u00e9pi, et le plafonnier projette en plus des ombres dans le tourbillon. Il n'existe pas d'\u00e9tudes \u00e0 ce sujet : jugez uniquement sur cheveux secs, non coiff\u00e9s, \u00e0 la lumi\u00e8re du jour.\"\n      }\n    },\n    {\n      \"@type\": \"Question\",\n      \"name\": \"Est-ce une chute de cheveux ou un double \u00e9pi ?\",\n      \"acceptedAnswer\": {\n        \"@type\": \"Answer\",\n        \"text\": \"Un double \u00e9pi est un sch\u00e9ma de pousse, pas une chute de cheveux. Deux tourbillons donnent seulement un aspect plus irr\u00e9gulier \u00e0 l'arri\u00e8re de la t\u00eate. Ce qui compte reste la densit\u00e9 et l'\u00e9volution : si les cheveux restent \u00e9pais jusqu'aux deux tourbillons et que l'image ne change pas sur plusieurs mois, il s'agit d'un sch\u00e9ma de pousse. Il n'existe pas d'\u00e9tudes solides \u00e0 ce sujet.\"\n      }\n    },\n    {\n      \"@type\": \"Question\",\n      \"name\": \"Un coup de soleil sur l'\u00e9pi est-il un signal d'alarme ?\",\n      \"acceptedAnswer\": {\n        \"@type\": \"Answer\",\n        \"text\": \"Un indice plausible, pas une preuve. L\u00e0 o\u00f9 les cheveux manquent, la protection UV manque ; un coup de soleil pr\u00e9cis\u00e9ment sur l'\u00e9pi plaide pour une densit\u00e9 r\u00e9duite \u00e0 cet endroit. Il n'existe pas d'\u00e9tude \u00e0 ce sujet. Les deux sont utiles : porter un couvre-chef et suivre l'\u00e9volution en photo.\"\n      }\n    },\n    {\n      \"@type\": \"Question\",\n      \"name\": \"Comment ralentir la progression de la chute de cheveux \u00e0 l'arri\u00e8re de la t\u00eate ?\",\n      \"acceptedAnswer\": {\n        \"@type\": \"Answer\",\n        \"text\": \"Seulement en partie, et uniquement par m\u00e9dicaments. Le minoxidil et le finast\u00e9ride peuvent ralentir la chute h\u00e9r\u00e9ditaire, mais pas l'arr\u00eater compl\u00e8tement. Au vertex, les premiers effets sont attendus apr\u00e8s environ 4 mois, \u00e9valuables \u00e0 partir de 24 semaines, et l'effet ne dure que pendant l'utilisation. Un avis professionnel est recommand\u00e9.\"\n      }\n    },\n    {\n      \"@type\": \"Question\",\n      \"name\": \"Quelles solutions non chirurgicales existe-t-il pour la chute de cheveux \u00e0 l'arri\u00e8re de la t\u00eate ?\",\n      \"acceptedAnswer\": {\n        \"@type\": \"Answer\",\n        \"text\": \"Des options de camouflage, pas de solutions causales. La densification capillaire, les syst\u00e8mes capillaires modernes, les perruques ou les postiches sont des solutions temporaires, auxquelles s'ajoutent les fibres capillaires, la pigmentation du cuir chevelu et une coupe plus courte qui r\u00e9duit le contraste entre les cheveux et le cuir chevelu. Ces options ne modifient pas l'\u00e9volution.\"\n      }\n    },\n    {\n      \"@type\": \"Question\",\n      \"name\": \"Combien de temps dure le r\u00e9sultat d'une greffe de cheveux \u00e0 l'arri\u00e8re de la t\u00eate ?\",\n      \"acceptedAnswer\": {\n        \"@type\": \"Answer\",\n        \"text\": \"En r\u00e8gle g\u00e9n\u00e9rale, durablement. Les cheveux greff\u00e9s proviennent de la zone occipitale r\u00e9sistante \u00e0 la DHT et conservent cette propri\u00e9t\u00e9 (Donor Dominance). Le r\u00e9sultat est \u00e9valuable apr\u00e8s 9 \u00e0 12 mois. La chute naturelle \u00e0 c\u00f4t\u00e9 peut se poursuivre, c'est pourquoi la stabilisation reste un sujet.\"\n      }\n    },\n    {\n      \"@type\": \"Question\",\n      \"name\": \"Comment prendre soin des cheveux greff\u00e9s apr\u00e8s l'intervention ?\",\n      \"acceptedAnswer\": {\n        \"@type\": \"Answer\",\n        \"text\": \"En douceur et sans pression sur la zone receveuse. Les produits recommand\u00e9s par le m\u00e9decin favorisent la prise des greffons. Pendant les premi\u00e8res semaines : aucun frottement sur la zone greff\u00e9e, donc ne pas dormir sur l'\u00e9pi, pas de couvre-chef sans accord m\u00e9dical et ne pas gratter les cro\u00fbtes.\"\n      }\n    }\n  ]\n}\n<\/script>\n\n","protected":false},"excerpt":{"rendered":"<p>La chute de cheveux \u00e0 l&rsquo;arri\u00e8re de la t\u00eate est celle que l&rsquo;on remarque en dernier, souvent sur une photo de vacances ou parce que quelqu&rsquo;un en fait la remarque. Pour en d\u00e9terminer la cause, ce qui compte, c&rsquo;est de savoir o\u00f9 exactement les cheveux s&rsquo;\u00e9claircissent : autour de l&rsquo;\u00e9pi, c&rsquo;est le plus souvent une [&hellip;]<\/p>\n","protected":false},"author":10,"featured_media":101240,"comment_status":"closed","ping_status":"closed","sticky":false,"template":"","format":"standard","meta":{"_acf_changed":false,"_yoast_wpseo_meta-robots-noindex":"","_yoast_wpseo_meta-robots-nofollow":"","_yoast_wpseo_meta-robots-adv":"","_yoast_wpseo_canonical":"https:\/\/elithair.com\/fr\/greffe-de-cheveux-blog\/chute-de-cheveux-arriere-de-la-tete\/","_yoast_wpseo_opengraph-title":"","_yoast_wpseo_opengraph-description":"","_yoast_wpseo_opengraph-image":"","_yoast_wpseo_twitter-title":"","_yoast_wpseo_twitter-description":"","_yoast_wpseo_twitter-image":"","_hm_hreflang_map":{"de":50068,"en":96955,"es":91870,"fr":101236,"it":107655,"pt":89715,"tr":83297,"uk":96341,"x_default":96955},"_hm_language_code":"fr","footnotes":""},"categories":[7],"tags":[],"class_list":["post-101236","post","type-post","status-publish","format-standard","has-post-thumbnail","hentry","category-perte-de-cheveux-blog"],"acf":[],"yoast_head":"<!-- This site is optimized with the Yoast SEO Premium plugin v28.3 (Yoast SEO v28.3) - https:\/\/yoast.com\/product\/yoast-seo-premium-wordpress\/ -->\n<title>Chute de cheveux \u00e0 l&#039;arri\u00e8re de la t\u00eate : \u00e9pi, tonsure ou nuque ? Comment reconna\u00eetre la cause<\/title>\n<meta name=\"description\" content=\"Chute de cheveux \u00e0 l&#039;arri\u00e8re de la t\u00eate : \u00e0 l&#039;\u00e9pi, souvent h\u00e9r\u00e9ditaire ; sur la nuque, d&#039;autres causes. Auto-examen, stades de Norwood et ce qui aide.\" \/>\n<meta name=\"robots\" content=\"index, follow, max-snippet:-1, max-image-preview:large, max-video-preview:-1\" \/>\n<link rel=\"canonical\" href=\"https:\/\/elithair.com\/fr\/greffe-de-cheveux-blog\/chute-de-cheveux-arriere-de-la-tete\/\" \/>\n<meta property=\"og:locale\" content=\"fr_FR\" \/>\n<meta property=\"og:type\" content=\"article\" \/>\n<meta property=\"og:title\" content=\"Chute de cheveux \u00e0 l&#039;arri\u00e8re de la t\u00eate : \u00e9pi, tonsure ou autre cause ?\" \/>\n<meta property=\"og:description\" content=\"Chute de cheveux \u00e0 l&#039;arri\u00e8re de la t\u00eate : \u00e0 l&#039;\u00e9pi, souvent h\u00e9r\u00e9ditaire ; sur la nuque, d&#039;autres causes. Auto-examen, stades de Norwood et ce qui aide.\" \/>\n<meta property=\"og:url\" content=\"https:\/\/elithair.com\/fr\/greffe-de-cheveux-blog\/chute-de-cheveux-arriere-de-la-tete\/\" \/>\n<meta property=\"og:site_name\" content=\"Elithair\" \/>\n<meta property=\"article:publisher\" content=\"https:\/\/www.facebook.com\/elithair.france\/\" \/>\n<meta property=\"article:published_time\" content=\"2026-08-28T17:13:48+00:00\" \/>\n<meta property=\"og:image\" content=\"https:\/\/elithair.com\/fr\/wp-content\/uploads\/sites\/9\/2026\/08\/zonen_landkarte_hinterkopf__fr.png\" \/>\n<meta name=\"author\" content=\"Dr. Imad Moustafa\" \/>\n<meta name=\"twitter:card\" content=\"summary_large_image\" \/>\n<meta name=\"twitter:label1\" content=\"\u00c9crit par\" \/>\n\t<meta name=\"twitter:data1\" content=\"Dr. Imad Moustafa\" \/>\n\t<meta name=\"twitter:label2\" content=\"Dur\u00e9e de lecture estim\u00e9e\" \/>\n\t<meta name=\"twitter:data2\" content=\"48 minutes\" \/>\n<script type=\"application\/ld+json\" class=\"yoast-schema-graph\">{\"@context\":\"https:\\\/\\\/schema.org\",\"@graph\":[{\"@type\":\"Article\",\"@id\":\"https:\\\/\\\/elithair.com\\\/fr\\\/greffe-de-cheveux-blog\\\/chute-de-cheveux-arriere-de-la-tete\\\/#article\",\"isPartOf\":{\"@id\":\"https:\\\/\\\/elithair.com\\\/fr\\\/greffe-de-cheveux-blog\\\/chute-de-cheveux-arriere-de-la-tete\\\/\"},\"author\":{\"name\":\"Dr. Imad Moustafa\",\"@id\":\"https:\\\/\\\/elithair.com\\\/fr\\\/#\\\/schema\\\/person\\\/11ce37e83a6343e4c37edcd4b5498e41\"},\"headline\":\"Chute de cheveux \u00e0 l&rsquo;arri\u00e8re de la t\u00eate : \u00e9pi, tonsure ou autre cause ?\",\"datePublished\":\"2026-08-28T17:13:48+00:00\",\"mainEntityOfPage\":{\"@id\":\"https:\\\/\\\/elithair.com\\\/fr\\\/greffe-de-cheveux-blog\\\/chute-de-cheveux-arriere-de-la-tete\\\/\"},\"wordCount\":9915,\"publisher\":{\"@id\":\"https:\\\/\\\/elithair.com\\\/fr\\\/#organization\"},\"image\":{\"@id\":\"https:\\\/\\\/elithair.com\\\/fr\\\/greffe-de-cheveux-blog\\\/chute-de-cheveux-arriere-de-la-tete\\\/#primaryimage\"},\"thumbnailUrl\":\"https:\\\/\\\/elithair.com\\\/fr\\\/wp-content\\\/uploads\\\/sites\\\/9\\\/2026\\\/08\\\/hero-6.png\",\"articleSection\":[\"Perte de cheveux\"],\"inLanguage\":\"fr-FR\"},{\"@type\":\"WebPage\",\"@id\":\"https:\\\/\\\/elithair.com\\\/fr\\\/greffe-de-cheveux-blog\\\/chute-de-cheveux-arriere-de-la-tete\\\/\",\"url\":\"https:\\\/\\\/elithair.com\\\/fr\\\/greffe-de-cheveux-blog\\\/chute-de-cheveux-arriere-de-la-tete\\\/\",\"name\":\"Chute de cheveux \u00e0 l'arri\u00e8re de la t\u00eate : \u00e9pi, tonsure ou nuque ? Comment reconna\u00eetre la cause\",\"isPartOf\":{\"@id\":\"https:\\\/\\\/elithair.com\\\/fr\\\/#website\"},\"primaryImageOfPage\":{\"@id\":\"https:\\\/\\\/elithair.com\\\/fr\\\/greffe-de-cheveux-blog\\\/chute-de-cheveux-arriere-de-la-tete\\\/#primaryimage\"},\"image\":{\"@id\":\"https:\\\/\\\/elithair.com\\\/fr\\\/greffe-de-cheveux-blog\\\/chute-de-cheveux-arriere-de-la-tete\\\/#primaryimage\"},\"thumbnailUrl\":\"https:\\\/\\\/elithair.com\\\/fr\\\/wp-content\\\/uploads\\\/sites\\\/9\\\/2026\\\/08\\\/hero-6.png\",\"datePublished\":\"2026-08-28T17:13:48+00:00\",\"description\":\"Chute de cheveux \u00e0 l'arri\u00e8re de la t\u00eate : \u00e0 l'\u00e9pi, souvent h\u00e9r\u00e9ditaire ; sur la nuque, d'autres causes. Auto-examen, stades de Norwood et ce qui aide.\",\"breadcrumb\":{\"@id\":\"https:\\\/\\\/elithair.com\\\/fr\\\/greffe-de-cheveux-blog\\\/chute-de-cheveux-arriere-de-la-tete\\\/#breadcrumb\"},\"inLanguage\":\"fr-FR\",\"potentialAction\":[{\"@type\":\"ReadAction\",\"target\":[\"https:\\\/\\\/elithair.com\\\/fr\\\/greffe-de-cheveux-blog\\\/chute-de-cheveux-arriere-de-la-tete\\\/\"]}]},{\"@type\":\"ImageObject\",\"inLanguage\":\"fr-FR\",\"@id\":\"https:\\\/\\\/elithair.com\\\/fr\\\/greffe-de-cheveux-blog\\\/chute-de-cheveux-arriere-de-la-tete\\\/#primaryimage\",\"url\":\"https:\\\/\\\/elithair.com\\\/fr\\\/wp-content\\\/uploads\\\/sites\\\/9\\\/2026\\\/08\\\/hero-6.png\",\"contentUrl\":\"https:\\\/\\\/elithair.com\\\/fr\\\/wp-content\\\/uploads\\\/sites\\\/9\\\/2026\\\/08\\\/hero-6.png\",\"width\":1536,\"height\":1024,\"caption\":\"Hinterkopf eines Mannes mit sichtbarem Wirbelbereich im seitlichen Tageslicht\"},{\"@type\":\"BreadcrumbList\",\"@id\":\"https:\\\/\\\/elithair.com\\\/fr\\\/greffe-de-cheveux-blog\\\/chute-de-cheveux-arriere-de-la-tete\\\/#breadcrumb\",\"itemListElement\":[{\"@type\":\"ListItem\",\"position\":1,\"name\":\"Home\",\"item\":\"https:\\\/\\\/elithair.com\\\/fr\\\/\"},{\"@type\":\"ListItem\",\"position\":2,\"name\":\"Chute de cheveux \u00e0 l&rsquo;arri\u00e8re de la t\u00eate : \u00e9pi, tonsure ou autre cause ?\"}]},{\"@type\":\"WebSite\",\"@id\":\"https:\\\/\\\/elithair.com\\\/fr\\\/#website\",\"url\":\"https:\\\/\\\/elithair.com\\\/fr\\\/\",\"name\":\"Elithair\",\"description\":\"Greffe de cheveux en Turquie : retrouvez votre confiance\",\"publisher\":{\"@id\":\"https:\\\/\\\/elithair.com\\\/fr\\\/#organization\"},\"alternateName\":\"Greffe de cheveux en Turquie : retrouvez votre confiance\",\"potentialAction\":[{\"@type\":\"SearchAction\",\"target\":{\"@type\":\"EntryPoint\",\"urlTemplate\":\"https:\\\/\\\/elithair.com\\\/fr\\\/?s={search_term_string}\"},\"query-input\":{\"@type\":\"PropertyValueSpecification\",\"valueRequired\":true,\"valueName\":\"search_term_string\"}}],\"inLanguage\":\"fr-FR\"},{\"@type\":\"Organization\",\"@id\":\"https:\\\/\\\/elithair.com\\\/fr\\\/#organization\",\"name\":\"Elithair\",\"url\":\"https:\\\/\\\/elithair.com\\\/fr\\\/\",\"logo\":{\"@type\":\"ImageObject\",\"inLanguage\":\"fr-FR\",\"@id\":\"https:\\\/\\\/elithair.com\\\/fr\\\/#\\\/schema\\\/logo\\\/image\\\/\",\"url\":\"https:\\\/\\\/elithair.com\\\/fr\\\/wp-content\\\/uploads\\\/sites\\\/9\\\/2026\\\/04\\\/elithair-logo-primary.svg\",\"contentUrl\":\"https:\\\/\\\/elithair.com\\\/fr\\\/wp-content\\\/uploads\\\/sites\\\/9\\\/2026\\\/04\\\/elithair-logo-primary.svg\",\"width\":1,\"height\":1,\"caption\":\"Elithair\"},\"image\":{\"@id\":\"https:\\\/\\\/elithair.com\\\/fr\\\/#\\\/schema\\\/logo\\\/image\\\/\"},\"sameAs\":[\"https:\\\/\\\/www.facebook.com\\\/elithair.france\\\/\",\"https:\\\/\\\/www.instagram.com\\\/elithair.fr\\\/\",\"https:\\\/\\\/www.tiktok.com\\\/@elithairfr?_t=8q2yM9qMnUe&_r=1\",\"https:\\\/\\\/www.youtube.com\\\/@elithair.france\\\/\"]},{\"@type\":\"Person\",\"@id\":\"https:\\\/\\\/elithair.com\\\/fr\\\/#\\\/schema\\\/person\\\/11ce37e83a6343e4c37edcd4b5498e41\",\"name\":\"Dr. Imad Moustafa\",\"image\":{\"@type\":\"ImageObject\",\"inLanguage\":\"fr-FR\",\"@id\":\"https:\\\/\\\/secure.gravatar.com\\\/avatar\\\/9190499f6f3008cd7da57b179f07bfea4b4e382c816ba3e0de68db0b5a70c07d?s=96&d=mm&r=g\",\"url\":\"https:\\\/\\\/secure.gravatar.com\\\/avatar\\\/9190499f6f3008cd7da57b179f07bfea4b4e382c816ba3e0de68db0b5a70c07d?s=96&d=mm&r=g\",\"contentUrl\":\"https:\\\/\\\/secure.gravatar.com\\\/avatar\\\/9190499f6f3008cd7da57b179f07bfea4b4e382c816ba3e0de68db0b5a70c07d?s=96&d=mm&r=g\",\"caption\":\"Dr. Imad Moustafa\"}}]}<\/script>\n<!-- \/ Yoast SEO Premium plugin. -->","yoast_head_json":{"title":"Chute de cheveux \u00e0 l'arri\u00e8re de la t\u00eate : \u00e9pi, tonsure ou nuque ? Comment reconna\u00eetre la cause","description":"Chute de cheveux \u00e0 l'arri\u00e8re de la t\u00eate : \u00e0 l'\u00e9pi, souvent h\u00e9r\u00e9ditaire ; sur la nuque, d'autres causes. Auto-examen, stades de Norwood et ce qui aide.","robots":{"index":"index","follow":"follow","max-snippet":"max-snippet:-1","max-image-preview":"max-image-preview:large","max-video-preview":"max-video-preview:-1"},"canonical":"https:\/\/elithair.com\/fr\/greffe-de-cheveux-blog\/chute-de-cheveux-arriere-de-la-tete\/","og_locale":"fr_FR","og_type":"article","og_title":"Chute de cheveux \u00e0 l'arri\u00e8re de la t\u00eate : \u00e9pi, tonsure ou autre cause ?","og_description":"Chute de cheveux \u00e0 l'arri\u00e8re de la t\u00eate : \u00e0 l'\u00e9pi, souvent h\u00e9r\u00e9ditaire ; sur la nuque, d'autres causes. Auto-examen, stades de Norwood et ce qui aide.","og_url":"https:\/\/elithair.com\/fr\/greffe-de-cheveux-blog\/chute-de-cheveux-arriere-de-la-tete\/","og_site_name":"Elithair","article_publisher":"https:\/\/www.facebook.com\/elithair.france\/","article_published_time":"2026-08-28T17:13:48+00:00","og_image":[{"url":"https:\/\/elithair.com\/fr\/wp-content\/uploads\/sites\/9\/2026\/08\/zonen_landkarte_hinterkopf__fr.png","type":"","width":"","height":""}],"author":"Dr. Imad Moustafa","twitter_card":"summary_large_image","twitter_misc":{"\u00c9crit par":"Dr. Imad Moustafa","Dur\u00e9e de lecture estim\u00e9e":"48 minutes"},"schema":{"@context":"https:\/\/schema.org","@graph":[{"@type":"Article","@id":"https:\/\/elithair.com\/fr\/greffe-de-cheveux-blog\/chute-de-cheveux-arriere-de-la-tete\/#article","isPartOf":{"@id":"https:\/\/elithair.com\/fr\/greffe-de-cheveux-blog\/chute-de-cheveux-arriere-de-la-tete\/"},"author":{"name":"Dr. Imad Moustafa","@id":"https:\/\/elithair.com\/fr\/#\/schema\/person\/11ce37e83a6343e4c37edcd4b5498e41"},"headline":"Chute de cheveux \u00e0 l&rsquo;arri\u00e8re de la t\u00eate : \u00e9pi, tonsure ou autre cause ?","datePublished":"2026-08-28T17:13:48+00:00","mainEntityOfPage":{"@id":"https:\/\/elithair.com\/fr\/greffe-de-cheveux-blog\/chute-de-cheveux-arriere-de-la-tete\/"},"wordCount":9915,"publisher":{"@id":"https:\/\/elithair.com\/fr\/#organization"},"image":{"@id":"https:\/\/elithair.com\/fr\/greffe-de-cheveux-blog\/chute-de-cheveux-arriere-de-la-tete\/#primaryimage"},"thumbnailUrl":"https:\/\/elithair.com\/fr\/wp-content\/uploads\/sites\/9\/2026\/08\/hero-6.png","articleSection":["Perte de cheveux"],"inLanguage":"fr-FR"},{"@type":"WebPage","@id":"https:\/\/elithair.com\/fr\/greffe-de-cheveux-blog\/chute-de-cheveux-arriere-de-la-tete\/","url":"https:\/\/elithair.com\/fr\/greffe-de-cheveux-blog\/chute-de-cheveux-arriere-de-la-tete\/","name":"Chute de cheveux \u00e0 l'arri\u00e8re de la t\u00eate : \u00e9pi, tonsure ou nuque ? Comment reconna\u00eetre la cause","isPartOf":{"@id":"https:\/\/elithair.com\/fr\/#website"},"primaryImageOfPage":{"@id":"https:\/\/elithair.com\/fr\/greffe-de-cheveux-blog\/chute-de-cheveux-arriere-de-la-tete\/#primaryimage"},"image":{"@id":"https:\/\/elithair.com\/fr\/greffe-de-cheveux-blog\/chute-de-cheveux-arriere-de-la-tete\/#primaryimage"},"thumbnailUrl":"https:\/\/elithair.com\/fr\/wp-content\/uploads\/sites\/9\/2026\/08\/hero-6.png","datePublished":"2026-08-28T17:13:48+00:00","description":"Chute de cheveux \u00e0 l'arri\u00e8re de la t\u00eate : \u00e0 l'\u00e9pi, souvent h\u00e9r\u00e9ditaire ; sur la nuque, d'autres causes. Auto-examen, stades de Norwood et ce qui aide.","breadcrumb":{"@id":"https:\/\/elithair.com\/fr\/greffe-de-cheveux-blog\/chute-de-cheveux-arriere-de-la-tete\/#breadcrumb"},"inLanguage":"fr-FR","potentialAction":[{"@type":"ReadAction","target":["https:\/\/elithair.com\/fr\/greffe-de-cheveux-blog\/chute-de-cheveux-arriere-de-la-tete\/"]}]},{"@type":"ImageObject","inLanguage":"fr-FR","@id":"https:\/\/elithair.com\/fr\/greffe-de-cheveux-blog\/chute-de-cheveux-arriere-de-la-tete\/#primaryimage","url":"https:\/\/elithair.com\/fr\/wp-content\/uploads\/sites\/9\/2026\/08\/hero-6.png","contentUrl":"https:\/\/elithair.com\/fr\/wp-content\/uploads\/sites\/9\/2026\/08\/hero-6.png","width":1536,"height":1024,"caption":"Hinterkopf eines Mannes mit sichtbarem Wirbelbereich im seitlichen Tageslicht"},{"@type":"BreadcrumbList","@id":"https:\/\/elithair.com\/fr\/greffe-de-cheveux-blog\/chute-de-cheveux-arriere-de-la-tete\/#breadcrumb","itemListElement":[{"@type":"ListItem","position":1,"name":"Home","item":"https:\/\/elithair.com\/fr\/"},{"@type":"ListItem","position":2,"name":"Chute de cheveux \u00e0 l&rsquo;arri\u00e8re de la t\u00eate : \u00e9pi, tonsure ou autre cause ?"}]},{"@type":"WebSite","@id":"https:\/\/elithair.com\/fr\/#website","url":"https:\/\/elithair.com\/fr\/","name":"Elithair","description":"Greffe de cheveux en Turquie : retrouvez votre confiance","publisher":{"@id":"https:\/\/elithair.com\/fr\/#organization"},"alternateName":"Greffe de cheveux en Turquie : retrouvez votre confiance","potentialAction":[{"@type":"SearchAction","target":{"@type":"EntryPoint","urlTemplate":"https:\/\/elithair.com\/fr\/?s={search_term_string}"},"query-input":{"@type":"PropertyValueSpecification","valueRequired":true,"valueName":"search_term_string"}}],"inLanguage":"fr-FR"},{"@type":"Organization","@id":"https:\/\/elithair.com\/fr\/#organization","name":"Elithair","url":"https:\/\/elithair.com\/fr\/","logo":{"@type":"ImageObject","inLanguage":"fr-FR","@id":"https:\/\/elithair.com\/fr\/#\/schema\/logo\/image\/","url":"https:\/\/elithair.com\/fr\/wp-content\/uploads\/sites\/9\/2026\/04\/elithair-logo-primary.svg","contentUrl":"https:\/\/elithair.com\/fr\/wp-content\/uploads\/sites\/9\/2026\/04\/elithair-logo-primary.svg","width":1,"height":1,"caption":"Elithair"},"image":{"@id":"https:\/\/elithair.com\/fr\/#\/schema\/logo\/image\/"},"sameAs":["https:\/\/www.facebook.com\/elithair.france\/","https:\/\/www.instagram.com\/elithair.fr\/","https:\/\/www.tiktok.com\/@elithairfr?_t=8q2yM9qMnUe&_r=1","https:\/\/www.youtube.com\/@elithair.france\/"]},{"@type":"Person","@id":"https:\/\/elithair.com\/fr\/#\/schema\/person\/11ce37e83a6343e4c37edcd4b5498e41","name":"Dr. Imad Moustafa","image":{"@type":"ImageObject","inLanguage":"fr-FR","@id":"https:\/\/secure.gravatar.com\/avatar\/9190499f6f3008cd7da57b179f07bfea4b4e382c816ba3e0de68db0b5a70c07d?s=96&d=mm&r=g","url":"https:\/\/secure.gravatar.com\/avatar\/9190499f6f3008cd7da57b179f07bfea4b4e382c816ba3e0de68db0b5a70c07d?s=96&d=mm&r=g","contentUrl":"https:\/\/secure.gravatar.com\/avatar\/9190499f6f3008cd7da57b179f07bfea4b4e382c816ba3e0de68db0b5a70c07d?s=96&d=mm&r=g","caption":"Dr. Imad Moustafa"}}]}},"_links":{"self":[{"href":"https:\/\/elithair.com\/fr\/wp-json\/wp\/v2\/posts\/101236","targetHints":{"allow":["GET"]}}],"collection":[{"href":"https:\/\/elithair.com\/fr\/wp-json\/wp\/v2\/posts"}],"about":[{"href":"https:\/\/elithair.com\/fr\/wp-json\/wp\/v2\/types\/post"}],"author":[{"embeddable":true,"href":"https:\/\/elithair.com\/fr\/wp-json\/wp\/v2\/users\/10"}],"replies":[{"embeddable":true,"href":"https:\/\/elithair.com\/fr\/wp-json\/wp\/v2\/comments?post=101236"}],"version-history":[{"count":0,"href":"https:\/\/elithair.com\/fr\/wp-json\/wp\/v2\/posts\/101236\/revisions"}],"wp:featuredmedia":[{"embeddable":true,"href":"https:\/\/elithair.com\/fr\/wp-json\/wp\/v2\/media\/101240"}],"wp:attachment":[{"href":"https:\/\/elithair.com\/fr\/wp-json\/wp\/v2\/media?parent=101236"}],"wp:term":[{"taxonomy":"category","embeddable":true,"href":"https:\/\/elithair.com\/fr\/wp-json\/wp\/v2\/categories?post=101236"},{"taxonomy":"post_tag","embeddable":true,"href":"https:\/\/elithair.com\/fr\/wp-json\/wp\/v2\/tags?post=101236"}],"curies":[{"name":"wp","href":"https:\/\/api.w.org\/{rel}","templated":true}]}}