{"id":91873,"date":"2026-08-29T23:51:01","date_gmt":"2026-08-29T21:51:01","guid":{"rendered":"https:\/\/elithair.com\/es\/trasplante-capilar-blog\/alcohol-y-caida-del-cabello\/"},"modified":"2026-08-29T23:51:01","modified_gmt":"2026-08-29T21:51:01","slug":"alcohol-y-caida-del-cabello","status":"publish","type":"post","link":"https:\/\/elithair.com\/es\/trasplante-capilar-blog\/alcohol-y-caida-del-cabello\/","title":{"rendered":"Alcohol y ca\u00edda del cabello: cu\u00e1nto da\u00f1a de verdad y si tiene vuelta atr\u00e1s"},"content":{"rendered":"\n<div style=\"border-left:4px solid #0079F1;padding:0 0 0 14px;margin:0 0 26px\">\n<p style=\"margin:0 0 14px;color:#2e3033;font-size:17px;line-height:1.65\">M\u00e1s pelo en el desag\u00fce y, de fondo, la duda de si la culpa es de la cerveza de despu\u00e9s del trabajo: en ese punto, la mayor\u00eda busca la relaci\u00f3n entre el alcohol y la ca\u00edda del cabello. La respuesta honesta tiene dos partes. El consumo moderado no est\u00e1 demostrado como causa, y los dos metaan\u00e1lisis m\u00e1s recientes sobre la ca\u00edda hereditaria incluso se contradicen (Alcohol and Alcoholism 2024: odds ratio 1,40, no significativo; BMC Public Health 2026: odds ratio 1,72). Un consumo alto y mantenido, en cambio, interviene en el ciclo capilar a trav\u00e9s de los nutrientes, el h\u00edgado, el sue\u00f1o y el cuero cabelludo, y es solo uno de <a href=\"\/es\/trasplante-capilar-blog\/cuales-son-las-diferentes-causas-y-tipos-de-alopecia\/\">los muchos desencadenantes posibles de la ca\u00edda del cabello<\/a>.<\/p>\n<p style=\"margin:0 0 8px;color:#013366;font-weight:700;font-size:16px\">Lo esencial en pocas l\u00edneas<\/p>\n<ul style=\"margin:0 0 14px;padding:0;color:#2e3033;list-style:none\">\n<li style=\"position:relative;padding:3px 0 3px 24px\"><span style=\"position:absolute;left:0;top:3px;color:#0079F1;font-weight:700\">&#10003;<\/span>El problema no es la copa puntual, sino un consumo alto mantenido durante meses<\/li>\n<li style=\"position:relative;padding:3px 0 3px 24px\"><span style=\"position:absolute;left:0;top:3px;color:#0079F1;font-weight:700\">&#10003;<\/span>El alcohol act\u00faa de forma indirecta: sobre el zinc, el \u00e1cido f\u00f3lico y el hierro, sobre el h\u00edgado y las hormonas, sobre el sue\u00f1o y el cuero cabelludo<\/li>\n<li style=\"position:relative;padding:3px 0 3px 24px\"><span style=\"position:absolute;left:0;top:3px;color:#0079F1;font-weight:700\">&#10003;<\/span>La parte asociada al alcohol suele ser reversible: los primeros pelos nuevos de 3 a 6 meses despu\u00e9s de dejarlo, un cabello visiblemente m\u00e1s denso m\u00e1s bien entre los 6 y los 12 meses<\/li>\n<li style=\"position:relative;padding:3px 0 3px 24px\"><span style=\"position:absolute;left:0;top:3px;color:#0079F1;font-weight:700\">&#10003;<\/span>Si queda un patr\u00f3n en las entradas y la coronilla, detr\u00e1s suele haber adem\u00e1s una ca\u00edda hereditaria<\/li>\n<\/ul>\n<p style=\"margin:0;color:#2e3033\">El \u00edndice le muestra qu\u00e9 encontrar\u00e1 en cada apartado. A partir de ah\u00ed entramos en detalle, mecanismo a mecanismo, con cantidades, plazos y los valores en sangre que conviene llevar a la consulta.<\/p>\n<\/div>\n\n\n\n<h2 class=\"wp-block-heading\">\u00bfQu\u00e9 es la ca\u00edda del cabello por alcohol?<\/h2>\n\n\n\n<p class=\"wp-block-paragraph\"><strong>La ca\u00edda del cabello por alcohol no es un cuadro cl\u00ednico propio, sino un efluvio tel\u00f3geno difuso con el alcohol como cofactor: un consumo alto y mantenido empeora el aporte de nutrientes, sobrecarga el h\u00edgado y el eje hormonal y empuja as\u00ed a m\u00e1s fol\u00edculos a la fase de reposo antes de tiempo. Los fol\u00edculos no se destruyen, y por eso la parte asociada al alcohol vuelve a crecer, por lo general, cuando se deja de beber.<\/strong><\/p>\n\n\n\n<p class=\"wp-block-paragraph\">Lo t\u00edpico es el desfase temporal. Entre el desencadenante y la ca\u00edda visible pasan, seg\u00fan StatPearls, de 1 a 6 meses, unos 3 de media, porque los fol\u00edculos afectados tienen que completar antes su fase de reposo. Quien hoy encuentra m\u00e1s pelo en el cepillo est\u00e1 viendo el resultado de los meses anteriores, no el de la noche de ayer.<\/p>\n\n\n\n<p class=\"wp-block-paragraph\">La definici\u00f3n tiene dos l\u00edmites. El consumo moderado no est\u00e1 demostrado como causa de la ca\u00edda del cabello, y a la pregunta de si el alcohol agrava adem\u00e1s la ca\u00edda hereditaria los dos metaan\u00e1lisis m\u00e1s recientes responden de forma distinta. Los dos puntos, con cifras, en el apartado siguiente.<\/p>\n\n\n\n<h2 class=\"wp-block-heading\">La relaci\u00f3n entre el consumo de alcohol y la ca\u00edda del cabello<\/h2>\n\n\n\n<p class=\"wp-block-paragraph\"><strong>La ca\u00edda del cabello por alcohol<\/strong> puede aparecer cuando un consumo regular o excesivo de alcohol altera funciones corporales centrales. El camino no pasa por el pelo en s\u00ed, sino por el metabolismo: se desplazan la absorci\u00f3n de nutrientes, el metabolismo hep\u00e1tico, el equilibrio hormonal y el sue\u00f1o. El fol\u00edculo piloso es uno de los tejidos con mayor actividad de divisi\u00f3n celular del cuerpo, su fase de crecimiento dura, seg\u00fan StatPearls, de 2 a 6 a\u00f1os, y reacciona pronto a esos desajustes.<\/p>\n\n\n\n<p class=\"wp-block-paragraph\">La frase que tanto se repite, que el alcohol estrecha los vasos del cuero cabelludo y empeora as\u00ed la irrigaci\u00f3n, no est\u00e1 demostrada de ese modo. A corto plazo, el alcohol es incluso vasodilatador. Lo que s\u00ed se puede demostrar es el otro eje: al inhibir la hormona ADH tiene efecto diur\u00e9tico, y el equilibrio h\u00eddrico y la barrera cut\u00e1nea lo notan. Adem\u00e1s favorece inflamaciones del cuero cabelludo que pueden alterar todav\u00eda m\u00e1s el crecimiento del pelo.<\/p>\n\n\n\n<p class=\"wp-block-paragraph\">El alcohol act\u00faa tambi\u00e9n sobre el equilibrio hormonal. Un consumo elevado puede influir de forma indirecta en el metabolismo de la testosterona y hacer m\u00e1s visible una alopecia androgen\u00e9tica ya existente. Suele notarse en un pelo cada vez m\u00e1s fino, en unas entradas que retroceden o en la p\u00e9rdida de densidad en la coronilla. Hasta qu\u00e9 punto es s\u00f3lida esta relaci\u00f3n se explica m\u00e1s abajo, en el cap\u00edtulo sobre el h\u00edgado y las hormonas.<\/p>\n\n\n\n<p class=\"wp-block-paragraph\">El alcohol sobrecarga el organismo en su conjunto: le quita l\u00edquido, debilita el sistema inmunitario y favorece las carencias de nutrientes. Como las ra\u00edces del pelo est\u00e1n entre las \u00faltimas c\u00e9lulas en recibir suministro, reaccionan con especial sensibilidad a esa falta. Si la carencia se mantiene, puede afectar al crecimiento del pelo y favorecer su ca\u00edda. El fol\u00edculo pasa entonces antes de tiempo a la fase de reposo, que seg\u00fan StatPearls dura de 3 a 4 meses, y justo de ah\u00ed surge la <a href=\"\/es\/trasplante-capilar-blog\/caida-difusa-del-cabello\/\">ca\u00edda difusa del cabello<\/a> que perciben los afectados.<\/p>\n\n\n\n<p class=\"wp-block-paragraph\">Para situarlo bien: en la gu\u00eda cl\u00ednica alemana AWMF sobre el diagn\u00f3stico y el tratamiento de las alopecias, el alcohol no aparece como un tipo propio de ca\u00edda del cabello, sino como mucho como un cofactor modificable en la ca\u00edda difusa. Los estudios tampoco son un\u00e1nimes: un metaan\u00e1lisis publicado en Alcohol and Alcoholism (2024, 6 estudios, 7.072 participantes) no encontr\u00f3 ninguna relaci\u00f3n estad\u00edsticamente significativa con la ca\u00edda hereditaria, con una odds ratio de 1,40 (intervalo de confianza de 0,95 a 2,32); una revisi\u00f3n m\u00e1s amplia en BMC Public Health (2026, 31 estudios, 11.224 casos) s\u00ed hall\u00f3 una odds ratio de 1,72 (1,28 a 2,32).<\/p>\n\n\n<div class=\"wp-block-image\">\n<figure class=\"aligncenter size-large is-resized\" style=\"max-width:560px;margin-left:auto;margin-right:auto\"><img decoding=\"async\" src=\"https:\/\/elithair.com\/es\/wp-content\/uploads\/sites\/5\/2026\/08\/follikel_versorgung.png\" alt=\"Ilustraci\u00f3n de un fol\u00edculo piloso en un corte transversal del cuero cabelludo con los capilares que lo rodean y lo nutren\" class=\"wp-image-92158\" style=\"width:560px;max-width:100%;height:auto\"\/><\/figure>\n<\/div>\n\n\n<h2 class=\"wp-block-heading\">C\u00f3mo altera el alcohol el crecimiento del pelo: los cuatro mecanismos<\/h2>\n\n\n\n<p class=\"wp-block-paragraph\">El alcohol act\u00faa sobre el pelo por cuatro v\u00edas: los nutrientes, el h\u00edgado y las hormonas, el sue\u00f1o y, por \u00faltimo, el equilibrio h\u00eddrico y el cuero cabelludo. Ninguna de estas v\u00edas afecta directamente a la ra\u00edz del pelo, y las cuatro necesitan tiempo. Eso explica por qu\u00e9 una copa de vino por la noche no se valora igual que una botella al d\u00eda durante dos a\u00f1os.<\/p>\n\n\n\n<h3 class=\"wp-block-heading\">C\u00f3mo el alcohol priva al pelo de zinc, hierro y vitaminas del grupo B<\/h3>\n\n\n\n<p class=\"wp-block-paragraph\">El consumo cr\u00f3nico de alcohol reduce el aporte de nutrientes por partida doble: baja la absorci\u00f3n en el intestino y sube la eliminaci\u00f3n. En el caso del zinc est\u00e1n descritas las dos, una menor absorci\u00f3n intestinal y una mayor excreci\u00f3n renal (LLL Nutrition in Clinical Medicine). En el \u00e1cido f\u00f3lico se suman tres caminos: malabsorci\u00f3n en el intestino, menor captaci\u00f3n en el h\u00edgado y una p\u00e9rdida acelerada por el ri\u00f1\u00f3n (revisi\u00f3n sobre los d\u00e9ficits nutricionales en el alcoholismo publicada en Psychiatry Investigation).<\/p>\n\n\n\n<p class=\"wp-block-paragraph\">La vitamina B12 y la tiamina sufren adem\u00e1s el efecto t\u00f3xico directo del alcohol sobre la mucosa intestinal. Para el pelo, estos nutrientes son relevantes porque el zinc participa en la formaci\u00f3n de la queratina, el hierro asegura el transporte de ox\u00edgeno hasta la matriz del pelo, en plena divisi\u00f3n celular, y las vitaminas del grupo B intervienen en el metabolismo energ\u00e9tico de esas c\u00e9lulas. Si falta alguno durante meses, sube la proporci\u00f3n de fol\u00edculos en fase tel\u00f3gena. La cantidad diaria necesaria depende de la edad, el sexo y la alimentaci\u00f3n; la Agencia Espa\u00f1ola de Seguridad Alimentaria y Nutrici\u00f3n (AESAN) recoge las recomendaciones diet\u00e9ticas de referencia, tambi\u00e9n para el hierro, el folato y la vitamina B12.<\/p>\n\n\n\n<div style=\"border-left:4px solid #0079F1;background:#f6f9fc;border-radius:0 10px 10px 0;padding:14px 18px;margin:24px 0\">\n<p style=\"margin:0;color:#2e3033;font-size:15px;line-height:1.65\"><span style=\"color:#013366;font-weight:700\">\u2192 Para leer m\u00e1s:<\/span> Qu\u00e9 nutrientes necesita realmente el pelo se explica en el art\u00edculo sobre las <a href=\"\/es\/trasplante-capilar-blog\/vitaminas-caida-del-cabello\/\">vitaminas contra la ca\u00edda del cabello<\/a>. Por qu\u00e9 <a href=\"\/es\/trasplante-capilar-blog\/deficiencia-de-hierro-caida-del-cabello\/\">la falta de hierro<\/a> est\u00e1 entre las causas m\u00e1s frecuentes del afinamiento difuso se explica en su propio art\u00edculo.<\/p>\n<\/div>\n\n\n\n<h3 class=\"wp-block-heading\">Por qu\u00e9 el h\u00edgado y el equilibrio hormonal influyen en el pelo cuando el consumo es cr\u00f3nico<\/h3>\n\n\n\n<p class=\"wp-block-paragraph\">El efecto hormonal del alcohol tiene dos niveles que a menudo se mezclan. A corto plazo, tras una dosis baja, la testosterona del hombre sube ligeramente: en el estudio cruzado y controlado con placebo de Sarkola y Eriksson (2003), el valor plasm\u00e1tico pas\u00f3 de 13,5 a 16,0 nmol\/l tras 0,5 g de alcohol por kilo de peso corporal. El efecto desaparece en un plazo de 2 a 6 horas.<\/p>\n\n\n\n<p class=\"wp-block-paragraph\">Con un consumo cr\u00f3nico elevado y un da\u00f1o hep\u00e1tico incipiente, el cuadro se invierte. Sube la actividad de la aromatasa en el h\u00edgado y se convierten m\u00e1s andr\u00f3genos en estr\u00f3genos. En la hepatitis alcoh\u00f3lica y en la cirrosis, distintos trabajos describen hiperestrogenemia hasta en el 70 por ciento de los pacientes, mientras la testosterona baja claramente (Purohit, Alcohol 2000; Hepatology 2000).<\/p>\n\n\n\n<p class=\"wp-block-paragraph\">De ah\u00ed se deduce una correcci\u00f3n que en internet suele aparecer al rev\u00e9s: la cadena \u00abel alcohol sube la testosterona, la testosterona sube la DHT y la DHT agrava la ca\u00edda del cabello\u00bb no est\u00e1 demostrada. Y el mecanismo de la cirrosis no se puede trasladar a quien bebe de forma ocasional. Lo que queda: con un consumo alto durante a\u00f1os el eje hormonal est\u00e1 desplazado, y eso puede acompa\u00f1ar a un patr\u00f3n androgen\u00e9tico ya presente.<\/p>\n\n\n\n<h3 class=\"wp-block-heading\">C\u00f3mo cambia el alcohol el sue\u00f1o y qu\u00e9 tiene eso que ver con la ca\u00edda del cabello<\/h3>\n\n\n\n<p class=\"wp-block-paragraph\">El alcohol acorta el tiempo que se tarda en dormirse y empeora la segunda mitad de la noche. El metaan\u00e1lisis de Ebrahim y colegas (2013, 27 estudios) describe un efecto dependiente de la dosis: por debajo de una alcoholemia del 0,05 por ciento, una leve supresi\u00f3n del sue\u00f1o REM; entre el 0,05 y el 0,10 por ciento, una fragmentaci\u00f3n clara de la segunda mitad de la noche; por encima del 0,10 por ciento, una supresi\u00f3n marcada del REM.<\/p>\n\n\n\n<p class=\"wp-block-paragraph\">Para el pelo, esta es la m\u00e1s indirecta de las cuatro v\u00edas. No existe ning\u00fan estudio que relacione directamente la falta de sue\u00f1o en personas que beben con la ca\u00edda del cabello. Lo plausible es la conexi\u00f3n a trav\u00e9s del eje del estr\u00e9s: dormir mal de forma sostenida mantiene alto el cortisol, y el estr\u00e9s est\u00e1 reconocido como desencadenante de un efluvio tel\u00f3geno. Como prueba de una cadena causal no sirve; como cofactor, s\u00ed.<\/p>\n\n\n\n<h3 class=\"wp-block-heading\">Cuero cabelludo seco e irritado: qu\u00e9 cambia el alcohol en el equilibrio h\u00eddrico<\/h3>\n\n\n\n<p class=\"wp-block-paragraph\">El alcohol inhibe la hormona antidiur\u00e9tica ADH y por eso tiene efecto diur\u00e9tico. En el cuero cabelludo, esto no da\u00f1a la ra\u00edz del pelo, sino que deja una barrera m\u00e1s seca y m\u00e1s sensible: aparecen con m\u00e1s frecuencia descamaci\u00f3n, tirantez y picor, y el pelo seco se rompe con m\u00e1s facilidad. La rotura del pelo no es lo mismo que la ca\u00edda, aunque en el cepillo se parezcan.<\/p>\n\n\n\n<p class=\"wp-block-paragraph\">M\u00e1s tangible es la v\u00eda inflamatoria. En un estudio de casos y controles publicado en Acta Dermato-Venereologica, el consumo regular de alcohol se asoci\u00f3 a una odds ratio de 10,2 para los brotes de dermatitis seborreica. En la psoriasis, un an\u00e1lisis con m\u00e1s de 1.200 pacientes mostr\u00f3 una relaci\u00f3n entre la cantidad ingerida y la gravedad. Las enfermedades inflamatorias del cuero cabelludo pueden a su vez favorecer la p\u00e9rdida de pelo. Eso no demuestra que el alcohol da\u00f1e el fol\u00edculo en s\u00ed.<\/p>\n\n\n\n<style>\n@media (max-width:640px){\n.rt-table-wrap{overflow-x:visible!important;border:0!important;border-radius:0!important}\n.rt-table{min-width:0!important}\n.rt-table thead{display:none}\n.rt-table,.rt-table tbody,.rt-table tr,.rt-table td{display:block;width:100%}\n.rt-table caption{display:block;padding:0 0 12px!important}\n.rt-table tr{margin:0 0 12px;border:1px solid #dbe4f0;border-radius:10px;overflow:hidden}\n.rt-table tr:last-child{margin-bottom:0}\n.rt-table td{display:flex!important;flex-direction:column;gap:3px;padding:12px 14px!important;\nborder:0!important;border-bottom:1px solid #e3e8ef!important;background:#ffffff!important}\n.rt-table tr td:last-child{border-bottom:0!important}\n.rt-table td::before{content:attr(data-label);font-size:12px;font-weight:700;letter-spacing:.04em;\ntext-transform:uppercase;color:#5799F1}\n.rt-table td:not([data-label])::before,.rt-table td[data-label=\"\"]::before{display:none}\n}\n<\/style>\n<div class=\"rt-table-wrap\" style=\"overflow-x:auto;-webkit-overflow-scrolling:touch;margin:28px 0;border:1px solid #dbe4f0;border-radius:12px\">\n  <table class=\"rt-table\" style=\"width:100%;min-width:660px;table-layout:fixed;border-collapse:separate;border-spacing:0;font-size:15px;margin:0\">\n    <caption style=\"caption-side:top;text-align:left;color:#003366;font-weight:700;font-size:16px;line-height:1.35;padding:14px 16px 10px;background:#ffffff\">Qu\u00e9 cambia el alcohol en el cuerpo y qu\u00e9 nota el pelo de todo ello<\/caption>\n    <thead>\n      <tr>\n        <th style=\"width:22%;background:#003366;color:#ffffff;font-weight:700;text-align:left;vertical-align:middle;padding:13px 16px;font-size:15px;line-height:1.4;border:0;overflow-wrap:break-word\">Qu\u00e9 cambia el alcohol<\/th>\n        <th style=\"background:#003366;color:#ffffff;font-weight:700;text-align:left;vertical-align:middle;padding:13px 16px;font-size:15px;line-height:1.4;border:0;overflow-wrap:break-word\">Por qu\u00e9<\/th>\n        <th style=\"background:#003366;color:#ffffff;font-weight:700;text-align:left;vertical-align:middle;padding:13px 16px;font-size:15px;line-height:1.4;border:0;overflow-wrap:break-word\">Qu\u00e9 nota el pelo<\/th>\n        <th style=\"background:#003366;color:#ffffff;font-weight:700;text-align:left;vertical-align:middle;padding:13px 16px;font-size:15px;line-height:1.4;border:0;overflow-wrap:break-word\">Clasificaci\u00f3n cient\u00edfica<\/th>\n      <\/tr>\n    <\/thead>\n    <tbody>\n      <tr>\n        <td data-label=\"Qu\u00e9 cambia el alcohol\" style=\"background:#ffffff;color:#003366;font-weight:700;text-align:left;vertical-align:top;padding:13px 16px;font-size:15px;line-height:1.55;border:0;border-bottom:1px solid #e3e8ef;overflow-wrap:break-word\">Zinc, \u00e1cido f\u00f3lico, vitaminas del grupo B, hierro<\/td>\n        <td data-label=\"Por qu\u00e9\" style=\"background:#ffffff;color:#22303e;font-weight:400;text-align:left;vertical-align:top;padding:13px 16px;font-size:15px;line-height:1.55;border:0;border-bottom:1px solid #e3e8ef;overflow-wrap:break-word\">menor absorci\u00f3n en el intestino, mayor eliminaci\u00f3n por el ri\u00f1\u00f3n<\/td>\n        <td data-label=\"Qu\u00e9 nota el pelo\" style=\"background:#ffffff;color:#22303e;font-weight:400;text-align:left;vertical-align:top;padding:13px 16px;font-size:15px;line-height:1.55;border:0;border-bottom:1px solid #e3e8ef;overflow-wrap:break-word\">pelo cada vez m\u00e1s fino, estructura quebradiza, m\u00e1s fol\u00edculos en fase de reposo<\/td>\n        <td data-label=\"Clasificaci\u00f3n cient\u00edfica\" style=\"background:#ffffff;color:#22303e;font-weight:400;text-align:left;vertical-align:top;padding:13px 16px;font-size:15px;line-height:1.55;border:0;border-bottom:1px solid #e3e8ef;overflow-wrap:break-word\">Demostrado<\/td>\n      <\/tr>\n      <tr>\n        <td data-label=\"Qu\u00e9 cambia el alcohol\" style=\"background:#f6f9fc;color:#003366;font-weight:700;text-align:left;vertical-align:top;padding:13px 16px;font-size:15px;line-height:1.55;border:0;border-bottom:1px solid #e3e8ef;overflow-wrap:break-word\">Metabolismo hep\u00e1tico y hormonal<\/td>\n        <td data-label=\"Por qu\u00e9\" style=\"background:#f6f9fc;color:#22303e;font-weight:400;text-align:left;vertical-align:top;padding:13px 16px;font-size:15px;line-height:1.55;border:0;border-bottom:1px solid #e3e8ef;overflow-wrap:break-word\">degradaci\u00f3n alterada de los esteroides, mayor actividad de la aromatasa cuando hay da\u00f1o hep\u00e1tico<\/td>\n        <td data-label=\"Qu\u00e9 nota el pelo\" style=\"background:#f6f9fc;color:#22303e;font-weight:400;text-align:left;vertical-align:top;padding:13px 16px;font-size:15px;line-height:1.55;border:0;border-bottom:1px solid #e3e8ef;overflow-wrap:break-word\">puede hacer que un patr\u00f3n androgen\u00e9tico existente se marque m\u00e1s<\/td>\n        <td data-label=\"Clasificaci\u00f3n cient\u00edfica\" style=\"background:#f6f9fc;color:#22303e;font-weight:400;text-align:left;vertical-align:top;padding:13px 16px;font-size:15px;line-height:1.55;border:0;border-bottom:1px solid #e3e8ef;overflow-wrap:break-word\">Demostrado con un consumo cr\u00f3nico elevado<\/td>\n      <\/tr>\n      <tr>\n        <td data-label=\"Qu\u00e9 cambia el alcohol\" style=\"background:#ffffff;color:#003366;font-weight:700;text-align:left;vertical-align:top;padding:13px 16px;font-size:15px;line-height:1.55;border:0;border-bottom:1px solid #e3e8ef;overflow-wrap:break-word\">Arquitectura del sue\u00f1o<\/td>\n        <td data-label=\"Por qu\u00e9\" style=\"background:#ffffff;color:#22303e;font-weight:400;text-align:left;vertical-align:top;padding:13px 16px;font-size:15px;line-height:1.55;border:0;border-bottom:1px solid #e3e8ef;overflow-wrap:break-word\">supresi\u00f3n del REM, segunda mitad de la noche fragmentada<\/td>\n        <td data-label=\"Qu\u00e9 nota el pelo\" style=\"background:#ffffff;color:#22303e;font-weight:400;text-align:left;vertical-align:top;padding:13px 16px;font-size:15px;line-height:1.55;border:0;border-bottom:1px solid #e3e8ef;overflow-wrap:break-word\">act\u00faa de forma indirecta sobre el ciclo capilar a trav\u00e9s del eje del estr\u00e9s<\/td>\n        <td data-label=\"Clasificaci\u00f3n cient\u00edfica\" style=\"background:#ffffff;color:#22303e;font-weight:400;text-align:left;vertical-align:top;padding:13px 16px;font-size:15px;line-height:1.55;border:0;border-bottom:1px solid #e3e8ef;overflow-wrap:break-word\">Consecuencia indirecta<\/td>\n      <\/tr>\n      <tr>\n        <td data-label=\"Qu\u00e9 cambia el alcohol\" style=\"background:#f6f9fc;color:#003366;font-weight:700;text-align:left;vertical-align:top;padding:13px 16px;font-size:15px;line-height:1.55;border:0;border-bottom:1px solid #e3e8ef;overflow-wrap:break-word\">Equilibrio h\u00eddrico y cuero cabelludo<\/td>\n        <td data-label=\"Por qu\u00e9\" style=\"background:#f6f9fc;color:#22303e;font-weight:400;text-align:left;vertical-align:top;padding:13px 16px;font-size:15px;line-height:1.55;border:0;border-bottom:1px solid #e3e8ef;overflow-wrap:break-word\">supresi\u00f3n de la ADH, barrera m\u00e1s seca, mayor tendencia a la inflamaci\u00f3n<\/td>\n        <td data-label=\"Qu\u00e9 nota el pelo\" style=\"background:#f6f9fc;color:#22303e;font-weight:400;text-align:left;vertical-align:top;padding:13px 16px;font-size:15px;line-height:1.55;border:0;border-bottom:1px solid #e3e8ef;overflow-wrap:break-word\">cuero cabelludo seco e irritado, descamaci\u00f3n, rotura del pelo<\/td>\n        <td data-label=\"Clasificaci\u00f3n cient\u00edfica\" style=\"background:#f6f9fc;color:#22303e;font-weight:400;text-align:left;vertical-align:top;padding:13px 16px;font-size:15px;line-height:1.55;border:0;border-bottom:1px solid #e3e8ef;overflow-wrap:break-word\">Consecuencia indirecta<\/td>\n      <\/tr>\n      <tr>\n        <td data-label=\"Qu\u00e9 cambia el alcohol\" style=\"background:#ffffff;color:#003366;font-weight:700;text-align:left;vertical-align:top;padding:13px 16px;font-size:15px;line-height:1.55;border:0;overflow-wrap:break-word\">Ca\u00edda hereditaria de forma directa<\/td>\n        <td data-label=\"Por qu\u00e9\" style=\"background:#ffffff;color:#22303e;font-weight:400;text-align:left;vertical-align:top;padding:13px 16px;font-size:15px;line-height:1.55;border:0;overflow-wrap:break-word\">asociaci\u00f3n epidemiol\u00f3gica, el estilo de vida como posible factor de confusi\u00f3n<\/td>\n        <td data-label=\"Qu\u00e9 nota el pelo\" style=\"background:#ffffff;color:#22303e;font-weight:400;text-align:left;vertical-align:top;padding:13px 16px;font-size:15px;line-height:1.55;border:0;overflow-wrap:break-word\">los estudios llegan a resultados distintos<\/td>\n        <td data-label=\"Clasificaci\u00f3n cient\u00edfica\" style=\"background:#ffffff;color:#22303e;font-weight:400;text-align:left;vertical-align:top;padding:13px 16px;font-size:15px;line-height:1.55;border:0;overflow-wrap:break-word\">Evidencia limitada<\/td>\n      <\/tr>\n    <\/tbody>\n  <\/table>\n<\/div>\n\n\n<div class=\"wp-block-image\">\n<figure class=\"aligncenter size-large is-resized\" style=\"max-width:720px;margin-left:auto;margin-right:auto\"><img decoding=\"async\" src=\"https:\/\/elithair.com\/es\/wp-content\/uploads\/sites\/5\/2026\/08\/vier_mechanismen__es.png\" alt=\"Infograf\u00eda: cuatro v\u00edas por las que el alcohol altera el crecimiento del pelo, desde la absorci\u00f3n de nutrientes hasta el cuero cabelludo\" class=\"wp-image-92159\" style=\"width:720px;max-width:100%;height:auto\"\/><\/figure>\n<\/div>\n\n\n<h2 class=\"wp-block-heading\">\u00bfCu\u00e1nto alcohol es demasiado para el pelo?<\/h2>\n\n\n\n<p class=\"wp-block-paragraph\">El consumo moderado de alcohol no est\u00e1 demostrado como causa de la ca\u00edda del cabello. La cantidad se vuelve relevante all\u00ed donde se mantiene alta durante meses, porque solo entonces se alteran de forma medible las reservas de nutrientes, los valores hep\u00e1ticos y el eje hormonal. Una copa de vino con la comida no es, con los datos actuales, un riesgo para el pelo.<\/p>\n\n\n\n<p class=\"wp-block-paragraph\">Para situarlo, ayudan las definiciones oficiales. Una unidad de bebida est\u00e1ndar (UBE) equivale en Espa\u00f1a a 10 g de alcohol puro (Ministerio de Sanidad). El propio Ministerio sit\u00faa el consumo de bajo riesgo en un m\u00e1ximo de 20 g al d\u00eda, es decir, 2 UBE, en los hombres, y de 10 g al d\u00eda, 1 UBE, en las mujeres.<\/p>\n\n\n\n<p class=\"wp-block-paragraph\">Esos l\u00edmites no describen una zona segura. El Ministerio de Sanidad advierte de que no existe una cantidad de alcohol realmente libre de riesgo, y la OMS formul\u00f3 lo mismo en enero de 2023 para la salud en general. Es una afirmaci\u00f3n sobre el riesgo de c\u00e1ncer y de enfermedad cardiovascular, no sobre la ca\u00edda del cabello. Muchos textos difuminan esa diferencia.<\/p>\n\n\n\n<p class=\"wp-block-paragraph\">Los niveles de riesgo de la OMS van desde la abstinencia hasta el riesgo muy alto, a partir de m\u00e1s de 100 g de alcohol puro al d\u00eda en los hombres y m\u00e1s de 60 g en las mujeres. El consumo en atrac\u00f3n lo define la OMS como al menos 60 g en una sola ocasi\u00f3n, al menos una vez al mes. La tabla siguiente traduce esos niveles a lo que resulta relevante para el pelo.<\/p>\n\n\n\n<style>\n@media (max-width:640px){\n.rt-table-wrap{overflow-x:visible!important;border:0!important;border-radius:0!important}\n.rt-table{min-width:0!important}\n.rt-table thead{display:none}\n.rt-table,.rt-table tbody,.rt-table tr,.rt-table td{display:block;width:100%}\n.rt-table caption{display:block;padding:0 0 12px!important}\n.rt-table tr{margin:0 0 12px;border:1px solid #dbe4f0;border-radius:10px;overflow:hidden}\n.rt-table tr:last-child{margin-bottom:0}\n.rt-table td{display:flex!important;flex-direction:column;gap:3px;padding:12px 14px!important;\nborder:0!important;border-bottom:1px solid #e3e8ef!important;background:#ffffff!important}\n.rt-table tr td:last-child{border-bottom:0!important}\n.rt-table td::before{content:attr(data-label);font-size:12px;font-weight:700;letter-spacing:.04em;\ntext-transform:uppercase;color:#5799F1}\n.rt-table td:not([data-label])::before,.rt-table td[data-label=\"\"]::before{display:none}\n}\n<\/style>\n<div class=\"rt-table-wrap\" style=\"overflow-x:auto;-webkit-overflow-scrolling:touch;margin:28px 0;border:1px solid #dbe4f0;border-radius:12px\">\n  <table class=\"rt-table\" style=\"width:100%;min-width:660px;table-layout:fixed;border-collapse:separate;border-spacing:0;font-size:15px;margin:0\">\n    <caption style=\"caption-side:top;text-align:left;color:#003366;font-weight:700;font-size:16px;line-height:1.35;padding:14px 16px 10px;background:#ffffff\">Clasificar el consumo: a partir de cu\u00e1ndo importa para el pelo y para el cuerpo<\/caption>\n    <thead>\n      <tr>\n        <th style=\"width:22%;background:#003366;color:#ffffff;font-weight:700;text-align:left;vertical-align:middle;padding:13px 16px;font-size:15px;line-height:1.4;border:0;overflow-wrap:break-word\">Patr\u00f3n de consumo<\/th>\n        <th style=\"background:#003366;color:#ffffff;font-weight:700;text-align:left;vertical-align:middle;padding:13px 16px;font-size:15px;line-height:1.4;border:0;overflow-wrap:break-word\">C\u00f3mo lo clasifican las sociedades cient\u00edficas<\/th>\n        <th style=\"background:#003366;color:#ffffff;font-weight:700;text-align:left;vertical-align:middle;padding:13px 16px;font-size:15px;line-height:1.4;border:0;overflow-wrap:break-word\">Qu\u00e9 es relevante para el pelo<\/th>\n        <th style=\"background:#003366;color:#ffffff;font-weight:700;text-align:left;vertical-align:middle;padding:13px 16px;font-size:15px;line-height:1.4;border:0;overflow-wrap:break-word\">Qu\u00e9 tiene sentido ahora<\/th>\n      <\/tr>\n    <\/thead>\n    <tbody>\n      <tr>\n        <td data-label=\"Patr\u00f3n de consumo\" style=\"background:#ffffff;color:#003366;font-weight:700;text-align:left;vertical-align:top;padding:13px 16px;font-size:15px;line-height:1.55;border:0;border-bottom:1px solid #e3e8ef;overflow-wrap:break-word\">Nada de alcohol<\/td>\n        <td data-label=\"C\u00f3mo lo clasifican las sociedades cient\u00edficas\" style=\"background:#ffffff;color:#22303e;font-weight:400;text-align:left;vertical-align:top;padding:13px 16px;font-size:15px;line-height:1.55;border:0;border-bottom:1px solid #e3e8ef;overflow-wrap:break-word\">el \u00fanico nivel sin riesgo para la salud atribuible al alcohol (OMS)<\/td>\n        <td data-label=\"Qu\u00e9 es relevante para el pelo\" style=\"background:#ffffff;color:#22303e;font-weight:400;text-align:left;vertical-align:top;padding:13px 16px;font-size:15px;line-height:1.55;border:0;border-bottom:1px solid #e3e8ef;overflow-wrap:break-word\">ninguna contribuci\u00f3n del alcohol a la ca\u00edda del cabello<\/td>\n        <td data-label=\"Qu\u00e9 tiene sentido ahora\" style=\"background:#ffffff;color:#22303e;font-weight:400;text-align:left;vertical-align:top;padding:13px 16px;font-size:15px;line-height:1.55;border:0;border-bottom:1px solid #e3e8ef;overflow-wrap:break-word\">si hay ca\u00edda del cabello, hacer estudiar las dem\u00e1s causas<\/td>\n      <\/tr>\n      <tr>\n        <td data-label=\"Patr\u00f3n de consumo\" style=\"background:#f6f9fc;color:#003366;font-weight:700;text-align:left;vertical-align:top;padding:13px 16px;font-size:15px;line-height:1.55;border:0;border-bottom:1px solid #e3e8ef;overflow-wrap:break-word\">Hasta 1 UBE al d\u00eda (mujeres) o 2 UBE al d\u00eda (hombres)<\/td>\n        <td data-label=\"C\u00f3mo lo clasifican las sociedades cient\u00edficas\" style=\"background:#f6f9fc;color:#22303e;font-weight:400;text-align:left;vertical-align:top;padding:13px 16px;font-size:15px;line-height:1.55;border:0;border-bottom:1px solid #e3e8ef;overflow-wrap:break-word\">l\u00edmite de consumo de bajo riesgo del Ministerio de Sanidad (10 g o 20 g al d\u00eda), con la advertencia de que no existe una cantidad libre de riesgo<\/td>\n        <td data-label=\"Qu\u00e9 es relevante para el pelo\" style=\"background:#f6f9fc;color:#22303e;font-weight:400;text-align:left;vertical-align:top;padding:13px 16px;font-size:15px;line-height:1.55;border:0;border-bottom:1px solid #e3e8ef;overflow-wrap:break-word\">no est\u00e1 demostrado como causa de la ca\u00edda del cabello<\/td>\n        <td data-label=\"Qu\u00e9 tiene sentido ahora\" style=\"background:#f6f9fc;color:#22303e;font-weight:400;text-align:left;vertical-align:top;padding:13px 16px;font-size:15px;line-height:1.55;border:0;border-bottom:1px solid #e3e8ef;overflow-wrap:break-word\">mencionar la cantidad en la consulta, porque influye en los valores anal\u00edticos<\/td>\n      <\/tr>\n      <tr>\n        <td data-label=\"Patr\u00f3n de consumo\" style=\"background:#ffffff;color:#003366;font-weight:700;text-align:left;vertical-align:top;padding:13px 16px;font-size:15px;line-height:1.55;border:0;border-bottom:1px solid #e3e8ef;overflow-wrap:break-word\">Claramente m\u00e1s, de forma regular y durante meses<\/td>\n        <td data-label=\"C\u00f3mo lo clasifican las sociedades cient\u00edficas\" style=\"background:#ffffff;color:#22303e;font-weight:400;text-align:left;vertical-align:top;padding:13px 16px;font-size:15px;line-height:1.55;border:0;border-bottom:1px solid #e3e8ef;overflow-wrap:break-word\">por encima de los l\u00edmites de bajo riesgo; el riesgo sube con la cantidad diaria (OMS)<\/td>\n        <td data-label=\"Qu\u00e9 es relevante para el pelo\" style=\"background:#ffffff;color:#22303e;font-weight:400;text-align:left;vertical-align:top;padding:13px 16px;font-size:15px;line-height:1.55;border:0;border-bottom:1px solid #e3e8ef;overflow-wrap:break-word\">las reservas de nutrientes y los valores hep\u00e1ticos pueden alterarse de forma medible; aqu\u00ed es donde act\u00faan los cuatro mecanismos<\/td>\n        <td data-label=\"Qu\u00e9 tiene sentido ahora\" style=\"background:#ffffff;color:#22303e;font-weight:400;text-align:left;vertical-align:top;padding:13px 16px;font-size:15px;line-height:1.55;border:0;border-bottom:1px solid #e3e8ef;overflow-wrap:break-word\">reducir la cantidad, anal\u00edtica y consulta m\u00e9dica<\/td>\n      <\/tr>\n      <tr>\n        <td data-label=\"Patr\u00f3n de consumo\" style=\"background:#f6f9fc;color:#003366;font-weight:700;text-align:left;vertical-align:top;padding:13px 16px;font-size:15px;line-height:1.55;border:0;border-bottom:1px solid #e3e8ef;overflow-wrap:break-word\">Consumo en atrac\u00f3n: 60 g o m\u00e1s en una sola ocasi\u00f3n, al menos una vez al mes<\/td>\n        <td data-label=\"C\u00f3mo lo clasifican las sociedades cient\u00edficas\" style=\"background:#f6f9fc;color:#22303e;font-weight:400;text-align:left;vertical-align:top;padding:13px 16px;font-size:15px;line-height:1.55;border:0;border-bottom:1px solid #e3e8ef;overflow-wrap:break-word\">definici\u00f3n de binge drinking de la OMS<\/td>\n        <td data-label=\"Qu\u00e9 es relevante para el pelo\" style=\"background:#f6f9fc;color:#22303e;font-weight:400;text-align:left;vertical-align:top;padding:13px 16px;font-size:15px;line-height:1.55;border:0;border-bottom:1px solid #e3e8ef;overflow-wrap:break-word\">un episodio no vac\u00eda las reservas; repetido durante meses, se acumula<\/td>\n        <td data-label=\"Qu\u00e9 tiene sentido ahora\" style=\"background:#f6f9fc;color:#22303e;font-weight:400;text-align:left;vertical-align:top;padding:13px 16px;font-size:15px;line-height:1.55;border:0;border-bottom:1px solid #e3e8ef;overflow-wrap:break-word\">contar la cantidad semanal en UBE en lugar de estimarla a ojo<\/td>\n      <\/tr>\n      <tr>\n        <td data-label=\"Patr\u00f3n de consumo\" style=\"background:#ffffff;color:#003366;font-weight:700;text-align:left;vertical-align:top;padding:13px 16px;font-size:15px;line-height:1.55;border:0;overflow-wrap:break-word\">M\u00e1s de 100 g al d\u00eda (hombres) o 60 g (mujeres)<\/td>\n        <td data-label=\"C\u00f3mo lo clasifican las sociedades cient\u00edficas\" style=\"background:#ffffff;color:#22303e;font-weight:400;text-align:left;vertical-align:top;padding:13px 16px;font-size:15px;line-height:1.55;border:0;overflow-wrap:break-word\">riesgo muy alto (niveles de riesgo de la OMS)<\/td>\n        <td data-label=\"Qu\u00e9 es relevante para el pelo\" style=\"background:#ffffff;color:#22303e;font-weight:400;text-align:left;vertical-align:top;padding:13px 16px;font-size:15px;line-height:1.55;border:0;overflow-wrap:break-word\">con frecuencia carencias acompa\u00f1antes, valores hep\u00e1ticos alterados, eje hormonal desajustado<\/td>\n        <td data-label=\"Qu\u00e9 tiene sentido ahora\" style=\"background:#ffffff;color:#22303e;font-weight:400;text-align:left;vertical-align:top;padding:13px 16px;font-size:15px;line-height:1.55;border:0;overflow-wrap:break-word\">acompa\u00f1amiento m\u00e9dico; nunca dejarlo de golpe por cuenta propia<\/td>\n      <\/tr>\n    <\/tbody>\n  <\/table>\n<\/div>\n\n\n\n<p class=\"wp-block-paragraph\"><strong>Leyenda sobre la unidad de bebida est\u00e1ndar:<\/strong> 1 UBE equivale aproximadamente a 300 ml de cerveza (4\u00b0), 100 ml de vino (13\u00b0) o 30 ml de una bebida destilada (40\u00b0), es decir, unos 10 g de alcohol puro (Ministerio de Sanidad, L\u00edmites de consumo de bajo riesgo de alcohol). Que sea cerveza, vino o licor no cambia nada: todas las sociedades cient\u00edficas cuentan en gramos de alcohol puro, no en tipos de bebida.<\/p>\n\n\n\n<h3 class=\"wp-block-heading\">Beber los fines de semana o beber a diario: qu\u00e9 diferencia hay para el pelo<\/h3>\n\n\n\n<p class=\"wp-block-paragraph\">Para el pelo cuenta, seg\u00fan lo que se sabe hoy, la cantidad semanal, no el patr\u00f3n. Los mecanismos relevantes necesitan tiempo: una sola noche de atrac\u00f3n no vac\u00eda las reservas de zinc, pero repetirlo durante meses alcanza la misma cantidad de alcohol puro que un consumo diario repartido. Aqu\u00ed falta un estudio, y lo decimos abiertamente: no existe ning\u00fan trabajo que compare los dos patrones con la misma cantidad semanal en cuanto a la ca\u00edda del cabello.<\/p>\n\n\n\n<p class=\"wp-block-paragraph\">En las mujeres, todos los l\u00edmites se sit\u00faan alrededor de la mitad, porque la proporci\u00f3n de agua corporal es menor y la alcohol deshidrogenasa trabaja de otra manera. En el pelo se suma un segundo factor: la falta de hierro es frecuente en las mujeres en edad f\u00e9rtil, y el alcohol empeora todav\u00eda m\u00e1s el aporte de hierro y de folato.<\/p>\n\n\n\n<h2 class=\"wp-block-heading\">S\u00edntomas de la ca\u00edda del cabello por alcohol<\/h2>\n\n\n\n<p class=\"wp-block-paragraph\">La <strong>ca\u00edda del cabello por alcohol<\/strong> se desarrolla casi siempre de forma lenta. Los primeros signos son un pelo cada vez m\u00e1s fino, una estructura capilar que pierde calidad o una mayor p\u00e9rdida de pelo al lavarlo o cepillarlo. Si aparecen estos cambios, puede tener sentido mirar tambi\u00e9n con ojo cr\u00edtico el propio consumo de alcohol. Cu\u00e1ndo una ca\u00edda se considera llamativa se explica en el art\u00edculo sobre la <a href=\"\/es\/trasplante-capilar-blog\/caida-excesiva-del-cabello\/\">ca\u00edda del cabello extrema<\/a>.<\/p>\n\n\n\n<figure class=\"wp-block-image size-full\"><img decoding=\"async\" src=\"https:\/\/elithair.com\/es\/wp-content\/uploads\/sites\/5\/2026\/08\/bestand_91568.png\" alt=\"Varias botellas delante de un hombre que bebe una copa de alcohol con aire deprimido\" class=\"wp-image-92166\"\/><\/figure>\n\n\n\n<p class=\"wp-block-paragraph\">La ca\u00edda del cabello por alcohol puede manifestarse, entre otras formas, en una l\u00ednea de implantaci\u00f3n que retrocede o en un afinamiento m\u00e1s marcado en las entradas y la coronilla. Estos cambios pueden verse favorecidos por los efectos hormonales y metab\u00f3licos del alcohol. Ese patr\u00f3n, sin embargo, es t\u00edpico de la ca\u00edda hereditaria, a la que un consumo elevado puede acompa\u00f1ar y hacer m\u00e1s visible sin haberla provocado.<\/p>\n\n\n<div class=\"wp-block-image\">\n<figure class=\"aligncenter size-large is-resized\" style=\"max-width:560px;margin-left:auto;margin-right:auto\"><img decoding=\"async\" src=\"https:\/\/elithair.com\/es\/wp-content\/uploads\/sites\/5\/2026\/08\/diffus_vs_muster.png\" alt=\"Ilustraci\u00f3n comparativa: a la izquierda, un cabello afinado de forma difusa y uniforme; a la derecha, el patr\u00f3n de la ca\u00edda hereditaria en las entradas y la coronilla\" class=\"wp-image-92160\" style=\"width:560px;max-width:100%;height:auto\"\/><\/figure>\n<\/div>\n\n\n<p class=\"wp-block-paragraph\">Incluso antes de que la p\u00e9rdida sea visible, la calidad del pelo puede empeorar. Es t\u00edpico un cabello apagado, seco o quebradizo. En algunos casos se observa adem\u00e1s un encanecimiento precoz que puede guardar relaci\u00f3n con carencias de nutrientes. Para las canas prematuras, eso s\u00ed, la evidencia es mucho m\u00e1s clara para el tabaco que para el alcohol: un estudio transversal publicado en el Journal of the American Academy of Dermatology se\u00f1ala el tabaco como factor de riesgo, mientras que para el alcohol por s\u00ed solo la relaci\u00f3n es m\u00e1s d\u00e9bil y no est\u00e1 confirmada de forma comparable. M\u00e1s sobre esto en el art\u00edculo sobre tabaco y ca\u00edda del cabello.<\/p>\n\n\n\n<div style=\"margin:26px 0\">\n<p style=\"margin:0 0 14px;color:#013366;font-weight:700;font-size:18px\">Comprobaci\u00f3n de s\u00edntomas: cuatro observaciones y el siguiente paso<\/p>\n<div style=\"border:1px solid #e3e8ef;border-radius:10px;padding:16px;margin-bottom:12px;background:#ffffff\">\n<p style=\"margin:0 0 6px;color:#013366;font-weight:600;font-size:16px;line-height:1.45\"><span style=\"color:#0079F1;font-weight:700\">&#10003;<\/span> M\u00e1s pelo en el cepillo y en el desag\u00fce, durante semanas, sin ninguna zona despoblada<\/p>\n<p style=\"margin:0;color:#2e3033;font-size:15px;line-height:1.6\">Apunta a una ca\u00edda difusa con un desencadenante que se puede eliminar. Siguiente paso: pedir una anal\u00edtica y hablar de la cantidad que se bebe, en copas por semana.<\/p>\n<\/div>\n<div style=\"border:1px solid #e3e8ef;border-radius:10px;padding:16px;margin-bottom:12px;background:#ffffff\">\n<p style=\"margin:0 0 6px;color:#013366;font-weight:600;font-size:16px;line-height:1.45\"><span style=\"color:#0079F1;font-weight:700\">&#10003;<\/span> El afinamiento se nota sobre todo en las entradas y la coronilla<\/p>\n<p style=\"margin:0;color:#2e3033;font-size:15px;line-height:1.6\">Sugiere un patr\u00f3n androgen\u00e9tico, al que el alcohol puede acompa\u00f1ar pero que no explica. Siguiente paso: valoraci\u00f3n dermatol\u00f3gica del patr\u00f3n.<\/p>\n<\/div>\n<div style=\"border:1px solid #e3e8ef;border-radius:10px;padding:16px;margin-bottom:12px;background:#ffffff\">\n<p style=\"margin:0 0 6px;color:#013366;font-weight:600;font-size:16px;line-height:1.45\"><span style=\"color:#0079F1;font-weight:700\">&#10003;<\/span> Adem\u00e1s, cansancio, u\u00f1as quebradizas o grietas en las comisuras de los labios<\/p>\n<p style=\"margin:0;color:#2e3033;font-size:15px;line-height:1.6\">Signos acompa\u00f1antes t\u00edpicos de una carencia de nutrientes. Siguiente paso: determinar la ferritina, el zinc, el \u00e1cido f\u00f3lico y la vitamina B12 junto con el hemograma.<\/p>\n<\/div>\n<div style=\"border:1px solid #e3e8ef;border-radius:10px;padding:16px;margin-bottom:12px;background:#ffffff\">\n<p style=\"margin:0 0 6px;color:#013366;font-weight:600;font-size:16px;line-height:1.45\"><span style=\"color:#0079F1;font-weight:700\">&#10003;<\/span> El cuero cabelludo se descama, tira o pica desde que bebe con m\u00e1s frecuencia<\/p>\n<p style=\"margin:0;color:#2e3033;font-size:15px;line-height:1.6\">Encaja con la v\u00eda inflamatoria y de la barrera cut\u00e1nea. Siguiente paso: valoraci\u00f3n del cuero cabelludo en una consulta dermatol\u00f3gica, en lugar de tratamientos prolongados por cuenta propia.<\/p>\n<\/div>\n<\/div>\n\n\n\n<p class=\"wp-block-paragraph\">Quien note estos s\u00edntomas y consuma alcohol de forma regular deber\u00eda hacer estudiar la causa por un m\u00e9dico. Adem\u00e1s de la valoraci\u00f3n m\u00e9dica, es decisivo reducir el consumo de alcohol para no seguir afectando al crecimiento del pelo.<\/p>\n\n\n\n<h2 class=\"wp-block-heading\">\u00bfAlcohol o ca\u00edda hereditaria? As\u00ed se distinguen los patrones<\/h2>\n\n\n\n<p class=\"wp-block-paragraph\">La ca\u00edda asociada al alcohol afina el pelo de forma uniforme; la ca\u00edda androgen\u00e9tica sigue un patr\u00f3n en las entradas y la coronilla. Quien tiene las dos a la vez ve primero c\u00f3mo se acent\u00faa el patr\u00f3n, porque los fol\u00edculos gen\u00e9ticamente sensibles son los primeros en pasar a la fase de reposo. De esta distinci\u00f3n depende qu\u00e9 tratamiento tiene sentido.<\/p>\n\n\n\n<p class=\"wp-block-paragraph\">Un consumo elevado puede, por tanto, desenmascarar una ca\u00edda hereditaria existente sin ser \u00e9l mismo el desencadenante. Si el alcohol acelera realmente la alopecia androgen\u00e9tica sigue siendo una pregunta abierta: el metaan\u00e1lisis de Alcohol and Alcoholism (2024) no encontr\u00f3 una relaci\u00f3n significativa, mientras que la revisi\u00f3n de BMC Public Health (2026) enumera el alcohol con una odds ratio de 1,72 como uno m\u00e1s entre varios factores de riesgo. Como hip\u00f3tesis se discute una alteraci\u00f3n del entorno inmunitario del cuero cabelludo por el acetaldeh\u00eddo, el producto de degradaci\u00f3n del alcohol; demostrada no est\u00e1.<\/p>\n\n\n\n<style>\n@media (max-width:640px){\n.rt-table-wrap{overflow-x:visible!important;border:0!important;border-radius:0!important}\n.rt-table{min-width:0!important}\n.rt-table thead{display:none}\n.rt-table,.rt-table tbody,.rt-table tr,.rt-table td{display:block;width:100%}\n.rt-table caption{display:block;padding:0 0 12px!important}\n.rt-table tr{margin:0 0 12px;border:1px solid #dbe4f0;border-radius:10px;overflow:hidden}\n.rt-table tr:last-child{margin-bottom:0}\n.rt-table td{display:flex!important;flex-direction:column;gap:3px;padding:12px 14px!important;\nborder:0!important;border-bottom:1px solid #e3e8ef!important;background:#ffffff!important}\n.rt-table tr td:last-child{border-bottom:0!important}\n.rt-table td::before{content:attr(data-label);font-size:12px;font-weight:700;letter-spacing:.04em;\ntext-transform:uppercase;color:#5799F1}\n.rt-table td:not([data-label])::before,.rt-table td[data-label=\"\"]::before{display:none}\n}\n<\/style>\n<div class=\"rt-table-wrap\" style=\"overflow-x:auto;-webkit-overflow-scrolling:touch;margin:28px 0;border:1px solid #dbe4f0;border-radius:12px\">\n  <table class=\"rt-table\" style=\"width:100%;min-width:620px;table-layout:fixed;border-collapse:separate;border-spacing:0;font-size:15px;margin:0\">\n    <caption style=\"caption-side:top;text-align:left;color:#003366;font-weight:700;font-size:16px;line-height:1.35;padding:14px 16px 10px;background:#ffffff\">Difusa o por patr\u00f3n: la diferencia de un vistazo<\/caption>\n    <thead>\n      <tr>\n        <th style=\"width:22%;background:#003366;color:#ffffff;font-weight:700;text-align:left;vertical-align:middle;padding:13px 16px;font-size:15px;line-height:1.4;border:0;overflow-wrap:break-word\">Caracter\u00edstica<\/th>\n        <th style=\"background:#003366;color:#ffffff;font-weight:700;text-align:left;vertical-align:middle;padding:13px 16px;font-size:15px;line-height:1.4;border:0;overflow-wrap:break-word\">Afinamiento difuso (alcohol, carencias, estr\u00e9s)<\/th>\n        <th style=\"background:#003366;color:#ffffff;font-weight:700;text-align:left;vertical-align:middle;padding:13px 16px;font-size:15px;line-height:1.4;border:0;overflow-wrap:break-word\">Patr\u00f3n androgen\u00e9tico<\/th>\n      <\/tr>\n    <\/thead>\n    <tbody>\n      <tr>\n        <td data-label=\"Caracter\u00edstica\" style=\"background:#ffffff;color:#003366;font-weight:700;text-align:left;vertical-align:top;padding:13px 16px;font-size:15px;line-height:1.55;border:0;border-bottom:1px solid #e3e8ef;overflow-wrap:break-word\">Distribuci\u00f3n<\/td>\n        <td data-label=\"Afinamiento difuso (alcohol, carencias, estr\u00e9s)\" style=\"background:#ffffff;color:#22303e;font-weight:400;text-align:left;vertical-align:top;padding:13px 16px;font-size:15px;line-height:1.55;border:0;border-bottom:1px solid #e3e8ef;overflow-wrap:break-word\">uniforme por todo el cuero cabelludo, tambi\u00e9n en la nuca<\/td>\n        <td data-label=\"Patr\u00f3n androgen\u00e9tico\" style=\"background:#ffffff;color:#22303e;font-weight:400;text-align:left;vertical-align:top;padding:13px 16px;font-size:15px;line-height:1.55;border:0;border-bottom:1px solid #e3e8ef;overflow-wrap:break-word\">entradas, l\u00ednea frontal y coronilla; la nuca se mantiene densa<\/td>\n      <\/tr>\n      <tr>\n        <td data-label=\"Caracter\u00edstica\" style=\"background:#f6f9fc;color:#003366;font-weight:700;text-align:left;vertical-align:top;padding:13px 16px;font-size:15px;line-height:1.55;border:0;border-bottom:1px solid #e3e8ef;overflow-wrap:break-word\">Evoluci\u00f3n en el tiempo<\/td>\n        <td data-label=\"Afinamiento difuso (alcohol, carencias, estr\u00e9s)\" style=\"background:#f6f9fc;color:#22303e;font-weight:400;text-align:left;vertical-align:top;padding:13px 16px;font-size:15px;line-height:1.55;border:0;border-bottom:1px solid #e3e8ef;overflow-wrap:break-word\">empieza casi siempre de 1 a 6 meses despu\u00e9s de un desencadenante, a menudo en brotes<\/td>\n        <td data-label=\"Patr\u00f3n androgen\u00e9tico\" style=\"background:#f6f9fc;color:#22303e;font-weight:400;text-align:left;vertical-align:top;padding:13px 16px;font-size:15px;line-height:1.55;border:0;border-bottom:1px solid #e3e8ef;overflow-wrap:break-word\">avanza lentamente a lo largo de los a\u00f1os, sin un desencadenante reconocible<\/td>\n      <\/tr>\n      <tr>\n        <td data-label=\"Caracter\u00edstica\" style=\"background:#ffffff;color:#003366;font-weight:700;text-align:left;vertical-align:top;padding:13px 16px;font-size:15px;line-height:1.55;border:0;border-bottom:1px solid #e3e8ef;overflow-wrap:break-word\">Lo que se nota primero<\/td>\n        <td data-label=\"Afinamiento difuso (alcohol, carencias, estr\u00e9s)\" style=\"background:#ffffff;color:#22303e;font-weight:400;text-align:left;vertical-align:top;padding:13px 16px;font-size:15px;line-height:1.55;border:0;border-bottom:1px solid #e3e8ef;overflow-wrap:break-word\">m\u00e1s pelo al lavarlo y cepillarlo, la raya parece m\u00e1s ancha<\/td>\n        <td data-label=\"Patr\u00f3n androgen\u00e9tico\" style=\"background:#ffffff;color:#22303e;font-weight:400;text-align:left;vertical-align:top;padding:13px 16px;font-size:15px;line-height:1.55;border:0;border-bottom:1px solid #e3e8ef;overflow-wrap:break-word\">la l\u00ednea de implantaci\u00f3n retrocede, la coronilla se transparenta<\/td>\n      <\/tr>\n      <tr>\n        <td data-label=\"Caracter\u00edstica\" style=\"background:#f6f9fc;color:#003366;font-weight:700;text-align:left;vertical-align:top;padding:13px 16px;font-size:15px;line-height:1.55;border:0;border-bottom:1px solid #e3e8ef;overflow-wrap:break-word\">Reacci\u00f3n cuando se elimina el desencadenante<\/td>\n        <td data-label=\"Afinamiento difuso (alcohol, carencias, estr\u00e9s)\" style=\"background:#f6f9fc;color:#22303e;font-weight:400;text-align:left;vertical-align:top;padding:13px 16px;font-size:15px;line-height:1.55;border:0;border-bottom:1px solid #e3e8ef;overflow-wrap:break-word\">recuperaci\u00f3n, por lo general, en un plazo de hasta 6 meses<\/td>\n        <td data-label=\"Patr\u00f3n androgen\u00e9tico\" style=\"background:#f6f9fc;color:#22303e;font-weight:400;text-align:left;vertical-align:top;padding:13px 16px;font-size:15px;line-height:1.55;border:0;border-bottom:1px solid #e3e8ef;overflow-wrap:break-word\">sin reacci\u00f3n, la parte gen\u00e9tica sigue avanzando<\/td>\n      <\/tr>\n      <tr>\n        <td data-label=\"Caracter\u00edstica\" style=\"background:#ffffff;color:#003366;font-weight:700;text-align:left;vertical-align:top;padding:13px 16px;font-size:15px;line-height:1.55;border:0;overflow-wrap:break-word\">Valores anal\u00edticos t\u00edpicos<\/td>\n        <td data-label=\"Afinamiento difuso (alcohol, carencias, estr\u00e9s)\" style=\"background:#ffffff;color:#22303e;font-weight:400;text-align:left;vertical-align:top;padding:13px 16px;font-size:15px;line-height:1.55;border:0;overflow-wrap:break-word\">ferritina, zinc, \u00e1cido f\u00f3lico, vitamina B12 o valores hep\u00e1ticos alterados<\/td>\n        <td data-label=\"Patr\u00f3n androgen\u00e9tico\" style=\"background:#ffffff;color:#22303e;font-weight:400;text-align:left;vertical-align:top;padding:13px 16px;font-size:15px;line-height:1.55;border:0;overflow-wrap:break-word\">valores anal\u00edticos casi siempre normales<\/td>\n      <\/tr>\n    <\/tbody>\n  <\/table>\n<\/div>\n\n\n\n<p class=\"wp-block-paragraph\">Para la pr\u00e1ctica, esto significa, sin rodeos: una ca\u00edda difusa no es indicaci\u00f3n de un trasplante capilar. Solo cuando se han eliminado los desencadenantes y queda un patr\u00f3n cabe plantearse un trasplante, y entonces se trata de la parte gen\u00e9tica, no de la asociada al alcohol. Con frecuencia coinciden las dos.<\/p>\n\n\n\n<p class=\"wp-block-paragraph\">Si no est\u00e1 seguro de qu\u00e9 tipo tiene, el an\u00e1lisis capilar gratuito es la forma m\u00e1s sencilla de aclararlo: valora visualmente, a partir de la distribuci\u00f3n y la densidad, si hay un patr\u00f3n o un afinamiento difuso. No sustituye a un an\u00e1lisis de sangre m\u00e9dico, y el estudio de las causas sigue siendo cosa de la consulta m\u00e9dica.<\/p>\n\n\n\n<div class=\"wp-block-buttons is-content-justification-center is-layout-flex wp-container-core-buttons-is-layout-fe48e5de wp-block-buttons-is-layout-flex\" style=\"justify-content:center;margin-bottom:48px\">\n\n<div class=\"wp-block-button\"><a class=\"wp-block-button__link wp-element-button\" style=\"background-color:#0079F1;color:#ffffff;border-radius:8px;padding:15px 36px;font-weight:700;font-size:17px\" href=\"\/es\/analisis-capilar\/\">Solicitar el an\u00e1lisis capilar gratuito<\/a><\/div>\n\n<\/div>\n\n\n\n<h2 class=\"wp-block-heading\">Diagn\u00f3stico de la ca\u00edda del cabello por alcohol<\/h2>\n\n\n\n<p class=\"wp-block-paragraph\">La <strong>ca\u00edda del cabello por alcohol<\/strong> se diagnostica en la consulta m\u00e9dica. No existe ninguna prueba que la demuestre: el diagn\u00f3stico surge de la anamnesis, incluida la cantidad que se bebe, de la exploraci\u00f3n del cuero cabelludo y del pelo, y de los valores de laboratorio. Ante los primeros indicios conviene acudir al m\u00e9dico de familia o a un especialista.<\/p>\n\n\n<div class=\"wp-block-image\">\n<figure class=\"aligncenter size-large is-resized\" style=\"max-width:720px;margin-left:auto;margin-right:auto\"><img decoding=\"async\" src=\"https:\/\/elithair.com\/es\/wp-content\/uploads\/sites\/5\/2026\/08\/arztgespraech_blutwerte.png\" alt=\"Una m\u00e9dica comenta con un paciente los valores anal\u00edticos; sobre la mesa hay tubos de extracci\u00f3n de sangre\" class=\"wp-image-92161\" style=\"width:720px;max-width:100%;height:auto\"\/><\/figure>\n<\/div>\n\n\n<p class=\"wp-block-paragraph\">Durante la exploraci\u00f3n se valoran el cuero cabelludo y la estructura del pelo y se habla de los posibles s\u00edntomas y de los h\u00e1bitos de consumo. La sinceridad es aqu\u00ed decisiva, porque solo as\u00ed se puede clasificar correctamente la causa de la ca\u00edda. Indique la cantidad en copas por semana, y no como ocasional o moderada, porque de lo contrario los resultados de laboratorio no se pueden interpretar bien.<\/p>\n\n\n\n<p class=\"wp-block-paragraph\">En muchos casos, un an\u00e1lisis de sangre completa el diagn\u00f3stico. Puede dar pistas sobre la sobrecarga por alcohol y sobre las carencias de nutrientes y vitaminas que afectan al crecimiento del pelo. Como un consumo elevado se acompa\u00f1a con frecuencia de d\u00e9ficits, la anal\u00edtica aporta puntos de partida importantes para los siguientes pasos. Qu\u00e9 par\u00e1metros son habituales lo describe tambi\u00e9n el art\u00edculo sobre el an\u00e1lisis de sangre en la ca\u00edda del cabello.<\/p>\n\n\n\n<style>\n@media (max-width:640px){\n.rt-table-wrap{overflow-x:visible!important;border:0!important;border-radius:0!important}\n.rt-table{min-width:0!important}\n.rt-table thead{display:none}\n.rt-table,.rt-table tbody,.rt-table tr,.rt-table td{display:block;width:100%}\n.rt-table caption{display:block;padding:0 0 12px!important}\n.rt-table tr{margin:0 0 12px;border:1px solid #dbe4f0;border-radius:10px;overflow:hidden}\n.rt-table tr:last-child{margin-bottom:0}\n.rt-table td{display:flex!important;flex-direction:column;gap:3px;padding:12px 14px!important;\nborder:0!important;border-bottom:1px solid #e3e8ef!important;background:#ffffff!important}\n.rt-table tr td:last-child{border-bottom:0!important}\n.rt-table td::before{content:attr(data-label);font-size:12px;font-weight:700;letter-spacing:.04em;\ntext-transform:uppercase;color:#5799F1}\n.rt-table td:not([data-label])::before,.rt-table td[data-label=\"\"]::before{display:none}\n}\n<\/style>\n<div class=\"rt-table-wrap\" style=\"overflow-x:auto;-webkit-overflow-scrolling:touch;margin:28px 0;border:1px solid #dbe4f0;border-radius:12px\">\n  <table class=\"rt-table\" style=\"width:100%;min-width:620px;table-layout:fixed;border-collapse:separate;border-spacing:0;font-size:15px;margin:0\">\n    <caption style=\"caption-side:top;text-align:left;color:#003366;font-weight:700;font-size:16px;line-height:1.35;padding:14px 16px 10px;background:#ffffff\">Resumen de valores anal\u00edticos para la visita m\u00e9dica<\/caption>\n    <thead>\n      <tr>\n        <th style=\"width:22%;background:#003366;color:#ffffff;font-weight:700;text-align:left;vertical-align:middle;padding:13px 16px;font-size:15px;line-height:1.4;border:0;overflow-wrap:break-word\">Valor<\/th>\n        <th style=\"background:#003366;color:#ffffff;font-weight:700;text-align:left;vertical-align:middle;padding:13px 16px;font-size:15px;line-height:1.4;border:0;overflow-wrap:break-word\">Por qu\u00e9 es relevante con el alcohol y la ca\u00edda del cabello<\/th>\n        <th style=\"background:#003366;color:#ffffff;font-weight:700;text-align:left;vertical-align:middle;padding:13px 16px;font-size:15px;line-height:1.4;border:0;overflow-wrap:break-word\">En qu\u00e9 se fija el m\u00e9dico<\/th>\n      <\/tr>\n    <\/thead>\n    <tbody>\n      <tr>\n        <td data-label=\"Valor\" style=\"background:#ffffff;color:#003366;font-weight:700;text-align:left;vertical-align:top;padding:13px 16px;font-size:15px;line-height:1.55;border:0;border-bottom:1px solid #e3e8ef;overflow-wrap:break-word\">Hemograma con VCM<\/td>\n        <td data-label=\"Por qu\u00e9 es relevante con el alcohol y la ca\u00edda del cabello\" style=\"background:#ffffff;color:#22303e;font-weight:400;text-align:left;vertical-align:top;padding:13px 16px;font-size:15px;line-height:1.55;border:0;border-bottom:1px solid #e3e8ef;overflow-wrap:break-word\">el alcohol y la falta de \u00e1cido f\u00f3lico o de vitamina B12 modifican el tama\u00f1o y la formaci\u00f3n de los gl\u00f3bulos rojos<\/td>\n        <td data-label=\"En qu\u00e9 se fija el m\u00e9dico\" style=\"background:#ffffff;color:#22303e;font-weight:400;text-align:left;vertical-align:top;padding:13px 16px;font-size:15px;line-height:1.55;border:0;border-bottom:1px solid #e3e8ef;overflow-wrap:break-word\">eritrocitos agrandados como indicio de una carencia o de una sobrecarga por alcohol<\/td>\n      <\/tr>\n      <tr>\n        <td data-label=\"Valor\" style=\"background:#f6f9fc;color:#003366;font-weight:700;text-align:left;vertical-align:top;padding:13px 16px;font-size:15px;line-height:1.55;border:0;border-bottom:1px solid #e3e8ef;overflow-wrap:break-word\">Ferritina, junto con la PCR<\/td>\n        <td data-label=\"Por qu\u00e9 es relevante con el alcohol y la ca\u00edda del cabello\" style=\"background:#f6f9fc;color:#22303e;font-weight:400;text-align:left;vertical-align:top;padding:13px 16px;font-size:15px;line-height:1.55;border:0;border-bottom:1px solid #e3e8ef;overflow-wrap:break-word\">la falta de hierro es una causa frecuente del afinamiento difuso, y el alcohol empeora el aporte<\/td>\n        <td data-label=\"En qu\u00e9 se fija el m\u00e9dico\" style=\"background:#f6f9fc;color:#22303e;font-weight:400;text-align:left;vertical-align:top;padding:13px 16px;font-size:15px;line-height:1.55;border:0;border-bottom:1px solid #e3e8ef;overflow-wrap:break-word\">la ferritina es un reactante de fase aguda y puede salir falsamente alta cuando hay inflamaci\u00f3n; por eso la PCR como valor de control<\/td>\n      <\/tr>\n      <tr>\n        <td data-label=\"Valor\" style=\"background:#ffffff;color:#003366;font-weight:700;text-align:left;vertical-align:top;padding:13px 16px;font-size:15px;line-height:1.55;border:0;border-bottom:1px solid #e3e8ef;overflow-wrap:break-word\">Zinc<\/td>\n        <td data-label=\"Por qu\u00e9 es relevante con el alcohol y la ca\u00edda del cabello\" style=\"background:#ffffff;color:#22303e;font-weight:400;text-align:left;vertical-align:top;padding:13px 16px;font-size:15px;line-height:1.55;border:0;border-bottom:1px solid #e3e8ef;overflow-wrap:break-word\">con un consumo cr\u00f3nico, la absorci\u00f3n baja y la eliminaci\u00f3n por el ri\u00f1\u00f3n sube<\/td>\n        <td data-label=\"En qu\u00e9 se fija el m\u00e9dico\" style=\"background:#ffffff;color:#22303e;font-weight:400;text-align:left;vertical-align:top;padding:13px 16px;font-size:15px;line-height:1.55;border:0;border-bottom:1px solid #e3e8ef;overflow-wrap:break-word\">la relaci\u00f3n con la estructura del pelo, la cicatrizaci\u00f3n y las molestias del cuero cabelludo<\/td>\n      <\/tr>\n      <tr>\n        <td data-label=\"Valor\" style=\"background:#f6f9fc;color:#003366;font-weight:700;text-align:left;vertical-align:top;padding:13px 16px;font-size:15px;line-height:1.55;border:0;border-bottom:1px solid #e3e8ef;overflow-wrap:break-word\">\u00c1cido f\u00f3lico y vitamina B12<\/td>\n        <td data-label=\"Por qu\u00e9 es relevante con el alcohol y la ca\u00edda del cabello\" style=\"background:#f6f9fc;color:#22303e;font-weight:400;text-align:left;vertical-align:top;padding:13px 16px;font-size:15px;line-height:1.55;border:0;border-bottom:1px solid #e3e8ef;overflow-wrap:break-word\">con el alcohol hay una triple v\u00eda de p\u00e9rdida: intestino, h\u00edgado y ri\u00f1\u00f3n<\/td>\n        <td data-label=\"En qu\u00e9 se fija el m\u00e9dico\" style=\"background:#f6f9fc;color:#22303e;font-weight:400;text-align:left;vertical-align:top;padding:13px 16px;font-size:15px;line-height:1.55;border:0;border-bottom:1px solid #e3e8ef;overflow-wrap:break-word\">la valoraci\u00f3n conjunta con el VCM del hemograma<\/td>\n      <\/tr>\n      <tr>\n        <td data-label=\"Valor\" style=\"background:#ffffff;color:#003366;font-weight:700;text-align:left;vertical-align:top;padding:13px 16px;font-size:15px;line-height:1.55;border:0;border-bottom:1px solid #e3e8ef;overflow-wrap:break-word\">GGT, GOT y GPT<\/td>\n        <td data-label=\"Por qu\u00e9 es relevante con el alcohol y la ca\u00edda del cabello\" style=\"background:#ffffff;color:#22303e;font-weight:400;text-align:left;vertical-align:top;padding:13px 16px;font-size:15px;line-height:1.55;border:0;border-bottom:1px solid #e3e8ef;overflow-wrap:break-word\">muestran la sobrecarga actual del h\u00edgado, que participa en el metabolismo hormonal<\/td>\n        <td data-label=\"En qu\u00e9 se fija el m\u00e9dico\" style=\"background:#ffffff;color:#22303e;font-weight:400;text-align:left;vertical-align:top;padding:13px 16px;font-size:15px;line-height:1.55;border:0;border-bottom:1px solid #e3e8ef;overflow-wrap:break-word\">la evoluci\u00f3n a lo largo de varias mediciones, no un valor aislado<\/td>\n      <\/tr>\n      <tr>\n        <td data-label=\"Valor\" style=\"background:#f6f9fc;color:#003366;font-weight:700;text-align:left;vertical-align:top;padding:13px 16px;font-size:15px;line-height:1.55;border:0;overflow-wrap:break-word\">TSH y vitamina D<\/td>\n        <td data-label=\"Por qu\u00e9 es relevante con el alcohol y la ca\u00edda del cabello\" style=\"background:#f6f9fc;color:#22303e;font-weight:400;text-align:left;vertical-align:top;padding:13px 16px;font-size:15px;line-height:1.55;border:0;overflow-wrap:break-word\">descartan un trastorno tiroideo y una carencia acompa\u00f1ante frecuente como otras causas<\/td>\n        <td data-label=\"En qu\u00e9 se fija el m\u00e9dico\" style=\"background:#f6f9fc;color:#22303e;font-weight:400;text-align:left;vertical-align:top;padding:13px 16px;font-size:15px;line-height:1.55;border:0;overflow-wrap:break-word\">delimitar otras causas antes de atribuir la ca\u00edda al alcohol<\/td>\n      <\/tr>\n    <\/tbody>\n  <\/table>\n<\/div>\n\n\n\n<p class=\"wp-block-paragraph\">Dos detalles hacen que el resultado sea realmente \u00fatil. El primero es el momento: la GGT sube ya tras un consumo repetido, en un plazo de 4 a 5 d\u00edas, as\u00ed que un valor tomado justo despu\u00e9s del fin de semana no describe su situaci\u00f3n de partida. Como recomendaci\u00f3n pr\u00e1ctica, conviene dejar al menos 24 horas entre la \u00faltima copa y la extracci\u00f3n.<\/p>\n\n\n\n<p class=\"wp-block-paragraph\">La segunda es la ferritina: como reactante de fase aguda puede salir falsamente alta con cualquier inflamaci\u00f3n y ocultar una verdadera <a href=\"\/es\/trasplante-capilar-blog\/deficiencia-de-hierro-caida-del-cabello\/\">falta de hierro<\/a> , por eso la PCR forma parte del control. Un diagn\u00f3stico m\u00e9dico s\u00f3lido es la base de cualquier tratamiento posterior de la <strong>ca\u00edda del cabello por alcohol<\/strong>. Ayuda a poner en marcha los pasos adecuados y a evitar posibles da\u00f1os posteriores en el pelo y el cuero cabelludo.<\/p>\n\n\n\n<h2 class=\"wp-block-heading\">\u00bfEs reversible la ca\u00edda del cabello por alcohol?<\/h2>\n\n\n\n<p class=\"wp-block-paragraph\">S\u00ed, por lo general. Mientras la ca\u00edda sea difusa y no se sume otra causa, la parte asociada al alcohol es reversible: los fol\u00edculos no se destruyen, sino que pasan antes de tiempo a la fase de reposo. Un efluvio tel\u00f3geno se recupera, seg\u00fan StatPearls, casi siempre de forma espont\u00e1nea en un plazo de hasta 6 meses tras eliminar el desencadenante, y la densidad completa puede necesitar de 12 a 18 meses.<\/p>\n\n\n\n<h3 class=\"wp-block-heading\">Qu\u00e9 se recupera despu\u00e9s de dejar el alcohol<\/h3>\n\n\n\n<p class=\"wp-block-paragraph\">Tras dejar el alcohol se recuperan varios sistemas, pero no a la vez. Los primeros en reaccionar son el h\u00edgado y el sue\u00f1o: los valores elevados de GGT se normalizan en unas 2 a 5 semanas, y la arquitectura del sue\u00f1o se calma en esas mismas semanas, porque desaparece la supresi\u00f3n del REM. Las dos cosas se pueden medir o notar directamente.<\/p>\n\n\n\n<p class=\"wp-block-paragraph\">El pelo llega despu\u00e9s. La proporci\u00f3n de fol\u00edculos en fase tel\u00f3gena se normaliza cuando las reservas de nutrientes vuelven a estar llenas y el eje hormonal est\u00e1 estable: el zinc y el \u00e1cido f\u00f3lico dejan de perderse en exceso por el ri\u00f1\u00f3n, y la absorci\u00f3n en el intestino mejora. Lo que puede medir son los valores en sangre. Lo que ve es la densidad del pelo, y esa va meses por detr\u00e1s del laboratorio.<\/p>\n\n\n\n<h3 class=\"wp-block-heading\">\u00bfCu\u00e1nto tarda? La l\u00ednea de tiempo despu\u00e9s de dejar el alcohol<\/h3>\n\n\n\n<p class=\"wp-block-paragraph\">El ciclo capilar marca el l\u00edmite inferior: lo que hoy ocurre en el fol\u00edculo lo ver\u00e1 de 2 a 3 meses despu\u00e9s en el cuero cabelludo. Los primeros pelos nuevos aparecen de 3 a 6 meses despu\u00e9s de dejar el alcohol, y un cabello visiblemente m\u00e1s denso, m\u00e1s bien entre los 6 y los 12 meses (StatPearls, Cleveland Clinic). Biol\u00f3gicamente no puede ir m\u00e1s r\u00e1pido.<\/p>\n\n\n\n<p class=\"wp-block-paragraph\">Con eso queda respondida tambi\u00e9n la pregunta sobre el mes sin alcohol. Treinta d\u00edas sin beber cambian de forma medible los valores hep\u00e1ticos y el sue\u00f1o, pero todav\u00eda no la densidad del pelo, porque la fase de reposo dura ya de 3 a 4 meses. Esto no es el resultado de un estudio, sino una deducci\u00f3n a partir de la duraci\u00f3n del ciclo: no existe ning\u00fan estudio propio sobre el mes sin alcohol y el pelo.<\/p>\n\n\n\n<style>\n@media (max-width:640px){\n.rt-table-wrap{overflow-x:visible!important;border:0!important;border-radius:0!important}\n.rt-table{min-width:0!important}\n.rt-table thead{display:none}\n.rt-table,.rt-table tbody,.rt-table tr,.rt-table td{display:block;width:100%}\n.rt-table caption{display:block;padding:0 0 12px!important}\n.rt-table tr{margin:0 0 12px;border:1px solid #dbe4f0;border-radius:10px;overflow:hidden}\n.rt-table tr:last-child{margin-bottom:0}\n.rt-table td{display:flex!important;flex-direction:column;gap:3px;padding:12px 14px!important;\nborder:0!important;border-bottom:1px solid #e3e8ef!important;background:#ffffff!important}\n.rt-table tr td:last-child{border-bottom:0!important}\n.rt-table td::before{content:attr(data-label);font-size:12px;font-weight:700;letter-spacing:.04em;\ntext-transform:uppercase;color:#5799F1}\n.rt-table td:not([data-label])::before,.rt-table td[data-label=\"\"]::before{display:none}\n}\n<\/style>\n<div class=\"rt-table-wrap\" style=\"overflow-x:auto;-webkit-overflow-scrolling:touch;margin:28px 0;border:1px solid #dbe4f0;border-radius:12px\">\n  <table class=\"rt-table\" style=\"width:100%;min-width:620px;table-layout:fixed;border-collapse:separate;border-spacing:0;font-size:15px;margin:0\">\n    <caption style=\"caption-side:top;text-align:left;color:#003366;font-weight:700;font-size:16px;line-height:1.35;padding:14px 16px 10px;background:#ffffff\">L\u00ednea de tiempo despu\u00e9s de dejar el alcohol<\/caption>\n    <thead>\n      <tr>\n        <th style=\"width:22%;background:#003366;color:#ffffff;font-weight:700;text-align:left;vertical-align:middle;padding:13px 16px;font-size:15px;line-height:1.4;border:0;overflow-wrap:break-word\">Periodo<\/th>\n        <th style=\"background:#003366;color:#ffffff;font-weight:700;text-align:left;vertical-align:middle;padding:13px 16px;font-size:15px;line-height:1.4;border:0;overflow-wrap:break-word\">Qu\u00e9 ocurre en el cuerpo<\/th>\n        <th style=\"background:#003366;color:#ffffff;font-weight:700;text-align:left;vertical-align:middle;padding:13px 16px;font-size:15px;line-height:1.4;border:0;overflow-wrap:break-word\">Qu\u00e9 nota usted en el pelo<\/th>\n      <\/tr>\n    <\/thead>\n    <tbody>\n      <tr>\n        <td data-label=\"Periodo\" style=\"background:#ffffff;color:#003366;font-weight:700;text-align:left;vertical-align:top;padding:13px 16px;font-size:15px;line-height:1.55;border:0;border-bottom:1px solid #e3e8ef;overflow-wrap:break-word\">Semanas 1-4<\/td>\n        <td data-label=\"Qu\u00e9 ocurre en el cuerpo\" style=\"background:#ffffff;color:#22303e;font-weight:400;text-align:left;vertical-align:top;padding:13px 16px;font-size:15px;line-height:1.55;border:0;border-bottom:1px solid #e3e8ef;overflow-wrap:break-word\">los valores hep\u00e1ticos elevados empiezan a bajar, la arquitectura del sue\u00f1o se normaliza, el equilibrio h\u00eddrico se estabiliza<\/td>\n        <td data-label=\"Qu\u00e9 nota usted en el pelo\" style=\"background:#ffffff;color:#22303e;font-weight:400;text-align:left;vertical-align:top;padding:13px 16px;font-size:15px;line-height:1.55;border:0;border-bottom:1px solid #e3e8ef;overflow-wrap:break-word\">todav\u00eda ning\u00fan cambio, y eso es normal; el cuero cabelludo suele notarse menos seco<\/td>\n      <\/tr>\n      <tr>\n        <td data-label=\"Periodo\" style=\"background:#f6f9fc;color:#003366;font-weight:700;text-align:left;vertical-align:top;padding:13px 16px;font-size:15px;line-height:1.55;border:0;border-bottom:1px solid #e3e8ef;overflow-wrap:break-word\">Meses 2-3<\/td>\n        <td data-label=\"Qu\u00e9 ocurre en el cuerpo\" style=\"background:#f6f9fc;color:#22303e;font-weight:400;text-align:left;vertical-align:top;padding:13px 16px;font-size:15px;line-height:1.55;border:0;border-bottom:1px solid #e3e8ef;overflow-wrap:break-word\">las reservas de nutrientes se rellenan con una alimentaci\u00f3n equilibrada o una suplementaci\u00f3n dirigida, los valores de GGT siguen normaliz\u00e1ndose<\/td>\n        <td data-label=\"Qu\u00e9 nota usted en el pelo\" style=\"background:#f6f9fc;color:#22303e;font-weight:400;text-align:left;vertical-align:top;padding:13px 16px;font-size:15px;line-height:1.55;border:0;border-bottom:1px solid #e3e8ef;overflow-wrap:break-word\">la ca\u00edda se calma, menos pelo al lavarlo y cepillarlo<\/td>\n      <\/tr>\n      <tr>\n        <td data-label=\"Periodo\" style=\"background:#ffffff;color:#003366;font-weight:700;text-align:left;vertical-align:top;padding:13px 16px;font-size:15px;line-height:1.55;border:0;border-bottom:1px solid #e3e8ef;overflow-wrap:break-word\">Meses 3-6<\/td>\n        <td data-label=\"Qu\u00e9 ocurre en el cuerpo\" style=\"background:#ffffff;color:#22303e;font-weight:400;text-align:left;vertical-align:top;padding:13px 16px;font-size:15px;line-height:1.55;border:0;border-bottom:1px solid #e3e8ef;overflow-wrap:break-word\">los fol\u00edculos empujados antes de tiempo a la fase de reposo vuelven a entrar en la fase de crecimiento<\/td>\n        <td data-label=\"Qu\u00e9 nota usted en el pelo\" style=\"background:#ffffff;color:#22303e;font-weight:400;text-align:left;vertical-align:top;padding:13px 16px;font-size:15px;line-height:1.55;border:0;border-bottom:1px solid #e3e8ef;overflow-wrap:break-word\">primeros pelos nuevos, cortos y finos, en la raya y en la l\u00ednea frontal<\/td>\n      <\/tr>\n      <tr>\n        <td data-label=\"Periodo\" style=\"background:#f6f9fc;color:#003366;font-weight:700;text-align:left;vertical-align:top;padding:13px 16px;font-size:15px;line-height:1.55;border:0;border-bottom:1px solid #e3e8ef;overflow-wrap:break-word\">Meses 6-12<\/td>\n        <td data-label=\"Qu\u00e9 ocurre en el cuerpo\" style=\"background:#f6f9fc;color:#22303e;font-weight:400;text-align:left;vertical-align:top;padding:13px 16px;font-size:15px;line-height:1.55;border:0;border-bottom:1px solid #e3e8ef;overflow-wrap:break-word\">la proporci\u00f3n de fol\u00edculos en fase tel\u00f3gena est\u00e1 normalizada, el pelo nuevo gana longitud y grosor<\/td>\n        <td data-label=\"Qu\u00e9 nota usted en el pelo\" style=\"background:#f6f9fc;color:#22303e;font-weight:400;text-align:left;vertical-align:top;padding:13px 16px;font-size:15px;line-height:1.55;border:0;border-bottom:1px solid #e3e8ef;overflow-wrap:break-word\">cabello visiblemente m\u00e1s denso, la estructura parece m\u00e1s fuerte<\/td>\n      <\/tr>\n      <tr>\n        <td data-label=\"Periodo\" style=\"background:#ffffff;color:#003366;font-weight:700;text-align:left;vertical-align:top;padding:13px 16px;font-size:15px;line-height:1.55;border:0;overflow-wrap:break-word\">A partir del mes 12<\/td>\n        <td data-label=\"Qu\u00e9 ocurre en el cuerpo\" style=\"background:#ffffff;color:#22303e;font-weight:400;text-align:left;vertical-align:top;padding:13px 16px;font-size:15px;line-height:1.55;border:0;overflow-wrap:break-word\">el ciclo capilar vuelve a funcionar con normalidad<\/td>\n        <td data-label=\"Qu\u00e9 nota usted en el pelo\" style=\"background:#ffffff;color:#22303e;font-weight:400;text-align:left;vertical-align:top;padding:13px 16px;font-size:15px;line-height:1.55;border:0;overflow-wrap:break-word\">la densidad completa puede necesitar hasta el mes 18; si queda un patr\u00f3n, eso apunta a una ca\u00edda hereditaria<\/td>\n      <\/tr>\n    <\/tbody>\n  <\/table>\n<\/div>\n\n\n<div class=\"wp-block-image\">\n<figure class=\"aligncenter size-large is-resized\" style=\"max-width:560px;margin-left:auto;margin-right:auto\"><img decoding=\"async\" src=\"https:\/\/elithair.com\/es\/wp-content\/uploads\/sites\/5\/2026\/08\/zeitachse_alkoholverzicht__es.png\" alt=\"L\u00ednea de tiempo tras dejar el alcohol, con cuatro estaciones de la semana 1 al mes 12 y una densidad capilar creciente\" class=\"wp-image-92162\" style=\"width:560px;max-width:100%;height:auto\"\/><\/figure>\n<\/div>\n\n\n<h3 class=\"wp-block-heading\">Cu\u00e1ndo no cabe esperar una recuperaci\u00f3n completa<\/h3>\n\n\n\n<p class=\"wp-block-paragraph\">Cuatro situaciones frenan la recuperaci\u00f3n. La primera, una alopecia androgen\u00e9tica superpuesta: la parte gen\u00e9tica sigue avanzando al margen de que se deje el alcohol. La segunda, carencias de muchos a\u00f1os, que necesitan m\u00e1s tiempo que un ciclo. La tercera, enfermedades acompa\u00f1antes no tratadas del h\u00edgado o de la tiroides. La cuarta, un consumo que sigue siendo elevado.<\/p>\n\n\n\n<h2 class=\"wp-block-heading\">Tratamiento de la ca\u00edda del cabello por alcohol<\/h2>\n\n\n\n<p class=\"wp-block-paragraph\">La medida m\u00e1s importante en la <strong>ca\u00edda del cabello por alcohol<\/strong> es reducir el consumo o dejarlo por completo. A eso se suman otras dos partes: corregir las carencias demostradas y darle tiempo al ciclo capilar. Si el consumo de alcohol se limita a tiempo, el crecimiento del pelo puede recuperarse en muchos casos.<\/p>\n\n\n\n<p class=\"wp-block-paragraph\">Como el cuerpo necesita tiempo para eliminar sustancias nocivas y compensar los d\u00e9ficits de nutrientes, la regeneraci\u00f3n no es inmediata. Quien a las cuatro semanas no ve ning\u00fan cambio no est\u00e1 haciendo nada mal, sino leyendo bien la biolog\u00eda.<\/p>\n\n\n\n<p class=\"wp-block-paragraph\">Los suplementos de nutrientes ayudan all\u00ed donde hay una carencia demostrada, y no en otro caso. El principio de medir primero y suplementar despu\u00e9s vale aqu\u00ed de forma especial, porque las dosis altas de determinados oligoelementos tienen sus propios inconvenientes. Los champ\u00fas no abordan la causa: pueden calmar un cuero cabelludo irritado, y poco m\u00e1s.<\/p>\n\n\n\n<p class=\"wp-block-paragraph\">En este tema no puede faltar un aviso de seguridad: quien ha bebido mucho durante a\u00f1os no deber\u00eda dejarlo de golpe por su cuenta. Una retirada brusca puede ser peligrosa desde el punto de vista f\u00edsico y necesita acompa\u00f1amiento m\u00e9dico. Aqu\u00ed puede acudir al m\u00e9dico de familia y a los <a href=\"https:\/\/www.alcoholicos-anonimos.org\" target=\"_blank\" rel=\"noopener\">grupos de Alcoh\u00f3licos An\u00f3nimos de Espa\u00f1a<\/a>.<\/p>\n\n\n\n<p class=\"wp-block-paragraph\">Si los fol\u00edculos est\u00e1n da\u00f1ados de forma permanente o han muerto, ya no es posible que el pelo vuelva a crecer de forma natural. En la parte asociada al alcohol, sin embargo, no es el caso: los fol\u00edculos cicatriciales o muertos pertenecen a otros cuadros cl\u00ednicos. Si tras dejar el alcohol, y con los valores anal\u00edticos equilibrados, queda un patr\u00f3n en las entradas y la coronilla, debajo suele haber una alopecia androgen\u00e9tica que sigue su curso por s\u00ed sola.<\/p>\n\n\n\n<p class=\"wp-block-paragraph\">En esos casos, un <a href=\"\/es\/trasplantecapilar\/\">trasplante capilar<\/a> puede ser una opci\u00f3n razonable. Para ello hacen falta, eso s\u00ed, una situaci\u00f3n de salud estable y un manejo controlado del alcohol, ya que este puede influir de forma negativa en la cicatrizaci\u00f3n y en el arraigo de los injertos trasplantados. La parte asociada al alcohol no necesita un trasplante, sino tiempo.<\/p>\n\n\n\n<div style=\"border-left:4px solid #013366;background:#f6f9fc;border-radius:10px;padding:18px 20px;margin:28px 0\">\n<p style=\"margin:0 0 8px;color:#013366;font-weight:700;font-size:17px\">La visi\u00f3n desde la pr\u00e1ctica<\/p>\n<p style=\"margin:0;color:#2e3033;font-size:16px;line-height:1.65\">En el an\u00e1lisis capilar, el alcohol rara vez es la \u00fanica causa. Suele aparecer como amplificador junto a las carencias de nutrientes, el estr\u00e9s y la predisposici\u00f3n gen\u00e9tica. Por eso primero medimos y despu\u00e9s decidimos si un tratamiento es realmente la respuesta correcta. Una ca\u00edda difusa que se debe a un factor que se puede eliminar no es cosa del quir\u00f3fano, sino, en primer lugar, del estudio de la causa.<\/p>\n<\/div>\n\n\n\n<h2 class=\"wp-block-heading\">Alcohol antes y despu\u00e9s del trasplante capilar<\/h2>\n\n\n\n<p class=\"wp-block-paragraph\">Antes de un trasplante capilar, y durante la fase de curaci\u00f3n posterior, conviene renunciar al alcohol de forma consecuente. Solo as\u00ed se crean las mejores condiciones para la regeneraci\u00f3n del cuero cabelludo y para un resultado duradero. En los primeros d\u00edas tras la intervenci\u00f3n hay que evitarlo por completo; despu\u00e9s, el marco lo dan las indicaciones de seguimiento de su cl\u00ednica. No damos a prop\u00f3sito un n\u00famero fijo de d\u00edas, porque la medicaci\u00f3n y la evoluci\u00f3n de la curaci\u00f3n son individuales.<\/p>\n\n\n\n<p class=\"wp-block-paragraph\">Detr\u00e1s hay tres motivos. El alcohol aumenta la tendencia al sangrado y a la hinchaz\u00f3n en la zona donante y en la receptora. Dificulta la cicatrizaci\u00f3n justo en la fase en la que arraigan los injertos. Y se lleva mal con los analg\u00e9sicos, los antibi\u00f3ticos y los corticoides prescritos.<\/p>\n\n\n\n<p class=\"wp-block-paragraph\">Para el tiempo previo a la intervenci\u00f3n, la literatura aporta un argumento adicional: la revisi\u00f3n Cochrane de Egholm y colegas (2018) muestra que los programas intensivos de abstinencia de alcohol de 4 a 8 semanas antes de una operaci\u00f3n probablemente reducen las complicaciones postoperatorias, entre ellas infecciones, problemas de cicatrizaci\u00f3n y episodios de sangrado. Es evidencia quir\u00fargica general, no una indicaci\u00f3n de Elithair.<\/p>\n\n\n\n<div style=\"border-left:4px solid #0079F1;background:#f6f9fc;border-radius:0 10px 10px 0;padding:14px 18px;margin:24px 0\">\n<p style=\"margin:0;color:#2e3033;font-size:15px;line-height:1.65\"><span style=\"color:#013366;font-weight:700\">\u2192 Para leer m\u00e1s:<\/span> Qu\u00e9 rige en cada semana despu\u00e9s de la operaci\u00f3n se explica d\u00eda a d\u00eda en el art\u00edculo sobre el <a href=\"\/es\/trasplante-capilar-blog\/cuidados-despues-injerto-capilar-fue\/\">cuidado despu\u00e9s del trasplante capilar<\/a>. Para los fumadores rige una l\u00f3gica parecida, que puede consultar en fumar despu\u00e9s del trasplante capilar.<\/p>\n<\/div>\n\n\n\n<h2 class=\"wp-block-heading\">Prevenci\u00f3n de la ca\u00edda del cabello por alcohol<\/h2>\n\n\n\n<p class=\"wp-block-paragraph\">La medida m\u00e1s eficaz para prevenir la <strong>ca\u00edda del cabello por alcohol<\/strong> es un manejo consciente y moderado del alcohol o la renuncia completa. Sobre todo cuando el pelo ya se est\u00e1 afinando o la ca\u00edda ha empezado, el alcohol puede agravar todav\u00eda m\u00e1s la p\u00e9rdida. Para eso no hace falta necesariamente la abstinencia, pero s\u00ed una cantidad por debajo del umbral a partir del cual se desequilibran el aporte de nutrientes y las hormonas.<\/p>\n\n\n\n<figure class=\"wp-block-image size-full\"><img decoding=\"async\" src=\"https:\/\/elithair.com\/es\/wp-content\/uploads\/sites\/5\/2026\/08\/bestand_91567.png\" alt=\"Una persona rechaza una copa de alcohol que le ofrecen\" class=\"wp-image-92165\"\/><\/figure>\n\n\n\n<p class=\"wp-block-paragraph\">Para prevenir la ca\u00edda del cabello por alcohol conviene no sobrecargar el cuerpo todav\u00eda m\u00e1s. Adem\u00e1s de reducir el consumo, una alimentaci\u00f3n equilibrada desempe\u00f1a tambi\u00e9n un papel importante, porque un buen aporte de nutrientes apoya a los fol\u00edculos y estabiliza la salud del pelo a largo plazo.<\/p>\n\n\n\n<div style=\"margin:26px 0\">\n<p style=\"margin:0 0 14px;color:#013366;font-weight:700;font-size:18px\">Comprobaci\u00f3n pr\u00e1ctica: cuatro anclas que funcionan en el d\u00eda a d\u00eda<\/p>\n<div style=\"border:1px solid #e3e8ef;border-radius:10px;padding:16px;margin-bottom:12px;background:#ffffff\">\n<p style=\"margin:0 0 6px;color:#013366;font-weight:600;font-size:16px;line-height:1.45\"><span style=\"color:#0079F1;font-weight:700\">&#10003;<\/span> Planificar d\u00edas fijos sin alcohol cada semana<\/p>\n<p style=\"margin:0;color:#2e3033;font-size:15px;line-height:1.6\">Unos d\u00edas fijos sin alcohol se cumplen mejor que un vago prop\u00f3sito de beber menos. M\u00e1rquelos en el calendario y resp\u00e9telos tambi\u00e9n cuando surja alg\u00fan plan.<\/p>\n<\/div>\n<div style=\"border:1px solid #e3e8ef;border-radius:10px;padding:16px;margin-bottom:12px;background:#ffffff\">\n<p style=\"margin:0 0 6px;color:#013366;font-weight:600;font-size:16px;line-height:1.45\"><span style=\"color:#0079F1;font-weight:700\">&#10003;<\/span> Contar la cantidad en unidades de bebida est\u00e1ndar en lugar de estimarla a ojo<\/p>\n<p style=\"margin:0;color:#2e3033;font-size:15px;line-height:1.6\">1 UBE son 300 ml de cerveza, 100 ml de vino o 30 ml de una bebida destilada. Quien lleva la cuenta durante una semana conoce su cifra y puede mencionarla en la consulta.<\/p>\n<\/div>\n<div style=\"border:1px solid #e3e8ef;border-radius:10px;padding:16px;margin-bottom:12px;background:#ffffff\">\n<p style=\"margin:0 0 6px;color:#013366;font-weight:600;font-size:16px;line-height:1.45\"><span style=\"color:#0079F1;font-weight:700\">&#10003;<\/span> Pensar tambi\u00e9n en el aporte de nutrientes los d\u00edas en que se bebe<\/p>\n<p style=\"margin:0;color:#2e3033;font-size:15px;line-height:1.6\">El zinc, el \u00e1cido f\u00f3lico, las vitaminas del grupo B y el hierro son las v\u00edas de suministro a las que ataca el alcohol. Una comida equilibrada es aqu\u00ed m\u00e1s eficaz que una c\u00e1psula sin un diagn\u00f3stico detr\u00e1s.<\/p>\n<\/div>\n<div style=\"border:1px solid #e3e8ef;border-radius:10px;padding:16px;margin-bottom:12px;background:#ffffff\">\n<p style=\"margin:0 0 6px;color:#013366;font-weight:600;font-size:16px;line-height:1.45\"><span style=\"color:#0079F1;font-weight:700\">&#10003;<\/span> Con el pelo ya fino, hacerse controlar los valores anal\u00edticos<\/p>\n<p style=\"margin:0;color:#2e3033;font-size:15px;line-height:1.6\">La ferritina con la PCR, el zinc, el \u00e1cido f\u00f3lico, la vitamina B12 y los valores hep\u00e1ticos muestran si detr\u00e1s hay algo m\u00e1s que una sospecha. El momento de la extracci\u00f3n se explica en el apartado del diagn\u00f3stico.<\/p>\n<\/div>\n<\/div>\n\n\n\n<h2 class=\"wp-block-heading\">Conclusi\u00f3n: el alcohol puede afectar al crecimiento del pelo por varias v\u00edas<\/h2>\n\n\n\n<p class=\"wp-block-paragraph\"><strong>La ca\u00edda del cabello por alcohol<\/strong> puede aparecer cuando un consumo regular o excesivo sobrecarga el cuerpo a largo plazo. El alcohol afecta al aporte de nutrientes esenciales a los fol\u00edculos y puede influir en procesos hormonales que agravan una ca\u00edda ya existente. A eso se suman una barrera del cuero cabelludo m\u00e1s seca y m\u00e1s propensa a la inflamaci\u00f3n y un peor descanso nocturno.<\/p>\n\n\n\n<p class=\"wp-block-paragraph\">La medida m\u00e1s eficaz frente a la ca\u00edda del cabello por alcohol es reducirlo claramente o dejarlo por completo. Con ello van dos mensajes: el consumo moderado no est\u00e1 demostrado como causa, y una cerveza despu\u00e9s del trabajo no es motivo de p\u00e1nico. Y un consumo alto y mantenido durante meses es el terreno en el que act\u00faan los mecanismos descritos.<\/p>\n\n\n\n<p class=\"wp-block-paragraph\">Si los fol\u00edculos siguen intactos, el crecimiento del pelo puede volver a estabilizarse en muchos casos tras un cambio en el estilo de vida. El plazo hay que plantearlo de forma realista: los primeros pelos nuevos a los 3 a 6 meses, un cabello m\u00e1s denso m\u00e1s bien entre los 6 y los 12 meses. Si las molestias persisten o hay dudas, conviene un estudio m\u00e9dico para tratar la causa de forma dirigida y evitar da\u00f1os mayores.<\/p>\n\n\n<div class=\"wp-block-image\">\n<figure class=\"aligncenter size-large is-resized\" style=\"max-width:720px;margin-left:auto;margin-right:auto\"><img decoding=\"async\" src=\"https:\/\/elithair.com\/es\/wp-content\/uploads\/sites\/5\/2026\/08\/morgenlicht_spiegel.png\" alt=\"Hombre de casi cuarenta a\u00f1os que observa su l\u00ednea de implantaci\u00f3n ante el espejo con la luz de la ma\u00f1ana\" class=\"wp-image-92163\" style=\"width:720px;max-width:100%;height:auto\"\/><\/figure>\n<\/div>\n\n\n<h2 class=\"wp-block-heading\">Preguntas frecuentes sobre el alcohol y la ca\u00edda del cabello<\/h2>\n\n\n\n<div style=\"margin:26px 0\">\n<div style=\"border:1px solid #e3e8ef;border-radius:10px;padding:16px;margin-bottom:12px;background:#ffffff\">\n<p style=\"margin:0 0 6px;color:#013366;font-weight:600;font-size:17px;line-height:1.45\">\u00bfC\u00f3mo influye el alcohol en las hormonas y provoca ca\u00edda del cabello?<\/p>\n<p style=\"margin:0;color:#2e3033;font-size:15px;line-height:1.65\"><strong>En dos fases, y las dos apuntan en direcciones distintas.<\/strong> Una dosis baja eleva ligeramente y de forma pasajera la testosterona en el hombre: en Sarkola y Eriksson (2003), de 13,5 a 16,0 nmol\/l, con desaparici\u00f3n del efecto en 2 a 6 horas. Con un consumo cr\u00f3nico elevado y da\u00f1o hep\u00e1tico se invierte: m\u00e1s actividad de la aromatasa, desplazamiento hacia los estr\u00f3genos, testosterona a la baja. La cadena \u00abalcohol, m\u00e1s DHT, m\u00e1s ca\u00edda del cabello\u00bb no est\u00e1 demostrada.<\/p>\n<\/div>\n<div style=\"border:1px solid #e3e8ef;border-radius:10px;padding:16px;margin-bottom:12px;background:#ffffff\">\n<p style=\"margin:0 0 6px;color:#013366;font-weight:600;font-size:17px;line-height:1.45\">\u00bfQu\u00e9 papel juega la alimentaci\u00f3n en la ca\u00edda del cabello por alcohol?<\/p>\n<p style=\"margin:0;color:#2e3033;font-size:15px;line-height:1.65\"><strong>Un papel central, porque el alcohol ataca precisamente el suministro.<\/strong> El alcohol puede provocar carencias al dificultar la absorci\u00f3n de nutrientes como vitaminas y minerales, necesarios para un crecimiento sano del pelo. Si faltan durante meses, m\u00e1s fol\u00edculos pasan antes de tiempo a la fase de reposo. Qu\u00e9 nutrientes necesita el pelo se explica en el art\u00edculo sobre las <a href=\"\/es\/trasplante-capilar-blog\/vitaminas-caida-del-cabello\/\">vitaminas contra la ca\u00edda del cabello<\/a>.<\/p>\n<\/div>\n<div style=\"border:1px solid #e3e8ef;border-radius:10px;padding:16px;margin-bottom:12px;background:#ffffff\">\n<p style=\"margin:0 0 6px;color:#013366;font-weight:600;font-size:17px;line-height:1.45\">\u00bfHay nutrientes concretos que se vean especialmente afectados por el alcohol y provoquen ca\u00edda del cabello?<\/p>\n<p style=\"margin:0;color:#2e3033;font-size:15px;line-height:1.65\"><strong>S\u00ed, sobre todo las vitaminas del grupo B, la vitamina C, el zinc y el hierro pueden reducirse por un consumo excesivo de alcohol, lo que puede llevar a la ca\u00edda del cabello.<\/strong> Para el zinc est\u00e1 descrita una menor absorci\u00f3n en el intestino con una mayor eliminaci\u00f3n por el ri\u00f1\u00f3n al mismo tiempo; en el \u00e1cido f\u00f3lico se suman el intestino, el h\u00edgado y el ri\u00f1\u00f3n como v\u00edas de p\u00e9rdida. Esto solo se puede comprobar en la sangre, no en el pelo.<\/p>\n<\/div>\n<div style=\"border:1px solid #e3e8ef;border-radius:10px;padding:16px;margin-bottom:12px;background:#ffffff\">\n<p style=\"margin:0 0 6px;color:#013366;font-weight:600;font-size:17px;line-height:1.45\">\u00bfC\u00f3mo se puede revertir la ca\u00edda del cabello cuando la ha provocado el alcohol?<\/p>\n<p style=\"margin:0;color:#2e3033;font-size:15px;line-height:1.65\"><strong>Por lo general, la parte asociada al alcohol es reversible.<\/strong> Una <a href=\"https:\/\/www.aesan.gob.es\/nutricion\/recomendaciones-dieteticas\" target=\"_blank\" rel=\"noopener\">alimentaci\u00f3n saludable<\/a>, una ingesta suficiente de l\u00edquidos y la renuncia al alcohol pueden ayudar a frenar la ca\u00edda y a favorecer de nuevo el crecimiento del pelo. Los fol\u00edculos no est\u00e1n destruidos, solo han pasado antes de tiempo a la fase de reposo: un efluvio tel\u00f3geno se recupera, seg\u00fan StatPearls, casi siempre en un plazo de hasta 6 meses, y la densidad completa puede necesitar de 12 a 18 meses.<\/p>\n<\/div>\n<div style=\"border:1px solid #e3e8ef;border-radius:10px;padding:16px;margin-bottom:12px;background:#ffffff\">\n<p style=\"margin:0 0 6px;color:#013366;font-weight:600;font-size:17px;line-height:1.45\">\u00bfHay bebidas alcoh\u00f3licas m\u00e1s da\u00f1inas para el pelo que otras?<\/p>\n<p style=\"margin:0;color:#2e3033;font-size:15px;line-height:1.65\"><strong>No, lo que cuenta es la cantidad de alcohol puro, no el tipo de bebida.<\/strong> El Ministerio de Sanidad y la OMS cuentan exclusivamente en gramos. 300 ml de cerveza, 100 ml de vino y 30 ml de una bebida destilada contienen, con unos 10 g, aproximadamente la misma cantidad. Lo decisivo es el total semanal, no si en la copa hay cerveza, vino o licor.<\/p>\n<\/div>\n<div style=\"border:1px solid #e3e8ef;border-radius:10px;padding:16px;margin-bottom:12px;background:#ffffff\">\n<p style=\"margin:0 0 6px;color:#013366;font-weight:600;font-size:17px;line-height:1.45\">\u00bfPuede el consumo moderado provocar tambi\u00e9n ca\u00edda del cabello o solo afecta al consumo elevado?<\/p>\n<p style=\"margin:0;color:#2e3033;font-size:15px;line-height:1.65\"><strong>La relaci\u00f3n solo est\u00e1 demostrada para el consumo cr\u00f3nico elevado.<\/strong> Un consumo alto y regular es con m\u00e1s probabilidad una causa de ca\u00edda del cabello, aunque en personas especialmente susceptibles el consumo moderado podr\u00eda, en teor\u00eda, desempe\u00f1ar alg\u00fan papel. Ning\u00fan estudio lo demuestra. Mencione la cantidad igualmente en la consulta, porque cambia la interpretaci\u00f3n de los valores anal\u00edticos.<\/p>\n<\/div>\n<div style=\"border:1px solid #e3e8ef;border-radius:10px;padding:16px;margin-bottom:12px;background:#ffffff\">\n<p style=\"margin:0 0 6px;color:#013366;font-weight:600;font-size:17px;line-height:1.45\">\u00bfCu\u00e1nto tarda el pelo en mejorar despu\u00e9s de dejar el alcohol?<\/p>\n<p style=\"margin:0;color:#2e3033;font-size:15px;line-height:1.65\"><strong>Los primeros pelos nuevos a los 3 a 6 meses; un cabello visiblemente m\u00e1s denso, m\u00e1s bien entre los 6 y los 12 meses.<\/strong> El motivo es el ciclo capilar: entre lo que ocurre en el fol\u00edculo y lo que se ve en el cuero cabelludo pasan de 2 a 3 meses. Biol\u00f3gicamente no puede ir m\u00e1s r\u00e1pido.<\/p>\n<\/div>\n<div style=\"border:1px solid #e3e8ef;border-radius:10px;padding:16px;margin-bottom:12px;background:#ffffff\">\n<p style=\"margin:0 0 6px;color:#013366;font-weight:600;font-size:17px;line-height:1.45\">\u00bfSe cae m\u00e1s pelo al principio, despu\u00e9s de dejar el alcohol?<\/p>\n<p style=\"margin:0;color:#2e3033;font-size:15px;line-height:1.65\"><strong>Es posible, aunque para el abandono del alcohol no est\u00e1 demostrado.<\/strong> En una desintoxicaci\u00f3n act\u00faa el estr\u00e9s f\u00edsico, y el estr\u00e9s est\u00e1 reconocido como desencadenante de un efluvio tel\u00f3geno; un brote as\u00ed ser\u00eda pasajero. Quien ha bebido mucho durante a\u00f1os deber\u00eda dejarlo con acompa\u00f1amiento m\u00e9dico.<\/p>\n<\/div>\n<div style=\"border:1px solid #e3e8ef;border-radius:10px;padding:16px;margin-bottom:12px;background:#ffffff\">\n<p style=\"margin:0 0 6px;color:#013366;font-weight:600;font-size:17px;line-height:1.45\">\u00bfSirve de algo un mes sin alcohol para el pelo?<\/p>\n<p style=\"margin:0;color:#2e3033;font-size:15px;line-height:1.65\"><strong>En parte: para el h\u00edgado y el sue\u00f1o s\u00ed, para la densidad del pelo todav\u00eda no.<\/strong> Los valores elevados de GGT se normalizan tras la abstinencia en unas 2 a 5 semanas, mientras que la fase de reposo del pelo dura ya de 3 a 4 meses. Treinta d\u00edas son, por tanto, un punto de partida, no un resultado visible en el pelo.<\/p>\n<\/div>\n<div style=\"border:1px solid #e3e8ef;border-radius:10px;padding:16px;margin-bottom:12px;background:#ffffff\">\n<p style=\"margin:0 0 6px;color:#013366;font-weight:600;font-size:17px;line-height:1.45\">\u00bfCu\u00e1nto tiempo debo renunciar al alcohol antes y despu\u00e9s de un trasplante capilar?<\/p>\n<p style=\"margin:0;color:#2e3033;font-size:15px;line-height:1.65\"><strong>Despu\u00e9s de la intervenci\u00f3n, del todo durante los primeros d\u00edas; a partir de ah\u00ed rige la indicaci\u00f3n de su cl\u00ednica.<\/strong> Los motivos son la tendencia al sangrado, las interacciones con los analg\u00e9sicos y los antibi\u00f3ticos y el efecto deshidratante. Para el tiempo previo, la revisi\u00f3n Cochrane (2018) muestra que la abstinencia de 4 a 8 semanas antes de una operaci\u00f3n probablemente reduce las complicaciones.<\/p>\n<\/div>\n<div style=\"border:1px solid #e3e8ef;border-radius:10px;padding:16px;margin-bottom:12px;background:#ffffff\">\n<p style=\"margin:0 0 6px;color:#013366;font-weight:600;font-size:17px;line-height:1.45\">\u00bfProvoca el alcohol entradas o canas?<\/p>\n<p style=\"margin:0;color:#2e3033;font-size:15px;line-height:1.65\"><strong>No.<\/strong> Las entradas son el patr\u00f3n de la ca\u00edda hereditaria; el alcohol puede hacerlo m\u00e1s visible, pero no se considera su causa. Para el encanecimiento precoz est\u00e1 demostrado sobre todo el tabaco (Journal of the American Academy of Dermatology); para el alcohol por s\u00ed solo la relaci\u00f3n es mucho m\u00e1s d\u00e9bil y no est\u00e1 confirmada de forma comparable.<\/p>\n<\/div>\n<div style=\"border:1px solid #e3e8ef;border-radius:10px;padding:16px;margin-bottom:12px;background:#ffffff\">\n<p style=\"margin:0 0 6px;color:#013366;font-weight:600;font-size:17px;line-height:1.45\">\u00bfEl alcohol de los champ\u00fas y los productos capilares (alcohol denat.) tambi\u00e9n es un problema?<\/p>\n<p style=\"margin:0;color:#2e3033;font-size:15px;line-height:1.65\"><strong>No, ese es otro mecanismo.<\/strong> El alcohol denat. es un disolvente que puede dejar el cuero cabelludo seco e irritable, sin da\u00f1ar la ra\u00edz del pelo. Las soluciones de minoxidil contienen adem\u00e1s, casi siempre, etanol o propilenglicol. El escozor y la descamaci\u00f3n que aparecen entonces se confunden a menudo con el efecto del alcohol bebido.<\/p>\n<\/div>\n<div style=\"border:1px solid #e3e8ef;border-radius:10px;padding:16px;margin-bottom:12px;background:#ffffff\">\n<p style=\"margin:0 0 6px;color:#013366;font-weight:600;font-size:17px;line-height:1.45\">\u00bfEmpeora el alcohol la caspa o una inflamaci\u00f3n del cuero cabelludo?<\/p>\n<p style=\"margin:0;color:#2e3033;font-size:15px;line-height:1.65\"><strong>S\u00ed, para eso hay datos.<\/strong> En un estudio publicado en Acta Dermato-Venereologica, el consumo regular de alcohol se asoci\u00f3 a una odds ratio de 10,2 para los brotes de dermatitis seborreica; en la psoriasis se observ\u00f3 una relaci\u00f3n entre la cantidad ingerida y la gravedad.<\/p>\n<\/div>\n<div style=\"border:1px solid #e3e8ef;border-radius:10px;padding:16px;margin-bottom:12px;background:#ffffff\">\n<p style=\"margin:0 0 6px;color:#013366;font-weight:600;font-size:17px;line-height:1.45\">\u00bfPuedo beber alcohol si uso finasterida o minoxidil?<\/p>\n<p style=\"margin:0;color:#2e3033;font-size:15px;line-height:1.65\"><strong>Eso pertenece a la consulta m\u00e9dica; no hay una respuesta general.<\/strong> La finasterida se metaboliza en el h\u00edgado a trav\u00e9s del CYP3A4 y est\u00e1 contraindicada cuando la funci\u00f3n hep\u00e1tica est\u00e1 alterada. Para el minoxidil, las fichas t\u00e9cnicas mencionan mareo, cansancio y bajada de la tensi\u00f3n arterial como posible consecuencia de la combinaci\u00f3n. Consulte adem\u00e1s el prospecto.<\/p>\n<\/div>\n<\/div>\n\n\n<div class=\"wp-block-image\">\n<figure class=\"aligncenter size-large is-resized\" style=\"max-width:560px;margin-left:auto;margin-right:auto\"><img decoding=\"async\" src=\"https:\/\/elithair.com\/es\/wp-content\/uploads\/sites\/5\/2026\/08\/follikel_ruhephase_wachstum.png\" alt=\"Ilustraci\u00f3n comparativa de un fol\u00edculo piloso en fase de reposo y del mismo fol\u00edculo en fase de crecimiento\" class=\"wp-image-92164\" style=\"width:560px;max-width:100%;height:auto\"\/><\/figure>\n<\/div>\n\n\n<div style=\"border:1px solid #e3e8ef;border-radius:10px;padding:18px 20px;margin:28px 0\">\n<p style=\"margin:0 0 10px;color:#013366;font-weight:700;font-size:17px\">Fuentes<\/p>\n<ul style=\"margin:0;padding:0 0 0 18px;color:#2e3033;font-size:15px;line-height:1.7\">\n<li>OMS\/Europa: <a href=\"https:\/\/www.who.int\/europe\/news\/item\/04-01-2023-no-level-of-alcohol-consumption-is-safe-for-our-health\" target=\"_blank\" rel=\"noopener\">No level of alcohol consumption is safe for our health<\/a> (04.01.2023)<\/li>\n<li>Ministerio de Sanidad: <a href=\"https:\/\/www.sanidad.gob.es\/areas\/promocionPrevencion\/alcohol\/documentosTecnicos\/docs\/Limites_Consumo_Bajo_Riesgo_Alcohol_Actualizacion.pdf\" target=\"_blank\" rel=\"noopener\">L\u00edmites de consumo de bajo riesgo de alcohol<\/a> y <a href=\"https:\/\/www.sanidad.gob.es\/areas\/promocionPrevencion\/alcohol\/documentosTecnicos\/docs\/Limites_Consumo_Bajo_Riesgo_Alcohol_Actualizacion.pdf\" target=\"_blank\" rel=\"noopener\">su documento t\u00e9cnico actualizado (2020)<\/a> (unidad de bebida est\u00e1ndar, l\u00edmites)<\/li>\n<li><a href=\"https:\/\/academic.oup.com\/alcalc\/article\/59\/6\/agae076\/7889297\" target=\"_blank\" rel=\"noopener\">Exploring the association between alcohol consumption and androgenic alopecia: a systematic review and meta-analysis<\/a>, Alcohol and Alcoholism 2024 (odds ratio 1,40, no significativo)<\/li>\n<li><a href=\"https:\/\/link.springer.com\/article\/10.1186\/s12889-026-26258-y\" target=\"_blank\" rel=\"noopener\">Risk factors for androgenetic alopecia: a systematic review and meta-analysis<\/a>, BMC Public Health 2026 (odds ratio 1,72)<\/li>\n<li><a href=\"https:\/\/www.ncbi.nlm.nih.gov\/books\/NBK430848\/\" target=\"_blank\" rel=\"noopener\">Telogen Effluvium<\/a>, StatPearls, NCBI Bookshelf (ciclo capilar, latencia, duraci\u00f3n de la recuperaci\u00f3n)<\/li>\n<li><a href=\"https:\/\/pubmed.ncbi.nlm.nih.gov\/12711931\/\" target=\"_blank\" rel=\"noopener\">Sarkola T, Eriksson CJP: Testosterone increases in men after a low dose of alcohol<\/a>, Alcoholism: Clinical and Experimental Research 2003<\/li>\n<li><a href=\"https:\/\/www.medicaljournals.se\/acta\/content\/html\/10.2340\/00015555-3661\" target=\"_blank\" rel=\"noopener\">Risk Factors for Seborrhoeic Dermatitis Flares<\/a>, Acta Dermato-Venereologica (odds ratio 10,2 con consumo regular de alcohol)<\/li>\n<li><a href=\"https:\/\/www.cochranelibrary.com\/cdsr\/doi\/10.1002\/14651858.CD008343.pub3\/full\" target=\"_blank\" rel=\"noopener\">Egholm JWM et al.: Perioperative alcohol cessation intervention for postoperative complications<\/a>, Cochrane Database of Systematic Reviews 2018<\/li>\n<li><a href=\"https:\/\/www.alcoholicos-anonimos.org\" target=\"_blank\" rel=\"noopener\">Alcoh\u00f3licos An\u00f3nimos Espa\u00f1a: grupos de ayuda mutua y tel\u00e9fono de contacto (985 566 345)<\/a><\/li>\n<\/ul>\n<p style=\"margin:14px 0 0;color:#6b7683;font-size:14px;line-height:1.6\">Actualizado: agosto de 2026. Este art\u00edculo tiene una finalidad informativa y no sustituye a un diagn\u00f3stico ni a un tratamiento m\u00e9dicos. Si la ca\u00edda del cabello persiste, si los valores anal\u00edticos son llamativos o si tiene dudas sobre c\u00f3mo reducir el consumo de alcohol, acuda a su m\u00e9dico de familia, a una consulta dermatol\u00f3gica o a un servicio de atenci\u00f3n a las adicciones.<\/p>\n<\/div>\n\n\n\n<script type=\"application\/ld+json\">\n{\n \"@context\": \"https:\/\/schema.org\",\n \"@type\": \"FAQPage\",\n \"mainEntity\": [\n  {\n   \"@type\": \"Question\",\n   \"name\": \"\u00bfC\u00f3mo influye el alcohol en las hormonas y provoca ca\u00edda del cabello?\",\n   \"acceptedAnswer\": {\n    \"@type\": \"Answer\",\n    \"text\": \"En dos fases, y las dos apuntan en direcciones distintas. Una dosis baja eleva ligeramente y de forma pasajera la testosterona en el hombre: en Sarkola y Eriksson (2003), de 13,5 a 16,0 nmol\/l, con desaparici\u00f3n del efecto en 2 a 6 horas. Con un consumo cr\u00f3nico elevado y da\u00f1o hep\u00e1tico se invierte: m\u00e1s actividad de la aromatasa, desplazamiento hacia los estr\u00f3genos, testosterona a la baja. La cadena \u00abalcohol, m\u00e1s DHT, m\u00e1s ca\u00edda del cabello\u00bb no est\u00e1 demostrada.\"\n   }\n  },\n  {\n   \"@type\": \"Question\",\n   \"name\": \"\u00bfQu\u00e9 papel juega la alimentaci\u00f3n en la ca\u00edda del cabello por alcohol?\",\n   \"acceptedAnswer\": {\n    \"@type\": \"Answer\",\n    \"text\": \"Un papel central, porque el alcohol ataca precisamente el suministro. El alcohol puede provocar carencias al dificultar la absorci\u00f3n de nutrientes como vitaminas y minerales, necesarios para un crecimiento sano del pelo. Si faltan durante meses, m\u00e1s fol\u00edculos pasan antes de tiempo a la fase de reposo. Qu\u00e9 nutrientes necesita el pelo se explica en el art\u00edculo sobre las vitaminas contra la ca\u00edda del cabello.\"\n   }\n  },\n  {\n   \"@type\": \"Question\",\n   \"name\": \"\u00bfHay nutrientes concretos que se vean especialmente afectados por el alcohol y provoquen ca\u00edda del cabello?\",\n   \"acceptedAnswer\": {\n    \"@type\": \"Answer\",\n    \"text\": \"S\u00ed, sobre todo las vitaminas del grupo B, la vitamina C, el zinc y el hierro pueden reducirse por un consumo excesivo de alcohol, lo que puede llevar a la ca\u00edda del cabello. Para el zinc est\u00e1 descrita una menor absorci\u00f3n en el intestino con una mayor eliminaci\u00f3n por el ri\u00f1\u00f3n al mismo tiempo; en el \u00e1cido f\u00f3lico se suman el intestino, el h\u00edgado y el ri\u00f1\u00f3n como v\u00edas de p\u00e9rdida. Esto solo se puede comprobar en la sangre, no en el pelo.\"\n   }\n  },\n  {\n   \"@type\": \"Question\",\n   \"name\": \"\u00bfC\u00f3mo se puede revertir la ca\u00edda del cabello cuando la ha provocado el alcohol?\",\n   \"acceptedAnswer\": {\n    \"@type\": \"Answer\",\n    \"text\": \"Por lo general, la parte asociada al alcohol es reversible. Una alimentaci\u00f3n saludable, una ingesta suficiente de l\u00edquidos y la renuncia al alcohol pueden ayudar a frenar la ca\u00edda y a favorecer de nuevo el crecimiento del pelo. Los fol\u00edculos no est\u00e1n destruidos, solo han pasado antes de tiempo a la fase de reposo: un efluvio tel\u00f3geno se recupera, seg\u00fan StatPearls, casi siempre en un plazo de hasta 6 meses, y la densidad completa puede necesitar de 12 a 18 meses.\"\n   }\n  },\n  {\n   \"@type\": \"Question\",\n   \"name\": \"\u00bfHay bebidas alcoh\u00f3licas m\u00e1s da\u00f1inas para el pelo que otras?\",\n   \"acceptedAnswer\": {\n    \"@type\": \"Answer\",\n    \"text\": \"No, lo que cuenta es la cantidad de alcohol puro, no el tipo de bebida. El Ministerio de Sanidad y la OMS cuentan exclusivamente en gramos. 300 ml de cerveza, 100 ml de vino y 30 ml de una bebida destilada contienen, con unos 10 g, aproximadamente la misma cantidad. Lo decisivo es el total semanal, no si en la copa hay cerveza, vino o licor.\"\n   }\n  },\n  {\n   \"@type\": \"Question\",\n   \"name\": \"\u00bfPuede el consumo moderado provocar tambi\u00e9n ca\u00edda del cabello o solo afecta al consumo elevado?\",\n   \"acceptedAnswer\": {\n    \"@type\": \"Answer\",\n    \"text\": \"La relaci\u00f3n solo est\u00e1 demostrada para el consumo cr\u00f3nico elevado. Un consumo alto y regular es con m\u00e1s probabilidad una causa de ca\u00edda del cabello, aunque en personas especialmente susceptibles el consumo moderado podr\u00eda, en teor\u00eda, desempe\u00f1ar alg\u00fan papel. Ning\u00fan estudio lo demuestra. Mencione la cantidad igualmente en la consulta, porque cambia la interpretaci\u00f3n de los valores anal\u00edticos.\"\n   }\n  },\n  {\n   \"@type\": \"Question\",\n   \"name\": \"\u00bfCu\u00e1nto tarda el pelo en mejorar despu\u00e9s de dejar el alcohol?\",\n   \"acceptedAnswer\": {\n    \"@type\": \"Answer\",\n    \"text\": \"Los primeros pelos nuevos a los 3 a 6 meses; un cabello visiblemente m\u00e1s denso, m\u00e1s bien entre los 6 y los 12 meses. El motivo es el ciclo capilar: entre lo que ocurre en el fol\u00edculo y lo que se ve en el cuero cabelludo pasan de 2 a 3 meses. Biol\u00f3gicamente no puede ir m\u00e1s r\u00e1pido.\"\n   }\n  },\n  {\n   \"@type\": \"Question\",\n   \"name\": \"\u00bfSe cae m\u00e1s pelo al principio, despu\u00e9s de dejar el alcohol?\",\n   \"acceptedAnswer\": {\n    \"@type\": \"Answer\",\n    \"text\": \"Es posible, aunque para el abandono del alcohol no est\u00e1 demostrado. En una desintoxicaci\u00f3n act\u00faa el estr\u00e9s f\u00edsico, y el estr\u00e9s est\u00e1 reconocido como desencadenante de un efluvio tel\u00f3geno; un brote as\u00ed ser\u00eda pasajero. Quien ha bebido mucho durante a\u00f1os deber\u00eda dejarlo con acompa\u00f1amiento m\u00e9dico.\"\n   }\n  },\n  {\n   \"@type\": \"Question\",\n   \"name\": \"\u00bfSirve de algo un mes sin alcohol para el pelo?\",\n   \"acceptedAnswer\": {\n    \"@type\": \"Answer\",\n    \"text\": \"En parte: para el h\u00edgado y el sue\u00f1o s\u00ed, para la densidad del pelo todav\u00eda no. Los valores elevados de GGT se normalizan tras la abstinencia en unas 2 a 5 semanas, mientras que la fase de reposo del pelo dura ya de 3 a 4 meses. Treinta d\u00edas son, por tanto, un punto de partida, no un resultado visible en el pelo.\"\n   }\n  },\n  {\n   \"@type\": \"Question\",\n   \"name\": \"\u00bfCu\u00e1nto tiempo debo renunciar al alcohol antes y despu\u00e9s de un trasplante capilar?\",\n   \"acceptedAnswer\": {\n    \"@type\": \"Answer\",\n    \"text\": \"Despu\u00e9s de la intervenci\u00f3n, del todo durante los primeros d\u00edas; a partir de ah\u00ed rige la indicaci\u00f3n de su cl\u00ednica. Los motivos son la tendencia al sangrado, las interacciones con los analg\u00e9sicos y los antibi\u00f3ticos y el efecto deshidratante. Para el tiempo previo, la revisi\u00f3n Cochrane (2018) muestra que la abstinencia de 4 a 8 semanas antes de una operaci\u00f3n probablemente reduce las complicaciones.\"\n   }\n  },\n  {\n   \"@type\": \"Question\",\n   \"name\": \"\u00bfProvoca el alcohol entradas o canas?\",\n   \"acceptedAnswer\": {\n    \"@type\": \"Answer\",\n    \"text\": \"No. Las entradas son el patr\u00f3n de la ca\u00edda hereditaria; el alcohol puede hacerlo m\u00e1s visible, pero no se considera su causa. Para el encanecimiento precoz est\u00e1 demostrado sobre todo el tabaco (Journal of the American Academy of Dermatology); para el alcohol por s\u00ed solo la relaci\u00f3n es mucho m\u00e1s d\u00e9bil y no est\u00e1 confirmada de forma comparable.\"\n   }\n  },\n  {\n   \"@type\": \"Question\",\n   \"name\": \"\u00bfEl alcohol de los champ\u00fas y los productos capilares (alcohol denat.) tambi\u00e9n es un problema?\",\n   \"acceptedAnswer\": {\n    \"@type\": \"Answer\",\n    \"text\": \"No, ese es otro mecanismo. El alcohol denat. es un disolvente que puede dejar el cuero cabelludo seco e irritable, sin da\u00f1ar la ra\u00edz del pelo. Las soluciones de minoxidil contienen adem\u00e1s, casi siempre, etanol o propilenglicol. El escozor y la descamaci\u00f3n que aparecen entonces se confunden a menudo con el efecto del alcohol bebido.\"\n   }\n  },\n  {\n   \"@type\": \"Question\",\n   \"name\": \"\u00bfEmpeora el alcohol la caspa o una inflamaci\u00f3n del cuero cabelludo?\",\n   \"acceptedAnswer\": {\n    \"@type\": \"Answer\",\n    \"text\": \"S\u00ed, para eso hay datos. En un estudio publicado en Acta Dermato-Venereologica, el consumo regular de alcohol se asoci\u00f3 a una odds ratio de 10,2 para los brotes de dermatitis seborreica; en la psoriasis se observ\u00f3 una relaci\u00f3n entre la cantidad ingerida y la gravedad.\"\n   }\n  },\n  {\n   \"@type\": \"Question\",\n   \"name\": \"\u00bfPuedo beber alcohol si uso finasterida o minoxidil?\",\n   \"acceptedAnswer\": {\n    \"@type\": \"Answer\",\n    \"text\": \"Eso pertenece a la consulta m\u00e9dica; no hay una respuesta general. La finasterida se metaboliza en el h\u00edgado a trav\u00e9s del CYP3A4 y est\u00e1 contraindicada cuando la funci\u00f3n hep\u00e1tica est\u00e1 alterada. Para el minoxidil, las fichas t\u00e9cnicas mencionan mareo, cansancio y bajada de la tensi\u00f3n arterial como posible consecuencia de la combinaci\u00f3n. Consulte adem\u00e1s el prospecto.\"\n   }\n  }\n ]\n}\n<\/script>\n\n","protected":false},"excerpt":{"rendered":"<p>M\u00e1s pelo en el desag\u00fce y, de fondo, la duda de si la culpa es de la cerveza de despu\u00e9s del trabajo: en ese punto, la mayor\u00eda busca la relaci\u00f3n entre el alcohol y la ca\u00edda del cabello. La respuesta honesta tiene dos partes. El consumo moderado no est\u00e1 demostrado como causa, y los dos [&hellip;]<\/p>\n","protected":false},"author":10,"featured_media":91877,"comment_status":"closed","ping_status":"closed","sticky":false,"template":"","format":"standard","meta":{"_acf_changed":false,"_yoast_wpseo_meta-robots-noindex":"","_yoast_wpseo_meta-robots-nofollow":"","_yoast_wpseo_meta-robots-adv":"","_yoast_wpseo_canonical":"https:\/\/elithair.com\/es\/trasplante-capilar-blog\/alcohol-y-caida-del-cabello\/","_yoast_wpseo_opengraph-title":"","_yoast_wpseo_opengraph-description":"","_yoast_wpseo_opengraph-image":"","_yoast_wpseo_twitter-title":"","_yoast_wpseo_twitter-description":"","_yoast_wpseo_twitter-image":"","_hm_hreflang_map":{"de":56996,"en":96957,"es":91873,"fr":101239,"it":107658,"pt":89718,"tr":83300,"uk":96343,"x_default":96957},"_hm_language_code":"es","footnotes":""},"categories":[6],"tags":[],"class_list":["post-91873","post","type-post","status-publish","format-standard","has-post-thumbnail","hentry","category-caida-del-cabello"],"acf":[],"yoast_head":"<!-- This site is optimized with the Yoast SEO Premium plugin v28.3 (Yoast SEO v28.3) - https:\/\/yoast.com\/product\/yoast-seo-premium-wordpress\/ -->\n<title>Alcohol y ca\u00edda del cabello: cu\u00e1nto da\u00f1a realmente y si la p\u00e9rdida de pelo es reversible<\/title>\n<meta name=\"description\" content=\"Alcohol y ca\u00edda del cabello: el consumo moderado no est\u00e1 demostrado como causa. Qu\u00e9 cambia un consumo alto y cu\u00e1nto tarda el pelo en recuperarse al dejarlo.\" \/>\n<meta name=\"robots\" content=\"index, follow, max-snippet:-1, max-image-preview:large, max-video-preview:-1\" \/>\n<link rel=\"canonical\" href=\"https:\/\/elithair.com\/es\/trasplante-capilar-blog\/alcohol-y-caida-del-cabello\/\" \/>\n<meta property=\"og:locale\" content=\"es_ES\" \/>\n<meta property=\"og:type\" content=\"article\" \/>\n<meta property=\"og:title\" content=\"Alcohol y ca\u00edda del cabello: cu\u00e1nto da\u00f1a de verdad y si tiene vuelta atr\u00e1s\" \/>\n<meta property=\"og:description\" content=\"Alcohol y ca\u00edda del cabello: el consumo moderado no est\u00e1 demostrado como causa. Qu\u00e9 cambia un consumo alto y cu\u00e1nto tarda el pelo en recuperarse al dejarlo.\" \/>\n<meta property=\"og:url\" content=\"https:\/\/elithair.com\/es\/trasplante-capilar-blog\/alcohol-y-caida-del-cabello\/\" \/>\n<meta property=\"og:site_name\" content=\"Elithair\" \/>\n<meta property=\"article:publisher\" content=\"https:\/\/www.facebook.com\/elithairtransplantspanish\" \/>\n<meta property=\"article:published_time\" content=\"2026-08-29T21:51:01+00:00\" \/>\n<meta property=\"og:image\" content=\"https:\/\/elithair.com\/es\/wp-content\/uploads\/sites\/5\/2026\/08\/follikel_versorgung.png\" \/>\n<meta name=\"author\" content=\"Dr. Imad Moustafa\" \/>\n<meta name=\"twitter:card\" content=\"summary_large_image\" \/>\n<meta name=\"twitter:label1\" content=\"Escrito por\" \/>\n\t<meta name=\"twitter:data1\" content=\"Dr. Imad Moustafa\" \/>\n\t<meta name=\"twitter:label2\" content=\"Tiempo de lectura\" \/>\n\t<meta name=\"twitter:data2\" content=\"39 minutos\" \/>\n<script type=\"application\/ld+json\" class=\"yoast-schema-graph\">{\"@context\":\"https:\\\/\\\/schema.org\",\"@graph\":[{\"@type\":\"Article\",\"@id\":\"https:\\\/\\\/elithair.com\\\/es\\\/trasplante-capilar-blog\\\/alcohol-y-caida-del-cabello\\\/#article\",\"isPartOf\":{\"@id\":\"https:\\\/\\\/elithair.com\\\/es\\\/trasplante-capilar-blog\\\/alcohol-y-caida-del-cabello\\\/\"},\"author\":{\"name\":\"Dr. Imad Moustafa\",\"@id\":\"https:\\\/\\\/elithair.com\\\/es\\\/#\\\/schema\\\/person\\\/11ce37e83a6343e4c37edcd4b5498e41\"},\"headline\":\"Alcohol y ca\u00edda del cabello: cu\u00e1nto da\u00f1a de verdad y si tiene vuelta atr\u00e1s\",\"datePublished\":\"2026-08-29T21:51:01+00:00\",\"mainEntityOfPage\":{\"@id\":\"https:\\\/\\\/elithair.com\\\/es\\\/trasplante-capilar-blog\\\/alcohol-y-caida-del-cabello\\\/\"},\"wordCount\":7913,\"publisher\":{\"@id\":\"https:\\\/\\\/elithair.com\\\/es\\\/#organization\"},\"image\":{\"@id\":\"https:\\\/\\\/elithair.com\\\/es\\\/trasplante-capilar-blog\\\/alcohol-y-caida-del-cabello\\\/#primaryimage\"},\"thumbnailUrl\":\"https:\\\/\\\/elithair.com\\\/es\\\/wp-content\\\/uploads\\\/sites\\\/5\\\/2026\\\/08\\\/hero-9.png\",\"articleSection\":[\"Ca\u00edda del cabello\"],\"inLanguage\":\"es\"},{\"@type\":\"WebPage\",\"@id\":\"https:\\\/\\\/elithair.com\\\/es\\\/trasplante-capilar-blog\\\/alcohol-y-caida-del-cabello\\\/\",\"url\":\"https:\\\/\\\/elithair.com\\\/es\\\/trasplante-capilar-blog\\\/alcohol-y-caida-del-cabello\\\/\",\"name\":\"Alcohol y ca\u00edda del cabello: cu\u00e1nto da\u00f1a realmente y si la p\u00e9rdida de pelo es reversible\",\"isPartOf\":{\"@id\":\"https:\\\/\\\/elithair.com\\\/es\\\/#website\"},\"primaryImageOfPage\":{\"@id\":\"https:\\\/\\\/elithair.com\\\/es\\\/trasplante-capilar-blog\\\/alcohol-y-caida-del-cabello\\\/#primaryimage\"},\"image\":{\"@id\":\"https:\\\/\\\/elithair.com\\\/es\\\/trasplante-capilar-blog\\\/alcohol-y-caida-del-cabello\\\/#primaryimage\"},\"thumbnailUrl\":\"https:\\\/\\\/elithair.com\\\/es\\\/wp-content\\\/uploads\\\/sites\\\/5\\\/2026\\\/08\\\/hero-9.png\",\"datePublished\":\"2026-08-29T21:51:01+00:00\",\"description\":\"Alcohol y ca\u00edda del cabello: el consumo moderado no est\u00e1 demostrado como causa. Qu\u00e9 cambia un consumo alto y cu\u00e1nto tarda el pelo en recuperarse al dejarlo.\",\"breadcrumb\":{\"@id\":\"https:\\\/\\\/elithair.com\\\/es\\\/trasplante-capilar-blog\\\/alcohol-y-caida-del-cabello\\\/#breadcrumb\"},\"inLanguage\":\"es\",\"potentialAction\":[{\"@type\":\"ReadAction\",\"target\":[\"https:\\\/\\\/elithair.com\\\/es\\\/trasplante-capilar-blog\\\/alcohol-y-caida-del-cabello\\\/\"]}]},{\"@type\":\"ImageObject\",\"inLanguage\":\"es\",\"@id\":\"https:\\\/\\\/elithair.com\\\/es\\\/trasplante-capilar-blog\\\/alcohol-y-caida-del-cabello\\\/#primaryimage\",\"url\":\"https:\\\/\\\/elithair.com\\\/es\\\/wp-content\\\/uploads\\\/sites\\\/5\\\/2026\\\/08\\\/hero-9.png\",\"contentUrl\":\"https:\\\/\\\/elithair.com\\\/es\\\/wp-content\\\/uploads\\\/sites\\\/5\\\/2026\\\/08\\\/hero-9.png\",\"width\":1536,\"height\":1024,\"caption\":\"Halb leeres Weinglas auf einem Holztisch, im unscharfen Hintergrund ein nachdenklicher Mann, der sich durch die Haare f\u00e4hrt\"},{\"@type\":\"BreadcrumbList\",\"@id\":\"https:\\\/\\\/elithair.com\\\/es\\\/trasplante-capilar-blog\\\/alcohol-y-caida-del-cabello\\\/#breadcrumb\",\"itemListElement\":[{\"@type\":\"ListItem\",\"position\":1,\"name\":\"Home\",\"item\":\"https:\\\/\\\/elithair.com\\\/es\\\/\"},{\"@type\":\"ListItem\",\"position\":2,\"name\":\"Alcohol y ca\u00edda del cabello: cu\u00e1nto da\u00f1a de verdad y si tiene vuelta atr\u00e1s\"}]},{\"@type\":\"WebSite\",\"@id\":\"https:\\\/\\\/elithair.com\\\/es\\\/#website\",\"url\":\"https:\\\/\\\/elithair.com\\\/es\\\/\",\"name\":\"Elithair\",\"description\":\"La mayor cl\u00ednica de Injerto Capilar en Turqu\u00eda\",\"publisher\":{\"@id\":\"https:\\\/\\\/elithair.com\\\/es\\\/#organization\"},\"alternateName\":\"la mejor cl\u00ednica de trasplante capilar en Turqu\u00eda\",\"potentialAction\":[{\"@type\":\"SearchAction\",\"target\":{\"@type\":\"EntryPoint\",\"urlTemplate\":\"https:\\\/\\\/elithair.com\\\/es\\\/?s={search_term_string}\"},\"query-input\":{\"@type\":\"PropertyValueSpecification\",\"valueRequired\":true,\"valueName\":\"search_term_string\"}}],\"inLanguage\":\"es\"},{\"@type\":\"Organization\",\"@id\":\"https:\\\/\\\/elithair.com\\\/es\\\/#organization\",\"name\":\"Elithair\",\"url\":\"https:\\\/\\\/elithair.com\\\/es\\\/\",\"logo\":{\"@type\":\"ImageObject\",\"inLanguage\":\"es\",\"@id\":\"https:\\\/\\\/elithair.com\\\/es\\\/#\\\/schema\\\/logo\\\/image\\\/\",\"url\":\"https:\\\/\\\/elithair.com\\\/es\\\/wp-content\\\/uploads\\\/sites\\\/5\\\/2026\\\/04\\\/elithair-logo-primary.svg\",\"contentUrl\":\"https:\\\/\\\/elithair.com\\\/es\\\/wp-content\\\/uploads\\\/sites\\\/5\\\/2026\\\/04\\\/elithair-logo-primary.svg\",\"width\":1,\"height\":1,\"caption\":\"Elithair\"},\"image\":{\"@id\":\"https:\\\/\\\/elithair.com\\\/es\\\/#\\\/schema\\\/logo\\\/image\\\/\"},\"sameAs\":[\"https:\\\/\\\/www.facebook.com\\\/elithairtransplantspanish\",\"https:\\\/\\\/instagram.com\\\/elithair.es\\\/\",\"https:\\\/\\\/www.tiktok.com\\\/@elithair.es?_t=8q2ySh9GNKy&_r=1\",\"https:\\\/\\\/www.youtube.com\\\/@elithair-trasplantecapilar4089\"]},{\"@type\":\"Person\",\"@id\":\"https:\\\/\\\/elithair.com\\\/es\\\/#\\\/schema\\\/person\\\/11ce37e83a6343e4c37edcd4b5498e41\",\"name\":\"Dr. Imad Moustafa\",\"image\":{\"@type\":\"ImageObject\",\"inLanguage\":\"es\",\"@id\":\"https:\\\/\\\/secure.gravatar.com\\\/avatar\\\/9190499f6f3008cd7da57b179f07bfea4b4e382c816ba3e0de68db0b5a70c07d?s=96&d=mm&r=g\",\"url\":\"https:\\\/\\\/secure.gravatar.com\\\/avatar\\\/9190499f6f3008cd7da57b179f07bfea4b4e382c816ba3e0de68db0b5a70c07d?s=96&d=mm&r=g\",\"contentUrl\":\"https:\\\/\\\/secure.gravatar.com\\\/avatar\\\/9190499f6f3008cd7da57b179f07bfea4b4e382c816ba3e0de68db0b5a70c07d?s=96&d=mm&r=g\",\"caption\":\"Dr. Imad Moustafa\"}}]}<\/script>\n<!-- \/ Yoast SEO Premium plugin. -->","yoast_head_json":{"title":"Alcohol y ca\u00edda del cabello: cu\u00e1nto da\u00f1a realmente y si la p\u00e9rdida de pelo es reversible","description":"Alcohol y ca\u00edda del cabello: el consumo moderado no est\u00e1 demostrado como causa. Qu\u00e9 cambia un consumo alto y cu\u00e1nto tarda el pelo en recuperarse al dejarlo.","robots":{"index":"index","follow":"follow","max-snippet":"max-snippet:-1","max-image-preview":"max-image-preview:large","max-video-preview":"max-video-preview:-1"},"canonical":"https:\/\/elithair.com\/es\/trasplante-capilar-blog\/alcohol-y-caida-del-cabello\/","og_locale":"es_ES","og_type":"article","og_title":"Alcohol y ca\u00edda del cabello: cu\u00e1nto da\u00f1a de verdad y si tiene vuelta atr\u00e1s","og_description":"Alcohol y ca\u00edda del cabello: el consumo moderado no est\u00e1 demostrado como causa. Qu\u00e9 cambia un consumo alto y cu\u00e1nto tarda el pelo en recuperarse al dejarlo.","og_url":"https:\/\/elithair.com\/es\/trasplante-capilar-blog\/alcohol-y-caida-del-cabello\/","og_site_name":"Elithair","article_publisher":"https:\/\/www.facebook.com\/elithairtransplantspanish","article_published_time":"2026-08-29T21:51:01+00:00","og_image":[{"url":"https:\/\/elithair.com\/es\/wp-content\/uploads\/sites\/5\/2026\/08\/follikel_versorgung.png","type":"","width":"","height":""}],"author":"Dr. Imad Moustafa","twitter_card":"summary_large_image","twitter_misc":{"Escrito por":"Dr. Imad Moustafa","Tiempo de lectura":"39 minutos"},"schema":{"@context":"https:\/\/schema.org","@graph":[{"@type":"Article","@id":"https:\/\/elithair.com\/es\/trasplante-capilar-blog\/alcohol-y-caida-del-cabello\/#article","isPartOf":{"@id":"https:\/\/elithair.com\/es\/trasplante-capilar-blog\/alcohol-y-caida-del-cabello\/"},"author":{"name":"Dr. Imad Moustafa","@id":"https:\/\/elithair.com\/es\/#\/schema\/person\/11ce37e83a6343e4c37edcd4b5498e41"},"headline":"Alcohol y ca\u00edda del cabello: cu\u00e1nto da\u00f1a de verdad y si tiene vuelta atr\u00e1s","datePublished":"2026-08-29T21:51:01+00:00","mainEntityOfPage":{"@id":"https:\/\/elithair.com\/es\/trasplante-capilar-blog\/alcohol-y-caida-del-cabello\/"},"wordCount":7913,"publisher":{"@id":"https:\/\/elithair.com\/es\/#organization"},"image":{"@id":"https:\/\/elithair.com\/es\/trasplante-capilar-blog\/alcohol-y-caida-del-cabello\/#primaryimage"},"thumbnailUrl":"https:\/\/elithair.com\/es\/wp-content\/uploads\/sites\/5\/2026\/08\/hero-9.png","articleSection":["Ca\u00edda del cabello"],"inLanguage":"es"},{"@type":"WebPage","@id":"https:\/\/elithair.com\/es\/trasplante-capilar-blog\/alcohol-y-caida-del-cabello\/","url":"https:\/\/elithair.com\/es\/trasplante-capilar-blog\/alcohol-y-caida-del-cabello\/","name":"Alcohol y ca\u00edda del cabello: cu\u00e1nto da\u00f1a realmente y si la p\u00e9rdida de pelo es reversible","isPartOf":{"@id":"https:\/\/elithair.com\/es\/#website"},"primaryImageOfPage":{"@id":"https:\/\/elithair.com\/es\/trasplante-capilar-blog\/alcohol-y-caida-del-cabello\/#primaryimage"},"image":{"@id":"https:\/\/elithair.com\/es\/trasplante-capilar-blog\/alcohol-y-caida-del-cabello\/#primaryimage"},"thumbnailUrl":"https:\/\/elithair.com\/es\/wp-content\/uploads\/sites\/5\/2026\/08\/hero-9.png","datePublished":"2026-08-29T21:51:01+00:00","description":"Alcohol y ca\u00edda del cabello: el consumo moderado no est\u00e1 demostrado como causa. Qu\u00e9 cambia un consumo alto y cu\u00e1nto tarda el pelo en recuperarse al dejarlo.","breadcrumb":{"@id":"https:\/\/elithair.com\/es\/trasplante-capilar-blog\/alcohol-y-caida-del-cabello\/#breadcrumb"},"inLanguage":"es","potentialAction":[{"@type":"ReadAction","target":["https:\/\/elithair.com\/es\/trasplante-capilar-blog\/alcohol-y-caida-del-cabello\/"]}]},{"@type":"ImageObject","inLanguage":"es","@id":"https:\/\/elithair.com\/es\/trasplante-capilar-blog\/alcohol-y-caida-del-cabello\/#primaryimage","url":"https:\/\/elithair.com\/es\/wp-content\/uploads\/sites\/5\/2026\/08\/hero-9.png","contentUrl":"https:\/\/elithair.com\/es\/wp-content\/uploads\/sites\/5\/2026\/08\/hero-9.png","width":1536,"height":1024,"caption":"Halb leeres Weinglas auf einem Holztisch, im unscharfen Hintergrund ein nachdenklicher Mann, der sich durch die Haare f\u00e4hrt"},{"@type":"BreadcrumbList","@id":"https:\/\/elithair.com\/es\/trasplante-capilar-blog\/alcohol-y-caida-del-cabello\/#breadcrumb","itemListElement":[{"@type":"ListItem","position":1,"name":"Home","item":"https:\/\/elithair.com\/es\/"},{"@type":"ListItem","position":2,"name":"Alcohol y ca\u00edda del cabello: cu\u00e1nto da\u00f1a de verdad y si tiene vuelta atr\u00e1s"}]},{"@type":"WebSite","@id":"https:\/\/elithair.com\/es\/#website","url":"https:\/\/elithair.com\/es\/","name":"Elithair","description":"La mayor cl\u00ednica de Injerto Capilar en Turqu\u00eda","publisher":{"@id":"https:\/\/elithair.com\/es\/#organization"},"alternateName":"la mejor cl\u00ednica de trasplante capilar en Turqu\u00eda","potentialAction":[{"@type":"SearchAction","target":{"@type":"EntryPoint","urlTemplate":"https:\/\/elithair.com\/es\/?s={search_term_string}"},"query-input":{"@type":"PropertyValueSpecification","valueRequired":true,"valueName":"search_term_string"}}],"inLanguage":"es"},{"@type":"Organization","@id":"https:\/\/elithair.com\/es\/#organization","name":"Elithair","url":"https:\/\/elithair.com\/es\/","logo":{"@type":"ImageObject","inLanguage":"es","@id":"https:\/\/elithair.com\/es\/#\/schema\/logo\/image\/","url":"https:\/\/elithair.com\/es\/wp-content\/uploads\/sites\/5\/2026\/04\/elithair-logo-primary.svg","contentUrl":"https:\/\/elithair.com\/es\/wp-content\/uploads\/sites\/5\/2026\/04\/elithair-logo-primary.svg","width":1,"height":1,"caption":"Elithair"},"image":{"@id":"https:\/\/elithair.com\/es\/#\/schema\/logo\/image\/"},"sameAs":["https:\/\/www.facebook.com\/elithairtransplantspanish","https:\/\/instagram.com\/elithair.es\/","https:\/\/www.tiktok.com\/@elithair.es?_t=8q2ySh9GNKy&_r=1","https:\/\/www.youtube.com\/@elithair-trasplantecapilar4089"]},{"@type":"Person","@id":"https:\/\/elithair.com\/es\/#\/schema\/person\/11ce37e83a6343e4c37edcd4b5498e41","name":"Dr. Imad Moustafa","image":{"@type":"ImageObject","inLanguage":"es","@id":"https:\/\/secure.gravatar.com\/avatar\/9190499f6f3008cd7da57b179f07bfea4b4e382c816ba3e0de68db0b5a70c07d?s=96&d=mm&r=g","url":"https:\/\/secure.gravatar.com\/avatar\/9190499f6f3008cd7da57b179f07bfea4b4e382c816ba3e0de68db0b5a70c07d?s=96&d=mm&r=g","contentUrl":"https:\/\/secure.gravatar.com\/avatar\/9190499f6f3008cd7da57b179f07bfea4b4e382c816ba3e0de68db0b5a70c07d?s=96&d=mm&r=g","caption":"Dr. Imad Moustafa"}}]}},"_links":{"self":[{"href":"https:\/\/elithair.com\/es\/wp-json\/wp\/v2\/posts\/91873","targetHints":{"allow":["GET"]}}],"collection":[{"href":"https:\/\/elithair.com\/es\/wp-json\/wp\/v2\/posts"}],"about":[{"href":"https:\/\/elithair.com\/es\/wp-json\/wp\/v2\/types\/post"}],"author":[{"embeddable":true,"href":"https:\/\/elithair.com\/es\/wp-json\/wp\/v2\/users\/10"}],"replies":[{"embeddable":true,"href":"https:\/\/elithair.com\/es\/wp-json\/wp\/v2\/comments?post=91873"}],"version-history":[{"count":0,"href":"https:\/\/elithair.com\/es\/wp-json\/wp\/v2\/posts\/91873\/revisions"}],"wp:featuredmedia":[{"embeddable":true,"href":"https:\/\/elithair.com\/es\/wp-json\/wp\/v2\/media\/91877"}],"wp:attachment":[{"href":"https:\/\/elithair.com\/es\/wp-json\/wp\/v2\/media?parent=91873"}],"wp:term":[{"taxonomy":"category","embeddable":true,"href":"https:\/\/elithair.com\/es\/wp-json\/wp\/v2\/categories?post=91873"},{"taxonomy":"post_tag","embeddable":true,"href":"https:\/\/elithair.com\/es\/wp-json\/wp\/v2\/tags?post=91873"}],"curies":[{"name":"wp","href":"https:\/\/api.w.org\/{rel}","templated":true}]}}