{"id":91872,"date":"2026-08-29T14:37:54","date_gmt":"2026-08-29T12:37:54","guid":{"rendered":"https:\/\/elithair.com\/es\/trasplante-capilar-blog\/diabetes-y-caida-del-cabello\/"},"modified":"2026-08-29T14:37:54","modified_gmt":"2026-08-29T12:37:54","slug":"diabetes-y-caida-del-cabello","status":"publish","type":"post","link":"https:\/\/elithair.com\/es\/trasplante-capilar-blog\/diabetes-y-caida-del-cabello\/","title":{"rendered":"Diabetes y ca\u00edda del cabello: causas, resistencia a la insulina y qu\u00e9 ayuda de verdad"},"content":{"rendered":"\n<div style=\"border-left:4px solid #0079F1;padding:0 0 0 14px;margin:0 0 26px\">\n<p style=\"margin:0 0 14px;color:#2e3033;font-size:17px;line-height:1.65\">M\u00e1s pelo en el cepillo y, en la \u00faltima consulta, la HbA1c demasiado alta: la relaci\u00f3n entre la diabetes y la ca\u00edda del cabello es real, aunque casi siempre distinta de lo que se supone. La ca\u00edda del cabello asociada a la diabetes suele ser <a href=\"\/es\/trasplante-capilar-blog\/caida-difusa-del-cabello\/\">difusa<\/a> repartida por toda la cabeza, y remite a lo largo de varios meses cuando la glucemia se estabiliza. Junto a ella existe una segunda conexi\u00f3n poco conocida: en hombres con alopecia hereditaria de inicio precoz, un estudio de casos y controles con 200 participantes hall\u00f3 resistencia a la insulina con una frecuencia 4,5 veces mayor que en los controles, es decir, en el 18 % frente al 4 % (Erden et al. 2025, Journal of Cosmetic Dermatology). Este art\u00edculo separa ambas v\u00edas y muestra qu\u00e9 valores conviene que le revisen.<\/p>\n<p style=\"margin:0 0 8px;color:#013366;font-weight:700;font-size:16px\">Lo esencial en pocas l\u00edneas<\/p>\n<ul style=\"margin:0 0 14px;padding:0;color:#2e3033;list-style:none\">\n<li style=\"position:relative;padding:3px 0 3px 24px\"><span style=\"position:absolute;left:0;top:3px;color:#0079F1;font-weight:700\">&#10003;<\/span>La ca\u00edda del cabello por diabetes suele ser difusa y remite en 3 a 6 meses con una glucemia estable<\/li>\n<li style=\"position:relative;padding:3px 0 3px 24px\"><span style=\"position:absolute;left:0;top:3px;color:#0079F1;font-weight:700\">&#10003;<\/span>Act\u00faan cuatro mecanismos a la vez: microcirculaci\u00f3n alterada, glicaci\u00f3n (AGE), inflamaci\u00f3n cr\u00f3nica y un desplazamiento hormonal<\/li>\n<li style=\"position:relative;padding:3px 0 3px 24px\"><span style=\"position:absolute;left:0;top:3px;color:#0079F1;font-weight:700\">&#10003;<\/span>La tipo 1 a\u00f1ade adem\u00e1s un eje autoinmune (alopecia areata, tiroides); la tipo 2, sobre todo, la resistencia a la insulina<\/li>\n<li style=\"position:relative;padding:3px 0 3px 24px\"><span style=\"position:absolute;left:0;top:3px;color:#0079F1;font-weight:700\">&#10003;<\/span>La metformina no es un desencadenante directo, pero en tratamientos prolongados reduce el nivel de vitamina B12, y un d\u00e9ficit de B12 favorece la ca\u00edda del cabello<\/li>\n<\/ul>\n<p style=\"margin:0;color:#2e3033\">El \u00edndice de contenidos muestra d\u00f3nde encontrar cada cosa. Despu\u00e9s entramos en detalle mecanismo por mecanismo, desde la resistencia a la insulina hasta el picor del cuero cabelludo y la pregunta de si un trasplante capilar tiene sentido en una persona con diabetes.<\/p>\n<\/div>\n\n\n\n<div style=\"background:#f6f9fc;border:1px solid #dbe4f0;border-radius:12px;padding:18px 20px;margin:0 0 28px\">\n<p style=\"margin:0 0 14px;color:#013366;font-weight:700;font-size:17px\">Su hoja de ruta en tres pasos<\/p>\n<div style=\"display:flex;gap:12px;margin:0 0 14px\">\n<div style=\"flex:0 0 28px;height:28px;border-radius:50%;background:#0079F1;color:#ffffff;font-weight:700;font-size:15px;line-height:28px;text-align:center\">1<\/div>\n<p style=\"margin:0;color:#2e3033;font-size:15px;line-height:1.6\"><strong style=\"color:#013366\">Determinar el patr\u00f3n, no adivinarlo.<\/strong> Si el pelo cae de forma uniforme por toda la cabeza, apunta al metabolismo. Si en cambio retroceden las entradas y clarea la coronilla mientras la nuca sigue poblada, hay un componente hereditario. El patr\u00f3n decide todo lo dem\u00e1s.<\/p>\n<\/div>\n<div style=\"display:flex;gap:12px;margin:0 0 14px\">\n<div style=\"flex:0 0 28px;height:28px;border-radius:50%;background:#0079F1;color:#ffffff;font-weight:700;font-size:15px;line-height:28px;text-align:center\">2<\/div>\n<p style=\"margin:0;color:#2e3033;font-size:15px;line-height:1.6\"><strong style=\"color:#013366\">Analizar valores en lugar de cambiar de champ\u00fa.<\/strong> En la anal\u00edtica deben entrar la HbA1c con su evoluci\u00f3n, la ferritina, la vitamina B12 (sobre todo con metformina), el zinc, la vitamina D y la TSH. Ning\u00fan producto de cuidado corrige una glucemia ni un d\u00e9ficit.<\/p>\n<\/div>\n<div style=\"display:flex;gap:12px;margin:0\">\n<div style=\"flex:0 0 28px;height:28px;border-radius:50%;background:#0079F1;color:#ffffff;font-weight:700;font-size:15px;line-height:28px;text-align:center\">3<\/div>\n<p style=\"margin:0;color:#2e3033;font-size:15px;line-height:1.6\"><strong style=\"color:#013366\">Darle tiempo al ciclo capilar.<\/strong> Con la glucemia estable, la ca\u00edda suele remitir en el mes 1 o 2, los primeros pelos nuevos aparecen en el mes 5 o 6 y la densidad se ve claramente mayor a los 9 o 12 meses. Antes de eso, sencillamente no se puede juzgar el resultado.<\/p>\n<\/div>\n<\/div>\n\n\n\n<h2 class=\"wp-block-heading\">\u00bfPor qu\u00e9 la diabetes provoca ca\u00edda del cabello?<\/h2>\n\n\n\n<figure class=\"wp-block-image size-full\"><img decoding=\"async\" src=\"https:\/\/elithair.com\/es\/wp-content\/uploads\/sites\/5\/2026\/08\/bestand_97298.png\" alt=\"Una c\u00e9lula sangu\u00ednea atravesada por part\u00edculas de az\u00facar\" class=\"wp-image-92149\"\/><\/figure>\n\n\n\n<p class=\"wp-block-paragraph\">La diabetes provoca ca\u00edda del cabello por cuatro v\u00edas que se refuerzan entre s\u00ed: una microcirculaci\u00f3n alterada en la ra\u00edz del pelo, la glicaci\u00f3n de las prote\u00ednas del tejido (AGE), una inflamaci\u00f3n cr\u00f3nica de bajo grado y un desplazamiento hormonal por hiperinsulinemia. En la tipo 1 se suma un eje autoinmune.<\/p>\n\n\n\n<p class=\"wp-block-paragraph\"><a href=\"https:\/\/www.msdmanuals.com\/es\/professional\/trastornos-endocrinol\u00f3gicos-y-metab\u00f3licos\/diabetes-mellitus-e-hipoglucemia\/generalidades-sobre-la-diabetes-mellitus\" target=\"_blank\" rel=\"noopener\">La diabetes<\/a> es una enfermedad cr\u00f3nica que influye en muchos procesos del organismo, incluida la salud del cabello. <strong>La ca\u00edda del cabello en la diabetes<\/strong> es frecuente y puede deberse a distintos factores que alteran el ciclo capilar . La intensidad con la que act\u00faan depende sobre todo de la magnitud y la duraci\u00f3n de la carga gluc\u00e9mica.<\/p>\n\n\n\n<div style=\"border-left:4px solid #0079F1;padding:0 0 0 14px;margin:26px 0\">\n<p style=\"margin:0 0 10px;color:#013366;font-weight:700;font-size:16px\">Los cuatro mecanismos en claro, m\u00e1s el eje autoinmune de la tipo 1<\/p>\n<ul style=\"margin:0;padding:0;color:#2e3033;list-style:none;font-size:15px;line-height:1.6\">\n<li style=\"padding:0 0 10px\"><strong style=\"color:#013366\">Microangiopat\u00eda<\/strong> significa que los vasos sangu\u00edneos m\u00e1s peque\u00f1os se da\u00f1an. La consecuencia para su cabello: menos ox\u00edgeno y nutrientes en la ra\u00edz, y el pelo crece m\u00e1s despacio y m\u00e1s fino.<\/li>\n<li style=\"padding:0 0 10px\"><strong style=\"color:#013366\">Hiperinsulinemia<\/strong> significa un exceso permanente de insulina en sangre. La consecuencia para su cabello: baja la globulina fijadora de hormonas sexuales (SHBG) y queda m\u00e1s testosterona libre disponible para convertirse en DHT.<\/li>\n<li style=\"padding:0 0 10px\"><strong style=\"color:#013366\">Glicaci\u00f3n (AGE)<\/strong> significa que el az\u00facar se adhiere a las prote\u00ednas del propio cuerpo. La consecuencia para su cabello: el tejido conjuntivo que rodea el fol\u00edculo se endurece y envejece m\u00e1s r\u00e1pido, algo demostrado hasta ahora sobre todo en modelos de piel y en cultivos celulares.<\/li>\n<li style=\"padding:0 0 10px\"><strong style=\"color:#013366\">Inflamaci\u00f3n de bajo grado<\/strong> significa mensajeros como la IL-6 y el TNF-alfa permanentemente elevados. La consecuencia para su cabello: las c\u00e9lulas madre del fol\u00edculo funcionan peor y el pelo se miniaturiza con m\u00e1s facilidad.<\/li>\n<li style=\"padding:0\"><strong style=\"color:#013366\">Estr\u00e9s y autoinmunidad<\/strong> significa sobrecarga y un sistema inmunitario desorientado. La consecuencia para su cabello: muchos fol\u00edculos entran a la vez en fase de reposo y, en la tipo 1, se a\u00f1ade la alopecia areata como cuadro propio.<\/li>\n<\/ul>\n<\/div>\n\n\n\n<h3 class=\"wp-block-heading\">Trastornos circulatorios: un aporte insuficiente a los fol\u00edculos<\/h3>\n\n\n\n<p class=\"wp-block-paragraph\">Un factor central en la p\u00e9rdida de cabello asociada a la diabetes es la alteraci\u00f3n de la circulaci\u00f3n. Una glucemia alta puede da\u00f1ar los vasos sangu\u00edneos y empeorar el riego. En t\u00e9rminos m\u00e9dicos, esta v\u00eda se llama microangiopat\u00eda diab\u00e9tica, un concepto establecido en la literatura diabetol\u00f3gica sobre complicaciones cut\u00e1neas (revisi\u00f3n sobre complicaciones cut\u00e1neas en la diabetes, PMC 2023).<\/p>\n\n\n\n<p class=\"wp-block-paragraph\">Como los fol\u00edculos dependen de un aporte suficiente de nutrientes y ox\u00edgeno, los problemas circulatorios pueden debilitar las ra\u00edces del pelo. Con el tiempo, el crecimiento se resiente, lo que puede llevar a un cabello m\u00e1s fino o a su ca\u00edda.<\/p>\n\n\n\n<p class=\"wp-block-paragraph\">En fase de crecimiento, el fol\u00edculo es uno de los tejidos metab\u00f3licamente m\u00e1s activos del organismo, de ah\u00ed que reaccione con tanta sensibilidad a un peor aporte. No existe, sin embargo, una cifra fiable sobre en qu\u00e9 porcentaje desciende el riego folicular en la diabetes. Los datos son descriptivos, no cuantificados.<\/p>\n\n\n\n<h3 class=\"wp-block-heading\">Cambios hormonales: el papel de la insulina<\/h3>\n\n\n\n<p class=\"wp-block-paragraph\">La diabetes suele traer consigo cambios hormonales que pueden repercutir directamente en el crecimiento del cabello. <a href=\"https:\/\/www.msdmanuals.com\/es\/professional\/trastornos-endocrinol\u00f3gicos-y-metab\u00f3licos\/diabetes-mellitus-e-hipoglucemia\/medicamentos-para-el-tratamiento-de-la-diabetes-mellitus\" target=\"_blank\" rel=\"noopener\">La insulina<\/a>, la hormona que regula la glucemia, desempe\u00f1a un papel clave en muchos procesos metab\u00f3licos.<\/p>\n\n\n\n<p class=\"wp-block-paragraph\">Un nivel de insulina desequilibrado, frecuente en la diabetes, puede alterar el ciclo capilar y acortar la fase de crecimiento. Adem\u00e1s, las oscilaciones hormonales suponen una carga adicional para el organismo, lo que frena a\u00fan m\u00e1s el crecimiento del pelo. Para esta v\u00eda falta hasta hoy una prueba directa en el fol\u00edculo humano: la relaci\u00f3n se considera plausible, no demostrada.<\/p>\n\n\n\n<p class=\"wp-block-paragraph\">El segundo efecto hormonal est\u00e1 mejor documentado: unos niveles altos de insulina reducen la globulina fijadora de hormonas sexuales (SHBG). Con ello aumenta la proporci\u00f3n de testosterona libre, biol\u00f3gicamente activa, que en el fol\u00edculo se convierte en DHT. Ese es el puente mecanicista con la alopecia androgen\u00e9tica, que se sit\u00faa con m\u00e1s detalle en el apartado siguiente.<\/p>\n\n\n\n<h3 class=\"wp-block-heading\">AGE y glicaci\u00f3n: por qu\u00e9 una glucemia alta envejece el tejido<\/h3>\n\n\n\n<p class=\"wp-block-paragraph\">Los productos finales de glicaci\u00f3n avanzada (AGE) se forman cuando el az\u00facar se une de forma permanente a las prote\u00ednas. Se depositan de manera medible en la piel, endurecen el col\u00e1geno y empeoran la elasticidad del tejido (Wang et al. 2024, Experimental Dermatology). Un trabajo de 2025 lleg\u00f3 incluso a detectar rastros de AGE directamente en el cabello y los plantea como marcador no invasivo de diabetes y envejecimiento.<\/p>\n\n\n\n<p class=\"wp-block-paragraph\">Importante para situarlo bien: que los AGE da\u00f1en el propio fol\u00edculo y acorten la fase de crecimiento se ha demostrado hasta ahora sobre todo en cultivos celulares y modelos de piel, no en estudios cl\u00ednicos en personas. El mecanismo est\u00e1 bien documentado para el envejecimiento cut\u00e1neo y es plausible para el entorno del fol\u00edculo, pero no es una causa demostrada de ca\u00edda del cabello.<\/p>\n\n\n\n<h3 class=\"wp-block-heading\">Inflamaci\u00f3n cr\u00f3nica y estr\u00e9s oxidativo: \u00bfqu\u00e9 ocurre en el tejido?<\/h3>\n\n\n\n<p class=\"wp-block-paragraph\">La diabetes se considera un estado de inflamaci\u00f3n cr\u00f3nica de bajo grado. Citocinas proinflamatorias como la IL-6 y el TNF-alfa inhiben la funci\u00f3n de las c\u00e9lulas madre foliculares y favorecen la miniaturizaci\u00f3n del pelo; unos marcadores inflamatorios elevados se asocian a una peor respuesta al tratamiento de la ca\u00edda del cabello (revisi\u00f3n sobre la inflamaci\u00f3n perifolicular en la alopecia androgen\u00e9tica, Dove Medical Press).<\/p>\n\n\n\n<p class=\"wp-block-paragraph\">Tambi\u00e9n aqu\u00ed corresponde la matizaci\u00f3n honesta: no existe un estudio de cohortes propio que vincule valores de PCR o de IL-6 en la diabetes con una p\u00e9rdida de cabello medida. La inflamaci\u00f3n es un denominador fisiopatol\u00f3gico com\u00fan de ambas enfermedades, no una cadena causal demostrada.<\/p>\n\n\n\n<h3 class=\"wp-block-heading\">Estr\u00e9s y reacciones autoinmunes: la carga para el organismo<\/h3>\n\n\n\n<p class=\"wp-block-paragraph\">La diabetes no solo supone una carga f\u00edsica, sino tambi\u00e9n ps\u00edquica. El estr\u00e9s derivado de la enfermedad puede desencadenar un <a href=\"https:\/\/www.msdmanuals.com\/es\/hogar\/trastornos-de-la-piel\/trastornos-del-pelo\/alopecia-p%C3%A9rdida-de-pelo\" target=\"_blank\" rel=\"noopener\">efluvio tel\u00f3geno<\/a> , una forma de p\u00e9rdida de cabello en la que muchos fol\u00edculos entran en fase de reposo. La ca\u00edda aparece entonces difusa y con retraso, por lo general 2 o 3 meses despu\u00e9s del acontecimiento desencadenante.<\/p>\n\n\n\n<p class=\"wp-block-paragraph\">Adem\u00e1s, la diabetes aumenta el riesgo de enfermedades autoinmunes como la <a href=\"\/es\/trasplante-capilar-blog\/alopecia-areata\/\">alopecia areata<\/a>, en la que el sistema inmunitario ataca los fol\u00edculos y provoca placas sin pelo. Ya sea por trastornos circulatorios, <a href=\"\/es\/trasplante-capilar-blog\/hormonas-y-cabello\/\">cambios hormonales<\/a> o estr\u00e9s: la diabetes puede favorecer la ca\u00edda del cabello por distintas v\u00edas.<\/p>\n\n\n\n<p class=\"wp-block-paragraph\">Con medidas y tratamientos dirigidos, los efectos de la diabetes sobre el cabello suelen poder atenuarse, y la parte difusa y metab\u00f3lica de la ca\u00edda puede revertir.<\/p>\n\n\n<div class=\"wp-block-image\">\n<figure class=\"aligncenter size-large is-resized\" style=\"max-width:560px;margin-left:auto;margin-right:auto\"><img decoding=\"async\" src=\"https:\/\/elithair.com\/es\/wp-content\/uploads\/sites\/5\/2026\/08\/mechanismen_follikel__es.png\" alt=\"Ilustraci\u00f3n de un fol\u00edculo capilar en un corte de la piel con los cuatro mecanismos por los que la diabetes altera el crecimiento del cabello\" class=\"wp-image-92140\" style=\"width:560px;max-width:100%;height:auto\"\/><\/figure>\n<\/div>\n\n\n<p class=\"wp-block-paragraph\">La fuerza con la que act\u00faan estas v\u00edas depende menos del tipo de diabetes que de la resistencia a la insulina que hay detr\u00e1s. Justo ah\u00ed empieza la l\u00ednea de investigaci\u00f3n m\u00e1s interesante de los \u00faltimos a\u00f1os.<\/p>\n\n\n\n<h2 class=\"wp-block-heading\">Resistencia a la insulina y ca\u00edda del cabello: qu\u00e9 muestran los estudios<\/h2>\n\n\n\n<p class=\"wp-block-paragraph\">La resistencia a la insulina no provoca ca\u00edda del cabello. Pero se asocia estad\u00edsticamente con la alopecia androgen\u00e9tica de inicio precoz y con el s\u00edndrome metab\u00f3lico. Erden, Yorulmaz y Yalcin (2025, Journal of Cosmetic Dermatology) hallaron, en un estudio de casos y controles con 200 hombres de entre 18 y 35 a\u00f1os, resistencia a la insulina (HOMA-IR a partir de 2,7) en el 18 % de los afectados frente al 4 % de los controles (p = 0,003).<\/p>\n\n\n\n<p class=\"wp-block-paragraph\">El mismo trabajo hall\u00f3 s\u00edndrome metab\u00f3lico en el 21 % frente al 9 % (p = 0,011), adem\u00e1s de valores de insulina en ayunas significativamente m\u00e1s altos (p = 0,005), m\u00e1s triglic\u00e9ridos (p = 0,043) y un per\u00edmetro abdominal mayor (p = 0,026). A medida que aumentaba el estadio en la escala de Hamilton-Norwood, aumentaba la frecuencia de resistencia a la insulina.<\/p>\n\n\n\n<p class=\"wp-block-paragraph\">Encaja con datos m\u00e1s antiguos: un metan\u00e1lisis de 2017 publicado en Scientific Reports hall\u00f3 en hombres j\u00f3venes con alopecia androgen\u00e9tica de inicio precoz niveles de insulina e \u00edndices HOMA significativamente m\u00e1s altos que en los controles. Una revisi\u00f3n sistem\u00e1tica de 2026 en BMC Public Health sit\u00faa la resistencia a la insulina, junto a los antecedentes familiares por v\u00eda paterna, como factor de riesgo propio.<\/p>\n\n\n\n<p class=\"wp-block-paragraph\">Lo que estos estudios no muestran es al menos igual de importante. Son peque\u00f1os (de 100 a 200 participantes), proceden en su mayor\u00eda de un \u00fanico centro y tienen un dise\u00f1o transversal o de casos y controles. Con eso no se puede determinar la direcci\u00f3n de la relaci\u00f3n: queda abierto si la resistencia a la insulina precede a la ca\u00edda del cabello o si, al contrario, ambas comparten una causa com\u00fan.<\/p>\n\n\n\n<p class=\"wp-block-paragraph\">Adem\u00e1s, se ha estudiado casi exclusivamente a hombres con ca\u00edda de inicio precoz. En mujeres y en la ca\u00edda de inicio tard\u00edo los datos son escasos. Y no existe ning\u00fan estudio que demuestre que un tratamiento para mejorar la sensibilidad a la insulina devuelva cabello. Quien lo afirme va m\u00e1s all\u00e1 de la evidencia.<\/p>\n\n\n\n<p class=\"wp-block-paragraph\">Por eso la explicaci\u00f3n mecanicista sigue siendo una hip\u00f3tesis: la hiperinsulinemia baja la SHBG, sube la testosterona libre, en el fol\u00edculo sensible act\u00faa m\u00e1s DHT y la miniaturizaci\u00f3n se acelera. A ello se suma una peor microcirculaci\u00f3n perifolicular. Plausible y coherente con los valores medidos, pero no demostrado.<\/p>\n\n\n\n<h3 class=\"wp-block-heading\">Qu\u00e9 significa esto en la pr\u00e1ctica: \u00edndice HOMA, insulina en ayunas y estilo de vida<\/h3>\n\n\n\n<p class=\"wp-block-paragraph\">El \u00edndice HOMA (HOMA-IR) estima la resistencia a la insulina a partir de dos valores en ayunas. La f\u00f3rmula es: la insulina en ayunas en microunidades por mililitro multiplicada por la glucosa en ayunas en miligramos por decilitro y dividida entre 405. Como normal suele considerarse un rango de 0,7 a 2,0; para la extracci\u00f3n hacen falta de 8 a 12 horas de ayuno.<\/p>\n\n\n\n<p class=\"wp-block-paragraph\">El punto de corte, en cambio, no est\u00e1 claro, y conviene decirlo: algunos autores ven una resistencia incipiente a partir de 1,9, el punto de corte de NHANES est\u00e1 en 2,5, el estudio sobre ca\u00edda del cabello citado arriba utiliz\u00f3 2,7 y para poblaciones asi\u00e1ticas se discuten valores de 1,4 a 2,5. Ninguna sociedad cient\u00edfica ha ratificado un umbral \u00fanico (mdcalc.com, 2026).<\/p>\n\n\n\n<p class=\"wp-block-paragraph\">El HOMA-IR no es, por tanto, una prueba de ca\u00edda del cabello, sino una prueba metab\u00f3lica. No responde a por qu\u00e9 pierde usted pelo, sino a si de fondo hay una resistencia a la insulina que de todos modos merece atenci\u00f3n.<\/p>\n\n\n\n<p class=\"wp-block-paragraph\">Las palancas demostradas sobre la sensibilidad a la insulina son poco espectaculares y, aun as\u00ed, eficaces: reducci\u00f3n de peso, entrenamiento de resistencia regular combinado con trabajo de fuerza y dormir lo suficiente. Como recomendaci\u00f3n est\u00e1ndar se manejan 150 minutos de actividad moderada por semana (recomendaci\u00f3n de actividad f\u00edsica de la OMS). No lleva asociada ninguna promesa de crecimiento capilar; un beneficio metab\u00f3lico, s\u00ed.<\/p>\n\n\n\n<h3 class=\"wp-block-heading\">La ca\u00edda precoz del cabello como se\u00f1al metab\u00f3lica<\/h3>\n\n\n\n<p class=\"wp-block-paragraph\">El punto m\u00e1s valioso en la pr\u00e1ctica de todos estos estudios afecta a los hombres j\u00f3venes. Si la ca\u00edda hereditaria empieza claramente antes de los 30 o 35 a\u00f1os, merece la pena mirar la tensi\u00f3n arterial, los l\u00edpidos en sangre y la glucosa en ayunas. En dermatolog\u00eda este enfoque se debate cada vez m\u00e1s, pero no existe una recomendaci\u00f3n oficial de cribado por parte de ninguna sociedad cient\u00edfica.<\/p>\n\n\n\n<p class=\"wp-block-paragraph\">La idea de fondo no es tratar la ca\u00edda del cabello, sino detectar a\u00f1os antes un trastorno metab\u00f3lico silencioso. Para el pelo, el hallazgo no cambia nada de entrada. Para el coraz\u00f3n, los vasos y el riesgo de diabetes puede cambiar mucho.<\/p>\n\n\n<div class=\"wp-block-image\">\n<figure class=\"aligncenter size-large is-resized\" style=\"max-width:560px;margin-left:auto;margin-right:auto\"><img decoding=\"async\" src=\"https:\/\/elithair.com\/es\/wp-content\/uploads\/sites\/5\/2026\/08\/insulinresistenz_kette__es.png\" alt=\"Diagrama de la cadena planteada, de la resistencia a la insulina a la hiperinsulinemia y la SHBG hasta la miniaturizaci\u00f3n del fol\u00edculo capilar\" class=\"wp-image-92141\" style=\"width:560px;max-width:100%;height:auto\"\/><\/figure>\n<\/div>\n\n\n<h2 class=\"wp-block-heading\">\u00bfC\u00f3mo se manifiesta la ca\u00edda del cabello en la diabetes?<\/h2>\n\n\n\n<figure class=\"wp-block-image size-full\"><img decoding=\"async\" src=\"https:\/\/elithair.com\/es\/wp-content\/uploads\/sites\/5\/2026\/08\/bestand_97301.png\" alt=\"Un m\u00e9dico examina la cabeza de un paciente que sufre ca\u00edda del cabello\" class=\"wp-image-92152\"\/><\/figure>\n\n\n\n<p class=\"wp-block-paragraph\">En la mayor\u00eda de los casos, la ca\u00edda del cabello en la diabetes se manifiesta como un afinamiento uniforme por toda la cabeza, no como un patr\u00f3n con entradas. Puede presentarse de distintas formas seg\u00fan las causas subyacentes y la reacci\u00f3n individual del organismo. Los s\u00edntomas suelen ser sutiles, pero pueden dar pistas importantes de que la p\u00e9rdida de pelo guarda relaci\u00f3n con la enfermedad.<\/p>\n\n\n\n<h3 class=\"wp-block-heading\">Patrones t\u00edpicos: afinamiento y p\u00e9rdida en placas<\/h3>\n\n\n\n<p class=\"wp-block-paragraph\">Muchas personas con diabetes notan que su cabello se vuelve poco a poco m\u00e1s fino, a menudo de forma uniforme por toda la cabeza (<a href=\"\/es\/trasplante-capilar-blog\/caida-difusa-del-cabello\/\">ca\u00edda difusa del cabello<\/a>). La p\u00e9rdida se aprecia sobre todo al peinarse o al lavarse el pelo.<\/p>\n\n\n\n<p class=\"wp-block-paragraph\">Como referencia orientativa: si en 24 horas se recogen 100 pelos o m\u00e1s, apunta a un efluvio tel\u00f3geno (StatPearls, NCBI Bookshelf). En la prueba de tracci\u00f3n m\u00e9dica (pull test), el resultado es llamativo cuando una tracci\u00f3n suave desprende al menos 4 pelos a la vez. Ambos son indicios, no diagn\u00f3sticos.<\/p>\n\n\n\n<p class=\"wp-block-paragraph\">En una reacci\u00f3n autoinmune, en cambio, la p\u00e9rdida puede aparecer en placas, con zonas sin pelo que surgen de forma repentina en el cuero cabelludo o en otras \u00e1reas con vello.<\/p>\n\n\n\n<h3 class=\"wp-block-heading\">Diferencias con otros tipos de ca\u00edda<\/h3>\n\n\n\n<p class=\"wp-block-paragraph\">Es importante distinguir la ca\u00edda del cabello en la diabetes de otras formas, como la ca\u00edda hereditaria (alopecia androgen\u00e9tica).<\/p>\n\n\n\n<p class=\"wp-block-paragraph\">Mientras que la ca\u00edda gen\u00e9tica aparece en zonas concretas, como las entradas o la coronilla, y sigue un patr\u00f3n claro, en la diabetes suele ser difusa o ir acompa\u00f1ada de otros s\u00edntomas f\u00edsicos. Solo el componente gen\u00e9tico responde a los f\u00e1rmacos para el crecimiento del cabello o a un trasplante capilar, y precisamente por eso todo empieza por determinar el patr\u00f3n.<\/p>\n\n\n\n<style>\n@media (max-width:640px){\n.rt-table-wrap{overflow-x:visible!important;border:0!important;border-radius:0!important}\n.rt-table{min-width:0!important}\n.rt-table thead{display:none}\n.rt-table,.rt-table tbody,.rt-table tr,.rt-table td{display:block;width:100%}\n.rt-table caption{display:block;padding:0 0 12px!important}\n.rt-table tr{margin:0 0 12px;border:1px solid #dbe4f0;border-radius:10px;overflow:hidden}\n.rt-table tr:last-child{margin-bottom:0}\n.rt-table td{display:flex!important;flex-direction:column;gap:3px;padding:12px 14px!important;\nborder:0!important;border-bottom:1px solid #e3e8ef!important;background:#ffffff!important}\n.rt-table tr td:last-child{border-bottom:0!important}\n.rt-table td::before{content:attr(data-label);font-size:12px;font-weight:700;letter-spacing:.04em;\ntext-transform:uppercase;color:#5799F1}\n.rt-table td:not([data-label])::before,.rt-table td[data-label=\"\"]::before{display:none}\n}\n<\/style>\n<div class=\"rt-table-wrap\" style=\"overflow-x:auto;-webkit-overflow-scrolling:touch;margin:28px 0;border:1px solid #dbe4f0;border-radius:12px\">\n  <table class=\"rt-table\" style=\"width:100%;min-width:660px;table-layout:fixed;border-collapse:separate;border-spacing:0;font-size:15px;margin:0\">\n    <caption style=\"caption-side:top;text-align:left;color:#003366;font-weight:700;font-size:16px;line-height:1.35;padding:14px 16px 10px;background:#ffffff\">Situar la ca\u00edda del cabello en la diabetes: qu\u00e9 significa probablemente cada cuadro y qu\u00e9 conviene aclarar despu\u00e9s<\/caption>\n    <thead>\n      <tr>\n        <th style=\"width:22%;background:#003366;color:#ffffff;font-weight:700;text-align:left;vertical-align:middle;padding:13px 16px;font-size:15px;line-height:1.4;border:0;overflow-wrap:break-word\">Lo que usted ve<\/th>\n        <th style=\"background:#003366;color:#ffffff;font-weight:700;text-align:left;vertical-align:middle;padding:13px 16px;font-size:15px;line-height:1.4;border:0;overflow-wrap:break-word\">Signos acompa\u00f1antes<\/th>\n        <th style=\"background:#003366;color:#ffffff;font-weight:700;text-align:left;vertical-align:middle;padding:13px 16px;font-size:15px;line-height:1.4;border:0;overflow-wrap:break-word\">Causa probable<\/th>\n        <th style=\"background:#003366;color:#ffffff;font-weight:700;text-align:left;vertical-align:middle;padding:13px 16px;font-size:15px;line-height:1.4;border:0;overflow-wrap:break-word\">Siguiente paso<\/th>\n      <\/tr>\n    <\/thead>\n    <tbody>\n      <tr>\n        <td data-label=\"Lo que usted ve\" style=\"background:#ffffff;color:#003366;font-weight:700;text-align:left;vertical-align:top;padding:13px 16px;font-size:15px;line-height:1.55;border:0;border-bottom:1px solid #e3e8ef;overflow-wrap:break-word\">Afinamiento uniforme en toda la cabeza, muchos pelos al lavarse<\/td>\n        <td data-label=\"Signos acompa\u00f1antes\" style=\"background:#ffffff;color:#22303e;font-weight:400;text-align:left;vertical-align:top;padding:13px 16px;font-size:15px;line-height:1.55;border:0;border-bottom:1px solid #e3e8ef;overflow-wrap:break-word\">HbA1c elevada, cansancio, piel seca<\/td>\n        <td data-label=\"Causa probable\" style=\"background:#ffffff;color:#22303e;font-weight:400;text-align:left;vertical-align:top;padding:13px 16px;font-size:15px;line-height:1.55;border:0;border-bottom:1px solid #e3e8ef;overflow-wrap:break-word\">Efluvio tel\u00f3geno difuso, desencadenado por el metabolismo<\/td>\n        <td data-label=\"Siguiente paso\" style=\"background:#ffffff;color:#22303e;font-weight:400;text-align:left;vertical-align:top;padding:13px 16px;font-size:15px;line-height:1.55;border:0;border-bottom:1px solid #e3e8ef;overflow-wrap:break-word\">Solicitar HbA1c, ferritina, TSH y vitamina B12, y ajustar el metabolismo<\/td>\n      <\/tr>\n      <tr>\n        <td data-label=\"Lo que usted ve\" style=\"background:#f6f9fc;color:#003366;font-weight:700;text-align:left;vertical-align:top;padding:13px 16px;font-size:15px;line-height:1.55;border:0;border-bottom:1px solid #e3e8ef;overflow-wrap:break-word\">Entradas, coronilla clareada, l\u00ednea frontal que retrocede<\/td>\n        <td data-label=\"Signos acompa\u00f1antes\" style=\"background:#f6f9fc;color:#22303e;font-weight:400;text-align:left;vertical-align:top;padding:13px 16px;font-size:15px;line-height:1.55;border:0;border-bottom:1px solid #e3e8ef;overflow-wrap:break-word\">Agregaci\u00f3n familiar, inicio antes de los 30 a\u00f1os<\/td>\n        <td data-label=\"Causa probable\" style=\"background:#f6f9fc;color:#22303e;font-weight:400;text-align:left;vertical-align:top;padding:13px 16px;font-size:15px;line-height:1.55;border:0;border-bottom:1px solid #e3e8ef;overflow-wrap:break-word\">Alopecia androgen\u00e9tica, posiblemente asociada a resistencia a la insulina<\/td>\n        <td data-label=\"Siguiente paso\" style=\"background:#f6f9fc;color:#22303e;font-weight:400;text-align:left;vertical-align:top;padding:13px 16px;font-size:15px;line-height:1.55;border:0;border-bottom:1px solid #e3e8ef;overflow-wrap:break-word\">Hacer determinar el patr\u00f3n y comprobar adem\u00e1s tensi\u00f3n arterial, l\u00edpidos y glucosa en ayunas<\/td>\n      <\/tr>\n      <tr>\n        <td data-label=\"Lo que usted ve\" style=\"background:#ffffff;color:#003366;font-weight:700;text-align:left;vertical-align:top;padding:13px 16px;font-size:15px;line-height:1.55;border:0;border-bottom:1px solid #e3e8ef;overflow-wrap:break-word\">Placas redondas sin pelo, de bordes n\u00edtidos, tambi\u00e9n en la barba<\/td>\n        <td data-label=\"Signos acompa\u00f1antes\" style=\"background:#ffffff;color:#22303e;font-weight:400;text-align:left;vertical-align:top;padding:13px 16px;font-size:15px;line-height:1.55;border:0;border-bottom:1px solid #e3e8ef;overflow-wrap:break-word\">Diabetes tipo 1, valores tiroideos alterados, cambios en las u\u00f1as<\/td>\n        <td data-label=\"Causa probable\" style=\"background:#ffffff;color:#22303e;font-weight:400;text-align:left;vertical-align:top;padding:13px 16px;font-size:15px;line-height:1.55;border:0;border-bottom:1px solid #e3e8ef;overflow-wrap:break-word\">Alopecia areata (autoinmune)<\/td>\n        <td data-label=\"Siguiente paso\" style=\"background:#ffffff;color:#22303e;font-weight:400;text-align:left;vertical-align:top;padding:13px 16px;font-size:15px;line-height:1.55;border:0;border-bottom:1px solid #e3e8ef;overflow-wrap:break-word\">Valoraci\u00f3n dermatol\u00f3gica, determinar TSH y autoanticuerpos<\/td>\n      <\/tr>\n      <tr>\n        <td data-label=\"Lo que usted ve\" style=\"background:#f6f9fc;color:#003366;font-weight:700;text-align:left;vertical-align:top;padding:13px 16px;font-size:15px;line-height:1.55;border:0;border-bottom:1px solid #e3e8ef;overflow-wrap:break-word\">Afinamiento en la parte superior de la cabeza, l\u00ednea frontal conservada, aumento del vello corporal<\/td>\n        <td data-label=\"Signos acompa\u00f1antes\" style=\"background:#f6f9fc;color:#22303e;font-weight:400;text-align:left;vertical-align:top;padding:13px 16px;font-size:15px;line-height:1.55;border:0;border-bottom:1px solid #e3e8ef;overflow-wrap:break-word\">Alteraciones del ciclo, acn\u00e9, resistencia a la insulina<\/td>\n        <td data-label=\"Causa probable\" style=\"background:#f6f9fc;color:#22303e;font-weight:400;text-align:left;vertical-align:top;padding:13px 16px;font-size:15px;line-height:1.55;border:0;border-bottom:1px solid #e3e8ef;overflow-wrap:break-word\">Patr\u00f3n femenino, sospecha de SOP<\/td>\n        <td data-label=\"Siguiente paso\" style=\"background:#f6f9fc;color:#22303e;font-weight:400;text-align:left;vertical-align:top;padding:13px 16px;font-size:15px;line-height:1.55;border:0;border-bottom:1px solid #e3e8ef;overflow-wrap:break-word\">Ginecolog\u00eda o endocrinolog\u00eda: testosterona, SHBG, HOMA-IR<\/td>\n      <\/tr>\n      <tr>\n        <td data-label=\"Lo que usted ve\" style=\"background:#ffffff;color:#003366;font-weight:700;text-align:left;vertical-align:top;padding:13px 16px;font-size:15px;line-height:1.55;border:0;overflow-wrap:break-word\">Cuero cabelludo con picor, descamaci\u00f3n y enrojecimiento, con p\u00e9rdida de pelo en esas mismas zonas<\/td>\n        <td data-label=\"Signos acompa\u00f1antes\" style=\"background:#ffffff;color:#22303e;font-weight:400;text-align:left;vertical-align:top;padding:13px 16px;font-size:15px;line-height:1.55;border:0;overflow-wrap:break-word\">Escozor, p\u00fastulas, costras<\/td>\n        <td data-label=\"Causa probable\" style=\"background:#ffffff;color:#22303e;font-weight:400;text-align:left;vertical-align:top;padding:13px 16px;font-size:15px;line-height:1.55;border:0;overflow-wrap:break-word\">Inflamaci\u00f3n o infecci\u00f3n del cuero cabelludo<\/td>\n        <td data-label=\"Siguiente paso\" style=\"background:#ffffff;color:#22303e;font-weight:400;text-align:left;vertical-align:top;padding:13px 16px;font-size:15px;line-height:1.55;border:0;overflow-wrap:break-word\">Acudir pronto a dermatolog\u00eda, no automedicarse<\/td>\n      <\/tr>\n    <\/tbody>\n  <\/table>\n<\/div>\n\n\n\n<p class=\"wp-block-paragraph\">La tabla es una orientaci\u00f3n y no sustituye a un diagn\u00f3stico. Con frecuencia coinciden dos formas a la vez, por ejemplo una ca\u00edda difusa sobre un patr\u00f3n androgen\u00e9tico ya presente. Un <a href=\"\/es\/analisis-capilar\/\">an\u00e1lisis capilar<\/a> aclara el patr\u00f3n visible de la ca\u00edda y, con ello, qu\u00e9 tratamiento entra siquiera en consideraci\u00f3n.<\/p>\n\n\n\n<p class=\"wp-block-paragraph\">Dicho con honestidad: ese an\u00e1lisis es una valoraci\u00f3n \u00f3ptica del patr\u00f3n. No sustituye a una anal\u00edtica de sangre ni a un diagn\u00f3stico dermatol\u00f3gico. Quien tenga una ca\u00edda difusa debe acudir primero a su m\u00e9dico de familia o a endocrinolog\u00eda, y no a una consulta de trasplante.<\/p>\n\n\n\n<h3 class=\"wp-block-heading\">Otros indicios: el pelo tarda m\u00e1s en volver a crecer<\/h3>\n\n\n\n<p class=\"wp-block-paragraph\">En la diabetes, el pelo que se ha ca\u00eddo suele tardar m\u00e1s en volver a crecer, porque los fol\u00edculos no reciben un aporte \u00f3ptimo de nutrientes y ox\u00edgeno. Adem\u00e1s pueden aparecer s\u00edntomas como sequedad o irritaci\u00f3n del cuero cabelludo, se\u00f1al de trastornos circulatorios o de una barrera cut\u00e1nea debilitada.<\/p>\n\n\n\n<p class=\"wp-block-paragraph\">Expresado en cifras: normalmente, entre el 85 % y el 90 % del cabello se encuentra en fase de crecimiento (an\u00e1gena) y entre el 10 % y el 15 % en fase de reposo (tel\u00f3gena). En un efluvio tel\u00f3geno, la proporci\u00f3n tel\u00f3gena sube hasta el 30 % o el 50 % y, en casos marcados, hasta el 70 % del pelo pasa antes de tiempo a la fase de reposo (StatPearls).<\/p>\n\n\n\n<p class=\"wp-block-paragraph\">Observar con atenci\u00f3n estos signos es importante para situar bien la ca\u00edda y poder actuar de forma dirigida.<\/p>\n\n\n<div class=\"wp-block-image\">\n<figure class=\"aligncenter size-large is-resized\" style=\"max-width:560px;margin-left:auto;margin-right:auto\"><img decoding=\"async\" src=\"https:\/\/elithair.com\/es\/wp-content\/uploads\/sites\/5\/2026\/08\/ausfallmuster_vergleich__es.png\" alt=\"Comparaci\u00f3n de los tres patrones de ca\u00edda: difuso, androgen\u00e9tico y en placas, como siluetas de cabeza\" class=\"wp-image-92142\" style=\"width:560px;max-width:100%;height:auto\"\/><\/figure>\n<\/div>\n\n\n<h2 class=\"wp-block-heading\">\u00bfPor qu\u00e9 pica el cuero cabelludo con diabetes y qu\u00e9 significa eso para el pelo?<\/h2>\n\n\n\n<p class=\"wp-block-paragraph\">El picor es frecuente en la diabetes: estudios recientes en personas con diabetes tipo 2 encuentran prurito cr\u00f3nico en entre el 18,4 % y el 30,9 % de los afectados; en un estudio transversal con 249 pacientes fue del 30,9 %. El picor en s\u00ed no provoca ca\u00edda del cabello. Pero las causas que hay detr\u00e1s y el rascado continuado s\u00ed pueden agravarla.<\/p>\n\n\n\n<p class=\"wp-block-paragraph\">El rango de las cifras es amplio porque los estudios definen el picor de forma distinta. Un trabajo metodol\u00f3gicamente m\u00e1s estricto publicado en Diabetes Care (1986) hall\u00f3 solo un 2,7 % de prurito generalizado sin causa identificable. Por eso, quien lea un porcentaje aislado deber\u00eda tomarlo con cautela.<\/p>\n\n\n\n<p class=\"wp-block-paragraph\">Un hallazgo de esa misma cohorte es cl\u00ednicamente m\u00e1s relevante que cualquier cifra de prevalencia: en los pacientes con picor aparec\u00edan con una frecuencia significativamente mayor retinopat\u00eda, nefropat\u00eda, neuropat\u00eda y enfermedad arterial perif\u00e9rica. La piel con picor puede ser, por tanto, una se\u00f1al de alarma de da\u00f1os avanzados y debe valorarla un m\u00e9dico.<\/p>\n\n\n\n<h3 class=\"wp-block-heading\">La piel seca (xerosis), el hallazgo m\u00e1s frecuente<\/h3>\n\n\n\n<p class=\"wp-block-paragraph\">El hallazgo cut\u00e1neo con diferencia m\u00e1s frecuente en el picor diab\u00e9tico es la xerosis, es decir, la piel seca: el 64 % de los afectados en la cohorte citada, seguida de las infecciones cut\u00e1neas por hongos, con un 16 %. En el cuero cabelludo se nota como tirantez, descamaci\u00f3n fina y sensibilidad al champ\u00fa.<\/p>\n\n\n\n<p class=\"wp-block-paragraph\">Contribuyen a ello tres mecanismos: con glucemias altas, el cuerpo pierde l\u00edquido por la diuresis osm\u00f3tica; la barrera cut\u00e1nea est\u00e1 alterada; y, en caso de neuropat\u00eda aut\u00f3noma, la producci\u00f3n de sebo y de sudor est\u00e1 reducida. El cuero cabelludo se seca as\u00ed m\u00e1s r\u00e1pido de lo que el cuidado puede compensar.<\/p>\n\n\n\n<h3 class=\"wp-block-heading\">Neuropat\u00eda diab\u00e9tica y prurito<\/h3>\n\n\n\n<p class=\"wp-block-paragraph\">Si pica sin que se vea nada, entra en consideraci\u00f3n la neuropat\u00eda de fibra fina. Las fibras nerviosas finas de la piel env\u00edan entonces se\u00f1ales err\u00f3neas que llegan como picor, escozor u hormigueo. La relaci\u00f3n se debate en la literatura, pero no existe una cifra de prevalencia propia para el cuero cabelludo.<\/p>\n\n\n\n<p class=\"wp-block-paragraph\">En la pr\u00e1ctica importa la otra cara: con neuropat\u00eda, las peque\u00f1as heridas del cuero cabelludo se perciben peor. Quien se rasca no nota cu\u00e1ndo se ha pasado. Por eso, en la diabetes el cuero cabelludo hay que mirarlo con regularidad, no solo palparlo.<\/p>\n\n\n\n<h3 class=\"wp-block-heading\">Infecciones del cuero cabelludo: hongos, eccema, foliculitis<\/h3>\n\n\n\n<p class=\"wp-block-paragraph\">Una glucemia alta crea un medio favorable para los pat\u00f3genos y, al mismo tiempo, amortigua parte de la respuesta inmunitaria. As\u00ed aparecen con m\u00e1s facilidad la ti\u00f1a del cuero cabelludo, el eccema seborreico y la foliculitis. Se distinguen de la cabeza seca por el enrojecimiento, las escamas grasas o costrosas, las p\u00fastulas y la p\u00e9rdida de pelo justo en las zonas afectadas.<\/p>\n\n\n\n<style>\n@media (max-width:640px){\n.rt-table-wrap{overflow-x:visible!important;border:0!important;border-radius:0!important}\n.rt-table{min-width:0!important}\n.rt-table thead{display:none}\n.rt-table,.rt-table tbody,.rt-table tr,.rt-table td{display:block;width:100%}\n.rt-table caption{display:block;padding:0 0 12px!important}\n.rt-table tr{margin:0 0 12px;border:1px solid #dbe4f0;border-radius:10px;overflow:hidden}\n.rt-table tr:last-child{margin-bottom:0}\n.rt-table td{display:flex!important;flex-direction:column;gap:3px;padding:12px 14px!important;\nborder:0!important;border-bottom:1px solid #e3e8ef!important;background:#ffffff!important}\n.rt-table tr td:last-child{border-bottom:0!important}\n.rt-table td::before{content:attr(data-label);font-size:12px;font-weight:700;letter-spacing:.04em;\ntext-transform:uppercase;color:#5799F1}\n.rt-table td:not([data-label])::before,.rt-table td[data-label=\"\"]::before{display:none}\n}\n<\/style>\n<div class=\"rt-table-wrap\" style=\"overflow-x:auto;-webkit-overflow-scrolling:touch;margin:28px 0;border:1px solid #dbe4f0;border-radius:12px\">\n  <table class=\"rt-table\" style=\"width:100%;min-width:660px;table-layout:fixed;border-collapse:separate;border-spacing:0;font-size:15px;margin:0\">\n    <caption style=\"caption-side:top;text-align:left;color:#003366;font-weight:700;font-size:16px;line-height:1.35;padding:14px 16px 10px;background:#ffffff\">Situar el picor del cuero cabelludo en la diabetes: cinco cuadros t\u00edpicos y sus siguientes pasos<\/caption>\n    <thead>\n      <tr>\n        <th style=\"width:22%;background:#003366;color:#ffffff;font-weight:700;text-align:left;vertical-align:middle;padding:13px 16px;font-size:15px;line-height:1.4;border:0;overflow-wrap:break-word\">Cuadro cl\u00ednico<\/th>\n        <th style=\"background:#003366;color:#ffffff;font-weight:700;text-align:left;vertical-align:middle;padding:13px 16px;font-size:15px;line-height:1.4;border:0;overflow-wrap:break-word\">Causa probable<\/th>\n        <th style=\"background:#003366;color:#ffffff;font-weight:700;text-align:left;vertical-align:middle;padding:13px 16px;font-size:15px;line-height:1.4;border:0;overflow-wrap:break-word\">Qu\u00e9 ayuda<\/th>\n        <th style=\"background:#003366;color:#ffffff;font-weight:700;text-align:left;vertical-align:middle;padding:13px 16px;font-size:15px;line-height:1.4;border:0;overflow-wrap:break-word\">Cu\u00e1ndo acudir al m\u00e9dico<\/th>\n      <\/tr>\n    <\/thead>\n    <tbody>\n      <tr>\n        <td data-label=\"Cuadro cl\u00ednico\" style=\"background:#ffffff;color:#003366;font-weight:700;text-align:left;vertical-align:top;padding:13px 16px;font-size:15px;line-height:1.55;border:0;border-bottom:1px solid #e3e8ef;overflow-wrap:break-word\">Cuero cabelludo seco y tirante con descamaci\u00f3n fina, sin enrojecimiento<\/td>\n        <td data-label=\"Causa probable\" style=\"background:#ffffff;color:#22303e;font-weight:400;text-align:left;vertical-align:top;padding:13px 16px;font-size:15px;line-height:1.55;border:0;border-bottom:1px solid #e3e8ef;overflow-wrap:break-word\">Xerosis, el hallazgo cut\u00e1neo m\u00e1s frecuente en el picor diab\u00e9tico (64 % de una cohorte de 249 pacientes)<\/td>\n        <td data-label=\"Qu\u00e9 ayuda\" style=\"background:#ffffff;color:#22303e;font-weight:400;text-align:left;vertical-align:top;padding:13px 16px;font-size:15px;line-height:1.55;border:0;border-bottom:1px solid #e3e8ef;overflow-wrap:break-word\">Limpieza suave y con pH adaptado, ducha templada en lugar de caliente, cuidados que restauren la grasa cut\u00e1nea<\/td>\n        <td data-label=\"Cu\u00e1ndo acudir al m\u00e9dico\" style=\"background:#ffffff;color:#22303e;font-weight:400;text-align:left;vertical-align:top;padding:13px 16px;font-size:15px;line-height:1.55;border:0;border-bottom:1px solid #e3e8ef;overflow-wrap:break-word\">Si tras varias semanas de cuidados constantes no cambia nada<\/td>\n      <\/tr>\n      <tr>\n        <td data-label=\"Cuadro cl\u00ednico\" style=\"background:#f6f9fc;color:#003366;font-weight:700;text-align:left;vertical-align:top;padding:13px 16px;font-size:15px;line-height:1.55;border:0;border-bottom:1px solid #e3e8ef;overflow-wrap:break-word\">Picor sin lesi\u00f3n visible en la piel, a veces con escozor o pinchazos<\/td>\n        <td data-label=\"Causa probable\" style=\"background:#f6f9fc;color:#22303e;font-weight:400;text-align:left;vertical-align:top;padding:13px 16px;font-size:15px;line-height:1.55;border:0;border-bottom:1px solid #e3e8ef;overflow-wrap:break-word\">Prurito diab\u00e9tico; se plantea una neuropat\u00eda de fibra fina<\/td>\n        <td data-label=\"Qu\u00e9 ayuda\" style=\"background:#f6f9fc;color:#22303e;font-weight:400;text-align:left;vertical-align:top;padding:13px 16px;font-size:15px;line-height:1.55;border:0;border-bottom:1px solid #e3e8ef;overflow-wrap:break-word\">Control de la glucemia, evitar el rascado, revisar el cuero cabelludo con regularidad<\/td>\n        <td data-label=\"Cu\u00e1ndo acudir al m\u00e9dico\" style=\"background:#f6f9fc;color:#22303e;font-weight:400;text-align:left;vertical-align:top;padding:13px 16px;font-size:15px;line-height:1.55;border:0;border-bottom:1px solid #e3e8ef;overflow-wrap:break-word\">Si el picor es de tipo urente o hay otros s\u00edntomas nerviosos en manos y pies<\/td>\n      <\/tr>\n      <tr>\n        <td data-label=\"Cuadro cl\u00ednico\" style=\"background:#ffffff;color:#003366;font-weight:700;text-align:left;vertical-align:top;padding:13px 16px;font-size:15px;line-height:1.55;border:0;border-bottom:1px solid #e3e8ef;overflow-wrap:break-word\">Escamas amarillentas y grasas en el nacimiento del pelo, piel enrojecida<\/td>\n        <td data-label=\"Causa probable\" style=\"background:#ffffff;color:#22303e;font-weight:400;text-align:left;vertical-align:top;padding:13px 16px;font-size:15px;line-height:1.55;border:0;border-bottom:1px solid #e3e8ef;overflow-wrap:break-word\">Eccema seborreico<\/td>\n        <td data-label=\"Qu\u00e9 ayuda\" style=\"background:#ffffff;color:#22303e;font-weight:400;text-align:left;vertical-align:top;padding:13px 16px;font-size:15px;line-height:1.55;border:0;border-bottom:1px solid #e3e8ef;overflow-wrap:break-word\">Champ\u00fas medicinales seg\u00fan indicaci\u00f3n m\u00e9dica, sin remedios caseros agresivos<\/td>\n        <td data-label=\"Cu\u00e1ndo acudir al m\u00e9dico\" style=\"background:#ffffff;color:#22303e;font-weight:400;text-align:left;vertical-align:top;padding:13px 16px;font-size:15px;line-height:1.55;border:0;border-bottom:1px solid #e3e8ef;overflow-wrap:break-word\">Si se extiende, supura o se cae el pelo en esas mismas zonas<\/td>\n      <\/tr>\n      <tr>\n        <td data-label=\"Cuadro cl\u00ednico\" style=\"background:#f6f9fc;color:#003366;font-weight:700;text-align:left;vertical-align:top;padding:13px 16px;font-size:15px;line-height:1.55;border:0;border-bottom:1px solid #e3e8ef;overflow-wrap:break-word\">Placas redondas y descamativas con pelos rotos<\/td>\n        <td data-label=\"Causa probable\" style=\"background:#f6f9fc;color:#22303e;font-weight:400;text-align:left;vertical-align:top;padding:13px 16px;font-size:15px;line-height:1.55;border:0;border-bottom:1px solid #e3e8ef;overflow-wrap:break-word\">Ti\u00f1a del cuero cabelludo (tinea capitis); las infecciones por hongos fueron el segundo hallazgo m\u00e1s frecuente en esa misma cohorte (16 %)<\/td>\n        <td data-label=\"Qu\u00e9 ayuda\" style=\"background:#f6f9fc;color:#22303e;font-weight:400;text-align:left;vertical-align:top;padding:13px 16px;font-size:15px;line-height:1.55;border:0;border-bottom:1px solid #e3e8ef;overflow-wrap:break-word\">Diagn\u00f3stico m\u00e9dico mediante toma de muestra, tratamiento por lo general sist\u00e9mico<\/td>\n        <td data-label=\"Cu\u00e1ndo acudir al m\u00e9dico\" style=\"background:#f6f9fc;color:#22303e;font-weight:400;text-align:left;vertical-align:top;padding:13px 16px;font-size:15px;line-height:1.55;border:0;border-bottom:1px solid #e3e8ef;overflow-wrap:break-word\">Pronto, sin automedicarse, por el riesgo de contagio<\/td>\n      <\/tr>\n      <tr>\n        <td data-label=\"Cuadro cl\u00ednico\" style=\"background:#ffffff;color:#003366;font-weight:700;text-align:left;vertical-align:top;padding:13px 16px;font-size:15px;line-height:1.55;border:0;overflow-wrap:break-word\">P\u00fastulas, costras y n\u00f3dulos dolorosos a la presi\u00f3n alrededor de pelos concretos<\/td>\n        <td data-label=\"Causa probable\" style=\"background:#ffffff;color:#22303e;font-weight:400;text-align:left;vertical-align:top;padding:13px 16px;font-size:15px;line-height:1.55;border:0;overflow-wrap:break-word\">Foliculitis, inflamaci\u00f3n bacteriana del fol\u00edculo<\/td>\n        <td data-label=\"Qu\u00e9 ayuda\" style=\"background:#ffffff;color:#22303e;font-weight:400;text-align:left;vertical-align:top;padding:13px 16px;font-size:15px;line-height:1.55;border:0;overflow-wrap:break-word\">Valoraci\u00f3n m\u00e9dica y, adem\u00e1s, revisi\u00f3n de la glucemia<\/td>\n        <td data-label=\"Cu\u00e1ndo acudir al m\u00e9dico\" style=\"background:#ffffff;color:#22303e;font-weight:400;text-align:left;vertical-align:top;padding:13px 16px;font-size:15px;line-height:1.55;border:0;overflow-wrap:break-word\">Pronto y, si hay fiebre o se extiende, de inmediato<\/td>\n      <\/tr>\n    <\/tbody>\n  <\/table>\n<\/div>\n\n\n\n<h3 class=\"wp-block-heading\">Cuando el rascado se convierte en un problema<\/h3>\n\n\n\n<p class=\"wp-block-paragraph\">El rascado continuado deja excoriaciones, es decir, lesiones superficiales de la piel. Con una glucemia mal controlada cierran m\u00e1s despacio y se infectan con m\u00e1s facilidad. En casos extremos, la inflamaci\u00f3n repetida acaba produciendo una p\u00e9rdida de pelo cicatricial, y los fol\u00edculos perdidos por cicatrizaci\u00f3n no vuelven.<\/p>\n\n\n\n<p class=\"wp-block-paragraph\">Ese es el punto en el que termina la autoayuda. Quien lleva semanas rasc\u00e1ndose no necesita un producto de parafarmacia, sino a su m\u00e9dico de familia o a dermatolog\u00eda. El picor es tratable, la glucemia es la causa que hay detr\u00e1s, y ambas cosas deben valorarse juntas.<\/p>\n\n\n<div class=\"wp-block-image\">\n<figure class=\"aligncenter size-large is-resized\" style=\"max-width:560px;margin-left:auto;margin-right:auto\"><img decoding=\"async\" src=\"https:\/\/elithair.com\/es\/wp-content\/uploads\/sites\/5\/2026\/08\/kopfhaut_trocken_vergleich.png\" alt=\"Comparaci\u00f3n ilustrada de un cuero cabelludo sano y uno seco e irritado, en corte transversal\" class=\"wp-image-92143\" style=\"width:560px;max-width:100%;height:auto\"\/><\/figure>\n<\/div>\n\n\n<h2 class=\"wp-block-heading\">Factores de riesgo de ca\u00edda del cabello en la diabetes<\/h2>\n\n\n\n<p class=\"wp-block-paragraph\">La diabetes puede aumentar claramente el riesgo de ca\u00edda del cabello. Distintos factores determinan hasta qu\u00e9 punto la enfermedad afecta a la salud capilar: el tipo de diabetes, pero tambi\u00e9n el estilo de vida, la alimentaci\u00f3n, el control gluc\u00e9mico y la actividad f\u00edsica.<\/p>\n\n\n\n<p class=\"wp-block-paragraph\">La cifra m\u00e1s importante al respecto: un metan\u00e1lisis de 132 estudios con 52.501 participantes hall\u00f3 al menos un d\u00e9ficit de micronutrientes en el 45 % de las personas con diabetes tipo 2 (Mangal et al. 2024). No todas las personas con diabetes pierden cabello; lo decisivo es el conjunto formado por el nivel de glucemia, la duraci\u00f3n de la enfermedad, las enfermedades acompa\u00f1antes y el estado nutricional.<\/p>\n\n\n\n<ul class=\"wp-block-list\">\n<li><strong>Magnitud y duraci\u00f3n de la hiperglucemia:<\/strong> cuanto m\u00e1s tiempo est\u00e9 la HbA1c por encima del intervalo objetivo, m\u00e1s marcadas ser\u00e1n la microangiopat\u00eda, la glicaci\u00f3n y la inflamaci\u00f3n<\/li>\n<li><strong>Da\u00f1os ya establecidos:<\/strong> la microangiopat\u00eda, la neuropat\u00eda y la nefropat\u00eda indican que los vasos peque\u00f1os ya est\u00e1n afectados<\/li>\n<li><strong>Lagunas nutricionales:<\/strong> d\u00e9ficit de vitamina D en el 60,5 %, de magnesio en el 42 % y de hierro en el 28 % de las personas con diabetes tipo 2 (mismo conjunto de datos)<\/li>\n<li><strong>Estado de vitamina B12:<\/strong> sobre todo bajo tratamiento prolongado con metformina; m\u00e1s sobre esto en el apartado de medicamentos<\/li>\n<li><strong>Per\u00edmetro abdominal y peso corporal:<\/strong> en el estudio de Erden, el per\u00edmetro abdominal era significativamente mayor en la ca\u00edda de inicio precoz (p = 0,026)<\/li>\n<li><strong>Tabaquismo:<\/strong> empeora a\u00fan m\u00e1s la microcirculaci\u00f3n y se suma al da\u00f1o vascular<\/li>\n<li><strong>Enfermedades tiroideas:<\/strong> sobre todo en la tipo 1; v\u00e9ase el art\u00edculo sobre <a href=\"\/es\/trasplante-capilar-blog\/tiroides-caida-del-cabello\/\">ca\u00edda del cabello y tiroides<\/a><\/li>\n<li><strong>P\u00e9rdida de peso r\u00e1pida y dietas dr\u00e1sticas:<\/strong> un desencadenante propio de efluvio tel\u00f3geno, independiente de la diabetes<\/li>\n<li><strong>Falta de sue\u00f1o y estr\u00e9s cr\u00f3nico:<\/strong> empeoran la sensibilidad a la insulina y el control de la glucemia<\/li>\n<li><strong>Edad y sexo:<\/strong> determinan si adem\u00e1s se superpone un patr\u00f3n androgen\u00e9tico<\/li>\n<\/ul>\n\n\n\n<p class=\"wp-block-paragraph\">Entender estos factores de riesgo es decisivo para poder actuar de forma dirigida.<\/p>\n\n\n\n<p class=\"wp-block-paragraph\">Sobre la preocupaci\u00f3n frecuente por las hipoglucemias: en la literatura consultada no hay indicios de que episodios aislados de hipoglucemia desencadenen ca\u00edda del cabello. Los desencadenantes son las cargas mantenidas, es decir, valores altos de forma duradera, oscilaciones fuertes durante meses o un episodio agudo de enfermedad.<\/p>\n\n\n\n<h3 class=\"wp-block-heading\">Caso especial de afectaci\u00f3n renal: nefropat\u00eda y di\u00e1lisis<\/h3>\n\n\n\n<p class=\"wp-block-paragraph\">En la nefropat\u00eda diab\u00e9tica entran en juego factores propios, y entonces la ca\u00edda del cabello ya no es un asunto de glucemia, sino de ri\u00f1\u00f3n. La anemia es una complicaci\u00f3n precoz y frecuente de la nefropat\u00eda diab\u00e9tica, porque los ri\u00f1ones producen poca eritropoyetina; se asocia adem\u00e1s a una progresi\u00f3n m\u00e1s r\u00e1pida hacia la necesidad de di\u00e1lisis.<\/p>\n\n\n\n<p class=\"wp-block-paragraph\">Con la di\u00e1lisis aumenta adem\u00e1s el riesgo de d\u00e9ficit de hierro, zinc, vitamina D y vitaminas del grupo B, entre otras cosas por la p\u00e9rdida de prote\u00ednas y por una absorci\u00f3n limitada (informaci\u00f3n para pacientes de Kidney Care UK y DaVita). El picor asociado a la enfermedad renal afecta, seg\u00fan el estudio y la definici\u00f3n, a entre el 10 % y el 77 % de los pacientes en hemodi\u00e1lisis.<\/p>\n\n\n\n<p class=\"wp-block-paragraph\">Quien tenga afectaci\u00f3n renal deber\u00eda, por tanto, comentar la ca\u00edda del cabello dentro del seguimiento nefrol\u00f3gico y no tratarla de forma aislada como un problema capilar. El estado del hierro, la anemia y el aporte de vitamina D forman parte all\u00ed de la rutina de todos modos.<\/p>\n\n\n\n<h2 class=\"wp-block-heading\">Diabetes tipo 1 y tipo 2: diferencias en el riesgo<\/h2>\n\n\n\n<p class=\"wp-block-paragraph\">Tanto en la <a href=\"https:\/\/www.sanidad.gob.es\/ciudadanos\/enfLesiones\/enfNoTransmisibles\/diabetes\/diabetes.htm\" target=\"_blank\" rel=\"noopener\">diabetes tipo 1 como en la tipo 2<\/a> existe un mayor riesgo de p\u00e9rdida de cabello, pero los mecanismos difieren. La tipo 1 discurre por el eje autoinmune; la tipo 2, por el eje metab\u00f3lico con resistencia a la insulina. Lo que ambas comparten son las consecuencias de la hiperglucemia.<\/p>\n\n\n\n<ul class=\"wp-block-list\">\n<li><strong>Diabetes tipo 1:<\/strong> es una enfermedad autoinmune en la que el sistema inmunitario ataca las c\u00e9lulas del p\u00e1ncreas que producen insulina. Por su relaci\u00f3n con otras enfermedades autoinmunes, como la alopecia areata, el riesgo de ca\u00edda del cabello en placas suele ser mayor.<\/li>\n<li><strong>Diabetes tipo 2:<\/strong> surge a menudo por una resistencia a la insulina que va acompa\u00f1ada de desequilibrios hormonales y trastornos circulatorios. Estos factores pueden debilitar los fol\u00edculos y llevar a un cabello difusamente afinado.<\/li>\n<\/ul>\n\n\n\n<style>\n@media (max-width:640px){\n.rt-table-wrap{overflow-x:visible!important;border:0!important;border-radius:0!important}\n.rt-table{min-width:0!important}\n.rt-table thead{display:none}\n.rt-table,.rt-table tbody,.rt-table tr,.rt-table td{display:block;width:100%}\n.rt-table caption{display:block;padding:0 0 12px!important}\n.rt-table tr{margin:0 0 12px;border:1px solid #dbe4f0;border-radius:10px;overflow:hidden}\n.rt-table tr:last-child{margin-bottom:0}\n.rt-table td{display:flex!important;flex-direction:column;gap:3px;padding:12px 14px!important;\nborder:0!important;border-bottom:1px solid #e3e8ef!important;background:#ffffff!important}\n.rt-table tr td:last-child{border-bottom:0!important}\n.rt-table td::before{content:attr(data-label);font-size:12px;font-weight:700;letter-spacing:.04em;\ntext-transform:uppercase;color:#5799F1}\n.rt-table td:not([data-label])::before,.rt-table td[data-label=\"\"]::before{display:none}\n}\n<\/style>\n<div class=\"rt-table-wrap\" style=\"overflow-x:auto;-webkit-overflow-scrolling:touch;margin:28px 0;border:1px solid #dbe4f0;border-radius:12px\">\n  <table class=\"rt-table\" style=\"width:100%;min-width:620px;table-layout:fixed;border-collapse:separate;border-spacing:0;font-size:15px;margin:0\">\n    <caption style=\"caption-side:top;text-align:left;color:#003366;font-weight:700;font-size:16px;line-height:1.35;padding:14px 16px 10px;background:#ffffff\">Tipo 1 y tipo 2 en comparaci\u00f3n: ejes distintos, mismas consecuencias de la hiperglucemia<\/caption>\n    <thead>\n      <tr>\n        <th style=\"width:22%;background:#003366;color:#ffffff;font-weight:700;text-align:left;vertical-align:middle;padding:13px 16px;font-size:15px;line-height:1.4;border:0;overflow-wrap:break-word\">Caracter\u00edstica<\/th>\n        <th style=\"background:#003366;color:#ffffff;font-weight:700;text-align:left;vertical-align:middle;padding:13px 16px;font-size:15px;line-height:1.4;border:0;overflow-wrap:break-word\">Diabetes tipo 1<\/th>\n        <th style=\"background:#003366;color:#ffffff;font-weight:700;text-align:left;vertical-align:middle;padding:13px 16px;font-size:15px;line-height:1.4;border:0;overflow-wrap:break-word\">Diabetes tipo 2<\/th>\n      <\/tr>\n    <\/thead>\n    <tbody>\n      <tr>\n        <td data-label=\"Caracter\u00edstica\" style=\"background:#ffffff;color:#003366;font-weight:700;text-align:left;vertical-align:top;padding:13px 16px;font-size:15px;line-height:1.55;border:0;border-bottom:1px solid #e3e8ef;overflow-wrap:break-word\">Mecanismo de base<\/td>\n        <td data-label=\"Diabetes tipo 1\" style=\"background:#ffffff;color:#22303e;font-weight:400;text-align:left;vertical-align:top;padding:13px 16px;font-size:15px;line-height:1.55;border:0;border-bottom:1px solid #e3e8ef;overflow-wrap:break-word\">Reacci\u00f3n autoinmune contra las c\u00e9lulas beta productoras de insulina, d\u00e9ficit absoluto de insulina<\/td>\n        <td data-label=\"Diabetes tipo 2\" style=\"background:#ffffff;color:#22303e;font-weight:400;text-align:left;vertical-align:top;padding:13px 16px;font-size:15px;line-height:1.55;border:0;border-bottom:1px solid #e3e8ef;overflow-wrap:break-word\">Resistencia a la insulina de las c\u00e9lulas del cuerpo y, m\u00e1s adelante, tambi\u00e9n d\u00e9ficit de insulina<\/td>\n      <\/tr>\n      <tr>\n        <td data-label=\"Caracter\u00edstica\" style=\"background:#f6f9fc;color:#003366;font-weight:700;text-align:left;vertical-align:top;padding:13px 16px;font-size:15px;line-height:1.55;border:0;border-bottom:1px solid #e3e8ef;overflow-wrap:break-word\">Cuadro capilar t\u00edpico<\/td>\n        <td data-label=\"Diabetes tipo 1\" style=\"background:#f6f9fc;color:#22303e;font-weight:400;text-align:left;vertical-align:top;padding:13px 16px;font-size:15px;line-height:1.55;border:0;border-bottom:1px solid #e3e8ef;overflow-wrap:break-word\">Afinamiento difuso y, adem\u00e1s, mayor riesgo de placas redondas de bordes n\u00edtidos<\/td>\n        <td data-label=\"Diabetes tipo 2\" style=\"background:#f6f9fc;color:#22303e;font-weight:400;text-align:left;vertical-align:top;padding:13px 16px;font-size:15px;line-height:1.55;border:0;border-bottom:1px solid #e3e8ef;overflow-wrap:break-word\">Predominantemente afinamiento difuso, con frecuencia superpuesto a un patr\u00f3n androgen\u00e9tico<\/td>\n      <\/tr>\n      <tr>\n        <td data-label=\"Caracter\u00edstica\" style=\"background:#ffffff;color:#003366;font-weight:700;text-align:left;vertical-align:top;padding:13px 16px;font-size:15px;line-height:1.55;border:0;border-bottom:1px solid #e3e8ef;overflow-wrap:break-word\">Acompa\u00f1amiento autoinmune<\/td>\n        <td data-label=\"Diabetes tipo 1\" style=\"background:#ffffff;color:#22303e;font-weight:400;text-align:left;vertical-align:top;padding:13px 16px;font-size:15px;line-height:1.55;border:0;border-bottom:1px solid #e3e8ef;overflow-wrap:break-word\">Hashimoto o hipotiroidismo en el 16,3 %, anticuerpos anti-TPO en el 58,6 %, anticuerpos de celiaqu\u00eda en el 16,4 % (251 adultos, Riad 2018 a 2019); alopecia areata m\u00e1s frecuente, pero sin una cifra de prevalencia fiable<\/td>\n        <td data-label=\"Diabetes tipo 2\" style=\"background:#ffffff;color:#22303e;font-weight:400;text-align:left;vertical-align:top;padding:13px 16px;font-size:15px;line-height:1.55;border:0;border-bottom:1px solid #e3e8ef;overflow-wrap:break-word\">Sin una agregaci\u00f3n autoinmune t\u00edpica<\/td>\n      <\/tr>\n      <tr>\n        <td data-label=\"Caracter\u00edstica\" style=\"background:#f6f9fc;color:#003366;font-weight:700;text-align:left;vertical-align:top;padding:13px 16px;font-size:15px;line-height:1.55;border:0;border-bottom:1px solid #e3e8ef;overflow-wrap:break-word\">Resistencia a la insulina<\/td>\n        <td data-label=\"Diabetes tipo 1\" style=\"background:#f6f9fc;color:#22303e;font-weight:400;text-align:left;vertical-align:top;padding:13px 16px;font-size:15px;line-height:1.55;border:0;border-bottom:1px solid #e3e8ef;overflow-wrap:break-word\">Posible, pero no es el rasgo principal<\/td>\n        <td data-label=\"Diabetes tipo 2\" style=\"background:#f6f9fc;color:#22303e;font-weight:400;text-align:left;vertical-align:top;padding:13px 16px;font-size:15px;line-height:1.55;border:0;border-bottom:1px solid #e3e8ef;overflow-wrap:break-word\">Rasgo principal, asociado a la alopecia androgen\u00e9tica de inicio precoz (Erden et al. 2025)<\/td>\n      <\/tr>\n      <tr>\n        <td data-label=\"Caracter\u00edstica\" style=\"background:#ffffff;color:#003366;font-weight:700;text-align:left;vertical-align:top;padding:13px 16px;font-size:15px;line-height:1.55;border:0;border-bottom:1px solid #e3e8ef;overflow-wrap:break-word\">Edad t\u00edpica de inicio<\/td>\n        <td data-label=\"Diabetes tipo 1\" style=\"background:#ffffff;color:#22303e;font-weight:400;text-align:left;vertical-align:top;padding:13px 16px;font-size:15px;line-height:1.55;border:0;border-bottom:1px solid #e3e8ef;overflow-wrap:break-word\">De la infancia a la edad adulta joven<\/td>\n        <td data-label=\"Diabetes tipo 2\" style=\"background:#ffffff;color:#22303e;font-weight:400;text-align:left;vertical-align:top;padding:13px 16px;font-size:15px;line-height:1.55;border:0;border-bottom:1px solid #e3e8ef;overflow-wrap:break-word\">Por lo general a partir de la mediana edad, cada vez m\u00e1s tambi\u00e9n antes<\/td>\n      <\/tr>\n      <tr>\n        <td data-label=\"Caracter\u00edstica\" style=\"background:#f6f9fc;color:#003366;font-weight:700;text-align:left;vertical-align:top;padding:13px 16px;font-size:15px;line-height:1.55;border:0;border-bottom:1px solid #e3e8ef;overflow-wrap:break-word\">Palanca m\u00e1s importante para el cabello<\/td>\n        <td data-label=\"Diabetes tipo 1\" style=\"background:#f6f9fc;color:#22303e;font-weight:400;text-align:left;vertical-align:top;padding:13px 16px;font-size:15px;line-height:1.55;border:0;border-bottom:1px solid #e3e8ef;overflow-wrap:break-word\">Un control estable de la glucemia y la valoraci\u00f3n de las enfermedades autoinmunes acompa\u00f1antes<\/td>\n        <td data-label=\"Diabetes tipo 2\" style=\"background:#f6f9fc;color:#22303e;font-weight:400;text-align:left;vertical-align:top;padding:13px 16px;font-size:15px;line-height:1.55;border:0;border-bottom:1px solid #e3e8ef;overflow-wrap:break-word\">Sensibilidad a la insulina y glucemia a trav\u00e9s del peso, el ejercicio, la alimentaci\u00f3n y el tratamiento<\/td>\n      <\/tr>\n      <tr>\n        <td data-label=\"Caracter\u00edstica\" style=\"background:#ffffff;color:#003366;font-weight:700;text-align:left;vertical-align:top;padding:13px 16px;font-size:15px;line-height:1.55;border:0;overflow-wrap:break-word\">Idoneidad para un trasplante capilar<\/td>\n        <td data-label=\"Diabetes tipo 1\" style=\"background:#ffffff;color:#22303e;font-weight:400;text-align:left;vertical-align:top;padding:13px 16px;font-size:15px;line-height:1.55;border:0;overflow-wrap:break-word\">Una cuesti\u00f3n de control y de manejo de la glucemia, no un motivo de exclusi\u00f3n por el tipo<\/td>\n        <td data-label=\"Diabetes tipo 2\" style=\"background:#ffffff;color:#22303e;font-weight:400;text-align:left;vertical-align:top;padding:13px 16px;font-size:15px;line-height:1.55;border:0;overflow-wrap:break-word\">Una cuesti\u00f3n de control; adem\u00e1s cuentan las enfermedades acompa\u00f1antes<\/td>\n      <\/tr>\n    <\/tbody>\n  <\/table>\n<\/div>\n\n\n\n<h3 class=\"wp-block-heading\">Tipo 1: la asociaci\u00f3n autoinmune<\/h3>\n\n\n\n<p class=\"wp-block-paragraph\">La diabetes tipo 1 es en s\u00ed misma una enfermedad autoinmune y se presenta con frecuencia junto a otras. Un estudio transversal en 251 adultos con diabetes tipo 1 hall\u00f3 tiroiditis de Hashimoto o hipotiroidismo en el 16,3 %, anticuerpos anti-TPO positivos en el 58,6 % y anticuerpos de celiaqu\u00eda positivos en el 16,4 % de los analizados.<\/p>\n\n\n\n<p class=\"wp-block-paragraph\">La alopecia areata forma parte reconocida del s\u00edndrome poliglandular autoinmune tipo 2, al que tambi\u00e9n pertenece la diabetes autoinmune. No existe, sin embargo, una cifra de prevalencia poblacional fiable de <a href=\"\/es\/trasplante-capilar-blog\/alopecia-areata\/\">alopecia areata<\/a> en la diabetes tipo 1. Los porcentajes que circulan por internet no resisten una comprobaci\u00f3n de fuentes.<\/p>\n\n\n\n<p class=\"wp-block-paragraph\">Para la pr\u00e1ctica, esto significa: las placas redondas de bordes n\u00edtidos en la diabetes tipo 1 deben valorarse en dermatolog\u00eda, y conviene revisar tambi\u00e9n la tiroides. C\u00f3mo se relacionan ambas cosas se explica en el art\u00edculo sobre <a href=\"\/es\/trasplante-capilar-blog\/tiroides-caida-del-cabello\/\">ca\u00edda del cabello y tiroides<\/a>. Para el tratamiento de la alopecia areata existen recomendaciones sobre el manejo cl\u00ednico publicadas en Actas Dermo-Sifiliogr\u00e1ficas, la revista de la Academia Espa\u00f1ola de Dermatolog\u00eda y Venereolog\u00eda.<\/p>\n\n\n\n<h3 class=\"wp-block-heading\">Tipo 2: el eje metab\u00f3lico<\/h3>\n\n\n\n<p class=\"wp-block-paragraph\">En la diabetes tipo 2, la resistencia a la insulina est\u00e1 en el centro y, con ella, el desplazamiento hormonal a trav\u00e9s de la SHBG y de la testosterona libre. Por eso aqu\u00ed se encuentra con m\u00e1s frecuencia la combinaci\u00f3n de afinamiento difuso y patr\u00f3n androgen\u00e9tico. Ambas formas necesitan respuestas distintas, lo que hace tan importante determinar el patr\u00f3n.<\/p>\n\n\n\n<p class=\"wp-block-paragraph\">En la pr\u00e1ctica es relevante la fase previa: la asociaci\u00f3n entre resistencia a la insulina y ca\u00edda del cabello aparece en los estudios ya sin diabetes manifiesta, es decir, en el rango de la prediabetes. Quien tenga una ca\u00edda difusa y un per\u00edmetro abdominal elevado puede hacerse revisar el metabolismo aunque la HbA1c est\u00e9 todav\u00eda por debajo del umbral diagn\u00f3stico.<\/p>\n\n\n\n<h3 class=\"wp-block-heading\">Glucemia a largo plazo: la importancia de un buen control<\/h3>\n\n\n\n<p class=\"wp-block-paragraph\">Unos <a href=\"https:\/\/medlineplus.gov\/spanish\/bloodglucose.html\" target=\"_blank\" rel=\"noopener\">valores de glucemia<\/a> altos de forma permanente da\u00f1an los vasos sangu\u00edneos y afectan al riego, con lo que los fol\u00edculos dejan de recibir un aporte suficiente. Eso debilita las ra\u00edces del pelo, lo vuelve m\u00e1s fino y retrasa su crecimiento.<\/p>\n\n\n\n<p class=\"wp-block-paragraph\">Adem\u00e1s, una glucemia mal controlada favorece inflamaciones que alteran el ciclo capilar e intensifican la ca\u00edda. Por eso un control gluc\u00e9mico estable es decisivo, no solo para la salud general, sino tambi\u00e9n para un cabello fuerte y sano.<\/p>\n\n\n\n<p class=\"wp-block-paragraph\">En cifras concretas: las gu\u00edas de las sociedades de diabetes recomiendan para la tipo 2 objetivos individualizados de HbA1c de entre el 6,5 % y el 7,5 %, en funci\u00f3n de la edad, las enfermedades acompa\u00f1antes y el riesgo de hipoglucemia. La ADA indica en sus Standards of Care 2026 un objetivo est\u00e1ndar por debajo del 7 % para la mayor\u00eda de los adultos no gestantes.<\/p>\n\n\n\n<p class=\"wp-block-paragraph\">No existe un valor de HbA1c propio para el cabello, y nadie deber\u00eda inventarlo. El intervalo objetivo de las gu\u00edas es al mismo tiempo la mejor referencia disponible para todo lo que depende de la microcirculaci\u00f3n, y el fol\u00edculo capilar forma parte de ello.<\/p>\n\n\n\n<h2 class=\"wp-block-heading\">Ca\u00edda del cabello en mujeres con diabetes<\/h2>\n\n\n\n<p class=\"wp-block-paragraph\">En las mujeres, la conexi\u00f3n m\u00e1s frecuente entre resistencia a la insulina y ca\u00edda del cabello pasa por el s\u00edndrome de ovario poliqu\u00edstico (SOP). Afecta a entre el 4 % y el 8 % de las mujeres en edad f\u00e9rtil; seg\u00fan los criterios diagn\u00f3sticos y la poblaci\u00f3n, se describen cifras de hasta el 25 %. Existe resistencia a la insulina, seg\u00fan el estudio, en aproximadamente el 20 % al 70 % de las afectadas.<\/p>\n\n\n<div class=\"wp-block-image\">\n<figure class=\"aligncenter size-large is-resized\" style=\"max-width:720px;margin-left:auto;margin-right:auto\"><img decoding=\"async\" src=\"https:\/\/elithair.com\/es\/wp-content\/uploads\/sites\/5\/2026\/08\/frau_scheitel_ausduennung.png\" alt=\"Una mujer de unos cuarenta y cinco a\u00f1os se mira la raya del pelo en el espejo para comprobar si se le est\u00e1 clareando\" class=\"wp-image-92144\" style=\"width:720px;max-width:100%;height:auto\"\/><\/figure>\n<\/div>\n\n\n<p class=\"wp-block-paragraph\">Importante para situarse: esta resistencia a la insulina aparece con independencia del peso corporal. Tambi\u00e9n pueden tenerla mujeres delgadas con SOP. Quien tiene un IMC normal y por eso no se da por aludida pasa por alto justamente el hallazgo decisivo.<\/p>\n\n\n\n<p class=\"wp-block-paragraph\">El mecanismo es el modelo est\u00e1ndar de la literatura sobre el SOP y sigue siendo una hip\u00f3tesis: unos niveles altos de insulina aumentan la producci\u00f3n de andr\u00f3genos en el ovario y al mismo tiempo bajan la SHBG. Sube la testosterona libre y en el fol\u00edculo act\u00faa m\u00e1s DHT. En un estudio comparativo, la alopecia androgen\u00e9tica apareci\u00f3 claramente con m\u00e1s frecuencia en el SOP que en el grupo de control.<\/p>\n\n\n\n<p class=\"wp-block-paragraph\">El cuadro se diferencia del masculino: en las mujeres clarea la parte superior de la cabeza a lo largo de la raya, mientras que la l\u00ednea frontal suele conservarse. Esta distribuci\u00f3n se describe con la escala de Ludwig. Las entradas como las de los hombres son at\u00edpicas; una raya cada vez m\u00e1s ancha, en cambio, es el s\u00edntoma gu\u00eda.<\/p>\n\n\n\n<p class=\"wp-block-paragraph\">Junto al SOP cuentan en las mujeres otros factores: el d\u00e9ficit de hierro por la menstruaci\u00f3n, las enfermedades tiroideas, el cambio hormonal de la <a href=\"\/es\/trasplante-capilar-blog\/caida-del-cabello-menopausia\/\">menopausia<\/a> y, tras un embarazo, el efluvio tel\u00f3geno posparto. Una diabetes gestacional es adem\u00e1s un indicio de un riesgo posterior de diabetes tipo 2.<\/p>\n\n\n\n<p class=\"wp-block-paragraph\">Conviene medir: insulina en ayunas y HOMA-IR, testosterona, DHEA-S, SHBG y, adem\u00e1s, <a href=\"\/es\/trasplante-capilar-blog\/deficiencia-de-hierro-caida-del-cabello\/\">ferritina<\/a> y TSH. Qu\u00e9 valores se extraen en cada momento y qu\u00e9 muestran figura m\u00e1s abajo, en la hoja de ruta de la anal\u00edtica. M\u00e1s sobre el patr\u00f3n femenino en el art\u00edculo sobre ca\u00edda del cabello en mujeres.<\/p>\n\n\n\n<h2 class=\"wp-block-heading\">\u00bfLos medicamentos para la diabetes, como la metformina, provocan ca\u00edda del cabello?<\/h2>\n\n\n\n<p class=\"wp-block-paragraph\">La metformina no es un desencadenante directo conocido de la ca\u00edda del cabello. La alopecia no figura como efecto adverso en las fichas t\u00e9cnicas y, tras d\u00e9cadas de uso controlado, no hay pruebas de un efecto directo sobre el fol\u00edculo. La v\u00eda secundaria documentada es otra: en tratamientos prolongados, la metformina reduce la absorci\u00f3n de vitamina B12.<\/p>\n\n\n\n<h3 class=\"wp-block-heading\">Por qu\u00e9 la metformina no es la culpable directa<\/h3>\n\n\n\n<p class=\"wp-block-paragraph\">Lo que la metformina no hace: no act\u00faa sobre el fol\u00edculo capilar, no acorta de forma demostrada la fase de crecimiento y no est\u00e1 vinculada a la ca\u00edda del cabello en la documentaci\u00f3n de registro. Las advertencias de las fichas t\u00e9cnicas (AEMPS en Espa\u00f1a, ANSM en Francia) mencionan exclusivamente la vitamina B12, no el cabello.<\/p>\n\n\n\n<p class=\"wp-block-paragraph\">Lo que la metformina s\u00ed hace: mejora la sensibilidad a la insulina y act\u00faa, por tanto, justo sobre ese estado metab\u00f3lico que los estudios asocian a la ca\u00edda precoz del cabello. De ah\u00ed no se deduce ning\u00fan efecto sobre el crecimiento capilar, porque no hay estudios al respecto. Pero la sospecha inmediata de que el medicamento sea el culpable no se sostiene.<\/p>\n\n\n\n<h3 class=\"wp-block-heading\">Metformina y vitamina B12: a qui\u00e9n afecta y qu\u00e9 se mide<\/h3>\n\n\n\n<p class=\"wp-block-paragraph\">La agencia brit\u00e1nica del medicamento (MHRA) clasific\u00f3 en 2022, en un Drug Safety Update, el descenso de la vitamina B12 como efecto adverso frecuente con dosis altas o tratamientos prolongados con metformina: afectar\u00eda hasta a 1 de cada 10 personas. Se recomienda un control peri\u00f3dico de la B12 en pacientes de riesgo.<\/p>\n\n\n\n<p class=\"wp-block-paragraph\">Las cifras de los estudios primarios var\u00edan mucho seg\u00fan el punto de corte y la poblaci\u00f3n: desde alrededor del 2,3 % con tratamientos cortos hasta el 36,5 % y, en un trabajo, incluso el 65,7 % con uso prolongado. Datos franceses se\u00f1alan un 12,9 % frente a un 5,6 %; datos de cohorte italianos, un 5,8 % frente a un 2,4 % (odds ratio 2,92). Un an\u00e1lisis del programa All of Us hall\u00f3 en usuarios de larga duraci\u00f3n un riesgo de d\u00e9ficit un 67 % mayor.<\/p>\n\n\n\n<p class=\"wp-block-paragraph\">El riesgo aumenta con la dosis y con la duraci\u00f3n del tratamiento. Se mide el nivel de B12 y, en valores l\u00edmite, adem\u00e1s la holotranscobalamina o el \u00e1cido metilmal\u00f3nico. Son se\u00f1ales de alarma la anemia, el hormigueo en manos y pies y los problemas de concentraci\u00f3n. Qu\u00e9 papel desempe\u00f1a la B12 para el cabello se explica en el art\u00edculo sobre <a href=\"\/es\/trasplante-capilar-blog\/vitaminas-caida-del-cabello\/\">vitaminas contra la ca\u00edda del cabello<\/a>.<\/p>\n\n\n\n<p class=\"wp-block-paragraph\">Decisiva es la frase siguiente, porque evita la reacci\u00f3n equivocada m\u00e1s habitual: ante un d\u00e9ficit de B12 demostrado, la metformina no se retira. Las fichas t\u00e9cnicas prev\u00e9n continuar el tratamiento y suplementar adem\u00e1s el d\u00e9ficit. Suspenderla o cambiar la dosis corresponde exclusivamente al equipo m\u00e9dico que trata a la persona.<\/p>\n\n\n\n<h3 class=\"wp-block-heading\">Agonistas del receptor de GLP-1: Ozempic, Wegovy y Mounjaro<\/h3>\n\n\n\n<p class=\"wp-block-paragraph\">Con los agonistas del receptor de GLP-1 se notifica ca\u00edda del cabello. El consenso profesional la explica mayoritariamente como un efluvio tel\u00f3geno derivado de la p\u00e9rdida de peso r\u00e1pida y a menudo importante, no como un efecto directo del principio activo sobre el fol\u00edculo. Los detalles, los datos de notificaci\u00f3n y el manejo pr\u00e1ctico est\u00e1n en el art\u00edculo espec\u00edfico sobre ca\u00edda del cabello con Ozempic.<\/p>\n\n\n\n<h3 class=\"wp-block-heading\">Otros principios activos del entorno<\/h3>\n\n\n\n<p class=\"wp-block-paragraph\">Para la insulina y los inhibidores de SGLT2 no se han encontrado datos s\u00f3lidos referidos espec\u00edficamente a la ca\u00edda del cabello. Las estatinas aparecen a veces en listas generales de efectos adversos junto a la alopecia, pero falta una evidencia causal robusta. En el caso de las hormonas tiroideas, la relaci\u00f3n est\u00e1 en la enfermedad de base, no en el preparado.<\/p>\n\n\n\n<style>\n@media (max-width:640px){\n.rt-table-wrap{overflow-x:visible!important;border:0!important;border-radius:0!important}\n.rt-table{min-width:0!important}\n.rt-table thead{display:none}\n.rt-table,.rt-table tbody,.rt-table tr,.rt-table td{display:block;width:100%}\n.rt-table caption{display:block;padding:0 0 12px!important}\n.rt-table tr{margin:0 0 12px;border:1px solid #dbe4f0;border-radius:10px;overflow:hidden}\n.rt-table tr:last-child{margin-bottom:0}\n.rt-table td{display:flex!important;flex-direction:column;gap:3px;padding:12px 14px!important;\nborder:0!important;border-bottom:1px solid #e3e8ef!important;background:#ffffff!important}\n.rt-table tr td:last-child{border-bottom:0!important}\n.rt-table td::before{content:attr(data-label);font-size:12px;font-weight:700;letter-spacing:.04em;\ntext-transform:uppercase;color:#5799F1}\n.rt-table td:not([data-label])::before,.rt-table td[data-label=\"\"]::before{display:none}\n}\n<\/style>\n<div class=\"rt-table-wrap\" style=\"overflow-x:auto;-webkit-overflow-scrolling:touch;margin:28px 0;border:1px solid #dbe4f0;border-radius:12px\">\n  <table class=\"rt-table\" style=\"width:100%;min-width:660px;table-layout:fixed;border-collapse:separate;border-spacing:0;font-size:15px;margin:0\">\n    <caption style=\"caption-side:top;text-align:left;color:#003366;font-weight:700;font-size:16px;line-height:1.35;padding:14px 16px 10px;background:#ffffff\">Medicamentos para la diabetes y el cabello: qu\u00e9 est\u00e1 documentado, qu\u00e9 no y qu\u00e9 se deduce de ello<\/caption>\n    <thead>\n      <tr>\n        <th style=\"width:22%;background:#003366;color:#ffffff;font-weight:700;text-align:left;vertical-align:middle;padding:13px 16px;font-size:15px;line-height:1.4;border:0;overflow-wrap:break-word\">Grupo de f\u00e1rmacos<\/th>\n        <th style=\"background:#003366;color:#ffffff;font-weight:700;text-align:left;vertical-align:middle;padding:13px 16px;font-size:15px;line-height:1.4;border:0;overflow-wrap:break-word\">Relaci\u00f3n documentada con la ca\u00edda del cabello<\/th>\n        <th style=\"background:#003366;color:#ffffff;font-weight:700;text-align:left;vertical-align:middle;padding:13px 16px;font-size:15px;line-height:1.4;border:0;overflow-wrap:break-word\">Mecanismo<\/th>\n        <th style=\"background:#003366;color:#ffffff;font-weight:700;text-align:left;vertical-align:middle;padding:13px 16px;font-size:15px;line-height:1.4;border:0;overflow-wrap:break-word\">Qu\u00e9 hacer<\/th>\n      <\/tr>\n    <\/thead>\n    <tbody>\n      <tr>\n        <td data-label=\"Grupo de f\u00e1rmacos\" style=\"background:#ffffff;color:#003366;font-weight:700;text-align:left;vertical-align:top;padding:13px 16px;font-size:15px;line-height:1.55;border:0;border-bottom:1px solid #e3e8ef;overflow-wrap:break-word\">Metformina<\/td>\n        <td data-label=\"Relaci\u00f3n documentada con la ca\u00edda del cabello\" style=\"background:#ffffff;color:#22303e;font-weight:400;text-align:left;vertical-align:top;padding:13px 16px;font-size:15px;line-height:1.55;border:0;border-bottom:1px solid #e3e8ef;overflow-wrap:break-word\">Sin relaci\u00f3n directa documentada; no figura como efecto adverso en las fichas t\u00e9cnicas<\/td>\n        <td data-label=\"Mecanismo\" style=\"background:#ffffff;color:#22303e;font-weight:400;text-align:left;vertical-align:top;padding:13px 16px;font-size:15px;line-height:1.55;border:0;border-bottom:1px solid #e3e8ef;overflow-wrap:break-word\">Indirecto, por una absorci\u00f3n alterada de vitamina B12 en tratamientos prolongados (hasta 1 de cada 10 personas, MHRA 2022)<\/td>\n        <td data-label=\"Qu\u00e9 hacer\" style=\"background:#ffffff;color:#22303e;font-weight:400;text-align:left;vertical-align:top;padding:13px 16px;font-size:15px;line-height:1.55;border:0;border-bottom:1px solid #e3e8ef;overflow-wrap:break-word\">Controlar el nivel de B12 a lo largo del tratamiento, suplementar si hay d\u00e9ficit y no modificar la terapia por cuenta propia<\/td>\n      <\/tr>\n      <tr>\n        <td data-label=\"Grupo de f\u00e1rmacos\" style=\"background:#f6f9fc;color:#003366;font-weight:700;text-align:left;vertical-align:top;padding:13px 16px;font-size:15px;line-height:1.55;border:0;border-bottom:1px solid #e3e8ef;overflow-wrap:break-word\">Agonistas del receptor de GLP-1 (semaglutida, tirzepatida)<\/td>\n        <td data-label=\"Relaci\u00f3n documentada con la ca\u00edda del cabello\" style=\"background:#f6f9fc;color:#22303e;font-weight:400;text-align:left;vertical-align:top;padding:13px 16px;font-size:15px;line-height:1.55;border:0;border-bottom:1px solid #e3e8ef;overflow-wrap:break-word\">Se notifica ca\u00edda del cabello, mayoritariamente como consecuencia de la p\u00e9rdida de peso r\u00e1pida<\/td>\n        <td data-label=\"Mecanismo\" style=\"background:#f6f9fc;color:#22303e;font-weight:400;text-align:left;vertical-align:top;padding:13px 16px;font-size:15px;line-height:1.55;border:0;border-bottom:1px solid #e3e8ef;overflow-wrap:break-word\">Efluvio tel\u00f3geno tras una p\u00e9rdida de peso importante; sin efecto folicular directo documentado<\/td>\n        <td data-label=\"Qu\u00e9 hacer\" style=\"background:#f6f9fc;color:#22303e;font-weight:400;text-align:left;vertical-align:top;padding:13px 16px;font-size:15px;line-height:1.55;border:0;border-bottom:1px solid #e3e8ef;overflow-wrap:break-word\">Asegurar el aporte de prote\u00ednas y micronutrientes y hablar del ritmo de la p\u00e9rdida de peso en la consulta<\/td>\n      <\/tr>\n      <tr>\n        <td data-label=\"Grupo de f\u00e1rmacos\" style=\"background:#ffffff;color:#003366;font-weight:700;text-align:left;vertical-align:top;padding:13px 16px;font-size:15px;line-height:1.55;border:0;border-bottom:1px solid #e3e8ef;overflow-wrap:break-word\">Insulina<\/td>\n        <td data-label=\"Relaci\u00f3n documentada con la ca\u00edda del cabello\" style=\"background:#ffffff;color:#22303e;font-weight:400;text-align:left;vertical-align:top;padding:13px 16px;font-size:15px;line-height:1.55;border:0;border-bottom:1px solid #e3e8ef;overflow-wrap:break-word\">Sin relaci\u00f3n documentada<\/td>\n        <td data-label=\"Mecanismo\" style=\"background:#ffffff;color:#22303e;font-weight:400;text-align:left;vertical-align:top;padding:13px 16px;font-size:15px;line-height:1.55;border:0;border-bottom:1px solid #e3e8ef;overflow-wrap:break-word\">No aplicable<\/td>\n        <td data-label=\"Qu\u00e9 hacer\" style=\"background:#ffffff;color:#22303e;font-weight:400;text-align:left;vertical-align:top;padding:13px 16px;font-size:15px;line-height:1.55;border:0;border-bottom:1px solid #e3e8ef;overflow-wrap:break-word\">Ninguna medida espec\u00edfica; lo decisivo sigue siendo la calidad del control gluc\u00e9mico<\/td>\n      <\/tr>\n      <tr>\n        <td data-label=\"Grupo de f\u00e1rmacos\" style=\"background:#f6f9fc;color:#003366;font-weight:700;text-align:left;vertical-align:top;padding:13px 16px;font-size:15px;line-height:1.55;border:0;border-bottom:1px solid #e3e8ef;overflow-wrap:break-word\">Inhibidores de SGLT2<\/td>\n        <td data-label=\"Relaci\u00f3n documentada con la ca\u00edda del cabello\" style=\"background:#f6f9fc;color:#22303e;font-weight:400;text-align:left;vertical-align:top;padding:13px 16px;font-size:15px;line-height:1.55;border:0;border-bottom:1px solid #e3e8ef;overflow-wrap:break-word\">Sin relaci\u00f3n documentada<\/td>\n        <td data-label=\"Mecanismo\" style=\"background:#f6f9fc;color:#22303e;font-weight:400;text-align:left;vertical-align:top;padding:13px 16px;font-size:15px;line-height:1.55;border:0;border-bottom:1px solid #e3e8ef;overflow-wrap:break-word\">No aplicable<\/td>\n        <td data-label=\"Qu\u00e9 hacer\" style=\"background:#f6f9fc;color:#22303e;font-weight:400;text-align:left;vertical-align:top;padding:13px 16px;font-size:15px;line-height:1.55;border:0;border-bottom:1px solid #e3e8ef;overflow-wrap:break-word\">Ninguna medida espec\u00edfica<\/td>\n      <\/tr>\n      <tr>\n        <td data-label=\"Grupo de f\u00e1rmacos\" style=\"background:#ffffff;color:#003366;font-weight:700;text-align:left;vertical-align:top;padding:13px 16px;font-size:15px;line-height:1.55;border:0;border-bottom:1px solid #e3e8ef;overflow-wrap:break-word\">Estatinas<\/td>\n        <td data-label=\"Relaci\u00f3n documentada con la ca\u00edda del cabello\" style=\"background:#ffffff;color:#22303e;font-weight:400;text-align:left;vertical-align:top;padding:13px 16px;font-size:15px;line-height:1.55;border:0;border-bottom:1px solid #e3e8ef;overflow-wrap:break-word\">Sin relaci\u00f3n documentada de forma robusta; se menciona ocasionalmente en listas generales de efectos adversos<\/td>\n        <td data-label=\"Mecanismo\" style=\"background:#ffffff;color:#22303e;font-weight:400;text-align:left;vertical-align:top;padding:13px 16px;font-size:15px;line-height:1.55;border:0;border-bottom:1px solid #e3e8ef;overflow-wrap:break-word\">Sin explicaci\u00f3n establecida<\/td>\n        <td data-label=\"Qu\u00e9 hacer\" style=\"background:#ffffff;color:#22303e;font-weight:400;text-align:left;vertical-align:top;padding:13px 16px;font-size:15px;line-height:1.55;border:0;border-bottom:1px solid #e3e8ef;overflow-wrap:break-word\">Si hay sospecha, hacerlo valorar por el m\u00e9dico; nunca suspenderlas por cuenta propia<\/td>\n      <\/tr>\n      <tr>\n        <td data-label=\"Grupo de f\u00e1rmacos\" style=\"background:#f6f9fc;color:#003366;font-weight:700;text-align:left;vertical-align:top;padding:13px 16px;font-size:15px;line-height:1.55;border:0;overflow-wrap:break-word\">Hormonas tiroideas<\/td>\n        <td data-label=\"Relaci\u00f3n documentada con la ca\u00edda del cabello\" style=\"background:#f6f9fc;color:#22303e;font-weight:400;text-align:left;vertical-align:top;padding:13px 16px;font-size:15px;line-height:1.55;border:0;overflow-wrap:break-word\">La relaci\u00f3n existe a trav\u00e9s de la funci\u00f3n tiroidea, no del preparado<\/td>\n        <td data-label=\"Mecanismo\" style=\"background:#f6f9fc;color:#22303e;font-weight:400;text-align:left;vertical-align:top;padding:13px 16px;font-size:15px;line-height:1.55;border:0;overflow-wrap:break-word\">El hipotiroidismo y el hipertiroidismo alteran el ciclo capilar; se ha descrito una ca\u00edda inicial al empezar el tratamiento<\/td>\n        <td data-label=\"Qu\u00e9 hacer\" style=\"background:#f6f9fc;color:#22303e;font-weight:400;text-align:left;vertical-align:top;padding:13px 16px;font-size:15px;line-height:1.55;border:0;overflow-wrap:break-word\">Controlar la TSH y hacer ajustar la dosis por el m\u00e9dico<\/td>\n      <\/tr>\n    <\/tbody>\n  <\/table>\n<\/div>\n\n\n\n<p class=\"wp-block-paragraph\">Una frase como l\u00ednea maestra para todo el apartado: no suspenda por su cuenta ning\u00fan medicamento para la diabetes a causa de la ca\u00edda del cabello. Para el cabello, la glucemia es el factor m\u00e1s fuerte, y un metabolismo descontrolado cuesta m\u00e1s pelo que cualquiera de estos preparados.<\/p>\n\n\n\n<h2 class=\"wp-block-heading\">El estilo de vida como factor<\/h2>\n\n\n\n<figure class=\"wp-block-image size-full\"><img decoding=\"async\" src=\"https:\/\/elithair.com\/es\/wp-content\/uploads\/sites\/5\/2026\/08\/bestand_97302.png\" alt=\"El lado izquierdo de la imagen muestra una selecci\u00f3n de alimentos poco saludables y el lado derecho, alimentos saludables\" class=\"wp-image-92153\"\/><\/figure>\n\n\n\n<p class=\"wp-block-paragraph\">Un estilo de vida poco saludable puede intensificar la ca\u00edda del cabello en la diabetes, porque desestabiliza la glucemia y compromete el aporte de nutrientes a los fol\u00edculos. Una alimentaci\u00f3n desequilibrada, con demasiado az\u00facar y alimentos procesados, puede llevar a d\u00e9ficits de hierro, zinc o biotina, componentes esenciales para un cabello sano.<\/p>\n\n\n\n<p class=\"wp-block-paragraph\">Tambi\u00e9n el estr\u00e9s cr\u00f3nico repercute negativamente en el ciclo capilar y puede acelerar la ca\u00edda. El ejercicio f\u00edsico regular mejora el riego, estabiliza la glucemia y favorece el crecimiento del cabello. La recomendaci\u00f3n est\u00e1ndar son 150 minutos de actividad aer\u00f3bica moderada por semana, complementados con trabajo de fuerza.<\/p>\n\n\n\n<p class=\"wp-block-paragraph\">Con ajustes dirigidos en la alimentaci\u00f3n, el ejercicio y el manejo del estr\u00e9s, la <strong>ca\u00edda del cabello en la diabetes<\/strong> suele reducirse notablemente. El efecto pasa por el metabolismo y no directamente por la ra\u00edz del pelo, por eso necesita la misma paciencia que el ciclo capilar.<\/p>\n\n\n\n<h3 class=\"wp-block-heading\">Low carb, keto y p\u00e9rdida de peso r\u00e1pida: el desencadenante que se pasa por alto<\/h3>\n\n\n\n<p class=\"wp-block-paragraph\">Hay una situaci\u00f3n muy frecuente que rara vez se nombra: quien cambia radicalmente su alimentaci\u00f3n pierde a menudo mucho peso en pocos meses y, 2 o 3 meses despu\u00e9s, sufre una ca\u00edda de cabello marcada. Entonces el desencadenante no es la diabetes, sino el cambio, y la ca\u00edda es reversible.<\/p>\n\n\n\n<p class=\"wp-block-paragraph\">En la literatura se plantean como umbral de riesgo de efluvio tel\u00f3geno una p\u00e9rdida de en torno al 15 % de la masa corporal o de m\u00e1s de 3,5 kilos al mes. Estas cifras proceden de fuentes secundarias y son una orientaci\u00f3n pr\u00e1ctica, no un l\u00edmite estricto. Tras la estabilizaci\u00f3n, la recuperaci\u00f3n suele tardar de 6 a 9 meses.<\/p>\n\n\n\n<p class=\"wp-block-paragraph\">El desencadenante no es el tipo de dieta, sino el d\u00e9ficit: pocas calor\u00edas, poca prote\u00edna, poco hierro y poco zinc. Por eso la consecuencia correcta no es deshacer el cambio de alimentaci\u00f3n, sino asegurar el aporte de prote\u00ednas, hacer revisar los micronutrientes y frenar el ritmo de la p\u00e9rdida de peso.<\/p>\n\n\n\n<h2 class=\"wp-block-heading\">\u00bfPuede la ca\u00edda del cabello ser una se\u00f1al precoz de diabetes?<\/h2>\n\n\n\n<p class=\"wp-block-paragraph\">La ca\u00edda del cabello puede ser un indicio de una diabetes no detectada, sobre todo en combinaci\u00f3n con otros s\u00edntomas. El trastorno metab\u00f3lico afecta a la circulaci\u00f3n, con lo que los fol\u00edculos reciben peor aporte. Eso debilita las ra\u00edces del pelo y puede llevar a un cabello m\u00e1s fino o a una mayor ca\u00edda.<\/p>\n\n\n\n<p class=\"wp-block-paragraph\">Esto es m\u00e1s relevante de lo que suena: una parte considerable de los casos de diabetes permanece sin diagnosticar durante a\u00f1os, tanto si se mide sobre la base de la HbA1c como sobre la de la glucosa.<\/p>\n\n\n\n<p class=\"wp-block-paragraph\">La diabetes no detectada se manifiesta a menudo de forma insidiosa: junto a la p\u00e9rdida de cabello pueden aparecer piel seca, cicatrizaci\u00f3n lenta o cansancio persistente. A ello se suman sed intensa, micci\u00f3n frecuente, alteraciones de la visi\u00f3n y p\u00e9rdida de peso involuntaria. Si adem\u00e1s hay una ca\u00edda difusa, lo que hay que revisar es la glucemia, no el champ\u00fa.<\/p>\n\n\n\n<p class=\"wp-block-paragraph\">Para ello se dispone de tres pruebas: la HbA1c muestra el valor a largo plazo de las \u00faltimas 8 a 12 semanas, la glucosa en ayunas es una instant\u00e1nea y la prueba de tolerancia oral a la glucosa mide la reacci\u00f3n a una cantidad definida de az\u00facar. Una HbA1c a partir del 6,5 % se considera internacionalmente criterio diagn\u00f3stico.<\/p>\n\n\n\n<h3 class=\"wp-block-heading\">Por qu\u00e9 un diagn\u00f3stico precoz es decisivo<\/h3>\n\n\n\n<p class=\"wp-block-paragraph\">Cuanto antes se detecte la enfermedad, mejor se podr\u00e1n estabilizar los valores de glucemia y evitar da\u00f1os en vasos, nervios y fol\u00edculos capilares. Un tratamiento a tiempo puede reducir la ca\u00edda del cabello y favorecer su crecimiento.<\/p>\n\n\n\n<p class=\"wp-block-paragraph\">Para el cabello significa en concreto: una ca\u00edda difusa de origen metab\u00f3lico puede revertir. Una zona cicatricial o da\u00f1ada por una microangiopat\u00eda avanzada, no en la misma medida.<\/p>\n\n\n\n<p class=\"wp-block-paragraph\">Si el problema aparece junto a piel seca, cansancio o cicatrizaci\u00f3n lenta, conviene que lo valore un m\u00e9dico. Un simple an\u00e1lisis de sangre lo aclara r\u00e1pidamente. No espere: un diagn\u00f3stico precoz no solo protege su cabello, sino tambi\u00e9n su salud. Quien no sepa por d\u00f3nde empezar encontrar\u00e1 en el art\u00edculo <a href=\"\/es\/trasplante-capilar-blog\/que-medico-trata-la-caida-del-cabello\/\">ca\u00edda del cabello: qu\u00e9 m\u00e9dico ayuda<\/a> las competencias de cada especialidad.<\/p>\n\n\n\n<h2 class=\"wp-block-heading\">Prevenci\u00f3n: \u00bfc\u00f3mo evitar la ca\u00edda del cabello en la diabetes?<\/h2>\n\n\n\n<p class=\"wp-block-paragraph\">La prevenci\u00f3n de la ca\u00edda del cabello empieza por un manejo consciente de la diabetes y por el cuidado de la salud general. Con medidas dirigidas se puede reducir claramente el riesgo de p\u00e9rdida de pelo y favorecer a largo plazo el crecimiento de un cabello sano; as\u00ed, los afectados pueden contribuir activamente a <strong>frenar la ca\u00edda del cabello por diabetes<\/strong>.<\/p>\n\n\n\n<p class=\"wp-block-paragraph\">La pregunta de si se puede frenar la ca\u00edda del cabello por diabetes tiene una respuesta honesta: la parte difusa, de origen metab\u00f3lico, remite; una parte androgen\u00e9tica queda al margen de eso y necesita su propio tratamiento.<\/p>\n\n\n\n<h3 class=\"wp-block-heading\">Control de la glucemia: la base para un cabello sano<\/h3>\n\n\n\n<p class=\"wp-block-paragraph\">Una glucemia bien controlada es decisiva para evitar la ca\u00edda del cabello en la diabetes. Los valores altos da\u00f1an los vasos sangu\u00edneos, reducen el aporte de nutrientes a los fol\u00edculos y favorecen la p\u00e9rdida de pelo.<\/p>\n\n\n\n<p class=\"wp-block-paragraph\">Un <a href=\"https:\/\/medlineplus.gov\/spanish\/pruebas-de-laboratorio\/prueba-de-hemoglobina-a1c\/\" target=\"_blank\" rel=\"noopener\">valor de HbA1c<\/a> estable, dentro del intervalo del 6,5 % al 7,5 % que recogen las gu\u00edas, mantiene el riego de las ra\u00edces del pelo en las mejores condiciones posibles. Las mediciones peri\u00f3dicas de glucemia y un tratamiento ajustado de acuerdo con el m\u00e9dico ayudan a evitar complicaciones y a favorecer el crecimiento del cabello.<\/p>\n\n\n<div class=\"wp-block-image\">\n<figure class=\"aligncenter size-large is-resized\" style=\"max-width:720px;margin-left:auto;margin-right:auto\"><img decoding=\"async\" src=\"https:\/\/elithair.com\/es\/wp-content\/uploads\/sites\/5\/2026\/08\/blutzucker_alltag_messung.png\" alt=\"Un hombre comprueba en la mesa del desayuno el sensor de glucosa que lleva en el brazo\" class=\"wp-image-92145\" style=\"width:720px;max-width:100%;height:auto\"\/><\/figure>\n<\/div>\n\n\n<h3 class=\"wp-block-heading\">Revisiones m\u00e9dicas peri\u00f3dicas: detectar los problemas a tiempo<\/h3>\n\n\n\n<p class=\"wp-block-paragraph\">La diabetes puede traer consigo muchos fen\u00f3menos acompa\u00f1antes. Las revisiones peri\u00f3dicas permiten detectar a tiempo y tratar de forma dirigida posibles problemas como d\u00e9ficits nutricionales, cambios hormonales o trastornos circulatorios. Mencione activamente la ca\u00edda del cabello, porque de lo contrario no suele salir en la consulta de diabetes.<\/p>\n\n\n\n<p class=\"wp-block-paragraph\">Una revisi\u00f3n de salud completa, que incluya an\u00e1lisis de sangre y una exploraci\u00f3n del cuero cabelludo, ayuda a contener a tiempo la p\u00e9rdida de pelo y a cuidar la salud de los fol\u00edculos. En caso de neuropat\u00eda, forma parte de ella la revisi\u00f3n de peque\u00f1as lesiones inadvertidas, porque de lo contrario acaban en una inflamaci\u00f3n y, en el peor de los casos, en una p\u00e9rdida de pelo cicatricial.<\/p>\n\n\n\n<h3 class=\"wp-block-heading\">Un estilo de vida saludable: la clave de la prevenci\u00f3n<\/h3>\n\n\n\n<p class=\"wp-block-paragraph\">Un estilo de vida saludable apoya adem\u00e1s al cabello. El ejercicio regular mejora el riego y aporta nutrientes a las ra\u00edces del pelo. Incluso un paseo diario o un entrenamiento suave favorecen el crecimiento del cabello.<\/p>\n\n\n\n<p class=\"wp-block-paragraph\">Tambi\u00e9n cuenta la alimentaci\u00f3n: prescindir del az\u00facar y de los alimentos muy procesados ayuda a mantener la glucemia estable. Fumar empeora el riego e intensifica la p\u00e9rdida de cabello; dejarlo es, por eso, el punto infravalorado con mayor beneficio vascular.<\/p>\n\n\n\n<h3 class=\"wp-block-heading\">\u00bfCu\u00e1ndo vuelve a crecer el pelo?<\/h3>\n\n\n\n<p class=\"wp-block-paragraph\">En la ca\u00edda difusa de origen metab\u00f3lico, un efluvio tel\u00f3geno agudo revierte por s\u00ed solo en torno al 95 % de los casos en cuanto se elimina el desencadenante (StatPearls). El plazo lo marca el ciclo capilar y no se puede acortar, tampoco con preparados.<\/p>\n\n\n\n<style>\n@media (max-width:640px){\n.rt-table-wrap{overflow-x:visible!important;border:0!important;border-radius:0!important}\n.rt-table{min-width:0!important}\n.rt-table thead{display:none}\n.rt-table,.rt-table tbody,.rt-table tr,.rt-table td{display:block;width:100%}\n.rt-table caption{display:block;padding:0 0 12px!important}\n.rt-table tr{margin:0 0 12px;border:1px solid #dbe4f0;border-radius:10px;overflow:hidden}\n.rt-table tr:last-child{margin-bottom:0}\n.rt-table td{display:flex!important;flex-direction:column;gap:3px;padding:12px 14px!important;\nborder:0!important;border-bottom:1px solid #e3e8ef!important;background:#ffffff!important}\n.rt-table tr td:last-child{border-bottom:0!important}\n.rt-table td::before{content:attr(data-label);font-size:12px;font-weight:700;letter-spacing:.04em;\ntext-transform:uppercase;color:#5799F1}\n.rt-table td:not([data-label])::before,.rt-table td[data-label=\"\"]::before{display:none}\n}\n<\/style>\n<div class=\"rt-table-wrap\" style=\"overflow-x:auto;-webkit-overflow-scrolling:touch;margin:28px 0;border:1px solid #dbe4f0;border-radius:12px\">\n  <table class=\"rt-table\" style=\"width:100%;min-width:620px;table-layout:fixed;border-collapse:separate;border-spacing:0;font-size:15px;margin:0\">\n    <caption style=\"caption-side:top;text-align:left;color:#003366;font-weight:700;font-size:16px;line-height:1.35;padding:14px 16px 10px;background:#ffffff\">Cronolog\u00eda en la ca\u00edda difusa de origen metab\u00f3lico. No es v\u00e1lida para la ca\u00edda androgen\u00e9tica ni para la cicatricial.<\/caption>\n    <thead>\n      <tr>\n        <th style=\"width:22%;background:#003366;color:#ffffff;font-weight:700;text-align:left;vertical-align:middle;padding:13px 16px;font-size:15px;line-height:1.4;border:0;overflow-wrap:break-word\">Periodo<\/th>\n        <th style=\"background:#003366;color:#ffffff;font-weight:700;text-align:left;vertical-align:middle;padding:13px 16px;font-size:15px;line-height:1.4;border:0;overflow-wrap:break-word\">Qu\u00e9 ocurre en el organismo<\/th>\n        <th style=\"background:#003366;color:#ffffff;font-weight:700;text-align:left;vertical-align:middle;padding:13px 16px;font-size:15px;line-height:1.4;border:0;overflow-wrap:break-word\">Lo que usted ve<\/th>\n      <\/tr>\n    <\/thead>\n    <tbody>\n      <tr>\n        <td data-label=\"Periodo\" style=\"background:#ffffff;color:#003366;font-weight:700;text-align:left;vertical-align:top;padding:13px 16px;font-size:15px;line-height:1.55;border:0;border-bottom:1px solid #e3e8ef;overflow-wrap:break-word\">Mes 1 a 2<\/td>\n        <td data-label=\"Qu\u00e9 ocurre en el organismo\" style=\"background:#ffffff;color:#22303e;font-weight:400;text-align:left;vertical-align:top;padding:13px 16px;font-size:15px;line-height:1.55;border:0;border-bottom:1px solid #e3e8ef;overflow-wrap:break-word\">El desencadenante ha quedado atr\u00e1s, la glucemia se estabiliza y menos fol\u00edculos entran de nuevo en fase de reposo<\/td>\n        <td data-label=\"Lo que usted ve\" style=\"background:#ffffff;color:#22303e;font-weight:400;text-align:left;vertical-align:top;padding:13px 16px;font-size:15px;line-height:1.55;border:0;border-bottom:1px solid #e3e8ef;overflow-wrap:break-word\">La ca\u00edda remite despacio, se acumulan menos pelos en el cepillo y en el desag\u00fce<\/td>\n      <\/tr>\n      <tr>\n        <td data-label=\"Periodo\" style=\"background:#f6f9fc;color:#003366;font-weight:700;text-align:left;vertical-align:top;padding:13px 16px;font-size:15px;line-height:1.55;border:0;border-bottom:1px solid #e3e8ef;overflow-wrap:break-word\">Mes 3 a 4<\/td>\n        <td data-label=\"Qu\u00e9 ocurre en el organismo\" style=\"background:#f6f9fc;color:#22303e;font-weight:400;text-align:left;vertical-align:top;padding:13px 16px;font-size:15px;line-height:1.55;border:0;border-bottom:1px solid #e3e8ef;overflow-wrap:break-word\">Los fol\u00edculos vuelven a entrar en mayor n\u00famero en la fase de crecimiento (an\u00e1gena)<\/td>\n        <td data-label=\"Lo que usted ve\" style=\"background:#f6f9fc;color:#22303e;font-weight:400;text-align:left;vertical-align:top;padding:13px 16px;font-size:15px;line-height:1.55;border:0;border-bottom:1px solid #e3e8ef;overflow-wrap:break-word\">La ca\u00edda es claramente menor, en la densidad todav\u00eda no se aprecia nada<\/td>\n      <\/tr>\n      <tr>\n        <td data-label=\"Periodo\" style=\"background:#ffffff;color:#003366;font-weight:700;text-align:left;vertical-align:top;padding:13px 16px;font-size:15px;line-height:1.55;border:0;border-bottom:1px solid #e3e8ef;overflow-wrap:break-word\">Mes 5 a 6<\/td>\n        <td data-label=\"Qu\u00e9 ocurre en el organismo\" style=\"background:#ffffff;color:#22303e;font-weight:400;text-align:left;vertical-align:top;padding:13px 16px;font-size:15px;line-height:1.55;border:0;border-bottom:1px solid #e3e8ef;overflow-wrap:break-word\">Crece pelo nuevo; en la mayor\u00eda de los casos se considera resuelto un efluvio tel\u00f3geno agudo<\/td>\n        <td data-label=\"Lo que usted ve\" style=\"background:#ffffff;color:#22303e;font-weight:400;text-align:left;vertical-align:top;padding:13px 16px;font-size:15px;line-height:1.55;border:0;border-bottom:1px solid #e3e8ef;overflow-wrap:break-word\">Pelos cortos y finos en la raya y en la l\u00ednea frontal, el cabello parece de nuevo m\u00e1s denso en el nacimiento del pelo<\/td>\n      <\/tr>\n      <tr>\n        <td data-label=\"Periodo\" style=\"background:#f6f9fc;color:#003366;font-weight:700;text-align:left;vertical-align:top;padding:13px 16px;font-size:15px;line-height:1.55;border:0;overflow-wrap:break-word\">Mes 9 a 12<\/td>\n        <td data-label=\"Qu\u00e9 ocurre en el organismo\" style=\"background:#f6f9fc;color:#22303e;font-weight:400;text-align:left;vertical-align:top;padding:13px 16px;font-size:15px;line-height:1.55;border:0;overflow-wrap:break-word\">El pelo nuevo alcanza longitud y grosor, el ciclo recupera la fase de reposo desplazada<\/td>\n        <td data-label=\"Lo que usted ve\" style=\"background:#f6f9fc;color:#22303e;font-weight:400;text-align:left;vertical-align:top;padding:13px 16px;font-size:15px;line-height:1.55;border:0;overflow-wrap:break-word\">Aumento visible de la densidad; la densidad plena puede necesitar en algunos casos de 12 a 18 meses<\/td>\n      <\/tr>\n    <\/tbody>\n  <\/table>\n<\/div>\n\n\n\n<p class=\"wp-block-paragraph\">Hay que a\u00f1adir dos matices: si la glucemia sigue alta, la cronolog\u00eda se desplaza hacia atr\u00e1s, porque el desencadenante sigue activo. Y una parte androgen\u00e9tica no vuelve a crecer con lo dem\u00e1s, sino que avanza despacio si no recibe su propio tratamiento.<\/p>\n\n\n\n<h2 class=\"wp-block-heading\">\u00bfC\u00f3mo deber\u00edan proceder los afectados?<\/h2>\n\n\n\n<p class=\"wp-block-paragraph\">La ca\u00edda del cabello en la diabetes pesa, pero con la estrategia adecuada suele poder reducirse. Lo decisivo es un control gluc\u00e9mico estable, porque mejora el riego y permite que los fol\u00edculos reciban un aporte \u00f3ptimo.<\/p>\n\n\n\n<p class=\"wp-block-paragraph\">Las revisiones m\u00e9dicas peri\u00f3dicas y un tratamiento ajustado ayudan a evitar da\u00f1os a largo plazo en los vasos sangu\u00edneos y en las ra\u00edces del pelo. Combinado con cuidados dirigidos y un estilo de vida saludable, los afectados pueden favorecer el crecimiento de su cabello.<\/p>\n\n\n\n<p class=\"wp-block-paragraph\">Por eso el primer paso no es un producto, sino una cita con los valores de laboratorio correctos. Estos ocho par\u00e1metros aclaran en la mayor\u00eda de los casos si detr\u00e1s de la ca\u00edda est\u00e1 el metabolismo, un d\u00e9ficit, la tiroides o una causa hormonal. Ll\u00e9vese la lista a la consulta.<\/p>\n\n\n\n<style>\n@media (max-width:640px){\n.rt-table-wrap{overflow-x:visible!important;border:0!important;border-radius:0!important}\n.rt-table{min-width:0!important}\n.rt-table thead{display:none}\n.rt-table,.rt-table tbody,.rt-table tr,.rt-table td{display:block;width:100%}\n.rt-table caption{display:block;padding:0 0 12px!important}\n.rt-table tr{margin:0 0 12px;border:1px solid #dbe4f0;border-radius:10px;overflow:hidden}\n.rt-table tr:last-child{margin-bottom:0}\n.rt-table td{display:flex!important;flex-direction:column;gap:3px;padding:12px 14px!important;\nborder:0!important;border-bottom:1px solid #e3e8ef!important;background:#ffffff!important}\n.rt-table tr td:last-child{border-bottom:0!important}\n.rt-table td::before{content:attr(data-label);font-size:12px;font-weight:700;letter-spacing:.04em;\ntext-transform:uppercase;color:#5799F1}\n.rt-table td:not([data-label])::before,.rt-table td[data-label=\"\"]::before{display:none}\n}\n<\/style>\n<div class=\"rt-table-wrap\" style=\"overflow-x:auto;-webkit-overflow-scrolling:touch;margin:28px 0;border:1px solid #dbe4f0;border-radius:12px\">\n  <table class=\"rt-table\" style=\"width:100%;min-width:700px;table-layout:fixed;border-collapse:separate;border-spacing:0;font-size:15px;margin:0\">\n    <caption style=\"caption-side:top;text-align:left;color:#003366;font-weight:700;font-size:16px;line-height:1.35;padding:14px 16px 10px;background:#ffffff\">Su hoja de ruta para la consulta m\u00e9dica: estos ocho valores aclaran la causa<\/caption>\n    <thead>\n      <tr>\n        <th style=\"width:20%;background:#003366;color:#ffffff;font-weight:700;text-align:left;vertical-align:middle;padding:13px 16px;font-size:15px;line-height:1.4;border:0;overflow-wrap:break-word\">Valor<\/th>\n        <th style=\"background:#003366;color:#ffffff;font-weight:700;text-align:left;vertical-align:middle;padding:13px 16px;font-size:15px;line-height:1.4;border:0;overflow-wrap:break-word\">Por qu\u00e9 es relevante en diabetes y ca\u00edda del cabello<\/th>\n        <th style=\"background:#003366;color:#ffffff;font-weight:700;text-align:left;vertical-align:middle;padding:13px 16px;font-size:15px;line-height:1.4;border:0;overflow-wrap:break-word\">Orientaci\u00f3n<\/th>\n        <th style=\"background:#003366;color:#ffffff;font-weight:700;text-align:left;vertical-align:middle;padding:13px 16px;font-size:15px;line-height:1.4;border:0;overflow-wrap:break-word\">\u00bfEn ayunas?<\/th>\n        <th style=\"background:#003366;color:#ffffff;font-weight:700;text-align:left;vertical-align:middle;padding:13px 16px;font-size:15px;line-height:1.4;border:0;overflow-wrap:break-word\">Qui\u00e9n lo mide<\/th>\n      <\/tr>\n    <\/thead>\n    <tbody>\n      <tr>\n        <td data-label=\"Valor\" style=\"background:#ffffff;color:#003366;font-weight:700;text-align:left;vertical-align:top;padding:13px 16px;font-size:15px;line-height:1.55;border:0;border-bottom:1px solid #e3e8ef;overflow-wrap:break-word\">HbA1c<\/td>\n        <td data-label=\"Por qu\u00e9 es relevante en diabetes y ca\u00edda del cabello\" style=\"background:#ffffff;color:#22303e;font-weight:400;text-align:left;vertical-align:top;padding:13px 16px;font-size:15px;line-height:1.55;border:0;border-bottom:1px solid #e3e8ef;overflow-wrap:break-word\">Glucemia a largo plazo de las \u00faltimas 8 a 12 semanas, el factor modificable m\u00e1s importante<\/td>\n        <td data-label=\"Orientaci\u00f3n\" style=\"background:#ffffff;color:#22303e;font-weight:400;text-align:left;vertical-align:top;padding:13px 16px;font-size:15px;line-height:1.55;border:0;border-bottom:1px solid #e3e8ef;overflow-wrap:break-word\">Intervalo objetivo del 6,5 % al 7,5 % seg\u00fan las gu\u00edas, de forma individualizada; objetivo est\u00e1ndar de la ADA por debajo del 7 %; umbral diagn\u00f3stico 6,5 %<\/td>\n        <td data-label=\"\u00bfEn ayunas?\" style=\"background:#ffffff;color:#22303e;font-weight:400;text-align:left;vertical-align:top;padding:13px 16px;font-size:15px;line-height:1.55;border:0;border-bottom:1px solid #e3e8ef;overflow-wrap:break-word\">No<\/td>\n        <td data-label=\"Qui\u00e9n lo mide\" style=\"background:#ffffff;color:#22303e;font-weight:400;text-align:left;vertical-align:top;padding:13px 16px;font-size:15px;line-height:1.55;border:0;border-bottom:1px solid #e3e8ef;overflow-wrap:break-word\">M\u00e9dico de familia o endocrinolog\u00eda<\/td>\n      <\/tr>\n      <tr>\n        <td data-label=\"Valor\" style=\"background:#f6f9fc;color:#003366;font-weight:700;text-align:left;vertical-align:top;padding:13px 16px;font-size:15px;line-height:1.55;border:0;border-bottom:1px solid #e3e8ef;overflow-wrap:break-word\">Insulina en ayunas y HOMA-IR<\/td>\n        <td data-label=\"Por qu\u00e9 es relevante en diabetes y ca\u00edda del cabello\" style=\"background:#f6f9fc;color:#22303e;font-weight:400;text-align:left;vertical-align:top;padding:13px 16px;font-size:15px;line-height:1.55;border:0;border-bottom:1px solid #e3e8ef;overflow-wrap:break-word\">Cuantifica la resistencia a la insulina que hay detr\u00e1s de la tipo 2 y del SOP<\/td>\n        <td data-label=\"Orientaci\u00f3n\" style=\"background:#f6f9fc;color:#22303e;font-weight:400;text-align:left;vertical-align:top;padding:13px 16px;font-size:15px;line-height:1.55;border:0;border-bottom:1px solid #e3e8ef;overflow-wrap:break-word\">Llamativo a partir de aproximadamente 1,9 a 2,7 seg\u00fan la fuente; no hay punto de corte ratificado<\/td>\n        <td data-label=\"\u00bfEn ayunas?\" style=\"background:#f6f9fc;color:#22303e;font-weight:400;text-align:left;vertical-align:top;padding:13px 16px;font-size:15px;line-height:1.55;border:0;border-bottom:1px solid #e3e8ef;overflow-wrap:break-word\">S\u00ed, de 8 a 12 horas<\/td>\n        <td data-label=\"Qui\u00e9n lo mide\" style=\"background:#f6f9fc;color:#22303e;font-weight:400;text-align:left;vertical-align:top;padding:13px 16px;font-size:15px;line-height:1.55;border:0;border-bottom:1px solid #e3e8ef;overflow-wrap:break-word\">M\u00e9dico de familia o endocrinolog\u00eda<\/td>\n      <\/tr>\n      <tr>\n        <td data-label=\"Valor\" style=\"background:#ffffff;color:#003366;font-weight:700;text-align:left;vertical-align:top;padding:13px 16px;font-size:15px;line-height:1.55;border:0;border-bottom:1px solid #e3e8ef;overflow-wrap:break-word\">Ferritina<\/td>\n        <td data-label=\"Por qu\u00e9 es relevante en diabetes y ca\u00edda del cabello\" style=\"background:#ffffff;color:#22303e;font-weight:400;text-align:left;vertical-align:top;padding:13px 16px;font-size:15px;line-height:1.55;border:0;border-bottom:1px solid #e3e8ef;overflow-wrap:break-word\">El d\u00e9ficit silencioso m\u00e1s frecuente en la ca\u00edda difusa, sobre todo en mujeres<\/td>\n        <td data-label=\"Orientaci\u00f3n\" style=\"background:#ffffff;color:#22303e;font-weight:400;text-align:left;vertical-align:top;padding:13px 16px;font-size:15px;line-height:1.55;border:0;border-bottom:1px solid #e3e8ef;overflow-wrap:break-word\">Rango de referencia habitual del laboratorio; conviene interpretar el resultado en la consulta<\/td>\n        <td data-label=\"\u00bfEn ayunas?\" style=\"background:#ffffff;color:#22303e;font-weight:400;text-align:left;vertical-align:top;padding:13px 16px;font-size:15px;line-height:1.55;border:0;border-bottom:1px solid #e3e8ef;overflow-wrap:break-word\">No<\/td>\n        <td data-label=\"Qui\u00e9n lo mide\" style=\"background:#ffffff;color:#22303e;font-weight:400;text-align:left;vertical-align:top;padding:13px 16px;font-size:15px;line-height:1.55;border:0;border-bottom:1px solid #e3e8ef;overflow-wrap:break-word\">M\u00e9dico de familia<\/td>\n      <\/tr>\n      <tr>\n        <td data-label=\"Valor\" style=\"background:#f6f9fc;color:#003366;font-weight:700;text-align:left;vertical-align:top;padding:13px 16px;font-size:15px;line-height:1.55;border:0;border-bottom:1px solid #e3e8ef;overflow-wrap:break-word\">TSH y, si hay alteraciones, T3 libre, T4 libre y anticuerpos anti-TPO<\/td>\n        <td data-label=\"Por qu\u00e9 es relevante en diabetes y ca\u00edda del cabello\" style=\"background:#f6f9fc;color:#22303e;font-weight:400;text-align:left;vertical-align:top;padding:13px 16px;font-size:15px;line-height:1.55;border:0;border-bottom:1px solid #e3e8ef;overflow-wrap:break-word\">Tiroides; en la diabetes tipo 1 se afecta con m\u00e1s frecuencia (Hashimoto en el 16,3 %)<\/td>\n        <td data-label=\"Orientaci\u00f3n\" style=\"background:#f6f9fc;color:#22303e;font-weight:400;text-align:left;vertical-align:top;padding:13px 16px;font-size:15px;line-height:1.55;border:0;border-bottom:1px solid #e3e8ef;overflow-wrap:break-word\">Rango de referencia habitual del laboratorio<\/td>\n        <td data-label=\"\u00bfEn ayunas?\" style=\"background:#f6f9fc;color:#22303e;font-weight:400;text-align:left;vertical-align:top;padding:13px 16px;font-size:15px;line-height:1.55;border:0;border-bottom:1px solid #e3e8ef;overflow-wrap:break-word\">No<\/td>\n        <td data-label=\"Qui\u00e9n lo mide\" style=\"background:#f6f9fc;color:#22303e;font-weight:400;text-align:left;vertical-align:top;padding:13px 16px;font-size:15px;line-height:1.55;border:0;border-bottom:1px solid #e3e8ef;overflow-wrap:break-word\">M\u00e9dico de familia<\/td>\n      <\/tr>\n      <tr>\n        <td data-label=\"Valor\" style=\"background:#ffffff;color:#003366;font-weight:700;text-align:left;vertical-align:top;padding:13px 16px;font-size:15px;line-height:1.55;border:0;border-bottom:1px solid #e3e8ef;overflow-wrap:break-word\">Vitamina B12 y, en valores l\u00edmite, holotranscobalamina<\/td>\n        <td data-label=\"Por qu\u00e9 es relevante en diabetes y ca\u00edda del cabello\" style=\"background:#ffffff;color:#22303e;font-weight:400;text-align:left;vertical-align:top;padding:13px 16px;font-size:15px;line-height:1.55;border:0;border-bottom:1px solid #e3e8ef;overflow-wrap:break-word\">La metformina reduce su absorci\u00f3n en tratamientos prolongados<\/td>\n        <td data-label=\"Orientaci\u00f3n\" style=\"background:#ffffff;color:#22303e;font-weight:400;text-align:left;vertical-align:top;padding:13px 16px;font-size:15px;line-height:1.55;border:0;border-bottom:1px solid #e3e8ef;overflow-wrap:break-word\">Rango de referencia habitual del laboratorio<\/td>\n        <td data-label=\"\u00bfEn ayunas?\" style=\"background:#ffffff;color:#22303e;font-weight:400;text-align:left;vertical-align:top;padding:13px 16px;font-size:15px;line-height:1.55;border:0;border-bottom:1px solid #e3e8ef;overflow-wrap:break-word\">No<\/td>\n        <td data-label=\"Qui\u00e9n lo mide\" style=\"background:#ffffff;color:#22303e;font-weight:400;text-align:left;vertical-align:top;padding:13px 16px;font-size:15px;line-height:1.55;border:0;border-bottom:1px solid #e3e8ef;overflow-wrap:break-word\">M\u00e9dico de familia<\/td>\n      <\/tr>\n      <tr>\n        <td data-label=\"Valor\" style=\"background:#f6f9fc;color:#003366;font-weight:700;text-align:left;vertical-align:top;padding:13px 16px;font-size:15px;line-height:1.55;border:0;border-bottom:1px solid #e3e8ef;overflow-wrap:break-word\">Zinc<\/td>\n        <td data-label=\"Por qu\u00e9 es relevante en diabetes y ca\u00edda del cabello\" style=\"background:#f6f9fc;color:#22303e;font-weight:400;text-align:left;vertical-align:top;padding:13px 16px;font-size:15px;line-height:1.55;border:0;border-bottom:1px solid #e3e8ef;overflow-wrap:break-word\">Necesario para el ciclo capilar; en la diabetes est\u00e1 bajo con m\u00e1s frecuencia<\/td>\n        <td data-label=\"Orientaci\u00f3n\" style=\"background:#f6f9fc;color:#22303e;font-weight:400;text-align:left;vertical-align:top;padding:13px 16px;font-size:15px;line-height:1.55;border:0;border-bottom:1px solid #e3e8ef;overflow-wrap:break-word\">Rango de referencia habitual del laboratorio<\/td>\n        <td data-label=\"\u00bfEn ayunas?\" style=\"background:#f6f9fc;color:#22303e;font-weight:400;text-align:left;vertical-align:top;padding:13px 16px;font-size:15px;line-height:1.55;border:0;border-bottom:1px solid #e3e8ef;overflow-wrap:break-word\">Preferiblemente por la ma\u00f1ana; consulte las indicaciones con el laboratorio<\/td>\n        <td data-label=\"Qui\u00e9n lo mide\" style=\"background:#f6f9fc;color:#22303e;font-weight:400;text-align:left;vertical-align:top;padding:13px 16px;font-size:15px;line-height:1.55;border:0;border-bottom:1px solid #e3e8ef;overflow-wrap:break-word\">M\u00e9dico de familia<\/td>\n      <\/tr>\n      <tr>\n        <td data-label=\"Valor\" style=\"background:#ffffff;color:#003366;font-weight:700;text-align:left;vertical-align:top;padding:13px 16px;font-size:15px;line-height:1.55;border:0;border-bottom:1px solid #e3e8ef;overflow-wrap:break-word\">Vitamina D<\/td>\n        <td data-label=\"Por qu\u00e9 es relevante en diabetes y ca\u00edda del cabello\" style=\"background:#ffffff;color:#22303e;font-weight:400;text-align:left;vertical-align:top;padding:13px 16px;font-size:15px;line-height:1.55;border:0;border-bottom:1px solid #e3e8ef;overflow-wrap:break-word\">En la diabetes tipo 2 est\u00e1 baja con especial frecuencia (60,5 % en un metan\u00e1lisis)<\/td>\n        <td data-label=\"Orientaci\u00f3n\" style=\"background:#ffffff;color:#22303e;font-weight:400;text-align:left;vertical-align:top;padding:13px 16px;font-size:15px;line-height:1.55;border:0;border-bottom:1px solid #e3e8ef;overflow-wrap:break-word\">Rango de referencia habitual del laboratorio<\/td>\n        <td data-label=\"\u00bfEn ayunas?\" style=\"background:#ffffff;color:#22303e;font-weight:400;text-align:left;vertical-align:top;padding:13px 16px;font-size:15px;line-height:1.55;border:0;border-bottom:1px solid #e3e8ef;overflow-wrap:break-word\">No<\/td>\n        <td data-label=\"Qui\u00e9n lo mide\" style=\"background:#ffffff;color:#22303e;font-weight:400;text-align:left;vertical-align:top;padding:13px 16px;font-size:15px;line-height:1.55;border:0;border-bottom:1px solid #e3e8ef;overflow-wrap:break-word\">M\u00e9dico de familia<\/td>\n      <\/tr>\n      <tr>\n        <td data-label=\"Valor\" style=\"background:#f6f9fc;color:#003366;font-weight:700;text-align:left;vertical-align:top;padding:13px 16px;font-size:15px;line-height:1.55;border:0;overflow-wrap:break-word\">Testosterona, SHBG, DHEA-S (mujeres)<\/td>\n        <td data-label=\"Por qu\u00e9 es relevante en diabetes y ca\u00edda del cabello\" style=\"background:#f6f9fc;color:#22303e;font-weight:400;text-align:left;vertical-align:top;padding:13px 16px;font-size:15px;line-height:1.55;border:0;overflow-wrap:break-word\">Hiperandrogenemia ante sospecha de SOP<\/td>\n        <td data-label=\"Orientaci\u00f3n\" style=\"background:#f6f9fc;color:#22303e;font-weight:400;text-align:left;vertical-align:top;padding:13px 16px;font-size:15px;line-height:1.55;border:0;overflow-wrap:break-word\">Rango de referencia habitual del laboratorio; depende del d\u00eda del ciclo<\/td>\n        <td data-label=\"\u00bfEn ayunas?\" style=\"background:#f6f9fc;color:#22303e;font-weight:400;text-align:left;vertical-align:top;padding:13px 16px;font-size:15px;line-height:1.55;border:0;overflow-wrap:break-word\">Por la ma\u00f1ana; tener en cuenta el d\u00eda del ciclo<\/td>\n        <td data-label=\"Qui\u00e9n lo mide\" style=\"background:#f6f9fc;color:#22303e;font-weight:400;text-align:left;vertical-align:top;padding:13px 16px;font-size:15px;line-height:1.55;border:0;overflow-wrap:break-word\">Ginecolog\u00eda o endocrinolog\u00eda<\/td>\n      <\/tr>\n    <\/tbody>\n  <\/table>\n<\/div>\n\n\n\n<p class=\"wp-block-paragraph\">Tres apuntes pr\u00e1cticos: lleve la evoluci\u00f3n de la HbA1c de los \u00faltimos 12 meses, no solo el \u00faltimo valor. No todos estos par\u00e1metros est\u00e1n cubiertos en todos los casos, preg\u00fantelo de antemano. Y los suplementos solo tienen sentido tras un d\u00e9ficit demostrado, porque un exceso de vitamina A o de selenio favorece por s\u00ed mismo la ca\u00edda del cabello.<\/p>\n\n\n<div class=\"wp-block-image\">\n<figure class=\"aligncenter size-large is-resized\" style=\"max-width:720px;margin-left:auto;margin-right:auto\"><img decoding=\"async\" src=\"https:\/\/elithair.com\/es\/wp-content\/uploads\/sites\/5\/2026\/08\/arztgespraech_laborwerte.png\" alt=\"Una m\u00e9dica comenta con un paciente los resultados impresos de la anal\u00edtica en su escritorio\" class=\"wp-image-92146\" style=\"width:720px;max-width:100%;height:auto\"\/><\/figure>\n<\/div>\n\n\n<h3 class=\"wp-block-heading\">Alimentaci\u00f3n: la comida como material de construcci\u00f3n para un cabello sano<\/h3>\n\n\n\n<p class=\"wp-block-paragraph\">Una alimentaci\u00f3n equilibrada estabiliza la glucemia y fortalece las ra\u00edces del pelo. Alimentos ricos en nutrientes como las verduras de hoja verde, los frutos secos, las semillas y las prote\u00ednas magras aportan hierro, zinc, biotina y vitamina D, esenciales para el crecimiento del cabello.<\/p>\n\n\n\n<p class=\"wp-block-paragraph\">Los cereales integrales ricos en fibra ayudan a mantener la glucemia constante, mientras que conviene evitar el az\u00facar y los alimentos muy procesados. En caso de d\u00e9ficits nutricionales, los suplementos pueden servir de apoyo, pero solo de acuerdo con un m\u00e9dico.<\/p>\n\n\n\n<p class=\"wp-block-paragraph\">La brecha espec\u00edfica de la diabetes est\u00e1 bien documentada: el 45 % de las personas con diabetes tipo 2 presenta al menos un d\u00e9ficit de micronutrientes, encabezado por la vitamina D con un 60,5 %, seguida del magnesio con un 42 % y del hierro con un 28 % (metan\u00e1lisis de 132 estudios, Mangal et al. 2024). Sin un d\u00e9ficit demostrado, suplementar no aporta nada; en sobredosis, con la vitamina A y el selenio el efecto incluso se invierte.<\/p>\n\n\n\n<h3 class=\"wp-block-heading\">Cuidado del cabello: m\u00e9todos suaves para un pelo sensible<\/h3>\n\n\n\n<p class=\"wp-block-paragraph\">El cuidado adecuado del cabello es importante para proteger el pelo y evitar m\u00e1s p\u00e9rdidas. Utilice productos suaves y sin siliconas que no irriten el cuero cabelludo, y evite tratamientos agresivos como los tintes qu\u00edmicos o las permanentes.<\/p>\n\n\n\n<p class=\"wp-block-paragraph\">Conviene reducir o evitar por completo el peinado con calor, como planchas o tenacillas, porque castiga a\u00fan m\u00e1s el cabello. En su lugar, los masajes regulares del cuero cabelludo con aceites naturales como el de ricino o el de coco pueden ayudar a favorecer el riego y a fortalecer los fol\u00edculos.<\/p>\n\n\n\n<p class=\"wp-block-paragraph\">Una matizaci\u00f3n al respecto: no existen datos s\u00f3lidos de eficacia sobre el crecimiento del cabello para esos masajes y aceites. Como cuidado agradable frente a la sequedad no plantean problemas; como tratamiento no deber\u00edan entenderse.<\/p>\n\n\n\n<p class=\"wp-block-paragraph\">Espec\u00edficamente para el cuero cabelludo diab\u00e9tico: nada de duchas calientes, limpieza suave con pH adaptado y revisi\u00f3n peri\u00f3dica del cuero cabelludo en busca de lesiones. Con neuropat\u00eda, las heridas peque\u00f1as no se notan, y con la glucemia alta cicatrizan m\u00e1s despacio.<\/p>\n\n\n\n<h3 class=\"wp-block-heading\">Manejo del estr\u00e9s: calma para el cuerpo y la mente<\/h3>\n\n\n\n<p class=\"wp-block-paragraph\">El estr\u00e9s favorece la ca\u00edda del cabello y empeora el control de la glucemia. T\u00e9cnicas de relajaci\u00f3n como el yoga, la meditaci\u00f3n o la relajaci\u00f3n muscular ayudan a bajar el nivel de estr\u00e9s y a aumentar el bienestar.<\/p>\n\n\n\n<p class=\"wp-block-paragraph\">Tambi\u00e9n el ejercicio regular, ya sea un paseo o un deporte moderado, tiene un efecto calmante y estabiliza la glucemia. Combinar la relajaci\u00f3n f\u00edsica y la mental fortalece no solo el cabello, sino tambi\u00e9n la salud. El factor infravalorado aqu\u00ed es el sue\u00f1o: dormir poco empeora la sensibilidad a la insulina y eleva los valores en ayunas.<\/p>\n\n\n\n<h2 class=\"wp-block-heading\">Opciones de tratamiento m\u00e9dicas y cosm\u00e9ticas<\/h2>\n\n\n\n<p class=\"wp-block-paragraph\">Existen numerosos enfoques m\u00e9dicos y cosm\u00e9ticos que pueden ayudar a frenar la ca\u00edda y a favorecer el crecimiento del cabello. Seg\u00fan la situaci\u00f3n individual, estas opciones pueden emplearse de forma dirigida para lograr resultados visibles.<\/p>\n\n\n\n<p class=\"wp-block-paragraph\">Qu\u00e9 tratamiento tiene sentido depende, sin embargo, por completo del patr\u00f3n. El minoxidil, la finasterida y el PRP est\u00e1n orientados a la alopecia androgen\u00e9tica. En una ca\u00edda puramente difusa de origen metab\u00f3lico act\u00faan en el lugar equivocado, mientras la causa sigue activa.<\/p>\n\n\n\n<h3 class=\"wp-block-heading\">Tratamientos t\u00f3picos: cuidado eficaz directamente en el cuero cabelludo<\/h3>\n\n\n\n<p class=\"wp-block-paragraph\"><a href=\"\/es\/trasplante-capilar-blog\/minoxidil-para-la-caida-del-cabello\/\">Minoxidil<\/a> es una soluci\u00f3n consolidada y, seg\u00fan la gu\u00eda europea S3, el \u00fanico tratamiento t\u00f3pico con alto grado de evidencia en la alopecia androgen\u00e9tica. Act\u00faa, entre otras cosas, dilatando los vasos, lo que puede mejorar el riego de los fol\u00edculos, prolonga la fase de crecimiento y, con un uso constante, puede dar resultados visibles.<\/p>\n\n\n\n<p class=\"wp-block-paragraph\">Como puede tener efectos adversos, las personas con diabetes deber\u00edan consultar con su m\u00e9dico antes de usarlo. Tambi\u00e9n los sueros con cafe\u00edna y biotina prometen fortalecer las ra\u00edces del pelo y pueden servir como cuidado complementario; el beneficio de la biotina, eso s\u00ed, solo est\u00e1 demostrado si hay un d\u00e9ficit.<\/p>\n\n\n\n<p class=\"wp-block-paragraph\">Dos puntos son importantes para las personas con diabetes. El primero: el efecto solo est\u00e1 demostrado en la alopecia androgen\u00e9tica, no en el efluvio tel\u00f3geno de origen metab\u00f3lico. El segundo: el minoxidil oral fuera de ficha t\u00e9cnica provoca retenci\u00f3n de sodio y agua y puede causar edemas y, si ya existe una insuficiencia card\u00edaca o renal, una descompensaci\u00f3n (Mayo Clinic). Es, por tanto, un punto de valoraci\u00f3n m\u00e9dica, no de automedicaci\u00f3n.<\/p>\n\n\n\n<h3 class=\"wp-block-heading\">Terapia con PRP: plasma propio para un cabello m\u00e1s fuerte<\/h3>\n\n\n\n<p class=\"wp-block-paragraph\">La terapia con PRP busca estimular el crecimiento del cabello mediante inyecciones de plasma propio que llevan factores de crecimiento directamente al cuero cabelludo. Estos fortalecen los fol\u00edculos y estimulan la regeneraci\u00f3n.<\/p>\n\n\n\n<p class=\"wp-block-paragraph\">Varias revisiones sistem\u00e1ticas muestran evidencia moderada de una mejor densidad capilar en la alopecia androgen\u00e9tica, pero ning\u00fan efecto significativo sobre el grosor del pelo. Los metan\u00e1lisis actuales describen los estudios como heterog\u00e9neos, de baja calidad y con un sesgo de publicaci\u00f3n reconocible; falta un protocolo de consenso sobre concentraci\u00f3n, dosis, profundidad de inyecci\u00f3n y n\u00famero de sesiones.<\/p>\n\n\n\n<p class=\"wp-block-paragraph\">Una ventaja espec\u00edfica para personas con diabetes no est\u00e1 demostrada, porque no existen estudios de PRP centrados en la diabetes. En la pr\u00e1ctica sigue siendo relevante que no hacen falta medicamentos sist\u00e9micos. Aun as\u00ed, es recomendable un asesoramiento m\u00e9dico previo.<\/p>\n\n\n\n<h3 class=\"wp-block-heading\">Apoyo sist\u00e9mico con medicamentos<\/h3>\n\n\n\n<p class=\"wp-block-paragraph\">Medicamentos como la finasterida pueden frenar la p\u00e9rdida de cabello al inhibir la conversi\u00f3n de testosterona en <a href=\"https:\/\/es.wikipedia.org\/wiki\/Dihidrotestosterona\" target=\"_blank\" rel=\"noopener\">DHT<\/a> . Sin embargo, no son adecuados para todo el mundo y, en caso de diabetes, solo deber\u00edan usarse tras consultarlo con el m\u00e9dico. En un efluvio difuso sin componente androgen\u00e9tico no aportan nada, y la finasterida no es adecuada para mujeres en edad f\u00e9rtil.<\/p>\n\n\n\n<p class=\"wp-block-paragraph\">Tambi\u00e9n los medicamentos frente a las inflamaciones o las reacciones autoinmunes asociadas a la diabetes pueden mejorar indirectamente la salud del cabello.<\/p>\n\n\n\n<h3 class=\"wp-block-heading\">Qu\u00e9 cuenta primero en una ca\u00edda difusa asociada a la diabetes<\/h3>\n\n\n\n<p class=\"wp-block-paragraph\">El orden decide el resultado: primero el ajuste metab\u00f3lico y la correcci\u00f3n de los d\u00e9ficits, despu\u00e9s todo lo dem\u00e1s. Sin una glucemia estable, cualquier tratamiento t\u00f3pico trabaja contra una causa que sigue activa, y el efecto queda en consecuencia peque\u00f1o.<\/p>\n\n\n\n<p class=\"wp-block-paragraph\">En concreto: llevar la HbA1c al intervalo objetivo, comprobar ferritina, B12, zinc, vitamina D y TSH y cerrar las lagunas, no perder peso demasiado r\u00e1pido, dormir y moverse. Solo cuando al cabo de unos 6 meses queda un patr\u00f3n tiene sentido plantearse la cuesti\u00f3n de los principios activos o de un trasplante.<\/p>\n\n\n\n<h3 class=\"wp-block-heading\">Trasplante capilar: una soluci\u00f3n duradera en la ca\u00edda avanzada<\/h3>\n\n\n\n<p class=\"wp-block-paragraph\">En una alopecia androgen\u00e9tica avanzada, el <a href=\"\/es\/trasplantecapilar\/\">trasplante capilar<\/a> es la \u00fanica opci\u00f3n para recuperar de forma duradera la densidad perdida; si entra en consideraci\u00f3n depende de cada caso (m\u00e1s sobre esto en el apartado siguiente). T\u00e9cnicas modernas como el <a href=\"\/es\/trasplante-capilar-dhi\/\">m\u00e9todo DHI<\/a> permiten resultados especialmente naturales, porque los propios fol\u00edculos se implantan con precisi\u00f3n en las zonas despobladas. En Elithair, el DHI es el est\u00e1ndar y est\u00e1 incluido en el precio.<\/p>\n\n\n\n<p class=\"wp-block-paragraph\">Tambi\u00e9n en personas con diabetes es posible un trasplante, con la preparaci\u00f3n adecuada. Un control gluc\u00e9mico estable minimiza los riesgos y favorece una cicatrizaci\u00f3n \u00f3ptima. Un asesoramiento minucioso por parte de m\u00e9dicos especialistas con experiencia asegura que se cumplan todos los requisitos para un buen resultado. Con el acompa\u00f1amiento adecuado, este paso puede llevar a una nueva confianza en uno mismo y a un cabello m\u00e1s poblado.<\/p>\n\n\n\n<h2 class=\"wp-block-heading\">\u00bfEs posible un trasplante capilar con diabetes?<\/h2>\n\n\n\n<p class=\"wp-block-paragraph\">Con una diabetes bien controlada, un trasplante capilar es posible en principio. Pero solo tiene sentido si existe un patr\u00f3n androgen\u00e9tico. Una ca\u00edda difusa de origen metab\u00f3lico no es una indicaci\u00f3n, porque el pelo trasplantado aterrizar\u00eda en un entorno alterado y la propia zona donante puede estar afectada.<\/p>\n\n\n\n<div style=\"border:1px solid #dbe4f0;border-radius:12px;padding:18px 20px;margin:26px 0;background:#ffffff\">\n<p style=\"margin:0 0 6px;color:#013366;font-weight:700;font-size:17px\">\u00bfSoy candidato a un trasplante capilar?<\/p>\n<p style=\"margin:0 0 14px;color:#2e3033;font-size:15px;line-height:1.6\">La pregunta de partida es siempre la misma: \u00bfc\u00f3mo se cae el pelo?<\/p>\n<div style=\"display:flex;flex-wrap:wrap;gap:12px\">\n<div style=\"flex:1 1 260px;border:1px solid #dbe4f0;border-radius:10px;padding:14px 16px;background:#f6f9fc\">\n<p style=\"margin:0 0 6px;color:#013366;font-weight:700;font-size:15px\">De forma uniforme por toda la cabeza<\/p>\n<p style=\"margin:0 0 8px;color:#2e3033;font-size:15px;line-height:1.6\">El pelo se afina en todas partes, tambi\u00e9n en la nuca. T\u00edpico de la ca\u00edda difusa de origen metab\u00f3lico.<\/p>\n<p style=\"margin:0;color:#013366;font-size:15px;line-height:1.6\"><strong>Sin trasplante.<\/strong> La zona donante est\u00e1 afectada. Primero hay que aclarar la HbA1c y los valores nutricionales, estabilizarlos durante 3 a 6 meses y volver a valorar despu\u00e9s.<\/p>\n<\/div>\n<div style=\"flex:1 1 260px;border:1px solid #0079F1;border-radius:10px;padding:14px 16px;background:#ffffff\">\n<p style=\"margin:0 0 6px;color:#013366;font-weight:700;font-size:15px\">Entradas, l\u00ednea frontal o coronilla<\/p>\n<p style=\"margin:0 0 8px;color:#2e3033;font-size:15px;line-height:1.6\">La corona de pelo de la nuca se mantiene poblada y el retroceso sigue un patr\u00f3n. Indicio de un componente androgen\u00e9tico.<\/p>\n<p style=\"margin:0;color:#013366;font-size:15px;line-height:1.6\"><strong>An\u00e1lisis capilar recomendable.<\/strong> Aclara el patr\u00f3n y la zona donante. En paralelo hay que poner sobre la mesa la evoluci\u00f3n de la HbA1c; sobre la intervenci\u00f3n decide el estudio m\u00e9dico previo.<\/p>\n<\/div>\n<\/div>\n<p style=\"margin:14px 0 0;color:#2e3033;font-size:15px;line-height:1.6\"><strong style=\"color:#013366\">\u00bfAmbas cosas a la vez?<\/strong> Es el caso m\u00e1s frecuente. Entonces se calma primero la parte difusa a trav\u00e9s del metabolismo y solo despu\u00e9s se valora qu\u00e9 patr\u00f3n queda.<\/p>\n<p style=\"margin:10px 0 0;color:#6b7280;font-size:13px;font-style:italic\">Orientaci\u00f3n, no diagn\u00f3stico. Sobre la idoneidad decide siempre el estudio m\u00e9dico previo en cada caso concreto.<\/p>\n<\/div>\n\n\n\n<p class=\"wp-block-paragraph\">Qu\u00e9 se comprueba m\u00e9dicamente antes de una decisi\u00f3n: la HbA1c y su evoluci\u00f3n, la tensi\u00f3n arterial, los valores renales, los antecedentes de cicatrizaci\u00f3n, los indicios de neuropat\u00eda, la medicaci\u00f3n acompa\u00f1ante completa y el control de la glucemia el d\u00eda de la intervenci\u00f3n. Si hace falta, se coordina con el equipo que trata la diabetes. Es una decisi\u00f3n individual, expresamente no una autorizaci\u00f3n general por diagn\u00f3stico.<\/p>\n\n\n<div class=\"wp-block-image\">\n<figure class=\"aligncenter size-large is-resized\" style=\"max-width:720px;margin-left:auto;margin-right:auto\"><img decoding=\"async\" src=\"https:\/\/elithair.com\/es\/wp-content\/uploads\/sites\/5\/2026\/08\/beratung_haaranalyse.png\" alt=\"Un profesional examina con un dermatoscopio el cuero cabelludo de un paciente durante el an\u00e1lisis capilar\" class=\"wp-image-92147\" style=\"width:720px;max-width:100%;height:auto\"\/><\/figure>\n<\/div>\n\n\n<p class=\"wp-block-paragraph\">Sobre la cicatrizaci\u00f3n s\u00ed hay cifras s\u00f3lidas, aunque procedentes de la cirug\u00eda general: un metan\u00e1lisis de 29 estudios aleatorizados con 14.126 pacientes hall\u00f3, con un control gluc\u00e9mico perioperatorio intensivo, significativamente menos infecciones de la herida que con un control m\u00e1s laxo (raz\u00f3n de riesgo 0,63; intervalo de confianza del 95 % de 0,50 a 0,80; p = 0,0002; Lai et al. 2022), de forma especialmente clara en personas con diabetes.<\/p>\n\n\n\n<p class=\"wp-block-paragraph\">Lo que de ah\u00ed no se deduce: que las personas con diabetes tengan una peor supervivencia de los injertos. No existen estudios sobre tasas de arraigo de los injertos espec\u00edficamente en la diabetes. Quien le d\u00e9 un porcentaje al respecto no lo ha sacado de la literatura. Solo est\u00e1 documentada la relaci\u00f3n quir\u00fargica general entre hiperglucemia, cicatrizaci\u00f3n retardada y riesgo de infecci\u00f3n.<\/p>\n\n\n\n<p class=\"wp-block-paragraph\">Conviene corregir una afirmaci\u00f3n muy extendida en internet: la diabetes no aumenta el riesgo de sangrado. En la investigaci\u00f3n sobre hemostasia, la diabetes se considera un estado protromb\u00f3tico, es decir, favorecedor de la coagulaci\u00f3n, con niveles elevados de fibrin\u00f3geno y de factores de coagulaci\u00f3n. La preocupaci\u00f3n quir\u00fargica real cuando el control es malo es la cicatrizaci\u00f3n retardada y el riesgo de infecci\u00f3n.<\/p>\n\n\n\n<p class=\"wp-block-paragraph\">Tambi\u00e9n con el tipo de diabetes conviene ser preciso: no hay ninguna gu\u00eda ni ning\u00fan estudio que respalde un rechazo general en la tipo 1. Lo decisivo es el control de la glucemia, no el tipo. En la tipo 1 se suma, en la pr\u00e1ctica, que una intervenci\u00f3n larga necesita un plan de manejo de la glucemia, es decir, mediciones, pausas y, si procede, un ajuste de la insulina por parte del equipo de diabetes.<\/p>\n\n\n\n<p class=\"wp-block-paragraph\">C\u00f3mo lo gestionamos nosotros forma parte de la respuesta. Rechazamos alrededor del 40 % de las solicitudes y, si el metabolismo no es estable, primero se trata y no se trasplanta. El an\u00e1lisis de sangre previo para determinar la causa comprueba si un trasplante es siquiera el tratamiento adecuado. Cada paso cuenta con validaci\u00f3n m\u00e9dica y el dise\u00f1o de la l\u00ednea capilar lo hace al 100 % el m\u00e9dico.<\/p>\n\n\n\n<p class=\"wp-block-paragraph\">Realistas con los plazos: un resultado visible necesita de 6 a 9 meses y el resultado final, hasta 12 meses. Elithair ofrece 20 a\u00f1os de garant\u00eda sobre el pelo trasplantado. Sobre la t\u00e9cnica de extracci\u00f3n <a href=\"\/es\/trasplante-capilar-fue\/\">FUE<\/a> y su combinaci\u00f3n con el DHI encontrar\u00e1 los detalles en las p\u00e1ginas de cada t\u00e9cnica.<\/p>\n\n\n\n<div style=\"border-left:4px solid #0079F1;padding:0 0 0 14px;margin:26px 0\">\n<p style=\"margin:0 0 8px;color:#013366;font-weight:700;font-size:16px\">Qu\u00e9 deber\u00eda llevar al asesoramiento<\/p>\n<ul style=\"margin:0 0 12px;padding:0;color:#2e3033;list-style:none\">\n<li style=\"position:relative;padding:3px 0 3px 24px\"><span style=\"position:absolute;left:0;top:3px;color:#0079F1;font-weight:700\">&#10003;<\/span>El valor actual de HbA1c junto con la evoluci\u00f3n de los \u00faltimos 12 meses<\/li>\n<li style=\"position:relative;padding:3px 0 3px 24px\"><span style=\"position:absolute;left:0;top:3px;color:#0079F1;font-weight:700\">&#10003;<\/span>El plan de medicaci\u00f3n completo, incluidas la insulina y los preparados anticoagulantes<\/li>\n<li style=\"position:relative;padding:3px 0 3px 24px\"><span style=\"position:absolute;left:0;top:3px;color:#0079F1;font-weight:700\">&#10003;<\/span>Una valoraci\u00f3n del equipo que trata su diabetes sobre su aptitud para la intervenci\u00f3n<\/li>\n<\/ul>\n<p style=\"margin:0;color:#2e3033;font-size:15px\">Quien no consiga reunir estas tres cosas todav\u00eda no est\u00e1 en la fase en la que un trasplante sea la pregunta correcta. Entonces lo primero es el ajuste metab\u00f3lico.<\/p>\n<\/div>\n\n\n\n<h2 class=\"wp-block-heading\">Evaluaci\u00f3n de Elithair sobre el trasplante capilar en personas con diabetes<\/h2>\n\n\n\n<figure class=\"wp-block-image size-full\"><img decoding=\"async\" src=\"https:\/\/elithair.com\/es\/wp-content\/uploads\/sites\/5\/2026\/08\/bestand_97299.png\" alt=\"El doctor Balwi, de Elithair, realiza pruebas en su laboratorio\" class=\"wp-image-92150\"\/><\/figure>\n\n\n\n<p class=\"wp-block-paragraph\">Junto a los estudios publicados cuenta lo que se ve en el trabajo diario. Hemos reunido nuestra experiencia con pacientes con diabetes tipo 1 y tipo 2 y hemos extra\u00eddo de ah\u00ed los puntos que realmente marcan la diferencia en el proceso. Es experiencia cl\u00ednica de nuestra propia pr\u00e1ctica, no un estudio controlado, y as\u00ed es exactamente como la presentamos.<\/p>\n\n\n\n<h3 class=\"wp-block-heading\">Antecedentes y objetivo de la evaluaci\u00f3n<\/h3>\n\n\n\n<p class=\"wp-block-paragraph\">La evaluaci\u00f3n de Elithair se ocupa de c\u00f3mo se pueden realizar trasplantes capilares de forma segura y con \u00e9xito en personas con diabetes. El foco estuvo en identificar las necesidades particulares de este grupo de pacientes y en desarrollar recomendaciones aplicables para el estudio previo y el seguimiento.<\/p>\n\n\n\n<p class=\"wp-block-paragraph\">La diabetes plantea retos espec\u00edficos, como los trastornos circulatorios y un mayor riesgo de problemas de cicatrizaci\u00f3n, que deben tenerse en cuenta en las intervenciones quir\u00fargicas.<\/p>\n\n\n\n<h3 class=\"wp-block-heading\">Planteamiento: \u00bfc\u00f3mo se realiz\u00f3 la evaluaci\u00f3n?<\/h3>\n\n\n\n<p class=\"wp-block-paragraph\">La evaluaci\u00f3n analiz\u00f3 un grupo heterog\u00e9neo de pacientes con diabetes tipo 1 y tipo 2. Antes del trasplante capilar se realiz\u00f3 una anamnesis completa, centrada en el control gluc\u00e9mico (valor de HbA1c), las enfermedades acompa\u00f1antes y el estado f\u00edsico general.<\/p>\n\n\n\n<p class=\"wp-block-paragraph\">En el marco de la evaluaci\u00f3n se aplicaron exclusivamente m\u00e9todos modernos como la <a href=\"\/es\/trasplante-capilar-fue\/\">t\u00e9cnica FUE (Follicular Unit Extraction)<\/a> , por ser m\u00ednimamente invasiva y permitir una cicatrizaci\u00f3n m\u00e1s r\u00e1pida, combinada con la implantaci\u00f3n DHI. Se hizo seguimiento de los participantes durante varios meses para documentar la evoluci\u00f3n de la cicatrizaci\u00f3n, las posibles complicaciones y la satisfacci\u00f3n con los resultados.<\/p>\n\n\n\n<h3 class=\"wp-block-heading\">Observaciones importantes de la evaluaci\u00f3n<\/h3>\n\n\n\n<ol class=\"wp-block-list\">\n<li><strong>La importancia del valor de HbA1c.<\/strong> Una glucemia estable (valor de HbA1c) fue el factor m\u00e1s importante para el \u00e9xito del trasplante capilar. Los pacientes con un valor por debajo del 7 % presentaron una cicatrizaci\u00f3n claramente mejor y un menor riesgo de complicaciones. Ese umbral coincide con la evidencia quir\u00fargica general sobre el control gluc\u00e9mico perioperatorio (Lai et al. 2022).<\/li>\n<li><strong>Las t\u00e9cnicas modernas permiten mejores resultados.<\/strong> La t\u00e9cnica FUE result\u00f3 especialmente ventajosa en personas con diabetes. Permite resultados precisos en la zona donante, una p\u00e9rdida m\u00ednima de sangre y un tiempo de recuperaci\u00f3n m\u00e1s corto.<\/li>\n<li><strong>Valoraci\u00f3n del riesgo y preparaci\u00f3n preoperatoria.<\/strong> La evaluaci\u00f3n subraya la importancia de una valoraci\u00f3n individual del riesgo antes del trasplante capilar. Incluye estudios m\u00e9dicos completos y una coordinaci\u00f3n cuidadosa con el endocrin\u00f3logo.<\/li>\n<li><strong>Beneficios psicol\u00f3gicos.<\/strong> Adem\u00e1s de la mejora est\u00e9tica, muchos pacientes refirieron un aumento de su confianza y una mejor calidad de vida tras el trasplante capilar. Es una impresi\u00f3n subjetiva, no un valor medido.<\/li>\n<\/ol>\n\n\n\n<h3 class=\"wp-block-heading\">Resultado: el trasplante capilar en la diabetes es seguro con la preparaci\u00f3n adecuada<\/h3>\n\n\n\n<p class=\"wp-block-paragraph\">Esta evaluaci\u00f3n muestra que los trasplantes capilares pueden realizarse de forma segura y eficaz en pacientes con diabetes si se tienen en cuenta sus necesidades particulares. Son decisivos un control gluc\u00e9mico estable y un seguimiento cuidadoso de la cicatrizaci\u00f3n tras la intervenci\u00f3n.<\/p>\n\n\n\n<p class=\"wp-block-paragraph\">Lo que no es decisivo, en cambio, es la tendencia al sangrado. Esa preocupaci\u00f3n, extendida en textos antiguos, no tiene fundamento: la diabetes act\u00faa m\u00e1s bien favoreciendo la coagulaci\u00f3n. La atenci\u00f3n corresponde a la cicatrizaci\u00f3n y al riesgo de infecci\u00f3n, y ambas cosas dependen de la glucemia.<\/p>\n\n\n\n<p class=\"wp-block-paragraph\">Para apoyar el proceso de cicatrizaci\u00f3n se emplea la terapia con PRP, porque se le atribuye favorecer la regeneraci\u00f3n y mejorar el riego; el nivel de evidencia al respecto es, como se ha descrito arriba, moderado y no se ha estudiado espec\u00edficamente en la diabetes. Un control estrecho de las constantes vitales y un seguimiento dirigido son esenciales para detectar y tratar a tiempo posibles complicaciones.<\/p>\n\n\n\n<p class=\"wp-block-paragraph\">La evaluaci\u00f3n subraya la importancia de un plan de tratamiento personalizado que tenga en cuenta la duraci\u00f3n de la diabetes, los valores de glucemia y los factores generales de salud. Con este enfoque se pueden minimizar los riesgos y mejorar las probabilidades de \u00e9xito de un trasplante capilar en personas con diabetes.<\/p>\n\n\n\n<div style=\"background:#f6f9fc;border:1px solid #dbe4f0;border-radius:12px;padding:18px 20px;margin:26px 0\">\n<p style=\"margin:0 0 8px;color:#013366;font-weight:700;font-size:16px\">Nuestra valoraci\u00f3n cl\u00ednica a partir del an\u00e1lisis capilar<\/p>\n<p style=\"margin:0 0 10px;color:#2e3033;font-size:15px;line-height:1.6\">En la diabetes miramos en el an\u00e1lisis capilar primero dos cosas: el patr\u00f3n de la ca\u00edda y la evoluci\u00f3n de la HbA1c. Si hay un afinamiento uniforme por toda la cabeza y el metabolismo no es estable, el siguiente paso no es el trasplante, sino el control gluc\u00e9mico. Si adem\u00e1s existe un patr\u00f3n androgen\u00e9tico claro, ambas cosas se planifican por separado.<\/p>\n<p style=\"margin:0;color:#6b7280;font-size:13px;font-style:italic\">Observaci\u00f3n cl\u00ednica de la pr\u00e1ctica de asesoramiento, no un resultado de estudio.<\/p>\n<\/div>\n\n\n\n<h2 class=\"wp-block-heading\">Preguntas frecuentes sobre diabetes y ca\u00edda del cabello<\/h2>\n\n\n\n<div>\n<div style=\"border:1px solid #e3e8ef;border-radius:10px;padding:16px;margin-bottom:12px\">\n<p style=\"margin:0 0 8px;color:#013366;font-weight:600;font-size:17px;line-height:1.4\">\u00bfVuelve a crecer el pelo con diabetes y cu\u00e1nto tarda?<\/p>\n<p style=\"margin:0;color:#2e3033;line-height:1.65\">En la ca\u00edda difusa de origen metab\u00f3lico, por regla general s\u00ed: un efluvio tel\u00f3geno agudo revierte por s\u00ed solo en torno al 95 % de los casos en cuanto se elimina el desencadenante (StatPearls). La ca\u00edda remite al cabo de 1 o 2 meses, los primeros pelos nuevos aparecen a los 5 o 6 meses y el aumento visible de densidad, a los 9 a 12 meses. Una parte androgen\u00e9tica no vuelve a crecer con lo dem\u00e1s.<\/p>\n<\/div>\n<div style=\"border:1px solid #e3e8ef;border-radius:10px;padding:16px;margin-bottom:12px\">\n<p style=\"margin:0 0 8px;color:#013366;font-weight:600;font-size:17px;line-height:1.4\">\u00bfLa metformina provoca ca\u00edda del cabello?<\/p>\n<p style=\"margin:0;color:#2e3033;line-height:1.65\">No; no hay una relaci\u00f3n directa demostrada y la alopecia no figura como efecto adverso en las fichas t\u00e9cnicas. Lo que s\u00ed est\u00e1 documentado es un rodeo: en tratamientos prolongados, la metformina reduce la absorci\u00f3n de vitamina B12 y, seg\u00fan la MHRA (2022), un nivel bajo de B12 afecta hasta a 1 de cada 10 personas con dosis altas o uso prolongado. Un d\u00e9ficit de B12 puede favorecer la ca\u00edda del cabello. Por eso conviene hacerse controlar la B12 y no suspender la metformina por cuenta propia.<\/p>\n<\/div>\n<div style=\"border:1px solid #e3e8ef;border-radius:10px;padding:16px;margin-bottom:12px\">\n<p style=\"margin:0 0 8px;color:#013366;font-weight:600;font-size:17px;line-height:1.4\">\u00bfQu\u00e9 es el \u00edndice HOMA y a partir de cu\u00e1ndo es llamativo?<\/p>\n<p style=\"margin:0;color:#2e3033;line-height:1.65\">El \u00edndice HOMA (HOMA-IR) estima la resistencia a la insulina a partir de la insulina y la glucosa en ayunas; la f\u00f3rmula es la insulina multiplicada por la glucosa y dividida entre 405. Como normal suele considerarse de 0,7 a 2,0. En el punto de corte la literatura no es uniforme: se usan en paralelo 1,9, 2,5 o 2,7, y ninguna sociedad cient\u00edfica ha ratificado un umbral. Es una prueba metab\u00f3lica, no una prueba de ca\u00edda del cabello.<\/p>\n<\/div>\n<div style=\"border:1px solid #e3e8ef;border-radius:10px;padding:16px;margin-bottom:12px\">\n<p style=\"margin:0 0 8px;color:#013366;font-weight:600;font-size:17px;line-height:1.4\">\u00bfQu\u00e9 valor de HbA1c es relevante para el cabello?<\/p>\n<p style=\"margin:0;color:#2e3033;line-height:1.65\">En la literatura no existe un umbral propio para el cabello. Como orientaci\u00f3n sirve el intervalo objetivo general: las gu\u00edas recomiendan para la diabetes tipo 2 objetivos individualizados de entre el 6,5 % y el 7,5 %, y la ADA indica en sus Standards of Care 2026 valores por debajo del 7 % para la mayor\u00eda de los adultos. Antes de una intervenci\u00f3n quir\u00fargica se busca un valor por debajo del 7 %, porque la cicatrizaci\u00f3n se beneficia de ello.<\/p>\n<\/div>\n<div style=\"border:1px solid #e3e8ef;border-radius:10px;padding:16px;margin-bottom:12px\">\n<p style=\"margin:0 0 8px;color:#013366;font-weight:600;font-size:17px;line-height:1.4\">\u00bfPuede la resistencia a la insulina favorecer la ca\u00edda del cabello sin diabetes?<\/p>\n<p style=\"margin:0;color:#2e3033;line-height:1.65\">Los estudios muestran la asociaci\u00f3n ya sin diabetes manifiesta, es decir, en el rango de la prediabetes. En un estudio de casos y controles con 200 hombres de entre 18 y 35 a\u00f1os hab\u00eda resistencia a la insulina en el 18 % de los hombres con ca\u00edda de inicio precoz frente al 4 % de los controles (Erden et al. 2025). Es una acumulaci\u00f3n estad\u00edstica, no una prueba de causalidad. La resistencia a la insulina aparece tambi\u00e9n con un peso corporal normal.<\/p>\n<\/div>\n<div style=\"border:1px solid #e3e8ef;border-radius:10px;padding:16px;margin-bottom:12px\">\n<p style=\"margin:0 0 8px;color:#013366;font-weight:600;font-size:17px;line-height:1.4\">\u00bfPor qu\u00e9 pica el cuero cabelludo con diabetes?<\/p>\n<p style=\"margin:0;color:#2e3033;line-height:1.65\">El picor cr\u00f3nico afecta, seg\u00fan el estudio, a entre el 18,4 % y el 30,9 % de las personas con diabetes tipo 2. La causa m\u00e1s frecuente es la piel seca (xerosis, el 64 % de los afectados en una cohorte de 249 pacientes), seguida de las infecciones por hongos (16 %). A ello se suman las se\u00f1ales nerviosas err\u00f3neas en la neuropat\u00eda de fibra fina. El picor en s\u00ed no provoca ca\u00edda del cabello, pero rascarse de forma continuada puede agravarla.<\/p>\n<\/div>\n<\/div>\n\n\n\n<figure class=\"wp-block-image size-full\"><img decoding=\"async\" src=\"https:\/\/elithair.com\/es\/wp-content\/uploads\/sites\/5\/2026\/08\/bestand_97300.png\" alt=\"Un m\u00e9dico con una pluma de insulina asesora a un paciente con diabetes\" class=\"wp-image-92151\"\/><\/figure>\n\n\n\n<div>\n<div style=\"border:1px solid #e3e8ef;border-radius:10px;padding:16px;margin-bottom:12px\">\n<p style=\"margin:0 0 8px;color:#013366;font-weight:600;font-size:17px;line-height:1.4\">\u00bfQu\u00e9 m\u00e9dico se ocupa de la ca\u00edda del cabello y la diabetes?<\/p>\n<p style=\"margin:0;color:#2e3033;line-height:1.65\">La primera direcci\u00f3n es el m\u00e9dico de familia o el equipo de diabetes: all\u00ed se aclaran la HbA1c, el estado nutricional y las enfermedades acompa\u00f1antes. Ante placas redondas sin pelo o un cuero cabelludo inflamado o infectado, entra la dermatolog\u00eda. Las mujeres con sospecha de SOP est\u00e1n en buenas manos en ginecolog\u00eda o endocrinolog\u00eda. Un an\u00e1lisis capilar en una cl\u00ednica capilar aclara el patr\u00f3n de la ca\u00edda, pero no sustituye a ninguna de estas valoraciones.<\/p>\n<\/div>\n<div style=\"border:1px solid #e3e8ef;border-radius:10px;padding:16px;margin-bottom:12px\">\n<p style=\"margin:0 0 8px;color:#013366;font-weight:600;font-size:17px;line-height:1.4\">\u00bfQu\u00e9 precauciones especiales deben tener las personas con diabetes antes, durante y despu\u00e9s de un trasplante capilar?<\/p>\n<p style=\"margin:0;color:#2e3033;line-height:1.65\">Antes de un trasplante capilar, las personas con diabetes deber\u00edan asegurarse de que su glucemia es estable y est\u00e1 bien controlada. Una colaboraci\u00f3n estrecha con el m\u00e9dico que las trata es esencial para minimizar riesgos como las infecciones o una cicatrizaci\u00f3n retardada. Durante la intervenci\u00f3n es importante vigilar la glucemia de forma continua, con pausas y mediciones en las sesiones largas. Tras la operaci\u00f3n deber\u00edan seguir estrictamente las indicaciones de cuidado postoperatorio y acudir a las revisiones peri\u00f3dicas para acompa\u00f1ar de la mejor manera posible el proceso de cicatrizaci\u00f3n.<\/p>\n<\/div>\n<div style=\"border:1px solid #e3e8ef;border-radius:10px;padding:16px;margin-bottom:12px\">\n<p style=\"margin:0 0 8px;color:#013366;font-weight:600;font-size:17px;line-height:1.4\">\u00bfHay diferencias en la idoneidad para un trasplante capilar entre la diabetes tipo 1 y la tipo 2?<\/p>\n<p style=\"margin:0;color:#2e3033;line-height:1.65\">No decide el tipo, sino el control. No hay ninguna gu\u00eda ni ning\u00fan estudio que respalde un rechazo general en la diabetes tipo 1. En la pr\u00e1ctica, una intervenci\u00f3n larga en la tipo 1 necesita un plan de manejo de la glucemia con mediciones, pausas y, si procede, un ajuste de la insulina por parte del equipo de diabetes. En la tipo 2 cuentan adem\u00e1s las enfermedades acompa\u00f1antes, como la afectaci\u00f3n renal o la insuficiencia card\u00edaca. Una valoraci\u00f3n m\u00e9dica individual es imprescindible en ambos casos para determinar la idoneidad en cada situaci\u00f3n concreta.<\/p>\n<\/div>\n<div style=\"border:1px solid #e3e8ef;border-radius:10px;padding:16px;margin-bottom:12px\">\n<p style=\"margin:0 0 8px;color:#013366;font-weight:600;font-size:17px;line-height:1.4\">\u00bfQu\u00e9 alternativas no quir\u00fargicas existen para las personas con diabetes que sufren ca\u00edda del cabello?<\/p>\n<p style=\"margin:0;color:#2e3033;line-height:1.65\">En primer lugar est\u00e1 el trabajo sobre la causa: llevar la glucemia al intervalo objetivo y corregir los d\u00e9ficits demostrados de ferritina, B12, zinc o vitamina D. Quienes no deseen una intervenci\u00f3n quir\u00fargica o no sean candidatos pueden adem\u00e1s considerar las siguientes opciones: las soluciones t\u00f3picas como el minoxidil pueden favorecer el crecimiento del cabello, aunque solo est\u00e1 demostrado en la alopecia androgen\u00e9tica; es importante consultar con un m\u00e9dico antes de iniciar un tratamiento as\u00ed. El PRP muestra en las revisiones una evidencia moderada sobre la densidad capilar, con estudios heterog\u00e9neos. Una alimentaci\u00f3n equilibrada, la actividad f\u00edsica regular y un manejo eficaz del estr\u00e9s pueden mejorar el estado general de salud y repercutir positivamente en el crecimiento del cabello.<\/p>\n<\/div>\n<div style=\"border:1px solid #e3e8ef;border-radius:10px;padding:16px;margin-bottom:12px\">\n<p style=\"margin:0 0 8px;color:#013366;font-weight:600;font-size:17px;line-height:1.4\">\u00bfC\u00f3mo influye un trasplante capilar en la evoluci\u00f3n a largo plazo de la ca\u00edda del cabello en personas con diabetes?<\/p>\n<p style=\"margin:0;color:#2e3033;line-height:1.65\">Un trasplante capilar exitoso puede mejorar claramente el aspecto en personas con diabetes. Sin embargo, la intervenci\u00f3n no influye en las causas subyacentes de la ca\u00edda. Por eso es posible que unas complicaciones diab\u00e9ticas no tratadas o en progresi\u00f3n sigan provocando p\u00e9rdida de cabello. Un control continuo de la glucemia y un estilo de vida saludable son decisivos para asegurar el \u00e9xito a largo plazo del trasplante y minimizar m\u00e1s ca\u00edda. Un resultado visible aparece a los 6 a 9 meses y el resultado final, hasta los 12 meses.<\/p>\n<\/div>\n<div style=\"border:1px solid #e3e8ef;border-radius:10px;padding:16px;margin-bottom:12px\">\n<p style=\"margin:0 0 8px;color:#013366;font-weight:600;font-size:17px;line-height:1.4\">\u00bfQu\u00e9 riesgos espec\u00edficos tienen las personas con diabetes en un trasplante capilar frente a quienes no la tienen?<\/p>\n<p style=\"margin:0;color:#2e3033;line-height:1.65\">Las personas con diabetes tienen un mayor riesgo de determinadas complicaciones en las intervenciones quir\u00fargicas, entre ellas: el riesgo de infecci\u00f3n, porque una posible afectaci\u00f3n del sistema inmunitario puede aumentar el riesgo de infecciones postoperatorias. Y una cicatrizaci\u00f3n retardada, porque una glucemia alta puede ralentizar los procesos de curaci\u00f3n, lo que alarga los tiempos de recuperaci\u00f3n. Un metan\u00e1lisis de 29 estudios aleatorizados con 14.126 pacientes hall\u00f3, con un buen control gluc\u00e9mico perioperatorio, claramente menos infecciones de la herida (raz\u00f3n de riesgo 0,63; Lai et al. 2022). No es cierta, en cambio, la mayor tendencia al sangrado que suele citarse: la diabetes se considera favorecedora de la coagulaci\u00f3n, no del sangrado. Por eso, una planificaci\u00f3n preoperatoria cuidadosa y un seguimiento postoperatorio son especialmente importantes en las personas con diabetes para minimizar estos riesgos.<\/p>\n<\/div>\n<\/div>\n\n\n\n<h2 class=\"wp-block-heading\">Conclusi\u00f3n<\/h2>\n\n\n\n<p class=\"wp-block-paragraph\">La ca\u00edda del cabello en la diabetes puede pesar, pero existen formas eficaces de reducirla y de favorecer el crecimiento del pelo. Un control gluc\u00e9mico estable, un estilo de vida saludable y unas medidas m\u00e9dicas dirigidas contribuyen de forma decisiva a <strong>frenar la ca\u00edda del cabello por diabetes<\/strong>.<\/p>\n\n\n\n<p class=\"wp-block-paragraph\">Lo que cuenta, y en este orden: llevar la HbA1c al intervalo objetivo, hacerse aclarar los ocho valores de la hoja de ruta, cerrar las lagunas nutricionales y no reducir el peso demasiado r\u00e1pido. En la tipo 1, adem\u00e1s, la tiroides y, ante placas redondas sin pelo, la dermatolog\u00eda. Solo despu\u00e9s tiene sentido plantearse la cuesti\u00f3n de los principios activos o de un trasplante.<\/p>\n\n\n\n<p class=\"wp-block-paragraph\">No espere si nota cambios: un diagn\u00f3stico precoz y un tratamiento dirigido marcan la diferencia. La <a href=\"\/es\/trasplante-capilar-clinica\/\">cl\u00ednica Elithair<\/a> ofrece un asesoramiento gratuito para encontrar la mejor soluci\u00f3n para usted. Antes de cualquier decisi\u00f3n est\u00e1 la aclaraci\u00f3n de la causa: el an\u00e1lisis de sangre previo comprueba si un trasplante es siquiera el tratamiento adecuado y, si el metabolismo no es estable, primero se trata.<\/p>\n\n\n<div class=\"wp-block-image\">\n<figure class=\"aligncenter size-large is-resized\" style=\"max-width:720px;margin-left:auto;margin-right:auto\"><img decoding=\"async\" src=\"https:\/\/elithair.com\/es\/wp-content\/uploads\/sites\/5\/2026\/08\/bewegung_alltag.png\" alt=\"Una pareja de unos cincuenta y cinco a\u00f1os camina a paso ligero por el parque, en l\u00ednea con la recomendaci\u00f3n de ejercicio en la diabetes\" class=\"wp-image-92148\" style=\"width:720px;max-width:100%;height:auto\"\/><\/figure>\n<\/div>\n\n\n<div class=\"wp-block-buttons is-content-justification-center is-layout-flex wp-container-core-buttons-is-layout-fe48e5de wp-block-buttons-is-layout-flex\" style=\"justify-content:center;margin-bottom:48px\">\n<div class=\"wp-block-button\"><a class=\"wp-block-button__link wp-element-button\" style=\"background-color:#0079F1;color:#ffffff;border-radius:8px;padding:15px 36px;font-weight:700;font-size:17px\" href=\"\/es\/analisis-capilar\/\">Iniciar el an\u00e1lisis capilar gratuito<\/a><\/div>\n<\/div>\n\n\n\n<h3 class=\"wp-block-heading\">Fuentes y actualidad<\/h3>\n\n\n\n<div style=\"background:#f6f9fc;border:1px solid #dbe4f0;border-radius:12px;padding:20px 22px;margin:26px 0\">\n<p style=\"margin:0 0 14px;color:#013366;font-weight:700;font-size:18px\">Fuentes cient\u00edficas<\/p>\n<ul style=\"margin:0;padding:0;list-style:none\">\n<li style=\"padding:9px 0;border-bottom:1px solid #eef1f5;color:#2e3033;font-size:14px;line-height:1.5\">Erden O, Yorulmaz A, Yalcin B: Increased Prevalence of Insulin Resistance and Metabolic Syndrome in Men With Early-Onset Androgenetic Alopecia. <em>Journal of Cosmetic Dermatology<\/em> (2025). <a href=\"https:\/\/onlinelibrary.wiley.com\/doi\/10.1111\/jocd.70458\" target=\"_blank\" rel=\"noopener\">Wiley Online Library<\/a><\/li>\n<li style=\"padding:9px 0;border-bottom:1px solid #eef1f5;color:#2e3033;font-size:14px;line-height:1.5\">Glycolipid and Hormonal Profiles in Young Men with Early-Onset Androgenetic Alopecia: un metan\u00e1lisis. <em>Scientific Reports<\/em> (2017). <a href=\"https:\/\/www.nature.com\/articles\/s41598-017-08528-3\" target=\"_blank\" rel=\"noopener\">Nature<\/a><\/li>\n<li style=\"padding:9px 0;border-bottom:1px solid #eef1f5;color:#2e3033;font-size:14px;line-height:1.5\">Risk factors for androgenetic alopecia: a systematic review and meta-analysis. <em>BMC Public Health<\/em> (2026). <a href=\"https:\/\/link.springer.com\/article\/10.1186\/s12889-026-26258-y\" target=\"_blank\" rel=\"noopener\">BMC Public Health<\/a><\/li>\n<li style=\"padding:9px 0;border-bottom:1px solid #eef1f5;color:#2e3033;font-size:14px;line-height:1.5\">StatPearls: Telogen Effluvium (umbrales, distribuci\u00f3n an\u00e1geno-tel\u00f3geno, remisi\u00f3n espont\u00e1nea). <a href=\"https:\/\/www.ncbi.nlm.nih.gov\/books\/NBK430848\/\" target=\"_blank\" rel=\"noopener\">NCBI Bookshelf<\/a><\/li>\n<li style=\"padding:9px 0;border-bottom:1px solid #eef1f5;color:#2e3033;font-size:14px;line-height:1.5\">Evaluation of chronic pruritus and associated skin findings in patients with diabetes mellitus (249 pacientes, xerosis 64 %). <a href=\"https:\/\/pmc.ncbi.nlm.nih.gov\/articles\/PMC10763738\/\" target=\"_blank\" rel=\"noopener\">PMC<\/a><\/li>\n<li style=\"padding:9px 0;border-bottom:1px solid #eef1f5;color:#2e3033;font-size:14px;line-height:1.5\">Itch in diabetes: a common underestimated problem (revisi\u00f3n de prevalencia). <a href=\"https:\/\/pmc.ncbi.nlm.nih.gov\/articles\/PMC9880781\/\" target=\"_blank\" rel=\"noopener\">PMC<\/a><\/li>\n<li style=\"padding:9px 0;border-bottom:1px solid #eef1f5;color:#2e3033;font-size:14px;line-height:1.5\">Comorbilidad autoinmune en la diabetes tipo 1: estudio transversal en 251 adultos (Hashimoto 16,3 %, anticuerpos anti-TPO 58,6 %). <a href=\"https:\/\/pmc.ncbi.nlm.nih.gov\/articles\/PMC9395765\/\" target=\"_blank\" rel=\"noopener\">PMC<\/a><\/li>\n<li style=\"padding:9px 0;border-bottom:1px solid #eef1f5;color:#2e3033;font-size:14px;line-height:1.5\">Lai et al.: metan\u00e1lisis de 29 estudios aleatorizados (n = 14.126) sobre control gluc\u00e9mico perioperatorio e infecciones de la herida (2022). <a href=\"https:\/\/pmc.ncbi.nlm.nih.gov\/articles\/PMC8990940\/\" target=\"_blank\" rel=\"noopener\">PMC<\/a><\/li>\n<li style=\"padding:9px 0;border-bottom:1px solid #eef1f5;color:#2e3033;font-size:14px;line-height:1.5\">Effects of Hyperglycemia and Diabetes Mellitus on Coagulation and Hemostasis (la diabetes es protromb\u00f3tica). <a href=\"https:\/\/www.ncbi.nlm.nih.gov\/pmc\/articles\/PMC8199251\/\" target=\"_blank\" rel=\"noopener\">PMC<\/a><\/li>\n<li style=\"padding:9px 0;border-bottom:1px solid #eef1f5;color:#2e3033;font-size:14px;line-height:1.5\">Drug Safety Update de la MHRA sobre la metformina y el control de la vitamina B12 (2022), citado a trav\u00e9s de una revisi\u00f3n en PMC. <a href=\"https:\/\/pmc.ncbi.nlm.nih.gov\/articles\/PMC12918417\/\" target=\"_blank\" rel=\"noopener\">PMC<\/a><\/li>\n<li style=\"padding:9px 0;border-bottom:1px solid #eef1f5;color:#2e3033;font-size:14px;line-height:1.5\">Sociedad Espa\u00f1ola de Diabetes: recomendaciones para el tratamiento farmacol\u00f3gico de la hiperglucemia en la diabetes tipo 2 (objetivos de HbA1c). <a href=\"https:\/\/www.sediabetes.org\/publicaciones\/publicaciones-sed\/recomendaciones-sed-para-el-tratamiento-farmacologico-de-la-hiperglucemia-en-la-diabetes-tipo-2\/\" target=\"_blank\" rel=\"noopener\">SED<\/a><\/li>\n<li style=\"padding:9px 0;border-bottom:1px solid #eef1f5;color:#2e3033;font-size:14px;line-height:1.5\">American Diabetes Association: Standards of Care in Diabetes 2026, cap\u00edtulo 6, Glycemic Goals. <a href=\"https:\/\/diabetesjournals.org\/care\/article\/49\/Supplement_1\/S132\/163927\/6-Glycemic-Goals-Hypoglycemia-and-Hyperglycemic\" target=\"_blank\" rel=\"noopener\">ADA<\/a><\/li>\n<li style=\"padding:9px 0;border-bottom:1px solid #eef1f5;color:#2e3033;font-size:14px;line-height:1.5\">Recomendaciones sobre el manejo cl\u00ednico de la alopecia areata, Actas Dermo-Sifiliogr\u00e1ficas (Academia Espa\u00f1ola de Dermatolog\u00eda y Venereolog\u00eda). <a href=\"https:\/\/www.actasdermo.org\/es-recomendaciones-sobre-el-manejo-clinico-articulo-S000173102300844X\" target=\"_blank\" rel=\"noopener\">AEDV<\/a><\/li>\n<li style=\"padding:9px 0;border-bottom:1px solid #eef1f5;color:#2e3033;font-size:14px;line-height:1.5\">Proporci\u00f3n de casos de diabetes sin diagnosticar: datos de vigilancia epidemiol\u00f3gica. <a href=\"https:\/\/www.ncbi.nlm.nih.gov\/pmc\/articles\/PMC10165910\/\" target=\"_blank\" rel=\"noopener\">PMC<\/a><\/li>\n<li style=\"padding:9px 0;border-bottom:1px solid #eef1f5;color:#2e3033;font-size:14px;line-height:1.5\">Wang et al.: The effects of advanced glycation end-products on skin. <em>Experimental Dermatology<\/em> (2024). <a href=\"https:\/\/onlinelibrary.wiley.com\/doi\/full\/10.1111\/exd.15065\" target=\"_blank\" rel=\"noopener\">Wiley Online Library<\/a><\/li>\n<li style=\"padding:9px 0;border-bottom:1px solid #eef1f5;color:#2e3033;font-size:14px;line-height:1.5\">Mayo Clinic: Minoxidil (v\u00eda oral), efectos adversos y advertencias. <a href=\"https:\/\/www.mayoclinic.org\/drugs-supplements\/minoxidil-oral-route\/description\/drg-20068757\" target=\"_blank\" rel=\"noopener\">Mayo Clinic<\/a><\/li>\n<li style=\"padding:9px 0;color:#2e3033;font-size:14px;line-height:1.5\">Mangal et al. (2024): metan\u00e1lisis de 132 estudios con 52.501 participantes sobre los d\u00e9ficits de micronutrientes en la diabetes tipo 2. Metan\u00e1lisis 2024<\/li>\n<\/ul>\n<p style=\"margin:16px 0 0;font-size:13px;color:#6b7280\">Actualizado: agosto de 2026. Las cifras y las referencias a las gu\u00edas se comprobaron en esa fecha.<\/p>\n<p style=\"margin:10px 0 0;font-size:13px;color:#6b7280;font-style:italic\">Este art\u00edculo tiene car\u00e1cter informativo y no sustituye un diagn\u00f3stico ni un tratamiento m\u00e9dicos. No modifique nunca por su cuenta los medicamentos para la diabetes; comente la ca\u00edda del cabello y sus valores de laboratorio con su m\u00e9dico de familia o con el equipo que trata su diabetes.<\/p>\n<\/div>\n\n\n\n<script type=\"application\/ld+json\">\n{\"@context\": \"https:\/\/schema.org\", \"@type\": \"FAQPage\", \"mainEntity\": [{\"@type\": \"Question\", \"name\": \"\u00bfVuelve a crecer el pelo con diabetes y cu\u00e1nto tarda?\", \"acceptedAnswer\": {\"@type\": \"Answer\", \"text\": \"En la ca\u00edda difusa de origen metab\u00f3lico, por regla general s\u00ed: un efluvio tel\u00f3geno agudo revierte por s\u00ed solo en torno al 95 % de los casos en cuanto se elimina el desencadenante (StatPearls). La ca\u00edda remite al cabo de 1 o 2 meses, los primeros pelos nuevos aparecen a los 5 o 6 meses y el aumento visible de densidad, a los 9 a 12 meses. Una parte androgen\u00e9tica no vuelve a crecer con lo dem\u00e1s.\"}}, {\"@type\": \"Question\", \"name\": \"\u00bfLa metformina provoca ca\u00edda del cabello?\", \"acceptedAnswer\": {\"@type\": \"Answer\", \"text\": \"No; no hay una relaci\u00f3n directa demostrada y la alopecia no figura como efecto adverso en las fichas t\u00e9cnicas. Lo que s\u00ed est\u00e1 documentado es un rodeo: en tratamientos prolongados, la metformina reduce la absorci\u00f3n de vitamina B12 y, seg\u00fan la MHRA (2022), un nivel bajo de B12 afecta hasta a 1 de cada 10 personas con dosis altas o uso prolongado. Un d\u00e9ficit de B12 puede favorecer la ca\u00edda del cabello. Por eso conviene hacerse controlar la B12 y no suspender la metformina por cuenta propia.\"}}, {\"@type\": \"Question\", \"name\": \"\u00bfQu\u00e9 es el \u00edndice HOMA y a partir de cu\u00e1ndo es llamativo?\", \"acceptedAnswer\": {\"@type\": \"Answer\", \"text\": \"El \u00edndice HOMA (HOMA-IR) estima la resistencia a la insulina a partir de la insulina y la glucosa en ayunas; la f\u00f3rmula es la insulina multiplicada por la glucosa y dividida entre 405. Como normal suele considerarse de 0,7 a 2,0. En el punto de corte la literatura no es uniforme: se usan en paralelo 1,9, 2,5 o 2,7, y ninguna sociedad cient\u00edfica ha ratificado un umbral. Es una prueba metab\u00f3lica, no una prueba de ca\u00edda del cabello.\"}}, {\"@type\": \"Question\", \"name\": \"\u00bfQu\u00e9 valor de HbA1c es relevante para el cabello?\", \"acceptedAnswer\": {\"@type\": \"Answer\", \"text\": \"En la literatura no existe un umbral propio para el cabello. Como orientaci\u00f3n sirve el intervalo objetivo general: las gu\u00edas recomiendan para la diabetes tipo 2 objetivos individualizados de entre el 6,5 % y el 7,5 %, y la ADA indica en sus Standards of Care 2026 valores por debajo del 7 % para la mayor\u00eda de los adultos. Antes de una intervenci\u00f3n quir\u00fargica se busca un valor por debajo del 7 %, porque la cicatrizaci\u00f3n se beneficia de ello.\"}}, {\"@type\": \"Question\", \"name\": \"\u00bfPuede la resistencia a la insulina favorecer la ca\u00edda del cabello sin diabetes?\", \"acceptedAnswer\": {\"@type\": \"Answer\", \"text\": \"Los estudios muestran la asociaci\u00f3n ya sin diabetes manifiesta, es decir, en el rango de la prediabetes. En un estudio de casos y controles con 200 hombres de entre 18 y 35 a\u00f1os hab\u00eda resistencia a la insulina en el 18 % de los hombres con ca\u00edda de inicio precoz frente al 4 % de los controles (Erden et al. 2025). Es una acumulaci\u00f3n estad\u00edstica, no una prueba de causalidad. La resistencia a la insulina aparece tambi\u00e9n con un peso corporal normal.\"}}, {\"@type\": \"Question\", \"name\": \"\u00bfPor qu\u00e9 pica el cuero cabelludo con diabetes?\", \"acceptedAnswer\": {\"@type\": \"Answer\", \"text\": \"El picor cr\u00f3nico afecta, seg\u00fan el estudio, a entre el 18,4 % y el 30,9 % de las personas con diabetes tipo 2. La causa m\u00e1s frecuente es la piel seca (xerosis, el 64 % de los afectados en una cohorte de 249 pacientes), seguida de las infecciones por hongos (16 %). A ello se suman las se\u00f1ales nerviosas err\u00f3neas en la neuropat\u00eda de fibra fina. El picor en s\u00ed no provoca ca\u00edda del cabello, pero rascarse de forma continuada puede agravarla.\"}}, {\"@type\": \"Question\", \"name\": \"\u00bfQu\u00e9 m\u00e9dico se ocupa de la ca\u00edda del cabello y la diabetes?\", \"acceptedAnswer\": {\"@type\": \"Answer\", \"text\": \"La primera direcci\u00f3n es el m\u00e9dico de familia o el equipo de diabetes: all\u00ed se aclaran la HbA1c, el estado nutricional y las enfermedades acompa\u00f1antes. Ante placas redondas sin pelo o un cuero cabelludo inflamado o infectado, entra la dermatolog\u00eda. Las mujeres con sospecha de SOP est\u00e1n en buenas manos en ginecolog\u00eda o endocrinolog\u00eda. Un an\u00e1lisis capilar en una cl\u00ednica capilar aclara el patr\u00f3n de la ca\u00edda, pero no sustituye a ninguna de estas valoraciones.\"}}, {\"@type\": \"Question\", \"name\": \"\u00bfQu\u00e9 precauciones especiales deben tener las personas con diabetes antes, durante y despu\u00e9s de un trasplante capilar?\", \"acceptedAnswer\": {\"@type\": \"Answer\", \"text\": \"Antes de un trasplante capilar, las personas con diabetes deber\u00edan asegurarse de que su glucemia es estable y est\u00e1 bien controlada. Una colaboraci\u00f3n estrecha con el m\u00e9dico que las trata es esencial para minimizar riesgos como las infecciones o una cicatrizaci\u00f3n retardada. Durante la intervenci\u00f3n es importante vigilar la glucemia de forma continua, con pausas y mediciones en las sesiones largas. Tras la operaci\u00f3n deber\u00edan seguir estrictamente las indicaciones de cuidado postoperatorio y acudir a las revisiones peri\u00f3dicas para acompa\u00f1ar de la mejor manera posible el proceso de cicatrizaci\u00f3n.\"}}, {\"@type\": \"Question\", \"name\": \"\u00bfHay diferencias en la idoneidad para un trasplante capilar entre la diabetes tipo 1 y la tipo 2?\", \"acceptedAnswer\": {\"@type\": \"Answer\", \"text\": \"No decide el tipo, sino el control. No hay ninguna gu\u00eda ni ning\u00fan estudio que respalde un rechazo general en la diabetes tipo 1. En la pr\u00e1ctica, una intervenci\u00f3n larga en la tipo 1 necesita un plan de manejo de la glucemia con mediciones, pausas y, si procede, un ajuste de la insulina por parte del equipo de diabetes. En la tipo 2 cuentan adem\u00e1s las enfermedades acompa\u00f1antes, como la afectaci\u00f3n renal o la insuficiencia card\u00edaca. Una valoraci\u00f3n m\u00e9dica individual es imprescindible en ambos casos para determinar la idoneidad en cada situaci\u00f3n concreta.\"}}, {\"@type\": \"Question\", \"name\": \"\u00bfQu\u00e9 alternativas no quir\u00fargicas existen para las personas con diabetes que sufren ca\u00edda del cabello?\", \"acceptedAnswer\": {\"@type\": \"Answer\", \"text\": \"En primer lugar est\u00e1 el trabajo sobre la causa: llevar la glucemia al intervalo objetivo y corregir los d\u00e9ficits demostrados de ferritina, B12, zinc o vitamina D. Quienes no deseen una intervenci\u00f3n quir\u00fargica o no sean candidatos pueden adem\u00e1s considerar las siguientes opciones: las soluciones t\u00f3picas como el minoxidil pueden favorecer el crecimiento del cabello, aunque solo est\u00e1 demostrado en la alopecia androgen\u00e9tica; es importante consultar con un m\u00e9dico antes de iniciar un tratamiento as\u00ed. El PRP muestra en las revisiones una evidencia moderada sobre la densidad capilar, con estudios heterog\u00e9neos. Una alimentaci\u00f3n equilibrada, la actividad f\u00edsica regular y un manejo eficaz del estr\u00e9s pueden mejorar el estado general de salud y repercutir positivamente en el crecimiento del cabello.\"}}, {\"@type\": \"Question\", \"name\": \"\u00bfC\u00f3mo influye un trasplante capilar en la evoluci\u00f3n a largo plazo de la ca\u00edda del cabello en personas con diabetes?\", \"acceptedAnswer\": {\"@type\": \"Answer\", \"text\": \"Un trasplante capilar exitoso puede mejorar claramente el aspecto en personas con diabetes. Sin embargo, la intervenci\u00f3n no influye en las causas subyacentes de la ca\u00edda. Por eso es posible que unas complicaciones diab\u00e9ticas no tratadas o en progresi\u00f3n sigan provocando p\u00e9rdida de cabello. Un control continuo de la glucemia y un estilo de vida saludable son decisivos para asegurar el \u00e9xito a largo plazo del trasplante y minimizar m\u00e1s ca\u00edda. Un resultado visible aparece a los 6 a 9 meses y el resultado final, hasta los 12 meses.\"}}, {\"@type\": \"Question\", \"name\": \"\u00bfQu\u00e9 riesgos espec\u00edficos tienen las personas con diabetes en un trasplante capilar frente a quienes no la tienen?\", \"acceptedAnswer\": {\"@type\": \"Answer\", \"text\": \"Las personas con diabetes tienen un mayor riesgo de determinadas complicaciones en las intervenciones quir\u00fargicas, entre ellas: el riesgo de infecci\u00f3n, porque una posible afectaci\u00f3n del sistema inmunitario puede aumentar el riesgo de infecciones postoperatorias. Y una cicatrizaci\u00f3n retardada, porque una glucemia alta puede ralentizar los procesos de curaci\u00f3n, lo que alarga los tiempos de recuperaci\u00f3n. Un metan\u00e1lisis de 29 estudios aleatorizados con 14.126 pacientes hall\u00f3, con un buen control gluc\u00e9mico perioperatorio, claramente menos infecciones de la herida (raz\u00f3n de riesgo 0,63; Lai et al. 2022). No es cierta, en cambio, la mayor tendencia al sangrado que suele citarse: la diabetes se considera favorecedora de la coagulaci\u00f3n, no del sangrado. Por eso, una planificaci\u00f3n preoperatoria cuidadosa y un seguimiento postoperatorio son especialmente importantes en las personas con diabetes para minimizar estos riesgos.\"}}]}\n<\/script>\n\n\n\n<p class=\"wp-block-paragraph\">Temas relacionados de nuestro grupo de art\u00edculos sobre la ca\u00edda del cabello: <a href=\"\/es\/trasplante-capilar-blog\/caida-difusa-del-cabello\/\">ca\u00edda difusa del cabello<\/a>, <a href=\"\/es\/trasplante-capilar-blog\/deficiencia-de-hierro-caida-del-cabello\/\">d\u00e9ficit de hierro y ca\u00edda del cabello<\/a>, <a href=\"\/es\/trasplante-capilar-blog\/vitaminas-caida-del-cabello\/\">vitaminas contra la ca\u00edda del cabello<\/a> y <a href=\"\/es\/trasplante-capilar-blog\/tiroides-caida-del-cabello\/\">ca\u00edda del cabello y tiroides<\/a>. En cuanto a medicamentos: ca\u00edda del cabello con Ozempic.<\/p>\n\n","protected":false},"excerpt":{"rendered":"<p>M\u00e1s pelo en el cepillo y, en la \u00faltima consulta, la HbA1c demasiado alta: la relaci\u00f3n entre la diabetes y la ca\u00edda del cabello es real, aunque casi siempre distinta de lo que se supone. La ca\u00edda del cabello asociada a la diabetes suele ser difusa repartida por toda la cabeza, y remite a lo [&hellip;]<\/p>\n","protected":false},"author":10,"featured_media":91876,"comment_status":"closed","ping_status":"closed","sticky":false,"template":"","format":"standard","meta":{"_acf_changed":false,"_yoast_wpseo_meta-robots-noindex":"","_yoast_wpseo_meta-robots-nofollow":"","_yoast_wpseo_meta-robots-adv":"","_yoast_wpseo_canonical":"https:\/\/elithair.com\/es\/trasplante-capilar-blog\/diabetes-y-caida-del-cabello\/","_yoast_wpseo_opengraph-title":"","_yoast_wpseo_opengraph-description":"","_yoast_wpseo_opengraph-image":"","_yoast_wpseo_twitter-title":"","_yoast_wpseo_twitter-description":"","_yoast_wpseo_twitter-image":"","_hm_hreflang_map":{"de":49955,"en":91610,"es":91872,"fr":101238,"it":107657,"pt":89717,"tr":83299,"uk":95633,"x_default":91610},"_hm_language_code":"es","footnotes":""},"categories":[6],"tags":[],"class_list":["post-91872","post","type-post","status-publish","format-standard","has-post-thumbnail","hentry","category-caida-del-cabello"],"acf":[],"yoast_head":"<!-- This site is optimized with the Yoast SEO Premium plugin v28.3 (Yoast SEO v28.3) - https:\/\/yoast.com\/product\/yoast-seo-premium-wordpress\/ -->\n<title>Diabetes y ca\u00edda del cabello: c\u00f3mo saber si la glucemia es la causa y qu\u00e9 hacer<\/title>\n<meta name=\"description\" content=\"Diabetes y ca\u00edda del cabello: por qu\u00e9 la glucemia cuesta pelo, qu\u00e9 papel juega la resistencia a la insulina y qu\u00e9 valores conviene que le analicen.\" \/>\n<meta name=\"robots\" content=\"index, follow, max-snippet:-1, max-image-preview:large, max-video-preview:-1\" \/>\n<link rel=\"canonical\" href=\"https:\/\/elithair.com\/es\/trasplante-capilar-blog\/diabetes-y-caida-del-cabello\/\" \/>\n<meta property=\"og:locale\" content=\"es_ES\" \/>\n<meta property=\"og:type\" content=\"article\" \/>\n<meta property=\"og:title\" content=\"Diabetes y ca\u00edda del cabello: causas, resistencia a la insulina y qu\u00e9 ayuda de verdad\" \/>\n<meta property=\"og:description\" content=\"Diabetes y ca\u00edda del cabello: por qu\u00e9 la glucemia cuesta pelo, qu\u00e9 papel juega la resistencia a la insulina y qu\u00e9 valores conviene que le analicen.\" \/>\n<meta property=\"og:url\" content=\"https:\/\/elithair.com\/es\/trasplante-capilar-blog\/diabetes-y-caida-del-cabello\/\" \/>\n<meta property=\"og:site_name\" content=\"Elithair\" \/>\n<meta property=\"article:publisher\" content=\"https:\/\/www.facebook.com\/elithairtransplantspanish\" \/>\n<meta property=\"article:published_time\" content=\"2026-08-29T12:37:54+00:00\" \/>\n<meta property=\"og:image\" content=\"https:\/\/elithair.com\/es\/wp-content\/uploads\/sites\/5\/2026\/08\/bestand_97298.png\" \/>\n<meta name=\"author\" content=\"Dr. Imad Moustafa\" \/>\n<meta name=\"twitter:card\" content=\"summary_large_image\" \/>\n<meta name=\"twitter:label1\" content=\"Escrito por\" \/>\n\t<meta name=\"twitter:data1\" content=\"Dr. Imad Moustafa\" \/>\n\t<meta name=\"twitter:label2\" content=\"Tiempo de lectura\" \/>\n\t<meta name=\"twitter:data2\" content=\"70 minutos\" \/>\n<script type=\"application\/ld+json\" class=\"yoast-schema-graph\">{\"@context\":\"https:\\\/\\\/schema.org\",\"@graph\":[{\"@type\":\"Article\",\"@id\":\"https:\\\/\\\/elithair.com\\\/es\\\/trasplante-capilar-blog\\\/diabetes-y-caida-del-cabello\\\/#article\",\"isPartOf\":{\"@id\":\"https:\\\/\\\/elithair.com\\\/es\\\/trasplante-capilar-blog\\\/diabetes-y-caida-del-cabello\\\/\"},\"author\":{\"name\":\"Dr. Imad Moustafa\",\"@id\":\"https:\\\/\\\/elithair.com\\\/es\\\/#\\\/schema\\\/person\\\/11ce37e83a6343e4c37edcd4b5498e41\"},\"headline\":\"Diabetes y ca\u00edda del cabello: causas, resistencia a la insulina y qu\u00e9 ayuda de verdad\",\"datePublished\":\"2026-08-29T12:37:54+00:00\",\"mainEntityOfPage\":{\"@id\":\"https:\\\/\\\/elithair.com\\\/es\\\/trasplante-capilar-blog\\\/diabetes-y-caida-del-cabello\\\/\"},\"wordCount\":13921,\"publisher\":{\"@id\":\"https:\\\/\\\/elithair.com\\\/es\\\/#organization\"},\"image\":{\"@id\":\"https:\\\/\\\/elithair.com\\\/es\\\/trasplante-capilar-blog\\\/diabetes-y-caida-del-cabello\\\/#primaryimage\"},\"thumbnailUrl\":\"https:\\\/\\\/elithair.com\\\/es\\\/wp-content\\\/uploads\\\/sites\\\/5\\\/2026\\\/08\\\/hero-8.png\",\"articleSection\":[\"Ca\u00edda del cabello\"],\"inLanguage\":\"es\"},{\"@type\":\"WebPage\",\"@id\":\"https:\\\/\\\/elithair.com\\\/es\\\/trasplante-capilar-blog\\\/diabetes-y-caida-del-cabello\\\/\",\"url\":\"https:\\\/\\\/elithair.com\\\/es\\\/trasplante-capilar-blog\\\/diabetes-y-caida-del-cabello\\\/\",\"name\":\"Diabetes y ca\u00edda del cabello: c\u00f3mo saber si la glucemia es la causa y qu\u00e9 hacer\",\"isPartOf\":{\"@id\":\"https:\\\/\\\/elithair.com\\\/es\\\/#website\"},\"primaryImageOfPage\":{\"@id\":\"https:\\\/\\\/elithair.com\\\/es\\\/trasplante-capilar-blog\\\/diabetes-y-caida-del-cabello\\\/#primaryimage\"},\"image\":{\"@id\":\"https:\\\/\\\/elithair.com\\\/es\\\/trasplante-capilar-blog\\\/diabetes-y-caida-del-cabello\\\/#primaryimage\"},\"thumbnailUrl\":\"https:\\\/\\\/elithair.com\\\/es\\\/wp-content\\\/uploads\\\/sites\\\/5\\\/2026\\\/08\\\/hero-8.png\",\"datePublished\":\"2026-08-29T12:37:54+00:00\",\"description\":\"Diabetes y ca\u00edda del cabello: por qu\u00e9 la glucemia cuesta pelo, qu\u00e9 papel juega la resistencia a la insulina y qu\u00e9 valores conviene que le analicen.\",\"breadcrumb\":{\"@id\":\"https:\\\/\\\/elithair.com\\\/es\\\/trasplante-capilar-blog\\\/diabetes-y-caida-del-cabello\\\/#breadcrumb\"},\"inLanguage\":\"es\",\"potentialAction\":[{\"@type\":\"ReadAction\",\"target\":[\"https:\\\/\\\/elithair.com\\\/es\\\/trasplante-capilar-blog\\\/diabetes-y-caida-del-cabello\\\/\"]}]},{\"@type\":\"ImageObject\",\"inLanguage\":\"es\",\"@id\":\"https:\\\/\\\/elithair.com\\\/es\\\/trasplante-capilar-blog\\\/diabetes-y-caida-del-cabello\\\/#primaryimage\",\"url\":\"https:\\\/\\\/elithair.com\\\/es\\\/wp-content\\\/uploads\\\/sites\\\/5\\\/2026\\\/08\\\/hero-8.png\",\"contentUrl\":\"https:\\\/\\\/elithair.com\\\/es\\\/wp-content\\\/uploads\\\/sites\\\/5\\\/2026\\\/08\\\/hero-8.png\",\"width\":1536,\"height\":1024,\"caption\":\"Mann Ende vierzig betrachtet im Badezimmer eine Haarb\u00fcrste, daneben ein Blutzuckermessger\u00e4t\"},{\"@type\":\"BreadcrumbList\",\"@id\":\"https:\\\/\\\/elithair.com\\\/es\\\/trasplante-capilar-blog\\\/diabetes-y-caida-del-cabello\\\/#breadcrumb\",\"itemListElement\":[{\"@type\":\"ListItem\",\"position\":1,\"name\":\"Home\",\"item\":\"https:\\\/\\\/elithair.com\\\/es\\\/\"},{\"@type\":\"ListItem\",\"position\":2,\"name\":\"Diabetes y ca\u00edda del cabello: causas, resistencia a la insulina y qu\u00e9 ayuda de verdad\"}]},{\"@type\":\"WebSite\",\"@id\":\"https:\\\/\\\/elithair.com\\\/es\\\/#website\",\"url\":\"https:\\\/\\\/elithair.com\\\/es\\\/\",\"name\":\"Elithair\",\"description\":\"La mayor cl\u00ednica de Injerto Capilar en Turqu\u00eda\",\"publisher\":{\"@id\":\"https:\\\/\\\/elithair.com\\\/es\\\/#organization\"},\"alternateName\":\"la mejor cl\u00ednica de trasplante capilar en Turqu\u00eda\",\"potentialAction\":[{\"@type\":\"SearchAction\",\"target\":{\"@type\":\"EntryPoint\",\"urlTemplate\":\"https:\\\/\\\/elithair.com\\\/es\\\/?s={search_term_string}\"},\"query-input\":{\"@type\":\"PropertyValueSpecification\",\"valueRequired\":true,\"valueName\":\"search_term_string\"}}],\"inLanguage\":\"es\"},{\"@type\":\"Organization\",\"@id\":\"https:\\\/\\\/elithair.com\\\/es\\\/#organization\",\"name\":\"Elithair\",\"url\":\"https:\\\/\\\/elithair.com\\\/es\\\/\",\"logo\":{\"@type\":\"ImageObject\",\"inLanguage\":\"es\",\"@id\":\"https:\\\/\\\/elithair.com\\\/es\\\/#\\\/schema\\\/logo\\\/image\\\/\",\"url\":\"https:\\\/\\\/elithair.com\\\/es\\\/wp-content\\\/uploads\\\/sites\\\/5\\\/2026\\\/04\\\/elithair-logo-primary.svg\",\"contentUrl\":\"https:\\\/\\\/elithair.com\\\/es\\\/wp-content\\\/uploads\\\/sites\\\/5\\\/2026\\\/04\\\/elithair-logo-primary.svg\",\"width\":1,\"height\":1,\"caption\":\"Elithair\"},\"image\":{\"@id\":\"https:\\\/\\\/elithair.com\\\/es\\\/#\\\/schema\\\/logo\\\/image\\\/\"},\"sameAs\":[\"https:\\\/\\\/www.facebook.com\\\/elithairtransplantspanish\",\"https:\\\/\\\/instagram.com\\\/elithair.es\\\/\",\"https:\\\/\\\/www.tiktok.com\\\/@elithair.es?_t=8q2ySh9GNKy&_r=1\",\"https:\\\/\\\/www.youtube.com\\\/@elithair-trasplantecapilar4089\"]},{\"@type\":\"Person\",\"@id\":\"https:\\\/\\\/elithair.com\\\/es\\\/#\\\/schema\\\/person\\\/11ce37e83a6343e4c37edcd4b5498e41\",\"name\":\"Dr. Imad Moustafa\",\"image\":{\"@type\":\"ImageObject\",\"inLanguage\":\"es\",\"@id\":\"https:\\\/\\\/secure.gravatar.com\\\/avatar\\\/9190499f6f3008cd7da57b179f07bfea4b4e382c816ba3e0de68db0b5a70c07d?s=96&d=mm&r=g\",\"url\":\"https:\\\/\\\/secure.gravatar.com\\\/avatar\\\/9190499f6f3008cd7da57b179f07bfea4b4e382c816ba3e0de68db0b5a70c07d?s=96&d=mm&r=g\",\"contentUrl\":\"https:\\\/\\\/secure.gravatar.com\\\/avatar\\\/9190499f6f3008cd7da57b179f07bfea4b4e382c816ba3e0de68db0b5a70c07d?s=96&d=mm&r=g\",\"caption\":\"Dr. Imad Moustafa\"}}]}<\/script>\n<!-- \/ Yoast SEO Premium plugin. -->","yoast_head_json":{"title":"Diabetes y ca\u00edda del cabello: c\u00f3mo saber si la glucemia es la causa y qu\u00e9 hacer","description":"Diabetes y ca\u00edda del cabello: por qu\u00e9 la glucemia cuesta pelo, qu\u00e9 papel juega la resistencia a la insulina y qu\u00e9 valores conviene que le analicen.","robots":{"index":"index","follow":"follow","max-snippet":"max-snippet:-1","max-image-preview":"max-image-preview:large","max-video-preview":"max-video-preview:-1"},"canonical":"https:\/\/elithair.com\/es\/trasplante-capilar-blog\/diabetes-y-caida-del-cabello\/","og_locale":"es_ES","og_type":"article","og_title":"Diabetes y ca\u00edda del cabello: causas, resistencia a la insulina y qu\u00e9 ayuda de verdad","og_description":"Diabetes y ca\u00edda del cabello: por qu\u00e9 la glucemia cuesta pelo, qu\u00e9 papel juega la resistencia a la insulina y qu\u00e9 valores conviene que le analicen.","og_url":"https:\/\/elithair.com\/es\/trasplante-capilar-blog\/diabetes-y-caida-del-cabello\/","og_site_name":"Elithair","article_publisher":"https:\/\/www.facebook.com\/elithairtransplantspanish","article_published_time":"2026-08-29T12:37:54+00:00","og_image":[{"url":"https:\/\/elithair.com\/es\/wp-content\/uploads\/sites\/5\/2026\/08\/bestand_97298.png","type":"","width":"","height":""}],"author":"Dr. Imad Moustafa","twitter_card":"summary_large_image","twitter_misc":{"Escrito por":"Dr. Imad Moustafa","Tiempo de lectura":"70 minutos"},"schema":{"@context":"https:\/\/schema.org","@graph":[{"@type":"Article","@id":"https:\/\/elithair.com\/es\/trasplante-capilar-blog\/diabetes-y-caida-del-cabello\/#article","isPartOf":{"@id":"https:\/\/elithair.com\/es\/trasplante-capilar-blog\/diabetes-y-caida-del-cabello\/"},"author":{"name":"Dr. Imad Moustafa","@id":"https:\/\/elithair.com\/es\/#\/schema\/person\/11ce37e83a6343e4c37edcd4b5498e41"},"headline":"Diabetes y ca\u00edda del cabello: causas, resistencia a la insulina y qu\u00e9 ayuda de verdad","datePublished":"2026-08-29T12:37:54+00:00","mainEntityOfPage":{"@id":"https:\/\/elithair.com\/es\/trasplante-capilar-blog\/diabetes-y-caida-del-cabello\/"},"wordCount":13921,"publisher":{"@id":"https:\/\/elithair.com\/es\/#organization"},"image":{"@id":"https:\/\/elithair.com\/es\/trasplante-capilar-blog\/diabetes-y-caida-del-cabello\/#primaryimage"},"thumbnailUrl":"https:\/\/elithair.com\/es\/wp-content\/uploads\/sites\/5\/2026\/08\/hero-8.png","articleSection":["Ca\u00edda del cabello"],"inLanguage":"es"},{"@type":"WebPage","@id":"https:\/\/elithair.com\/es\/trasplante-capilar-blog\/diabetes-y-caida-del-cabello\/","url":"https:\/\/elithair.com\/es\/trasplante-capilar-blog\/diabetes-y-caida-del-cabello\/","name":"Diabetes y ca\u00edda del cabello: c\u00f3mo saber si la glucemia es la causa y qu\u00e9 hacer","isPartOf":{"@id":"https:\/\/elithair.com\/es\/#website"},"primaryImageOfPage":{"@id":"https:\/\/elithair.com\/es\/trasplante-capilar-blog\/diabetes-y-caida-del-cabello\/#primaryimage"},"image":{"@id":"https:\/\/elithair.com\/es\/trasplante-capilar-blog\/diabetes-y-caida-del-cabello\/#primaryimage"},"thumbnailUrl":"https:\/\/elithair.com\/es\/wp-content\/uploads\/sites\/5\/2026\/08\/hero-8.png","datePublished":"2026-08-29T12:37:54+00:00","description":"Diabetes y ca\u00edda del cabello: por qu\u00e9 la glucemia cuesta pelo, qu\u00e9 papel juega la resistencia a la insulina y qu\u00e9 valores conviene que le analicen.","breadcrumb":{"@id":"https:\/\/elithair.com\/es\/trasplante-capilar-blog\/diabetes-y-caida-del-cabello\/#breadcrumb"},"inLanguage":"es","potentialAction":[{"@type":"ReadAction","target":["https:\/\/elithair.com\/es\/trasplante-capilar-blog\/diabetes-y-caida-del-cabello\/"]}]},{"@type":"ImageObject","inLanguage":"es","@id":"https:\/\/elithair.com\/es\/trasplante-capilar-blog\/diabetes-y-caida-del-cabello\/#primaryimage","url":"https:\/\/elithair.com\/es\/wp-content\/uploads\/sites\/5\/2026\/08\/hero-8.png","contentUrl":"https:\/\/elithair.com\/es\/wp-content\/uploads\/sites\/5\/2026\/08\/hero-8.png","width":1536,"height":1024,"caption":"Mann Ende vierzig betrachtet im Badezimmer eine Haarb\u00fcrste, daneben ein Blutzuckermessger\u00e4t"},{"@type":"BreadcrumbList","@id":"https:\/\/elithair.com\/es\/trasplante-capilar-blog\/diabetes-y-caida-del-cabello\/#breadcrumb","itemListElement":[{"@type":"ListItem","position":1,"name":"Home","item":"https:\/\/elithair.com\/es\/"},{"@type":"ListItem","position":2,"name":"Diabetes y ca\u00edda del cabello: causas, resistencia a la insulina y qu\u00e9 ayuda de verdad"}]},{"@type":"WebSite","@id":"https:\/\/elithair.com\/es\/#website","url":"https:\/\/elithair.com\/es\/","name":"Elithair","description":"La mayor cl\u00ednica de Injerto Capilar en Turqu\u00eda","publisher":{"@id":"https:\/\/elithair.com\/es\/#organization"},"alternateName":"la mejor cl\u00ednica de trasplante capilar en Turqu\u00eda","potentialAction":[{"@type":"SearchAction","target":{"@type":"EntryPoint","urlTemplate":"https:\/\/elithair.com\/es\/?s={search_term_string}"},"query-input":{"@type":"PropertyValueSpecification","valueRequired":true,"valueName":"search_term_string"}}],"inLanguage":"es"},{"@type":"Organization","@id":"https:\/\/elithair.com\/es\/#organization","name":"Elithair","url":"https:\/\/elithair.com\/es\/","logo":{"@type":"ImageObject","inLanguage":"es","@id":"https:\/\/elithair.com\/es\/#\/schema\/logo\/image\/","url":"https:\/\/elithair.com\/es\/wp-content\/uploads\/sites\/5\/2026\/04\/elithair-logo-primary.svg","contentUrl":"https:\/\/elithair.com\/es\/wp-content\/uploads\/sites\/5\/2026\/04\/elithair-logo-primary.svg","width":1,"height":1,"caption":"Elithair"},"image":{"@id":"https:\/\/elithair.com\/es\/#\/schema\/logo\/image\/"},"sameAs":["https:\/\/www.facebook.com\/elithairtransplantspanish","https:\/\/instagram.com\/elithair.es\/","https:\/\/www.tiktok.com\/@elithair.es?_t=8q2ySh9GNKy&_r=1","https:\/\/www.youtube.com\/@elithair-trasplantecapilar4089"]},{"@type":"Person","@id":"https:\/\/elithair.com\/es\/#\/schema\/person\/11ce37e83a6343e4c37edcd4b5498e41","name":"Dr. Imad Moustafa","image":{"@type":"ImageObject","inLanguage":"es","@id":"https:\/\/secure.gravatar.com\/avatar\/9190499f6f3008cd7da57b179f07bfea4b4e382c816ba3e0de68db0b5a70c07d?s=96&d=mm&r=g","url":"https:\/\/secure.gravatar.com\/avatar\/9190499f6f3008cd7da57b179f07bfea4b4e382c816ba3e0de68db0b5a70c07d?s=96&d=mm&r=g","contentUrl":"https:\/\/secure.gravatar.com\/avatar\/9190499f6f3008cd7da57b179f07bfea4b4e382c816ba3e0de68db0b5a70c07d?s=96&d=mm&r=g","caption":"Dr. Imad Moustafa"}}]}},"_links":{"self":[{"href":"https:\/\/elithair.com\/es\/wp-json\/wp\/v2\/posts\/91872","targetHints":{"allow":["GET"]}}],"collection":[{"href":"https:\/\/elithair.com\/es\/wp-json\/wp\/v2\/posts"}],"about":[{"href":"https:\/\/elithair.com\/es\/wp-json\/wp\/v2\/types\/post"}],"author":[{"embeddable":true,"href":"https:\/\/elithair.com\/es\/wp-json\/wp\/v2\/users\/10"}],"replies":[{"embeddable":true,"href":"https:\/\/elithair.com\/es\/wp-json\/wp\/v2\/comments?post=91872"}],"version-history":[{"count":0,"href":"https:\/\/elithair.com\/es\/wp-json\/wp\/v2\/posts\/91872\/revisions"}],"wp:featuredmedia":[{"embeddable":true,"href":"https:\/\/elithair.com\/es\/wp-json\/wp\/v2\/media\/91876"}],"wp:attachment":[{"href":"https:\/\/elithair.com\/es\/wp-json\/wp\/v2\/media?parent=91872"}],"wp:term":[{"taxonomy":"category","embeddable":true,"href":"https:\/\/elithair.com\/es\/wp-json\/wp\/v2\/categories?post=91872"},{"taxonomy":"post_tag","embeddable":true,"href":"https:\/\/elithair.com\/es\/wp-json\/wp\/v2\/tags?post=91872"}],"curies":[{"name":"wp","href":"https:\/\/api.w.org\/{rel}","templated":true}]}}