{"id":91871,"date":"2026-08-29T14:36:39","date_gmt":"2026-08-29T12:36:39","guid":{"rendered":"https:\/\/elithair.com\/es\/trasplante-capilar-blog\/analisis-sangre-caida-cabello\/"},"modified":"2026-08-29T14:36:39","modified_gmt":"2026-08-29T12:36:39","slug":"analisis-sangre-caida-cabello","status":"publish","type":"post","link":"https:\/\/elithair.com\/es\/trasplante-capilar-blog\/analisis-sangre-caida-cabello\/","title":{"rendered":"Valores sangu\u00edneos en la ca\u00edda del cabello: qu\u00e9 an\u00e1lisis tienen sentido"},"content":{"rendered":"\n<div style=\"border-left:4px solid #0079F1;padding:0 0 0 14px;margin:0 0 26px\">\n<p style=\"margin:0 0 14px;color:#2e3033;font-size:17px;line-height:1.65\">Quien acude al m\u00e9dico por una ca\u00edda del cabello quiere saber sobre todo dos cosas: qu\u00e9 valores sangu\u00edneos conviene medir y qu\u00e9 significan las cifras del informe. Los m\u00e1s informativos son seis: hemograma, ferritina, PCR, TSH, 25-OH-vitamina D y zinc. Aclaran las causas tratables de una ca\u00edda difusa. En cambio, la forma m\u00e1s frecuente, la alopecia androgen\u00e9tica, no se detecta en la sangre. Este art\u00edculo repasa uno a uno cada valor, con rangos orientativos, factores de interferencia y fuentes, actualizado a 2026.<\/p>\n<p style=\"margin:0 0 8px;color:#013366;font-weight:700;font-size:16px\">Lo esencial en breve<\/p>\n<ul style=\"margin:0 0 14px;padding:0;color:#2e3033;list-style:none\">\n<li style=\"position:relative;padding:3px 0 3px 24px\"><span style=\"position:absolute;left:0;top:3px;color:#0079F1;font-weight:700\">&#10003;<\/span>El panel b\u00e1sico en la ca\u00edda difusa consta de hemograma, ferritina, PCR, TSH, 25-OH-vitamina D y zinc<\/li>\n<li style=\"position:relative;padding:3px 0 3px 24px\"><span style=\"position:absolute;left:0;top:3px;color:#0079F1;font-weight:700\">&#10003;<\/span>La ferritina es el valor aislado m\u00e1s importante, y \u00abdentro del rango de referencia\u00bb no significa aqu\u00ed autom\u00e1ticamente \u00ab\u00f3ptimo\u00bb<\/li>\n<li style=\"position:relative;padding:3px 0 3px 24px\"><span style=\"position:absolute;left:0;top:3px;color:#0079F1;font-weight:700\">&#10003;<\/span>Un hemograma completo no basta: la ferritina, la TSH, la vitamina D y el zinc no aparecen en \u00e9l<\/li>\n<li style=\"position:relative;padding:3px 0 3px 24px\"><span style=\"position:absolute;left:0;top:3px;color:#0079F1;font-weight:700\">&#10003;<\/span>En las mujeres, los valores hormonales son una decisi\u00f3n m\u00e9dica y dependen del momento del ciclo<\/li>\n<\/ul>\n<p style=\"margin:0;color:#2e3033\">El \u00edndice muestra d\u00f3nde encontrar cada cosa. Despu\u00e9s se detalla valor por valor, hasta la pregunta de qu\u00e9 hacer cuando todos los an\u00e1lisis salen normales y el cabello sigue cay\u00e9ndose. \u00bfYa tiene el informe del laboratorio delante? El <a href=\"#befund-uebersetzer\" style=\"color:#0079F1;font-weight:600\">traductor de informes<\/a> explica cada abreviatura, de la Hb al VCM y a los anticuerpos anti-TPO.<\/p>\n<\/div>\n\n\n\n<h2 class=\"wp-block-heading\">Qu\u00e9 aclara un an\u00e1lisis de sangre en la ca\u00edda del cabello y qu\u00e9 no puede aclarar<\/h2>\n\n\n\n<p class=\"wp-block-paragraph\"><strong>Un an\u00e1lisis de sangre en la ca\u00edda del cabello aclara los desencadenantes adquiridos y tratables: d\u00e9ficit de hierro, alteraci\u00f3n de la funci\u00f3n tiroidea, carencias nutricionales e inflamaci\u00f3n y, con menos frecuencia, causas hormonales o sist\u00e9micas. La alopecia androgen\u00e9tica no la puede ni demostrar ni descartar.<\/strong> Esta forma es un diagn\u00f3stico cl\u00ednico basado en la anamnesis, el patr\u00f3n de la ca\u00edda y la tricoscopia, tal y como expone de forma un\u00e1nime la literatura dermatol\u00f3gica.<\/p>\n\n\n\n<p class=\"wp-block-paragraph\">Dos t\u00e9rminos reaparecen a lo largo del art\u00edculo. La <strong>alopecia androgen\u00e9tica<\/strong> es la ca\u00edda hereditaria en la que los fol\u00edculos de la frente, las entradas y la coronilla reaccionan de forma sensible al andr\u00f3geno DHT y se van miniaturizando. El <strong>efluvio tel\u00f3geno<\/strong> es una ca\u00edda difusa en toda la cabeza en la que un n\u00famero inusual de fol\u00edculos pasa a la vez y de forma prematura a la fase de reposo.<\/p>\n\n\n\n<div style=\"border:1px solid #dbe4f0;border-radius:12px;padding:20px 22px;margin:0 0 26px;background:#f6f9fc\">\n<p style=\"margin:0 0 10px;color:#013366;font-weight:700;font-size:16px\">Valores sangu\u00edneos en la ca\u00edda del cabello: las seis ideas clave<\/p>\n<ol style=\"margin:0;padding:0 0 0 22px;color:#2e3033;line-height:1.6\">\n<li style=\"padding:4px 0\">Panel b\u00e1sico: hemograma, ferritina, PCR, TSH, 25-OH-vitamina D y zinc.<\/li>\n<li style=\"padding:4px 0\">La ferritina es el valor aislado m\u00e1s informativo en la ca\u00edda difusa.<\/li>\n<li style=\"padding:4px 0\">La PCR se pide siempre con ella, porque una inflamaci\u00f3n hace que la ferritina parezca falsamente alta.<\/li>\n<li style=\"padding:4px 0\">Un hemograma completo no incluye ni ferritina ni TSH, vitamina D o zinc.<\/li>\n<li style=\"padding:4px 0\">Los valores hormonales, solo tras la anamnesis y, en las mujeres, adem\u00e1s programados seg\u00fan el ciclo.<\/li>\n<li style=\"padding:4px 0\">Tras corregir un d\u00e9ficit suelen pasar de tres a seis meses hasta que la ca\u00edda remite.<\/li>\n<\/ol>\n<\/div>\n\n\n\n<p class=\"wp-block-paragraph\">Que los an\u00e1lisis no reflejen la alopecia androgen\u00e9tica no hace superflua la exploraci\u00f3n, al contrario. Precisamente porque el patr\u00f3n hereditario es tan frecuente, se pasa por alto la parte tratable. Una ca\u00edda difusa por d\u00e9ficit de hierro o por una alteraci\u00f3n tiroidea es reversible, y ambas cosas pueden coexistir: un patr\u00f3n hereditario m\u00e1s un componente difuso a\u00f1adido.<\/p>\n\n\n\n<p class=\"wp-block-paragraph\">Por eso es el patr\u00f3n el que decide cu\u00e1nto puede aportar el laboratorio: difusa en toda la cabeza significa laboratorio en primer plano; un patr\u00f3n en la frente y la coronilla, laboratorio en segundo plano; placas redondas sin pelo o un cuero cabelludo inflamado, dermat\u00f3logo en primer plano. Qu\u00e9 causas pueden estar detr\u00e1s lo explica el resumen sobre las <a href=\"\/es\/trasplante-capilar-blog\/cuales-son-las-diferentes-causas-y-tipos-de-alopecia\/\">causas de la ca\u00edda del cabello<\/a> en detalle.<\/p>\n\n\n\n<style>\n@media (max-width:640px){\n.rt-table-wrap{overflow-x:visible!important;border:0!important;border-radius:0!important}\n.rt-table{min-width:0!important}\n.rt-table thead{display:none}\n.rt-table,.rt-table tbody,.rt-table tr,.rt-table td{display:block;width:100%}\n.rt-table caption{display:block;padding:0 0 12px!important}\n.rt-table tr{margin:0 0 12px;border:1px solid #dbe4f0;border-radius:10px;overflow:hidden}\n.rt-table tr:last-child{margin-bottom:0}\n.rt-table td{display:flex!important;flex-direction:column;gap:3px;padding:12px 14px!important;\nborder:0!important;border-bottom:1px solid #e3e8ef!important;background:#ffffff!important}\n.rt-table tr td:last-child{border-bottom:0!important}\n.rt-table td::before{content:attr(data-label);font-size:12px;font-weight:700;letter-spacing:.04em;\ntext-transform:uppercase;color:#5799F1}\n.rt-table td:not([data-label])::before,.rt-table td[data-label=\"\"]::before{display:none}\n}\n<\/style>\n<div class=\"rt-table-wrap\" style=\"overflow-x:auto;-webkit-overflow-scrolling:touch;margin:28px 0;border:1px solid #dbe4f0;border-radius:12px\">\n  <table class=\"rt-table\" style=\"width:100%;min-width:620px;table-layout:fixed;border-collapse:separate;border-spacing:0;font-size:15px;margin:0\">\n    <caption style=\"caption-side:top;text-align:left;color:#003366;font-weight:700;font-size:16px;line-height:1.35;padding:14px 16px 10px;background:#ffffff\">Qu\u00e9 muestra un an\u00e1lisis de sangre en la ca\u00edda del cabello y qu\u00e9 no<\/caption>\n    <thead>\n      <tr>\n        <th style=\"width:22%;background:#003366;color:#ffffff;font-weight:700;text-align:left;vertical-align:middle;padding:13px 16px;font-size:15px;line-height:1.4;border:0;overflow-wrap:break-word\">Causa o forma<\/th>\n        <th style=\"background:#003366;color:#ffffff;font-weight:700;text-align:left;vertical-align:middle;padding:13px 16px;font-size:15px;line-height:1.4;border:0;overflow-wrap:break-word\">\u00bfSe detecta en la sangre?<\/th>\n        <th style=\"background:#003366;color:#ffffff;font-weight:700;text-align:left;vertical-align:middle;padding:13px 16px;font-size:15px;line-height:1.4;border:0;overflow-wrap:break-word\">C\u00f3mo se detecta en su lugar<\/th>\n      <\/tr>\n    <\/thead>\n    <tbody>\n      <tr>\n        <td data-label=\"Causa o forma\" style=\"background:#ffffff;color:#003366;font-weight:700;text-align:left;vertical-align:top;padding:13px 16px;font-size:15px;line-height:1.55;border:0;border-bottom:1px solid #e3e8ef;overflow-wrap:break-word\">D\u00e9ficit de hierro<\/td>\n        <td data-label=\"\u00bfSe detecta en la sangre?\" style=\"background:#ffffff;color:#22303e;font-weight:400;text-align:left;vertical-align:top;padding:13px 16px;font-size:15px;line-height:1.55;border:0;border-bottom:1px solid #e3e8ef;overflow-wrap:break-word\">S\u00ed, mediante la ferritina junto con la PCR<\/td>\n        <td data-label=\"C\u00f3mo se detecta en su lugar\" style=\"background:#ffffff;color:#22303e;font-weight:400;text-align:left;vertical-align:top;padding:13px 16px;font-size:15px;line-height:1.55;border:0;border-bottom:1px solid #e3e8ef;overflow-wrap:break-word\">An\u00e1lisis de sangre y, si la situaci\u00f3n no est\u00e1 clara, adem\u00e1s el \u00edndice de saturaci\u00f3n de transferrina<\/td>\n      <\/tr>\n      <tr>\n        <td data-label=\"Causa o forma\" style=\"background:#f6f9fc;color:#003366;font-weight:700;text-align:left;vertical-align:top;padding:13px 16px;font-size:15px;line-height:1.55;border:0;border-bottom:1px solid #e3e8ef;overflow-wrap:break-word\">Alteraci\u00f3n de la funci\u00f3n tiroidea<\/td>\n        <td data-label=\"\u00bfSe detecta en la sangre?\" style=\"background:#f6f9fc;color:#22303e;font-weight:400;text-align:left;vertical-align:top;padding:13px 16px;font-size:15px;line-height:1.55;border:0;border-bottom:1px solid #e3e8ef;overflow-wrap:break-word\">S\u00ed, mediante la TSH y, si es an\u00f3mala, T3 libre, T4 libre y anticuerpos anti-TPO<\/td>\n        <td data-label=\"C\u00f3mo se detecta en su lugar\" style=\"background:#f6f9fc;color:#22303e;font-weight:400;text-align:left;vertical-align:top;padding:13px 16px;font-size:15px;line-height:1.55;border:0;border-bottom:1px solid #e3e8ef;overflow-wrap:break-word\">An\u00e1lisis de sangre m\u00e1s exploraci\u00f3n cl\u00ednica<\/td>\n      <\/tr>\n      <tr>\n        <td data-label=\"Causa o forma\" style=\"background:#ffffff;color:#003366;font-weight:700;text-align:left;vertical-align:top;padding:13px 16px;font-size:15px;line-height:1.55;border:0;border-bottom:1px solid #e3e8ef;overflow-wrap:break-word\">D\u00e9ficit de vitamina D<\/td>\n        <td data-label=\"\u00bfSe detecta en la sangre?\" style=\"background:#ffffff;color:#22303e;font-weight:400;text-align:left;vertical-align:top;padding:13px 16px;font-size:15px;line-height:1.55;border:0;border-bottom:1px solid #e3e8ef;overflow-wrap:break-word\">S\u00ed, mediante la 25-OH-vitamina D<\/td>\n        <td data-label=\"C\u00f3mo se detecta en su lugar\" style=\"background:#ffffff;color:#22303e;font-weight:400;text-align:left;vertical-align:top;padding:13px 16px;font-size:15px;line-height:1.55;border:0;border-bottom:1px solid #e3e8ef;overflow-wrap:break-word\">An\u00e1lisis de sangre<\/td>\n      <\/tr>\n      <tr>\n        <td data-label=\"Causa o forma\" style=\"background:#f6f9fc;color:#003366;font-weight:700;text-align:left;vertical-align:top;padding:13px 16px;font-size:15px;line-height:1.55;border:0;border-bottom:1px solid #e3e8ef;overflow-wrap:break-word\">D\u00e9ficit de zinc<\/td>\n        <td data-label=\"\u00bfSe detecta en la sangre?\" style=\"background:#f6f9fc;color:#22303e;font-weight:400;text-align:left;vertical-align:top;padding:13px 16px;font-size:15px;line-height:1.55;border:0;border-bottom:1px solid #e3e8ef;overflow-wrap:break-word\">S\u00ed, mediante el zinc en suero o en sangre total<\/td>\n        <td data-label=\"C\u00f3mo se detecta en su lugar\" style=\"background:#f6f9fc;color:#22303e;font-weight:400;text-align:left;vertical-align:top;padding:13px 16px;font-size:15px;line-height:1.55;border:0;border-bottom:1px solid #e3e8ef;overflow-wrap:break-word\">An\u00e1lisis de sangre; el valor oscila a lo largo del d\u00eda<\/td>\n      <\/tr>\n      <tr>\n        <td data-label=\"Causa o forma\" style=\"background:#ffffff;color:#003366;font-weight:700;text-align:left;vertical-align:top;padding:13px 16px;font-size:15px;line-height:1.55;border:0;border-bottom:1px solid #e3e8ef;overflow-wrap:break-word\">Anemia<\/td>\n        <td data-label=\"\u00bfSe detecta en la sangre?\" style=\"background:#ffffff;color:#22303e;font-weight:400;text-align:left;vertical-align:top;padding:13px 16px;font-size:15px;line-height:1.55;border:0;border-bottom:1px solid #e3e8ef;overflow-wrap:break-word\">S\u00ed, mediante el hemograma y la hemoglobina<\/td>\n        <td data-label=\"C\u00f3mo se detecta en su lugar\" style=\"background:#ffffff;color:#22303e;font-weight:400;text-align:left;vertical-align:top;padding:13px 16px;font-size:15px;line-height:1.55;border:0;border-bottom:1px solid #e3e8ef;overflow-wrap:break-word\">An\u00e1lisis de sangre<\/td>\n      <\/tr>\n      <tr>\n        <td data-label=\"Causa o forma\" style=\"background:#f6f9fc;color:#003366;font-weight:700;text-align:left;vertical-align:top;padding:13px 16px;font-size:15px;line-height:1.55;border:0;border-bottom:1px solid #e3e8ef;overflow-wrap:break-word\">Inflamaci\u00f3n o infecci\u00f3n<\/td>\n        <td data-label=\"\u00bfSe detecta en la sangre?\" style=\"background:#f6f9fc;color:#22303e;font-weight:400;text-align:left;vertical-align:top;padding:13px 16px;font-size:15px;line-height:1.55;border:0;border-bottom:1px solid #e3e8ef;overflow-wrap:break-word\">S\u00ed, mediante la PCR y la f\u00f3rmula leucocitaria<\/td>\n        <td data-label=\"C\u00f3mo se detecta en su lugar\" style=\"background:#f6f9fc;color:#22303e;font-weight:400;text-align:left;vertical-align:top;padding:13px 16px;font-size:15px;line-height:1.55;border:0;border-bottom:1px solid #e3e8ef;overflow-wrap:break-word\">An\u00e1lisis de sangre m\u00e1s anamnesis<\/td>\n      <\/tr>\n      <tr>\n        <td data-label=\"Causa o forma\" style=\"background:#ffffff;color:#003366;font-weight:700;text-align:left;vertical-align:top;padding:13px 16px;font-size:15px;line-height:1.55;border:0;border-bottom:1px solid #e3e8ef;overflow-wrap:break-word\">D\u00e9ficit de vitamina B12<\/td>\n        <td data-label=\"\u00bfSe detecta en la sangre?\" style=\"background:#ffffff;color:#22303e;font-weight:400;text-align:left;vertical-align:top;padding:13px 16px;font-size:15px;line-height:1.55;border:0;border-bottom:1px solid #e3e8ef;overflow-wrap:break-word\">S\u00ed, mediante la B12 o la holotranscobalamina<\/td>\n        <td data-label=\"C\u00f3mo se detecta en su lugar\" style=\"background:#ffffff;color:#22303e;font-weight:400;text-align:left;vertical-align:top;padding:13px 16px;font-size:15px;line-height:1.55;border:0;border-bottom:1px solid #e3e8ef;overflow-wrap:break-word\">An\u00e1lisis de sangre; a menudo ya lo sugiere un VCM alto<\/td>\n      <\/tr>\n      <tr>\n        <td data-label=\"Causa o forma\" style=\"background:#f6f9fc;color:#003366;font-weight:700;text-align:left;vertical-align:top;padding:13px 16px;font-size:15px;line-height:1.55;border:0;border-bottom:1px solid #e3e8ef;overflow-wrap:break-word\">Alteraci\u00f3n hormonal en la mujer<\/td>\n        <td data-label=\"\u00bfSe detecta en la sangre?\" style=\"background:#f6f9fc;color:#22303e;font-weight:400;text-align:left;vertical-align:top;padding:13px 16px;font-size:15px;line-height:1.55;border:0;border-bottom:1px solid #e3e8ef;overflow-wrap:break-word\">S\u00ed, si hay s\u00edntomas compatibles, mediante un perfil hormonal seleccionado por el m\u00e9dico<\/td>\n        <td data-label=\"C\u00f3mo se detecta en su lugar\" style=\"background:#f6f9fc;color:#22303e;font-weight:400;text-align:left;vertical-align:top;padding:13px 16px;font-size:15px;line-height:1.55;border:0;border-bottom:1px solid #e3e8ef;overflow-wrap:break-word\">Anamnesis y estudio ginecol\u00f3gico, con el laboratorio como complemento<\/td>\n      <\/tr>\n      <tr>\n        <td data-label=\"Causa o forma\" style=\"background:#ffffff;color:#003366;font-weight:700;text-align:left;vertical-align:top;padding:13px 16px;font-size:15px;line-height:1.55;border:0;border-bottom:1px solid #e3e8ef;overflow-wrap:break-word\">Alopecia androgen\u00e9tica (hereditaria)<\/td>\n        <td data-label=\"\u00bfSe detecta en la sangre?\" style=\"background:#ffffff;color:#22303e;font-weight:400;text-align:left;vertical-align:top;padding:13px 16px;font-size:15px;line-height:1.55;border:0;border-bottom:1px solid #e3e8ef;overflow-wrap:break-word\">No<\/td>\n        <td data-label=\"C\u00f3mo se detecta en su lugar\" style=\"background:#ffffff;color:#22303e;font-weight:400;text-align:left;vertical-align:top;padding:13px 16px;font-size:15px;line-height:1.55;border:0;border-bottom:1px solid #e3e8ef;overflow-wrap:break-word\">Patr\u00f3n en la frente, las entradas y la coronilla, tricoscopia y anamnesis<\/td>\n      <\/tr>\n      <tr>\n        <td data-label=\"Causa o forma\" style=\"background:#f6f9fc;color:#003366;font-weight:700;text-align:left;vertical-align:top;padding:13px 16px;font-size:15px;line-height:1.55;border:0;border-bottom:1px solid #e3e8ef;overflow-wrap:break-word\">Alopecia areata (ca\u00edda en placas)<\/td>\n        <td data-label=\"\u00bfSe detecta en la sangre?\" style=\"background:#f6f9fc;color:#22303e;font-weight:400;text-align:left;vertical-align:top;padding:13px 16px;font-size:15px;line-height:1.55;border:0;border-bottom:1px solid #e3e8ef;overflow-wrap:break-word\">No<\/td>\n        <td data-label=\"C\u00f3mo se detecta en su lugar\" style=\"background:#f6f9fc;color:#22303e;font-weight:400;text-align:left;vertical-align:top;padding:13px 16px;font-size:15px;line-height:1.55;border:0;border-bottom:1px solid #e3e8ef;overflow-wrap:break-word\">Placas redondas visibles, tricoscopia y exploraci\u00f3n dermatol\u00f3gica<\/td>\n      <\/tr>\n      <tr>\n        <td data-label=\"Causa o forma\" style=\"background:#ffffff;color:#003366;font-weight:700;text-align:left;vertical-align:top;padding:13px 16px;font-size:15px;line-height:1.55;border:0;border-bottom:1px solid #e3e8ef;overflow-wrap:break-word\">Alopecia cicatricial<\/td>\n        <td data-label=\"\u00bfSe detecta en la sangre?\" style=\"background:#ffffff;color:#22303e;font-weight:400;text-align:left;vertical-align:top;padding:13px 16px;font-size:15px;line-height:1.55;border:0;border-bottom:1px solid #e3e8ef;overflow-wrap:break-word\">No<\/td>\n        <td data-label=\"C\u00f3mo se detecta en su lugar\" style=\"background:#ffffff;color:#22303e;font-weight:400;text-align:left;vertical-align:top;padding:13px 16px;font-size:15px;line-height:1.55;border:0;border-bottom:1px solid #e3e8ef;overflow-wrap:break-word\">Exploraci\u00f3n dermatol\u00f3gica y, ante la sospecha, biopsia del cuero cabelludo<\/td>\n      <\/tr>\n      <tr>\n        <td data-label=\"Causa o forma\" style=\"background:#f6f9fc;color:#003366;font-weight:700;text-align:left;vertical-align:top;padding:13px 16px;font-size:15px;line-height:1.55;border:0;border-bottom:1px solid #e3e8ef;overflow-wrap:break-word\">Alopecia por tracci\u00f3n<\/td>\n        <td data-label=\"\u00bfSe detecta en la sangre?\" style=\"background:#f6f9fc;color:#22303e;font-weight:400;text-align:left;vertical-align:top;padding:13px 16px;font-size:15px;line-height:1.55;border:0;border-bottom:1px solid #e3e8ef;overflow-wrap:break-word\">No<\/td>\n        <td data-label=\"C\u00f3mo se detecta en su lugar\" style=\"background:#f6f9fc;color:#22303e;font-weight:400;text-align:left;vertical-align:top;padding:13px 16px;font-size:15px;line-height:1.55;border:0;border-bottom:1px solid #e3e8ef;overflow-wrap:break-word\">Anamnesis sobre peinados y tensi\u00f3n sobre el cabello, exploraci\u00f3n de la l\u00ednea de implantaci\u00f3n<\/td>\n      <\/tr>\n      <tr>\n        <td data-label=\"Causa o forma\" style=\"background:#ffffff;color:#003366;font-weight:700;text-align:left;vertical-align:top;padding:13px 16px;font-size:15px;line-height:1.55;border:0;border-bottom:1px solid #e3e8ef;overflow-wrap:break-word\">Tricotiloman\u00eda<\/td>\n        <td data-label=\"\u00bfSe detecta en la sangre?\" style=\"background:#ffffff;color:#22303e;font-weight:400;text-align:left;vertical-align:top;padding:13px 16px;font-size:15px;line-height:1.55;border:0;border-bottom:1px solid #e3e8ef;overflow-wrap:break-word\">No<\/td>\n        <td data-label=\"C\u00f3mo se detecta en su lugar\" style=\"background:#ffffff;color:#22303e;font-weight:400;text-align:left;vertical-align:top;padding:13px 16px;font-size:15px;line-height:1.55;border:0;border-bottom:1px solid #e3e8ef;overflow-wrap:break-word\">Anamnesis e imagen t\u00edpica de pelos rotos de distinta longitud<\/td>\n      <\/tr>\n      <tr>\n        <td data-label=\"Causa o forma\" style=\"background:#f6f9fc;color:#003366;font-weight:700;text-align:left;vertical-align:top;padding:13px 16px;font-size:15px;line-height:1.55;border:0;overflow-wrap:break-word\">Desencadenante pasado, como una infecci\u00f3n, una dieta o una operaci\u00f3n<\/td>\n        <td data-label=\"\u00bfSe detecta en la sangre?\" style=\"background:#f6f9fc;color:#22303e;font-weight:400;text-align:left;vertical-align:top;padding:13px 16px;font-size:15px;line-height:1.55;border:0;overflow-wrap:break-word\">Solo de forma indirecta y a menudo ya no<\/td>\n        <td data-label=\"C\u00f3mo se detecta en su lugar\" style=\"background:#f6f9fc;color:#22303e;font-weight:400;text-align:left;vertical-align:top;padding:13px 16px;font-size:15px;line-height:1.55;border:0;overflow-wrap:break-word\">Anamnesis de los \u00faltimos dos a cuatro meses<\/td>\n      <\/tr>\n    <\/tbody>\n  <\/table>\n<\/div>\n\n\n<div class=\"wp-block-image\">\n<figure class=\"aligncenter size-large is-resized\" style=\"max-width:720px;margin-left:auto;margin-right:auto\"><img decoding=\"async\" src=\"https:\/\/elithair.com\/es\/wp-content\/uploads\/sites\/5\/2026\/08\/infografik_blut_zeigt__es.png\" alt=\"Infograf\u00eda: qu\u00e9 muestra un an\u00e1lisis de sangre en la ca\u00edda del cabello y qu\u00e9 no muestra\" class=\"wp-image-92128\" style=\"width:720px;max-width:100%;height:auto\"\/><\/figure>\n<\/div>\n\n\n<h3 class=\"wp-block-heading\">\u00bfSirve de algo medir la testosterona o la DHT?<\/h3>\n\n\n\n<p class=\"wp-block-paragraph\">No: en hombres con alopecia androgen\u00e9tica, medir la testosterona o la DHT en suero no aporta nada al diagn\u00f3stico. La alopecia androgen\u00e9tica se debe a la sensibilidad de los fol\u00edculos frente a la dihidrotestosterona, no a un nivel hormonal elevado en sangre. Seg\u00fan la literatura dermatol\u00f3gica, los hombres afectados suelen tener valores normales de testosterona y de DHT.<\/p>\n\n\n\n<p class=\"wp-block-paragraph\">De ah\u00ed se siguen las dos caras: un valor normal no descarta el diagn\u00f3stico y un valor alto no lo confirma. En las mujeres, en cambio, determinar los andr\u00f3genos s\u00ed tiene sentido, aunque por otro motivo. Busca un trastorno hormonal de base, como un s\u00edndrome de ovario poliqu\u00edstico, no la explicaci\u00f3n del patr\u00f3n de ca\u00edda.<\/p>\n\n\n\n<h2 class=\"wp-block-heading\">\u00bfQu\u00e9 valores sangu\u00edneos pedir en la ca\u00edda del cabello? La visi\u00f3n completa<\/h2>\n\n\n\n<p class=\"wp-block-paragraph\"><strong>El panel b\u00e1sico en la ca\u00edda del cabello consta de seis valores: hemograma con f\u00f3rmula leucocitaria, ferritina, PCR, TSH, 25-OH-vitamina D y zinc.<\/strong> Un panel ampliado se a\u00f1ade cuando el cuadro no est\u00e1 claro o la ca\u00edda persiste; los valores hormonales y la serolog\u00eda autoinmune solo se piden si la anamnesis lo justifica. Estos tres niveles son los que recogen las tablas siguientes, cada una con lo que indica el valor, cu\u00e1ndo tiene sentido y cu\u00e1l es su rango orientativo.<\/p>\n\n\n\n<style>\n@media (max-width:640px){\n.rt-table-wrap{overflow-x:visible!important;border:0!important;border-radius:0!important}\n.rt-table{min-width:0!important}\n.rt-table thead{display:none}\n.rt-table,.rt-table tbody,.rt-table tr,.rt-table td{display:block;width:100%}\n.rt-table caption{display:block;padding:0 0 12px!important}\n.rt-table tr{margin:0 0 12px;border:1px solid #dbe4f0;border-radius:10px;overflow:hidden}\n.rt-table tr:last-child{margin-bottom:0}\n.rt-table td{display:flex!important;flex-direction:column;gap:3px;padding:12px 14px!important;\nborder:0!important;border-bottom:1px solid #e3e8ef!important;background:#ffffff!important}\n.rt-table tr td:last-child{border-bottom:0!important}\n.rt-table td::before{content:attr(data-label);font-size:12px;font-weight:700;letter-spacing:.04em;\ntext-transform:uppercase;color:#5799F1}\n.rt-table td:not([data-label])::before,.rt-table td[data-label=\"\"]::before{display:none}\n}\n<\/style>\n<div class=\"rt-table-wrap\" style=\"overflow-x:auto;-webkit-overflow-scrolling:touch;margin:28px 0;border:1px solid #dbe4f0;border-radius:12px\">\n  <table class=\"rt-table\" style=\"width:100%;min-width:660px;table-layout:fixed;border-collapse:separate;border-spacing:0;font-size:15px;margin:0\">\n    <caption style=\"caption-side:top;text-align:left;color:#003366;font-weight:700;font-size:16px;line-height:1.35;padding:14px 16px 10px;background:#ffffff\">Nivel 1: el panel b\u00e1sico en la ca\u00edda del cabello<\/caption>\n    <thead>\n      <tr>\n        <th style=\"width:22%;background:#003366;color:#ffffff;font-weight:700;text-align:left;vertical-align:middle;padding:13px 16px;font-size:15px;line-height:1.4;border:0;overflow-wrap:break-word\">Valor<\/th>\n        <th style=\"background:#003366;color:#ffffff;font-weight:700;text-align:left;vertical-align:middle;padding:13px 16px;font-size:15px;line-height:1.4;border:0;overflow-wrap:break-word\">Qu\u00e9 indica<\/th>\n        <th style=\"background:#003366;color:#ffffff;font-weight:700;text-align:left;vertical-align:middle;padding:13px 16px;font-size:15px;line-height:1.4;border:0;overflow-wrap:break-word\">Cu\u00e1ndo tiene sentido<\/th>\n        <th style=\"background:#003366;color:#ffffff;font-weight:700;text-align:left;vertical-align:middle;padding:13px 16px;font-size:15px;line-height:1.4;border:0;overflow-wrap:break-word\">Rango orientativo<\/th>\n      <\/tr>\n    <\/thead>\n    <tbody>\n      <tr>\n        <td data-label=\"Valor\" style=\"background:#ffffff;color:#003366;font-weight:700;text-align:left;vertical-align:top;padding:13px 16px;font-size:15px;line-height:1.55;border:0;border-bottom:1px solid #e3e8ef;overflow-wrap:break-word\">Ferritina<\/td>\n        <td data-label=\"Qu\u00e9 indica\" style=\"background:#ffffff;color:#22303e;font-weight:400;text-align:left;vertical-align:top;padding:13px 16px;font-size:15px;line-height:1.55;border:0;border-bottom:1px solid #e3e8ef;overflow-wrap:break-word\">Nivel de llenado de los dep\u00f3sitos de hierro; a menudo llamativo antes incluso de que aparezca una anemia<\/td>\n        <td data-label=\"Cu\u00e1ndo tiene sentido\" style=\"background:#ffffff;color:#22303e;font-weight:400;text-align:left;vertical-align:top;padding:13px 16px;font-size:15px;line-height:1.55;border:0;border-bottom:1px solid #e3e8ef;overflow-wrap:break-word\">En toda ca\u00edda difusa, sobre todo en mujeres<\/td>\n        <td data-label=\"Rango orientativo\" style=\"background:#ffffff;color:#22303e;font-weight:400;text-align:left;vertical-align:top;padding:13px 16px;font-size:15px;line-height:1.55;border:0;border-bottom:1px solid #e3e8ef;overflow-wrap:break-word\">Se habla de d\u00e9ficit, seg\u00fan el laboratorio, por debajo de 15 a 30 \u00b5g\/l (equivalente a ng\/ml); los valores objetivo m\u00e1s altos para el cabello son objeto de debate cient\u00edfico, no una recomendaci\u00f3n de gu\u00eda cl\u00ednica<\/td>\n      <\/tr>\n      <tr>\n        <td data-label=\"Valor\" style=\"background:#f6f9fc;color:#003366;font-weight:700;text-align:left;vertical-align:top;padding:13px 16px;font-size:15px;line-height:1.55;border:0;border-bottom:1px solid #e3e8ef;overflow-wrap:break-word\">PCR (prote\u00edna C reactiva)<\/td>\n        <td data-label=\"Qu\u00e9 indica\" style=\"background:#f6f9fc;color:#22303e;font-weight:400;text-align:left;vertical-align:top;padding:13px 16px;font-size:15px;line-height:1.55;border:0;border-bottom:1px solid #e3e8ef;overflow-wrap:break-word\">Inflamaci\u00f3n en el organismo; destapa una ferritina falsamente alta<\/td>\n        <td data-label=\"Cu\u00e1ndo tiene sentido\" style=\"background:#f6f9fc;color:#22303e;font-weight:400;text-align:left;vertical-align:top;padding:13px 16px;font-size:15px;line-height:1.55;border:0;border-bottom:1px solid #e3e8ef;overflow-wrap:break-word\">Siempre junto con la ferritina<\/td>\n        <td data-label=\"Rango orientativo\" style=\"background:#f6f9fc;color:#22303e;font-weight:400;text-align:left;vertical-align:top;padding:13px 16px;font-size:15px;line-height:1.55;border:0;border-bottom:1px solid #e3e8ef;overflow-wrap:break-word\">Depende del laboratorio, consulte su propio informe<\/td>\n      <\/tr>\n      <tr>\n        <td data-label=\"Valor\" style=\"background:#ffffff;color:#003366;font-weight:700;text-align:left;vertical-align:top;padding:13px 16px;font-size:15px;line-height:1.55;border:0;border-bottom:1px solid #e3e8ef;overflow-wrap:break-word\">Hemograma con f\u00f3rmula leucocitaria<\/td>\n        <td data-label=\"Qu\u00e9 indica\" style=\"background:#ffffff;color:#22303e;font-weight:400;text-align:left;vertical-align:top;padding:13px 16px;font-size:15px;line-height:1.55;border:0;border-bottom:1px solid #e3e8ef;overflow-wrap:break-word\">Anemia, tama\u00f1o celular (VCM), indicios de inflamaci\u00f3n o de enfermedad hematol\u00f3gica<\/td>\n        <td data-label=\"Cu\u00e1ndo tiene sentido\" style=\"background:#ffffff;color:#22303e;font-weight:400;text-align:left;vertical-align:top;padding:13px 16px;font-size:15px;line-height:1.55;border:0;border-bottom:1px solid #e3e8ef;overflow-wrap:break-word\">Exploraci\u00f3n b\u00e1sica en una ca\u00edda de causa poco clara<\/td>\n        <td data-label=\"Rango orientativo\" style=\"background:#ffffff;color:#22303e;font-weight:400;text-align:left;vertical-align:top;padding:13px 16px;font-size:15px;line-height:1.55;border:0;border-bottom:1px solid #e3e8ef;overflow-wrap:break-word\">Depende del laboratorio, consulte su propio informe<\/td>\n      <\/tr>\n      <tr>\n        <td data-label=\"Valor\" style=\"background:#f6f9fc;color:#003366;font-weight:700;text-align:left;vertical-align:top;padding:13px 16px;font-size:15px;line-height:1.55;border:0;border-bottom:1px solid #e3e8ef;overflow-wrap:break-word\">TSH<\/td>\n        <td data-label=\"Qu\u00e9 indica\" style=\"background:#f6f9fc;color:#22303e;font-weight:400;text-align:left;vertical-align:top;padding:13px 16px;font-size:15px;line-height:1.55;border:0;border-bottom:1px solid #e3e8ef;overflow-wrap:break-word\">Hormona que regula la tiroides; responde tanto al hipotiroidismo como al hipertiroidismo<\/td>\n        <td data-label=\"Cu\u00e1ndo tiene sentido\" style=\"background:#f6f9fc;color:#22303e;font-weight:400;text-align:left;vertical-align:top;padding:13px 16px;font-size:15px;line-height:1.55;border:0;border-bottom:1px solid #e3e8ef;overflow-wrap:break-word\">En la ca\u00edda difusa y m\u00e1s a\u00fan si hay cansancio o cambios de peso o del ciclo<\/td>\n        <td data-label=\"Rango orientativo\" style=\"background:#f6f9fc;color:#22303e;font-weight:400;text-align:left;vertical-align:top;padding:13px 16px;font-size:15px;line-height:1.55;border:0;border-bottom:1px solid #e3e8ef;overflow-wrap:break-word\">A menudo se resume como 0,4 a 4,0 mU\/l (equivale a \u00b5UI\/ml); el l\u00edmite superior est\u00e1, seg\u00fan el laboratorio, entre 3,5 y 5,0 mU\/l<\/td>\n      <\/tr>\n      <tr>\n        <td data-label=\"Valor\" style=\"background:#ffffff;color:#003366;font-weight:700;text-align:left;vertical-align:top;padding:13px 16px;font-size:15px;line-height:1.55;border:0;border-bottom:1px solid #e3e8ef;overflow-wrap:break-word\">25-OH-vitamina D<\/td>\n        <td data-label=\"Qu\u00e9 indica\" style=\"background:#ffffff;color:#22303e;font-weight:400;text-align:left;vertical-align:top;padding:13px 16px;font-size:15px;line-height:1.55;border:0;border-bottom:1px solid #e3e8ef;overflow-wrap:break-word\">Aporte de vitamina D de las \u00faltimas semanas<\/td>\n        <td data-label=\"Cu\u00e1ndo tiene sentido\" style=\"background:#ffffff;color:#22303e;font-weight:400;text-align:left;vertical-align:top;padding:13px 16px;font-size:15px;line-height:1.55;border:0;border-bottom:1px solid #e3e8ef;overflow-wrap:break-word\">En la ca\u00edda difusa y con poca exposici\u00f3n solar<\/td>\n        <td data-label=\"Rango orientativo\" style=\"background:#ffffff;color:#22303e;font-weight:400;text-align:left;vertical-align:top;padding:13px 16px;font-size:15px;line-height:1.55;border:0;border-bottom:1px solid #e3e8ef;overflow-wrap:break-word\">A partir de 50 nmol\/l (20 ng\/ml) suficiente; 30 a 50 nmol\/l (12 a 20 ng\/ml) sub\u00f3ptimo; por debajo de 30 nmol\/l (12 ng\/ml) deficiencia (clasificaci\u00f3n del Institute of Medicine)<\/td>\n      <\/tr>\n      <tr>\n        <td data-label=\"Valor\" style=\"background:#f6f9fc;color:#003366;font-weight:700;text-align:left;vertical-align:top;padding:13px 16px;font-size:15px;line-height:1.55;border:0;overflow-wrap:break-word\">Zinc<\/td>\n        <td data-label=\"Qu\u00e9 indica\" style=\"background:#f6f9fc;color:#22303e;font-weight:400;text-align:left;vertical-align:top;padding:13px 16px;font-size:15px;line-height:1.55;border:0;overflow-wrap:break-word\">Aporte de zinc; baja tambi\u00e9n con la inflamaci\u00f3n<\/td>\n        <td data-label=\"Cu\u00e1ndo tiene sentido\" style=\"background:#f6f9fc;color:#22303e;font-weight:400;text-align:left;vertical-align:top;padding:13px 16px;font-size:15px;line-height:1.55;border:0;overflow-wrap:break-word\">En la ca\u00edda difusa, con alimentaci\u00f3n poco variada o con enfermedades intestinales<\/td>\n        <td data-label=\"Rango orientativo\" style=\"background:#f6f9fc;color:#22303e;font-weight:400;text-align:left;vertical-align:top;padding:13px 16px;font-size:15px;line-height:1.55;border:0;overflow-wrap:break-word\">En suero, seg\u00fan el m\u00e9todo, entre unos 9 y 21 \u00b5mol\/l o 75 y 140 \u00b5g\/dl<\/td>\n      <\/tr>\n    <\/tbody>\n  <\/table>\n<\/div>\n\n\n\n<p class=\"wp-block-paragraph\"><strong>Nivel 1, el panel b\u00e1sico:<\/strong> hemograma, ferritina, PCR, TSH, 25-OH-vitamina D y zinc. Esta combinaci\u00f3n cubre el d\u00e9ficit de hierro, la anemia, la inflamaci\u00f3n, la funci\u00f3n tiroidea y las dos carencias nutricionales m\u00e1s discutidas. Aparece descrita de forma pr\u00e1cticamente id\u00e9ntica en fuentes especializadas alemanas, brit\u00e1nicas, italianas y turcas, y constituye por tanto el n\u00facleo internacionalmente aceptado del an\u00e1lisis de sangre en la ca\u00edda del cabello. Que estos valores est\u00e9n cubiertos depende de la indicaci\u00f3n y no del par\u00e1metro concreto; d\u00f3nde pasa esa frontera se explica m\u00e1s abajo, en el apartado sobre la cobertura.<\/p>\n\n\n\n<style>\n@media (max-width:640px){\n.rt-table-wrap{overflow-x:visible!important;border:0!important;border-radius:0!important}\n.rt-table{min-width:0!important}\n.rt-table thead{display:none}\n.rt-table,.rt-table tbody,.rt-table tr,.rt-table td{display:block;width:100%}\n.rt-table caption{display:block;padding:0 0 12px!important}\n.rt-table tr{margin:0 0 12px;border:1px solid #dbe4f0;border-radius:10px;overflow:hidden}\n.rt-table tr:last-child{margin-bottom:0}\n.rt-table td{display:flex!important;flex-direction:column;gap:3px;padding:12px 14px!important;\nborder:0!important;border-bottom:1px solid #e3e8ef!important;background:#ffffff!important}\n.rt-table tr td:last-child{border-bottom:0!important}\n.rt-table td::before{content:attr(data-label);font-size:12px;font-weight:700;letter-spacing:.04em;\ntext-transform:uppercase;color:#5799F1}\n.rt-table td:not([data-label])::before,.rt-table td[data-label=\"\"]::before{display:none}\n}\n<\/style>\n<div class=\"rt-table-wrap\" style=\"overflow-x:auto;-webkit-overflow-scrolling:touch;margin:28px 0;border:1px solid #dbe4f0;border-radius:12px\">\n  <table class=\"rt-table\" style=\"width:100%;min-width:660px;table-layout:fixed;border-collapse:separate;border-spacing:0;font-size:15px;margin:0\">\n    <caption style=\"caption-side:top;text-align:left;color:#003366;font-weight:700;font-size:16px;line-height:1.35;padding:14px 16px 10px;background:#ffffff\">Nivel 2: panel ampliado cuando el cuadro no est\u00e1 claro o persiste<\/caption>\n    <thead>\n      <tr>\n        <th style=\"width:22%;background:#003366;color:#ffffff;font-weight:700;text-align:left;vertical-align:middle;padding:13px 16px;font-size:15px;line-height:1.4;border:0;overflow-wrap:break-word\">Valor<\/th>\n        <th style=\"background:#003366;color:#ffffff;font-weight:700;text-align:left;vertical-align:middle;padding:13px 16px;font-size:15px;line-height:1.4;border:0;overflow-wrap:break-word\">Qu\u00e9 indica<\/th>\n        <th style=\"background:#003366;color:#ffffff;font-weight:700;text-align:left;vertical-align:middle;padding:13px 16px;font-size:15px;line-height:1.4;border:0;overflow-wrap:break-word\">Cu\u00e1ndo tiene sentido<\/th>\n        <th style=\"background:#003366;color:#ffffff;font-weight:700;text-align:left;vertical-align:middle;padding:13px 16px;font-size:15px;line-height:1.4;border:0;overflow-wrap:break-word\">C\u00f3mo interpretarlo<\/th>\n      <\/tr>\n    <\/thead>\n    <tbody>\n      <tr>\n        <td data-label=\"Valor\" style=\"background:#ffffff;color:#003366;font-weight:700;text-align:left;vertical-align:top;padding:13px 16px;font-size:15px;line-height:1.55;border:0;border-bottom:1px solid #e3e8ef;overflow-wrap:break-word\">T3 libre y T4 libre<\/td>\n        <td data-label=\"Qu\u00e9 indica\" style=\"background:#ffffff;color:#22303e;font-weight:400;text-align:left;vertical-align:top;padding:13px 16px;font-size:15px;line-height:1.55;border:0;border-bottom:1px solid #e3e8ef;overflow-wrap:break-word\">Hormonas tiroideas libres; muestran la situaci\u00f3n metab\u00f3lica real<\/td>\n        <td data-label=\"Cu\u00e1ndo tiene sentido\" style=\"background:#ffffff;color:#22303e;font-weight:400;text-align:left;vertical-align:top;padding:13px 16px;font-size:15px;line-height:1.55;border:0;border-bottom:1px solid #e3e8ef;overflow-wrap:break-word\">Cuando la TSH es an\u00f3mala o persiste la sospecha cl\u00ednica<\/td>\n        <td data-label=\"C\u00f3mo interpretarlo\" style=\"background:#ffffff;color:#22303e;font-weight:400;text-align:left;vertical-align:top;padding:13px 16px;font-size:15px;line-height:1.55;border:0;border-bottom:1px solid #e3e8ef;overflow-wrap:break-word\">Se interpretan junto con la TSH, nunca de forma aislada<\/td>\n      <\/tr>\n      <tr>\n        <td data-label=\"Valor\" style=\"background:#f6f9fc;color:#003366;font-weight:700;text-align:left;vertical-align:top;padding:13px 16px;font-size:15px;line-height:1.55;border:0;border-bottom:1px solid #e3e8ef;overflow-wrap:break-word\">Anticuerpos anti-TPO<\/td>\n        <td data-label=\"Qu\u00e9 indica\" style=\"background:#f6f9fc;color:#22303e;font-weight:400;text-align:left;vertical-align:top;padding:13px 16px;font-size:15px;line-height:1.55;border:0;border-bottom:1px solid #e3e8ef;overflow-wrap:break-word\">Proceso autoinmune de la tiroides (tiroiditis de Hashimoto)<\/td>\n        <td data-label=\"Cu\u00e1ndo tiene sentido\" style=\"background:#f6f9fc;color:#22303e;font-weight:400;text-align:left;vertical-align:top;padding:13px 16px;font-size:15px;line-height:1.55;border:0;border-bottom:1px solid #e3e8ef;overflow-wrap:break-word\">Con una TSH an\u00f3mala o antecedentes familiares<\/td>\n        <td data-label=\"C\u00f3mo interpretarlo\" style=\"background:#f6f9fc;color:#22303e;font-weight:400;text-align:left;vertical-align:top;padding:13px 16px;font-size:15px;line-height:1.55;border:0;border-bottom:1px solid #e3e8ef;overflow-wrap:break-word\">Un valor positivo por s\u00ed solo todav\u00eda no es una enfermedad que deba tratarse<\/td>\n      <\/tr>\n      <tr>\n        <td data-label=\"Valor\" style=\"background:#ffffff;color:#003366;font-weight:700;text-align:left;vertical-align:top;padding:13px 16px;font-size:15px;line-height:1.55;border:0;border-bottom:1px solid #e3e8ef;overflow-wrap:break-word\">Vitamina B12 u holotranscobalamina<\/td>\n        <td data-label=\"Qu\u00e9 indica\" style=\"background:#ffffff;color:#22303e;font-weight:400;text-align:left;vertical-align:top;padding:13px 16px;font-size:15px;line-height:1.55;border:0;border-bottom:1px solid #e3e8ef;overflow-wrap:break-word\">Aporte de B12; la holo-TC refleja la fracci\u00f3n disponible para las c\u00e9lulas<\/td>\n        <td data-label=\"Cu\u00e1ndo tiene sentido\" style=\"background:#ffffff;color:#22303e;font-weight:400;text-align:left;vertical-align:top;padding:13px 16px;font-size:15px;line-height:1.55;border:0;border-bottom:1px solid #e3e8ef;overflow-wrap:break-word\">Con alimentaci\u00f3n vegetariana o vegana, VCM alto o enfermedades digestivas<\/td>\n        <td data-label=\"C\u00f3mo interpretarlo\" style=\"background:#ffffff;color:#22303e;font-weight:400;text-align:left;vertical-align:top;padding:13px 16px;font-size:15px;line-height:1.55;border:0;border-bottom:1px solid #e3e8ef;overflow-wrap:break-word\">La holotranscobalamina se considera m\u00e1s informativa que la B12 total<\/td>\n      <\/tr>\n      <tr>\n        <td data-label=\"Valor\" style=\"background:#f6f9fc;color:#003366;font-weight:700;text-align:left;vertical-align:top;padding:13px 16px;font-size:15px;line-height:1.55;border:0;border-bottom:1px solid #e3e8ef;overflow-wrap:break-word\">\u00c1cido f\u00f3lico<\/td>\n        <td data-label=\"Qu\u00e9 indica\" style=\"background:#f6f9fc;color:#22303e;font-weight:400;text-align:left;vertical-align:top;padding:13px 16px;font-size:15px;line-height:1.55;border:0;border-bottom:1px solid #e3e8ef;overflow-wrap:break-word\">Aporte de folato, importante para los tejidos que se dividen con rapidez<\/td>\n        <td data-label=\"Cu\u00e1ndo tiene sentido\" style=\"background:#f6f9fc;color:#22303e;font-weight:400;text-align:left;vertical-align:top;padding:13px 16px;font-size:15px;line-height:1.55;border:0;border-bottom:1px solid #e3e8ef;overflow-wrap:break-word\">Con eritrocitos grandes en el hemograma o alimentaci\u00f3n poco variada<\/td>\n        <td data-label=\"C\u00f3mo interpretarlo\" style=\"background:#f6f9fc;color:#22303e;font-weight:400;text-align:left;vertical-align:top;padding:13px 16px;font-size:15px;line-height:1.55;border:0;border-bottom:1px solid #e3e8ef;overflow-wrap:break-word\">Suele valorarse junto con la B12<\/td>\n      <\/tr>\n      <tr>\n        <td data-label=\"Valor\" style=\"background:#ffffff;color:#003366;font-weight:700;text-align:left;vertical-align:top;padding:13px 16px;font-size:15px;line-height:1.55;border:0;border-bottom:1px solid #e3e8ef;overflow-wrap:break-word\">\u00cdndice de saturaci\u00f3n de transferrina<\/td>\n        <td data-label=\"Qu\u00e9 indica\" style=\"background:#ffffff;color:#22303e;font-weight:400;text-align:left;vertical-align:top;padding:13px 16px;font-size:15px;line-height:1.55;border:0;border-bottom:1px solid #e3e8ef;overflow-wrap:break-word\">Proporci\u00f3n de la prote\u00edna transportadora cargada de hierro<\/td>\n        <td data-label=\"Cu\u00e1ndo tiene sentido\" style=\"background:#ffffff;color:#22303e;font-weight:400;text-align:left;vertical-align:top;padding:13px 16px;font-size:15px;line-height:1.55;border:0;border-bottom:1px solid #e3e8ef;overflow-wrap:break-word\">Cuando la ferritina y la cl\u00ednica no encajan<\/td>\n        <td data-label=\"C\u00f3mo interpretarlo\" style=\"background:#ffffff;color:#22303e;font-weight:400;text-align:left;vertical-align:top;padding:13px 16px;font-size:15px;line-height:1.55;border:0;border-bottom:1px solid #e3e8ef;overflow-wrap:break-word\">Por debajo del 20 % con una capacidad de fijaci\u00f3n del hierro alta puede indicar un d\u00e9ficit funcional de hierro<\/td>\n      <\/tr>\n      <tr>\n        <td data-label=\"Valor\" style=\"background:#f6f9fc;color:#003366;font-weight:700;text-align:left;vertical-align:top;padding:13px 16px;font-size:15px;line-height:1.55;border:0;border-bottom:1px solid #e3e8ef;overflow-wrap:break-word\">Funci\u00f3n hep\u00e1tica y renal<\/td>\n        <td data-label=\"Qu\u00e9 indica\" style=\"background:#f6f9fc;color:#22303e;font-weight:400;text-align:left;vertical-align:top;padding:13px 16px;font-size:15px;line-height:1.55;border:0;border-bottom:1px solid #e3e8ef;overflow-wrap:break-word\">Funciones b\u00e1sicas del h\u00edgado y del ri\u00f1\u00f3n<\/td>\n        <td data-label=\"Cu\u00e1ndo tiene sentido\" style=\"background:#f6f9fc;color:#22303e;font-weight:400;text-align:left;vertical-align:top;padding:13px 16px;font-size:15px;line-height:1.55;border:0;border-bottom:1px solid #e3e8ef;overflow-wrap:break-word\">Con molestias generales o medicaci\u00f3n cr\u00f3nica<\/td>\n        <td data-label=\"C\u00f3mo interpretarlo\" style=\"background:#f6f9fc;color:#22303e;font-weight:400;text-align:left;vertical-align:top;padding:13px 16px;font-size:15px;line-height:1.55;border:0;border-bottom:1px solid #e3e8ef;overflow-wrap:break-word\">En casos poco frecuentes explican tambi\u00e9n una ca\u00edda difusa<\/td>\n      <\/tr>\n      <tr>\n        <td data-label=\"Valor\" style=\"background:#ffffff;color:#003366;font-weight:700;text-align:left;vertical-align:top;padding:13px 16px;font-size:15px;line-height:1.55;border:0;border-bottom:1px solid #e3e8ef;overflow-wrap:break-word\">Glucosa o HbA1c<\/td>\n        <td data-label=\"Qu\u00e9 indica\" style=\"background:#ffffff;color:#22303e;font-weight:400;text-align:left;vertical-align:top;padding:13px 16px;font-size:15px;line-height:1.55;border:0;border-bottom:1px solid #e3e8ef;overflow-wrap:break-word\">Metabolismo del az\u00facar de las \u00faltimas semanas<\/td>\n        <td data-label=\"Cu\u00e1ndo tiene sentido\" style=\"background:#ffffff;color:#22303e;font-weight:400;text-align:left;vertical-align:top;padding:13px 16px;font-size:15px;line-height:1.55;border:0;border-bottom:1px solid #e3e8ef;overflow-wrap:break-word\">Con sobrepeso, alteraciones del ciclo o sospecha de un s\u00edndrome de ovario poliqu\u00edstico<\/td>\n        <td data-label=\"C\u00f3mo interpretarlo\" style=\"background:#ffffff;color:#22303e;font-weight:400;text-align:left;vertical-align:top;padding:13px 16px;font-size:15px;line-height:1.55;border:0;border-bottom:1px solid #e3e8ef;overflow-wrap:break-word\">Para la glucosa basal hay que acudir en ayunas<\/td>\n      <\/tr>\n      <tr>\n        <td data-label=\"Valor\" style=\"background:#f6f9fc;color:#003366;font-weight:700;text-align:left;vertical-align:top;padding:13px 16px;font-size:15px;line-height:1.55;border:0;overflow-wrap:break-word\">Selenio<\/td>\n        <td data-label=\"Qu\u00e9 indica\" style=\"background:#f6f9fc;color:#22303e;font-weight:400;text-align:left;vertical-align:top;padding:13px 16px;font-size:15px;line-height:1.55;border:0;overflow-wrap:break-word\">Aporte de selenio<\/td>\n        <td data-label=\"Cu\u00e1ndo tiene sentido\" style=\"background:#f6f9fc;color:#22303e;font-weight:400;text-align:left;vertical-align:top;padding:13px 16px;font-size:15px;line-height:1.55;border:0;overflow-wrap:break-word\">Solo ante una sospecha concreta<\/td>\n        <td data-label=\"C\u00f3mo interpretarlo\" style=\"background:#f6f9fc;color:#22303e;font-weight:400;text-align:left;vertical-align:top;padding:13px 16px;font-size:15px;line-height:1.55;border:0;overflow-wrap:break-word\">Un exceso puede provocar por s\u00ed mismo ca\u00edda del cabello, por eso nunca se toma a ciegas<\/td>\n      <\/tr>\n    <\/tbody>\n  <\/table>\n<\/div>\n\n\n\n<p class=\"wp-block-paragraph\"><strong>Nivel 2, ampliado:<\/strong> estos valores se a\u00f1aden cuando el panel b\u00e1sico sale normal pero la ca\u00edda difusa contin\u00faa, o cuando un hallazgo sigue necesitando explicaci\u00f3n. Un ejemplo de la pr\u00e1ctica: un \u00edndice de saturaci\u00f3n de transferrina por debajo del 20 % junto con una capacidad de fijaci\u00f3n del hierro elevada puede indicar un d\u00e9ficit funcional de hierro aunque la ferritina parezca \u00abnormal\u00bb.<\/p>\n\n\n\n<style>\n@media (max-width:640px){\n.rt-table-wrap{overflow-x:visible!important;border:0!important;border-radius:0!important}\n.rt-table{min-width:0!important}\n.rt-table thead{display:none}\n.rt-table,.rt-table tbody,.rt-table tr,.rt-table td{display:block;width:100%}\n.rt-table caption{display:block;padding:0 0 12px!important}\n.rt-table tr{margin:0 0 12px;border:1px solid #dbe4f0;border-radius:10px;overflow:hidden}\n.rt-table tr:last-child{margin-bottom:0}\n.rt-table td{display:flex!important;flex-direction:column;gap:3px;padding:12px 14px!important;\nborder:0!important;border-bottom:1px solid #e3e8ef!important;background:#ffffff!important}\n.rt-table tr td:last-child{border-bottom:0!important}\n.rt-table td::before{content:attr(data-label);font-size:12px;font-weight:700;letter-spacing:.04em;\ntext-transform:uppercase;color:#5799F1}\n.rt-table td:not([data-label])::before,.rt-table td[data-label=\"\"]::before{display:none}\n}\n<\/style>\n<div class=\"rt-table-wrap\" style=\"overflow-x:auto;-webkit-overflow-scrolling:touch;margin:28px 0;border:1px solid #dbe4f0;border-radius:12px\">\n  <table class=\"rt-table\" style=\"width:100%;min-width:620px;table-layout:fixed;border-collapse:separate;border-spacing:0;font-size:15px;margin:0\">\n    <caption style=\"caption-side:top;text-align:left;color:#003366;font-weight:700;font-size:16px;line-height:1.35;padding:14px 16px 10px;background:#ffffff\">Nivel 3: solo con indicaci\u00f3n m\u00e9dica<\/caption>\n    <thead>\n      <tr>\n        <th style=\"width:22%;background:#003366;color:#ffffff;font-weight:700;text-align:left;vertical-align:middle;padding:13px 16px;font-size:15px;line-height:1.4;border:0;overflow-wrap:break-word\">Valor<\/th>\n        <th style=\"background:#003366;color:#ffffff;font-weight:700;text-align:left;vertical-align:middle;padding:13px 16px;font-size:15px;line-height:1.4;border:0;overflow-wrap:break-word\">Qu\u00e9 indica<\/th>\n        <th style=\"background:#003366;color:#ffffff;font-weight:700;text-align:left;vertical-align:middle;padding:13px 16px;font-size:15px;line-height:1.4;border:0;overflow-wrap:break-word\">Cu\u00e1ndo lo solicita el m\u00e9dico<\/th>\n      <\/tr>\n    <\/thead>\n    <tbody>\n      <tr>\n        <td data-label=\"Valor\" style=\"background:#ffffff;color:#003366;font-weight:700;text-align:left;vertical-align:top;padding:13px 16px;font-size:15px;line-height:1.55;border:0;border-bottom:1px solid #e3e8ef;overflow-wrap:break-word\">Testosterona total y libre<\/td>\n        <td data-label=\"Qu\u00e9 indica\" style=\"background:#ffffff;color:#22303e;font-weight:400;text-align:left;vertical-align:top;padding:13px 16px;font-size:15px;line-height:1.55;border:0;border-bottom:1px solid #e3e8ef;overflow-wrap:break-word\">Nivel de andr\u00f3genos; solo la testosterona libre es biol\u00f3gicamente activa<\/td>\n        <td data-label=\"Cu\u00e1ndo lo solicita el m\u00e9dico\" style=\"background:#ffffff;color:#22303e;font-weight:400;text-align:left;vertical-align:top;padding:13px 16px;font-size:15px;line-height:1.55;border:0;border-bottom:1px solid #e3e8ef;overflow-wrap:break-word\">En mujeres con signos de exceso de andr\u00f3genos, como alteraciones del ciclo, acn\u00e9 o aumento del vello facial<\/td>\n      <\/tr>\n      <tr>\n        <td data-label=\"Valor\" style=\"background:#f6f9fc;color:#003366;font-weight:700;text-align:left;vertical-align:top;padding:13px 16px;font-size:15px;line-height:1.55;border:0;border-bottom:1px solid #e3e8ef;overflow-wrap:break-word\">SHBG<\/td>\n        <td data-label=\"Qu\u00e9 indica\" style=\"background:#f6f9fc;color:#22303e;font-weight:400;text-align:left;vertical-align:top;padding:13px 16px;font-size:15px;line-height:1.55;border:0;border-bottom:1px solid #e3e8ef;overflow-wrap:break-word\">Prote\u00edna transportadora de las hormonas sexuales; modifica la testosterona libre<\/td>\n        <td data-label=\"Cu\u00e1ndo lo solicita el m\u00e9dico\" style=\"background:#f6f9fc;color:#22303e;font-weight:400;text-align:left;vertical-align:top;padding:13px 16px;font-size:15px;line-height:1.55;border:0;border-bottom:1px solid #e3e8ef;overflow-wrap:break-word\">Junto con la testosterona, sobre todo con anticoncepci\u00f3n hormonal<\/td>\n      <\/tr>\n      <tr>\n        <td data-label=\"Valor\" style=\"background:#ffffff;color:#003366;font-weight:700;text-align:left;vertical-align:top;padding:13px 16px;font-size:15px;line-height:1.55;border:0;border-bottom:1px solid #e3e8ef;overflow-wrap:break-word\">DHEA-S<\/td>\n        <td data-label=\"Qu\u00e9 indica\" style=\"background:#ffffff;color:#22303e;font-weight:400;text-align:left;vertical-align:top;padding:13px 16px;font-size:15px;line-height:1.55;border:0;border-bottom:1px solid #e3e8ef;overflow-wrap:break-word\">Producci\u00f3n de andr\u00f3genos en la corteza suprarrenal<\/td>\n        <td data-label=\"Cu\u00e1ndo lo solicita el m\u00e9dico\" style=\"background:#ffffff;color:#22303e;font-weight:400;text-align:left;vertical-align:top;padding:13px 16px;font-size:15px;line-height:1.55;border:0;border-bottom:1px solid #e3e8ef;overflow-wrap:break-word\">Ante la sospecha de una fuente de andr\u00f3genos fuera de los ovarios<\/td>\n      <\/tr>\n      <tr>\n        <td data-label=\"Valor\" style=\"background:#f6f9fc;color:#003366;font-weight:700;text-align:left;vertical-align:top;padding:13px 16px;font-size:15px;line-height:1.55;border:0;border-bottom:1px solid #e3e8ef;overflow-wrap:break-word\">Prolactina<\/td>\n        <td data-label=\"Qu\u00e9 indica\" style=\"background:#f6f9fc;color:#22303e;font-weight:400;text-align:left;vertical-align:top;padding:13px 16px;font-size:15px;line-height:1.55;border:0;border-bottom:1px solid #e3e8ef;overflow-wrap:break-word\">Hormona de la hip\u00f3fisis<\/td>\n        <td data-label=\"Cu\u00e1ndo lo solicita el m\u00e9dico\" style=\"background:#f6f9fc;color:#22303e;font-weight:400;text-align:left;vertical-align:top;padding:13px 16px;font-size:15px;line-height:1.55;border:0;border-bottom:1px solid #e3e8ef;overflow-wrap:break-word\">Con alteraciones del ciclo, secreci\u00f3n de leche o deseo de embarazo no cumplido<\/td>\n      <\/tr>\n      <tr>\n        <td data-label=\"Valor\" style=\"background:#ffffff;color:#003366;font-weight:700;text-align:left;vertical-align:top;padding:13px 16px;font-size:15px;line-height:1.55;border:0;border-bottom:1px solid #e3e8ef;overflow-wrap:break-word\">17-OH-progesterona, FSH, LH y estradiol<\/td>\n        <td data-label=\"Qu\u00e9 indica\" style=\"background:#ffffff;color:#22303e;font-weight:400;text-align:left;vertical-align:top;padding:13px 16px;font-size:15px;line-height:1.55;border:0;border-bottom:1px solid #e3e8ef;overflow-wrap:break-word\">Otros componentes del perfil hormonal<\/td>\n        <td data-label=\"Cu\u00e1ndo lo solicita el m\u00e9dico\" style=\"background:#ffffff;color:#22303e;font-weight:400;text-align:left;vertical-align:top;padding:13px 16px;font-size:15px;line-height:1.55;border:0;border-bottom:1px solid #e3e8ef;overflow-wrap:break-word\">Seg\u00fan indicaci\u00f3n, dentro de un estudio ginecol\u00f3gico o endocrinol\u00f3gico<\/td>\n      <\/tr>\n      <tr>\n        <td data-label=\"Valor\" style=\"background:#f6f9fc;color:#003366;font-weight:700;text-align:left;vertical-align:top;padding:13px 16px;font-size:15px;line-height:1.55;border:0;overflow-wrap:break-word\">Serolog\u00eda autoinmune o serolog\u00eda de s\u00edfilis<\/td>\n        <td data-label=\"Qu\u00e9 indica\" style=\"background:#f6f9fc;color:#22303e;font-weight:400;text-align:left;vertical-align:top;padding:13px 16px;font-size:15px;line-height:1.55;border:0;overflow-wrap:break-word\">Indicios de una causa autoinmune o infecciosa<\/td>\n        <td data-label=\"Cu\u00e1ndo lo solicita el m\u00e9dico\" style=\"background:#f6f9fc;color:#22303e;font-weight:400;text-align:left;vertical-align:top;padding:13px 16px;font-size:15px;line-height:1.55;border:0;overflow-wrap:break-word\">Solo ante una sospecha concreta a partir de la anamnesis y la exploraci\u00f3n, nunca de rutina<\/td>\n      <\/tr>\n    <\/tbody>\n  <\/table>\n<\/div>\n\n\n\n<p class=\"wp-block-paragraph\"><strong>Nivel 3, con indicaci\u00f3n m\u00e9dica:<\/strong> los valores hormonales y la serolog\u00eda autoinmune no forman parte de un paquete que uno se pida por su cuenta. Se solicitan cuando la anamnesis da un motivo y se valoran junto con el cuadro cl\u00ednico. Actas Dermo-Sifiliogr\u00e1ficas lo formula as\u00ed para las mujeres: estudio hormonal sobre todo cuando hay signos a\u00f1adidos de exceso de andr\u00f3genos.<\/p>\n\n\n\n<p class=\"wp-block-paragraph\">M\u00e1s valores no significan autom\u00e1ticamente un mejor abordaje. Un paquete con 30 par\u00e1metros genera sobre todo hallazgos casuales, pruebas de seguimiento y gastos. Las recomendaciones de las sociedades cient\u00edficas sobre el cribado del d\u00e9ficit de vitamina D o de vitamina B12 en adultos sin s\u00edntomas llegan exactamente a esa conclusi\u00f3n: poco da\u00f1o directo, pero riesgo de resultados falsos y de sobrediagn\u00f3stico. Medir de forma dirigida es mejor que medir mucho.<\/p>\n\n\n<div class=\"wp-block-image\">\n<figure class=\"aligncenter size-large is-resized\" style=\"max-width:720px;margin-left:auto;margin-right:auto\"><img decoding=\"async\" src=\"https:\/\/elithair.com\/es\/wp-content\/uploads\/sites\/5\/2026\/08\/foto_blutabnahme.png\" alt=\"Muestras de sangre en el laboratorio para el an\u00e1lisis en la ca\u00edda del cabello\" class=\"wp-image-92129\" style=\"width:720px;max-width:100%;height:auto\"\/><\/figure>\n<\/div>\n\n\n<h2 class=\"wp-block-heading\">Ca\u00edda difusa del cabello: qu\u00e9 valores cuentan aqu\u00ed de verdad<\/h2>\n\n\n\n<p class=\"wp-block-paragraph\"><strong>Los valores decisivos en la ca\u00edda difusa son la ferritina junto con la PCR, la TSH, la 25-OH-vitamina D, el zinc, la vitamina B12 y un hemograma.<\/strong> Aqu\u00ed es donde el an\u00e1lisis aporta m\u00e1s, porque detr\u00e1s puede haber un desencadenante adquirido y a menudo corregible. Difusa significa: el cabello se afina en toda la cabeza, sin ninguna zona sin pelo.<\/p>\n\n\n\n<p class=\"wp-block-paragraph\">El patr\u00f3n determina cu\u00e1nto puede aportar el laboratorio. La clasificaci\u00f3n siguiente es el resumen pr\u00e1ctico de lo que cabe esperar de un an\u00e1lisis de sangre. Los detalles sobre la evoluci\u00f3n y los desencadenantes t\u00edpicos est\u00e1n en el art\u00edculo sobre la <a href=\"\/es\/trasplante-capilar-blog\/caida-difusa-del-cabello\/\">ca\u00edda difusa del cabello<\/a>.<\/p>\n\n\n\n<div style=\"margin:0 0 26px\">\n<div style=\"border:1px solid #e3e8ef;border-left:4px solid #0079F1;border-radius:10px;padding:14px 16px;margin-bottom:10px\">\n<p style=\"margin:0 0 4px;color:#013366;font-weight:700\">Difusa en toda la cabeza, sin zonas sin pelo<\/p>\n<p style=\"margin:0;color:#2e3033\">Laboratorio en primer plano. La ferritina, la PCR, la TSH, la vitamina D, el zinc y el hemograma aclaran las causas adquiridas que s\u00ed pueden tratarse.<\/p>\n<\/div>\n<div style=\"border:1px solid #e3e8ef;border-left:4px solid #5799F1;border-radius:10px;padding:14px 16px;margin-bottom:10px\">\n<p style=\"margin:0 0 4px;color:#013366;font-weight:700\">Patr\u00f3n en la frente, las entradas y la coronilla<\/p>\n<p style=\"margin:0;color:#2e3033\">Laboratorio en segundo plano. El diagn\u00f3stico lo da la exploraci\u00f3n del patr\u00f3n y del cuero cabelludo. El laboratorio comprueba si existe adem\u00e1s un componente difuso.<\/p>\n<\/div>\n<div style=\"border:1px solid #e3e8ef;border-left:4px solid #013366;border-radius:10px;padding:14px 16px;margin-bottom:0\">\n<p style=\"margin:0 0 4px;color:#013366;font-weight:700\">Placas redondas sin pelo o cuero cabelludo inflamado y doloroso<\/p>\n<p style=\"margin:0;color:#2e3033\">Estudio dermatol\u00f3gico en primer plano. Aqu\u00ed deciden la tricoscopia y, ante la sospecha, una biopsia; el laboratorio solo complementa.<\/p>\n<\/div>\n<\/div>\n\n\n\n<p class=\"wp-block-paragraph\">Una cronolog\u00eda que casi nunca aparece y que explica muchos hallazgos: un efluvio tel\u00f3geno suele empezar entre dos y cuatro meses despu\u00e9s del desencadenante, porque los fol\u00edculos afectados pasan primero varias semanas en la fase de reposo, que de por s\u00ed dura unos 100 d\u00edas. Quien pierde cabello hoy debe buscar por tanto un acontecimiento de hace dos a cuatro meses.<\/p>\n\n\n\n<p class=\"wp-block-paragraph\">Los desencadenantes t\u00edpicos son una infecci\u00f3n con fiebre, una operaci\u00f3n, una dieta con p\u00e9rdida de peso importante, un parto, una p\u00e9rdida de sangre considerable o un medicamento nuevo. De ah\u00ed se deriva una limitaci\u00f3n importante: un valor medido hoy puede haberse normalizado hace tiempo aunque el desencadenante fuera real. Cuando el desencadenante desaparece, la ca\u00edda suele normalizarse en un plazo de tres a seis meses.<\/p>\n\n\n\n<h3 class=\"wp-block-heading\">An\u00e1lisis de sangre antes de un trasplante capilar: por qu\u00e9 primero se aclara la causa<\/h3>\n\n\n\n<p class=\"wp-block-paragraph\">Antes de un <a href=\"\/es\/trasplantecapilar\/\">trasplante capilar<\/a> previsto, el an\u00e1lisis sirve para delimitar: debe mostrar si, adem\u00e1s del patr\u00f3n hereditario, existe una ca\u00edda difusa activa. Un efluvio tel\u00f3geno en curso por d\u00e9ficit de hierro o por una tiroides no ajustada se considera, en la valoraci\u00f3n m\u00e9dica, motivo para tratar primero esa causa.<\/p>\n\n\n\n<p class=\"wp-block-paragraph\">El motivo es sencillo: un trasplante reubica el cabello propio existente, no cambia ni el estado del hierro ni la funci\u00f3n tiroidea. Mientras el componente difuso siga activo, la situaci\u00f3n de partida seguir\u00e1 cambiando. Qu\u00e9 valores se piden antes de una intervenci\u00f3n lo decide el m\u00e9dico responsable a partir de la anamnesis y la exploraci\u00f3n.<\/p>\n\n\n<div class=\"wp-block-image\">\n<figure class=\"aligncenter size-large is-resized\" style=\"max-width:720px;margin-left:auto;margin-right:auto\"><img decoding=\"async\" src=\"https:\/\/elithair.com\/es\/wp-content\/uploads\/sites\/5\/2026\/08\/infografik_diffus_muster__es.png\" alt=\"Tres patrones de ca\u00edda del cabello vistos desde arriba: difusa, patr\u00f3n en la frente y la coronilla, placas redondas sin pelo\" class=\"wp-image-92130\" style=\"width:720px;max-width:100%;height:auto\"\/><\/figure>\n<\/div>\n\n\n<h2 class=\"wp-block-heading\">Ferritina en la ca\u00edda del cabello: el valor m\u00e1s importante y m\u00e1s discutido<\/h2>\n\n\n\n<p class=\"wp-block-paragraph\"><strong>La ferritina es el valor aislado m\u00e1s informativo en la ca\u00edda difusa, porque un d\u00e9ficit de hierro puede afectar al cabello antes de que aparezca una anemia.<\/strong> La ferritina es la prote\u00edna que almacena el hierro, y la ferritina en suero muestra c\u00f3mo de llenos est\u00e1n los dep\u00f3sitos. Con los dep\u00f3sitos vac\u00edos y sin anemia, la hemoglobina todav\u00eda es normal, de modo que un hemograma por s\u00ed solo sale sin alteraciones.<\/p>\n\n\n\n<p class=\"wp-block-paragraph\">El mecanismo se entiende bien. Los fol\u00edculos pilosos est\u00e1n entre los tejidos con mayor actividad de divisi\u00f3n del organismo. Unos dep\u00f3sitos de hierro vac\u00edos empujan a los fol\u00edculos de forma prematura a la fase tel\u00f3gena; la consecuencia es un efluvio tel\u00f3geno, es decir, una ca\u00edda difusa en toda la cabeza. C\u00f3mo se relacionan las fases lo explica el art\u00edculo sobre el ciclo del cabello con m\u00e1s detalle.<\/p>\n\n\n\n<p class=\"wp-block-paragraph\">Con la pregunta por el valor de ferritina \u00abcorrecto\u00bb el panorama se vuelve confuso, y aqu\u00ed conviene ser preciso. Las referencias de laboratorio definen a menudo el d\u00e9ficit de hierro solo por debajo de unos 15 a 30 \u00b5g\/l, seg\u00fan el laboratorio; un valor por debajo de 15 \u00b5g\/l se considera muy espec\u00edfico de un d\u00e9ficit de hierro, siempre que la PCR no est\u00e9 alterada. Esa es la parte bien asentada.<\/p>\n\n\n\n<p class=\"wp-block-paragraph\">Lo discutido es el resto. En el debate especializado se menciona para el cabello un rango objetivo m\u00e1s alto, de unos 40 a 70 \u00b5g\/l, entre otros por parte de Rushton (2002) y de Trost, Bergfeld y Calogeras (2006); el hierro se administra \u00fanicamente tras demostrar un d\u00e9ficit y por indicaci\u00f3n m\u00e9dica, porque un exceso de hierro en el organismo puede provocar da\u00f1o en los \u00f3rganos y enmascarar una enfermedad por dep\u00f3sito de hierro. En cambio, estudios controlados como el de Olsen y colaboradores (2010, Journal of the American Academy of Dermatology) no encontraron una proporci\u00f3n mayor de d\u00e9ficit de hierro en mujeres con alopecia androgen\u00e9tica o efluvio tel\u00f3geno cr\u00f3nico frente a los controles.<\/p>\n\n\n\n<p class=\"wp-block-paragraph\">Lo importante es situar estas cifras: los 40 a 70 \u00b5g\/l son posiciones de autores concretos, a menudo especializados en tricolog\u00eda, y no una recomendaci\u00f3n de gu\u00eda cl\u00ednica. Ninguna gu\u00eda establece un valor objetivo de ferritina para el cabello. Las cl\u00ednicas capilares comerciales citan la cifra desde hace m\u00e1s de veinte a\u00f1os como si fuera un consenso, aunque en el fondo procede de un \u00fanico trabajo.<\/p>\n\n\n\n<p class=\"wp-block-paragraph\">A esto se suma un factor de interferencia que en el d\u00eda a d\u00eda suele pasarse por alto. La ferritina es un <strong>reactante de fase aguda<\/strong>, es decir, una prote\u00edna cuyo nivel en sangre sube con la inflamaci\u00f3n. Con una infecci\u00f3n, una inflamaci\u00f3n o una enfermedad hep\u00e1tica, el valor sale por eso falsamente alto. Una ferritina de 60 \u00b5g\/l con una PCR de 12 mg\/l puede ocultar un d\u00e9ficit real, y por eso la PCR se determina siempre a la vez.<\/p>\n\n\n\n<style>\n@media (max-width:640px){\n.rt-table-wrap{overflow-x:visible!important;border:0!important;border-radius:0!important}\n.rt-table{min-width:0!important}\n.rt-table thead{display:none}\n.rt-table,.rt-table tbody,.rt-table tr,.rt-table td{display:block;width:100%}\n.rt-table caption{display:block;padding:0 0 12px!important}\n.rt-table tr{margin:0 0 12px;border:1px solid #dbe4f0;border-radius:10px;overflow:hidden}\n.rt-table tr:last-child{margin-bottom:0}\n.rt-table td{display:flex!important;flex-direction:column;gap:3px;padding:12px 14px!important;\nborder:0!important;border-bottom:1px solid #e3e8ef!important;background:#ffffff!important}\n.rt-table tr td:last-child{border-bottom:0!important}\n.rt-table td::before{content:attr(data-label);font-size:12px;font-weight:700;letter-spacing:.04em;\ntext-transform:uppercase;color:#5799F1}\n.rt-table td:not([data-label])::before,.rt-table td[data-label=\"\"]::before{display:none}\n}\n<\/style>\n<div class=\"rt-table-wrap\" style=\"overflow-x:auto;-webkit-overflow-scrolling:touch;margin:28px 0;border:1px solid #dbe4f0;border-radius:12px\">\n  <table class=\"rt-table\" style=\"width:100%;min-width:620px;table-layout:fixed;border-collapse:separate;border-spacing:0;font-size:15px;margin:0\">\n    <caption style=\"caption-side:top;text-align:left;color:#003366;font-weight:700;font-size:16px;line-height:1.35;padding:14px 16px 10px;background:#ffffff\">Ferritina en la ca\u00edda del cabello: c\u00f3mo situar los rangos (no sirve para autodiagnosticarse)<\/caption>\n    <thead>\n      <tr>\n        <th style=\"width:22%;background:#003366;color:#ffffff;font-weight:700;text-align:left;vertical-align:middle;padding:13px 16px;font-size:15px;line-height:1.4;border:0;overflow-wrap:break-word\">Valor de ferritina<\/th>\n        <th style=\"background:#003366;color:#ffffff;font-weight:700;text-align:left;vertical-align:middle;padding:13px 16px;font-size:15px;line-height:1.4;border:0;overflow-wrap:break-word\">Qu\u00e9 puede significar<\/th>\n        <th style=\"background:#003366;color:#ffffff;font-weight:700;text-align:left;vertical-align:middle;padding:13px 16px;font-size:15px;line-height:1.4;border:0;overflow-wrap:break-word\">Actuaci\u00f3n m\u00e9dica habitual<\/th>\n      <\/tr>\n    <\/thead>\n    <tbody>\n      <tr>\n        <td data-label=\"Valor de ferritina\" style=\"background:#ffffff;color:#003366;font-weight:700;text-align:left;vertical-align:top;padding:13px 16px;font-size:15px;line-height:1.55;border:0;border-bottom:1px solid #e3e8ef;overflow-wrap:break-word\">por debajo de 15 \u00b5g\/l<\/td>\n        <td data-label=\"Qu\u00e9 puede significar\" style=\"background:#ffffff;color:#22303e;font-weight:400;text-align:left;vertical-align:top;padding:13px 16px;font-size:15px;line-height:1.55;border:0;border-bottom:1px solid #e3e8ef;overflow-wrap:break-word\">Con alta especificidad, un d\u00e9ficit de hierro, siempre que la PCR no est\u00e9 alterada<\/td>\n        <td data-label=\"Actuaci\u00f3n m\u00e9dica habitual\" style=\"background:#ffffff;color:#22303e;font-weight:400;text-align:left;vertical-align:top;padding:13px 16px;font-size:15px;line-height:1.55;border:0;border-bottom:1px solid #e3e8ef;overflow-wrap:break-word\">Estudio del hierro m\u00e1s amplio y b\u00fasqueda de la causa de la p\u00e9rdida<\/td>\n      <\/tr>\n      <tr>\n        <td data-label=\"Valor de ferritina\" style=\"background:#f6f9fc;color:#003366;font-weight:700;text-align:left;vertical-align:top;padding:13px 16px;font-size:15px;line-height:1.55;border:0;border-bottom:1px solid #e3e8ef;overflow-wrap:break-word\">15 a 30 \u00b5g\/l<\/td>\n        <td data-label=\"Qu\u00e9 puede significar\" style=\"background:#f6f9fc;color:#22303e;font-weight:400;text-align:left;vertical-align:top;padding:13px 16px;font-size:15px;line-height:1.55;border:0;border-bottom:1px solid #e3e8ef;overflow-wrap:break-word\">En el l\u00edmite o normal-bajo; seg\u00fan el laboratorio, formalmente todav\u00eda dentro del rango de referencia<\/td>\n        <td data-label=\"Actuaci\u00f3n m\u00e9dica habitual\" style=\"background:#f6f9fc;color:#22303e;font-weight:400;text-align:left;vertical-align:top;padding:13px 16px;font-size:15px;line-height:1.55;border:0;border-bottom:1px solid #e3e8ef;overflow-wrap:break-word\">Valoraci\u00f3n en el conjunto; en el debate especializado, este rango se considera en parte insuficiente para el cabello<\/td>\n      <\/tr>\n      <tr>\n        <td data-label=\"Valor de ferritina\" style=\"background:#ffffff;color:#003366;font-weight:700;text-align:left;vertical-align:top;padding:13px 16px;font-size:15px;line-height:1.55;border:0;border-bottom:1px solid #e3e8ef;overflow-wrap:break-word\">unos 30 a 70 \u00b5g\/l<\/td>\n        <td data-label=\"Qu\u00e9 puede significar\" style=\"background:#ffffff;color:#22303e;font-weight:400;text-align:left;vertical-align:top;padding:13px 16px;font-size:15px;line-height:1.55;border:0;border-bottom:1px solid #e3e8ef;overflow-wrap:break-word\">La mayor\u00eda de los laboratorios lo dan como normal; algunos autores (Rushton 2002, Trost et al. 2006) lo discuten como sub\u00f3ptimo para el crecimiento del cabello<\/td>\n        <td data-label=\"Actuaci\u00f3n m\u00e9dica habitual\" style=\"background:#ffffff;color:#22303e;font-weight:400;text-align:left;vertical-align:top;padding:13px 16px;font-size:15px;line-height:1.55;border:0;border-bottom:1px solid #e3e8ef;overflow-wrap:break-word\">Control evolutivo, sin suplementaci\u00f3n generalizada si no hay un d\u00e9ficit demostrado<\/td>\n      <\/tr>\n      <tr>\n        <td data-label=\"Valor de ferritina\" style=\"background:#f6f9fc;color:#003366;font-weight:700;text-align:left;vertical-align:top;padding:13px 16px;font-size:15px;line-height:1.55;border:0;overflow-wrap:break-word\">por encima de 70 \u00b5g\/l<\/td>\n        <td data-label=\"Qu\u00e9 puede significar\" style=\"background:#f6f9fc;color:#22303e;font-weight:400;text-align:left;vertical-align:top;padding:13px 16px;font-size:15px;line-height:1.55;border:0;overflow-wrap:break-word\">Autores especializados en tricolog\u00eda lo se\u00f1alan como rango objetivo favorable, algo que los estudios controlados no confirman de forma uniforme (v\u00e9ase Olsen et al. 2010); con inflamaci\u00f3n tambi\u00e9n puede ser falsamente alto<\/td>\n        <td data-label=\"Actuaci\u00f3n m\u00e9dica habitual\" style=\"background:#f6f9fc;color:#22303e;font-weight:400;text-align:left;vertical-align:top;padding:13px 16px;font-size:15px;line-height:1.55;border:0;overflow-wrap:break-word\">Ninguna decisi\u00f3n a partir de la cifra sola: hay que valorar tambi\u00e9n la PCR y la cl\u00ednica<\/td>\n      <\/tr>\n    <\/tbody>\n  <\/table>\n<\/div>\n\n\n<div class=\"wp-block-image\">\n<figure class=\"aligncenter size-large is-resized\" style=\"max-width:560px;margin-left:auto;margin-right:auto\"><img decoding=\"async\" src=\"https:\/\/elithair.com\/es\/wp-content\/uploads\/sites\/5\/2026\/08\/diagramm_ferritin_skala__es.png\" alt=\"Escala de los rangos de ferritina en microgramos por litro con la indicaci\u00f3n de que los valores objetivo para el cabello son discutidos\" class=\"wp-image-92131\" style=\"width:560px;max-width:100%;height:auto\"\/><\/figure>\n<\/div>\n\n\n<div style=\"border:1px solid #dbe4f0;border-radius:12px;padding:20px 22px;margin:0 0 26px;background:#f6f9fc\">\n<p style=\"margin:0 0 8px;color:#013366;font-weight:700;font-size:16px\">Una observaci\u00f3n de la pr\u00e1ctica<\/p>\n<p style=\"margin:0;color:#2e3033;line-height:1.65\">El error m\u00e1s frecuente en la consulta no es medir poco. Aparece cuando una ferritina en el l\u00edmite inferior del rango de referencia se da por \u00abnormal\u00bb mientras existe a la vez un patr\u00f3n hereditario. Entonces el componente difuso queda sin atender y la persona afectada se explica la ca\u00edda persistente solo por la gen\u00e9tica. Mirar las dos cosas juntas, el valor y el patr\u00f3n, suele aportar m\u00e1s que cualquier par\u00e1metro de laboratorio adicional.<\/p>\n<\/div>\n\n\n\n<p class=\"wp-block-paragraph\">Qu\u00e9 se deduce de un valor bajo pertenece a la consulta m\u00e9dica y no a la automedicaci\u00f3n. El art\u00edculo en profundidad sobre el <a href=\"\/es\/trasplante-capilar-blog\/deficiencia-de-hierro-caida-del-cabello\/\">d\u00e9ficit de hierro y la ca\u00edda del cabello<\/a> explica los s\u00edntomas, los grupos de riesgo y la evoluci\u00f3n tras una suplementaci\u00f3n, es decir, tras corregir de forma dirigida un d\u00e9ficit demostrado.<\/p>\n\n\n\n<h2 class=\"wp-block-heading\">Hemograma completo en la ca\u00edda del cabello: qu\u00e9 incluye y qu\u00e9 falta<\/h2>\n\n\n\n<p class=\"wp-block-paragraph\">Un hemograma completo abarca el hemograma b\u00e1sico, es decir, gl\u00f3bulos rojos y blancos, hemoglobina, hematocrito, plaquetas y los \u00edndices eritrocitarios, m\u00e1s la f\u00f3rmula leucocitaria de los gl\u00f3bulos blancos. <strong>La ferritina, la TSH, la 25-OH-vitamina D y el zinc no est\u00e1n incluidos en ninguno de los dos tipos de hemograma.<\/strong> Quien ante una ca\u00edda del cabello se hace solo un hemograma completo no ha medido precisamente los valores relevantes para el cabello.<\/p>\n\n\n\n<style>\n@media (max-width:640px){\n.rt-table-wrap{overflow-x:visible!important;border:0!important;border-radius:0!important}\n.rt-table{min-width:0!important}\n.rt-table thead{display:none}\n.rt-table,.rt-table tbody,.rt-table tr,.rt-table td{display:block;width:100%}\n.rt-table caption{display:block;padding:0 0 12px!important}\n.rt-table tr{margin:0 0 12px;border:1px solid #dbe4f0;border-radius:10px;overflow:hidden}\n.rt-table tr:last-child{margin-bottom:0}\n.rt-table td{display:flex!important;flex-direction:column;gap:3px;padding:12px 14px!important;\nborder:0!important;border-bottom:1px solid #e3e8ef!important;background:#ffffff!important}\n.rt-table tr td:last-child{border-bottom:0!important}\n.rt-table td::before{content:attr(data-label);font-size:12px;font-weight:700;letter-spacing:.04em;\ntext-transform:uppercase;color:#5799F1}\n.rt-table td:not([data-label])::before,.rt-table td[data-label=\"\"]::before{display:none}\n}\n<\/style>\n<div class=\"rt-table-wrap\" style=\"overflow-x:auto;-webkit-overflow-scrolling:touch;margin:28px 0;border:1px solid #dbe4f0;border-radius:12px\">\n  <table class=\"rt-table\" style=\"width:100%;min-width:620px;table-layout:fixed;border-collapse:separate;border-spacing:0;font-size:15px;margin:0\">\n    <caption style=\"caption-side:top;text-align:left;color:#003366;font-weight:700;font-size:16px;line-height:1.35;padding:14px 16px 10px;background:#ffffff\">Hemograma b\u00e1sico y hemograma completo en la ca\u00edda del cabello<\/caption>\n    <thead>\n      <tr>\n        <th style=\"width:22%;background:#003366;color:#ffffff;font-weight:700;text-align:left;vertical-align:middle;padding:13px 16px;font-size:15px;line-height:1.4;border:0;overflow-wrap:break-word\">Prueba<\/th>\n        <th style=\"background:#003366;color:#ffffff;font-weight:700;text-align:left;vertical-align:middle;padding:13px 16px;font-size:15px;line-height:1.4;border:0;overflow-wrap:break-word\">Qu\u00e9 incluye<\/th>\n        <th style=\"background:#003366;color:#ffffff;font-weight:700;text-align:left;vertical-align:middle;padding:13px 16px;font-size:15px;line-height:1.4;border:0;overflow-wrap:break-word\">Qu\u00e9 no incluye<\/th>\n      <\/tr>\n    <\/thead>\n    <tbody>\n      <tr>\n        <td data-label=\"Prueba\" style=\"background:#ffffff;color:#003366;font-weight:700;text-align:left;vertical-align:top;padding:13px 16px;font-size:15px;line-height:1.55;border:0;border-bottom:1px solid #e3e8ef;overflow-wrap:break-word\">Hemograma b\u00e1sico<\/td>\n        <td data-label=\"Qu\u00e9 incluye\" style=\"background:#ffffff;color:#22303e;font-weight:400;text-align:left;vertical-align:top;padding:13px 16px;font-size:15px;line-height:1.55;border:0;border-bottom:1px solid #e3e8ef;overflow-wrap:break-word\">Hemat\u00edes, leucocitos como cifra total, plaquetas, hemoglobina, hematocrito y los \u00edndices eritrocitarios VCM, HCM y CHCM<\/td>\n        <td data-label=\"Qu\u00e9 no incluye\" style=\"background:#ffffff;color:#22303e;font-weight:400;text-align:left;vertical-align:top;padding:13px 16px;font-size:15px;line-height:1.55;border:0;border-bottom:1px solid #e3e8ef;overflow-wrap:break-word\">Ferritina, PCR, TSH, 25-OH-vitamina D, zinc y vitamina B12<\/td>\n      <\/tr>\n      <tr>\n        <td data-label=\"Prueba\" style=\"background:#f6f9fc;color:#003366;font-weight:700;text-align:left;vertical-align:top;padding:13px 16px;font-size:15px;line-height:1.55;border:0;overflow-wrap:break-word\">Hemograma completo<\/td>\n        <td data-label=\"Qu\u00e9 incluye\" style=\"background:#f6f9fc;color:#22303e;font-weight:400;text-align:left;vertical-align:top;padding:13px 16px;font-size:15px;line-height:1.55;border:0;overflow-wrap:break-word\">Todo lo del hemograma b\u00e1sico m\u00e1s la f\u00f3rmula leucocitaria, es decir, el desglose de los gl\u00f3bulos blancos en neutr\u00f3filos, linfocitos, monocitos, eosin\u00f3filos y bas\u00f3filos<\/td>\n        <td data-label=\"Qu\u00e9 no incluye\" style=\"background:#f6f9fc;color:#22303e;font-weight:400;text-align:left;vertical-align:top;padding:13px 16px;font-size:15px;line-height:1.55;border:0;overflow-wrap:break-word\">La ferritina, la TSH, la 25-OH-vitamina D, el zinc y todos los valores hormonales hay que pedirlos por separado<\/td>\n      <\/tr>\n    <\/tbody>\n  <\/table>\n<\/div>\n\n\n\n<p class=\"wp-block-paragraph\">Esto no es un argumento contra el hemograma: simplemente sirve para otra cosa. Detecta una anemia, y el volumen corpuscular medio (VCM) da una direcci\u00f3n: las c\u00e9lulas peque\u00f1as apuntan a un d\u00e9ficit de hierro y las grandes a una carencia de vitamina B12 o de \u00e1cido f\u00f3lico. Adem\u00e1s aporta indicios de inflamaci\u00f3n y de enfermedades hematol\u00f3gicas que obligan a un estudio m\u00e1s amplio.<\/p>\n\n\n\n<p class=\"wp-block-paragraph\">De ah\u00ed sale la regla pr\u00e1ctica para la consulta: no pida sin m\u00e1s \u00abun hemograma completo\u00bb, describa sus s\u00edntomas y nombre los valores de los que se trata. La ferritina, la TSH, la 25-OH-vitamina D y el zinc hay que solicitarlos por separado, porque no van incluidos de forma autom\u00e1tica en ninguno de los dos tipos de hemograma.<\/p>\n\n\n<div class=\"wp-block-image\">\n<figure class=\"aligncenter size-large is-resized\" style=\"max-width:560px;margin-left:auto;margin-right:auto\"><img decoding=\"async\" src=\"https:\/\/elithair.com\/es\/wp-content\/uploads\/sites\/5\/2026\/08\/illu_blutzellen.png\" alt=\"Ilustraci\u00f3n de gl\u00f3bulos rojos, gl\u00f3bulos blancos y plaquetas dentro de un vaso sangu\u00edneo\" class=\"wp-image-92132\" style=\"width:560px;max-width:100%;height:auto\"\/><\/figure>\n<\/div>\n\n\n<h2 class=\"wp-block-heading\">Tiroides y ca\u00edda del cabello: la TSH y cu\u00e1ndo hace falta algo m\u00e1s<\/h2>\n\n\n\n<p class=\"wp-block-paragraph\"><strong>La TSH es el valor de base del estudio tiroideo, y tanto un hipotiroidismo como un hipertiroidismo pueden provocar una ca\u00edda difusa, porque las hormonas tiroideas T3 y T4 participan en la regulaci\u00f3n del ciclo del cabello.<\/strong> La TSH es la hormona con la que la hip\u00f3fisis regula la tiroides. Si la TSH es an\u00f3mala o la sospecha cl\u00ednica es fuerte, se a\u00f1aden T3 libre, T4 libre y anticuerpos anti-TPO.<\/p>\n\n\n\n<p class=\"wp-block-paragraph\">El rango de referencia en adultos suele resumirse en torno a 0,4 a 4,0 mU\/l, con un l\u00edmite superior que, seg\u00fan el laboratorio, est\u00e1 entre 3,5 y 5,0 mU\/l. En parte de la literatura se discute un umbral de 2,5 mU\/l para detectar una funci\u00f3n normal-baja. No es un l\u00edmite diagn\u00f3stico r\u00edgido, y una TSH en el l\u00edmite sin otros signos no es un diagn\u00f3stico.<\/p>\n\n\n\n<p class=\"wp-block-paragraph\">Para la pr\u00e1ctica cl\u00ednica existen recomendaciones de la Sociedad Espa\u00f1ola de Endocrinolog\u00eda y Nutrici\u00f3n (SEEN) sobre el manejo de una TSH elevada y del hipotiroidismo subcl\u00ednico. Con qu\u00e9 frecuencia aparece un hipotiroidismo latente, es decir, subcl\u00ednico, no puede cifrarse con exactitud; los estudios transversales dan valores muy dispares, a grandes rasgos entre el 3 y el 16 %, con m\u00e1s frecuencia en mujeres y en edades avanzadas.<\/p>\n\n\n\n<p class=\"wp-block-paragraph\">Los anticuerpos anti-TPO indican una tiroiditis autoinmune de tipo Hashimoto, la causa m\u00e1s frecuente de hipotiroidismo. Aqu\u00ed es importante una distinci\u00f3n: el Hashimoto aparece con m\u00e1s frecuencia, como parte de un grupo de procesos autoinmunes, junto con la <a href=\"\/es\/trasplante-capilar-blog\/alopecia-areata\/\">alopecia areata<\/a> o ca\u00edda en placas. Se trata de una forma localizada y no difusa, y para ella existen recomendaciones propias de manejo cl\u00ednico, publicadas en Actas Dermo-Sifiliogr\u00e1ficas.<\/p>\n\n\n\n<p class=\"wp-block-paragraph\">Un factor de interferencia afecta precisamente a los valores de los que hablamos: la biotina en dosis altas de los preparados para el cabello y las u\u00f1as falsea las pruebas inmunol\u00f3gicas de laboratorio, entre ellas las de la tiroides. M\u00e1s sobre esto, en el apartado sobre la preparaci\u00f3n. Qu\u00e9 ocurre cuando un valor sale alterado lo explica el art\u00edculo sobre la <a href=\"\/es\/trasplante-capilar-blog\/tiroides-caida-del-cabello\/\">ca\u00edda del cabello y la tiroides<\/a> en detalle.<\/p>\n\n\n\n<h2 class=\"wp-block-heading\">Vitamina D, zinc, B12 y \u00e1cido f\u00f3lico: los valores nutricionales en el laboratorio<\/h2>\n\n\n\n<p class=\"wp-block-paragraph\"><strong>Los valores nutricionales relevantes para el cabello se llaman en el laboratorio 25-OH-vitamina D, zinc, vitamina B12 u holotranscobalamina y \u00e1cido f\u00f3lico.<\/strong> El nombre correcto del par\u00e1metro decide aqu\u00ed lo que se puede concluir. Se mide la 25-OH-vitamina D, no la \u00abvitamina D3\u00bb. En el caso de la vitamina B12, la holotranscobalamina, es decir, la fracci\u00f3n unida a la transcobalamina y por tanto disponible para las c\u00e9lulas, es m\u00e1s informativa que la B12 total. El zinc se determina en suero o en sangre total y oscila a lo largo del d\u00eda.<\/p>\n\n\n\n<p class=\"wp-block-paragraph\">Para la vitamina D se aplica la clasificaci\u00f3n del Institute of Medicine, que se utiliza internacionalmente: a partir de 50 nmol\/l (20 ng\/ml) el aporte es suficiente; entre 30 y 50 nmol\/l (12 a 20 ng\/ml) es sub\u00f3ptimo; por debajo de 30 nmol\/l (12 ng\/ml) se habla de deficiencia. Un aporte insuficiente es frecuente en Europa, sobre todo en los meses con poca luz solar y en personas con poca exposici\u00f3n al sol.<\/p>\n\n\n\n<p class=\"wp-block-paragraph\">El zinc en suero est\u00e1, seg\u00fan el m\u00e9todo, entre unos 9 y 21 \u00b5mol\/l o 75 y 140 \u00b5g\/dl. Como el valor oscila a lo largo del d\u00eda y baja con una inflamaci\u00f3n, una \u00fanica medici\u00f3n debe leerse con prudencia. El \u00e1cido f\u00f3lico y la vitamina B12 forman parte del panel ampliado, sobre todo si el hemograma muestra eritrocitos grandes.<\/p>\n\n\n\n<p class=\"wp-block-paragraph\">\u00bfY la evidencia? Siendo honestos, es dispar. Una revisi\u00f3n sobre el papel de las vitaminas y los minerales en la ca\u00edda del cabello, publicada en 2019 en Dermatology and Therapy por Almohanna, Ahmed, Tsatalis y Tosti, describe los datos como abundantes y en parte contradictorios. En la pr\u00e1ctica esto significa: un d\u00e9ficit demostrado se corrige de forma dirigida en la consulta m\u00e9dica, mientras que una toma preventiva sin d\u00e9ficit no puede justificarse con estos datos.<\/p>\n\n\n\n<p class=\"wp-block-paragraph\">Tomar mucho tiene sus propios riesgos. Un exceso de vitamina A o de selenio puede provocar ca\u00edda del cabello, y el zinc en dosis altas durante mucho tiempo sin compensar el cobre puede acabar en un d\u00e9ficit de cobre. Qu\u00e9 nutrientes tienen realmente un papel para el cabello lo explica el art\u00edculo sobre las <a href=\"\/es\/trasplante-capilar-blog\/vitaminas-caida-del-cabello\/\">vitaminas contra la ca\u00edda del cabello<\/a> en detalle.<\/p>\n\n\n\n<h2 class=\"wp-block-heading\">Valores sangu\u00edneos en la ca\u00edda del cabello en mujeres: perfil hormonal, ciclo y p\u00edldora<\/h2>\n\n\n\n<p class=\"wp-block-paragraph\"><strong>Los valores sangu\u00edneos en la ca\u00edda del cabello en mujeres son los mismos seis valores b\u00e1sicos que en los hombres: hemograma, ferritina, PCR, TSH, 25-OH-vitamina D y zinc.<\/strong> Los valores hormonales adicionales son una decisi\u00f3n m\u00e9dica y se piden cuando aparecen signos como alteraciones del ciclo, aumento del vello facial, acn\u00e9 o un deseo de embarazo no cumplido. Entonces entran en consideraci\u00f3n la testosterona, la SHBG, el DHEA-S y la prolactina; la selecci\u00f3n depende del cuadro cl\u00ednico.<\/p>\n\n\n\n<p class=\"wp-block-paragraph\">En estos valores es m\u00e1s decisivo el momento que la lista. Los andr\u00f3genos y las gonadotropinas oscilan a lo largo del ciclo, y la testosterona sigue adem\u00e1s un ritmo diario con un m\u00e1ximo hacia las 8 de la ma\u00f1ana. Por eso el m\u00e9dico suele programar la extracci\u00f3n en la fase folicular temprana, en torno a los d\u00edas 2 a 5 del ciclo, y a primera hora de la ma\u00f1ana. As\u00ed los valores se vuelven comparables.<\/p>\n\n\n\n<p class=\"wp-block-paragraph\">La p\u00edldora es aqu\u00ed un verdadero factor de interferencia. El etinilestradiol aumenta la producci\u00f3n de SHBG en el h\u00edgado y, como solo la testosterona libre, la que no est\u00e1 unida a la SHBG, es biol\u00f3gicamente activa, los valores de andr\u00f3genos bajo anticoncepci\u00f3n hormonal solo pueden valorarse de forma limitada. La literatura especializada recomienda determinar tambi\u00e9n la SHBG y calcular el \u00edndice de andr\u00f3genos libres, en lugar de fijarse solo en la testosterona total.<\/p>\n\n\n\n<p class=\"wp-block-paragraph\">De ah\u00ed no se sigue en absoluto que haya que dejar la p\u00edldora por cuenta propia antes de un an\u00e1lisis. Si conviene hacer una pausa, y cu\u00e1ndo, lo decide su m\u00e9dico, porque dejarla puede provocar a su vez una ca\u00edda difusa pasajera. Este fen\u00f3meno se conoce como efluvio posp\u00edldora; no existen cifras fiables sobre su frecuencia.<\/p>\n\n\n\n<p class=\"wp-block-paragraph\">Las etapas de la vida cambian el peso de cada factor. Despu\u00e9s de un parto, el primer plano lo ocupa el efluvio posparto, y aqu\u00ed merece la pena mirar la ferritina tras la p\u00e9rdida de sangre del parto. En la <a href=\"\/es\/trasplante-capilar-blog\/caida-del-cabello-menopausia\/\">menopausia<\/a> se superponen el cambio hormonal y el estado del hierro. La relaci\u00f3n m\u00e1s amplia entre <a href=\"\/es\/trasplante-capilar-blog\/hormonas-y-cabello\/\">hormonas y cabello<\/a> la explica un art\u00edculo aparte.<\/p>\n\n\n\n<p class=\"wp-block-paragraph\">Un apunte para cerrar este apartado: la sospecha de un s\u00edndrome de ovario poliqu\u00edstico no se aclara con un paquete hormonal pedido por internet. Para eso hacen falta la anamnesis, la ecograf\u00eda y la valoraci\u00f3n conjunta de los valores por parte del m\u00e9dico, habitualmente en la consulta de ginecolog\u00eda. Un \u00fanico valor de laboratorio alterado sin ese contexto confunde m\u00e1s que ayuda.<\/p>\n\n\n\n<h2 class=\"wp-block-heading\">El camino: as\u00ed llega a un an\u00e1lisis de sangre con sentido<\/h2>\n\n\n\n<p class=\"wp-block-paragraph\">La extracci\u00f3n puede hacerla tanto la consulta de atenci\u00f3n primaria como la de dermatolog\u00eda; para los valores b\u00e1sicos, el m\u00e9dico de familia suele ser el camino m\u00e1s r\u00e1pido. Para los valores relevantes para el cabello no hace falta acudir en ayunas; el ayuno es necesario sobre todo para la glucosa y los l\u00edpidos. Lo decisivo es que describa sus s\u00edntomas y nombre los valores que desea.<\/p>\n\n\n\n<h3 class=\"wp-block-heading\">Factor de interferencia, la biotina: pausar los complementos capilares antes del an\u00e1lisis<\/h3>\n\n\n\n<p class=\"wp-block-paragraph\"><strong>La biotina en dosis altas de los preparados para el cabello y las u\u00f1as falsea las pruebas inmunol\u00f3gicas de laboratorio y, con ello, justamente los valores tiroideos que se miden en la ca\u00edda del cabello.<\/strong> La agencia estadounidense del medicamento, la FDA, public\u00f3 al respecto una alerta de seguridad el 28 de noviembre de 2017, actualizada en noviembre de 2019: se ven afectados, entre otros, los valores tiroideos y la troponina, el marcador del infarto de miocardio; se notific\u00f3 un fallecimiento en relaci\u00f3n con una de estas interferencias.<\/p>\n\n\n\n<p class=\"wp-block-paragraph\">\u00bfCon cu\u00e1nta antelaci\u00f3n? Depende de la dosis. Las fuentes de laboratorio consideran inocuos los multivitam\u00ednicos con dosis bajas, de 30 a 60 \u00b5g de biotina al d\u00eda; con las dosis habituales en los preparados capilares, de 5 a 10 mg al d\u00eda, recomiendan un intervalo m\u00ednimo de ocho horas y, con dosis terap\u00e9uticas altas por encima de 10 mg, de al menos tres d\u00edas.<\/p>\n\n\n\n<div style=\"border-left:4px solid #0079F1;background:#f6f9fc;border-radius:0 10px 10px 0;padding:16px 20px;margin:0 0 26px\">\n<p style=\"margin:0 0 6px;color:#013366;font-weight:700;font-size:16px\">Lo esencial sobre la pausa de biotina<\/p>\n<p style=\"margin:0;color:#2e3033;line-height:1.65\">Pause los complementos capilares y los preparados con biotina o combinados varios d\u00edas antes de la extracci\u00f3n e indique activamente su toma en la consulta, tambi\u00e9n la \u00faltima dosis. No cuesta nada y evita una TSH falseada que llevar\u00eda a una valoraci\u00f3n equivocada o a una repetici\u00f3n innecesaria. Si se trata de preparados recetados, consulte antes con su m\u00e9dico si conviene pausarlos y durante cu\u00e1nto tiempo.<\/p>\n<\/div>\n\n\n<div class=\"wp-block-image\">\n<figure class=\"aligncenter size-large is-resized\" style=\"max-width:720px;margin-left:auto;margin-right:auto\"><img decoding=\"async\" src=\"https:\/\/elithair.com\/es\/wp-content\/uploads\/sites\/5\/2026\/08\/foto_arztgespraech.png\" alt=\"Una m\u00e9dica comenta el informe del laboratorio con un paciente en la consulta\" class=\"wp-image-92133\" style=\"width:720px;max-width:100%;height:auto\"\/><\/figure>\n<\/div>\n\n\n<div style=\"border:1px solid #dbe4f0;border-radius:12px;padding:22px;margin:0 0 26px\">\n<p style=\"margin:0 0 6px;color:#013366;font-weight:700;font-size:18px\">As\u00ed llega preparado a la consulta<\/p>\n<p style=\"margin:0 0 16px;color:#2e3033\">Esta lista es una ayuda para prepararse, no una lista de pedidos. Qu\u00e9 valores se determinan lo decide el m\u00e9dico, y describir bien sus s\u00edntomas aporta m\u00e1s que exigir par\u00e1metros.<\/p>\n<p style=\"margin:0 0 6px;color:#013366;font-weight:700\">1. Mi situaci\u00f3n en tres l\u00edneas<\/p>\n<ul style=\"margin:0 0 16px;padding:0;color:#2e3033;list-style:none\">\n<li style=\"position:relative;padding:3px 0 3px 24px\"><span style=\"position:absolute;left:0;top:3px;color:#0079F1;font-weight:700\">&#10003;<\/span>Desde cu\u00e1ndo cae m\u00e1s cabello y c\u00f3mo empez\u00f3<\/li>\n<li style=\"position:relative;padding:3px 0 3px 24px\"><span style=\"position:absolute;left:0;top:3px;color:#0079F1;font-weight:700\">&#10003;<\/span>Difusa en toda la cabeza o como patr\u00f3n en la frente, las entradas y la coronilla<\/li>\n<li style=\"position:relative;padding:3px 0 3px 24px\"><span style=\"position:absolute;left:0;top:3px;color:#0079F1;font-weight:700\">&#10003;<\/span>S\u00edntomas acompa\u00f1antes y acontecimientos de los \u00faltimos cuatro meses (infecci\u00f3n, operaci\u00f3n, dieta, parto, medicamento nuevo)<\/li>\n<\/ul>\n<p style=\"margin:0 0 6px;color:#013366;font-weight:700\">2. Valores que suelen formar parte del estudio b\u00e1sico en la ca\u00edda difusa<\/p>\n<ul style=\"margin:0 0 16px;padding:0;color:#2e3033;list-style:none\">\n<li style=\"position:relative;padding:3px 0 3px 24px\"><span style=\"position:absolute;left:0;top:3px;color:#0079F1;font-weight:700\">&#10003;<\/span>Hemograma con f\u00f3rmula leucocitaria<\/li>\n<li style=\"position:relative;padding:3px 0 3px 24px\"><span style=\"position:absolute;left:0;top:3px;color:#0079F1;font-weight:700\">&#10003;<\/span>Ferritina<\/li>\n<li style=\"position:relative;padding:3px 0 3px 24px\"><span style=\"position:absolute;left:0;top:3px;color:#0079F1;font-weight:700\">&#10003;<\/span>PCR<\/li>\n<li style=\"position:relative;padding:3px 0 3px 24px\"><span style=\"position:absolute;left:0;top:3px;color:#0079F1;font-weight:700\">&#10003;<\/span>TSH<\/li>\n<li style=\"position:relative;padding:3px 0 3px 24px\"><span style=\"position:absolute;left:0;top:3px;color:#0079F1;font-weight:700\">&#10003;<\/span>25-OH-vitamina D<\/li>\n<li style=\"position:relative;padding:3px 0 3px 24px\"><span style=\"position:absolute;left:0;top:3px;color:#0079F1;font-weight:700\">&#10003;<\/span>Zinc<\/li>\n<\/ul>\n<p style=\"margin:0 0 6px;color:#013366;font-weight:700\">3. Solo seg\u00fan criterio m\u00e9dico<\/p>\n<ul style=\"margin:0 0 16px;padding:0;color:#2e3033;list-style:none\">\n<li style=\"position:relative;padding:3px 0 3px 24px\"><span style=\"position:absolute;left:0;top:3px;color:#0079F1;font-weight:700\">&#10003;<\/span>Valores ampliados como T3 libre, T4 libre, anticuerpos anti-TPO, B12, \u00e1cido f\u00f3lico o \u00edndice de saturaci\u00f3n de transferrina<\/li>\n<li style=\"position:relative;padding:3px 0 3px 24px\"><span style=\"position:absolute;left:0;top:3px;color:#0079F1;font-weight:700\">&#10003;<\/span>Valores hormonales como testosterona, SHBG, DHEA-S o prolactina; en mujeres, adem\u00e1s programados seg\u00fan el ciclo<\/li>\n<\/ul>\n<p style=\"margin:0 0 6px;color:#013366;font-weight:700\">4. Preparaci\u00f3n<\/p>\n<ul style=\"margin:0 0 16px;padding:0;color:#2e3033;list-style:none\">\n<li style=\"position:relative;padding:3px 0 3px 24px\"><span style=\"position:absolute;left:0;top:3px;color:#0079F1;font-weight:700\">&#10003;<\/span>Pausar los complementos capilares y los preparados con biotina varios d\u00edas antes e indicar su toma en la consulta<\/li>\n<li style=\"position:relative;padding:3px 0 3px 24px\"><span style=\"position:absolute;left:0;top:3px;color:#0079F1;font-weight:700\">&#10003;<\/span>No hacerse la extracci\u00f3n durante una infecci\u00f3n aguda; de lo contrario, la PCR y la ferritina salen alteradas<\/li>\n<li style=\"position:relative;padding:3px 0 3px 24px\"><span style=\"position:absolute;left:0;top:3px;color:#0079F1;font-weight:700\">&#10003;<\/span>Si est\u00e1n previstos valores hormonales, acordar el d\u00eda del ciclo con la consulta<\/li>\n<li style=\"position:relative;padding:3px 0 3px 24px\"><span style=\"position:absolute;left:0;top:3px;color:#0079F1;font-weight:700\">&#10003;<\/span>Llevar la lista de todos los medicamentos y complementos alimenticios y no dejar la p\u00edldora por cuenta propia<\/li>\n<li style=\"position:relative;padding:3px 0 3px 24px\"><span style=\"position:absolute;left:0;top:3px;color:#0079F1;font-weight:700\">&#10003;<\/span>Acudir en ayunas solo si la consulta lo indica expresamente (por ejemplo, para la glucosa o los l\u00edpidos)<\/li>\n<\/ul>\n<div style=\"border-left:4px solid #0079F1;padding:2px 0 2px 14px;color:#2e3033\">\n<p style=\"margin:0 0 4px;color:#013366;font-weight:700\">Propuesta para empezar la conversaci\u00f3n<\/p>\n<p style=\"margin:0;font-style:italic\">\u00abDesde hace unos cuatro meses se me cae bastante m\u00e1s pelo, de forma uniforme en toda la cabeza. Me gustar\u00eda comprobar si hay detr\u00e1s una causa que se pueda tratar, por ejemplo el hierro o la tiroides.\u00bb<\/p>\n<\/div>\n<\/div>\n\n\n\n<p class=\"wp-block-paragraph\">Los autotest y los laboratorios en l\u00ednea son t\u00e9cnicamente una opci\u00f3n y, para algunas personas, la puerta de entrada. Sin una valoraci\u00f3n m\u00e9dica, un valor no deja de ser una cifra sin consecuencias, y los factores de interferencia t\u00edpicos, como una PCR elevada o la toma de biotina, suelen quedar fuera. Quien elija ese camino deber\u00eda comentar despu\u00e9s el informe con un m\u00e9dico.<\/p>\n\n\n\n<h3 class=\"wp-block-heading\">\u00bfQui\u00e9n comenta conmigo los resultados, el m\u00e9dico de familia o el dermat\u00f3logo?<\/h3>\n\n\n\n<p class=\"wp-block-paragraph\">El informe lo explica la consulta que lo ha solicitado. La interpretaci\u00f3n espec\u00edfica del cabello, es decir, la conexi\u00f3n entre el valor de laboratorio y el estado del pelo, la aporta por regla general la consulta de dermatolog\u00eda, porque all\u00ed se exploran adem\u00e1s el cuero cabelludo y el patr\u00f3n. Las dos cosas se complementan y ninguno de los dos caminos es el equivocado.<\/p>\n\n\n\n<p class=\"wp-block-paragraph\">Un consejo pr\u00e1ctico: lleve una copia del informe del laboratorio a la siguiente cita. As\u00ed se evita que los mismos valores se determinen dos veces en poco tiempo y se hace visible una evoluci\u00f3n. Qui\u00e9n tiene qu\u00e9 papel en el estudio lo aclara el art\u00edculo <a href=\"\/es\/trasplante-capilar-blog\/que-medico-trata-la-caida-del-cabello\/\">ca\u00edda del cabello: qu\u00e9 m\u00e9dico puede ayudar<\/a>.<\/p>\n\n\n<div class=\"wp-block-image\">\n<figure class=\"aligncenter size-large is-resized\" style=\"max-width:720px;margin-left:auto;margin-right:auto\"><img decoding=\"async\" src=\"https:\/\/elithair.com\/es\/wp-content\/uploads\/sites\/5\/2026\/08\/foto_vorbereitung_flatlay.png\" alt=\"Preparaci\u00f3n para la extracci\u00f3n de sangre: bloc de notas, bol\u00edgrafo y lista de medicamentos sobre el escritorio\" class=\"wp-image-92134\" style=\"width:720px;max-width:100%;height:auto\"\/><\/figure>\n<\/div>\n\n\n<h2 class=\"wp-block-heading\">\u00bfEst\u00e1 cubierto el an\u00e1lisis de sangre en la ca\u00edda del cabello?<\/h2>\n\n\n\n<p class=\"wp-block-paragraph\"><strong>Cuando existe un motivo m\u00e9dico, el estudio b\u00e1sico suele estar cubierto por el sistema sanitario o por el seguro; lo decisivo es la indicaci\u00f3n, no el par\u00e1metro concreto.<\/strong> La prueba debe tener por tanto un motivo que se derive de los s\u00edntomas y de la exploraci\u00f3n. Los valores que se determinan solo a petici\u00f3n del paciente y sin indicaci\u00f3n quedan habitualmente fuera de la cobertura y se facturan de forma privada.<\/p>\n\n\n\n<p class=\"wp-block-paragraph\">D\u00f3nde pasa esa frontera no es una lista fija, sino una cuesti\u00f3n de indicaci\u00f3n. En la pr\u00e1ctica, el hemograma, la ferritina y la TSH se solicitan casi siempre con cargo al sistema sanitario cuando existe una ca\u00edda difusa que justifica el estudio. Los paneles amplios de vitaminas u hormonas sin una sospecha cl\u00ednica concreta se facturan a menudo de forma privada, y los \u00abperfiles b\u00e1sicos para la ca\u00edda del cabello\u00bb se ofrecen adem\u00e1s como paquetes de pago en el mercado.<\/p>\n\n\n\n<p class=\"wp-block-paragraph\">Por eso conviene empezar la conversaci\u00f3n por el motivo y no por una lista de peticiones: desde cu\u00e1ndo, con qu\u00e9 intensidad, difusa o en patr\u00f3n, qu\u00e9 s\u00edntomas acompa\u00f1antes y qu\u00e9 acontecimientos ha habido en los \u00faltimos cuatro meses. Eso es justo lo que justifica la petici\u00f3n. A prop\u00f3sito no damos aqu\u00ed precios concretos, porque no existe una fuente fiable y actual para el caso individual.<\/p>\n\n\n\n<p class=\"wp-block-paragraph\">Hay una segunda pregunta que suele plantearse a la vez: el tratamiento de la alopecia androgen\u00e9tica no suele estar cubierto. En muchos sistemas sanitarios quedan fuera de la financiaci\u00f3n los medicamentos cuyo objetivo principal es mejorar la calidad de vida, y entre ellos est\u00e1n los f\u00e1rmacos para mejorar el crecimiento del cabello, como la finasterida, el minoxidil y el alfatradiol. Quien tenga un seguro privado deber\u00eda consultar el alcance de su p\u00f3liza.<\/p>\n\n\n\n<h2 class=\"wp-block-heading\">Leer bien los valores: el rango de referencia no es el rango \u00f3ptimo<\/h2>\n\n\n\n<p class=\"wp-block-paragraph\">Un rango de referencia describe qu\u00e9 valores aparecen en el 95 % central de una poblaci\u00f3n sana de comparaci\u00f3n. Es una amplitud estad\u00edstica, no un valor objetivo individual. Por eso un valor puede estar \u00abdentro de la normalidad\u00bb y aun as\u00ed ser demasiado bajo para su cabello, sobre todo en el l\u00edmite inferior del rango de la ferritina. Eso explica buena parte de la confusi\u00f3n entre lo que se dice en la consulta y lo que se lee en internet.<\/p>\n\n\n\n<p class=\"wp-block-paragraph\">En segundo lugar, los rangos de referencia dependen del m\u00e9todo y del laboratorio. No existe un \u00fanico rango universal, ni para la vitamina D ni para el zinc ni para la TSH. Por eso, comparar los valores de dos laboratorios distintos, o compararlos con cifras de internet, lleva una y otra vez a conclusiones equivocadas. El \u00fanico fiable es el rango que aparece en su propio informe, al lado del valor.<\/p>\n\n\n\n<p class=\"wp-block-paragraph\">En tercer lugar, un valor aislado es una instant\u00e1nea. Una evoluci\u00f3n a lo largo de meses dice m\u00e1s que una medici\u00f3n \u00fanica, sobre todo en la ferritina y en la TSH.<\/p>\n\n\n\n<h3 class=\"wp-block-heading\" id=\"befund-uebersetzer\">Traductor de informes: qu\u00e9 significan las abreviaturas del laboratorio<\/h3>\n\n\n\n<p class=\"wp-block-paragraph\">El siguiente resumen traduce las abreviaturas habituales de su informe de laboratorio, de la Hb al VCM y a los anticuerpos anti-TPO, y explica en cada caso qu\u00e9 tiene que ver con el cabello. Es un glosario y no una interpretaci\u00f3n del informe: qu\u00e9 significa un valor concreto en su caso pertenece a la conversaci\u00f3n con el m\u00e9dico.<\/p>\n\n\n\n<style>\n@media (max-width:640px){\n.rt-table-wrap{overflow-x:visible!important;border:0!important;border-radius:0!important}\n.rt-table{min-width:0!important}\n.rt-table thead{display:none}\n.rt-table,.rt-table tbody,.rt-table tr,.rt-table td{display:block;width:100%}\n.rt-table caption{display:block;padding:0 0 12px!important}\n.rt-table tr{margin:0 0 12px;border:1px solid #dbe4f0;border-radius:10px;overflow:hidden}\n.rt-table tr:last-child{margin-bottom:0}\n.rt-table td{display:flex!important;flex-direction:column;gap:3px;padding:12px 14px!important;\nborder:0!important;border-bottom:1px solid #e3e8ef!important;background:#ffffff!important}\n.rt-table tr td:last-child{border-bottom:0!important}\n.rt-table td::before{content:attr(data-label);font-size:12px;font-weight:700;letter-spacing:.04em;\ntext-transform:uppercase;color:#5799F1}\n.rt-table td:not([data-label])::before,.rt-table td[data-label=\"\"]::before{display:none}\n}\n<\/style>\n<div class=\"rt-table-wrap\" style=\"overflow-x:auto;-webkit-overflow-scrolling:touch;margin:28px 0;border:1px solid #dbe4f0;border-radius:12px\">\n  <table class=\"rt-table\" style=\"width:100%;min-width:620px;table-layout:fixed;border-collapse:separate;border-spacing:0;font-size:15px;margin:0\">\n    <caption style=\"caption-side:top;text-align:left;color:#003366;font-weight:700;font-size:16px;line-height:1.35;padding:14px 16px 10px;background:#ffffff\">Glosario del informe de laboratorio: abreviatura, significado y relaci\u00f3n con el cabello<\/caption>\n    <thead>\n      <tr>\n        <th style=\"width:22%;background:#003366;color:#ffffff;font-weight:700;text-align:left;vertical-align:middle;padding:13px 16px;font-size:15px;line-height:1.4;border:0;overflow-wrap:break-word\">As\u00ed aparece en el informe<\/th>\n        <th style=\"background:#003366;color:#ffffff;font-weight:700;text-align:left;vertical-align:middle;padding:13px 16px;font-size:15px;line-height:1.4;border:0;overflow-wrap:break-word\">Qu\u00e9 es<\/th>\n        <th style=\"background:#003366;color:#ffffff;font-weight:700;text-align:left;vertical-align:middle;padding:13px 16px;font-size:15px;line-height:1.4;border:0;overflow-wrap:break-word\">Qu\u00e9 tiene que ver con el cabello<\/th>\n      <\/tr>\n    <\/thead>\n    <tbody>\n      <tr>\n        <td data-label=\"As\u00ed aparece en el informe\" style=\"background:#ffffff;color:#003366;font-weight:700;text-align:left;vertical-align:top;padding:13px 16px;font-size:15px;line-height:1.55;border:0;border-bottom:1px solid #e3e8ef;overflow-wrap:break-word\">Hb (hemoglobina)<\/td>\n        <td data-label=\"Qu\u00e9 es\" style=\"background:#ffffff;color:#22303e;font-weight:400;text-align:left;vertical-align:top;padding:13px 16px;font-size:15px;line-height:1.55;border:0;border-bottom:1px solid #e3e8ef;overflow-wrap:break-word\">Pigmento rojo de la sangre, transporta el ox\u00edgeno<\/td>\n        <td data-label=\"Qu\u00e9 tiene que ver con el cabello\" style=\"background:#ffffff;color:#22303e;font-weight:400;text-align:left;vertical-align:top;padding:13px 16px;font-size:15px;line-height:1.55;border:0;border-bottom:1px solid #e3e8ef;overflow-wrap:break-word\">Una Hb normal no descarta un d\u00e9ficit de hierro<\/td>\n      <\/tr>\n      <tr>\n        <td data-label=\"As\u00ed aparece en el informe\" style=\"background:#f6f9fc;color:#003366;font-weight:700;text-align:left;vertical-align:top;padding:13px 16px;font-size:15px;line-height:1.55;border:0;border-bottom:1px solid #e3e8ef;overflow-wrap:break-word\">Hto (hematocrito)<\/td>\n        <td data-label=\"Qu\u00e9 es\" style=\"background:#f6f9fc;color:#22303e;font-weight:400;text-align:left;vertical-align:top;padding:13px 16px;font-size:15px;line-height:1.55;border:0;border-bottom:1px solid #e3e8ef;overflow-wrap:break-word\">Proporci\u00f3n de c\u00e9lulas en el volumen sangu\u00edneo<\/td>\n        <td data-label=\"Qu\u00e9 tiene que ver con el cabello\" style=\"background:#f6f9fc;color:#22303e;font-weight:400;text-align:left;vertical-align:top;padding:13px 16px;font-size:15px;line-height:1.55;border:0;border-bottom:1px solid #e3e8ef;overflow-wrap:break-word\">Completa la valoraci\u00f3n de una anemia<\/td>\n      <\/tr>\n      <tr>\n        <td data-label=\"As\u00ed aparece en el informe\" style=\"background:#ffffff;color:#003366;font-weight:700;text-align:left;vertical-align:top;padding:13px 16px;font-size:15px;line-height:1.55;border:0;border-bottom:1px solid #e3e8ef;overflow-wrap:break-word\">VCM<\/td>\n        <td data-label=\"Qu\u00e9 es\" style=\"background:#ffffff;color:#22303e;font-weight:400;text-align:left;vertical-align:top;padding:13px 16px;font-size:15px;line-height:1.55;border:0;border-bottom:1px solid #e3e8ef;overflow-wrap:break-word\">Volumen corpuscular medio de los gl\u00f3bulos rojos<\/td>\n        <td data-label=\"Qu\u00e9 tiene que ver con el cabello\" style=\"background:#ffffff;color:#22303e;font-weight:400;text-align:left;vertical-align:top;padding:13px 16px;font-size:15px;line-height:1.55;border:0;border-bottom:1px solid #e3e8ef;overflow-wrap:break-word\">Las c\u00e9lulas peque\u00f1as pueden indicar un d\u00e9ficit de hierro; las grandes, un d\u00e9ficit de B12 o de \u00e1cido f\u00f3lico<\/td>\n      <\/tr>\n      <tr>\n        <td data-label=\"As\u00ed aparece en el informe\" style=\"background:#f6f9fc;color:#003366;font-weight:700;text-align:left;vertical-align:top;padding:13px 16px;font-size:15px;line-height:1.55;border:0;border-bottom:1px solid #e3e8ef;overflow-wrap:break-word\">Hemat\u00edes (eritrocitos)<\/td>\n        <td data-label=\"Qu\u00e9 es\" style=\"background:#f6f9fc;color:#22303e;font-weight:400;text-align:left;vertical-align:top;padding:13px 16px;font-size:15px;line-height:1.55;border:0;border-bottom:1px solid #e3e8ef;overflow-wrap:break-word\">Gl\u00f3bulos rojos<\/td>\n        <td data-label=\"Qu\u00e9 tiene que ver con el cabello\" style=\"background:#f6f9fc;color:#22303e;font-weight:400;text-align:left;vertical-align:top;padding:13px 16px;font-size:15px;line-height:1.55;border:0;border-bottom:1px solid #e3e8ef;overflow-wrap:break-word\">Parte del estudio de la anemia<\/td>\n      <\/tr>\n      <tr>\n        <td data-label=\"As\u00ed aparece en el informe\" style=\"background:#ffffff;color:#003366;font-weight:700;text-align:left;vertical-align:top;padding:13px 16px;font-size:15px;line-height:1.55;border:0;border-bottom:1px solid #e3e8ef;overflow-wrap:break-word\">Leucocitos<\/td>\n        <td data-label=\"Qu\u00e9 es\" style=\"background:#ffffff;color:#22303e;font-weight:400;text-align:left;vertical-align:top;padding:13px 16px;font-size:15px;line-height:1.55;border:0;border-bottom:1px solid #e3e8ef;overflow-wrap:break-word\">Gl\u00f3bulos blancos<\/td>\n        <td data-label=\"Qu\u00e9 tiene que ver con el cabello\" style=\"background:#ffffff;color:#22303e;font-weight:400;text-align:left;vertical-align:top;padding:13px 16px;font-size:15px;line-height:1.55;border:0;border-bottom:1px solid #e3e8ef;overflow-wrap:break-word\">Pueden indicar una inflamaci\u00f3n que altera la ferritina<\/td>\n      <\/tr>\n      <tr>\n        <td data-label=\"As\u00ed aparece en el informe\" style=\"background:#f6f9fc;color:#003366;font-weight:700;text-align:left;vertical-align:top;padding:13px 16px;font-size:15px;line-height:1.55;border:0;border-bottom:1px solid #e3e8ef;overflow-wrap:break-word\">Plaquetas (trombocitos)<\/td>\n        <td data-label=\"Qu\u00e9 es\" style=\"background:#f6f9fc;color:#22303e;font-weight:400;text-align:left;vertical-align:top;padding:13px 16px;font-size:15px;line-height:1.55;border:0;border-bottom:1px solid #e3e8ef;overflow-wrap:break-word\">Plaquetas responsables de la coagulaci\u00f3n<\/td>\n        <td data-label=\"Qu\u00e9 tiene que ver con el cabello\" style=\"background:#f6f9fc;color:#22303e;font-weight:400;text-align:left;vertical-align:top;padding:13px 16px;font-size:15px;line-height:1.55;border:0;border-bottom:1px solid #e3e8ef;overflow-wrap:break-word\">Sin relaci\u00f3n directa con el cabello, forma parte de la valoraci\u00f3n b\u00e1sica<\/td>\n      <\/tr>\n      <tr>\n        <td data-label=\"As\u00ed aparece en el informe\" style=\"background:#ffffff;color:#003366;font-weight:700;text-align:left;vertical-align:top;padding:13px 16px;font-size:15px;line-height:1.55;border:0;border-bottom:1px solid #e3e8ef;overflow-wrap:break-word\">Ferritina<\/td>\n        <td data-label=\"Qu\u00e9 es\" style=\"background:#ffffff;color:#22303e;font-weight:400;text-align:left;vertical-align:top;padding:13px 16px;font-size:15px;line-height:1.55;border:0;border-bottom:1px solid #e3e8ef;overflow-wrap:break-word\">Prote\u00edna de almacenamiento del hierro<\/td>\n        <td data-label=\"Qu\u00e9 tiene que ver con el cabello\" style=\"background:#ffffff;color:#22303e;font-weight:400;text-align:left;vertical-align:top;padding:13px 16px;font-size:15px;line-height:1.55;border:0;border-bottom:1px solid #e3e8ef;overflow-wrap:break-word\">El valor aislado m\u00e1s importante en la ca\u00edda difusa<\/td>\n      <\/tr>\n      <tr>\n        <td data-label=\"As\u00ed aparece en el informe\" style=\"background:#f6f9fc;color:#003366;font-weight:700;text-align:left;vertical-align:top;padding:13px 16px;font-size:15px;line-height:1.55;border:0;border-bottom:1px solid #e3e8ef;overflow-wrap:break-word\">IST (\u00edndice de saturaci\u00f3n de transferrina)<\/td>\n        <td data-label=\"Qu\u00e9 es\" style=\"background:#f6f9fc;color:#22303e;font-weight:400;text-align:left;vertical-align:top;padding:13px 16px;font-size:15px;line-height:1.55;border:0;border-bottom:1px solid #e3e8ef;overflow-wrap:break-word\">Proporci\u00f3n de la prote\u00edna transportadora cargada de hierro<\/td>\n        <td data-label=\"Qu\u00e9 tiene que ver con el cabello\" style=\"background:#f6f9fc;color:#22303e;font-weight:400;text-align:left;vertical-align:top;padding:13px 16px;font-size:15px;line-height:1.55;border:0;border-bottom:1px solid #e3e8ef;overflow-wrap:break-word\">Puede revelar un d\u00e9ficit funcional de hierro pese a una ferritina normal<\/td>\n      <\/tr>\n      <tr>\n        <td data-label=\"As\u00ed aparece en el informe\" style=\"background:#ffffff;color:#003366;font-weight:700;text-align:left;vertical-align:top;padding:13px 16px;font-size:15px;line-height:1.55;border:0;border-bottom:1px solid #e3e8ef;overflow-wrap:break-word\">PCR (prote\u00edna C reactiva)<\/td>\n        <td data-label=\"Qu\u00e9 es\" style=\"background:#ffffff;color:#22303e;font-weight:400;text-align:left;vertical-align:top;padding:13px 16px;font-size:15px;line-height:1.55;border:0;border-bottom:1px solid #e3e8ef;overflow-wrap:break-word\">Reactante de fase aguda, marcador de inflamaci\u00f3n<\/td>\n        <td data-label=\"Qu\u00e9 tiene que ver con el cabello\" style=\"background:#ffffff;color:#22303e;font-weight:400;text-align:left;vertical-align:top;padding:13px 16px;font-size:15px;line-height:1.55;border:0;border-bottom:1px solid #e3e8ef;overflow-wrap:break-word\">Una PCR elevada puede simular una ferritina demasiado alta<\/td>\n      <\/tr>\n      <tr>\n        <td data-label=\"As\u00ed aparece en el informe\" style=\"background:#f6f9fc;color:#003366;font-weight:700;text-align:left;vertical-align:top;padding:13px 16px;font-size:15px;line-height:1.55;border:0;border-bottom:1px solid #e3e8ef;overflow-wrap:break-word\">TSH<\/td>\n        <td data-label=\"Qu\u00e9 es\" style=\"background:#f6f9fc;color:#22303e;font-weight:400;text-align:left;vertical-align:top;padding:13px 16px;font-size:15px;line-height:1.55;border:0;border-bottom:1px solid #e3e8ef;overflow-wrap:break-word\">Hormona que regula la tiroides<\/td>\n        <td data-label=\"Qu\u00e9 tiene que ver con el cabello\" style=\"background:#f6f9fc;color:#22303e;font-weight:400;text-align:left;vertical-align:top;padding:13px 16px;font-size:15px;line-height:1.55;border:0;border-bottom:1px solid #e3e8ef;overflow-wrap:break-word\">Los valores alterados pueden acompa\u00f1arse de una ca\u00edda difusa<\/td>\n      <\/tr>\n      <tr>\n        <td data-label=\"As\u00ed aparece en el informe\" style=\"background:#ffffff;color:#003366;font-weight:700;text-align:left;vertical-align:top;padding:13px 16px;font-size:15px;line-height:1.55;border:0;border-bottom:1px solid #e3e8ef;overflow-wrap:break-word\">T4L y T3L<\/td>\n        <td data-label=\"Qu\u00e9 es\" style=\"background:#ffffff;color:#22303e;font-weight:400;text-align:left;vertical-align:top;padding:13px 16px;font-size:15px;line-height:1.55;border:0;border-bottom:1px solid #e3e8ef;overflow-wrap:break-word\">Hormonas tiroideas libres<\/td>\n        <td data-label=\"Qu\u00e9 tiene que ver con el cabello\" style=\"background:#ffffff;color:#22303e;font-weight:400;text-align:left;vertical-align:top;padding:13px 16px;font-size:15px;line-height:1.55;border:0;border-bottom:1px solid #e3e8ef;overflow-wrap:break-word\">Muestran cu\u00e1nto trabaja realmente la tiroides<\/td>\n      <\/tr>\n      <tr>\n        <td data-label=\"As\u00ed aparece en el informe\" style=\"background:#f6f9fc;color:#003366;font-weight:700;text-align:left;vertical-align:top;padding:13px 16px;font-size:15px;line-height:1.55;border:0;border-bottom:1px solid #e3e8ef;overflow-wrap:break-word\">Anti-TPO<\/td>\n        <td data-label=\"Qu\u00e9 es\" style=\"background:#f6f9fc;color:#22303e;font-weight:400;text-align:left;vertical-align:top;padding:13px 16px;font-size:15px;line-height:1.55;border:0;border-bottom:1px solid #e3e8ef;overflow-wrap:break-word\">Anticuerpos frente a la peroxidasa tiroidea<\/td>\n        <td data-label=\"Qu\u00e9 tiene que ver con el cabello\" style=\"background:#f6f9fc;color:#22303e;font-weight:400;text-align:left;vertical-align:top;padding:13px 16px;font-size:15px;line-height:1.55;border:0;border-bottom:1px solid #e3e8ef;overflow-wrap:break-word\">Indicio de una tiroiditis de Hashimoto<\/td>\n      <\/tr>\n      <tr>\n        <td data-label=\"As\u00ed aparece en el informe\" style=\"background:#ffffff;color:#003366;font-weight:700;text-align:left;vertical-align:top;padding:13px 16px;font-size:15px;line-height:1.55;border:0;border-bottom:1px solid #e3e8ef;overflow-wrap:break-word\">25-OH-D<\/td>\n        <td data-label=\"Qu\u00e9 es\" style=\"background:#ffffff;color:#22303e;font-weight:400;text-align:left;vertical-align:top;padding:13px 16px;font-size:15px;line-height:1.55;border:0;border-bottom:1px solid #e3e8ef;overflow-wrap:break-word\">Forma de dep\u00f3sito de la vitamina D en la sangre<\/td>\n        <td data-label=\"Qu\u00e9 tiene que ver con el cabello\" style=\"background:#ffffff;color:#22303e;font-weight:400;text-align:left;vertical-align:top;padding:13px 16px;font-size:15px;line-height:1.55;border:0;border-bottom:1px solid #e3e8ef;overflow-wrap:break-word\">Un d\u00e9ficit se valora tambi\u00e9n en la ca\u00edda difusa<\/td>\n      <\/tr>\n      <tr>\n        <td data-label=\"As\u00ed aparece en el informe\" style=\"background:#f6f9fc;color:#003366;font-weight:700;text-align:left;vertical-align:top;padding:13px 16px;font-size:15px;line-height:1.55;border:0;border-bottom:1px solid #e3e8ef;overflow-wrap:break-word\">Zn (zinc)<\/td>\n        <td data-label=\"Qu\u00e9 es\" style=\"background:#f6f9fc;color:#22303e;font-weight:400;text-align:left;vertical-align:top;padding:13px 16px;font-size:15px;line-height:1.55;border:0;border-bottom:1px solid #e3e8ef;overflow-wrap:break-word\">Oligoelemento en suero o en sangre total<\/td>\n        <td data-label=\"Qu\u00e9 tiene que ver con el cabello\" style=\"background:#f6f9fc;color:#22303e;font-weight:400;text-align:left;vertical-align:top;padding:13px 16px;font-size:15px;line-height:1.55;border:0;border-bottom:1px solid #e3e8ef;overflow-wrap:break-word\">Un d\u00e9ficit puede contribuir a una ca\u00edda difusa<\/td>\n      <\/tr>\n      <tr>\n        <td data-label=\"As\u00ed aparece en el informe\" style=\"background:#ffffff;color:#003366;font-weight:700;text-align:left;vertical-align:top;padding:13px 16px;font-size:15px;line-height:1.55;border:0;border-bottom:1px solid #e3e8ef;overflow-wrap:break-word\">Vit. B12 \/ holo-TC<\/td>\n        <td data-label=\"Qu\u00e9 es\" style=\"background:#ffffff;color:#22303e;font-weight:400;text-align:left;vertical-align:top;padding:13px 16px;font-size:15px;line-height:1.55;border:0;border-bottom:1px solid #e3e8ef;overflow-wrap:break-word\">Vitamina B12 total o la fracci\u00f3n disponible<\/td>\n        <td data-label=\"Qu\u00e9 tiene que ver con el cabello\" style=\"background:#ffffff;color:#22303e;font-weight:400;text-align:left;vertical-align:top;padding:13px 16px;font-size:15px;line-height:1.55;border:0;border-bottom:1px solid #e3e8ef;overflow-wrap:break-word\">Un d\u00e9ficit puede afectar a la formaci\u00f3n de la sangre y al crecimiento del cabello<\/td>\n      <\/tr>\n      <tr>\n        <td data-label=\"As\u00ed aparece en el informe\" style=\"background:#f6f9fc;color:#003366;font-weight:700;text-align:left;vertical-align:top;padding:13px 16px;font-size:15px;line-height:1.55;border:0;border-bottom:1px solid #e3e8ef;overflow-wrap:break-word\">\u00c1cido f\u00f3lico<\/td>\n        <td data-label=\"Qu\u00e9 es\" style=\"background:#f6f9fc;color:#22303e;font-weight:400;text-align:left;vertical-align:top;padding:13px 16px;font-size:15px;line-height:1.55;border:0;border-bottom:1px solid #e3e8ef;overflow-wrap:break-word\">Folato en suero<\/td>\n        <td data-label=\"Qu\u00e9 tiene que ver con el cabello\" style=\"background:#f6f9fc;color:#22303e;font-weight:400;text-align:left;vertical-align:top;padding:13px 16px;font-size:15px;line-height:1.55;border:0;border-bottom:1px solid #e3e8ef;overflow-wrap:break-word\">Se valora junto con la B12<\/td>\n      <\/tr>\n      <tr>\n        <td data-label=\"As\u00ed aparece en el informe\" style=\"background:#ffffff;color:#003366;font-weight:700;text-align:left;vertical-align:top;padding:13px 16px;font-size:15px;line-height:1.55;border:0;border-bottom:1px solid #e3e8ef;overflow-wrap:break-word\">Testosterona total<\/td>\n        <td data-label=\"Qu\u00e9 es\" style=\"background:#ffffff;color:#22303e;font-weight:400;text-align:left;vertical-align:top;padding:13px 16px;font-size:15px;line-height:1.55;border:0;border-bottom:1px solid #e3e8ef;overflow-wrap:break-word\">Andr\u00f3geno, unido en su mayor parte a prote\u00ednas<\/td>\n        <td data-label=\"Qu\u00e9 tiene que ver con el cabello\" style=\"background:#ffffff;color:#22303e;font-weight:400;text-align:left;vertical-align:top;padding:13px 16px;font-size:15px;line-height:1.55;border:0;border-bottom:1px solid #e3e8ef;overflow-wrap:break-word\">En las mujeres, parte de la b\u00fasqueda de una causa hormonal<\/td>\n      <\/tr>\n      <tr>\n        <td data-label=\"As\u00ed aparece en el informe\" style=\"background:#f6f9fc;color:#003366;font-weight:700;text-align:left;vertical-align:top;padding:13px 16px;font-size:15px;line-height:1.55;border:0;border-bottom:1px solid #e3e8ef;overflow-wrap:break-word\">SHBG<\/td>\n        <td data-label=\"Qu\u00e9 es\" style=\"background:#f6f9fc;color:#22303e;font-weight:400;text-align:left;vertical-align:top;padding:13px 16px;font-size:15px;line-height:1.55;border:0;border-bottom:1px solid #e3e8ef;overflow-wrap:break-word\">Prote\u00edna transportadora de las hormonas sexuales<\/td>\n        <td data-label=\"Qu\u00e9 tiene que ver con el cabello\" style=\"background:#f6f9fc;color:#22303e;font-weight:400;text-align:left;vertical-align:top;padding:13px 16px;font-size:15px;line-height:1.55;border:0;border-bottom:1px solid #e3e8ef;overflow-wrap:break-word\">Influye en cu\u00e1nta testosterona libre es eficaz<\/td>\n      <\/tr>\n      <tr>\n        <td data-label=\"As\u00ed aparece en el informe\" style=\"background:#ffffff;color:#003366;font-weight:700;text-align:left;vertical-align:top;padding:13px 16px;font-size:15px;line-height:1.55;border:0;border-bottom:1px solid #e3e8ef;overflow-wrap:break-word\">DHEA-S<\/td>\n        <td data-label=\"Qu\u00e9 es\" style=\"background:#ffffff;color:#22303e;font-weight:400;text-align:left;vertical-align:top;padding:13px 16px;font-size:15px;line-height:1.55;border:0;border-bottom:1px solid #e3e8ef;overflow-wrap:break-word\">Andr\u00f3geno de la corteza suprarrenal<\/td>\n        <td data-label=\"Qu\u00e9 tiene que ver con el cabello\" style=\"background:#ffffff;color:#22303e;font-weight:400;text-align:left;vertical-align:top;padding:13px 16px;font-size:15px;line-height:1.55;border:0;border-bottom:1px solid #e3e8ef;overflow-wrap:break-word\">Puede indicar una fuente de andr\u00f3genos fuera de los ovarios<\/td>\n      <\/tr>\n      <tr>\n        <td data-label=\"As\u00ed aparece en el informe\" style=\"background:#f6f9fc;color:#003366;font-weight:700;text-align:left;vertical-align:top;padding:13px 16px;font-size:15px;line-height:1.55;border:0;border-bottom:1px solid #e3e8ef;overflow-wrap:break-word\">Prolactina<\/td>\n        <td data-label=\"Qu\u00e9 es\" style=\"background:#f6f9fc;color:#22303e;font-weight:400;text-align:left;vertical-align:top;padding:13px 16px;font-size:15px;line-height:1.55;border:0;border-bottom:1px solid #e3e8ef;overflow-wrap:break-word\">Hormona de la hip\u00f3fisis<\/td>\n        <td data-label=\"Qu\u00e9 tiene que ver con el cabello\" style=\"background:#f6f9fc;color:#22303e;font-weight:400;text-align:left;vertical-align:top;padding:13px 16px;font-size:15px;line-height:1.55;border:0;border-bottom:1px solid #e3e8ef;overflow-wrap:break-word\">Los valores alterados deben estudiarse m\u00e9dicamente<\/td>\n      <\/tr>\n      <tr>\n        <td data-label=\"As\u00ed aparece en el informe\" style=\"background:#ffffff;color:#003366;font-weight:700;text-align:left;vertical-align:top;padding:13px 16px;font-size:15px;line-height:1.55;border:0;overflow-wrap:break-word\">HbA1c<\/td>\n        <td data-label=\"Qu\u00e9 es\" style=\"background:#ffffff;color:#22303e;font-weight:400;text-align:left;vertical-align:top;padding:13px 16px;font-size:15px;line-height:1.55;border:0;overflow-wrap:break-word\">Valor a largo plazo de la glucosa<\/td>\n        <td data-label=\"Qu\u00e9 tiene que ver con el cabello\" style=\"background:#ffffff;color:#22303e;font-weight:400;text-align:left;vertical-align:top;padding:13px 16px;font-size:15px;line-height:1.55;border:0;overflow-wrap:break-word\">Parte del estudio ante la sospecha de un s\u00edndrome de ovario poliqu\u00edstico<\/td>\n      <\/tr>\n    <\/tbody>\n  <\/table>\n<\/div>\n\n\n\n<h2 class=\"wp-block-heading\">Todos los valores normales y aun as\u00ed ca\u00edda del cabello: los siguientes pasos<\/h2>\n\n\n\n<p class=\"wp-block-paragraph\">Unos valores sin alteraciones son un resultado y no un fracaso: descartan las causas corregibles m\u00e1s frecuentes y trasladan la pregunta al patr\u00f3n. El siguiente paso no es entonces otra ronda de laboratorio, sino la exploraci\u00f3n dermatol\u00f3gica del cuero cabelludo. Cuatro explicaciones cubren la mayor parte de estos casos.<\/p>\n\n\n\n<div style=\"margin:0 0 26px\">\n<div style=\"border:1px solid #e3e8ef;border-radius:10px;padding:16px;margin-bottom:12px\">\n<p style=\"margin:0 0 6px;color:#013366;font-weight:700\">Patr\u00f3n en la frente, las entradas o la coronilla, con laboratorio normal<\/p>\n<p style=\"margin:0;color:#2e3033\">Explicaci\u00f3n probable: una alopecia androgen\u00e9tica, que no se refleja en la sangre. Siguiente paso: exploraci\u00f3n dermatol\u00f3gica con tricoscopia y documentaci\u00f3n fotogr\u00e1fica, en lugar de m\u00e1s rondas de laboratorio. Un resumen de las formas lo ofrece el art\u00edculo sobre las <a href=\"\/es\/trasplante-capilar-blog\/cuales-son-las-diferentes-causas-y-tipos-de-alopecia\/\">causas de la ca\u00edda del cabello<\/a>.<\/p>\n<\/div>\n<div style=\"border:1px solid #e3e8ef;border-radius:10px;padding:16px;margin-bottom:12px\">\n<p style=\"margin:0 0 6px;color:#013366;font-weight:700\">Ca\u00edda difusa, pero todos los valores normales<\/p>\n<p style=\"margin:0;color:#2e3033\">Explicaci\u00f3n probable: el desencadenante ya pas\u00f3. Un efluvio tel\u00f3geno empieza de dos a cuatro meses despu\u00e9s del acontecimiento, y el valor puede haberse normalizado hace tiempo cuando se mide. Siguiente paso: observar la evoluci\u00f3n, porque esta forma suele ser autolimitada.<\/p>\n<\/div>\n<div style=\"border:1px solid #e3e8ef;border-radius:10px;padding:16px;margin-bottom:12px\">\n<p style=\"margin:0 0 6px;color:#013366;font-weight:700\">Un valor est\u00e1 en el l\u00edmite inferior, pero no se coment\u00f3<\/p>\n<p style=\"margin:0;color:#2e3033\">Explicaci\u00f3n probable: el informe era formalmente normal, pero el cabello no fue el tema de la conversaci\u00f3n. Esto afecta sobre todo a la ferritina. Siguiente paso: controlar el valor en el tiempo y comentarlo expresamente en relaci\u00f3n con la ca\u00edda del cabello.<\/p>\n<\/div>\n<div style=\"border:1px solid #e3e8ef;border-radius:10px;padding:16px;margin-bottom:0\">\n<p style=\"margin:0 0 6px;color:#013366;font-weight:700\">Placas sin pelo, picor, dolor o enrojecimiento del cuero cabelludo<\/p>\n<p style=\"margin:0;color:#2e3033\">Explicaci\u00f3n probable: una forma que se ve en lugar de medirse, como una alopecia areata, una alopecia cicatricial o una alopecia por tracci\u00f3n. Siguiente paso: acudir pronto a la consulta de dermatolog\u00eda y, ante la sospecha, hacer una biopsia del cuero cabelludo.<\/p>\n<\/div>\n<\/div>\n\n\n\n<p class=\"wp-block-paragraph\">Lo que la consulta hace en su lugar no es una evasiva, sino el siguiente paso diagn\u00f3stico. La <strong>tricoscopia<\/strong> es una microscop\u00eda digital de epiluminiscencia del cuero cabelludo que permite valorar el di\u00e1metro del cabello, los orificios foliculares y los signos de inflamaci\u00f3n. A ello se suman el pull test, una documentaci\u00f3n fotogr\u00e1fica estandarizada para seguir la evoluci\u00f3n y, ante la sospecha, una biopsia del cuero cabelludo.<\/p>\n\n\n\n<p class=\"wp-block-paragraph\">Una pregunta que aparece casi siempre: \u00bfse puede detectar el estr\u00e9s en la sangre? Un \u00abvalor del estr\u00e9s\u00bb que demuestre la ca\u00edda del cabello no existe. El cortisol no es un par\u00e1metro de rutina del estudio capilar y solo se determina ante una sospecha endocrinol\u00f3gica concreta. En los paneles habituales para la ca\u00edda del cabello el cortisol no aparece. Si la cantidad de pelo que pierde es realmente inusual lo explica el art\u00edculo sobre la <a href=\"\/es\/trasplante-capilar-blog\/caida-excesiva-del-cabello\/\">ca\u00edda del cabello extrema<\/a> en detalle.<\/p>\n\n\n<div class=\"wp-block-image\">\n<figure class=\"aligncenter size-large is-resized\" style=\"max-width:720px;margin-left:auto;margin-right:auto\"><img decoding=\"async\" src=\"https:\/\/elithair.com\/es\/wp-content\/uploads\/sites\/5\/2026\/08\/foto_trichoskopie.png\" alt=\"Tricoscopia: una dermat\u00f3loga explora el cuero cabelludo con un microscopio digital de epiluminiscencia\" class=\"wp-image-92135\" style=\"width:720px;max-width:100%;height:auto\"\/><\/figure>\n<\/div>\n\n\n<h2 class=\"wp-block-heading\">\u00bfCu\u00e1nto tarda el cabello en volver a crecer tras corregir la causa?<\/h2>\n\n\n\n<p class=\"wp-block-paragraph\"><strong>Tras corregir un d\u00e9ficit demostrado, la ca\u00edda suele remitir en un plazo de tres a seis meses; hasta la recuperaci\u00f3n cosm\u00e9tica completa pueden pasar de 12 a 18 meses.<\/strong> El motivo es el ciclo del cabello: los fol\u00edculos que ya est\u00e1n en la fase de reposo todav\u00eda se caen antes de que crezcan pelos nuevos. Ese retraso es biolog\u00eda, no se\u00f1al de un fracaso del tratamiento.<\/p>\n\n\n\n<style>\n@media (max-width:640px){\n.rt-table-wrap{overflow-x:visible!important;border:0!important;border-radius:0!important}\n.rt-table{min-width:0!important}\n.rt-table thead{display:none}\n.rt-table,.rt-table tbody,.rt-table tr,.rt-table td{display:block;width:100%}\n.rt-table caption{display:block;padding:0 0 12px!important}\n.rt-table tr{margin:0 0 12px;border:1px solid #dbe4f0;border-radius:10px;overflow:hidden}\n.rt-table tr:last-child{margin-bottom:0}\n.rt-table td{display:flex!important;flex-direction:column;gap:3px;padding:12px 14px!important;\nborder:0!important;border-bottom:1px solid #e3e8ef!important;background:#ffffff!important}\n.rt-table tr td:last-child{border-bottom:0!important}\n.rt-table td::before{content:attr(data-label);font-size:12px;font-weight:700;letter-spacing:.04em;\ntext-transform:uppercase;color:#5799F1}\n.rt-table td:not([data-label])::before,.rt-table td[data-label=\"\"]::before{display:none}\n}\n<\/style>\n<div class=\"rt-table-wrap\" style=\"overflow-x:auto;-webkit-overflow-scrolling:touch;margin:28px 0;border:1px solid #dbe4f0;border-radius:12px\">\n  <table class=\"rt-table\" style=\"width:100%;min-width:480px;table-layout:fixed;border-collapse:separate;border-spacing:0;font-size:15px;margin:0\">\n    <caption style=\"caption-side:top;text-align:left;color:#003366;font-weight:700;font-size:16px;line-height:1.35;padding:14px 16px 10px;background:#ffffff\">Cronolog\u00eda del recrecimiento tras corregir una causa tratable<\/caption>\n    <thead>\n      <tr>\n        <th style=\"width:30%;background:#003366;color:#ffffff;font-weight:700;text-align:left;vertical-align:middle;padding:13px 16px;font-size:15px;line-height:1.4;border:0;overflow-wrap:break-word\">Periodo<\/th>\n        <th style=\"background:#003366;color:#ffffff;font-weight:700;text-align:left;vertical-align:middle;padding:13px 16px;font-size:15px;line-height:1.4;border:0;overflow-wrap:break-word\">Qu\u00e9 ocurre en ese tiempo<\/th>\n      <\/tr>\n    <\/thead>\n    <tbody>\n      <tr>\n        <td data-label=\"Periodo\" style=\"background:#ffffff;color:#003366;font-weight:700;text-align:left;vertical-align:top;padding:13px 16px;font-size:15px;line-height:1.55;border:0;border-bottom:1px solid #e3e8ef;overflow-wrap:break-word\">Meses 1 y 2<\/td>\n        <td data-label=\"Qu\u00e9 ocurre en ese tiempo\" style=\"background:#ffffff;color:#22303e;font-weight:400;text-align:left;vertical-align:top;padding:13px 16px;font-size:15px;line-height:1.55;border:0;border-bottom:1px solid #e3e8ef;overflow-wrap:break-word\">El tratamiento con seguimiento m\u00e9dico devuelve el valor alterado al rango objetivo. La ca\u00edda suele continuar, porque los cabellos afectados ya est\u00e1n en la fase de reposo.<\/td>\n      <\/tr>\n      <tr>\n        <td data-label=\"Periodo\" style=\"background:#f6f9fc;color:#003366;font-weight:700;text-align:left;vertical-align:top;padding:13px 16px;font-size:15px;line-height:1.55;border:0;border-bottom:1px solid #e3e8ef;overflow-wrap:break-word\">Meses 3 y 4<\/td>\n        <td data-label=\"Qu\u00e9 ocurre en ese tiempo\" style=\"background:#f6f9fc;color:#22303e;font-weight:400;text-align:left;vertical-align:top;padding:13px 16px;font-size:15px;line-height:1.55;border:0;border-bottom:1px solid #e3e8ef;overflow-wrap:break-word\">La ca\u00edda tel\u00f3gena disminuye y los fol\u00edculos vuelven a entrar en la fase de crecimiento (an\u00e1gena).<\/td>\n      <\/tr>\n      <tr>\n        <td data-label=\"Periodo\" style=\"background:#ffffff;color:#003366;font-weight:700;text-align:left;vertical-align:top;padding:13px 16px;font-size:15px;line-height:1.55;border:0;border-bottom:1px solid #e3e8ef;overflow-wrap:break-word\">Meses 5 y 6<\/td>\n        <td data-label=\"Qu\u00e9 ocurre en ese tiempo\" style=\"background:#ffffff;color:#22303e;font-weight:400;text-align:left;vertical-align:top;padding:13px 16px;font-size:15px;line-height:1.55;border:0;border-bottom:1px solid #e3e8ef;overflow-wrap:break-word\">La ca\u00edda se reduce claramente y aparecen los primeros pelos nuevos y cortos en la ra\u00edz.<\/td>\n      <\/tr>\n      <tr>\n        <td data-label=\"Periodo\" style=\"background:#f6f9fc;color:#003366;font-weight:700;text-align:left;vertical-align:top;padding:13px 16px;font-size:15px;line-height:1.55;border:0;border-bottom:1px solid #e3e8ef;overflow-wrap:break-word\">Meses 6 a 12<\/td>\n        <td data-label=\"Qu\u00e9 ocurre en ese tiempo\" style=\"background:#f6f9fc;color:#22303e;font-weight:400;text-align:left;vertical-align:top;padding:13px 16px;font-size:15px;line-height:1.55;border:0;border-bottom:1px solid #e3e8ef;overflow-wrap:break-word\">Los cabellos nuevos siguen creciendo y la densidad empieza a poder valorarse.<\/td>\n      <\/tr>\n      <tr>\n        <td data-label=\"Periodo\" style=\"background:#ffffff;color:#003366;font-weight:700;text-align:left;vertical-align:top;padding:13px 16px;font-size:15px;line-height:1.55;border:0;overflow-wrap:break-word\">Meses 12 a 18<\/td>\n        <td data-label=\"Qu\u00e9 ocurre en ese tiempo\" style=\"background:#ffffff;color:#22303e;font-weight:400;text-align:left;vertical-align:top;padding:13px 16px;font-size:15px;line-height:1.55;border:0;overflow-wrap:break-word\">Se alcanza la recuperaci\u00f3n cosm\u00e9tica completa, siempre que no exista otra causa.<\/td>\n      <\/tr>\n    <\/tbody>\n  <\/table>\n<\/div>\n\n\n\n<p class=\"wp-block-paragraph\">Esta cronolog\u00eda es una orientaci\u00f3n y no un calendario. Se deriva de la duraci\u00f3n de las fases del ciclo del cabello y de la evoluci\u00f3n descrita del efluvio tel\u00f3geno. Lo r\u00e1pido que sea en cada caso depende del valor de partida, de la intensidad del d\u00e9ficit y de si existe adem\u00e1s una alopecia androgen\u00e9tica, que no responde a la correcci\u00f3n de un nutriente.<\/p>\n\n\n<div class=\"wp-block-image\">\n<figure class=\"aligncenter size-large is-resized\" style=\"max-width:560px;margin-left:auto;margin-right:auto\"><img decoding=\"async\" src=\"https:\/\/elithair.com\/es\/wp-content\/uploads\/sites\/5\/2026\/08\/illu_haarzyklus.png\" alt=\"Ilustraci\u00f3n de las fases del ciclo del cabello en un corte de la piel: fol\u00edculo activo, fase de transici\u00f3n y fase de reposo\" class=\"wp-image-92136\" style=\"width:560px;max-width:100%;height:auto\"\/><\/figure>\n<\/div>\n\n\n<h2 class=\"wp-block-heading\">Difusa o androgen\u00e9tica: qu\u00e9 significa la distinci\u00f3n en la pr\u00e1ctica<\/h2>\n\n\n\n<p class=\"wp-block-paragraph\">La distinci\u00f3n decide el tratamiento. Una ca\u00edda difusa en toda la cabeza apunta a una causa adquirida y se trata de forma causal, por ejemplo corrigiendo un d\u00e9ficit demostrado o ajustando la tiroides. Un patr\u00f3n en la frente, las entradas y la coronilla apunta a la forma androgen\u00e9tica, y solo esta puede responder a largo plazo a los tratamientos para el crecimiento del cabello o a un trasplante de cabello propio. Con frecuencia coexisten las dos.<\/p>\n\n\n\n<p class=\"wp-block-paragraph\">Si no est\u00e1 seguro de qu\u00e9 cuadro tiene, el an\u00e1lisis capilar gratuito de Elithair ofrece una primera valoraci\u00f3n sobre qu\u00e9 patr\u00f3n se reconoce y qu\u00e9 entrar\u00eda en principio en consideraci\u00f3n. Es una orientaci\u00f3n y no un diagn\u00f3stico m\u00e9dico, y no sustituye el estudio dermatol\u00f3gico. Antes de un tratamiento, en Elithair se realiza adem\u00e1s un an\u00e1lisis de sangre para buscar la causa: si muestra que un d\u00e9ficit o una causa hormonal est\u00e1 impulsando la p\u00e9rdida de cabello, primero se trata esa causa y no se trasplanta. Ese es el motivo por el que rechazamos una parte considerable de las solicitudes.<\/p>\n\n\n\n<div class=\"wp-block-buttons is-content-justification-center is-layout-flex wp-container-core-buttons-is-layout-fe48e5de wp-block-buttons-is-layout-flex\" style=\"justify-content:center;margin-bottom:48px\"><div class=\"wp-block-button\"><a class=\"wp-block-button__link wp-element-button\" style=\"background-color:#0079F1;color:#ffffff;border-radius:8px;padding:15px 36px;font-weight:700;font-size:17px\" href=\"\/es\/analisis-capilar\/\">Iniciar el an\u00e1lisis capilar gratuito<\/a><\/div><\/div>\n\n\n\n<h2 class=\"wp-block-heading\">Preguntas frecuentes sobre los valores sangu\u00edneos en la ca\u00edda del cabello<\/h2>\n\n\n\n<div style=\"margin:0 0 26px\">\n<div style=\"border:1px solid #e3e8ef;border-radius:10px;padding:16px;margin-bottom:12px\">\n<p style=\"margin:0 0 8px;color:#013366;font-weight:600\">\u00bfQu\u00e9 valores sangu\u00edneos conviene analizar en la ca\u00edda del cabello?<\/p>\n<p style=\"margin:0;color:#2e3033\">Tiene sentido un panel b\u00e1sico de seis valores: hemograma con f\u00f3rmula leucocitaria, ferritina, PCR, TSH, 25-OH-vitamina D y zinc. Esta combinaci\u00f3n cubre el d\u00e9ficit de hierro, la anemia, la inflamaci\u00f3n, la funci\u00f3n tiroidea y las carencias nutricionales m\u00e1s frecuentes. Si la ca\u00edda difusa persiste pese a unos valores normales, se a\u00f1aden par\u00e1metros ampliados como T3 libre, T4 libre, anticuerpos anti-TPO, B12 o el \u00edndice de saturaci\u00f3n de transferrina.<\/p>\n<\/div>\n<div style=\"border:1px solid #e3e8ef;border-radius:10px;padding:16px;margin-bottom:12px\">\n<p style=\"margin:0 0 8px;color:#013366;font-weight:600\">\u00bfLa ferritina est\u00e1 incluida en un hemograma completo?<\/p>\n<p style=\"margin:0;color:#2e3033\">No. Un hemograma completo consta del hemograma b\u00e1sico y de la f\u00f3rmula leucocitaria de los gl\u00f3bulos blancos. La ferritina, la TSH, la 25-OH-vitamina D y el zinc no est\u00e1n incluidos y hay que pedirlos por separado. El hemograma aporta como mucho una pista indirecta a trav\u00e9s del VCM: unos gl\u00f3bulos rojos peque\u00f1os pueden apuntar a un d\u00e9ficit de hierro.<\/p>\n<\/div>\n<div style=\"border:1px solid #e3e8ef;border-radius:10px;padding:16px;margin-bottom:12px\">\n<p style=\"margin:0 0 8px;color:#013366;font-weight:600\">\u00bfQu\u00e9 valor de ferritina es relevante para el cabello?<\/p>\n<p style=\"margin:0;color:#2e3033\">No existe un valor objetivo asegurado para el cabello. Las referencias de laboratorio definen el d\u00e9ficit de hierro casi siempre por debajo de 15 a 30 \u00b5g\/l. En el debate especializado se mencionan para el cabello 40 a 70 \u00b5g\/l (Rushton 2002, Trost et al. 2006), mientras que estudios controlados como el de Olsen et al. 2010 lo contradicen. El hierro solo se prescribe en la consulta m\u00e9dica cuando el d\u00e9ficit est\u00e1 demostrado.<\/p>\n<\/div>\n<div style=\"border:1px solid #e3e8ef;border-radius:10px;padding:16px;margin-bottom:12px\">\n<p style=\"margin:0 0 8px;color:#013366;font-weight:600\">\u00bfSe puede detectar la alopecia androgen\u00e9tica en la sangre y sirve de algo medir la DHT o la testosterona?<\/p>\n<p style=\"margin:0;color:#2e3033\">No. La alopecia androgen\u00e9tica se debe a la sensibilidad de los fol\u00edculos frente a la DHT, no a unos niveles hormonales elevados; los hombres afectados suelen tener valores normales de testosterona y de DHT. El diagn\u00f3stico lo da la exploraci\u00f3n del patr\u00f3n y del cuero cabelludo. En las mujeres, los andr\u00f3genos se determinan con otro objetivo, el de buscar una enfermedad hormonal de base.<\/p>\n<\/div>\n<div style=\"border:1px solid #e3e8ef;border-radius:10px;padding:16px;margin-bottom:12px\">\n<p style=\"margin:0 0 8px;color:#013366;font-weight:600\">\u00bfTengo que ir en ayunas al an\u00e1lisis y debo dejar antes los complementos capilares?<\/p>\n<p style=\"margin:0;color:#2e3033\">Para la ferritina, la TSH, la vitamina D, el zinc y la B12 no suele hacer falta ayuno, aunque s\u00ed para la glucosa y los l\u00edpidos. En cambio, las fuentes de laboratorio recomiendan expresamente pausar los complementos capilares con biotina en dosis altas: con 5 a 10 mg al d\u00eda, al menos ocho horas; con m\u00e1s de 10 mg, al menos tres d\u00edas. La FDA advirti\u00f3 en 2017 de valores falseados de tiroides y de troponina.<\/p>\n<\/div>\n<div style=\"border:1px solid #e3e8ef;border-radius:10px;padding:16px;margin-bottom:12px\">\n<p style=\"margin:0 0 8px;color:#013366;font-weight:600\">\u00bfQu\u00e9 valores sangu\u00edneos en la ca\u00edda difusa en mujeres y cu\u00e1ndo se extraen?<\/p>\n<p style=\"margin:0;color:#2e3033\">La base es en las mujeres la misma que en los hombres: hemograma, ferritina, PCR, TSH, 25-OH-vitamina D y zinc. Los valores hormonales solo se a\u00f1aden si hay signos que lo justifiquen y los programa el m\u00e9dico, casi siempre en la fase folicular temprana, en torno a los d\u00edas 2 a 5 del ciclo, y por la ma\u00f1ana, porque la testosterona alcanza su m\u00e1ximo hacia las 8. Bajo la p\u00edldora, los valores de andr\u00f3genos solo pueden valorarse de forma limitada.<\/p>\n<\/div>\n<div style=\"border:1px solid #e3e8ef;border-radius:10px;padding:16px;margin-bottom:0\">\n<p style=\"margin:0 0 8px;color:#013366;font-weight:600\">\u00bfEst\u00e1 cubierto el an\u00e1lisis de sangre en la ca\u00edda del cabello?<\/p>\n<p style=\"margin:0;color:#2e3033\">Cuando existe un motivo m\u00e9dico, el estudio b\u00e1sico suele estar cubierto; lo decisivo es la indicaci\u00f3n. El hemograma, la ferritina y la TSH se solicitan casi siempre con cargo al sistema sanitario cuando existe una ca\u00edda difusa que justifica el estudio, mientras que los paquetes amplios de vitaminas y hormonas sin sospecha cl\u00ednica se facturan a menudo de forma privada. El tratamiento farmacol\u00f3gico de la alopecia androgen\u00e9tica se considera por lo general de car\u00e1cter est\u00e9tico y queda fuera de la financiaci\u00f3n.<\/p>\n<\/div>\n<\/div>\n\n\n<div class=\"wp-block-image\">\n<figure class=\"aligncenter size-large is-resized\" style=\"max-width:720px;margin-left:auto;margin-right:auto\"><img decoding=\"async\" src=\"https:\/\/elithair.com\/es\/wp-content\/uploads\/sites\/5\/2026\/08\/foto_laborzettel.png\" alt=\"Una mujer lee su informe de laboratorio en la mesa e interpreta sus valores sangu\u00edneos\" class=\"wp-image-92137\" style=\"width:720px;max-width:100%;height:auto\"\/><\/figure>\n<\/div>\n\n\n<div style=\"margin:0 0 26px\">\n<div style=\"border:1px solid #e3e8ef;border-radius:10px;padding:16px;margin-bottom:12px\">\n<p style=\"margin:0 0 8px;color:#013366;font-weight:600\">Todos mis valores son normales, \u00bfpor qu\u00e9 se me sigue cayendo el pelo?<\/p>\n<p style=\"margin:0;color:#2e3033\">Lo m\u00e1s habitual es que detr\u00e1s haya una causa que no se refleja en la sangre. Cuatro explicaciones cubren la mayor parte de estos casos: una alopecia androgen\u00e9tica, que no aparece en el an\u00e1lisis; un desencadenante pasado cuyo valor ya se ha normalizado, porque la ca\u00edda empieza dos a cuatro meses m\u00e1s tarde; un valor en el l\u00edmite inferior que se dio por normal; o una forma que se ve en lugar de medirse. El siguiente paso es la tricoscopia.<\/p>\n<\/div>\n<div style=\"border:1px solid #e3e8ef;border-radius:10px;padding:16px;margin-bottom:12px\">\n<p style=\"margin:0 0 8px;color:#013366;font-weight:600\">\u00bfCu\u00e1nto tarda el cabello en crecer tras corregir un d\u00e9ficit?<\/p>\n<p style=\"margin:0;color:#2e3033\">Tras la correcci\u00f3n, la ca\u00edda suele remitir en un plazo de tres a seis meses, y la recuperaci\u00f3n cosm\u00e9tica completa puede tardar de 12 a 18 meses. El motivo es el ciclo del cabello: los pelos en fase de reposo todav\u00eda se caen antes de que crezcan otros nuevos. Los primeros pelos cortos suelen verse a partir del quinto o sexto mes.<\/p>\n<\/div>\n<div style=\"border:1px solid #e3e8ef;border-radius:10px;padding:16px;margin-bottom:0\">\n<p style=\"margin:0 0 8px;color:#013366;font-weight:600\">\u00bfQui\u00e9n comenta conmigo los resultados, el m\u00e9dico de familia o el dermat\u00f3logo?<\/p>\n<p style=\"margin:0;color:#2e3033\">El informe lo explica la consulta que lo ha solicitado. La conexi\u00f3n entre el valor de laboratorio y el estado del cabello la aporta casi siempre la consulta de dermatolog\u00eda, porque all\u00ed se exploran adem\u00e1s el cuero cabelludo y el patr\u00f3n. Lleve una copia del informe: as\u00ed los mismos valores no se determinan dos veces y se hace visible una evoluci\u00f3n.<\/p>\n<\/div>\n<\/div>\n\n\n\n<h2 class=\"wp-block-heading\">Fuentes cient\u00edficas<\/h2>\n\n\n\n<div style=\"border:1px solid #e3e8ef;border-radius:10px;padding:20px;margin-bottom:24px;background:#fafbfc\">\n<ul style=\"list-style:none;padding:0;margin:0;color:#2e3033;font-size:14px;line-height:1.6\">\n<li style=\"padding:7px 0;border-bottom:1px solid #eef1f6\">Trost LB, Bergfeld WF, Calogeras E (2006): The diagnosis and treatment of iron deficiency and its potential relationship to hair loss. <em>J Am Acad Dermatol<\/em>. <a href=\"https:\/\/www.sciencedirect.com\/science\/article\/abs\/pii\/S0190962205047456\" target=\"_blank\" rel=\"noopener\">ScienceDirect<\/a><\/li>\n<li style=\"padding:7px 0;border-bottom:1px solid #eef1f6\">Rushton DH (2002): Nutritional factors and hair loss. <em>Clin Exp Dermatol<\/em>. <a href=\"https:\/\/onlinelibrary.wiley.com\/doi\/abs\/10.1046\/j.1365-2230.2002.01076.x\" target=\"_blank\" rel=\"noopener\">Wiley Online Library<\/a><\/li>\n<li style=\"padding:7px 0;border-bottom:1px solid #eef1f6\">Olsen EA, Reed KB, Cacchio PB, Caudill L (2010): Iron deficiency in female pattern hair loss, chronic telogen effluvium, and control groups. <em>J Am Acad Dermatol<\/em>. <a href=\"https:\/\/www.jaad.org\/article\/S0190-9622(09)02247-6\/abstract\" target=\"_blank\" rel=\"noopener\">JAAD<\/a><\/li>\n<li style=\"padding:7px 0;border-bottom:1px solid #eef1f6\">Almohanna HM, Ahmed AA, Tsatalis JP, Tosti A (2019): The Role of Vitamins and Minerals in Hair Loss: A Review. <em>Dermatol Ther (Heidelb)<\/em> 9(1):51-70. <a href=\"https:\/\/link.springer.com\/article\/10.1007\/s13555-018-0278-6\" target=\"_blank\" rel=\"noopener\">Springer<\/a><\/li>\n<li style=\"padding:7px 0;border-bottom:1px solid #eef1f6\">Sociedad Espa\u00f1ola de Endocrinolog\u00eda y Nutrici\u00f3n (SEEN): documento de recomendaciones sobre la TSH elevada y el hipotiroidismo subcl\u00ednico. <a href=\"https:\/\/www.seen.es\/ModulGEX\/workspace\/publico\/modulos\/web\/docs\/apartados\/2474\/240521_041409_0917673668.pdf\" target=\"_blank\" rel=\"noopener\">SEEN<\/a><\/li>\n<li style=\"padding:7px 0;border-bottom:1px solid #eef1f6\">Recomendaciones sobre el manejo cl\u00ednico de la alopecia areata, publicadas en Actas Dermo-Sifiliogr\u00e1ficas (2023). <a href=\"https:\/\/www.actasdermo.org\/es-recomendaciones-sobre-el-manejo-clinico-articulo-S000173102300844X\" target=\"_blank\" rel=\"noopener\">Actas Dermo-Sifiliogr\u00e1ficas<\/a><\/li>\n<li style=\"padding:7px 0;border-bottom:1px solid #eef1f6\">Institute of Medicine (2011): valores de referencia de calcio y vitamina D; clasificaci\u00f3n del estado de vitamina D. <em>Dietary Reference Intakes for Calcium and Vitamin D<\/em> Informe del comit\u00e9, Washington D. C. Institute of Medicine<\/li>\n<li style=\"padding:7px 0;border-bottom:1px solid #eef1f6\">Comunicado de seguridad de la FDA (28\/11\/2017, actualizado en 2019): la FDA advierte de que la biotina puede interferir en las pruebas de laboratorio. <a href=\"https:\/\/www.asahq.org\/advocacy-and-asapac\/fda-and-washington-alerts\/fda-alerts\/2017\/12\/biotin-vitamin-b7-safety-communication-may-interfere-with-lab-tests\" target=\"_blank\" rel=\"noopener\">Resumen de la American Society of Anesthesiologists<\/a><\/li>\n<li style=\"padding:7px 0;border-bottom:1px solid #eef1f6\">Sociedad Espa\u00f1ola de Endocrinolog\u00eda y Nutrici\u00f3n (SEEN): documento de posicionamiento sobre la determinaci\u00f3n de vitamina D y su cribado en poblaci\u00f3n asintom\u00e1tica. <a href=\"https:\/\/www.seen.es\/ModulGEX\/workspace\/publico\/modulos\/web\/docs\/apartados\/991\/060420_100239_1352286268.pdf\" target=\"_blank\" rel=\"noopener\">SEEN<\/a><\/li>\n<li style=\"padding:7px 0;border-bottom:1px solid #eef1f6\">Cobertura: los medicamentos cuyo objetivo principal es mejorar la calidad de vida, entre ellos los destinados a mejorar el crecimiento del cabello, quedan fuera de la financiaci\u00f3n p\u00fablica en muchos sistemas sanitarios. Consulte las condiciones de su cobertura<\/li>\n<li style=\"padding:7px 0;border-bottom:0\">Hormonanalytik: was der Frauenarzt wissen muss (2018). <em>Der Gyn\u00e4kologe<\/em>, Springer. <a href=\"https:\/\/link.springer.com\/article\/10.1007\/s00129-018-4319-0\" target=\"_blank\" rel=\"noopener\">Springer<\/a><\/li>\n<\/ul>\n<p style=\"margin:14px 0 0;color:#6b7280;font-size:13px;font-style:italic\">Fecha de la investigaci\u00f3n: agosto de 2026. Este art\u00edculo explica el diagn\u00f3stico de laboratorio en un lenguaje comprensible y no sustituye ninguna exploraci\u00f3n, consulta ni interpretaci\u00f3n de resultados por parte de un m\u00e9dico.<\/p>\n<\/div>\n\n\n\n<script type=\"application\/ld+json\">\n{\"@context\":\"https:\/\/schema.org\",\"@type\":\"FAQPage\",\"mainEntity\":[{\"@type\":\"Question\",\"name\":\"\u00bfQu\u00e9 valores sangu\u00edneos conviene analizar en la ca\u00edda del cabello?\",\"acceptedAnswer\":{\"@type\":\"Answer\",\"text\":\"Tiene sentido un panel b\u00e1sico de seis valores: hemograma con f\u00f3rmula leucocitaria, ferritina, PCR, TSH, 25-OH-vitamina D y zinc. Esta combinaci\u00f3n cubre el d\u00e9ficit de hierro, la anemia, la inflamaci\u00f3n, la funci\u00f3n tiroidea y las carencias nutricionales m\u00e1s frecuentes. Si la ca\u00edda difusa persiste pese a unos valores normales, se a\u00f1aden par\u00e1metros ampliados como T3 libre, T4 libre, anticuerpos anti-TPO, B12 o el \u00edndice de saturaci\u00f3n de transferrina.\"}},{\"@type\":\"Question\",\"name\":\"\u00bfLa ferritina est\u00e1 incluida en un hemograma completo?\",\"acceptedAnswer\":{\"@type\":\"Answer\",\"text\":\"No. Un hemograma completo consta del hemograma b\u00e1sico y de la f\u00f3rmula leucocitaria de los gl\u00f3bulos blancos. La ferritina, la TSH, la 25-OH-vitamina D y el zinc no est\u00e1n incluidos y hay que pedirlos por separado. El hemograma aporta como mucho una pista indirecta a trav\u00e9s del VCM: unos gl\u00f3bulos rojos peque\u00f1os pueden apuntar a un d\u00e9ficit de hierro.\"}},{\"@type\":\"Question\",\"name\":\"\u00bfQu\u00e9 valor de ferritina es relevante para el cabello?\",\"acceptedAnswer\":{\"@type\":\"Answer\",\"text\":\"No existe un valor objetivo asegurado para el cabello. Las referencias de laboratorio definen el d\u00e9ficit de hierro casi siempre por debajo de 15 a 30 \u00b5g\/l. En el debate especializado se mencionan para el cabello 40 a 70 \u00b5g\/l (Rushton 2002, Trost et al. 2006), mientras que estudios controlados como el de Olsen et al. 2010 lo contradicen. El hierro solo se prescribe en la consulta m\u00e9dica cuando el d\u00e9ficit est\u00e1 demostrado.\"}},{\"@type\":\"Question\",\"name\":\"\u00bfSe puede detectar la alopecia androgen\u00e9tica en la sangre y sirve de algo medir la DHT o la testosterona?\",\"acceptedAnswer\":{\"@type\":\"Answer\",\"text\":\"No. La alopecia androgen\u00e9tica se debe a la sensibilidad de los fol\u00edculos frente a la DHT, no a unos niveles hormonales elevados; los hombres afectados suelen tener valores normales de testosterona y de DHT. El diagn\u00f3stico lo da la exploraci\u00f3n del patr\u00f3n y del cuero cabelludo. En las mujeres, los andr\u00f3genos se determinan con otro objetivo, el de buscar una enfermedad hormonal de base.\"}},{\"@type\":\"Question\",\"name\":\"\u00bfTengo que ir en ayunas al an\u00e1lisis y debo dejar antes los complementos capilares?\",\"acceptedAnswer\":{\"@type\":\"Answer\",\"text\":\"Para la ferritina, la TSH, la vitamina D, el zinc y la B12 no suele hacer falta ayuno, aunque s\u00ed para la glucosa y los l\u00edpidos. En cambio, las fuentes de laboratorio recomiendan expresamente pausar los complementos capilares con biotina en dosis altas: con 5 a 10 mg al d\u00eda, al menos ocho horas; con m\u00e1s de 10 mg, al menos tres d\u00edas. La FDA advirti\u00f3 en 2017 de valores falseados de tiroides y de troponina.\"}},{\"@type\":\"Question\",\"name\":\"\u00bfQu\u00e9 valores sangu\u00edneos en la ca\u00edda difusa en mujeres y cu\u00e1ndo se extraen?\",\"acceptedAnswer\":{\"@type\":\"Answer\",\"text\":\"La base es en las mujeres la misma que en los hombres: hemograma, ferritina, PCR, TSH, 25-OH-vitamina D y zinc. Los valores hormonales solo se a\u00f1aden si hay signos que lo justifiquen y los programa el m\u00e9dico, casi siempre en la fase folicular temprana, en torno a los d\u00edas 2 a 5 del ciclo, y por la ma\u00f1ana, porque la testosterona alcanza su m\u00e1ximo hacia las 8. Bajo la p\u00edldora, los valores de andr\u00f3genos solo pueden valorarse de forma limitada.\"}},{\"@type\":\"Question\",\"name\":\"\u00bfEst\u00e1 cubierto el an\u00e1lisis de sangre en la ca\u00edda del cabello?\",\"acceptedAnswer\":{\"@type\":\"Answer\",\"text\":\"Cuando existe un motivo m\u00e9dico, el estudio b\u00e1sico suele estar cubierto; lo decisivo es la indicaci\u00f3n. El hemograma, la ferritina y la TSH se solicitan casi siempre con cargo al sistema sanitario cuando existe una ca\u00edda difusa que justifica el estudio, mientras que los paquetes amplios de vitaminas y hormonas sin sospecha cl\u00ednica se facturan a menudo de forma privada. El tratamiento farmacol\u00f3gico de la alopecia androgen\u00e9tica se considera por lo general de car\u00e1cter est\u00e9tico y queda fuera de la financiaci\u00f3n.\"}},{\"@type\":\"Question\",\"name\":\"Todos mis valores son normales, \u00bfpor qu\u00e9 se me sigue cayendo el pelo?\",\"acceptedAnswer\":{\"@type\":\"Answer\",\"text\":\"Lo m\u00e1s habitual es que detr\u00e1s haya una causa que no se refleja en la sangre. Cuatro explicaciones cubren la mayor parte de estos casos: una alopecia androgen\u00e9tica, que no aparece en el an\u00e1lisis; un desencadenante pasado cuyo valor ya se ha normalizado, porque la ca\u00edda empieza dos a cuatro meses m\u00e1s tarde; un valor en el l\u00edmite inferior que se dio por normal; o una forma que se ve en lugar de medirse. El siguiente paso es la tricoscopia.\"}},{\"@type\":\"Question\",\"name\":\"\u00bfCu\u00e1nto tarda el cabello en crecer tras corregir un d\u00e9ficit?\",\"acceptedAnswer\":{\"@type\":\"Answer\",\"text\":\"Tras la correcci\u00f3n, la ca\u00edda suele remitir en un plazo de tres a seis meses, y la recuperaci\u00f3n cosm\u00e9tica completa puede tardar de 12 a 18 meses. El motivo es el ciclo del cabello: los pelos en fase de reposo todav\u00eda se caen antes de que crezcan otros nuevos. Los primeros pelos cortos suelen verse a partir del quinto o sexto mes.\"}},{\"@type\":\"Question\",\"name\":\"\u00bfQui\u00e9n comenta conmigo los resultados, el m\u00e9dico de familia o el dermat\u00f3logo?\",\"acceptedAnswer\":{\"@type\":\"Answer\",\"text\":\"El informe lo explica la consulta que lo ha solicitado. La conexi\u00f3n entre el valor de laboratorio y el estado del cabello la aporta casi siempre la consulta de dermatolog\u00eda, porque all\u00ed se exploran adem\u00e1s el cuero cabelludo y el patr\u00f3n. Lleve una copia del informe: as\u00ed los mismos valores no se determinan dos veces y se hace visible una evoluci\u00f3n.\"}}]}\n<\/script>\n\n","protected":false},"excerpt":{"rendered":"<p>Quien acude al m\u00e9dico por una ca\u00edda del cabello quiere saber sobre todo dos cosas: qu\u00e9 valores sangu\u00edneos conviene medir y qu\u00e9 significan las cifras del informe. Los m\u00e1s informativos son seis: hemograma, ferritina, PCR, TSH, 25-OH-vitamina D y zinc. Aclaran las causas tratables de una ca\u00edda difusa. En cambio, la forma m\u00e1s frecuente, la [&hellip;]<\/p>\n","protected":false},"author":10,"featured_media":91875,"comment_status":"closed","ping_status":"closed","sticky":false,"template":"","format":"standard","meta":{"_acf_changed":false,"_yoast_wpseo_meta-robots-noindex":"","_yoast_wpseo_meta-robots-nofollow":"","_yoast_wpseo_meta-robots-adv":"","_yoast_wpseo_canonical":"https:\/\/elithair.com\/es\/trasplante-capilar-blog\/analisis-sangre-caida-cabello\/","_yoast_wpseo_opengraph-title":"","_yoast_wpseo_opengraph-description":"","_yoast_wpseo_opengraph-image":"","_yoast_wpseo_twitter-title":"","_yoast_wpseo_twitter-description":"","_yoast_wpseo_twitter-image":"","_hm_hreflang_map":{"ar":47074,"de":58550,"en":96956,"es":91871,"fr":101237,"it":107656,"pt":89716,"tr":83298,"uk":96342,"x_default":96956},"_hm_language_code":"es","footnotes":""},"categories":[6],"tags":[],"class_list":["post-91871","post","type-post","status-publish","format-standard","has-post-thumbnail","hentry","category-caida-del-cabello"],"acf":[],"yoast_head":"<!-- This site is optimized with the Yoast SEO Premium plugin v28.3 (Yoast SEO v28.3) - https:\/\/yoast.com\/product\/yoast-seo-premium-wordpress\/ -->\n<title>Valores sangu\u00edneos en la ca\u00edda del cabello: \u00bfqu\u00e9 an\u00e1lisis aclaran de verdad la causa? Ferritina, TSH y hemograma bien interpretados<\/title>\n<meta name=\"description\" content=\"Qu\u00e9 valores sangu\u00edneos tienen sentido en la ca\u00edda del cabello: ferritina, TSH, vitamina D, zinc y hemograma, con rangos orientativos, proceso y cobertura.\" \/>\n<meta name=\"robots\" content=\"index, follow, max-snippet:-1, max-image-preview:large, max-video-preview:-1\" \/>\n<link rel=\"canonical\" href=\"https:\/\/elithair.com\/es\/trasplante-capilar-blog\/analisis-sangre-caida-cabello\/\" \/>\n<meta property=\"og:locale\" content=\"es_ES\" \/>\n<meta property=\"og:type\" content=\"article\" \/>\n<meta property=\"og:title\" content=\"Valores sangu\u00edneos en la ca\u00edda del cabello: qu\u00e9 an\u00e1lisis tienen sentido\" \/>\n<meta property=\"og:description\" content=\"Qu\u00e9 valores sangu\u00edneos tienen sentido en la ca\u00edda del cabello: ferritina, TSH, vitamina D, zinc y hemograma, con rangos orientativos, proceso y cobertura.\" \/>\n<meta property=\"og:url\" content=\"https:\/\/elithair.com\/es\/trasplante-capilar-blog\/analisis-sangre-caida-cabello\/\" \/>\n<meta property=\"og:site_name\" content=\"Elithair\" \/>\n<meta property=\"article:publisher\" content=\"https:\/\/www.facebook.com\/elithairtransplantspanish\" \/>\n<meta property=\"article:published_time\" content=\"2026-08-29T12:36:39+00:00\" \/>\n<meta property=\"og:image\" content=\"https:\/\/elithair.com\/es\/wp-content\/uploads\/sites\/5\/2026\/08\/infografik_blut_zeigt__es.png\" \/>\n<meta name=\"author\" content=\"Dr. Imad Moustafa\" \/>\n<meta name=\"twitter:card\" content=\"summary_large_image\" \/>\n<meta name=\"twitter:label1\" content=\"Escrito por\" \/>\n\t<meta name=\"twitter:data1\" content=\"Dr. Imad Moustafa\" \/>\n\t<meta name=\"twitter:label2\" content=\"Tiempo de lectura\" \/>\n\t<meta name=\"twitter:data2\" content=\"47 minutos\" \/>\n<script type=\"application\/ld+json\" class=\"yoast-schema-graph\">{\"@context\":\"https:\\\/\\\/schema.org\",\"@graph\":[{\"@type\":\"Article\",\"@id\":\"https:\\\/\\\/elithair.com\\\/es\\\/trasplante-capilar-blog\\\/analisis-sangre-caida-cabello\\\/#article\",\"isPartOf\":{\"@id\":\"https:\\\/\\\/elithair.com\\\/es\\\/trasplante-capilar-blog\\\/analisis-sangre-caida-cabello\\\/\"},\"author\":{\"name\":\"Dr. Imad Moustafa\",\"@id\":\"https:\\\/\\\/elithair.com\\\/es\\\/#\\\/schema\\\/person\\\/11ce37e83a6343e4c37edcd4b5498e41\"},\"headline\":\"Valores sangu\u00edneos en la ca\u00edda del cabello: qu\u00e9 an\u00e1lisis tienen sentido\",\"datePublished\":\"2026-08-29T12:36:39+00:00\",\"mainEntityOfPage\":{\"@id\":\"https:\\\/\\\/elithair.com\\\/es\\\/trasplante-capilar-blog\\\/analisis-sangre-caida-cabello\\\/\"},\"wordCount\":9388,\"publisher\":{\"@id\":\"https:\\\/\\\/elithair.com\\\/es\\\/#organization\"},\"image\":{\"@id\":\"https:\\\/\\\/elithair.com\\\/es\\\/trasplante-capilar-blog\\\/analisis-sangre-caida-cabello\\\/#primaryimage\"},\"thumbnailUrl\":\"https:\\\/\\\/elithair.com\\\/es\\\/wp-content\\\/uploads\\\/sites\\\/5\\\/2026\\\/08\\\/hero-7.png\",\"articleSection\":[\"Ca\u00edda del cabello\"],\"inLanguage\":\"es\"},{\"@type\":\"WebPage\",\"@id\":\"https:\\\/\\\/elithair.com\\\/es\\\/trasplante-capilar-blog\\\/analisis-sangre-caida-cabello\\\/\",\"url\":\"https:\\\/\\\/elithair.com\\\/es\\\/trasplante-capilar-blog\\\/analisis-sangre-caida-cabello\\\/\",\"name\":\"Valores sangu\u00edneos en la ca\u00edda del cabello: \u00bfqu\u00e9 an\u00e1lisis aclaran de verdad la causa? Ferritina, TSH y hemograma bien interpretados\",\"isPartOf\":{\"@id\":\"https:\\\/\\\/elithair.com\\\/es\\\/#website\"},\"primaryImageOfPage\":{\"@id\":\"https:\\\/\\\/elithair.com\\\/es\\\/trasplante-capilar-blog\\\/analisis-sangre-caida-cabello\\\/#primaryimage\"},\"image\":{\"@id\":\"https:\\\/\\\/elithair.com\\\/es\\\/trasplante-capilar-blog\\\/analisis-sangre-caida-cabello\\\/#primaryimage\"},\"thumbnailUrl\":\"https:\\\/\\\/elithair.com\\\/es\\\/wp-content\\\/uploads\\\/sites\\\/5\\\/2026\\\/08\\\/hero-7.png\",\"datePublished\":\"2026-08-29T12:36:39+00:00\",\"description\":\"Qu\u00e9 valores sangu\u00edneos tienen sentido en la ca\u00edda del cabello: ferritina, TSH, vitamina D, zinc y hemograma, con rangos orientativos, proceso y cobertura.\",\"breadcrumb\":{\"@id\":\"https:\\\/\\\/elithair.com\\\/es\\\/trasplante-capilar-blog\\\/analisis-sangre-caida-cabello\\\/#breadcrumb\"},\"inLanguage\":\"es\",\"potentialAction\":[{\"@type\":\"ReadAction\",\"target\":[\"https:\\\/\\\/elithair.com\\\/es\\\/trasplante-capilar-blog\\\/analisis-sangre-caida-cabello\\\/\"]}]},{\"@type\":\"ImageObject\",\"inLanguage\":\"es\",\"@id\":\"https:\\\/\\\/elithair.com\\\/es\\\/trasplante-capilar-blog\\\/analisis-sangre-caida-cabello\\\/#primaryimage\",\"url\":\"https:\\\/\\\/elithair.com\\\/es\\\/wp-content\\\/uploads\\\/sites\\\/5\\\/2026\\\/08\\\/hero-7.png\",\"contentUrl\":\"https:\\\/\\\/elithair.com\\\/es\\\/wp-content\\\/uploads\\\/sites\\\/5\\\/2026\\\/08\\\/hero-7.png\",\"width\":1536,\"height\":1024,\"caption\":\"Blutentnahme-R\u00f6hrchen im Laborst\u00e4nder: Blutwerte bei Haarausfall werden aus einer Blutprobe bestimmt\"},{\"@type\":\"BreadcrumbList\",\"@id\":\"https:\\\/\\\/elithair.com\\\/es\\\/trasplante-capilar-blog\\\/analisis-sangre-caida-cabello\\\/#breadcrumb\",\"itemListElement\":[{\"@type\":\"ListItem\",\"position\":1,\"name\":\"Home\",\"item\":\"https:\\\/\\\/elithair.com\\\/es\\\/\"},{\"@type\":\"ListItem\",\"position\":2,\"name\":\"Valores sangu\u00edneos en la ca\u00edda del cabello: qu\u00e9 an\u00e1lisis tienen sentido\"}]},{\"@type\":\"WebSite\",\"@id\":\"https:\\\/\\\/elithair.com\\\/es\\\/#website\",\"url\":\"https:\\\/\\\/elithair.com\\\/es\\\/\",\"name\":\"Elithair\",\"description\":\"La mayor cl\u00ednica de Injerto Capilar en Turqu\u00eda\",\"publisher\":{\"@id\":\"https:\\\/\\\/elithair.com\\\/es\\\/#organization\"},\"alternateName\":\"la mejor cl\u00ednica de trasplante capilar en Turqu\u00eda\",\"potentialAction\":[{\"@type\":\"SearchAction\",\"target\":{\"@type\":\"EntryPoint\",\"urlTemplate\":\"https:\\\/\\\/elithair.com\\\/es\\\/?s={search_term_string}\"},\"query-input\":{\"@type\":\"PropertyValueSpecification\",\"valueRequired\":true,\"valueName\":\"search_term_string\"}}],\"inLanguage\":\"es\"},{\"@type\":\"Organization\",\"@id\":\"https:\\\/\\\/elithair.com\\\/es\\\/#organization\",\"name\":\"Elithair\",\"url\":\"https:\\\/\\\/elithair.com\\\/es\\\/\",\"logo\":{\"@type\":\"ImageObject\",\"inLanguage\":\"es\",\"@id\":\"https:\\\/\\\/elithair.com\\\/es\\\/#\\\/schema\\\/logo\\\/image\\\/\",\"url\":\"https:\\\/\\\/elithair.com\\\/es\\\/wp-content\\\/uploads\\\/sites\\\/5\\\/2026\\\/04\\\/elithair-logo-primary.svg\",\"contentUrl\":\"https:\\\/\\\/elithair.com\\\/es\\\/wp-content\\\/uploads\\\/sites\\\/5\\\/2026\\\/04\\\/elithair-logo-primary.svg\",\"width\":1,\"height\":1,\"caption\":\"Elithair\"},\"image\":{\"@id\":\"https:\\\/\\\/elithair.com\\\/es\\\/#\\\/schema\\\/logo\\\/image\\\/\"},\"sameAs\":[\"https:\\\/\\\/www.facebook.com\\\/elithairtransplantspanish\",\"https:\\\/\\\/instagram.com\\\/elithair.es\\\/\",\"https:\\\/\\\/www.tiktok.com\\\/@elithair.es?_t=8q2ySh9GNKy&_r=1\",\"https:\\\/\\\/www.youtube.com\\\/@elithair-trasplantecapilar4089\"]},{\"@type\":\"Person\",\"@id\":\"https:\\\/\\\/elithair.com\\\/es\\\/#\\\/schema\\\/person\\\/11ce37e83a6343e4c37edcd4b5498e41\",\"name\":\"Dr. Imad Moustafa\",\"image\":{\"@type\":\"ImageObject\",\"inLanguage\":\"es\",\"@id\":\"https:\\\/\\\/secure.gravatar.com\\\/avatar\\\/9190499f6f3008cd7da57b179f07bfea4b4e382c816ba3e0de68db0b5a70c07d?s=96&d=mm&r=g\",\"url\":\"https:\\\/\\\/secure.gravatar.com\\\/avatar\\\/9190499f6f3008cd7da57b179f07bfea4b4e382c816ba3e0de68db0b5a70c07d?s=96&d=mm&r=g\",\"contentUrl\":\"https:\\\/\\\/secure.gravatar.com\\\/avatar\\\/9190499f6f3008cd7da57b179f07bfea4b4e382c816ba3e0de68db0b5a70c07d?s=96&d=mm&r=g\",\"caption\":\"Dr. Imad Moustafa\"}}]}<\/script>\n<!-- \/ Yoast SEO Premium plugin. -->","yoast_head_json":{"title":"Valores sangu\u00edneos en la ca\u00edda del cabello: \u00bfqu\u00e9 an\u00e1lisis aclaran de verdad la causa? Ferritina, TSH y hemograma bien interpretados","description":"Qu\u00e9 valores sangu\u00edneos tienen sentido en la ca\u00edda del cabello: ferritina, TSH, vitamina D, zinc y hemograma, con rangos orientativos, proceso y cobertura.","robots":{"index":"index","follow":"follow","max-snippet":"max-snippet:-1","max-image-preview":"max-image-preview:large","max-video-preview":"max-video-preview:-1"},"canonical":"https:\/\/elithair.com\/es\/trasplante-capilar-blog\/analisis-sangre-caida-cabello\/","og_locale":"es_ES","og_type":"article","og_title":"Valores sangu\u00edneos en la ca\u00edda del cabello: qu\u00e9 an\u00e1lisis tienen sentido","og_description":"Qu\u00e9 valores sangu\u00edneos tienen sentido en la ca\u00edda del cabello: ferritina, TSH, vitamina D, zinc y hemograma, con rangos orientativos, proceso y cobertura.","og_url":"https:\/\/elithair.com\/es\/trasplante-capilar-blog\/analisis-sangre-caida-cabello\/","og_site_name":"Elithair","article_publisher":"https:\/\/www.facebook.com\/elithairtransplantspanish","article_published_time":"2026-08-29T12:36:39+00:00","og_image":[{"url":"https:\/\/elithair.com\/es\/wp-content\/uploads\/sites\/5\/2026\/08\/infografik_blut_zeigt__es.png","type":"","width":"","height":""}],"author":"Dr. Imad Moustafa","twitter_card":"summary_large_image","twitter_misc":{"Escrito por":"Dr. Imad Moustafa","Tiempo de lectura":"47 minutos"},"schema":{"@context":"https:\/\/schema.org","@graph":[{"@type":"Article","@id":"https:\/\/elithair.com\/es\/trasplante-capilar-blog\/analisis-sangre-caida-cabello\/#article","isPartOf":{"@id":"https:\/\/elithair.com\/es\/trasplante-capilar-blog\/analisis-sangre-caida-cabello\/"},"author":{"name":"Dr. Imad Moustafa","@id":"https:\/\/elithair.com\/es\/#\/schema\/person\/11ce37e83a6343e4c37edcd4b5498e41"},"headline":"Valores sangu\u00edneos en la ca\u00edda del cabello: qu\u00e9 an\u00e1lisis tienen sentido","datePublished":"2026-08-29T12:36:39+00:00","mainEntityOfPage":{"@id":"https:\/\/elithair.com\/es\/trasplante-capilar-blog\/analisis-sangre-caida-cabello\/"},"wordCount":9388,"publisher":{"@id":"https:\/\/elithair.com\/es\/#organization"},"image":{"@id":"https:\/\/elithair.com\/es\/trasplante-capilar-blog\/analisis-sangre-caida-cabello\/#primaryimage"},"thumbnailUrl":"https:\/\/elithair.com\/es\/wp-content\/uploads\/sites\/5\/2026\/08\/hero-7.png","articleSection":["Ca\u00edda del cabello"],"inLanguage":"es"},{"@type":"WebPage","@id":"https:\/\/elithair.com\/es\/trasplante-capilar-blog\/analisis-sangre-caida-cabello\/","url":"https:\/\/elithair.com\/es\/trasplante-capilar-blog\/analisis-sangre-caida-cabello\/","name":"Valores sangu\u00edneos en la ca\u00edda del cabello: \u00bfqu\u00e9 an\u00e1lisis aclaran de verdad la causa? Ferritina, TSH y hemograma bien interpretados","isPartOf":{"@id":"https:\/\/elithair.com\/es\/#website"},"primaryImageOfPage":{"@id":"https:\/\/elithair.com\/es\/trasplante-capilar-blog\/analisis-sangre-caida-cabello\/#primaryimage"},"image":{"@id":"https:\/\/elithair.com\/es\/trasplante-capilar-blog\/analisis-sangre-caida-cabello\/#primaryimage"},"thumbnailUrl":"https:\/\/elithair.com\/es\/wp-content\/uploads\/sites\/5\/2026\/08\/hero-7.png","datePublished":"2026-08-29T12:36:39+00:00","description":"Qu\u00e9 valores sangu\u00edneos tienen sentido en la ca\u00edda del cabello: ferritina, TSH, vitamina D, zinc y hemograma, con rangos orientativos, proceso y cobertura.","breadcrumb":{"@id":"https:\/\/elithair.com\/es\/trasplante-capilar-blog\/analisis-sangre-caida-cabello\/#breadcrumb"},"inLanguage":"es","potentialAction":[{"@type":"ReadAction","target":["https:\/\/elithair.com\/es\/trasplante-capilar-blog\/analisis-sangre-caida-cabello\/"]}]},{"@type":"ImageObject","inLanguage":"es","@id":"https:\/\/elithair.com\/es\/trasplante-capilar-blog\/analisis-sangre-caida-cabello\/#primaryimage","url":"https:\/\/elithair.com\/es\/wp-content\/uploads\/sites\/5\/2026\/08\/hero-7.png","contentUrl":"https:\/\/elithair.com\/es\/wp-content\/uploads\/sites\/5\/2026\/08\/hero-7.png","width":1536,"height":1024,"caption":"Blutentnahme-R\u00f6hrchen im Laborst\u00e4nder: Blutwerte bei Haarausfall werden aus einer Blutprobe bestimmt"},{"@type":"BreadcrumbList","@id":"https:\/\/elithair.com\/es\/trasplante-capilar-blog\/analisis-sangre-caida-cabello\/#breadcrumb","itemListElement":[{"@type":"ListItem","position":1,"name":"Home","item":"https:\/\/elithair.com\/es\/"},{"@type":"ListItem","position":2,"name":"Valores sangu\u00edneos en la ca\u00edda del cabello: qu\u00e9 an\u00e1lisis tienen sentido"}]},{"@type":"WebSite","@id":"https:\/\/elithair.com\/es\/#website","url":"https:\/\/elithair.com\/es\/","name":"Elithair","description":"La mayor cl\u00ednica de Injerto Capilar en Turqu\u00eda","publisher":{"@id":"https:\/\/elithair.com\/es\/#organization"},"alternateName":"la mejor cl\u00ednica de trasplante capilar en Turqu\u00eda","potentialAction":[{"@type":"SearchAction","target":{"@type":"EntryPoint","urlTemplate":"https:\/\/elithair.com\/es\/?s={search_term_string}"},"query-input":{"@type":"PropertyValueSpecification","valueRequired":true,"valueName":"search_term_string"}}],"inLanguage":"es"},{"@type":"Organization","@id":"https:\/\/elithair.com\/es\/#organization","name":"Elithair","url":"https:\/\/elithair.com\/es\/","logo":{"@type":"ImageObject","inLanguage":"es","@id":"https:\/\/elithair.com\/es\/#\/schema\/logo\/image\/","url":"https:\/\/elithair.com\/es\/wp-content\/uploads\/sites\/5\/2026\/04\/elithair-logo-primary.svg","contentUrl":"https:\/\/elithair.com\/es\/wp-content\/uploads\/sites\/5\/2026\/04\/elithair-logo-primary.svg","width":1,"height":1,"caption":"Elithair"},"image":{"@id":"https:\/\/elithair.com\/es\/#\/schema\/logo\/image\/"},"sameAs":["https:\/\/www.facebook.com\/elithairtransplantspanish","https:\/\/instagram.com\/elithair.es\/","https:\/\/www.tiktok.com\/@elithair.es?_t=8q2ySh9GNKy&_r=1","https:\/\/www.youtube.com\/@elithair-trasplantecapilar4089"]},{"@type":"Person","@id":"https:\/\/elithair.com\/es\/#\/schema\/person\/11ce37e83a6343e4c37edcd4b5498e41","name":"Dr. Imad Moustafa","image":{"@type":"ImageObject","inLanguage":"es","@id":"https:\/\/secure.gravatar.com\/avatar\/9190499f6f3008cd7da57b179f07bfea4b4e382c816ba3e0de68db0b5a70c07d?s=96&d=mm&r=g","url":"https:\/\/secure.gravatar.com\/avatar\/9190499f6f3008cd7da57b179f07bfea4b4e382c816ba3e0de68db0b5a70c07d?s=96&d=mm&r=g","contentUrl":"https:\/\/secure.gravatar.com\/avatar\/9190499f6f3008cd7da57b179f07bfea4b4e382c816ba3e0de68db0b5a70c07d?s=96&d=mm&r=g","caption":"Dr. Imad Moustafa"}}]}},"_links":{"self":[{"href":"https:\/\/elithair.com\/es\/wp-json\/wp\/v2\/posts\/91871","targetHints":{"allow":["GET"]}}],"collection":[{"href":"https:\/\/elithair.com\/es\/wp-json\/wp\/v2\/posts"}],"about":[{"href":"https:\/\/elithair.com\/es\/wp-json\/wp\/v2\/types\/post"}],"author":[{"embeddable":true,"href":"https:\/\/elithair.com\/es\/wp-json\/wp\/v2\/users\/10"}],"replies":[{"embeddable":true,"href":"https:\/\/elithair.com\/es\/wp-json\/wp\/v2\/comments?post=91871"}],"version-history":[{"count":0,"href":"https:\/\/elithair.com\/es\/wp-json\/wp\/v2\/posts\/91871\/revisions"}],"wp:featuredmedia":[{"embeddable":true,"href":"https:\/\/elithair.com\/es\/wp-json\/wp\/v2\/media\/91875"}],"wp:attachment":[{"href":"https:\/\/elithair.com\/es\/wp-json\/wp\/v2\/media?parent=91871"}],"wp:term":[{"taxonomy":"category","embeddable":true,"href":"https:\/\/elithair.com\/es\/wp-json\/wp\/v2\/categories?post=91871"},{"taxonomy":"post_tag","embeddable":true,"href":"https:\/\/elithair.com\/es\/wp-json\/wp\/v2\/tags?post=91871"}],"curies":[{"name":"wp","href":"https:\/\/api.w.org\/{rel}","templated":true}]}}