{"id":91870,"date":"2026-08-28T19:15:13","date_gmt":"2026-08-28T17:15:13","guid":{"rendered":"https:\/\/elithair.com\/es\/trasplante-capilar-blog\/caida-del-cabello-en-la-coronilla\/"},"modified":"2026-08-28T19:15:13","modified_gmt":"2026-08-28T17:15:13","slug":"caida-del-cabello-en-la-coronilla","status":"publish","type":"post","link":"https:\/\/elithair.com\/es\/trasplante-capilar-blog\/caida-del-cabello-en-la-coronilla\/","title":{"rendered":"Ca\u00edda del cabello en la coronilla: \u00bfremolino, tonsura u otra causa?"},"content":{"rendered":"\n<div style=\"border-left:4px solid #0079F1;padding:0 0 0 14px;margin:0 0 26px\">\n<p style=\"margin:0 0 14px;color:#2e3033;font-size:17px;line-height:1.65\">La ca\u00edda del cabello en la parte posterior de la cabeza es la que uno mismo descubre m\u00e1s tarde, muchas veces en una foto de vacaciones o porque alguien lo comenta. Para dar con la causa, lo decisivo es <strong>d\u00f3nde exactamente<\/strong> se est\u00e1 aclarando el pelo: alrededor del remolino suele haber detr\u00e1s una ca\u00edda androgen\u00e9tica, es decir, hereditaria; aparece un claro, el cuero cabelludo queda a la vista y la superficie crece con los a\u00f1os hasta formar una tonsura. En la parte baja de la cabeza y en la nuca, ese mismo tipo de ca\u00edda es at\u00edpico, porque esa zona es resistente a la hormona DHT. Son muchos los afectados: seg\u00fan el NHS brit\u00e1nico, hasta el 80 % de los hombres presenta cierto grado de ca\u00edda del cabello antes de los 70 a\u00f1os. Este art\u00edculo ordena tu caso zona por zona, desde los <a href=\"\/es\/trasplante-capilar-blog\/hamilton-norwood-la-escala-que-mide-el-nivel-de-alopecia\/\">estadios de Norwood<\/a> hasta la pregunta de qu\u00e9 ayuda realmente en el remolino.<\/p>\n<p style=\"margin:0 0 8px;color:#013366;font-weight:700;font-size:16px\">Lo m\u00e1s importante en breve<\/p>\n<ul style=\"margin:0 0 14px;padding:0;color:#2e3033;list-style:none\">\n<li style=\"position:relative;padding:3px 0 3px 24px\"><span style=\"position:absolute;left:0;top:3px;color:#0079F1;font-weight:700\">&#10003;<\/span>El v\u00e9rtex, es decir, la coronilla (la parte superior posterior de la cabeza alrededor del remolino), es una zona clave de la alopecia hereditaria y se clasifica mediante los estadios de Norwood<\/li>\n<li style=\"position:relative;padding:3px 0 3px 24px\"><span style=\"position:absolute;left:0;top:3px;color:#0079F1;font-weight:700\">&#10003;<\/span>En la parte baja de la cabeza y en la nuca, la alopecia hereditaria es at\u00edpica: all\u00ed las explicaciones m\u00e1s frecuentes son la alopecia areata, la tracci\u00f3n y la presi\u00f3n<\/li>\n<li style=\"position:relative;padding:3px 0 3px 24px\"><span style=\"position:absolute;left:0;top:3px;color:#0079F1;font-weight:700\">&#10003;<\/span>Un remolino nunca se queda calvo por s\u00ed mismo, solo parece m\u00e1s abierto: lo decisivo es la densidad capilar en el borde y la evoluci\u00f3n a lo largo de tres a seis meses<\/li>\n<li style=\"position:relative;padding:3px 0 3px 24px\"><span style=\"position:absolute;left:0;top:3px;color:#0079F1;font-weight:700\">&#10003;<\/span>En las mujeres, la parte posterior de la cabeza suele quedar a salvo de la alopecia hereditaria; all\u00ed lo que se aclara es la raya central (patr\u00f3n de Ludwig)<\/li>\n<\/ul>\n<p style=\"margin:0;color:#2e3033\">El \u00edndice te muestra d\u00f3nde encontrar cada cosa. Despu\u00e9s entramos en detalle zona por zona, con autochequeo, estadios de Norwood y una valoraci\u00f3n sobria de los tratamientos.<\/p>\n<\/div>\n\n\n\n<h2 class=\"wp-block-heading\" id=\"definition\">\u00bfQu\u00e9 es la ca\u00edda del cabello en la parte posterior de la cabeza?<\/h2>\n\n\n\n<p class=\"wp-block-paragraph\"><strong>La ca\u00edda del cabello en la parte posterior de la cabeza<\/strong> suele ser un signo t\u00edpico de la alopecia androgen\u00e9tica, es decir, de la ca\u00edda hereditaria del cabello. Es con diferencia la forma m\u00e1s frecuente en el hombre: en Estados Unidos, el 53 % de los varones de 40 a 49 a\u00f1os presenta una forma moderada o grave y, a partir de los 80 a\u00f1os, pr\u00e1cticamente todos los hombres (revisi\u00f3n \u00abMale Androgenetic Alopecia\u00bb, Endotext\/NCBI).<sup>[2]<\/sup> Al principio, la p\u00e9rdida de cabello suele aparecer en la zona frontal y en las sienes, de modo que se forman las llamadas entradas.<\/p>\n\n\n\n<p class=\"wp-block-paragraph\">Con el tiempo, la <a href=\"\/es\/trasplante-capilar-blog\/alopecia\/\">ca\u00edda del cabello<\/a> puede desplazarse cada vez m\u00e1s hacia la parte posterior de la cabeza. All\u00ed surge primero un peque\u00f1o claro que se agranda con el tiempo y puede derivar en la llamada <strong>tonsura<\/strong> o coronilla de fraile. El t\u00e9rmino procede de la zona rasurada en la parte superior de la cabeza de los monjes medievales. Lo caracter\u00edstico es que se mantiene una corona de pelo en forma de anillo.<\/p>\n\n\n\n<p class=\"wp-block-paragraph\">Sin embargo, las zonas sin pelo en la parte posterior de la cabeza tambi\u00e9n pueden tener otras causas. As\u00ed, en la <a href=\"\/es\/trasplante-capilar-blog\/alopecia-areata\/\">alopecia areata (alopecia en placas)<\/a> tambi\u00e9n se produce p\u00e9rdida de cabello, que no se limita a una regi\u00f3n concreta, sino que puede aparecer en distintos puntos de la cabeza. El riesgo a lo largo de la vida es de en torno al 2 % (Lintzeri et al., JDDG 2022).<sup>[6]<\/sup><\/p>\n\n\n\n<p class=\"wp-block-paragraph\">Como las causas difieren y la evoluci\u00f3n var\u00eda, conviene un diagn\u00f3stico m\u00e9dico temprano. En especial, la alopecia androgen\u00e9tica avanza si no se trata y no se detiene por s\u00ed sola.<\/p>\n\n\n\n<h2 class=\"wp-block-heading\">\u00bfD\u00f3nde exactamente en la parte posterior de la cabeza? La zona determina la causa<\/h2>\n\n\n\n<p class=\"wp-block-paragraph\">En la ca\u00edda del cabello en la parte posterior de la cabeza, la zona determina la causa: el <strong>v\u00e9rtex<\/strong>, es decir, la coronilla (la parte superior posterior de la cabeza alrededor del remolino), es sensible a los andr\u00f3genos y, por tanto, la zona cl\u00e1sica de la alopecia hereditaria. La parte baja de la cabeza y la nuca, t\u00e9cnicamente la <strong>zona occipital<\/strong>, se consideran en cambio resistentes a la DHT. Justo por eso esta \u00e1rea sirve en un trasplante capilar como zona donante en la parte posterior de la cabeza.<\/p>\n\n\n\n<p class=\"wp-block-paragraph\">El mecanismo que hay detr\u00e1s se llama <strong>Donor Dominance<\/strong>. Norman Orentreich describi\u00f3 en 1959 que un fol\u00edculo piloso trasplantado conserva su car\u00e1cter gen\u00e9tico, independientemente de d\u00f3nde se coloque. La sensibilidad a la dihidrotestosterona (DHT) reside, por tanto, en el propio fol\u00edculo y no en el cuero cabelludo. Las revisiones modernas sobre el c\u00e1lculo del \u00e1rea donante confirman este principio como base del trasplante capilar.<sup>[4]<\/sup><\/p>\n\n\n\n<p class=\"wp-block-paragraph\">De ah\u00ed se derivan dos cosas. Primero: la corona de pelo se mantiene mientras el v\u00e9rtex se despuebla, y un fol\u00edculo occipital sigue creciendo en el remolino. Segundo: una p\u00e9rdida de cabello <strong>en la nuca<\/strong> es un motivo para mirar con m\u00e1s detalle, no para dar por hecho que es \u00abhereditaria\u00bb: all\u00ed las explicaciones m\u00e1s realistas son la alopecia areata, la tracci\u00f3n, la presi\u00f3n y las formas inflamatorias.<\/p>\n\n\n<div class=\"wp-block-image\">\n<figure class=\"aligncenter size-large is-resized\" style=\"max-width:720px;margin-left:auto;margin-right:auto\"><img decoding=\"async\" src=\"https:\/\/elithair.com\/es\/wp-content\/uploads\/sites\/5\/2026\/08\/zonen_landkarte_hinterkopf__es.png\" alt=\"Zonas de la parte posterior de la cabeza: v\u00e9rtex con remolino, zona donante occipital y nuca con sus causas t\u00edpicas\" class=\"wp-image-92110\" style=\"width:720px;max-width:100%;height:auto\"\/><\/figure>\n<\/div>\n\n\n<style>\n@media (max-width:640px){\n.rt-table-wrap{overflow-x:visible!important;border:0!important;border-radius:0!important}\n.rt-table{min-width:0!important}\n.rt-table thead{display:none}\n.rt-table,.rt-table tbody,.rt-table tr,.rt-table td{display:block;width:100%}\n.rt-table caption{display:block;padding:0 0 12px!important}\n.rt-table tr{margin:0 0 12px;border:1px solid #dbe4f0;border-radius:10px;overflow:hidden}\n.rt-table tr:last-child{margin-bottom:0}\n.rt-table td{display:flex!important;flex-direction:column;gap:3px;padding:12px 14px!important;\nborder:0!important;border-bottom:1px solid #e3e8ef!important;background:#ffffff!important}\n.rt-table tr td:last-child{border-bottom:0!important}\n.rt-table td::before{content:attr(data-label);font-size:12px;font-weight:700;letter-spacing:.04em;\ntext-transform:uppercase;color:#5799F1}\n.rt-table td:not([data-label])::before,.rt-table td[data-label=\"\"]::before{display:none}\n}\n<\/style>\n<div class=\"rt-table-wrap\" style=\"overflow-x:auto;-webkit-overflow-scrolling:touch;margin:28px 0;border:1px solid #dbe4f0;border-radius:12px\">\n  <table class=\"rt-table\" style=\"width:100%;min-width:660px;table-layout:fixed;border-collapse:separate;border-spacing:0;font-size:15px;margin:0\">\n    <caption style=\"caption-side:top;text-align:left;color:#003366;font-weight:700;font-size:16px;line-height:1.35;padding:14px 16px 10px;background:#ffffff\">D\u00f3nde falta el pelo en la parte posterior de la cabeza dice mucho sobre la causa<\/caption>\n    <thead>\n      <tr>\n        <th style=\"width:22%;background:#003366;color:#ffffff;font-weight:700;text-align:left;vertical-align:middle;padding:13px 16px;font-size:15px;line-height:1.4;border:0;overflow-wrap:break-word\">Zona de la parte posterior de la cabeza<\/th>\n        <th style=\"background:#003366;color:#ffffff;font-weight:700;text-align:left;vertical-align:middle;padding:13px 16px;font-size:15px;line-height:1.4;border:0;overflow-wrap:break-word\">Lo que ves<\/th>\n        <th style=\"background:#003366;color:#ffffff;font-weight:700;text-align:left;vertical-align:middle;padding:13px 16px;font-size:15px;line-height:1.4;border:0;overflow-wrap:break-word\">Explicaci\u00f3n m\u00e1s frecuente<\/th>\n        <th style=\"background:#003366;color:#ffffff;font-weight:700;text-align:left;vertical-align:middle;padding:13px 16px;font-size:15px;line-height:1.4;border:0;overflow-wrap:break-word\">Siguiente paso<\/th>\n      <\/tr>\n    <\/thead>\n    <tbody>\n      <tr>\n        <td data-label=\"Zona de la parte posterior de la cabeza\" style=\"background:#ffffff;color:#003366;font-weight:700;text-align:left;vertical-align:top;padding:13px 16px;font-size:15px;line-height:1.55;border:0;border-bottom:1px solid #e3e8ef;overflow-wrap:break-word\">V\u00e9rtex y zona del remolino (parte superior posterior)<\/td>\n        <td data-label=\"Lo que ves\" style=\"background:#ffffff;color:#22303e;font-weight:400;text-align:left;vertical-align:top;padding:13px 16px;font-size:15px;line-height:1.55;border:0;border-bottom:1px solid #e3e8ef;overflow-wrap:break-word\">El cuero cabelludo se transparenta alrededor del remolino, la superficie crece lentamente a lo largo de meses, con pelos cortos y finos entremedias<\/td>\n        <td data-label=\"Explicaci\u00f3n m\u00e1s frecuente\" style=\"background:#ffffff;color:#22303e;font-weight:400;text-align:left;vertical-align:top;padding:13px 16px;font-size:15px;line-height:1.55;border:0;border-bottom:1px solid #e3e8ef;overflow-wrap:break-word\">Alopecia androgen\u00e9tica, tipo v\u00e9rtex (Norwood II a V)<\/td>\n        <td data-label=\"Siguiente paso\" style=\"background:#ffffff;color:#22303e;font-weight:400;text-align:left;vertical-align:top;padding:13px 16px;font-size:15px;line-height:1.55;border:0;border-bottom:1px solid #e3e8ef;overflow-wrap:break-word\">Determinar el estadio de Norwood, documentar la evoluci\u00f3n con fotos, valorar un tratamiento conservador<\/td>\n      <\/tr>\n      <tr>\n        <td data-label=\"Zona de la parte posterior de la cabeza\" style=\"background:#f6f9fc;color:#003366;font-weight:700;text-align:left;vertical-align:top;padding:13px 16px;font-size:15px;line-height:1.55;border:0;border-bottom:1px solid #e3e8ef;overflow-wrap:break-word\">Transici\u00f3n entre el v\u00e9rtex y la parte superior de la cabeza<\/td>\n        <td data-label=\"Lo que ves\" style=\"background:#f6f9fc;color:#22303e;font-weight:400;text-align:left;vertical-align:top;padding:13px 16px;font-size:15px;line-height:1.55;border:0;border-bottom:1px solid #e3e8ef;overflow-wrap:break-word\">Una franja clara que une el remolino con la zona de la raya<\/td>\n        <td data-label=\"Explicaci\u00f3n m\u00e1s frecuente\" style=\"background:#f6f9fc;color:#22303e;font-weight:400;text-align:left;vertical-align:top;padding:13px 16px;font-size:15px;line-height:1.55;border:0;border-bottom:1px solid #e3e8ef;overflow-wrap:break-word\">Alopecia androgen\u00e9tica en progresi\u00f3n<\/td>\n        <td data-label=\"Siguiente paso\" style=\"background:#f6f9fc;color:#22303e;font-weight:400;text-align:left;vertical-align:top;padding:13px 16px;font-size:15px;line-height:1.55;border:0;border-bottom:1px solid #e3e8ef;overflow-wrap:break-word\">Valoraci\u00f3n m\u00e9dica y estabilizaci\u00f3n antes de cualquier otra planificaci\u00f3n<\/td>\n      <\/tr>\n      <tr>\n        <td data-label=\"Zona de la parte posterior de la cabeza\" style=\"background:#ffffff;color:#003366;font-weight:700;text-align:left;vertical-align:top;padding:13px 16px;font-size:15px;line-height:1.55;border:0;border-bottom:1px solid #e3e8ef;overflow-wrap:break-word\">Zona occipital y corona de pelo (parte media posterior)<\/td>\n        <td data-label=\"Lo que ves\" style=\"background:#ffffff;color:#22303e;font-weight:400;text-align:left;vertical-align:top;padding:13px 16px;font-size:15px;line-height:1.55;border:0;border-bottom:1px solid #e3e8ef;overflow-wrap:break-word\">Placa redonda circunscrita, de bordes n\u00edtidos y piel lisa<\/td>\n        <td data-label=\"Explicaci\u00f3n m\u00e1s frecuente\" style=\"background:#ffffff;color:#22303e;font-weight:400;text-align:left;vertical-align:top;padding:13px 16px;font-size:15px;line-height:1.55;border:0;border-bottom:1px solid #e3e8ef;overflow-wrap:break-word\">Alopecia areata; la alopecia hereditaria es at\u00edpica aqu\u00ed (zona resistente a la DHT)<\/td>\n        <td data-label=\"Siguiente paso\" style=\"background:#ffffff;color:#22303e;font-weight:400;text-align:left;vertical-align:top;padding:13px 16px;font-size:15px;line-height:1.55;border:0;border-bottom:1px solid #e3e8ef;overflow-wrap:break-word\">Acudir pronto a una consulta de dermatolog\u00eda<\/td>\n      <\/tr>\n      <tr>\n        <td data-label=\"Zona de la parte posterior de la cabeza\" style=\"background:#f6f9fc;color:#003366;font-weight:700;text-align:left;vertical-align:top;padding:13px 16px;font-size:15px;line-height:1.55;border:0;border-bottom:1px solid #e3e8ef;overflow-wrap:break-word\">L\u00ednea de implantaci\u00f3n inferior, en banda de oreja a oreja<\/td>\n        <td data-label=\"Lo que ves\" style=\"background:#f6f9fc;color:#22303e;font-weight:400;text-align:left;vertical-align:top;padding:13px 16px;font-size:15px;line-height:1.55;border:0;border-bottom:1px solid #e3e8ef;overflow-wrap:break-word\">P\u00e9rdida en forma de franja a lo largo de la l\u00ednea de implantaci\u00f3n inferior, sobre la nuca<\/td>\n        <td data-label=\"Explicaci\u00f3n m\u00e1s frecuente\" style=\"background:#f6f9fc;color:#22303e;font-weight:400;text-align:left;vertical-align:top;padding:13px 16px;font-size:15px;line-height:1.55;border:0;border-bottom:1px solid #e3e8ef;overflow-wrap:break-word\">Alopecia areata de tipo ofi\u00e1sico<\/td>\n        <td data-label=\"Siguiente paso\" style=\"background:#f6f9fc;color:#22303e;font-weight:400;text-align:left;vertical-align:top;padding:13px 16px;font-size:15px;line-height:1.55;border:0;border-bottom:1px solid #e3e8ef;overflow-wrap:break-word\">Acudir pronto a una consulta de dermatolog\u00eda; el pron\u00f3stico es m\u00e1s desfavorable<\/td>\n      <\/tr>\n      <tr>\n        <td data-label=\"Zona de la parte posterior de la cabeza\" style=\"background:#ffffff;color:#003366;font-weight:700;text-align:left;vertical-align:top;padding:13px 16px;font-size:15px;line-height:1.55;border:0;border-bottom:1px solid #e3e8ef;overflow-wrap:break-word\">Nuca y puntos de apoyo (almohada, reposacabezas, casco, cuello de la ropa)<\/td>\n        <td data-label=\"Lo que ves\" style=\"background:#ffffff;color:#22303e;font-weight:400;text-align:left;vertical-align:top;padding:13px 16px;font-size:15px;line-height:1.55;border:0;border-bottom:1px solid #e3e8ef;overflow-wrap:break-word\">Aclaramiento difuso o pelos rotos en una zona de roce<\/td>\n        <td data-label=\"Explicaci\u00f3n m\u00e1s frecuente\" style=\"background:#ffffff;color:#22303e;font-weight:400;text-align:left;vertical-align:top;padding:13px 16px;font-size:15px;line-height:1.55;border:0;border-bottom:1px solid #e3e8ef;overflow-wrap:break-word\">Alopecia por fricci\u00f3n o por presi\u00f3n<\/td>\n        <td data-label=\"Siguiente paso\" style=\"background:#ffffff;color:#22303e;font-weight:400;text-align:left;vertical-align:top;padding:13px 16px;font-size:15px;line-height:1.55;border:0;border-bottom:1px solid #e3e8ef;overflow-wrap:break-word\">Eliminar el desencadenante y observar durante tres meses<\/td>\n      <\/tr>\n      <tr>\n        <td data-label=\"Zona de la parte posterior de la cabeza\" style=\"background:#f6f9fc;color:#003366;font-weight:700;text-align:left;vertical-align:top;padding:13px 16px;font-size:15px;line-height:1.55;border:0;border-bottom:1px solid #e3e8ef;overflow-wrap:break-word\">L\u00edneas de tracci\u00f3n (coleta, mo\u00f1o, extensiones, turbante)<\/td>\n        <td data-label=\"Lo que ves\" style=\"background:#f6f9fc;color:#22303e;font-weight:400;text-align:left;vertical-align:top;padding:13px 16px;font-size:15px;line-height:1.55;border:0;border-bottom:1px solid #e3e8ef;overflow-wrap:break-word\">Aclaramiento a lo largo de la l\u00ednea de tracci\u00f3n, a menudo sim\u00e9trico<\/td>\n        <td data-label=\"Explicaci\u00f3n m\u00e1s frecuente\" style=\"background:#f6f9fc;color:#22303e;font-weight:400;text-align:left;vertical-align:top;padding:13px 16px;font-size:15px;line-height:1.55;border:0;border-bottom:1px solid #e3e8ef;overflow-wrap:break-word\">Alopecia por tracci\u00f3n<\/td>\n        <td data-label=\"Siguiente paso\" style=\"background:#f6f9fc;color:#22303e;font-weight:400;text-align:left;vertical-align:top;padding:13px 16px;font-size:15px;line-height:1.55;border:0;border-bottom:1px solid #e3e8ef;overflow-wrap:break-word\">Suprimir la tracci\u00f3n; reversible en fases tempranas, cicatricial si se prolonga<\/td>\n      <\/tr>\n      <tr>\n        <td data-label=\"Zona de la parte posterior de la cabeza\" style=\"background:#ffffff;color:#003366;font-weight:700;text-align:left;vertical-align:top;padding:13px 16px;font-size:15px;line-height:1.55;border:0;overflow-wrap:break-word\">Cualquier zona con enrojecimiento, descamaci\u00f3n, p\u00fastulas, dolor o piel lisa y brillante<\/td>\n        <td data-label=\"Lo que ves\" style=\"background:#ffffff;color:#22303e;font-weight:400;text-align:left;vertical-align:top;padding:13px 16px;font-size:15px;line-height:1.55;border:0;overflow-wrap:break-word\">Signos de inflamaci\u00f3n o ausencia de poros capilares<\/td>\n        <td data-label=\"Explicaci\u00f3n m\u00e1s frecuente\" style=\"background:#ffffff;color:#22303e;font-weight:400;text-align:left;vertical-align:top;padding:13px 16px;font-size:15px;line-height:1.55;border:0;overflow-wrap:break-word\">Alopecia inflamatoria o cicatricial<\/td>\n        <td data-label=\"Siguiente paso\" style=\"background:#ffffff;color:#22303e;font-weight:400;text-align:left;vertical-align:top;padding:13px 16px;font-size:15px;line-height:1.55;border:0;overflow-wrap:break-word\">No esperar: que lo valore un m\u00e9dico<\/td>\n      <\/tr>\n    <\/tbody>\n  <\/table>\n<\/div>\n\n\n\n<div style=\"border:1px solid #e3e8ef;border-left:5px solid #013366;border-radius:10px;padding:18px 20px;margin:8px 0 28px\">\n<p style=\"margin:0 0 8px;color:#013366;font-weight:700;font-size:16px\">Nuestra experiencia en el asesoramiento<\/p>\n<p style=\"margin:0;color:#2e3033;font-size:15px;line-height:1.65\">Cuando quienes nos consultan nos env\u00edan fotos de la parte baja de la cabeza o de la nuca, en la mayor\u00eda de los casos la explicaci\u00f3n no es la alopecia hereditaria, sino una placa de bordes n\u00edtidos, una l\u00ednea de tracci\u00f3n o una zona de roce. A la inversa: las fotos del remolino muestran muy a menudo un estadio precoz de v\u00e9rtex que la propia persona sigue tomando por un \u00abremolino marcado\u00bb. Por eso la primera pregunta es siempre por la zona y no por el tratamiento.<\/p>\n<\/div>\n\n\n\n<h2 class=\"wp-block-heading\">\u00bfRemolino o ya un claro? El autochequeo de la parte posterior de la cabeza<\/h2>\n\n\n\n<p class=\"wp-block-paragraph\">Un remolino en la parte posterior de la cabeza es un patr\u00f3n de crecimiento natural y nunca se queda calvo; una tonsura incipiente, en cambio, se extiende desde el remolino hacia fuera. La diferencia no est\u00e1 en el tama\u00f1o de la zona abierta, sino en la densidad capilar del borde, en el calibre del pelo y en la evoluci\u00f3n a lo largo de los meses. El criterio tricosc\u00f3pico central de la alopecia hereditaria es la <strong>anisotricosis<\/strong>, es decir, una variabilidad del di\u00e1metro del tallo capilar de al menos un 20 % en el hombre y un 10 % en la mujer.<sup>[5]<\/sup><\/p>\n\n\n\n<h3 class=\"wp-block-heading\">\u00bfC\u00f3mo distingo un remolino de la ca\u00edda del cabello?<\/h3>\n\n\n\n<p class=\"wp-block-paragraph\"><strong>Un remolino normal mantiene una densidad alta y constante hasta justo el punto del giro; una tonsura incipiente se aclara hacia el borde y muestra miniaturizaci\u00f3n, es decir, pelos cortos y finos entre los fuertes.<\/strong> Cuatro rasgos permiten distinguirlos con fiabilidad:<\/p>\n\n\n\n<ul class=\"wp-block-list\">\n<li><strong>Borde:<\/strong> En el remolino, la densidad se mantiene alta hasta el mismo giro; en la tonsura disminuye hacia el borde.<\/li>\n\n\n<li><strong>Calibre del pelo:<\/strong> En el remolino todos los pelos tienen un grosor parecido; en la tonsura hay pelos cortos y finos entre los gruesos (miniaturizaci\u00f3n).<\/li>\n\n\n<li><strong>Forma:<\/strong> El remolino es un giro con una direcci\u00f3n de crecimiento clara; la tonsura, una superficie redondeada que crece hacia fuera.<\/li>\n\n\n<li><strong>Evoluci\u00f3n:<\/strong> El remolino se ver\u00e1 igual dentro de tres a seis meses; la tonsura habr\u00e1 crecido de forma medible.<\/li>\n\n<\/ul>\n\n\n\n<p class=\"wp-block-paragraph\">Estos cuatro rasgos son tambi\u00e9n lo que se mide en la tricoscopia dermatol\u00f3gica: en la revisi\u00f3n sistem\u00e1tica \u00abTrichoscopy of Androgenetic Alopecia\u00bb, la variabilidad del di\u00e1metro del pelo se detect\u00f3 en el 94 % de los pacientes con alopecia androgen\u00e9tica, y el pelo velloso en el 66 %.<sup>[5]<\/sup> El autochequeo no sustituye a una tricoscopia. Solo sirve para decidir si puedes observar con calma o si conviene pedir cita.<\/p>\n\n\n<div class=\"wp-block-image\">\n<figure class=\"aligncenter size-large is-resized\" style=\"max-width:560px;margin-left:auto;margin-right:auto\"><img decoding=\"async\" src=\"https:\/\/elithair.com\/es\/wp-content\/uploads\/sites\/5\/2026\/08\/wirbel_vs_tonsur.png\" alt=\"Comparaci\u00f3n de dos \u00e1reas del cuero cabelludo vistas desde arriba: a la izquierda un remolino de densidad uniforme, a la derecha una tonsura que se aclara con pelos finos\" class=\"wp-image-92111\" style=\"width:560px;max-width:100%;height:auto\"\/><\/figure>\n<\/div>\n\n\n<style>\n@media (max-width:640px){\n.rt-table-wrap{overflow-x:visible!important;border:0!important;border-radius:0!important}\n.rt-table{min-width:0!important}\n.rt-table thead{display:none}\n.rt-table,.rt-table tbody,.rt-table tr,.rt-table td{display:block;width:100%}\n.rt-table caption{display:block;padding:0 0 12px!important}\n.rt-table tr{margin:0 0 12px;border:1px solid #dbe4f0;border-radius:10px;overflow:hidden}\n.rt-table tr:last-child{margin-bottom:0}\n.rt-table td{display:flex!important;flex-direction:column;gap:3px;padding:12px 14px!important;\nborder:0!important;border-bottom:1px solid #e3e8ef!important;background:#ffffff!important}\n.rt-table tr td:last-child{border-bottom:0!important}\n.rt-table td::before{content:attr(data-label);font-size:12px;font-weight:700;letter-spacing:.04em;\ntext-transform:uppercase;color:#5799F1}\n.rt-table td:not([data-label])::before,.rt-table td[data-label=\"\"]::before{display:none}\n}\n<\/style>\n<div class=\"rt-table-wrap\" style=\"overflow-x:auto;-webkit-overflow-scrolling:touch;margin:28px 0;border:1px solid #dbe4f0;border-radius:12px\">\n  <table class=\"rt-table\" style=\"width:100%;min-width:620px;table-layout:fixed;border-collapse:separate;border-spacing:0;font-size:15px;margin:0\">\n    <caption style=\"caption-side:top;text-align:left;color:#003366;font-weight:700;font-size:16px;line-height:1.35;padding:14px 16px 10px;background:#ffffff\">Autochequeo: \u00bfremolino normal o tonsura incipiente en la parte posterior de la cabeza?<\/caption>\n    <thead>\n      <tr>\n        <th style=\"width:22%;background:#003366;color:#ffffff;font-weight:700;text-align:left;vertical-align:middle;padding:13px 16px;font-size:15px;line-height:1.4;border:0;overflow-wrap:break-word\">Rasgo<\/th>\n        <th style=\"background:#003366;color:#ffffff;font-weight:700;text-align:left;vertical-align:middle;padding:13px 16px;font-size:15px;line-height:1.4;border:0;overflow-wrap:break-word\">Remolino normal<\/th>\n        <th style=\"background:#003366;color:#ffffff;font-weight:700;text-align:left;vertical-align:middle;padding:13px 16px;font-size:15px;line-height:1.4;border:0;overflow-wrap:break-word\">Tonsura incipiente<\/th>\n      <\/tr>\n    <\/thead>\n    <tbody>\n      <tr>\n        <td data-label=\"Rasgo\" style=\"background:#ffffff;color:#003366;font-weight:700;text-align:left;vertical-align:top;padding:13px 16px;font-size:15px;line-height:1.55;border:0;border-bottom:1px solid #e3e8ef;overflow-wrap:break-word\">Densidad en el borde de la zona abierta<\/td>\n        <td data-label=\"Remolino normal\" style=\"background:#ffffff;color:#22303e;font-weight:400;text-align:left;vertical-align:top;padding:13px 16px;font-size:15px;line-height:1.55;border:0;border-bottom:1px solid #e3e8ef;overflow-wrap:break-word\">Se mantiene alta hasta el mismo giro<\/td>\n        <td data-label=\"Tonsura incipiente\" style=\"background:#ffffff;color:#22303e;font-weight:400;text-align:left;vertical-align:top;padding:13px 16px;font-size:15px;line-height:1.55;border:0;border-bottom:1px solid #e3e8ef;overflow-wrap:break-word\">Disminuye hacia el borde, con una transici\u00f3n suave<\/td>\n      <\/tr>\n      <tr>\n        <td data-label=\"Rasgo\" style=\"background:#f6f9fc;color:#003366;font-weight:700;text-align:left;vertical-align:top;padding:13px 16px;font-size:15px;line-height:1.55;border:0;border-bottom:1px solid #e3e8ef;overflow-wrap:break-word\">Grosor del pelo en la zona<\/td>\n        <td data-label=\"Remolino normal\" style=\"background:#f6f9fc;color:#22303e;font-weight:400;text-align:left;vertical-align:top;padding:13px 16px;font-size:15px;line-height:1.55;border:0;border-bottom:1px solid #e3e8ef;overflow-wrap:break-word\">Uniformemente fuerte<\/td>\n        <td data-label=\"Tonsura incipiente\" style=\"background:#f6f9fc;color:#22303e;font-weight:400;text-align:left;vertical-align:top;padding:13px 16px;font-size:15px;line-height:1.55;border:0;border-bottom:1px solid #e3e8ef;overflow-wrap:break-word\">Pelos gruesos y finos mezclados, muchos pelos cortos y finos<\/td>\n      <\/tr>\n      <tr>\n        <td data-label=\"Rasgo\" style=\"background:#ffffff;color:#003366;font-weight:700;text-align:left;vertical-align:top;padding:13px 16px;font-size:15px;line-height:1.55;border:0;border-bottom:1px solid #e3e8ef;overflow-wrap:break-word\">Forma<\/td>\n        <td data-label=\"Remolino normal\" style=\"background:#ffffff;color:#22303e;font-weight:400;text-align:left;vertical-align:top;padding:13px 16px;font-size:15px;line-height:1.55;border:0;border-bottom:1px solid #e3e8ef;overflow-wrap:break-word\">Giro con una direcci\u00f3n de crecimiento reconocible<\/td>\n        <td data-label=\"Tonsura incipiente\" style=\"background:#ffffff;color:#22303e;font-weight:400;text-align:left;vertical-align:top;padding:13px 16px;font-size:15px;line-height:1.55;border:0;border-bottom:1px solid #e3e8ef;overflow-wrap:break-word\">Superficie redondeada que crece hacia fuera<\/td>\n      <\/tr>\n      <tr>\n        <td data-label=\"Rasgo\" style=\"background:#f6f9fc;color:#003366;font-weight:700;text-align:left;vertical-align:top;padding:13px 16px;font-size:15px;line-height:1.55;border:0;border-bottom:1px solid #e3e8ef;overflow-wrap:break-word\">Evoluci\u00f3n a lo largo de 3 a 6 meses<\/td>\n        <td data-label=\"Remolino normal\" style=\"background:#f6f9fc;color:#22303e;font-weight:400;text-align:left;vertical-align:top;padding:13px 16px;font-size:15px;line-height:1.55;border:0;border-bottom:1px solid #e3e8ef;overflow-wrap:break-word\">Sin cambios<\/td>\n        <td data-label=\"Tonsura incipiente\" style=\"background:#f6f9fc;color:#22303e;font-weight:400;text-align:left;vertical-align:top;padding:13px 16px;font-size:15px;line-height:1.55;border:0;border-bottom:1px solid #e3e8ef;overflow-wrap:break-word\">Superficie medible mayor, cuero cabelludo m\u00e1s visible<\/td>\n      <\/tr>\n      <tr>\n        <td data-label=\"Rasgo\" style=\"background:#ffffff;color:#003366;font-weight:700;text-align:left;vertical-align:top;padding:13px 16px;font-size:15px;line-height:1.55;border:0;border-bottom:1px solid #e3e8ef;overflow-wrap:break-word\">Comportamiento con el pelo mojado<\/td>\n        <td data-label=\"Remolino normal\" style=\"background:#ffffff;color:#22303e;font-weight:400;text-align:left;vertical-align:top;padding:13px 16px;font-size:15px;line-height:1.55;border:0;border-bottom:1px solid #e3e8ef;overflow-wrap:break-word\">Con el pelo mojado parece m\u00e1s abierto; en seco, normal otra vez<\/td>\n        <td data-label=\"Tonsura incipiente\" style=\"background:#ffffff;color:#22303e;font-weight:400;text-align:left;vertical-align:top;padding:13px 16px;font-size:15px;line-height:1.55;border:0;border-bottom:1px solid #e3e8ef;overflow-wrap:break-word\">Visible tambi\u00e9n en seco y sin peinar<\/td>\n      <\/tr>\n      <tr>\n        <td data-label=\"Rasgo\" style=\"background:#f6f9fc;color:#003366;font-weight:700;text-align:left;vertical-align:top;padding:13px 16px;font-size:15px;line-height:1.55;border:0;border-bottom:1px solid #e3e8ef;overflow-wrap:break-word\">Otras zonas de la cabeza<\/td>\n        <td data-label=\"Remolino normal\" style=\"background:#f6f9fc;color:#22303e;font-weight:400;text-align:left;vertical-align:top;padding:13px 16px;font-size:15px;line-height:1.55;border:0;border-bottom:1px solid #e3e8ef;overflow-wrap:break-word\">L\u00ednea de implantaci\u00f3n y sienes sin cambios<\/td>\n        <td data-label=\"Tonsura incipiente\" style=\"background:#f6f9fc;color:#22303e;font-weight:400;text-align:left;vertical-align:top;padding:13px 16px;font-size:15px;line-height:1.55;border:0;border-bottom:1px solid #e3e8ef;overflow-wrap:break-word\">A menudo, adem\u00e1s, entradas<\/td>\n      <\/tr>\n      <tr>\n        <td data-label=\"Rasgo\" style=\"background:#ffffff;color:#003366;font-weight:700;text-align:left;vertical-align:top;padding:13px 16px;font-size:15px;line-height:1.55;border:0;overflow-wrap:break-word\">Qu\u00e9 hacer ahora<\/td>\n        <td data-label=\"Remolino normal\" style=\"background:#ffffff;color:#22303e;font-weight:400;text-align:left;vertical-align:top;padding:13px 16px;font-size:15px;line-height:1.55;border:0;overflow-wrap:break-word\">Crear un protocolo fotogr\u00e1fico y comparar dentro de 3 meses<\/td>\n        <td data-label=\"Tonsura incipiente\" style=\"background:#ffffff;color:#22303e;font-weight:400;text-align:left;vertical-align:top;padding:13px 16px;font-size:15px;line-height:1.55;border:0;overflow-wrap:break-word\">Pedir cita en una consulta de dermatolog\u00eda y determinar el estadio<\/td>\n      <\/tr>\n    <\/tbody>\n  <\/table>\n<\/div>\n\n\n\n<div style=\"border:1px solid #e3e8ef;border-radius:10px;padding:20px 22px;margin:8px 0 28px\">\n<p style=\"margin:0 0 12px;color:#013366;font-weight:700;font-size:17px\">Protocolo fotogr\u00e1fico para la parte posterior de la cabeza<\/p>\n<ul style=\"margin:0;padding-left:20px;color:#2e3033;font-size:15px;line-height:1.8\">\n<li>Luz natural junto a la ventana, nunca luz cenital del techo<\/li>\n<li>Pelo seco, sin peinar con producto y con la raya de siempre<\/li>\n<li>C\u00e1mara desde atr\u00e1s y algo por encima, siempre a la misma distancia y con el mismo \u00e1ngulo<\/li>\n<li>Siempre a la misma hora del d\u00eda y con la misma luz<\/li>\n<li>Fotos ahora, dentro de 3 y de 6 meses, con la fecha en el nombre del archivo<\/li>\n<li>Para comparar, pon las dos im\u00e1genes una al lado de la otra; no juzgues de memoria<\/li>\n<\/ul>\n<p style=\"margin:12px 0 0;color:#5b6169;font-size:13.5px;font-style:italic\">El protocolo es una orientaci\u00f3n para la consulta m\u00e9dica y no sustituye a un diagn\u00f3stico m\u00e9dico.<\/p>\n<\/div>\n\n\n<div class=\"wp-block-image\">\n<figure class=\"aligncenter size-large is-resized\" style=\"max-width:560px;margin-left:auto;margin-right:auto\"><img decoding=\"async\" src=\"https:\/\/elithair.com\/es\/wp-content\/uploads\/sites\/5\/2026\/08\/foto_protokoll_hinterkopf.png\" alt=\"Ilustraci\u00f3n del protocolo fotogr\u00e1fico: una persona fotograf\u00eda la parte posterior de su propia cabeza junto a la ventana, al lado una serie de im\u00e1genes insinuada\" class=\"wp-image-92112\" style=\"width:560px;max-width:100%;height:auto\"\/><\/figure>\n<\/div>\n\n\n<h3 class=\"wp-block-heading\">Las tres falsas alarmas m\u00e1s frecuentes en el remolino<\/h3>\n\n\n\n<p class=\"wp-block-paragraph\">La mayor\u00eda de las falsas alarmas en la parte posterior de la cabeza se deben a la luz, al peinado y al patr\u00f3n de crecimiento. Sobre estos tres puntos no hay estudios: son experiencia cotidiana del asesoramiento, pero explican buena parte de las preocupaciones. Primero, el pelo mojado, el gel y la cera apelmazan los pelos del remolino y entonces cualquier cuero cabelludo se transparenta. Segundo, la luz cenital proyecta sombras dentro del giro. Tercero, un <strong>doble remolino<\/strong> es un patr\u00f3n de crecimiento y no una ca\u00edda del cabello; solo tiene un aspecto m\u00e1s revuelto.<\/p>\n\n\n\n<p class=\"wp-block-paragraph\">Dos puntos m\u00e1s encajan aqu\u00ed, porque a menudo se confunden. Una <strong>quemadura solar en el remolino<\/strong> s\u00ed es, al contrario, un indicio que hay que tomarse en serio: donde hay menos pelo falta protecci\u00f3n UV, y eso apunta a una densidad realmente reducida. Y <strong>dormir boca arriba<\/strong> no provoca ca\u00edda del cabello. La alopecia por presi\u00f3n propiamente dicha est\u00e1 descrita en la literatura especializada tras horas de inmovilidad, por ejemplo despu\u00e9s de intervenciones largas, no tras una noche normal.<\/p>\n\n\n\n<h3 class=\"wp-block-heading\">\u00bfCon qu\u00e9 rapidez se desarrolla una tonsura en la parte posterior de la cabeza?<\/h3>\n\n\n\n<p class=\"wp-block-paragraph\">Una tonsura en la parte posterior de la cabeza se desarrolla de forma individual y, por lo general, a lo largo de a\u00f1os, no de semanas. No existe una velocidad fija; lo \u00fanico bien documentado es la direcci\u00f3n: en una cohorte australiana, la proporci\u00f3n de hombres con patr\u00f3n de v\u00e9rtex o de calvicie completa pas\u00f3 del 31 % entre los 40 y los 55 a\u00f1os al 53 % entre los 65 y los 69.<sup>[2]<\/sup> La alopecia hereditaria avanza, por tanto, por brotes y a lo largo de d\u00e9cadas.<\/p>\n\n\n\n<p class=\"wp-block-paragraph\">Para tu decisi\u00f3n importa m\u00e1s tu propia velocidad que cualquier promedio. Si la superficie crece de forma visible entre dos fotos separadas por seis meses, la evoluci\u00f3n se considera activa y entonces conviene una valoraci\u00f3n m\u00e9dica antes de pensar en un trasplante. Si la imagen se mantiene igual durante un a\u00f1o, eso apunta a una evoluci\u00f3n lenta o estabilizada. Justo por eso el protocolo fotogr\u00e1fico es m\u00e1s que un ejercicio para tranquilizarse: es la \u00fanica curva de evoluci\u00f3n que puedes obtener por ti mismo.<\/p>\n\n\n\n<h2 class=\"wp-block-heading\" id=\"ursachen\">Causas de la ca\u00edda del cabello en la parte posterior de la cabeza<\/h2>\n\n\n\n<p class=\"wp-block-paragraph\"><strong>La causa m\u00e1s frecuente de la ca\u00edda del cabello en la parte posterior de la cabeza es la alopecia androgen\u00e9tica en el v\u00e9rtex, es decir, la predisposici\u00f3n gen\u00e9tica alrededor del remolino.<\/strong> Adem\u00e1s entran en juego desencadenantes hormonales, metab\u00f3licos y mec\u00e1nicos, que se diferencian por su patr\u00f3n y su evoluci\u00f3n. Entre las causas m\u00e1s frecuentes est\u00e1n:<\/p>\n\n\n\n<ul class=\"wp-block-list\">\n<li><strong>Predisposici\u00f3n gen\u00e9tica:<\/strong> En la ca\u00edda hereditaria (alopecia androgen\u00e9tica), las ra\u00edces del pelo de las sienes, de la zona frontal y del v\u00e9rtex, la parte superior posterior de la cabeza alrededor del remolino, reaccionan de forma especialmente sensible a la hormona DHT. La parte baja de la cabeza y la nuca suelen quedar a salvo: son resistentes a la DHT.<sup>[4]<\/sup><\/li>\n\n\n<li><strong>Cambios hormonales:<\/strong> Un desequilibrio hormonal o una mayor sensibilidad a la DHT puede alterar el ciclo capilar y acelerar la p\u00e9rdida de pelo en las \u00e1reas t\u00edpicas.<\/li>\n\n\n<li><strong>Estr\u00e9s:<\/strong> Un estr\u00e9s f\u00edsico o ps\u00edquico prolongado puede desplazar el ciclo capilar. La ca\u00edda resultante aparece con retraso, normalmente dos o tres meses despu\u00e9s del desencadenante.<\/li>\n\n\n<li><strong>D\u00e9ficit de nutrientes:<\/strong> Si al cuerpo le faltan hierro, vitamina D, zinc o prote\u00ednas, el aporte a las ra\u00edces del pelo puede resentirse. Esta ca\u00edda, no obstante, es difusa por toda la cabeza y no se limita a la zona posterior.<\/li>\n\n\n<li><strong>Enfermedades:<\/strong> Los trastornos tiroideos, las enfermedades autoinmunes y las enfermedades cut\u00e1neas pueden alterar el ciclo de crecimiento del pelo y favorecer su ca\u00edda.<\/li>\n\n\n<li><strong>Medicamentos:<\/strong> Algunos f\u00e1rmacos pueden provocar como efecto secundario una ca\u00edda del cabello que se nota, entre otras zonas, en la parte posterior de la cabeza.<\/li>\n\n<\/ul>\n\n\n\n<p class=\"wp-block-paragraph\">Para determinar la causa exacta conviene una exploraci\u00f3n m\u00e9dica del cuero cabelludo y de las ra\u00edces del pelo y, en su caso, un an\u00e1lisis de sangre. Tratar la causa de forma dirigida es decisivo, tambi\u00e9n cuando la p\u00e9rdida en esta zona ya est\u00e1 avanzada.<\/p>\n\n\n\n<h3 class=\"wp-block-heading\">Causas t\u00edpicas de la parte baja de la cabeza y de la nuca<\/h3>\n\n\n\n<p class=\"wp-block-paragraph\"><strong>En la parte baja de la cabeza y en la nuca predominan causas distintas a las del v\u00e9rtex, porque esa zona es resistente a la DHT.<\/strong> En resumen, esto es lo que deber\u00edas conocer si la zona afectada no est\u00e1 en el remolino:<\/p>\n\n\n\n<ul class=\"wp-block-list\">\n<li><strong>Alopecia areata:<\/strong> placas redondas, lisas y de bordes n\u00edtidos, con pelos en signo de exclamaci\u00f3n en el borde. El <strong>tipo ofi\u00e1sico<\/strong> , en banda a lo largo de la l\u00ednea de implantaci\u00f3n inferior, tiene una prevalencia de en torno al 0,02 % y se considera de pron\u00f3stico m\u00e1s desfavorable (Lintzeri et al., JDDG 2022).<sup>[6]<\/sup><\/li>\n\n\n<li><strong>Alopecia por tracci\u00f3n:<\/strong> tracci\u00f3n por coletas, mo\u00f1os, trenzas cornrows o extensiones; totalmente reversible en fases tempranas, cicatricial al cabo de a\u00f1os.<sup>[8]<\/sup><\/li>\n\n\n<li><strong>Alopecia por fricci\u00f3n y por presi\u00f3n:<\/strong> roce con la almohada, el reposacabezas, el casco o el cuello de la ropa.<\/li>\n\n\n<li><strong>Causas inflamatorias y cicatriciales:<\/strong> en la nuca destaca el <strong>acn\u00e9 queloideo de la nuca<\/strong> (StatPearls),<sup>[9]<\/sup> adem\u00e1s de la foliculitis decalvante, la <a href=\"\/es\/trasplante-capilar-blog\/foliculitis\/\">foliculitis com\u00fan<\/a> y la tinea capitis en ni\u00f1os.<\/li>\n\n\n<li><strong>Tricotiloman\u00eda:<\/strong> arrancamiento mec\u00e1nico del pelo, con longitudes desiguales dentro de la placa.<\/li>\n\n\n<li><strong>Formas difusas:<\/strong> un efluvio tel\u00f3geno tras una infecci\u00f3n, una operaci\u00f3n, una dieta, un d\u00e9ficit de hierro o un trastorno tiroideo afecta a toda la cabeza, pero se nota primero en el remolino (<a href=\"\/es\/trasplante-capilar-blog\/cuales-son-las-diferentes-causas-y-tipos-de-alopecia\/\">visi\u00f3n general de todas las causas<\/a>).<\/li>\n\n<\/ul>\n\n\n\n<p class=\"wp-block-paragraph\">El enrojecimiento, la descamaci\u00f3n, las p\u00fastulas, el picor o el dolor son las se\u00f1ales de alarma en todas las formas inflamatorias, porque tras la cicatrizaci\u00f3n el fol\u00edculo se pierde, y las alopecias cicatriciales activas son una contraindicaci\u00f3n clara para un trasplante capilar.<sup>[9]<\/sup> Qu\u00e9 ayuda en cada forma y cu\u00e1nto tarda se recoge en la tabla <a href=\"#behandlungstabelle\">Causa, tratamiento y plazos<\/a>.<\/p>\n\n\n<div class=\"wp-block-image\">\n<figure class=\"aligncenter size-large is-resized\" style=\"max-width:720px;margin-left:auto;margin-right:auto\"><img decoding=\"async\" src=\"https:\/\/elithair.com\/es\/wp-content\/uploads\/sites\/5\/2026\/08\/nacken_haaransatz.png\" alt=\"Primer plano de la l\u00ednea de implantaci\u00f3n inferior en la nuca con luz natural\" class=\"wp-image-92113\" style=\"width:720px;max-width:100%;height:auto\"\/><\/figure>\n<\/div>\n\n\n<h3 class=\"wp-block-heading\">\u00bfAlopecia hereditaria en la nuca? Por qu\u00e9 es improbable<\/h3>\n\n\n\n<p class=\"wp-block-paragraph\">La alopecia hereditaria en la nuca es at\u00edpica, porque la zona occipital es resistente a la dihidrotestosterona y por eso se considera \u00ab\u00e1rea segura\u00bb en el trasplante capilar.<sup>[4]<\/sup> Si aun as\u00ed se aclara, hay tres constelaciones que lo explican: una alopecia areata de tipo ofi\u00e1sico, una causa mec\u00e1nica por tracci\u00f3n o roce, o una ca\u00edda difusa que afecta a toda la cabeza y que en la nuca simplemente se nota primero.<\/p>\n\n\n\n<p class=\"wp-block-paragraph\">En la pr\u00e1ctica esto significa: una zona sin pelo por debajo del remolino no es un argumento para pensar \u00abme voy a quedar calvo\u00bb, sino un motivo para acudir al dermat\u00f3logo. Tambi\u00e9n cambia el tratamiento, porque el minoxidil y la finasterida se dirigen a la alopecia androgen\u00e9tica y no a estas formas.<\/p>\n\n\n\n<h3 class=\"wp-block-heading\">S\u00edntomas de la ca\u00edda del cabello en la parte posterior de la cabeza<\/h3>\n\n\n\n<p class=\"wp-block-paragraph\">Se considera fisiol\u00f3gico perder entre 50 y 100 pelos al d\u00eda; en muchas gu\u00edas divulgativas se cita a menudo el rango de 70 a 100 (American Academy of Dermatology, NHS).<sup>[10][1]<\/sup> No existe un umbral exacto. Llama la atenci\u00f3n cuando, durante varias semanas seguidas, se pierden de forma constante bastantes m\u00e1s. <strong>La ca\u00edda del cabello en la parte posterior de la cabeza<\/strong> suele notarse al principio de forma progresiva: el pelo parece m\u00e1s fino en conjunto, el cuero cabelludo se transparenta cada vez m\u00e1s y cuesta m\u00e1s disimularlo.<\/p>\n\n\n\n<p class=\"wp-block-paragraph\">Pero el verdadero signo precoz no es contar pelos, sino la <strong>miniaturizaci\u00f3n<\/strong>: pelos cortos y finos entre los fuertes, t\u00e9cnicamente anisotricosis. Una variabilidad del di\u00e1metro a partir del 20 % en el hombre y del 10 % en la mujer se considera criterio diagn\u00f3stico de la alopecia androgen\u00e9tica.<sup>[5]<\/sup> Precisamente esos pelos apenas se pueden peinar y se levantan de forma irregular.<\/p>\n\n\n<div class=\"wp-block-image\">\n<figure class=\"aligncenter size-large is-resized\" style=\"max-width:560px;margin-left:auto;margin-right:auto\"><img decoding=\"async\" src=\"https:\/\/elithair.com\/es\/wp-content\/uploads\/sites\/5\/2026\/08\/miniaturisierung_follikel.png\" alt=\"Corte transversal del cuero cabelludo con cuatro fol\u00edculos pilosos, de fuerte a muy miniaturizado\" class=\"wp-image-92114\" style=\"width:560px;max-width:100%;height:auto\"\/><\/figure>\n<\/div>\n\n\n<p class=\"wp-block-paragraph\">Si la causa no se trata, el peque\u00f1o claro inicial de la parte posterior de la cabeza puede ir agrand\u00e1ndose. En un estadio avanzado aparece una zona sin pelo claramente visible, mientras que a menudo solo se conserva la corona de pelo en la nuca y sobre las orejas.<\/p>\n\n\n\n<p class=\"wp-block-paragraph\">Esta evoluci\u00f3n es t\u00edpica de la ca\u00edda hereditaria y puede extenderse con el tiempo a toda la parte superior de la cabeza. Por eso es importante un diagn\u00f3stico temprano, para detectar la p\u00e9rdida a tiempo y tratarla de forma dirigida.<\/p>\n\n\n\n<figure class=\"wp-block-image size-full\"><img decoding=\"async\" src=\"https:\/\/elithair.com\/es\/wp-content\/uploads\/sites\/5\/2026\/08\/bestand_95874.png\" alt=\"Paciente joven en la cl\u00ednica capilar Elithair con el Dr. Balwi\" class=\"wp-image-92123\"\/><\/figure>\n\n\n\n<h2 class=\"wp-block-heading\">\u00bfHasta d\u00f3nde ha llegado? Los estadios de Norwood en la parte posterior de la cabeza<\/h2>\n\n\n\n<p class=\"wp-block-paragraph\">La ca\u00edda del cabello en la parte posterior de la cabeza se clasifica con la <strong>escala de Hamilton-Norwood<\/strong> : el tipo v\u00e9rtex empieza con una zona abierta en el remolino y crece hasta que el v\u00e9rtex y la l\u00ednea de implantaci\u00f3n en retroceso se unen en una calvicie. La escala abarca los estadios 1 a 7 y es reproducible, por lo que tambi\u00e9n sirve para el seguimiento.<sup>[2]<\/sup> Con qu\u00e9 frecuencia se ve afectado el v\u00e9rtex depende mucho de la edad: en una cohorte australiana, el 31 % de los hombres de 40 a 55 a\u00f1os y el 53 % de los de 65 a 69 presentaban un patr\u00f3n de v\u00e9rtex o de calvicie completa.<sup>[2]<\/sup><\/p>\n\n\n\n<p class=\"wp-block-paragraph\">Para ti, el estadio cuenta por un motivo pr\u00e1ctico: decide si un tratamiento conservador todav\u00eda puede mantener densidad de forma \u00fatil y si un trasplante dar\u00eda un resultado estable. La escala completa, con todos los estadios e im\u00e1genes, est\u00e1 en nuestro art\u00edculo sobre la <a href=\"\/es\/trasplante-capilar-blog\/hamilton-norwood-la-escala-que-mide-el-nivel-de-alopecia\/\">escala de Norwood-Hamilton<\/a>.<\/p>\n\n\n<div class=\"wp-block-image\">\n<figure class=\"aligncenter size-large is-resized\" style=\"max-width:560px;margin-left:auto;margin-right:auto\"><img decoding=\"async\" src=\"https:\/\/elithair.com\/es\/wp-content\/uploads\/sites\/5\/2026\/08\/norwood_vertex_verlauf.png\" alt=\"Cuatro cabezas esquem\u00e1ticas vistas por detr\u00e1s muestran c\u00f3mo aumenta el claro del remolino hasta quedar solo la corona de pelo\" class=\"wp-image-92115\" style=\"width:560px;max-width:100%;height:auto\"\/><\/figure>\n<\/div>\n\n\n<style>\n@media (max-width:640px){\n.rt-table-wrap{overflow-x:visible!important;border:0!important;border-radius:0!important}\n.rt-table{min-width:0!important}\n.rt-table thead{display:none}\n.rt-table,.rt-table tbody,.rt-table tr,.rt-table td{display:block;width:100%}\n.rt-table caption{display:block;padding:0 0 12px!important}\n.rt-table tr{margin:0 0 12px;border:1px solid #dbe4f0;border-radius:10px;overflow:hidden}\n.rt-table tr:last-child{margin-bottom:0}\n.rt-table td{display:flex!important;flex-direction:column;gap:3px;padding:12px 14px!important;\nborder:0!important;border-bottom:1px solid #e3e8ef!important;background:#ffffff!important}\n.rt-table tr td:last-child{border-bottom:0!important}\n.rt-table td::before{content:attr(data-label);font-size:12px;font-weight:700;letter-spacing:.04em;\ntext-transform:uppercase;color:#5799F1}\n.rt-table td:not([data-label])::before,.rt-table td[data-label=\"\"]::before{display:none}\n}\n<\/style>\n<div class=\"rt-table-wrap\" style=\"overflow-x:auto;-webkit-overflow-scrolling:touch;margin:28px 0;border:1px solid #dbe4f0;border-radius:12px\">\n  <table class=\"rt-table\" style=\"width:100%;min-width:660px;table-layout:fixed;border-collapse:separate;border-spacing:0;font-size:15px;margin:0\">\n    <caption style=\"caption-side:top;text-align:left;color:#003366;font-weight:700;font-size:16px;line-height:1.35;padding:14px 16px 10px;background:#ffffff\">Estadios de Norwood en lo que afecta a la parte posterior de la cabeza<\/caption>\n    <thead>\n      <tr>\n        <th style=\"width:22%;background:#003366;color:#ffffff;font-weight:700;text-align:left;vertical-align:middle;padding:13px 16px;font-size:15px;line-height:1.4;border:0;overflow-wrap:break-word\">Estadio<\/th>\n        <th style=\"background:#003366;color:#ffffff;font-weight:700;text-align:left;vertical-align:middle;padding:13px 16px;font-size:15px;line-height:1.4;border:0;overflow-wrap:break-word\">Qu\u00e9 se ve en la parte posterior de la cabeza<\/th>\n        <th style=\"background:#003366;color:#ffffff;font-weight:700;text-align:left;vertical-align:middle;padding:13px 16px;font-size:15px;line-height:1.4;border:0;overflow-wrap:break-word\">Qu\u00e9 es razonable desde el punto de vista m\u00e9dico<\/th>\n        <th style=\"background:#003366;color:#ffffff;font-weight:700;text-align:left;vertical-align:middle;padding:13px 16px;font-size:15px;line-height:1.4;border:0;overflow-wrap:break-word\">Qu\u00e9 significa para un trasplante<\/th>\n      <\/tr>\n    <\/thead>\n    <tbody>\n      <tr>\n        <td data-label=\"Estadio\" style=\"background:#ffffff;color:#003366;font-weight:700;text-align:left;vertical-align:top;padding:13px 16px;font-size:15px;line-height:1.55;border:0;border-bottom:1px solid #e3e8ef;overflow-wrap:break-word\">Norwood II a III (tipo v\u00e9rtex)<\/td>\n        <td data-label=\"Qu\u00e9 se ve en la parte posterior de la cabeza\" style=\"background:#ffffff;color:#22303e;font-weight:400;text-align:left;vertical-align:top;padding:13px 16px;font-size:15px;line-height:1.55;border:0;border-bottom:1px solid #e3e8ef;overflow-wrap:break-word\">Peque\u00f1a zona abierta en el remolino, el cuero cabelludo se transparenta con el pelo mojado, pelos finos entremedias<\/td>\n        <td data-label=\"Qu\u00e9 es razonable desde el punto de vista m\u00e9dico\" style=\"background:#ffffff;color:#22303e;font-weight:400;text-align:left;vertical-align:top;padding:13px 16px;font-size:15px;line-height:1.55;border:0;border-bottom:1px solid #e3e8ef;overflow-wrap:break-word\">Confirmar el diagn\u00f3stico, documentar la evoluci\u00f3n, valorar un tratamiento conservador<\/td>\n        <td data-label=\"Qu\u00e9 significa para un trasplante\" style=\"background:#ffffff;color:#22303e;font-weight:400;text-align:left;vertical-align:top;padding:13px 16px;font-size:15px;line-height:1.55;border:0;border-bottom:1px solid #e3e8ef;overflow-wrap:break-word\">Casi siempre demasiado pronto: primero estabilizar y observar la evoluci\u00f3n<\/td>\n      <\/tr>\n      <tr>\n        <td data-label=\"Estadio\" style=\"background:#f6f9fc;color:#003366;font-weight:700;text-align:left;vertical-align:top;padding:13px 16px;font-size:15px;line-height:1.55;border:0;border-bottom:1px solid #e3e8ef;overflow-wrap:break-word\">Norwood IV<\/td>\n        <td data-label=\"Qu\u00e9 se ve en la parte posterior de la cabeza\" style=\"background:#f6f9fc;color:#22303e;font-weight:400;text-align:left;vertical-align:top;padding:13px 16px;font-size:15px;line-height:1.55;border:0;border-bottom:1px solid #e3e8ef;overflow-wrap:break-word\">Tonsura marcada en el v\u00e9rtex, con una banda de pelo que todav\u00eda la separa de la zona frontal<\/td>\n        <td data-label=\"Qu\u00e9 es razonable desde el punto de vista m\u00e9dico\" style=\"background:#f6f9fc;color:#22303e;font-weight:400;text-align:left;vertical-align:top;padding:13px 16px;font-size:15px;line-height:1.55;border:0;border-bottom:1px solid #e3e8ef;overflow-wrap:break-word\">Estabilizaci\u00f3n conservadora y valoraci\u00f3n m\u00e9dica de la velocidad<\/td>\n        <td data-label=\"Qu\u00e9 significa para un trasplante\" style=\"background:#f6f9fc;color:#22303e;font-weight:400;text-align:left;vertical-align:top;padding:13px 16px;font-size:15px;line-height:1.55;border:0;border-bottom:1px solid #e3e8ef;overflow-wrap:break-word\">Planificable si la evoluci\u00f3n lleva al menos un a\u00f1o estable o est\u00e1 estabilizada con medicaci\u00f3n<\/td>\n      <\/tr>\n      <tr>\n        <td data-label=\"Estadio\" style=\"background:#ffffff;color:#003366;font-weight:700;text-align:left;vertical-align:top;padding:13px 16px;font-size:15px;line-height:1.55;border:0;border-bottom:1px solid #e3e8ef;overflow-wrap:break-word\">Norwood V<\/td>\n        <td data-label=\"Qu\u00e9 se ve en la parte posterior de la cabeza\" style=\"background:#ffffff;color:#22303e;font-weight:400;text-align:left;vertical-align:top;padding:13px 16px;font-size:15px;line-height:1.55;border:0;border-bottom:1px solid #e3e8ef;overflow-wrap:break-word\">La banda de pelo entre el v\u00e9rtex y la frente se estrecha; el v\u00e9rtex y la parte superior de la cabeza se acercan<\/td>\n        <td data-label=\"Qu\u00e9 es razonable desde el punto de vista m\u00e9dico\" style=\"background:#ffffff;color:#22303e;font-weight:400;text-align:left;vertical-align:top;padding:13px 16px;font-size:15px;line-height:1.55;border:0;border-bottom:1px solid #e3e8ef;overflow-wrap:break-word\">Estabilizaci\u00f3n y planificaci\u00f3n realista de las prioridades<\/td>\n        <td data-label=\"Qu\u00e9 significa para un trasplante\" style=\"background:#ffffff;color:#22303e;font-weight:400;text-align:left;vertical-align:top;padding:13px 16px;font-size:15px;line-height:1.55;border:0;border-bottom:1px solid #e3e8ef;overflow-wrap:break-word\">Posible; la zona donante pasa a ser el factor limitante<\/td>\n      <\/tr>\n      <tr>\n        <td data-label=\"Estadio\" style=\"background:#f6f9fc;color:#003366;font-weight:700;text-align:left;vertical-align:top;padding:13px 16px;font-size:15px;line-height:1.55;border:0;overflow-wrap:break-word\">Norwood VI y VII<\/td>\n        <td data-label=\"Qu\u00e9 se ve en la parte posterior de la cabeza\" style=\"background:#f6f9fc;color:#22303e;font-weight:400;text-align:left;vertical-align:top;padding:13px 16px;font-size:15px;line-height:1.55;border:0;overflow-wrap:break-word\">El v\u00e9rtex y la zona frontal est\u00e1n unidos; queda la corona de pelo<\/td>\n        <td data-label=\"Qu\u00e9 es razonable desde el punto de vista m\u00e9dico\" style=\"background:#f6f9fc;color:#22303e;font-weight:400;text-align:left;vertical-align:top;padding:13px 16px;font-size:15px;line-height:1.55;border:0;overflow-wrap:break-word\">Valoraci\u00f3n m\u00e9dica de la densidad donante y aclaraci\u00f3n de las expectativas sobre la superficie<\/td>\n        <td data-label=\"Qu\u00e9 significa para un trasplante\" style=\"background:#f6f9fc;color:#22303e;font-weight:400;text-align:left;vertical-align:top;padding:13px 16px;font-size:15px;line-height:1.55;border:0;overflow-wrap:break-word\">Deciden la superficie y la reserva donante; una densidad completa y uniforme no es alcanzable<\/td>\n      <\/tr>\n    <\/tbody>\n  <\/table>\n<\/div>\n\n\n\n<h2 class=\"wp-block-heading\">Ca\u00edda del cabello en la parte posterior de la cabeza en mujeres<\/h2>\n\n\n\n<p class=\"wp-block-paragraph\">En las mujeres, la parte posterior de la cabeza no suele verse afectada por la alopecia hereditaria: el patr\u00f3n femenino seg\u00fan Ludwig I a III aclara la raya central y la parte superior de la cabeza, mientras que la l\u00ednea de implantaci\u00f3n frontal y la zona posterior se conservan. En la revisi\u00f3n \u00abFemale Pattern Hair Loss\u00bb, precisamente esa conservaci\u00f3n de la l\u00ednea de implantaci\u00f3n es el rasgo clave, y el diagn\u00f3stico compara la densidad central de la raya con la occipital, porque la regi\u00f3n occipital se mantiene estable.<sup>[11]<\/sup> Seg\u00fan el documento de consenso de la AEDV, afecta a casi el 10 % de las mujeres.<sup>[3]<\/sup><\/p>\n\n\n\n<p class=\"wp-block-paragraph\">Por eso, una zona sin pelo delimitada en la parte posterior de la cabeza es en una mujer una se\u00f1al distinta que en un hombre. Por orden de probabilidad: alopecia areata, tracci\u00f3n por coleta, mo\u00f1o o extensiones, fricci\u00f3n en puntos de apoyo, un efluvio tel\u00f3geno difuso tras el parto, tras dejar la p\u00edldora, por d\u00e9ficit de hierro o por un trastorno tiroideo, y formas inflamatorias cicatriciales. M\u00e1s sobre la forma femenina, en el art\u00edculo sobre la ca\u00edda del cabello en mujeres y sobre la <a href=\"\/es\/trasplante-capilar-blog\/caida-difusa-del-cabello\/\">ca\u00edda difusa del cabello<\/a>.<\/p>\n\n\n\n<p class=\"wp-block-paragraph\">No deber\u00edas esperar si la zona es redonda y de bordes n\u00edtidos, si el cuero cabelludo se enrojece, descama, pica o duele, si la piel parece lisa y brillante sin poros capilares visibles, si la ca\u00edda empieza de golpe en cuesti\u00f3n de semanas o si adem\u00e1s aparecen alteraciones del ciclo, acn\u00e9, aumento del vello corporal o cansancio. Un trasplante capilar solo entra en consideraci\u00f3n en mujeres cuando la causa es estable y est\u00e1 bien delimitada y la zona donante es suficiente; en la ca\u00edda difusa no est\u00e1 indicado.<\/p>\n\n\n<div class=\"wp-block-image\">\n<figure class=\"aligncenter size-large is-resized\" style=\"max-width:560px;margin-left:auto;margin-right:auto\"><img decoding=\"async\" src=\"https:\/\/elithair.com\/es\/wp-content\/uploads\/sites\/5\/2026\/08\/frauen_muster_hinterkopf.png\" alt=\"Tres cabezas femeninas esquem\u00e1ticas: raya central ensanchada, placa redonda en la parte posterior de la cabeza y aclaramiento a lo largo de la l\u00ednea de tracci\u00f3n\" class=\"wp-image-92116\" style=\"width:560px;max-width:100%;height:auto\"\/><\/figure>\n<\/div>\n\n\n<style>\n@media (max-width:640px){\n.rt-table-wrap{overflow-x:visible!important;border:0!important;border-radius:0!important}\n.rt-table{min-width:0!important}\n.rt-table thead{display:none}\n.rt-table,.rt-table tbody,.rt-table tr,.rt-table td{display:block;width:100%}\n.rt-table caption{display:block;padding:0 0 12px!important}\n.rt-table tr{margin:0 0 12px;border:1px solid #dbe4f0;border-radius:10px;overflow:hidden}\n.rt-table tr:last-child{margin-bottom:0}\n.rt-table td{display:flex!important;flex-direction:column;gap:3px;padding:12px 14px!important;\nborder:0!important;border-bottom:1px solid #e3e8ef!important;background:#ffffff!important}\n.rt-table tr td:last-child{border-bottom:0!important}\n.rt-table td::before{content:attr(data-label);font-size:12px;font-weight:700;letter-spacing:.04em;\ntext-transform:uppercase;color:#5799F1}\n.rt-table td:not([data-label])::before,.rt-table td[data-label=\"\"]::before{display:none}\n}\n<\/style>\n<div class=\"rt-table-wrap\" style=\"overflow-x:auto;-webkit-overflow-scrolling:touch;margin:28px 0;border:1px solid #dbe4f0;border-radius:12px\">\n  <table class=\"rt-table\" style=\"width:100%;min-width:660px;table-layout:fixed;border-collapse:separate;border-spacing:0;font-size:15px;margin:0\">\n    <caption style=\"caption-side:top;text-align:left;color:#003366;font-weight:700;font-size:16px;line-height:1.35;padding:14px 16px 10px;background:#ffffff\">Ca\u00edda del cabello en la parte posterior de la cabeza en mujeres: identificar el patr\u00f3n<\/caption>\n    <thead>\n      <tr>\n        <th style=\"width:22%;background:#003366;color:#ffffff;font-weight:700;text-align:left;vertical-align:middle;padding:13px 16px;font-size:15px;line-height:1.4;border:0;overflow-wrap:break-word\">Patr\u00f3n<\/th>\n        <th style=\"background:#003366;color:#ffffff;font-weight:700;text-align:left;vertical-align:middle;padding:13px 16px;font-size:15px;line-height:1.4;border:0;overflow-wrap:break-word\">Localizaci\u00f3n t\u00edpica<\/th>\n        <th style=\"background:#003366;color:#ffffff;font-weight:700;text-align:left;vertical-align:middle;padding:13px 16px;font-size:15px;line-height:1.4;border:0;overflow-wrap:break-word\">Qu\u00e9 puede haber detr\u00e1s<\/th>\n        <th style=\"background:#003366;color:#ffffff;font-weight:700;text-align:left;vertical-align:middle;padding:13px 16px;font-size:15px;line-height:1.4;border:0;overflow-wrap:break-word\">Urgencia<\/th>\n      <\/tr>\n    <\/thead>\n    <tbody>\n      <tr>\n        <td data-label=\"Patr\u00f3n\" style=\"background:#ffffff;color:#003366;font-weight:700;text-align:left;vertical-align:top;padding:13px 16px;font-size:15px;line-height:1.55;border:0;border-bottom:1px solid #e3e8ef;overflow-wrap:break-word\">La raya central se ensancha<\/td>\n        <td data-label=\"Localizaci\u00f3n t\u00edpica\" style=\"background:#ffffff;color:#22303e;font-weight:400;text-align:left;vertical-align:top;padding:13px 16px;font-size:15px;line-height:1.55;border:0;border-bottom:1px solid #e3e8ef;overflow-wrap:break-word\">Parte superior de la cabeza y raya; zona posterior y l\u00ednea de implantaci\u00f3n conservadas<\/td>\n        <td data-label=\"Qu\u00e9 puede haber detr\u00e1s\" style=\"background:#ffffff;color:#22303e;font-weight:400;text-align:left;vertical-align:top;padding:13px 16px;font-size:15px;line-height:1.55;border:0;border-bottom:1px solid #e3e8ef;overflow-wrap:break-word\">Alopecia de patr\u00f3n femenino (Ludwig I a III)<\/td>\n        <td data-label=\"Urgencia\" style=\"background:#ffffff;color:#22303e;font-weight:400;text-align:left;vertical-align:top;padding:13px 16px;font-size:15px;line-height:1.55;border:0;border-bottom:1px solid #e3e8ef;overflow-wrap:break-word\">Estudiar sin prisa, documentar la evoluci\u00f3n durante meses<\/td>\n      <\/tr>\n      <tr>\n        <td data-label=\"Patr\u00f3n\" style=\"background:#f6f9fc;color:#003366;font-weight:700;text-align:left;vertical-align:top;padding:13px 16px;font-size:15px;line-height:1.55;border:0;border-bottom:1px solid #e3e8ef;overflow-wrap:break-word\">Placa redonda de bordes n\u00edtidos<\/td>\n        <td data-label=\"Localizaci\u00f3n t\u00edpica\" style=\"background:#f6f9fc;color:#22303e;font-weight:400;text-align:left;vertical-align:top;padding:13px 16px;font-size:15px;line-height:1.55;border:0;border-bottom:1px solid #e3e8ef;overflow-wrap:break-word\">En cualquier punto de la parte posterior de la cabeza, tambi\u00e9n en banda en la nuca<\/td>\n        <td data-label=\"Qu\u00e9 puede haber detr\u00e1s\" style=\"background:#f6f9fc;color:#22303e;font-weight:400;text-align:left;vertical-align:top;padding:13px 16px;font-size:15px;line-height:1.55;border:0;border-bottom:1px solid #e3e8ef;overflow-wrap:break-word\">Alopecia areata; en la nuca, el tipo ofi\u00e1sico<\/td>\n        <td data-label=\"Urgencia\" style=\"background:#f6f9fc;color:#22303e;font-weight:400;text-align:left;vertical-align:top;padding:13px 16px;font-size:15px;line-height:1.55;border:0;border-bottom:1px solid #e3e8ef;overflow-wrap:break-word\">Acudir pronto al dermat\u00f3logo<\/td>\n      <\/tr>\n      <tr>\n        <td data-label=\"Patr\u00f3n\" style=\"background:#ffffff;color:#003366;font-weight:700;text-align:left;vertical-align:top;padding:13px 16px;font-size:15px;line-height:1.55;border:0;border-bottom:1px solid #e3e8ef;overflow-wrap:break-word\">Aclaramiento a lo largo de la l\u00ednea de tracci\u00f3n<\/td>\n        <td data-label=\"Localizaci\u00f3n t\u00edpica\" style=\"background:#ffffff;color:#22303e;font-weight:400;text-align:left;vertical-align:top;padding:13px 16px;font-size:15px;line-height:1.55;border:0;border-bottom:1px solid #e3e8ef;overflow-wrap:break-word\">En el arranque de la coleta, el mo\u00f1o o las extensiones, a menudo sim\u00e9trico<\/td>\n        <td data-label=\"Qu\u00e9 puede haber detr\u00e1s\" style=\"background:#ffffff;color:#22303e;font-weight:400;text-align:left;vertical-align:top;padding:13px 16px;font-size:15px;line-height:1.55;border:0;border-bottom:1px solid #e3e8ef;overflow-wrap:break-word\">Alopecia por tracci\u00f3n: reversible al principio, cicatricial m\u00e1s tarde<\/td>\n        <td data-label=\"Urgencia\" style=\"background:#ffffff;color:#22303e;font-weight:400;text-align:left;vertical-align:top;padding:13px 16px;font-size:15px;line-height:1.55;border:0;border-bottom:1px solid #e3e8ef;overflow-wrap:break-word\">Suprimir la tracci\u00f3n de inmediato y hacer un control m\u00e9dico<\/td>\n      <\/tr>\n      <tr>\n        <td data-label=\"Patr\u00f3n\" style=\"background:#f6f9fc;color:#003366;font-weight:700;text-align:left;vertical-align:top;padding:13px 16px;font-size:15px;line-height:1.55;border:0;border-bottom:1px solid #e3e8ef;overflow-wrap:break-word\">Menos pelo de forma uniforme en toda la cabeza<\/td>\n        <td data-label=\"Localizaci\u00f3n t\u00edpica\" style=\"background:#f6f9fc;color:#22303e;font-weight:400;text-align:left;vertical-align:top;padding:13px 16px;font-size:15px;line-height:1.55;border:0;border-bottom:1px solid #e3e8ef;overflow-wrap:break-word\">Toda la cabeza; se nota primero en el remolino y en la raya<\/td>\n        <td data-label=\"Qu\u00e9 puede haber detr\u00e1s\" style=\"background:#f6f9fc;color:#22303e;font-weight:400;text-align:left;vertical-align:top;padding:13px 16px;font-size:15px;line-height:1.55;border:0;border-bottom:1px solid #e3e8ef;overflow-wrap:break-word\">Efluvio tel\u00f3geno tras el parto, una dieta o una infecci\u00f3n, por d\u00e9ficit de hierro o trastorno tiroideo<\/td>\n        <td data-label=\"Urgencia\" style=\"background:#f6f9fc;color:#22303e;font-weight:400;text-align:left;vertical-align:top;padding:13px 16px;font-size:15px;line-height:1.55;border:0;border-bottom:1px solid #e3e8ef;overflow-wrap:break-word\">Comprobar los valores sangu\u00edneos y observar la evoluci\u00f3n de 3 a 6 meses<\/td>\n      <\/tr>\n      <tr>\n        <td data-label=\"Patr\u00f3n\" style=\"background:#ffffff;color:#003366;font-weight:700;text-align:left;vertical-align:top;padding:13px 16px;font-size:15px;line-height:1.55;border:0;overflow-wrap:break-word\">Enrojecimiento, descamaci\u00f3n, p\u00fastulas o piel lisa y brillante<\/td>\n        <td data-label=\"Localizaci\u00f3n t\u00edpica\" style=\"background:#ffffff;color:#22303e;font-weight:400;text-align:left;vertical-align:top;padding:13px 16px;font-size:15px;line-height:1.55;border:0;overflow-wrap:break-word\">Cualquier zona, a menudo en el centro de la parte superior de la cabeza o en la nuca<\/td>\n        <td data-label=\"Qu\u00e9 puede haber detr\u00e1s\" style=\"background:#ffffff;color:#22303e;font-weight:400;text-align:left;vertical-align:top;padding:13px 16px;font-size:15px;line-height:1.55;border:0;overflow-wrap:break-word\">Alopecia inflamatoria o cicatricial<\/td>\n        <td data-label=\"Urgencia\" style=\"background:#ffffff;color:#22303e;font-weight:400;text-align:left;vertical-align:top;padding:13px 16px;font-size:15px;line-height:1.55;border:0;overflow-wrap:break-word\">No esperar: los fol\u00edculos dependen del tiempo<\/td>\n      <\/tr>\n    <\/tbody>\n  <\/table>\n<\/div>\n\n\n\n<h2 class=\"wp-block-heading\" id=\"auswirkungen\">\u00bfQu\u00e9 efectos puede tener la calvicie en la parte posterior de la cabeza sobre los afectados?<\/h2>\n\n\n\n<p class=\"wp-block-paragraph\"><strong>La ca\u00edda del cabello en la parte posterior de la cabeza supone una carga medible para muchas personas, pero, seg\u00fan la evidencia disponible, no desencadena depresiones cl\u00ednicas.<\/strong> La parte posterior de la cabeza tiene adem\u00e1s una particularidad: uno mismo nunca la ve y los dem\u00e1s la ven todo el tiempo. De ah\u00ed nace justamente la sensaci\u00f3n de haber perdido el control sobre la propia imagen.<\/p>\n\n\n\n<p class=\"wp-block-paragraph\">Lo que muchos notan en el d\u00eda a d\u00eda tambi\u00e9n se puede mostrar con cifras. Un metaan\u00e1lisis publicado en JAMA Dermatology sobre 41 estudios con 7.995 pacientes hall\u00f3 en la alopecia androgen\u00e9tica una limitaci\u00f3n significativa de la calidad de vida y una dimensi\u00f3n emocional moderadamente afectada (DLQI 8,16; Hair-Specific Skindex-29: 29,22 puntos).<sup>[12]<\/sup> En cambio, ese mismo an\u00e1lisis no encontr\u00f3 una asociaci\u00f3n significativa con la depresi\u00f3n cl\u00ednica.<\/p>\n\n\n\n<p class=\"wp-block-paragraph\">Ese es el mensaje m\u00e1s importante detr\u00e1s de las cifras: la carga es real y no hay que minimizarla, pero tampoco es un diagn\u00f3stico. Sobre todo los hombres j\u00f3venes viven el cambio como una ruptura, se sienten mayores de lo que son o evitan las fotos y las situaciones de grupo. En los pocos estudios disponibles al respecto, las mujeres refer\u00edan una autoestima m\u00e1s baja que los hombres.<sup>[12]<\/sup><\/p>\n\n\n\n<p class=\"wp-block-paragraph\">La intensidad con la que se percibe esa carga var\u00eda mucho de una persona a otra. Lo que s\u00ed est\u00e1 claro es que, para muchos, la ca\u00edda del cabello es m\u00e1s que un asunto est\u00e9tico. Abordar pronto las causas y las posibles opciones de tratamiento ayuda a situar la situaci\u00f3n y a recuperar seguridad con la propia imagen.<\/p>\n\n\n\n<h2 class=\"wp-block-heading\" id=\"diagnose\">Diagn\u00f3stico y opciones de tratamiento<\/h2>\n\n\n\n<p class=\"wp-block-paragraph\"><strong>El diagn\u00f3stico de la ca\u00edda del cabello en la parte posterior de la cabeza pasa por la tricoscopia, la prueba de tracci\u00f3n, los valores sangu\u00edneos y, en casos excepcionales, una biopsia; el tratamiento se orienta despu\u00e9s seg\u00fan la causa encontrada.<\/strong> Un tratamiento dirigido solo es posible cuando se conoce esa causa. As\u00ed se identifican los desencadenantes reversibles y, en determinadas circunstancias, se puede frenar una p\u00e9rdida progresiva.<\/p>\n\n\n\n<p class=\"wp-block-paragraph\">Una excepci\u00f3n es la ca\u00edda hereditaria. En esta forma, la p\u00e9rdida de cabello no se puede detener del todo desde el punto de vista m\u00e9dico, pero s\u00ed frenar o limitar. De ah\u00ed la importancia de una valoraci\u00f3n realista de los tratamientos posibles.<\/p>\n\n\n\n<p class=\"wp-block-paragraph\">Un dermat\u00f3logo es <a href=\"\/es\/trasplante-capilar-blog\/que-medico-trata-la-caida-del-cabello\/\">el profesional adecuado para el diagn\u00f3stico<\/a>. Mediante la exploraci\u00f3n del cuero cabelludo y de las ra\u00edces del pelo y, en su caso, con an\u00e1lisis de sangre, se pueden identificar causas hormonales, metab\u00f3licas u otras. Sobre esa base se puede valorar qu\u00e9 opciones de tratamiento tienen sentido en cada caso.<\/p>\n\n\n\n<h3 class=\"wp-block-heading\">Qu\u00e9 ocurre realmente en la consulta m\u00e9dica<\/h3>\n\n\n\n<p class=\"wp-block-paragraph\">El estudio de la ca\u00edda del cabello en la parte posterior de la cabeza consta de cuatro pasos, cada uno de los cuales responde a una pregunta propia. La <strong>tricoscopia<\/strong>, es decir, la microscop\u00eda de epiluminiscencia del cuero cabelludo, es la pieza central: muestra la anisotricosis de la alopecia androgen\u00e9tica (umbral del 20 % en el hombre y del 10 % en la mujer), los pelos en signo de exclamaci\u00f3n de la alopecia areata y la p\u00e9rdida de los ostium foliculares como signo de una alopecia cicatricial.<sup>[5][6]<\/sup><\/p>\n\n\n\n<ul class=\"wp-block-list\">\n<li><strong>Tricoscopia:<\/strong> \u00bfHay miniaturizaci\u00f3n? \u00bfSe conservan los poros capilares? \u00bfHay signos de inflamaci\u00f3n? Esto separa lo androgen\u00e9tico, la areata y lo cicatricial.<\/li>\n\n\n<li><strong>Prueba de tracci\u00f3n (pull test) y tricograma:<\/strong> \u00bfC\u00f3mo de activa es la ca\u00edda ahora mismo y en qu\u00e9 fase del ciclo est\u00e1n los pelos? Esto separa la ca\u00edda difusa aguda de la alopecia de patr\u00f3n, m\u00e1s lenta.<\/li>\n\n\n<li><strong>Valores sangu\u00edneos:<\/strong> Ferritina, TSH, vitamina D y zinc; en las mujeres, adem\u00e1s, el estado androg\u00e9nico. As\u00ed se detectan causas concomitantes reversibles, que una <a href=\"\/es\/trasplante-capilar-blog\/cuales-son-las-diferentes-causas-y-tipos-de-alopecia\/\">visi\u00f3n general de las causas de la ca\u00edda del cabello<\/a> describe en detalle.<\/li>\n\n\n<li><strong>Biopsia:<\/strong> solo ante la sospecha de una alopecia cicatricial, cuando faltan poros capilares o la piel parece lisa y brillante.<\/li>\n\n<\/ul>\n\n\n<div class=\"wp-block-image\">\n<figure class=\"aligncenter size-large is-resized\" style=\"max-width:720px;margin-left:auto;margin-right:auto\"><img decoding=\"async\" src=\"https:\/\/elithair.com\/es\/wp-content\/uploads\/sites\/5\/2026\/08\/trichoskopie_untersuchung-1.png\" alt=\"Una m\u00e9dica explora la zona del remolino de un paciente con un dermatoscopio\" class=\"wp-image-92117\" style=\"width:720px;max-width:100%;height:auto\"\/><\/figure>\n<\/div>\n\n\n<div style=\"background:#f7f9fc;border-left:5px solid #0079F1;border-radius:10px;padding:20px 22px;margin:8px 0 28px\">\n<p style=\"margin:0 0 12px;color:#013366;font-weight:700;font-size:17px\">No esperes si\u2026<\/p>\n<ul style=\"margin:0;padding-left:20px;color:#2e3033;font-size:15px;line-height:1.8\">\n<li>la zona es redonda y de bordes n\u00edtidos, con la piel lisa<\/li>\n<li>el cuero cabelludo se enrojece, descama, supura, presenta p\u00fastulas o duele<\/li>\n<li>la piel parece lisa y brillante, sin poros capilares visibles (signo de cicatrizaci\u00f3n)<\/li>\n<li>la ca\u00edda ha empezado de golpe en cuesti\u00f3n de semanas<\/li>\n<li>aparecen placas en un ni\u00f1o<\/li>\n<li>hay adem\u00e1s s\u00edntomas generales, como cansancio, cambios de peso o alteraciones del ciclo<\/li>\n<\/ul>\n<p style=\"margin:12px 0 0;color:#2e3033;font-size:14.5px\">El motivo de la prisa: en las formas inflamatorias y cicatriciales, el tiempo decide si el fol\u00edculo se conserva. En una evoluci\u00f3n puramente androgen\u00e9tica puedes planificar con calma.<\/p>\n<\/div>\n\n\n\n<figure class=\"wp-block-image size-full\"><img decoding=\"async\" src=\"https:\/\/elithair.com\/es\/wp-content\/uploads\/sites\/5\/2026\/08\/bestand_95875.png\" alt=\"L\u00ednea de cuidado capilar de Elithair contra la ca\u00edda del cabello\" class=\"wp-image-92124\"\/><\/figure>\n\n\n\n<h3 class=\"wp-block-heading\">Prevenci\u00f3n de la ca\u00edda del cabello en la parte posterior de la cabeza<\/h3>\n\n\n\n<p class=\"wp-block-paragraph\"><strong>La ca\u00edda del cabello en la parte posterior de la cabeza solo se puede prevenir all\u00ed donde hay detr\u00e1s una causa mec\u00e1nica o reversible; ninguna rutina de cuidado evita la evoluci\u00f3n hereditaria en el v\u00e9rtex.<\/strong> Las medidas preventivas tienen sentido, por tanto, sobre todo en casos leves o precoces y despu\u00e9s de una valoraci\u00f3n m\u00e9dica. En algunos casos ya ayuda un ajuste del estilo de vida, por ejemplo reducir el estr\u00e9s o llevar una alimentaci\u00f3n equilibrada.<\/p>\n\n\n\n<p class=\"wp-block-paragraph\">Un cuidado suave del pelo y del cuero cabelludo tambi\u00e9n cuenta. Los champ\u00fas suaves, el agua tibia y un uso moderado del calor al secar o peinar son menos agresivos para el cuero cabelludo. Al peinar conviene evitar tirones innecesarios.<\/p>\n\n\n\n<p class=\"wp-block-paragraph\">Para un crecimiento capilar sano, el cuerpo necesita distintas vitaminas, minerales y oligoelementos como el zinc, la biotina o el magnesio. Una alimentaci\u00f3n equilibrada contribuye a nutrir las ra\u00edces del pelo. Si el aporte a trav\u00e9s de la dieta no basta, los complementos alimenticios pueden servir de apoyo, pero solo de forma dirigida y tras un asesoramiento profesional.<\/p>\n\n\n\n<p class=\"wp-block-paragraph\">En la parte posterior de la cabeza se a\u00f1ade adem\u00e1s la <strong>descarga mec\u00e1nica<\/strong> : cambiar los peinados con tracci\u00f3n permanente, reducir el roce del casco y de la almohada y, si hay roce nocturno, usar sat\u00e9n o seda en lugar de algod\u00f3n. En las formas de origen mec\u00e1nico esto act\u00faa sobre la causa, ya que la alopecia por tracci\u00f3n es totalmente reversible en fases tempranas.<sup>[8]<\/sup> Con la alopecia hereditaria hay que ser honestos: no existe evidencia de que el cuidado o el estilo de vida la eviten.<\/p>\n\n\n\n<h3 class=\"wp-block-heading\">Opci\u00f3n de tratamiento t\u00f3pico<\/h3>\n\n\n\n<p class=\"wp-block-paragraph\"><strong>El tratamiento t\u00f3pico est\u00e1ndar en la ca\u00edda del cabello en la parte posterior de la cabeza es el minoxidil, cuyo efecto est\u00e1 mejor estudiado precisamente en el v\u00e9rtex.<\/strong> Adem\u00e1s existen otros enfoques farmacol\u00f3gicos que pueden frenar la p\u00e9rdida de cabello o estabilizar la situaci\u00f3n capilar existente. Se emplean con frecuencia el <a href=\"\/es\/trasplante-capilar-blog\/minoxidil-para-la-caida-del-cabello\/\">minoxidil<\/a> o la finasterida, que en determinadas formas de ca\u00edda pueden tener un efecto densificador.<\/p>\n\n\n\n<p class=\"wp-block-paragraph\">Para el remolino, la evidencia es incluso especialmente buena. Los estudios de registro del minoxidil t\u00f3pico midieron su \u00e1rea objetivo en el <strong>v\u00e9rtex<\/strong> y contaron all\u00ed el n\u00famero de pelos no vellosos: en el estudio aleatorizado de Olsen et al. (2002), el minoxidil al 5 % produjo tras 48 semanas un crecimiento en torno a un 45 % mayor que el del 2 %.<sup>[13]<\/sup> Los primeros pelos terminales aparecen a los cuatro meses aproximadamente; una valoraci\u00f3n fiable necesita al menos 24 semanas y, en las primeras 2 a 8 semanas, es posible un aumento transitorio de la ca\u00edda.<sup>[13][14][2]<\/sup><\/p>\n\n\n\n<p class=\"wp-block-paragraph\"><strong>Un l\u00edmite importante en este mismo punto:<\/strong> Este efecto vale para la alopecia androgen\u00e9tica. No vale para la alopecia areata, ni para la alopecia por tracci\u00f3n o por presi\u00f3n, ni para las formas inflamatorias o cicatriciales. Aplicar minoxidil sobre una placa de alopecia areata en la nuca hace perder un tiempo que ah\u00ed s\u00ed cuenta de verdad.<\/p>\n\n\n<div class=\"wp-block-image\">\n<figure class=\"aligncenter size-large is-resized\" style=\"max-width:720px;margin-left:auto;margin-right:auto\"><img decoding=\"async\" src=\"https:\/\/elithair.com\/es\/wp-content\/uploads\/sites\/5\/2026\/08\/minoxidil_anwendung_wirbel.png\" alt=\"Un hombre aplica una soluci\u00f3n con una pipeta directamente sobre la zona del remolino, en la parte posterior de la cabeza\" class=\"wp-image-92118\" style=\"width:720px;max-width:100%;height:auto\"\/><\/figure>\n<\/div>\n\n\n<p class=\"wp-block-paragraph\">Adem\u00e1s es importante una valoraci\u00f3n realista: estos tratamientos act\u00faan <strong>solo mientras se aplican<\/strong>. Si se interrumpe el tratamiento, la ca\u00edda suele reaparecer. Por eso no son una soluci\u00f3n permanente. En mujeres en edad f\u00e9rtil, la finasterida no est\u00e1 indicada.<sup>[3]<\/sup><\/p>\n\n\n\n<p class=\"wp-block-paragraph\">Los procedimientos complementarios, valorados con sobriedad: para el <strong>PRP<\/strong> un metaan\u00e1lisis de estudios aleatorizados de 2023 muestra una densidad capilar significativamente mayor a los 3 y 6 meses frente a placebo, pero ninguna diferencia significativa en el n\u00famero de pelos ni en su di\u00e1metro.<sup>[15]<\/sup> En combinaci\u00f3n con minoxidil, la densidad fue mejor que con minoxidil solo.<sup>[16]<\/sup> <strong>El microneedling<\/strong> debe considerarse un procedimiento complementario con evidencia limitada, mejor estudiado en combinaci\u00f3n con terapia lum\u00ednica o con principios activos.<sup>[14]<\/sup> La <strong>terapia l\u00e1ser de baja intensidad<\/strong> est\u00e1 recogida por las sociedades cient\u00edficas como una opci\u00f3n en la alopecia androgen\u00e9tica; su evidencia es m\u00e1s d\u00e9bil que la del minoxidil y la finasterida.<sup>[17]<\/sup><\/p>\n\n\n\n<p class=\"wp-block-paragraph\">Qu\u00e9 tratamiento tiene sentido depende de la causa y del estadio. Por eso es decisivo un diagn\u00f3stico m\u00e9dico temprano, para elegir una terapia adecuada y evitar tratamientos err\u00f3neos. Las aplicaciones poco dirigidas o inadecuadas pueden incluso agravar la p\u00e9rdida de cabello en determinadas circunstancias.<\/p>\n\n\n\n<h2 class=\"wp-block-heading\" id=\"behandlungstabelle\">\u00bfQu\u00e9 tratamiento corresponde a cada causa en la parte posterior de la cabeza?<\/h2>\n\n\n\n<p class=\"wp-block-paragraph\">El tratamiento de la ca\u00edda del cabello en la parte posterior de la cabeza se orienta seg\u00fan la causa y no seg\u00fan el punto afectado: las causas reversibles se corrigen, la ca\u00edda hereditaria se frena y los fol\u00edculos perdidos solo se pueden reponer con un trasplante. La cuarta columna de la tabla es la parte que la mayor\u00eda subestima, porque cada efecto sigue el ciclo capilar y no el calendario de quien lo sufre.<\/p>\n\n\n\n<style>\n@media (max-width:640px){\n.rt-table-wrap{overflow-x:visible!important;border:0!important;border-radius:0!important}\n.rt-table{min-width:0!important}\n.rt-table thead{display:none}\n.rt-table,.rt-table tbody,.rt-table tr,.rt-table td{display:block;width:100%}\n.rt-table caption{display:block;padding:0 0 12px!important}\n.rt-table tr{margin:0 0 12px;border:1px solid #dbe4f0;border-radius:10px;overflow:hidden}\n.rt-table tr:last-child{margin-bottom:0}\n.rt-table td{display:flex!important;flex-direction:column;gap:3px;padding:12px 14px!important;\nborder:0!important;border-bottom:1px solid #e3e8ef!important;background:#ffffff!important}\n.rt-table tr td:last-child{border-bottom:0!important}\n.rt-table td::before{content:attr(data-label);font-size:12px;font-weight:700;letter-spacing:.04em;\ntext-transform:uppercase;color:#5799F1}\n.rt-table td:not([data-label])::before,.rt-table td[data-label=\"\"]::before{display:none}\n}\n<\/style>\n<div class=\"rt-table-wrap\" style=\"overflow-x:auto;-webkit-overflow-scrolling:touch;margin:28px 0;border:1px solid #dbe4f0;border-radius:12px\">\n  <table class=\"rt-table\" style=\"width:100%;min-width:700px;table-layout:fixed;border-collapse:separate;border-spacing:0;font-size:15px;margin:0\">\n    <caption style=\"caption-side:top;text-align:left;color:#003366;font-weight:700;font-size:16px;line-height:1.35;padding:14px 16px 10px;background:#ffffff\">Causa, tratamiento y plazos realistas en la parte posterior de la cabeza<\/caption>\n    <thead>\n      <tr>\n        <th style=\"width:20%;background:#003366;color:#ffffff;font-weight:700;text-align:left;vertical-align:middle;padding:13px 16px;font-size:15px;line-height:1.4;border:0;overflow-wrap:break-word\">Causa<\/th>\n        <th style=\"background:#003366;color:#ffffff;font-weight:700;text-align:left;vertical-align:middle;padding:13px 16px;font-size:15px;line-height:1.4;border:0;overflow-wrap:break-word\">Zona t\u00edpica en la parte posterior de la cabeza<\/th>\n        <th style=\"background:#003366;color:#ffffff;font-weight:700;text-align:left;vertical-align:middle;padding:13px 16px;font-size:15px;line-height:1.4;border:0;overflow-wrap:break-word\">A qu\u00e9 se dirige el tratamiento<\/th>\n        <th style=\"background:#003366;color:#ffffff;font-weight:700;text-align:left;vertical-align:middle;padding:13px 16px;font-size:15px;line-height:1.4;border:0;overflow-wrap:break-word\">Cu\u00e1ndo puedes ver un resultado<\/th>\n        <th style=\"background:#003366;color:#ffffff;font-weight:700;text-align:left;vertical-align:middle;padding:13px 16px;font-size:15px;line-height:1.4;border:0;overflow-wrap:break-word\">Expectativa realista<\/th>\n      <\/tr>\n    <\/thead>\n    <tbody>\n      <tr>\n        <td data-label=\"Causa\" style=\"background:#ffffff;color:#003366;font-weight:700;text-align:left;vertical-align:top;padding:13px 16px;font-size:15px;line-height:1.55;border:0;border-bottom:1px solid #e3e8ef;overflow-wrap:break-word\">Alopecia androgen\u00e9tica (tipo v\u00e9rtex)<\/td>\n        <td data-label=\"Zona t\u00edpica en la parte posterior de la cabeza\" style=\"background:#ffffff;color:#22303e;font-weight:400;text-align:left;vertical-align:top;padding:13px 16px;font-size:15px;line-height:1.55;border:0;border-bottom:1px solid #e3e8ef;overflow-wrap:break-word\">Remolino y parte superior posterior de la cabeza<\/td>\n        <td data-label=\"A qu\u00e9 se dirige el tratamiento\" style=\"background:#ffffff;color:#22303e;font-weight:400;text-align:left;vertical-align:top;padding:13px 16px;font-size:15px;line-height:1.55;border:0;border-bottom:1px solid #e3e8ef;overflow-wrap:break-word\">Minoxidil t\u00f3pico, finasterida bajo valoraci\u00f3n m\u00e9dica, PRP como complemento; trasplante si la evoluci\u00f3n es estable<\/td>\n        <td data-label=\"Cu\u00e1ndo puedes ver un resultado\" style=\"background:#ffffff;color:#22303e;font-weight:400;text-align:left;vertical-align:top;padding:13px 16px;font-size:15px;line-height:1.55;border:0;border-bottom:1px solid #e3e8ef;overflow-wrap:break-word\">Primeros pelos terminales hacia los 4 meses, valoraci\u00f3n a partir de las 24 semanas, m\u00e1ximo en torno a la semana 48<\/td>\n        <td data-label=\"Expectativa realista\" style=\"background:#ffffff;color:#22303e;font-weight:400;text-align:left;vertical-align:top;padding:13px 16px;font-size:15px;line-height:1.55;border:0;border-bottom:1px solid #e3e8ef;overflow-wrap:break-word\">Estabilizaci\u00f3n y densificaci\u00f3n, no una recuperaci\u00f3n de la densidad juvenil; el efecto solo se mantiene durante la aplicaci\u00f3n<\/td>\n      <\/tr>\n      <tr>\n        <td data-label=\"Causa\" style=\"background:#f6f9fc;color:#003366;font-weight:700;text-align:left;vertical-align:top;padding:13px 16px;font-size:15px;line-height:1.55;border:0;border-bottom:1px solid #e3e8ef;overflow-wrap:break-word\">Alopecia areata (tambi\u00e9n de tipo ofi\u00e1sico)<\/td>\n        <td data-label=\"Zona t\u00edpica en la parte posterior de la cabeza\" style=\"background:#f6f9fc;color:#22303e;font-weight:400;text-align:left;vertical-align:top;padding:13px 16px;font-size:15px;line-height:1.55;border:0;border-bottom:1px solid #e3e8ef;overflow-wrap:break-word\">Placas circunscritas, en banda en la nuca<\/td>\n        <td data-label=\"A qu\u00e9 se dirige el tratamiento\" style=\"background:#f6f9fc;color:#22303e;font-weight:400;text-align:left;vertical-align:top;padding:13px 16px;font-size:15px;line-height:1.55;border:0;border-bottom:1px solid #e3e8ef;overflow-wrap:break-word\">Tratamiento dermatol\u00f3gico seg\u00fan las gu\u00edas cl\u00ednicas vigentes, nunca automedicaci\u00f3n<\/td>\n        <td data-label=\"Cu\u00e1ndo puedes ver un resultado\" style=\"background:#f6f9fc;color:#22303e;font-weight:400;text-align:left;vertical-align:top;padding:13px 16px;font-size:15px;line-height:1.55;border:0;border-bottom:1px solid #e3e8ef;overflow-wrap:break-word\">Tras el primer episodio, en torno al 50 % se recupera de forma espont\u00e1nea en un a\u00f1o<\/td>\n        <td data-label=\"Expectativa realista\" style=\"background:#f6f9fc;color:#22303e;font-weight:400;text-align:left;vertical-align:top;padding:13px 16px;font-size:15px;line-height:1.55;border:0;border-bottom:1px solid #e3e8ef;overflow-wrap:break-word\">Curso en brotes, recidivas frecuentes; el trasplante sobre placas activas est\u00e1 contraindicado<\/td>\n      <\/tr>\n      <tr>\n        <td data-label=\"Causa\" style=\"background:#ffffff;color:#003366;font-weight:700;text-align:left;vertical-align:top;padding:13px 16px;font-size:15px;line-height:1.55;border:0;border-bottom:1px solid #e3e8ef;overflow-wrap:break-word\">Alopecia por tracci\u00f3n<\/td>\n        <td data-label=\"Zona t\u00edpica en la parte posterior de la cabeza\" style=\"background:#ffffff;color:#22303e;font-weight:400;text-align:left;vertical-align:top;padding:13px 16px;font-size:15px;line-height:1.55;border:0;border-bottom:1px solid #e3e8ef;overflow-wrap:break-word\">L\u00edneas de tracci\u00f3n, arranque de coleta, mo\u00f1o o extensiones<\/td>\n        <td data-label=\"A qu\u00e9 se dirige el tratamiento\" style=\"background:#ffffff;color:#22303e;font-weight:400;text-align:left;vertical-align:top;padding:13px 16px;font-size:15px;line-height:1.55;border:0;border-bottom:1px solid #e3e8ef;overflow-wrap:break-word\">Suprimir la tracci\u00f3n, cambiar de peinado, control m\u00e9dico<\/td>\n        <td data-label=\"Cu\u00e1ndo puedes ver un resultado\" style=\"background:#ffffff;color:#22303e;font-weight:400;text-align:left;vertical-align:top;padding:13px 16px;font-size:15px;line-height:1.55;border:0;border-bottom:1px solid #e3e8ef;overflow-wrap:break-word\">De 3 a 6 meses despu\u00e9s de eliminar la tracci\u00f3n, si todav\u00eda no hay cicatrizaci\u00f3n<\/td>\n        <td data-label=\"Expectativa realista\" style=\"background:#ffffff;color:#22303e;font-weight:400;text-align:left;vertical-align:top;padding:13px 16px;font-size:15px;line-height:1.55;border:0;border-bottom:1px solid #e3e8ef;overflow-wrap:break-word\">Totalmente reversible en fases tempranas; con a\u00f1os de tracci\u00f3n, cicatricial y entonces definitiva<\/td>\n      <\/tr>\n      <tr>\n        <td data-label=\"Causa\" style=\"background:#f6f9fc;color:#003366;font-weight:700;text-align:left;vertical-align:top;padding:13px 16px;font-size:15px;line-height:1.55;border:0;border-bottom:1px solid #e3e8ef;overflow-wrap:break-word\">Alopecia por fricci\u00f3n o por presi\u00f3n<\/td>\n        <td data-label=\"Zona t\u00edpica en la parte posterior de la cabeza\" style=\"background:#f6f9fc;color:#22303e;font-weight:400;text-align:left;vertical-align:top;padding:13px 16px;font-size:15px;line-height:1.55;border:0;border-bottom:1px solid #e3e8ef;overflow-wrap:break-word\">Puntos de apoyo: almohada, reposacabezas, casco, cuello de la ropa<\/td>\n        <td data-label=\"A qu\u00e9 se dirige el tratamiento\" style=\"background:#f6f9fc;color:#22303e;font-weight:400;text-align:left;vertical-align:top;padding:13px 16px;font-size:15px;line-height:1.55;border:0;border-bottom:1px solid #e3e8ef;overflow-wrap:break-word\">Eliminar el desencadenante, reducir el roce<\/td>\n        <td data-label=\"Cu\u00e1ndo puedes ver un resultado\" style=\"background:#f6f9fc;color:#22303e;font-weight:400;text-align:left;vertical-align:top;padding:13px 16px;font-size:15px;line-height:1.55;border:0;border-bottom:1px solid #e3e8ef;overflow-wrap:break-word\">De 3 a 6 meses de observaci\u00f3n tras eliminar la carga<\/td>\n        <td data-label=\"Expectativa realista\" style=\"background:#f6f9fc;color:#22303e;font-weight:400;text-align:left;vertical-align:top;padding:13px 16px;font-size:15px;line-height:1.55;border:0;border-bottom:1px solid #e3e8ef;overflow-wrap:break-word\">Casi siempre reversible mientras no se haya producido cicatrizaci\u00f3n<\/td>\n      <\/tr>\n      <tr>\n        <td data-label=\"Causa\" style=\"background:#ffffff;color:#003366;font-weight:700;text-align:left;vertical-align:top;padding:13px 16px;font-size:15px;line-height:1.55;border:0;border-bottom:1px solid #e3e8ef;overflow-wrap:break-word\">Alopecia inflamatoria o cicatricial (entre otras, el acn\u00e9 queloideo de la nuca)<\/td>\n        <td data-label=\"Zona t\u00edpica en la parte posterior de la cabeza\" style=\"background:#ffffff;color:#22303e;font-weight:400;text-align:left;vertical-align:top;padding:13px 16px;font-size:15px;line-height:1.55;border:0;border-bottom:1px solid #e3e8ef;overflow-wrap:break-word\">L\u00ednea de implantaci\u00f3n inferior y nuca<\/td>\n        <td data-label=\"A qu\u00e9 se dirige el tratamiento\" style=\"background:#ffffff;color:#22303e;font-weight:400;text-align:left;vertical-align:top;padding:13px 16px;font-size:15px;line-height:1.55;border:0;border-bottom:1px solid #e3e8ef;overflow-wrap:break-word\">Tratamiento dermatol\u00f3gico precoz de la inflamaci\u00f3n<\/td>\n        <td data-label=\"Cu\u00e1ndo puedes ver un resultado\" style=\"background:#ffffff;color:#22303e;font-weight:400;text-align:left;vertical-align:top;padding:13px 16px;font-size:15px;line-height:1.55;border:0;border-bottom:1px solid #e3e8ef;overflow-wrap:break-word\">El objetivo es detener la inflamaci\u00f3n, no que vuelva a crecer el pelo; tratada pronto, buen pron\u00f3stico<\/td>\n        <td data-label=\"Expectativa realista\" style=\"background:#ffffff;color:#22303e;font-weight:400;text-align:left;vertical-align:top;padding:13px 16px;font-size:15px;line-height:1.55;border:0;border-bottom:1px solid #e3e8ef;overflow-wrap:break-word\">Las \u00e1reas cicatrizadas no vuelven a poblarse; las formas activas son una contraindicaci\u00f3n para un trasplante<\/td>\n      <\/tr>\n      <tr>\n        <td data-label=\"Causa\" style=\"background:#f6f9fc;color:#003366;font-weight:700;text-align:left;vertical-align:top;padding:13px 16px;font-size:15px;line-height:1.55;border:0;overflow-wrap:break-word\">Ca\u00edda difusa del cabello (efluvio tel\u00f3geno, d\u00e9ficits, tiroides)<\/td>\n        <td data-label=\"Zona t\u00edpica en la parte posterior de la cabeza\" style=\"background:#f6f9fc;color:#22303e;font-weight:400;text-align:left;vertical-align:top;padding:13px 16px;font-size:15px;line-height:1.55;border:0;overflow-wrap:break-word\">Toda la cabeza; se nota primero en el remolino<\/td>\n        <td data-label=\"A qu\u00e9 se dirige el tratamiento\" style=\"background:#f6f9fc;color:#22303e;font-weight:400;text-align:left;vertical-align:top;padding:13px 16px;font-size:15px;line-height:1.55;border:0;overflow-wrap:break-word\">Tratar la causa: hierro, tiroides, medicaci\u00f3n, desencadenante<\/td>\n        <td data-label=\"Cu\u00e1ndo puedes ver un resultado\" style=\"background:#f6f9fc;color:#22303e;font-weight:400;text-align:left;vertical-align:top;padding:13px 16px;font-size:15px;line-height:1.55;border:0;overflow-wrap:break-word\">Primeros pelos nuevos a los 3 a 6 meses; densidad valorable a los 9 a 12 meses<\/td>\n        <td data-label=\"Expectativa realista\" style=\"background:#f6f9fc;color:#22303e;font-weight:400;text-align:left;vertical-align:top;padding:13px 16px;font-size:15px;line-height:1.55;border:0;overflow-wrap:break-word\">Por lo general reversible; aqu\u00ed un trasplante no est\u00e1 indicado<\/td>\n      <\/tr>\n    <\/tbody>\n  <\/table>\n<\/div>\n\n\n\n<p class=\"wp-block-paragraph\">Por qu\u00e9 los plazos son as\u00ed lo explica el ciclo capilar: la fase de crecimiento (an\u00e1gena) dura de 2 a 5 a\u00f1os, la fase de reposo (tel\u00f3gena) unos 3 meses, y en torno al 15 % de los fol\u00edculos se encuentra normalmente en tel\u00f3gena. Un fol\u00edculo que hoy pasa a la fase de reposo no podr\u00e1 producir un pelo visible hasta meses despu\u00e9s. La siguiente tabla muestra la evoluci\u00f3n t\u00edpica una vez corregida una causa reversible.<\/p>\n\n\n\n<style>\n@media (max-width:640px){\n.rt-table-wrap{overflow-x:visible!important;border:0!important;border-radius:0!important}\n.rt-table{min-width:0!important}\n.rt-table thead{display:none}\n.rt-table,.rt-table tbody,.rt-table tr,.rt-table td{display:block;width:100%}\n.rt-table caption{display:block;padding:0 0 12px!important}\n.rt-table tr{margin:0 0 12px;border:1px solid #dbe4f0;border-radius:10px;overflow:hidden}\n.rt-table tr:last-child{margin-bottom:0}\n.rt-table td{display:flex!important;flex-direction:column;gap:3px;padding:12px 14px!important;\nborder:0!important;border-bottom:1px solid #e3e8ef!important;background:#ffffff!important}\n.rt-table tr td:last-child{border-bottom:0!important}\n.rt-table td::before{content:attr(data-label);font-size:12px;font-weight:700;letter-spacing:.04em;\ntext-transform:uppercase;color:#5799F1}\n.rt-table td:not([data-label])::before,.rt-table td[data-label=\"\"]::before{display:none}\n}\n<\/style>\n<div class=\"rt-table-wrap\" style=\"overflow-x:auto;-webkit-overflow-scrolling:touch;margin:28px 0;border:1px solid #dbe4f0;border-radius:12px\">\n  <table class=\"rt-table\" style=\"width:100%;min-width:620px;table-layout:fixed;border-collapse:separate;border-spacing:0;font-size:15px;margin:0\">\n    <caption style=\"caption-side:top;text-align:left;color:#003366;font-weight:700;font-size:16px;line-height:1.35;padding:14px 16px 10px;background:#ffffff\">Cronolog\u00eda del recrecimiento tras corregir la causa<\/caption>\n    <thead>\n      <tr>\n        <th style=\"width:22%;background:#003366;color:#ffffff;font-weight:700;text-align:left;vertical-align:middle;padding:13px 16px;font-size:15px;line-height:1.4;border:0;overflow-wrap:break-word\">Periodo<\/th>\n        <th style=\"background:#003366;color:#ffffff;font-weight:700;text-align:left;vertical-align:middle;padding:13px 16px;font-size:15px;line-height:1.4;border:0;overflow-wrap:break-word\">Qu\u00e9 ocurre en el fol\u00edculo<\/th>\n        <th style=\"background:#003366;color:#ffffff;font-weight:700;text-align:left;vertical-align:middle;padding:13px 16px;font-size:15px;line-height:1.4;border:0;overflow-wrap:break-word\">Lo que ves<\/th>\n      <\/tr>\n    <\/thead>\n    <tbody>\n      <tr>\n        <td data-label=\"Periodo\" style=\"background:#ffffff;color:#003366;font-weight:700;text-align:left;vertical-align:top;padding:13px 16px;font-size:15px;line-height:1.55;border:0;border-bottom:1px solid #e3e8ef;overflow-wrap:break-word\">Mes 1 a 2<\/td>\n        <td data-label=\"Qu\u00e9 ocurre en el fol\u00edculo\" style=\"background:#ffffff;color:#22303e;font-weight:400;text-align:left;vertical-align:top;padding:13px 16px;font-size:15px;line-height:1.55;border:0;border-bottom:1px solid #e3e8ef;overflow-wrap:break-word\">El desencadenante est\u00e1 corregido; la tasa de tel\u00f3genos se normaliza lentamente<\/td>\n        <td data-label=\"Lo que ves\" style=\"background:#ffffff;color:#22303e;font-weight:400;text-align:left;vertical-align:top;padding:13px 16px;font-size:15px;line-height:1.55;border:0;border-bottom:1px solid #e3e8ef;overflow-wrap:break-word\">La ca\u00edda intensa remite, el cepillo queda m\u00e1s limpio<\/td>\n      <\/tr>\n      <tr>\n        <td data-label=\"Periodo\" style=\"background:#f6f9fc;color:#003366;font-weight:700;text-align:left;vertical-align:top;padding:13px 16px;font-size:15px;line-height:1.55;border:0;border-bottom:1px solid #e3e8ef;overflow-wrap:break-word\">Mes 3 a 4<\/td>\n        <td data-label=\"Qu\u00e9 ocurre en el fol\u00edculo\" style=\"background:#f6f9fc;color:#22303e;font-weight:400;text-align:left;vertical-align:top;padding:13px 16px;font-size:15px;line-height:1.55;border:0;border-bottom:1px solid #e3e8ef;overflow-wrap:break-word\">Los fol\u00edculos en reposo vuelven a entrar en la fase de crecimiento (an\u00e1gena)<\/td>\n        <td data-label=\"Lo que ves\" style=\"background:#f6f9fc;color:#22303e;font-weight:400;text-align:left;vertical-align:top;padding:13px 16px;font-size:15px;line-height:1.55;border:0;border-bottom:1px solid #e3e8ef;overflow-wrap:break-word\">Todav\u00eda no hay densificaci\u00f3n, pero la ca\u00edda se ha calmado<\/td>\n      <\/tr>\n      <tr>\n        <td data-label=\"Periodo\" style=\"background:#ffffff;color:#003366;font-weight:700;text-align:left;vertical-align:top;padding:13px 16px;font-size:15px;line-height:1.55;border:0;border-bottom:1px solid #e3e8ef;overflow-wrap:break-word\">Mes 5 a 6<\/td>\n        <td data-label=\"Qu\u00e9 ocurre en el fol\u00edculo\" style=\"background:#ffffff;color:#22303e;font-weight:400;text-align:left;vertical-align:top;padding:13px 16px;font-size:15px;line-height:1.55;border:0;border-bottom:1px solid #e3e8ef;overflow-wrap:break-word\">Salen pelos nuevos, al principio cortos y finos<\/td>\n        <td data-label=\"Lo que ves\" style=\"background:#ffffff;color:#22303e;font-weight:400;text-align:left;vertical-align:top;padding:13px 16px;font-size:15px;line-height:1.55;border:0;border-bottom:1px solid #e3e8ef;overflow-wrap:break-word\">Pelos nuevos y cortos en el nacimiento, a menudo visibles en la raya como \u00abpelo beb\u00e9\u00bb<\/td>\n      <\/tr>\n      <tr>\n        <td data-label=\"Periodo\" style=\"background:#f6f9fc;color:#003366;font-weight:700;text-align:left;vertical-align:top;padding:13px 16px;font-size:15px;line-height:1.55;border:0;overflow-wrap:break-word\">Mes 9 a 12<\/td>\n        <td data-label=\"Qu\u00e9 ocurre en el fol\u00edculo\" style=\"background:#f6f9fc;color:#22303e;font-weight:400;text-align:left;vertical-align:top;padding:13px 16px;font-size:15px;line-height:1.55;border:0;overflow-wrap:break-word\">Los pelos nuevos alcanzan longitud y calibre<\/td>\n        <td data-label=\"Lo que ves\" style=\"background:#f6f9fc;color:#22303e;font-weight:400;text-align:left;vertical-align:top;padding:13px 16px;font-size:15px;line-height:1.55;border:0;overflow-wrap:break-word\">La densidad ya es valorable; ahora merece la pena comparar las fotos<\/td>\n      <\/tr>\n    <\/tbody>\n  <\/table>\n<\/div>\n\n\n\n<p class=\"wp-block-paragraph\">Falta una opci\u00f3n en la tabla, porque no cambia nada desde el punto de vista m\u00e9dico y aun as\u00ed ayuda a muchos a sobrellevar la espera: <strong>disimular<\/strong>. En el remolino funciona sobre todo un corte m\u00e1s corto, porque reduce el contraste entre el pelo y el cuero cabelludo; adem\u00e1s, productos mates en lugar de brillantes, nada de gel que apelmace mechones y, si hace falta, fibras capilares o una micropigmentaci\u00f3n capilar. Es un paso intermedio consciente mientras el diagn\u00f3stico sigue abierto o si decides no tratarte. Lo \u00fanico importante es que disimular no sustituye al diagn\u00f3stico: una causa inflamatoria o cicatricial no mejora por estar tapada, solo se vuelve invisible.<\/p>\n\n\n<div class=\"wp-block-image\">\n<figure class=\"aligncenter size-large is-resized\" style=\"max-width:720px;margin-left:auto;margin-right:auto\"><img decoding=\"async\" src=\"https:\/\/elithair.com\/es\/wp-content\/uploads\/sites\/5\/2026\/08\/kurzer_schnitt_kaschieren.png\" alt=\"Hombre con el pelo muy corto visto desde atr\u00e1s en diagonal; el contraste entre el pelo y el cuero cabelludo apenas se nota\" class=\"wp-image-92119\" style=\"width:720px;max-width:100%;height:auto\"\/><\/figure>\n<\/div>\n\n\n<h3 class=\"wp-block-heading\">Sistemas capilares y pr\u00f3tesis capilares en Norwood VI y VII<\/h3>\n\n\n\n<p class=\"wp-block-paragraph\"><strong>Un sistema capilar moderno, es decir, una pr\u00f3tesis de pelo natural adaptada al cuero cabelludo, es en los estadios Norwood VI y VII la alternativa no quir\u00fargica m\u00e1s honesta<\/strong>, porque en esos estadios la corona de pelo como zona donante rara vez alcanza para una densidad completa y uniforme en toda la superficie. No cambia la ca\u00edda del cabello: la cubre, y adem\u00e1s de inmediato en lugar de al cabo de meses.<\/p>\n\n\n\n<p class=\"wp-block-paragraph\">Quien se lo plantee deber\u00eda conocer tres puntos. El sistema se pega o se integra y necesita un mantenimiento regular, normalmente cada pocas semanas. En la transici\u00f3n con el propio pelo, lo que decide el resultado es el trabajo artesanal de adaptaci\u00f3n y no el precio del material. Y el cuero cabelludo que hay debajo tiene que estar sano: en las formas inflamatorias o cicatriciales de la parte posterior de la cabeza hay que tratar primero la enfermedad; de lo contrario, el sistema tapa un hallazgo en el que el tiempo cuenta.<\/p>\n\n\n\n<p class=\"wp-block-paragraph\">Tambi\u00e9n tiene sentido como soluci\u00f3n intermedia mientras la evoluci\u00f3n sigue activa. Para muchos, un sistema capilar o una micropigmentaci\u00f3n capilar es la manera de salvar los a\u00f1os hasta llegar a una situaci\u00f3n estable, sin decidirse a operarse bajo presi\u00f3n. Otros se desenvuelven igual de bien con un corte consecuentemente corto. Ambas cosas son una decisi\u00f3n leg\u00edtima y no un apa\u00f1o.<\/p>\n\n\n\n<h3 class=\"wp-block-heading\">\u00bfDermat\u00f3logo o cl\u00ednica capilar? Qui\u00e9n es el interlocutor adecuado<\/h3>\n\n\n\n<p class=\"wp-block-paragraph\"><strong>Ante hallazgos inflamatorios, en placas, de aparici\u00f3n brusca o poco claros en la parte posterior de la cabeza, la consulta de dermatolog\u00eda cercana es el primer paso correcto; ante una evoluci\u00f3n androgen\u00e9tica en el v\u00e9rtex, una cl\u00ednica capilar responde a la pregunta sobre la zona donante y la viabilidad.<\/strong> Los dos caminos no compiten: responden a preguntas distintas.<\/p>\n\n\n\n<p class=\"wp-block-paragraph\">En la pr\u00e1ctica esto significa: el enrojecimiento, la descamaci\u00f3n, las p\u00fastulas, el dolor, la piel lisa y brillante sin poros capilares, las placas redondas o un inicio en pocas semanas deben estudiarse en dermatolog\u00eda, con an\u00e1lisis de sangre y, si es necesario, biopsia. En cambio, una zona que se aclara lentamente alrededor del remolino y sin signos de inflamaci\u00f3n es el caso cl\u00e1sico para valorar si en el v\u00e9rtex se puede planificar algo y cu\u00e1ndo.<\/p>\n\n\n\n<p class=\"wp-block-paragraph\">Justo ah\u00ed entra nuestro an\u00e1lisis capilar gratuito. Es un an\u00e1lisis visual del patr\u00f3n a partir de tus fotos: sit\u00faa la zona, estima el estadio de Norwood y la zona donante y responde sobre todo a si un trasplante es ahora mismo el tratamiento adecuado. En una parte considerable de las consultas no lo es, y entonces tambi\u00e9n lo decimos. No sustituye a un an\u00e1lisis de sangre ni a un diagn\u00f3stico dermatol\u00f3gico.<\/p>\n\n\n\n<div class=\"wp-block-buttons is-content-justification-center is-layout-flex wp-container-core-buttons-is-layout-fe48e5de wp-block-buttons-is-layout-flex\" style=\"justify-content:center;margin-bottom:48px\"><div class=\"wp-block-button\"><a class=\"wp-block-button__link wp-element-button\" style=\"background-color:#0079F1;color:#ffffff;border-radius:8px;padding:15px 36px;font-weight:700;font-size:17px\" href=\"\/es\/analisis-capilar\/\">Iniciar el an\u00e1lisis capilar gratuito<\/a><\/div><\/div>\n\n\n\n<figure class=\"wp-block-image size-full\"><img decoding=\"async\" src=\"https:\/\/elithair.com\/es\/wp-content\/uploads\/sites\/5\/2026\/08\/bestand_95876.png\" alt=\"El equipo m\u00e9dico de Elithair durante un trasplante capilar\" class=\"wp-image-92125\"\/><\/figure>\n\n\n\n<h2 class=\"wp-block-heading\" id=\"eigenhaarverpflanzung\">Trasplante de pelo propio en la parte posterior de la cabeza: cu\u00e1ndo es la soluci\u00f3n duradera<\/h2>\n\n\n\n<p class=\"wp-block-paragraph\">Un trasplante de pelo propio en la parte posterior de la cabeza es eficaz de forma duradera cuando la ca\u00edda es de origen androgen\u00e9tico, su evoluci\u00f3n es estable y la zona donante es suficiente. En la <strong>ca\u00edda del cabello en la parte posterior de la cabeza<\/strong> debida a una alopecia androgen\u00e9tica, los tratamientos no quir\u00fargicos llegan a menudo a su l\u00edmite. Las ra\u00edces del pelo de la zona afectada est\u00e1n entonces muy miniaturizadas y, en la fase final, sustituidas por tejido conjuntivo: ya no producen pelo visible.<sup>[18]<\/sup> En ese caso, el trasplante de pelo propio se considera la \u00fanica posibilidad m\u00e9dicamente establecida de reponer de forma duradera el pelo perdido.<\/p>\n\n\n\n<p class=\"wp-block-paragraph\">La ventaja est\u00e1 en que en las zonas laterales y en la parte posterior de la cabeza suele haber todav\u00eda fol\u00edculos gen\u00e9ticamente estables. Estos no reaccionan de forma sensible a la dihidrotestosterona (DHT) y, por eso, sirven como pelo donante. Cu\u00e1nto se puede extraer de esta zona forma parte de la planificaci\u00f3n m\u00e9dica y est\u00e1 explicado en el art\u00edculo sobre la zona donante .<\/p>\n\n\n\n<p class=\"wp-block-paragraph\">La extracci\u00f3n se realiza casi siempre mediante el <a href=\"\/es\/trasplante-capilar-fue\/\"><strong>m\u00e9todo FUE<\/strong> (Follicular Unit Extraction)<\/a>, con el que se extraen unidades foliculares individuales de forma cuidadosa y con m\u00ednima cicatriz. Para la implantaci\u00f3n dirigida de los fol\u00edculos se utiliza la <a href=\"\/es\/trasplante-capilar-dhi\/\"><strong>t\u00e9cnica DHI<\/strong> (Direct Hair Implantation)<\/a> , que en Elithair es el est\u00e1ndar y est\u00e1 incluida en el precio. Permite un control preciso de la direcci\u00f3n de crecimiento y de la densidad, algo decisivo justamente en el remolino.<\/p>\n\n\n\n<p class=\"wp-block-paragraph\">Tras una fase inicial de reposo comienza el nuevo crecimiento, que se desarrolla a lo largo de varios meses. El resultado suele ser valorable a los 9 a 12 meses. Lo que crece es pelo propio, permanente y de aspecto natural. El dise\u00f1o de la superficie y de la direcci\u00f3n de crecimiento lo hace el m\u00e9dico, y cada paso se supervisa m\u00e9dicamente.<\/p>\n\n\n<div class=\"wp-block-image\">\n<figure class=\"aligncenter size-large is-resized\" style=\"max-width:560px;margin-left:auto;margin-right:auto\"><img decoding=\"async\" src=\"https:\/\/elithair.com\/es\/wp-content\/uploads\/sites\/5\/2026\/08\/fue_dhi_vertex.png\" alt=\"Esquema de la extracci\u00f3n en la zona donante occipital y de la implantaci\u00f3n con la direcci\u00f3n de crecimiento en el \u00e1rea del remolino\" class=\"wp-image-92120\" style=\"width:560px;max-width:100%;height:auto\"\/><\/figure>\n<\/div>\n\n\n<div style=\"border:1px solid #e3e8ef;border-radius:10px;padding:20px 22px;margin:8px 0 28px\">\n<p style=\"margin:0 0 10px;color:#013366;font-weight:700;font-size:17px\">Cu\u00e1ndo tiene sentido un trasplante en el remolino<\/p>\n<p style=\"margin:0 0 6px;color:#013366;font-weight:600;font-size:15px\">A favor<\/p>\n<ul style=\"margin:0 0 14px;padding-left:20px;color:#2e3033;font-size:15px;line-height:1.75\">\n<li>La causa androgen\u00e9tica est\u00e1 confirmada m\u00e9dicamente<\/li>\n<li>La evoluci\u00f3n lleva al menos un a\u00f1o estable o estabilizada con medicaci\u00f3n<\/li>\n<li>La zona donante de la parte posterior de la cabeza es densa y suficientemente amplia<\/li>\n<li>La expectativa sobre la densidad alcanzable en el remolino es realista<\/li>\n<\/ul>\n<p style=\"margin:0 0 6px;color:#013366;font-weight:600;font-size:15px\">En contra o solo m\u00e1s adelante<\/p>\n<ul style=\"margin:0;padding-left:20px;color:#2e3033;font-size:15px;line-height:1.75\">\n<li>Alopecia areata activa o inestable: un trasplante sobre una placa activa est\u00e1 contraindicado, porque el proceso autoinmune tambi\u00e9n puede atacar a los fol\u00edculos trasplantados<\/li>\n<li>Alopecia inflamatoria o cicatricial sin tratar<\/li>\n<li>Paciente muy joven con una p\u00e9rdida de progresi\u00f3n r\u00e1pida<\/li>\n<li>Ca\u00edda difusa del cabello en toda la cabeza<\/li>\n<li>Zona donante debilitada o aclarada<\/li>\n<\/ul>\n<p style=\"margin:12px 0 0;color:#5b6169;font-size:13.5px;font-style:italic\">Esta lista es una orientaci\u00f3n. La idoneidad la decide siempre el m\u00e9dico en cada caso.<\/p>\n<\/div>\n\n\n\n<p class=\"wp-block-paragraph\">Un apunte sobre la superficie que ayuda a decidir: el v\u00e9rtex es una superficie con estructura de remolino y no una l\u00ednea. Para el mismo efecto visible necesita m\u00e1s injertos que la l\u00ednea de implantaci\u00f3n y, si la ca\u00edda sigue avanzando, hay que reservar pelo donante para m\u00e1s adelante. Por eso, en pacientes j\u00f3venes con p\u00e9rdida activa en el v\u00e9rtex se suele estabilizar primero y trasplantar despu\u00e9s. El procedimiento y los detalles del <a href=\"\/es\/trasplante-capilar-blog\/injerto-capilar-en-la-coronilla\/\">trasplante en la zona del remolino<\/a> est\u00e1n en el art\u00edculo dedicado a ello.<\/p>\n\n\n\n<h2 class=\"wp-block-heading\" id=\"behandlung\">Adaptar de forma individual el tratamiento de la ca\u00edda del cabello en la parte posterior de la cabeza<\/h2>\n\n\n\n<p class=\"wp-block-paragraph\"><strong>La ca\u00edda del cabello en la parte posterior de la cabeza no es una enfermedad propia, sino un s\u00edntoma; por eso, todo tratamiento con sentido act\u00faa sobre la causa y no sobre la zona sin pelo.<\/strong> Si en el fondo hay una predisposici\u00f3n gen\u00e9tica, los fol\u00edculos perdidos solo se pueden reponer a largo plazo con un <a href=\"\/es\/trasplantecapilar\/\">trasplante capilar<\/a> . En todas las dem\u00e1s causas vale el orden inverso: primero tratar la causa y despu\u00e9s pensar en cosm\u00e9tica o cirug\u00eda.<\/p>\n\n\n\n<p class=\"wp-block-paragraph\">El siguiente paso concreto es peque\u00f1o. Haz hoy la primera foto de la parte posterior de tu cabeza siguiendo el protocolo fotogr\u00e1fico y apunta en el calendario una cita contigo mismo dentro de tres meses. Si la comparaci\u00f3n muestra una superficie que crece, o si ves alguna de las se\u00f1ales de alarma del recuadro anterior, el hallazgo pertenece a manos m\u00e9dicas y no a un foro.<\/p>\n\n\n<div class=\"wp-block-image\">\n<figure class=\"aligncenter size-large is-resized\" style=\"max-width:720px;margin-left:auto;margin-right:auto\"><img decoding=\"async\" src=\"https:\/\/elithair.com\/es\/wp-content\/uploads\/sites\/5\/2026\/08\/hinterkopf_fotovergleich.png\" alt=\"Un hombre compara fotos en su m\u00f3vil sentado a la mesa de la cocina con luz natural\" class=\"wp-image-92121\" style=\"width:720px;max-width:100%;height:auto\"\/><\/figure>\n<\/div>\n\n\n<h2 class=\"wp-block-heading\">Preguntas frecuentes sobre la ca\u00edda del cabello en la parte posterior de la cabeza<\/h2>\n\n\n\n<div>\n<div style=\"border:1px solid #e3e8ef;border-radius:10px;padding:16px 18px;margin-bottom:12px\">\n<p style=\"margin:0 0 6px;color:#013366;font-weight:600;font-size:16px\">\u00bfUn remolino visible en la parte posterior de la cabeza ya es ca\u00edda del cabello?<\/p>\n<p style=\"margin:0;color:#2e3033;font-size:15px;line-height:1.6\"><strong>No.<\/strong> En el remolino los pelos se abren en espiral, por eso all\u00ed siempre se transparenta algo de cuero cabelludo. Solo tres signos indican ca\u00edda del cabello: una densidad que disminuye hacia el borde, pelos cortos y finos entre los fuertes (anisotricosis a partir del 20 % en el hombre) y una superficie que crece a lo largo de tres a seis meses.<\/p>\n<\/div>\n<div style=\"border:1px solid #e3e8ef;border-radius:10px;padding:16px 18px;margin-bottom:12px\">\n<p style=\"margin:0 0 6px;color:#013366;font-weight:600;font-size:16px\">\u00bfC\u00f3mo s\u00e9 si la zona sin pelo de la parte posterior de la cabeza est\u00e1 creciendo?<\/p>\n<p style=\"margin:0;color:#2e3033;font-size:15px;line-height:1.6\"><strong>Solo comparando fotos en las mismas condiciones.<\/strong> Luz natural junto a la ventana, pelo seco y sin peinar con producto, la misma distancia y el mismo \u00e1ngulo, fotos ahora y a los 3 y 6 meses. Los intervalos m\u00e1s cortos muestran sobre todo diferencias de luz y de peinado, porque el ciclo capilar necesita varios meses.<\/p>\n<\/div>\n<div style=\"border:1px solid #e3e8ef;border-radius:10px;padding:16px 18px;margin-bottom:12px\">\n<p style=\"margin:0 0 6px;color:#013366;font-weight:600;font-size:16px\">\u00bfPuede la ca\u00edda hereditaria aparecer solo en la parte posterior de la cabeza?<\/p>\n<p style=\"margin:0;color:#2e3033;font-size:15px;line-height:1.6\"><strong>S\u00ed.<\/strong> Es el tipo v\u00e9rtex de la alopecia androgen\u00e9tica: el claro empieza en el remolino y la l\u00ednea de implantaci\u00f3n se mantiene al principio. La escala de Norwood lo recoge como estadio III vertex. La parte baja de la cabeza y la nuca quedan a salvo, porque esa zona occipital es resistente a la DHT.<\/p>\n<\/div>\n<div style=\"border:1px solid #e3e8ef;border-radius:10px;padding:16px 18px;margin-bottom:12px\">\n<p style=\"margin:0 0 6px;color:#013366;font-weight:600;font-size:16px\">\u00bfQu\u00e9 significa una zona redonda sin pelo en la parte posterior de la cabeza?<\/p>\n<p style=\"margin:0;color:#2e3033;font-size:15px;line-height:1.6\"><strong>Casi siempre alopecia areata.<\/strong> Una zona redonda, de bordes n\u00edtidos y con la piel lisa apunta a ello; el riesgo a lo largo de la vida es de en torno al 2 %. Cuando aparece en banda a lo largo de la l\u00ednea de implantaci\u00f3n inferior se llama tipo ofi\u00e1sico, con una prevalencia de alrededor del 0,02 % y un pron\u00f3stico m\u00e1s desfavorable. Ambos casos deben verse pronto en una consulta de dermatolog\u00eda.<\/p>\n<\/div>\n<div style=\"border:1px solid #e3e8ef;border-radius:10px;padding:16px 18px;margin-bottom:12px\">\n<p style=\"margin:0 0 6px;color:#013366;font-weight:600;font-size:16px\">\u00bfPueden la almohada, el casco o el reposacabezas provocar ca\u00edda del cabello en la parte posterior de la cabeza?<\/p>\n<p style=\"margin:0;color:#2e3033;font-size:15px;line-height:1.6\"><strong>S\u00ed.<\/strong> Como alopecia por fricci\u00f3n o por presi\u00f3n, justo en el punto de apoyo y a menudo con pelos rotos. Normalmente se recupera en 3 a 6 meses en cuanto desaparece la carga. La alopecia por presi\u00f3n propiamente dicha, en cambio, est\u00e1 descrita tras horas de inmovilidad, por ejemplo despu\u00e9s de intervenciones largas.<\/p>\n<\/div>\n<div style=\"border:1px solid #e3e8ef;border-radius:10px;padding:16px 18px;margin-bottom:12px\">\n<p style=\"margin:0 0 6px;color:#013366;font-weight:600;font-size:16px\">Ca\u00edda del cabello en la parte posterior de la cabeza en mujeres: \u00bfcu\u00e1ndo es preocupante?<\/p>\n<p style=\"margin:0;color:#2e3033;font-size:15px;line-height:1.6\"><strong>En una mujer, cualquier zona circunscrita en la parte posterior de la cabeza necesita explicaci\u00f3n.<\/strong> El patr\u00f3n femenino de Ludwig aclara la raya y respeta la parte posterior de la cabeza. Deber\u00edas consultar pronto si hay una placa redonda de bordes n\u00edtidos, un cuero cabelludo enrojecido, descamado o doloroso, una piel lisa y brillante sin poros capilares o un inicio repentino.<\/p>\n<\/div>\n<div style=\"border:1px solid #e3e8ef;border-radius:10px;padding:16px 18px;margin-bottom:12px\">\n<p style=\"margin:0 0 6px;color:#013366;font-weight:600;font-size:16px\">\u00bfVuelve a crecer solo el pelo en la parte posterior de la cabeza?<\/p>\n<p style=\"margin:0;color:#2e3033;font-size:15px;line-height:1.6\"><strong>Depende de la causa.<\/strong> En la alopecia areata, tras el primer episodio en torno al 50 % se recupera de forma espont\u00e1nea en un a\u00f1o; las formas difusas, por lo general de 3 a 6 meses despu\u00e9s de que desaparezca el desencadenante. La ca\u00edda hereditaria en el v\u00e9rtex no retrocede sola: sin tratamiento, avanza.<\/p>\n<\/div>\n<div style=\"border:1px solid #e3e8ef;border-radius:10px;padding:16px 18px;margin-bottom:12px\">\n<p style=\"margin:0 0 6px;color:#013366;font-weight:600;font-size:16px\">\u00bfAct\u00faa el minoxidil mejor en el remolino que en la frente?<\/p>\n<p style=\"margin:0;color:#2e3033;font-size:15px;line-height:1.6\"><strong>En el v\u00e9rtex es donde el efecto est\u00e1 mejor documentado.<\/strong> Los estudios de registro midieron all\u00ed su \u00e1rea objetivo. En Olsen et al. (2002), el minoxidil al 5 % logr\u00f3 tras 48 semanas un crecimiento en torno a un 45 % mayor que el del 2 %, con los primeros pelos terminales a los 4 meses aproximadamente. Esto vale solo para la alopecia androgen\u00e9tica.<\/p>\n<\/div>\n<div style=\"border:1px solid #e3e8ef;border-radius:10px;padding:16px 18px;margin-bottom:12px\">\n<p style=\"margin:0 0 6px;color:#013366;font-weight:600;font-size:16px\">\u00bfCu\u00e1ntos pelos al d\u00eda son normales?<\/p>\n<p style=\"margin:0;color:#2e3033;font-size:15px;line-height:1.6\"><strong>De 50 a 100 pelos al d\u00eda.<\/strong> Este rango es el que citan la American Academy of Dermatology y el NHS; muchas gu\u00edas divulgativas hablan a menudo de 70 a 100. No existe un l\u00edmite exacto, porque la cifra var\u00eda con la frecuencia de lavado y con la \u00e9poca del a\u00f1o. Llama la atenci\u00f3n cuando durante varias semanas seguidas se pierden de forma constante bastantes m\u00e1s.<\/p>\n<\/div>\n<div style=\"border:1px solid #e3e8ef;border-radius:10px;padding:16px 18px;margin-bottom:12px\">\n<p style=\"margin:0 0 6px;color:#013366;font-weight:600;font-size:16px\">\u00bfCon poco m\u00e1s de 20 a\u00f1os soy demasiado joven para un trasplante en el remolino?<\/p>\n<p style=\"margin:0;color:#2e3033;font-size:15px;line-height:1.6\"><strong>No decide la edad, sino la estabilidad de la evoluci\u00f3n.<\/strong> Cuando la p\u00e9rdida en el v\u00e9rtex avanza deprisa, primero se suele estabilizar de forma conservadora; de lo contrario se sigue perdiendo pelo alrededor del \u00e1rea trasplantada y despu\u00e9s falta pelo donante. La idoneidad la valora el m\u00e9dico en cada caso.<\/p>\n<\/div>\n<div style=\"border:1px solid #e3e8ef;border-radius:10px;padding:16px 18px;margin-bottom:12px\">\n<p style=\"margin:0 0 6px;color:#013366;font-weight:600;font-size:16px\">\u00bfEl gel y la cera hacen que el remolino parezca m\u00e1s despoblado de lo que est\u00e1?<\/p>\n<p style=\"margin:0;color:#2e3033;font-size:15px;line-height:1.6\"><strong>S\u00ed, es la falsa alarma m\u00e1s frecuente.<\/strong> El pelo mojado o apelmazado con gel queda en mechones y por eso en cualquier remolino se transparenta el cuero cabelludo; adem\u00e1s, la luz cenital proyecta sombras dentro del giro. No hay estudios al respecto: valora solo el pelo seco y sin peinar con producto, con luz natural.<\/p>\n<\/div>\n<div style=\"border:1px solid #e3e8ef;border-radius:10px;padding:16px 18px;margin-bottom:12px\">\n<p style=\"margin:0 0 6px;color:#013366;font-weight:600;font-size:16px\">\u00bfTengo ca\u00edda del cabello o un doble remolino?<\/p>\n<p style=\"margin:0;color:#2e3033;font-size:15px;line-height:1.6\"><strong>Un doble remolino es un patr\u00f3n de crecimiento, no una ca\u00edda del cabello.<\/strong> Dos giros solo hacen que la parte posterior de la cabeza parezca m\u00e1s revuelta. Lo decisivo siguen siendo la densidad y la evoluci\u00f3n: si el pelo se mantiene fuerte hasta ambos giros y la imagen no cambia en meses, es un patr\u00f3n. No hay estudios s\u00f3lidos al respecto.<\/p>\n<\/div>\n<div style=\"border:1px solid #e3e8ef;border-radius:10px;padding:16px 18px;margin-bottom:12px\">\n<p style=\"margin:0 0 6px;color:#013366;font-weight:600;font-size:16px\">\u00bfUna quemadura solar en el remolino es una se\u00f1al de alarma?<\/p>\n<p style=\"margin:0;color:#2e3033;font-size:15px;line-height:1.6\"><strong>Un indicio plausible, no una prueba.<\/strong> Donde falta pelo, falta protecci\u00f3n UV; una quemadura solar justo en el remolino apunta a una densidad reducida en ese punto. No hay ning\u00fan estudio al respecto. Lo sensato es hacer las dos cosas: llevar algo en la cabeza y documentar la evoluci\u00f3n con fotos.<\/p>\n<\/div>\n<div style=\"border:1px solid #e3e8ef;border-radius:10px;padding:16px 18px;margin-bottom:12px\">\n<p style=\"margin:0 0 6px;color:#013366;font-weight:600;font-size:16px\">\u00bfC\u00f3mo se puede frenar el avance de la ca\u00edda del cabello en la parte posterior de la cabeza?<\/p>\n<p style=\"margin:0;color:#2e3033;font-size:15px;line-height:1.6\"><strong>Solo en parte y solo con medicaci\u00f3n.<\/strong> El minoxidil y la finasterida pueden frenar la ca\u00edda hereditaria, pero no detenerla del todo. En el v\u00e9rtex cabe esperar los primeros efectos a los 4 meses aproximadamente, valorables a partir de las 24 semanas, y el efecto solo se mantiene mientras dura la aplicaci\u00f3n. Es aconsejable un asesoramiento profesional.<\/p>\n<\/div>\n<div style=\"border:1px solid #e3e8ef;border-radius:10px;padding:16px 18px;margin-bottom:12px\">\n<p style=\"margin:0 0 6px;color:#013366;font-weight:600;font-size:16px\">\u00bfQu\u00e9 soluciones no quir\u00fargicas hay para la ca\u00edda del cabello en la parte posterior de la cabeza?<\/p>\n<p style=\"margin:0;color:#2e3033;font-size:15px;line-height:1.6\"><strong>Opciones que disimulan, no que act\u00faen sobre la causa.<\/strong> La densificaci\u00f3n capilar, los sistemas capilares modernos, las pelucas o los postizos son soluciones temporales; a ello se suman las fibras capilares, la micropigmentaci\u00f3n capilar y un corte m\u00e1s corto, que reduce el contraste entre el pelo y el cuero cabelludo. Estas opciones no cambian la evoluci\u00f3n.<\/p>\n<\/div>\n<div style=\"border:1px solid #e3e8ef;border-radius:10px;padding:16px 18px;margin-bottom:12px\">\n<p style=\"margin:0 0 6px;color:#013366;font-weight:600;font-size:16px\">\u00bfCu\u00e1nto dura el resultado de un trasplante capilar en la parte posterior de la cabeza?<\/p>\n<p style=\"margin:0;color:#2e3033;font-size:15px;line-height:1.6\"><strong>Por lo general, es permanente.<\/strong> Los pelos trasplantados proceden de la zona occipital resistente a la DHT y conservan esa propiedad (Donor Dominance). El resultado es valorable a los 9 a 12 meses. La propia ca\u00edda del cabello alrededor puede continuar, por eso la estabilizaci\u00f3n sigue siendo importante.<\/p>\n<\/div>\n<div style=\"border:1px solid #e3e8ef;border-radius:10px;padding:16px 18px;margin-bottom:0\">\n<p style=\"margin:0 0 6px;color:#013366;font-weight:600;font-size:16px\">\u00bfC\u00f3mo se cuida el pelo trasplantado despu\u00e9s de la operaci\u00f3n?<\/p>\n<p style=\"margin:0;color:#2e3033;font-size:15px;line-height:1.6\"><strong>Con suavidad y sin presi\u00f3n sobre el \u00e1rea receptora.<\/strong> Los productos recomendados por el m\u00e9dico favorecen el prendimiento. En las primeras semanas: nada de roce sobre la zona trasplantada, es decir, tampoco dormir apoyado sobre el remolino, nada de gorros sin autorizaci\u00f3n y nada de rascar las costras.<\/p>\n<\/div>\n<\/div>\n\n\n<div class=\"wp-block-image\">\n<figure class=\"aligncenter size-large is-resized\" style=\"max-width:720px;margin-left:auto;margin-right:auto\"><img decoding=\"async\" src=\"https:\/\/elithair.com\/es\/wp-content\/uploads\/sites\/5\/2026\/08\/beratung_hinterkopf.png\" alt=\"Consulta m\u00e9dica sobre la ca\u00edda del cabello en la parte posterior de la cabeza en un escritorio con luz natural\" class=\"wp-image-92122\" style=\"width:720px;max-width:100%;height:auto\"\/><\/figure>\n<\/div>\n\n\n<h2 class=\"wp-block-heading\">Fuentes<\/h2>\n\n\n\n<div style=\"font-size:14px;color:#2e3033;line-height:1.75\">\n<ol style=\"margin:0;padding-left:26px\">\n<li id=\"ref1\">NHS, \u00abHair loss\u00bb: <a href=\"https:\/\/www.nhs.uk\/symptoms\/hair-loss\/\" target=\"_blank\" rel=\"noopener\">nhs.uk<\/a><\/li>\n<li id=\"ref2\">\u00abMale Androgenetic Alopecia\u00bb, Endotext, NCBI Bookshelf: <a href=\"https:\/\/www.ncbi.nlm.nih.gov\/books\/NBK278957\/\" target=\"_blank\" rel=\"noopener\">ncbi.nlm.nih.gov<\/a><\/li>\n<li id=\"ref3\">AEDV, Grupo Espa\u00f1ol de Tricolog\u00eda: documento de consenso sobre la alopecia androgen\u00e9tica, Actas Dermo-Sifiliogr\u00e1ficas: <a href=\"https:\/\/www.actasdermo.org\/es-recomendaciones-sobre-el-manejo-clinico-articulo-S000173102300844X\" target=\"_blank\" rel=\"noopener\">actasdermo.org<\/a><\/li>\n<li id=\"ref4\">\u00abPatient-Based Ratio Method for Permanent Zone Donor Area Calculation in Hair Transplant\u00bb, PMC (Donor Dominance, Orentreich 1959): <a href=\"https:\/\/pmc.ncbi.nlm.nih.gov\/articles\/PMC11679175\/\" target=\"_blank\" rel=\"noopener\">pmc.ncbi.nlm.nih.gov<\/a><\/li>\n<li id=\"ref5\">\u00abTrichoscopy of Androgenetic Alopecia: A Systematic Review\u00bb, PMC: <a href=\"https:\/\/www.ncbi.nlm.nih.gov\/pmc\/articles\/PMC11012765\/\" target=\"_blank\" rel=\"noopener\">ncbi.nlm.nih.gov<\/a><\/li>\n<li id=\"ref6\">Lintzeri et al. (2022): \u00abAlopecia areata\u00bb, JDDG: <a href=\"https:\/\/onlinelibrary.wiley.com\/doi\/10.1111\/ddg.14689\" target=\"_blank\" rel=\"noopener\">onlinelibrary.wiley.com<\/a><\/li>\n<li id=\"ref7\">AWMF, gu\u00eda S3 sobre la alopecia areata, n.\u00ba de registro 013-104 (febrero de 2026): register.awmf.org<\/li>\n<li id=\"ref8\">\u00abTraction Alopecia: Clinical and Cultural Patterns\u00bb, PMC: <a href=\"https:\/\/pmc.ncbi.nlm.nih.gov\/articles\/PMC8530059\/\" target=\"_blank\" rel=\"noopener\">pmc.ncbi.nlm.nih.gov<\/a><\/li>\n<li id=\"ref9\">\u00abAcne Keloidalis Nuchae\u00bb, StatPearls, NCBI Bookshelf: <a href=\"https:\/\/www.ncbi.nlm.nih.gov\/books\/NBK459135\/\" target=\"_blank\" rel=\"noopener\">ncbi.nlm.nih.gov<\/a><\/li>\n<li id=\"ref10\">American Academy of Dermatology, \u00abDo you have hair loss or hair shedding?\u00bb: <a href=\"https:\/\/www.aad.org\/public\/diseases\/hair-loss\/insider\/shedding\" target=\"_blank\" rel=\"noopener\">aad.org<\/a><\/li>\n<li id=\"ref11\">\u00abFemale Pattern Hair Loss\u00bb, PMC (patr\u00f3n de Ludwig): <a href=\"https:\/\/www.ncbi.nlm.nih.gov\/pmc\/articles\/PMC3968982\/\" target=\"_blank\" rel=\"noopener\">ncbi.nlm.nih.gov<\/a><\/li>\n<li id=\"ref12\">JAMA Dermatology: calidad de vida, depresi\u00f3n y autoestima en la alopecia androgen\u00e9tica (metaan\u00e1lisis): <a href=\"https:\/\/jamanetwork.com\/journals\/jamadermatology\/fullarticle\/2781706\" target=\"_blank\" rel=\"noopener\">jamanetwork.com<\/a><\/li>\n<li id=\"ref13\">Olsen et al. (2002): minoxidil t\u00f3pico al 5 % frente al 2 %, PubMed 12196747: <a href=\"https:\/\/pubmed.ncbi.nlm.nih.gov\/12196747\/\" target=\"_blank\" rel=\"noopener\">pubmed.ncbi.nlm.nih.gov<\/a><\/li>\n<li id=\"ref14\">\u00abExpanding the therapeutic landscape of minoxidil\u00bb, Frontiers in Pharmacology 2025: <a href=\"https:\/\/www.frontiersin.org\/journals\/pharmacology\/articles\/10.3389\/fphar.2025.1718208\/full\" target=\"_blank\" rel=\"noopener\">frontiersin.org<\/a><\/li>\n<li id=\"ref15\">PRP en la alopecia androgen\u00e9tica, metaan\u00e1lisis de estudios aleatorizados, PubMed 37533146: <a href=\"https:\/\/pubmed.ncbi.nlm.nih.gov\/37533146\/\" target=\"_blank\" rel=\"noopener\">pubmed.ncbi.nlm.nih.gov<\/a><\/li>\n<li id=\"ref16\">PRP a\u00f1adido al minoxidil t\u00f3pico, metaan\u00e1lisis, PMC: <a href=\"https:\/\/www.ncbi.nlm.nih.gov\/pmc\/articles\/PMC11356437\/\" target=\"_blank\" rel=\"noopener\">ncbi.nlm.nih.gov<\/a><\/li>\n<li id=\"ref17\">T\u00fcrk Dermatoloji Derne\u011fi: informaci\u00f3n para pacientes sobre la alopecia androgen\u00e9tica (terapia l\u00e1ser de baja intensidad): <a href=\"https:\/\/turkdermatoloji.org.tr\/media\/pdf\/erkek%20Tipi%20Sa%C3%A7%20D%C3%B6k%C3%BClmesi%20(Androgenetik%20alopesi)%20Kopyas%C4%B1%20(3).pdf\" target=\"_blank\" rel=\"noopener\">turkdermatoloji.org.tr<\/a><\/li>\n<li id=\"ref18\">\u00abMale androgenetic alopecia\u00bb (miniaturizaci\u00f3n, fibrosis), PMC; complementariamente PubMed 33539849: <a href=\"https:\/\/pmc.ncbi.nlm.nih.gov\/articles\/PMC11962920\/\" target=\"_blank\" rel=\"noopener\">pmc.ncbi.nlm.nih.gov<\/a><\/li>\n<\/ol>\n<p style=\"margin:14px 0 0;color:#6b7280;font-size:13px;font-style:italic\">Revisado m\u00e9dicamente, actualizado en agosto de 2026. Este art\u00edculo tiene car\u00e1cter informativo y no sustituye a un diagn\u00f3stico ni a un tratamiento m\u00e9dicos. Ante placas redondas sin pelo, un cuero cabelludo enrojecido, descamado, exudativo o doloroso, una piel lisa y brillante sin poros capilares visibles o un inicio repentino en pocas semanas, acude cuanto antes a una consulta de dermatolog\u00eda. Nunca dejes por tu cuenta una medicaci\u00f3n prescrita.<\/p>\n<\/div>\n\n\n\n<script type=\"application\/ld+json\">\n{\n  \"@context\": \"https:\/\/schema.org\",\n  \"@type\": \"FAQPage\",\n  \"mainEntity\": [\n    {\n      \"@type\": \"Question\",\n      \"name\": \"\u00bfUn remolino visible en la parte posterior de la cabeza ya es ca\u00edda del cabello?\",\n      \"acceptedAnswer\": {\n        \"@type\": \"Answer\",\n        \"text\": \"No. En el remolino los pelos se abren en espiral, por eso all\u00ed siempre se transparenta algo de cuero cabelludo. Solo tres signos indican ca\u00edda del cabello: una densidad que disminuye hacia el borde, pelos cortos y finos entre los fuertes (anisotricosis a partir del 20 % en el hombre) y una superficie que crece a lo largo de tres a seis meses.\"\n      }\n    },\n    {\n      \"@type\": \"Question\",\n      \"name\": \"\u00bfC\u00f3mo s\u00e9 si la zona sin pelo de la parte posterior de la cabeza est\u00e1 creciendo?\",\n      \"acceptedAnswer\": {\n        \"@type\": \"Answer\",\n        \"text\": \"Solo comparando fotos en las mismas condiciones. Luz natural junto a la ventana, pelo seco y sin peinar con producto, la misma distancia y el mismo \u00e1ngulo, fotos ahora y a los 3 y 6 meses. Los intervalos m\u00e1s cortos muestran sobre todo diferencias de luz y de peinado, porque el ciclo capilar necesita varios meses.\"\n      }\n    },\n    {\n      \"@type\": \"Question\",\n      \"name\": \"\u00bfPuede la ca\u00edda hereditaria aparecer solo en la parte posterior de la cabeza?\",\n      \"acceptedAnswer\": {\n        \"@type\": \"Answer\",\n        \"text\": \"S\u00ed. Es el tipo v\u00e9rtex de la alopecia androgen\u00e9tica: el claro empieza en el remolino y la l\u00ednea de implantaci\u00f3n se mantiene al principio. La escala de Norwood lo recoge como estadio III vertex. La parte baja de la cabeza y la nuca quedan a salvo, porque esa zona occipital es resistente a la DHT.\"\n      }\n    },\n    {\n      \"@type\": \"Question\",\n      \"name\": \"\u00bfQu\u00e9 significa una zona redonda sin pelo en la parte posterior de la cabeza?\",\n      \"acceptedAnswer\": {\n        \"@type\": \"Answer\",\n        \"text\": \"Casi siempre alopecia areata. Una zona redonda, de bordes n\u00edtidos y con la piel lisa apunta a ello; el riesgo a lo largo de la vida es de en torno al 2 %. Cuando aparece en banda a lo largo de la l\u00ednea de implantaci\u00f3n inferior se llama tipo ofi\u00e1sico, con una prevalencia de alrededor del 0,02 % y un pron\u00f3stico m\u00e1s desfavorable. Ambos casos deben verse pronto en una consulta de dermatolog\u00eda.\"\n      }\n    },\n    {\n      \"@type\": \"Question\",\n      \"name\": \"\u00bfPueden la almohada, el casco o el reposacabezas provocar ca\u00edda del cabello en la parte posterior de la cabeza?\",\n      \"acceptedAnswer\": {\n        \"@type\": \"Answer\",\n        \"text\": \"S\u00ed. Como alopecia por fricci\u00f3n o por presi\u00f3n, justo en el punto de apoyo y a menudo con pelos rotos. Normalmente se recupera en 3 a 6 meses en cuanto desaparece la carga. La alopecia por presi\u00f3n propiamente dicha, en cambio, est\u00e1 descrita tras horas de inmovilidad, por ejemplo despu\u00e9s de intervenciones largas.\"\n      }\n    },\n    {\n      \"@type\": \"Question\",\n      \"name\": \"Ca\u00edda del cabello en la parte posterior de la cabeza en mujeres: \u00bfcu\u00e1ndo es preocupante?\",\n      \"acceptedAnswer\": {\n        \"@type\": \"Answer\",\n        \"text\": \"En una mujer, cualquier zona circunscrita en la parte posterior de la cabeza necesita explicaci\u00f3n. El patr\u00f3n femenino de Ludwig aclara la raya y respeta la parte posterior de la cabeza. Deber\u00edas consultar pronto si hay una placa redonda de bordes n\u00edtidos, un cuero cabelludo enrojecido, descamado o doloroso, una piel lisa y brillante sin poros capilares o un inicio repentino.\"\n      }\n    },\n    {\n      \"@type\": \"Question\",\n      \"name\": \"\u00bfVuelve a crecer solo el pelo en la parte posterior de la cabeza?\",\n      \"acceptedAnswer\": {\n        \"@type\": \"Answer\",\n        \"text\": \"Depende de la causa. En la alopecia areata, tras el primer episodio en torno al 50 % se recupera de forma espont\u00e1nea en un a\u00f1o; las formas difusas, por lo general de 3 a 6 meses despu\u00e9s de que desaparezca el desencadenante. La ca\u00edda hereditaria en el v\u00e9rtex no retrocede sola: sin tratamiento, avanza.\"\n      }\n    },\n    {\n      \"@type\": \"Question\",\n      \"name\": \"\u00bfAct\u00faa el minoxidil mejor en el remolino que en la frente?\",\n      \"acceptedAnswer\": {\n        \"@type\": \"Answer\",\n        \"text\": \"En el v\u00e9rtex es donde el efecto est\u00e1 mejor documentado. Los estudios de registro midieron all\u00ed su \u00e1rea objetivo. En Olsen et al. (2002), el minoxidil al 5 % logr\u00f3 tras 48 semanas un crecimiento en torno a un 45 % mayor que el del 2 %, con los primeros pelos terminales a los 4 meses aproximadamente. Esto vale solo para la alopecia androgen\u00e9tica.\"\n      }\n    },\n    {\n      \"@type\": \"Question\",\n      \"name\": \"\u00bfCu\u00e1ntos pelos al d\u00eda son normales?\",\n      \"acceptedAnswer\": {\n        \"@type\": \"Answer\",\n        \"text\": \"De 50 a 100 pelos al d\u00eda. Este rango es el que citan la American Academy of Dermatology y el NHS; muchas gu\u00edas divulgativas hablan a menudo de 70 a 100. No existe un l\u00edmite exacto, porque la cifra var\u00eda con la frecuencia de lavado y con la \u00e9poca del a\u00f1o. Llama la atenci\u00f3n cuando durante varias semanas seguidas se pierden de forma constante bastantes m\u00e1s.\"\n      }\n    },\n    {\n      \"@type\": \"Question\",\n      \"name\": \"\u00bfCon poco m\u00e1s de 20 a\u00f1os soy demasiado joven para un trasplante en el remolino?\",\n      \"acceptedAnswer\": {\n        \"@type\": \"Answer\",\n        \"text\": \"No decide la edad, sino la estabilidad de la evoluci\u00f3n. Cuando la p\u00e9rdida en el v\u00e9rtex avanza deprisa, primero se suele estabilizar de forma conservadora; de lo contrario se sigue perdiendo pelo alrededor del \u00e1rea trasplantada y despu\u00e9s falta pelo donante. La idoneidad la valora el m\u00e9dico en cada caso.\"\n      }\n    },\n    {\n      \"@type\": \"Question\",\n      \"name\": \"\u00bfEl gel y la cera hacen que el remolino parezca m\u00e1s despoblado de lo que est\u00e1?\",\n      \"acceptedAnswer\": {\n        \"@type\": \"Answer\",\n        \"text\": \"S\u00ed, es la falsa alarma m\u00e1s frecuente. El pelo mojado o apelmazado con gel queda en mechones y por eso en cualquier remolino se transparenta el cuero cabelludo; adem\u00e1s, la luz cenital proyecta sombras dentro del giro. No hay estudios al respecto: valora solo el pelo seco y sin peinar con producto, con luz natural.\"\n      }\n    },\n    {\n      \"@type\": \"Question\",\n      \"name\": \"\u00bfTengo ca\u00edda del cabello o un doble remolino?\",\n      \"acceptedAnswer\": {\n        \"@type\": \"Answer\",\n        \"text\": \"Un doble remolino es un patr\u00f3n de crecimiento, no una ca\u00edda del cabello. Dos giros solo hacen que la parte posterior de la cabeza parezca m\u00e1s revuelta. Lo decisivo siguen siendo la densidad y la evoluci\u00f3n: si el pelo se mantiene fuerte hasta ambos giros y la imagen no cambia en meses, es un patr\u00f3n. No hay estudios s\u00f3lidos al respecto.\"\n      }\n    },\n    {\n      \"@type\": \"Question\",\n      \"name\": \"\u00bfUna quemadura solar en el remolino es una se\u00f1al de alarma?\",\n      \"acceptedAnswer\": {\n        \"@type\": \"Answer\",\n        \"text\": \"Un indicio plausible, no una prueba. Donde falta pelo, falta protecci\u00f3n UV; una quemadura solar justo en el remolino apunta a una densidad reducida en ese punto. No hay ning\u00fan estudio al respecto. Lo sensato es hacer las dos cosas: llevar algo en la cabeza y documentar la evoluci\u00f3n con fotos.\"\n      }\n    },\n    {\n      \"@type\": \"Question\",\n      \"name\": \"\u00bfC\u00f3mo se puede frenar el avance de la ca\u00edda del cabello en la parte posterior de la cabeza?\",\n      \"acceptedAnswer\": {\n        \"@type\": \"Answer\",\n        \"text\": \"Solo en parte y solo con medicaci\u00f3n. El minoxidil y la finasterida pueden frenar la ca\u00edda hereditaria, pero no detenerla del todo. En el v\u00e9rtex cabe esperar los primeros efectos a los 4 meses aproximadamente, valorables a partir de las 24 semanas, y el efecto solo se mantiene mientras dura la aplicaci\u00f3n. Es aconsejable un asesoramiento profesional.\"\n      }\n    },\n    {\n      \"@type\": \"Question\",\n      \"name\": \"\u00bfQu\u00e9 soluciones no quir\u00fargicas hay para la ca\u00edda del cabello en la parte posterior de la cabeza?\",\n      \"acceptedAnswer\": {\n        \"@type\": \"Answer\",\n        \"text\": \"Opciones que disimulan, no que act\u00faen sobre la causa. La densificaci\u00f3n capilar, los sistemas capilares modernos, las pelucas o los postizos son soluciones temporales; a ello se suman las fibras capilares, la micropigmentaci\u00f3n capilar y un corte m\u00e1s corto, que reduce el contraste entre el pelo y el cuero cabelludo. Estas opciones no cambian la evoluci\u00f3n.\"\n      }\n    },\n    {\n      \"@type\": \"Question\",\n      \"name\": \"\u00bfCu\u00e1nto dura el resultado de un trasplante capilar en la parte posterior de la cabeza?\",\n      \"acceptedAnswer\": {\n        \"@type\": \"Answer\",\n        \"text\": \"Por lo general, es permanente. Los pelos trasplantados proceden de la zona occipital resistente a la DHT y conservan esa propiedad (Donor Dominance). El resultado es valorable a los 9 a 12 meses. La propia ca\u00edda del cabello alrededor puede continuar, por eso la estabilizaci\u00f3n sigue siendo importante.\"\n      }\n    },\n    {\n      \"@type\": \"Question\",\n      \"name\": \"\u00bfC\u00f3mo se cuida el pelo trasplantado despu\u00e9s de la operaci\u00f3n?\",\n      \"acceptedAnswer\": {\n        \"@type\": \"Answer\",\n        \"text\": \"Con suavidad y sin presi\u00f3n sobre el \u00e1rea receptora. Los productos recomendados por el m\u00e9dico favorecen el prendimiento. En las primeras semanas: nada de roce sobre la zona trasplantada, es decir, tampoco dormir apoyado sobre el remolino, nada de gorros sin autorizaci\u00f3n y nada de rascar las costras.\"\n      }\n    }\n  ]\n}\n<\/script>\n\n","protected":false},"excerpt":{"rendered":"<p>La ca\u00edda del cabello en la parte posterior de la cabeza es la que uno mismo descubre m\u00e1s tarde, muchas veces en una foto de vacaciones o porque alguien lo comenta. Para dar con la causa, lo decisivo es d\u00f3nde exactamente se est\u00e1 aclarando el pelo: alrededor del remolino suele haber detr\u00e1s una ca\u00edda androgen\u00e9tica, [&hellip;]<\/p>\n","protected":false},"author":10,"featured_media":91874,"comment_status":"closed","ping_status":"closed","sticky":false,"template":"","format":"standard","meta":{"_acf_changed":false,"_yoast_wpseo_meta-robots-noindex":"","_yoast_wpseo_meta-robots-nofollow":"","_yoast_wpseo_meta-robots-adv":"","_yoast_wpseo_canonical":"https:\/\/elithair.com\/es\/trasplante-capilar-blog\/caida-del-cabello-en-la-coronilla\/","_yoast_wpseo_opengraph-title":"","_yoast_wpseo_opengraph-description":"","_yoast_wpseo_opengraph-image":"","_yoast_wpseo_twitter-title":"","_yoast_wpseo_twitter-description":"","_yoast_wpseo_twitter-image":"","_hm_hreflang_map":{"de":50068,"en":96955,"es":91870,"fr":101236,"it":107655,"pt":89715,"tr":83297,"uk":96341,"x_default":96955},"_hm_language_code":"es","footnotes":""},"categories":[6],"tags":[],"class_list":["post-91870","post","type-post","status-publish","format-standard","has-post-thumbnail","hentry","category-caida-del-cabello"],"acf":[],"yoast_head":"<!-- This site is optimized with the Yoast SEO Premium plugin v28.3 (Yoast SEO v28.3) - https:\/\/yoast.com\/product\/yoast-seo-premium-wordpress\/ -->\n<title>Ca\u00edda del cabello en la coronilla y en la nuca: remolino, tonsura o alopecia areata: as\u00ed reconoces la causa<\/title>\n<meta name=\"description\" content=\"Ca\u00edda del cabello en la coronilla: en el remolino suele haber alopecia hereditaria; en la nuca, otras causas. Autochequeo, estadios de Norwood y qu\u00e9 ayuda.\" \/>\n<meta name=\"robots\" content=\"index, follow, max-snippet:-1, max-image-preview:large, max-video-preview:-1\" \/>\n<link rel=\"canonical\" href=\"https:\/\/elithair.com\/es\/trasplante-capilar-blog\/caida-del-cabello-en-la-coronilla\/\" \/>\n<meta property=\"og:locale\" content=\"es_ES\" \/>\n<meta property=\"og:type\" content=\"article\" \/>\n<meta property=\"og:title\" content=\"Ca\u00edda del cabello en la coronilla: \u00bfremolino, tonsura u otra causa?\" \/>\n<meta property=\"og:description\" content=\"Ca\u00edda del cabello en la coronilla: en el remolino suele haber alopecia hereditaria; en la nuca, otras causas. Autochequeo, estadios de Norwood y qu\u00e9 ayuda.\" \/>\n<meta property=\"og:url\" content=\"https:\/\/elithair.com\/es\/trasplante-capilar-blog\/caida-del-cabello-en-la-coronilla\/\" \/>\n<meta property=\"og:site_name\" content=\"Elithair\" \/>\n<meta property=\"article:publisher\" content=\"https:\/\/www.facebook.com\/elithairtransplantspanish\" \/>\n<meta property=\"article:published_time\" content=\"2026-08-28T17:15:13+00:00\" \/>\n<meta property=\"og:image\" content=\"https:\/\/elithair.com\/es\/wp-content\/uploads\/sites\/5\/2026\/08\/zonen_landkarte_hinterkopf__es.png\" \/>\n<meta name=\"author\" content=\"Dr. Imad Moustafa\" \/>\n<meta name=\"twitter:card\" content=\"summary_large_image\" \/>\n<meta name=\"twitter:label1\" content=\"Escrito por\" \/>\n\t<meta name=\"twitter:data1\" content=\"Dr. Imad Moustafa\" \/>\n\t<meta name=\"twitter:label2\" content=\"Tiempo de lectura\" \/>\n\t<meta name=\"twitter:data2\" content=\"48 minutos\" \/>\n<script type=\"application\/ld+json\" class=\"yoast-schema-graph\">{\"@context\":\"https:\\\/\\\/schema.org\",\"@graph\":[{\"@type\":\"Article\",\"@id\":\"https:\\\/\\\/elithair.com\\\/es\\\/trasplante-capilar-blog\\\/caida-del-cabello-en-la-coronilla\\\/#article\",\"isPartOf\":{\"@id\":\"https:\\\/\\\/elithair.com\\\/es\\\/trasplante-capilar-blog\\\/caida-del-cabello-en-la-coronilla\\\/\"},\"author\":{\"name\":\"Dr. Imad Moustafa\",\"@id\":\"https:\\\/\\\/elithair.com\\\/es\\\/#\\\/schema\\\/person\\\/11ce37e83a6343e4c37edcd4b5498e41\"},\"headline\":\"Ca\u00edda del cabello en la coronilla: \u00bfremolino, tonsura u otra causa?\",\"datePublished\":\"2026-08-28T17:15:13+00:00\",\"mainEntityOfPage\":{\"@id\":\"https:\\\/\\\/elithair.com\\\/es\\\/trasplante-capilar-blog\\\/caida-del-cabello-en-la-coronilla\\\/\"},\"wordCount\":9639,\"publisher\":{\"@id\":\"https:\\\/\\\/elithair.com\\\/es\\\/#organization\"},\"image\":{\"@id\":\"https:\\\/\\\/elithair.com\\\/es\\\/trasplante-capilar-blog\\\/caida-del-cabello-en-la-coronilla\\\/#primaryimage\"},\"thumbnailUrl\":\"https:\\\/\\\/elithair.com\\\/es\\\/wp-content\\\/uploads\\\/sites\\\/5\\\/2026\\\/08\\\/hero-6.png\",\"articleSection\":[\"Ca\u00edda del cabello\"],\"inLanguage\":\"es\"},{\"@type\":\"WebPage\",\"@id\":\"https:\\\/\\\/elithair.com\\\/es\\\/trasplante-capilar-blog\\\/caida-del-cabello-en-la-coronilla\\\/\",\"url\":\"https:\\\/\\\/elithair.com\\\/es\\\/trasplante-capilar-blog\\\/caida-del-cabello-en-la-coronilla\\\/\",\"name\":\"Ca\u00edda del cabello en la coronilla y en la nuca: remolino, tonsura o alopecia areata: as\u00ed reconoces la causa\",\"isPartOf\":{\"@id\":\"https:\\\/\\\/elithair.com\\\/es\\\/#website\"},\"primaryImageOfPage\":{\"@id\":\"https:\\\/\\\/elithair.com\\\/es\\\/trasplante-capilar-blog\\\/caida-del-cabello-en-la-coronilla\\\/#primaryimage\"},\"image\":{\"@id\":\"https:\\\/\\\/elithair.com\\\/es\\\/trasplante-capilar-blog\\\/caida-del-cabello-en-la-coronilla\\\/#primaryimage\"},\"thumbnailUrl\":\"https:\\\/\\\/elithair.com\\\/es\\\/wp-content\\\/uploads\\\/sites\\\/5\\\/2026\\\/08\\\/hero-6.png\",\"datePublished\":\"2026-08-28T17:15:13+00:00\",\"description\":\"Ca\u00edda del cabello en la coronilla: en el remolino suele haber alopecia hereditaria; en la nuca, otras causas. Autochequeo, estadios de Norwood y qu\u00e9 ayuda.\",\"breadcrumb\":{\"@id\":\"https:\\\/\\\/elithair.com\\\/es\\\/trasplante-capilar-blog\\\/caida-del-cabello-en-la-coronilla\\\/#breadcrumb\"},\"inLanguage\":\"es\",\"potentialAction\":[{\"@type\":\"ReadAction\",\"target\":[\"https:\\\/\\\/elithair.com\\\/es\\\/trasplante-capilar-blog\\\/caida-del-cabello-en-la-coronilla\\\/\"]}]},{\"@type\":\"ImageObject\",\"inLanguage\":\"es\",\"@id\":\"https:\\\/\\\/elithair.com\\\/es\\\/trasplante-capilar-blog\\\/caida-del-cabello-en-la-coronilla\\\/#primaryimage\",\"url\":\"https:\\\/\\\/elithair.com\\\/es\\\/wp-content\\\/uploads\\\/sites\\\/5\\\/2026\\\/08\\\/hero-6.png\",\"contentUrl\":\"https:\\\/\\\/elithair.com\\\/es\\\/wp-content\\\/uploads\\\/sites\\\/5\\\/2026\\\/08\\\/hero-6.png\",\"width\":1536,\"height\":1024,\"caption\":\"Hinterkopf eines Mannes mit sichtbarem Wirbelbereich im seitlichen Tageslicht\"},{\"@type\":\"BreadcrumbList\",\"@id\":\"https:\\\/\\\/elithair.com\\\/es\\\/trasplante-capilar-blog\\\/caida-del-cabello-en-la-coronilla\\\/#breadcrumb\",\"itemListElement\":[{\"@type\":\"ListItem\",\"position\":1,\"name\":\"Home\",\"item\":\"https:\\\/\\\/elithair.com\\\/es\\\/\"},{\"@type\":\"ListItem\",\"position\":2,\"name\":\"Ca\u00edda del cabello en la coronilla: \u00bfremolino, tonsura u otra causa?\"}]},{\"@type\":\"WebSite\",\"@id\":\"https:\\\/\\\/elithair.com\\\/es\\\/#website\",\"url\":\"https:\\\/\\\/elithair.com\\\/es\\\/\",\"name\":\"Elithair\",\"description\":\"La mayor cl\u00ednica de Injerto Capilar en Turqu\u00eda\",\"publisher\":{\"@id\":\"https:\\\/\\\/elithair.com\\\/es\\\/#organization\"},\"alternateName\":\"la mejor cl\u00ednica de trasplante capilar en Turqu\u00eda\",\"potentialAction\":[{\"@type\":\"SearchAction\",\"target\":{\"@type\":\"EntryPoint\",\"urlTemplate\":\"https:\\\/\\\/elithair.com\\\/es\\\/?s={search_term_string}\"},\"query-input\":{\"@type\":\"PropertyValueSpecification\",\"valueRequired\":true,\"valueName\":\"search_term_string\"}}],\"inLanguage\":\"es\"},{\"@type\":\"Organization\",\"@id\":\"https:\\\/\\\/elithair.com\\\/es\\\/#organization\",\"name\":\"Elithair\",\"url\":\"https:\\\/\\\/elithair.com\\\/es\\\/\",\"logo\":{\"@type\":\"ImageObject\",\"inLanguage\":\"es\",\"@id\":\"https:\\\/\\\/elithair.com\\\/es\\\/#\\\/schema\\\/logo\\\/image\\\/\",\"url\":\"https:\\\/\\\/elithair.com\\\/es\\\/wp-content\\\/uploads\\\/sites\\\/5\\\/2026\\\/04\\\/elithair-logo-primary.svg\",\"contentUrl\":\"https:\\\/\\\/elithair.com\\\/es\\\/wp-content\\\/uploads\\\/sites\\\/5\\\/2026\\\/04\\\/elithair-logo-primary.svg\",\"width\":1,\"height\":1,\"caption\":\"Elithair\"},\"image\":{\"@id\":\"https:\\\/\\\/elithair.com\\\/es\\\/#\\\/schema\\\/logo\\\/image\\\/\"},\"sameAs\":[\"https:\\\/\\\/www.facebook.com\\\/elithairtransplantspanish\",\"https:\\\/\\\/instagram.com\\\/elithair.es\\\/\",\"https:\\\/\\\/www.tiktok.com\\\/@elithair.es?_t=8q2ySh9GNKy&_r=1\",\"https:\\\/\\\/www.youtube.com\\\/@elithair-trasplantecapilar4089\"]},{\"@type\":\"Person\",\"@id\":\"https:\\\/\\\/elithair.com\\\/es\\\/#\\\/schema\\\/person\\\/11ce37e83a6343e4c37edcd4b5498e41\",\"name\":\"Dr. Imad Moustafa\",\"image\":{\"@type\":\"ImageObject\",\"inLanguage\":\"es\",\"@id\":\"https:\\\/\\\/secure.gravatar.com\\\/avatar\\\/9190499f6f3008cd7da57b179f07bfea4b4e382c816ba3e0de68db0b5a70c07d?s=96&d=mm&r=g\",\"url\":\"https:\\\/\\\/secure.gravatar.com\\\/avatar\\\/9190499f6f3008cd7da57b179f07bfea4b4e382c816ba3e0de68db0b5a70c07d?s=96&d=mm&r=g\",\"contentUrl\":\"https:\\\/\\\/secure.gravatar.com\\\/avatar\\\/9190499f6f3008cd7da57b179f07bfea4b4e382c816ba3e0de68db0b5a70c07d?s=96&d=mm&r=g\",\"caption\":\"Dr. Imad Moustafa\"}}]}<\/script>\n<!-- \/ Yoast SEO Premium plugin. -->","yoast_head_json":{"title":"Ca\u00edda del cabello en la coronilla y en la nuca: remolino, tonsura o alopecia areata: as\u00ed reconoces la causa","description":"Ca\u00edda del cabello en la coronilla: en el remolino suele haber alopecia hereditaria; en la nuca, otras causas. Autochequeo, estadios de Norwood y qu\u00e9 ayuda.","robots":{"index":"index","follow":"follow","max-snippet":"max-snippet:-1","max-image-preview":"max-image-preview:large","max-video-preview":"max-video-preview:-1"},"canonical":"https:\/\/elithair.com\/es\/trasplante-capilar-blog\/caida-del-cabello-en-la-coronilla\/","og_locale":"es_ES","og_type":"article","og_title":"Ca\u00edda del cabello en la coronilla: \u00bfremolino, tonsura u otra causa?","og_description":"Ca\u00edda del cabello en la coronilla: en el remolino suele haber alopecia hereditaria; en la nuca, otras causas. Autochequeo, estadios de Norwood y qu\u00e9 ayuda.","og_url":"https:\/\/elithair.com\/es\/trasplante-capilar-blog\/caida-del-cabello-en-la-coronilla\/","og_site_name":"Elithair","article_publisher":"https:\/\/www.facebook.com\/elithairtransplantspanish","article_published_time":"2026-08-28T17:15:13+00:00","og_image":[{"url":"https:\/\/elithair.com\/es\/wp-content\/uploads\/sites\/5\/2026\/08\/zonen_landkarte_hinterkopf__es.png","type":"","width":"","height":""}],"author":"Dr. Imad Moustafa","twitter_card":"summary_large_image","twitter_misc":{"Escrito por":"Dr. Imad Moustafa","Tiempo de lectura":"48 minutos"},"schema":{"@context":"https:\/\/schema.org","@graph":[{"@type":"Article","@id":"https:\/\/elithair.com\/es\/trasplante-capilar-blog\/caida-del-cabello-en-la-coronilla\/#article","isPartOf":{"@id":"https:\/\/elithair.com\/es\/trasplante-capilar-blog\/caida-del-cabello-en-la-coronilla\/"},"author":{"name":"Dr. Imad Moustafa","@id":"https:\/\/elithair.com\/es\/#\/schema\/person\/11ce37e83a6343e4c37edcd4b5498e41"},"headline":"Ca\u00edda del cabello en la coronilla: \u00bfremolino, tonsura u otra causa?","datePublished":"2026-08-28T17:15:13+00:00","mainEntityOfPage":{"@id":"https:\/\/elithair.com\/es\/trasplante-capilar-blog\/caida-del-cabello-en-la-coronilla\/"},"wordCount":9639,"publisher":{"@id":"https:\/\/elithair.com\/es\/#organization"},"image":{"@id":"https:\/\/elithair.com\/es\/trasplante-capilar-blog\/caida-del-cabello-en-la-coronilla\/#primaryimage"},"thumbnailUrl":"https:\/\/elithair.com\/es\/wp-content\/uploads\/sites\/5\/2026\/08\/hero-6.png","articleSection":["Ca\u00edda del cabello"],"inLanguage":"es"},{"@type":"WebPage","@id":"https:\/\/elithair.com\/es\/trasplante-capilar-blog\/caida-del-cabello-en-la-coronilla\/","url":"https:\/\/elithair.com\/es\/trasplante-capilar-blog\/caida-del-cabello-en-la-coronilla\/","name":"Ca\u00edda del cabello en la coronilla y en la nuca: remolino, tonsura o alopecia areata: as\u00ed reconoces la causa","isPartOf":{"@id":"https:\/\/elithair.com\/es\/#website"},"primaryImageOfPage":{"@id":"https:\/\/elithair.com\/es\/trasplante-capilar-blog\/caida-del-cabello-en-la-coronilla\/#primaryimage"},"image":{"@id":"https:\/\/elithair.com\/es\/trasplante-capilar-blog\/caida-del-cabello-en-la-coronilla\/#primaryimage"},"thumbnailUrl":"https:\/\/elithair.com\/es\/wp-content\/uploads\/sites\/5\/2026\/08\/hero-6.png","datePublished":"2026-08-28T17:15:13+00:00","description":"Ca\u00edda del cabello en la coronilla: en el remolino suele haber alopecia hereditaria; en la nuca, otras causas. Autochequeo, estadios de Norwood y qu\u00e9 ayuda.","breadcrumb":{"@id":"https:\/\/elithair.com\/es\/trasplante-capilar-blog\/caida-del-cabello-en-la-coronilla\/#breadcrumb"},"inLanguage":"es","potentialAction":[{"@type":"ReadAction","target":["https:\/\/elithair.com\/es\/trasplante-capilar-blog\/caida-del-cabello-en-la-coronilla\/"]}]},{"@type":"ImageObject","inLanguage":"es","@id":"https:\/\/elithair.com\/es\/trasplante-capilar-blog\/caida-del-cabello-en-la-coronilla\/#primaryimage","url":"https:\/\/elithair.com\/es\/wp-content\/uploads\/sites\/5\/2026\/08\/hero-6.png","contentUrl":"https:\/\/elithair.com\/es\/wp-content\/uploads\/sites\/5\/2026\/08\/hero-6.png","width":1536,"height":1024,"caption":"Hinterkopf eines Mannes mit sichtbarem Wirbelbereich im seitlichen Tageslicht"},{"@type":"BreadcrumbList","@id":"https:\/\/elithair.com\/es\/trasplante-capilar-blog\/caida-del-cabello-en-la-coronilla\/#breadcrumb","itemListElement":[{"@type":"ListItem","position":1,"name":"Home","item":"https:\/\/elithair.com\/es\/"},{"@type":"ListItem","position":2,"name":"Ca\u00edda del cabello en la coronilla: \u00bfremolino, tonsura u otra causa?"}]},{"@type":"WebSite","@id":"https:\/\/elithair.com\/es\/#website","url":"https:\/\/elithair.com\/es\/","name":"Elithair","description":"La mayor cl\u00ednica de Injerto Capilar en Turqu\u00eda","publisher":{"@id":"https:\/\/elithair.com\/es\/#organization"},"alternateName":"la mejor cl\u00ednica de trasplante capilar en Turqu\u00eda","potentialAction":[{"@type":"SearchAction","target":{"@type":"EntryPoint","urlTemplate":"https:\/\/elithair.com\/es\/?s={search_term_string}"},"query-input":{"@type":"PropertyValueSpecification","valueRequired":true,"valueName":"search_term_string"}}],"inLanguage":"es"},{"@type":"Organization","@id":"https:\/\/elithair.com\/es\/#organization","name":"Elithair","url":"https:\/\/elithair.com\/es\/","logo":{"@type":"ImageObject","inLanguage":"es","@id":"https:\/\/elithair.com\/es\/#\/schema\/logo\/image\/","url":"https:\/\/elithair.com\/es\/wp-content\/uploads\/sites\/5\/2026\/04\/elithair-logo-primary.svg","contentUrl":"https:\/\/elithair.com\/es\/wp-content\/uploads\/sites\/5\/2026\/04\/elithair-logo-primary.svg","width":1,"height":1,"caption":"Elithair"},"image":{"@id":"https:\/\/elithair.com\/es\/#\/schema\/logo\/image\/"},"sameAs":["https:\/\/www.facebook.com\/elithairtransplantspanish","https:\/\/instagram.com\/elithair.es\/","https:\/\/www.tiktok.com\/@elithair.es?_t=8q2ySh9GNKy&_r=1","https:\/\/www.youtube.com\/@elithair-trasplantecapilar4089"]},{"@type":"Person","@id":"https:\/\/elithair.com\/es\/#\/schema\/person\/11ce37e83a6343e4c37edcd4b5498e41","name":"Dr. Imad Moustafa","image":{"@type":"ImageObject","inLanguage":"es","@id":"https:\/\/secure.gravatar.com\/avatar\/9190499f6f3008cd7da57b179f07bfea4b4e382c816ba3e0de68db0b5a70c07d?s=96&d=mm&r=g","url":"https:\/\/secure.gravatar.com\/avatar\/9190499f6f3008cd7da57b179f07bfea4b4e382c816ba3e0de68db0b5a70c07d?s=96&d=mm&r=g","contentUrl":"https:\/\/secure.gravatar.com\/avatar\/9190499f6f3008cd7da57b179f07bfea4b4e382c816ba3e0de68db0b5a70c07d?s=96&d=mm&r=g","caption":"Dr. Imad Moustafa"}}]}},"_links":{"self":[{"href":"https:\/\/elithair.com\/es\/wp-json\/wp\/v2\/posts\/91870","targetHints":{"allow":["GET"]}}],"collection":[{"href":"https:\/\/elithair.com\/es\/wp-json\/wp\/v2\/posts"}],"about":[{"href":"https:\/\/elithair.com\/es\/wp-json\/wp\/v2\/types\/post"}],"author":[{"embeddable":true,"href":"https:\/\/elithair.com\/es\/wp-json\/wp\/v2\/users\/10"}],"replies":[{"embeddable":true,"href":"https:\/\/elithair.com\/es\/wp-json\/wp\/v2\/comments?post=91870"}],"version-history":[{"count":0,"href":"https:\/\/elithair.com\/es\/wp-json\/wp\/v2\/posts\/91870\/revisions"}],"wp:featuredmedia":[{"embeddable":true,"href":"https:\/\/elithair.com\/es\/wp-json\/wp\/v2\/media\/91874"}],"wp:attachment":[{"href":"https:\/\/elithair.com\/es\/wp-json\/wp\/v2\/media?parent=91870"}],"wp:term":[{"taxonomy":"category","embeddable":true,"href":"https:\/\/elithair.com\/es\/wp-json\/wp\/v2\/categories?post=91870"},{"taxonomy":"post_tag","embeddable":true,"href":"https:\/\/elithair.com\/es\/wp-json\/wp\/v2\/tags?post=91870"}],"curies":[{"name":"wp","href":"https:\/\/api.w.org\/{rel}","templated":true}]}}