{"id":50068,"date":"2019-07-09T23:04:59","date_gmt":"2019-07-09T21:04:59","guid":{"rendered":"https:\/\/elithair.com\/de\/?p=50068"},"modified":"2026-08-31T14:51:24","modified_gmt":"2026-08-31T12:51:24","slug":"haarausfall-am-hinterkopf-ist-ein-weit-verbreitetes-problem","status":"publish","type":"post","link":"https:\/\/elithair.com\/de\/blog-haartransplantation\/haarausfall-am-hinterkopf-ist-ein-weit-verbreitetes-problem\/","title":{"rendered":"Haarausfall am Hinterkopf: Wirbel, Tonsur oder andere Ursache?"},"content":{"rendered":"\n<div style=\"border-left:4px solid #0079F1;padding:0 0 0 14px;margin:0 0 26px\">\n<p style=\"margin:0 0 14px;color:#2e3033;font-size:17px;line-height:1.65\">Haarausfall am Hinterkopf bemerkt man selbst am sp\u00e4testen, oft erst auf einem Urlaubsfoto oder weil jemand etwas sagt. F\u00fcr die Ursache ist entscheidend, <strong>wo genau<\/strong> das Haar d\u00fcnner wird: Rund um den Wirbel steckt meist anlagebedingter, also erblicher Haarausfall dahinter, es entsteht eine lichte Stelle, die Kopfhaut wird sichtbar und die Fl\u00e4che w\u00e4chst \u00fcber Jahre zur Tonsur. Am unteren Hinterkopf und im Nacken ist genau dieser Haarausfall untypisch, weil diese Zone gegen\u00fcber dem Hormon DHT resistent ist. Betroffen sind viele: Laut dem britischen NHS zeigen bis zu 80 % der M\u00e4nner bis zum 70. Lebensjahr einen gewissen Grad an Haarausfall. Dieser Artikel ordnet Ihren Befund Zone f\u00fcr Zone ein, von den <a href=\"\/de\/blog-haartransplantation\/norwood-hamilton-skala-haarausfall\/\">Norwood-Stadien<\/a> bis zu der Frage, was am Wirbel tats\u00e4chlich hilft.<\/p>\n<p style=\"margin:0 0 8px;color:#013366;font-weight:700;font-size:16px\">Das Wichtigste in K\u00fcrze<\/p>\n<ul style=\"margin:0 0 14px;padding:0;color:#2e3033;list-style:none\">\n<li style=\"position:relative;padding:3px 0 3px 24px\"><span style=\"position:absolute;left:0;top:3px;color:#0079F1;font-weight:700\">&#10003;<\/span>Der Vertex, also der obere Hinterkopf rund um den Wirbel, ist eine Kernzone des erblichen Haarausfalls und wird \u00fcber die Norwood-Stadien eingeordnet<\/li>\n<li style=\"position:relative;padding:3px 0 3px 24px\"><span style=\"position:absolute;left:0;top:3px;color:#0079F1;font-weight:700\">&#10003;<\/span>Am unteren Hinterkopf und im Nacken ist erblicher Haarausfall untypisch, dort sind kreisrunder Haarausfall, Zug und Druck die h\u00e4ufigeren Erkl\u00e4rungen<\/li>\n<li style=\"position:relative;padding:3px 0 3px 24px\"><span style=\"position:absolute;left:0;top:3px;color:#0079F1;font-weight:700\">&#10003;<\/span>Ein Wirbel selbst wird nie kahl, er wirkt nur offener: Entscheidend sind die Haardichte am Rand und der Verlauf \u00fcber drei bis sechs Monate<\/li>\n<li style=\"position:relative;padding:3px 0 3px 24px\"><span style=\"position:absolute;left:0;top:3px;color:#0079F1;font-weight:700\">&#10003;<\/span>Bei Frauen bleibt der Hinterkopf beim erblichen Haarausfall meist verschont, dort lichtet sich der Mittelscheitel (Ludwig-Muster)<\/li>\n<\/ul>\n<p style=\"margin:0;color:#2e3033\">Das Inhaltsverzeichnis zeigt, was Sie wo finden. Danach geht es Zone f\u00fcr Zone ins Detail, mit Selbstcheck, Norwood-Stadien und einer n\u00fcchternen Einordnung der Behandlungen.<\/p>\n<\/div>\n\n\n\n<h2 class=\"wp-block-heading\" id=\"definition\">Was ist Haarausfall am Hinterkopf?<\/h2>\n\n\n\n<p class=\"wp-block-paragraph\"><strong>Haarausfall am Hinterkopf<\/strong> ist h\u00e4ufig ein typisches Anzeichen der androgenetischen Alopezie, also des erblich bedingten Haarausfalls. Sie ist die mit Abstand h\u00e4ufigste Haarausfall-Form beim Mann: In den USA zeigen 53 % der 40- bis 49-J\u00e4hrigen eine moderate bis schwere Auspr\u00e4gung, nach dem 80. Lebensjahr nahezu alle M\u00e4nner (\u00dcbersicht \u201eMale Androgenetic Alopecia&#8220;, Endotext\/NCBI).<sup>[2]<\/sup> Zu Beginn zeigt sich der Haarverlust meist im Stirn- und Schl\u00e4fenbereich, wodurch sich sogenannte Geheimratsecken entwickeln.<\/p>\n\n\n\n<p class=\"wp-block-paragraph\">Im weiteren Verlauf kann sich der <a href=\"\/de\/blog-haartransplantation\/haarausfall\/\">Haarausfall<\/a> zunehmend auf den Hinterkopf verlagern. Dort entsteht zun\u00e4chst eine kleine lichte Stelle, die sich mit der Zeit vergr\u00f6\u00dfert und zur sogenannten <strong>Tonsur<\/strong> oder M\u00f6nchsglatze f\u00fchren kann. Der Begriff stammt von der geschorenen Stelle am Oberkopf mittelalterlicher M\u00f6nche. Charakteristisch ist, dass ein ringf\u00f6rmiger Haarkranz erhalten bleibt.<\/p>\n\n\n\n<p class=\"wp-block-paragraph\">Kahle Stellen am Hinterkopf k\u00f6nnen jedoch auch andere Ursachen haben. So tritt etwa beim <a href=\"\/de\/blog-haartransplantation\/kreisrunder-haarausfall\/\">kreisrunden Haarausfall (Alopecia areata)<\/a> ebenfalls Haarverlust auf, der sich nicht auf eine bestimmte Region beschr\u00e4nkt, sondern an verschiedenen Stellen des Kopfes auftreten kann. Das Lebenszeitrisiko daf\u00fcr liegt bei rund 2 % (Lintzeri et al., JDDG 2022).<sup>[6]<\/sup><\/p>\n\n\n\n<p class=\"wp-block-paragraph\">Da sich die Ursachen unterscheiden und der Verlauf variiert, ist eine fr\u00fchzeitige \u00e4rztliche Abkl\u00e4rung sinnvoll. Insbesondere der <a href=\"\/de\/blog-haartransplantation\/androgenetische-alopezie-ursache-haarausfall\/\">androgenetische Haarausfall<\/a> schreitet unbehandelt weiter fort und l\u00e4sst sich nicht von selbst stoppen.<\/p>\n\n\n\n<h2 class=\"wp-block-heading\">Wo genau am Hinterkopf? Die Zone entscheidet \u00fcber die Ursache<\/h2>\n\n\n\n<p class=\"wp-block-paragraph\">Beim Haarausfall am Hinterkopf entscheidet die Zone \u00fcber die Ursache: Der <strong>Vertex<\/strong>, also der obere Hinterkopf rund um den Wirbel, ist androgensensibel und damit die klassische Zone des erblichen Haarausfalls. Der untere Hinterkopf und der Nacken, fachlich die <strong>occipitale Zone<\/strong>, gelten dagegen als DHT-resistent. Genau deshalb dient dieser Bereich bei einer Haartransplantation als <a href=\"\/de\/blog-haartransplantation\/spenderbereich-nach-haartransplantation\/\">Spenderzone am Hinterkopf<\/a>.<\/p>\n\n\n\n<p class=\"wp-block-paragraph\">Der Mechanismus dahinter hei\u00dft <strong>Donor Dominance<\/strong>. Norman Orentreich beschrieb 1959, dass ein verpflanzter Haarfollikel seine genetische Eigenschaft beh\u00e4lt, unabh\u00e4ngig davon, wohin er versetzt wird. Die Empfindlichkeit gegen\u00fcber Dihydrotestosteron (DHT) steckt also im Follikel selbst, nicht in der Kopfhaut. Moderne \u00dcbersichtsarbeiten zur Berechnung der Spenderfl\u00e4che best\u00e4tigen dieses Prinzip als Grundlage der Haartransplantation.<sup>[4]<\/sup><\/p>\n\n\n\n<p class=\"wp-block-paragraph\">Daraus folgen zwei Dinge. Erstens bleibt der Haarkranz stehen, w\u00e4hrend der Vertex sich lichtet, und ein occipitaler Follikel w\u00e4chst am Wirbel weiter. Zweitens ist ein Haarverlust <strong>im Nacken<\/strong> ein Grund, genauer hinzusehen, und kein Grund, \u201eerblich&#8220; anzunehmen: Dort sind kreisrunder Haarausfall, Zug, Druck und entz\u00fcndliche Formen die realistischeren Erkl\u00e4rungen.<\/p>\n\n\n<div class=\"wp-block-image\">\n<figure class=\"aligncenter size-large is-resized\" style=\"max-width:720px;margin-left:auto;margin-right:auto\"><img decoding=\"async\" src=\"https:\/\/elithair.com\/de\/wp-content\/uploads\/sites\/2\/2026\/08\/zonen_landkarte_hinterkopf__de.png\" alt=\"Zonen des Hinterkopfs: Vertex mit Wirbel, occipitale Spenderzone und Nackenbereich mit ihren typischen Ursachen\" class=\"wp-image-107062\" style=\"width:720px;max-width:100%;height:auto\"\/><\/figure>\n<\/div>\n\n\n<style>\n@media (max-width:640px){\n.rt-table-wrap{overflow-x:visible!important;border:0!important;border-radius:0!important}\n.rt-table{min-width:0!important}\n.rt-table thead{display:none}\n.rt-table,.rt-table tbody,.rt-table tr,.rt-table td{display:block;width:100%}\n.rt-table caption{display:block;padding:0 0 12px!important}\n.rt-table tr{margin:0 0 12px;border:1px solid #dbe4f0;border-radius:10px;overflow:hidden}\n.rt-table tr:last-child{margin-bottom:0}\n.rt-table td{display:flex!important;flex-direction:column;gap:3px;padding:12px 14px!important;\nborder:0!important;border-bottom:1px solid #e3e8ef!important;background:#ffffff!important}\n.rt-table tr td:last-child{border-bottom:0!important}\n.rt-table td::before{content:attr(data-label);font-size:12px;font-weight:700;letter-spacing:.04em;\ntext-transform:uppercase;color:#5799F1}\n.rt-table td:not([data-label])::before,.rt-table td[data-label=\"\"]::before{display:none}\n}\n<\/style>\n<div class=\"rt-table-wrap\" style=\"overflow-x:auto;-webkit-overflow-scrolling:touch;margin:28px 0;border:1px solid #dbe4f0;border-radius:12px\">\n  <table class=\"rt-table\" style=\"width:100%;min-width:660px;table-layout:fixed;border-collapse:separate;border-spacing:0;font-size:15px;margin:0\">\n    <caption style=\"caption-side:top;text-align:left;color:#003366;font-weight:700;font-size:16px;line-height:1.35;padding:14px 16px 10px;background:#ffffff\">Wo am Hinterkopf das Haar fehlt, sagt viel \u00fcber die Ursache<\/caption>\n    <thead>\n      <tr>\n        <th style=\"width:22%;background:#003366;color:#ffffff;font-weight:700;text-align:left;vertical-align:middle;padding:13px 16px;font-size:15px;line-height:1.4;border:0;overflow-wrap:break-word\">Zone am Hinterkopf<\/th>\n        <th style=\"background:#003366;color:#ffffff;font-weight:700;text-align:left;vertical-align:middle;padding:13px 16px;font-size:15px;line-height:1.4;border:0;overflow-wrap:break-word\">Was Sie sehen<\/th>\n        <th style=\"background:#003366;color:#ffffff;font-weight:700;text-align:left;vertical-align:middle;padding:13px 16px;font-size:15px;line-height:1.4;border:0;overflow-wrap:break-word\">H\u00e4ufigste Erkl\u00e4rung<\/th>\n        <th style=\"background:#003366;color:#ffffff;font-weight:700;text-align:left;vertical-align:middle;padding:13px 16px;font-size:15px;line-height:1.4;border:0;overflow-wrap:break-word\">N\u00e4chster Schritt<\/th>\n      <\/tr>\n    <\/thead>\n    <tbody>\n      <tr>\n        <td data-label=\"Zone am Hinterkopf\" style=\"background:#ffffff;color:#003366;font-weight:700;text-align:left;vertical-align:top;padding:13px 16px;font-size:15px;line-height:1.55;border:0;border-bottom:1px solid #e3e8ef;overflow-wrap:break-word\">Vertex und Wirbelbereich (oberer Hinterkopf)<\/td>\n        <td data-label=\"Was Sie sehen\" style=\"background:#ffffff;color:#22303e;font-weight:400;text-align:left;vertical-align:top;padding:13px 16px;font-size:15px;line-height:1.55;border:0;border-bottom:1px solid #e3e8ef;overflow-wrap:break-word\">Kopfhaut scheint um den Wirbel durch, die Fl\u00e4che w\u00e4chst langsam \u00fcber Monate, kurze feine Haare dazwischen<\/td>\n        <td data-label=\"H\u00e4ufigste Erkl\u00e4rung\" style=\"background:#ffffff;color:#22303e;font-weight:400;text-align:left;vertical-align:top;padding:13px 16px;font-size:15px;line-height:1.55;border:0;border-bottom:1px solid #e3e8ef;overflow-wrap:break-word\">Androgenetische Alopezie, Vertex-Typ (Norwood II bis V)<\/td>\n        <td data-label=\"N\u00e4chster Schritt\" style=\"background:#ffffff;color:#22303e;font-weight:400;text-align:left;vertical-align:top;padding:13px 16px;font-size:15px;line-height:1.55;border:0;border-bottom:1px solid #e3e8ef;overflow-wrap:break-word\">Norwood-Stadium einordnen, Verlauf fotografisch dokumentieren, konservative Therapie pr\u00fcfen<\/td>\n      <\/tr>\n      <tr>\n        <td data-label=\"Zone am Hinterkopf\" style=\"background:#f6f9fc;color:#003366;font-weight:700;text-align:left;vertical-align:top;padding:13px 16px;font-size:15px;line-height:1.55;border:0;border-bottom:1px solid #e3e8ef;overflow-wrap:break-word\">\u00dcbergang Vertex zu Oberkopf<\/td>\n        <td data-label=\"Was Sie sehen\" style=\"background:#f6f9fc;color:#22303e;font-weight:400;text-align:left;vertical-align:top;padding:13px 16px;font-size:15px;line-height:1.55;border:0;border-bottom:1px solid #e3e8ef;overflow-wrap:break-word\">Lichter Streifen, der Wirbel und Scheitelregion verbindet<\/td>\n        <td data-label=\"H\u00e4ufigste Erkl\u00e4rung\" style=\"background:#f6f9fc;color:#22303e;font-weight:400;text-align:left;vertical-align:top;padding:13px 16px;font-size:15px;line-height:1.55;border:0;border-bottom:1px solid #e3e8ef;overflow-wrap:break-word\">Fortschreitende androgenetische Alopezie<\/td>\n        <td data-label=\"N\u00e4chster Schritt\" style=\"background:#f6f9fc;color:#22303e;font-weight:400;text-align:left;vertical-align:top;padding:13px 16px;font-size:15px;line-height:1.55;border:0;border-bottom:1px solid #e3e8ef;overflow-wrap:break-word\">\u00c4rztliche Abkl\u00e4rung, Stabilisierung vor jeder weiteren Planung<\/td>\n      <\/tr>\n      <tr>\n        <td data-label=\"Zone am Hinterkopf\" style=\"background:#ffffff;color:#003366;font-weight:700;text-align:left;vertical-align:top;padding:13px 16px;font-size:15px;line-height:1.55;border:0;border-bottom:1px solid #e3e8ef;overflow-wrap:break-word\">Occipitale Zone und Haarkranz (mittlerer Hinterkopf)<\/td>\n        <td data-label=\"Was Sie sehen\" style=\"background:#ffffff;color:#22303e;font-weight:400;text-align:left;vertical-align:top;padding:13px 16px;font-size:15px;line-height:1.55;border:0;border-bottom:1px solid #e3e8ef;overflow-wrap:break-word\">Umschriebene, scharf begrenzte runde kahle Stelle mit glatter Haut<\/td>\n        <td data-label=\"H\u00e4ufigste Erkl\u00e4rung\" style=\"background:#ffffff;color:#22303e;font-weight:400;text-align:left;vertical-align:top;padding:13px 16px;font-size:15px;line-height:1.55;border:0;border-bottom:1px solid #e3e8ef;overflow-wrap:break-word\">Kreisrunder Haarausfall, erblicher Haarausfall hier untypisch (DHT-resistente Zone)<\/td>\n        <td data-label=\"N\u00e4chster Schritt\" style=\"background:#ffffff;color:#22303e;font-weight:400;text-align:left;vertical-align:top;padding:13px 16px;font-size:15px;line-height:1.55;border:0;border-bottom:1px solid #e3e8ef;overflow-wrap:break-word\">Zeitnah in eine dermatologische Praxis<\/td>\n      <\/tr>\n      <tr>\n        <td data-label=\"Zone am Hinterkopf\" style=\"background:#f6f9fc;color:#003366;font-weight:700;text-align:left;vertical-align:top;padding:13px 16px;font-size:15px;line-height:1.55;border:0;border-bottom:1px solid #e3e8ef;overflow-wrap:break-word\">Unterer Haaransatz, bandf\u00f6rmig von Ohr zu Ohr<\/td>\n        <td data-label=\"Was Sie sehen\" style=\"background:#f6f9fc;color:#22303e;font-weight:400;text-align:left;vertical-align:top;padding:13px 16px;font-size:15px;line-height:1.55;border:0;border-bottom:1px solid #e3e8ef;overflow-wrap:break-word\">Streifenf\u00f6rmiger Verlust entlang des unteren Haaransatzes \u00fcber den Nacken<\/td>\n        <td data-label=\"H\u00e4ufigste Erkl\u00e4rung\" style=\"background:#f6f9fc;color:#22303e;font-weight:400;text-align:left;vertical-align:top;padding:13px 16px;font-size:15px;line-height:1.55;border:0;border-bottom:1px solid #e3e8ef;overflow-wrap:break-word\">Ophiasis-Typ des kreisrunden Haarausfalls<\/td>\n        <td data-label=\"N\u00e4chster Schritt\" style=\"background:#f6f9fc;color:#22303e;font-weight:400;text-align:left;vertical-align:top;padding:13px 16px;font-size:15px;line-height:1.55;border:0;border-bottom:1px solid #e3e8ef;overflow-wrap:break-word\">Zeitnah in eine dermatologische Praxis, Prognose ung\u00fcnstiger<\/td>\n      <\/tr>\n      <tr>\n        <td data-label=\"Zone am Hinterkopf\" style=\"background:#ffffff;color:#003366;font-weight:700;text-align:left;vertical-align:top;padding:13px 16px;font-size:15px;line-height:1.55;border:0;border-bottom:1px solid #e3e8ef;overflow-wrap:break-word\">Nacken und Auflagepunkte (Kissen, Kopfst\u00fctze, Helm, Kragen)<\/td>\n        <td data-label=\"Was Sie sehen\" style=\"background:#ffffff;color:#22303e;font-weight:400;text-align:left;vertical-align:top;padding:13px 16px;font-size:15px;line-height:1.55;border:0;border-bottom:1px solid #e3e8ef;overflow-wrap:break-word\">Diffuse Ausd\u00fcnnung oder abgebrochene Haare an einer Reibefl\u00e4che<\/td>\n        <td data-label=\"H\u00e4ufigste Erkl\u00e4rung\" style=\"background:#ffffff;color:#22303e;font-weight:400;text-align:left;vertical-align:top;padding:13px 16px;font-size:15px;line-height:1.55;border:0;border-bottom:1px solid #e3e8ef;overflow-wrap:break-word\">Friktions- oder Druckalopezie<\/td>\n        <td data-label=\"N\u00e4chster Schritt\" style=\"background:#ffffff;color:#22303e;font-weight:400;text-align:left;vertical-align:top;padding:13px 16px;font-size:15px;line-height:1.55;border:0;border-bottom:1px solid #e3e8ef;overflow-wrap:break-word\">Ausl\u00f6ser entfernen und drei Monate beobachten<\/td>\n      <\/tr>\n      <tr>\n        <td data-label=\"Zone am Hinterkopf\" style=\"background:#f6f9fc;color:#003366;font-weight:700;text-align:left;vertical-align:top;padding:13px 16px;font-size:15px;line-height:1.55;border:0;border-bottom:1px solid #e3e8ef;overflow-wrap:break-word\">Zuglinien (Zopf, Dutt, Extensions, Turban)<\/td>\n        <td data-label=\"Was Sie sehen\" style=\"background:#f6f9fc;color:#22303e;font-weight:400;text-align:left;vertical-align:top;padding:13px 16px;font-size:15px;line-height:1.55;border:0;border-bottom:1px solid #e3e8ef;overflow-wrap:break-word\">Ausd\u00fcnnung entlang der Zuglinie, oft symmetrisch<\/td>\n        <td data-label=\"H\u00e4ufigste Erkl\u00e4rung\" style=\"background:#f6f9fc;color:#22303e;font-weight:400;text-align:left;vertical-align:top;padding:13px 16px;font-size:15px;line-height:1.55;border:0;border-bottom:1px solid #e3e8ef;overflow-wrap:break-word\">Traktionsalopezie<\/td>\n        <td data-label=\"N\u00e4chster Schritt\" style=\"background:#f6f9fc;color:#22303e;font-weight:400;text-align:left;vertical-align:top;padding:13px 16px;font-size:15px;line-height:1.55;border:0;border-bottom:1px solid #e3e8ef;overflow-wrap:break-word\">Zug beenden, fr\u00fch reversibel, sp\u00e4t narbig<\/td>\n      <\/tr>\n      <tr>\n        <td data-label=\"Zone am Hinterkopf\" style=\"background:#ffffff;color:#003366;font-weight:700;text-align:left;vertical-align:top;padding:13px 16px;font-size:15px;line-height:1.55;border:0;overflow-wrap:break-word\">Jede Zone mit R\u00f6tung, Schuppung, Pusteln, Schmerz oder gl\u00e4nzend glatter Haut<\/td>\n        <td data-label=\"Was Sie sehen\" style=\"background:#ffffff;color:#22303e;font-weight:400;text-align:left;vertical-align:top;padding:13px 16px;font-size:15px;line-height:1.55;border:0;overflow-wrap:break-word\">Entz\u00fcndungszeichen oder fehlende Haarporen<\/td>\n        <td data-label=\"H\u00e4ufigste Erkl\u00e4rung\" style=\"background:#ffffff;color:#22303e;font-weight:400;text-align:left;vertical-align:top;padding:13px 16px;font-size:15px;line-height:1.55;border:0;overflow-wrap:break-word\">Entz\u00fcndliche oder narbige Alopezie<\/td>\n        <td data-label=\"N\u00e4chster Schritt\" style=\"background:#ffffff;color:#22303e;font-weight:400;text-align:left;vertical-align:top;padding:13px 16px;font-size:15px;line-height:1.55;border:0;overflow-wrap:break-word\">Nicht abwarten, \u00e4rztlich kl\u00e4ren lassen<\/td>\n      <\/tr>\n    <\/tbody>\n  <\/table>\n<\/div>\n\n\n\n<div style=\"border:1px solid #e3e8ef;border-left:5px solid #013366;border-radius:10px;padding:18px 20px;margin:8px 0 28px\">\n<p style=\"margin:0 0 8px;color:#013366;font-weight:700;font-size:16px\">Einordnung aus der Beratungspraxis<\/p>\n<p style=\"margin:0;color:#2e3033;font-size:15px;line-height:1.65\">Wenn uns Betroffene Fotos vom unteren Hinterkopf oder vom Nacken schicken, ist die Erkl\u00e4rung in den meisten F\u00e4llen nicht der erbliche Haarausfall, sondern eine scharf begrenzte Stelle, eine Zuglinie oder eine Reibefl\u00e4che. Umgekehrt gilt: Fotos vom Wirbel zeigen sehr oft ein fr\u00fches Vertex-Stadium, das der Betroffene selbst noch f\u00fcr einen \u201ekr\u00e4ftigen Wirbel&#8220; h\u00e4lt. Deshalb steht am Anfang immer die Frage nach der Zone und nicht die Frage nach der Behandlung.<\/p>\n<\/div>\n\n\n\n<h2 class=\"wp-block-heading\">Wirbel oder schon lichte Stelle? Der Selbstcheck am Hinterkopf<\/h2>\n\n\n\n<p class=\"wp-block-paragraph\">Ein Wirbel am Hinterkopf ist ein nat\u00fcrliches Wachstumsmuster und wird nie kahl, eine beginnende Tonsur dagegen breitet sich vom Wirbel nach au\u00dfen aus. Der Unterschied liegt nicht in der Gr\u00f6\u00dfe der offenen Stelle, sondern in der Haardichte am Rand, im Haarkaliber und im Verlauf \u00fcber Monate. Das trichoskopische Kernkriterium des erblichen Haarausfalls ist die <strong>Anisotrichose<\/strong>, also eine Haarschaftdurchmesser-Variabilit\u00e4t von mindestens 20 % beim Mann und 10 % bei der Frau.<sup>[5]<\/sup><\/p>\n\n\n\n<h3 class=\"wp-block-heading\">Wie unterscheide ich einen Wirbel von Haarausfall?<\/h3>\n\n\n\n<p class=\"wp-block-paragraph\"><strong>Ein normaler Wirbel beh\u00e4lt bis unmittelbar an den Strudel eine gleichbleibend hohe Dichte, eine beginnende Tonsur d\u00fcnnt zum Rand hin aus und zeigt Miniaturisierung, also kurze feine Haare zwischen den kr\u00e4ftigen.<\/strong> Vier Merkmale trennen beides zuverl\u00e4ssig:<\/p>\n\n\n\n<ul class=\"wp-block-list\">\n<li><strong>Rand:<\/strong> Beim Wirbel bleibt die Dichte bis unmittelbar an den Strudel hoch, bei der Tonsur nimmt sie zum Rand hin ab.<\/li>\n\n\n<li><strong>Haarkaliber:<\/strong> Beim Wirbel sind alle Haare \u00e4hnlich kr\u00e4ftig, bei der Tonsur stehen kurze, feine Haare zwischen den dicken (Miniaturisierung).<\/li>\n\n\n<li><strong>Form:<\/strong> Der Wirbel ist ein Strudel mit klarer Wuchsrichtung, die Tonsur eine rundliche Fl\u00e4che, die nach au\u00dfen w\u00e4chst.<\/li>\n\n\n<li><strong>Verlauf:<\/strong> Der Wirbel sieht in drei bis sechs Monaten gleich aus, die Tonsur messbar gr\u00f6\u00dfer.<\/li>\n\n<\/ul>\n\n\n\n<p class=\"wp-block-paragraph\">Diese vier Merkmale sind auch das, was in der dermatologischen Trichoskopie gemessen wird: In der systematischen \u00dcbersicht \u201eTrichoscopy of Androgenetic Alopecia&#8220; war eine Haardurchmesser-Variabilit\u00e4t bei 94 % der Patienten mit androgenetischer Alopezie nachweisbar, Vellushaare bei 66 %.<sup>[5]<\/sup> Der Selbstcheck ersetzt keine Trichoskopie. Er entscheidet nur, ob Sie in Ruhe beobachten oder einen Termin machen.<\/p>\n\n\n<div class=\"wp-block-image\">\n<figure class=\"aligncenter size-large is-resized\" style=\"max-width:560px;margin-left:auto;margin-right:auto\"><img decoding=\"async\" src=\"https:\/\/elithair.com\/de\/wp-content\/uploads\/sites\/2\/2026\/08\/wirbel_vs_tonsur.png\" alt=\"Vergleich zweier Kopfhautausschnitte von oben: gleichm\u00e4\u00dfig dichter Wirbel links, ausd\u00fcnnende Tonsur mit feinen Haaren rechts\" class=\"wp-image-107065\" style=\"width:560px;max-width:100%;height:auto\"\/><\/figure>\n<\/div>\n\n\n<style>\n@media (max-width:640px){\n.rt-table-wrap{overflow-x:visible!important;border:0!important;border-radius:0!important}\n.rt-table{min-width:0!important}\n.rt-table thead{display:none}\n.rt-table,.rt-table tbody,.rt-table tr,.rt-table td{display:block;width:100%}\n.rt-table caption{display:block;padding:0 0 12px!important}\n.rt-table tr{margin:0 0 12px;border:1px solid #dbe4f0;border-radius:10px;overflow:hidden}\n.rt-table tr:last-child{margin-bottom:0}\n.rt-table td{display:flex!important;flex-direction:column;gap:3px;padding:12px 14px!important;\nborder:0!important;border-bottom:1px solid #e3e8ef!important;background:#ffffff!important}\n.rt-table tr td:last-child{border-bottom:0!important}\n.rt-table td::before{content:attr(data-label);font-size:12px;font-weight:700;letter-spacing:.04em;\ntext-transform:uppercase;color:#5799F1}\n.rt-table td:not([data-label])::before,.rt-table td[data-label=\"\"]::before{display:none}\n}\n<\/style>\n<div class=\"rt-table-wrap\" style=\"overflow-x:auto;-webkit-overflow-scrolling:touch;margin:28px 0;border:1px solid #dbe4f0;border-radius:12px\">\n  <table class=\"rt-table\" style=\"width:100%;min-width:620px;table-layout:fixed;border-collapse:separate;border-spacing:0;font-size:15px;margin:0\">\n    <caption style=\"caption-side:top;text-align:left;color:#003366;font-weight:700;font-size:16px;line-height:1.35;padding:14px 16px 10px;background:#ffffff\">Selbstcheck: normaler Wirbel oder beginnende Tonsur am Hinterkopf?<\/caption>\n    <thead>\n      <tr>\n        <th style=\"width:22%;background:#003366;color:#ffffff;font-weight:700;text-align:left;vertical-align:middle;padding:13px 16px;font-size:15px;line-height:1.4;border:0;overflow-wrap:break-word\">Merkmal<\/th>\n        <th style=\"background:#003366;color:#ffffff;font-weight:700;text-align:left;vertical-align:middle;padding:13px 16px;font-size:15px;line-height:1.4;border:0;overflow-wrap:break-word\">Normaler Wirbel<\/th>\n        <th style=\"background:#003366;color:#ffffff;font-weight:700;text-align:left;vertical-align:middle;padding:13px 16px;font-size:15px;line-height:1.4;border:0;overflow-wrap:break-word\">Beginnende Tonsur<\/th>\n      <\/tr>\n    <\/thead>\n    <tbody>\n      <tr>\n        <td data-label=\"Merkmal\" style=\"background:#ffffff;color:#003366;font-weight:700;text-align:left;vertical-align:top;padding:13px 16px;font-size:15px;line-height:1.55;border:0;border-bottom:1px solid #e3e8ef;overflow-wrap:break-word\">Dichte am Rand der offenen Stelle<\/td>\n        <td data-label=\"Normaler Wirbel\" style=\"background:#ffffff;color:#22303e;font-weight:400;text-align:left;vertical-align:top;padding:13px 16px;font-size:15px;line-height:1.55;border:0;border-bottom:1px solid #e3e8ef;overflow-wrap:break-word\">Bleibt bis unmittelbar an den Strudel hoch<\/td>\n        <td data-label=\"Beginnende Tonsur\" style=\"background:#ffffff;color:#22303e;font-weight:400;text-align:left;vertical-align:top;padding:13px 16px;font-size:15px;line-height:1.55;border:0;border-bottom:1px solid #e3e8ef;overflow-wrap:break-word\">Nimmt zum Rand hin ab, weicher \u00dcbergang<\/td>\n      <\/tr>\n      <tr>\n        <td data-label=\"Merkmal\" style=\"background:#f6f9fc;color:#003366;font-weight:700;text-align:left;vertical-align:top;padding:13px 16px;font-size:15px;line-height:1.55;border:0;border-bottom:1px solid #e3e8ef;overflow-wrap:break-word\">Haardicke im Areal<\/td>\n        <td data-label=\"Normaler Wirbel\" style=\"background:#f6f9fc;color:#22303e;font-weight:400;text-align:left;vertical-align:top;padding:13px 16px;font-size:15px;line-height:1.55;border:0;border-bottom:1px solid #e3e8ef;overflow-wrap:break-word\">Gleichm\u00e4\u00dfig kr\u00e4ftig<\/td>\n        <td data-label=\"Beginnende Tonsur\" style=\"background:#f6f9fc;color:#22303e;font-weight:400;text-align:left;vertical-align:top;padding:13px 16px;font-size:15px;line-height:1.55;border:0;border-bottom:1px solid #e3e8ef;overflow-wrap:break-word\">Dicke und d\u00fcnne Haare gemischt, viele kurze feine Haare<\/td>\n      <\/tr>\n      <tr>\n        <td data-label=\"Merkmal\" style=\"background:#ffffff;color:#003366;font-weight:700;text-align:left;vertical-align:top;padding:13px 16px;font-size:15px;line-height:1.55;border:0;border-bottom:1px solid #e3e8ef;overflow-wrap:break-word\">Form<\/td>\n        <td data-label=\"Normaler Wirbel\" style=\"background:#ffffff;color:#22303e;font-weight:400;text-align:left;vertical-align:top;padding:13px 16px;font-size:15px;line-height:1.55;border:0;border-bottom:1px solid #e3e8ef;overflow-wrap:break-word\">Strudel mit erkennbarer Wuchsrichtung<\/td>\n        <td data-label=\"Beginnende Tonsur\" style=\"background:#ffffff;color:#22303e;font-weight:400;text-align:left;vertical-align:top;padding:13px 16px;font-size:15px;line-height:1.55;border:0;border-bottom:1px solid #e3e8ef;overflow-wrap:break-word\">Rundliche Fl\u00e4che, w\u00e4chst nach au\u00dfen<\/td>\n      <\/tr>\n      <tr>\n        <td data-label=\"Merkmal\" style=\"background:#f6f9fc;color:#003366;font-weight:700;text-align:left;vertical-align:top;padding:13px 16px;font-size:15px;line-height:1.55;border:0;border-bottom:1px solid #e3e8ef;overflow-wrap:break-word\">Verlauf \u00fcber 3 bis 6 Monate<\/td>\n        <td data-label=\"Normaler Wirbel\" style=\"background:#f6f9fc;color:#22303e;font-weight:400;text-align:left;vertical-align:top;padding:13px 16px;font-size:15px;line-height:1.55;border:0;border-bottom:1px solid #e3e8ef;overflow-wrap:break-word\">Unver\u00e4ndert<\/td>\n        <td data-label=\"Beginnende Tonsur\" style=\"background:#f6f9fc;color:#22303e;font-weight:400;text-align:left;vertical-align:top;padding:13px 16px;font-size:15px;line-height:1.55;border:0;border-bottom:1px solid #e3e8ef;overflow-wrap:break-word\">Fl\u00e4che messbar gr\u00f6\u00dfer, Kopfhaut deutlicher sichtbar<\/td>\n      <\/tr>\n      <tr>\n        <td data-label=\"Merkmal\" style=\"background:#ffffff;color:#003366;font-weight:700;text-align:left;vertical-align:top;padding:13px 16px;font-size:15px;line-height:1.55;border:0;border-bottom:1px solid #e3e8ef;overflow-wrap:break-word\">Verhalten bei nassem Haar<\/td>\n        <td data-label=\"Normaler Wirbel\" style=\"background:#ffffff;color:#22303e;font-weight:400;text-align:left;vertical-align:top;padding:13px 16px;font-size:15px;line-height:1.55;border:0;border-bottom:1px solid #e3e8ef;overflow-wrap:break-word\">Sieht nass offener aus, trocken wieder normal<\/td>\n        <td data-label=\"Beginnende Tonsur\" style=\"background:#ffffff;color:#22303e;font-weight:400;text-align:left;vertical-align:top;padding:13px 16px;font-size:15px;line-height:1.55;border:0;border-bottom:1px solid #e3e8ef;overflow-wrap:break-word\">Auch trocken und ungestylt sichtbar<\/td>\n      <\/tr>\n      <tr>\n        <td data-label=\"Merkmal\" style=\"background:#f6f9fc;color:#003366;font-weight:700;text-align:left;vertical-align:top;padding:13px 16px;font-size:15px;line-height:1.55;border:0;border-bottom:1px solid #e3e8ef;overflow-wrap:break-word\">Andere Stellen am Kopf<\/td>\n        <td data-label=\"Normaler Wirbel\" style=\"background:#f6f9fc;color:#22303e;font-weight:400;text-align:left;vertical-align:top;padding:13px 16px;font-size:15px;line-height:1.55;border:0;border-bottom:1px solid #e3e8ef;overflow-wrap:break-word\">Haarlinie und Schl\u00e4fen unver\u00e4ndert<\/td>\n        <td data-label=\"Beginnende Tonsur\" style=\"background:#f6f9fc;color:#22303e;font-weight:400;text-align:left;vertical-align:top;padding:13px 16px;font-size:15px;line-height:1.55;border:0;border-bottom:1px solid #e3e8ef;overflow-wrap:break-word\">Oft zus\u00e4tzlich Geheimratsecken<\/td>\n      <\/tr>\n      <tr>\n        <td data-label=\"Merkmal\" style=\"background:#ffffff;color:#003366;font-weight:700;text-align:left;vertical-align:top;padding:13px 16px;font-size:15px;line-height:1.55;border:0;overflow-wrap:break-word\">Was jetzt zu tun ist<\/td>\n        <td data-label=\"Normaler Wirbel\" style=\"background:#ffffff;color:#22303e;font-weight:400;text-align:left;vertical-align:top;padding:13px 16px;font-size:15px;line-height:1.55;border:0;overflow-wrap:break-word\">Foto-Protokoll anlegen und in 3 Monaten vergleichen<\/td>\n        <td data-label=\"Beginnende Tonsur\" style=\"background:#ffffff;color:#22303e;font-weight:400;text-align:left;vertical-align:top;padding:13px 16px;font-size:15px;line-height:1.55;border:0;overflow-wrap:break-word\">Termin in einer dermatologischen Praxis, Stadium bestimmen<\/td>\n      <\/tr>\n    <\/tbody>\n  <\/table>\n<\/div>\n\n\n\n<div style=\"border:1px solid #e3e8ef;border-radius:10px;padding:20px 22px;margin:8px 0 28px\">\n<p style=\"margin:0 0 12px;color:#013366;font-weight:700;font-size:17px\">Foto-Protokoll f\u00fcr den Hinterkopf<\/p>\n<ul style=\"margin:0;padding-left:20px;color:#2e3033;font-size:15px;line-height:1.8\">\n<li>Tageslicht am Fenster, kein Deckenlicht von oben<\/li>\n<li>Haar trocken, ungestylt, gescheitelt wie immer<\/li>\n<li>Kamera von hinten oben, immer derselbe Abstand und Winkel<\/li>\n<li>Immer dieselbe Tageszeit und Lichtsituation<\/li>\n<li>Aufnahmen jetzt, in 3 und in 6 Monaten, Dateiname mit Datum<\/li>\n<li>Zum Vergleich beide Bilder nebeneinander legen, nicht aus der Erinnerung urteilen<\/li>\n<\/ul>\n<p style=\"margin:12px 0 0;color:#5b6169;font-size:13.5px;font-style:italic\">Das Protokoll ist eine Orientierung f\u00fcr das Arztgespr\u00e4ch und ersetzt keine \u00e4rztliche Diagnose.<\/p>\n<\/div>\n\n\n<div class=\"wp-block-image\">\n<figure class=\"aligncenter size-large is-resized\" style=\"max-width:560px;margin-left:auto;margin-right:auto\"><img decoding=\"async\" src=\"https:\/\/elithair.com\/de\/wp-content\/uploads\/sites\/2\/2026\/08\/foto_protokoll_hinterkopf.png\" alt=\"Illustration des Foto-Protokolls: Person fotografiert den eigenen Hinterkopf am Fenster, daneben eine angedeutete Bildreihe\" class=\"wp-image-107068\" style=\"width:560px;max-width:100%;height:auto\"\/><\/figure>\n<\/div>\n\n\n<h3 class=\"wp-block-heading\">Die drei h\u00e4ufigsten Fehlalarme am Wirbel<\/h3>\n\n\n\n<p class=\"wp-block-paragraph\">Die meisten Fehlalarme am Hinterkopf entstehen durch Licht, Styling und Wuchsmuster. F\u00fcr diese drei Punkte gibt es keine Studien, sie sind Alltagserfahrung aus der Beratung, aber sie erkl\u00e4ren einen gro\u00dfen Teil der Sorgen. Erstens verkleben nasses Haar, Gel und Wachs die Haare am Wirbel, jede Kopfhaut scheint dann durch. Zweitens wirft Deckenlicht von oben Schatten in den Strudel. Drittens ist ein <strong>Doppelwirbel<\/strong> ein Wuchsmuster und kein Haarausfall, er sieht nur unruhiger aus.<\/p>\n\n\n\n<p class=\"wp-block-paragraph\">Zwei weitere Punkte geh\u00f6ren hierher, weil sie oft verwechselt werden. Ein <strong>Sonnenbrand am Wirbel<\/strong> ist umgekehrt ein ernst zu nehmender Hinweis: Wo weniger Haar steht, fehlt UV-Schutz, das spricht f\u00fcr eine tats\u00e4chlich verringerte Dichte. Und <strong>Schlafen auf dem R\u00fccken<\/strong> verursacht keinen Haarausfall. Eine echte Druckalopezie ist in der Fachliteratur nach stundenlanger Immobilit\u00e4t beschrieben, etwa nach langen Operationen, nicht nach einer normalen Nacht.<\/p>\n\n\n\n<h3 class=\"wp-block-heading\">Wie schnell entwickelt sich eine Tonsur am Hinterkopf?<\/h3>\n\n\n\n<p class=\"wp-block-paragraph\">Eine Tonsur am Hinterkopf entwickelt sich individuell und meist \u00fcber Jahre, nicht \u00fcber Wochen. Eine feste Geschwindigkeit gibt es nicht, gut belegt ist nur die Richtung: In einer australischen Kohorte stieg der Anteil der M\u00e4nner mit Vertex- oder Vollglatzen-Typ von 31 % bei den 40- bis 55-J\u00e4hrigen auf 53 % bei den 65- bis 69-J\u00e4hrigen.<sup>[2]<\/sup> Der erbliche Haarausfall arbeitet also schubweise \u00fcber Jahrzehnte.<\/p>\n\n\n\n<p class=\"wp-block-paragraph\">F\u00fcr Ihre Entscheidung ist die eigene Geschwindigkeit wichtiger als jeder Durchschnitt. W\u00e4chst die Fl\u00e4che zwischen zwei Fotos im Abstand von sechs Monaten sichtbar, gilt der Verlauf als aktiv, und dann ist eine \u00e4rztliche Einordnung sinnvoll, bevor Sie \u00fcber eine Transplantation nachdenken. Bleibt das Bild \u00fcber ein Jahr gleich, spricht das f\u00fcr einen langsamen oder stabilisierten Verlauf. Genau deshalb ist das Foto-Protokoll mehr als eine Beruhigungs\u00fcbung: Es liefert die einzige Verlaufskurve, die Sie selbst erheben k\u00f6nnen.<\/p>\n\n\n\n<h2 class=\"wp-block-heading\" id=\"ursachen\">Ursachen f\u00fcr Haarausfall am Hinterkopf<\/h2>\n\n\n\n<p class=\"wp-block-paragraph\"><strong>Die h\u00e4ufigste Ursache f\u00fcr Haarausfall am Hinterkopf ist die androgenetische Alopezie am Vertex, also die genetische Veranlagung rund um den Wirbel.<\/strong> Daneben kommen hormonelle, stoffwechselbedingte und mechanische Ausl\u00f6ser infrage, die sich in Muster und Verlauf unterscheiden. Zu den h\u00e4ufigsten Ursachen z\u00e4hlen:<\/p>\n\n\n\n<ul class=\"wp-block-list\">\n<li><strong>Genetische Veranlagung:<\/strong> Beim erblich bedingten Haarausfall (androgenetische Alopezie) reagieren die Haarwurzeln an den Schl\u00e4fen, im Stirnbereich und am Vertex, dem oberen Hinterkopf um den Wirbel, besonders empfindlich auf das Hormon DHT. Der untere Hinterkopf und der Nacken bleiben davon in der Regel verschont, sie sind DHT-resistent.<sup>[4]<\/sup><\/li>\n\n\n<li><strong>Hormonelle Ver\u00e4nderungen:<\/strong> Ein hormonelles Ungleichgewicht oder eine erh\u00f6hte Empfindlichkeit gegen\u00fcber DHT kann den Haarzyklus st\u00f6ren und den Haarverlust in den typischen Arealen beschleunigen.<\/li>\n\n\n<li><strong>Stress:<\/strong> Anhaltender k\u00f6rperlicher oder psychischer Stress kann den Haarzyklus verschieben. Der daraus resultierende Haarverlust tritt zeitverz\u00f6gert auf, typischerweise zwei bis drei Monate nach dem Ausl\u00f6ser.<\/li>\n\n\n<li><strong>N\u00e4hrstoffmangel:<\/strong> Fehlen dem K\u00f6rper Eisen, Vitamin D, Zink oder Eiwei\u00df, kann die Versorgung der Haarwurzeln leiden. Dieser Haarausfall ist allerdings diffus \u00fcber den ganzen Kopf verteilt und nicht auf den Hinterkopf begrenzt.<\/li>\n\n\n<li><strong>Erkrankungen:<\/strong> Schilddr\u00fcsenst\u00f6rungen, Autoimmunerkrankungen und Hauterkrankungen k\u00f6nnen den Haarwachstumszyklus ver\u00e4ndern und Haarausfall beg\u00fcnstigen.<\/li>\n\n\n<li><strong>Medikamente:<\/strong> Bestimmte Arzneimittel k\u00f6nnen als Nebenwirkung Haarausfall verursachen, der sich unter anderem am Hinterkopf bemerkbar macht.<\/li>\n\n<\/ul>\n\n\n\n<p class=\"wp-block-paragraph\">Um die genaue Ursache zu bestimmen, sind eine \u00e4rztliche Untersuchung von Kopfhaut und Haarwurzeln sowie gegebenenfalls Blutuntersuchungen sinnvoll. Die gezielte Behandlung der Ursache ist entscheidend, auch dann, wenn der Haarverlust in diesem Bereich bereits fortgeschritten ist.<\/p>\n\n\n\n<h3 class=\"wp-block-heading\">Ursachen, die typisch am unteren Hinterkopf und im Nacken auftreten<\/h3>\n\n\n\n<p class=\"wp-block-paragraph\"><strong>Am unteren Hinterkopf und im Nacken sind andere Ursachen f\u00fchrend als am Vertex, weil diese Zone gegen\u00fcber DHT resistent ist.<\/strong> Kurz die Gruppe, die Sie kennen sollten, wenn die Stelle nicht am Wirbel liegt:<\/p>\n\n\n\n<ul class=\"wp-block-list\">\n<li><strong>Kreisrunder Haarausfall (Alopecia areata):<\/strong> scharf begrenzte, glatte runde Herde mit Ausrufezeichenhaaren am Rand. Der bandf\u00f6rmige <strong>Ophiasis-Typ<\/strong> am unteren Haaransatz hat eine Pr\u00e4valenz von rund 0,02 % und gilt als prognostisch ung\u00fcnstiger (Lintzeri et al., JDDG 2022).<sup>[6]<\/sup><\/li>\n\n\n<li><strong>Traktionsalopezie:<\/strong> Zug durch Zopf, Dutt, Cornrows oder Extensions, fr\u00fch vollst\u00e4ndig reversibel, nach Jahren narbig.<sup>[8]<\/sup><\/li>\n\n\n<li><strong>Friktions- und Druckalopezie:<\/strong> Reibung an Kissen, Kopfst\u00fctze, Helm oder Kragen.<\/li>\n\n\n<li><strong>Entz\u00fcndliche und narbige Ursachen:<\/strong> f\u00fchrend am Nacken die <strong>Acne keloidalis nuchae<\/strong> (StatPearls),<sup>[9]<\/sup> dazu Folliculitis decalvans, gew\u00f6hnliche <a href=\"\/de\/blog-haartransplantation\/haarwurzelentzuendung\/\">Haarwurzelentz\u00fcndung<\/a> und Tinea capitis bei Kindern.<\/li>\n\n\n<li><strong>Trichotillomanie:<\/strong> mechanisches Ausrei\u00dfen mit ungleichen Haarl\u00e4ngen im Herd.<\/li>\n\n\n<li><strong>Diffuse Formen:<\/strong> ein telogenes Effluvium nach Infekt, Operation, Di\u00e4t, Eisenmangel oder Schilddr\u00fcsenst\u00f6rung betrifft den ganzen Kopf, f\u00e4llt aber am Wirbel zuerst auf (<a href=\"\/de\/blog-haartransplantation\/ursachen-von-haarausfall\/\">\u00dcbersicht aller Ursachen<\/a>).<\/li>\n\n<\/ul>\n\n\n\n<p class=\"wp-block-paragraph\">R\u00f6tung, Schuppung, Pusteln, Juckreiz oder Schmerz sind bei allen entz\u00fcndlichen Formen die Alarmzeichen, denn nach der Vernarbung ist der Follikel verloren und aktive narbige Alopezien sind eine klare Gegenanzeige f\u00fcr eine Haartransplantation.<sup>[9]<\/sup> Was gegen welche Form hilft und wie lange es dauert, steht geb\u00fcndelt in der Tabelle <a href=\"#behandlungstabelle\">Ursache, Behandlung und Zeitrahmen<\/a>.<\/p>\n\n\n<div class=\"wp-block-image\">\n<figure class=\"aligncenter size-large is-resized\" style=\"max-width:720px;margin-left:auto;margin-right:auto\"><img decoding=\"async\" src=\"https:\/\/elithair.com\/de\/wp-content\/uploads\/sites\/2\/2026\/08\/nacken_haaransatz.png\" alt=\"Nahaufnahme des unteren Haaransatzes im Nacken bei Tageslicht\" class=\"wp-image-107071\" style=\"width:720px;max-width:100%;height:auto\"\/><\/figure>\n<\/div>\n\n\n<h3 class=\"wp-block-heading\">Erblicher Haarausfall im Nacken? Warum das unwahrscheinlich ist<\/h3>\n\n\n\n<p class=\"wp-block-paragraph\">Erblicher Haarausfall im Nacken ist untypisch, weil die occipitale Zone gegen\u00fcber Dihydrotestosteron resistent ist und deshalb in der Haartransplantation als \u201esicherer Bereich&#8220; gilt.<sup>[4]<\/sup> D\u00fcnnt es dort trotzdem aus, sprechen drei Konstellationen daf\u00fcr: ein kreisrunder Haarausfall vom Ophiasis-Typ, eine mechanische Ursache durch Zug oder Reibung, oder ein diffuser Haarausfall, der den ganzen Kopf betrifft und im Nacken nur zuerst bemerkt wird.<\/p>\n\n\n\n<p class=\"wp-block-paragraph\">Praktisch hei\u00dft das: Eine kahle Stelle unterhalb des Wirbels ist kein Argument f\u00fcr \u201eich bekomme eine Glatze&#8220;, sondern ein Grund f\u00fcr eine dermatologische Abkl\u00e4rung. Sie \u00e4ndert auch die Therapie, denn Minoxidil und Finasterid adressieren den androgenetischen Haarausfall und nicht diese Formen.<\/p>\n\n\n\n<h3 class=\"wp-block-heading\">Symptome von Haarausfall am Hinterkopf<\/h3>\n\n\n\n<p class=\"wp-block-paragraph\">Als physiologisch gelten 50 bis 100 ausgefallene Haare pro Tag, in deutschen Ratgebern wird h\u00e4ufig der Bereich 70 bis 100 genannt (American Academy of Dermatology, NHS).<sup>[10][1]<\/sup> Eine scharfe Schwelle gibt es nicht. Auff\u00e4llig ist, wenn es \u00fcber mehrere Wochen dauerhaft und deutlich mehr wird. <strong>Haarausfall am Hinterkopf<\/strong> macht sich zun\u00e4chst meist schleichend bemerkbar: Das Haar wirkt insgesamt d\u00fcnner, die Kopfhaut scheint zunehmend durch und l\u00e4sst sich schwerer kaschieren.<\/p>\n\n\n\n<p class=\"wp-block-paragraph\">Das eigentliche Fr\u00fchzeichen ist aber kein Z\u00e4hlen, sondern die <strong>Miniaturisierung<\/strong>: kurze, feine Haare zwischen den kr\u00e4ftigen, fachlich Anisotrichose. Ab einer Durchmesser-Variabilit\u00e4t von 20 % beim Mann und 10 % bei der Frau gilt sie als diagnostisches Kriterium der androgenetischen Alopezie.<sup>[5]<\/sup> Genau diese Haare lassen sich kaum frisieren und stehen ungleichm\u00e4\u00dfig ab.<\/p>\n\n\n<div class=\"wp-block-image\">\n<figure class=\"aligncenter size-large is-resized\" style=\"max-width:560px;margin-left:auto;margin-right:auto\"><img decoding=\"async\" src=\"https:\/\/elithair.com\/de\/wp-content\/uploads\/sites\/2\/2026\/08\/miniaturisierung_follikel.png\" alt=\"Querschnitt der Kopfhaut mit vier Haarfollikeln von kr\u00e4ftig bis stark miniaturisiert\" class=\"wp-image-107075\" style=\"width:560px;max-width:100%;height:auto\"\/><\/figure>\n<\/div>\n\n\n<p class=\"wp-block-paragraph\">Bleibt die Ursache unbehandelt, kann sich die zun\u00e4chst kleine lichte Stelle am Hinterkopf allm\u00e4hlich vergr\u00f6\u00dfern. Im fortgeschrittenen Stadium entsteht eine deutlich sichtbare kahle Zone, w\u00e4hrend h\u00e4ufig nur noch ein Haarkranz im Nacken- und Ohrenbereich erhalten bleibt.<\/p>\n\n\n\n<p class=\"wp-block-paragraph\">Dieser Verlauf ist typisch f\u00fcr anlagebedingten Haarverlust und kann sich im weiteren Verlauf auch auf den gesamten Oberkopf ausdehnen. Eine fr\u00fchzeitige Abkl\u00e4rung ist daher wichtig, um den Haarverlust fr\u00fch zu erkennen und gezielt zu behandeln.<\/p>\n\n\n\n<figure class=\"wp-block-image size-full\"><img loading=\"lazy\" decoding=\"async\" width=\"660\" height=\"380\" src=\"https:\/\/elithair.com\/de\/wp-content\/uploads\/sites\/2\/2019\/07\/junge-patient-mit-haarausfall-hinterkopf.webp\" alt=\"Junger Patient in der Elithair Haarklinik bei Dr. Balwi\" class=\"wp-image-95874\" srcset=\"https:\/\/elithair.com\/de\/wp-content\/uploads\/sites\/2\/2019\/07\/junge-patient-mit-haarausfall-hinterkopf.webp 660w, https:\/\/elithair.com\/de\/wp-content\/uploads\/sites\/2\/2019\/07\/junge-patient-mit-haarausfall-hinterkopf-300x173.webp 300w\" sizes=\"(max-width: 767px) 100vw, 660px\" \/><\/figure>\n\n\n\n<h2 class=\"wp-block-heading\">Wie weit ist es? Die Norwood-Stadien am Hinterkopf<\/h2>\n\n\n\n<p class=\"wp-block-paragraph\">Haarausfall am Hinterkopf wird \u00fcber die <strong>Hamilton-Norwood-Skala<\/strong> eingeordnet: Der Vertex-Typ beginnt mit einer offenen Stelle am Wirbel und w\u00e4chst, bis sich Vertex und zur\u00fcckweichende Haarlinie zur Glatze verbinden. Die Skala umfasst die Stadien 1 bis 7 und ist reproduzierbar, also auch f\u00fcr die Verlaufskontrolle brauchbar.<sup>[2]<\/sup> Wie h\u00e4ufig der Vertex betroffen ist, h\u00e4ngt stark am Alter: In einer australischen Kohorte zeigten 31 % der 40- bis 55-J\u00e4hrigen und 53 % der 65- bis 69-J\u00e4hrigen einen Vertex- oder Vollglatzen-Typ.<sup>[2]<\/sup><\/p>\n\n\n\n<p class=\"wp-block-paragraph\">F\u00fcr Sie z\u00e4hlt das Stadium aus einem praktischen Grund: Es entscheidet, ob eine konservative Therapie noch sinnvoll Substanz erhalten kann und ob eine Transplantation ein stabiles Ergebnis liefern w\u00fcrde. Die vollst\u00e4ndige Skala mit allen Stadien und Bildern steht in unserem Artikel zur <a href=\"\/de\/blog-haartransplantation\/norwood-hamilton-skala-haarausfall\/\">Norwood-Hamilton-Skala<\/a>.<\/p>\n\n\n<div class=\"wp-block-image\">\n<figure class=\"aligncenter size-large is-resized\" style=\"max-width:560px;margin-left:auto;margin-right:auto\"><img decoding=\"async\" src=\"https:\/\/elithair.com\/de\/wp-content\/uploads\/sites\/2\/2026\/08\/norwood_vertex_verlauf.png\" alt=\"Vier schematische Hinterk\u00f6pfe zeigen die Zunahme der lichten Stelle am Wirbel bis zum verbleibenden Haarkranz\" class=\"wp-image-107079\" style=\"width:560px;max-width:100%;height:auto\"\/><\/figure>\n<\/div>\n\n\n<style>\n@media (max-width:640px){\n.rt-table-wrap{overflow-x:visible!important;border:0!important;border-radius:0!important}\n.rt-table{min-width:0!important}\n.rt-table thead{display:none}\n.rt-table,.rt-table tbody,.rt-table tr,.rt-table td{display:block;width:100%}\n.rt-table caption{display:block;padding:0 0 12px!important}\n.rt-table tr{margin:0 0 12px;border:1px solid #dbe4f0;border-radius:10px;overflow:hidden}\n.rt-table tr:last-child{margin-bottom:0}\n.rt-table td{display:flex!important;flex-direction:column;gap:3px;padding:12px 14px!important;\nborder:0!important;border-bottom:1px solid #e3e8ef!important;background:#ffffff!important}\n.rt-table tr td:last-child{border-bottom:0!important}\n.rt-table td::before{content:attr(data-label);font-size:12px;font-weight:700;letter-spacing:.04em;\ntext-transform:uppercase;color:#5799F1}\n.rt-table td:not([data-label])::before,.rt-table td[data-label=\"\"]::before{display:none}\n}\n<\/style>\n<div class=\"rt-table-wrap\" style=\"overflow-x:auto;-webkit-overflow-scrolling:touch;margin:28px 0;border:1px solid #dbe4f0;border-radius:12px\">\n  <table class=\"rt-table\" style=\"width:100%;min-width:660px;table-layout:fixed;border-collapse:separate;border-spacing:0;font-size:15px;margin:0\">\n    <caption style=\"caption-side:top;text-align:left;color:#003366;font-weight:700;font-size:16px;line-height:1.35;padding:14px 16px 10px;background:#ffffff\">Norwood-Stadien, soweit der Hinterkopf betroffen ist<\/caption>\n    <thead>\n      <tr>\n        <th style=\"width:22%;background:#003366;color:#ffffff;font-weight:700;text-align:left;vertical-align:middle;padding:13px 16px;font-size:15px;line-height:1.4;border:0;overflow-wrap:break-word\">Stadium<\/th>\n        <th style=\"background:#003366;color:#ffffff;font-weight:700;text-align:left;vertical-align:middle;padding:13px 16px;font-size:15px;line-height:1.4;border:0;overflow-wrap:break-word\">Was am Hinterkopf sichtbar ist<\/th>\n        <th style=\"background:#003366;color:#ffffff;font-weight:700;text-align:left;vertical-align:middle;padding:13px 16px;font-size:15px;line-height:1.4;border:0;overflow-wrap:break-word\">Was medizinisch sinnvoll ist<\/th>\n        <th style=\"background:#003366;color:#ffffff;font-weight:700;text-align:left;vertical-align:middle;padding:13px 16px;font-size:15px;line-height:1.4;border:0;overflow-wrap:break-word\">Was das f\u00fcr eine Transplantation bedeutet<\/th>\n      <\/tr>\n    <\/thead>\n    <tbody>\n      <tr>\n        <td data-label=\"Stadium\" style=\"background:#ffffff;color:#003366;font-weight:700;text-align:left;vertical-align:top;padding:13px 16px;font-size:15px;line-height:1.55;border:0;border-bottom:1px solid #e3e8ef;overflow-wrap:break-word\">Norwood II bis III (Vertex-Typ)<\/td>\n        <td data-label=\"Was am Hinterkopf sichtbar ist\" style=\"background:#ffffff;color:#22303e;font-weight:400;text-align:left;vertical-align:top;padding:13px 16px;font-size:15px;line-height:1.55;border:0;border-bottom:1px solid #e3e8ef;overflow-wrap:break-word\">Kleine offene Stelle am Wirbel, Kopfhaut scheint bei nassem Haar durch, feine Haare dazwischen<\/td>\n        <td data-label=\"Was medizinisch sinnvoll ist\" style=\"background:#ffffff;color:#22303e;font-weight:400;text-align:left;vertical-align:top;padding:13px 16px;font-size:15px;line-height:1.55;border:0;border-bottom:1px solid #e3e8ef;overflow-wrap:break-word\">Diagnose sichern, Verlauf dokumentieren, konservative Therapie pr\u00fcfen<\/td>\n        <td data-label=\"Was das f\u00fcr eine Transplantation bedeutet\" style=\"background:#ffffff;color:#22303e;font-weight:400;text-align:left;vertical-align:top;padding:13px 16px;font-size:15px;line-height:1.55;border:0;border-bottom:1px solid #e3e8ef;overflow-wrap:break-word\">Meist zu fr\u00fch: erst stabilisieren und den Verlauf beobachten<\/td>\n      <\/tr>\n      <tr>\n        <td data-label=\"Stadium\" style=\"background:#f6f9fc;color:#003366;font-weight:700;text-align:left;vertical-align:top;padding:13px 16px;font-size:15px;line-height:1.55;border:0;border-bottom:1px solid #e3e8ef;overflow-wrap:break-word\">Norwood IV<\/td>\n        <td data-label=\"Was am Hinterkopf sichtbar ist\" style=\"background:#f6f9fc;color:#22303e;font-weight:400;text-align:left;vertical-align:top;padding:13px 16px;font-size:15px;line-height:1.55;border:0;border-bottom:1px solid #e3e8ef;overflow-wrap:break-word\">Deutliche Tonsur am Vertex, dazwischen noch ein Haarband zur Stirnregion<\/td>\n        <td data-label=\"Was medizinisch sinnvoll ist\" style=\"background:#f6f9fc;color:#22303e;font-weight:400;text-align:left;vertical-align:top;padding:13px 16px;font-size:15px;line-height:1.55;border:0;border-bottom:1px solid #e3e8ef;overflow-wrap:break-word\">Konservative Stabilisierung, \u00e4rztliche Einordnung der Geschwindigkeit<\/td>\n        <td data-label=\"Was das f\u00fcr eine Transplantation bedeutet\" style=\"background:#f6f9fc;color:#22303e;font-weight:400;text-align:left;vertical-align:top;padding:13px 16px;font-size:15px;line-height:1.55;border:0;border-bottom:1px solid #e3e8ef;overflow-wrap:break-word\">Planbar, wenn der Verlauf seit mindestens einem Jahr stabil oder medikament\u00f6s stabilisiert ist<\/td>\n      <\/tr>\n      <tr>\n        <td data-label=\"Stadium\" style=\"background:#ffffff;color:#003366;font-weight:700;text-align:left;vertical-align:top;padding:13px 16px;font-size:15px;line-height:1.55;border:0;border-bottom:1px solid #e3e8ef;overflow-wrap:break-word\">Norwood V<\/td>\n        <td data-label=\"Was am Hinterkopf sichtbar ist\" style=\"background:#ffffff;color:#22303e;font-weight:400;text-align:left;vertical-align:top;padding:13px 16px;font-size:15px;line-height:1.55;border:0;border-bottom:1px solid #e3e8ef;overflow-wrap:break-word\">Das Haarband zwischen Vertex und Stirn wird schmal, Vertex und Oberkopf n\u00e4hern sich an<\/td>\n        <td data-label=\"Was medizinisch sinnvoll ist\" style=\"background:#ffffff;color:#22303e;font-weight:400;text-align:left;vertical-align:top;padding:13px 16px;font-size:15px;line-height:1.55;border:0;border-bottom:1px solid #e3e8ef;overflow-wrap:break-word\">Stabilisierung plus realistische Planung der Priorit\u00e4ten<\/td>\n        <td data-label=\"Was das f\u00fcr eine Transplantation bedeutet\" style=\"background:#ffffff;color:#22303e;font-weight:400;text-align:left;vertical-align:top;padding:13px 16px;font-size:15px;line-height:1.55;border:0;border-bottom:1px solid #e3e8ef;overflow-wrap:break-word\">M\u00f6glich, die Spenderzone wird jetzt zum begrenzenden Faktor<\/td>\n      <\/tr>\n      <tr>\n        <td data-label=\"Stadium\" style=\"background:#f6f9fc;color:#003366;font-weight:700;text-align:left;vertical-align:top;padding:13px 16px;font-size:15px;line-height:1.55;border:0;overflow-wrap:break-word\">Norwood VI und VII<\/td>\n        <td data-label=\"Was am Hinterkopf sichtbar ist\" style=\"background:#f6f9fc;color:#22303e;font-weight:400;text-align:left;vertical-align:top;padding:13px 16px;font-size:15px;line-height:1.55;border:0;overflow-wrap:break-word\">Vertex und Stirnregion sind verbunden, es bleibt der Haarkranz<\/td>\n        <td data-label=\"Was medizinisch sinnvoll ist\" style=\"background:#f6f9fc;color:#22303e;font-weight:400;text-align:left;vertical-align:top;padding:13px 16px;font-size:15px;line-height:1.55;border:0;overflow-wrap:break-word\">\u00c4rztliche Beurteilung der Spenderdichte, Erwartungen an die Fl\u00e4che kl\u00e4ren<\/td>\n        <td data-label=\"Was das f\u00fcr eine Transplantation bedeutet\" style=\"background:#f6f9fc;color:#22303e;font-weight:400;text-align:left;vertical-align:top;padding:13px 16px;font-size:15px;line-height:1.55;border:0;overflow-wrap:break-word\">Fl\u00e4che und Spenderreserve entscheiden, eine gleichm\u00e4\u00dfige Volldichte ist nicht erreichbar<\/td>\n      <\/tr>\n    <\/tbody>\n  <\/table>\n<\/div>\n\n\n\n<h2 class=\"wp-block-heading\">Haarausfall am Hinterkopf bei Frauen<\/h2>\n\n\n\n<p class=\"wp-block-paragraph\">Bei Frauen ist der Hinterkopf beim erblichen Haarausfall meist nicht betroffen: Das weibliche Muster nach Ludwig I bis III lichtet den Mittelscheitel und den Oberkopf, w\u00e4hrend die frontale Haarlinie und der Hinterkopf erhalten bleiben. In der \u00dcbersicht \u201eFemale Pattern Hair Loss&#8220; ist genau dieser Erhalt der Haarlinie das Schl\u00fcsselmerkmal, und die Diagnostik vergleicht die Scheiteldichte zentral gegen occipital, weil die occipitale Region stabil bleibt.<sup>[11]<\/sup> Betroffen sind laut dem spanischen Konsensdokument der AEDV knapp 10 % der Frauen.<sup>[3]<\/sup><\/p>\n\n\n\n<p class=\"wp-block-paragraph\">Eine begrenzte kahle Stelle am Hinterkopf ist bei einer Frau deshalb ein anderes Signal als beim Mann. Der Reihe nach am wahrscheinlichsten sind: kreisrunder Haarausfall, Traktion durch Zopf, Dutt oder Extensions, Friktion an Auflagestellen, ein diffuses telogenes Effluvium nach Geburt, nach Absetzen der Pille, bei Eisenmangel oder Schilddr\u00fcsenst\u00f6rung, sowie entz\u00fcndlich narbige Formen. Mehr zur weiblichen Verlaufsform steht im Artikel zu <a href=\"\/de\/blog-haartransplantation\/haarausfall-bei-frauen\/\">Haarausfall bei Frauen<\/a> und zum <a href=\"\/de\/blog-haartransplantation\/diffuser-haarausfall\/\">diffusen Haarausfall<\/a>.<\/p>\n\n\n\n<p class=\"wp-block-paragraph\">Nicht abwarten sollten Sie, wenn die Stelle rund und scharf begrenzt ist, wenn die Kopfhaut r\u00f6tet, schuppt, juckt oder schmerzt, wenn sie gl\u00e4nzend glatt ohne sichtbare Haarporen wirkt, wenn der Ausfall pl\u00f6tzlich innerhalb von Wochen beginnt oder zus\u00e4tzlich Zyklusst\u00f6rungen, Akne, verst\u00e4rkte K\u00f6rperbehaarung oder M\u00fcdigkeit auftreten. Eine Haartransplantation kommt bei Frauen nur bei stabiler, klar abgegrenzter Ursache und ausreichender Spenderzone infrage, bei diffusem Ausfall ist sie nicht angezeigt.<\/p>\n\n\n<div class=\"wp-block-image\">\n<figure class=\"aligncenter size-large is-resized\" style=\"max-width:560px;margin-left:auto;margin-right:auto\"><img decoding=\"async\" src=\"https:\/\/elithair.com\/de\/wp-content\/uploads\/sites\/2\/2026\/08\/frauen_muster_hinterkopf.png\" alt=\"Drei schematische Frauenk\u00f6pfe: verbreiterter Mittelscheitel, runder Herd am Hinterkopf und Ausd\u00fcnnung entlang der Zuglinie\" class=\"wp-image-107082\" style=\"width:560px;max-width:100%;height:auto\"\/><\/figure>\n<\/div>\n\n\n<style>\n@media (max-width:640px){\n.rt-table-wrap{overflow-x:visible!important;border:0!important;border-radius:0!important}\n.rt-table{min-width:0!important}\n.rt-table thead{display:none}\n.rt-table,.rt-table tbody,.rt-table tr,.rt-table td{display:block;width:100%}\n.rt-table caption{display:block;padding:0 0 12px!important}\n.rt-table tr{margin:0 0 12px;border:1px solid #dbe4f0;border-radius:10px;overflow:hidden}\n.rt-table tr:last-child{margin-bottom:0}\n.rt-table td{display:flex!important;flex-direction:column;gap:3px;padding:12px 14px!important;\nborder:0!important;border-bottom:1px solid #e3e8ef!important;background:#ffffff!important}\n.rt-table tr td:last-child{border-bottom:0!important}\n.rt-table td::before{content:attr(data-label);font-size:12px;font-weight:700;letter-spacing:.04em;\ntext-transform:uppercase;color:#5799F1}\n.rt-table td:not([data-label])::before,.rt-table td[data-label=\"\"]::before{display:none}\n}\n<\/style>\n<div class=\"rt-table-wrap\" style=\"overflow-x:auto;-webkit-overflow-scrolling:touch;margin:28px 0;border:1px solid #dbe4f0;border-radius:12px\">\n  <table class=\"rt-table\" style=\"width:100%;min-width:660px;table-layout:fixed;border-collapse:separate;border-spacing:0;font-size:15px;margin:0\">\n    <caption style=\"caption-side:top;text-align:left;color:#003366;font-weight:700;font-size:16px;line-height:1.35;padding:14px 16px 10px;background:#ffffff\">Haarausfall am Hinterkopf bei Frauen: Muster zuordnen<\/caption>\n    <thead>\n      <tr>\n        <th style=\"width:22%;background:#003366;color:#ffffff;font-weight:700;text-align:left;vertical-align:middle;padding:13px 16px;font-size:15px;line-height:1.4;border:0;overflow-wrap:break-word\">Muster<\/th>\n        <th style=\"background:#003366;color:#ffffff;font-weight:700;text-align:left;vertical-align:middle;padding:13px 16px;font-size:15px;line-height:1.4;border:0;overflow-wrap:break-word\">Typische Lokalisation<\/th>\n        <th style=\"background:#003366;color:#ffffff;font-weight:700;text-align:left;vertical-align:middle;padding:13px 16px;font-size:15px;line-height:1.4;border:0;overflow-wrap:break-word\">Was dahinterstecken kann<\/th>\n        <th style=\"background:#003366;color:#ffffff;font-weight:700;text-align:left;vertical-align:middle;padding:13px 16px;font-size:15px;line-height:1.4;border:0;overflow-wrap:break-word\">Dringlichkeit<\/th>\n      <\/tr>\n    <\/thead>\n    <tbody>\n      <tr>\n        <td data-label=\"Muster\" style=\"background:#ffffff;color:#003366;font-weight:700;text-align:left;vertical-align:top;padding:13px 16px;font-size:15px;line-height:1.55;border:0;border-bottom:1px solid #e3e8ef;overflow-wrap:break-word\">Mittelscheitel wird breiter<\/td>\n        <td data-label=\"Typische Lokalisation\" style=\"background:#ffffff;color:#22303e;font-weight:400;text-align:left;vertical-align:top;padding:13px 16px;font-size:15px;line-height:1.55;border:0;border-bottom:1px solid #e3e8ef;overflow-wrap:break-word\">Oberkopf und Scheitel, Hinterkopf und Haarlinie erhalten<\/td>\n        <td data-label=\"Was dahinterstecken kann\" style=\"background:#ffffff;color:#22303e;font-weight:400;text-align:left;vertical-align:top;padding:13px 16px;font-size:15px;line-height:1.55;border:0;border-bottom:1px solid #e3e8ef;overflow-wrap:break-word\">Weiblicher Musterhaarausfall (Ludwig I bis III)<\/td>\n        <td data-label=\"Dringlichkeit\" style=\"background:#ffffff;color:#22303e;font-weight:400;text-align:left;vertical-align:top;padding:13px 16px;font-size:15px;line-height:1.55;border:0;border-bottom:1px solid #e3e8ef;overflow-wrap:break-word\">Planbar abkl\u00e4ren, Verlauf \u00fcber Monate dokumentieren<\/td>\n      <\/tr>\n      <tr>\n        <td data-label=\"Muster\" style=\"background:#f6f9fc;color:#003366;font-weight:700;text-align:left;vertical-align:top;padding:13px 16px;font-size:15px;line-height:1.55;border:0;border-bottom:1px solid #e3e8ef;overflow-wrap:break-word\">Runde, scharf begrenzte Stelle<\/td>\n        <td data-label=\"Typische Lokalisation\" style=\"background:#f6f9fc;color:#22303e;font-weight:400;text-align:left;vertical-align:top;padding:13px 16px;font-size:15px;line-height:1.55;border:0;border-bottom:1px solid #e3e8ef;overflow-wrap:break-word\">Irgendwo am Hinterkopf, auch bandf\u00f6rmig im Nacken<\/td>\n        <td data-label=\"Was dahinterstecken kann\" style=\"background:#f6f9fc;color:#22303e;font-weight:400;text-align:left;vertical-align:top;padding:13px 16px;font-size:15px;line-height:1.55;border:0;border-bottom:1px solid #e3e8ef;overflow-wrap:break-word\">Kreisrunder Haarausfall, im Nacken der Ophiasis-Typ<\/td>\n        <td data-label=\"Dringlichkeit\" style=\"background:#f6f9fc;color:#22303e;font-weight:400;text-align:left;vertical-align:top;padding:13px 16px;font-size:15px;line-height:1.55;border:0;border-bottom:1px solid #e3e8ef;overflow-wrap:break-word\">Zeitnah dermatologisch abkl\u00e4ren<\/td>\n      <\/tr>\n      <tr>\n        <td data-label=\"Muster\" style=\"background:#ffffff;color:#003366;font-weight:700;text-align:left;vertical-align:top;padding:13px 16px;font-size:15px;line-height:1.55;border:0;border-bottom:1px solid #e3e8ef;overflow-wrap:break-word\">Ausd\u00fcnnung entlang der Zuglinie<\/td>\n        <td data-label=\"Typische Lokalisation\" style=\"background:#ffffff;color:#22303e;font-weight:400;text-align:left;vertical-align:top;padding:13px 16px;font-size:15px;line-height:1.55;border:0;border-bottom:1px solid #e3e8ef;overflow-wrap:break-word\">Am Ansatz des Zopfes, Dutts oder der Extensions, oft symmetrisch<\/td>\n        <td data-label=\"Was dahinterstecken kann\" style=\"background:#ffffff;color:#22303e;font-weight:400;text-align:left;vertical-align:top;padding:13px 16px;font-size:15px;line-height:1.55;border:0;border-bottom:1px solid #e3e8ef;overflow-wrap:break-word\">Traktionsalopezie, fr\u00fch reversibel, sp\u00e4t narbig<\/td>\n        <td data-label=\"Dringlichkeit\" style=\"background:#ffffff;color:#22303e;font-weight:400;text-align:left;vertical-align:top;padding:13px 16px;font-size:15px;line-height:1.55;border:0;border-bottom:1px solid #e3e8ef;overflow-wrap:break-word\">Zug sofort beenden, \u00e4rztlich kontrollieren lassen<\/td>\n      <\/tr>\n      <tr>\n        <td data-label=\"Muster\" style=\"background:#f6f9fc;color:#003366;font-weight:700;text-align:left;vertical-align:top;padding:13px 16px;font-size:15px;line-height:1.55;border:0;border-bottom:1px solid #e3e8ef;overflow-wrap:break-word\">Gleichm\u00e4\u00dfig weniger Haar \u00fcberall<\/td>\n        <td data-label=\"Typische Lokalisation\" style=\"background:#f6f9fc;color:#22303e;font-weight:400;text-align:left;vertical-align:top;padding:13px 16px;font-size:15px;line-height:1.55;border:0;border-bottom:1px solid #e3e8ef;overflow-wrap:break-word\">Ganzer Kopf, am Wirbel und Scheitel zuerst auff\u00e4llig<\/td>\n        <td data-label=\"Was dahinterstecken kann\" style=\"background:#f6f9fc;color:#22303e;font-weight:400;text-align:left;vertical-align:top;padding:13px 16px;font-size:15px;line-height:1.55;border:0;border-bottom:1px solid #e3e8ef;overflow-wrap:break-word\">Telogenes Effluvium nach Geburt, Di\u00e4t, Infekt, bei Eisenmangel oder Schilddr\u00fcsenst\u00f6rung<\/td>\n        <td data-label=\"Dringlichkeit\" style=\"background:#f6f9fc;color:#22303e;font-weight:400;text-align:left;vertical-align:top;padding:13px 16px;font-size:15px;line-height:1.55;border:0;border-bottom:1px solid #e3e8ef;overflow-wrap:break-word\">Blutwerte kl\u00e4ren, Verlauf 3 bis 6 Monate beobachten<\/td>\n      <\/tr>\n      <tr>\n        <td data-label=\"Muster\" style=\"background:#ffffff;color:#003366;font-weight:700;text-align:left;vertical-align:top;padding:13px 16px;font-size:15px;line-height:1.55;border:0;overflow-wrap:break-word\">R\u00f6tung, Schuppung, Pusteln oder gl\u00e4nzend glatte Haut<\/td>\n        <td data-label=\"Typische Lokalisation\" style=\"background:#ffffff;color:#22303e;font-weight:400;text-align:left;vertical-align:top;padding:13px 16px;font-size:15px;line-height:1.55;border:0;overflow-wrap:break-word\">Jede Zone, oft zentral am Oberkopf oder am Nacken<\/td>\n        <td data-label=\"Was dahinterstecken kann\" style=\"background:#ffffff;color:#22303e;font-weight:400;text-align:left;vertical-align:top;padding:13px 16px;font-size:15px;line-height:1.55;border:0;overflow-wrap:break-word\">Entz\u00fcndliche oder narbige Alopezie<\/td>\n        <td data-label=\"Dringlichkeit\" style=\"background:#ffffff;color:#22303e;font-weight:400;text-align:left;vertical-align:top;padding:13px 16px;font-size:15px;line-height:1.55;border:0;overflow-wrap:break-word\">Nicht abwarten, Follikel sind zeitkritisch<\/td>\n      <\/tr>\n    <\/tbody>\n  <\/table>\n<\/div>\n\n\n\n<h2 class=\"wp-block-heading\" id=\"auswirkungen\">Welche Auswirkungen kann die Hinterkopf-Glatze auf Betroffene haben?<\/h2>\n\n\n\n<p class=\"wp-block-paragraph\"><strong>Haarausfall am Hinterkopf belastet viele Betroffene messbar, ist aber nach der Studienlage kein Ausl\u00f6ser klinischer Depressionen.<\/strong> Der Hinterkopf hat dabei eine Besonderheit: Man sieht ihn selbst nie, andere dagegen dauernd. Genau daraus entsteht das Gef\u00fchl, die Kontrolle \u00fcber das eigene Erscheinungsbild abgegeben zu haben.<\/p>\n\n\n\n<p class=\"wp-block-paragraph\">Was viele im Alltag sp\u00fcren, l\u00e4sst sich auch in Zahlen zeigen. Eine Metaanalyse in JAMA Dermatology \u00fcber 41 Studien mit 7.995 Patienten fand bei androgenetischer Alopezie eine signifikante Einschr\u00e4nkung der Lebensqualit\u00e4t und eine moderat belastete emotionale Dimension (DLQI 8,16; Hair-Specific-Skindex-29: 29,22 Punkte).<sup>[12]<\/sup> Eine signifikante Assoziation mit klinischer Depression fand dieselbe Analyse dagegen nicht.<\/p>\n\n\n\n<p class=\"wp-block-paragraph\">Das ist die wichtigere Botschaft hinter den Werten: Die Belastung ist real und man muss sie nicht kleinreden, sie ist aber auch keine Diagnose. Gerade j\u00fcngere M\u00e4nner erleben die Ver\u00e4nderung als Einschnitt, f\u00fchlen sich \u00e4lter, als sie sind, oder gehen Fotos und Gruppensituationen aus dem Weg. Frauen berichteten in den wenigen dazu verf\u00fcgbaren Studien ein niedrigeres Selbstwertgef\u00fchl als M\u00e4nner.<sup>[12]<\/sup><\/p>\n\n\n\n<p class=\"wp-block-paragraph\">Wie stark die Belastung empfunden wird, ist individuell sehr unterschiedlich. Klar ist jedoch: Haarausfall ist f\u00fcr viele mehr als ein kosmetisches Thema. Eine fr\u00fchzeitige Auseinandersetzung mit den Ursachen und m\u00f6glichen Behandlungsoptionen hilft, die Situation einzuordnen und wieder mehr Sicherheit im Umgang mit dem eigenen Erscheinungsbild zu gewinnen.<\/p>\n\n\n\n<h2 class=\"wp-block-heading\" id=\"diagnose\">Diagnose und Behandlungsm\u00f6glichkeiten<\/h2>\n\n\n\n<p class=\"wp-block-paragraph\"><strong>Die Diagnose von Haarausfall am Hinterkopf l\u00e4uft \u00fcber Trichoskopie, Zugtest, Blutwerte und in Ausnahmen eine Biopsie, die Behandlung richtet sich anschlie\u00dfend nach der gefundenen Ursache.<\/strong> Eine gezielte Therapie ist erst m\u00f6glich, wenn diese Ursache bekannt ist. So werden reversible Ausl\u00f6ser erkannt und ein fortschreitender Haarverlust kann unter Umst\u00e4nden verlangsamt werden.<\/p>\n\n\n\n<p class=\"wp-block-paragraph\">Eine Ausnahme ist der erblich bedingte Haarausfall. Bei dieser Form l\u00e4sst sich der Haarverlust medizinisch nicht vollst\u00e4ndig aufhalten, sondern begrenzen oder verlangsamen. Entsprechend wichtig ist eine realistische Einsch\u00e4tzung m\u00f6glicher Therapien.<\/p>\n\n\n\n<p class=\"wp-block-paragraph\">Ein Dermatologe ist <a href=\"\/de\/blog-haartransplantation\/haarausfall-welcher-arzt-schafft-abhilfe\/\">der richtige Ansprechpartner f\u00fcr die Diagnostik<\/a>. Durch die Untersuchung von Kopfhaut und Haarwurzeln sowie gegebenenfalls durch Blutanalysen k\u00f6nnen hormonelle, stoffwechselbedingte oder andere Ursachen identifiziert werden. Auf dieser Basis l\u00e4sst sich beurteilen, welche Behandlungsoptionen im individuellen Fall sinnvoll sind.<\/p>\n\n\n\n<h3 class=\"wp-block-heading\">Was beim Arzt tats\u00e4chlich passiert<\/h3>\n\n\n\n<p class=\"wp-block-paragraph\">Die Abkl\u00e4rung von Haarausfall am Hinterkopf besteht aus vier Schritten, die jeweils eine eigene Frage beantworten. Die <strong>Trichoskopie<\/strong>, also die Auflichtmikroskopie der Kopfhaut, ist dabei das Kernst\u00fcck: Sie zeigt die Anisotrichose des androgenetischen Haarausfalls (Schwelle 20 % beim Mann, 10 % bei der Frau), die Ausrufezeichenhaare des kreisrunden Haarausfalls und den Verlust der Follikelostien als Zeichen einer narbigen Alopezie.<sup>[5][6]<\/sup><\/p>\n\n\n\n<ul class=\"wp-block-list\">\n<li><strong>Trichoskopie:<\/strong> Liegt eine Miniaturisierung vor, sind die Haarporen erhalten, gibt es Entz\u00fcndungszeichen? Das trennt androgenetisch, kreisrund und narbig.<\/li>\n\n\n<li><strong>Zugtest (Pull-Test) und Trichogramm:<\/strong> Wie aktiv ist der Ausfall gerade und in welcher Zyklusphase sind die Haare? Das trennt akuten diffusen Ausfall von langsamem Muster-Haarausfall.<\/li>\n\n\n<li><strong>Blutwerte:<\/strong> Ferritin, TSH, Vitamin D und Zink, bei Frauen zus\u00e4tzlich der Androgenstatus. Das findet reversible Mitursachen, die eine <a href=\"\/de\/blog-haartransplantation\/ursachen-von-haarausfall\/\">\u00dcbersicht der Haarausfall-Ursachen<\/a> im Detail beschreibt.<\/li>\n\n\n<li><strong>Biopsie:<\/strong> nur bei Verdacht auf eine narbige Alopezie, wenn Haarporen fehlen oder die Haut gl\u00e4nzend glatt wirkt.<\/li>\n\n<\/ul>\n\n\n<div class=\"wp-block-image\">\n<figure class=\"aligncenter size-large is-resized\" style=\"max-width:720px;margin-left:auto;margin-right:auto\"><img decoding=\"async\" src=\"https:\/\/elithair.com\/de\/wp-content\/uploads\/sites\/2\/2026\/08\/trichoskopie_untersuchung-1.png\" alt=\"\u00c4rztin untersucht den Wirbelbereich eines Patienten mit einem Dermatoskop\" class=\"wp-image-107085\" style=\"width:720px;max-width:100%;height:auto\"\/><\/figure>\n<\/div>\n\n\n<div style=\"background:#f7f9fc;border-left:5px solid #0079F1;border-radius:10px;padding:20px 22px;margin:8px 0 28px\">\n<p style=\"margin:0 0 12px;color:#013366;font-weight:700;font-size:17px\">Nicht abwarten, wenn \u2026<\/p>\n<ul style=\"margin:0;padding-left:20px;color:#2e3033;font-size:15px;line-height:1.8\">\n<li>die Stelle rund und scharf begrenzt ist, mit glatter Haut<\/li>\n<li>die Kopfhaut r\u00f6tet, schuppt, n\u00e4sst, Pusteln zeigt oder schmerzt<\/li>\n<li>die Haut gl\u00e4nzend glatt ohne sichtbare Haarporen wirkt (Narbenzeichen)<\/li>\n<li>der Ausfall pl\u00f6tzlich innerhalb von Wochen begonnen hat<\/li>\n<li>Herde bei einem Kind auftreten<\/li>\n<li>zus\u00e4tzlich Allgemeinsymptome bestehen, etwa M\u00fcdigkeit, Gewichtsver\u00e4nderung oder Zyklusst\u00f6rungen<\/li>\n<\/ul>\n<p style=\"margin:12px 0 0;color:#2e3033;font-size:14.5px\">Der Grund f\u00fcr die Eile: Bei entz\u00fcndlichen und narbigen Formen entscheidet die Zeit dar\u00fcber, ob der Follikel erhalten bleibt. Bei rein androgenetischem Verlauf k\u00f6nnen Sie in Ruhe planen.<\/p>\n<\/div>\n\n\n\n<figure class=\"wp-block-image size-full\"><img loading=\"lazy\" decoding=\"async\" width=\"660\" height=\"380\" src=\"https:\/\/elithair.com\/de\/wp-content\/uploads\/sites\/2\/2019\/07\/dr-balwi-haarpflege-produkte-gegen-haarausfall.webp\" alt=\"Haarpflegeserie gegen Haarausfall von Elithair\" class=\"wp-image-95875\" srcset=\"https:\/\/elithair.com\/de\/wp-content\/uploads\/sites\/2\/2019\/07\/dr-balwi-haarpflege-produkte-gegen-haarausfall.webp 660w, https:\/\/elithair.com\/de\/wp-content\/uploads\/sites\/2\/2019\/07\/dr-balwi-haarpflege-produkte-gegen-haarausfall-300x173.webp 300w\" sizes=\"(max-width: 767px) 100vw, 660px\" \/><\/figure>\n\n\n\n<h3 class=\"wp-block-heading\">Pr\u00e4vention von Haarausfall am Hinterkopf<\/h3>\n\n\n\n<p class=\"wp-block-paragraph\"><strong>Vorbeugen l\u00e4sst sich Haarausfall am Hinterkopf nur dort, wo eine mechanische oder eine reversible Ursache dahintersteckt, den erblichen Verlauf am Vertex verhindert keine Pflegeroutine.<\/strong> Sinnvoll sind pr\u00e4ventive Ma\u00dfnahmen also vor allem bei fr\u00fchem oder leichtem Befund und nach \u00e4rztlicher Abkl\u00e4rung. In einigen F\u00e4llen unterst\u00fctzt bereits eine Anpassung des Lebensstils, etwa Stressreduktion oder eine ausgewogene Ern\u00e4hrung.<\/p>\n\n\n\n<p class=\"wp-block-paragraph\">Eine schonende Haar- und Kopfhautpflege spielt ebenfalls eine Rolle. Milde Shampoos, lauwarmes Wasser und ein zur\u00fcckhaltender Umgang mit Hitze beim F\u00f6hnen oder Styling belasten die Kopfhaut weniger. Auch beim K\u00e4mmen sollte unn\u00f6tiger Zug vermieden werden.<\/p>\n\n\n\n<p class=\"wp-block-paragraph\">F\u00fcr gesundes Haarwachstum ben\u00f6tigt der K\u00f6rper verschiedene Vitamine, Mineralstoffe und Spurenelemente wie Zink, Biotin oder Magnesium. Eine ausgewogene Ern\u00e4hrung tr\u00e4gt dazu bei, die Haarwurzeln zu versorgen. Reicht die N\u00e4hrstoffzufuhr \u00fcber die Nahrung nicht aus, k\u00f6nnen Nahrungserg\u00e4nzungsmittel unterst\u00fctzend eingesetzt werden, jedoch nur gezielt und nach fachlicher Beratung.<\/p>\n\n\n\n<p class=\"wp-block-paragraph\">Speziell am Hinterkopf kommt die <strong>mechanische Entlastung<\/strong> dazu: Frisuren mit Dauerzug wechseln, Helm- und Kissenreibung reduzieren, bei n\u00e4chtlicher Reibung Satin oder Seide statt Baumwolle. F\u00fcr mechanisch bedingte Formen ist das kausal wirksam, denn die Traktionsalopezie ist fr\u00fch vollst\u00e4ndig reversibel.<sup>[8]<\/sup> Ehrlich bleiben muss man beim erblichen Haarausfall: Daf\u00fcr gibt es keine Evidenz, dass Pflege oder Lebensstil ihn verhindern.<\/p>\n\n\n\n<h3 class=\"wp-block-heading\">Topische Behandlungsoption<\/h3>\n\n\n\n<p class=\"wp-block-paragraph\"><strong>Die topische Standardbehandlung bei Haarausfall am Hinterkopf ist Minoxidil, dessen Wirkung ausgerechnet am Vertex am besten untersucht ist.<\/strong> Daneben stehen weitere medikament\u00f6se Ans\u00e4tze zur Verf\u00fcgung, die den Haarverlust verlangsamen oder das bestehende Haarbild stabilisieren k\u00f6nnen. H\u00e4ufig eingesetzt werden <a href=\"\/de\/blog-haartransplantation\/minoxidil-gegen-haarausfall\/\">Minoxidil<\/a> oder Finasterid, die bei bestimmten Formen des Haarausfalls eine verdichtende Wirkung zeigen k\u00f6nnen.<\/p>\n\n\n\n<p class=\"wp-block-paragraph\">F\u00fcr den Wirbel ist die Datenlage sogar besonders gut. Die Zulassungsstudien zu topischem Minoxidil haben ihre Zielfl\u00e4che am <strong>Vertex<\/strong> ausgemessen und dort die Zahl der nicht-Vellushaare gez\u00e4hlt: In der randomisierten Studie von Olsen et al. (2002) f\u00fchrte 5 % Minoxidil nach 48 Wochen zu rund 45 % st\u00e4rkerem Nachwachsen als 2 %.<sup>[13]<\/sup> Erste terminale Haare zeigen sich nach etwa vier Monaten, eine belastbare Beurteilung braucht mindestens 24 Wochen, und in den ersten 2 bis 8 Wochen ist ein vor\u00fcbergehend verst\u00e4rkter Ausfall m\u00f6glich.<sup>[13][14][2]<\/sup><\/p>\n\n\n\n<p class=\"wp-block-paragraph\"><strong>Wichtige Grenze in derselben Passage:<\/strong> Diese Wirkung gilt f\u00fcr die androgenetische Alopezie. Sie gilt nicht f\u00fcr kreisrunden Haarausfall, nicht f\u00fcr Zug- oder Druckalopezie und nicht f\u00fcr entz\u00fcndliche oder narbige Formen. Minoxidil auf einen Alopecia-areata-Herd im Nacken zu tupfen, verschenkt Zeit, die dort wirklich z\u00e4hlt.<\/p>\n\n\n<div class=\"wp-block-image\">\n<figure class=\"aligncenter size-large is-resized\" style=\"max-width:720px;margin-left:auto;margin-right:auto\"><img decoding=\"async\" src=\"https:\/\/elithair.com\/de\/wp-content\/uploads\/sites\/2\/2026\/08\/minoxidil_anwendung_wirbel.png\" alt=\"Mann tr\u00e4gt eine L\u00f6sung mit einer Pipette gezielt auf den Wirbelbereich am Hinterkopf auf\" class=\"wp-image-107089\" style=\"width:720px;max-width:100%;height:auto\"\/><\/figure>\n<\/div>\n\n\n<p class=\"wp-block-paragraph\">Wichtig ist au\u00dferdem eine realistische Einordnung: Diese Therapien wirken <strong>nur so lange, wie sie angewendet werden<\/strong>. Wird die Behandlung beendet, setzt der Haarverlust in der Regel erneut ein. Eine dauerhafte L\u00f6sung stellen sie daher nicht dar. Bei Frauen im geb\u00e4rf\u00e4higen Alter ist Finasterid nicht indiziert.<sup>[3]<\/sup><\/p>\n\n\n\n<p class=\"wp-block-paragraph\">Die Zusatzverfahren n\u00fcchtern eingeordnet: F\u00fcr <strong>PRP<\/strong> zeigt eine Metaanalyse randomisierter Studien von 2023 eine signifikant h\u00f6here Haardichte nach 3 und 6 Monaten gegen\u00fcber Placebo, aber keinen signifikanten Unterschied bei Haarzahl und Haardurchmesser.<sup>[15]<\/sup> In Kombination mit Minoxidil war die Dichte besser als unter Minoxidil allein.<sup>[16]<\/sup> <strong>Microneedling<\/strong> ist als erg\u00e4nzendes Verfahren mit begrenzter Evidenz einzuordnen, am besten untersucht in Kombination mit Licht- oder Wirkstofftherapie.<sup>[14]<\/sup> Die <strong>Low-Level-Lasertherapie<\/strong> wird von Fachgesellschaften als Option beim androgenetischen Haarausfall gef\u00fchrt, ihre Evidenz ist schw\u00e4cher als die von Minoxidil und Finasterid.<sup>[17]<\/sup><\/p>\n\n\n\n<p class=\"wp-block-paragraph\">Welche Behandlung sinnvoll ist, h\u00e4ngt von der Ursache und dem Stadium ab. Eine fr\u00fchzeitige \u00e4rztliche Abkl\u00e4rung ist daher entscheidend, um eine passende Therapie auszuw\u00e4hlen und Fehlbehandlungen zu vermeiden. Ungezielte oder unsachgem\u00e4\u00dfe Anwendungen k\u00f6nnen den Haarverlust unter Umst\u00e4nden sogar verst\u00e4rken.<\/p>\n\n\n\n<h2 class=\"wp-block-heading\" id=\"behandlungstabelle\">Welche Behandlung passt zu welcher Ursache am Hinterkopf?<\/h2>\n\n\n\n<p class=\"wp-block-paragraph\">Die Behandlung von Haarausfall am Hinterkopf richtet sich nach der Ursache und nicht nach der Stelle: Reversible Ursachen werden behoben, der erbliche Haarausfall wird gebremst, und verloren gegangene Follikel lassen sich nur durch eine Transplantation ersetzen. Die vierte Spalte der Tabelle ist der Teil, den die meisten untersch\u00e4tzen, weil jede Wirkung dem Haarzyklus folgt und nicht dem Kalender des Betroffenen.<\/p>\n\n\n\n<style>\n@media (max-width:640px){\n.rt-table-wrap{overflow-x:visible!important;border:0!important;border-radius:0!important}\n.rt-table{min-width:0!important}\n.rt-table thead{display:none}\n.rt-table,.rt-table tbody,.rt-table tr,.rt-table td{display:block;width:100%}\n.rt-table caption{display:block;padding:0 0 12px!important}\n.rt-table tr{margin:0 0 12px;border:1px solid #dbe4f0;border-radius:10px;overflow:hidden}\n.rt-table tr:last-child{margin-bottom:0}\n.rt-table td{display:flex!important;flex-direction:column;gap:3px;padding:12px 14px!important;\nborder:0!important;border-bottom:1px solid #e3e8ef!important;background:#ffffff!important}\n.rt-table tr td:last-child{border-bottom:0!important}\n.rt-table td::before{content:attr(data-label);font-size:12px;font-weight:700;letter-spacing:.04em;\ntext-transform:uppercase;color:#5799F1}\n.rt-table td:not([data-label])::before,.rt-table td[data-label=\"\"]::before{display:none}\n}\n<\/style>\n<div class=\"rt-table-wrap\" style=\"overflow-x:auto;-webkit-overflow-scrolling:touch;margin:28px 0;border:1px solid #dbe4f0;border-radius:12px\">\n  <table class=\"rt-table\" style=\"width:100%;min-width:700px;table-layout:fixed;border-collapse:separate;border-spacing:0;font-size:15px;margin:0\">\n    <caption style=\"caption-side:top;text-align:left;color:#003366;font-weight:700;font-size:16px;line-height:1.35;padding:14px 16px 10px;background:#ffffff\">Ursache, Behandlung und realistischer Zeitrahmen am Hinterkopf<\/caption>\n    <thead>\n      <tr>\n        <th style=\"width:20%;background:#003366;color:#ffffff;font-weight:700;text-align:left;vertical-align:middle;padding:13px 16px;font-size:15px;line-height:1.4;border:0;overflow-wrap:break-word\">Ursache<\/th>\n        <th style=\"background:#003366;color:#ffffff;font-weight:700;text-align:left;vertical-align:middle;padding:13px 16px;font-size:15px;line-height:1.4;border:0;overflow-wrap:break-word\">Typische Zone am Hinterkopf<\/th>\n        <th style=\"background:#003366;color:#ffffff;font-weight:700;text-align:left;vertical-align:middle;padding:13px 16px;font-size:15px;line-height:1.4;border:0;overflow-wrap:break-word\">Was die Behandlung adressiert<\/th>\n        <th style=\"background:#003366;color:#ffffff;font-weight:700;text-align:left;vertical-align:middle;padding:13px 16px;font-size:15px;line-height:1.4;border:0;overflow-wrap:break-word\">Wann Sie ein Ergebnis sehen k\u00f6nnen<\/th>\n        <th style=\"background:#003366;color:#ffffff;font-weight:700;text-align:left;vertical-align:middle;padding:13px 16px;font-size:15px;line-height:1.4;border:0;overflow-wrap:break-word\">Realistische Erwartung<\/th>\n      <\/tr>\n    <\/thead>\n    <tbody>\n      <tr>\n        <td data-label=\"Ursache\" style=\"background:#ffffff;color:#003366;font-weight:700;text-align:left;vertical-align:top;padding:13px 16px;font-size:15px;line-height:1.55;border:0;border-bottom:1px solid #e3e8ef;overflow-wrap:break-word\">Androgenetische Alopezie (Vertex-Typ)<\/td>\n        <td data-label=\"Typische Zone am Hinterkopf\" style=\"background:#ffffff;color:#22303e;font-weight:400;text-align:left;vertical-align:top;padding:13px 16px;font-size:15px;line-height:1.55;border:0;border-bottom:1px solid #e3e8ef;overflow-wrap:break-word\">Wirbel und oberer Hinterkopf<\/td>\n        <td data-label=\"Was die Behandlung adressiert\" style=\"background:#ffffff;color:#22303e;font-weight:400;text-align:left;vertical-align:top;padding:13px 16px;font-size:15px;line-height:1.55;border:0;border-bottom:1px solid #e3e8ef;overflow-wrap:break-word\">Topisches Minoxidil, \u00e4rztlich abgewogen Finasterid, erg\u00e4nzend PRP; Transplantation bei stabilem Verlauf<\/td>\n        <td data-label=\"Wann Sie ein Ergebnis sehen k\u00f6nnen\" style=\"background:#ffffff;color:#22303e;font-weight:400;text-align:left;vertical-align:top;padding:13px 16px;font-size:15px;line-height:1.55;border:0;border-bottom:1px solid #e3e8ef;overflow-wrap:break-word\">Erste terminale Haare nach ca. 4 Monaten, Beurteilung ab 24 Wochen, Maximum um Woche 48<\/td>\n        <td data-label=\"Realistische Erwartung\" style=\"background:#ffffff;color:#22303e;font-weight:400;text-align:left;vertical-align:top;padding:13px 16px;font-size:15px;line-height:1.55;border:0;border-bottom:1px solid #e3e8ef;overflow-wrap:break-word\">Stabilisierung und Verdichtung, keine Wiederherstellung der jugendlichen Dichte; Wirkung nur w\u00e4hrend der Anwendung<\/td>\n      <\/tr>\n      <tr>\n        <td data-label=\"Ursache\" style=\"background:#f6f9fc;color:#003366;font-weight:700;text-align:left;vertical-align:top;padding:13px 16px;font-size:15px;line-height:1.55;border:0;border-bottom:1px solid #e3e8ef;overflow-wrap:break-word\">Kreisrunder Haarausfall (auch Ophiasis-Typ)<\/td>\n        <td data-label=\"Typische Zone am Hinterkopf\" style=\"background:#f6f9fc;color:#22303e;font-weight:400;text-align:left;vertical-align:top;padding:13px 16px;font-size:15px;line-height:1.55;border:0;border-bottom:1px solid #e3e8ef;overflow-wrap:break-word\">Umschriebene Herde, bandf\u00f6rmig im Nacken<\/td>\n        <td data-label=\"Was die Behandlung adressiert\" style=\"background:#f6f9fc;color:#22303e;font-weight:400;text-align:left;vertical-align:top;padding:13px 16px;font-size:15px;line-height:1.55;border:0;border-bottom:1px solid #e3e8ef;overflow-wrap:break-word\">Dermatologische Therapie nach S3-Leitlinie, keine Selbstbehandlung<\/td>\n        <td data-label=\"Wann Sie ein Ergebnis sehen k\u00f6nnen\" style=\"background:#f6f9fc;color:#22303e;font-weight:400;text-align:left;vertical-align:top;padding:13px 16px;font-size:15px;line-height:1.55;border:0;border-bottom:1px solid #e3e8ef;overflow-wrap:break-word\">Nach der ersten Episode erholen sich rund 50 % innerhalb eines Jahres spontan<\/td>\n        <td data-label=\"Realistische Erwartung\" style=\"background:#f6f9fc;color:#22303e;font-weight:400;text-align:left;vertical-align:top;padding:13px 16px;font-size:15px;line-height:1.55;border:0;border-bottom:1px solid #e3e8ef;overflow-wrap:break-word\">Verlauf in Sch\u00fcben, Rezidive h\u00e4ufig; Transplantation in aktive Herde ist kontraindiziert<\/td>\n      <\/tr>\n      <tr>\n        <td data-label=\"Ursache\" style=\"background:#ffffff;color:#003366;font-weight:700;text-align:left;vertical-align:top;padding:13px 16px;font-size:15px;line-height:1.55;border:0;border-bottom:1px solid #e3e8ef;overflow-wrap:break-word\">Traktionsalopezie (Zug)<\/td>\n        <td data-label=\"Typische Zone am Hinterkopf\" style=\"background:#ffffff;color:#22303e;font-weight:400;text-align:left;vertical-align:top;padding:13px 16px;font-size:15px;line-height:1.55;border:0;border-bottom:1px solid #e3e8ef;overflow-wrap:break-word\">Zuglinien, Ansatz von Zopf, Dutt, Extensions<\/td>\n        <td data-label=\"Was die Behandlung adressiert\" style=\"background:#ffffff;color:#22303e;font-weight:400;text-align:left;vertical-align:top;padding:13px 16px;font-size:15px;line-height:1.55;border:0;border-bottom:1px solid #e3e8ef;overflow-wrap:break-word\">Zug beenden, Frisur wechseln, \u00e4rztliche Kontrolle<\/td>\n        <td data-label=\"Wann Sie ein Ergebnis sehen k\u00f6nnen\" style=\"background:#ffffff;color:#22303e;font-weight:400;text-align:left;vertical-align:top;padding:13px 16px;font-size:15px;line-height:1.55;border:0;border-bottom:1px solid #e3e8ef;overflow-wrap:break-word\">3 bis 6 Monate nach Wegfall des Zugs, wenn noch keine Vernarbung besteht<\/td>\n        <td data-label=\"Realistische Erwartung\" style=\"background:#ffffff;color:#22303e;font-weight:400;text-align:left;vertical-align:top;padding:13px 16px;font-size:15px;line-height:1.55;border:0;border-bottom:1px solid #e3e8ef;overflow-wrap:break-word\">Fr\u00fch vollst\u00e4ndig reversibel, bei jahrelangem Zug narbig und dann endg\u00fcltig<\/td>\n      <\/tr>\n      <tr>\n        <td data-label=\"Ursache\" style=\"background:#f6f9fc;color:#003366;font-weight:700;text-align:left;vertical-align:top;padding:13px 16px;font-size:15px;line-height:1.55;border:0;border-bottom:1px solid #e3e8ef;overflow-wrap:break-word\">Friktions- oder Druckalopezie<\/td>\n        <td data-label=\"Typische Zone am Hinterkopf\" style=\"background:#f6f9fc;color:#22303e;font-weight:400;text-align:left;vertical-align:top;padding:13px 16px;font-size:15px;line-height:1.55;border:0;border-bottom:1px solid #e3e8ef;overflow-wrap:break-word\">Auflagepunkte: Kissen, Kopfst\u00fctze, Helm, Kragen<\/td>\n        <td data-label=\"Was die Behandlung adressiert\" style=\"background:#f6f9fc;color:#22303e;font-weight:400;text-align:left;vertical-align:top;padding:13px 16px;font-size:15px;line-height:1.55;border:0;border-bottom:1px solid #e3e8ef;overflow-wrap:break-word\">Ausl\u00f6ser entfernen, Reibung reduzieren<\/td>\n        <td data-label=\"Wann Sie ein Ergebnis sehen k\u00f6nnen\" style=\"background:#f6f9fc;color:#22303e;font-weight:400;text-align:left;vertical-align:top;padding:13px 16px;font-size:15px;line-height:1.55;border:0;border-bottom:1px solid #e3e8ef;overflow-wrap:break-word\">3 bis 6 Monate Beobachtung nach Wegfall der Belastung<\/td>\n        <td data-label=\"Realistische Erwartung\" style=\"background:#f6f9fc;color:#22303e;font-weight:400;text-align:left;vertical-align:top;padding:13px 16px;font-size:15px;line-height:1.55;border:0;border-bottom:1px solid #e3e8ef;overflow-wrap:break-word\">Meist reversibel, solange keine Vernarbung eingetreten ist<\/td>\n      <\/tr>\n      <tr>\n        <td data-label=\"Ursache\" style=\"background:#ffffff;color:#003366;font-weight:700;text-align:left;vertical-align:top;padding:13px 16px;font-size:15px;line-height:1.55;border:0;border-bottom:1px solid #e3e8ef;overflow-wrap:break-word\">Entz\u00fcndliche oder narbige Alopezie (u. a. Acne keloidalis nuchae)<\/td>\n        <td data-label=\"Typische Zone am Hinterkopf\" style=\"background:#ffffff;color:#22303e;font-weight:400;text-align:left;vertical-align:top;padding:13px 16px;font-size:15px;line-height:1.55;border:0;border-bottom:1px solid #e3e8ef;overflow-wrap:break-word\">Unterer Haaransatz und Nacken<\/td>\n        <td data-label=\"Was die Behandlung adressiert\" style=\"background:#ffffff;color:#22303e;font-weight:400;text-align:left;vertical-align:top;padding:13px 16px;font-size:15px;line-height:1.55;border:0;border-bottom:1px solid #e3e8ef;overflow-wrap:break-word\">Zeitnahe dermatologische Therapie der Entz\u00fcndung<\/td>\n        <td data-label=\"Wann Sie ein Ergebnis sehen k\u00f6nnen\" style=\"background:#ffffff;color:#22303e;font-weight:400;text-align:left;vertical-align:top;padding:13px 16px;font-size:15px;line-height:1.55;border:0;border-bottom:1px solid #e3e8ef;overflow-wrap:break-word\">Ziel ist der Stopp der Entz\u00fcndung, nicht das Nachwachsen; fr\u00fch behandelt gute Prognose<\/td>\n        <td data-label=\"Realistische Erwartung\" style=\"background:#ffffff;color:#22303e;font-weight:400;text-align:left;vertical-align:top;padding:13px 16px;font-size:15px;line-height:1.55;border:0;border-bottom:1px solid #e3e8ef;overflow-wrap:break-word\">Vernarbte Areale wachsen nicht nach, aktive Formen sind eine Gegenanzeige f\u00fcr eine Transplantation<\/td>\n      <\/tr>\n      <tr>\n        <td data-label=\"Ursache\" style=\"background:#f6f9fc;color:#003366;font-weight:700;text-align:left;vertical-align:top;padding:13px 16px;font-size:15px;line-height:1.55;border:0;overflow-wrap:break-word\">Diffuser Haarausfall (telogenes Effluvium, Mangel, Schilddr\u00fcse)<\/td>\n        <td data-label=\"Typische Zone am Hinterkopf\" style=\"background:#f6f9fc;color:#22303e;font-weight:400;text-align:left;vertical-align:top;padding:13px 16px;font-size:15px;line-height:1.55;border:0;overflow-wrap:break-word\">Ganzer Kopf, am Wirbel zuerst auff\u00e4llig<\/td>\n        <td data-label=\"Was die Behandlung adressiert\" style=\"background:#f6f9fc;color:#22303e;font-weight:400;text-align:left;vertical-align:top;padding:13px 16px;font-size:15px;line-height:1.55;border:0;overflow-wrap:break-word\">Ursache behandeln: Eisen, Schilddr\u00fcse, Medikation, Ausl\u00f6ser<\/td>\n        <td data-label=\"Wann Sie ein Ergebnis sehen k\u00f6nnen\" style=\"background:#f6f9fc;color:#22303e;font-weight:400;text-align:left;vertical-align:top;padding:13px 16px;font-size:15px;line-height:1.55;border:0;overflow-wrap:break-word\">Erste neue Haare nach etwa 3 bis 6 Monaten, Dichte beurteilbar nach 9 bis 12 Monaten<\/td>\n        <td data-label=\"Realistische Erwartung\" style=\"background:#f6f9fc;color:#22303e;font-weight:400;text-align:left;vertical-align:top;padding:13px 16px;font-size:15px;line-height:1.55;border:0;overflow-wrap:break-word\">In der Regel reversibel; eine Transplantation ist hier nicht angezeigt<\/td>\n      <\/tr>\n    <\/tbody>\n  <\/table>\n<\/div>\n\n\n\n<p class=\"wp-block-paragraph\">Warum die Zeitangaben so aussehen, erkl\u00e4rt der Haarzyklus: Die Wachstumsphase (Anagen) dauert 2 bis 5 Jahre, die Ruhephase (Telogen) rund 3 Monate, und etwa 15 % der Follikel befinden sich normalerweise im Telogen. Ein Follikel, der heute in die Ruhephase geschoben wird, kann erst Monate sp\u00e4ter wieder ein sichtbares Haar produzieren. Die folgende Tabelle zeigt den typischen Verlauf, nachdem eine reversible Ursache behoben wurde.<\/p>\n\n\n\n<style>\n@media (max-width:640px){\n.rt-table-wrap{overflow-x:visible!important;border:0!important;border-radius:0!important}\n.rt-table{min-width:0!important}\n.rt-table thead{display:none}\n.rt-table,.rt-table tbody,.rt-table tr,.rt-table td{display:block;width:100%}\n.rt-table caption{display:block;padding:0 0 12px!important}\n.rt-table tr{margin:0 0 12px;border:1px solid #dbe4f0;border-radius:10px;overflow:hidden}\n.rt-table tr:last-child{margin-bottom:0}\n.rt-table td{display:flex!important;flex-direction:column;gap:3px;padding:12px 14px!important;\nborder:0!important;border-bottom:1px solid #e3e8ef!important;background:#ffffff!important}\n.rt-table tr td:last-child{border-bottom:0!important}\n.rt-table td::before{content:attr(data-label);font-size:12px;font-weight:700;letter-spacing:.04em;\ntext-transform:uppercase;color:#5799F1}\n.rt-table td:not([data-label])::before,.rt-table td[data-label=\"\"]::before{display:none}\n}\n<\/style>\n<div class=\"rt-table-wrap\" style=\"overflow-x:auto;-webkit-overflow-scrolling:touch;margin:28px 0;border:1px solid #dbe4f0;border-radius:12px\">\n  <table class=\"rt-table\" style=\"width:100%;min-width:620px;table-layout:fixed;border-collapse:separate;border-spacing:0;font-size:15px;margin:0\">\n    <caption style=\"caption-side:top;text-align:left;color:#003366;font-weight:700;font-size:16px;line-height:1.35;padding:14px 16px 10px;background:#ffffff\">Nachwachs-Timeline nach behobener Ursache<\/caption>\n    <thead>\n      <tr>\n        <th style=\"width:22%;background:#003366;color:#ffffff;font-weight:700;text-align:left;vertical-align:middle;padding:13px 16px;font-size:15px;line-height:1.4;border:0;overflow-wrap:break-word\">Zeitraum<\/th>\n        <th style=\"background:#003366;color:#ffffff;font-weight:700;text-align:left;vertical-align:middle;padding:13px 16px;font-size:15px;line-height:1.4;border:0;overflow-wrap:break-word\">Was im Follikel passiert<\/th>\n        <th style=\"background:#003366;color:#ffffff;font-weight:700;text-align:left;vertical-align:middle;padding:13px 16px;font-size:15px;line-height:1.4;border:0;overflow-wrap:break-word\">Was Sie sehen<\/th>\n      <\/tr>\n    <\/thead>\n    <tbody>\n      <tr>\n        <td data-label=\"Zeitraum\" style=\"background:#ffffff;color:#003366;font-weight:700;text-align:left;vertical-align:top;padding:13px 16px;font-size:15px;line-height:1.55;border:0;border-bottom:1px solid #e3e8ef;overflow-wrap:break-word\">Monat 1 bis 2<\/td>\n        <td data-label=\"Was im Follikel passiert\" style=\"background:#ffffff;color:#22303e;font-weight:400;text-align:left;vertical-align:top;padding:13px 16px;font-size:15px;line-height:1.55;border:0;border-bottom:1px solid #e3e8ef;overflow-wrap:break-word\">Der Ausl\u00f6ser ist behoben, die Telogenrate normalisiert sich langsam<\/td>\n        <td data-label=\"Was Sie sehen\" style=\"background:#ffffff;color:#22303e;font-weight:400;text-align:left;vertical-align:top;padding:13px 16px;font-size:15px;line-height:1.55;border:0;border-bottom:1px solid #e3e8ef;overflow-wrap:break-word\">Der verst\u00e4rkte Ausfall klingt ab, die B\u00fcrste wird leerer<\/td>\n      <\/tr>\n      <tr>\n        <td data-label=\"Zeitraum\" style=\"background:#f6f9fc;color:#003366;font-weight:700;text-align:left;vertical-align:top;padding:13px 16px;font-size:15px;line-height:1.55;border:0;border-bottom:1px solid #e3e8ef;overflow-wrap:break-word\">Monat 3 bis 4<\/td>\n        <td data-label=\"Was im Follikel passiert\" style=\"background:#f6f9fc;color:#22303e;font-weight:400;text-align:left;vertical-align:top;padding:13px 16px;font-size:15px;line-height:1.55;border:0;border-bottom:1px solid #e3e8ef;overflow-wrap:break-word\">Ruhende Follikel treten wieder in die Wachstumsphase (Anagen) ein<\/td>\n        <td data-label=\"Was Sie sehen\" style=\"background:#f6f9fc;color:#22303e;font-weight:400;text-align:left;vertical-align:top;padding:13px 16px;font-size:15px;line-height:1.55;border:0;border-bottom:1px solid #e3e8ef;overflow-wrap:break-word\">Noch keine Verdichtung, aber der Ausfall hat sich beruhigt<\/td>\n      <\/tr>\n      <tr>\n        <td data-label=\"Zeitraum\" style=\"background:#ffffff;color:#003366;font-weight:700;text-align:left;vertical-align:top;padding:13px 16px;font-size:15px;line-height:1.55;border:0;border-bottom:1px solid #e3e8ef;overflow-wrap:break-word\">Monat 5 bis 6<\/td>\n        <td data-label=\"Was im Follikel passiert\" style=\"background:#ffffff;color:#22303e;font-weight:400;text-align:left;vertical-align:top;padding:13px 16px;font-size:15px;line-height:1.55;border:0;border-bottom:1px solid #e3e8ef;overflow-wrap:break-word\">Neue Haare wachsen aus, zun\u00e4chst kurz und fein<\/td>\n        <td data-label=\"Was Sie sehen\" style=\"background:#ffffff;color:#22303e;font-weight:400;text-align:left;vertical-align:top;padding:13px 16px;font-size:15px;line-height:1.55;border:0;border-bottom:1px solid #e3e8ef;overflow-wrap:break-word\">Kurze neue Haare am Ansatz, oft am Scheitel als \u201eBabyhaar\u201c sichtbar<\/td>\n      <\/tr>\n      <tr>\n        <td data-label=\"Zeitraum\" style=\"background:#f6f9fc;color:#003366;font-weight:700;text-align:left;vertical-align:top;padding:13px 16px;font-size:15px;line-height:1.55;border:0;overflow-wrap:break-word\">Monat 9 bis 12<\/td>\n        <td data-label=\"Was im Follikel passiert\" style=\"background:#f6f9fc;color:#22303e;font-weight:400;text-align:left;vertical-align:top;padding:13px 16px;font-size:15px;line-height:1.55;border:0;overflow-wrap:break-word\">Die neuen Haare erreichen L\u00e4nge und Kaliber<\/td>\n        <td data-label=\"Was Sie sehen\" style=\"background:#f6f9fc;color:#22303e;font-weight:400;text-align:left;vertical-align:top;padding:13px 16px;font-size:15px;line-height:1.55;border:0;overflow-wrap:break-word\">Die Dichte ist beurteilbar, jetzt lohnt der Fotovergleich<\/td>\n      <\/tr>\n    <\/tbody>\n  <\/table>\n<\/div>\n\n\n\n<p class=\"wp-block-paragraph\">Eine Option fehlt in der Tabelle, weil sie medizinisch nichts ver\u00e4ndert und trotzdem viele durch die Zeit bringt: <strong>kaschieren<\/strong>. Am Wirbel funktioniert vor allem ein k\u00fcrzerer Schnitt, weil er den Kontrast zwischen Haar und Kopfhaut verringert, dazu matte statt gl\u00e4nzende Produkte, kein Gel, das Str\u00e4hnen verklebt, und bei Bedarf Streuhaar oder eine Kopfhautpigmentierung. Das ist ein bewusster Zwischenschritt, solange die Diagnose noch offen ist oder Sie sich gegen eine Behandlung entscheiden. Wichtig bleibt nur, dass Kaschieren die Abkl\u00e4rung nicht ersetzt: Eine entz\u00fcndliche oder narbige Ursache wird darunter nicht besser, sondern nur unsichtbar.<\/p>\n\n\n<div class=\"wp-block-image\">\n<figure class=\"aligncenter size-large is-resized\" style=\"max-width:720px;margin-left:auto;margin-right:auto\"><img decoding=\"async\" src=\"https:\/\/elithair.com\/de\/wp-content\/uploads\/sites\/2\/2026\/08\/kurzer_schnitt_kaschieren.png\" alt=\"Mann mit sehr kurzem Haarschnitt von schr\u00e4g hinten, der Kontrast zwischen Haar und Kopfhaut f\u00e4llt kaum auf\" class=\"wp-image-107093\" style=\"width:720px;max-width:100%;height:auto\"\/><\/figure>\n<\/div>\n\n\n<h3 class=\"wp-block-heading\">Haarsysteme und Zweithaar bei Norwood VI und VII<\/h3>\n\n\n\n<p class=\"wp-block-paragraph\"><strong>Ein modernes Haarsystem, also ein an die Kopfhaut angepasstes Echthaarteil, ist bei Norwood VI und VII die ehrlichste nicht-operative Alternative<\/strong>, weil in diesen Stadien der Haarkranz als Spenderzone selten f\u00fcr eine gleichm\u00e4\u00dfige Volldichte auf der gesamten Fl\u00e4che reicht. Es ver\u00e4ndert den Haarausfall nicht, es deckt ihn ab, und zwar sofort statt nach Monaten.<\/p>\n\n\n\n<p class=\"wp-block-paragraph\">Wer das erw\u00e4gt, sollte drei Punkte kennen. Das System wird geklebt oder eingearbeitet und braucht regelm\u00e4\u00dfige Wartung, meist im Abstand weniger Wochen. Am \u00dcbergang zum eigenen Haar entscheidet die handwerkliche Anpassung \u00fcber das Ergebnis, nicht der Materialpreis. Und die Kopfhaut darunter muss gesund sein: Bei entz\u00fcndlichen oder narbigen Formen am Hinterkopf geh\u00f6rt erst die Erkrankung behandelt, sonst kaschiert das System einen Befund, der Zeit kostet.<\/p>\n\n\n\n<p class=\"wp-block-paragraph\">Sinnvoll ist es au\u00dferdem als Zwischenl\u00f6sung, wenn der Verlauf noch aktiv ist. F\u00fcr viele ist ein Haarsystem oder auch eine Kopfhautpigmentierung der Weg, die Jahre bis zu einem stabilen Befund zu \u00fcberbr\u00fccken, ohne sich unter Druck f\u00fcr einen Eingriff zu entscheiden. Andere kommen mit einem konsequent kurzen Schnitt genauso gut an. Beides ist eine legitime Entscheidung und keine Notl\u00f6sung.<\/p>\n\n\n\n<h3 class=\"wp-block-heading\">Dermatologe oder Haarklinik: wer ist der richtige Ansprechpartner?<\/h3>\n\n\n\n<p class=\"wp-block-paragraph\"><strong>Bei entz\u00fcndlichen, kreisrunden, pl\u00f6tzlich aufgetretenen oder unklaren Befunden am Hinterkopf ist die dermatologische Praxis vor Ort der richtige erste Weg, bei einem anlagebedingten Vertex-Verlauf beantwortet eine Haarklinik die Frage nach Spenderzone und Machbarkeit.<\/strong> Die beiden Wege konkurrieren nicht, sie beantworten unterschiedliche Fragen.<\/p>\n\n\n\n<p class=\"wp-block-paragraph\">Praktisch hei\u00dft das: R\u00f6tung, Schuppung, Pusteln, Schmerz, gl\u00e4nzend glatte Haut ohne Haarporen, runde Herde oder ein Beginn innerhalb weniger Wochen geh\u00f6ren dermatologisch abgekl\u00e4rt, inklusive Blutwerten und, wenn n\u00f6tig, Biopsie. Ein langsam wachsender lichter Bereich rund um den Wirbel ohne Entz\u00fcndungszeichen ist dagegen der klassische Fall f\u00fcr eine Einsch\u00e4tzung, ob und wann sich am Vertex \u00fcberhaupt etwas planen l\u00e4sst.<\/p>\n\n\n\n<p class=\"wp-block-paragraph\">Genau an dieser Stelle setzt unsere kostenlose Haaranalyse an. Sie ist eine optische Musteranalyse Ihrer Fotos: Sie ordnet die Zone ein, sch\u00e4tzt das Norwood-Stadium und die Spenderzone ab und beantwortet vor allem, ob eine Transplantation im Moment \u00fcberhaupt die richtige Therapie ist. Bei einem erheblichen Teil der Anfragen ist sie es nicht, und dann sagen wir das auch. Einen \u00e4rztlichen Bluttest oder eine dermatologische Diagnose ersetzt sie nicht.<\/p>\n\n\n\n<div class=\"wp-block-buttons is-content-justification-center is-layout-flex wp-container-core-buttons-is-layout-fe48e5de wp-block-buttons-is-layout-flex\" style=\"justify-content:center;margin-bottom:48px\"><div class=\"wp-block-button\"><a class=\"wp-block-button__link wp-element-button\" style=\"background-color:#0079F1;color:#ffffff;border-radius:8px;padding:15px 36px;font-weight:700;font-size:17px\" href=\"\/de\/haaranalyse\/\">Kostenlose Haaranalyse starten<\/a><\/div><\/div>\n\n\n\n<figure class=\"wp-block-image size-full\"><img loading=\"lazy\" decoding=\"async\" width=\"660\" height=\"380\" src=\"https:\/\/elithair.com\/de\/wp-content\/uploads\/sites\/2\/2019\/07\/elithair-medizinisches-team-haatransplantation.webp\" alt=\"Das medizinische Team von Elithair bei einer Haartransplantation\" class=\"wp-image-95876\" srcset=\"https:\/\/elithair.com\/de\/wp-content\/uploads\/sites\/2\/2019\/07\/elithair-medizinisches-team-haatransplantation.webp 660w, https:\/\/elithair.com\/de\/wp-content\/uploads\/sites\/2\/2019\/07\/elithair-medizinisches-team-haatransplantation-300x173.webp 300w\" sizes=\"(max-width: 767px) 100vw, 660px\" \/><\/figure>\n\n\n\n<h2 class=\"wp-block-heading\" id=\"eigenhaarverpflanzung\">Eigenhaarverpflanzung am Hinterkopf: wann sie die dauerhafte L\u00f6sung ist<\/h2>\n\n\n\n<p class=\"wp-block-paragraph\">Dauerhaft wirksam ist eine Eigenhaarverpflanzung am Hinterkopf dann, wenn der Haarausfall androgenetisch bedingt und im Verlauf stabil ist und die Spenderzone ausreicht. Bei <strong>Haarausfall am Hinterkopf<\/strong> infolge einer androgenetischen Alopezie sto\u00dfen nicht-operative Behandlungen h\u00e4ufig an ihre Grenzen. Die Haarwurzeln im betroffenen Bereich sind dann stark miniaturisiert und im Endstadium bindegewebig ersetzt, sie produzieren kein sichtbares Haar mehr.<sup>[18]<\/sup> Eine Eigenhaarverpflanzung gilt in diesem Fall als die einzige medizinisch etablierte M\u00f6glichkeit, verlorenes Haar dauerhaft zu ersetzen.<\/p>\n\n\n\n<p class=\"wp-block-paragraph\">Der Vorteil liegt darin, dass im seitlichen und hinteren Kopfbereich in der Regel noch genetisch stabile Haarfollikel vorhanden sind. Diese reagieren nicht empfindlich auf <a href=\"https:\/\/www.gesundheit.gv.at\/labor\/laborwerte\/hormone-tumormarker\/dihydrotestosteron-dht.html\" target=\"_blank\" rel=\"noreferrer noopener\">Dihydrotestosteron (DHT)<\/a> und eignen sich daher als Spenderhaar. Wie viel dieser Zone entnommen werden darf, ist Teil der \u00e4rztlichen Planung und im Artikel zum <a href=\"\/de\/blog-haartransplantation\/spenderbereich-nach-haartransplantation\/\">Spenderbereich<\/a> erkl\u00e4rt.<\/p>\n\n\n\n<p class=\"wp-block-paragraph\">Die Entnahme erfolgt meist mittels <a href=\"\/de\/techniken\/fue-haartransplantation\/\"><strong>FUE-Methode<\/strong> (Follicular Unit Extraction)<\/a>, bei der einzelne follikul\u00e4re Einheiten schonend und narbenarm entnommen werden. F\u00fcr das gezielte Einsetzen der Haarfollikel wird die <a href=\"\/de\/techniken\/dhi-haartransplantation\/\"><strong>DHI-Technik<\/strong> (Direct Hair Implantation)<\/a> genutzt, bei Elithair Standard und im Preis inklusive. Sie erm\u00f6glicht eine pr\u00e4zise Kontrolle von Wuchsrichtung und Dichte, was gerade am Wirbel entscheidend ist.<\/p>\n\n\n\n<p class=\"wp-block-paragraph\">Nach einer anf\u00e4nglichen Ruhephase beginnt das neue Haarwachstum, das sich \u00fcber mehrere Monate entwickelt. Beurteilbar ist das Ergebnis in der Regel nach 9 bis 12 Monaten. Das Ergebnis ist dauerhaft wachsendes Eigenhaar mit nat\u00fcrlichem Erscheinungsbild. Das Design der Fl\u00e4che und der Wuchsrichtung macht der Arzt, jeder Schritt wird \u00e4rztlich abgenommen.<\/p>\n\n\n<div class=\"wp-block-image\">\n<figure class=\"aligncenter size-large is-resized\" style=\"max-width:560px;margin-left:auto;margin-right:auto\"><img decoding=\"async\" src=\"https:\/\/elithair.com\/de\/wp-content\/uploads\/sites\/2\/2026\/08\/fue_dhi_vertex.png\" alt=\"Schema der Entnahme aus der occipitalen Spenderzone und der Implantation mit Wuchsrichtung im Wirbelbereich\" class=\"wp-image-107097\" style=\"width:560px;max-width:100%;height:auto\"\/><\/figure>\n<\/div>\n\n\n<div style=\"border:1px solid #e3e8ef;border-radius:10px;padding:20px 22px;margin:8px 0 28px\">\n<p style=\"margin:0 0 10px;color:#013366;font-weight:700;font-size:17px\">Wann eine Transplantation am Wirbel sinnvoll ist<\/p>\n<p style=\"margin:0 0 6px;color:#013366;font-weight:600;font-size:15px\">Spricht daf\u00fcr<\/p>\n<ul style=\"margin:0 0 14px;padding-left:20px;color:#2e3033;font-size:15px;line-height:1.75\">\n<li>Die androgenetische Ursache ist \u00e4rztlich gesichert<\/li>\n<li>Der Verlauf ist seit mindestens einem Jahr stabil oder medikament\u00f6s stabilisiert<\/li>\n<li>Die Spenderzone am Hinterkopf ist dicht und ausreichend gro\u00df<\/li>\n<li>Die Erwartung an die erreichbare Dichte am Wirbel ist realistisch<\/li>\n<\/ul>\n<p style=\"margin:0 0 6px;color:#013366;font-weight:600;font-size:15px\">Spricht dagegen oder erst sp\u00e4ter<\/p>\n<ul style=\"margin:0;padding-left:20px;color:#2e3033;font-size:15px;line-height:1.75\">\n<li>Aktiver oder instabiler kreisrunder Haarausfall: Eine Transplantation in einen aktiven Herd ist kontraindiziert, weil der Autoimmunprozess auch verpflanzte Follikel angreifen kann<\/li>\n<li>Unbehandelte entz\u00fcndliche oder narbige Alopezie<\/li>\n<li>Sehr junger Patient mit schnell fortschreitendem Verlust<\/li>\n<li>Diffuser Haarausfall am ganzen Kopf<\/li>\n<li>Geschw\u00e4chte oder ausged\u00fcnnte Spenderzone<\/li>\n<\/ul>\n<p style=\"margin:12px 0 0;color:#5b6169;font-size:13.5px;font-style:italic\">Diese Liste ist eine Orientierung. Die Eignung entscheidet immer der Arzt im Einzelfall.<\/p>\n<\/div>\n\n\n\n<p class=\"wp-block-paragraph\">Ein Punkt zur Fl\u00e4che, der bei der Entscheidung hilft: Der Vertex ist eine Fl\u00e4che mit Wirbelstruktur und keine Linie. F\u00fcr denselben sichtbaren Effekt braucht er mehr Grafts als die Haarlinie, und wenn der Haarausfall noch fortschreitet, muss Spenderhaar f\u00fcr sp\u00e4ter reserviert bleiben. Deshalb wird bei jungen Patienten mit aktivem Vertex-Verlust oft erst stabilisiert und sp\u00e4ter transplantiert. Ablauf und Details zur <a href=\"\/de\/blog-haartransplantation\/haartransplantation-tonsur\/\">Transplantation im Wirbelbereich<\/a> stehen im eigenen Artikel dazu.<\/p>\n\n\n\n<h2 class=\"wp-block-heading\" id=\"behandlung\">Behandlung von Haarausfall am Hinterkopf individuell anpassen<\/h2>\n\n\n\n<p class=\"wp-block-paragraph\"><strong>Haarausfall am Hinterkopf ist kein eigenst\u00e4ndiges Krankheitsbild, sondern ein Symptom, deshalb setzt jede sinnvolle Behandlung an der Ursache an und nicht an der kahlen Stelle.<\/strong> Liegt eine genetische Veranlagung zugrunde, lassen sich verlorene Follikel langfristig nur durch eine <a href=\"\/de\/behandlungen\/haartransplantation\/\">Haartransplantation<\/a> ersetzen. Bei allen anderen Ursachen gilt die umgekehrte Reihenfolge: erst die Ursache behandeln, dann \u00fcber Kosmetik oder Chirurgie nachdenken.<\/p>\n\n\n\n<p class=\"wp-block-paragraph\">Der n\u00e4chste konkrete Schritt ist klein. Machen Sie heute die erste Aufnahme Ihres Hinterkopfs nach dem Foto-Protokoll und legen Sie sich einen Termin in drei Monaten in den Kalender. Zeigt der Vergleich eine wachsende Fl\u00e4che, oder sehen Sie eines der Warnzeichen aus dem Kasten weiter oben, dann geh\u00f6rt der Befund in \u00e4rztliche H\u00e4nde, nicht in ein Forum.<\/p>\n\n\n<div class=\"wp-block-image\">\n<figure class=\"aligncenter size-large is-resized\" style=\"max-width:720px;margin-left:auto;margin-right:auto\"><img decoding=\"async\" src=\"https:\/\/elithair.com\/de\/wp-content\/uploads\/sites\/2\/2026\/08\/hinterkopf_fotovergleich.png\" alt=\"Mann vergleicht am K\u00fcchentisch bei Tageslicht Fotos auf seinem Smartphone\" class=\"wp-image-107100\" style=\"width:720px;max-width:100%;height:auto\"\/><\/figure>\n<\/div>\n\n\n<h2 class=\"wp-block-heading\">H\u00e4ufige Fragen zu Haarausfall am Hinterkopf<\/h2>\n\n\n\n<div>\n<div style=\"border:1px solid #e3e8ef;border-radius:10px;padding:16px 18px;margin-bottom:12px\">\n<p style=\"margin:0 0 6px;color:#013366;font-weight:600;font-size:16px\">Ist ein sichtbarer Wirbel am Hinterkopf schon Haarausfall?<\/p>\n<p style=\"margin:0;color:#2e3033;font-size:15px;line-height:1.6\"><strong>Nein.<\/strong> Am Wirbel laufen die Haare strudelf\u00f6rmig auseinander, deshalb scheint dort immer etwas Kopfhaut durch. F\u00fcr Haarausfall sprechen erst drei Zeichen: eine zum Rand hin abnehmende Dichte, kurze feine Haare zwischen den kr\u00e4ftigen (Anisotrichose ab 20 % beim Mann) und eine Fl\u00e4che, die \u00fcber drei bis sechs Monate w\u00e4chst.<\/p>\n<\/div>\n<div style=\"border:1px solid #e3e8ef;border-radius:10px;padding:16px 18px;margin-bottom:12px\">\n<p style=\"margin:0 0 6px;color:#013366;font-weight:600;font-size:16px\">Wie erkenne ich, ob die kahle Stelle am Hinterkopf w\u00e4chst?<\/p>\n<p style=\"margin:0;color:#2e3033;font-size:15px;line-height:1.6\"><strong>Nur im Fotovergleich unter gleichen Bedingungen.<\/strong> Tageslicht am Fenster, trockenes ungestyltes Haar, gleicher Abstand und Winkel, Aufnahmen jetzt sowie nach 3 und 6 Monaten. K\u00fcrzere Abst\u00e4nde zeigen vor allem Licht- und Styling-Unterschiede, weil der Haarzyklus mehrere Monate braucht.<\/p>\n<\/div>\n<div style=\"border:1px solid #e3e8ef;border-radius:10px;padding:16px 18px;margin-bottom:12px\">\n<p style=\"margin:0 0 6px;color:#013366;font-weight:600;font-size:16px\">Kann erblicher Haarausfall nur am Hinterkopf auftreten?<\/p>\n<p style=\"margin:0;color:#2e3033;font-size:15px;line-height:1.6\"><strong>Ja.<\/strong> Das ist der Vertex-Typ der androgenetischen Alopezie: Die lichte Stelle beginnt am Wirbel, die Haarlinie bleibt zun\u00e4chst stehen. Die Norwood-Skala f\u00fchrt ihn als Stadium III vertex. Der untere Hinterkopf und der Nacken bleiben verschont, weil diese occipitale Zone DHT-resistent ist.<\/p>\n<\/div>\n<div style=\"border:1px solid #e3e8ef;border-radius:10px;padding:16px 18px;margin-bottom:12px\">\n<p style=\"margin:0 0 6px;color:#013366;font-weight:600;font-size:16px\">Was bedeutet eine runde kahle Stelle am Hinterkopf?<\/p>\n<p style=\"margin:0;color:#2e3033;font-size:15px;line-height:1.6\"><strong>Meist kreisrunden Haarausfall.<\/strong> Eine runde, scharf begrenzte Stelle mit glatter Haut spricht daf\u00fcr, das Lebenszeitrisiko liegt bei rund 2 %. Bandf\u00f6rmig am unteren Haaransatz hei\u00dft er Ophiasis-Typ, Pr\u00e4valenz rund 0,02 %, mit ung\u00fcnstigerer Prognose. Beides geh\u00f6rt zeitnah in eine dermatologische Praxis.<\/p>\n<\/div>\n<div style=\"border:1px solid #e3e8ef;border-radius:10px;padding:16px 18px;margin-bottom:12px\">\n<p style=\"margin:0 0 6px;color:#013366;font-weight:600;font-size:16px\">Kann Haarausfall am Hinterkopf durch Kopfkissen, Helm oder Kopfst\u00fctze entstehen?<\/p>\n<p style=\"margin:0;color:#2e3033;font-size:15px;line-height:1.6\"><strong>Ja.<\/strong> Als Friktions- oder Druckalopezie genau an der Auflagestelle, oft mit abgebrochenen Haaren. Meist bildet sich das in 3 bis 6 Monaten zur\u00fcck, sobald die Belastung wegf\u00e4llt. Eine echte Druckalopezie ist dagegen nach stundenlanger Immobilit\u00e4t beschrieben, etwa nach langen Operationen.<\/p>\n<\/div>\n<div style=\"border:1px solid #e3e8ef;border-radius:10px;padding:16px 18px;margin-bottom:12px\">\n<p style=\"margin:0 0 6px;color:#013366;font-weight:600;font-size:16px\">Haarausfall am Hinterkopf bei Frauen: wann ist es kritisch?<\/p>\n<p style=\"margin:0;color:#2e3033;font-size:15px;line-height:1.6\"><strong>Jede umschriebene Stelle am Hinterkopf ist bei Frauen erkl\u00e4rungsbed\u00fcrftig.<\/strong> Das weibliche Ludwig-Muster lichtet den Scheitel und spart den Hinterkopf aus. Zeitnah abkl\u00e4ren lassen sollten Sie einen runden scharf begrenzten Herd, eine r\u00f6tende, schuppende oder schmerzende Kopfhaut, gl\u00e4nzend glatte Haut ohne Haarporen und einen pl\u00f6tzlichen Beginn.<\/p>\n<\/div>\n<div style=\"border:1px solid #e3e8ef;border-radius:10px;padding:16px 18px;margin-bottom:12px\">\n<p style=\"margin:0 0 6px;color:#013366;font-weight:600;font-size:16px\">W\u00e4chst Haarausfall am Hinterkopf von allein wieder nach?<\/p>\n<p style=\"margin:0;color:#2e3033;font-size:15px;line-height:1.6\"><strong>Das h\u00e4ngt von der Ursache ab.<\/strong> Beim kreisrunden Haarausfall erholen sich nach der ersten Episode rund 50 % innerhalb eines Jahres spontan, diffuse Formen meist 3 bis 6 Monate nach Wegfall des Ausl\u00f6sers. Der erbliche Haarausfall am Vertex geht nicht von allein zur\u00fcck, er schreitet unbehandelt fort.<\/p>\n<\/div>\n<div style=\"border:1px solid #e3e8ef;border-radius:10px;padding:16px 18px;margin-bottom:12px\">\n<p style=\"margin:0 0 6px;color:#013366;font-weight:600;font-size:16px\">Wirkt Minoxidil am Wirbel besser als an der Stirn?<\/p>\n<p style=\"margin:0;color:#2e3033;font-size:15px;line-height:1.6\"><strong>Am Vertex ist die Wirkung am besten belegt.<\/strong> Die Zulassungsstudien haben dort ihre Zielfl\u00e4che ausgemessen. Bei Olsen et al. (2002) brachte 5 % Minoxidil nach 48 Wochen rund 45 % st\u00e4rkeres Nachwachsen als 2 %, erste terminale Haare nach etwa 4 Monaten. Das gilt nur f\u00fcr androgenetischen Haarausfall.<\/p>\n<\/div>\n<div style=\"border:1px solid #e3e8ef;border-radius:10px;padding:16px 18px;margin-bottom:12px\">\n<p style=\"margin:0 0 6px;color:#013366;font-weight:600;font-size:16px\">Wie viele Haare am Tag sind normal?<\/p>\n<p style=\"margin:0;color:#2e3033;font-size:15px;line-height:1.6\"><strong>50 bis 100 Haare pro Tag.<\/strong> Diesen Bereich nennen die American Academy of Dermatology und der NHS, deutsche Ratgeber h\u00e4ufig 70 bis 100. Eine scharfe Grenze gibt es nicht, weil die Zahl mit Waschrhythmus und Jahreszeit schwankt. Auff\u00e4llig ist es, wenn es \u00fcber Wochen dauerhaft und deutlich mehr wird.<\/p>\n<\/div>\n<div style=\"border:1px solid #e3e8ef;border-radius:10px;padding:16px 18px;margin-bottom:12px\">\n<p style=\"margin:0 0 6px;color:#013366;font-weight:600;font-size:16px\">Bin ich mit Anfang 20 zu jung f\u00fcr eine Transplantation am Wirbel?<\/p>\n<p style=\"margin:0;color:#2e3033;font-size:15px;line-height:1.6\"><strong>Nicht das Alter entscheidet, sondern die Stabilit\u00e4t des Verlaufs.<\/strong> Bei schnell fortschreitendem Vertex-Verlust wird meist erst konservativ stabilisiert, sonst geht rund um das transplantierte Areal weiter Haar verloren und Spenderhaar fehlt sp\u00e4ter. Die Eignung beurteilt der Arzt im Einzelfall.<\/p>\n<\/div>\n<div style=\"border:1px solid #e3e8ef;border-radius:10px;padding:16px 18px;margin-bottom:12px\">\n<p style=\"margin:0 0 6px;color:#013366;font-weight:600;font-size:16px\">Lassen Gel und Wachs den Wirbel kahler aussehen, als er ist?<\/p>\n<p style=\"margin:0;color:#2e3033;font-size:15px;line-height:1.6\"><strong>Ja, das ist der h\u00e4ufigste Fehlalarm.<\/strong> Nasses oder mit Gel verklebtes Haar liegt in Str\u00e4hnen, dadurch scheint an jedem Wirbel Kopfhaut durch, dazu wirft Deckenlicht Schatten in den Strudel. Studien gibt es dazu nicht: Beurteilen Sie nur trockenes, ungestyltes Haar bei Tageslicht.<\/p>\n<\/div>\n<div style=\"border:1px solid #e3e8ef;border-radius:10px;padding:16px 18px;margin-bottom:12px\">\n<p style=\"margin:0 0 6px;color:#013366;font-weight:600;font-size:16px\">Habe ich Haarausfall oder einen Doppelwirbel?<\/p>\n<p style=\"margin:0;color:#2e3033;font-size:15px;line-height:1.6\"><strong>Ein Doppelwirbel ist ein Wuchsmuster, kein Haarausfall.<\/strong> Zwei Strudel lassen den Hinterkopf nur unruhiger wirken. Entscheidend bleiben Dichte und Verlauf: Bleibt das Haar bis an beide Strudel kr\u00e4ftig und das Bild \u00fcber Monate gleich, ist es ein Muster. Belastbare Studien dazu gibt es nicht.<\/p>\n<\/div>\n<div style=\"border:1px solid #e3e8ef;border-radius:10px;padding:16px 18px;margin-bottom:12px\">\n<p style=\"margin:0 0 6px;color:#013366;font-weight:600;font-size:16px\">Ist ein Sonnenbrand am Wirbel ein Warnzeichen?<\/p>\n<p style=\"margin:0;color:#2e3033;font-size:15px;line-height:1.6\"><strong>Ein plausibler Hinweis, kein Beweis.<\/strong> Wo Haar fehlt, fehlt UV-Schutz, ein Sonnenbrand genau am Wirbel spricht f\u00fcr eine verringerte Dichte an dieser Stelle. Eine Studie dazu gibt es nicht. Sinnvoll ist beides, Kopfbedeckung tragen und den Verlauf fotografisch pr\u00fcfen.<\/p>\n<\/div>\n<div style=\"border:1px solid #e3e8ef;border-radius:10px;padding:16px 18px;margin-bottom:12px\">\n<p style=\"margin:0 0 6px;color:#013366;font-weight:600;font-size:16px\">Wie l\u00e4sst sich der Fortschritt des Haarausfalls am Hinterkopf verlangsamen?<\/p>\n<p style=\"margin:0;color:#2e3033;font-size:15px;line-height:1.6\"><strong>Nur teilweise und nur medikament\u00f6s.<\/strong> Minoxidil und Finasterid k\u00f6nnen den erblichen Haarausfall verlangsamen, ihn aber nicht vollst\u00e4ndig aufhalten. Am Vertex sind erste Effekte nach etwa 4 Monaten zu erwarten, beurteilbar ab 24 Wochen, und die Wirkung besteht nur w\u00e4hrend der Anwendung. Fachliche Beratung ist ratsam.<\/p>\n<\/div>\n<div style=\"border:1px solid #e3e8ef;border-radius:10px;padding:16px 18px;margin-bottom:12px\">\n<p style=\"margin:0 0 6px;color:#013366;font-weight:600;font-size:16px\">Welche nicht-chirurgischen L\u00f6sungen gibt es f\u00fcr Haarausfall am Hinterkopf?<\/p>\n<p style=\"margin:0;color:#2e3033;font-size:15px;line-height:1.6\"><strong>Kaschierende Optionen, keine urs\u00e4chlichen.<\/strong> Haarverdichtung, moderne Haarsysteme, Per\u00fccken oder Haarteile sind tempor\u00e4re L\u00f6sungen, dazu kommen Streuhaare, Kopfhautpigmentierung und ein k\u00fcrzerer Schnitt, der den Kontrast zwischen Haar und Kopfhaut verringert. Den Verlauf ver\u00e4ndern diese Optionen nicht.<\/p>\n<\/div>\n<div style=\"border:1px solid #e3e8ef;border-radius:10px;padding:16px 18px;margin-bottom:12px\">\n<p style=\"margin:0 0 6px;color:#013366;font-weight:600;font-size:16px\">Wie lange h\u00e4lt das Ergebnis einer Haartransplantation am Hinterkopf an?<\/p>\n<p style=\"margin:0;color:#2e3033;font-size:15px;line-height:1.6\"><strong>In der Regel dauerhaft.<\/strong> Die transplantierten Haare stammen aus der DHT-resistenten occipitalen Zone und behalten diese Eigenschaft (Donor Dominance). Beurteilbar ist das Ergebnis nach 9 bis 12 Monaten. Der eigene Haarausfall daneben kann weitergehen, deshalb bleibt Stabilisierung Thema.<\/p>\n<\/div>\n<div style=\"border:1px solid #e3e8ef;border-radius:10px;padding:16px 18px;margin-bottom:0\">\n<p style=\"margin:0 0 6px;color:#013366;font-weight:600;font-size:16px\">Wie pflegt man das transplantierte Haar nach der Operation?<\/p>\n<p style=\"margin:0;color:#2e3033;font-size:15px;line-height:1.6\"><strong>Schonend und ohne Druck auf dem Empf\u00e4ngerareal.<\/strong> Die vom Arzt empfohlenen Produkte unterst\u00fctzen das Anwachsen. In den ersten Wochen gilt: keine Reibung auf dem transplantierten Bereich, also auch nicht auf dem Wirbel liegen, keine Kopfbedeckung ohne Freigabe und kein Kratzen an Krusten.<\/p>\n<\/div>\n<\/div>\n\n\n<div class=\"wp-block-image\">\n<figure class=\"aligncenter size-large is-resized\" style=\"max-width:720px;margin-left:auto;margin-right:auto\"><img decoding=\"async\" src=\"https:\/\/elithair.com\/de\/wp-content\/uploads\/sites\/2\/2026\/08\/beratung_hinterkopf.png\" alt=\"\u00c4rztliches Beratungsgespr\u00e4ch zu Haarausfall am Hinterkopf an einem Schreibtisch bei Tageslicht\" class=\"wp-image-107105\" style=\"width:720px;max-width:100%;height:auto\"\/><\/figure>\n<\/div>\n\n\n<h2 class=\"wp-block-heading\">Quellen<\/h2>\n\n\n\n<div style=\"font-size:14px;color:#2e3033;line-height:1.75\">\n<ol style=\"margin:0;padding-left:26px\">\n<li id=\"ref1\">NHS, \u201eHair loss&#8220;: <a href=\"https:\/\/www.nhs.uk\/symptoms\/hair-loss\/\" target=\"_blank\" rel=\"noopener\">nhs.uk<\/a><\/li>\n<li id=\"ref2\">\u201eMale Androgenetic Alopecia&#8220;, Endotext, NCBI Bookshelf: <a href=\"https:\/\/www.ncbi.nlm.nih.gov\/books\/NBK278957\/\" target=\"_blank\" rel=\"noopener\">ncbi.nlm.nih.gov<\/a><\/li>\n<li id=\"ref3\">AEDV, Grupo Espa\u00f1ol de Tricolog\u00eda: Konsensdokument zur androgenetischen Alopezie, Actas Dermo-Sifiliogr\u00e1ficas: <a href=\"https:\/\/www.actasdermo.org\/es-recomendaciones-sobre-el-manejo-clinico-articulo-S000173102300844X\" target=\"_blank\" rel=\"noopener\">actasdermo.org<\/a><\/li>\n<li id=\"ref4\">\u201ePatient-Based Ratio Method for Permanent Zone Donor Area Calculation in Hair Transplant&#8220;, PMC (Donor Dominance, Orentreich 1959): <a href=\"https:\/\/pmc.ncbi.nlm.nih.gov\/articles\/PMC11679175\/\" target=\"_blank\" rel=\"noopener\">pmc.ncbi.nlm.nih.gov<\/a><\/li>\n<li id=\"ref5\">\u201eTrichoscopy of Androgenetic Alopecia: A Systematic Review&#8220;, PMC: <a href=\"https:\/\/www.ncbi.nlm.nih.gov\/pmc\/articles\/PMC11012765\/\" target=\"_blank\" rel=\"noopener\">ncbi.nlm.nih.gov<\/a><\/li>\n<li id=\"ref6\">Lintzeri et al. (2022): \u201eAlopecia areata&#8220;, JDDG: <a href=\"https:\/\/onlinelibrary.wiley.com\/doi\/10.1111\/ddg.14689\" target=\"_blank\" rel=\"noopener\">onlinelibrary.wiley.com<\/a><\/li>\n<li id=\"ref7\">AWMF, S3-Leitlinie Alopecia areata, Reg.-Nr. 013-104 (Februar 2026): <a href=\"https:\/\/register.awmf.org\/de\/leitlinien\/detail\/013-104\" target=\"_blank\" rel=\"noopener\">register.awmf.org<\/a><\/li>\n<li id=\"ref8\">\u201eTraction Alopecia: Clinical and Cultural Patterns&#8220;, PMC: <a href=\"https:\/\/pmc.ncbi.nlm.nih.gov\/articles\/PMC8530059\/\" target=\"_blank\" rel=\"noopener\">pmc.ncbi.nlm.nih.gov<\/a><\/li>\n<li id=\"ref9\">\u201eAcne Keloidalis Nuchae&#8220;, StatPearls, NCBI Bookshelf: <a href=\"https:\/\/www.ncbi.nlm.nih.gov\/books\/NBK459135\/\" target=\"_blank\" rel=\"noopener\">ncbi.nlm.nih.gov<\/a><\/li>\n<li id=\"ref10\">American Academy of Dermatology, \u201eDo you have hair loss or hair shedding?&#8220;: <a href=\"https:\/\/www.aad.org\/public\/diseases\/hair-loss\/insider\/shedding\" target=\"_blank\" rel=\"noopener\">aad.org<\/a><\/li>\n<li id=\"ref11\">\u201eFemale Pattern Hair Loss&#8220;, PMC (Ludwig-Muster): <a href=\"https:\/\/www.ncbi.nlm.nih.gov\/pmc\/articles\/PMC3968982\/\" target=\"_blank\" rel=\"noopener\">ncbi.nlm.nih.gov<\/a><\/li>\n<li id=\"ref12\">JAMA Dermatology: Lebensqualit\u00e4t, Depression und Selbstwert bei androgenetischer Alopezie (Metaanalyse): <a href=\"https:\/\/jamanetwork.com\/journals\/jamadermatology\/fullarticle\/2781706\" target=\"_blank\" rel=\"noopener\">jamanetwork.com<\/a><\/li>\n<li id=\"ref13\">Olsen et al. (2002): 5 % vs. 2 % topisches Minoxidil, PubMed 12196747: <a href=\"https:\/\/pubmed.ncbi.nlm.nih.gov\/12196747\/\" target=\"_blank\" rel=\"noopener\">pubmed.ncbi.nlm.nih.gov<\/a><\/li>\n<li id=\"ref14\">\u201eExpanding the therapeutic landscape of minoxidil&#8220;, Frontiers in Pharmacology 2025: <a href=\"https:\/\/www.frontiersin.org\/journals\/pharmacology\/articles\/10.3389\/fphar.2025.1718208\/full\" target=\"_blank\" rel=\"noopener\">frontiersin.org<\/a><\/li>\n<li id=\"ref15\">PRP bei androgenetischer Alopezie, Metaanalyse randomisierter Studien, PubMed 37533146: <a href=\"https:\/\/pubmed.ncbi.nlm.nih.gov\/37533146\/\" target=\"_blank\" rel=\"noopener\">pubmed.ncbi.nlm.nih.gov<\/a><\/li>\n<li id=\"ref16\">PRP zus\u00e4tzlich zu topischem Minoxidil, Metaanalyse, PMC: <a href=\"https:\/\/www.ncbi.nlm.nih.gov\/pmc\/articles\/PMC11356437\/\" target=\"_blank\" rel=\"noopener\">ncbi.nlm.nih.gov<\/a><\/li>\n<li id=\"ref17\">T\u00fcrk Dermatoloji Derne\u011fi: Patienteninformation androgenetischer Haarausfall (Low-Level-Lasertherapie): <a href=\"https:\/\/turkdermatoloji.org.tr\/media\/pdf\/erkek%20Tipi%20Sa%C3%A7%20D%C3%B6k%C3%BClmesi%20(Androgenetik%20alopesi)%20Kopyas%C4%B1%20(3).pdf\" target=\"_blank\" rel=\"noopener\">turkdermatoloji.org.tr<\/a><\/li>\n<li id=\"ref18\">\u201eMale androgenetic alopecia&#8220; (Miniaturisierung, Fibrose), PMC; erg\u00e4nzend PubMed 33539849: <a href=\"https:\/\/pmc.ncbi.nlm.nih.gov\/articles\/PMC11962920\/\" target=\"_blank\" rel=\"noopener\">pmc.ncbi.nlm.nih.gov<\/a><\/li>\n<\/ol>\n<p style=\"margin:14px 0 0;color:#6b7280;font-size:13px;font-style:italic\">Medizinisch gepr\u00fcft, Stand August 2026. Dieser Beitrag dient der Information und ersetzt keine \u00e4rztliche Diagnose oder Behandlung. Bei runden kahlen Herden, bei ger\u00f6teter, schuppender, n\u00e4ssender oder schmerzender Kopfhaut, bei gl\u00e4nzend glatter Haut ohne sichtbare Haarporen sowie bei pl\u00f6tzlichem Beginn innerhalb weniger Wochen wenden Sie sich bitte zeitnah an eine dermatologische Praxis. Verordnete Medikamente setzen Sie nie eigenm\u00e4chtig ab.<\/p>\n<\/div>\n\n\n\n<script type=\"application\/ld+json\">\n{\n  \"@context\": \"https:\/\/schema.org\",\n  \"@type\": \"FAQPage\",\n  \"mainEntity\": [\n    {\n      \"@type\": \"Question\",\n      \"name\": \"Ist ein sichtbarer Wirbel am Hinterkopf schon Haarausfall?\",\n      \"acceptedAnswer\": {\n        \"@type\": \"Answer\",\n        \"text\": \"Nein. Am Wirbel laufen die Haare strudelf\u00f6rmig auseinander, deshalb scheint dort immer etwas Kopfhaut durch. F\u00fcr Haarausfall sprechen erst drei Zeichen: eine zum Rand hin abnehmende Dichte, kurze feine Haare zwischen den kr\u00e4ftigen (Anisotrichose ab 20 % beim Mann) und eine Fl\u00e4che, die \u00fcber drei bis sechs Monate w\u00e4chst.\"\n      }\n    },\n    {\n      \"@type\": \"Question\",\n      \"name\": \"Wie erkenne ich, ob die kahle Stelle am Hinterkopf w\u00e4chst?\",\n      \"acceptedAnswer\": {\n        \"@type\": \"Answer\",\n        \"text\": \"Nur im Fotovergleich unter gleichen Bedingungen. Tageslicht am Fenster, trockenes ungestyltes Haar, gleicher Abstand und Winkel, Aufnahmen jetzt sowie nach 3 und 6 Monaten. K\u00fcrzere Abst\u00e4nde zeigen vor allem Licht- und Styling-Unterschiede, weil der Haarzyklus mehrere Monate braucht.\"\n      }\n    },\n    {\n      \"@type\": \"Question\",\n      \"name\": \"Kann erblicher Haarausfall nur am Hinterkopf auftreten?\",\n      \"acceptedAnswer\": {\n        \"@type\": \"Answer\",\n        \"text\": \"Ja. Das ist der Vertex-Typ der androgenetischen Alopezie: Die lichte Stelle beginnt am Wirbel, die Haarlinie bleibt zun\u00e4chst stehen. Die Norwood-Skala f\u00fchrt ihn als Stadium III vertex. Der untere Hinterkopf und der Nacken bleiben verschont, weil diese occipitale Zone DHT-resistent ist.\"\n      }\n    },\n    {\n      \"@type\": \"Question\",\n      \"name\": \"Was bedeutet eine runde kahle Stelle am Hinterkopf?\",\n      \"acceptedAnswer\": {\n        \"@type\": \"Answer\",\n        \"text\": \"Meist kreisrunden Haarausfall. Eine runde, scharf begrenzte Stelle mit glatter Haut spricht daf\u00fcr, das Lebenszeitrisiko liegt bei rund 2 %. Bandf\u00f6rmig am unteren Haaransatz hei\u00dft er Ophiasis-Typ, Pr\u00e4valenz rund 0,02 %, mit ung\u00fcnstigerer Prognose. Beides geh\u00f6rt zeitnah in eine dermatologische Praxis.\"\n      }\n    },\n    {\n      \"@type\": \"Question\",\n      \"name\": \"Kann Haarausfall am Hinterkopf durch Kopfkissen, Helm oder Kopfst\u00fctze entstehen?\",\n      \"acceptedAnswer\": {\n        \"@type\": \"Answer\",\n        \"text\": \"Ja. Als Friktions- oder Druckalopezie genau an der Auflagestelle, oft mit abgebrochenen Haaren. Meist bildet sich das in 3 bis 6 Monaten zur\u00fcck, sobald die Belastung wegf\u00e4llt. Eine echte Druckalopezie ist dagegen nach stundenlanger Immobilit\u00e4t beschrieben, etwa nach langen Operationen.\"\n      }\n    },\n    {\n      \"@type\": \"Question\",\n      \"name\": \"Haarausfall am Hinterkopf bei Frauen: wann ist es kritisch?\",\n      \"acceptedAnswer\": {\n        \"@type\": \"Answer\",\n        \"text\": \"Jede umschriebene Stelle am Hinterkopf ist bei Frauen erkl\u00e4rungsbed\u00fcrftig. Das weibliche Ludwig-Muster lichtet den Scheitel und spart den Hinterkopf aus. Zeitnah abkl\u00e4ren lassen sollten Sie einen runden scharf begrenzten Herd, eine r\u00f6tende, schuppende oder schmerzende Kopfhaut, gl\u00e4nzend glatte Haut ohne Haarporen und einen pl\u00f6tzlichen Beginn.\"\n      }\n    },\n    {\n      \"@type\": \"Question\",\n      \"name\": \"W\u00e4chst Haarausfall am Hinterkopf von allein wieder nach?\",\n      \"acceptedAnswer\": {\n        \"@type\": \"Answer\",\n        \"text\": \"Das h\u00e4ngt von der Ursache ab. Beim kreisrunden Haarausfall erholen sich nach der ersten Episode rund 50 % innerhalb eines Jahres spontan, diffuse Formen meist 3 bis 6 Monate nach Wegfall des Ausl\u00f6sers. Der erbliche Haarausfall am Vertex geht nicht von allein zur\u00fcck, er schreitet unbehandelt fort.\"\n      }\n    },\n    {\n      \"@type\": \"Question\",\n      \"name\": \"Wirkt Minoxidil am Wirbel besser als an der Stirn?\",\n      \"acceptedAnswer\": {\n        \"@type\": \"Answer\",\n        \"text\": \"Am Vertex ist die Wirkung am besten belegt. Die Zulassungsstudien haben dort ihre Zielfl\u00e4che ausgemessen. Bei Olsen et al. (2002) brachte 5 % Minoxidil nach 48 Wochen rund 45 % st\u00e4rkeres Nachwachsen als 2 %, erste terminale Haare nach etwa 4 Monaten. Das gilt nur f\u00fcr androgenetischen Haarausfall.\"\n      }\n    },\n    {\n      \"@type\": \"Question\",\n      \"name\": \"Wie viele Haare am Tag sind normal?\",\n      \"acceptedAnswer\": {\n        \"@type\": \"Answer\",\n        \"text\": \"50 bis 100 Haare pro Tag. Diesen Bereich nennen die American Academy of Dermatology und der NHS, deutsche Ratgeber h\u00e4ufig 70 bis 100. Eine scharfe Grenze gibt es nicht, weil die Zahl mit Waschrhythmus und Jahreszeit schwankt. Auff\u00e4llig ist es, wenn es \u00fcber Wochen dauerhaft und deutlich mehr wird.\"\n      }\n    },\n    {\n      \"@type\": \"Question\",\n      \"name\": \"Bin ich mit Anfang 20 zu jung f\u00fcr eine Transplantation am Wirbel?\",\n      \"acceptedAnswer\": {\n        \"@type\": \"Answer\",\n        \"text\": \"Nicht das Alter entscheidet, sondern die Stabilit\u00e4t des Verlaufs. Bei schnell fortschreitendem Vertex-Verlust wird meist erst konservativ stabilisiert, sonst geht rund um das transplantierte Areal weiter Haar verloren und Spenderhaar fehlt sp\u00e4ter. Die Eignung beurteilt der Arzt im Einzelfall.\"\n      }\n    },\n    {\n      \"@type\": \"Question\",\n      \"name\": \"Lassen Gel und Wachs den Wirbel kahler aussehen, als er ist?\",\n      \"acceptedAnswer\": {\n        \"@type\": \"Answer\",\n        \"text\": \"Ja, das ist der h\u00e4ufigste Fehlalarm. Nasses oder mit Gel verklebtes Haar liegt in Str\u00e4hnen, dadurch scheint an jedem Wirbel Kopfhaut durch, dazu wirft Deckenlicht Schatten in den Strudel. Studien gibt es dazu nicht: Beurteilen Sie nur trockenes, ungestyltes Haar bei Tageslicht.\"\n      }\n    },\n    {\n      \"@type\": \"Question\",\n      \"name\": \"Habe ich Haarausfall oder einen Doppelwirbel?\",\n      \"acceptedAnswer\": {\n        \"@type\": \"Answer\",\n        \"text\": \"Ein Doppelwirbel ist ein Wuchsmuster, kein Haarausfall. Zwei Strudel lassen den Hinterkopf nur unruhiger wirken. Entscheidend bleiben Dichte und Verlauf: Bleibt das Haar bis an beide Strudel kr\u00e4ftig und das Bild \u00fcber Monate gleich, ist es ein Muster. Belastbare Studien dazu gibt es nicht.\"\n      }\n    },\n    {\n      \"@type\": \"Question\",\n      \"name\": \"Ist ein Sonnenbrand am Wirbel ein Warnzeichen?\",\n      \"acceptedAnswer\": {\n        \"@type\": \"Answer\",\n        \"text\": \"Ein plausibler Hinweis, kein Beweis. Wo Haar fehlt, fehlt UV-Schutz, ein Sonnenbrand genau am Wirbel spricht f\u00fcr eine verringerte Dichte an dieser Stelle. Eine Studie dazu gibt es nicht. Sinnvoll ist beides, Kopfbedeckung tragen und den Verlauf fotografisch pr\u00fcfen.\"\n      }\n    },\n    {\n      \"@type\": \"Question\",\n      \"name\": \"Wie l\u00e4sst sich der Fortschritt des Haarausfalls am Hinterkopf verlangsamen?\",\n      \"acceptedAnswer\": {\n        \"@type\": \"Answer\",\n        \"text\": \"Nur teilweise und nur medikament\u00f6s. Minoxidil und Finasterid k\u00f6nnen den erblichen Haarausfall verlangsamen, ihn aber nicht vollst\u00e4ndig aufhalten. Am Vertex sind erste Effekte nach etwa 4 Monaten zu erwarten, beurteilbar ab 24 Wochen, und die Wirkung besteht nur w\u00e4hrend der Anwendung. Fachliche Beratung ist ratsam.\"\n      }\n    },\n    {\n      \"@type\": \"Question\",\n      \"name\": \"Welche nicht-chirurgischen L\u00f6sungen gibt es f\u00fcr Haarausfall am Hinterkopf?\",\n      \"acceptedAnswer\": {\n        \"@type\": \"Answer\",\n        \"text\": \"Kaschierende Optionen, keine urs\u00e4chlichen. Haarverdichtung, moderne Haarsysteme, Per\u00fccken oder Haarteile sind tempor\u00e4re L\u00f6sungen, dazu kommen Streuhaare, Kopfhautpigmentierung und ein k\u00fcrzerer Schnitt, der den Kontrast zwischen Haar und Kopfhaut verringert. Den Verlauf ver\u00e4ndern diese Optionen nicht.\"\n      }\n    },\n    {\n      \"@type\": \"Question\",\n      \"name\": \"Wie lange h\u00e4lt das Ergebnis einer Haartransplantation am Hinterkopf an?\",\n      \"acceptedAnswer\": {\n        \"@type\": \"Answer\",\n        \"text\": \"In der Regel dauerhaft. Die transplantierten Haare stammen aus der DHT-resistenten occipitalen Zone und behalten diese Eigenschaft (Donor Dominance). Beurteilbar ist das Ergebnis nach 9 bis 12 Monaten. Der eigene Haarausfall daneben kann weitergehen, deshalb bleibt Stabilisierung Thema.\"\n      }\n    },\n    {\n      \"@type\": \"Question\",\n      \"name\": \"Wie pflegt man das transplantierte Haar nach der Operation?\",\n      \"acceptedAnswer\": {\n        \"@type\": \"Answer\",\n        \"text\": \"Schonend und ohne Druck auf dem Empf\u00e4ngerareal. Die vom Arzt empfohlenen Produkte unterst\u00fctzen das Anwachsen. In den ersten Wochen gilt: keine Reibung auf dem transplantierten Bereich, also auch nicht auf dem Wirbel liegen, keine Kopfbedeckung ohne Freigabe und kein Kratzen an Krusten.\"\n      }\n    }\n  ]\n}\n<\/script>\n\n","protected":false},"excerpt":{"rendered":"<p>Haarausfall am Hinterkopf bemerkt man selbst am sp\u00e4testen, oft erst auf einem Urlaubsfoto oder weil jemand etwas sagt. F\u00fcr die Ursache ist entscheidend, wo genau das Haar d\u00fcnner wird: Rund um den Wirbel steckt meist anlagebedingter, also erblicher Haarausfall dahinter, es entsteht eine lichte Stelle, die Kopfhaut wird sichtbar und die Fl\u00e4che w\u00e4chst \u00fcber Jahre [&hellip;]<\/p>\n","protected":false},"author":10,"featured_media":95872,"comment_status":"closed","ping_status":"closed","sticky":false,"template":"","format":"standard","meta":{"_acf_changed":false,"_yoast_wpseo_meta-robots-noindex":"","_yoast_wpseo_meta-robots-nofollow":"","_yoast_wpseo_meta-robots-adv":"","_yoast_wpseo_canonical":"https:\/\/elithair.com\/de\/blog-haartransplantation\/haarausfall-am-hinterkopf-ist-ein-weit-verbreitetes-problem\/","_yoast_wpseo_opengraph-title":"","_yoast_wpseo_opengraph-description":"","_yoast_wpseo_opengraph-image":"","_yoast_wpseo_twitter-title":"","_yoast_wpseo_twitter-description":"","_yoast_wpseo_twitter-image":"","_hm_hreflang_map":{"de":50068,"en":96955,"es":91870,"fr":101236,"it":107655,"pt":89715,"tr":83297,"uk":96341,"x_default":96955},"_hm_language_code":"de","footnotes":""},"categories":[14],"tags":[],"class_list":["post-50068","post","type-post","status-publish","format-standard","has-post-thumbnail","hentry","category-haarausfall-blog"],"acf":[],"yoast_head":"<!-- This site is optimized with the Yoast SEO Premium plugin v28.3 (Yoast SEO v28.3) - https:\/\/yoast.com\/product\/yoast-seo-premium-wordpress\/ -->\n<title>Haarausfall am Hinterkopf: Wirbel, Tonsur oder Nacken? So erkennen Sie die Ursache<\/title>\n<meta name=\"description\" content=\"Haarausfall am Hinterkopf: Am Wirbel steckt meist erblicher Haarausfall dahinter, im Nacken andere Ursachen. Selbstcheck, Norwood-Stadien und was hilft.\" \/>\n<meta name=\"robots\" content=\"index, follow, max-snippet:-1, max-image-preview:large, max-video-preview:-1\" \/>\n<link rel=\"canonical\" href=\"https:\/\/elithair.com\/de\/blog-haartransplantation\/haarausfall-am-hinterkopf-ist-ein-weit-verbreitetes-problem\/\" \/>\n<meta property=\"og:locale\" content=\"de_DE\" \/>\n<meta property=\"og:type\" content=\"article\" \/>\n<meta property=\"og:title\" content=\"Haarausfall am Hinterkopf: Wirbel, Tonsur oder andere Ursache?\" \/>\n<meta property=\"og:description\" content=\"Haarausfall am Hinterkopf: Am Wirbel steckt meist erblicher Haarausfall dahinter, im Nacken andere Ursachen. Selbstcheck, Norwood-Stadien und was hilft.\" \/>\n<meta property=\"og:url\" content=\"https:\/\/elithair.com\/de\/blog-haartransplantation\/haarausfall-am-hinterkopf-ist-ein-weit-verbreitetes-problem\/\" \/>\n<meta property=\"og:site_name\" content=\"Elithair\" \/>\n<meta property=\"article:publisher\" content=\"https:\/\/www.facebook.com\/elithair.de\/\" \/>\n<meta property=\"article:published_time\" content=\"2019-07-09T21:04:59+00:00\" \/>\n<meta property=\"article:modified_time\" content=\"2026-08-31T12:51:24+00:00\" \/>\n<meta property=\"og:image\" content=\"https:\/\/elithair.com\/de\/wp-content\/uploads\/sites\/2\/2019\/07\/patient-mit-haarausfall-am-hinterkopf-elithair-pre-test.webp\" \/>\n\t<meta property=\"og:image:width\" content=\"660\" \/>\n\t<meta property=\"og:image:height\" content=\"380\" \/>\n\t<meta property=\"og:image:type\" content=\"image\/webp\" \/>\n<meta name=\"author\" content=\"Dr. Imad Moustafa\" \/>\n<meta name=\"twitter:card\" content=\"summary_large_image\" \/>\n<meta name=\"twitter:label1\" content=\"Verfasst von\" \/>\n\t<meta name=\"twitter:data1\" content=\"Dr. Imad Moustafa\" \/>\n\t<meta name=\"twitter:label2\" content=\"Gesch\u00e4tzte Lesezeit\" \/>\n\t<meta name=\"twitter:data2\" content=\"9\u00a0Minuten\" \/>\n<script type=\"application\/ld+json\" class=\"yoast-schema-graph\">{\"@context\":\"https:\\\/\\\/schema.org\",\"@graph\":[{\"@type\":\"Article\",\"@id\":\"https:\\\/\\\/elithair.com\\\/de\\\/blog-haartransplantation\\\/haarausfall-am-hinterkopf-ist-ein-weit-verbreitetes-problem\\\/#article\",\"isPartOf\":{\"@id\":\"https:\\\/\\\/elithair.com\\\/de\\\/blog-haartransplantation\\\/haarausfall-am-hinterkopf-ist-ein-weit-verbreitetes-problem\\\/\"},\"author\":{\"name\":\"Dr. Imad Moustafa\",\"@id\":\"https:\\\/\\\/elithair.com\\\/de\\\/#\\\/schema\\\/person\\\/11ce37e83a6343e4c37edcd4b5498e41\"},\"headline\":\"Haarausfall am Hinterkopf: Wirbel, Tonsur oder andere Ursache?\",\"datePublished\":\"2019-07-09T21:04:59+00:00\",\"dateModified\":\"2026-08-31T12:51:24+00:00\",\"mainEntityOfPage\":{\"@id\":\"https:\\\/\\\/elithair.com\\\/de\\\/blog-haartransplantation\\\/haarausfall-am-hinterkopf-ist-ein-weit-verbreitetes-problem\\\/\"},\"wordCount\":7101,\"publisher\":{\"@id\":\"https:\\\/\\\/elithair.com\\\/de\\\/#organization\"},\"image\":{\"@id\":\"https:\\\/\\\/elithair.com\\\/de\\\/blog-haartransplantation\\\/haarausfall-am-hinterkopf-ist-ein-weit-verbreitetes-problem\\\/#primaryimage\"},\"thumbnailUrl\":\"https:\\\/\\\/elithair.com\\\/de\\\/wp-content\\\/uploads\\\/sites\\\/2\\\/2019\\\/07\\\/patient-mit-haarausfall-am-hinterkopf-elithair-pre-test.webp\",\"articleSection\":[\"Haarausfall\"],\"inLanguage\":\"de\"},{\"@type\":\"WebPage\",\"@id\":\"https:\\\/\\\/elithair.com\\\/de\\\/blog-haartransplantation\\\/haarausfall-am-hinterkopf-ist-ein-weit-verbreitetes-problem\\\/\",\"url\":\"https:\\\/\\\/elithair.com\\\/de\\\/blog-haartransplantation\\\/haarausfall-am-hinterkopf-ist-ein-weit-verbreitetes-problem\\\/\",\"name\":\"Haarausfall am Hinterkopf: Wirbel, Tonsur oder Nacken? So erkennen Sie die Ursache\",\"isPartOf\":{\"@id\":\"https:\\\/\\\/elithair.com\\\/de\\\/#website\"},\"primaryImageOfPage\":{\"@id\":\"https:\\\/\\\/elithair.com\\\/de\\\/blog-haartransplantation\\\/haarausfall-am-hinterkopf-ist-ein-weit-verbreitetes-problem\\\/#primaryimage\"},\"image\":{\"@id\":\"https:\\\/\\\/elithair.com\\\/de\\\/blog-haartransplantation\\\/haarausfall-am-hinterkopf-ist-ein-weit-verbreitetes-problem\\\/#primaryimage\"},\"thumbnailUrl\":\"https:\\\/\\\/elithair.com\\\/de\\\/wp-content\\\/uploads\\\/sites\\\/2\\\/2019\\\/07\\\/patient-mit-haarausfall-am-hinterkopf-elithair-pre-test.webp\",\"datePublished\":\"2019-07-09T21:04:59+00:00\",\"dateModified\":\"2026-08-31T12:51:24+00:00\",\"description\":\"Haarausfall am Hinterkopf: Am Wirbel steckt meist erblicher Haarausfall dahinter, im Nacken andere Ursachen. Selbstcheck, Norwood-Stadien und was hilft.\",\"breadcrumb\":{\"@id\":\"https:\\\/\\\/elithair.com\\\/de\\\/blog-haartransplantation\\\/haarausfall-am-hinterkopf-ist-ein-weit-verbreitetes-problem\\\/#breadcrumb\"},\"inLanguage\":\"de\",\"potentialAction\":[{\"@type\":\"ReadAction\",\"target\":[\"https:\\\/\\\/elithair.com\\\/de\\\/blog-haartransplantation\\\/haarausfall-am-hinterkopf-ist-ein-weit-verbreitetes-problem\\\/\"]}]},{\"@type\":\"ImageObject\",\"inLanguage\":\"de\",\"@id\":\"https:\\\/\\\/elithair.com\\\/de\\\/blog-haartransplantation\\\/haarausfall-am-hinterkopf-ist-ein-weit-verbreitetes-problem\\\/#primaryimage\",\"url\":\"https:\\\/\\\/elithair.com\\\/de\\\/wp-content\\\/uploads\\\/sites\\\/2\\\/2019\\\/07\\\/patient-mit-haarausfall-am-hinterkopf-elithair-pre-test.webp\",\"contentUrl\":\"https:\\\/\\\/elithair.com\\\/de\\\/wp-content\\\/uploads\\\/sites\\\/2\\\/2019\\\/07\\\/patient-mit-haarausfall-am-hinterkopf-elithair-pre-test.webp\",\"width\":660,\"height\":380,\"caption\":\"Patient unterzieht sich bei Elithair einer Pre-test Untersuchung zur Diagnose seines Haarausfalls am Hinterkopf.\"},{\"@type\":\"BreadcrumbList\",\"@id\":\"https:\\\/\\\/elithair.com\\\/de\\\/blog-haartransplantation\\\/haarausfall-am-hinterkopf-ist-ein-weit-verbreitetes-problem\\\/#breadcrumb\",\"itemListElement\":[{\"@type\":\"ListItem\",\"position\":1,\"name\":\"Home\",\"item\":\"https:\\\/\\\/elithair.com\\\/de\\\/\"},{\"@type\":\"ListItem\",\"position\":2,\"name\":\"Haarausfall Hinterkopf\"}]},{\"@type\":\"WebSite\",\"@id\":\"https:\\\/\\\/elithair.com\\\/de\\\/#website\",\"url\":\"https:\\\/\\\/elithair.com\\\/de\\\/\",\"name\":\"Elithair\",\"description\":\"Haartransplantation T\u00fcrkei, Istanbul bei Europas #1\",\"publisher\":{\"@id\":\"https:\\\/\\\/elithair.com\\\/de\\\/#organization\"},\"alternateName\":\"Haartransplantation T\u00fcrkei, Istanbul bei Europas #1\",\"potentialAction\":[{\"@type\":\"SearchAction\",\"target\":{\"@type\":\"EntryPoint\",\"urlTemplate\":\"https:\\\/\\\/elithair.com\\\/de\\\/?s={search_term_string}\"},\"query-input\":{\"@type\":\"PropertyValueSpecification\",\"valueRequired\":true,\"valueName\":\"search_term_string\"}}],\"inLanguage\":\"de\"},{\"@type\":\"Organization\",\"@id\":\"https:\\\/\\\/elithair.com\\\/de\\\/#organization\",\"name\":\"Elithair\",\"url\":\"https:\\\/\\\/elithair.com\\\/de\\\/\",\"logo\":{\"@type\":\"ImageObject\",\"inLanguage\":\"de\",\"@id\":\"https:\\\/\\\/elithair.com\\\/de\\\/#\\\/schema\\\/logo\\\/image\\\/\",\"url\":\"https:\\\/\\\/elithair.com\\\/de\\\/wp-content\\\/uploads\\\/sites\\\/2\\\/2026\\\/04\\\/elithair-logo-primary.svg\",\"contentUrl\":\"https:\\\/\\\/elithair.com\\\/de\\\/wp-content\\\/uploads\\\/sites\\\/2\\\/2026\\\/04\\\/elithair-logo-primary.svg\",\"width\":1,\"height\":1,\"caption\":\"Elithair\"},\"image\":{\"@id\":\"https:\\\/\\\/elithair.com\\\/de\\\/#\\\/schema\\\/logo\\\/image\\\/\"},\"sameAs\":[\"https:\\\/\\\/www.facebook.com\\\/elithair.de\\\/\",\"https:\\\/\\\/www.instagram.com\\\/elithair.de\\\/\",\"https:\\\/\\\/www.tiktok.com\\\/discover\\\/elithair?lang=de-DE\",\"https:\\\/\\\/www.youtube.com\\\/@Elithair\"]},{\"@type\":\"Person\",\"@id\":\"https:\\\/\\\/elithair.com\\\/de\\\/#\\\/schema\\\/person\\\/11ce37e83a6343e4c37edcd4b5498e41\",\"name\":\"Dr. Imad Moustafa\",\"image\":{\"@type\":\"ImageObject\",\"inLanguage\":\"de\",\"@id\":\"https:\\\/\\\/secure.gravatar.com\\\/avatar\\\/9190499f6f3008cd7da57b179f07bfea4b4e382c816ba3e0de68db0b5a70c07d?s=96&d=mm&r=g\",\"url\":\"https:\\\/\\\/secure.gravatar.com\\\/avatar\\\/9190499f6f3008cd7da57b179f07bfea4b4e382c816ba3e0de68db0b5a70c07d?s=96&d=mm&r=g\",\"contentUrl\":\"https:\\\/\\\/secure.gravatar.com\\\/avatar\\\/9190499f6f3008cd7da57b179f07bfea4b4e382c816ba3e0de68db0b5a70c07d?s=96&d=mm&r=g\",\"caption\":\"Dr. Imad Moustafa\"}}]}<\/script>\n<!-- \/ Yoast SEO Premium plugin. -->","yoast_head_json":{"title":"Haarausfall am Hinterkopf: Wirbel, Tonsur oder Nacken? So erkennen Sie die Ursache","description":"Haarausfall am Hinterkopf: Am Wirbel steckt meist erblicher Haarausfall dahinter, im Nacken andere Ursachen. Selbstcheck, Norwood-Stadien und was hilft.","robots":{"index":"index","follow":"follow","max-snippet":"max-snippet:-1","max-image-preview":"max-image-preview:large","max-video-preview":"max-video-preview:-1"},"canonical":"https:\/\/elithair.com\/de\/blog-haartransplantation\/haarausfall-am-hinterkopf-ist-ein-weit-verbreitetes-problem\/","og_locale":"de_DE","og_type":"article","og_title":"Haarausfall am Hinterkopf: Wirbel, Tonsur oder andere Ursache?","og_description":"Haarausfall am Hinterkopf: Am Wirbel steckt meist erblicher Haarausfall dahinter, im Nacken andere Ursachen. Selbstcheck, Norwood-Stadien und was hilft.","og_url":"https:\/\/elithair.com\/de\/blog-haartransplantation\/haarausfall-am-hinterkopf-ist-ein-weit-verbreitetes-problem\/","og_site_name":"Elithair","article_publisher":"https:\/\/www.facebook.com\/elithair.de\/","article_published_time":"2019-07-09T21:04:59+00:00","article_modified_time":"2026-08-31T12:51:24+00:00","og_image":[{"width":660,"height":380,"url":"https:\/\/elithair.com\/de\/wp-content\/uploads\/sites\/2\/2019\/07\/patient-mit-haarausfall-am-hinterkopf-elithair-pre-test.webp","type":"image\/webp"}],"author":"Dr. Imad Moustafa","twitter_card":"summary_large_image","twitter_misc":{"Verfasst von":"Dr. Imad Moustafa","Gesch\u00e4tzte Lesezeit":"9\u00a0Minuten"},"schema":{"@context":"https:\/\/schema.org","@graph":[{"@type":"Article","@id":"https:\/\/elithair.com\/de\/blog-haartransplantation\/haarausfall-am-hinterkopf-ist-ein-weit-verbreitetes-problem\/#article","isPartOf":{"@id":"https:\/\/elithair.com\/de\/blog-haartransplantation\/haarausfall-am-hinterkopf-ist-ein-weit-verbreitetes-problem\/"},"author":{"name":"Dr. Imad Moustafa","@id":"https:\/\/elithair.com\/de\/#\/schema\/person\/11ce37e83a6343e4c37edcd4b5498e41"},"headline":"Haarausfall am Hinterkopf: Wirbel, Tonsur oder andere Ursache?","datePublished":"2019-07-09T21:04:59+00:00","dateModified":"2026-08-31T12:51:24+00:00","mainEntityOfPage":{"@id":"https:\/\/elithair.com\/de\/blog-haartransplantation\/haarausfall-am-hinterkopf-ist-ein-weit-verbreitetes-problem\/"},"wordCount":7101,"publisher":{"@id":"https:\/\/elithair.com\/de\/#organization"},"image":{"@id":"https:\/\/elithair.com\/de\/blog-haartransplantation\/haarausfall-am-hinterkopf-ist-ein-weit-verbreitetes-problem\/#primaryimage"},"thumbnailUrl":"https:\/\/elithair.com\/de\/wp-content\/uploads\/sites\/2\/2019\/07\/patient-mit-haarausfall-am-hinterkopf-elithair-pre-test.webp","articleSection":["Haarausfall"],"inLanguage":"de"},{"@type":"WebPage","@id":"https:\/\/elithair.com\/de\/blog-haartransplantation\/haarausfall-am-hinterkopf-ist-ein-weit-verbreitetes-problem\/","url":"https:\/\/elithair.com\/de\/blog-haartransplantation\/haarausfall-am-hinterkopf-ist-ein-weit-verbreitetes-problem\/","name":"Haarausfall am Hinterkopf: Wirbel, Tonsur oder Nacken? So erkennen Sie die Ursache","isPartOf":{"@id":"https:\/\/elithair.com\/de\/#website"},"primaryImageOfPage":{"@id":"https:\/\/elithair.com\/de\/blog-haartransplantation\/haarausfall-am-hinterkopf-ist-ein-weit-verbreitetes-problem\/#primaryimage"},"image":{"@id":"https:\/\/elithair.com\/de\/blog-haartransplantation\/haarausfall-am-hinterkopf-ist-ein-weit-verbreitetes-problem\/#primaryimage"},"thumbnailUrl":"https:\/\/elithair.com\/de\/wp-content\/uploads\/sites\/2\/2019\/07\/patient-mit-haarausfall-am-hinterkopf-elithair-pre-test.webp","datePublished":"2019-07-09T21:04:59+00:00","dateModified":"2026-08-31T12:51:24+00:00","description":"Haarausfall am Hinterkopf: Am Wirbel steckt meist erblicher Haarausfall dahinter, im Nacken andere Ursachen. Selbstcheck, Norwood-Stadien und was hilft.","breadcrumb":{"@id":"https:\/\/elithair.com\/de\/blog-haartransplantation\/haarausfall-am-hinterkopf-ist-ein-weit-verbreitetes-problem\/#breadcrumb"},"inLanguage":"de","potentialAction":[{"@type":"ReadAction","target":["https:\/\/elithair.com\/de\/blog-haartransplantation\/haarausfall-am-hinterkopf-ist-ein-weit-verbreitetes-problem\/"]}]},{"@type":"ImageObject","inLanguage":"de","@id":"https:\/\/elithair.com\/de\/blog-haartransplantation\/haarausfall-am-hinterkopf-ist-ein-weit-verbreitetes-problem\/#primaryimage","url":"https:\/\/elithair.com\/de\/wp-content\/uploads\/sites\/2\/2019\/07\/patient-mit-haarausfall-am-hinterkopf-elithair-pre-test.webp","contentUrl":"https:\/\/elithair.com\/de\/wp-content\/uploads\/sites\/2\/2019\/07\/patient-mit-haarausfall-am-hinterkopf-elithair-pre-test.webp","width":660,"height":380,"caption":"Patient unterzieht sich bei Elithair einer Pre-test Untersuchung zur Diagnose seines Haarausfalls am Hinterkopf."},{"@type":"BreadcrumbList","@id":"https:\/\/elithair.com\/de\/blog-haartransplantation\/haarausfall-am-hinterkopf-ist-ein-weit-verbreitetes-problem\/#breadcrumb","itemListElement":[{"@type":"ListItem","position":1,"name":"Home","item":"https:\/\/elithair.com\/de\/"},{"@type":"ListItem","position":2,"name":"Haarausfall Hinterkopf"}]},{"@type":"WebSite","@id":"https:\/\/elithair.com\/de\/#website","url":"https:\/\/elithair.com\/de\/","name":"Elithair","description":"Haartransplantation T\u00fcrkei, Istanbul bei Europas #1","publisher":{"@id":"https:\/\/elithair.com\/de\/#organization"},"alternateName":"Haartransplantation T\u00fcrkei, Istanbul bei Europas #1","potentialAction":[{"@type":"SearchAction","target":{"@type":"EntryPoint","urlTemplate":"https:\/\/elithair.com\/de\/?s={search_term_string}"},"query-input":{"@type":"PropertyValueSpecification","valueRequired":true,"valueName":"search_term_string"}}],"inLanguage":"de"},{"@type":"Organization","@id":"https:\/\/elithair.com\/de\/#organization","name":"Elithair","url":"https:\/\/elithair.com\/de\/","logo":{"@type":"ImageObject","inLanguage":"de","@id":"https:\/\/elithair.com\/de\/#\/schema\/logo\/image\/","url":"https:\/\/elithair.com\/de\/wp-content\/uploads\/sites\/2\/2026\/04\/elithair-logo-primary.svg","contentUrl":"https:\/\/elithair.com\/de\/wp-content\/uploads\/sites\/2\/2026\/04\/elithair-logo-primary.svg","width":1,"height":1,"caption":"Elithair"},"image":{"@id":"https:\/\/elithair.com\/de\/#\/schema\/logo\/image\/"},"sameAs":["https:\/\/www.facebook.com\/elithair.de\/","https:\/\/www.instagram.com\/elithair.de\/","https:\/\/www.tiktok.com\/discover\/elithair?lang=de-DE","https:\/\/www.youtube.com\/@Elithair"]},{"@type":"Person","@id":"https:\/\/elithair.com\/de\/#\/schema\/person\/11ce37e83a6343e4c37edcd4b5498e41","name":"Dr. Imad Moustafa","image":{"@type":"ImageObject","inLanguage":"de","@id":"https:\/\/secure.gravatar.com\/avatar\/9190499f6f3008cd7da57b179f07bfea4b4e382c816ba3e0de68db0b5a70c07d?s=96&d=mm&r=g","url":"https:\/\/secure.gravatar.com\/avatar\/9190499f6f3008cd7da57b179f07bfea4b4e382c816ba3e0de68db0b5a70c07d?s=96&d=mm&r=g","contentUrl":"https:\/\/secure.gravatar.com\/avatar\/9190499f6f3008cd7da57b179f07bfea4b4e382c816ba3e0de68db0b5a70c07d?s=96&d=mm&r=g","caption":"Dr. Imad Moustafa"}}]}},"_links":{"self":[{"href":"https:\/\/elithair.com\/de\/wp-json\/wp\/v2\/posts\/50068","targetHints":{"allow":["GET"]}}],"collection":[{"href":"https:\/\/elithair.com\/de\/wp-json\/wp\/v2\/posts"}],"about":[{"href":"https:\/\/elithair.com\/de\/wp-json\/wp\/v2\/types\/post"}],"author":[{"embeddable":true,"href":"https:\/\/elithair.com\/de\/wp-json\/wp\/v2\/users\/10"}],"replies":[{"embeddable":true,"href":"https:\/\/elithair.com\/de\/wp-json\/wp\/v2\/comments?post=50068"}],"version-history":[{"count":2,"href":"https:\/\/elithair.com\/de\/wp-json\/wp\/v2\/posts\/50068\/revisions"}],"predecessor-version":[{"id":104137,"href":"https:\/\/elithair.com\/de\/wp-json\/wp\/v2\/posts\/50068\/revisions\/104137"}],"wp:featuredmedia":[{"embeddable":true,"href":"https:\/\/elithair.com\/de\/wp-json\/wp\/v2\/media\/95872"}],"wp:attachment":[{"href":"https:\/\/elithair.com\/de\/wp-json\/wp\/v2\/media?parent=50068"}],"wp:term":[{"taxonomy":"category","embeddable":true,"href":"https:\/\/elithair.com\/de\/wp-json\/wp\/v2\/categories?post=50068"},{"taxonomy":"post_tag","embeddable":true,"href":"https:\/\/elithair.com\/de\/wp-json\/wp\/v2\/tags?post=50068"}],"curies":[{"name":"wp","href":"https:\/\/api.w.org\/{rel}","templated":true}]}}